{"administration":"pref83","administration_name":"Pr\u00e9fecture du Var","content":"VAR\nRECUEIL DES ACTES\nADMINISTRATIFS\nN\u00b083-2025-061\nPUBLI\u00c9 LE 26 F\u00c9VRIER 2025\nSommaire\nDirection d\u00e9partementale des finances publiques du Var / Direction de la\nDDFIP\n83-2025-02-26-00003 - ARR\u00caT\u00c9 du 26/02/2025\n (1 page) Page 3\n83-2025-02-26-00004 - ARR\u00caT\u00c9 du 26/02/2025 (1 page) Page 5\nDirection d\u00e9partementale des territoires et de la mer du Var / Service\nplanifications et prospective de la DDTM\n83-2025-02-11-00005 - 25-001-Ordre du jour (1 page) Page 7\nPr\u00e9fecture du VAR / Direction des s\u00e9curit\u00e9s\n83-2025-02-25-00004 - APA Agr\u00e9ment sign\u00e9 (2 pages) Page 9\n83-2025-02-25-00005 - APC Agr\u00e9ment sign\u00e9 (2 pages) Page 12\n83-2025-02-21-00004 - APM Agr\u00e9ment Modif 2 (2 pages) Page 15\n83-2025-02-26-00005 - Arr\u00eat\u00e9 n\u00b0 2025-BSP-OP-17\nautorisant la\ncaptation, l'enregistrement et la transmission \nd'images au moyen\nde cam\u00e9ras install\u00e9es sur des a\u00e9ronefs (4 pages) Page 18\n83-2025-02-26-00001 - DIRECTION DES ACTIONS (2 pages) Page 23\n83-2025-02-26-00002 - DIRECTION DES ACTIONS (2 pages) Page 26\n83-2025-02-23-00001 - Microsoft Word - 2025-02-23-HRS\nInitiaux-08h-rsultats.docx (2 pages) Page 29\n83-2025-02-23-00002 - Microsoft Word - 2025-02-23-HRS\nRecyclages-08h-rsultats.docx (2 pages) Page 32\n2\nDirection d\u00e9partementale des finances\npubliques du Var\n83-2025-02-26-00003\nARR\u00caT\u00c9 du 26/02/2025\nDirection d\u00e9partementale des finances publiques du Var - 83-2025-02-26-00003 - ARR\u00caT\u00c9 du 26/02/2025\n 3\n=Libert\u00e9 \u00bb \u00c9galit\u00e9 \u00bb Fraternit\u00e9R\u00c9PUBLIQUE FRAN\u00c7AISE\nPR\u00c9FECTURE DU VAR\nARR\u00caT\u00c9\nportant ouverture des travaux\npour le remaniement du cadastre de la commune de N\u00c9OULES\nLe Pr\u00e9fet du Var,\nVu  la  loi  du  6  juillet  1943  relative  \u00e0  l'ex\u00e9cution  des  travaux  g\u00e9od\u00e9siques  et  cadastraux  et  \u00e0  la\nconservation des signaux, bornes et rep\u00e8res ;\nVu le d\u00e9cret n\u00b0 55-471 du 30 avril 1955 relatif \u00e0 la r\u00e9novation et \u00e0 la conservation du Cadastre ;\nVu la loi n\u00b0 74-645 du 18 juillet 1974 relative \u00e0 la mise \u00e0 jour p\u00e9riodique de valeurs locatives servant\nde base aux impositions directes locales ;\nSur la proposition du Directeur d\u00e9partemental des Finances Publiques,\nARR\u00caTE\nArticle 1er : - Les op\u00e9rations de remaniement du cadastre seront entreprises dans la commune de : \nN\u00c9OULES, \u00e0 partir du 26 F\u00c9VRIER 2025\nL'ex\u00e9cution, le contr\u00f4le et la direction de ces op\u00e9rations seront assur\u00e9s par le Service d\u00e9partemental des\nImp\u00f4ts Fonciers du Var.\nArticle 2  : Les agents charg\u00e9s des travaux, d\u00fbment accr\u00e9dit\u00e9s, et leurs auxiliaires, sont autoris\u00e9s \u00e0\np\u00e9n\u00e9trer dans les propri\u00e9t\u00e9s publiques et priv\u00e9es situ\u00e9es sur le territoire de la commune et, en tant que de\nbesoin, sur celui des communes limitrophes.\nArticle 3 : Les dispositions de l'article 322-2 du Code p\u00e9nal sont applicables dans le cas de destruction,\nde d\u00e9t\u00e9rioration ou de d\u00e9placement des signaux, bornes ou rep\u00e8res.\nEn outre, les contrevenants s'exposent au remboursement de la d\u00e9pense cons\u00e9cutive \u00e0 la reconstitution\ndes \u00e9l\u00e9ments devenus inutilisables par leur fait.\nArticle 4 : Le pr\u00e9sent arr\u00eat\u00e9 sera affich\u00e9 \u00e0 la porte de la mairie des communes int\u00e9ress\u00e9es et publi\u00e9 dans\nla forme ordinaire. Les agents charg\u00e9s des travaux devront \u00eatre porteurs d'une ampliation dudit arr\u00eat\u00e9 et\nla pr\u00e9senter \u00e0 toute r\u00e9quisition.\nArticle 5 : Le texte du pr\u00e9sent arr\u00eat\u00e9 sera ins\u00e9r\u00e9 au Recueil des actes administratifs de la pr\u00e9fecture du \nVar.\nFait \u00e0 Toulon, le  26/02/2025\nSIGNE : Pour le Pr\u00e9fet\net par d\u00e9l\u00e9gation\nLe Secr\u00e9taire G\u00e9n\u00e9ral\n sign\u00e9 : Lucien Giudicelli\nDirection d\u00e9partementale des finances publiques du Var - 83-2025-02-26-00003 - ARR\u00caT\u00c9 du 26/02/2025\n 4\nDirection d\u00e9partementale des finances\npubliques du Var\n83-2025-02-26-00004\nARR\u00caT\u00c9 du 26/02/2025\nDirection d\u00e9partementale des finances publiques du Var - 83-2025-02-26-00004 - ARR\u00caT\u00c9 du 26/02/2025 5\n=Libert\u00e9 \u00bb \u00c9galit\u00e9 \u00bb Fraternit\u00e9R\u00c9PUBLIQUE FRAN\u00c7AISE\nPR\u00c9FECTURE DU VAR\nARR\u00caT\u00c9\nportant ouverture des travaux\npour le remaniement du cadastre de la commune de FORCALQUEIRET\nLe Pr\u00e9fet du Var,\nVu  la  loi  du  6  juillet  1943  relative  \u00e0  l'ex\u00e9cution  des  travaux  g\u00e9od\u00e9siques  et  cadastraux  et  \u00e0  la\nconservation des signaux, bornes et rep\u00e8res ;\nVu le d\u00e9cret n\u00b0 55-471 du 30 avril 1955 relatif \u00e0 la r\u00e9novation et \u00e0 la conservation du Cadastre ;\nVu la loi n\u00b0 74-645 du 18 juillet 1974 relative \u00e0 la mise \u00e0 jour p\u00e9riodique de valeurs locatives servant\nde base aux impositions directes locales ;\nSur la proposition du Directeur d\u00e9partemental des Finances Publiques,\nARR\u00caTE\nArticle 1er : - Les op\u00e9rations de remaniement du cadastre seront entreprises dans la commune de : \nFORCALQUEIRET, \u00e0 partir du 26 F\u00c9VRIER 2025\nL'ex\u00e9cution, le contr\u00f4le et la direction de ces op\u00e9rations seront assur\u00e9s par le Service d\u00e9partemental des\nImp\u00f4ts Fonciers du Var.\nArticle 2  : Les agents charg\u00e9s des travaux, d\u00fbment accr\u00e9dit\u00e9s, et leurs auxiliaires, sont autoris\u00e9s \u00e0\np\u00e9n\u00e9trer dans les propri\u00e9t\u00e9s publiques et priv\u00e9es situ\u00e9es sur le territoire de la commune et, en tant que de\nbesoin, sur celui des communes limitrophes.\nArticle 3 : Les dispositions de l'article 322-2 du Code p\u00e9nal sont applicables dans le cas de destruction,\nde d\u00e9t\u00e9rioration ou de d\u00e9placement des signaux, bornes ou rep\u00e8res.\nEn outre, les contrevenants s'exposent au remboursement de la d\u00e9pense cons\u00e9cutive \u00e0 la reconstitution\ndes \u00e9l\u00e9ments devenus inutilisables par leur fait.\nArticle 4 : Le pr\u00e9sent arr\u00eat\u00e9 sera affich\u00e9 \u00e0 la porte de la mairie des communes int\u00e9ress\u00e9es et publi\u00e9 dans\nla forme ordinaire. Les agents charg\u00e9s des travaux devront \u00eatre porteurs d'une ampliation dudit arr\u00eat\u00e9 et\nla pr\u00e9senter \u00e0 toute r\u00e9quisition.\nArticle 5 : Le texte du pr\u00e9sent arr\u00eat\u00e9 sera ins\u00e9r\u00e9 au Recueil des actes administratifs de la pr\u00e9fecture du \nVar.\nFait \u00e0 Toulon, le  26/02/2025\nSIGNE : Pour le Pr\u00e9fet\net par d\u00e9l\u00e9gation\nLe Secr\u00e9taire G\u00e9n\u00e9ral\nsign\u00e9 : Lucien Giudicelli\nDirection d\u00e9partementale des finances publiques du Var - 83-2025-02-26-00004 - ARR\u00caT\u00c9 du 26/02/2025 6\nDirection d\u00e9partementale des territoires et de la\nmer du Var\n83-2025-02-11-00005\n25-001-Ordre du jour\nDirection d\u00e9partementale des territoires et de la mer du Var - 83-2025-02-11-00005 - 25-001-Ordre du jour 7\nDDTM du Var\nSecr\u00e9tariat de la CDAC\nCommission du 27 f\u00e9vrier 2025\nPr\u00e9fecture du Var \nsalle Jean Moulin, 5  niveau, aile B\u1d49\nquartier des Lices \u2013 Toulon\n\u00e0\n14h30\nORDRE DU JOUR\nDossier n\u00b0 25-001\nProjet de drive de 5 pistes\nCommune : Sollies-Pont\nDemandeur : SAS Les Oliviers\nToulon, le  11 f\u00e9vrier 2025\nPour le pr\u00e9fet et par d\u00e9l\u00e9gation\nLe directeur d\u00e9partemental des territoires et de la mer\nSign\u00e9\nLaurent BOULET\nDirection d\u00e9partementale des territoires et de la mer du Var - 83-2025-02-11-00005 - 25-001-Ordre du jour 8\nPr\u00e9fecture du VAR\n83-2025-02-25-00004\nAPA Agr\u00e9ment sign\u00e9\nPr\u00e9fecture du VAR - 83-2025-02-25-00004 - APA Agr\u00e9ment sign\u00e9 9\n=mPREFETDU VARLibert\u00e9Egalit\u00e9Fraternit\u00e9\nDirection des s\u00e9curit\u00e9s\nService de l'\u00e9ducation et\n de la s\u00e9curit\u00e9 routi\u00e8res\nP\u00f4le \u00e9ducation routi\u00e8re\nARR\u00caT\u00c9 PR\u00c9FECTORAL n\u00b0 2025- 2 - 5\nportant abrogation d'agr\u00e9ment d'un \u00e9tablissement d'enseignement \nde la conduite des v\u00e9hicules \u00e0 moteur et de la s\u00e9curit\u00e9 routi\u00e8re\nLe pr\u00e9fet du Var,\nOfficier de la L\u00e9gion d'honneur\nVu le Code de la Route et notamment ses articles L 213-1 \u00e0 L 213-8 et R 213-1 \u00e0 R 213-6 ;\nVu l'arr\u00eat\u00e9 du 8 janvier 2001 relatif \u00e0 l'exploitation des \u00e9tablissements d'enseignement, \u00e0  \ntitre on\u00e9reux, de la conduite des v\u00e9hicules \u00e0 moteur et de la s\u00e9curit\u00e9 routi\u00e8re ;\nVu l'arr\u00eat\u00e9 du 8 janvier 2001 cr\u00e9ant un registre national de l'enseignement de la conduite  \ndes v\u00e9hicules \u00e0 moteur et de la s\u00e9curit\u00e9 routi\u00e8re ;\nVu l'arr\u00eat\u00e9 pr\u00e9fectoral n\u00b0 2024/41/MCI du 29 octobre 2024 portant d\u00e9l\u00e9gation de signature \n\u00e0 Madame Jos\u00e9phine GUIGLIANO-BOUTONNET, directrice de cabinet du pr\u00e9fet du Var ;\nVu l'arr\u00eat\u00e9 pr\u00e9fectoral du 12 juin 2024 autorisant Monsieur Olivier CAVALLO, \u00e0 exploiter, \u00e0  \ntitre on\u00e9reux, l'\u00e9tablissement d'enseignement de la conduite des v\u00e9hicules \u00e0 moteur et de  \nla s\u00e9curit\u00e9 routi\u00e8re, identifi\u00e9 sous le num\u00e9ro E 24 083 0009 0 d\u00e9nomm\u00e9 \u00abM'CONDUITE\u00bb  \nsitu\u00e9 68 Avenue Jean Jaur\u00e8s  83460 LES ARCS ;\nConsid\u00e9rant  le  courriel  du  7  janvier  2025  de  Madame  Manon  WERNER,  Pr\u00e9sidente  de \nl'\u00e9tablissement  \u00ab M'CONDUITE \u00bb,  indiquant  le  changement  d'adresse  du  local  de  son  \n\u00e9tablissement au 2 rue Albert 1er   83550 VIDAUBAN ;\nSur proposition de Madame la directrice de cabinet du pr\u00e9fet du Var ;\nARR  \u00ca  TE  \nARTICLE 1     :\nL'arr\u00eat\u00e9 pr\u00e9fectoral du 12 juin 2024 autorisant Monsieur Olivier CAVALLO, \u00e0 exploiter, \u00e0 titre \non\u00e9reux, l'\u00e9tablissement d'enseignement de la conduite des v\u00e9hicules \u00e0 moteur et de la  \ns\u00e9curit\u00e9 routi\u00e8re, identifi\u00e9 sous le num\u00e9ro E 24 083 0009 0 d\u00e9nomm\u00e9 \u00abM'CONDUITE\u00bb situ\u00e9  \n68 Avenue Jean Jaur\u00e8s  83460 LES ARCS est abrog\u00e9 \u00e0 compter de la publication du pr\u00e9sent  \narr\u00eat\u00e9 au recueil des actes administratifs de la Pr\u00e9fecture du Var. \n.../...\n1/2\nPr\u00e9fecture du VAR - 83-2025-02-25-00004 - APA Agr\u00e9ment sign\u00e9 10\n.../...\nARTICLE 2 :\nMadame la directrice de cabinet du pr\u00e9fet du Var est charg\u00e9e de l'ex\u00e9cution du pr\u00e9sent  \narr\u00eat\u00e9 qui sera publi\u00e9 au recueil des actes administratifs de la Pr\u00e9fecture du Var. Cet arr\u00eat\u00e9 \npeut \u00eatre contest\u00e9 devant le tribunal administratif comp\u00e9tent dans un d\u00e9lai de deux mois  \n\u00e0 compter de sa publication.\nFait \u00e0 Toulon, le 25 F\u00e9vrier 2025\nPour le pr\u00e9fet et par d\u00e9l\u00e9gation,\nLa Directrice de Cabinet\nSign\u00e9\nJos\u00e9phine GUIGLIANO-BOUTONNET\nConform\u00e9ment aux dispositions de l'article R. 421-1 et suivants du code de justice administrative, le pr\u00e9sent arr\u00eat\u00e9 peut faire l'objet dans un d\u00e9lai de deux mois \u00e0  \ncompter de sa parution :\n\u2013  d'un recours administratif (recours gracieux aupr\u00e8s du pr\u00e9fet du Var ou recours hi\u00e9rarchique aupr\u00e8s du ministre de l'int\u00e9rieur)\n\u2013 d'un recours contentieux devant le tribunal administratif de Toulon. Le tribunal administratif peut \u00eatre saisi par l'application informatique \u00ab  T\u00e9l\u00e9recours citoyens \u00bb \naccessible par le site Internet www.telerecours.fr\n2/2\nPr\u00e9fecture du VAR - 83-2025-02-25-00004 - APA Agr\u00e9ment sign\u00e9 11\nPr\u00e9fecture du VAR\n83-2025-02-25-00005\nAPC Agr\u00e9ment sign\u00e9\nPr\u00e9fecture du VAR - 83-2025-02-25-00005 - APC Agr\u00e9ment sign\u00e9 12\n=mPREFETDU VARLibert\u00e9Egalit\u00e9Fraternit\u00e9\nDirection des s\u00e9curit\u00e9s\nService de l'\u00e9ducation et\n de la s\u00e9curit\u00e9 routi\u00e8res\nP\u00f4le \u00e9ducation routi\u00e8re\nARR\u00caT\u00c9 PR\u00c9FECTORAL n\u00b0 2025- 2 -6\nportant cr\u00e9ation d'agr\u00e9ment d'un \u00e9tablissement d'enseignement de la conduite\ndes v\u00e9hicules \u00e0 moteur et de la s\u00e9curit\u00e9 routi\u00e8re\nLe pr\u00e9fet du Var,\nOfficier de la L\u00e9gion d'honneur\nVu le Code de la Route et notamment ses articles L 213-1 \u00e0 L 213-8 et R 213-1 \u00e0 R 213-6 ;\nVu l'arr\u00eat\u00e9 du 8 janvier 2001 relatif \u00e0 l'exploitation des \u00e9tablissements d'enseignement, \u00e0  \ntitre on\u00e9reux, de la conduite des v\u00e9hicules \u00e0 moteur et de la s\u00e9curit\u00e9 routi\u00e8re ;\nVu l'arr\u00eat\u00e9 du 8 janvier 2001 cr\u00e9ant un registre national de l'enseignement de la conduite  \ndes v\u00e9hicules \u00e0 moteur et de la s\u00e9curit\u00e9 routi\u00e8re ;\nVu l'arr\u00eat\u00e9 pr\u00e9fectoral n\u00b0 2024/41/MCI du 29 octobre 2024 portant d\u00e9l\u00e9gation de signature \n\u00e0 Madame Jos\u00e9phine GUIGLIANO-BOUTONNET, directrice de cabinet du pr\u00e9fet du Var ;\nConsid\u00e9rant la demande r\u00e9ceptionn\u00e9e le 9 janvier 2025 de Monsieur Olivier CAVALLO par  \nlaquelle  il  sollicite  la  d\u00e9livrance  d'un  agr\u00e9ment  en  vue  d'exploiter,  \u00e0  titre  on\u00e9reux,  un \n\u00e9tablissement d'enseignement, de la conduite des v\u00e9hicules \u00e0 moteur et de la s\u00e9curit\u00e9  \nrouti\u00e8re d\u00e9nomm\u00e9 \u00ab M'CONDUITE \u00bb situ\u00e9 2 rue Albert 1er 83550 VIDAUBAN ;\nConsid\u00e9rant que le dossier remplit toutes les conditions r\u00e9glementaires ;\nSur proposition de Madame la directrice de cabinet du pr\u00e9fet du Var ;\nARR  \u00ca  TE  \nARTICLE 1er     :\nMonsieur  Olivier  CAVALLO  est  autoris\u00e9  \u00e0  exploiter,  \u00e0  titre  on\u00e9reux,  l'\u00e9tablissement  \nd'enseignement de la conduite des v\u00e9hicules \u00e0 moteur et de la s\u00e9curit\u00e9 routi\u00e8re, d\u00e9nomm\u00e9 \n\u00ab M'CONDUITE \u00bb  situ\u00e9  2 rue Albert 1 er 83550  VIDAUBAN  sous  le num\u00e9ro  d'agr\u00e9ment  \nE 25 083 0003 0.\n\u2026/...\n1/2\nPr\u00e9fecture du VAR - 83-2025-02-25-00005 - APC Agr\u00e9ment sign\u00e9 13\n.../\u2026\nARTICLE 2 :\nCet agr\u00e9ment est d\u00e9livr\u00e9 pour une dur\u00e9e de cinq ans \u00e0 compter de la date du pr\u00e9sent arr\u00eat\u00e9.  \nSur demande de l'exploitant pr\u00e9sent\u00e9e au moins deux mois avant la date d'expiration de la  \nvalidit\u00e9  de  son  agr\u00e9ment,  celui-ci  sera  renouvel\u00e9  si  l'\u00e9tablissement  remplit  les  conditions  \nrequises.\nARTICLE 3 :\nL'\u00e9tablissement est habilit\u00e9, au vu des moyens p\u00e9dagogiques justifi\u00e9s \u00e0 dispenser les formations \npour les cat\u00e9gories de permis de conduire suivantes  :\n- B/B1/AAC.\n- AM Quadricycle ; AM Cyclo.\n- A1/A2/A\nARTICLE 4 :\nLe pr\u00e9sent agr\u00e9ment n'est valable que pour l'exploitation d'un \u00e9tablissement, \u00e0 titre personnel  \npar son titulaire, sous r\u00e9serve de l'application des dispositions de l'arr\u00eat\u00e9 du 8 janvier 2001  \nsusvis\u00e9.\nARTICLE 5 :\nPour tout changement d'adresse du local d'activit\u00e9 ou toute reprise de ce local par un autre  \nexploitant, une nouvelle demande d'agr\u00e9ment d'exploitation devra \u00eatre pr\u00e9sent\u00e9e au moins  \ndeux mois avant la date du changement ou de la reprise.\nARTICLE 6 :\nPour  toute  transformation  du  local  d'activit\u00e9,  tout  abandon  ou  toute  extension  d'une  \nformation, l'exploitant(e) est tenu d'adresser une demande de modification du pr\u00e9sent arr\u00eat\u00e9.\nARTICLE 7     :\nL'agr\u00e9ment peut \u00eatre \u00e0 tout moment suspendu ou retir\u00e9 selon les conditions fix\u00e9es par les  \narticles 12 \u00e0 14 de l'arr\u00eat\u00e9 du 8 janvier 2001 susvis\u00e9.\nARTICLE 8 :\nMadame la directrice de cabinet du pr\u00e9fet du Var est charg\u00e9e de l'ex\u00e9cution du pr\u00e9sent arr\u00eat\u00e9  \nqui sera publi\u00e9 au recueil des actes administratifs de la Pr\u00e9fecture du Var.\nFait \u00e0 Toulon, le 25 F\u00e9vrier 2025\nPour le pr\u00e9fet et par d\u00e9l\u00e9gation,\nPour le d\u00e9l\u00e9gu\u00e9 \u00e0 l'\u00e9ducation routi\u00e8re\net par d\u00e9l\u00e9gation\nl'adjoint au d\u00e9l\u00e9gu\u00e9\nSign\u00e9\nRoland ESQUIVA\nConform\u00e9ment aux dispositions de l'article R. 421-1 et suivants du code de justice administrative, le pr\u00e9sent arr\u00eat\u00e9 peut faire l'objet dans un d\u00e9lai de deux mois \u00e0  \ncompter de sa parution :\n\u2013  d'un recours administratif (recours gracieux aupr\u00e8s du pr\u00e9fet du Var ou recours hi\u00e9rarchique aupr\u00e8s du ministre de l'int\u00e9rieur)\n\u2013 d'un recours contentieux devant le tribunal administratif de Toulon. Le tribunal administratif peut \u00eatre saisi par l'application informatique \u00ab  T\u00e9l\u00e9recours citoyens \u00bb \naccessible par le site Internet www.telerecours.fr\n2/2\nPr\u00e9fecture du VAR - 83-2025-02-25-00005 - APC Agr\u00e9ment sign\u00e9 14\nPr\u00e9fecture du VAR\n83-2025-02-21-00004\nAPM Agr\u00e9ment Modif 2\nPr\u00e9fecture du VAR - 83-2025-02-21-00004 - APM Agr\u00e9ment Modif 2 15\n=mPREFETDU VARLibert\u00e9Egalit\u00e9Fraternit\u00e9\nDirection des s\u00e9curit\u00e9s\nService de l'\u00e9ducation et\n de la s\u00e9curit\u00e9 routi\u00e8res\nP\u00f4le \u00e9ducation routi\u00e8re\nARR\u00caT\u00c9 PR\u00c9FECTORAL n\u00b0 2025- 2 -14\nportant modification de l'arr\u00eat\u00e9 pr\u00e9fectoral n\u00b0 2025-1-4 portant cr\u00e9ation\nd'agr\u00e9ment d'un \u00e9tablissement d'enseignement de la conduite\ndes v\u00e9hicules \u00e0 moteur et de la s\u00e9curit\u00e9 routi\u00e8re\nLe pr\u00e9fet du Var,\nOfficier de la L\u00e9gion d'honneur\nVu le Code de la Route et notamment ses articles L 213-1 \u00e0 L 213-8 et R 213-1 \u00e0 R 213-6 ;\nVu l'arr\u00eat\u00e9 du 8 janvier 2001 relatif \u00e0 l'exploitation des \u00e9tablissements d'enseignement, \u00e0 titre  \non\u00e9reux, de la conduite des v\u00e9hicules \u00e0 moteur et de la s\u00e9curit\u00e9 routi\u00e8re ;\nVu l'arr\u00eat\u00e9 du 8 janvier 2001 cr\u00e9ant un registre national de l'enseignement de la conduite des  \nv\u00e9hicules \u00e0 moteur et de la s\u00e9curit\u00e9 routi\u00e8re ;\nVu l'arr\u00eat\u00e9 pr\u00e9fectoral n\u00b0 2024/41/MCI du 29 octobre 2024 portant d\u00e9l\u00e9gation de signature \u00e0  \nMadame Jos\u00e9phine GUIGLIANO-BOUTONNET, directrice de cabinet du pr\u00e9fet du Var ;\nVu l'arr\u00eat\u00e9 pr\u00e9fectoral du 12 f\u00e9vrier 2025 autorisant Monsieur Ziad BELHASSINE, \u00e0 exploiter, \u00e0  \ntitre on\u00e9reux, l'\u00e9tablissement d'enseignement de la conduite des v\u00e9hicules \u00e0 moteur et de la  \ns\u00e9curit\u00e9 routi\u00e8re d\u00e9nomm\u00e9 \u00abMOTOS SPORT 83 ECOLE DE CONDUITE LE REVEST  \u00bb, situ\u00e9 674 \nAvenue des Meuniers  83200 LE REVEST et identifi\u00e9 sous le num\u00e9ro E 25 083 0002 0 ;\nConsid\u00e9rant  la  non  concordance  entre  l'adresse  d\u00e9clar\u00e9e  par  M.  BELHASSINE  et  l'adresse \nindiqu\u00e9e dans l'arr\u00eat\u00e9 pr\u00e9fectoral n\u00b0 2025-1-4  ;\nConsid\u00e9rant que le dossier remplit toutes les conditions r\u00e9glementaires ;\nSur proposition de Madame la directrice de cabinet du pr\u00e9fet du Var ;\nARR  \u00ca  TE  \nARTICLE 1     :\nL'article 1 de l'arr\u00eat\u00e9 pr\u00e9fectoral du 12 f\u00e9vrier 2025 autorisant Monsieur Ziad BELHASSINE, \u00e0  \nexploiter, \u00e0 titre on\u00e9reux, l'\u00e9tablissement d'enseignement de la conduite des v\u00e9hicules \u00e0 moteur \net de la s\u00e9curit\u00e9 routi\u00e8re d\u00e9nomm\u00e9  \u00abMOTOS SPORT 83 ECOLE DE CONDUITE LE REVEST  \u00bb, \nsitu\u00e9 674 Avenue des Meuniers  83200 LE REVEST est modifi\u00e9 comme suit :\n\u2026/...\n1/2\nPr\u00e9fecture du VAR - 83-2025-02-21-00004 - APM Agr\u00e9ment Modif 2 16\n\u2026/...\n\u00abMonsieur Ziad BELHASSINE est autoris\u00e9 \u00e0 exploiter, \u00e0 titre on\u00e9reux, l'\u00e9tablissement  \nd'enseignement de la conduite des v\u00e9hicules \u00e0 moteur et de la s\u00e9curit\u00e9 routi\u00e8re d\u00e9nomm\u00e9  \n\u00abMOTOS SPORT 83 ECOLE DE CONDUITE LE REVEST  \u00bb, situ\u00e9 674 Avenue des Meuniers 83200  \nTOULON  sous le num\u00e9ro d'agr\u00e9ment E 25 083 0002 0.\u00bb\nARTICLE 2 :\nMadame la directrice de cabinet du pr\u00e9fet du Var est charg\u00e9e de l'ex\u00e9cution du pr\u00e9sent arr\u00eat\u00e9  \nqui sera publi\u00e9 au recueil des actes administratifs de la pr\u00e9fecture du Var.\nARTICLE 3:\nLe pr\u00e9sent arr\u00eat\u00e9 peut faire l'objet d'un recours gracieux aupr\u00e8s du pr\u00e9fet du Var dans un d\u00e9lai  \nde deux mois \u00e0 compter de la notification du pr\u00e9sent arr\u00eat\u00e9 ou d'un recours contentieux  \ndevant  le  tribunal  administratif  territorialement  comp\u00e9tent  dans  les  m\u00eames  conditions  de \nd\u00e9lai.\nFait \u00e0 Toulon, le 21 F\u00e9vrier 2025\nPour le pr\u00e9fet et par d\u00e9l\u00e9gation,\nPour le pr\u00e9fet et par d\u00e9l\u00e9gation,\nPour le d\u00e9l\u00e9gu\u00e9 \u00e0 l'\u00e9ducation routi\u00e8re\net par d\u00e9l\u00e9gation\nl'adjoint au d\u00e9l\u00e9gu\u00e9\nsign\u00e9\nRoland ESQUIVA\nConform\u00e9ment aux dispositions de l'article R. 421-1 et suivants du code de justice administrative, le pr\u00e9sent arr\u00eat\u00e9 peut faire l'objet dans un d\u00e9lai de deux mois \u00e0  \ncompter de sa parution :\n\u2013  d'un recours administratif (recours gracieux aupr\u00e8s du pr\u00e9fet du Var ou recours hi\u00e9rarchique aupr\u00e8s du ministre de l'int\u00e9rieur)\n\u2013 d'un recours contentieux devant le tribunal administratif de Toulon. Le tribunal administratif peut \u00eatre saisi par l'application informatique \u00ab  T\u00e9l\u00e9recours citoyens \u00bb \naccessible par le site Internet www.telerecours.fr\n2/2\nPr\u00e9fecture du VAR - 83-2025-02-21-00004 - APM Agr\u00e9ment Modif 2 17\nPr\u00e9fecture du VAR\n83-2025-02-26-00005\nArr\u00eat\u00e9 n\u00b0 2025-BSP-OP-17\nautorisant la captation, l'enregistrement et la\ntransmission \nd'images au moyen de cam\u00e9ras install\u00e9es sur des\na\u00e9ronefs\nPr\u00e9fecture du VAR - 83-2025-02-26-00005 - Arr\u00eat\u00e9 n\u00b0 2025-BSP-OP-17\nautorisant la captation, l'enregistrement et la transmission \nd'images au moyen de cam\u00e9ras install\u00e9es sur des a\u00e9ronefs\n18\n=mPREFETDU VARLibert\u00e9Egalit\u00e9Fraternit\u00e9\nCabinet du Pr\u00e9fet\nDirection des s\u00e9curit\u00e9s\nBureau de la s\u00e9curit\u00e9 publique\nArr\u00eat\u00e9 n\u00b0 2025-BSP-OP-17\nautorisant la captation, l'enregistrement et la transmission \nd'images au moyen de cam\u00e9ras install\u00e9es sur des a\u00e9ronefs\nVu le code de la s\u00e9curit\u00e9 int\u00e9rieure et notamment ses articles L. 242-1 \u00e0 L. 242-8 et R. 242-8 \u00e0  \nR. 242-14 ;\nVu le d\u00e9cret n\u00b0 2004-374 du 29 avril 2004 relatif aux pouvoirs des pr\u00e9fets, \u00e0 l'organisation et \u00e0 \nl'action des services de l'\u00c9tat dans les r\u00e9gions et d\u00e9partements ;\nVu le d\u00e9cret du 13 juillet 2023 portant nomination de Monsieur Philippe MAHE, pr\u00e9fet du  \nVar ;\nVu l'arr\u00eat\u00e9 n\u00b02024/41/MCI du 29 octobre 2024 portant d\u00e9l\u00e9gation de signature \u00e0 Madame  \nJos\u00e9phine GUIGLIANO-BOUTONNET, directrice de cabinet du pr\u00e9fet du Var ;\nVu l'arr\u00eat\u00e9 du ministre de l'Int\u00e9rieur et des outre-mer, en date du 19 avril 2023 relatif au  \nnombre maximal de cam\u00e9ras install\u00e9es sur des a\u00e9ronefs pouvant \u00eatre simultan\u00e9ment utilis\u00e9es  \ndans chaque d\u00e9partement et collectivit\u00e9 d'outre-mer ;\nVu la demande en date du 26  f\u00e9vrier 2025, formul\u00e9e par la direction interd\u00e9partementale de  \nla  police  nationale  du  Var,  visant  \u00e0  obtenir  l'autorisation  de  capter,  d'enregistrer  et  de \ntransmettre  des  images  au  moyen  d'une  cam\u00e9ra  install\u00e9e  sur  un  drone  afin  de  pr\u00e9venir \nd'\u00e9ventuelles atteintes \u00e0 la s\u00e9curit\u00e9 des personnes et biens dans des lieux particuli\u00e8rement  \nexpos\u00e9s,  notamment,  pour  la  surveillance  du  quartier  du  Pont  du  Las,  au  niveau  de  \nl'intersection de la rue Espanet et de la rue du Jeu de Paume et dans un rayon de 500 m\u00e8tres  \nla zone le jeudi 27 f\u00e9vrier 2025 de 12h00 \u00e0 20h00 ;\nCONSID\u00c9RANT que  le 1\u00b0 de l'article L. 242-5 du code de la s\u00e9curit\u00e9 int\u00e9rieure  permet aux  \nforces de s\u00e9curit\u00e9 int\u00e9rieure, dans le cadre de la pr\u00e9vention des atteintes \u00e0 la s\u00e9curit\u00e9 des  \npersonnes  et  des  biens  dans  des  lieux  particuli\u00e8rement  expos\u00e9s,  en  raison  de  leurs  \ncaract\u00e9ristiques ou des faits qui s'y sont d\u00e9j\u00e0 d\u00e9roul\u00e9s, \u00e0 des risques d'agressions, de vols ou  \nde  trafics  d'armes,  d'\u00eatres  humains  ou  de  stup\u00e9fiants,  de  proc\u00e9der  \u00e0  la  captation,  \u00e0 \nl'enregistrement  et  \u00e0  la  transmission  d'images  au  moyen  de  cam\u00e9ras  install\u00e9es  sur  des \na\u00e9ronefs ;\nCONSID\u00c9RANT que, dans le cadre de la lutte anti stup\u00e9fiants, les forces de l'ordre ont  \nconduit de nombreuses op\u00e9rations de police administrative visant \u00e0 pr\u00e9venir les troubles \u00e0  \nl'ordre public r\u00e9sultant de l'existence de trafic de stup\u00e9fiants sur le quartier de la Beaucaire  ; \nque lors de ces interventions, des atteintes \u00e0 la s\u00e9curit\u00e9 des personnes et des biens ont pu  \n\u00eatre constat\u00e9es ;\nPr\u00e9fecture du VAR - 83-2025-02-26-00005 - Arr\u00eat\u00e9 n\u00b0 2025-BSP-OP-17\nautorisant la captation, l'enregistrement et la transmission \nd'images au moyen de cam\u00e9ras install\u00e9es sur des a\u00e9ronefs\n19\nCONSID\u00c9RANT que le 23 f\u00e9vrier 2025 lors d'un contr\u00f4le de trois individus, l'un d'entre eux  \n\u00e9tait porteur de 2 grammes de r\u00e9sine de cannabis ; que le 19 f\u00e9vrier, suite \u00e0 un vol de scooter, \nles forces de l'ordre ont \u00e9t\u00e9 avis\u00e9es  et ont aper\u00e7u sur le boulevard G\u00e9n\u00e9ral Brosset ledit  \nv\u00e9hicule mont\u00e9 par trois individus  ; que lors de l'interpellation, un individu r\u00e9ussit \u00e0 prendre  \nla fuite, les deux autres \u00e9taient respectivement porteurs d'un couteau et d'un tournevis  ; que \nle 14 f\u00e9vrier 2025, lors du contr\u00f4le d'un v\u00e9hicule irr\u00e9guli\u00e8rement stationn\u00e9 rue Espanet, le  \nchauffeur et le passager ont \u00e9t\u00e9 imm\u00e9diatement agressifs  ; que le chauffeur a essay\u00e9 de se  \nd\u00e9barrasser d'une cl\u00e9 en la donnant au passager ; que lorsque l'un des effectifs de police s'est \nmis en opposition pour v\u00e9rifier la nature de cette cl\u00e9, le chauffeur a tent\u00e9 de lui porter un  \ncoup de poing au visage  ; en se mettant en opposition, l'effectif de police a \u00e9t\u00e9 bless\u00e9 en  \nraison du retournement d'un de ses doigts  et a n\u00e9cessit\u00e9 trois jours d'incapacit\u00e9 totale de  \ntravail et un arr\u00eat de travail de six semaines ; que le 13 f\u00e9vrier 2025, suite \u00e0 la constatation par \nvisionnage des cam\u00e9ras de la ville de la vente au d\u00e9tail de produits stup\u00e9fiants, le vendeur et  \nl'individu qui r\u00e9cup\u00e9rait l'argent ont \u00e9t\u00e9 interpell\u00e9s par les effectifs de police positionn\u00e9s pr\u00e8s \ndu point de deal  ; que 7 grammes de r\u00e9sine de cannabis ont \u00e9t\u00e9 d\u00e9couverts, ainsi qu'un bloc  \nde 35 grammes de r\u00e9sine de cannabis lors de la perquisition au domicile de l'individu qui  \nr\u00e9cup\u00e9rait l'argent ; que le mercredi 19 f\u00e9vrier 2025, les forces de l'ordre ont \u00e9t\u00e9 sollicit\u00e9es  \nconcernant un individu s'adonnant \u00e0 la vente de produits stup\u00e9fiants  ; que lors du contr\u00f4le,  \nl'individu \u00e9tait porteur d'une barrette de r\u00e9sine de cannabis et \u00e0 proximit\u00e9 de l'individu, onze  \nbarrettes de r\u00e9sine de cannabis ainsi que quatre doses de coca\u00efne ont \u00e9t\u00e9 retrouv\u00e9es  ; qu'il a \nd\u00e9clar\u00e9 qu'il r\u00e9cup\u00e9rait le produit au niveau de la place du march\u00e9 du Pont du Las avant de le  \nvendre dans la rue  ; que le 17 d\u00e9cembre 2024, lors du contr\u00f4le d'un scooter au niveau du  \nboulevard Louis Picon, la conductrice \u00e9tait d\u00e9tentrice d'un gramme de coca\u00efne, que le fait  \nque son portable ne cessait de sonner laissait penser \u00e0 une livraison de stup\u00e9fiants  ; que lors \nde la perquisition \u00e0 son domicile, 6 grammes de coca\u00efne ainsi que 230 euros en num\u00e9raire ont \n\u00e9t\u00e9 d\u00e9couverts ; que le 14 novembre 2024, un individu a insult\u00e9 un employ\u00e9 de la poste du  \nPont du Las, d\u00e9grad\u00e9 la double porte automatique du local de la poste et a pris la fuite  ; que \nles effectifs de police se sont lanc\u00e9s \u00e0 sa poursuite et l'ont appr\u00e9hend\u00e9 ;\nCONSID\u00c9RANT que le risque pour la s\u00e9curit\u00e9 des personnes est consubstantiel au trafic de  \ndrogue, en ce qu'il suppose l'occupation du lieu de trafic en recourant \u00e0 la pression, menace  \net violence sur les riverains  ; qu'il g\u00e9n\u00e8re des violences entre les individus ou les groupes qui  \ns'y livrent pour s'assurer le caract\u00e8re exclusif de cette occupation, violences qui peuvent  \nimpliquer, compte tenu des liens qu'ils entretiennent avec les r\u00e9seaux criminels et mafieux, le  \nrecours  \u00e0  des  armes  ou  des  m\u00e9thodes  particuli\u00e8rement  dangereuses,  exposant  ainsi  les \nriverains  et  les  forces  de  l'ordre  qui  interviennent  \u00e0  des  risques  \u00e9lev\u00e9s  d'atteinte  \u00e0  leur \ns\u00e9curit\u00e9 et \u00e0 leur int\u00e9grit\u00e9 physique ;\nCONSID\u00c9RANT que des personnes toxicomanes peuvent elles-m \u00eames recourir \u00e0 la violence  \ncontre les habitants dans le but de se fournir les moyens d 'acqu\u00e9rir le produit stup\u00e9fiant  \nqu'elles recherchent ; que des personnes sont souvent recrut \u00e9es de gr \u00e9 ou de force par ces  \nr\u00e9seaux pour assurer la surveillance du quartier et entraver l 'action des forces de s \u00e9curit\u00e9, \nr\u00e9duisant ainsi l'effectivit\u00e9 de leur action  ; que compte tenu de la sp\u00e9cificit\u00e9 de cette activit\u00e9 \ncriminelle et des troubles, \u00e0 la fois graves et nombreux, qu'elle engendre et qu'il appartient \u00e0  \nl'autorit\u00e9  de  police  de  pr\u00e9venir,  seule  une  pr\u00e9sence  polici\u00e8re  continue  est  de  nature  \u00e0 \nd\u00e9courager les vell\u00e9it\u00e9s de ces r\u00e9seaux \u00e0 s'implanter et maintenir durablement leurs activit\u00e9s  \nsur un p\u00e9rim\u00e8tre et \u00e0 r\u00e9tablir l'ordre public  ; qu'une telle pr \u00e9sence exposerait cependant les  \nagents \u00e0 des risques importants pour leur s\u00e9curit\u00e9 ;\nCONSID\u00c9RANT que, dans ce contexte et compte tenu de l'int\u00e9r\u00eat pour les forces de l'ordre  \nde disposer d'une vision en grand angle au regard du caract\u00e8re tr\u00e8s mobile des individus se  \nlivrant \u00e0 ce genre d'activit\u00e9 le recours aux dispositifs de captation install\u00e9s sur des a\u00e9ronefs  \nPr\u00e9fecture du VAR - 83-2025-02-26-00005 - Arr\u00eat\u00e9 n\u00b0 2025-BSP-OP-17\nautorisant la captation, l'enregistrement et la transmission \nd'images au moyen de cam\u00e9ras install\u00e9es sur des a\u00e9ronefs\n20\nest n\u00e9cessaire et adapt\u00e9 ; qu'il n'existe pas de dispositif moins intrusif permettant de parvenir \naux m\u00eames fins ;\nCONSID\u00c9RANT  que la demande porte sur l'engagement d 'une cam\u00e9ra a\u00e9roport\u00e9e dans le  \nseul secteur d\u00e9limit\u00e9 en annexe du pr\u00e9sent arr\u00eat\u00e9  ; que les lieux surveill\u00e9s  sont strictement \nlimit\u00e9s \u00e0 la zone o\u00f9 sont susceptibles de se commettre les atteintes  ; que l'usage des cam\u00e9ras \na\u00e9roport\u00e9es vise \u00e0 pr\u00e9venir ; que la dur\u00e9e de l'autorisation est \u00e9galement limit\u00e9e \u00e0 une dur\u00e9e \nde sept heures  ; qu'au regard des circonstances susmentionn\u00e9es, la demande n'appara\u00eet pas  \ndisproportionn\u00e9e ;\nCONSID\u00c9RANT qu'en vertu de l'article R. 242-13 du code de la s\u00e9curit\u00e9 int\u00e9rieure, il y a lieu  \nde d\u00e9roger au principe d'information du public d\u00e8s lors que cette information entre en  \ncontradiction avec les finalit\u00e9s pour lesquelles le dispositif est autoris\u00e9 ;\nSur proposition de la sous-pr\u00e9f\u00e8te, directrice de cabinet du Var ;\nARR\u00caTE\nArticle  1er \u2013  La  captation,  l'enregistrement  et  la  transmission  d'images  par  la  direction \ninterd\u00e9partementale de la Police Nationale du Var, est autoris\u00e9e au titre de la pr\u00e9vention des  \natteintes \u00e0 la s\u00e9curit\u00e9 des personnes et des biens sur la commune de Toulon  le jeudi 27  \nf\u00e9vrier 2025 de 12h00 \u00e0 20h00.\nArticle 2 \u2013 Le nombre maximal de cam\u00e9ras pouvant proc\u00e9der simultan\u00e9ment aux traitements  \nmentionn\u00e9s \u00e0 l'article 1er est fix\u00e9 \u00e0 une, install\u00e9e sur un drone DJI Mavic 3T.\nArticle 3 \u2013 La pr\u00e9sente autorisation est limit\u00e9e au p\u00e9rim\u00e8tre g\u00e9ographique figurant sur le plan  \njoint en annexe.\nArticle 4  \u2013  Le pr\u00e9sent arr\u00eat\u00e9 peut faire l'objet d'un recours contentieux devant le tribunal  \nadministratif de Toulon dans un d\u00e9lai de deux mois \u00e0 compter de sa publication.\nArticle  5  \u2013  La  sous-pr\u00e9f\u00e8te,  directrice  de  cabinet  du  pr\u00e9fet  du  Var et  le  directeur  \ninterd\u00e9partemental  de  la  Police  Nationale  du  Var,  sont  charg\u00e9s,  chacun  en  ce  qui  les \nconcerne, de l'ex\u00e9cution du pr\u00e9sent arr\u00eat\u00e9.\nToulon, le 26 f\u00e9vrier 2025\nPour le Pr\u00e9fet et par d\u00e9l\u00e9gation,\n             La Directrice de Cabinet\nSign\u00e9\nJos\u00e9phine GUIGLIANO-BOUTONNET\nPr\u00e9fecture du VAR - 83-2025-02-26-00005 - Arr\u00eat\u00e9 n\u00b0 2025-BSP-OP-17\nautorisant la captation, l'enregistrement et la transmission \nd'images au moyen de cam\u00e9ras install\u00e9es sur des a\u00e9ronefs\n21\n4\n: he ot L || REA 24 \u00a9 \"Ten[LP } ji  =\nPlace jubien de [0/'Gegvi\u00e8r\u00e9 /\nPr\u00e9fecture du VAR - 83-2025-02-26-00005 - Arr\u00eat\u00e9 n\u00b0 2025-BSP-OP-17\nautorisant la captation, l'enregistrement et la transmission \nd'images au moyen de cam\u00e9ras install\u00e9es sur des a\u00e9ronefs\n22\nPr\u00e9fecture du VAR\n83-2025-02-26-00001\nDIRECTION DES ACTIONS\nPr\u00e9fecture du VAR - 83-2025-02-26-00001 - DIRECTION DES ACTIONS 23\nPREFETDU VARLibert\u00e9Egalit\u00e9Fraternit\u00e9\nCabinet du pr\u00e9fet\nDirection des s\u00e9curit\u00e9s\nService interminist\u00e9riel de d\u00e9fense et protection civiles\n CERTIFICAT DE COMP\u00c9TENCES \nDE FORMATEURS AUX PREMIERS SECOURS CITOYENS\n (C.C.F.P.S.C)\nPROC\u00c8S VERBAL n\u00b001/2025\nLe 26 f\u00e9vrier 2025, de 09h00 \u00e0 11h00,\nle jury constitu\u00e9, conform\u00e9ment au chapitre 3 de l'annexe 2 de  l'arr\u00eat\u00e9 du 15 juin  \n2024, par l'arr\u00eat\u00e9 n\u00b0  2025_01_DS_SIDPC_02 du 24 janvier 2025  d\u00e9signant le jury  \nd\u00e9partemental pour l'examen des dossiers de candidature pour l'attribution du  \nCertificat  de  Comp\u00e9tences  de  Formateur  aux  Premiers  Secours  Citoyens,  s'est \nr\u00e9uni  pour  examiner  les  dossiers  des  candidats  de F\u00e9d\u00e9ration  Nationale  des \nM\u00e9tiers de la Natation et du Sport- Aqua Sauvetage Varois (FNMNS-ASV) sous la \npr\u00e9sidence de Mme VONIN Laurianne,  formateur de formateurs-cef de la Soci\u00e9t\u00e9  \nNationale des Sauveteurs en Mer.\nParticipaient aux travaux du jury :\nNom Pr\u00e9nom     :  Qualit\u00e9     :  \nDamien SPIESS FORMATEUR DE FORMATEURS- FNMNS\nPatrice ROUS FORMATEUR DE FORMATEURS-SNSM\nFabrice JONQUIERES FORMATEUR DE FORMATEURS-21\u00b0RIMa\nMicha\u00ebl NIRLO FORMATEUR DE FORMATEURS (Suppl\u00e9ant)- FNMNS\nNombre de candidats ayant \u00e9t\u00e9 d\u00e9clar\u00e9s admis : 05\nEn application au chapitre 3 de l'annexe 2 de l'arr\u00eat\u00e9 du 15 juin 2024, la liste des  \ncandidats re\u00e7us \u00e0 l'examen de formateur en pr\u00e9vention et secours civiques est  \npubli\u00e9e par le pr\u00e9fet au recueil des actes administratifs.\nAdresse postale : Pr\u00e9fecture du V ar - Boulevard du 112\u00e8me R.I. - CS 31209 - 83070 TOULON CEDEX \u2013\nAccueil t\u00e9l\u00e9phonique : 04 94 18 83 83 \u2013 Horaires d'ouverture et modalit\u00e9s d'accueil sur le portail Internet : http://www.var.gouv.fr   \nPr\u00e9fecture du VAR - 83-2025-02-26-00001 - DIRECTION DES ACTIONS 24\nFORMATEUR AUX PREMIERS SECOURS CITOYENS (FPSC)\nSession des 18-19-24-25-26-31/01 et 1-2/02 2025 \nPR\u00c9NOM NOM \nNaissance Organisme \nformateur \nFPSC\nFPSE R\u00e9sultat n\u00b0Dipl\u00f4me\nDate Lieu D\u00e9p\nRomain DELAFONTAINE 19/07/81 Aubagne 13 FNMNS \nASV83 FPSC ADMIS 83-2025-001\nJ\u00e9r\u00e9my FRUTEAU 17/07/97 Besan\u00e7on 25 FNMNS \nASV83 FPSC ADMIS 83-2025-002\nBastien LEMAIRE 02/03/89 Marseille 13 FNMNS \nASV83 FPSC ADMIS 83-2025-003\nSandra LEROY 16/09/80 Rouen 76 FNMNS \nASV83 FPSC ADMIS 83-2025-004\nB\u00e9atrice PASCUAL \u00e9p \nLAMBERT 31/12/71 Marseille 13 FNMNS \nASV83 FPSC ADMIS 83-2025-005\nLe Pr\u00e9sident     : Laurianne VONIN\nLes membres du jury     :\nPatrice ROUS\nFabrice JONQUIERES\nDamien SPIESS\nMicha\u00ebl NIRLO\nORIGINAL sign\u00e9 le 26/02/2025\nPV  CCFPSC CDF FNMNS ASV83- 26 f\u00e9vrier 2025- page 2 /2\nPr\u00e9fecture du VAR - 83-2025-02-26-00001 - DIRECTION DES ACTIONS 25\nPr\u00e9fecture du VAR\n83-2025-02-26-00002\nDIRECTION DES ACTIONS\nPr\u00e9fecture du VAR - 83-2025-02-26-00002 - DIRECTION DES ACTIONS 26\nPREFETDU VARLibert\u00e9Egalit\u00e9Fraternit\u00e9\nCabinet du pr\u00e9fet\nDirection des s\u00e9curit\u00e9s\nService interminist\u00e9riel de d\u00e9fense et protection civiles\n CERTIFICAT DE COMP\u00c9TENCES \nDE FORMATEURS AUX PREMIERS SECOURS EN \u00c9QUIPE\n (C.C.F.P.S.E)\nPROC\u00c8S VERBAL n\u00b002/2025\nLe 26 f\u00e9vrier 2025, de 11h00 \u00e0 13h00,\nle jury constitu\u00e9, conform\u00e9ment au chapitre 3 de l'annexe 3 de  l'arr\u00eat\u00e9 du 15 juin  \n2024, par l'arr\u00eat\u00e9 n\u00b0  2025_01_DS_SIDPC_03 du 24 janvier 2025  d\u00e9signant le jury  \nd\u00e9partemental pour l'examen des dossiers de candidature pour l'attribution du  \nCertificat de Comp\u00e9tences de Formateur aux Premiers Secours en \u00c9quipe, s'est  \nr\u00e9uni  pour  examiner  les  dossiers  des  candidats  de la  Soci\u00e9t\u00e9  Nationale  des \nSauveteurs en Mer du Var (SNSM83)  sous la pr\u00e9sidence de  M. Damien SPIESS,  \nformateur de formateurs-cef de la FNMNS-ASV.\nParticipaient aux travaux du jury :\nNom Pr\u00e9nom     :  Qualit\u00e9     :  \nLaurianne VONIN FORMATEUR DE FORMATEURS- SNSM\nMicha\u00ebl NIRLO FORMATEUR DE FORMATEURS-FNMNS\nFabrice JONQUIERES FORMATEUR DE FORMATEURS-21\u00b0RIMa\nPatrice ROUS FORMATEUR DE FORMATEURS (Suppl\u00e9ant)- SNSM\nNombre de candidats ayant \u00e9t\u00e9 d\u00e9clar\u00e9s admis : 12\nEn application au chapitre 3 de l'annexe 3 de l'arr\u00eat\u00e9 du 15 juin 2024, la liste des  \ncandidats re\u00e7us \u00e0 l'examen de formateur en pr\u00e9vention et secours en \u00e9quipe est  \npubli\u00e9e par le pr\u00e9fet au recueil des actes administratifs.\nAdresse postale : Pr\u00e9fecture du V ar - Boulevard du 112\u00e8me R.I. - CS 31209 - 83070 TOULON CEDEX \u2013\nAccueil t\u00e9l\u00e9phonique : 04 94 18 83 83 \u2013 Horaires d'ouverture et modalit\u00e9s d'accueil sur le portail Internet : http://www.var.gouv.fr   \nPr\u00e9fecture du VAR - 83-2025-02-26-00002 - DIRECTION DES ACTIONS 27\nFORMATEUR AUX PREMIERS SECOURS EN \u00c9QUIPE (FPSE)\nSession du 07 au 12 f\u00e9vrier 2025\nPR\u00c9NOM NOM \nNaissance Organisme \nformateur \nFPSC\nFPSE R\u00e9sultat n\u00b0Dipl\u00f4me\nDate Lieu D\u00e9p\nC\u00e9leste \nBOISBOURDIN \nusage \nBOISBOURDIN \nMARQUETON\n28/05/05 Ch\u00e2teauroux 36 SNSM 83 FPSE ADMIS 83-2025-006\nEtienne DUPRET 27/02/00 Noum\u00e9a 988 SNSM 83 FPSE ADMIS 83-2025-007\nDominique ELBAZ 20/11/64 Marseille 13 SNSM 83 FPSE ADMIS 83-2025-008\nChristophe ENAULT-\nDEUTSCHMANN 21/06/66 Marseille 13 SNSM 83 FPSE ADMIS 83-2025-009\nBertrand JAOUEN 06/01/75 Quimper 29 SNSM 83 FPSE ADMIS 83-2025-010\nJuliette LEMAITRE 12/06/95 Le Havre 76 SNSM 83 FPSE ADMIS 83-2025-011\nJ\u00e9r\u00e9my LISBONNE 11/05/03 Roussillon 38 SNSM 83 FPSE ADMIS 83-2025-012\nSabine MALLET \u00e9p \nGUIRAUD 26/04/61 Auxerre 89 SNSM 83 FPSE ADMIS 83-2025-013\nJean-\nS\u00e9bastien MANGIN 27/10/83 Carcassonne 11 SNSM 83 FPSE ADMIS 83-2025-014\nFr\u00e9d\u00e9ric RADET 12/10/65 Orl\u00e9ans 45 SNSM 83 FPSE ADMIS 83-2025-015\nIsabelle SAILLARD \u00e9p \nROSSIGNOL 13/06/56 Port-Lesney 39 SNSM 83 FPSE ADMIS 83-2025-016\nWesley TERNISIEN 08/08/97 Montbrison 42 SNSM 83 FPSE ADMIS 83-2025-017\nLe Pr\u00e9sident     : Damien SPIESS\nLes membres du jury     :\nMicha\u00ebl NIRLO\nFabrice JONQUIERES\nLaurianne VONIN\nPatrice ROUS\nORIGINAL sign\u00e9 le 26/02/2025\nPV  CCFPSE SNSM CFI 83- 26 f\u00e9vrier 2025- page 2 /2\nPr\u00e9fecture du VAR - 83-2025-02-26-00002 - DIRECTION DES ACTIONS 28\nPr\u00e9fecture du VAR\n83-2025-02-23-00001\nMicrosoft Word - 2025-02-23-HRS\nInitiaux-08h-rsultats.docx\nPr\u00e9fecture du VAR - 83-2025-02-23-00001 - Microsoft Word - 2025-02-23-HRS Initiaux-08h-rsultats.docx 29\nPREFETDU VARLibert\u00e9Egalit\u00e9Fraternit\u00e9\n \n \n \n \n\u00a0\nBREVET\u00a0NATIONAL\u00a0DE\u00a0S\u00c9CURIT\u00c9\u00a0\nET\u00a0DE\u00a0SAUVETAGE\u00a0AQUATIQUE\u00a0\n (B.N.S.S.A) \n\u00a0\n\u00a0\nPROC\u00c8S\u00a0VERBAL\u00a0D'EXAMEN\u00a0\n\u00a0\n\u00a0\n\u00a0\nL'an\u00a0deux\u00a0mille\u00a0vingt\u2010cinq\u00a0(2025),\u00a0le\u00a0dimanche\u00a023\u00a0f\u00e9vrier\u00a0\u00e0\u00a008h00.\u00a0\n\u00a0\nLe\u00a0jury,\u00a0constitu\u00e9\u00a0en\u00a0application\u00a0des\u00a0dispositions\u00a0du\u00a0d\u00e9cret\u00a0n\u00b091\u2010834\u00a0du\u00a030\u00a0ao\u00fbt\u00a01991\u00a0modifi\u00e9\u00a0et\u00a0de\u00a0\nl'arr\u00eat\u00e9\u00a0du\u00a023\u00a0janvier\u00a01979\u00a0modifi\u00e9,\u00a0fixant\u00a0les\u00a0modalit\u00e9s\u00a0de\u00a0d\u00e9livrance\u00a0du\u00a0brevet\u00a0national\u00a0de\u00a0s\u00e9curit\u00e9\u00a0\net\u00a0sauvetage\u00a0aquatique,\u00a0sous\u00a0la\u00a0pr\u00e9sidence\u00a0du\u00a0 Lieutenant\u00a0R\u00e9mi\u00a0TINTANE\u00a0s'est\u00a0r\u00e9uni\u00a0\u00e0\u00a0 la\u00a0piscine\u00a0\nMunicipale\u00a0de\u00a0la\u00a0commune\u00a0de\u00a0Hy\u00e8res\u00a0pour\u00a0proc\u00e9der\u00a0aux\u00a0d\u00e9lib\u00e9rations.\u00a0\n\u00a0\nParticipait\u00a0aux\u00a0travaux\u00a0du\u00a0jury\u00a0:\u00a0\nNom\u2010Pr\u00e9nom\u00a0 Qualification\u00a0 Organisme\u00a0d'appartenance\u00a0\nCaporale\u2010Cheffe\u00a0Lydie\u00a0CLEC'H\u00a0 B EESAN\u00a0\u2013\u00a0Formateur\u00a0PAE1\u00a0 SDIS\u201083\u00a0\nSergent\u00a0Micka\u00ebl\u00a0MACIA\u00a0 BNSSA\u00a0 SDIS\u201083\u00a0\nSapeur\u00a0Charles\u00a0FROMENT\u00a0 BNSSA\u00a0 SDIS\u201083\u00a0\n\u00a0\n\u00c0\u00a0l'issue\u00a0de\u00a0cet\u00a0examen,\u00a0sont\u00a0d\u00e9clar\u00e9s\u00a0admis\u00a0les\u00a0personnes\u00a0figurant\u00a0sur\u00a0le\u00a0tableau\u00a0joint\u00a0en\u00a0annexe\u00a01\u00a0\nayant\u00a0satisfait\u00a0aux\u00a04\u00a0\u00e9preuves\u00a0et\u00a0dont\u00a0le\u00a0nom\u00a0est\u00a0suivi\u00a0de\u00a0la\u00a0mention\u00a0\u00ab\u00a0admis\u00a0\u00bb.\u00a0\n\u00a0\nEn\u00a0application\u00a0de\u00a0l'article\u00a010\u00a0bis\u00a0de\u00a0l'arr\u00eat\u00e9\u00a0du\u00a023\u00a0janvier\u00a01979,\u00a0modifi\u00e9,\u00a0la\u00a0liste\u00a0des\u00a0candidats\u00a0re\u00e7us\u00a0\n\u00e0\u00a0l'examen\u00a0du\u00a0brevet\u00a0national\u00a0de\u00a0s\u00e9curit\u00e9\u00a0et\u00a0de\u00a0sauvetage\u00a0aquatique\u00a0est\u00a0publi\u00e9e\u00a0au\u00a0recueil\u00a0des\u00a0actes\u00a0\nadministratifs\u00a0de\u00a0la\u00a0pr\u00e9fecture\u00a0de\u00a0d\u00e9partement.\u00a0\n\u00a0\nLe\u00a0pr\u00e9sident,\u00a0\nLieutenant\u00a0R\u00e9mi\u00a0TINTANE\u00a0\n\u00a0\n\u00a0\nLes\u00a0membres\u00a0du\u00a0jury,\u00a0\nCaporale\u2010Cheffe\u00a0Lydie\u00a0CLEC'H\u00a0\nSergent\u00a0Micka\u00ebl\u00a0MACIA\u00a0 \u00a0 \u00a0 \u00a0 \u00a0\u00a0\u00a0\u00a0\u00a0\u00a0\u00a0\u00a0\u00a0\u00a0\nSapeur\u00a0Charles\u00a0FROMENT\u00a0\n\u00a0\n\u00a0\n\u00a0\n\u00a0\nOriginal\u00a0sign\u00e9\u00a0le\u00a0dimanche\u00a023\u00a0f\u00e9vrier\u00a02025\u00a0\n\u00a0\nPr\u00e9fecture du VAR - 83-2025-02-23-00001 - Microsoft Word - 2025-02-23-HRS Initiaux-08h-rsultats.docx 30\nAnnexe\u00a01\u00a0\u2010\u00a0Liste\u00a0des\u00a0candidats\u00a0admis\u00a0au\u00a0\u00a0\u00a0\nBREVET\u00a0NATIONAL\u00a0DE\u00a0S\u00c9CURIT\u00c9\u00a0ET\u00a0DE\u00a0SAUVETAGE\u00a0AQUATIQUE\u00a0\nSession\u00a0du\u00a0dimanche\u00a023\u00a0F\u00e9vrier\u00a02025\u00a0\u00e0\u00a0la\u00a0piscine\u00a0Municipale\u00a0commune\u00a0de\u00a0Hy\u00e8res\u00a0\n\u00a0\nNOM\u00a0 PR\u00c9NOM\u00a0 R\u00c9SULTAT\u00a0\n(ADMIS,\u00a0NON\u00a0ADMIS,\u00a0ABSENT)\u00a0\nBOASSO\u00a0 Sacha\u00a0 NON\u00a0ADMIS\u00a0\nCARDOT\u00a0 Lissandro\u00a0 ADMIS\u00a0\nCOIGNOT\u00a0 Oc\u00e9ane\u00a0 ADMIS\u00a0\nDELSAUX\u00a0 Eva\u00a0 ADMIS\u00a0\nIKAUNO\u00a0 T\u00e9ri\u00a0 ADMIS\u00a0\nMARTIN\u00a0 Mathis\u00a0 ADMIS\u00a0\nMOURIES\u00a0 Axel\u00a0 ADMIS\u00a0\nRABBIA\u00a0 Gianny\u00a0 ADMIS\u00a0\nROUSSANE\u00a0LESCHEVIN\u00a0 Ruben\u00a0 ABSENT\u00a0\nRUGANI\u00a0 Yanis\u00a0 ADMIS\u00a0\n\u00a0\u00a0\u00a0\n\u00a0\u00a0\u00a0\n\u00a0\u00a0\u00a0\n\u00a0\u00a0\u00a0\n\u00a0\u00a0\u00a0\n\u00a0\u00a0\u00a0\n\u00a0\u00a0\u00a0\n\u00a0\u00a0\u00a0\n\u00a0\u00a0\u00a0\n\u00a0\u00a0\u00a0\n\u00a0\u00a0\u00a0\n\u00a0\u00a0\u00a0\n\u00a0\nLe\u00a0pr\u00e9sident,\u00a0\nLieutenant\u00a0R\u00e9mi\u00a0TINTANE\u00a0\n\u00a0\n\u00a0\nLes\u00a0membres\u00a0du\u00a0jury,\u00a0\nCaporale\u2010Cheffe\u00a0Lydie\u00a0CLEC'H\u00a0\nSergent\u00a0Micka\u00ebl\u00a0MACIA\u00a0 \u00a0 \u00a0 \u00a0 \u00a0\u00a0\u00a0\u00a0\u00a0\u00a0\u00a0\u00a0\u00a0\u00a0\nSapeur\u00a0Charles\u00a0FROMENT\u00a0\n\u00a0\u00a0\n\u00a0\u00a0\n\u00a0\n\u00a0\nOriginal\u00a0sign\u00e9\u00a0le\u00a0dimanche\u00a023\u00a0f\u00e9vrier\u00a02025\u00a0\nPr\u00e9fecture du VAR - 83-2025-02-23-00001 - Microsoft Word - 2025-02-23-HRS Initiaux-08h-rsultats.docx 31\nPr\u00e9fecture du VAR\n83-2025-02-23-00002\nMicrosoft Word - 2025-02-23-HRS\nRecyclages-08h-rsultats.docx\nPr\u00e9fecture du VAR - 83-2025-02-23-00002 - Microsoft Word - 2025-02-23-HRS Recyclages-08h-rsultats.docx 32\n| |PREFETDU VARLibert\u00e9Egalit\u00e9Fraternit\u00e9\n \n \n\u00a0\n\u00a0\nEXAMEN\u00a0DE\u00a0CONTR\u00d4LE\u00a0DU\u00a0BREVET\u00a0NATIONAL \nDE\u00a0S\u00c9CURIT\u00c9\u00a0ET\u00a0DE\u00a0SAUVETAGE\u00a0AQUATIQUE \n (B.N.S.S.A) \n\u00a0\nPROC\u00c8S\u00a0VERBAL\u00a0D'EXAMEN\u00a0\n\u00a0\n\u00a0\n\u00a0\nL'an\u00a0deux\u00a0mille\u00a0vingt\u2010cinq\u00a0(2025),\u00a0le\u00a0dimanche\u00a023\u00a0f\u00e9vrier\u00a0\u00e0\u00a008h00.\u00a0\n\u00a0\nLe\u00a0jury,\u00a0constitu\u00e9\u00a0en\u00a0application\u00a0des\u00a0dispositions\u00a0du\u00a0d\u00e9cret\u00a0n\u00b091\u2010834\u00a0du\u00a030\u00a0ao\u00fbt\u00a01991\u00a0modifi\u00e9\u00a0et\u00a0de\u00a0\nl'arr\u00eat\u00e9\u00a0du\u00a023\u00a0janvier\u00a01979\u00a0modifi\u00e9,\u00a0fixant\u00a0les\u00a0modalit\u00e9s\u00a0de\u00a0d\u00e9livrance\u00a0du\u00a0brevet\u00a0national\u00a0de\u00a0s\u00e9curit\u00e9\u00a0\net\u00a0sauvetage\u00a0aquatique,\u00a0sous\u00a0la\u00a0pr\u00e9sidence\u00a0du\u00a0 Lieutenant\u00a0R\u00e9mi\u00a0TINTANE\u00a0s'est\u00a0r\u00e9uni\u00a0\u00e0\u00a0 la\u00a0piscine\u00a0\nMunicipale\u00a0de\u00a0la\u00a0commune\u00a0de\u00a0Hy\u00e8res\u00a0pour\u00a0proc\u00e9der\u00a0aux\u00a0d\u00e9lib\u00e9rations.\u00a0\n\u00a0\nParticipait\u00a0aux\u00a0travaux\u00a0du\u00a0jury\u00a0:\u00a0\nNom\u2010Pr\u00e9nom\u00a0 Qualification\u00a0 Organisme\u00a0d'appartenance\u00a0\nCaporale\u2010Cheffe\u00a0Lydie\u00a0CLEC'H\u00a0 B EESAN\u00a0\u2010\u00a0Formateur\u00a0PAE1\u00a0 SDIS\u201083\u00a0\nSergent\u00a0Micka\u00ebl\u00a0MACIA\u00a0 BNSSA\u00a0\u00a0 SDIS\u201083\u00a0\nSapeur\u00a0Charles\u00a0FROMENT\u00a0 BNSSA\u00a0 SDIS\u201083\u00a0\n\u00a0\n\u00c0\u00a0l'issue\u00a0de\u00a0cet\u00a0examen,\u00a0sont\u00a0d\u00e9clar\u00e9s\u00a0admis\u00a0les\u00a0personnes\u00a0figurant\u00a0sur\u00a0le\u00a0tableau\u00a0joint\u00a0en\u00a0annexe\u00a01\u00a0\nayant\u00a0satisfait\u00a0aux\u00a02\u00a0\u00e9preuves\u00a0et\u00a0dont\u00a0le\u00a0nom\u00a0est\u00a0suivi\u00a0de\u00a0la\u00a0mention\u00a0\u00ab\u00a0admis\u00a0\u00bb.\u00a0\n\u00a0\nEn\u00a0application\u00a0de\u00a0l'article\u00a010\u00a0bis\u00a0de\u00a0l'arr\u00eat\u00e9\u00a0du\u00a023\u00a0janvier\u00a01979,modifi\u00e9,\u00a0la\u00a0liste\u00a0des\u00a0candidats\u00a0re\u00e7us\u00a0\n\u00e0\u00a0l'examen\u00a0du\u00a0brevet\u00a0national\u00a0de\u00a0s\u00e9curit\u00e9\u00a0et\u00a0de\u00a0sauvetage\u00a0aquatique\u00a0est\u00a0publi\u00e9e\u00a0au\u00a0recueil\u00a0des\u00a0\nactes\u00a0administratifs\u00a0de\u00a0la\u00a0pr\u00e9fecture\u00a0de\u00a0d\u00e9partement. \n \n\u00a0\nLe\u00a0pr\u00e9sident,\u00a0\nLieutenant\u00a0R\u00e9mi\u00a0TINTANE\u00a0\n\u00a0\n\u00a0\nLes\u00a0membres\u00a0du\u00a0jury,\u00a0\nCaporale\u2010Cheffe\u00a0Lydie\u00a0CLEC'H\u00a0\nSergent\u00a0Micka\u00ebl\u00a0MACIA\u00a0 \u00a0 \u00a0 \u00a0 \u00a0\u00a0\u00a0\u00a0\u00a0\u00a0\u00a0\u00a0\u00a0\u00a0\nSapeur\u00a0Charles\u00a0FROMENT\u00a0\n\u00a0\u00a0\n\u00a0\n\u00a0\n\u00a0\n\u00a0\nOriginal\u00a0sign\u00e9\u00a0le\u00a0dimanche\u00a023\u00a0f\u00e9vrier\u00a02025\u00a0\nPr\u00e9fecture du VAR - 83-2025-02-23-00002 - Microsoft Word - 2025-02-23-HRS Recyclages-08h-rsultats.docx 33\nAnnexe\u00a01\u00a0\u2010\u00a0Liste\u00a0des\u00a0candidats\u00a0admis\u00a0\u00e0\u00a0l'EXAMEN\u00a0DE\u00a0CONTR\u00d4LE\u00a0DU\u00a0BREVET\u00a0NATIONAL\u00a0\nDE\u00a0S\u00c9CURIT\u00c9\u00a0ET\u00a0DE\u00a0SAUVETAGE\u00a0AQUATIQUE\u00a0\nSession\u00a0du\u00a0dimanche\u00a023\u00a0f\u00e9vrier\u00a02025\u00a0\u00e0\u00a0la\u00a0piscine\u00a0Municipale\u00a0commune\u00a0de\u00a0Hy\u00e8res\u00a0\n\u00a0\nNOM\u00a0 PR\u00c9NOM\u00a0 R\u00c9SULTAT\u00a0\n(ADMIS,\u00a0NON\u00a0ADMIS,\u00a0ABSENT)\u00a0\nBORKOWSKI\u00a0 In\u00e8s\u00a0 ABSENT\u00a0\nCHAUVET\u00a0 Roland\u00a0 ADMIS\u00a0\nDRAGON\u00a0 Maxime\u00a0 ABSENT\u00a0\nHENRY\u00a0 Yoann\u00a0 ABSENT\u00a0\n\u00a0\u00a0 \u00a0\n\u00a0\u00a0 \u00a0\n\u00a0\u00a0 \u00a0\n\u00a0\u00a0 \u00a0\n\u00a0\u00a0 \u00a0\n\u00a0\u00a0 \u00a0\n\u00a0\u00a0 \u00a0\n\u00a0\u00a0 \u00a0\n\u00a0\u00a0 \u00a0\n\u00a0\u00a0 \u00a0\n\u00a0\u00a0 \u00a0\n\u00a0 \u00a0\n\u00a0 \u00a0\n\u00a0 \u00a0\n\u00a0 \u00a0\n\u00a0 \u00a0\n\u00a0 \u00a0\n\u00a0\u00a0\u00a0\n\u00a0\u00a0\u00a0\n\u00a0\u00a0\u00a0\n\u00a0\nLe\u00a0pr\u00e9sident,\u00a0\nLieutenant\u00a0R\u00e9mi\u00a0TINTANE\u00a0\n\u00a0\n\u00a0\nLes\u00a0membres\u00a0du\u00a0jury,\u00a0\nCaporale\u2010Cheffe\u00a0Lydie\u00a0CLEC'H\u00a0\nSergent\u00a0Micka\u00ebl\u00a0MACIA\u00a0 \u00a0 \u00a0 \u00a0 \u00a0\u00a0\u00a0\u00a0\u00a0\u00a0\u00a0\u00a0\u00a0\u00a0\nSapeur\u00a0Charles\u00a0FROMENT\u00a0\n\u00a0\n\u00a0\nOriginal\u00a0sign\u00e9\u00a0le\u00a0dimanche\u00a023\u00a0f\u00e9vrier\u00a02025\u00a0\nPr\u00e9fecture du VAR - 83-2025-02-23-00002 - Microsoft Word - 2025-02-23-HRS Recyclages-08h-rsultats.docx 34","date":"2025-02-26","first_seen_on":"2025-02-26T16:25:37+00:00","id":"bb98853390b974f2da8a374f37f2c7ff0f1feea017a765a114756f88f68f769b","name":"RAA N\u00b061 du 26 f\u00e9vrier 2025","pdf_creation_date":"2025-02-26T15:38:33+00:00","pdf_modification_date":null,"timezone":"CET","url":"https://www.var.gouv.fr/contenu/telechargement/39440/259107/file/RAA%20N%C2%B061%20du%2026%20f%C3%A9vrier%202025%20.pdf"}
