{"administration":"pref01","administration_name":"Pr\u00e9fecture de l\u2019Ain","content":"AIN\nRECUEIL DES ACTES\nADMINISTRATIFS SP\u00c9CIAL\nN\u00b001-2026-091\nPUBLI\u00c9 LE 12 MARS 2026\nSommaire\n01_DDFIP_Direction d\u00e9partementale des finances publiques de l'Ain /\n01-2026-03-11-00002 - Arr\u00eat\u00e9-de-fermeture Enregistrement-SPFE\n24-03-2026 (1 page) Page 3\n01-2026-03-11-00003 - Arr\u00eat\u00e9-de-fermeture SDIF-AIN 24-03-2026 (1 page) Page 5\n01-2026-03-11-00004 - Arr\u00eat\u00e9-de-fermeture SIE-antenne-Bourg-en-Bresse\n24-03-2026 (1 page) Page 7\n01-2026-03-11-00005 - Arr\u00eat\u00e9-de-fermeture SIP-Amendes-Bourg-en-Bresse\n24-03-2026 (1 page) Page 9\n01_DDT_Direction d\u00e9partementale des territoires de l'Ain /\n01-2026-03-11-00006 - 2026ArreteSubFprnmAnimationPapi3CmRaa (6\npages) Page 11\n01-2026-03-09-00002 - Arr\u00eat\u00e9 Inter-pr\u00e9fectoral n\u00b0\nDDT-2026-01-74-01\nportant r\u00e9glementation de la circulation sur\nl'autoroute A 40 pendant les travaux de\nmaintenance du tunnel du\nVuache et les travaux de protection de nappe de captage\nde\nDingy-en-Vuache (18 pages) Page 18\n01-2026-03-11-00001 - Arr\u00eat\u00e9 relatif aux modalit\u00e9s de mise en oeuvre\ndu \u00ab\u00a0fonds d'urgence exceptionnel\u00a0\u00bb de soutien \u00e0 la fili\u00e8re\nc\u00e9r\u00e9ali\u00e8re, ol\u00e9agineuse et prot\u00e9agineuse (6 pages) Page 37\n01_Pref_Pr\u00e9fecture de l'Ain /\n01-2026-03-11-00007 - Arr\u00eat\u00e9 pr\u00e9fectoral autorisant l'installation\ntemporaire d'une tente stretch dans le p\u00e9rim\u00e8tre du site class\u00e9 du lac\nde Nantua et ses abords au profit de la SCI DU GLACIER FONDU du 15 juin\n2026 au 14 septembre (2 pages) Page 44\n2\n01_DDFIP_Direction d\u00e9partementale des\nfinances publiques de l'Ain\n01-2026-03-11-00002\nArr\u00eat\u00e9-de-fermeture Enregistrement-SPFE\n24-03-2026\n01_DDFIP_Direction d\u00e9partementale des finances publiques de l'Ain - 01-2026-03-11-00002 - Arr\u00eat\u00e9-de-fermeture Enregistrement-SPFE\n24-03-2026 3\nDIRECTION GENERALE DES FINANCES PUBLIQUES               A Bourg-en-Bresse, le 11 mars 2026\nDIRECTION DEPARTEMENTALE DES FINANCES\nPUBLIQUES  DE L'AIN\n11 boulevard du mar\u00e9chal Leclerc \u2013 BP 40423\n01012 BOURG EN BRESSE CEDEX\nD\u00e9cision de fermeture de l'antenne \u00e0 Bourg-en-Bresse \ndu Service de Publicit\u00e9 fonci\u00e8re et de l'Enregistrement de l'Ain \nVu le d\u00e9cret n\u00b0 71-69 du 26 janvier 1971 relatif au r\u00e9gime d'ouverture au public des services\next\u00e9rieurs de l'\u00c9tat ;\nVu le d\u00e9cret n\u00b0 2004-374 du 29 avril 2004 modifi\u00e9 relatif au pouvoir des pr\u00e9fets, \u00e0 l'organisation et\n\u00e0 l'action des services de l'\u00c9tat dans les r\u00e9gions et les d\u00e9partements, notamment ses articles 26 et\n43 ;\nVu le d\u00e9cret n\u00b0 2008-310 du 3 avril 2008 relatif \u00e0 la direction g\u00e9n\u00e9rale des finances publiques ;\nVu le d\u00e9cret n\u00b0 2009-208 du 20 f\u00e9vrier 2009 relatif au statut particulier des administrateurs des\nfinances publiques ;\nVu le d\u00e9cret n\u00b0 2009-707 du 16 juin 2009 modifi\u00e9 relatif aux services d\u00e9concentr\u00e9s de la direction\ng\u00e9n\u00e9rale des finances publiques ;\nVu l'arr\u00eat\u00e9 pr\u00e9fectoral du 6 janvier 2026  portant d\u00e9l\u00e9gation de signature en mati\u00e8re de fermeture\nexceptionnelle des services d\u00e9concentr\u00e9s de la direction d\u00e9partementale des finances publiques\nde  l'Ain  \u00e0  M.  Vincent  BONARDI,  administrateur  g\u00e9n\u00e9ral  des  finances  publiques,  directeur\nd\u00e9partemental des finances publiques de l'Ain ;\nDECIDE :\nArt. 1Er - L'antenne \u00e0 Bourg-en-Bresse du Service de Publicit\u00e9 fonci\u00e8re et de l'Enregistrement de l'Ain\nsera ferm\u00e9e le mardi 24 mars 2026.\nArt. 2 - Le pr\u00e9sent arr\u00eat\u00e9 sera publi\u00e9 au Recueil des actes administratifs de la pr\u00e9fecture.\nLe Directeur d\u00e9partemental des Finances publiques de l'Ain\n                                                                                                    SIGN\u00c9\nVincent BONARDI\n01_DDFIP_Direction d\u00e9partementale des finances publiques de l'Ain - 01-2026-03-11-00002 - Arr\u00eat\u00e9-de-fermeture Enregistrement-SPFE\n24-03-2026 4\n01_DDFIP_Direction d\u00e9partementale des\nfinances publiques de l'Ain\n01-2026-03-11-00003\nArr\u00eat\u00e9-de-fermeture SDIF-AIN 24-03-2026\n01_DDFIP_Direction d\u00e9partementale des finances publiques de l'Ain - 01-2026-03-11-00003 - Arr\u00eat\u00e9-de-fermeture SDIF-AIN 24-03-2026 5\nDIRECTION GENERALE DES FINANCES PUBLIQUES               A Bourg-en-Bresse, le 11 mars 2026\nDIRECTION DEPARTEMENTALE DES FINANCES\nPUBLIQUES  DE L'AIN\n11 boulevard du mar\u00e9chal Leclerc \u2013 BP 40423\n01012 BOURG EN BRESSE CEDEX\nD\u00e9cision de fermeture du Service D\u00e9partemental des Imp\u00f4ts Fonciers de l'Ain\nVu le d\u00e9cret n\u00b0 71-69 du 26 janvier 1971 relatif au r\u00e9gime d'ouverture au public des services\next\u00e9rieurs de l'\u00c9tat ;\nVu le d\u00e9cret n\u00b0 2004-374 du 29 avril 2004 modifi\u00e9 relatif au pouvoir des pr\u00e9fets, \u00e0 l'organisation et\n\u00e0 l'action des services de l'\u00c9tat dans les r\u00e9gions et les d\u00e9partements, notamment ses articles 26 et\n43 ;\nVu le d\u00e9cret n\u00b0 2008-310 du 3 avril 2008 relatif \u00e0 la direction g\u00e9n\u00e9rale des finances publiques ;\nVu le d\u00e9cret n\u00b0 2009-208 du 20 f\u00e9vrier 2009 relatif au statut particulier des administrateurs des\nfinances publiques ;\nVu le d\u00e9cret n\u00b0 2009-707 du 16 juin 2009 modifi\u00e9 relatif aux services d\u00e9concentr\u00e9s de la direction\ng\u00e9n\u00e9rale des finances publiques ;\nVu l'arr\u00eat\u00e9 pr\u00e9fectoral du 6 janvier 2026  portant d\u00e9l\u00e9gation de signature en mati\u00e8re de fermeture\nexceptionnelle des services d\u00e9concentr\u00e9s de la direction d\u00e9partementale des finances publiques\nde  l'Ain  \u00e0  M.  Vincent  BONARDI,  administrateur  g\u00e9n\u00e9ral  des  finances  publiques,  directeur\nd\u00e9partemental des finances publiques de l'Ain ;\nDECIDE :\nArt. 1Er - Le Service D\u00e9partemental des Imp\u00f4ts Fonciers de l'Ain sera ferm\u00e9 au public le mardi 24\nmars 2026.\nArt. 2 - Le pr\u00e9sent arr\u00eat\u00e9 sera publi\u00e9 au Recueil des actes administratifs de la pr\u00e9fecture.\nLe Directeur d\u00e9partemental des Finances publiques de l'Ain\n                                                                                                    SIGN\u00c9\nVincent BONARDI\n01_DDFIP_Direction d\u00e9partementale des finances publiques de l'Ain - 01-2026-03-11-00003 - Arr\u00eat\u00e9-de-fermeture SDIF-AIN 24-03-2026 6\n01_DDFIP_Direction d\u00e9partementale des\nfinances publiques de l'Ain\n01-2026-03-11-00004\nArr\u00eat\u00e9-de-fermeture SIE-antenne-Bourg-en-Bresse\n24-03-2026\n01_DDFIP_Direction d\u00e9partementale des finances publiques de l'Ain - 01-2026-03-11-00004 - Arr\u00eat\u00e9-de-fermeture\nSIE-antenne-Bourg-en-Bresse 24-03-2026 7\nDIRECTION GENERALE DES FINANCES PUBLIQUES               A Bourg-en-Bresse, le 11 mars 2026\nDIRECTION DEPARTEMENTALE DES FINANCES\nPUBLIQUES  DE L'AIN\n11 boulevard du mar\u00e9chal Leclerc \u2013 BP 40423\n01012 BOURG EN BRESSE CEDEX\nD\u00e9cision de fermeture de l'antenne du Service des imp\u00f4ts des entreprises\nde Saint-Laurent sise \u00e0 Bourg-en-Bresse \nVu le d\u00e9cret n\u00b0 71-69 du 26 janvier 1971 relatif au r\u00e9gime d'ouverture au public des services\next\u00e9rieurs de l'\u00c9tat ;\nVu le d\u00e9cret n\u00b0 2004-374 du 29 avril 2004 modifi\u00e9 relatif au pouvoir des pr\u00e9fets, \u00e0 l'organisation et\n\u00e0 l'action des services de l'\u00c9tat dans les r\u00e9gions et les d\u00e9partements, notamment ses articles 26 et\n43 ;\nVu le d\u00e9cret n\u00b0 2008-310 du 3 avril 2008 relatif \u00e0 la direction g\u00e9n\u00e9rale des finances publiques ;\nVu le d\u00e9cret n\u00b0 2009-208 du 20 f\u00e9vrier 2009 relatif au statut particulier des administrateurs des\nfinances publiques ;\nVu le d\u00e9cret n\u00b0 2009-707 du 16 juin 2009 modifi\u00e9 relatif aux services d\u00e9concentr\u00e9s de la direction\ng\u00e9n\u00e9rale des finances publiques ;\nVu l'arr\u00eat\u00e9 pr\u00e9fectoral du 6 janvier 2026  portant d\u00e9l\u00e9gation de signature en mati\u00e8re de fermeture\nexceptionnelle des services d\u00e9concentr\u00e9s de la direction d\u00e9partementale des finances publiques\nde  l'Ain  \u00e0  M.  Vincent  BONARDI,  administrateur  g\u00e9n\u00e9ral  des  finances  publiques,  directeur\nd\u00e9partemental des finances publiques de l'Ain ;\nDECIDE :\nArt. 1Er -  L'antenne du Service des Imp\u00f4ts des Entreprises de Saint-Laurent, situ\u00e9e \u00e0 Bourg-en-\nBresse, sera ferm\u00e9e au public le mardi 24 mars 2026.\nArt. 2 - Le pr\u00e9sent arr\u00eat\u00e9 sera publi\u00e9 au Recueil des actes administratifs de la pr\u00e9fecture.\nLe Directeur d\u00e9partemental des Finances publiques de l'Ain\n                                                                                                    SIGN\u00c9\nVincent BONARDI\n01_DDFIP_Direction d\u00e9partementale des finances publiques de l'Ain - 01-2026-03-11-00004 - Arr\u00eat\u00e9-de-fermeture\nSIE-antenne-Bourg-en-Bresse 24-03-2026 8\n01_DDFIP_Direction d\u00e9partementale des\nfinances publiques de l'Ain\n01-2026-03-11-00005\nArr\u00eat\u00e9-de-fermeture\nSIP-Amendes-Bourg-en-Bresse 24-03-2026\n01_DDFIP_Direction d\u00e9partementale des finances publiques de l'Ain - 01-2026-03-11-00005 - Arr\u00eat\u00e9-de-fermeture\nSIP-Amendes-Bourg-en-Bresse 24-03-2026 9\nDIRECTION GENERALE DES FINANCES PUBLIQUES               A Bourg-en-Bresse, le 11 mars 2026\nDIRECTION DEPARTEMENTALE DES FINANCES\nPUBLIQUES  DE L'AIN\n11 boulevard du mar\u00e9chal Leclerc \u2013 BP 40423\n01012 BOURG EN BRESSE CEDEX\nD\u00e9cision de fermeture du Service des Imp\u00f4ts des Particuliers et Amendes \nde Bourg-en-Bresse \nVu le d\u00e9cret n\u00b0 71-69 du 26 janvier 1971 relatif au r\u00e9gime d'ouverture au public des services\next\u00e9rieurs de l'\u00c9tat ;\nVu le d\u00e9cret n\u00b0 2004-374 du 29 avril 2004 modifi\u00e9 relatif au pouvoir des pr\u00e9fets, \u00e0 l'organisation et\n\u00e0 l'action des services de l'\u00c9tat dans les r\u00e9gions et les d\u00e9partements, notamment ses articles 26 et\n43 ;\nVu le d\u00e9cret n\u00b0 2008-310 du 3 avril 2008 relatif \u00e0 la direction g\u00e9n\u00e9rale des finances publiques ;\nVu le d\u00e9cret n\u00b0 2009-208 du 20 f\u00e9vrier 2009 relatif au statut particulier des administrateurs des\nfinances publiques ;\nVu le d\u00e9cret n\u00b0 2009-707 du 16 juin 2009 modifi\u00e9 relatif aux services d\u00e9concentr\u00e9s de la direction\ng\u00e9n\u00e9rale des finances publiques ;\nVu l'arr\u00eat\u00e9 pr\u00e9fectoral du 6 janvier 2026  portant d\u00e9l\u00e9gation de signature en mati\u00e8re de fermeture\nexceptionnelle des services d\u00e9concentr\u00e9s de la direction d\u00e9partementale des finances publiques\nde  l'Ain  \u00e0  M.  Vincent  BONARDI,  administrateur  g\u00e9n\u00e9ral  des  finances  publiques,  directeur\nd\u00e9partemental des finances publiques de l'Ain ;\nDECIDE :\nArt. 1Er - Le Service des Imp\u00f4ts des Particuliers et Amendes de Bourg-en-Bresse sera ferm\u00e9 le mardi\n24 mars 2026.\nArt. 2 - Le pr\u00e9sent arr\u00eat\u00e9 sera publi\u00e9 au Recueil des actes administratifs de la pr\u00e9fecture.\nLe Directeur d\u00e9partemental des Finances publiques de l'Ain\n                                                                                                    SIGN\u00c9\nVincent BONARDI\n01_DDFIP_Direction d\u00e9partementale des finances publiques de l'Ain - 01-2026-03-11-00005 - Arr\u00eat\u00e9-de-fermeture\nSIP-Amendes-Bourg-en-Bresse 24-03-2026 10\n01_DDT_Direction d\u00e9partementale des\nterritoires de l'Ain\n01-2026-03-11-00006\n2026ArreteSubFprnmAnimationPapi3CmRaa\n01_DDT_Direction d\u00e9partementale des territoires de l'Ain - 01-2026-03-11-00006 - 2026ArreteSubFprnmAnimationPapi3CmRaa 11\nA R R \u00ca T \u00c9\nportant d\u00e9cision d'attribution d'une subvention au titre du fonds de pr\u00e9vention\ndes risques naturels majeurs (FPRNM)\nau b\u00e9n\u00e9fice de la communaut\u00e9 de communes de la C\u00f4ti\u00e8re \u00e0 Montluel (3CM)\ndans le cadre de l'animation du programme d'actions de pr\u00e9vention\ndes inondations (PAPI) pour l'ann\u00e9e 2026\nLe pr\u00e9fet de l'Ain,\nVu la loi organique relative aux lois de finances (LOLF) n\u00b02001-692 du 1 er ao\u00fbt 2001 ;\nVu le d\u00e9cret n\u00b02025-723 du 30 juillet 2025 modifiant le d\u00e9cret n\u00b0 2004-374 du 29 avril\n2004 relatif aux pouvoirs des pr\u00e9fets, \u00e0 l'organisation et \u00e0 l'action des services de l'\u00c9tat\ndans les r\u00e9gions et d\u00e9partements ;\nVu le  d \u00e9cret  n\u00b0  2012-1246  du  7  novembre  2012  relatif  \u00e0  la  gestion  budg\u00e9taire  et\ncomptable publique ;\nVu le d\u00e9cret n\u00b0 2018-514 du 25 juin 2018 relatif aux subventions de l'\u00c9tat pour des projets\nd'investissement ;\nVu le d\u00e9cret du 02 d\u00e9cembre 2025 portant nomination de M. Louis-Xavier THIRODE en\ntant que pr\u00e9fet de l'Ain ;\nVu l'arr\u00eat\u00e9 du 21 ao\u00fbt 2018 pris en application de l'article 3 du d\u00e9cret n\u00b0 2018-514 du 25\njuin 2018 relatif aux subventions de l'\u00c9tat pour des projets d'investissement  ;\nVu la note technique du 22 d\u00e9cembre 2021 relative au fonds de pr\u00e9vention des risques\nnaturels majeurs (FPRNM) ;\nVu le cahier des charges de l'appel \u00e0 projet relatif aux programmes d'actions pour la\npr\u00e9vention des inondations \u00ab PAPI 3 2023 \u00bb ;\nService urbanisme et risques\nUnit\u00e9 pr\u00e9vention des risques\nDIRECTION D\u00c9PARTEMENTALE\nDES TERRITOIRES\n01_DDT_Direction d\u00e9partementale des territoires de l'Ain - 01-2026-03-11-00006 - 2026ArreteSubFprnmAnimationPapi3CmRaa 12\nVu la note du 10 juillet 2023 portant mise en \u0153uvre du cahier des charges de l'appel \u00e0\nprojets relatif aux programmes d'actions de pr\u00e9vention des inondations \u00ab  PAPI 3 2023 \u00bb ;\nVu la note du 14 janvier 2026 actualisant la liste des pi\u00e8ces exigibles pour l'instruction des\ndemandes de subvention au titre du fonds de pr\u00e9vention des risques naturels majeurs\n(FPRNM) dit \u00ab fonds Barnier \u00bb ;\nVu le courrier d'intention de la communaut\u00e9 de communes de la C\u00f4ti\u00e8re \u00e0 Montluel\n(3CM) du 25 octobre 2022 d'engager un programme d'actions pour la pr\u00e9vention des\ninondations (PAPI) sur le bassin versant de la Sereine et du Cottey  ;\nVu  la  demande  de  subvention  au  titre  du  fonds  de  pr\u00e9vention  des  risques  naturels\nmajeurs (FPRNM) pr\u00e9sent\u00e9e par la communaut\u00e9 de communes de la C\u00f4ti\u00e8re \u00e0 Montluel\n(3CM),  le  24  d\u00e9cembre  2025  au  titre  de  l'animation  de  la  d\u00e9marche  concernant  un\nprogramme d'actions de pr\u00e9vention des inondations (PAPI) pour l'ann\u00e9e 2026 ;\nSur proposition de M. le directeur d\u00e9partemental des territoires de l'Ain  ;\nARR\u00caTE\nArticle 1\nUne subvention de l'\u00c9tat est attribu\u00e9e  \u00e0 la communaut\u00e9 de communes de la C\u00f4ti\u00e8re \u00e0\nMontluel (3CM), d\u00e9nomm\u00e9 ci-apr\u00e8s \u00ab  b\u00e9n\u00e9ficiaire \u00bb dont le si\u00e8ge se situe ZAC Cap &  Co,\n485 rue des Valets 01120 MONTLUEL, num\u00e9ro SIRET : 240 100 610 000 80,\npour la r\u00e9alisation de l'op\u00e9ration suivante :\nanimation du PAPI Sereine et Cottey pour l'ann\u00e9e 2026\nL'objet  de  la  d\u00e9pense  concerne  les  moyens  humains  relatifs  \u00e0  la  mise  en  \u0153uvre  du\nprogramme d'\u00e9tudes pr\u00e9alables (PEP) au programme d'actions pour la pr\u00e9vention des\ninondations (PAPI) sur le bassin versant de la Sereine et du Cottey, notamment  :\n\u2022 la finalisation du dossier du PEP\n\u2022 la mise en \u0153uvre et suivi des actions du PEP\n\u2022 les relations partenaires / coordination\n\u2022 l'animation de r\u00e9unions (COTECH, COPIL)\n\u2022 les supports de pr\u00e9sentations, comptes-rendus\n\u2022 le suivi administratif et financier\nUne mise \u00e0 jour de l'outil TRITON (outil de suivi de la mise en \u0153uvre des PAPI) doit \u00eatre\nr\u00e9alis\u00e9e par le b\u00e9n\u00e9ficiaire.\n2/6\n01_DDT_Direction d\u00e9partementale des territoires de l'Ain - 01-2026-03-11-00006 - 2026ArreteSubFprnmAnimationPapi3CmRaa 13\nLes  caract\u00e9ristiques  de  l'animation  pr\u00e9cisant  notamment  son  co\u00fbt,  le  plan  de\nfinancement  et  le  programme  pr\u00e9visionnel  pr\u00e9cisant  les  objectifs  et  les  r\u00e9alisations\nattendus  au  cours  de  l'ann\u00e9e  2026  sont  d\u00e9crites  dans  le  dossier  de  demande  de\nsubvention et ses \u00e9ventuelles annexes.\nArticle 2\nLe montant pr\u00e9visionnel de la d\u00e9pense subventionnable est de  : 43 358,00 \u20ac (charges\npatronales comprises).\nL'assiette  maximale  subventionnable  est  de  130  000,00  \u20ac  par  an  (montant  des\nr\u00e9mun\u00e9rations dont les charges patronales).\nLe taux de subvention de l'\u00c9tat est de 50  %, soit un maximum de 65 000,00 \u20ac par an\n(montant des r\u00e9mun\u00e9rations dont les charges patronales).\nLe montant pr\u00e9visionnel de la subvention s'\u00e9tablit \u00e0 :\n21 679,00 \u20ac (r\u00e9mun\u00e9ration dont les charges patronales)\n(vingt-et-un-mille-six-cent-soixante-dix-neuf euros)\nLa d\u00e9pense subventionnable ne peut int\u00e9grer les d\u00e9penses effectu\u00e9es ant\u00e9rieurement \u00e0 la\ndate de r\u00e9ception de la demande de subvention.\nArticle 3\nLa subvention est imput\u00e9e sur le budget g\u00e9n\u00e9ral de l'\u00c9tat \u2013 BOP 181   \u00ab  Pr\u00e9vention des\nRisques \u00bb action 14 - Fonds de pr\u00e9vention des risques naturels majeurs (FPRNM) \u2013 sous-\naction  0181-14-01  \u2013  plans  d'action  port\u00e9s  par  les  collectivit\u00e9s  locales  \u2013  activit\u00e9\n018114FB0101 - PAPI (hors RVPAPI).\nLorsque des suj\u00e9tions impr\u00e9visibles par le b\u00e9n\u00e9ficiaire conduisent \u00e0 une profonde remise\nen cause du montant estim\u00e9 du projet, le b\u00e9n\u00e9ficiaire devra en informer rapidement le\nservice instructeur.\nLe b\u00e9n\u00e9ficiaire doit s'engager \u00e0 apporter un minimum d'autofinancement de 20  % du\nco\u00fbt d\u00e9finitif \u00e9ligible. Le b\u00e9n\u00e9ficiaire s'est engag\u00e9 \u00e0 apporter 50 % d'autofinancement.\nLe montant d\u00e9finitif de la subvention ne peut avoir pour effet de porter le montant total\ndes aides publiques au-del\u00e0 du montant pr\u00e9visionnel de la d\u00e9pense subventionnable. Au\nsens du pr\u00e9sent arr\u00eat\u00e9, constituent des aides publiques les subventions et aides de toute\nnature  directes  et  indirectes  accord\u00e9es  par  l'\u00c9tat,  ses  \u00e9tablissements  publics,  les\ncollectivit\u00e9s  territoriales  et  leurs  \u00e9tablissements  publics,  l'Union  europ\u00e9enne  et  les\norganisations internationales.\n3/6\n01_DDT_Direction d\u00e9partementale des territoires de l'Ain - 01-2026-03-11-00006 - 2026ArreteSubFprnmAnimationPapi3CmRaa 14\nArticle 4\nL'animation du dispositif PAPI est financ\u00e9e par l'\u00c9tat dans un d\u00e9lai maximum de quatre\nans pour la premi\u00e8re phase du PAPI, de la d\u00e9claration d'intention \u00e0 la labellisation du\nPAPI. Une ann\u00e9e de soutien financier suppl\u00e9mentaire est possible sur justification, par\nd\u00e9cision de l'autorit\u00e9 comp\u00e9tente.\nAucun  commencement  d'ex\u00e9cution  du  projet  ne  peut  \u00eatre  op\u00e9r\u00e9  avant  la  date  de\nr\u00e9ception de la demande de subvention.\nLa date pr\u00e9visionnelle d'ach\u00e8vement est fix\u00e9e au 31 d\u00e9cembre 2026.\nArticle 5\nLe paiement de la subvention intervient, sous r\u00e9serve de la disponibilit\u00e9 des cr\u00e9dits, sur\njustification de la r\u00e9alisation de l'op\u00e9ration et de la conformit\u00e9 de ses caract\u00e9ristiques\navec celles vis\u00e9es par la d\u00e9cision attributive.\nL'ordonnateur secondaire d\u00e9l\u00e9gu\u00e9 est le directeur d\u00e9partemental des territoires de l'Ain.\nLe comptable assignataire est le directeur r\u00e9gional des finances publiques D.R.F.I.P. du\nd\u00e9partement du Rh\u00f4ne.\nLa demande de solde doit \u00eatre d\u00e9pos\u00e9e en d\u00e9but d'ann\u00e9e 2027 ou au plus tard trois mois\napr\u00e8s la fin de la mission (en mars 2027).\nLes pi\u00e8ces \u00e0 transmettre pour la demande de mise en paiement sont les suivantes  :\n\u2022 une  lettre  de  demande  de  paiement  par  laquelle  le  b\u00e9n\u00e9ficiaire  certifie  le\npourcentage d'ETP finalement d\u00e9di\u00e9 \u00e0 l'animation du PAPI pour l'ann\u00e9e 2026, les\nsalaires aff\u00e9rents, la r\u00e9alisation des missions par le(s) charg\u00e9(s) de mission PAPI\nconform\u00e9ment  au  programme  pr\u00e9visionnel  du  ou  des  poste(s)  au\n31 d\u00e9cembre 2026 ;\n\u2022 un \u00e9tat r\u00e9capitulatif d\u00e9taill\u00e9 des d\u00e9penses de salaire vis\u00e9 par le b\u00e9n\u00e9ficiaire et le\ncomptable public ;\n\u2022 un bilan synth\u00e9tique de l'activit\u00e9 sur l'ann\u00e9e concern\u00e9e sous la forme par exemple\nd'un tableau  r\u00e9capitulant  les  op\u00e9rations  et  missions  r\u00e9alis\u00e9es  dans  le cadre de\nl'animation du PAPI (tableau programme pr\u00e9visionnel fourni lors de la demande de\nsubvention) ;\n\u2022 tout document attestant de la r\u00e9alisation des missions financ\u00e9es (pr\u00e9sentations et\ncomptes-rendus de r\u00e9unions, COPIL, COTECH, rapports d'\u00e9tudes...)\nEn l'absence de r\u00e9ception de ces documents par l'autorit\u00e9 comp\u00e9tente, aucun paiement\nne peut intervenir au profit du b\u00e9n\u00e9ficiaire.\n4/6\n01_DDT_Direction d\u00e9partementale des territoires de l'Ain - 01-2026-03-11-00006 - 2026ArreteSubFprnmAnimationPapi3CmRaa 15\nArticle 6\nUne avance de 30% du montant maximum pr\u00e9visionnel de la subvention est vers\u00e9e lors du\ncommencement d'ex\u00e9cution du projet. \nSur demande du b\u00e9n\u00e9ficiaire, des acomptes peuvent \u00eatre vers\u00e9s au fur et \u00e0 mesure de\nl'avancement du projet, au prorata de sa r\u00e9alisation et dans la limite de 80  % (le cas\n\u00e9ch\u00e9ant, avance comprise) du montant maximum de la subvention.\nLe solde sera calcul\u00e9 sur la base du temps d'animation effectivement d\u00e9di\u00e9 au PAPI et de\nla bonne r\u00e9alisation des missions pr\u00e9vues dans la demande de subvention, d\u00e9duction\nfaite de l'avance et des acomptes ant\u00e9rieurement vers\u00e9s.\nArticle 7\nL'op\u00e9ration sera r\u00e9alis\u00e9e selon le plan de financement et le plan de r\u00e9alisation mentionn\u00e9s\ndans le dossier de demande de subvention et ses annexes.\nLe b\u00e9n\u00e9ficiaire est tenu d'informer r\u00e9guli\u00e8rement le service instructeur de l'avancement\nde l'op\u00e9ration.\nEn cas de modification du plan de r\u00e9alisation ou du plan de financement, le b\u00e9n\u00e9ficiaire\ndevra communiquer les \u00e9l\u00e9ments au service instructeur.\nEn cas d'abandon de l'op\u00e9ration, le b\u00e9n\u00e9ficiaire est tenu d'en informer le m\u00eame service\npour permettre la cl\u00f4ture de l'op\u00e9ration. Ainsi, le b\u00e9n\u00e9ficiaire s'engage \u00e0 proc\u00e9der au\nreversement des sommes ind\u00fbment per\u00e7ues dans les plus brefs d\u00e9lais et, au plus tard,\ndans le mois qui suit la r\u00e9ception du titre de perception.\nArticle 8\nLe pr\u00e9sent arr\u00eat\u00e9 sera ins\u00e9r\u00e9 au recueil des actes administratifs de la pr\u00e9fecture de l'Ain\net sera publi\u00e9 sur le site internet des services de l'\u00c9tat dans l'Ain.\nArticle 9\nLe pr\u00e9sent arr\u00eat\u00e9 entre en vigueur \u00e0 compter de sa notification.\nArticle 10\nLe pr\u00e9sent arr\u00eat\u00e9 peut faire l'objet d'un recours contentieux, dans le d\u00e9lai de deux mois \u00e0\ncompter de sa notification, devant le tribunal administratif de Lyon. \nLe tribunal administratif peut \u00eatre saisi par courrier (de pr\u00e9f\u00e9rence en recommand\u00e9 avec\naccus\u00e9 de r\u00e9ception) ou par la voie de l'application \u00ab  Telerecours citoyens \u00bb accessible \u00e0\npartir du site www.telerecours.fr.\n5/6\n01_DDT_Direction d\u00e9partementale des territoires de l'Ain - 01-2026-03-11-00006 - 2026ArreteSubFprnmAnimationPapi3CmRaa 16\nArticle 11\nLe directeur d\u00e9partemental des territoires de l'Ain et le directeur r\u00e9gional des finances\npubliques  du  Rh\u00f4ne  sont  charg\u00e9s,  chacun  en  ce  qui  le  concerne,  de  l'ex\u00e9cution  du\npr\u00e9sent arr\u00eat\u00e9.\nFait \u00e0 Bourg en Bresse, le 11 mars 2026\nPar d\u00e9l\u00e9gation du pr\u00e9fet,\nLe directeur,\nSIGNE\nVincent PATRIARCA\n6/6\n01_DDT_Direction d\u00e9partementale des territoires de l'Ain - 01-2026-03-11-00006 - 2026ArreteSubFprnmAnimationPapi3CmRaa 17\n01_DDT_Direction d\u00e9partementale des\nterritoires de l'Ain\n01-2026-03-09-00002\nArr\u00eat\u00e9 Inter-pr\u00e9fectoral n\u00b0 DDT-2026-01-74-01\nportant r\u00e9glementation de la circulation sur\nl'autoroute A 40 pendant les travaux de\nmaintenance du tunnel du Vuache et les travaux\nde protection de nappe de captage de\nDingy-en-Vuache\n01_DDT_Direction d\u00e9partementale des territoires de l'Ain - 01-2026-03-09-00002 - Arr\u00eat\u00e9 Inter-pr\u00e9fectoral n\u00b0 DDT-2026-01-74-01\nportant r\u00e9glementation de la circulation sur l'autoroute A 40 pendant les travaux de\nmaintenance du tunnel du Vuache et les travaux de protection de nappe de captage de\nDingy-en-Vuache\n18\nDirection d\u00e9partementale des territoires\nde l'Ain\nDirection d\u00e9partementale des territoires\nde la Haute-Savoie\nLe pr\u00e9fet de l'Ain La pr\u00e9f\u00e8te de la Haute-Savoie\nChevalier de la L\u00e9gion d'honneur\nChevalier de l'ordre national du M\u00e9rite\nArr\u00eat\u00e9 Inter-pr\u00e9fectoral n\u00b0 DDT-2026-01-74-01\nportant r\u00e9glementation de la circulation sur l'autoroute A 40 pendant les travaux de\nmaintenance du tunnel du Vuache et les travaux de protection de nappe de captage de\nDingy-en-Vuache\nVU le code de la route ;\nVU la loi n\u00b0 82.213 du 2 mars 1982 relative aux droits et libert\u00e9s de communes, des d\u00e9partements et\ndes r\u00e9gions, modifi\u00e9e et compl\u00e9t\u00e9e par la loi n\u00b0 82.623 du 22  juillet 1982 et la loi 83-8 du 7 janvier\n1983 ;\nVU le d\u00e9cret n\u00b0 2004-374 du 29 avril 2004 modifi\u00e9, relatif aux pouvoirs des pr\u00e9fets, \u00e0 l'organisation et \u00e0\nl'action des services de l'\u00c9tat dans les r\u00e9gions et d\u00e9partements ;\nVU  le d\u00e9cret en conseil des ministres du 02 d\u00e9cembre 2025 portant nomination de Monsieur Louis-\nXavier THIRODE, en qualit\u00e9 de pr\u00e9fet de l'Ain ;\nVU le d\u00e9cret du 19 mars 2025 portant nomination de Madame Emmanuelle DUB\u00c9E, pr\u00e9f\u00e8te, en qualit\u00e9\nde pr\u00e9f\u00e8te de la Haute-Savoie ;\nVU l'arr\u00eat\u00e9 interminist\u00e9riel du 24 novembre 1967 relatif \u00e0 la signalisation des routes et autoroutes,\nmodifi\u00e9 ;\nVU  l'arr\u00eat\u00e9  inter-pr\u00e9fectoral  permanent  n\u00b0  DDT-01-74-2024-02  du  16  juillet  2024  portant\nr\u00e9glementation de la police de la circulation routi\u00e8re sur les autoroutes A 40, A 41 et A 411  dans les\nd\u00e9partements de la haute Savoie et de l'Ain.\nVU l'arr\u00eat\u00e9 pr\u00e9fectoral du 22 d\u00e9cembre 2025 portant d\u00e9l\u00e9gation de signature de Vincent PATRIARCA,\ndirecteur d\u00e9partemental des territoires ;\n1/9\n23 rue Bourgmayer \u2013 CS 90410\n01000 BOURG-EN-BRESSE cedex\nT\u00e9l. : 04 74 45 62 37\nM\u00e9l. : ddt@ain.gouv.fr\nwww.ain.gouv.fr\n15 rue Henry-Bordeaux\n74998 ANNECY cedex 9\nT\u00e9l. : 04 50 33 60 00\nM\u00e9l. : ddt@haute-savoie.gouv.fr\nwww.haute-savoie.gouv.fr\n01_DDT_Direction d\u00e9partementale des territoires de l'Ain - 01-2026-03-09-00002 - Arr\u00eat\u00e9 Inter-pr\u00e9fectoral n\u00b0 DDT-2026-01-74-01\nportant r\u00e9glementation de la circulation sur l'autoroute A 40 pendant les travaux de\nmaintenance du tunnel du Vuache et les travaux de protection de nappe de captage de\nDingy-en-Vuache\n19\nVU  l'arr\u00eat\u00e9  pr\u00e9fectoral  du  23  d\u00e9cembre 2025  portant  subd\u00e9l\u00e9gation  de  signature  du  directeur\nd\u00e9partemental des territoires en mati\u00e8re de comp\u00e9tences g\u00e9n\u00e9rales ; \nVU l'arr\u00eat\u00e9 pr\u00e9fectoral n\u00b0 SGCD/SLI/PAC/2025_032 du 07 avril 2025 portant d\u00e9l\u00e9gation de signature \u00e0\nM.Jean-Fran\u00e7ois HOU, directeur d\u00e9partemental des territoires de la Haute-Savoie ;\nVU l'arr\u00eate pr\u00e9fectoral n\u00b0DDT-2025-1262 du 27 novembre 2025 portant subd\u00e9l\u00e9gation de signature du\ndirecteur d\u00e9partemental des territoires de la Haute-Savoie ;\nVU la circulaire des jours hors chantier pour l'ann\u00e9e 2026 ;\nVU la demande de M. le directeur du r\u00e9seau et de l'environnement ATMB en date du 02 f\u00e9vrier 2026 ;\nVU l'avis de M. le sous-directeur des financements innovants, de la d\u00e9volution et du contr\u00f4le des\nconcessions autorouti\u00e8res (FCA) en date du 06 f\u00e9vrier 2026 ;\nVU l'avis de M. le directeur r\u00e9seau et client\u00e8le de la soci\u00e9t\u00e9 AREA en date du 04 mars 2026 ;\nVU l'avis de M. le colonel, commandant de l'escadron d\u00e9partemental de contr\u00f4le des flux de l'Ain du 03\nmars 2026 ;\nVU l'avis de M. le lieutenant, commandant le PMO de Saint-Julien-en-Genevois,  en date du 19 f\u00e9vrier\n2026 ;\nVU l'avis de M. le directeur d\u00e9partemental des services d'incendie et de secours de l'Ain en date du 04\nf\u00e9vrier 2026 ;\nVU l'avis de M. le directeur d\u00e9partemental des services d'incendie et de secours de la Haute-Savoie en\ndate du 05 f\u00e9vrier 2026 ;\nVU l'avis de M. le pr\u00e9sident du conseil d\u00e9partemental de l'Ain en date du 24 f\u00e9vrier 2026 ;\nVU l'avis de M. pr\u00e9sident du conseil d\u00e9partemental de la Haute-Savoie en date du 23 f\u00e9vrier 2026 ;\nVU l'avis du SIDPC de la pr\u00e9fecture de la Haute-Savoie en date du 04 f\u00e9vrier 2026 ;\nVU l'avis de M. le maire de la commune de Chaumont en date du 03 f\u00e9vrier 2026 ; \nVU l'avis de M. le maire de la commune de Chessenaz en date du 03 f\u00e9vrier 2026 ;\nVU l'avis de M. le maire de la commune de Frangy en date du 03 f\u00e9vrier 2026 ;\nVU l'avis de M. le maire de la commune de Jonzier-Epagny en date du 03 f\u00e9vrier 2026 ;\nVU l'avis de M. le maire de la commune de Marlioz en date du 05 f\u00e9vrier 2026 ;\n2/9\n01_DDT_Direction d\u00e9partementale des territoires de l'Ain - 01-2026-03-09-00002 - Arr\u00eat\u00e9 Inter-pr\u00e9fectoral n\u00b0 DDT-2026-01-74-01\nportant r\u00e9glementation de la circulation sur l'autoroute A 40 pendant les travaux de\nmaintenance du tunnel du Vuache et les travaux de protection de nappe de captage de\nDingy-en-Vuache\n20\nVU l'avis de M. le maire de la commune de Musi\u00e8ges en date du 03 f\u00e9vrier 2026 ; \nVU l'avis de Mme le maire de la commune de Saint-Julien-en-Genevois en date du 19 f\u00e9vrier 2026 ;\nVU la consultation de M. le maire de la commune de Sallen\u00f4ves en date du 02 f\u00e9vrier 2026 ;\nVU l'avis de M. le maire de la commune de Sillingy en date du 03 f\u00e9vrier 2026 ;\nVU la consultation de M. le maire de la commune de Valleiry en date du 02 f\u00e9vrier 2026 ;\nVU l'avis de M. le maire de la commune de Vanzy en date du 05 f\u00e9vrier 2026 ;\nVU l'avis de M. le maire de la commune de Viry en date du 03 f\u00e9vrier 2026 ;\nVU l'avis de Mme le maire de la commune de Vers en date du 04 f\u00e9vrier 2026 ;\nVU la consultation de M. le maire de la commune de Vulbens en date du 02 f\u00e9vrier 2026 ;\nVU la consultation de M. le maire de la commune Collonges en date du 24 f\u00e9vrier 2026 ;\nVU l'avis de Mme le maire de la commune de L\u00e9az en date du 05 f\u00e9vrier 2026 ;\nVU la consultation de M. le maire de la commune de Valserh\u00f4ne en date du 03 f\u00e9vrier 2026 ;\nCONSID\u00c9RANT qu'il importe d'assurer la protection des usagers pendant les travaux de maintenance\ndu tunnel du Vuache et les travaux de protection de nappe de captage de Dingy-en-Vuache.\nARR\u00caTENT\nArticle 1er : Pour permettre la r\u00e9alisa tion des travaux divers au tunnel du Vuache et ses alentours, la\ncirculation sur l'A40 est r\u00e9glement\u00e9e des PR 90+000 au PR 75+000 dans le sens M\u00e2con \u2013 Chamonix et\ndans le sens Chamonix \u2013 M\u00e2con aux dates suivantes :\n\u2022 Semaine 12 : du lundi 16 mars \u00e0 6h au vendredi 20 mars 15h\n\u2022 Semaine 21 : du lundi 18 mai \u00e0 6h au vendredi 22 mai 15h\n\u2022 Semaine 26 : du lundi 22 juin \u00e0 6h au vendredi 26 juin 15h\n\u2022 Semaine 27 : du lundi 29 juin \u00e0 6h au vendredi 03 juillet 15h\n\u2022 Semaine 28 : du lundi 06 juillet \u00e0 6h au vendredi 10 juillet 15h\n\u2022 Semaine 29 : le lundi 13 juillet de 6h \u00e0 17h et du mercredi 15 juillet 6h au vendredi 17 juillet 15h\n\u2022 Semaine 30 : du lundi 20 juillet \u00e0 6h au vendredi 24 juillet 15h\n3/9\n01_DDT_Direction d\u00e9partementale des territoires de l'Ain - 01-2026-03-09-00002 - Arr\u00eat\u00e9 Inter-pr\u00e9fectoral n\u00b0 DDT-2026-01-74-01\nportant r\u00e9glementation de la circulation sur l'autoroute A 40 pendant les travaux de\nmaintenance du tunnel du Vuache et les travaux de protection de nappe de captage de\nDingy-en-Vuache\n21\n\u2022 Semaine 31 : du lundi 27 juillet \u00e0 6h au vendredi 31 juillet 15h\nDurant ces p\u00e9riodes des neutralisations de voie de droite et/ou de voie de gauche peuvent \u00eatre mises\nen place entre les PR 90+000 et 75+000 sans jamais d\u00e9passer 10 km.\nLa vitesse est alors limit\u00e9e \u00e0 90 km/h sur les sections hors tunnel et \u00e0 70 km/h dans le tunnel.\nArticle   2   : Pour permettre la r\u00e9alisation des travaux de protection de nappe de captage au droit de la\ncommune de Dingy-En-Vuache, la circulation sur A40 est r\u00e9glement\u00e9 du PR 79+000 au PR 90+000 dans\nles deux sens de circulation aux dates suivantes :\n\u2022 Semaine 13 \u00e0 semaine 20 du lundi 23 mars 06h00 au mercredi 13 mai 18h \n\u2022 Semaine 22 \u00e0 semaine 25 du mardi 26 mai 06h00 au vendredi 19 juin 18h \nDurant ces p\u00e9riodes, des neutralisations de voie sont mises en place dans les conditions suivantes :\nSENS M\u00c2CON \u2013 CHAMONIX :\n\u2022 Neutralisation de la voie de droite sans jamais d\u00e9passer 10 km en semaine\n\u2022 Neutralisation de la voie de droite sans jamais d\u00e9passer 6 km le week-end et jours f\u00e9ri\u00e9s\n\u2022 Limitation de vitesse \u00e0 90 km/h sur les sections hors tunnel et \u00e0 70 km/h dans le tunnel\n\u2022 Mise en place de S\u00e9parateur Modulaire de Voie (SMV) entre les PR 83+360  et  82+300 en\nsemaine et le week-end\n\u2022 Pas de balisage les week-ends du 03/04 \u00e0 16h00 au 07/04 \u00e0 06h00 et du 17/04 \u00e0 18h00 au 20/04\n\u00e0 06h\nSENS CHAMONIX \u2013 M\u00c2CON :\n\u2022 Neutralisation de la voie de droite sans jamais d\u00e9passer 10 km en semaine\n\u2022 Neutralisation de la voie de droite sans jamais d\u00e9passer 6 km le week-end et jours f\u00e9ri\u00e9s\n\u2022 Limitation de vitesse \u00e0 90 km/h sur les sections hors tunnel et \u00e0 70 km/h dans le tunnel\n\u2022 Mise  en place  de S\u00e9parateur  Modulaire de Voie (SMV) entre les PR 82+200  et  83+360  la\nsemaine et le week-end.\n\u2022 Pas de balisage les week-ends du 03/04 \u00e0 10h00 au 07/04 \u00e0 06h00 et du 24/04 \u00e0 14h00 au 27/04\n\u00e0 06h\nEn annexe, une notice pr\u00e9cise les acc\u00e8s au tunnel du Vuache \u00e0 privil\u00e9gier pour les secours.\nPendant les p\u00e9riodes du lundi 23 mars 2026 \u00e0 06h00 au mercredi 13 mai 2026 \u00e0 18h, et du mardi 26\nmai 2026 \u00e0 06h00 au vendredi 19 juin 2026 \u00e0 18h, un radar autonome de chantier et sa signalisation\npeuvent \u00eatre positionn\u00e9s dans la zone de chantier.\nArticle 3     :   Pour permettre la r \u00e9alisation d'essais techniques et de travaux de maintenance dans le\ntunnel du Vuache, l'A40 est ferm\u00e9e dans les 2 sens de circulation entre le diffuseur n\u00b010 (Bellegarde-\nsur-Valserine) et le diffuseur n\u00b013 (Saint-Julien-en-Genevois), except\u00e9 pour les v\u00e9hicules n\u00e9cessaires au\nbon d\u00e9roulement des travaux, durant les nuits du 20 au 24 avril 2026 de 20h30 \u00e0 6h00.\n4/9\n01_DDT_Direction d\u00e9partementale des territoires de l'Ain - 01-2026-03-09-00002 - Arr\u00eat\u00e9 Inter-pr\u00e9fectoral n\u00b0 DDT-2026-01-74-01\nportant r\u00e9glementation de la circulation sur l'autoroute A 40 pendant les travaux de\nmaintenance du tunnel du Vuache et les travaux de protection de nappe de captage de\nDingy-en-Vuache\n22\nLors de la fermeture des sens Chamonix-M\u00e2con et M\u00e2con-Chamonix :\n\u27a2 Tous les v\u00e9hicules circulant sur l'A40 dans le sens Chamonix-M\u00e2con sont d\u00e9vi\u00e9s par le diffuseur\nn\u00b013  de  Saint-Julien-en-Genevois  et  peuvent  rejoindre  l'autoroute  A  40  au  diffuseur  n\u00b010  de\nBellegarde en empruntant l'itin\u00e9raire de substitution \u00ab S1 \u00bb (annex\u00e9 au pr\u00e9sent arr\u00eat\u00e9).\n\u27a2 Tous les v\u00e9hicules circulant sur l'A40 dans le sens M\u00e2con-Chamonix sont d\u00e9vi\u00e9s par le diffuseur\nn\u00b010 de Bellegarde et peuvent rejoindre l'autoroute A 40  au diffuseur n\u00b013 de Saint-Julien-en-\nGenevois en empruntant l'itin\u00e9raire de substitution \u00ab S2 \u00bb (annex\u00e9 au pr\u00e9sent arr\u00eat\u00e9).\n\u27a2 Le diffuseur n\u00b011 Frangy / Seyssel est ferm\u00e9 \u00e0 la circulation. Les v\u00e9hicules en direction de M\u00e2con\npeuvent rejoindre l'autoroute A40 au diffuseur n\u00b010 de Bellegarde en empruntant l'itin\u00e9raire de\nsubstitution \u00ab S9 \u00bb (annex\u00e9 au pr\u00e9sent arr\u00eat\u00e9). Les v\u00e9hicules en direction de Gen\u00e8ve et de l'Italie,\nsont d\u00e9vi\u00e9s par la RD 1508 en empruntant l'itin\u00e9raire de substitution \u00ab  S8 \u00bb puis  \u00ab  S8-a \u00bb pour\nrejoindre le r\u00e9seau autoroutier au diffuseur n\u00b013 de Saint Julien en Genevois ou \u00ab  S8-b \u00bb pour\nrejoindre le r\u00e9seau autoroutier \u00e0 l'\u00e9changeur d'Annecy Nord (itin\u00e9raires S8, S8a et S8b annex\u00e9s au\npr\u00e9sent arr\u00eat\u00e9).\nArticle 4     :   Pour permettre la r \u00e9alisation d'essais techniques et de travaux d e r\u00e9novation des postes\nhaute tension et de remplacement de l'\u00e9clairage dans le tunnel du Vuache, l'A40 est ferm\u00e9e dans les 2\nsens  de circulation  entre le  diffuseur  n\u00b01 1 ( Frangy  /  Seyssel) et le diffuseur  n\u00b013  (Saint-Julien-en-\nGenevois), except\u00e9 pour les v\u00e9hicules n\u00e9cessaires au bon d\u00e9roulement des travaux, durant les nuits :\n\u2022 du 16 au 17 mars de 20h30 \u00e0 6h00\n\u2022 du 04 au 05 mai de 20h30 \u00e0 6h00\n\u2022 du 05 au 06 mai de 20h30 \u00e0 6h00\n\u2022 du 06 au 07 mai de 20h30 \u00e0 6h00\n\u2022 du 06 au 07 juillet de 20h30 \u00e0 6h00\n\u2022 du 07 au 08 juillet de 20h30 \u00e0 6h00\n\u2022 du 08 au 09 juillet de 20h30 \u00e0 6h00\n\u2022 du 09 au 10 juillet de 20h30 \u00e0 6h00\nEn cas d'al\u00e9as lors des travaux de pr\u00e9paration pour le remplacement des postes haute tension du\n16/03 au 17/03 l'exploitation pr\u00e9vue ci-dessus peut \u00eatre \u00e9tendue \u00e0 une ou plusieurs nuits de r\u00e9serve\nsuivantes dans les m\u00eames conditions :\n\u2022 du 17 au 18 mars de 20h30 \u00e0 6h00\n\u2022 du 18 au 19 mars de 20h30 \u00e0 6h00\n\u2022 du 19 au 20 mars de 20h30 \u00e0 6h00\nLors de la fermeture des sens Chamonix-M\u00e2con et M\u00e2con-Chamonix :\n\u27a2 Tous les v\u00e9hicules circulant sur l'A40 dans le sens Chamonix-M\u00e2con sont d\u00e9vi\u00e9s par le diffuseur\nn\u00b013  de  Saint-Julien-en-Genevois  et  peuvent  rejoindre  l'autoroute  A  40  au  diffuseur  n\u00b010  de\nBellegarde en empruntant l'itin\u00e9raire de substitution \u00ab S1 \u00bb (annex\u00e9 au pr\u00e9sent arr\u00eat\u00e9).\n\u27a2 Tous les v\u00e9hicules circulant sur l'A40 dans le sens M\u00e2con-Chamonix sont d\u00e9vi\u00e9s par  le diffuseur\nn\u00b011 Frangy / Seyssel. Les v\u00e9hicules en direction de Gen\u00e8ve et l'Italie, sont d\u00e9vi\u00e9s par la RD 1508 en\nempruntant l'itin\u00e9raire de substitution \u00ab  S8 \u00bb puis \u00ab S8-a \u00bb pour rejoindre le r\u00e9seau autoroutier au\n5/9\n01_DDT_Direction d\u00e9partementale des territoires de l'Ain - 01-2026-03-09-00002 - Arr\u00eat\u00e9 Inter-pr\u00e9fectoral n\u00b0 DDT-2026-01-74-01\nportant r\u00e9glementation de la circulation sur l'autoroute A 40 pendant les travaux de\nmaintenance du tunnel du Vuache et les travaux de protection de nappe de captage de\nDingy-en-Vuache\n23\ndiffuseur  n\u00b013  de Saint  Julien en Genevois ou \u00ab  S8-b \u00bb  pour  rejoindre le r\u00e9seau  autoroutier  \u00e0\nl'\u00e9changeur d'Annecy Nord (itin\u00e9raires S8, S8a et S8b annex\u00e9s au pr\u00e9sent arr\u00eat\u00e9).\nArticle    5     :   Pour permettre la r\u00e9alisation  de reprise des enrob\u00e9s et  des travaux  d'\u00e9clairage dans le\ntunnel du Vuache dans le tube M\u00e2con-Chamonix, la circulation de tous les v\u00e9hicules empruntant le\ntunnel du Vuache est en mode bidirectionnel dans le tube Chamonix-M\u00e2con durant les nuits suivantes\nde 19h30 \u00e0 06h00 :\n\u2022 du 22/06 au 23/06\n\u2022 du 23/06 au 24/06\n\u2022 du 24/06 au 25/06\n\u2022 du 25/06 au 26/06\n\u2022 du 15/07 au 16/07\n\u2022 du 16/07 au 17/07\n\u2022 du 20/07 au 21/07\n\u2022 du 21/07 au 22/07\n\u2022 du 22/07 au 23/07\n\u2022 du 23/07 au 24/07\n\u2022 du 27/07 au 28/07\n\u2022 du 28/07 au 29/07\n\u2022 du 29/07 au 30/07\n\u2022 du 30/07 au 31/07\nEn cas d'al\u00e9as lors des travaux de reprise des enrob\u00e9s du 22/06 au 26/06 l'exploitation pr\u00e9vue ci-\ndessus peut \u00eatre \u00e9tendue les 4 nuits de r\u00e9serve suivantes dans les m\u00eames conditions :\n\u2022 du 29/06 au 30/06\n\u2022 du 30/06 au 01/07\n\u2022 du 01/07 au 02/07\n\u2022 du 02/07 au 03/07 \nDans le sens Chamonix-M\u00e2con :\n\u27a2 La voie de gauche est neutralis\u00e9e du PR 81+950 au PR 85+500 \n\u27a2 La vitesse est limit\u00e9e \u00e0 50 km/h entre le PR 83+100 et le PR 85.000 (zone en bidirectionnel dans le\ntunnel).\nDans le sens M\u00e2con-Chamonix :\n\u27a2 La voie de droite est neutralis\u00e9e du PR 87+000 au PR 85+000 puis est bascul\u00e9e sur le sens oppos\u00e9\n(sens Chamonix-M\u00e2con) du PR 8 5+000 au PR 8 3+100 puis r\u00e9duite sur la voie de gauche du PR\n83+100 au PR 85+300.\n\u27a2 La vitesse est limit\u00e9e \u00e0 50 km/h entre le PR 85+000 et le PR 83+100 (zone en bidirectionnel dans le\ntunnel).\nLe passage des convois exceptionnels de largeur sup\u00e9rieure \u00e0 3,50 m\u00e8tres est interdit.\nLe transport de mati\u00e8res dangereuses dans le tunnel du Vuache est interdit.\n6/9\n01_DDT_Direction d\u00e9partementale des territoires de l'Ain - 01-2026-03-09-00002 - Arr\u00eat\u00e9 Inter-pr\u00e9fectoral n\u00b0 DDT-2026-01-74-01\nportant r\u00e9glementation de la circulation sur l'autoroute A 40 pendant les travaux de\nmaintenance du tunnel du Vuache et les travaux de protection de nappe de captage de\nDingy-en-Vuache\n24\nTous les transports de mati\u00e8res dangereuses (TMD) en transit sur l'A40 dans le sens M\u00e2con-Chamonix,\nsont  d\u00e9vi\u00e9s par  le diffuseur  N\u00b011 d'Eloise et peuvent rejoindre le r\u00e9seau autoroutier au diffuseur\nd'Annecy Nord en empruntant l'itin\u00e9raire de substitution \u00ab  S8 \u00bb puis \u00ab  S8-b \u00bb (annex\u00e9s au pr\u00e9sent\narr\u00eat\u00e9).\nLes transports de mati\u00e8res dangereuses (TMD) en transit sur l'A40 dans le sens Chamonix-M\u00e2con, sont\nd\u00e9vi\u00e9s par le diffuseur N\u00b013 de Saint Julien en Genevois et peuvent rejoindre l'autoroute A 40 au\ndiffuseur de Bellegarde en empruntant l'itin\u00e9raire de substitution \u00ab S1 \u00bb (annex\u00e9 au pr\u00e9sent arr\u00eat\u00e9).\nL'exploitation en bidirectionnel du tunnel du Vuache est conforme aux dispositions du dossier de\ns\u00e9curit\u00e9 du tunnel du Vuache.\nPour  les  besoins  du  chantier  ou  des  chantiers  annexes  et  dans  une  logique  d'optimisation  des\nbalisages,  les neutralisations des voies de droite ou de gauche dans les deux sens de circulation\npeuvent rester neutralis\u00e9es en journ\u00e9e.\nArticle    6     :   Selon l'avancement des chantiers, la circulation peut-\u00eatre rendue \u00e0 la normale avant les\ndates et heures pr\u00e9vues aux articles pr\u00e9c\u00e9dents.\nSelon l'avancement du chantier et les conditions m\u00e9t\u00e9orologiques, les phases d'exploitation pr\u00e9vues\naux articles pr\u00e9c\u00e9dents peuvent \u00eatre annul\u00e9es.  ATMB peut utiliser les nuits de r\u00e9serve indiqu\u00e9es \u00e0\nl'article 5. Dans ce cas, ATMB en informe l'ED CF de la Haute-Savoie et de l'Ain, le SDIS de la Haute-\nSavoie et de l'Ain, le SAMU de la Haute-Savoie et de l'Ain, le conseil d\u00e9partemental de la Haute-Savoie\net de l'Ain, la DIR Centre-Est ainsi que la DDT de la Haute-Savoie et de l'Ain.\nPour tout changement d'horaires de mise en place de la d\u00e9viation moins de 7 jours francs avant la\ndate de d\u00e9but des travaux, le Centre Op\u00e9rationnel D\u00e9partemental d'Incendie et de Secours (CODIS  :\n04 50 22 18 18) doit \u00eatre tenu inform\u00e9 de la date et de l'heure de coupure des axes mentionn\u00e9s d\u00e8s\nque celles-ci sont connues, ainsi que la r\u00e9ouverture \u00e0 la circulation. Dans le cas o\u00f9 ces modifications\ninterviennent  plus  de  7  jours  avant  la  date  de  d\u00e9but  des  travaux,  la  communication  de  ces\ninformations  peut  \u00eatre  prise  en  compte  par  le  SDIS  \u00e0  l'adresse  suivante  :  previsions.arretes-\ncirculation@sdis.fr.\nArticle   7   : Les op\u00e9rations de pose de la signalisation (police, information et d\u00e9viation) sur l'A40 sont\nassur\u00e9es par les \u00e9quipes du Centre d'Exploitation d'Eloise (ATMB). Il en est de m\u00eame pour l'entretien\net la surveillance du balisage. Cette signalisation est conforme aux indications du manuel du chef de\nchantier  \u00ab Routes  \u00e0  chauss\u00e9es  s\u00e9par\u00e9es  \u00bb,  document  r\u00e9alis\u00e9  et  diffus\u00e9  par  le  service  d'\u00e9tudes\ntechniques des routes et autoroutes (SETRA). Les forces de l'ordre sont pr\u00e9sentes pour accompagner\nles services ATMB, afin de faire respecter les mesures de police n\u00e9cessaires \u00e0 la r\u00e9alisation des travaux\net \u00e0 la mise en place de la signalisation temporaire (ralentissement, fermeture de section courante ou\nde bretelles d'\u00e9changeurs/diffuseurs). En cas d'absence exceptionnelle des forces de l'ordre, la soci\u00e9t\u00e9\ngestionnaire d'autoroute est autoris\u00e9e \u00e0 r\u00e9aliser ces interventions seule.\n7/9\n01_DDT_Direction d\u00e9partementale des territoires de l'Ain - 01-2026-03-09-00002 - Arr\u00eat\u00e9 Inter-pr\u00e9fectoral n\u00b0 DDT-2026-01-74-01\nportant r\u00e9glementation de la circulation sur l'autoroute A 40 pendant les travaux de\nmaintenance du tunnel du Vuache et les travaux de protection de nappe de captage de\nDingy-en-Vuache\n25\nArticle    8   :  Pendant  les coupures,  les v\u00e9hicules  n\u00e9cessaires au bon d\u00e9roulement  des travaux  sont\nautoris\u00e9s \u00e0 la circulation dans les zones ferm\u00e9es.\nLes v\u00e9hicules de secours sont autoris\u00e9s \u00e0 la circulation dans la zone ferm\u00e9 e, dans ce cas le CODIS\nprend contact avec le PC s\u00e9curit\u00e9 ATMB avant de p\u00e9n\u00e9trer dans la zone ferm\u00e9e.\nATMB fait aux CODIS comp\u00e9tents toute remont\u00e9e d'information n\u00e9cessaire dans les meilleurs d\u00e9lais\nde toute difficult\u00e9 de circulation pouvant porter atteinte \u00e0 une distribution rapide et s\u00fbre des secours\nou entra\u00eener des d\u00e9lais de transit trop longs non conformes aux int\u00e9r\u00eats sup\u00e9rieurs des victimes.\nArticle    9   : Les forces de police ou de gendarmerie prennent toutes les mesures justifi\u00e9es pour les\nbesoins de la s\u00e9curit\u00e9 ou pour les n\u00e9cessit\u00e9s de l'\u00e9coulement du trafic tant sur l'autoroute que sur les\nr\u00e9seaux parall\u00e8les.\nArticle   10   : L'interdistance r\u00e9glementaire entre deux chantiers cons\u00e9cutifs ne s'applique pas.\nArticle 1  1   : En d\u00e9rogation de la note techniques des jours hors chantiers 2026 les balisages peuvent\nrester en place durant les jours suivants :\n\u2022 du vendredi 3 avril \u00e0 cinq heures au vendredi 3 avril \u00e0 dix heures ;\n\u2022 du jeudi 30 avril \u00e0 cinq heures au lundi 4 mai \u00e0 cinq heures ;\n\u2022 du jeudi 7 mai \u00e0 cinq heures au lundi 11 mai \u00e0 cinq heures ; \n\u2022 du mercredi 13 mai \u00e0 cinq heures au mercredi 13 mai dix-sept heures ;\n\u2022 du vendredi 22 mai \u00e0 cinq heures au mardi 26 mai \u00e0 cinq heures ;\n\u2022 du vendredi 26 juin \u00e0 cinq heures au lundi 29 juin \u00e0 cinq heures ;\n\u2022 du vendredi 3 juillet \u00e0 cinq heures au vendredi 3 juillet \u00e0 quinze heures ;\n\u2022 du vendredi 10 juillet \u00e0 cinq heures au vendredi 10 juillet \u00e0 quinze heures ;\n\u2022 du vendredi 17 juillet \u00e0 cinq heures au vendredi 17 juillet \u00e0 quinze heures ;\n\u2022 du vendredi 24 juillet \u00e0 cinq heures au vendredi 24 juillet \u00e0 quinze heures.\nArticle 1  2     : La longueur maximale des balisages est port\u00e9e \u00e0 10 km.\nArticle   13   : Une information est faite aux usagers par les panneaux \u00e0 messages variables (PMV-PIA) et\npar la radio autoroute 107 .7 FM.\nArticle   14   : Le pr\u00e9sent acte administratif peut faire l'objet d'un recours contentieux devant le tribunal\nadministratif  de  Grenoble,  dans  un  d\u00e9lai  de  deux  mois  \u00e0  compter  de  la  date  de  notification,\nd'affichage,  de  publication  requis  (saisine  possible  par  voie  d\u00e9mat\u00e9rialis\u00e9e  \u00e0  l'adresse  internet  :\nwww.telerecours.fr comprenant l'acc\u00e8s \u00e0 \u00ab T\u00e9l\u00e9recours citoyens \u00bb).\nIl peut, dans ce m\u00eame d\u00e9lai, faire l'objet d'un recours administratif (gracieux et/ou hi\u00e9rarchique \u2013\narticles L410-1, L411-1, L411-2 et suivants du Code des relations entre le public et l'administration). Le\nsilence gard\u00e9 par l'administration pendant deux mois vaut d\u00e9cision implicite de rejet. Suivant la date\nde d\u00e9cision explicite ou implicite de rejet, le recours contentieux vis\u00e9 au paragraphe pr\u00e9c\u00e9dent peut\n\u00eatre introduit devant le tribunal administratif dans les conditions qui y sont pr\u00e9cis\u00e9es.\nArticle   15   :\n- Mme la secr\u00e9taire g\u00e9n\u00e9rale de la pr\u00e9fecture de l'Ain, M. le directeur d\u00e9partemental des territoires de\nl'Ain, M. le pr\u00e9sident du conseil d\u00e9partemental de l'Ain, M. le colonel commandant du groupement de\n8/9\n01_DDT_Direction d\u00e9partementale des territoires de l'Ain - 01-2026-03-09-00002 - Arr\u00eat\u00e9 Inter-pr\u00e9fectoral n\u00b0 DDT-2026-01-74-01\nportant r\u00e9glementation de la circulation sur l'autoroute A 40 pendant les travaux de\nmaintenance du tunnel du Vuache et les travaux de protection de nappe de captage de\nDingy-en-Vuache\n26\ngendarmerie de l'Ain, Mme la sous-pr\u00e9f\u00e8te de Nantua, M. le sous-pr\u00e9fet de Gex, Mme et M. les maires\ndes communes de L\u00e9az et Valserh\u00f4ne,\n- M. le secr\u00e9taire g\u00e9n\u00e9ral de la pr\u00e9fecture de la Haute-Savoie, M. le directeur d\u00e9partemental des\nterritoires de la Haute-Savoie, M. le pr\u00e9sident du conseil d\u00e9partemental de la Haute-Savoie, M. le\ncolonel  commandant du groupement de gendarmerie de la Haute-Savoie, M me l a sous-pr\u00e9f\u00e8te de\nSaint-Julien-en-Genevois,  Mmes et MM. les maires des communes de  Chaumont, Chessenaz, Frangy,\nJonzier-Epagny, Marlioz, Musi\u00e8ges, Saint-Julien-en-Genevois, Sallen\u00f4ves, Sillingy, Valleiry, Vanzy, Viry,\nVers et Vulbens,\n-  M. le directeur du r\u00e9seau et de l'environnement des Autoroutes et Tunnel du Mont Blanc,\nsont charg\u00e9s, chacun en ce qui le concerne, de l'ex\u00e9cution du pr\u00e9sent arr\u00eat\u00e9 qui sera publi\u00e9 au recueil\ndes actes administratifs de la pr\u00e9fecture et diffus\u00e9 \u00e0 :\n- M. le sous-directeur des financements innovants, de la d\u00e9volution et du contr\u00f4le des concessions\nautorouti\u00e8res (FCA),\n- M. le directeur d\u00e9partemental d'incendie et de secours de l'Ain,\n- M. le directeur d\u00e9partemental des services d'incendie et de secours de la Haute-Savoie,\n- M. le chef du SAMU de la Haute-Savoie,\n- M. le directeur r\u00e9seau et client\u00e8le de la soci\u00e9t\u00e9 AREA,\n- M le directeur de la CRZ Sud-Est,\n- M. le directeur des douanes.\nAnnecy, le 09 mars 2026 Bourg-en-Bresse, le 09 mars 2026\nLa pr\u00e9f\u00e8te de Haute-Savoie, Le pr\u00e9fet de l'Ain,\nPour la pr\u00e9f\u00e8te et par d\u00e9l\u00e9gation, Pour le pr\u00e9fet et par d\u00e9l\u00e9gation,\nLe directeur d\u00e9partemental des territoires Le directeur d\u00e9partemental des territoires,\nPour le directeur d\u00e9partemental des territoires, Pour le directeur d\u00e9partemental des territoires et \nLe chef de la cellule d\u00e9placements par subd\u00e9l\u00e9gation,\n   Le chef d'unit\u00e9 gestion de crise et transports,  \nSIGN\u00c9  SIGN\u00c9\nLionel PUPPIS Georges WACRENIER\nAnnexes : \n- itin\u00e9raires de substitution S1, S2, S8, S8a, S8b et S9\n- notice pr\u00e9cisant les acc\u00e8s au tunnel du Vuache \u00e0 privil\u00e9gier pour les secours\n9/9\n01_DDT_Direction d\u00e9partementale des territoires de l'Ain - 01-2026-03-09-00002 - Arr\u00eat\u00e9 Inter-pr\u00e9fectoral n\u00b0 DDT-2026-01-74-01\nportant r\u00e9glementation de la circulation sur l'autoroute A 40 pendant les travaux de\nmaintenance du tunnel du Vuache et les travaux de protection de nappe de captage de\nDingy-en-Vuache\n27\n \n01_DDT_Direction d\u00e9partementale des territoires de l'Ain - 01-2026-03-09-00002 - Arr\u00eat\u00e9 Inter-pr\u00e9fectoral n\u00b0 DDT-2026-01-74-01\nportant r\u00e9glementation de la circulation sur l'autoroute A 40 pendant les travaux de\nmaintenance du tunnel du Vuache et les travaux de protection de nappe de captage de\nDingy-en-Vuache\n28\n \n01_DDT_Direction d\u00e9partementale des territoires de l'Ain - 01-2026-03-09-00002 - Arr\u00eat\u00e9 Inter-pr\u00e9fectoral n\u00b0 DDT-2026-01-74-01\nportant r\u00e9glementation de la circulation sur l'autoroute A 40 pendant les travaux de\nmaintenance du tunnel du Vuache et les travaux de protection de nappe de captage de\nDingy-en-Vuache\n29\n \n01_DDT_Direction d\u00e9partementale des territoires de l'Ain - 01-2026-03-09-00002 - Arr\u00eat\u00e9 Inter-pr\u00e9fectoral n\u00b0 DDT-2026-01-74-01\nportant r\u00e9glementation de la circulation sur l'autoroute A 40 pendant les travaux de\nmaintenance du tunnel du Vuache et les travaux de protection de nappe de captage de\nDingy-en-Vuache\n30\n \n01_DDT_Direction d\u00e9partementale des territoires de l'Ain - 01-2026-03-09-00002 - Arr\u00eat\u00e9 Inter-pr\u00e9fectoral n\u00b0 DDT-2026-01-74-01\nportant r\u00e9glementation de la circulation sur l'autoroute A 40 pendant les travaux de\nmaintenance du tunnel du Vuache et les travaux de protection de nappe de captage de\nDingy-en-Vuache\n31\nSOCI\u00c9T\u00c9 CONCESSIONNAIRE FRAN\u00c7AISE \nDU TUNNEL ROUTIER SOUS LE MONT BLANC\nAutoroutes et Tunnel du Mont Blanc\n1440 Route de Cluses\n74138 Bonneville Cedex\nT. : 04 50 25 20 00  /  F. : 04 50 97 34 71\nAUTOROUTE BLANCHE A40\nTRAVAUX\nD'AMENAGEMENT AUX\nABORDS DU VUACHE  \nSEMESTRE 1 2026\n(Du 23 mars 2026 au 19 juin 2026)\nNOTICE D'ACCES AUX\nSECOURS\nDIRECTION DU RESEAU ET DE L'ENVIRONNEMENT\nNom et coordonn\u00e9es du responsable :\nVictor BRAULT, Chef du Centre d'Exploitation d'ELOISE\nT. : 04 50 77 99 91\n30 janvier 2026\n01_DDT_Direction d\u00e9partementale des territoires de l'Ain - 01-2026-03-09-00002 - Arr\u00eat\u00e9 Inter-pr\u00e9fectoral n\u00b0 DDT-2026-01-74-01\nportant r\u00e9glementation de la circulation sur l'autoroute A 40 pendant les travaux de\nmaintenance du tunnel du Vuache et les travaux de protection de nappe de captage de\nDingy-en-Vuache\n32\nTable des mati\u00e8res\n1. Pr\u00e9sentation des travaux........................................................................................................... 3\n2. Acc\u00e8s au tunnel t\u00eate M\u00e2con...................................................................................................... 4\na.  Acc\u00e8s au tube Chamonix M\u00e2con.......................................................................................... 4\nb. Acc\u00e8s au tube M\u00e2con Chamonix........................................................................................... 4\n3. Acc\u00e8s au tunnel t\u00eate Gen\u00e8ve..................................................................................................... 5\na. Acc\u00e8s au tube Chamonix M\u00e2con........................................................................................... 5\nb. Acc\u00e8s au tube M\u00e2con \u2013 Chamonix........................................................................................ 5\n01_DDT_Direction d\u00e9partementale des territoires de l'Ain - 01-2026-03-09-00002 - Arr\u00eat\u00e9 Inter-pr\u00e9fectoral n\u00b0 DDT-2026-01-74-01\nportant r\u00e9glementation de la circulation sur l'autoroute A 40 pendant les travaux de\nmaintenance du tunnel du Vuache et les travaux de protection de nappe de captage de\nDingy-en-Vuache\n33\n1. Pr\u00e9sentation des travaux\nAfin de r\u00e9aliser  des travaux de protection de nappe de captage sur le secteur de DINGY EN\nVUACHE, nous allons proc\u00e9der \u00e0 une neutralisation de la voie de droite, dans les deux sens de\ncirculation  dans  une  zone  pouvant  s'\u00e9tendre  du  PR  90+000  au  PR  79+000  avec  des  zones\nneutralis\u00e9es sous S\u00e9parateur Modulaire de Voie (SMV) avec maintien certains week-ends et jours\nf\u00e9ri\u00e9s. Ci-dessous les dates de travaux et d\u00e9tail des zones sous SMV\nP\u00e9riode D\u00e9but p\u00e9riode Fin p\u00e9riode PR sous SMV Neutralisation  week-end  et\njours f\u00e9ri\u00e9s\nSemaine 13 \u00e0 20 Lundi 23 mars Mercredi 13 mai  Sens Cham \u2013 Macon  :\n82+200 \u00e0 83+360\nSens  M\u00e2con  \u2013  Cham  :\n83+360 \u00e0 82+300\nSens  Cham  \u2013  Macon  :  Du\nPR 79+200 au PR 85+500\nSens  M\u00e2con  \u2013  Cham :   Du\nPR 87+400 au PR 81+900\nSemaine 22 \u00e0 25 Mardi 26 mai Vendredi 19 juin Sens  Cham  \u2013  Macon  :\n82+200 \u00e0 83+360\nSens  M\u00e2con  \u2013  Cham  :\n83+360 \u00e0 82+300\nSens  Cham  \u2013  Macon  :  Du\nPR 79+200 au PR 85+500\nSens  M\u00e2con  \u2013  Cham :   Du\nPR 87+400 au PR 81+900\nCi-dessous les acc\u00e8s \u00e0 privil\u00e9gier par t\u00eate du tunnel durant la phase de travaux\n01_DDT_Direction d\u00e9partementale des territoires de l'Ain - 01-2026-03-09-00002 - Arr\u00eat\u00e9 Inter-pr\u00e9fectoral n\u00b0 DDT-2026-01-74-01\nportant r\u00e9glementation de la circulation sur l'autoroute A 40 pendant les travaux de\nmaintenance du tunnel du Vuache et les travaux de protection de nappe de captage de\nDingy-en-Vuache\n34\n2. Acc\u00e8s au tunnel t\u00eate M\u00e2con\na. Acc\u00e8s au tube Chamonix M\u00e2con\nLes acc\u00e8s secours habituels sont maintenu \u00e0 savoir :\n\uf0b7 Par le chemin des pr\u00e9s des ch\u00eanes \u00e0 tanay\n\uf0b7 Ou par les portails de service du cr\u00eat du feux puis prendre l'autoroute \u00e0 contre sens\ndans le balisage en place (s'assurer de la faisabilit\u00e9 de cette option aupr\u00e8s du PC\nS\u00e9curit\u00e9) Coordonn\u00e9es GPS : 46\u00b004'41.5\"N 5\u00b054'30.0\"E\n \nb. Acc\u00e8s au tube M\u00e2con Chamonix \nLa voie de droite sera neutralis\u00e9e sous c\u00f4ne (pas de SMV dans ce secteur) donc acc\u00e8s \npossible par l'autoroute avec possibilit\u00e9 de s'ins\u00e9rer dans la voie neutralis\u00e9e ou acc\u00e8s par le \nportail du cr\u00eat du feux\n01_DDT_Direction d\u00e9partementale des territoires de l'Ain - 01-2026-03-09-00002 - Arr\u00eat\u00e9 Inter-pr\u00e9fectoral n\u00b0 DDT-2026-01-74-01\nportant r\u00e9glementation de la circulation sur l'autoroute A 40 pendant les travaux de\nmaintenance du tunnel du Vuache et les travaux de protection de nappe de captage de\nDingy-en-Vuache\n35\n3. Acc\u00e8s au tunnel t\u00eate Gen\u00e8ve\na. Acc\u00e8s au tube Chamonix M\u00e2con\nVoie de droite neutralis\u00e9e depuis le PR 79+200 sous c\u00f4nes puis sous SMV des PR 82+200 \nau 83+360.\nAcc\u00e8s au tunnel par la voie neutralis\u00e9e sous c\u00f4nes depuis la section courante ou depuis \nl'aire de Valleiry puis continuer \u00e0 droite des SMV (une porte de secours est mise en place \ndans les SMV au niveau du local technique : rond jaune sur le plan)\nb. Acc\u00e8s au tube M\u00e2con \u2013 Chamonix\nAcc\u00e8s au tunnel par la voie neutralis\u00e9e sous c\u00f4nes depuis la section courante ou depuis \nl'aire de Valleiry sens Chamonix \u2013 M\u00e2con puis continuer \u00e0 droite des SMV puis utiliser la \nporte de secours dans les SMV au PR 83+300 pour prendre l'acc\u00e8s habituel entre les deux \ntubes.\n01_DDT_Direction d\u00e9partementale des territoires de l'Ain - 01-2026-03-09-00002 - Arr\u00eat\u00e9 Inter-pr\u00e9fectoral n\u00b0 DDT-2026-01-74-01\nportant r\u00e9glementation de la circulation sur l'autoroute A 40 pendant les travaux de\nmaintenance du tunnel du Vuache et les travaux de protection de nappe de captage de\nDingy-en-Vuache\n36\n01_DDT_Direction d\u00e9partementale des\nterritoires de l'Ain\n01-2026-03-11-00001\nArr\u00eat\u00e9 relatif aux modalit\u00e9s de mise en oeuvre\ndu \u00ab\u00a0fonds d'urgence exceptionnel\u00a0\u00bb de soutien\n\u00e0 la fili\u00e8re c\u00e9r\u00e9ali\u00e8re, ol\u00e9agineuse et\nprot\u00e9agineuse\n01_DDT_Direction d\u00e9partementale des territoires de l'Ain - 01-2026-03-11-00001 - Arr\u00eat\u00e9 relatif aux modalit\u00e9s de mise en oeuvre du\n\u00ab\u00a0fonds d'urgence exceptionnel\u00a0\u00bb de soutien \u00e0 la fili\u00e8re c\u00e9r\u00e9ali\u00e8re, ol\u00e9agineuse et prot\u00e9agineuse 37\nA R R \u00ca T \u00c9\nrelatif aux modalit\u00e9s de mise en \u0153uvre du \u00ab fonds d'urgence exceptionnel \u00bb de soutien \u00e0\nla fili\u00e8re c\u00e9r\u00e9ali\u00e8re, ol\u00e9agineuse et prot\u00e9agineuse\nLe pr\u00e9fet de l'Ain,\nVu le  r\u00e8glement  (UE)  n\u00b01408/2013  de  la  Commission  du  18  d\u00e9cembre  2013  relatif  \u00e0\nl'application  des  articles  107  et  108  du  trait\u00e9  sur  le  fonctionnement  de  l'Union\neurop\u00e9enne  aux  aides  de  minimis  dans  le  secteur  de  l'agriculture,  modifi\u00e9  par  le\nr\u00e8glement (UE) 2024/3118 de la Commission du 10 d\u00e9cembre 2024, dit \u00ab  r\u00e8glement de\nminimis agricole \u00bb ;\nVu la loi organique n\u00b02001-692 du 1er ao\u00fbt 2001 relative aux lois de finances  ;\nVu le d\u00e9cret n\u00b0 2004-374 du 29 avril 2004 modifi\u00e9, relatif aux pouvoirs des pr\u00e9fets et \u00e0\nl'action des services et organismes publics de l'\u00c9tat dans les r\u00e9gions et d\u00e9partements  ;\nVu le d\u00e9cret n\u00b0 2012-1246 du 7 novembre 2012 modifi\u00e9, relatif \u00e0 la gestion budg\u00e9taire et\ncomptable publique ;\nVu le d\u00e9cret du 2  d\u00e9cembre 2025  nommant  Louis-Xavier THIRODE , pr\u00e9fet de  l'Ain, \u00e0\ncompter du 2 d\u00e9cembre 2025 ;\nVu l'instruction technique DGPE/SDC/2020-616 du 7 octobre 2020 relative \u00e0 la mise en\n\u0153uvre des aides de minimis appliqu\u00e9es au secteur agricole et forestier  ;\nVu l'instruction du gouvernement CAB/BCAB/2026-51 du 29 janvier 2026 relative \u00e0 la mise\nen \u0153uvre d'un \u00ab  fonds d'urgence exceptionnel \u00bb relatif au soutien \u00e0 la fili\u00e8re c\u00e9r\u00e9ali\u00e8re et\nprot\u00e9agineuse ;\nSur la proposition du directeur d\u00e9partemental des territoires  ;\nARR\u00caTE\nArticle 1er \u2013 Objet\nService Agriculture et For\u00eat\nDIRECTION D\u00c9PARTEMENTALE\nDES TERRITOIRES\n01_DDT_Direction d\u00e9partementale des territoires de l'Ain - 01-2026-03-11-00001 - Arr\u00eat\u00e9 relatif aux modalit\u00e9s de mise en oeuvre du\n\u00ab\u00a0fonds d'urgence exceptionnel\u00a0\u00bb de soutien \u00e0 la fili\u00e8re c\u00e9r\u00e9ali\u00e8re, ol\u00e9agineuse et prot\u00e9agineuse 38\nLa fili\u00e8re c\u00e9r\u00e9ali\u00e8re fran\u00e7aise fait face \u00e0 plusieurs chocs de grande ampleur qui laissent un\nsolde  disponible  n\u00e9gatif  depuis  trois  ans  \u00e0  l'\u00e9chelle  nationale  pour  la  culture  du  bl\u00e9\ntendre, situation in\u00e9dite au cours des 25 derni\u00e8res ann\u00e9es :\n\u2022 d\u00e8s 2023, une hausse marqu\u00e9e des co\u00fbts de production,  qui sont rest\u00e9s \u00e9lev\u00e9s\ncomparativement au prix des c\u00e9r\u00e9ales entra\u00eenant une d\u00e9gradation de la situation\n\u00e9conomique des exploitations ;\n\u2022 en 2024, une baisse de r\u00e9colte c\u00e9r\u00e9ali\u00e8re qui a entra\u00een\u00e9 une forte diminution des\nvolumes export\u00e9s et a accentu\u00e9 la d\u00e9gradation de la situation \u00e9conomique des\nexploitations ;\n\u2022 en 2025, une situation de march\u00e9 d\u00e9favorable au niveau mondial avec des facteurs\nde production \u00e0 un niveau \u00e9lev\u00e9 alors que les prix des productions agricoles ont\nbaiss\u00e9.\nLe Gouvernement  a d\u00e9cid\u00e9 la mise en place d'un soutien exceptionnel de 40  M\u20ac aux\nexploitations c\u00e9r\u00e9ali\u00e8res et prot\u00e9agineuses les plus fragilis\u00e9es. Ce soutien prend la forme\nd'un  fonds  d'urgence  de  35  M\u20ac  dont  la  pr\u00e9sente  circulaire  expose  les  conditions\nd'allocation,  compl\u00e9t\u00e9  par  une  enveloppe  de  5  M\u20ac  en  2026  de  prise  en  charge  de\ncotisations MSA d\u00e9di\u00e9e \u00e0 la fili\u00e8re grandes cultures.\nArticle 2 \u2013 Crit\u00e8res d'\u00e9ligibilit\u00e9\nCette  aide  s'adresse  aux  exploitations  ayant  un  SIRET  actif  sp\u00e9cialis\u00e9es  en  c\u00e9r\u00e9ales,\nol\u00e9agineux  et  prot\u00e9agineux  de  la  r\u00e9gion  Auvergne  Rh\u00f4ne-Alpes  pour  lesquelles  les\nr\u00e9sultats \u00e9conomiques ont \u00e9t\u00e9 particuli\u00e8rement d\u00e9grad\u00e9s en 2023, 2024 et  2025. Elle a\nvocation \u00e0 soutenir les exploitations les plus fragiles \u00e9conomiquement.\nAfin  de  cibler  les  exploitations  sp\u00e9cialis\u00e9es  les  plus  fragilis\u00e9es  \u00e9conomiquement,  les\ncrit\u00e8res sont les suivants :\n\u2022 Surface minimale de 65 ha de SAU\n\u2022 Un pourcentage minimal de surfaces en c\u00e9r\u00e9ales, ol\u00e9agineux et prot\u00e9agineux d'au\nmoins 50 % par rapport \u00e0 la SAU ;\n\u2022 Surfaces  en  c\u00e9r\u00e9ales,  ol\u00e9agineux  et  prot\u00e9agineux  sup\u00e9rieures  ou  \u00e9gales  \u00e0  60\nhectares ;\n\u2022 Surfaces en cultures industrielles (betteraves, pommes de terre, chanvre, houblon,\nlin fibre) inf\u00e9rieure \u00e0 10 % ;\n\u2022 Pourcentage de baisse minimal de 35  % du dernier EBE connu par rapport \u00e0 la\nmoyenne arithm\u00e9tique des cinq derni\u00e8res ann\u00e9es. Cette baisse d'EBE sera attest\u00e9e\net sign\u00e9e par un expert-comptable, une association de gestion et de comptabilit\u00e9\nou un commissaire aux comptes.\nArticle 3 \u2013 Enveloppe financi\u00e8re et d\u00e9termination du montant de l'aide\nL'enveloppe r\u00e9gionale disponible pour ce dispositif est de 1  610 000 \u20ac. L'indemnisation\nsera vers\u00e9e aux exploitations \u00e9ligibles ayant d\u00e9pos\u00e9 une demande d'aide. \nElle prendra la forme d'un forfait d\u00e9termin\u00e9 sur la base de l'attribution de points pour les\ntrois derniers crit\u00e8res figurant \u00e0 l'article 2 :\n\u2022 60 ha de COP correspond \u00e0 10 points. Par tranche de 20  ha suppl\u00e9mentaires, 5\npoints suppl\u00e9mentaires seront attribu\u00e9s ;\n2/6\n01_DDT_Direction d\u00e9partementale des territoires de l'Ain - 01-2026-03-11-00001 - Arr\u00eat\u00e9 relatif aux modalit\u00e9s de mise en oeuvre du\n\u00ab\u00a0fonds d'urgence exceptionnel\u00a0\u00bb de soutien \u00e0 la fili\u00e8re c\u00e9r\u00e9ali\u00e8re, ol\u00e9agineuse et prot\u00e9agineuse 39\n\u2022 35 %  de  perte  d'EBE  correspond  \u00e0  10  points.  Par  tranche  de  10  points  de\npourcentage suppl\u00e9mentaires de perte, 5 points suppl\u00e9mentaires seront attribu\u00e9s ;\nLe  nombre  de  points  est  plafonn\u00e9  \u00e0  60  pour  chaque  dossier,  sans  pr\u00e9judice  de\nl'application de la transparence GAEC.\nL'aide par exploitation :\n\u2022 ne pourra d\u00e9passer le montant de 6 000 \u20ac ;\n\u2022 ne sera vers\u00e9e que si le montant \u00e9ligible pour une exploitation d\u00e9passe 1  000 \u20ac. En\ndessous, la demande d'aide sera consid\u00e9r\u00e9e comme in\u00e9ligible.\nEn fonction du nombre de dossiers global d\u00e9pos\u00e9s, un stabilisateur budg\u00e9taire pourra\n\u00eatre appliqu\u00e9 pour respecter l'enveloppe attribu\u00e9e \u00e0 la r\u00e9gion.\nL'aide  sera  vers\u00e9e  dans  le  cadre  du  r\u00e8glement  \u00ab  de  minimis  agricole  \u00bb,  pr\u00e9voyant\nnotamment que le cumul des aides accord\u00e9es ne doit pas exc\u00e9der un plafond de 50  000 \u20ac\nsur une p\u00e9riode de trois ans.\nArticle 4 \u2013 Prise en compte des sp\u00e9cificit\u00e9s d\u00e9partementales\n\u00c0 la demande des repr\u00e9sentants professionnels agricoles, le pr\u00e9sent arr\u00eat\u00e9 pourra faire\nl'objet d'un arr\u00eat\u00e9 modificatif pour adapter les crit\u00e8res d'\u00e9ligibilit\u00e9 figurant en article 2 et\nle calcul des points figurant en article 3. Ces modifications ne pourront porter que sur  :\n\u2022 Le taux minimum de sp\u00e9cialisation, uniquement \u00e0 la hausse ;\n\u2022 La surface minimale en c\u00e9r\u00e9ales, ol\u00e9agineux et prot\u00e9agineux, sans pouvoir passer\nen dessous de 50 hectares ;\n\u2022 Le seuil de perte d'EBE figurant aux articles 2 et 3, uniquement \u00e0 la hausse ;\n\u2022 Un crit\u00e8re unique de bonification additionnel \u00e9ventuel, dans la limite de 10 points\nsuppl\u00e9mentaires au maximum.\nArticle 5 \u2013 Gestion administrative de la mesure\nLa demande d'aide doit \u00eatre d\u00e9pos\u00e9e via la plateforme \u00ab  D\u00e9marche num\u00e9rique \u00bb ouverte\npar la Direction d\u00e9partementale des territoires du si\u00e8ge de l'exploitation, accompagn\u00e9e\ndes pi\u00e8ces justificatives n\u00e9cessaires, \u00e0 l'adresse suivante :\nhttps://demarche.numerique.gouv.fr/commencer/fonds-urgence-cereales-ain\n \nUn seul dossier par num\u00e9ro SIRET doit \u00eatre d\u00e9pos\u00e9.\nLa demande d'aide doit \u00eatre d\u00e9pos\u00e9e au plus tard le 7 avril 2026 \u00e0 23h59. Dans le cas o\u00f9\nle dossier transmis s'av\u00e8re incomplet, les \u00e9l\u00e9ments manquants doivent \u00eatre communiqu\u00e9s\navant cette m\u00eame date, sous peine de rejet.\n01_DDT_Direction d\u00e9partementale des territoires de l'Ain - 01-2026-03-11-00001 - Arr\u00eat\u00e9 relatif aux modalit\u00e9s de mise en oeuvre du\n\u00ab\u00a0fonds d'urgence exceptionnel\u00a0\u00bb de soutien \u00e0 la fili\u00e8re c\u00e9r\u00e9ali\u00e8re, ol\u00e9agineuse et prot\u00e9agineuse 40\nLa Direction d\u00e9partementale des territoires (DDT) r\u00e9alise l'instruction des dossiers des\nexploitations dont le si\u00e8ge est situ\u00e9 dans son d\u00e9partement. Elle pourra demander toute\npi\u00e8ce compl\u00e9mentaire qu'elle juge utile au contr\u00f4le et \u00e0 la compr\u00e9hension du dossier, en\nfixant un d\u00e9lai de r\u00e9ponse au-del\u00e0 duquel le dossier pourra \u00eatre rejet\u00e9.\nLa  DDT  proc\u00e8de  \u00e0  l'engagement  et  au  paiement  des  dossiers  retenus  dans  son\nd\u00e9partement, et adresse \u00e0 chaque b\u00e9n\u00e9ficiaire un courrier de notification du paiement.\nElle est responsable de la l\u00e9galit\u00e9 et de la r\u00e9gularit\u00e9 de la mise en \u0153uvre des d\u00e9penses.\nArticle 6 \u2013 Cadre juridique\nPourront  b\u00e9n\u00e9ficier  de  la  mesure,  les  exploitants  agricoles  \u00e0  titre  principal,  les\ngroupements  agricoles  d'exploitation  en  commun  (GAEC)  avec  application  de  la\ntransparence GAEC s'agissant du plafond par exploitation contenu dans le r\u00e8glement dit\nde minimis, les exploitations agricoles \u00e0 responsabilit\u00e9 limit\u00e9e (EARL), les autres personnes\nmorales ayant pour objet l'exploitation agricole et dont au moins 50  % du capital est\nd\u00e9tenu par des exploitations \u00e0 titre principal (directement ou indirectement). Le montant\nmaximum de l'aide est multipli\u00e9 par le nombre d'exploitations regroup\u00e9es dans la limite\nde  trois  associ\u00e9s,  soit  un  plafond  de  18  000 \u20ac  d'aides  au  titre  du  pr\u00e9sent  r\u00e9gime\nd'indemnisation  et  de  150  000 \u20ac  pour  le  plafond  d'aides  de  minimis.  Les  entreprises\nfaisant  l'objet  d'une  proc\u00e9dure  de  sauvegarde  ou  de  redressement  judiciaire  doivent\ndisposer d'un plan arr\u00eat\u00e9 par le tribunal de Commerce au moment du paiement pour\nb\u00e9n\u00e9ficier  de  la  mesure  d'aide.  Les  entreprises  concern\u00e9es  par  une  proc\u00e9dure  de\nliquidation judiciaire sont exclues de la mesure d'aide, que la proc\u00e9dure de liquidation\nsoit connue au moment du d\u00e9p\u00f4t du dossier ou qu'elle intervienne apr\u00e8s celui-ci (lors des\nphases d'instruction et de contr\u00f4les administratifs).\nL'aide est vers\u00e9e dans le cadre du r\u00e8glement (UE) n\u00b01408/2013 modifi\u00e9 de la Commission\ndu  18  d\u00e9cembre  2013  relatif  \u00e0  l'application  des  articles  107  et  108  du  trait\u00e9  sur  le\nfonctionnement  de  l'Union  europ\u00e9enne  aux  aides  de  minimis  dans  le  secteur  de\nl'agriculture. Ce r\u00e8glement pr\u00e9voit que les aides accord\u00e9es \u00e0 une entreprise unique, au\ntitre du r\u00e9gime de minimis agricole, ne doivent pas exc\u00e9der un plafond de 50  000 \u20ac par\nentreprise unique, sur une p\u00e9riode de trois ans, soit au cours des 36 derniers mois, quels\nque soient la forme et l'objectif des aides de minimis. Cette p\u00e9riode de r\u00e9f\u00e9rence est\nappr\u00e9ci\u00e9e sur  une base glissante de sorte que pour  chaque nouvelle aide de minimis\noctroy\u00e9e, il y a lieu de d\u00e9terminer le montant des aides de minimis accord\u00e9 au cours des\ntrois  ann\u00e9es  pr\u00e9c\u00e9dentes.  Par  exemple,  si  l'aide  de  minimis  agricole  est  accord\u00e9e  le\n1er octobre 2025, afin de v\u00e9rifier le respect du plafond de 50  000 \u20ac sur une p\u00e9riode de\ntrois ans, la p\u00e9riode \u00e0 prendre en compte est celle allant du 1er octobre 2022 au 1er\noctobre 2025. Le b\u00e9n\u00e9ficiaire doit en \u00eatre inform\u00e9 lors de son attribution. \nLe  respect  du  plafond  de  minimis  pr\u00e9cit\u00e9,  dans  l'hypoth\u00e8se  du  versement  de  l'aide\ndemand\u00e9e,  doit  \u00eatre  v\u00e9rifi\u00e9  dans  les  conditions  d\u00e9crites  par  l'instruction  technique\nDGPE/SDC/2020-616  du  7  octobre  2020.  Dans  ce  cadre,  l'utilisation  du  mod\u00e8le  de\nformulaire joint en annexe est recommand\u00e9e.\n01_DDT_Direction d\u00e9partementale des territoires de l'Ain - 01-2026-03-11-00001 - Arr\u00eat\u00e9 relatif aux modalit\u00e9s de mise en oeuvre du\n\u00ab\u00a0fonds d'urgence exceptionnel\u00a0\u00bb de soutien \u00e0 la fili\u00e8re c\u00e9r\u00e9ali\u00e8re, ol\u00e9agineuse et prot\u00e9agineuse 41\nArticle 7 \u2013 Contr\u00f4les\nDes  contr\u00f4les  administratifs  et  physiques  pourront  \u00eatre  diligent\u00e9s  par  les  services\ncomp\u00e9tents,  et  un  contr\u00f4le  approfondi  des  informations  communiqu\u00e9es  pourra  \u00eatre\nr\u00e9alis\u00e9 par les administrations comp\u00e9tentes apr\u00e8s paiement.\n\u00c0 cette fin, le b\u00e9n\u00e9ficiaire doit tenir \u00e0 la disposition des administrations comp\u00e9tentes\nl'ensemble des documents permettant de justifier le versement de l'aide jusqu'\u00e0 la fin de\nla dixi\u00e8me ann\u00e9e civile suivant celle du versement de l'aide demand\u00e9e au titre du pr\u00e9sent\ndispositif.\nCes  contr\u00f4les  peuvent  aboutir  \u00e0  remettre  en  cause  l'\u00e9ligibilit\u00e9  \u00e0  l'aide  et  entra\u00eener\nl'application de r\u00e9duction du montant de l'aide et/ou de sanctions.\nArticle 8 \u2013 Remboursement de l'aide ind\u00fbment per\u00e7ue et sanctions\nEn  cas  d'irr\u00e9gularit\u00e9  d\u00e9tect\u00e9e  apr\u00e8s  paiement,  il  est  demand\u00e9  au  b\u00e9n\u00e9ficiaire  le\nreversement de tout ou partie de l'aide attribu\u00e9e.\nSi l'irr\u00e9gularit\u00e9 est relev\u00e9e avant paiement, l'aide sollicit\u00e9e pourrait ne pas \u00eatre vers\u00e9e.\nEn cas de fourniture intentionnelle de donn\u00e9es fausses ou de documents falsifi\u00e9s avant ou\napr\u00e8s paiement, une sanction administrative est appliqu\u00e9e.\nElle correspond \u00e0 20  % du montant de l'aide ind\u00fbment pay\u00e9e ou qui aurait \u00e9t\u00e9 pay\u00e9e si\nl'irr\u00e9gularit\u00e9 intentionnelle n'avait pas \u00e9t\u00e9 d\u00e9tect\u00e9e.\nArticle 9 \u2013 Recours\nLe  pr\u00e9sent  arr\u00eat\u00e9  peut  faire  l'objet  d'un  recours  contentieux  devant  le  tribunal\nadministratif  de  Lyon,  dans  le  d\u00e9lai  de  deux  mois  \u00e0  compter  de  sa  publication.  La\njuridiction  administrative  peut  aussi  \u00eatre  saisie  par  l'application  T\u00e9l\u00e9recours  citoyens,\naccessible \u00e0 partir du site www.telerecours.fr.\nArticle 10 \u2013 Entr\u00e9e en vigueur\nLe pr\u00e9sent arr\u00eat\u00e9 entrera en vigueur le lendemain de sa publication au recueil des actes\nadministratifs de la pr\u00e9fecture.\nArticle 11 \u2013 Ex\u00e9cution du pr\u00e9sent arr\u00eat\u00e9\n01_DDT_Direction d\u00e9partementale des territoires de l'Ain - 01-2026-03-11-00001 - Arr\u00eat\u00e9 relatif aux modalit\u00e9s de mise en oeuvre du\n\u00ab\u00a0fonds d'urgence exceptionnel\u00a0\u00bb de soutien \u00e0 la fili\u00e8re c\u00e9r\u00e9ali\u00e8re, ol\u00e9agineuse et prot\u00e9agineuse 42\nLe directeur d\u00e9partemental des territoires et la secr\u00e9taire g\u00e9n\u00e9rale de la pr\u00e9fecture  sont\ncharg\u00e9s, chacun en ce qui le concerne, de l'ex\u00e9cution du pr\u00e9sent arr\u00eat\u00e9 qui sera publi\u00e9 au\nrecueil des actes administratifs de la pr\u00e9fecture de l'Ain.\nFait \u00e0 Bourg en Bresse, le 11 mars 2026\nSIGNE\nLe pr\u00e9fet,\nLouis-Xavier THIRODE\n01_DDT_Direction d\u00e9partementale des territoires de l'Ain - 01-2026-03-11-00001 - Arr\u00eat\u00e9 relatif aux modalit\u00e9s de mise en oeuvre du\n\u00ab\u00a0fonds d'urgence exceptionnel\u00a0\u00bb de soutien \u00e0 la fili\u00e8re c\u00e9r\u00e9ali\u00e8re, ol\u00e9agineuse et prot\u00e9agineuse 43\n01_Pref_Pr\u00e9fecture de l'Ain\n01-2026-03-11-00007\nArr\u00eat\u00e9 pr\u00e9fectoral autorisant l'installation\ntemporaire d'une tente stretch dans le\np\u00e9rim\u00e8tre du site class\u00e9 du lac de Nantua et ses\nabords au profit de la SCI DU GLACIER FONDU\ndu 15 juin 2026 au 14 septembre\n01_Pref_Pr\u00e9fecture de l'Ain - 01-2026-03-11-00007 - Arr\u00eat\u00e9 pr\u00e9fectoral autorisant l'installation temporaire d'une tente stretch dans le\np\u00e9rim\u00e8tre du site class\u00e9 du lac de Nantua et ses abords au profit de la SCI DU GLACIER FONDU du 15 juin 2026 au 14 septembre 44\n01_Pref_Pr\u00e9fecture de l'Ain - 01-2026-03-11-00007 - Arr\u00eat\u00e9 pr\u00e9fectoral autorisant l'installation temporaire d'une tente stretch dans le\np\u00e9rim\u00e8tre du site class\u00e9 du lac de Nantua et ses abords au profit de la SCI DU GLACIER FONDU du 15 juin 2026 au 14 septembre 45\n01_Pref_Pr\u00e9fecture de l'Ain - 01-2026-03-11-00007 - Arr\u00eat\u00e9 pr\u00e9fectoral autorisant l'installation temporaire d'une tente stretch dans le\np\u00e9rim\u00e8tre du site class\u00e9 du lac de Nantua et ses abords au profit de la SCI DU GLACIER FONDU du 15 juin 2026 au 14 septembre 46","date":"2026-03-12","first_seen_on":"2026-03-12T15:06:23+00:00","id":"bc014c53159035e73d7c1cf801a690beac841641cead436fa6dfad2c3fdf5137","name":"recueil-01-2026-091-recueil-des-actes-administratifs-special 12-03-2026","pdf_creation_date":"2026-03-12T13:25:08+00:00","pdf_modification_date":null,"timezone":"Europe/Paris","url":"https://www.ain.gouv.fr/contenu/telechargement/35114/245107/file/recueil-01-2026-091-recueil-des-actes-administratifs-special%2012-03-2026.pdf"}
