{"administration":"pref69","administration_name":"Pr\u00e9fecture du Rh\u00f4ne","content":"PR\u00c9F\u00c8TE\nDU RH\u00d4NE\nRECUEIL DES ACTES\nADMINISTRATIFS SP\u00c9CIAL\nN\u00b069-2026-003\nPUBLI\u00c9 LE  5 JANVIER 2026\nSommaire\n69_DDETS_Direction d\u00e9partementale de l'emploi du travail et des\nsolidarit\u00e9s /\n69-2025-12-31-00005 - DECISION DREETS/T/2025/62 portant affectation\ndes agents de contr\u00f4le dans les unit\u00e9s de contr\u00f4le de l'inspection\ndu travail de la direction d\u00e9partementale de l'emploi, du travail et des\nsolidarit\u00e9s du d\u00e9partement du Rh\u00f4ne, et gestion des int\u00e9rims, (16\npages) Page 3\n69_Pr\u00e9f_Pr\u00e9fecture du Rh\u00f4ne /\n69-2026-01-05-00002 - Arr\u00eat\u00e9 pr\u00e9fectoral du 05/01/2026\nportant\nr\u00e9glementation temporaire de la circulation sur M7\nBlocage M7 par\nagriculteurs\n (3 pages) Page 20\n69_Pr\u00e9f_Pr\u00e9fecture du Rh\u00f4ne / Direction de la s\u00e9curit\u00e9 et de la\nprotection civile\n69-2026-01-03-00001 - Arr\u00eate pr\u00e9fectoral abrogeant les  mesures\nd'urgence socles prises dans le cadre de l'\u00e9pisode de pollution\natmosph\u00e9rique d\u00e9but\u00e9 le 02/12/2025\t (13 pages) Page 24\n84_EMIZSE_Etat major interminist\u00e9riel de zone Sud-Est / Bureau\nadministration et soutien\n69-2026-01-05-00001 - Arr\u00eat\u00e9 portant r\u00e9glementation exceptionnelle\nde la circulation sur le r\u00e9seau routier (5 pages) Page 38\n2\n69_DDETS_Direction d\u00e9partementale de\nl'emploi du travail et des solidarit\u00e9s\n69-2025-12-31-00005\nDECISION DREETS/T/2025/62 portant\naffectation des agents de contr\u00f4le dans les\nunit\u00e9s de contr\u00f4le de l'inspection du travail de la\ndirection d\u00e9partementale de l'emploi, du travail\net des solidarit\u00e9s du d\u00e9partement du Rh\u00f4ne, et\ngestion des int\u00e9rims,\n69_DDETS_Direction d\u00e9partementale de l'emploi du travail et des solidarit\u00e9s - 69-2025-12-31-00005 - DECISION DREETS/T/2025/62\nportant affectation des agents de contr\u00f4le dans les unit\u00e9s de contr\u00f4le de l'inspection du travail de la direction d\u00e9partementale de\nl'emploi, du travail et des solidarit\u00e9s du d\u00e9partement du Rh\u00f4ne, et gestion des int\u00e9rims,\n3\n| |MINISTEREDU TRAVAIL |ET DES SOLIDARIT\u00c9SLibert\u00e9Egalit\u00e9Fraternit\u00e9\nDirection r\u00e9gionale \nde l'\u00e9conomie, de l'emploi,  \ndu travail, et des solidarit\u00e9s  \nAuvergne Rh\u00f4ne-Alpes \n \nDirection d\u00e9partementale de l'emploi, \ndu travail et des solidarit\u00e9s du Rh\u00f4ne \n8, 10 rue du NORD \n69100 VILLEURBANNE CEDEX \n/\n16 \nLyon, le 31 d\u00e9cembre 2025 \n \n \nDECISION DREETS/T/2025/62 portant affectation des agents de contr\u00f4le dans les unit\u00e9s de contr\u00f4le de \nl'inspection du travail de la direction d\u00e9partementale de l'emploi, du travail et des solidarit\u00e9s du d\u00e9partement \ndu Rh\u00f4ne, et gestion des int\u00e9rims, \n \nLe Directeur r\u00e9gional de l'\u00e9conomie, de l'emploi, du travail et des solidarit\u00e9s par int\u00e9rim de la r\u00e9gion Auvergne -\nRh\u00f4ne-Alpes,  \n \nVu le code du travail, notamment ses articles R. 8122-3 et suivants, \n \nVu le d\u00e9cret n\u00b0 2020-1545 du 9 d\u00e9cembre 2020 relatif \u00e0 l'organisation et aux missions des directions r\u00e9gionales de \nl'\u00e9conomie, de l'emploi, du travail et des solidarit\u00e9s et des directions d\u00e9partementales de l'emploi, du travail, des \nsolidarit\u00e9s et de la protection des populations, \n \nVu l'arr\u00eat\u00e9 interminist\u00e9riel du 23 juillet 2025 portant nomination de Madame Fabienne FOURNIER -BERAUD en \nqualit\u00e9 de directrice r\u00e9gionale de l'\u00e9conomie, de l'emploi, du travail et des solidarit\u00e9s de la r\u00e9gion Auvergne -Rh\u00f4ne-\nAlpes \u00e0 compter du 1er septembre 2025,  \n \nVu la d\u00e9cision de la DECISION DREETS/T/2024/14 relative \u00e0 la localisation et d\u00e9limitation des unit\u00e9s de contr\u00f4le \net des sections d'inspection de la direction d\u00e9partementale de l'emploi, du travail et des solidarit\u00e9s du Rh\u00f4ne \npubli\u00e9e le 28 mars 2024, \n \nVu la d\u00e9cision DREETS/T/2025/5 9 portant affectation des agents de contr\u00f4le dans les unit\u00e9s de contr\u00f4le de \nl'inspection du travail de la direction d\u00e9partementale de l'emploi, du travail et des solidarit\u00e9s du d\u00e9partement du \nRh\u00f4ne, et gestion des int\u00e9rims, \n \nSur proposition du directeur d\u00e9partemental de l'emploi, du travail et des solidarit\u00e9s du Rh\u00f4ne,  \n \n \nARR\u00caTE \n \n \nArticle 1 :  \n \nSont nomm\u00e9s comme responsables des unit\u00e9s de contr\u00f4le de la direction d\u00e9partementale de l'emploi, du \ntravail et des solidarit\u00e9s du Rh\u00f4ne : \n- Unit\u00e9 de contr\u00f4le n\u00b01 Lyon-Centre : Monsieur Thierry AFFRE \n- Unit\u00e9 de contr\u00f4le n\u00b02 Rh\u00f4ne-Sud-Ouest : Monsieur Alain DUNEZ  \n- Unit\u00e9 de contr\u00f4le n\u00b03 Lyon-Villeurbanne : Madame Sophie RUAT \n- Unit\u00e9 de contr\u00f4le n\u00b04 Rh\u00f4ne-Centre-Est : Madame Fr\u00e9d\u00e9rique LIBAUD  \n- Unit\u00e9 de contr\u00f4le n\u00b0 5 Rh\u00f4ne-Nord-et-Agriculture : Madame Florence DUFOUR \n- Unit\u00e9 de contr\u00f4le n\u00b0 6 Rh\u00f4ne-Transports : Madame Charlotte BAUDOUIN \n- Unit\u00e9 de contr\u00f4le n\u00b07 Lyon-Vall\u00e9e Du Rh\u00f4ne : Madame Agathe KHERBACHE  \n \n \n \nArticle 2 :  \n69_DDETS_Direction d\u00e9partementale de l'emploi du travail et des solidarit\u00e9s - 69-2025-12-31-00005 - DECISION DREETS/T/2025/62\nportant affectation des agents de contr\u00f4le dans les unit\u00e9s de contr\u00f4le de l'inspection du travail de la direction d\u00e9partementale de\nl'emploi, du travail et des solidarit\u00e9s du d\u00e9partement du Rh\u00f4ne, et gestion des int\u00e9rims,\n4\n2/16 \n \n \nSans pr\u00e9judice des dispositions de l'article R. 8122 -10-I du code du travail et conform\u00e9ment aux \ndispositions de l'article R. 8122 -11 du code du travail, sont affect\u00e9s dans les sections d'inspection de la \ndirection d\u00e9partementale de l'emploi, du travail et des solidarit\u00e9s du Rh\u00f4ne les agents suivants : \n \nUnit\u00e9 de contr\u00f4le 1, Lyon-Centre,  \n \nSection U01S01 GIRERD Chantal Inspectrice du travail \nSection U01S02 EL GALAI Anissa Inspectrice du travail \nSection U01S03 RULLIAT Axelle Inspectrice du travail \nSection U01S04 BENCHERGUI Mohammed Inspecteur du travail \nSection U01S05 AUGE Sabrina Inspectrice du travail \nSection U01S06 FEYEUX Philippe Directeur adjoint du travail inspectant \nSection U01S07 GUILLAUMONT Ambre Inspectrice du travail \nSection U01S08  \nA l'exception de BSL LYON 96Bd Vivier Merle \n69003 LYON (siret :83302268400017) \nLITAUDON B\u00e9atrice  \njusqu'au 31 janvier 2026,  \npuis VACANTE \nInspectrice du travail \nSection U01S09 \n PICARD Esther Inspectrice du travail \nSection U01S10 DUNOYER Charlotte Inspectrice du travail \nSection U01S11 VACANTE  \n \nUnit\u00e9 de contr\u00f4le 2, Rh\u00f4ne-Sud-Ouest,  \n \nSection U02S01 ELLUL Catherine Inspectrice du travail \nSection U02S02 SEGHIR Samir Inspecteur du travail \nSection U02S03 VITTI Myriam Inspectrice du travail \nSection U02S04 BLANC Caroline Inspectrice du travail \nSection U02S05 PEYSSONNEAUX Anne Inspectrice du travail \nSection U02S06 ALVAREZ Marilou Inspectrice du travail \nSection U02S07 CIMA Ana\u00efs Inspectrice du travail \nSection U02S08 GILLES-LAPALUS Anne Inspectrice du travail \nSection U02S09 CHAMBERT Romain Inspecteur du travail \nSection U02S10 CROUZET Martin Inspecteur du travail \n \nUnit\u00e9 de contr\u00f4le 3, Lyon-Villeurbanne,  \n \nSection U03S01 GROUX Fatma Inspectrice du travail \nSection U03S02 MARTIN Guillemette Inspectrice du travail \nSection U03S03 jusqu'au 09 janvier 2026 MIRAD Hourya  Inspectrice du travail \nSection U03S03  du 09 janvier et jusqu'au 31 \njanvier 2026 VACANTE  \nSection U03S03 \u00e0 compter du 1er f\u00e9vrier 2026 \n LITAUDON B\u00e9atrice  Inspectrice du travail \n \nSection U03S04 \n \nGUIVARC'H Ad\u00e8le Inspectrice du travail \nSection U03S05 \nAinsi que l'\u00e9tablissement Centre de Mise \u00e0 l'Abri \net d'Evaluation FORUM REFUGIES, sis 20 rue \nNeyret 69001 LYON et rattach\u00e9 au SIRET \n32692287900084 \nLACHAIZE Pascal Inspecteur du travail \nSection U03S06, \nAinsi que  BAYER SAS, sis 14 -20 rue Pierre \nBaizet 69009 LYON (SIRET : 56203889300714) \nTOMIELLO Aur\u00e9lie Inspectrice du travail \nSection U03S07, TEODORI Fabienne Inspectrice du travail \n69_DDETS_Direction d\u00e9partementale de l'emploi du travail et des solidarit\u00e9s - 69-2025-12-31-00005 - DECISION DREETS/T/2025/62\nportant affectation des agents de contr\u00f4le dans les unit\u00e9s de contr\u00f4le de l'inspection du travail de la direction d\u00e9partementale de\nl'emploi, du travail et des solidarit\u00e9s du d\u00e9partement du Rh\u00f4ne, et gestion des int\u00e9rims,\n5\n3/16 \n \nA l'exception de CCI FORMATION PRO, sis 36 \nrue Sergent Berthet 69009 LYON (SIRET  : \n90007495600013) \nSection U03S08, \nAinsi que CCI FORMATION PRO, sis 36 rue \nSergent Berthet 69009 LYON (SIRET  : \n90007495600013) \nEt \u00e0 l'exception de BAYER SAS, sis 14 -20 rue \nPierre Baizet 69009 LYON (SIRET  : \n56203889300714) \n \n \n \nMETAXAS Alexandre \n \n \n \nInspecteur du travail \nSection U03S09 SCHWAIGER Guillaume Inspecteur du travail \nSection U03S10 \nA l'exception de l'\u00e9tablissement Centre de Mise \u00e0 \nl'Abri et d'Evaluation FORUM REFUGIES, sis 20 \nrue Neyret 69001 LYON et rattach\u00e9 au SIRET \n32692287900084 \nBOUZERD Malika \n \n \nInspectrice du travail \n \n \nUnit\u00e9 de contr\u00f4le 4, Rh\u00f4ne-Centre-Est, \n  \nSection U04S01 LECLERC Anne-Lise Inspectrice du travail \nSection U04S02 VACANTE Inspectrice du travail \nSection U04S03 MILCENT Mathilde Inspectrice du travail \nSection U04S04  \u00e0 l'exception de : \nHEG DISTRIBUTION 28 Rue Francine Fromont \n69120 Vaulx-En-Velin (90317003300034) \nPROFIRE BATIMENT 28 Rue Francine Fromont \n69120 Vaulx-En-Velin (82443217300030) \nGABINVESTS  28 Rue Francine Fromont 69120 \nVaulx-En-Velin (79180683900035) \nPROFIRE GENIE CLIMATIQUE 28 Rue Francine \nFromont 69120 Vaulx-En-Velin  \n(85183742700034) \n \nLa section U04S04 inclut \u00e9galement \nl'\u00e9tablissement FRESH MARKET  \u2013 13 route de \nGenas \u2013 69120 Vaulx -en-Velin (siret \n83002482400013) \nZOUAOUI Naoa Inspectrice du travail \nSection U04S05 \u00e0 l'exception de l'\u00e9tablissement \nFRESH MARKET \u2013 13 route de Genas \u2013 69120 \nVaulx-en-Velin (siret 83002482400013) \n \nLa section U04S05 inclut \u00e9galement : \nHEG DISTRIBUTION 28 Rue Francine Fromont \n69120 Vaulx-En-Velin (90317003300034) \nPROFIRE BATIMENT 28 Rue Francine Fromont \n69120 Vaulx-En-Velin (82443217300030) \nGABINVESTS  28 Rue Francine Fromont 69120 \nVaulx-En-Velin (79180683900035) \nPROFIRE GENIE CLIMATIQUE 28 Rue Francine \nFromont 69120 Vaulx-En-Velin  \n(85183742700034) \nMERZOUGUI Sabah Inspectrice du travail \nSection U04S06 SAZ Annabelle Inspectrice du travail \nSection U04S07 VACANTE  \nSection U04S08 CHOUAT Im\u00e8ne Inspectrice du travail \nSection U04S09 CHARBOUILLOT Bastien Inspecteur du travail \nSection U04S10 SIROT Evelle Inspectrice du travail \n \n \nUnit\u00e9 de contr\u00f4le 5, Rh\u00f4ne-Nord-et-Agriculture,  \n \nSection U05S01 ainsi que VACANTE  \n69_DDETS_Direction d\u00e9partementale de l'emploi du travail et des solidarit\u00e9s - 69-2025-12-31-00005 - DECISION DREETS/T/2025/62\nportant affectation des agents de contr\u00f4le dans les unit\u00e9s de contr\u00f4le de l'inspection du travail de la direction d\u00e9partementale de\nl'emploi, du travail et des solidarit\u00e9s du d\u00e9partement du Rh\u00f4ne, et gestion des int\u00e9rims,\n6\n4/16 \n \nTEINTURERIES DE TARARE, Route de Violay \n69170 Joux \nSection U05S02 et : \n- SOL'ACT, 56 Impasse Edison \n69400 Villefranche-sur-Sa\u00f4ne \n- Esat Anne -Marie Bedin - AGIVR, Chemin des \nSablons 69220 Belleville en Beaujolais \n- AGIVR, 496 Rue Loyson de Chastelus \n69400 Villefranche-sur-Sa\u00f4ne \n \nKILLIAN Julia \n \nInspectrice du travail \nSection U05S03 \nA l'exception de : \nTEINTURERIES DE TARARE, Route de Violay \n69170 Joux \nWEBER Marie Inspectrice du travail \nSection U05S04 \n\u00e0 l'exception de : \n- SOL'ACT, 56 Impasse Edison \n69400 Villefranche-sur-Sa\u00f4ne \n- Esat Anne -Marie Bedin (AGIVR), Chemin des \nSablons 69220 Belleville en Beaujolais \n- AGIVR, 496 Rue Loyson de Chastelus \n69400 Villefranche-sur-Sa\u00f4ne \nGINECCI Julie Inspectrice du travail \nSection U05S05 DE CARVALHO \nRODRIGUES Paola \nInspectrice du travail \nSection U05S06 VACANTE  \nSection U05S07 LERBS Philippine Inspectrice du travail \nSection U05S08 DUVIGNAUD Juliette Inspectrice du travail \nSection U05S09 GIROUD St\u00e9phanie Inspectrice du travail \nSection U05S10 CHAACHOUA Kenzi Inspecteur du travail \n \nUnit\u00e9 de contr\u00f4le 6, Rh\u00f4ne-Transports,  \n \nSection U06S01 BOUCHON Christelle Inspectrice du travail \nSection U06S02 VIRIEUX Sandrine Inspectrice du travail \nSection U06S03 GOURC Gilles Inspecteur du travail \nSection U06S04 JUSTO Hugo Inspecteur du travail \nSection U06S05 PAPASTRATIDIS \nAnne-Laure Inspectrice du travail \nSection U06S06 DUFOUR-GRUENAIS Ian Inspecteur du travail \nSection U06S07 BOITEL-BRAS Yann Inspecteur du travail \nSection U06S08 CREPUT Ronan Inspecteur du travail \nSection U06S09 GAILLARD Vincent Inspecteur du travail \nSection U06S10 GOUFFI Sch\u00e9razade. Inspectrice du travail \n \nUnit\u00e9 de contr\u00f4le 7, Lyon-Vall\u00e9e Du Rh\u00f4ne, \n \nSection U07S01 MICHEL Dominique Inspectrice du travail \nSection U07S02 \nAinsi que les \u00e9tablissements CENTRAL AUTOS, \nsis 49  \u00e0 53 boulevard Lucien SAMPAIX 69190 \nSAINT-FONS (78009637600139, \n78009637600089 et 78009637600071) LERGUET Najib \nInspecteur du travail \nSection U07S03 \nA l'exception des \u00e9tablissements CENTRAL \nAUTOS, sis 49  \u00e0 53 boulevard Lucien SAMPAIX \n69190 SAINT-FONS (78009637600139, \n78009637600089 et 78009637600071) \nFOURNIER Thomas Inspecteur du travail \nSection U07S04 VACANTE  \nSection U07S05 \nA l'exception des \u00e9tablissements situ\u00e9s au 213 \nrue  de Gerland 69007 LYON LOUIS Jo\u00ebl \nDirecteur adjoint du travail inspectant \n69_DDETS_Direction d\u00e9partementale de l'emploi du travail et des solidarit\u00e9s - 69-2025-12-31-00005 - DECISION DREETS/T/2025/62\nportant affectation des agents de contr\u00f4le dans les unit\u00e9s de contr\u00f4le de l'inspection du travail de la direction d\u00e9partementale de\nl'emploi, du travail et des solidarit\u00e9s du d\u00e9partement du Rh\u00f4ne, et gestion des int\u00e9rims,\n7\n5/16 \n \nSection U07S06 MARTIN Amandine Inspectrice du travail \nSection U07S07 SOLTANE A\u00efcha Inspectrice du travail \nSection U07S08 FAILLE Th\u00e9o Inspecteur du travail \n \nArticle 3 :  \n \nLes agents de contr\u00f4le suivants sont d\u00e9sign\u00e9s pour assurer les int\u00e9rims des sections mentionn\u00e9es ci-dessous : \n \nUnit\u00e9 de contr\u00f4le 1, Lyon-Centre  \n \nSection Agent de contr\u00f4le \nassurant l'int\u00e9rim \nPouvoir de d\u00e9cision \nadministrative en lien \navec les salari\u00e9s \nprot\u00e9g\u00e9s \nAutre pouvoir de \nd\u00e9cisions \nadministratives \nSection U01S08 \nsoci\u00e9t\u00e9 BSL LYON 96Bd Vivier \nMerle 69003 LYON \n(siret :83302268400017) \nLe responsable de \nl'unit\u00e9 de contr\u00f4le \nUC1 Lyon centre \nLe responsable de \nl'unit\u00e9 de contr\u00f4le UC1 \nLyon centre \nLe responsable de l'unit\u00e9 de \ncontr\u00f4le UC1 Lyon centre \nSection U01S11 \nLe responsable de \nl'unit\u00e9 de contr\u00f4le \nUC1 Lyon centre \nL'inspectrice du travail \nde la section U01S07 \nLe responsable de l'unit\u00e9 \nde contr\u00f4le UC1 Lyon \ncentre \n \nUnit\u00e9 de contr\u00f4le 2, Rh\u00f4ne Sud-Ouest  \n \nSection Agent de contr\u00f4le assurant \nl'int\u00e9rim Pouvoir de d\u00e9cision administrative \nSection U02S01  : Gr\u00e9zieu la \nVarenne, Francheville, Polionnay, \nBrindas \nSauf les soci\u00e9t\u00e9s : \n-      ADnucleis, 30 CHEMIN DES \nMOUILLES, 69290 GREZIEU -\nLA-VARENNE \nsiret : 49780216500017 \n- IODOLAB, 3 ROUTE DES \nPIERRES BLANCHES, 69290 \nGREZIEU-LA-VARENNE \nSiret : 45064781300036 \nL'agent de contr\u00f4le de la section \nU02S02 \nL'agent de contr\u00f4le de la section \nU02S02 \nSection U02S01 : Thurins, Yzeron \nMessimy, Courzieu, Vaugneray \nL'agent de contr\u00f4le de la section \nU02S10 \nL'agent de contr\u00f4le de la section \nU02S10 \nLes soci\u00e9t\u00e9s : \n-      ADnucleis, 30 CHEMIN DES \nMOUILLES, 69290 GREZIEU -\nLA-VARENNE \nsiret : 49780216500017 \n- IODOLAB, 3 ROUTE DES \nPIERRES BLANCHES, 69290 \nGREZIEU-LA-VARENNE \nSiret : 45064781300036 \nL'agent de contr\u00f4le de la section \nU02S07 \nL'agent de contr\u00f4le de la section \nU02S07 \n \nUnit\u00e9 de contr\u00f4le 3, Lyon-Villeurbanne  \n \nSection Agent de contr\u00f4le assurant \nl'int\u00e9rim \nPouvoir de d\u00e9cision \nadministrative \nSection U03S03, en l'absence de \nl'Inspectrice du travail comp\u00e9tente, \n\u00e0 compter du 10 janvier 2026 et \njusqu'au 31 janvier 2026 \nL'Inspecteur du travail de la section \nU03S08 \nL'Inspecteur du travail de la \nsection U03S08 \nUnit\u00e9 de contr\u00f4le 4, Rh\u00f4ne Centre Est \n \nSection Agent de contr\u00f4le assurant Pouvoir de d\u00e9cision \n69_DDETS_Direction d\u00e9partementale de l'emploi du travail et des solidarit\u00e9s - 69-2025-12-31-00005 - DECISION DREETS/T/2025/62\nportant affectation des agents de contr\u00f4le dans les unit\u00e9s de contr\u00f4le de l'inspection du travail de la direction d\u00e9partementale de\nl'emploi, du travail et des solidarit\u00e9s du d\u00e9partement du Rh\u00f4ne, et gestion des int\u00e9rims,\n8\n6/16 \n \nl'int\u00e9rim administrative \nSection U04S02 \nL'inspecteur du travail de la section \nU04S09  \nLa Responsable de l'unit\u00e9 de \ncontr\u00f4le UC 4 Rh\u00f4ne- Centre Est \nSection U04S04 , en l'absence de \nl'Inspectrice du travail comp\u00e9tente \nL'Inspectrice du travail de la section \nU04S05 \nL'Inspectrice du travail de la section \nU04S05 \nSection U04S07 La Responsable de l'unit\u00e9 de \ncontr\u00f4le UC 4 Rh\u00f4ne- Centre Est \nLa Responsable de l'unit\u00e9 de \ncontr\u00f4le UC 4 Rh\u00f4ne- Centre Est \n \nUnit\u00e9 de contr\u00f4le 5, Rh\u00f4ne-Nord-et-Agriculture  \n \n Section Agent de contr\u00f4le assurant \nl'int\u00e9rim \nPouvoir de d\u00e9cision \nadministrative \nSection U05S01 L'Inspectrice du travail de la \nsection U06S10 \nL'Inspectrice du travail de la section \nU06S10 \nSection U05S06 \nLes communes de Limas, \nPommiers, Anse, Amberieux \nd'Azergues, Quincieux, Lucenay,  \nLachassagne, Marcy, Alix, \nFrontenas et theiz\u00e9. \nL'Inspectrice du travail de la \nsection U05S04 du 1er au 31 \njanvier 2026 \nL'Inspectrice du travail de la section \nU05S04 du 1er au 31 janvier 2026 \nL'Inspectrice du travail de la \nsection U05S02 du 1er au 28 f\u00e9vrier \n2026 \nL'Inspectrice du travail de la section \nU05S02 du 1er au 28 f\u00e9vrier 2026 \nSection U05S06 \nLes communes de Moranc\u00e9, Chazay \nd'Azergues, Marcilly d'Azergues, \nCivrieux d'Azergues, Lozanne, Saint \njean des vignes, Belmont, Charnay, \nChessy, Chatillon d'Azergues. \n \nL'Inspecteur du travail de la section \nU05S10 du 1er janvier au 28 f\u00e9vrier \n2026 \nL'Inspecteur du travail de la section \nU05S10 du 1 er janvier au 28 f\u00e9vrier \n2026 \n \nUnit\u00e9 de contr\u00f4le 6, Rh\u00f4ne-Transports \n \nSection Agent de contr\u00f4le assurant \nl'int\u00e9rim \nPouvoir de d\u00e9cision \nadministrative \nSection U06S03, en l'absence de \nl'Inspecteur du travail comp\u00e9tent \nLa Responsable de l'Unit\u00e9 de \ncontr\u00f4le 6 Rh\u00f4ne-Transports jusqu'au \n11 janvier 2026 \nLa Responsable de l'Unit\u00e9 de \ncontr\u00f4le 6 Rh\u00f4ne -Transports \njusqu'au 11 janvier 2026 \nL'inspectrice du travail de la section \nU06S01 \u00e0 compter du 12 janvier 2026 \nL'inspectrice du travail de la \nsection U06 S01 \u00e0 compter du 12 \njanvier 2026 \n \nUnit\u00e9 de contr\u00f4le 7, Lyon-Vall\u00e9e Du Rh\u00f4ne, \n \nSection Contr\u00f4le \n\u00e9tablissements \nPouvoir de \nd\u00e9cision \nadministrative \nAgent de contr\u00f4le \nassurant l'int\u00e9rim \nLes \u00e9tablissements situ\u00e9s au 213 rue  \nde Gerland 69007 LYON \nLa responsable de \nl'unit\u00e9 de contr\u00f4le \nUC7 Lyon Vall\u00e9e du \nRh\u00f4ne \nLa responsable de \nl'unit\u00e9 de contr\u00f4le \nUC7 Lyon Vall\u00e9e du \nRh\u00f4ne \nDirecteur adjoint du \ntravail inspectant de la \nsection U07S05 \n \n \n \n \n \n \n \nSection Agent de contr\u00f4le assurant \nl'int\u00e9rim \nPouvoir de d\u00e9cision \nadministrative \n69_DDETS_Direction d\u00e9partementale de l'emploi du travail et des solidarit\u00e9s - 69-2025-12-31-00005 - DECISION DREETS/T/2025/62\nportant affectation des agents de contr\u00f4le dans les unit\u00e9s de contr\u00f4le de l'inspection du travail de la direction d\u00e9partementale de\nl'emploi, du travail et des solidarit\u00e9s du d\u00e9partement du Rh\u00f4ne, et gestion des int\u00e9rims,\n9\n7/16 \n \nSection U07S04 \nLa commune de SAINT GENIS \nLAVAL \u00e0 l'exception : \n- du centre commercial Saint \nGenis 2, \n- et des \u00e9tablissements situ\u00e9s \nroute de Brignais \n \nL'inspecteur du travail de la section \nU07S03 du 1er janvier au 28 f\u00e9vrier \n2026 L'inspecteur du travail de la section \nU07S08 L'inspectrice du travail de la \nsection U07S07 du 1 er mars au 30 \navril 2026 \nSection U07S04 \nLe centre commercial Saint Genis 2 \n \n \nL'inspecteur du travail de la section \nU07S02 \nL'inspecteur du travail de la section \nU07S02 \nSection U07S04 \nLes \u00e9tablissements et chantiers \nsitu\u00e9s route de Brignais 69230 \nSAINT GENIS LAVAL \n \nL'inspecteur du travail de la section \nU07S03 \nL'inspecteur du travail de la section \nU07S03 \nSection \nLa commune de VOURLES \n \nL'inspectrice du travail de la \nsection U07S01 \n \nL'inspectrice du travail de la \nsection U07S01 \n \n \nArticle 3 bis :  \n \nEn cas d'absence ou d'emp\u00eachement d'un ou plusieurs agents de contr\u00f4les d\u00e9sign\u00e9s \u00e0 l'article 2, et sauf d\u00e9cision \nexpresse d\u00e9finissant pour une dur\u00e9e d\u00e9termin\u00e9e une organisation de l'int\u00e9rim particuli\u00e8re, l'int\u00e9rim est organis\u00e9 par \nl'agent de contr\u00f4le d\u00e9sign\u00e9 dans les tableaux ci -apr\u00e8s en int\u00e9rim 1, ou en cas d'absence et d'emp\u00eachement de ce \ndernier par l'agent de contr\u00f4le d\u00e9sign\u00e9 dans les tableaux ci -apr\u00e8s en int\u00e9rim 2, ou en cas d'absence et \nd'emp\u00eachement de ce dernier par l'agent de contr\u00f4le d\u00e9sign\u00e9 dans les tableaux ci -apr\u00e8s en int\u00e9rim 3, ou en cas \nd'absence et d'emp\u00eachement de ce dernier par l'agent de contr\u00f4le d\u00e9sign\u00e9 dans les tableaux ci -apr\u00e8s en int\u00e9rim 4, ou \nen cas d'absence et d'emp\u00eachement de ce dernier par l'agent de contr\u00f4le d\u00e9sign\u00e9 dans les tableaux ci -apr\u00e8s en \nint\u00e9rim 5 ou en cas d'absence et d'emp\u00eachement de ce dernier par l'agent de contr\u00f4le d\u00e9sign\u00e9 dans les tableaux ci -\napr\u00e8s en int\u00e9rim 6, ou en cas d'absence et d'emp\u00eachement de ce dernier par l'agent de contr\u00f4le d\u00e9sign\u00e9 dans les \ntableaux ci-apr\u00e8s en int\u00e9rim 7 ou en cas d'absence et d'emp\u00eachement de ce dernier par l'agent de contr\u00f4le d\u00e9sign\u00e9 \ndans les tableaux ci -apr\u00e8s en int\u00e9rim 8,  ou en cas d'absence et d'emp\u00eachement de ce dernier par l'agent de contr\u00f4le \nd\u00e9sign\u00e9 dans les tableaux ci -apr\u00e8s en int\u00e9rim 9, ou en cas d'absence et d'emp\u00eachement de ce dernier par l'agent de \ncontr\u00f4le d\u00e9sign\u00e9 dans les tableaux ci-apr\u00e8s en int\u00e9rim 10 \n \n1. Unit\u00e9 de contr\u00f4le 1, Lyon-Centre :  \nInt\u00e9rim des agents de contr\u00f4le : \nAgent de \ncontr\u00f4le \nInt\u00e9rim 1 Int\u00e9rim 2 Int\u00e9rim 3 Int\u00e9rim 4 Int\u00e9rim 5 Int\u00e9rim 6 Int\u00e9rim 7 Int\u00e9rim 8 Int\u00e9rim 9 \nL'agent de \ncontr\u00f4le de la \nsection \nU01S01, \nChantal \nGIRERD \nL'agent de \ncontr\u00f4le de la \nsection \nU01S05, \nSabrina AUGE \nL'agent de \ncontr\u00f4le de la \nsection \nU01S03, \nAxelle \nRULLIAT \nL'agent de \ncontr\u00f4le de la \nsection \nU01S02, \nAnissa EL \nGALA\u00cf \nL'agent de \ncontr\u00f4le de la \nsection \nU01S09, \nEsther \nPICARD \nL'agent de \ncontr\u00f4le de la \nsection \nU01S06, \nPhilippe \nFEYEUX \nL'agent de \ncontr\u00f4le de la \nsection \nU01S08, \nB\u00e9atrice \nLITAUDON \nL'agent de \ncontr\u00f4le de la \nsection \nU01S10, \nCharlotte \nDUNOYER, \nL'agent de \ncontr\u00f4le de la \nsection U01S04 \nMohammed \nBENCHERGUI \nL'agent de \ncontr\u00f4le de la \nsection U01S07, \nAmbre \nGUILLAUMONT \nL'agent de \ncontr\u00f4le de la \nsection \nU01S02, \nAnissa EL \nGALAI \nL'agent de \ncontr\u00f4le  de la \nsection \nU01S06, \nPhilippe \nFEYEUX \nL'agent de \ncontr\u00f4le de la \nsection \nU01S09, \nEsther \nPICARD \nL'agent de \ncontr\u00f4le de la \nsection \nU01S08, \nB\u00e9atrice \nLITAUDON \nL'agent de \ncontr\u00f4le de la \nsection \nU01S05, \nSabrina AUGE \nL'agent de \ncontr\u00f4le de la \nsection \nU01S01, \nChantal \nGIRERD \nL'agent de \ncontr\u00f4le de la \nsection \nU01S10, \nCharlotte \nDUNOYER, \nL'agent de \ncontr\u00f4le de la \nsection \nU01S03, \nAxelle \nRULLIAT \nL'agent de \ncontr\u00f4le de la \nsection U01S04 \nMohammed \nBENCHERGUI \nL'agent de \ncontr\u00f4le de la \nsection U01S07, \nAmbre \nGUILLAUMONT \nL'agent de \ncontr\u00f4le de la \nsection \nU01S03, \nAxelle \nRULLIAT \nL'agent de \ncontr\u00f4le de la \nsection \nU01S10, \nCharlotte \nDUNOYER, \nL'agent de \ncontr\u00f4le de la \nsection \nU01S09, \nEsther \nPICARD \nL'agent de \ncontr\u00f4le de la \nsection \nU01S01, \nChantal \nGIRERD \nL'agent de \ncontr\u00f4le de la \nsection \nU01S08, \nB\u00e9atrice \nLITAUDON \nL'agent de \ncontr\u00f4le de la \nsection \nU01S06, \nPhilippe \nFEYEUX \nL'agent de \ncontr\u00f4le de la \nsection \nU01S05 \nSabrina AUG\u00c9 \nL'agent de \ncontr\u00f4le de la \nsection \nU01S02, \nAnissa EL \nGALAI \nL'agent de \ncontr\u00f4le de la \nsection U01S04 \nMohammed \nBENCHERGUI \nL'agent de \ncontr\u00f4le de la \nsection U01S07, \nAmbre \nGUILLAUMONT \nL'agent de \ncontr\u00f4le de la \nsection \nU01S04 \nMohammed \nBENCHERGUI \nL'agent de \ncontr\u00f4le de la \nsection \nU01S05, \nSabrina AUG\u00c9 \nL'agent de \ncontr\u00f4le de la \nsection \nU01S01, \nChantal \nGIRERD \nL'agent de \ncontr\u00f4le de la \nsection \nU01S08, \nB\u00e9atrice \nLITAUDON \nL'agent de \ncontr\u00f4le de la \nsection \nU01S03, \nAxelle \nRULLIAT \nL'agent de \ncontr\u00f4le de la \nsection \nU01S02, \nAnissa EL \nGALAI \nL'agent de \ncontr\u00f4le l de la \nsection \nU01S10, \nCharlotte \nDUNOYER, \nL'agent de \ncontr\u00f4le de la \nsection \nU01S09, \nEsther \nPICARD \nL'agent de \ncontr\u00f4le de la \nsection U01S06, \nPhilippe FEYEUX \nL'agent de \ncontr\u00f4le de la \nsection U01S07, \nAmbre \nGUILLAUMONT \nL'agent de \ncontr\u00f4le de la \nsection \nU01S05, \nSabrina AUG\u00c9 \nL'agent de \ncontr\u00f4le de la \nsection \nU01S01, \nChantal \nGIRERD \nL'agent de \ncontr\u00f4le de la \nsection \nU01S08, \nB\u00e9atrice \nLITAUDON \nL'agent de \ncontr\u00f4le de la \nsection \nU01S03, \nAxelle \nRULLIAT \nL'agent de \ncontr\u00f4le de la \nsection \nU01S02, \nAnissa EL \nGALAI \nL'agent de \ncontr\u00f4le de la \nsection \nU01S10, \nCharlotte \nDUNOYER, \nL'agent de \ncontr\u00f4le de la \nsection \nU01S09, \nEsther \nPICARD \nL'agent de \ncontr\u00f4le de la \nsection \nU01S06, \nPhilippe \nFEYEUX \nL'agent de \ncontr\u00f4le de la \nsection U01S04 \nMohammed \nBENCHERGUI \nL'agent de \ncontr\u00f4le de la \nsection U01S07, \nAmbre \n69_DDETS_Direction d\u00e9partementale de l'emploi du travail et des solidarit\u00e9s - 69-2025-12-31-00005 - DECISION DREETS/T/2025/62\nportant affectation des agents de contr\u00f4le dans les unit\u00e9s de contr\u00f4le de l'inspection du travail de la direction d\u00e9partementale de\nl'emploi, du travail et des solidarit\u00e9s du d\u00e9partement du Rh\u00f4ne, et gestion des int\u00e9rims,\n10\n8/16 \n \nGUILLAUMONT \nL'agent de \ncontr\u00f4le de la \nsection \nU01S06, \nPhilippe \nFEYEUX \nL'agent de \ncontr\u00f4le de la \nsection \nU01S03, \nAxelle \nRULLIAT \n \nL'agent de \ncontr\u00f4le de la \nsection \nU01S09, \nEsther \nPICARD \nL'agent de \ncontr\u00f4le de la \nsection \nU01S05, \nSabrina AUG\u00c9 \nL'agent de \ncontr\u00f4le de la \nsection \nU01S08, \nB\u00e9atrice \nLITAUDON \nL'agent de \ncontr\u00f4le de la \nsection \nU01S10, \nCharlotte \nDUNOYER, \nL'agent de \ncontr\u00f4le de la \nsection \nU01S02, \nAnissa EL \nGALAI \nL'agent de \ncontr\u00f4le de la \nsection \nU01S01, \nChantal \nGIRERD \nL'agent de \ncontr\u00f4le de la \nsection U01S04 \nMohammed \nBENCHERGUI \nL'agent de \ncontr\u00f4le de la \nsection U01S07, \nAmbre \nGUILLAUMONT \nL'agent de \ncontr\u00f4le de la \nsection U01S07, \nAmbre \nGUILLAUMONT \nL'agent de \ncontr\u00f4le de la \nsection \nU01S02, \nAnissa EL \nGALAI \nL'agent de \ncontr\u00f4le de la \nsection \nU01S10, \nCharlotte \nDUNOYER, \nL'agent de \ncontr\u00f4le de la \nsection \nU01S05, \nSabrina AUG\u00c9 \nL'agent de \ncontr\u00f4le de la \nsection \nU01S03, \nAxelle \nRULLIAT \nL'agent de \ncontr\u00f4le de la \nsection \nU01S01, \nChantal \nGIRERD \nL'agent de \ncontr\u00f4le de la \nsection \nU01S09, \nEsther \nPICARD \nL'agent de \ncontr\u00f4le de la \nsection \nU01S06, \nPhilippe \nFEYEUX \nL'agent de \ncontr\u00f4le de la \nsection U01S08, \nB\u00e9atrice \nLITAUDON \nL'agent de \ncontr\u00f4le de la \nsection U01S04 \nMohammed \nBENCHERGUI \nL'agent de \ncontr\u00f4le de la \nsection \nU01S08, \nB\u00e9atrice \nLITAUDON \nL'agent de \ncontr\u00f4le de la \nsection \nU01S04 \nMohammed \nBENCHERGUI \nL'agent de \ncontr\u00f4le de la \nsection \nU01S01, \nChantal \nGIRERD \nL'agent de \ncontr\u00f4le de la \nsection \nU01S05, \nSabrina AUG\u00c9 \nL'agent de \ncontr\u00f4le de la \nsection \nU01S03, Axelle \nRULLIAT \nL'agent de \ncontr\u00f4le de la \nsection \nU01S06, \nPhilippe \nFEYEUX \nL'agent de \ncontr\u00f4le de la \nsection \nU01S10, \nCharlotte \nDUNOYER, \nL'agent de \ncontr\u00f4le de la \nsection \nU01S09, \nEsther \nPICARD \nL'agent de \ncontr\u00f4le de la \nsection \nU01S02 \nAnissa \nEL GALAI \nL'agent de \ncontr\u00f4le de la \nsection U01S07, \nAmbre \nGUILLAUMONT \nL'agent de \ncontr\u00f4le de la \nsection \nU01S09, \nEsther \nPICARD \nL'agent de \ncontr\u00f4le de la \nsection \nU01S06, \nPhilippe \nFEYEUX \nL'agent de \ncontr\u00f4le de la \nsection \nU01S05, \nSabrina AUG\u00c9 \nL'agent de \ncontr\u00f4le de la \nsection \nU01S03, \nAxelle \nRULLIAT \nL'agent de \ncontr\u00f4le de la \nsection \nU01S08, \nB\u00e9atrice \nLITAUDON \nL'agent de \ncontr\u00f4le de la \nsection \nU01S01, \nChantal \nGIRERD \nL'agent de \ncontr\u00f4le de la \nsection \nU01S10, \nCharlotte \nDUNOYER, \nL'agent de \ncontr\u00f4le de la \nsection \nU01S02, \nAnissa EL \nGALAI \nL'agent de \ncontr\u00f4le de la \nsection U01S04 \nMohammed \nBENCHERGUI \nL'agent de \ncontr\u00f4le de la \nsection U01S07, \nAmbre \nGUILLAUMONT \nL'agent de \ncontr\u00f4le de la \nsection \nU01S10, \nCharlotte \nDUNOYER, \nL'agent de \ncontr\u00f4le de la \nsection \nU01S08, \nB\u00e9atrice \nLITAUDON \nL'agent de \ncontr\u00f4le de la \nsection \nU01S01, \nChantal \nGIRERD \nL'agent de \ncontr\u00f4le de la \nsection \nU01S09, \nEsther \nPICARD \nL'agent de \ncontr\u00f4le de la \nsection \nU01S03, \nAxelle \nRULLIAT \n \nL'agent de \ncontr\u00f4le de la \nsection \nU01S06, \nPhilippe \nFEYEUX \nL'agent de \ncontr\u00f4le de la \nsection \nU01S05, \nSabrina AUG\u00c9 \nL'agent de \ncontr\u00f4le de la \nsection \nU01S02, \nAnissa EL \nGALAI \nL'agent de \ncontr\u00f4le de la \nsection U01S04 \nMohammed \nBENCHERGUI \nL'agent de \ncontr\u00f4le de la \nsection U01S07, \nAmbre \nGUILLAUMONT \n \n \n \nEn cas d'absence ou d'emp\u00eachement simultan\u00e9 des agents de contr\u00f4le affect\u00e9s au sein de l'unit\u00e9 de contr\u00f4le faisant \nobstacle \u00e0 ce que l'int\u00e9rim soit assur\u00e9 selon les modalit\u00e9s fix\u00e9es ci -dessus, l'int\u00e9rim est assur\u00e9 par un agent de \ncontr\u00f4le des unit\u00e9s de contr\u00f4le Rh\u00f4ne -Sud-Ouest, Lyon-Villeurbanne, Rh\u00f4ne-Centre-Est, Rh\u00f4ne-Nord-et-Agriculture, \nRh\u00f4ne-Transports, Lyon-Vall\u00e9e Du Rh\u00f4ne ou par un responsable d'unit\u00e9 de contr\u00f4le. \n69_DDETS_Direction d\u00e9partementale de l'emploi du travail et des solidarit\u00e9s - 69-2025-12-31-00005 - DECISION DREETS/T/2025/62\nportant affectation des agents de contr\u00f4le dans les unit\u00e9s de contr\u00f4le de l'inspection du travail de la direction d\u00e9partementale de\nl'emploi, du travail et des solidarit\u00e9s du d\u00e9partement du Rh\u00f4ne, et gestion des int\u00e9rims,\n11\n9/16 \n \nUnit\u00e9 de contr\u00f4le 2, Rh\u00f4ne-Sud-Ouest \n \n Int\u00e9rim des agents de contr\u00f4le : \n \nAgent de \ncontr\u00f4le Int\u00e9rim 1 Int\u00e9rim 2 Int\u00e9rim 3 Int\u00e9rim 4 Int\u00e9rim 5 Int\u00e9rim 6 Int\u00e9rim 7 Int\u00e9rim 8 Int\u00e9rim 9 \nL'agent de \ncontr\u00f4le de la \nsection \nU02S01, \nCatherine \nELLUL \nL'agent de \ncontr\u00f4le du \ntravail de la \nsection \nU02S07 Ana\u00efs \nCIMA \nL'agent de \ncontr\u00f4le du \ntravail de la \nsection \nU02S04, \nCaroline \nBLANC \nL'agent de \ncontr\u00f4le du \ntravail de la \nsection \nU02S03, \nMyriam VITTI \nL'agent de \ncontr\u00f4le du \ntravail de la \nsection \nU02S02, \nSamir SEGHIR \nL'agent de \ncontr\u00f4le du \ntravail de la \nsection \nU02S06, \nMarilou \nALVAREZ \nL'agent de \ncontr\u00f4le du \ntravail de la \nsection \nU02S08, Anne \nGILLES-\nLAPALUS \nL'agent de \ncontr\u00f4le du \ntravail de la \nsection \nU02S05, Anne \nPEYSSONNE\nAUX \nL'agent de \ncontr\u00f4le de la \nsection \nU02S09, \nRomain \nCHAMBERT \nL'agent de \ncontr\u00f4le du \ntravail de la \nsection \nU02S10, \nMartin \nCROUZET \nL'agent de \ncontr\u00f4le du \ntravail de la \nsection \nU02S02, \nSamir SEGHIR \nL'agent de \ncontr\u00f4le du \ntravail de la \nsection \nU02S03, \nMyriam VITTI \nL'agent de \ncontr\u00f4le de la \nsection \nU02S09, \nRomain \nCHAMBERT \nL'agent de \ncontr\u00f4le de la \nsection \nU02S01, \nCatherine \nELLUL \nL'agent de \ncontr\u00f4le du \ntravail de la \nsection \nU02S10, \nMartin \nCROUZET \nL'agent de \ncontr\u00f4le du \ntravail de la \nsection \nU02S04, \nCaroline \nBLANC \nL'agent de \ncontr\u00f4le du \ntravail de la \nsection \nU02S06, \nMarilou \nALVAREZ \nL'agent de \ncontr\u00f4le du \ntravail de la \nsection \nU02S05, Anne \nPEYSSONNE\nAUX \nL'agent de \ncontr\u00f4le du \ntravail de la \nsection \nU02S08, Anne \nGILLES-\nLAPALUS \nL'agent de \ncontr\u00f4le du \ntravail de la \nsection \nU02S07 Ana\u00efs \nCIMA \nL'agent de \ncontr\u00f4le du \ntravail de la \nsection U02S03, \nMyriam VITTI \nL'agent de \ncontr\u00f4le de la \nsection \nU02S09, \nRomain \nCHAMBERT \nL'agent de \ncontr\u00f4le du \ntravail de la \nsection \nU02S02, Samir \nSEGHIR \nL'agent de \ncontr\u00f4le du \ntravail de la \nsection \nU02S04, \nCaroline \nBLANC \nL'agent de \ncontr\u00f4le de la \nsection \nU02S01, \nCatherine \nELLUL \nL'agent de \ncontr\u00f4le du \ntravail de la \nsection \nU02S07 Ana\u00efs \nCIMA \nL'agent de \ncontr\u00f4le du \ntravail de la \nsection \nU02S06, \nMarilou \nALVAREZ \nL'agent de \ncontr\u00f4le du \ntravail de la \nsection \nU02S08, Anne \nGILLES-\nLAPALUS \nL'agent de \ncontr\u00f4le du \ntravail de la \nsection \nU02S10, \nMartin \nCROUZET \nL'agent de \ncontr\u00f4le du \ntravail de la \nsection \nU02S05, Anne \nPEYSSONNE\nAUX \nL'agent de \ncontr\u00f4le du \ntravail de la \nsection \nU02S04, \nCaroline \nBLANC \nL'agent de \ncontr\u00f4le du \ntravail de la \nsection \nU02S05, Anne \nPEYSSONNE\nAUX \nL'agent de \ncontr\u00f4le de la \nsection \nU02S01, \nCatherine \nELLUL \nL'agent de \ncontr\u00f4le du \ntravail de la \nsection \nU02S06, \nMarilou \nALVAREZ \nL'agent de \ncontr\u00f4le du \ntravail de la \nsection \nU02S08, Anne \nGILLES-\nLAPALUS \nL'agent de \ncontr\u00f4le du \ntravail de la \nsection U02S02, \nSamir SEGHIR \nL'agent de \ncontr\u00f4le du \ntravail de la \nsection U02S10, \nMartin \nCROUZET \nL'agent de \ncontr\u00f4le du \ntravail de la \nsection U02S03, \nMyriam VITTI \nL'agent de \ncontr\u00f4le de la \nsection U02S09, \nRomain \nCHAMBERT \nL'agent de \ncontr\u00f4le du \ntravail de la \nsection U02S07 \nAna\u00efs CIMA \nL'agent de \ncontr\u00f4le du \ntravail de la \nsection \nU02S05, Anne \nPEYSSONNE\nAUX \nL'agent de \ncontr\u00f4le du \ntravail de la \nsection \nU02S10, \nMartin \nCROUZET \nL'agent de \ncontr\u00f4le du \ntravail de la \nsection \nU02S06, \nMarilou \nALVAREZ \nL'agent de \ncontr\u00f4le du \ntravail de la \nsection \nU02S08, Anne \nGILLES-\nLAPALUS \nL'agent de \ncontr\u00f4le de la \nsection \nU02S09, \nRomain \nCHAMBERT \nL'agent de \ncontr\u00f4le de la \nsection U02S01, \nCatherine \nELLUL \nL'agent de \ncontr\u00f4le du \ntravail de la \nsection U02S03, \nMyriam VITTI \nL'agent de \ncontr\u00f4le du \ntravail de la \nsection U02S02, \nSamir SEGHIR \nL'agent de \ncontr\u00f4le du \ntravail de la \nsection U02S04, \nCaroline BLANC \nL'agent de \ncontr\u00f4le du \ntravail de la \nsection U02S07 \nAna\u00efs CIMA \nL'agent de \ncontr\u00f4le du \ntravail de la \nsection \nU02S06, \nMarilou \nALVAREZ \nL'agent de \ncontr\u00f4le du \ntravail de la \nsection \nU02S08, Anne \nGILLES-\nLAPALUS \nL'agent de \ncontr\u00f4le du \ntravail de la \nsection \nU02S05, Anne \nPEYSSONNE\nAUX \nL'agent de \ncontr\u00f4le du \ntravail de la \nsection \nU02S10, \nMartin \nCROUZET \nL'agent de \ncontr\u00f4le du \ntravail de la \nsection U02S04, \nCaroline BLANC \nL'agent de \ncontr\u00f4le du \ntravail de la \nsection \nU02S03, \nMyriam VITTI \nL'agent de \ncontr\u00f4le du \ntravail de la \nsection \nU02S07 Ana\u00efs \nCIMA \nL'agent de \ncontr\u00f4le du \ntravail de la \nsection \nU02S02, \nSamir SEGHIR \nL'agent de \ncontr\u00f4le de la \nsection \nU02S09, \nRomain \nCHAMBERT \nL'agent de \ncontr\u00f4le de la \nsection \nU02S01, \nCatherine \nELLUL \nL'agent de \ncontr\u00f4le \nU02S07 Ana\u00efs \nCIMA \nL'agent de \ncontr\u00f4le de la \nsection \nU02S01, \nCatherine \nELLUL \nL'agent de \ncontr\u00f4le du \ntravail de la \nsection U02S04, \nCaroline BLANC \nL'agent de \ncontr\u00f4le du \ntravail de la \nsection \nU02S02, \nSamir \nSEGHIR \nL'agent de \ncontr\u00f4le du \ntravail de la \nsection \nU02S03, \nMyriam VITTI \nL'agent de \ncontr\u00f4le du \ntravail de la \nsection \nU02S06, \nMarilou \nALVAREZ \nL'agent de \ncontr\u00f4le du \ntravail de la \nsection \nU02S08, Anne \nGILLES-\nLAPALUS \nL'agent de \ncontr\u00f4le du \ntravail de la \nsection \nU02S10, \nMartin \nCROUZET \nL'agent de \ncontr\u00f4le du \ntravail de la \nsection \nU02S05, Anne \nPEYSSONNE\nAUX \nL'agent de \ncontr\u00f4le de la \nsection \nU02S09, \nRomain \nCHAMBERT \nL'agent de \ncontr\u00f4le du \ntravail de la \nsection \nU02S08, Anne \nGILLES-\nLAPALUS \nL'agent de \ncontr\u00f4le du \ntravail de la \nsection \nU02S06, \nMarilou \nALVAREZ \nL'agent de \ncontr\u00f4le du \ntravail de la \nsection \nU02S04, \nCaroline \nBLANC \nL'agent de \ncontr\u00f4le du \ntravail de la \nsection \nU02S05, Anne \nPEYSSONNE\nAUX \nL'agent de \ncontr\u00f4le de la \nsection \nU02S01, \nCatherine \nELLUL \nL'agent de \ncontr\u00f4le de la \nsection \nU02S09, \nRomain \nCHAMBERT \nL'agent de \ncontr\u00f4le du \ntravail de la \nsection \nU02S07 Ana\u00efs \nCIMA \nL'agent de \ncontr\u00f4le du \ntravail de la \nsection \nU02S02, \nSamir SEGHIR \nL'agent de \ncontr\u00f4le du \ntravail de la \nsection \nU02S10, \nMartin \nCROUZET \nL'agent de \ncontr\u00f4le du \ntravail de la \nsection \nU02S03, \nMyriam VITTI \nL'agent de \ncontr\u00f4le de la \nsection \nU02S09, \nRomain \nCHAMBERT \nL'agent de \ncontr\u00f4le du \ntravail de la \nsection \nU02S02, \nSamir \nSEGHIR \nL'agent de \ncontr\u00f4le du \ntravail de la \nsection \nU02S03, \nMyriam VITTI \nL'agent de \ncontr\u00f4le de la \nsection \nU02S01, \nCatherine \nELLUL \nL'agent de \ncontr\u00f4le du \ntravail de la \nsection \nU02S07 Ana\u00efs \nCIMA \nL'agent de \ncontr\u00f4le du \ntravail de la \nsection \nU02S08, Anne \nGILLES-\nLAPALUS \nL'agent de \ncontr\u00f4le du \ntravail de la \nsection \nU02S05, Anne \nPEYSSONNE\nAUX \nL'agent de \ncontr\u00f4le du \ntravail de la \nsection \nU02S04, \nCaroline \nBLANC \nL'agent de \ncontr\u00f4le du \ntravail de la \nsection \nU02S10, \nMartin \nCROUZET \nL'agent de \ncontr\u00f4le du \ntravail de la \nsection \nU02S06, \nMarilou \nALVAREZ \nL'agent de \ncontr\u00f4le du \ntravail de la \nsection \nU02S10, \nMartin \nCROUZET \nL'agent de \ncontr\u00f4le du \ntravail de la \nsection \nU02S05, Anne \nPEYSSONNE\nAUX \nL'agent de \ncontr\u00f4le de la \nsection \nU02S09, \nRomain \nCHAMBERT \nL'agent de \ncontr\u00f4le du \ntravail de la \nsection \nU02S07 Ana\u00efs \nCIMA \nL'agent de \ncontr\u00f4le du \ntravail de la \nsection \nU02S08, Anne \nGILLES-\nLAPALUS \nL'agent de \ncontr\u00f4le du \ntravail de la \nsection \nU02S04, \nCaroline \nBLANC \nL'agent de \ncontr\u00f4le du \ntravail de la \nsection \nU02S03, \nMyriam VITTI \nL'agent de \ncontr\u00f4le de la \nsection \nU02S01, \nCatherine \nELLUL \nL'agent de \ncontr\u00f4le du \ntravail de la \nsection \nU02S06, \nMarilou \nALVAREZ \nL'agent de \ncontr\u00f4le du \ntravail de la \nsection \nU02S02, \nSamir \nSEGHIR \n \nEn cas d'absence ou d'emp\u00eachement simultan\u00e9 des agents de contr\u00f4le affect\u00e9s au sein de l'unit\u00e9 de contr\u00f4le faisant \nobstacle \u00e0 ce que l'int\u00e9rim soit assur\u00e9 selon les modalit\u00e9s fix\u00e9es ci -dessus, l'int\u00e9rim est assur\u00e9 par un agent de \ncontr\u00f4le des unit\u00e9s de contr\u00f4le Lyon -Centre, Lyon -Villeurbanne, Rh\u00f4ne -Centre-Est, Rh\u00f4ne -Nord-et-Agriculture, \nRh\u00f4ne-Transports, Lyon-Vall\u00e9e Du Rh\u00f4ne ou par un responsable d'unit\u00e9 de contr\u00f4le. \n \n  \n69_DDETS_Direction d\u00e9partementale de l'emploi du travail et des solidarit\u00e9s - 69-2025-12-31-00005 - DECISION DREETS/T/2025/62\nportant affectation des agents de contr\u00f4le dans les unit\u00e9s de contr\u00f4le de l'inspection du travail de la direction d\u00e9partementale de\nl'emploi, du travail et des solidarit\u00e9s du d\u00e9partement du Rh\u00f4ne, et gestion des int\u00e9rims,\n12\n10/16 \n \n2. Unit\u00e9 de contr\u00f4le 3, Lyon-Villeurbanne  \n \nInt\u00e9rim des agents de contr\u00f4le : \n \n \nEn cas d'absence ou d'emp\u00eachement de l'un des agents de contr\u00f4le de l'unit\u00e9 de contr\u00f4le Lyon -Villeurbanne, son \nremplacement est assur\u00e9 par un agent de contr\u00f4le de l'unit\u00e9 de contr\u00f4le Lyon -Villeurbanne, \u00e0 d\u00e9faut par un agent de \ncontr\u00f4le des unit\u00e9s de contr\u00f4le Lyon -Centre, Rh\u00f4ne -Sud-Ouest, Rh\u00f4ne -Centre-Est, Rh\u00f4ne -Nord-et-Agriculture, \nRh\u00f4ne-Transports, Lyon-Vall\u00e9e Du Rh\u00f4ne ou par un responsable d'unit\u00e9 de contr\u00f4le. \n  \n Agent de \ncontr\u00f4le Int\u00e9rim 1 Int\u00e9rim 2 Int\u00e9rim 3 Int\u00e9rim 4 Int\u00e9rim 5 Int\u00e9rim 6 Int\u00e9rim 7 Int\u00e9rim 8 Int\u00e9rim 9 \nL'agent de \ncontr\u00f4le de la \nsection \nU03S01, \nFatma GROUX \nL'agent de \ncontr\u00f4le de la \nsection \nU03S02, \nGuillemette \nMARTIN \nL'agent de \ncontr\u00f4le de la \nsection \nU03S03,  \nL'agent de \ncontr\u00f4le de la \nsection \nU03S04,Ad\u00e8le \nGUIVARC'H \nL'agent de \ncontr\u00f4le de la \nsection \nU03S05, \nPascal \nLACHAIZE \nL'agent de \ncontr\u00f4le de la \nsection \nU03S06, \nAur\u00e9lie \nTOMIELLO \nL'agent de \ncontr\u00f4le de la \nsection \nU03S07, \nFabienne \nTEODORI \nL'agent de \ncontr\u00f4le de la \nsection \nU03S08, \nAlexandre \nMETAXAS \nL'agent de \ncontr\u00f4le de la \nsection \nU03S09, \nGuillaume \nSCHWAIGER \nL'agent de \ncontr\u00f4le de la \nsection \nU03S10, \nMalika \nBOUZERD \nL'agent de \ncontr\u00f4le de la \nsection \nU03S02, \nGuillemette \nMARTIN \nL'agent de \ncontr\u00f4le de la \nsection \nU03S03,  \nL'agent de \ncontr\u00f4le de la \nsection \nU03S04,Ad\u00e8le \nGUIVARC'H \nL'agent de \ncontr\u00f4le de la \nsection \nU03S05, \nPascal \nLACHAIZE \nL'agent de \ncontr\u00f4le de la \nsection \nU03S06, \nAur\u00e9lie \nTOMIELLO \nL'agent de \ncontr\u00f4le de la \nsection \nU03S07, \nFabienne \nTEODORI \nL'agent de \ncontr\u00f4le de la \nsection \nU03S08, \nAlexandre \nMETAXAS \nL'agent de \ncontr\u00f4le de la \nsection \nU03S09, \nGuillaume \nSCHWAIGER \nL'agent de \ncontr\u00f4le de la \nsection \nU03S10, \nMalika \nBOUZERD \nL'agent de \ncontr\u00f4le de la \nsection \nU03S01,Fatma \nGROUX \nL'agent de \ncontr\u00f4le de la \nsection \nU03S03, \nL'agent de \ncontr\u00f4le de la \nsection \nU03S04,Ad\u00e8le \nGUIVARC'H \nL'agent de \ncontr\u00f4le de la \nsection \nU03S05, \nPascal \nLACHAIZE \nL'agent de \ncontr\u00f4le de la \nsection \nU03S06, \nAur\u00e9lie \nTOMIELLO \nL'agent de \ncontr\u00f4le de la \nsection \nU03S07, \nFabienne \nTEODORI \nL'agent de \ncontr\u00f4le de la \nsection \nU03S08, \nAlexandre \nMETAXAS \nL'agent de \ncontr\u00f4le de la \nsection \nU03S09, \nGuillaume \nSCHWAIGER \nL'agent de \ncontr\u00f4le de la \nsection \nU03S10, \nMalika \nBOUZERD \nL'agent de \ncontr\u00f4le de la \nsection \nU03S01,Fatma \nGROUX \nL'agent de \ncontr\u00f4le de la \nsection \nU03S02, \nGuillemette \nMARTIN \nL'agent de \ncontr\u00f4le de la \nsection \nU03S04,Ad\u00e8le \nGUIVARC'H \nL'agent de \ncontr\u00f4le de la \nsection \nU03S05, \nPascal \nLACHAIZE \nL'agent de \ncontr\u00f4le de la \nsection \nU03S06, \nAur\u00e9lie \nTOMIELLO \nL'agent de \ncontr\u00f4le de la \nsection \nU03S07, \nFabienne \nTEODORI \nL'agent de \ncontr\u00f4le de la \nsection \nU03S08, \nAlexandre \nMETAXAS \nL'agent de \ncontr\u00f4le de la \nsection \nU03S09, \nGuillaume \nSCHWAIGER \nL'agent de \ncontr\u00f4le de la \nsection \nU03S10, \nMalika \nBOUZERD \nL'agent de \ncontr\u00f4le de la \nsection \nU03S01,Fatma \nGROUX \nL'agent de \ncontr\u00f4le de la \nsection \nU03S02, \nGuillemette \nMARTIN \nL'agent de \ncontr\u00f4le de la \nsection \nU03S03,  \nL'agent de \ncontr\u00f4le de la \nsection \nU03S05, \nPascal \nLACHAIZE \nL'agent de \ncontr\u00f4le de la \nsection U03S06, \nAur\u00e9lie \nTOMIELLO \nL'agent de \ncontr\u00f4le de la \nsection \nU03S07, \nFabienne \nTEODORI \nL'agent de \ncontr\u00f4le de la \nsection \nU03S08, \nAlexandre \nMETAXAS \nL'agent de \ncontr\u00f4le de la \nsection \nU03S09, \nGuillaume \nSCHWAIGER \nL'agent de \ncontr\u00f4le de la \nsection \nU03S10, \nMalika \nBOUZERD \nL'agent de \ncontr\u00f4le de la \nsection \nU03S01,Fatma \nGROUX \nL'agent de \ncontr\u00f4le de la \nsection \nU03S02, \nGuillemette \nMARTIN \nL'agent de \ncontr\u00f4le de la \nsection \nU03S03,  \nL'agent de \ncontr\u00f4le de la \nsection \nU03S04,Ad\u00e8le \nGUIVARC'H \nL'agent de \ncontr\u00f4le de la \nsection U03S06, \nAur\u00e9lie \nTOMIELLO \nL'agent de \ncontr\u00f4le de la \nsection \nU03S07, \nFabienne \nTEODORI \nL'agent de \ncontr\u00f4le de la \nsection \nU03S08, \nAlexandre \nMETAXAS \nL'agent de \ncontr\u00f4le de la \nsection \nU03S09, \nGuillaume \nSCHWAIGER \nL'agent de \ncontr\u00f4le de la \nsection \nU03S10, \nMalika \nBOUZERD \nL'agent de \ncontr\u00f4le de la \nsection \nU03S01,Fatma \nGROUX \nL'agent de \ncontr\u00f4le de la \nsection \nU03S02, \nGuillemette \nMARTIN \nL'agent de \ncontr\u00f4le de la \nsection \nU03S03,  \nL'agent de \ncontr\u00f4le de la \nsection \nU03S04,Ad\u00e8le \nGUIVARC'H \nL'agent de \ncontr\u00f4le de la \nsection \nU03S05, \nPascal \nLACHAIZE \nL'agent de \ncontr\u00f4le de la \nsection \nU03S07, \nFabienne \nTEODORI \nL'agent de \ncontr\u00f4le de la \nsection \nU03S08, \nAlexandre \nMETAXAS \nL'agent de \ncontr\u00f4le de la \nsection \nU03S09, \nGuillaume \nSCHWAIGER \nL'agent de \ncontr\u00f4le de la \nsection \nU03S10, \nMalika \nBOUZERD \nL'agent de \ncontr\u00f4le de la \nsection \nU03S01,Fatma \nGROUX \nL'agent de \ncontr\u00f4le de la \nsection \nU03S02, \nGuillemette \nMARTIN \nL'agent de \ncontr\u00f4le de la \nsection \nU03S03,  \nL'agent de \ncontr\u00f4le de la \nsection \nU03S04,Ad\u00e8le \nGUIVARC'H \nL'agent de \ncontr\u00f4le de la \nsection \nU03S05, \nPascal \nLACHAIZE \nL'agent de \ncontr\u00f4le de la \nsection \nU03S06, \nAur\u00e9lie \nTOMIELLO \nL'agent de \ncontr\u00f4le de la \nsection \nU03S08, \nAlexandre \nMETAXAS \nL'agent de \ncontr\u00f4le de la \nsection \nU03S09, \nGuillaume \nSCHWAIGER \nL'agent de \ncontr\u00f4le de la \nsection \nU03S10, \nMalika \nBOUZERD \nL'agent de \ncontr\u00f4le de la \nsection \nU03S01,Fatma \nGROUX \nL'agent de \ncontr\u00f4le de la \nsection \nU03S02, \nGuillemette \nMARTIN \nL'agent de \ncontr\u00f4le de la \nsection \nU03S03,  \nL'agent de \ncontr\u00f4le de la \nsection \nU03S04,Ad\u00e8le \nGUIVARC'H \nL'agent de \ncontr\u00f4le de la \nsection \nU03S05, \nPascal \nLACHAIZE \nL'agent de \ncontr\u00f4le de la \nsection \nU03S06, \nAur\u00e9lie \nTOMIELLO \nL'agent de \ncontr\u00f4le de la \nsection \nU03S07, \nFabienne \nTEODORI \nL'agent de \ncontr\u00f4le de la \nsection \nU03S09, \nGuillaume \nSCHWAIGER \nL'agent de \ncontr\u00f4le de la \nsection \nU03S10, Malika \nBOUZERD \nL'agent de \ncontr\u00f4le de la \nsection \nU03S01,Fatma \nGROUX \nL'agent de \ncontr\u00f4le de la \nsection \nU03S02, \nGuillemette \nMARTIN \nL'agent de \ncontr\u00f4le de la \nsection \nU03S03,  \nL'agent de \ncontr\u00f4le de la \nsection \nU03S04,Ad\u00e8le \nGUIVARC'H \nL'agent de \ncontr\u00f4le de la \nsection \nU03S05, \nPascal \nLACHAIZE \nL'agent de \ncontr\u00f4le de la \nsection \nU03S06, \nAur\u00e9lie \nTOMIELLO \nL'agent de \ncontr\u00f4le de la \nsection \nU03S07, \nFabienne \nTEODORI \nL'agent de \ncontr\u00f4le de la \nsection \nU03S08, \nAlexandre \nMETAXAS \nL'agent de \ncontr\u00f4le de la \nsection \nU03S10, \nMalika \nBOUZERD \nL'agent de \ncontr\u00f4le de la \nsection \nU03S01,Fatma \nGROUX \nL'agent de \ncontr\u00f4le de la \nsection \nU03S02, \nGuillemette \nMARTIN \nL'agent de \ncontr\u00f4le de la \nsection \nU03S03,  \nL'agent de \ncontr\u00f4le de la \nsection \nU03S04,Ad\u00e8le \nGUIVARC'H \nL'agent de \ncontr\u00f4le de la \nsection \nU03S05, \nPascal \nLACHAIZE \nL'agent de \ncontr\u00f4le de la \nsection \nU03S06, \nAur\u00e9lie \nTOMIELLO \nL'agent de \ncontr\u00f4le de la \nsection \nU03S07, \nFabienne \nTEODORI \nL'agent de \ncontr\u00f4le de la \nsection \nU03S08, \nAlexandre \nMETAXAS \nL'agent de \ncontr\u00f4le de la \nsection \nU03S09, \nGuillaume \nSCHWAIGER \n69_DDETS_Direction d\u00e9partementale de l'emploi du travail et des solidarit\u00e9s - 69-2025-12-31-00005 - DECISION DREETS/T/2025/62\nportant affectation des agents de contr\u00f4le dans les unit\u00e9s de contr\u00f4le de l'inspection du travail de la direction d\u00e9partementale de\nl'emploi, du travail et des solidarit\u00e9s du d\u00e9partement du Rh\u00f4ne, et gestion des int\u00e9rims,\n13\n11/16 \n \n3. Unit\u00e9 de contr\u00f4le 4, RHONE-CENTRE-EST :  \n Int\u00e9rim des agents de contr\u00f4les : \n \n \n \nL'agent de \ncontr\u00f4le \nInt\u00e9rim 1 Int\u00e9rim 2 Int\u00e9rim 3 Int\u00e9rim 4 Int\u00e9rim 5 Int\u00e9rim 6 Int\u00e9rim 7 \nL'agent de contr\u00f4le \nde la section \nU04S01 Anne Lise \nLECLERC \nL'agent de \ncontr\u00f4le de la \nsection U04S06 \nAnnabelle SAZ \nL'agent de \ncontr\u00f4le de la \nsection U04S05 \nSabah \nMERZOUGUI \nL'agent de contr\u00f4le \nde la section \nU04S09 Bastien \nCHARBOUILLOT \nL'agent de \ncontr\u00f4le de la \nsection U04S08 \nIm\u00e8ne CHOUAT \nL'agent de \ncontr\u00f4le de la \nsection U04S03 \nMathilde \nMILCENT \nL'agent de \ncontr\u00f4le de la \nsection U04S10 \nEvelle SIROT   \nL'agent de \ncontr\u00f4le de la \nsection U04S04  \nNaoa ZOUAOUI \nL'agent de contr\u00f4le \nde la section \nU04S02  \nL'agent de \ncontr\u00f4le de la \nsection U04S09 \nBastien \nCHARBOUILLOT \nL'agent de \ncontr\u00f4le de la \nsection U04S05 \nSabah \nMERZOUGUI \nL'agent de \ncontr\u00f4le de la \nsection U04S01 \nAnne Lise \nLECLERC \nL'agent de \ncontr\u00f4le de la \nsection U04S08 \nIm\u00e8ne CHOUAT \nL'agent de \ncontr\u00f4le de la \nsection U04S06 \nAnnabelle SAZ \nL'agent de \ncontr\u00f4le de la \nsection U04S10 \nEvelle SIROT  \nL'agent de \ncontr\u00f4le de la \nsection U04S04  \nNaoa ZOUAOUI \nL'agent de contr\u00f4le \nde la section \nU04S03 Mathilde \nMILCENT \nL'agent de \ncontr\u00f4le de la \nsection U04S01 \nAnne Lise \nLECLERC \nL'agent de \ncontr\u00f4le de la \nsection U04S09 \nBastien \nCHARBOUILLOT \nL'agent de \ncontr\u00f4le de la \nsection U04S06 \nAnnabelle SAZ \nL'agent de \ncontr\u00f4le de la \nsection U04S08 \nIm\u00e8ne CHOUAT \nL'agent de \ncontr\u00f4le de la \nsection U04S05 \nSabah \nMERZOUGUI \nL'agent de \ncontr\u00f4le de la \nsection U04S10 \nEvelle SIROT  \nL'agent de \ncontr\u00f4le de la \nsection U04S04  \nNaoa ZOUAOUI \nL'agent de contr\u00f4le \nde la section \nU04S04  Naoa \nZOUAOUI \nL'agent de \ncontr\u00f4le de la \nsection U04S05 \nSabah \nMERZOUGUI \nL'agent de contr\u00f4le \nde la section \nU04S09 Bastien \nCHARBOUILLOT \nL'agent de \ncontr\u00f4le de la \nsection U04S08 \nIm\u00e8ne CHOUAT \nL'agent de \ncontr\u00f4le de la \nsection U04S06 \nAnnabelle SAZ \nL'agent de \ncontr\u00f4le de la \nsection U04S03 \nMathilde \nMILCENT \nL'agent de \ncontr\u00f4le de la \nsection U04S10 \nEvelle SIROT  \nL'agent de \ncontr\u00f4le de la \nsection U04S01 \nAnne Lise \nLECLERC \nL'agent de contr\u00f4le \nde la section \nU04S05 Sabah \nMERZOUGUI \nL'agent de \ncontr\u00f4le de la \nsection U04S08 \nIm\u00e8ne CHOUAT \nL'agent de \ncontr\u00f4le de la \nsection U04S01 \nAnne Lise \nLECLERC \nL'agent de \ncontr\u00f4le de la \nsection U04S06 \nAnnabelle SAZ \nL'agent de contr\u00f4le \nde la section \nU04S09 Bastien \nCHARBOUILLOT \nL'agent de \ncontr\u00f4le de la \nsection U04S03 \nMathilde \nMILCENT \nL'agent de \ncontr\u00f4le de la \nsection U04S10 \nEvelle SIROT  \nL'agent de \ncontr\u00f4le de la \nsection U04S04  \nNaoa ZOUAOUI \nL'agent de contr\u00f4le \nde la section \nU04S06 \nAnnabelle SAZ \nL'agent de \ncontr\u00f4le de la \nsection U04S01 \nAnne Lise \nLECLERC \nL'agent de \ncontr\u00f4le de la \nsection U04S03 \nMathilde \nMILCENT \nL'agent de contr\u00f4le \nde la section \nU04S09 Bastien \nCHARBOUILLOT \nL'agent de \ncontr\u00f4le de la \nsection U04S08 \nIm\u00e8ne CHOUAT \nL'agent de \ncontr\u00f4le de la \nsection U04S05 \nSabah \nMERZOUGUI \nL'agent de \ncontr\u00f4le de la \nsection U04S10 \nEvelle SIROT  \nL'agent de \ncontr\u00f4le de la \nsection U04S04  \nNaoa ZOUAOUI \nL'agent de contr\u00f4le \nde la section \nU04S07 \nL'agent de \ncontr\u00f4le de la \nsection U04S08 \nIm\u00e8ne CHOUAT \nL'agent de \ncontr\u00f4le de la \nsection U04S01 \nAnne Lise \nLECLERC \nL'agent de contr\u00f4le \nde la section \nU04S06 \nAnnabelle SAZ \nL'agent de \ncontr\u00f4le de la \nsection U04S05 \nSabah \nMERZOUGUI \nL'agent de \ncontr\u00f4le de la \nsection U04S03 \nMathilde \nMILCENT \nL'agent de \ncontr\u00f4le de la \nsection U04S10 \nEvelle SIROT  \nL'agent de \ncontr\u00f4le de la \nsection U04S04  \nNaoa ZOUAOUI \nL'agent de contr\u00f4le \nde la section \nU04S08 \nIm\u00e8ne CHOUAT \nL'agent de \ncontr\u00f4le de la \nsection U04S05 \nSabah \nMERZOUGUI \nL'agent de contr\u00f4le \nde la section \nU04S09 Bastien \nCHARBOUILLOT \nL'agent de \ncontr\u00f4le de la \nsection U04S03 \nMathilde \nMILCENT \nL'agent de \ncontr\u00f4le de la \nsection U04S01 \nAnne Lise \nLECLERC \nL'agent de \ncontr\u00f4le de la \nsection U04S06 \nAnnabelle SAZ \nL'agent de \ncontr\u00f4le de la \nsection U04S10 \nEvelle SIROT  \nL'agent de \ncontr\u00f4le de la \nsection U04S04  \nNaoa ZOUAOUI \nL'agent de contr\u00f4le \nde la section \nU04S09 \nBastien \nCHARBOUILLOT \nL'agent de \ncontr\u00f4le de la \nsection U04S03 \nMathilde \nMILCENT \nL'agent de \ncontr\u00f4le de la \nsection U04S08 \nIm\u00e8ne CHOUAT \nL'agent de \ncontr\u00f4le de la \nsection U04S05 \nSabah \nMERZOUGUI \nL'agent de \ncontr\u00f4le de la \nsection U04S06 \nAnnabelle SAZ \nL'agent de \ncontr\u00f4le de la \nsection U04S01 \nAnne Lise \nLECLERC \nL'agent de \ncontr\u00f4le de la \nsection U04S10 \nEvelle SIROT  \nL'agent de \ncontr\u00f4le de la \nsection U04S04  \nNaoa ZOUAOUI \nL'agent de contr\u00f4le \nde la section \nU04S10 Evelle \nSIROT  \nL'agent de \ncontr\u00f4le de la \nsection U04S06 \nAnnabelle SAZ \nL'agent de \ncontr\u00f4le de la \nsection U04S03 \nMathilde \nMILCENT \nL'agent de \ncontr\u00f4le de la \nsection U04S08 \nIm\u00e8ne CHOUAT \nL'agent de \ncontr\u00f4le de la \nsection U04S05 \nSabah \nMERZOUGUI \nL'agent de \ncontr\u00f4le de la \nsection U04S01 \nAnne Lise \nLECLERC \nL'agent de contr\u00f4le \nde la section \nU04S09 Bastien \nCHARBOUILLOT \nL'agent de \ncontr\u00f4le de la \nsection U04S04  \nNaoa ZOUAOUI \n \nEn cas d'absence ou d'emp\u00eachement de l'un des agents de contr\u00f4le de l'unit\u00e9 de contr\u00f4le RH\u00d4NE -CENTRE-EST \nfaisant obstacle \u00e0 ce que l'int\u00e9rim soit assur\u00e9 selon les modalit\u00e9s fix\u00e9es ci -dessus, l'int\u00e9rim est assur\u00e9 par un agent de \ncontr\u00f4le des unit\u00e9s de contr\u00f4le Lyon -Centre, Rh\u00f4ne-Sud-Ouest, Lyon -Villeurbanne, Rh\u00f4ne -Nord-et-Agriculture, \nRh\u00f4ne-Transports Lyon-Vall\u00e9e du Rh\u00f4ne ou par un responsable d'unit\u00e9 de contr\u00f4le. \n  \n69_DDETS_Direction d\u00e9partementale de l'emploi du travail et des solidarit\u00e9s - 69-2025-12-31-00005 - DECISION DREETS/T/2025/62\nportant affectation des agents de contr\u00f4le dans les unit\u00e9s de contr\u00f4le de l'inspection du travail de la direction d\u00e9partementale de\nl'emploi, du travail et des solidarit\u00e9s du d\u00e9partement du Rh\u00f4ne, et gestion des int\u00e9rims,\n14\n12/16 \n \n4. Unit\u00e9 de contr\u00f4le 5, RHONE NORD ET AGRICULTURE :  \n \nInt\u00e9rim des agents de contr\u00f4le  \n \n \n \n \nEn cas d'absence ou d'emp\u00eachement simultan\u00e9 des agents de contr\u00f4le affect\u00e9s au sein de l'unit\u00e9 de contr\u00f4le \nRHONE-NORD-et-AGRICULTURE faisant obstacle \u00e0 ce que l'int\u00e9rim soit assur\u00e9 selon les modalit\u00e9s fix\u00e9es ci -dessus, \nl'int\u00e9rim est assur\u00e9 par un agent de contr\u00f4le des unit\u00e9s de contr\u00f4le Lyon -Centre, Rh\u00f4ne -Sud-Ouest, Lyon -\nVilleurbanne, Rh\u00f4ne-Centre-Est, Rh\u00f4ne-Transport, Lyon-Vall\u00e9e Du Rhone ou par un responsable d'unit\u00e9 de contr\u00f4le. \n \nAgent de \ncontr\u00f4le \nInt\u00e9rim 1 Int\u00e9rim 2 Int\u00e9rim 3 Int\u00e9rim 4 Int\u00e9rim 5 Int\u00e9rim 6 Int\u00e9rim 7 Int\u00e9rim 8 Int\u00e9rim 9 \nL'agent de \ncontr\u00f4le de la \nsection \nU05S01 \nL'agent de \ncontr\u00f4le de la \nsection \nU05S02, Julia \nKILLIAN \nL'agent de \ncontr\u00f4le de la \nsection \nU05S03, \nMarie \nWEBER \nL'agent de \ncontr\u00f4le de la \nsection \nU05S04, Julie \nGINECCI \nL'agent de \ncontr\u00f4le de la \nsection \nU05S05, \nPaola DE \nCARVALHO \nRODRIGUES \nL'agent d e \ncontr\u00f4le de la \nsection \nU05S06  \nL'agent de \ncontr\u00f4le de la \nsection \nU05S07, \nPhilippine \nLERBS \nL'agent de \ncontr\u00f4le de la \nsection \n05S08, \nJuliette \nDUVIGNAUD \nL'agent de \ncontr\u00f4le de la \nsection \nU05S09, \nSt\u00e9phanie \nGIROUD \nL'agent de \ncontr\u00f4le de la \nsection \nU05S10, \nKenzi \nCHAACHOUA \nL'agent de \ncontr\u00f4le de la \nsection \nU05S02, Julia \nKILLIAN \nL'agent de \ncontr\u00f4le de la \nsection \nU05S03, \nMarie \nWEBER \nL'agent de \ncontr\u00f4le de la \nsection \nU05S04, Julie \nGINECCI \nL'agent de \ncontr\u00f4le de la \nsection \nU05S05, \nPaola DE \nCARVALHO \nRODRIGUES \nL'agent de \ncontr\u00f4le de la \nsection \nU05S06 \nL'agent de \ncontr\u00f4le de la \nsection \nU05S07, \nPhilippine \nLERBS \nL'agent de \ncontr\u00f4le de la \nsection \nU05S08, \nJuliette \nDUVIGNAUD \nL'agent de \ncontr\u00f4le de la \nsection \nU05S09, \nSt\u00e9phanie \nGIROUD \nL'agent de \ncontr\u00f4le de la \nsection \nU05S10 Kenzi \nCHAACHOUA \nL'agent de \ncontr\u00f4le de la \nsection \nU05S01 \nL'agent de \ncontr\u00f4le de la \nsection \nU05S03, \nMarie \nWEBER \nL'agent de \ncontr\u00f4le de la \nsection \nU05S04, Julie \nGINECCI \nL'agent de \ncontr\u00f4le de la \nsection \nU05S05, \nPaola DE \nCARVALHO \nRODRIGUES \nL'agent de \ncontr\u00f4le de la \nsection \nU05S06 \nL'agent de \ncontr\u00f4le de la \nsection \nU05S07, \nPhilippine \nLERBS \nL'agent de \ncontr\u00f4le de la \nsection \nU05S08, \nJuliette \nDUVIGNAUD \nL'agent de \ncontr\u00f4le de la \nsection \nU05S09, \nSt\u00e9phanie \nGIROUD \nL'agent de \ncontr\u00f4le de la \nsection \nU05S10 Kenzi \nCHAACHOUA \nL'agent de \ncontr\u00f4le de la \nsection \nU05S01 \nL'agent de \ncontr\u00f4le de la \nsection \nU05S02, Julia \nKILLIAN \nL'agent de \ncontr\u00f4le de la \nsection \nU05S04, Julie \nGINECCI \n \nL'agent de \ncontr\u00f4le de la \nsection \nU05S05, \nPaola DE \nCARVALHO \nRODRIGUES \nL'agent de \ncontr\u00f4le de la \nsection \nU05S06 \nL'agent de \ncontr\u00f4le de la \nsection \nU05S07, \nPhilippine \nLERBS \nL'agent de \ncontr\u00f4le de la \nsection \nU05S08, \nJuliette \nDUVIGNAUD \nL'agent de \ncontr\u00f4le de la \nsection \nU05S09, \nSt\u00e9phanie \nGIROUD \nL'agent de \ncontr\u00f4le de la \nsection \nU05S10 Kenzi \nCHAACHOUA \nL'agent de \ncontr\u00f4le de la \nsection \nU05S01 \nL'agent de \ncontr\u00f4le de la \nsection \nU05S02, Julia \nKILLIAN \nL'agent de \ncontr\u00f4le de la \nsection \nU05S03, \nMarie WEBER \nL'agent de \ncontr\u00f4le de la \nsection \nU05S05, \nPaola DE \nCARVALHO \nRODRIGUES \nL'agent de \ncontr\u00f4le de la \nsection \nU05S06 \nL'agent de \ncontr\u00f4le de la \nsection \nU05S07, \nPhilippine \nLERBS \nL'agent de \ncontr\u00f4le de la \nsection \nU05S08,Juliette \nDUVIGNAUD \nL'agent de \ncontr\u00f4le de la \nsection \nU05S09, \nSt\u00e9phanie \nGIROUD \nL'agent de \ncontr\u00f4le de la \nsection \nU05S10 Kenzi \nCHAACHOUA \nL'agent de \ncontr\u00f4le de la \nsection \nU05S01 \nL'agent de \ncontr\u00f4le de la \nsection \nU05S02, Julia \nKILLIAN \nL'agent de \ncontr\u00f4le de la \nsection \nU05S03, \nMarie WEBER \nL'agent de \ncontr\u00f4le de la \nsection \nU05S04, Julie \nGINECCI \n \nL'agent de \ncontr\u00f4le de la \nsection \nU05S06 \nL'agent de \ncontr\u00f4le de la \nsection \nU05S07, \nPhilippine \nLERBS \nL'agent de \ncontr\u00f4le de la \nsection \nU05S01 \nL'agent de \ncontr\u00f4le de la \nsection \nU05S02, Julia \nKILLIAN \nL'agent de \ncontr\u00f4le de la \nsection \nU05S03, \nMarie \nWEBER \nL'agent de \ncontr\u00f4le de la \nsection \nU05S04, Julie \nGINECCI \n \nL'agent de \ncontr\u00f4le de la \nsection \nU05S05, \nPaola DE \nCARVALHO \nRODRIGUES \nL'agent de \ncontr\u00f4le de la \nsection \nU05S08, \nJuliette \nDUVIGNAUD \nL'agent de \ncontr\u00f4le de la \nsection \nU05S09, \nSt\u00e9phanie \nGIROUD \nL'agent de \ncontr\u00f4le de la \nsection \nU05S10 Kenzi \nCHAACHOUA \nL'agent de \ncontr\u00f4le de la \nsection \nU05S07, \nPhilippine \nLERBS \nL'agent de \ncontr\u00f4le de la \nsection \nU05S01, \nL'agent de \ncontr\u00f4le de la \nsection \nU05S02, Julia \nKILLIAN \nL'agent de \ncontr\u00f4le de la \nsection \nU05S10 Kenzi \nCHAACHOUA \nL'agent de \ncontr\u00f4le de la \nsection \nU05S05, \nPaola DE \nCARVALHO \nRODRIGUES \nL'agent de \ncontr\u00f4le de la \nsection \nU05S04, Julie \nGINECCI \nL'agent de \ncontr\u00f4le de la \nsection \nU05S03, \nMarie \nWEBER \nL'agent de \ncontr\u00f4le de la \nsection \nU05S09, \nSt\u00e9phanie \nGIROUD \nL'agent de \ncontr\u00f4le de la \nsection \nU05S08, \nJuliette \nDUVIGNAUD \nL'agent de \ncontr\u00f4le de la \nsection \nU05S06 \nL'agent de \ncontr\u00f4le de la \nsection \nU05S08, \nJuliette \nDUVIGNAUD \nL'agent de \ncontr\u00f4le de la \nsection \nU05S10 Kenzi \nCHAACHOUA \nL'agent de \ncontr\u00f4le de la \nsection \nU05S09, \nSt\u00e9phanie \nGIROUD \nL'agent de \ncontr\u00f4le de la \nsection \nU05S06 \nL'agent de \ncontr\u00f4le de la \nsection \nU05S07, \nPhilippine \nLERBS \nL'agent de \ncontr\u00f4le de la \nsection \nU05S02, Julia \nKILLIAN \nL'agent de \ncontr\u00f4le de la \nsection \nU05S01 \nL'agent de \ncontr\u00f4le de la \nsection \nU05S03, \nMarie WEBER \nL'agent de \ncontr\u00f4le de la \nsection \nU05S04, Julie \nGINECCI \n \nL'agent de \ncontr\u00f4le de la \nsection \nU05S05, \nPaola DE \nCARVALHO \nRODRIGUES \nL'agent de \ncontr\u00f4le de la \nsection \nU05S09, \nSt\u00e9phanie \nGIROUD \nL'agent de \ncontr\u00f4le de la \nsection \nU05S08, \nJuliette \nDUVIGNAUD \nL'agent de \ncontr\u00f4le de la \nsection \nU05S10 Kenzi \nCHAACHOUA \nL'agent de \ncontr\u00f4le de la \nsection \nU05S03, \nMarie \nWEBER \nL'agent de \ncontr\u00f4le de la \nsection \nU05S01 \nL'agent de \ncontr\u00f4le de la \nsection \nU05S07, \nPhilippine \nLERBS \nL'agent de \ncontr\u00f4le de la \nsection \nU05S06 \nL'agent de \ncontr\u00f4le de la \nsection \nU05S05, \nPaola DE \nCARVALHO \nRODRIGUES \nL'agent de \ncontr\u00f4le de la \nsection \nU05S04, Julie \nGINECCI \nL'agent de \ncontr\u00f4le de la \nsection \nU05S02, Julia \nKILLIAN \nL'agent de \ncontr\u00f4le de la \nsection \nU05S10 Kenzi \nCHAACHOUA \nL'agent de \ncontr\u00f4le de la \nsection \nU05S09, \nSt\u00e9phanie \nGIROUD \nL'agent de \ncontr\u00f4le de la \nsection \nU05S08, \nJuliette \nDUVIGNAUD \nL'agent de \ncontr\u00f4le de la \nsection \nU05S01 \nL'agent de \ncontr\u00f4le de la \nsection \nU05S04, Julie \nGINECCI \nL'agent de \ncontr\u00f4le de la \nsection \nU05S05, \nPaola DE \nCARVALHO \nRODRIGUES \nL'agent de \ncontr\u00f4le de la \nsection \nU05S06 \nL'agent de \ncontr\u00f4le de la \nsection \nU05S07, \nPhilippine \nLERBS \nL'agent de \ncontr\u00f4le de la \nsection \nU05S02, Julia \nKILLIAN \nL'agent de \ncontr\u00f4le de la \nsection \nU05S03, \nMarie \nWEBER \n69_DDETS_Direction d\u00e9partementale de l'emploi du travail et des solidarit\u00e9s - 69-2025-12-31-00005 - DECISION DREETS/T/2025/62\nportant affectation des agents de contr\u00f4le dans les unit\u00e9s de contr\u00f4le de l'inspection du travail de la direction d\u00e9partementale de\nl'emploi, du travail et des solidarit\u00e9s du d\u00e9partement du Rh\u00f4ne, et gestion des int\u00e9rims,\n15\n13/16 \n \n \n5. Unit\u00e9 de contr\u00f4le 6, RHONE-TRANSPORTS :  \n \nInt\u00e9rim des agents de contr\u00f4le : \n \nAgent de \ncontr\u00f4le Int\u00e9rim 1 Int\u00e9rim 2 Int\u00e9rim 3 Int\u00e9rim 4 Int\u00e9rim 5 Int\u00e9rim 6 Int\u00e9rim 7 Int\u00e9rim 8 \nL'agent de \ncontr\u00f4le de la \nsection U06S01 \nChristelle \nBOUCHON \nL'agent de \ncontr\u00f4le de la \nsection U06S02 \nSandrine \nVIRIEUX \nL'agent de \ncontr\u00f4le de la \nSection U06S05 \nAnne-Laure \nPAPASTRATIDIS \nL'agent de \ncontr\u00f4le de la \nsection U06S06 \nIan DUFOUR-\nGRUENAIS \nL'agent de \ncontr\u00f4le de la \nsection U06S09 \nVincent \nGAILLARD \nL'agent de \ncontr\u00f4le de la \nsection U06S10 \nSch\u00e9razade \nGOUFFI \nL'agent de \ncontr\u00f4le de la \nsection U06S04 \nHugo JUSTO \nL'agent de \ncontr\u00f4le de la \nsection U06S08 \nRonan CREPUT \nL'agent de \ncontr\u00f4le de la \nsection U06S07 \nYann BOITEL-\nBRAS \nL'agent de \ncontr\u00f4le de la \nsection U06S02 \nSandrine \nVIRIEUX \nL'agent de \ncontr\u00f4le de la \nsection U06S01 \nChristelle \nBOUCHON \nL'agent de \ncontr\u00f4le de la \nSection U06S04 \nHugo JUSTO \nL'agent de \ncontr\u00f4le de la \nSection U06S05 \nAnne-Laure \nPAPASTRATIDIS \nL'agent de \ncontr\u00f4le de la \nsection U06S06 \nIan DUFOUR-\nGRUENAIS \nL'agent de \ncontr\u00f4le de la \nsection U06S09 \nVincent \nGAILLARD \nL'agent de \ncontr\u00f4le de la \nsection U06S08 \nRonan CREPUT \nL'agent de \ncontr\u00f4le de la \nsection U06S07 \nYann BOITEL-\nBRAS \nL'agent de \ncontr\u00f4le de la \nsection U06S10 \nSch\u00e9razade \nGOUFFI \nL'agent de \ncontr\u00f4le de la \nsection U06S03 \n \nL'agent de \ncontr\u00f4le de la \nSection U06S05 \nAnne-Laure \nPAPASTRATIDIS \nL'agent de \ncontr\u00f4le de la \nsection U06S02 \nSandrine \nVIRIEUX \nL'agent de \ncontr\u00f4le de la \nsection U06S06 \nIan DUFOUR-\nGRUENAIS \nL'agent de \ncontr\u00f4le de la \nsection U06S09 \nVincent \nGAILLARD \nL'agent de \ncontr\u00f4le de la \nsection U06S08 \nRonan CREPUT \nL'agent de \ncontr\u00f4le de la \nsection U06S07 \nYann BOITEL-\nBRAS \nL'agent de \ncontr\u00f4le de la \nsection U06S01 \nChristelle \nBOUCHON \nL'agent de \ncontr\u00f4le de la \nsection U06S10 \nSch\u00e9razade \nGOUFFI \nL'agent de \ncontr\u00f4le de la \nSection U06S04 \nHugo JUSTO \nL'agent de \ncontr\u00f4le de la \nsection U06S10 \nSch\u00e9razade \nGOUFFI \nL'agent de \ncontr\u00f4le de la \nsection U06S06 \nIan DUFOUR-\nGRUENAIS \nL'agent de \ncontr\u00f4le de la \nsection U06S09 \nVincent \nGAILLARD \nL'agent de \ncontr\u00f4le de la \nsection U06S08 \nRonan CREPUT \nL'agent de \ncontr\u00f4le de la \nsection U06S07 \nYann BOITEL-\nBRAS \nL'agent de \ncontr\u00f4le de la \nsection U06S01 \nChristelle \nBOUCHON \nL'agent de \ncontr\u00f4le de la \nSection U06S05 \nAnne-Laure \nPAPASTRATIDIS \nL'agent de \ncontr\u00f4le de la \nsection U06S02 \nSandrine \nVIRIEUX \nL'agent de \ncontr\u00f4le de la \nSection U06S05 \nAnne-Laure \nPAPASTRATIDIS \n \nL'agent de \ncontr\u00f4le de la \nsection U06S06 \nIan DUFOUR-\nGRUENAIS \nL'agent de \ncontr\u00f4le de la \nsection U06S09 \nVincent \nGAILLARD \nL'agent de \ncontr\u00f4le de la \nsection U06S08 \nRonan CREPUT \nL'agent de \ncontr\u00f4le de la \nsection U06S07 \nYann BOITEL-\nBRAS \nL'agent de \ncontr\u00f4le de la \nsection U06S02 \nSandrine \nVIRIEUX \nL'agent de \ncontr\u00f4le de la \nsection U06S10 \nSch\u00e9razade \nGOUFFI \nL'agent de \ncontr\u00f4le de la \nSection U06S04 \nHugo JUSTO \nL'agent de \ncontr\u00f4le de la \nsection U06S01 \nChristelle \nBOUCHON \nL'agent de \ncontr\u00f4le de la \nsection U06S06 \nIan DUFOUR-\nGRUENAIS \nL'agent de \ncontr\u00f4le de la \nsection U06S08 \nRonan CREPUT \n \nL'agent de \ncontr\u00f4le de la \nsection U06S10 \nSch\u00e9razade \nGOUFFI \nL'agent de \ncontr\u00f4le de la \nsection U06S07 \nYann BOITEL-\nBRAS \nL'agent de \ncontr\u00f4le de la \nsection U06S02 \nSandrine \nVIRIEUX \nL'agent de \ncontr\u00f4le de la \nsection U06S09 \nVincent \nGAILLARD \nL'agent de \ncontr\u00f4le de la \nSection U06S04 \nHugo JUSTO \nL'agent de \ncontr\u00f4le de la \nSection U06S05 \nAnne-Laure \nPAPASTRATIDIS \nL'agent de \ncontr\u00f4le de la \nsection U06S01 \nChristelle \nBOUCHON \nL'agent de \ncontr\u00f4le de la \nsection U06S07 \nYann BOITEL-\nBRAS \nL'agent de \ncontr\u00f4le de la \nsection U06S09 \nVincent \nGAILLARD \nL'agent de \ncontr\u00f4le de la \nsection U06S08 \nRonan CREPUT \nL'agent de \ncontr\u00f4le de la \nsection U06S02 \nSandrine \nVIRIEUX \nL'agent de \ncontr\u00f4le de la \nsection U06S01 \nChristelle \nBOUCHON \nL'agent de \ncontr\u00f4le de la \nSection U06S04 \nHugo JUSTO \nL'agent de \ncontr\u00f4le de la \nSection U06S05 \nAnne-Laure \nPAPASTRATIDIS \nL'agent de \ncontr\u00f4le de la \nsection U06S10 \nSch\u00e9razade \nGOUFFI \nL'agent de \ncontr\u00f4le de la \nsection U06S06 \nIan DUFOUR-\nGRUENAIS \nL'agent de \ncontr\u00f4le de la \nsection U06S08 \nRonan CREPUT \nL'agent de \ncontr\u00f4le de la \nsection U06S10 \nSch\u00e9razade \nGOUFFI \nL'agent de \ncontr\u00f4le de la \nsection U06S07 \nYann BOITEL-\nBRAS \nL'agent de \ncontr\u00f4le de la \nSection U06S05 \nAnne-Laure \nPAPASTRATIDIS \nL'agent de \ncontr\u00f4le de la \nSection U06S04 \nHugo JUSTO \nL'agent de \ncontr\u00f4le de la \nsection U06S02 \nSandrine \nVIRIEUX \nL'agent de \ncontr\u00f4le de la \nsection U06S06 \nIan DUFOUR-\nGRUENAIS \nL'agent de \ncontr\u00f4le de la \nsection U06S09 \nVincent \nGAILLARD \nL'agent de \ncontr\u00f4le de la \nsection U06S01 \nChristelle \nBOUCHON \nL'agent de \ncontr\u00f4le de la \nsection U06S09 \nVincent \nGAILLARD \nL'agent de \ncontr\u00f4le de la \nsection U06S07 \nYann BOITEL-\nBRAS \nL'agent de \ncontr\u00f4le de la \nsection U06S08 \nRonan CREPUT \nL'agent de \ncontr\u00f4le de la \nsection U06S02 \nSandrine \nVIRIEUX \nL'agent de \ncontr\u00f4le de la \nsection U06S10 \nSch\u00e9razade \nGOUFFI \nL'agent de \ncontr\u00f4le de la \nSection U06S04 \nHugo JUSTO \nL'agent de \ncontr\u00f4le de la \nSection U06S05 \nAnne-Laure \nPAPASTRATIDIS \nL'agent de \ncontr\u00f4le de la \nsection U06S06 \nIan DUFOUR-\nGRUENAIS \nL'agent de \ncontr\u00f4le de la \nsection U06S01 \nChristelle \nBOUCHON \nL'agent de \ncontr\u00f4le de la \nsection U06S10 \nSch\u00e9razade \nGOUFFI \nL'agent de \ncontr\u00f4le de la \nSection U06S04 \nHugo JUSTO \nL'agent de \ncontr\u00f4le de la \nsection U06S02 \nSandrine \nVIRIEUX \nL'agent de \ncontr\u00f4le de la \nSection U06S05 \nAnne-Laure \nPAPASTRATIDIS \nL'agent de \ncontr\u00f4le de la \nsection U06S06 \nIan DUFOUR-\nGRUENAIS \nL'agent de \ncontr\u00f4le de la \nsection U06S07 \nYann BOITEL-\nBRAS \nL'agent de \ncontr\u00f4le de la \nsection U06S09 \nVincent \nGAILLARD \nL'agent de \ncontr\u00f4le de la \nsection U06S04 \nHugo JUSTO \nL'agent de \ncontr\u00f4le de la \nsection U06S08 \nRonan CREPUT \n \n \n \nEn cas d'absence ou d'emp\u00eachement simultan\u00e9 des agents de contr\u00f4le affect\u00e9s au sein de l'unit\u00e9 de contr\u00f4le Rh\u00f4ne -\nTransports faisant obstacle \u00e0 ce que l'int\u00e9rim soit assur\u00e9 selon les modalit\u00e9s fix\u00e9es ci -dessus, l'int\u00e9rim est assur\u00e9 par \nun agent de contr\u00f4le des unit\u00e9s de contr\u00f4le Lyon -Centre, Rh\u00f4ne -Sud-Ouest, Lyon -Villeurbanne, Rh\u00f4ne -Centre-Est, \nRh\u00f4ne-Nord-et-Agriculture, Lyon-Vall\u00e9e Du Rh\u00f4ne ou par un Responsable d'unit\u00e9 de contr\u00f4le. \n  \n69_DDETS_Direction d\u00e9partementale de l'emploi du travail et des solidarit\u00e9s - 69-2025-12-31-00005 - DECISION DREETS/T/2025/62\nportant affectation des agents de contr\u00f4le dans les unit\u00e9s de contr\u00f4le de l'inspection du travail de la direction d\u00e9partementale de\nl'emploi, du travail et des solidarit\u00e9s du d\u00e9partement du Rh\u00f4ne, et gestion des int\u00e9rims,\n16\n14/16 \n \n6. Unit\u00e9 de contr\u00f4le 7, Lyon-Vall\u00e9e Du Rh\u00f4ne \n \nInt\u00e9rim des agents de contr\u00f4le : \n \nAgent de \ncontr\u00f4le Int\u00e9rim 1 Int\u00e9rim 2 Int\u00e9rim 3 Int\u00e9rim 4 Int\u00e9rim 5 Int\u00e9rim 6 \nL'agent de contr\u00f4le \nde la section \nU07S01 \nDominique MICHEL \n \nL'agent de contr\u00f4le \nde la section \nU07S02 Najib \nLERGUET \n \nL'agent de contr\u00f4le \nde la section \nU07S06 Amandine \nMARTIN \nL'agent de contr\u00f4le \nde la section \nU07S07 A\u00efcha \nSOLTANE \nL'agent de contr\u00f4le \nde la section \nU07S03 \nThomas \nFOURNIER \nL'agent de contr\u00f4le \nde la section \nU07S05 \nJo\u00ebl LOUIS \nL'agent de contr\u00f4le \nde la section \nU07S08 Th\u00e9o \nFAILLE \n \nL'agent de contr\u00f4le \nde la section \nU07S02 Najib \nLERGUET \n \nL'agent de contr\u00f4le \nde la section \nU07S01 \nDominique MICHEL \n \nL'agent de contr\u00f4le \nde la section \nU07S03 \nThomas \nFOURNIER \nL'agent de contr\u00f4le \nde la section \nU07S06 Amandine \nMARTIN \nL'agent de contr\u00f4le \nde la section \nU07S07 \nA\u00efcha SOLTANE \nL'agent de contr\u00f4le \nde la section \nU07S05 \nJo\u00ebl LOUIS \nL'agent de contr\u00f4le \nde la Section \nU07S08 Th\u00e9o \nFAILLE \n \nL'agent de contr\u00f4le \nde la section \nU07S03 \nThomas \nFOURNIER \nL'agent de contr\u00f4le \nde la section \nU07S06 Amandine \nMARTIN \nL'agent de contr\u00f4le \nde la section \nU07S02 Najib \nLERGUET \n \nL'agent de contr\u00f4le \nde la section \nU07S07 \nA\u00efcha SOLTANE \nL'agent de contr\u00f4le \nde la section \nU07S05 \nJo\u00ebl LOUIS \nL'agent de contr\u00f4le \nde la section \nU07S01 \nDominique MICHEL \n \nL'agent de contr\u00f4le \nde la Section \nU07S08 Th\u00e9o \nFAILLE \n \nL'agent de contr\u00f4le \nde la section \nU07S05 \nJo\u00ebl LOUIS \nL'agent de contr\u00f4le \nde la section \nU07S07 \nA\u00efcha SOLTANE \nL'agent de contr\u00f4le \nde la section \nU07S03 \nThomas \nFOURNIER \nL'agent de contr\u00f4le \nde la section \nU07S02 Najib \nLERGUET \n \nL'agent de contr\u00f4le \nde la section \nU07S06 Amandine \nMARTIN \nL'agent de contr\u00f4le \nde la section \nU07S01 \nDominique MICHEL \n \nL'agent de contr\u00f4le \nde la Section \nU07S08 Th\u00e9o \nFAILLE \n \nL'agent de contr\u00f4le \nde la section \nU07S06 Amandine \nMARTIN \nL'agent de contr\u00f4le \nde la section \nU07S03 \nThomas \nFOURNIER \nL'agent de contr\u00f4le \nde la section \nU07S02 Najib \nLERGUET \n \nL'agent de contr\u00f4le \nde la section \nU07S01 \nDominique MICHEL \n \nL'agent de contr\u00f4le \nde la section \nU07S07 \nA\u00efcha SOLTANE \nL'agent de contr\u00f4le \nde la section \nU07S05 \nJo\u00ebl LOUIS \nL'agent de contr\u00f4le \nde la Section \nU07S08 Th\u00e9o \nFAILLE \n \nL'agent de contr\u00f4le \nde la section \nU07S07 \nA\u00efcha SOLTANE \nL'agent de contr\u00f4le \nde la section \nU07S05 \nJo\u00ebl LOUIS \nL'agent de contr\u00f4le \nde la section \nU07S06 Amandine \nMARTIN \nL'agent de contr\u00f4le \nde la section \nU07S01 \nDominique MICHEL \n \nL'agent de contr\u00f4le \nde la section \nU07S02 Najib \nLERGUET \n \nL'agent de contr\u00f4le \nde la section \nU07S03 \nThomas \nFOURNIER \nL'agent de contr\u00f4le \nde la Section \nU07S08 Th\u00e9o \nFAILLE \n \nL'agent de contr\u00f4le \nde la Section \nU07S08 Th\u00e9o \nFAILLE \n \nL'agent de contr\u00f4le \nde la section \nU07S05 \nJo\u00ebl LOUIS \nL'agent de contr\u00f4le \nde la section \nU07S07 \nA\u00efcha SOLTANE \nL'agent de contr\u00f4le \nde la section \nU07S03 \nThomas \nFOURNIER \nL'agent de contr\u00f4le \nde la section \nU07S01 \nDominique MICHEL \n \nL'agent de contr\u00f4le \nde la section \nU07S06 Amandine \nMARTIN \nL'agent de contr\u00f4le \nde la section \nU07S02 Najib \nLERGUET \n \n \nEn cas d'absence ou d'emp\u00eachement simultan\u00e9 des agents de contr\u00f4le affect\u00e9s au sein de l'unit\u00e9 de contr\u00f4le Rh\u00f4ne -\nTransports faisant obstacle \u00e0 ce que l'int\u00e9rim soit assur\u00e9 selon les modalit\u00e9s fix\u00e9es ci -dessus, l'int\u00e9rim est assur\u00e9 par \nun agent de contr\u00f4le des unit\u00e9s de contr\u00f4le Lyon -Centre, Rh\u00f4ne -Sud-Ouest, Lyon -Villeurbanne, Rh\u00f4ne -Centre-Est, \nRh\u00f4ne-Nord-et-Agriculture, Rh\u00f4ne Transports ou par un responsable d'unit\u00e9 de contr\u00f4le \n \n  \n69_DDETS_Direction d\u00e9partementale de l'emploi du travail et des solidarit\u00e9s - 69-2025-12-31-00005 - DECISION DREETS/T/2025/62\nportant affectation des agents de contr\u00f4le dans les unit\u00e9s de contr\u00f4le de l'inspection du travail de la direction d\u00e9partementale de\nl'emploi, du travail et des solidarit\u00e9s du d\u00e9partement du Rh\u00f4ne, et gestion des int\u00e9rims,\n17\n15/16 \n \nArticle 3 ter : Int\u00e9rim des responsables d'unit\u00e9 de contr\u00f4le  \n \nL'int\u00e9rim de l'Unit\u00e9 de contr\u00f4le 5 Rh\u00f4ne Nord et agriculture est assur\u00e9 par  Madame Agathe KHERBACHE \nresponsable de l'unit\u00e9 de contr\u00f4le Lyon-Vall\u00e9e Du Rh\u00f4ne  \n \nEn cas d'absence ou d'emp\u00eachement d'un responsable d'unit\u00e9 de contr\u00f4le d\u00e9sign\u00e9s \u00e0 l'article 1er, et sauf d\u00e9cision \nexpresse d\u00e9finissant pour une dur\u00e9e d\u00e9termin\u00e9e une organisation de l'int\u00e9rim particuli\u00e8re, l'int\u00e9rim est organis\u00e9 par le \nresponsable de l'unit\u00e9 de contr\u00f4le d\u00e9sign\u00e9 dans le tableau figurant dans le tableau ci -apr\u00e8s en int\u00e9rim 1, ou en cas \nd'absence et d'emp\u00eachement de ce dernier par le responsable de l'unit\u00e9 de contr\u00f4le d\u00e9sign\u00e9 dans le tableau ci -apr\u00e8s \nen int\u00e9rim 2, ou en cas d'absence et d'emp\u00eachement de ce dernier par le responsable de l'unit\u00e9 de contr\u00f4le d\u00e9sign\u00e9 \ndans le tableau ci -apr\u00e8s en int\u00e9rim 3, ou en cas d'absence et d'emp\u00eachement de ce dernier par le responsable de \nl'unit\u00e9 de contr\u00f4le d\u00e9sign\u00e9 dans les tableaux ci -apr\u00e8s en int\u00e9rim 4, ou en cas d'absence et d'emp\u00eachement de ce \ndernier par le responsable de l'unit\u00e9 de contr\u00f4le d\u00e9sign\u00e9 dans le tableau ci -apr\u00e8s en int\u00e9rim 5, ou en cas d'absence et \nd'emp\u00eachement de ce dernier par le responsable de l'unit\u00e9 de contr\u00f4le d\u00e9sign\u00e9 dans le tableau ci -apr\u00e8s en int\u00e9rim 6. \n \nResponsable \nd'unit\u00e9 de \ncontr\u00f4le \nInt\u00e9rim 1 Int\u00e9rim 2 Int\u00e9rim 3 Int\u00e9rim 4 Int\u00e9rim 5 Int\u00e9rim 6 \nThierry AFFRE  \nresponsable de \nl'unit\u00e9 de contr\u00f4le \nLyon Centre \nAlain DUNEZ, \nresponsable de \nl'unit\u00e9 de contr\u00f4le \nRh\u00f4ne-Sud-\nOuest \nSophie RUAT \nresponsable de \nl'unit\u00e9 de contr\u00f4le \nLyon-\nVilleurbanne \nFr\u00e9d\u00e9rique \nLIBAUD \nresponsable de \nl'unit\u00e9 de contr\u00f4le \nRh\u00f4ne Centre-\nEst \nCharlotte \nBAUDOUIN \nresponsable de \nl'unit\u00e9 de contr\u00f4le \nRh\u00f4ne-\nTransports \nAgathe \nKHERBACHE \nresponsable de \nl'unit\u00e9 de contr\u00f4le \nLyon-Vall\u00e9e Du \nRh\u00f4ne \nFlorence \nDUFOUR \nresponsable de \nl'unit\u00e9 de contr\u00f4le  \nRh\u00f4ne Nord et \nagriculture \nAlain DUNEZ \nresponsable de \nl'unit\u00e9 de contr\u00f4le \nRh\u00f4ne-Sud-\nOuest \nSophie RUAT \nresponsable de \nl'unit\u00e9 de contr\u00f4le \nLyon-\nVilleurbanne \nFr\u00e9d\u00e9rique \nLIBAUD \nresponsable de \nl'unit\u00e9 de contr\u00f4le \nRh\u00f4ne Centre-\nEst \nCharlotte \nBAUDOUIN  \nresponsable de \nl'unit\u00e9 de contr\u00f4le  \nRh\u00f4ne-\nTransports \nAgathe \nKHERBACHE \nresponsable de \nl'unit\u00e9 de contr\u00f4le \nLyon-Vall\u00e9e Du \nRh\u00f4ne \nThierry AFFRE \nresponsable de \nl'unit\u00e9 de contr\u00f4le \nLyon Centre \nFlorence \nDUFOUR \nresponsable de \nl'unit\u00e9 de contr\u00f4le  \nRh\u00f4ne Nord et \nagriculture \nSophie RUAT \nresponsable de \nl'unit\u00e9 de contr\u00f4le \nLyon-\nVilleurbanne \nFr\u00e9d\u00e9rique \nLIBAUD \nresponsable de \nl'unit\u00e9 de contr\u00f4le \nRh\u00f4ne Centre-\nEst \nCharlotte \nBAUDOUIN, \nresponsable de \nl'unit\u00e9 de contr\u00f4le  \nRh\u00f4ne-\nTransports \nAgathe \nKHERBACHE \nresponsable de \nl'unit\u00e9 de contr\u00f4le \nLyon-Vall\u00e9e Du \nRh\u00f4ne \nThierry AFFRE, \nresponsable de \nl'unit\u00e9 de contr\u00f4le \nLyon Centre \nAlain DUNEZ \nresponsable de \nl'unit\u00e9 de contr\u00f4le \nRh\u00f4ne-Sud-\nOuest \nFlorence \nDUFOUR \nresponsable de \nl'unit\u00e9 de contr\u00f4le  \nRh\u00f4ne Nord et \nagriculture \nFr\u00e9d\u00e9rique \nLIBAUD \nresponsable de \nl'unit\u00e9 de contr\u00f4le \nRh\u00f4ne Centre-\nEst \nCharlotte \nBAUDOUIN \nresponsable de \nl'unit\u00e9 de contr\u00f4le  \nRh\u00f4ne-\nTransports \nAgathe \nKHERBACHE \nresponsable de \nl'unit\u00e9 de contr\u00f4le \nLyon-Vall\u00e9e Du \nRh\u00f4ne \nThierry AFFRE \nresponsable de \nl'unit\u00e9 de contr\u00f4le \nLyon Centre \nAlain DUNEZ \nresponsable de \nl'unit\u00e9 de contr\u00f4le \nRh\u00f4ne-Sud-\nOuest \nSophie RUAT \nresponsable de \nl'unit\u00e9 de contr\u00f4le \nLyon-\nVilleurbanne \nFlorence \nDUFOUR \nresponsable de \nl'unit\u00e9 de contr\u00f4le  \nRh\u00f4ne Nord et \nagriculture \nFlorence \nDUFOUR \nresponsable de \nl'unit\u00e9 de contr\u00f4le  \nRh\u00f4ne Nord et \nagriculture \nCharlotte \nBAUDOUIN  \nresponsable de \nl'unit\u00e9 de contr\u00f4le  \nRh\u00f4ne- \nTransports \nAgathe \nKHERBACHE \nresponsable de \nl'unit\u00e9 de contr\u00f4le \nLyon-Vall\u00e9e Du \nRh\u00f4ne \nThierry AFFRE  \nresponsable de \nl'unit\u00e9 de contr\u00f4le \nLyon Centre \nAlain DUNEZ \nresponsable de \nl'unit\u00e9 de contr\u00f4le \nRh\u00f4ne-Sud-\nOuest \nSophie RUAT \nresponsable de \nl'unit\u00e9 de contr\u00f4le \nLyon-\nVilleurbanne \nFr\u00e9d\u00e9rique \nLIBAUD \nresponsable de \nl'unit\u00e9 de contr\u00f4le \nRh\u00f4ne Centre-\nEst \nCharlotte \nBAUDOUIN  \nresponsable de \nl'unit\u00e9 de contr\u00f4le  \nRh\u00f4ne- \nTransports \nAgathe \nKHERBACHE \nresponsable de \nl'unit\u00e9 de contr\u00f4le \nLyon-Vall\u00e9e Du \nRh\u00f4ne \nThierry AFFRE  \nresponsable de \nl'unit\u00e9 de contr\u00f4le \nLyon Centre \nAlain DUNEZ \nresponsable de \nl'unit\u00e9 de contr\u00f4le \nRh\u00f4ne-Sud-\nOuest \nSophie RUAT \nresponsable de \nl'unit\u00e9 de contr\u00f4le \nLyon-\nVilleurbanne \nFr\u00e9d\u00e9rique \nLIBAUD \nresponsable de \nl'unit\u00e9 de contr\u00f4le \nRh\u00f4ne Centre-\nEst \nFlorence \nDUFOUR \nresponsable de \nl'unit\u00e9 de contr\u00f4le  \nRh\u00f4ne Nord et \nagriculture \nAgathe \nKHERBACHE \nresponsable de \nl'unit\u00e9 de contr\u00f4le \nLyon-Vall\u00e9e Du \nRh\u00f4ne \nThierry AFFRE \nresponsable de \nl'unit\u00e9 de contr\u00f4le \nLyon Centre \nAlain DUNEZ, \nresponsable de \nl'unit\u00e9 de contr\u00f4le \nRh\u00f4ne-Sud-\nOuest \nSophie RUAT \nresponsable de \nl'unit\u00e9 de contr\u00f4le \nLyon-\nVilleurbanne \nFr\u00e9d\u00e9rique \nLIBAUD \nresponsable de \nl'unit\u00e9 de contr\u00f4le \nRh\u00f4ne Centre-\nEst \nCharlotte \nBAUDOUIN \nresponsable de \nl'unit\u00e9 de contr\u00f4le  \nRh\u00f4ne-\nTransports \nFlorence \nDUFOUR \nresponsable de \nl'unit\u00e9 de contr\u00f4le  \nRh\u00f4ne Nord et \nagriculture \n \n  \n69_DDETS_Direction d\u00e9partementale de l'emploi du travail et des solidarit\u00e9s - 69-2025-12-31-00005 - DECISION DREETS/T/2025/62\nportant affectation des agents de contr\u00f4le dans les unit\u00e9s de contr\u00f4le de l'inspection du travail de la direction d\u00e9partementale de\nl'emploi, du travail et des solidarit\u00e9s du d\u00e9partement du Rh\u00f4ne, et gestion des int\u00e9rims,\n18\n\u2014\u2014\u2014s\n16/16 \n \nArticle 4 :  \n \nConform\u00e9ment aux dispositions de l'article R. 8122 -10 du code du travail, les agents mentionn\u00e9s \u00e0 l'article \n2 participent lorsque l'action le rend n\u00e9cessaire aux actions d'inspection de la l\u00e9gislation du travail sur le territoire de \nl'unit\u00e9 d\u00e9partementale \u00e0 laquelle est rattach\u00e9e l'unit\u00e9 de contr\u00f4le o\u00f9 ils sont affect\u00e9s.  \n \n \n \nArticle 5   \n \nLa pr\u00e9sente d\u00e9cision se substitue \u00e0 compter de sa publication \u00e0 la d\u00e9cision DREETS/T/2025/59 du 19 d\u00e9cembre  \n2025, portant affectation des agents de contr\u00f4le dans les unit\u00e9s de contr\u00f4le de l'inspection du travail de la direction \nd\u00e9partementale de l'emploi, du travail et des solidarit\u00e9s du d\u00e9partement du Rh\u00f4ne, et gestion des int\u00e9rims, qui est \nabrog\u00e9e.  \n \nArticle 6 :  \n \nLe directeur d\u00e9partemental de l'emploi, du travail et des solidarit\u00e9s du Rh\u00f4ne et la directrice r\u00e9gionale de l'\u00e9conomie, \nde l'emploi, du travail et des solidarit\u00e9s de la r\u00e9gion Auvergne -Rh\u00f4ne-Alpes sont charg\u00e9es de l'ex\u00e9cution du pr\u00e9sent \narr\u00eat\u00e9 qui sera publi\u00e9 au recueil des actes administratifs de la pr\u00e9fecture du Rh\u00f4ne.  \n \n \nPour la directrice r\u00e9gionale de l'\u00e9conomie, \nde l'emploi, du travail et des solidarit\u00e9s, \nPar d\u00e9l\u00e9gation, \nLe directeur r\u00e9gional adjoint, responsable du \np\u00f4le politique du travail \n \nR\u00e9gis GRIMAL \n \n69_DDETS_Direction d\u00e9partementale de l'emploi du travail et des solidarit\u00e9s - 69-2025-12-31-00005 - DECISION DREETS/T/2025/62\nportant affectation des agents de contr\u00f4le dans les unit\u00e9s de contr\u00f4le de l'inspection du travail de la direction d\u00e9partementale de\nl'emploi, du travail et des solidarit\u00e9s du d\u00e9partement du Rh\u00f4ne, et gestion des int\u00e9rims,\n19\n69_Pr\u00e9f_Pr\u00e9fecture du Rh\u00f4ne\n69-2026-01-05-00002\nArr\u00eat\u00e9 pr\u00e9fectoral du 05/01/2026\nportant r\u00e9glementation temporaire de la\ncirculation sur M7\nBlocage M7 par agriculteurs\n69_Pr\u00e9f_Pr\u00e9fecture du Rh\u00f4ne - 69-2026-01-05-00002 - Arr\u00eat\u00e9 pr\u00e9fectoral du 05/01/2026\nportant r\u00e9glementation temporaire de la circulation sur M7\nBlocage M7 par agriculteurs\n20\nesPREFETEDU RHONELibert\u00e9Egalit\u00e9Fraternit\u00e9\nDirection d\u00e9partementale\ndes territoires\nArr\u00eat\u00e9 pr\u00e9fectoral n\u00b0 05012026_00001  du 05/01/2026\nportant r\u00e9glementation temporaire de la circulation sur M7\nBlocage M7 par agriculteurs\nLa Pr\u00e9f\u00e8te de la R\u00e9gion Auvergne-Rh\u00f4ne-Alpes,\nPr\u00e9f\u00e8te de la Zone de d\u00e9fense et de s\u00e9curit\u00e9 sud-est,\nPr\u00e9f\u00e8te du Rh\u00f4ne,\nCommandeur de la L\u00e9gion d'honneur,\nCommandeur de l'ordre national du M\u00e9rite,\nVU le code de la route\u00a0;\nVU le code de la voirie routi\u00e8re\u00a0;\nVU le code de la s\u00e9curit\u00e9 int\u00e9rieure\u00a0;\nVU le d\u00e9cret n\u00b0 56-1425 du 27 d\u00e9cembre 1956 modifi\u00e9 portant r\u00e9glementation d'administration  \npublique pour l'application de la loi du 18 avril 1955 sur les statuts des autoroutes\u00a0;\nVU le d\u00e9cret n\u00b0 96-982 du 8 novembre 1996 relatif \u00e0 la police de circulation sur les autoroutes\u00a0;\nVU le d\u00e9cret n\u00b02004-374 du 29 avril 2004 modifi\u00e9 relatif aux pouvoirs des pr\u00e9fets, \u00e0 l'organisation et \u00e0 \nl'action des services de l'\u00c9tat dans les r\u00e9gions et d\u00e9partements\u00a0;\nVU\u00a0le d\u00e9cret en conseil des ministres du 11 janvier 2023 portant nomination de Mme Fabienne  \nBUCCIO, en qualit\u00e9 de pr\u00e9f\u00e8te de la r\u00e9gion Auvergne-Rh\u00f4ne-Alpes, pr\u00e9f\u00e8te de la zone de d\u00e9fense et \nde s\u00e9curit\u00e9 Sud-Est, pr\u00e9f\u00e8te du Rh\u00f4ne\u00a0;\nVU\u00a0le  d\u00e9cret  en  conseil  des  ministres  du  6  novembre  2024  portant  nomination  de  M.\u00a0Antoine \nGUERIN, en qualit\u00e9 de pr\u00e9fet d\u00e9l\u00e9gu\u00e9 pour la d\u00e9fense et la s\u00e9curit\u00e9 aupr\u00e8s de la pr\u00e9f\u00e8te de la r\u00e9gion \nAuvergne-Rh\u00f4ne-Alpes, pr\u00e9f\u00e8te de la zone de d\u00e9fense et de s\u00e9curit\u00e9 Sud-Est, pr\u00e9f\u00e8te du Rh\u00f4ne\u00a0;\nVU l'arr\u00eat\u00e9 interminist\u00e9riel du 24 novembre 1967 modifi\u00e9 relatif \u00e0 la signalisation des routes et des  \nautoroutes\u00a0;\nVU la circulaire du 28 d\u00e9cembre 2011 relative \u00e0 la gestion de la circulation routi\u00e8re \u00a0: pr\u00e9paration et \ngestion des situations de crise routi\u00e8re\u00a0;\nVU l'instruction  interminist\u00e9rielle  sur  la  signalisation  routi\u00e8re  (Livre  I,  8\u00e8me  \npartie\u00a0:  signalisation \n69_Pr\u00e9f_Pr\u00e9fecture du Rh\u00f4ne - 69-2026-01-05-00002 - Arr\u00eat\u00e9 pr\u00e9fectoral du 05/01/2026\nportant r\u00e9glementation temporaire de la circulation sur M7\nBlocage M7 par agriculteurs\n21\ntemporaire) approuv\u00e9e par l'arr\u00eat\u00e9 interminist\u00e9riel du 6 novembre 1992 et modifi\u00e9e par les textes  \nsubs\u00e9quents\u00a0;\nCONSID\u00c9RANT le blocage par des v\u00e9hicules agricoles sur l'axe M7  n\u00e9cessitant une gestion de trafic  \nadapt\u00e9e, notamment pour assurer l'\u00e9coulement de la circulation routi\u00e8re et la s\u00e9curit\u00e9 des usagers de la \nroute\u00a0;\nCONSID\u00c9RANT les avis formul\u00e9s par la M\u00e9tropole, gestionnaires de l'axe concern\u00e9,\nSUR PROPOSITION du directeur d\u00e9partemental des territoires du Rh\u00f4ne,\nARR\u00ca TE\nArticle 1  er\n  \nL'axe M7 est ferm\u00e9 dans les 2 sens de circulation \u00e0 tout v\u00e9hicule pour une dur\u00e9e ind\u00e9termin\u00e9e\u00a0:\n\u2022 Dans le sens nord->sud, fermeture de M7 au PR4+900\n\u2022 Dans le sens sud->nord, fermeture de M7 au PR6\nLes bretelles d'acc\u00e8s \u00e0 M7 sens nord\u2192sud sont ferm\u00e9es depuis Pierre-B\u00e9nite et Irigny.\nLa bretelle d'acc\u00e8s \u00e0 M7 depuis A450 direction Lyon depuis Brignais est ferm\u00e9e.\nArticle   2  \nDes d\u00e9viations locales sont mises en place pour contourner via des sorties obligatoires et des sorties  \nconseill\u00e9es.\nConcernant M7\u00a0: \n\u2022 Dans le sens nord->sud, sortie obligatoire \u00e0 Pierre B\u00e9nite (sortie n\u00b04 les L\u00f4nes)\n\u2022 Dans le sens sud->nord, sortie obligatoire en direction de A450 Saint-Genis-Laval/Brignais\nConcernant A450\u00a0: la bretelle d'acc\u00e8s \u00e0 M7 direction Marseille est la d\u00e9viation mise en place.\n2/3\n69_Pr\u00e9f_Pr\u00e9fecture du Rh\u00f4ne - 69-2026-01-05-00002 - Arr\u00eat\u00e9 pr\u00e9fectoral du 05/01/2026\nportant r\u00e9glementation temporaire de la circulation sur M7\nBlocage M7 par agriculteurs\n22\nArticle       3  \nLes forces de l'ordre prendront toutes les mesures justifi\u00e9es pour les besoins de s\u00e9curit\u00e9  \nou pour les n\u00e9cessit\u00e9s de l'\u00e9coulement du trafic sur le r\u00e9seau concern\u00e9 par ces interdictions, sous la  \nresponsabilit\u00e9 du pr\u00e9fet de d\u00e9partement.\nArticle 4\nToute infraction au pr\u00e9sent arr\u00eat\u00e9 sera constat\u00e9e par proc\u00e8s-verbal dress\u00e9 par les forces de l'ordre.\nArticle       5  \n-\u00a0Le pr\u00e9fet, secr\u00e9taire g\u00e9n\u00e9ral de la pr\u00e9fecture du Rh\u00f4ne,\n-\u00a0le pr\u00e9sident de la m\u00e9tropole de Lyon,\n-\u00a0la directrice interd\u00e9partementale des routes Centre-Est,\n-\u00a0le commandant de la compagnie r\u00e9publicaine de s\u00e9curit\u00e9 autorouti\u00e8re Rh\u00f4ne-Alpes-Auvergne,\n-\u00a0le directeur interd\u00e9partemental de la police nationale du Rh\u00f4ne\nsont charg\u00e9s, chacun en ce qui le concerne, de l'ex\u00e9cution du pr\u00e9sent arr\u00eat\u00e9, qui sera ins\u00e9r\u00e9 au recueil \ndes actes administratifs de la pr\u00e9fecture du Rh\u00f4ne et dont copie est adress\u00e9e\u00a0:\n-\u00a0au directeur du service d\u00e9partemental et m\u00e9tropolitain d'incendie et de secours du Rh\u00f4ne,\n-\u00a0\u00e0 l'officier du minist\u00e8re public pr\u00e8s du tribunal de police de Lyon.\n-\u00a0au directeur d\u00e9partemental des territoires du Rh\u00f4ne,\nLyon, le 05/01/2026\nD\u00e9lais et voies de recours\u00a0:\nConform\u00e9ment \u00e0 l'article R.421-1 du code de justice administrative, la pr\u00e9sente d\u00e9cision peut faire l'objet \nd'un recours contentieux, dans le d\u00e9lai de deux mois \u00e0 compter de sa notification, devant le tribunal  \nadministratif de Lyon (184, rue Duguesclin \u2013 69\u00a0433 Lyon Cedex 03, ou sur l'application www.telerecours.fr). \nElle peut \u00e9galement faire l'objet d'un recours gracieux aupr\u00e8s de Madame la Pr\u00e9f\u00e8te du Rh\u00f4ne. Cette  \nd\u00e9marche interrompt le d\u00e9lai de recours contentieux, ce dernier devant \u00eatre introduit dans le d\u00e9lai de  \ndeux  mois  suivant  une  d\u00e9cision  implicite  ou  explicite  de  l'autorit\u00e9  comp\u00e9tente  (le  silence  de \nl'administration pendant un d\u00e9lai de deux mois valant d\u00e9cision implicite de rejet).\n3/3\nPour la pr\u00e9f\u00e8te et par d\u00e9l\u00e9gation,\nLe sous-pr\u00e9fet, directeur de Cabinet\nORIGINAL SIGNE\nLucas TURGIS\n69_Pr\u00e9f_Pr\u00e9fecture du Rh\u00f4ne - 69-2026-01-05-00002 - Arr\u00eat\u00e9 pr\u00e9fectoral du 05/01/2026\nportant r\u00e9glementation temporaire de la circulation sur M7\nBlocage M7 par agriculteurs\n23\n69_Pr\u00e9f_Pr\u00e9fecture du Rh\u00f4ne\n69-2026-01-03-00001\nArr\u00eate pr\u00e9fectoral abrogeant les  mesures\nd'urgence socles prises dans le cadre de\nl'\u00e9pisode de pollution atmosph\u00e9rique d\u00e9but\u00e9 le\n02/12/2025\t\n69_Pr\u00e9f_Pr\u00e9fecture du Rh\u00f4ne - 69-2026-01-03-00001 - Arr\u00eate pr\u00e9fectoral abrogeant les  mesures d'urgence socles prises dans le cadre\nde l'\u00e9pisode de pollution atmosph\u00e9rique d\u00e9but\u00e9 le 02/12/2025\t 24\nEsPR\u00c9F\u00c8TEDU RH\u00d4NELibert\u00e9Egalit\u00e9Fraternit\u00e9\nArr\u00eate pr\u00e9fectoral abrogeant les  mesures d'urgence socles prises dans le cadre de l'\u00e9pisode \nde pollution atmosph\u00e9rique d\u00e9but\u00e9 le 02/12/2025\nLa Pr\u00e9f\u00e8te de la Zone de d\u00e9fense et de s\u00e9curit\u00e9 sud-est, \nPr\u00e9f\u00e8te de la R\u00e9gion Auvergne-Rh\u00f4ne-Alpes,\n                Pr\u00e9f\u00e8te du Rh\u00f4ne,\n              Officier de la L\u00e9gion d'honneur,\nCommandeur de l'ordre national du m\u00e9rite,\nVu le  code  de  l'environnement,  notamment  son  Livre  II,  titre  II  relatif  \u00e0  l'air  et  \u00e0 \nl'atmosph\u00e8re,\nVu le code de la d\u00e9fense, notamment l'article R.1311-7 relatif aux comp\u00e9tences des pr\u00e9fets \nde zone d\u00e9fense et s\u00e9curit\u00e9,\nVu le code g\u00e9n\u00e9ral des collectivit\u00e9s territoriales,\nVu le code de la sant\u00e9 publique,\nVu le code de la route notamment ses articles R.311-1,  R. 318.2 et R.411-19,\nVu le code de la s\u00e9curit\u00e9 int\u00e9rieure, notamment ses articles R.122-4, R.122-5 et R.122-8,\nVu le  d\u00e9cret  du  11  janvier  2023  en  conseil  des  ministres  portant  nomination  de \nMadame  Fabienne  BUCCIO  en  qualit\u00e9  de  pr\u00e9f\u00e8te  de  la  r\u00e9gion  Auvergne-Rh\u00f4ne-Alpes, \npr\u00e9f\u00e8te de la zone de d\u00e9fense et de s\u00e9curit\u00e9 Sud-Est, pr\u00e9f\u00e8te du Rh\u00f4ne (hors classe)\u00a0;\nVu l'arr\u00eat\u00e9  interminist\u00e9riel  modifi\u00e9  du  7  avril  2016  relatif  au  d\u00e9clenchement  des \nproc\u00e9dures pr\u00e9fectorales en cas d'\u00e9pisodes de pollution de l'air ambiant, \nVu l'arr\u00eat\u00e9 interminist\u00e9riel du 21 juin 2016 \u00e9tablissant la nomenclature des v\u00e9hicules class\u00e9s \nen fonction de leur niveau d'\u00e9mission de polluants atmosph\u00e9riques en application de  \nl'article R. 318-2 du code de la route,\nDirection de la s\u00e9curit\u00e9 et \nde la protection civile \n69_Pr\u00e9f_Pr\u00e9fecture du Rh\u00f4ne - 69-2026-01-03-00001 - Arr\u00eate pr\u00e9fectoral abrogeant les  mesures d'urgence socles prises dans le cadre\nde l'\u00e9pisode de pollution atmosph\u00e9rique d\u00e9but\u00e9 le 02/12/2025\t 25\nVu l'arr\u00eat\u00e9  zonal  n\u00b069-2024-02-12-00007  du  12  f\u00e9vrier  2024  portant approbation  du \ndocument-cadre zonal relatif aux proc\u00e9dures pr\u00e9fectorales et aux mesures de dimension  \ninterd\u00e9partementale en cas d'\u00e9pisodes de pollution de l'air ambiant, \nVu l'arr\u00eat\u00e9 pr\u00e9fectoral n\u00b0 69-2024-10-16-00006 du 16 octobre 2024 relatif aux proc\u00e9dures  \npr\u00e9fectorales d'information-recommandation et d'alerte du public en cas d'\u00e9pisode de  \npollution de l'air ambiant dans le d\u00e9partement du Rh\u00f4ne, \nVu l'arr\u00eat\u00e9 temporaire N\u00b0 2023-ZFE-007 du 23 d\u00e9cembre 2023 de la M\u00e9tropole de Lyon ;\nVu l'avis \u00e9mis par les membres du\u00a0comit\u00e9 des partenaires du 22 septembre 2017 , du 18 juin \n2019, du 1er\n juillet 2022\u00a0et du 1er\n juillet 2024,\nVu l'avis \u00e9mis par le conseil d\u00e9partemental de l'environnement et des risques sanitaires et  \ntechnologiques du Rh\u00f4ne, sur le rapport de la direction r\u00e9gionale de l'environnement de  \nl'am\u00e9nagement et du logement, dans sa s\u00e9ance du 17 octobre 201 7 , du 2 juillet 2019, \ndu 11 juillet 2022 et du 4 juillet 2024,\nConsid\u00e9rant la fin de l'\u00e9pisode de pollution sur le Bassin Lyonnais \u2013 Nord-Is\u00e8re, qualifi\u00e9 de  \n\u00ab\u00a0combustion\u00a0\u00bb, d\u00e8s le 04 janvier 2026 minuit.\nSur proposition de monsieur le directeur de la s\u00e9curit\u00e9 et de la protection civile,\nARR\u00caTE\nArticle 1\u00a0:  \nL'arr\u00eat\u00e9 pr\u00e9fectoral n\u00b0 69-2026-01-02-00001 relatif aux mesures d'urgence socles prises \ndans le cadre de l'\u00e9pisode de pollution atmosph\u00e9rique d\u00e9but\u00e9 le 02/12/2025 est abrog\u00e9, \nd\u00e8s dimanche 04 janvier 2026, 00h. \nArticle 3 : d\u00e9lais et voies de recours\nConform\u00e9ment  \u00e0  l'article  R.  421-1  du  code  de  justice  administrative,  la  pr\u00e9sente \nd\u00e9cision peut faire l'objet d'un recours contentieux, dans le d\u00e9lai de deux mois \u00e0  \ncompter  de  sa  notification,  devant  le  tribunal  administratif  de Lyon  (184,  rue \nDuguesclin - 69 433 Lyon Cedex 03, ou sur l'application www.telerecours.fr). \n69_Pr\u00e9f_Pr\u00e9fecture du Rh\u00f4ne - 69-2026-01-03-00001 - Arr\u00eate pr\u00e9fectoral abrogeant les  mesures d'urgence socles prises dans le cadre\nde l'\u00e9pisode de pollution atmosph\u00e9rique d\u00e9but\u00e9 le 02/12/2025\t 26\nElle peut \u00e9galement faire l'objet d'un recours gracieux aupr\u00e8s de Madame la Pr\u00e9f\u00e8te du \nRh\u00f4ne. Cette d\u00e9marche interrompt le d\u00e9lai de recours contentieux, ce dernier devant  \n\u00eatre introduit dans le d\u00e9lai de deux mois suivant  une d\u00e9cision implicite ou explicite de \nl 'autorit\u00e9 comp\u00e9tente (le silence de l  'administration pendant un d\u00e9lai de  deux mois \nvalant d\u00e9cision implicite de rejet).\nArticle 4 : ex\u00e9cution\nLa pr\u00e9f\u00e8te du Rh\u00f4ne, le pr\u00e9fet d\u00e9l\u00e9gu\u00e9 pour la d\u00e9fense et la s\u00e9curit\u00e9, la pr\u00e9f\u00e8te, secr\u00e9taire  \ng\u00e9n\u00e9rale  de  la  pr\u00e9fecture  du  Rh\u00f4ne,  pr\u00e9f\u00e8te  d\u00e9l\u00e9gu\u00e9e  pour  l'\u00e9galit\u00e9  des  chances,  la \ndirectrice  de  cabinet,  les  sous-pr\u00e9fets  d'arrondissement  concern\u00e9s,  les  services \nd\u00e9concentr\u00e9s de l'\u00c9tat concern\u00e9s, les services de police et de gendarmerie concern\u00e9s, le  \npr\u00e9sident du Conseil D\u00e9partemental, le pr\u00e9sident de la M\u00e9tropole de Lyon, les maires et  \npr\u00e9sidents  d'\u00e9tablissements  publics  de  coop\u00e9ration  intercommunale  concern\u00e9s  et  le \npr\u00e9sident de l'association agr\u00e9\u00e9e de surveillance de la qualit\u00e9 de l'air sont charg\u00e9s, chacun  \nen ce qui le concerne, de l'ex\u00e9cution du pr\u00e9sent arr\u00eat\u00e9 qui sera publi\u00e9 au recueil des actes  \nadministratifs du d\u00e9partement du Rh\u00f4ne.\nLyon, le 03 janvier 2026\nPour la pr\u00e9f\u00e8te et par d\u00e9l\u00e9gation, \nLe sous-pr\u00e9fet, directeur de \nCabinet \nORIGINAL SIGN\u00c9 \nLucas TURGIS \n69_Pr\u00e9f_Pr\u00e9fecture du Rh\u00f4ne - 69-2026-01-03-00001 - Arr\u00eate pr\u00e9fectoral abrogeant les  mesures d'urgence socles prises dans le cadre\nde l'\u00e9pisode de pollution atmosph\u00e9rique d\u00e9but\u00e9 le 02/12/2025\t 27\n69_Pr\u00e9f_Pr\u00e9fecture du Rh\u00f4ne - 69-2026-01-03-00001 - Arr\u00eate pr\u00e9fectoral abrogeant les  mesures d'urgence socles prises dans le cadre\nde l'\u00e9pisode de pollution atmosph\u00e9rique d\u00e9but\u00e9 le 02/12/2025\t 28\nAnnexe 1: liste des mesures activ\u00e9es en niveau N1\nHoraires d'entr\u00e9e en vigueur des mesures et p\u00e9rim\u00e8tres d'application\nSauf exception, les mesures d\u00e9taill\u00e9es ci-apr\u00e8s s'appliquent selon les r\u00e8gles suivantes\u00a0:\nMesures activ\u00e9es Heure d'entr\u00e9e en \napplication\nP\u00e9rim\u00e8tre d'application\nCirculation diff\u00e9renci\u00e9e A partir de 5h le \nlendemain de la \npublication de l'arr\u00eat\u00e9\nP\u00e9rim\u00e8tre de la zone \u00e0 \nfaibles \u00e9missions (ZFE) (voir \nannexe 3 et paragraphe sur \nles mesures relatives au \nsecteur du transport ci-\napr\u00e8s).\nR\u00e9duction de vitesse A partir de 5h le \nlendemain de la  \npublication de l'arr\u00eat\u00e9\nEnsemble du d\u00e9partement\nMesures relatives au \nsecteur agricole\nA partir de minuit le jour \nde la  publication de \nl'arr\u00eat\u00e9\nEnsemble du d\u00e9partement\nInterdiction des \ncomp\u00e9titions m\u00e9caniques\nA partir de minuit le jour \nde la  publication de \nl'arr\u00eat\u00e9\nEnsemble du d\u00e9partement\nAutres mesures A partir de minuit le jour \nde la  publication de \nl'arr\u00eat\u00e9\nBassin d'Air du Bassin \nLyonnais Nord Is\u00e8re (BLNI).\nVoir carte en annexe 2\n69_Pr\u00e9f_Pr\u00e9fecture du Rh\u00f4ne - 69-2026-01-03-00001 - Arr\u00eate pr\u00e9fectoral abrogeant les  mesures d'urgence socles prises dans le cadre\nde l'\u00e9pisode de pollution atmosph\u00e9rique d\u00e9but\u00e9 le 02/12/2025\t 29\n      Mesures relatives au secteur du transport\n1) Restriction de la circulation des v\u00e9hicules les plus polluants.\n\u27a2 P\u00e9rim\u00e8tre d'application.  \nLa restriction de la circulation des v\u00e9hicules les plus polluants s'applique sur toutes les voiries  \nsitu\u00e9es \u00e0 l'int\u00e9rieur du p\u00e9rim\u00e8tre d\u00e9fini par la M\u00e9tropole de Lyon pour la zone \u00e0 faibles \u00e9missions  \nmobilit\u00e9 par arr\u00eat\u00e9 m\u00e9tropolitain du 26 d\u00e9cembre 2023 (voir annexe 3).\nEn fonction des caract\u00e9ristiques et de la dur\u00e9e de l'\u00e9pisode de pollution rencontr\u00e9, la \nrestriction de la circulation pourra s'appliquer  \u00e0 l'ensemble du d\u00e9partement  sur  d\u00e9cision \npr\u00e9fectorale. \n\u27a2  V\u00e9hicules         concern\u00e9s  \nA partir de 5h00 le lendemain de la publication du pr\u00e9sent arr\u00eat\u00e9, les seuls v\u00e9hicules autoris\u00e9s \u00e0  \ncirculer sont les v\u00e9hicules affichant un certificat qualit\u00e9 de l'air Crit'air 0, 1, 2.\n\u27a2 D\u00e9rogation         \u00e0         la         restriction         de         circuler  \nA noter\u00a0: Les d\u00e9rogations d\u00e9livr\u00e9es par la M\u00e9tropole de Lyon relatives \u00e0 la zone \u00e0 faibles \u00e9missions  \nmobilit\u00e9  (et  en  particulier  la  d\u00e9rogation  \u00ab\u00a0petit  rouleur\u00a0\u00bb)  sont  suspendues  en  cas  d'\u00e9pisode  de \npollution.\nLa mesure de circulation diff\u00e9renci\u00e9e ne s'applique pas aux v\u00e9hicules suivants :\n\uf0b7 v\u00e9hicules affichant une carte \"mobilit\u00e9 inclusion\" comportant la mention \" stationnement \npour les personnes handicap\u00e9es\"  d\u00e9livr\u00e9e sur le fondement de l'article L. 241-3 du code de  \nl'action sociale et des familles ou une carte de stationnement pour personnes handicap\u00e9es  \nd\u00e9livr\u00e9e sur le fondement de l'article L. 241-3-2 du m\u00eame code dans sa r\u00e9daction ant\u00e9rieure  \nau 1er janvier 2017 ,\n\uf0b7 v\u00e9hicules d'int\u00e9r\u00eat g\u00e9n\u00e9ral prioritaires d\u00e9finis au 6.5 de l'article R.311-1 du code de la route \u00a0: \nv\u00e9hicule des services de police, de gendarmerie, des douanes, de lutte contre l'incendie,  \nd'intervention  des  services  de  d\u00e9minage  de  l'\u00c9tat,  d'intervention  des  unit\u00e9s  mobiles \nhospitali\u00e8res  (SAMU)  ou,  \u00e0  la  demande  du  service  d'aide  m\u00e9dicale  urgente,  affect\u00e9 \nexclusivement \u00e0 l'intervention de ces unit\u00e9s et du minist\u00e8re de la justice affect\u00e9 au transport  \ndes d\u00e9tenus ou au r\u00e9tablissement de l'ordre dans les \u00e9tablissements p\u00e9nitentiaires,\n69_Pr\u00e9f_Pr\u00e9fecture du Rh\u00f4ne - 69-2026-01-03-00001 - Arr\u00eate pr\u00e9fectoral abrogeant les  mesures d'urgence socles prises dans le cadre\nde l'\u00e9pisode de pollution atmosph\u00e9rique d\u00e9but\u00e9 le 02/12/2025\t 30\n\uf0b7 v\u00e9hicules d'int\u00e9r\u00eat g\u00e9n\u00e9ral b\u00e9n\u00e9ficiant de facilit\u00e9s de passage d\u00e9finis au 6.6 de l'article R.  \n311-1 du code de la route : ambulance de transport sanitaire, v\u00e9hicule de premiers secours \u00e0  \npersonnes des associations agr\u00e9\u00e9es de s\u00e9curit\u00e9 civile, v\u00e9hicule d'intervention de s\u00e9curit\u00e9 des  \nsoci\u00e9t\u00e9s gestionnaires d'infrastructures \u00e9lectriques et gazi\u00e8res, du service de la surveillance de \nla Soci\u00e9t\u00e9 nationale des chemins de fer fran\u00e7ais, du service de la surveillance de la R\u00e9gie  \nautonome  des  transports  parisiens,  de  transports  de  fonds  de  la  Banque  de  France,  des \nassociations  m\u00e9dicales  concourant  \u00e0  la  permanence  des  soins,  des  m\u00e9decins  lorsqu'ils \nparticipent  \u00e0  la  garde  d\u00e9partementale,  de  transports  de  produits  sanguins  et  d'organes \nhumains, engin de service hivernal et, sur autoroutes ou routes \u00e0 deux chauss\u00e9es s\u00e9par\u00e9es,  \nv\u00e9hicule d'intervention des services gestionnaires de ces voies,\n\uf0b7  v\u00e9hicules du minist\u00e8re de la D\u00e9fense,\n\uf0b7 v\u00e9hicules de transport en commun des lignes r\u00e9guli\u00e8res, cars de desserte des gares et  \na\u00e9rogares agr\u00e9\u00e9s, transports scolaires, transports collectifs de salari\u00e9s,\n\uf0b7 v\u00e9hicules d'associations agr\u00e9\u00e9es de s\u00e9curit\u00e9 civile, dans le cadre de leurs missions,\n\uf0b7 convois exceptionnels munis d'une autorisation pr\u00e9alable ou d'un r\u00e9c\u00e9piss\u00e9 de d\u00e9claration  \npr\u00e9alable,\n\uf0b7 v\u00e9hicules  automoteur  sp\u00e9cialis\u00e9s  (VASP)  de  cat\u00e9gorie  N1,  N2,  N3  suivants  :  bennes  \u00e0 \nordures  m\u00e9nag\u00e8res  (BOM),  d\u00e9pannage  (DEPANNAG),  fourgon  blind\u00e9  (FG  BLIND),  incendie \n(INCENDIE), sanitaire (SANITAIRE), voirie (VOIRIE),\n\uf0b7 camionnettes (CTTE) de cat\u00e9gorie N1 et camions (CAM) de cat\u00e9gorie N2 et N3 suivants :  \nfrigorifiques (FG TD),\n\uf0b7 voitures particuli\u00e8res transportant trois personnes au moins,\n\uf0b7 v\u00e9hicules des salari\u00e9s dont les heures de prise et de fin de service ne sont pas couvertes par le \nfonctionnement des transports en commun (sous r\u00e9serve d'une attestation journali\u00e8re sign\u00e9e  \nde l'employeur indiquant les horaires d\u00e9cal\u00e9es),\n\uf0b7 v\u00e9hicules des professions m\u00e9dicales, param\u00e9dicales et v\u00e9t\u00e9rinaires, dans le cadre de leurs  \nmissions,\n\uf0b7 fourgons fun\u00e9raires (VASP de cat\u00e9gorie M1 \"FG FUNER\"),\n\uf0b7 camions (CAM) de cat\u00e9gorie N2 et N3 suivants : citerne (CIT ou CARB),\n\uf0b7 v\u00e9hicules effectuant des livraisons de denr\u00e9es p\u00e9rissables, \n\uf0b7 v\u00e9hicules des agents d'exploitation de la SNCF,\n\uf0b7 voitures de tourisme avec chauffeur et taxis,\n\uf0b7 v\u00e9hicules postaux.\n2) Abaissement de la vitesse\n69_Pr\u00e9f_Pr\u00e9fecture du Rh\u00f4ne - 69-2026-01-03-00001 - Arr\u00eate pr\u00e9fectoral abrogeant les  mesures d'urgence socles prises dans le cadre\nde l'\u00e9pisode de pollution atmosph\u00e9rique d\u00e9but\u00e9 le 02/12/2025\t 31\nUn abaissement temporaire de la vitesse de 20 \u00a0km/h est instaur\u00e9  sur tous les axes routiers du  \nd\u00e9partement o\u00f9 la vitesse limite autoris\u00e9e est normalement sup \u00e9rieure ou \u00e9gale \u00e0 90 \u00a0km/h, pour  \ntous les v\u00e9hicules \u00e0 moteur. Sur les voies \u00e0 double sens, non-s\u00e9par\u00e9es par un terre-plein central, et  \ndont la vitesse est limit\u00e9e \u00e0 80\u00a0km/h, la vitesse sera abaiss\u00e9e de 10\u00a0km/h.\n3) Comp\u00e9titions m\u00e9caniques\nDans tout le d\u00e9partement, les comp\u00e9titions m\u00e9caniques sont interdites.\nMesures relatives au secteur agricole\n\u2022 La pratique de l'\u00e9cobuage est interdite sur l'ensemble du d\u00e9partement. Les \u00e9ventuelles  \nd\u00e9rogations sont suspendues\u00a0;\n\u2022 Le  br\u00fblage  des  sous-produits  agricoles  et  forestiers  est  interdit  sur  l'ensemble  du \nd\u00e9partement. Les \u00e9ventuelles d\u00e9rogations sont suspendues.\n    Mesures relatives au secteur industriel\nToute activit\u00e9\n\u2022 Les exploitants proc\u00e8dent \u00e0 une sensibilisation du personnel et observent une vigilance  \naccrue sur le fonctionnement des installations (param\u00e8tres de fonctionnement, stabilisation \ndes charges, bon fonctionnement des syst\u00e8mes de traitement, etc.) et sur l'application des  \nbonnes pratiques\u00a0;\n\u2022 Toute unit\u00e9 de production \u00e9quip\u00e9e de syst\u00e8mes de d\u00e9pollution renforc\u00e9s doit en activer le  \nfonctionnement pendant la dur\u00e9e de l'\u00e9pisode de pollution\u00a0;\n\u2022 Tout \u00e9tablissement \u00e9metteur de particules fines, d'oxydes d'azote (NOx), ou de compos\u00e9s  \norganiques  volatils  (COV)  doit  modifier  son  activit\u00e9  et  mettre  en  \u0153uvre  toute  mesure \nappropri\u00e9e pour r\u00e9duire ses \u00e9missions. Ainsi, les op\u00e9rations \u00e9mettrices de COV doivent \u00eatre  \nreport\u00e9es  \u00e0  la  fin  de  l'\u00e9pisode\u00a0:  travaux  de  maintenance,  d\u00e9gazage  d'une  installation, \nchargement ou d\u00e9chargement de produits \u00e9mettant des compos\u00e9s organiques volatils en  \nl'absence de dispositif de r\u00e9cup\u00e9ration des vapeurs, etc. De m\u00eame les op\u00e9rations \u00e9mettrices \nde  particules  ou  d'oxydes  d'azote  (manipulation  des  d\u00e9chets,  broyage,  transfert  de \nmat\u00e9riaux, etc.) en l'absence de dispositif de traitement ad\u00e9quat doivent \u00eatre report\u00e9es \u00e0 la \nfin de l'\u00e9pisode\u00a0;\n\u2022 L'utilisation  de  groupes  \u00e9lectrog\u00e8nes,  pendant  la  dur\u00e9e  de  l'\u00e9pisode  de  pollution,  n'est \nautoris\u00e9e que pour satisfaire l'alimentation \u00e9lectrique d'int\u00e9r\u00eats essentiels, notamment de  \ns\u00e9curit\u00e9\u00a0;\n69_Pr\u00e9f_Pr\u00e9fecture du Rh\u00f4ne - 69-2026-01-03-00001 - Arr\u00eate pr\u00e9fectoral abrogeant les  mesures d'urgence socles prises dans le cadre\nde l'\u00e9pisode de pollution atmosph\u00e9rique d\u00e9but\u00e9 le 02/12/2025\t 32\n\u2022 Tout \u00e9tablissement \u00e9quip\u00e9 d'installation de combustion pouvant fonctionner avec plusieurs \ntypes de combustible devra utiliser le combustible le moins \u00e9missif\u00a0;\n\u2022 L'usage  des  engins  de  manutentions  thermiques  devra  \u00eatre  limit\u00e9  au  profit  des  engins \n\u00e9lectriques pour les \u00e9tablissements \u00e9quip\u00e9s des deux types d'engin.\nGros \u00e9metteurs ICPE  \u00a0  :  \n\u2022 Les prescriptions particuli\u00e8res pr\u00e9vues dans les autorisations d'exploitation des ICPE en cas  \nd'alerte \u00e0 la pollution de niveau 1 sont activ\u00e9e s, dans les conditions pr\u00e9vues par lesdites  \nautorisations, par les exploitants concern\u00e9s.\nMesures relatives au secteur des chantiers BTP et carri\u00e8res\n\u2022 Tout entreprise dont l'activit\u00e9 sur les chantiers est g\u00e9n\u00e9ratrice de poussi\u00e8res doit la r\u00e9duire.  \nLe maintien de l'activit\u00e9 est  conditionn\u00e9 \u00e0 la mise en place de mesures compensatoires  \nefficaces (arrosage, etc.)\u00a0;\n\u2022 L'usage  des  engins  de  manutentions  thermiques  devra  \u00eatre  limit\u00e9  au  profit  des  engins \n\u00e9lectriques pour les \u00e9tablissements \u00e9quip\u00e9s des deux types d'engin\u00a0;\n\u2022 L'utilisation  de  groupes  \u00e9lectrog\u00e8nes,  pendant  la  dur\u00e9e  de  l'\u00e9pisode  de  pollution,  n'est \nautoris\u00e9e que pour satisfaire l'alimentation \u00e9lectrique d'int\u00e9r\u00eats essentiels, notamment de  \ns\u00e9curit\u00e9.\n      Mesures relatives au secteur r\u00e9sidentiel\n\u2022 L'utilisation du bois et de ses d\u00e9riv\u00e9s comme chauffage individuel d'appoint ou d'agr\u00e9ment  \nest interdit\u00a0; les \u00e9ventuelles d\u00e9rogations sont suspendues\u00a0;\n\u2022 La pratique du br\u00fblage des d\u00e9chets est totalement interdite \u00a0: les \u00e9ventuelles d\u00e9rogations  \nsont suspendues\u00a0;\n\u2022 La temp\u00e9rature de chauffage des b\u00e2timents doit \u00eatre ma\u00eetris\u00e9e et r\u00e9duite, en moyenne  \nvolumique, \u00e0 18\u00b0C\u00a0;\n\u2022 Les travaux d'entretien ou de nettoyage avec des outils non \u00e9lectriques ou avec des produits \n\u00e0 base de solvants organiques (white-spirit, peinture, vernis) doivent \u00eatre report\u00e9s \u00e0 la fin de  \nl'\u00e9pisode de pollution. La mesure s'applique dans les espaces verts et jardins publics, mais  \n\u00e9galement dans les lieux priv\u00e9s.\n69_Pr\u00e9f_Pr\u00e9fecture du Rh\u00f4ne - 69-2026-01-03-00001 - Arr\u00eate pr\u00e9fectoral abrogeant les  mesures d'urgence socles prises dans le cadre\nde l'\u00e9pisode de pollution atmosph\u00e9rique d\u00e9but\u00e9 le 02/12/2025\t 33\nMesures relatives aux spectacles pyrotechniques\nLes feux d'artifice sont interdits.\n \n                  Mesures d'accompagnement\nEn application de l'article L. 223-2 du code de l'environnement, durant la p\u00e9riode d'application des  \nmesures  d'interdiction  de  la  circulation  de  certaines  cat\u00e9gories  de  voitures  particuli\u00e8res,  les \nautorit\u00e9s organisatrices de transport concern\u00e9es assurent l'acc\u00e8s aux r\u00e9seaux de transport en public \nen commun de voyageurs par toute mesure tarifaire incitative.\nLa Pr\u00e9f\u00e8te peut recommander aux collectivit\u00e9s territoriales et groupements comp\u00e9tents, \naux autorit\u00e9s organisatrices de la mobilit\u00e9 ainsi qu'aux entreprises concern\u00e9es, la mise en \n\u0153uvre de toute action visant \u00e0 limiter les \u00e9missions li\u00e9es aux transports : r\u00e9duire les \nd\u00e9placements non indispensables, privil\u00e9gier le  covoiturage, les  v\u00e9hicules utilitaires \n\u00e9lectriques ou les v\u00e9hicules les moins polluants, mettre en place des tarifs avantageux en \nmati\u00e8re de stationnement r\u00e9sidentiel, adapter les horaires de travail, utiliser les parking-relais \naux entr\u00e9es d'agglom\u00e9ration, d\u00e9velopper des mesures incitatives pour l'utilisation des moyens \nde transport tels que la bicyclette ou l'autopartage, etc.\nRenforcement des contr\u00f4les\nLa pr\u00e9f\u00e8te fait proc\u00e9der au renforcement\u00a0:\n\u2022 des contr\u00f4les du respect des vitesses r\u00e9glementaires sur la voie publique par les forces de  \npolice et de gendarmerie\u00a0;\n\u2022 des  contr\u00f4les  antipollution  des  v\u00e9hicules  circulant  sur  la  voie  publique  par  les  services \nconcern\u00e9s\u00a0;\n\u2022 de la v\u00e9rification des contr\u00f4les techniques obligatoires des v\u00e9hicules circulant sur la voie  \npublique par les forces de police et de gendarmerie\u00a0;\n\u2022 des contr\u00f4les de pr\u00e9sence de mat\u00e9riels de d\u00e9bridage sur les cyclomoteurs\u00a0;\n\u2022 des contr\u00f4les du respect des prescriptions des ICPE\u00a0;\n\u2022 des contr\u00f4les du respect des interdictions de br\u00fblage de d\u00e9chets\u00a0;\n\u2022 des contr\u00f4les des mesures concernant les industries non ICPE et les activit\u00e9s de chantier ou  \nagricoles.\n69_Pr\u00e9f_Pr\u00e9fecture du Rh\u00f4ne - 69-2026-01-03-00001 - Arr\u00eate pr\u00e9fectoral abrogeant les  mesures d'urgence socles prises dans le cadre\nde l'\u00e9pisode de pollution atmosph\u00e9rique d\u00e9but\u00e9 le 02/12/2025\t 34\n69_Pr\u00e9f_Pr\u00e9fecture du Rh\u00f4ne - 69-2026-01-03-00001 - Arr\u00eate pr\u00e9fectoral abrogeant les  mesures d'urgence socles prises dans le cadre\nde l'\u00e9pisode de pollution atmosph\u00e9rique d\u00e9but\u00e9 le 02/12/2025\t 35\nna Bassin d'air Lyonnais/ Nord-ls\u00e9reLibert\u00e9Fe concern\u00e9 par l'\u00e9pisode de pollution dans le Rh\u00f4neDirection d\u00e9partementalePAPE | L\u00e9gende\u00a9 Bassin Lyonnais / Nord-Is\u00e8reLimites administrativest I D\u00e9partementLA C1 EPCI\u00e0 fiscalit\u00e9 proprePA C4 Commune\nBully iT Arbre ey\nugneray ResBri\nlifriePierre \u00c0 \u00e0Se. SatofasMeysimyl ae onost Chamagnieu\nFry \\St-PRW\u00a5re-de-ChandieuOhaponnay javier 4-d'AD\u00c9RLMarernks tainey\nPant. - t (3 Chara tan,PS\" ISERE (usersSEP | evo de Mai\u00e9Dy = { <D\u00e9tot\u00ffbe. &Foyas \u00e0PART = i. ey\u00a9LOIRE 0 5 10 km_\u2014\u2014\u2014\u2014\u2014\u2014=\nSources : DREAL AURA . ZINN \u00c0 f> Fond de carte : BDTOPO \u00a9 - 2020, SCAN R\u00e9g \u00a9 2016, \u00a9 IGN reba (BAis Ba \u00e0 ; DDT du RhoEdit\u00e9e le : 02/04/2021 g DDiffusion : libre\nAnnexe 2 - Carte des communes appartenant au Bassin Lyonnais Nord Is\u00e8re\n69_Pr\u00e9f_Pr\u00e9fecture du Rh\u00f4ne - 69-2026-01-03-00001 - Arr\u00eate pr\u00e9fectoral abrogeant les  mesures d'urgence socles prises dans le cadre\nde l'\u00e9pisode de pollution atmosph\u00e9rique d\u00e9but\u00e9 le 02/12/2025\t 36\nER P\u00e9rim\u00e8tre de la ZFE (Zone \u00e0 Faibles Emissions}\nau p\u00e9rim\u00e8tre ZFE au 1 janvier 2024pour les v\u00e9hicules des particuliers et des professionnelsems Voices rapides int\u00e9gr\u00e9es\nAnnexe 3 - P\u00e9rim\u00e8tre d'application des restrictions de circulation dans \n       l'agglom\u00e9ration lyonnaise\n69_Pr\u00e9f_Pr\u00e9fecture du Rh\u00f4ne - 69-2026-01-03-00001 - Arr\u00eate pr\u00e9fectoral abrogeant les  mesures d'urgence socles prises dans le cadre\nde l'\u00e9pisode de pollution atmosph\u00e9rique d\u00e9but\u00e9 le 02/12/2025\t 37\n84_EMIZSE_Etat major interminist\u00e9riel de zone\nSud-Est\n69-2026-01-05-00001\nArr\u00eat\u00e9 portant r\u00e9glementation exceptionnelle de\nla circulation sur le r\u00e9seau routier\n84_EMIZSE_Etat major interminist\u00e9riel de zone Sud-Est - 69-2026-01-05-00001 - Arr\u00eat\u00e9 portant r\u00e9glementation exceptionnelle de la\ncirculation sur le r\u00e9seau routier 38\n||PREFETEDE LA ZONEDE DEFENSE |ET DE SECURITESUD-ESTLibert\u00e9Egalit\u00e9Fraternit\u00e9\n\u00c9tat-Major Interminist\u00e9riel de zone\nde d\u00e9fense et de s\u00e9curit\u00e9 Sud-Est\nARR\u00caT\u00c9 du 5 janvier 2026 n\u00b0\nportant r\u00e9glementation exceptionnelle de la circulation\nsur le r\u00e9seau routier\nLa Pr\u00e9f\u00e8te de la R\u00e9gion Auvergne-Rh\u00f4ne-Alpes,\nPr\u00e9f\u00e8te de la Zone de d\u00e9fense et de s\u00e9curit\u00e9 sud-est,\nPr\u00e9f\u00e8te du Rh\u00f4ne,\nCommandeur de la L\u00e9gion d'honneur,\nCommandeur de l'ordre national du M\u00e9rite,\nVu le Code de la d\u00e9fense ;\nVu le Code de la s\u00e9curit\u00e9 int\u00e9rieure et notamment ses articles R.122-1 et R.122-8 ;\nVu le Code g\u00e9n\u00e9ral des collectivit\u00e9s territoriales ;\nVu le Code de la route, notamment les articles R. 311-1 et R. 411-18 ;\nVu la loi n\u00b0 2004-811 du 13 ao\u00fbt 2004 relatif \u00e0 la modernisation de la s\u00e9curit\u00e9 civile ;\nVu  le d\u00e9cret du 11 janvier 2023 nommant Mme Fabienne BUCCIO, pr\u00e9f\u00e8te de la r\u00e9gion\nAuvergne-Rh\u00f4ne-Alpes, pr\u00e9f\u00e8te de la zone de d\u00e9fense et de s\u00e9curit\u00e9 Sud-Est, pr\u00e9f\u00e8te du\nRh\u00f4ne ;\nVu le d\u00e9cret du 6 novembre 2024 nommant M. Antoine GUERIN, pr\u00e9fet d\u00e9l\u00e9gu\u00e9 pour la\nd\u00e9fense et la s\u00e9curit\u00e9 aupr\u00e8s du pr\u00e9fet de la zone de d\u00e9fense et de s\u00e9curit\u00e9 Sud-Est ;\nVu l'arr\u00eat\u00e9 minist\u00e9riel du 16 avril 2021, relatif \u00e0 l'interdiction de circulation des v\u00e9hicules de\ntransport de marchandises \u00e0 certaines p\u00e9riodes ;\nVu l'arr\u00eat\u00e9 interminist\u00e9riel du 24 novembre 1967 modifi\u00e9 relatif \u00e0 la signalisation des routes\net autoroutes ;\nVu la circulaire des ministres charg\u00e9s de l'Int\u00e9rieur et des Transports du 28 novembre 2011\nrelative \u00e0 la gestion de la circulation routi\u00e8re, pr\u00e9paration et gestion des situations de crise\nrouti\u00e8re ;\n84_EMIZSE_Etat major interminist\u00e9riel de zone Sud-Est - 69-2026-01-05-00001 - Arr\u00eat\u00e9 portant r\u00e9glementation exceptionnelle de la\ncirculation sur le r\u00e9seau routier 39\nConsid\u00e9rant qu'il importe d'assurer la s\u00e9curit\u00e9 des usagers du r\u00e9seau routier, en particulier\nsur le r\u00e9seau structurant de la zone de d\u00e9fense Sud-Est ;\nConsid\u00e9rant les  appels  \u00e0  blocages  de  la  circulation  routi\u00e8re  \u00e9mis  par  certaines\norganisations agricoles, notamment en r\u00e9gion Auvergne-Rh\u00f4ne-Alpes ;\nConsid\u00e9rant la dangerosit\u00e9 que repr\u00e9sente pour les usagers de la route la constitution de\nconvois d'engins agricoles ;\nConsid\u00e9rant  la  n\u00e9cessit\u00e9  de  pr\u00e9server  l'activit\u00e9  \u00e9conomique  et  notamment  les\napprovisionnements  en  denr\u00e9es  alimentaires  et  produits  d'hygi\u00e8ne  ainsi  qu'en\nmarchandises n\u00e9cessaires aux activit\u00e9s \u00e9conomiques ;\nConsid\u00e9rant  les  risques  de  troubles  \u00e0  la  circulation,  \u00e0  l'ordre  public  et  \u00e0  l'activit\u00e9\n\u00e9conomique susceptibles d'\u00eatre occasionn\u00e9s par de tels blocages,\nARR\u00caTE\nArticle 1 :\nLa circulation de poids lourds transportant des tracteurs ou engins agricoles (cat\u00e9gories T,\nC et S) est interdite, hors motif l\u00e9gitime li\u00e9s \u00e0 des travaux agricoles et \u00e0 la desserte locale,\njusqu'au 8 janvier 2026 \u00e0 24h00, sur le r\u00e9seau routier de l'ensemble des d\u00e9partements de la\nzone de d\u00e9fense et de s\u00e9curit\u00e9 Sud-Est.\nArticle 2 :\nLa circulation des tracteurs et engins agricoles (cat\u00e9gories T, C et S) est interdite hors motif\nl\u00e9gitime li\u00e9 \u00e0 des travaux agricoles et \u00e0 la desserte locale,  jusqu'au 8 janvier 2026 \u00e0 24h00,\nsur le territoire de l'ensemble des d\u00e9partements de la zone de d\u00e9fense et de s\u00e9curit\u00e9 Sud-\nEst.\nArticle 3 :\nLes dispositions du pr\u00e9sent arr\u00eat\u00e9 prennent effet imm\u00e9diatement.\nArticle 4 :\nToute  infraction  aux  dispositions  du  pr\u00e9sent  arr\u00eat\u00e9  sera  constat\u00e9e  et  poursuivie\nconform\u00e9ment aux lois et r\u00e8glements en vigueur.\nArticle 5 :\nSont charg\u00e9s, chacun en ce qui les concerne, de l'ex\u00e9cution du pr\u00e9sent arr\u00eat\u00e9 :\n- les pr\u00e9fets des d\u00e9partements de la zone de d\u00e9fense Sud-Est ;\n- les directeurs d\u00e9partementaux des territoires ;\n- les directeurs interd\u00e9partementaux et d\u00e9partementaux de la Police Nationale de la\nzone de d\u00e9fense et de s\u00e9curit\u00e9 Sud-Est ;\n- les commandants des groupements d\u00e9partementaux de gendarmerie ;\n- les  directeurs  des  directions  interd\u00e9partementales  des  routes,  des  soci\u00e9t\u00e9s\nconcessionnaires d'autoroute de la zone de d\u00e9fense et de s\u00e9curit\u00e9 Sud-Est .\n84_EMIZSE_Etat major interminist\u00e9riel de zone Sud-Est - 69-2026-01-05-00001 - Arr\u00eat\u00e9 portant r\u00e9glementation exceptionnelle de la\ncirculation sur le r\u00e9seau routier 40\nArticle 6 :\nLe pr\u00e9sent arr\u00eat\u00e9 sera publi\u00e9 au recueil des actes administratifs de l'\u00c9tat et copie en sera\nadress\u00e9e aux pr\u00e9fectures de d\u00e9partements et exploitants du r\u00e9seau routier concern\u00e9s en\nzone Sud-Est ainsi qu'aux pr\u00e9fectures des zones de d\u00e9fense et de s\u00e9curit\u00e9 limitrophes.\nArticle 7 :\nLe  pr\u00e9sent  arr\u00eat\u00e9  peut  faire  l'objet  d'un  recours  contentieux  devant  le  tribunal\nadministratif  de  Lyon  dans  les  deux  mois  suivant  sa  publication  au  recueil  des  actes\nadministratifs par l'application informatique T\u00e9l\u00e9recours Citoyens accessible par le site\ninternet www.telerecours.fr.\nFait \u00e0 Lyon, le 5 janvier 2026\nSign\u00e9 par Fabienne BUCCIO,\nPr\u00e9f\u00e8te de la zone de d\u00e9fense et \nde s\u00e9curit\u00e9 Sud-Est,\npr\u00e9f\u00e8te de la r\u00e9gion Auvergne-Rh\u00f4ne-Alpes,\npr\u00e9f\u00e8te du Rh\u00f4ne,\n84_EMIZSE_Etat major interminist\u00e9riel de zone Sud-Est - 69-2026-01-05-00001 - Arr\u00eat\u00e9 portant r\u00e9glementation exceptionnelle de la\ncirculation sur le r\u00e9seau routier 41\n84_EMIZSE_Etat major interminist\u00e9riel de zone Sud-Est - 69-2026-01-05-00001 - Arr\u00eat\u00e9 portant r\u00e9glementation exceptionnelle de la\ncirculation sur le r\u00e9seau routier 42\n84_EMIZSE_Etat major interminist\u00e9riel de zone Sud-Est - 69-2026-01-05-00001 - Arr\u00eat\u00e9 portant r\u00e9glementation exceptionnelle de la\ncirculation sur le r\u00e9seau routier 43","date":"2026-01-05","first_seen_on":"2026-01-05T15:47:36+00:00","id":"bc38820194992b44cb9c1b165e49ee02dc4ab6ef5c87b86024c4d2e0f0a4bf1e","name":"RAA_69-2026-003-050126","pdf_creation_date":"2026-01-05T15:22:47+00:00","pdf_modification_date":"2026-01-05T15:23:32+00:00","timezone":"Europe/Paris","url":"https://www.rhone.gouv.fr/contenu/telechargement/66747/449412/file/RAA_69-2026-003-050126.pdf"}
