{"administration":"pref03","administration_name":"Pr\u00e9fecture de l\u2019Allier","content":"ALLIER\nRECUEIL DES ACTES\nADMINISTRATIFS\nN\u00b003-2026-003\nPUBLI\u00c9 LE  5 JANVIER 2026\nSommaire\n03_DDT_Direction D\u00e9partementale des Territoires de l'Allier /\nSecr\u00e9tariat de Direction\n03-2025-11-28-00001 - Extrait de l'arr\u00eat\u00e9 n\u00b0 2614bis/2025 du 28\nnovembre 2025 accordant la m\u00e9daille d'honneur agricole au titre de\nla promotion du 1er janvier 2026 (1 page) Page 3\n03_Pr\u00e9f_Pr\u00e9fecture de l'Allier / Sous-Pr\u00e9fecture de Montlu\u00e7on\n03-2025-12-04-00001 - Extrait de l'arr\u00eat\u00e9 n\u00b02651 du 4 d\u00e9cembre 2025\nportant modification des statuts du SIESS du coll\u00e8ge de C\u00e9rilly (1 page) Page 5\n03_UDDIRECCTE_Unit\u00e9 d\u00e9partementale de la Direction r\u00e9gionale des\nentreprises, de la concurrence, de la consommation, du travail et de l'emploi\nde l'Allier /\n03-2025-12-10-00010 - D\u00e9cl BETTIOL Matthieu (2 pages) Page 7\n03-2025-12-03-00002 - D\u00e9cl DESCRIAUD Isabelle (2 pages) Page 10\n03-2025-12-03-00003 - D\u00e9cl DEVEAUX Christophe (2 pages) Page 13\n03-2025-12-10-00009 - D\u00e9cl GIMENES Antonio (2 pages) Page 16\n03-2025-12-10-00008 - D\u00e9cl LEMAITRE Elodie (2 pages) Page 19\n03-2025-12-22-00004 - D\u00e9cl STEPHAN Ga\u00ebtan (2 pages) Page 22\nDirection Centre Est /\n03-2025-12-05-00001 - 2025-N145-GUE-23&03-24 portant r\u00e9glementation\ntemporaire de la circulation sur la RN 145 pour r\u00e9aliser des travaux de\npose de barri\u00e8res sur bretelles d'\u00e9changeurs sur le territoire des\ncommunes de Lamaids, Quinssaines, Pr\u00e9milhat et Dom\u00e9rat (6 pages) Page 25\n2\n03_DDT_Direction D\u00e9partementale des\nTerritoires de l'Allier\n03-2025-11-28-00001\nExtrait de l'arr\u00eat\u00e9 n\u00b0 2614bis/2025 du 28\nnovembre 2025 accordant la m\u00e9daille d'honneur\nagricole au titre de la promotion du 1er janvier\n2026\n03_DDT_Direction D\u00e9partementale des Territoires de l'Allier - 03-2025-11-28-00001 - Extrait de l'arr\u00eat\u00e9 n\u00b0 2614bis/2025 du 28\nnovembre 2025 accordant la m\u00e9daille d'honneur agricole au titre de la promotion du 1er janvier 2026 3\nDIRECTION D\u00c9PARTEMENTALE DES TERRITOIRES DE L'ALLIER\nService \u00e9conomie agricole\nExtrait de l'arr\u00eat\u00e9 n\u00b0 2614bis/2025 du 28 novembre 2025 accordant la m\u00e9daille d'honneur agricole au titre de la  \npromotion du 1er janvier 2026\nArticle 1er\u00a0:\u00a0la\u00a0m\u00e9daille\u00a0d'honneur\u00a0agricole\u00a0\u00e9chelon\u00a0Argent\u00a0est\u00a0d\u00e9cern\u00e9e\u00a0\u00e0\u00a0:\nCR\u00c9DIT AGRICOLE CENTRE FRANCE\u00a0:\nMadame\u00a0Laure\u00a0COMPIGNE\u00a0\u2013\u00a0employ\u00e9e\u00a0de\u00a0banque\u00a0\u2013\u00a0demeurant\u00a003410\u00a0SAINT-VICTOR,\nMadame\u00a0Muriel\u00a0CUSSAC\u00a0\u2013\u00a0employ\u00e9e\u00a0de\u00a0banque\u00a0\u2013\u00a0demeurant\u00a003200\u00a0VICHY,\nMadame\u00a0Aur\u00e9lie\u00a0WILTGEN\u00a0n\u00e9e\u00a0JONDOT\u00a0\u2013\u00a0employ\u00e9e\u00a0de\u00a0banque\u00a0\u2013\u00a0demeurant\u00a003290\u00a0DOMPIERRE-SUR-\nBESBRE,\nMonsieur\u00a0Fr\u00e9d\u00e9ric\u00a0NICO\u00a0\u2013\u00a0conseiller\u00a0particulier\u00a0\u2013\u00a0demeurant\u00a003270\u00a0SAINT-YORRE,\nMadame\u00a0St\u00e9phanie\u00a0PORTE\u00a0\u2013\u00a0conseill\u00e8re\u00a0agriculture\u00a0\u2013\u00a0demeurant\u00a003800\u00a0CHARMES.\nArticle 2\u00a0:\u00a0la\u00a0m\u00e9daille\u00a0d'honneur\u00a0agricole\u00a0\u00e9chelon\u00a0Gand\u00a0Or\u00a0est\u00a0d\u00e9cern\u00e9e\u00a0\u00e0\u00a0:\u00a0\nCR\u00c9DIT AGRICOLE CENTRE FRANCE\u00a0:\nMadame\u00a0Nathalie\u00a0BERGERAT\u00a0n\u00e9e\u00a0BERTHEMIER\u00a0\u2013\u00a0employ\u00e9e\u00a0de\u00a0banque\u00a0\u2013\u00a0demeurant\u00a003100\u00a0LAVAULT-\nSAINT-ANNE,\nMadame\u00a0Isabelle\u00a0BOUDET\u00a0n\u00e9e\u00a0BESSON\u00a0\u2013\u00a0technicien\u00a0contentieux\u00a0\u2013\u00a0demeurant\u00a003400\u00a0YZEURE,\nMadame\u00a0Sophie\u00a0HARLAY\u00a0n\u00e9e\u00a0BASSINI\u00a0\u2013\u00a0employ\u00e9e\u00a0de\u00a0banque\u00a0\u2013\u00a0demeurant\u00a003150\u00a0SAINT-LOUP,\nMonsieur\u00a0Lionel\u00a0LEDET\u00a0\u2013\u00a0dadre\u00a0bancaire-\u00a0demeurant\u00a003300\u00a0CREUZIER-LE-VIEUX,\nMadame\u00a0Evelyne\u00a0PEYRAT\u00a0n\u00e9e\u00a0MAUDHUIZON\u00a0\u2013\u00a0demeurant\u00a003400\u00a0YZEURE,\nMonsieur\u00a0Philippe\u00a0RAVEAU\u00a0\u2013\u00a0employ\u00e9\u00a0de\u00a0baque\u00a0\u2013\u00a0demeurant\u00a003190\u00a0VALLON-EN-SULLY,\nMadame\u00a0Marie-Pierre\u00a0SUGIER\u00a0n\u00e9e\u00a0LAVIGNE\u00a0\u2013\u00a0employ\u00e9e\u00a0de\u00a0banque\u00a0\u2013\u00a0demeurant\u00a003110\u00a0VILLEBRET.\nArticle 3 : Le\u00a0secr\u00e9taire\u00a0g\u00e9n\u00e9ral\u00a0de\u00a0la\u00a0Pr\u00e9fecture\u00a0et\u00a0le\u00a0directeur\u00a0d\u00e9partemental\u00a0des\u00a0territoires\u00a0de\u00a0l'Allier,\u00a0sont\u00a0\ncharg\u00e9s,\u00a0chacun\u00a0en\u00a0ce\u00a0qui\u00a0les\u00a0concerne,\u00a0de\u00a0l'ex\u00e9cution\u00a0du\u00a0pr\u00e9sent\u00a0arr\u00eat\u00e9\u00a0qui\u00a0sera\u00a0publi\u00e9\u00a0au\u00a0recueil\u00a0des\u00a0actes\u00a0\nadministratifs\u00a0de\u00a0la\u00a0pr\u00e9fecture\u00a0de\u00a0l'Allier.\nPr\u00e9fecture de l'Allier\n2 rue Michel de l'Hospital\nCS 31649 - 03016 MOULINS Cedex\nT\u00e9l. 04 70 48 30 00 \nwww.allier.gouv.fr\nMoulins,\u00a0le\u00a028/11/2025\nPour\u00a0le\u00a0pr\u00e9fet\u00a0et\u00a0par\u00a0d\u00e9l\u00e9gation\nSign\u00e9\nLe\u00a0Secr\u00e9taire\u00a0G\u00e9n\u00e9ral\nOlivier\u00a0MAUREL\n03_DDT_Direction D\u00e9partementale des Territoires de l'Allier - 03-2025-11-28-00001 - Extrait de l'arr\u00eat\u00e9 n\u00b0 2614bis/2025 du 28\nnovembre 2025 accordant la m\u00e9daille d'honneur agricole au titre de la promotion du 1er janvier 2026 4\n03_Pr\u00e9f_Pr\u00e9fecture de l'Allier\n03-2025-12-04-00001\nExtrait de l'arr\u00eat\u00e9 n\u00b02651 du 4 d\u00e9cembre 2025\nportant modification des statuts du SIESS du\ncoll\u00e8ge de C\u00e9rilly\n03_Pr\u00e9f_Pr\u00e9fecture de l'Allier - 03-2025-12-04-00001 - Extrait de l'arr\u00eat\u00e9 n\u00b02651 du 4 d\u00e9cembre 2025 portant modification des statuts\ndu SIESS du coll\u00e8ge de C\u00e9rilly 5\nExtrait de l'arr\u00eat\u00e9 pr\u00e9fectoral n\u00b02651 du 4 d\u00e9cembre 2025 portant modification des statuts du\nSIESS du coll\u00e8ge de C\u00e9rilly.\nArticle  1 :  1)  La  d\u00e9nomination  du  SIESS  est  d\u00e9sormais  \"Syndicat  intercommunal\nd'\u00e9quipement scolaire et sportif du coll\u00e8ge Fran\u00e7ois P\u00e9ron de C\u00e9rilly\".\n2) L'article 2 des statuts est d\u00e9sormais ainsi r\u00e9dig\u00e9 : \n\" Il a pour objet : \n- le d\u00e9veloppement et la mise en oeuvre de projets d'animation en direction\ndes jeunes ; la mise en place des moyens n\u00e9cessaires \u00e0 leur gestion \n- le fonctionnement de l'\u00e9cole de musique (fournitures diverses, r\u00e9parations,\nindemnit\u00e9s  des  intervenants  musicaux,  salaire  du  personnel,  factures\ndiverses) \".\n3) L'article 6 des statuts est d\u00e9sormais ainsi r\u00e9dig\u00e9 : \n\" Il est administr\u00e9 par un comit\u00e9 compos\u00e9 de deux d\u00e9l\u00e9gu\u00e9s de chaque\ncommune  membre,  d\u00e9sign\u00e9s  conform\u00e9ment  \u00e0  l'article  L.5212-7  du  code\ng\u00e9n\u00e9ral des collectivit\u00e9s territoriales.\nLe comit\u00e9 \u00e9lit un bureau, o\u00f9 chaque commune est repr\u00e9sent\u00e9e, compos\u00e9\nd'un pr\u00e9sident, d'un ou plusieurs vice-pr\u00e9sidents, d'un secr\u00e9taire et de cinq\nmembres.\nLe  comit\u00e9  donnera  d\u00e9l\u00e9gation  au  bureau  pour  le  r\u00e8glement  de  certaines\naffaires nomm\u00e9ment d\u00e9sign\u00e9es par d\u00e9lib\u00e9ration.\"\n4) L'article 9 des statuts est d\u00e9sormais ainsi r\u00e9dig\u00e9 :\n\" Le budget du syndicat pourvoir aux d\u00e9penses n\u00e9cessit\u00e9es par la r\u00e9alisation\nde l'objet d\u00e9fini \u00e0 l'article 2 des pr\u00e9sents statuts.\nLes recettes du budget comprennent notamment :\n- la contribution des communes membres,\n- les subventions de toute nature et origine,\n- les revenus des biens meubles et immeubles,\n- les redevances pour services rendus,\n- le produit de l'allocation scolaire,\n- la participation des communes non membres du syndicat,\n- les dons,\n- les legs.\"\nMontlu\u00e7on, le 4 d\u00e9cembre 2025\n          \nLe sous-pr\u00e9fet de Montlu\u00e7on\n        Laurent ALATON\n03_Pr\u00e9f_Pr\u00e9fecture de l'Allier - 03-2025-12-04-00001 - Extrait de l'arr\u00eat\u00e9 n\u00b02651 du 4 d\u00e9cembre 2025 portant modification des statuts\ndu SIESS du coll\u00e8ge de C\u00e9rilly 6\n03_UDDIRECCTE_Unit\u00e9 d\u00e9partementale de la\nDirection r\u00e9gionale des entreprises, de la\nconcurrence, de la consommation, du travail et\nde l'emploi de l'Allier\n03-2025-12-10-00010\nD\u00e9cl BETTIOL Matthieu\n03_UDDIRECCTE_Unit\u00e9 d\u00e9partementale de la Direction r\u00e9gionale des entreprises, de la concurrence, de la consommation, du travail\net de l'emploi de l'Allier - 03-2025-12-10-00010 - D\u00e9cl BETTIOL Matthieu 7\nEE =Libert\u00e9 \u00ab \u00c9galit\u00e9 + Fraternit\u00e9R\u00c9PUBLIQUE FRAN\u00c7AISEPR\u00c9FET DE L'ALLIERDIRECTION DEPARTEMENTALE DE L'EMPLOI,DU TRAVAIL, DES SOLIDARITES ETDE LA PROTECTION DES POPULATIONS20 rue Aristide Briand \u2014 CS 6004203402 Yzeure CedexR\u00e9c\u00e9piss\u00e9 de d\u00e9clarationd'un organisme de services \u00e0 la personneenregistr\u00e9 sous le N\u00b0 SAP 817906209Vu le code du travail et notamment les articles L.7231-1 \u00e0 L.7233-2, R.7232-16 \u00e0 R.7232-22, D.7231-1 etD.7233-1 \u00e0 D.7233-5;Le pr\u00e9fet de I' Allier, Chevalier de l'ordre national du M\u00e9riteConstate :Qu'une d\u00e9claration d'activit\u00e9s de services \u00e0 la personne a \u00e9t\u00e9 d\u00e9pos\u00e9e aupr\u00e8s de la DDETS PP - Directiond\u00e9partementale de l'emploi, du travail, des solidarit\u00e9s et de la protection des populations de l'Allier, par MonsieurMatthieu BETTIOL en qualit\u00e9 de responsable pour l'organisme BETTIOL Matthieu (nom commercial : LYNXCLEAN) dont l'\u00e9tablissement principal est situ\u00e9 28 Avenue Claude Debussy \u00e0 MONTLU\u00c7ON (03100) etenregistr\u00e9 sous le N\u00b0 SAP 817906209 pour l'activit\u00e9 suivante (date d'effet le 05 d\u00e9cembre 2025) :Activit\u00e9 relevant uniquement de la d\u00e9claration (mode prestataire) :- Entretien de la maison et travaux m\u00e9nagersToute modification concernant les activit\u00e9s exerc\u00e9es devra faire l'objet d'une d\u00e9claration modificative pr\u00e9alable.Sous r\u00e9serve d'\u00eatre exerc\u00e9es \u00e0 titre exclusif (ou sous r\u00e9serve d'une comptabilit\u00e9 s\u00e9par\u00e9e pour les personnesmorales dispens\u00e9es de cette condition), ces activit\u00e9s ouvrent droit au b\u00e9n\u00e9fice des dispositions des articlesL.7233-2 du code du travail et L.241-10 du code de la s\u00e9curit\u00e9 sociale dans les conditions pr\u00e9vues par ces articles.Les effets de la d\u00e9claration courent \u00e0 compter du jour du d\u00e9p\u00f4t de la d\u00e9claration sous r\u00e9serve des dispositions del'article R.7232-18 du code du travail.Le pr\u00e9sent r\u00e9c\u00e9piss\u00e9 n'est pas limit\u00e9 dans le temps.L'enregistrement de la d\u00e9claration peut \u00eatre retir\u00e9 dans les conditions fix\u00e9es aux articles R.7232-20 \u00e0 R.7232-22du code du travail.Le pr\u00e9sent r\u00e9c\u00e9piss\u00e9 est publi\u00e9 au recueil des actes administratifs de la Pr\u00e9fecture de |' Allier.Fait \u00e0 Yzeure, le 10 d\u00e9cembre 2Pour le Pr\u00e9fet et par d\u00e9l\u00e9gati\u00e9n,P/Le DDETS-PP de l'Alker, ~~Le Chef de service, xy\n03_UDDIRECCTE_Unit\u00e9 d\u00e9partementale de la Direction r\u00e9gionale des entreprises, de la concurrence, de la consommation, du travail\net de l'emploi de l'Allier - 03-2025-12-10-00010 - D\u00e9cl BETTIOL Matthieu 8\nLa pr\u00e9sente d\u00e9cision peut, \u00e0 compter de sa publication, faire l'objet d'un recours gracieux aupr\u00e8s de la DDETSPP- Direction d\u00e9partementale de l'emploi, du travail, des solidarit\u00e9s et de la protection des populations del'Allier ou d'un recours hi\u00e9rarchique adress\u00e9 au ministre charg\u00e9 de l'\u00e9conomie - Direction g\u00e9n\u00e9rale desentreprises - sous-direction des services marchands, 6, rue Louise Weiss, 75703 Paris cedex13.Elle peut \u00e9galementfaire l'objet d'un recours contentieux dans un d\u00e9lai de deux mois \u00e0 compter de sa publicationaupr\u00e8s du Tribunal Administratif de Clermont Ferrand 6 Cours Sablon 63033 Clermont-Ferrand Cedex 01.Le tribunal administratifpeut \u00eatre saisi par l'application informatique \u00ab T\u00e9l\u00e9recours citoyen \u00bb accessible sur lesite internet www.telerecours.fr.En cas de rejet du recours gracieux ou hi\u00e9rarchique ou en l'absence de r\u00e9ponse \u00e0 ce recours (rejet implicite),un recours contentieux devant le tribunal administratif peut \u00e9galement \u00eatre form\u00e9 contre la d\u00e9cision initiale dansun d\u00e9lai de deux mois \u00e0 compter de ce rejet.\n03_UDDIRECCTE_Unit\u00e9 d\u00e9partementale de la Direction r\u00e9gionale des entreprises, de la concurrence, de la consommation, du travail\net de l'emploi de l'Allier - 03-2025-12-10-00010 - D\u00e9cl BETTIOL Matthieu 9\n03_UDDIRECCTE_Unit\u00e9 d\u00e9partementale de la\nDirection r\u00e9gionale des entreprises, de la\nconcurrence, de la consommation, du travail et\nde l'emploi de l'Allier\n03-2025-12-03-00002\nD\u00e9cl DESCRIAUD Isabelle\n03_UDDIRECCTE_Unit\u00e9 d\u00e9partementale de la Direction r\u00e9gionale des entreprises, de la concurrence, de la consommation, du travail\net de l'emploi de l'Allier - 03-2025-12-03-00002 - D\u00e9cl DESCRIAUD Isabelle 10\n=x =TL\u00ceLibert\u00e9 \u00bb \u00c9galit\u00e9 + Fraternit\u00e9R\u00c9PUBLIQUE FRAN\u00c7AISEPR\u00c9FET DE L'ALLIERDIRECTION DEPARTEMENTALE DE L'EMPLOI,DU TRAVAIL, DES SOLIDARITES ETDE LA PROTECTION DES POPULATIONS20 rue Aristide Briand \u2014 CS 6004203402 Yzeure CedexR\u00e9c\u00e9piss\u00e9 de d\u00e9clarationd'un organisme de services \u00e0 la personneenregistr\u00e9 sous le N\u00b0 SAP 849511795Vu le code du travail et notamment les articles L.7231-1 \u00e0 L.7233-2, R.7232-16 \u00e0 R.7232-22, D.7231-1 etD.7233-1 \u00e0 D.7233-5;Le pr\u00e9fet de I' Allier, Chevalier de l'ordre national du M\u00e9riteConstate :Qu'une d\u00e9claration d'activit\u00e9s de services \u00e0 la personne a \u00e9t\u00e9 d\u00e9pos\u00e9e aupr\u00e8s de la DDETS PP - Directiond\u00e9partementale de l'emploi, du travail, des solidarit\u00e9s et de la protection des populations de l'Allier, par MadameIsabelle DESCRIAUD en qualit\u00e9 de responsable pour l'organisme DESCRIAUD Isabelle dont l'\u00e9tablissementprincipal est situ\u00e9 5 Rue des Albatros \u00e0 VICHY (03200) et enregistr\u00e9 sous le N\u00b0 SAP 849511795 pour l'activit\u00e9suivante (date d'effet le 26 novembre 2025) :Activit\u00e9 relevant uniquement de la d\u00e9claration (mode prestataire) :- Entretien de la maison et travaux m\u00e9nagersToute modification concernant les activit\u00e9s exerc\u00e9es devra faire l'objet d'une d\u00e9claration modificative pr\u00e9alable.Sous r\u00e9serve d'\u00eatre exerc\u00e9es \u00e0 titre exclusif (ou sous r\u00e9serve d'une comptabilit\u00e9 s\u00e9par\u00e9e pour les personnesmorales dispens\u00e9es de cette condition), ces activit\u00e9s ouvrent droit au b\u00e9n\u00e9fice des dispositions des articlesL.7233-2 du code du travail et L.241-10 du code de la s\u00e9curit\u00e9 sociale dans les conditions pr\u00e9vues par ces articles.Les effets de la d\u00e9claration courent \u00e0 compter du jour du d\u00e9p\u00f4t de la d\u00e9claration sous r\u00e9serve des dispositions del'article R.7232-18 du code du travail.Le pr\u00e9sent r\u00e9c\u00e9piss\u00e9 n'est pas limit\u00e9 dans le temps.L'enregistrement de la d\u00e9claration peut \u00eatre retir\u00e9 dans les conditions fix\u00e9es aux articles R.7232-20 \u00e0 R.7232-22du code du travail.Le pr\u00e9sent r\u00e9c\u00e9piss\u00e9 est publi\u00e9 au recueil des actes administratifs de la Pr\u00e9fecture de I' Allier.Fait \u00e0 Yzeure, le 03 d\u00e9cembre 20Pour le Pr\u00e9fet et par d\u00e9l\u00e9gati\n03_UDDIRECCTE_Unit\u00e9 d\u00e9partementale de la Direction r\u00e9gionale des entreprises, de la concurrence, de la consommation, du travail\net de l'emploi de l'Allier - 03-2025-12-03-00002 - D\u00e9cl DESCRIAUD Isabelle 11\nLa pr\u00e9sente d\u00e9cision peut, \u00e0 compter de sa publication, faire l'objet d'un recours gracieux aupr\u00e8s de la DDETSPP- Direction d\u00e9partementale de l'emploi, du travail, des solidarit\u00e9s et de la protection des populations del'Allier ou d'un recours hi\u00e9rarchique adress\u00e9 au ministre charg\u00e9 de l'\u00e9conomie - Direction g\u00e9n\u00e9rale desentreprises - sous-direction des services marchands, 6, rue Louise Weiss, 75703 Paris cedex13.Elle peut \u00e9galementfaire l'objet d'un recours contentieux dans un d\u00e9lai de deux mois \u00e0 compter de sa publicationaupr\u00e8s du Tribunal Administratif de Clermont Ferrand 6 Cours Sablon 63033 Clermont-Ferrand Cedex 01.Le tribunal administratifpeut \u00eatre saisi par l'application informatique \u00ab T\u00e9l\u00e9recours citoyen \u00bb accessible sur lesite internet www.telerecours.fr.En cas de rejet du recours gracieux ou hi\u00e9rarchique ou en l'absence de r\u00e9ponse \u00e0 ce recours (rejet implicite),un recours contentieux devant le tribunal administratifpeut \u00e9galement \u00eatre form\u00e9 contre la d\u00e9cision initiale dansun d\u00e9lai de deux mois \u00e0 compter de ce rejet.\n03_UDDIRECCTE_Unit\u00e9 d\u00e9partementale de la Direction r\u00e9gionale des entreprises, de la concurrence, de la consommation, du travail\net de l'emploi de l'Allier - 03-2025-12-03-00002 - D\u00e9cl DESCRIAUD Isabelle 12\n03_UDDIRECCTE_Unit\u00e9 d\u00e9partementale de la\nDirection r\u00e9gionale des entreprises, de la\nconcurrence, de la consommation, du travail et\nde l'emploi de l'Allier\n03-2025-12-03-00003\nD\u00e9cl DEVEAUX Christophe\n03_UDDIRECCTE_Unit\u00e9 d\u00e9partementale de la Direction r\u00e9gionale des entreprises, de la concurrence, de la consommation, du travail\net de l'emploi de l'Allier - 03-2025-12-03-00003 - D\u00e9cl DEVEAUX Christophe 13\n7\n| zBLibert\u00e9 \u00a9 \u00c9galit\u00e9 * Fraternit\u00e9REPUBLIQUE FRANCAISEPREFET DE L'ALLIERDIRECTION DEPARTEMENTALE DE L'EMPLOI,DU TRAVAIL, DES SOLIDARITES ETDE LA PROTECTION DES POPULATIONS20 rue Aristide Briand \u2014 CS 6004203402 Yzeure CedexR\u00e9c\u00e9piss\u00e9 de d\u00e9clarationd'un organisme de services a la personneenregistr\u00e9 sous le N\u00b0 SAP 983479213Vu le code du travail et notamment les articles L.7231-1 \u00e0 L.7233-2, R.7232-16 \u00e0 R.7232-22, D.7231-1 etD.7233-1 \u00e0 D.7233-5;Le pr\u00e9fet de Il' Allier, Chevalier de l'ordre national du M\u00e9riteConstate :Qu'une d\u00e9claration d'activit\u00e9s de services \u00e0 la personne a \u00e9t\u00e9 d\u00e9pos\u00e9e aupr\u00e8s de la DDETS PP - Directiond\u00e9partementale de l'emploi, du travail, des solidarit\u00e9s et de la protection des populations de l'Allier, par MonsieurChristophe DEVEAUX en qualit\u00e9 de responsable pour l'organisme DEVEAUX Christophe (nom commercial :Bien A Toit) dont l'\u00e9tablissement principal est situ\u00e9 11 Rue Pierre de la Fin \u00e0 MONTAIGUET-EN-FOREZ(03130) et enregistr\u00e9 sous le N\u00b0 SAP 983479213 pour l'activit\u00e9 suivante (date d'effet le 03 d\u00e9cembre 2025) :Activit\u00e9 relevant uniquement de la d\u00e9claration (mode prestataire) :- Petits travaux de jardinage- Travaux de petit bricolageToute modification concernant les activit\u00e9s exerc\u00e9es devra faire l'objet d'une d\u00e9claration modificative pr\u00e9alable.Sous r\u00e9serve d'\u00eatre exerc\u00e9es \u00e0 titre exclusif (ou sous r\u00e9serve d'une comptabilit\u00e9 s\u00e9par\u00e9e pour les personnesmorales dispens\u00e9es de cette condition), ces activit\u00e9s ouvrent droit au b\u00e9n\u00e9fice des dispositions des articlesL.7233-2 du code du travail et L.241-10 du code de la s\u00e9curit\u00e9 sociale dans les conditions pr\u00e9vues par ces articles.Les effets de la d\u00e9claration courent \u00e0 compter du jour du d\u00e9p\u00f4t de la d\u00e9claration sous r\u00e9serve des dispositions del'article R.7232-18 du code du travail.Le pr\u00e9sent r\u00e9c\u00e9piss\u00e9 n'est pas limit\u00e9 dans le temps.L'enregistrement de la d\u00e9claration peut \u00eatre retir\u00e9 dans les conditions fix\u00e9es aux articles R.7232-20 \u00e0 R.7232-22du code du travail.Le pr\u00e9sent r\u00e9c\u00e9piss\u00e9 est publi\u00e9 au recueil des actes administratifs de la Pr\u00e9fecture de |' Allier.Fait \u00e0 Yzeure, le 03 d\u00e9cembre 2025Pour le Pr\u00e9fet et par d\u00e9l\u00e9gatio\n03_UDDIRECCTE_Unit\u00e9 d\u00e9partementale de la Direction r\u00e9gionale des entreprises, de la concurrence, de la consommation, du travail\net de l'emploi de l'Allier - 03-2025-12-03-00003 - D\u00e9cl DEVEAUX Christophe 14\nLa pr\u00e9sente d\u00e9cision peut, \u00e0 compter de sa publication, faire l'objet d'un recours gracieux aupr\u00e8s de la DDETSPP- Direction d\u00e9partementale de l'emploi, du travail, des solidarit\u00e9s et de la protection des populations del'Allier ou d'un recours hi\u00e9rarchique adress\u00e9 au ministre charg\u00e9 de l'\u00e9conomie - Direction g\u00e9n\u00e9rale desentreprises - sous-direction des services marchands, 6, rue Louise Weiss, 75703 Paris cedex13.Elle peut \u00e9galementfaire l'objet d'un recours contentieux dans un d\u00e9lai de deux mois \u00e0 compter de sa publicationaupr\u00e8s du Tribunal Administratif de Clermont Ferrand 6 Cours Sablon 63033 Clermont-Ferrand Cedex 01.Le tribunal administratifpeut \u00eatre saisi par l'application informatique \u00ab T\u00e9l\u00e9recours citoyen \u00bb accessible sur lesite internet Www.telerecours.fr.En cas de rejet du recours gracieux ou hi\u00e9rarchique ou en l'absence de r\u00e9ponse \u00e0 ce recours (rejet implicite),un recours contentieux devant le tribunal administratifpeut \u00e9galement \u00eatre form\u00e9 contre la d\u00e9cision initiale dansun d\u00e9lai de deux mois \u00e0 compter de ce rejet.\n03_UDDIRECCTE_Unit\u00e9 d\u00e9partementale de la Direction r\u00e9gionale des entreprises, de la concurrence, de la consommation, du travail\net de l'emploi de l'Allier - 03-2025-12-03-00003 - D\u00e9cl DEVEAUX Christophe 15\n03_UDDIRECCTE_Unit\u00e9 d\u00e9partementale de la\nDirection r\u00e9gionale des entreprises, de la\nconcurrence, de la consommation, du travail et\nde l'emploi de l'Allier\n03-2025-12-10-00009\nD\u00e9cl GIMENES Antonio\n03_UDDIRECCTE_Unit\u00e9 d\u00e9partementale de la Direction r\u00e9gionale des entreprises, de la concurrence, de la consommation, du travail\net de l'emploi de l'Allier - 03-2025-12-10-00009 - D\u00e9cl GIMENES Antonio 16\nx FLibert\u00e9 + Egalit\u00e9 + Fraternit\u00e9R\u00c9PUBLIQUE FRAN\u00c7AISEPR\u00c9FET DE L'ALLIERDIRECTION DEPARTEMENTALE DE L'EMPLOI,DU TRAVAIL, DES SOLIDARITES ETDE LA PROTECTION DES POPULATIONS20 rue Aristide Briand \u2014 CS 6004203402 Yzeure CedexR\u00e9c\u00e9piss\u00e9 de d\u00e9clarationd'un organisme de services \u00e0 la personneenregistr\u00e9 sous le N\u00b0 SAP 412660441Vu le code du travail et notamment les articles L.7231-1 \u00e0 L.7233-2, R.7232-16 \u00e0 R.7232-22, D.7231-1 etD.7233-1 \u00e0 D.7233-5;Le pr\u00e9fet de l'Allier, Chevalier de l'ordre national du M\u00e9riteConstate :Qu'une d\u00e9claration d'activit\u00e9s de services \u00e0 la personne a \u00e9t\u00e9 d\u00e9pos\u00e9e aupr\u00e8s de la DDETS PP - Directiond\u00e9partementale de l'emploi, du travail, des solidarit\u00e9s et de la protection des populations de l'Allier, par MonsieurAntonio GIMENES en qualit\u00e9 de responsable pour l'organisme GIMENES Antonio (nom commercial:MULTISERVICES G.A.) dont l'\u00e9tablissement principal est situ\u00e9 5 Lieu-Dit Sug\u00e8re \u00e0 SAINT-SAUVIER(03370) et enregistr\u00e9 sous le N\u00b0 SAP 412660441 pour l'activit\u00e9 suivante (date d'effet le 10 d\u00e9cembre 2025) :Activit\u00e9 relevant uniquement de la d\u00e9claration (mode prestataire) :- Petits travaux de jardinage- Travaux de petit bricolageToute modification concernant les activit\u00e9s exerc\u00e9es devra faire l'objet d'une d\u00e9claration modificative pr\u00e9alable.Sous r\u00e9serve d'\u00eatre exerc\u00e9es \u00e0 titre exclusif (ou sous r\u00e9serve d'une comptabilit\u00e9 s\u00e9par\u00e9e pour les personnesmorales dispens\u00e9es de cette condition), ces activit\u00e9s ouvrent droit au b\u00e9n\u00e9fice des dispositions des articlesL.7233-2 du code du travail et L.241-10 du code de la s\u00e9curit\u00e9 sociale dans les conditions pr\u00e9vues par ces articles.Les effets de la d\u00e9claration courent \u00e0 compter du jour du d\u00e9p\u00f4t de la d\u00e9claration sous r\u00e9serve des dispositions del'article R.7232-18 du code du travail.Le pr\u00e9sent r\u00e9c\u00e9piss\u00e9 n'est pas limit\u00e9 dans le temps.L'enregistrement de la d\u00e9claration peut \u00eatre retir\u00e9 dans les conditions fix\u00e9es aux articles R.7232-20 \u00e0 R.7232-22du code du travail.Le pr\u00e9sent r\u00e9c\u00e9piss\u00e9 est publi\u00e9 au recueil des actes administratifs de la Pr\u00e9fecture de l' Allier.Fait \u00e0 Yzeure, le 10 d\u00e9cembre 2025 |Pour le Pr\u00e9fet et par d\u00e9l\u00e9gation,P/Le DDETS FE Sie ALe Chef de service, Peidier FREYCE\na\n03_UDDIRECCTE_Unit\u00e9 d\u00e9partementale de la Direction r\u00e9gionale des entreprises, de la concurrence, de la consommation, du travail\net de l'emploi de l'Allier - 03-2025-12-10-00009 - D\u00e9cl GIMENES Antonio 17\nLa pr\u00e9sente d\u00e9cision peut, \u00e0 compter de sa publication, faire l'objet d'un recours gracieux aupr\u00e8s de la DDETSPP- Direction d\u00e9partementale de l'emploi, du travail, des solidarit\u00e9s et de la protection des populations del'Allier ou d'un recours hi\u00e9rarchique adress\u00e9 au ministre charg\u00e9 de l'\u00e9conomie - Direction g\u00e9n\u00e9rale desentreprises - sous-direction des services marchands, 6, rue Louise Weiss, 75703 Paris cedex13.Elle peut \u00e9galementfaire l'objet d'un recours contentieux dans un d\u00e9lai de deux mois \u00e0 compter de sa publicationaupr\u00e8s du Tribunal Administratif de Clermont Ferrand 6 Cours Sablon 63033 Clermont-Ferrand Cedex 01.Le tribunal administratifpeut \u00eatre saisi par l'application informatique \u00ab T\u00e9l\u00e9recours citoyen \u00bb accessible sur lesite internet www.telerecours.fr.En cas de rejet du recours gracieux ou hi\u00e9rarchique ou en l'absence de r\u00e9ponse \u00e0 ce recours (rejet implicite),un recours contentieux devant le tribunal administratifpeut \u00e9galement \u00eatre form\u00e9 contre la d\u00e9cision initiale dansun d\u00e9lai de deux mois \u00e0 compter de ce rejet.\n03_UDDIRECCTE_Unit\u00e9 d\u00e9partementale de la Direction r\u00e9gionale des entreprises, de la concurrence, de la consommation, du travail\net de l'emploi de l'Allier - 03-2025-12-10-00009 - D\u00e9cl GIMENES Antonio 18\n03_UDDIRECCTE_Unit\u00e9 d\u00e9partementale de la\nDirection r\u00e9gionale des entreprises, de la\nconcurrence, de la consommation, du travail et\nde l'emploi de l'Allier\n03-2025-12-10-00008\nD\u00e9cl LEMAITRE Elodie\n03_UDDIRECCTE_Unit\u00e9 d\u00e9partementale de la Direction r\u00e9gionale des entreprises, de la concurrence, de la consommation, du travail\net de l'emploi de l'Allier - 03-2025-12-10-00008 - D\u00e9cl LEMAITRE Elodie 19\nEE =Libert\u00e9 \u00ab \u00c9galit\u00e9 + Fraternit\u00e9R\u00c9PUBLIQUE FRAN\u00c7AISEPR\u00c9FET DE L'ALLIERDIRECTION DEPARTEMENTALE DE L'EMPLOI,DU TRAVAIL, DES SOLIDARITES ETDE LA PROTECTION DES POPULATIONS20 rue Aristide Briand \u2014 CS 6004203402 Yzeure CedexR\u00e9c\u00e9piss\u00e9 de d\u00e9clarationd'un organisme de services 4 la personneenregistr\u00e9 sous le N\u00b0 SAP 985203330Vu le code du travail et notamment les articles L.7231-1 a L.7233-2, R.7232-16 a R.7232-22, D.7231-1 etD.7233-1 \u00e0 D.7233-5;Le pr\u00e9fet de I' Allier, Chevalier de l'ordre national du M\u00e9riteConstate :Qu'une d\u00e9claration d'activit\u00e9s de services \u00e0 la personne a \u00e9t\u00e9 d\u00e9pos\u00e9e aupr\u00e8s de la DDETS PP - Directiond\u00e9partementale de |'emploi, du travail, des solidarit\u00e9s et de la protection des populations de l'Allier, par MadameElodie LEMAITRE en qualit\u00e9 de responsable pour l'organisme LEMAITRE Elodie (WECASA) dontl'\u00e9tablissement principal est situ\u00e9 5 Rue de Bourgogne a VICHY (03200) et enregistr\u00e9 sous le N\u00b0 SAP 985203330pour l'activit\u00e9 suivante (date d'effet le 05 d\u00e9cembre 2025) :Activit\u00e9 relevant uniquement de la d\u00e9claration (mode prestataire) :- Entretien de la maison et travaux m\u00e9nagersToute modification concernant les activit\u00e9s exerc\u00e9es devra faire l'objet d'une d\u00e9claration modificative pr\u00e9alable.1) pSous r\u00e9serve d'\u00eatre exerc\u00e9es \u00e0 titre exclusif (ou sous r\u00e9serve d'une comptabilit\u00e9 s\u00e9par\u00e9e pour les personnesmorales dispens\u00e9es de cette condition), ces activit\u00e9s ouvrent droit au b\u00e9n\u00e9fice des dispositions des articlesL.7233-2 du code du travail et L.241-10 du code de la s\u00e9curit\u00e9 sociale dans les conditions pr\u00e9vues par ces articles.Les effets de la d\u00e9claration courent \u00e0 compter du jour du d\u00e9p\u00f4t de la d\u00e9claration sous r\u00e9serve des dispositions del'article R.7232-18 du code du travail.Le pr\u00e9sent r\u00e9c\u00e9piss\u00e9 n'est pas limit\u00e9 dans le temps.L'enregistrement de la d\u00e9claration peut \u00eatre retir\u00e9 dans les conditions fix\u00e9es aux articles R.7232-20 \u00e0 R.7232-22du code du travail.Le pr\u00e9sent r\u00e9c\u00e9piss\u00e9 est publi\u00e9 au recueil des actes administratifs de la Pr\u00e9fecture de 1' Allier.Fait \u00e0 Yzeure, le 10 d\u00e9cembre 2025P/Le DDETS-PPLe Chef de se\n03_UDDIRECCTE_Unit\u00e9 d\u00e9partementale de la Direction r\u00e9gionale des entreprises, de la concurrence, de la consommation, du travail\net de l'emploi de l'Allier - 03-2025-12-10-00008 - D\u00e9cl LEMAITRE Elodie 20\nLa pr\u00e9sente d\u00e9cision peut, \u00e0 compter de sa publication, faire l'objet d'un recours gracieux aupr\u00e8s de la DDETSPP- Direction d\u00e9partementale de l'emploi, du travail, des solidarit\u00e9s et de la protection des populations del'Allier ou d'un recours hi\u00e9rarchique adress\u00e9 au ministre charg\u00e9 de l'\u00e9conomie - Direction g\u00e9n\u00e9rale desentreprises - sous-direction des services marchands, 6, rue Louise Weiss, 75703 Paris cedex13.Elle peut \u00e9galementfaire l'objet d'un recours contentieux dans un d\u00e9lai de deux mois \u00e0 compter de sa publicationaupr\u00e8s du Tribunal Administratif de Clermont Ferrand 6 Cours Sablon 63033 Clermont-Ferrand Cedex 01.Le tribunal administratifpeut \u00eatre saisi par l'application informatique \u00ab T\u00e9l\u00e9recours citoyen \u00bb accessible sur lesite internet www.telerecours.fr.En cas de rejet du recours gracieux ou hi\u00e9rarchique ou en l'absence de r\u00e9ponse \u00e0 ce recours (rejet implicite),un recours contentieux devant le tribunal administratifpeut \u00e9galement \u00eatre form\u00e9 contre la d\u00e9cision initiale dansun d\u00e9lai de deux mois \u00e0 compter de ce rejet.\n03_UDDIRECCTE_Unit\u00e9 d\u00e9partementale de la Direction r\u00e9gionale des entreprises, de la concurrence, de la consommation, du travail\net de l'emploi de l'Allier - 03-2025-12-10-00008 - D\u00e9cl LEMAITRE Elodie 21\n03_UDDIRECCTE_Unit\u00e9 d\u00e9partementale de la\nDirection r\u00e9gionale des entreprises, de la\nconcurrence, de la consommation, du travail et\nde l'emploi de l'Allier\n03-2025-12-22-00004\nD\u00e9cl STEPHAN Ga\u00ebtan\n03_UDDIRECCTE_Unit\u00e9 d\u00e9partementale de la Direction r\u00e9gionale des entreprises, de la concurrence, de la consommation, du travail\net de l'emploi de l'Allier - 03-2025-12-22-00004 - D\u00e9cl STEPHAN Ga\u00ebtan 22\nBE ,Libert\u00e9 \u00bb Egalit\u00e9 \u00ab Fraternit\u00e9R\u00c9PUBLIQUE FRAN\u00c7AISEPR\u00c9FET DE L'ALLIERDIRECTION DEPARTEMENTALE DE L'EMPLOI,DU TRAVAIL, DES SOLIDARITES ETDE LA PROTECTION DES POPULATIONS20 rue Aristide Briand \u2014 CS 6004203402 Yzeure CedexR\u00e9c\u00e9piss\u00e9 de d\u00e9clarationd'un organisme de services \u00e0 la personneenregistr\u00e9 sous le N\u00b0 SAP 992851923Vu le code du travail et notamment les articles L.7231-1 \u00e0 L.7233-2, R.7232-16 \u00e0 R.7232-22, D.7231-1 etD.7233-1 \u00e0 D.7233-5;Le pr\u00e9fet de I' Allier, Chevalier de l'ordre national du M\u00e9riteConstate :Qu'une d\u00e9claration d'activit\u00e9s de services \u00e0 la personne a \u00e9t\u00e9 d\u00e9pos\u00e9e aupr\u00e8s de la DDETS PP - Directiond\u00e9partementale de l'emploi, du travail, des solidarit\u00e9s et de la protection des populations de l'Allier, par MonsieurGa\u00ebtan STEPHAN en qualit\u00e9 de responsable pour l'organisme STEPHAN Ga\u00ebtan dont l'\u00e9tablissement principalest situ\u00e9 9 Chemin des Alouettes \u00e0 DIOU (03290) et enregistr\u00e9 sous le N\u00b0 SAP 992851923 pour l'activit\u00e9suivante (date d'effet le 12 d\u00e9cembre 2025) :Activit\u00e9 relevant uniquement de la d\u00e9claration (mode prestataire) :- Petits travaux de jardinage- Travaux de petit bricolageToute modification concernant les activit\u00e9s exerc\u00e9es devra faire l'objet d'une d\u00e9claration modificative pr\u00e9alable.Sous r\u00e9serve d'\u00eatre exerc\u00e9es \u00e0 titre exclusif (ou sous r\u00e9serve d'une comptabilit\u00e9 s\u00e9par\u00e9e pour les personnesmorales dispens\u00e9es de cette condition), ces activit\u00e9s ouvrent droit au b\u00e9n\u00e9fice des dispositions des articlesL.7233-2 du code du travail et L.241-10 du code de la s\u00e9curit\u00e9 sociale dans les conditions pr\u00e9vues par ces articles.Les effets de la d\u00e9claration courent \u00e0 compter du jour du d\u00e9p\u00f4t de la d\u00e9claration sous r\u00e9serve des dispositions del'article R.7232-18 du code du travail.Le pr\u00e9sent r\u00e9c\u00e9piss\u00e9 n'est pas limit\u00e9 dans le temps.L'enregistrement de la d\u00e9claration peut \u00eatre retir\u00e9 dans les conditions fix\u00e9es aux articles R.7232-20 \u00e0 R.7232-22du code du travail.Le pr\u00e9sent r\u00e9c\u00e9piss\u00e9 est publi\u00e9 au recueil des actes administratifs de la Pr\u00e9fecture de 1' Allier.Fait \u00e0 Yzeure, le 22 d\u00e9cembfe 202Pour le Pr\u00e9fet et par d\u00e9 gatiP/ Le DDETS-PP de/AlliLe chef de services\n03_UDDIRECCTE_Unit\u00e9 d\u00e9partementale de la Direction r\u00e9gionale des entreprises, de la concurrence, de la consommation, du travail\net de l'emploi de l'Allier - 03-2025-12-22-00004 - D\u00e9cl STEPHAN Ga\u00ebtan 23\nLa pr\u00e9sente d\u00e9cision peut, \u00e0 compter de sa publication, faire l'objet d'un recours gracieux aupr\u00e8s de la DDETSPP- Direction d\u00e9partementale de l'emploi, du travail, des solidarit\u00e9s et de la protection des populations del'Allier ou d'un recours hi\u00e9rarchique adress\u00e9 au ministre charg\u00e9 de l'\u00e9conomie - Direction g\u00e9n\u00e9rale desentreprises - sous-direction des services marchands, 6, rue Louise Weiss, 75703 Paris cedex13.Elle peut \u00e9galementfaire l'objet d'un recours contentieux dans un d\u00e9lai de deux mois \u00e0 compter de sa publicationaupr\u00e8s du Tribunal Administratif de Clermont Ferrand 6 Cours Sablon 63033 Clermont-Ferrand Cedex 01.Le tribunal administratifpeut \u00eatre saisi par l'application informatique \u00ab T\u00e9l\u00e9recours citoyen \u00bb accessible sur lesite internet www.telerecours.fr.En cas de rejet du recours gracieux ou hi\u00e9rarchique ou en l'absence de r\u00e9ponse \u00e0 ce recours (rejet implicite),un recours contentieux devant le tribunal administratifpeut \u00e9galement \u00eatre form\u00e9 contre la d\u00e9cision initiale dansun d\u00e9lai de deux mois \u00e0 compter de ce rejet.\n03_UDDIRECCTE_Unit\u00e9 d\u00e9partementale de la Direction r\u00e9gionale des entreprises, de la concurrence, de la consommation, du travail\net de l'emploi de l'Allier - 03-2025-12-22-00004 - D\u00e9cl STEPHAN Ga\u00ebtan 24\nDirection Centre Est\n03-2025-12-05-00001\n2025-N145-GUE-23&03-24 portant\nr\u00e9glementation temporaire de la circulation sur\nla RN 145 pour r\u00e9aliser des travaux de pose de\nbarri\u00e8res sur bretelles d'\u00e9changeurs sur le\nterritoire des communes de Lamaids,\nQuinssaines, Pr\u00e9milhat et Dom\u00e9rat\nDirection Centre Est - 03-2025-12-05-00001 - 2025-N145-GUE-23&03-24 portant r\u00e9glementation temporaire de la circulation sur la RN\n145 pour r\u00e9aliser des travaux de pose de barri\u00e8res sur bretelles d'\u00e9changeurs sur le territoire des communes de Lamaids, Quinssaines,\nPr\u00e9milhat et Dom\u00e9rat\n25\nE 3MINIST\u00c8RECHARG\u00c9DES TRANSPORTSLibert\u00e9Egalit\u00e9Fraternit\u00e9\nDirection interd\u00e9partementale\ndes routes Centre-Ouest\nPR\u00c9FECTURE DE LA CREUSE\nPR\u00c9FECTURE DE L'ALLIER\nArr\u00eat\u00e9 n\u00b0   2025  -N145-GUE-23&03-24  \nportant r\u00e9glementation temporaire de la circulation sur la RN 145 pour r\u00e9aliser des\ntravaux de pose de barri\u00e8res sur bretelles d'\u00e9changeurs \nsur le territoire des communes de Jarnages, Parsac, Gouzon, Bord St Georges, Auge,\nVerneiges, L\u00e9paud, et Nouhant en Creuse \n(du PR 60+505 au PR 91+637)\net sur le territoire des communes de Lamaids, Quinssaines, Pr\u00e9milhat et Dom\u00e9rat dans\nl'Allier \n(du PR 0+000 au PR 10+505)\nVu le Code de la Route\u00a0; \nVu le Code de la voirie routi\u00e8re\u00a0;\nVu l'arr\u00eat\u00e9 du 24 novembre 1967 modifi\u00e9 relatif \u00e0 la signalisation des routes et autoroutes ;\nVu l'Instruction  Interminist\u00e9rielle  sur  la  signalisation  routi\u00e8re  (Livre  1  -  8\u00e8me  Partie  \u2013  Signalisation\nTemporaire) approuv\u00e9e par arr\u00eat\u00e9 Interminist\u00e9riel du 6 d\u00e9cembre 2011 modifi\u00e9 ;\nVu le d\u00e9cret 2004-374 du 29 avril 2004, modifi\u00e9, relatif aux pouvoirs des Pr\u00e9fets et \u00e0 l'organisation et \u00e0\nl'action des services de l'\u00c9tat dans les r\u00e9gions et d\u00e9partements\u00a0;\nVu le d\u00e9cret n\u00b0 2006-304  du 16 mars 2006 portant cr\u00e9ation des directions interd\u00e9partementales des\nroutes, modifi\u00e9 par le d\u00e9cret 2013-1181 du 17 d\u00e9cembre 2013 ;\nVu l'arr\u00eat\u00e9  interminist\u00e9riel  en  date  du  26  mai  2006  portant  constitution  des  directions\ninterd\u00e9partementales des routes\u00a0;\nVu la note technique du 14 avril 2016 relative \u00e0 la coordination des chantiers sur  le r\u00e9seau routier\nnational\u00a0;\nVu le d\u00e9cret du 15 mars 2023 portant nomination de Mme Anne FRACKOWIAK-JACOBS, Pr\u00e9f\u00e8te de la\nCreuse\u00a0;\nVu le d\u00e9cret du 08 janvier 2025 portant nomination de M Christophe NOEL DU PAYRAT, Pr\u00e9fet de\nl'Allier\u00a0;\nVu l'arr\u00eat\u00e9  du  20  novembre  2023  du  Ministre  de  la  Transition  \u00c9cologique et  de  la  Coh\u00e9sion  des\nTerritoires nommant M.Philippe FAUCHET, ing\u00e9nieur en chef des ponts, des eaux et des forets, en\nqualit\u00e9 de directeur interd\u00e9partemental des routes Centre-Ouest, \u00e0 compter du 1er\n d\u00e9cembre 2023 ;\n22, rue des P\u00e9nitents blancs\n87 032 Limoges cedex\nT\u00e9l.\u00a0: 33 (0) 5 87 50 60 00\nT\u00e9l\u00a0: 05 55 41 87 00 \nwww.dirco.info\nM\u00e9l\u00a0: District-Gueret.Dirco@developpement-durable.gouv.fr 1/6\nDirection Centre Est - 03-2025-12-05-00001 - 2025-N145-GUE-23&03-24 portant r\u00e9glementation temporaire de la circulation sur la RN\n145 pour r\u00e9aliser des travaux de pose de barri\u00e8res sur bretelles d'\u00e9changeurs sur le territoire des communes de Lamaids, Quinssaines,\nPr\u00e9milhat et Dom\u00e9rat\n26\nVu l'arr\u00eat\u00e9 n\u00b023-2023-12-13-00001 de Mme Anne FRACKOWIAK-JACOBS, Pr\u00e9fet de la Creuse, en date du\n13 d\u00e9cembre 2023, portant d\u00e9l\u00e9gation de signature \u00e0 M. Philippe FAUCHET \u00a0en mati\u00e8re de gestion et\nconservation du domaine routier national et exploitation des routes nationales\u00a0;\nVu l'arr\u00eat\u00e9 n\u00b0158/2025 du 27 janvier 2025 de la Pr\u00e9fecture de l'Allier, donnant d\u00e9l\u00e9gation de signature \u00e0\nMonsieur Philippe FAUCHET, Directeur Interd\u00e9partemental des Routes Centre-Ouest ;\nVu l'arr\u00eat\u00e9 n\u00b02025-03-05  en date du  6  novembre  2025  du directeur  interd\u00e9partemental  des routes\nCentre-Ouest donnant d\u00e9l\u00e9gation de signature aux agents plac\u00e9s sous son autorit\u00e9\u00a0;\nVu l'arr\u00eat\u00e9 n\u00b0 2025-23-02  en date du 22 octobre 2025 du directeur  interd\u00e9partemental  des routes\nCentre-Ouest donnant d\u00e9l\u00e9gation de signature aux agents plac\u00e9s sous son autorit\u00e9\u00a0;\nVu la note du 23 janvier 2025 relative au calendrier des jours \u00ab\u00a0hors chantier\u00a0\u00bb pour l'ann\u00e9e 2025\u00a0;\nVu le dossier d'exploitation sous chantier DESC Bretelles valid\u00e9 le 25/10/2022\u00a0;\u00a0\nVu l'avis r\u00e9put\u00e9 favorable du Conseil D\u00e9partemental de l'Allier\u00a0;\nVu l'avis  favorable du Conseil  D\u00e9partemental  de la Creuse  en date du\u00a003/12/2025  (UTT  Boussac  et\nAuzances) ;\nVu l'avis r\u00e9put\u00e9 favorable de la mairie de Jarnages ;\nVu l'avis r\u00e9put\u00e9 favorable de la mairie de Parsac ;\nVu l'avis r\u00e9put\u00e9 favorable de la mairie de Gouzon ;\nVu l'avis r\u00e9put\u00e9 favorable de la mairie de Nouhant ;\nVu l'avis r\u00e9put\u00e9 favorable de la mairie de L\u00e9paud\u00a0;\nVu l'avis favorable de la mairie de Lamaids en date du 04/12/25 ;\nVu l'avis r\u00e9put\u00e9 favorable de la mairie de Quinssaines ;\nVu l'avis r\u00e9put\u00e9 favorable de la mairie de Pr\u00e9milhat\u00a0;\nVu l'avis r\u00e9put\u00e9 favorable de la mairie de Dom\u00e9rat ;\nVu l'avis favorable de la commune de Bord Saint Georges en date du 04/12/25 ;\nVu l'avis r\u00e9put\u00e9 favorable de la commune d'Auge ;\nVu l'avis r\u00e9put\u00e9 favorable de la commune de Verneiges ;\nCONSID\u00c9RANT que pour permettre la pose de barri\u00e8res de fermeture sur les bretelles d'entr\u00e9es de la RN\n145 en Creuse et dans l'Allier, pour assurer la s\u00e9curit\u00e9 des usagers de la route et du personnel assurant les\ntravaux, il y a lieu de fermer successivement ces bretelles d'entr\u00e9es,\nSUR PROPOSITION  de Madame la Responsable d'exploitation du district de Gu\u00e9ret  de la Direction\nInterd\u00e9partementale des Routes Centre-Ouest.\n22, rue des P\u00e9nitents blancs\n87 032 Limoges cedex\nT\u00e9l.\u00a0: 33 (0) 5 87 50 60 00\nT\u00e9l\u00a0: 05 55 41 87 00 \nwww.dirco.info\nM\u00e9l\u00a0: District-Gueret.Dirco@developpement-durable.gouv.fr 2/6\nDirection Centre Est - 03-2025-12-05-00001 - 2025-N145-GUE-23&03-24 portant r\u00e9glementation temporaire de la circulation sur la RN\n145 pour r\u00e9aliser des travaux de pose de barri\u00e8res sur bretelles d'\u00e9changeurs sur le territoire des communes de Lamaids, Quinssaines,\nPr\u00e9milhat et Dom\u00e9rat\n27\nARR\u00caTE\n***\nARTICLE 1\u00a0:\nDu 10 au 17 d\u00e9cembre 2025, les services de la Direction Interd\u00e9partementale des Routes Centre-Ouest\nproc\u00e9deront, dans les 2 sens de circulation, \u00e0 la fermeture successive des bretelles d'entr\u00e9es de la RN 145\npour une dur\u00e9e d'une demi-journ\u00e9e par bretelle maximum. Les \u00e9changeurs concern\u00e9s par ces fermetures\nsont\u00a0: \n\u00c9changeurs 45, 44, aire de Parsac, 43 et 42 dans le d\u00e9partement de la Creuse \n\u00c9changeurs 41 et 40 dans le d\u00e9partement de l'Allier.\nDurant les fermetures de ces bretelles, des d\u00e9viations seront mises en place\u00a0:\nBretelles de l'\u00e9changeur 45\nLes usagers circulant sur la RD 990 et d\u00e9sirant se rendre en direction de Montlu\u00e7on sont invit\u00e9s \u00e0 prendre la bretelle\nd'entr\u00e9e de la RN\u00a0145 en direction de Bellac jusqu'\u00e0 la bretelle de sortie de l'\u00e9changeur n\u00b047 \u2013 Gu\u00e9ret-Est.\nIls prendront alors la RD\u00a0100 puis la RD 4 et la bretelle d'entr\u00e9e de la RN 145 en direction de Montlu\u00e7on.\nLes usagers circulant sur la RD 990 et d\u00e9sirant se rendre en direction de Bellac sont invit\u00e9s \u00e0 prendre la bretelle\nd'entr\u00e9e de la RN\u00a0145 en direction de Montlu\u00e7on jusqu'\u00e0 la bretelle de sortie de l'\u00e9changeur n\u00b044 \u2013 Parsac.\nIls prendront alors la RD 50, la RD 100 et la bretelle d'entr\u00e9e de la RN 145 en direction de Bellac.\nBretelles de l'\u00e9changeur 44\nLes usagers circulant sur la RD 50 et d\u00e9sirant se rendre en direction de Montlu\u00e7on sont invit\u00e9s \u00e0 prendre la bretelle\nd'entr\u00e9e de la RN\u00a0145 en direction de Bellac jusqu'\u00e0 la bretelle de sortie de l'\u00e9changeur n\u00b045 \u2013 Pierre-Blanche.\nIls prendront alors la RD\u00a0990 et la bretelle d'entr\u00e9e de la RN 145 en direction de Montlu\u00e7on.\nLes usagers circulant sur la RD 50 et-ou RD 100 et d\u00e9sirant se rendre en direction de Bellac sont invit\u00e9s \u00e0 prendre la\nbretelle d'entr\u00e9e de la RN\u00a0145 en direction de Montlu\u00e7on jusqu'\u00e0 la bretelle de sortie de l'\u00e9changeur n\u00b043 \u2013 Gouzon.\nIls prendront alors la RD 997 et la bretelle d'entr\u00e9e de la RN 145 en direction de Bellac.\nBretelles de l'\u00e9changeur 43\nLes usagers circulant sur la RD 997 et/ou RD 915 et d\u00e9sirant se rendre en direction de Montlu\u00e7on sont invit\u00e9s \u00e0\nprendre la bretelle d'entr\u00e9e de la RN \u00a0145 en direction de Bellac jusqu'\u00e0 la bretelle de sortie de l'\u00e9changeur n\u00b044 \u2013\nParsac.\nIls prendront alors la RD\u00a0100, la RD 50 et la bretelle d'entr\u00e9e de la RN 145 en direction de Montlu\u00e7on.\n22, rue des P\u00e9nitents blancs\n87 032 Limoges cedex\nT\u00e9l.\u00a0: 33 (0) 5 87 50 60 00\nT\u00e9l\u00a0: 05 55 41 87 00 \nwww.dirco.info\nM\u00e9l\u00a0: District-Gueret.Dirco@developpement-durable.gouv.fr 3/6\nDirection Centre Est - 03-2025-12-05-00001 - 2025-N145-GUE-23&03-24 portant r\u00e9glementation temporaire de la circulation sur la RN\n145 pour r\u00e9aliser des travaux de pose de barri\u00e8res sur bretelles d'\u00e9changeurs sur le territoire des communes de Lamaids, Quinssaines,\nPr\u00e9milhat et Dom\u00e9rat\n28\nLes usagers circulant sur la RD 997et/ou RD 915 et d\u00e9sirant se rendre en direction de Bellac sont invit\u00e9s \u00e0 prendre la\nbretelle d'entr\u00e9e de la RN\u00a0145 en direction de Montlu\u00e7on jusqu'\u00e0 la bretelle de sortie de l'\u00e9changeur n\u00b042 \u2013 RD 917.\nIls prendront alors la RD 917 et la bretelle d'entr\u00e9e de la RN 145 en direction de Bellac.\nBretelles de l'\u00e9changeur 42\nLes usagers circulant sur la RD 917 et d\u00e9sirant se rendre en direction de Montlu\u00e7on sont invit\u00e9s \u00e0 prendre la bretelle\nd'entr\u00e9e de la RN\u00a0145 en direction de Bellac jusqu'\u00e0 la bretelle de sortie de l'\u00e9changeur n\u00b043 \u2013 Gouzon.\nIls prendront alors la RD\u00a0997, la RD 915 et la bretelle d'entr\u00e9e de la RN 145 en direction de Montlu\u00e7on.\nLes usagers circulant sur la  RD 917 et d\u00e9sirant se rendre en direction de Bellac sont invit\u00e9s \u00e0 prendre la bretelle\nd'entr\u00e9e de la RN\u00a0145 en direction de Montlu\u00e7on jusqu'\u00e0 la bretelle de sortie de l'\u00e9changeur n\u00b041 \u2013 Lamaids.\u00a0\nIls prendront alors le giratoire de la RD 745 et la bretelle d'entr\u00e9e de la RN 145 en direction de Bellac.\nBretelles de l'\u00e9changeur 41\nLes usagers circulant sur la RD 745 et d\u00e9sirant se rendre en direction de Montlu\u00e7on sont invit\u00e9s \u00e0 prendre la bretelle\nd'entr\u00e9e de la RN\u00a0145 en direction de Bellac jusqu'\u00e0 la bretelle de sortie de l'\u00e9changeur n\u00b042 \u2013 RD 917.\nIls prendront alors la RD\u00a0917 et la bretelle d'entr\u00e9e de la RN 145 en direction de Montlu\u00e7on.\nLes usagers circulant sur la  RD 745 et d\u00e9sirant se rendre en direction de Bellac sont invit\u00e9s \u00e0 prendre la bretelle\nd'entr\u00e9e de la RN\u00a0145 en direction de Montlu\u00e7on jusqu'\u00e0 la bretelle de sortie de l'\u00e9changeur n\u00b040 \u2013 Quinssaines.\nIls prendront alors la RD 745 et la bretelle d'entr\u00e9e de la RN 145 en direction de Bellac.\nBretelles de l'\u00e9changeur 40\nLes usagers circulant sur la RD 745 et d\u00e9sirant se rendre en direction de l'A71 sont invit\u00e9s \u00e0 prendre la bretelle\nd'entr\u00e9e de la RN\u00a0145 en direction de Bellac jusqu'\u00e0 la bretelle de sortie de l'\u00e9changeur n\u00b041 Lamaids.\nIls prendront alors le giratoire de la RD\u00a0745 et la bretelle d'entr\u00e9e de la RN 145 en direction de l'A71.\nLes usagers circulant sur la  RD 745 et d\u00e9sirant se rendre en direction de Bellac sont invit\u00e9s \u00e0 prendre la bretelle\nd'entr\u00e9e de la RN\u00a0145 en direction de l'A71 jusqu'\u00e0 la bretelle de sortie de l'\u00e9changeur n\u00b039 \u2013 Dom\u00e9rat.\nIls prendront alors la RD 916 et la bretelle d'entr\u00e9e de la RN 145 en direction de Bellac.\nARTICLE 2  \u00a0  :  \nLa  signalisation  r\u00e9glementaire,  conforme  aux  prescriptions  de  l'Instruction  Interminist\u00e9rielle  sur  la\nsignalisation temporaire est mise en place, surveill\u00e9e et entretenue par le District de Gu\u00e9ret \u2013 CEI de\nGouzon/Lamaids.\nARTICLE 3  \u00a0  :  \nPendant la p\u00e9riode de restriction du pr\u00e9sent arr\u00eat\u00e9, il pourra \u00eatre d\u00e9rog\u00e9 aux principes g\u00e9n\u00e9raux sur\nl'inter-distance entre deux chantiers cons\u00e9cutifs,  de la note technique du 14 avril 2016  relative \u00e0 la\n22, rue des P\u00e9nitents blancs\n87 032 Limoges cedex\nT\u00e9l.\u00a0: 33 (0) 5 87 50 60 00\nT\u00e9l\u00a0: 05 55 41 87 00 \nwww.dirco.info\nM\u00e9l\u00a0: District-Gueret.Dirco@developpement-durable.gouv.fr 4/6\nDirection Centre Est - 03-2025-12-05-00001 - 2025-N145-GUE-23&03-24 portant r\u00e9glementation temporaire de la circulation sur la RN\n145 pour r\u00e9aliser des travaux de pose de barri\u00e8res sur bretelles d'\u00e9changeurs sur le territoire des communes de Lamaids, Quinssaines,\nPr\u00e9milhat et Dom\u00e9rat\n29\ncoordination des chantiers sur le r\u00e9seau routier national en respectant n\u00e9anmoins une distance de 5 km\nentre les 2 chantiers.\nARTICLE 4  \u00a0  :  \nToute infraction constat\u00e9e au pr\u00e9sent arr\u00eat\u00e9 est passible de sanction  conform\u00e9ment aux lois et r\u00e8gle -\nments en vigueur.\nARTICLE 5 :\nLe pr\u00e9sent arr\u00eat\u00e9 peut faire l'objet d'un recours contentieux aupr\u00e8s du tribunal administratif comp\u00e9tent\nde Limoges ou de Clermont-Ferrand dans un d\u00e9lai de deux mois \u00e0 compter de sa notification. Le recours\ndoit \u00eatre adress\u00e9 soit par voie postale au tribunal administratif de Limoges (1, cours Vergniaud \u2013 87000 Li -\nmoges) ou de Clermnt-Ferrand ( 6, cours Sablon CS 90129 - 63033 - Clermont-Ferrand Cedex 1) soit par\nvoie d\u00e9mat\u00e9rialis\u00e9e par l'application informatique \u00ab T\u00e9l\u00e9recours citoyens \u00bb accessible par le lien\u00a0:\nhttp://www.telerecours.fr.\nLe pr\u00e9sent arr\u00eat\u00e9 peut \u00e9galement faire l'objet d'un recours gracieux aupr\u00e8s de la Pr\u00e9f\u00e8te de la Creuse ou\ndu Pr\u00e9fet de l'Allier et d'un recours hi\u00e9rarchique aupr\u00e8s du Ministre de l'Int\u00e9rieur dans les m\u00eames d\u00e9lais.\nLe silence gard\u00e9 par l'autorit\u00e9 administrative durant deux mois vaut d\u00e9cision implicite de rejet\nARTICLE 6  \u00a0  :  \nM. le Directeur Interd\u00e9partemental des Routes Centre-Ouest est charg\u00e9 d'assurer l'ex\u00e9cution du pr\u00e9sent\narr\u00eat\u00e9 qui sera publi\u00e9 au Recueil des Actes Administratifs et sur le site Internet de la DIRCO, affich\u00e9 aux\nabords du chantier et disponible dans les v\u00e9hicules et dont ampliation sera adress\u00e9e\u00a0:\n\u2013 au Colonel commandant le Groupement de gendarmerie D\u00e9partementale de Creuse,\n\u2013 au Colonel commandant le Groupement de gendarmerie D\u00e9partementale de l'Allier,\n\u2013 au Directeur D\u00e9partemental de la S\u00e9curit\u00e9 Publique de la Creuse,\n\u2013 \u00e0 M. le Commissaire de Police, chef de la circonscription de s\u00e9curit\u00e9 publique de Montlu\u00e7on,\n\u2013 au district de Gu\u00e9ret\u00a0concern\u00e9 par les travaux,\ncharg\u00e9s, chacun en ce qui le concerne, d'en assurer l'ex\u00e9cution,\net pour information \u00e0\u00a0:\n\u2013 la pr\u00e9fecture de la Creuse,\n\u2013 la pr\u00e9fecture de l'Allier,\n\u2013 Mme la Pr\u00e9sidente du Conseil D\u00e9partemental de la Creuse,\n\u2013 M le Pr\u00e9sident du Conseil D\u00e9partemental de l'Allier,\n\u2013 Mesdames,  Messieurs les Maires des communes  de Jarnages,  Gouzon,  Bord Saint Georges,  Auge,\nVerneiges, L\u00e9paud, Nouhant, Lamaids, Quinssaines, Pr\u00e9milhat, et Dom\u00e9rat,\n\u2013 Mme la Directrice D\u00e9partementale des Territoires de la Creuse,\n\u2013 M Le Directeur D\u00e9partemental des Territoires de l'Allier,\n\u2013 Syndicat des Transporteurs Routiers de la Nouvelle Aquitaine,\n22, rue des P\u00e9nitents blancs\n87 032 Limoges cedex\nT\u00e9l.\u00a0: 33 (0) 5 87 50 60 00\nT\u00e9l\u00a0: 05 55 41 87 00 \nwww.dirco.info\nM\u00e9l\u00a0: District-Gueret.Dirco@developpement-durable.gouv.fr 5/6\nDirection Centre Est - 03-2025-12-05-00001 - 2025-N145-GUE-23&03-24 portant r\u00e9glementation temporaire de la circulation sur la RN\n145 pour r\u00e9aliser des travaux de pose de barri\u00e8res sur bretelles d'\u00e9changeurs sur le territoire des communes de Lamaids, Quinssaines,\nPr\u00e9milhat et Dom\u00e9rat\n30\n\u2013 Syndicat des Transporteurs Routiers d'Auvergne-Rh\u00f4ne-Alpes,\n\u2013 S.D.I.S. de la Creuse,\n\u2013 S.D.I.S. de l'Allier,\n\u2013 Service des Transports \u2013 R\u00e9gion Nouvelle Aquitaine,\n\u2013 S.A.M.U. 23,\n\u2013 S.A.M.U. 03,\n\u2013 CIGT\n\u00c0 Gu\u00e9ret ,\nLA PR\u00c9F\u00c8TE DE LA CREUSE,\nP/LA PR\u00c9F\u00c8TE DE LA CREUSE, ET PAR D\u00c9L\u00c9GATION,\nLE PR\u00c9FET DE L'ALLIER,\nP/LE PR\u00c9FET DE L'ALLIER, ET PAR D\u00c9L\u00c9GATION,\nLe Directeur Interd\u00e9partemental des Routes Centre Ouest,\net par subd\u00e9l\u00e9gation le chef du district de Gu\u00e9ret\nJ\u00e9r\u00f4me BOISSIER\n22, rue des P\u00e9nitents blancs\n87 032 Limoges cedex\nT\u00e9l.\u00a0: 33 (0) 5 87 50 60 00\nT\u00e9l\u00a0: 05 55 41 87 00 \nwww.dirco.info\nM\u00e9l\u00a0: District-Gueret.Dirco@developpement-durable.gouv.fr 6/6\nDirection Centre Est - 03-2025-12-05-00001 - 2025-N145-GUE-23&03-24 portant r\u00e9glementation temporaire de la circulation sur la RN\n145 pour r\u00e9aliser des travaux de pose de barri\u00e8res sur bretelles d'\u00e9changeurs sur le territoire des communes de Lamaids, Quinssaines,\nPr\u00e9milhat et Dom\u00e9rat\n31","date":"2026-01-05","first_seen_on":"2026-01-05T09:05:03+00:00","id":"bc3f0185aa1a1acdae698a86968a6feb0898e5fd68c2eb95e456370172c279f2","name":"recueil \u00e9dit\u00e9 le 05 janvier 2026","pdf_creation_date":"2026-01-05T01:00:38+00:00","pdf_modification_date":null,"timezone":"Europe/Paris","url":"https://www.allier.gouv.fr/contenu/telechargement/19265/131488/file/recueil-03-2026-003-recueil-des-actes-administratifs.pdf"}
