{"administration":"pref80","administration_name":"Pr\u00e9fecture de la Somme","content":"PR\u00c9FECTURE\nDE LA SOMME\nRECUEIL DES ACTES\nADMINISTRATIFS SP\u00c9CIAL\n(NOMINATIFS)\nN\u00b02024-013\nPUBLI\u00c9 LE 15 JANVIER 2024\nSommaire\nDirection d\u00e9partementale de l\u25a1emploi, du travail et des solidarit\u00e9s de la\nSomme (DDETS Somme) /\n80-2024-01-10-00002 - R\u00e9cepiss\u00e9 de d\u00e9claration SAP CAPART Romain\nsignature LC (2 pages) Page 3\n2\nDirection d\u00e9partementale de l\u25a1emploi, du travail\net des solidarit\u00e9s de la Somme (DDETS Somme)\n80-2024-01-10-00002\nR\u00e9cepiss\u00e9 de d\u00e9claration SAP CAPART Romain\nsignature LC\nDirection d\u00e9partementale de l\u25a1emploi, du travail et des solidarit\u00e9s de la Somme (DDETS Somme) - 80-2024-01-10-00002 - R\u00e9cepiss\u00e9\nde d\u00e9claration SAP CAPART Romain signature LC 3\nPREFET  |\nDE LA SOMME  Direction  d\u00e9partementale  de l'emploi,\nun du travail  et des  solidarit\u00e9s  de la Somme\nFraternit\u00e9\nR\u00e9c\u00e9piss\u00e9  de d\u00e9claration  ;\nd'un  organisme  de services  \u00e0 la personne\nenregistr\u00e9  sous  le N\u00b0 SAP790578140\nVu le code  du travail  et notamment  les articles  L.7231-1  \u00e0 L.7233-2,  R.7232-16  \u00e0 R.7232-22,  D.7231-1  et\nD.7233-1  \u00e0 D.7233-5  ;\nLe pr\u00e9fet  de la Somme\nConstate  :\nQu'une  d\u00e9claration  d'activit\u00e9s  de services  \u00e0 la personne  a \u00e9t\u00e9 d\u00e9pos\u00e9e  aupr\u00e8s  du service  instructeur\nde la Somme,  le 09/01/2024  par monsieur  Romain  CAPART,  en qualit\u00e9  de dirigeant(e),  pour\nl'organisme  dont  l'\u00e9tablissement  principal  est situ\u00e9  3 rue Ambroise  Croizat  \u2014 80 130  TULLY  et\nenregistr\u00e9  sous  le N\u00b0 SAP790578140  pour  les activit\u00e9s  suivantes  :\n\u00ab Petits  travaux  de jardinage  (mode  d'intervention  Mandataire,  Prestataire)\nToute  modification  concernant  les activit\u00e9s  exerc\u00e9es  devra  faire  l'objet  d'une  d\u00e9claration\nmodificative  pr\u00e9alable.\nSous  r\u00e9serve  d'\u00eatre  exerc\u00e9es  \u00e0 titre  exclusif  (ou sous  r\u00e9serve  d'une  comptabilit\u00e9  s\u00e9par\u00e9e  pour  les\npersonnes  morales  dispens\u00e9es  de cette  condition),  ces activit\u00e9s  ouvrent  droit  au b\u00e9n\u00e9fice  des\ndispositions  des  articles  L. 7233-2  du code  du travail  et L.241-10  du code  de la s\u00e9curit\u00e9  sociale  dans\nles conditions  pr\u00e9vues  par  ces  articles.\nLes effets  de la d\u00e9claration  courent  \u00e0 compter  du jour  du d\u00e9p\u00f4t  de la d\u00e9claration  sous  r\u00e9serve  des\ndispositions  de l'article  R.7232-18  du code  du travail.  Le pr\u00e9sent  r\u00e9c\u00e9piss\u00e9  n'est  pas limit\u00e9  dans  le\ntemps.  La d\u00e9claration  a une  port\u00e9e  nationale.\nLe cas  \u00e9ch\u00e9ant  :\nEn application  des  articles  L.7232-1  et R.7232-1  \u00e0 R.7232-15,  les activit\u00e9s  n\u00e9cessitant  un agr\u00e9ment\n(article  D.7231-1  du code  du travail)  n'ouvrent  droit  \u00e0 ces dispositions  que  si l'organisme  a\npr\u00e9alablement  obtenu  l'agr\u00e9ment  ou le renouvellement  de cet agr\u00e9ment  dans  le ou les d\u00e9partement(s)\nd'exercice  de ses activit\u00e9s.\nDe m\u00eame,  en application  de l'article  D.312-6-2  du code  de l'action  sociale  et des  familles,  les activit\u00e9s\nn\u00e9cessitant  une  autorisation  n'ouvrent  droit  \u00e0 ces dispositions  que  si l'organisme  a pr\u00e9alablement\nobtenu  l'autorisation  ou le renouvellement  de cette  autorisation.\nL'enregistrement  de la d\u00e9claration  peut  \u00eatre  retir\u00e9  dans  les conditions  fix\u00e9es  aux  articles  R.7232-20  \u00e0\nR.7232-22  du code  du travail.\nLe pr\u00e9sent  r\u00e9c\u00e9piss\u00e9  sera  publi\u00e9  au recueil  des  actes  administratifs  de la pr\u00e9fecture.\nLe pr\u00e9sent  r\u00e9c\u00e9piss\u00e9  peut,  \u00e0 compter  de sa notification,  faire  l'objet  d'un  recours  gracieux  aupr\u00e8s\nservice  instructeur  de la Somme  ou d'un  recours  hi\u00e9rarchique  adress\u00e9  au ministre  charg\u00e9  de\nl'\u00e9conomie  - Direction  g\u00e9n\u00e9rale  des entreprises  \u2014 sous-direction  des services  marchands,  61\nBoulevard  Vincent  Auriol,  75 703  PARIS  CEDEX  13.\nIl peut  \u00e9galement  faire  l'objet  d'un  recours  contentieux  dans  un d\u00e9lai  de deux  mois  \u00e0 compter  de sa\nnotification  aupr\u00e8s  du tribunal  administratif  .\nDirection  d\u00e9partementale  de l'emploi,  du travail  et des solidarit\u00e9s  de la Somme  (DDETS  80)\n40 rue de la Vall\u00e9e  \u2014 BP 71 710  - 80 017  AMIENS  - standard  03 64 26 88 00\nddets-sap@somme.gouv.\nDirection d\u00e9partementale de l\u25a1emploi, du travail et des solidarit\u00e9s de la Somme (DDETS Somme) - 80-2024-01-10-00002 - R\u00e9cepiss\u00e9\nde d\u00e9claration SAP CAPART Romain signature LC 4\nLe tribunal  administratif  peut  aussi  \u00eatre  saisi  par  l'application  informatique  \u00ab T\u00e9l\u00e9recours  citoyen  \u00bb\naccessible  sur le site  internet  http://www.telerecours.fr/\nEn cas de rejet  du recours  gracieux  ou hi\u00e9rarchique  ou en l'absence  de r\u00e9ponse  \u00e0 ce recours  (rejet\nimplicite),  UN recours  contentieux  devant  le tribunal  administratif  peut  \u00e9galement  \u00eatre  forme  contre\nla d\u00e9cision  initiale  dans  un d\u00e9lai  de deux  mois  \u00e0 compter  de ce rejet.\nFait \u00e0 Amiens,  le 10/01/2024\nPour  le pr\u00e9fet  et par d\u00e9l\u00e9gation,\nla directrice  d\u00e9partementale\ndE\"l'a\\D\\DETS  de la Somme\n<  _\nL\u00e6titia  CRETON\nDirection d\u00e9partementale de l\u25a1emploi, du travail et des solidarit\u00e9s de la Somme (DDETS Somme) - 80-2024-01-10-00002 - R\u00e9cepiss\u00e9\nde d\u00e9claration SAP CAPART Romain signature LC 5","date":"2024-01-15","first_seen_on":"2024-08-24T23:03:58+00:00","id":"bcbb9f4e200a32493b549fec3abd57d532688907bdbcfdea93f24184c402c7b9","name":"RAA n\u00b013 sp\u00e9cial (nominatifs) du 15 janvier 2024","pdf_creation_date":"2024-01-15T14:10:47+00:00","pdf_modification_date":null,"timezone":"Europe/Paris","url":"https://www.somme.gouv.fr/contenu/telechargement/46283/310587/file/recueil-2024-013-recueil-des-actes-administratifs-nominatifs.pdf"}
