{"administration":"pref2b","administration_name":"Pr\u00e9fecture de Haute-Corse","content":"HAUTE-CORSE\nRECUEIL DES ACTES\nADMINISTRATIFS SP\u00c9CIAL\nN\u00b02B-2025-06-018\nPUBLI\u00c9 LE 30 JUIN 2025\nSommaire\nPREFECTURE DE LA HAUTE CORSE / Bureau Juridique, de la Circulation et de\nl'Accompagnement des Usagers\n2B-2025-06-30-00005 - Arr\u00eat\u00e9 n\u00b0 2B-2025-06-30-00005 portant\nd\u00e9l\u00e9gation de signature \u00e0 Monsieur Arnaud MILLEMANN, secr\u00e9taire\ng\u00e9n\u00e9ral de la pr\u00e9fecture de la Haute-Corse (3 pages) Page 3\n2B-2025-06-30-00006 - Arr\u00eat\u00e9 n\u00b02B-2025-06-30-00006 portant\nd\u00e9l\u00e9gation de signature \u00e0 Monsieur Arnaud MILLEMANN, secr\u00e9taire\ng\u00e9n\u00e9ral de la pr\u00e9fecture de la Haute-Corse en mati\u00e8re\nd'ordonnancement secondaire et de pouvoir adjudicateur (3 pages) Page 7\n2\nPREFECTURE DE LA HAUTE CORSE\nBureau Juridique, de la Circulation et de\nl'Accompagnement des Usagers\n2B-2025-06-30-00005\nArr\u00eat\u00e9 n\u00b0 2B-2025-06-30-00005 portant\nd\u00e9l\u00e9gation de signature \u00e0 Monsieur Arnaud\nMILLEMANN, secr\u00e9taire g\u00e9n\u00e9ral de la pr\u00e9fecture\nde la Haute-Corse\nPREFECTURE DE LA HAUTE CORSE - Bureau Juridique, de la Circulation et de l'Accompagnement des Usagers - 2B-2025-06-30-00005 -\nArr\u00eat\u00e9 n\u00b0 2B-2025-06-30-00005 portant d\u00e9l\u00e9gation de signature \u00e0 Monsieur Arnaud MILLEMANN, secr\u00e9taire g\u00e9n\u00e9ral de la pr\u00e9fecture de\nla Haute-Corse - 2B-2025-06-018 - 30/06/2025\n3\nPREFET Direction de la Citoyennet\u00e9DE LA HAUTE- . . x. miiCORSE et des Libert\u00e9s PubliquesLibert\u00e9Egalit\u00e9Fraternit\u00e9\nArr\u00eat\u00e9 n\u00b0 2B-2025-06-. si.portant d\u00e9l\u00e9gation de signature \u00e0 Monsieur Arnaud MILLEMANN,secr\u00e9taire g\u00e9n\u00e9ral de la pr\u00e9fecture de la Haute-Corse\nLe pr\u00e9fet de la Haute-Corse,\nVu le Code g\u00e9n\u00e9ral des collectivit\u00e9s territoriales ;Vu le Code de proc\u00e9dure civile ;Vu le Code de l'entr\u00e9e et du s\u00e9jour des \u00e9trangers et du droit d'asile ;Vu la loi n\u00b0 82-213 du 2 mars 1982 modifi\u00e9e, relative aux droits et libert\u00e9s des communes, desd\u00e9partements et des r\u00e9gions ;Vu la loi d'orientation n\u00b0 92-125 du 06 f\u00e9vrier 1992 relative a l'administration territoriale de laR\u00e9publique ;Vu le d\u00e9cret n\u00b0 97-34 du 15 janvier 1997 modifi\u00e9 relatif \u00e0 la d\u00e9concentration des d\u00e9cisionsadministratives individuelles ;Vu le d\u00e9cret n\u00b0 2004-374 du 29 avril 2004 modifi\u00e9, relatif aux pouvoirs des pr\u00e9fets, \u00e0 l'organisation et \u00e0l'action des services de l'\u00c9tat dans les r\u00e9gions et d\u00e9partements ;Vu le d\u00e9cret n\u00b0 2015-510 du 07 mai 2015 portant charte de la d\u00e9concentration ;Vu le d\u00e9cret du 08 novembre 2021 portant nomination de Monsieur Yoann TOUBHANS sous-pr\u00e9fet deCalvi ;Vu le d\u00e9cret du 20 juillet 2022 portant nomination de Monsieur Michel PROSIC pr\u00e9fet de laHaute-Corse ; |Vu le d\u00e9cret du 7 f\u00e9vrier 2024 portant nomination de Monsieur Arnaud MILLEMANN secr\u00e9taire g\u00e9n\u00e9ralde la pr\u00e9fecture de Haute-Corse ;Vu le d\u00e9cret du 6 janvier 2025 portant nomination de Monsieur Thomas KUPISZ sous-pr\u00e9fet de Corte ;Vu le d\u00e9cret du 28 mai 2025 portant nomination de Monsieur Pierre-Yves ARGAT directeur de cabinetdu pr\u00e9fet de la Haute-Corse ;Vu l'arr\u00eat\u00e9 n\u00b02B-2023-12-13-00003 portant organisation de la pr\u00e9fecture de Haute-Corse ;\n1 de 3\n/0 /1 /2 /1 /1 /1 /1 /3 \nPREFECTURE DE LA HAUTE CORSE - Bureau Juridique, de la Circulation et de l'Accompagnement des Usagers - 2B-2025-06-30-00005 -\nArr\u00eat\u00e9 n\u00b0 2B-2025-06-30-00005 portant d\u00e9l\u00e9gation de signature \u00e0 Monsieur Arnaud MILLEMANN, secr\u00e9taire g\u00e9n\u00e9ral de la pr\u00e9fecture de\nla Haute-Corse - 2B-2025-06-018 - 30/06/2025\n4\nSur proposition du secr\u00e9taire g\u00e9n\u00e9ral de la pr\u00e9fecture :\nARRETE\nxArticle 1\": D\u00e9l\u00e9gation de signature est donn\u00e9e \u00e0 Monsieur Arnaud MILLEMANN, sous-pr\u00e9fet del'arrondissement de Bastia, secr\u00e9taire g\u00e9n\u00e9ral de la pr\u00e9fecture de la Haute-Corse, \u00e0 l'effet de signer lesm\u00e9moires, requ\u00eates, d\u00e9f\u00e9r\u00e9s et saisines adress\u00e9es aux juridictions administratives et judiciaires ainsi quetous les actes, arr\u00eat\u00e9s, d\u00e9cisions, circulaires, rapports, correspondances et documents administratifsrelevant des attributions de l'\u00c9tat dans le d\u00e9partement de la Haute-Corse.\nArticle 2 : Demeurent r\u00e9serv\u00e9s \u00e0 la signature du pr\u00e9fet :1. les arr\u00eat\u00e9s de conflit ;2. les arr\u00eat\u00e9s de r\u00e9quisition de la force arm\u00e9e.\nArticle 3: En cas d'absence ou d'emp\u00e9chement de Monsieur Arnaud MILLEMANN, sous-pr\u00e9fet del'arrondissement de Bastia, secr\u00e9taire g\u00e9n\u00e9ral de la pr\u00e9fecture de la Haute-Corse, la d\u00e9l\u00e9gation designature qui lui est conf\u00e9r\u00e9e par le pr\u00e9sent arr\u00eat\u00e9 est exerc\u00e9e par Monsieur Pierre-Yves ARGAT,sous-pr\u00e9fet, directeur de cabinet du pr\u00e9fet. |\nArticle 4: En cas d'absence ou d'emp\u00e9chement simultan\u00e9 de Monsieur Arnaud MILLEMANN,sous-pr\u00e9fet de l'arrondissement de Bastia, secr\u00e9taire g\u00e9n\u00e9ral de la pr\u00e9fecture de la Haute-Corse, et deMonsieur Pierre-Yves ARGAT, sous-pr\u00e9fet, directeur de cabinet du pr\u00e9fet, les attributions d\u00e9l\u00e9gu\u00e9es ausecr\u00e9taire g\u00e9n\u00e9ral de la pr\u00e9fecture de la Haute-Corse par le pr\u00e9sent arr\u00eat\u00e9 sont exerc\u00e9es par ThomasKUPISZ, sous-pr\u00e9fet de l'arrondissement de Corte.\nArticle 5: En cas d'absence ou d'emp\u00e9chement simultan\u00e9 de Monsieur Arnaud MILLEMANN,sous-pr\u00e9fet de l'arrondissement de Bastia, secr\u00e9taire g\u00e9n\u00e9ral de la pr\u00e9fecture de la Haute-Corse, deMonsieur Pierre-Yves ARGAT, sous-pr\u00e9fet, directeur de cabinet du pr\u00e9fet, et de Thomas KUPISZ, sous-pr\u00e9fet de l'arrondissement de Corte, les attributions d\u00e9l\u00e9gu\u00e9es au secr\u00e9taire g\u00e9n\u00e9ral de la pr\u00e9fecturede la Haute-Corse, par le pr\u00e9sent arr\u00eat\u00e9, sont exerc\u00e9es par Monsieur Yoann TOUBHANS, sous-pr\u00e9fet del'arrondissement de Calvi.\nArticle 6: Le pr\u00e9sent arr\u00eat\u00e9 entrera en vigueur le lendemain de sa publication au recueil des actesadministratifs de la Haute-Corse. Toutes dispositions ant\u00e9rieures seront abrog\u00e9es \u00e0 cette date.\nArticle 7 : Le secr\u00e9taire g\u00e9n\u00e9ral de la pr\u00e9fecture de la Haute-Corse, le sous-pr\u00e9fet, directeur de cabinetdu pr\u00e9fet, le sous-pr\u00e9fet de l'arrondissement de Corte, le sous-pr\u00e9fet de l'arrondissement de Calvi sontcharg\u00e9s, chacun en ce qui le concerne, de l'ex\u00e9cution du pr\u00e9sent arr\u00eat\u00e9.\nBastia, le\n2 de 3\nPREFECTURE DE LA HAUTE CORSE - Bureau Juridique, de la Circulation et de l'Accompagnement des Usagers - 2B-2025-06-30-00005 -\nArr\u00eat\u00e9 n\u00b0 2B-2025-06-30-00005 portant d\u00e9l\u00e9gation de signature \u00e0 Monsieur Arnaud MILLEMANN, secr\u00e9taire g\u00e9n\u00e9ral de la pr\u00e9fecture de\nla Haute-Corse - 2B-2025-06-018 - 30/06/2025\n5\nLe Pr\u00e9fet\nMichel PROSIC\n3 de 3\nPREFECTURE DE LA HAUTE CORSE - Bureau Juridique, de la Circulation et de l'Accompagnement des Usagers - 2B-2025-06-30-00005 -\nArr\u00eat\u00e9 n\u00b0 2B-2025-06-30-00005 portant d\u00e9l\u00e9gation de signature \u00e0 Monsieur Arnaud MILLEMANN, secr\u00e9taire g\u00e9n\u00e9ral de la pr\u00e9fecture de\nla Haute-Corse - 2B-2025-06-018 - 30/06/2025\n6\nPREFECTURE DE LA HAUTE CORSE\nBureau Juridique, de la Circulation et de\nl'Accompagnement des Usagers\n2B-2025-06-30-00006\nArr\u00eat\u00e9 n\u00b02B-2025-06-30-00006 portant\nd\u00e9l\u00e9gation de signature \u00e0 Monsieur Arnaud\nMILLEMANN, secr\u00e9taire g\u00e9n\u00e9ral de la pr\u00e9fecture\nde la Haute-Corse en mati\u00e8re\nd'ordonnancement secondaire et de pouvoir\nadjudicateur\nPREFECTURE DE LA HAUTE CORSE - Bureau Juridique, de la Circulation et de l'Accompagnement des Usagers - 2B-2025-06-30-00006 -\nArr\u00eat\u00e9 n\u00b02B-2025-06-30-00006 portant d\u00e9l\u00e9gation de signature \u00e0 Monsieur Arnaud MILLEMANN, secr\u00e9taire g\u00e9n\u00e9ral de la pr\u00e9fecture de\nla Haute-Corse en mati\u00e8re d'ordonnancement secondaire et de pouvoir adjudicateur - 2B-2025-06-018 - 30/06/2025\n7\nPREFET Direction de la Citoyennet\u00e9DE LA HAUTE- : - ,CORSE | | et des Libert\u00e9s Publiques\nFraternit\u00e9\nArr\u00eat\u00e9 n\u00b02B-2025-06portant d\u00e9l\u00e9gation de signature \u00e0 Monsieur Arnaud MILLEMANN, secr\u00e9taire g\u00e9n\u00e9ral de lapr\u00e9fecture de la Haute-Corse en mati\u00e8re d'ordonnancement secondaire et de pouvoiradjudicateur\nLe pr\u00e9fet de la Haute-Corse,\nVu la loi n\u00b0 82-213 du 2 mars 1982, relative aux droits et libert\u00e9s des communes, des d\u00e9partements etdes r\u00e9gions, et notamment ses articles 3 et 46;W la loi d'orientation n\u00b0 92-125 du 06 f\u00e9vrier 1992, modifi\u00e9e, relative \u00e0 l'administration territoriale de leR\u00e9publique ; |Vu la loi organique n\u00b02001-692 du 1er ao\u00fbt 2001 relative aux lois de finances ;W le d\u00e9cret n\u00b0 2004-374 du 29 avril 2004 relatif aux pouvoirs des pr\u00e9fets, \u00e0 l'organisation et \u00e0 l'actiondes services de l'\u00c9tat dans les r\u00e9gions et d\u00e9partements ;Vu le d\u00e9cret n\u00b0 2012-1246 en date du 7 novembre 2012 relatif \u00e0 la gestion budg\u00e9taire et comptablepublique ;Vu le d\u00e9cret n\u00b0 2015-510 en date du 7 mai 2015 portant charte de d\u00e9concentration ;Vu le d\u00e9cret du 08 novembre 2021 portant nomination de Monsieur Yoann TOUBHANS du sous-pr\u00e9fetde Calvi;Vu le d\u00e9cret du 20 juillet 2022 portant nomination de Monsieur Michel PROSIC pr\u00e9fet de laHaute-Corse ;W le d\u00e9cret du 7 f\u00e9vrier 2024 portant nomination de Monsieur Arnaud MILLEMANN secr\u00e9taire g\u00e9n\u00e9ralde la pr\u00e9fecture de Haute-Corse ;Vu le d\u00e9cret du 6 janvier 2025 portant nomination de Monsieur Thomas KUPISZ sous-pr\u00e9fet de Corte ;Vu le d\u00e9cret du 28 mai 2025 portant nomination de Monsieur Pierre-Yves ARGAT directeur de cabinetdu pr\u00e9fet de la Haute-Corse ;Vu l'arr\u00eat\u00e9 n\u00b02B-2023-12-13-00003 portant organisation de la pr\u00e9fecture de Haute-Corse ;\n1 de 3\n/0 /1 /2 /0 /2 /2 /2 /2 /3 \nPREFECTURE DE LA HAUTE CORSE - Bureau Juridique, de la Circulation et de l'Accompagnement des Usagers - 2B-2025-06-30-00006 -\nArr\u00eat\u00e9 n\u00b02B-2025-06-30-00006 portant d\u00e9l\u00e9gation de signature \u00e0 Monsieur Arnaud MILLEMANN, secr\u00e9taire g\u00e9n\u00e9ral de la pr\u00e9fecture de\nla Haute-Corse en mati\u00e8re d'ordonnancement secondaire et de pouvoir adjudicateur - 2B-2025-06-018 - 30/06/2025\n8\nSur proposition du secr\u00e9taire g\u00e9n\u00e9ral de la pr\u00e9fecture :\nARRETE\nArticle 1\" : Monsieur Arnaud MILLEMANN, sous-pr\u00e9fet de l'arrondissement de Bastia, secr\u00e9taire g\u00e9n\u00e9ralde la pr\u00e9fecture de la Haute-Corse, est d\u00e9sign\u00e9 en qualit\u00e9 de pouvoir adjudicateur au regard du codedes march\u00e9s publics.\n_ Article 2: D\u00e9l\u00e9gation de signature est donn\u00e9e \u00e0 Monsieur Arnaud MILLEMANN en mati\u00e8red'ordonnancement secondaire pour les cr\u00e9dits suivants :x Pour les BOP 354 \u00ab administration g\u00e9n\u00e9rale et territoriale de l'\u00c9tat \u00bb, 216 \u00ab conduite et pilotagedes politiques de l'Int\u00e9rieur \u00bb, 176 \u00ab police nationale \u00bb, 161 \u00ab s\u00e9curit\u00e9 civile \u00bb, 122 - action 1\u00abconcours sp\u00e9cifiques et administration\u00bb, 119 \u00abconcours financiers aux collectivit\u00e9sterritoriales et \u00e0 leurs groupements \u00bb, 754 \u00ab contribution \u00e0 l'\u00e9quipement des collectivit\u00e9sterritoriales pour l'am\u00e9lioration des transports en commun, de la s\u00e9curit\u00e9 et de la circulationrouti\u00e8re \u00bb Monsieur Arnaud MILLEMANN, re\u00e7oit d\u00e9l\u00e9gation pour signer toutes d\u00e9cisions ded\u00e9penses et de recettes, les constatations de service fait ainsi que le pilotage des cr\u00e9dits depaiement incluant la priorisation des r\u00e8glements.x Pour le BOP 723 \u00ab op\u00e9rations immobili\u00e8res et entretien des b\u00e2timents de l'\u00c9tat \u00bb, MonsieurArnaud MILLEMANN re\u00e7oit d\u00e9l\u00e9gation de signature \u00e0 l'effet de signer tous actes relatifs al'ex\u00e9cution des d\u00e9penses et recettes li\u00e9es \u00e0 la mise en \u0153uvre du BOP 723 pour les op\u00e9rationsqui lui sont confi\u00e9es.x Pour les BOP 232 \u00ab Vie Politique, cultuelle et associative \u00bb - d\u00e9penses \u00e9lectorales , 218\u00ab Conduite et pilotage des politiques \u00e9conomique et financi\u00e9re \u00bb - \u00e9lections des juges destribunaux de commerce, 149 \"\u00e9conomie et d\u00e9veloppement durable dans l'agriculture et lafor\u00eat\", 111 \u00ab Am\u00e9lioration de la qualit\u00e9 de l'emploi et des relations de travail \u00bb \u2014 \u00e9lectionsprud'homales et 380 \u00ab fonds d'acc\u00e9l\u00e9ration de la transition \u00e9cologique dans les territoires \u00bb,Monsieur Arnaud MILLEMANN re\u00e7oit d\u00e9l\u00e9gation de signature \u00e0 l'effet de signer tous actesrelatifs \u00e0 l'ex\u00e9cution des d\u00e9penses et recettes li\u00e9es \u00e0 leur mise en \u0153uvre.\nArticle 3 : Autorisation de paiement d\u00e9mat\u00e9rialis\u00e9 par cartes achat est donn\u00e9 aux agents d\u00e9nomm\u00e9s\u00ab porteurs \u00bb et d\u00e9finis par arr\u00eat\u00e9 d\u00e9di\u00e9.\nArticle 4: En cas d'absence ou d'emp\u00eachement de Monsieur Arnaud MILLEMANN, la d\u00e9l\u00e9gation designature conf\u00e9r\u00e9e par le pr\u00e9sent arr\u00eat\u00e9 est exerc\u00e9e par Monsieur Pierre-Yves ARGAT, sous-pr\u00e9fet,directeur de cabinet du pr\u00e9fet. En cas d'absence ou d'emp\u00eachement simultan\u00e9 de Monsieur ArnaudMILLEMANN et Monsieur Pierre-Yves ARGAT, la d\u00e9l\u00e9gation de signature pr\u00e9vue au pr\u00e9sent arr\u00eat\u00e9 estexerc\u00e9e par Monsieur Thomas KUPISZ, sous-pr\u00e9fet de l'arrondissement de Corte. En cas d'absence oud'emp\u00eachement simultan\u00e9 de Monsieur Arnaud MILLEMANN, Monsieur Pierre-Yves ARGAT et Monsieur\n2 de 3\nPREFECTURE DE LA HAUTE CORSE - Bureau Juridique, de la Circulation et de l'Accompagnement des Usagers - 2B-2025-06-30-00006 -\nArr\u00eat\u00e9 n\u00b02B-2025-06-30-00006 portant d\u00e9l\u00e9gation de signature \u00e0 Monsieur Arnaud MILLEMANN, secr\u00e9taire g\u00e9n\u00e9ral de la pr\u00e9fecture de\nla Haute-Corse en mati\u00e8re d'ordonnancement secondaire et de pouvoir adjudicateur - 2B-2025-06-018 - 30/06/2025\n9\nThomas KUPISZ, la d\u00e9l\u00e9gation de signature pr\u00e9vue au pr\u00e9sent arr\u00eat\u00e9 est exerc\u00e9e par Monsieur YoannTOUBHANS, sous-pr\u00e9fet de l'arrondissement de Calvi.\nArticle 5: Le pr\u00e9sent arr\u00eat\u00e9 entrera en vigueur le lendemain de sa publication au recueil des actesadministratifs de la Haute-Corse. Toutes dispositions ant\u00e9rieures seront abrog\u00e9es \u00e0 cette date.\nArticle 6 : Le secr\u00e9taire g\u00e9n\u00e9ral de la pr\u00e9fecture de la Haute-Corse, le sous-pr\u00e9fet, directeur de cabinetdu pr\u00e9fet, le sous-pr\u00e9fet de l'arrondissement de Corte, le sous-pr\u00e9fet de l'arrondissement de Calvi, ledirecteur r\u00e9gional des finances publiques de Corse et le directeur d\u00e9partemental des financespubliques de la Haute-Corse, sont charg\u00e9s, chacun en ce qui le concerne, de l'ex\u00e9cution du pr\u00e9sentarr\u00eat\u00e9.\nBastia, le\nLe Pr\u00e9fet\nmaMichel PROSI\n3 de 3\nPREFECTURE DE LA HAUTE CORSE - Bureau Juridique, de la Circulation et de l'Accompagnement des Usagers - 2B-2025-06-30-00006 -\nArr\u00eat\u00e9 n\u00b02B-2025-06-30-00006 portant d\u00e9l\u00e9gation de signature \u00e0 Monsieur Arnaud MILLEMANN, secr\u00e9taire g\u00e9n\u00e9ral de la pr\u00e9fecture de\nla Haute-Corse en mati\u00e8re d'ordonnancement secondaire et de pouvoir adjudicateur - 2B-2025-06-018 - 30/06/2025\n10","date":"2025-06-30","first_seen_on":"2025-06-30T14:08:50+00:00","id":"bd22ef9a1f0a026dbf994121ec41fd1ca50c25f869c4198a5c1ea1a0d782098b","name":"RAA N\u00b018 du 30 juin 2025 Sp\u00e9cial","pdf_creation_date":"2025-06-30T12:46:22+00:00","pdf_modification_date":null,"timezone":"Europe/Paris","url":"https://www.haute-corse.gouv.fr/contenu/telechargement/12568/101855/file/RAA%20N%C2%B018%20du%2030%20juin%202025%20Sp%C3%A9cial.pdf"}
