{"administration":"pref01","administration_name":"Pr\u00e9fecture de l\u2019Ain","content":"AIN\nRECUEIL DES ACTES\nADMINISTRATIFS SP\u00c9CIAL\nN\u00b001-2026-011\nPUBLI\u00c9 LE 13 JANVIER 2026\nSommaire\n01_DDPP_Direction d\u00e9partementale de la protection des populations de\nl'Ain /\n01-2026-01-13-00002 - ARRETE N\u00b0DDPP 01 26-015\nPORTANT\nSUBDELEGATION DE SIGNATURE\nen mati\u00e8re d'ordonnancement\nsecondaire des recettes et des d\u00e9penses \net pour l'exercice des\nattributions d\u00e9volues au pouvoir adjudicateur \n (5 pages) Page 3\n01-2026-01-13-00001 - Arr\u00eat\u00e9 N\u00b0DDPP 01-26-014  \nPORTANT\nSUBDELEGATION DE SIGNATURE \n (7 pages) Page 9\n01_Pref_Pr\u00e9fecture de l'Ain /\n01-2026-01-12-00004 - 20260113 AP01-26-015\nSubd\u00e9l\u00e9gationSignatureAdmGEtOrdonSecondaire-1 (5 pages) Page 17\n01-2026-01-13-00003 - Arr\u00eat\u00e9 N\u00b0DDPP01-26-015 portant\nsubd\u00e9l\u00e9gation de signature en mati\u00e8re d'ordonnancement secondaire\ndes recettes et des d\u00e9penses et pour l'exercice des attributions\nd\u00e9volue au pouvoir adjudicateur. (7 pages) Page 23\n01-2026-01-12-00003 - Arr\u00eat\u00e9 pr\u00e9fectoral portant modification des\ncomp\u00e9tences de la communaut\u00e9 de communes Bresse et Sa\u00f4ne  (2\npages) Page 31\n01-2026-01-12-00002 - Arr\u00eat\u00e9 pr\u00e9fectoral portant modification des\nstatuts du syndicat des eaux de la R\u00e9gion d'Amb\u00e9rieu  (SERA) (6\npages) Page 34\n84_ARS_Agence R\u00e9gionale de Sant\u00e9 Auvergne-Rh\u00f4ne-Alpes /\n01-2026-01-12-00001 - Arr\u00eat\u00e9 2026-01-0004 tableaux garde entreprises\nsanitaires 01 (15 pages) Page 41\n2\n01_DDPP_Direction d\u00e9partementale de la\nprotection des populations de l'Ain\n01-2026-01-13-00002\nARRETE N\u00b0DDPP 01 26-015\nPORTANT SUBDELEGATION DE SIGNATURE\nen mati\u00e8re d'ordonnancement secondaire des\nrecettes et des d\u00e9penses \net pour l'exercice des attributions d\u00e9volues au\npouvoir adjudicateur \n01_DDPP_Direction d\u00e9partementale de la protection des populations de l'Ain - 01-2026-01-13-00002 - ARRETE N\u00b0DDPP 01 26-015\nPORTANT SUBDELEGATION DE SIGNATURE\nen mati\u00e8re d'ordonnancement secondaire des recettes et des d\u00e9penses \net pour l'exercice des attributions d\u00e9volues au pouvoir adjudicateur \n3\n 1\n \n \n \n \n \nDIRECTION DEPARTEMENTALE  \nDE LA PROTECTION DES POPULATIONS   \n \n \n \n \n \n \n \nARRETE N\u00b0DDPP 01 26-015 \nPORTANT SUBDELEGATION DE SIGNATURE  \nen mati\u00e8re d'ordonnancement secondaire des recettes et des d\u00e9penses  \net pour l'exercice des attributions d\u00e9volues au pouvoir adjudicateur  \n \n \nLe directeur d\u00e9partemental de la protection des populations \n \n \n \nVU le code de la commande publique ;\n \nVU la loi n\u00b0 2020-1721 du 29 d\u00e9cembre 2020 de finances pour 2021 ;  \nVU la loi organique n\u00b0 2001-692 relative aux lois de finances ; \nVU la loi n\u00b0 92-125 du 06 f\u00e9vrier 1992 relative \u00e0 l'administration territoriale de la R\u00e9pu- \nblique ; \nVU la loi n\u00b0 82-213 du 2 mars 1982 relative aux dro its et libert\u00e9s des communes, des \nd\u00e9partements et des r\u00e9gions, modifi\u00e9e ; \nVU le d\u00e9cret n\u00b0 97-34 du 15 janvier 1997 relatif \u00e0 la d\u00e9concentration des d\u00e9cisions ad- \nministratives individuelles ;  \nVU le d\u00e9cret n\u00b0 2004-374 du 29 avril 2004 modifi\u00e9 r elatif aux pouvoirs des pr\u00e9fets, \u00e0 \nl'organisation et \u00e0 l'action des services de l'Etat dans les r\u00e9gions et les d\u00e9partements ; \nVU le d\u00e9cret n\u00b02009-1484 du 3 d\u00e9cembre 2009 modifi\u00e9 , relatif aux directions d\u00e9par- \ntementales interminist\u00e9rielles ;  \nVU le d\u00e9cret n\u00b02012-1246 du 7 novembre 2012 relatif \u00e0 la gestion budg\u00e9taire et \ncomptable publique ; \nVU le d\u00e9cret n\u00b0 2015-510 du 7 mai 2015 portant charte de la d\u00e9concentration ;  \nVU le d\u00e9cret n\u00b0 2019-1594 du 31 d\u00e9cembre 2019 relatif aux emplois de direction de \nl'Etat ; \n  \n01_DDPP_Direction d\u00e9partementale de la protection des populations de l'Ain - 01-2026-01-13-00002 - ARRETE N\u00b0DDPP 01 26-015\nPORTANT SUBDELEGATION DE SIGNATURE\nen mati\u00e8re d'ordonnancement secondaire des recettes et des d\u00e9penses \net pour l'exercice des attributions d\u00e9volues au pouvoir adjudicateur \n4\n 2\n \nVu le d\u00e9cret du 2 d\u00e9cembre 2025 portant nomination de Monsieur Louis-Xavier THI- \nRODE, en qualit\u00e9 de pr\u00e9fet de l'Ain  ; \n \nVU le d\u00e9cret du 02 ao\u00fbt 2023 portant nomination de Madame Virginie GUERIN-ROBI- \nNET, secr\u00e9taire G\u00e9n\u00e9rale de la pr\u00e9fecture de l'Ain,  sous-pr\u00e9f\u00e8te de l'arrondissement \nde Bourg-en-Bresse ; \nVU l'arr\u00eat\u00e9 interminist\u00e9riel du 2 mai 2002 portant r\u00e8glement de comptabilit\u00e9 publique \ndu minist\u00e8re de l'agriculture et de la p\u00eache pour l a d\u00e9signation des ordonnateurs se- \ncondaires et de leurs d\u00e9l\u00e9gu\u00e9s ; \nVU l'arr\u00eat\u00e9 du 31 mars 2011 modifi\u00e9 par arr\u00eat\u00e9 du P remier ministre du 1 er  juillet 2013, \nportant d\u00e9concentration des d\u00e9cisions relatives \u00e0 l a situation individuelle des fonc- \ntionnaires et agents non titulaires exer\u00e7ant leurs fonctions dans les directions d\u00e9par- \ntementales interminist\u00e9rielles ; \nVU l'arr\u00eat\u00e9 du Premier ministre et du ministre de l 'Int\u00e9rieur du 26 avril 2024 portant \nnomination de Monsieur Eric KEROURIO, inspecteur g\u00e9n\u00e9ral de sant\u00e9 publique v\u00e9t\u00e9ri- \nnaire, directeur d\u00e9partemental de la protection et des populations de l'Ain ; \nVu  l'arr\u00eat\u00e9 du Premier ministre et du ministre de l'Int\u00e9rieur du 12 d\u00e9cembre  2025 por- \ntant nomination de Madame Sophie-Jordane VINCENT, directrice d\u00e9partementale de \ndeuxi\u00e8me classe de la concurrence, de la consommati on et de la r\u00e9pression des \nfraudes, directrice d\u00e9partementale adjointe de la protection des populations de l'Ain \n\u00e0 compter du 9 janvier 2026  ; \n \nVU la circulaire n\u00b0 6104-SG du 2 ao\u00fbt 2019 relative  \u00e0 la constitution des secr\u00e9tariats \ng\u00e9n\u00e9raux communs aux pr\u00e9fectures et aux directions d\u00e9partementales \ninterminist\u00e9rielles ;  \n \nVU la circulaire du 12 juin 2019 relative \u00e0 la mise en \u0153uvre de l'organisation territoriale \nde l'\u00c9tat ;  \nVU l'arr\u00eat\u00e9 pr\u00e9fectoral du 15 d\u00e9cembre 2020 portant cr\u00e9ation et organisation du se- \ncr\u00e9tariat g\u00e9n\u00e9ral commun \u00e0 la pr\u00e9fecture et aux directions d\u00e9partementales intermi- \nnist\u00e9rielles de l'Ain ;  \nVU l'arr\u00eat\u00e9 pr\u00e9fectoral du 22 d\u00e9cembre 2020 portant organisation de la direction d\u00e9- \npartementale de la protection des populations ; \nVU l'arr\u00eat\u00e9 pr\u00e9fectoral  du 12 janvier 2026 portant d\u00e9l\u00e9gation de signature \u00e0 Monsieur \nEric KEROURIO, Inspecteur g\u00e9n\u00e9ral de sant\u00e9 publique v\u00e9t\u00e9rinaire, Directeur d\u00e9parte- \nmental de la protection des populations de l'Ain, pour l'ordonnancement secondaire \ndes recettes et des d\u00e9penses et pour l'exercice des  attributions d\u00e9volues au pouvoir \nadjudicateur ; \n \n \n \n \n01_DDPP_Direction d\u00e9partementale de la protection des populations de l'Ain - 01-2026-01-13-00002 - ARRETE N\u00b0DDPP 01 26-015\nPORTANT SUBDELEGATION DE SIGNATURE\nen mati\u00e8re d'ordonnancement secondaire des recettes et des d\u00e9penses \net pour l'exercice des attributions d\u00e9volues au pouvoir adjudicateur \n5\n 3\nARRETE  \nArticle 1er : \nEn cas d'absence ou d'emp\u00eachement de Monsieur Eric KEROURIO, Directeur d\u00e9parte- \nmental de la Direction D\u00e9partementale de la Protect ion des Populations de l'Ain, et \nde Madame Sophie-Jordane VINCENT, Directrice adjoin te de la Direction D\u00e9parte- \nmentale de la Protection des Populations de l'Ain, subd\u00e9l\u00e9gation de signature est don- \nn\u00e9e \u00e0 Madame Marie-Madeleine RICHER , cheffe du service \u00ab Protection de l'environ- \nnement et appui transversal aux m\u00e9tiers \u00bb, \u00e0 effet de signer dans les conditions fix\u00e9es \npar les arr\u00eat\u00e9s pr\u00e9fectoraux de d\u00e9l\u00e9gation,  \ntout acte juridique (commande, contrat, convention, bail, march\u00e9...) relatif aux biens \net services n\u00e9cessaires \u00e0 l'exercice des missions et au fonctionnement de la Direction \nd\u00e9partementale de la protection des populations et aux travaux d'am\u00e9nagement et \nd'entretien des biens immobiliers, et toute pi\u00e8ce relative \u00e0 l'ordonnancement secon- \ndaire des recettes et des d\u00e9penses de l'Etat, imput\u00e9es sur les budgets suivants :\n \n\u2022 Programme 134 : \"d\u00e9veloppement des entreprises et des services\" : \n\u2022 action 24 : r\u00e9gulation concurrentielle des march\u00e9s, protection \u00e9cono- \nmique et s\u00e9curit\u00e9 du consommateur  \n\u2022 Programme 181: ''pr\u00e9vention des risques''  \n\u2022 Programme 206 : \"s\u00e9curit\u00e9 et qualit\u00e9 sanitaires de l'alimentation\" :  \n\u2022 action 2 : lutte contre les maladies animales et protection des animaux,  \n\u2022 action 3 : pr\u00e9vention et gestion des risques sanita ires li\u00e9s aux denr\u00e9es \nalimentaires,  \n\u2022 action 5 : \u00e9limination des farines et co-produits animaux,  \n\u2022 action 6 : mise en \u0153uvre de la politique de s\u00e9curit\u00e9 et de qualit\u00e9 sanitaire \nde l'alimentation.  \n\u2022 Programme 354 : (\u00ab Administration g\u00e9n\u00e9rale et territoriale de l'\u00c9tat \u00bb), dans la \nlimite des cr\u00e9dits d\u00e9di\u00e9s au centre de co\u00fbts  \n\u2022 Programme 382  : (\u00ab  Lutte contre la maltraitance animale  \u00bb) : Sous-action 1  : \nsoutien aux associations de protection animale et des refuges)  \n\u2022 Programme 723 : \u00ab gestion du patrimoine immobilier de l'Etat \u00bb dans la limite \ndes cr\u00e9dits d\u00e9di\u00e9s au centre de co\u00fbts.  \nCette subd\u00e9l\u00e9gation porte sur la d\u00e9cision de d\u00e9pense et de recette, et la constatation \ndu service fait relevant de son centre de co\u00fbt.  \nArticle 2 : \nSubd\u00e9l\u00e9gation est donn\u00e9e \u00e0 Madame Marie-Madeleine R ICHER, cheffe du service \n\u00ab Protection de l'environnement et appui transversal aux m\u00e9tiers \u00bb,  \n\u00e0 effet de signer les march\u00e9s publics et tous les a ctes d\u00e9volus au pouvoir adjudica- \nteur par le code des march\u00e9s publics et le cahier d es clauses administratives g\u00e9n\u00e9- \nrales pass\u00e9es dans le cadre des missions qui leur s ont attribu\u00e9es et pour les affaires \nrelevant de la Direction D\u00e9partementale de la Protection des Populations de l'Ain.  \nEst exclue de cette subd\u00e9l\u00e9gation la signature des actes d'engagement des march\u00e9s \nsup\u00e9rieurs \u00e0 100 000 \u20ac Hors Taxes.  \n01_DDPP_Direction d\u00e9partementale de la protection des populations de l'Ain - 01-2026-01-13-00002 - ARRETE N\u00b0DDPP 01 26-015\nPORTANT SUBDELEGATION DE SIGNATURE\nen mati\u00e8re d'ordonnancement secondaire des recettes et des d\u00e9penses \net pour l'exercice des attributions d\u00e9volues au pouvoir adjudicateur \n6\n 4\n \nArticle 3 : \nSont exclus de la subd\u00e9l\u00e9gation quel qu'en soit le montant :  \n\u2022 les ordres de r\u00e9quisition du comptable public,  \n\u2022 la signature des d\u00e9cisions de passer outre aux refus de visa du contr\u00f4leur fi- \nnancier local ainsi que la saisine pr\u00e9alable des minist\u00e8res comp\u00e9tents men- \ntionn\u00e9s \u00e0 l'article 1\u00b0' en vue de cette proc\u00e9dure,  \n\u2022 les arr\u00eat\u00e9s et les d\u00e9cisions attributives de subvention sup\u00e9rieurs \u00e0 23 000 \u20ac.  \n \nArticle 4  :  \nD\u00e9l\u00e9gation est donn\u00e9e \u00e0 Mmes Nathalie CALIGNY et S\u00e9 verine MONIN, assistantes \ncomptables au sein du service \u00ab Protection de l'env ironnement et Appui transversal \naux m\u00e9tiers \u00bb, pour valider les engagements juridiq ues, les constatations et \ncertifications de services faits et les paiements d ans les outils informatiques chorus, \nchorus-formulaires et chorus-DT relevant des services de la Direction D\u00e9partementale \nde la protection des populations de l'Ain (BOP 134, 181, 206, 382), ainsi qu'\u00e0 Nathalie \nLADYS , titulaire au sein du service Sant\u00e9 et Protection An imales, pour effectuer les \ndemandes de paiement dans CHORUS Formulaires. \nArticle 5 : \nLa d\u00e9signation de porteurs de cartes d'achats par l 'ordonnateur secondaire ou son \nd\u00e9l\u00e9gataire vaut autorisation pour celui-ci d'engag er le service dans les conditions \nfix\u00e9es par le param\u00e9trage de la carte.  \nD\u00e9l\u00e9gation est donn\u00e9e aux autres agents list\u00e9s ci-a pr\u00e8s pour la constatation et la \ncertification des services faits concernant leur service.  \nService  Agents  \nSPA  Marie -Laure CHEVALIER  \nJulien PROST  \nPascal MASSON  \nViviane PUTET \nMohamed HAJIJ \nHerv\u00e9 NIGIL \nSQSA  Catherine SIMON  \nPascal LORIOT  \nSt\u00e9phanie GIRAUD  \nAur\u00e9lie VERNOUX  \nCCRF  C\u00e9cile BRUNET  \n \nArticle 6 : \nLes dispositions ant\u00e9rieures au pr\u00e9sent arr\u00eat\u00e9 sont abrog\u00e9es.  \n01_DDPP_Direction d\u00e9partementale de la protection des populations de l'Ain - 01-2026-01-13-00002 - ARRETE N\u00b0DDPP 01 26-015\nPORTANT SUBDELEGATION DE SIGNATURE\nen mati\u00e8re d'ordonnancement secondaire des recettes et des d\u00e9penses \net pour l'exercice des attributions d\u00e9volues au pouvoir adjudicateur \n7\n 5\nArticle 7 : \nLe pr\u00e9sent arr\u00eat\u00e9 peut faire l'objet d'un recours d evant le tribunal administratif de \nLyon dans un d\u00e9lai de deux mois \u00e0 compter de sa publication, conform\u00e9ment \u00e0 l'article \nR. 421-1 du code de justice administrative, ou de m ani\u00e8re d\u00e9mat\u00e9rialis\u00e9e via le site \ncitoyens.telerecours.fr selon l'article R. 414-6 du code de justice administrative.  \n \nArticle 8 : \nLe directeur d\u00e9partemental de la protection des populations de l'Ain est charg\u00e9 de \nl'ex\u00e9cution de la pr\u00e9sente subd\u00e9l\u00e9gation qui sera c ommuniqu\u00e9e \u00e0 Madame la \nSecr\u00e9taire G\u00e9n\u00e9rale de la pr\u00e9fecture, \u00e0 Monsieur le  directeur r\u00e9gional des \nfinances publiques et qui sera publi\u00e9e au recueil des actes administratifs.     \n \n \n \n \n \nFait \u00e0 Bourg-en-Bresse, le 13 janvier 2026 \n \n \n \nLe directeur d\u00e9partemental  \nde la protection des populations  \n \nSign\u00e9 \n \nEric KEROURIO  \n01_DDPP_Direction d\u00e9partementale de la protection des populations de l'Ain - 01-2026-01-13-00002 - ARRETE N\u00b0DDPP 01 26-015\nPORTANT SUBDELEGATION DE SIGNATURE\nen mati\u00e8re d'ordonnancement secondaire des recettes et des d\u00e9penses \net pour l'exercice des attributions d\u00e9volues au pouvoir adjudicateur \n8\n01_DDPP_Direction d\u00e9partementale de la\nprotection des populations de l'Ain\n01-2026-01-13-00001\nArr\u00eat\u00e9 N\u00b0DDPP 01-26-014  \nPORTANT SUBDELEGATION DE SIGNATURE \n01_DDPP_Direction d\u00e9partementale de la protection des populations de l'Ain - 01-2026-01-13-00001 - Arr\u00eat\u00e9 N\u00b0DDPP 01-26-014  \nPORTANT SUBDELEGATION DE SIGNATURE 9\n 1\n \n \n \n \nDIRECTION DEPARTEMENTALE \n \nDE LA PROTECTION DES POPULATIONS   \n \n \n \n \n \n \n \n \nArr\u00eat\u00e9 N\u00b0DDPP 01-26-014    \nPORTANT SUBDELEGATION DE SIGNATURE  \n \n \nLe directeur d\u00e9partemental de la protection des populations \n \n \nVu le code de la consommation ; \nVu le code de l'environnement, notamment le titre Ier du livre IV, les titre Ier, II, IV et V du \nlivre V ;  \nVu le code g\u00e9n\u00e9ral des collectivit\u00e9s territoriales, notamment son article L. 2212-2 et son \narticle L.2215-1 ; \nVu le code rural et de la p\u00eache maritime notamment son livre II ; \nVu le code de la sant\u00e9 publique ; \nVu le code de la commande publique ;  \nVu le code du travail ; \nVu le R\u00e8glement n\u00b0 1069-2009 du 21 octobre 2009 \u00e9ta blissant des r\u00e8gles sanitaires \napplicables aux sous-produits animaux et produits d\u00e9riv\u00e9s non destin\u00e9s \u00e0 la consommation \nhumaine ; \nVu le d\u00e9cret n\u00b055-771 du 21 mai 1955 relatif aux laits destin\u00e9s \u00e0 la consommation humaine, \nnotamment ses articles 5, 11 et 18 ; \nVu le d\u00e9cret n\u00b0 55-241 du 10 f\u00e9vrier 1955 sur le commerce des conserves et semi-conserves \nalimentaires et notamment son article 4 ; \nVu le d\u00e9cret n\u00b064-949 du 9 septembre 1964 portant a pplication de l'article L. 412-1 du \ncode de la consommation pour les produits surgel\u00e9s, notamment son article 5 ; \nVu le d\u00e9cret n\u00b082-453 du 28 mai 1982 modifi\u00e9 relati f \u00e0 l'hygi\u00e8ne et \u00e0 la s\u00e9curit\u00e9 du travail, \nainsi qu'\u00e0 la pr\u00e9vention m\u00e9dicale dans la fonction publique ; \nVu le d\u00e9cret n\u00b091-827 du 29 ao\u00fbt 1991 relatif aux a liments destin\u00e9s \u00e0 une alimentation \nparticuli\u00e8re, notamment son article 8 ; \nVu le d\u00e9cret n\u00b0 2019-1594 du 31 d\u00e9cembre 2019 relatif aux emplois de direction de l'Etat ; \nVu le d\u00e9cret n\u00b0 2009-728 du 19 juin 2009 instituant  une mesure d'indemnisation et fixant \nles modalit\u00e9s particuli\u00e8res de l'estimation des animaux abattus et des denr\u00e9es et produits \nd\u00e9truits sur ordre de l'administration lors d'une contamination de produits agricoles ; \n \n01_DDPP_Direction d\u00e9partementale de la protection des populations de l'Ain - 01-2026-01-13-00001 - Arr\u00eat\u00e9 N\u00b0DDPP 01-26-014  \nPORTANT SUBDELEGATION DE SIGNATURE 10\nNd\n 2\nVu le d\u00e9cret n\u00b0 2009-1484 du 3 d\u00e9cembre 2009 modifi \u00e9 relatif aux directions \nd\u00e9partementales interminist\u00e9rielles ; \nVu le d\u00e9cret n\u00b0 2015-510 du 7 mai 2015 portant charte de la d\u00e9concentration ;  \n \nVu le d\u00e9cret du 2 d\u00e9cembre 2025 portant nomination de Monsieur Louis-Xavier THIRODE, \nen qualit\u00e9 de pr\u00e9fet de l'Ain  ;\n \n \nVu le d\u00e9cret du 02 ao\u00fbt 2023 portant nomination de Madame Virginie GUERIN ROBINET, \nsecr\u00e9taire g\u00e9n\u00e9rale de la pr\u00e9fecture de l'Ain, sous-pr\u00e9fet de l'arrondissement de Bourg-en-\nBresse ; \nVu le d\u00e9cret n\u00b0 2020-1218 du 2 octobre 2020 relatif  aux conditions techniques du \ntransport des denr\u00e9es p\u00e9rissables sous temp\u00e9rature dirig\u00e9e ; \nVu l'arr\u00eat\u00e9 du 21 avril 1954 fixant les conditions d'attribution d'un num\u00e9ro \nd'immatriculation aux fromageries ; \nVu l'arr\u00eat\u00e9 du 30 mars 2001 fixant les modalit\u00e9s de l'estimation des animaux abattus et des \ndenr\u00e9es et produits d\u00e9truits sur ordre de l'administration ; \nVu l'arr\u00eat\u00e9 du 19 juin 2009 fixant les modalit\u00e9s pa rticuli\u00e8res de l'estimation des animaux \nabattus et des denr\u00e9es et produits d\u00e9truits sur ord re de l'administration lors d'une \ncontamination agricole ; \nVu l'arr\u00eat\u00e9 du 31 mars 2011 modifi\u00e9 par arr\u00eat\u00e9 du P remier ministre du 1 er  juillet 2013, \nportant d\u00e9concentration des d\u00e9cisions relatives \u00e0 l a situation individuelle des \nfonctionnaires et agents non titulaires exer\u00e7ant le urs fonctions dans les directions \nd\u00e9partementales interminist\u00e9rielles ; \nVu l'arr\u00eat\u00e9 du 8 d\u00e9cembre 2011 \u00e9tablissant des r\u00e8gl es sanitaires applicables aux sous-\nproduits animaux et produits d\u00e9riv\u00e9s en application du r\u00e8glement (CE) n\u00b0 1069/2009 et du \nr\u00e8glement (UE) n\u00b0 142/2011 ; \nVu l'arr\u00eat\u00e9 du 8 octobre 2018 fixant les r\u00e8gles g\u00e9n\u00e9rales de d\u00e9tention d'animaux d'esp\u00e8ces \nnon domestiques ; \nVu l'arr\u00eat\u00e9 pr\u00e9fectoral du 22 d\u00e9cembre 2020 portant  organisation de la direction \nd\u00e9partementale de la protection des populations ; \nVu l'arr\u00eat\u00e9 du Premier ministre et du ministre de l 'Int\u00e9rieur du 26 avril 2024 portant \nnomination de Monsieur Eric KEROURIO, inspecteur g\u00e9n\u00e9ral de sant\u00e9 publique v\u00e9t\u00e9rinaire, \ndirecteur d\u00e9partemental de la protection et des populations de l'Ain ; \nVu  l'arr\u00eat\u00e9 du Premier ministre et du ministre de l'In t\u00e9rieur du 12 d\u00e9cembre 2025 portant \nnomination de Madame Sophie-Jordane VINCENT, direct rice d\u00e9partementale de \ndeuxi\u00e8me classe de la concurrence, de la consommati on et de la r\u00e9pression des fraudes, \ndirectrice d\u00e9partementale adjointe de la protection des populations de l'Ain \u00e0 compter du \n9 janvier 2026  ; \nVu l'arr\u00eat\u00e9 pr\u00e9fectoral du 12 janvier 2026 portant d\u00e9l\u00e9gation de signature \u00e0 Monsieur Eric \nKEROURIO, Inspecteur g\u00e9n\u00e9ral de sant\u00e9 publique v\u00e9t\u00e9rinaire, Directeur d\u00e9partemental de \nla protection des populations de l'Ain ; \n01_DDPP_Direction d\u00e9partementale de la protection des populations de l'Ain - 01-2026-01-13-00001 - Arr\u00eat\u00e9 N\u00b0DDPP 01-26-014  \nPORTANT SUBDELEGATION DE SIGNATURE 11\nwe)\n 3\nARRETE  \n \nArticle 1 er  : \n \nFont l'objet de la subd\u00e9l\u00e9gation organis\u00e9e par le pr\u00e9sent arr\u00eat\u00e9 la signature des actes et \nd\u00e9cisions suivantes : \n \n1- Concernant l'administration g\u00e9n\u00e9rale et la gestion du personnel : \n \na) En mati\u00e8re de gestion des ressources humaines :  \n \n- Les demandes de cong\u00e9, de r\u00e9cup\u00e9ration et de r\u00e9gulation ; \n- Les ordres de mission et demandes de remisage de v\u00e9hicule professionnel ; \n \nb) En mati\u00e8re budg\u00e9taire et financi\u00e8re :  \n \n- Pour le programme 354 \u00ab Administration g\u00e9n\u00e9rale et territoriale de l'\u00c9tat \u00bb, les mesures \ng\u00e9n\u00e9rales de programmation budg\u00e9taire des d\u00e9penses non contraintes relevant du \ncentre de co\u00fbt \u00ab direction d\u00e9partementale de la protection des populations \u00bb ; \n- Pour le programme 354 \u00ab Administration g\u00e9n\u00e9rale e t territoriale de l'\u00c9tat \u00bb, \nl'engagement des d\u00e9penses non contraintes sup\u00e9rieur es \u00e0 la somme de 1500 euros \nrelevant du centre de co\u00fbt \u00ab direction d\u00e9partementa le de la protection des \npopulations \u00bb. \n \n2 - Concernant le contentieux p\u00e9nal :  \n \n- Les propositions de transaction p\u00e9nale pr\u00e9vues par l'article L. 205-10 du code rural et \nde la p\u00eache maritime ;  \n- Les propositions de transaction p\u00e9nale pr\u00e9vues pa r l'article L. 173-12 du code de \nl'environnement. \n \n3 \u2013 En ce qui concerne les d\u00e9cisions individuelles relatives : \n \n3. 1. Dispositions g\u00e9n\u00e9rales relatives \u00e0 la r\u00e9glementation v\u00e9t\u00e9rinaire : \n \nTous les actes et d\u00e9cisions individuelles pr\u00e9vus par : \n \n- Les articles L.201-3 et suivants, L.201-9 et L.20 1-13, R.201-39 \u00e0 R.201-43 et D.201-44 du \ncode rural et de la p\u00eache maritime, en mati\u00e8re de p assation de convention de \nd\u00e9l\u00e9gation dans le domaine animal ; \n- Les articles L.203-1 \u00e0 L.203-11 du code rural et de la p\u00eache maritime, d\u00e9finissant les \nattributions des v\u00e9t\u00e9rinaires sanitaires et des v\u00e9t \u00e9rinaires mandat\u00e9s et leurs textes \nd'application ; \n- L'article L.205-10, relatif \u00e0 la transaction p\u00e9nale et ses textes d'application ; \n- L'article L.206-2 du code rural et de la p\u00eache ma ritime, fixant les mesures en cas de \nconstatations d'un manquement aux dispositions de c ertains articles de ce code et ses \ntextes d'application ; \n- Les mesures en cas de constatation de manquement aux r\u00e8gles d'exercice de la \npharmacie, de la chirurgie v\u00e9t\u00e9rinaire ou de la m\u00e9d ecine v\u00e9t\u00e9rinaire en application de \nl'article L. 206-2 du code rural et de la p\u00eache maritime ; \n- L'article L.236-8 du code rural et de la p\u00eache ma ritime, relatif \u00e0 l'agr\u00e9ment des \n\u00e9tablissements proc\u00e9dant \u00e0 des \u00e9changes communautaires et ses textes d'application. \n \n01_DDPP_Direction d\u00e9partementale de la protection des populations de l'Ain - 01-2026-01-13-00001 - Arr\u00eat\u00e9 N\u00b0DDPP 01-26-014  \nPORTANT SUBDELEGATION DE SIGNATURE 12\n 4\n3. 2. Au bien-\u00eatre et \u00e0 la sant\u00e9 et protection des animaux, \u00e0 la garde et circulation des \nanimaux domestiques et sauvage et aux animaux dangereux :  \nTous les actes et d\u00e9cisions individuelles pr\u00e9vus par : \n \n- L'article L.211-11 et suivants du code rural et de la p\u00eache maritime, relatifs aux animaux \ndangereux et errants et leurs textes d'application ; \n- Les articles L.214-2 et L.214-3 du code rural et de la p\u00eache maritime, relatifs aux \ndispositions g\u00e9n\u00e9rales en mati\u00e8re de protection des  animaux et leurs textes \nd'application ; \n- L'article L.214-6 du code rural et de la p\u00eache ma ritime, relatif aux \u00e9levages, refuges et \nfourri\u00e8res et ses textes d'application ; \n- Les articles L.214-7 du code rural et de la p\u00eache  maritime, relatif aux d\u00e9rogations \nexceptionnelles de vente d'animaux de compagnie et ses textes d'application ; \n- L'article L.214-12 du code rural et de la p\u00eache m aritime, relatif \u00e0 l'agr\u00e9ment des \npersonnes proc\u00e9dant au transport d'animaux vivants dans un but lucratif et ses textes \nd'application ; \n- L'article L.214-13 du code rural et de la p\u00eache m aritime, relatif aux conditions \nparticuli\u00e8res de transport d'animaux vivants ; \n- Les articles L.214-16 et L.214-17 du code rural e t de la p\u00eache maritime, relatif aux \nmesures en cas d'insalubrit\u00e9 d'un lieu d'exposition de bestiaux \u00e0 la vente ; \n- Les articles L.221-1-1 du code rural et de la p\u00eac he maritime, relatifs aux mesures \ng\u00e9n\u00e9rales de pr\u00e9vention, surveillance et lutte cont re les dangers zoo sanitaires et leurs \ntextes d'application ; \n- L'article L.222-2 du code rural et de la p\u00eache maritime, relatif au contr\u00f4le sanitaire des \nactivit\u00e9s de reproduction animale et ses textes d'application ; \n- L'article L.223-5 du code rural et de la p\u00eache maritime, relatif \u00e0 l'ex\u00e9cution d'office des \nmesures de surveillance, de pr\u00e9vention et de lutte contre les dangers sanitaires de \npremi\u00e8re et deuxi\u00e8me cat\u00e9gorie ; \n- Les articles L.223-6-1, L.223-6-2, et L.223-8 du code rural et de la p\u00eache maritime, \nrelatifs aux mesures en cas de maladies r\u00e9put\u00e9es co ntagieuses et leurs textes \nd'application ; \n- Les articles L.223-9 et L.223-10 du code rural et  de la p\u00eache maritime, relatifs aux \nmesures de lutte contre la rage et leurs textes d'application ; \n- L'article L.234-1 du code rural et de la p\u00eache ma ritime, relatif \u00e0 l'immatriculation des \n\u00e9levages et ses textes d'application ; \n- Les articles L.235-1 et L.235-2 du code rural et de la p\u00eache maritime, relatifs \u00e0 \nl'alimentation animale et leurs textes d'application ; \n- L'arr\u00eat\u00e9 minist\u00e9riel du 22 mars 1985 relatif \u00e0 la  pr\u00e9vention de certaines maladies \nr\u00e9put\u00e9es contagieuses des animaux en ce qui concerne l'alimentation animale. \n3. 3. Hygi\u00e8ne et s\u00e9curit\u00e9 sanitaire des aliments : \nTous les actes et d\u00e9cisions individuelles pr\u00e9vus par : \n \n- Le r\u00e8glement (CE) n\u00b0 178-2002 du parlement europ\u00e9en et du conseil du 28 janvier 2002 \n\u00e9tablissant les principes g\u00e9n\u00e9raux et les prescript ions g\u00e9n\u00e9rales de la l\u00e9gislation \nalimentaire, instituant l'autorit\u00e9 europ\u00e9enne de s\u00e9curit\u00e9 sanitaire des aliments et fixant \ndes proc\u00e9dures relatives \u00e0 la s\u00e9curit\u00e9 des denr\u00e9es alimentaires ; \n- Le r\u00e8glement (CE) n\u00b0 852/2004 du parlement europ\u00e9 en et du conseil du 29 avril 2004 \nrelatif \u00e0 l'hygi\u00e8ne des denr\u00e9es alimentaires ; \n- Le r\u00e8glement (CE) n\u00b0 853/2004 du parlement europ\u00e9 en et du conseil du 29 avril 2004 \nfixant des r\u00e8gles sp\u00e9cifiques d'hygi\u00e8ne applicables  aux denr\u00e9es alimentaires d'origine \nanimale ; \n01_DDPP_Direction d\u00e9partementale de la protection des populations de l'Ain - 01-2026-01-13-00001 - Arr\u00eat\u00e9 N\u00b0DDPP 01-26-014  \nPORTANT SUBDELEGATION DE SIGNATURE 13\n 5\n- Le r\u00e8glement(CE) n\u00b0 854/2004 du Parlement europ\u00e9e n et du Conseil du 29 avril 2004 \nfixant les r\u00e8gles sp\u00e9cifiques d'organisation des co ntr\u00f4les officiels concernant les \nproduits d'origine animale destin\u00e9s \u00e0 la consommation humaine ; \n- L'article L.230-5 du code rural et de la p\u00eache maritime, relatif \u00e0 la qualit\u00e9 nutritionnelle \ndes repas servis en restauration collective et ses textes d'application ; \n- L'article L.232-1 du code rural et de la p\u00eache ma ritime, relatif \u00e0 la d\u00e9cision de \nconsignation, de retrait ou de rappel de produits ; \n- L'article L.233-1 du code rural et de la p\u00eache ma ritime, relatif \u00e0 la fermeture \nd'\u00e9tablissement ou l'arr\u00eat de certaines activit\u00e9s ; \n- L'article L.233-2 du code rural et de la p\u00eache ma ritime, relatif \u00e0 l'agr\u00e9ment sanitaire et \nses textes d'application ; \n- L'article D.233-14 du code rural et de la p\u00eache maritime (cat\u00e9gorisation des abattoirs) ; \n \n3. 4. Protection de la faune sauvage captive : \n \nTous les actes et d\u00e9cisions individuelles pr\u00e9vus par le livre IV, titre Ier, chapitre I et III du \ncode de l'environnement concernant la d\u00e9tention d'a nimaux d'esp\u00e8ces non \ndomestiques et leurs arr\u00eat\u00e9s d'application. \n3. 5. \u00c9limination des cadavres d'animaux et des d\u00e9chets d'origine animale : \nTous les actes et d\u00e9cisions individuelles pr\u00e9vus par les articles L.226-1 \u00e0 L.226-9 du code \nrural et de la p\u00eache maritime, relatifs \u00e0 la gestio n des sous-produits animaux et leurs \ntextes d'application. \n3.6. Inspection des installations class\u00e9es pour la protection de l'environnement \nexer\u00e7ant des activit\u00e9s agricoles et agroalimentaires : \nToutes les d\u00e9cisions individuelles pr\u00e9vues par le t itre Ier du livre V du code de \nl'environnement, \u00e0 l'exception des d\u00e9cisions d'auto risation ou de suspension \nd'installations class\u00e9es ainsi que toutes les d\u00e9cis ions ou actes n\u00e9cessaires \u00e0 la mise en \n\u0153uvre de l'enqu\u00eate publique. \n \n3. 7. Produits chimiques et biocides : \nLa mise en demeure du fabricant ou importateur ou u tilisateur industriel ou \nprofessionnel des substances, m\u00e9langes, articles, p roduits ou \u00e9quipements pour \nsatisfaire aux obligations du chapitre 1 er  ou du chapitre 2 du Titre II du Livre V du code \nde l'environnement ; \nLes sanctions administratives en cas de non-respect de la mise en demeure mentionn\u00e9e \n\u00e0 l'alin\u00e9a pr\u00e9c\u00e9dent.  \n3. 8. Contr\u00f4le des \u00e9changes intracommunautaires et avec les pays tiers des animaux et \ndes aliments et la certification de leur qualit\u00e9 sanitaire : \nToutes les d\u00e9cisions individuelles pr\u00e9vues par les articles L.236-1, L.236-2 et L.236-8 du \ncode rural et de la p\u00eache maritime, sur l'agr\u00e9ment des op\u00e9rateurs et de leurs \ninstallations et leurs arr\u00eat\u00e9s d'application. \n \n01_DDPP_Direction d\u00e9partementale de la protection des populations de l'Ain - 01-2026-01-13-00001 - Arr\u00eat\u00e9 N\u00b0DDPP 01-26-014  \nPORTANT SUBDELEGATION DE SIGNATURE 14\n 6\n \n3. 9. Consommation et r\u00e9pression des fraudes : \nTous les actes et d\u00e9cisions individuelles pr\u00e9vues par l'article L.521-3 et par l'article L. 521-\n3-1 du code de la consommation relatifs aux r\u00e9quisitions num\u00e9riques visant \u00e0 ordonner : \n \naux fournisseurs de plateformes, de moteurs de recherche, ou de comparateurs en ligne \nl'affichage d'un message avertissant les consommateurs du risque de pr\u00e9judice encouru \n; ou leur ordonnant de prendre toute mesure utile d estin\u00e9e \u00e0 faire cesser leur \nr\u00e9f\u00e9rencement ou \u00e0 en limiter l'acc\u00e8s. \n \nAux op\u00e9rateurs de registre ou aux bureaux d'enregis trement de domaines de prendre \nune mesure de blocage d'un nom de domaine, ou de su ppression ou de transfert du \nnom de domaine \u00e0 l'autorit\u00e9 comp\u00e9tente. \n \nTous les actes et d\u00e9cisions individuelles pr\u00e9vues p ar les articles L.521-5 \u00e0 L.521-23 du \ncode de la consommation relatifs : \n \n- \u00c0 la fermeture d'\u00e9tablissement ou \u00e0 l'arr\u00eat de certaines activit\u00e9s ; \n- Aux produits pr\u00e9sentant ou susceptibles de pr\u00e9sen ter un danger pour la sant\u00e9 \npublique ; \n- Aux produits non conformes ; \n- \u00c0 toute mesure d'urgence allant jusqu'\u00e0 la suspen sion, en cas de danger grave ou \nimm\u00e9diat li\u00e9 \u00e0 une prestation de service ; \n- Les sanctions administratives en cas de manquemen ts portant sur l'affichage des prix \ndes professionnels de sant\u00e9 pr\u00e9vues par l'article R.1111-25 du code de la sant\u00e9 publique ; \n- Les sanctions administratives portant sur les fra is de pr\u00e9l\u00e8vement, de transport, \nd'analyse ou d'essai en application de l'article L. 531-6 du code de la consommation. \n \n \nArticle 2 : \n \nEn cas d'absence ou d'emp\u00eachement simultan\u00e9 de Mons ieur Eric KEROURIO, Directeur \nd\u00e9partemental de la Direction D\u00e9partementale de la Protection des Populations de \nl'Ain, et de Sophie-Jordane VINCENT, Directrice adj ointe de la Direction \nD\u00e9partementale de la Protection des Populations de l'Ain, subd\u00e9l\u00e9gation de signature \nest donn\u00e9e \u00e0 : \n \n- Mme Catherine SIMON, cheffe du service \u00ab s\u00e9curit\u00e9 e t qualit\u00e9 sanitaires de \nl'alimentation \u00bb, Mme St\u00e9phanie GIRAUD, adjointe \u00e0 la cheffe de ce s ervice et M. \nPascal LORIOT Coordinateur des abattoirs, \u00e0 l'effet de signer les d\u00e9cisions relevant \nde ce service mentionn\u00e9es \u00e0 l'article 1 er , \u00a71 a), 3.1, 3.2, 3.3 et 3.8 ; \n \n- Mme Marie-Laure CHEVALIER, cheffe du service \u00ab sant\u00e9 et protection animales \u00bb et \nM. Julien PROST, adjoint \u00e0 la cheffe de ce service \u00e0 l'effet de signer les d\u00e9cisions \nrelevant de ce service mentionn\u00e9es \u00e0 l'article 1 er , \u00a71 a), 3.1, 3.2, 3.4, 3.5 et 3.8 ; \n \n- Mme Marie-Madeleine RICHER, cheffe du service \u00ab pro tection de l'environnement \net appui transversal aux m\u00e9tiers \u00bb, \u00e0 l'effet de si gner les d\u00e9cisions relevant de ce \nservice mentionn\u00e9es \u00e0 l'article 1 er , \u00a7 a) et b), 3.4, 3.5, 3.6 et 3.7. \n \n- Mme C\u00e9cile BRUNET, cheffe du service \u00ab  Concurrence, consommation et \nr\u00e9pression des fraudes  \u00bb \u00e0 l'effet de signer les d\u00e9cisions relevant de ce service \nmentionn\u00e9es \u00e0 l'article 1 er , \u00a7 a), 3.3, 3.7, et 3.9. \n \n01_DDPP_Direction d\u00e9partementale de la protection des populations de l'Ain - 01-2026-01-13-00001 - Arr\u00eat\u00e9 N\u00b0DDPP 01-26-014  \nPORTANT SUBDELEGATION DE SIGNATURE 15\n1\n 7\n \nArticle 3 : \n \nSont exclues de la subd\u00e9l\u00e9gation :  \n \n- les circulaires aux maires ; \n- toutes correspondances adress\u00e9es aux cabinets minis t\u00e9riels ainsi que celles \nadress\u00e9es aux administrations centrales et qui sont  relatives aux programmes \nd'\u00e9quipement et  \u00e0 leur financement, \n- toutes correspondances adress\u00e9es aux pr\u00e9sidents des  assembl\u00e9es r\u00e9gionales et \nd\u00e9partementales, ainsi que les r\u00e9ponses aux interve ntions des parlementaires et \ndes conseillers g\u00e9n\u00e9raux lorsqu'elles portent sur d es comp\u00e9tences relevant de \nl'Etat. \n \n \nArticle 4 :  \n \nL'arr\u00eat\u00e9 N\u00b0DDPP 01-25-511 du 29 d\u00e9cembre 2025  portant subd\u00e9l\u00e9gation de signature \nest abrog\u00e9. \n \n \nArticle 5 : \n \nLe pr\u00e9sent arr\u00eat\u00e9 peut faire l'objet, dans le d\u00e9lai de deux mois \u00e0 compter  de sa publication \nau recueil des actes administratifs de la pr\u00e9fectur e de l'Ain, d'un recours contentieux \nadress\u00e9 au tribunal administratif de Lyon (184, rue Duguesclin \u2013 69433 Lyon cedex 3) ou par \nvoie d\u00e9mat\u00e9rialis\u00e9e sur le site www.telerecours.fr. \n \n \nArticle 6 : \n \nLe directeur d\u00e9partemental de la protection des pop ulations de l'Ain est charg\u00e9 de \nl'application du pr\u00e9sent arr\u00eat\u00e9, qui sera communiqu \u00e9 \u00e0 Monsieur le Pr\u00e9fet et publi\u00e9 au \nrecueil des actes administratifs de la pr\u00e9fecture de l'Ain. \n \n \n \n \n \nFait \u00e0 Bourg-en-Bresse, le 13 janvier 2026 \n \nLe directeur d\u00e9partemental\n \nde la protection des populations  \n \nSign\u00e9 \n \nEric KEROURIO  \n \n01_DDPP_Direction d\u00e9partementale de la protection des populations de l'Ain - 01-2026-01-13-00001 - Arr\u00eat\u00e9 N\u00b0DDPP 01-26-014  \nPORTANT SUBDELEGATION DE SIGNATURE 16\n01_Pref_Pr\u00e9fecture de l'Ain\n01-2026-01-12-00004\n20260113 AP01-26-015\nSubd\u00e9l\u00e9gationSignatureAdmGEtOrdonSecondair\ne-1\n01_Pref_Pr\u00e9fecture de l'Ain - 01-2026-01-12-00004 - 20260113 AP01-26-015 Subd\u00e9l\u00e9gationSignatureAdmGEtOrdonSecondaire-1 17\n 1\n \n \n \n \n \nDIRECTION DEPARTEMENTALE  \nDE LA PROTECTION DES POPULATIONS   \n \n \n \n \n \n \n \nARRETE N\u00b0DDPP 01 26-015 \nPORTANT SUBDELEGATION DE SIGNATURE  \nen mati\u00e8re d'ordonnancement secondaire des recettes et des d\u00e9penses  \net pour l'exercice des attributions d\u00e9volues au pouvoir adjudicateur  \n \n \nLe directeur d\u00e9partemental de la protection des populations \n \n \n \nVU le code de la commande publique ;\n \nVU la loi n\u00b0 2020-1721 du 29 d\u00e9cembre 2020 de finances pour 2021 ;  \nVU la loi organique n\u00b0 2001-692 relative aux lois de finances ; \nVU la loi n\u00b0 92-125 du 06 f\u00e9vrier 1992 relative \u00e0 l'administration territoriale de la R\u00e9pu- \nblique ; \nVU la loi n\u00b0 82-213 du 2 mars 1982 relative aux dro its et libert\u00e9s des communes, des \nd\u00e9partements et des r\u00e9gions, modifi\u00e9e ; \nVU le d\u00e9cret n\u00b0 97-34 du 15 janvier 1997 relatif \u00e0 la d\u00e9concentration des d\u00e9cisions ad- \nministratives individuelles ;  \nVU le d\u00e9cret n\u00b0 2004-374 du 29 avril 2004 modifi\u00e9 r elatif aux pouvoirs des pr\u00e9fets, \u00e0 \nl'organisation et \u00e0 l'action des services de l'Etat dans les r\u00e9gions et les d\u00e9partements ; \nVU le d\u00e9cret n\u00b02009-1484 du 3 d\u00e9cembre 2009 modifi\u00e9 , relatif aux directions d\u00e9par- \ntementales interminist\u00e9rielles ;  \nVU le d\u00e9cret n\u00b02012-1246 du 7 novembre 2012 relatif \u00e0 la gestion budg\u00e9taire et \ncomptable publique ; \nVU le d\u00e9cret n\u00b0 2015-510 du 7 mai 2015 portant charte de la d\u00e9concentration ;  \nVU le d\u00e9cret n\u00b0 2019-1594 du 31 d\u00e9cembre 2019 relatif aux emplois de direction de \nl'Etat ; \n  \n01_Pref_Pr\u00e9fecture de l'Ain - 01-2026-01-12-00004 - 20260113 AP01-26-015 Subd\u00e9l\u00e9gationSignatureAdmGEtOrdonSecondaire-1 18\n 2\n \nVu le d\u00e9cret du 2 d\u00e9cembre 2025 portant nomination de Monsieur Louis-Xavier THI- \nRODE, en qualit\u00e9 de pr\u00e9fet de l'Ain  ; \n \nVU le d\u00e9cret du 02 ao\u00fbt 2023 portant nomination de Madame Virginie GUERIN-ROBI- \nNET, secr\u00e9taire G\u00e9n\u00e9rale de la pr\u00e9fecture de l'Ain,  sous-pr\u00e9f\u00e8te de l'arrondissement \nde Bourg-en-Bresse ; \nVU l'arr\u00eat\u00e9 interminist\u00e9riel du 2 mai 2002 portant r\u00e8glement de comptabilit\u00e9 publique \ndu minist\u00e8re de l'agriculture et de la p\u00eache pour l a d\u00e9signation des ordonnateurs se- \ncondaires et de leurs d\u00e9l\u00e9gu\u00e9s ; \nVU l'arr\u00eat\u00e9 du 31 mars 2011 modifi\u00e9 par arr\u00eat\u00e9 du P remier ministre du 1 er  juillet 2013, \nportant d\u00e9concentration des d\u00e9cisions relatives \u00e0 l a situation individuelle des fonc- \ntionnaires et agents non titulaires exer\u00e7ant leurs fonctions dans les directions d\u00e9par- \ntementales interminist\u00e9rielles ; \nVU l'arr\u00eat\u00e9 du Premier ministre et du ministre de l 'Int\u00e9rieur du 26 avril 2024 portant \nnomination de Monsieur Eric KEROURIO, inspecteur g\u00e9n\u00e9ral de sant\u00e9 publique v\u00e9t\u00e9ri- \nnaire, directeur d\u00e9partemental de la protection et des populations de l'Ain ; \nVu  l'arr\u00eat\u00e9 du Premier ministre et du ministre de l'Int\u00e9rieur du 12 d\u00e9cembre  2025 por- \ntant nomination de Madame Sophie-Jordane VINCENT, directrice d\u00e9partementale de \ndeuxi\u00e8me classe de la concurrence, de la consommati on et de la r\u00e9pression des \nfraudes, directrice d\u00e9partementale adjointe de la protection des populations de l'Ain \n\u00e0 compter du 9 janvier 2026  ; \n \nVU la circulaire n\u00b0 6104-SG du 2 ao\u00fbt 2019 relative  \u00e0 la constitution des secr\u00e9tariats \ng\u00e9n\u00e9raux communs aux pr\u00e9fectures et aux directions d\u00e9partementales \ninterminist\u00e9rielles ;  \n \nVU la circulaire du 12 juin 2019 relative \u00e0 la mise en \u0153uvre de l'organisation territoriale \nde l'\u00c9tat ;  \nVU l'arr\u00eat\u00e9 pr\u00e9fectoral du 15 d\u00e9cembre 2020 portant cr\u00e9ation et organisation du se- \ncr\u00e9tariat g\u00e9n\u00e9ral commun \u00e0 la pr\u00e9fecture et aux directions d\u00e9partementales intermi- \nnist\u00e9rielles de l'Ain ;  \nVU l'arr\u00eat\u00e9 pr\u00e9fectoral du 22 d\u00e9cembre 2020 portant organisation de la direction d\u00e9- \npartementale de la protection des populations ; \nVU l'arr\u00eat\u00e9 pr\u00e9fectoral  du 12 janvier 2026 portant d\u00e9l\u00e9gation de signature \u00e0 Monsieur \nEric KEROURIO, Inspecteur g\u00e9n\u00e9ral de sant\u00e9 publique v\u00e9t\u00e9rinaire, Directeur d\u00e9parte- \nmental de la protection des populations de l'Ain, pour l'ordonnancement secondaire \ndes recettes et des d\u00e9penses et pour l'exercice des  attributions d\u00e9volues au pouvoir \nadjudicateur ; \n \n \n \n \n01_Pref_Pr\u00e9fecture de l'Ain - 01-2026-01-12-00004 - 20260113 AP01-26-015 Subd\u00e9l\u00e9gationSignatureAdmGEtOrdonSecondaire-1 19\n 3\nARRETE  \nArticle 1er : \nEn cas d'absence ou d'emp\u00eachement de Monsieur Eric KEROURIO, Directeur d\u00e9parte- \nmental de la Direction D\u00e9partementale de la Protect ion des Populations de l'Ain, et \nde Madame Sophie-Jordane VINCENT, Directrice adjoin te de la Direction D\u00e9parte- \nmentale de la Protection des Populations de l'Ain, subd\u00e9l\u00e9gation de signature est don- \nn\u00e9e \u00e0 Madame Marie-Madeleine RICHER , cheffe du service \u00ab Protection de l'environ- \nnement et appui transversal aux m\u00e9tiers \u00bb, \u00e0 effet de signer dans les conditions fix\u00e9es \npar les arr\u00eat\u00e9s pr\u00e9fectoraux de d\u00e9l\u00e9gation,  \ntout acte juridique (commande, contrat, convention, bail, march\u00e9...) relatif aux biens \net services n\u00e9cessaires \u00e0 l'exercice des missions et au fonctionnement de la Direction \nd\u00e9partementale de la protection des populations et aux travaux d'am\u00e9nagement et \nd'entretien des biens immobiliers, et toute pi\u00e8ce relative \u00e0 l'ordonnancement secon- \ndaire des recettes et des d\u00e9penses de l'Etat, imput\u00e9es sur les budgets suivants :\n \n\u2022 Programme 134 : \"d\u00e9veloppement des entreprises et des services\" : \n\u2022 action 24 : r\u00e9gulation concurrentielle des march\u00e9s, protection \u00e9cono- \nmique et s\u00e9curit\u00e9 du consommateur  \n\u2022 Programme 181: ''pr\u00e9vention des risques''  \n\u2022 Programme 206 : \"s\u00e9curit\u00e9 et qualit\u00e9 sanitaires de l'alimentation\" :  \n\u2022 action 2 : lutte contre les maladies animales et protection des animaux,  \n\u2022 action 3 : pr\u00e9vention et gestion des risques sanita ires li\u00e9s aux denr\u00e9es \nalimentaires,  \n\u2022 action 5 : \u00e9limination des farines et co-produits animaux,  \n\u2022 action 6 : mise en \u0153uvre de la politique de s\u00e9curit\u00e9 et de qualit\u00e9 sanitaire \nde l'alimentation.  \n\u2022 Programme 354 : (\u00ab Administration g\u00e9n\u00e9rale et territoriale de l'\u00c9tat \u00bb), dans la \nlimite des cr\u00e9dits d\u00e9di\u00e9s au centre de co\u00fbts  \n\u2022 Programme 382  : (\u00ab  Lutte contre la maltraitance animale  \u00bb) : Sous-action 1  : \nsoutien aux associations de protection animale et des refuges)  \n\u2022 Programme 723 : \u00ab gestion du patrimoine immobilier de l'Etat \u00bb dans la limite \ndes cr\u00e9dits d\u00e9di\u00e9s au centre de co\u00fbts.  \nCette subd\u00e9l\u00e9gation porte sur la d\u00e9cision de d\u00e9pense et de recette, et la constatation \ndu service fait relevant de son centre de co\u00fbt.  \nArticle 2 : \nSubd\u00e9l\u00e9gation est donn\u00e9e \u00e0 Madame Marie-Madeleine R ICHER, cheffe du service \n\u00ab Protection de l'environnement et appui transversal aux m\u00e9tiers \u00bb,  \n\u00e0 effet de signer les march\u00e9s publics et tous les a ctes d\u00e9volus au pouvoir adjudica- \nteur par le code des march\u00e9s publics et le cahier d es clauses administratives g\u00e9n\u00e9- \nrales pass\u00e9es dans le cadre des missions qui leur s ont attribu\u00e9es et pour les affaires \nrelevant de la Direction D\u00e9partementale de la Protection des Populations de l'Ain.  \nEst exclue de cette subd\u00e9l\u00e9gation la signature des actes d'engagement des march\u00e9s \nsup\u00e9rieurs \u00e0 100 000 \u20ac Hors Taxes.  \n01_Pref_Pr\u00e9fecture de l'Ain - 01-2026-01-12-00004 - 20260113 AP01-26-015 Subd\u00e9l\u00e9gationSignatureAdmGEtOrdonSecondaire-1 20\n 4\n \nArticle 3 : \nSont exclus de la subd\u00e9l\u00e9gation quel qu'en soit le montant :  \n\u2022 les ordres de r\u00e9quisition du comptable public,  \n\u2022 la signature des d\u00e9cisions de passer outre aux refus de visa du contr\u00f4leur fi- \nnancier local ainsi que la saisine pr\u00e9alable des minist\u00e8res comp\u00e9tents men- \ntionn\u00e9s \u00e0 l'article 1\u00b0' en vue de cette proc\u00e9dure,  \n\u2022 les arr\u00eat\u00e9s et les d\u00e9cisions attributives de subvention sup\u00e9rieurs \u00e0 23 000 \u20ac.  \n \nArticle 4  :  \nD\u00e9l\u00e9gation est donn\u00e9e \u00e0 Mmes Nathalie CALIGNY et S\u00e9 verine MONIN, assistantes \ncomptables au sein du service \u00ab Protection de l'env ironnement et Appui transversal \naux m\u00e9tiers \u00bb, pour valider les engagements juridiq ues, les constatations et \ncertifications de services faits et les paiements d ans les outils informatiques chorus, \nchorus-formulaires et chorus-DT relevant des services de la Direction D\u00e9partementale \nde la protection des populations de l'Ain (BOP 134, 181, 206, 382), ainsi qu'\u00e0 Nathalie \nLADYS , titulaire au sein du service Sant\u00e9 et Protection An imales, pour effectuer les \ndemandes de paiement dans CHORUS Formulaires. \nArticle 5 : \nLa d\u00e9signation de porteurs de cartes d'achats par l 'ordonnateur secondaire ou son \nd\u00e9l\u00e9gataire vaut autorisation pour celui-ci d'engag er le service dans les conditions \nfix\u00e9es par le param\u00e9trage de la carte.  \nD\u00e9l\u00e9gation est donn\u00e9e aux autres agents list\u00e9s ci-a pr\u00e8s pour la constatation et la \ncertification des services faits concernant leur service.  \nService  Agents  \nSPA  Marie -Laure CHEVALIER  \nJulien PROST  \nPascal MASSON  \nViviane PUTET \nMohamed HAJIJ \nHerv\u00e9 NIGIL \nSQSA  Catherine SIMON  \nPascal LORIOT  \nSt\u00e9phanie GIRAUD  \nAur\u00e9lie VERNOUX  \nCCRF  C\u00e9cile BRUNET  \n \nArticle 6 : \nLes dispositions ant\u00e9rieures au pr\u00e9sent arr\u00eat\u00e9 sont abrog\u00e9es.  \n01_Pref_Pr\u00e9fecture de l'Ain - 01-2026-01-12-00004 - 20260113 AP01-26-015 Subd\u00e9l\u00e9gationSignatureAdmGEtOrdonSecondaire-1 21\n 5\nArticle 7 : \nLe pr\u00e9sent arr\u00eat\u00e9 peut faire l'objet d'un recours d evant le tribunal administratif de \nLyon dans un d\u00e9lai de deux mois \u00e0 compter de sa publication, conform\u00e9ment \u00e0 l'article \nR. 421-1 du code de justice administrative, ou de m ani\u00e8re d\u00e9mat\u00e9rialis\u00e9e via le site \ncitoyens.telerecours.fr selon l'article R. 414-6 du code de justice administrative.  \n \nArticle 8 : \nLe directeur d\u00e9partemental de la protection des populations de l'Ain est charg\u00e9 de \nl'ex\u00e9cution de la pr\u00e9sente subd\u00e9l\u00e9gation qui sera c ommuniqu\u00e9e \u00e0 Madame la \nSecr\u00e9taire G\u00e9n\u00e9rale de la pr\u00e9fecture, \u00e0 Monsieur le  directeur r\u00e9gional des \nfinances publiques et qui sera publi\u00e9e au recueil des actes administratifs.     \n \n \n \n \n \nFait \u00e0 Bourg-en-Bresse, le 13 janvier 2026 \n \n \n \nLe directeur d\u00e9partemental  \nde la protection des populations  \n \nSign\u00e9 \n \nEric KEROURIO  \n01_Pref_Pr\u00e9fecture de l'Ain - 01-2026-01-12-00004 - 20260113 AP01-26-015 Subd\u00e9l\u00e9gationSignatureAdmGEtOrdonSecondaire-1 22\n01_Pref_Pr\u00e9fecture de l'Ain\n01-2026-01-13-00003\nArr\u00eat\u00e9 N\u00b0DDPP01-26-015 portant subd\u00e9l\u00e9gation\nde signature en mati\u00e8re d'ordonnancement\nsecondaire des recettes et des d\u00e9penses et pour\nl'exercice des attributions d\u00e9volue au pouvoir\nadjudicateur.\n01_Pref_Pr\u00e9fecture de l'Ain - 01-2026-01-13-00003 - Arr\u00eat\u00e9 N\u00b0DDPP01-26-015 portant subd\u00e9l\u00e9gation de signature en mati\u00e8re\nd'ordonnancement secondaire des recettes et des d\u00e9penses et pour l'exercice des attributions d\u00e9volue au pouvoir adjudicateur. 23\n 1\n \n \n \n \nDIRECTION DEPARTEMENTALE \n \nDE LA PROTECTION DES POPULATIONS   \n \n \n \n \n \n \n \n \nArr\u00eat\u00e9 N\u00b0DDPP 01-26-014    \nPORTANT SUBDELEGATION DE SIGNATURE  \n \n \nLe directeur d\u00e9partemental de la protection des populations \n \n \nVu le code de la consommation ; \nVu le code de l'environnement, notamment le titre Ier du livre IV, les titre Ier, II, IV et V du \nlivre V ;  \nVu le code g\u00e9n\u00e9ral des collectivit\u00e9s territoriales, notamment son article L. 2212-2 et son \narticle L.2215-1 ; \nVu le code rural et de la p\u00eache maritime notamment son livre II ; \nVu le code de la sant\u00e9 publique ; \nVu le code de la commande publique ;  \nVu le code du travail ; \nVu le R\u00e8glement n\u00b0 1069-2009 du 21 octobre 2009 \u00e9ta blissant des r\u00e8gles sanitaires \napplicables aux sous-produits animaux et produits d\u00e9riv\u00e9s non destin\u00e9s \u00e0 la consommation \nhumaine ; \nVu le d\u00e9cret n\u00b055-771 du 21 mai 1955 relatif aux laits destin\u00e9s \u00e0 la consommation humaine, \nnotamment ses articles 5, 11 et 18 ; \nVu le d\u00e9cret n\u00b0 55-241 du 10 f\u00e9vrier 1955 sur le commerce des conserves et semi-conserves \nalimentaires et notamment son article 4 ; \nVu le d\u00e9cret n\u00b064-949 du 9 septembre 1964 portant a pplication de l'article L. 412-1 du \ncode de la consommation pour les produits surgel\u00e9s, notamment son article 5 ; \nVu le d\u00e9cret n\u00b082-453 du 28 mai 1982 modifi\u00e9 relati f \u00e0 l'hygi\u00e8ne et \u00e0 la s\u00e9curit\u00e9 du travail, \nainsi qu'\u00e0 la pr\u00e9vention m\u00e9dicale dans la fonction publique ; \nVu le d\u00e9cret n\u00b091-827 du 29 ao\u00fbt 1991 relatif aux a liments destin\u00e9s \u00e0 une alimentation \nparticuli\u00e8re, notamment son article 8 ; \nVu le d\u00e9cret n\u00b0 2019-1594 du 31 d\u00e9cembre 2019 relatif aux emplois de direction de l'Etat ; \nVu le d\u00e9cret n\u00b0 2009-728 du 19 juin 2009 instituant  une mesure d'indemnisation et fixant \nles modalit\u00e9s particuli\u00e8res de l'estimation des animaux abattus et des denr\u00e9es et produits \nd\u00e9truits sur ordre de l'administration lors d'une contamination de produits agricoles ; \n \n01_Pref_Pr\u00e9fecture de l'Ain - 01-2026-01-13-00003 - Arr\u00eat\u00e9 N\u00b0DDPP01-26-015 portant subd\u00e9l\u00e9gation de signature en mati\u00e8re\nd'ordonnancement secondaire des recettes et des d\u00e9penses et pour l'exercice des attributions d\u00e9volue au pouvoir adjudicateur. 24\nNd\n 2\nVu le d\u00e9cret n\u00b0 2009-1484 du 3 d\u00e9cembre 2009 modifi \u00e9 relatif aux directions \nd\u00e9partementales interminist\u00e9rielles ; \nVu le d\u00e9cret n\u00b0 2015-510 du 7 mai 2015 portant charte de la d\u00e9concentration ;  \n \nVu le d\u00e9cret du 2 d\u00e9cembre 2025 portant nomination de Monsieur Louis-Xavier THIRODE, \nen qualit\u00e9 de pr\u00e9fet de l'Ain  ;\n \n \nVu le d\u00e9cret du 02 ao\u00fbt 2023 portant nomination de Madame Virginie GUERIN ROBINET, \nsecr\u00e9taire g\u00e9n\u00e9rale de la pr\u00e9fecture de l'Ain, sous-pr\u00e9fet de l'arrondissement de Bourg-en-\nBresse ; \nVu le d\u00e9cret n\u00b0 2020-1218 du 2 octobre 2020 relatif  aux conditions techniques du \ntransport des denr\u00e9es p\u00e9rissables sous temp\u00e9rature dirig\u00e9e ; \nVu l'arr\u00eat\u00e9 du 21 avril 1954 fixant les conditions d'attribution d'un num\u00e9ro \nd'immatriculation aux fromageries ; \nVu l'arr\u00eat\u00e9 du 30 mars 2001 fixant les modalit\u00e9s de l'estimation des animaux abattus et des \ndenr\u00e9es et produits d\u00e9truits sur ordre de l'administration ; \nVu l'arr\u00eat\u00e9 du 19 juin 2009 fixant les modalit\u00e9s pa rticuli\u00e8res de l'estimation des animaux \nabattus et des denr\u00e9es et produits d\u00e9truits sur ord re de l'administration lors d'une \ncontamination agricole ; \nVu l'arr\u00eat\u00e9 du 31 mars 2011 modifi\u00e9 par arr\u00eat\u00e9 du P remier ministre du 1 er  juillet 2013, \nportant d\u00e9concentration des d\u00e9cisions relatives \u00e0 l a situation individuelle des \nfonctionnaires et agents non titulaires exer\u00e7ant le urs fonctions dans les directions \nd\u00e9partementales interminist\u00e9rielles ; \nVu l'arr\u00eat\u00e9 du 8 d\u00e9cembre 2011 \u00e9tablissant des r\u00e8gl es sanitaires applicables aux sous-\nproduits animaux et produits d\u00e9riv\u00e9s en application du r\u00e8glement (CE) n\u00b0 1069/2009 et du \nr\u00e8glement (UE) n\u00b0 142/2011 ; \nVu l'arr\u00eat\u00e9 du 8 octobre 2018 fixant les r\u00e8gles g\u00e9n\u00e9rales de d\u00e9tention d'animaux d'esp\u00e8ces \nnon domestiques ; \nVu l'arr\u00eat\u00e9 pr\u00e9fectoral du 22 d\u00e9cembre 2020 portant  organisation de la direction \nd\u00e9partementale de la protection des populations ; \nVu l'arr\u00eat\u00e9 du Premier ministre et du ministre de l 'Int\u00e9rieur du 26 avril 2024 portant \nnomination de Monsieur Eric KEROURIO, inspecteur g\u00e9n\u00e9ral de sant\u00e9 publique v\u00e9t\u00e9rinaire, \ndirecteur d\u00e9partemental de la protection et des populations de l'Ain ; \nVu  l'arr\u00eat\u00e9 du Premier ministre et du ministre de l'In t\u00e9rieur du 12 d\u00e9cembre 2025 portant \nnomination de Madame Sophie-Jordane VINCENT, direct rice d\u00e9partementale de \ndeuxi\u00e8me classe de la concurrence, de la consommati on et de la r\u00e9pression des fraudes, \ndirectrice d\u00e9partementale adjointe de la protection des populations de l'Ain \u00e0 compter du \n9 janvier 2026  ; \nVu l'arr\u00eat\u00e9 pr\u00e9fectoral du 12 janvier 2026 portant d\u00e9l\u00e9gation de signature \u00e0 Monsieur Eric \nKEROURIO, Inspecteur g\u00e9n\u00e9ral de sant\u00e9 publique v\u00e9t\u00e9rinaire, Directeur d\u00e9partemental de \nla protection des populations de l'Ain ; \n01_Pref_Pr\u00e9fecture de l'Ain - 01-2026-01-13-00003 - Arr\u00eat\u00e9 N\u00b0DDPP01-26-015 portant subd\u00e9l\u00e9gation de signature en mati\u00e8re\nd'ordonnancement secondaire des recettes et des d\u00e9penses et pour l'exercice des attributions d\u00e9volue au pouvoir adjudicateur. 25\nwe)\n 3\nARRETE  \n \nArticle 1 er  : \n \nFont l'objet de la subd\u00e9l\u00e9gation organis\u00e9e par le pr\u00e9sent arr\u00eat\u00e9 la signature des actes et \nd\u00e9cisions suivantes : \n \n1- Concernant l'administration g\u00e9n\u00e9rale et la gestion du personnel : \n \na) En mati\u00e8re de gestion des ressources humaines :  \n \n- Les demandes de cong\u00e9, de r\u00e9cup\u00e9ration et de r\u00e9gulation ; \n- Les ordres de mission et demandes de remisage de v\u00e9hicule professionnel ; \n \nb) En mati\u00e8re budg\u00e9taire et financi\u00e8re :  \n \n- Pour le programme 354 \u00ab Administration g\u00e9n\u00e9rale et territoriale de l'\u00c9tat \u00bb, les mesures \ng\u00e9n\u00e9rales de programmation budg\u00e9taire des d\u00e9penses non contraintes relevant du \ncentre de co\u00fbt \u00ab direction d\u00e9partementale de la protection des populations \u00bb ; \n- Pour le programme 354 \u00ab Administration g\u00e9n\u00e9rale e t territoriale de l'\u00c9tat \u00bb, \nl'engagement des d\u00e9penses non contraintes sup\u00e9rieur es \u00e0 la somme de 1500 euros \nrelevant du centre de co\u00fbt \u00ab direction d\u00e9partementa le de la protection des \npopulations \u00bb. \n \n2 - Concernant le contentieux p\u00e9nal :  \n \n- Les propositions de transaction p\u00e9nale pr\u00e9vues par l'article L. 205-10 du code rural et \nde la p\u00eache maritime ;  \n- Les propositions de transaction p\u00e9nale pr\u00e9vues pa r l'article L. 173-12 du code de \nl'environnement. \n \n3 \u2013 En ce qui concerne les d\u00e9cisions individuelles relatives : \n \n3. 1. Dispositions g\u00e9n\u00e9rales relatives \u00e0 la r\u00e9glementation v\u00e9t\u00e9rinaire : \n \nTous les actes et d\u00e9cisions individuelles pr\u00e9vus par : \n \n- Les articles L.201-3 et suivants, L.201-9 et L.20 1-13, R.201-39 \u00e0 R.201-43 et D.201-44 du \ncode rural et de la p\u00eache maritime, en mati\u00e8re de p assation de convention de \nd\u00e9l\u00e9gation dans le domaine animal ; \n- Les articles L.203-1 \u00e0 L.203-11 du code rural et de la p\u00eache maritime, d\u00e9finissant les \nattributions des v\u00e9t\u00e9rinaires sanitaires et des v\u00e9t \u00e9rinaires mandat\u00e9s et leurs textes \nd'application ; \n- L'article L.205-10, relatif \u00e0 la transaction p\u00e9nale et ses textes d'application ; \n- L'article L.206-2 du code rural et de la p\u00eache ma ritime, fixant les mesures en cas de \nconstatations d'un manquement aux dispositions de c ertains articles de ce code et ses \ntextes d'application ; \n- Les mesures en cas de constatation de manquement aux r\u00e8gles d'exercice de la \npharmacie, de la chirurgie v\u00e9t\u00e9rinaire ou de la m\u00e9d ecine v\u00e9t\u00e9rinaire en application de \nl'article L. 206-2 du code rural et de la p\u00eache maritime ; \n- L'article L.236-8 du code rural et de la p\u00eache ma ritime, relatif \u00e0 l'agr\u00e9ment des \n\u00e9tablissements proc\u00e9dant \u00e0 des \u00e9changes communautaires et ses textes d'application. \n \n01_Pref_Pr\u00e9fecture de l'Ain - 01-2026-01-13-00003 - Arr\u00eat\u00e9 N\u00b0DDPP01-26-015 portant subd\u00e9l\u00e9gation de signature en mati\u00e8re\nd'ordonnancement secondaire des recettes et des d\u00e9penses et pour l'exercice des attributions d\u00e9volue au pouvoir adjudicateur. 26\n 4\n3. 2. Au bien-\u00eatre et \u00e0 la sant\u00e9 et protection des animaux, \u00e0 la garde et circulation des \nanimaux domestiques et sauvage et aux animaux dangereux :  \nTous les actes et d\u00e9cisions individuelles pr\u00e9vus par : \n \n- L'article L.211-11 et suivants du code rural et de la p\u00eache maritime, relatifs aux animaux \ndangereux et errants et leurs textes d'application ; \n- Les articles L.214-2 et L.214-3 du code rural et de la p\u00eache maritime, relatifs aux \ndispositions g\u00e9n\u00e9rales en mati\u00e8re de protection des  animaux et leurs textes \nd'application ; \n- L'article L.214-6 du code rural et de la p\u00eache ma ritime, relatif aux \u00e9levages, refuges et \nfourri\u00e8res et ses textes d'application ; \n- Les articles L.214-7 du code rural et de la p\u00eache  maritime, relatif aux d\u00e9rogations \nexceptionnelles de vente d'animaux de compagnie et ses textes d'application ; \n- L'article L.214-12 du code rural et de la p\u00eache m aritime, relatif \u00e0 l'agr\u00e9ment des \npersonnes proc\u00e9dant au transport d'animaux vivants dans un but lucratif et ses textes \nd'application ; \n- L'article L.214-13 du code rural et de la p\u00eache m aritime, relatif aux conditions \nparticuli\u00e8res de transport d'animaux vivants ; \n- Les articles L.214-16 et L.214-17 du code rural e t de la p\u00eache maritime, relatif aux \nmesures en cas d'insalubrit\u00e9 d'un lieu d'exposition de bestiaux \u00e0 la vente ; \n- Les articles L.221-1-1 du code rural et de la p\u00eac he maritime, relatifs aux mesures \ng\u00e9n\u00e9rales de pr\u00e9vention, surveillance et lutte cont re les dangers zoo sanitaires et leurs \ntextes d'application ; \n- L'article L.222-2 du code rural et de la p\u00eache maritime, relatif au contr\u00f4le sanitaire des \nactivit\u00e9s de reproduction animale et ses textes d'application ; \n- L'article L.223-5 du code rural et de la p\u00eache maritime, relatif \u00e0 l'ex\u00e9cution d'office des \nmesures de surveillance, de pr\u00e9vention et de lutte contre les dangers sanitaires de \npremi\u00e8re et deuxi\u00e8me cat\u00e9gorie ; \n- Les articles L.223-6-1, L.223-6-2, et L.223-8 du code rural et de la p\u00eache maritime, \nrelatifs aux mesures en cas de maladies r\u00e9put\u00e9es co ntagieuses et leurs textes \nd'application ; \n- Les articles L.223-9 et L.223-10 du code rural et  de la p\u00eache maritime, relatifs aux \nmesures de lutte contre la rage et leurs textes d'application ; \n- L'article L.234-1 du code rural et de la p\u00eache ma ritime, relatif \u00e0 l'immatriculation des \n\u00e9levages et ses textes d'application ; \n- Les articles L.235-1 et L.235-2 du code rural et de la p\u00eache maritime, relatifs \u00e0 \nl'alimentation animale et leurs textes d'application ; \n- L'arr\u00eat\u00e9 minist\u00e9riel du 22 mars 1985 relatif \u00e0 la  pr\u00e9vention de certaines maladies \nr\u00e9put\u00e9es contagieuses des animaux en ce qui concerne l'alimentation animale. \n3. 3. Hygi\u00e8ne et s\u00e9curit\u00e9 sanitaire des aliments : \nTous les actes et d\u00e9cisions individuelles pr\u00e9vus par : \n \n- Le r\u00e8glement (CE) n\u00b0 178-2002 du parlement europ\u00e9en et du conseil du 28 janvier 2002 \n\u00e9tablissant les principes g\u00e9n\u00e9raux et les prescript ions g\u00e9n\u00e9rales de la l\u00e9gislation \nalimentaire, instituant l'autorit\u00e9 europ\u00e9enne de s\u00e9curit\u00e9 sanitaire des aliments et fixant \ndes proc\u00e9dures relatives \u00e0 la s\u00e9curit\u00e9 des denr\u00e9es alimentaires ; \n- Le r\u00e8glement (CE) n\u00b0 852/2004 du parlement europ\u00e9 en et du conseil du 29 avril 2004 \nrelatif \u00e0 l'hygi\u00e8ne des denr\u00e9es alimentaires ; \n- Le r\u00e8glement (CE) n\u00b0 853/2004 du parlement europ\u00e9 en et du conseil du 29 avril 2004 \nfixant des r\u00e8gles sp\u00e9cifiques d'hygi\u00e8ne applicables  aux denr\u00e9es alimentaires d'origine \nanimale ; \n01_Pref_Pr\u00e9fecture de l'Ain - 01-2026-01-13-00003 - Arr\u00eat\u00e9 N\u00b0DDPP01-26-015 portant subd\u00e9l\u00e9gation de signature en mati\u00e8re\nd'ordonnancement secondaire des recettes et des d\u00e9penses et pour l'exercice des attributions d\u00e9volue au pouvoir adjudicateur. 27\n 5\n- Le r\u00e8glement(CE) n\u00b0 854/2004 du Parlement europ\u00e9e n et du Conseil du 29 avril 2004 \nfixant les r\u00e8gles sp\u00e9cifiques d'organisation des co ntr\u00f4les officiels concernant les \nproduits d'origine animale destin\u00e9s \u00e0 la consommation humaine ; \n- L'article L.230-5 du code rural et de la p\u00eache maritime, relatif \u00e0 la qualit\u00e9 nutritionnelle \ndes repas servis en restauration collective et ses textes d'application ; \n- L'article L.232-1 du code rural et de la p\u00eache ma ritime, relatif \u00e0 la d\u00e9cision de \nconsignation, de retrait ou de rappel de produits ; \n- L'article L.233-1 du code rural et de la p\u00eache ma ritime, relatif \u00e0 la fermeture \nd'\u00e9tablissement ou l'arr\u00eat de certaines activit\u00e9s ; \n- L'article L.233-2 du code rural et de la p\u00eache ma ritime, relatif \u00e0 l'agr\u00e9ment sanitaire et \nses textes d'application ; \n- L'article D.233-14 du code rural et de la p\u00eache maritime (cat\u00e9gorisation des abattoirs) ; \n \n3. 4. Protection de la faune sauvage captive : \n \nTous les actes et d\u00e9cisions individuelles pr\u00e9vus par le livre IV, titre Ier, chapitre I et III du \ncode de l'environnement concernant la d\u00e9tention d'a nimaux d'esp\u00e8ces non \ndomestiques et leurs arr\u00eat\u00e9s d'application. \n3. 5. \u00c9limination des cadavres d'animaux et des d\u00e9chets d'origine animale : \nTous les actes et d\u00e9cisions individuelles pr\u00e9vus par les articles L.226-1 \u00e0 L.226-9 du code \nrural et de la p\u00eache maritime, relatifs \u00e0 la gestio n des sous-produits animaux et leurs \ntextes d'application. \n3.6. Inspection des installations class\u00e9es pour la protection de l'environnement \nexer\u00e7ant des activit\u00e9s agricoles et agroalimentaires : \nToutes les d\u00e9cisions individuelles pr\u00e9vues par le t itre Ier du livre V du code de \nl'environnement, \u00e0 l'exception des d\u00e9cisions d'auto risation ou de suspension \nd'installations class\u00e9es ainsi que toutes les d\u00e9cis ions ou actes n\u00e9cessaires \u00e0 la mise en \n\u0153uvre de l'enqu\u00eate publique. \n \n3. 7. Produits chimiques et biocides : \nLa mise en demeure du fabricant ou importateur ou u tilisateur industriel ou \nprofessionnel des substances, m\u00e9langes, articles, p roduits ou \u00e9quipements pour \nsatisfaire aux obligations du chapitre 1 er  ou du chapitre 2 du Titre II du Livre V du code \nde l'environnement ; \nLes sanctions administratives en cas de non-respect de la mise en demeure mentionn\u00e9e \n\u00e0 l'alin\u00e9a pr\u00e9c\u00e9dent.  \n3. 8. Contr\u00f4le des \u00e9changes intracommunautaires et avec les pays tiers des animaux et \ndes aliments et la certification de leur qualit\u00e9 sanitaire : \nToutes les d\u00e9cisions individuelles pr\u00e9vues par les articles L.236-1, L.236-2 et L.236-8 du \ncode rural et de la p\u00eache maritime, sur l'agr\u00e9ment des op\u00e9rateurs et de leurs \ninstallations et leurs arr\u00eat\u00e9s d'application. \n \n01_Pref_Pr\u00e9fecture de l'Ain - 01-2026-01-13-00003 - Arr\u00eat\u00e9 N\u00b0DDPP01-26-015 portant subd\u00e9l\u00e9gation de signature en mati\u00e8re\nd'ordonnancement secondaire des recettes et des d\u00e9penses et pour l'exercice des attributions d\u00e9volue au pouvoir adjudicateur. 28\n 6\n \n3. 9. Consommation et r\u00e9pression des fraudes : \nTous les actes et d\u00e9cisions individuelles pr\u00e9vues par l'article L.521-3 et par l'article L. 521-\n3-1 du code de la consommation relatifs aux r\u00e9quisitions num\u00e9riques visant \u00e0 ordonner : \n \naux fournisseurs de plateformes, de moteurs de recherche, ou de comparateurs en ligne \nl'affichage d'un message avertissant les consommateurs du risque de pr\u00e9judice encouru \n; ou leur ordonnant de prendre toute mesure utile d estin\u00e9e \u00e0 faire cesser leur \nr\u00e9f\u00e9rencement ou \u00e0 en limiter l'acc\u00e8s. \n \nAux op\u00e9rateurs de registre ou aux bureaux d'enregis trement de domaines de prendre \nune mesure de blocage d'un nom de domaine, ou de su ppression ou de transfert du \nnom de domaine \u00e0 l'autorit\u00e9 comp\u00e9tente. \n \nTous les actes et d\u00e9cisions individuelles pr\u00e9vues p ar les articles L.521-5 \u00e0 L.521-23 du \ncode de la consommation relatifs : \n \n- \u00c0 la fermeture d'\u00e9tablissement ou \u00e0 l'arr\u00eat de certaines activit\u00e9s ; \n- Aux produits pr\u00e9sentant ou susceptibles de pr\u00e9sen ter un danger pour la sant\u00e9 \npublique ; \n- Aux produits non conformes ; \n- \u00c0 toute mesure d'urgence allant jusqu'\u00e0 la suspen sion, en cas de danger grave ou \nimm\u00e9diat li\u00e9 \u00e0 une prestation de service ; \n- Les sanctions administratives en cas de manquemen ts portant sur l'affichage des prix \ndes professionnels de sant\u00e9 pr\u00e9vues par l'article R.1111-25 du code de la sant\u00e9 publique ; \n- Les sanctions administratives portant sur les fra is de pr\u00e9l\u00e8vement, de transport, \nd'analyse ou d'essai en application de l'article L. 531-6 du code de la consommation. \n \n \nArticle 2 : \n \nEn cas d'absence ou d'emp\u00eachement simultan\u00e9 de Mons ieur Eric KEROURIO, Directeur \nd\u00e9partemental de la Direction D\u00e9partementale de la Protection des Populations de \nl'Ain, et de Sophie-Jordane VINCENT, Directrice adj ointe de la Direction \nD\u00e9partementale de la Protection des Populations de l'Ain, subd\u00e9l\u00e9gation de signature \nest donn\u00e9e \u00e0 : \n \n- Mme Catherine SIMON, cheffe du service \u00ab s\u00e9curit\u00e9 e t qualit\u00e9 sanitaires de \nl'alimentation \u00bb, Mme St\u00e9phanie GIRAUD, adjointe \u00e0 la cheffe de ce s ervice et M. \nPascal LORIOT Coordinateur des abattoirs, \u00e0 l'effet de signer les d\u00e9cisions relevant \nde ce service mentionn\u00e9es \u00e0 l'article 1 er , \u00a71 a), 3.1, 3.2, 3.3 et 3.8 ; \n \n- Mme Marie-Laure CHEVALIER, cheffe du service \u00ab sant\u00e9 et protection animales \u00bb et \nM. Julien PROST, adjoint \u00e0 la cheffe de ce service \u00e0 l'effet de signer les d\u00e9cisions \nrelevant de ce service mentionn\u00e9es \u00e0 l'article 1 er , \u00a71 a), 3.1, 3.2, 3.4, 3.5 et 3.8 ; \n \n- Mme Marie-Madeleine RICHER, cheffe du service \u00ab pro tection de l'environnement \net appui transversal aux m\u00e9tiers \u00bb, \u00e0 l'effet de si gner les d\u00e9cisions relevant de ce \nservice mentionn\u00e9es \u00e0 l'article 1 er , \u00a7 a) et b), 3.4, 3.5, 3.6 et 3.7. \n \n- Mme C\u00e9cile BRUNET, cheffe du service \u00ab  Concurrence, consommation et \nr\u00e9pression des fraudes  \u00bb \u00e0 l'effet de signer les d\u00e9cisions relevant de ce service \nmentionn\u00e9es \u00e0 l'article 1 er , \u00a7 a), 3.3, 3.7, et 3.9. \n \n01_Pref_Pr\u00e9fecture de l'Ain - 01-2026-01-13-00003 - Arr\u00eat\u00e9 N\u00b0DDPP01-26-015 portant subd\u00e9l\u00e9gation de signature en mati\u00e8re\nd'ordonnancement secondaire des recettes et des d\u00e9penses et pour l'exercice des attributions d\u00e9volue au pouvoir adjudicateur. 29\n1\n 7\n \nArticle 3 : \n \nSont exclues de la subd\u00e9l\u00e9gation :  \n \n- les circulaires aux maires ; \n- toutes correspondances adress\u00e9es aux cabinets minis t\u00e9riels ainsi que celles \nadress\u00e9es aux administrations centrales et qui sont  relatives aux programmes \nd'\u00e9quipement et  \u00e0 leur financement, \n- toutes correspondances adress\u00e9es aux pr\u00e9sidents des  assembl\u00e9es r\u00e9gionales et \nd\u00e9partementales, ainsi que les r\u00e9ponses aux interve ntions des parlementaires et \ndes conseillers g\u00e9n\u00e9raux lorsqu'elles portent sur d es comp\u00e9tences relevant de \nl'Etat. \n \n \nArticle 4 :  \n \nL'arr\u00eat\u00e9 N\u00b0DDPP 01-25-511 du 29 d\u00e9cembre 2025  portant subd\u00e9l\u00e9gation de signature \nest abrog\u00e9. \n \n \nArticle 5 : \n \nLe pr\u00e9sent arr\u00eat\u00e9 peut faire l'objet, dans le d\u00e9lai de deux mois \u00e0 compter  de sa publication \nau recueil des actes administratifs de la pr\u00e9fectur e de l'Ain, d'un recours contentieux \nadress\u00e9 au tribunal administratif de Lyon (184, rue Duguesclin \u2013 69433 Lyon cedex 3) ou par \nvoie d\u00e9mat\u00e9rialis\u00e9e sur le site www.telerecours.fr. \n \n \nArticle 6 : \n \nLe directeur d\u00e9partemental de la protection des pop ulations de l'Ain est charg\u00e9 de \nl'application du pr\u00e9sent arr\u00eat\u00e9, qui sera communiqu \u00e9 \u00e0 Monsieur le Pr\u00e9fet et publi\u00e9 au \nrecueil des actes administratifs de la pr\u00e9fecture de l'Ain. \n \n \n \n \n \nFait \u00e0 Bourg-en-Bresse, le 13 janvier 2026 \n \nLe directeur d\u00e9partemental\n \nde la protection des populations  \n \nSign\u00e9 \n \nEric KEROURIO  \n \n01_Pref_Pr\u00e9fecture de l'Ain - 01-2026-01-13-00003 - Arr\u00eat\u00e9 N\u00b0DDPP01-26-015 portant subd\u00e9l\u00e9gation de signature en mati\u00e8re\nd'ordonnancement secondaire des recettes et des d\u00e9penses et pour l'exercice des attributions d\u00e9volue au pouvoir adjudicateur. 30\n01_Pref_Pr\u00e9fecture de l'Ain\n01-2026-01-12-00003\nArr\u00eat\u00e9 pr\u00e9fectoral portant modification des\ncomp\u00e9tences de la communaut\u00e9 de communes\nBresse et Sa\u00f4ne \n01_Pref_Pr\u00e9fecture de l'Ain - 01-2026-01-12-00003 - Arr\u00eat\u00e9 pr\u00e9fectoral portant modification des comp\u00e9tences de la communaut\u00e9 de\ncommunes Bresse et Sa\u00f4ne 31\nzsPREFETDE L'AINLibert\u00e9Egalit\u00e9Fraternit\u00e9\nDirection des collectivit\u00e9s et de l'appui territorial\nBureau de la l\u00e9galit\u00e9, de l'intercommunalit\u00e9 \net de la d\u00e9mocratie locale\nArr\u00eat\u00e9 pr\u00e9fectoral \nportant modification des statuts \nde la communaut\u00e9 de communes Bresse et Sa\u00f4ne\nLe Pr\u00e9fet de L'Ain\nVu le code g\u00e9n\u00e9ral des collectivit\u00e9s territoriales  et notamment ses articles L5211-17-1,\nL5211-25-1 et L.5214-16 ; \nVu  l'arr\u00eat\u00e9  pr\u00e9fectoral  du  15  d\u00e9cembre  2016  portant  fusion  des  communaut\u00e9s  de\ncommunes du Pays de B\u00e2g\u00e9 et de Pont-de-Vaux ;\nVu  la d\u00e9lib\u00e9ration du 8 septembre 2025 par laquelle le conseil communautaire s'est\nprononc\u00e9 en faveur de la suppression de la comp\u00e9tence suppl\u00e9mentaire non soumise \u00e0\nint\u00e9r\u00eat communautaire : \u00ab Classe d'int\u00e9gration scolaire/unit\u00e9s localis\u00e9es pour l'inclusion\nscolaire CLIS-ULIS : gestion de l'immobilier, du mobilier, du mat\u00e9riel p\u00e9dagogique pour le\nfonctionnement,  surveillance  des  \u00e9l\u00e8ves  de  la  CLIS  de  B\u00e2g\u00e9-Dommartin  au  restaurant\nscolaire \u00bb .\nConsid\u00e9rant que les conditions requises par le code g\u00e9n\u00e9ral des collectivit\u00e9s territoriales\npour proc\u00e9der aux modifications envisag\u00e9es sont r\u00e9unies ;\nSur proposition de la secr\u00e9taire g\u00e9n\u00e9rale de la pr\u00e9fecture ;\nARR\u00caTE\nArticle 1  er     : La comp\u00e9tence suppl\u00e9mentaire  non soumise \u00e0 int\u00e9r\u00eat communautaire, libell\u00e9e\ncomme suit :\u00ab Classe d'int\u00e9gration scolaire/unit\u00e9s localis\u00e9es pour l'inclusion scolaire CLIS-\nULIS  :  gestion  de  l'immobilier,  du  mobilier,  du  mat\u00e9riel  p\u00e9dagogique  pour  le\nfonctionnement,  surveillance  des  \u00e9l\u00e8ves  de  la  CLIS  de  B\u00e2g\u00e9-Dommartin  au  restaurant\nscolaire \u00bb, est supprim\u00e9e, \u00e0 compter de la notification du pr\u00e9sent arr\u00eat\u00e9.\nLes autres articles des statuts de la communaut\u00e9 de communes Bresse et Sa\u00f4ne sont sans\nchangement.\nArticle  2     : Conform\u00e9ment  aux  articles  R  421-1  et  suivants  du  code  de  justice\nadministrative, le pr\u00e9sent arr\u00eat\u00e9 peut faire l'objet, dans le d\u00e9lai de deux mois \u00e0 compter\nde sa publication au recueil des actes administratifs de la pr\u00e9fecture de l'Ain, d'un recours\ngracieux adress\u00e9 en pr\u00e9fecture de l'Ain (direction des collectivit\u00e9s et de l'appui territorial -\nbureau de la l\u00e9galit\u00e9, de l'intercommunalit\u00e9 et de la d\u00e9mocratie locale  - 45, avenue Alsace\nLorraine \u2013 CS 80400 - 01012 Bourg-en-Bresse cedex) ou d'un recours contentieux devant le\ntribunal administratif de Lyon par voie d\u00e9mat\u00e9rialis\u00e9e (www.citoyens.telerecours.fr). \nLe recours gracieux interrompt le d\u00e9lai du recours contentieux qui ne courra \u00e0 nouveau\nqu'\u00e0 compter de la notification d'une d\u00e9cision expresse ou de la d\u00e9cision implicite de\nrejet n\u00e9e, \u00e0 l'expiration d'un d\u00e9lai de deux mois, du silence gard\u00e9 sur ce recours gracieux.\n45, avenue Alsace-Lorraine \u2013 Quartier Bourg Centre - CS 80 400 - 01012 Bourg-en-Bresse cedex\nT\u00e9l. 04.74.32.30.00 \u2013 Site internet : www.ain.gouv.  f  r   \u2013 X \u2013 facebook - instagram : @Prefet01\n01_Pref_Pr\u00e9fecture de l'Ain - 01-2026-01-12-00003 - Arr\u00eat\u00e9 pr\u00e9fectoral portant modification des comp\u00e9tences de la communaut\u00e9 de\ncommunes Bresse et Sa\u00f4ne 32\n2\nArticle 3     : La secr\u00e9taire g\u00e9n\u00e9rale de la pr\u00e9fecture est charg\u00e9e de l'ex\u00e9cution du pr\u00e9sent\narr\u00eat\u00e9 qui sera publi\u00e9 au recueil des actes administratifs de la pr\u00e9fecture et notifi\u00e9 au\npr\u00e9sident de la communaut\u00e9 de communes Bresse et Sa\u00f4ne, aux maires des communes\nmembres et au directeur d\u00e9partemental des finances publiques de l'Ain.\nBourg-en-Bresse, le 12 janvier 2026\nPour le pr\u00e9fet, \nla secr\u00e9taire g\u00e9n\u00e9rale\nsign\u00e9 : Virginie GUERIN-ROBINET\n01_Pref_Pr\u00e9fecture de l'Ain - 01-2026-01-12-00003 - Arr\u00eat\u00e9 pr\u00e9fectoral portant modification des comp\u00e9tences de la communaut\u00e9 de\ncommunes Bresse et Sa\u00f4ne 33\n01_Pref_Pr\u00e9fecture de l'Ain\n01-2026-01-12-00002\nArr\u00eat\u00e9 pr\u00e9fectoral portant modification des\nstatuts du syndicat des eaux de la R\u00e9gion\nd'Amb\u00e9rieu  (SERA)\n01_Pref_Pr\u00e9fecture de l'Ain - 01-2026-01-12-00002 - Arr\u00eat\u00e9 pr\u00e9fectoral portant modification des statuts du syndicat des eaux de la\nR\u00e9gion d'Amb\u00e9rieu  (SERA) 34\nzsPREFETDE L'AINLibert\u00e9Egalit\u00e9Fraternit\u00e9\nDirection des collectivit\u00e9s et de l'appui territorial\nBureau de la l\u00e9galit\u00e9, de l'intercommunalit\u00e9 \net de la d\u00e9mocratie locale\nArr\u00eat\u00e9 pr\u00e9fectoral \nportant modification des statuts et extension de p\u00e9rim\u00e8tre \ndu syndicat des eaux de la R\u00e9gion d'Amb\u00e9rieu \nLe pr\u00e9fet de l'Ain\nVu le code g\u00e9n\u00e9ral des collectivit\u00e9s territoriales et notamment ses articles L. 5211-17 et\nsuivants ;\nVu  l'arr\u00eat\u00e9  pr\u00e9fectoral  du  24  juillet  1990  modifi\u00e9  portant  constitution  du  \u00ab  syndicat\nintercommunal  du  traitement  des  eaux  d'Amb\u00e9rieu-en-Bugey,  Saint-Denis-en-Bugey  et\nAmbutrix \u00bb d\u00e9nomm\u00e9 \u00ab  syndicat du traitement des eaux d'Amb\u00e9rieu-en-Bugey et de son\nagglom\u00e9ration \u00bb par arr\u00eat\u00e9 pr\u00e9fectoral du 26 juillet 2004 ; \nVu l'arr\u00eat\u00e9  pr\u00e9fectoral  du  28  octobre  2024  portant  modification  de  statuts,  de\nd\u00e9nomination et extension de p\u00e9rim\u00e8tre du Syndicat du Traitement des Eaux d'Amb\u00e9rieu-\nen-Bugey et de son agglom\u00e9ration (STEASA), d\u00e9nomm\u00e9 depuis le 1 er janvier 2025 Syndicat\ndes eaux de la R\u00e9gion d'Amb\u00e9rieu (SERA) ;\nVu  les  d\u00e9cisions  du  18  septembre  2025  par  lesquelles  le  comit\u00e9  syndical  propose  la\nmodification statutaire du syndicat (prise de la comp\u00e9tence assainissement non collectif,\nmodification de l'article 8 modalit\u00e9s de repr\u00e9sentation au sein des coll\u00e8ges) ainsi que\nl'extension du p\u00e9rim\u00e8tre du syndicat \u00e0 la commune de Vaux-en-Bugey,  \nVu  les  d\u00e9lib\u00e9rations  des  communes  membres  ainsi  que  l'adh\u00e9sion  et  le  transfert  des\ncomp\u00e9tences de la commune de Vaux-en-Bugey ;\nConsid\u00e9rant que les conditions requises par le code g\u00e9n\u00e9ral des collectivit\u00e9s territoriales\npour proc\u00e9der aux modifications envisag\u00e9es sont r\u00e9unies ;\nSur proposition de la secr\u00e9taire g\u00e9n\u00e9rale de la pr\u00e9fecture ;\nARR\u00caTE\nArticle 1  er     : \n\u00c0 compter de la notification du pr\u00e9sent arr\u00eat\u00e9, les statuts du syndicat des eaux de la\nR\u00e9gion d'Amb\u00e9rieu (SERA) sont les suivants : \n\u00ab Article 1. - Le syndicat intercommunal est d\u00e9sign\u00e9 sous le nom de \u00ab  Syndicat des eaux de\nla R\u00e9gion d'Amb\u00e9rieu \u00bb (ci-dessous d\u00e9sign\u00e9 \u00ab le SERA \u00bb). \nArticle 2. - En application des articles L. 5212-1 et suivants du code g\u00e9n\u00e9ral des collectivit\u00e9s\nterritoriales (CGCT), le SERA est constitu\u00e9 par accords entre les personnes morales de\ndroit  public  concern\u00e9es,  r\u00e9sultant  des  d\u00e9lib\u00e9rations  concordantes  de  leurs  organes\nd\u00e9lib\u00e9rants respectifs approuvant les pr\u00e9sents statuts et apr\u00e8s publication du pr\u00e9sent\narr\u00eat\u00e9. Il fonctionne \u00e0 la \u00ab carte \u00bb conform\u00e9ment aux dispositions de l'article L. 5212-16 du\nCGCT, pour les comp\u00e9tences vis\u00e9es \u00e0 l'article 7 des pr\u00e9sents statuts. \n45, avenue Alsace-Lorraine \u2013 Quartier Bourg Centre - CS 80 400 - 01012 Bourg-en-Bresse cedex\nT\u00e9l. 04.74.32.30.00 \u2013 Site internet : www.ain.gouv.  f  r   \u2013 X \u2013 facebook - instagram : @Prefet01\n01_Pref_Pr\u00e9fecture de l'Ain - 01-2026-01-12-00002 - Arr\u00eat\u00e9 pr\u00e9fectoral portant modification des statuts du syndicat des eaux de la\nR\u00e9gion d'Amb\u00e9rieu  (SERA) 35\n2\nArticle 3. - Le SERA est constitu\u00e9 pour une dur\u00e9e ind\u00e9termin\u00e9e. \nArticle 4 . - Le si\u00e8ge du syndicat est fix\u00e9 en ses locaux sis, 19 rue Ren\u00e9 Panhard, 01500\nAmb\u00e9rieu-en-Bugey. \nArticle 5. - Le p\u00e9rim\u00e8tre du syndicat est le suivant : \n\u2022 Abergement de Varey,\n\u2022 Amb\u00e9rieu-en-Bugey,\n\u2022 Ambutrix,\n\u2022 Ambronay,\n\u2022 Bettant,\n\u2022 Ch\u00e2teau-Gaillard,\n\u2022 Chatillon-la-Palud,\n\u2022 Douvres,\n\u2022 Oncieu,\n\u2022 Saint-Denis-en-Bugey,\n\u2022 Saint-Jean-le-Vieux,\n\u2022 Saint-Maurice-de-R\u00e9mens,\n\u2022 Saint-Rambert-en-Bugey,\n\u2022 Torcieu,\n\u2022 Vaux-en-Bugey.\nArticle 6. - La proc\u00e9dure d'extension du p\u00e9rim\u00e8tre du syndicat est celle d\u00e9finie par l'article\nL. 5211-18 du CGCT. \nLa proc\u00e9dure de retrait d'un membre du syndicat est celle d\u00e9finie par l'article L. 5211-19\ndu CGCT. \nArticle 7. - \nArticle 7.1 \u2013 Comp\u00e9tence eau\nLes membres peuvent opter librement, conform\u00e9ment aux dispositions d\u00e9crites \u00e0 l'article\n11.1 des pr\u00e9sents statuts, pour le transfert au syndicat de la comp\u00e9tence optionnelle\n\u00ab Eau \u00bb qui a pour objet l'ensemble des missions du service public d'eau potable d\u00e9fini \u00e0\nl'article L. 2224-7 du CGCT. \nLa comp\u00e9tence eau du SERA comprend  : la gestion de la production, du transport, du\nstockage, et de la distribution de l'eau potable. \nElle comprend \u00e9galement : \n \u2022 La d\u00e9finition du sch\u00e9ma de distribution d'eau potable ;\n \u2022 La surveillance continue du bon fonctionnement des installations ;\n \u2022 La pr\u00e9servation de la ressource en qualit\u00e9 et en quantit\u00e9 ;\n \u2022 La facturation associ\u00e9e \u00e0 la rel\u00e8ve des consommations d'eau ;\n \u2022 L'\u00e9mission d'un avis sur les demandes d'autorisation d'occupation du sol, en tant que\ngestionnaire de r\u00e9seau.\nLa gestion de ces comp\u00e9tences comprend toutes les r\u00e9alisations d'\u00e9tudes et de travaux,\nl'entretien et l'exploitation des syst\u00e8mes d'eau potable et d'eaux us\u00e9es, existants ou \u00e0\ncr\u00e9er. \nLe SERA assure en qualit\u00e9 de ma\u00eetre d'ouvrage en lieu et place de ses adh\u00e9rents, tous\ninvestissements en foncier ou en \u00e9quipements n\u00e9cessaires \u00e0 l'ex\u00e9cution des missions et au\nbon fonctionnement du service public d'eau potable et d'assainissement collectif. \n01_Pref_Pr\u00e9fecture de l'Ain - 01-2026-01-12-00002 - Arr\u00eat\u00e9 pr\u00e9fectoral portant modification des statuts du syndicat des eaux de la\nR\u00e9gion d'Amb\u00e9rieu  (SERA) 36\n3\nArticle 7.2 \u2013 Comp\u00e9tence Assainissement collectif\nLes membres peuvent opter librement, conform\u00e9ment aux dispositions d\u00e9crites \u00e0 l'article\n10.2 des pr\u00e9sents statuts, pour le transfert au syndicat de la comp\u00e9tence optionnelle\n\u00ab Assainissement collectif \u00bb entendu selon l'article L. 2224-8 du CGCT. \nLa comp\u00e9tence assainissement collectif du SERA comprend  : la gestion de la collecte, du\ntransfert et du traitement des eaux us\u00e9es avant leur rejet au milieu naturel. \nElle comprend \u00e9galement : \n \u2022 La d\u00e9finition du sch\u00e9ma d'assainissement collectif ; \n \u2022 L'\u00e9limination ou la valorisation des boues et des autres sous-produits d'assainissement ;\n \u2022 Le contr\u00f4le des raccordements au r\u00e9seau public de collecte des eaux us\u00e9es ; \n \u2022 La mise en conformit\u00e9 des branchements pour le compte des p\u00e9titionnaires au r\u00e9seau\nd'eaux us\u00e9es ; \n \u2022 Les conventions avec les industriels et les autorisations de d\u00e9versements d'eaux us\u00e9es\nautres que domestiques, en application de l'article L. 1331-10 du Code de sant\u00e9 publique ;\n \u2022 L'\u00e9mission d'un avis sur les demandes d'autorisation d'occupation du sol, en tant que\ngestionnaire de r\u00e9seau. \nLa gestion de ces comp\u00e9tences comprend toutes les r\u00e9alisations d'\u00e9tudes et de travaux,\nl'entretien et l'exploitation des syst\u00e8mes d'eau potable et d'eaux us\u00e9es, existants ou \u00e0\ncr\u00e9er. \nLe SERA assure en qualit\u00e9 de ma\u00eetre d'ouvrage en lieu et place de ses adh\u00e9rents, tous\ninvestissements en foncier ou en \u00e9quipements n\u00e9cessaires \u00e0 l'ex\u00e9cution des missions et au\nbon fonctionnement du service public d'eau potable et d'assainissement collectif. \nArticle 7.3 \u2013 Comp\u00e9tence Assainissement non collectif\nLes membres peuvent opter librement, conform\u00e9ment aux dispositions d\u00e9crites \u00e0 l'article\n11.1 des pr\u00e9sents statuts, pour le transfert au syndicat de la comp\u00e9tence optionnelle\n\u00ab Assainissement non collectif  \u00bb entendu selon l'article L. 2224-8 du CGCT \u00e0 savoir en\nparticulier : \n \u2022 Pour les installations existantes  : la v\u00e9rification du fonctionnement et de l'entretien des\ninstallations d'assainissement non collectif puis le contr\u00f4le de ces installations ; \n \u2022 Pour les installations neuves ou \u00e0 r\u00e9habiliter  : un examen pr\u00e9alable de la conception de\nl'installation, la v\u00e9rification de l'ex\u00e9cution, la d\u00e9livrance au demandeur d'un permis de\nconstruire  un  document  attestant  de  la  conformit\u00e9  du  projet  d'installation\nd'assainissement non collectif au regard des prescriptions r\u00e9glementaires. \n \u2022 De fa\u00e7on optionnelle, sur demande du propri\u00e9taire, le SERA peut d\u00e9cider d'assurer\nl'entretien, les travaux de r\u00e9alisation et de r\u00e9habilitation des installations, le traitement\ndes mati\u00e8res de vidange et fixer des prescriptions techniques pour les \u00e9tudes des sols ou\nle choix de la fili\u00e8re, en vue de l'implantation ou de la r\u00e9habilitation d'une installation. \nArticle 8. - L'administration du syndicat est assur\u00e9e par un comit\u00e9 compos\u00e9 de d\u00e9l\u00e9gu\u00e9s\n\u00e9lus au sein et par les assembl\u00e9es d\u00e9lib\u00e9rantes des membres. \nLes d\u00e9l\u00e9gu\u00e9s sont \u00e9lus pour la dur\u00e9e de leur mandat au sein de l'assembl\u00e9e d\u00e9lib\u00e9rante qui\nles  a  d\u00e9sign\u00e9s.  Ils  sont  r\u00e9\u00e9ligibles.  Ce  mandat  expire  lors  de  l'installation  du  comit\u00e9\nsyndical suivant le renouvellement des assembl\u00e9es d\u00e9lib\u00e9rantes des membres du syndicat.\nLa  repr\u00e9sentation  des  membres  au  syndicat  est  \u00e9tablie  en  fonction  des  conditions\nd'exercice des comp\u00e9tences qui lui sont octroy\u00e9es : \n \u2022 En ce qui concerne la comp\u00e9tence \u00ab  eau \u00bb seuls les membres ayant d\u00e9cid\u00e9 son transfert\nau syndicat sont repr\u00e9sent\u00e9s (1er coll\u00e8ge) ; \n01_Pref_Pr\u00e9fecture de l'Ain - 01-2026-01-12-00002 - Arr\u00eat\u00e9 pr\u00e9fectoral portant modification des statuts du syndicat des eaux de la\nR\u00e9gion d'Amb\u00e9rieu  (SERA) 37\n4\n \u2022 En ce qui concerne la comp\u00e9tence \u00ab  assainissement collectif \u00bb seuls les membres ayant\nd\u00e9cid\u00e9 son transfert au syndicat sont repr\u00e9sent\u00e9s (2\u00e8me coll\u00e8ge). \n \u2022 En ce qui concerne la comp\u00e9tence \u00ab  assainissement non collectif  \u00bb seuls les membres\nayant d\u00e9cid\u00e9 son transfert au syndicat sont repr\u00e9sent\u00e9s (3\u00e8me coll\u00e8ge). \nLa liste des membres du syndicat lui ayant transf\u00e9r\u00e9 les comp\u00e9tences vis\u00e9es \u00e0 l'article 7\ndes statuts \u00e0 la date du pr\u00e9sent arr\u00eat\u00e9 est annex\u00e9e. \nLa  commune  d'Amb\u00e9rieu-en-Bugey  est  repr\u00e9sent\u00e9e  au  sein  du  ou  des  coll\u00e8ges  par  4\nd\u00e9l\u00e9gu\u00e9s titulaires et 4 d\u00e9l\u00e9gu\u00e9s suppl\u00e9ants. Les autres communes sont repr\u00e9sent\u00e9es dans\nun ou des coll\u00e8ges par 2 d\u00e9l\u00e9gu\u00e9s titulaires et 2 d\u00e9l\u00e9gu\u00e9s suppl\u00e9ants. \nChaque d\u00e9l\u00e9gu\u00e9 est membre d'un, de deux ou trois coll\u00e8ges en fonction du nombre de\ncomp\u00e9tences effectivement transf\u00e9r\u00e9es au syndicat par la commune qui l'a d\u00e9sign\u00e9 . \nLe fonctionnement du comit\u00e9 est r\u00e9gi par l'article L. 5212-16 du CGCT relatif aux syndicats\n\u00e0 la carte. \nChaque d\u00e9l\u00e9gu\u00e9 pourra b\u00e9n\u00e9ficier d'un pouvoir, \u00e9tant entendu qu'un d\u00e9l\u00e9gu\u00e9 ne pourra\ndisposer que d'un pouvoir au cours du vote d'une m\u00eame affaire. \nConform\u00e9ment aux dispositions de l'article L. 5212-16 alin\u00e9a 3 du CGCT, des commissions\ncharg\u00e9es de pr\u00e9parer et d'\u00e9tudier les d\u00e9cisions du comit\u00e9 syndical peuvent \u00eatre form\u00e9es\npour l'exercice d'une ou plusieurs comp\u00e9tences. \nLe comit\u00e9 syndical se r\u00e9unit sur convocation du pr\u00e9sident du syndicat au moins deux fois\npar an au si\u00e8ge du syndicat ou dans un lieu choisi par le comit\u00e9 syndical. \nL'ensemble des d\u00e9l\u00e9gu\u00e9s votent pour les affaires pr\u00e9sentant un int\u00e9r\u00eat commun, telles\nque l'\u00e9lection du pr\u00e9sident et des membres du bureau, le vote du budget, l'approbation\ndu  compte  administratif  et  les  d\u00e9cisions  relatives  aux  modifications  des  conditions\ninitiales de composition, de fonctionnement et de dur\u00e9e du syndicat. \nPour les autres d\u00e9lib\u00e9rations, le droit de vote d\u00e9pend du transfert de comp\u00e9tence. Ainsi,\npour les affaires ne pr\u00e9sentant pas un int\u00e9r\u00eat commun, ne prennent part au vote que les\nd\u00e9l\u00e9gu\u00e9s repr\u00e9sentant les membres concern\u00e9s par l'affaire mise en d\u00e9lib\u00e9ration. \nArticle 9 . - Le bureau est compos\u00e9 d'un Pr\u00e9sident, d'un ou plusieurs vice-pr\u00e9sidents, et\n\u00e9ventuellement un ou plusieurs autres membres. \nLe nombre de vice-pr\u00e9sidents est d\u00e9termin\u00e9 par le comit\u00e9 syndical, sans que ce nombre\npuisse \u00eatre sup\u00e9rieur \u00e0 20  % de l'effectif total de l'organe d\u00e9lib\u00e9rant, arrondi \u00e0 l'entier\nsup\u00e9rieur, ni sup\u00e9rieur \u00e0 15. \nArticle  10.  -  Le  Pr\u00e9sident  est  l'organe  ex\u00e9cutif  du  syndicat.  Il  pr\u00e9pare  et  ex\u00e9cute  les\nd\u00e9lib\u00e9rations du comit\u00e9 syndical. Il est l'ordonnateur des d\u00e9penses et prescrit l'ex\u00e9cution\ndes recettes du comit\u00e9 syndical. \nIl prend part \u00e0 tous les votes du comit\u00e9 syndical sauf en cas d'application des articles\nL. 2121- 14 et L. 2131-11 du CGCT. \nLe Pr\u00e9sident est le chef des services du syndicat et est charg\u00e9, sous le contr\u00f4le du comit\u00e9\nsyndical, de la gestion des biens dudit syndicat. \nIl repr\u00e9sente le syndicat devant la justice. Il peut d\u00e9l\u00e9guer, sous sa surveillance et sous sa\nresponsabilit\u00e9 l'exercice d'une partie de ses fonctions aux vices-pr\u00e9sidents, d\u00e8s lors qu'ils\nsont titulaires d'une d\u00e9l\u00e9gation. \n01_Pref_Pr\u00e9fecture de l'Ain - 01-2026-01-12-00002 - Arr\u00eat\u00e9 pr\u00e9fectoral portant modification des statuts du syndicat des eaux de la\nR\u00e9gion d'Amb\u00e9rieu  (SERA) 38\n5\nArticle 11 . -Le syndicat peut intervenir pour le compte de ses membres ou, de fa\u00e7on\naccessoire, pour le compte de tiers non membres, notamment sous forme de r\u00e9alisations\nd'\u00e9tudes,  de  prestations  de  services,  de  missions  d'assistance,  d'\u00e9tudes  de  ma\u00eetrise\nd'\u0153uvre, de ma\u00eetrise d'ouvrages d\u00e9l\u00e9gu\u00e9e, ou d'assistance \u00e0 ma\u00eetrise d'ouvrage, dans le\nrespect de la l\u00e9gislation applicable, d\u00e8s lors que ces interventions portent sur un objet se\nrattachant sur un objet se rattachant aux missions statutaires du syndicat. \nLe  syndicat  peut  \u00e9galement  \u00eatre  coordonnateur  de  groupements  de  commandes\npubliques ou de groupement d'autorit\u00e9 conc\u00e9dant se rattachant \u00e0 son objet dans tous ses\ndomaines de comp\u00e9tence. \nLe  syndicat  peut  aussi  intervenir  comme  centrale  d'achat  au  profit  de  ses  membres\nadh\u00e9rents pour toute cat\u00e9gorie d'achat ou de commande publique se rattachant aux\ndomaines d'activit\u00e9s de ses comp\u00e9tences statutaires. \nS'agissant de son personnel, il est notamment autoris\u00e9 \u00e0 conclure des conventions de\nmutualisation avec ses membres, ou toute autre collectivit\u00e9 territoriale ou \u00e9tablissement\npublic. \nArticle 12.  -Le r\u00e8glement int\u00e9rieur \u00e9tabli, pr\u00e9cise les modalit\u00e9s de fonctionnement du\nsyndicat. \nArticle 13. -Le r\u00e8glement de service d\u00e9finit pour l'eau ou l'assainissement en fonction des\nconditions  locales,  les  prestations  assur\u00e9es  par  le  service  ainsi  que  les  obligations\nrespectives de l'exploitant, des abonn\u00e9s, des usagers et des propri\u00e9taires. \u00bb\nArticle 2     :   L'arr\u00eat\u00e9 pr\u00e9fectoral du du 28 octobre 2024 est abrog\u00e9.\nArticle  3     :   La  r\u00e9partition  des  comp\u00e9tences  \u00e0  la  carte  par  commune  sont  annex\u00e9s  au\npr\u00e9sent arr\u00eat\u00e9. \nArticle  4     :   Conform\u00e9ment  aux  articles  R  421-1  et  suivants  du  code  de  justice\nadministrative, le pr\u00e9sent arr\u00eat\u00e9 peut faire l'objet, dans le d\u00e9lai de deux mois \u00e0 compter\nde sa publication au recueil des actes administratifs de la pr\u00e9fecture de l'Ain, d'un recours\ngracieux adress\u00e9 en pr\u00e9fecture de l'Ain (direction des collectivit\u00e9s et de l'appui territorial -\nbureau de la l\u00e9galit\u00e9, de l'intercommunalit\u00e9 et de la d\u00e9mocratie locale  - 45, avenue Alsace\nLorraine \u2013 CS 80400 - 01012 Bourg-en-Bresse cedex) ou d'un recours contentieux devant le\ntribunal administratif de Lyon par voie d\u00e9mat\u00e9rialis\u00e9e (www.citoyens.telerecours.fr). \nLe recours gracieux interrompt le d\u00e9lai du recours contentieux qui ne courra \u00e0 nouveau\nqu'\u00e0 compter de la notification d'une d\u00e9cision expresse ou de la d\u00e9cision implicite de\nrejet n\u00e9e, \u00e0 l'expiration d'un d\u00e9lai de deux mois, du silence gard\u00e9 sur ce recours gracieux.\nArticle 5     : La secr\u00e9taire g\u00e9n\u00e9rale de la pr\u00e9fecture est charg\u00e9e de l'ex\u00e9cution du pr\u00e9sent\narr\u00eat\u00e9 qui sera publi\u00e9 au recueil des actes administratifs et dont une copie sera transmise\nau pr\u00e9sident du syndicat intercommunal des eaux de la r\u00e9gion d'Amb\u00e9rieu-en-Bugey, aux\nmaires des communes membres et au directeur d\u00e9partemental des finances publiques de\nl'Ain.\nBourg-en-Bresse, le 12 janvier 2026\nPour le pr\u00e9fet, \nla secr\u00e9taire g\u00e9n\u00e9rale\nsign\u00e9 : Virginie GUERIN-ROBINET\n01_Pref_Pr\u00e9fecture de l'Ain - 01-2026-01-12-00002 - Arr\u00eat\u00e9 pr\u00e9fectoral portant modification des statuts du syndicat des eaux de la\nR\u00e9gion d'Amb\u00e9rieu  (SERA) 39\n6\nAnnexe 1 \u2013 tableau des comp\u00e9tences\nCommunes Eau potable Assainissement\ncollectif\nAssainissement\nnon collectif\nAbergement de Varey X X X\nAmb\u00e9rieu-en-Bugey X X X\nAmbronay X X X\nAmbutrix X X X\nBettant X X X\nCh\u00e2teau-Gaillard X X X\nChatillon-la-Palud X\nDouvres X X X\nOncieu X X X\nSaint-Denis-en-Bugey X X X\nSaint-Jean-le Vieux X X X\nSaint-Maurice-de-R\u00e9mens X X \nSaint-Rambert-en-Bugey X X X\nTorcieu X X X\nVaux-en-Bugey X X X\n01_Pref_Pr\u00e9fecture de l'Ain - 01-2026-01-12-00002 - Arr\u00eat\u00e9 pr\u00e9fectoral portant modification des statuts du syndicat des eaux de la\nR\u00e9gion d'Amb\u00e9rieu  (SERA) 40\n84_ARS_Agence R\u00e9gionale de Sant\u00e9\nAuvergne-Rh\u00f4ne-Alpes\n01-2026-01-12-00001\nArr\u00eat\u00e9 2026-01-0004 tableaux garde entreprises\nsanitaires 01\n84_ARS_Agence R\u00e9gionale de Sant\u00e9 Auvergne-Rh\u00f4ne-Alpes - 01-2026-01-12-00001 - Arr\u00eat\u00e9 2026-01-0004 tableaux garde entreprises\nsanitaires 01 41\nE a 4REPUBLIQUEFRANCAISE' \u00a9 ) Agence R\u00e9gionalede Sant\u00e9pute Auvergne-Rh\u00f4ne-AlpesFraternit\u00e9\nArr\u00eat\u00e9 N\u00b0 2026-01-0004Relatif au tour de garde des entreprises de transports sanitaires du secteur 7 du d\u00e9partement de l'Ainpour la p\u00e9riode du 1\u00b0 f\u00e9vrier au 31 mars 2026\nLa Directrice g\u00e9n\u00e9rale de l'Agence R\u00e9gionale de Sant\u00e9 Auvergne-Rh\u00f4ne-Alpes\nVu le code de la sant\u00e9 publique notamment ses articles L. 6311-1 \u00e0 L. 6311-2, L. 6312-1 \u00e0 L. 6312-5, L. 6314-1, R. 6312-1 a R. 6312-43, R. 6314-1 et suivants, R. 6311-17 et R. 6315-1 et suivants ;Vu le d\u00e9cret 2014-1627 du 26 d\u00e9cembre 2014 relatif aux modalit\u00e9s d'organisation des d\u00e9lib\u00e9rations \u00e0distance des instances administratives \u00e0 caract\u00e8re coll\u00e9gial ;Vu le d\u00e9cret n\u00b0 2022-631 du 22 avril 2022 portant r\u00e9forme des transports sanitaires urgents et de leurparticipation \u00e0 la garde;Vu l'arr\u00eat\u00e9 du 24 avril 2009 relatif \u00e0 la mise en \u0153uvre du r\u00e9f\u00e9rentiel portant organisation du secours \u00e0 lapersonne et \u00e0 l'aide m\u00e9dicale urgente ;Vu l'arr\u00eat\u00e9 du 5 mai 2009 relatif \u00e0 la mise en \u0153uvre du r\u00e9f\u00e9rentiel SAMU-transports sanitaires portantorganisation de la r\u00e9ponse ambulanci\u00e8re \u00e0 l'urgence pr\u00e9hospitali\u00e8re ;Vu l'arr\u00eat\u00e9 du 26 avril 2022 relatif aux plafonds d'heures de garde pour l'organisation de la garde pr\u00e9vue\u00e0 l'article R. 6312-19 du code de la sant\u00e9 publique, modifi\u00e9 par l'arr\u00eat\u00e9du 11 juillet 2022 ;Vu l'instruction interminist\u00e9rielle n\u00b0 DGOS/R2/DSS/DGSCGC/2022/144 du 13 mai 2022 relative \u00e0 la miseen \u0153uvre de la r\u00e9forme des transports sanitaires urgents et de la participation des entreprises detransports sanitaires au service de garde;Vu l'arr\u00eat\u00e9 n\u00b0 2022-19-0128 du directeur g\u00e9n\u00e9ral de l''ARS Auvergne-Rh\u00f4ne-Alpes du 19 octobre 2022portant fixation du cahier des charges pour l'organisation de la garde et de la r\u00e9ponse \u00e0 la demande detransports sanitaires urgents dans le d\u00e9partement de l'Ain ;Vu l'arr\u00eat\u00e9 n\u00b0 2023-01-0058 de la directrice g\u00e9n\u00e9rale de l'ARS Auvergne-Rh\u00f4ne-Alpes du 14 d\u00e9cembre 2023portant avenant au cahier des charges pour l'organisation de la garde et de la r\u00e9ponse \u00e0 la demande detransports sanitaires dans le d\u00e9partement de l'Ain;Vu l'avis rendu le 5 janvier 2026 par le sous-comit\u00e9 des transports sanitaires du comit\u00e9 d\u00e9partemental del'aide m\u00e9dicale urgente, de la permanence des soins et des transports sanitaires de l'Ain ;Consid\u00e9rant que, par arr\u00eat\u00e9 du 16 octobre 2025, la directrice g\u00e9n\u00e9rale de l'ARS Auvergne-Rh\u00f4ne-Alpes avalid\u00e9 les tableaux de garde ambulanci\u00e9re du secteur 7_C\u00f4ti\u00e8re Val-de-Sa\u00f4ne Sud pour la p\u00e9riode du 1\u00b0\n. Conform\u00e9ment au r\u00e8glement (UE) 2016/679 du Parlement europ\u00e9en et \u00e0 la loi n\u00b0 78-17 du 6 janvier 1978 modifi\u00e9eCourrier : CS 93383 - 69418 Lyon cedex 03 relative \u00e0 l'informatique, aux fichiers et aux libert\u00e9s, vous pouvez acc\u00e9der aux donn\u00e9es vous concernant ou04 72 34 74 00 demanderleur effacement. Vous disposez \u00e9galement d'un droit d'opposition, d'un droitde rectification et d'un droitwww.auvergne-rhon\u00e9-alfes.ars sante.fr \u00e0 la limitation du traitement de vos donn\u00e9es. Pour exercer ces droits, vous pouvez contacter le D\u00e9l\u00e9gu\u00e9 \u00e0 lasante | protection des donn\u00e9es de l'ARS {ars-ara-dpd@ars.sante.fr).\n84_ARS_Agence R\u00e9gionale de Sant\u00e9 Auvergne-Rh\u00f4ne-Alpes - 01-2026-01-12-00001 - Arr\u00eat\u00e9 2026-01-0004 tableaux garde entreprises\nsanitaires 01 42\nnovembre 2025 au 31 janvier 2026, subordonnant la validation des tableaux pour le reste du semestre \u00e0.la transmission d'une nouvelle proposition par les acteurs de ce secteur;Consid\u00e9rant que l'ATSU de l'Ain a transmis \u00e0 la D\u00e9l\u00e9gation d\u00e9partementale de l'Ain de l'ARS un tableaude garde incomplet sur le secteur 7_C\u00e9ti\u00e9re Val-de-Sa\u00e9ne Sud pour la p\u00e9riode allant du 1\u00b0 f\u00e9vrier au 31mars 2026 ;Consid\u00e9rant que la proposition de tableaux de garde pour le secteur 7_C\u00f4ti\u00e8re Val-de-Sa\u00f4ne Sud, bienqu'incompl\u00e8te, permet de garantir la pr\u00e9sence d'un premier moyen de garde H24, 7 jours/7, ainsi qued'un deuxi\u00e8me moyen de garde les matins de semaine, l\u00e0 o\u00f9 l'activit\u00e9 est la plus importante ; qu'au vu ducontexte de liquidation judiciaire de la soci\u00e9t\u00e9 de transports sanitaires AMBULANCES DE LA COTIERE sansreprise des autorisations de mise en service des v\u00e9hicules a ce jour, du profil des soci\u00e9t\u00e9s de transportssanitaires restantes dont la petite taille limite la capacit\u00e9 de participation \u00e0 la garde, ainsi que de l'effortconsenti par les entreprises pour proposer un tableau de garde complet sur les cr\u00e9neaux pr\u00e9cit\u00e9s, ilconvient de valider les tableaux de garde en l'\u00e9tat de la proposition remont\u00e9e par l'ATSU 01;\nARR\u00caTE\nArticle 1La garde d\u00e9partementale assurant la permanence du transport sanitaire dans l'Ain est organis\u00e9e pour lesecteur 7_C\u00f4ti\u00e8re Val-de-Sa\u00f4ne Sud selon le planning joint en annexe 1, pour la p\u00e9riode du 1\u00b0 f\u00e9vrier au31 mars 2026.Article 2La garde s'effectue 7jours sur 7, aux plages horaires suivantes : 6-14h, 14-22h et 22-06h.Article 3Les entreprises de transports sanitaires doivent se conformer au cahier des charges annex\u00e9 \u00e0 l'arr\u00eat\u00e9N\u00b02023-01-0058 de la directrice. g\u00e9n\u00e9rale de l'ARS Auvergne-Rh\u00f4ne-Alpes du 14 d\u00e9cembre 2023 portantavenant au cahier des charges pour l'organisation de la garde et de la r\u00e9ponse \u00e0 la demande de transportssanitaires dans le d\u00e9partement de l'Ain. Elles ont notamment obligation :- de r\u00e9pondre aux appels du SAMU,- de mobiliser un \u00e9quipage et un v\u00e9hicule de type B (ASSU) ou de type A qui devra obligatoirement\u00eatre \u00e9quip\u00e9 des dispositifs pr\u00e9vus pour les v\u00e9hiculesde type B, dont l'activit\u00e9 est r\u00e9serv\u00e9e aux seulstransports demand\u00e9s par le SAMU,-_ d'assurer les transports demand\u00e9spar le SAMU dans les d\u00e9lais fix\u00e9s par celui-ci, d'informer lecentre de r\u00e9ception et de r\u00e9gulation des appels m\u00e9dicaux du SAMU de leur d\u00e9part en mission etde l'ach\u00e8vement de celle-ci,- de transmettre un bilan au CRRA d\u00e8s la prise en charge du patient.Article 4Cet arr\u00eat\u00e9 peut faire l'objet, dans le d\u00e9lai de deux mois \u00e0 compter de la date de sa notification :- d'un recours gracieux devant l'autorit\u00e9 signataire de la d\u00e9cision, |- d'un recours contentieux devant le tribunal administratif de Lyon, pouvant \u00eatre introduit par lavoie de l'application \u00ab T\u00e9l\u00e9recours citoyens \u00bb sur le site www.telerecours.fr\nCourrier : CS 93383 - 69418 Lyon cedex 03 Conform\u00e9ment au r\u00e8glement {UE} 2016/679 du Parlement europ\u00e9en et a la loi n\u00b0 78-17 du 6 janvier 1978 modifi\u00e9e04 72 34 74 00 relative \u00e0 l'informatique, aux fichiers et aux libert\u00e9s, vous pouvez acc\u00e9der aux donn\u00e9es vous concernant oudemander leur effacement. Vous disposez \u00e9galement d'un droit d'opposition, d'un droit de rectification et d'un droitwww.auvergne-rhone-alges.sante gouv.fr \u00e0 la limitation du traitement de vos donn\u00e9es. Pour exercer ces droits, vous pouvez contacter le D\u00e9l\u00e9gu\u00e9 \u00e0 laBars ara_ sante protection des donn\u00e9es de I'ARS {ars-ara-dpd @ars.sante.fr).\n84_ARS_Agence R\u00e9gionale de Sant\u00e9 Auvergne-Rh\u00f4ne-Alpes - 01-2026-01-12-00001 - Arr\u00eat\u00e9 2026-01-0004 tableaux garde entreprises\nsanitaires 01 43\nArticle 5La directrice d\u00e9partementale de l'Ain est charg\u00e9e de l'ex\u00e9cution du pr\u00e9sent arr\u00eat\u00e9, qui sera publi\u00e9 aurecueil des actes administratifs du d\u00e9partement de l'Ain et de la r\u00e9gion Auvergne-Rh\u00f4ne-Alpes.Fait \u00e0 Bourg en Bresse, le 12 janvier 2026\nPour la directrice g\u00e9n\u00e9rale et par d\u00e9l\u00e9gation,P/ la directrice d\u00e9partementale de l'Ain\nEd<\nMarion FAURECharg\u00e9e de mission transports sanitaires\niar 2 = Conform\u00e9ment au r\u00e8glement (UE) 2016/679 du Parlement europ\u00e9en et \u00e0 la loi n\u00b0 78-17 du 6 janvier 1978 modifi\u00e9eoa  69418 Lyon cedex 03 relative \u00e0 l'informatique, aux fichiers et aux libert\u00e9s, vous pouvez acc\u00e9der aux donn\u00e9es vous concernant oudemander leur effacement. Vous disposez \u00e9galement d'un droit d' opposition, d'un droit de rectification et d'un droitwww.auvergne-rhone-alpes.sante.fouv.fr \u00e0 la limitation du traitement de vos donn\u00e9es. Pour exercer ces droits, vous pouvez contacter le D\u00e9l\u00e9gu\u00e9 \u00e0 laBars ara sante protection des donn\u00e9es de l'ARS (ars-ara-dpd@ars.sante.fr},\n84_ARS_Agence R\u00e9gionale de Sant\u00e9 Auvergne-Rh\u00f4ne-Alpes - 01-2026-01-12-00001 - Arr\u00eat\u00e9 2026-01-0004 tableaux garde entreprises\nsanitaires 01 44\n84_ARS_Agence R\u00e9gionale de Sant\u00e9 Auvergne-Rh\u00f4ne-Alpes - 01-2026-01-12-00001 - Arr\u00eat\u00e9 2026-01-0004 tableaux garde entreprises\nsanitaires 01 45\nSecteur 7 - COTIERE VAL DE \nSAONE SUD \nJour Horaires\n1 6h00 - 14h00 AMD \n1 6h00 - 14h00\n1 6h00 - 14h00\n1 14h00 - 22h00 MEDIPRO\n1 14h00 - 22h00\n1 14h00 - 22h00\n1 22h00 - 06h00 AMBULANCES MONTLUEL\n1 22h00 - 06h00\n2 F\u00e9vrier AMBULANCES MONTLUEL\n2 6h00 - 14h00 JASSANS\n2 6h00 - 14h00 \n2 14h00 - 22h00 MEDIPRO\n2 14h00 - 22h00\n2 14h00 - 22h00\n2 22h00 - 06h00 AB transport Adonis\n2 22h00 - 06h00\n3 6h00 - 14h00 VITAL\n3 6h00 - 14h00 AMBUL'AIN\n3 6h00 - 14h00 \n3 14h00 - 22h00 MEDIPRO\n3 14h00 - 22h00\n3 14h00 - 22h00\n3 22h00 - 06h00 AB transport Adonis\n3 22h00 - 06h00\n4 6h00 - 14h00 AIGLE\n4 6h00 - 14h00 AMBULANCE ASSISTANCE 01\n4 6h00 - 14h00 \n4 14h00 - 22h00 AMBULANCE ASSISTANCE 01\n4 14h00 - 22h00\n4 14h00 - 22h00\n4 22h00 - 06h00 AB transport Adonis\n4 22h00 - 06h00\n5 6h00 - 14h00 VITAL\n5 6h00 - 14h00 AMBUL'AIN\n5 6h00 - 14h00\n5 14h00 - 22h00 SAFE\n5 14h00 - 22h00\n5 14h00 - 22h00\n5 22h00 - 06h00 AB transport Adonis\n5 22h00 - 06h00\n6 6h00 - 14h00 COTIERE\n6 6h00 - 14h00 JASSANS\nAnnexe \u00e0 l'arr\u00eat\u00e9 n\u00b02026-01-0004\nMERCREDIJEUDI\nF\u00e9vrier \nDIMANCHELUNDIMARDI\n84_ARS_Agence R\u00e9gionale de Sant\u00e9 Auvergne-Rh\u00f4ne-Alpes - 01-2026-01-12-00001 - Arr\u00eat\u00e9 2026-01-0004 tableaux garde entreprises\nsanitaires 01 46\n6 6h00 - 14h00 \n6 14h00 - 22h00 COTIERE\n6 14h00 - 22h00\n6 14h00 - 22h00\n6 22h00 - 06h00 MEDIPRO\n6 22h00 - 06h00\n7 6h00 - 14h00 VITAL\n7 6h00 - 14h00\n7 6h00 - 14h00\n7 14h00 - 22h00 SAFE\n7 14h00 - 22h00\n7 14h00 - 22h00\n7 22h00 - 06h00 MEDIPRO\n7 22h00 - 06h00\n8 6h00 - 14h00 JASSANS\n8 6h00 - 14h00 \n8 6h00 - 14h00 \n8 14h00 - 22h00 MEDIPRO\n8 14h00 - 22h00\n8 14h00 - 22h00\n8 22h00 - 06h00 MEDIPRO\n8 22h00 - 06h00\n9 6h00 - 14h00 SAFE\n9 6h00 - 14h00 JASSANS\n9 6h00 - 14h00\n9 14h00 - 22h00 MEDIPRO\n9 14h00 - 22h00\n9 14h00 - 22h00\n9 22h00 - 06h00 AB transport Adonis\n9 22h00 - 06h00\n10 6h00 - 14h00 VITAL\n10 6h00 - 14h00 AMD \n10 6h00 - 14h00 \n10 14h00 - 22h00 SAFE\n10 14h00 - 22h00\n10 14h00 - 22h00\n10 22h00 - 06h00 AB transport Adonis\n10 22h00 - 06h00\n11 6h00 - 14h00 AIGLE\n11 6h00 - 14h00 AMBULANCE ASSISTANCE 01\n11 6h00 - 14h00\n11 14h00 - 22h00 AMBULANCE ASSISTANCE 01\n11 14h00 - 22h00\n11 14h00 - 22h00\n11 22h00 - 06h00 AB transport Adonis\n11 22h00 - 06h00\nLUNDIMARDIMERCREDI VENDREDISAMEDIDIMANCHE\n84_ARS_Agence R\u00e9gionale de Sant\u00e9 Auvergne-Rh\u00f4ne-Alpes - 01-2026-01-12-00001 - Arr\u00eat\u00e9 2026-01-0004 tableaux garde entreprises\nsanitaires 01 47\n12 6h00 - 14h00 VITAL\n12 6h00 - 14h00 AMBUL'AIN\n12 6h00 - 14h00 \n12 14h00 - 22h00 MEDIPRO\n12 14h00 - 22h00\n12 14h00 - 22h00\n12 22h00 - 06h00 AB transport Adonis\n12 22h00 - 06h00\n13 6h00 - 14h00 SAFE\n13 6h00 - 14h00 AMBULANCE ASSISTANCE 01\n13 6h00 - 14h00 \n13 14h00 - 22h00 MEDIPRO\n13 14h00 - 22h00\n13 14h00 - 22h00\n13 22h00 - 06h00 AB transport Adonis\n13 22h00 - 06h00\n14 6h00 - 14h00 VITAL\n14 6h00 - 14h00 \n14 6h00 - 14h00 \n14 14h00 - 22h00 SAFE\n14 14h00 - 22h00\n14 14h00 - 22h00\n14 22h00 - 06h00 MEDIPRO\n14 22h00 - 06h00\n15 6h00 - 14h00 AIGLE\n15 6h00 - 14h00\n15 6h00 - 14h00\n15 14h00 - 22h00 AMBUL'AIN\n15 14h00 - 22h00\n15 14h00 - 22h00\n15 22h00 - 06h00 AMBULANCES MONTLUEL\n15 22h00 - 06h00\n16 6h00 - 14h00 AMBULANCES MONTLUEL\n16 6h00 - 14h00 JASSANS\n16 6h00 - 14h00 \n16 14h00 - 22h00 MEDIPRO\n16 14h00 - 22h00\n16 14h00 - 22h00\n16 22h00 - 06h00 AB transport Adonis\n16 22h00 - 06h00\n17 6h00 - 14h00 VITAL\n17 6h00 - 14h00 AMBUL'AIN\n17 6h00 - 14h00\n17 14h00 - 22h00 MEDIPRO\n17 14h00 - 22h00\n17 14h00 - 22h00\nSAMEDIDIMANCHELUNDIMARDI JEUDIVENDREDI\n84_ARS_Agence R\u00e9gionale de Sant\u00e9 Auvergne-Rh\u00f4ne-Alpes - 01-2026-01-12-00001 - Arr\u00eat\u00e9 2026-01-0004 tableaux garde entreprises\nsanitaires 01 48\n17 22h00 - 06h00 AB transport Adonis\n17 22h00 - 06h00\n18 6h00 - 14h00 AIGLE\n18 6h00 - 14h00 AMBULANCE ASSISTANCE 01\n18 6h00 - 14h00 \n18 14h00 - 22h00 AMBULANCE ASSISTANCE 01\n18 14h00 - 22h00\n18 14h00 - 22h00\n18 22h00 - 06h00 AB transport Adonis\n18 22h00 - 06h00\n19 6h00 - 14h00 VITAL\n19 6h00 - 14h00 AMBUL'AIN\n19 6h00 - 14h00\n19 14h00 - 22h00 SAFE\n19 14h00 - 22h00\n19 14h00 - 22h00\n19 22h00 - 06h00 AB transport Adonis\n19 22h00 - 06h00\n20 6h00 - 14h00 JASSANS\n20 6h00 - 14h00 AMBULANCE ASSISTANCE 01\n20 6h00 - 14h00 \n20 14h00 - 22h00 SAFE\n20 14h00 - 22h00\n20 14h00 - 22h00\n20 22h00 - 06h00 AB transport Adonis\n20 22h00 - 06h00\n21 6h00 - 14h00 VITAL\n21 6h00 - 14h00\n21 6h00 - 14h00\n21 14h00 - 22h00 MEDIPRO\n21 14h00 - 22h00\n21 14h00 - 22h00\n21 22h00 - 06h00 MEDIPRO\n21 22h00 - 06h00\n22 6h00 - 14h00 JASSANS\n22 6h00 - 14h00 \n22 6h00 - 14h00 \n22 14h00 - 22h00 MEDIPRO\n22 14h00 - 22h00\n22 14h00 - 22h00\n22 22h00 - 06h00 MEDIPRO\n22 22h00 - 06h00\n23 6h00 - 14h00 SAFE\n23 6h00 - 14h00 JASSANS\n23 6h00 - 14h00 \n23 14h00 - 22h00 MEDIPRO\nJEUDIVENDREDISAMEDIDIMANCHELUNDIMERCREDI\n84_ARS_Agence R\u00e9gionale de Sant\u00e9 Auvergne-Rh\u00f4ne-Alpes - 01-2026-01-12-00001 - Arr\u00eat\u00e9 2026-01-0004 tableaux garde entreprises\nsanitaires 01 49\n23 14h00 - 22h00\n23 14h00 - 22h00\n23 22h00 - 06h00 AB transport Adonis\n23 22h00 - 06h00\n24 6h00 - 14h00 VITAL\n24 6h00 - 14h00 AMBUL'AIN\n24 6h00 - 14h00\n24 14h00 - 22h00 MEDIPRO\n24 14h00 - 22h00\n24 14h00 - 22h00\n24 22h00 - 06h00 AB transport Adonis\n24 22h00 - 06h00\n25 6h00 - 14h00 AIGLE\n25 6h00 - 14h00 AMBULANCE ASSISTANCE 01\n25 6h00 - 14h00 \n25 14h00 - 22h00 AMBULANCE ASSISTANCE 01\n25 14h00 - 22h00\n25 14h00 - 22h00\n25 22h00 - 06h00 AB transport Adonis\n25 22h00 - 06h00\n26 6h00 - 14h00 VITAL\n26 6h00 - 14h00 AMBUL'AIN\n26 6h00 - 14h00\n26 14h00 - 22h00 SAFE\n26 14h00 - 22h00\n26 14h00 - 22h00\n26 22h00 - 06h00 AB transport Adonis\n26 22h00 - 06h00\n27 6h00 - 14h00 AMBULANCE ASSISTANCE 01\n27 6h00 - 14h00 JASSANS\n27 6h00 - 14h00 \n27 14h00 - 22h00 SAFE\n27 14h00 - 22h00\n27 14h00 - 22h00\n27 22h00 - 06h00 AB transport Adonis\n27 22h00 - 06h00\n28 6h00 - 14h00 VITAL\n28 6h00 - 14h00\n28 6h00 - 14h00\n28 14h00 - 22h00 AMBUL'AIN\n28 14h00 - 22h00\n28 14h00 - 22h00\n28 22h00 - 06h00 AB transport Adonis\n28 22h00 - 06h00\nMARDIMERCREDIJEUDIVENDREDISAMEDILUNDI\n84_ARS_Agence R\u00e9gionale de Sant\u00e9 Auvergne-Rh\u00f4ne-Alpes - 01-2026-01-12-00001 - Arr\u00eat\u00e9 2026-01-0004 tableaux garde entreprises\nsanitaires 01 50\nSecteur 7 - COTIERE VAL DE \nSAONE SUD \nJour Horaires\n1 6h00 - 14h00 AMD \n1 6h00 - 14h00\n1 6h00 - 14h00\n1 14h00 - 22h00 AB transport Adonis\n1 14h00 - 22h00\n1 14h00 - 22h00\n1 22h00 - 06h00 AMBULANCES MONTLUEL\n1 22h00 - 06h00\n2 6h00 - 14h00 AMBULANCES MONTLUEL\n2 6h00 - 14h00 JASSANS\n2 6h00 - 14h00 \n2 14h00 - 22h00 MEDIPRO\n2 14h00 - 22h00\n2 14h00 - 22h00\n2 22h00 - 06h00 AB transport Adonis\n2 22h00 - 06h00\n3 6h00 - 14h00 VITAL\n3 6h00 - 14h00 SAFE\n3 6h00 - 14h00 \n3 14h00 - 22h00 MEDIPRO\n3 14h00 - 22h00\n3 14h00 - 22h00\n3 22h00 - 06h00 AB transport Adonis\n3 22h00 - 06h00\n4 6h00 - 14h00 AIGLE\n4 6h00 - 14h00 AMBULANCE ASSISTANCE 01\n4 6h00 - 14h00 \n4 14h00 - 22h00 AMBULANCE ASSISTANCE 01\n4 14h00 - 22h00\n4 14h00 - 22h00\n4 22h00 - 06h00 AB transport Adonis\n4 22h00 - 06h00\n5 6h00 - 14h00 VITAL\n5 6h00 - 14h00 AMBUL'AIN\n5 6h00 - 14h00\n5 14h00 - 22h00 MEDIPRO\n5 14h00 - 22h00\n5 14h00 - 22h00\n5 22h00 - 06h00 AB transport Adonis\n5 22h00 - 06h00\n6 6h00 - 14h00 AMBULANCE ASSISTANCE 01\n6 6h00 - 14h00 JASSANS\n6 6h00 - 14h00 \nMars\nDIMANCHE LUNDIMARDIMERCREDIJEUDIVENDREDI\n84_ARS_Agence R\u00e9gionale de Sant\u00e9 Auvergne-Rh\u00f4ne-Alpes - 01-2026-01-12-00001 - Arr\u00eat\u00e9 2026-01-0004 tableaux garde entreprises\nsanitaires 01 51\n6 14h00 - 22h00 MEDIPRO\n6 14h00 - 22h00\n6 14h00 - 22h00\n6 22h00 - 06h00 AB transport Adonis\n6 22h00 - 06h00\n7 6h00 - 14h00 VITAL\n7 6h00 - 14h00\n7 6h00 - 14h00\n7 14h00 - 22h00 SAFE\n7 14h00 - 22h00\n7 14h00 - 22h00\n7 22h00 - 06h00 MEDIPRO\n7 22h00 - 06h00\n8 6h00 - 14h00 JASSANS\n8 6h00 - 14h00 \n8 6h00 - 14h00 \n8 14h00 - 22h00 AMD \n8 14h00 - 22h00\n8 14h00 - 22h00\n8 22h00 - 06h00 MEDIPRO\n8 22h00 - 06h00\n9 6h00 - 14h00 SAFE\n9 6h00 - 14h00 JASSANS\n9 6h00 - 14h00\n9 14h00 - 22h00 AMBUL'AIN\n9 14h00 - 22h00\n9 14h00 - 22h00\n9 22h00 - 06h00 AB transport Adonis\n9 22h00 - 06h00\n10 6h00 - 14h00 VITAL\n10 6h00 - 14h00 AMD \n10 6h00 - 14h00 \n10 14h00 - 22h00 SAFE\n10 14h00 - 22h00\n10 14h00 - 22h00\n10 22h00 - 06h00 AB transport Adonis\n10 22h00 - 06h00\n11 6h00 - 14h00 AIGLE\n11 6h00 - 14h00 AMBULANCE ASSISTANCE 01\n11 6h00 - 14h00\n11 14h00 - 22h00 AMBULANCE ASSISTANCE 01\n11 14h00 - 22h00\n11 14h00 - 22h00\n11 22h00 - 06h00 AB transport Adonis\n11 22h00 - 06h00\nMARDIVENDREDISAMEDIDIMANCHELUNDIMERCREDI\n84_ARS_Agence R\u00e9gionale de Sant\u00e9 Auvergne-Rh\u00f4ne-Alpes - 01-2026-01-12-00001 - Arr\u00eat\u00e9 2026-01-0004 tableaux garde entreprises\nsanitaires 01 52\n12 6h00 - 14h00 VITAL\n12 6h00 - 14h00 AMBUL'AIN\n12 6h00 - 14h00 \n12 14h00 - 22h00 MEDIPRO\n12 14h00 - 22h00\n12 14h00 - 22h00\n12 22h00 - 06h00 AB transport Adonis\n12 22h00 - 06h00\n13 6h00 - 14h00 SAFE\n13 6h00 - 14h00 AMBULANCE ASSISTANCE 01\n13 6h00 - 14h00 \n13 14h00 - 22h00 MEDIPRO\n13 14h00 - 22h00\n13 14h00 - 22h00\n13 22h00 - 06h00 AB transport Adonis\n13 22h00 - 06h00\n14 6h00 - 14h00 VITAL\n14 6h00 - 14h00 \n14 6h00 - 14h00 \n14 14h00 - 22h00 MEDIPRO\n14 14h00 - 22h00\n14 14h00 - 22h00\n14 22h00 - 06h00 MEDIPRO\n14 22h00 - 06h00\n15 6h00 - 14h00 AIGLE\n15 6h00 - 14h00\n15 6h00 - 14h00\n15 14h00 - 22h00 AMBUL'AIN\n15 14h00 - 22h00\n15 14h00 - 22h00\n15 22h00 - 06h00 AMBULANCES MONTLUEL\n15 22h00 - 06h00\n16 6h00 - 14h00 AMBULANCES MONTLUEL\n16 6h00 - 14h00 JASSANS\n16 6h00 - 14h00 \n16 14h00 - 22h00 MEDIPRO\n16 14h00 - 22h00\n16 14h00 - 22h00\n16 22h00 - 06h00 AB transport Adonis\n16 22h00 - 06h00\n17 6h00 - 14h00 VITAL\n17 6h00 - 14h00 AMBUL'AIN\n17 6h00 - 14h00\n17 14h00 - 22h00 MEDIPRO\n17 14h00 - 22h00\nJEUDIVENDREDISAMEDIDIMANCHELUNDIMARDI\n84_ARS_Agence R\u00e9gionale de Sant\u00e9 Auvergne-Rh\u00f4ne-Alpes - 01-2026-01-12-00001 - Arr\u00eat\u00e9 2026-01-0004 tableaux garde entreprises\nsanitaires 01 53\n17 14h00 - 22h00\n17 22h00 - 06h00 AB transport Adonis\n17 22h00 - 06h00\n18 6h00 - 14h00 AIGLE\n18 6h00 - 14h00 AMBULANCE ASSISTANCE 01\n18 6h00 - 14h00 \n18 14h00 - 22h00 AMBULANCE ASSISTANCE 01\n18 14h00 - 22h00\n18 14h00 - 22h00\n18 22h00 - 06h00 AB transport Adonis\n18 22h00 - 06h00\n19 6h00 - 14h00 VITAL\n19 6h00 - 14h00 AMBUL'AIN\n19 6h00 - 14h00\n19 14h00 - 22h00 MEDIPRO\n19 14h00 - 22h00\n19 14h00 - 22h00\n19 22h00 - 06h00 AB transport Adonis\n19 22h00 - 06h00\n20 6h00 - 14h00 JASSANS\n20 6h00 - 14h00 AMBULANCE ASSISTANCE 01\n20 6h00 - 14h00 \n20 14h00 - 22h00 SAFE\n20 14h00 - 22h00\n20 14h00 - 22h00\n20 22h00 - 06h00 AB transport Adonis\n20 22h00 - 06h00\n21 6h00 - 14h00 VITAL\n21 6h00 - 14h00\n21 6h00 - 14h00\n21 14h00 - 22h00 SAFE\n21 14h00 - 22h00\n21 14h00 - 22h00\n21 22h00 - 06h00 MEDIPRO\n21 22h00 - 06h00\n22 6h00 - 14h00 JASSANS\n22 6h00 - 14h00 \n22 6h00 - 14h00 \n22 14h00 - 22h00 MEDIPRO\n22 14h00 - 22h00\n22 14h00 - 22h00\n22 22h00 - 06h00 MEDIPRO\n22 22h00 - 06h00\n23 6h00 - 14h00 SAFE\n23 6h00 - 14h00 JASSANS\n23 6h00 - 14h00 \nDIMANCHE MERCREDIJEUDIVENDREDISAMEDI\n84_ARS_Agence R\u00e9gionale de Sant\u00e9 Auvergne-Rh\u00f4ne-Alpes - 01-2026-01-12-00001 - Arr\u00eat\u00e9 2026-01-0004 tableaux garde entreprises\nsanitaires 01 54\n23 14h00 - 22h00 MEDIPRO\n23 14h00 - 22h00\n23 14h00 - 22h00\n23 22h00 - 06h00 AB transport Adonis\n23 22h00 - 06h00\n24 6h00 - 14h00 VITAL\n24 6h00 - 14h00 AMBUL'AIN\n24 6h00 - 14h00\n24 14h00 - 22h00 MEDIPRO\n24 14h00 - 22h00\n24 14h00 - 22h00\n24 22h00 - 06h00 AB transport Adonis\n24 22h00 - 06h00\n25 6h00 - 14h00 AIGLE\n25 6h00 - 14h00 AMBULANCE ASSISTANCE 01\n25 6h00 - 14h00 \n25 14h00 - 22h00 AMBULANCE ASSISTANCE 01\n25 14h00 - 22h00\n25 14h00 - 22h00\n25 22h00 - 06h00 AB transport Adonis\n25 22h00 - 06h00\n26 6h00 - 14h00 VITAL\n26 6h00 - 14h00 SAFE\n26 6h00 - 14h00\n26 14h00 - 22h00 AMBUL'AIN\n26 14h00 - 22h00\n26 14h00 - 22h00\n26 22h00 - 06h00 AB transport Adonis\n26 22h00 - 06h00\n27 6h00 - 14h00 JASSANS\n27 6h00 - 14h00 AMBULANCE ASSISTANCE 01\n27 6h00 - 14h00 \n27 14h00 - 22h00 SAFE\n27 14h00 - 22h00\n27 14h00 - 22h00\n27 22h00 - 06h00 AB transport Adonis\n27 22h00 - 06h00\n28 6h00 - 14h00 VITAL\n28 6h00 - 14h00\n28 6h00 - 14h00\n28 14h00 - 22h00 AMBUL'AIN\n28 14h00 - 22h00\n28 14h00 - 22h00\n28 22h00 - 06h00 MEDIPRO\n28 22h00 - 06h00\n29 6h00 - 14h00 JASSANS\nLUNDIMARDIMERCREDIJEUDIVENDREDISAMEDI\n84_ARS_Agence R\u00e9gionale de Sant\u00e9 Auvergne-Rh\u00f4ne-Alpes - 01-2026-01-12-00001 - Arr\u00eat\u00e9 2026-01-0004 tableaux garde entreprises\nsanitaires 01 55\n29 6h00 - 14h00 \n29 6h00 - 14h00 \n29 14h00 - 22h00 AB transport Adonis\n29 14h00 - 22h00\n29 14h00 - 22h00\n29 22h00 - 06h00 AMBULANCES MONTLUEL\n29 22h00 - 06h00\n30 6h00 - 14h00 AMBULANCES MONTLUEL\n30 6h00 - 14h00 JASSANS\n30 6h00 - 14h00 \n30 14h00 - 22h00 MEDIPRO\n30 14h00 - 22h00\n30 14h00 - 22h00\n30 22h00 - 06h00 AB transport Adonis\n30 22h00 - 06h00\n31 6h00 - 14h00 VITAL\n31 6h00 - 14h00 AMBUL'AIN\n31 6h00 - 14h00 \n31 14h00 - 22h00 MEDIPRO\n31 14h00 - 22h00\n31 14h00 - 22h00\n31 22h00 - 06h00 AB transport Adonis\n31 22h00 - 06h00\nDIMANCHELUNDIMARDI\n84_ARS_Agence R\u00e9gionale de Sant\u00e9 Auvergne-Rh\u00f4ne-Alpes - 01-2026-01-12-00001 - Arr\u00eat\u00e9 2026-01-0004 tableaux garde entreprises\nsanitaires 01 56","date":"2026-01-13","first_seen_on":"2026-01-13T15:05:57+00:00","id":"bd54c8ba6dfbfc18f461b4f96e5884fa479ac31d730a27d4c7f5772d841b68c7","name":"recueil-01-2026-011-recueil-des-actes-administratifs-special 13-01-2026","pdf_creation_date":"2026-01-13T13:34:16+00:00","pdf_modification_date":null,"timezone":"Europe/Paris","url":"https://www.ain.gouv.fr/contenu/telechargement/34357/239977/file/recueil-01-2026-011-recueil-des-actes-administratifs-special%2013-01-2026%20%20.pdf"}
