{"administration":"prefidf","administration_name":"Pr\u00e9fecture de la r\u00e9gion \u00cele-de-France","content":"PREFECTURE\nREGION ILE DE\nFRANCE\nRECUEIL DES ACTES\nADMINISTRATIFS SP\u00c9CIAL\nN\u00b0IDF-041-2025-06\nPUBLI\u00c9 LE 20 JUIN 2025\nSommaire\nAgence R\u00e9gionale de Sant\u00e9 /\nIDF-2025-06-06-00014 - Arr\u00eat\u00e9 2025-186 portant modification de\nl'arr\u00eat\u00e9 2025-145 portant autorisation de regroupement, de\nglobalisation des capacit\u00e9s du SAFEP et du SSEFS en un SESSAD \"Camus\"\n\u00e0 Massy g\u00e9r\u00e9s par l'association Langage et Int\u00e9gration (4 pages) Page 3\nIDF-2025-06-06-00015 - Arr\u00eat\u00e9 2025-187 portant modification de\nl'arr\u00eat\u00e9 2025-144  de l'autorisation relative au regroupement, de\nglobalisation des capacit\u00e9s du SAFEP et du SSEFS en un SESSAD \"JC\nGatinot\" \u00e0 Montgeron g\u00e9r\u00e9s par l'association Langage et Int\u00e9gration\n(4 pages) Page 8\nAgence R\u00e9gionale de Sant\u00e9 / Direction Veille et S\u00e9curit\u00e9 Sanitaires\nIDF-2025-06-20-00002 - D\u00e9cision DVSS - QSPHARMBIO - 2025/052\nportant renouvellement de l'autorisation de la pharmacie \u00e0 usage\nint\u00e9rieur de l'Association Maternit\u00e9 catholique Sainte F\u00e9licit\u00e9 (3\npages) Page 13\nAgence R\u00e9gionale de Sant\u00e9 - D\u00e9l\u00e9gation D\u00e9partementale du Val\nd'Oise / secr\u00e9tariat de direction\nIDF-2025-06-13-00009 - Arr\u00eat\u00e9 n\u00b0 2025_DD95_01 du 13 juin 2025\nportant renouvellement d'autorisation de 40 places d'appartements de\ncoordination th\u00e9rapeutique (ACT) g\u00e9r\u00e9s par l'association MAAVAR sis\n2A avenue Fr\u00e9d\u00e9ric Joliot Curie 95200 Sarcelles (2 pages) Page 17\n2\nAgence R\u00e9gionale de Sant\u00e9\nIDF-2025-06-06-00014\nArr\u00eat\u00e9 2025-186 portant modification de l'arr\u00eat\u00e9\n2025-145 portant autorisation de regroupement,\nde globalisation des capacit\u00e9s du SAFEP et du\nSSEFS en un SESSAD \"Camus\" \u00e0 Massy g\u00e9r\u00e9s par\nl'association Langage et Int\u00e9gration\nAgence R\u00e9gionale de Sant\u00e9 - IDF-2025-06-06-00014 - Arr\u00eat\u00e9 2025-186 portant modification de l'arr\u00eat\u00e9 2025-145 portant autorisation\nde regroupement, de globalisation des capacit\u00e9s du SAFEP et du SSEFS en un SESSAD \"Camus\" \u00e0 Massy g\u00e9r\u00e9s par l'association Langage\net Int\u00e9gration\n3\nEoREPUBLIQUEFRANCAISELibert\u00e9Egalit\u00e9Fraternit\u00e9 e \u00bb Agence R\u00e9gionale de Sant\u00e9Ile-de-France\n \n \n \n \n \n \n \nAGENCE R\u00c9GIONALE DE SANT\u00c9 \u00ceLE-DE-FRANCE \nARR\u00caT\u00c9 N\u00b0 2025 \u2013 186  \n \nportant modification de l'arr\u00eat\u00e9 n\u00b02025-145 portant autorisation de regroupement, de \nglobalisation des capacit\u00e9s du SAFEP et du SSEFS sis 2 All\u00e9e de Nancy \u00e0 en un Service \nd'Education Sp\u00e9ciale et de Soins \u00e0 Domicile (SESSAD) \u00ab Camus \u00bb sis 2 All\u00e9e de Nancy \u00e0 \nMassy (91 300)                                                                 \n  g\u00e9r\u00e9s par l'association LANGAGE ET INTEGRATION     \n \n \n \nLE DIRECTEUR G\u00c9N\u00c9RAL DE L'AGENCE R\u00c9GIONALE DE SANT\u00c9 \u00ceLE-DE-FRANCE \n \n \nVU le code de l'action sociale et des familles et notamment les articles L. 312-1, L. 313-1,   \nL. 314-3 et suivants ; \n \nVU        le d\u00e9cret du 10 avril 2024 portant nomination de Monsieur Denis ROBIN, Directeur \ng\u00e9n\u00e9ral de l'Agence r\u00e9gionale de sant\u00e9 \u00cele-de-France \u00e0 compter du 29 avril 2024 ; \n \nVU l'arr\u00eat\u00e9 DS N\u00b0 123/2024 du 31 d\u00e9cembre 2024 portant d\u00e9l\u00e9gation de signature \u00e0 \nMonsieur Richade FAHAS, Directeur de la D\u00e9l\u00e9gation d\u00e9partementale de l'Essonne ;  \n \nVU l'arr\u00eat\u00e9 n\u00b0 DIRNOV-2023/08 de la Directrice g\u00e9n\u00e9rale de l'Agence r\u00e9gionale de sant\u00e9 \n\u00cele-de-France en date du 26 octobre 2023 portant adoption du cadre d'orientation \nstrat\u00e9gique 2018-2028 du projet r\u00e9gional de sant\u00e9 d'\u00cele-de-France ; \n \nVU l'arr\u00eat\u00e9 n\u00b0 DIRNOV-2023/09 de la Directrice g\u00e9n\u00e9rale de l'Agence r\u00e9gionale de sant\u00e9 \n\u00cele-de-France en date du 26 octobre 2023 portant adoption du sch\u00e9ma r\u00e9gional de \nsant\u00e9 2023 -2028 du  projet r\u00e9gional de sant\u00e9 d'\u00cele -de-France, modifi\u00e9 par l'arr\u00eat\u00e9 \nn\u00b0DIRNOV-2023/09 en date du 12 janvier 2024 ; \n \nVU l'arr\u00eat\u00e9 n\u00b0 2023 -346 de la Directrice g\u00e9n\u00e9rale de l'Agence r\u00e9gionale de sant\u00e9 \u00cele -de-\nFrance en date du 4 d\u00e9cembre 2023 \u00e9tablissant le programme interd\u00e9partemental \nd'accompagnement des handicaps et de la perte d'autonomie (PRIAC) 2023-2027 pour \nla r\u00e9gion \u00cele-de-France ; \n \nVU l'arr\u00eat\u00e9 n\u00b090-1005 du 10 octobre 1990 portant autorisation de cr\u00e9ation de l'\u00e9cole int\u00e9gr\u00e9 \nAlbert Camus centre d'\u00e9ducation sp\u00e9cialis\u00e9 pour enfants d\u00e9ficients auditifs comportant \nune Section d'Education et d'Enseignement Sp\u00e9cialis\u00e9e (SEES) de 45 places pour \nenfants pr\u00e9sentant des d\u00e9ficiences auditives s\u00e9v\u00e8res  ou profondes. Sont rattach\u00e9s \u00e0 \ncet \u00e9tablissement un Service d'Accompagnement Familial et d'Education Pr\u00e9coce \n(SAFEP) de 5 places et d'un Service de Soutien \u00e0 l'Education Familiale et \u00e0 l'Int\u00e9gration \nScolaire (SSEFIS) de 48 places pour des enfants pr\u00e9sentant des d\u00e9ficiences auditives \ngraves. \n \nVU la demande de l'association LANGAGE ET INTEGRATION  dans le cadre de la \nn\u00e9gociation du CPOM tendant \u00e0 regrouper le SAFEP et le SSEFIS Albert Camus sur \nun seul FINESS, celui du SSEFIS ; \nAgence R\u00e9gionale de Sant\u00e9 - IDF-2025-06-06-00014 - Arr\u00eat\u00e9 2025-186 portant modification de l'arr\u00eat\u00e9 2025-145 portant autorisation\nde regroupement, de globalisation des capacit\u00e9s du SAFEP et du SSEFS en un SESSAD \"Camus\" \u00e0 Massy g\u00e9r\u00e9s par l'association Langage\net Int\u00e9gration\n4\n2 \n \n \nVU le contrat pluriannuel d'objectifs et de moyens portant sur les ann\u00e9es 202 5 \u00e0 2029 \nsign\u00e9 le 19 mars 2025 ; \n \nVU la demande du gestionnaire par mail en date du 12 mai 2025 concernant la \nreconnaissance du code client\u00e8le \u00ab  Handicap cognitif sp\u00e9cifique \u00bb dans la r\u00e9partition \ndes places du SESSAD dans l'arr\u00eat\u00e9 ; \n \n \nCONSID\u00c9RANT que les demandes de regroupement du SAFEP et du SSEFIS au niveau \nde FINESS sont en ad\u00e9quation avec les \u00e9volutions de la nomenclature \ndes ESSMS issues du d\u00e9cret n\u00b0 2017 -982 du 9 mai 2017 et avec le s \ndispositions de l'instruction n\u00b0 DREES/DMSI/DGCS/2018/155 du 27 juin \n2018 relative \u00e0 la mise en \u0153uvre dans le fichier national des \n\u00e9tablissements sanitaires et sociaux (FINESS) de la nouvelle \nnomenclature des \u00e9tablissements et services sociaux et m\u00e9dico-sociaux \n(ESSMS) accompagnant des pe rsonnes handicap\u00e9es ou malades \nchroniques ;  \n \nCONSID\u00c9RANT que ce projet est compatible avec les objectifs et r\u00e9pond aux besoins \nsociaux et m\u00e9dico-sociaux fix\u00e9s par le sch\u00e9ma r\u00e9gional de sant\u00e9 ;  \n \nCONSID\u00c9RANT qu'il satisfait aux r\u00e8gles d'organisation et de fonctionnement pr\u00e9vues par \nle code de l'action sociale et des familles ;  \n \nCONSID\u00c9RANT qu'il pr\u00e9sente un co\u00fbt de fonctionnement en ann\u00e9e pleine compatible \navec le PRIAC Ile-de-France et avec le montant de l'une des dotations \nmentionn\u00e9es \u00e0 l'article L. 314 -3 du code de l'action sociale et des \nfamilles ; \n \nCONSID\u00c9RANT  que l es op\u00e9rations peuvent s'effectuer \u00e0 moyens constants et \nn'entra\u00eenent donc aucun surco\u00fbt ; \n \n \n \nARR\u00caTE  \n \nARTICLE 1er :  L'autorisation visant au regroupement du Service d'accompagnement familial et \nd'\u00e9ducation pr\u00e9coce (SAFEP) et du Service de Soutien \u00e0 l'Education Familiale et \n\u00e0 la Scolarisation  (SSEFS) sis 2 All\u00e9e de Nancy  en en un SESSAD d\u00e9nomm\u00e9 \nSESSAD \u00ab  Albert Camus  \u00bb situ\u00e9 2 All\u00e9e de Nancy   \u00e0 M assy est accord\u00e9 \u00e0 \nl'association LANGAGE ET INTEGRATION  dont le si\u00e8ge social est situ\u00e9  au 8 \navenue Montaigne Maille Nord II, \u00e0 NOISY LE GRAND (93160). \n \n \nARTICLE 2e :  La capacit\u00e9 de ce SESSAD d\u00e9nomm\u00e9 \u00ab  Albert Camus \u00bb est de 53 places \ndestin\u00e9es \u00e0 des enfants, adolescents pr\u00e9sentant des d\u00e9ficiences auditives graves \net des handicaps cognitifs sp\u00e9cifiques. \n \n \nARTICLE 3e : Conform\u00e9ment aux termes du dernier alin\u00e9a du I de l'article D. 312-0-3 du code de \nl'action sociale et des familles, aucune sp\u00e9cialisation n'exclut la prise en charge \nde personnes pr\u00e9sentant des troubles associ\u00e9s \u00e0 ceux qui font l'objet de la \npr\u00e9sente autorisation.  \nAgence R\u00e9gionale de Sant\u00e9 - IDF-2025-06-06-00014 - Arr\u00eat\u00e9 2025-186 portant modification de l'arr\u00eat\u00e9 2025-145 portant autorisation\nde regroupement, de globalisation des capacit\u00e9s du SAFEP et du SSEFS en un SESSAD \"Camus\" \u00e0 Massy g\u00e9r\u00e9s par l'association Langage\net Int\u00e9gration\n5\n3 \n \nARTICLE 4e : Cette structure est r\u00e9pertori\u00e9e dans le Fichier National des Etablissements \nSanitaires et Sociaux (FINESS) de la fa\u00e7on suivante : \n \nN\u00b0 FINESS de l'\u00e9tablissement :  91 001 817 5 \n \n \nCode \ncat\u00e9gorie : \n[182] - Service d'\u00c9ducation Sp\u00e9ciale et de Soins \u00e0 \nDomicile \n \nCode \ndiscipline :  \n \n[839] \u2013 Acquisition, autonomie, \nint\u00e9gration scolaire Enfants \nhandicap\u00e9s \n \n[840] \u2013 Accompagnement pr\u00e9coce de \njeunes enfants \n \n48 places \n \n \n \n5 places \n \nCode \nfonctionnement :  \n \n[16] - Prestation en milieu ordinaire \n \n \n \n53 places \nCode client\u00e8le : \n \n \n[318] \u2013 D\u00e9ficiences auditives graves \n[207] \u2013 Handicap cognitif sp\u00e9cifique \n \n \n \n33 places \n20 places \n \nCode mode de fixation des tarifs : [34] ARS / DG Dotation globale   \n \n  N\u00b0 FINESS du gestionnaire : 93 002 505 1   \n \n  Code statut : 61 - Association Loi 1901 Reconnue d'Utilit\u00e9 Publique \n \n \nARTICLE 5e :  Conform\u00e9ment aux termes du dernier alin\u00e9a du I de l'article D. 312-0-3 du code de \nl'action sociale et des familles, aucune sp\u00e9cialisation n'exclut la prise en charge \nde personnes pr\u00e9sentant des troubles associ\u00e9s \u00e0 ceux qui font l'objet de la \npr\u00e9sente autorisation \n \n \nARTICLE 6e :   Tout changement important dans l'activit\u00e9, l'installation, l'organisation, la direction \nou le fonctionnement de l'\u00e9tablissement ou du service doit \u00eatre port\u00e9 \u00e0 la \nconnaissance de l'autorit\u00e9 comp\u00e9tente. \n \n \nARTICLE 7e :  Un recours contre le pr\u00e9sent arr\u00eat\u00e9 peut \u00eatre form\u00e9 devant le tribunal administratif    \ncomp\u00e9tent dans un d\u00e9lai de deux mois \u00e0 compter de sa notification ou, pour les \ntiers, \u00e0 compter de sa publication.   \n \n \n \n \n \n \n \nAgence R\u00e9gionale de Sant\u00e9 - IDF-2025-06-06-00014 - Arr\u00eat\u00e9 2025-186 portant modification de l'arr\u00eat\u00e9 2025-145 portant autorisation\nde regroupement, de globalisation des capacit\u00e9s du SAFEP et du SSEFS en un SESSAD \"Camus\" \u00e0 Massy g\u00e9r\u00e9s par l'association Langage\net Int\u00e9gration\n6\nage\n4 \n \nARTICLE 8e :  Le Directeur de la D\u00e9l\u00e9gation d\u00e9partementale de l'Essonne de l'Agence r\u00e9gionale \nde sant\u00e9 Ile-de-France est charg\u00e9 de l'ex\u00e9cution du pr\u00e9sent arr\u00eat\u00e9 qui sera publi\u00e9 \naux recueils des actes administratifs de la R\u00e9gion Ile-de-France et du D\u00e9partement \nde l'Essonne \n \n \n \n  \n  Fait \u00e0 Evry-Courcouronnes, le 6 juin 2025 \n \n    \nPour Le Directeur g\u00e9n\u00e9ral de l'Agence          \nR\u00e9gionale de sant\u00e9 \u00cele-de-France, et par \nd\u00e9l\u00e9gation, \nLe Directeur de la D\u00e9l\u00e9gation \nd\u00e9partementale de l'Essonne \n \n \n \n \n \n \nAgence R\u00e9gionale de Sant\u00e9 - IDF-2025-06-06-00014 - Arr\u00eat\u00e9 2025-186 portant modification de l'arr\u00eat\u00e9 2025-145 portant autorisation\nde regroupement, de globalisation des capacit\u00e9s du SAFEP et du SSEFS en un SESSAD \"Camus\" \u00e0 Massy g\u00e9r\u00e9s par l'association Langage\net Int\u00e9gration\n7\nAgence R\u00e9gionale de Sant\u00e9\nIDF-2025-06-06-00015\nArr\u00eat\u00e9 2025-187 portant modification de l'arr\u00eat\u00e9\n2025-144  de l'autorisation relative au\nregroupement, de globalisation des capacit\u00e9s du\nSAFEP et du SSEFS en un SESSAD \"JC Gatinot\" \u00e0\nMontgeron g\u00e9r\u00e9s par l'association Langage et\nInt\u00e9gration\nAgence R\u00e9gionale de Sant\u00e9 - IDF-2025-06-06-00015 - Arr\u00eat\u00e9 2025-187 portant modification de l'arr\u00eat\u00e9 2025-144  de l'autorisation\nrelative au regroupement, de globalisation des capacit\u00e9s du SAFEP et du SSEFS en un SESSAD \"JC Gatinot\" \u00e0 Montgeron g\u00e9r\u00e9s par\nl'association Langage et Int\u00e9gration\n8\nEoREPUBLIQUEFRANCAISELibert\u00e9Egalit\u00e9Fraternit\u00e9 e \u00bb Agence R\u00e9gionale de Sant\u00e9Ile-de-France\n \n \n \n \n \n \n \nAGENCE R\u00c9GIONALE DE SANT\u00c9 \u00ceLE-DE-FRANCE \nARR\u00caT\u00c9 N\u00b0 2025 \u2013 187  \n \nportant modification de l'arr\u00eat\u00e9 n\u00b02025-144 relative au regroupement, de globalisation \ndes capacit\u00e9s du SAFEP sis Avenue de la R\u00e9publique \u00e0 Montgeron et du SSEFS sis \nPlace Joffre \u00e0 Montgeron en un service d'Education Sp\u00e9ciale et de Soins \u00e0 Domicile \n(SESSAD) \u00ab JC Gatinot \u00bb  \n  g\u00e9r\u00e9s par l'association LANGAGE ET INTEGRATION     \n \n \n \nLE DIRECTEUR G\u00c9N\u00c9RAL DE L'AGENCE R\u00c9GIONALE DE SANT\u00c9 \u00ceLE-DE-FRANCE \n \n \nVU le code de l'action sociale et des familles et notamment les articles L. 312-1, L. 313-1,   \nL. 314-3 et suivants ; \n \nVU        le d\u00e9cret du 10 avril 2024 portant nomination de Monsieur Denis ROBIN, Directeur \ng\u00e9n\u00e9ral de l'Agence r\u00e9gionale de sant\u00e9 \u00cele-de-France \u00e0 compter du 29 avril 2024 ; \n \nVU l'arr\u00eat\u00e9 DS N\u00b01 23/2024 du 31 d\u00e9cembre  2024 portant d\u00e9l\u00e9gation de signature \u00e0 \nMonsieur Richade FAHAS, Directeur de la D\u00e9l\u00e9gation d\u00e9partementale de l'Essonne ;  \n \nVU l'arr\u00eat\u00e9 n\u00b0 DIRNOV-2023/08 de la Directrice g\u00e9n\u00e9rale de l'Agence r\u00e9gionale de sant\u00e9 \n\u00cele-de-France en date du 26 octobre 2023 portant adoption du cadre d'orientation \nstrat\u00e9gique 2018-2028 du projet r\u00e9gional de sant\u00e9 d'\u00cele-de-France ; \n \nVU l'arr\u00eat\u00e9 n\u00b0 DIRNOV-2023/09 de la Directrice g\u00e9n\u00e9rale de l'Agence r\u00e9gionale de sant\u00e9 \n\u00cele-de-France en date du 26 octobre 2023 portant adoption du sch\u00e9ma r\u00e9gional de \nsant\u00e9 2023 -2028 du  projet r\u00e9gional de sant\u00e9 d'\u00cele -de-France, modifi\u00e9 par l'arr\u00eat\u00e9 \nn\u00b0DIRNOV-2023/09 en date du 12 janvier 2024 ; \n \nVU l'arr\u00eat\u00e9 n\u00b0 2023 -346 de la Directrice g\u00e9n\u00e9rale de l'Agence r\u00e9gionale de sant\u00e9 \u00cele -de-\nFrance en date du 4 d\u00e9cembre 2023 \u00e9tablissant le programme interd\u00e9partemental \nd'accompagnement des handicaps et de la perte d'autonomie (PRIAC) 2023-2027 pour \nla r\u00e9gion \u00cele-de-France ; \n \nVU l'arr\u00eat\u00e9 n\u00b090-1005 du 10 octobre 1990 portant autorisation de cr\u00e9ation de l'\u00e9cole int\u00e9gr\u00e9 \nJC Gatinot comportant une Section d'Education et d'Enseignement Sp\u00e9cialis\u00e9e (SEES) \nde 37 places pour enfants pr\u00e9sentant des d\u00e9ficiences auditives s\u00e9v\u00e8res. Sont rattach\u00e9s \n\u00e0 cet \u00e9tablissement un Service d'Accompagnement Familial et d'Education Pr\u00e9coce \n(SAFEP) de 5 places et d'un Service de Soutien \u00e0 l'Education Familiale et \u00e0 l'Int\u00e9gration \nScolaire (SSEFIS) de 14 places pour des enfants pr\u00e9sentant des d\u00e9ficiences auditives \ngraves. \n \nVU la demande de l'association LANGAGE ET INTEGRATION  dans le cadre de la \nn\u00e9gociation du CPOM tendant \u00e0 regrouper le SAFEP et le SSEFIS JC Gatinot sur un \nseul FINESS, celui du SSEFIS ; \n \nAgence R\u00e9gionale de Sant\u00e9 - IDF-2025-06-06-00015 - Arr\u00eat\u00e9 2025-187 portant modification de l'arr\u00eat\u00e9 2025-144  de l'autorisation\nrelative au regroupement, de globalisation des capacit\u00e9s du SAFEP et du SSEFS en un SESSAD \"JC Gatinot\" \u00e0 Montgeron g\u00e9r\u00e9s par\nl'association Langage et Int\u00e9gration\n9\n2 \n \nVU le contrat pluriannuel d'objectifs et de moyens portant sur les ann\u00e9es 202 5 \u00e0 2029 \nsign\u00e9 le 19 mars 2025 ; \n \nVU la demande  du gestionnaire par mail en date du 13 mai 2025 concernant la \nreconnaissance du code client\u00e8le \u00ab Handicap cognitif sp\u00e9cifique \u00bb dans la r\u00e9partition \ndes places du SESSAD dans l'arr\u00eat\u00e9 ; \n \n \nCONSID\u00c9RANT que les demandes de regroupement du SAFEP et du SSEFIS au niveau \nde FINESS sont en ad\u00e9quation avec les \u00e9volutions de la nomenclature \ndes ESSMS issues du d\u00e9cret n\u00b0 2017 -982 du 9 mai 2017 et avec le s \ndispositions de l'instruction n\u00b0 DREES/DMSI/DGCS/2018/155 du 27 juin \n2018 relative \u00e0 la mise en \u0153uvre dans le fichier national des \n\u00e9tablissements sanitaires et sociaux (FINESS) de la nouvelle \nnomenclature des \u00e9tablissements et services sociaux et m\u00e9dico-sociaux \n(ESSMS) accompagnant des personnes handicap\u00e9es ou malades \nchroniques ;  \n \nCONSID\u00c9RANT que ce projet est compatible avec les objectifs et r\u00e9pond aux besoins \nsociaux et m\u00e9dico-sociaux fix\u00e9s par le sch\u00e9ma r\u00e9gional de sant\u00e9 ;  \n \nCONSID\u00c9RANT qu'il satisfait aux r\u00e8gles d'organisation et de fonctionnement pr\u00e9vues par \nle code de l'action sociale et des familles ;  \n \nCONSID\u00c9RANT qu'il pr\u00e9sente un co\u00fbt de fonctionnement en ann\u00e9e pleine compatible \navec le PRIAC Ile-de-France et avec le montant de l'une des dotations \nmentionn\u00e9es \u00e0 l'article L. 314 -3 du code de l'action sociale et des \nfamilles ; \n \nCONSID\u00c9RANT  que l es op\u00e9rations peuvent s'effectuer \u00e0 moyens constants et \nn'entra\u00eenent donc aucun surco\u00fbt ; \n \n \n \nARR\u00caTE  \n \nARTICLE 1er :  L'autorisation visant au regroupement du Service d'accompagnement familial et \nd'\u00e9ducation pr\u00e9coce (SAFEP) sis  Avenue de la r\u00e9publique  \u00e0 Montgeron et du \nService de Soutien \u00e0 l'Education Familiale et \u00e0 la Scolarisation (SSEFS) sis Place \nJoffre \u00e0 Montgeron en en un SESSAD d\u00e9nomm\u00e9 SESSAD \u00ab  JC Gatinot \u00bb situ\u00e9 \nPlace Joffre et Avenue de la R\u00e9publique  \u00bb \u00e0 Montgeron est accord\u00e9 \u00e0 l'association \nLANGAGE ET INTEGRATION  dont le si\u00e8ge social est situ\u00e9  au 8 avenue \nMontaigne Maille Nord II, \u00e0 NOISY LE GRAND (93160). \n \n \nARTICLE 2e :  La capacit\u00e9 de ce SESSAD d\u00e9nomm\u00e9 \u00ab JC Gatinot \u00bb est de 19 places destin\u00e9es \n\u00e0 des  enfants, adolescents pr\u00e9sentant des d\u00e9ficiences auditives grave s et des  \nhandicaps cognitifs sp\u00e9cifiques. Le SESSAD dispose d'un site principal situ\u00e9 Place \nJoffre \u00e0 Montgeron et d'un site secondaire situ\u00e9 Avenue de la R\u00e9publique \u00e0 \nMontgeron. \n \n \n \nAgence R\u00e9gionale de Sant\u00e9 - IDF-2025-06-06-00015 - Arr\u00eat\u00e9 2025-187 portant modification de l'arr\u00eat\u00e9 2025-144  de l'autorisation\nrelative au regroupement, de globalisation des capacit\u00e9s du SAFEP et du SSEFS en un SESSAD \"JC Gatinot\" \u00e0 Montgeron g\u00e9r\u00e9s par\nl'association Langage et Int\u00e9gration\n10\n3 \n \nARTICLE 3e : Conform\u00e9ment aux termes du dernier alin\u00e9a du I de l'article D. 312-0-3 du code de \nl'action sociale et des familles, aucune sp\u00e9cialisation n'exclut la prise en charge \nde personnes pr\u00e9sentant des troubles associ\u00e9s \u00e0 ceux qui font l'objet de la \npr\u00e9sente autorisation.  \n \n \n \nARTICLE 4e : Cette structure est r\u00e9pertori\u00e9e dans le Fichier National des Etablissements \nSanitaires et Sociaux (FINESS) de la fa\u00e7on suivante : \n \nN\u00b0 FINESS de l'\u00e9tablissement :  91 001 819 1 \n \n \nCode \ncat\u00e9gorie : \n[182] - Service d'\u00c9ducation Sp\u00e9ciale et de Soins \u00e0 \nDomicile \n \nCode \ndiscipline :  \n \n[839] \u2013 Acquisition, autonomie, \nint\u00e9gration scolaire Enfants \nhandicap\u00e9s \n \n[840] \u2013 Accompagnement pr\u00e9coce de \njeunes enfants \n \n14 places \n \n \n \n5 places \n \nCode \nfonctionnement :  \n \n[16] - Prestation en milieu ordinaire \n \n \n \n19 places \nCode client\u00e8le : \n \n \n[318] \u2013 D\u00e9ficiences auditives graves \n[207] Handicap cognitif sp\u00e9cifique  \n \n \n8 places \n11 places \n \nCode mode de fixation des tarifs : [34] ARS / DG Dotation globale   \n \n  N\u00b0 FINESS du gestionnaire : 93 002 505 1   \n \n  Code statut : 61 - Association Loi 1901 Reconnue d'Utilit\u00e9 Publique \n \n \nARTICLE 5e :  Conform\u00e9ment aux termes du dernier alin\u00e9a du I de l'article D. 312-0-3 du code de \nl'action sociale et des familles, aucune sp\u00e9cialisation n'exclut la prise en charge \nde personnes pr\u00e9sentant des troubles associ\u00e9s \u00e0 ceux qui font l'objet de la \npr\u00e9sente autorisation \n \n \nARTICLE 6e :   Tout changement important dans l'activit\u00e9, l'installation, l'organisation, la direction \nou le fonctionnement de l'\u00e9tablissement ou du service doit \u00eatre port\u00e9 \u00e0 la \nconnaissance de l'autorit\u00e9 comp\u00e9tente. \n \n \nARTICLE 7e :  Un recours contre le pr\u00e9sent arr\u00eat\u00e9 peut \u00eatre form\u00e9 devant le tribunal administratif    \ncomp\u00e9tent dans un d\u00e9lai de deux mois \u00e0 compter de sa notification ou, pour les \ntiers, \u00e0 compter de sa publication.   \n \n \nAgence R\u00e9gionale de Sant\u00e9 - IDF-2025-06-06-00015 - Arr\u00eat\u00e9 2025-187 portant modification de l'arr\u00eat\u00e9 2025-144  de l'autorisation\nrelative au regroupement, de globalisation des capacit\u00e9s du SAFEP et du SSEFS en un SESSAD \"JC Gatinot\" \u00e0 Montgeron g\u00e9r\u00e9s par\nl'association Langage et Int\u00e9gration\n11\n4 \n \n \nARTICLE 8e :  Le Directeur de la D\u00e9l\u00e9gation d\u00e9partementale de l'Essonne de l'Agence r\u00e9gionale \nde sant\u00e9 Ile-de-France est charg\u00e9 de l'ex\u00e9cution du pr\u00e9sent arr\u00eat\u00e9 qui sera publi\u00e9 \naux recueils des actes administratifs de la R\u00e9gion Ile-de-France et du D\u00e9partement \nde l'Essonne \n \n \n \n  \n  Fait \u00e0 Evry-Courcouronnes, le 6 juin 2025 \n \n    \nPour Le Directeur g\u00e9n\u00e9ral de l'Agence          \nR\u00e9gionale de sant\u00e9 \u00cele-de-France, et par \nd\u00e9l\u00e9gation, \nLe Directeur de la D\u00e9l\u00e9gation \nd\u00e9partementale de l'Essonne \n  \n \nAgence R\u00e9gionale de Sant\u00e9 - IDF-2025-06-06-00015 - Arr\u00eat\u00e9 2025-187 portant modification de l'arr\u00eat\u00e9 2025-144  de l'autorisation\nrelative au regroupement, de globalisation des capacit\u00e9s du SAFEP et du SSEFS en un SESSAD \"JC Gatinot\" \u00e0 Montgeron g\u00e9r\u00e9s par\nl'association Langage et Int\u00e9gration\n12\nAgence R\u00e9gionale de Sant\u00e9\nIDF-2025-06-20-00002\nD\u00e9cision DVSS - QSPHARMBIO - 2025/052\nportant renouvellement de l'autorisation de la\npharmacie \u00e0 usage int\u00e9rieur de l'Association\nMaternit\u00e9 catholique Sainte F\u00e9licit\u00e9\nAgence R\u00e9gionale de Sant\u00e9 - IDF-2025-06-20-00002 - D\u00e9cision DVSS - QSPHARMBIO - 2025/052 portant renouvellement de\nl'autorisation de la pharmacie \u00e0 usage int\u00e9rieur de l'Association Maternit\u00e9 catholique Sainte F\u00e9licit\u00e9 13\nREPUBLIQUEFRANCAISELibert\u00e9Egalit\u00e9Fraternit\u00e9\n\u00a9 \u00bb Agence R\u00e9gionale de Sant\u00e9Ile-de-France\n \n \n1 / 3 \n \n \nAGENCE R\u00c9GIONALE DE SANTE \u00ceLE-DE-FRANCE  \nD\u00c9CISION N\u00b0 DVSS - QSPHARMBIO - 2025 / 052 \nportant renouvellement de l'autorisation de la pharmacie \u00e0 usage int\u00e9rieur  \nde l'Association Maternit\u00e9 catholique Sainte F\u00e9licit\u00e9 \nLE DIRECTEUR G\u00c9N\u00c9RAL DE L'AGENCE R\u00c9GIONALE DE SANT\u00c9 \u00ceLE-DE-FRANCE \n \nVU le code de la sant\u00e9 publique  et notamment les articles L.5126 -1 \u00e0 L.5126 -11 ainsi que les \narticles R.5126-1 \u00e0 R.5126-62 ;  \n \nVU l'ordonnance n\u00b0 2016-1729 en date du 15 d\u00e9cembre 2016 relative aux pharmacies \u00e0 usage \nint\u00e9rieur prise en application de l'article 204 de la loi n\u00b0 2016-41 en date du 26 janvier 2016 de \nmodernisation de notre syst\u00e8me de sant\u00e9 en sa version modifi\u00e9e par l'ordonnance \nn\u00b0 2020- 1407 en date du 18 novembre 2020 relative aux missions des agences r\u00e9gionales de \nsant\u00e9 ; \n \nVU le d\u00e9cret n\u00b0 2019-489 en date du 21 mai 2019 modifi\u00e9 relatif aux pharmacies \u00e0 usage int\u00e9rieur \npris en application de l'ordonnance n\u00b02016-1729, notamment son article 4 ; \n \nVU  l'arr\u00eat\u00e9 en date du 22 juin 2001 relatif aux bonnes pratiques de pharmacie hospitali\u00e8re ; \n \nVU  la d\u00e9cision en date du 21 juillet 2023, prise en application des articles L.5121-1 et L.5121-5 du \ncode de la sant\u00e9 publique, relative aux bonnes pratiques de pr\u00e9paration ; \n \nVU  le d\u00e9cret en date du 10 avril 2024 portant nomination de  Monsieur Denis ROBIN, Direct eur \ng\u00e9n\u00e9ral de l'Agence r\u00e9gionale de sant\u00e9 \u00cele-de-France \u00e0 compter du 29 avril 2024 ;  \n \nVU  l'arr\u00eat\u00e9 pr\u00e9fectoral en date du 19 novembre 1954 ayant autoris\u00e9 la cr\u00e9ation d'une pharmacie \u00e0 \nusage int\u00e9rieur sous le n\u00b0 H 72 au sein de l'Association Maternit\u00e9 catholique Sainte F\u00e9licit\u00e9 \nsitu\u00e9 au 7, rue Casablanca \u00e0 Paris (75015) ;  \n  \nVU  la demande d\u00e9pos\u00e9e le 24 janvier 2025 par le  directeur de l'\u00e9tablissement, repr\u00e9sentant l\u00e9gal \nde la personne morale exploitant l' Association Maternit\u00e9 catholique Sainte F\u00e9licit\u00e9 , en vue du \nrenouvellement, au titre de  l'article 4 du d\u00e9cret n\u00b0  2019-489 en date du 21 mai 2019 modifi\u00e9 \nrelatif aux pharmacies \u00e0 usage int\u00e9rieur, de l'autorisation de la pharmacie \u00e0 usage int\u00e9rieur \nconcernant les missions g\u00e9n\u00e9rales ainsi que les actions de pharmacie clinique, telles que \nd\u00e9finies \u00e0 l'article L.5126 -1 du code de la sant\u00e9 publique, afin de r\u00e9pondre aux besoins \npharmaceutiques des personnes prises en charge ;  \n \nVU  la demande d\u00e9pos\u00e9e le 24 janvier 2025 par le directeur de l'\u00e9tablissement, repr\u00e9sentant l\u00e9gal \nde la personne morale exploitant l'Association Maternit\u00e9 catholique Sainte F\u00e9licit\u00e9 , en vue du \nrenouvellement, au titre de l'article 4 du d\u00e9cret n\u00b0  2019-489 en date du 21 mai 2019 modifi\u00e9 \nrelatif aux pharmacies \u00e0 usage int\u00e9rieur,  de l'autorisation de la pharmacie \u00e0 usage \nint\u00e9rieur concernant : \n \nl'activit\u00e9 suivante assur\u00e9e par l'industriel NOVOSTER pour le compte de la pharmacie \u00e0 usage \nint\u00e9rieur :  \n \n- la pr\u00e9paration des dispositifs m\u00e9dicaux st\u00e9riles par le proc\u00e9d\u00e9 \u00e0 la vapeur d'eau  ; \n \nAgence R\u00e9gionale de Sant\u00e9 - IDF-2025-06-20-00002 - D\u00e9cision DVSS - QSPHARMBIO - 2025/052 portant renouvellement de\nl'autorisation de la pharmacie \u00e0 usage int\u00e9rieur de l'Association Maternit\u00e9 catholique Sainte F\u00e9licit\u00e9 14\n \n2 / 3 \n \nVU  le rapport d'instruction en date du 7 avril 2025 et la conclusion d\u00e9finitive en date du 22 mai 2025 \n\u00e9tablis par le pharmacien inspecteur de sant\u00e9 publique ;  \n \nVU  l'avis favorable du Conseil central de la section H de l'Ordre des pharmaciens, en date du \n23 avril 2025 ;  \n  \nCONSID\u00c9RANT  \n \n \nles r\u00e9ponses apport\u00e9es et les engagements pris par l'\u00e9tablissement \u00e0 la suite du \nrapport d'instruction du pharmacien inspecteur de sant\u00e9 publique notamment :  \n \n- am\u00e9nager une zone de quarantaine au sein des locaux de la pharmacie \u00e0 usage \nint\u00e9rieur ;  \n \nCONSID\u00c9RANT que l'Association Maternit\u00e9 catholique Sainte F\u00e9licit\u00e9 dispose de locaux, de moyens \nen personnel, de moyens en \u00e9quipement et d'un syst\u00e8me d'information, \nconform\u00e9ment aux articles R.5126 -8 et R.5126-14 du code de la sant\u00e9 publique , lui \npermettant d'assurer l'ensemble des missions et l'activit\u00e9 sollicit\u00e9e ; \n  \nDECIDE  \n \nARTICLE 1 La pharmacie \u00e0 usage int\u00e9rieur implant\u00e9e au sein de l'Association Maternit\u00e9 catholique \nSainte F\u00e9licit\u00e9 (n\u00b0 FINESS EJ  : 750000838 - n\u00b0 FINESS ET  : 750330667), situ\u00e9e au \n7, rue Casablanca \u00e0 Paris 15\u00e8me est autoris\u00e9e \u00e0 exercer les missions cit\u00e9es aux articles \nsuivants. \n \nARTICLE 2  La pharmacie \u00e0 usage int\u00e9rieur assurera pour son propre compte, dans la limite du \nrespect des conditions r\u00e8glementaires fix\u00e9es pour leur exercice au regard du statut de \nl'\u00e9tablissement au sein duquel elle est \u00e9tablie, les missions g\u00e9n\u00e9rales ainsi que les \nactions de pharmacie clinique, telles que d\u00e9finies \u00e0 l'article L.5126 -1 du code de la \nsant\u00e9 publique, afin de r\u00e9pondre aux besoins pharmaceutiques des personnes prises \nen charge. \n \nARTICLE 3 L'industriel NOVOSTER assurera pour le compte de la pharmacie \u00e0 usage int\u00e9rieur \nfaisant l'objet de la pr\u00e9sente d\u00e9cision l'activit\u00e9 suivante :  \n- la pr\u00e9paration des dispositifs m\u00e9dicaux st\u00e9riles par le proc\u00e9d\u00e9 \u00e0 la vapeur \nd'eau. \nARTICLE 4 La pharmacie \u00e0 usage int\u00e9rieur est install\u00e9e dans des locaux d'une superficie totale \nde 112.10 m\u00b2, comprenant :  \n \nau rez-de-chauss\u00e9e :  \n \n- attente s\u00e9curis\u00e9e : 3.15 m\u00b2 ; \n- local fluides m\u00e9dicaux : 13.28 m\u00b2 ; \n- local protoxyte d'azote : 8.95 m\u00b2 ; \n \nau 4\u00e8me \u00e9tage : \n  \n- espace bureau : 19.17 m\u00b2 ; \n- zone de stockage dispositifs m\u00e9dicaux : 51.11 m\u00b2 ; \n- stockage m\u00e9dicaments : 16.44 m\u00b2. \n \nARTICLE 5 \n \nLe temps de pr\u00e9sence du pharmacien charg\u00e9 de la g\u00e9rance , de 8 demi-journ\u00e9es par \nsemaine, est en conformit\u00e9 avec les dispositions de l'article R.5126 -39 du code de la \nsant\u00e9 publique. \n \n \nAgence R\u00e9gionale de Sant\u00e9 - IDF-2025-06-20-00002 - D\u00e9cision DVSS - QSPHARMBIO - 2025/052 portant renouvellement de\nl'autorisation de la pharmacie \u00e0 usage int\u00e9rieur de l'Association Maternit\u00e9 catholique Sainte F\u00e9licit\u00e9 15\n \n3 / 3 \n \nARTICLE 6  Un recours contentieux contre la pr\u00e9sente d\u00e9cision peut \u00eatre form\u00e9 aupr\u00e8s du Tribunal \nadministratif comp\u00e9tent. Le d\u00e9lai de recours est de deux mois \u00e0 compter de la \nnotification de la d\u00e9cision pour les int\u00e9ress\u00e9s ou de sa publication pour les tiers. Cette \njuridiction peut notamment \u00eatre saisie via une requ\u00eate remise ou envoy\u00e9e au greffe du \nTribunal administratif ou aussi par l'application \u00ab  T\u00e9l\u00e9recours \u00bb accessible \u00e0 partir du \nsite www.telerecours.fr.  \nARTICLE 7  Les Directeurs de l'Agence r\u00e9gionale de sant\u00e9 \u00cele-de-France sont charg\u00e9s, chacun en \nce qui les concerne, de l'ex\u00e9cution de la pr\u00e9sente d\u00e9cision, qui sera publi\u00e9e au recueil \ndes actes administratifs de la Pr\u00e9fecture de r\u00e9gion \u00cele-de-France. \n \nFait \u00e0 Saint-Denis, le 20 juin 2025 \n \nLe Directeur g\u00e9n\u00e9ral \nde l'Agence r\u00e9gionale de sant\u00e9  \n\u00cele-de-France \n \nSign\u00e9 \n \nDenis ROBIN \nAgence R\u00e9gionale de Sant\u00e9 - IDF-2025-06-20-00002 - D\u00e9cision DVSS - QSPHARMBIO - 2025/052 portant renouvellement de\nl'autorisation de la pharmacie \u00e0 usage int\u00e9rieur de l'Association Maternit\u00e9 catholique Sainte F\u00e9licit\u00e9 16\nAgence R\u00e9gionale de Sant\u00e9 - D\u00e9l\u00e9gation\nD\u00e9partementale du Val d'Oise\nIDF-2025-06-13-00009\nArr\u00eat\u00e9 n\u00b0 2025_DD95_01 du 13 juin 2025 portant\nrenouvellement d'autorisation de 40 places\nd'appartements de coordination th\u00e9rapeutique\n(ACT) g\u00e9r\u00e9s par l'association MAAVAR sis 2A\navenue Fr\u00e9d\u00e9ric Joliot Curie 95200 Sarcelles\nAgence R\u00e9gionale de Sant\u00e9 - D\u00e9l\u00e9gation D\u00e9partementale du Val d'Oise - IDF-2025-06-13-00009 - Arr\u00eat\u00e9 n\u00b0 2025_DD95_01 du 13 juin\n2025 portant renouvellement d'autorisation de 40 places d'appartements de coordination th\u00e9rapeutique (ACT) g\u00e9r\u00e9s par\nl'association MAAVAR sis 2A avenue Fr\u00e9d\u00e9ric Joliot Curie 95200 Sarcelles\n17\nREPUBLIQUEFRANCAISELibert\u00e9Egalit\u00e9Fraternit\u00e9 e \u00bb Agence R\u00e9gionale de Sant\u00e9Ile-de-France\n \n \n \n \n \n \n \nAGENCE R\u00c9GIONALE DE SANT\u00c9 \u00ceLE-DE-FRANCE \nARR\u00caT\u00c9 N\u00b02025_DD95_01 \nportant renouvellement d'autorisation de 40 places d'Appartements de Coordination \nTh\u00e9rapeutique (ACT) g\u00e9r\u00e9s par l'Association MAAVAR sis 2A avenue Fr\u00e9d\u00e9ric Joliot Curie \n\u2013 95200 SARCELLES \n \n \nLE DIRECTEUR G\u00c9N\u00c9RAL DE L'AGENCE R\u00c9GIONALE DE SANT\u00c9 \u00ceLE-DE-FRANCE \n \n \nVU le Code de l'Action Sociale et des Familles, notamment ses articles L 312-1, L 313-1, L 314-3 \net suivants, R 313-1 et suivants, D 312-1 et suivants, D 312-154 et D 312-155 ; \n \nVU le Code de la Sant\u00e9 Publique ; \n \nVU le Code de la S\u00e9curit\u00e9 Sociale ; \n \nVU le Code de Justice Administrative et notamment de son article R 312-1 ; \n \nVU le d\u00e9cret n\u00b02002-1227 du 3 octobre 2002 relatif aux appartements de coordination \nth\u00e9rapeutique ; \n \nVU le d\u00e9cret n\u00b02010-336 du 31 mars 2010 portant cr\u00e9ation des Agences R\u00e9gionales de Sant\u00e9 ; \n \nVU le d\u00e9cret du 10 avril 2024 portant nomination de Monsieur Denis Robin en qualit\u00e9 de Directeur \ng\u00e9n\u00e9ral de l'Agence R\u00e9gionale de Sant\u00e9 \u00cele-de-France \u00e0 compter du 29 avril 2024 ; \n \nVU l'arr\u00eat\u00e9 pr\u00e9fectoral n\u00b0 2006-235 du 6 mars 2006 portant autorisation de cr\u00e9ation de 10 places \nd'Appartements de Coordination Th\u00e9rapeutique g\u00e9r\u00e9s par l'Association MAAVAR ; \n \nVU L'arr\u00eat\u00e9 pr\u00e9fectoral n\u00b02007-74 bis du 16 janvier 2007 portant la capacit\u00e9 des Appartements de \nCoordination Th\u00e9rapeutique g\u00e9r\u00e9s par l'Association MAAVAR \u00e0 15 places ; \n \nVU l'arr\u00eat\u00e9 n\u00b0 2010-316 du 1er mars 2010 portant autorisation d'extension de 10 places \nd'Appartements de Coordination Th\u00e9rapeutique g\u00e9r\u00e9s par l'Association MAAVAR pour une \ndur\u00e9e de 15 ans. \n \nVU l'arr\u00eat\u00e9 n\u00b0 2012-229 du 31 d\u00e9cembre 2012 portant la capacit\u00e9 des ACT MAAVAR \u00e0 28 places ; \n \nVU l'arr\u00eat\u00e9 n\u00b0 2014-3 du 13 janvier 2014 portant la capacit\u00e9 des ACT MAAVAR \u00e0 30 places ; \n \nVU l'arr\u00eat\u00e9 n\u00b02015-365 du 15 d\u00e9cembre 2015 portant la capacit\u00e9 des ACT MAAVAR \u00e0 35 places ; \n \nVU l'arr\u00eat\u00e9 n\u00b02016-400 du 9 novembre 2016 portant la capacit\u00e9 des ACT MAAVAR \u00e0 40 places. \n \n \nAgence R\u00e9gionale de Sant\u00e9 - D\u00e9l\u00e9gation D\u00e9partementale du Val d'Oise - IDF-2025-06-13-00009 - Arr\u00eat\u00e9 n\u00b0 2025_DD95_01 du 13 juin\n2025 portant renouvellement d'autorisation de 40 places d'appartements de coordination th\u00e9rapeutique (ACT) g\u00e9r\u00e9s par\nl'association MAAVAR sis 2A avenue Fr\u00e9d\u00e9ric Joliot Curie 95200 Sarcelles\n18\n2\nCONSID\u00c9RANT que  les  arr\u00eat\u00e9s  susvis\u00e9s  des  6  mars  2006,  16  janvier  2007,  1er  mars  2010,  31\nd\u00e9cembre 2012, 13 janvier 2014, 15 d\u00e9cembre 2015, et 9 novembre 2016,\nl'Association MAAVAR a \u00e9t\u00e9 autoris\u00e9e \u00e0 cr\u00e9er 40 places d'ACT;\nCONSID\u00c9RANT que  le  projet  est  compatible  avec  les  objectifs  et  r\u00e9pond  aux  besoins  sociaux  et\nm\u00e9dico-sociaux constat\u00e9s dans le d\u00e9partement ;\nCONSID\u00c9RANT qu'il satisfait aux r\u00e8gles d'organisation et de fonctionnement pr\u00e9vues par le Code de\nl'Action Sociale et des Familles ;\nCONSID\u00c9RANT qu'il  pr\u00e9sente  un  co\u00fbt  de  fonctionnement,  en  ann\u00e9e  pleine  compatible  avec  le\nmontant des dotations mentionn\u00e9es \u00e0 l'article L.314-3 du Code de l'Action Sociale et\ndes Familles ;\nCONSID\u00c9RANT les conclusions du rapport d'\u00e9valuation externe des 6 et 7 novembre 2023.\nARR\u00caTE\nARTICLE 1er : Le  renouvellement  d'autorisation  de  40  places  d'ACT  est  accord\u00e9  \u00e0  l'Association\nMAAVAR pour une dur\u00e9e de 15 ans \u00e0 compter du 1er mars 2025.\nARTICLE 2 : Cette structure est r\u00e9pertori\u00e9e dans le Fichier National des Etablissements Sanitaires\net Sociaux (FINESS) de la fa\u00e7on suivante :\n\uf02d N\u00b0 FINESS de l'\u00e9tablissement : 95 000 703 9\n\uf02d N\u00b0 FINESS du gestionnaire : 95 001 549 5\n\uf02d Cat\u00e9gorie de l'\u00e9tablissement : 165 \n\uf02d Statut juridique de l'EJ : 60\n\uf02d Mode de tarification : 34\nARTICLE 3 : Tout changement important dans l'activit\u00e9, l'installation, l'organisation, la direction ou\nle fonctionnement de l'\u00e9tablissement doit \u00eatre port\u00e9 \u00e0 la connaissance des autorit\u00e9s\ncomp\u00e9tentes  conform\u00e9ment  \u00e0  l'article  L.  313-1  du  Code  de  l'Action  Sociale  et  des\nFamilles.\nARTICLE 4 : Un recours peut \u00eatre form\u00e9 devant le tribunal administratif comp\u00e9tent dans un d\u00e9lai de\ndeux mois \u00e0 compter de la notification de la pr\u00e9sente d\u00e9cision.\nARTICLE 5 : Le Directeur de la sant\u00e9 publique de l'Agence R\u00e9gionale de Sant\u00e9 \u00cele-de-France et la\nDirectrice de la D\u00e9l\u00e9gation D\u00e9partementale du Val-d'Oise sont charg\u00e9s, chacun en ce\nqui les concerne, de l'ex\u00e9cution du pr\u00e9sent arr\u00eat\u00e9 qui sera notifi\u00e9 au demandeur et\npubli\u00e9 aux recueils des actes administratifs des pr\u00e9fectures de la r\u00e9gion \u00cele-de-France\net du d\u00e9partement du Val-d'Oise.\nFait \u00e0 Saint-Denis, le 13/06/2025 \nLe Directeur g\u00e9n\u00e9ral \nde l'Agence r\u00e9gionale de sant\u00e9\n\u00cele-de-France\n SIGNE\nSign\u00e9 \u00e9lectroniquement par Sophie\nMARTINON - Directrice G\u00e9n\u00e9rale\nAdjointe\nLe 13/06/2025 \u00e0 20:08\nAgence R\u00e9gionale de Sant\u00e9 - D\u00e9l\u00e9gation D\u00e9partementale du Val d'Oise - IDF-2025-06-13-00009 - Arr\u00eat\u00e9 n\u00b0 2025_DD95_01 du 13 juin\n2025 portant renouvellement d'autorisation de 40 places d'appartements de coordination th\u00e9rapeutique (ACT) g\u00e9r\u00e9s par\nl'association MAAVAR sis 2A avenue Fr\u00e9d\u00e9ric Joliot Curie 95200 Sarcelles\n19","date":"2025-06-20","first_seen_on":"2025-06-20T16:41:53+00:00","id":"bd75bf94a82fd1377fbdd42b0a5fe00e958040c38234f377d3243544e3b86b93","name":"recueil-idf-041-2025-06-recueil-des-actes-administratifs-special du 20.06.2025","pdf_creation_date":"2025-06-20T14:38:14+00:00","pdf_modification_date":null,"timezone":"Europe/Paris","url":"https://www.prefectures-regions.gouv.fr/ile-de-france/irecontenu/telechargement/128706/948652/file/recueil-idf-041-2025-06-recueil-des-actes-administratifs-special%20du%2020.06.2025%20.pdf"}
