{"administration":"pref09","administration_name":"Pr\u00e9fecture de l\u2019Ari\u00e8ge","content":"ARI\u00c8GE\nRECUEIL DES ACTES\nADMINISTRATIFS\nN\u00b009-2024-112\nPUBLI\u00c9 LE 18 OCTOBRE 2024\nSommaire\n09 - DIRECTION DEPARTEMENTALE DES TERRITOIRES - SERVICE\nENVIRONNEMENT-RISQUES /\n09-2024-10-10-00004 - Arr\u00eat\u00e9 pr\u00e9fectoral du 10 octobre 2024 fixant les\nbar\u00e8mes d\u00e9partementaux pour l'indemnisation des d\u00e9g\u00e2ts de\ngrands gibiers aux cultures et aux r\u00e9coltes agricoles (1 page) Page 3\n09 - PREFECTURE DE L'ARIEGE - DIRECTION DE LA\nCOORDINATION INTERMINISTERIELLE ET DE L'APPUI TERRITORIAL /\nBUREAU DE L'APPUI TERRITOIRAL - CELLULE ENVIRONNEMENT\n09-2024-10-11-00001 - Arr\u00eat\u00e9 pr\u00e9fectoral compl\u00e9mentaire du 11\noctobre 2024 - Soci\u00e9t\u00e9 Imerys Talc Luzenac France (15 pages) Page 4\n09 - PREFECTURE DE L'ARIEGE - DIRECTION DE LA\nCOORDINATION INTERMINISTERIELLE ET DE L'APPUI TERRITORIAL /\nBUREAU DE LA COORDINATION INTERMINISTERIELLE\n09-2024-10-18-00001 - Arr\u00eat\u00e9 pr\u00e9fectoral n\u00b0 portant fixation de la\ndotation globale de financement, au titre de l'exercice 2024, pour le\nCentre \u00c9ducatif Ferm\u00e9 \" Le Vernet \" sis \" Lieu-dit Clarac, 09700 Le\nVernet d'Ari\u00e8ge\" (2 pages) Page 19\n09-2024-10-15-00001 - Arr\u00eat\u00e9 pr\u00e9fectoral relatif \u00e0 l'int\u00e9rim des\nfonctions de sous-pr\u00e9fet de l'arrondissement de Pamiers (4 pages) Page 21\nDIRECTION DEPARTEMENTALE DE L' EMPLOI, DU TRAVAIL, DES\nSOLIDARITES ET DE LA PROTECTION DES POPULATIONS - SERVICE\nINCLUSION SOCIALE ET LUTTE CONTRE LA PAUVRETE /\n09-2024-10-15-00002 - Arr\u00eat\u00e9 pr\u00e9fectoral portant composition du\nconseil de famille des pupilles de l'\u00c9tat de l'Ari\u00e8ge (4 pages) Page 25\n2\nEn\nPR\u00c9FET  _\nDE L'ARI\u00c8GE\nLibert\u00e9\nEgalit\u00e9\nFraternit\u00e9\nDIRECTION D\u00c9PARTEMENTALE DES TERRITOIRES\nService environnement et risques\nLe pr\u00e9fet de l'Ari\u00e8ge\nArr\u00eat\u00e9 pr\u00e9fectoral fixant les  bar\u00e8mes d\u00e9partementaux pour l'indemnisation\ndes d\u00e9g\u00e2ts de grands gibiers aux cultures et aux r\u00e9coltes agricoles\nVules articles L. 426-1 \u00e0 L. 426-6 et R. 426-6 \u00e0 R. 426-18 du code de l'environnement  ;\nVul'arr\u00eat\u00e9 pr\u00e9fectoral portant d\u00e9l\u00e9gation de signature \u00e0 Madame Anne CALMET, directrice\nd\u00e9partementale des Territoires, du 5 avril 2024  ;\nVul'arr\u00eat\u00e9 portant subd\u00e9l\u00e9gation de signature au sein de la DDT du 11 avril 2024  ;\nVules bar\u00e8mes d'indemnisations des d\u00e9g\u00e2ts de gibiers arr\u00eat\u00e9s par la commission nationale\nd'indemnisation en date du 13 septembre 2024  ;\nVula d\u00e9cision de la formation sp\u00e9cialis\u00e9e pour l'indemnisation des d\u00e9g\u00e2ts de grands gibiers\naux cultures et aux r\u00e9coltes agricoles de la commission d\u00e9partementale de la chasse et de la\nfaune sauvage consult\u00e9e par voie d\u00e9mat\u00e9rialis\u00e9e le 26 septembre 2024  ;\nA R R \u00ca T E\nArticle 1\nLe bar\u00e8me pour la perte de r\u00e9colte des prairies pour la p\u00e9riode du 1er janvier au 31 d\u00e9cembre \n2024 est fix\u00e9 \u00e0 12,35 \u20ac/quintal.\nArticle 2\nMonsieur le pr\u00e9sident de la f\u00e9d\u00e9ration d\u00e9partementale des chasseurs est charg\u00e9 de l'ex\u00e9cution \ndu pr\u00e9sent arr\u00eat\u00e9 qui sera publi\u00e9e au recueil des actes administratifs.\nFoix, le 10 octobre 2024\nPour le pr\u00e9fet et par subd\u00e9l\u00e9gation,\nLe chef du service environnement-risques,\nsign\u00e9\nJean-Pierre CABARET\n10 rue des Salenques \u2013 BP 10102 - 09007 FOIX CEDEX\nT\u00e9l\u00e9phone : 05 61 02 47 00 / m\u00e9l : ddt@ariege.gouv.fr\nSite internet : www.ariege.gouv.fr\n09 - DIRECTION DEPARTEMENTALE DES TERRITOIRES - SERVICE ENVIRONNEMENT-RISQUES - 09-2024-10-10-00004 - Arr\u00eat\u00e9\npr\u00e9fectoral du 10 octobre 2024 fixant les bar\u00e8mes d\u00e9partementaux pour l'indemnisation des d\u00e9g\u00e2ts de grands gibiers aux cultures et\naux r\u00e9coltes agricoles3\nEn\nPREFET  _\nDE L'ARI\u00c8GE\nLibert\u00e9\nEgalit\u00e9\nFraternit\u00e9\nPR\u00c9FECTURE\nDirection de la coordination interminist\u00e9rielle\net de l'appui territorial\nBureau de l'appui territorial\nCellule environnement\nArr\u00eat\u00e9 pr\u00e9fectoral compl\u00e9mentaire portant modification des conditions d'exploitation de la carri\u00e8re\nde talc exploit\u00e9e par la soci\u00e9t\u00e9 Imerys Talc Luzenac France sur le territoire des communes de Bestiac,\nLordat, Monts\u00e9gur et Vernaux\nLe pr\u00e9fet de l'Ari\u00e8ge\nVu le code de l'environnement et notamment les articles R.  181-45 et R. 181-46 ;\nVu l'arr\u00eat\u00e9 pr\u00e9fectoral du 21 septembre 2020 autorisant la soci\u00e9t\u00e9 Imerys Talc Luzenac France\n\u00e0  exploiter  une  carri\u00e8re  de  talc  sur  le  territoire  des  communes  de  Bestiac,  Lordat,\nMonts\u00e9gur et Vernaux  ;\nVu les demandes du 16 janvier et du 11 mars 2024 de la soci\u00e9t\u00e9 Imerys Talc Luzenac France\nsollicitant la modification des conditions de gestion des eaux pluviales et des mesures\n\u00c9viter R\u00e9duire Compenser Accompagner (ERCA) de la carri\u00e8re de talc dite de Trimouns  ;\nVu le rapport de l'inspection des installations class\u00e9es du 13 septembre 2024  ;\nVu la transmission  du  projet  d'arr\u00eat\u00e9  \u00e0  la  soci\u00e9t\u00e9  Imerys  Talc  Luzenac  France  le\n26 septembre 2024 ;\nVu l'observation pr\u00e9sent\u00e9e par courriel du 1er octobre 2024 par la soci\u00e9t\u00e9 Imerys Talc Luzenac\nFrance ;\nConsid\u00e9rant que la demande de modification des conditions de gestion des eaux pluviales de\nla carri\u00e8re de talc va permettre de r\u00e9duire de mani\u00e8re importante les volumes d'eau de\nruissellement \u00e0 d\u00e9canter et par cons\u00e9quent les quantit\u00e9s de mati\u00e8res en suspension \u00e0\ntraiter ;\nConsid\u00e9rant que la demande de modification des mesures ERCA intervient suite \u00e0 la rupture\ndes n\u00e9gociations avec certains propri\u00e9taires priv\u00e9s et que la soci\u00e9t\u00e9 Imerys Talc Luzenac\nFrance a men\u00e9 les \u00e9tudes n\u00e9cessaires pour trouver de nouveaux espaces de compensation  ;\nConsid\u00e9rant que les nouveaux espaces de compensation d\u00e9finis ne repr\u00e9sentent pas une baisse\ndu niveau de compensation d\u00e9fini au niveau des prescriptions de l'arr\u00eat\u00e9 pr\u00e9fectoral du 21\nseptembre 2020 susvis\u00e9  ;\nConsid\u00e9rant que les nouveaux espaces de compensations ont \u00e9t\u00e9 valid\u00e9s par le comit\u00e9 de suivi\ndes mesures ERCA auquel la DREAL participe  ;\nConsid\u00e9rant que  les  demandes  formul\u00e9es  par  la  soci\u00e9t\u00e9  Imerys  Talc  Luzenac  France  ne\npr\u00e9sentent aucun impact n\u00e9gatif vis-\u00e0-vis des int\u00e9r\u00eats vis\u00e9s \u00e0 l'article L.511-1 du code de\nl'environnement ;\nConsid\u00e9rant qu'il  y  a  lieu  de  modifier  les  prescriptions  de  l'arr\u00eat\u00e9  pr\u00e9fectoral  du\n21 septembre 2020 susvis\u00e9 afin d'y int\u00e9grer les nouvelles dispositions de gestion des eaux\npluviales,  les  mesures  ERCA  modifi\u00e9e  et  de  mettre  \u00e0  jour  le  montant  des  garanties\nfinanci\u00e8res ;\nSur proposition du secr\u00e9taire g\u00e9n\u00e9ral de la pr\u00e9fecture de l'Ari\u00e8ge  :\nA R R \u00ca T E\n09 - PREFECTURE DE L'ARIEGE - DIRECTION DE LA COORDINATION INTERMINISTERIELLE ET DE L'APPUI TERRITORIAL -\n09-2024-10-11-00001 - Arr\u00eat\u00e9 pr\u00e9fectoral compl\u00e9mentaire du 11 octobre 2024 - Soci\u00e9t\u00e9 Imerys Talc Luzenac France 4\nArticle 1 \u2013 Dispositions g\u00e9n\u00e9rales\nSans  pr\u00e9judice  des  prescriptions  \u00e9dict\u00e9es  par  des  actes  ant\u00e9rieurs  ou  par  des  arr\u00eat\u00e9s\nminist\u00e9riels qui leur sont applicables, les installations exploit\u00e9es par la soci\u00e9t\u00e9  Imerys Talc\nLuzenac France, dont le si\u00e8ge social est 21 rue principale sur la commune de Luzenac (09250),\nsur sa carri\u00e8re de talc de Bestiac, Lordat, Monts\u00e9gur et Vernaux sont soumises aux dispositions du\npr\u00e9sent arr\u00eat\u00e9.\nArticle 2   \u2013   Gestion des eaux pluviales  \nL'article 5.3 de l'arr\u00eat\u00e9 pr\u00e9fectoral du 21 septembre 2020 susvis\u00e9 est compl\u00e9t\u00e9 comme suit  :\n\u00ab L'exploitant met en place dans les secteurs T\u00e9l\u00e9ph\u00e9rique et Lauze un r\u00e9seau de d\u00e9rivation des\neaux en provenance de la p\u00e9riph\u00e9rie ouest de la carri\u00e8re.\nCe r\u00e9seau est constitu\u00e9 d'une succession de foss\u00e9s, descentes d'eau, banquettes drainantes et\nbassins  tel  que  pr\u00e9sent\u00e9  dans  le  dossier  accompagnant  la  demande  de  modification  des\nconditions de gestion des eaux .\nLes eaux collect\u00e9es issues de cette d\u00e9rivation sont rejet\u00e9es dans le ruisseau de la Lauze entre\n50 et 100 m en aval du rejet du bassin des Fourmis  \u00bb.\nArticle 3 \u2013 Effet sur les eaux de surface et les milieux aquatiques\nL'article 5.7.1 de l'arr\u00eat\u00e9 du 21 septembre 2020 susvis\u00e9 est modifi\u00e9 comme suit  :\n\u00ab \nParam\u00e8tresAutosurveillance exerc\u00e9e\npar l'exploitantM\u00e9thode de r\u00e9f\u00e9rence Fr\u00e9quence\nFaune Benthique ouiI2M2 annuelle\nIBD annuelle\nQualit\u00e9 du cours d'eau oui IBGN annuelle\nCette fr\u00e9quence pourra \u00eatre modifi\u00e9e en fonction des r\u00e9sultats des mesures sur demande de\nl'exploitant et apr\u00e8s accord de l'inspection des installations class\u00e9es.  \u00bb\nArticle 4 \u2013 Garanties financi\u00e8res\nLe tableau de l'article 1.6.2 de l'arr\u00eat\u00e9 pr\u00e9fectoral du 21 septembre 2020 est modifi\u00e9 comme\nsuit :\n\u00ab \nPhase et p\u00e9riode Montant \u20ac TTC\nPremi\u00e8re phase de 1 \u00e0 5 ans 9,553,960.00 \u20ac\nDeuxi\u00e8me phase de 6 \u00e0 10 ans 9,941,279.00 \u20ac\nTroisi\u00e8me phase de 11 \u00e0 15 ans 10,507,478.00 \u20ac\nQuatri\u00e8me phase de 16 \u00e0 20 ans 10,760,896.00 \u20ac\nCinqui\u00e8me phase de 21 \u00e0 25 ans 10,467,514.00 \u20ac\nSixi\u00e8me phase de 26 ans jusqu'\u00e0 la remise en \u00e9tat final du site 9,448,957.00 \u20ac\n \u00bb\nArticle 5 \u2013 Mesures de Compensation et d'Accompagnement\nL'article 11.3 de l'arr\u00eat\u00e9 pr\u00e9fectoral du 21 septembre 2020 est modifi\u00e9 comme suit  :\n\u00ab Plan de gestion\nL'exploitant met en \u0153uvre les mesures annonc\u00e9es et valid\u00e9es du plan de gestion 2022-2027 des\nmesures de r\u00e9duction, de compensation et d'accompagnement en faveur de la biodiversit\u00e9.\n\u00c0 l'issue de cette p\u00e9riode l'exploitant r\u00e9alisera un bilan de l'efficacit\u00e9 des mesures mise en\n\u0153uvre sur la p\u00e9riode et proposera si n\u00e9cessaire de nouvelles mesures de gestion  \u00bb.09 - PREFECTURE DE L'ARIEGE - DIRECTION DE LA COORDINATION INTERMINISTERIELLE ET DE L'APPUI TERRITORIAL -\n09-2024-10-11-00001 - Arr\u00eat\u00e9 pr\u00e9fectoral compl\u00e9mentaire du 11 octobre 2024 - Soci\u00e9t\u00e9 Imerys Talc Luzenac France 5\nAutorisation  d'exploiter  la carri\u00e8re  de talc  de Trimouns,  sur  les communes  de Bestiac,  \\Lordat, Monts\u00e9gur  et Vernaux  (09) wifes\nM  tai\n\u00e9cologiques  compl\u00e9mentaires\n{_}  Secteurs  retenus  pour  la mise\nen oeuvre  des  mesures\ncompensatoires\n[2]  P\u00e9rim\u00e8tre  d'autorisation  de la\ncarri\u00e8re  de Trimouns\n|)  RNR  du massif  de Saint-\nBarth\u00e9l\u00e9my\n[|  Limites  cadastrales\nMaitre  d'ouvrage  : ITFR\nR\u00e9alisation  : CBE,  ao\u00fbt  2023\nSource  : IGN,  DREAL  Occitanie\nArticle 6 \u2013 Mesures environnementales ERCA\nL'article 13.6 de l'arr\u00eat\u00e9 pr\u00e9fectoral du 21 septembre 2020 est modifi\u00e9 comme suit  :\n\u00ab Les mesures MC-G1, MC-G2, sont compl\u00e9t\u00e9es par les mesures \u00e9ponymes figurant en annexe\ndu pr\u00e9sent arr\u00eat\u00e9 pr\u00e9fectoral. Ces compl\u00e9ments se substituent \u00e0 la zone dite \"d'Embeyre\" et \u00e0\nla partie moiti\u00e9 est de la zone de \"la T\u00eate du Bassin de Touyre\" telles que d\u00e9finies dans l'Arr\u00eat\u00e9\nPr\u00e9fectoral du 21 septembre 2020.\nLes mesures MC-G4 et MC-A2 sont remplac\u00e9es par les mesures figurant en annexe du pr\u00e9sent\narr\u00eat\u00e9 pr\u00e9fectoral compl\u00e9mentaire  \u00bb.\nArticle 7 \u2013 Suivi de la mortalit\u00e9 de l'avifaune au droit du t\u00e9l\u00e9ph\u00e9rique\nL'arr\u00eat\u00e9  pr\u00e9fectoral  du  02  novembre  2018  encadrant  les  travaux  de  modernisation  du\nt\u00e9l\u00e9ph\u00e9rique exploit\u00e9 par la soci\u00e9t\u00e9 Imerys Talc Luzenac France est abrog\u00e9.\nLe c\u00e2ble de liaison du t\u00e9l\u00e9ph\u00e9rique est \u00e9quip\u00e9 d'un dispositif de visualisation par balises.\nLes balises sont espac\u00e9es de 5 m\u00e8tres ou de 10 m\u00e8tres en fonction des pr\u00e9conisations fix\u00e9es\npar le fabricant du dispositif.\nL'exploitant  assure  une  surveillance  de  la  mortalit\u00e9  de  l'avifaune,  et  en  particulier  sur  les\ngroupes de rapaces, sur et aux alentours de l'emprise du t\u00e9l\u00e9ph\u00e9rique.\nPour ce faire, l'exploitant r\u00e9alise un suivi \u00ab  de contr\u00f4le \u00bb de la mortalit\u00e9 de l'avifaune \u00e0 T+ 3 ans\ndu pr\u00e9sent arr\u00eat\u00e9 avec la m\u00eame m\u00e9thode de prospection que celle initialement pr\u00e9vue puis\nmet  en  place  un  protocole  de  suivi  \u00ab  all\u00e9g\u00e9 \u00bb  par  des  observations  ponctuelles  de\ncomportement des grands rapaces une fois tous les cinq ans soit en 2032, 2037, 2042, 2047.\nLes r\u00e9sultats des suivis sont pr\u00e9sent\u00e9s lors des comit\u00e9s ERCA et toute mortalit\u00e9 de l'avifaune\nconstat\u00e9e est port\u00e9e \u00e0 la connaissance des services de l'\u00c9tat (DREAL et OFB).\nTout changement dans le fonctionnement ou la maintenance du t\u00e9l\u00e9ph\u00e9rique qui serait de\nnature \u00e0 porter atteinte \u00e0 l'avifaune est port\u00e9 \u00e0 la connaissance du pr\u00e9fet et des services de\nl'\u00c9tat.09 - PREFECTURE DE L'ARIEGE - DIRECTION DE LA COORDINATION INTERMINISTERIELLE ET DE L'APPUI TERRITORIAL -\n09-2024-10-11-00001 - Arr\u00eat\u00e9 pr\u00e9fectoral compl\u00e9mentaire du 11 octobre 2024 - Soci\u00e9t\u00e9 Imerys Talc Luzenac France 6\nArticle 8 \u2013 Frais\nTous les frais inh\u00e9rents \u00e0 l'application des prescriptions du pr\u00e9sent arr\u00eat\u00e9 sont \u00e0 la charge de\nl'exploitant.\nArticle 9 \u2013 D\u00e9lais et voies de recours\nEn application de l'article L.  514-6 du code de l'environnement le pr\u00e9sent arr\u00eat\u00e9 est soumis \u00e0\nun contentieux de pleine juridiction.\nIl  peut  \u00eatre  d\u00e9f\u00e9r\u00e9  aupr\u00e8s  du  tribunal  administratif  de  Toulouse  par  courrier  ou  par\nl'application  informatique  T\u00e9l\u00e9recours,  accessible  par  le  lien  internet\nhttp://www.telerecours.fr , par :\n1\u00b0 les tiers, personnes physiques ou morales, les communes int\u00e9ress\u00e9es ou leurs groupements,\nen raison des inconv\u00e9nients ou des dangers que le fonctionnement de l'installation pr\u00e9sente\npour les int\u00e9r\u00eats mentionn\u00e9s aux articles L.  211-1 et L. 511-1 du code de l'environnement, dans\nun d\u00e9lai de quatre mois \u00e0 compter de la publication ou de l'affichage du pr\u00e9sent arr\u00eat\u00e9  ;\n2\u00b0 les demandeurs ou exploitants, dans un d\u00e9lai de deux mois qui commence \u00e0 courir du jour\no\u00f9 l'arr\u00eat\u00e9 leur a \u00e9t\u00e9 notifi\u00e9.\nLes tiers qui n'ont acquis ou pris \u00e0 bail des immeubles ou n'ont \u00e9lev\u00e9 des constructions dans le\nvoisinage d'une installation class\u00e9e que post\u00e9rieurement \u00e0 l'affichage ou \u00e0 la publication de\nl'arr\u00eat\u00e9 portant enregistrement de cette installation ou att\u00e9nuant les prescriptions primitives\nne sont pas recevables \u00e0 d\u00e9f\u00e9rer ledit arr\u00eat\u00e9 \u00e0 la juridiction administrative.\nArticle 10 \u2013 Publicit\u00e9\nConform\u00e9ment aux dispositions de l'article R.  181-44 du code de l'environnement, en vue de\nl'information des tiers  :\n1\u00b0 Une copie de l'arr\u00eat\u00e9 pr\u00e9fectoral compl\u00e9mentaire est d\u00e9pos\u00e9e dans les mairies de Bestiac,\nLordat, Monts\u00e9gur et Vernaux et peut y \u00eatre consult\u00e9e  ;\n2\u00b0  Un  extrait  de  cet  arr\u00eat\u00e9  est  affich\u00e9  dans  les  mairies  de  Bestiac,  Lordat,  Monts\u00e9gur  et\nVernaux pendant une dur\u00e9e minimum d'un mois  ; proc\u00e8s-verbal de l'accomplissement de cette\nformalit\u00e9 est dress\u00e9 par les soins du maire  ;\n3\u00b0 L'arr\u00eat\u00e9 est publi\u00e9 sur le site internet des services de l'\u00c9tat de l'Ari\u00e8ge, pendant une dur\u00e9e\nminimale de quatre mois.\nL'information des tiers s'effectue dans le respect du secret de la d\u00e9fense nationale, du secret\nindustriel et de tout secret prot\u00e9g\u00e9 par la loi.\nArticle 11 \u2013 Ex\u00e9cution\nLe secr\u00e9taire g\u00e9n\u00e9ral de la pr\u00e9fecture de l'Ari\u00e8ge, le directeur r\u00e9gional de l'environnement, de\nl'am\u00e9nagement et du logement d'Occitanie et les maires des communes de Bestiac, Lordat,\nMonts\u00e9gur et Vernaux sont charg\u00e9s, chacun en ce qui le concerne, de l'ex\u00e9cution du pr\u00e9sent\narr\u00eat\u00e9, qui sera publi\u00e9 au recueil d\u00e9partemental des actes administratifs et notifi\u00e9 \u00e0 la soci\u00e9t\u00e9\nImerys Talc de Luzenac.\nFait \u00e0 Foix, le 11 octobre 2024\nPour le pr\u00e9fet et par d\u00e9l\u00e9gation,\nLe secr\u00e9taire g\u00e9n\u00e9ral\nSign\u00e9\nJean-Philippe DARGENT09 - PREFECTURE DE L'ARIEGE - DIRECTION DE LA COORDINATION INTERMINISTERIELLE ET DE L'APPUI TERRITORIAL -\n09-2024-10-11-00001 - Arr\u00eat\u00e9 pr\u00e9fectoral compl\u00e9mentaire du 11 octobre 2024 - Soci\u00e9t\u00e9 Imerys Talc Luzenac France 7\nAnnexe 1\u00a0: mesures ERCA\nMesure de gestion de la compensation n\u00b01 \u2013 MC-G1\nNature \nde \nl'actionRestauration \u00e9cologique de milieux ouverts \u00e0 semi-ouverts\nObjectifMise \u00e0 disposition de milieux ouverts \u00e0 semi-ouverts sur le secteur du Sarrat de \nBertenac\nEsp\u00e8ces cibl\u00e9esArthropodes : Apollon\nAmphibiens : toutes esp\u00e8ces locales\nReptiles : Vip\u00e8re aspic, L\u00e9zard vivipare, L\u00e9zard des murailles, Couleuvre verte et \njaune et autres esp\u00e8ces de milieux ouverts \u00e0 semi-ouverts\nChiropt\u00e8res : esp\u00e8ces locales pouvant \u00eatre pr\u00e9sentes en g\u00eete \u00e0 proximit\u00e9 (g\u00eetes \nrupestres notamment)Oiseaux : Tarier des pr\u00e9s, Tarier p\u00e2tre, Linotte m\u00e9lodieuse, Traquet motteux, Venturon montagnard\u2026\nAutres esp\u00e8ces\npouvant\nb\u00e9n\u00e9ficier de la\nmesureChiropt\u00e8res : toutes esp\u00e8ces pr\u00e9sentes en alimentation\nAvifaune : grands rapaces en chasse (Gypa\u00e8te barbu, Vautour percnopt\u00e8re, Aigle\nroyal\u2026)  et  autres  esp\u00e8ces  communes  prot\u00e9g\u00e9es  nicheuses  (Accenteur  mouchet,\nPipit  spioncelle\u2026)  Esp\u00e8ces  patrimoniales  non  prot\u00e9g\u00e9es  : flore  (Campanule  \u00e0\nchapelet, Arnica des montagnes, Primev\u00e8re \u00e9lev\u00e9e, Carline \u00e0 feuilles d'Acanthe),\navifaune  (Perdrix  grise  des  Pyr\u00e9n\u00e9es,  Lagop\u00e8de  alpin,  Alouette  des  champs),\ninsectes (\u0152dipode stridulante, Fadet de\nla M\u00e9lique, Moir\u00e9 des Luzules\u2026), mammif\u00e8res (Mouflon m\u00e9diterran\u00e9en)\nDescription\nLes actions de restauration de milieux ouverts \u00e0 semi-ouverts doivent notamment \u00eatre men\u00e9es au sein des\nLandes \u00e0 Gen\u00eat purgatif sur le secteur du Sarrat de Bertenac.\nPrincipe de la mesure\nAfin de parvenir \u00e0 la restauration d'habitats favorables aux esp\u00e8ces impact\u00e9es et ainsi de se rapprocher des\nhabitats cibles pr\u00e9sents sur la Verse Sud ou le Pradas, un d\u00e9broussaillage m\u00e9canique et s\u00e9lectif doit \u00eatre\nr\u00e9alis\u00e9. Il s'agit ici d'un d\u00e9broussaillage alv\u00e9olaire dont l'int\u00e9r\u00eat r\u00e9side dans la pr\u00e9servation de grands patchs\nbuissonnants denses. En effet, la plupart des esp\u00e8ces prot\u00e9g\u00e9es et/ou patrimoniales cibl\u00e9es par cette\nmesure n\u00e9cessite la pr\u00e9sence d'\u00e9l\u00e9ments arbustifs pour se r\u00e9fugier (insectes et reptiles notamment) ou pour\nse reproduire (avifaune).\nLa majeure partie des milieux buissonnants actuellement pr\u00e9sents sur ce secteur sont particuli\u00e8rement\ndenses. Ils couvrent d'importantes surfaces et sont homog\u00e8nes (Lande \u00e0 Gen\u00eat purgatif). Une vaste entit\u00e9\nd'environ  46 ha est  donc  s\u00e9lectionn\u00e9e  afin  de  b\u00e9n\u00e9ficier  de  cette  r\u00e9ouverture  alv\u00e9olaire.  A  noter  que\ncertains secteurs doivent rester denses afin d'offrir des milieux favorables \u00e0 la Fauvette grisette (esp\u00e8ce\nprise en compte dans la d\u00e9finition de la mesure et sur la carte propos\u00e9e en fin de fiche).\nSeules les strates buissonnantes sont vis\u00e9es. Aucune coupe d'arbre n'est ici envisag\u00e9e, ces derniers n'\u00e9tant\npr\u00e9sents qu'en bordure. Afin de ne pas perturber les milieux et notamment la structure des sols, un broyeur\n\u00e0  marteau  l\u00e9ger  doit  \u00eatre  utilis\u00e9  : l'export  des  r\u00e9sidus  n'\u00e9tant  techniquement  pas  adapt\u00e9  en  milieux\nmontagnards, il sera ici n\u00e9cessaire de proc\u00e9der directement \u00e0 un broyage fin des r\u00e9sidus pour que cela ne\nnuise pas au d\u00e9veloppement de la strate herbac\u00e9e (r\u00e9sidus de moins de 5 cm pour garantir une meilleure\nassimilation). Des engins techniques tels que broyeur \u00e0 couteau \u00e0 deux lames (\u00e0 l'avant et \u00e0 l'arri\u00e8re)\npeuvent permettre de tels\nr\u00e9sultats. L'utilisation d'une pelle araign\u00e9e peut \u00e9galement \u00eatre envisag\u00e9e.09 - PREFECTURE DE L'ARIEGE - DIRECTION DE LA COORDINATION INTERMINISTERIELLE ET DE L'APPUI TERRITORIAL -\n09-2024-10-11-00001 - Arr\u00eat\u00e9 pr\u00e9fectoral compl\u00e9mentaire du 11 octobre 2024 - Soci\u00e9t\u00e9 Imerys Talc Luzenac France 8\nParcelles concern\u00e9es\nUne seule parcelle cadastrale est concern\u00e9e par ce secteur de compensation, comme indiqu\u00e9 sur le tableau\nsuivant :\nSecteurCommune Propri\u00e9taire ParcellesSurface concern\u00e9e\nSarrat de Bertenac AxiatCommune d'Axiat A110046 ha\nLa surface concern\u00e9e est de 46 ha. La commune d'Axiat s'est engag\u00e9e \u00e0 mettre \u00e0 disposition la parcelle\npour la mise en \u0153uvre de cette mesure par d\u00e9lib\u00e9ration du Conseil Municipal le 24 mai 2023 (annexe 4).\nLande \u00e0 Gen\u00eat purgatif \u00e0 r\u00e9ouvrir \u2013 CBE, 2022\nMosa\u00efque d'habitats attendue par les actions de r\u00e9ouverture (illustration prise au nord du Pradas) \u2013\nCBE, 2018\nLe gestionnaire des mesures ERC-A de la carri\u00e8re interviendra tout au long du chantier li\u00e9 \u00e0 l'ouverture de\nmilieux afin de sensibiliser les entreprises intervenant sur le site et, ainsi, affiner le d\u00e9broussaillage pour\nparvenir \u00e0 un objectif de qualit\u00e9 \u00e9cologique des milieux (identification des secteurs \u00e0 pr\u00e9server et des zones\n\u00e0 rouvrir\u2026).\nPlanning\nAfin d'\u00e9viter de porter atteinte aux esp\u00e8ces prot\u00e9g\u00e9es se reproduisant localement, il est important de\nrespecter un planning d'intervention pour tous les travaux de d\u00e9broussaillage, tel que d\u00e9fini ci-dessous :\n-pour les reptiles, les p\u00e9riodes les plus sensibles sont les p\u00e9riodes de reproduction (pr\u00e9sence de pontes\npour les reptiles et/ou de jeunes) et d'hivernage (individus en l\u00e9thargie) : soit d'avril \u00e0 mi-septembre pour\nla reproduction et de novembre \u00e0 mars pour l'hivernage ;-pour l'avifaune, la p\u00e9riode la plus sensible est la p\u00e9riode de reproduction (pr\u00e9sence de pontes/nich\u00e9es),soit de mars \u00e0 juillet pour les esp\u00e8ces locales ;\n09 - PREFECTURE DE L'ARIEGE - DIRECTION DE LA COORDINATION INTERMINISTERIELLE ET DE L'APPUI TERRITORIAL -\n09-2024-10-11-00001 - Arr\u00eat\u00e9 pr\u00e9fectoral compl\u00e9mentaire du 11 octobre 2024 - Soci\u00e9t\u00e9 Imerys Talc Luzenac France 9\nAutorisation  d'exploiter  la carri\u00e8re  de talc de Trimouns,  sur les communes  de Bestiac,  NLordat,  Monts\u00e9gur  et Vernaux  (09) En\nMesure  MC-G1\nActions  de gestion  \u00e0 r\u00e9aliser  sur\nle secteur  du Sarrat  de Bertenac\n; Ouverture  de milieux  par\nd\u00e9broussaillage  alv\u00e9olaire\n~46ha\n[__]  P\u00e9rim\u00e8tre  retenu  pour  la\ncompensation\nMaitre  d'ouvrage  : ITFR\nR\u00e9alisation  : CBE,  septembre  2023\nSource  : Geoportail\n-pour la flore, la p\u00e9riode de floraison / fructification est la plus sensible (printemps pour les esp\u00e8ces \npatrimoniales locales) ;\n-pour les insectes, toutes les p\u00e9riodes sont sensibles du fait que les esp\u00e8ces sont pr\u00e9sentes, \u00e0 l'ann\u00e9e \nlocalement, mais sous diff\u00e9rentes formes (larves, \u0153ufs, imagos \u2026).\nAinsi, il est convenu de d\u00e9marrer et r\u00e9aliser le d\u00e9broussaillage \u00e0 l'automne, soit entre mi-septembre et mi- \nnovembre.\nLocalisation\nMesure de restauration des milieux ouverts \u00e0 semi-ouverts sur le secteur du Sarrat de Bertenac\nMesure de gestion de la compensation n\u00b02 \u2013 MC-G2\nNature de l'action Maintien de milieux ouverts \u00e0 semi-ouverts\nObjectifEntretien des milieux restaur\u00e9s et des habitats d\u00e9j\u00e0 ouverts sur le secteur du \nSarrat de Bertenac durant les 30 ann\u00e9es de la compensation\nEsp\u00e8ces cibl\u00e9es Cf. fiche pr\u00e9c\u00e9dente MC-G1\nAutres groupes / esp\u00e8ces\npouvant b\u00e9n\u00e9ficier de la\nmesureCf. fiche pr\u00e9c\u00e9dente MC-G1\nDescription\n09 - PREFECTURE DE L'ARIEGE - DIRECTION DE LA COORDINATION INTERMINISTERIELLE ET DE L'APPUI TERRITORIAL -\n09-2024-10-11-00001 - Arr\u00eat\u00e9 pr\u00e9fectoral compl\u00e9mentaire du 11 octobre 2024 - Soci\u00e9t\u00e9 Imerys Talc Luzenac France 10\nL'ensemble du secteur du Sarrat de Bertenac est concern\u00e9 par cette mesure d'entretien des milieux.\nPrincipe de la mesure\nUne fois les actions d'ouverture m\u00e9canique des milieux effectu\u00e9es (dans le cadre de la mesure MC-G1), ces\nderniers doivent \u00eatre maintenus en l'\u00e9tat par un entretien de la v\u00e9g\u00e9tation. Cet entretien se traduit par la\nmise en place d'un p\u00e2turage, associ\u00e9 ponctuellement \u00e0 des actions m\u00e9caniques lorsque le p\u00e2turage s'av\u00e8re\ninsuffisant (refus de p\u00e2turage sur des essences ligneuses par exemple). Ce p\u00e2turage est mis en place sur\nles  zones  r\u00e9ouvertes  et  englobe  \u00e9galement  les  milieux  actuellement  ouverts  n'ayant  pas  fait  l'objet\nd'intervention m\u00e9canique.\nP\u00e2turage\nLe p\u00e2turage assure un mode de gestion plus doux des milieux qu'un entretien m\u00e9canique, et permet\nl'expression d'un cort\u00e8ge d'insectes coprophages repr\u00e9sentant une ressource alimentaire d'int\u00e9r\u00eat pour\nplusieurs groupes biologiques (avifaune, reptiles, et chiropt\u00e8res). La mise en place de cette activit\u00e9 sur les\nsecteurs de compensation, notamment dans les objectifs recherch\u00e9s d'entretien et de mise en valeur\n\u00e9cologique des milieux, sera coordonn\u00e9e par l'organisme gestionnaire de la compensation, via un plan de\ngestion pastoral.\nAfin que cet entretien par p\u00e2turage soit pertinent et r\u00e9alisable, il s'appuie sur un diagnostic pastoral (soit un\ndiagnostic  existant,  soit  un  diagnostic  pastoral  \u00e0  pr\u00e9voir),  qui  doit  d\u00e9finir  notamment  le  chargement\nn\u00e9cessaire en termes d'unit\u00e9s gros b\u00e9tail (UGB) sur le secteur.\n\u00c0 gauche : troupeau de cheval de M\u00e9rens sur le site de Touyre  ; \u00e0 droite : troupeau bovin sur le \nPradas \u2013 CBE, 2018\nEntretien m\u00e9canique compl\u00e9mentaire\nEn  compl\u00e9ment  de  l'action  pastorale,  un  entretien  plus  ponctuel  est  \u00e9galement  pr\u00e9vu  par  traitement\nm\u00e9canique pour enlever les refus de p\u00e2turage. La fr\u00e9quence d'intervention sera ajust\u00e9e en fonction de la\ndynamique de repousse v\u00e9g\u00e9tale constat\u00e9e lors des suivis.\nL'entretien m\u00e9canique doit \u00eatre programm\u00e9 au cours de l'automne, p\u00e9riode de moindre impact pour la faune.\nParcelles concern\u00e9es\nUne seule parcelle cadastrale est concern\u00e9e par ce secteur de compensation, comme indiqu\u00e9 sur le tableau\nsuivant :\nSecteurCommune Propri\u00e9taire ParcellesSurface concern\u00e9e\nSarrat de Bertenac AxiatCommune d'Axiat A110055 ha\nLa totalit\u00e9 du secteur est retenue pour cette mesure, correspondant \u00e0 une surface de 55 ha. La commune\nd'Axiat s'est engag\u00e9e \u00e0 mettre \u00e0 disposition la parcelle pour la mise en \u0153uvre de cette mesure par\nd\u00e9lib\u00e9ration du Conseil Municipal le 24 mai 2023 (annexe 4).\nPlanning\n09 - PREFECTURE DE L'ARIEGE - DIRECTION DE LA COORDINATION INTERMINISTERIELLE ET DE L'APPUI TERRITORIAL -\n09-2024-10-11-00001 - Arr\u00eat\u00e9 pr\u00e9fectoral compl\u00e9mentaire du 11 octobre 2024 - Soci\u00e9t\u00e9 Imerys Talc Luzenac France 11\nAutorisation  d'exploiter  la carri\u00e8re  de talc  de Trimouns,  sur  les communes  de Bestiac,  \\Lordat,  Monts\u00e9gur  et Vernaux  (09) wifes\nMesure  MC-G2\nActions  de gestion  a r\u00e9aliser  sur\nWy le secteur  du Sarrat  de Bertenac\n_ > Entretien  des milieux  sur la\ndur\u00e9e  de la compensation  par\np\u00e2turage  et d\u00e9broussaillage\nm\u00e9canique  ponctuel\n~55ha\nMa\u00eetre  d'ouvrage  : ITFR\nR\u00e9alisation  : CBE,  septembre  2023\nSource  : Geoportail\nP\u00e2turage\n-Ann\u00e9e N : r\u00e9alisation d'un diagnostic pastoral pour \u00e9valuer la n\u00e9cessit\u00e9 ou non d'implanter des\n\u00e9quipements pastoraux et le chargement n\u00e9cessaire sur chaque site de compensation + mise en\nplace de convention avec les \u00e9leveurs ;\n-Ann\u00e9e N+1 : mise en place des \u00e9ventuels \u00e9quipements pastoraux si n\u00e9cessaires et lancement du\np\u00e2turage sur chaque site de compensation ;-A  partir  de  l'ann\u00e9e  N+2  : p\u00e2turage  annuel  adapt\u00e9  selon  les  r\u00e9sultats  des  suivis  \u00e9cologiques  etpastoraux.\nD\u00e9broussaillage m\u00e9canique\nA d\u00e9finir par l'organisme gestionnaire selon la dynamique de la v\u00e9g\u00e9tation et les refus de p\u00e2turage.\nLocalisation\nMesure de gestion de la compensation n\u00b04 \u2013 MC-G4\nNature de l'action Restauration d'habitat en vue de favoriser le Desman des Pyr\u00e9n\u00e9es\nObjectifOffrir des zones de refuges propices \u00e0 la reproduction du Desman des Pyr\u00e9n\u00e9es\nMesure d'entretien des milieux sur le secteur du Sarrat de Bertenac09 - PREFECTURE DE L'ARIEGE - DIRECTION DE LA COORDINATION INTERMINISTERIELLE ET DE L'APPUI TERRITORIAL -\n09-2024-10-11-00001 - Arr\u00eat\u00e9 pr\u00e9fectoral compl\u00e9mentaire du 11 octobre 2024 - Soci\u00e9t\u00e9 Imerys Talc Luzenac France 12\nEsp\u00e8ces cibl\u00e9es \u2013 Mammif\u00e8res : Desman des Pyr\u00e9n\u00e9es\nAutres\ngroupes/\nesp\u00e8ces\npouvant\nb\u00e9n\u00e9ficier de\nla mesureToutes esp\u00e8ces inf\u00e9od\u00e9es aux milieux aquatiques\nDescription\n Berge rive gauche en amont du Pont de Garanou\nLe lin\u00e9aire total \u00e0 restaurer repr\u00e9sente 150 m dont une centaine au droit direct du parking appartenant \u00e0 \nImerys. Il se situe sur la parcelle OB \u2013 0371.La restauration de cette ripisylve, avec des essences locales et adapt\u00e9es, permet de restaurer la discontinuit\u00e9\nde ce corridor, de redonner une meilleure fonctionnalit\u00e9 \u00e0 la berge mais \u00e9galement de lutter contre le \nr\u00e9chauffement des eaux en apportant de la fraicheur quand la v\u00e9g\u00e9tation sera bien d\u00e9velopp\u00e9e.\nLes plants sont issus de la marque \u00ab v\u00e9g\u00e9tal local \u00bb\n  Le bras de l'Ari\u00e8ge en aval du Pont de Garanou\nCe  bras  d'environ  550 ml pr\u00e9sente  quelques  dysfonctions  notamment  en  raison  de  la  pr\u00e9sence  de  3\npassages bus\u00e9s. Ces buses ont d'ores et d\u00e9j\u00e0 \u00e9t\u00e9 identifi\u00e9es par le SYMAR qui porte un objectif de\nrestauration de ce bras de l'Ari\u00e8ge, et va proc\u00e9der \u00e0 l'enl\u00e8vement de ces buses. Les interventions pr\u00e9vues\ndans la pr\u00e9sente mesure sont, ainsi, r\u00e9alis\u00e9es en partenariat avec le SYMAR, et en compl\u00e9ments de leurs\nactions.\nIci, les actions correspondent \u00e0 la mise en place de petits am\u00e9nagements (enrochements, plantations\u2026)\nafin d'am\u00e9liorer la capacit\u00e9 d'accueil de ce bras de l'Ari\u00e8ge pour le Desman des Pyr\u00e9n\u00e9es, et, \u00e9galement,\npour l'ensemble de la faune aquatique.\nParcelles concern\u00e9es\nLes parcelles concern\u00e9es sont identifi\u00e9es dans le tableau suivant  :\nSecteur Commune Parcelle\nBerge rive\ngauche en\namont du pont\nde GaranouGaranou B0368\nGaranou B0370\nGaranou B0371\nBras de l'Ari\u00e8ge\nen aval du Pont\nde GaranouGaranou A0515\nGaranou A0519\nGaranou A0824\nGaranou A0875\nPlanning\n\u20222023 : mise en \u0153uvre de la plantation de ripisylve\u20222024 :\n\u25e6mise en place des d\u00e9marches fonci\u00e8res et de partenariat\n\u25e6r\u00e9alisation des plans d'am\u00e9nagements et documents administratifs\n\u20222025 : mise en \u0153uvre des travaux09 - PREFECTURE DE L'ARIEGE - DIRECTION DE LA COORDINATION INTERMINISTERIELLE ET DE L'APPUI TERRITORIAL -\n09-2024-10-11-00001 - Arr\u00eat\u00e9 pr\u00e9fectoral compl\u00e9mentaire du 11 octobre 2024 - Soci\u00e9t\u00e9 Imerys Talc Luzenac France 13\ncran  ASSSX.  Gransat r a  Le\nDR  __\u2014\n= LA\na\"  Ay\n\" ~ : /A oySe) + 1) a  \u2014~ =\n. . \u0178 >  ay rT\u00e0 Yeas  lou  |\n\u00bb |\nLocalisation\nBerge rive gauche en amont du pont de Garanou (ANA/CEN09, 2023)\nBras de l'Ari\u00e8ge en aval du Pont de Garanou (ANA/CEN09, 2023)09 - PREFECTURE DE L'ARIEGE - DIRECTION DE LA COORDINATION INTERMINISTERIELLE ET DE L'APPUI TERRITORIAL -\n09-2024-10-11-00001 - Arr\u00eat\u00e9 pr\u00e9fectoral compl\u00e9mentaire du 11 octobre 2024 - Soci\u00e9t\u00e9 Imerys Talc Luzenac France 14\nAutorisation  d'exploiter  la carri\u00e8re  de talc  de Trimouns,  sur  les communes  de Bestiac,  \\Lordat, Monts\u00e9gur  et Vernaux  (09) wifes\n| Mesure  MC-G4\nRES\n'\n' \u2014  Secteurs  cibl\u00e9s  pour  la\nmesure  :\n- berge  rive  gauche  en amont\nRs  du Pont  de Garanou\nAE  XL: \u2014# - Bras  de l'Ari\u00e8ge  en aval  du\nS = ' Pont de Garanou\nBerge  rive  gauche  en\namont  du Pont  de Garanou\n=\" LL  |  Parcelles  cadastrales\nconcern\u00e9es  par  la mesure\n\u2014  Cours  d'eau  permanent  ou\ntemporaire\nMaitre  d'ouvrage  : ITFR\nR\u00e9alisation  : CBE,  octobre  2023\nSource  : G\u00e9oportail,  ANA/CENO9\nMesure d'accompagnement de la compensation n\u00b02 \u2013 MC-\nA2\nIntitul\u00e9 de \nla \nmesureGestion d'un r\u00e9seau de zones humides et points d'eau en faveur des amphibiens\nObjectifFavoriser les amphibiens localement\nEsp\u00e8\nces \ncibl\u00e9\nes-Amphibiens : Alyte accoucheur, Crapaud commun, Grenouille rousse, Triton palm\u00e9\nAutres\nesp\u00e8ces\nb\u00e9n\u00e9ficiant\nde\nla mesure-Odonates patrimoniaux ou communs-Toute autre esp\u00e8ce de la faune (abreuvoir pour les mammif\u00e8res notamment)\n-Toute autre esp\u00e8ce de faune (\u00e9limination de pi\u00e8ges mortels)\nDescription\nRestauration de zones humides favorables aux\namphibiens\nL'Etang de B\u00e9seil, situ\u00e9 au nord du secteur de Prat Mascut, a \u00e9t\u00e9 identifi\u00e9 pour la restauration de zones\nhumides favorables aux amphibiens. Des actions sp\u00e9cifiques peuvent \u00eatre r\u00e9alis\u00e9es afin de restaurer la\nfonctionnalit\u00e9 de l'\u00e9tang et des zones humides p\u00e9riph\u00e9riques. Un diagnostic pr\u00e9cis doit \u00eatre \u00e9tabli au cours\nde l'ann\u00e9e 2023.\nL'objectif est de mieux appr\u00e9hender le fonctionnement de cet \u00e9tang et de cibler les dysfonctionnements afin\nde r\u00e9habiliter les habitats du site et de ces zones humides connexes.\nParcelles cadastrales concern\u00e9es par la mesure09 - PREFECTURE DE L'ARIEGE - DIRECTION DE LA COORDINATION INTERMINISTERIELLE ET DE L'APPUI TERRITORIAL -\n09-2024-10-11-00001 - Arr\u00eat\u00e9 pr\u00e9fectoral compl\u00e9mentaire du 11 octobre 2024 - Soci\u00e9t\u00e9 Imerys Talc Luzenac France 15\nEntretien de zones humides favorables\naux amphibiens et neutralisation de\npoints noirs\nLe p\u00e9rim\u00e8tre pour la mesure est limit\u00e9 \u00e0 l'emprise du p\u00e9rim\u00e8tre d'autorisation de la carri\u00e8re d'ITFR, mais une \n\u00e9tendue est possible aux secteurs de compensation.\nCinq bassins sont actuellement retenus pour cette mesure  : le bassin du Pradas, la r\u00e9serve d'eau d'incendie \nau- dessus du garage, le secteur du Basqui, les bassins des Fourmis et ceux de la Verse Sud.Les actions \u00e0 r\u00e9aliser sont les suivantes  :\n-V\u00e9rification de l'utilisation par les amphibiens-Neutralisation des points noirs par l'installation d'\u00e9chappatoires-Am\u00e9lioration des habitats des bassins et/ou des zones humides connexes \u2026\nNous n'\u00e9cartons pas de travailler sur de nouveaux bassins qui pourraient entrer dans cette action ni de \nd\u00e9couvrir de nouvelles petites zones pouvant b\u00e9n\u00e9ficier d'am\u00e9lioration d'habitats.\nPlanning\nLocalisation09 - PREFECTURE DE L'ARIEGE - DIRECTION DE LA COORDINATION INTERMINISTERIELLE ET DE L'APPUI TERRITORIAL -\n09-2024-10-11-00001 - Arr\u00eat\u00e9 pr\u00e9fectoral compl\u00e9mentaire du 11 octobre 2024 - Soci\u00e9t\u00e9 Imerys Talc Luzenac France 16\nAutorisation  d'exploiter  la carri\u00e8re  de talc de Trimouns,  sur les communes  de Bestiac,  wifes\nLordat,  Monts\u00e9gur  et Vernaux  (09)\nTe [_]  Secteur  de Prat  Mascut\n= 44,7  ha\nT\u00b0\ni\"  P\u00e9rim\u00e8tre  d'autorisation  de la\ncarri\u00e8re  de talc  de Trimouns\n0 100  200  m\n|\nMaitre  d'ouvrage  : ITFR\nRealisation  : CBE,  septembre  2023\nSource  : G\u00e9cportail\nEtang de B\u00e9seil : \u00e0 gauche, en 2019 ; \u00e0 droite, en 1953 ( ANA/CEN09, 2023)\nLocalisation de l'Etang de B\u00e9seil par rapport au secteur de Prat Mascut09 - PREFECTURE DE L'ARIEGE - DIRECTION DE LA COORDINATION INTERMINISTERIELLE ET DE L'APPUI TERRITORIAL -\n09-2024-10-11-00001 - Arr\u00eat\u00e9 pr\u00e9fectoral compl\u00e9mentaire du 11 octobre 2024 - Soci\u00e9t\u00e9 Imerys Talc Luzenac France 17\nZone Nord\nVU, pour \u00eatre annex\u00e9 \u00e0 mon arr\u00eat\u00e9\nen date de ce jour.\nFOIX, le 11 octobre 2024\nPour le pr\u00e9fet et par d\u00e9l\u00e9gation,\nLe secr\u00e9taire g\u00e9n\u00e9ral\nSign\u00e9\nJean-Philippe DARGENT\nLocalisation des bassins de la carri\u00e8re cibl\u00e9s pour l'entretien et la restauration de points noirs (ANA/CEN09, 2023)09 - PREFECTURE DE L'ARIEGE - DIRECTION DE LA COORDINATION INTERMINISTERIELLE ET DE L'APPUI TERRITORIAL -\n09-2024-10-11-00001 - Arr\u00eat\u00e9 pr\u00e9fectoral compl\u00e9mentaire du 11 octobre 2024 - Soci\u00e9t\u00e9 Imerys Talc Luzenac France 18\nE es | Direction  de\nSE ARI\u00c8GE  la Protection  Judiciaire\nLie de la Jeunesse\nt\u00e9\nFraternit\u00e9\nLe Pr\u00e9fet  de l'Ari\u00e8ge\nArr\u00eat\u00e9  pr\u00e9fectoral  n\u00b0\nportant  fixation  de la dotation  globale  de financement,  au titre  de l' exercice  2024,\npour  le Centre  Educatif  Ferm\u00e9  \u00ab Le Vernet  \u00bb\nsis \u00ab Lieu-dit  Clarac,  09700  Le Vernet  d'Ari\u00e9ge  \u00bb\nVu le code  de l'action  sociale  et des familles.et  notamment  :\n- les articles  L.314-1  et suivants  relatifs  aux dispositions  financi\u00e8res  applicables  aux\n\u00e9tablissements  et services.  sociaux  et m\u00e9dico-sociaux  ;\n- les articles  R.314-1  et suivants  relatifs  \u00e0 la gestion  budg\u00e9taire,  comptable  et financi\u00e8re,  et aux\nmodalit\u00e9s  de financement  et de tarification  des \u00e9tablissements  et services  sociaux  et m\u00e9dico-\nsociaux  \u00e9num\u00e9r\u00e9s  au | de l'article  L.312-1  du m\u00eame  code  ;\n- l'article  R. 314-126  relatif  au mode  de tarification  des prestations  fournies  par les\n\u00e9tablissements  et services  dont  le financement  est assur\u00e9  exclusivement  par le budget  de\nl'Etat  ;\n- les articles  R.314-106  \u00e0 R. 314-110  relatif  \u00e0 la dotation  globale  de financement  ;\nVu le d\u00e9cret  du 13 juillet  2023  portant  nomination  de M.. Simon  BERTOUX  en qualit\u00e9  de pr\u00e9fet  de l'Ari\u00e8ge.\nWu l'ordonnance  n\u00b045-174  du 2 f\u00e9vrier  1945  relative  \u00e0 l'enfance  d\u00e9linquante  ; et notamment  l'article  33 ;\nVu l'ordonnance  n\u00b0451845  du 18 ao\u00fbt 1945 relative  au remboursement  aux institutions  priv\u00e9es  des frais\nd'entretien  et d'\u00e9ducation  des mineurs  d\u00e9linquants  ;\nVu le d\u00e9cret  n\u00b088-949  du 6 octobre  1988 relatif  \u00e0 l'habilitation  des personnes  physiques,  \u00e9tablissements,\nservices  ou organismes  publics  ou priv\u00e9s  auxquels  l'autorit\u00e9  judiciaire  confie  habituellement  des mineurs  ou\nl'ex\u00e9cution  de mesures  les concernant  ;\nVu le d\u00e9cret  n\u00b02010-214  du 2 mars 2010 relatif  au ressort  territorial,  \u00e0 l'organisation  et aux attributions  des\nservices  d\u00e9concentr\u00e9s  de la protection  judiciaire  de la jeunesse  ;\nVu l'arr\u00eat\u00e9  pr\u00e9fectoral  en date du 5 juillet  2019 portant  'autorisant  de cr\u00e9ation  du centre  \u00e9ducatif  ferm\u00e9  \u00ab Le\nVernet  \u00bb g\u00e9r\u00e9  par.|'  association  Ades  Europe  ;\nVu l'arr\u00eat\u00e9  pr\u00e9fectoral  en date du 16 f\u00e9vrier  2023 portant  autorisation  de prorogation  du d\u00e9lai de caducit\u00e9  du\ncentre  \u00e9ducatif  ferm\u00e9  \u00ab Le Vernet  \u00bb ;\nVu les propositions  budg\u00e9taires  et leurs annexes  pr\u00e9sent\u00e9es,  au titre de l'exercice  2024, par l'association  gestionnaire\n\u00ab Ades  Europe  \u00bb pour  l'\u00e9tablissement  mentionn\u00e9  \u00e0 l'article  1* du pr\u00e9sent  arr\u00eat\u00e9  ;\nVu les propositions  budg\u00e9taires  transmises  par courrier  en date  du 4 octobre  2024  ;\nSur rapport  de la directrice  inter-r\u00e9gionale  de la protection  judiciaire  de la jeunesse  Sud\nSur proposition  du secr\u00e9taire  g\u00e9n\u00e9ral  de la pr\u00e9fecture  de l'Ari\u00e8ge\nARRETE  :\narticle  1\u00b0 : Pour  l'exercice  budg\u00e9taire  de l'ann\u00e9e  2024,  les charges  et les produits  pr\u00e9visionnels  du\ncentre  \u00e9ducatif  ferm\u00e9  \u00ab LE VERNET  \u00bb sont autoris\u00e9s  comme  suit :\n09 - PREFECTURE DE L'ARIEGE - DIRECTION DE LA COORDINATION INTERMINISTERIELLE ET DE L'APPUI TERRITORIAL -\n09-2024-10-18-00001 - Arr\u00eat\u00e9 pr\u00e9fectoral n\u00b0 portant fixation de la dotation globale de financement, au titre de l'exercice 2024, pour le\nCentre \u00c9ducatif Ferm\u00e9 \" Le Vernet \" sis \" Lieu-dit Clarac, 09700 Le Vernet d'Ari\u00e8ge\"19\nGroupes  fonctionnels  Montants  . Total\n_ en euros  en euros...\nGroupel:  .Charges  aff\u00e9rentes  \u00e0 l'exploitation  courante  6960 \u20ac\n| Groupe  II:\nCharges  | Charges  aff\u00e9rentes  au personnel  1112.58  \u20ac |\n125  600  \u20ac\nGroupe  Ill:\nCharges  aff\u00e9rentes  \u00e0 la structure  48 627 \u20ac\nR\u00e9sultat  | D\u00e9ficit  : 13 900.42  \u20ac\nGroupe  |:\n_ Produits  de la tarification  124775  \u20ac\n: Groupe  II:\nProduits  Autres  produits  relatifs  \u00e0 l'exploitation  0\u20ac\n125  600  \u20ac\nGroupe  Ill : | 825\u20ac\n'Produits  financiers  et produits  non  encaissables  |\nR\u00e9sultat  | Exc\u00e9dent  0\u20ac\nArticle  2: La dotation  globale  de financement  applicable  \u00e0 compter  du 1\" octobre  2024  au centre\n\u00e9ducatif  ferm\u00e9  \u00ab LE VERNET  \u00bb sis, \u00ab Lieu-dit  Clarac  - 09700  LE VERNET  D/ARIEGE  \u00bb est fix\u00e9e  a\n124  775  \u20ac.\nArticle  3 ; Le r\u00e8glement  de cette dotation  sera effectu\u00e9  par fractions  forfaitaires  \u00e9gales \u00e0 :\n62 387,50  \u20ac en novembre  et d\u00e9cembre  2024,  \u00e0 \u00e9ch\u00e9ance  fixe,  le 20 du mois  ou le dernier  jour\nouvr\u00e9  pr\u00e9c\u00e9dent...\nArticle  4: Les recours  contentieux  contre  le: pr\u00e9sent  arr\u00eat\u00e9  doivent  parvenir  au secr\u00e9tariat  du tribunal\ninterr\u00e9gional  de la tarification  sanitaire  et sociale  sis 17 cours de Verdun  33074  Bordeaux  Cedex\ndans  un d\u00e9lai  franc  d'un  mois  \u00e0 compter  de sa notification  pour  les personnes  auxquelles  il a \u00e9t\u00e9 notifi\u00e9\nou de sa publication  pour  les autres  personnes.\nArticle  5 : Une copie  du pr\u00e9sent  arr\u00eat\u00e9  sera notifi\u00e9e  \u00e0 l'\u00e9tablissement  concern\u00e9.\nArticle  6 : Le secr\u00e9taire  g\u00e9n\u00e9ral  de la pr\u00e9fecture  de l'Ari\u00e8ge,  la directrice  inter-r\u00e9gionale  de la protection\njudiciaire  de la jeunesse  Sud sont charg\u00e9s,  chacun  en ce qui le concerne,  de l'ex\u00e9cution  du pr\u00e9sent\narr\u00eat\u00e9  qui sera publi\u00e9  au recueil  des actes  administratifs  de la pr\u00e9fecture  de l'Ari\u00e8ge.\nFoix,  le1 8 OCT. 2024\n: \\ #\nfr  SANE\n09 - PREFECTURE DE L'ARIEGE - DIRECTION DE LA COORDINATION INTERMINISTERIELLE ET DE L'APPUI TERRITORIAL -\n09-2024-10-18-00001 - Arr\u00eat\u00e9 pr\u00e9fectoral n\u00b0 portant fixation de la dotation globale de financement, au titre de l'exercice 2024, pour le\nCentre \u00c9ducatif Ferm\u00e9 \" Le Vernet \" sis \" Lieu-dit Clarac, 09700 Le Vernet d'Ari\u00e8ge\"20\nEs\nPREFET  _\nDE L'ARI\u00c8GE\nLibert\u00e9\nEgalit\u00e9\nFraternit\u00e9\nPR\u00c9FECTURE\nDirection de la coordination interminist\u00e9rielle\net de l'appui territorial\nBureau de la coordination interminist\u00e9rielle\nCourriel : pref-coordination@ariege.gouv.fr\nArr\u00eat\u00e9 pr\u00e9fectoral relatif \u00e0 l'int\u00e9rim des fonctions de sous-pr\u00e9fet de l'arrondissement de Pamiers\nLe pr\u00e9fet de l'Ari\u00e8ge\nVula loi organique n\u00b0 2001-692 du 1er ao\u00fbt 2001 modifi\u00e9e relative aux lois de finances  ;\nVula loi n\u00b0 82-213 du 2 mars 1982 modifi\u00e9e relative aux droits et libert\u00e9s des communes, des\nd\u00e9partements et des r\u00e9gions, notamment son article 34  ;\nVula loi n\u00b0 92-125 du 6 f\u00e9vrier 1992 relative \u00e0 l'administration territoriale de la R\u00e9publique  ;\nVule  d\u00e9cret  n\u00b0  97-34  du  15  janvier  1997  modifi\u00e9  relatif  \u00e0  la  d\u00e9concentration  des  d\u00e9cisions\nadministratives individuelles ;\nVule d\u00e9cret n\u00b0 2004-374 du 29 avril 2004 modifi\u00e9 relatif aux pouvoirs des pr\u00e9fets, \u00e0 l'organisation et\n\u00e0 l'action des services de l'\u00c9tat dans les r\u00e9gions et d\u00e9partements  ;\nVule d\u00e9cret n\u00b0 2015-510 du 7 mai 2015 portant charte de la d\u00e9concentration  ;\nVule d\u00e9cret du 22 avril 2021 portant nomination de Mme Catherine LUPION en qualit\u00e9 de sous-\npr\u00e9f\u00e8te de l'arrondissement de Saint-Girons  ;\nVule d\u00e9cret du 13 juillet 2023 portant nomination de M. Simon BERTOUX en qualit\u00e9 de pr\u00e9fet\ndu d\u00e9partement de l'Ari\u00e8ge  ;\nVule d\u00e9cret du 31 octobre 2023 portant nomination de M. Jean-Philippe DARGENT en qualit\u00e9 de \nSecr\u00e9taire g\u00e9n\u00e9ral de la pr\u00e9fecture de l'Ari\u00e8ge, sous-pr\u00e9fet de Foix  ;\nVul'arr\u00eat\u00e9 du 30 mars 2022 portant changement d'affectation de Mme Marine VIVES attach\u00e9e  \nd'administration de l'\u00c9tat, \u00e0 la sous-pr\u00e9fecture de Pamiers \u00e0 compter du 21 mars 2022  ;\nConsid\u00e9rant que le poste de sous-pr\u00e9fet de l'arrondissement de Pamiers est vacant \u00e0 compter du 21\noctobre 2024  et  qu'il  convient, par  cons\u00e9quent, de d\u00e9signer  un  sous-pr\u00e9fet  pour  assurer  l'int\u00e9rim\njusqu'\u00e0 l'installation du successeur  ;\nSur proposition du secr\u00e9taire g\u00e9n\u00e9ral de la pr\u00e9fecture de l'Ari\u00e8ge,\nARR\u00caTE\nArticle 1  er  \n\u00c0 compter du 21 octobre 2024, et jusqu'\u00e0 l'installation du nouveau sous-pr\u00e9fet de l'arrondissement de\nPamiers,  Mme  Catherine  LUPION,  sous-pr\u00e9f\u00e8te  de  l'arrondissement  de  Saint-Girons,  est  charg\u00e9e\nd'assurer l'int\u00e9rim de ces fonctions. \n2 rue de la Pr\u00e9fecture - Pr\u00e9fet Claude - Erignac B.P . 40087 - 09007 Foix Cedex \u2013 T\u00e9l : 05 61 02 10 00\nSite internet : www.ariege.gouv.fr09 - PREFECTURE DE L'ARIEGE - DIRECTION DE LA COORDINATION INTERMINISTERIELLE ET DE L'APPUI TERRITORIAL -\n09-2024-10-15-00001 - Arr\u00eat\u00e9 pr\u00e9fectoral relatif \u00e0 l'int\u00e9rim des fonctions de sous-pr\u00e9fet de l'arrondissement de Pamiers 21\nArticle 2\nD\u00e9l\u00e9gation de signature est donn\u00e9e \u00e0 M. Catherine LUPION, sous-pr\u00e9f\u00e8te de l'arrondissement de Saint-\nGirons, charg\u00e9e des fonctions de sous-pr\u00e9fet de l'arrondissement de Pamiers, en ce qui concerne cet\narrondissement et les mati\u00e8res suivantes  :\n\u27a2\u00c9lections  \n- re\u00e7us de d\u00e9p\u00f4t et r\u00e9c\u00e9piss\u00e9s d\u00e9finitifs d'enregistrement des candidatures aux \u00e9lections municipales,\n- arr\u00eat\u00e9s de nomination des membres des commissions de contr\u00f4le des listes \u00e9lectorales des communes\nde son arrondissement.\n\u27a2Urbanisme  \n- actes d\u00e9livr\u00e9s en application du code de l'urbanisme au nom de l'\u00c9tat et relevant de la comp\u00e9tence du\npr\u00e9fet  lorsque  le  maire  et  le  responsable  du  service  de  l'\u00c9tat  dans  le  d\u00e9partement,  charg\u00e9  de\nl'urbanisme, ont \u00e9mis des avis en sens contraire,\n- d\u00e9cisions visant \u00e0 r\u00e9former les actes d\u00e9livr\u00e9s en application du code de l'urbanisme, au nom de l'\u00c9tat\nlorsque le maire et le responsable du service de l'\u00c9tat dans le d\u00e9partement, charg\u00e9 de l'urbanisme, ont\n\u00e9mis des avis en sens contraire,\n- d\u00e9cisions visant \u00e0 r\u00e9former les actes d\u00e9livr\u00e9s en application du code de l'urbanisme au nom de l'\u00c9tat\npar le maire.\n\u27a2Administration g\u00e9n\u00e9rale et r\u00e9glementation  \n- d\u00e9livrance des cartes d'identit\u00e9 des maires et des adjoints aux maires,\n- agr\u00e9ments des gardes particuliers,\n- octroi du concours de la force publique aux huissiers charg\u00e9s de l'ex\u00e9cution des d\u00e9cisions judiciaires,\n- cr\u00e9ation, agrandissement, transfert, fermeture des cimeti\u00e8res,\n- autorisation de s\u00e9pultures dans les propri\u00e9t\u00e9s priv\u00e9es,\n- arr\u00eat\u00e9s autorisant et r\u00e9glementant les manifestations p\u00e9destres, hippiques, cyclistes, motocyclistes et\nautomobiles se d\u00e9roulant exclusivement sur le territoire de l'arrondissement, homologation des terrains\nde moto-cross, stock-cars, karting, trial, gymkhana,\n- fermeture administrative des d\u00e9bits de boissons, cabarets et discoth\u00e8ques.\n\u27a2Administration locale  \n- exercice du contr\u00f4le de l\u00e9galit\u00e9 et du contr\u00f4le budg\u00e9taire, \u00e0 l'exception de la saisine des juridictions, \n- r\u00e9partition, signature des arr\u00eat\u00e9s attributifs et  notification des aides accord\u00e9es en mati\u00e8re de dotation\nd'\u00e9quipement des territoires ruraux pour les communes de l'arrondissement et leurs groupements,\n- acceptation de la d\u00e9mission des adjoints aux maires des communes de l'arrondissement, ainsi que\ncelle des vice-pr\u00e9sidents d'\u00e9tablissements publics de coop\u00e9ration intercommunale (EPCI),\n- instruction des demandes et enqu\u00eates publiques relatives aux modifications des limites territoriales\ndes communes, au d\u00e9placement des chefs-lieux, aux fusions de communes et aux d\u00e9tachements de\nportions ou sections de communes pour les rattacher \u00e0 d'autres communes ou les \u00e9riger en communes\ndistinctes.09 - PREFECTURE DE L'ARIEGE - DIRECTION DE LA COORDINATION INTERMINISTERIELLE ET DE L'APPUI TERRITORIAL -\n09-2024-10-15-00001 - Arr\u00eat\u00e9 pr\u00e9fectoral relatif \u00e0 l'int\u00e9rim des fonctions de sous-pr\u00e9fet de l'arrondissement de Pamiers 22\n\u27a2Gestion interne \u2013 budget de fonctionnement  \nDans le cadre de l'ex\u00e9cution du budget de fonctionnement allou\u00e9 au centre de responsabilit\u00e9 \u00ab \u00a0sous-\npr\u00e9fecture \u00a0de\u00a0Pamiers \u00a0\u00bb au titre du programme  n\u00b0\u00a0354\u00a0\u00ab\u00a0administration \u00a0territoriale \u00a0de\u00a0l'\u00c9tat\u00a0\u00bb dans la\nlimite des montants des cr\u00e9dits programm\u00e9s annuellement, \u00e0 l'effet de  :\n- signer les bons de commandes d'un montant unitaire maximum  de\u00a05\u00a0000 \u00a0euros, pour l'achat de\nfournitures pour lesquels des fournisseurs proposent des proc\u00e9dures de commandes d\u00e9mat\u00e9rialis\u00e9es,\ndans le cadre d'un march\u00e9 contract\u00e9 au niveau national ou local,\n- engager, liquider des d\u00e9penses pour des achats effectu\u00e9s au moyen d'une carte d'achat, dans la limite\nde 1\u00a0000\u00a0euros par achat et sans que le montant total des achats effectu\u00e9s n'exc\u00e8de 5\u00a0000\u00a0euros par an,\nconform\u00e9ment aux documents contractuels relatifs \u00e0 l'acquisition des cartes d'achat \u00e9tablis entre l'\u00c9tat\net un prestataire ainsi qu'aux documents internes portant sur les conditions d'utilisation de la carte\nd'achats valid\u00e9s par le responsable du programme carte d'achat ou le pr\u00e9fet,\n -constater le service fait pour les d\u00e9penses ex\u00e9cut\u00e9es et d'une mani\u00e8re g\u00e9n\u00e9rale, certifier toutes pi\u00e8ces\nn\u00e9cessaires au r\u00e8glement des d\u00e9penses par la plate-forme CHORUS, d'un montant unitaire maximum de\n5\u00a0000\u00a0euros,\n- signer les ordres de mission ponctuels pr\u00e9vus par le d\u00e9cret n\u00b0 2006-781 du 3 juillet 2006 fixant les\nconditions et les modalit\u00e9s de r\u00e8glement des frais occasionn\u00e9s par les d\u00e9placements temporaires des\npersonnels civils de l'\u00c9t at.\nArticle 3\nEn cas d'absence ou d'emp\u00eachement de Mme Catherine LUPION, sous-pr\u00e9f\u00e8te charg\u00e9e de l'int\u00e9rim de\nl'arrondissement de Pamiers, la d\u00e9l\u00e9gation de signature qui lui est consentie sera exerc\u00e9e dans l'ordre\npar :\n- M. Jean-Philippe DARGENT, secr\u00e9taire g\u00e9n\u00e9ral de la pr\u00e9fecture de l'Ari\u00e8ge,\n- Mme Delphine LEMAIRE, directrice de cabinet. \nArticle 4\nSur  proposition  de  Mme  la  sous-pr\u00e9f\u00e8te,  d\u00e9l\u00e9gation  est  donn\u00e9e  \u00e0  Mme  Marine  VIVES,  secr\u00e9taire\ng\u00e9n\u00e9rale  de  la  sous-pr\u00e9fecture  de  Pamiers,  pour  toutes  les  mati\u00e8res  mentionn\u00e9es  \u00e0  l'article  1er,  \u00e0\nl'exception  des  arr\u00eat\u00e9s,  des  lettres  de  notification  d'attribution  de  la  dotation  d'\u00e9quipement  des\nterritoires ruraux, de l'exercice du contr\u00f4le de l\u00e9galit\u00e9 ou du contr\u00f4le budg\u00e9taire et de la gestion du\nbudget de fonctionnement.\nEn mati\u00e8re d'ex\u00e9cution du budget de fonctionnement, d\u00e9l\u00e9gation est donn\u00e9e \u00e0 Mme Marine VIVES \u00e0\nl'effet de signer ou valider dans un outil informatique d\u00e9di\u00e9 les bons de commandes d'un montant\nunitaire maximum de 250\u00a0euros et constater le service fait pour les d\u00e9penses imput\u00e9es sur le centre de\nresponsabilit\u00e9 \u00ab sous-pr\u00e9fecture de Pamiers  \u00bb, programme n\u00b0 354\u00a0\u00ab\u00a0administration \u00a0territoriale \u00a0de\u00a0l'\u00c9tat\u00a0\u00bb.\nArticle 5\nLe pr\u00e9sent arr\u00eat\u00e9 abroge l'arr\u00eat\u00e9 pr\u00e9fectoral du 21 juin 2024 portant d\u00e9l\u00e9gation de signature \u00e0 M. Jean-\nBaptiste MORINAUD, sous-pr\u00e9fet de l'arrondissement de Pamiers. 09 - PREFECTURE DE L'ARIEGE - DIRECTION DE LA COORDINATION INTERMINISTERIELLE ET DE L'APPUI TERRITORIAL -\n09-2024-10-15-00001 - Arr\u00eat\u00e9 pr\u00e9fectoral relatif \u00e0 l'int\u00e9rim des fonctions de sous-pr\u00e9fet de l'arrondissement de Pamiers 23\nArticle 6\nLe pr\u00e9sent arr\u00eat\u00e9 peut faire l'objet d'un recours devant le tribunal administratif de Toulouse, dans un\nd\u00e9lai  de  deux  mois  \u00e0  compter  de  sa  publication,  par  courrier  ou  par  l'application  informatique\nT\u00e9l\u00e9recours, accessible sur le lien suivant  : http://www.telerecours.fr .\nArticle 7\nLe secr\u00e9taire g\u00e9n\u00e9ral de la pr\u00e9fecture de l'Ari\u00e8ge, la sous-pr\u00e9f\u00e8te de l'arrondissement de Saint-Girons et\nla directrice de cabinet sont charg\u00e9s, chacun en ce qui le concerne, de l'ex\u00e9cution du pr\u00e9sent arr\u00eat\u00e9, qui\nsera publi\u00e9 au recueil des actes administratifs de la pr\u00e9fecture de l'Ari\u00e8ge.\nFait \u00e0 Foix, le 15 octobre 2024\nLe Pr\u00e9fet,\nSign\u00e9\nSimon  BERTOUX  09 - PREFECTURE DE L'ARIEGE - DIRECTION DE LA COORDINATION INTERMINISTERIELLE ET DE L'APPUI TERRITORIAL -\n09-2024-10-15-00001 - Arr\u00eat\u00e9 pr\u00e9fectoral relatif \u00e0 l'int\u00e9rim des fonctions de sous-pr\u00e9fet de l'arrondissement de Pamiers 24\nEn\nPR\u00c9FET  _\nDE L'ARI\u00c8GE\nLibert\u00e9\nEgalit\u00e9\nFraternit\u00e9\nDIRECTION D\u00c9PARTEMENTALE\nDE L'EMPLOI, DU TRAVAIL, DES SOLIDARIT\u00c9S \nET DE LA PROTECTION DES POPULATIONS\nService inclusion sociale et lutte contre la pauvret\u00e9\nAffaire suivie par Christine GRANDVAUX\nT\u00e9l : 05 61 02 43 67\nCourriel : christine.grandvaux@ariege.gouv.fr\nArr\u00eat\u00e9 pr\u00e9fectoral portant composition du conseil de famille des pupilles de l'\u00c9tat de l'Ari\u00e8ge\nLe pr\u00e9fet de l'Ari\u00e8ge\nVu le code p\u00e9nal notamment les articles 226-13 et 226-14  ;\nVu le code civil, notamment  l'article 347 ;\nVu le code de l'action  sociale et des  familles  (CASF), notamment les  articles  L224-1 \u00e0 L224-3,\nL225-1 et R224-1 \u00e0 R224-26  ;\nVu l'avis conjoint du Conseil national de la protection de l'enfance et du Conseil national de\nl'adoption en date des 17 et 24 novembre 2023 ;\nVu la loi n\u00b0 2022-219 du 21 f\u00e9vrier 2022  visant \u00e0 r\u00e9former l'adoption, notamment les articles 19 \u00e0\n22 du titre II \u00ab renforcer le statut de pupille de l'\u00e9tat et am\u00e9liorer le fonctionnement des\nconseils de famille \u00bb ;\nVu le d\u00e9cret n\u00b0 98-818 du 11 septembre 1998 modifiant le d\u00e9cret n\u00b0 85-937 du 23 ao\u00fbt 1985\nrelatif au Conseil de Famille des Pupilles de l'\u00c9tat  ;\nVu le d\u00e9cret du 13 juillet 2023 portant nomination de Monsieur Simon BERTOUX en qualit\u00e9 de\npr\u00e9fet du d\u00e9partement de l'Ari\u00e8ge  ;\nVu le d\u00e9cret n\u00b0 2024-491 du 30 mai 2024 relatif au conseil de famille des pupilles de l'\u00c9tat,\nnotamment le chapitre II \u00ab  pupilles de l'\u00e9tat \u00bb ;\nVu l'arr\u00eat\u00e9 pr\u00e9fectoral du 22 janvier 2020 portant renouvellement de la composition du conseil\nde famille des pupilles de l'\u00c9tat  de l'Ari\u00e8ge ; \nVu l'arr\u00eat\u00e9 du 30 mars 2021 portant organisation de la direction d\u00e9partementale de l'emploi, du\ntravail, des solidarit\u00e9s et de la protection des populations (DDETSPP) de l'Ari\u00e8ge  ;\nVu l'arr\u00eat\u00e9 pr\u00e9fectoral du 8 mars 2022 portant modification de la composition du conseil de\nfamille des pupilles de l'\u00c9tat  de l'Ari\u00e8ge ; \nVu l'arr\u00eat\u00e9 pr\u00e9fectoral du 27 juin 2022 portant modification de la composition du conseil de\nfamille des pupilles de l'\u00c9tat  de l'Ari\u00e8ge ; \nVu l'arr\u00eat\u00e9 minist\u00e9riel du 28 juin 2023 nommant Monsieur Fr\u00e9d\u00e9ric PUJOL, inspecteur en chef de\nsant\u00e9 publique v\u00e9t\u00e9rinaire, dir ecteur de la direction d\u00e9partementale de l'emploi, du travail,\ndes solidarit\u00e9s et de la protection des populations  ;\nVu  l'arr\u00eat\u00e9  pr\u00e9fectoral  du  28  novembre  2023  portant  d\u00e9l\u00e9gation  de  signature  \u00e0  Monsieur\nFr\u00e9d\u00e9ric PUJOL, directeur d\u00e9partemental  de l'emploi, du travail,  des solidarit\u00e9s et  de la\nprotection des population s de l'Ari\u00e8ge ;\nVu le courriel en date du 17 ao\u00fbt 2024 de l'Union D\u00e9partementale des Associations Familiales\n(UDAF) de l'Ari\u00e8ge portant d\u00e9signation de ses repr\u00e9sentantes pour si\u00e9ger au sein du conseil\nde famille des pupilles de l'\u00c9tat  ;\n9 rue Lieutenant Paul Delpech \u2013 09000 Foix Cedex \u2013 T\u00e9l : 05 61 02 43 00\nSite internet : www.ariege.gouv.frDIRECTION DEPARTEMENTALE DE L' EMPLOI, DU TRAVAIL, DES SOLIDARITES ET DE LA PROTECTION DES POPULATIONS - SERVICE\nINCLUSION SOCIALE ET LUTTE CONTRE LA PAUVRETE - 09-2024-10-15-00002 - Arr\u00eat\u00e9 pr\u00e9fectoral portant composition du conseil de\nfamille des pupilles de l'\u00c9tat de l'Ari\u00e8ge25\nVu le courriel en date du 17 ao\u00fbt 2024 de  l'association Enfance et Familles d'Adoption (EFA)\nportant  d\u00e9signation  de ses repr\u00e9sentants  pour  si\u00e9ger  au  sein du conseil  de famille des\npupilles de l'\u00c9tat ;\nVu  le  courriel  en  date  du  22  ao\u00fbt  2024  de  l'association  D\u00e9partementale  des  Pupilles  de\nl'Enseignement Public de l'Ari\u00e8ge (Les Pep 09) portant d\u00e9signation de son repr\u00e9sentant pour\nsi\u00e9ger au sein du conseil de famille des pupilles de l'\u00c9tat  ;\nVu  le  courriel  en  date  du  25  septembre  2024  d u  Cabinet  de  la  direction  des  services\nd\u00e9partementaux  de  l'\u00c9ducation  nationale  de  l'Ari\u00e8ge  portant  d\u00e9signation  de  sa\nrepr\u00e9sentante pour si\u00e9ger au sein du conseil de famille des pupilles de l'\u00c9tat  ;\nVu  le  courriel  en  date  d u 9  octobre  2024  du  docteur  Solange  MAGNEAU  proposant  sa\ncandidature pour si\u00e9ger au sein du conseil de famille des pupilles de l'\u00c9tat  ;\nSur proposition du secr\u00e9taire g\u00e9n\u00e9ral de la pr\u00e9fecture de l'Ari\u00e8g e et de Monsieur le directeur\nd\u00e9partemental de l'emploi, du travail, des solidarit\u00e9s et de la protection des populations de\nl'Ari\u00e8ge\nA R R \u00ca T E\nArticle 1     :  \nLes  membres  du  conseil  de  famille  sont  nomm\u00e9s  par  le  repr\u00e9sentant  de  l'\u00c9tat  dans  le\nd\u00e9partement, en consid\u00e9ration de l'int\u00e9r\u00eat  port\u00e9 \u00e0  la politique publique de protection  de\nl'enfance, en fonction de leur aptitude ainsi que de leur disponibilit\u00e9.\nOutre  le  tuteur, la  composition  du  conseil  de  familles  des  pupilles  de  l'\u00c9tat  de  l'Ari\u00e8ge\ncomprend :\n1\u00b0  Deux  repr\u00e9sentants  du  conseil  d\u00e9partemental  et  deux  suppl\u00e9ants  d\u00e9sign\u00e9s  par  lui  sur\nproposition de sa pr\u00e9sidente  :\nTitulaire     :\nMadame Marie-France VILAPLANA, conseill\u00e8re d\u00e9partementale du canton de Pamiers 1, vice-\npr\u00e9sidente du conseil d\u00e9partemental\nSuppl\u00e9ante     :  \nMadame Muriel FREYCHE, conseill\u00e8re d\u00e9partementale du canton d'Arize-L\u00e8ze\nTitulaire     :  \nMonsieur Michel PICHAN, conseiller d\u00e9partementale du canton Portes Couserans\nSuppl\u00e9ant     :  \nMonsieur Olivier RATON, conseiller d\u00e9partementale du canton Couserans-Est\n2\u00b0  Trois membres titulaires et trois membres suppl\u00e9ants d'associations \u00e0 caract\u00e8re familial ou\nd'accueil  dont  un  membre  titulaire et  un  membre  suppl\u00e9ant  d'une  association  de  familles\nadoptives :\nTitulaire     :\nMadame Nathalie PUGET au titre de l' Union D\u00e9partementale des Associations Familiales (UDAF)\nde l'Ari\u00e8ge\nSuppl\u00e9ante     :\nMadame Janice PEYR\u00c9 au titre de l' Union D\u00e9partementale des Associations Familiales (UDAF) de\nl'Ari\u00e8ge \nTitulaire     :\nMadame Muriel TACNET au titre de l'association Enfance et Familles d'Adoption (EFA)\n4DIRECTION DEPARTEMENTALE DE L' EMPLOI, DU TRAVAIL, DES SOLIDARITES ET DE LA PROTECTION DES POPULATIONS - SERVICE\nINCLUSION SOCIALE ET LUTTE CONTRE LA PAUVRETE - 09-2024-10-15-00002 - Arr\u00eat\u00e9 pr\u00e9fectoral portant composition du conseil de\nfamille des pupilles de l'\u00c9tat de l'Ari\u00e8ge26\nSuppl\u00e9ant     :  \nMonsieur Charles PACHECO au titre de l'a ssociation Enfance et Familles d'Adoption (EFA)\nTitulaire     :\nMadame France JACQUERIE au titre de l' association des Familles d'Accueil de l'Ari\u00e8ge (AFA)\nSuppl\u00e9ant     :  \nMonsieur Fr\u00e9d\u00e9ric CHAPON au titre de l'association des Familles d'Accueil de l'Ari\u00e8ge (AFA)\n3\u00b0 Un membre titulaire et un membre suppl\u00e9ant d'associations de pupilles ou d'anciens pupilles\nou  de  personnes  admises  ou  ayant  \u00e9t\u00e9  admises  par  un  service  charg \u00e9  de  l'aide  sociale  \u00e0\nl'enfance :\nTitulaire     :\nMonsieur  Vincent  BONNASSIES  au  titre  de  l' association  d'entraide  des  pupilles  ou  anciens\npupilles de l'\u00c9tat de l'Ari\u00e8ge\nSuppl\u00e9ante     :  \nMadame Marie Rose BLANCO au titre de l'association d'entraide des pupilles ou anciens pupilles\nde l'\u00c9tat de l'Ari\u00e8ge\n4\u00b0 Une personnalit\u00e9 qualifi\u00e9e titulaire et un suppl\u00e9ant, que leur exp\u00e9rience et leur comp\u00e9tence\nprofessionnelles  en  mati\u00e8re  d'\u00e9thique  et  de  lutte  contre  les  discriminations  qualifient\nparticuli\u00e8rement pour l'exercice de fonctions en son sein  :\nTitulaire     :\nMadame Marie-H\u00e9l\u00e8ne BONNY, conseill\u00e8re technique aupr\u00e8s de l'IA-Dasen, assistante sociale,\nresponsable  du  service  social  des  \u00e9l\u00e8ves  de  l'Inspection  Acad\u00e9mique  au  titre  des  services\nd\u00e9partementaux de l'\u00c9ducation Nationale de l'Ari\u00e8ge\nSuppl\u00e9ante     :  \nMadame Colette ROMIER au titre de la Caisse d'Allocations Familiales (CAF) de l'Ari\u00e8ge\n5\u00b0 Une personnalit\u00e9 qualifi\u00e9e titulaire et un suppl\u00e9ant, que leur exp\u00e9rience et leur comp\u00e9tence\nprofessionnelles en mati\u00e8re m\u00e9dicale, psychologique ou sociale qualifient particuli\u00e8rement pour\nl'exercice de fonctions en son sein  :\nTitulaire     : \nMonsieur Jean-Louis MAZZONETTO au titre de l' association d\u00e9partementale des pupilles de\nl'enseignement public de l'Ari\u00e8ge (Les Pep 09)\nSuppl\u00e9ant  e     :  \nMadame le docteur Solange MAGNEAU, ancienne m\u00e9decin du service de protection maternelle\net infantile (PMI) du conseil d\u00e9partemental de l'Ari\u00e8ge\nArticle 2     :  \nLe mandat de ses membres est de six ans. Nul ne peut exc\u00e9der plus de trois mandats, dont plus\nde deux en tant que titulaire.\nLe repr\u00e9sentant de l'\u00c9tat peut mettre fin au mandat des membres du conseil de famille des\npupilles de l'\u00c9tat en cas de manquement caract\u00e9ris\u00e9 \u00e0 leurs obligations.\nDans l'int\u00e9r\u00eat des pupilles de l'\u00c9tat, les titulaires veillent \u00e0 \u00eatre pr\u00e9sent\u00b7e\u00b7s \u00e0 chaque r\u00e9union des\npupilles de l'\u00c9tat, ou, \u00e0 d\u00e9faut, \u00e0 se faire remplacer par leur suppl\u00e9ant\u00b7e.\nArticle 3     :  \n\u00c0 chaque renouvellement du conseil de famille des pupilles de l'\u00c9tat, les membres nouvellement\nnomm\u00e9s b\u00e9n\u00e9ficient d'une formation pr\u00e9alable \u00e0 leur prise de fonction, dans des conditions\nd\u00e9finies par le d\u00e9cret.\n4DIRECTION DEPARTEMENTALE DE L' EMPLOI, DU TRAVAIL, DES SOLIDARITES ET DE LA PROTECTION DES POPULATIONS - SERVICE\nINCLUSION SOCIALE ET LUTTE CONTRE LA PAUVRETE - 09-2024-10-15-00002 - Arr\u00eat\u00e9 pr\u00e9fectoral portant composition du conseil de\nfamille des pupilles de l'\u00c9tat de l'Ari\u00e8ge27\nLes  membres  du  conseil  de  famille  sont  tenus  au  secret  professionnel  dans  les  conditions\npr\u00e9vues aux articles 226-13 et 226-14 du code p\u00e9nal.\nArticle 4     :  \nSauf disposition contraire, les d\u00e9cisions et d\u00e9lib\u00e9rations de toutes natures du conseil de famille\ndes pupilles de l'\u00c9tat sont susceptibles de recours.\nCe recours est ouvert  :\n1\u00b0 Au tuteur ;\n2\u00b0 Aux membres du conseil de familles  ;\n3\u00b0 Aux personnes \u00e0 qui le service d'aide \u00e0 l'enfance a confi\u00e9 le pupille de l'\u00c9tat pour en assurer la\ngarde  et  qui  souhaitent  l'adopter,  pour  les  d\u00e9cisions  et  d\u00e9lib\u00e9rations  relatives  \u00e0  ce  projet\nd'adoption.\nLe recours est port\u00e9 devant le tribunal judiciaire. Le d\u00e9lai de recours est de quinze jours. Les\nparties ne sont pas tenues de consulter un avocat.\nL'appel  est  ouvert  aux  personnes  indiqu\u00e9es  au  1\u00b0  et  2\u00b0,  m\u00eame  si  elles  sont  intervenues  \u00e0\nl'instance.\nArticle 5     :  \nLes  arr\u00eat\u00e9s  pr\u00e9fectoraux  d u 22  janvier  2020  portant  renouvellement  de  la  composition  du\nconseil de famille des pupilles de l'\u00c9tat, des 8 mars 2022 et 27 juin 2022 portant modification de\nla composition du conseil de famille des pupilles de l'\u00c9tat de l'Ari\u00e8ge, sont abrog\u00e9s.\nArticle 6     :  \nLa pr\u00e9sente d\u00e9cision peut faire l'objet d'un recours contentieux aupr\u00e8s du tribunal administratif\ndans un d\u00e9lai de deux mois \u00e0 compter de sa notification ou par les tiers \u00e0 compter de sa\npublication au recueil des actes administratifs des services de l'\u00c9tat.\nLe tribunal administratif peut-\u00eatre saisir par l'application informatique \u00ab  T\u00e9l\u00e9recours citoyens  \u00bb\naccessible par le site Internet www.telerecours.fr\nArticle 7 :\nLe secr\u00e9taire g\u00e9n\u00e9ral de la pr\u00e9fecture de l'Ari\u00e8ge et le directeur d\u00e9partemental du travail, de\nl'emploi, des solidarit\u00e9s et de la protection des populations de l'Ari\u00e8ge sont charg\u00e9s, chacun en\nce qui le concerne, de l'ex\u00e9cution du pr\u00e9sent arr\u00eat\u00e9, qui sera publi\u00e9 au recueil d\u00e9partemental\ndes actes administratifs.\nFait \u00e0 Foix, le 15 octobre 2024\nPour le pr\u00e9fet et par d\u00e9l\u00e9gation\nLe secr\u00e9taire g\u00e9n\u00e9ral\nSign\u00e9\nJean-Philippe DARGENT\n4DIRECTION DEPARTEMENTALE DE L' EMPLOI, DU TRAVAIL, DES SOLIDARITES ET DE LA PROTECTION DES POPULATIONS - SERVICE\nINCLUSION SOCIALE ET LUTTE CONTRE LA PAUVRETE - 09-2024-10-15-00002 - Arr\u00eat\u00e9 pr\u00e9fectoral portant composition du conseil de\nfamille des pupilles de l'\u00c9tat de l'Ari\u00e8ge28","date":"2024-10-18","first_seen_on":"2024-10-18T16:13:07+00:00","id":"be3a83e43d318f9a8b3f167decfc19c124bd40fbf7d6d77356beab6a49f449d2","name":"recueil-09-2024-112-recueil-des-actes-administratifs","pdf_creation_date":"2024-10-18T14:15:02+00:00","pdf_modification_date":null,"timezone":"Europe/Paris","url":"https://www.ariege.gouv.fr/contenu/telechargement/31435/215481/file/recueil-09-2024-112-recueil-des-actes-administratifs.pdf"}
