{"administration":"pref80","administration_name":"Pr\u00e9fecture de la Somme","content":"PR\u00c9FECTURE\nDE LA SOMME\nRECUEIL DES ACTES\nADMINISTRATIFS\nN\u00b02024-046\nPUBLI\u00c9 LE  9 F\u00c9VRIER 2024\nSommaire\nCentre Hospitalier d'Amiens /\n80-2024-01-02-00028 - D\u00e9l\u00e9gation de signature - Direction - Centre\nHospitalier de Doullens - Madame Pauline HAVAS - Madame Fabienne\nBOUCHER - Madame C\u00e9line BOUCHER (4 pages) Page 3\n80-2024-01-02-00027 - D\u00e9l\u00e9gation de Signature - Garde Administrative -\nMadame Lucille ELOY (2 pages) Page 8\n80-2024-01-02-00026 - D\u00e9l\u00e9gation de Signature - Garde Administrative -\nMonsieur Didier SAADA (2 pages) Page 11\n80-2023-09-06-00097 - D\u00e9l\u00e9gation de Signature - GHT \"Somme Littoral Sud\"\n- Fonction Achat (Pharmacie) - Docteur Louis BERTIN (2 pages) Page 14\nDirection d\u00e9partementale des finances publiques de la Somme / Secr\u00e9tariat\nde direction\n80-2024-02-05-00009 - D\u00e9l\u00e9gation de signature du p\u00f4le de recouvrement\nsp\u00e9cialis\u00e9 de la Somme (2 pages) Page 17\nDirection D\u00e9partementale des Territoires et de la Mer /\n80-2024-01-23-00007 - Arr\u00eat\u00e9 PN-2024 -001 portant classement en 1\u00e8re\ncat\u00e9gorie du passage \u00e0 niveau n\u00b0STV-CAY2 de la ligne\nSaint-Valery-sur-Somme \u00e0 Cayeux-sur-mer avec s\u00e9curisation par une\nsignalisation lumineuse \u00e0 franchissement conditionnel. (3 pages) Page 20\nPr\u00e9fecture de la zone de d\u00e9fense et de s\u00e9curit\u00e9 du Nord /\n80-2024-02-09-00002 - arr\u00eat\u00e9 portant d\u00e9l\u00e9gation de signature au g\u00e9n\u00e9ral de\ncorps d'arm\u00e9es Olivier Courtet, commandant la r\u00e9gion de gendarmerie\nHauts de France et la gendarmerie pour la zone de d\u00e9fense et de s\u00e9curit\u00e9\nNord (4 pages) Page 24\n2\nCentre Hospitalier d'Amiens\n80-2024-01-02-00028\nD\u00e9l\u00e9gation de signature - Direction - Centre\nHospitalier de Doullens - Madame Pauline\nHAVAS - Madame Fabienne BOUCHER - Madame\nC\u00e9line BOUCHER\nCentre Hospitalier d'Amiens - 80-2024-01-02-00028 - D\u00e9l\u00e9gation de signature - Direction - Centre Hospitalier de Doullens - Madame\nPauline HAVAS - Madame Fabienne BOUCHER - Madame C\u00e9line BOUCHER 3\nCH 23\nAMIENS\nPICARDIE\n\" DELEGATION  DE SIGNATURE  \u2014 \u2014\"\n| DIRECTION  |\nD\u00e9cision  n\u00b0 2024-14\nLE DIRECTEUR  GENERAL,\nCHEVALIER  DE LA LEGION  D'HONNEUR,\nVu le Code  de la sant\u00e9  publique,  notamment  pris en ses articles  L. 6143-7  et suivants,  et D. 6143-33  et suivants  ;\nVu la Convention  de Direction  commune  sign\u00e9e  le 21 d\u00e9cembre  2021  entre  le CHU  Amiens-Picardie,  le CH de\nDoullens,  le CHI de Montdidier-Roye  et l'EHPAD  de Domart-en-Ponthieu  :\nVu le D\u00e9cret  n\u00b02005-921  du 02 ao\u00fbt  2005  portant  statut  particulier  des grades  et emplois  des personnels  des\ndirections  des \u00e9tablissements  mentionn\u00e9s  \u00e0 l'article  2 (1\u00b0, 2\u00b0, 3\u00b0) de la loi n\u00b086-33  du 09 janvier  1986  modifi\u00e9e\nportant  dispositions  statutaires  relatives  \u00e0 la Fonction  Publique  Hospitali\u00e8re  :\nVu le Decret  n\u00b091-155  du 06 f\u00e9vrier  1991  relatif  aux dispositions  g\u00e9n\u00e9rales  applicables  aux agents  contractuels  de\nla Fonction  Publique  Hospitali\u00e8re  ;\nVu le D\u00e9cret  du Pr\u00e9sident  de la R\u00e9publique  en date  du 21 ao\u00fbt  2023  nommant  M. Didier  RENAUT  en qualit\u00e9  de\nDirecteur  G\u00e9n\u00e9ral  du CHU  Amiens-Picardie  \u00e0 compter  du 06 septembre  2023  :\nVu l'Arr\u00eat\u00e9  du Centre  National  de Gestion  en date  du 24 ao\u00fbt  2023  affectant  M. Didier  RENAUT  au sein  de la\nDirection  commune  constitu\u00e9e  entre  le CHU  Amiens-Picardie,  le CH de Doullens,  le CHI de Montdidier-Roye  et\nl'EHPAD  de Domart-en-Ponthieu  \u00e0 compter  du 06 septembre  2023  :\nVu l'Arr\u00eat\u00e9  du Centre  National  de Gestion  des personnels  de Direction  de la Fonction  Publique  Hospitali\u00e8re  en date\ndu 6 novembre  2023  pla\u00e7ant  Mme  Anne  LANGELLIER  en position  de d\u00e9tachement  pour  une dur\u00e9e  de quatre  ans\nen qualit\u00e9  de Directrice  G\u00e9n\u00e9rale  Adjointe  du CHU  Amiens-Picardie,  du CH de Doullens,  de l'Ehpad  de Domart  en\nPonthieu  et du CHI Montdidier-Roye  \u00e0 compter  du 1er novembre  2023  ;\nVu l'Arr\u00eat\u00e9  du Centre  National  de Gestion  en date  du 24 f\u00e9vrier  2022  confirmant  la nouvelle  affectation  de M. Didier\nSAADA,  Directeur  d'h\u00f4pital  (hors  classe),  au CHU  Amiens-Picardie,  au CH de Doullens  et au CHI de Montdidier-\nRoye  ;\nVu la D\u00e9cision  N\u00b0155/23  du 13 octobre  2023  relative  \u00e0 la prise  de fonctions  de M. Didier  SAADA  en qualit\u00e9  de\nDirecteur  D\u00e9l\u00e9gu\u00e9  du CH de Doullens  \u00e0 compter  du 16 octobre  2023  :\nVu l'Arr\u00eat\u00e9  du Centre  National  de Gestion  des personnels  de Direction  de la Fonction  Publique  Hospitali\u00e8re  en date\ndu 18 d\u00e9cembre  2023  nommant  Mme  Lucille  ELOY  en qualit\u00e9  de Directrice  Adjointe  au CHU  Amiens-Picardie,  au\nCH de Doullens,  au CHI de Montdidier-Roye  et \u00e0 l'EHPAD  de Domart-en-Ponthieu,  \u00e0 compter  du 1# janvier  2024  ;\nVu la Note  de service  n\u00b088/23  du 06 octobre  2023  relative  \u00e0 la prise  de fonctions  de Mme  Lucille  ELOY  en qualit\u00e9\nde Directrice  Adjointe  du CH de Doullens  et Directrice  D\u00e9l\u00e9gu\u00e9e  de la R\u00e9sidence  EHPAD  de Domart  en Ponthieu\n\u00e0 compter  du 2 janvier  2024  ;\nVu l'Arr\u00eat\u00e9  du Centre  National  de Gestion  en date  du 18 d\u00e9cembre  2023  nommant  Mme  Pauline  HAVAS  en qualit\u00e9\nde Directrice  Adjointe  au CHU  Amiens  \u00e0 compter  du 1\u00a2 janvier  2024  ;\nCHU  Amiens-Picardie  - D\u00e9l\u00e9gation  de signature  CH Doullens  - D\u00e9cision  n\u00b0 2024-14\nfo \u00a3 -\nPH \u00ee\u00ff@\nCentre Hospitalier d'Amiens - 80-2024-01-02-00028 - D\u00e9l\u00e9gation de signature - Direction - Centre Hospitalier de Doullens - Madame\nPauline HAVAS - Madame Fabienne BOUCHER - Madame C\u00e9line BOUCHER 4\nVu la Note  de service  N\u00b088/23  du 6 octobre  2023  relative  \u00e0 la prise  de fonctions  de Mme  Pauline  HAVAS  en qualit\u00e9\nde Directrice  Adjointe  au sein  du P\u00f4le  \u00ab Ressources  Humaines  et D\u00e9veloppement  Professionnel  \u00bb \u00e0 compter  du02 janvier  2024  ;\nVu la D\u00e9cision  du 28 juin 2017  nommant  Mme  C\u00e9line  BOUCHER  en qualit\u00e9  d'Attach\u00e9e  d'Administration\nHospitali\u00e8re  \u00e0 compter  du 1\u00a2 juillet  2017  ;\nVu la D\u00e9cision  du 23 novembre  2017  nommant  Mme  Fabienne  BOUCHER  en qualit\u00e9  de Cadre  Sup\u00e9rieure  deSant\u00e9  param\u00e9dicale  \u00e0 compter  du 1 d\u00e9cembre  2017  ;\nVu la D\u00e9cision  n\u00b005/2024  du 29 janvier  2024  relative  \u00e0 la d\u00e9l\u00e9gation  de signature  de la Direction  G\u00e9n\u00e9rale  :\nVu l'Organigramme  de la Direction  commune  entre  le CHU  Amiens-Picardie,  le CH de Doullens,  le CH! de\nMontdidier-Roye  et l'EHPAD  de Domart-en-Ponthieu  :\nDECIDE\nArticle  1* Oblet\nLa pr\u00e9sente  d\u00e9cision  pr\u00e9cise  les modalit\u00e9s  de d\u00e9l\u00e9gation  de signature  de M. Didier  RENAUT,  Directeur\nG\u00e9n\u00e9ral,  au sein  du CH de Doullens.\nElle annule  et remplace  les pr\u00e9c\u00e9dentes  d\u00e9l\u00e9gations  relatives  au m\u00eame  domaine.\nArticle  2 - DELEGATION  DE SIGNATURE  EN CAS  D'ABSENCE,  D'EMPECHEMENT  OU D'INDISPONIBILIT  E\nDU DIRECTEUR  GENERAL,  DU DIRECTEUR  DELEGUE,  DE LA DIRECTRICE  ADJOINTE  ET DE LA\nDIRECTRICE  GENERALE  ADJOINTE\nEn cas d'absence,  d'emp\u00eachement  ou d'indisponibilit\u00e9  simultan\u00e9s  de M. Didier  RENAUT,  de M. Didier  SAADA,\nde Mme  Lucille  ELOY  et de Mme  Anne  LANGELLIER,  D\u00e9l\u00e9gation  permanente  est donn\u00e9e  \u00e0 Madame  Pauline\nHAVAS,  Directrice  Adjointe,  \u00e0 l'effet  de signer  au nom  de M. Didier  RENAUT,  Directeur  G\u00e9n\u00e9ral,  les actes,\ncorrespondances  et documents  suivants  :\n2.1 Tous  les documents  relatifs  \u00e0 la gestion  de la Direction  des Ressources  Humaines  (m\u00e9dicales  et non\nm\u00e9dicales)  relatifs  au CH de Doullens  \u00e0 Pexception  des documents  suivants  :\n- Les march\u00e9s  publics\n- L'ensemble  des bons  de commande  (fournitures,  prestations,  \u00c9quipements)  et des ordres  de service\n(travaux)\n- Les m\u00e9moires  en r\u00e9ponse  dans  le cadre  d'un  contentieux\n- Les sanctions  disciplinaires  des groupes  2,3 et 4\n2.2 Toutes  les correspondances  internes  et externes  concernant  la gestion  de la Direction  des Ressources\nHumaines  (m\u00e9dicales  et non m\u00e9dicales),  \u00e0 l'exception  des actes  et correspondances  engageant  le CH de\nDoullens  dans  ses relations  avec  :\n- Les autorit\u00e9s  gouvemementales,  les autorit\u00e9s  administratives  et judiciaires,  les membres  du coms\npr\u00e9fectoral,  les \u00e9lus  locaux  et nationaux  (y compris  les r\u00e9ponses  aux recommandations  de recrutement),\nles autorit\u00e9s  universitaires,  les directeurs  g\u00e9n\u00e9raux  de CHU  et les Directeurs  des \u00e9tablissements  de\nsant\u00e9  partenaires  qu'ils  soient  publics  ou priv\u00e9s\n- Les Pr\u00e9sidents,  Vice-Pr\u00e9sidents  et membres  des Conseils  de surveillance\n- La presse  \u00e9crite,  audiovisuelle,  intemet\n- Les Pr\u00e9sidents  de CME  et Directeurs  des UFR\nAlin\u00e9a  1 :\nEn cas d'absence,  d'emp\u00eachement  ou d'indisponibilit\u00e9  simultan\u00e9s  de M. Didier  RENAUT,  de M. Didier  SAADA,\nde Mme  Lucille  ELOY,  de Mme  Anne  LANGELLIER,  et de Madame  Pauline  HAVAS,  d\u00e9l\u00e9gation  permanente\nCHU  Amiens-Picardie  - D\u00e9t\u00e9gation  de signature  CH Doullens  - D\u00e9cision  n\u00b0 2024-14  E d\nLE S \"\nB ooy DD\nCentre Hospitalier d'Amiens - 80-2024-01-02-00028 - D\u00e9l\u00e9gation de signature - Direction - Centre Hospitalier de Doullens - Madame\nPauline HAVAS - Madame Fabienne BOUCHER - Madame C\u00e9line BOUCHER 5\nest donn\u00e9e  \u00e0 Mme  C\u00e9line  BOUCHER,  Attach\u00e9e  d'Administration  Hospitali\u00e8re,  et \u00e0 Mme  Fabienne  BOUCHER,\nCadre  Sup\u00e9rieure  de Sant\u00e9,  Faisant  Fonction  de Directrice  des Soins,  \u00e0 l'effet  de signer  toutes  correspondances,\ntous  actes  et documents  administratifs  n\u00e9cessaires  \u00e0 la bonne  marche  des \u00e9tablissements  se rapportant  :\n- _ Aux  tableaux  des gardes  et des astreintes  des personnels  m\u00e9dicaux  et non m\u00e9dicaux\n- _ Aux  contrats  de recrutement  d'une  dur\u00e9e  d\u00e9termin\u00e9e  inf\u00e9rieure  ou \u00e9gale  \u00e0 un mois\n- Aux  \u00e9tats  liquidatifs  de la paie\n- Aux ordres  de missions  et aux pi\u00e8ces  et attestations  diverses  relatives  aux personnels  ne faisant  pas\ngrief.\nLa signature  des d\u00e9cisions  et actes  conservatoires  devra  \u00eatre pr\u00e9c\u00e9d\u00e9e  de la mention  \u00ab Pour  le Directeur  D\u00e9l\u00e9gu\u00e9\net par d\u00e9l\u00e9gation  \u00bb et pr\u00e9ciser  les nom  et pr\u00e9nom  du signataire.\nArticle  3 - EFFET  ET PUBLICITE\nLa pr\u00e9sente  d\u00e9cision  de d\u00e9l\u00e9gation  de signature  g\u00e9n\u00e9rale  est applicable  \u00e0 compter  de sa publication  la rendant\nconsultable.\nElle fera  par ailleurs  l'objet  d'une  publication  au recueil  des actes  administratifs  de la Pr\u00e9fecture  de la Somme.\nCette  d\u00e9l\u00e9gation  est consentie  pour  le temps  de I'affectation  sur leur poste  de M. Didier  SAADA,  DirecteurD\u00e9l\u00e9gu\u00e9,  Mme  Lucille  ELOY,  Directrice  Adjointe,  Mme  Pauline  HAVAS,  Directrice  Adjointe,  Mme  AnneLANGELLIER,  Directrice  G\u00e9n\u00e9rale  Adjointe,  Mme  C\u00e9line  BOUCHER,  Attach\u00e9e  d'Administration  Hospitali\u00e8re,\nMme  Fabienne  BOUCHER,  Cadre  Sup\u00e9rieure  de Sant\u00e9,  Faisant  Fonction  de Directrice  des Soins.\nElle cessera  automatiquement  pour  le ou les d\u00e9l\u00e9gataire(s)  concem\u00e9(s)  en cas de changement  d'affectation  ou ded\u00e9part  de l'\u00e9tablissement.\nElle sera  transmise  aux Comptables  de l'\u00e9tablissement,  accompagn\u00e9e  du mod\u00e8le  de signature  des d\u00e9l\u00e9gataires  etport\u00e9e  \u00e0 la connaissance  du Conseil  de surveillance.\nFait \u00e0 Amiens,  le 2 janvier  2024.\nLe Directeur  G\u00e9n\u00e9ral\nA\neLa Directrice  D\u00e9l\u00e9gu\u00e9e  __\nFabienne  BOUCHER\nL'Attach\u00e9e  d'Administration  Hospitali\u00e8re\n\u00ae\nLD,C\u00e9line  BO\u00cb\nCHU  Amiens-Picardie  - D\u00e9l\u00e9gation  de signature  CH Doullens  - D\u00e9cision  n\u00b0 2024-14\nCentre Hospitalier d'Amiens - 80-2024-01-02-00028 - D\u00e9l\u00e9gation de signature - Direction - Centre Hospitalier de Doullens - Madame\nPauline HAVAS - Madame Fabienne BOUCHER - Madame C\u00e9line BOUCHER 6\nCentre Hospitalier d'Amiens - 80-2024-01-02-00028 - D\u00e9l\u00e9gation de signature - Direction - Centre Hospitalier de Doullens - Madame\nPauline HAVAS - Madame Fabienne BOUCHER - Madame C\u00e9line BOUCHER 7\nCentre Hospitalier d'Amiens\n80-2024-01-02-00027\nD\u00e9l\u00e9gation de Signature - Garde Administrative -\nMadame Lucille ELOY\nCentre Hospitalier d'Amiens - 80-2024-01-02-00027 - D\u00e9l\u00e9gation de Signature - Garde Administrative - Madame Lucille ELOY 8\nG_u  en  DELEGATION  DE SIGNATURE\nAMIENSPICARDIE  GARDE  ADMINISTRATIVE\nD\u00e9cision  n\u00b0 2024-09\nLE DIRECTEUR  GENERAL,\nCHEVALIER  DE LA LEGION  D'HONNEUR,\nVu le Code  de la sant\u00e9  publique,  notamment  pris en ses articles  L. 6143-7  et suivants,  et D. 6143-33  et suivants  X\nVu la Convention  de Direction  commune  sign\u00e9e  le 21 d\u00e9cembre  2021  entre  le CHU  Amiens-Picardie,  le CH deDoullens,  le CHI de Montdidier-Roye  et l'EHPAD  de Domart-en-Ponthieu  ;\nVu le D\u00e9cret  n\u00b02005-921  du 02 ao\u00fbt  2005  portant  statut  particulier  des grades  et emplois  des personnels  desdirections  des \u00e9tablissements  mentionn\u00e9s  \u00e0 l'article  2 (1\u00b0, 2\u00b0, 3\u00b0) de la loi n\u00b086-33  du 09 janvier  1986  modifi\u00e9e\nportant  dispositions  statutaires  relatives  \u00e0 la Fonction  Publique  Hospitali\u00e8re  ;\nVu le D\u00e9cret  du Pr\u00e9sident  de la R\u00e9publique  en date  du 21 ao\u00fbt  2023  nommant  M. Didier  RENAUT  en qualit\u00e9  deDirecteur  G\u00e9n\u00e9ral  du CHU  Amiens-Picardie  \u00e0 compter  du 06 septembre  2023  :\nVu l'Arr\u00eat\u00e9  du Centre  National  de Gestion  en date  du 24 ao\u00fbt  2023  affectant  M. Didier  RENAUT  au sein  de laDirection  commune  constitu\u00e9e  entre  le CHU  Amiens-Picardie,  le CH de Doullens,  le CHI de Montdidier-Roye  etl'EHPAD  de Domart-en-Ponthieu  \u00e0 compter  du 06 septembre  2023  :\nVu l'Arr\u00eat\u00e9  du Centre  National  de Gestion  des personnels  de Direction  de la Fonction  Publique  Hospitali\u00e8re  en datedu 18 d\u00e9cembre  2023  nommant  Mme  Lucille  ELOY  en qualit\u00e9  de Directrice  Adjointe  au CHU  Amiens-Picardie,  auCH de Doullens,  au CHI de Montdidier-Roye  et \u00e0 l'EHPAD  de Domart-en-Ponthieu,  \u00e0 compter  du 1\u00b0\" janvier  2024  :\nVu les Notes  de service  N\u00b088/23  du 6 octobre  2023  et N\u00b001/24  du 2 janvier  2024  relative  \u00e0 la prise  de fonctions\nde Mme  Lucille  ELOY  en qualit\u00e9  de Directrice  Adjointe,  Adjointe  au Directeur  D\u00e9l\u00e9gu\u00e9  du CH de Doullens  etDirectrice  D\u00e9l\u00e9gu\u00e9e  de la R\u00e9sidence  EHPAD  de Domart-en-Ponthieu  \u00e0 compter  du 2 janvier  2024  ;\nVu la d\u00e9cision  du Directeur  G\u00e9n\u00e9ral  n\u00b02023-42  relative  \u00e0 l'organisation  des gardes  de direction,\nVu l'organisation  conjointe  des astreintes  administratives  au CH de Doullens  et \u00e0 l EHPAD  de Domart-en-Ponthieu  ;\nVu l'Organigramme  de la Direction  commune  entre  le CHU  Amiens-Picardie,  le CH de Doullens,  le CHI deMontdidier-Roye  et l'EHPAD  de Domart-en-Ponthieu  :\nDECIDE\nArticle  1\u00a2 - Objet\nLa pr\u00e9sente  d\u00e9cision  pr\u00e9cise  les modalit\u00e9s  de d\u00e9l\u00e9gation  de signature  de M. Didier  RENAUT,  Directeur\nG\u00e9n\u00e9ral,  concernant  les astreintes  (\u00ab gardes  \u00bb) de direction.\nElle annule  et remplace  les pr\u00e9c\u00e9dentes  d\u00e9l\u00e9gations  relatives  au m\u00e9me  domaine.\nArticle  2 - D\u00e9l\u00e9gataire\nDans  le cadre  des astreintes  administratives,  d\u00e9l\u00e9gation  est donn\u00e9e  \u00e0 Mme  Lucille  ELOY,  Adjointe  au Directeur\nD\u00e9l\u00e9gu\u00e9  du CH de Doullens  et Directrice  D\u00e9l\u00e9gu\u00e9e  de la R\u00e9sidence  EHPAD  de Domart-en-Ponthieu,  \u00e0 l'effet  de\n-\nL\u00c9 CN\nCentre Hospitalier d'Amiens - 80-2024-01-02-00027 - D\u00e9l\u00e9gation de Signature - Garde Administrative - Madame Lucille ELOY 9\nprendre  et signer  toutes  les d\u00e9cisions  et les actes  conservatoires  n\u00e9cessaires  \u00e0 la continuit\u00e9  du service,  \u00e0 la\nsauvegarde  des personnes  et des biens  ainsi  qu'au  maintien  en fonctionnement  des installations  de\nl'\u00e9tablissement,  et donc  de signer  tous  documents  se rapportant  :\n- Al'exercice  du pouvoir  de police  au sein  de tous  les services  de l'\u00e9tablissement\n- Ala  mise  en \u0153uvre  du r\u00e8glement  int\u00e9rieur  de l'\u00e9tablissement\n- Aux  d\u00e9p\u00f4ts  de plainte  aupr\u00e8s  des autorit\u00e9s  de police  et de justice\n- Al'admission,  au s\u00e9jour,  \u00e0 la sortie,  au d\u00e9c\u00e8s  des patients\n- Ala  s\u00e9curit\u00e9  des personnes  et des biens\n- _ Au d\u00e9clenchement  des plans  d'urgence  et de la cellule  de crise\n- _ Aux  moyens  de l'\u00e9tablissement,  notamment  en situation  de crise\n- _ Aux  assignations  des personnels\nLa signature  des d\u00e9cisions  et actes  conservatoires  devra  \u00eatre pr\u00e9c\u00e9d\u00e9e  de la mention  \u00ab Pour  le Directeur  G\u00e9n\u00e9ral\net par d\u00e9l\u00e9gation,  le Directeur  de garde  \u00bb et pr\u00e9ciser  les nom  et pr\u00e9nom  du signataire.\nEtant  pr\u00e9cis\u00e9  que Mme  Lucille  ELOY  informera,  sans  d\u00e9lai,  M. Didier  RENAUT,  Directeur  G\u00e9n\u00e9ral,  en cas de\nsurvenue  d'un  \u00e9venement  exceptionnel  ou de toute  situation  d'urgence  qui le justifie.  Le Directeur  G\u00e9n\u00e9ral  et le\nDirecteur  G\u00e9n\u00e9ral  Adjoint  sont  joignables  en permanence  et peuvent  \u00eatre sollicit\u00e9s  \u00e0 tout moment  au titre des\ngardes  de direction.\n\u00c0 l'issue  de sa garde,  Mme  Lucille  ELOY  r\u00e9digera  un rapport  circonstanci\u00e9  et rendra  compte  \u00e0 M. Didier  RENAUT,\nDirecteur  G\u00e9n\u00e9ral,  des d\u00e9cisions  prises  en son nom.\nArticle  3 - Effet  et publicit\u00e9\nLa pr\u00e9sente  d\u00e9cision  de d\u00e9l\u00e9gation  de signature  g\u00e9n\u00e9rale  est applicable  \u00e0 compter  de sa publication  la rendant\nconsultable.\nElle fera par ailleurs  l'objet  d'une  publication  au recueil  des actes  administratifs  de la Pr\u00e9fecture  de la Somme.\nElle cessera  automatiquement  en cas de changement  d'affectation  ou de d\u00e9part  de I'\u00e9tablissement  du d\u00e9l\u00e9gataire.\nElle sera  port\u00e9e  \u00e0 la connaissance  du Conseil  de surveillance  et transmise  au Comptable  de I'\u00e9tablissement.\nFait  \u00e0 Amiens,  le 2 janvier  2024.\nLe Directeur  G\u00e9n\u00e9ral\nCENTRE\nHOSPITALIER\nLa Directrice  d\u00e9l\u00e9gu\u00e9e\nLucille  ELOY\no\nCentre Hospitalier d'Amiens - 80-2024-01-02-00027 - D\u00e9l\u00e9gation de Signature - Garde Administrative - Madame Lucille ELOY 10\nCentre Hospitalier d'Amiens\n80-2024-01-02-00026\nD\u00e9l\u00e9gation de Signature - Garde Administrative -\nMonsieur Didier SAADA\nCentre Hospitalier d'Amiens - 80-2024-01-02-00026 - D\u00e9l\u00e9gation de Signature - Garde Administrative - Monsieur Didier SAADA 11\n&N  DELEGATION  DE SIGNATURE\nP e \"M:u'ndcksm\nS Nicolas GARDE  ADMINISTRATIVEC\u0152U  &AMIENS 8\nPICARDIE\nD\u00e9cision  n\u00b0 2024-13\nLE DIRECTEUR  GENERAL,\nCHEVALIER  DE LA LEGION  D'HONNEUR,\nVu le Code  de la sant\u00e9  publique,  notamment  pris en ses articles  L. 6143-7  et suivants,  et D. 6143-33  et suivants  :\nVu la Convention  de Direction  commune  sign\u00e9e  le 21 d\u00e9cembre  2021  entre  le CHU  Amiens-Picardie,  le CH de\nDoullens,  le CHI de Montdidier-Roye  et l'EHPAD  de Domart-en-Ponthieu  :\nVu le D\u00e9cret  n\u00b02005-921  du 02 ao\u00fbt  2005  portant  statut  particulier  des grades  et emplois  des personnels  des\ndirections  des \u00e9tablissements  mentionn\u00e9s  \u00e0 l'article  2 (1\u00b0, 2\u00b0, 3\u00b0) de la loi n\u00b086-33  du 09 janvier  1986  modifi\u00e9e\nportant  dispositions  statutaires  relatives  \u00e0 la Fonction  Publique  Hospitali\u00e8re  ;\nVu le D\u00e9cret  du Pr\u00e9sident  de la R\u00e9publique  en date  du 21 ao\u00fbt  2023  nommant  M. Didier  RENAUT  en qualit\u00e9  de\nDirecteur  G\u00e9n\u00e9ral  du CHU  Amiens-Picardie  \u00e0 compter  du 06 septembre  2023  ;\nVu l'Arr\u00eat\u00e9  du Centre  National  de Gestion  en date  du 24 ao\u00fbt  2023  affectant  M. Didier  RENAUT  au sein de la\nDirection  commune  constitu\u00e9e  entre  le CHU  Amiens-Picardie,  le CH de Doullens,  le CHI de Montdidier-Roye  et\nl'EHPAD  de Domart-en-Ponthieu  \u00e0 compter  du 06 septembre  2023  ;\nVu l'Arr\u00eat\u00e9  du Centre  National  de Gestion  en date  du 24 f\u00e9vrier  2022  confirmant  la nouvelle  affectation  de M. Didier\nSAADA,  Directeur  d'h\u00f4pital  (hors  classe),  au CHU  Amiens-Picardie,  au CH de Doullens  et au CHI de Montdidier-\nRoye  ;\nVu la D\u00e9cision  N\u00b0155/23  du 13 octobre  2023  relative  \u00e0 la prise  de fonctions  de M. Didier  SAADA  en qualit\u00e9  de\nDirecteur  D\u00e9l\u00e9gu\u00e9  du CH de Doullens  \u00e0 compter  du 16 octobre  2023,  ainsi  que la Note  de service  n\u00b088/23  du 06\noctobre  2023  sur le m\u00eame  objet  ;\nVu la d\u00e9cision  du Directeur  G\u00e9n\u00e9ral  n\u00b02023-42  relative  \u00e0 l'organisation  des gardes  de direction,\nVu l'organisation  conjointe  des astreintes  administratives  au CH de Doullens  et \u00e0 l'EHPAD  de Domart-en-Ponthieu  :\nVu l'Organigramme  de la Direction  commune  entre  le CHU  Amiens-Picardie,  le CH de Doullens,  le CHI de\nMontdidier-Roye  et l'EHPAD  de Domart-en-Ponthieu  ;\nDECIDE\nArticle  1\u00b0 - Objet\nLa pr\u00e9sente  d\u00e9cision  pr\u00e9cise  les modalit\u00e9s  de d\u00e9l\u00e9gation  de signature  de M. Didier  RENAUT,  Directeur\nG\u00e9n\u00e9ral,  concernant  les astreintes  (\u00ab gardes  \u00bb) de direction.\nElle annule  et remplace  les pr\u00e9c\u00e9dentes  d\u00e9l\u00e9gations  relatives  au m\u00eame  domaine.\nArticle  2 - D\u00e9l\u00e9gataire\nDans  le cadre  des astreintes  administratives,  d\u00e9l\u00e9gation  est donn\u00e9e  \u00e0 M. Didier  SAADA,  Directeur  d\u00e9l\u00e9gu\u00e9  du\nCentre  Hospitalier  de Doullens,  \u00e0 l'effet  de prendre  et signer  toutes  les d\u00e9cisions  et les actes  conservatoires\nQ) V\nCentre Hospitalier d'Amiens - 80-2024-01-02-00026 - D\u00e9l\u00e9gation de Signature - Garde Administrative - Monsieur Didier SAADA 12\nn\u00e9cessaires  \u00e0 la continuit\u00e9  du service  du Centre  Hospitalier  de Doullens  et de l'EHPAD  de Domart-en-Ponthieu,  \u00e0\nla sauvegarde  des personnes  et des biens  ainsi  qu'au  maintien  en fonctionnement  des installations  de\nl'\u00e9tablissement,  et donc  de signer  tous  documents  se rapportant  :\n- Al'exercice  du pouvoir  de police  au sein  de tous  les services  de l'\u00e9tablissement\n- A la mise  en \u0153uvre  du r\u00e8glement  int\u00e9rieur  de I'\u00e9tablissement\n- _ Aux  d\u00e9p\u00f4ts  de plainte  aupr\u00e8s  des autorit\u00e9s  de police  et de justice\n- Al'admission,  au s\u00e9jour,  \u00e0 la sortie,  au d\u00e9c\u00e8s  des patients\n- Ala  s\u00e9curit\u00e9  des personnes  et des biens\n- _ Au d\u00e9clenchement  des plans  d'urgence  et de la cellule  de crise\n- _ Aux  moyens  de l'\u00e9tablissement,  notamment  en situation  de crise\n- Aux  assignations  des  personnels\nLa signature  des d\u00e9cisions  et actes  conservatoires  devra  \u00eatre pr\u00e9c\u00e9d\u00e9e  de la mention  \u00ab Pour  le Directeur  G\u00e9n\u00e9ral\net par d\u00e9l\u00e9gation,  le Directeur  de garde  \u00bb et pr\u00e9ciser  les nom  et pr\u00e9nom  du signataire.\nEtant  pr\u00e9cis\u00e9  que M. Didier  SAADA  informera,  sans  d\u00e9lai,  M. Didier  RENAUT,  Directeur  G\u00e9n\u00e9ral,  en cas de\nsurvenue  d'un  \u00e9v\u00e8nement  exceptionnel  ou de toute  situation  d''urgence  qui le justifie.  Le Directeur  G\u00e9n\u00e9ral  et le\nDirecteur  G\u00e9n\u00e9ral  Adjoint  sont  joignables  en permanence  et peuvent  \u00eatre sollicit\u00e9s  \u00e0 tout moment  au titre des\ngardes  de direction.\n\u00c0 l'issue  de sa garde,  M. Didier  SAADA  r\u00e9digera  un rapport  circonstanci\u00e9  et rendra  compte  \u00e0 M. Didier  RENAUT,\nDirecteur  G\u00e9n\u00e9ral,  des d\u00e9cisions  prises  en son nom.\nArticle  3 - Effet  et publicit\u00e9\nLa pr\u00e9sente  d\u00e9cision  de d\u00e9l\u00e9gation  de signature  g\u00e9n\u00e9rale  est applicable  \u00e0 compter  de sa publication  la rendant\nconsultable.\nElle fera  par a\u00eelleurs  l'objet  d'une  publication  au recueil  des actes  administratifs  de la Pr\u00e9fecture  de la Somme.\nElle cessera  automatiquement  en cas de changement  d'affectation  ou de d\u00e9part  de I'\u00e9tablissement  du d\u00e9l\u00e9gataire.\nElle sera  port\u00e9e  \u00e0 la connaissance  du Conseil  de surveillance  et transmise  au Comptable  de I'\u00e9tablissement.\nFait  \u00e0 Amiens,  le 2 janvier  2024.\nCENTRE\nOSPITALIER\nDidier  RENAUT\nCentre Hospitalier d'Amiens - 80-2024-01-02-00026 - D\u00e9l\u00e9gation de Signature - Garde Administrative - Monsieur Didier SAADA 13\nCentre Hospitalier d'Amiens\n80-2023-09-06-00097\nD\u00e9l\u00e9gation de Signature - GHT \"Somme Littoral\nSud\" - Fonction Achat (Pharmacie) - Docteur\nLouis BERTIN\nCentre Hospitalier d'Amiens - 80-2023-09-06-00097 - D\u00e9l\u00e9gation de Signature - GHT \"Somme Littoral Sud\" - Fonction Achat\n(Pharmacie) - Docteur Louis BERTIN 14\nGROUPEMENT  HOSPITALIER  DE TERRITOIRE\nSOMME  LITTORAL  SUD\n>\ngt\n&\n/\nGH\u00ae Albert\nCHU  &\nAMIENS\nPICARDIE\nCHAM\n@ Centre\n.0_, ,0: Hospitalier\n.  pnXL  Corbie\nCENTRE\nBOSPITALIER\nDEDOULLENS\nHesdinpp\nff acss\n\u00c9tablissement  public\nde sant\u00e9  mentale\nde la SommeDELEGATION  DE SIGNATURE\nGHT  \u00ab Somme  Littoral  Sud  \u00bb\nFonction  Achat  (Pharmacie)\nD\u00e9cision  n\u00b0 2023-166\nLE DIRECTEUR  GENERAL,\nCHEVALIER  DE LA LEGION  D'HONNEUR,\nVu le Code  de la sant\u00e9  publique,  notamment  pris en ses articles  L. 6143-7  et suivants,  et D. 6143-33  et\nsuivants  ;\nVu le Code  de la commande  publique  ;\nVu le Code  de la fonction  publique,  notamment  ses dispositions  relatives  \u00e0 la fonction  publique  hospitali\u00e8re  ;\nVu le D\u00e9cret  n\u00b091-155  du 06 f\u00e9vrier  1991  relatif  aux dispositions  g\u00e9n\u00e9rales  applicables  aux agents  contractuels\nde la fonction  publique  hospitali\u00e8re  ;\nVu le D\u00e9cret  du Pr\u00e9sident  de la R\u00e9publique  en date  du 21 ao\u00fbt  2023  nommant  M. Didier  RENAUT  en qualit\u00e9\nde Directeur  G\u00e9n\u00e9ral  du CHU  Amiens-Picardie  \u00e0 compter  du 06 septembre  2023  ;\nVu l'Arr\u00eat\u00e9  du Centre  National  de Gestion  en date  du 24 ao\u00fbt  2023  affectant  M. Didier  RENAUT  au sein de la\n% Direction  commune  constitu\u00e9e  par le CHU  Amiens-Picardie,  le CH de Doullens,  le CHI de Montdidier-Roye  et\nl'EHPAD  de Domart-en-Ponthieu  \u00e0 compter  du 06 septembre  2023  ;\nVu l'Instruction  interminist\u00e9rielle  n\u00b0 DGOS/GHT/DGFIP/2017/153  du 4 mai 2017  relative  \u00e0 l'organisation  des\nGroupements  Hospitaliers  de Territoire  ;\nVu la Convention  constitutive  du GHT  \u00ab Somme  Littoral  Sud \u00bb du 29 juin 2016  et ses avenants  ;\nVu la Convention  de mise  \u00e0 disposition  en date  du 17 d\u00e9cembre  2020  de M. le Docteur  Louis  BERTIN  en\nqualit\u00e9  de Pharmacien  au Centre  Hospitalier  d'Hesdin  ;\nDECIDE\nArticle  1 - OBJET\nLa pr\u00e9sente  d\u00e9cision  pr\u00e9cise  les modalit\u00e9s  de d\u00e9l\u00e9gation  de signature  de M. Didier  RENAUT,  Directeur\nG\u00e9n\u00e9ral  du CHU  Amiens-Picardie,  \u00e9tablissement  support  du GHT  \u00ab Somme  Littoral  Sud \u00bb, ainsi  que du\nCH de Doullens,  du CHI Montdidier  Roye  et de TEHPAD  de Domart  en Ponthieu.\nElle annule  et remplace  les pr\u00e9c\u00e9dentes  d\u00e9cisions.\nS'agissant  d'une  d\u00e9l\u00e9gation  de signature,  le Directeur  G\u00e9n\u00e9ral  peut  \u00e9voquer  toute  affaire  relevant  des mati\u00e8res\nci-dessous.  Le d\u00e9l\u00e9gataire  peut \u00e9galement  soumettre  au Directeur  G\u00e9n\u00e9ral  ou au Directeur  G\u00e9n\u00e9ral  Adjoint\ntout dossier  relevant  de son domaine  d\u00e9l\u00e9gu\u00e9  qui n\u00e9cessiterait  un examen  sp\u00e9cifique  ou justifierait  d'un  visa\npar ses soins.\nCHU Amiens-Picardie  - D\u00e9l\u00e9gation de signature Fonction Achats pharmaceutiques-  D\u00e9cision n\u00b0 2023-166 (\u00e4\nCentre Hospitalier d'Amiens - 80-2023-09-06-00097 - D\u00e9l\u00e9gation de Signature - GHT \"Somme Littoral Sud\" - Fonction Achat\n(Pharmacie) - Docteur Louis BERTIN 15\nArticle  2 - DELEGATAIRE\nD\u00e9l\u00e9gation  de signature  permanente  est donn\u00e9e  a M. le Docteur  Louis  BERTIN,  Pharmacien  au Centre\nHospitalier  d'Hesdin  \u00e0 l'effet  de signer  au nom de M. Didier  RENAUT,  Directeur  G\u00e9n\u00e9ral  du CHU  Amiens-\nPicardie,  \u00e9tablissement  support  du GHT  \u00ab Somme  Littoral  Sud \u00bb, les actes  suivants  :\n- Les march\u00e9s  de produits  du p\u00e9rim\u00e8tre  pharmaceutique  (m\u00e9dicaments  et dispositifs  m\u00e9dicaux  st\u00e9riles)\nr\u00e9pondant  aux besoins  sp\u00e9cifiques  du Centre  Hospitalier  d'Hesdin  dont le montant  ne d\u00e9passe  pas le seuil\nde 25 000 \u20ac HT par cat\u00e9gorie  homog\u00e8ne  dans  la limite  de 25 000 \u20ac HT pour  le GHT  \u00ab Somme  Littoral\nSud \u00bb avec  prise  en compte  de la computation  des seuils  au niveau  du GHT  \u00ab Somme  Littoral  Sud \u00bb, en\nl'absence  d'un march\u00e9  GHT  \u00ab Somme  Littoral  Sud \u00bb ou d'un acte juridique  couvrant  I'\u00e9tablissement\nconcern\u00e9\nLes march\u00e9s  subs\u00e9quents  de produits  du p\u00e9rim\u00e8tre  pharmaceutique  (m\u00e9dicaments  et dispositifs  m\u00e9dicaux\nst\u00e9riles)  issus  des accords-cadres  conclus  par I'\u00e9tablissement  support  du GHT  \u00ab Somme  Littoral  Sud \u00bb,\ndont  les montants  ne d\u00e9passent  pas 25 000 \u20ac HT pour  r\u00e9pondre  aux besoins  sp\u00e9cifiques  du Centre\nHospitalier  d'Hesdin\n- Les march\u00e9s  publics  de produits  du p\u00e9rim\u00e9tre  pharmaceutique  (m\u00e9dicaments  et dispositifs  m\u00e9dicaux\nst\u00e9riles)  n\u00e9goci\u00e9s  sans  publicit\u00e9  ni mise  en concurrence  pr\u00e9alable  r\u00e9pondant  aux besoins  sp\u00e9cifiques  du\nCentre  Hospitalier  d'Hesdin  lorsqu'une  urgence  imp\u00e9rieuse  r\u00e9sultant  de circonstances  impr\u00e9visibles  et\next\u00e9rieures  ne permet  pas de respecter  les d\u00e9lais  minimaux  exig\u00e9s  par les proc\u00e9dures  formalis\u00e9es  (Article\nR2122-1  du Code  de la commande  publique)\n- Les march\u00e9s  publics  de produits  du p\u00e9rim\u00e8tre  pharmaceutique  (m\u00e9dicaments  et dispositifs  m\u00e9dicaux\nst\u00e9riles),  de services  d'achat  centralis\u00e9s  \u00e0 conclure  aupr\u00e8s  d'une  centrale  d'achat  agissant  en tant que\ngrossiste  au sens  de l'article  L. 441-1-2  du Code  de la commande  publique  et r\u00e9pondant  sp\u00e9cifiquement\naux besoins  du Centre  Hospitalier  d'Hesdin  conform\u00e9ment  \u00e0 la strat\u00e9gie  d\u00e9finie  par la fonction  achat\nmutualis\u00e9e\nLa signature  du d\u00e9l\u00e9gataire  devra  \u00eatre pr\u00e9c\u00e9d\u00e9e  de la mention  \u00ab Pour  le Directeur  G\u00e9n\u00e9ral  du CHU  Amiens-\nPicardie,  \u00e9tablissement  support  du \u00ab GHT  Somme  Littoral  Sud \u00bb, et par d\u00e9l\u00e9gation,  l'\u00e9tablissement  partie,  le\nCentre  Hospitalier  d'Hesdin  \u00bb et pr\u00e9ciser  les fonctions,  nom et pr\u00e9nom  du signataire.\nArticle  3 - EFFET  ET PUBLICITE\nLa pr\u00e9sente  d\u00e9cision  de d\u00e9l\u00e9gation  de signature  g\u00e9n\u00e9rale  est applicable  \u00e0 compter  de sa publication  la rendant\nconsultable.\nElle fera par ailleurs  l'objet  d'une  publication  au recueil  des actes  administratifs  de la Pr\u00e9fecture  de fa Somme.\nElle cessera  automatiquement  en cas de changement  d'affectation  ou de d\u00e9part  de l'\u00e9tablissement  du\nd\u00e9l\u00e9gataire.\nElle sera  port\u00e9e  \u00e0 la connaissance  du Conseil  de surveillance.\nFait \u00e0 Amiens,  le 06 septembre  2023.\nLe Directeur  G\u00e9n\u00e9ral  du CHU  Amiens-Picardie,\n\u00e9tablissement  support  du GHT  Somme  Littoral  Sud\nA\\ \u00ab\nDidier  RENAUT\nLe Pharmacien  du Centre  Hospitalier  d'Hesdin\nDr Louis  BERTIN\nCHU  Amiens-Picardie  - D\u00e9l\u00e9gation  de signature  Fonction  Achats  pharmaceutiques-  D\u00e9cision  n\u00b0 2023-166\nCentre Hospitalier d'Amiens - 80-2023-09-06-00097 - D\u00e9l\u00e9gation de Signature - GHT \"Somme Littoral Sud\" - Fonction Achat\n(Pharmacie) - Docteur Louis BERTIN 16\nDirection d\u00e9partementale des finances\npubliques de la Somme\n80-2024-02-05-00009\nD\u00e9l\u00e9gation de signature du p\u00f4le de\nrecouvrement sp\u00e9cialis\u00e9 de la Somme\nDirection d\u00e9partementale des finances publiques de la Somme - 80-2024-02-05-00009 - D\u00e9l\u00e9gation de signature du p\u00f4le de\nrecouvrement sp\u00e9cialis\u00e9 de la Somme 17\nREPUBLIQUE\nFRANCAISE\nLibert\u00e9\nEgalit\u00e9\nFraternit\u00e9T\nFINANCES  PUBLIQUES\nDirection g\u00e9n\u00e9rale des Finances publiques\nCentre des Finances publiques d'Amiens\nP\u00f4le de Recouvrement Sp\u00e9cialis\u00e9 de la Somme\n1-3 rue Pierre Rollin\n80023 Amiens Cedex 3\nT\u00e9l\u00e9phone : 03 22 46 83 14\nM\u00e9l. : prs.somme@dgfip.finances.gouv.fr\nD\u00c9L\u00c9GATION DE SIGNATURE\nLe comptable, responsable du P\u00f4le de Recouvrement S p\u00e9cialis\u00e9 de la Somme ;\nVu le code g\u00e9n\u00e9ral des imp\u00f4ts, et notamment l'artic le 408 de son annexe II et les articles 212 \u00e0 217 d e son annexe\nIV ;\nVu le livre des proc\u00e9dures fiscales, et notamment l es articles L. 247, L. 257 A et R* 247-4 et suivant s ;\nVu le d\u00e9cret n\u00b0 2008-309 du 3 avril 2008 portant di verses dispositions relatives \u00e0 la direction g\u00e9n\u00e9ra le des finances\npubliques ;\nVu le d\u00e9cret n\u00b0 2009-707 du 16 juin 2009 relatif au x services d\u00e9concentr\u00e9s de la direction g\u00e9n\u00e9rale de s finances\npubliques ;\nVu le d\u00e9cret n\u00b0 2012-1246 du 7 novembre 2012 relati f \u00e0 la gestion budg\u00e9taire et comptable publique, et  notamment\nson article 16 ;\nArr\u00eate :\nArticle 1er\nD\u00e9l\u00e9gation de signature est donn\u00e9e \u00e0 Madame BODET L ucile et Madame DEVISMES Anne-Sophie, Inspectrices des\nfinances publiques, adjointes au responsable du P\u00f4l e de Recouvrement Sp\u00e9cialis\u00e9 de la Somme, \u00e0 l'effet  de signer :\n1\u00b0) en mati\u00e8re de gracieux fiscal, les d\u00e9cisions por tant remise, mod\u00e9ration, transaction ou rejet, dans  la limite de\n30 000 \u20ac ;\n2\u00b0) les documents n\u00e9cessaires \u00e0 l'ex\u00e9cution comptabl e des d\u00e9cisions contentieuses et gracieuses sans li mitation\nde montant ; \n3\u00b0) les avis de mise en recouvrement ;\n4\u00b0) au nom et sous la responsabilit\u00e9 du comptable so ussign\u00e9,\na) les d\u00e9cisions relatives aux demandes de d\u00e9lai de paiement, sans limitation de montant, le d\u00e9lai acco rd\u00e9 ne\npouvant exc\u00e9der 24 mois ;\nb) l'ensemble des actes relatifs au recouvrement, et  notamment les mises en demeure de payer, les actes  de\npoursuites et les d\u00e9clarations de cr\u00e9ances ainsi qu e pour ester en justice ;\nc) tous actes d'administration et de gestion du serv ice.\nArticle 2\nD\u00e9l\u00e9gation de signature est donn\u00e9e \u00e0 l'effet de sig ner :\n1\u00b0) en mati\u00e8re de gracieux fiscal, les d\u00e9cisions por tant remise, mod\u00e9ration ou rejet, et en mati\u00e8re de d\u00e9cisions\ncontentieuses et gracieuses, les documents n\u00e9cessai res \u00e0 leur ex\u00e9cution comptable, dans les limites pr \u00e9cis\u00e9es\ndans le tableau ci-dessous ;\n2\u00b0) les d\u00e9cisions relatives aux demandes de d\u00e9lai de  paiement, dans les limites de dur\u00e9e et de montant indiqu\u00e9es\ndans le tableau ci-apr\u00e8s ;\nDirection d\u00e9partementale des finances publiques de la Somme - 80-2024-02-05-00009 - D\u00e9l\u00e9gation de signature du p\u00f4le de\nrecouvrement sp\u00e9cialis\u00e9 de la Somme 18\n|\n3\u00b0) les avis de mise en recouvrement ;\n4\u00b0) l'ensemble des actes relatifs au recouvrement, et notamment les mises en demeure de payer, les actes de\npoursuites et les d\u00e9clarations de cr\u00e9ances ;\naux agents d\u00e9sign\u00e9s ci-apr\u00e8s :\nNom et pr\u00e9nom\ndes agentsGradeLimite des\nd\u00e9cisions\ncontentieuses\n(ex\u00e9cution\ncomptable)Limite des\nd\u00e9cisions\ngracieusesDur\u00e9e maximale\ndes d\u00e9lais de\npaiementSomme maximale pour\nlaquelle un d\u00e9lai de\npaiement peut \u00eatre accord\u00e9\nDUQUENHEM\nCorinneContr\u00f4leur\nprincipal10 000 \u20ac 10 000 \u20ac 12 mois 50 000 \u20ac\nGALLAIS LaurenceContr\u00f4leur\nprincipal10 000 \u20ac 10 000 \u20ac 12 mois 50 000 \u20ac\nMARTIN OdileContr\u00f4leur\nprincipal10 000 \u20ac 10 000 \u20ac 12 mois 50 000 \u20ac\nRYBA YannContr\u00f4leur\nprincipal10 000 \u20ac 10 000 \u20ac 12 mois 50 000 \u20ac\nBOTELHO Julien Contr\u00f4leur 10 000 \u20ac 10 000 \u20ac 12 mois 50 000 \u20ac\nBRESOUS Micka\u00ebl Contr\u00f4leur 10 000 \u20ac 10 000 \u20ac 12 mois 50 000 \u20ac\nCHASSAGNE \u00c9lodie Contr\u00f4leur 10 000 \u20ac 10 000 \u20ac 12 mois 50 000 \u20ac\nGABET Pierrick Contr\u00f4leur 10 000 \u20ac 10 000 \u20ac 12 mois 50 000 \u20ac\nKOWALSKI Aur\u00e9lie Contr\u00f4leur 10 000 \u20ac 10 000 \u20ac 12 mois 50 000 \u20ac\nMATTE Lucie Contr\u00f4leur 10 000 \u20ac 10 000 \u20ac 12 mois 50 000 \u20ac\nFALEMPIN MarionAgent\nadministrati\nf principal5 000 \u20ac 5 000 \u20ac 6 mois 25 000 \u20ac\nArticle 3\nLe pr\u00e9sent arr\u00eat\u00e9 sera publi\u00e9 au recueil des actes administratifs du d\u00e9partement de la Somme.\nFait \u00e0 Amiens, le 5 f\u00e9vrier 2024\nLe comptable, \nresponsable du P\u00f4le de Recouvrement Sp\u00e9cialis\u00e9 de la Somme,\nSerge Arzoumanov\nInspecteur principal des finances publiques\nDirection d\u00e9partementale des finances publiques de la Somme - 80-2024-02-05-00009 - D\u00e9l\u00e9gation de signature du p\u00f4le de\nrecouvrement sp\u00e9cialis\u00e9 de la Somme 19\nDirection D\u00e9partementale des Territoires et de\nla Mer\n80-2024-01-23-00007\nArr\u00eat\u00e9 PN-2024 -001 portant classement en 1\u00e8re\ncat\u00e9gorie du passage \u00e0 niveau n\u00b0STV-CAY2 de la\nligne Saint-Valery-sur-Somme \u00e0 Cayeux-sur-mer\navec s\u00e9curisation par une signalisation lumineuse\n\u00e0 franchissement conditionnel.\nDirection D\u00e9partementale des Territoires et de la Mer - 80-2024-01-23-00007 - Arr\u00eat\u00e9 PN-2024 -001 portant classement en 1\u00e8re\ncat\u00e9gorie du passage \u00e0 niveau n\u00b0STV-CAY2 de la ligne Saint-Valery-sur-Somme \u00e0 Cayeux-sur-mer avec s\u00e9curisation par une\nsignalisation lumineuse \u00e0 franchissement conditionnel.20\nEZ  =PR\u00c9FET  Direction  d\u00e9partementale  EZ\u00cb\u00ceA%'?%C\u00cb\nI\u00c2E :'A SOMME  _ des territoires  et de la mer  VER\noW de la Somme  VERTE>\nARR\u00caT\u00c9  PN 2024-001\nPortant  classement  en 1\u00b0\u00a2 cat\u00e9gorie  du passage  \u00e0 niveau  n\u00b0 STV-CAY2  de la\nligne  Saint-Valery-sur-Somme  \u00e0 Cayeux-sur-Mer  avec  s\u00e9curisation  par une\nsignalisation  lumineuse  \u00e0 franchissement  conditionnel.\nLE PR\u00c9FET  DE LA SOMME\nCHEVALIER  DE LA L\u00c9GION  D'HONNEUR\nVu le code  des  transports  ;\nVu le code  des  relations  entre  le public  et l'administration  ;\nVu le d\u00e9cret  n\u00b02004-374  du 29 avril  2004  modifi\u00e9  relatif  aux pouvoirs  des pr\u00e9fets,  \u00e0 l'organisation  et \u00e0\nI'action  des  services  de l'\u00c9tat  dans  les r\u00e9gions  et les d\u00e9partements  ;\nVu le d\u00e9cret  n\u00b0 2017-440  du 30 mars  2017  modifi\u00e9  relatif  \u00e0 la s\u00e9curit\u00e9  des transports  publics  guid\u00e9s  ;\nVu le d\u00e9cret  du 13 juillet  2023  portant  nomination  du pr\u00e9fet  de la Somme,  M. Rollon  MOUCHEL\nBLAISOT  ;\nVu le d\u00e9cret  du 3 janvier  2024  portant  nomination  de M. Victor  JOZON,  sous-pr\u00e9fet,  directeur  de\ncabinet  du pr\u00e9fet  de la Somme  ;\nVu l'arr\u00eat\u00e9  du 18 mars  1991  relatif  au classement,  \u00e0 la r\u00e9glementation  et \u00e0 l'\u00e9quipement  des passages  \u00e0\nniveau  dans  sa version  consolid\u00e9e  du 19 avril  2017  ;\nVu l'arr\u00eat\u00e9  pr\u00e9fectoral  du 20 janvier  2003  classant  en 2\u00b0 cat\u00e9gorie  9 passages  \u00e0 niveau  non  munis  de\nbarri\u00e8res,  dont  le passage  \u00e0 niveau  STV-CAY2  de la ligne  Saint-Valery-sur-Somme  \u00e0 Cayeux-sur-Mer;\nVu l'arr\u00eat\u00e9  pr\u00e9fectoral  du 15 janvier  2024  portant  d\u00e9l\u00e9gation  de signature  \u00e0 M. Victor  JOZON,  sous-\npr\u00e9fet,  directeur  de cabinet  du pr\u00e9fet  de la Somme  ;\nVu le guide  technique  relatif  \u00e0 la s\u00fbret\u00e9  de fonctionnement  des  passages  \u00e0 niveau  \u00e0 signalisation\nautomatique  lumineuse  des chemins  de fer touristiques  (Version  1.0 du 6 juillet  2015)  \u00e9tabli  par le\nservice  technique  des  remont\u00e9es  m\u00e9caniques  et des  transports  guid\u00e9s  (STRMTG)  ;\nVu l'instruction  minist\u00e9rielle  du 23 septembre  1981  relative  \u00e0 la r\u00e9partition  des charges  financi\u00e8res  des\ndispositifs  de signalisation  routi\u00e8re  ;\nVu la demande  du pr\u00e9sident  du Chemin  de fer de la Baie  de Somme  du 13 novembre  2023,  sollicitant  la\nmodification  de classement  du passage  \u00e0 niveau  n\u00b0STV-CAY2  utilis\u00e9  par le chemin  de fer de la baie  de\nSomme  ;\nVu le dossier  technique  de classement  du passage  \u00e0 niveau  STV-CAY  2 de la ligne  Saint-Val\u00e9ry-sur-\nSomme  \u00e0 Cayeux-sur-Mer  joint  \u00e0 la demande  sus-mentionn\u00e9e  ;\nVu la fiche  individuelle  du passage  \u00e0 niveau  STV-CAY  2 de la ligne  Saint-Val\u00e9ry-sur-Somme  \u00e0 Cayeux-\nsur-Mer  transmise  avec  la demande  sus-mentionn\u00e9e  ;\nDirection D\u00e9partementale des Territoires et de la Mer - 80-2024-01-23-00007 - Arr\u00eat\u00e9 PN-2024 -001 portant classement en 1\u00e8re\ncat\u00e9gorie du passage \u00e0 niveau n\u00b0STV-CAY2 de la ligne Saint-Valery-sur-Somme \u00e0 Cayeux-sur-mer avec s\u00e9curisation par une\nsignalisation lumineuse \u00e0 franchissement conditionnel.21\nVu lavis  du Commandant  du groupement  de gendarmerie  d\u00e9partementale  de la Somme  du\n16 novembre  2023  ;\nVu l'avis  du Bureau  Nord-Ouest  du service  technique  des  remont\u00e9es  m\u00e9caniques  et des  transports\nguid\u00e9s  (STRMTG)  du 4 d\u00e9cembre  2023  ;\nVu l'avis  de la communaut\u00e9  d'agglom\u00e9ration  de la Baie  de Somme  du 21 d\u00e9cembre  2023  ;\nSur  proposition  de la directrice  d\u00e9partementale  des  territoires  et de la mer  de la Somme  :\nARR\u00caTE\nArticle  1\u00b0\u00b0 -\nLe passage  \u00e0 niveau  n\u00b0STV-CAY2  de la voie  ferr\u00e9e  allant  de Saint-Valery-sur-Somme  \u00e0 Cayeux-sur-Mer,\nimplant\u00e9  rue de Riveauville  \u00e0 Saint-Valery-sur-Somme,  est class\u00e9  en T\u00e8re  cat\u00e9gorie  avec  signalisation\nautomatique  lumineuse  et sonore  compl\u00e9t\u00e9e  par  deux  derni-barri\u00e8res  \u00e0 fonctionnement  automatique\n(SAL2)  conform\u00e9ment  aux  indications  port\u00e9es  sur la fiche  individuelle  annex\u00e9e  au pr\u00e9sent  arr\u00eat\u00e9.\nArticle  2 -\nL'\u00e9quipement  du passage  \u00e0 niveau  devra  \u00eatre  conforme  \u00e0 celui  d\u00e9crit  dans  la fiche  individuelle  annex\u00e9e\nainsi  qu'\u00e0  l'instruction  interminist\u00e9rielle  sur la signalisation  routi\u00e8re  (IISR).\nL'\u00e9quipement  et le fonctionnement  du passage  \u00e0 niveau  STV-CAY2  devront  \u00eatre  conformes  au guide\ntechnique  relatif  \u00e0 la sOret\u00e9  de fonctionnement  des  passages  \u00e0 niveau  \u00e0 signalisation  automatique\nlumineuse  des  chemins  de fer touristiques  susvis\u00e9.\nL'entretien  de la signalisation  avanc\u00e9e  est \u00e0 la charge  de la communaut\u00e9  d'agglom\u00e9ration  de la Baie  de\nSomme,  gestionnaire  de la voie  routi\u00e8re.\nL'entretien  de la signalisation  de position  et de la signalisation  ferroviaire  est \u00e0 la charge  de l'association\n\u00ab Chemin  de fer de la Baie  de Somme  \u00bb.\nL'exploitant  devra  mettre  en place  des  panneaux  routiers  bien  expos\u00e9s  \u00e0 la vue  des  usagers  de la route\nde part  et d'autre  de la voie  ferr\u00e9e  pour  signaler  l'automatisation  du passage  \u00e0 niveau  au moins  15 jours\navant  la mise  en service.\nArticle  3 -\nL'arr\u00eat\u00e9  pr\u00e9fectoral  du 20 janvier  2003  susvis\u00e9  sera  abrog\u00e9  en ce qui concerne  le passage  \u00e0 niveau\nSTV-CAYZ,  \u00e0 compter  de la date  de mise  en service  des  nouveaux  \u00e9quipements  du passage  \u00e0 niveau\nSTV-CAY  2 class\u00e9  en 1\"\"\u00b0 cat\u00e9gorie.\nArticle  4 -\nLe directeur  de cabinet  du pr\u00e9fet  de la Somme,  la directrice  d\u00e9partementale  des  territoires  et de la\nmer  de la Somme,  le commandant  du groupement  de gendarmerie  d\u00e9partementale  de la Somme,  le\npr\u00e9sident  de la communaut\u00e9  d'agglom\u00e9ration  de la Baie  de Somme  et le pr\u00e9sident  de l'association\nChemin  de Fer de la Baie  de Somme,  sont  charg\u00e9s,  chacun  en ce qui le concerne,  de l'ex\u00e9cution  du\npr\u00e9sent  arr\u00eat\u00e9  qui sera  publi\u00e9  au recueil  des  actes  administratifs  de la pr\u00e9fecture  de la Somme.\nAmiens,  !e2  3 JAN.  2024\nPour  le pr\u00e9fet  et par  d\u00e9l\u00e9gation,\nLe sous-pr\u00e9fet,  directeur  de cabinet,\nVictor  JOZON\nDirection D\u00e9partementale des Territoires et de la Mer - 80-2024-01-23-00007 - Arr\u00eat\u00e9 PN-2024 -001 portant classement en 1\u00e8re\ncat\u00e9gorie du passage \u00e0 niveau n\u00b0STV-CAY2 de la ligne Saint-Valery-sur-Somme \u00e0 Cayeux-sur-mer avec s\u00e9curisation par une\nsignalisation lumineuse \u00e0 franchissement conditionnel.22\nFICHE  INDIVIDUELLE  DU PASSAGE  A NIVEAU  N\u00b0STV-CAY2\nANNEXEE  A L'ARR\u00caT\u00c9  PR\u00c9FECTORAL  N\u00b0 PN 2024-001\nAbroge  I'arr\u00e9t\u00e9  pr\u00e9fectoral  du 20 janvier  2003  en ce qui concerne  ce passage  \u00e0 niveau.\nLigne  de : Saint-Val\u00e9ry-sur-Somme\n\u00e0 : Cayeux-sur-Mer\nD\u00e9partement  : Somme  (80)\nCommune  : SAINT-VAL\u00c9RY-SUR-SOMME\nPoint  kilom\u00e9trique  ferroviaire  : 1+406\nD\u00e9signation  de la voie  routi\u00e8re  : rue de Ribeauville\nCat\u00e9gorie  du PN : 1\u00e8re  cat\u00e9gorie\nDispositions  particuli\u00e8res  :\nEst muni  d'une  signalisation  automatique  lumineuse  et sonore  compl\u00e9t\u00e9e  par deux  demi-\nbarri\u00e8res  \u00e0 fonctionnement  automatique,  annon\u00e7ant  aux usagers  de la route  l'approche\ndes  trains.\nUne pancarte  indiquant  un num\u00e9ro  d'alerte  en cas d'urgence  \u00e0 la disposition  des usagers\nde la route  leur permet  d'aviser  les agents  habilit\u00e9s  par l'exploitant  ferroviaire  en cas\nd'incident  ou de d\u00e9rangement  des installations  du passage  \u00e0 niveau.\nAmiens,  le 23 JAN  202'!\nPour  le pr\u00e9fet  et par d\u00e9l\u00e9gation,\nLe sous-pr\u00e9fet,  directeur  de cabinet,\nVictor  JOZON\nDirection D\u00e9partementale des Territoires et de la Mer - 80-2024-01-23-00007 - Arr\u00eat\u00e9 PN-2024 -001 portant classement en 1\u00e8re\ncat\u00e9gorie du passage \u00e0 niveau n\u00b0STV-CAY2 de la ligne Saint-Valery-sur-Somme \u00e0 Cayeux-sur-mer avec s\u00e9curisation par une\nsignalisation lumineuse \u00e0 franchissement conditionnel.23\nPr\u00e9fecture de la zone de d\u00e9fense et de s\u00e9curit\u00e9\ndu Nord\n80-2024-02-09-00002\narr\u00eat\u00e9 portant d\u00e9l\u00e9gation de signature au g\u00e9n\u00e9ral\nde corps d'arm\u00e9es Olivier Courtet, commandant\nla r\u00e9gion de gendarmerie Hauts de France et la\ngendarmerie pour la zone de d\u00e9fense et de\ns\u00e9curit\u00e9 Nord\nPr\u00e9fecture de la zone de d\u00e9fense et de s\u00e9curit\u00e9 du Nord - 80-2024-02-09-00002 - arr\u00eat\u00e9 portant d\u00e9l\u00e9gation de signature au g\u00e9n\u00e9ral de\ncorps d'arm\u00e9es Olivier Courtet, commandant la r\u00e9gion de gendarmerie Hauts de France et la gendarmerie pour la zone de d\u00e9fense et\nde s\u00e9curit\u00e9 Nord24\n\u0152  ' Pr\u00e9fet  de la zone  de d\u00e9fense\nPR\u00c9FET  et de s\u00e9curit\u00e9  Nord\nDU  NORD\nLibert\u00e9\n\u00c9galit\u00e9\nFraternit\u00e9\nSecr\u00e9tariat  g\u00e9n\u00e9ral\nde la pr\u00e9fecture  du Nord\nDirection  de la coordination\ndes  politiques  interminist\u00e9rielles\nBureau  des  coordinations  interminist\u00e9rielle\nArr\u00eat\u00e9  pr\u00e9fectoral  portant  d\u00e9l\u00e9gation  de signature\nau g\u00e9n\u00e9ral  de corps  d'arm\u00e9e  Olivier  COURTET,\ncommandant  la r\u00e9gion  de gendarmerie  Hauts-de-France\net la gendarmerie  pour  la zone  de d\u00e9fense  et de s\u00e9curit\u00e9  Nord\nLe pr\u00e9fet  de la zone  de d\u00e9fense  et de s\u00e9curit\u00e9  Nord,\npr\u00e9fet  de la r\u00e9gion  Hauts-de-France,\npr\u00e9fet  du Nord,\nchevalier  de la L\u00e9gion  d'honneur,\nchevalier  de l'ordre  national  du M\u00e9rite\nVu le code  de la d\u00e9fense,  notamment  l'article  R. 122-32  \u00e0 R. 122-35  ;\nVu le d\u00e9cret  n\u00b0 2004-374  du 29 avril  2004  modifi\u00e9  relatif  aux  pouvoirs  des  pr\u00e9fets,  \u00e0 l'organisation  et \u00e0\nl'action  des  services  de l'Etat  dans  les r\u00e9gions  et d\u00e9partements  ;\nVu le d\u00e9cret  n\u00b0 2010-224  du 4 mars  2010  relatif  aux  pouvoirs  des  pr\u00e9fets  de zone  de d\u00e9fense  et de\ns\u00e9curit\u00e9  ;\nVu le d\u00e9cret  n\u00b0 2012-1246  modifi\u00e9  du 7 novembre  2012  relatif  \u00e0 la gestion  budg\u00e9taire  et comptable\npublique  ;\nVu le d\u00e9cret  n\u00b0 2014-296  modifi\u00e9  du 6 mars  2014  relatif  aux  secr\u00e9tariats  g\u00e9n\u00e9raux  pour  l'administration\ndu minist\u00e8re  de l'int\u00e9rieur  et modifiant  diverses  dispositions  du code  de la d\u00e9fense  et du code  de la\ns\u00e9curit\u00e9  int\u00e9rieure  ;\nVu le d\u00e9cret  n\u00b0 2015-1625  du 10 d\u00e9cembre  2015  modifi\u00e9  relatif  \u00e0 la composition  des  zones  de d\u00e9fense  et\n\" de s\u00e9curit\u00e9,  des  r\u00e9gions  de gendarmerie  et des  groupements  de gendarmerie  d\u00e9partementale  ;\nVu le d\u00e9cret  n\u00b0 2016-1265  du 28 septembre  2016  portant  fixation  du nom  et du chef-lieu  de la r\u00e9gion\nHauts-de-France  ;\nVu le d\u00e9cret  du 7 juillet  2021 nommant  monsieur  Olivier  COURTET,  g\u00e9n\u00e9ral  de corps  d'arm\u00e9e,\ncommandant  de la r\u00e9gion  de gendarmerie  Hauts-de-France,  commandant  la gendarmerie  pour  la zone\nde d\u00e9fense  et de s\u00e9curit\u00e9  Nord  ;\nVu le d\u00e9cret  du 15 f\u00e9vrier  2022  nommant  monsieur  Louis-Xavier  THIRODE,  pr\u00e9fet  d\u00e9l\u00e9gu\u00e9  pour  la\nd\u00e9fense  et la s\u00e9curit\u00e9  aupr\u00e8s  du pr\u00e9fet  de la r\u00e9gion  Hauts-de-France,  pr\u00e9fet  de la zone  de d\u00e9fense  et de\ns\u00e9curit\u00e9  Nord,  pr\u00e9fet  du Nord  ;\nPr\u00e9fecture de la zone de d\u00e9fense et de s\u00e9curit\u00e9 du Nord - 80-2024-02-09-00002 - arr\u00eat\u00e9 portant d\u00e9l\u00e9gation de signature au g\u00e9n\u00e9ral de\ncorps d'arm\u00e9es Olivier Courtet, commandant la r\u00e9gion de gendarmerie Hauts de France et la gendarmerie pour la zone de d\u00e9fense et\nde s\u00e9curit\u00e9 Nord25\nVu le d\u00e9cret  du 16 mai  2022  nommant  madame  Fabienne  DECOTTIGNIES,  secr\u00e9taire  g\u00e9n\u00e9rale  de la\npr\u00e9fecture  du Nord  ;\nVu le d\u00e9cret  .du 16 janvier  2023  nommant  monsieur  Christophe  BORGUS,  sous-pr\u00e9fet,  directeur  de\ncabinet  du pr\u00e9fet  de la r\u00e9gion  Hauts-de-France,  pr\u00e9fet  de la zone  de d\u00e9fense  et de s\u00e9curit\u00e9  Nord,  pr\u00e9fet\ndu Nord  ; '\nVu le d\u00e9cret  du 23 janvier  2023  nommant  le g\u00e9n\u00e9ral  de division  Ronan  DE LORGERIL,  commandant  en\nsecond  de la r\u00e9gion  de gendarmerie  des  Hauts-de-France,  commandant  en second  de la gendarmerie\npour  la zone  de d\u00e9fense  et de s\u00e9curit\u00e9  Nord  ;\nVu le d\u00e9cret  du 17 janvier  2024  nommant  monsieur  Bertrand  GAUME,  pr\u00e9fet  de la r\u00e9gion  Hauts-de-\nFrance,  pr\u00e9fet  de la zone  de d\u00e9fense  et de s\u00e9curit\u00e9  Nord,  pr\u00e9fet  du Nord  ;\nVu l'arr\u00e9t\u00e9  du 21 d\u00e9cembre  2015  modifi\u00e9  relatif  \u00e0 l'organisation  et aux  attributions  des  \u00e9chelons  de\ncommandement  de la gendarmerie  nationale  en m\u00e9tropole  ;\nVu l'arr\u00eat\u00e9  du 6 mars  2014  portant  organisation  des secr\u00e9tariats  g\u00e9n\u00e9raux  .pour  l'administration  du\nminist\u00e8re  de l'int\u00e9rieur  ;\nVu l'arr\u00eat\u00e9  du 25 juillet  2014  portant  organisation  du secr\u00e9tariat  g\u00e9n\u00e9ral  pour  l'administration  du\nminist\u00e8re  de l'int\u00e9rieur  pour  la zone  de d\u00e9fense  et de s\u00e9curit\u00e9  Nord  ;\nVu la d\u00e9cision  INTJ1405938S  du directeur  g\u00e9n\u00e9ral  de la gendarmerie  nationale  portant  d\u00e9signation  des\nresponsables  du budget  op\u00e9rationnel  de programme  et d'unit\u00e9  op\u00e9rationnelle  pour  le programme\n152  \u00ab gendarmerie  nationale  \u00bb du 9 mai  2014  ;\nVu la charte  de gestion  du programme  152  \u00ab gendarmerie  nationale  \u00bb du 30 juillet  2014  ;\nSur  proposition  du pr\u00e9fet  d\u00e9l\u00e9gu\u00e9  pour  la d\u00e9fense  et la s\u00e9curit\u00e9  et de la secr\u00e9taire  g\u00e9n\u00e9rale  de la\npr\u00e9fecture  du Nord  ;\nARR\u00caTE\nArticle  1 - D\u00e9l\u00e9gation  de signature  est donn\u00e9e  au g\u00e9n\u00e9ral  de corps  d'arm\u00e9e  Olivier  COURTET,\ncommandant  la r\u00e9gion  de gendarmerie  Hauts-de-France  et la gendarmerie  pour  la zone  de d\u00e9fense  et\nde s\u00e9curit\u00e9  Nord,  pour  assurer  les missions  de responsable  de budget  op\u00e9rationnel  de programme\n(RBOP)  du programme  152  \u00ab gendarmerie  nationale  \u00bb, selon  les modalit\u00e9s  d\u00e9finies  aux  articles  suivants.\nArticle  2 - La d\u00e9l\u00e9gation  de RBOP  s'exerce  dans  le cadre  des  \u00e9l\u00e9ments  de cadrage  op\u00e9rationnel  et\nfinancier  fournis  par  le responsable  de programme  au pr\u00e9fet  de zone  de d\u00e9fense  et s\u00e9curit\u00e9,  en qualit\u00e9\nde RBOP.\nElle  porte  en fonction  du p\u00e9rim\u00e8tre  des  BOP  d\u00e9fini  par  le RPROG,  sur les dotations  du budget\nop\u00e9rationnel  de programme  relatives  au fonctionnement  courant  des unit\u00e9s  et formations  implant\u00e9es\nsur la zone  de d\u00e9fense,  aux  cr\u00e9dits  loyers  de ces  m\u00eames  unit\u00e9s  et aux  cr\u00e9dits  d\u00e9concentr\u00e9s\nd'investissement.\nArticle  3 - En mati\u00e8re  de dialogue  de gestion,  le g\u00e9n\u00e9ral  de corps  d'arm\u00e9e,  commandant  la r\u00e9gion  de\ngendarmerie  Hauts-de-France  et la gendarmerie  pour  la zone  de d\u00e9fense  et de s\u00e9curit\u00e9  Nord,  conduit  le\ndialogue  de gestion  avec  les responsables  d'unit\u00e9s  op\u00e9rationnelles  (RUO).  Il \u00e9tablit  et propose  au RBOP\nles \u00e9l\u00e9ments  n\u00e9cessaires  au dialogue  de gestion  avec  le RPROG.\nDans  ce cadre,  en concertation  avec  les RUO,  il propose  au RBOP  les objectifs  du BOP  et les\nvaleurs-cibles  de chaque  indicateur  et consolide  les r\u00e9sultats  de performance  des  UO  qui  alimentent  le\nvolet  performance  du BOP.\nArticle  4 - Le g\u00e9n\u00e9ral  de corps  d'arm\u00e9e  Olivier  COURTET,  commandant  la r\u00e9gion  de gendarmerie\nHauts-de-France  et la gendarmerie  pour  la zone  de d\u00e9fense  et de s\u00e9curit\u00e9  Nord,  exprime  ses besoins  et\nPr\u00e9fecture de la zone de d\u00e9fense et de s\u00e9curit\u00e9 du Nord - 80-2024-02-09-00002 - arr\u00eat\u00e9 portant d\u00e9l\u00e9gation de signature au g\u00e9n\u00e9ral de\ncorps d'arm\u00e9es Olivier Courtet, commandant la r\u00e9gion de gendarmerie Hauts de France et la gendarmerie pour la zone de d\u00e9fense et\nde s\u00e9curit\u00e9 Nord26\nses priorit\u00e9s  lors  de la construction  budg\u00e9taire  ; celle-ci  est valid\u00e9e  par le pr\u00e9fet  de la zone  de d\u00e9fense\net de s\u00e9curit\u00e9  Nord  apr\u00e8s  avis  de la conf\u00e9rence  de s\u00e9curit\u00e9  int\u00e9rieure,  pour  transmission  au RPROG.\nSur  la base  de cette  programmation,  il r\u00e9partit  les dotations  budg\u00e9taires  entre  les UO  qui  composent  le\nBOP.  Il pr\u00e9sente  au RBOP  les mouvements  internes  de cr\u00e9dits  qu''il  estime  n\u00e9cessaires  en cours  de\ngestion,  et le cas  \u00e9ch\u00e9ant,  les mesures  de fongibilit\u00e9  propos\u00e9es  par  les RUO.\nArticl\u00e9'5  -/ Le g\u00e9n\u00e9ral  de corps  d'arm\u00e9e  Olivier  COURTET,  commandant  la r\u00e9gion  de gendarmerie\nHauts-de-France  et la gendarmerle  pour  la zone  de d\u00e9fense  et de s\u00e9curit\u00e9  Nord,  assure  le pilotage  des\ncr\u00e9dits  du BOP.  Pour  assurer  le suivi  de l'ex\u00e9cution  du budget,  il dispose  des  services  financiers  du\nSGAMI  Nord.\nIl r\u00e9alise  les analyses  budg\u00e9taires  et financi\u00e8res  n\u00e9cessaires  aux  phases  de dialogue  de gestion,  de\nprogrammation  et de r\u00e9partition  des  cr\u00e9dits  budg\u00e9taires.  Il pr\u00e9pare  les comptes-rendus  de l'ex\u00e9cution\ndu BOP  qui seront  pr\u00e9sent\u00e9s  au RPROG  par  le RBOP  et propose,  le cas  \u00e9ch\u00e9ant,  les mesures  d'\u00e9conomies\nstructurelles  au sein  du BOP.\nArticle  6 - Le g\u00e9n\u00e9ral  de corps  d'arm\u00e9e  Olivier  COURTET,  commandant  la r\u00e9gion  de gendarmerie  Hauts-\nde-France  et la gendarmerie  pour  la zone  de d\u00e9fense  et de s\u00e9curit\u00e9  Nord,  rend  compte  au RBOP  de\nI'ex\u00e9cution  de la d\u00e9l\u00e9gation  de signature  accord\u00e9e  \u00e0 l'article  1, \u00e0 chacune  des  \u00e9tapes  d'examen  du BOP\npar  les autorit\u00e9s  du contr\u00f4le  budg\u00e9taire.  Le RBOP  est \u00e0 ce titre  repr\u00e9sent\u00e9  par  le secr\u00e9taire  g\u00e9n\u00e9ral  pour\nI'administration  du minist\u00e8re  de l'int\u00e9rieur  (SGAMI)  ou son  adjoint.\nArticle  7 - En cas  d'absence  ou d'emp\u00eachement  du d\u00e9l\u00e9gataire  d\u00e9sign\u00e9  \u00e0 l'article  1%, cette  d\u00e9l\u00e9gation\nest  donn\u00e9e  au g\u00e9n\u00e9ral  de division  Ronan  DE LORGERIL,  commandant  en second  de la r\u00e9gion  de\ngendarmerie  Hauts-de-France  et de la gendarmerie  pour  la zone  de d\u00e9fense  et de s\u00e9curit\u00e9  Nord.\nArticle  8 - Il est donn\u00e9  d\u00e9l\u00e9gation  au g\u00e9n\u00e9ral  de corps  d'arm\u00e9e  Olivier  COURTET,  commandant  la r\u00e9gion\nde gendarmerie  Hauts-de-France  et la gendarmerie  pour  la zone  de d\u00e9fense  et de s\u00e9curit\u00e9  Nord,  pour\nsigner,  au nom  du pr\u00e9fet  de la r\u00e9gion  Hauts-de-France,  pr\u00e9fet  de la zone  de d\u00e9fense  et de s\u00e9curit\u00e9  Nord,\npr\u00e9fet  du Nord  et dans  la limite  de ses attributions,  tous  actes  concernant  l'ordonnancement  des\nrecettes  et des  d\u00e9penses  imput\u00e9es  sur  le budget  du minist\u00e8re  de l'int\u00e9rieur  - programme  n\u00b0152,\n\u00ab gendarmerie  nationale  \u00bb pour  ce qui  rel\u00e8ve  des  pr\u00e9rogatives  de commandement  zonal.\nArticle  9 - Le g\u00e9n\u00e9ral  de corps  d'arm\u00e9e  Olivier  COURTET,  commandant  la r\u00e9gion  de gendarmerie\nHauts-de-France  et la gendarmerie  pour  la zone  de d\u00e9fense  et de s\u00e9curit\u00e9  Nord,  est autoris\u00e9  \u00e0 donner\nd\u00e9l\u00e9gation,  par  arr\u00eat\u00e9  pris  au nom  du pr\u00e9fet,  aux  agents  plac\u00e9s  sous  son  autorit\u00e9  pour  signer  les actes\nrelatifs  aux  affaires  pour  lesquelles  il a lui-m\u00e9me  re\u00e7u  d\u00e9l\u00e9gation  \u00e0 l'article  8.\nCette  subd\u00e9l\u00e9gation  de signature  fera  l'objet  d'une  publication  au recueil  des  actes  administratifs  de la\npr\u00e9fecture  du Nord.\nArticle  10 - Le d\u00e9l\u00e9gataire  rendra  compte  au d\u00e9l\u00e9gant  des  conditions  de mise  en \u0153uvre  de cette\nd\u00e9l\u00e9gation.\nArticle  11 - L'arr\u00eat\u00e9  pr\u00e9fectoral  du 5 f\u00e9vrier  2024  portant  d\u00e9l\u00e9gation  de signature  g\u00e9n\u00e9ral  de corps\nd'arm\u00e9e  Olivier  COURTET,  commandant  la r\u00e9gion  de gendarmerie  Hauts-de-France  et la gendarmerie\npour  la zone  de d\u00e9fense  et de s\u00e9curit\u00e9  Nord,  est abrog\u00e9.\nArticle  12 - Le pr\u00e9fet  d\u00e9l\u00e9gu\u00e9  pour  la d\u00e9fense  et la s\u00e9curit\u00e9  de la zone  de d\u00e9fense  et de s\u00e9curit\u00e9  Nord,\nsecr\u00e9taire  g\u00e9n\u00e9ral  pour  I'administration  du minist\u00e8re  de l'int\u00e9rieur  de la zone  de d\u00e9fense  et de s\u00e9curit\u00e9\nNord,  et le g\u00e9n\u00e9ral  commandant  la gendarmerie  pour  la zone  de d\u00e9fense  et de s\u00e9curit\u00e9  Nord  sont\ncharg\u00e9s,  chacun  pour  ce qui le concerne,  de l'ex\u00e9cution  du pr\u00e9sent  arr\u00eat\u00e9.\nPr\u00e9fecture de la zone de d\u00e9fense et de s\u00e9curit\u00e9 du Nord - 80-2024-02-09-00002 - arr\u00eat\u00e9 portant d\u00e9l\u00e9gation de signature au g\u00e9n\u00e9ral de\ncorps d'arm\u00e9es Olivier Courtet, commandant la r\u00e9gion de gendarmerie Hauts de France et la gendarmerie pour la zone de d\u00e9fense et\nde s\u00e9curit\u00e9 Nord27\nIl sera  publi\u00e9  aux  recueils  des  actes  administratifs  des  d\u00e9partements  de la zone  de d\u00e9fense  et de\ns\u00e9curit\u00e9  Nord  et communiqu\u00e9  au directeur  g\u00e9n\u00e9ral  de la gendarmerie  nationale,  responsable  du\nprogramme  152  \u00ab gendarmerie  nationale  \u00bb.\nFait  \u00e0 Lille,  le = \u0178 FEV,  2024\nBertrdnd  GAUME\nPr\u00e9fecture de la zone de d\u00e9fense et de s\u00e9curit\u00e9 du Nord - 80-2024-02-09-00002 - arr\u00eat\u00e9 portant d\u00e9l\u00e9gation de signature au g\u00e9n\u00e9ral de\ncorps d'arm\u00e9es Olivier Courtet, commandant la r\u00e9gion de gendarmerie Hauts de France et la gendarmerie pour la zone de d\u00e9fense et\nde s\u00e9curit\u00e9 Nord28","date":"2024-02-09","first_seen_on":"2024-08-24T22:44:12+00:00","id":"be57ee78bc7466a8062587c785c1617289cf51ffaceecbdf9886f586a60dd69f","name":"RAA n\u00b046 du 9 f\u00e9vrier 2024","pdf_creation_date":"2024-02-09T14:28:51+00:00","pdf_modification_date":null,"timezone":"Europe/Paris","url":"https://www.somme.gouv.fr/contenu/telechargement/46619/312521/file/recueil-2024-046-recueil-des-actes-administratifs.pdf"}
