{"administration":"pref83","administration_name":"Pr\u00e9fecture du Var","content":"VAR\nRECUEIL DES ACTES\nADMINISTRATIFS SP\u00c9CIAL\n(NOMINATIFS)\nN\u00b083-2025-421\nPUBLI\u00c9 LE 12 D\u00c9CEMBRE 2025\nSommaire\nPr\u00e9fecture du VAR / Direction de la citoyennet\u00e9 et de la l\u00e9galit\u00e9\n83-2025-12-11-00001 - ARR\u00caT\u00c9 n\u00b0 DCL/BERG/2025/279 du 11\nd\u00e9cembre 2025 portant agr\u00e9ment de la SARL \u00ab\u00a0DG\nSPORT-CONSULTING\u00a0\u00bb, sise \u00e0 Fr\u00e9jus (83600), pour exercer\nl'activit\u00e9 de domiciliation d'entreprises. (2 pages) Page 4\n83-2025-12-11-00007 - ARR\u00caT\u00c9 PR\u00c9FECTORAL n\u00b0 DCL/BERG/2025/0261\ndu 11 d\u00e9cembre 2025\nportant renouvellement de l'habilitation de\nl'\u00e9tablissement \u00ab\u00a0MAISON COMBA\u00a0\u00bb, rue du souvenir fran\u00e7ais,\nquartier Saint-Roch - 83390 CUERS, g\u00e9r\u00e9 par la SAS \u00ab\u00a0FUNECAP\nSUD-EST\u00a0\u00bb (3 pages) Page 7\n83-2025-12-11-00010 - ARR\u00caT\u00c9 PR\u00c9FECTORAL n\u00b0 DCL/BERG/2025/0262\ndu 11 d\u00e9cembre 2025, portant renouvellement de l'habilitation de\nl'\u00e9tablissement, \u00ab\u00a0ROC-ECLERC\u00a0\u00bb, 180 avenue Docteur\nTremoli\u00e8res - 83160 LA VALETTE-DU-VAR, g\u00e9r\u00e9 par la SAS\n\u00ab\u00a0FUNECAP SUD EST\u00a0\u00bb (3 pages) Page 11\n83-2025-12-11-00012 - ARR\u00caT\u00c9 PR\u00c9FECTORAL n\u00b0 DCL/BERG/2025/0269\ndu 11 d\u00e9cembre 2025, portant renouvellement de l'habilitation de\nl'\u00e9tablissement, \u00ab\u00a0POMPES FUNEBRES DU GOLFE\u00a0\u00bb, Avenue de\nLattre de Tassigny - Le Splendid Azur - 83120 SAINTE-MAXIME,\ng\u00e9r\u00e9 par la SAS \u00ab\u00a0FUNECAP SUD EST\u00a0\u00bb (3 pages) Page 15\n83-2025-12-11-00011 - ARR\u00caT\u00c9 PR\u00c9FECTORAL n\u00b0 DCL/BERG/2025/0270\ndu 11 d\u00e9cembre 2025, portant renouvellement de l'habilitation de\nl'\u00e9tablissement \u00ab\u00a0ROC-ECLERC\u00a0\u00bb, 599 avenue Mar\u00e9chal de\nLattre de Tassigny - 83600 FR\u00c9JUS, g\u00e9r\u00e9 par la SAS \u00ab\u00a0FUNECAP\nSUD-EST\u00a0\u00bb (3 pages) Page 19\n83-2025-12-11-00009 - ARR\u00caT\u00c9 PR\u00c9FECTORAL n\u00b0\nDCL/BERG/2025/0272 du 11 d\u00e9cembre 2025 portant habilitation dans le\ndomaine fun\u00e9raire de l'\u00e9tablissement \u00ab\u00a0CHAMBRE\nFUN\u00c9RAIRE\u00a0\u00bb\navenue d'Arquier- 83270 SAINT-CYR-SUR-MER\ng\u00e9r\u00e9 par la SAS \u00ab\u00a0OGF SERVICES FUNERAIRES\u00a0\u00bb (2 pages) Page 23\n83-2025-12-11-00008 - ARR\u00caT\u00c9 PR\u00c9FECTORAL n\u00b0 DCL/BERG/2025/0281\ndu 11 d\u00e9cembre 2025 portant habilitation de l'\u00e9tablissement\n\u00ab\u00a0PFG - SERVICES FUNERAIRES\u00a0\u00bb 301 rue S\u00e9verin Saurin -\n83140 SIX-FOURS-LES-PLAGES g\u00e9r\u00e9 par la SAS \u00ab\u00a0OGF SERVICES\nFUNERAIRES\u00a0\u00bb (3 pages) Page 26\n83-2025-12-11-00004 - ARR\u00caT\u00c9 PR\u00c9FECTORAL n\u00b0\nDCL/BERG/2025/0285 du 11 d\u00e9cembre 2025 portant habilitation de\nl'\u00e9tablissement\n\u00ab\u00a0POMPES FUNEBRES ET MARBRERIE\nMAFUCCI\u00a0\u00bb\n6 place du souvenir fran\u00e7ais - 83500 LA\nSEYNE-SUR-MER\ng\u00e9r\u00e9 par la SAS \u00ab\u00a0OGF SERVICES\nFUNERAIRES\u00a0\u00bb (3 pages) Page 30\n2\n83-2025-12-11-00005 - ARR\u00caT\u00c9 PR\u00c9FECTORAL n\u00b0\nDCL/BERG/2025/0286 du 11 d\u00e9cembre 2025 portant habilitation de\nl'\u00e9tablissement \u00ab\u00a0ROBLOT\u00a0\u00bb 71 boulevard du Levant - 83230\nBORMES-LES-MIMOSAS g\u00e9r\u00e9 par la SAS \u00ab\u00a0OGF SERVICES\nFUNERAIRES\u00a0\u00bb (3 pages) Page 34\n83-2025-12-11-00002 - ARR\u00caT\u00c9 PR\u00c9FECTORAL n\u00b0\nDCL/BERG/2025/0287 du 11 d\u00e9cembre 2025 portant habilitation de\nl'\u00e9tablissement \u00ab\u00a0POMPES FUNEBRES ET MARBRERIE VIALES\u00a0\u00bb 13\nrue de la R\u00e9publique - 83270 SAINT-CYR-SUR-MER g\u00e9r\u00e9 par la SAS\n\u00ab\u00a0OGF SERVICES FUNERAIRES\u00a0\u00bb (3 pages) Page 38\n83-2025-12-11-00006 - ARR\u00caT\u00c9 PR\u00c9FECTORAL n\u00b0\nDCL/BERG/2025/0288 du 11 d\u00e9cembre 2025 portant habilitation de\nl'\u00e9tablissement \u00ab\u00a0PFG - SERVICES FUNERAIRES\u00a0\u00bb 235 avenue\nGabriel Peri - 83470 SAINT-MAXIMIN-LA-SAINTE-BAUME\ng\u00e9r\u00e9 par\nla SAS \u00ab\u00a0OGF SERVICES FUN\u00c9RAIRES\u00a0\u00bb (3 pages) Page 42\n83-2025-12-11-00003 - ARR\u00caT\u00c9 PR\u00c9FECTORAL n\u00b0\nDCL/BERG/2025/0289 du 11 d\u00e9cembre 2025 portant habilitation de\nl'\u00e9tablissement \u00ab\u00a0PFG - POMPES FUN\u00c8BRES\nG\u00c9N\u00c9RALES\u00a0\u00bb 737 chemin de La Lange - 83110 SANARY-SUR-MER\ng\u00e9r\u00e9 par la SAS \u00ab\u00a0OGF SERVICES FUN\u00c9RAIRES\u00a0\u00bb (3 pages) Page 46\n83-2025-12-11-00013 - ARR\u00caT\u00c9 PR\u00c9FECTORAL n\u00b0 DCL/BERG/2025/0290\ndu 11 d\u00e9cembre 2025, portant habilitation du Service Public Industriel et\nCommercial (SPIC), \u00ab\u00a0POMPES FUNEBRES\u00a0\u00bb, Cours de la\nR\u00e9publique - 83510 LORGUES, g\u00e9r\u00e9 par la Mairie de Lorgues  (2\npages) Page 50\nPr\u00e9fecture du VAR / Direction de la coordination des politiques publiques\net de l'appui territorial\n83-2025-12-08-00005 - Arr\u00eat\u00e9 pr\u00e9fectoral du 8 d\u00e9cembre 2025\nportant sur l'alimentation en eau destin\u00e9e \u00e0 la consommation humaine\net la mise en conformit\u00e9 des forages F3 et F4 des Mouli\u00e8res, situ\u00e9s sur\nle territoire de la commune de Bauduen (Var), au b\u00e9n\u00e9fice du Syndicat\nMixte des Eaux du Verdon (SMEV). (46 pages) Page 53\n3\nPr\u00e9fecture du VAR\n83-2025-12-11-00001\nARR\u00caT\u00c9 n\u00b0 DCL/BERG/2025/279 du 11 d\u00e9cembre\n2025 portant agr\u00e9ment de la SARL \u00ab\u00a0DG\nSPORT-CONSULTING\u00a0\u00bb, sise \u00e0 Fr\u00e9jus (83600),\npour exercer l'activit\u00e9 de domiciliation\nd'entreprises.\nPr\u00e9fecture du VAR - 83-2025-12-11-00001 - ARR\u00caT\u00c9 n\u00b0 DCL/BERG/2025/279 du 11 d\u00e9cembre 2025 portant agr\u00e9ment de la SARL \u00ab\u00a0DG\nSPORT-CONSULTING\u00a0\u00bb, sise \u00e0 Fr\u00e9jus (83600), pour exercer l'activit\u00e9 de domiciliation d'entreprises. 4\n=mPREFETDU VARLibert\u00e9Egalit\u00e9Fraternit\u00e9\nDirection de la citoyennet\u00e9 et de la l\u00e9galit\u00e9\nBureau des \u00e9lections et de la r\u00e9glementation g\u00e9n\u00e9rale\nARR\u00caT\u00c9 n\u00b0 DCL/BERG/2025/279 du 11 d\u00e9cembre 2025\nportant agr\u00e9ment de la SARL \u00ab DG SPORT-CONSULTING \u00bb,\nsise \u00e0 Fr\u00e9jus (83600), pour exercer l'activit\u00e9 de domiciliation d'entreprises.\nLe Pr\u00e9fet du Var,\nVu le code de commerce, notamment ses articles L. 123-11-2 et suivants, et R. 123-166-1 et  \nsuivants ;\nVu le code mon\u00e9taire et financier, notamment ses articles L. 561-37 et suivants, et R. 561-39 et \nsuivants ;\nVu  le d\u00e9cret n\u00b0 2009-1535 du 10 d\u00e9cembre 2009 d\u00e9finissant les modalit\u00e9s de contr\u00f4le du  \nrespect  des  obligations  relatives  \u00e0  la  lutte  contre  le  blanchiment  de  capitaux  et  le \nfinancement  du  terrorisme  par  les  personnes  mentionn\u00e9es  aux  8\u00b0,  9\u00b0  et  15\u00b0  de  l'article \nL. 561-2 du code mon\u00e9taire et financier et relatif \u00e0 la commission nationale des sanctions ;\nVu le d\u00e9cret du Pr\u00e9sident de la R\u00e9publique du 15 mai 2025 portant nomination de Monsieur  \nSimon BABRE, pr\u00e9fet du Var ;\nVu l'arr\u00eat\u00e9 pr\u00e9fectoral n\u00b0 2025/12/MCI du 02 juin 2025 portant d\u00e9l\u00e9gation de signature \u00e0  \nMonsieur  Lucien  GIUDICELLI,  secr\u00e9taire  g\u00e9n\u00e9ral  de  la  pr\u00e9fecture  du  Var,  sous-pr\u00e9fet  de \nl'arrondissement de Toulon ;\nVu l'arr\u00eat\u00e9 pr\u00e9fectoral n\u00b0 2025/53/MCI du 15 juillet 2025 portant d\u00e9l\u00e9gation de signature \u00e0  \nMonsieur Thibaut DARGON, directeur de la citoyennet\u00e9 et de la l\u00e9galit\u00e9 de la pr\u00e9fecture du  \nVar ;\nVu la demande re\u00e7ue \u00e0 la pr\u00e9fecture du Var le 09 octobre 2025, et compl\u00e9t\u00e9e le 02 d\u00e9cembre \n2025 par laquelle la SARL \u00ab DG SPORT-CONSULTING \u00bb, repr\u00e9sent\u00e9e par son  g\u00e9rant Monsieur \nDenis GAVOILLE, et dont le si\u00e8ge social est situ\u00e9 160 via Nova \u2013 l'Arche B b\u00e2t L  \u00e0 Fr\u00e9jus  \n(83600), sollicite l'agr\u00e9ment afin d'exercer l'activit\u00e9 de domiciliation d'entreprises ;\nConsid\u00e9rant que  la  demande  d'agr\u00e9ment  en  vue  d'exercer  l'activit\u00e9  de  domiciliation \nd'entreprises susvis\u00e9e est conforme \u00e0 la r\u00e9glementation ;\nSur proposition du secr\u00e9taire g\u00e9n\u00e9ral de la pr\u00e9fecture du Var,\n1/2\nPr\u00e9fecture du VAR - 83-2025-12-11-00001 - ARR\u00caT\u00c9 n\u00b0 DCL/BERG/2025/279 du 11 d\u00e9cembre 2025 portant agr\u00e9ment de la SARL \u00ab\u00a0DG\nSPORT-CONSULTING\u00a0\u00bb, sise \u00e0 Fr\u00e9jus (83600), pour exercer l'activit\u00e9 de domiciliation d'entreprises. 5\nARR\u00caTE\nArticle 1  : La S ARL \u00ab DG SPORT-CONSULTING \u00bb, repr\u00e9sent\u00e9e par son g\u00e9rant Monsieur Denis  \nGAVOILLE, et dont le si\u00e8ge social est situ\u00e9 160 via Nova \u2013 l'Arche B b\u00e2t L \u00e0 Fr\u00e9jus (83600) , est \nagr\u00e9\u00e9e pour exercer l'activit\u00e9 de domiciliation d'entreprises.\nArticle  2 :  Cet  agr\u00e9ment  est  accord\u00e9,  pour  une  dur\u00e9e  de  six  ans,  et  porte  le  num\u00e9ro \nDE-83-2025-14.\nArticle 3 : Le pr\u00e9sent arr\u00eat\u00e9 prendra effet \u00e0 compter de sa date de notification.\nArticle 4  : Le titulaire de cet agr\u00e9ment devra respecter les obligations relatives \u00e0 la lutte  \ncontre le blanchiment des capitaux et le financement du terrorisme pr\u00e9vues aux parties  \nl\u00e9gislatives et r\u00e9glementaires du code mon\u00e9taire et financier.\nArticle 5  : Tout changement substantiel concernant les donn\u00e9es principales de la soci\u00e9t\u00e9  \nindiqu\u00e9es dans le dossier de demande d'agr\u00e9ment initial devra \u00eatre d\u00e9clar\u00e9, dans un d\u00e9lai de  \ndeux mois, par ladite soci\u00e9t\u00e9 \u00e0 la pr\u00e9fecture du Var.\nArticle 6  : Le secr\u00e9taire g\u00e9n\u00e9ral de la pr\u00e9fecture est charg\u00e9 de l'ex\u00e9cution du pr\u00e9sent arr\u00eat\u00e9  \nqui sera publi\u00e9 au recueil des actes administratifs de la pr\u00e9fecture du Var.\nFait \u00e0 Toulon, le 11 d\u00e9cembre 2025\nPour le Pr\u00e9fet et par d\u00e9l\u00e9gation,\nl'adjoint au directeur de la citoyennet\u00e9 et  \nde la l\u00e9galit\u00e9\nSign\u00e9 : Lionel GARENTE\nDans un d\u00e9lai de deux mois \u00e0 compter de la date de notification du pr\u00e9sent arr\u00eat\u00e9, les recours suivants peuvent \u00eatre introduits \nconform\u00e9ment aux dispositions des articles R. 421-1 et suivants du code de justice administrative :\n- un recours gracieux, adress\u00e9 \u00e0 : M. le pr\u00e9fet du Var \u2013 Bd du 112\u00e8me r\u00e9giment d'infanterie- CS 31209 - 83070 TOULON CEDEX\nDans ce cas, le silence de l'administration vaut rejet implicite au terme d'un d\u00e9lai de deux mois.\nApr\u00e8s un recours gracieux ou hi\u00e9rarchique, le d\u00e9lai du recours contentieux ne court qu'\u00e0 compter du rejet explicite ou implicite \nde l'un des recours.\n- un recours contentieux, en saisissant le Tribunal Administratif de Toulon : 5 rue Racine -BP 40510 - 83 041 TOULON CEDEX 9\nLe tribunal administratif peut \u00eatre saisi par l'application informatique \u00ab  T\u00e9l\u00e9recours citoyens \u00bb accessible par le site internet  \n\u00ab www.telerecours.fr \u00bb.\n2/2\nPr\u00e9fecture du VAR - 83-2025-12-11-00001 - ARR\u00caT\u00c9 n\u00b0 DCL/BERG/2025/279 du 11 d\u00e9cembre 2025 portant agr\u00e9ment de la SARL \u00ab\u00a0DG\nSPORT-CONSULTING\u00a0\u00bb, sise \u00e0 Fr\u00e9jus (83600), pour exercer l'activit\u00e9 de domiciliation d'entreprises. 6\nPr\u00e9fecture du VAR\n83-2025-12-11-00007\nARR\u00caT\u00c9 PR\u00c9FECTORAL n\u00b0 DCL/BERG/2025/0261\ndu 11 d\u00e9cembre 2025\nportant renouvellement de l'habilitation de\nl'\u00e9tablissement \u00ab\u00a0MAISON COMBA\u00a0\u00bb, rue du\nsouvenir fran\u00e7ais, quartier Saint-Roch - 83390\nCUERS, g\u00e9r\u00e9 par la SAS \u00ab\u00a0FUNECAP SUD-EST\u00a0\u00bb\nPr\u00e9fecture du VAR - 83-2025-12-11-00007 - ARR\u00caT\u00c9 PR\u00c9FECTORAL n\u00b0 DCL/BERG/2025/0261 du 11 d\u00e9cembre 2025\nportant renouvellement de l'habilitation de l'\u00e9tablissement \u00ab\u00a0MAISON COMBA\u00a0\u00bb, rue du souvenir fran\u00e7ais, quartier Saint-Roch -\n83390 CUERS, g\u00e9r\u00e9 par la SAS \u00ab\u00a0FUNECAP SUD-EST\u00a0\u00bb\n7\n=mPREFETDU VARLibert\u00e9Egalit\u00e9Fraternit\u00e9\nDirection de la citoyennet\u00e9 et de la l\u00e9galit\u00e9\nBureau des \u00e9lections et de la r\u00e9glementation g\u00e9n\u00e9rale\nARR\u00caT\u00c9 PR\u00c9FECTORAL n\u00b0 DCL/BERG/2025/0261 du 11 d\u00e9cembre 2025\nportant renouvellement de l'habilitation de l'\u00e9tablissement\n\u00ab MAISON COMBA \u00bb, rue du souvenir fran\u00e7ais, quartier Saint-Roch \u2013 83390 CUERS\ng\u00e9r\u00e9 par la SAS \u00ab FUNECAP SUD-EST \u00bb\nHabilitation N\u00b0 25-83-0202\nLe Pr\u00e9fet du Var,\nVu le code g\u00e9n\u00e9ral des collectivit\u00e9s territoriales \u00a0et notamment ses articles L2223-19, L2223-23 et \nsuivants\u00a0;\nVu la loi n\u00b0 2008-1350 du 19 d\u00e9cembre 2008 relative \u00e0 la l\u00e9gislation fun\u00e9raire\u00a0;\nVu le d\u00e9cret du Pr\u00e9sident de la R\u00e9publique du 15 mai 2025, portant nomination de Monsieur  \nSimon BABRE, pr\u00e9fet du Var\u00a0;\nVu l'arr\u00eat\u00e9 pr\u00e9fectoral n\u00b0 2025/12/MCI du 2 juin 2025 portant d\u00e9l\u00e9gation de signature \u00e0 Monsieur  \nLucien GIUDICELLI, secr\u00e9taire g\u00e9n\u00e9ral de la pr\u00e9fecture du Var, sous-pr\u00e9fet de l'arrondissement de  \nToulon\u00a0;\nVu  l'arr\u00eat\u00e9  pr\u00e9fectoral  n\u00b0  2025/53/MCI  du  15  juillet  2025  portant  d\u00e9l\u00e9gation  de  signature  \u00e0 \nMonsieur Thibaut DARGON, directeur de la citoyennet\u00e9 et de la l\u00e9galit\u00e9 de la pr\u00e9fecture du Var\u00a0;\nVu  l'arr\u00eat\u00e9  pr\u00e9fectoral  n\u00b0  DCL/BERG/2020/417  du  17  d\u00e9cembre  2020,  portant  renouvellement \nd'habilitation dans le domaine fun\u00e9raire de l'\u00e9tablissement principal \u00ab MAISON COMBA \u00bb sis rue \ndu souvenir fran\u00e7ais, quartier Saint-Roch \u00e0 Cuers (83390) jusqu'au 16 d\u00e9cembre 2025 inclus\u00a0;\nVu  la  demande  du  27  octobre  2025  de  renouvellement  d'habilitation  de  l'\u00e9tablissement \n\u00ab MAISON  COMBA \u00bb,  situ\u00e9 rue  du  souvenir  fran\u00e7ais,  quartier  Saint-Roch  \u00e0  Cuers  (83390), \nformul\u00e9e par Monsieur Gr\u00e9gory LECOUTEUX, directeur ex\u00e9cutif p\u00f4le PACA OUEST de la SAS  \n\u00ab FUNECAP SUD EST  \u00bb dont le si\u00e8ge est situ\u00e9  rue du souvenir fran\u00e7ais, quartier Saint-Roch \u00e0  \nCuers (83390)\u00a0;\nConsid\u00e9rant la compl\u00e9tude du dossier\u00a0;\nSur proposition du secr\u00e9taire g\u00e9n\u00e9ral de la pr\u00e9fecture\u00a0;\nARR\u00caTE\nArticle 1  : L'\u00e9tablissement  \u00ab MAISON COMBA  \u00bb,  situ\u00e9 rue du souvenir fran\u00e7ais , quartier Saint-\nRoch \u00e0 Cuers (83390) , g\u00e9r\u00e9 par la SAS  \u00ab FUNECAP SUD EST  \u00bb  dont le si\u00e8ge est situ\u00e9  rue du  \nsouvenir fran\u00e7ais, quartier Saint-Roch \u00e0 Cuers (83390) , repr\u00e9sent\u00e9 par son directeur ex\u00e9cutif \u2013  \np\u00f4le  PACA  OUEST,  Monsieur  Gr\u00e9gory  LECOUTEUX,  est  habilit\u00e9  pour  exercer  les  activit\u00e9s \nsuivantes\u00a0:\n1 - Transport de corps avant et apr\u00e8s mise en bi\u00e8re,\n2 - Organisation des obs\u00e8ques,\n1/2\nPr\u00e9fecture du VAR - 83-2025-12-11-00007 - ARR\u00caT\u00c9 PR\u00c9FECTORAL n\u00b0 DCL/BERG/2025/0261 du 11 d\u00e9cembre 2025\nportant renouvellement de l'habilitation de l'\u00e9tablissement \u00ab\u00a0MAISON COMBA\u00a0\u00bb, rue du souvenir fran\u00e7ais, quartier Saint-Roch -\n83390 CUERS, g\u00e9r\u00e9 par la SAS \u00ab\u00a0FUNECAP SUD-EST\u00a0\u00bb\n8\n3 - Soins de con servation, en sous-traitance avec l'\u00e9tablissement \u00ab \u00a0THANATHOPRAXIE SUD\u00a0\u00bb, sis \nZI LIZAC Camps Grand - 82200, habilit\u00e9 sous le num\u00e9ro 22-82-124,\n4 - Fourniture  des  housses,  cercueils  et  accessoires  int\u00e9rieur  et  ext\u00e9rieur  ainsi  que  des  urnes\ncin\u00e9raires,\n7 - Fourniture des corbillards et voitures de deuil, list\u00e9s en annexe du pr\u00e9sent arr\u00eat\u00e9,\n8 - Fourniture de personnel et des objets et prestations n\u00e9cessaires aux obs\u00e8ques, inhumations,  \nexhumations et cr\u00e9mations.\nArticle 2     : L'habilitation porte le num\u00e9ro 25-83-0202.\nArticle 3     : La pr\u00e9sente habilitation est accord\u00e9e  pour une dur\u00e9e de cinq ans \u00e0 compter du 17  \nd\u00e9cembre 2025, soit jusqu'au 16 d\u00e9cembre 2030 inclus.\nPour solliciter le renouvellement de la pr\u00e9sente habilitation, le b\u00e9n\u00e9ficiaire devra faire parvenir sa  \ndemande en pr\u00e9fecture au plus tard deux mois avant sa date de fin de validit\u00e9.\nArticle 4     : Conform\u00e9ment aux articles L.2223-25 et R.2223-64 du code g\u00e9n\u00e9ral des collectivit\u00e9s  \nterritoriales, et \u00e0 d\u00e9faut de la production, dans les meilleurs d\u00e9lais, des justificatifs de conformit\u00e9  \ndes \u00e9quipements, la pr\u00e9sente habilitation pourra \u00eatre suspendue pour une dur\u00e9e maximale d'un  \nan ou retir\u00e9e, apr\u00e8s mise en demeure, pour les motifs suivants\u00a0:\n- non-respect des conditions de sa d\u00e9livrance telles qu'elles sont d\u00e9finies par les dispositions du  \ncode g\u00e9n\u00e9ral des collectivit\u00e9s territoriales\u00a0;\n- non exercice ou cessation d'exercice des activit\u00e9s au titre desquelles elle a \u00e9t\u00e9 d\u00e9livr\u00e9e\u00a0;\n- atteinte \u00e0 l'ordre public ou danger pour la salubrit\u00e9 publique.\nDans les cas o\u00f9 le b\u00e9n\u00e9ficiaire est un d\u00e9l\u00e9gataire, le retrait d'habilitation entra\u00eene la d\u00e9ch\u00e9ance  \ndes d\u00e9l\u00e9gations.\nArticle 5     : Le secr\u00e9taire g\u00e9n\u00e9ral de la pr\u00e9fecture du Var est charg\u00e9 de l'ex\u00e9cution du pr\u00e9sent arr\u00eat\u00e9 \nqui sera publi\u00e9 au recueil des actes administratifs de la pr\u00e9fecture du Var et dont une copie sera  \nadress\u00e9e au maire de la commune de Cuers pour information.\nFait \u00e0 Toulon,\nPour le pr\u00e9fet et par d\u00e9l\u00e9gation\nl'adjoint au directeur de la citoyennet\u00e9 et de la \nl\u00e9galit\u00e9\nSign\u00e9\nLionel GARENTE\nDans un d\u00e9lai de deux mois \u00e0 compter de la date de la notification ou de la publication du pr\u00e9sent arr\u00eat\u00e9 au recueil des actes administratifs de la \npr\u00e9fecture, les recours suivants peuvent \u00eatre introduits conform\u00e9ment aux dispositions des articles R. 421-1 et suivants du code de justice \nadministrative :\n- un recours gracieux, adress\u00e9 \u00e0 :\nM. le Pr\u00e9fet du Var - Boulevard du 112\u00e8me\n r\u00e9giment d'infanterie - CS 31209 - 83070 TOULON CEDEX\n- un recours hi\u00e9rarchique, adress\u00e9\u00a0au(x) ministre(s) concern\u00e9(s)\u00a0;\nDans ces deux cas, le silence de l'Administration vaut rejet implicite au terme d'un d\u00e9lai de deux mois.\nApr\u00e8s un recours gracieux ou hi\u00e9rarchique, le d\u00e9lai du recours contentieux ne court qu'\u00e0 compter du rejet explicite ou implicite de l'un de ces \nrecours.\n- un recours contentieux, en saisissant le Tribunal Administratif de Toulon : 5 rue Racine -BP 40510 - 83\u00a0041 TOULON CEDEX 9\nLe tribunal administratif peut \u00eatre saisi par l'application informatique \u00ab\u00a0T\u00e9l\u00e9cours\u00a0\u00bb accessible par le site internet www.telecours.fr.\n2/2\nPr\u00e9fecture du VAR - 83-2025-12-11-00007 - ARR\u00caT\u00c9 PR\u00c9FECTORAL n\u00b0 DCL/BERG/2025/0261 du 11 d\u00e9cembre 2025\nportant renouvellement de l'habilitation de l'\u00e9tablissement \u00ab\u00a0MAISON COMBA\u00a0\u00bb, rue du souvenir fran\u00e7ais, quartier Saint-Roch -\n83390 CUERS, g\u00e9r\u00e9 par la SAS \u00ab\u00a0FUNECAP SUD-EST\u00a0\u00bb\n9\n| =PREFETDU VARLibert\u00e9Egalit\u00e9Fraternit\u00e9\nDirection de la citoyennet\u00e9 et de la l\u00e9galit\u00e9\nBureau des \u00e9lections et de la r\u00e9glementation g\u00e9n\u00e9rale\nAnnexe \u00e0 l'arr\u00eat\u00e9 n\u00b0DCL/BERG/2025/0261 du 11 d\u00e9cembre 2025\nHabilitation N\u00b025-83-0202\nIdentification des v\u00e9hicules intervenant pour l'\u00e9tablissement\u00a0:\nMAISON COMBA\ng\u00e9r\u00e9 par la SAS FUNECAP SUD EST\nSis rue du souvenir fran\u00e7ais, quartier Saint-Roch \u2013 83390 Cuers\nTransport de corps avant et apr\u00e8s mise en bi\u00e8re\nGV-389-BZ\nDY-716-KB\nEH-017-SN\nEH-236-SN\nEH-457-SM\nEH-616-SM\nEH-880-SM\nES-656-PE\nGL-005-XK\nGY-833-JL\nT\u00e9l\u00a0: 04 94 18 83 83\nM\u00e9l\u00a0: pref-funeraires@var.gouv.fr\nBd du 112\u00e8me R\u00e9giment d'Infanterie\nCS 31 209 - 83070 TOULON CEDEX\nPr\u00e9fecture du VAR - 83-2025-12-11-00007 - ARR\u00caT\u00c9 PR\u00c9FECTORAL n\u00b0 DCL/BERG/2025/0261 du 11 d\u00e9cembre 2025\nportant renouvellement de l'habilitation de l'\u00e9tablissement \u00ab\u00a0MAISON COMBA\u00a0\u00bb, rue du souvenir fran\u00e7ais, quartier Saint-Roch -\n83390 CUERS, g\u00e9r\u00e9 par la SAS \u00ab\u00a0FUNECAP SUD-EST\u00a0\u00bb\n10\nPr\u00e9fecture du VAR\n83-2025-12-11-00010\nARR\u00caT\u00c9 PR\u00c9FECTORAL n\u00b0 DCL/BERG/2025/0262\ndu 11 d\u00e9cembre 2025, portant renouvellement\nde l'habilitation de l'\u00e9tablissement,\n\u00ab\u00a0ROC-ECLERC\u00a0\u00bb, 180 avenue Docteur\nTremoli\u00e8res - 83160 LA VALETTE-DU-VAR, g\u00e9r\u00e9\npar la SAS \u00ab\u00a0FUNECAP SUD EST\u00a0\u00bb\nPr\u00e9fecture du VAR - 83-2025-12-11-00010 - ARR\u00caT\u00c9 PR\u00c9FECTORAL n\u00b0 DCL/BERG/2025/0262 du 11 d\u00e9cembre 2025, portant\nrenouvellement de l'habilitation de l'\u00e9tablissement, \u00ab\u00a0ROC-ECLERC\u00a0\u00bb, 180 avenue Docteur Tremoli\u00e8res - 83160 LA VALETTE-DU-VAR,\ng\u00e9r\u00e9 par la SAS \u00ab\u00a0FUNECAP SUD EST\u00a0\u00bb\n11\n=mPREFETDU VARLibert\u00e9Egalit\u00e9Fraternit\u00e9\nDirection de la citoyennet\u00e9 et de la l\u00e9galit\u00e9\nBureau des \u00e9lections et de la r\u00e9glementation g\u00e9n\u00e9rale\nARR\u00caT\u00c9 PR\u00c9FECTORAL n\u00b0 DCL/BERG/2025/0262 du 11 d\u00e9cembre 2025\nportant renouvellement de l'habilitation de l'\u00e9tablissement\n\u00ab ROC-ECLERC \u00bb, 180 avenue Docteur Tremoli\u00e8res \u2013 83160 LA VALETTE-DU-VAR\ng\u00e9r\u00e9 par la SAS \u00ab FUNECAP SUD EST \u00bb\nHabilitation N\u00b0 25-83-0176\nLe Pr\u00e9fet du Var,\nVu le code g\u00e9n\u00e9ral des collectivit\u00e9s territoriales \u00a0et notamment ses articles L2223-19, L2223-23 et \nsuivants\u00a0;\nVu la loi n\u00b0 2008-1350 du 19 d\u00e9cembre 2008 relative \u00e0 la l\u00e9gislation fun\u00e9raire\u00a0;\nVu le d\u00e9cret du Pr\u00e9sident de la R\u00e9publique du 15 mai 2025, portant nomination de Monsieur  \nSimon BABRE, pr\u00e9fet du Var\u00a0;\nVu l'arr\u00eat\u00e9 pr\u00e9fectoral n\u00b0 2025/12/MCI du 2 juin 2025 portant d\u00e9l\u00e9gation de signature \u00e0 Monsieur  \nLucien GIUDICELLI, secr\u00e9taire g\u00e9n\u00e9ral de la pr\u00e9fecture du Var, sous-pr\u00e9fet de l'arrondissement de  \nToulon\u00a0;\nVu  l'arr\u00eat\u00e9  pr\u00e9fectoral  n\u00b0  2025/53/MCI  du  15  juillet  2025  portant  d\u00e9l\u00e9gation  de  signature  \u00e0 \nMonsieur Thibaut DARGON, directeur de la citoyennet\u00e9 et de la l\u00e9galit\u00e9 de la pr\u00e9fecture du Var\u00a0;\nVu  l'arr\u00eat\u00e9  pr\u00e9fectoral  n\u00b0  DCL/BERG/2020/416  du  17  d\u00e9cembre  2020,  portant  renouvellement \nd'habilitation dans le domaine fun\u00e9raire de l'\u00e9tablissement principal  \u00ab ROC-ECLERC \u00bb sis  180 \navenue Docteur Tremoli\u00e8res \u00e0 La Valette-du-Var (83600) jusqu'au 16 d\u00e9cembre 2025 inclus\u00a0;\nVu  la  demande  du  27  octobre  2025  de  renouvellement  d'habilitation  de  l'\u00e9tablissement \n\u00ab ROC-ECLERC \u00bb, situ\u00e9 180 avenue Docteur Tremoli\u00e8res \u00e0 La Valette-du-Var (83600), formul\u00e9e \npar  Monsieur  LECOUTEUX  Gr\u00e9gory,  directeur  ex\u00e9cutif  p\u00f4le  PACA  OUEST  de  la  SAS \n\u00ab FUNECAP SUD EST  \u00bb dont le si\u00e8ge est situ\u00e9  rue du souvenir fran\u00e7ais, quartier Saint-Roch \u00e0  \nCuers (83390)\u00a0;\nConsid\u00e9rant la compl\u00e9tude du dossier\u00a0;\nSur proposition du secr\u00e9taire g\u00e9n\u00e9ral de la pr\u00e9fecture\u00a0;\nARR\u00caTE\nArticle 1 : L'\u00e9tablissement \u00ab ROC-ECLERC \u00bb, situ\u00e9 180 avenue Docteur Tremoli\u00e8res \u00e0 La Valette-\ndu-Var (83600), g\u00e9r\u00e9 par la SAS \u00ab FUNECAP SUD EST  \u00bb dont le si\u00e8ge est situ\u00e9 rue du souvenir  \nfran\u00e7ais, quartier Saint-Roch \u00e0 Cuers (83390), repr\u00e9sent\u00e9 par son directeur ex\u00e9cutif \u2013 p\u00f4le PACA \nOUEST, Monsieur Gr\u00e9gory LECOUTEUX, est habilit\u00e9 pour exercer les activit\u00e9s suivantes\u00a0:\n1 - Transport de corps avant et apr\u00e8s mise en bi\u00e8re,\n2 - Organisation des obs\u00e8ques,\n1/2\nPr\u00e9fecture du VAR - 83-2025-12-11-00010 - ARR\u00caT\u00c9 PR\u00c9FECTORAL n\u00b0 DCL/BERG/2025/0262 du 11 d\u00e9cembre 2025, portant\nrenouvellement de l'habilitation de l'\u00e9tablissement, \u00ab\u00a0ROC-ECLERC\u00a0\u00bb, 180 avenue Docteur Tremoli\u00e8res - 83160 LA VALETTE-DU-VAR,\ng\u00e9r\u00e9 par la SAS \u00ab\u00a0FUNECAP SUD EST\u00a0\u00bb\n12\n3 - Soins de con servation, en sous-traitance avec l'\u00e9tablissement \u00ab \u00a0THANATHOPRAXIE SUD\u00a0\u00bb, sis \nZI LIZAC Camps Grand \u2013 82200 LIZAC, habilit\u00e9 sous le num\u00e9ro 22-82-124,\n4 - Fourniture  des  housses,  cercueils  et  accessoires  int\u00e9rieur  et  ext\u00e9rieur  ainsi  que  des  urnes\ncin\u00e9raires,\n7 - Fourniture des corbillards et voitures de deuil, list\u00e9s en annexe du pr\u00e9sent arr\u00eat\u00e9,\n8 - Fourniture de personnel et des objets et prestations n\u00e9cessaires aux obs\u00e8ques, inhumations,  \nexhumations et cr\u00e9mations.\nArticle 2     : L'habilitation porte le num\u00e9ro 25-83-0176.\nArticle 3     : La pr\u00e9sente habilitation est accord\u00e9e  pour une dur\u00e9e de cinq ans \u00e0 compter du 17  \nd\u00e9cembre 2025, soit jusqu'au 16 d\u00e9cembre 2030 inclus.\nPour solliciter le renouvellement de la pr\u00e9sente habilitation, le b\u00e9n\u00e9ficiaire devra faire parvenir sa  \ndemande en pr\u00e9fecture au plus tard deux mois avant sa date de fin de validit\u00e9.\nArticle 4     : Conform\u00e9ment aux articles L.2223-25 et R.2223-64 du code g\u00e9n\u00e9ral des collectivit\u00e9s  \nterritoriales, et \u00e0 d\u00e9faut de la production, dans les meilleurs d\u00e9lais, des justificatifs de conformit\u00e9  \ndes \u00e9quipements, la pr\u00e9sente habilitation pourra \u00eatre suspendue pour une dur\u00e9e maximale d'un  \nan ou retir\u00e9e, apr\u00e8s mise en demeure, pour les motifs suivants\u00a0:\n- non-respect des conditions de sa d\u00e9livrance telles qu'elles sont d\u00e9finies par les dispositions du  \ncode g\u00e9n\u00e9ral des collectivit\u00e9s territoriales\u00a0;\n- non exercice ou cessation d'exercice des activit\u00e9s au titre desquelles elle a \u00e9t\u00e9 d\u00e9livr\u00e9e\u00a0;\n- atteinte \u00e0 l'ordre public ou danger pour la salubrit\u00e9 publique.\nDans les cas o\u00f9 le b\u00e9n\u00e9ficiaire est un d\u00e9l\u00e9gataire, le retrait d'habilitation entra\u00eene la d\u00e9ch\u00e9ance  \ndes d\u00e9l\u00e9gations.\nArticle 5     : Le secr\u00e9taire g\u00e9n\u00e9ral de la pr\u00e9fecture du Var est charg\u00e9 de l'ex\u00e9cution du pr\u00e9sent arr\u00eat\u00e9 \nqui sera publi\u00e9 au recueil des actes administratifs de la pr\u00e9fecture du Var et dont une copie sera  \nadress\u00e9e au maire de la commune de La Valette-du-Var pour information.\nFait \u00e0 Toulon,\nPour le pr\u00e9fet et par d\u00e9l\u00e9gation\nl'adjoint au directeur de la citoyennet\u00e9 et de la \nl\u00e9galit\u00e9\nSign\u00e9\nLionel GARENTE\nDans un d\u00e9lai de deux mois \u00e0 compter de la date de la notification ou de la publication du pr\u00e9sent arr\u00eat\u00e9 au recueil des actes administratifs de la \npr\u00e9fecture, les recours suivants peuvent \u00eatre introduits conform\u00e9ment aux dispositions des articles R. 421-1 et suivants du code de justice \nadministrative :\n- un recours gracieux, adress\u00e9 \u00e0 :\nM. le Pr\u00e9fet du Var - Boulevard du 112\u00e8me\n r\u00e9giment d'infanterie - CS 31209 - 83070 TOULON CEDEX\n- un recours hi\u00e9rarchique, adress\u00e9\u00a0au(x) ministre(s) concern\u00e9(s)\u00a0;\nDans ces deux cas, le silence de l'Administration vaut rejet implicite au terme d'un d\u00e9lai de deux mois.\nApr\u00e8s un recours gracieux ou hi\u00e9rarchique, le d\u00e9lai du recours contentieux ne court qu'\u00e0 compter du rejet explicite ou implicite de l'un de ces \nrecours.\n- un recours contentieux, en saisissant le Tribunal Administratif de Toulon : 5 rue Racine -BP 40510 - 83\u00a0041 TOULON CEDEX 9\nLe tribunal administratif peut \u00eatre saisi par l'application informatique \u00ab\u00a0T\u00e9l\u00e9cours\u00a0\u00bb accessible par le site internet www.telecours.fr.\n2/2\nPr\u00e9fecture du VAR - 83-2025-12-11-00010 - ARR\u00caT\u00c9 PR\u00c9FECTORAL n\u00b0 DCL/BERG/2025/0262 du 11 d\u00e9cembre 2025, portant\nrenouvellement de l'habilitation de l'\u00e9tablissement, \u00ab\u00a0ROC-ECLERC\u00a0\u00bb, 180 avenue Docteur Tremoli\u00e8res - 83160 LA VALETTE-DU-VAR,\ng\u00e9r\u00e9 par la SAS \u00ab\u00a0FUNECAP SUD EST\u00a0\u00bb\n13\n| =PREFETDU VARLibert\u00e9Egalit\u00e9Fraternit\u00e9\nDirection de la citoyennet\u00e9 et de la l\u00e9galit\u00e9\nBureau des \u00e9lections et de la r\u00e9glementation g\u00e9n\u00e9rale\nAnnexe \u00e0 l'arr\u00eat\u00e9 n\u00b0DCL/BERG/0262 du 11 d\u00e9cembre 2025\nHabilitation n\u00b025-83-0176\nIdentification des v\u00e9hicules intervenant pour l'\u00e9tablissement\u00a0:\nROC-ECLERC\ng\u00e9r\u00e9 par la SAS FUNECAP SUD-EST\nSis 180 avenue Docteur Tremoli\u00e8res \u2013 83600 La Valette-du-Var\nTransport de corps avant et apr\u00e8s mise en bi\u00e8re\nGV-389-BZ\nDY-716-KB\nEH-017-SN\nEH-236-SN\nEH-457-SM\nEH-616-SM\nEH-880-SM\nES-656-PE\nGL-005-XK\nGY-833-JL\nT\u00e9l\u00a0: 04 94 18 83 83\nM\u00e9l\u00a0: pref-funeraires@var.gouv.fr\nBd du 112\u00e8me R\u00e9giment d'Infanterie\nCS 31 209 - 83070 TOULON CEDEX\nPr\u00e9fecture du VAR - 83-2025-12-11-00010 - ARR\u00caT\u00c9 PR\u00c9FECTORAL n\u00b0 DCL/BERG/2025/0262 du 11 d\u00e9cembre 2025, portant\nrenouvellement de l'habilitation de l'\u00e9tablissement, \u00ab\u00a0ROC-ECLERC\u00a0\u00bb, 180 avenue Docteur Tremoli\u00e8res - 83160 LA VALETTE-DU-VAR,\ng\u00e9r\u00e9 par la SAS \u00ab\u00a0FUNECAP SUD EST\u00a0\u00bb\n14\nPr\u00e9fecture du VAR\n83-2025-12-11-00012\nARR\u00caT\u00c9 PR\u00c9FECTORAL n\u00b0 DCL/BERG/2025/0269\ndu 11 d\u00e9cembre 2025, portant renouvellement\nde l'habilitation de l'\u00e9tablissement, \u00ab\u00a0POMPES\nFUNEBRES DU GOLFE\u00a0\u00bb, Avenue de Lattre de\nTassigny - Le Splendid Azur - 83120\nSAINTE-MAXIME, g\u00e9r\u00e9 par la SAS \u00ab\u00a0FUNECAP\nSUD EST\u00a0\u00bb\nPr\u00e9fecture du VAR - 83-2025-12-11-00012 - ARR\u00caT\u00c9 PR\u00c9FECTORAL n\u00b0 DCL/BERG/2025/0269 du 11 d\u00e9cembre 2025, portant\nrenouvellement de l'habilitation de l'\u00e9tablissement, \u00ab\u00a0POMPES FUNEBRES DU GOLFE\u00a0\u00bb, Avenue de Lattre de Tassigny - Le Splendid\nAzur - 83120 SAINTE-MAXIME, g\u00e9r\u00e9 par la SAS \u00ab\u00a0FUNECAP SUD EST\u00a0\u00bb\n15\n=mPREFETDU VARLibert\u00e9Egalit\u00e9Fraternit\u00e9\nDirection de la citoyennet\u00e9 et de la l\u00e9galit\u00e9\nBureau des \u00e9lections et de la r\u00e9glementation g\u00e9n\u00e9rale\nARR\u00caT\u00c9 PR\u00c9FECTORAL n\u00b0 DCL/BERG/2025/0269 du 11 d\u00e9cembre 2025\nportant renouvellement de l'habilitation de l'\u00e9tablissement\n\u00ab POMPES FUNEBRES DU GOLFE \u00bb\nAvenue de Lattre de Tassigny \u2013 Le Splendid Azur \u2013 83120 SAINTE-MAXIME\ng\u00e9r\u00e9 par la SAS \u00ab FUNECAP SUD EST \u00bb\nHabilitation N\u00b0 25-83-0146\nLe Pr\u00e9fet du Var,\nVu le code g\u00e9n\u00e9ral des collectivit\u00e9s territoriales \u00a0et notamment ses articles L2223-19, L2223-23 et  \nsuivants\u00a0;\nVu la loi n\u00b0 2008-1350 du 19 d\u00e9cembre 2008 relative \u00e0 la l\u00e9gislation fun\u00e9raire\u00a0;\nVu le d\u00e9cret du Pr\u00e9sident de la R\u00e9publique du 15 mai 2025, portant nomination de Monsieur  \nSimon BABRE, pr\u00e9fet du Var\u00a0;\nVu l'arr\u00eat\u00e9 pr\u00e9fectoral n\u00b0 2025/12/MCI du 2 juin 2025 portant d\u00e9l\u00e9gation de signature \u00e0 Monsieur  \nLucien GIUDICELLI, secr\u00e9taire g\u00e9n\u00e9ral de la pr\u00e9fecture du Var, sous-pr\u00e9fet de l'arrondissement de  \nToulon\u00a0;\nVu  l'arr\u00eat\u00e9  pr\u00e9fectoral  n\u00b0  2025/53/MCI  du  15  juillet  2025  portant  d\u00e9l\u00e9gation  de  signature  \u00e0 \nMonsieur Thibaut DARGON, directeur de la citoyennet\u00e9 et de la l\u00e9galit\u00e9 de la pr\u00e9fecture du Var\u00a0;\nVu l'arr\u00eat\u00e9 pr\u00e9fectoral n\u00b0 DCL/BERG/2020/409 du 14 d\u00e9cembre 2020, portant renouvellement  \nd'habilitation dans le domaine fun\u00e9raire de l'\u00e9tablissement secondaire \u00ab POMPES FUNEBRES DU  \nGOLFE \u00bb sis avenue de Lattre de Tassigny \u2013 Le Splendid Azur \u00e0 Sainte-Maxime (83120)  jusqu'au 13 \nd\u00e9cembre 2025 inclus\u00a0;\nVu  la  demande  du  31  octobre  2025  de  renouvellement  d'habilitation  de  l'\u00e9tablissement \n\u00ab POMPES FUNEBRES DU GOLFE \u00bb, situ\u00e9 avenue de Lattre de Tassigny \u2013 Le Splendid Azur \u00e0 Sainte-\nMaxime (83120), formul\u00e9e par Monsieur  Pascal FERRERO, directeur ex\u00e9cutif adjoint \u2013 p\u00f4le PACA  \nEST de la SAS  \u00ab FUNECAP SUD EST  \u00bb dont le si\u00e8ge est situ\u00e9 rue du souvenir fran\u00e7ais, quartier  \nSaint-Roch \u00e0 Cuers (83390)\u00a0;\nConsid\u00e9rant la compl\u00e9tude du dossier\u00a0;\nSur proposition du secr\u00e9taire g\u00e9n\u00e9ral de la pr\u00e9fecture\u00a0;\nARR\u00caTE\nArticle 1 : L'\u00e9tablissement \u00ab POMPES FUNEBRES DU GOLFE  \u00bb, situ\u00e9 avenue de Lattre de Tassigny \u2013 \nLe Splendid Azur \u00e0 Sainte-Maxime (83120), g\u00e9r\u00e9 par la SAS \u00ab FUNECAP SUD EST \u00bb dont le si\u00e8ge est \nsitu\u00e9 rue du souvenir fran\u00e7ais, quartier Saint-Roch \u00e0 Cuers (83390), repr\u00e9sent\u00e9 par son directeur  \nex\u00e9cutif adjoint \u2013 p\u00f4le PACA EST, Monsieur Pascal FERRERO, est habilit\u00e9 pour exercer les activit\u00e9s  \nsuivantes\u00a0:\n1 - Transport de corps avant et apr\u00e8s mise en bi\u00e8re,\n1/2\nPr\u00e9fecture du VAR - 83-2025-12-11-00012 - ARR\u00caT\u00c9 PR\u00c9FECTORAL n\u00b0 DCL/BERG/2025/0269 du 11 d\u00e9cembre 2025, portant\nrenouvellement de l'habilitation de l'\u00e9tablissement, \u00ab\u00a0POMPES FUNEBRES DU GOLFE\u00a0\u00bb, Avenue de Lattre de Tassigny - Le Splendid\nAzur - 83120 SAINTE-MAXIME, g\u00e9r\u00e9 par la SAS \u00ab\u00a0FUNECAP SUD EST\u00a0\u00bb\n16\n2 - Organisation des obs\u00e8ques,\n3 - Soins  de  conservation, en  sous-traitance  avec  l'\u00e9tablissement  \u00ab\u00a0AMV  THANATO\u00a0\u00bb,  sis  380 \navenue de Fabron \u2013 La Couronne de Fabron -  06200 Nice, habilit\u00e9 sous le num\u00e9ro 23-06-0280,\n4 - Fourniture  des  housses,  cercueils  et  accessoires  int\u00e9rieur  et  ext\u00e9rieur  ainsi  que  des  urnes\ncin\u00e9raires,\n7 - Fourniture des corbillards et voitures de deuil, list\u00e9s en annexe du pr\u00e9sent arr\u00eat\u00e9,\n8 - Fourniture de personnels et des objets et prestations n\u00e9cessaires aux obs\u00e8ques, inhumations,  \nexhumations et cr\u00e9mations.\nArticle 2     : L'habilitation porte le num\u00e9ro 25-83-0146.\nArticle 3     : La pr\u00e9sente habilitation est accord\u00e9e  pour une dur\u00e9e de cinq ans \u00e0 compter du 14  \nd\u00e9cembre 2025, soit jusqu'au 13 d\u00e9cembre 2030 inclus.\nPour solliciter le renouvellement de la pr\u00e9sente habilitation, le b\u00e9n\u00e9ficiaire devra faire parvenir sa  \ndemande en pr\u00e9fecture au plus tard deux mois avant sa date de fin de validit\u00e9.\nArticle 4     : Conform\u00e9ment aux articles L.2223-25 et R.2223-64 du code g\u00e9n\u00e9ral des collectivit\u00e9s  \nterritoriales, et \u00e0 d\u00e9faut de la production, dans les meilleurs d\u00e9lais, des justificatifs de conformit\u00e9  \ndes \u00e9quipements, la pr\u00e9sente habilitation pourra \u00eatre suspendue pour une dur\u00e9e maximale d'un  \nan ou retir\u00e9e, apr\u00e8s mise en demeure, pour les motifs suivants\u00a0:\n- non-respect des conditions de sa d\u00e9livrance telles qu'elles sont d\u00e9finies par les dispositions du  \ncode g\u00e9n\u00e9ral des collectivit\u00e9s territoriales\u00a0;\n- non exercice ou cessation d'exercice des activit\u00e9s au titre desquelles elle a \u00e9t\u00e9 d\u00e9livr\u00e9e\u00a0;\n- atteinte \u00e0 l'ordre public ou danger pour la salubrit\u00e9 publique.\nDans les cas o\u00f9 le b\u00e9n\u00e9ficiaire est un d\u00e9l\u00e9gataire, le retrait d'habilitation entra\u00eene la d\u00e9ch\u00e9ance  \ndes d\u00e9l\u00e9gations.\nArticle 5     : Le secr\u00e9taire g\u00e9n\u00e9ral de la pr\u00e9fecture du Var est charg\u00e9 de l'ex\u00e9cution du pr\u00e9sent arr\u00eat\u00e9 \nqui sera publi\u00e9 au recueil des actes administratifs de la pr\u00e9fecture du Var et dont une copie sera  \nadress\u00e9e au maire de la commune de Sainte-Maxime pour information.\nFait \u00e0 Toulon,\nPour le pr\u00e9fet et par d\u00e9l\u00e9gation\nl'adjoint au directeur de la citoyennet\u00e9 et de la \nl\u00e9galit\u00e9\nSign\u00e9\nLionel GARENTE\nDans un d\u00e9lai de deux mois \u00e0 compter de la date de la notification ou de la publication du pr\u00e9sent arr\u00eat\u00e9 au recueil des actes administratifs de la \npr\u00e9fecture, les recours suivants peuvent \u00eatre introduits conform\u00e9ment aux dispositions des articles R. 421-1 et suivants du code de justice \nadministrative :\n- un recours gracieux, adress\u00e9 \u00e0 :\nM. le Pr\u00e9fet du Var - Boulevard du 112\u00e8me\n r\u00e9giment d'infanterie - CS 31209 - 83070 TOULON CEDEX\n- un recours hi\u00e9rarchique, adress\u00e9\u00a0au(x) ministre(s) concern\u00e9(s)\u00a0;\nDans ces deux cas, le silence de l'Administration vaut rejet implicite au terme d'un d\u00e9lai de deux mois.\nApr\u00e8s un recours gracieux ou hi\u00e9rarchique, le d\u00e9lai du recours contentieux ne court qu'\u00e0 compter du rejet explicite ou implicite de l'un de ces \nrecours.\n- un recours contentieux, en saisissant le Tribunal Administratif de Toulon : 5 rue Racine -BP 40510 - 83\u00a0041 TOULON CEDEX 9\nLe tribunal administratif peut \u00eatre saisi par l'application informatique \u00ab\u00a0T\u00e9l\u00e9cours\u00a0\u00bb accessible par le site internet www.telecours.fr.\n2/2\nPr\u00e9fecture du VAR - 83-2025-12-11-00012 - ARR\u00caT\u00c9 PR\u00c9FECTORAL n\u00b0 DCL/BERG/2025/0269 du 11 d\u00e9cembre 2025, portant\nrenouvellement de l'habilitation de l'\u00e9tablissement, \u00ab\u00a0POMPES FUNEBRES DU GOLFE\u00a0\u00bb, Avenue de Lattre de Tassigny - Le Splendid\nAzur - 83120 SAINTE-MAXIME, g\u00e9r\u00e9 par la SAS \u00ab\u00a0FUNECAP SUD EST\u00a0\u00bb\n17\n| =PREFETDU VARLibert\u00e9Egalit\u00e9Fraternit\u00e9\nDirection de la citoyennet\u00e9 et de la l\u00e9galit\u00e9\nBureau des \u00e9lections et de la r\u00e9glementation g\u00e9n\u00e9rale\nAnnexe \u00e0 l'arr\u00eat\u00e9 n\u00b0DCL/BERG/2025/0269 du 11 d\u00e9cembre 2025\nHabilitation N\u00b0 25-83-0146\nIdentification des v\u00e9hicules intervenant pour l'\u00e9tablissement\u00a0:\nPOMPES FUNEBRES DU GOLFE\ng\u00e9r\u00e9 par la SAS FUNECAP SUF-EST\nSis avenue de Lattre de Tassigny \u2013 Le Splendid Azur \u00e0 Sainte-Maxime (83120)\nTransport de corps avant et apr\u00e8s mise en bi\u00e8re\nFW-329-XD\nHE-268-YA\nT\u00e9l\u00a0: 04 94 18 83 83\nM\u00e9l\u00a0: pref-funeraires@var.gouv.fr\nBd du 112\u00e8me R\u00e9giment d'Infanterie\nCS 31 209 - 83070 TOULON CEDEX\nPr\u00e9fecture du VAR - 83-2025-12-11-00012 - ARR\u00caT\u00c9 PR\u00c9FECTORAL n\u00b0 DCL/BERG/2025/0269 du 11 d\u00e9cembre 2025, portant\nrenouvellement de l'habilitation de l'\u00e9tablissement, \u00ab\u00a0POMPES FUNEBRES DU GOLFE\u00a0\u00bb, Avenue de Lattre de Tassigny - Le Splendid\nAzur - 83120 SAINTE-MAXIME, g\u00e9r\u00e9 par la SAS \u00ab\u00a0FUNECAP SUD EST\u00a0\u00bb\n18\nPr\u00e9fecture du VAR\n83-2025-12-11-00011\nARR\u00caT\u00c9 PR\u00c9FECTORAL n\u00b0 DCL/BERG/2025/0270\ndu 11 d\u00e9cembre 2025, portant renouvellement\nde l'habilitation de l'\u00e9tablissement\n\u00ab\u00a0ROC-ECLERC\u00a0\u00bb, 599 avenue Mar\u00e9chal de\nLattre de Tassigny - 83600 FR\u00c9JUS, g\u00e9r\u00e9 par la\nSAS \u00ab\u00a0FUNECAP SUD-EST\u00a0\u00bb\nPr\u00e9fecture du VAR - 83-2025-12-11-00011 - ARR\u00caT\u00c9 PR\u00c9FECTORAL n\u00b0 DCL/BERG/2025/0270 du 11 d\u00e9cembre 2025, portant\nrenouvellement de l'habilitation de l'\u00e9tablissement \u00ab\u00a0ROC-ECLERC\u00a0\u00bb, 599 avenue Mar\u00e9chal de Lattre de Tassigny - 83600 FR\u00c9JUS, g\u00e9r\u00e9\npar la SAS \u00ab\u00a0FUNECAP SUD-EST\u00a0\u00bb\n19\n=mPREFETDU VARLibert\u00e9Egalit\u00e9Fraternit\u00e9\nDirection de la citoyennet\u00e9 et de la l\u00e9galit\u00e9\nBureau des \u00e9lections et de la r\u00e9glementation g\u00e9n\u00e9rale\nARR\u00caT\u00c9 PR\u00c9FECTORAL n\u00b0 DCL/BERG/2025/0270 du 11 d\u00e9cembre 2025\nportant renouvellement de l'habilitation de l'\u00e9tablissement\n\u00ab ROC-ECLERC \u00bb\n599 avenue Mar\u00e9chal de Lattre de Tassigny \u2013 83600 FR\u00c9JUS\ng\u00e9r\u00e9 par la SAS \u00ab FUNECAP SUD-EST \u00bb\nHabilitation N\u00b0 25-83-0169\nLe Pr\u00e9fet du Var,\nVu le code g\u00e9n\u00e9ral des collectivit\u00e9s territoriales \u00a0et notamment ses articles L2223-19, L2223-23 et \nsuivants\u00a0;\nVu la loi n\u00b0 2008-1350 du 19 d\u00e9cembre 2008 relative \u00e0 la l\u00e9gislation fun\u00e9raire\u00a0;\nVu le d\u00e9cret du Pr\u00e9sident de la R\u00e9publique du 15 mai 2025, portant nomination de Monsieur  \nSimon BABRE, pr\u00e9fet du Var\u00a0;\nVu l'arr\u00eat\u00e9 pr\u00e9fectoral n\u00b0 2025/12/MCI du 2 juin 2025 portant d\u00e9l\u00e9gation de signature \u00e0 Monsieur  \nLucien GIUDICELLI, secr\u00e9taire g\u00e9n\u00e9ral de la pr\u00e9fecture du Var, sous-pr\u00e9fet de l'arrondissement de  \nToulon\u00a0;\nVu  l'arr\u00eat\u00e9  pr\u00e9fectoral  n\u00b0  2025/53/MCI  du  15  juillet  2025  portant  d\u00e9l\u00e9gation  de  signature  \u00e0 \nMonsieur Thibaut DARGON, directeur de la citoyennet\u00e9 et de la l\u00e9galit\u00e9 de la pr\u00e9fecture du Var\u00a0;\nVu l'arr\u00eat\u00e9 pr\u00e9fectoral n\u00b0 DCL/BERG/2020/408 du 14 d\u00e9cembre 2020, portant renouvellement  \nd'habilitation dans le domaine fun\u00e9raire de l'\u00e9tablissement secondaire  \u00ab ROC-ECLERC \u00bb sis  599 \navenue Mar\u00e9chal de Lattre de Tassigny \u00e0 Fr\u00e9jus (83600) jusqu'au 13 d\u00e9cembre 2025\u00a0inclus\u00a0;\nVu  la  demande  du  27  octobre  2025  de  renouvellement  d'habilitation  de  l'\u00e9tablissement \n\u00ab ROC-ECLERC \u00bb,  599 avenue Mar\u00e9chal de Lattre de Tassigny  \u00e0 Fr\u00e9jus (83600) , formul\u00e9e par  \nMonsieur Pascal FERRERO, directeur ex\u00e9cutif adjoint \u2013 p\u00f4le PACA EST de la SAS \u00ab FUNECAP \nSUD-EST dont le si\u00e8ge est situ\u00e9 rue du souvenir fran\u00e7ais, quartier Saint-Roch \u00e0 Cuers (83390)\u00a0;\nConsid\u00e9rant la compl\u00e9tude du dossier\u00a0;\nSur proposition du secr\u00e9taire g\u00e9n\u00e9ral de la pr\u00e9fecture\u00a0;\nARR\u00caTE\nArticle 1  : L'\u00e9tablissement  \u00ab ROC-ECLERC \u00bb,  situ\u00e9  599 avenue Mar\u00e9chal de Lattre de Tassigny  \u00e0  \nFr\u00e9jus, g\u00e9r\u00e9 par la SAS  \u00ab FUNECAP SUD-EST  \u00bb  dont le si\u00e8ge est situ\u00e9 rue du souvenir fran\u00e7ais,  \nquartier Saint-Roch \u00e0 Cuers (83390), repr\u00e9sent\u00e9 par son directeur ex\u00e9cutif adjoint \u2013 p\u00f4le PACA  \nEST, Monsieur Pascal FERRERO, est habilit\u00e9 pour exercer les activit\u00e9s suivantes\u00a0:\n1 - Transport de corps avant et apr\u00e8s mise en bi\u00e8re,\n2 - Organisation des obs\u00e8ques,\n1/2\nPr\u00e9fecture du VAR - 83-2025-12-11-00011 - ARR\u00caT\u00c9 PR\u00c9FECTORAL n\u00b0 DCL/BERG/2025/0270 du 11 d\u00e9cembre 2025, portant\nrenouvellement de l'habilitation de l'\u00e9tablissement \u00ab\u00a0ROC-ECLERC\u00a0\u00bb, 599 avenue Mar\u00e9chal de Lattre de Tassigny - 83600 FR\u00c9JUS, g\u00e9r\u00e9\npar la SAS \u00ab\u00a0FUNECAP SUD-EST\u00a0\u00bb\n20\n3 - Soins  de  conservation, en  sous-traitance  avec  l'\u00e9tablissement  \u00ab\u00a0AMV  THANATO\u00a0\u00bb,  sis  380 \navenue de Fabron \u2013 La Couronne de Fabron -  06200 Nice, habilit\u00e9 sous le num\u00e9ro 23-06-0280,\n4 - Fourniture  des  housses,  cercueils  et  accessoires  int\u00e9rieur  et  ext\u00e9rieur  ainsi  que  des  urnes\ncin\u00e9raires,\n7 - Fourniture des corbillards et voitures de deuil, list\u00e9s en annexe du pr\u00e9sent arr\u00eat\u00e9,\n8 - Fourniture de personnel et des objets et prestations n\u00e9cessaires aux obs\u00e8ques, inhumations,  \nexhumations et cr\u00e9mations.\nArticle 2     : L'habilitation porte le num\u00e9ro 25-83-0169.\nArticle 3     : La pr\u00e9sente habilitation est accord\u00e9e  pour une dur\u00e9e de cinq ans \u00e0 compter du 14  \nd\u00e9cembre 2025, soit jusqu'au 13 d\u00e9cembre 2030 inclus.\nPour solliciter le renouvellement de la pr\u00e9sente habilitation, le b\u00e9n\u00e9ficiaire devra faire parvenir sa  \ndemande en pr\u00e9fecture au plus tard deux mois avant sa date de fin de validit\u00e9.\nArticle 4     : Conform\u00e9ment aux articles L.2223-25 et R.2223-64 du code g\u00e9n\u00e9ral des collectivit\u00e9s  \nterritoriales, et \u00e0 d\u00e9faut de la production, dans les meilleurs d\u00e9lais, des justificatifs de conformit\u00e9  \ndes \u00e9quipements, la pr\u00e9sente habilitation pourra \u00eatre suspendue pour une dur\u00e9e maximale d'un  \nan ou retir\u00e9e, apr\u00e8s mise en demeure, pour les motifs suivants\u00a0:\n- non-respect des conditions de sa d\u00e9livrance telles qu'elles sont d\u00e9finies par les dispositions du  \ncode g\u00e9n\u00e9ral des collectivit\u00e9s territoriales\u00a0;\n- non exercice ou cessation d'exercice des activit\u00e9s au titre desquelles elle a \u00e9t\u00e9 d\u00e9livr\u00e9e\u00a0;\n- atteinte \u00e0 l'ordre public ou danger pour la salubrit\u00e9 publique.\nDans les cas o\u00f9 le b\u00e9n\u00e9ficiaire est un d\u00e9l\u00e9gataire, le retrait d'habilitation entra\u00eene la d\u00e9ch\u00e9ance  \ndes d\u00e9l\u00e9gations.\nArticle 5     : Le secr\u00e9taire g\u00e9n\u00e9ral de la pr\u00e9fecture du Var est charg\u00e9 de l'ex\u00e9cution du pr\u00e9sent arr\u00eat\u00e9 \nqui sera publi\u00e9 au recueil des actes administratifs de la pr\u00e9fecture du Var et dont une copie sera  \nadress\u00e9e au maire de la commune de Fr\u00e9jus pour information.\nFait \u00e0 Toulon,\nPour le pr\u00e9fet et par d\u00e9l\u00e9gation\nl'adjoint au directeur de la citoyennet\u00e9 et de la \nl\u00e9galit\u00e9\nSign\u00e9\nLionel GARENTE\nDans un d\u00e9lai de deux mois \u00e0 compter de la date de la notification ou de la publication du pr\u00e9sent arr\u00eat\u00e9 au recueil des actes administratifs de la \npr\u00e9fecture, les recours suivants peuvent \u00eatre introduits conform\u00e9ment aux dispositions des articles R. 421-1 et suivants du code de justice \nadministrative :\n- un recours gracieux, adress\u00e9 \u00e0 :\nM. le Pr\u00e9fet du Var - Boulevard du 112\u00e8me\n r\u00e9giment d'infanterie - CS 31209 - 83070 TOULON CEDEX\n- un recours hi\u00e9rarchique, adress\u00e9\u00a0au(x) ministre(s) concern\u00e9(s)\u00a0;\nDans ces deux cas, le silence de l'Administration vaut rejet implicite au terme d'un d\u00e9lai de deux mois.\nApr\u00e8s un recours gracieux ou hi\u00e9rarchique, le d\u00e9lai du recours contentieux ne court qu'\u00e0 compter du rejet explicite ou implicite de l'un de ces \nrecours.\n- un recours contentieux, en saisissant le Tribunal Administratif de Toulon : 5 rue Racine -BP 40510 - 83\u00a0041 TOULON CEDEX 9\nLe tribunal administratif peut \u00eatre saisi par l'application informatique \u00ab\u00a0T\u00e9l\u00e9cours\u00a0\u00bb accessible par le site internet www.telecours.fr.\n2/2\nPr\u00e9fecture du VAR - 83-2025-12-11-00011 - ARR\u00caT\u00c9 PR\u00c9FECTORAL n\u00b0 DCL/BERG/2025/0270 du 11 d\u00e9cembre 2025, portant\nrenouvellement de l'habilitation de l'\u00e9tablissement \u00ab\u00a0ROC-ECLERC\u00a0\u00bb, 599 avenue Mar\u00e9chal de Lattre de Tassigny - 83600 FR\u00c9JUS, g\u00e9r\u00e9\npar la SAS \u00ab\u00a0FUNECAP SUD-EST\u00a0\u00bb\n21\n| =PREFETDU VARLibert\u00e9Egalit\u00e9Fraternit\u00e9\nDirection de la citoyennet\u00e9 et de la l\u00e9galit\u00e9\nBureau des \u00e9lections et de la r\u00e9glementation g\u00e9n\u00e9rale\nAnnexe \u00e0 l'arr\u00eat\u00e9 n\u00b0DCL/BERG/2025/0270 du 11 d\u00e9cembre 2025\nHabilitation n\u00b025-83-0169\nIdentification des v\u00e9hicules intervenant pour l'\u00e9tablissement\u00a0:\nROC-ECLERC\ng\u00e9r\u00e9 par la SAS FUNECAP SUD-EST\nSis 599 avenue Mar\u00e9chal de Lattre de Tassigny \u2013 83600 FR\u00c9JUS\nTransport de corps avant et apr\u00e8s mise en bi\u00e8re\nDY-032-DR\nDY-048-DQ\nDY-894-DQ\nT\u00e9l\u00a0: 04 94 18 83 83\nM\u00e9l\u00a0: pref-funeraires@var.gouv.fr\nBd du 112\u00e8me R\u00e9giment d'Infanterie\nCS 31 209 - 83070 TOULON CEDEX\nPr\u00e9fecture du VAR - 83-2025-12-11-00011 - ARR\u00caT\u00c9 PR\u00c9FECTORAL n\u00b0 DCL/BERG/2025/0270 du 11 d\u00e9cembre 2025, portant\nrenouvellement de l'habilitation de l'\u00e9tablissement \u00ab\u00a0ROC-ECLERC\u00a0\u00bb, 599 avenue Mar\u00e9chal de Lattre de Tassigny - 83600 FR\u00c9JUS, g\u00e9r\u00e9\npar la SAS \u00ab\u00a0FUNECAP SUD-EST\u00a0\u00bb\n22\nPr\u00e9fecture du VAR\n83-2025-12-11-00009\nARR\u00caT\u00c9 PR\u00c9FECTORAL n\u00b0 DCL/BERG/2025/0272\ndu 11 d\u00e9cembre 2025 portant habilitation dans\nle domaine fun\u00e9raire de l'\u00e9tablissement\n\u00ab\u00a0CHAMBRE FUN\u00c9RAIRE\u00a0\u00bb\navenue d'Arquier- 83270 SAINT-CYR-SUR-MER\ng\u00e9r\u00e9 par la SAS \u00ab\u00a0OGF SERVICES FUNERAIRES\u00a0\u00bb\nPr\u00e9fecture du VAR - 83-2025-12-11-00009 - ARR\u00caT\u00c9 PR\u00c9FECTORAL n\u00b0 DCL/BERG/2025/0272 du 11 d\u00e9cembre 2025 portant habilitation\ndans le domaine fun\u00e9raire de l'\u00e9tablissement \u00ab\u00a0CHAMBRE FUN\u00c9RAIRE\u00a0\u00bb\navenue d'Arquier- 83270 SAINT-CYR-SUR-MER g\u00e9r\u00e9 par la SAS \u00ab\u00a0OGF SERVICES FUNERAIRES\u00a0\u00bb\n23\n=mPREFETDU VARLibert\u00e9Egalit\u00e9Fraternit\u00e9\nDirection de la citoyennet\u00e9 et de la l\u00e9galit\u00e9\nBureau des \u00e9lections et de la r\u00e9glementation g\u00e9n\u00e9rale\nARR\u00caT\u00c9 PR\u00c9FECTORAL n\u00b0 DCL/BERG/2025/0272 du 11 d\u00e9cembre 2025\nportant habilitation dans le domaine fun\u00e9raire\nde l'\u00e9tablissement \u00ab CHAMBRE FUN\u00c9RAIRE \u00bb\navenue d'Arquier\u2013 83270 SAINT-CYR-SUR-MER\ng\u00e9r\u00e9 par la SAS \u00ab OGF SERVICES FUNERAIRES \u00bb\nHabilitation N\u00b0 25-83-0312\nLe Pr\u00e9fet du Var,\nVu le code g\u00e9n\u00e9ral des collectivit\u00e9s territoriales \u00a0et notamment ses articles L2223-19, L2223-23 et \nsuivants\u00a0;\nVu la loi n\u00b0 2008-1350 du 19 d\u00e9cembre 2008 relative \u00e0 la l\u00e9gislation fun\u00e9raire\u00a0;\nVu le d\u00e9cret du Pr\u00e9sident de la R\u00e9publique du 15 mai 2025, portant nomination de Monsieur  \nSimon BABRE, pr\u00e9fet du Var\u00a0;\nVu l'arr\u00eat\u00e9 pr\u00e9fectoral n\u00b0 2025/12/MCI du 2 juin 2025 portant d\u00e9l\u00e9gation de signature \u00e0 Monsieur  \nLucien GIUDICELLI, secr\u00e9taire g\u00e9n\u00e9ral de la pr\u00e9fecture du Var, sous-pr\u00e9fet de l'arrondissement de  \nToulon\u00a0;\nVu  l'arr\u00eat\u00e9  pr\u00e9fectoral  n\u00b0  2025/53/MCI  du  15  juillet  2025  portant  d\u00e9l\u00e9gation  de  signature  \u00e0 \nMonsieur Thibaut DARGON, directeur de la citoyennet\u00e9 et de la l\u00e9galit\u00e9 de la pr\u00e9fecture du Var\u00a0;\nVu la demande du 01 novembre 2025 d'habilitation de l'\u00e9tablissement \u00ab CHAMBRE FUN\u00c9RAIRE \u00bb, \nsitu\u00e9 421 avenue d'Arquier \u00e0 Saint-Cyr-Sur-Mer (8370) , formul\u00e9e par Monsieur Pierrick SARTORIO, \ndirecteur secteur op\u00e9rationnel de la SAS \u00ab OGF SERVICES FUNERAIRES \u00bb dont le si\u00e8ge est situ\u00e9 6  \nrue du G\u00e9n\u00e9ral Audran \u00e0 Courbevoie (92400)\u00a0;\nVu le rapport de contr\u00f4le du site du 24 octobre 2025, \u00e9tabli par \u00ab \u00a0Bureau Veritas Exploitation  \nSAS\u00a0\u00bb, \u00e9mettant un avis conforme pour l'\u00e9tablissement  \u00ab CHAMBRE FUN\u00c9RAIRE  \u00bb  situ\u00e9  avenue \nd'Arquier \u00e0 Saint-Cyr-sur-Mer (83270) ;\nConsid\u00e9rant la compl\u00e9tude du dossier\u00a0;\nSur proposition du secr\u00e9taire g\u00e9n\u00e9ral de la pr\u00e9fecture\u00a0;\nARR\u00caTE\nArticle 1  : L '\u00e9tablissement  \u00ab CHAMBRE FUN\u00c9RAIRE  \u00bb situ\u00e9 avenue d'Alquier \u00e0  Saint-Cyr-sur-Mer \n(83270), g\u00e9r\u00e9 par la SAS \u00ab \u00a0OGF SERVICES FUNERAIRES  \u00bb dont le si\u00e8ge est situ\u00e9 6 rue du G\u00e9n\u00e9ral  \nAudran  \u00e0  Courbevoie  (92400),  repr\u00e9sent\u00e9  par  son  directeur  secteur  op\u00e9rationnel,  Monsieur \nPierrick SARTORIO, est habilit\u00e9 pour exercer les activit\u00e9s suivantes\u00a0:\n1/2\nPr\u00e9fecture du VAR - 83-2025-12-11-00009 - ARR\u00caT\u00c9 PR\u00c9FECTORAL n\u00b0 DCL/BERG/2025/0272 du 11 d\u00e9cembre 2025 portant habilitation\ndans le domaine fun\u00e9raire de l'\u00e9tablissement \u00ab\u00a0CHAMBRE FUN\u00c9RAIRE\u00a0\u00bb\navenue d'Arquier- 83270 SAINT-CYR-SUR-MER g\u00e9r\u00e9 par la SAS \u00ab\u00a0OGF SERVICES FUNERAIRES\u00a0\u00bb\n24\n6 - Gestion et utilisation d'une chambre fun\u00e9raire.\nArticle 2     : L'habilitation porte le num\u00e9ro 25-83-0312.\nArticle 3     :  La pr\u00e9sente habilitation est d\u00e9livr\u00e9e pour une dur\u00e9e de cinq ans  \u00e0 compter  du 22  \nd\u00e9cembre 2025, soit jusqu'au 21 d\u00e9cembre 2030 inclus.\nPour solliciter le renouvellement de la pr\u00e9sente habilitation, le b\u00e9n\u00e9ficiaire devra faire parvenir sa  \ndemande en pr\u00e9fecture au plus tard deux mois avant sa date de fin de validit\u00e9.\nArticle 4     : Conform\u00e9ment aux articles L.2223-25, R.2223-64 et D.2223-87 du code g\u00e9n\u00e9ral des  \ncollectivit\u00e9s territoriales, et \u00e0 d\u00e9faut de la production, dans les meilleurs d\u00e9lais, des justificatifs de  \nconformit\u00e9 des \u00e9quipements, la pr\u00e9sente habilitation pourra \u00eatre suspendue pour une dur\u00e9e  \nmaximale d'un an ou retir\u00e9e, apr\u00e8s mise en demeure, pour les motifs suivants\u00a0:\n- non-respect des conditions de sa d\u00e9livrance telles qu'elles sont d\u00e9finies par les dispositions du  \ncode g\u00e9n\u00e9ral des collectivit\u00e9s territoriales\u00a0;\n- non exercice ou cessation d'exercice des activit\u00e9s au titre desquelles elle a \u00e9t\u00e9 d\u00e9livr\u00e9e\u00a0;\n- atteinte \u00e0 l'ordre public ou danger pour la salubrit\u00e9 publique.\nDans les cas o\u00f9 le b\u00e9n\u00e9ficiaire est un d\u00e9l\u00e9gataire, le retrait d'habilitation entra\u00eene la d\u00e9ch\u00e9ance  \ndes d\u00e9l\u00e9gations.\nArticle 5     : Le secr\u00e9taire g\u00e9n\u00e9ral de la pr\u00e9fecture du Var est charg\u00e9 de l'ex\u00e9cution du pr\u00e9sent arr\u00eat\u00e9 \nqui sera publi\u00e9 au recueil des actes administratifs de la pr\u00e9fecture du Var et dont une copie sera  \nadress\u00e9e au maire de la commune de Saint-Cyr-sur-Mer pour information.\nFait \u00e0 Toulon,\nPour le pr\u00e9fet et par d\u00e9l\u00e9gation,\nL'adjoint au directeur\nDe la citoyennet\u00e9 et de la l\u00e9galit\u00e9,\nSign\u00e9\u00a0:\nLionel GARENTE\nDans un d\u00e9lai de deux mois \u00e0 compter de la date de la notification ou de la publication du pr\u00e9sent arr\u00eat\u00e9 au recueil des actes administratifs de la \npr\u00e9fecture, les recours suivants peuvent \u00eatre introduits conform\u00e9ment aux dispositions des articles R. 421-1 et suivants du code de justice \nadministrative :\n- un recours gracieux, adress\u00e9 \u00e0 :\nM. le Pr\u00e9fet du Var - Boulevard du 112\u00e8me\n r\u00e9giment d'infanterie - CS 31209 - 83070 TOULON CEDEX\n- un recours hi\u00e9rarchique, adress\u00e9\u00a0au(x) ministre(s) concern\u00e9(s)\u00a0;\nDans ces deux cas, le silence de l'Administration vaut rejet implicite au terme d'un d\u00e9lai de deux mois.\nApr\u00e8s un recours gracieux ou hi\u00e9rarchique, le d\u00e9lai du recours contentieux ne court qu'\u00e0 compter du rejet explicite ou implicite de l'un de ces \nrecours.\n- un recours contentieux, en saisissant le Tribunal Administratif de Toulon : 5 rue Racine -BP 40510 - 83\u00a0041 TOULON CEDEX 9\nLe tribunal administratif peut \u00eatre saisi par l'application informatique \u00ab\u00a0T\u00e9l\u00e9cours\u00a0\u00bb accessible par le site internet www.telecours.fr.\n2/2\nPr\u00e9fecture du VAR - 83-2025-12-11-00009 - ARR\u00caT\u00c9 PR\u00c9FECTORAL n\u00b0 DCL/BERG/2025/0272 du 11 d\u00e9cembre 2025 portant habilitation\ndans le domaine fun\u00e9raire de l'\u00e9tablissement \u00ab\u00a0CHAMBRE FUN\u00c9RAIRE\u00a0\u00bb\navenue d'Arquier- 83270 SAINT-CYR-SUR-MER g\u00e9r\u00e9 par la SAS \u00ab\u00a0OGF SERVICES FUNERAIRES\u00a0\u00bb\n25\nPr\u00e9fecture du VAR\n83-2025-12-11-00008\nARR\u00caT\u00c9 PR\u00c9FECTORAL n\u00b0 DCL/BERG/2025/0281\ndu 11 d\u00e9cembre 2025 portant habilitation de\nl'\u00e9tablissement \u00ab\u00a0PFG - SERVICES FUNERAIRES\u00a0\u00bb\n301 rue S\u00e9verin Saurin - 83140\nSIX-FOURS-LES-PLAGES g\u00e9r\u00e9 par la SAS \u00ab\u00a0OGF\nSERVICES FUNERAIRES\u00a0\u00bb\nPr\u00e9fecture du VAR - 83-2025-12-11-00008 - ARR\u00caT\u00c9 PR\u00c9FECTORAL n\u00b0 DCL/BERG/2025/0281 du 11 d\u00e9cembre 2025 portant habilitation\nde l'\u00e9tablissement \u00ab\u00a0PFG - SERVICES FUNERAIRES\u00a0\u00bb 301 rue S\u00e9verin Saurin - 83140 SIX-FOURS-LES-PLAGES g\u00e9r\u00e9 par la SAS \u00ab\u00a0OGF\nSERVICES FUNERAIRES\u00a0\u00bb\n26\n=mPREFETDU VARLibert\u00e9Egalit\u00e9Fraternit\u00e9\nDirection de la citoyennet\u00e9 et de la l\u00e9galit\u00e9\nBureau des \u00e9lections et de la r\u00e9glementation g\u00e9n\u00e9rale\nARR\u00caT\u00c9 PR\u00c9FECTORAL n\u00b0 DCL/BERG/2025/0281 du 11 d\u00e9cembre 2025\nportant habilitation de l'\u00e9tablissement \u00ab PFG \u2013 SERVICES FUNERAIRES \u00bb\n301 rue S\u00e9verin Saurin \u2013 83140 SIX-FOURS-LES-PLAGES\ng\u00e9r\u00e9 par la SAS \u00ab OGF SERVICES FUNERAIRES \u00bb\nHabilitation N\u00b0 25-83-0308\nLe Pr\u00e9fet du Var,\nVu le code g\u00e9n\u00e9ral des collectivit\u00e9s territoriales \u00a0et notamment ses articles L2223-19, L2223-23 et \nsuivants\u00a0;\nVu la loi n\u00b0 2008-1350 du 19 d\u00e9cembre 2008 relative \u00e0 la l\u00e9gislation fun\u00e9raire\u00a0;\nVu le d\u00e9cret du Pr\u00e9sident de la R\u00e9publique du 15 mai 2025, portant nomination de Monsieur  \nSimon BABRE, pr\u00e9fet du Var\u00a0;\nVu l'arr\u00eat\u00e9 pr\u00e9fectoral n\u00b0 2025/12/MCI du 2 juin 2025 portant d\u00e9l\u00e9gation de signature \u00e0 Monsieur  \nLucien GIUDICELLI, secr\u00e9taire g\u00e9n\u00e9ral de la pr\u00e9fecture du Var, sous-pr\u00e9fet de l'arrondissement de  \nToulon\u00a0;\nVu  l'arr\u00eat\u00e9  pr\u00e9fectoral  n\u00b0  2025/53/MCI  du  15  juillet  2025  portant  d\u00e9l\u00e9gation  de  signature  \u00e0 \nMonsieur Thibaut DARGON, directeur de la citoyennet\u00e9 et de la l\u00e9galit\u00e9 de la pr\u00e9fecture du Var\u00a0;\nVu  la  demande  du  01  octobre  2025  d'habilitation  de  l'\u00e9tablissement  \u00ab PFG  \u2013 SERVICES \nFUNERAIRES \u00bb, situ\u00e9 301  rue  S\u00e9verin  Saurin  \u00e0  Six-Fours-les-Plages  (83140),  formul\u00e9e  par \nMonsieur  Pierrick  SARTORIO,  directeur  secteur  op\u00e9rationnel  de  la  SAS  \u00ab OGF SERVICES \nFUNERAIRES \u00bb dont le si\u00e8ge est situ\u00e9 6 rue du G\u00e9n\u00e9ral Audran \u00e0 Courbevoie (92400)\u00a0;\nConsid\u00e9rant la compl\u00e9tude du dossier\u00a0;\nSur proposition du secr\u00e9taire g\u00e9n\u00e9ral de la pr\u00e9fecture\u00a0;\nARR\u00caTE\nArticle 1  : L'\u00e9tablissement  \u00ab PFG \u2013 SERVICES FUNERAIRES  \u00bb, situ\u00e9 301 rue S\u00e9verin Saurin \u00e0 Six-\nFours-les-Plages (83140), g\u00e9r\u00e9 par la SAS \u00ab OGF SERVICES FUNERAIRES \u00bb dont le si\u00e8ge est situ\u00e9 6  \nrue du G\u00e9n\u00e9ral Audran \u00e0 Courbevoie (92400), repr\u00e9sent\u00e9 par son directeur secteur op\u00e9rationnel,  \nMonsieur Pierrick SARTORIO, est habilit\u00e9 pour exercer les activit\u00e9s suivantes\u00a0:\n1 - Transport de corps avant et apr\u00e8s mise en bi\u00e8re,\n2 - Organisation des obs\u00e8ques,\n3 - Soins  de  conservation, en  sous-traitance  avec  l'\u00e9tablissement  \u00ab\u00a0HYGECO  POST  MORTEM \nASSISTANCE\u00bb, sis 12 rue Sarah Berhardt \u00e0 Asni\u00e8res (92600), habilit\u00e9 sous le num\u00e9ro 25-92-0216,\n1/2\nPr\u00e9fecture du VAR - 83-2025-12-11-00008 - ARR\u00caT\u00c9 PR\u00c9FECTORAL n\u00b0 DCL/BERG/2025/0281 du 11 d\u00e9cembre 2025 portant habilitation\nde l'\u00e9tablissement \u00ab\u00a0PFG - SERVICES FUNERAIRES\u00a0\u00bb 301 rue S\u00e9verin Saurin - 83140 SIX-FOURS-LES-PLAGES g\u00e9r\u00e9 par la SAS \u00ab\u00a0OGF\nSERVICES FUNERAIRES\u00a0\u00bb\n27\n4 - Fourniture  des  housses,  cercueils  et  accessoires  int\u00e9rieur  et  ext\u00e9rieur  ainsi  que  des  urnes\ncin\u00e9raires,\n7 - Fourniture des corbillards et voitures de deuil, list\u00e9s en annexe du pr\u00e9sent arr\u00eat\u00e9,\n8 - Fourniture de personnel et des objets et prestations n\u00e9cessaires aux obs\u00e8ques, inhumations,  \nexhumations et cr\u00e9mations.\nArticle 2     : L'habilitation porte le num\u00e9ro 25-83-0308.\nArticle 3     : La pr\u00e9sente habilitation est accord\u00e9e  pour une dur\u00e9e de cinq ans \u00e0 compter du 14  \nd\u00e9cembre 2025, soit jusqu'au 13 d\u00e9cembre 2030 inclus.\nPour solliciter le renouvellement de la pr\u00e9sente habilitation, le b\u00e9n\u00e9ficiaire devra faire parvenir sa  \ndemande en pr\u00e9fecture au plus tard deux mois avant sa date de fin de validit\u00e9.\nArticle 4     : Conform\u00e9ment aux articles L.2223-25 et R.2223-64 du code g\u00e9n\u00e9ral des collectivit\u00e9s  \nterritoriales, et \u00e0 d\u00e9faut de la production, dans les meilleurs d\u00e9lais, des justificatifs de conformit\u00e9  \ndes \u00e9quipements, la pr\u00e9sente habilitation pourra \u00eatre suspendue pour une dur\u00e9e maximale d'un  \nan ou retir\u00e9e, apr\u00e8s mise en demeure, pour les motifs suivants\u00a0:\n- non-respect des conditions de sa d\u00e9livrance telles qu'elles sont d\u00e9finies par les dispositions du  \ncode g\u00e9n\u00e9ral des collectivit\u00e9s territoriales\u00a0;\n- non exercice ou cessation d'exercice des activit\u00e9s au titre desquelles elle a \u00e9t\u00e9 d\u00e9livr\u00e9e\u00a0;\n- atteinte \u00e0 l'ordre public ou danger pour la salubrit\u00e9 publique.\nDans les cas o\u00f9 le b\u00e9n\u00e9ficiaire est un d\u00e9l\u00e9gataire, le retrait d'habilitation entra\u00eene la d\u00e9ch\u00e9ance  \ndes d\u00e9l\u00e9gations.\nArticle 5     : Le secr\u00e9taire g\u00e9n\u00e9ral de la pr\u00e9fecture du Var est charg\u00e9 de l'ex\u00e9cution du pr\u00e9sent arr\u00eat\u00e9 \nqui sera publi\u00e9 au recueil des actes administratifs de la pr\u00e9fecture du Var et dont une copie sera  \nadress\u00e9e au maire de la commune de Six-Fours-les-Plages pour information.\nFait \u00e0 Toulon,\nPour le pr\u00e9fet et par d\u00e9l\u00e9gation,\nL'adjoint au directeur\nDe la citoyennet\u00e9 et de la l\u00e9galit\u00e9,\nSign\u00e9\u00a0:\nLionel GARENTE\nDans un d\u00e9lai de deux mois \u00e0 compter de la date de la notification ou de la publication du pr\u00e9sent arr\u00eat\u00e9 au recueil des actes administratifs de la \npr\u00e9fecture, les recours suivants peuvent \u00eatre introduits conform\u00e9ment aux dispositions des articles R. 421-1 et suivants du code de justice \nadministrative :\n- un recours gracieux, adress\u00e9 \u00e0 :\nM. le Pr\u00e9fet du Var - Boulevard du 112\u00e8me\n r\u00e9giment d'infanterie - CS 31209 - 83070 TOULON CEDEX\n- un recours hi\u00e9rarchique, adress\u00e9\u00a0au(x) ministre(s) concern\u00e9(s)\u00a0;\nDans ces deux cas, le silence de l'Administration vaut rejet implicite au terme d'un d\u00e9lai de deux mois.\nApr\u00e8s un recours gracieux ou hi\u00e9rarchique, le d\u00e9lai du recours contentieux ne court qu'\u00e0 compter du rejet explicite ou implicite de l'un de ces \nrecours.\n- un recours contentieux, en saisissant le Tribunal Administratif de Toulon : 5 rue Racine -BP 40510 - 83\u00a0041 TOULON CEDEX 9\nLe tribunal administratif peut \u00eatre saisi par l'application informatique \u00ab\u00a0T\u00e9l\u00e9cours\u00a0\u00bb accessible par le site internet www.telecours.fr.\n2/2\nPr\u00e9fecture du VAR - 83-2025-12-11-00008 - ARR\u00caT\u00c9 PR\u00c9FECTORAL n\u00b0 DCL/BERG/2025/0281 du 11 d\u00e9cembre 2025 portant habilitation\nde l'\u00e9tablissement \u00ab\u00a0PFG - SERVICES FUNERAIRES\u00a0\u00bb 301 rue S\u00e9verin Saurin - 83140 SIX-FOURS-LES-PLAGES g\u00e9r\u00e9 par la SAS \u00ab\u00a0OGF\nSERVICES FUNERAIRES\u00a0\u00bb\n28\n| =PREFETDU VARLibert\u00e9Egalit\u00e9Fraternit\u00e9\nDirection de la citoyennet\u00e9 et de la l\u00e9galit\u00e9\nBureau des \u00e9lections et de la r\u00e9glementation g\u00e9n\u00e9rale\nAnnexe \u00e0 l'arr\u00eat\u00e9 n\u00b0DCL/BERG/2025/0281 du 11 d\u00e9cembre 2025\nHabilitation N\u00b0 25-83-0308\nIdentification des v\u00e9hicules intervenant pour l'\u00e9tablissement\u00a0:\nPFG SERVICES FUNERAIRES\ng\u00e9r\u00e9 par la SAS OGF SERVICES FUNERAIRES\nSis 301 rue S\u00e9verin Saurin \u2013 83140 Six-Fours-les-Plages\nTransport de corps avant et apr\u00e8s mise en bi\u00e8re\nGA-167-MS\nGA-136-MS\nEX-135-WZ\nEX-455-WZ\nEX-058-WZ\nEP-777-JA\nEP-299-JA\nEX-220-WW\nGF-797-LR\nT\u00e9l\u00a0: 04 94 18 83 83\nM\u00e9l\u00a0: pref-funeraires@var.gouv.fr\nBd du 112\u00e8me R\u00e9giment d'Infanterie\nCS 31 209 - 83070 TOULON CEDEX\nPr\u00e9fecture du VAR - 83-2025-12-11-00008 - ARR\u00caT\u00c9 PR\u00c9FECTORAL n\u00b0 DCL/BERG/2025/0281 du 11 d\u00e9cembre 2025 portant habilitation\nde l'\u00e9tablissement \u00ab\u00a0PFG - SERVICES FUNERAIRES\u00a0\u00bb 301 rue S\u00e9verin Saurin - 83140 SIX-FOURS-LES-PLAGES g\u00e9r\u00e9 par la SAS \u00ab\u00a0OGF\nSERVICES FUNERAIRES\u00a0\u00bb\n29\nPr\u00e9fecture du VAR\n83-2025-12-11-00004\nARR\u00caT\u00c9 PR\u00c9FECTORAL n\u00b0 DCL/BERG/2025/0285\ndu 11 d\u00e9cembre 2025 portant habilitation de\nl'\u00e9tablissement\n\u00ab\u00a0POMPES FUNEBRES ET MARBRERIE MAFUCCI\u00a0\u00bb\n6 place du souvenir fran\u00e7ais - 83500 LA\nSEYNE-SUR-MER\ng\u00e9r\u00e9 par la SAS \u00ab\u00a0OGF SERVICES FUNERAIRES\u00a0\u00bb\nPr\u00e9fecture du VAR - 83-2025-12-11-00004 - ARR\u00caT\u00c9 PR\u00c9FECTORAL n\u00b0 DCL/BERG/2025/0285 du 11 d\u00e9cembre 2025 portant habilitation\nde l'\u00e9tablissement\n\u00ab\u00a0POMPES FUNEBRES ET MARBRERIE MAFUCCI\u00a0\u00bb\n6 place du souvenir fran\u00e7ais - 83500 LA SEYNE-SUR-MER\ng\u00e9r\u00e9 par la SAS \u00ab\u00a0OGF SERVICES FUNERAIRES\u00a0\u00bb\n30\n=mPREFETDU VARLibert\u00e9Egalit\u00e9Fraternit\u00e9\nDirection de la citoyennet\u00e9 et de la l\u00e9galit\u00e9\nBureau des \u00e9lections et de la r\u00e9glementation g\u00e9n\u00e9rale\nARR\u00caT\u00c9 PR\u00c9FECTORAL n\u00b0 DCL/BERG/2025/0285 du 11 d\u00e9cembre 2025\nportant habilitation de l'\u00e9tablissement\n\u00ab \u00b0POMPES FUNEBRES ET MARBRERIE MAFUCCI \u00b0\u00bb\n6 place du souvenir fran\u00e7ais \u2013 83500 LA SEYNE-SUR-MER\ng\u00e9r\u00e9 par la SAS \u00ab \u00b0OGF SERVICES FUNERAIRES \u00b0\u00bb\nHabilitation N\u00b0 25-83-0309\nLe Pr\u00e9fet du Var,\nVu le code g\u00e9n\u00e9ral des collectivit\u00e9s territoriales \u00a0\u00b0et notamment ses articles L2223-19, L2223-23 et \nsuivants\u00a0\u00b0;\nVu la loi n\u00b0 2008-1350 du 19 d\u00e9cembre 2008 relative \u00e0 la l\u00e9gislation fun\u00e9raire\u00a0\u00b0;\nVu le d\u00e9cret du Pr\u00e9sident de la R\u00e9publique du 15 mai 2025, portant nomination de Monsieur  \nSimon BABRE, pr\u00e9fet du Var\u00a0\u00b0;\nVu l'arr\u00eat\u00e9 pr\u00e9fectoral n\u00b0 2025/12/MCI du 2 juin 2025 portant d\u00e9l\u00e9gation de signature \u00e0 Monsieur  \nLucien GIUDICELLI, secr\u00e9taire g\u00e9n\u00e9ral de la pr\u00e9fecture du Var, sous-pr\u00e9fet de l'arrondissement de  \nToulon\u00a0\u00b0;\nVu  l'arr\u00eat\u00e9  pr\u00e9fectoral  n\u00b0  2025/53/MCI  du  15  juillet  2025  portant  d\u00e9l\u00e9gation  de  signature  \u00e0 \nMonsieur Thibaut DARGON, directeur de la citoyennet\u00e9 et de la l\u00e9galit\u00e9 de la pr\u00e9fecture du Var\u00a0\u00b0;\nVu la demande du 10 octobre 2025 d'habilitation de l'\u00e9tablissement \u00ab \u00b0POMPES FUNEBRES ET \nMARBRERIE MAFUCCI \u00b0\u00bb, situ\u00e9 6 place du souvenir fran\u00e7ais \u00e0 la Seyne-sur-Mer (83500),  formul\u00e9e \npar Monsieur Pierrick SARTORIO, directeur secteur op\u00e9rationnel de la SAS  \u00ab \u00b0OGF \u00b0SERVICES \nFUNERAIRES \u00b0\u00bb dont le si\u00e8ge est situ\u00e9 6 rue du G\u00e9n\u00e9ral Audran \u00e0 Courbevoie (92400)\u00a0\u00b0;\nConsid\u00e9rant la compl\u00e9tude du dossier\u00a0\u00b0;\nSur proposition du secr\u00e9taire g\u00e9n\u00e9ral de la pr\u00e9fecture\u00a0\u00b0;\nARR\u00caTE\nArticle  1 \u00b0:  L'\u00e9tablissement  \u00ab \u00b0POMPES  FUNEBRES  ET  MARBRERIE \u00b0MAFUCCI \u00b0\u00bb,  situ\u00e9  6  place  du \nsouvenir fran\u00e7ais \u00e0 la Seyne-sur-Mer (83500), g\u00e9r\u00e9 par la SAS \u00ab \u00b0OGF \u00b0SERVICES FUNERAIRES \u00b0\u00bb dont \nle si\u00e8ge est situ\u00e9 6 rue du G\u00e9n\u00e9ral Audran \u00e0 Courbevoie (92400), repr\u00e9sent\u00e9 par son directeur  \nsecteur  op\u00e9rationnel,  Monsieur  Pierrick  SARTORIO,  est  habilit\u00e9  pour  exercer  les  activit\u00e9s \nsuivantes\u00a0\u00b0:\n1 \u00b0- \u00b0Transport de corps avant et apr\u00e8s mise en bi\u00e8re,\n2 \u00b0- \u00b0Organisation des obs\u00e8ques,\n3 \u00b0- \u00b0Soins  de  conservation, en  sous-traitance  avec  l'\u00e9tablissement  \u00ab\u00a0\u00b0HYGECO  POST  MORTEM \nASSISTANCE\u00a0\u00b0\u00bb, sis 12 rue Sarah Berhardt \u00e0 Asni\u00e8res (92600), habilit\u00e9 sous le num\u00e9ro 25-92-0216,\n1/2\nPr\u00e9fecture du VAR - 83-2025-12-11-00004 - ARR\u00caT\u00c9 PR\u00c9FECTORAL n\u00b0 DCL/BERG/2025/0285 du 11 d\u00e9cembre 2025 portant habilitation\nde l'\u00e9tablissement\n\u00ab\u00a0POMPES FUNEBRES ET MARBRERIE MAFUCCI\u00a0\u00bb\n6 place du souvenir fran\u00e7ais - 83500 LA SEYNE-SUR-MER\ng\u00e9r\u00e9 par la SAS \u00ab\u00a0OGF SERVICES FUNERAIRES\u00a0\u00bb\n31\n4 \u00b0- \u00b0Fourniture  des  housses,  cercueils  et  accessoires  int\u00e9rieur  et  ext\u00e9rieur  ainsi  que  des  urnes\ncin\u00e9raires,\n7 \u00b0- \u00b0Fourniture des corbillards et voitures de deuil, list\u00e9s en annexe du pr\u00e9sent arr\u00eat\u00e9,\n8 \u00b0- \u00b0Fourniture de personnel et des objets et prestations n\u00e9cessaires aux obs\u00e8ques, inhumations,  \nexhumations et cr\u00e9mations.\nArticle 2     \u00b0  : L'habilitation porte le num\u00e9ro 25-83-0309.\nArticle 3     \u00b0  : La pr\u00e9sente habilitation est accord\u00e9e  pour une dur\u00e9e de cinq ans \u00e0 compter du 14  \nd\u00e9cembre 2025, soit jusqu'au 13 d\u00e9cembre 2030 inclus.\nPour solliciter le renouvellement de la pr\u00e9sente habilitation, le b\u00e9n\u00e9ficiaire devra faire parvenir sa  \ndemande en pr\u00e9fecture au plus tard deux mois avant sa date de fin de validit\u00e9.\nArticle 4     \u00b0  : Conform\u00e9ment aux articles L.2223-25 et R.2223-64 du code g\u00e9n\u00e9ral des collectivit\u00e9s  \nterritoriales, et \u00e0 d\u00e9faut de la production, dans les meilleurs d\u00e9lais, des justificatifs de conformit\u00e9  \ndes \u00e9quipements, la pr\u00e9sente habilitation pourra \u00eatre suspendue pour une dur\u00e9e maximale d'un  \nan ou retir\u00e9e, apr\u00e8s mise en demeure, pour les motifs suivants\u00a0\u00b0:\n- non-respect des conditions de sa d\u00e9livrance telles qu'elles sont d\u00e9finies par les dispositions du  \ncode g\u00e9n\u00e9ral des collectivit\u00e9s territoriales\u00a0\u00b0;\n- non exercice ou cessation d'exercice des activit\u00e9s au titre desquelles elle a \u00e9t\u00e9 d\u00e9livr\u00e9e\u00a0\u00b0;\n- atteinte \u00e0 l'ordre public ou danger pour la salubrit\u00e9 publique.\nDans les cas o\u00f9 le b\u00e9n\u00e9ficiaire est un d\u00e9l\u00e9gataire, le retrait d'habilitation entra\u00eene la d\u00e9ch\u00e9ance  \ndes d\u00e9l\u00e9gations.\nArticle 5     \u00b0  : Le secr\u00e9taire g\u00e9n\u00e9ral de la pr\u00e9fecture du Var est charg\u00e9 de l'ex\u00e9cution du pr\u00e9sent arr\u00eat\u00e9 \nqui sera publi\u00e9 au recueil des actes administratifs de la pr\u00e9fecture du Var et dont une copie sera  \nadress\u00e9e au maire de la commune de La Seyne-sur-Mer pour information.\nFait \u00e0 Toulon,\nPour le pr\u00e9fet et par d\u00e9l\u00e9gation,\nL'adjoint au directeur\nDe la citoyennet\u00e9 et de la l\u00e9galit\u00e9,\nSign\u00e9\u00a0\u00b0:\nLionel GARENTE\nDans un d\u00e9lai de deux mois \u00e0 compter de la date de la notification ou de la publication du pr\u00e9sent arr\u00eat\u00e9 au recueil des actes administratifs de la \npr\u00e9fecture, les recours suivants peuvent \u00eatre introduits conform\u00e9ment aux dispositions des articles R. 421-1 et suivants du code de justice \nadministrative :\n- un recours gracieux, adress\u00e9 \u00e0 :\nM. le Pr\u00e9fet du Var - Boulevard du 112\u00e8me\n r\u00e9giment d'infanterie - CS 31209 - 83070 TOULON CEDEX\n- un recours hi\u00e9rarchique, adress\u00e9\u00a0\u00b0au(x) ministre(s) concern\u00e9(s)\u00a0\u00b0;\nDans ces deux cas, le silence de l'Administration vaut rejet implicite au terme d'un d\u00e9lai de deux mois.\nApr\u00e8s un recours gracieux ou hi\u00e9rarchique, le d\u00e9lai du recours contentieux ne court qu'\u00e0 compter du rejet explicite ou implicite de l'un de ces \nrecours.\n- un recours contentieux, en saisissant le Tribunal Administratif de Toulon : 5 rue Racine -BP 40510 - 83\u00a0\u00b0041 TOULON CEDEX 9\nLe tribunal administratif peut \u00eatre saisi par l'application informatique \u00ab\u00a0\u00b0T\u00e9l\u00e9cours\u00a0\u00b0\u00bb accessible par le site internet www.telecours.fr.\n2/2\nPr\u00e9fecture du VAR - 83-2025-12-11-00004 - ARR\u00caT\u00c9 PR\u00c9FECTORAL n\u00b0 DCL/BERG/2025/0285 du 11 d\u00e9cembre 2025 portant habilitation\nde l'\u00e9tablissement\n\u00ab\u00a0POMPES FUNEBRES ET MARBRERIE MAFUCCI\u00a0\u00bb\n6 place du souvenir fran\u00e7ais - 83500 LA SEYNE-SUR-MER\ng\u00e9r\u00e9 par la SAS \u00ab\u00a0OGF SERVICES FUNERAIRES\u00a0\u00bb\n32\n| =PREFETDU VARLibert\u00e9Egalit\u00e9Fraternit\u00e9\nDirection de la citoyennet\u00e9 et de la l\u00e9galit\u00e9\nBureau des \u00e9lections et de la r\u00e9glementation g\u00e9n\u00e9rale\nAnnexe \u00e0 l'arr\u00eat\u00e9 n\u00b0DCL/BERG/2025/0285 du 11 d\u00e9cembre 2025\nHabilitation N\u00b00309\nIdentification des v\u00e9hicules intervenant pour l'\u00e9tablissement\u00a0:\nPOMPES FUNEBRES ET MARBRERIE MAFUCCI\ng\u00e9r\u00e9 par la SAS OGF SERVICES FUNERAIRES\nSis 6 place du souvenir fran\u00e7ais \u2013 83500 La Seyne-sur-Mer\nTransport de corps avant et apr\u00e8s mise en bi\u00e8re\nGA-167-MS\nGA-136-MS\nEX-135-WZ\nEX-455-WZ\nEX-058-WZ\nEP-777-JA\nEP-299-JA\nEX-220-WW\nGF-797-LR\nT\u00e9l\u00a0: 04 94 18 83 83\nM\u00e9l\u00a0: pref-funeraires@var.gouv.fr\nBd du 112\u00e8me R\u00e9giment d'Infanterie\nCS 31 209 - 83070 TOULON CEDEX\nPr\u00e9fecture du VAR - 83-2025-12-11-00004 - ARR\u00caT\u00c9 PR\u00c9FECTORAL n\u00b0 DCL/BERG/2025/0285 du 11 d\u00e9cembre 2025 portant habilitation\nde l'\u00e9tablissement\n\u00ab\u00a0POMPES FUNEBRES ET MARBRERIE MAFUCCI\u00a0\u00bb\n6 place du souvenir fran\u00e7ais - 83500 LA SEYNE-SUR-MER\ng\u00e9r\u00e9 par la SAS \u00ab\u00a0OGF SERVICES FUNERAIRES\u00a0\u00bb\n33\nPr\u00e9fecture du VAR\n83-2025-12-11-00005\nARR\u00caT\u00c9 PR\u00c9FECTORAL n\u00b0 DCL/BERG/2025/0286\ndu 11 d\u00e9cembre 2025 portant habilitation de\nl'\u00e9tablissement \u00ab\u00a0ROBLOT\u00a0\u00bb 71 boulevard du\nLevant - 83230 BORMES-LES-MIMOSAS g\u00e9r\u00e9 par\nla SAS \u00ab\u00a0OGF SERVICES FUNERAIRES\u00a0\u00bb\nPr\u00e9fecture du VAR - 83-2025-12-11-00005 - ARR\u00caT\u00c9 PR\u00c9FECTORAL n\u00b0 DCL/BERG/2025/0286 du 11 d\u00e9cembre 2025 portant habilitation\nde l'\u00e9tablissement \u00ab\u00a0ROBLOT\u00a0\u00bb 71 boulevard du Levant - 83230 BORMES-LES-MIMOSAS g\u00e9r\u00e9 par la SAS \u00ab\u00a0OGF SERVICES\nFUNERAIRES\u00a0\u00bb\n34\n=mPREFETDU VARLibert\u00e9Egalit\u00e9Fraternit\u00e9\nDirection de la citoyennet\u00e9 et de la l\u00e9galit\u00e9\nBureau des \u00e9lections et de la r\u00e9glementation g\u00e9n\u00e9rale\nARR\u00caT\u00c9 PR\u00c9FECTORAL n\u00b0 DCL/BERG/2025/0286 du 11 d\u00e9cembre 2025\nportant habilitation de l'\u00e9tablissement \u00ab ROBLOT \u00bb\n71 boulevard du Levant \u2013 83230 BORMES-LES-MIMOSAS\ng\u00e9r\u00e9 par la SAS \u00ab OGF SERVICES FUNERAIRES \u00bb\nHabilitation N\u00b0 25-83-0310\nLe Pr\u00e9fet du Var,\nVu le code g\u00e9n\u00e9ral des collectivit\u00e9s territoriales \u00a0et notamment ses articles L2223-19, L2223-23 et \nsuivants\u00a0;\nVu la loi n\u00b0 2008-1350 du 19 d\u00e9cembre 2008 relative \u00e0 la l\u00e9gislation fun\u00e9raire\u00a0;\nVu le d\u00e9cret du Pr\u00e9sident de la R\u00e9publique du 15 mai 2025, portant nomination de Monsieur  \nSimon BABRE, pr\u00e9fet du Var\u00a0;\nVu l'arr\u00eat\u00e9 pr\u00e9fectoral n\u00b0 2025/12/MCI du 2 juin 2025 portant d\u00e9l\u00e9gation de signature \u00e0 Monsieur  \nLucien GIUDICELLI, secr\u00e9taire g\u00e9n\u00e9ral de la pr\u00e9fecture du Var, sous-pr\u00e9fet de l'arrondissement de  \nToulon\u00a0;\nVu  l'arr\u00eat\u00e9  pr\u00e9fectoral  n\u00b0  2025/53/MCI  du  15  juillet  2025  portant  d\u00e9l\u00e9gation  de  signature  \u00e0 \nMonsieur Thibaut DARGON, directeur de la citoyennet\u00e9 et de la l\u00e9galit\u00e9 de la pr\u00e9fecture du Var\u00a0;\nVu la demande du 01 octobre 2025  d'habilitation de l'\u00e9tablissement  \u00ab ROBLOT \u00bb, situ\u00e9 71  \nboulevard du Levant \u00e0 Bormes-les-Mimosas (83230),  formul\u00e9e par Monsieur Pierrick SARTORIO,  \ndirecteur secteur op\u00e9rationnel de la SAS  \u00ab OGF SERVICES FUNERAIRES  \u00bb dont le si\u00e8ge est  \nsitu\u00e9 6 rue du G\u00e9n\u00e9ral Audran \u00e0 Courbevoie (92400)\u00a0;\nConsid\u00e9rant la compl\u00e9tude du dossier\u00a0;\nSur proposition du secr\u00e9taire g\u00e9n\u00e9ral de la pr\u00e9fecture\u00a0;\nARR\u00caTE\nArticle  1 :  L'\u00e9tablissement  \u00ab ROBLOT \u00bb,  situ\u00e9  71  boulevard  du  Levant  \u00e0  Bormes-les-Mimosas \n(83230), g\u00e9r\u00e9 par la SAS \u00ab OGF SERVICES FUNERAIRES \u00bb dont le si\u00e8ge est situ\u00e9 6 rue du G\u00e9n\u00e9ral  \nAudran  \u00e0  Courbevoie  (92400),  repr\u00e9sent\u00e9  par  son  directeur  secteur  op\u00e9rationnel,  Monsieur \nPierrick SARTORIO, est habilit\u00e9 pour exercer les activit\u00e9s suivantes\u00a0:\n1 - Transport de corps avant et apr\u00e8s mise en bi\u00e8re,\n2 - Organisation des obs\u00e8ques,\n1/2\nPr\u00e9fecture du VAR - 83-2025-12-11-00005 - ARR\u00caT\u00c9 PR\u00c9FECTORAL n\u00b0 DCL/BERG/2025/0286 du 11 d\u00e9cembre 2025 portant habilitation\nde l'\u00e9tablissement \u00ab\u00a0ROBLOT\u00a0\u00bb 71 boulevard du Levant - 83230 BORMES-LES-MIMOSAS g\u00e9r\u00e9 par la SAS \u00ab\u00a0OGF SERVICES\nFUNERAIRES\u00a0\u00bb\n35\n3 - Soins  de  conservation, en  sous-traitance  avec  l'\u00e9tablissement  \u00ab\u00a0HYGECO  POST  MORTEM \nASSISTANCE\u00a0\u00bb, sis 12 rue Sarah Berhardt \u00e0 Asni\u00e8res (92600), habilit\u00e9 sous le num\u00e9ro 25-92-0216,\n4 - Fourniture  des  housses,  cercueils  et  accessoires  int\u00e9rieur  et  ext\u00e9rieur  ainsi  que  des  urnes\ncin\u00e9raires,\n7 - Fourniture des corbillards et voitures de deuil, list\u00e9s en annexe du pr\u00e9sent arr\u00eat\u00e9,\n8 - Fourniture de personnel et des objets et prestations n\u00e9cessaires aux obs\u00e8ques, inhumations,  \nexhumations et cr\u00e9mations.\nArticle 2     : L'habilitation porte le num\u00e9ro 25-83-0310.\nArticle 3     : La pr\u00e9sente habilitation est accord\u00e9e  pour une dur\u00e9e de cinq ans \u00e0 compter du 14  \nd\u00e9cembre 2025, soit jusqu'au 13 d\u00e9cembre 2030 inclus.\nPour solliciter le renouvellement de la pr\u00e9sente habilitation, le b\u00e9n\u00e9ficiaire devra faire parvenir sa  \ndemande en pr\u00e9fecture au plus tard deux mois avant sa date de fin de validit\u00e9.\nArticle 4     : Conform\u00e9ment aux articles L.2223-25 et R.2223-64 du code g\u00e9n\u00e9ral des collectivit\u00e9s  \nterritoriales, et \u00e0 d\u00e9faut de la production, dans les meilleurs d\u00e9lais, des justificatifs de conformit\u00e9  \ndes \u00e9quipements, la pr\u00e9sente habilitation pourra \u00eatre suspendue pour une dur\u00e9e maximale d'un  \nan ou retir\u00e9e, apr\u00e8s mise en demeure, pour les motifs suivants\u00a0:\n- non-respect des conditions de sa d\u00e9livrance telles qu'elles sont d\u00e9finies par les dispositions du  \ncode g\u00e9n\u00e9ral des collectivit\u00e9s territoriales\u00a0;\n- non exercice ou cessation d'exercice des activit\u00e9s au titre desquelles elle a \u00e9t\u00e9 d\u00e9livr\u00e9e\u00a0;\n- atteinte \u00e0 l'ordre public ou danger pour la salubrit\u00e9 publique.\nDans les cas o\u00f9 le b\u00e9n\u00e9ficiaire est un d\u00e9l\u00e9gataire, le retrait d'habilitation entra\u00eene la d\u00e9ch\u00e9ance  \ndes d\u00e9l\u00e9gations.\nArticle 5     : Le secr\u00e9taire g\u00e9n\u00e9ral de la pr\u00e9fecture du Var est charg\u00e9 de l'ex\u00e9cution du pr\u00e9sent arr\u00eat\u00e9 \nqui sera publi\u00e9 au recueil des actes administratifs de la pr\u00e9fecture du Var et dont une copie sera  \nadress\u00e9e au maire de la commune de Bormes-les-Mimosas pour information.\nFait \u00e0 Toulon, \nPour le pr\u00e9fet et par d\u00e9l\u00e9gation,\nL'adjoint au directeur\nDe la citoyennet\u00e9 et de la l\u00e9galit\u00e9,\nSign\u00e9\u00a0:\nLionel GARENTE\nDans un d\u00e9lai de deux mois \u00e0 compter de la date de la notification ou de la publication du pr\u00e9sent arr\u00eat\u00e9 au recueil des actes administratifs de la \npr\u00e9fecture, les recours suivants peuvent \u00eatre introduits conform\u00e9ment aux dispositions des articles R. 421-1 et suivants du code de justice \nadministrative :\n- un recours gracieux, adress\u00e9 \u00e0 :\nM. le Pr\u00e9fet du Var - Boulevard du 112\u00e8me\n r\u00e9giment d'infanterie - CS 31209 - 83070 TOULON CEDEX\n- un recours hi\u00e9rarchique, adress\u00e9\u00a0au(x) ministre(s) concern\u00e9(s)\u00a0;\nDans ces deux cas, le silence de l'Administration vaut rejet implicite au terme d'un d\u00e9lai de deux mois.\nApr\u00e8s un recours gracieux ou hi\u00e9rarchique, le d\u00e9lai du recours contentieux ne court qu'\u00e0 compter du rejet explicite ou implicite de l'un de ces \nrecours.\n- un recours contentieux, en saisissant le Tribunal Administratif de Toulon : 5 rue Racine -BP 40510 - 83\u00a0041 TOULON CEDEX 9\nLe tribunal administratif peut \u00eatre saisi par l'application informatique \u00ab\u00a0T\u00e9l\u00e9cours\u00a0\u00bb accessible par le site internet www.telecours.fr.\n2/2\nPr\u00e9fecture du VAR - 83-2025-12-11-00005 - ARR\u00caT\u00c9 PR\u00c9FECTORAL n\u00b0 DCL/BERG/2025/0286 du 11 d\u00e9cembre 2025 portant habilitation\nde l'\u00e9tablissement \u00ab\u00a0ROBLOT\u00a0\u00bb 71 boulevard du Levant - 83230 BORMES-LES-MIMOSAS g\u00e9r\u00e9 par la SAS \u00ab\u00a0OGF SERVICES\nFUNERAIRES\u00a0\u00bb\n36\n| =PREFETDU VARLibert\u00e9Egalit\u00e9Fraternit\u00e9\nDirection de la citoyennet\u00e9 et de la l\u00e9galit\u00e9\nBureau des \u00e9lections et de la r\u00e9glementation g\u00e9n\u00e9rale\nAnnexe \u00e0 l'arr\u00eat\u00e9 n\u00b0DCL/BERG/2025/0286 du 11 d\u00e9cembre 2025\nHabilitation N\u00b025-83-0310\nIdentification des v\u00e9hicules intervenant pour l'\u00e9tablissement\u00a0:\nROBLOT\ng\u00e9r\u00e9 par la SAS OGF SERVICES FUNERAIRES\nSis 71 boulevard du Levant \u2013 83230 Bormes-les-Mimosas\nTransport de corps avant et apr\u00e8s mise en bi\u00e8re\nGA-167-MS\nGA-136-MS\nEX-135-WZ\nEX-455-WZ\nEX-058-WZ\nEP-777-JA\nEP-299-JA\nEX-220-WW\nGF-797-LR\nT\u00e9l\u00a0: 04 94 18 83 83\nM\u00e9l\u00a0: pref-funeraires@var.gouv.fr\nBd du 112\u00e8me R\u00e9giment d'Infanterie\nCS 31 209 - 83070 TOULON CEDEX\nPr\u00e9fecture du VAR - 83-2025-12-11-00005 - ARR\u00caT\u00c9 PR\u00c9FECTORAL n\u00b0 DCL/BERG/2025/0286 du 11 d\u00e9cembre 2025 portant habilitation\nde l'\u00e9tablissement \u00ab\u00a0ROBLOT\u00a0\u00bb 71 boulevard du Levant - 83230 BORMES-LES-MIMOSAS g\u00e9r\u00e9 par la SAS \u00ab\u00a0OGF SERVICES\nFUNERAIRES\u00a0\u00bb\n37\nPr\u00e9fecture du VAR\n83-2025-12-11-00002\nARR\u00caT\u00c9 PR\u00c9FECTORAL n\u00b0 DCL/BERG/2025/0287\ndu 11 d\u00e9cembre 2025 portant habilitation de\nl'\u00e9tablissement \u00ab\u00a0POMPES FUNEBRES ET\nMARBRERIE VIALES\u00a0\u00bb 13 rue de la R\u00e9publique -\n83270 SAINT-CYR-SUR-MER g\u00e9r\u00e9 par la SAS\n\u00ab\u00a0OGF SERVICES FUNERAIRES\u00a0\u00bb\nPr\u00e9fecture du VAR - 83-2025-12-11-00002 - ARR\u00caT\u00c9 PR\u00c9FECTORAL n\u00b0 DCL/BERG/2025/0287 du 11 d\u00e9cembre 2025 portant habilitation\nde l'\u00e9tablissement \u00ab\u00a0POMPES FUNEBRES ET MARBRERIE VIALES\u00a0\u00bb 13 rue de la R\u00e9publique - 83270 SAINT-CYR-SUR-MER g\u00e9r\u00e9 par la SAS\n\u00ab\u00a0OGF SERVICES FUNERAIRES\u00a0\u00bb\n38\n=mPREFETDU VARLibert\u00e9Egalit\u00e9Fraternit\u00e9\nDirection de la citoyennet\u00e9 et de la l\u00e9galit\u00e9\nBureau des \u00e9lections et de la r\u00e9glementation g\u00e9n\u00e9rale\nARR\u00caT\u00c9 PR\u00c9FECTORAL n\u00b0 DCL/BERG/2025/0287 du 11 d\u00e9cembre 2025\nportant habilitation de l'\u00e9tablissement\n\u00ab POMPES FUNEBRES ET MARBRERIE VIALES \u00bb\n13 rue de la R\u00e9publique \u2013 83270 SAINT-CYR-SUR-MER\ng\u00e9r\u00e9 par la SAS \u00ab OGF SERVICES FUNERAIRES \u00bb\nHabilitation N\u00b0 25-83-0311\nLe Pr\u00e9fet du Var,\nVu le code g\u00e9n\u00e9ral des collectivit\u00e9s territoriales \u00a0et notamment ses articles L2223-19, L2223-23 et \nsuivants\u00a0;\nVu la loi n\u00b0 2008-1350 du 19 d\u00e9cembre 2008 relative \u00e0 la l\u00e9gislation fun\u00e9raire\u00a0;\nVu le d\u00e9cret du Pr\u00e9sident de la R\u00e9publique du 15 mai 2025, portant nomination de Monsieur  \nSimon BABRE, pr\u00e9fet du Var\u00a0;\nVu l'arr\u00eat\u00e9 pr\u00e9fectoral n\u00b0 2025/12/MCI du 2 juin 2025 portant d\u00e9l\u00e9gation de signature \u00e0 Monsieur  \nLucien GIUDICELLI, secr\u00e9taire g\u00e9n\u00e9ral de la pr\u00e9fecture du Var, sous-pr\u00e9fet de l'arrondissement de  \nToulon\u00a0;\nVu  l'arr\u00eat\u00e9  pr\u00e9fectoral  n\u00b0  2025/53/MCI  du  15  juillet  2025  portant  d\u00e9l\u00e9gation  de  signature  \u00e0 \nMonsieur Thibaut DARGON, directeur de la citoyennet\u00e9 et de la l\u00e9galit\u00e9 de la pr\u00e9fecture du Var\u00a0;\nVu la demande du 01 octobre 2025 d'habilitation de l'\u00e9tablissement \u00ab POMPES FUNEBRES ET \nMARBRERIE VIALES  \u00bb, situ\u00e9 13 rue de la R\u00e9publique \u00e0 Saint-Cyr-sur-Mer (83270),  formul\u00e9e par  \nMonsieur  Pierrick  SARTORIO,  directeur  secteur  op\u00e9rationnel  de  la  SAS  \u00ab OGF SERVICES \nFUNERAIRES \u00bb dont le si\u00e8ge est situ\u00e9 6 rue du G\u00e9n\u00e9ral Audran \u00e0 Courbevoie (92400)\u00a0;\nConsid\u00e9rant la compl\u00e9tude du dossier\u00a0;\nSur proposition du secr\u00e9taire g\u00e9n\u00e9ral de la pr\u00e9fecture\u00a0;\nARR\u00caTE\nArticle  1 :  L'\u00e9tablissement  \u00ab POMPES  FUNEBRES  ET  MARBRERIE  VIALES \u00bb,  situ\u00e9  13  rue  de  la \nR\u00e9publique \u00e0 Saint-Cyr-sur-Mer (83270),  g\u00e9r\u00e9 par la SAS  \u00ab OGF SERVICES FUNERAIRES  \u00bb  dont le \nsi\u00e8ge  est  situ\u00e9  6  rue  du  G\u00e9n\u00e9ral  Audran  \u00e0  Courbevoie  (92400),  repr\u00e9sent\u00e9  par  son  directeur \nsecteur  op\u00e9rationnel,  Monsieur  Pierrick  SARTORIO,  est  habilit\u00e9  pour  exercer  les  activit\u00e9s \nsuivantes\u00a0:\n1 - Transport de corps avant et apr\u00e8s mise en bi\u00e8re,\n2 - Organisation des obs\u00e8ques,\n1/2\nPr\u00e9fecture du VAR - 83-2025-12-11-00002 - ARR\u00caT\u00c9 PR\u00c9FECTORAL n\u00b0 DCL/BERG/2025/0287 du 11 d\u00e9cembre 2025 portant habilitation\nde l'\u00e9tablissement \u00ab\u00a0POMPES FUNEBRES ET MARBRERIE VIALES\u00a0\u00bb 13 rue de la R\u00e9publique - 83270 SAINT-CYR-SUR-MER g\u00e9r\u00e9 par la SAS\n\u00ab\u00a0OGF SERVICES FUNERAIRES\u00a0\u00bb\n39\n3 - Soins  de  conservation, en  sous-traitance  avec  l'\u00e9tablissement  \u00ab\u00a0HYGECO  POST  MORTEM \nASSISTANCE\u00bb, sis 12 rue Sarah Berhardt \u00e0 Asni\u00e8res (92600), habilit\u00e9 sous le num\u00e9ro 25-92-0216,\n4 - Fourniture  des  housses,  cercueils  et  accessoires  int\u00e9rieur  et  ext\u00e9rieur  ainsi  que  des  urnes\ncin\u00e9raires,\n7 - Fourniture des corbillards et voitures de deuil, list\u00e9s en annexe du pr\u00e9sent arr\u00eat\u00e9,\n8 - Fourniture de personnel et des objets et prestations n\u00e9cessaires aux obs\u00e8ques, inhumations,  \nexhumations et cr\u00e9mations.\nArticle 2     : L'habilitation porte le num\u00e9ro 25-83-0311.\nArticle 3     : La pr\u00e9sente habilitation est accord\u00e9e  pour une dur\u00e9e de cinq ans \u00e0 compter du 14  \nd\u00e9cembre 2025, soit jusqu'au 13 d\u00e9cembre 2030 inclus.\nPour solliciter le renouvellement de la pr\u00e9sente habilitation, le b\u00e9n\u00e9ficiaire devra faire parvenir sa  \ndemande en pr\u00e9fecture au plus tard deux mois avant sa date de fin de validit\u00e9.\nArticle 4     : Conform\u00e9ment aux articles L.2223-25 et R.2223-64 du code g\u00e9n\u00e9ral des collectivit\u00e9s  \nterritoriales, et \u00e0 d\u00e9faut de la production, dans les meilleurs d\u00e9lais, des justificatifs de conformit\u00e9  \ndes \u00e9quipements, la pr\u00e9sente habilitation pourra \u00eatre suspendue pour une dur\u00e9e maximale d'un  \nan ou retir\u00e9e, apr\u00e8s mise en demeure, pour les motifs suivants\u00a0:\n- non-respect des conditions de sa d\u00e9livrance telles qu'elles sont d\u00e9finies par les dispositions du  \ncode g\u00e9n\u00e9ral des collectivit\u00e9s territoriales\u00a0;\n- non exercice ou cessation d'exercice des activit\u00e9s au titre desquelles elle a \u00e9t\u00e9 d\u00e9livr\u00e9e\u00a0;\n- atteinte \u00e0 l'ordre public ou danger pour la salubrit\u00e9 publique.\nDans les cas o\u00f9 le b\u00e9n\u00e9ficiaire est un d\u00e9l\u00e9gataire, le retrait d'habilitation entra\u00eene la d\u00e9ch\u00e9ance  \ndes d\u00e9l\u00e9gations.\nArticle 5     : Le secr\u00e9taire g\u00e9n\u00e9ral de la pr\u00e9fecture du Var est charg\u00e9 de l'ex\u00e9cution du pr\u00e9sent arr\u00eat\u00e9 \nqui sera publi\u00e9 au recueil des actes administratifs de la pr\u00e9fecture du Var et dont une copie sera  \nadress\u00e9e au maire de la commune de Saint-Cyr-sur-Mer pour information.\nFait \u00e0 Toulon\npour le pr\u00e9fet et par d\u00e9l\u00e9gation,\nL'adjoint au directeur\nDe la citoyennet\u00e9 et de la l\u00e9galit\u00e9,\nSign\u00e9\u00a0:\nLionel GARENTE\nDans un d\u00e9lai de deux mois \u00e0 compter de la date de la notification ou de la publication du pr\u00e9sent arr\u00eat\u00e9 au recueil des actes administratifs de la \npr\u00e9fecture, les recours suivants peuvent \u00eatre introduits conform\u00e9ment aux dispositions des articles R. 421-1 et suivants du code de justice \nadministrative :\n- un recours gracieux, adress\u00e9 \u00e0 :\nM. le Pr\u00e9fet du Var - Boulevard du 112\u00e8me\n r\u00e9giment d'infanterie - CS 31209 - 83070 TOULON CEDEX\n- un recours hi\u00e9rarchique, adress\u00e9\u00a0au(x) ministre(s) concern\u00e9(s)\u00a0;\nDans ces deux cas, le silence de l'Administration vaut rejet implicite au terme d'un d\u00e9lai de deux mois.\nApr\u00e8s un recours gracieux ou hi\u00e9rarchique, le d\u00e9lai du recours contentieux ne court qu'\u00e0 compter du rejet explicite ou implicite de l'un de ces \nrecours.\n- un recours contentieux, en saisissant le Tribunal Administratif de Toulon : 5 rue Racine -BP 40510 - 83\u00a0041 TOULON CEDEX 9\nLe tribunal administratif peut \u00eatre saisi par l'application informatique \u00ab\u00a0T\u00e9l\u00e9cours\u00a0\u00bb accessible par le site internet www.telecours.fr.\n2/2\nPr\u00e9fecture du VAR - 83-2025-12-11-00002 - ARR\u00caT\u00c9 PR\u00c9FECTORAL n\u00b0 DCL/BERG/2025/0287 du 11 d\u00e9cembre 2025 portant habilitation\nde l'\u00e9tablissement \u00ab\u00a0POMPES FUNEBRES ET MARBRERIE VIALES\u00a0\u00bb 13 rue de la R\u00e9publique - 83270 SAINT-CYR-SUR-MER g\u00e9r\u00e9 par la SAS\n\u00ab\u00a0OGF SERVICES FUNERAIRES\u00a0\u00bb\n40\n| =PREFETDU VARLibert\u00e9Egalit\u00e9Fraternit\u00e9\nDirection de la citoyennet\u00e9 et de la l\u00e9galit\u00e9\nBureau des \u00e9lections et de la r\u00e9glementation g\u00e9n\u00e9rale\nAnnexe \u00e0 l'arr\u00eat\u00e9 n\u00b0DCL/BERG/2025/0287 du 11 d\u00e9cembre 2025 \nHabilitation N\u00b0 25-83-0311\nIdentification des v\u00e9hicules intervenant pour l'\u00e9tablissement\u00a0:\nPOMPES FUNEBRES ET MARBRERIE VIALES\ng\u00e9r\u00e9 par la SAS OGF SERVICES FUNERAIRES\nSis 13 rue de la R\u00e9publique \u2013 83270 Saint-Cyr-sur-Mer\nTransport de corps avant et apr\u00e8s mise en bi\u00e8re\nGA-167-MS\nGA-136-MS\nEX-135-WZ\nEX-455-WZ\nEX-058-WZ\nEP-777-JA\nEP-299-JA\nEX-220-WW\nGF-797-LR\nT\u00e9l\u00a0: 04 94 18 83 83\nM\u00e9l\u00a0: pref-funeraires@var.gouv.fr\nBd du 112\u00e8me R\u00e9giment d'Infanterie\nCS 31 209 - 83070 TOULON CEDEX\nPr\u00e9fecture du VAR - 83-2025-12-11-00002 - ARR\u00caT\u00c9 PR\u00c9FECTORAL n\u00b0 DCL/BERG/2025/0287 du 11 d\u00e9cembre 2025 portant habilitation\nde l'\u00e9tablissement \u00ab\u00a0POMPES FUNEBRES ET MARBRERIE VIALES\u00a0\u00bb 13 rue de la R\u00e9publique - 83270 SAINT-CYR-SUR-MER g\u00e9r\u00e9 par la SAS\n\u00ab\u00a0OGF SERVICES FUNERAIRES\u00a0\u00bb\n41\nPr\u00e9fecture du VAR\n83-2025-12-11-00006\nARR\u00caT\u00c9 PR\u00c9FECTORAL n\u00b0 DCL/BERG/2025/0288\ndu 11 d\u00e9cembre 2025 portant habilitation de\nl'\u00e9tablissement \u00ab\u00a0PFG - SERVICES FUNERAIRES\u00a0\u00bb\n235 avenue Gabriel Peri - 83470\nSAINT-MAXIMIN-LA-SAINTE-BAUME\ng\u00e9r\u00e9 par la SAS \u00ab\u00a0OGF SERVICES FUN\u00c9RAIRES\u00a0\u00bb\nPr\u00e9fecture du VAR - 83-2025-12-11-00006 - ARR\u00caT\u00c9 PR\u00c9FECTORAL n\u00b0 DCL/BERG/2025/0288 du 11 d\u00e9cembre 2025 portant habilitation\nde l'\u00e9tablissement \u00ab\u00a0PFG - SERVICES FUNERAIRES\u00a0\u00bb 235 avenue Gabriel Peri - 83470 SAINT-MAXIMIN-LA-SAINTE-BAUME\ng\u00e9r\u00e9 par la SAS \u00ab\u00a0OGF SERVICES FUN\u00c9RAIRES\u00a0\u00bb\n42\n=mPREFETDU VARLibert\u00e9Egalit\u00e9Fraternit\u00e9\nDirection de la citoyennet\u00e9 et de la l\u00e9galit\u00e9\nBureau des \u00e9lections et de la r\u00e9glementation g\u00e9n\u00e9rale\nARR\u00caT\u00c9 PR\u00c9FECTORAL n\u00b0 DCL/BERG/2025/0288 du 11 d\u00e9cembre 2025\nportant habilitation de l'\u00e9tablissement \u00ab PFG \u2013 SERVICES FUNERAIRES \u00bb\n235 avenue Gabriel Peri \u2013 83470 SAINT-MAXIMIN-LA-SAINTE-BAUME\ng\u00e9r\u00e9 par la SAS \u00ab OGF SERVICES FUN\u00c9RAIRES \u00bb\nHabilitation N\u00b0 25-83-0313\nLe Pr\u00e9fet du Var,\nVu le code g\u00e9n\u00e9ral des collectivit\u00e9s territoriales \u00a0et notamment ses articles L2223-19, L2223-23 et \nsuivants\u00a0;\nVu la loi n\u00b0 2008-1350 du 19 d\u00e9cembre 2008 relative \u00e0 la l\u00e9gislation fun\u00e9raire\u00a0;\nVu le d\u00e9cret du Pr\u00e9sident de la R\u00e9publique du 15 mai 2025, portant nomination de Monsieur  \nSimon BABRE, pr\u00e9fet du Var\u00a0;\nVu l'arr\u00eat\u00e9 pr\u00e9fectoral n\u00b0 2025/12/MCI du 2 juin 2025 portant d\u00e9l\u00e9gation de signature \u00e0 Monsieur  \nLucien GIUDICELLI, secr\u00e9taire g\u00e9n\u00e9ral de la pr\u00e9fecture du Var, sous-pr\u00e9fet de l'arrondissement de  \nToulon\u00a0;\nVu  l'arr\u00eat\u00e9  pr\u00e9fectoral  n\u00b0  2025/53/MCI  du  15  juillet  2025  portant  d\u00e9l\u00e9gation  de  signature  \u00e0 \nMonsieur Thibaut DARGON, directeur de la citoyennet\u00e9 et de la l\u00e9galit\u00e9 de la pr\u00e9fecture du Var\u00a0;\nVu  la  demande  du  01  octobre  2025  d'habilitation  de  l'\u00e9tablissement,  \u00ab PFG  \u2013 SERVICES \nFUNERAIRES \u00bb, situ\u00e9 235 avenue Gabriel Peri \u00e0 Saint-Maximin-la-Sainte-Baume (83470),  formul\u00e9e \npar Monsieur Pierrick SARTORIO, directeur secteur op\u00e9rationnel de la SAS  \u00ab OGF SERVICES \nFUNERAIRES \u00bb dont le si\u00e8ge est situ\u00e9 6 rue du G\u00e9n\u00e9ral Audran \u00e0 Courbevoie (92400)\u00a0;\nConsid\u00e9rant la compl\u00e9tude du dossier\u00a0;\nSur proposition du secr\u00e9taire g\u00e9n\u00e9ral de la pr\u00e9fecture\u00a0;\nARR\u00caTE\nArticle 1  : L'\u00e9tablissement  \u00ab PFG \u2013 SERVICES FUNERAIRES  \u00bb, situ\u00e9 235 avenue Gabriel P\u00e9ri \u00e0  \nSaint-Maximin-la-Sainte-Baume (83470), g\u00e9r\u00e9 par la SAS  \u00ab OGF SERVICES FUNERAIRES  \u00bb  dont le  \nsi\u00e8ge  est  situ\u00e9  6  rue  du  G\u00e9n\u00e9ral  Audran  \u00e0  Courbevoie  (92400),  repr\u00e9sent\u00e9  par  son  directeur \nsecteur  op\u00e9rationnel,  Monsieur  Pierrick  SARTORIO,  est  habilit\u00e9  pour  exercer  les  activit\u00e9s \nsuivantes\u00a0:\n1 - Transport de corps avant et apr\u00e8s mise en bi\u00e8re,\n2 - Organisation des obs\u00e8ques,\n1/2\nPr\u00e9fecture du VAR - 83-2025-12-11-00006 - ARR\u00caT\u00c9 PR\u00c9FECTORAL n\u00b0 DCL/BERG/2025/0288 du 11 d\u00e9cembre 2025 portant habilitation\nde l'\u00e9tablissement \u00ab\u00a0PFG - SERVICES FUNERAIRES\u00a0\u00bb 235 avenue Gabriel Peri - 83470 SAINT-MAXIMIN-LA-SAINTE-BAUME\ng\u00e9r\u00e9 par la SAS \u00ab\u00a0OGF SERVICES FUN\u00c9RAIRES\u00a0\u00bb\n43\n3 - Soins  de  conservation, en  sous-traitance  avec  l'\u00e9tablissement  \u00ab\u00a0HYGECO  POST  MORTEM \nASSISTANCE\u00bb, sis 12 rue Sarah Berhardt \u00e0 Asni\u00e8res (92600), habilit\u00e9 sous le num\u00e9ro 25-92-0216,\n4 - Fourniture  des  housses,  cercueils  et  accessoires  int\u00e9rieur  et  ext\u00e9rieur  ainsi  que  des  urnes\ncin\u00e9raires,\n7 - Fourniture des corbillards et voitures de deuil, list\u00e9s en annexe du pr\u00e9sent arr\u00eat\u00e9,\n8 - Fourniture de personnel et des objets et prestations n\u00e9cessaires aux obs\u00e8ques, inhumations,  \nexhumations et cr\u00e9mations.\nArticle 2     : L'habilitation porte le num\u00e9ro 25-83-0313.\nArticle 3     : La pr\u00e9sente habilitation est accord\u00e9e  pour une dur\u00e9e de cinq ans \u00e0 compter du 14  \nd\u00e9cembre 2025, soit jusqu'au 13 d\u00e9cembre 2030 inclus.\nPour solliciter le renouvellement de la pr\u00e9sente habilitation, le b\u00e9n\u00e9ficiaire devra faire parvenir sa  \ndemande en pr\u00e9fecture au plus tard deux mois avant sa date de fin de validit\u00e9.\nArticle 4     : Conform\u00e9ment aux articles L.2223-25 et R.2223-64 du code g\u00e9n\u00e9ral des collectivit\u00e9s  \nterritoriales, et \u00e0 d\u00e9faut de la production, dans les meilleurs d\u00e9lais, des justificatifs de conformit\u00e9  \ndes \u00e9quipements, la pr\u00e9sente habilitation pourra \u00eatre suspendue pour une dur\u00e9e maximale d'un  \nan ou retir\u00e9e, apr\u00e8s mise en demeure, pour les motifs suivants\u00a0:\n- non-respect des conditions de sa d\u00e9livrance telles qu'elles sont d\u00e9finies par les dispositions du  \ncode g\u00e9n\u00e9ral des collectivit\u00e9s territoriales\u00a0;\n- non exercice ou cessation d'exercice des activit\u00e9s au titre desquelles elle a \u00e9t\u00e9 d\u00e9livr\u00e9e\u00a0;\n- atteinte \u00e0 l'ordre public ou danger pour la salubrit\u00e9 publique.\nDans les cas o\u00f9 le b\u00e9n\u00e9ficiaire est un d\u00e9l\u00e9gataire, le retrait d'habilitation entra\u00eene la d\u00e9ch\u00e9ance  \ndes d\u00e9l\u00e9gations.\nArticle 5     : Le secr\u00e9taire g\u00e9n\u00e9ral de la pr\u00e9fecture du Var est charg\u00e9 de l'ex\u00e9cution du pr\u00e9sent arr\u00eat\u00e9 \nqui sera publi\u00e9 au recueil des actes administratifs de la pr\u00e9fecture du Var et dont une copie sera  \nadress\u00e9e au maire de la commune de Saint-Maximin-la-Sainte-Baume pour information.\nFait \u00e0 Toulon,\nPour le pr\u00e9fet et par d\u00e9l\u00e9gation,\nL'adjoint au directeur\nDe la citoyennet\u00e9 et de la l\u00e9galit\u00e9,\nSign\u00e9\u00a0:\nLionel GARENTE\nDans un d\u00e9lai de deux mois \u00e0 compter de la date de la notification ou de la publication du pr\u00e9sent arr\u00eat\u00e9 au recueil des actes administratifs de la \npr\u00e9fecture, les recours suivants peuvent \u00eatre introduits conform\u00e9ment aux dispositions des articles R. 421-1 et suivants du code de justice \nadministrative :\n- un recours gracieux, adress\u00e9 \u00e0 :\nM. le Pr\u00e9fet du Var - Boulevard du 112\u00e8me\n r\u00e9giment d'infanterie - CS 31209 - 83070 TOULON CEDEX\n- un recours hi\u00e9rarchique, adress\u00e9\u00a0au(x) ministre(s) concern\u00e9(s)\u00a0;\nDans ces deux cas, le silence de l'Administration vaut rejet implicite au terme d'un d\u00e9lai de deux mois.\nApr\u00e8s un recours gracieux ou hi\u00e9rarchique, le d\u00e9lai du recours contentieux ne court qu'\u00e0 compter du rejet explicite ou implicite de l'un de ces \nrecours.\n- un recours contentieux, en saisissant le Tribunal Administratif de Toulon : 5 rue Racine -BP 40510 - 83\u00a0041 TOULON CEDEX 9\nLe tribunal administratif peut \u00eatre saisi par l'application informatique \u00ab\u00a0T\u00e9l\u00e9cours\u00a0\u00bb accessible par le site internet www.telecours.fr.\n2/2\nPr\u00e9fecture du VAR - 83-2025-12-11-00006 - ARR\u00caT\u00c9 PR\u00c9FECTORAL n\u00b0 DCL/BERG/2025/0288 du 11 d\u00e9cembre 2025 portant habilitation\nde l'\u00e9tablissement \u00ab\u00a0PFG - SERVICES FUNERAIRES\u00a0\u00bb 235 avenue Gabriel Peri - 83470 SAINT-MAXIMIN-LA-SAINTE-BAUME\ng\u00e9r\u00e9 par la SAS \u00ab\u00a0OGF SERVICES FUN\u00c9RAIRES\u00a0\u00bb\n44\n| =PREFETDU VARLibert\u00e9Egalit\u00e9Fraternit\u00e9\nDirection de la citoyennet\u00e9 et de la l\u00e9galit\u00e9\nBureau des \u00e9lections et de la r\u00e9glementation g\u00e9n\u00e9rale\nAnnexe \u00e0 l'arr\u00eat\u00e9 n\u00b0DCL/BERG/2025/0288 du 11 d\u00e9cembre 2025\nHabilitation n\u00b00313\nIdentification des v\u00e9hicules intervenant pour l'\u00e9tablissement\u00a0:\nPFG SERVICES FUNERAIRES\ng\u00e9r\u00e9 par la SAS OGF SERVICES FUNERAIRES\nSis 235 avenue Gabriel Peri \u2013 83470 Saint-Maximin-la-Sainte-Baume\nTransport de corps avant et apr\u00e8s mise en bi\u00e8re\nGA-167-MS\nGA-136-MS\nEX-135-WZ\nEX-455-WZ\nEX-058-WZ\nEP-777-JA\nEP-299-JA\nEX-220-WW\nGF-797-LR\nT\u00e9l\u00a0: 04 94 18 83 83\nM\u00e9l\u00a0: pref-funeraires@var.gouv.fr\nBd du 112\u00e8me R\u00e9giment d'Infanterie\nCS 31 209 - 83070 TOULON CEDEX\nPr\u00e9fecture du VAR - 83-2025-12-11-00006 - ARR\u00caT\u00c9 PR\u00c9FECTORAL n\u00b0 DCL/BERG/2025/0288 du 11 d\u00e9cembre 2025 portant habilitation\nde l'\u00e9tablissement \u00ab\u00a0PFG - SERVICES FUNERAIRES\u00a0\u00bb 235 avenue Gabriel Peri - 83470 SAINT-MAXIMIN-LA-SAINTE-BAUME\ng\u00e9r\u00e9 par la SAS \u00ab\u00a0OGF SERVICES FUN\u00c9RAIRES\u00a0\u00bb\n45\nPr\u00e9fecture du VAR\n83-2025-12-11-00003\nARR\u00caT\u00c9 PR\u00c9FECTORAL n\u00b0 DCL/BERG/2025/0289\ndu 11 d\u00e9cembre 2025 portant habilitation de\nl'\u00e9tablissement \u00ab\u00a0PFG - POMPES FUN\u00c8BRES\nG\u00c9N\u00c9RALES\u00a0\u00bb 737 chemin de La Lange - 83110\nSANARY-SUR-MER g\u00e9r\u00e9 par la SAS \u00ab\u00a0OGF\nSERVICES FUN\u00c9RAIRES\u00a0\u00bb\nPr\u00e9fecture du VAR - 83-2025-12-11-00003 - ARR\u00caT\u00c9 PR\u00c9FECTORAL n\u00b0 DCL/BERG/2025/0289 du 11 d\u00e9cembre 2025 portant habilitation\nde l'\u00e9tablissement \u00ab\u00a0PFG - POMPES FUN\u00c8BRES G\u00c9N\u00c9RALES\u00a0\u00bb 737 chemin de La Lange - 83110 SANARY-SUR-MER g\u00e9r\u00e9 par la SAS\n\u00ab\u00a0OGF SERVICES FUN\u00c9RAIRES\u00a0\u00bb\n46\n=mPREFETDU VARLibert\u00e9Egalit\u00e9Fraternit\u00e9\nDirection de la citoyennet\u00e9 et de la l\u00e9galit\u00e9\nBureau des \u00e9lections et de la r\u00e9glementation g\u00e9n\u00e9rale\nARR\u00caT\u00c9 PR\u00c9FECTORAL n\u00b0 DCL/BERG/2025/0289 du 11 d\u00e9cembre 2025\nportant habilitation de l'\u00e9tablissement \u00ab PFG \u2013 POMPES FUN\u00c8BRES G\u00c9N\u00c9RALES \u00bb\n737 chemin de La Lange \u2013 83110 SANARY-SUR-MER\ng\u00e9r\u00e9 par la SAS \u00ab OGF SERVICES FUN\u00c9RAIRES \u00bb\nHabilitation N\u00b0 25-83-0314\nLe Pr\u00e9fet du Var,\nVu le code g\u00e9n\u00e9ral des collectivit\u00e9s territoriales \u00a0et notamment ses articles L2223-19, L2223-23 et \nsuivants\u00a0;\nVu la loi n\u00b0 2008-1350 du 19 d\u00e9cembre 2008 relative \u00e0 la l\u00e9gislation fun\u00e9raire\u00a0;\nVu le d\u00e9cret du Pr\u00e9sident de la R\u00e9publique du 15 mai 2025, portant nomination de Monsieur  \nSimon BABRE, pr\u00e9fet du Var\u00a0;\nVu l'arr\u00eat\u00e9 pr\u00e9fectoral n\u00b0 2025/12/MCI du 2 juin 2025 portant d\u00e9l\u00e9gation de signature \u00e0 Monsieur  \nLucien GIUDICELLI, secr\u00e9taire g\u00e9n\u00e9ral de la pr\u00e9fecture du Var, sous-pr\u00e9fet de l'arrondissement de  \nToulon\u00a0;\nVu  l'arr\u00eat\u00e9  pr\u00e9fectoral  n\u00b0  2025/53/MCI  du  15  juillet  2025  portant  d\u00e9l\u00e9gation  de  signature  \u00e0 \nMonsieur Thibaut DARGON, directeur de la citoyennet\u00e9 et de la l\u00e9galit\u00e9 de la pr\u00e9fecture du Var\u00a0;\nVu  la  demande  du  01  octobre  2025  d'habilitation  de  l'\u00e9tablissement,  \u00ab PFG  \u2013  POMPES \nFUN\u00c8BRES G\u00c9N\u00c9RALES \u00bb, situ\u00e9 737 , chemin de La Lange \u00e0 Sanary-sur-Mer (83110), formul\u00e9e par \nMonsieur  Pierrick  SARTORIO,  directeur  secteur  op\u00e9rationnel  de  la  SAS  \u00ab OGF SERVICES \nFUNERAIRES \u00bb dont le si\u00e8ge est situ\u00e9 6 rue du G\u00e9n\u00e9ral Audran \u00e0 Courbevoie (92400)\u00a0;\nConsid\u00e9rant la compl\u00e9tude du dossier\u00a0;\nSur proposition du secr\u00e9taire g\u00e9n\u00e9ral de la pr\u00e9fecture\u00a0;\nARR\u00caTE\nArticle 1  : L'\u00e9tablissement  \u00ab PFG \u2013 POMPES FUN\u00c8BRES G\u00c9N\u00c9RALES  \u00bb,  situ\u00e9 737 chemin de La  \nLange \u00e0 Sanary-sur-Mer (83110),  g\u00e9r\u00e9 par la SAS \u00ab OGF SERVICES FUNERAIRES \u00bb dont le si\u00e8ge est  \nsitu\u00e9  6  rue  du  G\u00e9n\u00e9ral  Audran  \u00e0  Courbevoie  (92400),  repr\u00e9sent\u00e9  par  son  directeur  secteur \nop\u00e9rationnel, Monsieur Pierrick SARTORIO, est habilit\u00e9 pour exercer les activit\u00e9s suivantes\u00a0:\n1 - Transport de corps avant et apr\u00e8s mise en bi\u00e8re,\n2 - Organisation des obs\u00e8ques,\n3 - Soins  de  conservation, en  sous-traitance  avec  l'\u00e9tablissement  \u00ab\u00a0HYGECO  POST  MORTEM \nASSISTANCE\u00bb, sis 12 rue Sarah Berhardt \u00e0 Asni\u00e8res (92600), habilit\u00e9 sous le num\u00e9ro 25-92-0216,\n1/2\nPr\u00e9fecture du VAR - 83-2025-12-11-00003 - ARR\u00caT\u00c9 PR\u00c9FECTORAL n\u00b0 DCL/BERG/2025/0289 du 11 d\u00e9cembre 2025 portant habilitation\nde l'\u00e9tablissement \u00ab\u00a0PFG - POMPES FUN\u00c8BRES G\u00c9N\u00c9RALES\u00a0\u00bb 737 chemin de La Lange - 83110 SANARY-SUR-MER g\u00e9r\u00e9 par la SAS\n\u00ab\u00a0OGF SERVICES FUN\u00c9RAIRES\u00a0\u00bb\n47\n4 - Fourniture  des  housses,  cercueils  et  accessoires  int\u00e9rieur  et  ext\u00e9rieur  ainsi  que  des  urnes\ncin\u00e9raires,\n7 - Fourniture des corbillards et voitures de deuil, list\u00e9s en annexe du pr\u00e9sent arr\u00eat\u00e9,\n8 - Fourniture de personnel et des objets et prestations n\u00e9cessaires aux obs\u00e8ques, inhumations,  \nexhumations et cr\u00e9mations.\nArticle 2     : L'habilitation porte le num\u00e9ro 25-83-0314.\nArticle 3     : La pr\u00e9sente habilitation est accord\u00e9e  pour une dur\u00e9e de cinq ans \u00e0 compter du 14  \nd\u00e9cembre 2025, soit jusqu'au 13 d\u00e9cembre 2030 inclus.\nPour solliciter le renouvellement de la pr\u00e9sente habilitation, le b\u00e9n\u00e9ficiaire devra faire parvenir sa  \ndemande en pr\u00e9fecture au plus tard deux mois avant sa date de fin de validit\u00e9.\nArticle 4     : Conform\u00e9ment aux articles L.2223-25 et R.2223-64 du code g\u00e9n\u00e9ral des collectivit\u00e9s  \nterritoriales, et \u00e0 d\u00e9faut de la production, dans les meilleurs d\u00e9lais, des justificatifs de conformit\u00e9  \ndes \u00e9quipements, la pr\u00e9sente habilitation pourra \u00eatre suspendue pour une dur\u00e9e maximale d'un  \nan ou retir\u00e9e, apr\u00e8s mise en demeure, pour les motifs suivants\u00a0:\n- non-respect des conditions de sa d\u00e9livrance telles qu'elles sont d\u00e9finies par les dispositions du  \ncode g\u00e9n\u00e9ral des collectivit\u00e9s territoriales\u00a0;\n- non exercice ou cessation d'exercice des activit\u00e9s au titre desquelles elle a \u00e9t\u00e9 d\u00e9livr\u00e9e\u00a0;\n- atteinte \u00e0 l'ordre public ou danger pour la salubrit\u00e9 publique.\nDans les cas o\u00f9 le b\u00e9n\u00e9ficiaire est un d\u00e9l\u00e9gataire, le retrait d'habilitation entra\u00eene la d\u00e9ch\u00e9ance  \ndes d\u00e9l\u00e9gations.\nArticle 5     : Le secr\u00e9taire g\u00e9n\u00e9ral de la pr\u00e9fecture du Var est charg\u00e9 de l'ex\u00e9cution du pr\u00e9sent arr\u00eat\u00e9 \nqui sera publi\u00e9 au recueil des actes administratifs de la pr\u00e9fecture du Var et dont une copie sera  \nadress\u00e9e au maire de la commune de Sanary-sur-Mer pour information.\nFait \u00e0 Toulon, \npour le pr\u00e9fet et par d\u00e9l\u00e9gation,\nL'adjoint au directeur\nDe la citoyennet\u00e9 et de la l\u00e9galit\u00e9,\nSign\u00e9\u00a0:\nLionel GARENTE\nDans un d\u00e9lai de deux mois \u00e0 compter de la date de la notification ou de la publication du pr\u00e9sent arr\u00eat\u00e9 au recueil des actes administratifs de la \npr\u00e9fecture, les recours suivants peuvent \u00eatre introduits conform\u00e9ment aux dispositions des articles R. 421-1 et suivants du code de justice \nadministrative :\n- un recours gracieux, adress\u00e9 \u00e0 :\nM. le Pr\u00e9fet du Var - Boulevard du 112\u00e8me\n r\u00e9giment d'infanterie - CS 31209 - 83070 TOULON CEDEX\n- un recours hi\u00e9rarchique, adress\u00e9\u00a0au(x) ministre(s) concern\u00e9(s)\u00a0;\nDans ces deux cas, le silence de l'Administration vaut rejet implicite au terme d'un d\u00e9lai de deux mois.\nApr\u00e8s un recours gracieux ou hi\u00e9rarchique, le d\u00e9lai du recours contentieux ne court qu'\u00e0 compter du rejet explicite ou implicite de l'un de ces \nrecours.\n- un recours contentieux, en saisissant le Tribunal Administratif de Toulon : 5 rue Racine -BP 40510 - 83\u00a0041 TOULON CEDEX 9\nLe tribunal administratif peut \u00eatre saisi par l'application informatique \u00ab\u00a0T\u00e9l\u00e9cours\u00a0\u00bb accessible par le site internet www.telecours.fr.\n2/2\nPr\u00e9fecture du VAR - 83-2025-12-11-00003 - ARR\u00caT\u00c9 PR\u00c9FECTORAL n\u00b0 DCL/BERG/2025/0289 du 11 d\u00e9cembre 2025 portant habilitation\nde l'\u00e9tablissement \u00ab\u00a0PFG - POMPES FUN\u00c8BRES G\u00c9N\u00c9RALES\u00a0\u00bb 737 chemin de La Lange - 83110 SANARY-SUR-MER g\u00e9r\u00e9 par la SAS\n\u00ab\u00a0OGF SERVICES FUN\u00c9RAIRES\u00a0\u00bb\n48\n| =PREFETDU VARLibert\u00e9Egalit\u00e9Fraternit\u00e9\nDirection de la citoyennet\u00e9 et de la l\u00e9galit\u00e9\nBureau des \u00e9lections et de la r\u00e9glementation g\u00e9n\u00e9rale\nAnnexe \u00e0 l'arr\u00eat\u00e9 n\u00b0DCL/BERG/2025/0289 du 11 d\u00e9cembre 2025\nHabilitation n\u00b025-83-0314\nIdentification des v\u00e9hicules intervenant pour l'\u00e9tablissement\u00a0:\nPFG POMPES FUN\u00c8BRES G\u00c9N\u00c9RALES\ng\u00e9r\u00e9 par la SAS OGF SERVICES FUNERAIRES\nSis 737 chemin de La Lange \u2013 83110 Sanary-sur-Mer\nTransport de corps avant et apr\u00e8s mise en bi\u00e8re\nGA-167-MS\nGA-136-MS\nEX-135-WZ\nEX-455-WZ\nEX-058-WZ\nEP-777-JA\nEP-299-JA\nEX-220-WW\nGF-797-LR\nT\u00e9l\u00a0: 04 94 18 83 83\nM\u00e9l\u00a0: pref-funeraires@var.gouv.fr\nBd du 112\u00e8me R\u00e9giment d'Infanterie\nCS 31 209 - 83070 TOULON CEDEX\nPr\u00e9fecture du VAR - 83-2025-12-11-00003 - ARR\u00caT\u00c9 PR\u00c9FECTORAL n\u00b0 DCL/BERG/2025/0289 du 11 d\u00e9cembre 2025 portant habilitation\nde l'\u00e9tablissement \u00ab\u00a0PFG - POMPES FUN\u00c8BRES G\u00c9N\u00c9RALES\u00a0\u00bb 737 chemin de La Lange - 83110 SANARY-SUR-MER g\u00e9r\u00e9 par la SAS\n\u00ab\u00a0OGF SERVICES FUN\u00c9RAIRES\u00a0\u00bb\n49\nPr\u00e9fecture du VAR\n83-2025-12-11-00013\nARR\u00caT\u00c9 PR\u00c9FECTORAL n\u00b0 DCL/BERG/2025/0290\ndu 11 d\u00e9cembre 2025, portant habilitation du\nService Public Industriel et Commercial (SPIC),\n\u00ab\u00a0POMPES FUNEBRES\u00a0\u00bb, Cours de la R\u00e9publique -\n83510 LORGUES, g\u00e9r\u00e9 par la Mairie de Lorgues \nPr\u00e9fecture du VAR - 83-2025-12-11-00013 - ARR\u00caT\u00c9 PR\u00c9FECTORAL n\u00b0 DCL/BERG/2025/0290 du 11 d\u00e9cembre 2025, portant habilitation\ndu Service Public Industriel et Commercial (SPIC), \u00ab\u00a0POMPES FUNEBRES\u00a0\u00bb, Cours de la R\u00e9publique - 83510 LORGUES, g\u00e9r\u00e9 par la Mairie\nde Lorgues \n50\n=mPREFETDU VARLibert\u00e9Egalit\u00e9Fraternit\u00e9\nDirection de la citoyennet\u00e9 et de la l\u00e9galit\u00e9\nBureau des \u00e9lections et de la r\u00e9glementation g\u00e9n\u00e9rale\nARR\u00caT\u00c9 PR\u00c9FECTORAL n\u00b0 DCL/BERG/2025/0290 du 11 d\u00e9cembre 2025\nportant habilitation du Service Public Industriel et Commercial (SPIC)\n\u00ab POMPES FUNEBRES \u00bb\nCours de la R\u00e9publique \u2013 83510 LORGUES\ng\u00e9r\u00e9 par la Mairie de Lorgues \nHabilitation N\u00b0 25-83-0158\nLe Pr\u00e9fet du Var,\nVu le code g\u00e9n\u00e9ral des collectivit\u00e9s territoriales \u00a0et notamment ses articles L2223-19, L2223-23 et  \nsuivants\u00a0;\nVu la loi n\u00b0 2008-1350 du 19 d\u00e9cembre 2008 relative \u00e0 la l\u00e9gislation fun\u00e9raire\u00a0;\nVu le d\u00e9cret du Pr\u00e9sident de la R\u00e9publique du 15 mai 2025, portant nomination de Monsieur  \nSimon BABRE, pr\u00e9fet du Var\u00a0;\nVu l'arr\u00eat\u00e9 pr\u00e9fectoral n\u00b0 2025/12/MCI du 2 juin 2025 portant d\u00e9l\u00e9gation de signature \u00e0 Monsieur  \nLucien GIUDICELLI, secr\u00e9taire g\u00e9n\u00e9ral de la pr\u00e9fecture du Var, sous-pr\u00e9fet de l'arrondissement de  \nToulon\u00a0;\nVu  l'arr\u00eat\u00e9  pr\u00e9fectoral  n\u00b0  2025/53/MCI  du  15  juillet  2025  portant  d\u00e9l\u00e9gation  de  signature  \u00e0 \nMonsieur Thibaut DARGON, directeur de la citoyennet\u00e9 et de la l\u00e9galit\u00e9 de la pr\u00e9fecture du Var\u00a0;\nVu  l'arr\u00eat\u00e9  pr\u00e9fectoral  du  13  d\u00e9cembre  2019,  portant  renouvellement  d'habilitation  dans  le \ndomaine  fun\u00e9raire  du  Service  Public  Industriel  et  Commercial  des  Pompes  Fun\u00e8bres  de  la \ncommune de Lorgues  sis cours de la R\u00e9publique \u00e0 Lorgues (83510), jusqu'au 12 d\u00e9cembre 2025  \ninclus\u00a0;\nVu  la  demande  du  28  novembre  2025  de  renouvellement  d'habilitation  du  Service  Public \nIndustriel et Commercial \u00ab POMPES FUNEBRES \u00bb, situ\u00e9 cours de la R\u00e9publique \u00e0 Lorgues (83510) , \nformul\u00e9e par Monsieur Claude ALEMAGNA, Maire de la commune de Lorgues\u00a0;\nConsid\u00e9rant la compl\u00e9tude du dossier\u00a0;\nSur proposition du secr\u00e9taire g\u00e9n\u00e9ral de la pr\u00e9fecture\u00a0;\nARR\u00caTE\nArticle 1  : Le  Service Public Industriel et Commercial  \u00ab POMPES FUNEBRES  \u00bb, situ\u00e9 cours de la  \nR\u00e9publique \u00e0 Lorgues (83510),  g\u00e9r\u00e9 par la mairie de Lorgues, repr\u00e9sent\u00e9 par son Maire, Monsieur  \nClaude ALEMAGNA, est habilit\u00e9 pour exercer les activit\u00e9s suivantes\u00a0:\n1/2\nPr\u00e9fecture du VAR - 83-2025-12-11-00013 - ARR\u00caT\u00c9 PR\u00c9FECTORAL n\u00b0 DCL/BERG/2025/0290 du 11 d\u00e9cembre 2025, portant habilitation\ndu Service Public Industriel et Commercial (SPIC), \u00ab\u00a0POMPES FUNEBRES\u00a0\u00bb, Cours de la R\u00e9publique - 83510 LORGUES, g\u00e9r\u00e9 par la Mairie\nde Lorgues \n51\n1 - Transport de corps apr\u00e8s mise en bi\u00e8re,\n2 - Organisation des obs\u00e8ques,\n7 - Fourniture des corbillards et voitures de deuil,\n8 - Fourniture de personnel et des objets et prestations n\u00e9cessaires aux obs\u00e8ques, inhumations,  \nexhumations et cr\u00e9mations.\nArticle 2     : L'habilitation porte le num\u00e9ro 25-83-0158.\nArticle 3     : La pr\u00e9sente habilitation est accord\u00e9e  pour une dur\u00e9e de cinq ans \u00e0 compter du 13  \nd\u00e9cembre 2025, soit jusqu'au 12 d\u00e9cembre 2030 inclus.\nPour solliciter le renouvellement de la pr\u00e9sente habilitation, le b\u00e9n\u00e9ficiaire devra faire parvenir sa  \ndemande en pr\u00e9fecture au plus tard deux mois avant sa date de fin de validit\u00e9.\nArticle 4     : Conform\u00e9ment aux articles L.2223-25 et R.2223-64 du code g\u00e9n\u00e9ral des collectivit\u00e9s  \nterritoriales, et \u00e0 d\u00e9faut de la production, dans les meilleurs d\u00e9lais, des justificatifs de conformit\u00e9  \ndes \u00e9quipements, la pr\u00e9sente habilitation pourra \u00eatre suspendue pour une dur\u00e9e maximale d'un  \nan ou retir\u00e9e, apr\u00e8s mise en demeure, pour les motifs suivants\u00a0:\n- non-respect des conditions de sa d\u00e9livrance telles qu'elles sont d\u00e9finies par les dispositions du  \ncode g\u00e9n\u00e9ral des collectivit\u00e9s territoriales\u00a0;\n- non exercice ou cessation d'exercice des activit\u00e9s au titre desquelles elle a \u00e9t\u00e9 d\u00e9livr\u00e9e\u00a0;\n- atteinte \u00e0 l'ordre public ou danger pour la salubrit\u00e9 publique.\nDans les cas o\u00f9 le b\u00e9n\u00e9ficiaire est un d\u00e9l\u00e9gataire, le retrait d'habilitation entra\u00eene la d\u00e9ch\u00e9ance  \ndes d\u00e9l\u00e9gations.\nArticle 5     : Le secr\u00e9taire g\u00e9n\u00e9ral de la pr\u00e9fecture du Var est charg\u00e9 de l'ex\u00e9cution du pr\u00e9sent arr\u00eat\u00e9 \nqui sera publi\u00e9 au recueil des actes administratifs de la pr\u00e9fecture du Var.\nFait \u00e0 Toulon\nPour le pr\u00e9fet et par d\u00e9l\u00e9gation\nl'adjoint au directeur de la citoyennet\u00e9 et de la \nl\u00e9galit\u00e9\nSign\u00e9\nLionel GARENTE\nDans un d\u00e9lai de deux mois \u00e0 compter de la date de la notification ou de la publication du pr\u00e9sent arr\u00eat\u00e9 au recueil des actes administratifs de la \npr\u00e9fecture, les recours suivants peuvent \u00eatre introduits conform\u00e9ment aux dispositions des articles R. 421-1 et suivants du code de justice \nadministrative :\n- un recours gracieux, adress\u00e9 \u00e0 :\nM. le Pr\u00e9fet du Var - Boulevard du 112\u00e8me\n r\u00e9giment d'infanterie - CS 31209 - 83070 TOULON CEDEX\n- un recours hi\u00e9rarchique, adress\u00e9\u00a0au(x) ministre(s) concern\u00e9(s)\u00a0;\nDans ces deux cas, le silence de l'Administration vaut rejet implicite au terme d'un d\u00e9lai de deux mois.\nApr\u00e8s un recours gracieux ou hi\u00e9rarchique, le d\u00e9lai du recours contentieux ne court qu'\u00e0 compter du rejet explicite ou implicite de l'un de ces \nrecours.\n- un recours contentieux, en saisissant le Tribunal Administratif de Toulon : 5 rue Racine -BP 40510 - 83\u00a0041 TOULON CEDEX 9\nLe tribunal administratif peut \u00eatre saisi par l'application informatique \u00ab\u00a0T\u00e9l\u00e9cours\u00a0\u00bb accessible par le site internet www.telecours.fr.\n2/2\nPr\u00e9fecture du VAR - 83-2025-12-11-00013 - ARR\u00caT\u00c9 PR\u00c9FECTORAL n\u00b0 DCL/BERG/2025/0290 du 11 d\u00e9cembre 2025, portant habilitation\ndu Service Public Industriel et Commercial (SPIC), \u00ab\u00a0POMPES FUNEBRES\u00a0\u00bb, Cours de la R\u00e9publique - 83510 LORGUES, g\u00e9r\u00e9 par la Mairie\nde Lorgues \n52\nPr\u00e9fecture du VAR\n83-2025-12-08-00005\nArr\u00eat\u00e9 pr\u00e9fectoral du 8 d\u00e9cembre 2025 portant\nsur l'alimentation en eau destin\u00e9e \u00e0 la\nconsommation humaine et la mise en\nconformit\u00e9 des forages F3 et F4 des Mouli\u00e8res,\nsitu\u00e9s sur le territoire de la commune de\nBauduen (Var), au b\u00e9n\u00e9fice du Syndicat Mixte\ndes Eaux du Verdon (SMEV).\nPr\u00e9fecture du VAR - 83-2025-12-08-00005 - Arr\u00eat\u00e9 pr\u00e9fectoral du 8 d\u00e9cembre 2025 portant sur l'alimentation en eau destin\u00e9e \u00e0 la\nconsommation humaine et la mise en conformit\u00e9 des forages F3 et F4 des Mouli\u00e8res, situ\u00e9s sur le territoire de la commune de\nBauduen (Var), au b\u00e9n\u00e9fice du Syndicat Mixte des Eaux du Verdon (SMEV).\n53\nSnPREFETDU VARLibert\u00e9Egalit\u00e9Fraternit\u00e9\nDirection de la coordination \ndes politiques publiques\net de l'appui territorial\nBureau de l'Environnement et \ndu D\u00e9veloppement Durable\n  \nAgence R\u00e9gionale de Sant\u00e9\nProvence-Alpes-C\u00f4te d'Azur\nD\u00e9l\u00e9gation D\u00e9partementale du Var\nService Sant\u00e9 Environnement\nARR\u00caT\u00c9 PR\u00c9FECTORAL du 8 D\u00c9CEMBRE 2025\nAlimentation en eau destin\u00e9e \u00e0 la consommation humaine\nMise en conformit\u00e9 des forages F3 et F4 des MOULIERES\nsitu\u00e9s sur le territoire de la commune de Bauduen (Var)\nau b\u00e9n\u00e9fice du Syndicat Mixte des Eaux du Verdon (SMEV)\nportant sur :\n- La d\u00e9claration d'utilit\u00e9 publique :\no des p\u00e9rim\u00e8tres de protection des forages F3 et F4 des MOULIERES ; \no des travaux de pr\u00e9l\u00e8vement d'eau ;\n- L'instauration des p\u00e9rim\u00e8tres de protection  imm\u00e9diate, rapproch\u00e9e et \u00e9loign\u00e9e  situ\u00e9s \nsur  le  territoire  des  communes  de  Bauduen,  Aiguines,  Barg\u00e8me,  La  Bastide, \nCh\u00e2teauvieux,  Comps  sur  Arturby,  La  Martre,  La  Roque-Esclapon,  V\u00e9rignon  et \nnotamment \u00e0 l'int\u00e9rieur du camp de Canjuers dans le d\u00e9partement du Var ;\n- L'autorisation d'utiliser l'eau pr\u00e9lev\u00e9e en vue de la consommation humaine,\nau b\u00e9n\u00e9fice du Syndicat Mixte des Eaux du Verdon (SMEV).\nLe pr\u00e9fet du Var,\nVu l e code de la sant\u00e9 publique, notamment les articles L1321-1 \u00e0 L1321-10 et R1321-1 \u00e0  \n1321-8 ; \nVu  le  code  de  l'environnement,  notamment  les  articles  L214-1  \u00e0  L214-6,  L214-18,  L211-2, \nL215-13, R214-1 et suivants, L181-1 et suivants, R181-1 et suivants, L170-1 et suivants, R171-1 et  \nsuivants, L216-1 et suivants, R216-7 et suivants ;\nVu le code minier, notamment l'article 131 ;\nVu  le  d\u00e9cret  du  Pr\u00e9sident  de  la  R\u00e9publique  du  15  mai  2025  portant  nomination  de \nM. Simon BABRE, pr\u00e9fet du Var ;\nVu  le  d\u00e9cret  du  Pr\u00e9sident  de  la  R\u00e9publique  du  15  avril  2022  nommant  \nM.  Lucien  GIUDICELLI,  secr\u00e9taire  g\u00e9n\u00e9ral  de  la  pr\u00e9fecture  du  Var,  sous-pr\u00e9fet  de \nl'arrondissement de Toulon ;\nVu l'arr\u00eat\u00e9 pr\u00e9fectoral n\u00b02025 / 12 / MCI du 2 juin 2025 portant d\u00e9l\u00e9gation de signature \u00e0   \nM.  Lucien  GIUDICELLI,  secr\u00e9taire  g\u00e9n\u00e9ral  de  la  pr\u00e9fecture  du  Var,  sous-pr\u00e9fet  de \nl'arrondissement de Toulon ;\nVu l'arr\u00eat\u00e9 du 30 d\u00e9cembre 2022 relatif au programme de tests et d'analyses \u00e0 r\u00e9aliser dans  \nle cadre de la surveillance exerc\u00e9e par la personne responsable de la production ou de la  \ndistribution d'eau et aux conditions auxquelles doivent satisfaire les laboratoires r\u00e9alisant ce \nprogramme,  en  application  des  articles  R.  1321-23  et  R.  1321-24  du  code  de  la  sant\u00e9 \npublique ;\n1/15\nPr\u00e9fecture du VAR - 83-2025-12-08-00005 - Arr\u00eat\u00e9 pr\u00e9fectoral du 8 d\u00e9cembre 2025 portant sur l'alimentation en eau destin\u00e9e \u00e0 la\nconsommation humaine et la mise en conformit\u00e9 des forages F3 et F4 des Mouli\u00e8res, situ\u00e9s sur le territoire de la commune de\nBauduen (Var), au b\u00e9n\u00e9fice du Syndicat Mixte des Eaux du Verdon (SMEV).\n54\nVu l'arr\u00eat\u00e9 du 3 janvier 2023 relatif au plan de gestion de la s\u00e9curit\u00e9 sanitaire de l'eau r\u00e9alis\u00e9 \nde la zone de captage jusqu'en amont des installations priv\u00e9es de distribution ;\nVu  l'arr\u00eat\u00e9 pr\u00e9fectoral du 2 novembre 1994  d\u00e9clarant d'utilit\u00e9 publique les p\u00e9rim\u00e8tres de  \nprotection des forages des MOULIERES , situ\u00e9s sur le territoire des communes de Bauduen,  \nAiguines,  Barg\u00e8me,  La  Bastide,  Ch\u00e2teauvieux,  Comps  sur  Arturby,  La  Martre,  La  Roque-\nEsclapon, V\u00e9rignon et \u00e0 l'int\u00e9rieur du camp de Canjuers ;\nVu le rapport de l'hydrog\u00e9ologue agr\u00e9\u00e9, Monsieur MANGAN, de septembre 2017 , d\u00e9finissant \ndes p\u00e9rim\u00e8tres de protection autour des forages F3 et F4 des MOULIERES ;\nVu le dossier d'enqu\u00eate publique d\u00e9pos\u00e9e par le Syndicat Mixte des Eaux du Verdon et  \n\u00e9labor\u00e9 par le bureau d'\u00e9tudes Ingeneria en juin 2021 et compl\u00e9t\u00e9 en avril 2024 ;\nVu le rapport du 30 mai 2024 de la D\u00e9l\u00e9gation D\u00e9partementale de l'Agence R\u00e9gionale de  \nSant\u00e9  de  Provence-Alpes-C\u00f4te  d'Azur  se  pronon\u00e7ant  favorablement  sur  la  demande  de \nd\u00e9claration d'utilit\u00e9 publique des p\u00e9rim\u00e8tres de protection et l'autorisation d'utilisation des \nforages F3 et F4 des MOULIERES pour l'alimentation en eau du Syndicat Mixte des Eaux du  \nVerdon ;\nVu  la  lettre  du  29  octobre  2024  du  Pr\u00e9sident  du  Syndicat  Mixte  des  Eaux  du  Verdon \nsollicitant l'ouverture des enqu\u00eates publiques pr\u00e9alables aux d\u00e9clarations d'utilit\u00e9 publique  \nrelatives \u00e0 l'instauration des p\u00e9rim\u00e8tres de protection des forages F3 et F4 des MOULIERES ;\nVu l'arr\u00eat\u00e9  pr\u00e9fectoral  du  09  d\u00e9cembre  2024,  prescrivant  l'ouverture  d'une  enqu\u00eate \npublique pr\u00e9alable \u00e0 :\n- la d\u00e9claration d'utilit\u00e9 publique des travaux de d\u00e9rivation des eaux et des p\u00e9rim\u00e8tres de \nprotection autour des forages F3 et F4 des MOULIERES ;\n- l'instauration de servitudes d'utilit\u00e9 publiques sur les p\u00e9rim\u00e8tres de protection, \nau b\u00e9n\u00e9fice du Syndicat Mixte des Eaux du Verdon ;\nVu le rapport et les conclusions du commissaire enqu\u00eateur du 17 f\u00e9vrier 2025 ; \nVu le rapport de synth\u00e8se du 25 avril 2025 du D\u00e9l\u00e9gu\u00e9 D\u00e9partemental du Var de l'Agence  \nR\u00e9gionale de Sant\u00e9 de Provence-Alpes-C\u00f4te d'Azur ; \nVu l'avis du 13 mai 2025 \u00e9mis par le Conseil D\u00e9partemental de l'Environnement et des  \nRisques  Sanitaires  et  Technologiques  relatif  \u00e0  la  D\u00e9claration  d'Utilit\u00e9  Publique  des \np\u00e9rim\u00e8tres de protection et des travaux de pr\u00e9l\u00e8vement d'eau  des forages F3 et F4 des  \nMOULIERES,  l'instauration  des  p\u00e9rim\u00e8tres  de  protection  et  l'autorisation  d'utiliser  l'eau \npr\u00e9lev\u00e9e en vue de la consommation humaine ; \nConsid\u00e9rant que :\n- La  mise  en  place  des  p\u00e9rim\u00e8tres  de  protection  autour  des  forages  F3  et  F4  des \nMOULIERES est n\u00e9cessaire afin de prot\u00e9ger la ressource et les ouvrages de pr\u00e9l\u00e8vement  \net de traitement du service public d'eau potable vis-\u00e0-vis d'activit\u00e9s polluantes d'origine  \ndiffuse ou accidentelle et des d\u00e9gradations d'origine naturelle ou humaine ;\n- La  qualit\u00e9  de  l'eau  brute  des  forages  F3  et  F4  des  MOULIERES  est  conforme  aux \nexigences de qualit\u00e9 r\u00e9glementaires fix\u00e9es pour les eaux brutes utilis\u00e9es pour produire  \nde l'eau destin\u00e9e \u00e0 la consommation humaine ;\n- Le traitement mis en place sur l'eau des forages des Mouli\u00e8res F3 et F4 est adapt\u00e9 \u00e0 la  \nqualit\u00e9 de l'eau brute et efficace pour produire de l'eau destin\u00e9e \u00e0 la consommation  \nhumaine ;\n- L'op\u00e9ration ne repr\u00e9sente pas une atteinte excessive au droit de propri\u00e9t\u00e9 sup\u00e9rieure  \naux  avantages  attendus  consistant  \u00e0  prot\u00e9ger  la  ressource  en  eau  destin\u00e9e  \u00e0  la \nconsommation humaine,\n2/15\nPr\u00e9fecture du VAR - 83-2025-12-08-00005 - Arr\u00eat\u00e9 pr\u00e9fectoral du 8 d\u00e9cembre 2025 portant sur l'alimentation en eau destin\u00e9e \u00e0 la\nconsommation humaine et la mise en conformit\u00e9 des forages F3 et F4 des Mouli\u00e8res, situ\u00e9s sur le territoire de la commune de\nBauduen (Var), au b\u00e9n\u00e9fice du Syndicat Mixte des Eaux du Verdon (SMEV).\n55\nARR\u00caTE\nCHAPITRE I : PR\u00c9SENTATION\nArticle 1  er   : Objet de l'arr\u00eat\u00e9     et b\u00e9n\u00e9ficiaire   \nLe Syndicat Mixte des Eaux du Verdon (SMEV) est b\u00e9n\u00e9ficiaire du pr\u00e9sent arr\u00eat\u00e9 relatif \u00e0 :\n- La d\u00e9claration d'utilit\u00e9 publique :\no des p\u00e9rim\u00e8tres de protection des forages F3 et F4 des MOULIERES ;\no des travaux de pr\u00e9l\u00e8vement d'eau ;\n- L'instauration des p\u00e9rim\u00e8tres de protection imm\u00e9diate, rapproch\u00e9e et \u00e9loign\u00e9e situ\u00e9s sur  \nle territoire  des communes de Bauduen, Aiguines, Barg\u00e8me, La Bastide, Ch\u00e2teauvieux,  \nComps sur Arturby, La Martre, La Roque-Esclapon, V\u00e9rignon et notamment \u00e0 l'int\u00e9rieur  \ndu camp de Canjuers dans le d\u00e9partement du Var ;\n- L'autorisation d'utiliser l'eau pr\u00e9lev\u00e9e en vue de la consommation humaine,\nsous r\u00e9serve du respect des prescriptions d\u00e9finies ci-apr\u00e8s.\nLe Syndicat Mixte des Eaux du Verdon est d\u00e9nomm\u00e9 \u00ab le b\u00e9n\u00e9ficiaire \u00bb.\nArticle 2 :   Caract\u00e9ristiques     des ouvrages  \nArticle 2 \u2013 1 :   Situation des captages   (cf. annexe 1)\nLes forages des MOULIERES F1, F2, F3 et F4 se situent au nord-ouest de Bauduen en bordure \ndu lac de Sainte-Croix. L'acc\u00e8s s'effectue par une piste DFCI (D\u00e9fense de la For\u00eat contre les  \nIncendies). \nLes forages des MOULIERES F3 et F4, cr\u00e9\u00e9s en 2006, sont localis\u00e9s \u00e0 environ 35 m\u00e8tres de  \ndeux premiers forages des MOULIERES F1 et F2.\nLes coordonn\u00e9es en LAMBERT 93 des forages des MOULIERES F3 et F4 sont :\nCoordonn\u00e9es Lambert 93 X Y Z\nForage F3 953984,53 6298080,78 486,97 NGF\nForage F4 953986,38 6298081,59 486,97 NGF\nCes nouveaux forages ne sont pas r\u00e9pertori\u00e9s dans la banque de donn\u00e9es du sous-sol (BSS)  \n\u00e0 ce jour. Le p\u00e9titionnaire doit sans d\u00e9lai faire le n\u00e9cessaire aupr\u00e8s du BRGM (Bureau de  \nRecherches G\u00e9ologiques et Mini\u00e8res) et communiquer ces \u00e9l\u00e9ments r\u00e9glementaires \u00e0 l'ARS.\nArticle 2 - 2 :   Caract\u00e9ristiques     techniques des ouvrages  \nLes profondeurs des ouvrages sont respectivement de :\n- 160 m pour le forage F3 ;\n- 146,5 m pour le forage F4.\nLes forages sont \u00e9quip\u00e9s en inox (diam\u00e8tre 273 mm) avec les tubages suivants :\n- De 0 \u00e0 94 m : Tube lisse ;\n- De 94 \u00e0 142 m : Cr\u00e9pines \u00e0 trous oblongues ;\n- De 142 m au fond des ouvrages : Tube de d\u00e9cantation.\nLes forages F3 et F4 des MOULIERES sont situ\u00e9s dans un m\u00eame local ma\u00e7onn\u00e9, ferm\u00e9 par un \ncapot cadenass\u00e9. \n3/15\nPr\u00e9fecture du VAR - 83-2025-12-08-00005 - Arr\u00eat\u00e9 pr\u00e9fectoral du 8 d\u00e9cembre 2025 portant sur l'alimentation en eau destin\u00e9e \u00e0 la\nconsommation humaine et la mise en conformit\u00e9 des forages F3 et F4 des Mouli\u00e8res, situ\u00e9s sur le territoire de la commune de\nBauduen (Var), au b\u00e9n\u00e9fice du Syndicat Mixte des Eaux du Verdon (SMEV).\n56\nIls sont aliment\u00e9s par un syst\u00e8me karstique et peuvent donc \u00eatre influenc\u00e9s par les eaux de  \nsurface. \nCHAPITRE II : PR\u00c9L\u00c8VEMENTS D'EAU\nArticle 3 : D\u00e9bits et volumes de pr\u00e9l\u00e8vements autoris\u00e9s (AP du 02/11/1994)\nConform\u00e9ment \u00e0 l'arr\u00eat\u00e9 pr\u00e9fectoral du 2 novembre 1994 susvis\u00e9, les d\u00e9bits et volumes de  \npr\u00e9l\u00e8vement maximum autoris\u00e9s sur les forages F1, F2, F3 et F4  des MOULIERES  sont les  \nsuivants :\nD\u00e9bit horaire maximal 380 m3/h\nD\u00e9bit journalier maximal 6 745 m3/j\nArticle 4 : Mesure et \u00e9valuation des volumes pr\u00e9lev\u00e9s\nLes captages doivent \u00eatre \u00e9quip\u00e9s de compteurs volum\u00e9triques. \n- Ces compteurs volum\u00e9triques sont  choisis en tenant compte  des qualit\u00e9s des eaux  \npr\u00e9lev\u00e9es et des conditions d'exploitation des installations ou des ouvrages, notamment \ndes d\u00e9bits moyens et maximums de pr\u00e9l\u00e8vement et la pression du r\u00e9seau \u00e0 l'aval des  \ninstallations de pompage. \n- Le choix et les conditions de montage des compteurs doivent permettre de garantir la  \npr\u00e9cision des volumes mesur\u00e9s. \n- Les compteurs volum\u00e9triques \u00e9quip\u00e9s d'un syst\u00e8me de remise \u00e0 z\u00e9ro sont interdits.\n- Les moyens de mesure et d'\u00e9valuation des volumes  pr\u00e9lev\u00e9s doivent \u00eatre r\u00e9guli\u00e8rement \nentretenus, contr\u00f4l\u00e9s et, si n\u00e9cessaire, remplac\u00e9s de fa\u00e7on \u00e0 fournir en permanence une \ninformation fiable.\nLe d\u00e9clarant consigne sur un  registre ou cahier  les \u00e9l\u00e9ments du suivi de l'exploitation de  \nl'ouvrage ou de l'installation de pr\u00e9l\u00e8vement ci-apr\u00e8s : \n- Pour  les  pr\u00e9l\u00e8vements  par  pompage,  les  volumes  pr\u00e9lev\u00e9s  mensuellement  et \nannuellement et le relev\u00e9 de l'index du compteur volum\u00e9trique \u00e0 la fin de chaque ann\u00e9e \ncivile ou de chaque campagne de pr\u00e9l\u00e8vement dans le cas de pr\u00e9l\u00e8vements saisonniers ;\n- Pour les autres types de pr\u00e9l\u00e8vements, les valeurs des volumes pr\u00e9lev\u00e9s mensuellement  \net annuellement ou les estimations de ces volumes, les valeurs des grandeurs physiques  \ncorrespondantes  suivies  et  les  p\u00e9riodes  de  fonctionnement  de  l'installation  ou  de \nl'ouvrage ;\n- Les incidents survenus dans l'exploitation et, selon le cas, dans la mesure des volumes  \npr\u00e9lev\u00e9s ou le suivi des grandeurs caract\u00e9ristiques ;\n- Les entretiens, contr\u00f4les et remplacements des moyens de mesure et d'\u00e9valuation.\nCe registre ou cahier est tenu \u00e0 la disposition des agents du contr\u00f4le. Les donn\u00e9es qu'il  \ncontient doivent \u00eatre conserv\u00e9es cinq ans par le d\u00e9clarant.\nLe  pr\u00e9fet  peut,  par  arr\u00eat\u00e9,  fixer  des  dates  d'enregistrement  particuli\u00e8res  ou  une \naugmentation de la fr\u00e9quence d'enregistrement pendant les p\u00e9riodes sensibles pour l'\u00e9tat  \ndes ressources en eau et des milieux aquatiques. \nArticle 5 : Lutte contre le gaspillage d'eau\nDans le cadre du changement climatique et afin d'anticiper les p\u00e9riodes de s\u00e9cheresse dans  \nle d\u00e9partement du Var, il est indispensable de  lutter contre le gaspillage d'eau  afin de  \nr\u00e9duire les volumes d'eau pr\u00e9lev\u00e9s dans le milieu naturel. Notamment, les  rendements du \nr\u00e9seau  de  distribution doivent  \u00eatre  am\u00e9lior\u00e9s  afin  d'atteindre  les  seuils  d\u00e9finis  par  la \nr\u00e9glementation en vigueur. \n4/15\nPr\u00e9fecture du VAR - 83-2025-12-08-00005 - Arr\u00eat\u00e9 pr\u00e9fectoral du 8 d\u00e9cembre 2025 portant sur l'alimentation en eau destin\u00e9e \u00e0 la\nconsommation humaine et la mise en conformit\u00e9 des forages F3 et F4 des Mouli\u00e8res, situ\u00e9s sur le territoire de la commune de\nBauduen (Var), au b\u00e9n\u00e9fice du Syndicat Mixte des Eaux du Verdon (SMEV).\n57\nAinsi, un plan d'actions visant \u00e0 r\u00e9duire les fuites  (recherche et r\u00e9paration) doit \u00eatre mis en  \nplace conform\u00e9ment \u00e0 la r\u00e9glementation en vigueur. Une clause de revoyure \u00e0 cinq ans doit  \n\u00eatre int\u00e9gr\u00e9e dans le projet.\nDans  ce  cadre,  la  connaissance  renforc\u00e9e  des  r\u00e9seaux  d'eau  potable  doit  permettre \nd'assurer une gestion ad\u00e9quate des eaux destin\u00e9es \u00e0 la consommation humaine. \nCHAPITRE III : PROTECTION DE LA RESSOURCE\nDes  p\u00e9rim\u00e8tres  de  protection imm\u00e9diate  (PPI),  rapproch\u00e9e  (PPR)  et  \u00e9loign\u00e9e  (PPE)  sont \ninstaur\u00e9s  sur  le  territoire  des  communes  de  Bauduen,  Aiguines,  Barg\u00e8me,  La  Bastide, \nCh\u00e2teauvieux, Comps sur Arturby, La Martre, La Roque-Esclapon, V\u00e9rignon et \u00e0 l'int\u00e9rieur du \ncamp de Canjuers dans le d\u00e9partement du Var.\nIls sont d\u00e9finis conform\u00e9ment :\n- au plan parcellaire des p\u00e9rim\u00e8tres de protection imm\u00e9diate et rapproch\u00e9e en annexe 1 ; \n- au plan du p\u00e9rim\u00e8tre de protection \u00e9loign\u00e9e en annexe 2 ;\n- \u00e0 l'\u00e9tat parcellaire des p\u00e9rim\u00e8tres de protection imm\u00e9diate et rapproch\u00e9e en annexe 3.\nArticle 6 : P\u00e9rim\u00e8tre de protection imm\u00e9diate (PPI)\nSon but est d'\u00e9viter toute introduction directe de substances ind\u00e9sirables dans les ouvrages  \nde production et de pr\u00e9venir toute d\u00e9gradation de ces ouvrages.\nArticle 6 - 1 : Secteur concern\u00e9 par le PPI (cf. annexe 1)\nLe  p\u00e9rim\u00e8tre  de  protection  imm\u00e9diate  des  forages  F1  et  F2  des  MOULIERES  situ\u00e9s  en \ncontrebas des nouveaux forages F3 et F4 des MOULIERES a \u00e9t\u00e9 \u00e9tendu, en suivant le trac\u00e9  \ndu terrain cl\u00f4tur\u00e9 du Syndicat Intercommunal.\nLe  nouveau  p\u00e9rim\u00e8tre  de  protection  imm\u00e9diate  englobe  les  deux  nouveaux  forages \nsuppl\u00e9mentaires (F3 et F4) en plus des deux anciens (F1 et F2), la station de traitement ainsi  \nque la b\u00e2che de reprise des eaux.\nD'une superficie de 5 443  m\u00b2, le PPI est situ\u00e9 sur la commune de Bauduen sur les 4 terrains  \nsuivants :\nParcelles Superficie Propri\u00e9taires\nA1609    112 m\u00b2 SMEV\nA1629 2 253 m\u00b2 SMEV\nA1632    734\u00a0m\u00b2 SMEV\nA1580 pour partie 2 344 m\u00b2 Etat (1)\n(1) Une  convention  d'occupation  des  sols  (7  juillet  2014)  lie  le  SMEV  \u00e0  l'\u00c9tat  pour \nl'utilisation de ces terrains \u00e0 des fins de production d'eau potable.\nArticle 6 \u2013 2 : Prescriptions et entretien du PPI\nDans ce p\u00e9rim\u00e8tre, toutes activit\u00e9s, installations et d\u00e9p\u00f4ts, de quelque nature que ce soit,  \nexcept\u00e9es les activit\u00e9s concernant l'exploitation, le service et l'entretien des ouvrages et du  \np\u00e9rim\u00e8tre lui-m\u00eame, sont interdits.\n5/15\nPr\u00e9fecture du VAR - 83-2025-12-08-00005 - Arr\u00eat\u00e9 pr\u00e9fectoral du 8 d\u00e9cembre 2025 portant sur l'alimentation en eau destin\u00e9e \u00e0 la\nconsommation humaine et la mise en conformit\u00e9 des forages F3 et F4 des Mouli\u00e8res, situ\u00e9s sur le territoire de la commune de\nBauduen (Var), au b\u00e9n\u00e9fice du Syndicat Mixte des Eaux du Verdon (SMEV).\n58\nL'int\u00e9gralit\u00e9 du p\u00e9rim\u00e8tre de protection imm\u00e9diate, y compris les cl\u00f4tures et les acc\u00e8s, doit  \n\u00eatre r\u00e9guli\u00e8rement entretenue.\nLe  d\u00e9sherbage  et  le  d\u00e9broussaillage  doit  \u00eatre  r\u00e9alis\u00e9  r\u00e9guli\u00e8rement,  manuellement  ou \nm\u00e9caniquement, mais en aucun cas avec des produits phytopharmaceutiques ou chimiques. \nLes d\u00e9bris v\u00e9g\u00e9taux doivent \u00eatre \u00e9vacu\u00e9s hors du PPI.\nAucune antenne de t\u00e9l\u00e9transmission commerciale ne doit \u00eatre implant\u00e9e dans ce p\u00e9rim\u00e8tre. \nCe p\u00e9rim\u00e8tre doit rester enti\u00e8rement cl\u00f4tur\u00e9 sur une hauteur de 2 m\u00e8tres au minimum et  \nferm\u00e9 \u00e0 cl\u00e9.\nArticle 7     : P\u00e9rim\u00e8tre de protection rapproch\u00e9e (PPR)   \nArticle 7 - 1 : Secteur concern\u00e9 par le PPR (cf. annexe 1)\nLe PPR propos\u00e9 pour les forages F3 et F4 des MOULIERES correspond \u00e0 celui d\u00e9fini dans l'AP  \nde 1994 pour les forages F1 et F2 des MOULIERES. \nCe PPR comprend 61 parcelles situ\u00e9es sur la commune de BAUDUEN :\nSection A : 1184, 1185, 1186, 1187, 1189, 1191, 1192, 1254, 1279, 1281, 1282, 1284, 1285, 1286,  \n1287, 1288, 1289, 1376, 1378, 1382, 1386, 1387, 1405, 1408, 1410, 1412, 1413, 1416, 1417, 1420,  \n1421, 1424, 1428, 1429, 1485, 1496, 1502, 1503, 1507, 1514, 1517, 1519, 1520, 1543, 1555, 1556,  \n1558, 1559, 1560, 1586, 1587, 1588, 1589, 1590, 1591, 1592, 1593, 1609, 1621, 1630, 1631.\nArticle 7 - 2 : Prescriptions \u00e0 l'int\u00e9rieur du PPR\nDans le p\u00e9rim\u00e8tre de protection rapproch\u00e9e, toutes les installations et activit\u00e9s pouvant  \ninfluer directement ou indirectement \u00e0 la qualit\u00e9 des eaux doivent \u00eatre en conformit\u00e9 avec la \nr\u00e9glementation en vigueur.\nEn  plus  de  ces  dispositions  g\u00e9n\u00e9rales,  les  interdictions  et  r\u00e9glementations  suivantes \ns'appliquent dans le p\u00e9rim\u00e8tre de protection rapproch\u00e9e :  \nPrescriptions du PPR des forages F3 et F4 des MOULIERES\nPoints d'eau\n1 Points de \npr\u00e9l\u00e8vement \nd'eau\nLa r\u00e9alisation de nouveaux points de pr\u00e9l\u00e8vement d'eau d'origine \nsuperficielle ou souterraine (puits, forages, captages de sources\u2026) \nest interdite \u00e0 l'exception de ceux qui seraient reconnus d'utilit\u00e9  \npublique  et apr\u00e8s autorisation pr\u00e9fectorale et sous r\u00e9serve de  \nv\u00e9rification de la disponibilit\u00e9 de la ressource.\nCette interdiction couvre \u00e9galement les nouveaux forages priv\u00e9s \n\u00e0 usages domestiques y compris pour la g\u00e9othermie.\nLes forages priv\u00e9s existants sont conserv\u00e9s sous r\u00e9serve de remplir \nles deux conditions suivantes :\n1- Pour les forages \u00e0 usages domestiques relevant des dispositions \ndu code g\u00e9n\u00e9ral des collectivit\u00e9s territoriales (notamment article \nL 2224-9), \u00e0 condition,\n- qu'ils soient d\u00e9clar\u00e9s en mairie \u00e0 la date de la signature du  \npr\u00e9sent arr\u00eat\u00e9 ;\n6/15\nPr\u00e9fecture du VAR - 83-2025-12-08-00005 - Arr\u00eat\u00e9 pr\u00e9fectoral du 8 d\u00e9cembre 2025 portant sur l'alimentation en eau destin\u00e9e \u00e0 la\nconsommation humaine et la mise en conformit\u00e9 des forages F3 et F4 des Mouli\u00e8res, situ\u00e9s sur le territoire de la commune de\nBauduen (Var), au b\u00e9n\u00e9fice du Syndicat Mixte des Eaux du Verdon (SMEV).\n59\nPrescriptions du PPR des forages F3 et F4 des MOULIERES\n- qu'ils  respectent  strictement  la  r\u00e9glementation  g\u00e9n\u00e9rale  en \nvigueur. Ils doivent notamment \u00eatre \u00e9quip\u00e9s d'une margelle,  \nune t\u00eate de forage ferm\u00e9e et \u00e9tanche, hors d'atteinte des eaux \nde ruissellement.\n2- pour les autres forages relevant des dispositions du code de  \nl'environnement  (notamment article  R  214-1  du  code  de  \nl'environnement - rubrique 1.1.1.0), \u00e0 condition :\n- qu'ils soient en situation r\u00e9guli\u00e8re (d\u00e9clar\u00e9 ou autoris\u00e9) vis-\u00e0-vis \nde  cette  police  administrative  \u00e0  la  date  de  la  signature  du \npr\u00e9sent arr\u00eat\u00e9 ;\n- qu'ils  respectent  les  prescriptions  g\u00e9n\u00e9rales  fix\u00e9es  par  la \nr\u00e9glementation en vigueur pour les forages (\u00e0 ce jour  : arr\u00eat\u00e9  \ndu 11 septembre 2003 portant application du d\u00e9cret n\u00b0 96-102  \ndu 2 f\u00e9vrier 1996).\n2 Abandon \nd'ouvrage\nLes  puits et forages  qui sont  abandonn\u00e9s ou d\u00e9t\u00e9rior\u00e9s  doivent  \n\u00eatre rebouch\u00e9s dans les r\u00e8gles de l'art  : t\u00eates de forages aras\u00e9es et  \nobstruction  avec  des  mat\u00e9riaux  inertes  des  zones  aquif\u00e8res \nsurmont\u00e9s d'un bouchon imperm\u00e9able et d'une cimentation de  \nt\u00eate, conform\u00e9ment \u00e0 la NORME NFX 10-999.\n3 Plans d'eau La cr\u00e9ation de  nouveaux   plans d'eau  , de  mares ou d' \u00e9tangs est  \nr\u00e9glement\u00e9e notamment et doit respecter la prescription n\u00b04 (1).\nEnvironnement g\u00e9n\u00e9ral\n4 Modification  \ndes terrains  : \nexcavations, \ncarri\u00e8res, \ngravi\u00e8res\nLa r\u00e9alisation de galeries, l'ouverture et l'exploitation de carri\u00e8res \nou gravi\u00e8res sont interdites.\nL'ouverture d'excavations  autres que carri\u00e8res ou gravi\u00e8res est  \ninterdite au-del\u00e0  de 2     m  de  profondeur   ( y  compris  pour  la \nr\u00e9alisation de travaux temporaires).\nLe remblaiement ou comblement d'excavations (m\u00eame naturelles), \nou de carri\u00e8res, ou de vallons est interdit.\n5 Exploitation \ndu bois\nL'exploitation foresti\u00e8re  est  r\u00e9glement\u00e9e et doit \u00eatre conforme  \naux dispositions de l'am\u00e9nagement forestier en vigueur (1).\n6 \u00c9nergies \nrenouvelables\nLes  installations  de  champs  de  panneaux  solaires  \nphotovolta\u00efques et les \u00e9oliennes sont r\u00e9glement\u00e9es (1).\nMati\u00e8res susceptibles d'alt\u00e9rer la qualit\u00e9 des eaux\n7 D\u00e9p\u00f4ts Sont interdits :\n- Les d\u00e9p\u00f4ts, les stockages de d\u00e9chets de toute nature (ordures \nm\u00e9nag\u00e8res,  immondices,  d\u00e9tritus,  produits  radioactifs,  \nmat\u00e9riaux  inertes \u2026),  produits ou  mati\u00e8res  susceptibles \n7/15\nPr\u00e9fecture du VAR - 83-2025-12-08-00005 - Arr\u00eat\u00e9 pr\u00e9fectoral du 8 d\u00e9cembre 2025 portant sur l'alimentation en eau destin\u00e9e \u00e0 la\nconsommation humaine et la mise en conformit\u00e9 des forages F3 et F4 des Mouli\u00e8res, situ\u00e9s sur le territoire de la commune de\nBauduen (Var), au b\u00e9n\u00e9fice du Syndicat Mixte des Eaux du Verdon (SMEV).\n60\nPrescriptions du PPR des forages F3 et F4 des MOULIERES\nStockages\n\u00c9pandages et \nrejets\nCanalisations\nd'alt\u00e9rer  la  qualit\u00e9  des  eaux  par  infiltration  ou  par  \nruissellement ;\n- Les  nouveaux  d\u00e9p\u00f4ts,  stockages  de  produits  chimiques \npolluants ou d'hydrocarbures liquides ou gazeux sauf pour les \nusages  domestiques  (construction  individuelles)  et  sous \nr\u00e9serve de mise en \u0153uvre de dispositifs de s\u00e9curit\u00e9 tels que  \nbacs  de  r\u00e9tention  \u00e9tanches  et  incombustibles  dont  la \ncapacit\u00e9  est  au  moins  \u00e9gale  au  volume  stock\u00e9  ou  doubles \nenveloppes ;\n- Les rejets ou l'\u00e9pandage de quelque nature que ce soit  : eaux \nus\u00e9es (brutes ou trait\u00e9es), effluents, lisiers,   fumier,   compost   \nou de boues  issues des activit\u00e9s  industrielles,  domestiques, \nagricoles,  artisanales ou  commerciales \u00e0  l'exception  des \n\u00e9pandages et infiltrations d'assainissements non collectifs ;\n- L'implantation  d'ouvrages  de  transport  ou  de  stockage \nsouterrains de  tout  autre  produit  susceptible  de  porter \natteinte directement ou indirectement \u00e0 la qualit\u00e9 des eaux  \n(produits  chimiques  polluants,  hydrocarbures  liquides  ou \ngazeux) \u00e0 l'exception des canalisations d'assainissements qui  \ndoivent \u00eatre conformes \u00e0 la r\u00e9glementation en vigueur afin de  \nne pas risquer de polluer les eaux souterraines.\nLes installations existantes qui ne peuvent pas \u00eatre supprim\u00e9es  \ndoivent  \u00eatre  mises  en  conformit\u00e9  afin  de  ne  pas  risquer  de \npolluer  les  eaux  souterraines :  installation  de  cuvettes  de \nr\u00e9tention \u00e9tanches et incombustibles dont la capacit\u00e9 sera au  \nmoins \u00e9gale au volume stock\u00e9 par exemple.\nTout doit \u00eatre mis en place afin d'\u00e9viter les d\u00e9p\u00f4ts sauvages dans  \nle p\u00e9rim\u00e8tre de protection rapproch\u00e9e.\nL'\u00e9pandage  de  compost  issu  de  d\u00e9chets  verts  exclusivement \n(compost consid\u00e9r\u00e9 stable) est r\u00e9glement\u00e9 (1).\n8 Eaux us\u00e9es et \npluviales\nPuits filtrants\nLes  dispositifs  d'assainissement  non  collectif doivent  \u00eatre  \ncontr\u00f4l\u00e9s en priorit\u00e9 et mis en conformit\u00e9 si n\u00e9cessaire.\nLa  cr\u00e9ation  de  puits  filtrants est  interdite pour  l'\u00e9vacuation \nd'eaux us\u00e9es, pluviales, de piscines.\nPesticides - Activit\u00e9s agricoles\n9 Produits \nfertilisants\nPhytopharma-\nceutiques\nBiocides\nPour  tout  usage,  tous  les  produits  de  synth\u00e8se  \n(phytopharmaceutiques, fertilisants et biocides) sont interdits \u00e0  \nl'exception :\n- des produits de biocontr\u00f4le ;\n- des produits utilisables en Agriculture Biologique (UAB) ;\n- des  produits  \u00e0  faible  risque  d\u00e9finis  dans  l'article  47  du \nr\u00e8glement  de  la  Communaut\u00e9  Europ\u00e9enne  N\u00b01107/2009 \nrelatif aux produits phytopharmaceutiques.\n8/15\nPr\u00e9fecture du VAR - 83-2025-12-08-00005 - Arr\u00eat\u00e9 pr\u00e9fectoral du 8 d\u00e9cembre 2025 portant sur l'alimentation en eau destin\u00e9e \u00e0 la\nconsommation humaine et la mise en conformit\u00e9 des forages F3 et F4 des Mouli\u00e8res, situ\u00e9s sur le territoire de la commune de\nBauduen (Var), au b\u00e9n\u00e9fice du Syndicat Mixte des Eaux du Verdon (SMEV).\n61\nPrescriptions du PPR des forages F3 et F4 des MOULIERES\n10 Stockage \nagricole\nLe  stockage des amendements organiques au champ  (mati\u00e8res  \nfermentescibles,  fumiers  et  composts)  doit  se  faire  dans  le \nrespect de la r\u00e9glementation en vigueur (prescriptions du RSD,  \ndes  ICPE,  de  la  \u00ab Directive  Nitrates \u00bb  pour  les  parcelles \nconcern\u00e9es...).\n11 \u00c9levage \nd'animaux\nLa stabulation d'animaux domestiques, les enclos permanents et \nle pacage prolong\u00e9 (plus d'un mois) sont interdits.\nLa stabulation d'animaux domestiques, les enclos permanents et  \nle pacage prolong\u00e9 existant \u00e0 la date du pr\u00e9sent arr\u00eat\u00e9 doivent \n\u00eatre mis en conformit\u00e9 vis-\u00e0-vis de la r\u00e9glementation en vigueur  \n(1).\nUrbanisme et habitat\n12 Voies et \nstationne-\nments\nLes  eaux de ruissellements  issues de voies de circulation et du  \nstationnement  de  v\u00e9hicules  doivent  faire  l'objet  de  mesures \nappropri\u00e9es  afin  de  pr\u00e9venir  la  contamination  de  la  nappe \nsouterraine : collecte avec rejet en dehors du PPR, traitement\u2026\nLes  modifications  des  voies  de  communication (routes,  voies \nferr\u00e9es\u2026), parkings, aires b\u00e9tonn\u00e9es sont r\u00e9glement\u00e9es (1).\n13 ICPE La  cr\u00e9ation  ou  extension  d'installations  class\u00e9es  pour  la  \nprotection  de  l'environnement au  titre  de  la  loi  n\u00b076-663  du \n19 juillet 1976  est interdite  \u00e0  l'exception des  installations  \nn\u00e9cessaires au service public charg\u00e9 de missions d'int\u00e9r\u00eat g\u00e9n\u00e9ral \ndont la conception et l'exploitation ne pr\u00e9sentent pas de risques  \nde  pollution  des  eaux  superficielles  et  souterraines  et  sous \nr\u00e9serve d'am\u00e9nagements sp\u00e9cifiques appropri\u00e9s. (1).\nLes  installations class\u00e9es pour la protection de l'environnement  \nexistantes \u00e0 la date du pr\u00e9sent arr\u00eat\u00e9 doivent \u00eatre contr\u00f4l\u00e9es et \nmises en s\u00e9curit\u00e9 si n\u00e9cessaire.\n14 Constructions Les nouvelles constructions sont r\u00e9glement\u00e9es (1).\n15 Habitat non \npermanent\nLa  cr\u00e9ation  de  camping,  de  caravaning,  de  zone  de  \nstationnement de camping-cars  ou caravanes ou d'aires pour les  \ngens du voyage est interdite.\n16 Cimeti\u00e8res \nInhumation\nLa  cr\u00e9ation,  l'agrandissement  de  cimeti\u00e8re  et  l'inhumation  en \nterrain priv\u00e9 sont r\u00e9glement\u00e9s (1).\n17 Rassemble-\nment public\nLa tenue de rassemblements publics,   d'\u00e9v\u00e9nements sportifs       ou \nde  quelque  nature  que  ce  soit,  susceptible  de  conduire  \u00e0 \nrassembler  et  \u00e0  faire  stationner  un  nombre  important  de \npersonnes  (>20)  est  interdite ,  sauf  autorisation  de  la  \nPr\u00e9fecture ou de la Mairie.\n9/15\nPr\u00e9fecture du VAR - 83-2025-12-08-00005 - Arr\u00eat\u00e9 pr\u00e9fectoral du 8 d\u00e9cembre 2025 portant sur l'alimentation en eau destin\u00e9e \u00e0 la\nconsommation humaine et la mise en conformit\u00e9 des forages F3 et F4 des Mouli\u00e8res, situ\u00e9s sur le territoire de la commune de\nBauduen (Var), au b\u00e9n\u00e9fice du Syndicat Mixte des Eaux du Verdon (SMEV).\n62\nPrescriptions du PPR des forages F3 et F4 des MOULIERES\nActivit\u00e9 susceptible d'alt\u00e9rer la qualit\u00e9 de l'eau\n18 Alt\u00e9ration \npossible de \nl'eau\nToute activit\u00e9 non explicitement cit\u00e9e ci-dessus mais susceptible \nd'alt\u00e9rer la qualit\u00e9 de l'eau ou d'en modifier les caract\u00e9ristiques  \nou la quantit\u00e9 d'eau disponible est interdite.\n(1) Sous r\u00e9serve :\n- du respect des proc\u00e9dures sp\u00e9cifiques en vigueur ;\n- de l'accord des administrations concern\u00e9es dans le cadre de l'application de  \nla r\u00e9glementation ;\n- \u00e9ventuellement soumis \u00e0 l'avis d'un hydrog\u00e9ologue agr\u00e9\u00e9.\nArticle 8     : P\u00e9rim\u00e8tre de protection \u00e9loign\u00e9e (PPE)   (annexe 2)\nLe p\u00e9rim\u00e8tre de protection \u00e9loign\u00e9 correspond \u00e0 celui d\u00e9fini pour les forages F1 et F2 en  \n1994.\nDans  ce  p\u00e9rim\u00e8tre  de  protection  \u00e9loign\u00e9e,  la  r\u00e9glementation  en  vigueur  doit  \u00eatre \nparticuli\u00e8rement respect\u00e9e.\nEn particulier, toutes activit\u00e9s ou les d\u00e9p\u00f4ts susceptibles d'alt\u00e9rer la qualit\u00e9 de l'eau ou d'en  \nmodifier les caract\u00e9ristiques ou la quantit\u00e9 d'eau disponible doivent \u00eatre supprim\u00e9s ou mis  \nen conformit\u00e9 vis-\u00e0-vis de la r\u00e9glementation en vigueur.\nArticle 9     : Conduite \u00e0 tenir en phase de travaux sur tous les p\u00e9rim\u00e8tres de protection.  \nDans les p\u00e9rim\u00e8tres de protection, toutes les pr\u00e9cautions n\u00e9cessaires doivent \u00eatre prises  \npour \u00e9viter toute pollution du sol (huiles, carburants, etc.), notamment dans le cadre des  \ntravaux ou des entretiens relatifs aux ouvrages (captages, etc.) et en particulier par les  \nentreprises de travaux.\nAu minimum, les r\u00e8gles minimales suivantes doivent \u00eatre respect\u00e9es :\n- Stationnement   des engins de chantier en dehors des p\u00e9rim\u00e8tres de protection ;\n- Ravitaillement   des  engins  et  intervention  m\u00e9canique  \u00e0  effectuer  en  dehors  des \np\u00e9rim\u00e8tres de protection et sur zone \u00e9tanche ;\n- Inspection   r\u00e9guli\u00e8re  des  mat\u00e9riels  (engins,  machines,  flexibles,  joints,  syst\u00e8mes  de \nr\u00e9tention...) pour \u00e9viter les fuites d'hydrocarbures notamment ; \n- Maintien du chantier   et de ses abords dans un \u00e9tat de propret\u00e9 compatible avec la  \nprotection de la ressource ;\n- Interdiction   de tout rejet et/ou d\u00e9p\u00f4t susceptible de polluer la ressource ;\n- Mise en place  d'un syst\u00e8me de d\u00e9p\u00f4t sur r\u00e9tention  pour tous les produits \u00e0 risque et  \nsous les engins en position stationnaire ; si possible hors du PPI ; \n- D\u00e9tention  d'un  kit  anti-pollution sur  le  chantier  afin  de  contenir  une  \u00e9ventuelle \npollution si besoin ;\n- D\u00e9finition,  pr\u00e9alablement  au  commencement  du  chantier,  de  l'organisation  et  des \nmesures \u00e0 mettre en \u0153uvre en cas de pollution accidentelle ; \n- Information du responsable de la ressource et de l'autorit\u00e9 administrative comp\u00e9tente   \n(ARS PACA \u00e0 la date de signature du pr\u00e9sent arr\u00eat\u00e9) en cas de risque de pollution  \naccidentelle de la ressource. \n10/15\nPr\u00e9fecture du VAR - 83-2025-12-08-00005 - Arr\u00eat\u00e9 pr\u00e9fectoral du 8 d\u00e9cembre 2025 portant sur l'alimentation en eau destin\u00e9e \u00e0 la\nconsommation humaine et la mise en conformit\u00e9 des forages F3 et F4 des Mouli\u00e8res, situ\u00e9s sur le territoire de la commune de\nBauduen (Var), au b\u00e9n\u00e9fice du Syndicat Mixte des Eaux du Verdon (SMEV).\n63\nArticle 10     :   Indemnisations et droits des tiers   \nLes  indemnit\u00e9s  qui  peuvent  \u00eatre  dues  aux  propri\u00e9taires  des  terrains  ou  aux  occupants \nconcern\u00e9s par l'instauration de servitudes li\u00e9es \u00e0 la mise en exploitation des forages F3 et F4 \ndes  MOULIERES  situ\u00e9s  \u00e0  BAUDUEN,  sont  fix\u00e9es  selon  les  r\u00e8gles  applicables  en  mati\u00e8re \nd'expropriation  pour  cause  d'utilit\u00e9  publique.  Les  indemnit\u00e9s  dues  sont  \u00e0  la  charge  du \nb\u00e9n\u00e9ficiaire.\nCHAPITRE IV : AUTORISATION DE TRAITEMENT ET DE DISTRIBUTION DE L'EAU\nArticle 11     : Autorisation d'utilisation de l'eau pr\u00e9lev\u00e9e au titre du code de la sant\u00e9 publique  \nLe b\u00e9n\u00e9ficiaire est autoris\u00e9 \u00e0 utiliser l'eau des forages des MOULIERES pour la production et  \nla distribution d'eau destin\u00e9e \u00e0 la consommation humaine du public, dans les conditions  \npr\u00e9cis\u00e9es dans le pr\u00e9sent arr\u00eat\u00e9 et sous r\u00e9serve que :\n- La qualit\u00e9 des eaux pr\u00e9lev\u00e9es, produites et distribu\u00e9es soit conforme aux exigences de la \nl\u00e9gislation et de la r\u00e9glementation en vigueur ;\n- Les r\u00e9seaux d'adduction et de distribution, ainsi que les r\u00e9servoirs, soient con\u00e7us et  \nentretenus conform\u00e9ment aux dispositions r\u00e9glementaires en vigueur.\nCes activit\u00e9s doivent \u00eatre r\u00e9alis\u00e9es dans les conditions d\u00e9finies par le pr\u00e9sent arr\u00eat\u00e9.\nArticle 12     : Production et distribution d'eau destin\u00e9e \u00e0 la consommation humaine   \nLe traitement doit \u00eatre adapt\u00e9 \u00e0 la qualit\u00e9 de l'eau brute et pourra faire l'objet en tant que  \nde besoin d'un arr\u00eat\u00e9 pr\u00e9fectoral sp\u00e9cifique encadrant les conditions de production et  \ndistribution d'eau destin\u00e9e \u00e0 la consommation humaine.\nArticle 12 \u2013 1 -   Gestion de la turbidit\u00e9 de l'eau  \nLes eaux pr\u00e9lev\u00e9es proviennent d'un r\u00e9servoir de type karstique  et sont donc susceptibles  \nde devenir turbides notamment en cas d'\u00e9pisodes pluvieux. \nAfin de pallier le probl\u00e8me de turbidit\u00e9 et ne pas envoyer d'eau turbide dans le r\u00e9seau  \nd'alimentation en eau potable, le turbidim\u00e8tre enregistreur en continu doit \u00eatre install\u00e9 sur  \nl'eau brute des forages des MOULIERES, avant la b\u00e2che de reprise. \nLe turbidim\u00e8tre est \u00e0 associer \u00e0 :\n- un  syst\u00e8me  de  coupure  automatique  de  tout  pr\u00e9l\u00e8vement  en  cas  de  turbidit\u00e9 \nsup\u00e9rieure \u00e0 1 NTU au maximum ;\n- un syst\u00e8me d'alerte fonctionnant d\u00e8s 0.5 NTU (= r\u00e9f\u00e9rence de qualit\u00e9 actuelle) destin\u00e9  \n\u00e0 informer en temps r\u00e9el le gestionnaire des ouvrages.\nEn effet, d'apr\u00e8s le guide d'exploitation des unit\u00e9s de production et de distribution d'eau de \nla  FNCCR  (F\u00e9d\u00e9ration  Nationale  des  Collectivit\u00e9s  Conc\u00e9dantes  et  R\u00e9gies),  la  chloration \nd'une eau turbide au-del\u00e0 de 0,5 NTU n'est pas une bonne mesure de gestion du risque  \nmicrobiologique associ\u00e9 \u00e0 des eaux brutes d'origine karstique.\nCe turbidim\u00e8tre enregistreur en continu doit permettre un suivi analytique, \u00e0 un pas de  \ntemps de 6 heures maximum. Les valeurs mesur\u00e9es sont \u00e0 conserver au moins trois ans par le \nb\u00e9n\u00e9ficiaire du pr\u00e9sent arr\u00eat\u00e9 afin de r\u00e9pondre aux obligations de l'arr\u00eat\u00e9 du 30  d\u00e9cembre \n2022 relatif au programme de tests et d'analyses \u00e0 r\u00e9aliser dans le cadre de la surveillance  \nexerc\u00e9e par la personne responsable de la production ou de la distribution d'eau (PRPDE). \n11/15\nPr\u00e9fecture du VAR - 83-2025-12-08-00005 - Arr\u00eat\u00e9 pr\u00e9fectoral du 8 d\u00e9cembre 2025 portant sur l'alimentation en eau destin\u00e9e \u00e0 la\nconsommation humaine et la mise en conformit\u00e9 des forages F3 et F4 des Mouli\u00e8res, situ\u00e9s sur le territoire de la commune de\nBauduen (Var), au b\u00e9n\u00e9fice du Syndicat Mixte des Eaux du Verdon (SMEV).\n64\nCes mesures de turbidit\u00e9 doivent aider la personne responsable de la production et de la  \ndistribution de l'eau \u00e0 \u00e9tudier la possibilit\u00e9 de mettre en place une filtration pour traiter les  \neaux turbides.\nArticle 12 \u2013 2 - D\u00e9sinfection de l'eau\nLa d\u00e9sinfection de l'eau s'effectue au chlore gazeux. \nLa chloration est r\u00e9alis\u00e9e, avant le refoulement vers le r\u00e9servoir de Baudinard, \u00e0 l'int\u00e9rieur de \nla b\u00e2che de reprise situ\u00e9e dans le p\u00e9rim\u00e8tre de protection imm\u00e9diat des forages F1 et F2 des \nMouli\u00e8res.\nDans  le  cadre  d'une  d\u00e9sinfection  de  l'eau  distribu\u00e9e  par  chloration,  l'exploitant  doit \ns'assurer de la pr\u00e9sence permanente d'un r\u00e9siduel de d\u00e9sinfectant en tout point du r\u00e9seau. \n\u00c0 cet effet, il doit disposer de mat\u00e9riel de terrain permettant la mesure de r\u00e9siduel de  \nchlore.\nAfin d'assurer l'efficacit\u00e9 de la d\u00e9sinfection , la valeur du produit du temps de contact (en  \nminutes) et de la concentration en chlore (en mg/L), appel\u00e9 \u00ab CT \u00bb, doit \u00eatre d'au moins 15  \nau point de mise en distribution, conform\u00e9ment aux recommandations de l'Organisation  \nMondiale de la Sant\u00e9.\nArticle 12 \u2013 3 \u2013 Autres dispositions\nLes mat\u00e9riaux et produits utilis\u00e9s pour \u00eatre en contact avec l'eau doivent avoir fait l'objet  \nd'une autorisation d'emploi ou d'une attestation de conformit\u00e9 sanitaire, en application de \nla r\u00e9glementation en vigueur.\nArticle 13 : Surveillance de la qualit\u00e9 de l'eau et des installations\nLe  b\u00e9n\u00e9ficiaire  doit  veiller  au  bon  fonctionnement des  syst\u00e8mes  de  production,  de \ntraitement et de distribution et organiser la surveillance de la qualit\u00e9 de l'eau distribu\u00e9e  \nnotamment dans le respect des dispositions de l'arr\u00eat\u00e9 du 30 d\u00e9cembre 2022 relatif au  \nprogramme de tests et d'analyses \u00e0 r\u00e9aliser dans le cadre de la surveillance exerc\u00e9e par la  \npersonne responsable de la production ou de la distribution d'eau. \nLes ouvrages de captage, les dispositifs de protection, de traitement et les syst\u00e8mes de  \ndistribution doivent \u00eatre r\u00e9guli\u00e8rement entretenus et contr\u00f4l\u00e9s.\nEn cas de difficult\u00e9s particuli\u00e8res, de d\u00e9passement d'une des exigences de qualit\u00e9 fix\u00e9es par \nla r\u00e9glementation, d'incident pouvant entra\u00eener des cons\u00e9quences sur la sant\u00e9 publique, le  \nb\u00e9n\u00e9ficiaire  de  l'autorisation  porte  imm\u00e9diatement  ces  r\u00e9sultats  \u00e0  la  connaissance  de \nl'autorit\u00e9 administrative comp\u00e9tente (ARS PACA \u00e0 la date de signature du pr\u00e9sent arr\u00eat\u00e9).\nTout  d\u00e9passement significatif  d'une  limite  de  qualit\u00e9  des  eaux  doit  faire  l'objet  d'une \nenqu\u00eate pour en rechercher l'origine, de l'information de la population et de la mise en  \nplace d'actions correctives voire de la suspension provisoire de l'utilisation de cette eau en  \nvue  de  la  consommation  humaine.  En  cas  de  persistance  de  ces  d\u00e9passements,  les \nautorisations peuvent \u00eatre retir\u00e9es.\nUn fichier sanitaire est ouvert par l'exploitant pour consigner l'ensemble des informations  \nrelatives  aux  installations  et  \u00e0  leur  fonctionnement,  les  mesures,  les  interventions,  les \ntravaux et les observations\u2026 Les donn\u00e9es de ce fichier sont conserv\u00e9es au minimum trois  \nans et sont tenues \u00e0 la disposition de l'autorit\u00e9 administrative.\n12/15\nPr\u00e9fecture du VAR - 83-2025-12-08-00005 - Arr\u00eat\u00e9 pr\u00e9fectoral du 8 d\u00e9cembre 2025 portant sur l'alimentation en eau destin\u00e9e \u00e0 la\nconsommation humaine et la mise en conformit\u00e9 des forages F3 et F4 des Mouli\u00e8res, situ\u00e9s sur le territoire de la commune de\nBauduen (Var), au b\u00e9n\u00e9fice du Syndicat Mixte des Eaux du Verdon (SMEV).\n65\nArticle     14 : Plan de Gestion de S\u00e9curit\u00e9 Sanitaire des Eaux     (PGSSE)\nEn application de l'article R.1321-22-1 du code de la sant\u00e9 publique, le Plan de Gestion de  \nS\u00e9curit\u00e9 Sanitaire des Eaux au niveau de la ressource doit \u00eatre adopt\u00e9 par le b\u00e9n\u00e9ficiaire et  \ntransmis \u00e0 l'ARS avant le 12 juillet 2027.\nUn an avant cette \u00e9ch\u00e9ance, le b\u00e9n\u00e9ficiaire doit transmettre \u00e0 l'ARS, le cahier des charges  \nd'\u00e9laboration du PGSSE pour les forages des MOULIERES.\nArticle     15 : Contr\u00f4le sanitaire  \nLe  syst\u00e8me  de  production  dans  son  ensemble  est  plac\u00e9  sous  le  contr\u00f4le  de  l'autorit\u00e9 \nadministrative comp\u00e9tente.\nLa qualit\u00e9 de l'eau est contr\u00f4l\u00e9e selon un programme annuel d\u00e9fini par la r\u00e9glementation en \nvigueur en fonction des donn\u00e9es actualis\u00e9es annuellement. \nLes frais d'analyses et de pr\u00e9l\u00e8vements sont \u00e0 la charge de la personne responsable de la  \nproduction et distribution de l'eau (PRPDE) selon les tarifs et les modalit\u00e9s fix\u00e9s par la  \nr\u00e9glementation en vigueur.\nArticle 16 :   Dispositions permettant les pr\u00e9l\u00e8vements et le contr\u00f4le des installations  \nLes possibilit\u00e9s de prise d'\u00e9chantillon\nDes robinets de pr\u00e9l\u00e8vements doivent \u00eatre install\u00e9s en des lieux appropri\u00e9s (absence de  \nsouillures,  repr\u00e9sentatifs,  acc\u00e8s  facile  \u2026),  en  tant  que  de  besoin,  pour  permettre  la \nv\u00e9rification de la qualit\u00e9 de l'eau.\nAu minimum, des robinets de prises d'\u00e9chantillon d'eau doivent \u00eatre mis en place :\n- Avant tout traitement, afin de pr\u00e9lever de l'eau brute de chaque forage des MOULIERES ;\n- En entr\u00e9e et en sortie de tous les r\u00e9servoirs aliment\u00e9s par les forages des MOULIERES.\nCes robinets sont am\u00e9nag\u00e9s de fa\u00e7on \u00e0 permettre :\n- Le  remplissage  des  flacons  :  hauteur  libre  d'au  moins  40  cm  entre  le  robinet  et  le \nr\u00e9ceptacle permettant l'\u00e9vacuation des eaux d'\u00e9coulement \u00e0 l'ext\u00e9rieur du b\u00e2ti ;\n- Le flambage du robinet ;\n- L'identification  de  la  nature  et  de  la  provenance  de  l'eau  qui  s'\u00e9coule  (panonceau, \nplaque grav\u00e9e).\nLes visites et contr\u00f4les sur place\nLes agents des services charg\u00e9s de l'application du code de la sant\u00e9 publique et du code de  \nl'environnement ont constamment libre acc\u00e8s aux installations autoris\u00e9es.\nChapitre V : DISPOSITIONS DIVERSES\nArticle 17 : Respect de l'application du pr\u00e9sent arr\u00eat\u00e9\nLe b\u00e9n\u00e9ficiaire du pr\u00e9sent acte de d\u00e9claration d'utilit\u00e9 publique et d'autorisations veille au  \nrespect  de  l'application  de  cet  arr\u00eat\u00e9  y  compris  des  servitudes  dans  les  p\u00e9rim\u00e8tres  de \nprotection.\n13/15\nPr\u00e9fecture du VAR - 83-2025-12-08-00005 - Arr\u00eat\u00e9 pr\u00e9fectoral du 8 d\u00e9cembre 2025 portant sur l'alimentation en eau destin\u00e9e \u00e0 la\nconsommation humaine et la mise en conformit\u00e9 des forages F3 et F4 des Mouli\u00e8res, situ\u00e9s sur le territoire de la commune de\nBauduen (Var), au b\u00e9n\u00e9fice du Syndicat Mixte des Eaux du Verdon (SMEV).\n66\nTout projet de modification des installations et des conditions d'exploitation mentionn\u00e9es  \ndans le pr\u00e9sent arr\u00eat\u00e9 pr\u00e9fectoral doit \u00eatre port\u00e9 \u00e0 la connaissance du pr\u00e9fet pr\u00e9alablement \n\u00e0 son ex\u00e9cution, accompagn\u00e9 d'un dossier d\u00e9finissant les caract\u00e9ristiques du projet.\nArticle 18 : D\u00e9lai et dur\u00e9e de validit\u00e9\nLes installations, activit\u00e9s, d\u00e9p\u00f4ts, ouvrages et occupations du sol existants, ainsi que les  \ntravaux et am\u00e9nagements d\u00e9crits, doivent \u00eatre conformes aux obligations du pr\u00e9sent arr\u00eat\u00e9 \ndans  un  d\u00e9lai  maximum  de  deux  ans \u00e0  compter  de  sa  signature,  sauf  dispositions \nparticuli\u00e8res mentionn\u00e9es dans les articles concern\u00e9s.\nLa validit\u00e9 de la d\u00e9claration d'utilit\u00e9 publique des p\u00e9rim\u00e8tres de protection n'est pas limit\u00e9e \ndans le temps.\nArticle 19 : Publicit\u00e9 et notifications de l'arr\u00eat\u00e9\nLe pr\u00e9sent arr\u00eat\u00e9 est affich\u00e9 dans la mairie de BAUDUEN pendant une dur\u00e9e minimale de  \ndeux mois.\nUne mention de cet affichage est ins\u00e9r\u00e9e, en caract\u00e8res apparents dans deux journaux  \nlocaux, \u00e0 la demande de la pr\u00e9fecture du Var et aux frais du b\u00e9n\u00e9ficiaire. \nL'arr\u00eat\u00e9 et ses annexes sont mis \u00e0 la disposition du public, pendant un an au moins, sur le  \nsite internet des services de l'\u00c9tat dans le Var \u00e0 l'adresse suivante :\nhttps://www.var.gouv.fr/Publications/Enquetes-publiques/Toutes-les-enquetes-publiques-\ncloturees\nLe  pr\u00e9sent  arr\u00eat\u00e9  et  ses  annexes  sont  publi\u00e9s  au  recueil  des  actes  administratifs  de  la \npr\u00e9fecture du Var. Les annexes sont \u00e9galement consultables \u00e0 la mairie de BAUDUEN et au  \nbureau de l'environnement et du d\u00e9veloppement durable de la pr\u00e9fecture de Toulon.\nL'arr\u00eat\u00e9 et ses annexes sont notifi\u00e9s \u00e0 chaque propri\u00e9taire int\u00e9ress\u00e9, pour ce qui le concerne, \nafin de l'informer des servitudes qui gr\u00e8vent son terrain. Le b\u00e9n\u00e9ficiaire proc\u00e8de \u00e0 ces  \nnotifications par lettre recommand\u00e9e avec demande d'avis de r\u00e9ception. \nLorsque l'identit\u00e9 ou l'adresse d'un propri\u00e9taire est inconnue, la notification est faite au  \nmaire  de  la  commune  sur  le  territoire  de  laquelle  est  situ\u00e9e  la  propri\u00e9t\u00e9  soumise  \u00e0 \nservitudes, qui en assure l'affichage et, le cas \u00e9ch\u00e9ant, la communique \u00e0 l'occupant des  \nlieux.\nLe p\u00e9titionnaire et la commune de BAUDUEN conservent le pr\u00e9sent arr\u00eat\u00e9 et ses annexes et  \nd\u00e9livrent \u00e0 toute personne qui le demande les informations sur les servitudes qui y sont  \nrattach\u00e9es.\nLes  servitudes  aff\u00e9rentes  aux  p\u00e9rim\u00e8tres  de  protection  sont  annex\u00e9es  aux  documents \nd'urbanisme de la commune de BAUDUEN,  dans les conditions d\u00e9finies aux articles L153-60  \net R153-18 du code de l'urbanisme.\nLe  b\u00e9n\u00e9ficiaire  desdites  servitudes,  transmet  \u00e0  l'Agence  R\u00e9gionale  de  Sant\u00e9,  d\u00e9l\u00e9gation \nd\u00e9partementale du Var, dans un d\u00e9lai de six mois apr\u00e8s notification du pr\u00e9sent arr\u00eat\u00e9, une  \nnote sur l'accomplissement des formalit\u00e9s relatives \u00e0 la notification aux propri\u00e9taires des  \nparcelles concern\u00e9es par le p\u00e9rim\u00e8tre de protection rapproch\u00e9e.\n14/15\nPr\u00e9fecture du VAR - 83-2025-12-08-00005 - Arr\u00eat\u00e9 pr\u00e9fectoral du 8 d\u00e9cembre 2025 portant sur l'alimentation en eau destin\u00e9e \u00e0 la\nconsommation humaine et la mise en conformit\u00e9 des forages F3 et F4 des Mouli\u00e8res, situ\u00e9s sur le territoire de la commune de\nBauduen (Var), au b\u00e9n\u00e9fice du Syndicat Mixte des Eaux du Verdon (SMEV).\n67\nArticle 20 : Sanctions applicables en cas de non-respect de la protection des ouvrages\nEn  application  de  l'article  L1324-3  du  code  de  la  sant\u00e9  publique,  le  fait  de  ne  pas  se \nconformer aux dispositions des actes portant d\u00e9claration d'utilit\u00e9 publique est puni d'un an  \nd'emprisonnement et de 15 000 \u20ac d'amende.\nEn application de l'article L1324-4 du code de la sant\u00e9 publique, le fait de d\u00e9grader des  \nouvrages  publics  destin\u00e9s  \u00e0  recevoir  ou  \u00e0  conduire  des  eaux  d'alimentation,  de  laisser \nintroduire  des  mati\u00e8res  susceptibles  de  nuire  \u00e0  la  salubrit\u00e9  dans  l'eau  de  forages,  des \nfontaines, des puits, des citernes, des conduites, des aqueducs, des r\u00e9servoirs d'eau servant  \n\u00e0 l'alimentation publique est puni de trois ans d'emprisonnement et de 45 000 \u20ac d'amende.\nArticle 21 : Droit de recours\nLe pr\u00e9sent arr\u00eat\u00e9 est susceptible de recours devant le tribunal administratif de Toulon par le \nb\u00e9n\u00e9ficiaire et les propri\u00e9taires concern\u00e9s par l'instauration des p\u00e9rim\u00e8tres de protection,  \ndans un d\u00e9lai de deux mois suivant sa notification conform\u00e9ment \u00e0 l'article R421-1 du code  \nde justice administrative.\nDans  le  m\u00eame  d\u00e9lai  de  deux  mois,  le  b\u00e9n\u00e9ficiaire  et  les  propri\u00e9taires  concern\u00e9s  par \nl'instauration  des  p\u00e9rim\u00e8tres  de  protection,  valant  servitude  d'utilit\u00e9  publique,  peuvent \npr\u00e9senter un recours gracieux. Le silence gard\u00e9 par l'administration pendant plus de deux  \nmois sur la demande de recours gracieux emporte d\u00e9cision implicite de rejet de cette  \ndemande conform\u00e9ment \u00e0 l'article R421-2 du code de justice administrative.\nLa  juridiction  administrative  comp\u00e9tente  peut  \u00eatre  saisie  par  l'application  \u00ab t\u00e9l\u00e9recours \ncitoyens \u00bb accessible \u00e0 partir du site internet www.telerecours.fr\nArticle 22 : Mesures ex\u00e9cutoires\nLe Secr\u00e9taire G\u00e9n\u00e9ral de la Pr\u00e9fecture, le Sous-pr\u00e9fet de l'arrondissement de Brignoles, le  \nPr\u00e9sident  du  Syndicat  Mixte  des  Eaux  du  Verdon  (SMEV),  le  Maire  de  la  commune  de \nBAUDUEN,  le  Pr\u00e9sident  de  la  Communaut\u00e9  de  Communes  Lacs  et  Gorges  du  Verdon \n(CCLGV),  le Pr\u00e9sident  du Conseil D\u00e9partemental du Var, le Directeur D\u00e9partemental de  \nl'Agence  R\u00e9gionale  de  Sant\u00e9  de  la  r\u00e9gion  Provence-Alpes-C\u00f4te  d'Azur,  le  Directeur \nD\u00e9partemental des Territoires et de la Mer, le Chef de l'Unit\u00e9 Territoriale de la Direction  \nR\u00e9gionale  de  l'Environnement,  de  l'Am\u00e9nagement  et  du  Logement  PACA,  sont  charg\u00e9s, \nchacun en ce qui le concerne, de l'ex\u00e9cution du pr\u00e9sent arr\u00eat\u00e9 dont une copie sera adress\u00e9e \npour information au commissaire enqu\u00eateur et \u00e0 la Chambre d'Agriculture du Var.\nFait \u00e0 Toulon, le 8 D\u00c9CEMBRE 2025\nPour le pr\u00e9fet et par d\u00e9l\u00e9gation\nLe secr\u00e9taire g\u00e9n\u00e9ral de la pr\u00e9fecture du Var\nSign\u00e9 : Lucien GIUDICELLI\nAnnexes     :\nAnnexe 1 \u2013 Plan de situation et plan parcellaire des forages des Mouli\u00e8res et des p\u00e9rim\u00e8tres  \nde protection imm\u00e9diate et rapproch\u00e9e\nAnnexe 2 \u2013 Plan du p\u00e9rim\u00e8tre de protection \u00e9loign\u00e9e \nAnnexe 3 \u2013 \u00c9tat parcellaire des p\u00e9rim\u00e8tres de protection imm\u00e9diate et rapproch\u00e9e\n15/15\nPr\u00e9fecture du VAR - 83-2025-12-08-00005 - Arr\u00eat\u00e9 pr\u00e9fectoral du 8 d\u00e9cembre 2025 portant sur l'alimentation en eau destin\u00e9e \u00e0 la\nconsommation humaine et la mise en conformit\u00e9 des forages F3 et F4 des Mouli\u00e8res, situ\u00e9s sur le territoire de la commune de\nBauduen (Var), au b\u00e9n\u00e9fice du Syndicat Mixte des Eaux du Verdon (SMEV).\n68\nD\u00e9partement du VarSyndicat Mixte des Eaux du| VerdonForages F3 et F4 des Mouli\u00e8resAnnexe 1 : Plan de situation et planparcellaire des forages desMouli\u00e8res et des p\u00e9rim\u00e8tres deprotection imm\u00e9diate et#rapproch\u00e9e\nC__] P\u00e9rim\u00e8tre de protection | \u20ac Forage F3 des Mouli\u00e8resimm\u00e9diateC2 P\u00e9rim\u00e8tre de protection \u00ae Forage F1 des Mouli\u00e9resrapproch\u00e9ee \u00a9 D sortie GS Forage F2 des Mouli\u00e9rese @\u00a9 Forage F4 des Mouli\u00e8res\n| Echelle 1/2 500 |\nP\u00e9rim\u00e8tre de protectionrapproch\u00e9e\n. fe SwSe SFR MS 4 \"eo1 ni\n+ | Echelle 1/25 000PR ACER. l'ARN\n~\u00a78 DEC. 2025 A1580Po e Pr\u00e9\nLucien GIUDICELE!A1580\nANGTeA1631\n\u00e9A1580\nA1378\nA1372\nA1274A1374\nA1596 \u00c0 A595 + ;\nA1289\nA1281\nA1428 A1589\nA1590\nA1593 , :'A1592 A1420A1591\nA158:1386 A1589~ A1590:A1593 | A1592A1591\nA1621\nA1387\n|\nA1288\nA1286\nA1287 \u00e0, A1503A1285' A1284 :A1505 / A1513\n|\nA1376\nF04050187 F0403\n421\nF0172\nA1404\nPr\u00e9fecture du VAR - 83-2025-12-08-00005 - Arr\u00eat\u00e9 pr\u00e9fectoral du 8 d\u00e9cembre 2025 portant sur l'alimentation en eau destin\u00e9e \u00e0 la\nconsommation humaine et la mise en conformit\u00e9 des forages F3 et F4 des Mouli\u00e8res, situ\u00e9s sur le territoire de la commune de\nBauduen (Var), au b\u00e9n\u00e9fice du Syndicat Mixte des Eaux du Verdon (SMEV).\n69\nJ \\ ES z z\u00a2 | | A] Col 11246, D AN =\\ me : 2 \"4 moll Sb se LEZ)& ; 7 F SAN LeD\u00e9partement du Var AB AS AN : Tee 2 Ode DNA t Sr BUS SSO =) LR PR OR NL ag) Be \u0178 SESyndicat Mixte des Eaux du \\ . | | ND) * ZT \"SSS (Se ) 4 i ;Verdon\n& \u00db y f NY be > 3 2 Pix 4 \u00c0 e 1 4 { an ~: ep \\\n\u00c0\n\u00c0 LE DENvono\u00f9\\VESa 2 LE \"es ChaEee rongeSS. 162. \\LS Paton? \\\nANgs\nForages F3 et F4 desMouli\u00e9resP\u00e9rim\u00e8tres de protectionwe\nAnnexe 2 : Plan p\u00e9rim\u00e8tre deprotection \u00e9loign\u00e9eat: DEC. 2025P\u00e9rim\u00e8tre\n-=\nForagesdes Mouli\u00e9res\nzone moyennement vuln\u00e9rable@CES[| P\u00e9rim\u00e8tre deprotection eoin\u00e9e\neeCS\nzone vul \u00ef q > :le Pr\u00e9fetiet Part\"mec RGN secr\u00e9talte d\u00e9\n\u00c0 sy \u00bb ~ x be \\,\noe ue is\n+\n>\u00bb\n-\\\\\u00ffla \\\nPr\u00e9fecture du VAR - 83-2025-12-08-00005 - Arr\u00eat\u00e9 pr\u00e9fectoral du 8 d\u00e9cembre 2025 portant sur l'alimentation en eau destin\u00e9e \u00e0 la\nconsommation humaine et la mise en conformit\u00e9 des forages F3 et F4 des Mouli\u00e8res, situ\u00e9s sur le territoire de la commune de\nBauduen (Var), au b\u00e9n\u00e9fice du Syndicat Mixte des Eaux du Verdon (SMEV).\n70\nA ton,pr\u00e9fet et Pe val,pout te cretaite g\u00e9n\u2014:8 DEC. 2025 '\n\\Lucien GUDICEL\nSYNDICAT MIXTE DES EAUX DU VERDONCOMMUNE DE BAUDUEN (83)FORAGES F3 ET F4 DES MOULIERES\nAnnexe 3 : Etat parcellaire du P\u00e9rim\u00e8tre deprotection imm\u00e9diate des forages des| Mouli\u00e8res\nPr\u00e9fecture du VAR - 83-2025-12-08-00005 - Arr\u00eat\u00e9 pr\u00e9fectoral du 8 d\u00e9cembre 2025 portant sur l'alimentation en eau destin\u00e9e \u00e0 la\nconsommation humaine et la mise en conformit\u00e9 des forages F3 et F4 des Mouli\u00e8res, situ\u00e9s sur le territoire de la commune de\nBauduen (Var), au b\u00e9n\u00e9fice du Syndicat Mixte des Eaux du Verdon (SMEV).\n71\n\u20acZO7HIIANVT-6@4ns7aBed12SVVIYINIONISOO6TOZessnbey0\u00a39\u20acg-assnBayauleyyj\u2014UOPI8ANpXNEZsep9JXINJ291PU\u00c2SJeHiNynsN/21e1doid-nN/UOISIAIPU]31314dO0\u00f9dAdANISIYOSSuYIVLaIYdOdSACSALILN3QI\nSuNWWOd\n0velvelsuaigNVYOVINSAXTVv\nSUNWIWOD\n0S72\u20acS72suaigNVYOVINS6Z9LVv\nSuNWWOS\n0CLcLL|suaigNVYOVINS6091VvopnJIAesapnyAes2|e]0]|7OJSUNNuol}s9SSIoues11duzesl1duza1oednsSANENAPPONERPale9edueldN|_.U2914|Nananva|:epSUNWIWODEJANSSanssureu9]|SHINONSAGv4LA\u20ac4SSOVYOS|:(5)39vV14V9|NOGYSANGXNV4SACA1LXINLVOIGNAS:oBesANO,payeanbijqndSHIBN.PSPAHASS\u2014(Idd)ALVIGAWWINOILOALOYd30SYLAWNIadNd34IVT1394VdLVL\nPr\u00e9fecture du VAR - 83-2025-12-08-00005 - Arr\u00eat\u00e9 pr\u00e9fectoral du 8 d\u00e9cembre 2025 portant sur l'alimentation en eau destin\u00e9e \u00e0 la\nconsommation humaine et la mise en conformit\u00e9 des forages F3 et F4 des Mouli\u00e8res, situ\u00e9s sur le territoire de la commune de\nBauduen (Var), au b\u00e9n\u00e9fice du Syndicat Mixte des Eaux du Verdon (SMEV).\n72\n\u20acCOCYSIANVE6&Ans\u00a3o8e412SVVINANJONISOO6TOZessnBey0\u00a29\u00a38-essnBeyLIEN\u2014UOPISANpxneysap8JXINyeoIpUAS9]}8}\u20ac}F,|SU\u00ffLOSJEIIIN!ZOnpayepuasjossepuoyedn9220,puolUeAUOD3131dd0\u00f9dACANISIYOJ8HINynsN/811891do1d-nN/UOISIAIPUIS141V1314dO0\u00f9dSACSALILNAGI\nSUNUILIOD\n16990|prezSLE690LsuelgNVHOVINSogslvepnyaesepnyniesaJe0}|OJeUNNMESsoyesudwyasudwyaloyednsCHENlabiaiain\u00e0ISOue|d.N\n\u20acoYeu)\nN3NQNVYS:2PSUNWIWODBP]INSSANSSUIRHOLSHINONSad\u00ff113\u00a31SADVYHOS:(S)39v14v9NOGH3ANdXNV4SACALXINLYOIQNAS:aHesANO,psizeSnbiigndSHIBNPSPNYAISS\u2014(Idd)SLVIGAWWNOILOSLOdd3dJuLaWidadNdHVT9Va1VL3\nPr\u00e9fecture du VAR - 83-2025-12-08-00005 - Arr\u00eat\u00e9 pr\u00e9fectoral du 8 d\u00e9cembre 2025 portant sur l'alimentation en eau destin\u00e9e \u00e0 la\nconsommation humaine et la mise en conformit\u00e9 des forages F3 et F4 des Mouli\u00e8res, situ\u00e9s sur le territoire de la commune de\nBauduen (Var), au b\u00e9n\u00e9fice du Syndicat Mixte des Eaux du Verdon (SMEV).\n73\nSYNDICAT MIXTE DES EAUX DU VERDONCOMMUNE DE BAUDUEN (83)FORAGES F3 ET F4 DES MOULIERES\nAnnexe 3 : Etat parcellairedu P\u00e9rim\u00e8tre deprotection rapproch\u00e9e des forages desMoulieres |\n2019005_INGENERIA_AS_CL Page 4 sur 29 JANVIER 2023\nPr\u00e9fecture du VAR - 83-2025-12-08-00005 - Arr\u00eat\u00e9 pr\u00e9fectoral du 8 d\u00e9cembre 2025 portant sur l'alimentation en eau destin\u00e9e \u00e0 la\nconsommation humaine et la mise en conformit\u00e9 des forages F3 et F4 des Mouli\u00e8res, situ\u00e9s sur le territoire de la commune de\nBauduen (Var), au b\u00e9n\u00e9fice du Syndicat Mixte des Eaux du Verdon (SMEV).\n74\n\u20acZOZH3IANVS674nsGaded12SVVINANJONIS0061021&101D\n7OOSET\u2014peso]27S3y'EV129\u2014(\u00a38)UeUTINSeuge\u00ffS6T/20/612]ouWaqyido3YYVOVAuanpneg0\u20ac9\u20ac8\u2014ByoueiNodsa,|apany\u2014(\u00a38)Snfo14e9GET/OT/ZT2]souasio5uesyJYYVOVEuanpneg0\u20ac9\u20ac8\u2014Guu3sanyZ\u2014(\u00a38)UaNpnegeO\u20ac6T/Z0/Z081GuUlUOJUYaUaYJYYVOVEdaninagnsy/eareytsdoud-ny/uoIsIAIpU|S34IV131HdOHdS30SALILNIGI31314dO0%4d3GANIDINO09CLT9CLTNVYOVINSOTULVv0OC\u00a39.OCL9NVYOVINSETvLVv0\u20acc9\u00a3c9NVYOVINSCLvLVv00872OTO8ZOTNVYOVINSOTYTVv0SOVSOV~NWYOVINSCOLTVv009SS09SSNVYOVINST6TTVv0G996S996NVYOVINS68TTVv0OTEVOTE\u0178NVYOVINS|L8TTVv0OTLVOTL\u0178NVYOVINSS8TT|A000020002_NVYSVINSv8TttVvapnyAsasapnyuAsas|3]30}anaesup-naiynoassaupyOISUNnNuolesueld.Nsiouasiudwyasiudwyaoiedns2/1221e4d*T.Uauoi4|Nananva|:apPUNWIWODe|]ANSSanssutesie]||SAYSIINOWS30SADVYOS-19V1dV)|NOGYJANGXNV3S3Q31XINLVDIGNAS|:28EJAN0,PS1HEW|anbijqndSHIAN,PSPNHAMSS\u201433HDOUddVYNOILDI1LOHd3G3ULINIH3dNG34111324Vd1V13\nPr\u00e9fecture du VAR - 83-2025-12-08-00005 - Arr\u00eat\u00e9 pr\u00e9fectoral du 8 d\u00e9cembre 2025 portant sur l'alimentation en eau destin\u00e9e \u00e0 la\nconsommation humaine et la mise en conformit\u00e9 des forages F3 et F4 des Mouli\u00e8res, situ\u00e9s sur le territoire de la commune de\nBauduen (Var), au b\u00e9n\u00e9fice du Syndicat Mixte des Eaux du Verdon (SMEV).\n75\n\u20ac7OZYAIANVT6Zns9aded12SVVIMSNJONISOO6TOZuanpneg0\u20ac9\u20ac8\u2014UlydNODany\u2014(\u00a38)Uanpnege/\u20ac6T/vO/TZ21GuUAHJYYVOVEJaninajnsy/aaeyaisdosd-ny/uoisinipuS341V131HdOdS30SALILNIGI3131WdOYd3GANIDINO0LZ9\u20acLT9\u20acLAV)11\u20acOSTVv0\u20ac86TE86TLAV)31|96bTVv0Or8T08ST|LIIVAYD31govt|.vapnyAsasapnyAsas22101\u2014ID-NSNNoSSSSIO1QWINNUd!}IeSueldsouasiudwyasudwya1dijiadnsEN|HETPv|JadedSNZ.uau2i4iNananva||:BPaUNWUWUO)ejAnsSanssuredsa|||SIYNINONSadS39VHO4|'19v1dw2|NOGANdXNV3S3Q3LXINLVDIGNAS|:@Besano,pase|anbiiqndSUIAN,P2PNHASS\u2014FAHIOUddVUNOI1LD310d3Q34131434NG34IV11394Vd1V13\nPr\u00e9fecture du VAR - 83-2025-12-08-00005 - Arr\u00eat\u00e9 pr\u00e9fectoral du 8 d\u00e9cembre 2025 portant sur l'alimentation en eau destin\u00e9e \u00e0 la\nconsommation humaine et la mise en conformit\u00e9 des forages F3 et F4 des Mouli\u00e8res, situ\u00e9s sur le territoire de la commune de\nBauduen (Var), au b\u00e9n\u00e9fice du Syndicat Mixte des Eaux du Verdon (SMEV).\n76\n\u20acZO7ZH3IANVT6ZAns/98ed12SVVIHINJONI6006102deAAUIESJBIISNOWOIEVO\u2014[AYIIW-JUIeS\u2014(\u00a38)UPASWUOMNE9Y6T/TT/ST2]ausioues4TIGNOgJoninagnsn/asleyaidoid-ny/uoisinipul]~S34IV131HdOUdS3QS3LILN3QI3131NdO4d3G3NI9IHO0660TT667TTNVYOVINSL8ETVv094OL.NVY\u00a5OVINS98ETVvapnyAsesapnyAsas2[210]s\u00e9ID-naItnoassauOJQUWINNUO!}I9SueldsiouasiidwyasiudwyaldipiadnsENUPNIIPYayjao1egICoN\u20ac,Uayoly|Nananva|:2pPuNWWOde]ANSsanyissutes12]||:SIYAINONSdSIDVYOS:JOVLdVI|NOGYJANaXNV3SACALXIWLVDIGNAS|:2BEIANO,PIEW||enbijqndSHIAN,P2PNYMSS\u201413HIO0OUddVYHNOILD310Hd3G3ULINI43IdNG341V11394Vd1V13\nPr\u00e9fecture du VAR - 83-2025-12-08-00005 - Arr\u00eat\u00e9 pr\u00e9fectoral du 8 d\u00e9cembre 2025 portant sur l'alimentation en eau destin\u00e9e \u00e0 la\nconsommation humaine et la mise en conformit\u00e9 des forages F3 et F4 des Mouli\u00e8res, situ\u00e9s sur le territoire de la commune de\nBauduen (Var), au b\u00e9n\u00e9fice du Syndicat Mixte des Eaux du Verdon (SMEV).\n77\n\u20acZ0ZYAIANVT6ZInsg982412SVVIYAINIONISOO6TOZuanpneg0\u20ac9E8\u201419/2AeD21TZ\u2014(v0)zarye7S6T/TT/ZT21ousino]uearguaYTIGNOd3131HdO%d3GANIDINO12nin4nsn/a1e3o11doid-nN/uoisinipulSA4IV131HdOdSAGS31ILN3QI0902TZ90\u00a2TZ-SAYSNIOWS31OCSTVapnyAsasapnyAsas31210}neilennOJoUnNuol3esuerdsiouasiudwyasidwyaldijiadnsstsaRY~ayjaoedas\u00ff,UouaiOiNananva|:opSUNWIWODE]ANsSANSsulesaL|S34NOMS30SADVYOS:(S)39v14v2|NOQY%3ANdXNY3SAG31XIWLVDIGNAS\n|\nonblqNndHIN,PSPNHAUSS\u2014(Ydd)33HIO0HddVYNOILDI1LOHd3G34131434NG341V1139YVd1V13|:@SesAno,pase\nPr\u00e9fecture du VAR - 83-2025-12-08-00005 - Arr\u00eat\u00e9 pr\u00e9fectoral du 8 d\u00e9cembre 2025 portant sur l'alimentation en eau destin\u00e9e \u00e0 la\nconsommation humaine et la mise en conformit\u00e9 des forages F3 et F4 des Mouli\u00e8res, situ\u00e9s sur le territoire de la commune de\nBauduen (Var), au b\u00e9n\u00e9fice du Syndicat Mixte des Eaux du Verdon (SMEV).\n78\n12SVVINANJONISOOGTOZUO|NO|OOTES\u2014212dwvygipuyanuany8/4\u2014(\u00a38)UOPsaAAnssaljesSa]eZEGT/TT/ZT2]ausadoyauayLINNYYseninansn/a1e3o11doid-nN/uoisinaipul]S34IV131HdOdS30S3LILN3QI3131HdO%d30INIDINO0Tv9ZT\u00ff9ZSAYSIIOWS31vISTVv0O0Z\u20acOOZ\u20acSHIONS3188CcTVv0cOvvtCOVVTSAYSIIOWS31L8CTVvapnyAsasapnyAsas2[210}AMENFSINSBESTOJHUNNu0I122Swedsioyasiudwyasiudwya1dipednsayjaouedG.uouais|Ninanva|:2pBUNWWODe|]ANSsanzssuyedsa|iSIHANINONSdS39VHO4:3OVLdV)|NOGY3ANGXNV3S40ZLXIWLYDIQNAS|:@Be4ANO,pSAEN|anbijqndSUIAN,P2PNUMSS\u201433HIOUddVYNOILDI1LOHd3G341LINI43IdNG341V11394Vd113\nPr\u00e9fecture du VAR - 83-2025-12-08-00005 - Arr\u00eat\u00e9 pr\u00e9fectoral du 8 d\u00e9cembre 2025 portant sur l'alimentation en eau destin\u00e9e \u00e0 la\nconsommation humaine et la mise en conformit\u00e9 des forages F3 et F4 des Mouli\u00e8res, situ\u00e9s sur le territoire de la commune de\nBauduen (Var), au b\u00e9n\u00e9fice du Syndicat Mixte des Eaux du Verdon (SMEV).\n79\n\u20acZOZUIIANVI6zNsOTaded19SVVIHINIONI_SOO6TOZ9JOSIEWNZLOET\u2014SediysapPd89'62124aqeusegISSy\u2014(\u20ac8)UOPA8AAnsSaj[eSS27]9\u00a36T/S0/9T2]auL2qoyLANNEsenininsn/asreyatudoid-ny/uoisinipu]S34IV1L31HdO\u00eb4dS30S3LILN3QI31314dOd303NI914008607S867SSAYSIIOWS3198CT.Vv0coc\u0178TOC\u0178SIHIOMNS31C8CTVv0SESETSLS\u00caTSHIONS31T8cTVvapnyAsasapnyAsas3/210}careDASnme|OJ9WNNUOI}99Sdeussoyasiudwyasudua1yadns2/29424d9,uau2i4|Nananva|:2pauNnWwwodejJNssanyissulesa|||SAYATINOWSAGSADVYOS*19V1dv)|NOQY%3ANGXNV4SAC31XIWLYDIGNAS|:2821AN0,Paie|anbijqndSUIAN,PSPNUMSS\u2014J3HIOUddVYNOILD31OHd3G34LINI43dNG341V11324VdLVL3\nPr\u00e9fecture du VAR - 83-2025-12-08-00005 - Arr\u00eat\u00e9 pr\u00e9fectoral du 8 d\u00e9cembre 2025 portant sur l'alimentation en eau destin\u00e9e \u00e0 la\nconsommation humaine et la mise en conformit\u00e9 des forages F3 et F4 des Mouli\u00e8res, situ\u00e9s sur le territoire de la commune de\nBauduen (Var), au b\u00e9n\u00e9fice du Syndicat Mixte des Eaux du Verdon (SMEV).\n80\n\u20acZOZHIIANVT62ANSTTaded12SVVINANJONISOO6TOZanbisjag\u2014asauayIs2poyyOVIT\u2014Sajquiai|sapanuany0\u20ac\u2014(anbisjag)\u20ac96T/TT/6Z2]souauipne|)sueauUlODNVAGWIVIanbisjag\u2014asauaydjsapoyuyOv9T\u2014Sajquiasysapanuany0\u20ac\u2014(anbi3jag)T96T/80/ZTa]auSloSueryAUSIULNVAGINVIanbisjag\u2014UOjJspog-jaeusayeMOLTTE\u2014EtWAayauasngade/q'Tayog\u2014(2uZewWAal|y)996T/\u20ac0/EZa]ousanboeruearANGVDJaninansy/aseyiidosd-ny/uolsiaipu|SIUIV131HdOUdSAGS3LILN3QI3131HdOd30ANIDINO0CSE\u20acCSEE||LIWAVI31EVSTVvPASSSPRHAISSLasaunyeIp-nal]NOassau|PINaiuejdsiouasiudwyasiidwya1diuadnsENHpneIlPV2/2242dINL,uaudl4|Nananva|:2pBFUNWWODejANSSENSsulesa]|SAYAIINOWS30SADVYOS>19V1dv)|NOGYAANGXNVY1SAG31XINLVDIGNAS|:@SesANO,pase|SNbIyqndSHIAN,PSPNUWAIVS\u2014JAHIOUddVYNOILDILOUd3G34LI1NI43dNG341V11394VdLVL3\nPr\u00e9fecture du VAR - 83-2025-12-08-00005 - Arr\u00eat\u00e9 pr\u00e9fectoral du 8 d\u00e9cembre 2025 portant sur l'alimentation en eau destin\u00e9e \u00e0 la\nconsommation humaine et la mise en conformit\u00e9 des forages F3 et F4 des Mouli\u00e8res, situ\u00e9s sur le territoire de la commune de\nBauduen (Var), au b\u00e9n\u00e9fice du Syndicat Mixte des Eaux du Verdon (SMEV).\n81\n\u00a3TOCYIIANVI68ANsCTadeg12SVVIHAINIONISOO6TOZuonpneg\n0\u20ac9\u20ac8\u2014Ue1SenS'sjU2A913eNDSeq\u2014(\u00a38)UaNpnege\u20act6T/20/t02]aupuowWAeY1FGNIOD|uanpneg0\u20ac9\u20ac8\u2014uesIBEINS'sya,21enDSa]\u2014(\u00a38)sndwiyeS\u00ff6T/90/\u00a3T2]BauaNaSOFL1GANIO)uanpneg0\u20ac9\u20ac8\u2014ansuojany\u2014(\u00a38)uanpnegeG76T/Z0/ST81auapueUsay1IGNIODJeninansn/asleyaisidoid-njy/uOIsIAIpu|31314dOd3GANIDINOS34IV1314dOdS30SALILNIGI0SOVSOV|NVYOVINS6CYTVv0|GELSZSCLSZNVYOVINS87rTVv0.vv9|vv9NVYSVINSC8ETVvapnyAsasapnyAsas3j&10}SriID-naInoassauO1QWINNUO!}IVSueldsiouasiudwiyasudwyaldipiadnsENUP-NellPYajaquedIcoN8,uaudl4|Nainanva|:apaUNWUWO)ejAnssanyissutes12]||SI4MINONS3QS19V401>39V1dv)|NOGY3ANGXNV3SAG11XINLVDIGNAS|:@BEAANO,PANEW]|anbijgndSHIAN,PSPNHASS\u2014FAHIOUddVYNOILD31OHd3QIHLINIHIdNGIHIVT1124Vd1V13\nPr\u00e9fecture du VAR - 83-2025-12-08-00005 - Arr\u00eat\u00e9 pr\u00e9fectoral du 8 d\u00e9cembre 2025 portant sur l'alimentation en eau destin\u00e9e \u00e0 la\nconsommation humaine et la mise en conformit\u00e9 des forages F3 et F4 des Mouli\u00e8res, situ\u00e9s sur le territoire de la commune de\nBauduen (Var), au b\u00e9n\u00e9fice du Syndicat Mixte des Eaux du Verdon (SMEV).\n82\n\u20acZOZH3IANVT67ZANSETadeg12SVVIMANJONISOO6TOZuanpneg0\u00a39\u20ac8\u2014SUaWNUON22e]d'2IILA2P[8210H\u2014UaNpnegapaunwwo7Janinaynsp/aareyatudoid-ny/uoisinipu]S34IV131HdOUdS3QS3LILN3QI3131YdO%d3GANIDINO0CVEOFCVEOELAIWAV)31SOvTV0|ODS\u20acOVSATIWAVI31DSCvPPAUMSSSPNHMSSSIainjeIp-nalyno25591vanadsiouasiidwyasidwya1yadnsFNHP-neIlPV21129124TACoN6.uau2i4|Nainanva|:2pPUNWIWODeB]Anssanyssutesa)|SIHINONS3QS39V4O4>19V1dv)|NOGQY3ANGXNV1SAG11XINLVDIGNAS|:@BeIANO,pase|enbliqndSHIN,P2PNHMSS\u201433HJDOUddVYNOILD3LOHdJGIULINI43dNG34111394Vd113\nPr\u00e9fecture du VAR - 83-2025-12-08-00005 - Arr\u00eat\u00e9 pr\u00e9fectoral du 8 d\u00e9cembre 2025 portant sur l'alimentation en eau destin\u00e9e \u00e0 la\nconsommation humaine et la mise en conformit\u00e9 des forages F3 et F4 des Mouli\u00e8res, situ\u00e9s sur le territoire de la commune de\nBauduen (Var), au b\u00e9n\u00e9fice du Syndicat Mixte des Eaux du Verdon (SMEV).\n83\n\u20acCOCYAIANVE62ANS\u00ffTa3ed12SVVIYANIONISOO6TOZseg-sAeq\u2014uapsna]\u2014151044198\u2014(Seg-S\u00c2ed)\u00ff\u00a36T/\u00a30/t021BauEA11P214EUILWIOUIIMNISNDY3q\nseg\n-shed\u2014uapsna]\u20145104198\u2014(seg-sAed)TS6T/0T/0\u20ac2]auafyuaiyyeqo2erLOOY91431318dO\u00ebd3GANIDINOJeninagnsn/aareyaiudoid-ny/uoisinipulS34I1V1314dOdS3QS31ILN3QI08cs8tsNVYOVINST6STVv0STTTITITNVYOVINS98STVvbicasssiiciversainyeIp-naljNOassednn.neejdssOYasludwyasudwya1dy4adnsayupnePY2|22424dmelol\nOTUW944\nL\nNananva|:apSUNWIWODE]ANSSENSSula|SAYATINOWS3QSADVYOS:OVIdv2|NOQYIANadXNV3S3QALXIWLVDIANAS||:@BEIANO,pSAHEN|anbijqndSUIAN,PSPNHAMSS\u201433HDOUddVYNOILDI10Hd3G341I3WI43dNGIUIVTIIDEVa1V13\nPr\u00e9fecture du VAR - 83-2025-12-08-00005 - Arr\u00eat\u00e9 pr\u00e9fectoral du 8 d\u00e9cembre 2025 portant sur l'alimentation en eau destin\u00e9e \u00e0 la\nconsommation humaine et la mise en conformit\u00e9 des forages F3 et F4 des Mouli\u00e8res, situ\u00e9s sur le territoire de la commune de\nBauduen (Var), au b\u00e9n\u00e9fice du Syndicat Mixte des Eaux du Verdon (SMEV).\n84\n\u20acZOZYSIANVI6Z4NsST932412SVVININIONISOO6TOZanbisjag\u2014U191S2MSIU9Q1S\u2014UURIS]aANaIISNFILSTZ\u2014(anbidjag)pueoe9ZET/TT/6Za]ouauajayaiuasnqasisagUaqlidMvd3dJeninignsn/asreyaiadosd-ny/uoisinipu|S3YIVLIIWdOUdS3dS3LILN3QI31314dO\u00f9d30INIDINO08E028E02LAIIVAV)31GSSTvapnyAsasapnyAsas3]2}0}|OJIWNNU01}99S|aunjenUp-naljNoassaupyuejd,Nsiouasiudwyasiudwya1)1Hadns2/129124TI,Uaudly|Nananva|:2pPuNWWODejAnsSENSsutes1e]|SI4INOMNS30SADVYOS|>19V1dV)|NOGY3ANdXNV4SACALXIWLVDIGNAS|:28EJANO,Pde|9nblIqNdSHIAN,PSPNHASS\u2014J3HIOUddVYNOILD3104d4G3ULINIH3dNG34111394Vd113\nPr\u00e9fecture du VAR - 83-2025-12-08-00005 - Arr\u00eat\u00e9 pr\u00e9fectoral du 8 d\u00e9cembre 2025 portant sur l'alimentation en eau destin\u00e9e \u00e0 la\nconsommation humaine et la mise en conformit\u00e9 des forages F3 et F4 des Mouli\u00e8res, situ\u00e9s sur le territoire de la commune de\nBauduen (Var), au b\u00e9n\u00e9fice du Syndicat Mixte des Eaux du Verdon (SMEV).\n85\n\u20acZOZHIIANVT672ANsOTadeq12SVVININIONISOOGTOZJOlINYOGEET\u2014Suuatysyxneapap2]SPUIUSUT79g'sauualisysapUE)\u2014(seg-sAed)Z961/T0/\u00ff0a]AU[8IUININISNDYIQseg-sAed\u2014ojaduayH\u2014(seg-sAed)uassye6661/90/t0a]9U097N3SHDY1QJaninansp/a1e3o1u1doid-nN/uoisiaipuyS341V131HdOdS30SALILN3IGI3131HdOYd3GINIDINO087S87SNVYOVINS.\u20ac6STv0OZTTOZTT|NYHOVINS88STvapnysasapnyAsasaje}0}O1JWNNU01}93SainjenUp-naljnoassaupyueld,sioyasiidwyasidwya1ywadns2[[2918dTI.Uaual4|.Nananva|:8psuNWWOde]insSanssuyedsa||S343NONSAGSADVYOS*19V1Ldv2|NOGY%3ANGXNV4SAG31XIWNLVDIGNAS|:2821ANODase)|enbi|qndSHIRN,P2PNHAMSS\u201413H20ddvuNOI19310\u00ebd3G34LI3NI143dNG341V11394Vd1V13\nPr\u00e9fecture du VAR - 83-2025-12-08-00005 - Arr\u00eat\u00e9 pr\u00e9fectoral du 8 d\u00e9cembre 2025 portant sur l'alimentation en eau destin\u00e9e \u00e0 la\nconsommation humaine et la mise en conformit\u00e9 des forages F3 et F4 des Mouli\u00e8res, situ\u00e9s sur le territoire de la commune de\nBauduen (Var), au b\u00e9n\u00e9fice du Syndicat Mixte des Eaux du Verdon (SMEV).\n86\n\u00a3TOCYIIANVI6ZANSZTo8e4d12SVVININJONISOO6GTOZHOssyIoYyOOELT\u2014ajeAoy2118P109/ETOTdg\u2014S2115N2e]S9BeAISapJe[e103]adeds~a,|apauloyeAasuODWIseninansn/asreyaisdoid-ny/uolsiaipu|S3YIV131HdOUdS3QSALILN3QI3131HdO4d3GANIDINO0SvZESTSVLESTNVYOVINS'TC9ITVv0S28OZS28OL|SAYANIOWS318LETvapnyAasapnyAsas9/210}saneID-nailnoassaOJUNNUO!}99Sdsiouas1duzast1dua1iuadnsaceEAUnNPV2][8242dEIoN\u20acT,uaud|Nananva|:2paUnWUWUO)e|]AnsSENSsutes4o)|SAYATINOWS30S19VH0O1>19V1dV)|NOGYAANdXNV4S3Q11XINLVDIGNAS|:@8esJANO,pae|anbijqndSHIAN,PSPNHAS\u201433HIOUddVYNOILD3104Hd3G3ULINI4IdNG341V1139YVdLVL\nPr\u00e9fecture du VAR - 83-2025-12-08-00005 - Arr\u00eat\u00e9 pr\u00e9fectoral du 8 d\u00e9cembre 2025 portant sur l'alimentation en eau destin\u00e9e \u00e0 la\nconsommation humaine et la mise en conformit\u00e9 des forages F3 et F4 des Mouli\u00e8res, situ\u00e9s sur le territoire de la commune de\nBauduen (Var), au b\u00e9n\u00e9fice du Syndicat Mixte des Eaux du Verdon (SMEV).\n87\n\u20acCOCYAIANVE67AnsBTaded12SVVININJONISOOGTOZ\u2014LIIWAVDF1'ANA21198EIIIA\u2014(\u00a38)UaNpnegeZ7Z76T/70/S03]FeuapuewsYNOTIIdYVduanpneg0\u20ac9\u20ac8uanpneg0\u00a39\u00a38\u2014LAIVAVD11\u2014(\u00a38)UOINOLEZV6T/80/Z02]29UBjOIINGYVISAW31314dO\u00ebd30ANIDINOJeninagnsn/a11e3911do41d-nN/uoisinipul]S341V131HdO\u00ebdS3QSALILN3IGI0131VAV9319SSTVv0SCOSESCOSESSYSNIOWS316TSTVv0626Z6726ZSAYSNIOWS31LTSTVv0OVLTOVLTLIIWAVD31COSTVv0\u00a376ST\u00a376STSAYSIIOWS319LETV0OO9E009\u20acSSYSIIOWS31GLCTVvapnyAsasapnyAsas3]\u20ac10}sareesHSESansOJIWNNU01}99Swadisiouasiudwyasiudwya11Hadns21122124Nananvad|:2pPuNWIWODE]ANSSanssutesie]|iSIYANINONSadS39VY4O4|?39Vidvo|NOG%3ANdXNVY3SACALXIINLYDIGNAS|:28PJAN0,PaspeyyanbijqndSUIAN,PSPNHAMSS\u201433HIOUddVYNOILDILOHd3a3ULININ3dNG14IV11394Vd1V13\nPr\u00e9fecture du VAR - 83-2025-12-08-00005 - Arr\u00eat\u00e9 pr\u00e9fectoral du 8 d\u00e9cembre 2025 portant sur l'alimentation en eau destin\u00e9e \u00e0 la\nconsommation humaine et la mise en conformit\u00e9 des forages F3 et F4 des Mouli\u00e8res, situ\u00e9s sur le territoire de la commune de\nBauduen (Var), au b\u00e9n\u00e9fice du Syndicat Mixte des Eaux du Verdon (SMEV).\n88\n\u00a3TOCYIIANVS6ZANS6Ta8ed12SVVIHINJONISOO6TOZueu\u00f1in3eiq000\u20ac8\u20149118INW210)pgEZE\u2014(\u00a38)UeUSInSe1Q8YEGT/60/S02]GuueafNONNONJaninagnsp/s123911d0o41d-nN/uoisinipulS34I1V131HdO\u00ebdS3GSALILNIGI3131NdOYd3dINIDINO0008&008CNVYSVINS6SST|VPPORMSSSpies\"rtaineIp-naijnoassaos>esejdsiouasiidwyasiudwy.a1diuednsTNLits.nid21199124NEM#0)GT,Ual||Nananvg.|:2pPUNWIWOD)E]ANsSanssuyessa||SSYSNINOWS30S3DVYOS*19V1dv)|NOQYSANGXNV3S3031XINLVDIGNAS|:28JAN0,PSIHEWN|anbijqndSHIAN,PSPNYASS\u201433HIOUddVYNOILDILOHd303ULINIHIdNG341V11394Vd1V13\nPr\u00e9fecture du VAR - 83-2025-12-08-00005 - Arr\u00eat\u00e9 pr\u00e9fectoral du 8 d\u00e9cembre 2025 portant sur l'alimentation en eau destin\u00e9e \u00e0 la\nconsommation humaine et la mise en conformit\u00e9 des forages F3 et F4 des Mouli\u00e8res, situ\u00e9s sur le territoire de la commune de\nBauduen (Var), au b\u00e9n\u00e9fice du Syndicat Mixte des Eaux du Verdon (SMEV).\n89\n\u20acCOCYAIANVE62ANSOZa8ed1DSVVIYANIONISOO6TOZanbidsjag\u2014211814JulesaMNJOMOSTI\u2014ulusefsino]anuany69\u2014(anbi3jag)1U89e6\u00ff6T/E0/LT81BauauluUearajayoIW)SYFLIAdanbi3jag\u2014aque]julesamnjomOOCT\u2014uIWSESsino]snuany69\u2014(anbidjag)Opjaz&6Y6T/CT/ET21guSIGule|ySY11334dJeninagnsn/a1e3911do1d-nN/uoisinipul]S341V131HdOdS30S3LILN3QI31314dO\u00f9d3Q3NI914O0OCTTOCTINVYOVINSO6STVv0OCTTOCTTNVYOVINS\"68STv0CEOTCEOTNVYOVINSvCVTVv.008\u20acO8ENVYOVINST2vT.VvapnyAsasapnyAsas3]&}0}sareesFatehaidSabahOJIWNNuo1122Scnsiouasiuidwyasiidwyaldiadns21122124N1nganvg|:apPUNWIWODE]ANsSNSsutesie]|SAYATINOWS30S19V401:3OVLdV)|NOGY3ANGXNVW4SAG31XIWLVDIGNAS:SBEIANO,PDAVEWanbijqndSHIRN,P2PNHAMSS\u201433HIOUddVYNOILDI10Hd3G3ULINI4JdNG341V11394Vd1V13-\nPr\u00e9fecture du VAR - 83-2025-12-08-00005 - Arr\u00eat\u00e9 pr\u00e9fectoral du 8 d\u00e9cembre 2025 portant sur l'alimentation en eau destin\u00e9e \u00e0 la\nconsommation humaine et la mise en conformit\u00e9 des forages F3 et F4 des Mouli\u00e8res, situ\u00e9s sur le territoire de la commune de\nBauduen (Var), au b\u00e9n\u00e9fice du Syndicat Mixte des Eaux du Verdon (SMEV).\n90\nECOCYSIANVE6ZANSTZaded12SVVIMANJONISOO6TOZSUed6TOGZ\u2014XNE9WapanyTt\u2014(69)awagUA]eYOGT/vO/ZZ2]auAUUYNIAFLIOd3131HdO\u00ebd3dINIDINOsaninansn/aseyaisdosd-ny/uoisinipu]S34IV131HdOdS30SALILN3GI0OC\u00a39OZE9NVYOVINS98TTVvapnyAsasapnyAsas9/210}aanaeID-naInoassa!OJOWINNuonssdsiouasu1duzasiudwya1diadnsENHP-NSINOessoipyEIoN9]|2012d\nZT,UelNananvg|:2pFuNWWODejAnssanyssulessa|\nSAYSIINOWS3QSADVYOS|!39vidvo|NOGU3ANGXNvaSACZLXINLYDIANAS|:@BesAno,pave)|onbliqndSHIAN,PSPNHASS\u201433HIOHddVHNOI193104d303YLIWIHIdNAIUIVT1324Vd1V13\nPr\u00e9fecture du VAR - 83-2025-12-08-00005 - Arr\u00eat\u00e9 pr\u00e9fectoral du 8 d\u00e9cembre 2025 portant sur l'alimentation en eau destin\u00e9e \u00e0 la\nconsommation humaine et la mise en conformit\u00e9 des forages F3 et F4 des Mouli\u00e8res, situ\u00e9s sur le territoire de la commune de\nBauduen (Var), au b\u00e9n\u00e9fice du Syndicat Mixte des Eaux du Verdon (SMEV).\n91\n\u20acTOZHAN6zAnsZZa8ed12SVWINANJONISOO6TOZseg-SAed\u2014u9319qqN420g\u2014\u00a3NB3amaljoH2pno\u2014(seg-shed)145nAeSTET/E0/9T2]auYaqnysajseyDae;sanboerSYINYVNNIVYEsenininsn/aseya1udosd-ny/uoisinipu]SIUIVL31HdOUdS3GS3LILN3QI3131HdO4d3d3NI9IHO0G8T\u20acS8T\u20acNVYSVINSO9STVapnywAsasapnyAses9[210]aimeresaOJUnNUO!}I9SdsiouasiudwyasudwyalipiednsENHP-NEINO2SSS1PY2/1294e4dUeIeoN8T.UaU2I4|Nananva|:apaunLUWUO)E]Anssanyissures||SANSIINOWS3QSADVUOS:OVIdv|NOGYIANdXNV3S3QALXIWLVDIGNAS|:2821AN0,paeELaNbiyjqndSHIAN,PSPAS\u2014JAHIOUddVYNOILD3LOUd3Q3YLINIYIdNG3HIVT112HVd1V13\nPr\u00e9fecture du VAR - 83-2025-12-08-00005 - Arr\u00eat\u00e9 pr\u00e9fectoral du 8 d\u00e9cembre 2025 portant sur l'alimentation en eau destin\u00e9e \u00e0 la\nconsommation humaine et la mise en conformit\u00e9 des forages F3 et F4 des Mouli\u00e8res, situ\u00e9s sur le territoire de la commune de\nBauduen (Var), au b\u00e9n\u00e9fice du Syndicat Mixte des Eaux du Verdon (SMEV).\n92\n\u20acZ0ZSIAN67ZAns\u20ac7adeq12SVVIYINIONISOO6TOZJOLUNYOGEET\u20142JUIN2]APUIWOU)BE'AGODINNVW31\u2014(ET)1oluny&EvET/ZT/602]BauauAjasoyqanvanoyxSISUIN1BPUIWEU)BE\"JGODINNVI31\u2014(ET)1OHNVeZ\u00ff61/60/27>GusnUeWanvanoyJoninagnsn/s1e3o11doid-nN/uoisinaipul]S34IVL31HdOdS30SALILN3GI3131HdO\u00ebd3GANIDINO00S6ZT0S6ZT.SAYSIIOWS3168CTVvapnyAsasapnyAses9]2}0}Sie\u00c9T\u00c9HDGRScuOJQWNNUO!}I9Sneadsiouasiidwyasudwya1iiadnsYENuPABY2/[99424dany6T.Uayo|Nananva.|:paUnWUWO)ejAnsSanssulessa|SAYAIINOWS30SADVYOS>19V1dV)|NOQY3ANGXNV3S3Q31XINLVDIGNAS|:28EIANO,PS1HEW|anblIqNdSHIAN,PSPNYMSS\u2014JAHIOUddVYNOILIILONd3QFHLINIH3dNGIUIVT1124VdLVL\nPr\u00e9fecture du VAR - 83-2025-12-08-00005 - Arr\u00eat\u00e9 pr\u00e9fectoral du 8 d\u00e9cembre 2025 portant sur l'alimentation en eau destin\u00e9e \u00e0 la\nconsommation humaine et la mise en conformit\u00e9 des forages F3 et F4 des Mouli\u00e8res, situ\u00e9s sur le territoire de la commune de\nBauduen (Var), au b\u00e9n\u00e9fice du Syndicat Mixte des Eaux du Verdon (SMEV).\n93\n\u00a3TOCYIIANVIE6Anspzaded12SVVININIONISOO6TOZuanpneg0\u20ac9\u20ac8\u2014LAIVAVD41\u2014LIIVAVD31INDVdWV)19SJeninansn/ssleyaiidosd-ny/uoisinipul]SIYIVLAIWdOUdS30SALILNIGI3131YdO%d3GANIDINO0878tLAIWAVD31LOSTVv0GCTET62T\u20acTLAFIVAVD31S8vTVapnyAsasapnyAsas___ayeyo}\u2014iasinGEGeenOJ9WNNuolpesu\u00e9i\u00e9siouasiidwyasiidwyaldysadns1ENHP-NeIlPValjanedICoNOZ.Uauai4||Nananva|:2pFuNWWODe]Anssanssuledsa1||S34311NONS30SADVYOS>19V1dV)|NOGY%3ANGXNV4SAG31XIWLYDIGNAS|:@3esano,pS1HEW|onblqndSHIAN,PS2PNHASS\u201433HIOUddVYNOILDI10%d3G3ULINI4IdNG341V113984VdLVL\nPr\u00e9fecture du VAR - 83-2025-12-08-00005 - Arr\u00eat\u00e9 pr\u00e9fectoral du 8 d\u00e9cembre 2025 portant sur l'alimentation en eau destin\u00e9e \u00e0 la\nconsommation humaine et la mise en conformit\u00e9 des forages F3 et F4 des Mouli\u00e8res, situ\u00e9s sur le territoire de la commune de\nBauduen (Var), au b\u00e9n\u00e9fice du Syndicat Mixte des Eaux du Verdon (SMEV).\n94\n\u20acZOZYIIANVIS62AnsGZaded12SVVIYANIONISOO6TOZ\u2014uoseosnogapulwaYy)6TH\u2014(69)aUUeqiINaIIIA&S/6T/Z0/ET2]BauauaaHalsaeAIWVINSJeninagnsn/asreyaisdosd-ny/uoIsIAIpU|S34I1V1314dO\u00ebdS3QSALILNIGI31314dO%d3GANIDINO0OCLTOCLTSAYSIIOWS31G8CTVv0007V0027SAYSIIOWS31.vacrVvCFEapniinsasSLRainjeIp-nal]NO255921aNPSuedsiouasiudwy.asudwya11pednsENHP-NEIPV2[[22124ICoNIzouai|Nananva|:epaunwuwoO)e]4nsSanssujedsa||SAYSIINOWS30S39401*39V1dV)|NOQYSANdXNVY1SAGALXIINLVDIGNAS|:28EJANO,PS1UEW|aNbiqndSHIAN,PSPNYAMSS\u2014F3HIOUddVYNOILD310%d303HLINIH3dNG1HIVTI12HVd1V13\nPr\u00e9fecture du VAR - 83-2025-12-08-00005 - Arr\u00eat\u00e9 pr\u00e9fectoral du 8 d\u00e9cembre 2025 portant sur l'alimentation en eau destin\u00e9e \u00e0 la\nconsommation humaine et la mise en conformit\u00e9 des forages F3 et F4 des Mouli\u00e8res, situ\u00e9s sur le territoire de la commune de\nBauduen (Var), au b\u00e9n\u00e9fice du Syndicat Mixte des Eaux du Verdon (SMEV).\n95\n\u20acZ0ZYIIANVS624Ns97aBed12SVVINANJONISO06T0Zessnfoy0\u00a39\u00a38-assnBsyauleyy\u2014UOPJ8ANpXNEZsep2JXINyeolpuASJeninagnsn/a1e3o11doid-nN/uoisinipu]S341V131HdOdS3QS3LILN3GI3131NdOYd.3QINIDINOsaunwuwo\n0S6E9S6E9NVYOVINS|T\u00a39TVvsualgSaUNWWOD\n0TOTT.TOTTNVYOVINSO\u00a39ITVvSpiessAlia\"iesainjeIp-nai]NO25594|\u2014eeuedsiouasiuidwyasiidwyaldipiednsENapnePY21122124INZTUaiNananva|:2pSUNWUWO)E]ANSSENSSUIEJIOL||SAYSIINOWS30S39vV401>39V1dv)|NOQGY3ANGXNVY3S3QALXIWLYDIGNAS|:@SEJANO,PJIVE|onblqNdSHIAN,PSPAS\u201433HIOUddVYNOILIILOUd3G34LI1NI43dNG341V11394Vd1V13\nPr\u00e9fecture du VAR - 83-2025-12-08-00005 - Arr\u00eat\u00e9 pr\u00e9fectoral du 8 d\u00e9cembre 2025 portant sur l'alimentation en eau destin\u00e9e \u00e0 la\nconsommation humaine et la mise en conformit\u00e9 des forages F3 et F4 des Mouli\u00e8res, situ\u00e9s sur le territoire de la commune de\nBauduen (Var), au b\u00e9n\u00e9fice du Syndicat Mixte des Eaux du Verdon (SMEV).\n96\n\u00a3TOCYIIANVT62Ans/Za8eq12SVVIHINIONISOO6GTOZanbidjag\u2014U19]S9/MSiuagjules\u2014y1edsuau2osdJapply\u2014(anbisjag)1u89eOZET/TT/SO1ougsoreyoseSueysnydinpeyN3IS38NVAJeninagnsn/a1e39141do1d-nN/uOIsIAIpU|S341VL314dOHdS3QSALILN3GI3131HdO\u00ebd30ANIDINO0OLTEOLT\u20ac|NVYOVINS8SSTWVapnyAsasapnyAsas3]230}\u2014retesettactDSOJIWNNuol}22S\u2014_sioyasiidwyasiudwya1iiadnsENPnauPVayjanedICoN\u20acC,U2913|NANGNVE|:2pFUNWWODE]JNsSanssujesa|S34NOMS30SADVYOS>39V1Ldv)|NOGY43ANGXNV1SAC31XIWLVDIGNAS|:28EJAN0,pase|anbijqndSUIAN,PSPNUMSS\u201413HIOHddVYNOIL19310%d3Q3YLINIH3dNG3HIVT11)HVd1V13\nPr\u00e9fecture du VAR - 83-2025-12-08-00005 - Arr\u00eat\u00e9 pr\u00e9fectoral du 8 d\u00e9cembre 2025 portant sur l'alimentation en eau destin\u00e9e \u00e0 la\nconsommation humaine et la mise en conformit\u00e9 des forages F3 et F4 des Mouli\u00e8res, situ\u00e9s sur le territoire de la commune de\nBauduen (Var), au b\u00e9n\u00e9fice du Syndicat Mixte des Eaux du Verdon (SMEV).\n97\n\u20acCOCYSIANVE62AnsBzadeq12SVVIYANIONISOO6TOZueu\u00f1in3e1qOO\u20acE8\u2014BHajossoug911914BNUBAYEST'SAANS97\u2014(6S)Bulodino|e&\u00ffZ61/90//0A]GuSa)JWWVGNVAueusingesgOOEE8\u20142}2105S01g94119142NU9AYERT'SION$97\u2014(\u00a38)UanpnegeO\u20acET/TT/ZT2]Bau211299JWINVGNVA3LIYdOUd3GJNIDINOJaninansp/asreyatudosd-ny/uoisinipu]S341V131HdOHdS3QS3LILN3QI0cL6OTCL6OTNVYOVINSOCTVv06vE6veNVYOVINSLTtTV_SpRUAIaSSPRUMSSoreoainjeIp-nal]No25591endvonPesuejdsiouasiidwyas1du211Hadns0prePY[jane15.va.uei|Nananva|:epaunwWUWUO)ejJNsSanssujeds2|\nS343NONS30S19VH01>19V1dV)I|NOGYSANdXNV4SAG31XIWLVDIGNAS:9SEIANO,PS1JEMNenbiiqndaUHIAN,P2pPnyA\u00bbS\u201413H30YddvyNOI19310\u00ebd3Q34L1IWI43dNG34111394Vd1V13\nPr\u00e9fecture du VAR - 83-2025-12-08-00005 - Arr\u00eat\u00e9 pr\u00e9fectoral du 8 d\u00e9cembre 2025 portant sur l'alimentation en eau destin\u00e9e \u00e0 la\nconsommation humaine et la mise en conformit\u00e9 des forages F3 et F4 des Mouli\u00e8res, situ\u00e9s sur le territoire de la commune de\nBauduen (Var), au b\u00e9n\u00e9fice du Syndicat Mixte des Eaux du Verdon (SMEV).\n98\n\u00a3TOCHIIANVT672Ans627aded12SVVINANJONIS006102seg-SAed\u2014ddtz89WayUIY\u2014STUee|}2aqu01g\u2014(anbidjag)Ty6T/Z0/6T2]aauxiuyeageuIqofN34dNHISNVAJoninagnsn/a1e3211do1d-nN/uorsinipul]S34IVL31HdOdSAGSALILNIGI3131HdOd3dJINIDINO0ECS\u20ac\u00a2SNVYOVINS||T6STVv0OCTTOCTTNVYOVINSL8STVvspasal918404ainje|Ip-naljNO25521|ilsb\u2014uejdsiouassiduasiidwyalijiadnsFNUPenetlry2/[99124dTNGZ,uouai|Nananva||:2pSUNWLUO)ejANSSNSsutes1e]||SAYAIINOWS1qSADVUOS*39V1dv)|NOGYIANGxNva4SAG31XINLYDIGNAS|:@SesIANO,PSEM|SNHIYQNdSHIN,PSPNUAI9S\u201433HIO0HddVYNOIL93104d3QIYLINIYIdNG3YIVT112HVd1V13\nPr\u00e9fecture du VAR - 83-2025-12-08-00005 - Arr\u00eat\u00e9 pr\u00e9fectoral du 8 d\u00e9cembre 2025 portant sur l'alimentation en eau destin\u00e9e \u00e0 la\nconsommation humaine et la mise en conformit\u00e9 des forages F3 et F4 des Mouli\u00e8res, situ\u00e9s sur le territoire de la commune de\nBauduen (Var), au b\u00e9n\u00e9fice du Syndicat Mixte des Eaux du Verdon (SMEV).\n99","date":"2025-12-12","first_seen_on":"2025-12-12T16:18:33+00:00","id":"be752e1c5ec63880f853c5a9f3b40b25bbb7e95db532bb9519c929dad449d5ef","name":"RAA N\u00b0421 du 12 d\u00e9cembre 2025","pdf_creation_date":"2025-12-12T15:46:17+00:00","pdf_modification_date":null,"timezone":"Europe/Paris","url":"https://www.var.gouv.fr/contenu/telechargement/43991/287272/file/RAA%20N%C2%B0421%20du%2012%20d%C3%A9cembre%202025%20(Nominatifs).pdf"}
