{"administration":"pref21","administration_name":"Pr\u00e9fecture de C\u00f4te-d\u2019Or","content":"PR\u00c9FET\nDE LA C\u00d4TE-D'OR\nRECUEIL DES ACTES\nADMINISTRATIFS SP\u00c9CIAL\n(NOMINATIFS)\nN\u00b021-2025-004\nPUBLI\u00c9 LE  6 JANVIER 2025\nSommaire\nDirection d\u00e9partementale des territoires de la C\u00f4te-d'Or / Service de l'eau\net des risques\n21-2025-01-06-00004 - Arr\u00eat\u00e9 pr\u00e9fectoral n\u00b0 15 du 06 janvier\n2025\nabrogeant l'arr\u00eat\u00e9 pr\u00e9fectoral n\u00b0 1452 du 12 septembre\n2024 portant retrait de l'agr\u00e9ment\nde M. Christophe LECHAUVE,\nPr\u00e9sident de l'Association Agr\u00e9\u00e9e de P\u00eache et de Protection\ndu\nMilieu Aquatique (AAPPMA) \u00ab La Vigilante de Pontailler \u00bb (2 pages) Page 3\nPr\u00e9fecture de la C\u00f4te-d'Or /\n21-2024-12-23-00002 - CDPE Arrete nominations Cote d Or (3 pages) Page 6\n21-2024-12-23-00003 - CLPE Arrete nominations Beaune (2 pages) Page 10\n21-2024-12-23-00004 - CLPE Arrete nominations Dijon rural (2 pages) Page 13\n21-2024-12-23-00005 - CLPE Arrete nominations Metropole (2 pages) Page 16\n21-2024-12-23-00006 - CLPE Arrete nominations Montbard (2 pages) Page 19\nPr\u00e9fecture de la C\u00f4te-d'Or / Cabinet\n21-2025-01-06-00001 - Arr\u00eat\u00e9 N\u00b011 Composition FPE (3 pages) Page 22\n21-2025-01-06-00002 - Arr\u00eat\u00e9 N\u00b012 Composition FPH (3 pages) Page 26\n21-2025-01-06-00003 - Arr\u00eat\u00e9 N\u00b013 Composition FPT ( Fonction\nPublique Territoriale) (2 pages) Page 30\n21-2025-01-06-00005 - Arr\u00eat\u00e9 N\u00b014 Abrogeant agr\u00e9ment de Mr\nAUBERTOT Roland, MJPM  (2 pages) Page 33\n2\nDirection d\u00e9partementale des territoires de la\nC\u00f4te-d'Or\nService de l'eau et des risques\n21-2025-01-06-00004\nArr\u00eat\u00e9 pr\u00e9fectoral n\u00b0 15 du 06 janvier 2025\nabrogeant l'arr\u00eat\u00e9 pr\u00e9fectoral n\u00b0 1452 du 12\nseptembre 2024 portant retrait de l'agr\u00e9ment\nde M. Christophe LECHAUVE, Pr\u00e9sident de\nl'Association Agr\u00e9\u00e9e de P\u00eache et de Protection\ndu Milieu Aquatique (AAPPMA) \u00ab La Vigilante de\nPontailler \u00bb\nDirection d\u00e9partementale des territoires de la C\u00f4te-d'Or - 21-2025-01-06-00004 - Arr\u00eat\u00e9 pr\u00e9fectoral n\u00b0 15 du 06 janvier 2025\nabrogeant l'arr\u00eat\u00e9 pr\u00e9fectoral n\u00b0 1452 du 12 septembre 2024 portant retrait de l'agr\u00e9ment\nde M. Christophe LECHAUVE, Pr\u00e9sident de l'Association Agr\u00e9\u00e9e de P\u00eache et de Protection\ndu Milieu Aquatique (AAPPMA) \u00ab La Vigilante de Pontailler \u00bb\n3\nExPREFETDE LACOTE-D'ORL,z'bert\u00e9Egalit\u00e9Fraternit\u00e9\nDirection d\u00e9partementale des territoires\nde la C\u00f4te-d'Or\nService de l'eau et des risques\nBureau pr\u00e9servation de la qualit\u00e9 de l'eau et\ndes milieux aquatiques\nm\u00e9l\u00a0:\u00a0ddt-ser-ope@cote-dor.gouv.fr\nArr\u00eat\u00e9 pr\u00e9fectoral n\u00b0 15 du 06 janvier 2025 \nabrogeant l'arr\u00eat\u00e9 pr\u00e9fectoral n\u00b0 1452 du 12 septembre 2024 portant retrait de l'agr\u00e9ment\nde M. Christophe LECHAUVE, Pr\u00e9sident de l'Association Agr\u00e9\u00e9e de P\u00eache et de Protection\ndu Milieu Aquatique (AAPPMA) \u00ab La Vigilante de Pontailler \u00bb\nLe\u00a0pr\u00e9fet\u00a0de\u00a0la\u00a0C\u00f4te-d'Or\nVU\u00a0les\u00a0articles\u00a0R.434-26\u00a0et\u00a027\u00a0du\u00a0Code\u00a0de\u00a0l'Environnement\u00a0;\nVU\u00a0le\u00a0d\u00e9cret\u00a0n\u00b02004-374\u00a0du\u00a029\u00a0avril\u00a02004\u00a0modifi\u00e9\u00a0relatif\u00a0aux\u00a0pouvoirs\u00a0des\u00a0pr\u00e9fets,\u00a0\u00e0\nl'organisation\u00a0et\u00a0\u00e0\u00a0l'action\u00a0des\u00a0services\u00a0de\u00a0l'\u00c9tat\u00a0dans\u00a0les\u00a0r\u00e9gions\u00a0et\u00a0d\u00e9partements\u00a0;\nVU\u00a0l'arr\u00eat\u00e9\u00a0minist\u00e9riel\u00a0du\u00a016\u00a0janvier\u00a02013\u00a0modifi\u00e9\u00a0fixant\u00a0les\u00a0conditions\u00a0d'agr\u00e9ment\u00a0et\u00a0les\nstatuts\u00a0types\u00a0des\u00a0associations\u00a0agr\u00e9\u00e9es\u00a0de\u00a0p\u00eache\u00a0et\u00a0de\u00a0protection\u00a0du\u00a0milieu\u00a0aquatique\u00a0;\nVU\u00a0l'arr\u00eat\u00e9\u00a0pr\u00e9fectoral\u00a0n\u00b060\u00a0du\u00a018\u00a0janvier\u00a02022\u00a0portant\u00a0agr\u00e9ment\u00a0de\u00a0l'\u00e9lection\u00a0du\npr\u00e9sident\u00a0et\u00a0du\u00a0tr\u00e9sorier\u00a0des\u00a0associations\u00a0agr\u00e9\u00e9es\u00a0de\u00a0p\u00eache\u00a0et\u00a0de\u00a0protection\u00a0du\u00a0milieu\naquatique,\u00a0mentionnant\u00a0la\u00a0nomination\u00a0de\u00a0M.\u00a0LECHAUVE\u00a0;\nVU\u00a0l'arr\u00eat\u00e9\u00a0pr\u00e9fectoral\u00a0n\u00b01659/SG\u00a0du\u00a029\u00a0octobre\u00a02024\u00a0donnant\u00a0d\u00e9l\u00e9gation\u00a0de\u00a0signature\u00a0\u00e0\nMme\u00a0Florence\u00a0LAUBIER,\u00a0directrice\u00a0d\u00e9partementale\u00a0des\u00a0territoires\u00a0de\u00a0C\u00f4te-d'Or,\u00a0et\u00a0l'arr\u00eat\u00e9\nn\u00b01660\u00a0du\u00a030\u00a0octobre\u00a02024\u00a0portant\u00a0subd\u00e9l\u00e9gation\u00a0de\u00a0signature\u00a0aux\u00a0agents\u00a0de\u00a0la\u00a0direction\nd\u00e9partementale\u00a0de\u00a0la\u00a0C\u00f4te-d'Or\u00a0;\nVU\u00a0l'arr\u00eat\u00e9\u00a0\u00a0pr\u00e9fectoral\u00a0n\u00b0\u00a01452\u00a0du\u00a012\u00a0septembre\u00a02024\u00a0portant\u00a0retrait\u00a0d\u00a0l'agr\u00e9ment\u00a0\nde\u00a0M.\u00a0Christophe\u00a0LECHAUVE,\u00a0Pr\u00e9sident\u00a0de\u00a0l'Association\u00a0Agr\u00e9\u00e9e\u00a0de\u00a0P\u00eache\u00a0et\u00a0de\u00a0Protection\ndu\u00a0Milieu\u00a0Aquatique\u00a0(AAPPMA)\u00a0\u00ab\u00a0La\u00a0Vigilante\u00a0de\u00a0Pontailler\u00a0\u00bb\u00a0;\nVU\u00a0la\u00a0d\u00e9claration\u00a0de\u00a0Monsieur\u00a0LECHAUVE\u00a0du\u00a003/10/2024\u00a0formant\u00a0opposition\u00a0au\u00a0jugement\nrendu\u00a0par\u00a0le\u00a0Tribunal\u00a0de\u00a0police\u00a0de\u00a0Dijon\u00a0du\u00a010\u00a0juin\u00a02024\u00a0;\nVU\u00a0l'article\u00a0n\u00b0489\u00a0du\u00a0code\u00a0de\u00a0proc\u00e9dure\u00a0p\u00e9nale,\u00a0indiquant\u00a0que\u00a0le\u00a0jugement\u00a0par\u00a0d\u00e9faut\u00a0est\nnon\u00a0avenu\u00a0dans\u00a0toutes\u00a0ses\u00a0dispositions,\u00a0si\u00a0le\u00a0pr\u00e9venu\u00a0forme\u00a0opposition\u00a0\u00e0\u00a0son\u00a0ex\u00e9cution\u00a0;\u00a0\n1\nDirection d\u00e9partementale des territoires de la C\u00f4te-d'Or - 21-2025-01-06-00004 - Arr\u00eat\u00e9 pr\u00e9fectoral n\u00b0 15 du 06 janvier 2025\nabrogeant l'arr\u00eat\u00e9 pr\u00e9fectoral n\u00b0 1452 du 12 septembre 2024 portant retrait de l'agr\u00e9ment\nde M. Christophe LECHAUVE, Pr\u00e9sident de l'Association Agr\u00e9\u00e9e de P\u00eache et de Protection\ndu Milieu Aquatique (AAPPMA) \u00ab La Vigilante de Pontailler \u00bb\n4\nCONSIDERANT\u00a0que\u00a0cette\u00a0d\u00e9claration\u00a0d'opposition\u00a0induit\u00a0un\u00a0nouvel\u00a0examen\u00a0de\u00a0la\nsituation\u00a0de\u00a0Monsieur\u00a0LECHAUVE\u00a0par\u00a0le\u00a0Tribunal\u00a0de\u00a0Police,\u00a0annulant\u00a0le\u00a0jugement\u00a0du\u00a010\u00a0juin\n2024\u00a0;\nCONSIDERANT\u00a0qu'il\u00a0appartient\u00a0au\u00a0pr\u00e9fet\u00a0de\u00a0porter\u00a0agr\u00e9ment\u00a0\u00e0\u00a0l'\u00e9lection\u00a0du\u00a0pr\u00e9sident\u00a0et\ndu\u00a0tr\u00e9sorier\u00a0des\u00a0associations\u00a0agr\u00e9\u00e9es\u00a0de\u00a0p\u00eache\u00a0et\u00a0de\u00a0protection\u00a0du\u00a0patrimoine\u00a0piscicole\u00a0;\nA R R \u00ca T E\nArticle 1:  L'arr\u00eat\u00e9\u00a0pr\u00e9fectoral\u00a0n\u00b0\u00a01452\u00a0du\u00a012\u00a0septembre\u00a02024\u00a0portant\u00a0retrait\u00a0de\u00a0l'agr\u00e9ment\nde\u00a0Monsieur\u00a0Christophe\u00a0LECHAUVE,\u00a0Pr\u00e9sident\u00a0de\u00a0l'Association\u00a0Agr\u00e9\u00e9e\u00a0de\u00a0P\u00eache\u00a0et\u00a0de\nProtection\u00a0du\u00a0Milieu\u00a0Aquatique\u00a0(AAPPMA)\u00a0\u00ab\u00a0La\u00a0Vigilante\u00a0de\u00a0Pontailler\u00a0\u00bb\u00a0est\u00a0abrog\u00e9.\nArticle 2:   Voies et d\u00e9lais de recours  \nLe\u00a0pr\u00e9sent\u00a0arr\u00eat\u00e9\u00a0peut\u00a0faire\u00a0l'objet\u00a0soit\u00a0d'un\u00a0recours\u00a0gracieux\u00a0aupr\u00e8s\u00a0du\u00a0pr\u00e9fet,\u00a0soit\u00a0d'un\nrecours\u00a0contentieux\u00a0devant\u00a0le\u00a0tribunal\u00a0administratif\u00a0de\u00a0Dijon\u00a0(22\u00a0rue\u00a0d'Assas\u00a0\u2013BP\u00a061916-\n21016\u00a0Dijon\u00a0Cedex)\u00a0dans\u00a0un\u00a0d\u00e9lai\u00a0maximum\u00a0de\u00a02\u00a0mois\u00a0\u00e0\u00a0compter\u00a0de\u00a0la\u00a0date\u00a0de\u00a0publication\nau\u00a0recueil\u00a0des\u00a0actes\u00a0administratifs.\nLe\u00a0tribunal\u00a0administratif\u00a0peut\u00a0\u00eatre\u00a0saisi\u00a0par\u00a0un\u00a0recours\u00a0d\u00e9pos\u00e9\u00a0via\u00a0l'application\u00a0T\u00e9l\u00e9recours\ncitoyens\u00a0accessible\u00a0par\u00a0le\u00a0site\u00a0internet\u00a0www.telerecours.fr.\nArticle 3     : Publication et ex\u00e9cution  \nLe\u00a0secr\u00e9taire\u00a0g\u00e9n\u00e9ral\u00a0de\u00a0la\u00a0pr\u00e9fecture,\u00a0la\u00a0directrice\u00a0d\u00e9partementale\u00a0des\u00a0territoires,\u00a0le\npr\u00e9sident\u00a0de\u00a0la\u00a0f\u00e9d\u00e9ration\u00a0pour\u00a0la\u00a0p\u00eache\u00a0et\u00a0la\u00a0protection\u00a0des\u00a0milieux\u00a0aquatiques\u00a0de\u00a0la\nC\u00f4te-d'Or,\u00a0sont\u00a0charg\u00e9s,\u00a0chacun\u00a0en\u00a0ce\u00a0qui\u00a0le\u00a0concerne,\u00a0de\u00a0l'ex\u00e9cution\u00a0du\u00a0pr\u00e9sent\u00a0arr\u00eat\u00e9\nqui\u00a0sera\u00a0publi\u00e9\u00a0au\u00a0recueil\u00a0des\u00a0actes\u00a0administratifs,\u00a0et\u00a0dont\u00a0copie\u00a0sera\u00a0envoy\u00e9e\u00a0\u00e0\u00a0la\nF\u00e9d\u00e9ration\u00a0de\u00a0P\u00eache\u00a0de\u00a0la\u00a0C\u00f4te\u00a0d'Or\u00a0et\u00a0\u00e0\u00a0l'OFB.\nFait\u00a0\u00e0\u00a0Dijon,\u00a0le\u00a006\u00a0janvier\u00a02025\nPour\u00a0le\u00a0pr\u00e9fet\u00a0et\u00a0par\u00a0d\u00e9l\u00e9gation,\nPour\u00a0la\u00a0directrice\u00a0d\u00e9partementale\u00a0des\u00a0territoires\nLa\u00a0responsable\u00a0du\u00a0bureau\u00a0pr\u00e9servation\u00a0de\u00a0la\u00a0qualit\u00e9\u00a0\nde\u00a0l'eau\u00a0et\u00a0des\u00a0milieux\u00a0aquatiques\nSign\u00e9\nPauline\u00a0SOUCHE-SUCHOVSKY\n2\nDirection d\u00e9partementale des territoires de la C\u00f4te-d'Or - 21-2025-01-06-00004 - Arr\u00eat\u00e9 pr\u00e9fectoral n\u00b0 15 du 06 janvier 2025\nabrogeant l'arr\u00eat\u00e9 pr\u00e9fectoral n\u00b0 1452 du 12 septembre 2024 portant retrait de l'agr\u00e9ment\nde M. Christophe LECHAUVE, Pr\u00e9sident de l'Association Agr\u00e9\u00e9e de P\u00eache et de Protection\ndu Milieu Aquatique (AAPPMA) \u00ab La Vigilante de Pontailler \u00bb\n5\nPr\u00e9fecture de la C\u00f4te-d'Or\n21-2024-12-23-00002\nCDPE Arrete nominations Cote d Or\nPr\u00e9fecture de la C\u00f4te-d'Or - 21-2024-12-23-00002 - CDPE Arrete nominations Cote d Or 6\nExPREFETDE LACOTE-D'ORLibert\u00e9Egalit\u00e9Fraternit\u00e9\nDirection d\u00e9partementale  \nde l'emploi, du travail \net des solidarit\u00e9s  \n \nArr\u00eat\u00e9 pr\u00e9fectoral n\u00b0 2024-007 du 23 d\u00e9cembre 2024  \nportant nominations  \nau sein du Comit\u00e9 d\u00e9partemental pour l'emploi de C\u00f4te-d'Or  \n \nLe pr\u00e9fet de C\u00f4te-d'Or, \n \n \nVu le code des relations entre le public et l'administration, notamment son article L. 411-2 ;  \nVu le code du travail, notamment ses articles L. 5311-10, R. 5311-23, R. 5311-24 et R. 5311-36  ; \nVu le d\u00e9cret n\u00b0 2024-560 du 18 juin 2024, notamment  son article R. 5311-22 qui pr\u00e9cise que le \ncomit\u00e9 d\u00e9partemental pour l'emploi est pr\u00e9sid\u00e9 conjointement par le pr\u00e9fet de d\u00e9partement et \npar le pr\u00e9sident du conseil d\u00e9partemental  ; \nVu l'arr\u00eat\u00e9 pr\u00e9fectoral n\u00b02024-001 du 20 novembre 2 024 portant composition et r\u00e9partition des \nvoix au sein du comit\u00e9 d\u00e9partemental pour l'emploi de C\u00f4te-d'Or  ; \nSur proposition du secr\u00e9taire g\u00e9n\u00e9ral de la pr\u00e9fecture de la C\u00f4te-d'Or  ; \n \nArr\u00eate : \n \n \n \nArticle 1 \ner \n \nSont nomm\u00e9s membres du Comit\u00e9 d\u00e9partemental pour l'emploi de C\u00f4te-d'Or  :  \n \n1\u00b0 En qualit\u00e9 de repr\u00e9sentants de l'Etat :  \n- Mme Armelle LEON, Directrice de la Direction d\u00e9part ementale de l'emploi, du travail et \ndes solidarit\u00e9s (DDETS) de C\u00f4te-d'Or, titulaire ; \n- Mme Fabienne BAILLY, Cheffe de p\u00f4le emploi et coh\u00e9sion territoriale \u00e0 la DDETS de C\u00f4te-\nd'Or, suppl\u00e9ante  ; \n- Mme Aline GUIBELIN, Directrice territoriale de l'Agence r\u00e9gionale de sant\u00e9 de C\u00f4te-d'Or, \ntitulaire  ; \n- Mme Virginie GAIFFE, Directrice adjointe territoria le de l'Agence r\u00e9gionale de sant\u00e9 de \nC\u00f4te-d'Or, suppl\u00e9ante  ; \n- M. David MULLER, Inspecteur d'acad\u00e9mie, Directeur a cad\u00e9mique des services \nd\u00e9partementaux de l'\u00e9ducation nationale de C\u00f4te-d'Or, titulaire  ; \n- M. C\u00e9dric PETITJEAN, Secr\u00e9taire g\u00e9n\u00e9ral de la Direc tion acad\u00e9mique des services \nd\u00e9partementaux de l'\u00e9ducation nationale de C\u00f4te-d'Or, suppl\u00e9ant  ; \n- Mme Isabelle GANDR\u00c9, D\u00e9l\u00e9gu\u00e9e d\u00e9partementale aux dr oits des femmes et \u00e0 l'\u00e9galit\u00e9 \nfemmes-hommes, ou son repr\u00e9sentant  ; \n- M. ou Mme le-la commissaire \u00e0 la Lutte contre la pauvret\u00e9, ou son repr\u00e9sentant. \n \n2\u00b0 En qualit\u00e9 de repr\u00e9sentants des collectivit\u00e9s territoriales : \n \na) Sur proposition de la pr\u00e9sidente du Conseil r\u00e9gional  :  \n- M. Jean-Marc RETY, Conseiller r\u00e9gional, titulaire  ; \n- M. St\u00e9phane WOYNAROSKI, Conseiller r\u00e9gional, suppl\u00e9ant  ; \nPr\u00e9fecture de la C\u00f4te-d'Or - 21-2024-12-23-00002 - CDPE Arrete nominations Cote d Or 7\n- Mme Dominique PANDAL, Cheffe du service Parcours \u00e0 la Direction de la formation \nprofessionnelle des demandeurs d'emploi, titulaire  ; \n- Mme Flore ROBERT, Charg\u00e9e d'animation territoriale de la formation professionnelle \u00e0 la \nDirection de la formation professionnelle des demandeurs d'emploi, suppl\u00e9ante. \n \nb) Sur proposition du pr\u00e9sident du Conseil d\u00e9partemental : \n- Mme Patricia GOURMAND, Vice-pr\u00e9sidente du Conseil d\u00e9partemental de la C\u00f4te-d'Or,  ou \nson repr\u00e9sentant  ; \n- Mme Christine BLANC, Conseill\u00e8re D\u00e9partementale, ou son repr\u00e9sentant  ; \n- M. David PERCHERON, Directeur g\u00e9n\u00e9ral des services d\u00e9partementaux, ou son \nrepr\u00e9sentant  ; \n- Mme Christine BARBIER, Directrice g\u00e9n\u00e9rale adjointe  des services, en charge du p\u00f4le \nsolidarit\u00e9s, jeunesse, culture et sports, ou son repr\u00e9sentant. \n \nc) Sur proposition du pr\u00e9sident de l'Association des maires du d\u00e9partement  : \n- M. Fran\u00e7ois REBSAMEN, Pr\u00e9sident de Dijon M\u00e9tropole, ou son repr\u00e9sentant  ; \n- M. Luc BAUDRY, Pr\u00e9sident de la COVATI, ou son repr\u00e9sentant  ; \n- M. Alain SUGUENOT, Maire de Beaune et Pr\u00e9sident de la Communaut\u00e9 d'agglom\u00e9ration \nBeaune C\u00f4te et Sud, ou son repr\u00e9sentant  ; \n- M. Patrick MOLINOZ, Pr\u00e9sident du Pays Auxois-Morvan , Pr\u00e9sident de la COPAS ou son \nrepr\u00e9sentant. \n \n \n3\u00b0 En qualit\u00e9 de repr\u00e9sentants des organisations syndicales repr\u00e9sentatives au niveau national et \ninterprofessionnel  : \na) Sur proposition de la Conf\u00e9d\u00e9ration fran\u00e7aise d\u00e9mocratique du travail (CFDT) :  \n- Mme Carine VERTUAUX, D\u00e9l\u00e9gu\u00e9e syndicale, titulaire  ; \n- Suppl\u00e9ant non d\u00e9sign\u00e9  ; \nb) Sur proposition de la Conf\u00e9d\u00e9ration g\u00e9n\u00e9rale du travail (CGT) :  \n- M. \u00c9ric MICHON, Secr\u00e9taire d\u00e9partemental de la CGT en C\u00f4te-d'Or, titulaire  ; \n- Mme Safaa JAWAD, Secr\u00e9taire adjointe de l'union locale CGT de Dijon, suppl\u00e9ante  ; \nc) Sur proposition de la Conf\u00e9d\u00e9ration g\u00e9n\u00e9rale du travail - Force ouvri\u00e8re (CGT-FO) : \n- M. Laurent VILLERET, D\u00e9l\u00e9gu\u00e9 syndical, titulaire  ; \n- M. Jean-Marie DE CARVALHO, D\u00e9l\u00e9gu\u00e9 syndical, suppl\u00e9ant  ; \nd) Sur proposition de la Conf\u00e9d\u00e9ration fran\u00e7aise de l'encadrement \u2013 Conf\u00e9d\u00e9ration g\u00e9n\u00e9rale des \ncadres (CFE-CGC)  : \n- M. Jean-Fran\u00e7ois DONADONI, D\u00e9l\u00e9gu\u00e9 syndical, titulaire  ;  \n- M. Arnaud SCHAAL, D\u00e9l\u00e9gu\u00e9 syndical, suppl\u00e9ant  ; \ne) Sur proposition de l'union d\u00e9partementale de la Conf\u00e9d\u00e9ration fran\u00e7aise des travailleurs \nchr\u00e9tiens (CFTC) : \n- Titulaire et suppl\u00e9ant non d\u00e9sign\u00e9s  ;  \n \n4\u00b0 En qualit\u00e9 de repr\u00e9sentants des organisations pr ofessionnelles d'employeurs repr\u00e9sentatives \nau niveau national et interprofessionnel :  \na) Sur proposition du Mouvement des employeurs de France (MEDEF) :  \n- M. Gilles MEHL, Repr\u00e9sentant du MEDEF, titulaire  ;  \n- M. Rapha\u00ebl SCHERRER, Repr\u00e9sentant du MEDEF, suppl\u00e9ant  ;  \nb) Sur proposition de la Conf\u00e9d\u00e9ration des petites et moyennes entreprises (CPME)  : \n- M. Quentin PESME, Repr\u00e9sentant de la CPME, titulaire  ;  \n- M. Lionel LORINCZ, Repr\u00e9sentant de la CPME, suppl\u00e9ant  ; \nc) Sur proposition de l'Union des entreprises de proximit\u00e9 (U2P) :  \n- Titulaire  et  suppl\u00e9ant non d\u00e9sign\u00e9s  ; \n \n5\u00b0 En qualit\u00e9 de repr\u00e9sentants des organisations pr ofessionnelles d'employeurs repr\u00e9sentatives \nau niveau national et multi professionnel :  \n \nPr\u00e9fecture de la C\u00f4te-d'Or - 21-2024-12-23-00002 - CDPE Arrete nominations Cote d Or 8\na) Sur proposition de la F\u00e9d\u00e9ration des entreprises  du spectacle vivant, de la musique, de \nl'audiovisuel et du cin\u00e9ma (FESAC)  :  \n- Titulaire  et  suppl\u00e9ant  non d\u00e9sign\u00e9s ;  \n \nb) Sur proposition de la F\u00e9d\u00e9ration d\u00e9partementale des syndicats d'exploitants agricoles (FDSEA) : \n- M. Olivier GALLIEN, Pr\u00e9sident de la F\u00e9d\u00e9ration des services de remplacement Bourgogne \n\u00e0 la FDSEA de C\u00f4te-d'Or, titulaire  ;  \n- Mme Christine DAUTIN, Responsable du service Emploi  \u00e0 la FDSEA de C\u00f4te-d'Or, \nsuppl\u00e9ante  ;  \n \nc) Sur proposition de l'Union des employeurs de l'\u00e9conomie sociale et solidaire (UDES)  :  \n- M. Vincent FOUGAIROLLE, Repr\u00e9sentant UDES, titulaire  ;  \n- Suppl\u00e9ant non d\u00e9sign\u00e9. \n \n \n \nArticle 2 \nChaque membre \u00e9voqu\u00e9 supra est nomm\u00e9 pour trois ans renouvelables.  \nToute vacance ou perte de la qualit\u00e9 au titre de la quelle les membres ont \u00e9t\u00e9 d\u00e9sign\u00e9s donnent \nlieu \u00e0 une nouvelle d\u00e9signation pour la dur\u00e9e du mandat restant \u00e0 courir. \n \n \nArticle 3 \nLe secr\u00e9taire g\u00e9n\u00e9ral de la pr\u00e9fecture de la C\u00f4te-d'Or et la directrice d\u00e9partementale de l'emploi, \ndu travail et des solidarit\u00e9s sont charg\u00e9s de l'ex\u00e9cution du pr\u00e9sent arr\u00eat\u00e9 qui sera publi\u00e9 au recueil \ndes actes administratifs de la pr\u00e9fecture de C\u00f4te-d'Or. \nFait \u00e0 Dijon, le 23 d\u00e9cembre 2024 \n \nLe Pr\u00e9fet de C\u00f4te-d'Or \n \nSIGN\u00c9 \n \nPaul MOURIER \n \n \n \n \n \n \n \n \n \n \n \nVoies et d\u00e9lais de recours  : \nLe pr\u00e9sent arr\u00eat\u00e9 peut faire l'objet d'un recours, soit gracieux aupr\u00e8s du pr\u00e9fet de C\u00f4te-d'Or, soit hi\u00e9rarchique aupr\u00e8s du \nministre du travail et de l'emploi  dans les deux mois suivant sa notification. Un reco urs contentieux peut \u00eatre d\u00e9pos\u00e9 \naupr\u00e8s du tribunal administratif de Dijon, \u00e9galement dans un d\u00e9lai de deux mois \u00e0 compter de la notification, ou dans le \nd\u00e9lai de deux mois \u00e0 partir de la r\u00e9ponse de l'administration si un recours administratif a \u00e9t\u00e9 d\u00e9pos\u00e9. \nLa juridiction administrative comp\u00e9tente peut aussi \u00eatre saisie par l'application T\u00e9l\u00e9recours citoyens accessible \u00e0 partir \ndu site www.telerecours.fr \nPr\u00e9fecture de la C\u00f4te-d'Or - 21-2024-12-23-00002 - CDPE Arrete nominations Cote d Or 9\nPr\u00e9fecture de la C\u00f4te-d'Or\n21-2024-12-23-00003\nCLPE Arrete nominations Beaune\nPr\u00e9fecture de la C\u00f4te-d'Or - 21-2024-12-23-00003 - CLPE Arrete nominations Beaune 10\nExPREFETDE LACOTE-D'ORLibert\u00e9Egalit\u00e9Fraternit\u00e9\nDirection d\u00e9partementale  \nde l'emploi, du travail \net des solidarit\u00e9s  \n \n \nArr\u00eat\u00e9 pr\u00e9fectoral n\u00b0 2024-008 du 23 d\u00e9cembre 2024  \nportant nominations  \nau sein du comit\u00e9 local pour l'emploi de l'arrondissement de Beaune \n \n \nLe pr\u00e9fet de C\u00f4te-d'Or, \n \nVu le code des relations entre le public et l'administration, notamment son article L. 411-2 ;  \nVu le code du travail, notamment ses articles L. 53 11-10, R. 5311-31, R. 5311-32, R. 5311-33 et R. 531 1-\n36  ; \nVu l'arr\u00eat\u00e9 pr\u00e9fectoral n\u00b02024-003 du 27 novembre 2024 portant composition et r\u00e9partition des voix \nau sein du comit\u00e9 local pour l'emploi de Beaune, \nSur proposition du secr\u00e9taire g\u00e9n\u00e9ral de la pr\u00e9fecture de la C\u00f4te-d'Or  ; \n \nArr\u00eate : \n \n \nArticle 1 \ner  \n \nLe Comit\u00e9 local pour l'emploi de Beaune est pr\u00e9sid\u00e9  conjointement par le Sous-pr\u00e9fet de \nl'arrondissement de Beaune et un repr\u00e9sentant du Conseil d\u00e9partemental. \n \n \nArticle 2 \n \nSont nomm\u00e9s membres du Comit\u00e9 local pour l'emploi  de Beaune :  \n \n1\u00b0 En qualit\u00e9 de repr\u00e9sentants de l'Etat :  \n- Mme Sandrine LESUEUR, Charg\u00e9e de d\u00e9veloppement de l'emploi et des territoires, DDETS de \nC\u00f4te-d'Or, titulaire; \n- Mme Fabienne BAILLY, Cheffe de p\u00f4le emploi et coh\u00e9s ion territoriale \u00e0 la DDETS de C\u00f4te-\nd'Or, suppl\u00e9ante  ; \n- Ou leur repr\u00e9sentant. \n \n \n2\u00b0 En qualit\u00e9 de repr\u00e9sentants des collectivit\u00e9s territoriales : \n \na) Sur proposition de la pr\u00e9sidente du Conseil r\u00e9gional  Bourgogne-Franche-Comt\u00e9:  \n- M. Jean-Marc RETY, Conseiller r\u00e9gional, titulaire  ; \n- M. St\u00e9phane WOYNAROSKI, Conseiller r\u00e9gional, suppl\u00e9ant  ; \n- Mme Dominique PANDAL, Cheffe du service Parcours \u00e0 la Direction de la formation \nprofessionnelle des demandeurs d'emploi, titulaire  ; \n- Mme Flore ROBERT, Charg\u00e9e d'animation territoriale de la formation professionnelle \u00e0 la \nDirection de la formation professionnelle des demandeurs d'emploi, suppl\u00e9ante. \n \nb) Sur proposition du pr\u00e9sident du Conseil d\u00e9partemental de C\u00f4te-d'Or : \n- Mme Christine BARBIER, Directrice g\u00e9n\u00e9rale adjointe des services, en charge du p\u00f4le Solidarit\u00e9s, \njeunesse, culture et sports, ou son repr\u00e9sentant. \n \n \nPr\u00e9fecture de la C\u00f4te-d'Or - 21-2024-12-23-00003 - CLPE Arrete nominations Beaune 11\nc) Sur proposition du pr\u00e9sident de la Communaut\u00e9 d'agglom\u00e9ration Beaune C\u00f4te et Sud  : \n- M. Alain SUGUENOT, Pr\u00e9sident de la Communaut\u00e9 d'agg lom\u00e9ration Beaune C\u00f4te et Sud, \ntitulaire  ; \n- M. Denis THOMAS, co-premier Vice-pr\u00e9sident de la Co mmunaut\u00e9 d'agglom\u00e9ration Beaune \nC\u00f4te et Sud, en charge de l'administration g\u00e9n\u00e9rale , des ressources humaines et des milieux \nnaturels, suppl\u00e9ant  ; \n- Mme Peggy Le NIZERHY, Directrice g\u00e9n\u00e9rale adjointe des services de la Communaut\u00e9 \nd'agglom\u00e9ration Beaune C\u00f4te et Sud, suppl\u00e9ante  ; \n \nd) Sur proposition du pr\u00e9sident de l'Association des maires du d\u00e9partement  : \n- Mme Nadine RATEAU, vice-pr\u00e9sidente de la Communaut\u00e9  de communes du Pays d'Arnay \nLiernais, titulaire  ; \n- Mme Nathalie TERRAND, Secr\u00e9taire g\u00e9n\u00e9rale de la Com munaut\u00e9 de communes du Pays \nd'Arnay-Liernais, suppl\u00e9ante  ; \n- M. Benjamin LEROUX, Maire d'Arnay le Duc, suppl\u00e9ant ;  \n- M. S\u00e9bastien DELACOUR, Pr\u00e9sident de la Communaut\u00e9 d e communes Rives de Sa\u00f4ne, \ntitulaire  ; \n- Mme Anne ROSENBLATT PETITJEAN, Maire de Lanthes et D\u00e9l\u00e9gu\u00e9e communautaire Rives de \nSa\u00f4ne, suppl\u00e9ante  ; \n- M. Yves COURTOT, Pr\u00e9sident de la Communaut\u00e9 de comm unes de Pouilly-en-Auxois  Bligny \nsur Ouche, titulaire  ; \n- M. Pascal JANISZEWSKI, Vice-pr\u00e9sident de la Communa ut\u00e9 de communes de Pouilly-en-\nAuxois  Bligny sur Ouche, en charge du d\u00e9veloppement \u00e9conomique, suppl\u00e9ant  ; \n- M. Benjamin BASTARD, Directeur g\u00e9n\u00e9ral des services  de la Communaut\u00e9 de communes de \nPouilly-en-Auxois  Bligny sur Ouche, suppl\u00e9ant  ; \n- M. Nicolas ZUCCHIATTI, Agent de d\u00e9veloppement territorial, la Communaut\u00e9 de communes \nde Pouilly-en-Auxois  Bligny sur Ouche, suppl\u00e9ant  ; \n- M. Christophe LUCAND, deuxi\u00e8me Vice-pr\u00e9sident de la  Communaut\u00e9 de communes de \nGevrey-Chambertin Nuits-St-Georges, D\u00e9l\u00e9gu\u00e9 \u00e0 l'Economie sociale et solidaire, \u00e0 l'insertion \net \u00e0 l'emploi, titulaire  ; \n- M. Pascal GRAPPIN, Pr\u00e9sident de la Communaut\u00e9 de co mmunes de Gevrey-Chambertin \nNuits-St-Georges, suppl\u00e9ant. \n \n \nArticle 3 \nChaque membre \u00e9voqu\u00e9 supra est nomm\u00e9 pour trois ans renouvelables.  \nToute vacance ou perte de la qualit\u00e9 au titre de laquelle les membres ont \u00e9t\u00e9 d\u00e9sign\u00e9s donnent lieu \n\u00e0 une nouvelle d\u00e9signation pour la dur\u00e9e du mandat restant \u00e0 courir. \n \nArticle 4 \nLe secr\u00e9taire g\u00e9n\u00e9ral de la pr\u00e9fecture de la C\u00f4te-d'Or et la directrice d\u00e9partementale de l'emploi, du \ntravail et des solidarit\u00e9s sont charg\u00e9s de l'ex\u00e9cution du pr\u00e9sent arr\u00eat\u00e9 qui sera publi\u00e9 au recueil des \nactes administratifs de la pr\u00e9fecture de C\u00f4te-d'Or. \nFait \u00e0 Dijon, le 23 d\u00e9cembre 2024 \nLe Pr\u00e9fet de C\u00f4te-d'Or \n \nSIGN\u00c9 \n \nPaul MOURIER \n \n \nVoies et d\u00e9lais de recours  : \nLe pr\u00e9sent arr\u00eat\u00e9 peut faire l'objet d'un recours, soit gracieux aupr\u00e8s du pr\u00e9fet de C\u00f4te-d'Or, soit h i\u00e9rarchique aupr\u00e8s du \nministre du travail et de l'emploi  dans les deux mois suivant sa notification. Un recours contentieux peut \u00eatre d\u00e9pos\u00e9 aupr\u00e8s \ndu tribunal administratif de Dijon, \u00e9galement dans un d\u00e9lai de deux mois \u00e0 compter de la notification,  ou dans le d\u00e9lai de \ndeux mois \u00e0 partir de la r\u00e9ponse de l'administration si un recours administratif a \u00e9t\u00e9 d\u00e9pos\u00e9. \nLa juridiction administrative comp\u00e9tente peut aussi \u00eatre saisie par l'application T\u00e9l\u00e9recours citoyens accessible \u00e0 partir du \nsite www.telerecours.fr \nPr\u00e9fecture de la C\u00f4te-d'Or - 21-2024-12-23-00003 - CLPE Arrete nominations Beaune 12\nPr\u00e9fecture de la C\u00f4te-d'Or\n21-2024-12-23-00004\nCLPE Arrete nominations Dijon rural\nPr\u00e9fecture de la C\u00f4te-d'Or - 21-2024-12-23-00004 - CLPE Arrete nominations Dijon rural 13\nExPREFETDE LACOTE-D'ORLibert\u00e9Egalit\u00e9Fraternit\u00e9\n \n \n \nDirection d\u00e9partementale  \nde l'emploi, du travail \net des solidarit\u00e9s \n \n \nArr\u00eat\u00e9 pr\u00e9fectoral n\u00b0 2024-009 du 23 d\u00e9cembre 2024  \nportant nominations  \nau sein du Comit\u00e9 local pour l'emploi de l'arrondissement de Dijon hors m\u00e9tropole \n \n \n \nLe pr\u00e9fet de C\u00f4te-d'Or, \n \n \nVu le code des relations entre le public et l'administration, notamment son article L. 411-2 ;  \nVu le code du travail, notamment ses articles L. 53 11-10, R. 5311-31, R. 5311-32, R. 5311-33 et R. 531 1-\n36  ; \nVu l'arr\u00eat\u00e9 pr\u00e9fectoral n\u00b02024-005 du 27 novembre 2024 portant composition et r\u00e9partition des \nvoix au sein du Comit\u00e9 local pour l'emploi de l'arrondissement de Dijon hors m\u00e9tropole  ; \nSur proposition du secr\u00e9taire g\u00e9n\u00e9ral de la pr\u00e9fecture de la C\u00f4te-d'Or  ; \n \nArr\u00eate : \n \nArticle 1 \ner  \n \nLe Comit\u00e9 local pour l'emploi de l'arrondissement d e Dijon hors m\u00e9tropole est pr\u00e9sid\u00e9 \nconjointement par la Secr\u00e9taire g\u00e9n\u00e9rale adjointe de la Pr\u00e9fecture de C\u00f4te-d'Or, un repr\u00e9sentant du \nConseil d\u00e9partemental de C\u00f4te-d'Or et un repr\u00e9senta nt de la Communaut\u00e9 de communes de la \nPlaine dijonnaise. \n \n \nArticle 2 \n \nSont nomm\u00e9s membres du Comit\u00e9 local pour l'emploi de l'arrondissement de Dijon hors m\u00e9tropole :  \n \n1\u00b0 En qualit\u00e9 de repr\u00e9sentants de l'Etat :  \n- M. Samuel DELALANDE, Charg\u00e9 de d\u00e9veloppement de l'e mploi et des territoires, DDETS de \nC\u00f4te-d'Or, titulaire  ; \n- Mme Fabienne BAILLY, Cheffe de p\u00f4le emploi et coh\u00e9s ion territoriale \u00e0 la DDETS de C\u00f4te-\nd'Or, suppl\u00e9ante ; \n- Ou leur repr\u00e9sentant. \n \n \n2\u00b0 En qualit\u00e9 de repr\u00e9sentants des collectivit\u00e9s territoriales : \n \na) Sur proposition de la pr\u00e9sidente du Conseil r\u00e9gional  Bourgogne-Franche-Comt\u00e9 :  \n- M. Jean-Marc RETY, Conseiller r\u00e9gional, titulaire  ; \n- M. St\u00e9phane WOYNAROSKI, Conseiller r\u00e9gional, suppl\u00e9ant  ; \n- Mme Dominique PANDAL, Cheffe du service Parcours \u00e0 la Direction de la formation \nprofessionnelle des demandeurs d'emploi, titulaire  ; \n- Mme Flore ROBERT, Charg\u00e9e d'animation territoriale de la formation professionnelle \u00e0 la \nDirection de la formation professionnelle des demandeurs d'emploi, suppl\u00e9ante. \n \nPr\u00e9fecture de la C\u00f4te-d'Or - 21-2024-12-23-00004 - CLPE Arrete nominations Dijon rural 14\nb) Sur proposition du pr\u00e9sident du Conseil d\u00e9partemental de C\u00f4te-d'Or : \n- Mme Christine BARBIER, Directrice g\u00e9n\u00e9rale adjointe des services, en charge du p\u00f4le Solidarit\u00e9s, \njeunesse, culture et sports, ou son repr\u00e9sentant. \n \nc) Sur proposition du pr\u00e9sident de l'Association des maires du d\u00e9partement  : \n- M. Luc BAUDRY, Pr\u00e9sident de la Communaut\u00e9 de communes Vall\u00e9es de la Tille et de l'Ignon, \ntitulaire  ; \n- M. Fran\u00e7ois PERDERISET, Vice-pr\u00e9sident d\u00e9l\u00e9gu\u00e9 aux affaires sociales, solidarit\u00e9s et personnes \n\u00e2g\u00e9es de la Communaut\u00e9 de communes Vall\u00e9es de la Tille et de l'Ignon  ; \n- Mme Hanane FOUQUET, Directrice des affaires sociale s de la Communaut\u00e9 de communes \nVall\u00e9es de la Tille et de l'Ignon, suppl\u00e9ante  ; \n- Mme In\u00e8s SCHLAF, Responsable d\u00e9veloppement \u00e9conomiq ue et tourisme de la \nCommunaut\u00e9 de communes Vall\u00e9es de la Tille et de l'Ignon, suppl\u00e9ante  ; \n- M. Christian CHARLOT, Vice-pr\u00e9sident \u00e0 la petite en fance et aux affaires sociales de la \nCommunaut\u00e9 de communes Mirebellois-Fontenois, titulaire  ; \n- M. Alain MARNEF, Directeur g\u00e9n\u00e9ral des services de la Communaut\u00e9 de communes \nMirebellois-Fontenois, suppl\u00e9ant  ; \n- M. Sylvain POULETTE, Charg\u00e9 de mission d\u00e9veloppemen t territorial de la Communaut\u00e9 de \ncommunes Mirebellois-Fontenois, suppl\u00e9ant  ; \n- Mme Marion CHAMBON, Responsable insertion professio nnelle et France Services de la \nCommunaut\u00e9 de communes Plaine Dijonnaise, titulaire ; \n- Mme Emilie SIMONE, Directrice du p\u00f4le Coh\u00e9sion soci ale de la Communaut\u00e9 de communes \nPlaine Dijonnaise, suppl\u00e9ante  ; \n- Mme Axelle VESPERINI-BOSC, Directrice d\u00e9veloppement  \u00e9conomique et tourisme de la \nCommunaut\u00e9 de communes Plaine Dijonnaise, suppl\u00e9ante  ; \n- M. C\u00e9dric BERNETTE, Directeur g\u00e9n\u00e9ral des services de la Communaut\u00e9 de communes CAP \nVal de Sa\u00f4ne, titulaire  ; \n- Mme Audrey MILLANT, Responsable d\u00e9veloppement \u00e9cono mique de la Communaut\u00e9 de \ncommunes CAP Val de Sa\u00f4ne, suppl\u00e9ante. \n- Mme Elise BOURGUEIL, Directrice du Pays Seine et Tilles, titulaire  ; \n- Mme Aline PERNELLE, charg\u00e9e de mission Contrat loca l de Sant\u00e9 du Pays Seine et Tilles, \nsuppl\u00e9ante  ; \n \n \nArticle 3 \nChaque membre \u00e9voqu\u00e9 supra est nomm\u00e9 pour trois ans renouvelables.  \nToute vacance ou perte de la qualit\u00e9 au titre de laquelle les membres ont \u00e9t\u00e9 d\u00e9sign\u00e9s donnent lieu \n\u00e0 une nouvelle d\u00e9signation pour la dur\u00e9e du mandat restant \u00e0 courir. \n \nArticle 4 \nLe secr\u00e9taire g\u00e9n\u00e9ral de la pr\u00e9fecture de la C\u00f4te-d'Or et la directrice d\u00e9partementale de l'emploi, du \ntravail et des solidarit\u00e9s sont charg\u00e9s de l'ex\u00e9cution du pr\u00e9sent arr\u00eat\u00e9 qui sera publi\u00e9 au recueil des \nactes administratifs de la pr\u00e9fecture de C\u00f4te-d'Or. \nFait \u00e0 Dijon, le 23 d\u00e9cembre 2024 \nLe Pr\u00e9fet de C\u00f4te-d'Or \n \nSIGN\u00c9 \n \nPaul MOURIER \n \nVoies et d\u00e9lais de recours  : \nLe pr\u00e9sent arr\u00eat\u00e9 peut faire l'objet d'un recours, soit gracieux aupr\u00e8s du pr\u00e9fet de C\u00f4te-d'Or, soit h i\u00e9rarchique aupr\u00e8s du \nministre du travail et de l'emploi  dans les deux mois suivant sa notification. Un recours contentieux peut \u00eatre d\u00e9pos\u00e9 aupr\u00e8s \ndu tribunal administratif de Dijon, \u00e9galement dans un d\u00e9lai de deux mois \u00e0 compter de la notification,  ou dans le d\u00e9lai de \ndeux mois \u00e0 partir de la r\u00e9ponse de l'administration si un recours administratif a \u00e9t\u00e9 d\u00e9pos\u00e9. \nLa juridiction administrative comp\u00e9tente peut aussi \u00eatre saisie par l'application T\u00e9l\u00e9recours citoyens accessible \u00e0 partir du \nsite www.telerecours.fr \nPr\u00e9fecture de la C\u00f4te-d'Or - 21-2024-12-23-00004 - CLPE Arrete nominations Dijon rural 15\nPr\u00e9fecture de la C\u00f4te-d'Or\n21-2024-12-23-00005\nCLPE Arrete nominations Metropole\nPr\u00e9fecture de la C\u00f4te-d'Or - 21-2024-12-23-00005 - CLPE Arrete nominations Metropole 16\nExPREFETDE LACOTE-D'ORLibert\u00e9Egalit\u00e9Fraternit\u00e9\nDirection d\u00e9partementale  \nde l'emploi, du travail \net des solidarit\u00e9s  \n \n \nArr\u00eat\u00e9 pr\u00e9fectoral n\u00b0 2024-010 du 23 d\u00e9cembre 2024  \nportant nominations  \nau sein du Comit\u00e9 local pour l'emploi de la m\u00e9tropole dijonnaise \n \n \nLe pr\u00e9fet de C\u00f4te-d'Or, \n \nVu le code des relations entre le public et l'administration, notamment son article L. 411-2 ;  \nVu le code du travail, notamment ses articles L. 5311-10, R.5311-31, R. 5311-32, R. 5311-33 et R. 5311-\n36  ; \nVu l'arr\u00eat\u00e9 pr\u00e9fectoral n\u00b02024-004 du 27 novembre 2024 portant composition et r\u00e9partition des \nvoix au sein du Comit\u00e9 local pour l'emploi de la m\u00e9tropole dijonnaise  ; \nSur proposition du secr\u00e9taire g\u00e9n\u00e9ral de la pr\u00e9fecture de la C\u00f4te-d'Or  ; \n \nArr\u00eate : \n \n \nArticle 1 \ner  \n \nLe Comit\u00e9 local pour l'emploi de la m\u00e9tropole dijon naise est pr\u00e9sid\u00e9 conjointement par le \nSecr\u00e9taire g\u00e9n\u00e9ral de la Pr\u00e9fecture de C\u00f4te-d'Or , un repr\u00e9sentant du Conseil d\u00e9partemental de \nC\u00f4te-d'Or et un repr\u00e9sentant de Dijon M\u00e9tropole. \n \n \nArticle 2 \n \nSont nomm\u00e9s membres du Comit\u00e9 local pour l'emploi  de la m\u00e9tropole dijonnaise :  \n \n1\u00b0 En qualit\u00e9 de repr\u00e9sentants de l'Etat :  \n- M. Samuel DELALANDE, Charg\u00e9 de d\u00e9veloppement de l'e mploi et des territoires, DDETS \nde C\u00f4te-d'Or, titulaire; \n- Mme Fabienne BAILLY, Cheffe de p\u00f4le emploi et coh\u00e9sion territoriale \u00e0 la DDETS de C\u00f4te-\nd'Or, suppl\u00e9ante  ; \n- Ou leur repr\u00e9sentant. \n \n2\u00b0 En qualit\u00e9 de repr\u00e9sentants des collectivit\u00e9s territoriales : \n \na) Sur proposition de la pr\u00e9sidente du Conseil r\u00e9gional  de Bourgogne-Franche-Comt\u00e9 :  \n- M. Jean-Marc RETY, Conseiller r\u00e9gional, titulaire  ; \n- M. St\u00e9phane WOYNAROSKI, Conseiller r\u00e9gional, suppl\u00e9ant  ; \n- Mme Dominique PANDAL, Cheffe du service Parcours \u00e0 la Direction de la formation \nprofessionnelle des demandeurs d'emploi, titulaire  ; \n- Mme Flore ROBERT, Charg\u00e9e d'animation territoriale de la formation professionnelle \u00e0 la \nDirection de la formation professionnelle des demandeurs d'emploi, suppl\u00e9ante. \n \nb) Sur proposition du pr\u00e9sident du Conseil d\u00e9partemental de C\u00f4te-d'Or : \n- Mme Christine BARBIER, Directrice g\u00e9n\u00e9rale adjoin te des services, en charge du p\u00f4le \nSolidarit\u00e9s, jeunesse, culture et sports, ou son repr\u00e9sentant. \n \nPr\u00e9fecture de la C\u00f4te-d'Or - 21-2024-12-23-00005 - CLPE Arrete nominations Metropole 17\nc) Sur proposition du pr\u00e9sident Dijon M\u00e9tropole  : \n- Mme Adeline OURGAUD, Cheffe du service Politiques de la ville, titulaire  ; \n- M. Fabrice HEITZMANN, Directeur de l'action sociale m\u00e9tropolitaine, suppl\u00e9ant  ; \n \nd) Sur proposition du pr\u00e9sident de l'association des maires du d\u00e9partement  : \n- Mme Fran\u00e7oise TENENBAUM, Conseill\u00e8re municipale d\u00e9l \u00e9gu\u00e9e Sant\u00e9, hygi\u00e8ne, handicap, \nVille de Dijon, titulaire  ; \n- Mme Nelly VERSTRAETEN, Charg\u00e9e de mission insertion, emploi, lutte contre la pauvret\u00e9, \nVille de Dijon, suppl\u00e9ante  ; \n- Mme Val\u00e9rie GUEHL, Responsable du service emploi, Ville de Longvic, titulaire  ; \n- M. Guillaume LAGAY, Directeur service solidarit\u00e9s et CCAS, Ville de Longvic, suppl\u00e9ant  ; \n- Mme Catherine GOZZI, Adjointe d\u00e9l\u00e9gu\u00e9e \u00e0 la solidar it\u00e9, \u00e0 l'emploi et \u00e0 la formation, au \nlogement et aux \u00e2ges de la vie, Ville de Quetigny, titulaire  ; \n- Mme Elise GUINOT, Directrice coh\u00e9sion sociale, Ville de Quetigny, suppl\u00e9ante  ; \n- M. Philippe PEREZ, Directeur g\u00e9n\u00e9ral des services, Ville de Quetigny, suppl\u00e9ant  ; \n- Mme Marie LOMBARD, Directrice de cabinet, Ville de Quetigny, suppl\u00e9ante  ; \n- Mme Sylvie CASTELLA, Adjointe d\u00e9l\u00e9gu\u00e9e aux ain\u00e9s, a u lien social et \u00e0 la solidarit\u00e9, Ville \nde Talant, titulaire ; \n- Mme C\u00e9cile SERVINOT, Directrice intervention social e de proximit\u00e9, Ville de Talant, \nsuppl\u00e9ante  ; \n- M. Thierry SANDR\u00c9, Conseiller d\u00e9l\u00e9gu\u00e9 \u00e0 la vie \u00e9con omique et march\u00e9, Ville de Talant, \nsuppl\u00e9ant ; \n- M. St\u00e9phane GAILLARD, Directeur d\u00e9veloppement et at tractivit\u00e9 du territoire, Ville de \nChenove, titulaire ; \n- Mme Anne-Andr\u00e9e GUYON, Directrice du Centre communa l d'action sociale, Ville de \nChenove, suppl\u00e9ante  ; \n- Mme Marie CHARUAU, Charg\u00e9e de mission \u00e9conomie soci ale et solidaire, relations aux \nentreprises et emploi, Ville de Chenove, suppl\u00e9ante ; \n \n \nArticle 3 \nChaque membre \u00e9voqu\u00e9 supra est nomm\u00e9 pour trois ans renouvelables.  \nToute vacance ou perte de la qualit\u00e9 au titre de la quelle les membres ont \u00e9t\u00e9 d\u00e9sign\u00e9s donnent \nlieu \u00e0 une nouvelle d\u00e9signation pour la dur\u00e9e du mandat restant \u00e0 courir. \n \n \nArticle 4 \nLe secr\u00e9taire g\u00e9n\u00e9ral de la pr\u00e9fecture de la C\u00f4te-d'Or et la directrice d\u00e9partementale de l'emploi, \ndu travail et des solidarit\u00e9s sont charg\u00e9s de l'ex\u00e9cution du pr\u00e9sent arr\u00eat\u00e9 qui sera publi\u00e9 au recueil \ndes actes administratifs de la pr\u00e9fecture de C\u00f4te-d'Or. \nFait \u00e0 Dijon, le 23 d\u00e9cembre 2024 \nLe Pr\u00e9fet de C\u00f4te-d'Or \n \nSIGN\u00c9 \n \nPaul MOURIER \n \np \nVoies et d\u00e9lais de recours  : \nLe pr\u00e9sent arr\u00eat\u00e9 peut faire l'objet d'un recours, soit gracieux aupr\u00e8s du pr\u00e9fet de C\u00f4te-d'Or, soit hi\u00e9rarchique aupr\u00e8s du \nministre du travail et de l'emploi  dans les deux mois suivant sa notification. Un reco urs contentieux peut \u00eatre d\u00e9pos\u00e9 \naupr\u00e8s du tribunal administratif de Dijon, \u00e9galement dans un d\u00e9lai de deux mois \u00e0 compter de la notification, ou dans le \nd\u00e9lai de deux mois \u00e0 partir de la r\u00e9ponse de l'administration si un recours administratif a \u00e9t\u00e9 d\u00e9pos\u00e9. \nLa juridiction administrative comp\u00e9tente peut aussi \u00eatre saisie par l'application T\u00e9l\u00e9recours citoyens accessible \u00e0 partir \ndu site www.telerecours.fr \nPr\u00e9fecture de la C\u00f4te-d'Or - 21-2024-12-23-00005 - CLPE Arrete nominations Metropole 18\nPr\u00e9fecture de la C\u00f4te-d'Or\n21-2024-12-23-00006\nCLPE Arrete nominations Montbard\nPr\u00e9fecture de la C\u00f4te-d'Or - 21-2024-12-23-00006 - CLPE Arrete nominations Montbard 19\nExPREFETDE LACOTE-D'ORLibert\u00e9Egalit\u00e9Fraternit\u00e9\nDirection d\u00e9partementale  \nde l'emploi, du travail \net des solidarit\u00e9s  \n \n \nArr\u00eat\u00e9 pr\u00e9fectoral n\u00b0 2024-011 du 23 d\u00e9cembre 2024  \nportant nominations  \nau sein du comit\u00e9 local pour l'emploi de l'arrondissement de Montbard \n \n \nLe pr\u00e9fet de C\u00f4te-d'Or, \n \n \nVu le code des relations entre le public et l'administration, notamment son article L. 411-2 ;  \nVu le code du travail, notamment ses articles L. 5311-10, R.5311-31, R. 5311-32, R. 5311-33 et R. 5311-\n36  ; \nVu l'arr\u00eat\u00e9 pr\u00e9fectoral n\u00b02024-006 du 27 novembre 2024 portant composition et r\u00e9partition des \nvoix au sein du comit\u00e9 local pour l'emploi de Montbard, \nSur proposition du secr\u00e9taire g\u00e9n\u00e9ral de la pr\u00e9fecture de la C\u00f4te-d'Or  ; \n \nArr\u00eate : \n \n \nArticle 1 \ner \n \nLe Comit\u00e9 local pour l'emploi de Montbard est pr\u00e9si d\u00e9 conjointement par le Sous-pr\u00e9fet de \nl'arrondissement de Montbard et un repr\u00e9sentant du Conseil d\u00e9partemental de C\u00f4te-d'Or. \n \n \nArticle 2 \n \nSont nomm\u00e9s membres du Comit\u00e9 local pour l'emploi  de Montbard :  \n \n1\u00b0 En qualit\u00e9 de repr\u00e9sentants de l'Etat :  \n- Mme Sylvie MIZERET, Charg\u00e9e de d\u00e9veloppement de l'emploi et des territoires, DDETS de \nC\u00f4te-d'Or, titulaire ; \n- Mme Fabienne BAILLY, Cheffe de p\u00f4le emploi et coh\u00e9sion territoriale \u00e0 la DDETS de C\u00f4te-\nd'Or, suppl\u00e9ante  ; \n- Ou leur repr\u00e9sentant . \n \n2\u00b0 En qualit\u00e9 de repr\u00e9sentants des collectivit\u00e9s territoriales : \n \na) Sur proposition de la pr\u00e9sidente du Conseil r\u00e9gional Bourgogne-Franche-Comt\u00e9  :  \n- M. Jean-Marc RETY, Conseiller r\u00e9gional, titulaire  ; \n- M. St\u00e9phane WOYNAROSKI, Conseiller r\u00e9gional, suppl\u00e9ant  ; \n- Mme Dominique PANDAL, Cheffe du service Parcours \u00e0 la Direction de la formation \nprofessionnelle des demandeurs d'emploi, titulaire  ; \n- Mme Flore ROBERT, Charg\u00e9e d'animation territoriale de la formation professionnelle \u00e0 la \nDirection de la formation professionnelle des demandeurs d'emploi, suppl\u00e9ante. \n \nb) Sur proposition du pr\u00e9sident du Conseil d\u00e9partemental de C\u00f4te-d'Or : \n- Mme Christine BARBIER, Directrice g\u00e9n\u00e9rale adjoin te des services, en charge du p\u00f4le \nSolidarit\u00e9s, jeunesse, culture et sports, ou son repr\u00e9sentant. \n \nPr\u00e9fecture de la C\u00f4te-d'Or - 21-2024-12-23-00006 - CLPE Arrete nominations Montbard 20\nc) Sur proposition du pr\u00e9sident de l'Association des maires du d\u00e9partement  : \n- M. Patrick MOLINOZ, Pr\u00e9sident de la Communaut\u00e9 de communes du Pays d'Al\u00e9sia et de la \nSeine, titulaire  ; \n- M. Jean-Marc RIGAUD 1er Vice-pr\u00e9sident, en charge d es finances et du patrimoine \nintercommunal de la communaut\u00e9 de communes du Pays d'Alesia et de la Seine, \nsuppl\u00e9ant  ; \n- Mme Karine SARROT, Directrice g\u00e9n\u00e9rale des services  de la Communaut\u00e9 de communes \ndu Pays d'Al\u00e9sia et de la Seine, suppl\u00e9ante  ; \n- C\u00e9dric BERGERET Directeur G\u00e9n\u00e9ral Adjoint de la Communaut\u00e9 de communes du Pays \nd'Al\u00e9sia et de la Seine, suppl\u00e9ant ; \n- Mme Marie-Claire GENOTTE, Vice-pr\u00e9sidente en charge  du Centre Social et de France \nServices de la Communaut\u00e9 de communes Saulieu-Morvan, titulaire ; \n- Mme Sarah LUISI-HELLAL, Directrice du Centre social  de la Communaut\u00e9 de communes \nSaulieu-Morvan, suppl\u00e9ante ; \n- Mme Val\u00e9rie BOUCHARD, Vice-pr\u00e9sidente charg\u00e9e de l' environnement et des d\u00e9chets \nm\u00e9nagers de la Communaut\u00e9 de communes du Pays Ch\u00e2tillonnais, titulaire ; \n- M. Christophe BERG, Directeur g\u00e9n\u00e9ral des services de la Communaut\u00e9 de communes du \nPays Ch\u00e2tillonnais, suppl\u00e9ant ; \n- M. Alain BECARD, Pr\u00e9sident de la Communaut\u00e9 de communes du Montbardois, titulaire ; \n- M. Aurelio RIBEIRO, Vice-pr\u00e9sident CCM ressources h umaines & communication de la \nCommunaut\u00e9 de communes du Montbardois, suppl\u00e9ant ; \n- Mme Marie Christine PITOIS, Responsable des services de la Communaut\u00e9 de communes \ndu Montbardois, suppl\u00e9ante ; \n- Mme Adeline GAGNEPAIN, Adjointe responsable des ser vices de la Communaut\u00e9 de \ncommunes du Montbardois, suppl\u00e9ante ; \n- Mme Catherine SADON, Vice-pr\u00e9sidente Charg\u00e9e du d\u00e9v eloppement \u00e9conomique et de \nl'attractivit\u00e9 du territoire de la Communaut\u00e9 de communes Terres d Auxois, titulaire ; \n- Mme Julie LECLERCQ, D\u00e9veloppeur \u00e9conomique et charg \u00e9e de communication de la \nCommunaut\u00e9 de communes Terres d Auxois, suppl\u00e9ant. \n \n \nArticle 3 \nChaque membre \u00e9voqu\u00e9 supra est nomm\u00e9 pour trois ans renouvelables.  \nToute vacance ou perte de la qualit\u00e9 au titre de la quelle les membres ont \u00e9t\u00e9 d\u00e9sign\u00e9s donnent \nlieu \u00e0 une nouvelle d\u00e9signation pour la dur\u00e9e du mandat restant \u00e0 courir. \n \nArticle 4 \nLe secr\u00e9taire g\u00e9n\u00e9ral de la pr\u00e9fecture de la C\u00f4te-d'Or et la directrice d\u00e9partementale de l'emploi, \ndu travail et des solidarit\u00e9s sont charg\u00e9s de l'ex\u00e9cution du pr\u00e9sent arr\u00eat\u00e9 qui sera publi\u00e9 au recueil \ndes actes administratifs de la pr\u00e9fecture de C\u00f4te-d'Or. \nFait \u00e0 Dijon, le 23 d\u00e9cembre 2024 \nLe Pr\u00e9fet de C\u00f4te-d'Or \n \nSIGN\u00c9 \n \nPaul MOURIER \n \n \nVoies et d\u00e9lais de recours  : \nLe pr\u00e9sent arr\u00eat\u00e9 peut faire l'objet d'un recours, soit gracieux aupr\u00e8s du pr\u00e9fet de C\u00f4te-d'Or, soit hi\u00e9rarchique aupr\u00e8s du \nministre du travail et de l'emploi  dans les deux mois suivant sa notification. Un reco urs contentieux peut \u00eatre d\u00e9pos\u00e9 \naupr\u00e8s du tribunal administratif de Dijon, \u00e9galement dans un d\u00e9lai de deux mois \u00e0 compter de la notification, ou dans le \nd\u00e9lai de deux mois \u00e0 partir de la r\u00e9ponse de l'administration si un recours administratif a \u00e9t\u00e9 d\u00e9pos\u00e9. \nLa juridiction administrative comp\u00e9tente peut aussi \u00eatre saisie par l'application T\u00e9l\u00e9recours citoyens accessible \u00e0 partir \ndu site www.telerecours.fr \nPr\u00e9fecture de la C\u00f4te-d'Or - 21-2024-12-23-00006 - CLPE Arrete nominations Montbard 21\nPr\u00e9fecture de la C\u00f4te-d'Or\nCabinet\n21-2025-01-06-00001\nArr\u00eat\u00e9 N\u00b011 Composition FPE\nPr\u00e9fecture de la C\u00f4te-d'Or - 21-2025-01-06-00001 - Arr\u00eat\u00e9 N\u00b011 Composition FPE 22\nE . Direction D\u00e9parterfientalePR\u00c9FET de l'Emploi, du Travail et des Solidarit\u00e9sDE LACOTE-D'ORLibert\u00e9\u00c9galit\u00e9Fraternit\u00e9\nARR\u00caT\u00c9 PR\u00c9FECTORAL n\u00b011modifiant l'arr\u00eat\u00e9 pr\u00e9fectoral N\u00b0 769/2022 du 02 juin 2022modifi\u00e9 par l'arr\u00eat\u00e9 pr\u00e9fectoral N\u00b0 845/2023 du 16 mai 2023fixant la composition du conseil m\u00e9dical d\u00e9partemental comp\u00e9tent \u00e0 l'\u00e9gard des personnels de lafonction publique d'EtatLe pr\u00e9fet de la C\u00f4te d'Or\nVU le code g\u00e9n\u00e9ral de la fonction publique;VU l'ordonnance n\u00b02020-1447 du 25 novembre 2020 portant diverses mesures en mati\u00e8re desant\u00e9 et de famille dans la fonction publique;VU le d\u00e9cret n\u00b086-442 du 14 mars 1986 relatif \u00e0 la d\u00e9signation des m\u00e9decins agr\u00e9\u00e9s, \u00e0 l'organisationdes conseils m\u00e9dicaux, aux conditions d'aptitude physique pour l'admission aux empl0|s publics etau r\u00e9gime de cong\u00e9s de maladie des fonctionnaires;VU le d\u00e9cret n\u00b02022-353 du 11 mars 2022 relatif aux consells m\u00e9dicaux dans la fonction publiqued'\u00c9tat; |VU l'arr\u00eat\u00e9 pr\u00e9fectoral N\u00b0769/2022 du 02 juin 2022 fixant la composition du conseil m\u00e9dicald\u00e9partemental comp\u00e9tent \u00e0 I'\u00e9gard des personnels de la fonction publique d'\u00c9tat;Vu l'arr\u00eat\u00e9 pr\u00e9fectoral N\u00b0845/2023 du 16 mai 2023 modifiant l'arr\u00eat\u00e9 pr\u00e9fectoral N\u00b0769/2022 du02 juin 2022 fixant la composition du conseil m\u00e9dical d\u00e9partemental comp\u00e9tent \u00e0 l'\u00e9gard despersonnels de la fonction publique d'\u00c9tat\nSUR proposition de la directrice d\u00e9partementale de l'emploi, du travail et des solidarit\u00e9s de laC\u00f4te-d'Or,\nArr\u00eateARTICLE 1:L'arr\u00eat\u00e9 pr\u00e9fectoral N\u00b0 845/2023 du 16 mai 2023 est abrog\u00e9.\nPr\u00e9fecture de la C\u00f4te-d'Or - 21-2025-01-06-00001 - Arr\u00eat\u00e9 N\u00b011 Composition FPE 23\nARTICLE 2:L'article N\u00b02 de l'arr\u00eat\u00e9 pr\u00e9fectoral N\u00b0769/2022 du 02 juin 2022 est modifi\u00e9 comme suit :La composition du conseil m\u00e9dical d\u00e9partemental comp\u00e9tent \u00e0 l'\u00e9gard des personnels de lafonction publique d'Etat est fix\u00e9e comme suit :- R\u00e9uni en formation restreinte:M\u00e9decins membres titulairesDocteur Philippe STRAUSS, pr\u00e9sidentDocteur Fran\u00e7ois PERDONDocteur Emmanuel DEBOST-\n- R\u00e9uni en formation pl\u00e9ni\u00e8re:M\u00e9decins membres titulairesDocteur Philippe STRAUSS, pr\u00e9sidentDocteur Thomas CHAUSSADEDocteur Bruno CABRITA\nM\u00e9decins membres suppl\u00e9antsDocteur Christophe BOISSELIERDocteur Thomas CHAUSSADEDocteuf Jean-Pierre CAPITAINDocteur Jean-Michel DURAFFOURGDocteur Bruno CABRITADocteur Alban CHANTEGRET .Docteur Michel TOUBOUL\nM\u00e9decins membres suppl\u00e9antsDocteur Christophe BOISSELIERD\u00f4cteur Fran\u00e7ois PERDONDocteur Emmanuel DEBOSTDocteur Jean-Pierre CAPITAINDocteur Jean-Michel DURAFFOURGDocteur Alban CHANTEGRETDocteur Michel TOUBOUL\n- deux repr\u00e9sentants de l'administration d\u00e9sign\u00e9s par le chef de service dont d\u00e9pend lefonctionnaire concern\u00e9 ;- deux repr\u00e9sentants du personnel inscrits sur une liste \u00e9tablie par les repr\u00e9sentants dupersonnel \u00e9lus au comit\u00e9 social dont rel\u00e8ve le fonctionnaire concern\u00e9.\nPr\u00e9fecture de la C\u00f4te-d'Or - 21-2025-01-06-00001 - Arr\u00eat\u00e9 N\u00b011 Composition FPE 24\nARTICLE 3:Le pr\u00e9sent arr\u00eat\u00e9 peut faire l'objet d'un recours aupr\u00e8s du tribunal administratif de Dijon, dans und\u00e9lai de deux mois \u00e0 compter de sa publication au recueil des actes administratifs (RAA) de lapr\u00e9fecture de la C\u00f4te-d'Or. 'La juridiction administrative comp\u00e9tente peut \u00eatre saisie par l'application T\u00e9l\u00e9recours citoyensaccessible a partir du site www.telerecours.fr.\nARTICLE 4:Le secr\u00e9taire g\u00e9n\u00e9ral de la pr\u00e9fecture et la directrice d\u00e9partementale de I'emploi, du travail et dessolidarit\u00e9s de la C\u00f4te-d'Or sont charg\u00e9s, chacun en ce qui le concerne, de l'ex\u00e9cution du pr\u00e9sentarr\u00eat\u00e9 qui sera publi\u00e9 au recueil des actes administratifs (RAA) de la pr\u00e9fecture de la C\u00f4te-d'Or.\nFait \u00e0 Dijon, le & - JAN, 2025\nLe pr\u00e9fet,A\nPaul MOURIER\nPr\u00e9fecture de la C\u00f4te-d'Or - 21-2025-01-06-00001 - Arr\u00eat\u00e9 N\u00b011 Composition FPE 25\nPr\u00e9fecture de la C\u00f4te-d'Or\nCabinet\n21-2025-01-06-00002\nArr\u00eat\u00e9 N\u00b012 Composition FPH\nPr\u00e9fecture de la C\u00f4te-d'Or - 21-2025-01-06-00002 - Arr\u00eat\u00e9 N\u00b012 Composition FPH 26\nE . | Direction D\u00e9partementalePR\u00c9FET de l'Emploi, du Travail et des Solidarit\u00e9sDE LACOTE-D'ORLibert\u00e9\u00c9galit\u00e9Fraternit\u00e9\nARRETE PREFECTORAL n\u00b012modifiant l'arr\u00eat\u00e9 pr\u00e9fectoral N\u00b0 771/2022 du 02 juin 2022modifi\u00e9 par l'arr\u00eat\u00e9 pr\u00e9fectoral N\u00b0846/2023 du 16 mai 2023fixant la composition du conseil m\u00e9dical d\u00e9partemental comp\u00e9tent \u00e0 l'\u00e9gard des personnels de la| fonction publique hospitali\u00e8reLe pr\u00e9fet de la C\u00f4te d'Or\nVU le code g\u00e9n\u00e9ral de la fonction publique;VU l'ordonnance n\u00b02020-1447 du 25 novembre 2020 portant diverses mesures en mati\u00e8re desant\u00e9 et de famille dans la fonction publique ;VU le d\u00e9cret n\u00b086-442 du 14 mars 1986 relatif \u00e0 la d\u00e9signation des m\u00e9decins agr\u00e9\u00e9s, \u00e0 l'organisationdes conseils m\u00e9dicaux, aux conditions d'aptitude physique pour l'admission aux emplois publics etau r\u00e9gime de cong\u00e9s de maladie des fonctionnaires ; 'VU le d\u00e9cret n\u00b088-386 du 19 avril 1988 relatif aux conditions d'aptitude physique et aux cong\u00e9s demaladie des agents de la fonction publique hospitali\u00e8re;VU le d\u00e9cret n\u00b02022-351 du 11 mars 2022 relatif aux conseils m\u00e9dicaux dans la fonction publiquehospitali\u00e8re ;VU l'arr\u00eat\u00e9 pr\u00e9fectoral N\u00b0771/2022 du 02 juin 2022 fixant la composition du conseil m\u00e9dicald\u00e9partemental comp\u00e9tent \u00e0 I'\u00e9gard des personnels de la fonction publique hospitali\u00e8reVu l'arr\u00eat\u00e9 pr\u00e9fectoral N\u00b0846/2023 du 16 mai 2023 modifiant l'arr\u00eat\u00e9 pr\u00e9fectoral N\u00b0771/2022 du02 juin 2022 fixant la composition du conseil m\u00e9dical d\u00e9partemental comp\u00e9tent \u00e0 I'\u00e9gard despersonnels de la fonction publique hospitali\u00e8reSUR proposition de la directrice d\u00e9partementale de l'emploi, du travail et des solidarit\u00e9s de laC\u00f4te-d'Or,Arr\u00eateARTICLE 1 :L'arr\u00eat\u00e9 pr\u00e9fectoral N\u00b0 846/2023 du 16 mai 2023 est abrog\u00e9.\nPr\u00e9fecture de la C\u00f4te-d'Or - 21-2025-01-06-00002 - Arr\u00eat\u00e9 N\u00b012 Composition FPH 27\nARTICLE 2 :L'article N\u00b02 de l'arr\u00eat\u00e9 pr\u00e9fectoral N\u00b0771/2022 du 2juin 2022 est modifi\u00e9 Comme suit:La composition du conseil m\u00e9dical d\u00e9partemental comp\u00e9tent \u00e0 l'\u00e9gard des personnels de lafonction publique hospitali\u00e8re est fix\u00e9e comme suit:- R\u00e9uni en formation restreinte:M\u00e9decins membres titulairesDocteur Philippe STRAUSS, pr\u00e9sidentDocteur Fran\u00e7ois PERDONDocteur Emmanuel DEBOST\n- R\u00e9uni en formation pl\u00e9ni\u00e8re:M\u00e9decins membres titulairesDocteur Philippe STRAUSS, pr\u00e9sidentDocteur Thomas CHAUSSADEDocteur Bruno CABRITA\n- deux repr\u00e9sentants de l'administration ;\nM\u00e9decins membres suppl\u00e9antsDocteur Christophe BOISSELIERDocteur Thomas CHAUSSADEDocteur Jean-Pierre CAPITAINDocteur Jean-Michel DURAFFOURGDocteur Bruno CABRITADocteur Alban CHANTEGRETDocteur Michel TOUBOUL\nM\u00e9decins membres suppl\u00e9antsDocteur Christophe BOISSELIERDocteur Fran\u00e7ois PERDONDocteur Emmanuel DEBOSTDocteur Jean-Pierre CAPITAINDocteur Jean-Michel DURAFFOURGDocteur Alban CHANTEGRETDocteur Michel TOUBOUL\n- deux repr\u00e9sentants du personnel d\u00e9sign\u00e9s par les deux organisations syndicales disposantdu plus grand nombre de si\u00e8ges au sein de la commission administrative paritairecomp\u00e9tente \u00e0 l'\u00e9gard de l'agent dont le cas est examin\u00e9.\nPr\u00e9fecture de la C\u00f4te-d'Or - 21-2025-01-06-00002 - Arr\u00eat\u00e9 N\u00b012 Composition FPH 28\nARTICLE 3:Le pr\u00e9sent arr\u00e9t\u00e9 peut faire l'objet d'un recours aupr\u00e8s du tribunal administratif de Dijon, dans und\u00e9lai de deux mois \u00e0 compter de sa publication au recueil des actes administratifs (RAA) de lapr\u00e9fecture de la C\u00f4te-d'Or.La juridiction administrative comp\u00e9tente peut \u00eatre saisie par l'application T\u00e9l\u00e9recours citoyensaccessible \u00e0 partir du site www.telerecours.fr.\nARTICLE 4 :Le secr\u00e9taire g\u00e9n\u00e9ral de la pr\u00e9fecture et la directrice d\u00e9partementale de l'emploi, du travail et dessolidarit\u00e9s de la Cote-d'Or sont charg\u00e9s, chacun en ce qui le concerne, de l'ex\u00e9cution du pr\u00e9sentarr\u00eat\u00e9 qui sera publi\u00e9 au recueil des actes administratifs (RAA) de la pr\u00e9fecture de la C\u00f4te-d'Or.\nFait \u00e0 Dijon,le 6 - JAN. 2025\nLe pr\u00e9fet,L~ At \u2014\u2014\n\u2014\u2014\nPaul MOURIER\nPr\u00e9fecture de la C\u00f4te-d'Or - 21-2025-01-06-00002 - Arr\u00eat\u00e9 N\u00b012 Composition FPH 29\nPr\u00e9fecture de la C\u00f4te-d'Or\nCabinet\n21-2025-01-06-00003\nArr\u00eat\u00e9 N\u00b013 Composition FPT ( Fonction Publique\nTerritoriale)\nPr\u00e9fecture de la C\u00f4te-d'Or - 21-2025-01-06-00003 - Arr\u00eat\u00e9 N\u00b013 Composition FPT ( Fonction Publique Territoriale) 30\nEx Direction D\u00e9partementalePR\u00c9FET de l'Emploi, du Travail et des Solidarit\u00e9sDE LACOTE-D'ORLibert\u00e9. \u00c9galite'Fraternit\u00e9\nARRETE PREFECTORAL n\u00b013modifiant l'arr\u00eat\u00e9 N\u00b0 770/2022 fixant la composition du conseil m\u00e9dical d\u00e9partementalcomp\u00e9tent \u00e0 l'\u00e9gard des personnels de la fonction publique territorialeLe pr\u00e9fet de la C\u00f4te d'Or\nVU le code g\u00e9n\u00e9ral de la fonction publique;VU l'ordonnance n\u00b02020-1447 du 25 novembre 2020 portant dlverses mesures en mati\u00e8re desant\u00e9 et de famille dans la fonction publique;VU le d\u00e9cret n\u00b086-442 du 14 mars 1986 relatif \u00e0 la d\u00e9signation des m\u00e9decins agr\u00e9\u00e9s, \u00e0 l'organisationdes conseils m\u00e9dicaux, aux conditions d'aptitude physique pour l'admission aux emplois publics etau r\u00e9gime de cong\u00e9s de maladie des fonctionnaires;VU le d\u00e9cret n\u00b02022-350 du 11 mars 2022 relatif aux conseils m\u00e9dicaux dans la fonction publiqueterritoriale ;VU l'arr\u00eat\u00e9 pr\u00e9fectoral N\u00b0770/2022 du 02 juin 2022 fixant la composition du conseil m\u00e9dicald\u00e9partemental comp\u00e9tent \u00e0 l'\u00e9gard des personnels de la fonction publique territorialeSUR proposition de la directrice d\u00e9partementale de l'emploi, du travail et des solidarit\u00e9s de laC\u00f4te-d'Or,Arr\u00eateARTICLE 1:L'article N\u00b02 de l'arr\u00eat\u00e9 pr\u00e9fectoral N\u00b0770/2022 du 02 juin 2022 est modifi\u00e9 comme suit:La composition du conseil m\u00e9dical d\u00e9partemental comp\u00e9tent \u00e0 l'\u00e9gard des personnels de lafonction publique territoriale est fix\u00e9e comme suit :- R\u00e9uni en formation restreinte:M\u00e9decins membres titulaires M\u00e9decins membres suppl\u00e9antsDocteur Philippe STRAUSS, pr\u00e9sident Docteur Christophe BOISSELIERDocteur Fran\u00e7ois PERDON | Docteur Thomas CHAUSSADEDocteur Emmanuel DEBOST | Docteur Jean-Pierre CAPITAINDocteur Jean-Michel DURAFFOURGDocteur Bruno CABRITADocteur Alban CHANTEGRETDocteur Michel TOUBOUL\nPr\u00e9fecture de la C\u00f4te-d'Or - 21-2025-01-06-00003 - Arr\u00eat\u00e9 N\u00b013 Composition FPT ( Fonction Publique Territoriale) 31\n- R\u00e9uni en formation pl\u00e9ni\u00e8re:M\u00e9decins membres titulaires M\u00e9decins membres suppl\u00e9antsDocteur Philippe STRAUSS, pr\u00e9sident Docteur Christophe BOISSELIERDocteur Thomas CHAUSSADE Docteur Fran\u00e7ois PERDONDocteur Bruno CABRITA Docteur Emmanuel DEBOSTDocteur Jean-Pierre CAPITAINDocteur Jean-Michel DURAFFOURGDocteur Alban CHANTEGRETDocteur Michel TOUBOUL- deux repr\u00e9sentants de l'administration ;- deux repr\u00e9sentants du personnel selon la cat\u00e9gorie.\nARTICLE 2:Le pr\u00e9sent arr\u00eat\u00e9 peut faire l'objet d'un recours aupr\u00e8s du tribunal administratif de Dijon, dans und\u00e9lai de deux mois \u00e0 compter de sa publication au recueil des actes administratifs (RAA) de lapr\u00e9fecture de la C\u00f4te-d'Or.La juridiction administrative comp\u00e9tente peut \u00eatre saisie par l'application T\u00e9l\u00e9recours citoyensaccessible \u00e0 partir du site www.telerecours.fr.\nARTICLE 3:Le secr\u00e9taire g\u00e9n\u00e9ral de la pr\u00e9fecture et la directrice d\u00e9partementale de l'emploi, du travail et dessolidarit\u00e9s de la Cote-d'Or sont charg\u00e9s, chacun en ce qui le concerne, de l'ex\u00e9cution du pr\u00e9sentarr\u00eat\u00e9 qui sera publi\u00e9 au recueil des actes administratifs (RAA) de la pr\u00e9fecture de la C\u00f4te-d'Or.\nFait \u00e0 Dijon,le 0= JAN, 2025\nLe pr\u00e9fet,_%' \u2014 T\nPaul MOURIER\nPr\u00e9fecture de la C\u00f4te-d'Or - 21-2025-01-06-00003 - Arr\u00eat\u00e9 N\u00b013 Composition FPT ( Fonction Publique Territoriale) 32\nPr\u00e9fecture de la C\u00f4te-d'Or\nCabinet\n21-2025-01-06-00005\nArr\u00eat\u00e9 N\u00b014 Abrogeant agr\u00e9ment de Mr\nAUBERTOT Roland, MJPM \nPr\u00e9fecture de la C\u00f4te-d'Or - 21-2025-01-06-00005 - Arr\u00eat\u00e9 N\u00b014 Abrogeant agr\u00e9ment de Mr AUBERTOT Roland, MJPM 33\n= ,. Direction D\u00e9partementalePREFET de l'Emploi, du travail et des Solidarit\u00e9sDE LA |COTE-D'ORLibert\u00e9\u00c9galit\u00e9Fraternit\u00e9\nARR\u00caT\u00c9 PR\u00c9FECTORAL n\u00b0 14abrogeant |'arr\u00e9t\u00e9 n\u00b0 422/2012 du 03 octobre 2012 portant agr\u00e9mentde monsieur Roland AUBERTOTen qualit\u00e9 de mandataire judiciaire \u00e0 la protection des majeurs\nLe pr\u00e9fet de la C\u00f4te d'Or\nVU le code de l'action sociale et des familles notamment l'article R. 472-7 ;VU la loi n\u00b0 2007-308 du 5 mars 2007 portant r\u00e9forme de la protection juridique des majeurs ;VU le sch\u00e9ma r\u00e9gional des mandataires judiciaires \u00e0 la protection des majeurs et des d\u00e9l\u00e9gu\u00e9s aux.prestations familiales 2023-2027 publi\u00e9 le 9 juillet 2024 ;VU l'arr\u00eat\u00e9 pr\u00e9fectoral n\u00b0 422/2012 du 3 octobre 2012, portant agr\u00e9ment de Monsieur RolandAUBERTOT en qualit\u00e9 de mandataire judiciaire \u00e0 la protection des majeurs ;VU l'arr\u00eat\u00e9 pr\u00e9fectoral n\u00b0 602/2023 du 23 mars 2023 fixant la liste des mandataires judiciaires \u00e0 laprotection des majeurs et des d\u00e9l\u00e9gu\u00e9s aux prestations familiales ;VU le courrier en date du 18 novembre 2024 adress\u00e9 \u00e0 Madame la directrice d\u00e9partementale del'emploi, du travail et des solidarit\u00e9s, par lequel Monsieur Roland AUBERTOT l'informe de la cessationde son activit\u00e9 de mandataire judiciaire \u00e0 la protection des majeurs au 2024 ;CONSID\u00c9RANT la d\u00e9cision de Monsieur Roland AUBERTOT de mettre fin \u00e0 son activit\u00e9 de mandatairejudiciaire \u00e0 la protection des majeurs pour des raisons personnellesSur proposition de la directrice d\u00e9partementale de l'emploi, du travail et des solidarit\u00e9s,\nARR\u00caTEArticle 1 : |L'arr\u00e9t\u00e9 pr\u00e9fectoral n\u00b0 422/2012 du 03 octobre 2012 portant agr\u00e9ment de Monsieur Roland AUBERTOTen qualit\u00e9 de mandataire judiciaire \u00e0 la protection des majeurs pour l'exercice \u00e0 titre individuel demesures de protection des majeurs au titre du mandat sp\u00e9cial auquel il peut \u00eatre recouru dans le cadrede la sauvegarde de justice, au titre de la curatelle ou de la tutelle, dans le ressort du tribunald'instance de Dijon, est abrog\u00e9.L'abrogation sus-mentionn\u00e9e entra\u00eene le retrait de l'inscription sur la liste des mandataires judiciaires \u00e0la protection des majeurs pour le ressort du tribunal d'instance susmentionn\u00e9.\nPr\u00e9fecture de la C\u00f4te-d'Or - 21-2025-01-06-00005 - Arr\u00eat\u00e9 N\u00b014 Abrogeant agr\u00e9ment de Mr AUBERTOT Roland, MJPM 34\nArticle 2 :Dans les deux mois de sa notification ou de sa publication, le pr\u00e9sent arr\u00eat\u00e9 peut faire l'objet soit d'unrecours gracieux devant le pr\u00e9fet, soit d'un recours contentieux devant le tribunal administratifcomp\u00e9tent de Dijon.\nArticle 3 :Le secr\u00e9taire g\u00e9n\u00e9ral de la pr\u00e9fecture et la directrice d\u00e9partementale de I'emploi, du travail et dessolidarit\u00e9s sont charg\u00e9s, chacun en ce qui le concerne, de l'ex\u00e9cution du pr\u00e9sent arr\u00eat\u00e9 qui sera notifi\u00e9au procureur de la R\u00e9publique, \u00e0 l'int\u00e9ress\u00e9 et publi\u00e9 au recueil des actes administratifs de lapr\u00e9fecture de la C\u00f4te-d'Or.\nFait \u00e0 Dijon , le 6 - JAN, 2025Le pr\u00e9fet,\n\u2014 /%_ >\nPaul MOURIER\nPr\u00e9fecture de la C\u00f4te-d'Or - 21-2025-01-06-00005 - Arr\u00eat\u00e9 N\u00b014 Abrogeant agr\u00e9ment de Mr AUBERTOT Roland, MJPM 35","date":"2025-01-06","first_seen_on":"2025-09-13T22:54:44+00:00","id":"bedfccdf6e4a1714ab500ce7975ef1f5c26f02fcb84de2350b77452fb20f46df","name":"RAA n\u00b0 004 du 06 janvier 2025","pdf_creation_date":"2025-01-06T15:10:12+00:00","pdf_modification_date":null,"timezone":"Europe/Paris","url":"https://www.cote-dor.gouv.fr/contenu/telechargement/22611/172853/file/recueil-21-2025-004-recueil-des-actes-administratifs-nominatifs.pdf"}
