{"administration":"pref72","administration_name":"Pr\u00e9fecture de la Sarthe","content":"SARTHE\nRECUEIL DES ACTES\nADMINISTRATIFS\nN\u00b0 02 12 2024 \nPUBLI\u00c9 LE  2 D\u00c9CEMBRE 2024\nSommaire\nDDT /\n72-2024-11-26-00004 - 2024 11 26 arr\u00eat\u00e9 portant organisation DDT72\nsign\u00e9 (3 pages) Page 3\n2\nDDT\n72-2024-11-26-00004\n2024 11 26 arr\u00eat\u00e9 portant organisation DDT72\nsign\u00e9\nDDT - 72-2024-11-26-00004 - 2024 11 26 arr\u00eat\u00e9 portant organisation DDT72 sign\u00e9 3\nExPREFETDE LA SARTHELibert\u00e9Egalit\u00e9Fraternit\u00e9\nDirection\nd\u00e9partementale\ndes territoires\n            Le Mans, le 26 novembre 2024\nARR\u00caT\u00c9 PR\u00c9FECTORAL\nArr\u00eat\u00e9 portant organisation de la direction d\u00e9partementale des territoires de la Sarthe\nLe Pr\u00e9fet de la Sarthe\nChevalier de la L\u00e9gion d'honneur\nChevalier de l'Ordre national du M\u00e9rite\nVU la loi n\u00b0 82-213 du 2 mars 1982 modifi\u00e9e relative aux droits et libert\u00e9s des communes, des\nd\u00e9partements et des r\u00e9gions,\nVU la loi d'orientation n\u00b0 92-125 du 6 f\u00e9vrier 1992 modifi\u00e9e relative \u00e0 l'administration territoriale de\nla R\u00e9publique,\nVU la loi n\u00b0 2004-809 du 13 ao\u00fbt 2004 relative aux libert\u00e9s et responsabilit\u00e9s locales,\nVU le d\u00e9cret n\u00b0 2004-374 du 29 avril 2004 modifi\u00e9 relatif aux pouvoirs des pr\u00e9fets, \u00e0 l'organisation\net \u00e0 l'action des services de l'\u00c9tat dans les r\u00e9gions et d\u00e9partements,\nVU le  d\u00e9cret  n\u00b0  2009-1484  du  3  d\u00e9cembre  2009  relatif  aux  directions  d\u00e9partementales\ninterminist\u00e9rielles,\nVU le d\u00e9cret n\u00b0 2020-1050 du 14 ao\u00fbt 2020 modifiant le d\u00e9cret n\u00b0 2009-1484 du 3 d\u00e9cembre 2009\nrelatif aux directions d\u00e9partementales interminist\u00e9rielles,\nVU le d\u00e9cret du Pr\u00e9sident de la R\u00e9publique du 15 f\u00e9vrier 2022 nommant Emmanuel AUBRY pr\u00e9fet\nde la Sarthe,\nVU l'arr\u00eat\u00e9 pr\u00e9fectoral du 26 d\u00e9cembre 2023 portant organisation de la direction d\u00e9partementale\ndes territoires de la Sarthe,\nVU l'avis du comit\u00e9 social d'administration de la direction d\u00e9partementale des territoires de la\nSarthe en date du 20 septembre 2024 sur les \u00e9volutions des missions et l'organisation de la direction\nd\u00e9partementale des territoires,\nSur proposition de monsieur le directeur d\u00e9partemental des territoires de la Sarthe,\nDDT de la Sarthe \u2013 19, boulevard Paixhans 72 000 LE MANS \u2013 02 85 32 75 00 \u2013 www.sarthe.gouv.fr 1/3\nDDT - 72-2024-11-26-00004 - 2024 11 26 arr\u00eat\u00e9 portant organisation DDT72 sign\u00e9 4\nARR\u00caTE\nArticle 1     :  \nLa direction d\u00e9partementale des territoires (DDT) de la Sarthe, situ\u00e9e sur le p\u00f4le administratif Paixhans,\nest organis\u00e9e comme suit \u00e0 partir du 1er janvier 2025 :\n\u2013 la direction, qui outre le pilotage et la coordination des activit\u00e9s du service, assure :\n\u2022 la mission de d\u00e9l\u00e9gu\u00e9 d\u00e9partemental-adjoint ANCT, ANAH et ANRU,\n\u2022 un appui territorial pour le d\u00e9ploiement de politiques publiques de l'\u00c9tat sur le territoire,\n\u2022 la pr\u00e9vention des risques en mati\u00e8re de sant\u00e9 et s\u00e9curit\u00e9 au travail,\n\u2022 un  r\u00f4le  de  conseil  et  d'animation  en  mati\u00e8re de  management  et  le  d\u00e9veloppement  de  la\ncommunication au sein de la communaut\u00e9 de travail,\n\u2013 le service urbanisme am\u00e9nagement et affaires juridiques (SUA-AJ) charg\u00e9 :\n\u2022 du portage des politiques de planification territoriale de l'urbanisme et de gestion \u00e9conome de\nl'espace,\n\u2022 de l'accompagnement des collectivit\u00e9s dans des op\u00e9rations d'am\u00e9nagement durable,\n\u2022 de l'accompagnement des collectivit\u00e9s en mati\u00e8re de publicit\u00e9 ext\u00e9rieure,\n\u2022 de l'application du droit des sols,\n\u2022 des affaires juridiques de la DDT et du contr\u00f4le de l\u00e9galit\u00e9 de l'urbanisme,\n\u2022 de  l'animation  de  la  commission  d\u00e9partementale  de  pr\u00e9servation  des  espaces  naturels,\nagricoles et forestiers\n\u2013 le service eau et environnement (SEE) charg\u00e9 :\n\u2022 de la gestion quantitative de la ressource en eau,\n\u2022 de la pr\u00e9vention des pollutions des milieux aquatiques,\n\u2022 de la pr\u00e9vention des risques naturels, \n\u2022 de la pr\u00e9servation de la biodiversit\u00e9, de la protection et la gestion de la faune et de la flore\nsauvages, ainsi que de la chasse et de la p\u00eache,\n\u2022 de l'animation de la mission inter-services de l'eau et de la nature,\n\u2013 le service de la connaissance des territoires et de la s\u00e9curit\u00e9 (SCTS) charg\u00e9 :\n\u2022 de la connaissance territoriale et des \u00e9tudes g\u00e9n\u00e9rales dans tous les domaines d'activit\u00e9s de la\nDDT,\n\u2022 de la g\u00e9omatique,\n\u2022 de la d\u00e9clinaison des politiques de transition \u00e9cologique et \u00e9nerg\u00e9tique et de l'animation du\np\u00f4le \u00e9nergies renouvelables,\n\u2022 de l'animation des politiques de mobilit\u00e9 durable et de pr\u00e9vention des nuisances li\u00e9es au bruit\ndes transports,\n\u2022 de la d\u00e9clinaison des politiques de s\u00e9curit\u00e9 routi\u00e8re,\n\u2022 de l'\u00e9ducation routi\u00e8re,\n\u2022 de l'organisation et l'appui \u00e0 la gestion de crise,\n\u2013 le service agriculture et for\u00eat (SAF) charg\u00e9 :\n\u2022 de la gestion des aides agricoles,\n\u2022 de la gestion du foncier agricole et de l'animation de la commission d\u00e9di\u00e9e,\n\u2022 de l'accompagnement des changements des pratiques et du d\u00e9veloppement de l'agro\u00e9cologie,\n\u2022 du soutien aux d\u00e9marches de consolidation des fili\u00e8res agricoles et agroalimentaires,\n\u2022 de la gestion des compensations collectives agricoles,\n\u2022 de l'animation du r\u00e9seau mal \u00eatre agricole,\n\u2022 de la coordination des contr\u00f4les en agriculture et de l'animation de la mission inter-services\nagricole,\n\u2022 de la gestion durable de la for\u00eat sur les d\u00e9partements de la Sarthe, de la Mayenne et du Maine\net Loire et de la protection des for\u00eats contre les incendies,\nDDT de la Sarthe \u2013 19, boulevard Paixhans 72 000 LE MANS \u2013 02 85 32 75 00 \u2013 www.sarthe.gouv.fr 2/3\nDDT - 72-2024-11-26-00004 - 2024 11 26 arr\u00eat\u00e9 portant organisation DDT72 sign\u00e9 5\n\u2013 le service habitat ville construction (SHVC) charg\u00e9 :\n\u2022 de la politique du logement et de la r\u00e9novation \u00e9nerg\u00e9tique de l'habitat,\n\u2022 du financement du logement, de l'habitat et de la r\u00e9novation urbaine (au titre de l'ANAH et de\nl'ANRU),\n\u2022 de l'accessibilit\u00e9 et de l'animation de la sous-commission d\u00e9di\u00e9e,\n\u2022 de la s\u00e9curit\u00e9 et des techniques de construction,\nArticle 2     :  \nLe directeur d\u00e9partemental des territoires de la Sarthe dispose, pour son action, du secr\u00e9tariat g\u00e9n\u00e9ral\ncommun  d\u00e9partemental,  sur  lequel  il  a  autorit\u00e9  fonctionnelle  pour  l'ex\u00e9cution  des  missions  dont\nb\u00e9n\u00e9ficie sa direction.\nArticle 3     :  \nLe pr\u00e9sent arr\u00eat\u00e9 abroge l'arr\u00eat\u00e9 du 26 d\u00e9cembre 2023.\nArticle 4     :  \nLa Secr\u00e9taire g\u00e9n\u00e9rale de la pr\u00e9fecture et le directeur d\u00e9partemental des territoires sont charg\u00e9s,\nchacun en ce qui les concerne, de l'ex\u00e9cution du pr\u00e9sent arr\u00eat\u00e9 qui sera publi\u00e9 au recueil des actes\nadministratifs de la pr\u00e9fecture de la Sarthe.\nLe Pr\u00e9fet,\n   \n   SIGN\u00c9\n       Emmanuel Aubry\nDDT de la Sarthe \u2013 19, boulevard Paixhans 72 000 LE MANS \u2013 02 85 32 75 00 \u2013 www.sarthe.gouv.fr 3/3\nDDT - 72-2024-11-26-00004 - 2024 11 26 arr\u00eat\u00e9 portant organisation DDT72 sign\u00e9 6","date":"2024-12-02","first_seen_on":"2025-08-31T01:58:35+00:00","id":"bfcbca84686fcdb28eab6bc43062a76747ee5d4d717ceb198779770c61d579c1","name":"RAA n\u00b0203 du 2 d\u00e9cembre 2024","pdf_creation_date":"2024-12-02T15:18:36+00:00","pdf_modification_date":"2024-12-02T15:19:25+00:00","timezone":"Europe/Paris","url":"https://www.sarthe.gouv.fr/contenu/telechargement/23012/144645/file/recueil-02-12-2024-recueil-des-actes-administratifs-1.pdf"}
