{"administration":"pref83","administration_name":"Pr\u00e9fecture du Var","content":"VAR\nRECUEIL DES ACTES\nADMINISTRATIFS SP\u00c9CIAL\n(NOMINATIFS)\nN\u00b083-2025-107\nPUBLI\u00c9 LE 27 MARS 2025\nSommaire\nPr\u00e9fecture du VAR / Direction de la citoyennet\u00e9 et de la l\u00e9galit\u00e9\n83-2025-03-26-00001 - ARR\u00caT\u00c9 n\u00b0 DCL/BERG/2025/063 du 26 mars\n2025 portant agr\u00e9ment de la SAS \u00ab\u00a01+1 IMMO\u00a0\u00bb, sise \u00e0 Fr\u00e9jus\n(83600), pour exercer l'activit\u00e9 de domiciliation d'entreprises. (2\npages) Page 3\nPr\u00e9fecture du VAR / Direction des s\u00e9curit\u00e9s\n83-2025-03-27-00004 - AP n\u00b02025-BSP-OP-25 autorisant la captation,\nl'enregistrement et la transmission d'images au moyen de cam\u00e9ras\ninstall\u00e9es sur des a\u00e9ronefs (3 pages) Page 6\n83-2025-03-27-00002 - Arr\u00eat\u00e9 pr\u00e9fectoral 2025-BSP-OP-26 du\n27/03/2025 portant Interdiction de rassemblements festifs \u00e0 caract\u00e8re\nmusical et interdiction de circulation de tout v\u00e9hicule transportant du\nmat\u00e9riel de sons \u00e0 destination d'un rassemblement festif \u00e0 caract\u00e8re\nmusical non autoris\u00e9 dans le d\u00e9partement du Var (3 pages) Page 10\n2\nPr\u00e9fecture du VAR\n83-2025-03-26-00001\nARR\u00caT\u00c9 n\u00b0 DCL/BERG/2025/063 du 26 mars 2025\nportant agr\u00e9ment de la SAS \u00ab\u00a01+1 IMMO\u00a0\u00bb, sise \u00e0\nFr\u00e9jus (83600), pour exercer l'activit\u00e9 de\ndomiciliation d'entreprises.\nPr\u00e9fecture du VAR - 83-2025-03-26-00001 - ARR\u00caT\u00c9 n\u00b0 DCL/BERG/2025/063 du 26 mars 2025 portant agr\u00e9ment de la SAS \u00ab\u00a01+1\nIMMO\u00a0\u00bb, sise \u00e0 Fr\u00e9jus (83600), pour exercer l'activit\u00e9 de domiciliation d'entreprises. 3\n=mPREFETDU VARLibert\u00e9Egalit\u00e9Fraternit\u00e9\nDirection de la citoyennet\u00e9 et de la l\u00e9galit\u00e9\nBureau des \u00e9lections et de la r\u00e9glementation g\u00e9n\u00e9rale\nARR\u00caT\u00c9 n\u00b0 DCL/BERG/2025/063 du 26 mars 2025\nportant agr\u00e9ment de la SAS \u00ab 1+1 IMMO \u00bb,\nsise \u00e0 Fr\u00e9jus (83600), pour exercer l'activit\u00e9 de domiciliation d'entreprises.\nLe Pr\u00e9fet du Var,\nVu  le  code  de  commerce,  notamment  ses  articles  L.  123-11-2  \u00e0  L.  123-11-5,  L.  123-11-7 ,  et \nR. 123-166-1 et suivants ;\nVu le code mon\u00e9taire et financier, notamment ses articles L. 561-37 \u00e0 L. 561-43  et R. 561-39 et \nsuivants ;\nVu  le d\u00e9cret n\u00b0 2009-1535 du 10 d\u00e9cembre 2009 d\u00e9finissant les modalit\u00e9s de contr\u00f4le du  \nrespect  des  obligations  relatives  \u00e0  la  lutte  contre  le  blanchiment  de  capitaux  et  le  \nfinancement  du  terrorisme  par  les  personnes  mentionn\u00e9es  aux  8\u00b0,  9\u00b0  et  15\u00b0  de  l'article  \nL. 561-2 du code mon\u00e9taire et financier et relatif \u00e0 la commission nationale des sanctions ;\nVu le d\u00e9cret du Pr\u00e9sident de la R\u00e9publique du 13 juillet 2023 portant nomination de Monsieur  \nPhilippe MAH\u00c9, pr\u00e9fet du Var ;\nVu l'arr\u00eat\u00e9 pr\u00e9fectoral n\u00b0 2024/56/MCI du 10 d\u00e9cembre 2024 portant d\u00e9l\u00e9gation de signature  \n\u00e0 Monsieur Lucien GIUDICELLI, secr\u00e9taire g\u00e9n\u00e9ral de la pr\u00e9fecture du Var, sous-pr\u00e9fet de  \nl'arrondissement de Toulon ;\nVu l'arr\u00eat\u00e9 pr\u00e9fectoral n\u00b0 2024/48/MCI du 22 octobre 2024 portant d\u00e9l\u00e9gation de signature \u00e0  \nMonsieur Thibaut DARGON, directeur de la citoyennet\u00e9 et de la l\u00e9galit\u00e9 de la pr\u00e9fecture du  \nVar ;\nVu la demande re\u00e7ue \u00e0 la pr\u00e9fecture du Var le 03 mars 2025, et compl\u00e9t\u00e9e le 21 mars 2025 par \nlaquelle la SAS \u00ab 1+1 IMMO \u00bb, repr\u00e9sent\u00e9e par sa pr\u00e9sidente Madame Marie-Emilie LEMAIRE, et \ndont le si\u00e8ge social est situ\u00e9 227 boulevard de la Mer  \u00e0 Fr\u00e9jus  (83600), demande l'agr\u00e9ment  \nafin d'exercer l'activit\u00e9 de domiciliation d'entreprises ;\nConsid\u00e9rant que le dossier de la demande susvis\u00e9e comporte toutes les justifications requises \npar la r\u00e9glementation ;\nSur proposition du secr\u00e9taire g\u00e9n\u00e9ral de la pr\u00e9fecture du Var,\n1/2\nPr\u00e9fecture du VAR - 83-2025-03-26-00001 - ARR\u00caT\u00c9 n\u00b0 DCL/BERG/2025/063 du 26 mars 2025 portant agr\u00e9ment de la SAS \u00ab\u00a01+1\nIMMO\u00a0\u00bb, sise \u00e0 Fr\u00e9jus (83600), pour exercer l'activit\u00e9 de domiciliation d'entreprises. 4\nARR\u00caTE\nArticle 1 : La SAS\u00ab 1+1 IMMO \u00bb, repr\u00e9sent\u00e9e par sa pr\u00e9sidente Madame Marie-Emilie LEMAIRE,  \net dont le si\u00e8ge social est situ\u00e9 227 boulevard de la Mer \u00e0 Fr\u00e9jus (83600) , est agr\u00e9\u00e9e pour  \nexercer l'activit\u00e9 de domiciliation d'entreprises.\nArticle 2 : Cet agr\u00e9ment est accord\u00e9, pour une dur\u00e9e de six ans, et porte le num\u00e9ro \nDE-83-2025-05.\nArticle 3 : Le pr\u00e9sent arr\u00eat\u00e9 prendra effet \u00e0 compter de sa date de signature.\nArticle 4  : Le titulaire de cet agr\u00e9ment devra respecter les obligations relatives \u00e0 la lutte  \ncontre le blanchiment des capitaux et le financement du terrorisme pr\u00e9vues aux parties  \nl\u00e9gislatives et r\u00e9glementaires du code mon\u00e9taire et financier.\nArticle 5  : Tout changement substantiel concernant les donn\u00e9es principales de la soci\u00e9t\u00e9  \nindiqu\u00e9es dans le dossier de demande d'agr\u00e9ment initial devra \u00eatre d\u00e9clar\u00e9, dans un d\u00e9lai de  \ndeux mois, par ladite soci\u00e9t\u00e9 \u00e0 la pr\u00e9fecture du Var.\nArticle 6  : Le secr\u00e9taire g\u00e9n\u00e9ral de la pr\u00e9fecture est charg\u00e9 de l'ex\u00e9cution du pr\u00e9sent arr\u00eat\u00e9  \nqui sera publi\u00e9 au recueil des actes administratifs de la pr\u00e9fecture du Var.\nFait \u00e0 Toulon, le 26 mars 2025\nPour le pr\u00e9fet et par d\u00e9l\u00e9gation,\nle directeur\nSign\u00e9 : Thibaut DARGON\nDans un d\u00e9lai de deux mois \u00e0 compter de la date de notification du pr\u00e9sent arr\u00eat\u00e9, les recours suivants peuvent \u00eatre introduits \nconform\u00e9ment aux dispositions des articles R. 421-1 et suivants du code de justice administrative :\n- un recours gracieux, adress\u00e9 \u00e0 : M. le pr\u00e9fet du Var \u2013 Bd du 112\u00e8me r\u00e9giment d'infanterie- CS 31209 - 83070 TOULON CEDEX\nDans ce cas, le silence de l'administration vaut rejet implicite au terme d'un d\u00e9lai de deux mois.\nApr\u00e8s un recours gracieux ou hi\u00e9rarchique, le d\u00e9lai du recours contentieux ne court qu'\u00e0 compter du rejet explicite ou implicite \nde l'un des recours.\n- un recours contentieux, en saisissant le Tribunal Administratif de Toulon : 5 rue Racine -BP 40510 - 83 041 TOULON CEDEX 9\nLe tribunal administratif peut \u00eatre saisi par l'application informatique \u00ab  T\u00e9l\u00e9recours citoyens \u00bb accessible par le site internet  \n\u00ab www.telerecours.fr \u00bb.\n2/2\nPr\u00e9fecture du VAR - 83-2025-03-26-00001 - ARR\u00caT\u00c9 n\u00b0 DCL/BERG/2025/063 du 26 mars 2025 portant agr\u00e9ment de la SAS \u00ab\u00a01+1\nIMMO\u00a0\u00bb, sise \u00e0 Fr\u00e9jus (83600), pour exercer l'activit\u00e9 de domiciliation d'entreprises. 5\nPr\u00e9fecture du VAR\n83-2025-03-27-00004\nAP n\u00b02025-BSP-OP-25 autorisant la captation,\nl'enregistrement et la transmission d'images au\nmoyen de cam\u00e9ras install\u00e9es sur des a\u00e9ronefs\nPr\u00e9fecture du VAR - 83-2025-03-27-00004 - AP n\u00b02025-BSP-OP-25 autorisant la captation, l'enregistrement et la transmission d'images\nau moyen de cam\u00e9ras install\u00e9es sur des a\u00e9ronefs 6\nCabinet du Pr\u00e9fet\nDirection des s\u00e9curit\u00e9s\nBureau de la s\u00e9curit\u00e9 publique\nArr\u00eat\u00e9 n\u00b0 2025-BSP-OP-25\nautorisant la captation, l'enregistrement et la transmission\nd'images au moyen de cam\u00e9ras install\u00e9es sur des a\u00e9ronefs\nLe pr\u00e9fet du Var,\nVu le code de la s\u00e9curit\u00e9 int\u00e9rieure et notamment ses articles L. 242-1 \u00e0 L. 242-8 et R. 242-8 \u00e0\nR. 242-14 ;\nVu le d\u00e9cret n\u00b0 2004-374 du 29 avril 2004 relatif aux pouvoirs des pr\u00e9fets, \u00e0 l'organisation et \u00e0\nl'action des services de l'\u00c9tat dans les r\u00e9gions et d\u00e9partements ;\nVu le d\u00e9cret du 13 juillet 2023 portant nomination de Monsieur Philippe MAHE, pr\u00e9fet du Var ;\nVu  l'arr\u00eat\u00e9 n\u00b0 2025/08/MCI du 25 mars 2025 portant d\u00e9l \u00e9gation de signature \u00e0 Madame\nJos\u00e9phine GUIGLIANO-BOUTONNET, directrice de cabinet du pr\u00e9fet du Var ;\nVu l'arr\u00eat\u00e9 du ministre de l'Int\u00e9rieur et des outre-m er, en date du 19 avril 2023 relatif au\nnombre maximal de cam\u00e9ras install\u00e9es sur des a\u00e9ronefs pouvant \u00eatre simultan\u00e9ment utilis\u00e9es\ndans chaque d\u00e9partement et collectivit\u00e9 d'outre-mer ;\nVu la demande en date du 20 mars 2025, form\u00e9e par le groupement de gendarmerie du Var,\nvisant \u00e0 obtenir l'autorisation de capter, d'enregistrer et de transmettre des images au moyen\nd'une cam\u00e9ra install\u00e9e sur un a\u00e9ronef, dans le cadre de l'op\u00e9ration de lutte contre les rod\u00e9os\nurbains, aux fins d'assurer le maintien de l'ordre public et de pr\u00e9venir d'\u00e9ventuelles atteintes \u00e0\nla s\u00e9curit\u00e9 des personnes dans des lieux particuli\u00e8 rement expos\u00e9s pr\u00e9vue \u00e0 Puget-sur-Argens\nles vendredis et samedis soir, du 28 mars 2025 au 27 avril 2025, de 22h00 \u00e0 02h00 du matin ; \nConsid\u00e9rant que les dispositions susvis\u00e9es permettent aux forces de s\u00e9curit\u00e9 int\u00e9rieure, dans\nl'exercice de leurs missions de pr\u00e9vention des atteintes \u00e0 l'ordre public et de protection de la\ns\u00e9curit\u00e9 des personnes et des biens, de proc\u00e9der \u00e0 la captation, \u00e0 l'enregistrement et \u00e0 la\ntransmission d'images au moyen d'une cam\u00e9ra install \u00e9e sur un a\u00e9ronef aux fins d'assurer la\ns\u00e9curit\u00e9 des personnes et des biens et pr\u00e9venir les  troubles \u00e0 l'ordre public dans le cadre des\nop\u00e9rations de r\u00e9tablissement de l'ordre public ;  qu e notamment, le 1\u00b0 de l'article L. 242-5\nsusvis\u00e9 pr\u00e9voit que ces dispositifs peuvent \u00eatre mis en \u0153uvre aux fins de pr\u00e9venir les atteintes\n\u00e0 la s\u00e9curit\u00e9 des personnes et des biens dans les l ieux particuli\u00e8rement expos\u00e9s, en raison de\nleurs caract\u00e9ristiques ou des faits qui s'y sont d\u00e9 j\u00e0 d\u00e9roul\u00e9s, \u00e0 des risques d'agression, de vol\nou de trafic d'armes, d'\u00eatres humains ou de stup\u00e9fi ants ; que le 4\u00b0 du m\u00eame article permet\nquant \u00e0 lui la mise en \u0153uvre de ces dispositifs en vue d'assurer la r\u00e9gulation des flux de\ntransport, aux seules fins du maintien de l'ordre et de la s\u00e9curit\u00e9 publics ;\n1/3\nPr\u00e9fecture du VAR - 83-2025-03-27-00004 - AP n\u00b02025-BSP-OP-25 autorisant la captation, l'enregistrement et la transmission d'images\nau moyen de cam\u00e9ras install\u00e9es sur des a\u00e9ronefs 7\nConsid\u00e9rant qu'une recrudescence de rod\u00e9os urbains a \u00e9t\u00e9 const at\u00e9e sur la commune de\nPuget-sur-Argens ; que des risques de troubles \u00e0 l' ordre public peuvent survenir \u00e0 l'occasion\nd'un  rod\u00e9o sur une zone expos\u00e9e \u00e0 la fr\u00e9quentation  du public durant le week-end ; que\ndepuis le d\u00e9but de l'ann\u00e9e, les forces de s\u00e9curit\u00e9 int\u00e9rieure sont intervenus \u00e0 huit reprises\npour des faits de rod\u00e9os motoris\u00e9s ; que les forces  de s\u00e9curit\u00e9 int\u00e9rieure ont constat\u00e9\nplusieurs faits urbains, notamment sur le parking d u centre commercial \u00ab Carrefour \u00bb de\nPuget-sur-Argens ainsi que la voie de  circulation,  regroupant fr\u00e9quemment une trentaine de\nv\u00e9hicules et une centaine de personnes, notamment d es jeunes avec des comportements\ndangereux, vitesses et d\u00e9rapages, pouvant percut\u00e9s les spectateurs ; que l'appui a\u00e9rien\npermet un suivi op\u00e9rationnel des v\u00e9hicules en limitant la prise de risque de la part des auteurs\net des forces de l'ordre ; que l'appui a\u00e9rien perme t \u00e9galement une localisation pr\u00e9cise des\nlieux de stockage des v\u00e9hicules utilis\u00e9es et une id entification des auteurs d'infraction ; qu'au\nregard de la grande mobilit\u00e9 des protagonistes un \u00e9 largissement de la zone de survol est\nn\u00e9cessaire pour assurer le bon d\u00e9roul\u00e9 de l'op\u00e9rati on ; que la captation et transmission\nd'images a\u00e9riennes permettrait d'am\u00e9liorer la coordination des effectifs au sol  ; \nConsid\u00e9rant d'une  part,  que  les  \u00ab rod\u00e9os  urbains \u00bb,  qui  se  car act\u00e9risent  par  des\ncomportements ill\u00e9gaux sur la voie publique r\u00e9alis\u00e9 s par les conducteurs de v\u00e9hicules ou de\ndeux roues, au m\u00e9pris des r\u00e8gles de prudence et du code de la route, compromettant la\ns\u00e9curit\u00e9 des usagers et des riverains, rendent n\u00e9cessaire une r\u00e9gulation des flux de transports\nen vue de pr\u00e9venir des accidents graves dont ils cr\u00e9ent directement les conditions, au sens du\n4\u00b0 du m\u00eame article ; que, d'autre part, compte tenu  des risques extr\u00eames qu'ils engendrent\npour la s\u00e9curit\u00e9 des personnes, des nuisances sonor es consid\u00e9rables qu'ils causent pour le\nvoisinage et du ph\u00e9nom\u00e8ne de privatisation agressiv e de l'espace public qu'ils impliquent, ils\ng\u00e9n\u00e8rent des tensions tr\u00e8s importantes entre riverains et exposent les lieux o\u00f9 ils se d\u00e9roulent\n\u00e0 des risques d'agression au sens des dispositions pr\u00e9cit\u00e9es du 1\u00b0 de l'article L. 242-5 du code\nde la s\u00e9curit\u00e9 int\u00e9rieure ; qu'ainsi, compte tenu d u risque s\u00e9rieux de troubles \u00e0 l'ordre public\nr\u00e9sultant du \u00ab rod\u00e9o urbain \u00bb projet\u00e9, de l'ampleur  de la zone \u00e0 s\u00e9curiser en raison de la\nnature  m\u00eame  de  cette  activit\u00e9,  de  l'incertitude  entourant  les  lieux  envisag\u00e9s  par  les\norganisateurs et de la distance susceptible d'\u00eatre parcourue par les v\u00e9hicules y participant, le\nrecours  \u00e0  des  dispositifs  de  captation  install\u00e9s  sur  des  a\u00e9ronefs  pr\u00e9sente  l'int\u00e9r\u00eat  de\npermettre aux forces de s\u00e9curit\u00e9 de b\u00e9n\u00e9ficier d'un e vision en grand angle pour pouvoir\nidentifier et pr\u00e9venir rapidement le risque d'incident tout en limitant l'engagement des forces\nau sol, permettant de prot\u00e9ger leur int\u00e9grit\u00e9 physi que du risque d'altercation ou de refus\nd'obtemp\u00e9rer ; qu'il n'existe pas de dispositif moi ns intrusif permettant de parvenir aux\nm\u00eames fins ;\nConsid\u00e9rant  que la demande porte sur l'engagement d'une cam\u00e9ra a\u00e9roport\u00e9e pendant la\nseule dur\u00e9e de l'op\u00e9ration de lutte contre les \u00ab ro d\u00e9os urbains \u00bb ; que les lieux surveill\u00e9s sont\nstrictement limit\u00e9s au secteur d\u00e9fini par les forces de s\u00e9curit\u00e9 int\u00e9rieure pour cette op\u00e9ration\nau regard des pr\u00e9c\u00e9dents \u00ab rod\u00e9os \u00bb d\u00e9j\u00e0 constat\u00e9s, o\u00f9 sont susceptibles de se commettre les\natteintes que l'usage des cam\u00e9ras a\u00e9roport\u00e9es vise \u00e0 pr\u00e9venir ; que la dur\u00e9e de l'autorisation\nest  \u00e9galement  strictement  limit\u00e9e  \u00e0  la  dur\u00e9e  de  cet te  op\u00e9ration ;  qu'au  regard  des\ncirconstances sus mentionn\u00e9es, la demande n'appara\u00eet pas disproportionn\u00e9e ;\nConsid\u00e9rant le recours \u00e0 la captation, l'enregistrement et la transmission d'images fera l'objet\nd'une information par plusieurs moyens adapt\u00e9s ; qu'outre la publication du pr\u00e9sent arr\u00eat\u00e9 au\nrecueil des actes administratifs, ce dispositif fer a l'objet d'une information sur les r\u00e9seaux\nsociaux de la gendarmerie nationale et sur le site internet de la pr\u00e9fecture; que ces moyens\nd'information sont adapt\u00e9s ;\nSur proposition de la sous-pr\u00e9f\u00e8te, directrice de cabinet du pr\u00e9fet du Var ;\n2/3\nPr\u00e9fecture du VAR - 83-2025-03-27-00004 - AP n\u00b02025-BSP-OP-25 autorisant la captation, l'enregistrement et la transmission d'images\nau moyen de cam\u00e9ras install\u00e9es sur des a\u00e9ronefs 8\nArr\u00eate\nArticle 1 \u2013  La captation, l'enregistrement et la transmission d 'images par le groupement de\ngendarmerie du Var, est autoris\u00e9e au titre de l'op\u00e9 ration de lutte contre les rod\u00e9os urbains\npr\u00e9vue \u00e0 Puget-sur-Argens ; \nArticle 2\n \u2013 Le nombre maximal de cam\u00e9ras pouvant proc\u00e9der simultan\u00e9ment aux traitements\nmentionn\u00e9s \u00e0 l'article 1er est fix\u00e9 \u00e0 une cam\u00e9ra sur un drone de type DJI MAVIC 3 T.\nArticle 3 \u2013 La pr\u00e9sente autorisation est limit\u00e9e au p\u00e9rim\u00e8tre g\u00e9ographique figurant sur le plan\njoint en annexe.\nArticle  4\n \u2013  La pr\u00e9sente autorisation est d\u00e9livr\u00e9e pour la dur\u00e9e  de l'op\u00e9ration, soit  les\nvendredis et samedis soir du 28 mars 2025 au 27 avril 2025 de 22h00 \u00e0 02h00.\nArticle 5 \u2013 L'information du public est assur\u00e9e comme suit : information sur le site internet de\nla pr\u00e9fecture et sur les r\u00e9seaux sociaux de la gendarmerie nationale.\nArticle 6 \u2013   Le registre mentionn\u00e9 \u00e0 l'article L. 242-4 du code  de la s\u00e9curit\u00e9 int\u00e9rieure est\ntransmis au repr\u00e9sentant de l'\u00c9tat dans le d\u00e9partement \u00e0 l'issue de la manifestation.\nArticle 7 \u2013 Le pr\u00e9sent arr\u00eat\u00e9 est publi\u00e9 au recueil des actes a dministratifs de la pr\u00e9fecture et\npeut faire l'objet d'un recours devant le tribunal administratif de Toulon dans un d\u00e9lai de\ndeux mois \u00e0 compter de sa publication.\nArticle 8\n \u2013  La sous-pr\u00e9f\u00e8te, directrice de cabinet du pr\u00e9fet du  Var et le commandant du\ngroupement de gendarmerie du Var sont charg\u00e9s, chac un en ce qui les concerne, de\nl'ex\u00e9cution du pr\u00e9sent arr\u00eat\u00e9.\nToulon, le 27 mars 2025\n     Pour le Pr\u00e9fet et par d\u00e9l\u00e9gation\n           le directeur des s\u00e9curit\u00e9s\n                         Sign\u00e9\n                Vincent Barastier\n3/3\nPr\u00e9fecture du VAR - 83-2025-03-27-00004 - AP n\u00b02025-BSP-OP-25 autorisant la captation, l'enregistrement et la transmission d'images\nau moyen de cam\u00e9ras install\u00e9es sur des a\u00e9ronefs 9\nPr\u00e9fecture du VAR\n83-2025-03-27-00002\nArr\u00eat\u00e9 pr\u00e9fectoral 2025-BSP-OP-26 du\n27/03/2025 portant Interdiction de\nrassemblements festifs \u00e0 caract\u00e8re musical et\ninterdiction de circulation de tout v\u00e9hicule\ntransportant du mat\u00e9riel de sons \u00e0 destination\nd'un rassemblement festif \u00e0 caract\u00e8re musical\nnon autoris\u00e9 dans le d\u00e9partement du Var\nPr\u00e9fecture du VAR - 83-2025-03-27-00002 - Arr\u00eat\u00e9 pr\u00e9fectoral 2025-BSP-OP-26 du 27/03/2025 portant Interdiction de rassemblements\nfestifs \u00e0 caract\u00e8re musical et interdiction de circulation de tout v\u00e9hicule transportant du mat\u00e9riel de sons \u00e0 destination d'un\nrassemblement festif \u00e0 caract\u00e8re musical non autoris\u00e9 dans le d\u00e9partement du Var\n10\nPr\u00e9fecture\nCabinet du Pr\u00e9fet\nDirection des S\u00e9curit\u00e9s\nArr\u00eat\u00e9 pr\u00e9fectoral 2025-BSP-OP-26\nportant interdiction de rassemblements festifs \u00e0 caract\u00e8re musical et interdiction\nde circulation de tout v\u00e9hicule transportant du mat\u00e9riel de sons \u00e0 destination d'un\nrassemblement festif \u00e0 caract\u00e8re musical non autoris\u00e9 dans le d\u00e9partement du Var\nLe pr\u00e9fet du Var,\nVu le code de la s\u00e9curit\u00e9 int\u00e9rieure, notamment ses articles L. 211-5 \u00e0 L. 211-8, L. 211-15, R.\n211-2 \u00e0 R. 211-9 et R.211-27 \u00e0 R. 211-30 ;\nVu le Code G\u00e9n\u00e9ral des Collectivit\u00e9s Territoriales, notamment l'article L. 2215-1  ;\nVu le Code de la Sant\u00e9 Publique, notamment ses articles L.3131-12 \u00e0 L.3131-17 et L. 3136-1 ;\nVu le Code P\u00e9nal ;\nVu le d\u00e9cret du 3 mai 2002 modifi\u00e9 relatif \u00e0 certains  rassemblements festifs \u00e0 caract\u00e8re\nmusical ;\nVu le d\u00e9cret n\u00b02004-374 du 29 avril 2004 modifi\u00e9 rela tif aux pouvoirs des pr\u00e9fets, \u00e0\nl'organisation et \u00e0 l'action des services de l'\u00c9tat  dans les r\u00e9gions et d\u00e9partements,\nnotamment son article 1er ;\nVu le d\u00e9cret du Pr\u00e9sident de la R\u00e9publique du 13 juil let 2023 portant nomination de\nM. Philippe MAH\u00c9, pr\u00e9fet du Var ;\nVu l'arr\u00eat\u00e9 n\u00b02025/08/MCI du 25 mars 2025 portant d\u00e9l \u00e9gation de signature \u00e0 Madame\nJos\u00e9phine GUIGLIANO-BOUTONNET, directrice de cabinet du pr\u00e9fet du Var ;\nVu la posture Vigipirate maintenue \u00e0 un niveau \u00e9lev\u00e9,  \u00ab S\u00e9curit\u00e9 renforc\u00e9e \u2013 Urgence At-\ntentat \u00bb ;\nConsid\u00e9rant que selon les \u00e9l\u00e9ments d'information recueillis, d es rassemblements festifs \u00e0\ncaract\u00e8re musical de type rave-party sont susceptibles d'\u00eatre organis\u00e9s dans le Var durant\nle week-end du 28 au 31 mars 2025 inclus et que ceu x-ci pourraient r\u00e9unir plusieurs cen-\ntaines de personnes \u00e0 chaque fois ;\n1/3\nPr\u00e9fecture du VAR - 83-2025-03-27-00002 - Arr\u00eat\u00e9 pr\u00e9fectoral 2025-BSP-OP-26 du 27/03/2025 portant Interdiction de rassemblements\nfestifs \u00e0 caract\u00e8re musical et interdiction de circulation de tout v\u00e9hicule transportant du mat\u00e9riel de sons \u00e0 destination d'un\nrassemblement festif \u00e0 caract\u00e8re musical non autoris\u00e9 dans le d\u00e9partement du Var\n11\nConsid\u00e9rant qu'en application des dispositions de l'article L. 211-5 du Code de la s\u00e9curit\u00e9\nint\u00e9rieure, un rassemblement festif \u00e0 caract\u00e8re mus ical est soumis \u00e0 l'obligation de\nd\u00e9claration pr\u00e9alable aupr\u00e8s du pr\u00e9fet du d\u00e9partement ;\nConsid\u00e9rant qu'aucune d\u00e9claration pr\u00e9alable n'a \u00e9t\u00e9 d\u00e9pos\u00e9e au pr\u00e8s du pr\u00e9fet du Var\npour toute la dur\u00e9e du mois de mars, pr\u00e9cisant nota mment les mesures envisag\u00e9es par\nl'organisateur de l'\u00e9v\u00e8nement \u00e9voqu\u00e9 au premier consid\u00e9rant pour garantir la s\u00e9curit\u00e9, la\nsalubrit\u00e9, l'hygi\u00e8ne et la tranquillit\u00e9 publiques, alors m\u00eame que ce dernier en a l'obligation\nau plus tard un mois avant la date pr\u00e9vue de la manifestation ;\nConsid\u00e9rant que le m\u00eame type de rassemblement musical ill\u00e9gal a eu lieu durant la nuit de\nla Saint-Sylvestre 2023 dans les massifs forestiers  de la commune du Thoronet et qu'une\nconsommation excessive d'alcool et de produits stup\u00e9fiants a conduit au coma \u00e9thylique\nd'une participante et \u00e0 des situations de d\u00e9tresse pour d'autres individus participant \u00e0\nl'\u00e9v\u00e8nement ;  que les services de gendarmerie ainsi  que les secours ont rencontr\u00e9\nbeaucoup de difficult\u00e9s pour acc\u00e9der au lieu de ce rassemblement musical ill\u00e9gal les 30 et\n31 d\u00e9cembre 2023 afin de porter assistance aux part icipants ; que l'organisateur de ce\nrassemblement ill\u00e9gal est \u00e0 l'origine de 13 \u00ab Rave party \u00bb ill\u00e9gales, non d\u00e9clar\u00e9es dans le Var\nau cours de l'ann\u00e9e 2023 ; qu'il est d\u00e9sormais indi spensable de faire cesser les troubles\ngraves \u00e0 l'ordre public li\u00e9s \u00e0 l'organisation de tels \u00e9v\u00e8nements ;\nConsid\u00e9rant qu'une trentaine de rassemblements musicaux ill\u00e9gaux ont \u00e9t\u00e9 organis\u00e9s dans\nle Var en 2023, et plus d'une vingtaine durant l'an n\u00e9e 2024 dont cinq durant les deux\nderniers mois de l'ann\u00e9e ; que chacun de ces rassemblements entra\u00eene la verbalisation de\nnombreux participants ;\nConsid\u00e9rant que persistent des tensions au plan international en particulier dans le cadre\ndu conflit isra\u00e9lo-palestinien ; que le niveau tr\u00e8s \u00e9lev\u00e9 de la menace terroriste continue de\npeser sur la France ; que le plan Vigipirate est maintenu depuis le 15 janvier 2025 au niveau\n\u00ab s\u00e9curit\u00e9 renforc\u00e9e \u2013 urgence attentat \u00bb ; que par cons\u00e9quent, les forces de s\u00e9curit\u00e9 sont\nfortement mobilis\u00e9es ;\nConsid\u00e9rant que le Var est un d\u00e9partement tr\u00e8s touristique qui  attire de nombreux\nparticipants; que cette situation entra\u00eene une mobi lisation exceptionnelle des forces de\ns\u00e9curit\u00e9 int\u00e9rieure pr\u00e9sentes pour assurer la s\u00e9cur it\u00e9 des personnes et des biens dans\nl'ensemble du d\u00e9partement ; \nConsid\u00e9rant que de mani\u00e8re g\u00e9n\u00e9rale, le risque incendie est d\u00e9 multipli\u00e9 dans les massifs\no\u00f9 sont organis\u00e9es des \u00ab Rave party \u00bb qui rassemble nt syst\u00e9matiquement plusieurs\ncentaines de personnes ; que cette situation oblige \u00e0 interdire ce type de rassemblements\ndans l'ensemble du d\u00e9partement du Var qui comptabil ise plusieurs milliers d'hectares de\nmassifs forestiers ;\nConsid\u00e9rant que ces rassemblements sont \u00e9galement \u00e0 l'origine d'atteintes \u00e0 la tranquillit\u00e9\net \u00e0 la salubrit\u00e9 publiques d\u00e8s lors que le voisinage est victime de la diffusion de musique\namplifi\u00e9e  \u00e0  haut  volume  et  qu'une  quantit\u00e9  importan te  de  d\u00e9chets  sont\nsyst\u00e9matiquement laiss\u00e9s au sol \u00e0 l'issue ;\nConsid\u00e9rant que l'ensemble de ces troubles sont de nature \u00e0 pe rturber gravement la\ns\u00e9curit\u00e9, la tranquillit\u00e9 et la sant\u00e9 publiques ;\n2/3\nPr\u00e9fecture du VAR - 83-2025-03-27-00002 - Arr\u00eat\u00e9 pr\u00e9fectoral 2025-BSP-OP-26 du 27/03/2025 portant Interdiction de rassemblements\nfestifs \u00e0 caract\u00e8re musical et interdiction de circulation de tout v\u00e9hicule transportant du mat\u00e9riel de sons \u00e0 destination d'un\nrassemblement festif \u00e0 caract\u00e8re musical non autoris\u00e9 dans le d\u00e9partement du Var\n12\nConsid\u00e9rant l'urgence \u00e0 pr\u00e9venir les risques d'atteinte grave \u00e0 l'ordre public et les pouvoirs\nde police administrative g\u00e9n\u00e9rale que le pr\u00e9fet tie nt des dispositions de l'article L.2215-1\ndu Code g\u00e9n\u00e9ral des collectivit\u00e9s territoriales ;\nSur proposition de la sous-pr\u00e9f\u00e8te, directrice de cabinet du pr\u00e9fet du Var ;\nARR\u00caTE  \n   :   \nArticle 1     :    La tenue des rassemblements festifs \u00e0 caract\u00e8re musical r\u00e9pondant \u00e0 l'ensemble\ndes caract\u00e9ristiques \u00e9nonc\u00e9es \u00e0 l'article R. 211-2 du Code de la s\u00e9curit\u00e9 int\u00e9rieure est\ninterdite sur l'ensemble du territoire du d\u00e9partement du Var du vendredi 28 mars 2025 \u00e0\n19h00 jusqu'au lundi 31 mars 2025 \u00e0 09h00.\nArticle 2     :    Le transport du mat\u00e9riel de sonorisation ou d'ampl ification de type \u00ab sound\nsystem \u00bb susceptible d'\u00eatre utilis\u00e9 pour les rassemblements  mentionn\u00e9s \u00e0 l'article 1 er du\npr\u00e9sent arr\u00eat\u00e9 est interdit sur l'ensemble des r\u00e9se aux routiers (r\u00e9seaux national et\nsecondaire) varois ainsi que dans les massifs forestiers du d\u00e9partement du Var du vendredi\n28 mars 2025 \u00e0 19h00 jusqu'au lundi 31 mars 2025 \u00e0 09h00.\nArticle 3   :   Toute infraction au pr\u00e9sent arr\u00eat\u00e9 est passible des sanctions pr\u00e9vues par l'article\nR.211-27 du Code de la s\u00e9curit\u00e9 int\u00e9rieure et peut donner lieur \u00e0 la saisie du mat\u00e9riel en\nvue de sa confiscation par le tribunal.\nArticle 4     :     Le pr\u00e9sent arr\u00eat\u00e9 sera publi\u00e9 au recueil des actes administratifs de la pr\u00e9fecture\ndu Var. Il peut faire l'objet, dans un d\u00e9lai de deux mois \u00e0 compter de sa publication :\n\u2013 d'un recours administratif (recours gracieux aupr\u00e8s  du Pr\u00e9fet du Var ou d'un recours\nhi\u00e9rarchique aupr\u00e8s du Minist\u00e8re de l'Int\u00e9rieur)\n\u2013 d'un recours contentieux devant le Tribunal Adminis tratif de Toulon 5 rue Racine \u2013 CS\n40510 \u2013 83 041 TOULON cedex 9\nLe Tribunal Administratif peut \u00eatre saisi par l'app lication informatique \u00ab  T\u00e9l\u00e9secours\ncitoyens \u00bb accessible par le site internet www.telerecours.fr\nArticle 5  :   La sous-pr\u00e9f\u00e8te, directrice de cabinet, le colonel , commandant le groupement\nde gendarmerie d\u00e9partementale du Var, le directeur interd\u00e9partemental de la police\nnational, et les maires des communes du d\u00e9partement , sont charg\u00e9s, chacun en ce qui le\nconcerne, de l'ex\u00e9cution du pr\u00e9sent arr\u00eat\u00e9 qui sera  transmis pour information aux\nprocureurs de la R\u00e9publique pr\u00e8s les tribunaux de judiciaires de Toulon et de Draguignan.\n  Fait \u00e0 Toulon, le 27 mars 2025\nPour le pr\u00e9fet et par d\u00e9l\u00e9gation,\n     Le directeur des s\u00e9curit\u00e9s\n        Sign\u00e9\n          Vincent BARASTIER\n        \n3/3\nPr\u00e9fecture du VAR - 83-2025-03-27-00002 - Arr\u00eat\u00e9 pr\u00e9fectoral 2025-BSP-OP-26 du 27/03/2025 portant Interdiction de rassemblements\nfestifs \u00e0 caract\u00e8re musical et interdiction de circulation de tout v\u00e9hicule transportant du mat\u00e9riel de sons \u00e0 destination d'un\nrassemblement festif \u00e0 caract\u00e8re musical non autoris\u00e9 dans le d\u00e9partement du Var\n13","date":"2025-03-27","first_seen_on":"2025-03-27T17:33:53+00:00","id":"bff9585206ce3c391eab4b39c293f7446f214c1b48850bf61db3625dfafee3df","name":"RAA N\u00b0107 du 27 mars 2025","pdf_creation_date":"2025-03-27T16:51:32+00:00","pdf_modification_date":null,"timezone":"CET","url":"https://www.var.gouv.fr/contenu/telechargement/40153/263233/file/RAA%20N%C2%B0107%20du%2027%20mars%202025%20NOMINATIF.pdf"}
