{"administration":"pref83","administration_name":"Pr\u00e9fecture du Var","content":"VAR\nRECUEIL DES ACTES\nADMINISTRATIFS SP\u00c9CIAL\n(NOMINATIFS)\nN\u00b083-2025-079\nPUBLI\u00c9 LE 14 MARS 2025\nSommaire\nDirection des services d\u00e9partementaux de l'\u00e9ducation nationale du Var /\nDirection de la DSDEN du Var\n83-2025-03-12-00003 - ARRETE N 2007-43 (3 pages) Page 3\nPr\u00e9fecture du VAR / Direction de la citoyennet\u00e9 et de la l\u00e9galit\u00e9\n83-2025-03-12-00004 - ARR\u00caT\u00c9 PR\u00c9FECTORAL n\u00b0\nDCL/BERG/2025/0054 du 12 mars 2025 portant habilitation dans le\ndomaine fun\u00e9raire de l'\u00e9tablissement\n\u00ab\u00a0ROC'ECLERC\u00a0\u00bb\n65 Boulevard Sainte-Anne - TOULON\n(83000)\nHabilitation N\u00b0 24-83-0293 (2 pages) Page 7\nPr\u00e9fecture du VAR / Direction des s\u00e9curit\u00e9s\n83-2025-03-03-00020 - ARR\u00caT\u00c9 PR\u00c9FECTORAL\nN\u00b0 2025-BSP-OP-20\ninstituant le Conseil d'\u00c9valuation\ndu centre P\u00e9nitentiaire de\nToulon-La Farl\u00e8de (2 pages) Page 10\n2\nDirection des services d\u00e9partementaux de\nl'\u00e9ducation nationale du Var\n83-2025-03-12-00003\nARRETE N 2007-43\nDirection des services d\u00e9partementaux de l'\u00e9ducation nationale du Var - 83-2025-03-12-00003 - ARRETE N 2007-43 3\nACADEMIEDE NICELibert\u00e9\u00c9galit\u00e9Fraternit\u00e9\n 1 \n \n \n \n \n                                       \n \n \n \n \n   \n \n \n                           \n                                                                                         Arr\u00eat\u00e9  \n portant d\u00e9l\u00e9gation de signature au   \nsein de la direction des services d\u00e9partementaux \nde l'\u00e9ducation nationale du Var \n \n \n \nLe Directeur acad\u00e9mique des services de l'\u00e9ducation nationale,  \n  Directeur des services d\u00e9partementaux de l'\u00e9ducation nationale du Var \n \nVu le code de l'\u00e9ducation, notamment son article D. 222-20 ; \nVu le code g\u00e9n\u00e9ral de la fonction publique ;  \nVu le d\u00e9cret n\u00b0 2012-16 du 5 janvier 2012 relatif \u00e0 l'organisation acad\u00e9mique ; \nVu l'arr\u00eat\u00e9 du 28 ao\u00fbt 1990 modifi\u00e9 portant d\u00e9l\u00e9gation permanente de pouvoirs aux inspecteurs \nd'acad\u00e9mie, directeurs des services d\u00e9partementaux de l'\u00e9ducation nationale agissant sur d\u00e9l\u00e9gation \ndu recteur d'acad\u00e9mie et au vice -recteur de Mayotte en mati\u00e8re de gestion des professeurs des \n\u00e9coles ; \nVu l'arr\u00eat\u00e9 du 23 septembre 1992 portant d\u00e9l\u00e9gation permanente de pouvoirs au recteur \nd'acad\u00e9mie pour pr ononcer les d\u00e9cisions relatives \u00e0 la gestion des \u00e9l\u00e8ves professeurs des \u00e9coles et \ndes professeurs des \u00e9coles stagiaires ; \nVu l'arr\u00eat\u00e9 du 11 septembre 2003 portant d\u00e9l\u00e9gation de pouvoirs aux recteurs d'acad\u00e9mie et aux \ninspecteurs d'acad\u00e9mie, directeurs des services d \u00e9partementaux de l'\u00e9ducation nationale, en \nmati\u00e8re de recrutement et de gestion de certains agents non titulaires des services d\u00e9concentr\u00e9s et \ndes \u00e9tablissements publics relevant du minist\u00e8re charg\u00e9 de l'\u00e9ducation nationale  ; \nVu l'arr\u00eat\u00e9 du 5 oct obre 2005 portant d\u00e9l\u00e9gation de pouvoirs aux recteurs en mati\u00e8re de \nrecrutement et de gestion de certains personnels stagiaires et titulaires des services d\u00e9concentr\u00e9s \nrelevant du ministre charg\u00e9 de l'\u00e9ducation nationale ; \nVu le d\u00e9cret du Pr\u00e9sident de la R \u00e9publique en date du 10 octobre 2022 publi\u00e9 au Journal offici el de \nla R\u00e9publique fran\u00e7aise le 1 2 octobre 2022 nommant M. Mathieu SIEYE  directeur acad\u00e9mique des \nservices de l'\u00e9ducation nationale du Var ; \nVu le d\u00e9cret du Pr\u00e9sident de la R\u00e9publique en date du  22 mars 2023 publi\u00e9 au Journal officiel de la \nR\u00e9publique fran\u00e7aise le 23 mars 2023 nommant Mme Anne CHIARDOLA directrice acad\u00e9mique \nadjointe des services de l'\u00e9ducation nationale du Var ; \n \n \nDirection des services d\u00e9partementaux de l'\u00e9ducation nationale du Var - 83-2025-03-12-00003 - ARRETE N 2007-43 4\n 2 \n \n \n \nVu l'arr\u00eat\u00e9 minist\u00e9riel en date du  1er septembre 2022 portant nomination et d\u00e9tachement de M me \nKheira BEKHIRA , inspect rice de l'\u00e9ducation nationale, dans l'emploi d'adjoint e au directeur \nacad\u00e9mique des services de l'\u00e9ducation nationale, dir ecteur des services d\u00e9partementaux de \nl'\u00e9ducation nationale du Var, en charge du premier degr\u00e9 ; \nVu l'arr\u00eat\u00e9 minist\u00e9riel en date du 21 f\u00e9vrier 2025  portant nomination de Mme Myriam PERRIER , \nattach\u00e9e d 'administration hors classe, dans l'emploi de secr\u00e9taire g\u00e9n\u00e9ral e de la direction des \nservices d\u00e9partementaux de l'\u00e9ducation nationale du Var ; \n \nA R R \u00ca T E  \n \nARTICLE 1er : D\u00e9l\u00e9gation de signature est donn\u00e9e \u00e0 M me Anne CHIARDOLA, directrice acad\u00e9mique \nadjointe des services de l'\u00e9ducation nationale  du Var, \u00e0  l'effet de signer, dans le cadre de ses \nattributions et comp\u00e9tences, les d\u00e9cisions prises dans les domaines suivants :   \n1.1 Tout acte de gestion administrative et financi\u00e8re relatif au corps des professeurs des \u00e9coles \npr\u00e9vu \u00e0 l'arr\u00eat\u00e9 du 28 ao\u00fbt 1990 modifi\u00e9 ; \n1.2 Tout acte de gestion administrative et financi\u00e8re relatif au x ma\u00eetres du premier degr \u00e9 des \n\u00e9tablissements d'enseignement priv\u00e9 sous contrat ; \n1.3 Tout acte de gestion administrative et financi\u00e8re relatif aux enseignants stagiaires du premier \ndegr\u00e9, \u00e0 l'exception des d\u00e9cisions de renouvellement de stage et des d\u00e9cisions de licenciement  ; \n1.4 Tout acte de gestion administrative et financi\u00e8re relatif \u00e0 la gestion des instituteurs pr\u00e9vu \u00e0 \nl'arr\u00eat\u00e9 du 12 avril 1988 modifi\u00e9 ;  \n1.5 Tout acte de gestion administrative conce rnant les personnels du premier degr\u00e9, professeurs \ndes \u00e9coles et instituteurs, travaillant dans un \u00e9tablissement d'enseignement du second degr\u00e9 (SEGPA \net ULIS) ; \n1.6 Tout acte de gestion administrative et financi\u00e8re concernant les personnels non titulaires \nrecrut\u00e9s en tant que professeurs des \u00e9coles par voie contractuelle ; \n1.7 Tout acte relatif \u00e0 la  gestion et au recrutement des assistants et intervenants pour \nl'enseignement des langues \u00e0 l'\u00e9cole primaire ; \n1.8 Tout acte relatif \u00e0 la gestion et au recrutement des assi stants d'\u00e9ducation et des \naccompagnants des \u00e9l\u00e8ves en situation de handicap scolaris\u00e9s d ans les \u00e9tablissements publics et \npriv\u00e9s du d\u00e9partement du Var ; \n1.9  Les d\u00e9cisions concernant la gestion des actes relatifs \u00e0 la vie scolaire (notamment les \nd\u00e9cisions i ndividuelles relatives aux demandes d'octroi de bourses nationales d'\u00e9tudes du second \ndegr\u00e9 de lyc\u00e9e) ; \n1.10 Les d\u00e9cisions concernant la gestion des actes relatifs \u00e0 l'organisation et au fonctionnement \ndes \u00e9tablissements scolaires publics et priv\u00e9s du d\u00e9partement du Var ; \n1.11.   Les d\u00e9cisions concernant l'ouverture des droits \u00e0 remboursement de s frais occasionn\u00e9s par les \nd\u00e9placements dans le cadre de la formation des personnels. \nDirection des services d\u00e9partementaux de l'\u00e9ducation nationale du Var - 83-2025-03-12-00003 - ARRETE N 2007-43 5\n 3 \n \n \n \nARTICLE 2  : En cas d'absence ou d'emp\u00eachement de M me Anne CHIARDOLA , la d\u00e9l\u00e9gation de \nsignature sera exerc\u00e9e par M me Myriam PERRIER, secr\u00e9taire g\u00e9n\u00e9ral e de l a directio n des services \nd\u00e9partementaux de l'\u00e9ducation nationale du Var. \n \nARTICLE 3  : En cas d'absence ou d'emp\u00eachement de Mme Anne CHIARDOLA  et de Mme Myriam \nPERRIER, la d\u00e9l\u00e9gation de signature sera exerc\u00e9e, uniquement pour les domaines correspondant aux \npoints 1.1  \u00e0 1.7  de l 'article 1 er du pr\u00e9sent arr\u00eat\u00e9 , par M me Kheira BEKHIRA , adjointe au directeur \nacad\u00e9mique des services de l'\u00e9ducation nationale, directeur des services d\u00e9partementaux de \nl'\u00e9ducation nationale du Var, en charge du premier degr\u00e9.   \n \nARTICLE 4 : Tout arr\u00eat\u00e9 et dispositions ant\u00e9rieurs sont abrog\u00e9s. \n \nARTICLE 5 : La secr\u00e9taire g\u00e9n\u00e9ral e de la direction des services d\u00e9p artementaux de l'\u00e9ducation \nnationale du Var  est charg\u00e9e de l'ex\u00e9cution du pr\u00e9sent arr\u00eat\u00e9 , qui sera publi\u00e9 au recueil des actes \nadministratifs de la pr\u00e9fecture du d\u00e9partement du Var. \n \n         Fait \u00e0 Toulon, le 12 mars 2025 \nL'IA-DASEN \nSign\u00e9  \nMathieu SIEYE \n \nDirection des services d\u00e9partementaux de l'\u00e9ducation nationale du Var - 83-2025-03-12-00003 - ARRETE N 2007-43 6\nPr\u00e9fecture du VAR\n83-2025-03-12-00004\nARR\u00caT\u00c9 PR\u00c9FECTORAL n\u00b0 DCL/BERG/2025/0054\ndu 12 mars 2025 portant habilitation dans le\ndomaine fun\u00e9raire de l'\u00e9tablissement\n\u00ab\u00a0ROC'ECLERC\u00a0\u00bb\n65 Boulevard Sainte-Anne - TOULON (83000)\nHabilitation N\u00b0 24-83-0293\nPr\u00e9fecture du VAR - 83-2025-03-12-00004 - ARR\u00caT\u00c9 PR\u00c9FECTORAL n\u00b0 DCL/BERG/2025/0054 du 12 mars 2025 portant habilitation dans\nle domaine fun\u00e9raire de l'\u00e9tablissement \u00ab\u00a0ROC'ECLERC\u00a0\u00bb\n65 Boulevard Sainte-Anne - TOULON (83000)\nHabilitation N\u00b0 24-83-0293\n7\n=mPREFETDU VARLibert\u00e9Egalit\u00e9Fraternit\u00e9\nDirection de la citoyennet\u00e9 et de la l\u00e9galit\u00e9\nBureau des \u00e9lections et de la r\u00e9glementation g\u00e9n\u00e9rale\nARR\u00caT\u00c9 PR\u00c9FECTORAL n\u00b0 DCL/BERG/2025/0054 du 12 mars 2025\nportant habilitation dans le domaine fun\u00e9raire\nde l'\u00e9tablissement \u00ab ROC'ECLERC \u00bb\n65 Boulevard Sainte-Anne \u2013 TOULON (83000)\nHabilitation N\u00b0 24-83-0293\nLe Pr\u00e9fet du Var,\nVu le code g\u00e9n\u00e9ral des collectivit\u00e9s territoriales ;\nVu la loi n\u00b0 2008-1350 du 19 d\u00e9cembre 2008 relative \u00e0 la l\u00e9gislation fun\u00e9raire ;\nVu le d\u00e9cret du Pr\u00e9sident de la R\u00e9publique du 13 juillet 2023, portant nomination de Monsieur \nPhilippe MAHE, pr\u00e9fet du Var ;\nVu l'arr\u00eat\u00e9 pr\u00e9fectoral n\u00b0 2024/56/MCI du 10 d\u00e9cembre 2024 portant d\u00e9l\u00e9gation de signature  \n\u00e0 Monsieur Lucien GIUDICELLI, secr\u00e9taire g\u00e9n\u00e9ral de la pr\u00e9fecture du Var, sous-pr\u00e9fet de  \nl'arrondissement de Toulon ;\nVu l'arr\u00eat\u00e9 pr\u00e9fectoral n\u00b0 2024/48/MCI du 22 octobre 2024 portant d\u00e9l\u00e9gation de signature \u00e0  \nM. Thibaut DARGON, directeur de la citoyennet\u00e9 et de la l\u00e9galit\u00e9 de la pr\u00e9fecture du Var ;\nVu  la  demande  formul\u00e9e  par  Monsieur  Gr\u00e9gory  LECOUTEUX,  repr\u00e9sentant  l\u00e9gal  de \nl'\u00e9tablissement de pompes fun\u00e8bres \u00ab ROC'ECLERC \u00bb situ\u00e9 65 Boulevard Sainte-Anne \u00e0 Toulon \n(83000) ;\nConsid\u00e9rant la compl\u00e9tude du dossier ;\nSur proposition du secr\u00e9taire g\u00e9n\u00e9ral de la pr\u00e9fecture ;\nARR\u00caTE\nArticle  1  :  L'\u00e9tablissement  de  pompes  fun\u00e8bres  exploit\u00e9  sous  le  nom  commercial  \n\u00ab ROC'ECLERC SAINTE-ANNE \u00bb et sous l'enseigne  \u00ab ROC'ECLERC \u00bb sis 65 Boulevard Sainte-\nAnne \u00e0 Toulon (83000) , et dont le repr\u00e9sentant l\u00e9gal est Monsieur Gr\u00e9gory LECOUTEUX, est \nhabilit\u00e9 pour exercer les activit\u00e9s suivantes :\n1 - Transport de corps avant et apr\u00e8s mise en bi\u00e8re,\n2 - Organisation des obs\u00e8ques,\n3 - Soins de conservation, en sous-traitance avec :\n- la  SARL  \u00ab THANATOPRAXIE  SUD \u00bb  situ\u00e9e  ZI  LIZAC,  Camps  Grand  \u00e0  LIZAC  (82200), \nhabilit\u00e9e sous le num\u00e9ro 22-82-124,\n- la soci\u00e9t\u00e9 \u00ab PREST'HYG FUNERAIRE \u00bb sise 40, Impasse du Terril \u00e0 TRETS (13530), habilit\u00e9e \nsous le num\u00e9ro 20-13-0144,\n1/2\nPr\u00e9fecture du VAR - 83-2025-03-12-00004 - ARR\u00caT\u00c9 PR\u00c9FECTORAL n\u00b0 DCL/BERG/2025/0054 du 12 mars 2025 portant habilitation dans\nle domaine fun\u00e9raire de l'\u00e9tablissement \u00ab\u00a0ROC'ECLERC\u00a0\u00bb\n65 Boulevard Sainte-Anne - TOULON (83000)\nHabilitation N\u00b0 24-83-0293\n8\n-  l'EURL  \u00ab OLEA  SERVICES  FUN\u00c9RAIRES \u00bb  sise  51,  Avenue  des  anciens  combattants \nd'Indochine \u00e0 La Seyne-sur-Mer (83500),\n4 - Fourniture des housses, cercueils et accessoires int\u00e9rieur et ext\u00e9rieur ainsi que des urnes\ncin\u00e9raires,\n7 - Fourniture des corbillards et voitures de deuil,\n8 - Fourniture  de  personnels  et  des  objets  et  prestations  n\u00e9cessaires  aux  obs\u00e8ques,  \ninhumations, exhumations et cr\u00e9mations.\nArticle 2     : L'habilitation porte le num\u00e9ro 24-83-0293.\nArticle 3     : La pr\u00e9sente habilitation prendra effet \u00e0 compter de sa date de signature, pour une  \ndur\u00e9e de cinq ans.\nPour  solliciter  le  renouvellement  de  la  pr\u00e9sente  habilitation,  le  b\u00e9n\u00e9ficiaire  devra  faire \nparvenir sa demande en pr\u00e9fecture au plus tard deux mois avant sa date de fin de validit\u00e9.\nArticle 4     : Conform\u00e9ment aux articles L.2223-25 et R.2223-64, D.2223-87 du code g\u00e9n\u00e9ral des  \ncollectivit\u00e9s  territoriales,  et  \u00e0  d\u00e9faut  de  la  production,  dans  les  meilleurs  d\u00e9lais,  des \njustificatifs de conformit\u00e9 des \u00e9quipements, la pr\u00e9sente habilitation pourra \u00eatre suspendue  \npour une dur\u00e9e maximale d'un an ou retir\u00e9e, apr\u00e8s mise en demeure, pour les motifs suivants :\n- non-respect des conditions de sa d\u00e9livrance telles qu'elles sont d\u00e9finies par les dispositions  \ndu code g\u00e9n\u00e9ral des collectivit\u00e9s territoriales ;\n- non exercice ou cessation d'exercice des activit\u00e9s au titre desquelles elle a \u00e9t\u00e9 d\u00e9livr\u00e9e ;\n- atteinte \u00e0 l'ordre public ou danger pour la salubrit\u00e9 publique.\nDans  les  cas  o\u00f9  le  b\u00e9n\u00e9ficiaire  est  un  d\u00e9l\u00e9gataire,  le  retrait  d'habilitation  entra\u00eene  la \nd\u00e9ch\u00e9ance des d\u00e9l\u00e9gations.\nArticle 5     : Le secr\u00e9taire g\u00e9n\u00e9ral de la pr\u00e9fecture du Var est charg\u00e9 de l'ex\u00e9cution du pr\u00e9sent  \narr\u00eat\u00e9 qui sera publi\u00e9 au recueil des actes administratifs de la pr\u00e9fecture du Var et dont une  \ncopie sera adress\u00e9e au maire de la commune de Toulon pour information.\nToulon, le 12 mars 2025\nPour le pr\u00e9fet et par d\u00e9l\u00e9gation,\nle directeur de la citoyennet\u00e9\net de la l\u00e9galit\u00e9,\nSign\u00e9\nThibaut DARGON\nDans un d\u00e9lai de deux mois \u00e0 compter de la date de la notification ou de la publication du pr\u00e9sent arr\u00eat\u00e9 au recueil des actes administratifs de la \npr\u00e9fecture, les recours suivants peuvent \u00eatre introduits conform\u00e9ment aux dispositions des articles R. 421-1 et suivants du code de justice \nadministrative :\n- un recours gracieux, adress\u00e9 \u00e0 :\nM. le Pr\u00e9fet du Var - Boulevard du 112\u00e8me r\u00e9giment d'infanterie - CS 31209 - 83070 TOULON CEDEX\n- un recours hi\u00e9rarchique, adress\u00e9 au(x) ministre(s) concern\u00e9(s) ;\nDans ces deux cas, le silence de l'Administration vaut rejet implicite au terme d'un d\u00e9lai de deux mois.\nApr\u00e8s un recours gracieux ou hi\u00e9rarchique, le d\u00e9lai du recours contentieux ne court qu'\u00e0 compter du rejet explicite ou implicite de l'un de ces \nrecours.\n- un recours contentieux, en saisissant le Tribunal Administratif de Toulon : 5 rue Racine -BP 40510 - 83 041 TOULON CEDEX 9\nLe tribunal administratif peut \u00eatre saisi par l'application informatique \u00ab T\u00e9l\u00e9cours \u00bb accessible par le site internet www.telecours.fr.\n2/2\nPr\u00e9fecture du VAR - 83-2025-03-12-00004 - ARR\u00caT\u00c9 PR\u00c9FECTORAL n\u00b0 DCL/BERG/2025/0054 du 12 mars 2025 portant habilitation dans\nle domaine fun\u00e9raire de l'\u00e9tablissement \u00ab\u00a0ROC'ECLERC\u00a0\u00bb\n65 Boulevard Sainte-Anne - TOULON (83000)\nHabilitation N\u00b0 24-83-0293\n9\nPr\u00e9fecture du VAR\n83-2025-03-03-00020\nARR\u00caT\u00c9 PR\u00c9FECTORAL\nN\u00b0 2025-BSP-OP-20 instituant le Conseil\nd'\u00c9valuation\ndu centre P\u00e9nitentiaire de Toulon-La Farl\u00e8de\nPr\u00e9fecture du VAR - 83-2025-03-03-00020 - ARR\u00caT\u00c9 PR\u00c9FECTORAL\nN\u00b0 2025-BSP-OP-20 instituant le Conseil d'\u00c9valuation\ndu centre P\u00e9nitentiaire de Toulon-La Farl\u00e8de\n10\nPREFETDU VARLibert\u00e9Egalit\u00e9Fraternit\u00e9\nCabinet du Pr\u00e9fet \nDirection des s\u00e9curit\u00e9s \nBureau de la s\u00e9curit\u00e9 publique \n     \n \n \n \nARR\u00caT\u00c9 PR\u00c9FECTORAL \nN\u00b0 2025-BSP-OP-20 instituant le Conseil d'\u00c9valuation \ndu centre P\u00e9nitentiaire de Toulon-La Farl\u00e8de \n \n \nLe pr\u00e9fet du Var, \n \nVu le Code de Proc\u00e9dure P\u00e9nale, notamment les articles D.234 \u00e0 D.238 \n \nVu le d\u00e9cret du 13 juillet 2023 portant nomination de Monsieur Philippe MAHE, pr\u00e9fet du \nVar ; \n \nSur proposition du chef d'\u00e9tablissement du Centre P\u00e9nitentiaire de Toulon-La Farl\u00e8de, \n \nARR\u00caTE \n \nArticle 1er : Le conseil d'\u00e9valuation du Centre p\u00e9nitentiaire de Toulon-La Farl\u00e8de comprend, \nau titre de l'article D.234 du Code de Proc\u00e9dure P\u00e9nale, les membres suivants : \n \n\u2013 Monsieur Philippe MAHE, pr\u00e9fet du Var, en qualit\u00e9 de Pr\u00e9sident ou son \nrepr\u00e9sentant, \n\u2013 Madame Anne LEZER, pr\u00e9sidente du tribunal judiciaire de Toulon par int\u00e9rim, en \nqualit\u00e9 de Vice-Pr\u00e9sidente ou son repr\u00e9sentant, \n\u2013 Monsieur Samuel FINIELZ, procureur de la R\u00e9publique pr\u00e8s le tribunal judiciaire \nde Toulon, en qualit\u00e9 de Vice-pr\u00e9sident ou son repr\u00e9sentant, \n\u2013 Monsieur Franck RASTOUL , procureur g\u00e9n\u00e9ral pr\u00e8s la Cour d'appel d'Aix -en-\nProvence ou son repr\u00e9sentant, \n\u2013 Monsieur Renaud LE BRETON DE VANNOISE, premier pr\u00e9sident de la Cour \nd'appel d'Aix-en-Provence ou son repr\u00e9sentant, \n\u2013 Monsieur Thierry ALVES, directeur interr\u00e9gional des services p\u00e9nitentiaires de \nMarseille  \n\u2013 Madame Laurence AVELINE , juge de l'application des peines pr\u00e8s le tribunal \njudiciaire de Toulon, ou leurs repr\u00e9sentants \n\u2013 Madame Virginie SANTORO , doyen des juges d'instruction pr\u00e8s le tribunal \njudiciaire de Toulon ou son repr\u00e9sentant, \n\u2013 Monsieur Yves PALMIERI, maire de La Farl\u00e8de ou son repr\u00e9sentant, \n\u2013 Monsieur Jean-Louis MASSON, pr\u00e9sident du Conseil d\u00e9partemental du Var ou son \nrepr\u00e9sentant, \n\u2013 Monsieur Renaud MUSELIER, pr\u00e9sident du Conseil r\u00e9gional de la r\u00e9gion PACA ou \nson repr\u00e9sentant, \nPr\u00e9fecture du VAR - 83-2025-03-03-00020 - ARR\u00caT\u00c9 PR\u00c9FECTORAL\nN\u00b0 2025-BSP-OP-20 instituant le Conseil d'\u00c9valuation\ndu centre P\u00e9nitentiaire de Toulon-La Farl\u00e8de\n11\n\u2013 Monsieur Mathieu SIEYE , directeur acad\u00e9mique des services de l'\u00e9ducation \nnationale du Var ou son repr\u00e9sentant, \n\u2013 Monsieur Gr\u00e9gory GOUMAIN, commandant du groupement de gendarmerie du \nVar ou son repr\u00e9sentant, \n\u2013 Monsieur J\u00e9r\u00f4me MARTIN, directrice d\u00e9partementale de la s\u00e9curit\u00e9 publique du \nVar ou son repr\u00e9sentant, \n\u2013 Monsieur Yann BUBIEN , directeur d\u00e9partemental de la d\u00e9l\u00e9gation de l'agence \nr\u00e9gionale de sant\u00e9 du Var ou son repr\u00e9sentant, \n\u2013 Monsieur Olivier FERRI, b\u00e2tonnier de l'ordre des  avocats du ressort du tribunal \njudiciaire de Toulon ou son repr\u00e9sentant, \n\u2013 Monsieur Henry PAIN, repr\u00e9sentant de l'association AVASTOFA ou son \nrepr\u00e9sentant, \n\u2013 Monsieur Ligna THONGRASAMY, repr\u00e9sentante de l'association AXIS ou son \nrepr\u00e9sentant, \n\u2013 Madame Anne PUNGIER, repr\u00e9sentante de l'association Amis de l'Horeb ou son \nrepr\u00e9sentant, \n\u2013 Madame Laurence Vidal CLUZEL, repr\u00e9sentante de l'association AESAD ou son \nrepr\u00e9sentant, \n\u2013 Madame St\u00e9phanie DAMAZ, repr\u00e9sentante de l'association ADCE 83 ou son \nrepr\u00e9sentant, \n\u2013 Monsieur Jean ROUVIERE -COSCIA, repr\u00e9sentant des visiteurs de prison ou son \nrepr\u00e9sentant, \n\u2013 Monsieur Jean-Louis VINCENT, aum\u00f4nier catholique ou son repr\u00e9sentant, \n\u2013 Madame Marie-No\u00eblle PELISSIER, aum\u00f4nier protestant ou son repr\u00e9sentant, \n\u2013 Monsieur El Mostafa OUAMMOU, aum\u00f4nier musulman ou son repr\u00e9sentant, \n\u2013 Monsieur Joseph LABROWSKI, aum\u00f4nier isra\u00e9lite ou son repr\u00e9sentant, \n\u2013 Messieurs Henri GHESQUIERE, aum\u00f4nier T\u00e9moin de J\u00e9hovah ou son repr\u00e9sentant, \n\u2013 Monsieur Henri GOIZE, aum\u00f4nier protestant des gens du voyage ou son \nrepr\u00e9sentant, \n\u2013 Madame Martine LLEDO, aum\u00f4ni\u00e8re Bouddhiste \n \n \nArticle 2 : l'arr\u00eat\u00e9 du 27 mars 2024 est abrog\u00e9. \n \nArticle 3 : Les repr\u00e9sentants des associations intervenant dans l'\u00e9tablissement ainsi que le \nrepr\u00e9sentant des visiteurs de prison vis\u00e9s dans l'article 1er s ont nomm\u00e9s pour une p\u00e9riode \nde deux ans renouvelables par arr\u00eat\u00e9 pr\u00e9fectoral. \n \nArticle 4  : Le pr\u00e9fet du Var, le chef d'\u00e9tablissement du centre p\u00e9nitentiaire Toulon -La \nFarl\u00e8de, sont charg\u00e9s chacun en ce qui les concerne de l'ex\u00e9cution du pr\u00e9sent arr\u00eat\u00e9, dont \nune ampliation sera adress\u00e9e \u00e0 Monsieur le Garde des Sceaux, Ministre de la Justice. \n \n \n        Fait \u00e0 Toulon, le 03/03/2025 \n \n        Le Pr\u00e9fet du Var \n        Sign\u00e9 \n        Philippe MAHE \nPr\u00e9fecture du VAR - 83-2025-03-03-00020 - ARR\u00caT\u00c9 PR\u00c9FECTORAL\nN\u00b0 2025-BSP-OP-20 instituant le Conseil d'\u00c9valuation\ndu centre P\u00e9nitentiaire de Toulon-La Farl\u00e8de\n12","date":"2025-03-14","first_seen_on":"2025-03-14T15:43:57+00:00","id":"c0b86acfd6bc14bf181723f138e85fa8dde82f7c25680c10bc00f096d629f1b5","name":"RAA N\u00b079 du 14 mars 2025","pdf_creation_date":"2025-03-14T15:09:38+00:00","pdf_modification_date":null,"timezone":"CET","url":"https://www.var.gouv.fr/contenu/telechargement/39950/261958/file/RAA%20N%C2%B079%20du%2014%20mars%202025%20%28Actes%20nominatifs%29.pdf"}
