{"administration":"pref83","administration_name":"Pr\u00e9fecture du Var","content":"VAR\nRECUEIL DES ACTES\nADMINISTRATIFS\nN\u00b083-2024-039\nPUBLI\u00c9 LE 18 MARS 2024\nSommaire\nAgence r\u00e9gionale de sant\u00e9 du Var /\n83-2024-03-07-00006 - Arr\u00eat\u00e9 de composition nominative du conseil de\nsurveillance du CHI Toulon La Seyne (3 pages) Page 3\nDirection d\u00e9partementale des territoires et de la mer du Var / Service\nagriculture et for\u00eat de la DDTM\n83-2024-02-26-00011 - ARR\u00caT\u00c9 PR\u00c9FECTORAL n\u00b0 DDTM/SAF/BFDFCI/2024-02\ndu 26 f\u00e9vrier 2024 portant \u00e9tablissement d\u25a1une servitude de passage et\nd'am\u00e9nagement sur la piste I24 \u00ab La Font du Saule \u00bb commune de Claviers\n(5 pages) Page 7\n83-2024-03-07-00005 - ARR\u00caT\u00c9 PR\u00c9FECTORAL n\u00b0\nDDTM/SAF/BFDFCI/2024-03 du 07 mars 2024 portant application du r\u00e9gime\nforestier sur la for\u00eat d\u00e9partementale espace naturel sensible Anth\u00e9or (2\npages) Page 13\nDirection d\u00e9partementale des territoires et de la mer du Var / Service eau et\nbiodiversit\u00e9 de la DDTM\n83-2024-03-15-00009 - Arr\u00eat\u00e9 pr\u00e9fectoral n\u00b0 DDTM/SEBIO/2024-28 du 15\nmars 2024 portant agr\u00e9ment de l\u25a1\u00e9lection de la tr\u00e9sori\u00e8re de l\u25a1association\nagr\u00e9\u00e9e pour la p\u00eache et la protection du milieu aquatique \u00ab\u00a0L\u25a1Ecrevisse de\nl\u25a1Huveaune\u00a0\u00bb \u00e0 Saint-Zacharie (2 pages) Page 16\n2\nAgence r\u00e9gionale de sant\u00e9 du Var\n83-2024-03-07-00006\nArr\u00eat\u00e9 de composition nominative du conseil de\nsurveillance du CHI Toulon La Seyne\nAgence r\u00e9gionale de sant\u00e9 du Var - 83-2024-03-07-00006 - Arr\u00eat\u00e9 de composition nominative du conseil de surveillance du CHI\nToulon La Seyne 3\nREPUBLIQUE\nFRANCAISE\nijerte'\nEgalit\u00e9\nFraternit\u00e9Al\n@ D Agence  R\u00e9gionale  de Sant\u00e9\nProvence-Alpes\nC\u00f4te d'Azur\n  \n \n \n \n \nAgence r\u00e9gionale de sant\u00e9 Provence-Alpes-C\u00f4te d'Azur - D\u00e9l\u00e9gation d\u00e9partementale du Var \u2013 Immeuble TOVA 2 - 177 boulevard du \nDocteur Charles Barnier \u2013 CS 31302 - 83076 Toulon Cedex \nT\u00e9l. : 04 13 55 89 02 / Fax : 04 13 55 80 40 / www.ars.paca.sante.fr \nPage 1 / 3 \n \n \n \n \n \nARRETE du 07 mars 2024  \n \nfixant la composition nominative du conseil de surveillance du centre hospitalier \nintercommunal de Toulon La Seyne sur Mer situ\u00e9 \u00e0 Toulon (VAR) \n \n \n \n \nLE DIRECTEUR DE L'AGENCE REGIONALE DE SANTE DE PROVENCE, ALPES, COTE D'AZUR \n \n \n \n \nVu le code de la sant\u00e9 publique, notamment ses articles L.6143-5, L.6143-6, R.6143-1 \u00e0 R.6143-4 et \nR.6143-12 ; \n \nVu la loi n\u00b0 2009-879 du 21 juillet 2009 portant r\u00e9forme de l'h\u00f4pital et relative aux patients, \u00e0 la sant\u00e9 et \naux territoires ; \n \nVu l'ordonnance n\u00b0 2010-177 du 23 f\u00e9vrier 2010 de coordination avec la loi n\u00b02099-879 du 21 juillet 2009 \nportant r\u00e9forme de l'h\u00f4pital et relative aux patients, \u00e0 la sant\u00e9 et aux territoires ; \n \nVu le d\u00e9cret n\u00b0 2010-336 du 31 mars 2010 portant cr\u00e9ation des agences r\u00e9gionales de sant\u00e9 ; \n \nVu le d\u00e9cret n\u00b0 2010-344 du 31 mars 2010 tirant les cons\u00e9quences, au niveau r\u00e9glementaire, de \nl'intervention de la loi n\u00b0 2009-879 du 21 juillet 2009 portant r\u00e9forme de l'h\u00f4pital et relative aux patients, \n\u00e0 la sant\u00e9 et aux territoires ; \n \nVu le d\u00e9cret n\u00b02010-361 du 8 avril 2010 relatif aux conseils de surveillance des \u00e9tablissements publics \nde sant\u00e9 ; \n \nVu le d\u00e9cret du 14 septembre 2022 portant cessation de fonctions de Monsieur Philippe DE MESTER et \nnomination de Monsieur Denis ROBIN, directeur g\u00e9n\u00e9ral de l'Agence r\u00e9gionale de sant\u00e9 Provence-Alpes-\nC\u00f4te d'Azur \u00e0 compter du 03 octobre 2022 ; \n \nVu l'arr\u00eat\u00e9 du 28 avril 2023 portant d\u00e9l\u00e9gation de signature \u00e0 Monsieur S\u00e9bastien MONI\u00c9, directeur de \nla d\u00e9l\u00e9gation d\u00e9partementale du Var de l'Agence r\u00e9gionale de sant\u00e9 Provence-Alpes-C\u00f4te d'Azur ;  \n \nVu l'arr\u00eat\u00e9 ARS PACA du 18 octobre 2023 fixant la composition nominative du conseil de surveillance du \ncentre hospitalier intercommunal de Toulon La Seyne sur Mer ; \n \n \n \nARRETE \n \n \n \nArticle 1er : L'arr\u00eat\u00e9 ARS PACA du 18 octobre 2023 fixant la composition nominative du conseil de \nsurveillance du centre hospitalier intercommunal de Toulon La Seyne sur Mer est modifi\u00e9 ainsi qu'il \nsuit : \n \n Agence r\u00e9gionale de sant\u00e9 du Var - 83-2024-03-07-00006 - Arr\u00eat\u00e9 de composition nominative du conseil de surveillance du CHI\nToulon La Seyne 4\n \nAgence r\u00e9gionale de sant\u00e9 Provence-Alpes-C\u00f4te d'Azur - D\u00e9l\u00e9gation d\u00e9partementale du Var \u2013 Immeuble TOVA 2 - 177 boulevard du \nDocteur Charles Barnier \u2013 CS 31302 - 83076 Toulon Cedex \nT\u00e9l. : 04 13 55 89 02 / Fax : 04 13 55 80 40 / www.ars.paca.sante.fr \nPage 2 / 3 \nI. Sont membres du conseil de surveillance avec voix d\u00e9lib\u00e9rative : \n \n \n2\u00b0) En qualit\u00e9 de repr\u00e9sentant du personnel : \n \n- Madame Marjorie FRANZ, repr\u00e9sentant de la commission de soins infirmiers, de r\u00e9\u00e9ducation et \nm\u00e9dico-techniques en remplacement de Monsieur Christian FORNER ; \n \n3\u00b0) En qualit\u00e9 de personnalit\u00e9 qualifi\u00e9e : \n \n- Monsieur Alexandre MULLER, directeur g\u00e9n\u00e9ral du groupe Umane, personnalit\u00e9 qualifi\u00e9e \nd\u00e9sign\u00e9e par le pr\u00e9fet du d\u00e9partement du Var en remplacement de Monsieur Patrick \nDEBIEUVRE ; \n \n \nArticle 2 : Le conseil de surveillance du centre hospitalier intercommunal de Toulon La Seyne sur Mer, \ndont le si\u00e8ge est sis 54, rue Henri Sainte Claire Deville, 83056 Toulon Cedex, \u00e9tablissement public de \nsant\u00e9 de ressort intercommunal est compos\u00e9 des membre ci-apr\u00e8s : \n \nI. Sont membres du conseil de surveillance avec voix d\u00e9lib\u00e9rative : \n \n \n1\u00b0) En qualit\u00e9 de repr\u00e9sentant des collectivit\u00e9s territoriales : \n \n \n- Madame Jos\u00e9e MASSI, Maire de Toulon, membre de droit, repr\u00e9sentant la commune si\u00e8ge de \nl'\u00e9tablissement pricipal ; \n \n- Madame Basma BOUCHKARA, repr\u00e9sentant de la commune de La Seyne sur Mer, principale \ncommune d'origine des patients en nombre d'entr\u00e9e en hospitalisation au cours du dernier \nexercice connu, autre que celle du si\u00e8ge de l'\u00e9tablissement principal ; \n \n- Madame Dominique ANDREOTTI, conseiller communautaire, repr\u00e9sentant la communaut\u00e9 \nd'agglom\u00e9ration Toulon Provence M\u00e9diterran\u00e9e ; \n \n- Madame Genevi\u00e8ve LEVY, conseiller communautaire, repr\u00e9sentant la communaut\u00e9 \nd'agglom\u00e9ration Toulon Provence M\u00e9diterran\u00e9e ; \n \n- Monsieur Joseph MUL\u00c9, repr\u00e9sentant du pr\u00e9sident du conseil d\u00e9partemental du Var ; \n \n \n2\u00b0) En qualit\u00e9 de repr\u00e9sentant du personnel : \n \n- Madame Marjorie FRANZ, repr\u00e9sentant de la commission de soins infirmiers, de r\u00e9\u00e9ducation et \nm\u00e9dico-techniques ; \n \n- Madame le Dr Catherine VELLY, repr\u00e9sentant de la commission m\u00e9dicale d'\u00e9tablissement ; \n \n- Monsieur le Dr Andr\u00e9 CHIDIAC, repr\u00e9sentant de la commission m\u00e9dicale d'\u00e9tablissement ; \n \n- Deux membres d\u00e9sign\u00e9s par les organisations syndicales les plus repr\u00e9sentatives compte tenu des \nr\u00e9sultats obtenus lors des \u00e9lections au comit\u00e9 technique d'\u00e9tablissement ;  \u00e0 d\u00e9signer  \n \n \n3\u00b0) En qualit\u00e9 de personnalit\u00e9 qualifi\u00e9e : \n \n- Monsieur Fran\u00e7ois DEBATS, personnalit\u00e9 qualifi\u00e9e d\u00e9sign\u00e9e par le directeur g\u00e9n\u00e9ral de l'Agence \nr\u00e9gionale de sant\u00e9 de Provence-Alpes-C\u00f4te d'Azur ; \n \n- Monsieur G\u00e9rard FIOUX, personnalit\u00e9 qualifi\u00e9e d\u00e9sign\u00e9e par le directeur g\u00e9n\u00e9ral de l'Agence \nr\u00e9gionale de sant\u00e9 de Provence-Alpes-C\u00f4te d'Azur ; \n Agence r\u00e9gionale de sant\u00e9 du Var - 83-2024-03-07-00006 - Arr\u00eat\u00e9 de composition nominative du conseil de surveillance du CHI\nToulon La Seyne 5\n \nAgence r\u00e9gionale de sant\u00e9 Provence-Alpes-C\u00f4te d'Azur - D\u00e9l\u00e9gation d\u00e9partementale du Var \u2013 Immeuble TOVA 2 - 177 boulevard du \nDocteur Charles Barnier \u2013 CS 31302 - 83076 Toulon Cedex \nT\u00e9l. : 04 13 55 89 02 / Fax : 04 13 55 80 40 / www.ars.paca.sante.fr \nPage 3 / 3 \n- Madame Janine BELLOT, pr\u00e9sidente du comit\u00e9 du Var de la ligue contre le cancer, repr\u00e9sentant \ndes usagers d\u00e9sign\u00e9 par le pr\u00e9fet du d\u00e9partement du Var ; \n \n- Madame Jeannine GHIO, de l'union d\u00e9partementale des association familiales du Var, \nrepr\u00e9sentant des usagers d\u00e9sign\u00e9 par le pr\u00e9fet du d\u00e9partement du Var ; \n \n- Monsieur Alexandre MULLER, directeur g\u00e9n\u00e9ral du groupe Umane, personnalit\u00e9 qualifi\u00e9e \nd\u00e9sign\u00e9e par le pr\u00e9fet du d\u00e9partement du Var ; \n \n \nII. Sont membres du conseil de surveillance avec voix consultative : \n \n- Monsieur le Dr Yannick KNEFATI, pr\u00e9sident de la commision m\u00e9dicale d'\u00e9tablissement, \nvice-pr\u00e9sident du directoire du centre hospitalier intercommunal de Toulon La Seyne sur Mer ; \n \n- Le directeur g\u00e9n\u00e9ral de l'Agence r\u00e9gionale de sant\u00e9 de Provence-Alpes-C\u00f4te d'Azur ; \n \n- Monsieur le Dr Julien MERRIEN, pr\u00e9sident de la COMETIC, repr\u00e9sentant de la structure charg\u00e9e \nde la r\u00e9flexion d'\u00e9thique au sein du centre hospitalier intercommunal de Toulon La Seyne sur \nMer ; \n \n- Le directeur de la caisse d'Assurance maladie de Toulon ; \n \n- Madame Marie-Jos\u00e9 FERRIN, repr\u00e9sentant des familles de personnes accueillies dans \nl'\u00e9tablissement  h\u00e9bergeant des personnes \u00e2g\u00e9es d\u00e9pendantes ; \n \n \nArticle 3 : La dur\u00e9e des fonctions des membres du conseil de surveillance est fix\u00e9e \u00e0 cinq ans sous \nr\u00e9serve des dispositions particuli\u00e8res pr\u00e9vues \u00e0 l'article R.6143-12 du code de la sant\u00e9 publique. \n \n \nArticle 4 : Un recours contentieux peut \u00eatre form\u00e9 aupr\u00e8s du tribunal administratif territorialement \ncomp\u00e9tent dans un d\u00e9lai franc de deux mois \u00e0 compter de la notification du pr\u00e9sent arr\u00eat\u00e9 pour les \nint\u00e9ress\u00e9s ou de sa publication pour les tiers. \n \n \nArticle 5 : Le directeur g\u00e9n\u00e9ral de l'Agence r\u00e9gionale de sant\u00e9 de Provence-Alpes-C\u00f4te d'Azur, le \ndirecteur de la d\u00e9l\u00e9gation d\u00e9partementale du Var et le directeur du centre hospitalier intercommunal de \nToulon La Seyne sur Mer sont charg\u00e9s, chacun en ce qui le concerne, de l'ex\u00e9cution du pr\u00e9sent arr\u00eat\u00e9 \nqui sera publi\u00e9 au recueil des actes administratifs de la pr\u00e9fecture de la r\u00e9gion Provence-Alpes-C\u00f4te \nd'Azur et de la pr\u00e9fecture du d\u00e9partement du Var. \n \n \n \nToulon, le 07 mars 2024 \n \nPour le directeur de l'agence  \nr\u00e9gionale de sant\u00e9 PACA \nLe directeur d\u00e9partemental du Var \n \nSign\u00e9 \n \nS\u00e9batien MONI\u00c9 \n Agence r\u00e9gionale de sant\u00e9 du Var - 83-2024-03-07-00006 - Arr\u00eat\u00e9 de composition nominative du conseil de surveillance du CHI\nToulon La Seyne 6\nDirection d\u00e9partementale des territoires et de la\nmer du Var\n83-2024-02-26-00011\nARR\u00caT\u00c9 PR\u00c9FECTORAL n\u00b0\nDDTM/SAF/BFDFCI/2024-02 du 26 f\u00e9vrier 2024\nportant \u00e9tablissement d\u25a1une servitude de\npassage et d'am\u00e9nagement sur la piste I24 \u00ab La\nFont du Saule \u00bb commune de Claviers\nDirection d\u00e9partementale des territoires et de la mer du Var - 83-2024-02-26-00011 - ARR\u00caT\u00c9 PR\u00c9FECTORAL n\u00b0\nDDTM/SAF/BFDFCI/2024-02 du 26 f\u00e9vrier 2024 portant \u00e9tablissement d\u25a1une servitude de passage et d'am\u00e9nagement sur la piste I24 \u00ab\nLa Font du Saule \u00bb commune de Claviers7\nEZ\nPREFET\nDU  VAR\nL'z'berte'\nEgalit\u00e9\nFraternit\u00e9\nP\nARR\u00caT\u00c9 PR\u00c9FECTORAL n\u00b0 DDTM/SAF/BFDFCI/2024-02 du 26 f\u00e9vrier 2024\nportant \u00e9tablissement d'une servitude de passage et d'am\u00e9nagement\nsur la piste I24 \u00ab  La Font du Saule  \u00bb \ncommune de Claviers \nLe pr\u00e9fet du Var,\nVu le Code Forestier notamment les articles L.134-1, L.134-2, L.134-3 et l'ordonnance n\u00b02012-92\ndu 26 janvier 2012  ;\nVu le  d\u00e9cret  n\u00b02004-374  du  29  avril  2004  modifi\u00e9  relatif  aux  pouvoirs  des  pr\u00e9fets,  \u00e0\nl'organisation et \u00e0 l'action des services de l'\u00c9tat dans les r\u00e9gions et les d\u00e9partements  ; \nVu le d\u00e9cret n\u00b0 2012-836 du 29 juin 2012 relatif \u00e0 la partie r\u00e9glementaire du code forestier,\nnotamment les articles R.134-1, R.134-2, R.134-3  ;\nVu le d\u00e9cret du Pr\u00e9sident de la R\u00e9publique du 15 avril 2022 portant nomination de Monsieur\nLucien GIUDICELLI, secr\u00e9taire g\u00e9n\u00e9ral de la pr\u00e9fecture du Var  ;\nVu le d\u00e9cret du Pr\u00e9sident de la R\u00e9publique du 13 juillet 2023 portant nomination de Monsieur\nPhilippe MAH\u00c9, pr\u00e9fet du Var  ; \nVu l'arr\u00eat\u00e9  pr\u00e9fectoral  du  29  d\u00e9cembre  2008  approuvant  le  plan  d\u00e9partemental  de\nprotection des for\u00eats contre l'incendie (PDPFCI)  ; \nVu  l'arr\u00eat\u00e9  pr\u00e9fectoral  du  19  juin  2018  r\u00e9glementant  dans  le  d\u00e9partement  du  Var  la\np\u00e9n\u00e9tration dans les massifs forestiers, la circulation et le stationnement sur certaines voies\nles desservant et l'usage de certains appareils et mat\u00e9riels \u00e0 l'int\u00e9rieur de ces massifs  ;\nVu l'arr\u00eat\u00e9 pr\u00e9fectoral n\u00b02022/65/MCI du 26 d\u00e9cembre 2022 portant d\u00e9l\u00e9gation de signature\n\u00e0 M. Lucien GIUDICELLI, secr\u00e9taire g\u00e9n\u00e9ral de la pr\u00e9fecture du Var  ;\nVu  le  plan  intercommunal  de  d\u00e9broussaillement  et  d'am\u00e9nagement  forestier(PIDAF)  de\nDrac\u00e9nie Provence Verdon agglom\u00e9ration approuv\u00e9 par la d\u00e9lib\u00e9ration n\u00b0C_2018_023 en date\ndu 15 f\u00e9vrier 2018  ;\nVu la d\u00e9lib\u00e9ration n\u00b0C_2023_158 de Drac\u00e9nie Provence Verdon agglom\u00e9ration en date du 03\njuillet 2023 ;\nVu la d\u00e9lib\u00e9ration n\u00b010/2023 de la commune de Claviers en date du 13 f\u00e9vrier 2023  ;\nVu le certificat d'affichage de la commune de Claviers en date du 05 f\u00e9vrier 2024  ;\nVu l'avis favorable \u00e9mis par la sous-commission d\u00e9partementale pour la s\u00e9curit\u00e9 contre les\nrisques d'incendies de for\u00eat, lande, maquis et garrigue en date du 20 octobre 2022  ;\nVu les pi\u00e8ces du dossier port\u00e9es \u00e0 la connaissance des propri\u00e9taires notamment le rapport de\npr\u00e9sentation et le plan parcellaire  ;\nConsid\u00e9rant que cette voie, par sa localisation et sa situation topographique, constitue un\nouvrage tr\u00e8s favorable pour l'appui \u00e0 la lutte contre les incendies de for\u00eats  ;\n1/5\nDirection d\u00e9partementale\ndes territoires et de la mer du VarDirection d\u00e9partementale des territoires et de la mer du Var - 83-2024-02-26-00011 - ARR\u00caT\u00c9 PR\u00c9FECTORAL n\u00b0\nDDTM/SAF/BFDFCI/2024-02 du 26 f\u00e9vrier 2024 portant \u00e9tablissement d\u25a1une servitude de passage et d'am\u00e9nagement sur la piste I24 \u00ab\nLa Font du Saule \u00bb commune de Claviers8\nP\nConsid\u00e9rant la n\u00e9cessit\u00e9 d'assurer la p\u00e9rennit\u00e9 de cette voie et sa mise aux normes par des\ntravaux adapt\u00e9s (largeur de la bande de roulement, aires de croisement et de retournement) ;\nConsid\u00e9rant que cet ouvrage DFCI (d\u00e9fense des for\u00eats contre l'incendie), par sa situation\ntopographique,  est  destin\u00e9  \u00e0  prot\u00e9ger  le  territoire  de  Drac\u00e9nie  Provence  Verdon\nagglom\u00e9ration et qu'il est donc r\u00e9alis\u00e9 \u00e0 son profit exclusif  ;\nSur proposition du d irecteur d\u00e9partemental des territoires et de la mer du Var,\nARR\u00caTE :\nArticle 1  er     :     : Une servitude de passage et d'am\u00e9nagement est cr\u00e9\u00e9e pour assurer la mise aux\nnormes et la p\u00e9rennit\u00e9 de la piste I24 \u00ab  La Font du Saule \u00bb, sur le territoire de la commune de\nClaviers.\nLa piste permet de faire la jonction entre les RD55 et RD19 qui sont class\u00e9es comme zone\nd'appui \u00e9l\u00e9mentaire \u00e0 la lutte (ZAE).\nElle poss\u00e8de deux segments distincts  : \n\u2013 Le 1er segment, d'une longueur de 2  400 ml, d\u00e9bute au niveau de la RD55. Elle se poursuit au\nnord-ouest, via la citerne CVS5, pour se terminer au niveau du col de \u00ab  L'Adret de M\u00e9aux  \u00bb. Il\nposs\u00e8de une vocation de zone d'appui \u00e9l\u00e9mentaire \u00e0 la lutte (ZAE).\n\u2013 Le 2  segment, d'une longueur de 1\u1d49  210 ml, d\u00e9bute au niveau du col de \u00ab  L'Adret de M\u00e9aux  \u00bb\net se poursuit en direction du nord-est, et se termine en limite de la commune de Seillans. Il\nposs\u00e8de une vocation de liaison.\nL'ouvrage repr\u00e9sente un total de 3  610 ml.\nCette servitude est \u00e9tablie au profit de Drac\u00e9nie Provence Verdon agglom\u00e9ration , d\u00e9sign\u00e9e\nensuite sous le terme de \u00ab  b\u00e9n\u00e9ficiaire \u00bb.\nArticle 2     :   L'emprise de la servitude porte sur une largeur de bande de roulement minimale de\n4 m et n'exc\u00e9dant pas 6  m. Cette emprise de la servitude porte \u00e9galement sur les aires de\ncroisement et de retournement connexes (\u00e9quipements ayant une surface au sol inf\u00e9rieure \u00e0\n500 m\u00b2).\nL'\u00e9tablissement de la servitude n'est pas soumis \u00e0 enqu\u00eate publique.\nArticle 3 : Les parcelles concern\u00e9es par cette servitude sont les suivantes  : \nCommunes Section ParcelleContenance (are)Surface emprise\nservitude (m\u00b2)\nClaviers A 5990ha45a20ca 183\nClaviers A 5972ha03a00ca 296\nClaviers A 5890ha77a90ca 139\nClaviers A 6010ha34a10ca 147\n2/5Direction d\u00e9partementale des territoires et de la mer du Var - 83-2024-02-26-00011 - ARR\u00caT\u00c9 PR\u00c9FECTORAL n\u00b0\nDDTM/SAF/BFDFCI/2024-02 du 26 f\u00e9vrier 2024 portant \u00e9tablissement d\u25a1une servitude de passage et d'am\u00e9nagement sur la piste I24 \u00ab\nLa Font du Saule \u00bb commune de Claviers9\nP\nClaviers A 5913ha39a00ca 878\nClaviers A 05860ha95a50ca 507\nClaviers A 05850ha45a60ca 269\nClaviers A 05631ha01a20ca 442\nClaviers A 05640ha80a80ca 536\nClaviers A 05610ha20a80ca 231\nClaviers A 05600ha99a05ca 370\nClaviers A 05593ha42a95ca 1746\nClaviers A 05580ha88a90ca 508\nBargemon C 00643ha11a00ca 458\nClaviers A 5511ha95a60ca 32\nClaviers A 5530ha53a85ca 72\nClaviers A 5540ha31a60ca 42\nClaviers A 5371ha99a15ca 13\nClaviers A 05327ha28a90ca 273\nClaviers A 05330ha01a70ca 49\nClaviers A 05340ha00a40ca 29\nClaviers A 05250ha28a82ca 300\nClaviers A 05260ha34a00ca 236\nClaviers A 05280ha08a10ca 36\nClaviers A 05070ha56a00ca 88\nClaviers A 05080ha02a95ca 110\nClaviers A 05050ha60a00ca 345\nClaviers A 05030ha03a60ca 5\nClaviers A 05010ha33a00ca 518\nClaviers A 063821ha94a15ca 1916\nClaviers A 066717ha56a95ca 909\n3/5Direction d\u00e9partementale des territoires et de la mer du Var - 83-2024-02-26-00011 - ARR\u00caT\u00c9 PR\u00c9FECTORAL n\u00b0\nDDTM/SAF/BFDFCI/2024-02 du 26 f\u00e9vrier 2024 portant \u00e9tablissement d\u25a1une servitude de passage et d'am\u00e9nagement sur la piste I24 \u00ab\nLa Font du Saule \u00bb commune de Claviers10\nP\nClaviers B00340ha02a00ca 8\nArticle  4     :   Conform\u00e9ment  \u00e0  l'article  L.134-2  du  Code  forestier,  le  b\u00e9n\u00e9ficiaire  de  cette\nservitude peut proc\u00e9der, \u00e0 ses frais, \u00e0 un d\u00e9broussaillement des abords de la voie sur deux\nbandes lat\u00e9rales, sans que le total des largeurs de ces bandes n'exc\u00e8de 100 m\u00e8tres. \nL'entretien de la voie, ainsi que le maintien en \u00e9tat d\u00e9broussaill\u00e9 des abords de la voie, est \u00e0 la\ncharge du b\u00e9n\u00e9ficiaire de la servitude. \nArticle 5     :   La servitude comporte un droit d'am\u00e9nagement afin d'assurer la continuit\u00e9 des\nvoies de d\u00e9fense des for\u00eats contre l'incendie. Elle comporte aussi un droit de passage \u00e0 usage\nDFCI, sur la piste qui sera am\u00e9nag\u00e9e \u00e0 cet effet.\nL'acc\u00e8s \u00e0 la piste pour en assurer son entretien et son maintien en condition op\u00e9rationnelle,\nn'est autoris\u00e9 que pour les services de l'\u00c9tat ou l'entreprise mandat\u00e9e par le b\u00e9n\u00e9ficiaire de la\nservitude.\nLes propri\u00e9taires de terrains touch\u00e9s par cette servitude et leurs ayants droit pourront utiliser\nla piste pour l'exploitation des fonds asservis.\nArticle 6     :   La pose de la signalisation aux deux extr\u00e9mit\u00e9s de la piste sera \u00e0 la charge du\nb\u00e9n\u00e9ficiaire. Cette signalisation comportera des panneaux indiquant le num\u00e9ro de la piste ,\nson nom et un panneau d'interdiction de circuler cod\u00e9 B0. Elle sera plac\u00e9e \u00e0 chaque entr\u00e9e\nde la piste, c\u00f4t\u00e9 droit, et quelques m\u00e8tres en retrait.\nArticle 7     :   Le plan de situation de la piste et les plans cadastraux sont joints au pr\u00e9sent arr\u00eat\u00e9.\nArticle 8     :   Le pr\u00e9sent arr\u00eat\u00e9 sera affich\u00e9 en mairie d e la commune de Claviers pendant 2 mois\net publi\u00e9 au recueil des actes administratifs.\nDe plus, il sera, par les soins du b\u00e9n\u00e9ficiaire, notifi\u00e9 \u00e0 chacun des propri\u00e9taires concern\u00e9s par\ncourrier recommand\u00e9 avec accus\u00e9 de r\u00e9ception.\nArticle  9     :   L'existence  de  cette  servitude  sera  mentionn\u00e9e  en  annexe  du  document\nd'urbanisme en vigueur de  la commune  de Claviers.  La servitude pourra \u00eatre publi\u00e9e \u00e0 la\nConservation des Hypoth\u00e8ques \u00e0 la diligence du b\u00e9n\u00e9ficiaire.\nArticle 10     :   Les  propri\u00e9taires  de chacun  des  fonds  concern\u00e9s  seront  avis\u00e9s  par  Drac\u00e9nie\nProvence Verdon agglom\u00e9ration , dix jours au moins avant le commencement des travaux\nd'am\u00e9nagement, par courrier recommand\u00e9 avec accus\u00e9 de r\u00e9ception. Ce courrier indiquera\nla date du d\u00e9but des travaux ainsi que leur dur\u00e9e pr\u00e9visionnelle.\nArticle 11     :   Si la comp\u00e9tence DFCI n'est plus assur\u00e9e par le b\u00e9n\u00e9ficiaire de la servitude, la\nstructure territoriale qui sera charg\u00e9e de la mise en \u0153uvre de la comp\u00e9tence DFCI, deviendra\nalors le nouveau b\u00e9n\u00e9ficiaire. \u00c0 d\u00e9faut, la servitude reviendra \u00e0  la commune de Claviers.\n4/5Direction d\u00e9partementale des territoires et de la mer du Var - 83-2024-02-26-00011 - ARR\u00caT\u00c9 PR\u00c9FECTORAL n\u00b0\nDDTM/SAF/BFDFCI/2024-02 du 26 f\u00e9vrier 2024 portant \u00e9tablissement d\u25a1une servitude de passage et d'am\u00e9nagement sur la piste I24 \u00ab\nLa Font du Saule \u00bb commune de Claviers11\nP\nArticle 12     :   Le secr\u00e9taire g\u00e9n\u00e9ral de la Pr\u00e9fecture, le directeur d\u00e9partemental des territoires et\nde la mer du Var, le pr\u00e9sident de Drac\u00e9nie Provence Verdon agglom\u00e9ration et  le maire de la\ncommune de Claviers sont charg\u00e9s, chacun en ce qui le concerne, de l'application du pr\u00e9sent\narr\u00eat\u00e9.\nFait \u00e0 Toulon, le 26 f\u00e9vrier 2024\nPour le pr\u00e9fet et par d\u00e9l\u00e9gation,\nLe secr\u00e9taire g\u00e9n\u00e9ral,\nSIGN\u00c9\nLucien GIUDICELLI\n5/5Direction d\u00e9partementale des territoires et de la mer du Var - 83-2024-02-26-00011 - ARR\u00caT\u00c9 PR\u00c9FECTORAL n\u00b0\nDDTM/SAF/BFDFCI/2024-02 du 26 f\u00e9vrier 2024 portant \u00e9tablissement d\u25a1une servitude de passage et d'am\u00e9nagement sur la piste I24 \u00ab\nLa Font du Saule \u00bb commune de Claviers12\nDirection d\u00e9partementale des territoires et de la\nmer du Var\n83-2024-03-07-00005\nARR\u00caT\u00c9 PR\u00c9FECTORAL n\u00b0\nDDTM/SAF/BFDFCI/2024-03 du 07 mars 2024\nportant application du r\u00e9gime forestier sur la\nfor\u00eat d\u00e9partementale espace naturel sensible\nAnth\u00e9or\nDirection d\u00e9partementale des territoires et de la mer du Var - 83-2024-03-07-00005 - ARR\u00caT\u00c9 PR\u00c9FECTORAL n\u00b0\nDDTM/SAF/BFDFCI/2024-03 du 07 mars 2024 portant application du r\u00e9gime forestier sur la for\u00eat d\u00e9partementale espace naturel\nsensible Anth\u00e9or13\nEZ\nPREFET\nDU  VAR\nLibert\u00e9\nEgalit\u00e9\nFraternit\u00e9\nP\nARR\u00caT\u00c9 PR\u00c9FECTORAL n\u00b0 DDTM/SAF/BFDFCI/2024-03 du 07 mars 2024\nportant application du r\u00e9gime forestier sur la for\u00eat d\u00e9partementale \nespace naturel sensible Anth\u00e9or \nLe Pr\u00e9fet du Var,\nVules articles L.211-1, L.214-3 et R.214-8 du Code forestier \u00a0;\nVul'arr\u00eat\u00e9  du  4  mars  2022  portant  nomination  de  M.  Laurent  BOULET,  directeur\nd\u00e9partemental des territoires et de la mer du Var  ;\nVu l'arr\u00eat\u00e9 pr\u00e9fectoral n\u00b0 2023/63/MCI du 21 ao\u00fbt 2023 portant d\u00e9l\u00e9gation de signature \u00e0 M.\nLaurent BOULET, directeur d\u00e9partemental des territoires et de la mer du Var \u00a0;\nVu la d\u00e9lib\u00e9ration de la commission permanente du D\u00e9partement du Var en date du 20 juillet\n2020 ;\nVu le plan des lieux de l'Espace Naturel Sensible Anth\u00e9or ;\nVu l'avis du Directeur de l'agence territoriale Alpes Maritimes - Var de l'Office National des\nFor\u00eats en date du 25 janvier 2024 ;\nConsid\u00e9rant l'avis favorable de la direction d\u00e9partementale des territoires et de la mer du\nVar ;\nSur proposition du directeur d\u00e9partemental des territoires et de la mer du Var,\nARR\u00caTE :\nArticle  1  er     :   L'application  du  r\u00e9gime  forestier  est  prononc\u00e9e  sur  les  parcelles  de  terrain\nforestier constituant l'espace naturel sensible Anth\u00e9or, appartenant au D\u00e9partement du Var,\nsises sur le territoire communal de Saint Rapha\u00ebl et d\u00e9sign\u00e9es dans le tableau, ci-dessous,\npour une surface totale de 18 ha 55 a 23 ca.\nSECTION N\u00b0 PLAN LIEU-DIT SURFACE m2\nBK231 ANTHEOR 39573\nBK232 ANTHEOR 56450\nBK233 ANTHEOR 89500\nTOTAL 185523\nsoit 18.5523 ha\nDirection d\u00e9partementale\ndes territoires et de la mer du VarDirection d\u00e9partementale des territoires et de la mer du Var - 83-2024-03-07-00005 - ARR\u00caT\u00c9 PR\u00c9FECTORAL n\u00b0\nDDTM/SAF/BFDFCI/2024-03 du 07 mars 2024 portant application du r\u00e9gime forestier sur la for\u00eat d\u00e9partementale espace naturel\nsensible Anth\u00e9or14\nP\nArticle 2     :   Le pr\u00e9sent arr\u00eat\u00e9 est susceptible d'un recours aupr\u00e8s du tribunal administratif de\nToulon  dans  un  d\u00e9lai  de  deux  mois  \u00e0  compter  de  sa  publication  au  recueil  des  actes\nadministratifs.\nArticle 3     :   Le secr\u00e9taire g\u00e9n\u00e9ral de la  pr\u00e9fecture du  Var, le directeur d\u00e9partemental des\nterritoires et de la mer du Var, le pr\u00e9sident du D\u00e9partement du Var, le directeur territorial de\nl'office national des for\u00eats, sont charg\u00e9s chacun en ce qui le concerne, de l'ex\u00e9cution du\npr\u00e9sent arr\u00eat\u00e9 qui sera affich\u00e9 dans les lieux pr\u00e9vus \u00e0 cet effet au D\u00e9partement du Var et\npubli\u00e9 au recueil des actes administratifs de la Pr\u00e9fecture du Var.\nFait \u00e0 Toulon, le 07 mars 2024\npour le Pr\u00e9fet et par d\u00e9l\u00e9gation,\nLe directeur d\u00e9partemental des \nterritoires et de la mer\nSIGN\u00c9\nLaurent BOULET\n2/2Direction d\u00e9partementale des territoires et de la mer du Var - 83-2024-03-07-00005 - ARR\u00caT\u00c9 PR\u00c9FECTORAL n\u00b0\nDDTM/SAF/BFDFCI/2024-03 du 07 mars 2024 portant application du r\u00e9gime forestier sur la for\u00eat d\u00e9partementale espace naturel\nsensible Anth\u00e9or15\nDirection d\u00e9partementale des territoires et de la\nmer du Var\n83-2024-03-15-00009\nArr\u00eat\u00e9 pr\u00e9fectoral n\u00b0 DDTM/SEBIO/2024-28 du 15\nmars 2024 portant agr\u00e9ment de l\u25a1\u00e9lection de la\ntr\u00e9sori\u00e8re de l\u25a1association agr\u00e9\u00e9e pour la p\u00eache\net la protection du milieu aquatique\n\u00ab\u00a0L\u25a1Ecrevisse de l\u25a1Huveaune\u00a0\u00bb \u00e0 Saint-Zacharie\nDirection d\u00e9partementale des territoires et de la mer du Var - 83-2024-03-15-00009 - Arr\u00eat\u00e9 pr\u00e9fectoral n\u00b0 DDTM/SEBIO/2024-28 du 15\nmars 2024 portant agr\u00e9ment de l\u25a1\u00e9lection de la tr\u00e9sori\u00e8re de l\u25a1association agr\u00e9\u00e9e pour la p\u00eache et la protection du milieu aquatique\n\u00ab\u00a0L\u25a1Ecrevisse de l\u25a1Huveaune\u00a0\u00bb \u00e0 Saint-Zacharie16\nEx\nPREFET\nDU  VAR\nLibert\u00e9\nEgalit\u00e9\nFraternit\u00e9\nARR\u00caT\u00c9 PREFECTORAL n\u00b0 DDTM/SEBIO/2024-28 du 15 mars 2024\nportant agr\u00e9ment de l'\u00e9lection de la tr\u00e9sori\u00e8re de l'association agr\u00e9\u00e9e\npour la p\u00eache et la protection du milieu aquatique\n\u00ab L'Ecrevisse de l'Huveaune  \u00bb \u00e0 Saint-Zacharie\nLe pr\u00e9fet du Var,\nVu le code de l'environnement et notamment ses articles R. 434-27 et R. 434-35 ;\nVu les statuts de l'association agr\u00e9\u00e9e pour la p\u00eache et la protection du milieu aquatique\n(A.A.P .P .M.A) \u00ab L'Ecrevisse de l'Huveaune  \u00bb dont le si\u00e8ge social est \u00e0  Saint-Zacharie, approuv\u00e9s\npar arr\u00eat\u00e9 pr\u00e9fectoral du 3 avril 2023 ;\nVu l'arr\u00eat\u00e9 pr\u00e9fectoral n\u00b0 2023/63/MCI du 21 ao\u00fbt 2023 portant d\u00e9l\u00e9gation de signature \u00e0 M.\nLaurent BOULET, directeur d\u00e9partemental des territoires et de la mer du Var  ;\nVu l'arr\u00eat\u00e9  pr\u00e9fectoral  n\u00b0  DDTM/MPCA/2023-03  du  26  septembre  2023  donnant\nsubd\u00e9l\u00e9gation de signature \u00e0 des agents de la direction d\u00e9partementale  des territoires et de\nla mer du Var ;\nVu  l'extrait du proc\u00e8s-verbal du conseil d'administration du 2 mars 2024 de l'association\nagr\u00e9\u00e9e pour la p\u00eache et la protection du milieu aquatique \u00ab L'Ecrevisse de l'Huveaune  \u00bb ;\nVu la lettre de d\u00e9mission de Mme Annick JANICKI, tr\u00e9sori\u00e8re de l'AAPPMA  \u00ab L'Ecrevisse de\nl'Huveaune \u00bb du 2 mars 2024 ;\nVu la fiche de renseignements du 2 mars 2024 de Mme SOARES-MIRANDA Elisabeth  qui fait\npart de sa candidature au poste de tr\u00e9sori\u00e8re ;\nVu la demande de la f\u00e9d\u00e9ration d\u00e9partementale du Var pour la p\u00eache et la protection du\nmilieu  aquatique  du  12  mars  2024  pour  l'agr\u00e9ment  de  la  tr\u00e9sori\u00e8re  de  l' A.A.P .P .M.A\nsusvis\u00e9e ;\nConsid\u00e9rant que la demande est conforme aux exigences du code de l'environnement ;\nSur proposition du chef du service eau et biodiversit\u00e9 de la direction d\u00e9partementale des\nterritoires et de la mer du Var  ;\nARR\u00caTE :\n1/2\nDirection d\u00e9partementale\ndes territoires et de la mer du Var\nService eau et biodiversit\u00e9Direction d\u00e9partementale des territoires et de la mer du Var - 83-2024-03-15-00009 - Arr\u00eat\u00e9 pr\u00e9fectoral n\u00b0 DDTM/SEBIO/2024-28 du 15\nmars 2024 portant agr\u00e9ment de l\u25a1\u00e9lection de la tr\u00e9sori\u00e8re de l\u25a1association agr\u00e9\u00e9e pour la p\u00eache et la protection du milieu aquatique\n\u00ab\u00a0L\u25a1Ecrevisse de l\u25a1Huveaune\u00a0\u00bb \u00e0 Saint-Zacharie17\nArticle 1  er   :   Abrogation\nL'arr\u00eat\u00e9 pr\u00e9fectoral du 9 d\u00e9cembre 2021 portant agr\u00e9ment de l'\u00e9lection de Mme Annick\nJANICKI, en qualit\u00e9 de tr\u00e9sori\u00e8re de l'A.A.P .P .M.A \u00ab L'Ecrevisse de l'Huveaune  \u00bb, est abrog\u00e9.\nArticle 2     :   Agr\u00e9ment\nL'agr\u00e9ment  pr\u00e9vu  \u00e0  l'article  R.  434-27  du  code  de  l'environnement  est  accord\u00e9  \u00e0\nMme SOARES-MIRANDA Elisabeth en qualit\u00e9 de tr\u00e9sori\u00e8re de  l'A.A.P .P .M.A  \u00ab L'Ecrevisse de\nl'Huveaune \u00bb \u00e0 Saint-Zacharie .\nArticle 3     :   Dur\u00e9e du mandat\nConform\u00e9ment \u00e0 l'article R. 434-35 du code de l'environnement, le mandat commencera \u00e0 la\ndate  du  pr\u00e9sent  arr\u00eat\u00e9  et  se  terminera  le  31  d\u00e9cembre de  l'ann\u00e9e  pr\u00e9c\u00e9dant  la  date\nd'expiration des prochains baux de p\u00eache consentis par l'\u00c9tat sur le domaine public.\nArticle 4     :   Voies et d\u00e9lais de recours\nLe pr\u00e9sent arr\u00eat\u00e9 peut faire l'objet d'un recours gracieux ou hi\u00e9rarchique dans un d\u00e9lai de\n2 mois \u00e0 compter de sa notification. Il peut aussi faire l'objet d'un recours contentieux devant\nle tribunal administratif de Toulon dans ce m\u00eame d\u00e9lai.\nLe d\u00e9faut de r\u00e9ponse de l'administration au recours gracieux ou hi\u00e9rarchique dans un d\u00e9lai\nde 2 mois apr\u00e8s sa r\u00e9ception fait na\u00eetre une d\u00e9cision implicite de rejet qui peut elle-m\u00eame\nfaire l'objet d'un recours contentieux devant le tribunal administratif dans un d\u00e9lai de 2 mois .\nLe tribunal administratif peut \u00eatre saisi par l'application informatique \"T\u00e9l\u00e9recours citoyen\"\naccessible par le site internet www.telerecours.fr  .  \nArticle 4     :   Publication\nLe directeur d\u00e9partemental des territoires et de la mer est charg\u00e9 de la notification et de\nl'ex\u00e9cution  du  pr\u00e9sent  arr\u00eat\u00e9  qui  sera  publi\u00e9  au  recueil  des  actes  administratifs  de  la\npr\u00e9fecture du Var.\nPour le pr\u00e9fet et par d\u00e9l\u00e9gation,\nPour le directeur d\u00e9partemental des territoires et de la mer et par subd\u00e9l\u00e9gation,\nLe chef du bureau eau et Natura 2000,\nSign\u00e9\nS\u00e9bastien LERDA\n2/2Direction d\u00e9partementale des territoires et de la mer du Var - 83-2024-03-15-00009 - Arr\u00eat\u00e9 pr\u00e9fectoral n\u00b0 DDTM/SEBIO/2024-28 du 15\nmars 2024 portant agr\u00e9ment de l\u25a1\u00e9lection de la tr\u00e9sori\u00e8re de l\u25a1association agr\u00e9\u00e9e pour la p\u00eache et la protection du milieu aquatique\n\u00ab\u00a0L\u25a1Ecrevisse de l\u25a1Huveaune\u00a0\u00bb \u00e0 Saint-Zacharie18","date":"2024-03-18","first_seen_on":"2024-08-21T10:32:23+00:00","id":"c0dd1314926669c493857d8d3f7944dacbaf11efdaa6c4169f484d77da4190b4","name":"RAA N\u00b0039 du 18 mars 2024","pdf_creation_date":"2024-03-18T14:08:14+00:00","pdf_modification_date":null,"timezone":"Europe/Paris","url":"https://www.var.gouv.fr/contenu/telechargement/33700/224648/file/RAA%20N%C2%B0039%20du%2018%20mars%202024%20NON%20NOMINATIF.pdf"}
