{"administration":"pref30","administration_name":"Pr\u00e9fecture du Gard","content":"PR\u00c9FET\nDU GARD\nRECUEIL DES ACTES\nADMINISTRATIFS SP\u00c9CIAL\nN\u00b030-2025-055\nPUBLI\u00c9 LE  2 AVRIL 2025\nSommaire\nAgence R\u00e9gionale de la Sant\u00e9- d\u00e9l\u00e9gation d\u00e9partementale du Gard\n/\n30-2025-04-02-00001 - Arr\u00eat\u00e9 portant lever de la suspension en urgence\nde l'agrement de la soci\u00e9t\u00e9 Ambulance ADML (2 pages) Page 3\nCentre Hospitalier Ales-Cevennes / Direction G\u00e9n\u00e9rale - Secr\u00e9tariat\n30-2025-03-31-00012 - Avenant 1 \u00e0 la d\u00e9l\u00e9gation de signature de\nd\u00e9l\u00e9gation de signature N\u00b0847 (2 pages) Page 6\nDirection D\u00e9partementale des Tetrritoires et de la Mer du Gard /\n30-2025-03-31-00003 - Arr\u00eat\u00e9 portant prescriptions compl\u00e9mentaires\nau titre de l'article L.214-3 du code de l'environnement aux ouvrages\nde pr\u00e9l\u00e8vement en eau \u00e0 usage d'irrigation exploit\u00e9s par M.\nBOURDON Samuel sur la commune de Saint-Andr\u00e9-de-Valborgne (8\npages) Page 9\n30-2025-03-31-00006 - Arr\u00eat\u00e9 pr\u00e9fectoral portant autorisation de\np\u00eache professionnelle en eau douce sur les \u00e9tangs et les marais du Crey,\ndu Charnier et du Scamandre sur la commune de Vauvert, pour monsieur\nThibault MEYNADIER. (5 pages) Page 18\n30-2025-03-28-00004 - Arr\u00eat\u00e9 pr\u00e9fectoral portant autorisation de\np\u00eache professionnelle en eau douce sur l'\u00e9tang de Scamandre, sur la\ncommune de Vauvert, pour monsieur Lyonel BENOIT. (4 pages) Page 24\n30-2025-03-31-00007 - Arr\u00eat\u00e9 pr\u00e9fectoral pPortant autorisation de\np\u00eache professionnelle en eau douce sur les \u00e9tangs et les marais dudu\nCrey, du Charnier et du Scamandre, sur la commune de Vauvert, pour\nmonsieur Romain MEYNADIER. (5 pages) Page 29\nPrefecture du Gard / SAPSI\n30-2025-04-02-00002 - Arr\u00eat\u00e9 pr\u00e9fectoral n\u00b030-2025-04-02-00002\nportant constitution et fonctionnement de la sous-commission\nd\u00e9partementale pour la s\u00e9curit\u00e9 publique. (6 pages) Page 35\n2\nAgence R\u00e9gionale de la Sant\u00e9- d\u00e9l\u00e9gation\nd\u00e9partementale du Gard\n30-2025-04-02-00001\nArr\u00eat\u00e9 portant lever de la suspension en urgence\nde l'agrement de la soci\u00e9t\u00e9 Ambulance ADML\nAgence R\u00e9gionale de la Sant\u00e9- d\u00e9l\u00e9gation d\u00e9partementale du Gard - 30-2025-04-02-00001 - Arr\u00eat\u00e9 portant lever de la suspension en\nurgence de l'agrement de la soci\u00e9t\u00e9 Ambulance ADML 3\nREPUBLIQUE\u00a9 > Agence R\u00e9gionale de Sant\u00e9 | FRAN\u00c7AISEOccitanie Libert\u00e9\u00c9galit\u00e9Fraternit\u00e9\nLe directeur g\u00e9n\u00e9ral de l'agence r\u00e9gionale de sant\u00e9 Occitanie\nARR\u00caT\u00c9 n\u00b0\nPortant lever de la suspension en urgence de l'agr\u00e9ment de l'entreprise de transportssanitaires \u00ab AMBULANCE ADML \u00bb, sise Chemin Bas du Pr\u00e8s Ouest, 30560 Saint-Hilaire de Brethmas \u00bb \u00a9\nVule code de la sant\u00e9 publique et notamment ses articles L.6312-1 et suivants, R.6312-1 et suivants modifi\u00e9s et R.6313-6 et suivants, R. 6312-13, R. 6313-7 et R. 6313-7-1.VuVu\nVu\nVu\nla loi n\u00b0 2009-879 du 21 juillet 2009 portant r\u00e9forme de l'h\u00f4pital et relative aux patients, \u00e0 la sant\u00e9 et aux territoires ;la loi n\u00b0 2015-29 du 16 janvier 2015 relative a la d\u00e9limitation des r\u00e9gions, aux \u00e9lections r\u00e9gionales et d\u00e9partementaleset modifiant le calendrier \u00e9lectoral ;l'ordonnance n\u00b0 2010-177 du 23 f\u00e9vrier 2010 de coordination avec la loi n\u00b0 2009-879 du 21 juillet 2009 ;l'ordonnance n\u00b0 2015-1620 du 10 d\u00e9cembre 2015 adaptant les agences r\u00e9gionales de sant\u00e9 et les unions r\u00e9gionalesde professionnels de sant\u00e9 \u00e0 la nouvelle d\u00e9limitation des r\u00e9gions ;le d\u00e9cret n\u00b0 2009-136 du 9 f\u00e9vrier 2009 portant diverses dispositions relatives aux plaques et inscriptions, \u00e0 lar\u00e9ception et \u00e0 l'homologation et \u00e0 l'immatriculation des v\u00e9hicules ;le d\u00e9cret n\u00b0 2010-336 du 31 mars 2010 portant cr\u00e9ation des agences r\u00e9gionales de sant\u00e9 ;le d\u00e9cret n\u00b0 2012-1007 du 29 ao\u00fbt 2012 relatif \u00e0 l'agr\u00e9ment n\u00e9cessaire au transport sanitaire terrestre et \u00e0l'autorisation de mise en service de v\u00e9hicules de transports sanitaires ;le d\u00e9cret n\u00b0 2012-1331 du 29 novembre 2012 modifiant certaines dispositions r\u00e9glementaires prises en applicationde la loi n\u00b0 2009-879 du 21 juillet 2009 portant r\u00e9forme de l'h\u00f4pital et relative aux patients, \u00e0 la sant\u00e9 et auxterritoires ;le d\u00e9cret n\u00b0 2016-1264 du 28 septembre 2016 portant fixation du nom et du chef-lieu de la r\u00e9gion Occitaniele d\u00e9cret du 20 avril 2022 portant nomination de Monsieur Didier JAFFRE au poste de directeur g\u00e9n\u00e9ral de l'agencer\u00e9gionale de sant\u00e9 Occitanie ;l'arr\u00eat\u00e9 du 12 d\u00e9cembre 2017 fixant les caract\u00e9ristiques et les installations mat\u00e9rielles exig\u00e9es pour les v\u00e9hiculesaffect\u00e9s aux transports sanitaires terrestres ;l'arr\u00eat\u00e9 n\u00b0 30-2020-09-21-007 portant autorisation de l'agr\u00e9ment de l'entreprise de transports sanitaires terrestres\u00ab SARL Ambulance ADML \u00bb.\nConsid\u00e9rant : La visite de conformit\u00e9 r\u00e9alis\u00e9e le 01\u00b0 avril 2025.\nAgence R\u00e9gionale de Sant\u00e9 OccitanieD\u00e9l\u00e9gation d\u00e9partementale du GARD6. rue du Mail30906 N NIMES, CEDEX 2occitanie.ars.sante. fr v in)\nAgence R\u00e9gionale de la Sant\u00e9- d\u00e9l\u00e9gation d\u00e9partementale du Gard - 30-2025-04-02-00001 - Arr\u00eat\u00e9 portant lever de la suspension en\nurgence de l'agrement de la soci\u00e9t\u00e9 Ambulance ADML 4\nConsid\u00e9rant :\nConsid\u00e9rant :\nConsid\u00e9rant :\nArticle 1\u00b0 :\nArticle 2 :\nArticle 3 :\nArticle 4 :\nArticle 5 :\nque la soci\u00e9t\u00e9 dispose \u00e0 ce jour d'un local conforme destin\u00e9 \u00e0 l'accueil des patients ou de leur famille,permettant d'assurer la d\u00e9sinfection et l'entretien courant des v\u00e9hicules, ainsi que la maintenance dumat\u00e9riel.qu'elle dispose d'une aire situ\u00e9e dans la commune ou l'agglom\u00e9ration suffisamment vaste pour permettrele stationnement des v\u00e9hicules inscrits \u00e0 l'agr\u00e9ment dont notamment un garage couvert pour accueillir aumoins une ambulance.qu'il n'existe ainsi plus de risque important pour la prise en charge des patients transport\u00e9s par la soci\u00e9t\u00e9\u00ab Ambulance ADML \u00bb et qu'il n'est ainsi plus n\u00e9cessaire de suspendre en urgence l'agr\u00e9ment de la soci\u00e9t\u00e9,car elle dispose maintenant de sa pleine capacit\u00e9 \u00e0 effectuer des transports sanitaires en toute s\u00e9curit\u00e9.\nARR\u00caTE\nL'agr\u00e9ment de l'entreprise priv\u00e9e de transports sanitaires \u00ab AMBULANCE ADML \u00bb, d\u00e9livr\u00e9 pour effectuerdes transports dans le cadre de l'aide m\u00e9dicale urgente et des transports sur prescription m\u00e9dicale, est \u00e0nouveau conforme \u00e0 la r\u00e9glementation en vigueur. La suspension de l'agr\u00e9ment de la soci\u00e9t\u00e9 \u00e0 titreprovisoire avec effet imm\u00e9diat, d\u00e8s la notification de la pr\u00e9sente, est donc annul\u00e9.Le pr\u00e9sent arr\u00eat\u00e9 est notifi\u00e9 au g\u00e9rant de l'entreprise.Un exemplaire sera communiqu\u00e9 :- Au Pr\u00e9fet du Gard- Au directeur de la CPAM du Gard- Au directeur du SAMU Centre 15_- Au pr\u00e9sident de l'ATSUSur communication par la soci\u00e9t\u00e9 \u00ab AMBULANCE ADML \u00bb de l'adresse des locaux et des d\u00e9cisions prisespermettant de justifier de sa conformit\u00e9 \u00e0 l'arr\u00eat\u00e9 du 12 d\u00e9cembre 2017 fixant les caract\u00e9ristiques et lesinstallations mat\u00e9rielles exig\u00e9es pour les v\u00e9hicules affect\u00e9s aux transports sanitaires terrestres, une visite deconformit\u00e9 a \u00e9t\u00e9 diligent\u00e9e sans d\u00e9lai par l' Agence R\u00e9gionale de Sant\u00e9.La visite de conformit\u00e9 s'av\u00e8re conforme, la soci\u00e9t\u00e9 rempli \u00e0 nouveau les conditions pour la d\u00e9livrance del'agr\u00e9ment sera lev\u00e9e conform\u00e9ment aux dispositions pr\u00e9vues \u00e0 l'article R6313-7-1 du code de la sant\u00e9publique. La suspension de l'agr\u00e9ment est donc annul\u00e9e.La pr\u00e9sente d\u00e9cision peut faire l'objet, dans un d\u00e9lai de deux mois suivant sa notification pour le titulaire,ou le cas \u00e9ch\u00e9ant sa publication au recueil des actes administratifs de la pr\u00e9fecture du Gard pour les tiers,d'un recours administratif et/ou d'un recours contentieux devant le tribunal administratif territorialementcomp\u00e9tent.Le tribunal administratif peut \u00eatre saisi par l'application informatique \u00ab t\u00e9l\u00e9recours citoyens \u00bb accessiblepar le site internet www.telerecours. fr.Le directeur d\u00e9partemental du Gard est charg\u00e9 de l'ex\u00e9cution du pr\u00e9sent arr\u00eat\u00e9 qui sera publi\u00e9 au recueildes actes administratifs de la Pr\u00e9fecture du Gard.\nFait \u00e0 Montpellier, le = 2 AVR. 2025\nAgence R\u00e9gionale de Sant\u00e9 Occitanie. D\u00e9l\u00e9gation d\u00e9partementale du GARD6, rue du Mail30906 NIMES CEDEX 2tani inoccitanie.ars.sante.fr\nAgence R\u00e9gionale de la Sant\u00e9- d\u00e9l\u00e9gation d\u00e9partementale du Gard - 30-2025-04-02-00001 - Arr\u00eat\u00e9 portant lever de la suspension en\nurgence de l'agrement de la soci\u00e9t\u00e9 Ambulance ADML 5\nCentre Hospitalier Ales-Cevennes\n30-2025-03-31-00012\nAvenant 1 \u00e0 la d\u00e9l\u00e9gation de signature de\nd\u00e9l\u00e9gation de signature N\u00b0847\nCentre Hospitalier Ales-Cevennes - 30-2025-03-31-00012 - Avenant 1 \u00e0 la d\u00e9l\u00e9gation de signature de d\u00e9l\u00e9gation de signature N\u00b0847 6\nCentresOSPITALIERl\u00e8s. CevenneLe DirecteurAvenant n\u00b01 \u00e0 la D\u00e9cision N\u00b0847 relative \u00e0 la d\u00e9l\u00e9gation de signatureaccord\u00e9e par Monsieur le Directeur duCentre Hospitalier Al\u00e8s-C\u00e9vennes \u00e0 l'\u00e9quipe de directionLe directeur du Centre Hospitalier Al\u00e8s-C\u00e9vennes :- vu la d\u00e9cision n\u00b0851 portant suspension, \u00e0 titre conservatoire, des fonctions de Mme ClarisseMOLINA,Les articles 1, 2 et 12 de la pr\u00e9sente d\u00e9cision n\u00b0847 du sont modifi\u00e9s comme suit :\nDECIDEArticle 11. Ordonnancement et mandatement des d\u00e9penses et \u00e9mission des titres de recettes- 4% ordonnateur suppl\u00e9ant : M. Fr\u00e9d\u00e9ric PEPY, directeur adjoint, charg\u00e9 de la patient\u00e8le- 2\u00e8me ordonnateur suppl\u00e9ant : Mme V\u00e9ronique BEHEREGARAY, directrice adjointe, charg\u00e9e desressources logistiques et techniques, des GIP et du SIH- 3eme ordonnateur suppl\u00e9ant : M. Pascal WESTRELIN, Adjoint au Directeur2. Direction des ressources financi\u00e8res et du contr\u00f4le de gestionM. Fr\u00e9d\u00e9ric PEPY est charg\u00e9, en qualit\u00e9 de directeur adjoint, l'int\u00e9rim de la direction desressources financi\u00e8res et du contr\u00f4le de gestion, sous la responsabilit\u00e9 directe de M. CATALDO,Directeur g\u00e9n\u00e9ral.M. PEPY est charg\u00e9 en qualit\u00e9 de directeur adjoint, incluant des dossiers sp\u00e9cifiques en tant quede besoin, de mettre en \u0153uvre dans le domaine de cette direction, les orientations d\u00e9finies par leConseil de surveillance et le directeur.Pour ce faire, il prend toutes dispositions n\u00e9cessaires, avec l'appui des personnels sur lesquels il aautorit\u00e9, afin de r\u00e9aliser les objectifs qui lui ont \u00e9t\u00e9 fix\u00e9s.En cas d'absence ou d'emp\u00eachement du directeur de l'\u00e9tablissement, d\u00e9l\u00e9gation est donn\u00e9e \u00e0M. PEPY, directeur adjoint, \u00e0 l'effet de signer les actes aff\u00e9rents aux missions de la direction desfinances et du contr\u00f4le de gestion, \u00e0 l'exclusion des points 1, 4, 5, 6 et 15 de l'article L6143-7 duCode de la Sant\u00e9 publique.M. PEPY participe au comit\u00e9 de direction, qu'il tient inform\u00e9 de ses attributions et rend compte del'emploi de sa d\u00e9l\u00e9gation au directeur.12. Astreintes de directionAfin d'assurer la continuit\u00e9 de la direction de l'\u00e9tablissement, le directeur associ\u00e9 au tour de gardede direction : M. Emmanuel ANDRE, Mme V\u00e9ronique BEHEREGARAY, Mme Nathalie DELEUZE,M. Fabien DROUOT, M. Jean-No\u00ebl GRAS, Mme Anne-Marie HILLAIRE, Mme Murielle PLAZA,M. Fr\u00e9d\u00e9ric PEPY, Mme Val\u00e9rie QUEROL, Mme Am\u00e9lie SACHOT, M. Pascal WESTRELIN\nCentre Hospitalier Ales-Cevennes - 30-2025-03-31-00012 - Avenant 1 \u00e0 la d\u00e9l\u00e9gation de signature de d\u00e9l\u00e9gation de signature N\u00b0847 7\nA ce titre, l'administrateur de garde re\u00e7oit d\u00e9l\u00e9gation g\u00e9n\u00e9rale \u00e0 l'effet de signer dans les mati\u00e8resqu'il rencontre durant les gardes. Il rend compte au comit\u00e9 de direction du d\u00e9roulement de lagarde. De mani\u00e8re g\u00e9n\u00e9rale et notamment durant la garde administrative, le directeur del'\u00e9tablissement est averti sans d\u00e9lai, d\u00e8s lors qu'il survient un probl\u00e8me grave ou li\u00e9 \u00e0 la s\u00e9curit\u00e9.Article 2Cet avenant prend effet \u00e0 la date du 31 mars 2025. Elle sera notifi\u00e9e aux membres de l'\u00e9quipe dedirection et aux administrateurs de garde de direction.Article 3Les d\u00e9l\u00e9gataires sont charg\u00e9s de l'ex\u00e9cution de la pr\u00e9sente d\u00e9l\u00e9gation dont ampliation seraadress\u00e9e \u00e0 M. le d\u00e9l\u00e9gu\u00e9 d\u00e9partemental de l'agence r\u00e9gionale de sant\u00e9 OCCITANIE ainsi qu'\u00e0 lacomptable publique responsable de la tr\u00e9sorerie hospitali\u00e8re d'Al\u00e9s, et qui fera l'objet d'uneinsertion au recueil des actes administratif du d\u00e9partement.\nstian CATALDO\nCentre Hospitalier Ales-Cevennes - 30-2025-03-31-00012 - Avenant 1 \u00e0 la d\u00e9l\u00e9gation de signature de d\u00e9l\u00e9gation de signature N\u00b0847 8\nDirection D\u00e9partementale des Tetrritoires et de\nla Mer du Gard\n30-2025-03-31-00003\nArr\u00eat\u00e9 portant prescriptions compl\u00e9mentaires\nau titre de l'article L.214-3 du code de\nl'environnement aux ouvrages de pr\u00e9l\u00e8vement\nen eau \u00e0 usage d'irrigation exploit\u00e9s par M.\nBOURDON Samuel sur la commune de\nSaint-Andr\u00e9-de-Valborgne\nDirection D\u00e9partementale des Tetrritoires et de la Mer du Gard - 30-2025-03-31-00003 - Arr\u00eat\u00e9 portant prescriptions\ncompl\u00e9mentaires au titre de l'article L.214-3 du code de l'environnement aux ouvrages de pr\u00e9l\u00e8vement en eau \u00e0 usage d'irrigation\nexploit\u00e9s par M. BOURDON Samuel sur la commune de Saint-Andr\u00e9-de-Valborgne\n9\nEnPREFETDU GARDLibert\u00e9Egalit\u00e9Fraternit\u00e9\nDirection d\u00e9partementale\ndes territoires et de la mer\nService eau et risques\nUnit\u00e9 milieux aquatiques et ressource en eau\nR\u00e9f : 30-2025-00013\nARR\u00caT\u00c9 N\u00b0\nportant prescriptions compl\u00e9mentaires au titre de l'article L.214-3 du code de l'environnement aux \nouvrages de pr\u00e9l\u00e8vement en eau \u00e0 usage d'irrigation exploit\u00e9s par M. BOURDON Samuel\nsur la commune de Saint-Andr\u00e9-de-Valborgne\nLe pr\u00e9fet du Gard\nChevalier de la L\u00e9gion d'honneur\nChevalier de l'Ordre national du m\u00e9rite\nVU la directive n\u00b0 2000-60 du Parlement Europ\u00e9en et du Conseil du 23 octobre 2000 \u00e9tablissant un cadre \npour une politique communautaire dans le domaine de l'eau ;\nVU la loi n\u00b02006-1772 du 30 d\u00e9cembre 2006 sur l'eau et les milieux aquatiques ;\nVU le d\u00e9cret du 13 juillet 2023 portant nomination du pr\u00e9fet du Gard \u2013 M. BONET J\u00e9r\u00f4me ;\nVU le code de l'environnement ;\nVU l'arr\u00eat\u00e9 du 11 septembre 2003 portant application du d\u00e9cret n\u00b0 96-102 du 2 f\u00e9vrier 1996 et fixant les  \nprescriptions g\u00e9n\u00e9rales applicables aux pr\u00e9l\u00e8vements soumis \u00e0  d\u00e9claration en application des articles  \nL.214-1 \u00e0 L.214-3 du code de l'environnement et relevant des rubriques 1.1.2.0, 1.2.1.0, 1.2.2.0 ou 1.3.1.0 de la \nnomenclature annex\u00e9e au d\u00e9cret n\u00b0 93-743 du 29 mars 1993 modifi\u00e9 ;\nVU l'arr\u00eat\u00e9 du 9 juin 2021 fixant les prescriptions techniques g\u00e9n\u00e9rales applicables aux plans d'eau, y  \ncompris en ce qui concerne les modalit\u00e9s de vidange, relevant de la rubrique 3.2.3.0 de la nomenclature  \nannex\u00e9e \u00e0 l'article R.214-1 du code de l'environnement ;\nVU l'arr\u00eat\u00e9  du  pr\u00e9fet  coordonnateur  de  bassin  du  21  mars  2022  portant  approbation  du  sch\u00e9ma \ndirecteur  d'am\u00e9nagement  et  de  gestion  des  eaux  du  bassin  Rh\u00f4ne  M\u00e9diterran\u00e9e  et  arr\u00eatant  le \nprogramme pluriannuel de mesures correspondant (SDAGE RM pour la p\u00e9riode 2022-2027) ;\nVU l'arr\u00eat\u00e9 inter-pr\u00e9fectoral n\u00b0 30-215-12-18-001 du 18 d\u00e9cembre 2015 portant approbation du sch\u00e9ma  \nd'am\u00e9nagement et de gestion des eaux (SAGE) des Gardons ;\nVU l'arr\u00eat\u00e9  inter-pr\u00e9fectoral  n\u00b0  2013303-0003  du  30  octobre  2013  portant  classement  en  Zone  de \nR\u00e9partition des Eaux du bassin versant amont des Gardons ;\nVU le plan de gestion quantitative de la ressource en eau (PGRE) du bassin versant des Gardons approuv\u00e9 \npar le pr\u00e9fet le 28 d\u00e9cembre 2018 ;\n1\n89, rue Weber \u2013 30907 NIMES CEDEX 2\nT\u00e9l : 04 66 62 62 00 - Fax : 04 66 23 28 79 - www.gard.gouv.fr\nDirection D\u00e9partementale des Tetrritoires et de la Mer du Gard - 30-2025-03-31-00003 - Arr\u00eat\u00e9 portant prescriptions\ncompl\u00e9mentaires au titre de l'article L.214-3 du code de l'environnement aux ouvrages de pr\u00e9l\u00e8vement en eau \u00e0 usage d'irrigation\nexploit\u00e9s par M. BOURDON Samuel sur la commune de Saint-Andr\u00e9-de-Valborgne\n10\nVU l'arr\u00eat\u00e9 pr\u00e9fectoral n\u00b0 30-2024-03-21-00007 du 21 mars 2024 donnant d\u00e9l\u00e9gation de signature en  \nmati\u00e8re d'administration g\u00e9n\u00e9rale \u00e0 M. S\u00e9bastien FERRA, directeur d\u00e9partemental des territoires et de la  \nmer du Gard ;\nVU la d\u00e9cision n\u00b02025-SF-AG01 publi\u00e9 au RAA n\u00b030-2025-03-21-00015 portant subd\u00e9l\u00e9gation de signature  \nen mati\u00e8re d'administration g\u00e9n\u00e9rale en date du 21 mars 2025 ;\nVU l'arr\u00eat\u00e9 n\u00b0 30-2023-03-09-00002 du 9 mars 2023 portant prescriptions compl\u00e9mentaires au titre de  \nl'article L.214-3 du code de l'environnement aux ouvrages de pr\u00e9l\u00e8vement en eau \u00e0 usage d'irrigation  \nexploit\u00e9s par M. BOURDON Samuel sur la commune de Saint-Andr\u00e9 de Valborgne ;\nVU la demande d u 17 d\u00e9cembre 2024 enregistr\u00e9e au guichet unique de l'eau le 24 janvier 2025 sous le  \nn\u00b0 30-2025-00013, relative \u00e0 la modification l'autorisation de l'exploitation d'un ouvrage de stockage et  \nd'un pr\u00e9l\u00e8vement \u00e0 usage d'irrigation sur la commune de Saint-Andr\u00e9 de Valborgne ;\nVU l'avis du p\u00e9titionnaire sur le projet d'arr\u00eat\u00e9 de prescriptions compl\u00e9mentaires sollicit\u00e9 le 24 mars 2025 \net re\u00e7u par courriel du 28 mars 2025 ;\nCONSIDERANT que  les  surfaces  irrigu\u00e9es  ainsi  que  les  dimensions  de  l'ouvrage  de  stockage  et  du \npr\u00e9l\u00e8vement en eau associ\u00e9 \u00e0 son alimentation sont modifi\u00e9s telles que :\n- depuis ces ouvrages sont irrigu\u00e9es 0,6  ha d'oignons doux et 0,5  ha de tournesol semence, et non plus  \n1 ha d'oignons doux et 300 m\u00b2 de melons,\n- le bassin de stockage est r\u00e9alis\u00e9 sur la parcelle B  1122 (commune de Saint-Andr\u00e9 de Valborgne) et non  \nplus sur la parcelle B 1130,\n- le bassin de stockage est dimensionn\u00e9 pour une capacit\u00e9 de 1 700 m\u00b3 et une surface miroir de 780 m\u00b2, et \nnon plus de 1 900 m\u00b3 et 830 m\u00b2 ;\nCONSID\u00c9RANT que jusqu'\u00e0 la cr\u00e9ation du plan d'eau (\u00e9ch\u00e9ance 2026), les volumes annuels et mensuels  \nsont autoris\u00e9s \u00e0 hauteur de ceux prescrits par l'arr\u00eat\u00e9 du n\u00b0 30-2023-03-09-00002 du 9 mars 2023 sus-cit\u00e9  \net rappel\u00e9s \u00e0 l'article 9 du pr\u00e9sent arr\u00eat\u00e9 ;\nCONSIDERANT que les volumes sollicit\u00e9s par le b\u00e9n\u00e9ficiaire et leur r\u00e9partition mensuelle sont mis \u00e0 jour  \nau regard des cultures et surfaces irrigu\u00e9es (diminution des volumes hivernaux pr\u00e9lev\u00e9s et r\u00e9duction de  \n18 % des volumes pr\u00e9c\u00e9demment autoris\u00e9s) ;\nCONSIDERANT qu'aucun pr\u00e9l\u00e8vement en cours d'eau n'est effectu\u00e9 au cours du mois d'ao\u00fbt ;\nCONSIDERANT que les autres prescriptions sont inchang\u00e9es ;\nCONSIDERANT que les pertes par \u00e9vaporation peuvent \u00eatre importantes au regard de la surface miroir  \ndu plan d 'eau et sont estim\u00e9es en r\u00e9gion m\u00e9diterran\u00e9enne jusqu'\u00e0 10 mm/j/m\u00b2 en p\u00e9riode estivale dans  \ndes conditions m\u00e9t\u00e9orologiques normales ;\nCONSIDERANT que ces pertes sur le bassin de stockage sont prises en compte dans la r\u00e9partition des  \nvolumes mensuels n\u00e9cessaires au remplissage dudit bassin ;\nCONSIDERANT que selon la notification des r\u00e9sultats de l'\u00e9tude d'\u00e9valuation des volumes pr\u00e9levables, le \nbassin versant amont des Gardons pr\u00e9sente un \u00e9quilibre quantitatif pr\u00e9caire ;\nCONSIDERANT que le bassin versant des Gardons est class\u00e9 au SDAGE Rh\u00f4ne-M\u00e9diterran\u00e9e en bassin  \nversant en d\u00e9s\u00e9quilibre quantitatif sur lequel des actions relatives aux pr\u00e9l\u00e8vements sont n\u00e9cessaires  \npour l'atteinte du bon \u00e9tat des eaux ;\nCONSIDERANT que, en application de l'article L.214-18 du code de l'environnement, les pr\u00e9l\u00e8vements  \nexistants en eaux superficielles doivent permettre, dans chaque cours d'eau, le maintien d'un d\u00e9bit  \nminimal garantissant en permanence la vie, la circulation et la reproduction des esp\u00e8ces y vivant, et  \nsup\u00e9rieur au dixi\u00e8me du module du cours d'eau en aval imm\u00e9diat ou au droit des ouvrages ;\n2\n89, rue Weber \u2013 30907 NIMES CEDEX 2\nT\u00e9l : 04 66 62 62 00 - Fax : 04 66 23 28 79 - www.gard.gouv.fr\nDirection D\u00e9partementale des Tetrritoires et de la Mer du Gard - 30-2025-03-31-00003 - Arr\u00eat\u00e9 portant prescriptions\ncompl\u00e9mentaires au titre de l'article L.214-3 du code de l'environnement aux ouvrages de pr\u00e9l\u00e8vement en eau \u00e0 usage d'irrigation\nexploit\u00e9s par M. BOURDON Samuel sur la commune de Saint-Andr\u00e9-de-Valborgne\n11\nCONSIDERANT que la demande et les engagements du p\u00e9titionnaire doivent \u00eatre compl\u00e9t\u00e9es par des  \nprescriptions compl\u00e9mentaires de gestion permettant de garantir la pr\u00e9servation des int\u00e9r\u00eats vis\u00e9s \u00e0  \nl'article L.211-1 du code de l'environnement et de respecter les dispositions du SDAGE et du PGRE ;\nSUR PROPOSITION de Monsieur le directeur d\u00e9partemental des territoires et de la mer du Gard\nARR\u00caTE\nARTICLE 1 : Objet de l'autorisation\nLe b\u00e9n\u00e9ficiaire, M.BOURDON Samuel, domicili\u00e9 \u00e0 Le Mazauric 30940 Saint-Andr\u00e9-de-Valborgne, dispose,  \nen application de l'article L.214-3 du code de l'environnement et sous r\u00e9serve de la r\u00e9alisation et du  \nrespect des prescriptions \u00e9nonc\u00e9es aux articles suivants, de l'autorisation d'exploiter les ouvrages de  \npr\u00e9l\u00e8vement et de stockage cit\u00e9s ci-apr\u00e8s, situ\u00e9s sur la commune de Saint-Andr\u00e9-de-Valborgne.\nLa pr\u00e9sente autorisation tient lieu de :\n\u2022 d'abrogation   de  l'arr\u00eat\u00e9  n\u00b0  30-2023-03-09-00002  du  9  mars  2023  portant  prescriptions  \ncompl\u00e9mentaires  au  titre  de  l'article  L.214-3  du  code  de  l'environnement  aux  ouvrages  de \npr\u00e9l\u00e8vement en eau \u00e0 usage d'irrigation exploit\u00e9s par M. BOURDON Samuel sur la commune de  \nSaint-Andr\u00e9 de Valborgne ;\n\u2022 de  prescriptions  modificatives  ,  au  titre  des  articles  L.214-1  et  suivants  du  code  de  \nl'environnement ;\n\u2022 de  prescriptions  compl\u00e9mentaires  ,  au  titre  des  articles  L.214-1  et  suivants  du  code  de \nl'environnement  applicables  \u00e0  l'ensemble  des  ouvrages  et  pr\u00e9l\u00e8vements  effectu\u00e9s  par  le \nb\u00e9n\u00e9ficiaire et mentionn\u00e9s ci-apr\u00e8s.\nLe b\u00e9n\u00e9ficiaire n'est pas autoris\u00e9 \u00e0 pr\u00e9lever l'eau dans le milieu naturel \u00e0 partir d'ouvrages non list\u00e9s  \ndans le pr\u00e9sent arr\u00eat\u00e9.\nLes rubriques d\u00e9finies au tableau de l'article R.214-1 du code de l'environnement concern\u00e9es par cette  \nop\u00e9ration sont les suivantes :\nRubrique Intitul\u00e9 R\u00e9gime\nArr\u00eat\u00e9 de \nprescriptions \ng\u00e9n\u00e9rales \ncorrespondant\n1.3.1.0 A l'exception des pr\u00e9l\u00e8vements faisant l'objet d'une convention  \navec  l'attributaire  du  d\u00e9bit  affect\u00e9  pr\u00e9vu  par  l'article  L.214-9, \nouvrages, installations, travaux permettant un pr\u00e9l\u00e8vement total  \nd'eau dans une zone o\u00f9 des mesures permanentes de r\u00e9partition  \nquantitative institu\u00e9es, notamment au titre de l'article L.211-2, ont  \npr\u00e9vu l'abaissement des seuils :\n1\u00b0 Capacit\u00e9 sup\u00e9rieure ou \u00e9gale \u00e0 8 m\u00b3/ h (A) ;\n2\u00b0 Dans les autres cas (D).\nD\u00e9claration Arr\u00eat\u00e9  du  11  \nseptembre 2003\n3.2.3.0 Plans d'eau, permanents ou non :\n1\u00b0 Dont la superficie est sup\u00e9rieure ou \u00e9gale \u00e0 3 ha (A) ;\n2\u00b0 Dont la superficie est sup\u00e9rieure \u00e0 0,1  ha mais inf\u00e9rieure \u00e0 3  ha \n(D).\nNe  constituent  pas  des  plans  d'eau  au  sens  de  la  pr\u00e9sente \nrubrique les \u00e9tendues d'eau r\u00e9glement\u00e9es au titre des rubriques  \n2.1.1.0., 2.1.5.0. et 3.2.5.0. de la pr\u00e9sente nomenclature, ainsi que  \ncelles  demeurant  en  lit  mineur  r\u00e9glement\u00e9es  au  titre  de  la \nrubrique 3.1.1.0.\nLes modalit\u00e9s de vidange de ces plans d'eau sont d\u00e9finies dans le  \ncadre des actes d\u00e9livr\u00e9s au titre de la pr\u00e9sente rubrique.\nNon soumis Arr\u00eat\u00e9 du 9 juin  \n2021\n3\n89, rue Weber \u2013 30907 NIMES CEDEX 2\nT\u00e9l : 04 66 62 62 00 - Fax : 04 66 23 28 79 - www.gard.gouv.fr\nDirection D\u00e9partementale des Tetrritoires et de la Mer du Gard - 30-2025-03-31-00003 - Arr\u00eat\u00e9 portant prescriptions\ncompl\u00e9mentaires au titre de l'article L.214-3 du code de l'environnement aux ouvrages de pr\u00e9l\u00e8vement en eau \u00e0 usage d'irrigation\nexploit\u00e9s par M. BOURDON Samuel sur la commune de Saint-Andr\u00e9-de-Valborgne\n12\nARTICLE 2 : Prescriptions relatives aux ouvrages\nLa  r\u00e9alisation  et  le  dimensionnement  des  ouvrages  sont  en  tout  points  conformes  au  dossier  de \nd\u00e9claration, et respectent les prescriptions des articles ci-apr\u00e8s. \nL'exploitation de tout autre ouvrage de stockage et/ou de pr\u00e9l\u00e8vement n'est pas autoris\u00e9e.\nARTICLE 3 : Caract\u00e9ristiques des ouvrages de pr\u00e9l\u00e8vement\nLes caract\u00e9ristiques des ouvrages et des pr\u00e9l\u00e8vements autoris\u00e9s sont les suivantes :\nCommune Saint-Andre-de-Valborgne\nLocalisation cadastrale du pr\u00e9l\u00e8vement B 1268\nMasse d'eau pr\u00e9lev\u00e9e Gardon de Saint-Jean\nMasse d'eau impact\u00e9e Gardon de Saint-Jean (FRDR382)\nMoyen de pr\u00e9l\u00e8vement Pompage \u00e9lectrique\nCapacit\u00e9 de pr\u00e9l\u00e8vement 7 m\u00b3/h\nP\u00e9riode de pr\u00e9l\u00e8vement 1er avril au 31 janvier\nUsage du pr\u00e9l\u00e8vement\nIrrigation\n(avril \u00e0 juillet)\nRemplissage bassin de stockage\n(septembre \u00e0 janvier ; avril \u00e0 juillet pour compl\u00e9ment)\nCultures irrigu\u00e9es 0,6 ha oignons doux\n0,5 ha tournesol semence\nMoyen de comptage Compteur volum\u00e9trique\nLe pr\u00e9l\u00e8vement est effectu\u00e9 dans le Gardon de Saint-Jean (commune de Saint-Andr\u00e9-de-Valborgne, lieu-\ndit Mas Auric, parcelle B  1268) au moyen d'une \u00e9lectropompe remise en place chaque saison, d'une  \ncapacit\u00e9  de  7 m\u00b3/h  (6  \u00e0  7h  de  fonctionnement/j)  pour  l'irrigation  de  0,6 ha  d'oignons  doux \n(commercialisation coop\u00e9rative Origine C\u00e9vennes) et 0,5  ha de tournesol semence, et la s\u00e9curisation du  \nremplissage d'un bassin de stockage, dont les caract\u00e9ristiques sont \u00e9nonc\u00e9es \u00e0 l'article suivant.\nLe pr\u00e9l\u00e8vement dans le Gardon est effectu\u00e9 pour le remplissage du bassin de septembre \u00e0 janvier et  \nd'avril \u00e0 juillet. Le bassin est \u00e9galement aliment\u00e9 par les eaux de ruissellement.\nLe pompage en cours d'eau est exploit\u00e9 depuis la destruction du seuil qui alimentait le canal gravitaire de \nl'ASA du Mazauric, non fonctionnel depuis 2015.\nLes volumes mensuels et annuels \u00e0 pr\u00e9lever autoris\u00e9s par le pr\u00e9sent arr\u00eat\u00e9 sont, en m3 :\njanv. f\u00e9v. mars avril mai juin juillet ao\u00fbt sept. oct. nov. d\u00e9c. ann\u00e9e\n250 0 0 500 1 000 1 700 1 300 0 250 250 250 250 5750\nARTICLE 4 : Caract\u00e9ristiques des ouvrages de stockage\nPour s\u00e9curiser la production en ann\u00e9e s\u00e8che ou en cas de panne de pompe, un bassin de stockage d'une  \ncapacit\u00e9 maximale de 1  700 m\u00b3 et d'une surface maximale de 0,078  ha (15 \u00e0 23  m x 37  m x 3,5  m de  \nprofondeur) est cr\u00e9\u00e9 en 2025 en partie haute de la propri\u00e9t\u00e9 (commune de Saint-Andr\u00e9 de Valborgne,  \nlieu-dit Mas Auric, parcelle B 1122).\nIl permet de couvrir la p\u00e9riode du 20 juillet au 15 ao\u00fbt, et est aliment\u00e9 depuis le pompage mentionn\u00e9 ci-\ndessus.\nLes volumes n\u00e9cessaires au remplissage et \u00e0 l'exploitation  de ce bassin de stockage sont int\u00e9gr\u00e9s dans le  \ntableau de l'article 3.\n4\n89, rue Weber \u2013 30907 NIMES CEDEX 2\nT\u00e9l : 04 66 62 62 00 - Fax : 04 66 23 28 79 - www.gard.gouv.fr\nDirection D\u00e9partementale des Tetrritoires et de la Mer du Gard - 30-2025-03-31-00003 - Arr\u00eat\u00e9 portant prescriptions\ncompl\u00e9mentaires au titre de l'article L.214-3 du code de l'environnement aux ouvrages de pr\u00e9l\u00e8vement en eau \u00e0 usage d'irrigation\nexploit\u00e9s par M. BOURDON Samuel sur la commune de Saint-Andr\u00e9-de-Valborgne\n13\nARTICLE 5 : Prescriptions g\u00e9n\u00e9rales relatives aux rubriques de la nomenclature\nLe b\u00e9n\u00e9ficiaire veille au respect des prescriptions g\u00e9n\u00e9rales d\u00e9finies par l'arr\u00eat\u00e9 du 11 septembre 2003  \nportant application du d\u00e9cret n\u00b0 96-102 du 2 f\u00e9vrier 1996 et fixant les prescriptions g\u00e9n\u00e9rales applicables \naux  pr\u00e9l\u00e8vements  soumis  \u00e0  d\u00e9claration  en  application  des  articles  L.214-1  \u00e0  L.214-3  du  code  de \nl'environnement et relevant des rubriques 1.1.2.0, 1.2.1.0, 1.2.2.0 ou 1.3.1.0 de la nomenclature annex\u00e9e au \nd\u00e9cret n\u00b0 93-743 du 29 mars 1993 modifi\u00e9.\nARTICLE 6 : Suivi des travaux\nLe b\u00e9n\u00e9ficiaire s'engage \u00e0 :\n\u2022 transmettre au service en charge de la police de l'eau pour validation, au moins un mois avant le  \nd\u00e9but des travaux, les dates du chantier, les modalit\u00e9s de r\u00e9alisation de l'ouvrage, la description  \ndes mesures de protections retenues\u2026 ;\n\u2022 prendre toutes les pr\u00e9cautions pour l'organisation du chantier, lors de la r\u00e9alisation des travaux,  \npour  \u00e9viter  les  risques  pour  l'environnement,  et  notamment  celui  de  pollutions  des  eaux \nsuperficielles ;\n\u2022 transmettre au service en charge de la police de l'eau dans un d\u00e9lai de  deux mois maximum  \nsuivant la fin des travaux , un rapport de fin de travaux comprenant les informations relatives au  \nd\u00e9roulement du chantier.\nARTICLE 7 : Prescriptions relatives au suivi quantitatif de la ressource en eau\nAfin de permettre le suivi de la ressource sur l'ensemble des ouvrages de pr\u00e9l\u00e8vement, le b\u00e9n\u00e9ficiaire :\n\u2022 met en place, au plus pr\u00e8s du point de pr\u00e9l\u00e8vement, un dispositif de comptage en continu des  \nd\u00e9bits et volumes pr\u00e9lev\u00e9s. Le dispositif de comptage fait l'objet d'un entretien r\u00e9gulier et d'un  \ncontr\u00f4le au moins tous les 7 ans. Une trace de ce contr\u00f4le est conserv\u00e9e par le b\u00e9n\u00e9ficiaire sur  \nune p\u00e9riode de 10 ans et peut \u00eatre demand\u00e9e par le service en charge de la police de l'eau. En cas \nd'anomalie  le  dispositif  de  comptage  est  remplac\u00e9  afin  de  disposer  en  tout  temps  d'une \ninformation fiable ;\n\u2022 consigne sur un registre, ou un cahier, ou tout autre moyen informatique, les \u00e9l\u00e9ments de suivi  \ndes installations de pr\u00e9l\u00e8vement :\n1. les volumes pr\u00e9lev\u00e9s \u00e0 minima par mois, la fr\u00e9quence de la rel\u00e8ve est renforc\u00e9e en p\u00e9riode de \ns\u00e9cheresse  selon  la  p\u00e9riodicit\u00e9  impos\u00e9e  par  l'arr\u00eat\u00e9  s\u00e9cheresse  en  vigueur  (suivi  \nhebdomadaire, ou par quinzaine\u2026) ;\n2. l'usage et les conditions d'utilisation ;\n3. les changements constat\u00e9s dans le r\u00e9gime des eaux ;\n4. les incidents survenus dans l'exploitation de l'installation ou le comptage des pr\u00e9l\u00e8vements et \nnotamment les arr\u00eats de pompage ;\n\u2022 fait parvenir le relev\u00e9 des volumes mensuels pr\u00e9lev\u00e9s dans le milieu naturel au service en charge  \nde la police de l'eau de la direction d\u00e9partementale des territoires et de la mer du Gard (DDTM30 \n\u2013 service Eau et Risques, 89 rue W\u00e9ber CS52002 30907  NIMES cedex 2  ; ddtm-ser@gard.gouv.fr) \nchaque ann\u00e9e avant le 1  er   mars   (soit deux mois suivant la fin de l'ann\u00e9e civile ou la campagne de  \npr\u00e9l\u00e8vement pour les pr\u00e9l\u00e8vements saisonniers).\nARTICLE 8 : Prescriptions relatives au respect du d\u00e9bit r\u00e9serv\u00e9\nAfin  de  garantir  en  permanence  la  vie,  la  circulation  et  la  reproduction  des  esp\u00e8ces  piscicoles,  le \nb\u00e9n\u00e9ficiaire maintient un d\u00e9bit minimal dans le Gardon de Saint-Jean. L'installation de pr\u00e9l\u00e8vement est  \n\u00e9quip\u00e9e, au plus pr\u00e8s des prises d'eau, d'un di spositif permettant de respecter en tout temps le dixi\u00e8me  \ndu module soit :\n\u2022 158 l/s sur le Gardon de Saint-Jean.\n5\n89, rue Weber \u2013 30907 NIMES CEDEX 2\nT\u00e9l : 04 66 62 62 00 - Fax : 04 66 23 28 79 - www.gard.gouv.fr\nDirection D\u00e9partementale des Tetrritoires et de la Mer du Gard - 30-2025-03-31-00003 - Arr\u00eat\u00e9 portant prescriptions\ncompl\u00e9mentaires au titre de l'article L.214-3 du code de l'environnement aux ouvrages de pr\u00e9l\u00e8vement en eau \u00e0 usage d'irrigation\nexploit\u00e9s par M. BOURDON Samuel sur la commune de Saint-Andr\u00e9-de-Valborgne\n14\nARTICLE 9 : Dispositions transitoires\nJusqu'\u00e0 la cr\u00e9ation du bassin sur la parcelle B 1268 (\u00e9ch\u00e9ance 2026), le pr\u00e9l\u00e8vement par pompage dans le  \nGardon  de  Saint-Jean  autoris\u00e9  (sur  la  parcelle  B 1456,  commune  d'Arrigas)  \u00e0  hauteur  de  7 m\u00b3/h  et \n7 000 m\u00b3/an suivant la r\u00e9partition suivante :\njanv. f\u00e9v. mars avril mai juin juillet ao\u00fbt sept. oct. nov. d\u00e9c. ann\u00e9e\n450 0 0 500 1 000 1 150 1 300 800 450 450 450 450 7000\nLes dispositions relatives au respect du d\u00e9bit r\u00e9serv\u00e9 s'appliquent dans les m\u00eames conditions que ci-\ndessus.\nARTICLE 10 : Prescriptions relatives au suivi de la s\u00e9cheresse\nEn cas de restrictions des usages dues \u00e0 la s\u00e9cheresse, le b\u00e9n\u00e9ficiaire applique les restrictions des usages  \nde l'eau indiqu\u00e9es dans l'arr\u00eat\u00e9 pr\u00e9fectoral en vigueur selon le niveau d'alerte consid\u00e9r\u00e9.\nARTICLE 11 : Autres r\u00e9glementations\nLe pr\u00e9sent arr\u00eat\u00e9 ne dispense en aucun cas le b\u00e9n\u00e9ficiaire de faire les d\u00e9clarations ou d'obtenir les  \nautorisations requises par d'autres r\u00e9glementations.\nARTICLE 12 : Conformit\u00e9 au dossier de demande et modifications\nLes installations, objet du pr\u00e9sent arr\u00eat\u00e9 sont situ\u00e9es, install\u00e9es et exploit\u00e9es conform\u00e9ment aux plans et  \ncontenu du dossier de demande, et sont non contraires aux dispositions du pr\u00e9sent arr\u00eat\u00e9.\nToute modification apport\u00e9e aux ouvrages, installations, \u00e0 leur mode d'utilisation, \u00e0 la r\u00e9alisation des  \ntravaux ou \u00e0 l'am\u00e9nagement en r\u00e9sultant, \u00e0 l'exercice des activit\u00e9s ou \u00e0 leur voisinage et entra\u00eenant un  \nchangement notable des \u00e9l\u00e9ments du dossier de d\u00e9claration initiale doit \u00eatre port\u00e9, avant sa r\u00e9alisation \u00e0 \nla connaissance du pr\u00e9fet qui peut exiger une nouvelle d\u00e9claration. Lorsque le b\u00e9n\u00e9fice de l'autorisation  \nest transmis \u00e0 une personne diff\u00e9rente de celle not\u00e9e sur le pr\u00e9sent arr\u00eat\u00e9, le nouveau b\u00e9n\u00e9ficiaire en  \ninforme la DDTM du Gard dans un d\u00e9lai de trois mois.\nARTICLE 13 : Caract\u00e8re de l'autorisation \u2013 dur\u00e9e de l'autorisation\nLes  dispositions  du  pr\u00e9sent  arr\u00eat\u00e9  demeurent  tant  que  les  pr\u00e9l\u00e8vements  participent  \u00e0  \nl'approvisionnement des installations du b\u00e9n\u00e9ficiaire, dans les conditions fix\u00e9es par celui-ci.\nL'autorisation  est  accord\u00e9e  \u00e0  titre  personnel,  pr\u00e9caire  et  r\u00e9vocable  sans  indemnit\u00e9  de  l'\u00c9tat \nconform\u00e9ment aux dispositions de l'article L.214-4 du code de l'environnement.\nARTICLE 14 : Prescriptions compl\u00e9mentaires\nSi le respect des int\u00e9r\u00eats mentionn\u00e9s \u00e0 l'article L.211-1 du code de l'environnement n'est pas assur\u00e9 par  \nl'ex\u00e9cution des prescriptions \u00e9dict\u00e9es en application des articles L.211-2 et L.211-3 du m\u00eame code, le  \npr\u00e9fet peut, \u00e0 tout moment, imposer par arr\u00eat\u00e9 toutes prescriptions particuli\u00e8res n\u00e9cessaires.\nARTICLE 15 : D\u00e9claration des incidents ou accidents\nD\u00e8s qu'il en a connaissance, le b\u00e9n\u00e9ficiaire est tenu de d\u00e9clarer au pr\u00e9fet les accidents ou incidents  \nint\u00e9ressant les installations, ouvrages, travaux ou activit\u00e9s faisant l'objet de la pr\u00e9sente autorisation, qui  \nsont de nature \u00e0 porter atteinte aux int\u00e9r\u00eats mentionn\u00e9s \u00e0 l'article L.211-1 du code de l'environnement.\nSans pr\u00e9judice des mesures susceptibles d'\u00eatre prescrites par le pr\u00e9fet, le b\u00e9n\u00e9ficiaire est tenu de prendre \nou de faire prendre les dispositions n\u00e9cessaires pour mettre fin aux causes de l'incident ou accident, pour \n\u00e9valuer ses cons\u00e9quences et y rem\u00e9dier.\n6\n89, rue Weber \u2013 30907 NIMES CEDEX 2\nT\u00e9l : 04 66 62 62 00 - Fax : 04 66 23 28 79 - www.gard.gouv.fr\nDirection D\u00e9partementale des Tetrritoires et de la Mer du Gard - 30-2025-03-31-00003 - Arr\u00eat\u00e9 portant prescriptions\ncompl\u00e9mentaires au titre de l'article L.214-3 du code de l'environnement aux ouvrages de pr\u00e9l\u00e8vement en eau \u00e0 usage d'irrigation\nexploit\u00e9s par M. BOURDON Samuel sur la commune de Saint-Andr\u00e9-de-Valborgne\n15\nLe b\u00e9n\u00e9ficiaire est responsable des accidents ou dommages imputables \u00e0 l'utilisation des ouvrages ou  \ndes installations, \u00e0 la r\u00e9alisation des travaux ou \u00e0 l'am\u00e9nagement en r\u00e9sultant ou \u00e0 l'exercice de l'activit\u00e9.\nARTICLE 16 : Cessation d'activit\u00e9\nLa cessation d\u00e9finitive, ou pour une p\u00e9riode sup\u00e9rieure \u00e0 deux ans, de l'exploitation ou de l'affectation  \nindiqu\u00e9e  dans  l'autorisation  d'un  ouvrage  ou  d'une  installation,  fait  l'objet  d'une  d\u00e9claration  par \nl'exploitant, ou, \u00e0 d\u00e9faut, par le propri\u00e9taire, aupr\u00e8s du pr\u00e9fet dans le mois qui suit la cessation d\u00e9finitive  \nou le changement d'affectation et au plus tard un mois avant que l'arr\u00eat de plus de deux ans ne soit  \neffectif.\nEn cas de cessation d\u00e9finitive, l'exploitant ou, \u00e0 d\u00e9faut, le propri\u00e9taire remet le site dans un \u00e9tat tel  \nqu'aucune atteinte ne puisse \u00eatre port\u00e9e aux int\u00e9r\u00eats prot\u00e9g\u00e9s mentionn\u00e9s \u00e0 l'article L.211-1 du code de  \nl'environnement. Il informe le pr\u00e9fet de la cessation de l'activit\u00e9 et des mesures prises. Le pr\u00e9fet peut \u00e0  \ntout moment lui imposer des prescriptions pour la remise en \u00e9tat du site.\nLa d\u00e9claration d'arr\u00eat d'exploitation de plus de deux ans est accompagn\u00e9e d'une note expliquant les  \nraisons de cet arr\u00eat et la date pr\u00e9visionnelle de reprise de cette exploitation. Le pr\u00e9fet peut \u00e9mettre  \ntoutes prescriptions conservatoires afin de prot\u00e9ger les int\u00e9r\u00eats mentionn\u00e9s \u00e0 l'article L.211-1 du code de  \nl'environnement pendant cette p\u00e9riode d'arr\u00eat. Si l'exploitation n'est pas reprise \u00e0 la date pr\u00e9visionnelle  \nd\u00e9clar\u00e9e,  le  pr\u00e9fet  peut,  l'exploitant  ou  le  propri\u00e9taire  entendu,  consid\u00e9rer  l'exploitation  comme \nd\u00e9finitivement arr\u00eat\u00e9e, et fixer les prescriptions relatives \u00e0 l'arr\u00eat d\u00e9finitif de cette exploitation et \u00e0 la  \nremise en \u00e9tat du site.\nARTICLE 17 : Acc\u00e8s aux installations et exercice des missions de police\nLes agents en charge de mission de contr\u00f4le au titre du code de l'environnement ont libre acc\u00e8s aux  \ninstallations, ouvrages, travaux ou activit\u00e9s relevant de la pr\u00e9sente autorisation. Ils peuvent demander  \ncommunication de toute pi\u00e8ce utile au contr\u00f4le de la bonne ex\u00e9cution du pr\u00e9sent arr\u00eat\u00e9.\nARTICLE 18 : Sanctions administratives et p\u00e9nales\nEn cas de non-respect des dispositions du pr\u00e9sent arr\u00eat\u00e9, il pourra \u00eatre fait application \u00e0 l'encontre du  \nb\u00e9n\u00e9ficiaire,  des  sanctions  administratives  pr\u00e9vues  aux  articles  L.171-1  et  suivants  du  code  de \nl'environnement, ainsi que des sanctions p\u00e9nales pr\u00e9vues par les articles L.173-1 et suivants du m\u00eame  \ncode.\nARTICLE 19 : Droit des tiers\nLes droits des tiers sont et demeurent express\u00e9ment r\u00e9serv\u00e9s.\nARTICLE 20 : Voies et d\u00e9lais de recours\nLe pr\u00e9sent arr\u00eat\u00e9 est susceptible de recours devant le tribunal administratif territorialement comp\u00e9tent,  \nconform\u00e9ment \u00e0 l'article R.514-3-1 du code de l'environnement :\nLes d\u00e9cisions peuvent \u00eatre d\u00e9f\u00e9r\u00e9es \u00e0 la juridiction administrative :\n1. Par les p\u00e9titionnaires ou exploitants, dans un d\u00e9lai de deux mois \u00e0 compter du jour o\u00f9 la d\u00e9cision  \nleur a \u00e9t\u00e9 notifi\u00e9e.\n2. Par les tiers int\u00e9ress\u00e9s en raison des inconv\u00e9nients ou des dangers pour les int\u00e9r\u00eats mentionn\u00e9s \u00e0  \nl'article L.211-1 du code de l'environnement dans un d\u00e9lai de deux mois \u00e0 compter de :\na)  L'affichage  en  mairie  dans  les  conditions  pr\u00e9vues  \u00e0  l'article  R.214-37  du  code  de \nl'environnement.\nb) La publication de la d\u00e9cision sur le site internet de la pr\u00e9fecture ou la publication au recueil des \nactes  administratifs ;  cette  publication  est  assur\u00e9e  par  le  repr\u00e9sentant  de  L'\u00c9tat  dans  le \nd\u00e9partement dans un d\u00e9lai de quinze jours \u00e0 compter de l'adoption de la d\u00e9cision.\nLe d\u00e9lai court \u00e0 compter de la derni\u00e8re formalit\u00e9 accomplie. Si l'affichage constitue cette derni\u00e8re  \nformalit\u00e9, le d\u00e9lai court \u00e0 compter du premier jour d'affichage de la d\u00e9cision.\n7\n89, rue Weber \u2013 30907 NIMES CEDEX 2\nT\u00e9l : 04 66 62 62 00 - Fax : 04 66 23 28 79 - www.gard.gouv.fr\nDirection D\u00e9partementale des Tetrritoires et de la Mer du Gard - 30-2025-03-31-00003 - Arr\u00eat\u00e9 portant prescriptions\ncompl\u00e9mentaires au titre de l'article L.214-3 du code de l'environnement aux ouvrages de pr\u00e9l\u00e8vement en eau \u00e0 usage d'irrigation\nexploit\u00e9s par M. BOURDON Samuel sur la commune de Saint-Andr\u00e9-de-Valborgne\n16\nLes d\u00e9cisions mentionn\u00e9es au premier alin\u00e9a peuvent faire l'objet d'un recours gracieux ou hi\u00e9rarchique  \ndans le d\u00e9lai de deux mois. Ce recours administratif prolonge de deux mois les d\u00e9lais mentionn\u00e9s aux 1\u00b0  \net 2\u00b0. Les tiers peuvent \u00e9galement d\u00e9poser une r\u00e9clamation apr\u00e8s la mise en service, aux seules fins de  \ncontester l'insuffisance ou l'inadaptation des prescriptions de l'arr\u00eat\u00e9  : le pr\u00e9fet dispose de deux mois  \npour y r\u00e9pondre. En cas de rejet implicite ou explicite, les int\u00e9ress\u00e9s disposent d'un d\u00e9lai de deux mois  \npour se pourvoir contre cette d\u00e9cision.\nLe  tribunal  administratif  peut  aussi  \u00eatre  saisi  par  l'application  informatique  \u00ab T\u00e9l\u00e9recours  Citoyens \u00bb \naccessible par le site internet www.telerecours.fr.\nARTICLE 21 : Publication et information des tiers\nUne copie de cet arr\u00eat\u00e9 sera transmise \u00e0 la mairie de la commune de Saint-Andr\u00e9-de-Valborgne pour  \naffichage  pendant  une  dur\u00e9e  minimale  d'un  mois,  ainsi  qu'au  pr\u00e9sident  de  l'\u00e9tablissement  public \nterritorial de bassin Gardons. Une copie du dossier est d\u00e9pos\u00e9e en mairie pour y \u00eatre consult\u00e9e.\nCes informations seront mises \u00e0 disposition du public sur le site Internet de la pr\u00e9fecture du Gard  \npendant une dur\u00e9e d'au moins 6 mois.\nLe pr\u00e9sent arr\u00eat\u00e9 sera publi\u00e9 au recueil des actes administratifs.\nARTICLE 22 : Ex\u00e9cution\nLe secr\u00e9taire g\u00e9n\u00e9ral de la pr\u00e9fecture du Gard, le directeur d\u00e9partemental des territoires et de la mer du  \nGard, le commandant du groupement de gendarmerie du Gard, le chef du service d\u00e9partemental de  \nl'office fran\u00e7ais de la biodiversit\u00e9 du Gard et le maire de la commune de Saint-Andr\u00e9-de-Valborgne sont  \ncharg\u00e9s, chacun en ce qui le concerne, de l'ex\u00e9cution du pr\u00e9sent arr\u00eat\u00e9.\nN\u00eemes, le 31/03/2025\nLe pr\u00e9fet,\nPour le pr\u00e9fet et par d\u00e9l\u00e9gation, \nle directeur d\u00e9partemental des \nterritoires et de la mer du Gard\nPour le directeur et par d\u00e9l\u00e9gation, \nl'adjointe au chef du service \nrisques\nSIGNE\nCharlotte COURBIS\n8\n89, rue Weber \u2013 30907 NIMES CEDEX 2\nT\u00e9l : 04 66 62 62 00 - Fax : 04 66 23 28 79 - www.gard.gouv.fr\nDirection D\u00e9partementale des Tetrritoires et de la Mer du Gard - 30-2025-03-31-00003 - Arr\u00eat\u00e9 portant prescriptions\ncompl\u00e9mentaires au titre de l'article L.214-3 du code de l'environnement aux ouvrages de pr\u00e9l\u00e8vement en eau \u00e0 usage d'irrigation\nexploit\u00e9s par M. BOURDON Samuel sur la commune de Saint-Andr\u00e9-de-Valborgne\n17\nDirection D\u00e9partementale des Tetrritoires et de\nla Mer du Gard\n30-2025-03-31-00006\nArr\u00eat\u00e9 pr\u00e9fectoral portant autorisation de p\u00eache\nprofessionnelle en eau douce sur les \u00e9tangs et les\nmarais du Crey, du Charnier et du Scamandre sur\nla commune de Vauvert, pour monsieur Thibault\nMEYNADIER.\nDirection D\u00e9partementale des Tetrritoires et de la Mer du Gard - 30-2025-03-31-00006 - Arr\u00eat\u00e9 pr\u00e9fectoral portant autorisation de\np\u00eache professionnelle en eau douce sur les \u00e9tangs et les marais du Crey, du Charnier et du Scamandre sur la commune de Vauvert,\npour monsieur Thibault MEYNADIER.\n18\nPREFETDU GARDLibert\u00e9Egalit\u00e9Fraternit\u00e9\nDirection d\u00e9partementale\ndes territoires et de la mer\nService eau et risques\nUnit\u00e9 gestion qualitative et milieux aquatiques\nR\u00e9f. : SER//GQMA/GS\nAffaire suivie par : Genevi\u00e8ve SOLER\nT\u00e9l. : 04.66 62 65 22\nCourriel : genevieve.soler@gard.gouv.fr\nARR\u00caT\u00c9 PREFECTORAL N\u00b0\nPortant autorisation de p\u00eache professionnelle en eau douce sur les \u00e9tangs et les marais du Crey, du\nCharnier et du Scamandre sur la commune de Vauvert, pour monsieur Thibault MEYNADIER.\nLe pr\u00e9fet du Gard\nChevalier de la L\u00e9gion d'honneur,\nChevalier de l'ordre national du M\u00e9rite\nVU   le Code de l'Environnement et notamment les articles L.431-1, L.431-3, L.436-1, L.436-13, R.436-14, \nR.436-15, R.436-16, R.436-18, R.436-19, R.436-20, R.436-21, R.436-25, R.436-26 et R.436-28, R.436-65-3, R.436-\n65-4 et R.436-65-5.\nVU l'arr\u00eat\u00e9 minist\u00e9riel du 14 mars 2024 relatif aux p\u00e9 riodes de p\u00eache de l'anguille europ\u00e9enne (Anguilla\nanguilla) aux stades d'anguille jaune et d'anguille  argent\u00e9e en M\u00e9diterran\u00e9e et dans les eaux douces d es\nbassins Rh\u00f4ne-M\u00e9diterran\u00e9e et Corse.\nVU  le d\u00e9cret n\u00b02004-374 du 29 avril 2004 relatif aux pouvoirs des pr\u00e9fets, \u00e0 l'organisation et \u00e0 l'action des\nservices de l'Etat dans les r\u00e9gions et d\u00e9partements.\nVU  le d\u00e9cret du 13 juillet 2023 nomment M. J\u00e9r\u00f4me BONET, pr\u00e9fet du Gard. \nVU  L'arr\u00eat\u00e9 pr\u00e9fectoral du Gard n\u00b0 30-2024-03-21-00007 du 21 mars 2024 portant d\u00e9l\u00e9gation de signature\nen  mati\u00e8re  d'administration  g\u00e9n\u00e9rale  \u00e0  monsieur  S\u00e9bastien  FERRA,  direction  d\u00e9partementale  des\nterritoires et de la mer du Gard.\nVU  La d\u00e9cision de monsieur S\u00e9bastien FERRA, directeur  d\u00e9partemental des territoires et de la mer du\nGard portant subd\u00e9l\u00e9gation de signature en mati\u00e8re d'administration g\u00e9n\u00e9rale aux agents de la direction\nd\u00e9partemental des territoires et de la mer du Gard.\nVU  la demande d\u00e9pos\u00e9e le 2 d\u00e9cembre 2024 par monsieur Thibault MEYNADIER, p\u00eacheur professionnel\nen eau douce et ses compl\u00e9ments en date des 12 d\u00e9cembre 2024, 22 janvier 2025 et du 6 f\u00e9vrier 2025.\nVU  la  convention  d'occupation  du  domaine  public  de  la  communaut\u00e9  de  communes  de  petite\nCamargue, en  date  du  21  juin  2024,  relative  aux  \u00e9tangs  et  aux  marais  du  Crey  d'une  superficie\napproximative de 74 ha, situ\u00e9 sur la commune de Vauvert.\n89, rue Weber \u2013 30907 NIMES CEDEX 2\nT\u00e9l : 04 66 62 62 00 - Fax : 04 66 23 28 79 - www.gard.gouv.fr\nDirection D\u00e9partementale des Tetrritoires et de la Mer du Gard - 30-2025-03-31-00006 - Arr\u00eat\u00e9 pr\u00e9fectoral portant autorisation de\np\u00eache professionnelle en eau douce sur les \u00e9tangs et les marais du Crey, du Charnier et du Scamandre sur la commune de Vauvert,\npour monsieur Thibault MEYNADIER.\n19\nVU  la  convention  d'occupation  du  domaine  public  de  la  communaut\u00e9  de  communes  de  petite\nCamargue, en date du 21 juin 2024, relative aux \u00e9tangs et aux  marais du Charnier d'une superficie\napproximative de 170 ha, situ\u00e9s sur la commune de Vauvert.\nVU  la convention d'occupation du domaine public de la communaut\u00e9 de petite Camargue, en date du 21\njuin 2024, relative aux \u00e9tangs et aux marais du Sca mandre d'une superficie approximative de 200 ha,\nsitu\u00e9s sur la commune de Vauvert.\nVU  l'avis favorable sous r\u00e9serve de l'office fran\u00e7ais  de la biodiversit\u00e9 - service d\u00e9partemental du Gard  en\ndate du 30 janvier 2025.\nVU  l'avis favorable du pr\u00e9sident de l'A.A.I.P.P.E.D. Rh\u00f4ne aval m\u00e9diterran\u00e9e en date du 27 janvier 2025.\nVU  l'accord tacite du pr\u00e9sident de la f\u00e9d\u00e9ration du G ard pour la p \u00eache et la protection des milieux\naquatiques.\nCONSIDERANT  que la p\u00eache dans les eaux douces et fluviales du d\u00e9par tement du Gard est r\u00e9glement\u00e9e\ndans le but de prot\u00e9ger les diff\u00e9rentes esp\u00e8ces de poissons et notamment les salmonid\u00e9s.\nCONSIDERANT  que monsieur Thibault MEYNADIER est adh\u00e9rent \u00e0 l'as sociation interd\u00e9partementale\nagr\u00e9\u00e9e des p\u00eacheurs professionnels Rh\u00f4ne Aval M\u00e9diterran\u00e9e.\nCONSIDERANT  que la communaut\u00e9 de communes de petite Camargue au torise monsieur Thibault\nMEYNADIER, par conventions en date du 21 juin 2024,  \u00e0 occuper \u00e0 titre pr\u00e9caire et r\u00e9vocable les biens\ndes \u00e9tangs et des marais du Crey d'une superficie a pproximative de 74 ha, situ\u00e9s sur la commune de\nVauvert, les biens des \u00e9tangs et des marais du Char nier d'une superficie approximative de 170 ha situ\u00e9 s\nsur la communes de Vauvert ainsi que les biens des \u00e9tangs et des marais du Scamandre d'une superficie\napproximative de 200 ha, situ\u00e9s sur la commune de V auvert, pour exercer son activit\u00e9 de p\u00eache\nprofessionnelle.\nCONSIDERANT  que la demande de monsieur Thibault MEYNADIER est c onforme aux exigences de\nl'arr\u00eat\u00e9 du 4 octobre 2010 qui r\u00e9git les autorisations de p\u00eache de l'anguille en eau douce.\nSUR PROPOSITION  de monsieur le directeur d\u00e9partemental des territoires et de la mer du Gard.\nARR\u00caTE\nARTICLE 1 : B\u00e9n\u00e9ficiaire de l'autorisation\nMonsieur Thibault MEYNADIER dont le lieu d'habitati on est au chemin vieux de Saint-Gilles \u2013 Mas\nd'Angelin \u2013 30600 Vauvert , est autoris\u00e9 \u00e0 pratiquer la p\u00eache professionnelle  en eau douce dans les\nconditions fix\u00e9es au pr\u00e9sent arr\u00eat\u00e9.\nARTICLE 2 : Validit\u00e9 de l'autorisation\nCette autorisation est valable pour l'ann\u00e9e 2025 pour la p\u00eache \u00e0 l'anguille.\n89, rue Weber \u2013 30907 NIMES CEDEX 2\nT\u00e9l : 04 66 62 62 00 - Fax : 04 66 23 28 79 - www.gard.gouv.fr\nDirection D\u00e9partementale des Tetrritoires et de la Mer du Gard - 30-2025-03-31-00006 - Arr\u00eat\u00e9 pr\u00e9fectoral portant autorisation de\np\u00eache professionnelle en eau douce sur les \u00e9tangs et les marais du Crey, du Charnier et du Scamandre sur la commune de Vauvert,\npour monsieur Thibault MEYNADIER.\n20\nARTICLE 3 : Heures et lieux de captures\nLa p\u00eache de l'anguille peut \u00eatre pratiqu\u00e9e \u00e0 toute heure (man\u0153uvre, rel\u00e8ve et pose des engins).\nLa p\u00eache des autres esp\u00e8ces peut \u00eatre pratiqu\u00e9e qua tre heures avant le lever du soleil et quatre heure s\napr\u00e8s son coucher (man\u0153uvre, rel\u00e8ve et pose des engins).\nLes filets et engins de toute nature doivent \u00eatre r etir\u00e9s de l'eau du samedi 18 heures au lundi 6 heur es \u00e0\nl'exception toutefois des bosselles \u00e0 anguilles, na sses et verveux (rel\u00e8ve hebdomadaire). Les nasses e t\nverveux destin\u00e9s \u00e0 la capture d'autres esp\u00e8ces que l'anguille peuvent rester dans l'eau mais ne peuven t\n\u00eatre man\u0153uvr\u00e9s.\nLes lieux de p\u00eache sont situ\u00e9s sur les \u00e9tangs et le s marais appartenant \u00e0 la commune de Vauvert (en\n2\u00e8me cat\u00e9gorie) d'une superficie approximative de 7 4 ha (Crey), d'une superficie approximative de 170\nha (Charnier) et d'une superficie de 200 ha (Scamandre).\nARTICLE 4 : P\u00e9riode d'ouvertures sp\u00e9cifiques et stades autoris\u00e9s pour la p\u00eache de l'anguille\nLa p\u00eache \u00e0 l'anguille est ouverte selon les p\u00e9riode s indiqu\u00e9es ci-dessous (arr\u00eat\u00e9 minist\u00e9riel du 14 ma rs\n2024 relatif aux p\u00e9riodes de p\u00eache de l'anguille europ\u00e9enne (Anguilla anguilla) aux stades d'anguille jaune\net d'anguille argent\u00e9e en M\u00e9diterran\u00e9e et dans les eaux douces des bassins Rh\u00f4ne-M\u00e9diterran\u00e9e et\nCorse) :\n*  La p\u00eache de l'anguille de moins de douze centim\u00e8tre est interdite toute l'ann\u00e9e.\n*  La p\u00eache de l'anguille jaune est autoris\u00e9e du 1er avril au 30 juin et du 1er septembre au 31 octobre.\n*  La p\u00eache de l'anguille argent\u00e9e (ou anguille de d\u00e9valaison) est autoris\u00e9e du 15 septembre au 31 octobre.\nARTICLE 5 : Nombre, nature et dimensions des engins et mat\u00e9riels autoris\u00e9s\nEngins utilis\u00e9s :\n* 50 verveux \u00e0 ailes, maille de 10 mm minimum (capture d'anguille) d'une longueur de 10 m.\nLes divers engins destin\u00e9s \u00e0 la capture de l'anguille (maille de 10mm) sont interdits, en dehors de ces\np\u00e9riodes d'ouverture indiqu\u00e9es sur l'article 4 du pr\u00e9sent arr\u00eat\u00e9 pr\u00e9fectoral.\nL'article R.436.26 du code de l'environnement interdit l'utilisation d'engins \u00e0 mailles inf\u00e9rieures \u00e0 10 mm\nquelle que soit l'esp\u00e8ce piscicole captur\u00e9e.\nARTICLE 6 : Positionnement et marquage des engins\nLes filets et engins de toute nature, fixes ou mobiles, lignes de fond comprises, ne peuvent :\n* Occuper plus des 2/3 de la largeur mouill\u00e9e du co urs d'eau, de la roubine ou du plan d'eau, dans les\nemplacements o\u00f9 ils sont utilis\u00e9s.\n* Etre employ\u00e9s simultan\u00e9ment sur la m\u00eame rive ou s ur deux rives oppos\u00e9es, m\u00eame par des p\u00eacheurs\ndiff\u00e9rents, que s'ils sont s\u00e9par\u00e9s par une distance  \u00e9gale \u00e0 trois fois au moins la longueur du plus lo ng de\nces filets ou engins (Les lignes dormantes ne sont pas concern\u00e9es).\nDans les eaux du domaine priv\u00e9 (cas des \u00e9tangs et m arais de Vauvert), la partie sup\u00e9rieure des filets doit\n\u00eatre apparente au-dessus de l'eau sur toute la longueur tendue ou jalonn\u00e9e d'une mani\u00e8re visible.\n89, rue Weber \u2013 30907 NIMES CEDEX 2\nT\u00e9l : 04 66 62 62 00 - Fax : 04 66 23 28 79 - www.gard.gouv.fr\nDirection D\u00e9partementale des Tetrritoires et de la Mer du Gard - 30-2025-03-31-00006 - Arr\u00eat\u00e9 pr\u00e9fectoral portant autorisation de\np\u00eache professionnelle en eau douce sur les \u00e9tangs et les marais du Crey, du Charnier et du Scamandre sur la commune de Vauvert,\npour monsieur Thibault MEYNADIER.\n21\nLes  engins  utilis\u00e9s  doivent  \u00eatre  identifi\u00e9s  distinctement  de  mani\u00e8re  \u00e0  les  diff\u00e9rencier  des  engins\nappartenant aux autres p\u00eacheurs professionnels r\u00e9gu li\u00e8rement autoris\u00e9s dans le m\u00eame secteur. De plus,\nce marquage permet d'\u00e9viter la confusion avec ceux utilis\u00e9s par des personnes n'ayant aucun statut de\np\u00eacheur professionnel aux engins.\nMonsieur Thibault MEYNADIER doit obligatoirement id entifier tous ses engins \u00e0 l'aide d'une \u00e9tiquette e n\nmati\u00e8re plastique, de couleur visible et portant ses initiales : MT.\nARTICLE 7 :  Pr\u00e9sentation de l'autorisation\nLe b\u00e9n\u00e9ficiaire doit \u00eatre porteur de la pr\u00e9sente au torisation lors des op\u00e9rations de p\u00eache. Il est ten u de\nla pr\u00e9senter \u00e0 toute demande des agents charg\u00e9s de la police de la p\u00eache en eau douce.\nARTICLE 8 : Retrait de l'autorisation\nLa pr\u00e9sente autorisation  est personnelle et incessi ble. Elle peut \u00eatre retir\u00e9e \u00e0 tout moment sans\nindemnit\u00e9 si le b\u00e9n\u00e9ficiaire n'a pas respect\u00e9 les clauses ou les prescriptions qui lui sont li\u00e9es. \nARTICLE 9 : Tenue d'un registre de capture\nTout p\u00eacheur professionnel en eau douce d\u00e9clare ses  captures d'anguilles jaunes et argent\u00e9es en\napplication du II de l'article R.436-64 du code de l'environnement au moins une fois par mois et au pl us\ntard le 5 du mois suivant (arr\u00eat\u00e9 minist\u00e9riel du 29  janvier 2020 fixant les obligations applicables au x\np\u00eacheurs professionnels en eau douce relative \u00e0 la tenue du carnet de p\u00eache et \u00e0 la d\u00e9claration des\ncaptures d'anguilles europ\u00e9ennes \u00ab Anguilla anguilla \u00bb.\nLes p\u00eacheurs professionnels doivent \u00e9galement tenir  \u00e0 jour, apr\u00e8s chaque relev\u00e9, une fiche de captures\nen eau douce.\nDe plus, une fiche de d\u00e9claration de captures d'anguilles doit \u00eatre renseign\u00e9e apr\u00e8s la pes\u00e9e des poissons\navant enl\u00e8vement par le mareyeur. Le b\u00e9n\u00e9ficiaire n e peut exercer les droits qui sont li\u00e9s \u00e0 la pr\u00e9sen te\nautorisation que s'il a obtenu l'accord du (ou des) d\u00e9tenteur (s) du droit de p\u00eache.\nARTICLE 10 : Affichage et publicit\u00e9\nLe pr\u00e9sent arr\u00eat\u00e9 est publi\u00e9 au recueil des actes administratifs de la pr\u00e9fecture et sur le site internet de la\npr\u00e9fecture : www.gard.gouv.fr.\nARTICLE 11 : D\u00e9lai et voie de recours\nLe pr\u00e9sent arr\u00eat\u00e9 est susceptible d'un recours devant le tribunal administratif de N\u00eemes dans un d\u00e9lai  de\ndeux mois \u00e0 compter de sa publication au recueil des actes administratifs de la pr\u00e9fecture du Gard.\nLe tribunal administratif peut aussi \u00eatre saisi par  l'application informatique \u00ab  t\u00e9l\u00e9recours citoyens  \u00bb\naccessible par le site internet www.telerecours.fr\n89, rue Weber \u2013 30907 NIMES CEDEX 2\nT\u00e9l : 04 66 62 62 00 - Fax : 04 66 23 28 79 - www.gard.gouv.fr\nDirection D\u00e9partementale des Tetrritoires et de la Mer du Gard - 30-2025-03-31-00006 - Arr\u00eat\u00e9 pr\u00e9fectoral portant autorisation de\np\u00eache professionnelle en eau douce sur les \u00e9tangs et les marais du Crey, du Charnier et du Scamandre sur la commune de Vauvert,\npour monsieur Thibault MEYNADIER.\n22\nARTICLE 12 : Ex\u00e9cution\nLe secr\u00e9taire g\u00e9n\u00e9rale de la pr\u00e9fecture du Gard, le directeur d\u00e9partemental des territoires et de la mer du\nGard, le chef du service d\u00e9partemental de l'office fran\u00e7ais de la biodiversit\u00e9 du Gard, le commandant du\ngroupement de gendarmerie du Gard sont charg\u00e9s, cha cun en ce qui le concerne, de l'ex\u00e9cution du\npr\u00e9sent arr\u00eat\u00e9, dont notification sera adress\u00e9e au b\u00e9n\u00e9ficiaire. Une copie est transmise \u00e0 la f\u00e9d\u00e9ration du\nGard pour la p\u00eache et la protection du milieu aquat ique, au pr\u00e9sident de l'association des p\u00eacheurs\nprofessionnels Rh\u00f4ne aval m\u00e9diterran\u00e9e, \u00e0 la commun aut\u00e9 de communes de petite Camargue ainsi qu'\u00e0\nla commune de Vauvert.\nN\u00eemes, le 31 mars 2025\nPour le pr\u00e9fet et par d\u00e9l\u00e9gation,\nLe chef de l'unit\u00e9 gestion \nqualitative et milieux aquatiques\nSIGNE\nLaurent MORAGUES\n89, rue Weber \u2013 30907 NIMES CEDEX 2\nT\u00e9l : 04 66 62 62 00 - Fax : 04 66 23 28 79 - www.gard.gouv.fr\nDirection D\u00e9partementale des Tetrritoires et de la Mer du Gard - 30-2025-03-31-00006 - Arr\u00eat\u00e9 pr\u00e9fectoral portant autorisation de\np\u00eache professionnelle en eau douce sur les \u00e9tangs et les marais du Crey, du Charnier et du Scamandre sur la commune de Vauvert,\npour monsieur Thibault MEYNADIER.\n23\nDirection D\u00e9partementale des Tetrritoires et de\nla Mer du Gard\n30-2025-03-28-00004\nArr\u00eat\u00e9 pr\u00e9fectoral portant autorisation de p\u00eache\nprofessionnelle en eau douce sur l'\u00e9tang de\nScamandre, sur la commune de Vauvert, pour\nmonsieur Lyonel BENOIT.\nDirection D\u00e9partementale des Tetrritoires et de la Mer du Gard - 30-2025-03-28-00004 - Arr\u00eat\u00e9 pr\u00e9fectoral portant autorisation de\np\u00eache professionnelle en eau douce sur l'\u00e9tang de Scamandre, sur la commune de Vauvert, pour monsieur Lyonel BENOIT. 24\nPREFETDU GARDLibert\u00e9Egalit\u00e9Fraternit\u00e9\nDirection d\u00e9partementale\ndes territoires et de la mer\nService eau et risques\nUnit\u00e9 gestion qualitative et milieux aquatiques\nR\u00e9f. : SER/GQMA/GS\nARR\u00caT\u00c9 PREFECTORAL N\u00b0 \nPortant autorisation de p\u00eache professionnelle en eau douce sur l'\u00e9tang de Scamandre, sur la commune\nde Vauvert, pour monsieur Lyonel BENOIT.\nLe pr\u00e9fet du Gard\nChevalier de la L\u00e9gion d'honneur,\nChevalier de l'ordre national du M\u00e9rite\nVU   le Code de l'Environnement et notamment les articles L.431-1, L.431-3, L.436-1, L.436-13, R.436-14, \nR.436-15, R.436-16, R.436-18, R.436-19, R.436-20, R.436-21, R.436-25, R.436-26 et R.436-28, R.436-65-3, R.436-\n65-4 et R.436-65-5.\nVU l'arr\u00eat\u00e9 minist\u00e9riel du 14 mars 2024 relatif aux p\u00e9 riodes de p\u00eache de l'anguille europ\u00e9enne (Anguilla\nanguilla) aux stades d'anguille jaune et d'anguille  argent\u00e9e en M\u00e9diterran\u00e9e et dans les eaux douces d es\nbassins Rh\u00f4ne-M\u00e9diterran\u00e9e et Corse.\nVU  le d\u00e9cret n\u00b02004-374 du 29 avril 2004 relatif aux pouvoirs des pr\u00e9fets, \u00e0 l'organisation et \u00e0 l'action des\nservices de l'Etat dans les r\u00e9gions et d\u00e9partements.\nVU  le d\u00e9cret du 13 juillet 2023 nomment monsieur J\u00e9r\u00f4me BONET, pr\u00e9fet du Gard.\nVU  L'arr\u00eat\u00e9 pr\u00e9fectoral du Gard n\u00b0 30-2024-03-21-00007 du 21 mars 2024 portant d\u00e9l\u00e9gation de signature\nen  mati\u00e8re  d'administration  g\u00e9n\u00e9rale  \u00e0  monsieur  S\u00e9b astien  FERRA,  direction  d\u00e9partementale  des\nterritoires et de la mer du Gard.\nVU  La d\u00e9cision monsieur S\u00e9bastien FERRA, directeur d\u00e9 partemental des territoires et de la mer du Gard\nportant  subd\u00e9l\u00e9gation de signature  en mati\u00e8re  d'adm inistration  g\u00e9n\u00e9rale  aux agents  de  la direction\nd\u00e9partemental des territoires et de la mer du Gard.\nVU  la demande d\u00e9pos\u00e9e le 1 er f\u00e9vrier 2024 par monsieur Lyonel BENOIT, p\u00eacheur p rofessionnel en eau\ndouce.\nVU  la  convention  d'occupation  du  domaine  public  de  la  communaut\u00e9  de  communes  de  petite\nCamargue, en date du 21 juin 2024, relative \u00e0 l'\u00e9tang du Scam andre d'une superficie approximative de\n200 ha, situ\u00e9s sur la commune de Vauvert.\n89, rue Weber \u2013 30907 NIMES CEDEX 2\nT\u00e9l : 04 66 62 62 00 - Fax : 04 66 23 28 79 - www.gard.gouv.fr\nDirection D\u00e9partementale des Tetrritoires et de la Mer du Gard - 30-2025-03-28-00004 - Arr\u00eat\u00e9 pr\u00e9fectoral portant autorisation de\np\u00eache professionnelle en eau douce sur l'\u00e9tang de Scamandre, sur la commune de Vauvert, pour monsieur Lyonel BENOIT. 25\nVU  l'avis favorable sous r\u00e9serve de l'office fran\u00e7ais  de la biodiversit\u00e9 - service d\u00e9partemental du Gard  en\ndate du 20 f\u00e9vrier 2025.\nVU l'avis favorable du pr\u00e9sident de l'A.A.I.P .P .E.D. Rh\u00f4ne aval m\u00e9diterran\u00e9e en date du 20 f\u00e9vrier 2025.\nVU  l'accord tacite du pr\u00e9sident de la f\u00e9d\u00e9ration du G ard pour la p\u00eache et la protection des milieux\naquatiques.\nCONSIDERANT  que la p\u00eache dans les eaux douces et fluviales du d\u00e9par tement du Gard est r\u00e9glement\u00e9e\ndans le but de prot\u00e9ger les diff\u00e9rentes esp\u00e8ces de poissons et notamment les salmonid\u00e9s.\nCONSIDERANT  que monsieur Lyonel BENOIT est adh\u00e9rent \u00e0 l'associa tion interd\u00e9partementale agr\u00e9\u00e9e\ndes p\u00eacheurs professionnels Rh\u00f4ne Aval M\u00e9diterran\u00e9e.\nCONSIDERANT  que  la  communaut\u00e9  de  communes  de  petite  Camargue  au torise  monsieur  Lyonel\nBENOIT par convention en date du 21 juin 2024, \u00e0 occuper \u00e0 titre pr\u00e9caire et r\u00e9vocable les biens de\nl'\u00e9tang du Scamandre d'une superficie approximative  de 200 ha, situ\u00e9s sur la commune de Vauvert pour\nexercer son activit\u00e9 de p\u00eache professionnelle.\nCONSIDERANT que la demande de monsieur Lyonel BENOIT est conforme aux exigences de l'arr\u00eat\u00e9 du 4\noctobre 2010 qui r\u00e9git les autorisations de p\u00eache de l'anguille en eau douce.\nSUR PROPOSITION  de monsieur le directeur d\u00e9partemental des territoires et de la mer du Gard.\nARR\u00caTE\nARTICLE 1 : B\u00e9n\u00e9ficiaire de l'autorisation\nMonsieur Lyonel BENOIT dont le lieu d'habitation es t au 99, impasse des perdreaux \u2013 30600 Vauvert , est\nautoris\u00e9 \u00e0 pratiquer la p\u00eache professionnelle en eau douce dans les conditions fix\u00e9es au pr\u00e9sent arr\u00eat\u00e9.\nARTICLE 2 : Validit\u00e9 de l'autorisation\nCette autorisation est valable pour l'ann\u00e9e 2025 pour la p\u00eache \u00e0 l'anguille.\nARTICLE 3 : Heures et lieux de captures\nLa p\u00eache de l'anguille peut \u00eatre pratiqu\u00e9e \u00e0 toute heure (man\u0153uvre, rel\u00e8ve et pose des engins).\nLa p\u00eache des autres esp\u00e8ces peut \u00eatre pratiqu\u00e9e qua tre heures avant le lever du soleil et quatre heure s\napr\u00e8s son coucher (man\u0153uvre, rel\u00e8ve et pose des engins).\nLes filets et engins de toute nature doivent \u00eatre r etir\u00e9s de l'eau du samedi 18 heures au lundi 6 heur es \u00e0\nl'exception toutefois des bosselles \u00e0 anguilles, na sses et verveux (rel\u00e8ve hebdomadaire). Les nasses e t\nverveux destin\u00e9s \u00e0 la capture d'autres esp\u00e8ces que l'anguille peuvent rester dans l'eau mais ne peuven t\n\u00eatre man\u0153uvr\u00e9s.\nLe lieu de p\u00eache est situ\u00e9 sur l'\u00e9tang du Scamandre  appartenant \u00e0 la commune de Vauvert (en 2\u00e8me\ncat\u00e9gorie) d'une superficie approximative de 200 ha.\n89, rue Weber \u2013 30907 NIMES CEDEX 2\nT\u00e9l : 04 66 62 62 00 - Fax : 04 66 23 28 79 - www.gard.gouv.fr\nDirection D\u00e9partementale des Tetrritoires et de la Mer du Gard - 30-2025-03-28-00004 - Arr\u00eat\u00e9 pr\u00e9fectoral portant autorisation de\np\u00eache professionnelle en eau douce sur l'\u00e9tang de Scamandre, sur la commune de Vauvert, pour monsieur Lyonel BENOIT. 26\nARTICLE 4 : P\u00e9riode d'ouvertures sp\u00e9cifiques et stades autoris\u00e9s pour la p\u00eache de l'anguille\nLa p\u00eache \u00e0 l'anguille est ouverte selon les p\u00e9riode s indiqu\u00e9es ci-dessous (arr\u00eat\u00e9 minist\u00e9riel du 14 ma rs\n2024 relatif aux p\u00e9riodes de p\u00eache de l'anguille europ\u00e9enne (Anguilla anguilla) aux stades d'anguille jaune\net  d'anguille  argent\u00e9e  en  M\u00e9diterran\u00e9e  et  dans  les  eaux  douces  des  bassins Rh\u00f4ne-M\u00e9diterran\u00e9e  et\nCorse) :\n*  La p\u00eache de l'anguille de moins de douze centim\u00e8tre est interdite toute l'ann\u00e9e.\n*  La p\u00eache de l'anguille jaune est autoris\u00e9e du 1er avril au 30 juin et du 1er septembre au 31 octobre.\n*  La p\u00eache de l'anguille argent\u00e9e (ou anguille de d\u00e9valaison) est autoris\u00e9e du 15 septembre au 31 octobre.\nARTICLE 5 : Nombre, nature et dimensions des engins et mat\u00e9riels autoris\u00e9s\nEngins utilis\u00e9s pour la capture d'anguille :\n* 50 verveux \u00e0 ailes type cap\u00e9chades maille de 10 m m minimum. Le filet se compose d'une paradi\u00e8re\nd'environ 40 m (filet droit maille 13/16 mm). Au bo ut, le tour en forme de pointe de fl\u00e8che est de 3 m  de\nc\u00f4t\u00e9 mailles 12/14 et est compos\u00e9 de 3 nasses (poches) mailles de 10 mm minimum. La cape est d'environ\n5 m \u00e0 chaque extr\u00e9mit\u00e9. \nLes divers engins destin\u00e9s \u00e0 la capture de l'anguille (maille de 10mm) sont interdits, en dehors de ces\np\u00e9riodes d'ouverture.\nL'article R.436.26 du code de l'environnement interdit l'utilisation d'engins \u00e0 mailles inf\u00e9rieures \u00e0 10 mm\nquelle que soit l'esp\u00e8ce piscicole captur\u00e9e.\nEngins utilis\u00e9s pour la capture des autres esp\u00e8ces de grandes taille :\n* 50 verveux \u00e0 ailes de type cap\u00e9chades maille de 27 mm minimum.\n* 500 m de filets maillant maille de 60 mm minimum.\nARTICLE 6 : Positionnement et marquage des engins\nLes filets et engins de toute nature, fixes ou mobiles, lignes de fond comprises, ne peuvent :\n* Occuper plus des 2/3 de la largeur mouill\u00e9e du co urs d'eau, de la roubine ou du plan d'eau, dans les\nemplacements o\u00f9 ils sont utilis\u00e9s ;\n* Etre employ\u00e9s simultan\u00e9ment sur la m\u00eame rive ou s ur deux rives oppos\u00e9es, m\u00eame par des p\u00eacheurs\ndiff\u00e9rents, que s'ils sont s\u00e9par\u00e9s par une distance  \u00e9gale \u00e0 trois fois au moins la longueur du plus lo ng de\nces filets ou engins (Les lignes dormantes ne sont pas concern\u00e9es).\nDans les eaux du domaine priv\u00e9 (cas des \u00e9tangs et m arais de Vauvert), la partie sup\u00e9rieure des filets doit\n\u00eatre apparente au-dessus de l'eau sur toute la longueur tendue ou jalonn\u00e9e d'une mani\u00e8re visible.\nLes  engins  utilis\u00e9s  doivent  \u00eatre  identifi\u00e9s  distinc tement  de  mani\u00e8re  \u00e0  les  diff\u00e9rencier  des  engins\nappartenant aux autres p\u00eacheurs professionnels r\u00e9gu li\u00e8rement autoris\u00e9s dans le m\u00eame secteur. De plus,\nce marquage permet d'\u00e9viter la confusion avec ceux utilis\u00e9s par des personnes n'ayant aucun statut de\np\u00eacheur professionnel aux engins.\nMonsieur  Lyonel BENOIT  doit obligatoirement identifier tous ses engins \u00e0 l'aide d'une \u00e9tiquette en\nmati\u00e8re plastique, de couleur visible et portant ses initiales : BL.\n89, rue Weber \u2013 30907 NIMES CEDEX 2\nT\u00e9l : 04 66 62 62 00 - Fax : 04 66 23 28 79 - www.gard.gouv.fr\nDirection D\u00e9partementale des Tetrritoires et de la Mer du Gard - 30-2025-03-28-00004 - Arr\u00eat\u00e9 pr\u00e9fectoral portant autorisation de\np\u00eache professionnelle en eau douce sur l'\u00e9tang de Scamandre, sur la commune de Vauvert, pour monsieur Lyonel BENOIT. 27\nARTICLE 7 :  Pr\u00e9sentation de l'autorisation\nLe b\u00e9n\u00e9ficiaire doit \u00eatre porteur de la pr\u00e9sente au torisation lors des op\u00e9rations de p\u00eache. Il est ten u de\nla pr\u00e9senter \u00e0 toute demande des agents charg\u00e9s de la police de la p\u00eache en eau douce.\nARTICLE 8 : Retrait de l'autorisation\nLa  pr\u00e9sente  autorisation  est  personnelle  et  incessi ble.  Elle  peut  \u00eatre  retir\u00e9e  \u00e0  tout  moment  sans\nindemnit\u00e9 si le b\u00e9n\u00e9ficiaire n'a pas respect\u00e9 les clauses ou les prescriptions qui lui sont li\u00e9es. \nARTICLE 9 : Tenue d'un registre de capture\nTout p\u00eacheur professionnel en eau douce d'anguilles  jaunes et argent\u00e9es d\u00e9clare ses captures une fois\npar mois, au plus tard le 5 du mois suivant.\nLes p\u00eacheurs professionnels doivent \u00e9galement tenir  \u00e0 jour, apr\u00e8s chaque relev\u00e9, une fiche de captures\nen eau douce.\nDe plus, une fiche de d\u00e9claration de captures d'anguilles doit \u00eatre renseign\u00e9e apr\u00e8s la pes\u00e9e des poissons\navant enl\u00e8vement par le mareyeur. Le b\u00e9n\u00e9ficiaire n e peut exercer les droits qui sont li\u00e9s \u00e0 la pr\u00e9sen te\nautorisation que s'il a obtenu l'accord du (ou des) d\u00e9tenteur (s) du droit de p\u00eache.\nARTICLE 10 : Affichage et publicit\u00e9\nLe pr\u00e9sent arr\u00eat\u00e9 est publi\u00e9 au recueil des actes administratifs de la pr\u00e9fecture et sur le site internet de la\npr\u00e9fecture : www.gard.gouv.fr.\nARTICLE 11 : D\u00e9lai et voie de recours\nLe pr\u00e9sent arr\u00eat\u00e9 est susceptible d'un recours deva nt le tribunal administratif de N\u00eemes dans un d\u00e9lai  de\ndeux mois \u00e0 compter de sa publication au recueil des actes administratifs de la pr\u00e9fecture du Gard.\nLe  tribunal  administratif  peut  aussi  \u00eatre  saisi  par  l'application  informatique  \u00ab  t\u00e9l\u00e9recours  citoyens \u00bb\naccessible par le site internet www.telerecours.fr\nARTICLE 12 : Ex\u00e9cution\nLe secr\u00e9taire g\u00e9n\u00e9ral de la pr\u00e9fecture du Gard, le directeur d\u00e9partemental des territoires et de la me r du\nGard, le chef du service d\u00e9partemental de l'office fran\u00e7ais de la biodiversit\u00e9 du Gard, le commandant du\ngroupement de gendarmerie du Gard sont charg\u00e9s, cha cun en ce qui le concerne, de l'ex\u00e9cution du\npr\u00e9sent arr\u00eat\u00e9, dont notification sera adress\u00e9e au b\u00e9n\u00e9ficiaire. Une copie est transmise \u00e0 la f\u00e9d\u00e9ration du\nGard pour la p\u00eache et la protection du milieu aquat ique, au pr\u00e9sident de l'association des p\u00eacheurs\nprofessionnels Rh\u00f4ne aval m\u00e9diterran\u00e9e, \u00e0 la commun aut\u00e9 de communes de petite Camargue ainsi qu'\u00e0\nla commune de Vauvert.\nN\u00eemes, le 28 mars 2025\nPour le pr\u00e9fet et par d\u00e9l\u00e9gation,\nLe chef de l'unit\u00e9 gestion \nqualitative et milieux aquatiques\nSIGNE\nLaurent MORAGUES\n89, rue Weber \u2013 30907 NIMES CEDEX 2\nT\u00e9l : 04 66 62 62 00 - Fax : 04 66 23 28 79 - www.gard.gouv.fr\nDirection D\u00e9partementale des Tetrritoires et de la Mer du Gard - 30-2025-03-28-00004 - Arr\u00eat\u00e9 pr\u00e9fectoral portant autorisation de\np\u00eache professionnelle en eau douce sur l'\u00e9tang de Scamandre, sur la commune de Vauvert, pour monsieur Lyonel BENOIT. 28\nDirection D\u00e9partementale des Tetrritoires et de\nla Mer du Gard\n30-2025-03-31-00007\nArr\u00eat\u00e9 pr\u00e9fectoral pPortant autorisation de\np\u00eache professionnelle en eau douce sur les\n\u00e9tangs et les marais dudu Crey, du Charnier et\ndu Scamandre, sur la commune de Vauvert, pour\nmonsieur Romain MEYNADIER.\nDirection D\u00e9partementale des Tetrritoires et de la Mer du Gard - 30-2025-03-31-00007 - Arr\u00eat\u00e9 pr\u00e9fectoral pPortant autorisation de\np\u00eache professionnelle en eau douce sur les \u00e9tangs et les marais dudu Crey, du Charnier et du Scamandre, sur la commune de Vauvert,\npour monsieur Romain MEYNADIER.\n29\nPREFETDU GARDLibert\u00e9Egalit\u00e9Fraternit\u00e9\nDirection d\u00e9partementale\ndes territoires et de la mer\nService eau et risques\nUnit\u00e9 milieu aquatique et ressource en eau\nR\u00e9f. : SER/GQMA/GS\nARR\u00caT\u00c9 PREFECTORAL N\u00b0 \nPortant autorisation de p\u00eache professionnelle en eau douce sur les \u00e9tangs et les marais dudu Crey, du\nCharnier et du Scamandre, sur la commune de Vauvert, pour monsieur Romain MEYNADIER.\nLe pr\u00e9fet du Gard\nChevalier de la L\u00e9gion d'honneur,\nChevalier de l'ordre national du M\u00e9rite\nVU   le Code de l'Environnement et notamment les articles L.431-1, L.431-3, L.436-1, L.436-13, R.436-14, \nR.436-15, R.436-16, R.436-18, R.436-19, R.436-20, R.436-21, R.436-25, R.436-26 et R.436-28, R.436-65-3, R.436-\n65-4 et R.436-65-5.\nVU l'arr\u00eat\u00e9 minist\u00e9riel du 14 mars 2024 relatif aux p\u00e9 riodes de p\u00eache de l'anguille europ\u00e9enne (Anguilla\nanguilla) aux stades d'anguille jaune et d'anguille  argent\u00e9e en M\u00e9diterran\u00e9e et dans les eaux douces d es\nbassins Rh\u00f4ne-M\u00e9diterran\u00e9e et Corse.\nVU  le d\u00e9cret n\u00b02004-374 du 29 avril 2004 relatif aux pouvoirs des pr\u00e9fets, \u00e0 l'organisation et \u00e0 l'action des\nservices de l'Etat dans les r\u00e9gions et d\u00e9partements.\nVU  le d\u00e9cret du 13 juillet 2023 nomment monsieur J\u00e9r\u00f4me BONET, pr\u00e9fet du Gard.\nVU  L'arr\u00eat\u00e9 pr\u00e9fectoral du Gard n\u00b0 30-2024-03-21-00007 du 21 mars 2024 portant d\u00e9l\u00e9gation de signature\nen  mati\u00e8re  d'administration  g\u00e9n\u00e9rale  \u00e0  monsieur  S\u00e9b astien  FERRA,  direction  d\u00e9partementale  des\nterritoires et de la mer du Gard.\nVU  La d\u00e9cision de monsieur S\u00e9bastien FERRA, directeur  d\u00e9partemental des territoires et de la mer du\nGard portant subd\u00e9l\u00e9gation de signature en mati\u00e8re d'administration g\u00e9n\u00e9rale aux agents de la direction\nd\u00e9partemental des territoires et de la mer du Gard.\nVU  la demande d\u00e9pos\u00e9e le 27 novembre 2024 par monsieur Romain MEYNADIER, p\u00eacheur professionnel\nen eau douce et ses compl\u00e9ments en date des 30 novembre 2024, 27 janvier 2025, 3 d\u00e9cembre 2024 et 7\nf\u00e9vrier 2025.\nVU  la  convention  d'occupation  du  domaine  public  de  la  communaut\u00e9  de  communes  de  petite\nCamargue, en  date  du  21  juin  2024,  relative  aux  \u00e9tangs  et  aux  marais  du  Crey  d'une  superficie\napproximative de 74 ha, situ\u00e9 sur la commune de Vauvert.\n89, rue Weber \u2013 30907 NIMES CEDEX 2\nT\u00e9l : 04 66 62 62 00 - Fax : 04 66 23 28 79 - www.gard.gouv.fr\nDirection D\u00e9partementale des Tetrritoires et de la Mer du Gard - 30-2025-03-31-00007 - Arr\u00eat\u00e9 pr\u00e9fectoral pPortant autorisation de\np\u00eache professionnelle en eau douce sur les \u00e9tangs et les marais dudu Crey, du Charnier et du Scamandre, sur la commune de Vauvert,\npour monsieur Romain MEYNADIER.\n30\nVU  la  convention  d'occupation  du  domaine  public  de  la  communaut\u00e9  de  communes  de  petite\nCamargue, en  date  du  21  juin  2024, relative  aux  \u00e9tangs  et  aux  marais  du  Charnier  d'une  superficie\napproximative de 170 ha, situ\u00e9s sur la commune de Vauvert.\nVU  la convention d'occupation du domaine public de la communaut\u00e9 de petite Camargue, en date du 21\njuin 2024, relative aux \u00e9tangs et aux marais du Sca mandre d'une superficie approximative de 200 ha,\nsitu\u00e9s sur la commune de Vauvert.\nVU  l'avis favorable sous r\u00e9serve de l'office fran\u00e7ais  de la biodiversit\u00e9 - service d\u00e9partemental du Gard  en\ndate du 12 janvier 2025.\nVU  l'accord tacite du pr\u00e9sident de l'A.A.I.P .P .E.D. Rh\u00f4ne aval m\u00e9diterran\u00e9e.\nVU  l'avis du pr\u00e9sident de la f\u00e9d\u00e9ration du Gard pour la p\u00eache et la protection des milieux aquatiques.\nCONSIDERANT  que la p\u00eache dans les eaux douces et fluviales du d\u00e9par tement du Gard est r\u00e9glement\u00e9e\ndans le but de prot\u00e9ger les diff\u00e9rentes esp\u00e8ces de poissons et notamment les salmonid\u00e9s.\nCONSIDERANT  que  monsieur  Romain MEYNADIER  est adh\u00e9rent  \u00e0 l'asso ciation  interd\u00e9partementale\nagr\u00e9\u00e9e des p\u00eacheurs professionnels Rh\u00f4ne Aval M\u00e9diterran\u00e9e.\nCONSIDERANT  que  la  communaut\u00e9  de  communes  de  petite  Camargue  au torise  monsieur  Romain\nMEYNADIER par convention en date du 7 juin 2021, \u00e0 occuper \u00e0 titre pr\u00e9caire et r\u00e9vocable les biens des\n\u00e9tangs et marais  du Crey d'une superficie approxim ative de 74 ha, situ\u00e9s sur la commune de Vauvert, l es\nbiens  des \u00e9tangs  et des marais du  Charnier d'une  su perficie approximative de  170  ha, situ\u00e9s  sur la\ncommunes de Vauvert ainsi que  les biens des \u00e9tangs et des marais du Scamandre  d'une superficie\napproximative  de  200  ha,  situ\u00e9s  sur  la  commune  de  V auvert,  pour  exercer  son  activit\u00e9  de  p\u00eache\nprofessionnelle.\nCONSIDERANT  que  la  demande  de  monsieur  Romain  MEYNADIER  est  con forme  aux  exigences  de\nl'arr\u00eat\u00e9 du 4 octobre 2010 qui r\u00e9git les autorisations de p\u00eache de l'anguille en eau douce.\nSUR PROPOSITION  de monsieur le directeur d\u00e9partemental des territoires et de la mer du Gard.\nARR\u00caTE\nARTICLE 1 : B\u00e9n\u00e9ficiaire de l'autorisation\nMonsieur Romain MEYNADIER dont le n\u00b0 MSA est le 055 7492 ENIM et le lieu d'habitation est au chemin\nde Saint-Gilles \u2013 30600 Vauvert , est autoris\u00e9 \u00e0 pratiquer la p\u00eache professionnelle  en eau douce dans les\nconditions fix\u00e9es au pr\u00e9sent arr\u00eat\u00e9.\nARTICLE 2 : Validit\u00e9 de l'autorisation\nCette autorisation est valable pour l'ann\u00e9e 2025 pour la p\u00eache \u00e0 l'anguille.\n89, rue Weber \u2013 30907 NIMES CEDEX 2\nT\u00e9l : 04 66 62 62 00 - Fax : 04 66 23 28 79 - www.gard.gouv.fr\nDirection D\u00e9partementale des Tetrritoires et de la Mer du Gard - 30-2025-03-31-00007 - Arr\u00eat\u00e9 pr\u00e9fectoral pPortant autorisation de\np\u00eache professionnelle en eau douce sur les \u00e9tangs et les marais dudu Crey, du Charnier et du Scamandre, sur la commune de Vauvert,\npour monsieur Romain MEYNADIER.\n31\nARTICLE 3 : Heures et lieux de captures\nLa p\u00eache de l'anguille peut \u00eatre pratiqu\u00e9e \u00e0 toute heure (man\u0153uvre, rel\u00e8ve et pose des engins).\nLa p\u00eache des autres esp\u00e8ces peut \u00eatre pratiqu\u00e9e qua tre heures avant le lever du soleil et quatre heure s\napr\u00e8s son coucher (man\u0153uvre, rel\u00e8ve et pose des engins).\nLes filets et engins de toute nature doivent \u00eatre r etir\u00e9s de l'eau du samedi 18 heures au lundi 6 heur es \u00e0\nl'exception toutefois des bosselles \u00e0 anguilles, na sses et verveux (rel\u00e8ve hebdomadaire). Les nasses e t\nverveux destin\u00e9s \u00e0 la capture d'autres esp\u00e8ces que l'anguille peuvent rester dans l'eau mais ne peuven t\n\u00eatre man\u0153uvr\u00e9s.\nLes lieux de p\u00eache sont situ\u00e9s sur les \u00e9tangs et le s marais appartenant \u00e0 la commune de Vauvert (en\n2\u00e8me cat\u00e9gorie) d'une superficie approximative de 7 4 ha (Crey), d'une superficie approximative de 170\nha (Charnier) et d'une superficie de 200 ha (Scamandre).\nARTICLE 4 : P\u00e9riode d'ouvertures sp\u00e9cifiques et stades autoris\u00e9s pour la p\u00eache de l'anguille\nLa p\u00eache \u00e0 l'anguille est ouverte selon les p\u00e9riode s indiqu\u00e9es ci-dessous (arr\u00eat\u00e9 minist\u00e9riel du 14 ma rs\n2024 relatif aux p\u00e9riodes de p\u00eache de l'anguille europ\u00e9enne (Anguilla anguilla) aux stades d'anguille jaune\net  d'anguille  argent\u00e9e  en  M\u00e9diterran\u00e9e  et  dans  les  eaux  douces  des  bassins Rh\u00f4ne-M\u00e9diterran\u00e9e  et\nCorse) :\n*  La p\u00eache de l'anguille de moins de douze centim\u00e8tre est interdite toute l'ann\u00e9e.\n*  La p\u00eache de l'anguille jaune est autoris\u00e9e du 1er avril au 30 juin et du 1er septembre au 31 octobre.\n*  La p\u00eache de l'anguille argent\u00e9e (ou anguille de d\u00e9valaison) est autoris\u00e9e du 15 septembre au 31 octobre.\nARTICLE 5 : Nombre, nature et dimensions des engins et mat\u00e9riels autoris\u00e9s\nEngins utilis\u00e9s :\nCaptures d'anguilles\n* 50 verveux \u00e0 ailes, maille de 10 mm minimum (capture d'anguille) d'une longueur de 10 m.\nCaptures d'autres esp\u00e8ces\n*Filets maillants 500, maille minimale 27 mm (R.436-26).  \nLes divers engins destin\u00e9s \u00e0 la capture de l'anguille (maille de 10mm) sont interdits, en dehors de ces\np\u00e9riodes d'ouverture.\nL'article R.436.26 du code de l'environnement interdit l'utilisation d'engins \u00e0 mailles inf\u00e9rieures \u00e0 10 mm\nquelle que soit l'esp\u00e8ce piscicole captur\u00e9e.\nARTICLE 6 : Positionnement et marquage des engins\nLes filets et engins de toute nature, fixes ou mobiles, lignes de fond comprises, ne peuvent :\n* Occuper plus des 2/3 de la largeur mouill\u00e9e du co urs d'eau, de la roubine ou du plan d'eau, dans les\nemplacements o\u00f9 ils sont utilis\u00e9s ;\n* Etre employ\u00e9s simultan\u00e9ment sur la m\u00eame rive ou s ur deux rives oppos\u00e9es, m\u00eame par des p\u00eacheurs\ndiff\u00e9rents, que s'ils sont s\u00e9par\u00e9s par une distance  \u00e9gale \u00e0 trois fois au moins la longueur du plus lo ng de\nces filets ou engins (Les lignes dormantes ne sont pas concern\u00e9es).\n89, rue Weber \u2013 30907 NIMES CEDEX 2\nT\u00e9l : 04 66 62 62 00 - Fax : 04 66 23 28 79 - www.gard.gouv.fr\nDirection D\u00e9partementale des Tetrritoires et de la Mer du Gard - 30-2025-03-31-00007 - Arr\u00eat\u00e9 pr\u00e9fectoral pPortant autorisation de\np\u00eache professionnelle en eau douce sur les \u00e9tangs et les marais dudu Crey, du Charnier et du Scamandre, sur la commune de Vauvert,\npour monsieur Romain MEYNADIER.\n32\nDans les eaux du domaine priv\u00e9 (cas des \u00e9tangs et m arais de Vauvert), la partie sup\u00e9rieure des filets doit\n\u00eatre apparente au-dessus de l'eau sur toute la longueur tendue ou jalonn\u00e9e d'une mani\u00e8re visible.\nLes  engins  utilis\u00e9s  doivent  \u00eatre  identifi\u00e9s  distinc tement  de  mani\u00e8re  \u00e0  les  diff\u00e9rencier  des  engins\nappartenant aux autres p\u00eacheurs professionnels r\u00e9gu li\u00e8rement autoris\u00e9s dans le m\u00eame secteur. De plus,\nce marquage permet d'\u00e9viter la confusion avec ceux utilis\u00e9s par des personnes n'ayant aucun statut de\np\u00eacheur professionnel aux engins.\nMonsieur Romain MEYNADIER doit obligatoirement iden tifier tous ses engins \u00e0 l'aide d'une \u00e9tiquette en\nmati\u00e8re plastique, de couleur visible et portant ses initiales : MR.\nARTICLE 7 :  Pr\u00e9sentation de l'autorisation\nLe b\u00e9n\u00e9ficiaire doit \u00eatre porteur de la pr\u00e9sente au torisation lors des op\u00e9rations de p\u00eache. Il est ten u de\nla pr\u00e9senter \u00e0 toute demande des agents charg\u00e9s de la police de la p\u00eache en eau douce.\nARTICLE 8 : Retrait de l'autorisation\nLa  pr\u00e9sente  autorisation  est  personnelle  et  incessi ble.  Elle  peut  \u00eatre  retir\u00e9e  \u00e0  tout  moment  sans\nindemnit\u00e9 si le b\u00e9n\u00e9ficiaire n'a pas respect\u00e9 les clauses ou les prescriptions qui lui sont li\u00e9es. \nARTICLE 9 : Tenue d'un registre de capture\nTout  p\u00eacheur  professionnel  en  eau  douce  d\u00e9clare  ses  captures  d'anguilles  jaunes  et  argent\u00e9es  en\napplication du II de l'article R.436-64 du code de l'environnement au moins une fois par mois et au pl us\ntard le 5 du mois suivant (arr\u00eat\u00e9 minist\u00e9riel du 29  janvier 2020 fixant les obligations applicables au x\np\u00eacheurs professionnels en eau douce relative \u00e0 la tenue du carnet de p\u00eache et \u00e0 la d\u00e9claration des\ncaptures d'anguilles europ\u00e9ennes \u00ab Anguilla anguilla \u00bb.\nLes p\u00eacheurs professionnels doivent \u00e9galement tenir  \u00e0 jour, apr\u00e8s chaque relev\u00e9, une fiche de captures\nen eau douce.\nDe plus, une fiche de d\u00e9claration de captures d'anguilles doit \u00eatre renseign\u00e9e apr\u00e8s la pes\u00e9e des poissons\navant enl\u00e8vement par le mareyeur. Le b\u00e9n\u00e9ficiaire n e peut exercer les droits qui sont li\u00e9s \u00e0 la pr\u00e9sen te\nautorisation que s'il a obtenu l'accord du (ou des) d\u00e9tenteur (s) du droit de p\u00eache.\nARTICLE 10 : Affichage et publicit\u00e9\nLe pr\u00e9sent arr\u00eat\u00e9 est publi\u00e9 au recueil des actes administratifs de la pr\u00e9fecture et sur le site internet de la\npr\u00e9fecture : www.gard.gouv.fr.\nARTICLE 11 : D\u00e9lai et voie de recours\nLe pr\u00e9sent arr\u00eat\u00e9 est susceptible d'un recours deva nt le tribunal administratif de N\u00eemes dans un d\u00e9lai  de\ndeux mois \u00e0 compter de sa publication au recueil des actes administratifs de la pr\u00e9fecture du Gard.\nLe  tribunal  administratif  peut  aussi  \u00eatre  saisi  par  l'application  informatique  \u00ab  t\u00e9l\u00e9recours  citoyens \u00bb\naccessible par le site internet www.telerecours.fr\n89, rue Weber \u2013 30907 NIMES CEDEX 2\nT\u00e9l : 04 66 62 62 00 - Fax : 04 66 23 28 79 - www.gard.gouv.fr\nDirection D\u00e9partementale des Tetrritoires et de la Mer du Gard - 30-2025-03-31-00007 - Arr\u00eat\u00e9 pr\u00e9fectoral pPortant autorisation de\np\u00eache professionnelle en eau douce sur les \u00e9tangs et les marais dudu Crey, du Charnier et du Scamandre, sur la commune de Vauvert,\npour monsieur Romain MEYNADIER.\n33\nARTICLE 12 : Ex\u00e9cution\nLe secr\u00e9taire g\u00e9n\u00e9ral de la pr\u00e9fecture du Gard, le directeur d\u00e9partemental des territoires et de la me r du\nGard, le chef du service d\u00e9partemental de l'office fran\u00e7ais de la biodiversit\u00e9 du Gard, le commandant du\ngroupement de gendarmerie du Gard sont charg\u00e9s, cha cun en ce qui le concerne, de l'ex\u00e9cution du\npr\u00e9sent arr\u00eat\u00e9, dont notification sera adress\u00e9e au b\u00e9n\u00e9ficiaire. Une copie est transmise \u00e0 la f\u00e9d\u00e9ration du\nGard pour la p\u00eache et la protection du milieu aquat ique, au pr\u00e9sident de l'association des p\u00eacheurs\nprofessionnels Rh\u00f4ne aval m\u00e9diterran\u00e9e, \u00e0 la commun aut\u00e9 de communes de petite Camargue ainsi qu'\u00e0\nla commune de Vauvert.\nN\u00eemes, le 31 mars 2025\nPour le pr\u00e9fet et par d\u00e9l\u00e9gation,\nLe chef de l'unit\u00e9 gestion \nqualitative et milieux aquatiques\nSIGNE\nLaurent MORAGUES\n89, rue Weber \u2013 30907 NIMES CEDEX 2\nT\u00e9l : 04 66 62 62 00 - Fax : 04 66 23 28 79 - www.gard.gouv.fr\nDirection D\u00e9partementale des Tetrritoires et de la Mer du Gard - 30-2025-03-31-00007 - Arr\u00eat\u00e9 pr\u00e9fectoral pPortant autorisation de\np\u00eache professionnelle en eau douce sur les \u00e9tangs et les marais dudu Crey, du Charnier et du Scamandre, sur la commune de Vauvert,\npour monsieur Romain MEYNADIER.\n34\nPrefecture du Gard\n30-2025-04-02-00002\nArr\u00eat\u00e9 pr\u00e9fectoral n\u00b030-2025-04-02-00002\nportant constitution et fonctionnement de la\nsous-commission d\u00e9partementale pour la\ns\u00e9curit\u00e9 publique.\nPrefecture du Gard - 30-2025-04-02-00002 - Arr\u00eat\u00e9 pr\u00e9fectoral n\u00b030-2025-04-02-00002 portant constitution et fonctionnement de la\nsous-commission d\u00e9partementale pour la s\u00e9curit\u00e9 publique. 35\nExPREFETDU GARD | | . .Lier | Cabinet du pr\u00e9fetFraternit\u00e9 . Direction des S\u00e9curit\u00e9sSAPSI / BOP-LDARR\u00caT\u00c9 n\u00b0 30 + 4025 - OY- 02 - COCO 2portant constitution et fonctionnementde la sous-commission d\u00e9partementale pour la s\u00e9curit\u00e9 publiqueLe Pr\u00e9fet du Gard,Chevalier de la L\u00e9gion d'Honneur,Chevalier de l'Ordre National du M\u00e9riteVU le code g\u00e9n\u00e9ral des collectivit\u00e9s territoriales ; |VU le code de l'urbanisme ;VU le code des communes ;VU le code de la construction et de l'habitation ;VU le code des relations entre le public et l'administration ;VU l'ordonnance n\u00b0 2014-1329 du 6 novembre 2014 relative aux d\u00e9lib\u00e9rations \u00e0 distance desinstances administratives \u00e0 caract\u00e8re coll\u00e9gial ;VU le d\u00e9cret n\u00b095-260 du 8 mars 1995 modifi\u00e9 relatif \u00e0 la commission consultative d\u00e9partementale des\u00e9curit\u00e9 et d'accessibilit\u00e9 ;VU le d\u00e9cret n\u00b0 2007-1177 du 3 ao\u00fbt 2007 pris pour l'application de l'article L.111-3-1 du code del'urbanisme et relatif aux \u00e9tudes de s\u00e9curit\u00e9 publique ;VU le d\u00e9cret n\u00b02009-1484 du 3 d\u00e9cembre 2009 relatif aux directions d\u00e9partementales interminist\u00e9rielles ;VU le d\u00e9cret n\u00b0 2011-324 du 24 mars 2011 relatif aux \u00e9tudes de s\u00e9curit\u00e9 publique ;VU le d\u00e9cret n\u00b0 2014-1627 du 26 d\u00e9cembre 2014 relatif aux modalit\u00e9s d'organisation des d\u00e9lib\u00e9rations \u00e0distance des instances administratives \u00e0 caract\u00e8re coll\u00e9gial ;- VU le d\u00e9cret du 13 juillet 2023 nommant M. J\u00e9r\u00f4me BONET, pr\u00e9fet du Gard ;VU l'arr\u00eat\u00e9 pr\u00e9fectoral n\u00b0 30-2022-04-123 du 3 mai 2022 portant constitution et fonctionnement de lasous-commission d\u00e9partementale pour la s\u00e9curit\u00e9 publique ; |VU l'arr\u00eat\u00e9 pr\u00e9fectoral n\u00b0 2025-03-001 portant modification de l'arr\u00eat\u00e9 pr\u00e9fectoral n\u00b0 30-2024-05-29 du29 mai 2024 portant constitution et fonctionnement de la commission consultative d\u00e9partementale des\u00e9curit\u00e9 et d'accessibilit\u00e9 :VU l'arr\u00eat\u00e9 pr\u00e9fectoral n\u00b0 30-2024-10-18-00009 du 18 octobre 2024 donnant d\u00e9l\u00e9gation de signature aMme Marie-Charlotte EUVRARD, sous-pr\u00e9f\u00e8te, directrice de cabinet du pr\u00e9fet du Gard ;Consid\u00e9rant la tenue de la commission consultative d\u00e9partementale de s\u00e9curit\u00e9 et d'accessibilit\u00e9 du25 f\u00e9vrier 2025 ;Consid\u00e9rant qu'au regard de l'article 10 de l'arr\u00eat\u00e9 pr\u00e9fectoral du 29 mai 2024 susvis\u00e9, il appartient \u00e0chaque sous-commission de la commission consultative d\u00e9partementale de s\u00e9curit\u00e9 et d'accessibilit\u00e9de d\u00e9finir par arr\u00eat\u00e9 pr\u00e9fectoral sp\u00e9cifique son fonctionnement et sa composition ;Sur proposition de Madame la sous-pr\u00e9f\u00e8te, directrice de cabinet ;\nPrefecture du Gard - 30-2025-04-02-00002 - Arr\u00eat\u00e9 pr\u00e9fectoral n\u00b030-2025-04-02-00002 portant constitution et fonctionnement de la\nsous-commission d\u00e9partementale pour la s\u00e9curit\u00e9 publique. 36\nARRETEArticle 1 - Il est cr\u00e9\u00e9, au sein de la commission consultative d\u00e9partementale de s\u00e9curit\u00e9 etd'accessibilit\u00e9 (C.C.D.S.A.) une sous-commission d\u00e9partementale pour la s\u00e9curit\u00e9publique, appel\u00e9e ci-apr\u00e8s la sous-commission d\u00e9partementale.Les avis de la sous-commission d\u00e9partementale ont valeur d'avis de la C.C.D.S.A.\nTITRE IDES ATTRIBUTIONS DE LA SOUS-COMMISSION D\u00c9PARTEMENTALEPOUR LA S\u00c9CURIT\u00c9 PUBLIQUE\nArticle 2 - La sous-commission d\u00e9partementale est comp\u00e9tente pour donner un avis, \u00e0l'autorit\u00e9 investie du pouvoir de police, sur les \u00e9tudes de s\u00e9curit\u00e9 publique qui lui sontsoumises conform\u00e9ment aux dispositions du code de l'urbanisme et du code de laconstruction et de l'habitation.\nArticle 3 - Conform\u00e9ment \u00e0 l'article R.114-1 du code de l'urbanisme, sont soumis \u00e0 l'\u00e9tude des\u00e9curit\u00e9 publique :3.1 \u2014 Lorsqu'elle est situ\u00e9e dans une agglom\u00e9ration de plus de 100.000 habitants,au sens du recensement g\u00e9n\u00e9ral de la population (N\u00eemes) :a) L'op\u00e9ration d'am\u00e9nagement qui, en une ou plusieurs phases, a pour effet decr\u00e9er une surface de plancher sup\u00e9rieure \u00e0 70 000 m? ;b) La cr\u00e9ation d'un \u00e9tablissement recevant du public (ERP) de premi\u00e8re oudeuxi\u00e8me cat\u00e9gorie au sens de l'article R.123-19 du code de la construction etde l'habitation ainsi que les travaux et am\u00e9nagements soumis \u00e0 permis deconstruire ex\u00e9cut\u00e9s sur un ERP existant de premi\u00e8re ou de deuxi\u00e8me cat\u00e9gorieayant pour effet soit d'augmenter de plus de 10 % l'emprise au sol, soit demodifier les acc\u00e8s sur la voie publique.Les dispositions ci-dessus s'appliquent \u00e9galement aux \u00c9tablissements PublicsLocaux d'Enseignement (EPLE) de troisi\u00e8me cat\u00e9gorie ;C) L' 'op\u00e9ration de construction ayant pour effet de cr\u00e9er une Surface de planchersup\u00e9rieure ou \u00e9gale \u00e0 70 000 m2.3.2 \u2014 En dehors des agglom\u00e9rations de plus de 100.000 habitants au sens del'article R.123-19 du code de la construction et de l'habitation, les travaux ouop\u00e9rations suivantes :a) la cr\u00e9ation d'un \u00e9tablissement d'enseignement de second degr\u00e9 de 1\u00e8re,2\u00e8me ou 3\u00e8me cat\u00e9gorie, au sens de l'article RAS 19 du code de laconstruction et de l'habitation. |b) la cr\u00e9ation d'une gare ferroviaire, routi\u00e8re ou maritime de premi\u00e8re oudeuxi\u00e8me cat\u00e9gorie ainsi que les travaux soumis \u00e0 permis de construire ex\u00e9cut\u00e9ssur une gare existante de m\u00eame cat\u00e9gorie et ayant pour effet soit d'augmenterde plus de 10 % l'emprise au sol, soit de modifier les acc\u00e8s sur la voie publique.\nPrefecture du Gard - 30-2025-04-02-00002 - Arr\u00eat\u00e9 pr\u00e9fectoral n\u00b030-2025-04-02-00002 portant constitution et fonctionnement de la\nsous-commission d\u00e9partementale pour la s\u00e9curit\u00e9 publique. 37\n3.3 \u2014 Dans tout le d\u00e9partement :a) les op\u00e9rations des projets de r\u00e9novation urbaine mentionn\u00e9s \u00e0 l'article 8 dud\u00e9cret n\u00b02004-123 du 9 f\u00e9vrier 2004 relatif \u00e0 l'Agence nationale pour lar\u00e9novation urbaine comportant la d\u00e9molition d'au moins 500 logementsd\u00e9termin\u00e9s par arr\u00eat\u00e9 du pr\u00e9fet en fonction de leurs incidences sur laprotection des personnes et des biens contre les menaces et agressions.b) la r\u00e9alisation d'une op\u00e9ration d'am\u00e9nagement ou la cr\u00e9ation d'un ERP,situ\u00e9 \u00e0 l'int\u00e9rieur d'un p\u00e9rim\u00e8tre d\u00e9limit\u00e9 par arr\u00eat\u00e9 motiv\u00e9 du pr\u00e9fet, prisapr\u00e8s avis du conseil local de s\u00e9curit\u00e9 et de pr\u00e9vention de la d\u00e9linquance etexc\u00e9dant des seuils d\u00e9finis dans cet arr\u00eat\u00e9.\nArticle 4 - Conform\u00e9ment \u00e0 l'article R.114-2 du code de l'urbanisme, l'\u00e9tude de s\u00e9curit\u00e9publique comprend :1\u00b0 Un diagnostic pr\u00e9cisant le contexte social et urbain et l'interaction entre le projet etson environnement imm\u00e9diat ;2\u00b0 L'analyse du projet au regard des risques de s\u00e9curit\u00e9 publique pesant surl'op\u00e9ration ;3\u00b0 Les mesures propos\u00e9es, en ce qui concerne, notamment, l'am\u00e9nagement des voieset espaces publics et, lorsque le projet porte sur une construction, l'implantation, ladestination, la nature, l'architecture, les dimensions et l'assainissement de cetteconstruction et l'am\u00e9nagement de ses abords, pour :a) Pr\u00e9venir et r\u00e9duire les risques de s\u00e9curit\u00e9 publique mis en \u00e9vidence dans lediagnostic ;b) Faciliter les missions des services de police, de gendarmerie et de secours.L'\u00e9tude se prononce sur l'opportunit\u00e9 d'installer ou non un syst\u00e8me de vid\u00e9oprotection.Dans le cas o\u00f9 une \u00e9tude de s\u00e9curit\u00e9 publique est exig\u00e9e en raison de travaux ouam\u00e9nagements sur un ERP existant, le diagnostic pr\u00e9vu au 1\u00b0 ne porte que surl'interaction entre le projet et son environnement imm\u00e9diat. Si une \u00e9tude a \u00e9t\u00e9 r\u00e9alis\u00e9edepuis moins de quatre ans pour le m\u00eame \u00e9tablissement, elle est jointe au dossier dedemande de permis de construire, la nouvelle \u00e9tude ne portant alors que sur la partiede l'\u00e9tablissement donnant lieu \u00e0 modification de plus de 10 % de l'emprise au sol oumodifiant les acc\u00e8s sur la voie publique.\nArticle 5 - Afin de s'assurer de la n\u00e9cessit\u00e9 pour le ma\u00eetre d'ouvrage de d\u00e9poser une \u00e9tude des\u00e9curit\u00e9 publique, ladite \u00e9tude doit \u00e9galement comprendre un proc\u00e8s-verbal declassement de l'\u00e9tablissement recevant du public (ERP) par la commission de s\u00e9curit\u00e9comp\u00e9tente :a) pour tous les projets d'am\u00e9nagement portant sur un ERP d\u00e9j\u00e0 existant ;b) ainsi que pour tous projets de cr\u00e9ation ou d'am\u00e9nagement portant sur un ERPen cours de construction.\nPrefecture du Gard - 30-2025-04-02-00002 - Arr\u00eat\u00e9 pr\u00e9fectoral n\u00b030-2025-04-02-00002 portant constitution et fonctionnement de la\nsous-commission d\u00e9partementale pour la s\u00e9curit\u00e9 publique. 38\nTITRE IlDE LA COMPOSITION DE LA SOUS-COMMISSION DEPARTEMENTALEPOUR LA SECURITE PUBLIQUE\nArticle 6 - La sous-commission d\u00e9partementale pour la s\u00e9curit\u00e9 publique est pr\u00e9sid\u00e9e par lePr\u00e9fet ou son repr\u00e9sentant.\nArticle 7 - Sont membres de la sous-commission d\u00e9partementale avec voix d\u00e9lib\u00e9rative :\n7.1 \u2014 Pour toutes les attributions de la sous-commission d\u00e9partementale :a) les personnes d\u00e9sign\u00e9es ci-apr\u00e8s ou leurs suppl\u00e9ants :- le directeur interd\u00e9partemental de la police nationale (DIPN) territorialementcomp\u00e9tent : \u00e0 savoir le DIPN du Gard pour les communes de N\u00eemes, Al\u00e8s,Saint-Christol-l\u00e8s-Al\u00e8s et Bagnols-sur-C\u00e8ze, le DIPN des Bouches-du-Rh\u00f4ne pour lacommune de Beaucaire ou le DIPN de Vaucluse pour les communes des Angles etde Villeneuve-l\u00e8s-Avignon ;- le commandant du groupement de gendarmerie d\u00e9partementale ;- le directeur du service d\u00e9partemental d'incendie et de secours- le directeur d\u00e9partemental des territoires et de la mer ;b) les personnes qualifi\u00e9es, ci-dessous, repr\u00e9sentant les constructeurs et am\u00e9nageurs :- Monsieur Alain PENCHINAT, repr\u00e9sentant la f\u00e9d\u00e9ration des promoteurs immobiliers,Les Vill\u00e9giales, 7 rue Rouget de Lisle - 30000 NIMES et Monsieur QuentinPENCHINAT en qualit\u00e9 de suppl\u00e9ant ;- Le repr\u00e9sentant du syndicat national des am\u00e9nageurs et des lotisseurs;- Monsieur Eric RODIER, repr\u00e9sentant la f\u00e9d\u00e9ration fran\u00e7aise du. b\u00e2timent \u2014 dirigeantde la soci\u00e9t\u00e9 CREA SOLAR, 850 rue Etienne Lenoir -b\u00e2timent A- 30900 NIMES.\n7.2 \u2014 En fonction des affaires trait\u00e9es :- le maire de la commune ou son repr\u00e9sentant.\nArticle 8 - La dur\u00e9e du mandat des membres non fonctionnaires qui si\u00e8gent avec voix d\u00e9lib\u00e9rativeest de trois ans \u00e0 compter de l'entr\u00e9e en vigueur du pr\u00e9sent arr\u00eat\u00e9. \u2014En cas de d\u00e9c\u00e8s ou de d\u00e9mission d'un membre de la commission consultative en cours demandat, son suppl\u00e9ant, lorsqu'il est d\u00e9sign\u00e9, si\u00e8ge pour la dur\u00e9e du mandat restant \u00e0 courir.\nPrefecture du Gard - 30-2025-04-02-00002 - Arr\u00eat\u00e9 pr\u00e9fectoral n\u00b030-2025-04-02-00002 portant constitution et fonctionnement de la\nsous-commission d\u00e9partementale pour la s\u00e9curit\u00e9 publique. 39\nTITRE IllDES MODALITES DE FONCTIONNEMENTDE LA SOUS-COMMISSION DEPARTEMENTALE POUR LA SECURITE PUBLIQUE\nArticle 9 - Le secr\u00e9tariat de la sous-commission d\u00e9partementale pour la s\u00e9curit\u00e9 publique est assur\u00e9par le bureau de l'ordre public et de la lutte contre la sii aad au sein de la direction dess\u00e9curit\u00e9s de la pr\u00e9fecture du Gard.Il adresse l'ordre du jour ainsi que les convocations aux membres de la sous-commissiond\u00e9partementale dix jours au moins avant la date de la r\u00e9union.Ce d\u00e9lai ne s'applique pas lorsque la sous-commission d\u00e9partementale souhaite tenir uneseconde r\u00e9union ayant le m\u00eame objet.Le pr\u00e9sident peut appeler \u00e0 si\u00e9ger \u00e0 titre consultatif les administrations int\u00e9ress\u00e9esnon membres de la sous-commission d\u00e9partementale ainsi que toute personne qualifi\u00e9e.Le secr\u00e9tariat notifiera le proc\u00e8s-verbal de la sous-commission aux membres.Article 10 - La sous-commission d\u00e9partementale se r\u00e9unit sur convocation de son pr\u00e9sident, en tantque de besoin.Article 11 - Les fonctions de rapporteur sont assur\u00e9es, sur demande du pr\u00e9sident de lasous-commission, soit par le directeur interd\u00e9partemental de la police nationaleterritorialement comp\u00e9tent, soit par le commandant du groupement de gendarmeried\u00e9partementale.Article 12 - Un rapport d'activit\u00e9 de la sous-commission d\u00e9partementale pour la s\u00e9curit\u00e9 publique estadress\u00e9, une fois par an, \u00e0 la commission consultative d\u00e9partementale de s\u00e9curit\u00e9 etd'accessibilit\u00e9.\nTITRE IVDES MODALIT\u00c9S DE VOTE ET DE DELIBERATION _DE LA SOUS-COMMISSION D\u00c9PARTEMENTALE POUR LA S\u00c9CURIT\u00c9 PUBLIQUE\nArticle 13 - La sous-commission d\u00e9partementale ne d\u00e9lib\u00e8re valablement que si les conditionssuivantes sont r\u00e9unies :- participation de la moiti\u00e9 des membres pr\u00e9vus par l'article 7.1 a) du pr\u00e9sentarr\u00eat\u00e9 ;- participation du maire de la commune concern\u00e9e ou de l'adjoint d\u00e9sign\u00e9 parlui.Le calcul du quorum prend en consid\u00e9ration, conform\u00e9ment a l'article 2 de l'ordonnance2014-1329 du 6 novembre 2014 et \u00e0 l'article 1 du d\u00e9cret 2014-1627 du 26 d\u00e9cembre 2014,les avis \u00e9crits, motiv\u00e9s, transmis par voie \u00e9lectronique ainsi que les avis transmis au moyend'une conf\u00e9rence t\u00e9l\u00e9phonique ou audiovisuelle.Les avis d\u00e9favorables transmis au moyen d'une conf\u00e9rence t\u00e9l\u00e9phonique ou audiovisuelledoivent faire l'objet d'une confirmation par \u00e9crit.\nPrefecture du Gard - 30-2025-04-02-00002 - Arr\u00eat\u00e9 pr\u00e9fectoral n\u00b030-2025-04-02-00002 portant constitution et fonctionnement de la\nsous-commission d\u00e9partementale pour la s\u00e9curit\u00e9 publique. 40\nArticle 14 - La sous-commission se prononce \u00e0 la majorit\u00e9 des membres ayant voix d\u00e9lib\u00e9rative. Encas de partage des voix, celle du pr\u00e9sident est pr\u00e9pond\u00e9rante.Un membre de la sous-commission ne peut prendre part aux d\u00e9lib\u00e9rations ayant pour objetune affaire \u00e0 laquelle il a un int\u00e9r\u00eat personnel.\nArticle 15 - Le pr\u00e9sent arr\u00eat\u00e9 pr\u00e9fectoral prendra effet \u00e0 compter de sa publication au recueil desactes administratifs de la pr\u00e9fecture du Gard, date \u00e0 laquelle sera abrog\u00e9 l'arr\u00eat\u00e9 pr\u00e9fectoraln\u00b0 30-2022-04-123 du 3 mai 2022 relatif \u00e0 la sous-commission d\u00e9partementale pour las\u00e9curit\u00e9 publique.Article 16 - Le pr\u00e9sent arr\u00eat\u00e9 peut faire l'objet d'un recours administratif aupr\u00e8s du pr\u00e9fet du Gard(pr\u00e9fecture du Gard 30045 Nimes cedex 9), d'un recours hi\u00e9rarchique adress\u00e9 au ministrede l'Int\u00e9rieur \u2014 place Beauvau 75800 Paris, ou d'un recours contentieux aupr\u00e8s du tribunaladministratif de N\u00eemes, dans un d\u00e9lai de deux mois suivant sa publication. Le tribunaladministratif peut aussi \u00eatre saisi par l'application informatique \u00ab Telerecours Citoyens \u00bbaccessible par le site internet www.telerecours.fr. .\nArticle 17 - Le secr\u00e9taire g\u00e9n\u00e9ral de la pr\u00e9fecture, le sous-pr\u00e9fet de l'arrondissement d'Al\u00e9s, la sous-pr\u00e9f\u00e8te de l'arrondissement du Vigan, la sous-pr\u00e9f\u00e8te, directrice de Cabinet du pr\u00e9fet, leschefs de services concern\u00e9s, les maires sont charg\u00e9s, chacun en ce qui les concerne, del'ex\u00e9cution du pr\u00e9sent arr\u00eat\u00e9 qui sera publi\u00e9 au recueil des actes administratif de lapr\u00e9fecture du Gard.\nFait \u00e0 N\u00eemes, le 0 2 AVR. 2025 Le Pr\u00e9fet,\nMarie-Charlotte EUVRARD\nPrefecture du Gard - 30-2025-04-02-00002 - Arr\u00eat\u00e9 pr\u00e9fectoral n\u00b030-2025-04-02-00002 portant constitution et fonctionnement de la\nsous-commission d\u00e9partementale pour la s\u00e9curit\u00e9 publique. 41","date":"2025-04-02","first_seen_on":"2025-04-02T16:12:57+00:00","id":"c1efb0b7c5595402a05d4b45c8c8273c4d389900108bb2afcd0182dd5529917d","name":"recueil-30-2025-055-special du 02 04 2025","pdf_creation_date":"2025-04-02T15:32:46+00:00","pdf_modification_date":null,"timezone":"Europe/Paris","url":"https://www.gard.gouv.fr/contenu/telechargement/62765/464496/file/recueil-30-2025-055-special%20du%2002%2004%202025.pdf"}
