{"administration":"pref37","administration_name":"Pr\u00e9fecture d\u2019Indre-et-Loire","content":"INDRE-ET-LOIRE\nRECUEIL DES ACTES\nADMINISTRATIFS SP\u00c9CIAL\nN\u00b037-2025-10055\nPUBLI\u00c9 LE 22 OCTOBRE 2025\nSommaire\nPr\u00e9fecture d'Indre et Loire / Service d'animation interminist\u00e9rielle des\npolitiques publiques\n37-2025-10-21-00002 - Arr\u00eat\u00e9 composition formation sp\u00e9cialis\u00e9e en\nmati\u00e8re de sant\u00e9, s\u00e9curit\u00e9 et de conditions de travail du comit\u00e9\nsocial d'administration d\u00e9partemental (2 pages) Page 3\n2\nPr\u00e9fecture d'Indre et Loire\n37-2025-10-21-00002\nArr\u00eat\u00e9 composition formation sp\u00e9cialis\u00e9e en\nmati\u00e8re de sant\u00e9, s\u00e9curit\u00e9 et de conditions de\ntravail du comit\u00e9 social d'administration\nd\u00e9partemental\nPr\u00e9fecture d'Indre et Loire - 37-2025-10-21-00002 - Arr\u00eat\u00e9 composition formation sp\u00e9cialis\u00e9e en mati\u00e8re de sant\u00e9, s\u00e9curit\u00e9 et de\nconditions de travail du comit\u00e9 social d'administration d\u00e9partemental 3\nDirection des services d\u00e9partementaux de l'Education nationale d'Indre-et-Loire\nSecr\u00e9tariat g\u00e9n\u00e9ral \nL'inspecteur d'acad\u00e9mie, Directeur des services d\u00e9partementaux de l'Education nationale d'Indre-et-loire\nVu le Code g\u00e9n\u00e9ral de la fonction publique\u00a0;\nVu le d\u00e9cret n\u00b02020-1427 du 20 novembre 2020 modifi\u00e9 relatif aux comit\u00e9s sociaux d'administration  \ndans les administrations et les \u00e9tablissements publics de l'Etat\u00a0;\nVu l'arr\u00eat\u00e9  du  28  avril  2022  portant  cr\u00e9ation  de  comit\u00e9s  sociaux  d'administration  minist\u00e9riels,  de  \nl'administration centrale, des services d\u00e9concentr\u00e9s et des \u00e9tablissements publics des minist\u00e8res charg\u00e9s  \nde l'\u00e9ducation nationale, de la jeunesse, des sports, de l'enseignement sup\u00e9rieur et de la recherche\u00a0;\nVu le proc\u00e8s-verbal de d\u00e9pouillement du scrutin relatif au comit\u00e9 social d'administration sp\u00e9cial des  \nservices acad\u00e9miques et de r\u00e9partition des si\u00e8ges lors des \u00e9lections professionnelles du 8 d\u00e9cembre  \n2022\u00a0;\nVu les d\u00e9signations actualis\u00e9es adress\u00e9es par les organisations syndicales habilit\u00e9es\u00a0;\nARRETE \nARTICLE  1er\u00a0:   La  composition  de  la  formation  sp\u00e9cialis\u00e9e  en  mati\u00e8re  de  sant\u00e9,  de  s\u00e9curit\u00e9  et  de  \nconditions de travail du comit\u00e9 social d'administration d\u00e9partemental aupr\u00e8s de Monsieur l'Inspecteur  \nd'acad\u00e9mie, directeur acad\u00e9mique des services de l'Education nationale d'Indre-et-Loire, est modifi\u00e9e  \nainsi qu'il suit\u00a0:\nMEMBRES DE DROIT  \u00a0  :  \nMonsieur Pierre-Alain CHIFFRE, Directeur acad\u00e9mique, Pr\u00e9sident\nRepr\u00e9sentant des personnels au titre de la FSU\u00a0:\nMembre suppl\u00e9ante : Madame Val\u00e9rie AGRAFEUIL, enseignante, Coll\u00e8ge Jules Romains \u00e0 Saint-Avertin \nRepr\u00e9sentant des personnels au titre de l'UNSA\u00a0:\nMembre titulaire\u00a0: Monsieur Pascal IANNINO, enseignant, Lyc\u00e9e Chaptal \u00e0 Amboise\nARTICLE 2 : La composition de la formation sp\u00e9cialis\u00e9e en mati\u00e8re de sant\u00e9, de s\u00e9curit\u00e9 et de conditions \nde travail du comit\u00e9 social d'administration d\u00e9partemental est la suivante\u00a0: \nPr\u00e9fecture d'Indre et Loire - 37-2025-10-21-00002 - Arr\u00eat\u00e9 composition formation sp\u00e9cialis\u00e9e en mati\u00e8re de sant\u00e9, s\u00e9curit\u00e9 et de\nconditions de travail du comit\u00e9 social d'administration d\u00e9partemental 4\nREPRESENTANTS DES PERSONNELS  \u00a0  :  \nMembres titulaires Membres suppl\u00e9ants\nMonsieur Paul AGARD, FSU\nEcole primaire Maisons Neuves, Jou\u00e9-l\u00e8s-Tours\nMadame Val\u00e9rie AGRAFEUIL, FSU\nColl\u00e8ge Jules Romains, Saint-Avertin\nMonsieur Philippe BARETTO DE SOUZA, FSU\nLyc\u00e9e Th\u00e9r\u00e8se Planiol, Loches\nMadame Sandra DESSART, FSU\nEcole primaire Les 2 rives, Civray-de-Touraine\nMonsieur Simon D\u00c9LAS, FSU\nEcole \u00e9l\u00e9mentaire. Diderot-Pascal, Tours\nMadame L\u00e9a GODIN, FSU\nEcole \u00e9l\u00e9mentaire P.L. Courier, Cinq-Mars-la-\nPile\nMadame Anne GRANDET, FSU\nLyc\u00e9e Paul-Louis Courier, Tours\nMonsieur S\u00e9bastien MARCHAL, FSU\nLyc\u00e9e Th\u00e9r\u00e8se Planiol, Loches\nMadame Sophie METZINGER, FSU\nEcole \u00e9l\u00e9mentaire P. L. Courier, Cinq-Mars-la-\nPile\nMadame Val\u00e9rie SOUCHET, FSU\nColl\u00e8ge Jacques Decour, Saint-Pierre-des-Corps\nMadame Hayat GHAZALI, SNFOLC 37\nColl\u00e8ge Beaulieu, Jou\u00e9-l\u00e8s-Tours\nMonsieur Yannick EPRINCHARD, SNETAA-FO\nLyc\u00e9e Albert Bayet, Tours\nMadame Brinhide GUICHARD, SNUDI \u2013 FO 37\nEcole maternelle Henri Wallon, Saint-Pierre-\ndes-Corps\nMonsieur Jean-Marc MICHEL, SPASEEN-FO\nColl\u00e8ge Champ de la Motte, Langeais\nMadame No\u00e9mie LE BASTARD, SNUDI \u2013 FO 37\nEcole \u00e9l\u00e9mentaire Rabelais Richelieu, Amboise\nMadame C\u00e9cile MOZAS, SNFOLC 37\nLyc\u00e9e L\u00e9onard de Vinci, Amboise\nMadame H\u00e9l\u00e8ne NIZOU, SNUDI \u2013 FO 37\nEcole \u00e9l\u00e9mentaire Mignonne, Jou\u00e9-l\u00e8s-Tours\nMadame Salom\u00e9 OLMEDO, SNUDI \u2013 FO 37\nEcole \u00e9l\u00e9mentaire Mignonne, Jou\u00e9-l\u00e8s-Tours\nMonsieur Pascal IANNINO, UNSA-Education\nLyc\u00e9e Chaptal, Amboise\nMadame Marjorie LUSSE-BEAULIEU, UNSA-\nEducation\nEcole \u00e9l\u00e9mentaire Roti\u00e8re, Jou\u00e9-l\u00e8s-Tours\nARTICLE 2 : La Secr\u00e9taire g\u00e9n\u00e9rale de la direction des services d\u00e9partementaux de l'Education nationale \nd'Indre-et-Loire est charg\u00e9e de l'ex\u00e9cution du pr\u00e9sent arr\u00eat\u00e9.\nFait \u00e0 Tours, le 21 octobre 2025\nSign\u00e9\nPierre-Alain CHIFFRE\nPr\u00e9fecture d'Indre et Loire - 37-2025-10-21-00002 - Arr\u00eat\u00e9 composition formation sp\u00e9cialis\u00e9e en mati\u00e8re de sant\u00e9, s\u00e9curit\u00e9 et de\nconditions de travail du comit\u00e9 social d'administration d\u00e9partemental 5","date":"2025-10-22","first_seen_on":"2025-10-22T14:18:07+00:00","id":"c260cf84bf1a514f14c3e5fec235a0b02c7c54a2266184955056ccaa93531124","name":"2025-10-22 RAA sp\u00e9cial Arr\u00eat\u00e9 composition formation sp\u00e9cialis\u00e9e mati\u00e8re sant\u00e9, s\u00e9curit\u00e9, conditions travail comit\u00e9 social d'administration d\u00e9partem...","pdf_creation_date":"2025-10-22T12:55:29+00:00","pdf_modification_date":null,"timezone":"Europe/Paris","url":"https://www.indre-et-loire.gouv.fr/contenu/telechargement/47623/328801/file/2025-10-22%20RAA%20sp%C3%A9cial%20Arr%C3%AAt%C3%A9%20composition%20formation%20sp%C3%A9cialis%C3%A9e%20mati%C3%A8re%20sant%C3%A9,%20s%C3%A9curit%C3%A9,%20conditions%20travail%20comit%C3%A9%20social%20d'administration%20d%C3%A9partemental.pdf"}
