{"administration":"prefidf","administration_name":"Pr\u00e9fecture de la r\u00e9gion \u00cele-de-France","content":"PREFECTURE\nREGION ILE DE\nFRANCE\nRECUEIL DES ACTES\nADMINISTRATIFS SP\u00c9CIAL\nN\u00b0IDF-001-2025-10\nPUBLI\u00c9 LE  1 OCTOBRE 2025\nSommaire\nDirection r\u00e9gionale des affaires culturelles d'Ile-de-France  / Secr\u00e9tariat\ng\u00e9n\u00e9ral\nIDF-2025-10-01-00001 - Arr\u00eat\u00e9 n\u00b02025-080 portant subd\u00e9l\u00e9gation\nde signature en mati\u00e8re d'ordonnancement secondaire\n (5 pages) Page 3\nIDF-2025-10-01-00002 - Arr\u00eat\u00e9 n\u00b02025-081 portant subd\u00e9l\u00e9gation\nde signature en mati\u00e8re administrative\n (5 pages) Page 9\nRectorat de l'acad\u00e9mie de Cr\u00e9teil / Affaires juridiques\nIDF-2025-10-01-00003 - Arr\u00eat\u00e9 du 1er octobre 2025 portant\nd\u00e9l\u00e9gation de signature \u00e0 monsieur Julien LALIVE, chef de la division\ndes personnels enseignants (DPE) du rectorat de Cr\u00e9teil (3 pages) Page 15\n2\nDirection r\u00e9gionale des affaires culturelles\nd'Ile-de-France \nIDF-2025-10-01-00001\nArr\u00eat\u00e9 n\u00b02025-080 portant subd\u00e9l\u00e9gation de\nsignature en mati\u00e8re d'ordonnancement\nsecondaire\nDirection r\u00e9gionale des affaires culturelles d'Ile-de-France  - IDF-2025-10-01-00001 - Arr\u00eat\u00e9 n\u00b02025-080 portant subd\u00e9l\u00e9gation de\nsignature en mati\u00e8re d'ordonnancement secondaire 3\nPREFET _DE LA REGIOND'ILE-DE-FRANCE\nFraternit\u00e9\nr\u00e9fets, \u00e0\n \n \nDirection r\u00e9gionale des affaires culturelles d'\u00cele-de-France \n47 rue Le Peletier 75009 Paris \u2013 Standard  01 56 06 50 00 \u2013 T\u00e9l\u00e9copie 01 56 06 52 48 \n \n \nDirection r\u00e9gionale  \ndes affaires culturelles  \nd'Ile-de-France \n \n \n \n \n \n \n \nArr\u00eat\u00e9 n\u00b02025-080 \nportant subd\u00e9l\u00e9gation de signature \nen mati\u00e8re d'ordonnancement secondaire \n \n \nLE DIRECTEUR REGIONAL \nDES AFFAIRES CULTURELLES D'\u00ceLE-DE-FRANCE \n \n \nVU  le d\u00e9cret n\u00b02004- 374 du 29 avril 2004 modifi\u00e9 relatif aux pouvoirs des pr\u00e9fets, \u00e0 \nl'organisation et \u00e0 l'action des services de l'Etat dans les r\u00e9gions et d\u00e9partements ; \n \nVU  le d\u00e9cret n\u00b02010 -633 du 8 juin 2010 relatif \u00e0 l'organisation et aux missions des directions \nr\u00e9gionales des affaires culturelles ; \n \nVU  le d\u00e9cret n\u00b02010-687 du 24 juin 2010 relatif \u00e0 l'organisation et aux missions des services de \nl'Etat dans la r\u00e9gion et les d\u00e9partements d'\u00cele-de-France ; \n \nVU  le d\u00e9cret du 22 juillet 2020 portant nomination de Monsieur Marc GUILLAUME en qualit\u00e9 de \npr\u00e9fet de la r\u00e9gion d'\u00cele-de-France, pr\u00e9fet de Paris ; \n \nVU  l'arr\u00eat\u00e9 minist\u00e9riel du 1\ner septembre 2025 portant nomination (directions r\u00e9gionales des \naffaires culturelles) ; \n \nVU  l'arr\u00eat\u00e9 n\u00b0IDF-2025-09-23-00030 du 23 septembre 2025 portant d\u00e9l\u00e9gation de signature \u00e0 \nMonsieur Edward de LUMLEY, directeur r\u00e9gional des affaires culturelles de la r\u00e9gion d'Ile-de-\nFrance, en mati\u00e8re d'ordonnancement secondaire ; \n \n \n \nARR\u00caT\u00c9 \n \n \nARTICLE 1\nER :  \n \nDans le cadre de l 'arr\u00eat\u00e9 n\u00b0IDF-2025-09-23-00030 du 23 septembre 2025 et en cas d'absence ou \nd'emp\u00eachement de  Monsieur Edward de LUMLEY , d\u00e9l\u00e9gation de signature est donn\u00e9e pour \nl'ensemble des mati\u00e8res d'ordonnancement secondaire \u00e0 Madame Carole SPADA, directrice \nr\u00e9gionale adjointe aux affaires culturelles,  \u00e0 Monsieur Olivier PEYRATOUT, directeur adjoint \nDirection r\u00e9gionale des affaires culturelles d'Ile-de-France  - IDF-2025-10-01-00001 - Arr\u00eat\u00e9 n\u00b02025-080 portant subd\u00e9l\u00e9gation de\nsignature en mati\u00e8re d'ordonnancement secondaire 4\nMadame\nParis\n,aM\n2/5 \nDirection r\u00e9gionale des affaires culturelles d'\u00cele-de-France \n47 rue Le Peletier 75009 Paris \n \nd\u00e9l\u00e9gu\u00e9 charg\u00e9 des patrimoines,  \u00e0 Madame Marie SEMERY, secr\u00e9taire g\u00e9n\u00e9rale, \u00e0 Monsieur Nabil \nLAHIANE, secr\u00e9taire g\u00e9n\u00e9ral adjoint. \n \n \n \n \n \nARTICLE 2 :  \n \nD\u00e9l\u00e9gation de signature est donn\u00e9e \u00e0 Monsieur Philippe DRESS, conservateur r\u00e9gional des \nmonuments historiques, \u00e0 l'effet de signer toutes les pi\u00e8ces relatives \u00e0 la passation et \u00e0 l'ex\u00e9cution \ndes accords-cadres et des march\u00e9s publics pass\u00e9s dans le cadre des programmes \u00ab  Patrimoine \u00bb \n(n\u00b0175) et \u00ab Comp\u00e9titivit\u00e9 \u00bb (n\u00b0363). \n \nEn cas d'absence ou d'emp\u00eachement de Monsieur Philippe DRESS , d\u00e9l\u00e9gation est donn\u00e9e \u00e0 \nMadame Emilie COUHADON , adjointe du conservateur r\u00e9gional des monuments historiques, \u00e0 \nl'effet de signer et recevoir les actes ci-dessus \u00e9num\u00e9r\u00e9s. \n \n \nARTICLE 3 :  \n \nD\u00e9l\u00e9gation de signature est donn\u00e9e \u00e0 Madame Lucie MASSON , cheffe du bureau des affaires \nfinanci\u00e8res, \u00e0 l'effet de : \n \n1. recevoir les cr\u00e9dits des programmes suivants : \n\u2022 \u00ab Cr\u00e9ation \u00bb (n\u00b0131) \n\u2022 \u00ab Patrimoine \u00bb (n\u00b0175) \n\u2022 \u00ab Presse et m\u00e9dias \u00bb (n\u00b0180, action 5 \u00ab Soutien aux m\u00e9dias de proximit\u00e9 \u00bb)   \n\u2022 \u00ab Soutien des politiques culturelles \u00bb (n\u00b0224) \n\u2022 \u00ab Livre et industries culturelles \u00bb (n\u00b0334) \n\u2022 \u00ab Transmission des savoirs et d\u00e9mocratisation de la culture \u00bb (n\u00b0361)  \n \n2. signer tous  les arr\u00eat\u00e9s, d\u00e9cisions, pi\u00e8ces ou conventions, y compris ceux relatifs \u00e0 la \nprescription quadriennale, pour proc\u00e9der \u00e0 l'ordonnancement secondaire des recettes et des \nd\u00e9penses de l'Etat dans le cadre des programmes suivants : \n\u2022 \u00ab Cr\u00e9ation \u00bb (n\u00b0131) \n\u2022 \u00ab Patrimoines \u00bb (n\u00b0175) \n\u2022 \u00ab Presse et m\u00e9dias \u00bb (n\u00b0180, action 5 \u00ab Soutien aux m\u00e9dias de proximit\u00e9 \u00bb)   \n\u2022 \u00ab Soutien des politiques culturelles \u00bb (n\u00b0224) \n\u2022 \u00ab Livre et industries culturelles \u00bb (n\u00b0334) \n\u2022 \u00ab Administration territoriale de l'\u00c9tat \u00bb (n\u00b0354) \n\u2022 \u00ab Transmission des savoirs et d\u00e9mocratisation de la culture \u00bb (n\u00b0361)  \n\u2022 \u00ab Comp\u00e9titivit\u00e9 \u00bb (n\u00b0363) \n \n3. signer, dans la limite de ses attributions et dans la limite des plafonds de d\u00e9penses qui \nauront \u00e9t\u00e9 notifi\u00e9s par le pr\u00e9fet  de la r\u00e9gion d'\u00cele- de-France, toutes pi\u00e8ces pour proc\u00e9der \u00e0  \nl'ordonnancement secondaire des d\u00e9penses de l'\u00c9tat dans le cadre des programmes suivants :  \n\u2022 \u00ab Op\u00e9rations immobili\u00e8res et entretien des b\u00e2timents de l'\u00c9tat \u00bb (n\u00b0723)  \n\u2022 \u00ab Administration territoriale de l'\u00c9tat \u00bb (n\u00b0354) \n\u2022 \u00ab Comp\u00e9titivit\u00e9 \u00bb (n\u00b0363)  \nDirection r\u00e9gionale des affaires culturelles d'Ile-de-France  - IDF-2025-10-01-00001 - Arr\u00eat\u00e9 n\u00b02025-080 portant subd\u00e9l\u00e9gation de\nsignature en mati\u00e8re d'ordonnancement secondaire 5\nMASSON\npr\u00e9fet\nParis\npr\u00e9fet\n3/5 \nDirection r\u00e9gionale des affaires culturelles d'\u00cele-de-France \n47 rue Le Peletier 75009 Paris \n \n \nD\u00e9l\u00e9gation est donn\u00e9e \u00e0 Madame Samira LEROY, responsable administrative et financi\u00e8re, \u00e0 l'effet \nde signer et recevoir les actes ci -dessus, \u00e9num\u00e9r\u00e9s en mati\u00e8re de subvention de fonctionnement \njusqu'\u00e0 50  000 euros inclus. Les d\u00e9cisions et avenant sur convention pluriann uelle d'objectifs \njusqu'\u00e0 50 000 euros inclus font partie de cette subvention.  \n \nD\u00e9l\u00e9gation est donn\u00e9e \u00e0 Madame Marion PELISSERO , charg\u00e9e de gestion financi\u00e8re et \nadministrative, \u00e0 l'effet de valider, sur le p\u00e9rim\u00e8tre de la subvention : \n- les fiches communication dans Chorus formulaires, \n- les demandes de cr\u00e9ation et modification de tiers, \n- les demandes d'ajout et modification de RIB. \n \nD\u00e9l\u00e9gation est donn\u00e9e \u00e0 Madame Romane BLESCHET, responsable administrative et financi\u00e8re, \u00e0 \nl'effet de valider sur le p\u00e9rim\u00e8tre de la commande publique : \n- les fiches communication dans Chorus formulaires, \n- les demandes d'achat et services faits jusqu'\u00e0 10 000 euros HT inclus, \n- les demandes de cr\u00e9ation et modification de tiers, \n- les demandes d'ajout et modification de RIB. \n \n \nEn cas d'absence ou d'emp\u00eachement de Madame Lucie MASSON , d\u00e9l\u00e9gation est donn\u00e9e \u00e0  \nMonsieur Gregory LAGRESLE, adjoint \u00e0 la cheffe du bureau. \n \nToute d\u00e9pense sup\u00e9rieure \u00e0 400 000 euros devra faire l'objet d'un visa pr\u00e9alable du pr\u00e9fet  de la \nr\u00e9gion d'\u00cele-de-France. \n \n \nARTICLE 4 :  \n \nDemeurent r\u00e9serv\u00e9s \u00e0 la signature du pr\u00e9fet de la r\u00e9gion d'\u00cele-de-France : \n- les ordres de r\u00e9quisition du comptable public, \n- les d\u00e9cisions de passer outre \u00e0 l'avis d\u00e9favorable du contr\u00f4leur budg\u00e9taire r\u00e9gional,  \n- les conventions avec les collectivit\u00e9s territoriales et leurs \u00e9tablissements publics,  \n- les conventions et d\u00e9cisions attribuant des subventions aux collectivit\u00e9s territoriales et \n\u00e0 leurs \u00e9tablissements publics d'un montant de 100 000 euros, \n- les conventions et d\u00e9cisions attribuant des subventions d'un montant de 350 000 euros \net plus, \n- les contrats de bail. \n \nARTICLE 5 :  \n \nD\u00e9l\u00e9gation de signature est donn\u00e9e \u00e0 M onsieur Nabil LAHIANE , Secr\u00e9taire g\u00e9n\u00e9ral adjoint, c hef \ndu bureau des ressources humaines, \u00e0 l'effet de signer toutes les pi\u00e8ces relatives : \n- \u00e0 la gratification des stagiaires ; \n- aux ordres de mission des agents ; \n- aux d\u00e9penses relatives \u00e0 la formation continue et \u00e0 la restauration collective des agents.  \n \nEn cas d'absence ou d'emp\u00eachement de  Monsieur Nabil LAHIANE , d\u00e9l\u00e9gation de signature est \ndonn\u00e9e \u00e0 M adame Sophie MIDDLETON , son adjoint e, \u00e0 l'effet de signer les actes ci -dessus \n\u00e9num\u00e9r\u00e9s. \nDirection r\u00e9gionale des affaires culturelles d'Ile-de-France  - IDF-2025-10-01-00001 - Arr\u00eat\u00e9 n\u00b02025-080 portant subd\u00e9l\u00e9gation de\nsignature en mati\u00e8re d'ordonnancement secondaire 6\ncution du pr\u00e9sent\nParis\n4/5 \nDirection r\u00e9gionale des affaires culturelles d'\u00cele-de-France \n47 rue Le Peletier 75009 Paris \n \n \n \n \n \n \nARTICLE 6 :  \n \nToutes les dispositions r\u00e9glementaires contraires et ant\u00e9rieures sont abrog\u00e9es.  \n \nARTICLE 7 :  \n \nTout recours contre le pr\u00e9sent arr\u00eat\u00e9 doit parvenir au Tribunal administratif de Paris dans un d\u00e9lai \nde deux mois \u00e0 compter de sa publication au recueil des actes administratifs de la Pr\u00e9fecture de \nla r\u00e9gion d'\u00cele-de-France. \n \n \nARTICLE 8 : \n \nLe directeur r\u00e9gional des affaires  culturelles d'\u00cele-de-France est charg\u00e9 de l'ex\u00e9cution du pr\u00e9sent \narr\u00eat\u00e9 qui sera publi\u00e9 au Recuei l des actes administratifs de la Pr\u00e9fecture de la r\u00e9gion d'\u00cele- de-\nFrance, et affich\u00e9 au sein de la Direction r\u00e9gionale des affaires culturelles d'\u00cele- de-France. \n \n \n \n \nA Paris, le 1\ner octobre 2025 \n \nPour le pr\u00e9fet de la r\u00e9gion d'\u00cele-de-France, \npr\u00e9fet de Paris, \nEt par d\u00e9l\u00e9gation \nLe directeur r\u00e9gional des affaires culturelles \nd'Ile-de-France, \n \n \nSIGNE \n \nEdward de LUMLEY \n \n \n \n \n \n \n \n \n \n \n \n \n \nDirection r\u00e9gionale des affaires culturelles d'Ile-de-France  - IDF-2025-10-01-00001 - Arr\u00eat\u00e9 n\u00b02025-080 portant subd\u00e9l\u00e9gation de\nsignature en mati\u00e8re d'ordonnancement secondaire 7\nParis\n5/5 \nDirection r\u00e9gionale des affaires culturelles d'\u00cele-de-France \n47 rue Le Peletier 75009 Paris \n \n \n \n \nDirection r\u00e9gionale des affaires culturelles d'Ile-de-France  - IDF-2025-10-01-00001 - Arr\u00eat\u00e9 n\u00b02025-080 portant subd\u00e9l\u00e9gation de\nsignature en mati\u00e8re d'ordonnancement secondaire 8\nDirection r\u00e9gionale des affaires culturelles\nd'Ile-de-France \nIDF-2025-10-01-00002\nArr\u00eat\u00e9 n\u00b02025-081 portant subd\u00e9l\u00e9gation de\nsignature en mati\u00e8re administrative\nDirection r\u00e9gionale des affaires culturelles d'Ile-de-France  - IDF-2025-10-01-00002 - Arr\u00eat\u00e9 n\u00b02025-081 portant subd\u00e9l\u00e9gation de\nsignature en mati\u00e8re administrative 9\nPREFET _DE LA REGIOND'ILE-DE-FRANCE\nFraternit\u00e9\nats, \u00e0\n Direction r\u00e9gionale des affaires culturelles d'\u00cele-de-France \n47 rue Le Peletier 75009 Paris \u2013 Standard  01 56 06 50 00 \n \n \n \n \n \nDirection r\u00e9gionale  \ndes affaires culturelles  \nd'Ile-de-France \n \n \n \n \nArr\u00eat\u00e9 n\u00b02025-081 \n \nportant subd\u00e9l\u00e9gation de signature \nen mati\u00e8re administrative \n \n \nLE DIRECTEUR REGIONAL \nDES AFFAIRES CULTURELLES D'\u00ceLE-DE-FRANCE \n \n \n \nVU  le d\u00e9cret n\u00b02004- 374 du 29 avril 2004 modifi\u00e9 relatif aux pouvoirs des pr\u00e9fets, \u00e0 \nl'organisation et \u00e0 l'action des services de l'Etat dans les r\u00e9gions et d\u00e9partements ; \n \nVU  le d\u00e9cret n\u00b02010-633 du 8 juin 2010 relatif \u00e0 l'organisation et aux missions des directions \nr\u00e9gionales des affaires culturelles ; \n \nVU  le d\u00e9cret n\u00b02010-687 du 24 juin 2010 relatif \u00e0 l'organisation et aux missions des services \nde l'Etat dans la r\u00e9gion et les d\u00e9partements d'\u00cele-de-France ; \n \nVU  le d\u00e9cret du 22 juillet 2020 portant nomination de Monsieur Marc GUILLAUME en qualit\u00e9 \nde pr\u00e9fet de la r\u00e9gion d'\u00cele-de-France, pr\u00e9fet de Paris ; \n \nVU l'arr\u00eat\u00e9 du 29 d\u00e9cembre 2016 portant d\u00e9concentration des actes relatifs \u00e0 la situation \nindividuelle des agents publics exer\u00e7ant leurs fonctions dans les services d\u00e9concentr\u00e9s \ndes administrations civiles de l'\u00c9tat ; \n \nVU    l'arr\u00eat\u00e9 minist\u00e9riel du 1\ner septembre 2025 portant nomination (directions r\u00e9gionales des \naffaires culturelles) ; \n \nVU  l'arr\u00eat\u00e9 n\u00b0 IDF-2025-09-23-00029 du 23 septembre 2025 portant d\u00e9l\u00e9gation de signature \n\u00e0 Monsieur Edward de LUMLEY, directeur r\u00e9gion al des affaires culturelles de la r\u00e9gion \nd'Ile-de-France, en mati\u00e8re administrative ; \n \n \n \nDirection r\u00e9gionale des affaires culturelles d'Ile-de-France  - IDF-2025-10-01-00002 - Arr\u00eat\u00e9 n\u00b02025-081 portant subd\u00e9l\u00e9gation de\nsignature en mati\u00e8re administrative 10\nMonsieura l'effet de signer les\na l'effetde signer\n-HAMPSgner les\n Direction r\u00e9gionale des affaires culturelles d'\u00cele-de-France \n47 rue Le Peletier 75009 Paris \u2013 Standard  01 56 06 50 00 \n \n \n \n \n \n \nARR\u00caTE \n \n \nARTICLE 1ER :  \n \nSous r\u00e9serve des dispositions des articles 2 et 3 de l'a rr\u00eat\u00e9 n\u00b0  IDF-2025-09-23-00029 du 23 \nseptembre 2025 et en cas d'absence ou d'emp\u00eachement de Monsieur Edward de LUMLEY , \nd\u00e9l\u00e9gation de signature est donn\u00e9e pour l'ensemble des mati\u00e8res administratives \u00e0  Madame \nCarole SPADA, directrice r\u00e9gionale adjointe aux affaires culturelles, \u00e0  Monsieur Olivier \nPEYRATOUT, directeur adjoint d\u00e9l\u00e9gu\u00e9 charg\u00e9 des patrimoines, et \u00e0 Madame Marie SEMERY , \nsecr\u00e9taire g\u00e9n\u00e9rale. \n \nARTICLE 2 : \n \nSous r\u00e9serve des dispositions pr\u00e9vues \u00e0 l'article 1er, d\u00e9l\u00e9gation est donn\u00e9e \u00e0 Monsieur Philippe \nDRESS, Conservateur r\u00e9gional des monuments historiques, \u00e0 l'effet de signer les \ncorrespondances, d\u00e9cisions, proc\u00e8s-verbaux et arr\u00eat\u00e9s dans le cadre des proc\u00e9dures suivantes : \n- protection du patrimoine mobilier et immobilier au titre des monuments historiques ; \n- programmation et autorisation de travaux sur les objets mobiliers et les immeubles \ninscrits ou class\u00e9s au titre des monuments historiques ; \n- programmation et validation des dossiers de subvention ; \n- contr\u00f4le scientifique et technique. \n \nEn cas d'absence ou d'emp\u00eachement de  Monsieur Philippe DRESS , d\u00e9l\u00e9gation est donn\u00e9e \u00e0 \nMadame Emilie COUHADON, adjointe du conservateur r\u00e9gional des monuments historiques, \u00e0 \nl'effet de signer et recevoir les actes ci-dessus \u00e9num\u00e9r\u00e9s. \n \nD\u00e9l\u00e9gation est donn\u00e9e \u00e0 Madame Iris BOH \u00e0 l'effet de valider la transmission des dossiers de \nsubvention sur monuments historiques. \n \nARTICLE 3 : \n \nSous r\u00e9serve des dispositions pr\u00e9vues \u00e0 l'article 1er, d\u00e9l\u00e9gation est donn\u00e9e \u00e0 Monsieur St\u00e9phane \nDESCHAMPS, conservateur r\u00e9gional de l'arch\u00e9ologie, \u00e0 l'effet de signer : \n- les correspondances, notifications, arr\u00eat\u00e9s dans le cadre des proc\u00e9dures d'arch\u00e9ologie \npr\u00e9ventive, d'arch\u00e9ologie programm\u00e9e et de propri\u00e9t\u00e9 des vestiges arch\u00e9ologiques \nmobiliers ; \n- programmation et validation des dossiers de subvention. \n \nEn cas d'absence ou d'emp\u00eachement de Monsieur St\u00e9phane DESCHAMPS , d\u00e9l\u00e9gation est \ndonn\u00e9e \u00e0 Monsieur Jean -Marc GOUEDO, son adjoint, \u00e0 l'effet de signer les actes ci -dessus \n\u00e9num\u00e9r\u00e9s. \n \nARTICLE 4: \n \nDirection r\u00e9gionale des affaires culturelles d'Ile-de-France  - IDF-2025-10-01-00002 - Arr\u00eat\u00e9 n\u00b02025-081 portant subd\u00e9l\u00e9gation de\nsignature en mati\u00e8re administrative 11\nMonsieur Didier\nMonsieuer\n Direction r\u00e9gionale des affaires culturelles d'\u00cele-de-France \n47 rue Le Peletier 75009 Paris \u2013 Standard  01 56 06 50 00 \n \nSont exclus de la subd\u00e9l\u00e9gation de signature pr\u00e9vue aux articles 2 et 3, les actes, les d\u00e9cisions, \nles accords, les refus et les avis relatifs aux immeubles de l'Etat et de ses \u00e9tablissements publics \nclass\u00e9s au titre des monuments historiques et se rapport ant aux op\u00e9rations et aux projets \nconcernant :  \n \n1\u00b0 le site de la cath\u00e9drale Notre-Dame-de-Paris \n2\u00b0 le site du Val-de-Gr\u00e2ce \n3\u00b0 le site de Fort Neuf de Vincennes \n4\u00b0 le site de l'Ecole nationale v\u00e9t\u00e9rinaire \u00e0 Maisons-Alfort (ENVA) \n5\u00b0 le site du ch\u00e2teau de Versailles  \n \nARTICLE 5 : \n \nSous r\u00e9serve des dispositions pr\u00e9vues \u00e0 l'article 1 er, d\u00e9l\u00e9gation est donn\u00e9e \u00e0 Monsieur Didier \nCORMIER, chef du service r\u00e9gional de la cr\u00e9ation, \u00e0 l'effet de signer : \n- la programmation et validation des dossiers de subvention ; \n- les correspondances et dipl\u00f4mes dans le cadre de la proc\u00e9dure de d\u00e9livrance du \ndipl\u00f4me d'\u00c9tat de professeur de danse ; \n- les notifications dans le cadre de la proc\u00e9dure de validation des acquis de l'exp\u00e9rience ; \n- les notifications pour l'attribution des bourses d'\u00e9tudes sur crit\u00e8res sociaux ; \n- les correspondances, les r\u00e9c\u00e9piss\u00e9s et les arr\u00eat\u00e9s relatifs \u00e0 l'attribution, le refus et le \nretrait de la licence d'entrepreneur de spectacles vivants pour les dossiers d\u00e9pos\u00e9s \navant le 1er octobre 2019 ; \n- les correspondances relatives \u00e0 la validation et l'invalidation des d\u00e9clarations d'activit\u00e9 \nd'entrepreneur de spectacles vivants effectu\u00e9es \u00e0 compter du 1er octobre 2019. \n \nEn cas d'absence ou d'emp\u00eachement de Monsieur Didier CORMIER, d\u00e9l\u00e9gation est donn\u00e9e  :  \n- \u00e0 Madame S\u00e9verine MAGRY , cheffe du d\u00e9partement danse et musique, \u00e0 Madame \nClaudine PEREZ -GOUDARD, cheffe du d\u00e9partement th\u00e9\u00e2tre,  \u00e0 Madame Val\u00e9rie \nLABAYLE, cheffe du d\u00e9partement arts visuels,  \u00e0 Madame Caroline CHATILA \nFAKHOURY, coordinatrice de l'ex\u00e9cution budg\u00e9taire, \u00e0 l'effet de signer les actes \nsuivants : \n\u2022 la programmation et la validation des dossiers de subvention \ndans le champ de la cr\u00e9ation ;  \n\u2022 les notifications pour l'attribution des bourses d'\u00e9tudes sur \ncrit\u00e8res sociaux. \n \n- \u00e0 Ma dame S\u00e9verine MAGRY , cheffe du d\u00e9partement danse et musique, \u00e0 l'effet de \nsigner les actes suivants : \n\u2022 les correspondances et dipl\u00f4mes dans le cadre de la proc\u00e9dure \nde d\u00e9livrance du dipl\u00f4me d'\u00c9tat de professeur de danse ; \n\u2022 les notifications dans le cadre de la proc\u00e9dure de validation des \nacquis de l'exp\u00e9rience.  \n \nARTICLE 6 : \n \nSous r\u00e9serve des dispositions pr\u00e9vues \u00e0 l'article 1\ner, d\u00e9l\u00e9gation est donn\u00e9e \u00e0 Monsieur  Olivier \nLERUDE, chef du service r\u00e9gional de l'architecture et du patrimoine, \u00e0 l'effet de signer  : \n- les correspondances, notifications, arr\u00eat\u00e9s dans le champ de l'architecture ; \nDirection r\u00e9gionale des affaires culturelles d'Ile-de-France  - IDF-2025-10-01-00002 - Arr\u00eat\u00e9 n\u00b02025-081 portant subd\u00e9l\u00e9gation de\nsignature en mati\u00e8re administrative 12\ndeMICHARD a l'effet\nSylvie MULLER,conservatrice du patrimoine, \u00e0 l'effet d\nMonsieur Nicolas\u020eration\n) service\ne, \u00e0 l'effet de signer les actes ci\n Direction r\u00e9gionale des affaires culturelles d'\u00cele-de-France \n47 rue Le Peletier 75009 Paris \u2013 Standard  01 56 06 50 00 \n \n- la programmation et validation des dossiers de subvention ; \n \nEn cas d'absence ou d'emp\u00eachement de  Monsieur Olivier LERUDE , d\u00e9l\u00e9gation  est donn\u00e9e \u00e0 \nMadame Isabelle MICHARD, son adjointe, \u00e0 l'effet de signer les actes ci-dessus \u00e9num\u00e9r\u00e9s. \n \n \nARTICLE 7 : \n \nSous r\u00e9serve des dispositions pr\u00e9vues \u00e0 l'article 1 er, d\u00e9l\u00e9gation est donn\u00e9e \u00e0 Madame Sylvie \nMULLER, cheffe du service des mus\u00e9es, \u00e0 l'effet de signer : \n- les correspondances, notifications, arr\u00eat\u00e9s dans le champ des mus\u00e9es ; \n- la programmation et validation des dossiers de subvention ; \n \nEn cas d'absence ou d'em p\u00eachement de Madame Sylvie MULLER,  d\u00e9l\u00e9gation est donn\u00e9e \u00e0 \nMadame Isabelle LIMOUSIN, conservatrice du patrimoine, \u00e0 l'effet de signer les actes ci-dessus \n\u00e9num\u00e9r\u00e9s. \n \n \nARTICLE 8 : \n \nSous r\u00e9serve des dispositions pr\u00e9vues \u00e0 l'article 1\ner, d\u00e9l\u00e9gation est donn\u00e9e \u00e0 Monsieur Nicolas \nROBERT, Chef du service r\u00e9gional des populations, de l'accompagnement, de la coop\u00e9ration \net des territoires, \u00e0 l'effet de signer : \n \n- les correspondances, notifications, arr\u00eat\u00e9s dans le champ du service ; \n- la programmation et validation des dossiers de subvention ; \n \nEn cas d'absence ou d'emp\u00eachement de Monsieur Nicolas ROBERT,  d\u00e9l\u00e9gation est donn\u00e9e \u00e0 \nMonsieur Christophe LEMAIRE , son  adjoint, et \u00e0 Madame Adrienne WEICK, responsable \nfinanci\u00e8re du service, \u00e0 l'effet de signer les actes ci-dessus \u00e9num\u00e9r\u00e9s. \n \n \nARTICLE 9 : \n \nSous r\u00e9serve des dispositions pr\u00e9vues \u00e0 l'article 1 er, d\u00e9l\u00e9gation est donn\u00e9e \u00e0 Monsieur Nabil \nLAHIANE, secr\u00e9taire g\u00e9n\u00e9ral adjoint, chef du bureau des ressources humaines, \u00e0 l'effet de \nsigner tous les actes dont la liste est fix\u00e9e par les dispositions de l'arr\u00eat\u00e9 du 29 d\u00e9cembre 2016 \nsusvis\u00e9, \u00e0 l'exception de ceux relatifs aux sanctions disciplinaires du premier groupe.  \n \nEn cas d'absence ou d'emp\u00eachement de Monsieur Nabil LAHIANE , d\u00e9l\u00e9gation est donn\u00e9e \u00e0 \nMadame Sophie MIDDLETON, son adjointe, \u00e0 l'effet de signer les actes ci-dessus \u00e9num\u00e9r\u00e9s. \n \n \nARTICLE 10 :  \n \nSous r\u00e9serve des dispositions de l'arr\u00eat\u00e9 IDF-2025-09-23-00029 du 23 septembre 2025 et en cas \nd'absence ou d'emp\u00eachement de Monsieur Edward de LUMLEY , d\u00e9l\u00e9gation de signature est \ndonn\u00e9e \u00e0 Madame Doroth\u00e9e CHAOUI -DERIEUX, conservatrice en chef, et Madame Florence \nMOUSSET, ing\u00e9nieure d'\u00e9tudes au Service r\u00e9gional de l'arch\u00e9ologie, pour signer les formulaires \nde notification de sortie pour \u00e9tude et les formulaires de retour apr\u00e8s \u00e9tude des vestiges de \nDirection r\u00e9gionale des affaires culturelles d'Ile-de-France  - IDF-2025-10-01-00002 - Arr\u00eat\u00e9 n\u00b02025-081 portant subd\u00e9l\u00e9gation de\nsignature en mati\u00e8re administrative 13\n\u00cele-\nzion\n Direction r\u00e9gionale des affaires culturelles d'\u00cele-de-France \n47 rue Le Peletier 75009 Paris \u2013 Standard  01 56 06 50 00 \n \nNotre-Dame de Paris  mentionn\u00e9s dans la convention conclue entre le pr\u00e9fet de la r\u00e9gion d'\u00cele-\nde-France, pr\u00e9fet de Paris, et le pr\u00e9sident directeur g\u00e9n\u00e9ral du CNRS, le 30 octobre 2020 ;  \n \n \nARTICLE 11 :  \n \nToutes les dispositions r\u00e9glementaires contraires et ant\u00e9rieures sont abrog\u00e9es.  \n \n \nARTICLE 12 :  \n \nTout recours contre le pr\u00e9sent arr\u00eat\u00e9 doit parvenir au Tribunal administratif de Paris dans un \nd\u00e9lai de deux mois \u00e0 compter de sa publication au recueil des actes administratifs de la \nPr\u00e9fecture de la r\u00e9gion d'\u00cele-de-France. \n \nARTICLE 13 : \n \nLe directeur r\u00e9gional des affaires culturelles d'\u00cele -de-France est charg\u00e9 de l'ex\u00e9cution du \npr\u00e9sent arr\u00eat\u00e9 qui sera publi\u00e9 au Recueil des actes administratifs de la Pr\u00e9fecture de la r\u00e9gion \nd'\u00cele-de-France, et affich\u00e9 au sein de la Direction r\u00e9gionale des affaires culturelles d'\u00cele- de-\nFrance. \n \n \n \n \nParis, le 1er octobre 2025 \n \n \nPour le pr\u00e9fet de la r\u00e9gion d'\u00cele-de-France, \npr\u00e9fet de Paris, \nEt par d\u00e9l\u00e9gation \nLe directeur r\u00e9gional des affaires culturelles \nd'\u00cele-de-France, \n \n \nSIGNE \n \nEdward de LUMLEY \n \n \nDirection r\u00e9gionale des affaires culturelles d'Ile-de-France  - IDF-2025-10-01-00002 - Arr\u00eat\u00e9 n\u00b02025-081 portant subd\u00e9l\u00e9gation de\nsignature en mati\u00e8re administrative 14\nRectorat de l'acad\u00e9mie de Cr\u00e9teil\nIDF-2025-10-01-00003\nArr\u00eat\u00e9 du 1er octobre 2025 portant d\u00e9l\u00e9gation\nde signature \u00e0 monsieur Julien LALIVE, chef de la\ndivision des personnels enseignants (DPE) du\nrectorat de Cr\u00e9teil\nRectorat de l'acad\u00e9mie de Cr\u00e9teil - IDF-2025-10-01-00003 - Arr\u00eat\u00e9 du 1er octobre 2025 portant d\u00e9l\u00e9gation de signature \u00e0 monsieur\nJulien LALIVE, chef de la division des personnels enseignants (DPE) du rectorat de Cr\u00e9teil 15\nACADEMIEDE CRETEILLibert\u00e9Egalit\u00e9Fraternit\u00e9\nArr\u00eat\u00e9 du 1\u00b0 octobre 2025 portant d\u00e9l\u00e9gation de signature \u00e0 monsieur Julien LALIVE, chef de la division\nVUVUVU\nVU\nVUVUVU\nVU\nVU\nVUVUVUVUVUVU\ndes personnels enseignants (DPE) du rectorat de Cr\u00e9teil\nLE RECTEUR DE L'ACADEMIE DE CRETEILle code de l'\u00e9ducation et notamment son article D. 222-20 ;le d\u00e9cret du 12 mars 2025 nommant monsieur Jean-Fran\u00e7ois CHANET recteur de l'acad\u00e9mie de Cr\u00e9teil;l'arr\u00eat\u00e9 du 9 ao\u00fbt 2004 portant d\u00e9l\u00e9gation de pouvoirs du ministre charg\u00e9 de l'\u00e9ducation aux recteursd'acad\u00e9mie en mati\u00e8re de gestion des personnels enseignants, d'\u00e9ducation, d'information et d'orientationde l'enseignement du second degr\u00e9 ;l'arr\u00eat\u00e9 du ministre de l'\u00e9ducation nationale du 15 octobre 1986 modifi\u00e9, portant d\u00e9l\u00e9gation de pouvoirs auxrecteurs d'acad\u00e9mie en mati\u00e8re de gestion des personnels relevant de la direction des personnelsenseignants des lyc\u00e9es et des coll\u00e8ges, ensemble les statuts applicables \u00e0 ces personnels ;l'arr\u00eat\u00e9 minist\u00e9riel du 23 juillet 2019 nommant monsieur Vincent ALBAUD, attach\u00e9 principal d'administrationde l'\u00c9tat, au rectorat de l'acad\u00e9mie de Cr\u00e9teil ;l'arr\u00eat\u00e9 minist\u00e9riel du 19 f\u00e9vrier 2021 nommant madame Marie-Fran\u00e7oise DESJARDINS,. attach\u00e9ed'administration de l'\u00c9tat, au rectorat de l'acad\u00e9mie de Cr\u00e9teil \u00e0 compter du 1\u00b0 mars 2021;l'arr\u00eat\u00e9 minist\u00e9riel du 15 janvier 2024 portant nomination et d\u00e9tachement de monsieur Julien LALIVE,personnel de direction, dans l'emploi d'administrateur de l'\u00e9ducation nationale, de l'enseignement sup\u00e9rieuret de la recherche (AENESR), en tant que chef de la division des personnels enseignants au sein du rectoratde l'acad\u00e9mie de Cr\u00e9teil \u00e0 compter du 1\u00b0 f\u00e9vrier 2024 ;l'arr\u00eat\u00e9 minist\u00e9riel du 9 septembre 2024 pla\u00e7ant monsieur Florent DARD, personnel de direction, en positionde d\u00e9tachement dans les corps des attach\u00e9s d'administration de l'Etat, au grade d'attach\u00e9 principald'administration ;les arr\u00eat\u00e9s du pr\u00e9fet de la r\u00e9gion d'Ile-de-France n\u00b0 IDF-2025-03-26-00009 du 26 mars 2025 portantd\u00e9l\u00e9gation de signature \u00e0 monsieur Jean-Fran\u00e7ois CHANET, recteur de l'acad\u00e9mie de Cr\u00e9teil, en mati\u00e8rede contr\u00f4le de l\u00e9galit\u00e9 des \u00e9tablissements publics locaux d'enseignement rattach\u00e9s \u00e0 la r\u00e9gion d'lle-de-France dans le ressort de l'acad\u00e9mie de Cr\u00e9teil et n\u00b0 IDF-2025-03-26-00008 du 26 mars 2025 portantd\u00e9l\u00e9gation de signature \u00e0 monsieur Jean-Fran\u00e7ois CHANET, recteur de l'acad\u00e9mie de Cr\u00e9teil, en mati\u00e8red'ordonnancement secondaire ;l'arr\u00eat\u00e9 rectoral du 1\u00b0 septembre 2010 nommant monsieur Denis ALTHAPARRO, attach\u00e9 d'administrationde l'\u00c9tat au rectorat de l'acad\u00e9mie de Cr\u00e9teil ;l'arr\u00eat\u00e9 rectoral du 14 septembre 2011 nommant madame Anouk JACOB-KHARAT, attach\u00e9ed'administration de l'\u00c9tat au rectorat de l'acad\u00e9mie de Cr\u00e9teil ;l'arr\u00eat\u00e9 rectoral du 23 ao\u00fbt 2012 nommant madame C\u00e9cile CAPIA-CAMBOUNET, attach\u00e9e d'administrationde l'\u00c9tat au rectorat de Cr\u00e9teil ;l'arr\u00eat\u00e9 rectoral du 18 juillet 2023 nommant madame Camille GUIBERT attach\u00e9e d'administration de l'\u00c9tat,adjointe au chef de la division des personnels enseignants au rectorat de l'acad\u00e9mie de Cr\u00e9teil ;l'arr\u00eat\u00e9 rectoral du 8 d\u00e9cembre 2023 nommant madame Sylvie TROUSSET, attach\u00e9e d'administration del'\u00c9tat, adjointe au chef de la division des personnels enseignants au rectorat de l'acad\u00e9mie de Cr\u00e9teil ;l'arr\u00eat\u00e9 rectoral du 14 f\u00e9vrier 2024 nommant madame St\u00e9phanie GOLOVINE, attach\u00e9e d'administration del'\u00c9tat, cheffe de service au sein de la division des personnels enseignants au rectorat de l'acad\u00e9mie de\nRectorat de l'acad\u00e9mie de Cr\u00e9teil - IDF-2025-10-01-00003 - Arr\u00eat\u00e9 du 1er octobre 2025 portant d\u00e9l\u00e9gation de signature \u00e0 monsieur\nJulien LALIVE, chef de la division des personnels enseignants (DPE) du rectorat de Cr\u00e9teil 16\nCr\u00e9teil ;VU _ l'arr\u00eat\u00e9 rectoral du 7 f\u00e9vrier 2025 nommant madame Doroth\u00e9e DUMONT, professeure des \u00e9coles hors classed\u00e9tach\u00e9e dans le corps des attach\u00e9s d'administration de l'\u00c9tat au grade d'attach\u00e9e principaled'administration, au rectorat de l'acad\u00e9mie de Cr\u00e9teil en qualit\u00e9 de cheffe de service a la division despersonnels enseignants au rectorat de l'acad\u00e9mie de Cr\u00e9teil ;VU l'arr\u00eat\u00e9 rectoral du 22 septembre 2025 nommant monsieur Julien NOUVET attach\u00e9 d'administration de l'\u00c9tat,au rectorat de l'acad\u00e9mie de Cr\u00e9teil en qualit\u00e9 de chef de service \u00e0 la division des personnels enseignantsau rectorat de l'acad\u00e9mie de Cr\u00e9teil ;VU l'arr\u00eat\u00e9 rectoral du 22 septembre 2025 nommant madame Sophie RAVAT, attach\u00e9e d'administration de l'\u00c9tat,au rectorat de l'acad\u00e9mie de Cr\u00e9teil en qualit\u00e9 de cheffe de service \u00e0 la division des personnels enseignantsau rectorat de l'acad\u00e9mie de Cr\u00e9teil ;\nARRETE\nARTICLE 1 :D\u00e9l\u00e9gation de signature est donn\u00e9e \u00e0 monsieur Julien LALIVE, chef de la division des personnels enseignants,\u00e0 l'effet de signer dans la limite de ses attributions et comp\u00e9tences les actes suivants :- les d\u00e9cisions mettant fin aux fonctions des contractuels ;- les arr\u00eat\u00e9s portant recrutement des auxiliaires et contractuels ;- les arr\u00eat\u00e9s portant titularisation, reclassement, prolongation ou renouvellement de stage ;- les d\u00e9cisions accordant ou refusant les cong\u00e9s de mobilit\u00e9, de formation professionnelle, les autorisationsd'exercice des fonctions \u00e0 temps partiel (dont les cessations progressives d'activit\u00e9), les cong\u00e9s bonifi\u00e9s ;- les d\u00e9cisions accordant ou refusant la disponibilit\u00e9, le cong\u00e9 parental et la mise en positiond'accomplissement du service national ;- les autorisations portant cumul d'emplois et de r\u00e9mun\u00e9rations ;- les arr\u00eat\u00e9s accordant les cong\u00e9s de longue maladie ou les cong\u00e9s de longue dur\u00e9e ;- les d\u00e9cisions de r\u00e9int\u00e9gration et d'affectation apr\u00e8s cong\u00e9s de longue maladie ou cong\u00e9s de longue dur\u00e9e ;- les d\u00e9cisions de r\u00e9int\u00e9gration et d'affectation apr\u00e8s cong\u00e9s de grave maladie ;- les d\u00e9cisions relatives aux cong\u00e9s dans le cadre d'un accident de service ou d'une maladieprofessionnelle ;- la notation et la promotion de grade des personnels relevant de la direction des personnels enseignantset l'avancement d'\u00e9chelon ; |- les arr\u00eat\u00e9s de mouvement et d'affectation des personnels titulaires et stagiaires, les arr\u00eat\u00e9s concernantdes personnels touch\u00e9s par une mesure de carte scolaire et les arr\u00eat\u00e9s d'affectation des personnelsauxiliaires ;- les arr\u00eat\u00e9s portant ouverture des droits \u00e0 la prise en charge des frais de changement de r\u00e9sidence ;- les d\u00e9cisions relatives au compte personnel de formation ;- les d\u00e9cisions portant cessation d\u00e9finitive de fonctions, admission \u00e0 la retraite, constatation des demissionset constatation de l'abandon de poste ;\nRectorat de l'acad\u00e9mie de Cr\u00e9teil - IDF-2025-10-01-00003 - Arr\u00eat\u00e9 du 1er octobre 2025 portant d\u00e9l\u00e9gation de signature \u00e0 monsieur\nJulien LALIVE, chef de la division des personnels enseignants (DPE) du rectorat de Cr\u00e9teil 17\n- les contrats de recrutement de personnels non titulaires sur des emplois vacants et des fonctions desuppl\u00e9ance ;- les convocations et les ordres de mission pour les personnels appel\u00e9s a si\u00e9ger aux commissionsadministratives paritaires acad\u00e9miques et a participer aux groupes de travail ;- les documents et courriers concernant la paye.\nARTICLE 2:_En cas d'absence ou d'emp\u00e9chement de monsieur Julien LALIVE, d\u00e9l\u00e9gation de signature est donn\u00e9e a:- Mesdames Camille GUIBERT et Sylvie TROUSSET, adjointes au chef de division etmonsieur Vincent ALBAUD, adjoint au chef de division,- Mesdames C\u00e9cile CAPIA-CAMBOUNET, Marie-Fran\u00e7oise DESJARDINS, Doroth\u00e9eDUMONT, St\u00e9phanie GOLOVINE, Anouk JACOB-KHARAT et Sophie RAVAT etmessieurs Denis ALTHAPARRO, Florent DARD et Julien NOUVET, chefs de service,\n\u00e0 l'effet de signer, dans la limite de leurs attributions et comp\u00e9tences, tous actes relatifs \u00e0 la gestion courantedes personnels enseignants, d'\u00e9ducation et d'orientation.\nARTICLE 3 :Sont exclus du champ de la pr\u00e9sente d\u00e9l\u00e9gation les actes portant suspension de fonctions, sanction disciplinaire,licenciement ou radiation des cadres.\nARTICLE 4 :Le pr\u00e9sent arr\u00eat\u00e9 abroge l'arr\u00eat\u00e9 du 27 mars 2025.\nARTICLE 5 :Le pr\u00e9sent arr\u00eat\u00e9 sera publi\u00e9 au recueil des actes administratifs de la pr\u00e9fecture de la r\u00e9gion d'Ile-de-France.\nFait \u00e0 Cr\u00e9teil, le 1& octobre 2025\nLe recteur de l'acad\u00e9mie de Cr\u00e9teil\nJean-Fran\u00e7ois CHANET\nSign\u00e9\nRectorat de l'acad\u00e9mie de Cr\u00e9teil - IDF-2025-10-01-00003 - Arr\u00eat\u00e9 du 1er octobre 2025 portant d\u00e9l\u00e9gation de signature \u00e0 monsieur\nJulien LALIVE, chef de la division des personnels enseignants (DPE) du rectorat de Cr\u00e9teil 18","date":"2025-10-01","first_seen_on":"2025-10-01T17:16:39+00:00","id":"c2949db741164a564d45b856b0604ad4d7ba0cdd5df051691de1328f64957d74","name":"recueilDS-idf-001-2025-10-recueil-des-actes-administratifs-special  du 01.10.2025","pdf_creation_date":"2025-10-01T14:55:35+00:00","pdf_modification_date":null,"timezone":"Europe/Paris","url":"https://www.prefectures-regions.gouv.fr/ile-de-france/irecontenu/telechargement/131469/965585/file/recueilDS-idf-001-2025-10-recueil-des-actes-administratifs-special%20%20du%2001.10.2025.pdf"}
