{"administration":"pref92","administration_name":"Pr\u00e9fecture des Hauts-de-Seine","content":"Ex\nPREFET\nDES  HAUTS-DE-SEINE\nLibert\u00e9\nEgalit\u00e9\nFraternit\u00e9 1  \n \n \n \n \nRECUEIL  \n  \nDES  \n \nACTES ADMINISTRATIFS  \n \nPR\u00c9FECTURE DE POLICE  \n \nCabinet du Pr\u00e9fet  \n \n \n \n \n  \n \n \n \n \nN\u00b0 Sp\u00e9cial  03 janvier 2025  \n\n 2  \nPREFET DES HAUTS -DE-SEINE  \n \nRECUEIL DES ACTES ADMINISTRATIFS  \n \nN\u00b0 Sp\u00e9cial  Pr\u00e9fecture de Police du 03 janvier 2025  \n \nSOMMAIRE  \n \nArr\u00eat\u00e9 s Date s PR\u00c9FECTURE DE POLICE  Page s \nPP \nn\u00b0 2024 -01843  23.12.2024  Arr\u00eat\u00e9 modifiant l'arr\u00eat\u00e9 n\u00b02024 -01840 du \n19 d\u00e9cembre 2024 r\u00e9glementant temporairement \nl'acquisition et la d\u00e9tention des artifices de \ndivertissement et articles pyrotechniques \u00e0 Paris et \ndans les d\u00e9partements des Hauts -de-Seine, de la \nSeine -Saint -Denis et du Val -de-Marne du lundi \n23 d\u00e9cembre 2024 au jeudi 2 janvier 2025  4 \nAnnexe s de l'arr\u00eat\u00e9 PP n\u00b02024 -01843 du 23 d\u00e9cembre 2024 5-6 \nPP \nn\u00b0 2024 -01849  24.12.2024  Arr\u00eat\u00e9 autorisant les agents agr\u00e9\u00e9s du service \ninterne de s\u00e9curit\u00e9 de la RATP \u00e0 proc\u00e9der \u00e0 des \npalpations de s\u00e9curit\u00e9 dans certaines stations, \ngares et arr\u00eats du r\u00e9seau francilien du mercredi \n1er janvier 2025 au lundi 31 mars  2025 inclus  7 \nAnnexe de l'arr\u00eat\u00e9 PP n\u00b02024 -01849 du 27 d\u00e9cembre 2024  : voies et d\u00e9lais de \nrecours  12 \nPP \nn\u00b0 2024 -01850  24.12.2024  Arr\u00eat\u00e9 accordant d\u00e9l\u00e9gation de la signature \npr\u00e9fectorale au sein de la direction de l'ordre \npublic et de la circulation  13 \nP \nn\u00b0 2024 -01859  27.12.2024  Arr\u00eat\u00e9 autorisant la captation, l'enregistrement et \nla transmission d'images au moyen de cam\u00e9ras \ninstall\u00e9es sur des h\u00e9licopt\u00e8res de la gendarmerie \nnationale \u00e0 l'occasion des festivit\u00e9s de la Saint -\nSylvestre du 29 d\u00e9cembre 2024 au 1er janvier \n2025  17 \nAnnexe de l'arr\u00eat\u00e9 PP n\u00b02024 -01859 du 27 d\u00e9cembre 2024  : voies et d\u00e9lais de \nrecours  19 \nPP \nn\u00b0 2024 -01864  30.12.2024  Arr\u00eat\u00e9 autorisant les agents habilit\u00e9s du service \ninterne de s\u00e9curit\u00e9 de la SNCF \u00e0 proc\u00e9der \u00e0 des \npalpations de s\u00e9curit\u00e9 dans des gares et stations \nd'Ile -de-France du 1er janvier 2025 au 31 mars \n2025  20 \n 3 Annexes de l'arr\u00eat\u00e9 PP n\u00b02024 -01864 du 30 d\u00e9cembre 2024  22-33 \nPP \nn\u00b0 2025 -002 02.01.2025  Arr\u00eat\u00e9 accordant d\u00e9l\u00e9gation de la signature \npr\u00e9fectorale \u00e0 la pr\u00e9f\u00e8te d\u00e9l\u00e9gu\u00e9e \u00e0 l'immigration \net aux agents affect\u00e9s au sein de la d\u00e9l\u00e9gation \u00e0 \nl'immigration  34 \nEu\nPREFECTURE  ap CABINET  DU PREFET\nDE POLICE\nLibert\u00e9\n\u00c9galit\u00e9\nFraternit\u00e9\nArr\u00eat\u00e9  n\u00b0 2024-01843\nmodifiant  l'arr\u00eat\u00e9  n\u00b02024-01840  du 19 d\u00e9cembre  2024  r\u00e9glementant  temporairement\nl'acquisition  et la d\u00e9tention  des  artifices  de divertissement  et articles  pyrotechniques  \u00e0\nParis  et dans  les d\u00e9partements  des  Hauts-de-Seine,  de la Seine-Saint-Denis  et du\nVal-de-Marne  du lundi  23 d\u00e9cembre  2024  au jeudi  2 janvier  2025\nLe Pr\u00e9fet  de police,\nVu l'arr\u00eat\u00e9  n\u00b02024-01840  du 19 d\u00e9cembre  2024  r\u00e9glementant  temporairement  l'acquisition\net la d\u00e9tention  des  artifices  de divertissement  et articles  pyrotechniques  \u00e0 Paris  et dans  les\nd\u00e9partements  des  Hauts-de-Seine,  de la Seine-Saint-Denis  et du Val-de-Marne  du lundi  23\nd\u00e9cembre  2024  au jeudi  2 janvier  2025;\nVu l'arr\u00eat\u00e9  du ministre  de l'Int\u00e9rieur  du 17 d\u00e9cembre  2021  portant  application  des  articles\nL. 557-10-1  et R. 557-6-14-1  du code  de l'environnement  relatifs  aux  articles  pyrotechniques\ndestin\u00e9s  au divertissement  ;\nVu la d\u00e9cision  du Conseil  d'Etat  du 30 avril  2024;\nVu le d\u00e9cret  du 20 juillet  2022  par lequel  M. Laurent  NUNEZ,  pr\u00e9fet,  coordonnateur  national\ndu renseignement  et de la lutte  contre  le terrorisme,  est nomm\u00e9  pr\u00e9fet  de police  (hors\nclasse)  ;\nARR\u00caTE  :\nArticle  1 - L'article  1\u00b0' de l'arr\u00eat\u00e9  n\u00b02024-01840  du 19 d\u00e9cembre  2024  est remplac\u00e9  par  les\ndispositions  suivantes  :\n\u00ab Du lundi  23 d\u00e9cembre  2024  \u00e0 20H00  jusqu'au  jeudi  2 janvier  2025  \u00e0 08H00  sont  interdits  :\n1\u00b0 La cession,  \u00e0 titre  on\u00e9reux  ou non,  des  artifices  de divertissement  de la cat\u00e9gorie  F4, ainsi\nque  celle  des  articles  pyrotechniques  des  cat\u00e9gories  T2 et P2;\n2\u00b0 le port  et le transport  par  des  particuliers  des  artifices  de divertissement  de la cat\u00e9gorie\nF4, ainsi  que  des  articles  pyrotechniques  des  cat\u00e9gories  T2 et P2;\n3\u00b0 L'achat,  la vente,  la d\u00e9tention,  le transport  et l'utilisation  d'artifices  de divertissement  de\ncat\u00e9gories  F2 et F3 figurant  sur la liste  fix\u00e9e  par l'arr\u00eat\u00e9  du 17 d\u00e9cembre  2021  susvis\u00e9  et\nfigurant  \u00e0 l'annexe  2 du pr\u00e9sent  arr\u00eat\u00e9.  \u00bb\nArticle  2 - Le pr\u00e9fet  des  Hauts-de-Seine,  le pr\u00e9fet  de la Seine-Saint-Denis,  le pr\u00e9fet  du\nVal-de-Marne,  la pr\u00e9f\u00e8te,  directrice  de cabinet,  la directrice  de la s\u00e9curit\u00e9  de proximit\u00e9  de\nl'agglom\u00e9ration  parisienne,  le directeur  de l'ordre  public  et de la circulation  et le directeur\nde la police  judiciaire  sont  charg\u00e9s,  chacun  en ce qui le concerne,  de l'ex\u00e9cution  du pr\u00e9sent\narr\u00eat\u00e9  qui entrera  en vigueur  d\u00e8s  son  affichage  aux  portes  de la pr\u00e9fecture  de police,  sera\npubli\u00e9  aux  recueils  des  actes  administratifs  du d\u00e9partement  de Paris  et des  pr\u00e9fectures  des\nHauts-de-Seine,  de la Seine-Saint-Denis  et du Val-de-Marne  et consultable  sur le site  de la\npr\u00e9fecture  de police  (https://www.prefecturedepolice.interieur.gouv.fr).  a\nFait  \u00e0 Paris,le 23  DEC.  2024\nLaurent NUNEZ\n\nAnnexe  1 de l'arr\u00eat\u00e9  n\u00b0 2024-01843  du 23 DEC. 2024\nVOIES  ET DELAIS  DE RECOURS\nSi vous  estimez  devoir  contester  le pr\u00e9sent  arr\u00e9t\u00e9,  il vous  est possible,  dans  un\nd\u00e9lai  de deux  mois  \u00e0 compter  de la date  de sa publication  au recueil  des actes  administratifs\ndu d\u00e9partement  de Paris  :\n- soit  de saisir  d'un  RECOURS  GRACIEUX\nle Pr\u00e9fet  de Police\n7/9,  boulevard  du Palais  - 75195  PARIS  RP\n- ou de former  un RECOURS  HIERARCHIQUE\naupr\u00e8s  du Ministre  de l'int\u00e9rieur\nDirection  des libert\u00e9s  publiques  et des affaires  juridiques\nplace  Beauvau  - 75008  PARIS\n- soit  de saisir  d'un  RECOURS  CONTENTIEUX\nle Tribunal  administratif  comp\u00e9tent\nAucune  de ces voies  et recours  ne suspend  l'application  de la pr\u00e9sente  d\u00e9cision.\nLes recours  GRACIEUX  et HIERARCHIQUE  doivent  \u00eatre  \u00e9crits,  exposer  les\narguments  ou faits  nouveaux  et comprendre  la copie  de l'arr\u00eat\u00e9  contest\u00e9.\nLe recours  CONTENTIEUX,  qui vise \u00e0 contester  la LEGALITE  de la pr\u00e9sente\nd\u00e9cision,  doit  \u00e9galement  \u00eatre  \u00e9crit  et exposer  votre  argumentation  juridique.\nSi vous  n'aviez  pas de r\u00e9ponse  \u00e0 votre  recours  GRACIEUX  ou HIERARCHIQUE  dans\nun d\u00e9lai  de deux  mois  \u00e0 compter  de la r\u00e9ception  de votre  recours  par l'administration,  votre\ndemande  devra  \u00eatre  consid\u00e9r\u00e9e  comme  rejet\u00e9e  (d\u00e9cision  implicite  de rejet).\nEn cas de rejet  des recours  GRACIEUX  o\u00f9 HIERARCHIQUE,  le Tribunal\nadministratif  peut  \u00eatre  saisi  d'un  recours  contentieux  dans  le d\u00e9lai  de deux  mois  \u00e0 compter\nde la date  de la d\u00e9cision  de rejet.\n\n2024-01843  2 3 DEC. 2024Annexe  2 de l'arr\u00eat\u00e9  n\u00b0 du\n|\nBatterie  F3\nBatterie  n\u00e9cessitant  un support  externe  F3\nCombinaison  F3\nCombinaison  n\u00e9cessitant  un support  externe  bi\nP\u00e9tard  a\u00e9rien  F2 et F3\nP\u00e9tard  \u00e0 composition  flash  F3\nFus\u00e9e  F2etF3\nChandelle  romaine  F2etF3\nChandelle  monocoup  F2  et F3\n\nPREFECTURE  ap CABINET  DU PREFET\nDE POLICE  'c]\ngalt\nFraternit\u00e9\nArret\u00e9n?  2024-01849\nautorisant  les agents  agr\u00e9\u00e9s  du service  interne  de s\u00e9curit\u00e9  de la RATP  \u00e0 proc\u00e9der  \u00e0\ndes  palpations  de s\u00e9curit\u00e9  dans  certaines  stations,  gares  et arr\u00eats  du r\u00e9seau\nfrancilien  du mercredi  1\u00b0 janvier  2025  au lundi  31 mars  2025  inclus\nLe pr\u00e9fet  de police,\nVu le code  de la s\u00e9curit\u00e9  int\u00e9rieure,  notamment  son  article  L. 613-2  ;\nVu le code  des  transports,  notamment  ses articles  L. 2251-9,  R. *2250-2  et R. 2251-49  \u00e0 R.\n2251-52  ; -\nVu le d\u00e9cret  n\u00b02004-374  du 29 avril  2004  modifi\u00e9  relatif  aux  pouvoirs  des  pr\u00e9fets,  a\nl'organisation  et \u00e0 l'action  des  services  de l'Etat  dans  les r\u00e9gions  et d\u00e9partements  ;\nVu l'arr\u00eat\u00e9  du 28 septembre  2016  relatif  \u00e0 la formation  des  agents  des  services  internes  de\ns\u00e9curit\u00e9  de la SNCF  et de la RATP;\nVu la saisine  en date  du 13 d\u00e9cembre  2024  de la direction  de la s\u00fbret\u00e9  de la R\u00e9gie  Autonome\ndes  Transports  Parisiens  (RATP)  ;\nConsid\u00e9rant  que,  en application  l'article  R. 2251-52  du code  des  transports,  les agents  du\nservice  interne  de s\u00e9curit\u00e9  de la R\u00e9gie  autonome  des  transports  parisiens  (RATP)  agr\u00e9\u00e9s\ndans  les conditions  pr\u00e9vues  par  l'article  R. *2250-2  du m\u00eame  code  ne peuvent  r\u00e9aliser  des\npalpations  de s\u00e9curit\u00e9  dans  les gares,  stations,  arr\u00e9ts  et v\u00e9hicules  de transports  que  dans  les\nlimites  de la dur\u00e9e  et des  lieux  ou cat\u00e9gories  de lieux  d\u00e9termin\u00e9s  par  l'arr\u00eat\u00e9  constatant  les\ncirconstances  particuli\u00e8res  li\u00e9es  \u00e0 l'existence  de menaces  graves  pour  la s\u00e9curit\u00e9  publique\nmentionn\u00e9es  \u00e0 l'article  L. 613-2  du code  de la s\u00e9curit\u00e9  int\u00e9rieure  ; que  cet  arr\u00eat\u00e9  est pris\npour  les transports  en commun  de voyageurs  de la r\u00e9gion  d'Ile-de-France  par  le pr\u00e9fet  de\npolice  ;\nConsid\u00e9rant  que  le plan  VIGIPIRATE  au niveau  \u00aburgence  attentat  \u00bb est en vigueur  sur\nl'ensemble  du territoire  national  et dans  les transports  publics  depuis  le 24 mars  2024;\nConsid\u00e9rant  que  certaines  stations,  gares  et arr\u00eats  du r\u00e9seau  de la RATP  desservent  des\nlieux  particuli\u00e8rement  expos\u00e9s  \u00e0 des  risques  de vol et divers  trafics;  que  des  mesures\ndoivent  \u00eatre  prises  pour  lutter  contre  ces  ph\u00e9nom\u00e8nes;\nConsid\u00e9rant  que  cette  situation  caract\u00e9rise  les circonstances  particuli\u00e8res  li\u00e9es  \u00e0 l'existence\nde menaces  graves  pour  la s\u00e9curit\u00e9  publique  mentionn\u00e9es  \u00e0 l'article  L. 613-2  du code  de la\ns\u00e9curit\u00e9  int\u00e9rieure  ;\nConsid\u00e9rant  que  les forces  de s\u00e9curit\u00e9  int\u00e9rieure,  fortement  mobilis\u00e9es  pour  assurer  la\ns\u00e9curisation  g\u00e9n\u00e9rale  de la r\u00e9gion  d'Ile-de-France  dans  un contexte  de menace  terroriste\nparticuli\u00e8rement  \u00e9lev\u00e9,  ne sauraient  assurer  seules  les contr\u00f4les  sp\u00e9cifiques  n\u00e9cessaires  \u00e0 la\ns\u00e9curit\u00e9  des  usagers  de la RATP,  qui rel\u00e8ve  au premier  chef  de la responsabilit\u00e9  de\nl'exploitant  ;\n\nConsid\u00e9rant  qu'il  appartient  \u00e0 l'autorit\u00e9  de police  comp\u00e9tente  de prendre  les mesures\nadapt\u00e9es,  n\u00e9cessaires  et proportionn\u00e9es  visant  \u00e0 garantir  la s\u00e9curit\u00e9  des  personnes  et des\nbiens  ; qu'une  mesure  autorisant  les agents  agr\u00e9\u00e9s  du service  interne  de s\u00e9curit\u00e9  de la RATP\n\u00e0 proc\u00e9der  \u00e0 des  palpations  de s\u00e9curit\u00e9  dans  certaines  stations,  gares  et arr\u00eats  du r\u00e9seau,\nainsi  que  dans  les v\u00e9hicules  de transport  les desservant,  du mercredi  1* janvier  2025  au lundi\n31 mars  2025  inclus  r\u00e9pond  \u00e0 ces  objectifs  ;\nARR\u00caTE\nArticle  1\u00b0  - Les agents  du service  interne  de s\u00e9curit\u00e9  de la R\u00e9gie  Autonome  des  Transports\nParisiens,  agr\u00e9\u00e9s  dans  les conditions  pr\u00e9vues  par l'article  R. *2250-2  du code  des  transports,\npeuvent  proc\u00e9der,  outre  \u00e0 l'inspection  visuelle  des  bagages  \u00e0 main  et, avec  le consentement\nde leur  propri\u00e9taire,  \u00e0 leur  fouille,  \u00e0 des  palpations  de s\u00e9curit\u00e9,  du mercredi  1\u00b0 janvier  2025\nau lundi  31 mars  2025,  dans  les stations,  gares  et arr\u00eats  de bus  suivants  et dans  les v\u00e9hicules\nde transport  les desservant,  de leur  ouverture  \u00e0 leur  fermeture  :\nLignes  du r\u00e9seau  m\u00e9tropolitain  :\n- Ligne  1, entre  les stations  La D\u00e9fense  et Ch\u00e2teau  de Vincennes  incluses,  y compris  les\nlignes  en correspondance  ;\n- Ligne  2, entre  les stations  Nation  et Porte  Dauphine  incluses,  y compris  les lignes  en\ncorrespondance  ;\n- Ligne  3, entre  les stations  Pont  de Levallois  - B\u00e9con  et Gallieni  incluses,  y compris  les\nlignes  en correspondance  ;\n- Ligne  3 bis, entre  les stations  Porte  des Lilas  et Gambetta  incluses,  y compris  les lignes\nen correspondance  ;\n- Ligne  4, entre  les stations  Porte  de Clignancourt  et Bagneux  - Lucie  Aubrac  incluses,  y\ncompris  les lignes  en correspondance  ;\n- Ligne  5, entre  les stations  Bobigny  \u2014 Pablo  Picasso  et Place  d'Italie  incluses,  y compris  les\nlignes  en correspondance  ;\n- Ligne  6, entre  les stations  Charles  de Gaulle  - Etoile  et Nation  incluses,  y compris  les\nlignes  en correspondance  ;\n- Ligne  7, entre  les stations  La Courneuve  - 8 mai  1945  et Villejuif  - Louis  Aragon  incluses\net entre  les stations  Porte  d'Italie  et Mairie  d'Ivry  incluses,  y compris  les lignes  en\ncorrespondance  ;\n- Ligne  7 bis, entre  les stations  Louis  Blanc  et Pr\u00e9-Saint-Gervais  incluses  ;\n- Ligne  8, entre  les stations  Balard  et Cr\u00e9teil  - Pointe  du Lac incluses,  y compris  les lignes\nen correspondance  ;\n- Ligne  9, entre  les stations  Pont  de S\u00e9vres  et Mairie  de Montreuil  incluses,  y compris  les\nlignes  en correspondance  ;\n- Ligne  10, entre  les stations  Gare  d'Austerlitz  et Boulogne  - Pont  de Saint-Cloud  incluses,\ny compris  les lignes  en correspondance  ;\n- Ligne  11, entre  les stations  Rosny  Bois  Perrier  et Ch\u00e2telet  incluses,  y compris  les lignes  en\ncorrespondance  ;\n- Ligne  12, entre  les stations  Mairie  d'Aubervilliers  et Mairie  d'Issy  incluses,  y compris  les\nlignes  en correspondance  ;\n2024-01849  2\n\nLigne  13, entre  les stations  Brochant  et Asni\u00e9res-Gennevilliers  \u2014 les Courtilles  incluses  et\nentre  les stations  Ch\u00e2tillon  - Montrouge  et Saint-Denis  - Universit\u00e9  incluses,  y compris\nles lignes  en correspondance;\nLigne  14, entre  les stations  Saint-Denis  Pleyel  et A\u00e9roport  d'Orly  incluses,  y compris  les\nlignes  en correspondance.\nLignes  du r\u00e9seau  express  r\u00e9gional  :\nLigne  A du RER,  entre  les gares  de Saint-Germain-en-Laye  et de Marne-la-Vall\u00e9e  - Chessy\nincluses  et entre  les gares  de Fontenay-sous-Bois  et de Boissy-Saint-L\u00e9ger  incluses,  y\ncompris  les lignes  en correspondance  ;\nLigne  B du RER,  entre  les gares  de Saint-R\u00e9my-l\u00e9s-Chevreuse  et Gare  du Nord  incluses  et\nentre  les gares  de Sceaux  et de Robinson  incluses,  y compris  les lignes  en\ncorrespondance.\nLignes  de tramways  :\nLigne  T1, entre  les stations  Asni\u00e8res  - Quatre  routes  et Gare  de Noisy-le-Sec  incluses,  y\ncompris  les lignes  en correspondance  ;\nLigne  T2, entre  les stations  Pont  de Bezons  et Porte  de Versailles  incluses  y compris  les\nlignes  en correspondance  ;\nLigne  T3A,  entre  les stations  Porte  de Vincennes  et Pont  du Garigliano  incluses,  y\ncompris  les lignes  en correspondance  ;\nLigne  T3B,  entre  les stations  Porte  Dauphine  et Porte  de Vincennes  incluses,  y compris\nles lignes  en correspondance  ;\nLigne  T5, entre  les stations  March\u00e9  de Saint-Denis  et Garges  - Sarcelles  incluses,  y\ncompris  les lignes  en correspondance  ;\nLigne  T6, entre  les stations  Viroflay  - Rive-Droite  et Ch\u00e2tillon  - Montrouge  incluses,  y\ncompris  les lignes  en correspondance;\nLigne  T7, entre  les stations  Villejuif  Louis  Aragon  et Athis-Mons  Porte  de l'Essonne\nincluses,  y compris  les lignes  en correspondance  ;\nLigne  T8, entre  les stations  Epinay  Orgemont  et Saint-Denis  Porte  de Paris  et entre  les\nstations  Delaunay-Belleville  et Villetaneuse  Universit\u00e9  incluses,  y compris  les lignes  en\ncorrespondance.\nLignes  de bus  :\nBus TVM,  de l'arr\u00eat  Antony  - La Croix  de Berny  RER  \u00e0 l'arr\u00eat  Saint-Maur  Cr\u00e9teil  RER  sur\nl'ensemble  de la ligne  ;\nBus Ligne  234,  de l'arr\u00eat  Cimeti\u00e8re  \u00e0 l'arr\u00eat  Bobigny  - Pablo  Picasso  sur l'ensemble  de la\nligne  ;\nBus NO1,  de l'arr\u00eat  Rond-point  des  Champs-Elys\u00e9es  - Matignon  \u00e0 l'arr\u00eat  Palais  de la\nd\u00e9couverte  sur l'ensemble  de la ligne  ;\nBus  NO2,  de l'arr\u00eat  Rond-point  des  Champs-Elys\u00e9es  - Franklin  D. Roosevelt  \u00e0 l'arr\u00eat  La\nBo\u00e9tie  \u2014 Percier  sur l'ensemble  de la ligne  ;\nBus N11,  de l'arr\u00eat  Pont  de Neuilly  \u00e0 l'arr\u00eat  Ch\u00e2teau  de Vincennes  sur l'ensemble  de la\nligne  ;\n2024-01849  3\n\nBus  N12,  de l'arr\u00eat  Pont  de S\u00e8vres  \u00e0 l'arr\u00eat  Romainville-Carnot  sur l'ensemble  de la\nligne  ;\n- Bus  N13,  de l'arr\u00eat  Mairie  d'Issy  \u00e0 l'arr\u00eat  Bobigny  - Pablo  Picasso  sur l'ensemble  de la\nligne  ;\n- Bus  N14,  de l'arr\u00eat  Mairie  de Saint-Ouen  - R\u00e9publique  \u00e0 l'arr\u00eat  La Croix  de Berny  RER  sur\nl'ensemble  de la ligne  ;\n- Bus  N15,  de l'arr\u00eat  Gabriel  P\u00e9ri-M\u00e9tro  \u00e0 l'arr\u00eat  Villejuif  - Louis  Aragon  sur l'ensemble  de\nla ligne  ;\n- Bus  N16,  de l'arr\u00eat  Pont  de Levallois  \u00e0 l'arr\u00eat  Mairie  de Montreuil  - Rouget  de Lisle  sur\nl'ensemble  de la ligne  ;\n- Bus  N21,  de l'arr\u00eat  Ch\u00e2telet  \u00e0 l'arr\u00eat  H\u00f4pital  de Longjumeau  sur l'ensemble  de la ligne  ;\n- Bus  N22,  de l'arr\u00eat  Ch\u00e2telet  \u00e0 l'arr\u00eat  Juvisy-sur-Orge  sur l'ensemble  de la ligne  ;\n- Bus  N23,  de l'arr\u00eat  Ch\u00e2telet  \u00e0 l'arr\u00eat  Chelles-Gournay  sur l'ensemble  de la ligne  ;\n- Bus  N24,  de l'arr\u00eat  Ch\u00e2telet  \u00e0 l'arr\u00eat  Sartrouville  RER  sur l'ensemble  de la ligne  ;\n- Bus  N31,  de l'arr\u00eat  Gare  de Lyon  \u00e0 l'arr\u00eat  A\u00e9roport  d'Orly  4 sur l'ensemble  de la ligne  ;\n- Bus  N32,  de l'arr\u00eat  Gare  de Lyon  - Diderot  \u00e0 l'arr\u00eat  Boissy  Saint-L\u00e9ger  RER  sur l'ensemble\nde la ligne  ;\n- Bus  N33,  de l'arr\u00eat  Gare  de Lyon  - Maison  de la RATP  \u00e0 l'arr\u00eat  Villiers-sur-Marne  - Le\nPlessis-Tr\u00e9vise  RER  sur l'ensemble  de la ligne  ;\n- Bus  N34,  de l'arr\u00eat  Gare  de Lyon  - Diderot  \u00e0 l'arr\u00eat  Torcy  RER  sur l'ensemble  de la ligne  ;\n- Bus  N35,  de l'arr\u00eat  Gare  de Lyon  - Diderot  \u00e0 l'arr\u00eat  Villiers-sur-Marne  - Le Plessis-Tr\u00e9vise\nRER  sur l'ensemble  de la ligne  ;\n- Bus  N41,  de l'arr\u00eat  Gare  de l'Est  \u00e0 l'arr\u00eat  Villeparisis  - Mitry-le-Neuf  RER  sur l'ensemble\nde la ligne  ;\n- Bus  N42,  de l'arr\u00eat  Gare  de l'Est  \u00e0 l'arr\u00eat  Aulnay-sous-Bois  - Garonor  sur l'ensemble  de\nla ligne  ;\n- Bus  N43,  de l'arr\u00eat  Gare  de l'Est  \u00e0 l'arr\u00eat  Gare  de Sarcelles  - Saint-Brice  sur l'ensemble\nde la ligne  ;\n- Bus  N44,  de l'arr\u00eat  Gare  de l'Est  \u00e0 l'arr\u00eat  Garges-Sarcelles  RER  sur l'ensemble  de la ligne  ;\n- Bus  N45,  de l'arr\u00eat  Gare  de l'Est  \u00e0 l'arr\u00eat  H\u00f4pital  de Montfermeil  sur l'ensemble  de la\nligne  ;\n- Bus  N51,  de l'arr\u00eat  Gare  Saint-Lazare  \u00e0 l'arr\u00eat  Gare  d'Enghien  sur l'ensemble  de la ligne  ;\n- Bus  N52,  de l'arr\u00eat  Gare  Saint-Lazare  \u00e0 l'arr\u00eat  Gare  de Cormeilles-en-Parisis  sur\nl'ensemble  de la ligne  ;\n- Bus  N53,  de l'arr\u00eat  Gare  Saint-Lazare  \u00e0 l'arr\u00eat  Nanterre  - Anatole  France  sur l'ensemble\nde la ligne  ;\n- Bus  N61,  de l'arr\u00eat  Gare  Montparnasse  \u00e0 l'arr\u00eat  Clamart  - Georges  Pompidou  sur\nl'ensemble  de la ligne  ;\n- Bus  N62,  de l'arr\u00eat  Gare  Montparnasse  \u00e0 l'arr\u00eat  March\u00e9  international  de Rungis  sur\nl'ensemble  de la ligne  ;\n- Bus N63,  de l'arr\u00eat  Gare  Montparnasse  \u00e0 l'arr\u00eat  Polytechnique  Vauve  sur l'ensemble  de\nla ligne  ;\n2024-01849  \u00c9\n\n- Bus  N66,  de l'arr\u00eat  Gare  Montparnasse  \u00e0 l'arr\u00eat  Gare  de Chaville  - Rive  droite  sur\nl'ensemble  de la ligne  ;\n- Bus  N71,  de l'arr\u00eat  March\u00e9  international  de Rungis  \u00e0 l'arr\u00eat  Val  de Fontenay  RER  sur\nl'ensemble  de la ligne  ;\n- Bus  N122,  de l'arr\u00eat  Ch\u00e2telet  \u00e0 l'arr\u00eat  Saint-R\u00e9my-l\u00e9s-Chevreuse  RER  sur l'ensemble  de\nla ligne  ;\n- Bus  N153,  de l'arr\u00eat  Gare  Saint-Lazare  \u00e0 l'arr\u00eat  Saint-Germain-en-Laye  RER  sur l'ensemble\nde la ligne.\nArticle  2 - Le pr\u00e9fet  de la Seine-et-Marne,  le pr\u00e9fet  des  Yvelines,  la pr\u00e9f\u00e8te  de l'Essonne,  le\npr\u00e9fet  des  Hauts-de-Seine,  le pr\u00e9fet  de la Seine-Saint-Denis,  le pr\u00e9fet  du Val-de-Marne,  le\npr\u00e9fet  du Val-d'Oise,  la pr\u00e9f\u00e8te,  directrice  de cabinet  du pr\u00e9fet  de police,  la directrice  de la\ns\u00e9curit\u00e9  de proximit\u00e9  de l'agglom\u00e9ration  parisienne  et le pr\u00e9sident-directeur  de la R\u00e9gie\nautonome  des  transports  parisiens  sont  charg\u00e9s,  chacun  en ce qui le concerne,  de\nl'ex\u00e9cution  du pr\u00e9sent  arr\u00eat\u00e9,  qui sera  publi\u00e9  aux  recueils  des  actes  administratifs  du\nd\u00e9partement  de Paris  et des  pr\u00e9fectures  de la Seine-et-Marne,  des  Yvelines,  de l'Essonne,  des\nHauts-de-Seine,  de la Seine-Saint-Denis,  du Val-de-Marne,  et du Val-d'Oise,  et consultable  sur le\nsite  internet  de la pr\u00e9fecture  de police  (https://www.prefecturedepolice.interieur.gouv.fr).\nFait \u00e0 Paris, le 2 4 DEC. 2024\nol Laurent  NUNEZ\npr\u00e9f\u00e8te,  ant;  ex u cabinet\nMagali CHARBONNE Au\n2024-01849\n\nAnnexe  de l'arr\u00eat\u00e9  n\u00b0 29024-01849  du 24 DEC.  2024\nVOIES  ET DELAIS  DE RECOURS\nSi vous  estimez  devoir  contester  le pr\u00e9sent  arr\u00eat\u00e9,  il vous  est possible,  dans  un\nd\u00e9lai  de deux  mois  \u00e0 compter  de la date  de sa publication  au recueil  des  actes\nadministratifs  du d\u00e9partement  de Paris  :\n- soit  de saisir  d'un  RECOURS  GRACIEUX\nle Pr\u00e9fet  de Police\n719,  boulevard  du Palais  - 75195  PARIS  RP\n- ou de former  un RECOURS  HIERARCHIQUE\naupr\u00e8s  du Ministre  de l'int\u00e9rieur\nDirection  des  libert\u00e9s  publiques  et des  affaires  juridiques\nplace  Beauvau  - 75008  PARIS\n- soit  de saisir  d'un  RECOURS  CONTENTIEUX\nle Tribunal  administratif  comp\u00e9tent\nAucune  de ces voies  et recours  ne suspend  l'application  de la pr\u00e9sente  d\u00e9cision.\nLes recours  GRACIEUX  et HIERARCHIQUE  doivent  \u00eatre  \u00e9crits,  exposer  les\narguments  ou faits  nouveaux  et comprendre  la copie  de l'arr\u00eat\u00e9  contest\u00e9.\nLe recours  CONTENTIEUX,  qui vise  \u00e0 contester  la LEGALITE  de la pr\u00e9sente\nd\u00e9cision,  doit  \u00e9galement  \u00eatre  \u00e9crit  et exposer  votre  argumentation  juridique.\nSi vous  n'aviez  pas  de r\u00e9ponse  \u00e0 votre  recours  GRACIEUX  ou HIERARCHIQUE\ndans  un d\u00e9lai  de deux  mois  \u00e0 compter  de la r\u00e9ception  de votre  recours  par l'administration,\nvotre  demande  devra  \u00eatre  consid\u00e9r\u00e9e  comme  rejet\u00e9e  (d\u00e9cision  implicite  de rejet).\nEn cas de rejet  des  recours  GRACIEUX  ou HIERARCHIQUE,  le Tribunal\nadministratif  peut  \u00eatre  saisi  d'un  recours  contentieux  dans  le d\u00e9lai  de deux  mois  \u00e0 compter\nde la date  de la d\u00e9cision  de rejet.\n\nPREFECTURE  ap Cabinet  du pr\u00e9fet\nDE POLICE  a\nLibert\u00e9\n\u00c9galit\u00e9\nFraternit\u00e9\narr\u00eat\u00e9  n\u00b0 2024-01850\naccordant  d\u00e9l\u00e9gation  de la signature  pr\u00e9fectorale\nau sein  de la direction  de l'ordre  public  et de la circulation\nLe pr\u00e9fet  de police,\nVU le code  g\u00e9n\u00e9ral  des  collectivit\u00e9s  territoriales  ;\nVU le code  de la s\u00e9curit\u00e9  int\u00e9rieure  ;\nVU le d\u00e9cret  n\u00b0 95-1197  du 6 novembre  1995  modifi\u00e9,  portant  d\u00e9concentration  en mati\u00e8re  de\ngestion  des  personnels  de la police  nationale  ;\nVU le d\u00e9cret  n\u00b0 97-199  du 5 mars  1997  modifi\u00e9,  relatif  au remboursement  de certaines  d\u00e9penses\nsupport\u00e9es  par  les forces  de police  et de gendarmerie  ;\nVU le d\u00e9cret  n\u00b0 2004-374  du 29 avril  2004  modifi\u00e9  relatif  aux  pouvoirs  des  pr\u00e9fets,  \u00e0 l'organisation  et\n\u00e0 l'action  des services  de l'\u00c9tat  dans  les r\u00e9gions  et d\u00e9partements  et notamment  son article  77 ;\nVU le d\u00e9cret  n\u00b0 2006-1780  du 23 d\u00e9cembre  2006  modifi\u00e9,  portant  d\u00e9l\u00e9gation  de pouvoir  en mati\u00e8re\nde recrutement  et de gestion  de certains  personnels  relevant  du minist\u00e8re  de l'Int\u00e9rieur  ;\nVU le d\u00e9cret  n\u00b0 2009-898  du 24 juillet  2009  modifi\u00e9  relatif  \u00e0 la comp\u00e9tence  territoriale  de certaines\ndirections  et de certains  services  de la pr\u00e9fecture  de police  ;\nVU le d\u00e9cret  n\u00b0 2010-1298  du 28 octobre  2010  portant  attribution  de produits  au budget  du\nminist\u00e8re  de l'Int\u00e9rieur,  de l'outre-mer  et des  collectivit\u00e9s  territoriales  en application  du d\u00e9cret\nn\u00b0 97-199  du 5 mars  1997  modifi\u00e9  relatif  au remboursement  de certaines  d\u00e9penses  support\u00e9es  par\nles forces  de police  et de gendarmerie  et du d\u00e9cret  n\u00b0 2008-252  du 12 mars  2008  modifi\u00e9  relatif  \u00e0 la\nr\u00e9mun\u00e9ration  de certains  services  rendus  par  le minist\u00e8re  de l'Int\u00e9rieur,  de l'outre-mer  et des\ncollectivit\u00e9s  territoriales  ;\nVU l'arr\u00eat\u00e9  minist\u00e9riel  du 30 d\u00e9cembre  2005  modifi\u00e9  portant  d\u00e9concentration  en mati\u00e8re  de\ngestion  des  fonctionnaires  actifs  des  services  de la police  nationale  ;\nVU l'arr\u00eat\u00e9  pr\u00e9fectoral  n\u00b0 2009-00641  du 7 ao\u00fbt  2009  modifi\u00e9  relatif  \u00e0 l'organisation  de la pr\u00e9fecture\nde police  ;\nVU l'arr\u00eat\u00e9  pr\u00e9fectoral  n\u00b0 2023-01566  du 20 d\u00e9cembre  2023  relatif  aux  missions  et \u00e0 l'organisation\nde la direction  de l'ordre  public  et de la circulation  ;\nVU l'arr\u00eat\u00e9  n\u00b0 2019-00079  du 24 janvier  2019  autorisant  l'installation  du syst\u00e8me  de vid\u00e9oprotection\nde la pr\u00e9fecture  de police,  notamment  son  article  6 ;\nVU le d\u00e9cret  du 20 juillet  2022  par lequel  M. Laurent  NUNEZ,  pr\u00e9fet,  coordonnateur  national  du\nrenseignement  et de la lutte  contre  le terrorisme,  est nomm\u00e9  pr\u00e9fet  de police  (hors  classe)  ;\nVU le d\u00e9cret  du 16 d\u00e9cembre  2024  mettant  fin aux  fonctions  de M. J\u00e9r\u00f4me  FOUCAUD,  directeur\ndes  services  actifs  de police  de la pr\u00e9fecture  de police,  directeur  de l'ordre  public  et de la\ncirculation  de la pr\u00e9fecture  de police  ;\n\nVU l'arr\u00eat\u00e9  du 9 avril  2024  par lequel  M. Antoine  SALMON,  contr\u00f4leur  g\u00e9n\u00e9ral  des services  actifs  de\nla police  nationale,  directeur  interd\u00e9partemental  de la police  nationale  \u00e0 Melun  (77),  est nomm\u00e9\ninspecteur  g\u00e9n\u00e9ral  des  services  actifs  de la police  nationale,  directeur  adjoint  de l'ordre  public  et de\nla circulation  de la pr\u00e9fecture  de police  \u00e0 Paris,  pour  une  dur\u00e9e  de trois  ans \u00e0 compter  du 23 avril\n2024  ;\nSUR  proposition  de la pr\u00e9f\u00e8te,  directrice  de cabinet,\nARR\u00caTE\nArticle  1\u00b0\nD\u00e9l\u00e9gation  est donn\u00e9e  \u00e0 M. Antoine  SALMON,  inspecteur  g\u00e9n\u00e9ral  des  services  actifs  de la police\nnationale,  directeur  adjoint  de l'ordre  public  et de la circulation,  en charge  de l'int\u00e9rim  des\nfonctions  de directeur  de l'ordre  public  et de la circulation,  \u00e0 l'effet  de signer,  au nom  du pr\u00e9fet  de\npolice  :\na) les actes  n\u00e9cessaires  \u00e0 l'exercice  des  missions  de police  administrative  fix\u00e9es  par l'arr\u00eat\u00e9  du\n20 d\u00e9cembre  2023  susvis\u00e9.\nb) les d\u00e9cisions  individuelles  relatives  \u00e0 l'octroi  des  cong\u00e9s  annuels  et de maladie  ordinaire  des\npersonnels  relevant  de son  autorit\u00e9.\nc) les conventions  fixant  les modalit\u00e9s  d'ex\u00e9cution  techniques  et financi\u00e8res  du concours  apport\u00e9\nconjointement  par les forces  de police  et de gendarmerie,  avec  les b\u00e9n\u00e9ficiaires  de ces prestations,\nen application  de l'article  4 du d\u00e9cret  n\u00b0 97-199  du 5 mars  1997  susvis\u00e9  ainsi  que  les factures\ncorrespondantes.\nd) les actes  de validation  dans  le module  \u00ab CHORUS  D\u00e9placements  Temporaires  (DT)  \u00bb portant  sur:\n- les ordres  de mission  (d\u00e9placements)  ;\n- les \u00e9tats  de frais  (remboursements).\ne) les actes  de gestion  et d'ordonnancement  portant  sur :\n- le visa  de diverses  pi\u00e8ces  comptables  de r\u00e9gie  d'avance  ;\n- les d\u00e9penses  par voie  de carte  achats  ;\n- l'utilisation  du module  de demande  d'achat  \u00ab CHORUS  Formulaires  \u00bb, application  informatique\nremettante  \u00e0 CHORUS.\nf) les actes  d\u00e9signant  individuellement  et habilitant  les agents  relevant  de son  autorit\u00e9  autoris\u00e9s  \u00e0\n\u00eatre  destinataires  des  images  et enregistrements  issus  des  cam\u00e9ras  du plan  de vid\u00e9oprotection  de la\npr\u00e9fecture  de police.\nArticle  2\nD\u00e9l\u00e9gation  est donn\u00e9e  \u00e0 M. Antoine  SALMON  \u00e0 l'effet  de prononcer,  au nom  du pr\u00e9fet  de police,  les\nsanctions  disciplinaires  de l'avertissement  et du bl\u00e2me,  inflig\u00e9es  aux  personnels  ci-apr\u00e8s  d\u00e9sign\u00e9s,\nplac\u00e9s  sous  son  autorit\u00e9  :\n- les fonctionnaires  du corps  d'encadrement  et d'application  de la police  nationale  ;\n- les adjoints  administratifs  de l'int\u00e9rieur  et de l'outre-mer  ;\n- les policiers  adjoints  affect\u00e9s  \u00e0 Paris  ;\n- les personnels  administratifs,  techniques,  scientifiques  et sp\u00e9cialis\u00e9s.\nArticle  3\nEn cas d'absence  ou d'emp\u00e9chement  de M. Antoine  SALMON,  la d\u00e9l\u00e9gation  qui lui est consentie\npour  les mati\u00e8res  mentionn\u00e9es  \u00e0 l'article  1 est exerc\u00e9e,  dans  la limite  de ses attributions,  par M. Eric\nMOYSE,  contr\u00f4leur  g\u00e9n\u00e9ral,  chef  d'\u00e9tat-major,  et, en cas d'absence  ou d'emp\u00eachement  de ce\ndernier,  par  :\n- M. Dimitri  KALININE,  commissaire  g\u00e9n\u00e9ral,  chef  d'\u00e9tat-major  adjoint  ;\n2024-018502\n\n- M. Jo\u00ebl TURLIER,  commissaire  g\u00e9n\u00e9ral,  adjoint  au chef  d'\u00e9tat-major  ;\n- M. Antoine  MORDACQ,  commissaire  divisionnaire,  adjoint  au chef  d'\u00e9tat-major  ;\n- Mme  L\u00e6titia  VALLAR,  commissaire  divisionnaire,  adjointe  au chef  d'\u00e9tat-major.\nArticle  4\nEn cas d'absence  ou d'emp\u00e9chement  de M. Antoine  SALMON,  la d\u00e9l\u00e9gation  qui lui est consentie\npour  les mati\u00e8res  mentionn\u00e9es  \u00e0 l'article  1 est exerc\u00e9e,  dans  la limite  de ses attributions,  par M.\nOlivier  BOURDE,  contr\u00f4leur  g\u00e9n\u00e9ral,  sous-directeur  de l'ordre  public  de l'agglom\u00e9ration  parisienne\net par M. Paul-Antoine  TOMI,  commissaire  divisionnaire,  adjoint  au sous-directeur  de l'ordre  public\nde l'agglom\u00e9ration  parisienne.\nEn cas d'absence  ou d'emp\u00eachement  de M. Olivier  BOURDE  et de M. Paul-Antoine  TOMI,  la\nd\u00e9l\u00e9gation  qui leur est consentie  par le pr\u00e9sent  article  est exerc\u00e9e,  dans  la limite  de leurs\nattributions  respectives,  par M. Pierre-Yves  DESTOMBES,  commissaire  de police,  chef  de la division\nd'information  et d'intervention,  et par M. Gr\u00e9goire  PETIT,  commissaire  de police,  chef  de la division\ndes unit\u00e9s  op\u00e9rationnelles  sp\u00e9cialis\u00e9es.\nArticle  5\nEn cas d'absence  o\u00f9 d'emp\u00eachement  de M. Antoine  SALMON,  la d\u00e9l\u00e9gation  qui lui est consentie\npour  les mati\u00e8res  mentionn\u00e9es  \u00e0 l'article  1 est exerc\u00e9e,  dans  la limite  de leurs  attributions\nrespectives,  par Mme  Estelle  BALIT,  contr\u00f4leuse  g\u00e9n\u00e9rale  des services  actifs  de la police  nationale,\nsous-directrice  r\u00e9gionale  de la circulation  et de la s\u00e9curit\u00e9  routi\u00e8res,  et, en cas d'absence  ou\nd'emp\u00eachement  de cette  derni\u00e8re,  par M. Arnaud  DESJARDINS,  commissaire  divisionnaire,  adjoint  \u00e0\nla sous-directrice  r\u00e9gionale  de la circulation  et de la s\u00e9curit\u00e9  routi\u00e8res.\nEn cas d'absence  ou d'emp\u00eachement  de Mme  Estelle  BALIT  et de M. Arnaud  DESJARDINS,  la\nd\u00e9l\u00e9gation  qui leur est consentie  par le pr\u00e9sent  article  est exerc\u00e9e,  dans  la limite  de leurs\nattributions  respectives,  par Mme  Tania  POPOFF,  commissaire  de police,  cheffe  de la division\nr\u00e9gionale  de la circulation,  par M. Cl\u00e9ment  GIRARD,  commissaire  de police,  chef  de la division\nr\u00e9gionale  motocycliste  et par M. Jean-S\u00e9bastien  ROSADONI,  commissaire  de police,  chef  de la\ndivision  r\u00e9gionale  de la s\u00e9curit\u00e9  routi\u00e8re.\nD\u00e9l\u00e9gation  est donn\u00e9e  \u00e0 M. Herv\u00e9  BLAISE,  capitaine  de police,  coordonnateur  s\u00e9curit\u00e9  routi\u00e8re,\nchef  du p\u00f4le  de pr\u00e9vention  et de s\u00e9curit\u00e9  routi\u00e8re  et \u00e0 son adjointe,  Mme  Sonia  MATEO,  attach\u00e9e\nd'administration  de l'\u00c9tat,  dans  l'application  informatique  financi\u00e8re  de l'\u00c9tat  \u00ab CHORUS\nFormulaires  \u00bb, aux fins de gestion  du budget  du plan  d\u00e9partemental  d'actions  de s\u00e9curit\u00e9  routi\u00e8re.\nArticle  6\nEn cas d'absence  ou d'emp\u00eachement  de M. Antoine  SALMON,  la d\u00e9l\u00e9gation  qui lui est consentie\npour  les mati\u00e8res  mentionn\u00e9es  \u00e0 l'article  1 est exerc\u00e9e,  dans  la limite  de leurs  attributions\nrespectives,  par M. Serge  QUILICHINI,  contr\u00f4leur  g\u00e9n\u00e9ral  des services  actifs  de la police  nationale,\nsous-directeur  de la protection  des institutions,  des gardes  et des transferts  de l'agglom\u00e9ration\nparisienne,  et, en cas d'absence  ou d'emp\u00eachement  de ce dernier,  par M. Dominique  SERNICLAY,\ncommissaire  g\u00e9n\u00e9ral,  adjoint  au sous-directeur  de la protection  des institutions,  des gardes  et des\ntransferts  de l'agglom\u00e9ration  parisienne.\nArticle  7\nEn cas d'absence  ou d'emp\u00eachement  de M. Antoine  SALMON,  la d\u00e9l\u00e9gation  qui lui est consentie\naux articles  1 et 2 est exerc\u00e9e,  dans  la limite  de leurs  attributions  respectives,  par Mme  B\u00e9n\u00e9dicte\nMARGENET-BAUDRY,  contr\u00e9leuse  g\u00e9n\u00e9rale  des services  actifs  de la police  nationale,  sous-directrice\nde la gestion  op\u00e9rationnelle,  et, en cas d'absence  ou d'emp\u00e9chement  de cette  derni\u00e8re,  par\nMme  Ingrid  PEYRATOU,  commissaire  divisionnaire,  adjointe  \u00e0 la sous-directrice  de la gestion\nop\u00e9rationnelle.\nEn cas d'absence  ou d'emp\u00eachement  de Mme  B\u00e9n\u00e9dicte  MARGENET-BAUDRY  et de Mme  Ingrid\nPEYRATOU,  la d\u00e9l\u00e9gation  qui leur est consentie  par le pr\u00e9sent  article  est exerc\u00e9e,  dans  la limite  de\nleurs  attributions  respectives,  par Mme  Val\u00e9rie  SOBRAQUES,  commandant  divisionnaire\n2024-018503\n\nfonctionnel,  cheffe  du service  de gestion  op\u00e9rationnelle  des \u00e9quipements,  de l'immobilier  et des\nfinances,  par son adjointe,  Mme  Am\u00e9lie  OBSZYNSKI-PUECH,  attach\u00e9e  d'administration  de l'\u00c9tat  et\npar son  adjoint  en second,  M. Ga\u00e9tan  DERLON,  major  de police.\nD\u00e9l\u00e9gation  est donn\u00e9e,  dans  les applications  informatiques  financi\u00e8res  de l'\u00c9tat  \u00ab CHORUS\nFormulaires  \u00bb, aux  fins  de gestion  des  budgets,  et \u00ab CHORUS  D\u00e9placements  Temporaires  (DT),  aux\nfins  de validation  des  ordres  de mission  et des  \u00e9tats  de frais,  aux  agents  ci-apr\u00e8s  d\u00e9sign\u00e9s,  dans  la\nlimite  de leurs  attributions  respectives  :\n- Mme  Emilie  MARIE,  secr\u00e9taire  administrative  de classe  sup\u00e9rieure,  cheffe  de l'unit\u00e9\nfinanci\u00e9re  ;\n- M. C\u00e9dric  KAZCOR,  brigadier-chef,  adjoint  \u00e0 la cheffe  de l'unit\u00e9  financi\u00e8re  ;\n- Mme  Lynda  ATTAL,  gardien  de la paix,  gestionnaire  budg\u00e9taire  \u00e0 l'unit\u00e9  financi\u00e8re  ;\n- Mme  Vanessa  ARZEUX,  gardien  de la paix,  gestionnaire  budg\u00e9taire  \u00e0 l'unit\u00e9  financi\u00e8re  ;\n- M. Tristan  DUCEL,  adjoint  administratif,  gestionnaire  budg\u00e9taire  \u00e0 l'unit\u00e9  financi\u00e8re.\nD\u00e9l\u00e9gation  est accord\u00e9e  \u00e0 Mme  \u00c9milie  MARIE,  secr\u00e9taire  administrative  de classe  sup\u00e9rieure,  cheffe\nde l'unit\u00e9  financi\u00e8re,  r\u00e9f\u00e9rente  carte  d'achat,  pour  centraliser  les pi\u00e8ces  justificatives  des d\u00e9penses\nr\u00e9alis\u00e9es  par la carte  d'achat  des  porteurs  d\u00e9sign\u00e9s,  contr\u00f4ler  ces pi\u00e8ces  justificatives  des  d\u00e9penses,\nsigner  le tableau  des  imputations  budg\u00e9taires  des d\u00e9penses  par cartes  achat  rattach\u00e9es  aux  centres\nde facturation  et ordonner  le r\u00e8glement  des  relev\u00e9s  d'op\u00e9rations  administratives.\nArticle  8\nLa pr\u00e9f\u00e8te,  directrice  de cabinet  et le directeur  adjoint  de l'ordre  public  et de la circulation,  en\ncharge  de l'int\u00e9rim  des  fonctions  de directeur  de l'ordre  public  et de la circulation,  sont  charg\u00e9s,\nchacun  en ce qui les concerne,  de l'ex\u00e9cution  du pr\u00e9sent  arr\u00eat\u00e9  qui sera  publi\u00e9  aux  recueils  des\nactes  administratifs  des  d\u00e9partements  de Paris,  des  Hauts-de-Seine,  de la Seine-Saint-Denis  et du\nVal-de-Marne.  =\n24 DEC. 2024Fait  a Paris,  le\nLaurent  NUNEZ\n2024-01850\n\n| sn CABINET  DU PREFET\nPREFECTURE\nDE POLICE\nLibert\u00e9\nEgalit\u00e9\nFraternit\u00e9  :\n| ame 2024/0185\nautorisant  la captation,  l'enregistrement  et la transmission  d'images  au moyen  de cam\u00e9ras\ninstall\u00e9es  sur des  h\u00e9licopt\u00e8res  de la gendarmerie  nationale  \u00e0 l'occasion  des  festivit\u00e9s  de la\nSaint-Sylvestre  du 29 d\u00e9cembre  2024  au 1\u00b0 janvier  2025\nLe pr\u00e9fet  de police,\nVu le code  de la s\u00e9curit\u00e9  int\u00e9rieure,  notamment  ses articles  L. 242-1  \u00e0 L. 242-8  et R. 242-8  \u00e0\nR. 242-15;\nVu le d\u00e9cret  n\u00b0 2004-374  modifi\u00e9  du 29 avril  2004  relatif  aux  pouvoirs  des  pr\u00e9fets,  a\nl'organisation  et \u00e0 l'action  des  services  de l'Etat  dans  les r\u00e9gions  et d\u00e9partements,\nnotamment  ses  articles  72 et 73:\nVu l'arr\u00eat\u00e9  du 19 avril  2023  relatif  au nombre  maximal  de cam\u00e9ras  install\u00e9es  sur des  a\u00e9ronefs\npouvant  \u00eatre  simultan\u00e9ment  utilis\u00e9es  dans  chaque  d\u00e9partement  et collectivit\u00e9\nd'outre-mer  ;\nVu l'instruction  minist\u00e9rielle  NOR  1OMD2311883)  du 30 avril  2023  relative  \u00e0 la proc\u00e9dure\nd'autorisation  des  cam\u00e9ras  install\u00e9es  sur des  a\u00e9ronefs  pour  des  missions  de police\nadministrative  ;\nVu le d\u00e9cret  du 20 juillet  2022  par lequel  M. Laurent  NUNEZ,  pr\u00e9fet,  coordonnateur  national\ndu renseignement  et de la lutte  contre  le terrorisme,  est nomm\u00e9  pr\u00e9fet  de police  (hors\nclasse);\nVu les demandes  en date  du 27 d\u00e9cembre  2024  form\u00e9es  par  la direction  de l'ordre  public\net de la circulation  et la direction  de la s\u00e9curit\u00e9  de proximit\u00e9  de l'agglom\u00e9ration  parisienne\nvisant  \u00e0 obtenir  l'autorisation  de capter,  d'enregistrer  et de transmettre  des  images  au\nmoyen  de deux  cam\u00e9ras  install\u00e9es  sur deux  h\u00e9licopt\u00e8res  de la gendarmerie  d'Ile-de-France\nafin  d'assurer  la pr\u00e9vention  des  atteintes  \u00e0 la s\u00e9curit\u00e9  des  personnes  et des  biens  et la\ns\u00e9curit\u00e9  des  rassemblements  du 29 d\u00e9cembre  2024  au Jer janvier  2025  \u00e0 l'occasion  du\npassage  \u00e0 la nouvelle  ann\u00e9e  \u00e0 Paris  et dans  les d\u00e9partements  de la Seine-Saint-Denis,  des\nHauts-de-Seine  et du Val-de-Marne  ;\nConsid\u00e9rant  que  les dispositions  du | de l'article  L. 242-5  du code  de la s\u00e9curit\u00e9  int\u00e9rieure\npermettent  aux  forces  de s\u00e9curit\u00e9  int\u00e9rieure,  dans  l'exercice  de leurs  missions  de\npr\u00e9vention  des  atteintes  \u00e0 l'ordre  public  et de protection  de la s\u00e9curit\u00e9  des  personnes  et\ndes  biens,  de proc\u00e9der  \u00e0 la captation,  \u00e0 l'enregistrement  et \u00e0 la transmission  d'images  au\nmoyen  de cam\u00e9ras  install\u00e9es  sur des  a\u00e9ronefs  aux  fins  d'assurer  la pr\u00e9vention  des  atteintes\n\u00e0 la s\u00e9curit\u00e9  des  personnes  et la s\u00e9curit\u00e9  des  rassemblements  ;\nConsid\u00e9rant  qu'\u00e0  l'occasion  de la Saint-Sylvestre,  des  festivit\u00e9s  et rassemblements  se\nd\u00e9rouleront  dans  la nuit  du 31 d\u00e9cembre  2024  au 1er janvier  2025  \u00e0 Paris  et en petite\ncouronne  ; que  des  troubles  \u00e0 l'ordre  public  sont  r\u00e9guli\u00e8rement  commis  \u00e0 cette  occasion;\nque  les ann\u00e9es  pr\u00e9c\u00e9dentes  de nombreuses  d\u00e9gradations  ont  \u00e9t\u00e9  recens\u00e9es,  notamment\ndes  v\u00e9hicules  incendi\u00e9s  ; qu'il  convient  d'assurer  la s\u00e9curit\u00e9  des  personnes  et des  biens  \u00e0\nl'occasion  de ces  festivit\u00e9s  ainsi  que  de pr\u00e9venir  d'\u00e9ventuelles  d\u00e9gradations  et troubles  \u00e0\nl'ordre  public  en amont  ainsi  que  durant  la Saint-Sylvestre  ;\n\nConsid\u00e9rant  que  le recours  a des  cam\u00e9ras  a\u00e9roport\u00e9es  permet  de disposer  d'une  vision  en\ngrand  angle  tout  en limitant  l'engagement  des  forces  au sol;  qu'il  n'existe  pas de dispositif\nmoins  intrusif  permettant  de parvenir  aux  m\u00eames  fins  ;\nConsid\u00e9rant  que  la demande  porte  sur l'engagement  de deux  h\u00e9licopt\u00e8res  \u00e9quip\u00e9s  chacun\nd'une  cam\u00e9ra  a\u00e9roport\u00e9e  en vue  de capter,  d'enregistrer  et de transmettre  des  images  ; que\nles aires  survol\u00e9es  sont  strictement  limit\u00e9es  aux zones  o\u00f9 seront  mises  en \u0153uvre  les finalit\u00e9s\nsusvis\u00e9es  ; que  la dur\u00e9e  de l'autorisation  demand\u00e9e  n'appara\u00eet  pas disproportionn\u00e9e  au\nregard  des  finalit\u00e9s  poursuivies  ;\nSur proposition  de la direction  de l'ordre  public  et de la circulation  et de la direction  de la\ns\u00e9curit\u00e9  de proximit\u00e9  de l'agglom\u00e9ration  parisienne,\nARRETENT  :\nArticle  1\u00b0 - La captation,  l'enregistrement  et la transmission  d'images  par la direction  de\nl'ordre  public  et de la circulation  et la direction  de la s\u00e9curit\u00e9  de l'agglom\u00e9ration  parisienne\nsont  autoris\u00e9s  \u00e0 Paris  et dans  les d\u00e9partements  des  Hauts-de-Seine,  de la Seine-Saint-Denis\net du Val-de-Marne,  \u00e0 l'occasion  des  festivit\u00e9s  de la Saint-Sylvestre  aux  titres  de:\n- la pr\u00e9vention  des  atteintes  \u00e0 la s\u00e9curit\u00e9  des  personnes  et des  biens  ;\n- la s\u00e9curit\u00e9  des  rassemblements.\nArticle  2 - Le nombre  maximal  de cam\u00e9ras  pouvant  proc\u00e9der  simultan\u00e9ment  a des\nenregistrements  est fix\u00e9  \u00e0 2 cam\u00e9ras  embarqu\u00e9es  sur deux  h\u00e9licopt\u00e8res.\nArticle  3 - La pr\u00e9sente  autorisation  s'applique  \u00e0 la ville  de Paris  et aux  d\u00e9partements  des\nHauts-de-Seine,  de la Seine-Saint-Denis  et du Val-de-Marne.\nArticle  4 - La pr\u00e9sente  autorisation  est d\u00e9livr\u00e9e  du dimanche  29 d\u00e9cembre  2024  au\nmercredi  1\u00b0 janvier  2025  pour  la mise  en \u0153uvre  de la finalit\u00e9  pr\u00e9cit\u00e9e.\nArticle  5 \u2014 L'information  du public  est assur\u00e9e  par la publication  de l'arr\u00eat\u00e9  aux  recueils  des\nactes  administratifs  du d\u00e9partement  de Paris  et des  d\u00e9partements  des  Hauts-de-Seine,  de\nla Seine-Saint-Denis  et du Val-de-Marne,  sa mise  en ligne  sur le site  internet  de la pr\u00e9fecture\nde police  ainsi  que  par une  information  sur les r\u00e9seaux  sociaux.\nArticle  6 - Le registre  mentionn\u00e9  \u00e0 l'article  L. 242-4  du code  de la s\u00e9curit\u00e9  int\u00e9rieure  est\ntransmis  au pr\u00e9fet  de police,  \u00e0 l'issue  de la p\u00e9riode  d'autorisation.\nArticle  7 - Le pr\u00e9fet  des  Hauts-de-Seine,  le pr\u00e9fet  de la Seine-Saint-Denis,  le pr\u00e9fet  du Val-\nde-Marne,  la pr\u00e9f\u00e8te,  directrice  du cabinet  du pr\u00e9fet  de police,  le directeur  de l'ordre  public\net de la circulation  et la directrice  de la s\u00e9curit\u00e9  de proximit\u00e9  de l'agglom\u00e9ration  parisienne\nsont  charg\u00e9s,  chacun  en ce qui le concerne,  de l'ex\u00e9cution  du pr\u00e9sent  arr\u00eat\u00e9  qui entrera  en\nvigueur  d\u00e8s  son  affichage  aux  portes  de la pr\u00e9fecture  de police,  sera  publi\u00e9  aux  recueils  des\nactes  administratifs  du d\u00e9partement  de Paris  et des d\u00e9partements  des Hauts-de-Seine,  de\nla Seine-Saint-Denis  et du Val-de-Marne  et consultable  sur le site  internet  de la pr\u00e9fecture\nde police  (https://www.prefecturedepolice.interieur.gouv.fr).\nFait 3 Paris,le  97 DEC. 2024\n.\n9QG24/  05094\nLU  #  yO\naali  CH\nLa Pr\u00e9f\u00e8te,  directrice  du cabinet\n\naero  Gra  < g 7 t , / Annexe  de l'arr\u00eat\u00e9  n Poe  -O/9  SS du 21 ols corn bre Sahl\nVOIES  ET DELAIS  DE RECOURS\nSi vous  estimez  devoir  contester  la pr\u00e9sente  autorisation,  il vous  est possible,  dans  un d\u00e9lai\nde deux  mois  a compter  de la date  de son  affichage  ou de sa publication:\n- soit  de saisir  d'un  RECOURS  GRACIEUX\nle Pr\u00e9fet  de Police\n7/9,  boulevard  du Palais  - 75195  PARIS  RP\n- ou de former  un RECOURS  HIERARCHIQUE\naupr\u00e8s  du Ministre  de l'int\u00e9rieur  et des  outre-mer\nDirection  des  libert\u00e9s  publiques  et des  affaires  juridiques\nplace  Beauvau  - 75008  PARIS  ;\n- soit  de saisir  d'un  RECOURS  CONTENTIEUX\nle Tribunal  administratif  comp\u00e9tent  |\nAucune  de ces  voies  et recours  ne suspend  l'application  de la pr\u00e9sente  d\u00e9cision.\nLes recours  GRACIEUX  et HIERARCHIQUE  doivent  \u00eatre  \u00e9crits,  exposer  les arguments  ou\nfaits  nouveaux  et comprendre  la copie  de la d\u00e9cision  contest\u00e9e.\nLe recours  contentieux,  qui vise  \u00e0 contester  la LEGALITE  de la pr\u00e9sente  d\u00e9cision,  doit\n\u00e9galement  \u00eatre  \u00e9crit  et exposer  votre  argumentation  juridique.\nSi vous  n'aviez  pas  de r\u00e9ponse  \u00e0 votre  recours  GRACIEUX  ou HIERARCHIQUE  dans  un d\u00e9lai\nde deux  mois  \u00e0 compter  de la r\u00e9ception  de votre  recours  par  l'administration,  votre\ndemande  devra  \u00eatre  consid\u00e9r\u00e9e  comme  rejet\u00e9e  (d\u00e9cision  implicite  de rejet).\nEn cas de rejet  des  RECOURS  GRACIEUX  ou HIERARCHIQUE,  le Tribunal  administratif  peut\n\u00eatre  saisi  d'un  recours  contentieux  dans  le d\u00e9lai  de deux  mois  \u00e0 compter  de la date  de la\nd\u00e9cision  de rejet.\n\n| CABINET  DU PREFET\nPREFECTURE  ap\nDE POLICE\nLibert\u00e9\n\u00c9galit\u00e9\nFraternit\u00e9\nArr\u00eat\u00e9  n\u00b0 {o \u00a3 4 -OI\u0178\u00c9  \"\nautorisant  les agents  habilit\u00e9s  du service  interne  de s\u00e9curit\u00e9  de la SNCF  \u00e0 proc\u00e9der  \u00e0 des\npalpations  de s\u00e9curit\u00e9  dans  des  gares  et stations  d'Ile-de-France\ndu 1* janvier  2025  au 31 mars  2025\nLe pr\u00e9fet  de police,\nVu le code  des  transports,  notamment  ses articles  L. 2251-9,  R: *2250-2  et R. 2251-49  \u00e0\nR. 2251-52;\nVu le code  de la s\u00e9curit\u00e9  int\u00e9rieure,  notamment  son  article  L. 613-2  ;\nVu le d\u00e9cret  n\u00b0 2004-374  du 29 avril  2004  modifi\u00e9  relatif  aux  pouvoirs  des  pr\u00e9fets,  a\nl'organisation  et \u00e0 l'action  des  services  de l'Etat  dans  les r\u00e9gions  et d\u00e9partements  ;\nVu l'arr\u00eat\u00e9  du 28 septembre  2016  relatif  \u00e0 la formation  des  agents  des  services  internes  de\ns\u00e9curit\u00e9  de la SNCF  et de la RATP;\nVu le d\u00e9cret  du 20 juillet  2022  par lequel  M. Laurent  NUNEZ,  pr\u00e9fet,  coordonnateur  nationale\ndu renseignement  et de la lutte  contre  le terrorisme,  est nomm\u00e9  pr\u00e9fet  de police  (hors  classe)  ;\nVu la saisine  en date  du 26 d\u00e9cembre  2024  de la direction  de la s\u00fbret\u00e9  ferroviaire  de la Soci\u00e9t\u00e9\nnationale  des  chemins  de fer fran\u00e7ais  (SNCF);\nConsid\u00e9rant  que,  en application  de l'article  R. 2251-52  du code  des  transports  et dans  les\nconditions  pr\u00e9vues  par  l'article  R. *2250-2  du m\u00eame  code,  les agents  du service  interne  de\ns\u00e9curit\u00e9  de la Soci\u00e9t\u00e9  nationale  des  chemins  de fer fran\u00e7ais  ne peuvent  r\u00e9aliser  des  palpations\nde s\u00e9curit\u00e9  dans  les gares,  stations,  arr\u00eats  et v\u00e9hicules  de transports  que  dans  les limites  de la\ndur\u00e9e  et des  lieux  ou cat\u00e9gories  de lieux  d\u00e9termin\u00e9s  par  l'arr\u00eat\u00e9  constatant  les circonstances\nparticuli\u00e8res  li\u00e9es  \u00e0 l'existence  de menaces  graves  pour  la s\u00e9curit\u00e9  publique  mentionn\u00e9es  \u00e0\nl'article  L. 613-2  du code  de la s\u00e9curit\u00e9  int\u00e9rieure;  que  pour  les transports  en commun  de\nvoyageurs  par  voie  ferr\u00e9e  de la r\u00e9gion  d'Ile-de-France  cet  arr\u00eat\u00e9  est pris  par  le pr\u00e9fet  de police  ;\nConsid\u00e9rant  que  suite  a la revendication  de l'attentat  de Moscou  par  l'organisation  Etat\nislamique  et compte  tenu  des  menaces  qui p\u00e8sent  sur le territoire  national,  le plan  Vigipirate  a\n\u00e9t\u00e9  rehauss\u00e9  par  le Premier  ministre  \u00e0 son  niveau  sommital  \u00ab urgence  attentat  \u00bb le 24 mars  2024  ;\nque  le durcissement  de la posture  Vigipirate  associ\u00e9  \u00e0 l'\u00e9volution  de l'\u00e9tat  de la menace  en\nFrance  fait  porter  un effort  plus  particulier  sur la s\u00e9curit\u00e9  des  transports  ;\nConsid\u00e9rant  que  certaines  gares,  stations  et lignes  de transport  en Ile-de-France  font  l'objet\nd'une  tr\u00e8s  forte  affluence  de voyageurs  et desservent  des  lieux  particuli\u00e8rement  expos\u00e9s  \u00e0 des\nrisques  de vol et divers  trafics  ;que  des  violences  sont  r\u00e9guli\u00e8rement  commises  \u00e0 l'int\u00e9rieur  des\ninstallations  ferroviaires,  caract\u00e9ris\u00e9es  notamment  par  des  rixes  et le port  d'armes  prohib\u00e9es  ;\nque  ces  faits  repr\u00e9sentent  un danger  important  pour  les usagers  ; que  des  mesures  doivent  \u00eatre\nprises  pour  lutter  contre  ces  ph\u00e9nom\u00e8nes  ;\n\nConsid\u00e9rant  que  cette  situation  caract\u00e9rise  les circonstances  particuli\u00e8res  li\u00e9es  \u00e0 l'existence  de\nmenaces  graves  pour  la s\u00e9curit\u00e9  publique  mentionn\u00e9es  \u00e0 l'article  L.613-2  du code  de la s\u00e9curit\u00e9\nint\u00e9rieure  ;\nConsid\u00e9rant  en outre  que  les forces  de s\u00e9curit\u00e9  int\u00e9rieure,  fortement  mobilis\u00e9es  pour  assurer\nla s\u00e9curisation  g\u00e9n\u00e9rale  de la r\u00e9gion  d'Ile-de-France  dans  un contexte  de menace  terroriste\nparticuli\u00e8rement  \u00e9lev\u00e9,  ne sauraient  assurer  seules  les contr\u00f4les  sp\u00e9cifiques  n\u00e9cessaires  \u00e0 la\ns\u00e9curit\u00e9  des  usagers  de la SNCF,  qui rel\u00e8ve  au premier  chef  de la responsabilit\u00e9  de l'exploitant  ;\nConsid\u00e9rant  ainsi  qu'il  appartient  \u00e0 l'autorit\u00e9  de police  comp\u00e9tente  de prendre  les mesures\nadapt\u00e9es,  n\u00e9cessaires  et proportionn\u00e9es  visant  \u00e0 garantir  la s\u00e9curit\u00e9  des  personnes  et des  biens  ;\nqu'une  mesure  autorisant  les agents  habilit\u00e9s  du service  interne  de s\u00e9curit\u00e9  de la SNCF  \u00e0\nproc\u00e9der  du 1\u00b0 janvier  2025  au 31 mars  2025  inclus  \u00e0 des  palpations  de s\u00e9curit\u00e9  dans  des  gares\net stations  d'Ile-de-France  identifi\u00e9es  ainsi  que  dans  les v\u00e9hicules  de transport  les desservant\nr\u00e9pond  \u00e0 ces  objectifs  ;\nARRETE  :\nArticle  1\u00b0\": Les agents  habilit\u00e9s  du service  interne  de s\u00e9curit\u00e9  de la Soci\u00e9t\u00e9  nationale  des  chemins\nde fer fran\u00e7ais  peuvent  proc\u00e9der,  outre  \u00e0 l'inspection  visuelle  des  bagages  \u00e0 main  et, avec  le\nconsentement  de leur  propri\u00e9taire,  \u00e0 leur  fouille,  \u00e0 des  palpations,  du mercredi  1\u00b0 janvier  2025\nau lundi  31 mars  2025  inclus,  dans  l'enceinte  des  stations  et gares  list\u00e9es  \u00e0 l'annexe  2 du pr\u00e9sent\narr\u00eat\u00e9  ainsi  que  dans  les v\u00e9hicules  de transport  les desservant.\nArticle  2 - Le pr\u00e9fet  des  Hauts-de-Seine,  le pr\u00e9fet  de Seine-Saint-Denis,  le pr\u00e9fet  du\nVal-de-Marne,  le pr\u00e9fet  de Seine-et-Marne,  le pr\u00e9fet  des  Yvelines,  la pr\u00e9f\u00e9te  de l'Essonne,  le\npr\u00e9fet  du Val-d'Oise,  la pr\u00e9f\u00e8te,  directrice  du cabinet  du pr\u00e9fet  de police,  et le pr\u00e9sident  de la\nSoci\u00e9t\u00e9  nationale  des  chemins  de fer fran\u00e7ais  sont  charg\u00e9s,  chacun  en ce qui le concerne,  de\nl'ex\u00e9cution  du pr\u00e9sent  arr\u00eat\u00e9  qui entrera  en vigueur  d\u00e8s  son  affichage  aux  portes  de la\npr\u00e9fecture  de police,  sera  publi\u00e9  aux  recueils  administratifs  du d\u00e9partement  de Paris  et des\npr\u00e9fectures  des  Hauts-de-Seine,  de la Seine-Saint-Denis,  du Val-de-Marne,  de la Seine-et-Marne,\ndes  Yvelines,  de l'Essonne,  du Val-d'Oise,  et consultable  sur le site  internet  de la pr\u00e9fecture  de\npolice  (https://www.prefecturedepolice.interieur.gouv.fr).\nFait \u00e0 Paris,  le 30 duos  Jo sb\nLaurent  NUNEZ\nJopu-oif\u00e9u\n\nAnnexe  1 de l'arr\u00eat\u00e9  n\u00b0 lof  -O(964  du 30 coma  & sot  Q\nVOIES  ET DELAIS  DE RECOURS\nSi vous  estimez  devoir  contester  le pr\u00e9sent  arr\u00eat\u00e9,  il vous  est possible,  dans  un d\u00e9lai\nde deux  mois  \u00e0 compter  de la date  de son  affichage  ou de sa publication  au recueil  des  actes\nadministratifs  du d\u00e9partement  de Paris  :\n- soit  de saisir  d'un  RECOURS  GRACIEUX\nle Pr\u00e9fet  de Police\n7/9,  boulevard  du Palais  - 75195  PARIS  RP\n- ou de former  un RECOURS  HIERARCHIQUE\naupr\u00e8s  du Ministre  de l'int\u00e9rieur\nDirection  des  libert\u00e9s  publiques  et des  affaires  juridiques\nplace  Beauvau  - 75008  PARIS\n- soit  de saisir  d'un  RECOURS  CONTENTIEUX\nle Tribunal  administratif  comp\u00e9tent\nAucune  de ces  voies  et recours  ne suspend  l'application  de la pr\u00e9sente  d\u00e9cision.\nLes  recours  GRACIEUX  et HIERARCHIQUE  doivent  \u00eatre  \u00e9crits,  exposer  les arguments\nou faits  nouveaux  et comprendre  la copie  de l'arr\u00eat\u00e9  contest\u00e9.\nLe recours  CONTENTIEUX,  qui  vise  \u00e0 contester  la LEGALITE  de la pr\u00e9sente  d\u00e9cision,\ndoit  \u00e9galement  \u00eatre  \u00e9crit  et exposer  votre  argumentation  juridique.\nSi vous  n'aviez  pas  de r\u00e9ponse  \u00e0 votre  recours  GRACIEUX  ou HIERARCHIQUE  dans  un\nd\u00e9lai  de deux  mois  \u00e0 compter  de la r\u00e9ception  de votre  recours  par  l'administration,  votre\ndemande  devra  \u00eatre  consid\u00e9r\u00e9e  comme  rejet\u00e9e  (d\u00e9cision  implicite  de rejet).\nEn cas  de rejet  des  recours  GRACIEUX  ou HIERARCHIQUE,  le Tribunal  administratif\npeut  \u00eatre  saisi  d'un  recours  contentieux  dans  le d\u00e9lai  de deux  mois  \u00e0 compter  de la date  de la\nd\u00e9cision  de rejet.\n\nAnnexe  2 de l'arr\u00eat\u00e9  n\u00b0 Jaz  - OI VEY du 30 La' cobs  re WD Lu\nLigne  A Ach\u00e8res-Grand-Cormier\nAch\u00e8res-Ville\nNeuville-Universit\u00e9\nCergy-le-Haut\nCergy-Saint-Christophe\nConflans-fin-d'Oise  (bas+haut)\nMaisons-Laffitte\nNanterre-Universit\u00e9  *\nPoissy\nCergy-Pr\u00e9fecture\nHouilles-Carri\u00e8res-sur-Seine\nSartrouville\nLigne  B Parc  des  Expositions\nBlanc-Mesnil  (Le)\nVilleparisis-Mitry-le-Neuf\nVillepinte\nA\u00e9roport  Charles  de Gaulle  1\nA\u00e9roport  Charles  de Gaulle  2 TGV\nBourget  (Le)\nCourneuve-Aubervilliers  (La)\nDrancy\nSevran-Beaudottes\nSevran-Livry\nVert-Galant\nPlaine  Stade  de France  (La)\nParis  Nord\nLigne  C Ablon\nArdoines  (Les)\nArpajon\nAthis-Mons\nBi\u00e8vres\nBouray\nBr\u00e9tigny\nBreuillet-Bruy\u00e8res-le-Ch\u00e2tel\nBreuillet-Village\nChamarande\nChemin-d'Antony\nChoisy-le-Roi\nDourdan\nDourdan-la-For\u00eat\nEgly\nEpinay-sur-Orge\nEtampes\nEtr\u00e9chy\nIgny\n\nIvry-sur-Seine\nJouy-en-Josas\nJuvisy\nLardy\nMarolles-en-Hurepoix\nMassy-Palaiseau\nMassy-Verri\u00e9res\nNorville-Saint-Germain-les-Arpajon  (La)\nOrly-Ville\nPetit-Jouy-les-Loges\nPont-de-Rungis-A\u00e9roport-d'Orly\nRungis-la-Fraternelle\nSaint-Ch\u00e9ron\nSainte-Genevi\u00e8ve-des-Bois\nSaint-Martin-d'Etampes\nSaint-Michel-sur-Orge\nSaules  (Les)\nSavigny-sur-Orge\nSermaise\nVauboyen\nVilleneuve-le-Roi\nVitry-sur-Seine\nAvenue  du Pr\u00e9sident  Kennedy\nAvenue  Foch\nAvenue  Henri-Martin\nBoulainvilliers\nChaville-V\u00e9lizy\nEpinay-sur-Seine\nGennevilliers\nGr\u00e9sillons  (Les)\nIssy\nJavel\nMeudon  Val-Fleury\nPont  de l'Alma\nPont  du Garigliano  - H\u00f4pital  Europ\u00e9en  Georges\nPompidou\nPorchefontaine\nPorte  de Clichy\nSaint-Gratien\nSaint-Ouen\nChamp  de Mars  - Tour  Eiffel  Bir Hakeim\nInvalides\nIssy  Val-de-Seine\nMus\u00e9e  d'Orsay\nNeuilly-Porte  Maillot\nP\u00e9reire-Levallois\nVersailles  Chateau  Rive  Gauche\n\nBibliotheque  Francois  Mitterrand\nParis  Austerlitz\nSaint-Michel-Notre-Dame  .\nCernay\nPierrelaye\nSaint-Ouen-l'Aum\u00e9ne\nSaint-Ouen-l'Aum\u00f4ne-Liesse\nFranconville-Le  Plessis-Bouchard\nMontigny-Beauchamp\nPontoise\nErmont-Eaubonne\nSaint-Cyr\nViroflay  Rive  Gauche\nSaint-Quentin-en-Yvelines\nVersailles-Chantiers\nLigne  D Juvisy\nBallancourt\nBoigneville\nBoissise-le-Roi\nBoussy-Saint-Antoine\nBoutigny\nBras-de-Fer  Evry  G\u00e9nopole  (Le)\nBrunoy\nBuno-Gironville\nCesson\nCombs-la-Ville-Quincy\nCorbeil-Essonnes\nCoudray-Montceaux  (Le)\nCr\u00e9teil  Pompadour\nEssonnes-Robinson\nEvry  Val de Seine\nEvry-Courcouronnes  Centre\nFert\u00e9-Alais  (La)\nGarges-Sarcelles\nGoussainville\nGrand-Bourg\nGrigny-Centre\nLieusaint-Moissy\nLouvres\nMaisons-Alfort-Alfortville\nMaisse\nM\u00e9e  (Le)\nMelun\n| Mennecy\nMontgeron-Crosne\nMoulin-Galant\nLo Lu - of(864\n\nNoues  (Les)\nOrangis-Bois-de-l'Epine\nPierrefitte-Stains\nPlessis-Chenet  (Le)\nPonthierry-Pringy\nRis-Orangis\nSaint-Fargeau\nSavigny-le-Temple-Nandy\nStade  de France  Saint-Denis\nSurvilliers-Fosses\nVert-de-Maisons  (Le)\nVigneux-sur-Seine\nVillab\u00e9\nVilleneuve-Saint-Georges\nVilleneuve-Triage\nVilliers-le-Bel-Gonesse-Arnouville\nViry-Chatillon\nVosves\nYerres\nSaint-Denis\nLigne  E Gretz-Armainvilliers\nYvris-Noisy-le-Grand  (Les)\nBondy\nBoullereaux-Champigny  (Les)\nCh\u00e9nay-Gagny  (Le)\nLa D\u00e9fense  Grande  Arche\nEmerainville-Pontault-Combault\nGagny\nHaussmann-Saint-Lazare\nMagenta\nNanterre  la Folie\nNeuilly  Porte  Maillot  Palais  des  Congr\u00e9s\nNogent-le-Perreux\nNoisy-le-Sec\nOzoir-la-Ferri\u00e9re\nPantin\nRaincy-Villemomble-Montfermeil  (Le)\nRoissy-en-Brie\nRosa  Parks\nRosny-Bois-Perrier\nRosny-sous-Bois\nVal-de-Fontenay\nVilliers-sur-Marne-Le  Plessis-Tr\u00e9vise\nChelles-Gournay\nTournan\nLigne  H Auvers-sur-Oise\nVoL  a-olI\u00e9EG\n\nBelloy-Saint-Martin\nBessancourt\nBruy\u00e8res-sur-Oise\nChampagne-sur-Oise\nChaponval\nEpluches\nFr\u00e9pillon\nLuzarches\nM\u00e9riel\nM\u00e9ry-sur-Oise\nNointel-Mours\nPont-Petit\nPresles-Courcelles\nSeugy\nVaucelles\nViarmes\nVillaines\nBarre-Ormesson  (La)\nBouff\u00e9mont-Moisselles\nCernay\nChamp  de Courses  d'Enghien\nDeuil-Montmagny\nDomont\nEcouen-Ezanville\nErmont-Halte\nGroslay\nGros-Noyer-Saint-Prix\nIsle-Adam-Parmain  (L')\nMontsoult-Maffliers\nPersan-Beaumont\nPierrelaye\nSaint-Leu-la-For\u00e9t\nSaint-Ouen-l'Aum\u00f4ne\nSaint-Ouen-l'Aum\u00f4\u00eane-Liesse\nTaverny\nValmondois\nEnghien-les-Bains\nEpinay-Villetaneuse\nFranconville-Le  Plessis-Bouchard\nMontigny-Beauchamp\nPontoise\nSarcelles-Saint-Brice\nErmont-Eaubonne\nSaint-Denis\nParis  Nord\nligne  J Saint-Ouen-l'Aum\u00f4ne-Eglise\nfou  -O18e  4\n\nPontoise\nErmont-Eaubonne\nAch\u00e9res-Grand-Cormier\nConflans-fin-d'Oise  (bas+haut)\nMaisons-Laffitte\nPoissy\nAsni\u00e9res-sur-Seine\nHouilles-Carri\u00e9res-sur-Seine\nSartrouville\nAndr\u00e9sy\nBoissy-l'Aillerie\nBonni\u00e8res\nChanteloup-les-Vignes\nChars\nClairi\u00e8res  de Verneuil  (Les)\nEragny-Neuville\nGargenville\nIssou-Porcheville\nJuziers\nLimay\nMaurecourt\nMeulan-Hardricourt\nMontgeroult-Courcelles\nOsny\nRosny-sur-Seine\nSanteuil-le-Perchay\nThun-le-Paradis\nTriel-sur-Seine\nUs\nVaux-sur-Seine\nVillennes-sur-Seine\nAubergenville-Elisabethville\nCormeilles-en-Parisis\nEp\u00f4ne-M\u00e9zi\u00e8res\nFrette  Montigny  (La)\nHerblay\nMantes-Station\nMureaux  (Les)\nSannois\nStade  (Le)\nVernouillet-Verneuil\nBois-Colombes\nColombes\nConflans-Sainte-Honorine\nMantes-la-Jolie\nVal-d'Argenteuil\n\nArgenteuil\nParis  Saint-Lazare\nLigne  K Compans\nThieux-Nantouillet\nMitry-Claye\nDammartin-Juilly-Saint-Mard\nAulnay-sous-Bois\nParis  Nord\nLigne  L Etang-la-Ville  (L')\nAch\u00e8res-Ville\nBougival\nCelle-Saint-Cloud  (La)\nChaville  Rive  Droite\nCourbevoie\nGarches-Marnes-la-Coquette  :\nGarenne-Colombes  (La)\nLouveciennes\nMarly-le-Roi\nMontreuil\nNeuville-Universit\u00e9\nPuteaux\nSaint-Nom-la-Bret\u00e9che  For\u00e9t  de Marly\nS\u00e8vres-Ville-d'Avray\nSuresnes-Mont-Val\u00e9rien\nVal-d'Or  (Le)\nVall\u00e9es  (Les)\nVaucresson\nViroflay  Rive  Droite\nCergy-le-Haut\nCergy-Saint-Christophe\nConflans-fin-d'Oise  (bas+haut)\nMaisons-Laffitte\nNanterre-Universit\u00e9  *\nPont-Cardinet\nSaint-Cloud\nVersailles  Rive  Droite\nAsni\u00e8res-sur-Seine\nB\u00e9con-les-Bruy\u00e8res\nCergy-Pr\u00e9fecture\nClichy-Levallois\nHouilles-Carri\u00e8res-sur-Seine\nSartrouville\nD\u00e9fense  (La)\nParis  Saint-Lazare\nLigne  N Beynes\nCoigni\u00e8res\nLOL  -O{\u00a5 6 (10\n\nGaranci\u00e8res-la-Queue\nMareil-sur-Mauldre\nMaule\nMontfort-l'Amaury-M\u00e9r\u00e9\nN\u00e9zel-Aulnay\nOrgerus-B\u00e9houst\n| Perray  (Le)\nTacoigni\u00e8res-Richebourg\nVilliers-Neauphles-Pontchartrain\nBellevue\nChaville  Rive  Gauche\nClamart\nEssarts-le-Roi  (Les)\nFontenay-le-Fleury\nHoudan\nMeudon\nPlaisir-Grignon\nPlaisir-les-Clayes\nS\u00e8vres  Rive  Gauche\nTrappes\nVanves-Malakoff\nVillepreux-les-Clayes\nRambouillet\nSaint-Cyr\nVerri\u00e8re  (La)\nViroflay  Rive  Gauche\nSaint-Quentin-en-Yvelines\nVersailles-Chantiers\nParis  Montparnasse\nEp\u00f4ne-M\u00e9zi\u00e8res\nMantes-Station\nMantes-la-Jolie\nLigne  P Longueville\nMarles-en-Brie\nMormant\nNanteuil-Saacy\nProvins\nVerneuil-l'Etang\nCoulommiers\nFert\u00e9-sous-Jouarre  (La)\nGretz-Armainvilliers\nNangis\nTrilport\nLagny  - Thorigny\nChampbenoist-Poigny\nChangis-Saint-Jean\n11\n\nChelles-Gournay\nCouilly-Saint-Germain-Quincy\nCr\u00e9cy-la-Chapelle\nCrouy-sur-Ourcq\nEsbly\nFaremoutiers-Pommeuse\nGu\u00e9rard-La  Celle-sur-Morin\nIsles-Armenti\u00e9res-Congis\nLizy-sur-Ourcq\nMeaux\nMontry-Cond\u00e9\nMortcerf\nMouroux\nParis  Est\nSainte-Colombe-Septveilles\nTournan\nVaires-Torcy\nVilliers-Montbarbin\nLigne  R Bagneaux-sur-Loing\nBois-le-Roi\nBourron-Marlotte-Grez\nChampagne-sur-Seine\nChartrettes\nFontainebleau-Avon\nFontaine-le-Port\nGrande  Paroisse  (La)\nH\u00e9ricy\nLivry-sur-Seine\nMelun\nMontereau\nMontigny-sur-Loing\nMoret-Veneux-les-S\nNemours-Saint-Pierre\nParis  Gare  de Lyon\nSaint-Mamm\u00e8s\nSouppes-Ch\u00e2teau-Landon\nThomery\nVernou-sur-Seine\nVulaines-sur-Seine-Samoreau\nLigne  U Trappes\nSaint-Cyr\nVerri\u00e8re  (La)\nSaint-Quentin-en-Yvelines\nVersailles-Chantiers\nLigne  T4 Bondy\nLa Remise  \u00e0 Jorelle\nfo l4u-ol8e%12\n\nLes Coquetiers\nAll\u00e9e  de la Tour  Rendez  Vous\nLes Pavillons  sou  Bois\nGargan\nLyc\u00e9e  Henri  Sellier\nL'Abbaye\nFreinville  Sevran\nRougemont  Chanteloup\nAulnay  Sous  Bois\nR\u00e9publique  marx  Dormoy\nL\u00e9on  Blum\nMaurice  Audin\nClichy  Sous  Bois  Mairie\nRomain  Rolland\nClichy  Montfermeil\nNotre  Dame  des  Anges\nArboretum\nHopital  de Montfermeil\nLigne  T11 Epinay  sur Seine\nEpinay  Villetaneuse  Montmagny\nVilletaneuse  Universit\u00e9\nPierrefitte  Stains\nStains  la Cerisaie\nDugny  la Courneuve  Parc  Georges  Valbon\nLe Bourget\nLigne  T12. Massy  Palaiseau\nMassy  Europe\nChamplan\nLongjumeau\nChilly  Mazarin\nGravigny  Balizy\nPetit  Vaux\nEpinay  sur Orge\nParc  du Chateau\nCoteaux  de l'Orge\nAm\u00e9d\u00e9e  Gordini\nFerme  Neuve\nBois  de Saint-Eutrope\nTrait\u00e9  de Rome\nBois  Briard\nEvry  Courcouronnes\nLigne  T13 Saint-Germain  en Laye\nCamp  des  Loges\nLisi\u00e8re  Pereire\nFourqueux  Bel Air\nMareil  Marly\nlofu-cI\u00ff\u00e9eu13\n\nL'Etang  Les  Sablons\nSaint  Nom  la Bret\u00e9che  For\u00e9t  de Marly\nNoisy  le Roi\nBailly\nAll\u00e9e  Royale\nLes Portes  de Saint  Cyr\nSaint  Cyr\nGares\nParisiennesGare  de Montparnasse\nGare  de Montparnasse-Vaugirard\nGarde  Marne  la Vall\u00e9e  Chessy\nGare  de Roissy  Charles  de Gaulle  2 TGV\nGare  du Nord\nGare  de l'Est\nGare  de Saint  Lazare\nGare  de Lyon\nGare  de Bercy  - Bourgogne-Pays  d'Auvergne\nGare  de Massy-Palaiseau  TGV\nGare  d'Austerlitz\nLOL 4- O96 414\n\nEs\nPREFECTURE\nDE POLICE\nLibert\u00e9\n\u00c9galit\u00e9\nFraternit\u00e9Cabinet  du pr\u00e9fet\narr\u00eat\u00e9 n\u00b0 2025-00002\naccordant  d\u00e9l\u00e9gation  de la signature  pr\u00e9fectorale  \u00e0 la pr\u00e9f\u00e8te  d\u00e9l\u00e9gu\u00e9e  \u00e0 l'immigration\net aux  agents  affect\u00e9s  au sein  de la d\u00e9l\u00e9gation  \u00e0 l'immigration\nLe pr\u00e9fet  de police,\nVU le code  de l'entr\u00e9e  et du s\u00e9jour  des  \u00e9trangers  et du droit  d'asile,  notamment  ses articles  R* 122-1  et\nR*122-4;\nVU le d\u00e9cret  n\u00b0 93-1362  du 30 d\u00e9cembre  1993  modifi\u00e9  relatif  aux  d\u00e9clarations  de nationalit\u00e9,  aux\nd\u00e9cisions  de naturalisation,  de r\u00e9int\u00e9gration,  de perte,  de d\u00e9ch\u00e9ance  et de retrait  de la nationalit\u00e9\nfran\u00e7aise  ;\nVU le d\u00e9cret  n\u00b0 94-415  du 24 mai  1994  modifi\u00e9  portant  dispositions  statutaires  relatives  aux  personnels\ndes  administrations  parisiennes,  et notamment  son  article  14;\nVU le d\u00e9cret  n\u00b0 2004-374  du 29 avril  2004  modifi\u00e9  relatif  aux  pouvoirs  des  pr\u00e9fets,  \u00e0 l'organisation  et \u00e0\nl'action  des services  de l'\u00c9tat  dans  les r\u00e9gions  et d\u00e9partements,  notamment  ses articles  17, 73-3  et 77 \u00a7\nVU le d\u00e9cret  n\u00b0 2006-1780  du 23 d\u00e9cembre  2006  modifi\u00e9  portant  d\u00e9l\u00e9gation  de pouvoir  en mati\u00e9re  de\nrecrutement  et de gestion  de certains  personnels  relevant  du minist\u00e8re  de l'int\u00e9rieur  ;\nVU le d\u00e9cret  n\u00b0 2010-655  du 11 juin  2010  modifi\u00e9  relatif  au pr\u00e9fet  d\u00e9l\u00e9gu\u00e9  pour  la s\u00e9curit\u00e9  et la s\u00fbret\u00e9\ndes  plates-formes  a\u00e9roportuaires  de Roissy-Charles-de-Gaulle  et du Bourget,  notamment  son\narticle  1\u00b0 ;\nVU le d\u00e9cret  n\u00b0 2021-480  du 21 avril  2021  relatif  \u00e0 l'organisation  de l'entr\u00e9e  et du s\u00e9jour  des  \u00e9trangers\net de l'asile  dans  les d\u00e9partements  de l'Essonne,  des  Hauts-de-Seine,  de Paris,  de la Seine-et-Marne,  de\nla Seine-Saint-Denis,  du Val-de-Marne,  du Val-d'Oise  et des  Yvelines,  notamment  son  article  2 .\nVU le d\u00e9cret  n\u00b0 2021-481  du 21 avril  2021  relatif  au pr\u00e9fet  d\u00e9l\u00e9gu\u00e9  \u00e0 l'immigration  aupr\u00e8s  du pr\u00e9fet  de\npolice  et \u00e0 l'organisation  de la police  aux  fronti\u00e8res  dans  les d\u00e9partements  de l'Essonne,  de la Seine-et-\nMarne,  du Val-d'Oise  et des  Yvelines  ainsi  que  sur les emprises  des  a\u00e9roports  de Paris-Charles-de-Gaulle,\ndu Bourget  et de Paris-Orly,  notamment  son  article  1\u00b0 ;\nVU le d\u00e9cret  n\u00b0 2021-482  du 21 avril  2021  pris  pour  la mise  en \u0153uvre  des  comp\u00e9tences  du pr\u00e9fet\nd\u00e9l\u00e9gu\u00e9  \u00e0 l'immigration  aupr\u00e8s  du pr\u00e9fet  de police  et de l'organisation  de la police  aux  fronti\u00e8res  dans\nles d\u00e9partements  de l'Essonne,  de la Seine-et-Marne,  du Val d'Oise  et des  Yvelines  ainsi  que  sur les\nemprises  des  a\u00e9roports  de Paris-Charles-de-Gaulle,  du Bourget  et de Paris-Orly  ;\nVU  l'arr\u00eat\u00e9  pr\u00e9fectoral  n\u00b0 2009-00641  du 7 ao\u00fbt  2009  modifi\u00e9  relatif  \u00e0 l'organisation  de la pr\u00e9fecture  de\npolice  ;\nVU l'arr\u00eat\u00e9  pr\u00e9fectoral  n\u00b0 2023-01288  du 23 octobre  2023  relatif  au pr\u00e9fet  d\u00e9l\u00e9gu\u00e9  \u00e0 l'immigration  et\naux  services  de la pr\u00e9fecture  de police  plac\u00e9s  sous  sa direction  pour  l'exercice  de ses attributions  :\nVU le d\u00e9cret  du 20 juillet  2022  par  lequel  M. Laurent  NUNEZ,  pr\u00e9fet,  coordonnateur  national  du\nrenseignement  et de la lutte  contre  le terrorisme,  est nomm\u00e9  pr\u00e9fet  de police  (hors  classe)  :\nVU le d\u00e9cret  du 13 juillet  2023  par lequel  Mme  Mireille  LARR\u00c8DE,  pr\u00e9f\u00e8te  du Lot,  est nomm\u00e9e  pr\u00e9f\u00e8te\nd\u00e9l\u00e9gu\u00e9e  \u00e0 l'immigration  aupr\u00e8s  du pr\u00e9fet  de police,  \u00e0 compter  du 21 ao\u00fbt  2023;\n\nVU l'arr\u00eat\u00e9  du 9 f\u00e9vrier  2024  par lequel  Mme  Pascale  PIN,  administratrice  de l'Etat  du deuxi\u00e8me  grade,\nest nomm\u00e9e  dans  les fonctions  de cheffe  du service  de l'administration  des \u00e9trangers,  adjointe  \u00e0 la\npr\u00e9f\u00e8te  d\u00e9l\u00e9gu\u00e9e  \u00e0 l'immigration  \u00e0 la pr\u00e9fecture  de police  ;\nVU l'arr\u00eat\u00e9  du 12 janvier  2023  par lequel  M. Jean-Daniel  MONTET-JOURDRAN,  administrateur  de l'Etat\ndu deuxi\u00e8me  grade,  est nomm\u00e9  sous-directeur  du s\u00e9jour  et de l'acc\u00e8s  \u00e0 la nationalit\u00e9  au sein  du service\nde l'administration  des  \u00e9trangers  \u00e0 la d\u00e9l\u00e9gation  \u00e0 l'immigration  de la pr\u00e9fecture  de police  ;\nSUR  proposition  de la pr\u00e9f\u00e8te,  directrice  de cabinet,\nARR\u00caTE\nArticle  1\u00b0\nD\u00e9l\u00e9gation  de signature  est donn\u00e9e  \u00e0 Mme  Mireille  LARR\u00c8DE,  pr\u00e9f\u00e8te  d\u00e9l\u00e9gu\u00e9e  \u00e0 l'immigration,  \u00e0 l'effet\nde signer,  au nom  du pr\u00e9fet  de police,  tous  actes,  arr\u00eat\u00e9s,  d\u00e9cisions  et pi\u00e8ces  comptables  n\u00e9cessaires  \u00e0\nl'exercice  des  missions  fix\u00e9es  par  les articles  R*122-1  et R* 122-4  du code  de l'entr\u00e9e  et du s\u00e9jour  des\n\u00e9trangers  et du droit  d'asile,  73-3  du d\u00e9cret  du 29 avril  2004  susvis\u00e9  et 1\u00b0 du d\u00e9cret  n\u00b0 2021-481  du\n21 avril  2021  susvis\u00e9  et l'arr\u00eat\u00e9  du 23 octobre  2023  susvis\u00e9,  ainsi  que  les d\u00e9cisions  individuelles  relatives\n\u00e0 l'octroi  des  cong\u00e9s  annuels  et de maladie  ordinaire  des  personnels  relevant  de son  autorit\u00e9.\nMme  Mireille  LARR\u00c8DE  re\u00e7oit  d\u00e9l\u00e9gation  pour  signer,  au nom  du pr\u00e9fet  de police,  les arr\u00eat\u00e9s\nd'avertissement  et de bl\u00e2me  inflig\u00e9s  aux  personnels  administratifs,  techniques,  scientifiques  et\nsp\u00e9cialis\u00e9s  plac\u00e9s  sous  sa responsabilit\u00e9.\nArticle  2\nEn cas d'absence  ou d'emp\u00e9chement  de Mme  Mireille  LARREDE,  la d\u00e9l\u00e9gation  qui lui est consentie  \u00e0\nl'article  1\u00b0' est exerc\u00e9e  par Mme  Pascale  PIN,  administratrice  de l'\u00c9tat  du deuxi\u00e8me  grade,  cheffe  du\nservice  de l'administration  des  \u00e9trangers,  adjointe  \u00e0 la pr\u00e9f\u00e8te  d\u00e9l\u00e9gu\u00e9e  \u00e0 l'immigration  \u00e0 la pr\u00e9fecture\nde police  et, dans  la limite  de ses attributions,  par  Mme  St\u00e9phanie  MARTIN-HUGUET,  commissaire\ndivisionnaire  de police,  directrice  de cabinet.\nEn cas d'absence  ou d'emp\u00eachement  de Mme  Mireille  LARREDE,  Mme  Pascale  PIN re\u00e7oit  d\u00e9l\u00e9gation\npour  signer  les d\u00e9cisions  individuelles  relatives  \u00e0 l'octroi  des  cong\u00e9s  annuels  et de maladie  des\npersonnels  relevant  de son  autorit\u00e9.\nArticle  3\nEn cas d'absence  ou d'emp\u00eachement  de Mme  Mireille  LARREDE  et de Mme  Pascale  PIN,  la d\u00e9l\u00e9gation\nqui leur  est consentie  est exerc\u00e9e,  dans  la limite  de leurs  attributions  respectives,  par  :\n- M. Jean-Daniel  MONTET-JOURDRAN,  administrateur  de l'\u00c9tat  hors  classe,  sous-directeur  du\ns\u00e9jour  et de l'acc\u00e8s  \u00e0 la nationalit\u00e9  ;\n- M. Christian  VEDELAGO,  administrateur  de l'\u00c9tat,  chef  du d\u00e9partement  zonal  de l'asile  et de\nl'\u00e9loignement  ;\n- Mme  Marie-Caroline  SAILLY,  attach\u00e9e  principale  d'administration  de l'\u00c9tat,  cheffe  du bureau\ndes  relations  et des  ressources  humaines  ;\n- M. Damien  ROUX,  attach\u00e9  principal  d'administration  de l'\u00c9tat,  chef  du bureau  des affaires\nfinanci\u00e9res,  immobili\u00e9res  et logistiques  ;\n- Mme  Sylvia  VITERITTI,  ing\u00e9nieure  principale  des  syst\u00e8mes  d'information  et de communication,\ncheffe  du bureau  de l'accompagnement  et de la transformation  num\u00e9riques  ;\n- Mme  Farah  RAHMOUN,  attach\u00e9e  principale  d'administration  de l'Etat,  cheffe  du bureau  du\nsoutien  juridique  et du contentieux.\n2025-09002\n\nArticle  4\nEn cas d'absence  ou d'emp\u00e9chement  de Mme  St\u00e9phanie  MARTIN-HUGUET,  la d\u00e9l\u00e9gation  qui lui est\nconsentie  est exerc\u00e9e,  dans  la limite  de ses attributions,  par Mme  Anne-Claire  BEISSAT,  attach\u00e9e\nd'administration  de l'Etat,  adjointe  \u00e0 la cheffe  de la section  des  affaires  g\u00e9n\u00e9rales.\nArticle  5\nEn cas d'absence  ou d'emp\u00eachement  de M. Jean-Daniel  MONTET-JOURDRAN,  la d\u00e9l\u00e9gation  qui lui est\nconsentie  est exerc\u00e9e,  dans  la limite  de leurs  attributions  respectives,  par  :\n- Mme  Florence  CARTON,  conseill\u00e8re  d'administration  de l'int\u00e9rieur  et de l'outre-mer,  cheffe  du\np\u00f4le  de l'instruction  des  demandes  de titres  de s\u00e9jour  ;\n- Mme  Anne-Val\u00e9rie  LAUGIER,  attach\u00e9e  principale  d'administration  de l'\u00c9tat,  adjointe  au chef  du\np\u00f4le  de la relation  et du service  \u00e0 l'usager  ;\n- M. Christian  HAUSMANN,  conseiller  d'administration  de l'int\u00e9rieur  et de l'outre-mer,  chef  du\np\u00f4le  de l'acc\u00e8s  \u00e0 la nationalit\u00e9.\nArticle  6\nEn cas  d'absence  ou d'emp\u00eachement  de Mme  Florence  CARTON,  la d\u00e9l\u00e9gation  qui lui est consentie  est\nexerc\u00e9e,  dans  la limite  de ses attributions,  par  M. Fran\u00e7ois  LEMATRE,  attach\u00e9  d'administration  hors\nclasse  de l'Etat,  directement  plac\u00e9  sous  son  autorit\u00e9.\nArticle  7\nEn cas  d'absence  ou d'emp\u00eachement  de Mme  Florence  CARTON  et de M. Fran\u00e7ois  LEMATRE,  la\nd\u00e9l\u00e9gation  qui leur  est consentie  est exerc\u00e9e,  dans  la limite  de leurs  attributions  respectives,  par  :\n- Mme  Kim  MYARA,  attach\u00e9e  principale  d'administration  de l'\u00c9tat,  cheffe  de la division  de\nl'immigration  professionnelle  et \u00e9tudiante  ;\n- Mme  Zohra  BNOURRIF,  attach\u00e9e  d'administration  de l'\u00c9tat,  cheffe  de la division  de l'immigration\nfamiliale  ;\n- Mme  Lucie  MONTOY,  attach\u00e9e  d'administration  de l'Etat,  cheffe  de la division  de l'admission\nexceptionnelle  au s\u00e9jour  et de l'actualisation  des  situations  administratives  et de voyage  ;\n- Mme  lIh\u00e8me  MAZOUZI,  attach\u00e9e  d'administration  de l'\u00c9tat,  cheffe  de la division  de la r\u00e9daction\net des  examens  sp\u00e9cialis\u00e9s.\nArticle  8\nEn cas  d'absence  ou d'emp\u00eachement  de Mme  Kim  MYARA,  la d\u00e9l\u00e9gation  qui lui est consentie  est\nexerc\u00e9e,  dans  la limite  de ses attributions,  par  M. Ludovic  VAGUENER,  attach\u00e9  d'administration  de\nl'\u00c9tat,  directement  plac\u00e9  sous  son autorit\u00e9.\nArticle  9\nEn cas  d'absence  ou d'emp\u00eachement  de Mme  Zohra  BNOURRIF,  la d\u00e9l\u00e9gation  qui  lui est  consentie  est\nexerc\u00e9e,  dans  la limite  de ses attributions,  par  Mme  Christine  COULAIS,  attach\u00e9e  d'administration  de\nl'\u00c9tat,  directement  plac\u00e9e  sous  son autorit\u00e9.\nArticle  10\nEn cas d'absence  ou d'emp\u00eachement  de Mme  Lucie  MONTOY,  la d\u00e9l\u00e9gation  qui lui est consentie  est\nexerc\u00e9e,  dans  la limite  de ses attributions,  par  Mme  V\u00e9ronique  DE MATOS,  secr\u00e9taire  administrative  de\nclasse  exceptionnelle,  directement  plac\u00e9e  sous  son  autorit\u00e9.\nEn cas d'absence  ou d'emp\u00eachement  de Mme  Lucie  MONTOY  et de Mme  V\u00e9ronique  DE MATOS,  la\n2025-00002  \u00b0\n\nd\u00e9l\u00e9gation  qui  leur  est consentie  est exerc\u00e9e,  dans  la limite  de leurs  attributions  respectives,  par  :\n- Mme  Maria  AiT-AMER,  secr\u00e9taire  administrative  de classe  normale,  cheffe  de la section\nadmission  exceptionnelle,  pour  signer  les d\u00e9cisions  de refus  de s\u00e9jour,  les obligations  a quitter  le\nterritoire  fran\u00e7ais  et les courriers  de classement  sans  suite  relatifs  aux  demandes  :\no des  ressortissants  \u00e9trangers  qui d\u00e9posent  une  demande  dont  un des  motifs  est relatif  a\nl'admission  exceptionnelle  au s\u00e9jour  en application  des  dispositions  du chapitre  V du titre\nIll du livre  quatri\u00e8me  du code  de l'entr\u00e9e  et du s\u00e9jour  des  \u00e9trangers  et du droit  d'asile  ;\no des  ressortissants  alg\u00e9riens,  dont  un des  motifs  de la demande  est relatif  \u00e0 l'application\ndu 1) de l'article  6 l'accord  du 27 d\u00e9cembre  1968  entre  le gouvernement  de la R\u00e9publique\nfran\u00e7aise  et le gouvernement  de la R\u00e9publique  alg\u00e9rienne  d\u00e9mocratique  et populaire  relatif\n\u00e0 la circulation,  \u00e0 l'emploi  et au s\u00e9jour  des  ressortissants  alg\u00e9riens  et de leurs  familles  dit\n\u00abaccord  franco-alg\u00e9rien  \u00bb ;\n- M. Johnathan  SE, secr\u00e9taire  administratif  de classe  normale,  chef  de la section  actualisation  des\nsituations  administratives  et de voyage,  ou, en cas d'absence  ou d'emp\u00eachement  de M.\nJohnathan  SE, par  Mme  Monique  VERIN,  adjointe  administrative  principale  de 1*\u00b0 classe  et par\nM. R\u00e9gis  FAUCONNIER,  adjoint  administratif  principal  de 1** classe,  directement  plac\u00e9s  sous  son\nautorit\u00e9,  pour  signer  les classements  sans  suite  et les lettres  d'incompl\u00e9tude  relatifs  aux\ndemandes  de renouvellement  des  cartes  de r\u00e9sident  et des  certificats  de r\u00e9sidence  pour  alg\u00e9rien\nde 10 ans.\nArticle  11\nEn cas d'absence  ou d'emp\u00eachement  de Mme  Ilheme  MAZOUZI,  la d\u00e9l\u00e9gation  qui lui est consentie  est\nexerc\u00e9e  par  Mme  Alicia  MIGUEL,  attach\u00e9e  d'administration  de l'Etat,  adjointe  \u00e0 la cheffe  de la division\nde la r\u00e9daction  et des  examens  sp\u00e9cialis\u00e9s,  et dans  la limite  de leurs  attributions  respectives,  par :\n- Mme  Laurence  JADOUI,  secr\u00e9taire  administrative  de classe  normale,  cheffe  de la section\nr\u00e9daction,  ou en cas d'emp\u00eachement  de Mme  Laurence  JADOUI,  par Mme  Nabila  BEN  AZOUN  et\nMme  No\u00e9line  ETCHEBERRY,  secr\u00e9taires  administratives  de classe  normale,  adjointes  \u00e0 la cheffe\nde la section  r\u00e9daction,  pour  signer  les actes  suivants  :\no d\u00e9cisions  de refus  de s\u00e9jour  ;\no courriers  d'instruction  relatifs  aux  demandes  de titre  de s\u00e9jour  des  ressortissants\n\u00e9trangers;\no d\u00e9cisions  relatives  au regroupement  familial  ;\no courriers  d'instruction  relatifs  aux  demandes  d\u00e9pos\u00e9es  par  les mineurs  et jeunes\nmajeurs  isol\u00e9s  \u00e9trangers  confi\u00e9s  \u00e0 l'Aide  sociale  \u00e0 l'enfance.\n- Mme  M\u00e9lanie  GRASA,  secr\u00e9taire  administrative  de classe  normale,  cheffe  de la section\ncommission  des  titres  s\u00e9jour  et ordre  public,  ou en cas d'emp\u00eachement  de Mme  M\u00e9lanie  GRASA,\npar  Mme  Brigitte  DUPONT,  secr\u00e9taire  administrative  de classe  normale,  adjointe  \u00e0 la cheffe  de la\nsection  commission  des  titres  s\u00e9jour  et ordre  public,  pour  signer  les actes  suivants  :\no d\u00e9cisions  de refus  de s\u00e9jour  pour  motif  d'ordre  public  ;\n\u00a9 courriers  d'instruction  relatifs  aux  dossiers  devant  faire  l'objet  d'un  passage  devant  la\ncommission  du titre  de s\u00e9jour  ;\no courriers  d'instruction  relatifs  aux  demandes  de titre  d\u00e9pos\u00e9es  sur le fondement  des\narticles  L. 423-5,  L. 423-18  et L. 425-1  et suivants  du code  de l'entr\u00e9e  et du s\u00e9jour  des\n\u00e9trangers  et du droit  d'asile.\nArticle  12\nEn cas  d'absence  ou d'emp\u00eachement  de Mme  Anne-Val\u00e9rie  LAUGIER,  la d\u00e9l\u00e9gation  qui lui est consentie\nest exerc\u00e9e,  dans  la limite  de leurs  attributions  respectives,  par  :\n- Mme  V\u00e9ronique  CANOPE,  attach\u00e9e  d'administration  de l'\u00c9tat,  cheffe  de la division  de la\nr\u00e9ception  des  usagers  ;\nC25-00002\n\n- M. Landry  VARANDA,  attach\u00e9  d'administration  de l'Etat,  chef  de la division  de\nl'accompagnement  des  usagers.\nArticle  13\nEn cas  d'absence  ou d'emp\u00eachement  de Mme  V\u00e9ronique  CANOPE,  la d\u00e9l\u00e9gation  qui lui est consentie\nest exerc\u00e9e,  dans  la limite  de ses attributions,  par  Mme  Christine  MILLET,  secr\u00e9taire  administrative  de\nclasse  exceptionnelle,  directement  plac\u00e9e  sous  son  autorit\u00e9.\nArticle  14\nEn cas d'absence  ou d'emp\u00e9chement  de M. Landry  VARANDA,  la d\u00e9l\u00e9gation  qui lui est consentie  est\nexerc\u00e9e,  dans  la limite  de ses attributions,  par  M. Fabien  LANO\u00cbLLE,  secr\u00e9taire  administratif  de classe\nexceptionnelle,  directement  plac\u00e9  sous  son  autorit\u00e9.\nArticle  15\nEn cas d'absence  ou d'emp\u00eachement  de M. Christian  HAUSMANN,  la d\u00e9l\u00e9gation  qui lui est consentie\nest exerc\u00e9e,  dans  la limite  de leurs  attributions  respectives,  par  Mme  Adeline  BRAUX,  attach\u00e9e\nprincipale  d'administration  de l'\u00c9tat,  et Mme  Sophie  GLEIZON,  attach\u00e9e  d'administration  de l'\u00c9tat,\ndirectement  plac\u00e9es  sous  son  autorit\u00e9.\nEn cas  d'absence  ou d'emp\u00eachement  de M. Christian  HAUSMANN,  de Mme  Adeline  BRAUX  et de Mme\nSophie  GLEIZON,  la d\u00e9l\u00e9gation  qui leur  est consentie  est exerc\u00e9e,  dans  la limite  de leurs  attributions\nrespectives,  par  :\n- Madame  Sarah-Laure  KUTEK,  attach\u00e9e  principale  d'administration  de l'Etat,  cheffe  de la section\nde l'instruction,  Mme  Fabienne  BELLIER,  attach\u00e9e  d'administration  de l'Etat,  cheffe  de la section\nde l'instruction,  et Mme  Catherine  KATZENSTEIN,  attach\u00e9e  d'administration  de l'Etat,  cheffe  de\nla section  des  dossiers  signal\u00e9s  et de la correspondance,  pour  signer  les actes  suivants  :\no les d\u00e9cisions  de classement  sans  suite,  d'irrecevabilit\u00e9,  d'ajournement  et de rejet  oppos\u00e9es\naux  demandes  de naturalisation  et de r\u00e9int\u00e9gration  ;\no les propositions  favorables  de naturalisation  et de r\u00e9int\u00e9gration  ainsi  que  les avis\nd\u00e9favorables  \u00e0 l'enregistrement  des  d\u00e9clarations  souscrites  en application  des  articles  21-2,\n21-13-1  et 21-13-2  du code  civil  ;\no les d\u00e9cisions  d'enregistrement  des  d\u00e9clarations  susvis\u00e9es  ainsi  que  les d\u00e9cisions  de\nclassement  sans  suite  oppos\u00e9es  aux  d\u00e9clarants  ;\no les courriers  de retour  des  dossiers  de demandes  d'acquisition  de la nationalit\u00e9  fran\u00e7aise  par\nd\u00e9claration,  lorsque  le dossier  s'av\u00e8re  incomplet.\n- Mme  Ingrid  BRIGITTE,  secr\u00e9taire  administrative  de classe  sup\u00e9rieure,  adjointe  \u00e0 la cheffe  de la\nsection  de l'instruction,  Mme  Rosalie  PERONET,  secr\u00e9taire  administrative  de classe  normale,\nadjointe  \u00e0 la cheffe  de la section  instruction,  Mme  Taous  ALLOUACHE,  secr\u00e9taire  administrative\nde classe  sup\u00e9rieure,  adjointe  \u00e0 la cheffe  de la section  charg\u00e9e  des  dossiers  signal\u00e9s  et de la\ncorrespondance,  Mme  Nora  BELBACHIR,  secr\u00e9taire  administrative  de classe  exceptionnelle,\ncheffe  de la section  de la pr\u00e9-instruction  et des  c\u00e9r\u00e9monies,  Mme  Fany  PIERRE,  secr\u00e9taire\nadministrative  de classe  normale,  adjointe  \u00e0 la cheffe  de la section  de la pr\u00e9-instruction  et des\nc\u00e9r\u00e9monies,  Mme  Marie-France  LAUCOURT,  adjointe  administrative  principale  de 1\u00b0 classe,\nadjointe  a la cheffe  de la section  de la pr\u00e9-instruction  et des  c\u00e9r\u00e9monies  et Mme  V\u00e9ronique\nSAGOT,  secr\u00e9taire  administrative  de classe  normale,  gestionnaire  de l'attribution  des  dossiers  et\nde l'interface  avec  les services  d'enqu\u00eate,  pour  signer  les courriers  de retour  des  dossiers  de\ndemandes  d'acquisition  de la nationalit\u00e9  fran\u00e7aise  par  d\u00e9claration,  lorsque  le dossier  s'av\u00e8re\nincomplet  ;\n- Mme  Nora  BELBACHIR,  secr\u00e9taire  administrative  de classe  exceptionnelle,  cheffe  de la section\nde la pr\u00e9-instruction  et des  c\u00e9r\u00e9monies,  Mme  Fany  PIERRE,  secr\u00e9taire  administrative  de classe\nnormale,  adjointe  \u00e0 la cheffe  de la section  de la pr\u00e9-instruction  et des  c\u00e9r\u00e9monies,  Mme  Marie-\n2025-00002\n\nFrance  LAUCOURT,  adjointe  administrative  principale  de 1** classe,  adjointe  \u00e0 la cheffe  de la\nsection  de la pr\u00e9-instruction  et des  c\u00e9r\u00e9monies,  Mme  V\u00e9ronique  SAGOT,  secr\u00e9taire\nadministrative  de classe  normale,  gestionnaire  de l'attribution  des  dossiers  et de l'interface  avec\nles services  d'enqu\u00e9te,  Mme  Ingrid  BRIGITTE,  secr\u00e9taire  administrative  de classe  sup\u00e9rieure,\nadjointe  \u00e0 la cheffe  de la section  de l'instruction,  Mme  Rosalie  PERONET,  secr\u00e9taire\nadministrative  de classe  normale,  adjointe  \u00e0 la cheffe  de la section  instruction,  et par  Mme\nTaous  ALLOUACHE,  secr\u00e9taire  administrative  de classe  sup\u00e9rieure,  adjointe  \u00e0 la cheffe  de la\nsection  des  dossiers  signal\u00e9s  et de la correspondance,  au titre  de l'utilisation  du t\u00e9l\u00e9service  de\nprise  en charge  des  demandes  d'acquisition  de nationalit\u00e9  (NATALI),  pour  valider  et signer  les\nd\u00e9cisions  de classement  sans  suite  au stade  de la v\u00e9rification  formelle  et au stade  de\nl'instruction  ainsi  que  les d\u00e9cisions  dans  le cadre  des  recours  gracieux  form\u00e9s  contre  ces\nclassements  sans  suite.\nArticle  16\nEn cas  d'absence  ou d'emp\u00eachement  de M. Christian  VEDELAGO,  la d\u00e9l\u00e9gation  qui  lui est  consentie  est\nexerc\u00e9e,  dans  la limite  de leurs  attributions  respectives,  par  :\n- Mme  Karine  RACHEL,  conseill\u00e8re  d'administration  de l'int\u00e9rieur  et de l'outre-mer,  cheffe  du\nbureau  de la lutte  contre  l'immigration  irr\u00e9guli\u00e8re,  pour  tous  actes,  arr\u00eat\u00e9s,  d\u00e9cisions  et pi\u00e8ces\ncomptables  n\u00e9cessaires  \u00e0 l'exercice  des  missions  d\u00e9finies  \u00e0 l'article  22 de l'arr\u00eat\u00e9  du 23 octobre\n2023  susvis\u00e9  ;\n- M. Youssef  BERQOUQI,  conseiller  d'administration  de l'int\u00e9rieur  et de l'outre-mer,  chef  du bureau\nde l'accueil  de la demande  d'asile,  pour  tous  actes,  arr\u00eat\u00e9s,  d\u00e9cisions  et pi\u00e8ces  comptables\nn\u00e9cessaires  \u00e0 l'exercice  des  missions  d\u00e9finies  \u00e0 l'article  23 de l'arr\u00eat\u00e9  du 23 octobre  2023  susvis\u00e9.\nArticle  17\nEn cas  d'absence  ou d'emp\u00eachement  de Mme  Karine  RACHEL,  la d\u00e9l\u00e9gation  qui  lui est consentie  est\nexerc\u00e9e  par  MM.  St\u00e9phane  HERING  et Faustin  MISSEREY,  attach\u00e9s  principaux  d'administration  de l'Etat,\nMmes  Koudedja  FOFANA,  Blandine  AGEORGES,  C\u00e9line  SIMEON  et Toymina  SOULA,  attach\u00e9es\nd'administration  de l'\u00c9tat,  ainsi  que  MM.  Charles  THURIES,  Cl\u00e9ment  COSTARD  et Pierre  MATHIEU,\nattach\u00e9s  d'administration  de l'\u00c9tat,  directement  plac\u00e9s  sous  son autorit\u00e9.\nArticle  18\nEn cas  d'absence  ou d'emp\u00eachement  de M. Youssef  BERQOUQI,  la d\u00e9l\u00e9gation  qui lui est consentie  est\nexerc\u00e9e,  dans  la limite  de leurs  attributions  respectives,  par  :\n- Mme  Jos\u00e9pha  DAUTREY,  attach\u00e9e  principale  d'administration  de l'\u00c9tat,  adjointe  au chef  du\nbureau  de l'accueil  de la demande  d'asile  ;\n- Mme  Caroline  TASSEL,  attach\u00e9e  d'administration  hors  classe  de l'\u00c9tat,  adjointe  au chef  du\nbureau  de l'accueil  de la demande  d'asile  ;\n- Mme  Regina  MONFORT,  attach\u00e9e  d'administration  de l'Etat,  cheffe  du p\u00f4le  asile  ;\n- Mme  Pascale  AUBRY,  attach\u00e9e  d'administration  de l'\u00c9tat,  cheffe  du p\u00f4le  interd\u00e9partemental\nDublin.\nArticle  19\nEn cas d'absence  ou d'emp\u00eachement  de Mme  Farah  RAHMOUN,  la d\u00e9l\u00e9gation  qui lui est consentie  est\nexerc\u00e9e,  dans  la limite  de leurs  attributions  respectives,  par M.Philippe  MARTIN,  attach\u00e9  principal\nd'administration  de l'\u00c9tat,  et par Jean-Pierre  LOUIS-PHILIPPE,  attach\u00e9  d'administration  de l'\u00c9tat,\ndirectement  plac\u00e9s  sous  son  autorit\u00e9.\nEn cas  d'absence  ou d'emp\u00eachement  de Mme  Farah  RAHMOUN,  de M. Philippe  MARTIN  et de M. Jean-\nPierre  LOUIS-PHILIPPE,  la d\u00e9l\u00e9gation  qui  leur  est consentie  est exerc\u00e9e,  dans  la limite  de leurs\nattributions  respectives,  par  Mme  Isabelle  GOMEZ,  secr\u00e9taire  administrative  de classe  exceptionnelle,\n2025-00002\n\net par M. Yannick  ALLAIN,  secr\u00e9taire  administratif  de classe  exceptionnelle.\nArticle  20\nLe pr\u00e9sent  arr\u00e9t\u00e9  entre  en vigueur  le 6 janvier  2025.\nArticle  21\nLa pr\u00e9f\u00e9te,  directrice  de cabinet,  et la pr\u00e9f\u00e8te  d\u00e9l\u00e9gu\u00e9e  \u00e0 l'immigration  sont  charg\u00e9es,  chacune  en ce\nqui la concerne,  de l'ex\u00e9cution  du pr\u00e9sent  arr\u00eat\u00e9  qui sera  publi\u00e9  aux  recueils  des  actes  administratifs\ndes  pr\u00e9fectures  de la zone  de d\u00e9fense  et de s\u00e9curit\u00e9  de Paris.\nFait  \u00e0 Paris,le  \u2014 2 JAN. 2025je\nLaurent  NUNEZ\n2025-09002\n\n 41  \n \n \n \n \nRECUEIL DES ACTES ADMINISTRATIFS  \n \nDU \n \nPREFET DES HAUTS -DE-SEINE  \n \n \nISSN 0985 - 5955  \n \n \n \n \n \nPour toute correspondance, s'adresser \u00e0 :  \n \nPREFET DES HAUTS -DE-SEINE  \n \nSecr\u00e9tariat g\u00e9n\u00e9ral  \nSecr\u00e9tariat g\u00e9n\u00e9ral aux affaires d\u00e9partementales  \n \n167/177, Avenue Joliot Curie  \n92013 NANTERRE CEDEX  \n \n \n \n \nLe recueil des actes administratifs est consultable en ligne sur le site de la pr\u00e9fecture  \nAdresse Internet  : http://www.hauts -de-seine.gouv.fr/  \n \nDirecteur de la publication  : \n \nAlexandre BRUGERE  \n \nPREFET DES HAUTS -DE-SEINE  \n \n  \n 42  \n \n \n \n \n \n \n \n \n \n \n \n \n \n \n \n \n \n \n \n \n \n \n \n \n \n \n \n \n \n \n \n \n \n \n \n \n \n \n \n \nPREFECTURE DES HAUTS -DE-SEINE  \n167-177,  avenue Joliot Curie 92013 NANTERRE Cedex  \nCourriel  : courrier@hauts -de-seine.gouv.fr  \nStandard  : 01.40.97.20.00 T\u00e9l\u00e9copie 01.40.97.25.21  \nAdresse Internet  : http://www.hauts -de-seine.gouv.fr/","date":"2025-01-14","first_seen_on":"2025-01-14T13:38:00+00:00","id":"c2b1c0c2b1bff687eaf57632530bdd3aa64b9c455e5c8749c5da25dd7ebda2d6","name":"RAA sp\u00e9cial Pr\u00e9fecture de Police du 03 janvier 2025","pdf_creation_date":null,"pdf_modification_date":null,"timezone":"CET","url":"https://www.hauts-de-seine.gouv.fr/contenu/telechargement/26087/182759/file/2025-01-03%20RAA%20sp%C3%A9cial%20Pr%C3%A9fecture%20de%20Police%20du%2003%20janvier%202025.pdf"}
