{"administration":"pref13","administration_name":"Pr\u00e9fecture des Bouches-du-Rh\u00f4ne","content":"BOUCHES-DU-\nRH\u00d4NE\nRECUEIL DES ACTES\nADMINISTRATIFS SP\u00c9CIAL\nN\u00b013-2025-090\nPUBLI\u00c9 LE 17 MARS 2025\nSommaire\nDDETS 13 /\n13-2025-03-14-00005 - R\u00e9c\u00e9piss\u00e9 de d\u00e9claration au titre des\nServices \u00e0 la Personne au b\u00e9n\u00e9fice de   Madame CHOULI Nadjia en\nqualit\u00e9 d'entrepreneur individuel, situ\u00e9 24 avenue Claude Monet -\n13014 MARSEILLE (2 pages) Page 3\n13-2025-03-14-00004 - R\u00e9c\u00e9piss\u00e9 de d\u00e9claration au titre des\nServices \u00e0 la Personne au b\u00e9n\u00e9fice de   Madame SARFATI Esther en\nqualit\u00e9 de dirigeante, de la SAS \u00ab\u00a0COEUR ALPILLES\u00a0\u00bb dont\nl'\u00e9tablissement principal est situ\u00e9 15 rue Charlie Chaplin - 13200 ARLES\n(3 pages) Page 6\n13-2025-03-17-00004 - R\u00e9c\u00e9piss\u00e9 de d\u00e9claration au titre des\nServices \u00e0 la Personne au b\u00e9n\u00e9fice de  Madame ALLALI Sabrina en\nqualit\u00e9 de Micro-entrepreneure sise 3 rue de Savoie 13015 MARSEILLE (2\npages) Page 10\n13-2025-03-17-00005 - R\u00e9c\u00e9piss\u00e9 de d\u00e9claration au titre des\nServices \u00e0 la Personne au b\u00e9n\u00e9fice de Madame DEBATISTA Isabelle en\nqualit\u00e9 d'Entrepreneure individuelle sise 1160 avenue Guillaume Dulac\n13600 LA CIOTAT (2 pages) Page 13\nDirection de la Citoyennet\u00e9, de la L\u00e9galit\u00e9 et de l'Environnement  /\n13-2025-03-17-00001 - Habilitation \u00e0 participer au d\u00e9bat sur\nl'environnement - cadre r\u00e9gional - Fondation Tour du Valat (3 pages) Page 16\nPr\u00e9fecture de police des Bouches-du-Rh\u00f4ne /\n13-2025-03-17-00006 - Arr\u00eat\u00e9 autorisant la mise en commun des effectifs\nde police municipale des communes de La Bouilladisse et de La Penne-sur\nHuveaune \u00e0 l'occasion du Carnaval organis\u00e9 dans la commune de La\nBouilladisse le 22 mars 2025\n (2 pages) Page 20\n13-2025-03-17-00003 - Arr\u00eat\u00e9 portant modification de la limite entre la\nZone C\u00f4t\u00e9 Ville et la Partie Critique de Zone de S\u00fbret\u00e9 \u00e0 Acc\u00e8s\nR\u00e9glement\u00e9 de l'a\u00e9rodrome Marseille Provence (2 pages) Page 23\nPr\u00e9fecture des Bouches-du-Rhone / Direction de la Citoyennet\u00e9, de la\nL\u00e9galit\u00e9 et de l'Environnement\n13-2025-03-17-00002 - Arr\u00eat\u00e9 portant modification de la composition\nnominative de la commission d\u00e9partementale de la coop\u00e9ration\nintercommunale (CDCI) des Bouches-du-Rh\u00f4ne en formation pl\u00e9ni\u00e8re\n(4 pages) Page 26\n2\nDDETS 13\n13-2025-03-14-00005\nR\u00e9c\u00e9piss\u00e9 de d\u00e9claration au titre des Services \u00e0\nla Personne au b\u00e9n\u00e9fice de   Madame CHOULI\nNadjia en qualit\u00e9 d'entrepreneur individuel, situ\u00e9\n24 avenue Claude Monet - 13014 MARSEILLE\nDDETS 13 - 13-2025-03-14-00005 - R\u00e9c\u00e9piss\u00e9 de d\u00e9claration au titre des Services \u00e0 la Personne au b\u00e9n\u00e9fice de   Madame CHOULI\nNadjia en qualit\u00e9 d'entrepreneur individuel, situ\u00e9 24 avenue Claude Monet - 13014 MARSEILLE 3\nEnPREFETDES BOUCHES-DU-RHONELibert\u00e9Egalit\u00e9Fraternit\u00e9\n \nDirection D\u00e9partementale\nde l'Emploi, du Travail\n et des Solidarit\u00e9s\ndes Bouches du Rh\u00f4ne\nP\u00f4le \u00c9conomie Emploi Entreprises\nD\u00e9partement Insertion Professionnelle\n      R\u00e9c\u00e9piss\u00e9 de d\u00e9claration n\u00b0 \u2026\u2026\u2026\u2026..\n                   d'un organisme de services \u00e0 la personne\n                      enregistr\u00e9 sous le N\u00b0   SAP533158762\nVu  le  code  du  travail  et  notamment les articles  L.7231-1  \u00e0  L.7233-2,  R.7232-16  \u00e0 \nR.7232-22, D.7231-1 et D.7233-1 \u00e0 D.7233-5,\nLe pr\u00e9fet de la R\u00e9gion Provence-Alpes-C\u00f4te d'Azur  Pr\u00e9fet de la Zone de D\u00e9fense et \nde S\u00e9curit\u00e9 Sud,  Pr\u00e9fet des Bouches-du-Rh\u00f4ne,\nCONSTATE\nQu'une d\u00e9claration d'activit\u00e9s de Services \u00e0 la Personne a \u00e9t\u00e9 d\u00e9pos\u00e9e aupr\u00e8s de la  \nDirection D\u00e9partementale de l'Emploi, du Travail et des Solidarit\u00e9s des Bouches-du-\nRh\u00f4ne  le,  14  mars  2025  par  Madame CHOULI  Nadjia  en  qualit\u00e9  d'entrepreneur \nindividuel, situ\u00e9 24 avenue Claude Monet - 13014 MARSEILLE et enregistr\u00e9 sous le N\u00b0  \nSAP533158762 pour les activit\u00e9s suivantes en mode prestataire :\n\u2022 Garde d'enfants de plus de 3 ans \u00e0 domicile \n\u2022 Entretien de la maison et travaux m\u00e9nagers \n \nToute  modification  concernant  les  activit\u00e9s  exerc\u00e9es  devra  faire  l'objet  d'une  \nd\u00e9claration modificative pr\u00e9alable.\nSous r\u00e9serve d'\u00eatre exerc\u00e9es \u00e0 titre exclusif au profit de particuliers, \u00e0 leur domicile  \n(ou sous r\u00e9serve d'une comptabilit\u00e9 s\u00e9par\u00e9e pour les personnes morales dispens\u00e9es  \nde cette condition), ces activit\u00e9s ouvrent droit au b\u00e9n\u00e9fice des dispositions des  \narticles L.7233-2 du code du travail et L.241-10 du code de la s\u00e9curit\u00e9 sociale dans les  \nconditions pr\u00e9vues par ces articles.\nLes effets de la d\u00e9claration courent \u00e0 compter du jour du d\u00e9p\u00f4t de la d\u00e9claration  \nsous r\u00e9serve des dispositions de  l'article R.7232-18 du code du travail.\nEn application  des articles L.7232-1 et R.7232-1 \u00e0 R.7232-15, les activit\u00e9s n\u00e9cessitant  \nun  agr\u00e9ment  (I  de  l'article  D.7231-1  du  code  du  travail)  n'ouvrent  droit  \u00e0  ces \ndispositions  que  si  la  structure  a  pr\u00e9alablement  obtenu  l'agr\u00e9ment  ou  le  \nDDETS 13 - 13-2025-03-14-00005 - R\u00e9c\u00e9piss\u00e9 de d\u00e9claration au titre des Services \u00e0 la Personne au b\u00e9n\u00e9fice de   Madame CHOULI\nNadjia en qualit\u00e9 d'entrepreneur individuel, situ\u00e9 24 avenue Claude Monet - 13014 MARSEILLE 4\nrenouvellement  de  cet  agr\u00e9ment  dans  le  ou  les  d\u00e9partements  d'exercice  de  ses \nactivit\u00e9s.\nDe m\u00eame, en application de l'article D.312-6-2 du code de l'action sociale et des  \nfamilles, les activit\u00e9s n\u00e9cessitant une autorisation n'ouvrent droit \u00e0 ces dispositions  \nque si l'organisme a pr\u00e9alablement obtenu l'autorisation ou le renouvellement de  \ncette autorisation.\nLe pr\u00e9sent r\u00e9c\u00e9piss\u00e9 n'est pas limit\u00e9 dans le temps.  La d\u00e9claration a une port\u00e9e  \nnationale.\nL'enregistrement de la d\u00e9claration peut \u00eatre retir\u00e9 dans les conditions fix\u00e9es aux  \narticles R.7232-20 \u00e0 R.7232-22 du code du travail.\nLe pr\u00e9sent r\u00e9c\u00e9piss\u00e9 sera publi\u00e9 au Recueil des Actes Administratifs de la Pr\u00e9fecture  \ndes Bouches-du-Rh\u00f4ne.\nFait \u00e0 Marseille, le 14 mars 2025\nPour le Pr\u00e9fet et par d\u00e9l\u00e9gation,\nPar emp\u00eachement de la Directrice \nD\u00e9partementale de l'Emploi, du Travail\n et des Solidarit\u00e9s des Bouches-du-Rh\u00f4ne\nLe Responsable op\u00e9rationnel de l'unit\u00e9 \ndes publics \u00e9loign\u00e9s de l'emploi\nSign\u00e9\nKhaled KARA\n55 boulevard P\u00e9rier \u2013 13415 cedex 20 MARSEILLE Cedex 20 - T\u00e9l\u00e9phone : 04.91.57.96.00 \nMel : ddets-sap@bouches-du-rhone.gouv.fr\n2\nDDETS 13 - 13-2025-03-14-00005 - R\u00e9c\u00e9piss\u00e9 de d\u00e9claration au titre des Services \u00e0 la Personne au b\u00e9n\u00e9fice de   Madame CHOULI\nNadjia en qualit\u00e9 d'entrepreneur individuel, situ\u00e9 24 avenue Claude Monet - 13014 MARSEILLE 5\nDDETS 13\n13-2025-03-14-00004\nR\u00e9c\u00e9piss\u00e9 de d\u00e9claration au titre des Services \u00e0\nla Personne au b\u00e9n\u00e9fice de   Madame SARFATI\nEsther en qualit\u00e9 de dirigeante, de la SAS\n\u00ab\u00a0COEUR ALPILLES\u00a0\u00bb dont l'\u00e9tablissement\nprincipal est situ\u00e9 15 rue Charlie Chaplin - 13200\nARLES\nDDETS 13 - 13-2025-03-14-00004 - R\u00e9c\u00e9piss\u00e9 de d\u00e9claration au titre des Services \u00e0 la Personne au b\u00e9n\u00e9fice de   Madame SARFATI\nEsther en qualit\u00e9 de dirigeante, de la SAS \u00ab\u00a0COEUR ALPILLES\u00a0\u00bb dont l'\u00e9tablissement principal est situ\u00e9 15 rue Charlie Chaplin - 13200\nARLES\n6\nEnPREFETDES BOUCHES-DU-RHONELibert\u00e9Egalit\u00e9Fraternit\u00e9\n \nDirection D\u00e9partementale\nde l'Emploi, du Travail\n et des Solidarit\u00e9s\ndes Bouches du Rh\u00f4ne\nP\u00f4le \u00c9conomie Emploi Entreprises\nD\u00e9partement Insertion Professionnelle\n      R\u00e9c\u00e9piss\u00e9 de d\u00e9claration n\u00b0 \n                   d'un organisme de services \u00e0 la personne\n                      enregistr\u00e9 sous le N\u00b0   SAP938529013\nVu  le  code  du  travail  et  notamment les articles  L.7231-1  \u00e0  L.7233-2,  R.7232-16  \u00e0 \nR.7232-22, D.7231-1 et D.7233-1 \u00e0 D.7233-5,\nLe pr\u00e9fet de la R\u00e9gion Provence-Alpes-C\u00f4te d'Azur  Pr\u00e9fet de la Zone de D\u00e9fense et \nde S\u00e9curit\u00e9 Sud,  Pr\u00e9fet des Bouches-du-Rh\u00f4ne,\nCONSTATE\nQu'une d\u00e9claration d'activit\u00e9s de Services \u00e0 la Personne a \u00e9t\u00e9 d\u00e9pos\u00e9e aupr\u00e8s de la  \nDirection D\u00e9partementale de l'Emploi, du Travail et des Solidarit\u00e9s des Bouches-du-\nRh\u00f4ne le, 12 mars 2025 par Madame SARFATI Esther en qualit\u00e9 de dirigeante, de la  \nSAS  \u00ab COEUR  ALPILLES \u00bb dont  l'\u00e9tablissement  principal  est  situ\u00e9  15  rue  Charlie \nChaplin - 13200 ARLES et enregistr\u00e9 sous le N\u00b0 SAP938529013 pour les activit\u00e9s  \nsuivantes en mode prestataire :\n\u2022 Garde d'enfants de plus de 3 ans \u00e0 domicile \n\u2022 Accompagnement des enfants de plus de 3 ans dans leurs d\u00e9placements\n\u2022 Entretien de la maison et travaux m\u00e9nagers\n\u2022 Petits travaux de jardinage \n\u2022 Pr\u00e9paration de repas \u00e0 domicile \n\u2022 Livraison de repas \u00e0 domicile \n\u2022 Collecte et livraison \u00e0 domicile de linge repass\u00e9 \n\u2022 Livraison de courses \u00e0 domicile \n\u2022 Maintenance, entretien et vigilance temporaires \u00e0 domicile \n\u2022 Assistance administrative \u00e0 domicile \n\u2022 Accompagnement des personnes pr\u00e9sentant une invalidit\u00e9 temporaire \n\u2022 Assistance aux personnes ayant besoin d'une aide temporaire \u00e0 leur domicile \n \nToute  modification  concernant  les  activit\u00e9s  exerc\u00e9es  devra  faire  l'objet  d'une  \nd\u00e9claration modificative pr\u00e9alable.\nDDETS 13 - 13-2025-03-14-00004 - R\u00e9c\u00e9piss\u00e9 de d\u00e9claration au titre des Services \u00e0 la Personne au b\u00e9n\u00e9fice de   Madame SARFATI\nEsther en qualit\u00e9 de dirigeante, de la SAS \u00ab\u00a0COEUR ALPILLES\u00a0\u00bb dont l'\u00e9tablissement principal est situ\u00e9 15 rue Charlie Chaplin - 13200\nARLES\n7\nSous r\u00e9serve d'\u00eatre exerc\u00e9es \u00e0 titre exclusif au profit de particuliers, \u00e0 leur domicile  \n(ou sous r\u00e9serve d'une comptabilit\u00e9 s\u00e9par\u00e9e pour les personnes morales dispens\u00e9es  \nde cette condition), ces activit\u00e9s ouvrent droit au b\u00e9n\u00e9fice des dispositions des  \narticles L.7233-2 du code du travail et L.241-10 du code de la s\u00e9curit\u00e9 sociale dans les  \nconditions pr\u00e9vues par ces articles.\nLes effets de la d\u00e9claration courent \u00e0 compter du jour du d\u00e9p\u00f4t de la d\u00e9claration  \nsous r\u00e9serve des dispositions de  l'article R.7232-18 du code du travail.\nEn application  des articles L.7232-1 et R.7232-1 \u00e0 R.7232-15, les activit\u00e9s n\u00e9cessitant  \nun  agr\u00e9ment  (I  de  l'article  D.7231-1  du  code  du  travail)  n'ouvrent  droit  \u00e0  ces \ndispositions  que  si  la  structure  a  pr\u00e9alablement  obtenu  l'agr\u00e9ment  ou  le  \nrenouvellement  de  cet  agr\u00e9ment  dans  le  ou  les  d\u00e9partements  d'exercice  de  ses \nactivit\u00e9s.\nDe m\u00eame, en application de l'article D.312-6-2 du code de l'action sociale et des  \nfamilles, les activit\u00e9s n\u00e9cessitant une autorisation n'ouvrent droit \u00e0 ces dispositions  \nque si l'organisme a pr\u00e9alablement obtenu l'autorisation ou le renouvellement de  \ncette autorisation.\nLe pr\u00e9sent r\u00e9c\u00e9piss\u00e9 n'est pas limit\u00e9 dans le temps.  La d\u00e9claration a une port\u00e9e  \nnationale.\nL'enregistrement de la d\u00e9claration peut \u00eatre retir\u00e9 dans les conditions fix\u00e9es aux  \narticles R.7232-20 \u00e0 R.7232-22 du code du travail.\nLe pr\u00e9sent r\u00e9c\u00e9piss\u00e9 sera publi\u00e9 au Recueil des Actes Administratifs de la Pr\u00e9fecture  \ndes Bouches-du-Rh\u00f4ne.\nFait \u00e0 Marseille, le 14 mars 2025\nPour le Pr\u00e9fet et par d\u00e9l\u00e9gation,\nPar emp\u00eachement de la Directrice \nD\u00e9partementale de l'Emploi, du Travail\n et des Solidarit\u00e9s des Bouches-du-Rh\u00f4ne\nLe Responsable op\u00e9rationnel de l'unit\u00e9 \ndes publics \u00e9loign\u00e9s de l'emploi\nSign\u00e9\nKhaled KARA\n55 boulevard P\u00e9rier \u2013 13415 cedex 20 MARSEILLE Cedex 20 - T\u00e9l\u00e9phone : 04.91.57.96.00 \nMel : ddets-sap@bouches-du-rhone.gouv.fr\n2\nDDETS 13 - 13-2025-03-14-00004 - R\u00e9c\u00e9piss\u00e9 de d\u00e9claration au titre des Services \u00e0 la Personne au b\u00e9n\u00e9fice de   Madame SARFATI\nEsther en qualit\u00e9 de dirigeante, de la SAS \u00ab\u00a0COEUR ALPILLES\u00a0\u00bb dont l'\u00e9tablissement principal est situ\u00e9 15 rue Charlie Chaplin - 13200\nARLES\n8\nPar emp\u00eachement de la Directrice  \nD\u00e9partementale de l'Emploi, du Travail et \ndes Solidarit\u00e9s des Bouches-du-Rh\u00f4ne,\nLa Responsable du d\u00e9partement \naccompagnement des mutations \n\u00e9conomiques et d\u00e9veloppement des \ncomp\u00e9tences,\nSign\u00e9\nElodie  CARITEY\n55 boulevard P\u00e9rier \u2013 13415 cedex 20 MARSEILLE Cedex 20 - T\u00e9l\u00e9phone : 04.91.57.96.00 \nMel : ddets-sap@bouches-du-rhone.gouv.fr\n3\nDDETS 13 - 13-2025-03-14-00004 - R\u00e9c\u00e9piss\u00e9 de d\u00e9claration au titre des Services \u00e0 la Personne au b\u00e9n\u00e9fice de   Madame SARFATI\nEsther en qualit\u00e9 de dirigeante, de la SAS \u00ab\u00a0COEUR ALPILLES\u00a0\u00bb dont l'\u00e9tablissement principal est situ\u00e9 15 rue Charlie Chaplin - 13200\nARLES\n9\nDDETS 13\n13-2025-03-17-00004\nR\u00e9c\u00e9piss\u00e9 de d\u00e9claration au titre des Services \u00e0\nla Personne au b\u00e9n\u00e9fice de  Madame ALLALI\nSabrina en qualit\u00e9 de Micro-entrepreneure sise 3\nrue de Savoie 13015 MARSEILLE\nDDETS 13 - 13-2025-03-17-00004 - R\u00e9c\u00e9piss\u00e9 de d\u00e9claration au titre des Services \u00e0 la Personne au b\u00e9n\u00e9fice de  Madame ALLALI Sabrina\nen qualit\u00e9 de Micro-entrepreneure sise 3 rue de Savoie 13015 MARSEILLE 10\ncsPREFETDES BOUCHES-DU-RHONELibert\u00e9Egalit\u00e9Fraternit\u00e9\n  \n  \nDirection D\u00e9partementale\nde l'Emploi, du Travail\n et des Solidarit\u00e9s\ndes Bouches du Rh\u00f4ne\nP\u00f4le \u00c9conomie Emploi Entreprises\nD\u00e9partement Insertion Professionnelle\nR\u00e9c\u00e9piss\u00e9 modificatif de d\u00e9claration n\u00b0 \n                   d'un organisme de services \u00e0 la personne\n                      enregistr\u00e9 sous le N\u00b0 SAP891986200\nVu  le  code  du  travail  et  notamment les articles  L.7231-1  \u00e0  L.7233-2,  R.7232-16  \u00e0 \nR.7232-22, D.7231-1 et D.7233-1 \u00e0 D.7233-5,\nLe pr\u00e9fet de la R\u00e9gion Provence-Alpes-C\u00f4te d'Azur  Pr\u00e9fet de la Zone de D\u00e9fense et de \nS\u00e9curit\u00e9 Sud,  Pr\u00e9fet des Bouches-du-Rh\u00f4ne,\nCONSTATE\nQue Madame ALLALI Sabrina en qualit\u00e9 de Micro-entrepreneure a inform\u00e9 le 15 mars 2025  \nla Direction D\u00e9partementale de l'Emploi, du Travail et des Solidarit\u00e9s des Bouches-du-\nRh\u00f4ne, du transfert de son \u00e9tablissement principal au 3 rue de Savoie 13015 MARSEILLE.\nD\u00c9CLARE\nQue le pr\u00e9sent r\u00e9c\u00e9piss\u00e9 abroge \u00e0 compter du  15 mars 2025, le r\u00e9c\u00e9piss\u00e9 de d\u00e9claration  \n\u00e9dit\u00e9 le 23 ao\u00fbt 2024,\nCette d\u00e9claration est enregistr\u00e9e sous le N\u00b0 SAP891986200, pour les activit\u00e9s suivantes en  \nmode Prestataire :\n\u2022   Entretien de la maison et travaux m\u00e9nagers\n\u2022   Assistance aux personnes ayant besoin d'une aide temporaire \u00e0 leur domicile\nDDETS 13 - 13-2025-03-17-00004 - R\u00e9c\u00e9piss\u00e9 de d\u00e9claration au titre des Services \u00e0 la Personne au b\u00e9n\u00e9fice de  Madame ALLALI Sabrina\nen qualit\u00e9 de Micro-entrepreneure sise 3 rue de Savoie 13015 MARSEILLE 11\nToute modification concernant les activit\u00e9s exerc\u00e9es devra faire l'objet d'une d\u00e9claration \nmodificative pr\u00e9alable.\nSous r\u00e9serve d'\u00eatre exerc\u00e9es \u00e0 titre exclusif  au profit de particuliers, \u00e0 leur domicile  (ou \nsous r\u00e9serve d'une comptabilit\u00e9 s\u00e9par\u00e9e pour les personnes morales dispens\u00e9es de cette  \ncondition), ces activit\u00e9s ouvrent droit au b\u00e9n\u00e9fice des dispositions des articles L.7233-2 du  \ncode du travail et L.241-10 du code de la s\u00e9curit\u00e9 sociale dans les conditions pr\u00e9vues par  \nces articles.\nLes effets de la d\u00e9claration courent \u00e0 compter du jour du d\u00e9p\u00f4t de la d\u00e9claration sous r\u00e9 -\nserve des dispositions de  l'article R.7232-18 du code du travail.\nToutefois, en application des articles L.7232-1 et R.7232-1 \u00e0 R.7232-15, les activit\u00e9s n\u00e9cessi -\ntant un agr\u00e9ment (I de l'article D.7231-1 du Code du travail) n'ouvrent droit \u00e0 ces disposi -\ntions que si la structure a pr\u00e9alablement obtenu l'agr\u00e9ment ou le renouvellement de cet  \nagr\u00e9ment dans le ou les d\u00e9partements d'exercice de ses activit\u00e9s.\nDe m\u00eame, en application de l'article D.312-6-2 du Code de l'action sociale et des familles,  \nles activit\u00e9s n\u00e9cessitant une autorisation n'ouvrent droit \u00e0 ces dispositions que si l'orga -\nnisme a pr\u00e9alablement obtenu l'autorisation ou le renouvellement de cette autorisation.\nLe pr\u00e9sent r\u00e9c\u00e9piss\u00e9 n'est pas limit\u00e9 dans le temps. La d\u00e9claration a une port\u00e9e nationale.\nL'enregistrement de la d\u00e9claration peut \u00eatre retir\u00e9 dans les conditions fix\u00e9es aux articles  \nR.7232-20 \u00e0 R.7232-22 du Code du travail.\nLe pr\u00e9sent r\u00e9c\u00e9piss\u00e9 sera publi\u00e9 au Recueil des Actes Administratifs de la Pr\u00e9fecture\nFait \u00e0 Marseille, le 17 mars 2025\nPour le Pr\u00e9fet et par d\u00e9l\u00e9gation,\nPar emp\u00eachement de la Directrice D\u00e9partementale \nde l'Emploi, du Travail et des Solidarit\u00e9s des \nBouches-du-Rh\u00f4ne\nLe Responsable op\u00e9rationnel de l'unit\u00e9 des publics \n\u00e9loign\u00e9s de l'emploi\nSign\u00e9\nKhaled KARA\n55, Boulevard Perier - 13415 MARSEILLE cedex 20 \u2013 Tel : 04 91 57 96 22 \nMel : ddets-sap@bouches-du-rhone.gouv.fr\nDDETS 13 - 13-2025-03-17-00004 - R\u00e9c\u00e9piss\u00e9 de d\u00e9claration au titre des Services \u00e0 la Personne au b\u00e9n\u00e9fice de  Madame ALLALI Sabrina\nen qualit\u00e9 de Micro-entrepreneure sise 3 rue de Savoie 13015 MARSEILLE 12\nDDETS 13\n13-2025-03-17-00005\nR\u00e9c\u00e9piss\u00e9 de d\u00e9claration au titre des Services \u00e0\nla Personne au b\u00e9n\u00e9fice de Madame DEBATISTA\nIsabelle en qualit\u00e9 d'Entrepreneure individuelle\nsise 1160 avenue Guillaume Dulac 13600 LA\nCIOTAT\nDDETS 13 - 13-2025-03-17-00005 - R\u00e9c\u00e9piss\u00e9 de d\u00e9claration au titre des Services \u00e0 la Personne au b\u00e9n\u00e9fice de Madame DEBATISTA\nIsabelle en qualit\u00e9 d'Entrepreneure individuelle sise 1160 avenue Guillaume Dulac 13600 LA CIOTAT 13\nEnPREFETDES BOUCHES-DU-RHONELibert\u00e9Egalit\u00e9Fraternit\u00e9\n  \n  \nDirection D\u00e9partementale\nde l'Emploi, du Travail\n et des Solidarit\u00e9s\ndes Bouches du Rh\u00f4ne\nP\u00f4le \u00c9conomie Emploi Entreprises\nD\u00e9partement Insertion Professionnelle\nR\u00e9c\u00e9piss\u00e9 modificatif de d\u00e9claration n\u00b0 \n                   d'un organisme de services \u00e0 la personne\n                      enregistr\u00e9 sous le N\u00b0 SAP403180466\nVu  le  code  du  travail  et  notamment les articles  L.7231-1  \u00e0  L.7233-2,  R.7232-16  \u00e0 \nR.7232-22, D.7231-1 et D.7233-1 \u00e0 D.7233-5,\nLe pr\u00e9fet de la R\u00e9gion Provence-Alpes-C\u00f4te d'Azur  Pr\u00e9fet de la Zone de D\u00e9fense et de \nS\u00e9curit\u00e9 Sud,  Pr\u00e9fet des Bouches-du-Rh\u00f4ne,\nCONSTATE\nQue  Madame DEBATISTA Isabelle en qualit\u00e9 d'Entrepreneure individuelle  a inform\u00e9 le 14  \nmars  2025  la  Direction  D\u00e9partementale  de  l'Emploi,  du  Travail  et  des  Solidarit\u00e9s  des \nBouches-du-Rh\u00f4ne, du transfert de son \u00e9tablissement principal au 1160 avenue Guillaume  \nDulac 13600 LA CIOTAT\nD\u00c9CLARE\nQue le pr\u00e9sent r\u00e9c\u00e9piss\u00e9 abroge \u00e0 compter du  14 mars 2025, le r\u00e9c\u00e9piss\u00e9 de d\u00e9claration  \n\u00e9dit\u00e9 le  20 novembre 2014,\nCette d\u00e9claration est enregistr\u00e9e sous le N\u00b0 SAP403180466, pour les activit\u00e9s suivantes en  \nmode Mandataire et Prestataire :\n   \u2022   Entretien de la maison et travaux m\u00e9nagers\n  \u2022   Petits travaux de jardinage \n  \u2022   Travaux de petit bricolage \n  \u2022   Pr\u00e9paration de repas \u00e0 domicile\n  \u2022   Collecte et livraison \u00e0 domicile de linge repass\u00e9\n  \u2022   Livraison de courses \u00e0 domicile\n  \u2022   Maintenance, entretien et vigilance temporaires \u00e0 domicile\n  \u2022   Assistance informatique \u00e0 domicile \n  \u2022   Assistance administrative \u00e0 domicile \n  \u2022   Soins et promenade(s) d'animaux pour personnes d\u00e9pendantes\nDDETS 13 - 13-2025-03-17-00005 - R\u00e9c\u00e9piss\u00e9 de d\u00e9claration au titre des Services \u00e0 la Personne au b\u00e9n\u00e9fice de Madame DEBATISTA\nIsabelle en qualit\u00e9 d'Entrepreneure individuelle sise 1160 avenue Guillaume Dulac 13600 LA CIOTAT 14\nToute modification concernant les activit\u00e9s exerc\u00e9es devra faire l'objet d'une d\u00e9claration \nmodificative pr\u00e9alable.\nSous r\u00e9serve d'\u00eatre exerc\u00e9es \u00e0 titre exclusif  au profit de particuliers, \u00e0 leur domicile  (ou \nsous r\u00e9serve d'une comptabilit\u00e9 s\u00e9par\u00e9e pour les personnes morales dispens\u00e9es de cette  \ncondition), ces activit\u00e9s ouvrent droit au b\u00e9n\u00e9fice des dispositions des articles L.7233-2 du  \ncode du travail et L.241-10 du code de la s\u00e9curit\u00e9 sociale dans les conditions pr\u00e9vues par  \nces articles.\nLes effets de la d\u00e9claration courent \u00e0 compter du jour du d\u00e9p\u00f4t de la d\u00e9claration sous r\u00e9 -\nserve des dispositions de  l'article R.7232-18 du code du travail.\nToutefois, en application des articles L.7232-1 et R.7232-1 \u00e0 R.7232-15, les activit\u00e9s n\u00e9cessi -\ntant un agr\u00e9ment (I de l'article D.7231-1 du Code du travail) n'ouvrent droit \u00e0 ces disposi -\ntions que si la structure a pr\u00e9alablement obtenu l'agr\u00e9ment ou le renouvellement de cet  \nagr\u00e9ment dans le ou les d\u00e9partements d'exercice de ses activit\u00e9s.\nDe m\u00eame, en application de l'article D.312-6-2 du Code de l'action sociale et des familles,  \nles activit\u00e9s n\u00e9cessitant une autorisation n'ouvrent droit \u00e0 ces dispositions que si l'orga -\nnisme a pr\u00e9alablement obtenu l'autorisation ou le renouvellement de cette autorisation.\nLe pr\u00e9sent r\u00e9c\u00e9piss\u00e9 n'est pas limit\u00e9 dans le temps. La d\u00e9claration a une port\u00e9e nationale.\nL'enregistrement de la d\u00e9claration peut \u00eatre retir\u00e9 dans les conditions fix\u00e9es aux articles  \nR.7232-20 \u00e0 R.7232-22 du Code du travail.\nLe pr\u00e9sent r\u00e9c\u00e9piss\u00e9 sera publi\u00e9 au Recueil des Actes Administratifs de la Pr\u00e9fecture\nFait \u00e0 Marseille, le 17 mars 2025\nPour le Pr\u00e9fet et par d\u00e9l\u00e9gation,\nPar emp\u00eachement de la Directrice D\u00e9partementale \nde l'Emploi, du Travail et des Solidarit\u00e9s des \nBouches-du-Rh\u00f4ne\nLe Responsable op\u00e9rationnel de l'unit\u00e9 des publics \n\u00e9loign\u00e9s de l'emploi\nSign\u00e9\nKhaled KARA\n55, Boulevard Perier - 13415 MARSEILLE cedex 20 \u2013 Tel : 04 91 57 96 22 \nMel : ddets-sap@bouches-du-rhone.gouv.fr\nDDETS 13 - 13-2025-03-17-00005 - R\u00e9c\u00e9piss\u00e9 de d\u00e9claration au titre des Services \u00e0 la Personne au b\u00e9n\u00e9fice de Madame DEBATISTA\nIsabelle en qualit\u00e9 d'Entrepreneure individuelle sise 1160 avenue Guillaume Dulac 13600 LA CIOTAT 15\nDirection de la Citoyennet\u00e9, de la L\u00e9galit\u00e9 et de\nl'Environnement \n13-2025-03-17-00001\nHabilitation \u00e0 participer au d\u00e9bat sur\nl'environnement - cadre r\u00e9gional - Fondation\nTour du Valat\nDirection de la Citoyennet\u00e9, de la L\u00e9galit\u00e9 et de l'Environnement  - 13-2025-03-17-00001 - Habilitation \u00e0 participer au d\u00e9bat sur\nl'environnement - cadre r\u00e9gional - Fondation Tour du Valat 16\nPREFETDE LA REGIONPROVENCE- ALPES-COTE D'AZURLibert\u00e9Egalit\u00e9Fraternit\u00e9\n \nSecr\u00e9tariat G\u00e9n\u00e9ral pour \nles Affaires R\u00e9gionales\nDCLE/BUPCE\nARR\u00caT\u00c9\nHABILITANT LA FONDATION TOUR DU VALAT \u00c0 PARTICIPER AU D\u00c9BAT SUR \nL'ENVIRONNEMENT DANS LE CADRE D'INSTANCES CONSULTATIVES R\u00c9GIONALES \nPROVENCE-ALPES-C\u00d4TE D'AZUR\n------------------\nLE PR\u00c9FET DE LA R\u00c9GION PROVENCE-ALPES-C\u00d4TE D'AZUR\nPR\u00c9FET DE LA ZONE DE D\u00c9FENSE ET DE S\u00c9CURIT\u00c9 SUD\nPR\u00c9FET DES BOUCHES-DU-RH\u00d4NE\nVU le code de l'environnement, notamment ses articles L. 141-3 et R. 141-22 et suivants ;\nVU le d\u00e9cret n\u00b02011-832 du 12 juillet 2011 relatif \u00e0 la r\u00e9forme de l'agr\u00e9ment au titre de la protection de  \nl'environnement et \u00e0 la d\u00e9signation des associations agr\u00e9\u00e9es, organismes et fondations reconnues d'utilit\u00e9  \npublique au sein de certaines instances;\nVU le d\u00e9cret n\u00b02011-833 du 12 juillet 2011 fixant la liste des instances consultatives ayant vocation \u00e0 examiner  \nles politiques d'environnement et de d\u00e9veloppement durable;\nVU le d\u00e9cret de reconnaissance d'utilit\u00e9 publique du 13 f\u00e9vrier 1978 accord\u00e9e \u00e0 la fondation Tour du Valat,  \nmodifi\u00e9 par arr\u00eat\u00e9 du 27 octobre 2008 ;\nVU l'arr\u00eat\u00e9 du 12 juillet 2011 fixant la composition du dossier de demande de participation au d\u00e9bat de  \nl'environnement dans le cadre d'instances consultatives ;\nVU l'arr\u00eat\u00e9 pr\u00e9fectoral du 21 septembre 2012 fixant les modalit\u00e9s d'application de la condition pr\u00e9vue au 1\u00b0 de  \nl'article R141-21 du code de l'environnement concernant le mode de d\u00e9signation des associations agr\u00e9\u00e9es,  \norganismes et fondations reconnues d'utilit\u00e9 publiques pour participer au d\u00e9bat sur l'environnement dans le  \ncadre d'instances consultatives r\u00e9gionales ;\nVU  l'arr\u00eat\u00e9  pr\u00e9fectoral  accordant  l'habilitation  \u00e0  participer  au  d\u00e9bat  sur  l'environnement  dans  le  cadre \nd'instances consultatives r\u00e9gionales \u00e0 la fondation Tour du Valat le 24 avril 2014, expir\u00e9 au 24 avril 2019 ;\nVU la demande re\u00e7ue par voie d\u00e9mat\u00e9rialis\u00e9e sur la plateforme d\u00e9di\u00e9e le 12 d\u00e9cembre 2024 par la pr\u00e9fecture  \ndes Bouches du Rh\u00f4ne, pr\u00e9sent\u00e9e par la fondation Tour du Valat, dont le si\u00e8ge social est situ\u00e9 Le Sambuc \u2013  \n13200 ARLES, en vue d'obtenir l'habilitation \u00e0 \u00eatre d\u00e9sign\u00e9e pour prendre part au d\u00e9bat sur l'environnement se  \nd\u00e9roulant dans le cadre des instances consultatives r\u00e9gionales list\u00e9es dans le d\u00e9cret du 12 juillet 2011 ;\nVU les avis simples recueillis au cours de la consultation r\u00e9glementaire ;\nVU l'avis favorable du directeur r\u00e9gional de l'environnement, de l'am\u00e9nagement et du logement de la r\u00e9gion  \nProvence-Alpes-C\u00f4te d'Azur en date du 29 janvier 2025 ;\n1/3\nDirection de la Citoyennet\u00e9, de la L\u00e9galit\u00e9 et de l'Environnement  - 13-2025-03-17-00001 - Habilitation \u00e0 participer au d\u00e9bat sur\nl'environnement - cadre r\u00e9gional - Fondation Tour du Valat 17\nCONSID\u00c9RANT que la fondation Tour du Valat agr\u00e9\u00e9e pour la protection de l'environnement, respecte les  \ncrit\u00e8res r\u00e9glementaires exig\u00e9s par l'article R 141-21 du code de l'environnement relatifs \u00e0 sa repr\u00e9sentativit\u00e9, \u00e0  \nson exp\u00e9rience, \u00e0 ses r\u00e8gles de gouvernance et de transparence financi\u00e8re lui permettant de prendre part au  \nd\u00e9bat sur l'environnement dans le cadre des instances consultatives r\u00e9gionales ayant vocation \u00e0 examiner les  \npolitiques d'environnement et de d\u00e9veloppement durable ;\nCONSID\u00c9RANT que l'association respecte les conditions fix\u00e9es dans l'arr\u00eat\u00e9 du 21 septembre 2012, \u00e0 savoir  \njustifier pour l'exercice pr\u00e9c\u00e9dant la date de d\u00e9p\u00f4t de la demande d'un nombre de membres \u00e0 jour de leur  \ncotisation sup\u00e9rieure \u00e0 150 et d'une activit\u00e9 effective sur au moins trois d\u00e9partements du territoire r\u00e9gional ;\nCONSIDERANT qu'elle satisfait ainsi \u00e0 l'ensemble des conditions requises pour obtenir l'habilitation sollicit\u00e9e ;\nSUR proposition du secr\u00e9taire g\u00e9n\u00e9ral pour les affaires r\u00e9gionales,\nARR\u00caTE\nArticle 1\nLa fondation Tour du Valat dont le si\u00e8ge social est situ\u00e9 \u00e0 Arles \u2013 Le Sambuc, est habilit\u00e9e \u00e0 prendre part au  \nd\u00e9bat sur l'environnement se d\u00e9roulant dans le cadre des instances consultatives r\u00e9gionales Provence-Alpes-\nC\u00f4te d'Azur, vis\u00e9es par le d\u00e9cret n\u00b02011-833 du 12 juillet 2011 .\nArticle 2\nCette d\u00e9cision d'habilitation est accord\u00e9e pour une dur\u00e9e limit\u00e9e \u00e0 cinq ans et prendra effet \u00e0 compter de la  \ndate de sa signature  ; son renouvellement, en application de l'article R.141-23 du Code de l'Environnement,  \ndevra \u00eatre sollicit\u00e9 quatre mois au moins avant la date \u00e0 laquelle viendra \u00e0 expiration sa validit\u00e9.\nArticle 3\nLa fondation Tour du Valat devra publier chaque ann\u00e9e sur son site internet, un mois au plus tard apr\u00e8s leur  \napprobation par l'assembl\u00e9e g\u00e9n\u00e9rale, son rapport d'activit\u00e9 et son rapport moral, ses comptes de r\u00e9sultat et de  \nbilan ainsi que leurs annexes et, le cas \u00e9ch\u00e9ant, son compte d'emploi des ressources.\nArticle 4\nLa pr\u00e9sente d\u00e9cision peut \u00eatre abrog\u00e9e en cas de non-respect des conditions fix\u00e9es \u00e0 l'article R141-21 du code  \nde l'environnement et si l'association ne justifie plus des obligations pr\u00e9vues \u00e0 l'article 3 du pr\u00e9sent arr\u00eat\u00e9.\nArticle 5 \nLe pr\u00e9sent arr\u00eat\u00e9 est susceptible de recours gracieux aupr\u00e8s du pr\u00e9fet des Bouches-du-Rh\u00f4ne, de recours  \nhi\u00e9rarchique ou de recours contentieux devant le Tribunal administratif de Marseille \u2013 31, rue Jean-Fran\u00e7ois  \nLECA \u2013 13  235 Marseille cedex 02, dans un d\u00e9lai de deux mois \u00e0 compter de sa notification ou publication,  \ndans les conditions pr\u00e9vues \u00e0 l'article R.421-1 et suivant du code de justice administrative. La juridiction  \nadministrative comp\u00e9tente peut aussi \u00eatre saisie par l'application T\u00e9l\u00e9recours-citoyens accessible \u00e0 partir du  \nsite www.telerecours.fr.\n2/3\nDirection de la Citoyennet\u00e9, de la L\u00e9galit\u00e9 et de l'Environnement  - 13-2025-03-17-00001 - Habilitation \u00e0 participer au d\u00e9bat sur\nl'environnement - cadre r\u00e9gional - Fondation Tour du Valat 18\nArticle 6\nLe secr\u00e9taire g\u00e9n\u00e9ral pour les affaires r\u00e9gionales et le directeur r\u00e9gional de l'environnement, de l'am\u00e9nagement  \net du logement sont charg\u00e9s, chacun en ce qui le concerne, de l'ex\u00e9cution du pr\u00e9sent arr\u00eat\u00e9.\nCet acte administratif est notifi\u00e9 au pr\u00e9sident de l'association, qui en est b\u00e9n\u00e9ficiaire, et fera l'objet d'une  \npublication au recueil des actes administratifs de l'\u00c9tat.\nFait \u00e0 Marseille, le 17 MARS 2025\nPour le Pr\u00e9fet\nLe secr\u00e9taire g\u00e9n\u00e9ral\npour les affaires r\u00e9gionales\nSIGN\u00c9\nDidier MAMIS\n3/3\nDirection de la Citoyennet\u00e9, de la L\u00e9galit\u00e9 et de l'Environnement  - 13-2025-03-17-00001 - Habilitation \u00e0 participer au d\u00e9bat sur\nl'environnement - cadre r\u00e9gional - Fondation Tour du Valat 19\nPr\u00e9fecture de police des Bouches-du-Rh\u00f4ne\n13-2025-03-17-00006\nArr\u00eat\u00e9 autorisant la mise en commun des\neffectifs de police municipale des communes de\nLa Bouilladisse et de La Penne-sur Huveaune \u00e0\nl'occasion du Carnaval organis\u00e9 dans la\ncommune de La Bouilladisse le 22 mars 2025\nPr\u00e9fecture de police des Bouches-du-Rh\u00f4ne - 13-2025-03-17-00006 - Arr\u00eat\u00e9 autorisant la mise en commun des effectifs de police\nmunicipale des communes de La Bouilladisse et de La Penne-sur Huveaune \u00e0 l'occasion du Carnaval organis\u00e9 dans la commune de La\nBouilladisse le 22 mars 2025\n20\nPREFECTURE DE POLICEDES BOUCHES-DU-RHONELibert\u00e9Egalit\u00e9Fraternit\u00e9\n \n \n \nBureau S\u00e9curit\u00e9 et Ordre Publics \n \n \n  \n   \nArr\u00eat\u00e9 autorisant la mise en commun des effectifs de police municipale des communes \nde La Bouilladisse et de La Penne-sur Huveaune \u00e0 l'occasion du Carnaval organis\u00e9 \ndans la commune de La Bouilladisse le 22 mars 2025 \n \nLe pr\u00e9fet de police des Bouches-du-Rh\u00f4ne, \n \n \n \nVu le code de la s\u00e9curit\u00e9 int\u00e9rieure, et notamment son article L.512-3 ; \n \nVu le d\u00e9cret n\u00b0 2004 -374 du 29 avril 2004 modifi\u00e9 relatif aux pouvoirs des pr\u00e9fets, \u00e0 l'organisation et \u00e0 l'action \ndes services de l'Etat dans les r\u00e9gions et d\u00e9partements ; \n \nVu le d\u00e9cret n\u00b0 2014-134 du 14 f\u00e9vrier 2014 relatif \u00e0 l'organisation des services de l'Etat dans le d\u00e9partement des \nBouches-du-Rh\u00f4ne et aux attributions du pr\u00e9fet de police des Bouches-du-Rh\u00f4ne ; \n \nVu le d\u00e9cret du pr\u00e9sident de la R\u00e9publique en date du 26 ao\u00fbt 2021 portant nomination de M. R\u00e9mi BOURDU en \nqualit\u00e9 de directeur de cabinet de la pr\u00e9f\u00e8te de police des Bouches-du-Rh\u00f4ne ; \n \nVu le d\u00e9cret du pr\u00e9sident de la R\u00e9publique en date du 7 f\u00e9vrier 2024 nommant M. Pierre -Edouard COLLIEX \npr\u00e9fet de police des Bouches-du-Rh\u00f4ne ; \n \nVu la demande de mise \u00e0 disposition d e policiers municipaux de la commune de La Penne -sur-Huveaune \nformul\u00e9e par le maire de La Bouilladisse \u00e0 l'occasion du carnaval organis\u00e9 dans sa commune le 22 mars 2025 ; \n \nVu l'accord du maire de La Penne-sur-Huveaune pour la mise \u00e0 disposition d' agents de police municipale de sa \ncommune au profit de la commune de La Bouilladisse ; \n \nConsid\u00e9rant que la demande du maire de La Bouilladisse est justifi\u00e9e par des consid\u00e9rations li\u00e9es au maintien \nde la tranquillit\u00e9 et de l'ordre public.                                                                       \n \nSur proposition du directeur de cabinet du pr\u00e9fet de police des Bouches-du-Rh\u00f4ne ; \n \n \nARR\u00caTE \n \n \nArticle premier  : La mise en commun d e deux  agents de police munic ipale de  la commune de                          \nLa Penne-sur-Huveaune au profit de la commune de La Bouilladisse est autoris\u00e9e, le samedi 22 mars 2025  de \n11h00 \u00e0 17h00, \u00e0 l'occasion du carnaval organis\u00e9 dans cette commune ; \n \nArticle 2 : La commune de La Bouilladisse b\u00e9n\u00e9ficie du concours des agents de police municipale mentionn\u00e9s \u00e0 \nl'article 1 er munis de leurs \u00e9quipements r\u00e9glementaires et de leur armement conforme aux cat\u00e9gories pour \nlesquelles le maire de La Bouilladisse d\u00e9tient les autorisations de d\u00e9tention ; \n \nArticle 3 : Ces agents de police municipale assurer ont exclusivement des missions de police administrative en \nappui des policiers municipaux locaux ; \n \n \n \n \nPr\u00e9fecture de police des Bouches-du-Rh\u00f4ne - 13-2025-03-17-00006 - Arr\u00eat\u00e9 autorisant la mise en commun des effectifs de police\nmunicipale des communes de La Bouilladisse et de La Penne-sur Huveaune \u00e0 l'occasion du Carnaval organis\u00e9 dans la commune de La\nBouilladisse le 22 mars 2025\n21\nArticle 4  : Le pr\u00e9sent arr\u00eat\u00e9 est publi\u00e9 au recueil des actes administratifs des services de l 'Etat dans les         \nBouches-du-Rh\u00f4ne. Il peut faire l'objet d'un recours dans un d\u00e9lai de deux mois \u00e0 compter de sa publication.  Le \ntribunal administratif de Marseille est comp\u00e9tent pour conna\u00eetre des litiges n\u00e9s de l'application du pr\u00e9sent arr\u00eat\u00e9.  \nLa juridiction administrative comp\u00e9tente peut aussi \u00eatre saisie par l'application T\u00e9l\u00e9 recours citoyens accessible \u00e0 \npartir du site www.telerecours.fr ; \n \nArticle 5  : Monsieur le directeur de cabinet du pr\u00e9fet  de police  des Bouches -du-Rh\u00f4ne, les maires de La \nBouilladisse, de La Penne-sur-Huveaune et Monsieur le g\u00e9n\u00e9ral commandant le groupement de gendarmerie \nd\u00e9partementale des Bouches-du-Rh\u00f4ne sont charg\u00e9s de l'ex\u00e9cution du pr\u00e9sent arr\u00eat\u00e9. \n \n \n \nMarseille, le 17 mars 2025 \n \nPour le pr\u00e9fet de police \ndes Bouches-du-Rh\u00f4ne, \nle directeur de cabinet \n \nSign\u00e9 \n \nR\u00e9mi BOURDU \n \n \n \n \nPr\u00e9fecture de police des Bouches-du-Rh\u00f4ne - 13-2025-03-17-00006 - Arr\u00eat\u00e9 autorisant la mise en commun des effectifs de police\nmunicipale des communes de La Bouilladisse et de La Penne-sur Huveaune \u00e0 l'occasion du Carnaval organis\u00e9 dans la commune de La\nBouilladisse le 22 mars 2025\n22\nPr\u00e9fecture de police des Bouches-du-Rh\u00f4ne\n13-2025-03-17-00003\nArr\u00eat\u00e9 portant modification de la limite entre la\nZone C\u00f4t\u00e9 Ville et la Partie Critique de Zone de\nS\u00fbret\u00e9 \u00e0 Acc\u00e8s R\u00e9glement\u00e9 de l'a\u00e9rodrome\nMarseille Provence\nPr\u00e9fecture de police des Bouches-du-Rh\u00f4ne - 13-2025-03-17-00003 - Arr\u00eat\u00e9 portant modification de la limite entre la Zone C\u00f4t\u00e9 Ville\net la Partie Critique de Zone de S\u00fbret\u00e9 \u00e0 Acc\u00e8s R\u00e9glement\u00e9 de l'a\u00e9rodrome Marseille Provence 23\nE =PR\u00c9FECTURE DE POLICEDES BOUCHES-DU-RHONELibert\u00e9Egalit\u00e9Fraternit\u00e9\n \nDirection de la s\u00e9curit\u00e9 \nde l'aviation civile Sud-Est \n \nPlace F\u00e9lix Baret \u2013 CS 80001 \u2013 13282 MARSEILLE CEDEX 06 \nTel 04.96.10.64.11 \u2013 Fax 04.91.55.56.72 \u2013 pp13-courrier@interieur.gouv.fr \nhttp://www.bouches-du-rhone.gouv.fr \u2013 Twitter : @prefpolice13 \u2013 Facebook : Pr\u00e9fecture de police des Bouches-du-Rh\u00f4ne \n \n \n \n \n \nArr\u00eat\u00e9 n\u00b0 13-2025-03-17-00003 portant modification de la limite entre la Zone C\u00f4t\u00e9 Ville et la \nPartie Critique de Zone de S\u00fbret\u00e9 \u00e0 Acc\u00e8s R\u00e9glement\u00e9 de l'a\u00e9rodrome Marseille Provence \n \n \nLe pr\u00e9fet de police des Bouches-du-Rh\u00f4ne, \n \nVu le r\u00e8glement (CE) n\u00b0 300/2008 modifi\u00e9 du Parlement europ\u00e9en et du Conseil du 11 mars 2008 relatif \u00e0 l'instauration \nde r\u00e8gles communes dans le domaine de la s\u00fbret\u00e9 de l'Aviation civile ; \n \nVu le r\u00e8glement (CE) n\u00b0 272/2009 modifi\u00e9 de la Commission du 2 avril 2009 compl\u00e9tant les normes de base communes \nen mati\u00e8re de s\u00fbret\u00e9 de l'Aviation civile figurant \u00e0 l'annexe du r\u00e8glement (CE) n\u00b0300/2008 du Parlement europ\u00e9en et \ndu Conseil ;  \n \nVu le r\u00e8glement (UE) n\u00b02015/1998 de la Commission 5 novembre 2015 fixant des mesures d\u00e9taill\u00e9es pour la mise en \n\u0153uvre des normes de base communes dans le domaine de la s\u00fbret\u00e9 de l'Aviation civile ;   \n \nVu la d\u00e9cision C(2015)8005 de la Commission du 16 novembre 2015 d\u00e9finissant des mesures d\u00e9taill\u00e9es pour la mise \nen \u0153uvre des r\u00e8gles communes dans le domaine de la s\u00fbret\u00e9 de l'Aviation contenant des informations vis\u00e9es \u00e0 l'article \n18, point a), du r\u00e8glement (CE) n\u00b0300/2008 ; \n \nVu le code des transports ; \n \nVu le d\u00e9cret du 7 f\u00e9vrier 2024 portant nomination de M. Pierre-\u00c9douard COLLIEX, pr\u00e9fet de police des Bouches-du-\nRh\u00f4ne ; \n  \nVu l'arr\u00eat\u00e9 en date du 4 mars 2024 donnant d\u00e9l\u00e9gation de signature \u00e0 M. R\u00e9mi BOURDU, sous-pr\u00e9fet hors classe, \ndirecteur de cabinet du pr\u00e9fet de police des Bouches-du-Rh\u00f4ne ; \n \nVu l'arr\u00eat\u00e9 minist\u00e9riel du 11 septembre 2013 relatif aux mesures de s\u00fbret\u00e9 de l'Aviation civile, modifi\u00e9, \n \nVu l'arr\u00eat\u00e9 minist\u00e9riel du 11 septembre 2013 relatif aux mesures de s\u00fbret\u00e9 sensibles de l'Aviation civile, modifi\u00e9 ; \n \nVu l'arr\u00eat\u00e9 pr\u00e9fectoral n\u00b0 13-2024-09-04-00014 du 4 septembre 2024 relatif aux mesures de police applicables sur \nl'a\u00e9rodrome Marseille Provence ; \n \nVu l'avis du directeur de la s\u00e9curit\u00e9 de l'Aviation civile Sud-Est,  \n \nVu l'avis de l'exploitant de l'a\u00e9roport de Marseille Provence ; \n \nVu l'avis de la Brigade de Gendarmerie des Transports A\u00e9riens, de la Police Aux Fronti\u00e8res, des Douanes ; \n \n \nARR\u00caTE \n \n \nArticle premier : Dans le cadre des travaux pour l'ouverture du futur poste d'inspection filtrage H24 (PIF H24) r\u00e9serv\u00e9 \naux personnels de l'a\u00e9roport de Marseille Provence, la limite entre la Zone C\u00f4t\u00e9 Ville (ZCV) et la Partie Critique de \nZone de S\u00fbret\u00e9 \u00e0 Acc\u00e8s R\u00e9glement\u00e9 (PCZSAR) est modifi\u00e9e en deux temps. \n \nArticle 2 : La modification de la limite entre la ZCV et la PCZSAR, se traduit par les \u00e9volutions suivantes de la charte \ns\u00fbret\u00e9 de l'a\u00e9roport Marseille Provence : \n \nPr\u00e9fecture de police des Bouches-du-Rh\u00f4ne - 13-2025-03-17-00003 - Arr\u00eat\u00e9 portant modification de la limite entre la Zone C\u00f4t\u00e9 Ville\net la Partie Critique de Zone de S\u00fbret\u00e9 \u00e0 Acc\u00e8s R\u00e9glement\u00e9 de l'a\u00e9rodrome Marseille Provence 24\n \n \n \nDans la nuit du 9 au 10 avril 2025, le SAS de sortie du PIF H24 et d\u00e9class\u00e9 en Zone C\u00f4t\u00e9 Ville : \n \n- Remplacement de la partie du feuillet E071-02R-CHA-SUR-0076 AI folio 39c, concern\u00e9e par les travaux du \nPIF H24, par le feuillet E071-02R-CHA-SUR-0076 AJP folio 39c annex\u00e9 \u00e0 la charte s\u00fbret\u00e9. \n \nLe 10 avril 2025, le circuit de sortie du nouveau PIF H24 est class\u00e9 en PCZSAR : \n \n- Remplacement du feuillet E071-02R-CHA-SUR-0076 AJP folio 39c, par le feuillet E071-02R-CHA-SUR-0076 \nAJP2 folio 39c annex\u00e9 \u00e0 la charte s\u00fbret\u00e9. \n \nLes feuillets de la charte s\u00fbret\u00e9 sont consultables aupr\u00e8s de l'exploitant de l'a\u00e9roport Marseille Provence. \n \n\u00c0 l'issue des travaux, une visite de st\u00e9rilit\u00e9 sera r\u00e9alis\u00e9e par un agent de s\u00fbret\u00e9, avant le passage de la zone en \nPCZSAR. \n \nArticle 3 : Les travaux de modification de la fronti\u00e8re physique sont organis\u00e9s de mani\u00e8re \u00e0 garantir sa parfaite \n\u00e9tanch\u00e9it\u00e9 \u00e0 tout moment de leur ex\u00e9cution. La fronti\u00e8re modifi\u00e9e prend la forme d'un obstacle physique interdisant tout \nacc\u00e8s aux personnes non autoris\u00e9es. \n \nArticle 4 : Les modifications successives de la limite prennent effet apr\u00e8s mise en \u0153uvre effective des nouvelles \nfronti\u00e8res physiques pr\u00e9vue les 9 et 10 avril 2025. \n \nL'exploitant d'a\u00e9rodrome de Marseille Provence informe les services de l'\u00c9tat de la date effective de fin de travaux. \n \nCes dates sont donn\u00e9es \u00e0 titre indicatif et pourront \u00e9voluer en fonction des al\u00e9as du chantier. \n \nArticle 5 : Le directeur de cabinet du pr\u00e9fet de police des Bouches-du-Rh\u00f4ne, la directrice de la s\u00e9curit\u00e9 de l'Aviation \ncivile sud-est, le commandant de la brigade de gendarmerie des transports a\u00e9riens de Marseille, le chef du service de \nla police aux fronti\u00e8res de l'a\u00e9roport de MARSEILLE-PROVENCE, le directeur interr\u00e9gional des douanes de Marseille \net l'exploitant d'a\u00e9rodrome de Marseille Provence sont charg\u00e9s, chacun en ce qui le concerne, de l'ex\u00e9cution du pr\u00e9sent \narr\u00eat\u00e9 qui sera publi\u00e9 au recueil des actes administratifs de la pr\u00e9fecture des Bouches-du-Rh\u00f4ne et disponible dans \nl'enceinte de l'a\u00e9rodrome de MARSEILLE-PROVENCE. \n \n \n Marseille, le 17 mars 2025 \n \nPour le pr\u00e9fet de police des Bouches du Rh\u00f4ne, \nLe directeur de cabinet \n \nSign\u00e9 \n \nR\u00e9mi BOURDU \n \n \n \n \n \n \n \n \n \n \n \n \n \nPr\u00e9fecture de police des Bouches-du-Rh\u00f4ne - 13-2025-03-17-00003 - Arr\u00eat\u00e9 portant modification de la limite entre la Zone C\u00f4t\u00e9 Ville\net la Partie Critique de Zone de S\u00fbret\u00e9 \u00e0 Acc\u00e8s R\u00e9glement\u00e9 de l'a\u00e9rodrome Marseille Provence 25\nPr\u00e9fecture des Bouches-du-Rhone\n13-2025-03-17-00002\nArr\u00eat\u00e9 portant modification de la composition\nnominative de la commission d\u00e9partementale de\nla coop\u00e9ration intercommunale (CDCI) des\nBouches-du-Rh\u00f4ne en formation pl\u00e9ni\u00e8re\nPr\u00e9fecture des Bouches-du-Rhone - 13-2025-03-17-00002 - Arr\u00eat\u00e9 portant modification de la composition nominative de la\ncommission d\u00e9partementale de la coop\u00e9ration intercommunale (CDCI) des Bouches-du-Rh\u00f4ne en formation pl\u00e9ni\u00e8re 26\nEnPREFETDES BOUCHES-DU-RHONELibert\u00e9Egalit\u00e9Fraternit\u00e9\nDirection de la citoyennet\u00e9,\nde la l\u00e9galit\u00e9\net de l'environnement\nBureau des finances locales\net de l'intercommunalit\u00e9\nARR\u00caT\u00c9 PORTANT MODIFICATION DE LA COMPOSITION NOMINATIVE\nDE LA COMMISSION D\u00c9PARTEMENTALE DE LA COOP\u00c9RATION INTERCOMMUNALE\n(CDCI) DES BOUCHES-DU-RH\u00d4NE EN FORMATION PL\u00c9NI\u00c8RE\nLe pr\u00e9fet\nde la r\u00e9gion Provence-Alpes-C\u00f4te d'Azur\npr\u00e9fet de la zone de d\u00e9fense et de s\u00e9curit\u00e9 Sud\npr\u00e9fet des Bouches-du-Rh\u00f4ne\nVU le code g\u00e9n\u00e9ral des collectivit\u00e9s territoriales (CGCT) et notamment ses articles L. 5211-43, R. 5211-22 \net R. 5211-24 ;\nVU la loi n\u00b0 2019-1461 du 27 d\u00e9cembre 2019 relative \u00e0 l'engagement dans la vie locale et \u00e0 la proximit\u00e9  \nde l'action publique ;\nVU le d\u00e9cret du 3 janvier 2025 portant nomination de monsieur Georges-Fran\u00e7ois LECLERC en qualit\u00e9  \nde pr\u00e9fet de la r\u00e9gion Provence-Alpes-C\u00f4te d'Azur, pr\u00e9fet de la zone de d\u00e9fense et de s\u00e9curit\u00e9 sud,  \npr\u00e9fet des Bouches-du-Rh\u00f4ne ;\nVU le  d\u00e9cret  n\u00b0  2011-122  du  28  janvier  2011  relatif  \u00e0  la  composition  et  au  fonctionnement  de  la \ncommission d\u00e9partementale de la coop\u00e9ration intercommunale ;\nVU la circulaire du 30 juillet 2020 du minist\u00e8re de la coh\u00e9sion des territoires et des relations avec les  \ncollectivit\u00e9s territoriales relative aux modalit\u00e9s de composition et de fonctionnement de la commission \nd\u00e9partementale de la coop\u00e9ration intercommunale ;\nVU l'arr\u00eat\u00e9  pr\u00e9fectoral  du  27  octobre  2020  constatant  la  composition  g\u00e9n\u00e9rale  de  la  commission \nd\u00e9partementale de la coop\u00e9ration intercommunale et la r\u00e9partition des si\u00e8ges entre les diff\u00e9rents  \ncoll\u00e8ges ;\nVU l'arr\u00eat\u00e9 pr\u00e9fectoral du 13 mars 2024 portant modification de la composition nominative de la  \ncommission d\u00e9partementale de la coop\u00e9ration intercommunale des Bouches-du-Rh\u00f4ne en formation  \npl\u00e9ni\u00e8re ;\nCONSID\u00c9RANT que  la  d\u00e9mission  du  tiers  du  conseil  municipal  de  Rognac  a  rendu  n\u00e9cessaire  \nl'organisation  d'une  \u00e9lection  municipale  partielle  int\u00e9grale  des  conseillers  municipaux  afin  de  \nrenouveler le conseil municipal dans son ensemble ;\nPlace F\u00e9lix Baret - CS 80001  \u2013 13282 - Marseille Cedex 06\nT\u00e9l\u00e9phone : 04.84.35.40.00 \nSite internet : www.bouches-du-rhone.gouv.fr\nPr\u00e9fecture des Bouches-du-Rhone - 13-2025-03-17-00002 - Arr\u00eat\u00e9 portant modification de la composition nominative de la\ncommission d\u00e9partementale de la coop\u00e9ration intercommunale (CDCI) des Bouches-du-Rh\u00f4ne en formation pl\u00e9ni\u00e8re 27\nCONSID\u00c9RANT d'une part, qu'au terme de l'\u00e9lection du 24 novembre 2024, madame Sylvie MICELI-\nHOUDAIS a perdu sa qualit\u00e9 d'\u00e9lue municipale ; d'autre part, que sa perte de mandat entra\u00eene la  \nvacance d\u00e9finitive du si\u00e8ge qu'elle occupe au sein de la commission d\u00e9partementale de la coop\u00e9ration \nintercommunale ; que, par cons\u00e9quent, il convient d'attribuer ce si\u00e8ge au premier candidat non \u00e9lu  \nfigurant  sur  la  liste  du  coll\u00e8ge  des  communes  dont  la  population  est  inf\u00e9rieure  \u00e0  la  moyenne  \ncommunale du d\u00e9partement, pour la dur\u00e9e du mandat restant \u00e0 courir ;\nCONSID\u00c9RANT qu'il  y  a  lieu  d'arr\u00eater  la  nouvelle  composition  nominative  de  la  CDCI  dans  sa  \nformation pl\u00e9ni\u00e8re ;\nSUR PROPOSITION du secr\u00e9taire g\u00e9n\u00e9ral de la pr\u00e9fecture des Bouches-du-Rh\u00f4ne ;\nARR\u00caTE\nARTICLE 1  er   \nLa commission d\u00e9partementale de la coop\u00e9ration intercommunale (CDCI) des Bouches-du-Rh\u00f4ne est  \ncompos\u00e9e, dans sa formation pl\u00e9ni\u00e8re, des 51 membres suivants :\nI \u2013 Coll\u00e8ge des repr\u00e9sentants des communes     :\na)  Coll\u00e8ge  des  communes  ayant  une  population  inf\u00e9rieure  \u00e0  la  moyenne  communale  du \nd\u00e9partement (10 membres) :\n- M. Georges CRISTIANI, maire de Mimet\n- M. Lucien LIMOUSIN, maire de Tarascon\n- Mme B\u00e9atrice BONFILLON-CHIAVASSA, maire de Fuveau\n- M. Bernard DESTROST, maire de Cuges-les-Pins\n- M. Claude PICCIRILLO, maire de Saint-Victoret\n- M. Jean-Pierre GIORGI, maire de Carnoux-en-Provence\n- M. Jean-Pascal GOURN\u00c8S, maire de Meyreuil\n- M. Patrick PIN, maire de Belcod\u00e8ne\n- M. Arnaud MERCIER, maire de Venelles\n- M. Pascal MONT\u00c9COT, maire de P\u00e9lissanne\nb) Coll\u00e8ge des cinq communes les plus peupl\u00e9es du d\u00e9partement (10 membres) :\n- Mme Mich\u00e8le RUBIROLA, adjointe au maire de Marseille\n- Mme Sophie CAMARD, conseill\u00e8re municipale de Marseille\n- M. Jo\u00ebl CANICAVE, adjoint au maire de Marseille\n- M. Francis TAULAN, adjoint au maire d'Aix-en-Provence\n- M. Pierre RAVIOL, adjoint au maire d'Arles\n- Mme Claire DE CAUSANS, adjointe au maire d'Arles\n- M. Henri CAMBESSEDES, adjoint au maire de Martigues\n- Mme Sophie DEGIOANNI, adjointe au maire de Martigues\n- M. G\u00e9rard GAZAY, maire d'Aubagne\n- Mme Danielle MENET, adjointe au maire d'Aubagne\nc) Coll\u00e8ge des communes ayant une population sup\u00e9rieure \u00e0 la moyenne communale du d\u00e9partement,  \nautres que les cinq communes les plus peupl\u00e9es (5 membres) :\n- M. Nicolas ISNARD, maire de Salon-de-Provence\n- M. Fr\u00e9d\u00e9ric VIGOUROUX, maire de Miramas\n- M. Eric LE DISS\u00c8S, maire de Marignane\n- M. Fran\u00e7ois BERNARDINI, maire d'Istres\n- Mme Arlette SALVO, 1\u00e8re adjointe au maire de La Ciotat\nPlace F\u00e9lix Baret - CS 80001  \u2013 13282 - Marseille Cedex 06\nT\u00e9l\u00e9phone : 04.84.35.40.00 \nSite internet : www.bouches-du-rhone.gouv.fr\nPr\u00e9fecture des Bouches-du-Rhone - 13-2025-03-17-00002 - Arr\u00eat\u00e9 portant modification de la composition nominative de la\ncommission d\u00e9partementale de la coop\u00e9ration intercommunale (CDCI) des Bouches-du-Rh\u00f4ne en formation pl\u00e9ni\u00e8re 28\nII \u2013 Coll\u00e8ge des repr\u00e9sentants des \u00e9tablissements publics de coop\u00e9ration intercommunale \u00e0 fiscalit\u00e9  \npropre (EPCI  \u00e0  FP  \u2013  15  membres)  :-  M.  G\u00e9rard  GARNIER,  vice-pr\u00e9sident  de  la  communaut\u00e9  de  \ncommunes Vall\u00e9e-des-Baux \u2013 Alpilles (CCVBA)\n- M. Roland MOUREN, vice-pr\u00e9sident d'AMP\n- M. Jean-Christophe DAUDET, vice-pr\u00e9sident de la communaut\u00e9 d'agglom\u00e9ration Terre de Provence\n- Mme Corinne CHABAUD, pr\u00e9sidente de la communaut\u00e9 d'agglom\u00e9ration Terre de Provence\n- M. Roland GIBERTI, vice-pr\u00e9sident de la m\u00e9tropole d'Aix-Marseille-Provence (AMP)\n- M. Serge PEROTTINO, vice-pr\u00e9sident d'AMP\n- M. Michel ROUX, vice-pr\u00e9sident d'AMP\n- Mme Sophie JOISSAINS, conseill\u00e8re m\u00e9tropolitaine d'AMP\n- M. Michel AMIEL, conseiller m\u00e9tropolitain d'AMP\n- M. Georges ROSSO, vice-pr\u00e9sident d'AMP\n- M. Didier KHELFA, vice-pr\u00e9sident d'AMP\n- M. Didier R\u00c9AULT, vice-pr\u00e9sident d'AMP\n- M. St\u00e9phane LE RUDULIER, conseiller m\u00e9tropolitain d'AMP\n- Mme Laurie PONS, vice-pr\u00e9sidente de la CA ACCM\n- Mme Catherine PILA, conseill\u00e8re m\u00e9tropolitaine d'AMP\nIII \u2013 Coll\u00e8ge des repr\u00e9sentants des syndicats intercommunaux et mixtes (3 membres) :\n- Mme C\u00e9line TRAMONTIN, pr\u00e9sidente du syndicat mixte d'\u00e9tude et de gestion de la nappe phr\u00e9atique  \nde la Crau (SYMCRAU)\n- M. Laurent GESLIN, pr\u00e9sident du syndicat intercommunal du Vigueirat et de la vall\u00e9e des Baux (SIVVB)\n- M. Michel ILLAC, conseiller syndical du syndicat mixte du Parc marin de la c\u00f4te bleue (SM PMCB)\nIV \u2013 Coll\u00e8ge du conseil d\u00e9partemental des Bouches-du-Rh\u00f4ne (CD 13 - 5 membres) :\n- Mme Mandy GRAILLON, conseill\u00e8re d\u00e9partementale\n- M. Fr\u00e9d\u00e9ric COLLART, conseiller d\u00e9partemental\n- Mme Alison DEVAUX, conseill\u00e8re d\u00e9partementale\n- M. Jean-Marc PERRIN, conseiller d\u00e9partemental\n- Mme Audrey GARINO, conseill\u00e8re d\u00e9partementale\nV \u2013 Coll\u00e8ge du conseil r\u00e9gional de Provence-Alpes-C\u00f4te d'Azur (3 membres) : \n- Mme Isabelle CAMPAGNOLA-SAVON, conseill\u00e8re r\u00e9gionale\n- M. Ludovic PERNEY, vice-pr\u00e9sident du conseil r\u00e9gional\n- M. Franck ALLISIO, conseiller r\u00e9gional\nVI \u2013 Pr\u00e9sence de parlementaires associ\u00e9s aux travaux de la commission     :\nSont \u00e9galement associ\u00e9s aux travaux de la commission, sans voix d\u00e9lib\u00e9rative, deux d\u00e9put\u00e9s et deux  \ns\u00e9nateurs  \u00e9lus  dans  le  d\u00e9partement  des  Bouches-du-Rh\u00f4ne,  d\u00e9sign\u00e9s  par  les  pr\u00e9sidents  de  leurs  \nassembl\u00e9es respectives.\nARTICLE 2     :  \nLes  membres  de  la  formation  restreinte  de  la  CDCI  sont  les  membres  \u00e9lus  lors  de  la  s\u00e9ance  \nd'installation de la commission pl\u00e9ni\u00e8re du 3 mai 2022 et lors de la s\u00e9ance du 21 f\u00e9vrier 2024.\nARTICLE 3     :  \nL'arr\u00eat\u00e9  pr\u00e9fectoral  du  13  mars  2024  portant  composition  de  la  composition  nominative  de  la  \ncommission d\u00e9partementale de la coop\u00e9ration intercommunale des Bouches-du-Rh\u00f4ne en formation  \npl\u00e9ni\u00e8re est abrog\u00e9.\nPlace F\u00e9lix Baret - CS 80001  \u2013 13282 - Marseille Cedex 06\nT\u00e9l\u00e9phone : 04.84.35.40.00 \nSite internet : www.bouches-du-rhone.gouv.fr\nPr\u00e9fecture des Bouches-du-Rhone - 13-2025-03-17-00002 - Arr\u00eat\u00e9 portant modification de la composition nominative de la\ncommission d\u00e9partementale de la coop\u00e9ration intercommunale (CDCI) des Bouches-du-Rh\u00f4ne en formation pl\u00e9ni\u00e8re 29\nArticle  4  :  Le  pr\u00e9sent  arr\u00eat\u00e9  peut  \u00eatre  contest\u00e9  dans  les  deux  mois  suivant  sa  notification  ou  sa \npublication au recueil des actes administratifs de la pr\u00e9fecture des Bouches-du-Rh\u00f4ne :\n- soit par voie de recours gracieux form\u00e9 aupr\u00e8s de monsieur le pr\u00e9fet de la r\u00e9gion Provence-Alpes-C\u00f4te \nd'Azur, pr\u00e9fet des Bouches-du-Rh\u00f4ne, place F\u00e9lix Baret CS80001 13282 Marseille Cedex 06 ;\n- soit  par  voie  de  recours  hi\u00e9rarchique form\u00e9  aupr\u00e8s de  monsieur  le  ministre  de  l'int\u00e9rieur,  place  \nBeauvau, 75800 Paris cedex 08 ;\n- soit par voie de recours contentieux d\u00e9pos\u00e9 aupr\u00e8s du tribunal administratif de Marseille \u2013 31, rue  \nJean-Fran\u00e7ois Leca, 13002 Marseille Cedex ou sur l'application T\u00e9l\u00e9recours citoyens accessible \u00e0 partir  \ndu site www.telerecours.fr  .  \nARTICLE 5     :\nLe secr\u00e9taire g\u00e9n\u00e9ral de la pr\u00e9fecture des Bouches-du-Rh\u00f4ne est charg\u00e9 de l'ex\u00e9cution du pr\u00e9sent  \narr\u00eat\u00e9 qui sera publi\u00e9 au recueil des actes administratifs de la Pr\u00e9fecture.\n                                   Marseille, le 17 mars 2025\nPour le pr\u00e9fet et par d\u00e9l\u00e9gation\nLe secr\u00e9taire g\u00e9n\u00e9ral\nsign\u00e9\nFr\u00e9d\u00e9ric POISOT\nPlace F\u00e9lix Baret - CS 80001  \u2013 13282 - Marseille Cedex 06\nT\u00e9l\u00e9phone : 04.84.35.40.00 \nSite internet : www.bouches-du-rhone.gouv.fr\nPr\u00e9fecture des Bouches-du-Rhone - 13-2025-03-17-00002 - Arr\u00eat\u00e9 portant modification de la composition nominative de la\ncommission d\u00e9partementale de la coop\u00e9ration intercommunale (CDCI) des Bouches-du-Rh\u00f4ne en formation pl\u00e9ni\u00e8re 30","date":"2025-03-17","first_seen_on":"2025-03-17T15:06:36+00:00","id":"c3216d7387d43f0d24bfcb99401505efd6d7981947b96aa6f896002289128f79","name":"recueil-13-2025-090-recueil-des-actes-administratifs-special du 17 mars 2025","pdf_creation_date":"2025-03-17T14:49:11+00:00","pdf_modification_date":"2025-03-17T14:49:45+00:00","timezone":"CET","url":"https://www.bouches-du-rhone.gouv.fr/contenu/telechargement/59010/418933/file/recueil-13-2025-090-recueil-des-actes-administratifs-special%20du%2017%20mars%202025.pdf"}
