{"administration":"pref30","administration_name":"Pr\u00e9fecture du Gard","content":"PR\u00c9FET\nDU GARD\nRECUEIL DES ACTES\nADMINISTRATIFS SP\u00c9CIAL\n(NOMINATIFS)\nN\u00b030-2025-170\nPUBLI\u00c9 LE 25 SEPTEMBRE 2025\nSommaire\nPrefecture du Gard /\n30-2025-09-22-00004 - Arr\u00eat\u00e9 composition COMEX Pr\u00e9fecture du\nGard  sept 2025 (2 pages) Page 3\n2\nPrefecture du Gard\n30-2025-09-22-00004\nArr\u00eat\u00e9 composition COMEX Pr\u00e9fecture du Gard \nsept 2025\nPrefecture du Gard - 30-2025-09-22-00004 - Arr\u00eat\u00e9 composition COMEX Pr\u00e9fecture du Gard  sept 2025 3\n#Ps,\nPREFET |DU GARD Service des Migrations et de l'int\u00e9grationLibert\u00e9 Bureau du contentieux des \u00c9trangersEgalit\u00e9Fraternit\u00e9\nAffaire suivie par : APpref-contentieux-etrangers@gard.gouv.fr\nARRETE n\u00b02025-COMEX-0001portant composition de la commission d\u00e9partementaled'expulsion du Gard |Le Pr\u00e9fet du Gard,Chevalierde la L\u00e9gion d'Honneuret Officier de l'Ordre National du M\u00e9rite\nVU le code de l'entr\u00e9e et du s\u00e9jour des \u00e9trangers et du droit d'asile, et notammentson article L. 632-1;VU le d\u00e9cret du 13 juillet 2023 portant nomination de Monsieur BONET J\u00e9r\u00f4me,pr\u00e9fet du Gard;VU le d\u00e9cret du 24 avril 2024 portant nomination de Monsieur GERARD Yann,secr\u00e9taire g\u00e9n\u00e9ral de la pr\u00e9fecture du Gard, sous-pr\u00e9fet de N\u00eemes ;VU l'ordonnance modificative n\u00b0 2023/140 ADM du 18 septembre 2023 par laquelleMadame GADAT Claire, pr\u00e9sidente du tribunal judiciaire de N\u00eemes, nommeMadame GADAT Claire, pr\u00e9sidente du tribunal judiciaire de N\u00eemes, en tant quepr\u00e9sidente de la commission, et, en cas d'absence, Monsieur PEREZ Jean-Michel,premier vice-pr\u00e9sident du tribunal judiciaire de N\u00eemes ;VU l'ordonnance modificative n\u00b0 2023/140 ADM du 18 septembre 2023 par laquelleMadame GADAT Claire, pr\u00e9sidente du tribunal judiciaire de N\u00eemes, nommeMonsieur 'SABOUREAU Gr\u00e9gory, vice-pr\u00e9sident en charge des contentieux de laprotection du tribunal judiciaire de N\u00eemes, pour si\u00e9ger au sein de la commission, et,en cas d'absence, Madame ANDREAU Patricia, premi\u00e8re vice-pr\u00e9sidente du tribunaljudiciaire de N\u00eemes;VU la d\u00e9cision du 21 mai 2025 par laquelle Monsieur CIREFICE Christophe,pr\u00e9sident du tribunal administratif de N\u00eemes, nomme Monsieur CAMBREZYGuillaume, conseiller au tribunal administratif de Nimes, pour si\u00e9ger au sein de lacommission, et, en cas d'absence, Madame MAZARS Minha, conseill\u00e8re au tribunaladministratif de Nimes; |SUR proposition du Secr\u00e9taire G\u00e9n\u00e9ral de la Pr\u00e9fecture du Gard;\nH\u00f4tel de la Pr\u00e9fecture = 10 avenue Feuch\u00e8res - 30045 NIMES CEDEX 9 - T\u00e9l. : 04.66.36.43.90 - Fax : 04.66.36.00.87 - www.gard gouv.fr1\nPrefecture du Gard - 30-2025-09-22-00004 - Arr\u00eat\u00e9 composition COMEX Pr\u00e9fecture du Gard  sept 2025 4\nARRETE:\nARTICLE 1: L'arr\u00eat\u00e9 n\u00b02024-COMEX-0001 du 15 octobre 2024 portant compositionde la commission d\u00e9partementale d'expulsion du Gard est abrog\u00e9 ;ARTICLE 2: La commission d\u00e9partementale d'expulsion du Gard est ainsicompos\u00e9e:- Madame GADAT, pr\u00e9sidente du tribunal judiciaire de Nimes, en qualit\u00e9 demembre titulaire, et Monsieur PEREZ Jean-Michel, premier vice-pr\u00e9sident dutribunal judiciaire de Nimes, en qualit\u00e9 de membre suppl\u00e9ant;- Monsieur SABOUREAU Gr\u00e9gory, vice-pr\u00e9sident en charge des contentieuxde la protection du tribunal judiciaire de N\u00eemes, en qualit\u00e9 de membre titulaire, etMadame ANDREAU Patricia, premi\u00e8re vice-pr\u00e9sidente du tribunal judiciaire deN\u00eemes, en qualit\u00e9 de membre suppl\u00e9ant;- Monsieur CAMBREZY Guillaume, conseiller au tribunal administratif deNimes, en qualit\u00e9 de membre titulaire, et Madame MAZARS Minha, conseill\u00e9re autribunal administratif de Nimes, en qualit\u00e9 de membre suppl\u00e9ant ;- La directrice d\u00e9partementale de l'emploi, du travail et des solidarit\u00e9s duGard ou son repr\u00e9sentant, en qualit\u00e9 de membre sans voix d\u00e9lib\u00e9rative ; |ARTICLE 3: Madame GADAT Claire est nomm\u00e9e pr\u00e9sidente de la commissiond\u00e9partementale d'expulsion du Gard;ARTICLE 4 : Les fonctions de rapporteur devant la commission sont assur\u00e9es parla directrice du service des migrations et de l'int\u00e9gration de la Pr\u00e9fecture du GardOu par tout agent du service aqui elle a donne procuration;ARTICLE 5 : Monsieur le Secr\u00e9taire G\u00e9n\u00e9ral de la Pr\u00e9fecture du Gard est charg\u00e9 del'ex\u00e9cution du pr\u00e9sent arr\u00eat\u00e9.\nN\u00eemes, le 99 SEp. 2025Le Pr\u00e9fet,\nethias NIEPS \u0178_\nH\u00f4tel de la Pr\u00e9fecture \u2014 10 avenue Feuch\u00e8res \u2014 30045 NIMES CEDEX 9 - T\u00e9l. : 04.66.36.43.90 - Fax : 04.66.36.00.87 - www.gard.gouv.fr\nPrefecture du Gard - 30-2025-09-22-00004 - Arr\u00eat\u00e9 composition COMEX Pr\u00e9fecture du Gard  sept 2025 5","date":"2025-09-25","first_seen_on":"2025-09-25T16:23:13+00:00","id":"c35d5a76aab82f50c4402082537d565d9c24b8bba0b8ee5d604e29c8688a7ee0","name":"recueil-30-2025-170-nominatifs du 25 09 2025","pdf_creation_date":"2025-09-25T14:56:18+00:00","pdf_modification_date":null,"timezone":"Europe/Paris","url":"https://www.gard.gouv.fr/contenu/telechargement/65556/482243/file/recueil-30-2025-170-nominatifs%20du%2025%2009%202025.pdf"}
