{"administration":"prefidf","administration_name":"Pr\u00e9fecture de la r\u00e9gion \u00cele-de-France","content":"PREFECTURE\nREGION ILE DE\nFRANCE\nRECUEIL DES ACTES\nADMINISTRATIFS SP\u00c9CIAL\nN\u00b0IDF-013-2025-06\nPUBLI\u00c9 LE  6 JUIN 2025\nSommaire\nDirection r\u00e9gionale et interd\u00e9partementale de l'\u00e9conomie, de l'emploi,\ndu travail et des solidarit\u00e9s d'\u00cele-de-France / secr\u00e9tariat de direction\nIDF-2025-06-06-00002 - D\u00e9cision n\u00b0 2025-107 du 06 juin 2025 portant\nsubd\u00e9l\u00e9gation de signature de Monsieur Marc Rohfritsch, Directeur\nr\u00e9gional et interd\u00e9partemental de l'\u00c9conomie, de l'Emploi, du\nTravail et des Solidarit\u00e9s d'\u00cele-de-France\npar int\u00e9rim, aux agents\nde l'unit\u00e9 d\u00e9partementale de la Seine-Saint-Denis (10 pages) Page 3\nIDF-2025-06-06-00003 - D\u00e9cision n\u00b0 2025-108 du 06 juin 2025\nPortant\nd\u00e9l\u00e9gation de signature du directeur r\u00e9gional et\ninterd\u00e9partemental de l'\u00e9conomie, de l'emploi, du travail et des\nsolidarit\u00e9s (5 pages) Page 14\nIDF-2025-06-06-00004 - D\u00e9cision n\u00b0 2025-109 du 06 juin 2025\nPortant\nd\u00e9l\u00e9gation de signature du directeur r\u00e9gional et\ninterd\u00e9partemental de l'\u00e9conomie, de l'emploi, du travail et des\nsolidarit\u00e9s (5 pages) Page 20\nRectorat de l'acad\u00e9mie de Cr\u00e9teil / Affaires juridiques\nIDF-2025-06-06-00001 - Arr\u00eat\u00e9 du 6 juin 2025 portant d\u00e9l\u00e9gation de\nsignature \u00e0 madame Val\u00e9rie DEBUCHY directrice acad\u00e9mique des\nservices de l'\u00e9ducation nationale du d\u00e9partement de la\nSeine-et-Marne \n (5 pages) Page 26\nRectorat de l'acad\u00e9mie de Versailles /\nIDF-2025-06-06-00008 - Arr\u00eat\u00e9 du Recteur de l'acad\u00e9mie de\nVersailles portant subd\u00e9l\u00e9gation de signature \u00e0 caract\u00e8re\nadministratif (4 pages) Page 32\nIDF-2025-06-06-00005 - Arr\u00eat\u00e9 portant d\u00e9l\u00e9gation de signature \u00e0\nMadame Pascale COQ, directrice acad\u00e9mique\ndes services de\nl'\u00e9ducation nationale de l'Essonne en charge du\nservice\nacad\u00e9mique mutualis\u00e9 de la gestion des bourses du second\ndegr\u00e9 (2 pages) Page 37\nIDF-2025-06-06-00006 - Arr\u00eat\u00e9 portant d\u00e9l\u00e9gation de signature\nadministrative du recteur \u00e0 Madame Pascale COQ, directrice\nacad\u00e9mique des services de l'\u00e9ducation\nnationale de l'Essonne\n(3 pages) Page 40\nIDF-2025-06-06-00007 - Arr\u00eat\u00e9 portant subd\u00e9l\u00e9gation de signature\nfinanci\u00e8re du recteur \u00e0 Madame Pascale COQ, directrice acad\u00e9mique\ndes services de l'\u00e9ducation\nnationale de l'Essonne (4 pages) Page 44\nRectorat de la r\u00e9gion acad\u00e9mique d'Ile-de-France, rectorat de\nl'acad\u00e9mie de Paris /\nIDF-2025-05-28-00010 - Arr\u00eat\u00e9 n\u00b0 2025-119-RA portant d\u00e9l\u00e9gation\nde signature \u00e0 la directrice de cabinet de la rectrice de la r\u00e9gion\nacad\u00e9mique \u00cele-de-France, Rectrice de l'acad\u00e9mie de Paris,\nChanceli\u00e8re des universit\u00e9s de Paris et d'\u00cele-de-France, dans le\ncadre du service de d\u00e9fense et de s\u00e9curit\u00e9 de l'acad\u00e9mie de\nParis, chef-lieu de la r\u00e9gion acad\u00e9mique \u00cele-de-France (1 page) Page 49\n2\nDirection r\u00e9gionale et interd\u00e9partementale de\nl'\u00e9conomie, de l'emploi, du travail et des\nsolidarit\u00e9s d'\u00cele-de-France\nIDF-2025-06-06-00002\nD\u00e9cision n\u00b0 2025-107 du 06 juin 2025 portant\nsubd\u00e9l\u00e9gation de signature de Monsieur Marc\nRohfritsch, Directeur r\u00e9gional et\ninterd\u00e9partemental de l'\u00c9conomie, de l'Emploi,\ndu Travail et des Solidarit\u00e9s d'\u00cele-de-France\npar int\u00e9rim, aux agents de l'unit\u00e9\nd\u00e9partementale de la Seine-Saint-Denis\nDirection r\u00e9gionale et interd\u00e9partementale de l'\u00e9conomie, de l'emploi, du travail et des solidarit\u00e9s d'\u00cele-de-France -\nIDF-2025-06-06-00002 - D\u00e9cision n\u00b0 2025-107 du 06 juin 2025 portant subd\u00e9l\u00e9gation de signature de Monsieur Marc Rohfritsch,\nDirecteur r\u00e9gional et interd\u00e9partemental de l'\u00c9conomie, de l'Emploi, du Travail et des Solidarit\u00e9s d'\u00cele-de-France\npar int\u00e9rim, aux agents de l'unit\u00e9 d\u00e9partementale de la Seine-Saint-Denis\n3\nE 3PR\u00c9FETDE LA SEINE-SAINT-DENISLibert\u00e9Egalit\u00e9Fraternit\u00e9\n Direction r\u00e9gionale et interd\u00e9partementale \nde l'\u00e9conomie, de l'emploi, \ndu travail et des solidarit\u00e9s \n \n \n             \n  \n \nD\u00c9CISION n\u00b0 2025-107 du 06 juin 2025 \n \nPortant subd\u00e9l\u00e9gation de signature de Monsieur Marc Rohfritsch, Directeur r\u00e9gional et \ninterd\u00e9partemental de l'\u00c9conomie, de l'Emploi, du Travail et des Solidarit\u00e9s d'\u00cele-de-France \npar int\u00e9rim, aux agents de l'unit\u00e9 d\u00e9partementale de la Seine-Saint-Denis \n \n \nVu le code de l'action sociale et des familles ;  \n \nVu le code de la sant\u00e9 publique ;  \n \nVu le code de la s\u00e9curit\u00e9 sociale ; \n \nVu le code du travail ; \n \nVu la loi n\u00b0 82-213 du 2 mars 1982 relative aux droits et libert\u00e9s des communes, des d\u00e9partements et \ndes r\u00e9gions, modifi\u00e9e ; \n \nVu la loi n\u00b0 83-663 du 22 juillet 1983 compl\u00e9tant la loi n\u00b0 83-8 du 7 janvier 1983 relative \u00e0 la r\u00e9partition \nde comp\u00e9tences entre les communes, les d\u00e9partements, les r\u00e9gions et l'\u00c9tat ; \nVu la loi d'orientation n\u00b0 92 -125 du 6 f\u00e9vrier 1992 modifi\u00e9e relative \u00e0 l'administration territoriale de \nla R\u00e9publique, notamment ses articles 4 et 6 ;  \n \nVu la loi d'orientation n\u00b0 95 -115 du 4 f\u00e9vrier 1995 modifi\u00e9e relative \u00e0 l'am\u00e9nagement et au \nd\u00e9veloppement du territoire ; \nVu la loi n\u00b0 2004-809 du 13 ao\u00fbt 2004 modifi\u00e9e relative aux libert\u00e9s et responsabilit\u00e9s locales  ; \nVu la loi n\u00b02014-856 du 31 juillet 2014 modifi\u00e9e relative \u00e0 l'\u00e9conomie sociale et solidaire  ; \nVu le d\u00e9cret n\u00b0 82-332 du 13 avril 1982 modifi\u00e9 relatif \u00e0 la mise \u00e0 la disposition du pr\u00e9sident du conseil \ng\u00e9n\u00e9ral des services ext\u00e9rieurs de l'\u00c9tat dans le d\u00e9partement ; \nVu le d\u00e9cret n\u00b084-591 du 4 juillet 1984 modifi\u00e9 relatif \u00e0 la m\u00e9daille d'honneur du travail  ; \nVu le d\u00e9cret  n\u00b086-442 du 14 mars 1986 modifi\u00e9 relatif \u00e0 la d\u00e9signation des m\u00e9decins agr\u00e9\u00e9s, \u00e0 \nl'organisation des comit\u00e9s m\u00e9dicaux et des commissions de r\u00e9forme, aux conditions d'aptitude \nphysique pour l'admission aux emplois publics et au r\u00e9gime de cong\u00e9s de maladie des \nfonctionnaires ; \nVu le d\u00e9cret n\u00b0 2004-374 du 29 avril 2004 modifi\u00e9 relatif aux pouvoirs des pr\u00e9fets, \u00e0 l'organisation et \n\u00e0 l'action des services de l'\u00c9tat dans les r\u00e9gions et d\u00e9partements ; \n \nVu le d\u00e9cret n\u00b0 2010-687 du 24 juin 2010 modifi\u00e9 relatif \u00e0 l'organisation et \u00e0 l'action des services de \nl'\u00e9tat dans la r\u00e9gion et les d\u00e9partements d'\u00cele de France ; \n \nVu le d\u00e9cret n\u00b0 2015-510 du 7 mai 2015 modifi\u00e9 portant charte de la d\u00e9concentration ;  \nDirection r\u00e9gionale et interd\u00e9partementale de l'\u00e9conomie, de l'emploi, du travail et des solidarit\u00e9s d'\u00cele-de-France -\nIDF-2025-06-06-00002 - D\u00e9cision n\u00b0 2025-107 du 06 juin 2025 portant subd\u00e9l\u00e9gation de signature de Monsieur Marc Rohfritsch,\nDirecteur r\u00e9gional et interd\u00e9partemental de l'\u00c9conomie, de l'Emploi, du Travail et des Solidarit\u00e9s d'\u00cele-de-France\npar int\u00e9rim, aux agents de l'unit\u00e9 d\u00e9partementale de la Seine-Saint-Denis\n4\n2 / 10 \nVu le d\u00e9cret n\u00b02015 -1689 du 17 d\u00e9cembre 2015 portant diverses mesures d'organisation et de \nfonctionnement dans les r\u00e9gions de l'administration territoriale de l' \u00c9tat et de commissions \nadministratives ; \n \nVu le d\u00e9cret n\u00b0 2020-1545 du 9 d\u00e9cembre 2020 relatif \u00e0 l'organisation et aux missions des directions \nr\u00e9gionales de l'\u00e9conomie, de l'emploi, du travail et des solidarit\u00e9s, des directions d\u00e9partementales \nde l'emploi, du travail et des solidarit\u00e9s et des directions d\u00e9partementales de l'emploi, du travail, des \nsolidarit\u00e9s et de la protection des populations ; \nVu le d\u00e9cret du pr\u00e9sident de la R\u00e9publique du 6 novembre 2024 nommant M. Julien CHARLES, pr\u00e9fet \nde la Seine-Saint-Denis ; \n \nVu l'arr\u00eat\u00e9 interminist\u00e9riel du 16 juin 2021 nommant Laurence DEGENNE -SHORTEN directrice \nadjointe de l'unit\u00e9 d\u00e9partementale de Seine -Saint-Denis \u00e0 la direction r\u00e9gionale et \ninterd\u00e9partementale de l'\u00e9conomie, de l'emploi, du travail et des solidarit\u00e9s d'Ile -de-France ; \n \nVu l'arr\u00eat\u00e9 interminist\u00e9riel du 13 d\u00e9cembre 2022 nommant Monsieur David SOUBRI\u00c9 directeur \nr\u00e9gional et interd\u00e9partemental adjoint de l'\u00e9conomie, de l'emploi, du travail et des solidarit\u00e9s d'\u00cele -\nde-France, charg\u00e9 des fonctions de directeur de l'unit\u00e9 d\u00e9partementale de Seine-Saint-Denis ; \n \nVu l'arr\u00eat\u00e9 interminist\u00e9riel du 20 mars 2025 nommant Marc ROHFRITSCH directeur r\u00e9gional et \ninterd\u00e9partemental de l'\u00e9conomie, de l'emploi, du travail et des solidarit\u00e9s d'\u00cele -de-France par \nint\u00e9rim \u00e0 compter du 1er avril 2025, \n \nVu l'arr\u00eat\u00e9 pr\u00e9fectoral n\u00b02025-2182 du 02/06/2025 par lequel le pr\u00e9fet de la Seine -Saint-Denis \nd\u00e9l\u00e8gue sa signature \u00e0 Monsieur Marc ROHFRITSCH , directeur r\u00e9gional et interd\u00e9partemental de \nl'\u00e9conomie, de l'emploi, du travail et des solidarit\u00e9s d'\u00cele-de-France par int\u00e9rim ; \n \n \nD\u00e9cide \nArticle 1er \n \nSubd\u00e9l\u00e9gation de signature est donn\u00e9e \u00e0  Monsieur David SOUBRI\u00c9 , directeur r\u00e9gional adjoint , \ndirecteur par int\u00e9rim de l'unit\u00e9 d\u00e9partementale de la Seine-Saint-Denis, \u00e0  l'effet de signer, les \nd\u00e9cisions, actes administratifs et correspondances concernant les attributions de la Direction \nr\u00e9gionale et interd\u00e9partementale de l'\u00e9conomie, de l'emploi, du travail et des solidarit\u00e9s (DRIEETS) \nde la r\u00e9gion \u00cele-de-France dans les domaines suivants relevant de la comp\u00e9tence du pr\u00e9fet de la \nSeine-Saint-Denis : \n \n \n Nature du pouvoir R\u00e9f\u00e9rence l\u00e9gislative et \nr\u00e8glementaire \n1- Dispositions relatives \u00e0 la lutte contre les exclusions \nTutelle des \npupilles de \nl'\u00c9tat : \n \nExercice de la tutelle des pupilles de l'\u00c9tat ; \nActes d'administration des deniers des \npupilles ; \nArticle L.224-1 et suivants du \ncode de l'action sociale et des \nfamilles \nAide sociale \n \nAdmission au b\u00e9n\u00e9fice de l'aide sociale \u00e0 la \ncharge de l'\u00c9tat ; \nArticle L.131-1 \u00e0 L.134-10 du \ncode de l'action sociale et des \nfamilles \nDirection r\u00e9gionale et interd\u00e9partementale de l'\u00e9conomie, de l'emploi, du travail et des solidarit\u00e9s d'\u00cele-de-France -\nIDF-2025-06-06-00002 - D\u00e9cision n\u00b0 2025-107 du 06 juin 2025 portant subd\u00e9l\u00e9gation de signature de Monsieur Marc Rohfritsch,\nDirecteur r\u00e9gional et interd\u00e9partemental de l'\u00c9conomie, de l'Emploi, du Travail et des Solidarit\u00e9s d'\u00cele-de-France\npar int\u00e9rim, aux agents de l'unit\u00e9 d\u00e9partementale de la Seine-Saint-Denis\n5\n3 / 10 \nRecours devant les juridictions d'aide sociale \net la notification des d\u00e9cisions prises apr\u00e8s \nexamen en commission d\u00e9partementale \nd'aide sociale ; \nAdmission dans un CHRS. \nArticle L. 345-1 du code de \nl'action sociale et des familles \n D\u00e9cisions relatives aux \u00e9valuation et prime de \nfonctions et de r\u00e9sultats des directeurs \nd'\u00e9tablissements sanitaires, sociaux et \nm\u00e9dico-sociaux des \u00e9tablissements \nmentionn\u00e9s aux 4\u00b0 et 6\u00b0 de l'article L5 du \ncode g\u00e9n\u00e9ral de la fonction publique, portant \ndispositions statutaires relatives \u00e0 la fonction \npublique hospitali\u00e8re. \n- Code g\u00e9n\u00e9ral de la fonction \npublique (partie l\u00e9gislative) ; \n- D\u00e9cret n\u00b0 2002-550 du 19 avril \n2002 modifi\u00e9 portant statut \nparticulier du corps de \ndirecteur des soins de la \nfonction publique hospitali\u00e8re \n; \n- D\u00e9cret n\u00b0 2005-921 du 2 ao\u00fbt \n2005 modifi\u00e9 portant statut \nparticulier des grades et \nemplois des personnels de \ndirection des \u00e9tablissements \nmentionn\u00e9s \u00e0 l'article 2 (1\u00b0 et \n2\u00b0) de la loi n\u00b0 86-33 du 9 \njanvier 1986 portant \ndispositions statutaires \nrelatives \u00e0 la fonction publique \nhospitali\u00e8re ; \n- D\u00e9cret n\u00b0 2007-1930 du 26 \nd\u00e9cembre 2007 modifi\u00e9 \nportant statut particulier du \ncorps des directeurs \nd'\u00e9tablissements sanitaires, \nsociaux et m\u00e9dico-sociaux de \nla fonction publique \nhospitali\u00e8re ; \n- D\u00e9cret n\u00b0 2012-749 du 9 mai \n2012 modifi\u00e9 relatif \u00e0 la prime \nde fonctions et de r\u00e9sultats \ndes corps ou emplois \nfonctionnels des personnels de \ndirection et des directeurs des \nsoins de la fonction publique \nhospitali\u00e8re ; \n- D\u00e9cret n\u00b0 2018-255 du 9 avril \n2018 relatif aux modalit\u00e9s \nd'indemnisation des p\u00e9riodes \nd'int\u00e9rim et \u00e0 l'indemnit\u00e9 de \ndirection commune pour \ncertains personnels de la \nfonction publique hospitali\u00e8re \n; \n- D\u00e9cret n\u00b0 2020-719 du 12 juin \n2020 relatif aux conditions \nDirection r\u00e9gionale et interd\u00e9partementale de l'\u00e9conomie, de l'emploi, du travail et des solidarit\u00e9s d'\u00cele-de-France -\nIDF-2025-06-06-00002 - D\u00e9cision n\u00b0 2025-107 du 06 juin 2025 portant subd\u00e9l\u00e9gation de signature de Monsieur Marc Rohfritsch,\nDirecteur r\u00e9gional et interd\u00e9partemental de l'\u00c9conomie, de l'Emploi, du Travail et des Solidarit\u00e9s d'\u00cele-de-France\npar int\u00e9rim, aux agents de l'unit\u00e9 d\u00e9partementale de la Seine-Saint-Denis\n6\n4 / 10 \ng\u00e9n\u00e9rales de l'appr\u00e9ciation de \nla valeur professionnelle des \nfonctionnaires de la fonction \npublique hospitali\u00e8re \nProtection \njuridique \ndes \nmajeurs : \n \nConventionnement des services tut\u00e9laires \nhabilit\u00e9s par le procureur de la R\u00e9publique \u00e0 \nexercer des mesures de tutelle et curatelle \nd'\u00c9tat ; \nListe des mandataires judiciaires de la \nprotection des majeurs ; \n \nArticle L. 471-2 du code de \nl'action sociale et des familles. \n \nArticles L. 472-1 \u00e0 L. 472 -4 du \ncode de l'action sociale et des \nfamilles compl\u00e9t\u00e9 par le d\u00e9cret \n2008-1553 du 31 d\u00e9cembre \n2008 relatif \u00e0 l'exercice \u00e0 titre \nindividuel de l'activit\u00e9 de \nmandataire judiciaire \u00e0 la \nprotection des majeurs et de \nl'activit\u00e9 de d\u00e9l\u00e9gu\u00e9 aux  \nprestations familial \nD\u00e9livrance des agr\u00e9ments aux mandataires \njudiciaires de la protection des majeurs et \naux d\u00e9l\u00e9gu\u00e9s aux prestations familiales en \ntant que personnes physiques ; \nArticles L.313-1 \u00e0 L.313 -10, \narticles L.313 -13 et L.313 -14 du \ncode de l'action sociale et des \nfamilles \nConventionnement des mandataires \njudiciaires de la protection des majeurs, \npersonnes physiques, relatif \u00e0 leur \nr\u00e9mun\u00e9ration relevant de la part \u00c9tat ; \nArticles L. 314 -1 et L.314 -2 du \ncode de l'action sociale et des \nfamilles \nArr\u00eat\u00e9s d'autorisation de cr\u00e9ation, \nd'extension et de transformation de services \ntut\u00e9laires ; \nArticle L 351.1 du code de \nl'action sociale t des familles \nArr\u00eat\u00e9s de tarification des prestations \nfournies par les services tut\u00e9laires ; \n- Contr\u00f4le et approbation des documents \nbudg\u00e9taires et des d\u00e9lib\u00e9rations ; \n- M\u00e9moires en r\u00e9ponse au contentieux de \nla tarification ; \n- Exercice des missions de tutelle et de \ncontr\u00f4le : inspections, contr\u00f4les et \npouvoir d'injonctions \nArticles L 331 -1 \u00e0 L 331 -9 du \ncode de l'action sociale et des \nfamilles \n2. Dispositions relatives \u00e0 la protection des personnes vuln\u00e9rables  \nDroits des \npersonnes \nhandicap\u00e9es  \nD\u00e9livrance des cartes de stationnement aux \norganismes utilisant un v\u00e9hicule destin\u00e9 au \ntransport collectif des personnes \nhandicap\u00e9es \nArticles L.241-3-2 et R.241-18 \ndu code de l'action sociale et \ndes familles \nDirection r\u00e9gionale et interd\u00e9partementale de l'\u00e9conomie, de l'emploi, du travail et des solidarit\u00e9s d'\u00cele-de-France -\nIDF-2025-06-06-00002 - D\u00e9cision n\u00b0 2025-107 du 06 juin 2025 portant subd\u00e9l\u00e9gation de signature de Monsieur Marc Rohfritsch,\nDirecteur r\u00e9gional et interd\u00e9partemental de l'\u00c9conomie, de l'Emploi, du Travail et des Solidarit\u00e9s d'\u00cele-de-France\npar int\u00e9rim, aux agents de l'unit\u00e9 d\u00e9partementale de la Seine-Saint-Denis\n7\n5 / 10 \nM\u00e9moires en r\u00e9ponse pour les contentieux \nform\u00e9s devant le tribunal administratif et \nrelatifs \u00e0 l'attribution des cartes de \nstationnement aux personnes handicap\u00e9es \nArticles L 111 -7 et R.111-18 et \nsuivants du code de la \nconstruction et de l'habitation  \n3- Travail et emploi \nSalaires et \nconseillers des \nsalari\u00e9s \n \n\u00c9tablissement du tableau des temps \nn\u00e9cessaires \u00e0 l'ex\u00e9cution des travaux des \ntravailleurs \u00e0 domicile \nArticle L.7422-2 du code du \ntravail \nFixation du salaire horaire minimum et des frais \nd'atelier ou accessoires des travailleurs \u00e0 \ndomicile  \nArticles L.7422-6 et L.7422-11 \ndu code du travail  \nFixation de la valeur des avantages et \nprestations en nature entrant dans le calcul de \nl'indemnit\u00e9 de cong\u00e9s pay\u00e9s \nArticle L.3141-23 du code du \ntravail \nD\u00e9cision relative au remboursement \u00e0 \nl'employeur de l'allocation compl\u00e9mentaire \nservie aux salari\u00e9s b\u00e9n\u00e9ficiant de la \nr\u00e9mun\u00e9ration mensuelle minimale \nArticles L.3232-7 et L.3232-8, \nR.3232-3 et R.3232-4 du code \ndu travail \nD\u00e9cision relative au paiement direct aux \nsalari\u00e9s de l'allocation compl\u00e9mentaire servie \naux salari\u00e9s b\u00e9n\u00e9ficiant de la r\u00e9mun\u00e9ration \nmensuelle minimale \nArticles L.3232-7 et L.3232-8, \nR.3232-6 du code du travail \nArr\u00eat\u00e9 fixant la liste des conseillers des salari\u00e9s Articles D.1232-4 et - D.12325 \ndu code du travail \nD\u00e9cision en mati\u00e8re de remboursement des \nfrais de d\u00e9placement (r\u00e9els ou forfaitaires) \nexpos\u00e9s par les conseillers du salari\u00e9 \nArticles D. 1232-7 et D. 1232-8 \ndu code du travail \nD\u00e9cision en mati\u00e8re de remboursement aux \nemployeurs des salaires maintenus aux \nconseillers du salari\u00e9 pour l'exercice de leur \nmission \nArticle L.1232-11 du code du \ntravail ; \nAgr\u00e9ment des contr\u00f4leurs des caisses de \ncong\u00e9s pay\u00e9s \nArticle D.3141-11 du code du \ntravail \nExtension des avenants de salaires en \nagriculture au niveau d\u00e9partemental \nArticle D.2261-6 du code du \ntravail  \nRepos \ndominical \nD\u00e9rogation au repos dominical Articles L.3132-20 et L. 3132-21 \ndu code du travail  \nJeunes de \nmoins de 18 ans \n \nD\u00e9livrance, renouvellement, suspension, retrait \nde l'agr\u00e9ment des caf\u00e9s et brasseries pour \nemployer ou recevoir en stage des jeunes de 16 \n\u00e0 18 ans suivant une formation en alternance \nArticles L.4153-6, R.4153-8 et \nR.4153-12 du code du travail, \narticle L.2336-4 du code de la \nsant\u00e9 publique \nDirection r\u00e9gionale et interd\u00e9partementale de l'\u00e9conomie, de l'emploi, du travail et des solidarit\u00e9s d'\u00cele-de-France -\nIDF-2025-06-06-00002 - D\u00e9cision n\u00b0 2025-107 du 06 juin 2025 portant subd\u00e9l\u00e9gation de signature de Monsieur Marc Rohfritsch,\nDirecteur r\u00e9gional et interd\u00e9partemental de l'\u00c9conomie, de l'Emploi, du Travail et des Solidarit\u00e9s d'\u00cele-de-France\npar int\u00e9rim, aux agents de l'unit\u00e9 d\u00e9partementale de la Seine-Saint-Denis\n8\n6 / 10 \nH\u00e9bergement \ncollectif \n \nAccus\u00e9 de r\u00e9ception de la d\u00e9claration par un \nemployeur de l'affectation d'un local \u00e0 \nl'h\u00e9bergement, mises en demeures et d\u00e9cision \nde fermeture concernant le local \nArticles 1, 5, 6 et 7 de la loi n\u00b0 \n73-548 du 27 juin 1973 \nmodifi\u00e9e sur l'h\u00e9bergement \ncollectif \nConciliation Proc\u00e9dure de conciliation Articles L.2522-4 et R.2522-1 \u00e0 \nR.2522-21 du code du travail \nComit\u00e9 \ninterentreprises \nde sant\u00e9 et \ns\u00e9curit\u00e9 au \ntravail (CISST) \nMise en place d'un CISST dans le p\u00e9rim\u00e8tre \nd'un plan de pr\u00e9vention des risques \ntechnologiques (d\u00e9cision de mise en place, \ninvitation des membres) \nArticles L.4524-1 et R.4524-1 \u00e0 \nR.4524-9 du code du travail \nApprentissage \net alternance \nD\u00e9cision d'opposition \u00e0 l'engagement \nd'apprentis et \u00e0 la poursuite des contrats en \ncours \nArticles L.6223-1 et L.6225-l \u00e0 \nL.6225-3-1, R.6223-16 et \nR.6225-4 \u00e0 R.6225-8 du code \ndu travail \nD\u00e9p\u00f4t du contrat dans le secteur public non \nindustriel et commercial  \nArticles L. 6227-11, D. 6275-1, \nD.6275-2, R.6275-3, D.6275-4 \net D. 6275-5 du code du \ntravail); \nAide aux \nsalari\u00e9s plac\u00e9s \nen activit\u00e9 \npartielle \nD\u00e9cisions relatives au placement en activit\u00e9 \npartielle et \u00e0 son indemnisation. M\u00e9moires en \nd\u00e9fense relatifs \u00e0 l'activit\u00e9 partielle de droit \ncommun. \nArt. L.5122-1 et 2, R.5122-1 \u00e0 29 \nActivit\u00e9 \npartielle de \nlongue dur\u00e9e \n \n \nD\u00e9cision de validation ou de refus de validation \ndes accords collectifs d'activit\u00e9 partielle de \nlongue dur\u00e9e, d\u00e9cision d'homologation ou de \nrefus d'homologation des documents \nunilat\u00e9raux d'activit\u00e9 partielle de longue dur\u00e9e, \n\u00e0 l'exclusion des \u00e9tablissements dont le si\u00e8ge \nest en Seine-Saint-Denis et dont l'effectif \nconcern\u00e9 par l'accord est \u00e9gal ou sup\u00e9rieur \u00e0 \n250 (deux-cent-cinquante) salari\u00e9s ;  \n \nArticle 53 de la loi n\u00b02020-734 \ndu 17 juin 2020 relative \u00e0 \ndiverses dispositions li\u00e9es \u00e0 la \ncrise sanitaire, \u00e0 d'autres \nmesures urgentes ainsi qu'au \nretrait du Royaume-Uni de \nl'Union europ\u00e9enne ; \n  \nArticles 2 et 5 du d\u00e9cret \nn\u00b02020-926 du 28 juillet 2020 \nrelatif au dispositif sp\u00e9cifique \nd'activit\u00e9 partielle en cas de \nr\u00e9duction d'activit\u00e9 durable ; \n \nArticle R. 5122-4 du code du \ntravail ; \n \nD\u00e9cision d'autorisation de renouvellement ou \nde refus de renouvellement de la d\u00e9cision de \nvalidation de l'accord ou d'homologation du \ndocument d'activit\u00e9 partielle de longue dur\u00e9e ;  \nD\u00e9cision de retrait d'autorisation de placement \nen activit\u00e9 partielle de longue dur\u00e9e ; \nM\u00e9moires en d\u00e9fense relatifs \u00e0 l'activit\u00e9 \npartielle de longue dur\u00e9e \nActivit\u00e9 \npartielle de \nlongue dur\u00e9e \nrebond (APLD-\nR) \nD\u00e9cisions d'autorisations et de \nrenouvellements d'autorisations d'APLD-R. \nArticle 193 de la loi n\u00b0 2025-127 \ndu 14 f\u00e9vrier 2025 de finances \npour 2025  \n \nArticles 8 \u00e0 11 et 19 \u00e0 22 du \nDirection r\u00e9gionale et interd\u00e9partementale de l'\u00e9conomie, de l'emploi, du travail et des solidarit\u00e9s d'\u00cele-de-France -\nIDF-2025-06-06-00002 - D\u00e9cision n\u00b0 2025-107 du 06 juin 2025 portant subd\u00e9l\u00e9gation de signature de Monsieur Marc Rohfritsch,\nDirecteur r\u00e9gional et interd\u00e9partemental de l'\u00c9conomie, de l'Emploi, du Travail et des Solidarit\u00e9s d'\u00cele-de-France\npar int\u00e9rim, aux agents de l'unit\u00e9 d\u00e9partementale de la Seine-Saint-Denis\n9\n7 / 10 \n D\u00e9cisions de refus d'APLD-R. d\u00e9cret n\u00b0 2025-338 du 14 avril \n2025 relatif au dispositif \nd'activit\u00e9 partielle de longue \ndur\u00e9e rebond \n \nArticles L242-1, L241-2, L242-2 \ndu Code des relations entre le \npublic et l'administration \n \nArticle R5122-10 du code du \ntravail \nD\u00e9cisions de retrait d'APLD-R et demandes de \nremboursement. \nM\u00e9moires en d\u00e9fense relatifs \u00e0 l'APLD-R. \nEmploi \n \n \n \n \n \n \n \n \n \n \n \n \n \n \n \n \n \n \n \n \n \n \nConvention conclue avec des entreprises de \nmoins de 300 salari\u00e9s pour- faire proc\u00e9der \u00e0 \nune \u00e9tude de situation en terme d'\u00e9galit\u00e9 \nprofessionnelle \nArticle R.1143-1 du code du \ntravail  \nConvention FNE, notamment : d'allocation \ntemporaire d\u00e9gressive, d'allocation sp\u00e9ciale, de \ncong\u00e9 de conversion, de cellule de \nreclassement, de formation et d'adaptation, \ncessation d'activit\u00e9 de certains travailleurs \nsalari\u00e9s \nArticles L.5111-1 \u00e0 L.5111-3, \nL.5123-1 \u00e0 L.5123-9, L.1233-1, \nL.1233-3, L.1233-4, R.5112-11, et \nL.5124-1, R.5123-3 et R.5111-1 et \nR.5111-2, R. 5123-1 \u00e0 R 5123-41 \ndu code du travail, circulaires \nDGEFP n\u00b02004-004 du 30 juin \n2004 et n\u00b02008-09 du 19 juin \n2008 \nD\u00e9cision d'agr\u00e9ment des accords et \nconventions d'aide \u00e0 l'adaptation des salari\u00e9s \naux \u00e9volutions de l'emploi \nArticles L.5121-4 et L. 5121-5 et \nR.5121-14 \u00e0 R. 5121-18 du code \ndu travail \nConvention d'appui \u00e0 l'\u00e9laboration d'un plan \nde gestion pr\u00e9visionnelle de l'emploi et des \ncomp\u00e9tences pour pr\u00e9parer les entreprises \u00e0 la \nGPEC \nArticles L.5121-3, D.5121-4 \u00e0 \nD.5121-13 du code du travail \nConvention d'engagement de d\u00e9veloppement \nde l'emploi et des comp\u00e9tences \nArticles L.5121-1, L.5121-23, \nD.5121-1 \u00e0 D.5121-3 du code du \ntravail \nNotification d'assujettissement \u00e0 l'obligation \nd'une convention de revitalisation \nArticles L.1233-84 \u00e0 L.1233-89, \nD.1233-37, D.1233-38, D.1233-\n45 et  D.1233-46 du code du \ntravail \nDispositif local d'accompagnement \u2013 DLA- Article 61 de la loi n\u00b02014 -856 \ndu 31 juillet 2014 relative \u00e0 \nl'\u00e9conomie sociale et solidaire \net d\u00e9cret n\u00b02015 -1103 du 1 er \nseptembre 2015 relatif au \ndispositif local \nd'accompagnement \nAttribution, extension, renouvellement, retrait \nd'agr\u00e9ment d'une association ou d'une \nentreprise de services \u00e0 la personne \nArticles L.7232-1 et suivants du \ncode du travail \nConventionnement des missions locales Articles L. 5314-1 \u00e0 L. 5314-4 du \ncode du travail \nConvention relative \u00e0 l'insertion par l'activit\u00e9 Articles L.5132-2 et L.5132 -4, \nDirection r\u00e9gionale et interd\u00e9partementale de l'\u00e9conomie, de l'emploi, du travail et des solidarit\u00e9s d'\u00cele-de-France -\nIDF-2025-06-06-00002 - D\u00e9cision n\u00b0 2025-107 du 06 juin 2025 portant subd\u00e9l\u00e9gation de signature de Monsieur Marc Rohfritsch,\nDirecteur r\u00e9gional et interd\u00e9partemental de l'\u00c9conomie, de l'Emploi, du Travail et des Solidarit\u00e9s d'\u00cele-de-France\npar int\u00e9rim, aux agents de l'unit\u00e9 d\u00e9partementale de la Seine-Saint-Denis\n10\n8 / 10 \n \n \n\u00e9conomique L.5132- L.5132-5, L.5132 -7, \nL.5132-8, L.5132-15, L.5132-16, R. \n5132-4 \u00e0 R. 5132-6, R. 5132- 15 et \nR. 5132-16, R.  5132-22, R.  5132-\n23, R.  5132-32 et R.  5132-33, \nR. 5132-36, R.  5132- 38 \u00e0 \nR. 5132- 47 du code du travail \nD\u00e9cision d'admission \u00e0 titre conservatoire ou \u00e0 \ntitre d\u00e9rogatoire, de prolongation, de \nsuspension ou de suppression de la garantie \njeunes \nArticles L.5131-5, L.5131-6, \nR.5131-17 et R.5131-18 du code \ndu travail \nAttribution, extension, renouvellement et \nretrait d'agr\u00e9ment \u00ab entreprises solidaires \nd'utilit\u00e9 sociale \u00bb \nArticle R 3332- 21-3 du code du \ntravail \nGarantie de \nressources des \ntravailleurs \npriv\u00e9s \nd'emploi \nExclusion ou r\u00e9duction temporaire ou d\u00e9finitive \ndu revenu de remplacement \nArticles L.5426- 2 \u00e0 L.5426-9, \nR.5426-1 \u00e0 R.5426-17 du code \ndu travail  \nFormation \nprofessionnelle \net certification \nRemboursement des r\u00e9mun\u00e9rations per\u00e7ues \npar les stagiaires AFPA abandonnant, sans motif \nvalable, leur stage de formation \nArticles R.6341-45 \u00e0 6341-48 du \ncode du travail \nObligation \nd'emploi des \ntravailleurs en \nsituation de \nhandicap \nSanction administrative pour non-respect des \nobligations d'emploi \nArticles L.5212-12 et R.5212-31 \ndu code du travail  \nAgr\u00e9ment des accords de groupe, d'entreprise \nou d'\u00e9tablissement en faveur des travailleurs \nhandicap\u00e9s \nArticles L.5212-8 et R.5212-15 \ndu code du travail  \nTravailleurs en \nsituation de \nhandicap \nSubvention d'installation d'un travailleur \nhandicap\u00e9 \nArticles R.5213-52, D.5213-53 \u00e0 \nD.5213- 61 du code du travail  \nAides financi\u00e8res pour l'adaptation du lieu de \ntravail et pour le renforcement de \nl'encadrement des travailleurs handicap\u00e9s \nArticles L.5213-10 ; R.5213.33 \u00e0 \nR.5213.38 du code du travail \nM\u00e9dailles \nd'honneur du \ntravail \nAttribution de la m\u00e9daille d'honneur du travail \n(secteur priv\u00e9) \nD\u00e9cret n\u00b084-591 du 4 juillet \n1984 modifi\u00e9 relatif \u00e0 la \nm\u00e9daille d'honneur du travail \n \nArticle 2 \n \nEn cas d'absence ou d'emp\u00eachement de David SOUBRI\u00c9 , la subd\u00e9l\u00e9gation de signature sera exerc\u00e9e \npar : \n \n- Madame Laurence DEGENNE-SHORTEN, directrice adjointe de l'unit\u00e9 d\u00e9partementale \nde Seine-Saint-Denis ; \n- Monsieur Matthieu CHAPELON , responsable du p\u00f4le \u00ab  Entreprises, Emploi et \nsolidarit\u00e9s \u00bb ; \n- Monsieur Alexandre AZARI, responsable du p\u00f4le \u00ab Politiques du travail \u00bb ; \n- Monsieur Pierre -Yves HANNUS, chef du service d'appui du syst\u00e8me d'inspection du \ntravail. \n \n \n \nDirection r\u00e9gionale et interd\u00e9partementale de l'\u00e9conomie, de l'emploi, du travail et des solidarit\u00e9s d'\u00cele-de-France -\nIDF-2025-06-06-00002 - D\u00e9cision n\u00b0 2025-107 du 06 juin 2025 portant subd\u00e9l\u00e9gation de signature de Monsieur Marc Rohfritsch,\nDirecteur r\u00e9gional et interd\u00e9partemental de l'\u00c9conomie, de l'Emploi, du Travail et des Solidarit\u00e9s d'\u00cele-de-France\npar int\u00e9rim, aux agents de l'unit\u00e9 d\u00e9partementale de la Seine-Saint-Denis\n11\n9 / 10 \nEt dans la limite de leurs attributions, par : \n \n- Monsieur Th\u00e9o COPPEL, chef du d\u00e9partement \u00ab protection et insertion des jeunes \u00bb \n; \n- Monsieur Yves DOUBLIER, chef du d\u00e9partement accompagnement des entreprises ; \n- Madame M\u00e9lissa CHOLLET -MAKOUCHE, cheffe du service \u00ab d\u00e9veloppement de \nl'emploi et des comp\u00e9tences \u00bb, adjointe \u00e0 la cheffe du d\u00e9partement accompagnement \ndes entreprises ; \n- Monsieur Sayaf EL -MABROUK, chef du service \u00ab int\u00e9gration \u00bb, adjoint au chef du \nd\u00e9partement protection et insertion des jeunes  \n- Madame Ang\u00e9 lica TRINDADE -CHADEAU, cheffe du d\u00e9partement \u00ab  animation \nterritoriale \u00bb ; \n- Madame Elodie ALMERAS, cheffe du d\u00e9partement \u00ab protection et insertion des \nadultes \u00bb. \n \nArticle 3 \n \nSont exclus de la d\u00e9l\u00e9gation consentie \u00e0 l'article 1 du pr\u00e9sent arr\u00eat\u00e9 : \n \n- Les arr\u00eat\u00e9s ayant un caract\u00e8re r\u00e9glementaire de port\u00e9e g\u00e9n\u00e9rale ; \n- Les circulaires et instructions g\u00e9n\u00e9rales adress\u00e9es aux maires du d\u00e9partement et aux pr\u00e9sidents \ndes \u00e9tablissements publics territoriaux. \n \nArticle 4 \n \nLes d\u00e9cisions relatives \u00e0 la pr\u00e9sente d\u00e9l\u00e9gation ainsi que toutes les correspondances ou actes relatifs aux \ndossiers instruits par la direction r\u00e9gionale et interd\u00e9partementale de l'\u00e9conomie, de l'emploi, du travail \net des solidarit\u00e9s d'\u00cele-de- France doivent \u00eatre sign\u00e9s dans les conditions suivantes : \n \nPOUR LE PR\u00c9FET DE LA SEINE-SAINT-DENIS \nET PAR SUBD\u00c9L\u00c9GATION \n(suivi de la fonction, du pr\u00e9nom et du nom du b\u00e9n\u00e9ficiaire de la subd\u00e9l\u00e9gation) et adress\u00e9s sous le timbre \nsuivant : \n \nPR\u00c9FET DE LA SEINE-SAINT-DENIS \nDirection r\u00e9gionale et interd\u00e9partementale de l'\u00e9conomie, de l'emploi, du travail et des solidarit\u00e9s d'\u00cele-\nde-France \n \nArticle 5 \n \nUne copie de cette d\u00e9cision de subd\u00e9l\u00e9gation sera adress\u00e9e \u00e0 la pr\u00e9fecture de la Seine-Saint-Denis. \n \n \nArticle 6 \n \nLa d\u00e9cision prend effet \u00e0 la date de sa publication et abroge la d\u00e9cision n\u00b0 2025-073 du 9 avril 2025. \n \n \n \n \n \n \nDirection r\u00e9gionale et interd\u00e9partementale de l'\u00e9conomie, de l'emploi, du travail et des solidarit\u00e9s d'\u00cele-de-France -\nIDF-2025-06-06-00002 - D\u00e9cision n\u00b0 2025-107 du 06 juin 2025 portant subd\u00e9l\u00e9gation de signature de Monsieur Marc Rohfritsch,\nDirecteur r\u00e9gional et interd\u00e9partemental de l'\u00c9conomie, de l'Emploi, du Travail et des Solidarit\u00e9s d'\u00cele-de-France\npar int\u00e9rim, aux agents de l'unit\u00e9 d\u00e9partementale de la Seine-Saint-Denis\n12\n10 / 10 \nArticle 7 \n \nLe Directeur r\u00e9gional et interd\u00e9partemental de l'\u00e9conomie, de l'emploi, du travail et des solidarit\u00e9s d'\u00cele-\nde-France et les subd\u00e9l\u00e9gataires mentionn\u00e9s ci-dessus, sont charg\u00e9s, chacun  en ce qui l e concerne, de \nl'ex\u00e9cution de la pr\u00e9sente d\u00e9cision qui sera publi\u00e9e aux recueils des actes administratifs de la pr\u00e9fecture \nde la r\u00e9gion et de la pr\u00e9fecture de la Seine-Saint-Denis. \n \n \nFait \u00e0 Aubervilliers le 06 juin 2025 \n \nLe Directeur r\u00e9gional et interd\u00e9partemental de \nl'\u00e9conomie, de l'emploi, du travail et des \nsolidarit\u00e9s par int\u00e9rim \n \nSIGN\u00c9 \nMarc ROHFRITSCH \n \nDirection r\u00e9gionale et interd\u00e9partementale de l'\u00e9conomie, de l'emploi, du travail et des solidarit\u00e9s d'\u00cele-de-France -\nIDF-2025-06-06-00002 - D\u00e9cision n\u00b0 2025-107 du 06 juin 2025 portant subd\u00e9l\u00e9gation de signature de Monsieur Marc Rohfritsch,\nDirecteur r\u00e9gional et interd\u00e9partemental de l'\u00c9conomie, de l'Emploi, du Travail et des Solidarit\u00e9s d'\u00cele-de-France\npar int\u00e9rim, aux agents de l'unit\u00e9 d\u00e9partementale de la Seine-Saint-Denis\n13\nDirection r\u00e9gionale et interd\u00e9partementale de\nl'\u00e9conomie, de l'emploi, du travail et des\nsolidarit\u00e9s d'\u00cele-de-France\nIDF-2025-06-06-00003\nD\u00e9cision n\u00b0 2025-108 du 06 juin 2025\nPortant d\u00e9l\u00e9gation de signature du directeur\nr\u00e9gional et interd\u00e9partemental de l'\u00e9conomie,\nde l'emploi, du travail et des solidarit\u00e9s\nDirection r\u00e9gionale et interd\u00e9partementale de l'\u00e9conomie, de l'emploi, du travail et des solidarit\u00e9s d'\u00cele-de-France -\nIDF-2025-06-06-00003 - D\u00e9cision n\u00b0 2025-108 du 06 juin 2025\nPortant d\u00e9l\u00e9gation de signature du directeur r\u00e9gional et interd\u00e9partemental de l'\u00e9conomie, de l'emploi, du travail et des solidarit\u00e9s\n14\nPREFET |DE LA REGIOND'ILE-DE-FRANCE\nFraternit\u00e9\n Direction r\u00e9gionale et interd\u00e9partementale \nde l'\u00e9conomie, de l'emploi, \ndu travail et des solidarit\u00e9s  \n \n \nDRIEETS Ile de France  \n19/21 rue Madeleine Vionnet  \n93 300 AUBERVILLIERS \n \n \n \n \n           D\u00c9CISION n\u00b0 2025-108 du 06 juin 2025 \n \nPortant d\u00e9l\u00e9gation de signature du directeur r\u00e9gional et interd\u00e9partemental de l'\u00e9conomie, de \nl'emploi, du travail et des solidarit\u00e9s  \n \nMINIST\u00c8RE DU TRAVAIL, DE LA SANT\u00c9, DES \nSOLIDARIT\u00c9S ET DES FAMILLES \nMINIST\u00c8RE DE L'\u00c9CONOMIE ET DES FINANCES ET \nDE L'INDUSTRIE \n \nDIRECTION REGIONALE ET INTERDEPARTEMENTALE \nDE L'\u00c9CONOMIE, DE L'EMPLOI, DU TRAVAIL ET DES SOLIDARIT\u00c9S D'ILE DE FRANCE  \n \n \n \nLe directeur r\u00e9gional et interd\u00e9partemental de l'\u00e9conomie, de l'emp loi, du travail et des solidarit\u00e9s  \nd'\u00cele-de-France, \n \nVu le code du travail, le code rural et de la p\u00eache maritime, le code de l'\u00e9ducation, le code de la \ns\u00e9curit\u00e9 sociale, le code du commerce et le code de la consommation,  \n \nVu la loi du 4 juillet 1837 relative aux poids et mesures, \n \nVu le d\u00e9cret n\u00b0 2001-387 du 3 mai 2001 modifi\u00e9 relatif au contr\u00f4le des instruments de mesure,  \n \nVu le d\u00e9cret n\u00b0 2010 -687 du 24 juin 2010 relatif \u00e0 l'organisation et aux missions des services de l' \u00c9tat \ndans la r\u00e9gion et les d\u00e9partements d'Ile-de-France, \n \nVu le d\u00e9cret n\u00b0 2020 -1545 du 9 d\u00e9cembre 2020 relatif \u00e0 l'organisation et aux missions des directions \nr\u00e9gionales de l'\u00e9conomie, de l'emploi, du travail et des solidarit\u00e9s, des directions d\u00e9partementales de \nl'emploi, du travail et des solidarit\u00e9s et des directions d\u00e9partementales de l'emploi, du travail, des \nsolidarit\u00e9s et de la protection des populations, \n \nVu l'arr\u00eat\u00e9 interminist\u00e9riel du 7 octobre 2024 nommant Madame Sandra EMSELLEM directrice \nd\u00e9partementale adjointe de l'emploi, du travail et des solidarit\u00e9s de Seine -et-Marne, \u00e0 compter du 7 \noctobre,  \n \nVu l'arr\u00eat\u00e9 interminist\u00e9riel du 20 mars 2025 nommant Marc ROHFRITSCH directeur r\u00e9gional et \ninterd\u00e9partemental de l'\u00e9conomie, de l'emploi, du travail et des solidarit\u00e9s d'\u00cele -de-France par int\u00e9rim, \n \n \n  \nDirection r\u00e9gionale et interd\u00e9partementale de l'\u00e9conomie, de l'emploi, du travail et des solidarit\u00e9s d'\u00cele-de-France -\nIDF-2025-06-06-00003 - D\u00e9cision n\u00b0 2025-108 du 06 juin 2025\nPortant d\u00e9l\u00e9gation de signature du directeur r\u00e9gional et interd\u00e9partemental de l'\u00e9conomie, de l'emploi, du travail et des solidarit\u00e9s\n15\n \n2 / 5 \n \nD\u00c9CIDE \nArticle 1  \n \nD\u00e9l\u00e9gation permanente est donn\u00e9e \u00e0 Sandra EMSELLEM,  \u00e0 effet de signer, au nom du directeur \nr\u00e9gional et interd\u00e9partemental de l'\u00e9conomie, de l'emploi, du travail et des solidarit\u00e9s d'Ile-de-France, \nles d\u00e9cisions mentionn\u00e9es \u00e0 l'article 2. \n \n \nArticle 2  \n \n\u00c9galit\u00e9 professionnelle D\u00e9cision d'opposition \u00e0 un plan pour l'\u00e9galit\u00e9 \nprofessionnelle \nArticles L 1143-3 et \nD 1143-6 du code du \ntravail \n\u00c9galit\u00e9 professionnelle D\u00e9cision appr\u00e9ciant la conformit\u00e9 d'un accord \nd'entreprise ou d'un plan d'action aux dispositions \nde l'article L. 2242-8 du code du travail \nArticles L 2242-9 et R \n2242-10 du code du \ntravail \nDur\u00e9e du travail D\u00e9cisions accordant ou refusant d'accorder une \nd\u00e9rogation \u00e0 la dur\u00e9e maximale hebdomadaire \nabsolue du travail \nArticles L 3121-21 et R \n3121-10 du code du \ntravail \nDur\u00e9e du travail D\u00e9cisions accordant ou refusant d'accorder une \nd\u00e9rogation \u00e0 la dur\u00e9e maximale hebdomadaire \nmoyenne du travail \nArticles L 3121-24, L \n3121-25, R 3121-11 et R \n3121-16 du code du \ntravail \nDur\u00e9e du travail D\u00e9cisions accordant ou refusant d'accorder une \nd\u00e9rogation \u00e0 la dur\u00e9e maximale hebdomadaire \nmoyenne du travail pour une entreprise ou pour une \nactivit\u00e9 dans le d\u00e9partement  \nArticles L 713-13, R \n713-12 et R 713-14 du \ncode rural \nDur\u00e9e du travail \nD\u00e9cisions accordant ou refusant d'accorder une \nd\u00e9rogation \u00e0 la dur\u00e9e maximale hebdomadaire \nabsolue du travail pour une entreprise ou pour une \nactivit\u00e9 dans le d\u00e9partement \nArticles L 713-13, R \n713-12 et R 713-13 du \ncode rural \nDur\u00e9e du travail D\u00e9cision d\u00e9signant les membres de la commission \ninstitu\u00e9e aupr\u00e8s des caisses de cong\u00e9s pay\u00e9s du \nb\u00e2timent et des travaux publics \nArticle D 3141 35 du \ncode du travail \nSant\u00e9 et s\u00e9curit\u00e9 au \ntravail \nD\u00e9cisions accordant ou refusant d'accorder des \nd\u00e9rogations \u00e0 l'interdiction de recourir \u00e0 des salari\u00e9s \nsous contrat \u00e0 dur\u00e9e d\u00e9termin\u00e9e pour certains \ntravaux particuli\u00e8rement dangereux  \nArticles L 1242-6 et D \n1242-5 du code du \ntravail \nSant\u00e9 et s\u00e9curit\u00e9 au \ntravail \nD\u00e9cisions accordant ou refusant d'accorder des \nd\u00e9rogations \u00e0 l'interdiction de recourir au travail \ntemporaire pour certains travaux particuli\u00e8rement \ndangereux  \nArticles L 1251-10 et D \n1251-2 du code du \ntravail \nSant\u00e9 et s\u00e9curit\u00e9 au \ntravail \nD\u00e9cision autorisant ou refusant d'autoriser ou \nretirant une d\u00e9cision d'autorisation d'employer des \nsalari\u00e9s titulaires d'un contrat \u00e0 dur\u00e9e d\u00e9termin\u00e9e ou \ndes salari\u00e9s temporaires pour accomplir des travaux \nexposant \u00e0 certains agents chimiques dangereux \nArticles L 4154-1 et D \n4154-3 \u00e0 D 4154-6 du \ncode du travail \nSant\u00e9 et s\u00e9curit\u00e9 au \ntravail \nD\u00e9cision accordant ou refusant d'accorder les \nd\u00e9rogations aux dispositions des articles R. 4533-2 \u00e0 \nR. 4533-4 (voies et r\u00e9seaux divers de chantiers de \nconstruction) \nArticles R 4533-6 et R \n4533-7 du code du \ntravail \nDirection r\u00e9gionale et interd\u00e9partementale de l'\u00e9conomie, de l'emploi, du travail et des solidarit\u00e9s d'\u00cele-de-France -\nIDF-2025-06-06-00003 - D\u00e9cision n\u00b0 2025-108 du 06 juin 2025\nPortant d\u00e9l\u00e9gation de signature du directeur r\u00e9gional et interd\u00e9partemental de l'\u00e9conomie, de l'emploi, du travail et des solidarit\u00e9s\n16\n \n3 / 5 \n \nSant\u00e9 et s\u00e9curit\u00e9 au \ntravail \nMise en demeure de prendre des mesures pour \nrem\u00e9dier \u00e0 une situation dangereuse r\u00e9sultant d'une \ninfraction aux dispositions des articles L. 4121-1 \u00e0 L. \n4121-5, L. 4522-1 et L. 4221-1 \nArticle L 4721-1 du \ncode du travail \nSant\u00e9 et s\u00e9curit\u00e9 au \ntravail \nD\u00e9cision prise sur recours hi\u00e9rarchique form\u00e9 contre \nune demande d'analyse de produits faite en \napplication de l'article R 4722-10 \nArticle R 4723-5 du \ncode du travail \nSant\u00e9 et s\u00e9curit\u00e9 au \ntravail \nD\u00e9cision approuvant ou n'approuvant pas l'\u00e9tude de \ns\u00e9curit\u00e9. D\u00e9cision demandant au chef \nd'\u00e9tablissement d'effectuer ou de faire effectuer des \nessais compl\u00e9mentaires  \nArticle R 4462-30 du \ncode du travail \nSant\u00e9 et s\u00e9curit\u00e9 au \ntravail \nD\u00e9cision approuvant ou n'approuvant pas l'\u00e9tude de \ns\u00e9curit\u00e9. D\u00e9cision demandant au chef \nd'\u00e9tablissement d'effectuer ou de faire effectuer des \nessais compl\u00e9mentaires  \nArticle 8 du d\u00e9cret du \n26 octobre 2005 \nrelatif aux chantiers \nde d\u00e9pollution \npyrotechnique \nSant\u00e9 et s\u00e9curit\u00e9 au \ntravail \nD\u00e9cision accordant ou refusant une dispense \u00e0 \nl'obligation de mettre des douches \u00e0 disposition des \ntravailleurs \nArticle 3 de l'arr\u00eat\u00e9 \ndu 23 juillet 1947 \nGroupement \nd'employeurs \nD\u00e9cision d'opposition \u00e0 l'exercice de l'activit\u00e9 d'un \ngroupement d'employeurs \nArticles L 1253-17 et D \n1253-7 \u00e0 D 1253-11 du \ncode du travail \nGroupement \nd'employeurs \nD\u00e9cisions accordant, refusant ou retirant l'agr\u00e9ment \nd'un groupement d'employeurs \nArticles R 1253-19 \u00e0 R \n1253-27 du code du \ntravail \nRepr\u00e9sentation du \npersonnel \nD\u00e9cisions autorisant ou refusant la suppression du \nmandat de d\u00e9l\u00e9gu\u00e9 syndical \nArticles L. 2143-11 et R \n2143-6 du code du \ntravail \nRepr\u00e9sentation du \npersonnel \nD\u00e9cisions autorisant ou refusant la suppression du \nmandat de repr\u00e9sentant de section syndicale \nArticles L 2142-1-2, L \n2143-11 et R 2143-6 du \ncode du travail \nRepr\u00e9sentation du \npersonnel \nD\u00e9cision fixant le nombre et le p\u00e9rim\u00e8tre des \n\u00e9tablissements distincts du comit\u00e9 social et \n\u00e9conomique  \nArticles L 2313-5, L \n2313-8, R 2313-1 et R \n2313-4 du code du \ntravail \nRepr\u00e9sentation du \npersonnel \nD\u00e9cision fixant la r\u00e9partition du personnel et des \nsi\u00e8ges entre les coll\u00e8ges \u00e9lectoraux du comit\u00e9 social \net \u00e9conomique \nArticles L 2314-13 et R \n2314-3 du code du \ntravail \nRepr\u00e9sentation du \npersonnel \nD\u00e9cision fixant la r\u00e9partition des si\u00e8ges entre les \n\u00e9tablissements et les coll\u00e8ges au sein d'un comit\u00e9 \nsocial et \u00e9conomique central \nArticles L 2316-8 et R \n2316-2 du code du \ntravail \nRepr\u00e9sentation du \npersonnel \nD\u00e9cision r\u00e9partissant les si\u00e8ges au comit\u00e9 de groupe \nentre les \u00e9lus du ou des coll\u00e8ges \u00e9lectoraux \nArticles L 2333-4 et R \n2332-1 du code du \ntravail \nRepr\u00e9sentation du \npersonnel \nD\u00e9cision de d\u00e9signation du rempla\u00e7ant d'un \nrepr\u00e9sentant du personnel du comit\u00e9 de groupe \nArticles L 2333-6 et R \n2332-1 du code du \ntravail \nRepr\u00e9sentation du \npersonnel \nD\u00e9cisions d'autorisation ou de refus d'autorisation \nde suppression d'un comit\u00e9 d'entreprise europ\u00e9en \nArticles L 2345-1 et R \n2345-1 du code du \ntravail \nDirection r\u00e9gionale et interd\u00e9partementale de l'\u00e9conomie, de l'emploi, du travail et des solidarit\u00e9s d'\u00cele-de-France -\nIDF-2025-06-06-00003 - D\u00e9cision n\u00b0 2025-108 du 06 juin 2025\nPortant d\u00e9l\u00e9gation de signature du directeur r\u00e9gional et interd\u00e9partemental de l'\u00e9conomie, de l'emploi, du travail et des solidarit\u00e9s\n17\n \n4 / 5 \n \nApprentissage D\u00e9cisions en mati\u00e8re d'apprentissage et \nnotamment : D\u00e9cision de suspension du contrat \nd'apprentissage (article L 6225-4), D\u00e9cision \nautorisant ou refusant la reprise de l'ex\u00e9cution du \ncontrat d'apprentissage (article L 6225-5), D\u00e9cision \ninterdisant le recrutement de nouveaux apprentis \nainsi que de jeunes titulaires d'un contrat d'insertion \nen alternance (article L 6225-6), D\u00e9cision mettant fin \nou refusant de mettre fin \u00e0 l'interdiction de recruter \nde nouveaux apprentis (article R 6225-11) \nArticles L 6225-4 \u00e0 L \n6225-8 et R 6225-1 \u00e0 R \n6225-12 du code du \ntravail \nTravailleurs de moins \nde 18 ans \nD\u00e9cisions relatives aux travailleurs et stagiaires de \nmoins de 18 ans et notamment : D\u00e9cision de \nsuspension du contrat de travail ou de la convention \ndu stage (article L 4733-8), D\u00e9cision autorisant ou \nrefusant la reprise de l'ex\u00e9cution du contrat de \ntravail ou de la convention du stage (article L 4733-\n9), D\u00e9cision interdisant le recrutement de travailleurs \nou l'accueil de stagiaires (article L 4733-10) \nArticles L 4733-8 et \nsuivants du code du \ntravail \n\u00c9pargne salariale Demande de retrait ou de modification de \ndispositions d'un accord d'int\u00e9ressement ou de \nparticipation, ou d'un r\u00e8glement d'\u00e9pargne salariale \nArticle L 3345-1 et \nsuivants et D 3345-1 \net suivant du code du \ntravail \nRupture \nconventionnelle  \nD\u00e9cisions d'homologation et de refus \nd'homologation des conventions de rupture \nconventionnelle du contrat de travail \nArticles L. 1237-14 et \nR. 1237-3 du code du \ntravail \nDivers D\u00e9termination du salaire de r\u00e9f\u00e9rence des \ntravailleurs migrants \nArticles R 5422-3 et -4 \ndu code du travail \nDivers D\u00e9cision d\u00e9terminant les p\u00e9riodes d'arr\u00eats \nsaisonniers de travail par suite d'intemp\u00e9ries \n(entreprises de BTP) \nArticles D 5424-8 \u00e0 D \n5424-10 du code du \ntravail \nDivers D\u00e9cision prise sur le recours gracieux form\u00e9 par un \n\u00e9lecteur ou son repr\u00e9sentant en cas de contestation \nrelative \u00e0 une inscription sur la liste \u00e9lectorale \u00e9tablie \ndans le cadre du scrutin de mesure de l'audience des \norganisations syndicales dans les entreprises de \nmoins de 11 salari\u00e9s \nArticle R 2122-21 du \ncode du travail \nDivers Mise en \u0153uvre de la transaction p\u00e9nale : proposition \nau mis en cause, demande d'homologation au \nprocureur, notification au mis en cause \nArticles L 8114-4 et \nsuivants et R 8114-3 et \nsuivants du code du \ntravail \n \n \nArticle 3 \n \nLa directrice adjointe de la direction d\u00e9partementale peut donner d\u00e9l\u00e9gation de signature aux agents \nplac\u00e9s sous son autorit\u00e9 appartenant au corps de l'inspection du travail, \u00e0 l'exclusion de tout autre, \u00e0 \nl'effet de signer les d\u00e9cisions \u00e9num\u00e9r\u00e9es \u00e0 l'article 2.  \n \nLes subd\u00e9l\u00e9gations sont port\u00e9es \u00e0 la connaissance du directeur r\u00e9gional et interd\u00e9partemental de \nl'\u00e9conomie, de l'emploi, du travail et des solidarit\u00e9s.  \n \n \nDirection r\u00e9gionale et interd\u00e9partementale de l'\u00e9conomie, de l'emploi, du travail et des solidarit\u00e9s d'\u00cele-de-France -\nIDF-2025-06-06-00003 - D\u00e9cision n\u00b0 2025-108 du 06 juin 2025\nPortant d\u00e9l\u00e9gation de signature du directeur r\u00e9gional et interd\u00e9partemental de l'\u00e9conomie, de l'emploi, du travail et des solidarit\u00e9s\n18\n \n5 / 5 \n \nArticle 4 \n \nLa pr\u00e9sente d\u00e9cision de d\u00e9l\u00e9gation de signature porte abrogation de la d\u00e9cision n\u00b0 2025-052 du 1 er \navril 2025. \n \nArticle 5 \n \nLe directeur r\u00e9gional et interd\u00e9partemental de l'\u00e9conomie, de l'emploi, du travail et des solidarit\u00e9s \nd'\u00cele-de-France est charg\u00e9 de l'ex\u00e9cution de la pr\u00e9sente d\u00e9cision qui sera publi\u00e9e au recueil des actes \nadministratifs de la r\u00e9gion Ile-de-France. \n  \n \n \nFait \u00e0 Aubervilliers, le 06 juin 2025 \n \nLe Directeur r\u00e9gional et \ninterd\u00e9partemental de l'\u00e9conomie, de \nl'emploi, du travail et des solidarit\u00e9s \npar int\u00e9rim \n       \n                      SIGN\u00c9 \n \nMarc ROHFRITSCH \n \n \nDirection r\u00e9gionale et interd\u00e9partementale de l'\u00e9conomie, de l'emploi, du travail et des solidarit\u00e9s d'\u00cele-de-France -\nIDF-2025-06-06-00003 - D\u00e9cision n\u00b0 2025-108 du 06 juin 2025\nPortant d\u00e9l\u00e9gation de signature du directeur r\u00e9gional et interd\u00e9partemental de l'\u00e9conomie, de l'emploi, du travail et des solidarit\u00e9s\n19\nDirection r\u00e9gionale et interd\u00e9partementale de\nl'\u00e9conomie, de l'emploi, du travail et des\nsolidarit\u00e9s d'\u00cele-de-France\nIDF-2025-06-06-00004\nD\u00e9cision n\u00b0 2025-109 du 06 juin 2025\nPortant d\u00e9l\u00e9gation de signature du directeur\nr\u00e9gional et interd\u00e9partemental de l'\u00e9conomie,\nde l'emploi, du travail et des solidarit\u00e9s\nDirection r\u00e9gionale et interd\u00e9partementale de l'\u00e9conomie, de l'emploi, du travail et des solidarit\u00e9s d'\u00cele-de-France -\nIDF-2025-06-06-00004 - D\u00e9cision n\u00b0 2025-109 du 06 juin 2025\nPortant d\u00e9l\u00e9gation de signature du directeur r\u00e9gional et interd\u00e9partemental de l'\u00e9conomie, de l'emploi, du travail et des solidarit\u00e9s\n20\nPREFET |DE LA REGIOND'ILE-DE-FRANCE\nFraternit\u00e9\n Direction r\u00e9gionale et interd\u00e9partementale \nde l'\u00e9conomie, de l'emploi, \ndu travail et des solidarit\u00e9s  \n \n \nDRIEETS Ile de France  \n21 rue Madeleine Vionnet  \n93300 AUBERVILLIERS \n \n \n \n \n           D\u00c9CISION n\u00b0 2025-109 du 06 juin 2025 \n \nPortant d\u00e9l\u00e9gation de signature du directeur r\u00e9gional et interd\u00e9partemental de l'\u00e9conomie, de \nl'emploi, du travail et des solidarit\u00e9s \n \nMINIST\u00c8RE DU TRAVAIL, DE LA SANT\u00c9, DES \nSOLIDARIT\u00c9S ET DES FAMILLES \nMINIST\u00c8RE DE L'\u00c9CONOMIE ET DES FINANCES ET \nDE L'INDUSTRIE \n \nDIRECTION REGIONALE ET INTERDEPARTEMENTALE \nDE L'\u00c9CONOMIE, DE L'EMPLOI, DU TRAVAIL ET DES SOLIDARIT\u00c9S D'ILE DE FRANCE  \n \n \n \nLe directeur r\u00e9gional et interd\u00e9partemental de l'\u00e9conomie, de l'emp loi, du travail et des solidarit\u00e9s  \nd'\u00cele-de-France, \n \nVu le code du travail, le code rural et de la p\u00eache maritime, le code de l'\u00e9ducation, le code de la \ns\u00e9curit\u00e9 sociale, le code du commerce et le code de la consommation,  \n \nVu la loi du 4 juillet 1837 relative aux poids et mesures, \n \nVu le d\u00e9cret n\u00b0 2001-387 du 3 mai 2001 modifi\u00e9 relatif au contr\u00f4le des instruments de mesure,  \n \nVu le d\u00e9cret n\u00b0 2010 -687 du 24 juin 2010 relatif \u00e0 l'organisation et aux missions des services de l' \u00c9tat \ndans la r\u00e9gion et les d\u00e9partements d'Ile-de-France, \n \nVu le d\u00e9cret n\u00b0 2020 -1545 du 9 d\u00e9cembre 2020 relatif \u00e0 l'organisation et aux missions des directions \nr\u00e9gionales de l'\u00e9conomie, de l'emploi, du travail et des solidarit\u00e9s, des directions d\u00e9partementales de \nl'emploi, du travail et des solidarit\u00e9s et des directions d\u00e9partementales de l'emploi, du travail, des \nsolidarit\u00e9s et de la protection des populations, \n \nVu l'arr\u00eat\u00e9 interminist\u00e9riel du 23 mars 2023  nommant Fran\u00e7ois Chaumette  directeur d\u00e9partemental \nadjoint de l'emploi, du travail et des solidarit\u00e9s du Val d'Oise, \u00e0 compter du 17 avril 2023, \n \nVu l'arr\u00eat\u00e9 interminist\u00e9riel du 20 mars 2025 nommant Marc ROHFRITSCH directeur r\u00e9gional et \ninterd\u00e9partemental de l'\u00e9conomie, de l'emploi, du travail et des solidarit\u00e9s d'\u00cele -de-France par int\u00e9rim, \n \n \n  \nDirection r\u00e9gionale et interd\u00e9partementale de l'\u00e9conomie, de l'emploi, du travail et des solidarit\u00e9s d'\u00cele-de-France -\nIDF-2025-06-06-00004 - D\u00e9cision n\u00b0 2025-109 du 06 juin 2025\nPortant d\u00e9l\u00e9gation de signature du directeur r\u00e9gional et interd\u00e9partemental de l'\u00e9conomie, de l'emploi, du travail et des solidarit\u00e9s\n21\n \n2 / 5 \n \nD\u00c9CIDE \nArticle 1  \n \n \nD\u00e9l\u00e9gation permanente est donn\u00e9e \u00e0 Fran\u00e7ois Chaumette \u00e0 effet de signer , au nom du directeur \nr\u00e9gional et interd\u00e9partemental de l'\u00e9conomie, de l'emploi, du travail et des solidarit\u00e9s d'Ile-de-France, \nles d\u00e9cisions mentionn\u00e9es \u00e0 l'article 2. \n \nArticle 2  \n \n\u00c9galit\u00e9 professionnelle D\u00e9cision d'opposition \u00e0 un plan pour l'\u00e9galit\u00e9 \nprofessionnelle \nArticles L 1143-3 et \nD 1143-6 du code du \ntravail \n\u00c9galit\u00e9 professionnelle D\u00e9cision appr\u00e9ciant la conformit\u00e9 d'un accord \nd'entreprise ou d'un plan d'action aux dispositions \nde l'article L. 2242-8 du code du travail \nArticles L 2242-9 et R \n2242-10 du code du \ntravail \nDur\u00e9e du travail D\u00e9cisions accordant ou refusant d'accorder une \nd\u00e9rogation \u00e0 la dur\u00e9e maximale hebdomadaire \nabsolue du travail \nArticles L 3121-21 et R \n3121-10 du code du \ntravail \nDur\u00e9e du travail D\u00e9cisions accordant ou refusant d'accorder une \nd\u00e9rogation \u00e0 la dur\u00e9e maximale hebdomadaire \nmoyenne du travail \nArticles L 3121-24, L \n3121-25, R 3121-11 et R \n3121-16 du code du \ntravail \nDur\u00e9e du travail D\u00e9cisions accordant ou refusant d'accorder une \nd\u00e9rogation \u00e0 la dur\u00e9e maximale hebdomadaire \nmoyenne du travail pour une entreprise ou pour une \nactivit\u00e9 dans le d\u00e9partement  \nArticles L 713-13, R \n713-12 et R 713-14 du \ncode rural \nDur\u00e9e du travail \nD\u00e9cisions accordant ou refusant d'accorder une \nd\u00e9rogation \u00e0 la dur\u00e9e maximale hebdomadaire \nabsolue du travail pour une entreprise ou pour une \nactivit\u00e9 dans le d\u00e9partement \nArticles L 713-13, R \n713-12 et R 713-13 du \ncode rural \nDur\u00e9e du travail D\u00e9cision d\u00e9signant les membres de la commission \ninstitu\u00e9e aupr\u00e8s des caisses de cong\u00e9s pay\u00e9s du \nb\u00e2timent et des travaux publics \nArticle D 3141 35 du \ncode du travail \nSant\u00e9 et s\u00e9curit\u00e9 au \ntravail \nD\u00e9cisions accordant ou refusant d'accorder des \nd\u00e9rogations \u00e0 l'interdiction de recourir \u00e0 des salari\u00e9s \nsous contrat \u00e0 dur\u00e9e d\u00e9termin\u00e9e pour certains \ntravaux particuli\u00e8rement dangereux  \nArticles L 1242-6 et D \n1242-5 du code du \ntravail \nSant\u00e9 et s\u00e9curit\u00e9 au \ntravail \nD\u00e9cisions accordant ou refusant d'accorder des \nd\u00e9rogations \u00e0 l'interdiction de recourir au travail \ntemporaire pour certains travaux particuli\u00e8rement \ndangereux  \nArticles L 1251-10 et D \n1251-2 du code du \ntravail \nSant\u00e9 et s\u00e9curit\u00e9 au \ntravail \nD\u00e9cision autorisant ou refusant d'autoriser ou \nretirant une d\u00e9cision d'autorisation d'employer des \nsalari\u00e9s titulaires d'un contrat \u00e0 dur\u00e9e d\u00e9termin\u00e9e ou \ndes salari\u00e9s temporaires pour accomplir des travaux \nexposant \u00e0 certains agents chimiques dangereux \nArticles L 4154-1 et D \n4154-3 \u00e0 D 4154-6 du \ncode du travail \nSant\u00e9 et s\u00e9curit\u00e9 au \ntravail \nD\u00e9cision accordant ou refusant d'accorder les \nd\u00e9rogations aux dispositions des articles R. 4533-2 \u00e0 \nR. 4533-4 (voies et r\u00e9seaux divers de chantiers de \nconstruction) \nArticles R 4533-6 et R \n4533-7 du code du \ntravail \nDirection r\u00e9gionale et interd\u00e9partementale de l'\u00e9conomie, de l'emploi, du travail et des solidarit\u00e9s d'\u00cele-de-France -\nIDF-2025-06-06-00004 - D\u00e9cision n\u00b0 2025-109 du 06 juin 2025\nPortant d\u00e9l\u00e9gation de signature du directeur r\u00e9gional et interd\u00e9partemental de l'\u00e9conomie, de l'emploi, du travail et des solidarit\u00e9s\n22\n \n3 / 5 \n \nSant\u00e9 et s\u00e9curit\u00e9 au \ntravail \nMise en demeure de prendre des mesures pour \nrem\u00e9dier \u00e0 une situation dangereuse r\u00e9sultant d'une \ninfraction aux dispositions des articles L. 4121-1 \u00e0 L. \n4121-5, L. 4522-1 et L. 4221-1  \nArticle L 4721-1 du \ncode du travail \nSant\u00e9 et s\u00e9curit\u00e9 au \ntravail \nD\u00e9cision prise sur recours hi\u00e9rarchique form\u00e9 contre \nune demande d'analyse de produits faite en \napplication de l'article R 4722-10 \nArticle R 4723-5 du \ncode du travail \nSant\u00e9 et s\u00e9curit\u00e9 au \ntravail \nD\u00e9cision approuvant ou n'approuvant pas l'\u00e9tude de \ns\u00e9curit\u00e9. D\u00e9cision demandant au chef \nd'\u00e9tablissement d'effectuer ou de faire effectuer des \nessais compl\u00e9mentaires  \nArticle R 4462-30 du \ncode du travail \nSant\u00e9 et s\u00e9curit\u00e9 au \ntravail \nD\u00e9cision approuvant ou n'approuvant pas l'\u00e9tude de \ns\u00e9curit\u00e9. D\u00e9cision demandant au chef \nd'\u00e9tablissement d'effectuer ou de faire effectuer des \nessais compl\u00e9mentaires  \nArticle 8 du d\u00e9cret du \n26 octobre 2005 \nrelatif aux chantiers \nde d\u00e9pollution \npyrotechnique \nSant\u00e9 et s\u00e9curit\u00e9 au \ntravail \nD\u00e9cision accordant ou refusant une dispense \u00e0 \nl'obligation de mettre des douches \u00e0 disposition des \ntravailleurs \nArticle 3 de l'arr\u00eat\u00e9 \ndu 23 juillet 1947 \nGroupement \nd'employeurs \nD\u00e9cision d'opposition \u00e0 l'exercice de l'activit\u00e9 d'un \ngroupement d'employeurs \nArticles L 1253-17 et D \n1253-7 \u00e0 D 1253-11 du \ncode du travail \nGroupement \nd'employeurs \nD\u00e9cisions accordant, refusant ou retirant l'agr\u00e9ment \nd'un groupement d'employeurs \nArticles R 1253-19 \u00e0 R \n1253-27 du code du \ntravail \nRepr\u00e9sentation du \npersonnel \nD\u00e9cisions autorisant ou refusant la suppression du \nmandat de d\u00e9l\u00e9gu\u00e9 syndical \nArticles L. 2143-11 et R \n2143-6 du code du \ntravail \nRepr\u00e9sentation du \npersonnel \nD\u00e9cisions autorisant ou refusant la suppression du \nmandat de repr\u00e9sentant de section syndicale \nArticles L 2142-1-2, L \n2143-11 et R 2143-6 du \ncode du travail \nRepr\u00e9sentation du \npersonnel \nD\u00e9cision fixant le nombre et le p\u00e9rim\u00e8tre des \n\u00e9tablissements distincts du comit\u00e9 social et \n\u00e9conomique  \nArticles L 2313-5, L \n2313-8, R 2313-1 et R \n2313-4 du code du \ntravail \nRepr\u00e9sentation du \npersonnel \nD\u00e9cision fixant la r\u00e9partition du personnel et des \nsi\u00e8ges entre les coll\u00e8ges \u00e9lectoraux du comit\u00e9 social \net \u00e9conomique \nArticles L 2314-13 et R \n2314-3 du code du \ntravail \nRepr\u00e9sentation du \npersonnel \nD\u00e9cision fixant la r\u00e9partition des si\u00e8ges entre les \n\u00e9tablissements et les coll\u00e8ges au sein d'un comit\u00e9 \nsocial et \u00e9conomique central \nArticles L 2316-8 et R \n2316-2 du code du \ntravail \nRepr\u00e9sentation du \npersonnel \nD\u00e9cision r\u00e9partissant les si\u00e8ges au comit\u00e9 de groupe \nentre les \u00e9lus du ou des coll\u00e8ges \u00e9lectoraux \nArticles L 2333-4 et R \n2332-1 du code du \ntravail \nRepr\u00e9sentation du \npersonnel \nD\u00e9cision de d\u00e9signation du rempla\u00e7ant d'un \nrepr\u00e9sentant du personnel du comit\u00e9 de groupe \nArticles L 2333-6 et R \n2332-1 du code du \ntravail \nRepr\u00e9sentation du \npersonnel \nD\u00e9cisions d'autorisation ou de refus d'autorisation \nde suppression d'un comit\u00e9 d'entreprise europ\u00e9en \nArticles L 2345-1 et R \n2345-1 du code du \ntravail \nDirection r\u00e9gionale et interd\u00e9partementale de l'\u00e9conomie, de l'emploi, du travail et des solidarit\u00e9s d'\u00cele-de-France -\nIDF-2025-06-06-00004 - D\u00e9cision n\u00b0 2025-109 du 06 juin 2025\nPortant d\u00e9l\u00e9gation de signature du directeur r\u00e9gional et interd\u00e9partemental de l'\u00e9conomie, de l'emploi, du travail et des solidarit\u00e9s\n23\n \n4 / 5 \n \nApprentissage D\u00e9cisions en mati\u00e8re d'apprentissage et \nnotamment : D\u00e9cision de suspension du contrat \nd'apprentissage (article L 6225-4), D\u00e9cision \nautorisant ou refusant la reprise de l'ex\u00e9cution du \ncontrat d'apprentissage (article L 6225-5), D\u00e9cision \ninterdisant le recrutement de nouveaux apprentis \nainsi que de jeunes titulaires d'un contrat d'insertion \nen alternance (article L 6225-6), D\u00e9cision mettant fin \nou refusant de mettre fin \u00e0 l'interdiction de recruter \nde nouveaux apprentis (article R 6225-11) \nArticles L 6225-4 \u00e0 L \n6225-8 et R 6225-1 \u00e0 R \n6225-12 du code du \ntravail \nTravailleurs de moins \nde 18 ans \nD\u00e9cisions relatives aux travailleurs et stagiaires de \nmoins de 18 ans et notamment : D\u00e9cision de \nsuspension du contrat de travail ou de la convention \ndu stage (article L 4733-8), D\u00e9cision autorisant ou \nrefusant la reprise de l'ex\u00e9cution du contrat de \ntravail ou de la convention du stage (article L 4733-\n9), D\u00e9cision interdisant le recrutement de travailleurs \nou l'accueil de stagiaires (article L 4733-10) \nArticles L 4733-8 et \nsuivants du code du \ntravail \n\u00c9pargne salariale Demande de retrait ou de modification de \ndispositions d'un accord d'int\u00e9ressement ou de \nparticipation, ou d'un r\u00e8glement d'\u00e9pargne salariale \nArticle L 3345-1 et \nsuivants et D 3345-1 \net suivant du code du \ntravail \nRupture \nconventionnelle  \nD\u00e9cisions d'homologation et de refus \nd'homologation des conventions de rupture \nconventionnelle du contrat de travail \nArticles L. 1237-14 et \nR. 1237-3 du code du \ntravail \nDivers D\u00e9termination du salaire de r\u00e9f\u00e9rence des \ntravailleurs migrants \nArticles R 5422-3 et -4 \ndu code du travail \nDivers D\u00e9cision d\u00e9terminant les p\u00e9riodes d'arr\u00eats \nsaisonniers de travail par suite d'intemp\u00e9ries \n(entreprises de BTP) \nArticles D 5424-8 \u00e0 D \n5424-10 du code du \ntravail \nDivers D\u00e9cision prise sur le recours gracieux form\u00e9 par un \n\u00e9lecteur ou son repr\u00e9sentant en cas de contestation \nrelative \u00e0 une inscription sur la liste \u00e9lectorale \u00e9tablie \ndans le cadre du scrutin de mesure de l'audience des \norganisations syndicales dans les entreprises de \nmoins de 11 salari\u00e9s \nArticle R 2122-21 du \ncode du travail \nDivers Mise en \u0153uvre de la transaction p\u00e9nale : proposition \nau mis en cause, demande d'homologation au \nprocureur, notification au mis en cause \nArticles L 8114-4 et \nsuivants et R 8114-3 et \nsuivants du code du \ntravail \n \n \nArticle 3 \n \nLe directeur adjoint de l a direction  d\u00e9partementale peut donner d\u00e9l\u00e9gation de signature aux agents \nplac\u00e9s sous son autorit\u00e9 appartenant au corps de l'inspection du travail, \u00e0 l'exclusion de tout autre, \u00e0 \nl'effet de signer les d\u00e9cisions \u00e9num\u00e9r\u00e9es \u00e0 l'article 2.  \n \nLes subd\u00e9l\u00e9gations sont port\u00e9es \u00e0 la connaissance du directeur r\u00e9gional et interd\u00e9partemental de \nl'\u00e9conomie, de l'emploi, du travail et des solidarit\u00e9s.  \n \nDirection r\u00e9gionale et interd\u00e9partementale de l'\u00e9conomie, de l'emploi, du travail et des solidarit\u00e9s d'\u00cele-de-France -\nIDF-2025-06-06-00004 - D\u00e9cision n\u00b0 2025-109 du 06 juin 2025\nPortant d\u00e9l\u00e9gation de signature du directeur r\u00e9gional et interd\u00e9partemental de l'\u00e9conomie, de l'emploi, du travail et des solidarit\u00e9s\n24\n \n5 / 5 \n \n \nArticle 4 \n \nLa pr\u00e9sente d\u00e9cision de d\u00e9l\u00e9gation de signature porte abrogation de la d\u00e9cision n\u00b0 2025-055 du 1 er \navril 2025. \n \nArticle 5 \n \nLe directeur r\u00e9gional et interd\u00e9partemental de l'\u00e9conomie, de l'emploi, du travail et des solidarit\u00e9s \nd'\u00cele-de-France est charg\u00e9 de l'ex\u00e9cution de la pr\u00e9sente d\u00e9cision qui sera publi\u00e9e au recueil des actes \nadministratifs de la r\u00e9gion Ile-de-France. \n  \n \n \nFait \u00e0 Aubervilliers, le 06 juin 2025 \n \nLe Directeur r\u00e9gional et \ninterd\u00e9partemental de l'\u00e9conomie, de \nl'emploi, du travail et des solidarit\u00e9s \npar int\u00e9rim \n \n      SIGN\u00c9 \n \nMarc ROHFRITSCH \n \n \nDirection r\u00e9gionale et interd\u00e9partementale de l'\u00e9conomie, de l'emploi, du travail et des solidarit\u00e9s d'\u00cele-de-France -\nIDF-2025-06-06-00004 - D\u00e9cision n\u00b0 2025-109 du 06 juin 2025\nPortant d\u00e9l\u00e9gation de signature du directeur r\u00e9gional et interd\u00e9partemental de l'\u00e9conomie, de l'emploi, du travail et des solidarit\u00e9s\n25\nRectorat de l'acad\u00e9mie de Cr\u00e9teil\nIDF-2025-06-06-00001\nArr\u00eat\u00e9 du 6 juin 2025 portant d\u00e9l\u00e9gation de\nsignature \u00e0 madame Val\u00e9rie DEBUCHY directrice\nacad\u00e9mique des services de l'\u00e9ducation\nnationale du d\u00e9partement de la Seine-et-Marne \nRectorat de l'acad\u00e9mie de Cr\u00e9teil - IDF-2025-06-06-00001 - Arr\u00eat\u00e9 du 6 juin 2025 portant d\u00e9l\u00e9gation de signature \u00e0 madame Val\u00e9rie\nDEBUCHY directrice acad\u00e9mique des services de l'\u00e9ducation nationale du d\u00e9partement de la Seine-et-Marne 26\nEnACADEMIEDE CRETEILLibert\u00e9Egalit\u00e9Fraternit\u00e9\n  \n \n \n \n \n \n \n \n \nArr\u00eat\u00e9 du 6 juin 2025 portant d\u00e9l\u00e9gation de signature \n \u00e0 madame Val\u00e9rie DEBUCHY directrice acad\u00e9mique des services de l'\u00e9ducation nationale du \nd\u00e9partement de la Seine-et-Marne \n \n \nLE RECTEUR DE L'ACADEMIE DE CRETEIL \n \n \nVU le code de l'\u00e9ducation et notamment, ses articles R. 222-17-1, R. 222-19 et suivants, R. 222-24 et suivants, \nD. 222-27 et L. 917-1 ; \nVU le code g\u00e9n\u00e9ral de la fonction publique ; \nVU le d\u00e9cret n\u00b0 2012-1246 du 7 novembre 2012 modifi\u00e9 relatif \u00e0 la gestion budg\u00e9taire et comptable publique ; \nVU le d\u00e9cret du 19 octobre 2018 nommant madame Val\u00e9rie DEBUCHY, inspectrice g\u00e9n\u00e9rale de l'\u00e9ducation \nnationale, directrice acad\u00e9mique des services de l'\u00e9ducation nationale du d\u00e9partement de la Seine-et-\nMarne ;  \nVU le d\u00e9cret du 11 mai 2023 portant nomination de monsieur Philippe PICARD, conseiller technique de recteur \npour les \u00e9tablissements et la vie scolaire, dans l'emploi de directeur acad\u00e9mique adjoint des services de \nl'\u00e9ducation nationale du d\u00e9partement de Seine-et-Marne ;  \nVU  le d\u00e9cret du 12 mars 2025 nommant monsieur Jean-Fran\u00e7ois CHANET recteur de l'acad\u00e9mie de Cr\u00e9teil; \n \nVU     le d\u00e9cret du 22 mai 2025 portant nomination de monsieur Benjamin ROYANNEZ, secr\u00e9taire g\u00e9n\u00e9ral de                                      \nla direction des services d\u00e9partementaux de l'\u00e9ducation nationale du Cher, dans l'emploi de directeur  \nacad\u00e9mique adjoint des services de l'\u00e9ducation nationale de la Seine-et-Marne ; \nVU l'arr\u00eat\u00e9 du 22 d\u00e9cembre 2022 relatif aux r\u00e8gles de la comptabilit\u00e9 budg\u00e9taire de l'Etat pris en application de \nl'article 54 du d\u00e9cret n\u00b0 2012-1246 du 7 novembre 2012 modifi\u00e9 relatif \u00e0 la gestion budg\u00e9taire et comptable \npublique ; \nVU l'arr\u00eat\u00e9 minist\u00e9riel du 23 octobre 2020 portant nomination, d\u00e9tachement et classement de monsieur Gilles \nBOUSQUET, inspecteur de l'\u00e9ducation nationale hors classe, dans l'emploi d'adjoint \u00e0 la directrice \nacad\u00e9mique des services de l'\u00e9ducation nationale charg\u00e9 du premier degr\u00e9 du d\u00e9partement de Seine-et-\nMarne \u00e0 compter du 2 novembre 2020 ; \nVU         l'arr\u00eat\u00e9 minist\u00e9riel du 28 mai 2025 portant nomination de madame Christ\u00e8le GUYONNET, attach\u00e9e \nprincipale d'administration de l'\u00c9tat, dans l'emploi de secr\u00e9taire g\u00e9n\u00e9rale de la direction des services \nd\u00e9partementaux de l'\u00e9ducation nationale de Seine-et-Marne \u00e0 compter du 2 juin 2025 ;  \nVU les arr\u00eat\u00e9s du pr\u00e9fet de la r\u00e9gion d'Ile-de-France n\u00b0 IDF-2025-03-26-00009 du 26 mars 2025 portant \nd\u00e9l\u00e9gation de signature \u00e0 monsieur Jean-Fran\u00e7ois CHANET, recteur de l'acad\u00e9mie de Cr\u00e9teil, en mati\u00e8re \nde contr\u00f4le de l\u00e9galit\u00e9 des \u00e9tablissements publics locaux d'enseignement rattach\u00e9s \u00e0 la r\u00e9gion d'Ile-de-\nFrance dans le ressort de l'acad\u00e9mie de Cr\u00e9teil et n\u00b0 IDF-2025-03-26-00008 du 26 mars 2025 portant \nd\u00e9l\u00e9gation de signature \u00e0 monsieur Jean-Fran\u00e7ois CHANET, recteur de l'acad\u00e9mie de Cr\u00e9teil, en mati\u00e8re \nd'ordonnancement secondaire ; \nVU l'arr\u00eat\u00e9 de la rectrice de la r\u00e9gion acad\u00e9mique Ile-de-France, rectrice de l'acad\u00e9mie de Paris, chanceli\u00e8re \ndes universit\u00e9s de Paris et d'Ile-de-France n\u00b0 2025-034-RRA du 27 mars 2025 portant d\u00e9l\u00e9gation de \nsignature \u00e0 caract\u00e8re administratif ; \nVU la d\u00e9cision du 11 d\u00e9cembre 2020 portant d\u00e9signation des responsables de budget op\u00e9rationnel de \nprogramme (BOP) et d'unit\u00e9s op\u00e9rationnelles (UO) pour le programme 214 \u00ab soutien de la politique de \nl'\u00e9ducation nationale \u00bb ; \n \nRectorat de l'acad\u00e9mie de Cr\u00e9teil - IDF-2025-06-06-00001 - Arr\u00eat\u00e9 du 6 juin 2025 portant d\u00e9l\u00e9gation de signature \u00e0 madame Val\u00e9rie\nDEBUCHY directrice acad\u00e9mique des services de l'\u00e9ducation nationale du d\u00e9partement de la Seine-et-Marne 27\n \n 2 \nVU la d\u00e9cision du 21 d\u00e9cembre 2020 portant d\u00e9signation des responsables de budget op\u00e9rationnel de \nprogramme (BOP) et d'unit\u00e9s op\u00e9rationnelles (UO) pour le programme 150 \u00ab formations sup\u00e9rieures et \nrecherche universitaire \u00bb ; \n \nARRETE \n \n \n \nARTICLE 1 :  \nMadame Val\u00e9rie DEBUCHY, directrice acad\u00e9mique des services de l'\u00e9ducation nationale dans le d\u00e9partement de \nla Seine-et-Marne, dispose, \u00e0 compter du jour suivant la publication de sa nomination ou \u00e0 compter du jour o\u00f9 cet \nacte prend effet si ce jour est post\u00e9rieur, de l'ensemble des d\u00e9l\u00e9gations de signature de droit telles qu'elles \nd\u00e9coulent de l'article R. 222-19-3 du code de l'\u00e9ducation modifi\u00e9 par le d\u00e9cret n\u00b0 2012-16 du 5 janvier 2012 relatif \n\u00e0 l'organisation acad\u00e9mique (notamment inscription, d\u00e9rogation \u00e0 la sectorisation, vie scolaire, etc.) \u00e0 l'exception \ndes d\u00e9l\u00e9gations de signature pour les actes suivants :  \n \n- actes relatifs au contr\u00f4le administratif des lyc\u00e9es, EREA et ERPD : action \u00e9ducatrice et  \n  fonctionnement ; \n- actes relatifs au contr\u00f4le financier des EPLE ; \n- actes relatifs au suivi des EPLE : arr\u00eat\u00e9s des groupements comptables ; \n- actes relatifs aux projets des lyc\u00e9es, lyc\u00e9es professionnels et EREA ; \n- autorisations de voyages et d'accompagnement des \u00e9l\u00e8ves du second degr\u00e9 dans le cadre  \n  des appariements \u00e0 l'\u00e9tranger.  \n \n \n \nARTICLE 2 : \n \nEn tant que responsable d'unit\u00e9s op\u00e9rationnelles, d\u00e9l\u00e9gation de signature est donn\u00e9e \u00e0 madame Val\u00e9rie \nDEBUCHY, directrice acad\u00e9mique des services de l'\u00e9ducation nationale dans le d\u00e9partement de Seine-et-Marne \npour :  \n             - la gestion des cr\u00e9dits de fonctionnement et d'intervention de l'unit\u00e9 op\u00e9rationnelle pour le programme \n140 \u00ab Enseignement scolaire public du premier degr\u00e9 \u00bb ; \n             - la gestion des cr\u00e9dits de personnel en mati\u00e8re de d\u00e9penses d'accidents de service et de formation pour \nle premier degr\u00e9 et des cr\u00e9dits de fonctionnement pour les examens ; \n             - la gestion des cr\u00e9dits de personnel en mati\u00e8re de d\u00e9penses d'accidents de service et de formation des \naccompagnants des \u00e9l\u00e8ves en situation de handicap et la gestion des cr\u00e9dits de fonctionnement et \nd'intervention en mati\u00e8re de d\u00e9penses de formation des accompagnants des \u00e9l\u00e8ves en situation de \nhandicap et de d\u00e9penses relatives \u00e0 l'inclusion scolaire des \u00e9l\u00e8ves en situation de handicap dans le \ncadre de l'unit\u00e9 op\u00e9rationnelle pour le programme 230 \u00ab Vie de l'\u00e9l\u00e8ve \u00bb.  \n \n \n \nARTICLE 3 : \n \nSubd\u00e9l\u00e9gation de signature est donn\u00e9e \u00e0 madame Val\u00e9rie DEBUCHY, directrice acad\u00e9mique des services de \nl'\u00e9ducation nationale dans le d\u00e9partement de la Seine-et-Marne pour la gestion des cr\u00e9dits de fonctionnement et \nd'intervention, en mati\u00e8re de fonctionnement et d'examens, dans le cadre de l'unit\u00e9 op\u00e9rationnelle pour le \nprogramme 214 \u00ab Soutien de la politique de l'\u00e9ducation nationale \u00bb. \n \n \n \n \nRectorat de l'acad\u00e9mie de Cr\u00e9teil - IDF-2025-06-06-00001 - Arr\u00eat\u00e9 du 6 juin 2025 portant d\u00e9l\u00e9gation de signature \u00e0 madame Val\u00e9rie\nDEBUCHY directrice acad\u00e9mique des services de l'\u00e9ducation nationale du d\u00e9partement de la Seine-et-Marne 28\n \n 3 \n \n \n \n \n \n \nARTICLE 4 : \n \nEn mati\u00e8re de gestion du personnel, d\u00e9l\u00e9gation de signature est donn\u00e9e \u00e0 madame Val\u00e9rie DEBUCHY, directrice \nacad\u00e9mique des services de l'\u00e9ducation nationale du d\u00e9partement de la Seine-et-Marne pour :  \n\uf0b7 la d\u00e9signation des jurys, le d\u00e9roulement des \u00e9preuves du premier concours interne de professeur des \n\u00e9coles ; \n \n\uf0b7 la gestion des professeurs des \u00e9coles stagiaires :  \n- toutes les d\u00e9cisions \u00e9num\u00e9r\u00e9es par l'arr\u00eat\u00e9 du 23 septembre 1992 modifi\u00e9 \u00e0 l'exception de celles \nrelatives \u00e0 l'organisation des concours dans les conditions pr\u00e9vues par l'arr\u00eat\u00e9 du 25 janvier 2021 ; \n \n\uf0b7 la gestion des professeurs des \u00e9coles et des instituteurs de l'enseignement public :  \n \n             - les actes pris en application des dispositions des arr\u00eat\u00e9s modifi\u00e9s du 12 avril 1988 et du 28 ao\u00fbt 1990 ; \n             - les arr\u00eat\u00e9s pla\u00e7ant en cong\u00e9 d'office pour un mois en vertu de l'article R. 911-36 du code l'\u00e9ducation ; \n             - les sanctions disciplinaires pr\u00e9vues \u00e0 l'article L. 533-1 du code g\u00e9n\u00e9ral de la fonction publique ; \n \n\uf0b7 tous les personnels en fonction dans le d\u00e9partement, \u00e0 l'exception de ceux affect\u00e9s dans les \n\u00e9tablissements d'enseignement sup\u00e9rieur et au rectorat :  \n \n             - autorisations d'absence ;  \n             - d\u00e9cisions relatives aux demandes de d\u00e9rogation \u00e0 l'obligation d'occuper un logement de fonction et \u00e0 \nl'obligation de r\u00e9sidence pour les personnels exer\u00e7ant en coll\u00e8ge ; \n             - d\u00e9cisions d'imputabilit\u00e9 au service des accidents du travail pour les personnels relevant des corps du \npremier degr\u00e9 ; \n             - d\u00e9cisions relatives au compte personnel de formation ; \n \n\uf0b7 les personnels du service d\u00e9partemental de l'\u00e9ducation nationale : \n \n             - d\u00e9cisions d'octroi de cong\u00e9 de maladie pr\u00e9vu aux articles L. 822-1, L. 822-2 et L. 822-3 du code g\u00e9n\u00e9ral \nde la fonction publique et \u00e0 l'article 24 du d\u00e9cret n\u00b0 94-874 du 7 octobre 1994 modifi\u00e9 ; \n             - d\u00e9cisions d'octroi d'un cong\u00e9 pour maternit\u00e9 ou pour adoption ou d'un cong\u00e9 de paternit\u00e9 pr\u00e9vu \u00e0 l'article \nL. 631-1 du code g\u00e9n\u00e9ral de la fonction publique et \u00e0 l'article 22 du d\u00e9cret n\u00b0 94-874 du 7 octobre 1994 \nmodifi\u00e9 ; \n \n\uf0b7 les d\u00e9cisions relatives au recrutement, \u00e0 la gestion et \u00e0 la fin du contrat de certains agents non titulaires \nexer\u00e7ant dans les \u00e9coles primaires et les d\u00e9cisions relatives au recrutement, \u00e0 la gestion et \u00e0 la fin de \ncontrat d'intervenants dans les \u00e9coles primaires ; \n \n\uf0b7 les d\u00e9cisions relatives au recrutement, \u00e0 la gestion administrative et financi\u00e8re et \u00e0 la fin du contrat des \naccompagnants des \u00e9l\u00e8ves en situation de handicap (AESH) (contrat \u00e0 dur\u00e9e d\u00e9termin\u00e9e ou contrat \u00e0 \ndur\u00e9e ind\u00e9termin\u00e9e) ; \n \n\uf0b7 les d\u00e9cisions relatives au recrutement, \u00e0 la gestion administrative et financi\u00e8re et \u00e0 la fin du contrat des \naccompagnants des personnels en situation de handicap (APSH) (contrat \u00e0 dur\u00e9e d\u00e9termin\u00e9e ou contrat \n\u00e0 dur\u00e9e ind\u00e9termin\u00e9e). \n \n \n \nRectorat de l'acad\u00e9mie de Cr\u00e9teil - IDF-2025-06-06-00001 - Arr\u00eat\u00e9 du 6 juin 2025 portant d\u00e9l\u00e9gation de signature \u00e0 madame Val\u00e9rie\nDEBUCHY directrice acad\u00e9mique des services de l'\u00e9ducation nationale du d\u00e9partement de la Seine-et-Marne 29\n \n 4 \n \n \n \n \n \nARTICLE 5 : \n \nEn application de l'article R. 222-17-1 du code de l'\u00e9ducation, d\u00e9l\u00e9gation de signature est donn\u00e9e \u00e0 madame \nVal\u00e9rie DEBUCHY, directrice acad\u00e9mique des services de l'\u00e9ducation nationale dans le d\u00e9partement de Seine-\net-Marne, pour signer au nom du recteur de l'acad\u00e9mie de Cr\u00e9teil tous actes, arr\u00eat\u00e9s, d\u00e9cisions et \ncorrespondances, dans la limite de leurs attributions, dans les domaines suivants :   \n- l'organisation du s\u00e9jour de coh\u00e9sion du service national universel (SNU), le recrutement et la \ngestion des personnes physiques participant \u00e0 des fonctions d'animation ou de direction de ce \ns\u00e9jour, l'approbation dans le cadre de la r\u00e9serve du SNU des missions d'int\u00e9r\u00eat g\u00e9n\u00e9ral, \nl'inscription, l'affectation des r\u00e9servistes et le contr\u00f4le des conditions de mise en \u0153uvre de la \nr\u00e9serve ; \n  \n- l'agr\u00e9ment des associations de jeunesse et d'\u00e9ducation populaire ;  \n \n- l'attribution des subventions d'appui au secteur associatif vers\u00e9es par l'interm\u00e9diaire du Fonds \nde coop\u00e9ration de la jeunesse et d'\u00e9ducation populaire (FONJEP) ;  \n \n- la d\u00e9livrance du brevet d'aptitude aux fonctions d'animateur (BAFA). \n \n \n \nARTICLE 6 : \n \nLa gestion des bourses du second degr\u00e9 s'effectue au sein d'un service interd\u00e9partemental situ\u00e9 dans le \nd\u00e9partement de la Seine-et-Marne.  \n \n \nARTICLE 7 : \n \nPour les d\u00e9cisions relevant de l'article R. 222-19-3 du code de l'\u00e9ducation (notamment inscription, d\u00e9rogation \u00e0 la \nsectorisation, vie scolaire) et pour les d\u00e9cisions \u00e9nonc\u00e9es \u00e0 l'article 5 du pr\u00e9sent arr\u00eat\u00e9, madame Val\u00e9rie \nDEBUCHY, directrice acad\u00e9mique des services de l'\u00e9ducation nationale dans le d\u00e9partement de la Seine-et-\nMarne, peut accorder une subd\u00e9l\u00e9gation de signature aux personnes mentionn\u00e9es \u00e0 l'article D. 222-20 du code \nde l'\u00e9ducation : \n \n- aux directeurs acad\u00e9miques adjoints des services de l'\u00e9ducation nationale, au secr\u00e9taire \ng\u00e9n\u00e9ral de la direction du service d\u00e9partemental de l'\u00e9ducation nationale ou au chef des \nservices administratifs de ce m\u00eame service ;  \n \n- aux inspecteurs de l'\u00e9ducation nationale, qui sont ses adjoints ; \n \n- au chef de service d\u00e9partemental \u00e0 la jeunesse, \u00e0 l'engagement et aux sports, lequel peut \n\u00e9galement donner d\u00e9l\u00e9gation aux agents plac\u00e9s sous son autorit\u00e9 pour signer tous actes relatifs \naux affaires pour lesquelles il a lui-m\u00eame re\u00e7u d\u00e9l\u00e9gation.  \n \n \n \n \n \n \n \nRectorat de l'acad\u00e9mie de Cr\u00e9teil - IDF-2025-06-06-00001 - Arr\u00eat\u00e9 du 6 juin 2025 portant d\u00e9l\u00e9gation de signature \u00e0 madame Val\u00e9rie\nDEBUCHY directrice acad\u00e9mique des services de l'\u00e9ducation nationale du d\u00e9partement de la Seine-et-Marne 30\n \n 5 \n \nARTICLE 8 : \n \nPour les d\u00e9cisions mentionn\u00e9es aux articles 2, 3, et 4 en cas d'absence ou d'emp\u00eachement de madame Val\u00e9rie \nDEBUCHY, directrice acad\u00e9mique des services de l'\u00e9ducation nationale du d\u00e9partement de la Seine-et-Marne, \nd\u00e9l\u00e9gation de signature est donn\u00e9e \u00e0 : \n \n- Monsieur Philippe PICARD, directeur acad\u00e9mique adjoint des services de l'\u00e9ducation \nnationale de la Seine-et-Marne ;  \n \n \n- Monsieur Benjamin ROYANNEZ directeur acad\u00e9mique adjoint des services de l'\u00e9ducation \nnationale de la Seine-et-Marne ; \n \n \n - Madame Christ\u00e8le GUYONNET, secr\u00e9taire g\u00e9n\u00e9rale de la direction des services \nd\u00e9partementaux de l'\u00e9ducation nationale de la Seine-et-Marne ;  \n \n \nEt en cas d'absence ou d'emp\u00eachement de ces derniers \u00e0 : \n \n- Monsieur Gilles BOUSQUET, adjoint de la directrice acad\u00e9mique des services de l'\u00e9ducation \nnationale de la Seine-et-Marne en charge du premier degr\u00e9.  \n \n \n \nARTICLE 9 : \n \nLe pr\u00e9sent arr\u00eat\u00e9 abroge l'arr\u00eat\u00e9 du 2 juin 2025. \n \n \n \nARTICLE 10 : \n \nLe secr\u00e9taire g\u00e9n\u00e9ral de l'acad\u00e9mie de Cr\u00e9teil et la directrice acad\u00e9mique des services de l'\u00e9ducation nationale \nde la Seine-et-Marne, sont charg\u00e9s, chacun en ce qui le concerne, de l'ex\u00e9cution du pr\u00e9sent arr\u00eat\u00e9, qui sera publi\u00e9 \nau recueil des actes administratifs de la pr\u00e9fecture de r\u00e9gion d'Ile-de-France et au recueil des actes administratifs \nde la pr\u00e9fecture du d\u00e9partement de la Seine et Marne.  \n \n \n Fait \u00e0 Cr\u00e9teil, le 6 juin 2025 \n \n \n Le recteur de l'acad\u00e9mie de Cr\u00e9teil \n \n           Sign\u00e9 \n \n  \n        Jean-Fran\u00e7ois CHANET  \nRectorat de l'acad\u00e9mie de Cr\u00e9teil - IDF-2025-06-06-00001 - Arr\u00eat\u00e9 du 6 juin 2025 portant d\u00e9l\u00e9gation de signature \u00e0 madame Val\u00e9rie\nDEBUCHY directrice acad\u00e9mique des services de l'\u00e9ducation nationale du d\u00e9partement de la Seine-et-Marne 31\nRectorat de l'acad\u00e9mie de Versailles\nIDF-2025-06-06-00008\nArr\u00eat\u00e9 du Recteur de l'acad\u00e9mie de Versailles\nportant subd\u00e9l\u00e9gation de signature \u00e0 caract\u00e8re\nadministratif\nRectorat de l'acad\u00e9mie de Versailles - IDF-2025-06-06-00008 - Arr\u00eat\u00e9 du Recteur de l'acad\u00e9mie de Versailles portant subd\u00e9l\u00e9gation de\nsignature \u00e0 caract\u00e8re administratif 32\nEnACADEMIEDE VERSAILLESLibert\u00e9Egalit\u00e9Fraternit\u00e9\n \n \n \n \nArr\u00eat\u00e9 du Recteur de l'acad\u00e9mie de Versailles portant  \nsubd\u00e9l\u00e9gation de signature \u00e0 caract\u00e8re administratif \n \n \nLe Recteur de l'acad\u00e9mie de Versailles, \n \nVu le code l'\u00e9ducation, notamment ses articles R335-5 et 551-13 ; \nVu le code du service national et notamment ses article L120-2, R120-9 et R121-35 ; \nVu le code de l'action sociale et des familles, notamment ses articles L432-1, R227-21, R227-22, D432-\n11 et D432-18 ; \nVu le code du sport, notamment ses articles R114-13, R114-17, R114-18, R114-22 (dernier alin\u00e9a) et \nR114-37, R212-10-8 \u00e0 R212-10-16 ; \nVu la loi n\u00b092-125 du 6 f\u00e9vrier 1992 modifi\u00e9e relative \u00e0 l'administration territoriale de la R\u00e9publique ; \nVu la loi n\u00b02001-624 du 17 juillet 2001 portant diverses dispositions d'ordre social, \u00e9ducatif et culturel ; \nVu la loi n\u00b02006-586 du 23 mai 2006 relative \u00e0 l'engagement \u00e9ducatif et notamment son article 19 ; \nVu la loi n\u00b02008-1249 du 1er d\u00e9cembre 2008 g\u00e9n\u00e9ralisant le revenu de solidarit\u00e9 active et r\u00e9formant les \npolitiques d'insertion et notamment son article 25 ; \nVu le d\u00e9cret n\u00b02002-571 du 22 avril 2002 relatif \u00e0 l'agr\u00e9ment des associations de jeunesse et d'\u00e9ducation \npopulaire ; \nVu le d\u00e9cret n\u00b02004-374 du 29 avril 2004 modifi\u00e9 relatif aux pouvoirs des pr\u00e9fets, \u00e0 l'organisation et \u00e0 \nl'action des services de l'Etat dans les r\u00e9gions et d\u00e9partements et notamment le I de son article 33 ; \nVu le d\u00e9cret n\u00b02015-510 du 7 mai 2015 modifi\u00e9 portant charte de la d\u00e9concentration ; \nVu le d\u00e9cret n\u00b02017-574 du 19 avril 2017 relatif \u00e0 la lab\u00e9lisation des structures information jeunesse ; \nVu le d\u00e9cret n\u00b0 2020-922 du 29 juillet 2020 portant diverses dispositions relatives au service national \nuniversel, notamment ses articles 3, 4, et 5 ; \nVu le d\u00e9cret n\u00b0 2020-870 du 15 juillet 2020 relatif aux attributions du ministre de l'\u00e9ducation nationale, de \nla jeunesse et des sports ; \nVu le d\u00e9cret n\u00b02019-1200 du 20 novembre 2019 relatif \u00e0 l'organisation des services d\u00e9concentr\u00e9s des \nministres charg\u00e9s de l'\u00e9ducation nationale et de l'enseignement sup\u00e9rieur, de la recherche et de \nl'innovation ; \nVu le d\u00e9cret n\u00b02020-1542 du 9 d\u00e9cembre 2020 relatif aux comp\u00e9tences des autorit\u00e9s acad\u00e9miques dans \nle domaine des politiques de la jeunesse, de l'\u00e9ducation populaire, de la vie associative, de \nl'engagement civique et des sports et \u00e0 l'organisation des services charg\u00e9s de leur mise en \u0153uvre et \nnotamment son article 8 ; \nVu le protocole national du 15 d\u00e9cembre 2020 conclu entre le minist\u00e8re de l'int\u00e9rieur et le minist\u00e8re de \nl'\u00e9ducation nationale, de la jeunesse et des sports relatif \u00e0 l'articulation des comp\u00e9tences entre les \npr\u00e9fets et les recteurs pour la mise en \u0153uvre des missions de jeunesse, d'engagement et de sports ; \n \n  \nRectorat de l'acad\u00e9mie de Versailles - IDF-2025-06-06-00008 - Arr\u00eat\u00e9 du Recteur de l'acad\u00e9mie de Versailles portant subd\u00e9l\u00e9gation de\nsignature \u00e0 caract\u00e8re administratif 33\nErACA )EMIEDE V :RSAILLESLibert\u00e9Egalit\u00e9Fraternit\n \n \n \n \nVu l'arr\u00eat\u00e9 n\u00b02020-32 du 21 d\u00e9cembre 2020 portant organisation de la d\u00e9l\u00e9gation r\u00e9gionale acad\u00e9mique \u00e0 \nla jeunesse, \u00e0 l'engagement et aux sports et des services d\u00e9partementaux \u00e0 la jeunesse, \u00e0 \nl'engagement et aux sports ; \nVu les protocoles territoriaux conclus entre le pr\u00e9fet de r\u00e9gion, pr\u00e9fet de Paris, les pr\u00e9fets de d\u00e9partement \net le recteur de la r\u00e9gion acad\u00e9mique d'Ile-de-France pr\u00e9sent\u00e9s en CAR le 16 d\u00e9cembre 2020 ; \nVu le protocole r\u00e9gional et d\u00e9partemental conclu entre le pr\u00e9fet de r\u00e9gion, pr\u00e9fet de Paris et le recteur de \nla r\u00e9gion acad\u00e9mique d'Ile-de-France et de l'acad\u00e9mie de Paris le 24 d\u00e9cembre 2020 ; \nVu le d\u00e9cret du Pr\u00e9sident de la R\u00e9publique en date du 13 juillet 2023 portant nomination de Monsieur \n\u00c9tienne CHAMPION en qualit\u00e9 de Recteur de l'acad\u00e9mie de Versailles ; \nVu le d\u00e9cret du 12 mars 2025 portant nomination de la rectrice de la r\u00e9gion acad\u00e9mique d'Ile-de-France, \nrectrice de Paris, Mme Julie BENETTI ; \nVu l'arr\u00eat\u00e9 du 12 septembre 2019 portant nomination de Monsieur Beno\u00eet VERSCHAEVE en qualit\u00e9 de \nsecr\u00e9taire g\u00e9n\u00e9ral de l'acad\u00e9mie de Versailles ; \nVu le d\u00e9cret du 03 octobre 2024 portant nomination de Monsieur Jean-Pierre GENEVIEVE en qualit\u00e9 de \ndirecteur acad\u00e9mique des services de l'\u00e9ducation nationale des Yvelines ; \nVu le d\u00e9cret du 28 ao\u00fbt 2023 portant nomination de Madame Pascale COQ en qualit\u00e9 de directrice \nacad\u00e9mique des services de l'\u00e9ducation nationale de l'Essonne ; \nVu le d\u00e9cret du 27 novembre 2022 portant nomination de Monsieur Fr\u00e9d\u00e9ric FULGENCE en qualit\u00e9 de \ndirecteur acad\u00e9mique des services de l'\u00e9ducation nationale des Hauts-de-Seine ; \nVu le d\u00e9cret du 04 ao\u00fbt 2022 portant nomination de Monsieur Olivier WAMBECKE en qualit\u00e9 de directeur \nacad\u00e9mique des services de l'\u00e9ducation nationale du Val d'Oise ; \nVu l'arr\u00eat\u00e9 du 27 mars 2025, n\u00b02025-034-RRA de la rectrice de la r\u00e9gion acad\u00e9mique d'Ile-de-France \nportant d\u00e9l\u00e9gation de signature \u00e0 caract\u00e8re administratif. \n \n \nARRETE : \n \n \nArticle 1er  \nD\u00e9l\u00e9gation permanente de signature est donn\u00e9e, dans la limite de leurs attributions, \u00e0 : \n- Monsieur Beno\u00eet VERSCHAEVE, secr\u00e9taire g\u00e9n\u00e9ral de l'acad\u00e9mie de Versailles ; \n- Monsieur Jean-Pierre GENEVIEVE, directeur acad\u00e9mique des services de l'\u00e9ducation \nnationale des Yvelines ; \n- Madame Pascale COQ, directrice acad\u00e9mique des services de l'\u00e9ducation nationale de \nl'Essonne ; \n- Monsieur Fr\u00e9d\u00e9ric FULGENCE, directeur acad\u00e9mique des services de l'\u00e9ducation nationale \ndes Hauts-de-Seine ; \n- Monsieur Olivier WAMBECKE, directeur acad\u00e9mique des services de l'\u00e9ducation nationale \ndu Val d'Oise. \n \n  \nRectorat de l'acad\u00e9mie de Versailles - IDF-2025-06-06-00008 - Arr\u00eat\u00e9 du Recteur de l'acad\u00e9mie de Versailles portant subd\u00e9l\u00e9gation de\nsignature \u00e0 caract\u00e8re administratif 34\nErACA )EMIEDE V :RSAILLESLibert\u00e9Egalit\u00e9Fraternit\n \n \n \n \n \n \n \nPour tous actes, arr\u00eat\u00e9s, d\u00e9cisions et correspondances dans les domaines suivants : \n \n- l'organisation du s\u00e9jour de coh\u00e9sion du service national universel (SNU), le recrutement et la gestion des \npersonnes physiques participant \u00e0 des fonctions d'animation ou de direction de ce s\u00e9jour, l'approbation \ndans le cadre de la r\u00e9serve du SNU des missions d'int\u00e9r\u00eat g\u00e9n\u00e9ral, l'inscription, l'affectation des r\u00e9servistes \net le contr\u00f4le des conditions de mise en \u0153uvre de la r\u00e9serve ;  \n- l'agr\u00e9ment des associations de jeunesse et d'\u00e9ducation populaire ; \n- l'attribution des subventions d'appui au secteur associatif vers\u00e9es par l'interm\u00e9diaire du Fonds de \ncoop\u00e9ration de la jeunesse et d'\u00e9ducation populaire (FONJEP) ; \n- la d\u00e9livrance du Brevet d'aptitude aux fonctions d'animateur (BAFA). \n \n \nArticle 2 \nPour la Direction des services d\u00e9partementaux de l'\u00c9ducation nationale des Yvelines, en cas d'absence \nou d'emp\u00eachement de Monsieur Jean-Pierre GENEVIEVE, d\u00e9l\u00e9gation de signature est donn\u00e9e \u00e0, Madame \nFloriane DUGUET, secr\u00e9taire g\u00e9n\u00e9rale. \n \n \nArticle 3  \nEn cas d'absence ou d'emp\u00eachement de Monsieur Jean-Pierre GENEVIEVE et de Madame Floriane \nDUGUET, d\u00e9l\u00e9gation de signature est donn\u00e9e \u00e0 Madame Rachel HERVET, cheffe du Service \nD\u00e9partemental \u00e0 la Jeunesse \u00e0 l'Engagement et aux Sports (SDJES), Monsieur Aur\u00e9lien RAMBAUD, \nadjoint \u00e0 la cheffe du SDJES. \n \n \nArticle 4 \nPour la Direction des services d\u00e9partementaux de l'\u00c9ducation nationale de l'Essonne, en cas d'absence \nou d'emp\u00eachement de Madame Pascale COQ, d\u00e9l\u00e9gation de signature est donn\u00e9e \u00e0 Madame Rachel \nMEYNENT, directrice acad\u00e9mique adjointe, Madame V\u00e9ronique GAST\u00c9, directrice acad\u00e9mique adjointe, \nMonsieur Gr\u00e9gory MACIAZEK, directeur acad\u00e9mique adjoint et \u00e0 Monsieur Sylvain DEMONT, \nsecr\u00e9taire g\u00e9n\u00e9ral. \n \n \nArticle 5  \nEn cas d'absence ou d'emp\u00eachement de Madame Pascale COQ, Madame Rachel MEYNENT, Madame \nV\u00e9ronique GAST\u00c9, Monsieur Gr\u00e9gory MACIAZEK, Monsieur Sylvain DEMONT, d\u00e9l\u00e9gation de signature \nest donn\u00e9e \u00e0 Monsieur Christophe DEFREITAS, chef du Service D\u00e9partemental \u00e0 la Jeunesse \u00e0 \nl'Engagement et aux Sports (SDJES), Madame Estelle AZEU, adjointe au chef du SDJES, Madame \nChristelle HAMON, responsable du service jeunesse du SDJES. \n \n  \nRectorat de l'acad\u00e9mie de Versailles - IDF-2025-06-06-00008 - Arr\u00eat\u00e9 du Recteur de l'acad\u00e9mie de Versailles portant subd\u00e9l\u00e9gation de\nsignature \u00e0 caract\u00e8re administratif 35\nACA )EMIEDE V :RSAILLES\nFraternit\n \n \n \n \nArticle 6 \nPour la Direction des services d\u00e9partementaux de l'\u00c9ducation nationale des Hauts-de-Seine, en cas \nd'absence ou d'emp\u00eachement de Monsieur Fr\u00e9d\u00e9ric FULGENCE, d\u00e9l\u00e9gation de signature est donn\u00e9e \u00e0, \nMadame V\u00e9ronique PAROUTY, directrice acad\u00e9mique adjointe, Monsieur Jacques FLODROPS, \ndirecteur acad\u00e9mique adjoint, Madame Ma\u00eflys PUYGAUTHIER, cheffe du Service D\u00e9partemental \u00e0 la \nJeunesse \u00e0 l'Engagement et aux Sports (SDJES), Madame Caroline BOUH\u00caLIER, secr\u00e9taire g\u00e9n\u00e9rale, \nMonsieur Emmanuel NEIL, adjoint au directeur acad\u00e9mique des services de l'\u00c9ducation nationale pour \nle 1er degr\u00e9. \n \n \nArticle 7  \nEn cas d'absence ou d'emp\u00eachement de Monsieur Fr\u00e9d\u00e9ric FULGENCE, Madame V\u00e9ronique PAROUTY, \nMonsieur Jacques FLODROPS, Madame Ma\u00eflys PUYGAUTHIER, Madame Caroline BOUH\u00caLIER, \nMonsieur Emmanuel NEIL, d\u00e9l\u00e9gation de signature est donn\u00e9e \u00e0 Madame Fr\u00e9d\u00e9rique MICHAUX, \nsecr\u00e9taire g\u00e9n\u00e9rale adjointe, Madame Sonia CHABANE, adjointe \u00e0 la cheffe du Service D\u00e9partemental \u00e0 \nla Jeunesse \u00e0 l'Engagement et aux Sports (SDJES) \n \n \nArticle 8 \nPour la Direction des services d\u00e9partementaux de l'\u00c9ducation nationale du Val d'Oise, en cas d'absence \nou d'emp\u00eachement de Monsieur Olivier WAMBECKE, d\u00e9l\u00e9gation de signature est donn\u00e9e \u00e0 Madame \nIsabel ALBAR, directrice acad\u00e9mique adjointe, Madame Val\u00e9rie LEGALLICIER, directrice acad\u00e9mique \nadjointe, Monsieur Jacques-Emmanuel DAUG\u00c9, directeur acad\u00e9mique adjoint, Monsieur Matthieu \nPOINTREAU, secr\u00e9taire g\u00e9n\u00e9ral. \n \n \nArticle 9  \nEn cas d'absence ou d'emp\u00eachement de Monsieur Olivier WAMBECKE, Madame Isabel ALBAR, Madame \nVal\u00e9rie LEGALLICIER, Monsieur Jacques-Emmanuel DAUG\u00c9, Monsieur Matthieu POINTREAU, \nd\u00e9l\u00e9gation de signature est donn\u00e9e \u00e0 Monsieur Philippe LAFONT, chef du Service D\u00e9partemental \u00e0 la \nJeunesse \u00e0 l'Engagement et aux Sports (SDJES) et \u00e0 Monsieur William TORDJAMN, adjoint au chef du \nSDJES. \n \n \nArticle 10 \nL'arr\u00eat\u00e9 rectoral n\u00b0IDF-2025-05-23-00005 du 23 mai 2025 portant subd\u00e9l\u00e9gation de signature est abrog\u00e9. \n \n \nArticle 11 \nLe secr\u00e9taire g\u00e9n\u00e9ral de l'acad\u00e9mie de Versailles est charg\u00e9 de l'ex\u00e9cution du pr\u00e9sent arr\u00eat\u00e9 qui sera \npubli\u00e9 au recueil des actes administratifs de la r\u00e9gion \u00cele-de-France. \n \nFait \u00e0 Versailles, le 06 juin 2025. \n \n \n \nLe Recteur \n \nSign\u00e9 \n \n\u00c9tienne CHAMPION \n \nRectorat de l'acad\u00e9mie de Versailles - IDF-2025-06-06-00008 - Arr\u00eat\u00e9 du Recteur de l'acad\u00e9mie de Versailles portant subd\u00e9l\u00e9gation de\nsignature \u00e0 caract\u00e8re administratif 36\nRectorat de l'acad\u00e9mie de Versailles\nIDF-2025-06-06-00005\nArr\u00eat\u00e9 portant d\u00e9l\u00e9gation de signature \u00e0\nMadame Pascale COQ, directrice acad\u00e9mique\ndes services de l'\u00e9ducation nationale de\nl'Essonne en charge du service\nacad\u00e9mique mutualis\u00e9 de la gestion des bourses\ndu second degr\u00e9\nRectorat de l'acad\u00e9mie de Versailles - IDF-2025-06-06-00005 - Arr\u00eat\u00e9 portant d\u00e9l\u00e9gation de signature \u00e0 Madame Pascale COQ,\ndirectrice acad\u00e9mique\ndes services de l'\u00e9ducation nationale de l'Essonne en charge du service\nacad\u00e9mique mutualis\u00e9 de la gestion des bourses du second degr\u00e9\n37\nACADEMIEDE VERSAILLESLibert\u00e9Egalit\u00e9Fraternit\u00e9\n \n \n \n \nARR\u00caT\u00c9 \n \n \nportant d\u00e9l\u00e9gation de signature \u00e0 Madame Pascale COQ, directrice acad\u00e9mique \ndes services de l'\u00e9ducation nationale de l'Essonne en charge du service \nacad\u00e9mique mutualis\u00e9 de la gestion des bourses \ndu second degr\u00e9 \n \n \nLe Recteur de l'acad\u00e9mie de Versailles, \n \n \n \nVU le Code de l'\u00c9ducation, notamment, notamment son article D.222-20 et ses articles R 531-1 et \nsuivants ; \n \nVU le d\u00e9cret 2012-16 du 5 janvier 2012 relatif \u00e0 l'organisation acad\u00e9mique ; \n \nVU l'arr\u00eat\u00e9 rectoral du 25 juin 2009 portant cr\u00e9ation du service acad\u00e9mique mutualis\u00e9 des bourses ; \n \nVU  le d\u00e9cret du 13 juillet 2023 portant nomination de Monsieur \u00c9tienne CHAMPION en qualit\u00e9 de \nRecteur de l'acad\u00e9mie de Versailles ; \n \nVU l'arr\u00eat\u00e9 n\u00b0IDF-2023-07-19-00002 du 19 juillet 2023 portant d\u00e9l\u00e9gation de signature du Pr\u00e9fet de \nla R\u00e9gion d'\u00cele-de-France \u00e0 Monsieur \u00c9tienne CHAMPION, Recteur de l'acad\u00e9mie de Versailles, \nen mati\u00e8re d'ordonnancement secondaire ; \n \nVU  le d\u00e9cret du Pr\u00e9sident de la R\u00e9publique en date du 28 ao\u00fbt 2023 portant nomination de Madame \nPascale COQ en qualit\u00e9 de Directrice acad\u00e9mique des services de l'\u00e9ducation nationale de \nl'Essonne ; \n \n \n \nARRETE \n \n \nARTICLE 1 \nLe service acad\u00e9mique des bourses est plac\u00e9 sous l'autorit\u00e9 de Madame Pascale COQ, directrice \nacad\u00e9mique des services de l'\u00e9ducation nationale de l'Essonne, qui re\u00e7oit d\u00e9l\u00e9gation de signature \u00e0 \neffet de signer les d\u00e9cisions d'attribution, de refus et d'irrecevabilit\u00e9 de bourses ainsi que l'ensemble \ndes actes \u00e0 caract\u00e8re administratif et financier de cette gestion. \n \n  \nRectorat de l'acad\u00e9mie de Versailles - IDF-2025-06-06-00005 - Arr\u00eat\u00e9 portant d\u00e9l\u00e9gation de signature \u00e0 Madame Pascale COQ,\ndirectrice acad\u00e9mique\ndes services de l'\u00e9ducation nationale de l'Essonne en charge du service\nacad\u00e9mique mutualis\u00e9 de la gestion des bourses du second degr\u00e9\n38\nACADEMIEDE VERSAILLESLibert\u00e9Egalit\u00e9Fraternit\u00e9\n \n \n \n \nARTICLE 2 \nEn cas d'absence ou d'emp\u00eachement de Madame Pascale COQ, d\u00e9l\u00e9gation de signature est donn\u00e9e \u00e0 \nMadame Rachel MEYNENT, directrice acad\u00e9mique adjointe, V\u00e9ronique GAST\u00c9, directrice \nacad\u00e9mique adjointe, Gr\u00e9gory MACIAZEK, directeur acad\u00e9mique adjoint et \u00e0 Monsieur Sylvain \nDEMONT, secr\u00e9taire g\u00e9n\u00e9ral, sur le m\u00eame champ de comp\u00e9tences. \n \n \n \nARTICLE 3 \nEn cas d'absence ou d'emp\u00eachement de Madame Rachel MEYNENT, directrice acad\u00e9mique adjointe, \nV\u00e9ronique GAST\u00c9, directrice acad\u00e9mique adjointe, Gr\u00e9gory MACIAZEK, directeur acad\u00e9mique adjoint \net de Monsieur Sylvain DEMONT, secr\u00e9taire g\u00e9n\u00e9ral, d\u00e9l\u00e9gation de signature est donn\u00e9e \u00e0 Madame \nEmmanuelle SOUSTRE, cheffe du service acad\u00e9mique des bourses, sur le m\u00eame champ de \ncomp\u00e9tence. \n \n \nARTICLE 4 \nL'arr\u00eat\u00e9 rectoral portant d\u00e9l\u00e9gation de signature n\u00b0IDF-2025-05-23-00006 du 23 mai 2025 est abrog\u00e9. \n \nL'arr\u00eat\u00e9 du 05 mars 2025 du Recteur de l'acad\u00e9mie de Versailles attribuant \u00e0 Monsieur Bertrand  \nLE BAIL, secr\u00e9taire g\u00e9n\u00e9ral adjoint, l'int\u00e9rim des fonctions de secr\u00e9taire g\u00e9n\u00e9ral de la Direction \nacad\u00e9mique des services de l'\u00e9ducation nationale de l'Essonne est abrog\u00e9. \n \n \nARTICLE 5 \nLa directrice acad\u00e9mique des services de l'\u00e9ducation nationale de l'Essonne est charg\u00e9e de l'ex\u00e9cution \nde cet arr\u00eat\u00e9 qui sera publi\u00e9 au recueil des actes administratifs de la pr\u00e9fecture de la r\u00e9gion Ile de \nFrance. \n \n \nFait \u00e0 Versailles, le 06 juin 2025. \n \n \nLe Recteur \n \nSign\u00e9 \n \n\u00c9tienne CHAMPION \n \nRectorat de l'acad\u00e9mie de Versailles - IDF-2025-06-06-00005 - Arr\u00eat\u00e9 portant d\u00e9l\u00e9gation de signature \u00e0 Madame Pascale COQ,\ndirectrice acad\u00e9mique\ndes services de l'\u00e9ducation nationale de l'Essonne en charge du service\nacad\u00e9mique mutualis\u00e9 de la gestion des bourses du second degr\u00e9\n39\nRectorat de l'acad\u00e9mie de Versailles\nIDF-2025-06-06-00006\nArr\u00eat\u00e9 portant d\u00e9l\u00e9gation de signature\nadministrative du recteur \u00e0 Madame Pascale\nCOQ, directrice acad\u00e9mique des services de\nl'\u00e9ducation\nnationale de l'Essonne\nRectorat de l'acad\u00e9mie de Versailles - IDF-2025-06-06-00006 - Arr\u00eat\u00e9 portant d\u00e9l\u00e9gation de signature administrative du recteur \u00e0\nMadame Pascale COQ, directrice acad\u00e9mique des services de l'\u00e9ducation\nnationale de l'Essonne\n40\nESACADEMIEDE VERSAILLESLibert\u00e9\u00c9galit\u00e9Fraternit\u00e9\n \n \n \nARR\u00caT\u00c9 \n \n \nportant d\u00e9l\u00e9gation de signature administrative du recteur \n\u00e0 Madame Pascale COQ, directrice acad\u00e9mique des services de l'\u00e9ducation \nnationale de l'Essonne \n \nLe Recteur de l'acad\u00e9mie de Versailles, \n \nVU  le Code de l'\u00e9ducation, notamment les articles L.214-5, D.222-20, D 521-1 et R 911-36 ; \n \nVU   la loi n\u00b0 83-634 modifi\u00e9e du 13 juillet 1983 portant droits et obligations des fonctionnaires de l'Etat et \nde ses \u00e9tablissements publics ; \n \nVU la loi n\u00b0 84-16 du 11 janvier 1984 modifi\u00e9e portant dispositions statutaires relatives \u00e0 la fonction \npublique de l'Etat ; \n \nVU  la loi de d\u00e9centralisation n\u00b0 2004-809 modifi\u00e9e du 13 ao\u00fbt 2004 relative aux libert\u00e9s et responsabilit\u00e9s \nlocales, notamment ses articles 105 \u00e0 109 ; \n \nVU   le d\u00e9cret 86-83 du 17 janvier 1986, modifi\u00e9, relatif aux dispositions g\u00e9n\u00e9rales applicables aux agents \nnon titulaires de l'\u00c9tat ; \n \nVU  le d\u00e9cret du n\u00b0 94-874 du 7 octobre 1994 portant statut des fonctionnaires stagiaires ; \n \nVU le d\u00e9cret n\u00b0 2004-374 du 29 avril 2004 modifi\u00e9 relatif aux pouvoirs des pr\u00e9fets ; \n \nVU le d\u00e9cret n\u00b0 2012-16 du 5 janvier 2012 relatif \u00e0 l'organisation acad\u00e9mique ; \n \nVU l'arr\u00eat\u00e9 portant organisation de l'Acad\u00e9mie de Versailles en date du 11 janvier 2013 ; \n \nVU le d\u00e9cret n\u00b02019-1200 du 20 novembre 2019 relatif \u00e0 l'organisation des services d\u00e9concentr\u00e9s des \nministres charg\u00e9s de l'\u00e9ducation nationale et de l'enseignement sup\u00e9rieur, de la recherche et de \nl'innovation ; \n \nVU  le d\u00e9cret du Pr\u00e9sident de la R\u00e9publique en date du 13 juillet 2023 portant nomination de Monsieur \n\u00c9tienne CHAMPION en qualit\u00e9 de Recteur de l'acad\u00e9mie de Versailles ; \n \nVU  le d\u00e9cret du Pr\u00e9sident de la R\u00e9publique en date du 28 ao\u00fbt 2023 portant nomination de Madame \nPascale COQ en qualit\u00e9 de Directrice acad\u00e9mique des services de l'\u00e9ducation nationale de \nl'Essonne ; \n \n  \nRectorat de l'acad\u00e9mie de Versailles - IDF-2025-06-06-00006 - Arr\u00eat\u00e9 portant d\u00e9l\u00e9gation de signature administrative du recteur \u00e0\nMadame Pascale COQ, directrice acad\u00e9mique des services de l'\u00e9ducation\nnationale de l'Essonne\n41\nACADEMIEDE VERSAILLESLibert\u00e9Egalit\u00e9Fraternit\u00e9\n \nARRETE \n \n \nARTICLE 1 \nD\u00e9l\u00e9gation de signature est donn\u00e9e \u00e0 Madame Pascale COQ directrice acad\u00e9mique des services \nde l'\u00e9ducation nationale de l'Essonne \u00e0 l'effet de signer : \n \n- les d\u00e9cisions relatives \u00e0 la d\u00e9limitation des districts de recrutement des \u00e9l\u00e8ves dans les lyc\u00e9es du \nd\u00e9partement ; \n \n- pour les personnels du 1er degr\u00e9 et personnels non titulaires charg\u00e9s d'assurer les fonctions \nd'enseignement du 1er degr\u00e9 dans le ressort du d\u00e9partement de l'Essonne, ainsi que les \naccompagnants d'\u00e9l\u00e8ves en situation de handicap, les assistants d'\u00e9ducation et les intervenants \next\u00e9rieurs engag\u00e9s au titre de l'accompagnement \u00e9ducatif :  \n\u25cb l'ensemble des actes relatifs \u00e0 la gestion individuelle de ces personnels \u00e0 l'exception de \nla nomination s'agissant des professeurs des \u00e9coles stagiaires ; \n\u25cb les actes portant licenciement ou radiation des cadres faisant suite \u00e0 un abandon de \nposte ou une condamnation \u00e0 l'exception des actes concernant les professeurs des \n\u00e9coles stagiaires. \n \n- les arr\u00eat\u00e9s d'int\u00e9gration ou de d\u00e9tachement des professeurs des \u00e9coles et des instituteurs exer\u00e7ant \nles fonctions de psychologue scolaire dans le corps des psychologues de l'\u00e9ducation nationale \u2013\nsp\u00e9cialit\u00e9 \u00ab \u00e9ducation, d\u00e9veloppement et apprentissages \u00bb ; \n \n- les d\u00e9cisions relatives aux demandes de d\u00e9rogation \u00e0 l'obligation d'occuper un logement par \nn\u00e9cessit\u00e9 absolue de service et \u00e0 l'obligation de r\u00e9sidence pour les personnels exer\u00e7ant en coll\u00e8ge ; \n \n- les certificats de comp\u00e9tences de citoyen de s\u00e9curit\u00e9 civile (PSC1) ainsi que les attestations \nd'obtention de ces certificats pour les unit\u00e9s d'enseignement PSC1 relevant de son d\u00e9partement ; \n \n- les d\u00e9cisions relatives au contr\u00f4le des actes administratifs, budg\u00e9taires et financiers des coll\u00e8ges \ndu d\u00e9partement de l'Essonne et de leurs chefs d'\u00e9tablissement, de mani\u00e8re physique ou \n\u00e9lectronique ; \n \n- les contrats d'engagement des jeunes exer\u00e7ant une mission de service civique ; \n \n- les prises en charge compl\u00e9mentaires des contrats uniques d'insertion ; \n \n- les arr\u00eat\u00e9s proc\u00e9dant \u00e0 des adaptations du calendrier national scolaire rendues n\u00e9cessaires soit \npar la situation g\u00e9ographique particuli\u00e8re d'un \u00e9tablissement scolaire ou la nature des formations \nqu'il dispense, soit par des circonstances susceptibles de mettre en difficult\u00e9, dans un \u00e9tablissement, \ndans le d\u00e9partement de l'Essonne, le fonctionnement du service public d'enseignement. \n \n \nARTICLE 2 \nEn cas d'absence ou d'emp\u00eachement de Madame Pascale COQ, d\u00e9l\u00e9gation de signature est donn\u00e9e \n\u00e0 Madame Rachel MEYNENT, directrice acad\u00e9mique adjointe, Madame V\u00e9ronique GAST\u00c9, \ndirectrice acad\u00e9mique adjointe, Monsieur Gr\u00e9gory MACIAZEK, directeur acad\u00e9mique adjoint, \nMonsieur Sylvain DEMONT, secr\u00e9taire g\u00e9n\u00e9ral, \u00e0 l'effet de signer tous les actes d\u00e9l\u00e9gu\u00e9s au \ndirecteur acad\u00e9mique des services de l'\u00e9ducation nationale de l'Essonne. \n \nRectorat de l'acad\u00e9mie de Versailles - IDF-2025-06-06-00006 - Arr\u00eat\u00e9 portant d\u00e9l\u00e9gation de signature administrative du recteur \u00e0\nMadame Pascale COQ, directrice acad\u00e9mique des services de l'\u00e9ducation\nnationale de l'Essonne\n42\nACADEMIEDE VERSAILLESLibert\u00e9Egalit\u00e9Fraternit\u00e9\n \n \nARTICLE 3 \nEn cas d'absence ou d'emp\u00eachement de Madame Rachel MEYNENT, directrice acad\u00e9mique \nadjointe, de Madame V\u00e9ronique GAST\u00c9, directrice acad\u00e9mique adjointe, de Monsieur Gr\u00e9gory \nMACIAZEK, directeur acad\u00e9mique adjoint et de Monsieur Sylvain DEMONT, secr\u00e9taire g\u00e9n\u00e9ral, \nd\u00e9l\u00e9gation permanente de signature est donn\u00e9e \u00e0 Monsieur \u00c9ric JAVOY, adjoint au DASEN en \ncharge du premier degr\u00e9, \u00e0 l'effet de signer les actes relatifs \u00e0 la gestion individuelle des personnels \ndu premier degr\u00e9 et des personnels non-titulaires charg\u00e9s d'assurer des fonctions d'enseignement \ndu premier degr\u00e9 dans le ressort du d\u00e9partement de l'Essonne, \u00e0 l'exception des actes relatifs \u00e0 la \nnomination des professeurs des \u00e9coles stagiaires. \n \n \nARTICLE 4 \nEn cas d'absence ou d'emp\u00eachement de Madame Rachel MEYNENT, directrice acad\u00e9mique \nadjointe, de Madame V\u00e9ronique GAST\u00c9, directrice acad\u00e9mique adjointe, de Monsieur Gr\u00e9gory \nMACIAZEK, directeur acad\u00e9mique adjoint, de Monsieur Sylvain DEMONT, secr\u00e9taire g\u00e9n\u00e9ral, \nd\u00e9l\u00e9gation de signature est donn\u00e9e \u00e0 Madame Caroline DUHEC, Cheffe de la Division de l'appui, \ndu conseil et de la pr\u00e9vention (DACP) ou \u00e0 Monsieur Jean-Thierry BOHER, charg\u00e9 de mission \u00e0 \nla cellule d'appui et de conseil aux EPLE, \u00e0 l'effet de signer les d\u00e9cisions relatives au contr\u00f4le des \nactes administratifs, budg\u00e9taires et financiers des coll\u00e8ges du d\u00e9partement de l'Essonne et de leurs \nchefs d'\u00e9tablissement, de mani\u00e8re physique ou \u00e9lectronique. \n \n \nARTICLE 5 \nL'arr\u00eat\u00e9 rectoral IDF-2025-05-23-00007 du 23 mai 2025 portant d\u00e9l\u00e9gation de signature \nadministrative est abrog\u00e9. \n \nL'arr\u00eat\u00e9 du 05 mars 2025 du Recteur de l'acad\u00e9mie de Versailles attribuant \u00e0 Monsieur Bertrand  \nLE BAIL, secr\u00e9taire g\u00e9n\u00e9ral adjoint, l'int\u00e9rim des fonctions de secr\u00e9taire g\u00e9n\u00e9ral de la Direction \nacad\u00e9mique des services de l'\u00e9ducation nationale de l'Essonne est abrog\u00e9. \n \n \nARTICLE 6 \nLe secr\u00e9taire g\u00e9n\u00e9ral de l'acad\u00e9mie et la directrice acad\u00e9mique des services de l'\u00e9ducation nationale \nde l'Essonne, sont charg\u00e9s, chacun en ce qui le concerne, de l'ex\u00e9cution du pr\u00e9sent arr\u00eat\u00e9 qui sera \npubli\u00e9 au recueil des actes administratifs de la r\u00e9gion Ile-de-France. \n \n \nFait \u00e0 Versailles, le 06 juin 2025. \n \n \nLe Recteur \n \nSign\u00e9 \n \n\u00c9tienne CHAMPION \n \nRectorat de l'acad\u00e9mie de Versailles - IDF-2025-06-06-00006 - Arr\u00eat\u00e9 portant d\u00e9l\u00e9gation de signature administrative du recteur \u00e0\nMadame Pascale COQ, directrice acad\u00e9mique des services de l'\u00e9ducation\nnationale de l'Essonne\n43\nRectorat de l'acad\u00e9mie de Versailles\nIDF-2025-06-06-00007\nArr\u00eat\u00e9 portant subd\u00e9l\u00e9gation de signature\nfinanci\u00e8re du recteur \u00e0 Madame Pascale COQ,\ndirectrice acad\u00e9mique des services de\nl'\u00e9ducation\nnationale de l'Essonne\nRectorat de l'acad\u00e9mie de Versailles - IDF-2025-06-06-00007 - Arr\u00eat\u00e9 portant subd\u00e9l\u00e9gation de signature financi\u00e8re du recteur \u00e0\nMadame Pascale COQ, directrice acad\u00e9mique des services de l'\u00e9ducation\nnationale de l'Essonne\n44\nEsACADEMIEDE VERSAILLESLibert\u00e9Egalit\u00e9Fraternit\u00e9\n \n \n \nARR\u00caT\u00c9 \n \n \nportant subd\u00e9l\u00e9gation de signature financi\u00e8re du recteur \n\u00e0 Madame Pascale COQ, directrice acad\u00e9mique des services de l'\u00e9ducation \nnationale de l'Essonne \n \n \nLe Recteur de l'acad\u00e9mie de Versailles, \nVU la loi organique n\u00b0 2001-692 du 1er ao\u00fbt 2001, relative aux lois de finances ; \nVU  le Code de l'\u00e9ducation, notamment son article D.222-20 ; \nVU le Code de la s\u00e9curit\u00e9 sociale ; \nVU  la loi n\u00b0 68-1250 du 31 d\u00e9cembre 1968 relative \u00e0 la prescription quadriennale ; \nVU  la loi de d\u00e9centralisation n\u00b0 2004-809 modifi\u00e9e du 13 ao\u00fbt 2004 relative aux libert\u00e9s et \nresponsabilit\u00e9s locales, notamment ses articles 105 \u00e0 109 ; \n \nVU l'ordonnance n\u00b0 2018-1074 du 26 novembre 2018 relative au code de la commande publique ; \n \nVU le d\u00e9cret n\u00b0 2018-1075 du 3 d\u00e9cembre 2018 relatif au code de la commande publique ; \n \nVU  le d\u00e9cret du n\u00b0 94-874 du 7 octobre 1994 portant statut des fonctionnaires stagiaires ; \n \nVU le d\u00e9cret n\u00b0 2012-16 du 5 janvier 2012 relatif \u00e0 l'organisation acad\u00e9mique ; \n \nVU le d\u00e9cret n\u00b02015-1616 du 10 d\u00e9cembre 2015 relatif aux r\u00e9gions acad\u00e9miques ; \n \nVU le d\u00e9cret n\u00b0 2012-1246 du 7 novembre 2012 relatif \u00e0 la gestion budg\u00e9taire et comptable \npublique ; \n \nVU le d\u00e9cret n\u00b02019-1200 du 20 novembre 2019 relatif \u00e0 l'organisation des services \nd\u00e9concentr\u00e9s des ministres charg\u00e9s de l'\u00e9ducation nationale et de l'enseignement \nsup\u00e9rieur, de la recherche et de l'innovation ; \n \nVU l'arr\u00eat\u00e9 portant organisation de l'Acad\u00e9mie de Versailles en date du 11 janvier 2013 ; \nVU  le d\u00e9cret du Pr\u00e9sident de la R\u00e9publique en date du 13 juillet 2023 portant nomination de \nMonsieur \u00c9tienne CHAMPION en qualit\u00e9 de Recteur de l'acad\u00e9mie de Versailles ; \n \nVU  le d\u00e9cret du Pr\u00e9sident de la R\u00e9publique en date du 28 ao\u00fbt 2023 portant nomination de \nMadame Pascal COQ en qualit\u00e9 de Directrice acad\u00e9mique des services de l'\u00e9ducation \nnationale de l'Essonne ; \n \nVU l'arr\u00eat\u00e9 n\u00b0IDF-2023-07-19-00002 du 19 juillet 2023 portant d\u00e9l\u00e9gation de signature du \nPr\u00e9fet de la R\u00e9gion d'\u00cele-de-France \u00e0 Monsieur \u00c9tienne CHAMPION, Recteur de \nl'acad\u00e9mie de Versailles, en mati\u00e8re d'ordonnancement secondaire ; \n \n  \nRectorat de l'acad\u00e9mie de Versailles - IDF-2025-06-06-00007 - Arr\u00eat\u00e9 portant subd\u00e9l\u00e9gation de signature financi\u00e8re du recteur \u00e0\nMadame Pascale COQ, directrice acad\u00e9mique des services de l'\u00e9ducation\nnationale de l'Essonne\n45\nEsACADEMIEDE VERSAILLESLibert\u00e9Egalit\u00e9Fraternit\u00e9\n \n \n \n \nVU les d\u00e9cisions n\u00b0MENF1900457S, MENF1900459S, MENF1900460S, MENF1900458S et \nMENF1900461S du 4 d\u00e9cembre 2019 par lesquelles les responsables de programmes du \nminist\u00e8re de l'\u00c9ducation nationale et de la Jeunesse nomment le Recteur de l'acad\u00e9mie \nde Versailles en qualit\u00e9 de responsable de budget op\u00e9rationnel de programme des \nprogrammes 139, 140, 141 et 230 et en qualit\u00e9 de responsable d'unit\u00e9 op\u00e9rationnelle du \nprogramme 214 ; \n \nVU  les d\u00e9cisions n\u00b0 ESRF2036756S et ESRF1900302S des 21 d\u00e9cembre 2020 et 9 d\u00e9cembre \n2019 par lesquelles le responsable de programmes du minist\u00e8re de l'Enseignement \nsup\u00e9rieur, de la Recherche et de l'Innovation nomme le Recteur de l'acad\u00e9mie Versailles \nen qualit\u00e9 de responsable d'unit\u00e9 op\u00e9rationnelle des programmes 150 et 231. \n \n \n \n \nARRETE \n \nARTICLE 1 \nSubd\u00e9l\u00e9gation de signature est donn\u00e9e \u00e0 Madame Pascale COQ directrice acad\u00e9mique des \nservices de l'\u00e9ducation nationale de l'Essonne, \u00e0 l'effet de signer, pour les personnels affect\u00e9s \ndans le d\u00e9partement, tous les actes relevant de l'ex\u00e9cution des recettes et de l'ordonnancement \ndes d\u00e9penses de personnels sur les unit\u00e9s op\u00e9rationnelles plac\u00e9es sous l'autorit\u00e9 de la rectrice \npour les mati\u00e8res suivantes : \n \n- pour les personnels enseignants du 1er degr\u00e9 et personnels non titulaires charg\u00e9s d'assurer les \nfonctions d'enseignement du 1er premier degr\u00e9 dans le ressort du d\u00e9partement de l'Essonne, \nainsi que les accompagnants d'\u00e9l\u00e8ves en situation de handicap, les assistants d'\u00e9ducation et \nles intervenants ext\u00e9rieurs engag\u00e9s au titre de l'accompagnement \u00e9ducatif :  \n\u25cb les actes \u00e0 caract\u00e8re financier relatifs \u00e0 la gestion individuelle de ces personnels ; \n\u25cb les d\u00e9cisions visant \u00e0 assurer la prise en charge financi\u00e8re des nouveaux arrivants ; \n\u25cb les certificats administratifs ; \n \n- pour les actes \u00e0 caract\u00e8re financier relatifs \u00e0 ces personnels : \n\u25cb pour les personnels enseignants titulaires et non titulaires charg\u00e9s d'assurer les fonctions \nd'enseignement du 1er degr\u00e9, r\u00e9mun\u00e9r\u00e9s sur le BOP 140, ces actes comprennent \nl'ensemble des actes ayant trait \u00e0 la r\u00e9mun\u00e9ration des personnels et notamment les \nlistings de paye, mouvements manuels d'ordonnancement et d\u00e9comptes de rappel ; \n\u25cb pour les personnels enseignants titulaires du 1er degr\u00e9 et non titulaires charg\u00e9s d'assurer \nles fonctions d'enseignement du 1er degr\u00e9 r\u00e9mun\u00e9r\u00e9s sur le BOP 141, ces actes \ncomprennent les pi\u00e8ces justificatives individuelles, les d\u00e9comptes de rappel et les \nmouvements manuels d'ordonnancement \u00e0 l'exclusion des listings de paye ; \n\u25cbpour les accompagnants d'\u00e9l\u00e8ves en situation de handicap, les assistants d'\u00e9ducation et \nles intervenants ext\u00e9rieurs engag\u00e9s au titre de l'accompagnement \u00e9ducatif r\u00e9mun\u00e9r\u00e9s \nsur le BOP 230, ces actes comprennent les pi\u00e8ces justificatives individuelles, les \nd\u00e9comptes de rappel et les mouvements manuels d'ordonnancement, \u00e0 l'exclusion des \nlistings de paie ; \n \n \nRectorat de l'acad\u00e9mie de Versailles - IDF-2025-06-06-00007 - Arr\u00eat\u00e9 portant subd\u00e9l\u00e9gation de signature financi\u00e8re du recteur \u00e0\nMadame Pascale COQ, directrice acad\u00e9mique des services de l'\u00e9ducation\nnationale de l'Essonne\n46\nEsACADEMIEDE VERSAILLESLibert\u00e9Egalit\u00e9Fraternit\u00e9\n \n \n \n- les r\u00e9mun\u00e9rations li\u00e9es aux prestations de formation relevant du BOP 140 ; \n \n- les d\u00e9penses li\u00e9es aux accidents du travail et maladies professionnelles des personnels \naffect\u00e9s dans les services de l'\u00e9ducation nationale et \u00e9tablissements d'enseignement rattach\u00e9s \nau d\u00e9partement de l'Essonne. \n \n \nARTICLE 2 \nEn cas d'absence ou d'emp\u00eachement de Madame Pascale COQ, d\u00e9l\u00e9gation de signature est \ndonn\u00e9e \u00e0 Madame Rachel MEYNENT, directrice acad\u00e9mique adjointe, Madame V\u00e9ronique \nGAST\u00c9, directrice acad\u00e9mique adjointe, Monsieur Gr\u00e9gory MACIAZEK, directeur \nacad\u00e9mique adjoint, \u00e0 Monsieur Sylvain DEMONT, secr\u00e9taire g\u00e9n\u00e9ral, \u00e0 l'effet de signer tous \nles actes vis\u00e9s \u00e0 l'article 1. \n \n \nARTICLE 3 \nEn cas d'absence ou d'emp\u00eachement de Madame Rachel MEYNENT directrice acad\u00e9mique \nadjointe, Madame V\u00e9ronique GAST\u00c9, directrice acad\u00e9mique adjointe, Monsieur Gr\u00e9gory \nMACIAZEK, directeur acad\u00e9mique adjoint, Monsieur Sylvain DEMONT, secr\u00e9taire g\u00e9n\u00e9ral, \nd\u00e9l\u00e9gation de signature est donn\u00e9e \u00e0 Madame Sophie MENDIBOURE, cheffe de la division \ndes personnels enseignants du premier degr\u00e9 public, et Madame Maria Del Pilar CRETE, \ncheffe de bureau de la gestion financi\u00e8re des personnels enseignants du premier degr\u00e9 public, \n\u00e0 l'effet de signer l'ensemble des actes \u00e0 caract\u00e8re financier vis\u00e9s \u00e0 l'article 1 relatifs aux \npersonnels du 1er degr\u00e9 et personnels non titulaires r\u00e9mun\u00e9r\u00e9s sur les BOP 140 et 141, les \ncertificats administratifs y compris ceux de prolongation de cong\u00e9s de longue maladie, longue \ndur\u00e9e et prime sp\u00e9cifique d'installation et les d\u00e9cisions visant \u00e0 assurer la prise en charge \nfinanci\u00e8re des nouveaux arrivants, \u00e0 l'exclusion des d\u00e9comptes de rappel de r\u00e9mun\u00e9ration \nsup\u00e9rieur \u00e0 10 000 \u20ac. \n \n \nARTICLE 4 \nEn cas d'absence ou d'emp\u00eachement de Madame Sophie MENDIBOURE ou de Madame Maria \nDel Pilar CRETE, d\u00e9l\u00e9gation de signature est donn\u00e9e \u00e0 Madame La\u00ebtitia MOREAU, charg\u00e9e \nde mission de contr\u00f4le financier, \u00e0 l'effet de signer exclusivement les d\u00e9comptes de rappel de \nr\u00e9mun\u00e9ration inf\u00e9rieurs \u00e0 10 000 \u20ac et pi\u00e8ces justificatives des personnels du 1er degr\u00e9 et \npersonnels non titulaires r\u00e9mun\u00e9r\u00e9s sur les BOP 140 et 141. \n \n \nARTICLE 5  \nEn cas d'absence ou d'emp\u00eachement de Madame Rachel MEYNENT, directrice acad\u00e9mique \nadjointe, Madame V\u00e9ronique GAST\u00c9, directrice acad\u00e9mique adjointe, Monsieur Gr\u00e9gory \nMACIAZEK, directeur acad\u00e9mique adjoint, Monsieur Sylvain DEMONT, secr\u00e9taire g\u00e9n\u00e9ral, \nd\u00e9l\u00e9gation de signature est donn\u00e9e \u00e0 Madame Dominique ROCHAS, cheffe de la division de \nl'\u00e9cole inclusive (DEI) ou \u00e0 Madame Doroth\u00e9e RENAULT, son adjointe, \u00e0 l'effet de signer les \nactes \u00e0 caract\u00e8re financier vis\u00e9s \u00e0 l'article 1 relatifs aux accompagnants d'\u00e9l\u00e8ves en situation \nde handicap r\u00e9mun\u00e9r\u00e9s sur le BOP 230 \u00e0 l'exclusion des d\u00e9comptes de rappel de r\u00e9mun\u00e9ration \nsup\u00e9rieur \u00e0 10 000 \u20ac. \n \n  \nRectorat de l'acad\u00e9mie de Versailles - IDF-2025-06-06-00007 - Arr\u00eat\u00e9 portant subd\u00e9l\u00e9gation de signature financi\u00e8re du recteur \u00e0\nMadame Pascale COQ, directrice acad\u00e9mique des services de l'\u00e9ducation\nnationale de l'Essonne\n47\nEsACADEMIEDE VERSAILLESLibert\u00e9Egalit\u00e9Fraternit\u00e9\n \n \n \n \nARTICLE 5.1  \nEn cas d'absence ou d'emp\u00eachement de Madame Rachel MEYNENT, directrice acad\u00e9mique \nadjointe, Madame V\u00e9ronique GAST\u00c9, directrice acad\u00e9mique adjointe, Monsieur Gr\u00e9gory \nMACIAZEK, directeur acad\u00e9mique adjoint, Monsieur Sylvain DEMONT, secr\u00e9taire g\u00e9n\u00e9ral, \nMadame Dominique ROCHAS, cheffe de la division de l'\u00e9cole inclusive (DEI) et de Madame \nDoroth\u00e9e RENAULT, son adjointe, d\u00e9l\u00e9gation de signature est donn\u00e9e \u00e0 Madame Harmony \nBAILLET et \u00e0 Madame Nathalie SIMON-BUDAL, cheffes de bureau DEI, \u00e0 l'effet de signer les \nactes \u00e0 caract\u00e8re financier vis\u00e9s \u00e0 l'article 1 relatifs aux accompagnants d'\u00e9l\u00e8ves en situation \nde handicap r\u00e9mun\u00e9r\u00e9s sur le BOP 230 \u00e0 l'exclusion des d\u00e9comptes de rappel de r\u00e9mun\u00e9ration \nsup\u00e9rieur \u00e0 10 000 \u20ac. \n \n \nARTICLE 6 \nEn cas d'absence ou d'emp\u00eachement de Madame Rachel MEYNENT, directrice acad\u00e9mique \nadjointe, Madame V\u00e9ronique GAST\u00c9, directrice acad\u00e9mique adjointe, Monsieur Gr\u00e9gory \nMACIAZEK, directeur acad\u00e9mique adjoint, Monsieur Sylvain DEMONT, secr\u00e9taire g\u00e9n\u00e9ral, \nd\u00e9l\u00e9gation de signature est donn\u00e9e \u00e0 Monsieur Yann HUBERT, chef de la division des \nressources humaines (DRH), \u00e0 l'effet de signer les d\u00e9penses li\u00e9es aux accidents du travail et \nmaladies professionnelles des personnels affect\u00e9s dans les services de l'\u00e9ducation nationale et \n\u00e9tablissements d'enseignement rattach\u00e9s au d\u00e9partement de l'Essonne. \n \n \nARTICLE 7 \nL'arr\u00eat\u00e9 rectoral IDF-2025-05-23-00008 du 23 mai 2025 portant subd\u00e9l\u00e9gation de signature est \nabrog\u00e9. \n \nL'arr\u00eat\u00e9 du 05 mars 2025 du Recteur de l'acad\u00e9mie de Versailles attribuant \u00e0 Monsieur Bertrand  \nLE BAIL, secr\u00e9taire g\u00e9n\u00e9ral adjoint, l'int\u00e9rim des fonctions de secr\u00e9taire g\u00e9n\u00e9ral de la Direction \nacad\u00e9mique des services de l'\u00e9ducation nationale de l'Essonne est abrog\u00e9. \n \n \nARTICLE 8 \nLe secr\u00e9taire g\u00e9n\u00e9ral de l'acad\u00e9mie et la directrice acad\u00e9mique des services de l'\u00e9ducation \nnationale de l'Essonne, sont charg\u00e9s, chacun en ce qui le concerne, de l'ex\u00e9cution du pr\u00e9sent \narr\u00eat\u00e9 qui sera publi\u00e9 au recueil des actes administratifs de la r\u00e9gion Ile-de-France. \n \n \nFait \u00e0 Versailles, le 06 juin 2025. \n \nLe Recteur \n \nSign\u00e9 \n \n\u00c9tienne CHAMPION \n \nRectorat de l'acad\u00e9mie de Versailles - IDF-2025-06-06-00007 - Arr\u00eat\u00e9 portant subd\u00e9l\u00e9gation de signature financi\u00e8re du recteur \u00e0\nMadame Pascale COQ, directrice acad\u00e9mique des services de l'\u00e9ducation\nnationale de l'Essonne\n48\nRectorat de la r\u00e9gion acad\u00e9mique\nd'Ile-de-France, rectorat de l'acad\u00e9mie de Paris\nIDF-2025-05-28-00010\nArr\u00eat\u00e9 n\u00b0 2025-119-RA portant d\u00e9l\u00e9gation de\nsignature \u00e0 la directrice de cabinet de la rectrice\nde la r\u00e9gion acad\u00e9mique \u00cele-de-France, Rectrice\nde l'acad\u00e9mie de Paris, Chanceli\u00e8re des\nuniversit\u00e9s de Paris et d'\u00cele-de-France, dans le\ncadre du service de d\u00e9fense et de s\u00e9curit\u00e9 de\nl'acad\u00e9mie de Paris, chef-lieu de la r\u00e9gion\nacad\u00e9mique \u00cele-de-France\nRectorat de la r\u00e9gion acad\u00e9mique d'Ile-de-France, rectorat de l'acad\u00e9mie de Paris - IDF-2025-05-28-00010 - Arr\u00eat\u00e9 n\u00b0 2025-119-RA\nportant d\u00e9l\u00e9gation de signature \u00e0 la directrice de cabinet de la rectrice de la r\u00e9gion acad\u00e9mique \u00cele-de-France, Rectrice de l'acad\u00e9mie\nde Paris, Chanceli\u00e8re des universit\u00e9s de Paris et d'\u00cele-de-France, dans le cadre du service de d\u00e9fense et de s\u00e9curit\u00e9 de l'acad\u00e9mie de\nParis, chef-lieu de la r\u00e9gion acad\u00e9mique \u00cele-de-France\n49\nEsACADEMIEDE PARISLibert\u00e9Egalit\u00e9Fraternit\u00e9\n \n \n \n \n \n \n \nARRETE N\u00b0 2025-119-RA \n \nde la Rectrice de la r\u00e9gion acad\u00e9mique \u00cele-de-France, \nRectrice de l'acad\u00e9mie de Paris, \nChanceli\u00e8re des universit\u00e9s de Paris et d'\u00cele-de-France \n \n \nportant d\u00e9l\u00e9gation de signature \u00e0 la directrice de cabinet de la rectrice \n \n \nVu le code de l'\u00e9ducation, notamment ses articles R. 222 -16, R. 222-16-5-1, R. 222 -17,                                      \nR. 222-17-1, R. 222-19, R. 222-19-5, D. 222-20, D. 222-22, R. 222-24-2 et R. 222-36-6 ; \n \nVu le d\u00e9cret du Pr\u00e9sident de la R\u00e9publique du 12 mars 2025  portant nomination de Mme Julie \nBENETTI en qualit\u00e9 de rectrice  de la r\u00e9gion acad\u00e9mique Ile -de-France, rectrice de l'acad\u00e9mie de \nParis, chanceli\u00e8re des universit\u00e9s de Paris et d'Ile-de-France \u00e0 compter du 26 mars 2025 ; \n \nVu l'arr\u00eat\u00e9 rectoral n\u00b0 2025-118-RA du 28 mai 2025 portant cr\u00e9ation et organisation du service de \nd\u00e9fense et de s\u00e9curit\u00e9 de l'acad\u00e9mie de Paris, chef-lieu de la r\u00e9gion acad\u00e9mique \u00cele-de-France ; \n \n \nARR\u00caTE : \n \n \nArticle 1 \u2014 En cas d 'absence ou d'emp\u00eachement de Mme Julie BENETTI, rectrice  de la r\u00e9gion \nacad\u00e9mique \u00cele-de-France, rectrice de l'acad\u00e9mie de Paris et chanceli\u00e8re des universit\u00e9s de Paris \net d'\u00cele-de-France, d\u00e9l\u00e9gation de signature est donn\u00e9e \u00e0 Mme Carine TRIVIDIC, directrice de cabinet \nde la rectrice, \u00e0 l'effet de signer, dans la limite de ses attributions et sans pr\u00e9judice des d\u00e9l\u00e9gations \nde signature donn\u00e9es \u00e0 d'autres autorit\u00e9s,  tout acte, document ou correspondance  se rapportant \naux attributions du service de d\u00e9fense et de s\u00e9curit\u00e9 acad\u00e9mique (SDSA) de l'acad\u00e9mie de Paris , \nchef-lieu de la r\u00e9gion acad\u00e9mique \u00cele-de-France.    \n \n \nArticle 2 \u2014 La secr\u00e9taire g\u00e9n\u00e9rale de l'enseignement scolaire de l'acad\u00e9mie de Paris, le secr\u00e9taire \ng\u00e9n\u00e9ral de la r\u00e9gion acad\u00e9mique \u00cele-de-France et le secr\u00e9taire g\u00e9n\u00e9ral, chef du service r\u00e9gional de \nl'enseignement sup\u00e9rieur, de la recherche et de l'innovation de la r\u00e9gion acad\u00e9mique \u00cele-de-France \nsont charg\u00e9s, chacun pour ce qui le concerne,  de l'ex\u00e9cution du pr\u00e9sent arr\u00eat\u00e9 qui sera publi\u00e9 au \nrecueil des actes administratifs de la pr\u00e9fecture de la r\u00e9gion d'\u00cele-de-France, pr\u00e9fecture de Paris. \n \n \nFait \u00e0 Paris, le 28 mai 2025 \n                                                                                                         \n                                                                                                                                                                                           \n \nLa Rectrice de la r\u00e9gion acad\u00e9mique \u00cele-de-France, \nRectrice de l'acad\u00e9mie de Paris, \nChanceli\u00e8re des universit\u00e9s de Paris et d'\u00cele-de-France \n \nSign\u00e9 \n \nJulie BENETTI  \n  \nRectorat de la r\u00e9gion acad\u00e9mique d'Ile-de-France, rectorat de l'acad\u00e9mie de Paris - IDF-2025-05-28-00010 - Arr\u00eat\u00e9 n\u00b0 2025-119-RA\nportant d\u00e9l\u00e9gation de signature \u00e0 la directrice de cabinet de la rectrice de la r\u00e9gion acad\u00e9mique \u00cele-de-France, Rectrice de l'acad\u00e9mie\nde Paris, Chanceli\u00e8re des universit\u00e9s de Paris et d'\u00cele-de-France, dans le cadre du service de d\u00e9fense et de s\u00e9curit\u00e9 de l'acad\u00e9mie de\nParis, chef-lieu de la r\u00e9gion acad\u00e9mique \u00cele-de-France\n50","date":"2025-06-06","first_seen_on":"2025-06-06T16:43:34+00:00","id":"c3ac7300b648d2165cc6b498f7d4222dab5f367a2c2684519bf05eaa2e270463","name":"recueilDS-idf-013-2025-06-recueil-des-actes-administratifs-special du 06.06.2025","pdf_creation_date":"2025-06-06T14:56:23+00:00","pdf_modification_date":null,"timezone":"Europe/Paris","url":"https://www.prefectures-regions.gouv.fr/ile-de-france/irecontenu/telechargement/128304/946030/file/recueilDS-idf-013-2025-06-recueil-des-actes-administratifs-special%20du%2006.06.2025.pdf"}
