{"administration":"pref92","administration_name":"Pr\u00e9fecture des Hauts-de-Seine","content":"E 3PR\u00c9FETDES HAUTS-DE-SEINELibert\u00e9Ene ffi galiteFraternit\u00e9\nRECUEILDESACTES ADMINISTRATIFS\nDIRECTION REGIONALE ETINTERDEPARTEMENTALE DE L'\u00c9CONOMIE,DE L'EMPLOI, DU TRAVAIL ET DESSOLIDARITESUnit\u00e9 d\u00e9partementale des Hauts-de-Seine\nN\u00b0 Sp\u00e9cial 20 octobre 2025\n1\n \n  \n\nPREFET DES HAUTS-DE-SEINERECUEIL DES ACTES ADMINISTRATIFSN\u00b0 Sp\u00e9cial DRIEETS-UD92 du 20 octobre 2025SOMMAIRER\u00e9c\u00e9piss\u00e9s,Arr\u00eat\u00e9sDatesDIRECTION REGIONALE ETINTERDEPARTEMENTALE DE L'\u00c9CONOMIE,DE L'EMPLOI, DU TRAVAIL ET DESSOLIDARITESPages\nDRIEETS-UD92n\u00b02025-43208.09.2025R\u00e9c\u00e9piss\u00e9 de d\u00e9claration d'activit\u00e9s deservices \u00e0 la personne enregistr\u00e9e sous le n\u00b0SAP934677220 au nom de Ja micro-entreprise MOREAU Pierre-Eloi sise 2 RueMarceau \u00e0 Ch\u00e2tillon (92320)11\nDRIEETS-UD92n\u00b02025-43308.09.2025R\u00e9c\u00e9piss\u00e9 de d\u00e9claration d'activit\u00e9s deservices \u00e0 la personne enregistr\u00e9e sous le n\u00b0SAP988118527 au nom de la micro-entrepriseKALONJI NGOYE OMETETE sise 2 BoulevardAristide Briand \u00e0 Suresnes (92150)13\nDRIEETS-UD92n\u00b02025-43408.09.2025R\u00e9c\u00e9piss\u00e9 de d\u00e9claration d'activit\u00e9s deservices \u00e0 la personne enregistr\u00e9e sous le n\u00b0SAP803315233 au nom de la micro-entrepriseAHIER ANGELIQUE ANAIS sise 183 AvenueAchille Peretti \u00e0 Neuilly-sur-Seine (92200)15\nDRIEETS-UD92n\u00b02025-43508.09.2025R\u00e9c\u00e9piss\u00e9 de d\u00e9claration d'activit\u00e9s deservices \u00e0 la personne enregistr\u00e9e sous le n\u00b0SAP888996006 au nom de Ja micro-entreprise COMBARD Yohan sise 61 Rue duMoulin de Pierre \u00e0 Clamart (92140)17\nDRIEETS-UD92n\u00b02025-43608.09.2025R\u00e9c\u00e9piss\u00e9 de d\u00e9claration d'activit\u00e9s deservices \u00e0 la personne enregistr\u00e9e sous le n\u00b0SAP942233420 au nom de la micro-entreprise Cyrielle Dutilh sise 21 Rue Eug\u00e8neBesancon \u00e0 Colombes (92700)19\nDRIEETS-UD92n\u00b02025-43708.09.2025R\u00e9c\u00e9piss\u00e9 de d\u00e9claration d'activit\u00e9s deservices \u00e0 la personne enregistr\u00e9e sous le n\u00b0SAP 985134162 au nom de la micro-entreprise MARCHAND Pierre sise 8 RueHenri Bergson \u00e0 Asni\u00e8res sur Seine (92600)21\nDRIEETS-UD92n\u00b02025-43808.09.2025R\u00e9c\u00e9piss\u00e9 de d\u00e9claration d'activit\u00e9s deservices \u00e0 la personne enregistr\u00e9e sous le n\u00b0SAP990590853 au nom de la micro-entreprise MOUSSOUNI Amin sise 90 Bis Ruede Varsovie \u00e0 Colombes (92700)23\n \n\nDRIEETS-UD92n\u00b02025-43908.09.2025R\u00e9c\u00e9piss\u00e9 de d\u00e9claration d'activit\u00e9s deservices \u00e0 la personne enregistr\u00e9e sous le n\u00b0SAP931925788 au nom de Ja micro-entreprise AIT OUMEZIANE Tassadit sise 35Rue des Cailloux \u00e0 Clichy (92110)25\nDRIEETS-UD92n\u00b02025-44008.09.2025R\u00e9c\u00e9piss\u00e9 de d\u00e9claration d'activit\u00e9s deservices \u00e0 la personne enregistr\u00e9e sous le n\u00b0SAP 990578437 au nom de la micro-entreprise MARIE Antonin sise 41 Rue duMar\u00e9chal Joffre \u00e0 Colombes (92700)27\nDRIEETS-UD92n\u00b02025-44108.09.2025R\u00e9c\u00e9piss\u00e9 de d\u00e9claration d'activit\u00e9s deservices \u00e0 la personne enregistr\u00e9e sous le n\u00b0SAP 989194618 au nom de la micro-entreprise FERREIRA Maria sise 9 Rue desPierrelais a Chatillon (92320)29\nDRIEETS-UD92n\u00b02025-44208.09.2025R\u00e9c\u00e9piss\u00e9 de d\u00e9claration d'activit\u00e9s deservices \u00e0 la personne enregistr\u00e9e sous le n\u00b0SAP939777520 au nom de la micro-entreprise ARTUR Oscar sise 1 Bis Rue ClaudeLiard \u00e0 Garches (92380)31\nDRIEETS-UD92n\u00b02025-44308.09.2025R\u00e9c\u00e9piss\u00e9 de d\u00e9claration d'activit\u00e9s deservices \u00e0 la personne enregistr\u00e9e sous le n\u00b0SAP934029190 au nom de la micro-entrepriseBLANC Cl\u00e9mentine sise 7 Rue Th\u00e9ophileGautier \u00e0 Montrouge (92120)33\nDRIEETS-UD92n\u00b02025-44408.09.2025R\u00e9c\u00e9piss\u00e9 de d\u00e9claration d'activit\u00e9s deservices \u00e0 la personne enregistr\u00e9e sous le n\u00b0SAP938720224 au nom de la micro-entreprise DEPELLEY Marin sise 7 RueTh\u00e9ophile Gautier \u00e0 Montrouge (92120)35\nDRIEETS-UD92n\u00b02025-44508.09.2025R\u00e9c\u00e9piss\u00e9 de d\u00e9claration d'activit\u00e9s deservices \u00e0 la personne enregistr\u00e9e sous le n\u00b0SAP989703970 au nom SARL CONFONETTsise 45 Rue de Jouy \u00e0 Chaville (92370)37\nDRIEETS-UD92n\u00b02025-44608.09.2025R\u00e9c\u00e9piss\u00e9 de d\u00e9claration d'activit\u00e9s deservices \u00e0 la personne enregistr\u00e9e sous le n\u00b0SAP990822181 au nom de la micro-entrepriseBENCHIA Zakarya sise 29 Rue EdouardVaillant \u00e0 Levallois Perret (92300)39\nDRIEETS-UD92n\u00b02025-44708.09.2025R\u00e9c\u00e9piss\u00e9 de d\u00e9claration d'activit\u00e9s deservices \u00e0 la personne enregistr\u00e9e sous le n\u00b0SAP942742461 au nom de la micro-entrepriseN DA Inguiha sise 176 Grande Rue \u00e0 S\u00e8vres(92310) 41\n \n\nDRIEETS-UD92n\u00b02025-44808.09.2025R\u00e9c\u00e9piss\u00e9 de d\u00e9claration d'activit\u00e9s deservices \u00e0 la personne enregistr\u00e9e sous le n\u00b0SAP990752644 au nom de la micro-entreprise LEVITTE Sylvain sise 9 Rue PaulBert \u00e0 Colombes (92700)43\nDRIEETS-UD92n\u00b02025-44908.09.2025R\u00e9c\u00e9piss\u00e9 de d\u00e9claration d'activit\u00e9s deservices \u00e0 la personne enregistr\u00e9e sous le n\u00b0SAP990567901 au nom de la micro-entrepriseKADER Ismael sise 70 Avenue Chandon \u00e0Gennevilliers (92230)45\nDRIEETS-UD92n\u00b02025-45008.09.2025R\u00e9c\u00e9piss\u00e9 de d\u00e9claration d'activit\u00e9s deservices \u00e0 la personne enregistr\u00e9e sous le n\u00b0SAP 990580482 au nom de la SASUHORIZON PROPRETE sise 2 R\u00e9sidence PabloPicasso \u00e0 Bagneux (92220)47\nDRIEETS-UD92n\u00b02025-45108.09.2025R\u00e9c\u00e9piss\u00e9 de d\u00e9claration d'activit\u00e9s deservices \u00e0 la personne enregistr\u00e9e sous le n\u00b0SAP 892049487 au nom de la micro-entreprise DRAYE Paul sise 19 Rue Jeanne \u00e0Antony (92160)49\nDRIEETS-UD92n\u00b02025-45208.09.2025R\u00e9c\u00e9piss\u00e9 de d\u00e9claration d'activit\u00e9s deservices \u00e0 la personne enregistr\u00e9e sous le n\u00b0SAP 990460370 au nom de la micro-entreprise DISERBEAU Yann sise 56 Quai deClichy \u00e0 Clichy (92110)51\nDRIEETS-UD92n\u00b02025-45311.09.2025R\u00e9c\u00e9piss\u00e9 de d\u00e9claration d'activit\u00e9s deservices \u00e0 la personne enregistr\u00e9e sous le n\u00b0SAP 919434225 au nom de la micro-entreprise GUEZZY Ryad sise 48 AvenueGallieni \u00e0 Antony (92160)53\nDRIEETS-UD92n\u00b02025-45411.09.2025R\u00e9c\u00e9piss\u00e9 de d\u00e9claration d'activit\u00e9s deservices \u00e0 la personne enregistr\u00e9e sous le n\u00b0SAP938032851 au nom de la micro-entrepriseTALMONT Elise sise 7 Rue Th\u00e9ophile Gautier\u00e0 Montrouge (92120)55\nDRIEETS-UD92n\u00b02025-45511.09.2025R\u00e9c\u00e9piss\u00e9 de d\u00e9claration d'activit\u00e9s deservices \u00e0 la personne enregistr\u00e9e sous le n\u00b0SAP990171100 au nom de la SARL LesServices de Th\u00e9o sise 23 Rue Saint Maurice \u00e0Nanterre (92000)57\nDRIEETS-UD92n\u00b02025-45611.09.2025R\u00e9c\u00e9piss\u00e9 de d\u00e9claration d'activit\u00e9s deservices \u00e0 la personne enregistr\u00e9e sous le n\u00b0SAP807544382 au nom de la micro-entreprise LE BEL Jennifer sise 41 RueEdmond About \u00e0 Le Plessis-Robinson (92350)59\n \n\nDRIEETS-UD92n\u00b02025-45711.09.2025R\u00e9c\u00e9piss\u00e9 de d\u00e9claration d'activit\u00e9s deservices \u00e0 la personne enregistr\u00e9e sous le n\u00b0SAP 990696239 au nom de la SASU LuteceHomeGym sise 66 bis Rue Marcel Miquel aIssy-les-Moulineaux (92130)61\nDRIEETS-UD92n\u00b02025-45811.09.2025R\u00e9c\u00e9piss\u00e9 de d\u00e9claration d'activit\u00e9s deservices a la personne enregistr\u00e9e sous le n\u00b0SAP 521346320 au nom de la micro-entreprise QUASHIE Pulcherie sise 25 AvenuePablo Picasso a Nanterre (92000)63\nDRIEETS-UD92n\u00b02025-45911.09.2025R\u00e9c\u00e9piss\u00e9 de d\u00e9claration d'activit\u00e9s deservices \u00e0 la personne enregistr\u00e9e sous le n\u00b0SAP 900396045 au nom de la micro-entreprise SCHADRAC MATIABA sise 11 Ruedes Anciennes Mairies \u00e0 Nanterre (92000)65\nDRIEETS-UD92n\u00b02025-46011.09.2025R\u00e9c\u00e9piss\u00e9 de d\u00e9claration d'activit\u00e9s deservices \u00e0 la personne enregistr\u00e9e sous le n\u00b0SAP990887523 au nom de la micro-entreprise BOUDIAF Amira sise 10 All\u00e9eMicka\u00ebl Lefebvre \u00e0 Asni\u00e8res-sur-Seine (92600)67\nDRIEETS-UD92n\u00b02025-46111.09.2025R\u00e9c\u00e9piss\u00e9 de d\u00e9claration d'activit\u00e9s deservices \u00e0 la personne enregistr\u00e9e sous le n\u00b0SAP990886707 au nom de \u00cela micro-entreprise TIA DEKANOU Edith sise 32 RueEsnault Pelterie a Boulogne Billancourt(92100) 69\nDRIEETS-UD92n\u00b02025-46211.09.2025R\u00e9c\u00e9piss\u00e9 de d\u00e9claration d'activit\u00e9s deservices \u00e0 la personne enregistr\u00e9e sous le n\u00b0SAP 990887309 au nom de la micro-entreprise RAZI Oumaima sise 44 AvenueEdouard Vaillant \u00e0 Boulogne Billancourt(92100) 71\nDRIEETS-UD92n\u00b02025-46311.09.2025R\u00e9c\u00e9piss\u00e9 de d\u00e9claration d'activit\u00e9s deservices \u00e0 la personne enregistr\u00e9e sous le n\u00b0SAP921657797 au nom de la micro-entrepriseBIKINDOU Nice sise 7 Rue Bory d'Arnex \u00e0Saint-Cloud (92210)73\nDRIEETS-UD92n\u00b02025-46411.09.2025R\u00e9c\u00e9piss\u00e9 de d\u00e9claration d'activit\u00e9s deservices \u00e0 la personne enregistr\u00e9e sous le n\u00b0SAP990970915 au nom de la micro-entrepriseFLORENTINY Oc\u00e9ane sise 56 Avenue du Dix-huit juin 1940 \u00e0 Rueil-Malmaison (92500)75\nDRIEETS-UD92n\u00b02025-46511.09.2025R\u00e9c\u00e9piss\u00e9 de d\u00e9claration d'activit\u00e9s deservices \u00e0 la personne enregistr\u00e9e sous le n\u00b0SAP990855991 au nom de la micro-entrepriseLAHAYE Marianne sise 9 Rue du Clos desRosati a Fontenay-aux-Roses (92260)77\n \n\nDRIEETS-UD92n\u00b02025-46611.09.2025R\u00e9c\u00e9piss\u00e9 de d\u00e9claration d'activit\u00e9s deservices \u00e0 la personne enregistr\u00e9e sous le n\u00b0SAP990932279 au nom de la micro-entreprise FALLAOUI Ines sise 64 Rue duColonel de Rochebrune \u00e0 Garches (92380)79\nDRIEETS-UD92n\u00b02025-46711.09.2025R\u00e9c\u00e9piss\u00e9 de d\u00e9claration d'activit\u00e9s deservices \u00e0 la personne enregistr\u00e9e sous le n\u00b0SAP990918328 au nom de la micro-entrepriseCISSE Aminata sise 10 Rue de l'AncienneMairie a Clichy (92110)81\nDRIEETS-UD92n\u00b02025-46811.09.2025R\u00e9c\u00e9piss\u00e9 de d\u00e9claration d'activit\u00e9s deservices \u00e0 la personne enregistr\u00e9e sous le n\u00b0SAP882741358 au nom de la micro-entrepriseABD EL FATAH ALAZAB SAMIR sise 11 All\u00e9edes Passiflores \u00e0 Bois-Colombes (92270)83\nDRIEETS-UD92n\u00b02025-46911.09.2025R\u00e9c\u00e9piss\u00e9 de d\u00e9claration d'activit\u00e9s deservices \u00e0 la personne enregistr\u00e9e sous le n\u00b0SAP991007717 au nom de la micro-entrepriseSERRAD] Radia sise 7 Ter Rue Yves Cariou \u00e0Marnes-la-Coquette (92430)85\nDRIEETS-UD92n\u00b02025-47011.09.2025R\u00e9c\u00e9piss\u00e9 de d\u00e9claration d'activit\u00e9s deservices \u00e0 la personne enregistr\u00e9e sous le n\u00b0SAP 990674277 au nom de la micro-entreprise MEDANI Rabah 87 Avenue duG\u00e9n\u00e9ral Leclerc \u00e0 Bourg-la-Reine (92340)87\nDRIEETS-UD92n\u00b02025-47115.09.2025R\u00e9c\u00e9piss\u00e9 de d\u00e9claration d'activit\u00e9s deservices \u00e0 la personne enregistr\u00e9e sous le n\u00b0SAP990763799 au nom de Ja micro-entreprise GUEYE Mamadou sise 63 Rue MarxDormoy \u00e0 Fontenay-aux-Roses (92260)89\nDRIEETS-UD92n\u00b02025-47215.09.2025R\u00e9c\u00e9piss\u00e9 de d\u00e9claration d'activit\u00e9s deservices \u00e0 la personne enregistr\u00e9e sous le n\u00b0SAP991014879 au nom de la micro-entrepriseBOUCHINET Anne sise 63 Rue du Point duJour \u00e0 Boulogne Billancourt (92100)91\nDRIEETS-UD92n\u00b02025-47315.09.2025R\u00e9c\u00e9piss\u00e9 de d\u00e9claration d'activit\u00e9s deservices \u00e0 la personne enregistr\u00e9e sous le n\u00b0SAP880473400 au nom de Ja micro-entreprise DADI Flora sise 9 Bis Rue MadameCurie \u00e0 Bagneux (92220)93\nDRIEETS-UD92n\u00b02025-47415.09.2025Arr\u00eat\u00e9 accordant l'agr\u00e9ment SAP 942741802a la SASU AIDOM XV. SERVICES sise, 293Boulevard Saint-Denis a Courbevoie (92400)95\nDRIEETS-UD92n\u00b02025-47515.09.2025R\u00e9c\u00e9piss\u00e9 de d\u00e9claration modificatived'activit\u00e9s de services \u00e0 la personneenregistr\u00e9e sous le n\u00b0 SAP942741802 au nomde la SASU AIDOM XV. SERVICES sise, 293Boulevard Saint-Denis \u00e0 Courbevoie (92400)98\n \n \n\nDRIEETS-UD92n\u00b02025-47616.09.2025R\u00e9c\u00e9piss\u00e9 de d\u00e9claration d'activit\u00e9s deservices \u00e0 la personne enregistr\u00e9e sous le n\u00b0SAP990421471 au nom de la micro-entrepriseNOURRY LAETITIA 6 all\u00e9e Frantz Fanon \u00e0GENNEVILLIERS (92230)101\nDRIEETS-UD92n\u00b02025-47716.09.2025Arr\u00eat\u00e9 portant modification de l'agr\u00e9mentSAP 928415751 \u00e0 la SAS CHOUCHOU sise 25Boulevard Romain Rolland a Montrouge(92120) 103\nDRIEETS-UD92n\u00b02025-47816.09.2025R\u00e9c\u00e9piss\u00e9 de d\u00e9claration modificatived'activit\u00e9s de services \u00e0 la personneenregistr\u00e9e sous le n\u00b0 SAP928415751 au nomde la SARL CHOUCHOU sise 35 BoulevardRomain Rolland \u00e0 Montrouge (92120)106\nDRIEETS-UD92n\u00b02025-47917.09.2025R\u00e9c\u00e9piss\u00e9 de d\u00e9claration d'activit\u00e9s deservices \u00e0 la personne enregistr\u00e9e sous le n\u00b0SAP824503759 au nom de la micro-entreprise KHALLEF BILLEL 130 Avenue JeanJaur\u00e8s \u00e0 PUTEAUX (92800)109\nDRIEETS-UD92n\u00b02025-48017.09.2025R\u00e9c\u00e9piss\u00e9 de d\u00e9claration d'activit\u00e9s deservices \u00e0 la personne enregistr\u00e9e sous le n\u00b0SAP882813272 au nom de la micro-entrepriseSofia BADDAG 2 all\u00e9e de l'Arlequin \u00e0NANTERRE (92000)111\nDRIEETS-UD92n\u00b02025-48117.09.2025R\u00e9c\u00e9piss\u00e9 de d\u00e9claration d'activit\u00e9s deservices \u00e0 la personne enregistr\u00e9e sous le n\u00b0SAP981765837 au nom de la micro-entrepriseElsy WEHBE 7 Rue Louise Baumel \u00e0 RUEIL-MALMAISON (92500)113\nDRIEETS-UD92n\u00b02025-48217.09.2025R\u00e9c\u00e9piss\u00e9 de d\u00e9claration d'activit\u00e9s deservices \u00e0 la personne enregistr\u00e9e sous le n\u00b0SAP941776619 au nom de la micro-entrepriseIDRI MERIEM 35 Rue Des Cailloux \u00e0 CLICHY(92110) 115\nDRIEETS-UD92n\u00b02025-48322.09.2025R\u00e9c\u00e9piss\u00e9 de d\u00e9claration d'activit\u00e9s deservices \u00e0 la personne enregistr\u00e9e sous le n\u00b0SAP991501644 au nom de la micro-entrepriseLisa BERNARDO 20 Rue Pierre Valette \u00e0MALAKOFF (92240)117\nDRIEETS-UD92n\u00b02025-48422.09.2025R\u00e9c\u00e9piss\u00e9 de d\u00e9claration d'activit\u00e9s deservices \u00e0 la personne enregistr\u00e9e sous le n\u00b0SAP934029034 au nom de la micro-entreprise CLEMENT SUAREZ FERREIRA 190Boulevard Bineau a NEUILLY-SUR-SEINE(92200) 119\n \n\nDRIEETS-UD92n\u00b02025-48522.09.2025R\u00e9c\u00e9piss\u00e9 de d\u00e9claration d'activit\u00e9s deservices \u00e0 la personne enregistr\u00e9e sous le n\u00b0SAP990361404 au nom de la SAS SAVIE'M 9bis Rue Casimir Pinel \u00e0 NEUILLY-SUR-SEINE(92200) 121\nDRIEETS-UD92n\u00b02025-48622.09.2025R\u00e9c\u00e9piss\u00e9 de d\u00e9claration d'activit\u00e9s deservices \u00e0 la personne enregistr\u00e9e sous le n\u00b0SAP923394167 au nom de la micro-entrepriseTRAORE DIOGO 71 Rue de Fontenay \u00e0CLAMART (92140)124\nDRIEETS-UD92n\u00b02025-48722.09.2025R\u00e9c\u00e9piss\u00e9 de d\u00e9claration d'activit\u00e9s deservices \u00e0 la personne enregistr\u00e9e sous le n\u00b0SAP991414970 au nom de la micro-entrepriseSol\u00e8ne DU CHALARD DE TAVEAU 18 Bis RueBarb\u00e8s \u00e0 COURBEVOIE (92400)127\nDRIEETS-UD92n\u00b02025-48822.09.2025R\u00e9c\u00e9piss\u00e9 de d\u00e9claration d'activit\u00e9s deservices \u00e0 la personne enregistr\u00e9e sous le n\u00b0SAP991472044 au nom de la micro-entrepriseDIOUM FARAH 2 Mail Camille du Gast \u00e0ASNIERES-SUR-SEINE (92600)129\nDRIEETS-UD92n\u00b02025-48923.09.2025R\u00e9c\u00e9piss\u00e9 de d\u00e9claration d'activit\u00e9s deservices \u00e0 la personne enregistr\u00e9e sous le n\u00b0SAP944516624 au nom de la SAS LIZETTE 99Avenue Achille Peretti \u00e0 NEUILLY-SUR-SEINE(92200) 131\nDRIEETS-UD92n\u00b02025-49022.09.2025R\u00e9c\u00e9piss\u00e9 de d\u00e9claration d'activit\u00e9s deservices \u00e0 la personne enregistr\u00e9e sous le n\u00b0SAP991386871 au nom de la micro-entrepriseSADIKI SAFI NENETTE 23 Terasse DeL'universit\u00e9 \u00e0 NANTERRE (92000)133\nDRIEETS-UD92n\u00b02025-49122.09.2025R\u00e9c\u00e9piss\u00e9 de d\u00e9claration d'activit\u00e9s deservices \u00e0 la personne enregistr\u00e9e sous le n\u00b0SAP828448746 au nom de la micro-entreprise NYANGADO KADY 143 BoulevardCharles de Gaulle \u00e0 COLOMBES (92700)135\nDRIEETS-UD92n\u00b02025-49224.09.2025R\u00e9c\u00e9piss\u00e9 de d\u00e9claration d'activit\u00e9s deservices \u00e0 la personne enregistr\u00e9e sous le n\u00b0SAP991586207 au nom de la micro-entrepriseHADJERSI BILAL 21 Rue Saint-Denis \u00e0COLOMBES (92700)137\nDRIEETS-UD92n\u00b02025-49324.09.2025R\u00e9c\u00e9piss\u00e9 de d\u00e9claration d'activit\u00e9s deservices \u00e0 la personne enregistr\u00e9e sous le n\u00b0SAP828111336 au nom de la micro-entrepriseFRANCK TESSIER 21 Rue de Nanterre aASNIERES-SUR-SEINE (92600)139\n \n\nDRIEETS-UD92n\u00b02025-49424.09.2025R\u00e9c\u00e9piss\u00e9 de d\u00e9claration d'activit\u00e9s deservices \u00e0 la personne enregistr\u00e9e sous le n\u00b0SAP991500018 au nom de la micro-entrepriseNNADOZIE EMMA 1 Place Du Ratrait aSURESNES (92150)141\nDRIEETS-UD92n\u00b02025-49530.09.2025R\u00e9c\u00e9piss\u00e9 de d\u00e9claration d'activit\u00e9s deservices \u00e0 la personne enregistr\u00e9e sous le n\u00b0SAP991567876 au nom de la micro-entrepriseAGNES MECHEMACHE sise 6 Rue Du ValContent a FONTENAY AUX ROSES (92260)143\nDRIEETS-UD92n\u00b02025-49630.09.2025R\u00e9c\u00e9piss\u00e9 de d\u00e9claration d'activit\u00e9s deservices \u00e0 la personne enregistr\u00e9e sous le n\u00b0SAP991197765 au nom de la micro-entrepriseAMINATA GUIGMA 24 Avenue Audra \u00e0COLOMBES (92700)145\nDRIEETS-UD92n\u00b02025-49730.09.2025R\u00e9c\u00e9piss\u00e9 de d\u00e9claration d'activit\u00e9s deservices \u00e0 la personne enregistr\u00e9e sous le n\u00b0SAP990143075 au nom de la micro-entrepriseThaliya BARAY 29 Rue Victor Hugo \u00e0 ISSY-LES-MOULINEAUX (92130)147\nDRIEETS-UD92n\u00b02025-49830.09.2025R\u00e9c\u00e9piss\u00e9 de d\u00e9claration d'activit\u00e9s deservices \u00e0 la personne enregistr\u00e9e sous le n\u00b0SAP991659517 au nom de la micro-entrepriseMILOUDI AMINE 12 Rue du Grand Champ \u00e0NANTERRE (92000)149\nDRIEETS-UD92n\u00b02025-49930.09.2025R\u00e9c\u00e9piss\u00e9 de d\u00e9claration d'activit\u00e9s deservices \u00e0 la personne enregistr\u00e9e sous le n\u00b0SAP991563040 au nom de la micro-entreprisePARENTEAU-DENOEL ANAIS 29 Rue duChalet \u00e0 ASNIERES-SUR-SEINE151\nDRIEETS-UD92n\u00b02025-50030.09.2025R\u00e9c\u00e9piss\u00e9 de d\u00e9claration d'activit\u00e9s deservices \u00e0 la personne enregistr\u00e9e sous le n\u00b0SAP991710385 au nom de la micro-entreprisePERRIES LAURENT 13 Rue Carnot \u00e0LEVALLOIS-PERRET (92300)153\nDRIEETS-UD92n\u00b02025-50130.09.2025R\u00e9c\u00e9piss\u00e9 de d\u00e9claration d'activit\u00e9s deservices \u00e0 la personne enregistr\u00e9e sous le n\u00b0SAP947826426 au nom de Ja micro-entreprise BOUKASSEM Yassine 5 All\u00e9e DesOrangers \u00e0 SURESNES (92150)155\nDRIEETS-UD92n\u00b02025-50230.09.2025R\u00e9c\u00e9piss\u00e9 de d\u00e9claration d'activit\u00e9s deservices \u00e0 la personne enregistr\u00e9e sous le n\u00b0SAP991631128 au nom de la micro-entrepriseBenjamin GUIBLAIS 78 Boulevard Bourdon \u00e0NEUILLY-SUR-SEINE (92200)158\n \n\nDRIEETS-UD92n\u00b02025-50330.09.2025R\u00e9c\u00e9piss\u00e9 de d\u00e9claration d'activit\u00e9s deservices \u00e0 la personne enregistr\u00e9e sous le n\u00b0SAP991407933 au nom de la micro-entrepriseThibault MASSEY 110 Rue Henri Dunant \u00e0COLOMBES (92700)160\nDRIEETS-UD92n\u00b02025-50430.09.2025R\u00e9c\u00e9piss\u00e9 de d\u00e9claration d'activit\u00e9s deservices \u00e0 la personne enregistr\u00e9e sous le n\u00b0SAP991757063 au nom de la micro-entreprisePauline HARDY 90 Rue du G\u00e9n\u00e9ral Roguet \u00e0CLICHY (92110)162\nDRIEETS-UD92n\u00b02025-50530.09.2025R\u00e9c\u00e9piss\u00e9 de d\u00e9claration d'activit\u00e9s deservices \u00e0 la personne enregistr\u00e9e sous le n\u00b0SAP991768433 au nom de la micro-entrepriseTAVERNIER CORALIE 1 Rue de Watford \u00e0NANTERRE (92000)164\nDRIEETS-UD92n\u00b02025-50630.09.2025R\u00e9c\u00e9piss\u00e9 de d\u00e9claration d'activit\u00e9s deservices \u00e0 la personne enregistr\u00e9e sous le n\u00b0SAP915230072 au nom de la micro-entrepriseBOUJASSON HERMANCE 9 Square desMoulineaux a BOULOGNE-BILLANCOURT(92100) 166\nDRIEETS-UD92n\u00b02025-50730.09.2025R\u00e9c\u00e9piss\u00e9 de d\u00e9claration modificatived'activit\u00e9s de services \u00e0 la personneenregistr\u00e9e sous le n\u00b0 SAP490932647 au nomde la SARL SLN SERVICES A DOMICILE sise 4Boulevard du Mar\u00e9chal Joffre \u00e0 Bourg-la-Reine (92340)168\nDRIEETS-UD92n\u00b02025-50830.09.2025R\u00e9c\u00e9piss\u00e9 de d\u00e9claration modificatived'activit\u00e9s de services \u00e0 la personneenregistr\u00e9e sous le n\u00b0 SAP521204859 au nomde la micro-entreprise IACHINO Salvatoresise 36 Rue Danton \u00e0 Levallois-Perret (92300)171\n10\n \n\nEE  Direction r\u00e9gionale  et interd\u00e9partementale\nMINISTERE de l'\u00e9conomie, de l'emploi,\nDU  TRAVAIL, DE LA SANT\u00c9, du travail et des solidarit\u00e9s\nDES  SOLIDARIT\u00c9S\nET  DES  FAMILLES\nA\nR\u00e9c\u00e9piss\u00e9  n\u00b02025-432 de  d\u00e9claration  d'activit\u00e9s de  services \u00e0 la personne\nenregistr\u00e9e  sous  le n\u00b0 SAP934677220  au  nom  de  la micro-entreprise  MOREAU\nPiorre-Elol  sise  2 Rue  Marceau  \u00e0 Chatillon  (92320)\nLE  PREFET  DES  HAUTS-DE-SEINE\nVu  la loi n\u00b0 2010-853  du 23  jullet 2010  relative aux  r\u00e9seaux  consulaires, au  commerce et \u00e0\nFartisanat et  aux  services (article 31);\nVu  la loi n\u00b02015-176  du 28 d\u00e9cembre  2015 relate \u00e0 l'adaptation de la soci\u00e9t\u00e9 au\nvellissement;\n\u00e9 l'aricle 07231-1  du  Code  du  travail\nVu  les d\u00e9crets n\u00b0 2011-1132 et n\u00b0 2011-1133 du 20 septembre 2011 modifiant certaines\ndispositions du Code  du traval, relatives au ch\u00e8que emploi-service universel et aux\nservices \u00e0 la personne  ;\nVu  le d\u00e9cret n'2016-750 du 6 juin 2016 relat \u00e0 la iste des activites de services \u00e0 la personne\nsoumises  \u00e0 agr\u00e9ment  ou \u00e0 autorisation dans le cadre du r\u00e9gime  commun  dela d\u00e9claration;\nVu  le d\u00e9cret du 31 octobre 2024 portant nomination de Monsieur Alexandre BRUGERE,  en\nqualit\u00e9 de Pr\u00e9fet des  Hauts-de-Soine\nVu  Farr\u00e9t\u00e9 interminist\u00e9riel du 12 ao\u00fbt 2025 nommant  Monsieur Fabrice MASI, Directeur\nr\u00e9gional et interd\u00e9partemental de l'\u00e9conomie, de l'emploi, du travail et des solidarit\u00e9sd'il.\nde-France  \u00e0 compter  du  25  ao\u00fbt  2025  ;\nVu  l'arr\u00eat\u00e9 pr\u00e9fectoral n\u00b02025-33  du 22 ao\u00fbt 2025  par lequel le Pr\u00e9fet des  Hauts-de-Seine\nd\u00e9l\u00e8gue  sa signature \u00e0 Monsieur  Fabrice MASI,  Directeur r\u00e9gional et interd\u00e9partemental\nde l'\u00e9conomie, de empl,  du travail et des solidarit\u00e9s d'\u00cele-de-France ;\nVu  la d\u00e9cision n\u00b0 2025-157 du 25 ao\u00fbt 2025 portant subd\u00e9l\u00e9gation de signature de Monsieur\nFabrice MASI,  Directeur r\u00e9gional et interd\u00e9partemental de  l'\u00e9conomie, de l'emploi. du\ntravail et des  solidarit\u00e9s d'le-de-France, aux agents de  l'Unit\u00e9 d\u00e9partementale  des Hauts-\nde-Seine  ;\n\nVu  la d\u00e9claration  d'activit\u00e9s  de  services  \u00e0  la personne  d\u00e9pos\u00e9es  aupr\u00e8s  de  Unite\nd\u00e9partementale des  Hauts-de-Seine de la DRIEETS  le 25 ao\u00fbt  2025  par la Micro-\nentreprise  MOREAU  Pierre-Eloi  sise  2  Rue  Marceau  \u00e0  Chatilon  (92320)  ;\n'Apr\u00e8s  examen  du  dossier,  cette  demande  \u00e9tant  conforme  aux  dispositions de  l'aricie L. 7232-1-\n1 du  code  du  travail  le pr\u00e9sent  r\u00e9c\u00e9piss\u00e9  de  d\u00e9claration  d'activit\u00e9s  de  services  \u00e0  la personne  a\n\u00e9t\u00e9  enregistr\u00e9  au  nom  de  la Micro-entreprse  MOREAU  Piere-Eloi  sous  le num\u00e9ro\n'SAP934677220,\nI  prend  effet  le 25  ao\u00fbt  2025.\nLes  actvit\u00e9s  d\u00e9clar\u00e9es  sont  les  suivantes,  \u00e0 l'exclusionde toute autre\n= Soutien  scolaire  ou  cours  \u00e0  domicile;\nPrestations  relevant du  b\u00e9n\u00e9fice  dela  r\u00e9duction  d'imp\u00f4t  pr\u00e9vue  \u00e0 article 199  sexdecies  du  Code\nG\u00e9n\u00e9ral  des  Imp\u00f4ts.\nLa  structure  exerce  ces  activit\u00e9s  selon  le mode  suivant  : PRESTATAIRE\nSous  r\u00e9serve  d'\u00eatre exerc\u00e9es  \u00e0 ttre exclusif par  le d\u00e9clarant  (ou sous  r\u00e9serve  d'une  comptabilit\u00e9\ns\u00e9par\u00e9e  pour  les personnes  morales  dispens\u00e9es  de  la condition  d'activit\u00e9 exclusive), ces  activites\nouvrent  droit au  b\u00e9n\u00e9fice  des  dispositions des  artcies  L. 7233-2  du  code  du  traval et L. 241-10\n'du code  de  la s\u00e9curit\u00e9  sociale\ndispositions  de  l'article R7232-19  du  code  du  travail  l'organisme  d\u00e9clar\u00e9  dot\nproduire  au  moins  chaque  timestre  un  \u00e9tat d'activit\u00e9 et chaque  ann\u00e9e  un  bilan quantitatif et\nquaitatf  de  activit\u00e9  exerc\u00e9e  au  tire  de  l'ann\u00e9e  \u00e9coul\u00e9e  ainsi  qu'un  tableau  statistique  annuel\nSi  l'organisme  d\u00e9clar\u00e9  comporte  plusieurs  \u00e9tablissements,  les  \u00e9tats  statistiques  et  le bilan  annuel\ndistinguent  l'activit\u00e9 exerc\u00e9e  par  chaque  \u00e9tablissement\nL'enregistrement de  la d\u00e9claration  pourra  \u00eatre  retir\u00e9 si l'organisme d\u00e9clar\u00e9  cesse  de  remplir\nles  conditions  ou  de  respecter  les obligations  mentionn\u00e9es  aux  4\u00b0,5\u00b0 ot 6\u00b0  de  l'article\n723247  ou  qui  m\u00e9connalt  les obligations d\u00e9finies  \u00e0 l'article R7232-19  du  code  du  travail.\nctivit\u00e9s exerc\u00e9es devra,  sous\nmodhcatie  aupr\u00e9s  de  FUn\u00e9peine de rorat de la d\u00e9claration, faire l'objet d'une d\u00e9claration\n'd\u00e9partementale  des  Hauts-de-Seine\nLe  pr\u00e9sent  r\u00e9c\u00e9piss\u00e9  sera  publ\u00e9  au  recueil des  actes  administratifs  de  Ia pr\u00e9fecture  des  Hauts-\nde-Seine.\nFait  \u00e0  Nanterre,  le 08  septembre  2025,\nPour  le Pr\u00e9fet\nPar  d\u00e9l\u00e9gation  et  subd\u00e9l\u00e9gation\nLa  Responsable  du service\nD\u00e9veloppement  de  l'emploi  et des\ncomp\u00e9tences\nYGrdy\nMariama  CONDE\n\nEu  Direction  r\u00e9gionale et interd\u00e9partementale\nMINISTERE  de l'\u00e9conomie, de l'emploi,\nDU  TRAVAIL, DE LA SANT\u00c9,  du travail et des solidarit\u00e9s.\nDES  SOLIDARITES\nET  DES  FAMILLES\nR\u00e9c\u00e9piss\u00e9  n\u00b02025-433  de  d\u00e9claration  d'activit\u00e9s de  services  \u00e0 la personne\nenregistr\u00e9e  sous  le n\u00b0 SAP988118527  au nom  de  la micro-entreprise  KALONUI\nNGOYE  OMETETE  sise  2 Boulevard  Aristide  Briand  \u00e0 Suresnes  (92150)\nLE  PREFET  DES  HAUTS-DE-SEINE\nVu  la loi n\u00b0 2010-863  du  23  juilet 2010  relative aux  r\u00e9seaux  consulaires, au  commerce  et \u00e0\nFartisanat et aux  services (article 31);\n'Vu la loi n\u00b02015-1778  du  28  d\u00e9cembre  2015  relative \u00e0  adaptation  de  la soci\u00e9t\u00e9  au\nieilissement\nVu  Fatice  D7231:1  du  Code  du travail;\nVu  les d\u00e9crets  n\u00b0 2011-1132  et n\u00b0 2011-1133  du  20  septembre  2011  modifiant  certaines\ndispositions du  Code  du  travail relatives au  ch\u00e8que  emploiservice  universel  et aux\nservices \u00e0 la personne ;\nVu  le d\u00e9cretn\u00b02016:750 du 6 juin 2016 relai  \u00e0 la iste des activites de services la personne\n'soumises  \u00e0 agr\u00e9ment  ou \u00e0 autorisation dans  le cadre  du r\u00e9gime  commun  de la d\u00e9claration ,\nVu  le d\u00e9cret  du  31 octobre  2024  portant  nomination  de  Monsieur  Alexandre  BRUGERE,  en\nquait\u00e9 de  Pr\u00e9fet des  Hauts-de-Seine  ;\nVu  arr\u00e9t\u00e9  interminist\u00e9riel du  12 ao\u00fbt  2025  nommant  Monsieur  Fabrice  MASI,  Directeur\nr\u00e9gional et interd\u00e9partementalde l'\u00e9conomie, de l'emploi, du travailet des solidarit\u00e9s d'le-\nde-France \u00e0 compter  du 25 ao\u00fbt 202  ;\nVu  l'arr\u00eat\u00e9 pr\u00e9fectoral n\u00b02028-33  du  22  ao\u00fbt  2025  par  lequel le Pr\u00e9fet des  Hauts-de-Seine\n'd\u00e9l\u00e8gue  sa  signature  \u00e0  Monsieur  Fabrice  MASI,  Directeur  r\u00e9gional  et  interd\u00e9partemental\n'de l'\u00e9conomie, de l'emploi du travailet des solidarit\u00e9s d'le-de-France\nVu  la d\u00e9cision  n\u00b0 2025-157 du 25 ao\u00fbt 2025  portant subd\u00e9l\u00e9gation  de  signature  de Monsieur\nFabrice  MASI,  Directeur  r\u00e9gional et interd\u00e9partemental  de  l'\u00e9conomie,  de  l'emploi. du\ntravail et des  soldart\u00e9s  dle-de-France,  aux  agents  de  l'Unit\u00e9  d\u00e9partementale  des  Hauts-\nde-Seine\n\nVu  la d\u00e9ciaration  d activit\u00e9s de  services  \u00e0  la personne  d\u00e9pos\u00e9es  aupr\u00e8s  de  Unit\u00e9\nd\u00e9partementale  des  Hauts-de-Seine  de  la DRIEETS  le 07  jullet  2025  par  la Micro\nentreprise  KALONJI  NGOYE  OMETETE  sise 2  Boulevard  Aristide Briand  \u00e0  Suresnes\n(92150)\nApr\u00e8s  examen du dossier, cette demande  \u00e9tant conforme aux dispositions de l'article L. 7232-1-\n1 du  code  du  travail, le pr\u00e9sent  r\u00e9c\u00e9piss\u00e9  de  d\u00e9claration  d'activit\u00e9s  de services  \u00e0 la personne  a\n\u00e9t\u00e9  enregistr\u00e9  au  nom  de  la Micro-entreprise  KALONJI  NGOYE  OMETETE  sous  le num\u00e9ro\nSAPO88  18527,\n1 prend  effet ie 07 juillet 2025.\nLes  activit\u00e9s d\u00e9clar\u00e9es  sont les suivantes,  \u00e0 l'exclusion de  toute autre\nEntretien  de  la  maison  et  travaux  m\u00e9nage\nPrestations  relevant du  b\u00e9n\u00e9fice  de  la r\u00e9duction  d'imp\u00f4t  pr\u00e9vue  \u00e0  l'article 199  sexdecies  du  Code\nG\u00e9n\u00e9ral  des  impots.\nLa  structure  exerce  cos  activit\u00e9s  solon  le mode  suivant  : PRESTATAIRE\nSous  r\u00e9serve  d'\u00eatre exerc\u00e9es  \u00e0 titre exclusif parle  d\u00e9clarant  (ou sous  r\u00e9serve  d'une  comptabilit\u00e9\n's\u00e9par\u00e9e  pour  les  personnes  morales  dispens\u00e9es  de  la condition  d'actvit\u00e9 exclusive), ces  activites\nouvrent  droit au b\u00e9n\u00e9fice  des  dispositions des  articles L. 7233-2  du  code du traval et L. 241-10\ndu  code  de  la s\u00e9curt\u00e9  sociale.\n'Conform\u00e9ment  aux  dispositions de  l'article R7232-19  du code du travail, l'organisme  d\u00e9clar\u00e9  dot\nproduire  au  moins  chaque  trimestre un  \u00e9tat d'activit\u00e9 et chaque  ann\u00e9e un  bilan quantitatif et\nqualitatifde l'activit\u00e9 exerc\u00e9e au tire de l'ann\u00e9e \u00e9coul\u00e9e ainsi qu'un tableau statistique arnuel\nSi l'organisme d\u00e9clar\u00e9  comporte  plusieurs  \u00e9tablissements,  les \u00e9tats statistiques et le bilan annuel\ndistinguent  l'activit\u00e9 exerc\u00e9e  par  chaque  \u00e9tablissement\nL'enregistrement de la d\u00e9claration  pourra  \u00eatre retir\u00e9si l'organisme  d\u00e9clar\u00e9  cesse  de  romplir\nles conditions  ou  de  respecter  les obligations  mentionn\u00e9es  aux  4\u00b0,6\u00b0 at 6\u00b0 de  l'article\n7232-17  ou  qui  m\u00e9connait  les obligations  d\u00e9finies  a l'article R7232-19  du  code  du  travail,\nmodification  nant la struct r\u00e9e ou les activit\u00e9s exerc\u00e9es. devra,  sous\npine de retrait dela  d\u00e9claration, are  Tobjet dune d\u00e9caration modiicalve aupr\u00e9sde Un\n'd\u00e9partementale des  Hauts-de-Seine.\nLe  pr\u00e9sent  r\u00e9c\u00e9piss\u00e9  sera  publi\u00e9 au recueil des  actes  administratifs de la pr\u00e9fecture des  Hauts-\nde-Seine.\nFat  \u00e0 Nanterre,  le 08 septembre 2025,\nPour  le Pr\u00e9fet\nPar  d\u00e9l\u00e9gation  et subd\u00e9l\u00e9gation\nLa  Responsable  du  service\nD\u00e9veloppement  de  l'emploi  et  des\ncomp\u00e9tences\nAE  as\nMariama  CONDE\n\nEE  Direction  r\u00e9gionale  et interd\u00e9partementale\nde  l'\u00e9conomie,  de  l'emploi,\nNE  LOU  SANTE: du travail ot des solidarit\u00e9s\nDES  SOLIDARIT\u00c9S\nET  DES  FAMILLES\nA\nR\u00e9c\u00e9piss\u00e9  n\u00b02025434  de d\u00e9claration  d'activit\u00e9s de  services \u00e0  la personne\nenregistr\u00e9e  sous  le n\u00b0 SAP803315233  au  nom  de  la micro-entreprise  AHIER\nANGELIQUE  ANAIS  sise  183  Avenue  Achille  Peretti \u00e0 Neuilly-sur-Seine  (92200)\nLE  PREFET  DES  HAUTS-DE-SEINE\nVu  la loi n\u00b0 2010-853  du  23  jullet 2010  relative aux  r\u00e9seaux  consulaires,  au  commerce  et \u00e0\nl'artisanatot aux  services (article 31)\nVu  Ia loi n\u00b02015-1778  du  28  d\u00e9cembre  2015  relative \u00e0 adaptation  de  la soci\u00e9t\u00e9 au\nvieilissement ;\nVu  l'aricie D7231:1  du  Code  du  travail;\nVu  les d\u00e9crets  n\u00b0 2011-1132  et n\u00b0 2011-1133  du  20  septembre  2011  modifiant  certaines\ndispositions du Code  du travail, relatives au ch\u00e8que  emploi-service universel et aux\n'services \u00e0 la personne  ;\nVu  le d\u00e9cret  n\u00b02016:750  du 6 jun  2016  relatif\u00e0  la iste des  activites de services  \u00e0 la personne\nsoumises \u00e0 agr\u00e9ment  ou \u00e0 autorisation dans le cadre  du r\u00e9gime  commun  dela d\u00e9claration\nVu  le d\u00e9cret du 31 octobre 2024  portant nomination de Monsieur  Alexandre  BRUGERE,  en\nqualit\u00e9 de Pr\u00e9fet des Hauts-de-Seine ;\nVu  l'arr\u00eat\u00e9 interminist\u00e9riel du  12 ao\u00fbt 2025  nommant  Monsieur  Fabrice MASI,  Directeur\nr\u00e9gional tinterd\u00e9partemental  de  l'\u00e9conomie, de  Templo,  du travail et des  solidarit\u00e9s dle-\nde-France \u00e0 compter  du  25 ao\u00fbt  2025 ;\nVu  l'arr\u00eat\u00e9 pr\u00e9fectoral n\u00b02025-33  du  22  ao\u00fbt  2025  par  lequel le Pr\u00e9fet des  Hauts-de-Seine\nd\u00e9l\u00e8gue  sa  signature  \u00e0 Monsieur  Fabrice  MASI,  Directeur  r\u00e9gional et interd\u00e9partemental\n'de l'\u00e9conomie, de l'emploi, du travailet des solidarit\u00e9s d'le-de-France ;\nVu  la d\u00e9cision n\u00b0 2025-157  du  25  ao\u00fbt 2025  portant subd\u00e9l\u00e9gaion  de signature de  Monsieur\nFabrice  MASI,  Directeur  r\u00e9gional et interd\u00e9partemental  de  l'\u00e9conomie, de  l'emploi, du\ntravail et des  soldart\u00e9s  dle-de-France,  aux  agents  de  Unit\u00e9  d\u00e9partementale  des  Hauts-\nde-Seine\n\nVu  la d\u00e9claration  d'actit\u00e9s  de  services  \u00e0  la personne  d\u00e9pos\u00e9es  aupr\u00e8s  de  l'Unit\u00e9\nd\u00e9partementale  des  Hauts-de-Seine  de  la DRIEETS  le 25  ao\u00fbt  par  la Micro-entreprise\nAHIER  ANGELIQUE  ANAIS  sise 183  Avenue  Achile  Pereti  \u00e0 Neuily-sur-Seine  (92200)  ;\n'Apr\u00e8s examen  du  dossier, cette demande  \u00e9tant  conforme  aux  dispositions  de  l'article L. 7232-1-\n1 du  code  du  traval  le pr\u00e9sent  r\u00e9c\u00e9piss\u00e9  de  d\u00e9claration  d'actvi\u00e9s  de  services  \u00e0 la personne  a\n\u00e9t\u00e9  enregistr\u00e9  au  nom  de  la Micro-entreprise  AHIER  ANGELIQUE  ANAIS  sous  le num\u00e9ro\n'SAP803315233,\nll prend  efet  le 25  ao\u00fbt  2028.\nLes  activit\u00e9s d\u00e9clar\u00e9es  sont les suivantes,  \u00e0 l'exclusion de  toute  autre\n= Soutien  scolaire  ou  cours  \u00e0 domicile  ;\nPrestations  relevant du  b\u00e9n\u00e9fice  dela  r\u00e9duction  d'imp\u00f4t  pr\u00e9vue  \u00e0 article 199  sexdecies  du  Code\nG\u00e9n\u00e9ral  des  impots.\nLa  structure  exerce  ces  activit\u00e9s  selon  le mode  suivant:  PRESTATAIRE\nSous  r\u00e9serve d'\u00eatre exerc\u00e9es  \u00e0 ttre exclus  par le d\u00e9clarant (ou sous  r\u00e9serve d'une comptabilit\u00e9\ns\u00e9par\u00e9e pour les personnes morales dispens\u00e9es de la contion  d'activit\u00e9 exclusive), ces activit\u00e9s\n'ouvrent  droit au b\u00e9n\u00e9fice  des  dispositions des  articles L. 7233-2  du code du traval  et L. 241-10,\ndu  code de  la  s\u00e9curt\u00e9  sociale.\n'Conform\u00e9ment  aux  dispositions de  article  R7232-19  du  code  du  travail, l'organisme  d\u00e9clar\u00e9  doit\nproduire au moins chaque timestre un \u00e9tat d'activit\u00e9 et chaque ann\u00e9e  un bilan quantitatif et\nqualtatf  de  l'activt\u00e9 exerc\u00e9e  au  tire de  l'ann\u00e9e  \u00e9coul\u00e9e  ainsi qu'un  tableau  statistique annuel\nSi organisme  d\u00e9clar\u00e9  comporte  plusieurs  \u00e9tablissements,  les \u00e9tats statistiqueset e  bilan annuel\ndistinguent  l'activit\u00e9 exerc\u00e9e  par  chaque  \u00e9tablissement.\nL'enregistrement  de la d\u00e9claration  pourra  \u00eatre rotir\u00e9 si l'organisme  d\u00e9clar\u00e9 cesse de remplir\n7232-17  ou  qui  m\u00e9connait  les obligations  d\u00e9finies  \u00e0 article  R7232-19  du  code  du  travail.\npeine  de  retraitdela  d\u00e9claration, fare  Tobjet une  d\u00e9caration  modiicalve  aupr\u00e9s  de  fUnke\nd\u00e9partementale  des  Hauts-de-Seine\nLe  pr\u00e9sent  r\u00e9c\u00e9piss\u00e9  sera  publi\u00e9 au  recueil des  actes  administratfs  de  la pr\u00e9fecture  des  Hauts-\nde-Seine,\nFait \u00e0 Nanterre,  le 08  septembre  2025,\nPour  le Pr\u00e9fet\nar d\u00e9l\u00e9gation  et  subd\u00e9l\u00e9gation\nResponsable  du  service\nD\u00e9veloppement  de  l'emploi  et  des\ncomp\u00e9tences\n'Mariama CONDE\n\nEu  Direction r\u00e9gionale et Interd\u00e9partemontale\nMINIST\u00c8RE de l'\u00e9conomie,de l'emploi,\nDU  TRAVAIL, DE LA SANT\u00c9, du travail et des solidarit\u00e9s\nDES  SOLIDARIT\u00c9S\nET  DES  FAMILLES\nA\nR\u00e9c\u00e9piss\u00e9  n\u00b02025-436  de  d\u00e9claration d'activit\u00e9s de  services  \u00e0 la personne\nenregistr\u00e9e  sous  le n\u00b0 SAP888996006  au  nom  de  la micro-entreprise  COMBARD\nYohan  sise 61 Rue  du  Moulin  de  Pierre \u00e0 Clamart  (92140)\nLE  PREFET  DES  HAUTS-DE-SEINE\nVu  la loi n\u00b0 2010-853  du 23 jullot 2010  relative aux r\u00e9seaux  consulaires, au commerce et \u00e0\nl'aisanat  et aux  services  (article 31)\nVu  la loi n\u00b020151776  du 28  d\u00e9cembre  2015  relative \u00e0 l'adaptation de  la soci\u00e9t\u00e9 au\nvieilissement\n'Vu l'article D7231-1  du Code  du travail;\nVu  les d\u00e9crets n\u00b0 2011-1132  et n\u00b0 2011-1133  du 20 septembre  2011  modifiant certaines\ndispostions du Code  du  travail relatives au  ch\u00e8que  emplol-service universel et aux\nservices \u00e0 la personne\nVu  le d\u00e9cret n*2016-750 du 6 jun 2016 relatif \u00e0 la liste des activit\u00e9s de services \u00e0 Ia personne\nsoumises & agr\u00e9ment  ou \u00e0 autorisation dans le cadre du r\u00e9gime commun  de  a d\u00e9claration\nVu  le d\u00e9cret du 31 octobre 2024 portant nomination de Monsieur Alexandre BRUGERE,  en\nqualit\u00e9 de  Pr\u00e9fet des  Hauts-de-Seine  ;\nVu  l'ar\u00e9t\u00e9 interminist\u00e9riel du  12 ao\u00fbt 2025  nommant  Monsieur  Fabrice MASI, Directeur\nr\u00e9gionalet interd\u00e9partemental de l'\u00e9conomie, de l'emploi, du travail et des solidant\u00e9s 'le-\nde-France  \u00e0 compter  du  25  ao\u00fbt  2025  ;\nVu  l'arr\u00eat\u00e9 pr\u00e9fectoral n\u00b02026-33 du 22 ao\u00fbt 2025 par lequel le Pr\u00e9fet des Hauts-de-Seine\nd\u00e9l\u00e8gue  sa signature \u00e0 Monsieur  Fabrice MASI,  Directeur r\u00e9gional et interd\u00e9partemental\nde l'\u00e9conomie, de l'emploi, du travail et des solidarit\u00e9s d'\u00cele-de-France ;\nVu  la d\u00e9cision n\u00b0 2025-187 du 25 ao\u00fbt 2025 portant subd\u00e9l\u00e9gation de signature de Monsieur\nFabrice MASI,  Directeur r\u00e9gional et interd\u00e9partemental de l'\u00e9conomie, de  l'emploi. du\ntravail et des  solidant\u00e9s d'le-de-France, aux  agents  de l'Unit\u00e9 d\u00e9partementale  des  Hauts.\nde-Seine  ;\n\nVu  la d\u00e9claration  d'actii\u00e9s  de  services  \u00e0 la personne  d\u00e9pos\u00e9es  aupr\u00e8s  de  l'Unit\u00e9\n'd\u00e9partementale des  Hauts-de-Seine  de la DRIEETS  le 21 ao\u00fbt  par la Micro-entreprise\nCOMBARD  Yohan  sise 61 Rue  du  Moulin  de  Pierre \u00e0 Ciamart  (82140) ;\n'Apres examen  du  dossier, cette demande  \u00e9tant conforme aux  dispositions de l'article L. 7232-\n1 du code  du traval  le pr\u00e9sent  r\u00e9c\u00e9piss\u00e9  de d\u00e9claration d'actvit\u00e9s de services \u00e0  la personne  a\n\u00eat\u00e9 enregistr\u00e9 au nom  de  la Micro-entreprise COMBARD  Yohan  sous  le num\u00e9ro  SAP\n1888996008,\nIl prond  effet le 21 ao\u00fbt  2025.\nLes  actvit\u00e9s  d\u00e9clar\u00e9es  sont  les  suivantes,  \u00e0 l'exclusion de toute  autre\n+ Soutien  scolaire  ou  cours \u00e0 domicile;\naricle 199  sexdecies du CodePrestations  relevant  du  b\u00e9n\u00e9fice  de  a  r\u00e9duction  d'imp\u00f4t  pr\u00e9vue\nG\u00e9n\u00e9ral  des  Impots.\nLa  structure  exerce  ces  activit\u00e9s  selon  le mode  suivant  :PRESTATAIRE\n'Sous  r\u00e9serve  d'\u00eatre exerc\u00e9es  \u00e0 ttre exclusf  par  le d\u00e9clarant  (ou  sous  r\u00e9serve  d'une  comptabilit\u00e9\ns\u00e9par\u00e9e  pour les personnes  morales  dispens\u00e9es  de la condition d'actvi\u00e9 exclusive), ces activit\u00e9s\n'ouvrent droit au b\u00e9n\u00e9fice des  dispositions des  articles L. 7233-2  du  code  du  traval et L. 241-10\ndu  code  de  la s\u00e9curt\u00e9  sociale.\n{Conform\u00e9ment  aux  dispositions de Farticle R7232-19  du  code  du travail, l'organisme d\u00e9clar\u00e9 dot\nproduire  au moins chaque  ttimestre un \u00e9tat d'activit\u00e9 et chaque  ann\u00e9e  un bilan quantitatif et\nualtatf  de activi  exerc\u00e9e au titre de l'ann\u00e9e \u00e9coul\u00e9e ainsi qu'un tableau statistique annuel.\nSi l'organisme  d\u00e9clar\u00e9  comporte  plusieurs  \u00e9tablissements,  les \u00e9tats statistiques et le bilan annuel\ndistinguent  l'activit\u00e9 exerc\u00e9e  par  chaque  \u00e9tablissement\nL'enrogistrement de la d\u00e9claration  pourra  \u00e9tre rotir\u00e9 si l'organisme d\u00e9clar\u00e9  cesse  de remplir\nles conditions  ou  de  respecter  les obligations mentionn\u00e9es  aux 4\u00b0,  at 6\u00b0 de  l'articl\n7232.17 ou  qui m\u00e9connait  les obligations d\u00e9finies\u00e0 article R7232-19 du code du travail.\no i devra, sous\npane  de  retrait de  la decaration,  fare  Tobjet Cune  d\u00e9caraton  modiicaive  aupr\u00e9s  de  fUnte\nd\u00e9partementale  des  Hauts-de-Seine.\nLe  pr\u00e9sent  r\u00e9c\u00e9piss\u00e9  sera  publi\u00e9 au  recueil des  actes  administratfs  de  la pr\u00e9fecture  des  Hauts-\nde-Seine.\nFait \u00e0  Nanterre,  le 08  septembre  2025,\nPour  le Pr\u00e9fet\nar  d\u00e9l\u00e9gation  et subd\u00e9l\u00e9gation\nLa  Responsable  du  service\nD\u00e9veloppement  de  l'emploi  et des\ncomp\u00e9tences\nNac\"\nMariama CONDE\n\nEx  Direction r\u00e9gionale  et interd\u00e9partementale\nMINIST\u00c8RE de l'\u00e9conomie, de l'emploi,\nDU TRAVAIL, DE LA SANT\u00c9, du travail et des solidarit\u00e9s\nDES  SOLIDARIT\u00c9S\nET  DES  FAMILLES\nA\nR\u00e9c\u00e9piss\u00e9  n\u00b02025-436  de  d\u00e9claration  d'activit\u00e9s de services  \u00e0 la personne\n\"enregistr\u00e9e sous  le n\u00b0 SAP942233420  au  nom  de  la micro-entreprise  Cyrielle\nDutilh sise 21 Rue  Eug\u00e8ne  Besancon  \u00e0 Colombes  (92700)\nLE  PREFET  DES  HAUTS-DE-SEINE\nVu  la loi n\u00b0 2010-853  du 23 jullet 2010  relative aux  r\u00e9seaux  consulaires, au commerce  et \u00e0\nl'artisanat et aux services (article 31) ;\nVu  Ia loi n\u00b02015-1776 du 28 d\u00e9cembre  2015 relative \u00e0 adaptation de la soci\u00e9t\u00e9 au\nviilissement\n'Vu l'article D7231-1  du Code du travail;\nVu  les d\u00e9crets n\u00b0 2011-1132 et n\u00b0 2011-1133 du 20 septembre 2011 modifiant certaines\ndispositions du  Code  du travail, relatives au ch\u00e8que  emploi-service universel et aux\n'services \u00e0 la personne  ;\nVu  le d\u00e9cret n\u00b02016:750 du 6 juin 2016 relat \u00e0 la liste des activit\u00e9s de services \u00e0 la personne\nsoumises  \u00e0 agr\u00e9ment  ou \u00e0 autorisation dans  le cadre  du r\u00e9gime  commun  dela d\u00e9ciaraion ;\nVu  le d\u00e9cret du 31 octobre 2024 portant nomination de Monsieur Alexandre BRUGERE,  en\n'qualit\u00e9 de Pr\u00e9fet des  Hauts-de-Seine\nVu  l'arr\u00e9t\u00e9 interminist\u00e9riel du 12 ao\u00fbt 2025 nommant  Monsieur Fabrice MASI, Directeur\nr\u00e9gional  tinterd\u00e9partementa  de l'\u00e9conomie, de l'emploi, du traval et des solidarit\u00e9sd'il\nde-France  \u00e0 compter  du  25  ao\u00fbt  2025\nVu  l'arr\u00e9t\u00e9 pr\u00e9fectoral n\u00b02025-33 du 22 ao\u00fbt 2025 par lequel le Pr\u00e9fet des Hauts-de-Seine\nd\u00e9l\u00e8gue  sa signature \u00e0 Monsieur  Fabrice MASI,  Directeur r\u00e9gional et interd\u00e9partemental\nde l'\u00e9conomie, de l'emploi, du travail et des soldartes lle-de-France ;\n'Vu la d\u00e9cision n\u00b0 2025-187 du 25 ao\u00fbt 2025 portant subd\u00e9l\u00e9gation de signature de Monsieur\nFabrice MASI, Directeur r\u00e9gional et interd\u00e9partemental de l'\u00e9conomie, de l'emploi, du\ntravail et des  soidari\u00e9s  d'le-de-France, aux  agents de [Unit\u00e9 d\u00e9partementale  des Hauts-\nde-Seine ;\n\nVu  la d\u00e9ciaration  diactvit\u00e9s  de  services  \u00e0  la personne  d\u00e9pos\u00e9es  aupr\u00e8s  de  l'Unit\u00e9\nd\u00e9partementale  des  Hauts-de-Seine  de  la DRIEETS  le 13 ao\u00fbt  par  la Micro-entreprise\nCyrille  Dutih  sise 21 Rue  Eugene  Besancon  \u00e0 Colombes  (92700);\n'Apr\u00e8s examen  du  dossier, cette demande  \u00e9tant  conforme  aux  dispositions de  l'article L. 7232-1-\n1 du code  du  travail  le pr\u00e9sent  r\u00e9c\u00e9piss\u00e9  de d\u00e9claration d'actvit\u00e9s de services \u00e0 la personne  a\n\u00e9t\u00e9 enregistr\u00e9 au nom  de  la Micro-entreprise Cyrielle Dutih  sous  le num\u00e9ro  SAP  942233420,\nAl prend  effet le 13 ao\u00fbt  2028.\nLes  activit\u00e9s d\u00e9clar\u00e9es  sont es  suivantes, \u00e0  l'exclusion de  toute  autre\n= Soutien  scolaire  ou  cours  \u00e0  domicile\nPrestations  relevant du  b\u00e9n\u00e9fice  dela  r\u00e9duction  d'imp\u00f4t  pr\u00e9vue  \u00e0 l'article 199  sexdecies  du  Code\nG\u00e9n\u00e9ral  des  impots\nLa  structure  exerce  ces  activit\u00e9s  selon le mode  suivant  : PRESTATAIRE\nSous  r\u00e9serve  d'tre  exerc\u00e9es  \u00e0  ttre exclusif par  le d\u00e9ciarant  (ou  sous  r\u00e9serve  d'une  comptabilit\u00e9\ns\u00e9par\u00e9e  pour  les personnes  morales  dispens\u00e9es de la condition  dactivt\u00e9  exclusive), ces  activites\nouvrent  drot  au  b\u00e9n\u00e9fice  des  dispositions des  articles L. 7233-2  du  code  du  traval et L. 241-10\ndu  code  de  la s\u00e9curit\u00e9  sociale,\n'Conform\u00e9ment  aux  dispositions de  l'article R7232-19  du  code  du  travai, l'organisme  d\u00e9clar\u00e9  doit\nproduire au moins chaque trimestre un \u00e9tat activit\u00e9 et chaque ann\u00e9e  un blan quanttatt et\n'qualita de l'activit\u00e9 exerc\u00e9e  au  tire de l'ann\u00e9e \u00e9coul\u00e9e  ainsi qu'un tableau statistique annuel.\nSi organisme  d\u00e9clar\u00e9  comporte  plusieurs  \u00e9tablissements,  les \u00e9tats statistiques et le bilan annuel\ndistinguent  l'activit\u00e9 exerc\u00e9e  par  chaque  \u00e9tablissement\nL'enregistrement  de la d\u00e9claration  pourra  \u00eatre retir\u00e9 a  l'organisme  d\u00e9clar\u00e9  cesse de remplir\nles  conditions  ou  de  respecter  les obligations  mentionn\u00e9es  aux  4\u00b0,5\u00b0 ot 6\u00b0 de  l'article\n'R723247  ou  qui  m\u00e9connait  les obligations  d\u00e9finies  \u00e0  article R7232-19 du  code  du  travail.\npeine de  retrait de  la G\u00e9caraton,  fae  Tobjet une  d\u00e9ciaration mocicatve  aupr\u00e9s  de FUnts\nd\u00e9partementale  des  Hauts-de-Seine.\nLepr\u00e9nantr\u00e9\u00e9pian  saa  pub  au  recul  des  acts  amines  de a  peter  de  Hate\nde-Seine.\nFait  \u00e0  Nanterre,  le 08  septembre  2025,\nPour  le Pr\u00e9fet\nPar  d\u00e9l\u00e9gation  et subd\u00e9l\u00e9gation\nLa  Responsable  du  service\nD\u00e9veloppement  de  l'emplo  et  des\ncomp\u00e9tences\neds\nMariama  CONDE\n\nEE  Direction r\u00e9gionale et interd\u00e9partementale\nMINIST\u00c8RE de l'\u00e9conomie, de l'emploi,\nDU  TRAVAIL,  DE  LA SANT\u00c9,  du travail et des solidarit\u00e9s\nDES  SOLIDARIT\u00c9S\nET  DES  FAMILLES\nEy\nR\u00e9c\u00e9piss\u00e9  n\u00b02025-437  de  d\u00e9claration  d'activit\u00e9s de services  \u00e0 la personne\n\"enregistr\u00e9e sous  le n\u00b0 SAP  985134162  au nom  de  la micro-entreprise  MARCHAND\nPierre  sise8 Rue  Henri  Bergson  \u00e0 Asni\u00e8res  sur  Seine  (92600)\nLE  PREFET  DES  HAUTS-DE-SEINE\nVu  la loi n\u00b0 2010-853  du 23  jullet 2010  relative aux r\u00e9seaux  consulaires, au commerce et \u00e0\nl'artisanat et aux  services  (article 31);\nVu  la loi n\u00b02018-1776  du  28  d\u00e9cembre  2015  relative \u00e0 l'adaptation de  la soci\u00e9t\u00e9 au\nveilissement\nVu  l'article D7231-1  du  Code du  travail\nVu  les d\u00e9crets n\u00b0 2011-1132 et n\u00b0 2011-1133  du 20 septembre 2011 modifiant certaines\ndispositions du Code  du  traval, relatives au ch\u00e8que  emplo-service  universel et aux\nservices \u00e0 a  personne ;\nVu  le d\u00e9cret n\u00b02016-780  du 6 jun  2016  relatif \u00e0 la iste des activit\u00e9s de  services \u00e0 la personne\nsoumises  \u00e0 agr\u00e9ment ou \u00e0 autorisation dans le cadre du r\u00e9gime  commun  dela d\u00e9claration\nVu  le d\u00e9cret du 31 octobre 2024  portant nomination de  Monsieur  Alexandre  BRUGERE,  en\nqualt\u00e9 de Pr\u00e9fet des Hauts-de-Seine ;\nVu  l'arr\u00eat\u00e9 interminist\u00e9riel du 12 ao\u00fbt 2025  nommant  Monsieur  Fabrice MASI,  Directeur\nr\u00e9gional tinterd\u00e9partementl de \u00e9conomie,  de l'emploi, du travailet des solidarit\u00e9s dle\nde-France  \u00e0 compter  du  25  ao\u00fbt  2025  ;\nVu  Farrbte pr\u00e9fectoral n'2026-33  du  22  ao\u00fbt 2025  par lequel le Pr\u00e9fet des  Hauts-de-Seine\nd\u00e9l\u00e8gue  sa signature \u00e0 Monsieur  Fabrice MASI, Directeur r\u00e9gional et interd\u00e9partemental\nde l'\u00e9conomie, de l'emploi, du travail et des solidarit\u00e9s d'\u00cele-de-France\nVu  la d\u00e9cision n\u00b0 2025-187  du  25  ao\u00fbt 2025  portant subd\u00e9l\u00e9gation de  signature de Monsieur\nFabrice MASI,  Directeur r\u00e9gional et nterd\u00e9partemental  de  l'\u00e9conomie, de l'emploi, du\ntravail et des solidarit\u00e9s d'le-de-France, aux  agents de  l'Unit\u00e9 d\u00e9partementale  des  Hauts-\nde-Seine\n\nVu  la d\u00e9claration  d'activit\u00e9s de  services  \u00e0 la personne  d\u00e9pos\u00e9es  aupr\u00e8s  de  Unite\nd\u00e9partementale  des  Hauts-de-Seine  de  la DRIEETS  le 03  ao\u00fbt  par  la Micro-entreprise\nMARCHAND  Pierre sise 8 Rue  Henri  Bergson  \u00e0 Asni\u00e8res sur  Seine  (92600):\nApr\u00e8s  examen  du  dossier, cette demande  \u00e9tant  conforme  aux  dispositions de  l'aricie L. 7232\n1 du code  du  travail, le pr\u00e9sent  r\u00e9c\u00e9piss\u00e9  de d\u00e9claration d'activit\u00e9s de services \u00e0 la personne\n\u00e9t\u00e9 enregistr\u00e9 au  nom  de  la Micro-entreprise  MARCHAND  Pierre sous  le num\u00e9ro  SAP  985134162,\nll prend  effet le 03 ao\u00fbt  2025.\nLes  activit\u00e9s d\u00e9clar\u00e9es  sont  les suivantes,  \u00e0 exclusion  de  toute  autre\n= Soutien  scolaire  ou  cours  \u00e0  domicile\nPrestations relevant du b\u00e9n\u00e9fice dela  r\u00e9duction d'imp\u00f4t pr\u00e9vue \u00e0 l'article 199 sexdecies  du Code\n'G\u00e9n\u00e9ral  des  Imp\u00f4ts.\nLa  structure exerce  ces  activit\u00e9s selon  le mode  suivant  : PRESTATAIRE\nSous  r\u00e9serve  d'tre  exerc\u00e9es  \u00e0 tre  exclus  par  le d\u00e9ciarant  (ou sous  r\u00e9serve  d'une  comptabilit\u00e9\ns\u00e9par\u00e9e  pour les personnes  morales dispens\u00e9es  de la condition activit\u00e9 exclusive), ces activit\u00e9s\n'ouvrent  droit au b\u00e9n\u00e9fice  des  dispositions des  articles L. 7233-2  du code  du travail et L. 241-10\ndu code  de  la s\u00e9curt\u00e9  sociale.\n(Conform\u00e9ment  aux dispositions de  article R7232-19  du code  du  travail, l'organisme d\u00e9clar\u00e9 dot\nproduire  au  moins  chaque  timestre  un  \u00e9tat d'activit\u00e9 et chaque  ann\u00e9e  un  bilan quanttatf  et\nquaitatf  de  l'activit\u00e9 exerc\u00e9e  au  tire de  l'ann\u00e9e  \u00e9coul\u00e9e  ainsi qu'un  tableau  statistique annul\nSi l'organisme  d\u00e9clar\u00e9  comporte  plusieurs  \u00e9tablissements,  les \u00e9tats statistiques at le ban  annuel\ndistinguent  Factvt\u00e9  exerc\u00e9e  par  chaque  \u00e9tablissement.\nL'enregistrement  de la d\u00e9claration  pourra  \u00eatre rotir\u00e9si l'organisme  d\u00e9clar\u00e9  cesse  de  remplir\nles conditions  ou  de  respecter  les  obligations  mentionn\u00e9es  aux  4\u00b0,5* et 6\u00b0 de  I\npeine  de  retrait de  Ta d\u00e9ctaration, fare  objet  dune  d\u00e9claration  modiicatwe  aupr\u00e9s  de  (Unte\nd\u00e9partementale des Hauts-de-Seine.\nLe pr\u00e9sent r\u00e9c\u00e9piss\u00e9 sera publi\u00e9 au recueil des actes administratfs de la pr\u00e9fecture des Hauts-\nde-Seine.\nFait  \u00e0  Nanterre,  le 08  septembre  2025,\nPour  le Pr\u00e9fet\nPar  d\u00e9l\u00e9gation  et  subd\u00e9l\u00e9gation\nLa  Responsable  du  sorvice\nD\u00e9veloppement  de  l'emploi  et des\n\n=n  Direction r\u00e9gionale et interd\u00e9partementale\nMINISTERE de l'\u00e9conomie, de l'emploi,\nDU TRAVAIL, DE LA SANT\u00c9, du travail et des solidarit\u00e9s\nDES  SOLIDARIT\u00c9S\nET  DES  FAMILLES\nLA\nR\u00e9c\u00e9piss\u00e9  n\u00b02025-438 de d\u00e9claration d'activit\u00e9s de services \u00e0 la personne\nenregistr\u00e9e sous le n\u00b0 SAP990590853  au nom  de la micro-entreprise MOUSSOUNI\n'Amin sise 90 Bis Rue de Varsovie \u00e0 Colombes  (92700)\nLE  PREFET  DES  HAUTS-DE-SEINE\nVu  la loi n\u00b0 2010-853 du 23 jullet 2010 relative aux r\u00e9seaux consulaires, au commerce  et \u00e0\nl'artisanat et aux  services (article 31)\n'Vu la loi n\u00b02015-1776 du 28 d\u00e9cembre 2015 relative \u00e0 l'adaptation de la soci\u00e9t\u00e9 au\nViellissement ;\nVu  l'article D7231-1  du Code  du travail\nVu  les d\u00e9crets n\u00b0 2011-1132 et n\u00b0 2011-1133  du 20 septembre 2011 modifiant certaines\ndispositions du Code  du traval, relatives au ch\u00e8que  emploi-service universel et aux\nservices \u00e0 la personne  ;\nVu le d\u00e9cret n\u00b02016-780 du 6 jin 2016 relatif la iste des activites de services \u00e0 la personne\nsoumises& agr\u00e9ment ou \u00e0 autorisation dans le cadre du r\u00e9gime commun  dela d\u00e9claration ;\nVu le d\u00e9cret du 31 octobre 2024 portant nomination de Monsieur Alexandre BRUGERE,  en\nqualit\u00e9 de Pr\u00e9fet des Hauts-de-Seine;\nVu  l'ar\u00f4t\u00e9 interminist\u00e9riel du 12 ao\u00fbt 2025 nommant  Monsieur Fabrice MASI, Directeur\n'gional et interd\u00e9partementalde l'\u00e9conomie, de l'emploi, du travailet des solidarit\u00e9s dlie-\n'de-France \u00e0 compter  du 25 ao\u00fbt 2025  ;\nVu l'arr\u00eat\u00e9 pr\u00e9fectoral n\u00b02026-33 du 22 ao\u00fbt 2025 par lequel le Pr\u00e9fet des Hauts-de-Seine\nd\u00e9l\u00e8gue sa signature \u00e0 Monsieur Fabrice MASI, Directeur r\u00e9gional et interd\u00e9partemental\n'de l'\u00e9conomie, de l'emploi, du travailet des solidarit\u00e9s dlle-de-France\nVu  la d\u00e9cision n\u00b0 2025-187 du 25 ao\u00fbt 2025 portant subd\u00e9l\u00e9gation de signature de Monsieur\nFabrice MASI, Directeur r\u00e9gional et interd\u00e9partemental de l'\u00e9conomie, de l'emploi. du\ntravail et des  solidarit\u00e9s d'le-de-France, aux agents de l'Unit\u00e9 d\u00e9partementale des Hauts-\nde-Seine  ;\n\nVu  la d\u00e9claration  d'activit\u00e9s  de  services  \u00e0  la personne  d\u00e9pos\u00e9es  aupr\u00e8s  de  l'Unit\u00e9\nd\u00e9partementale  des  Hauts-de-Seine  de  la DRIEETS  le 29  ao\u00fbt  par  la Micro-entreprise\nMOUSSOUNI  Amin  sise 90  Bis  Rue  de  Varsovie \u00e0  Colombes  (92700);\nApr\u00e8s  examen  du dossier, cette demande  \u00e9tant conforme  aux  dispositions de Farce  L. 7232-1\n1 du  code  du  travail, le pr\u00e9sent  r\u00e9c\u00e9piss\u00e9 de  d\u00e9claration  d'activit\u00e9s  de  services  \u00e0  la personne\n\u00e9t\u00e9  enregistr\u00e9  au  nom  de  a  Micro-entreprise  MOUSSOUNI  Amin  sous  le num\u00e9ro  SAP890590853.\nI prend  effet  le 29 ao\u00fbt  2025.\nLes  activit\u00e9s d\u00e9ciar\u00e9es  sont les  suivantes, \u00e0 l'exclusion de  toute  autre\nGarde  d'enfants  de  plus  de 3 ans  \u00e0 domicik\nSoutien  scolaire  ou  cours  \u00e0 domicile\n'Accompagnement  des enfants de  plus  de 3 a\nEntretien de la maison  et travaux  m\u00e9nagers\nLivraison  de  repas  \u00e0  domicile\nLivraison  de  courses  \u00e0  domicile  ;\ndans  leurs  d\u00e9placements  ;\nPrestations  relevant  du  b\u00e9n\u00e9fice  de  la r\u00e9duction  d'imp\u00f4t  pr\u00e9vue  \u00e0 l'article 199  sexdecies  du  Code\nG\u00e9n\u00e9ral  des  Imp\u00f4ts,\nLa  structure  exerce  ces  activit\u00e9s  selon  le mode  sulvant : PRESTATAIRE\nSous  r\u00e9serve  d'\u00eatre  exerc\u00e9es  \u00e0  ttre  exclus  par  le d\u00e9clarant  (ou  sous  r\u00e9serve  d'une  comptabit\u00e9\ns\u00e9par\u00e9e  pour  les personnes  morales dispens\u00e9es de la condition dactivi\u00e9  exclusive), ces  activit\u00e9s\nouvrent  droit au  b\u00e9n\u00e9fice des  dispositions des  articles L. 7233-2  du  code  du  traval et L  241-10\ndu  code  dela  s\u00e9curit\u00e9  sociale,\nConform\u00e9ment  aux  dispositions de  article R7232-19  du  code  du  travail, l'organisme  d\u00e9clar\u00e9  doit\nproduire au moins chaque trimestre un \u00e9tat d'acthit\u00e9 et chaque  ann\u00e9e  un bilan quanttatt et\n'quaitatf de  l'activit\u00e9 exerc\u00e9e  au  tire de  l'ann\u00e9e  \u00e9coul\u00e9e  ainsi qu'un  tableau  statistique annuel\nSi organisme  d\u00e9clar\u00e9  comporte  plusieurs  \u00e9tablissements,  les \u00e9tats statistiques et le bilan annuel\ndistinguent  l'actiit\u00e9 exerc\u00e9e  par  chaque  \u00e9tablissement.\nL'enregistrement  de la d\u00e9claration  pourra  \u00eatre retir\u00e9 si l'organisme  d\u00e9clar\u00e9  cesse de remplir\nles conditions  ou  de  respecter  les obligations  mentionn\u00e9es  aux  4\u00b0,5\u00b0 at 6\u00b0 de  l'article\nR7232417  ou  qui  m\u00e9connait  les obligations  d\u00e9finies \u00e0  article R7232-19 du code du travail,\npeine de retrat de la G\u00e9caraton, fave Tobjet Sune  d\u00e9caraton  mocicatve  aupr\u00e9s de F\u00dcnt\u00e9\nd\u00e9partementale  des  Hauts-de-Seine.\nLe  pr\u00e9sent  r\u00e9c\u00e9piss\u00e9  sera  publ\u00e9  au  recueil des  actes  administratifs de\nde-Seine.\npr\u00e9fecture des Hauts-\nFait  \u00e0  Nanterre,  le 08  septembre  2025,\nPour  le  Pr\u00e9et\nPar  d\u00e9l\u00e9gation  et subd\u00e9l\u00e9gation\nLa  Responsable  du  service\nD\u00e9veloppement  de  l'emploi  et des\ncomp\u00e9tences\nMariama  CONDE\n\nEx  Direction r\u00e9gionale et interd\u00e9partementale\nMINIST\u00c8RE 'de l'\u00e9conomie, de l'emploi,\nDU  TRAVAIL,  DE  LA  SANT\u00c9,  du travail et des solidarit\u00e9s\nDES  SOLIDARIT\u00c9S\nET  DES  FAMILLES\npo]\nR\u00e9c\u00e9piss\u00e9  n*2025-439  de  d\u00e9claration d'activit\u00e9s de  services \u00e0 la personne\nenregistr\u00e9e  sous  le n\u00b0 SAP931925788  au  nom  de  la micro-entreprise  AIT\nOUMEZIANE  Tassadit  sise  35  Rue  des  Cailloux \u00e0 Clichy  (92110)\nLE  PREFET  DES  HAUTS-DE-SEINE\n'Vu la loi n\u00b0 2010-853 du  23 jullet 2010  relative aux  r\u00e9seaux  consulaires, au commerce  et \u00e0\nl'artisanat ot aux  services (article 31)\nVu  la lo n'2015-1776  du 28 d\u00e9cembre  2015  relative \u00e0 l'adaptation de  la soci\u00e9t\u00e9 au\nviilissement\nVu  l'aricle 07231-1  du  Code  du  travail\nVu  les d\u00e9crets n\u00b0 2011-1132  et n\u00b0 2011-1133 du 20 septembre 2011 modifiant certaines\ndispostions du  Code  du travail, relatives au ch\u00e8que  emplo-service  universel et aux\nservices  \u00e0 la personne ;\nVu  le d\u00e9cret n\u00b02016:750  du  6 juin 2016  relat \u00e0 la iste des  activites de services \u00e0 Ia personne\nsoumises  \u00e0 agr\u00e9ment  ou \u00e0 autorisationdans le cadre du r\u00e9gime commun  de a  d\u00e9claration\nVu  le d\u00e9cret du 31 octobre 2024  portant nomination de  Monsieur  Alexandre  BRUGERE,  en\n'qualit\u00e9 de Pr\u00e9fet des Hauts-de-Seine\nVu  l'\u00e9t\u00e9  interminist\u00e9riel du  12 ao\u00fbt 2025  nommant  Monsieur  Fabrice MASI, Directeur\nr\u00e9gionalet interd\u00e9partemental de l'\u00e9conomie, de l'emplo, du  travailet des soldartes dll\nde-France  \u00e0 compter  du  25  ao\u00fbt  2025 ;\nVu  l'arr\u00eat\u00e9 pr\u00e9fectoral n\u00b02026-33  du  22 ao\u00fbt 2028  par lequel le Pr\u00e9fet des  Hauts-de-Seine\nd\u00e9l\u00e8gue  sa signature  \u00e0 Monsieur  Fabrice  MASI,  Directeur  r\u00e9gional et interd\u00e9partemental\nde \u00e9conomie, de l'emploi, du travail et des solidarit\u00e9s d'l-de-France;\nVu  la d\u00e9cision n\u00b0 2025-187  du 25 ao\u00fbt 2025  portant subd\u00e9l\u00e9gation de signature de  Monsieur\nFabrice MASI, Directeur r\u00e9gional et interd\u00e9partemental de l'\u00e9conomie, de  l'emploi du\ntravail et des  soldari\u00e9s d'le-de-France, aux  agents  de l'Unit\u00e9 d\u00e9partementale  des  Hauts-\nde-Seine ;\n\nVu  la d\u00e9claration  c'actvit\u00e9s  de  services  \u00e0 la personne  d\u00e9pos\u00e9es  aupr\u00e8s  de  l'Unit\u00e9\nd\u00e9partementale des  Hauts-de-Seine  de  la DRIEETS  le 28  ao\u00fbt  par  la Micro-entreprise AIT\nOUMEZIANE  Tassadt  sise  35  Rue  des  Cailloux  \u00e0  Clichy  (92110);\nApr\u00e8s  examen  du  dossier, cette demande  \u00e9tant conforme  aux  dispositions de  Farce  L. 7232\n1 du  code  du  travail, le pr\u00e9sent  r\u00e9c\u00e9piss\u00e9  de  d\u00e9claration  d'actvit\u00e9s  de services  \u00e0  la personne  a\nenregistr\u00e9  au  nom  de  la Micro-entreprise  AIT  OUMEZIANE  Tassadit  sous  le num\u00e9ro\nSAP931025788.\n1 prend  effet le 28 ao\u00fbt 2025.\nLes  actvit\u00e9s  d\u00e9clar\u00e9es sont les  suivantes, \u00e0 l'exclusion de  toute autre\nGarde  d'enfants  de  plus  de  3 ans  \u00e0 domicile  ;\nSoutien  scolaire  ou  cours  \u00e0 domicile  ;\nEntretien  de  la maison  et travaux  m\u00e9nagers\nCollecte  et  livraison  \u00e0  domicile  de  linge  repass\u00e9\nLivraison  de  courses  \u00e0 domicile;\nPrestations  relevant  du  b\u00e9n\u00e9fice  de  la r\u00e9duction  d'imp\u00f4t  pr\u00e9vue  \u00e0 l'article 199  sexdecies  du  Code\nG\u00e9n\u00e9ral  des  Imp\u00f4ts.\nLa  structure  exerce  ces  activit\u00e9s  selon  le mode  suivant :  PRESTATAIRE\nSous  r\u00e9serve  d'\u00eatre exerc\u00e9es  \u00e0  ttre exclus  par  le d\u00e9clarant  (ou  sous  r\u00e9serve  d'une  comptabilit\u00e9\ns\u00e9par\u00e9e  pour  les personnes  morales dispens\u00e9es de la condition  d'actvit\u00e9 exclusive), ces  activit\u00e9s\n'ouvrent drot  au  b\u00e9n\u00e9fice  des  dispositions  des  articles L. 7233-2  du  code  du  traval et L 241-10\ndu  code  de  la s\u00e9curit\u00e9 sociale,\n{Conform\u00e9ment  aux  dispositions de  l'article R7232-19  du  code  du  traval,forganisme  d\u00e9clar\u00e9  doit\nproduire au  moins  chaque  trimestre un \u00e9tat dactivte et chaque  ann\u00e9e  un  bilan quantiati et\nqualtatf de  l'activit\u00e9 exerc\u00e9e au  tire de  l'ann\u00e9e \u00e9coul\u00e9e  ainsi qu'un tableau statistique annuel.\nSi organisme  d\u00e9clar\u00e9  comporte  plusieurs  \u00e9tablissements,  les \u00e9tats statistiques et le bilan annuel\ndistinguent  l'actit\u00e9  exerc\u00e9e  par  chaque  \u00e9tablissement.\nL'enregistrement  de  la d\u00e9claration  pourra  \u00eatre retir\u00e9 si l'organisme  d\u00e9clar\u00e9  cesse  de  remplir\nles conditions  ou  de  respecter  les obligations  mentionn\u00e9es  aux  4',5\u00b0 et 6\u00b0 de  l'article\nR7232-17  ou  qui  m\u00e9conna\u00eet  les obligations  d\u00e9finies  \u00e0  article  R7232-19  du  code  du  travail.\npeine de retrait de la d\u00e9claration, fare l'objet dune d\u00e9claration modiicatve aupr\u00e9s de TUnt\u00e9\nd\u00e9partementale  des  Hauts-de-Seine\nLe  pr\u00e9sent  r\u00e9c\u00e9piss\u00e9  sera  publi\u00e9 au  recueil des  actes  administratfs  de  Ia pr\u00e9fecture  des  Hauts-\nde-Seine.\nFait \u00e0 Nanterre, le 08 septembre  2025,\nPour  le Pr\u00e9fet\nPar d\u00e9l\u00e9gation  ot subd\u00e9l\u00e9gation\nLa  Responsable  du  sorvico\nD\u00e9veloppement  de  l'emploi  et des\ncomp\u00e9tences\nMariama  CONDE\n\n=a  Direction r\u00e9gionale et interd\u00e9partementale\nMINIST\u00c8RE de l'\u00e9conomie,de l'emploi,\nDU  TRAVAIL, DE LA SANT\u00c9, du travail et des solidarit\u00e9s.\nDES  SOLIDARIT\u00c9S\nET  DES  FAMILLES\nsm\nR\u00e9c\u00e9piss\u00e9  n\u00b02025-440  de  d\u00e9claration  d'activit\u00e9s de  services  \u00e0 la personne\nenregistr\u00e9e  sous  le n\u00b0 SAP  990578437  au  nom  de  la micro-entreprise  MARIE\nAntonin  sise  41 Rue  du  Mar\u00e9chal  Joffre  \u00e0 Colombes  (92700)\nLE  PREFET  DES  HAUTS-DE-SEINE\nVu  la loi n\u00b0 2010-853  du 23  jullet 2010  relative aux r\u00e9seaux  consulaires, au commerce et \u00e0\nl'artisanatet aux  services (article 31);\nVu  la loi n\u00b02015-1778  du  28  d\u00e9cembre  2015  relative \u00e0 l'adaptation de Ia soci\u00e9t\u00e9 au\nvellissement\nVu  article 07231-1  du Code  du travail\nVu  les d\u00e9crets n\u00b0 2011-1132  et n\u00b0 2011-1133  du 20 septembre  2011  modifiant certaines.\ndispositions du Code  du  traval, relatives au ch\u00e8que  empoi-service  universel et aux\nservices \u00e0 la  personne  ;\nVu  le d\u00e9cret n\u00b02016.750  du 6 juin 2016 relatif \u00e0 la listo des activit\u00e9s de services \u00e0 Ia personne\nsoumises  \u00e0 agr\u00e9ment ou \u00e0 autorisationdans le cadre du r\u00e9gime commun de la d\u00e9claration;\nVu  le d\u00e9cret du 31 octobre 2024 portant nomination de Monsieur Alexandre BRUGERE,  en\nqualit\u00e9 de Pr\u00e9fet des Hauts-de-Seine ;\nVu  l'arr\u00e9t\u00e9 interminist\u00e9riel du 12 ao\u00fbt 2025  nommant  Monsieur  Fabrice MASI,  Directeur\nr\u00e9gional  et imterd\u00e9partemental de l'\u00e9conomie,  de l'emploi, du  travailet des  solidarit\u00e9s dle\ne-France \u00e0 compter  du  25  ao\u00fbt  2025\nVu  l'arr\u00eat\u00e9 pr\u00e9fectoral n\u00b02025-33 du 22 ao\u00fbt 2025 par lequel le Pr\u00e9fet des Hauts-de-Seine\nd\u00e9l\u00e8gue  sa signature \u00e0 Monsieur  Fabrice MASI,  Directeur r\u00e9gional et interd\u00e9partemental\nde l'\u00e9conomie, de l'emploi, du travail et des solidarit\u00e9s d'\u00cele-de-France\n'Vu la d\u00e9cision n\u00b0 2025-157  du  25  ao\u00fbt 2025  portant subd\u00e9l\u00e9gation de  signature de Monsieur\nFabrice MASI, Directeur r\u00e9gional et interd\u00e9partemental de  l'\u00e9conomie, de l'emploi, du\ntravail et des  solidarit\u00e9s d'le-de-France, aux  agents de  l'Unit\u00e9 d\u00e9partementale  des Hauts-\nde-Seine  ;\n\nVu  la d\u00e9claration  dlactivit\u00e9s de  services  \u00e0  la personne  d\u00e9pos\u00e9es  aupr\u00e8s  de  Unit\u00e9\nd\u00e9partementale  des Hauts-de-Seine  de  la DRIEETS  le 26  ao\u00fbt  par  la Micro-entreprise\nMARIE  Antonin  sise 41 Rue  du  Mar\u00e9chal  Joffre \u00e0  Colombes  (82700);\n'Apr\u00e8s examen  du  dossier, cette demande  \u00e9tant  conforme  aux  dispositions de  l'article L. 7232-\n1 du  code  du  travail, le pr\u00e9sent  r\u00e9c\u00e9piss\u00e9  de  d\u00e9claration  d activit\u00e9s de services  \u00e0 la personne  a\n\u00e9t\u00e9  enregistr\u00e9  au  nom  de  la Micro-entreprise  MARIE  Antonin  sous  le num\u00e9ro  SAP980578437.\n1 prend  effet le 26  ao\u00fbt  2026.\nLes  activit\u00e9s  d\u00e9clar\u00e9es  sont  les  suivantes,  \u00e0  l'exclusion de toute  autre\n= Soutien  scolaire  ou  cours  \u00e0  domicile  ;\nPrestations  relevant  du b\u00e9n\u00e9fice de la r\u00e9duction  d'imp\u00f4t  pr\u00e9vue \u00e0 l'aricie 199  sexdecies du Code\nG\u00e9n\u00e9ral  des  Impots.\nLa  structure  exerce  ces  activit\u00e9s  selon  le mode  suivant: PRESTATAIRE\nSous r\u00e9serve  d'\u00eatre exerc\u00e9es  \u00e0  titre exclusif pa  le d\u00e9ciarant  (ou sous  r\u00e9serve  d'une  comptabilit\u00e9\ns\u00e9par\u00e9e pour les personnes morales dispens\u00e9es de la condition dactvt\u00e9 exclusive), ces activit\u00e9s\nouvrent  drot au  b\u00e9n\u00e9fice  des  dispositions des articles L. 7233-2  du  code  du  traval et L 261-10\ndu  code  de  la s\u00e9curit\u00e9 sociale,\n'Conform\u00e9ment  aux  dispositions de  l'article R7232-18  du  code  du  travail l'organisme  d\u00e9clar\u00e9  doit\nproduire au moins chaque trimestre un \u00e9tat d'actit\u00e9 et chaque ann\u00e9e  un bilan quanttatt et\nqualkatf de l'activit\u00e9 exerc\u00e9e au tire de l'ann\u00e9e \u00e9coul\u00e9e ainsi qu'un tableau statistique annuel.\nSi  'organisme  d\u00e9clar\u00e9 comporte  plusieurs  \u00e9tablissements,  les  \u00e9tats  statistiques et le bilan  annuel\ndistinguent l'activit\u00e9 exerc\u00e9e par chaque  \u00e9tablissement\nL'enregistrement  de  la d\u00e9claration  pourra \u00eatre retir\u00e9 si l'organisme d\u00e9clar\u00e9  cesse  de remplir\nles conditions  ou  de  respecter  les obligations  mentionn\u00e9es  aux  4',5\u00b0 et 6\u00b0 de  l'article\nR7232-17 ou  qui  m\u00e9connait les obligations  d\u00e9finies \u00e0  article  R7232-\npeine de  retrat dela d\u00e9claration, fare Tobjet dune declaration modticave  aupr\u00e9s  dk\n'd\u00e9partementale  des  Hauts-de-Seine.\nLe  pr\u00e9sent  r\u00e9c\u00e9piss\u00e9  sera  publi\u00e9 au  recueil des  actes  administratfs  de  la pr\u00e9fecture des  Hauts-\nde-Seine.\nFait  \u00e0  Nanterre,  le 08  septembre  2025,\nPour  lo Pr\u00e9fet\nPar  d\u00e9l\u00e9gation  ot subd\u00e9l\u00e9gation\nLa  Responsable  du  service\nD\u00e9veloppement  de  l'emploi  et des\ncomp\u00e9tences\nMariama  CONDE\n\n| 2 Direction r\u00e9gionale et interd\u00e9partementale\nMINISTERE  de l'\u00e9conomie, de l'emploi,\nDU  TRAVAIL,  DE LA SANTE,  du travailet des solidarit\u00e9s.\nDES  SOLIDARITES\nET  DES  FAMILLES\n=e)\nR\u00e9c\u00e9piss\u00e9  n\u00b02025-441  de  d\u00e9claration  d'activit\u00e9s de  services  \u00e0 la personne\nenregistr\u00e9e  sous  le n\u00b0 SAP  989194618  au  nom  de  la micro-entreprise  FERREIRA\nMaria  sise  9 Rue  des  Pierrelais \u00e0 Ch\u00e2tillon  (92320)\nLE  PREFET  DES  HAUTS-DE-SEINE\nVu  la loi n\u00b0 2010-853  du 23  jullet 2010  relative aux r\u00e9seaux  consulaires, au commerce  et \u00e0\nl'artisanat et aux  services  (article 31)\nVu  la loi n\u00b02018-1778  du  28 d\u00e9cembre  2015  relative \u00e0 l'adaptation de  la soci\u00e9t\u00e9 au\nviellissoment ;\nVu  l'aricie 07231-1  du Code  du travail;\nVu  les d\u00e9crets  n\u00b0 2011-1132  et n\u00b0 2011-1133  du  20  septembre  2011  modifiant  certaines\ndisposiions du Code  du travail, relatives au ch\u00e8que  emplo-service  universel et aux\nservices  \u00e0 la personne\nVu  le d\u00e9cret n\u00b02018750 du 8 juin 2016  relatif \u00e0 la liste des  activites de services \u00e0 Ia personne\nsoumises  \u00e0 agr\u00e9ment  ou  \u00e0 autorisation dans  le cadre  du  r\u00e9gime  commun  de a  d\u00e9claration\nVu  le d\u00e9cret du 31 octobre 2024  portant nomination de  Monsieur  Alexandre  BRUGERE,  en\nquait\u00e9 de Pr\u00e9fet des Hauts-de-Seine;\nVu  l'ar\u00e9t\u00e9 interminist\u00e9riel du  12 ao\u00fbt 2025  nommant  Monsieur  Fabrice MASI,  Directeur\nr\u00e9gional  tinterd\u00e9partemental  de  l'\u00e9conomie,  de  l'emplo,  du  travail et des  solidart\u00e9s  dll\nde-France  \u00e0 compter  du  2 ao\u00fbt 2025\nVu  l'arr\u00eat\u00e9 pr\u00e9fectoral n\u00b02025-33  du  22 ao\u00fbt 2025  par lequel le Pr\u00e9fet des  Hauts-de-Seine\nd\u00e9l\u00e8gue  sa signature  \u00e0  Monsieur  Fabrice  MASI,  Directeur  r\u00e9gional et interd\u00e9partemental\nde  l'\u00e9conomie, de l'emploi, du travail et des  soiiait\u00e9s  d'\u00cele-de-France ;\nVu  la d\u00e9cision  n\u00b0 2025-157  du  25  ao\u00fbt  2025  portant  subd\u00e9l\u00e9gation  de  signature  de  Monsieur\nFabrice  MASI,  Directeur  r\u00e9gional  et interd\u00e9partemental  de  l'\u00e9conomie, de  l'emploi, du\ntravail et des  solidarit\u00e9s dlle-de-France,  aux  agents  de  l'Unit\u00e9 d\u00e9partementale  des  Hauts-\nde-Seine  ;\n\nVu  la d\u00e9claration  d'actit\u00e9s  de  services  \u00e0  la personne  d\u00e9pos\u00e9es  aupr\u00e8s  de  l'Unit\u00e9\nd\u00e9partementale  des  Hauts-de-Seine  de  la DRIEETS  le 26  ao\u00fbt  par  la Micro-entreprise\nFERREIRA  Maria  sise 9 Rue  des  Pierrelais \u00e0 Chatillon (82320)  ;\n'Apres examen  du dossier, cette demande  \u00e9tant conforme aux dispositions de Fartcle L. 7232-\n1 du  code  du travail, le pr\u00e9sent  r\u00e9c\u00e9piss\u00e9  de  d\u00e9claration  d'activit\u00e9s  de services  \u00e0 la personne a\n\u00e9t\u00e9  enregistr\u00e9  au  nom  de  la Micro-entreprise  FERREIRA  Mara  sous  le num\u00e9ro  SAPO69  154618.\nII  prend  effet  le  28 ao\u00fbt  2025.\nLes  activit\u00e9s  d\u00e9clar\u00e9es  sont  les  suivantes,  \u00e0  l'exclusion  de  toute  autre\n+ Garde  d'enfants  de  plus  de  3 ans  \u00e0 domicile  ;\n- Accompagnement  des  enfants  de  plus  de  3  ans  dans  leurs  d\u00e9placements  ;\nPrestations  relevant du  b\u00e9n\u00e9fice  dela  r\u00e9duction  d'imp\u00f4t  pr\u00e9vue  \u00e0  Taticle 199  sexdecies  du  Code\nG\u00e9n\u00e9ral  des  Impbts.\nLa  structure  exerce  ces  activit\u00e9s  solon  le mode  suivant : PRESTATAIRE\nSous  r\u00e9serve  d'\u00eatre  exerc\u00e9es  \u00e0  tre  exclus  par  le d\u00e9clarant  (ou  sous  r\u00e9serve  d'une  comptabilit\u00e9\ns\u00e9par\u00e9e pour les personnes morales dispens\u00e9es  dela condition d'activit\u00e9 exclusive). cos activit\u00e9s\n'ouvrent droit au  b\u00e9n\u00e9fice  des  dispostions  des  articles L. 7233-2  du  code  du  travail et L. 241-10\n'du code  de  la s\u00e9curt\u00e9  sociale.\n(Conform\u00e9ment  aux  dispositions  de  l'article R7232-19  du  code  du  travail, l'organisme  d\u00e9clar\u00e9  dot\nproduire au moins chaque  timestre un \u00e9tat d'activit\u00e9 et chaque  ann\u00e9e  un bilan quanttatf et\nquaitatf de  Factivie exerc\u00e9e  au  ire  de l'ann\u00e9e \u00e9coul\u00e9e  ainsi qu'un tableau statistique annuel.\nSi organisme  d\u00e9clar\u00e9  comporte  plusieurs  \u00e9tablissements,  les \u00e9tats statistiques et le bilan annuel\ndistinguent  l'activit\u00e9 exerc\u00e9e  par  chaque  \u00e9tablissement\nL'enregistrement de la d\u00e9claration  pourra  \u00eatre retir\u00e9 sil'organisme  d\u00e9clar\u00e9  cesse de remplir\nles conditions  ou  de  respecter  les obligations  mentionn\u00e9es  aux  4\u00b0,5\u00b0  ot 6\u00b0 de  l'article\n7232.17  ou  qui  m\u00e9connait  les  obligations  d\u00e9finies  \u00e0  article  R7232-19  du  code  du  travail.\n'Toute  modification concernant la structure d\u00e9clar\u00e9e ou les activit\u00e9s exerc\u00e9es devra, sous\npeine de  retrait de  la d\u00e9claration, faire l'objet d'une d\u00e9claration modificative aupr\u00e9s  de FUnite\nd\u00e9partementale  des  Hauts-de-Seine.\nLe  pr\u00e9sent  r\u00e9c\u00e9piss\u00e9  sera  publ\u00e9  au  recueil des  actes  administratifs de  la pr\u00e9fecture  des  Hauts-\nde-Seine,\nFait \u00e0  Nanterre, le 08  septembre  2025,\npour  Pr\u00e9tt\nPar  d\u00e9l\u00e9gation  et subd\u00e9l\u00e9gation\nLS  Responsable  du  service\nD\u00e9veloppement  de  ample  des\ncomp\u00e9tences\n\\@  d\u00e9\nMariama  COND\u00c9\n\nEE  Direction r\u00e9gionale et interd\u00e9partementale\nMINISTERE de l'\u00e9conomie, de l'emploi,\nDU  TRAVAIL,  DE  LA SANT\u00c9,  du travail et des solidarit\u00e9s\nDES  SOLIDARIT\u00c9S\nET  DES  FAMILLES\niene\nR\u00e9c\u00e9piss\u00e9  n\u00b02025-442  de  d\u00e9claration  d'activit\u00e9s  de  services  \u00e0 la personne\nenregistr\u00e9e  sous  le n\u00b0 SAP939777520  au nom  de  la micro-entreprise  ARTUR.\n'Oscar  sise  1 Bis  Rue  Claude  Liard  \u00e0 Garches  (92380)\nLE  PREFET  DES  HAUTS-DE-SEINE\n'Vu la loi n\u00b0 2010-868  du 23  juil  2010  relative aux r\u00e9seaux  consulaires, au commerce et \u00e0\nl'arisanat et aux  services  (article 31);\nVu  la loi n\u00b02018-1778 du 28 d\u00e9cembre  2015 relative \u00e0 l'adaptation de la soci\u00e9t\u00e9 au\nviellissement ;\nVu  l'aricie D7231-1  du  Code  du  travail:\nVu  les d\u00e9crots n\u00b0 2011-1132 et n\u00b0 2011-1133  du 20 septembre 2011 modifiant certaines\ndispositions du Code  du traval, relatives au ch\u00e8que  emploi-service universel et aux\nservices \u00e0 la personne  ;\nVu  le d\u00e9cretn*2016-750  du 6 jun 2016 relat \u00e0 la liste des activit\u00e9s de services \u00e0 la personne\nsoumises  \u00e0 agr\u00e9ment ou \u00e0 autorisation dans  le cadre du r\u00e9gime  commun  dela d\u00e9claration\n'Vu le d\u00e9cret du 31 octobre 2024  portant nomination  de Monsieur  Alexandre BRUGERE,  en\nqualt\u00e9 de Pr\u00e9fet des  Hauts-de-Seine\nVu  l'arr\u00eat\u00e9 interminist\u00e9riel du 12 ao\u00fbt 2025  nommant  Monsieur Fabrice MASI, Directeur\nr\u00e9gionalet interd\u00e9partemental de l'\u00e9conomie, de  l'emploi, du travailet des solidarit\u00e9s de\nde-France  \u00e0 compter  du  25  ao\u00fbt  2025\nVu  l'arr\u00eat\u00e9 pr\u00e9fectoral n\u00b02025-33  du 22 ao\u00fbt 2025  par lequel le Pr\u00e9fet des  Hauts-de-Seine\n'd\u00e9l\u00e8gue sa signature \u00e0 Monsieur  Fabrice MASI,  Directeur r\u00e9gional et interd\u00e9partemental\nde \u00e9conomie, de l'emploi, du travailet des solidarit\u00e9s dile-de-France ;\nVu  la d\u00e9cision n\u00b0 2025-157  du  25 ao\u00fbt 2025  portant subd\u00e9l\u00e9gation de signature de Monsieur\nFabrice MASI,  Directeur r\u00e9gional et interd\u00e9partemental de  l'\u00e9conomie, de l'emploi, du\ntravail et des  soldart\u00e9s  dle-de-France,  aux agents de  Unit\u00e9  d\u00e9partementale  des Hauts-\nde-Seine\n\nVu  la d\u00e9ciaraton  c'actvit\u00e9s  de  services  \u00e0  la personne  d\u00e9pos\u00e9es  aupr\u00e8s  de  Unit\u00e9\nd\u00e9partementale  des  Hauts-de-Seine  de  la DRIEETS  le 25  ao\u00fbt  par  la Micro-entreprise\nARTUR  Oscar  sise 1 Bis Rue  Claude  Liard \u00e0 Garches  (82380) ;\n'Apr\u00e8s examen  du dossier, cette demande  \u00e9tant conforme  aux  dispositions de  l'article L. 7232-\n1 du  code  du  travail, le pr\u00e9sent  r\u00e9c\u00e9piss\u00e9  de  d\u00e9claration  d'activit\u00e9s de  services  \u00e0 a  personne \u00e0\n\u00e9t\u00e9  enregisir\u00e9  au  nom  de  la Micro-entreprise  ARTUR  Oscar  sous  le num\u00e9ro  SAP  839777520.\nI prend  effet le 25 ao\u00fbt  2025.\nLes  activit\u00e9s d\u00e9clar\u00e9es  sont  les  suivantes,  \u00e0 l'exclusion de toute  autre\n~ Soutien  scolaire  ou  cours \u00e0 domicile;\nPrestations  relevant du  b\u00e9n\u00e9fice  de  a  r\u00e9duction  d'imp\u00f4t  pr\u00e9vue  \u00e0 'ricie  199  sexdecies  du  Code\nG\u00e9n\u00e9ral  des  Imp\u00f4ts.\nLa  structure  exerce  cos  activit\u00e9s  selon  le mode  suivant  : PRESTATAIRE\nSous  r\u00e9serve  d'\u00eatre exerc\u00e9es  \u00e0 ttre exclusi  par  le d\u00e9clarant  (ou  sous  r\u00e9serve  d'une  comptabilit\u00e9\ns\u00e9par\u00e9e  pour  les personnes  morales  dispens\u00e9es  de  la condition  d activit\u00e9 exclusive), ces  activites\nouvrent  droit au  b\u00e9n\u00e9fice  des  dispositions  des  articles  L. 7233-2  du  code  du  traval  et  L. 241-10\ndu  code  de  la s\u00e9curit\u00e9 sociale\n{Conform\u00e9ment  aux  dispositions de  l'article R7232-19  du  code  du  travail organisme  d\u00e9clar\u00e9  dot\nproduire au moins chaque  trimestre un \u00e9tat d'activit\u00e9 et chaque  ann\u00e9e  un bilan quanttatf et\nquaitatfde l'activit\u00e9 exerc\u00e9e au tire de l'ann\u00e9e \u00e9coul\u00e9e ainsi qu'un tableau statistique annuel.\nSi l'organisme  d\u00e9clar\u00e9  comport  plusieurs  \u00e9tablissements,  los \u00e9tats statistiques et le bilan annuei\ndistinguent  l'activit\u00e9 exerc\u00e9e  par chaque  \u00e9tablissement\nL'enregistrement de la d\u00e9claration  pourra  \u00eatre tir\u00e9 si l'organisme d\u00e9clar\u00e9  cosse  de remplir\nles conditions  ou  de  respecter  les obligations  mentionn\u00e9es  aux  4\u00b0,5  at 6\u00b0 de  l'article\nR7232-17  ou  qui  m\u00e9connait  les  obligations  d\u00e9finies  \u00e0 article  R7232-19  du  code  du  travail,\n'Toute modification concernant la structure d\u00e9clar\u00e9e ou les activit\u00e9s exerc\u00e9es devra, sous\npeine  de  retrat de  la d\u00e9claration, faire l'objet d'une  d\u00e9ciaration  modificative aupr\u00e8s  de  l'Unit\u00e9\nd\u00e9partementaie  des  Hauts-de-Seine.\nLe  pr\u00e9sent  r\u00e9c\u00e9piss\u00e9  sera publi\u00e9 au recueil des  actes  administratifs de la pr\u00e9fecture  des  Hauts-\nde-Seine.\nFait  \u00e0 Nanterre, le 08 septembre 2025.\nPour  le Pr\u00e9fet\nPar d\u00e9l\u00e9gation  et subd\u00e9l\u00e9gation\nLa  Responsable  du  service\nD\u00e9veloppement  de  l'emploi  et des\n'comp\u00e9ten\u00ab\nJ&  de\nMariama  CONDE\n\nEs  Direction r\u00e9gionale  et interd\u00e9partementale\nMINIST\u00c8RE de l'\u00e9conomie, de l'emploi,\nDU  TRAVAIL,  DE  LA  SANT\u00c9,  du travail et des solidarit\u00e9s\nDES  SOLIDARIT\u00c9S\nET  DES  FAMILLES\nLA\nR\u00e9c\u00e9piss\u00e9  n\u00b02025-443  de  d\u00e9claration d'activit\u00e9s de  services  \u00e0 la personne\n'enregistr\u00e9e  sous  le n\u00b0 SAP934029190  au  nom  de  la micro-entreprise  BLANC\nCl\u00e9mentine sise 7 Rue  Th\u00e9ophile  Gautier  \u00e0 Montrouge  (92120)  ;\nLE  PREFET  DES  HAUTS-DE-SEINE\n'Vu la loi n\u00b0 2010-863  du 23 jullet 2010  relative aux r\u00e9seaux  consulaires, au commerce  et \u00e0\nl'artisanatet aux  services (article 31)\n'Vu la loi n\u00b02015-1776  du  28 d\u00e9cembre  2015  relative \u00e0 l'adaptation de  la soci\u00e9t\u00e9 au\nviellissement;\n'Vu l'article 07231-1  du Code  du travail;\nVu  les d\u00e9crets n\u00b0 2011-1132  et n\u00b0 2011-1133  du  20 septembre  2011  modifiant certaines\ndispositions du  Code  du  traval, relatives au  ch\u00e8que  emploi-service  universel  et aux\nservices \u00e0 la personne ;\n'Vu le d\u00e9cret n\u00b02016750  du 6jun  2016  relatif\u00e0 la liste des  activites de services \u00e0 la personne\nou  \u00e0 autorisation dans le cadre  du  r\u00e9gime  commun  dela  d\u00e9ciaration  ;\nVu  le d\u00e9cret du 31 octobre 2024 portant nomination de Monsieur Alexandre BRUGERE,\n'qualit\u00e9 de  Pr\u00e9fet des Hauts-de-Seine  ;\nVu  l'ar\u00e9t\u00e9 imerminst\u00e9rel  du 12 ao\u00fbt 2025  nommant  Monsieur  Fabrice MASI,  Directeur\nr\u00e9gional et iterd\u00e9partemental  de \u00e9conomie,  de l'emploi. du  travail et des  solidarit\u00e9s d'le-\n'de-France  \u00e0 compter  du  25  ao\u00fbt  2025\nVu  l'arr\u00eat\u00e9 pr\u00e9fectoral n\u00b02025-33  du 22 ao\u00fbt 2025  par lequel le Pr\u00e9fet des Hauts-de-Seine\n'd\u00e9l\u00e8gue sa signature \u00e0 Monsieur  Fabrice MASI, Directeur r\u00e9gional et interd\u00e9partemental\n'de l'\u00e9conomie, de l'emploi, du traval et des soldart\u00e9s d'\u00cele-de-France ;\n'Vu la d\u00e9cision n\u00b0 2025-157 du 25 ao\u00fbt 2025  portant subd\u00e9l\u00e9gation de signature de Monsieur\nFabrice MASI, Directeur r\u00e9gional et interd\u00e9partemental de  l'\u00e9conomie, de  l'emploi, du\naval et des soldart\u00e9s d'le-de-France, aux agents de [Unit\u00e9 d\u00e9partementale des  Hauts-\nde-Seine ;\n\nVu  la d\u00e9claration  d'actvit\u00e9s  de  services  \u00e0  la personne  d\u00e9pos\u00e9es  aupr\u00e8s  de  Unit\u00e9\nd\u00e9partementale  des  Hauts-de-Seine  de  la DRIEETS  le 25  ao\u00fbt  par  la Micro-entreprise\nBLANC  Cl\u00e9mentine  sise 7  Rue  Th\u00e9ophile  Gautier  \u00e0 Montrouge  (92120)\nApr\u00e8s  examen  du dossier, cette demande  \u00e9tant conforme aux dispositions de  l'aricie L. 7232:\n1 du  code du  travail le pr\u00e9sent  r\u00e9c\u00e9piss\u00e9  de  d\u00e9claration  d'actvi\u00e9s  de  services  \u00e0 a  personne  a\n\u00e9t\u00e9  enregistr\u00e9  au  nom  de la Micro-entreprise  BLANC  Cl\u00e9mentine  sous le num\u00e9ro  SAP  834029190.\nIi prond  effet  le 25  ao\u00fbt  2025.\nLes  actvit\u00e9s  d\u00e9clar\u00e9es  sont  les  suivantes,  \u00e0  l'exclusion  de  toute  autre\nSoutien  scolaire  ou  cours \u00e0  domicile;\nPrestations  relevant  du  b\u00e9n\u00e9fice  de  a  r\u00e9duction  d'imp\u00f4t  pr\u00e9vue  \u00e0  l'rice  199  sexdecies  du  Code\nG\u00e9n\u00e9ral  des  Imp\u00f4ts.\nstructure exerce  ces  activit\u00e9s  selon  le mode  suivant : PRESTATAIRE\n'Sous  r\u00e9serve  d'\u00eatre exerc\u00e9es  a ttre exclusif par  le d\u00e9clarant  (ou  sous  r\u00e9serve  d'une  comptabilit\u00e9\ns\u00e9par\u00e9e  pour  les personnes  morales  dispens\u00e9es  de  la condition  d'activit\u00e9 exclusive), ces  activites\nouvrent  drot  au  b\u00e9n\u00e9fice  des  dispositions  des  articles  L. 7233-2  du  code  du  traval  et  L  241-10\ndu  code  de  la s\u00e9curit\u00e9 sociale,\n{Conform\u00e9ment  aux  dispositions de  l'article R7232-19  du  code  du  travail l'organisme  d\u00e9clar\u00e9  dot\nproduire au moins  chaque  trimestre un \u00e9tat activit\u00e9 et chaque  ann\u00e9e  un bilan quanttati et\nQualia  de activit\u00e9 exerc\u00e9e au tire de l'ann\u00e9e \u00e9coul\u00e9e ainsi qu'un tableau statistique annuel.\nSi organisme  d\u00e9clar\u00e9  comporte  plusieurs  \u00e9tablissements,  les \u00e9tats statistiques et le bilan annuel\ndistinguent  activit\u00e9 exerc\u00e9e  par  chaque  \u00e9tablissement,\nL'enregistrement de la d\u00e9claration  pourra \u00eatre retir\u00e9 si l'organisme  d\u00e9clar\u00e9  cesse  de remplir\nles  conditions  ou  de  respecter  les  obligations  mentionn\u00e9es  aux  4\u00b0,6\u00b0  et  6\u00b0 de  l'article\nR7232-17  ou  qui  m\u00e9connait  les obligations  d\u00e9finies  \u00e0  l'article R7232-19  du  code  du  travail.\nToute  modification concernant a structure d\u00e9clar\u00e9e ou les activit\u00e9s exerc\u00e9es devra. sous\npeine  de  retrat de  la G\u00e9caration,  faire Tobjet dune  d\u00e9caration  modifalve  aupr\u00e9s  de  fUnt\u00e9\nd\u00e9partementale  des  Hauts-de-Seine.\nLe  pr\u00e9sent  r\u00e9c\u00e9piss\u00e9  sera  publi\u00e9 au  recueil des  actes  administratifs de  la pr\u00e9fecture  des  Hauts-\nde-Seine.\nFait  \u00e0  Nanterre,  le 08  septembre  2025,\nPour  le Pr\u00e9fet\nPar  d\u00e9l\u00e9gation  et  subd\u00e9l\u00e9gation\nLa  Responsable  du  service\nD\u00e9veloppement  de  l'emploi  et des\ncomp\u00e9tences.\nfev\nMariama COND\u00c9\n\nEE  Direction r\u00e9gionale  et interd\u00e9partementale\nMINIST\u00c8RE de l'\u00e9conomie,de l'emploi,\nDU  TRAVAIL,  DE LA  SANT\u00c9,  du travail et des solidarit\u00e9s\nDES  SOLIDARIT\u00c9S\nET  DES  FAMILLES\npa\nR\u00e9c\u00e9piss\u00e9  n\u00b02025-444  de  d\u00e9claration  d'activit\u00e9s de  services  \u00e0 la personne\nenregistr\u00e9e  sous  le n\u00b0 SAP938720224  au  nom  de  la micro-entreprise  DEPELLEY\nMarin  sise  7 Rue  Th\u00e9ophile  Gautier \u00e0 Montrouge  (92120)  ;\nLE  PREFET  DES  HAUTS-DE-SEINE\nloi n\u00b0 2010-853  du  23juillet  2010  relative aux  r\u00e9seaux  consulaires, au  commerce  et \u00e0\nisanat et aux  services  (article 31)\nVu  ia loi n\u00b02015-1776  du  28  d\u00e9cembre  2015  relative \u00e0 l'adaptation de  la soci\u00e9t\u00e9  au\nveilissement\nVu  l'article D7231-1  du  Code  du  traval\nVu  les d\u00e9crets  n\u00b0 2011-1132  et n\u00b0 2011-1133  du  20  septembre  2011  modifiant  certaines\ndispositions du  Code  du  travail, relatives au  ch\u00e8que  emplo-service  universel  et aux\nservices \u00e0 la personne\nVu  le d\u00e9cret  n\u00b02016-750  du 6 juin 2016  relatif \u00e0 la iste des  activites de services \u00e0 la personne\nsoumises  4 agr\u00e9ment  ou \u00e0 autorisationdans le cadre du r\u00e9gime  commun  de la d\u00e9claration ;\nVu  le d\u00e9cret du 31 octobre 2024  portant nomination de Monsieur  Alexandre  BRUGERE,  en\nqualt\u00e9 de  Pr\u00e9fet des  Hauts-de-Seine\nVu  Farr\u00e9te interminist\u00e9riel du  12  ao\u00fbt 2025  nommant  Monsieur  Fabrice  MASI,  Directeur\nr\u00e9gional et interd\u00e9partemental  de  l'\u00e9conomie, de l'emploi, du travailet des  solidarit\u00e9s dle\nde-France \u00e0 compler  du 25  ao\u00fbt  2025\nVu  l'arr\u00eat\u00e9 pr\u00e9fectoral n\u00b02025-33  du 22 ao\u00fbt 2025  par lequel le Pr\u00e9fet des  Hauts-de-Seine\n'd\u00e9l\u00e8gue  sa  signature  \u00e0 Monsieur  Fabrice  MASI,  Directeur  r\u00e9gional et interd\u00e9partemental\nde l'\u00e9conomie, de l'emploi, du travail et des soldant\u00e9s d'le-de-France;\nVu  la d\u00e9cision  n\u00b0 2025-187  du  25  ao\u00fbt  2025  portant subd\u00e9l\u00e9gation  de  signature  de  Monsieur\nFabrice  MASI,  Directeur  r\u00e9gional et interd\u00e9partemental  de  l'\u00e9conomie,  de  l'emploi, du\ntravail et des  soldart\u00e9s  dle-de-France,  aux  agents  de  Unit\u00e9  d\u00e9partementale  des  Hauts-\nde-Seine  ;\n\nVu  la d\u00e9claration  d'actvit\u00e9s  de  services  \u00e0  la personne  d\u00e9pos\u00e9es  aupr\u00e8s  de  Unit\u00e9\nd\u00e9partementale  des  Hauts-de-Seine  de  la DRIEETS  le 25  ao\u00fbt  par  la Micro-entreprise\nDEPELLEY  Marin sise 7 Rue  Th\u00e9ophile  Gautier  \u00e0 Montrouge  (82120)\n'Apr\u00e8s examen  du dossier, cette demande  \u00e9tant conforme aux  dispositions de l'article L. 7232-\n1 du code  du  travail, le pr\u00e9sent  r\u00e9c\u00e9piss\u00e9 de d\u00e9claration  d'actvit\u00e9s de  services  \u00e0 la personne  a\n\u00e9t\u00e9 enregistr\u00e9  au  nom  de  la Micro-entreprise  DEPELLEY  Marin  sous  le num\u00e9ro  SAP  938720224,\n1 prend  effet le 25 ao\u00fbt  2025.\nLes  activit\u00e9s d\u00e9clar\u00e9es  sont  les suivantes, \u00e0 l'exclusion de  toute autre\n= Soutien  scolaire  ou  cours  \u00e0  domicile;\nPrestations  relevant du  b\u00e9n\u00e9fice  de  la r\u00e9duction  d'imp\u00f4t  pr\u00e9vue  article 199  sexdecies  du  Code\nG\u00e9n\u00e9ral  des  Imp\u00f4ts.\nLa  structure  exerce  ces  activit\u00e9s  selon  lo mode  suivant : PRESTATAIRE\n'Sous  r\u00e9serve  d'\u00eatre exerc\u00e9es  a ttre exclusi  parle  d\u00e9clarant  (ou  sous  r\u00e9serve  d'une  comptabilt\u00e9\ns\u00e9par\u00e9e  pour  les personnes  morales  dispens\u00e9es  de  la condition  d'actvit\u00e9 exclusive), ces  activites\nouvrent  droit au b\u00e9n\u00e9fice  des  dispositions  des  articles L. 7233-2  du  code  du traval et L. 241-10\ndu  code  de  la s\u00e9curit\u00e9  sociale.\n(Conform\u00e9ment  aux  dispositions de  Farticle R7232-19  du  code  du  travail l'organisme  d\u00e9clar\u00e9  dot\nproduire au moins chaque trimestre un \u00e9tat d'activit\u00e9 et chaque ann\u00e9e  un bilan quantitatif et\nqualtatf de activit\u00e9 exerc\u00e9e  au tire de  l'ann\u00e9e \u00e9coui\u00e9e  ainsi qu'un tableau statistique annuel.\nSi l'organisme d\u00e9clar\u00e9  comporte  plusieurs  \u00e9tablissements,  les \u00e9tats statistiques et le bilan annuel\ndistinguent  l'activit\u00e9 exerc\u00e9e  par  chaque  \u00e9tablissement\nL'enregistrement de la d\u00e9claration  pourra  \u00eatre retir\u00e9 si l'organisme  d\u00e9clar\u00e9  cosse  de romplir\nles conditions  ou  de  respecter  les obligations  mentionn\u00e9es  aux  4\u00b0,5\u00b0 ot 6\u00b0 do  l'articlo\nR7232-17  ou  qui m\u00e9connait  les  obligations  d\u00e9finies\u00e0  article  R7232-19 du  code  du travail,\npeine  de  retrait de  la d\u00e9caration,  fare  Tobjet d'une  d\u00e9ciaraion  mocieatve  aupr\u00e9s  de  F\u00dcni\u00e9\n'd\u00e9partementale  des  Hauts-de-Seine\nLe  pr\u00e9sent  r\u00e9\u00e9pis  sera  pub  au  roue  des  aces  adriitralf  de  a  pr\u00e9fecure ds  Hate\nde-Seine.\nFait \u00e0 Nanterre,  le 08  septembre  2025.\nPour  le Pr\u00e9fet\nPar  d\u00e9l\u00e9gation  et subd\u00e9l\u00e9gation\nLa  Responsable  du  service\nD\u00e9veloppement de  l'emploi  et des\n'com\nET\nMariama  CONDE\n\nza\nMINISTERE  de l'\u00e9conomie, de l'emploi,\nDU  TRAVAIL,  DE  LA  SANT\u00c9,  du travail et des solidarit\u00e9s\nDES  SOLIDARIT\u00c9S\nET  DES  FAMILLES\nfo\nR\u00e9c\u00e9piss\u00e9  n\u00b02025-445  de  d\u00e9claration  d'activit\u00e9s  de  services  \u00e0 la personne\nenregistr\u00e9e  sous  le n\u00b0 SAP989703970  au  nom  SARL  CONFONETT  sise  45  Rue  de\nJouy  \u00e0  Chaville  (82370)\nLE  PREFET  DES  HAUTS-DE-SEINE\nVu  la loi n\u00b0 2010-853  du  23  jullet 2010  relative aux r\u00e9seaux  consulaires, au commerce  et \u00e0\nl'artisanat  et aux  services  (article 31);\nVu  la lo n\u00b0201-1776  du 28  d\u00e9cembre  2015  relative \u00e0 l'adaptation de  la soci\u00e9t\u00e9 au\nviilissement ;\nVu  l'aticle 07231-1  du  Code  du travail\nVu  les d\u00e9crets n\u00b0 2011-1132  et n\u00b0 2011-1133  du 20 septembre  2011  modifiant certaines.\ndispositions du  Code  du  travail, relatives au  ch\u00e8que  emploi-serice  universel  et aux\nservices \u00e0 a  personne ;\nVu  le d\u00e9cret  n*2016-750  du  6 juin 2016  relat  \u00e0 la liste des  activit\u00e9s de  services \u00e0 la personne\nsoumises \u00e0 agr\u00e9ment  ou \u00e0 autorisation dans le cadre  du  r\u00e9gime  commun  dela d\u00e9claration\nVu  le d\u00e9cret  du  31 octobre 2024  portant nomination  de  Monsieur  Alexandre  BRUGERE,  en\nquait\u00e9 de Pr\u00e9fet des Hauts-de-Seine ;\nVu  l'ar\u00eat\u00e9 interminist\u00e9riel du 12 ao\u00fbt 2025  nommant  Monsieur  Fabrice MASI, Directeur\nr\u00e9gionalet interd\u00e9partemental de l'\u00e9conomie,de l'emplo, du travailet des soldartes dll\nde-France \u00e0  compter  du  25  ao\u00fbt  2025 ;\nVu  l'arr\u00eat\u00e9 pr\u00e9fectoral n\u00b02025-33  du  22  ao\u00fbt  2025  par  lequel le Pr\u00e9fet des  Hauts-de-Seine\nd\u00e9l\u00e8gue  sa  signature  \u00e0 Monsieur  Fabrice  MASI,  Directeur  r\u00e9gional et interd\u00e9partemental\nde  l'\u00e9conomie, de l'emploi, du travailet des solidarit\u00e9s d'le-de-France ;\n'Vu la d\u00e9cision  n\u00b0 2025-157  du  25  ao\u00fbt  2025  portant subd\u00e9l\u00e9gation  de  signature  de  Monsieur\nFabrice  MASI,  Directeur  r\u00e9gional et interd\u00e9partemental  de  l'\u00e9conomie,  de  l'emploi, du\ntraval et des  soidart\u00e9s  dle-de-France,  aux  agents  de  [Unit\u00e9  d\u00e9partementale  des  Hauts-\nde-Seine\n\nVu  la d\u00e9ctaration  d'acivt\u00e9s  de  services  \u00e0 la personne  d\u00e9pos\u00e9es  aupr\u00e8s  de  l'Unit\u00e9\nd\u00e9partementale  des  Hauts-de-Seine  de  la DRIEETS  le 02  septembre  2025  par  SARL\nCONFONETT sise 45 Rue  de Jouy \u00e0 Chavile  (92370)  :\nApr\u00e8s  examen  du dossier, cette demande  \u00e9tant conforme  aux dispositionsde l'article L. 7232-1-\n1 du code  du  travail, le pr\u00e9sent  r\u00e9c\u00e9piss\u00e9  de d\u00e9claration d activit\u00e9s de services \u00e0 la personne \u00e0\n\u00e9t\u00e9  enregistr\u00e9  au  nom  de  la SARL  CONFONETT  sous  le num\u00e9ro  SAP  969703970,\nII prend  effet le 02  septembre  2025.\nLes  activites d\u00e9ciar\u00e9es  sont  les  suivantes,  \u00e0  l'exclusion  de  toute  autre\nGarde  d'enfants  de  plus  de  3 ans  \u00e0 domicile\n'Accompagnement  des  enfants  de  plus  de  3 ans  dans  leurs  d\u00e9placements  ;\nEntrotion  de  la maison  et  travaux  m\u00e9nagers  ;\nPetits  travaux  de  jardinage  ;\n'Travaux  de  petit bricolage  ;\nPr\u00e9paration  de  repas  \u00e0 domicile ;\nAssistance  informatique  \u00e0 domicile\nAssistance  administrative  \u00e0 domicile  ;\nPrestations relevant du  b\u00e9n\u00e9fice de  la r\u00e9duction dimp\u00f4t  pr\u00e9vue \u00e0 l'aticie 199 sexdecies du Code\nG\u00e9n\u00e9ral  des  impots.\nLa  structure  exerce  ces  activit\u00e9s  selon  le mode  suivant  : PRESTATAIRE\nSous  r\u00e9serve  d'\u00e9tre exerc\u00e9es  \u00e0  tre  exclusf  parle  d\u00e9carant  (ou  sous  r\u00e9serve  d'une  comptabilit\u00e9\ns\u00e9par\u00e9e  pour  les personnes  morales  dispens\u00e9es  de  la condition  activit\u00e9 exclusive), ces  acvites\n'ouvrent droit au b\u00e9n\u00e9fice des dispositionsdes articles L. 7232-2  du  code  du travail et L. 241-10\n'du code  de  la s\u00e9curt\u00e9  social.\n(Conform\u00e9ment  aux dispositions de  article R7232-19  du code  du  travail, l'organisme d\u00e9clar\u00e9 doit\nproduire au  moins  chaque  trimestre un \u00e9tat dactvit\u00e9 et chaque  ann\u00e9e  un bilan quanttatt et\nualtaf  de  l'activit\u00e9 exerc\u00e9e  au  titre de  l'ann\u00e9e \u00e9coul\u00e9e  ainsi qu'un tableau statistique annuel\nSi l'organisme  d\u00e9clar\u00e9  comporte  plusieurs  \u00e9tablissements,  les \u00e9tats statistiques ete  bilan annuel\ndistinguent  Factivt\u00e9 exerc\u00e9e  par chaque  \u00e9tablissement.\nL'enregistrement  de  la d\u00e9claration  pourra  \u00eatre retir\u00e9 si l'organisme  d\u00e9clar\u00e9  cesse  de remplir\nles conditions  ou  de  respecter  les obligations mentionn\u00e9es  aux  4\u00b0,5\u00b0 ot 6\u00b0 de  l'article\n7232.47  ou  qui  m\u00e9connalt  les obligations  d\u00e9finies  \u00e0 l'article R7232-18 du  code  du  travail.\nte modifica laste  \u00e9clar\u00e9e ou le es devra, sous\npeine  de  retrait de  la d\u00e9claration, faire l'objet d'une  d\u00e9claration  modificative  aupr\u00e9s  de  Unit\u00e9\nd\u00e9partementale  des  Hauts-de-Seine.\nLe pr\u00e9sent  r\u00e9c\u00e9piss\u00e9  sera publi\u00e9  au recueil des  actes  adminstratts  de la pr\u00e9fecture des  Hauts-\nde-Seine.\nFait  \u00e0  Nanterre,  le 08  septembre  2025,\nPour  le Pr\u00e9fet\nPar  d\u00e9l\u00e9gation  et subd\u00e9l\u00e9gation\nLa  Responsable  du  service\nD\u00e9veloppement  de  l'emploi et des\ncomp\u00e9tences {| (a, Li\nMariama  CONDE\n\nEx  Direction  r\u00e9gionale  et interd\u00e9partementale\nde  l'\u00e9conomie, de  l'emploi,\nBUTRANAL, DE LA SANT\u00c9, du travailat des soliartes\nDES  SOLIDARIT\u00c9S\nET  DES  FAMILLES\nioe\nR\u00e9c\u00e9piss\u00e9  n\u00b02025-446  de  d\u00e9claration  d'activit\u00e9s  de  services  \u00e0  la personne\nenregistr\u00e9e  sous  le n\u00b0 SAP990822181  au  nom  de  la micro-entreprise  BENCHIA\nZakarya  sise  29  Rue  Edouard  Vaillant \u00e0 Levallois Perret  (92300)\nLE  PREFET  DES  HAUTS-DE-SEINE\nVu  la loi n\u00b0 2010-863  du  23  juilet 2010  relative aux  r\u00e9seaux  consulaires,  au commerce  et \u00e0\nl'artisanat et aux  services  (article 31)\nVu  la loi n\u00b02015-1778  du  28  d\u00e9cembre  2015  relative\nvillissement :\nl'adaptation  de  la soci\u00e9t\u00e9  au\nVu  l'aricle 07231-1  du  Code  du  travail\nVu  les d\u00e9crets  n\u00b0 2011-1132  et n\u00b0 2011-1133  du  20  septembre  2011  modifiant  certaines\ndispostions du  Code  du traval, relatives au ch\u00e8que  emplo-service  universel et aux\n'services \u00e0 la personne ;\nVu  le d\u00e9cret n\u00b02016:750  du  6 juin 2016  relatif \u00e0 la liste des  activit\u00e9s de  services \u00e0 la personne\nsoumises  \u00e0 agr\u00e9ment  ou  \u00e0 autorisation dans  le cadre  du  r\u00e9gime  commun  dela  d\u00e9claration\nVu  le d\u00e9cret du  31 octobre 2024  portant nomination de  Monsieur  Alexandre  BRUGERE,  en\nquait\u00e9 de Pr\u00e9fet des Hauts-de-Seine ;\nVu  l'ar\u00e9t\u00e9 interminist\u00e9riel du  12 ao\u00fbt 2025  nommant  Monsieur  Fabrice MASI,  Directeur\nr\u00e9gional tinterd\u00e9partemental de l'\u00e9conomie, de l'emplo, du travailet des solidart\u00e9s dl\nde-France  \u00e0  compter  du  25  ao\u00fbt  2026  ;\nVu  l'arr\u00eat\u00e9 pr\u00e9fectoral \"2025-33  du  22  ao\u00fbt  2025  par  lequel le Pr\u00e9fet des  Hauts-de-Seine\nd\u00e9l\u00e8gue  sa signature  \u00e0  Monsieur  Fabrice  MASI,  Directeur  r\u00e9gional et interd\u00e9partemental\nde  l'\u00e9conomie, de  l'emploi, du travail et des  soldarit\u00e9s d'\u00cele-de-France :\nVu  la d\u00e9cision n\u00b0 2025-187  du  25 ao\u00fbt 2025  portant subd\u00e9l\u00e9gaton  de  signature de Monsieur\nFabrice  MASI,  Directeur  r\u00e9gional et interd\u00e9partemental  de  l'\u00e9conomie,  de  l'emploi, du\ntravail et des  solidarites dle-de-France,  aux  agents  de  l'Unit\u00e9 d\u00e9partementale des  Hauts-\nde-Seine\n\nVu  la d\u00e9ciaration  d'actvit\u00e9s  de  services  \u00e0  la personne  d\u00e9pos\u00e9es  aupr\u00e8s  de  l'Unit\u00e9\nd\u00e9partementale des  Hauts-de-Seine  de la DRIEETS  le 02 septembre  2025  par la micro-\nentreprise  BENCHIA  Zakarya  sise 29  Rue  Edouard  Vailant  \u00e0 Levallois Perret (82300)  :\nApr\u00e8s  examen  du dossier, cette demande  \u00e9tant conforme aux dispositions de  FarticleL. 7232-\n1 du code  dutravail  le pr\u00e9sent  r\u00e9c\u00e9piss\u00e9  de d\u00e9claration d'activit\u00e9s de services \u00e0 a  personne  a\n\u00e9t\u00e9 enregistr\u00e9  au  nom  de  la micro-entreprise  BENCHIA  Zakarya  sous  le num\u00e9ro  SAP\n990822181\nll prend  effet le 02  septembre  2025.\nLes  activit\u00e9s d\u00e9clar\u00e9es  sont  les suivantes,  \u00e0 exclusion  de  toute autre\n+ Entretien  de  la maison  et  travaux  m\u00e9nagers  ;\nPrestations  relevant du  b\u00e9n\u00e9fice  de  la r\u00e9duction  d'imp\u00f4t  pr\u00e9vue  \u00e0  article  199  sexdecies  du  Code\nG\u00e9n\u00e9ral  des  Imp\u00eats.\nLa  structure  exerce  ces  activit\u00e9s  selon  le mode  suivant  : PRESTATAIRE\nSous  r\u00e9serve  d'\u00eatre exerc\u00e9es  \u00e0 tire exclus  par  le d\u00e9ciarant  (ou sous  r\u00e9serve  d'une comptabilt\u00e9\ns\u00e9par\u00e9e pour les personnes morales dispens\u00e9es de a condition d activit\u00e9 exclusive)ces activites\n'ouvrent droit au b\u00e9n\u00e9fice  des  dispositions des  articles L. 7233-2  du code du traval et L. 241-10\ndu  code  de  la s\u00e9curt\u00e9  sociale,\n'Conform\u00e9ment  aux  dispositions de  l'article R7232-19  du  code  du  travail l'organisme  d\u00e9clar\u00e9  dot\nproduire  au  moins  chaque  trimestre un  \u00e9tat d'activi\u00e9 et chaque  ann\u00e9e  un  bilan quanttatf  et\nquaitatf de l'actit\u00e9 exerc\u00e9e  au tire de  l'ann\u00e9e \u00e9coul\u00e9e  ainsi qu'un tableau statistique annuel.\nSi l'organisme  d\u00e9clar\u00e9  comporte  plusieurs  \u00e9tablissements,  les \u00e9tats statistiques et le bilan annuel\ndistinguent  l'activit\u00e9 exerc\u00e9e  par  chaque  \u00e9tablissement\nL'enregistrement  de la d\u00e9claration pourra \u00eatre rutir\u00e9si l'organisme  d\u00e9clar\u00e9 cesse de remplir\nles conditions  ou  de  respecter  les obligations  mentionn\u00e9es  aux 4\u00b0 ot 6\u00b0 de  l'article\n7232.17 ou  qui  m\u00e9connait  les  obligations  d\u00e9finies \u00e0 l'rticie R7232-19 du code du travail,\ni devra, sous\npaie  de reat  de la decoration, fare Tobjet \u0152une  decaraton  modficave  aupr\u00e9s de F\u00dcnt\u00e9\nd\u00e9partementale  des  Hauts-de-Seine\nLe  pr\u00e9sent  r\u00e9c\u00e9piss\u00e9  sera  publi\u00e9  au  recueil  des  actes  administratifs  de  la pr\u00e9fecture  des Hauts-\nde-Seine,\nFait  Nanterre,  le 08  septembre  2025,\nPour  le Pr\u00e9fet\nPar  d\u00e9l\u00e9gation  ot subd\u00e9l\u00e9gation\nLa  Responsable  du  service\nD\u00e9veloppement  de  l'emploi  et des\ncomp\u00e9tences\ndo\nMariama  CONDE\n\n=a  Direction r\u00e9gionale et interd\u00e9partementale\nMINISTERE de l'\u00e9conomie, de l'emploi,\nDU  TRAVAIL,  DE  LA SANT\u00c9,  dutravail et des solidarit\u00e9s\nDES  SOLIDARIT\u00c9S\nET  DES  FAMILLES\nA\nR\u00e9c\u00e9piss\u00e9  n\u00b02025447  de  d\u00e9claration  d'activit\u00e9s de  services \u00e0 la personne\nenregistr\u00e9e  sous  le n\u00b0 SAP942742461  au  nom  de  la micro-entreprise  N  DA  Inguiha\nsise 176  Grande  Rue \u00e0 S\u00e8vres  (92310)\nLE  PREFET  DES  HAUTS-DE-SEINE\nVu  la loi n\u00b0 2010-853  du  23  juillet 2010  relative aux  r\u00e9seaux  consulaires, au commerce  et \u00e0\nl'artisanat et aux  services  (article 31);\n'Vu  la loi n\u00b02015-1776  du  28  d\u00e9cembre  2015  relative  \u00e0  l'adaptation  de  la soci\u00e9t\u00e9  au\nvellissement ;\n'Vu l'aricie 07231-1  du  Code  du travail;\nVu  les d\u00e9crets n\u00b0 2011-1132  et n\u00b0 2011-1133  du  20 septembre  2011 modifiant certaines\ndispostions  du  Code  du  travail, relatives au  ch\u00e8que  emploi-service  universel et aux\nservices  \u00e0  la personne ;\nVu  le d\u00e9cret  n\u00b02016750  du  8 juin 2016  relai \u00e0 la liste des  activit\u00e9s de  services  \u00e0  la personne\nsoumises  \u00e0 agr\u00e9ment  ou  \u00e0 autorisation dans  le cadre  du  r\u00e9gime  commun de la d\u00e9claration  ;\nVu  le d\u00e9cret  du  31 octobre  2024  portant  nomination de Monsieur  Alexandre  BRUGERE,  en\nquait\u00e9 de Pr\u00e9fet des Hauts-de-Seine;\nVu  Tarr\u00e9t\u00e9 interminist\u00e9riel du  12 ao\u00fbt 2025  nommant  Monsieur  Fabrice MASI,  Directeur\nr\u00e9gional  tinterd\u00e9partemental de l'\u00e9conomie,  de  l'emplo, du travail et des  solidarit\u00e9s dle-\nde-France  \u00e0  compter  du  25  ao\u00fbt  2025  ;\nVu  l'r\u00e8t\u00e9  pr\u00e9fectoral n\u00b02025-33  du  22  ao\u00fbt  2025  par  lequel le Pr\u00e9fet des  Hauts-de-Seine\nd\u00e9l\u00e8que  sa signature  \u00e0 Monsieur  Fabrice  MASI,  Directeur  r\u00e9gional et interd\u00e9partemental\nde l'\u00e9conomie, de l'emploi, du tava et des soldart\u00e9s d'\u00cele-de-France\nVu  la d\u00e9cision  n\u00b0 2025-157  du  25  ao\u00fbt  2025  portant  subd\u00e9l\u00e9gation  de  signature  de  Monsieur\nFabrice  MASI,  Directeur  r\u00e9gional  et interd\u00e9partemental  de  l'\u00e9conomie, de  l'emploi, du\ntravail et des  solidarit\u00e9s d'le-de-France,  aux  agents  de  l'Unit\u00e9 d\u00e9partementale  des  Hauts-\nde-Seine  ;\n\nVu  Ia d\u00e9claration  activit\u00e9s  de  services  \u00e0  la personne  d\u00e9pos\u00e9es  aupr\u00e8s  de  l'Unit\u00e9\nd\u00e9partementale  des  Hauts-de-Seine  de  la DRIEETS  le 27  ao\u00fbt  2025  par  la micro-\nentreprise  N DA  Inguiha sise 176  Grande  Rue  \u00e0 S\u00e8vres  (92310);\n'Apr\u00e8s  examen  du  dossier,  cette  demande  \u00e9tant  conforme  aux  dispositions  de  l'artice L. 7232-1-\n1 du  code  du  traval, le pr\u00e9sent  r\u00e9c\u00e9piss\u00e9  de  d\u00e9claration  d activites de  services  \u00e0 la personne  \u00e0\n\u00e9t\u00e9  enregistr\u00e9  au  nom  de  la micro-entreprise  N  DA  Inguiha  sous  le num\u00e9ro  SAP  942742461\nIM prend  effet le  27  ao\u00fbt  2025.\nLes  activit\u00e9s  d\u00e9ctar\u00e9es  sont  les  suivantes,  & l'exclusion  de  toute  autre\nEntretien  de  la maison  et travaux  m\u00e9nagers  ;\nPr\u00e9paration  de  repas  \u00e0 domicil\nLivraison  de courses  \u00e0  domicile  ;\n'Assistance  informatique  \u00e0  domicile\n'Assistance  administrative  \u00e0 domicil\n'Accompagnement  des  personnes  pr\u00e9sentant  une  invalidit\u00e9  temporaire ;\n'Assistance  aux  personnes  ayant  besoin  d'une  aide  temporaire  \u00e0  leur  domicile  ;\nPrestations  relevant du  b\u00e9n\u00e9fice  de  la r\u00e9duction  d'imp\u00f4t  pr\u00e9vue  \u00e0 article 199  sexdecies du  Code\nG\u00e9n\u00e9ral  des  Imp\u00f4ts.\nLa  structure  exerce  ces  activit\u00e9s  selon  le mode  suivant:  PRESTATAIRE\nSous  r\u00e9serve  d'\u00eatre exerc\u00e9es  ttre exclusif par le d\u00e9clarant  (ou sous  r\u00e9serve  d'une  comptabilit\u00e9\ns\u00e9par\u00e9e  pour  les personnes  morales  dispens\u00e9es  de  la condition  dactivit\u00e9  exclusive), ces  activit\u00e9s\nouvrent  drot  au  b\u00e9n\u00e9fice  des  dispostions  des  articles L. 7233-2  du  code  du  travail et L.241-10\n'du code  de  la s\u00e9curit\u00e9  sociale,\n'Conform\u00e9ment  aux  dispositions de  l'article R7232-19 du code  du travail organisme  d\u00e9clar\u00e9  dot\nproduire  au  moins  chaque  timestre  un  \u00e9tat d'activit\u00e9 et chaque  ann\u00e9e un  bilan quantitatif et\nquaitaif  de  Factivite  exerc\u00e9e  au  tire  de  l'ann\u00e9e  \u00e9coul\u00e9e  ainsi  qu'un  tableau  statistique  annuel\nSi 'organisme d\u00e9clar\u00e9  comporte  plusieurs  \u00e9tablissements,  les \u00e9tats statistiques et le bilan annuel\ndistinguent  l'actit\u00e9 exerc\u00e9e  par  chaque  \u00e9tablissement.\nL'enregistrement de  la d\u00e9claration  pourra  \u00eatre  retir\u00e9  si l'organisme  d\u00e9clar\u00e9  cesse de  remplir\nles  conditions  ou  de  respecter  les obligations  mentionn\u00e9es  aux  4\u00b0,6\u00b0  et 6\u00b0 de  l'article\n'R7232-17  ou  qui  m\u00e9connalt  les  obligations  d\u00e9finies  \u00e0  l'article R7232-19  du  code du  traval\npor\nG\u00e9par\nLe  pr\u00e9sent  r\u00e9c\u00e9piss\u00e9  sera publi\u00e9  au recuell des  actes  administratifs de la pr\u00e9fecture  des  Hauts-\nde-Seine.\nFait \u00e0 Nanterre,  le 08  septembre  2025.\nPour  le Pr\u00e9fet\nPar  d\u00e9l\u00e9gation  ot subd\u00e9l\u00e9gation\nLa  Responsable  du  service\nl'emploi  ot  des\ndeGa\n\n=a  Direction  r\u00e9gionale  et interd\u00e9partomentale\nMINISTERE  de l'\u00e9conomie, de l'emploi,\nDU  TRAVAIL,  DE  LA  SANT\u00c9,  du travailet des solidarit\u00e9s\nDES  SOLIDARIT\u00c9S\nET  DES  FAMILLES\nEM\nR\u00e9c\u00e9piss\u00e9  n\u00b02025448  de  d\u00e9claration  d'activit\u00e9s de  services \u00e0 la personne\nenregistr\u00e9e  sous  le n\u00b0 SAP990752644  au  nom  de  la micro-entreprise  LEVITTE\n'Sylvain sise  9 Rue  Paul  Bert \u00e0  Colombes  (92700)\nLE  PREFET  DES  HAUTS-DE-SEINE\nVu  la loi n\u00b0 2010-853  du  23  juillet 2010  relative aux  r\u00e9seaux  consulaires,  au  commerce  et \u00e0\nl'artisanatet aux  services (article 31);\nVu  la loi n\u00b02015-1776  du  28  d\u00e9cembre  2015  relative \u00e0  l'adaptation de  la soci\u00e9t\u00e9  au\nellissement ;\nVu  l'aricie 07231-1  du  Code  du  travail;\nVu  les d\u00e9crets  n\u00b0 2011-1132  et n\u00b0 2011-1133  du  20  septembre  2011  modifiant  certaines.\ndispostions  du  Code  du  travail, relatives au  ch\u00e8que  emplo-service  universel  et aux\n'services  \u00e0 la personne ;\nVu  le d\u00e9cret  n\u00b02016:750  du  6 jin  2016  relat  \u00e0 la liste des  activit\u00e9s de  services  \u00e0 la personne\nsoumises  \u00e0 agr\u00e9ment  ou  autorisation dans le cadre  du  r\u00e9gime  commun  de la d\u00e9claration\nVu  le d\u00e9cret du 31 octobre  2024  portant  nomination  de  Monsieur  Alexandre  BRUGERE,  en\nquait\u00e9 de Pr\u00e9fet des Hauts-de-Seine\nVu  l'ar\u00eat\u00e9 interminist\u00e9riel du  12 ao\u00fbt  2025  nommant  Monsieur  Fabrice  MASI,  Directeur\nr\u00e9gionalet interd\u00e9partemental de l'\u00e9conomie,de l'emplo, du travail et des soldartes d'le-\nde-France  \u00e0  compter du  25  ao\u00fbt  2025\nVu  l'arr\u00eat\u00e9 pr\u00e9fectoral n\u00b02028-33  du  22  ao\u00fbt  2025  par  lequel le Pr\u00e9fet des  Hauts-de-Seine\nd\u00e9l\u00e8gue sa  signature  \u00e0  Monsieur  Fabrice  MASI,  Directeur  r\u00e9gional  et  interd\u00e9partemental\n'de l'\u00e9conomie, de l'emploi du travail et des solidarit\u00e9s dile-de-France;\nVu  la d\u00e9cision  n\u00b0 2025-157 du  25 ao\u00fbt  2025  portant subd\u00e9l\u00e9gaton  de  signature de Monsieur\nFabrice  MASI,  Directeur  r\u00e9gional et interd\u00e9partemental  de  l'\u00e9conomie,  de  l'emploi. du\ntravail et des  soidari\u00e9s  dle-de-France,  aux  agents  de  Unit\u00e9  d\u00e9partementale  des  Hauts-\nde-Seine  ;\n\nVu  la d\u00e9claration  d'actit\u00e9s  de  services  \u00e0  la personne  d\u00e9pos\u00e9es  aupr\u00e8s  de  l'Unit\u00e9\nd\u00e9partementale  des  Hauts-de-Seine  de  la DRIEETS  le 30  ao\u00fbt  2025  par  la micro-\nentreprise  LEVITTE  Syivain  sise 9 Rue  Paul  Bert \u00e0 Colombes  (92700):\n'Apr\u00e8s examen  du dossier, cette demande  \u00e9tant conforme aux dispositions de l'article L. 7232:\n1 du  code  du  avai,  le pr\u00e9sent  r\u00e9c\u00e9piss\u00e9  de  d\u00e9claration  d'actvit\u00e9s  de  services  \u00e0 la  personne  a\n\u00e9t\u00e9  enregistr\u00e9  au  nom  de  la micro-entreprise  LEVITTE  Sylvain  sous  le num\u00e9ro  SAP  890752644,\nAl prend  effet le 30  ao\u00fbt  2028.\nLes  activit\u00e9s d\u00e9ciar\u00e9es  sont  les  suivantes,  \u00e0  l'exclusion  de  toute  autre\nEntretien de la maison et travaux  m\u00e9nagers\nPrestations  relevant du  b\u00e9n\u00e9fice  dela  r\u00e9duction  d'imp\u00f4t  pr\u00e9vue  \u00e0 article 199  sexdecies  du  Code\nG\u00e9n\u00e9ral  des  impots.\nLa  structure exerce  ces  activit\u00e9s selon le mode suivant: PRESTATAIRE\nSous  r\u00e9serve  d'\u00eatre exerc\u00e9es  \u00e0  ttre exclusif par  le d\u00e9clarant  (ou  sous  r\u00e9serve  d'une  comptabilit\u00e9\ns\u00e9par\u00e9e pour les personnes morales dispens\u00e9es de la condition d'actwit\u00e9 exclusive), ces activit\u00e9s\nouvrent  drot  au  b\u00e9n\u00e9fice  des  dispositions  des  articles L. 7233-2  du  code  du  traval et L 241-10\ndu  code  de  la s\u00e9curit\u00e9 sociale.\nConform\u00e9ment  aux  dispositions de  l'anicie R7232-19  du  code  du  travail l'organisme  d\u00e9clar\u00e9  doit\nproduire au moins chaque timestre un \u00e9tat d'acti\u00e9  et chaque ann\u00e9e  un bilan quanttatt et\n'qualtatf de  l'activit\u00e9 exerc\u00e9e au  ire  de  l'ann\u00e9e \u00e9coul\u00e9e  ainsi qu'un tableau statistique annuel.\nSi l'organisme  d\u00e9ciar\u00e9  comporte  plusieurs  \u00e9tablissements,  les \u00e9tats statistiques et le bilan annuel\ndistinguent  Factivit\u00e9 exerc\u00e9e par chaque  \u00e9tablissement.\nL'enregistrement de la d\u00e9claration  pourra \u00eatre retir\u00e9 si l'organisme  d\u00e9clar\u00e9  cesse de romplir\nles conditions  ou  de  respecter  les obligations  mentionn\u00e9es  aux  4\u00b0,5\u00b0 et 6\u00b0 de  l'article\nR7232-17  ou  qui  m\u00e9conna\u00ef  les obligations  d\u00e9finies  \u00e0  article R7232-19 du  code  du  travail.\n\u00b0 devra,  sous\neine  de rerat  de la declaration, fare l'objet dune  deciaraton  modticatve  aupr\u00e9s  de  FUM\u00c9\nd\u00e9partementale  des  Hauts-de-Seine.\nLe  pr\u00e9sent  r\u00e9c\u00e9piss\u00e9  sera  publi\u00e9 au  recueil des  actes  adminstratfs  de  Ia pr\u00e9fecture des  Hauts-\nde-Seine.\nFait \u00e0 Nanterre,  le 08  septembre  2025,\nPour  le Pr\u00e9fet\nPar  d\u00e9l\u00e9gation  et subd\u00e9l\u00e9gation\nLa  Responsable  du  service\nD\u00e9veloppement  de  l'emploi  et des\ncomp\u00e9tences >\nde\nMariama  CONDE  |\n\nEx  Direction r\u00e9gionale  et interd\u00e9partementale\nMINIST\u00c8RE  de l'\u00e9conomie, de l'emploi,\nDU  TRAVAIL,  DE  LA  SANT\u00c9,  du travail et des solidarit\u00e9s\nDES  SOLIDARITES\nET  DES  FAMILLES\nLA\nR\u00e9c\u00e9piss\u00e9  n\u00b02025-449  de  d\u00e9claration  d'activit\u00e9s de services  \u00e0 la personne\nenregistr\u00e9e  sous  le n\u00b0 SAP990567901  au  nom  de  la micro-entreprise  KADER\nIsmael  sise  70  Avenue  Chandon  \u00e0 Gennevilliers  (92230)\nLE  PREFET  DES  HAUTS-DE-SEINE\nVu  la loi n\u00b0 2010-853  du 23  juillet 2010  relative aux r\u00e9seaux  consulaires, au commerce et \u00e0\nl'artisanat et aux  services  (article 31)\n'Vu la loi n\u00b02018-1778  du  28  d\u00e9cembre  2015  relative \u00e0 l'adaptation de la soci\u00e9t\u00e9 au\nviellissement ;\nVu  l'aricie 07231-1  du  Code  du  travail;\nVu  les d\u00e9crets n\u00b0 2011-1132  et n\u00b0 2011-1133  du  20  septembre  2011 modifiant certaines\ndispositions  du  Code  du  aval  relatives au  ch\u00e8que  emplo-service  universel  et aux\nservices  \u00e0 la personne\nVu  le d\u00e9cret  n\u00b02016750  du  6jun  2016  relatif \u00e0 la liste des  activit\u00e9s de  services  \u00e0 la personne\n'soumises  \u00e0 agr\u00e9ment ou \u00e0 autorisation dans  le cadre du  r\u00e9gime  commun  dela  d\u00e9ciaration\nVu  le d\u00e9cret du 31 octobre 2024  portant nomination  de Monsieur  Alexandre  BRUGERE,  en\nqualit\u00e9 de Pr\u00e9fet des Hauts-de-Seine;\nVu  l'arr\u00eat\u00e9 interminist\u00e9riel du 12 ao\u00fbt 2025  nommant  Monsieur  Fabrice MASI, Directeur\nr\u00e9gional  et interd\u00e9partemental  de  l'\u00e9conomie,  de  l'emplo,  du  travail et des  soldart\u00e9s  dll\nde-France  \u00e0 compter  du  25  ao\u00fbt  2025 ;\nVu  l'ar\u00e9t\u00e9 pr\u00e9fectoral n\u00b02026-33  du  22  ao\u00fbt  2025  par  lequel le Pr\u00e9fet des  Hauts-de-Seine\nd\u00e9l\u00e8gue  sa signature  \u00e0 Monsieur  Fabrice  MASI,  Directeur  r\u00e9gional et interd\u00e9partemental\nde l'\u00e9conomie, de l'emploi, du travail et des solidarit\u00e9s d'\u00cele-de-France ;\nVu  la d\u00e9cision  n\u00b0 2025-157  du  25  ao\u00fbt  2025  portant  subd\u00e9l\u00e9gation  de  signature  de  Monsieur\nFabrice  MASI,  Directeur  r\u00e9gional et interd\u00e9partemental  de  l'\u00e9conomie, de  l'emploi, du\ntravail et des  solidant\u00e9s  dlle-de-France, aux  agents  de  l'Unit\u00e9 d\u00e9partementale  des  Hauts-\nde-Seine ;\n\nVu  la d\u00e9claration  diactvit\u00e9s de  services  \u00e0  la personne  d\u00e9pos\u00e9es  aupr\u00e8s  de  l'Unit\u00e9\nd\u00e9partementale  des  Hauts-de-Seine  de  la DRIEETS  le 30  ao\u00fbt  2025  par  la micro-\nentreprise  KADER  Ismael  sise  70  Avenue  Chandon  \u00e0  Gennevilier  (92230);\n'Apr\u00e8s examen  du dossier, cette demande \u00e9tant conforme aux  dispositionsde l'article L. 7232.\n1 du code  du travail, le pr\u00e9sent  r\u00e9c\u00e9piss\u00e9  de d\u00e9claration d'actvit\u00e9s de services \u00e0 la personne a\n\u00e9t\u00e9 enregistr\u00e9  au  nom  de  la micro-entreprise  KADER  Ismael  sous  le num\u00e9ro  SAP  990567901.\n1 prend  effet le 30  ao\u00fbt  2025.\nLes  activites d\u00e9clar\u00e9es  sont les suivantes,  \u00e0 l'exclusion de  toute  autre\nEntretien de  la  maison  et travaux  m\u00e9nagers\n=  Garde  d'enfants  de  plus  de  3 ans  \u00e0  domicile\nPrestations  relevant du  b\u00e9n\u00e9fice  de  la r\u00e9duction  d'imp\u00f4t  pr\u00e9vue  \u00e0 l'aticie 199  sexdecies du Code\n(G\u00e9n\u00e9ral  des  Imp\u00f4ts.\nLa  structure  exerce  ces  activit\u00e9s on  le mode  suivant : PRESTATAIRE\nSous  r\u00e9serve  d'tre  exerc\u00e9es  \u00e0 tre  exclus  par  le d\u00e9clarant (ou sous  r\u00e9serve  d'une  comptabilit\u00e9\n's\u00e9par\u00e9e pour les personnes morales dispens\u00e9es de la condition d'activit\u00e9 exclusive), ces activit\u00e9s\n'ouvrent  droit au b\u00e9n\u00e9fice  des  dispositions des  articles L. 7233-2  du code du traval  et L.241-10\ndu  code  de  la s\u00e9curt\u00e9  sociale.\n(Conform\u00e9ment  aux  dispositions de  article  R7232-19  du  code  du  travail, organisme  d\u00e9clar\u00e9  doit\nproduire au  moins  chaque  timestre un \u00e9tat d'activi\u00e9 et chaque  ann\u00e9e  un bilan quanttatf et\nqualtatf  de  Factvite exerc\u00e9e  au  tire de  l'ann\u00e9e  \u00e9coul\u00e9e  ainsi qu'un  tableau  statistique annuel\nSi 'organisme  d\u00e9clar\u00e9  comporte  plusieurs  \u00e9tablissements,  les \u00e9tats statistiques et le bilan annuel\ndistinguent  Factvt\u00e9  exerc\u00e9e  par  chaque  \u00e9tablissement.\nL'enrogistroment de la d\u00e9claration  pourra \u00eatre retir\u00e9 si l'organisme  d\u00e9clar\u00e9  cesse  de remplir\nles conditions  ou  de  respecter  les obligations  mentionn\u00e9es  aux  4*,5\u00b0 ot 6\u00b0 do  I\npane  de revoit  dela carton,  fave Tobjet d'une declaration modticatve aupr\u00e9s de 'Unte\nd\u00e9partementale  des  Hauts-de-Seine\nLe  pr\u00e9sent  r\u00e9c\u00e9piss\u00e9  sera  publi\u00e9 au  recueil des  actes  administratifs de  la pr\u00e9fecture  des  Hauts-\nde-Seine,\nFait \u00e0 Nanterre,  le 08  septembre  2025,\nPour  le Pr\u00e9fet\nPar  d\u00e9l\u00e9gation  ot  subd\u00e9l\u00e9gation\nLa  Responsable  du  service\nD\u00e9veloppement  de  l'emploi  et des\ncomp\u00e9tences  (\\/5.\n'Marlama CONDE\n\nEE  Direction  r\u00e9gionale et interd\u00e9partementale\n-onomie, de  l'emploi,\nDUNRAUAIL, DE LA SANT\u00c9, du ral at des eons\nDES  SOLIDARIT\u00c9S\nET  DES  FAMILLES\n=.\nR\u00e9c\u00e9piss\u00e9  n\u00b02025-450  de  d\u00e9claration  d'activit\u00e9s de  services  \u00e0 la personne\nenregistr\u00e9e  sous  le n\u00b0 SAP  990580482  au  nom  de  la SASU  HORIZON  PROPRETE\nsise  2 R\u00e9sidence  Pablo Picasso  \u00e0 Bagneux  (92220)\nLE  PREFET  DES  HAUTS-DE-SEINE\nVu  la loi n\u00b0 2010-853  du  23juillet  2010  relative aux  r\u00e9seaux  consulaires, au  commerce et \u00e0\nl'artisanat et aux  services (article 31);\nVu  la loi n\u00b02015-1776  du  28  d\u00e9cembre  2015  relative \u00e0 l'adaptation de  la soci\u00e9t\u00e9  au\nviellissement ;\nVu  l'aricie 07231-1  du  Code  du  travail;\nVu  les d\u00e9crets  n\u00b0 2011-1132  et n\u00b0 2011-1133  du  20  septembre  2011  modifiant  certaines:\ndispostions  du  Code  du  travail, relatives au  ch\u00e8que  emploi-senvice  universel  et aux\n'services \u00e0 la personne  ;\nVu  le d\u00e9cret  n*2016-750 du 6juin  2016  relatif \u00e0 la liste des  activit\u00e9s de  services  \u00e0 la personne\nsoumises  \u00e0 agr\u00e9ment  ou  \u00e0 autorisation dans  le cadre  du  r\u00e9gime  commun de la d\u00e9ciaration  ;\nVu  le d\u00e9cret  du  31 octobre  2024  portant  nomination  de  Monsieur  Alexandre  BRUGERE,  en\nquait\u00e9 de Pr\u00e9fet des Hauts-de-Seine ;\nVu  l'arr\u00eat\u00e9 interminist\u00e9riel du  12 ao\u00fbt  2025  nommant  Monsieur  Fabrice  MASI,  Directeur\nr\u00e9gional et interd\u00e9partemental de l'\u00e9conomie, de l'emploi, du travail et des solidant\u00e9s dll\nde-France  \u00e0  compter  du  25  ao\u00fbt  2025  ;\nVu  l'arr\u00eat\u00e9 pr\u00e9fectoral n\u00b02025-33  du  22  ao\u00fbt  2025  par  lequel le Pr\u00e9fet des  Hauts-de-Seine\nd\u00e9l\u00e8gue  sa  signature  \u00e0  Monsieur  Fabrice  MASI,  Directeur  r\u00e9gional et interd\u00e9partemental\n'de l'\u00e9conomie, de l'emploi, du travailet des solidarit\u00e9s d'le-de-France ;\nVu  la d\u00e9cision  n\u00b0 2025-187  du  25  ao\u00fbt  2025  portant  subd\u00e9l\u00e9gation  de  signature  de  Monsieur\nFabrice  MASI,  Directeur  r\u00e9gional  et interd\u00e9partemental  de  l'\u00e9conomie,  de  l'emploi, du\ntraval et des solidarit\u00e9s d'le-de-France,  aux  agents  de  l'Unit\u00e9 d\u00e9partementale  des  Hauts-\nde-Seine  ;\nVu  la d\u00e9claration  d'actit\u00e9s  de  services  \u00e0 la personne  d\u00e9pos\u00e9es  aupr\u00e8s  de  l'Unit\u00e9\nd\u00e9partementale  des  Hauts-de-Seine  de  la DRIEETS  le 30  ao\u00fbt  2025  par  la SASU\nHORIZON  PROPRETE  sise 2 R\u00e9sidence  Pablo  Picasso  \u00e0  Bagneux  (82220)  ;\n\nApr\u00e8s  examen  du  dossier, cette demande  \u00e9tant  conforme  aux  dispositions de  l'article L. 7232-1-\n1 du  code  du  travail, le pr\u00e9sent  r\u00e9c\u00e9piss\u00e9  de  d\u00e9claration  d activites  de  services  \u00e0  a  personne  a\n\u00e9t\u00e9 enregistr\u00e9 au  nom  de la SASU  HORIZON  PROPRETE  sous  le num\u00e9ro  SAP  990580482.\n1  prend  effet  le 30  ao\u00fbt  2028.\nLes  activit\u00e9s d\u00e9clar\u00e9es  sont  les suivantes,  \u00e0 l'exclusion de  toute autre\nEntretien  de  la maison  et travaux  m\u00e9nagers\nGarde  d'enfants de  plus  de  3  ans  \u00e0 domicile ;\nPetits travaux  de  jardinage ;\n'Travaux  de  petit bricolage  ;\nLivraison  de  courses  \u00e0 domicile ;\nMaintenance,  entretien  et vigllanco  temporaires  \u00e0  domicile ;\n'Assistance  informatique  \u00e0  domicile;\nSoins  d'esth\u00e9tique  \u00e0 domicile  pour  personnes  d\u00e9pendantes  ;\n= Soins  et  promenade(s)  d'animaux  pour  personnes  d\u00e9pendantes\n= Conduite  du  v\u00e9hicule  des  personnes  en  cas  d'invalidit\u00e9  temporaire;\n= Assistance  aux  personnes  ayant  besoin  d'une  aide  temporaire  \u00e0  leur  domicile;\nPrestations  relevant  du  b\u00e9n\u00e9fice  de  la r\u00e9duction  d'imp\u00f4t  pr\u00e9vue  \u00e0 article 199  sexdecies  du  Code\nG\u00e9n\u00e9ral  des  Imp\u00f4ts.\nLa  structure  exerce  ces  activit\u00e9s  selon  le mode  suivant :  PRESTATAIRE\nSous  r\u00e9serve  d'\u00eatre exerc\u00e9es  \u00e0 tte  exclusif par  le d\u00e9clarant  (ou  sous  r\u00e9serve  d'une  comptabilit\u00e9\ns\u00e9par\u00e9e  pour les personnes  morales dispens\u00e9es  de la condition d'actvit\u00e9 exclusive), ces activites\nouvrent  drot  au  b\u00e9n\u00e9fice  des  dispositions  des  articles L. 7233-2  du  code  du  travail et L. 241-10\ndu  code  de  la s\u00e9curit\u00e9 sociale\n'Conform\u00e9ment  aux  dispositions de  l'article R7232-19  du  code  du  travail, l'organisme  d\u00e9clar\u00e9  dot\nproduire au moins chaque trimestre un \u00e9tat d'activit\u00e9 et chaque ann\u00e9e  un bilan quantita  et\nqualtaif de l'activit\u00e9 exerc\u00e9e au tire de l'ann\u00e9e \u00e9coul\u00e9e ainsi qu'un tableau statistique annuel\nSi l'organisme  d\u00e9clar\u00e9 comporte  plusieurs  \u00e9tablissements,  le  \u00e9tats  statistiques  et  le bilan  annuel\ndistinguent  l'actit\u00e9  exerc\u00e9e  par  chaque  \u00e9tablissement.\nL'enregistrement de la d\u00e9claration pourra  \u00eatre rotir\u00e9 si l'organisme  d\u00e9clar\u00e9  cesse  de remplir\nles  conditions  ou  de  respecter  les obligations  mentionn\u00e9es  aux  4\u00b0,5\u00b0 ot 6\u00b0 do  l'article\n'R7232417 ou qui  m\u00e9connalt  les obligations  d\u00e9finies  \u00e0 l'rticie R7232-19 du  code  du  travail.\ntn nant la str \u00e9clar\u00e9o devra, sous\npeine de  retrait de Ia d\u00e9claration, faire fobjet dune  d\u00e9claration modificative aupr\u00e9s  de  [Unit\u00e9\nd\u00e9partementale  des  Hauts-de-Seine.\nLe  pr\u00e9sent  r\u00e9c\u00e9piss\u00e9  sera publi\u00e9 au  recuell des  actes  administratifs de  Ia pr\u00e9fecture des  Hauts-\nde-Seine.\nFait  \u00e0  Nanterre,  le 08  septembre  2025,\nPour  le Pr\u00e9fet\nPar d\u00e9l\u00e9gation et subd\u00e9l\u00e9gation\nLa  Responsable  du  service\nD\u00e9veloppement  de  l'emploi  et des\ncomp\u00e9tences  4,\n\nEs  Direction r\u00e9gionale et Interd\u00e9partementale\nMINIST\u00c8RE de l'\u00e9conomie, de l'emploi,\nDU  TRAVAIL, DE LA SANT\u00c9, du travailet des solidarit\u00e9s.\nDES  SOLIDARIT\u00c9S\nET  DES  FAMILLES\nLA\nR\u00e9c\u00e9piss\u00e9  n\u00b02028-451  de d\u00e9claration d'activit\u00e9s de  services \u00e0 la personne\nenregistr\u00e9e  sous  le n\u00b0 SAP  892049487  au  nom  de  la micro-entreprise  DRAYE  Paul\nsise  19  Rue  Joanne  \u00e0  Antony  (92160)\nLE  PREFET  DES  HAUTS-DE-SEINE\nVu  la loi n\u00b0 2010-883  du 23  jullet 2010  relative aux  r\u00e9seaux  consulaires, au commerce  et \u00e0\nFarisanat et aux  services (article 31)\nVu  la loi n\u00b02018-1778  du  28 d\u00e9cembre  2015  relative \u00e0 l'adaptation de  la soci\u00e9t\u00e9 au\nviellissement ;\nVu  l'aricie 07231-1  du  Code  du  travail;\nVu  les d\u00e9crets n\u00b0 2011-1132  et n\u00b0 2011-1139  du  20 septembre  2011 modifiant certaines\ndispostions du Code  du travail relatives au ch\u00e8que  emploi-service universel et aux\nservices \u00e0 la personne  ;\nVu  le d\u00e9cret n\u00b02016.750  du 6 juin 2016 relatif \u00e0 la liste des activit\u00e9s de services \u00e0 Ia personne\nsoumises \u00e0 agr\u00e9ment ou \u00e0 autorisationdans le cadre dur\u00e9gime  commun  dela  d\u00e9claration;\nVu  le d\u00e9cret du 31 octobre 2024  portant nomination  de Monsieur  Alexandre  BRUGERE,  en\n'qualit\u00e9 de Pr\u00e9fet des Hauts-de-Seine ;\nVu  l'arr\u00eat\u00e9 interminist\u00e9riel du 12 ao\u00fbt 2025  nommant  Monsieur  Fabrice MASI,  Directeur\nr\u00e9gionalet interd\u00e9partemental de l'\u00e9conomie, de l'emploi, du travailet des solidarit\u00e9s dle\nde-France \u00e0 compter du  25  ao\u00fbt 2025 ;\nVu  l'arr\u00eat\u00e9 pr\u00e9fectoral n\u00b02025-33  du 22 ao\u00fbt 2025  par lequel le Pr\u00e9fet des  Hauts-de-Seine\nd\u00e9l\u00e8gue sa signature \u00e0 Monsieur Fabrice MASI, Directeur r\u00e9gional etinterd\u00e9partemental\nde  l'\u00e9conomie, de l'emploi du travail et des solidarit\u00e9s d'le-de-France;\nVu  la d\u00e9cision n\u00b0 2025-157  du  25  ao\u00fbt 2025  portant subd\u00e9l\u00e9gation de signature de  Monsieur\nFabrice MASI,  Directeur r\u00e9gional et interd\u00e9partemental de  l'\u00e9conomie, de  l'emploi. du\ntraval et des  solidart\u00e9s dle-de-France,  aux  agents  de  Unit\u00e9  d\u00e9partementale  des Hauts-\nde-Seine  ;\n\nVu  Ia d\u00e9claration  d'actit\u00e9s  de  services  \u00e0  la personne  d\u00e9pos\u00e9es  aupr\u00e8s  de  l'Unit\u00e9\nd\u00e9partementale  des  Hauts-de-Seine  de la DRIEETS  le 29 ao\u00fbt 2025  par la micro\nentreprise  DRAYE  Paul  sise 19  Rue  Jeanne  \u00e0  Antony  (92160);\nApr\u00e8s  examen  du  dossier, cette demande  \u00e9tant  conforme  aux  dispositions de  l'article L. 7232-1-\n1 du  code  du  travail, le pr\u00e9sent  r\u00e9c\u00e9piss\u00e9  de  d\u00e9claration  dactivites  de  services  \u00e0 la personne  a\n\u00e9t\u00e9  enregistr\u00e9  au  nom  de  la micro  entreprise  ORAYE  Paul  sous  le num\u00e9ro  SAP  892049487.\nI prend  effet le 29  ao\u00fbt  2026.\nLes  activit\u00e9s d\u00e9ciar\u00e9es  sont  les suivantes,  \u00e0 l'exclusion de  toute autre\nEntretien  de  la maison  et travaux  m\u00e9nager\nPrestations  relevant du  b\u00e9n\u00e9fice  de  la r\u00e9duction  d'imp\u00f4t  pr\u00e9vue  & l'article 199  sexdecies  du  Code\nG\u00e9n\u00e9ral  des  Imp\u00f4ts.\nLa  structure  exerce  ces  activit\u00e9s  selon  le mode  suivant  : PRESTATAIRE\n'Sous  r\u00e9serve  d'\u00eatre exerc\u00e9es  \u00e0 ttre exclusif par  le d\u00e9clarant  (ou  sous  r\u00e9serve  d'une  comptabilit\u00e9\ns\u00e9par\u00e9e  pour  les personnes  morales  dispens\u00e9es  de  la condition  d'actvit\u00e9 exclusive), ces  activit\u00e9s\n'ouvrent droit au  b\u00e9n\u00e9fice  des  dispositions des  articles L. 7233-2  du  code  du  traval et L. 241-10\ndu  code  de  la s\u00e9curt\u00e9  sociale.\n'Conform\u00e9ment  aux  dispositions  de  article  R7232-19  du  code  du  travail, l'organisme  d\u00e9clar\u00e9  dot\nproduire au moins  chaque  timestre un \u00e9tat d'activit\u00e9 et chaque  ann\u00e9e un bilan quanitatf et\ntat  de  l'activit\u00e9 exerc\u00e9e  au  tre  de  l'ann\u00e9e  \u00e9coul\u00e9e  ainsi qu'un  tableau statistique annuel.\nSi organisme  d\u00e9clar\u00e9  comporte  plusieurs  \u00e9tablissements,  les \u00e9tats statistiques et le bilan annuei\ndistinguent  l'activit\u00e9 exerc\u00e9e  par  chaque  \u00e9tablissement.\nL'enrogistromont dela  d\u00e9claration  pourra  \u00eatre rotir\u00e9 si l'organisme  d\u00e9clar\u00e9  cesse  de  romplir\nles conditions  ou  de  respecter  les obligations  montionn\u00e9es  aux  4,5\u00b0 at 6\u00b0 de  l'article\nR7232-17  ou  qui  m\u00e9connait  les obligations  d\u00e9finies  \u00e0  article R7232-19 du code du  travail\ndevra, sous\npeine de  retrait de  la d\u00e9claration, faire l'objet d'une  d\u00e9claration modificatve aupr\u00e9s  de Unit\u00e9\nd\u00e9partementale  des  Hauts-de-Seine,\nLe  pr\u00e9sent  r\u00e9c\u00e9piss\u00e9  sera  publi\u00e9 au  recuel  des  actes  administratifsde la pr\u00e9fecture  des  Hauts-\nde-Seine.\nFait  \u00e0  Nanterre,  le 08  septembre  2025,\nPour  le Pr\u00e9fet\nar  delegation  et aubdsl\u00e9gaion\nLa  Responsable  du service\nD\u00e9veloppement  de l'emploi et des\ncomp\u00e9tences  {V2 2,\nMariama  CONDE\n\n=a  Direction r\u00e9gionale et interd\u00e9partementale\nMINISTERE de l'\u00e9conomie, de l'emploi,\nDU  TRAVAIL,  DE  LA  SANT\u00c9,  du travail et des solidarit\u00e9s.\nDES  SOLIDARIT\u00c9S\nET  DES  FAMILLES\nEM\nR\u00e9c\u00e9piss\u00e9  n*2025-452  de  d\u00e9claration  d'activit\u00e9s de  services  \u00e0 la personne\nenregistr\u00e9e  sous  le n\u00b0 SAP  990460370  au nom  de  la micro-entreprise  DISERBEAU\nYann  sise  86  Quai  de  Clichy  \u00e0  Clichy  (92110)\nLE  PREFET  DES  HAUTS-DE-SEINE\nVu  la loi n\u00b0 2010-853 du  23 jullet 2010  relative aux  r\u00e9seaux  consulaires, au commerce  et \u00e0\nl'artisanatet aux  services (article 31);\nVu  la loi n\u00b02018-1776  du 28 d\u00e9cembre  2018  relative \u00e0 l'adaptation de  la soci\u00e9t\u00e9 au\nvieilissement ;\nVu  l'article D7231-1  du  Code  du  travail\nVu  les d\u00e9crets n\u00b0 2011-1132  et n\u00b0 2011-1133  du  20 septembre  2011  modifiant certaines.\ndispositions du  Code  du travail, relatives au  ch\u00e8que  emploi-service universel et aux\nservices \u00e0 a  personne ;\nVu  le d\u00e9cret n\u00b02016750  du  8 juin 2016  relatif \u00e0 la liste des  activit\u00e9s de services \u00e0 la personne\nsoumises  \u00e0 agr\u00e9ment  ou \u00e0 autorisation dans le cadre du r\u00e9gime commun  de la d\u00e9claration\nVu  le d\u00e9cret du 31 octobre 2024  portant nomination de Monsieur  Alexandre  BRUGERE,  en\nquait\u00e9 de Pr\u00e9fet des Hauts-de-Seine ;\nVu  l'arr\u00eat\u00e9 interminist\u00e9rel du  12 ao\u00fbt 2025  nommant  Monsieur  Fabrice MASI, Directeur\nr\u00e9gional et interd\u00e9partemental de  l'\u00e9conomie, de  l'emplo, du travail et des solidarit\u00e9s dll\nde-France  \u00e0 compter  du  25  ao\u00fbt  2025 ;\nVu  l'ar\u00eat\u00e9 pr\u00e9fectoral n\u00b02026-33  du 22  ao\u00fbt 2025  par lequel le Pr\u00e9fet des Hauts-de-Seine\nd\u00e9l\u00e8gue  sa signature \u00e0 Monsieur  Fabrice MASI, Directeur r\u00e9gional et interd\u00e9partemental\nde l'\u00e9conomie, de l'emploi, du travailet des solidarit\u00e9s d'le-de-France ;\nVu  la d\u00e9cision n\u00b0 2025-187  du 25 ao\u00fbt 2025  portant subd\u00e9l\u00e9gation de  signature de  Monsieur\nFabrice MASI, Directeur r\u00e9gional et interd\u00e9partemental de l'\u00e9conomie, de  l'emploi, du\ntravail et des  soldari\u00e9s d'le-de-France, aux  agents  de Unit\u00e9  d\u00e9partementale  des  Hauts-\nde-Seine\n\nVu  la  d\u00e9caration  diacthit\u00e9s  de  services  \u00e0 la personne  d\u00e9pos\u00e9es  aupr\u00e8s  de  l'Unit\u00e9\nd\u00e9pa\u00f1ementale  des  Hauts-de-Seine  de  la DRIEETS  le 29  ao\u00fbt  2025  par  la micro-\nentreprise  DISERBEAU  Yann  sise 56 Quai  de  Clichy \u00e0 Clichy (92110)  ;\n'Apr\u00e8s examen  du dossier, cette demande  \u00e9tant conforme aux dispositions de Farticle L. 7232\n1 du  code  du  aval,  le pr\u00e9sent  r\u00e9c\u00e9piss\u00e9  de  d\u00e9ciaraion  d activit\u00e9s de  services  \u00e0  la personne  a\n\u00e9t\u00e9  enregistr\u00e9  au  nom  de  la micro-entreprise  DISERBEAU  Yann  sous  le num\u00e9ro  SAP  990460370.\nIl prend  effet le 29  ao\u00fbt  2025.\nLes  actvit\u00e9s  d\u00e9clar\u00e9es  sont les suivantes,  a l'exclusionde toute autre\n= Entretien  de  la maison  et  travaux  m\u00e9nagers  ;\nPrestations relevant du b\u00e9n\u00e9fice de  la r\u00e9duction d'imp\u00f4t pr\u00e9vue  \u00e0 Faticle 199 sexdecies  du Code\nG\u00e9n\u00e9ral  des  Imp\u00f4ts.\nLa  structure  exerce  ces  activit\u00e9s  selon  le mode  suivant  : PRESTATAIRE\n'Sous  r\u00e9serve  d'\u00eatre exerc\u00e9es  \u00e0 ttre exclusf  par  le d\u00e9clarant  (ou  sous  r\u00e9serve  d'une  comptabilit\u00e9\ns\u00e9par\u00e9e  pour  les personnes  morales  dispens\u00e9es  de  la condition  d'actvit\u00e9 exclusive), ces  activit\u00e9s.\nouvrent drot au b\u00e9n\u00e9fice des  dispositions des articles L. 7233-2  du code du travailet L. 241-10\ndu  code  de  la s\u00e9curt\u00e9  sociale\nConform\u00e9ment  aux  dispositions de  l'article R7232-19  du  code  du travail l'organisme d\u00e9clar\u00e9 doit\nproduire au moins  chaque  trimestre un \u00e9tat d'activi\u00e9 et chaque ann\u00e9e un bilan quantitatif et\nqualtatifde activit\u00e9 exerc\u00e9e  au tive de  ann\u00e9e  \u00e9coul\u00e9e  ainsi qu'un tableau statistique annuel.\nSi l'organisme d\u00e9clar\u00e9 comporte  plusieurs \u00e9tablissements, les \u00e9tats statistiques et le bilan annuel\ndistinguent  l'activit\u00e9 exerc\u00e9e  par  chaque  \u00e9tablissement.\nL'enrogistrement de la d\u00e9claration  pourra  \u00eatre retir\u00e9si l'organisme d\u00e9clar\u00e9  cosse  do romplir\nles conditions  ou  de  respecter  les obligations mentionn\u00e9es  aux  4\u00b0 ot 6\u00b0 de  l'article\n7232.17  ou  qui  m\u00e9connait  les obligations  d\u00e9finies  \u00e0  article R7232-19 du  code  du  travail.\n'Toute modification concernant la structure d\u00e9clar\u00e9s ou les activit\u00e9s exerc\u00e9es devra, sous\neine  de  retrait de  la d\u00e9claration, faire l'objet d'une d\u00e9claration modificative aupr\u00e9s  de l'Unit\u00e9\nd\u00e9partementale  des  Hauts-de-Seine.\nLe pr\u00e9sent r\u00e9c\u00e9piss\u00e9 sera publ\u00e9  au recueil des actes administatits de la pr\u00e9fecture des  Hauts-\nde-Seine.\nFat  \u00e0 Nanterre, le 08  septembre  2025.\nPour  le Pr\u00e9fet\nPar  d\u00e9l\u00e9gation  et subd\u00e9l\u00e9gation\nLa  Responsable  du  service\nD\u00e9veloppement  de  l'emploi  et  des\ncompare  GAS\nMarlama  COND\u00c9  |\n\n=n  Direction r\u00e9gionale et interd\u00e9partomentale\nMINISTERE de l'\u00e9conomie, de l'emploi,\nDU  TRAVAIL, DE LA SANT\u00c9, du travail et des solidarit\u00e9s\nDES  SOLIDARIT\u00c9S\nET  DES  FAMILLES\nEM\nR\u00e9c\u00e9piss\u00e9  n\u00b02028-453  de  d\u00e9claration d'activit\u00e9s de  services  \u00e0 la personne\nenregistr\u00e9e  sous  le n\u00b0 SAP  919434225 au  nom  de  la micro-entreprise  GUEZZY\nRyad sise 48  Avenue  Gallieni \u00e0 Antony  (92160)\nLE  PREFET  DES  HAUTS-DE-SEINE\nVu  la loi n\u00b0 2010-853 du 23 jullet 2010 relative aux r\u00e9seaux consulaires, au commerce  et \u00e0\nl'artisanat et aux  services (article 31);\nVu  la loi n\u00b02018-1776 du 28 d\u00e9cembre  2015 relative \u00e0 adaptation de la soci\u00e9t\u00e9 au\nvellissement\nVu  l'article D7231-1  du Code  du travail;\nVu  les d\u00e9crets n\u00b0 2011-1132 et n\u00b0 2011-1133 du 20 septembre 2011 modifiant certaines\ndispositions du Code  du travail, relatives au ch\u00e8que emplosenice  universel et aux\n'services \u00e0 a  personne ;\nVu  le d\u00e9cret n\u00b02016750  du 6 juin 2016 relati \u00e0 la liste des activit\u00e9s de services \u00e0 la personne\nsoumises \u00e0 agr\u00e9ment ou \u00e0 autorisation dans le cadre du r\u00e9gime commun  de a d\u00e9claration ;\nVu  le d\u00e9cret du 31 octobre 2024 portant nomination de Monsieur Alexandre BRUGERE,  en\nqualit\u00e9 de  Pr\u00e9fet des  Hauts-de-Seine ;\nVu  l'arr\u00eat\u00e9 interminist\u00e9riel du 12 ao\u00fbt 2025 nommant  Monsieur Fabrice MASI, Directeur\nr\u00e9gionalet interd\u00e9partemental de l'\u00e9conomie, de l'emploi, du travail et des soldart\u00e9sdll\nde-France  \u00e0 compter  du  25  ao\u00fbt  2025\nVu  l'arr\u00eat\u00e9 pr\u00e9fectoral n\u00b02026-33 du 22 ao\u00fbt 2025 par lequel le Pr\u00e9fet des Hauts-de-Seine\nd\u00e9l\u00e8gue sa signature \u00e0 Monsieur Fabrice MASI, Directeur r\u00e9gional et interd\u00e9partemental\nde  l'\u00e9conomie de l'emploi du travail et des solidarit\u00e9s d'le-de-France ;\nVu  la d\u00e9cision n\u00b0 2025-187 du 25 ao\u00fbt 2025 portant subd\u00e9l\u00e9gation de signature de Monsieur\nFabrice MASI, Directeur r\u00e9gional et interd\u00e9partemental de l'\u00e9conomie, de l'emploi, du\ntravail et des solidarit\u00e9s d'le-de-France, aux agents de l'Unit\u00e9 d\u00e9partementale des Hauts-\nde-Seine\n\nVu  la d\u00e9claration  d'activit\u00e9s de  services  \u00e0  la personne  d\u00e9pos\u00e9es  le 09  septembre  2025  par  la\nmicro-entreprise  GUEZZY  Ryad  sise 48  Avenue  Gallieni \u00e0 Antony  (92180)  ;\nApr\u00e8s  examen  du  dossier, cette demande  \u00e9tant conforme  aux  dispositions de  Faricle  L. 7232-\n1 du code  du traval, le pr\u00e9sent  r\u00e9c\u00e9piss\u00e9  de d\u00e9ciaraton  d'activit\u00e9s de services  \u00e0 la personne  \u00e0\n\u00e9t\u00e9 enregistr\u00e9  au  nom  de  la micro-entreprise  GUEZZY  Ryad  sous le num\u00e9ro  SAP  918434228.\nLes  activit\u00e9s  d\u00e9clar\u00e9es  sont  les  suivantes,  \u00e0  l'exclusion  de  toute  autre\n~ Soutien  scolaire ou  cours  \u00e0  domicile  ;\nPrestations  relevant du  b\u00e9n\u00e9fice  de  la r\u00e9duction  d'imp\u00f4t  pr\u00e9vue  \u00e0  l'article 199  sexdecies  du  Code\n(G\u00e9n\u00e9ral  des  Imp\u00f4ts.\nLa  structure  exerce  ces  activit\u00e9s  selon  le mode  suivant  : PRESTATAIRE\n'Sous  r\u00e9serve  d'\u00eatre exerc\u00e9es  \u00e0 ttre exclusif par  le d\u00e9clarant  (ou sous  r\u00e9serve  d'une  comptabilit\u00e9\ns\u00e9par\u00e9e  pour  les personnes  morales  dispens\u00e9es  de  la condition  d'actvi\u00e9 exclusive), ces  activit\u00e9s\n'ouvrent droit au  b\u00e9n\u00e9fice  des  dispositions des  articles L. 7233-2  du  code  du  traval et L. 241-10,\ndu  code  de  la s\u00e9curit\u00e9 sociale.\n'Conform\u00e9ment  aux  dispositions  de  l'article R7232-19  du  code  du  travail organisme  d\u00e9clar\u00e9  dit\nproduire  au  moins  chaque  trimestre un  \u00e9tat dactivt\u00e9  et chaque  ann\u00e9e  un  bilan quanttatf  et\nQualitatf de activte exerc\u00e9e au tire de l'ann\u00e9e \u00e9coul\u00e9e ainsi qu'un tableau statistique annuel.\nSi l'organisme  d\u00e9clar\u00e9  comporte  plusieurs  \u00e9tablissements,  les \u00e9tats statistiques et le bilan annuel\ndlstinguent  l'activit\u00e9 exerc\u00e9e  par chaque  \u00e9tablissement.\nLe  pr\u00e9sent  r\u00e9c\u00e9piss\u00e9  prond  effet lo 09  septembre  2025.\nL'enregistrement  de la d\u00e9claration  pourra  \u00eatre rotir\u00e9si l'organisme  d\u00e9clar\u00e9  cesse de remplir\nles conditions  ou  de respecter  les obligations mentionn\u00e9es  aux  4\u00b0  ot 6\u00b0 de  l'article\nR7232-17 ou  qui  m\u00e9connait  les obligations  d\u00e9finies \u00e0  article R7232-19  du code du travail.\npeine de retrait de\n'd\u00e9partementale  des  Hauts-de-Seine.\nLe  pr\u00e9sent  r\u00e9c\u00e9piss\u00e9  sera  publi\u00e9 au  rocuei  des  actes  administratits de  la pr\u00e9fecture  des  Hauts-\nde-Sone.\nFait \u00e0  Nanterre, le 11 septembre  2025,\nPour  le Pr\u00e9fet\nPar  d\u00e9l\u00e9gation  ot subd\u00e9l\u00e9gation\nLa  Responsable  du  service\nD\u00e9veloppement  de  l'emploi  et des\ncomp\u00e9tences\nMarais CONDE\n\nEE  Direction  r\u00e9gionale  et interd\u00e9partomentale\nMINISTERE  do l'\u00e9conomie, de l'emploi,\nDU  TRAVAIL,  DE  LA SANT\u00c9,  du travailet des solidarit\u00e9s\nDES  SOLIDARITES\nET  DES  FAMILLES\nLA\nR\u00e9c\u00e9piss\u00e9  n\u00b02025-454  de  d\u00e9claration d'activit\u00e9s de  services \u00e0 la personne\n\"enregistr\u00e9e  sous  le n\u00b0 SAP938032851  au  nom  de  la micro-entreprise  TALMONT\nElise sise7 Rue  Th\u00e9ophile  Gautier \u00e0 Montrouge  (92120)\nLE  PREFET  DES  HAUTS-DE-SEINE\nVu  la loi n\u00b0 2010-853  du  23 jullet 2010  relative aux r\u00e9seaux  consulaires, au commerce  et \u00e0\nl'artisanat et aux  services  (article 31);\nVu  la loi n\u00b02015-1776  du  28  d\u00e9cembre  2015  relative \u00e0 l'adaptation de  la soci\u00e9t\u00e9  au\nvellissement\nVu  l'article D7231-1  du  Code  du travail;\nVu  les d\u00e9crets n\u00b0 2011-1132  et n\u00b0 2011-1133  du 20  septembre  2011  modifiant certaines\ndispositions du  Code  du  traval, relatives au  ch\u00e8que  emploi-service  universel et aux\nservices \u00e0 la personne\nVu  le d\u00e9cret  n\u00b02016-750  du 6 juin 2016 reltf  \u00e0 la ste  des activites de services \u00e0 la personne\nsoumises \u00e0 agr\u00e9ment  ou  autorisation dans le cadre du r\u00e9gime commun  de a d\u00e9claration ;\nVu  le  d\u00e9cret du 31 octobre 2024 portant nomination de Monsieur Alexandre BRUGERE,  en\nqualt\u00e9 de  Pr\u00e9ft  des  Hauts-de-Seine  ;\nVu  l'ar\u00eat\u00e9 interminist\u00e9riel du  12 ao\u00fbt  2025  nommant  Monsieur  Fabrice  MASI,  Directeur\nr\u00e9gional et interd\u00e9partemental  de  l'\u00e9conomie,  de  l'emploi, du travail et des  solidarit\u00e9s dile-\nde-France  \u00e0  compter  du  25  ao\u00fbt  2025\nVu  l'arr\u00eat\u00e9 pr\u00e9fectoral n\u00b02025-33  du  22 ao\u00fbt 2025  par lequel le Pr\u00e9fet des  Hauts-de-Seine\n'd\u00e9l\u00e8gue sa signature \u00e0 Monsieur  Fabrice MASI,  Directeur r\u00e9gional et interd\u00e9partemental\n'de l'\u00e9conomie, de l'emploi du travall et des solidarit\u00e9s d'le-de-France;\nVu  la d\u00e9cision  n\u00b0 2025-157 du  25 ao\u00fbt  2025  portant subd\u00e9l\u00e9gation  de  signature  de Monsieur\nFabrice  MASI,  Directeur  r\u00e9gional  et interd\u00e9partemental  de  l'\u00e9conomie,  de  l'emploi, du\ntraval et des  solidarit\u00e9s d'le-de-France, aux  agents de  l'Unit\u00e9 d\u00e9partementale  des  Hauts-\nde-Seine  ;\n\nVu  la d\u00e9claration  d'activit\u00e9s  de  services  \u00e0 la personne  d\u00e9pos\u00e9es  le 25  ao\u00fbt  2025  par  la micro-\nentreprise  TALMONT  Else  sise 7 Rue  Th\u00e9ophi  Gautier  \u00e0  Montrouge  (92120);\nApr\u00e8s  examen  du  dossier, cette demande \u00e9tant  conforme  aux  dispostions  de  l'aricie L. 7232-1-\n1 du  code  du  travail, le pr\u00e9sent  r\u00e9c\u00e9piss\u00e9  de  d\u00e9clralion  d'activit\u00e9s  de  services  \u00e0 la  personne  a\n\u00e9t\u00e9  enregistr\u00e9  au  nom  de  la micro-entreprise  TALMONT  Elise  sous  le num\u00e9ro  SAPS38032851.\nLes  activit\u00e9s d\u00e9clar\u00e9es  sont  les  suivantes,  \u00e0 l'exclusion  de  toute  autre\n= Soutien  scolaire  ou  cours  \u00e0 domicile\nPrestations  relevant  du  b\u00e9n\u00e9fice  de  la r\u00e9duction  d'imp\u00f4t  pr\u00e9vue  \u00e0 l'article 199  sexdecies du  Code\nG\u00e9n\u00e9ral  des  impets.\nLa  structure  exerce  ces  activit\u00e9s  selon  le mode  suivant  : PRESTATAIRE\nSous  r\u00e9serve  d'\u00eatre exerc\u00e9es  \u00e0 tre  exclusif parle  d\u00e9clarant  (ou sous r\u00e9serve  d'une  comptabilit\u00e9\ns\u00e9par\u00e9e  pour les  personnes  morales  dispens\u00e9es  de  la condition  d'activit\u00e9 exclusive), cos  activit\u00e9s.\n'ouvrent droit au b\u00e9n\u00e9fice  des  dispostions  des  articles L. 7233-2  du  code du traval et L. 241-10\ndu  code  de  la s\u00e9curt\u00e9  sociale.\n'Conform\u00e9ment  aux  dispositions  de  l'aricie R7232-19 du  code  du  travail  l'organisme  d\u00e9clar\u00e9  dot\nproduire au moins  chaque  timestre un \u00e9tat d'activit\u00e9 et chaque  ann\u00e9e  un bilan quanttatf et\nqualtatf de active  exerc\u00e9e  au  tire de  l'ann\u00e9e  \u00e9coul\u00e9e  ainsi qu'un  tableau  statistique annuel.\nSi l'organisme  d\u00e9clar\u00e9  comport  plusieurs \u00e9tablissements,  les \u00e9tats statistiques et le bilan annuel\ndistinguent  l'activit\u00e9 exerc\u00e9e  par  chaque  \u00e9tablissement.\nLe  pr\u00e9sent  r\u00e9c\u00e9piss\u00e9  prend  effet le 25 ao\u00fbt  2025.\nL'enrogistrement de la d\u00e9claration pourra  \u00eatre ratir\u00e9 si l'organisme d\u00e9clar\u00e9  casse  de remplir\nles conditions  ou  de  respecter  les obligations  mentionn\u00e9es  aux  4',5\u00b0 ot 6\u00b0 de  l'article\nR7232-17  ou  qui  m\u00e9connait  les obligations  d\u00e9finies  \u00e0 l'article R7232-19  du  code  du  travail,\npone de reat de la d\u00e9caration, fare Tebjet d'une d\u00e9ctaraton modieatve aupr\u00e9s de TUNt\u00ae\nd\u00e9partementale  des  Hauts-de-Seine.\nLe  pr\u00e9sent  r\u00e9c\u00e9piss\u00e9  sera publi\u00e9 au recueil des  actes  administratifs de la pr\u00e9fecture  des  Hauts-\nde-Seine.\nFait \u00e0 Nanterre,  le 11 septembre 2025,\nPour  le Pr\u00e9fet\nPar  d\u00e9l\u00e9gation  et  subd\u00e9l\u00e9gation\nLa  Responsable  du  service\nD\u00e9veloppement  de  l'emploi  et des\n\nEE  Direction  r\u00e9gionale  et  interd\u00e9partementale\nMINISTERE de l'\u00e9conomie, de l'emploi,\nDU  TRAVAIL,  DE  LA  SANT\u00c9,  du travail et des solidarit\u00e9s\nDES  SOLIDARIT\u00c9S\nET  DES  FAMILLES\nA\nR\u00e9c\u00e9piss\u00e9  n\u00b02025-455  de  d\u00e9claration  d'activit\u00e9s  de  services  \u00e0  la personne\nenregistr\u00e9e  sous  le n\u00b0 SAP990171100  au  nom  de  la SARL  Les  Services  de Th\u00e9o\nsise  23  Rue  Saint  Maurice \u00e0 Nanterre  (92000)\nLE  PREFET  DES  HAUTS-DE-SEINE\nVu  la loi n\u00b0 2010-853 du  23  jullet 2010  relative aux  r\u00e9seaux  consulaires,  au  commerce  et \u00e0\nl'artisanat et aux  services  (article 31);\nVu  la loi 1\u00b02015-1778  du  28  d\u00e9cembre  201$  relative  \u00e0  l'adaptation  de  la soci\u00e9t\u00e9  au\nvillissement\nVu  l'article D7231-1  du  Code  du  travail;\nVu  les d\u00e9crets  n\u00b0 2011-1132  et n\u00b0 2011-1133  du  20  septembre  2011  modifiant  certaines\ndispositions du  Code  du  traval, relatives au  ch\u00e8que  emploi-service  universel et aux\nservices \u00e0 la  personne\nVu  le d\u00e9cret  n'2016:750  du 6 juin 2016 relat  \u00e0 la liste des activites de services \u00e0 la personne\nsoumises  \u00e0 agr\u00e9ment  ou \u00e0 autorisation dans  le cadre  du r\u00e9gime  commun  dela d\u00e9claration ;\n'Vu le d\u00e9cret  du  31 octobre  2024  portant nomination  de  Monsieur  Alexandre  BRUGERE,  en\n'quait\u00e9 de Pr\u00e9fet des Hauts-de-Seine\nrr\u00eat\u00e9 interminist\u00e9riel du  12 ao\u00fbt  2025  nommant  Monsieur  Fabrice  MASI,  Directeur\nr\u00e9gional et interd\u00e9partemental de l'\u00e9conomie, de l'emploi, du travailet des solidarit\u00e9s dl\nde-France \u00e0  compter  du  25  ao\u00fbt  2025  ;\nVu  l'arr\u00eat\u00e9 pr\u00e9fectoral n\u00b02025-33  du  22  ao\u00fbt  2025  par  lequel le Pr\u00e9fet des  Hauts-de-Seine\nd\u00e9l\u00e8gue sa signature  \u00e0 Monsieur  Fabrice  MASI,  Directeur  r\u00e9gional et interd\u00e9partemental\nde l'\u00e9conomie, de l'emploi, du traval et des  solidarit\u00e9s d'\u00cele-de-France ;\nVu  la d\u00e9cision  n\u00b0 2025-157  du  25  ao\u00fbt  2025  portant  subd\u00e9l\u00e9gation  de  signature  de  Monsieur\nFabrice  MASI,  Directeur  r\u00e9gional et interd\u00e9partemental  de  l'\u00e9conomie,  de  l'emploi, du\ntravail  et  des  solidarit\u00e9s  dle-de-France,  aux  agents de l'Unit\u00e9  d\u00e9partementale  des  Hauts-\nde-Seine\n\nVu  la d\u00e9claration  d'activit\u00e9s de services  \u00e0 la personne  d\u00e9pos\u00e9es  le 15 ao\u00fbt 2025 parla  SARL\nLes  Services  de Th\u00e9o  sise 23  Rue  Saint  Maurice  \u00e0 Nanterre (92000)  ;\n'Apr\u00e8s examen  du dossier, cette demande  \u00e9tant conforme aux dispositions de article L. 7232-1-\n1 du code  du travail, le pr\u00e9sent  r\u00e9c\u00e9piss\u00e9  de d\u00e9claration d activit\u00e9s de services \u00e0 la personne  a\n\u00e9t\u00e9 enregistr\u00e9 au nom  de la SARL  Les Services  de  Th\u00e9o  sous le num\u00e9ro  SAP  990171100.\nLes  activit\u00e9s d\u00e9clar\u00e9es  sont  les suivantes,  a exclusion  de  toute autre\n= Entretien  de  la  maison  et  travaux  m\u00e9nagers  ;\nPrestations relevant du  b\u00e9n\u00e9fice dela  r\u00e9duction cimp\u00f4t  pr\u00e9vue  \u00e0 Taticle 199 sexdecies  du  Code\n'G\u00e9n\u00e9ral  des  Imp\u00f4ts.\nLa structure exerce  ces  activit\u00e9s selon  le mode  suivant  : PRESTATAIRE\nSous  r\u00e9serve  d'\u00eatre exerc\u00e9es  \u00e0  tre  exclus  par  le d\u00e9clarant  (ou sous  r\u00e9serve  d'une  comptabilit\u00e9\ns\u00e9par\u00e9e pour les personnes morales dispens\u00e9es de la condition d'actvi\u00e9 exclusive), ces activit\u00e9s\n'ouvrent droit au b\u00e9n\u00e9fice  des  dispostions  des  artcies  L. 7233-2  du  code  du  traval et L. 241-10,\ndu  code  de  la s\u00e9curit\u00e9  sociale.\nConform\u00e9ment  aux  dispositions de  l'article R7232-19  du  code  du  travail, l'organisme d\u00e9clar\u00e9 doit\nproduire  au  moins  chaque  timestre  un  \u00e9tat d'activit\u00e9 et chaque  ann\u00e9e  un  bilan quanttatf  et\nquaitatf de l'activit\u00e9 exerc\u00e9e au tire de l'ann\u00e9e \u00e9coul\u00e9e ainsi qu'un tableau statistique annuel\nSi organisme  d\u00e9clar\u00e9  comporte  plusieurs  \u00e9tablissements,  les \u00e9tats statistiques et le bilan annuel\ndistinguent  Factvit\u00e9 exerc\u00e9e par chaque  \u00e9tablissement.\nLe  pr\u00e9sent  r\u00e9c\u00e9piss\u00e9  prond  effet le 18 ao\u00fbt  2026.\nL'enregistrement de la d\u00e9claration  pourra  dtr  roir\u00e9si  l'organisme d\u00e9clar\u00e9  cesse  de remplir\nles conditions  ou  de  respecter  les obligations montionn\u00e9es  aux  4\u00b0,5* at 6\u00b0 de  l'article\nR7232-17  ou  qui m\u00e9connait  les obligations d\u00e9finies \u00e0 article R7232-19 du  code  du  travail,\npeine de retrait de Ta d\u00e9claration,\nd\u00e9partementale des Hauts-de-Seine.\nLe  pr\u00e9sent  r\u00e9c\u00e9piss\u00e9  sera  publ\u00e9  au  recuell des  actes  administratfs  de  la pr\u00e9fecture  des  Hauts-\nde-Seine.\nTobjet  d'une  d\u00e9claration  modifeatve  aupr\u00e9s  de  fUnke\nFait \u00e0 Nanterre, le 11 septembre  2025,\nPour  le Pr\u00e9ft\nPa  d\u00e9l\u00e9gation  ot subd\u00e9t\u00e9gation\nLa  Responsable  du  service\nD\u00e9veloppement  de  l'emploi  et des\ncometnorena Jo\nMariama  CONDE\n\nEu  Direction r\u00e9gionale tintord\u00e9partemantale\nde l'\u00e9conomie,  de l'omplol,\nDU YRAVAIL, DE LA SANT\u00c9, di travall et des soidant\u00e9s\nDES  SOLIDARIT\u00c9S\nET  DES  FAMILLES\nou\nR\u00e9c\u00e9piss\u00e9  n*2025-456  de  d\u00e9claration  d'activit\u00e9s de  services  \u00e0 la personne\nenregistr\u00e9e  sous  le n\u00b0 SAP807544382  au  nom  de  la micro-entreprise  LE  BEL\nJennifer  sise  41 Rue  Edmond  About \u00e0 Le  Plessis-Robinson  (92350)\nLE  PREFET  DES  HAUTS-DE-SEINE\n'Vu la loi n\u00b0 2010-863  du 23  jullet 2010  relative aux  r\u00e9seaux  consulaires, au commerce  et \u00e0\nl'artisanatet aux  services (article 31);\nVu  la loi n\u00b02018-1778  du  28 d\u00e9cembre  2015  relative \u00e0 l'adaptation de  la soci\u00e9t\u00e9 au\nviilissement\n'Vu l'aide  D7231:1  du  Code  du travail;\nVu  les d\u00e9crets n\u00b0 2011-1132  et n\u00b0 2011-1133  du  20 septembre  2011  modifiant certaines\ndispositions  du  Code  du  travail, relatives au  ch\u00e8que  emplai-service  universal  et aux\n'services  \u00e0 la personne ;\nVu  le d\u00e9cret n\u00b02016:750  du  8jun  2016  relatif \u00e0 la liste des  activites de services \u00e0 la personne\n'soumises \u00e0 agr\u00e9ment  ou  \u00e0 autorisation dans le cadre  du  r\u00e9gime  commun  dela  d\u00e9claration ;\nVu  le d\u00e9crot du 31 octobre 2024  portant nomination de  Monsieur  Alexandre  BRUGERE,  en\nquait\u00e9 de Pr\u00e9fet des Hauts-de-Seine ;\nVu  l'arr\u00eat\u00e9 interminist\u00e9riel du  12 ao\u00fbt 2025  nommant  Monsieur  Fabrice MASI,  Directeur\nr\u00e9gional et interd\u00e9partemental de l'\u00e9conomie, de l'emplol, du travail et des soldartes d'le-\nde-France  \u00e0  compter  du  25  ao\u00fbt  2025  ;\nVu  l'ar\u00eat\u00e9 pr\u00e9fectoral n\u00b02026-33  du  22 ao\u00fbt 2025  par lequel le Pr\u00e9fet des  Hauts-de-Seine\nd\u00e9l\u00e8gue  sa  signature  \u00e0 Monsieur  Fabrice  MASI,  Directeur  r\u00e9gional et interd\u00e9partemental\n'de l'\u00e9conomie, de l'emploi, du travail et des solidarit\u00e9s d'\u00cele-de-France ;\nVu  la d\u00e9cision n* 2025-187  du 25 ao\u00fbt 2025  portant subd\u00e9l\u00e9gation de  signature de Monsieur\nFabrice  MASI,  Directeur  r\u00e9gional et interd\u00e9partemental  de  l'\u00e9conomie, de  l'emploi, du\ntravail et des  solidarit\u00e9s d'le-de-France,  aux  agents  de  l'Unit\u00e9 d\u00e9partementale  des  Hauts-\nde-Seine\nVu  la d\u00e9claration dactvites de services \u00e0 la personne  d\u00e9pos\u00e9es  le 04 septembre  2025  parla\nmicro-entreprise LE  BEL  Jennifer sise 41 Rue  Edmond  About  \u00e0 Le Plessis-Robinson\n(62356);\n\n'Apr\u00e8s examen  du  dossier, cette demande  \u00e9tant conforme  aux  dispositions de  l'article L. 7232-\n1 du code  du aval,  le pr\u00e9sent  r\u00e9c\u00e9piss\u00e9  de d\u00e9claration d'activit\u00e9s de services \u00e0  la personne\n\u00e9t\u00e9  enregistr\u00e9  au  nom  de  la micro-entreprise  LE  BEL  Jennifer  sous  le num\u00e9ro  SAP807544382.\nLes  actvit\u00e9s  d\u00e9clar\u00e9es  sont  les suivantes, \u00e0 l'exclusion de  toute autre\nEntretien  de  la maison  et  travaux  m\u00e9nagers  ;\nPetits  travaux  de  Jardinage\n=  Travaux de  petit  bricolage  ;\n= Pr\u00e9paration  de  ropas \u00e0  domicile;\n+ Livraison  de  repas  \u00e0  domicile\n+ Gollecte  et  livaison  \u00e0  domicile  de  linge  repass\u00e9  ;\nLivraison  de  courses  \u00e0  domicile;\n= Maintenance,  entretien  et  vigilance  temporaires  \u00e0  domicile;\n= Soins  d'esth\u00e9tique \u00e0 domicile  pour  personnes  d\u00e9pendantes\n= Soins  et  promenade(s)  d'animaux  pour  personnes  d\u00e9pendantes  ;\nPrestations relevant du b\u00e9n\u00e9fice de  la r\u00e9duction d'imp\u00f4t pr\u00e9vue  \u00e0 Vartice 199 sexdecies  du Code\nG\u00e9n\u00e9ral  des  Imp\u00f4ts.\nLa  structure  exorce  ces  activit\u00e9s  solon  le mode  suivant  : PRESTATAIRE\nSous  r\u00e9serve  d'\u00eatre exerc\u00e9es  \u00e0 tre  exclusif par  le d\u00e9clarant  (ou  sous  r\u00e9serve  d'une  comptabilit\u00e9\ns\u00e9par\u00e9e  pour  les personnes  morales  dispens\u00e9es  de  la condition  d activit\u00e9 exclusive), ces  activit\u00e9s\nouvrent drot au b\u00e9n\u00e9fice des  dispositions des articles L. 7233-2  du code  du  traval et L. 241-10\ndu  code  de  a  s\u00e9curit\u00e9 sociale.\n{Conform\u00e9ment  aux  dispositions de  l'article R7232-19  du  code  du  travail l'organisme  d\u00e9clar\u00e9  dot\nproduire au moins  chaque  timestre un \u00e9tat dactivite et chaque  ann\u00e9e  un bilan quanttatf et\n'qualtatf de  Factivi\u00e9  exerc\u00e9e  au  tire de  l'ann\u00e9e  \u00e9coul\u00e9e  ainsi qu'un  tableau  statistique annuel.\nSi organisme  d\u00e9clar\u00e9  comport  plusieurs  \u00e9tablissements,  les \u00e9tats statistiques et le bilan annuel\ndistinguent  l'activit\u00e9 exerc\u00e9e  par  chaque  \u00e9tablissement.\nLo  pr\u00e9sent  r\u00e9c\u00e9piss\u00e9  prend  effet le 04  septembre  2025.\nL'enregistrement de la d\u00e9claration pourra  \u00eatre ratir\u00e9si l'organisme  d\u00e9clar\u00e9 cosse de remplir\nles conditions  ou  de  respecter  les obligations  mentionn\u00e9es  aux  4\u00b0 ot 6\u00b0 de  l'article\nR7232-17 ou  qui  m\u00e9connait  les obligations  d\u00e9finies \u00e0  article  R7232-19  du  code du travail,\npans de reat dela d\u00e9claration, fare Tobet une d\u00e9cration moctiatve aupr\u00e9s de Unie\n'S\u00e9partementale  des  Hauts-de-Seine\nLe  pr\u00e9sent  r\u00e9c\u00e9piss\u00e9  sera  publi\u00e9 au  recueil des  actes  administratifs de  la pr\u00e9fecture  des  Hauts-\nde-Seine.\nFait \u00e0 Nanterre,  le 11 septembre 2025.\nPour  le Pr\u00e9fet\nPar  d\u00e9l\u00e9gation  ot subd\u00e9l\u00e9gation\nLa  Responsable  du  service\nD\u00e9veloppement de  l'emploi  et des\ncomp\u00e9tences  (2\nMariama  COND\u00c9\n\nEs  Direction r\u00e9gionale et interd\u00e9partementale\nMINIST\u00c8RE de l'\u00e9conomie, de l'emploi,\nDU  TRAVAIL, DE LA SANT\u00c9, du travail et des solidarit\u00e9s\nDES  SOLIDARIT\u00c9S\nET  DES  FAMILLES\nfa\nR\u00e9c\u00e9piss\u00e9  n*2025-457 de d\u00e9claration d'activit\u00e9s de  services \u00e0 la personne\n'enregistr\u00e9e sous  le n\u00b0 SAP  990696239  au nom  de la SASU  Lut\u00e8ce HomeGym  sise\n66 bis Rue  Marcel  Miquel  \u00e0 Issy-les-Moulineaux  (92130)\nLE  PREFET  DES  HAUTS-DE-SEINE\nVu  la loi n\u00b0 2010-853 du 23 jullet 2010 relative aux r\u00e9seaux consulaires, au commerce  et \u00e0\nl'aisanat  et aux  services  (article 31);\nVu  la loi n\u00b02015-1776 du 28 d\u00e9cembre  2016 relative \u00e0 l'adaptation de la soci\u00e9t\u00e9 au\nviilissement ;\nVu  l'article D7231:1  du  Code  du  travail\nVu  les d\u00e9crets n\u00b0 2011-1132  et n\u00b0 2011-1133 du 20 septembre 2011 modifiant certaines\ndispositions du  Code  du traval, relatives au ch\u00e8que  emplo-service  universel et aux\nservices  \u00e0  la personne ;\nVu  le d\u00e9cret n\u00b02016750 du 8 juin 2016 relatif \u00e0 la iste des activit\u00e9sde services \u00e0 Ia personne\nsoumises \u00e0 agr\u00e9ment  ou \u00e0 autorisationdans le cadre du r\u00e9gime  commun  dela d\u00e9claration ;\nVu le d\u00e9cretdu 31 octobre 2024 portant nomination de Monsieur Alexandre BRUGERE,  en\n'qualit\u00e9 de Pr\u00e9fet des Hauts-de-Seine\nVu  l'\u00e9t\u00e9  interminist\u00e9riel du 12 ao\u00fbt 2025 nommant  Monsieur Fabrice MASI, Directeur\nr\u00e9gional et interd\u00e9partemental de l'\u00e9conomie, de l'emploi, du travailet des solidarit\u00e9s dle\nde-France \u00e0 compter du 25 ao\u00fbt 2025 ;\nVu l'arr\u00e9t\u00e9 pr\u00e9fectoral n'2025-33 du 22 ao\u00fbt 2025 par lequel le Pr\u00e9fet des Hauts-de-Seine\n'd\u00e9l\u00e8gue sa signature \u00e0 Monsieur Fabrice MASI, Directeur r\u00e9gional et interd\u00e9partemental\n'de \u00e9conomie, de l'emploi du travailet des solidarit\u00e9s d'\u00cele-de-France;\nVu  la d\u00e9cision n\u00b0 2025-157 du 25 ao\u00fbt 2025 portant subd\u00e9l\u00e9gation de signature de Monsieur\nFabrice MASI, Directeur r\u00e9gional et interd\u00e9partemental de  l'\u00e9conomie, de l'emploi. du\ntava  et des solidarit\u00e9s d'le-de-France, aux agents de l'Unit\u00e9 d\u00e9partementale des Hauts-\nde-Seine  ;\n\n'Vu la d\u00e9claration d activit\u00e9s de services \u00e0 la personne  d\u00e9pos\u00e9es  le 11 septembre  2025 parla\nSASU  Lut\u00e8ce  HomeGym  sise  66  bis  Rue  Marcel  Miquel  \u00e0  Issy-les-Moulineaux  (92130)\n'Apr\u00e8s  examen  du  dossier,  cette  demande  \u00e9tant  conforme  aux  dispositions  de  article  L. 7232-1-\n1 du  code  du  traval,  le pr\u00e9sent  r\u00e9c\u00e9piss\u00e9  de  d\u00e9claration  d  activit\u00e9s  de  services  \u00e0  la personne\n\u00e9t\u00e9  enregistr\u00e9  au  nom  de  la SASU  Lut\u00e9ce  HomeGym  sous  le num\u00e9ro  SAP  990696239.\nLes  actvit\u00e9s  d\u00e9clar\u00e9es  sont  les suivantes, \u00e0 l'exclusion de  toute autre\n= Soutien  scolaire  ou  cours  \u00e0 domicile  ;\nPrestations  relevant  du  b\u00e9n\u00e9fice  de  la r\u00e9duction  d'imp\u00f4t  pr\u00e9vue  \u00e0  Faticle  199  sexdecies  du  Code\nG\u00e9n\u00e9ral  des  Impots.\nLa  structure  exorce  cos  activit\u00e9s  selon  le mode  suivant : PRESTATAIRE\nSous  r\u00e9serve  d'\u00eatre exerc\u00e9es  \u00e0 titre exclusf  parle  d\u00e9clarant  (ou  sous  r\u00e9serve  d'une  comptabilit\u00e9\ns\u00e9par\u00e9e  pour  les personnes  morales  dispens\u00e9es de la condition  d'actvit\u00e9 exclusive), ces  activit\u00e9s\nouvrent  drot  au  b\u00e9n\u00e9fice  des  dispositions des  articles  L. 7233-2  du  code  du travail et  L. 241-10\ndu  code  de  la s\u00e9curit\u00e9  sociale.\n'Conform\u00e9ment  aux  dispositions de  l'article R7232-19  du  code  du  travail, l'organisme  d\u00e9clar\u00e9  dot\nproduire au moins  chaque  trimestre un \u00e9tat d'activit\u00e9 et chaque  ann\u00e9e  un  bilan quantitatif et\nqualtatif de Tactvit\u00e9 exerc\u00e9e au tie  de Fann\u00e9e \u00e9coui\u00e9e ainsi qu'un tableau statistique annuel.\nSi organisme  d\u00e9clar\u00e9  comport  plusieurs  \u00e9tablissements,  les \u00e9tats statistiques et le bilan annuel\ndisinguent  l'activit\u00e9 exerc\u00e9e  par  chaque  \u00e9tablissement,\nLe  pr\u00e9sent  r\u00e9c\u00e9piss\u00e9  prond  offet le 11 septembre  2026.\nL'enregistrement de la d\u00e9claration  pourra \u00eatre retir\u00e9 si l'organisme  d\u00e9c!\nles conditions  ou  de  respecter  les  obligations  mentionn\u00e9es  aux  4\u00b0\npaie de retrait dela G\u00e9caration, aire Tobjet Gune d\u00e9caraon modiicatve aupr\u00e9s de fUnte\n'd\u00e9partementale  des  Hauts-de-Seine\nLe  g\u00e9ant  btn  sara  pub  au  ravi  des  acts  cintre  de  a  pr\u00e9fecture  ds  Has\nne.\nFait \u00e0  Nanterre, le 11 septembre  2025.\nPour  le Pr\u00e9fet\nPar  d\u00e9l\u00e9gation  et  subd\u00e9l\u00e9gation\nLa  Responsable  du  service\nD\u00e9veloppement  de  l'emploi  et des\ncomp\u00e9tences  | i  pre\nMarlama  CONDE\n\nEE  Direction  r\u00e9gionale et interd\u00e9partementale\nMINISTERE de l'\u00e9conomie, de l'emploi,\nDU  TRAVAIL, DE LA SANT\u00c9, du travail et des solidarit\u00e9s\nDES  SOLIDARIT\u00c9S\nET  DES  FAMILLES\nLA\nR\u00e9c\u00e9piss\u00e9  n\u00b02025458  de  d\u00e9claration  d'activit\u00e9s de services \u00e0 la personne\nenregistr\u00e9e  sous  le n\u00b0 SAP  521346320  au  nom  de  la micro-entreprise  QUASHIE\nPulcherie  sise 25  Avenue  Pablo  Picasso  \u00e0 Nanterre  (92000)\nLE  PREFET  DES  HAUTS-DE-SEINE\nVu  la loi n\u00b0 2010-853  du  23  juillet 2010  relative aux  r\u00e9seaux  consulaires,  au commerce  et \u00e0\nl'artisanat  et  aux  services  (article 31);\nVu  la loi n\u00b020161776  du  28  d\u00e9cembre  2015  relative \u00e0  l'adaptation de  la soci\u00e9t\u00e9 au\nviellissement\nVu  l'article D7231-1  du  Code du  travail\nVu  les d\u00e9crets n\u00b0 2011-1132  et n\u00b0 2011-1133  du  20 septembre  2011 modifiant certaines\ndispositions du  Code  du  traval, relatives au  ch\u00e8que  empla-service  universel  et aux\nservices \u00e0 la personne\nVu  le d\u00e9cret  n\u00b02016-750 du 6 juin 2016 relat \u00e0  la iste des  actit\u00e9s de services \u00e0 a  personne\nsoumises  \u00e0 agr\u00e9ment ou \u00e0 autorisation dans le cadre du r\u00e9gime  commun de a  d\u00e9claration\nVu  le d\u00e9cret du 31 octobre 2024  portant nomination  de Monsieur  Alexandre  BRUGERE,  en\n'qualit\u00e9 de  Pr\u00e9fet des  Hauts-de-Seine\nVu  l'\u00e9t\u00e9  interminist\u00e9riel du  12  ao\u00fbt  2025  nommant  Monsieur  Fabrice  MASI,  Directeur\nr\u00e9gionalet iterd\u00e9partemental  de  l'\u00e9conomie, de l'emploi, du travail et des solidarit\u00e9sd'le-\nde-France \u00e0 compter  du 25 ao\u00fbt  2025\nVu  l'arr\u00eat\u00e9 pr\u00e9fectoral n\u00b02026-33  du 22 ao\u00fbt 2025  par lequel le Pr\u00e9fet des  Hauts-de-Seine\n'd\u00e9l\u00e8gue sa signature \u00e0 Monsieur  Fabrice MASI, Directeur r\u00e9gional et interd\u00e9partemental\n'de \u00e9conomie,  de l'emploi du traval et des soldartes d'le-de-France;\nVu  la d\u00e9cision  n\u00b0 2025-157  du  25  ao\u00fbt  2025  portant subd\u00e9logation  de  signature  de  Monsieur\nFabrice  MASI,  Directeur  r\u00e9gional  et interd\u00e9partemental  de  l'\u00e9conomie,  de  l'emploi, du\ntravail et des  soldart\u00e9s  dle-de-France,  aux  agents  de [Unit\u00e9 d\u00e9partementale  des  Hauts-\nde-Seine;\n'Vu la d\u00e9claration  d'activit\u00e9s de services  \u00e0 la personne  d\u00e9pos\u00e9es  le 18 juillet 2025  par  a  micro-\nentreprise QUASHIE  Pulcherie sise 25  Avenue  Pablo Picasso  \u00e0 Nanterre (92000)\n\n'Apres  examen  du  dossier,  cette  demande  \u00e9tant  conforme  aux  dispositions  de  l'articleL.  7232.\n1 du code  du travail, le pr\u00e9sent  r\u00e9c\u00e9piss\u00e9  de d\u00e9claration d'actvit\u00e9s de  services \u00e0 la personne  a\n\u00e9t\u00e9 enregistr\u00e9 au nom  de la micro-entreprise QUASHIE  Pulcherie  sous  le num\u00e9ro\nSAP521346320.\nLes  activites d\u00e9clar\u00e9es  sont  les  suivantes,  \u00e0 l'exclusion de  toute  autre\n= Soutien  scolaire  ou  cours  \u00e0  domicile\nPrestations  relevant du  b\u00e9n\u00e9fice  de  la r\u00e9duction  d'imp\u00eat  pr\u00e9vue  \u00e0  article 199  sexdecies  du  Code\nG\u00e9n\u00e9ral  des  Imp\u00f4ts.\nLa  structure  exerce  ces  activit\u00e9s  selon  le mode  suivant : PRESTATAIRE\nSous  r\u00e9serve  d'\u00eatre exerc\u00e9es  \u00e0 ttre exclus  par  le d\u00e9clarant  (ou  sous  r\u00e9serve  d'une  comptabilit\u00e9\n's\u00e9par\u00e9e  pour  les personnes morales  dispens\u00e9es de la condition  d'actvit\u00e9 exclusive), ces  activites\nouvrent  drot  au  b\u00e9n\u00e9fice  des  dispositions des  articles L. 7283-2  du  code du traval et L. 241-10\ndu code  de la s\u00e9curit\u00e9 sociale.\n{Conform\u00e9ment  aux  dispositions  de  l'article R7232-19  du  code  du  travail, l'organisme  d\u00e9clar\u00e9  dot\nproduire au moins chaque  trimestre un \u00e9tat d'activit\u00e9 et chaque  ann\u00e9e  un bilan quantitatif et\nqualtatf de active  exerc\u00e9e  au tie  de  l'ann\u00e9e \u00e9coul\u00e9e  ainsi qu'un tableau statistique annuel.\nSi organisme  d\u00e9clar\u00e9  comporte  plusieurs \u00e9tablissements,  les \u00e9tats statistiques et le bilan annuel\nisguent  l'activit\u00e9 exerc\u00e9e  par  chaque  \u00e9tablissement\nLe  pr\u00e9sent  r\u00e9c\u00e9piss\u00e9  prend  effet le 18 juillet 2025.\nL'enrogistrement de la d\u00e9claration pourra \u00eatre rotir\u00e9 si l'organisme d\u00e9clar\u00e9 cosse  de romplir\nles conditions  ou  de  respecter  les obligations  mentionn\u00e9es  aux  4\u00b0,5\u00b0 ot 6\u00b0 de  l'article\nR7232-17  ou  qui  m\u00e9connalt  les obligations  d\u00e9finies  \u00e0 article  R7232-19 du  code  du  travail.\n1 devra, sous\npeine do reat  de Ta d\u00e9claration, fare Tobjet dune  G\u00e9caraton  modiicabve  aupr\u00e9s de fUnke\nd\u00e9partementale  des  Hauts-de-Seine\nLa  Brent  r\u00e9c\u00e9pintnera  pub  a  eeu  des  acts  adrinitats  de a  prfectre  des  Has.\nne.\nFait  \u00e0  Nanterre,  le 11  septembre  2025.\nour le Pr\u00e9fet\nd\u00e9l\u00e9gation et subd\u00e9l\u00e9gation\nLa  Responsable du  service\nD\u00e9veloppement de  l'emploi  et des\ncomp\u00e9tences  |)\nMariama  CONE\n\nEs  Direction  r\u00e9gionale  et  interd\u00e9partementale\nde  l'\u00e9conomie,  de  l'emplo,\nDURE,  DE LA SANT\u00c9, du travail et des solidarit\u00e9s\nDES  SOLIDARIT\u00c9S\nET  DES  FAMILLES\nie\nR\u00e9c\u00e9piss\u00e9  n*2025-459  de  d\u00e9claration  d'activit\u00e9s de  services \u00e0 la personne\nenregistr\u00e9e  sous  le n\u00b0 SAP  900396045  au  nom  de  la micro-entreprise  SCHADRAC\nMATIABA  sise  11 Rue  des  Anciennes  Mairies  \u00e0 Nanterre  (92000)\nLE  PREFET  DES  HAUTS-DE-SEINE\nVu  la loi n\u00b0 2010-853 du  23  jullet 2010  relative aux  r\u00e9seaux  consulaires,  au  commerce  et \u00e0\nl'artisanatet aux  services  (article 31)\nVu  la loi n\u00b02015-1776  du  28  d\u00e9cembre  2016  relative \u00e0 l'adaptation de  la soci\u00e9t\u00e9  au\nviilissement ;\nVu  l'article D7231-1  du  Code  du  travail;\nVu  les d\u00e9crets n\u00b0 2011-1132  et n\u00b0 2011-1133  du 20 septembre  2011  modifiant certaines\ndispositions du  Code  du  travail, relatives au  ch\u00e8que  emplol-service  universel et aux\nservices  \u00e0  la personne  ;\nVu  le d\u00e9cret  n*2016-750  du  6 juin 2016  relatif \u00e0  la iste des  activit\u00e9s de  services  \u00e0 la personne\nsoumises \u00e0 agr\u00e9ment ou \u00e0 autorisation dans le cadre  du  r\u00e9gime  commun  dela d\u00e9claration;\nVu  le d\u00e9cret  du  31 octobre  2024  partant  nomination  de  Monsieur  Alexandre  BRUGERE,  en\nqualt\u00e9 de Pr\u00e9fet des Hauts-de-Seine ;\nVu  l'\u00e9t\u00e9  interminist\u00e9riel du  12 ao\u00fbt  2025  nommant  Monsieur  Fabrice  MASI,  Directeur\nr\u00e9gional  tinterd\u00e9partemental de l'\u00e9conomie, de l'emploi, du travail et des sokdaritescle\nde-France  \u00e0  compter  du  25  ao\u00fbt  2025\nVu  l'arr\u00eat\u00e9 pr\u00e9fectoral n\u00b02025-33  du  22  ao\u00fbt  2025  par  lequel le Pr\u00e9fet des  Hauts-de-Seine\nd\u00e9l\u00e8gue  sa signature  \u00e0 Monsieur  Fabrice  MASI,  Directeur  r\u00e9gional et interd\u00e9partemental\nde  l'\u00e9conomie, de l'emploi, du travailet des solidart\u00e9s dlle-de-France\n'Vu la d\u00e9cision  n\u00b0 2025-157  du  25  ao\u00fbt  2025  portant subd\u00e9l\u00e9gation  de  signature  de  Monsieur\nFabrice  MASI,  Directeur  r\u00e9gional et interd\u00e9partemental  de  l'\u00e9conomie.  de  l'emploi, du\ntravail et des  solidarit\u00e9s d'le-de-France,  aux  agents  de  [Unit\u00e9  d\u00e9partementale  des  Hauts-\nde-Seine\nVu  la d\u00e9claration  d'actvit\u00e9s  de  services  \u00e0 la personne  d\u00e9pos\u00e9es  le 03  septembre  2025  par  la\nmicro-entreprise  SCHADRAC  MATIABA  sise 11 Rue  des  Anciennes  Maires  \u00e0  Nanterre\n(82000):\n\n'Apres examen  du dossier, cette demande  \u00e9tant conforme aux dispositionsde l'article L. 7232-\n1 du code  du traval, le pr\u00e9sent  r\u00e9c\u00e9piss\u00e9 de d\u00e9claration d'actvit\u00e9s de services \u00e0 la personne  a\n\u00e9t\u00e9  enregistr\u00e9  au  nom  de  la micro-entreprise  SCHADRAC  MATIABA  sous  le num\u00e9ro  SAP\n900396045,\nLes  activit\u00e9s  d\u00e9clar\u00e9es  sont  les  suivantes,  \u00e0  l'exclusion  de  toute  autre\nEntretien  de  la maison  et  travaux  m\u00e9nagers  ;\nPrestations  relevant  du  b\u00e9n\u00e9fice  de  la r\u00e9duction  d'imp\u00f4t  pr\u00e9vue  \u00e0  l'article 199  sexdecies  du  Code\nG\u00e9n\u00e9ral  des  Imp\u00f4ts.\nLa  structure  exerce  ces  activit\u00e9s  selon  le mode  suivant  :  PRESTATAIRE\n'Sous  r\u00e9serve  d'\u00eatre exerc\u00e9es  \u00e0 itre exclusf  par  le d\u00e9clarant  (ou  sous  r\u00e9serve  d'une  comptabilit\u00e9\ns\u00e9par\u00e9e  pour  les personnes  morales  dispens\u00e9es  de  la condition  d'activit\u00e9 exclusive), ces  activites\n'ouvrent dro  au  b\u00e9n\u00e9fice  des  dispositions des  articles L. 7233-2  du  code  du  traval et L. 241-10\ndu  code  de  la s\u00e9curit\u00e9 sociale.\n(Conform\u00e9ment  aux dispositions de  l'article R7232-19  du  code  du travail, l'organisme d\u00e9clar\u00e9 dot\nproduire  au  moins  chaque  timestre  un  \u00e9tat d'activit\u00e9 et chaque  ann\u00e9e  un  bilan quantitatif et\nqualitatifde l'actit\u00e9 exerc\u00e9e au tire de l'ann\u00e9e \u00e9coul\u00e9e ainsi qu'un tableau statistique annuel.\nSi l'organisme  d\u00e9clar\u00e9  comport  plusieurs  \u00e9tablissements,  les \u00e9tats statistiques et le bilan annuel\ndistinguent  l'activit\u00e9 exerc\u00e9e  par  chaque  \u00e9tablissement.\nLo  pr\u00e9sent  r\u00e9c\u00e9piss\u00e9 prend  affot  le 03  septembre  2025.\nL'enregistrement de la d\u00e9claration  pourra  \u00eatre retir\u00e9si l'organisme  d\u00e9clar\u00e9  casse  de romplir\nles conditions  ou  de  respecter  les obligations  mentionn\u00e9es  aux  4',5\u00b0 ot 6\u00b0 de  l'article\nR7232-17  ou  qui  m\u00e9connait  les obligations  d\u00e9finis  \u00e0 article  R7232-19  du  code  du  travail.\n'Toute modification concernant la structure d\u00e9clar\u00e9e ou les activit\u00e9s exerc\u00e9es devra. sous\nDeine  de  retrait de  fa d\u00e9claration, fire  l'objet d'une  d\u00e9claration  modticative  aupr\u00e9s  de  {Unit\u00e9\n'd\u00e9partementale  des  Hauts-de-Seine,\nLe  pr\u00e9sent  r\u00e9c\u00e9piss\u00e9  sera pub  au recel  des  aces  adriistrlfs  de  a  pr\u00e9fecture  ds  Haus\nde-Seine.\nFait  \u00e0 Nanterre, le 11 septembre  2025.\nPour  le  Pr\u00e9fet\nd\u00e9l\u00e9gation  ot subd\u00e9l\u00e9gation\nLa  Responsable  du  service\nD\u00e9veloppement  de  l'emploi et dos\ncomp\u00e9tences!  \u00c0.\nMariama COND\u00c9\n\nEs  Direction  r\u00e9gionale  et Interd\u00e9partementale\nMINIST\u00c8RE de l'\u00e9conomie, de l'emploi,\nDU  TRAVAIL, DE LA SANT\u00c9, du travailet des solidarit\u00e9s\nDES  SOLIDARIT\u00c9S\nET  DES  FAMILLES\nLM\nR\u00e9c\u00e9piss\u00e9  n*2025-460  de  d\u00e9claration d'activit\u00e9s de  services \u00e0 la personne\n\"enregistr\u00e9e sous  le n\u00b0 SAP990887523  au  nom  de  la micro-entreprise  BOUDIAF\n'Amira  sise  10  All\u00e9e  Micka\u00ebl  Lefebvre  \u00e0 Asni\u00e9res-sur-Seine  (92600)\nLE  PREFET  DES  HAUTS-DE-SEINE\nVu  la loi n\u00b0 2010-883 du  23  jullet 2010  relative aux  r\u00e9seaux  consulaires, au commerce  et \u00e0\nl'aisanat  et aux  services  (article 31);\nVu  la loi n\u00b02018-1776  du 28 d\u00e9cembre  2015  relative \u00e0 adaptation  de  la soci\u00e9t\u00e9 au\nVellissement;\nVu  l'aricie 072311  du  Code  du  travail;\nVu  les d\u00e9crets n\u00b0 2011-1132  et n\u00b0 2011-1133  du 20 septembre  2011  modifiant certaines\ndispositions du  Code  du travail, relatives au  ch\u00e8que  emploi-service universel et aux\nservices \u00e0 la personne  ;\nVu  le d\u00e9cret  n\u00b02016750  du  6juin  2016  relatif \u00e0 la liste des  activites de  services  \u00e0 la personne\nsoumises  \u00e0 agr\u00e9ment  ou  \u00e0 autorisation dans  le cadre  du r\u00e9gime  commun  dela  d\u00e9claration ;\nVu  le d\u00e9cret du 31 octobre 2024 portant nomination de Monsieur Alexandre BRUGERE,  en\n'qualit\u00e9 de Pr\u00e9fet des  Hauts-de-Seine;\nVu  l'arr\u00eat\u00e9 imorminist\u00e9rel  du  12 ao\u00fbt  2025  nommant  Monsieur  Fabrice  MASI,  Directeur\nr\u00e9gional et iterd\u00e9partemental  de l'\u00e9conomie,  de l'emploi, du travail et des  solidarit\u00e9s d'le-\nde-France  \u00e0 compter  du  25  ao\u00fbt  2025  ;\nVu  l'arr\u00e9t\u00e9 pr\u00e9fectoral n\u00b02025-33  du  22  ao\u00fbt  2025  par  lequel le Pr\u00e9fet des  Hauts-de-Seine\nd\u00e9l\u00e8gue  sa signature \u00e0 Monsieur  Fabrice MASI,  Directeur r\u00e9gional et interd\u00e9partemental\nde  l'\u00e9conomie, de Templo, du traval et des solidarit\u00e9s d'\u00cele-de-France ;\nVu  la d\u00e9cision  n\u00b0 2025-187  du  25  ao\u00fbt  2025  portant  subd\u00e9l\u00e9gation  de  signature  de  Monsieur\nFabrice  MASI,  Directeur  r\u00e9gional et interd\u00e9partemental  de  \u00e9conomie,  de  l'emploi, du\ntravail et des  solidarit\u00e9s dle-de-France,  aux  agents de  'Unite d\u00e9partementale  des  Hauts.\nde-Seine  ;\nVu  la d\u00e9claration d'activit\u00e9s de  services \u00e0 la personne  d\u00e9pos\u00e9es  le 04  septembre  2025  par\nla micro-entreprise  BOUDIAF  Amira  sise 10  Allee Micka\u00ebl  Lefebvre  \u00e0 Asni\u00e8res-sur-Seine\n(82600) ;\n\nApr\u00e8s  examen  du  dossier, cette demande  \u00e9tant conforme aux  dispostions  de  l'article L. 7232-1-\n1 du  code  du  aval,  le pr\u00e9sent  r\u00e9c\u00e9piss\u00e9 de  d\u00e9ciaration  d activit\u00e9s  de  services  \u00e0  la personne  a\n\u00e9t\u00e9 enregistr\u00e9 au nom  de  la micro-entreprise BOUDIAF  Amira  sous  le num\u00e9ro  SAP  980887623,\nLes  activit\u00e9s d\u00e9clar\u00e9es  sont les suivantes,  \u00e0 l'exclusion de  toute autre\n+ Garde  d'enfants de  plus  de  3  ans  \u00e0  domicile ;\n\u00a9 Entration  de la maison  ot travaux  m\u00e9nagers\nPrestations relevant  du b\u00e9n\u00e9fice de la r\u00e9duction d'imp\u00eat  pr\u00e9vue  \u00e0 l'article 199 sexdecies  du Code\nG\u00e9n\u00e9ral  des  Imp\u00f4ts.\nLa  structure  exerce  ces  activit\u00e9s  selon  lo mode  suivant  : PRESTATAIRE\n'Sous  r\u00e9serve  d'\u00eatre exerc\u00e9es  \u00e0 ttre exclusi  par  le d\u00e9clarant  (ou  sous  r\u00e9serve  d'une  comptabilit\u00e9\n's\u00e9par\u00e9e  pour  les personnes  morales  dispens\u00e9es  de  la condition  d'activit\u00e9 exclusive), ces activites\nouvrent  droit au  b\u00e9n\u00e9fice  des  dispositions  des  articles L. 7233-2  du  code  du  traval et L. 241-10\ndu  code  de  la s\u00e9curt\u00e9  sociale\nCConform\u00e9ment  aux  dispositions de  l'article R7232-19  du  code  du  travail l'organisme  d\u00e9clar\u00e9  dot\nproduire au moins chaque  timestre un \u00e9tat dactivit\u00e9 et chaque  ann\u00e9e  un bilan quantita  et\nqualtatf de actvite  exerc\u00e9e  au  tie  de  l'ann\u00e9e  \u00e9coul\u00e9e  ainsi qu'un  tableau  statistique annuel.\nSi l'organisme  d\u00e9clar\u00e9  comporte  plusieurs  \u00e9tablissements,  les \u00e9tats statistiques et le bilan annuel\ndistinguent  l'activit\u00e9 exerc\u00e9e  par  chaque  \u00e9tablissement\nLe  pr\u00e9sent  r\u00e9c\u00e9piss\u00e9  prend  effet le 04  septembre  2028.\nL'enregistrement de la d\u00e9claration pourra  \u00eatre retir\u00e9si l'organisme d\u00e9clar\u00e9 cosse  de romplir\nles conditions  ou  de  respecter  les obligations  mentionn\u00e9es  aux  4,6\u00b0  ot 6\u00b0 de  l'article\n7232-17  ou  qui  m\u00e9connait  les obligations d\u00e9finies \u00e0 article  R7232-19  du  code  du  travail.\npone  de retrat de la d\u00e9caration, faire Tobjet dune  declaration modicatve  aupr\u00e9s de F\u00dcni\u00e9\nd\u00e9partementale  des  Hauts-de-Seine.\nLe  pr\u00e9sent r\u00e9c\u00e9piss\u00e9 sera publi\u00e9 au recuell des actes administratifs de la pr\u00e9fecture des  Hauts-\nde-Seine.\nFait \u00e0 Nanterre, le 11  septembre  2025.\nPour  le Pr\u00e9fet\nPar  d\u00e9l\u00e9gation  et suba\u00e9l\u00e9gation\nLa  Responsable  du  service\nD\u00e9veloppement  de  l'emplo  t  des\ncomp\u00e9tences!)\nMariama  CONDE\n\nEx  Direction r\u00e9glonale et interd\u00e9partementale\nMINIST\u00c8RE  de l'\u00e9conomie, de l'emploi,\nDU  TRAVAIL,  DE  LA  SANT\u00c9,  du travail et des solidarit\u00e9s.\nDES  SOLIDARIT\u00c9S\nET  DES  FAMILLES\nfest\nR\u00e9c\u00e9piss\u00e9  n*2025-461  de  d\u00e9claration  d'activit\u00e9s de services  \u00e0 la personne\nenregistr\u00e9e  sous  le n\u00b0 SAP990886707  au  nom  de  la micro-entreprise  TIA\nDEKANOU  Edith  sise  32  Rue  Esnault  Pelterie \u00e0 Boulogne  Billancourt  (92100)\nLE  PREFET  DES  HAUTS-DE-SEINE\nVu  la loi n\u00b0 2010-853  du  23  jullet 2010  relative aux  r\u00e9seaux  consulaires, au  commerce  et \u00e0\nFartisanat et aux  services  (article 31) ;\nVu  la loi n\u00b02018-176  du  28  d\u00e9cembre  2015  relative \u00e0  l'adaptation de  la soci\u00e9t\u00e9  au\nveilissement\nVu  l'article  D7231-1  du  Code du  travail\nVu  les d\u00e9crets  n\u00b0 2011-1132  et n\u00b0 2011-1133  du  20  septembre  2011  moditant  certaines\ndispositions du Code  du traval, relatives au ch\u00e9que  emploi-service universel et aux\nservices \u00e0 la personne  ;\nVu  le d\u00e9cret n'2016-750 du 6 juin 2016 relat la  iste des activit\u00e9s de services \u00e0 la personne\nsoumises  \u00e0 agr\u00e9ment ou \u00e0 autorisation dans  le cadre du r\u00e9gime  commun  dela d\u00e9claration ;\nVu  le d\u00e9cret du 31 octobre 2024  portant nomination  de Monsieur  Alexandre  BRUGERE,  en\n'qualit\u00e9 de Pr\u00e9fet des Hauts-de-Seine\nVu  l'\u00e9t\u00e9  interminist\u00e9riel du 12 ao\u00fbt 2025  nommant  Monsieur  Fabrice MASI, Directeur\nr\u00e9gionalet interd\u00e9partemental de  l'\u00e9conomie, de l'emploi, du travailet des solidarit\u00e9s d'le-\n'de-France \u00e0 compter  du  25  ao\u00fbt  2025  ;\nVu  l'arr\u00eat\u00e9 pr\u00e9fectoral n\u00b02026-33  du 22 ao\u00fbt 2025  par lequel le Pr\u00e9fet des  Hauts-de-Seine\nd\u00e9l\u00e8gue  sa signature \u00e0 Monsieur  Fabrice MASI,  Directeur r\u00e9gional et interd\u00e9partemental\nde l'\u00e9conomie, de l'emploi, du travail et des solidartes d'le-de-France;\n'Vu la d\u00e9cision  n\u00b0 2025-187  du  25  ao\u00fbt  2025  portant subd\u00e9l\u00e9gation  de  signature  de  Monsieur\nFabrice MASI,  Directeur r\u00e9gional et interd\u00e9partemental de  l'\u00e9conomie, de  l'emploi, du\ntravail et des  soldari\u00e9s  d'\u00cele-de-France,  aux  agents  de  l'Unit\u00e9 d\u00e9partementale  des  Hauts-\nde-Seine  ;\nVu  la d\u00e9claration  d'activit\u00e9s de  services  a la personne  d\u00e9pos\u00e9es  le 03  septembre  2025  parla\nmicro-entreprise TIA DEKANOU  Et  sise 32 Rue  Esnault Peltere \u00e0 Boulogne  Billancourt\n(82100  :\n\n'Apr\u00e8s examen  du dossier, cette demande  \u00e9tant conforme  aux dispositionsde ParticleL. 7232-1\n1 du  code  du  travail, le pr\u00e9sent  r\u00e9c\u00e9piss\u00e9  de  d\u00e9claration  d'actvit\u00e9s  de services  \u00e0 la  personne  a\n\u00e9t\u00e9 enregistr\u00e9  au  nom  de  ia micro-entreprise  TIA  DEKANOU  Edith sous  le num\u00e9ro  SAP\n990886707.\nLes  activit\u00e9s d\u00e9ctar\u00e9es  sont  les suivantes, a exclusion  de  toute  autre\n= Pr\u00e9paration  de  repas  \u00e0  domicile;\n| Entrotion  de  la maison  et travaux  m\u00e9nagers  ;\nPrestations  relevant  du  b\u00e9n\u00e9fice  dela  r\u00e9duction  d'imp\u00f4t  pr\u00e9vue  \u00e0  article  199  sexdecies  du  Code\nG\u00e9n\u00e9ral  des  imp\u00e9ts.\nLa  structure  exerce  ces  activit\u00e9s  selon  le mode  suivant :  PRESTATAIRE\nSous  r\u00e9serve  d'\u00eatre exerc\u00e9es  \u00e0  tre  exclus  par  le d\u00e9clarant  (ou sous  r\u00e9serve  d'une  comptabilit\u00e9\n's\u00e9par\u00e9e pour les personnes morales dispens\u00e9es de a  condition d'activit\u00e9 exclusive), ces activit\u00e9s\n'ouvrent  droit  au  b\u00e9n\u00e9fice  des  dispositions  des  articles  L. 7233-2  du  code  du  travail et L. 241-10\ndu  code  de  la s\u00e9curt\u00e9  sociale,\n'Conform\u00e9ment  aux  dispositions  de  article  R7232-19  du  code  du  travail, l'organisme  d\u00e9ciar\u00e9  dot\nproduire  au  moins  chaque  timestre  un  \u00e9tat d'activit\u00e9 et chaque  ann\u00e9e  un  bilan quanttatf  et\nqualtatf de activit\u00e9 exerc\u00e9e au ire de l'ann\u00e9e \u00e9coul\u00e9e ainsi qu'un tableau statistique annuel.\nSi  'organisme  d\u00e9clar\u00e9  comporte  plusieurs  \u00e9tablissements,  les \u00e9tats  statistiques  et  le bilan  annuel\ndistinguent  l'activit\u00e9 exerc\u00e9e  par  chaque  \u00e9tablissement\nLo  pr\u00e9sent  r\u00e9c\u00e9piss\u00e9  prend  offet lo 03 septembre 2025.\nL'enrogistrement de la d\u00e9claration  pourra  \u00eatre rotir\u00e9si l'organisme  d\u00e9clar\u00e9  cosse de romplir\nles conditions  ou  de  respecter  les obligations  mentionn\u00e9es  aux  4\u00b0  at 6\u00b0 de  l'article\nR7232-17  ou  qui  m\u00e9connait  les obligations  d\u00e9finies  \u00e0 article  R7232-19  du  code  du  travail,\nLe  pr\u00e9sent  r\u00e9c\u00e9piss\u00e9  sera publ\u00e9  au  recueil des  actes  administratifs de  la pr\u00e9fecture  des  Hauts-\ndo-Seine.\nFait \u00e0 Nanterre,  le 11 septembre 2025.\nPour  le  Pr\u00e9fet\nPar  d\u00e9l\u00e9gation  et subd\u00e9l\u00e9gation\nLa  Responsable  du  service\nD\u00e9veloppement  de  l'emploi  et  des.\ncomp\u00e9tences  |.\nMarlama CONDE\n\n=n  Direction r\u00e9gionale  et interd\u00e9partementale\nMINIST\u00c8RE de l'\u00e9conomie, de l'emploi,\nDU  TRAVAIL, DE LA SANT\u00c9, du travail et des solidarit\u00e9s\nDES  SOLIDARIT\u00c9S\nET  DES  FAMILLES\nEE\nR\u00e9c\u00e9piss\u00e9  n*2025-462 de d\u00e9claration d'activit\u00e9s de services \u00e0 la personne\nenregistr\u00e9e sous  le n\u00b0 SAP  990887309  au nom  de la micro-entreprise RAZI\nOumaima sise 44 Avenue  Edouard  Vaillant \u00e0 Boulogne  Billancourt (92100)\nLE  PREFET  DES  HAUTS-DE-SEINE\nVu la loi n\u00b0 2010-853du 23 juillet 2010 relative aux r\u00e9seaux consulaires, au commerce et \u00e0\nFartisanatot aux services (article 31);\nVu  la loi n\u00b02015-1776 du 28 d\u00e9cembre  2015 relative \u00e0 adaptation de la soci\u00e9t\u00e9 au\nviilissement ;\nVu  l'aricle D7231:1  du  Code  du  travail;\nVu  les d\u00e9crots n\u00b0 2011-1132 et n\u00b0 2011-1133 du 20 septembre 2011 modifiant certaines\ndispositions du Code  du traval, relatives au ch\u00e8que  emploi-service universel et aux\nservices \u00e0 la personne ;\n'Vu le d\u00e9cretn*2016-750 du 6 jun 2016 relat \u00e0 la liste des activit\u00e9s de services \u00e0 la personne\nsoumises  \u00e0 agr\u00e9ment ou autorisation dans le cadre du r\u00e9gime commun  de a d\u00e9claration\nVu  le d\u00e9cret du 31 octobre 2024  portant nomination de Monsieur Alexandre BRUGERE,  en\nqualit\u00e9 de Pr\u00e9fet des Hauts-de-Seine ;\nVu  l'ar\u00eat\u00e9 interminist\u00e9riel du 12 ao\u00fbt 2025 nommant  Monsieur Fabrice MASI, Directeur\nr\u00e9gional et interd\u00e9partemental de l'\u00e9conomie, de 'emplo, du travail et des solidarit\u00e9s dll\nde-France \u00e0 compter  du  25  ao\u00fbt  2025\nVu  l'arr\u00e8t\u00e9 pr\u00e9fectoral n'2025-33 du 22 ao\u00fbt 2025 par lequel le Pr\u00e9fet des Hauts-de-Seine\nd\u00e9l\u00e8gue sa signature \u00e0 Monsieur Fabrice MASI, Directeur r\u00e9gional et interd\u00e9partemental\nde l'\u00e9conomie, de l'emploi, du traval et des solidarit\u00e9s d'\u00cele-de-France ;\nVu  la d\u00e9cision n\u00b0 2025-157 du 25 ao\u00fbt 2025 portant subd\u00e9l\u00e9gation de signature de Monsieur\nFabrice MASI, Directeur r\u00e9gional et interd\u00e9partemental de l'\u00e9conomie. de l'emploi, du\ntravail et des solidat\u00e9s d'le-de-France, aux agents de l'Unit\u00e9 d\u00e9partementale des Hauts-\nde-Seine  ;\nVu  la d\u00e9claration d'activit\u00e9s de services\u00e0 la personne d\u00e9pos\u00e9es le 04 septembre 2025 parla\nmicro-entreprise RAZI Oumaima  sise 44 Avenue  Edouard  Vailant \u00e0 Boulogne Bitancourt\n(82100):\n\n'Apres  examen  du  dossier,  cette  demande  \u00e9tant  conforme  aux  dispositions  de  l'articleL. 7232-\n1 du code  du traval, le pr\u00e9sent  r\u00e9c\u00e9piss\u00e9  de d\u00e9ciaration d'activit\u00e9s de services  \u00e0 la personne  a\n\u00e9t\u00e9  enregistr\u00e9  au  nom  de  la micro-entreprise  RAZI  Oumaima  sous  le num\u00e9ro  SAP900887308.\nLes  activit\u00e9s d\u00e9clar\u00e9es  sont  les suivantes, \u00e0 l'exclusion de  toute autre\n+ Garde  d'enfants  de  plus  de  3  ans  \u00e0  domicile  ;\n+ Accompagnement  des  enfants  de  plus  de  3  ans  dans  leurs  d\u00e9placements  ;\nPrestations  relevant du  b\u00e9n\u00e9fice  de  la r\u00e9duction  d'imp\u00f4t  pr\u00e9vue  \u00e0  l'article 199  sexdecies  du  Code\nG\u00e9n\u00e9ral  des  Impot.\nLa  structure  exorce  ces  activit\u00e9s  selon  le mode  suivant  : PRESTATAIRE\nSous  r\u00e9serve  d'\u00eatre exerc\u00e9es  \u00e0 ttre exclusif par  le d\u00e9clarant  (ou  sous  r\u00e9serve  d'une  comptabilit\u00e9\ns\u00e9par\u00e9e  pourles  personnes  morales  dispens\u00e9es  de  a  condition  d'activit\u00e9  exclusive),  ces  activit\u00e9s\nouvrent  droit au b\u00e9n\u00e9fice  des  dispostions  des  articlesL. 7233-2  du  code du traval et L. 241-10\ndu  code  de  la s\u00e9curt\u00e9  sociale.\n'Conform\u00e9ment  aux  dispositions  de  l'article R7232-19  du  code  du  travail, l'organisme  d\u00e9clar\u00e9  dot\nproduire au moins chaque  trimestre un \u00e9tat dactivit\u00e9 et chaque ann\u00e9e un bilan quantitatif et\nqualitatif de l'actt\u00e9 exerc\u00e9e au tire de l'ann\u00e9e \u00e9coul\u00e9e ainsi qu'un tableau statistique annuel.\nSi  l'organisme  d\u00e9clar\u00e9  comporte  plusieurs  \u00e9tablissements,  les  \u00e9tats  statistiques  et  le bilan  annuel\ndisnguent  l'activit\u00e9 exerc\u00e9e  par  chaque  \u00e9tablissement\nLe  pr\u00e9sent  r\u00e9c\u00e9piss\u00e9  prend  effet  le 04  septembre  2028.\nL'enregistrement de la d\u00e9claration  pourra \u00eatre ratir\u00e9 si l'organisme  d\u00e9clar\u00e9  cesse  de remplir\nles conditions  ou  de  respecter  les obligations  mentionn\u00e9es  aux  4\u00b0,5\u00b0 et 6\u00b0 de  l'artich\nR7232-17  ou  qui  m\u00e9connait  les  obligations  d\u00e9finies \u00e0  l'article R7232-19 du  code  du  travail,\n'Toute modification concernant  la structure d\u00e9clar\u00e9e ou  les activit\u00e9s exerc\u00e9es devra. sous\npeine  de  retrait de  la d\u00e9claration, fare  l'objet d'une  d\u00e9claration  modticatve  aupr\u00e8s  de  FUnit\u00e9\nd\u00e9partementale  des  Hauts-de-Seine.\nLe  pve  r\u00e9c\u00e9piss\u00e9  sera  pub  au rece  des  aces  adrinitralt  de  apiece  des  Haus\nde-Seine.\nFait \u00e0 Nanterre,  le 11 septembre 2025.\nPour  le Pr\u00e9fet\nPar  d\u00e9l\u00e9gation  ot subd\u00e9l\u00e9gation\nLa  Responsable  du  service\nD\u00e9veloppement  de  l'emploi et des\ncomp\u00e9tences  {-\nMariama  CONDE!\n\nEE  Direction  r\u00e9gionale  et interd\u00e9partomentale\nMINISTERE de l'\u00e9conomie, de l'emploi,\nDU  TRAVAIL,  DE  LA SANT\u00c9,  'du travail et des solidarit\u00e9s\nDES  SOLIDARIT\u00c9S\nET  DES  FAMILLES\nom\nR\u00e9c\u00e9piss\u00e9  n*2025-463  de  d\u00e9claration  d'activit\u00e9s de  services  \u00e0 la personne\n\"enregistr\u00e9e sous  le n\u00b0 SAP921657797  au nom  de  la micro-entreprise  BIKINDOU\nNice sise 7 Rue  Bory  d'Arnex  \u00e0 Saint-Cloud  (92210)\nLE  PREFET  DES  HAUTS-DE-SEINE\nVu  la loi n\u00b0 2010-853  du 23  jullet 2010  relative aux r\u00e9seaux  consulaires, au commerce et \u00e0\nl'artisanat et aux  services  (article 31)\nVu  la li n\u00b02015-1776  du  28  d\u00e9cembre  2015  relate  \u00e0  l'adaptation de  la soci\u00e9t\u00e9  au\nviellissement\n'Vu article  D7231-1  du  Code  du  travail\nVu  les d\u00e9crets n\u00b0 2011-1132  et n\u00b0 2011-1133  du 20  septembre  2011 modifiant certaines\ndispositions du Code  du travail, relatives au ch\u00e8que  emploi-service universel et aux\nservices \u00e0 la personne ;\nVu  le d\u00e9cretn\u00b02016-750 du 6 juin 2016 relat \u00e0 la liste des activit\u00e9s de services \u00e0 Ia personne\nsoumises \u00e0 agr\u00e9ment  ou \u00e0 autorisation dans le cadre du r\u00e9gime  commun de a  d\u00e9claration;\nVu  le d\u00e9cret du 31 octobre 2024  portant nomination de Monsieur  Alexandre  BRUGERE,  en\nqualt\u00e9 de  Pr\u00e9fet des  Hauts-de-Seine  ;\nVu  l'arr\u00eat\u00e9 interminist\u00e9riel du 12 ao\u00fbt 2025  nommant  Monsieur  Fabrice MASI, Directeur\nr\u00e9gionalet iterd\u00e9partemental  de  l'\u00e9conomie, de l'emploi, du travailet des soldartes dle-\ne-France \u00e0 compter  du  25  ao\u00fbt  2025 ;\nVu  l'a\u00e8t\u00e9  pr\u00e9fectoral n\u00b02025-33  du 22 ao\u00fbt 2025  par lequel le Pr\u00e9fet des  Hauts-de-Saine\n'd\u00e9l\u00e8gue  sa signature  \u00e0 Monsieur  Fabrice  MASI,  Directeur  r\u00e9gional et interd\u00e9partemental\nde \u00e9conomie, de l'emploi, du travailet des solidant\u00e9s d'le-de-France;\nVu  la d\u00e9cision n\u00b0 2025-187  du  25  ao\u00fbt 2025  portant subd\u00e9l\u00e9gation de  signature de  Monsieur\nFabrice MASI,  Directeur r\u00e9gional et interd\u00e9partemental de  \u00e9conomie,  de  l'emploi, du\ntraval et des  soldari\u00e9s  d'\u00cele-de-France,  aux  agents  de  Unit\u00e9  d\u00e9partementale  des  Hauts-\nde-Seine\nVu  la d\u00e9claration d'activit\u00e9s de services \u00e0 la personne  d\u00e9pos\u00e9es  le 04 septembre  2025  par la\nmiero-entreprise BIKINDOU  Nice 7 Rue  Bory d'Amex  \u00e0 Saint-Cloud (92210) ;\n\nApr\u00e8s examen  du dossier, cette demande  \u00e9tant conforme aux dispostions de l'article L. 7232-1\n1 du code  du  travail, le pr\u00e9sent  r\u00e9c\u00e9piss\u00e9  de d\u00e9claration d activit\u00e9s de services \u00e0 la personne  a\n\u00e9t\u00e9 enregistr\u00e9  au  nom  de  la micro-entreprise  BIKINDOU  Nice  sous  le num\u00e9ro  SAP  921657787.\nLes  activit\u00e9s d\u00e9clar\u00e9es  sont les suivantes,  \u00e0 exclusion  de  toute autre\n= Garde  d'enfants  de  plus  de  3  ans  \u00e0  domicile  ;\n= Accompagnement  des  enfants  de plus  de 3 ans  dans  leurs  d\u00e9placements\nPrestations relevant du  b\u00e9n\u00e9fice de la r\u00e9duction imp\u00f4t  pr\u00e9vue  \u00e0 l'article 199 sexdecies  du Code\nG\u00e9n\u00e9ral  des  Impts.\nLa  structure  exerce  ces  activit\u00e9s  selon le mode  suivant  : PRESTATAIRE\nSous  r\u00e9serve  d'\u00eatre exerc\u00e9es  \u00e0  tre  exclus  par  le d\u00e9clarant  (ou sous  r\u00e9serve  d'une  comptabilit\u00e9\ns\u00e9par\u00e9e pour les personnes morales dispens\u00e9esdela condition dactivt\u00e9 exclusive). ces activit\u00e9s\nouvrent  droit au  b\u00e9n\u00e9fice des  dispositions des  articles L. 7233-2  du  code  du  travail et L. 241-10\ndu  code  de la s\u00e9curit\u00e9 sociale.\nConform\u00e9ment  aux  dispositions de  l'article R7232-19  du  code  du  travail, l'organisme  d\u00e9ciar\u00e9  doit\nproduire au moins chaque trimestre un \u00e9tat \u00a2actvit\u00e9 et chaque  ann\u00e9e  un blan quantitatif et\n'qualtaf de  l'activit\u00e9 exerc\u00e9e  au  titre de  l'ann\u00e9e \u00e9coul\u00e9e  ainsi qu'un tableau statistique annuel.\nSi l'organisme  d\u00e9ciar\u00e9  comporte  plusieurs  \u00e9tablissements,  le \u00e9tats  statistiques  et  le bilan  annuel\ndistinguent  l'activit\u00e9 exerc\u00e9e  par  chaque  \u00e9tablissement.\nLe  pr\u00e9sent  r\u00e9c\u00e9piss\u00e9  prend  effet le 04  septembre  2028.\nL'enregistrement de la d\u00e9claration  pourra \u00eatre retir\u00e9 si l'organisme d\u00e9clar\u00e9  cesse  de remplir\nles conditions  ou  de  respecter  les obligations  mentionn\u00e9es  aux  4',5\u00b0 et 6\u00b0 de  l'article\nR7232-17  ou  qui m\u00e9conna\u00ee  les obligations d\u00e9finies \u00e0 l'article R7232-19 du code  du  travail.\n, devra,  sous\neine  de retrait de la G\u00e9caration, fare Tobjet une  d\u00e9caraton  modiicalve  aupr\u00e9s de TUNt\u00ae\nd\u00e9partemental  des  Hauts-de-Seine.\nLepr\u00e9tentr\u00e9c\u00e9pan  sara  publ  au  rouod  des  acts  cminitratfs  de  a pr\u00e9fecture  ds  Haute\nde-Seine.\nFait \u00e0 Nanterre  le 11 septembre  2025,\nPour  ePr\u00e9tet\nPar  d\u00e9l\u00e9gation  et  subd\u00e9lgation\nLa  Responsable  du  service\nD\u00e9veloppement  de  l'emploi  et des\ncomp\u00e9tences (Gi AS\nMariama  COND!\n\nEz  Direction r\u00e9gionale et interd\u00e9partementale\nMINIST\u00c8RE de l'\u00e9conomie, de l'emploi,\nDU  TRAVAIL,  DE LA SANT\u00c9,  du travail et des solidarit\u00e9s\nDES  SOLIDARIT\u00c9S\nET  DES  FAMILLES\nome\nR\u00e9c\u00e9piss\u00e9  n*2025-464  de  d\u00e9claration  d'activit\u00e9s de services  \u00e0 la personne\nenregistr\u00e9e  sous  le n\u00b0 SAP990970915  au  nom  de  la micro-entreprise  FLORENTINY\n'Oc\u00e9ane  sise 56 Avenue  du  Dix-huit  juin 1940 \u00e0 Ruell-Malmaison  (92500)\nLE  PREFET  DES  HAUTS-DE-SEINE\nVu  la loi n\u00b0 2010-853  du 23 jullet 2010  relative aux r\u00e9seaux  consulaires, au commerce et \u00e0\nl'artisanat et aux  services  (article 31) ;\nVu  Ia loi n\u00b02015-1778 du 28 d\u00e9cembre  2015 relative \u00e0 Fadaptation de la soci\u00e9t\u00e9 au\nvieilissement ;\nVu  l'article D7231-1  du  Code  du  travail\nVu  les d\u00e9crets n\u00b0 2011-1132 et n\u00b0 2011-1133  du 20 septembre 2011 modifiant certaines\ndispositions du Code  du  traval, relatives au ch\u00e8que  emploi-service universel et aux\nservices  \u00e0 la personne  ;\nVu  le d\u00e9cret n'2016-750 du 6 jin  2016 relat \u00e0 la isto des activitesde services \u00e0 la personne\nsoumises \u00e0 agr\u00e9ment  ou \u00e0 autorisation dans le cadre du r\u00e9gime commun  de ia d\u00e9claration\nVu  le d\u00e9cret du 31 octobre 2024  portant nomination de  Monsieur  Alexandre  BRUGERE,  en\nqualit\u00e9 de  Pr\u00e9fet des Hauts-de-Seine  ;\nVu  Tarr\u00e9te interminist\u00e9riel du 12 ao\u00fbt 2025  nommant  Monsieur  Fabrice MASI,  Directeur\nr\u00e9gional et interd\u00e9partemental de  l'\u00e9conomie, de  l'emploi, du travail et des  solidarit\u00e9s dle\nde-France \u00e0 compter  du 25  ao\u00fbt  2025\nVu  l'arr\u00eat\u00e9 pr\u00e9fectoral n\u00b02025-33  du  22  ao\u00fbt 2025  par lequel le Pr\u00e9fet des  Hauts-de-Seine\nd\u00e9l\u00e8gue  sa signature \u00e0 Monsieur  Fabrice MASI,  Directeur r\u00e9gional et interd\u00e9partemental\nde l'\u00e9conomie, de l'emploi, du travailet des solidart\u00e9s d'\u00cele-de-France ;\nVu  la d\u00e9cision n\u00b0 2025-187  du  25 ao\u00fbt 2025  portant subd\u00e9l\u00e9gation de signature de Monsieur\nFabrice MASI, Directeur r\u00e9gional et interd\u00e9partemental de  l'\u00e9conomie, de remploi, du\naval  et des  solidart\u00e9s d'le-de-France, aux  agents de  Unit\u00e9  d\u00e9partementale  des  Hauts-\nde-Seine\nVu  la d\u00e9claration d activit\u00e9s de  services \u00e0 la personne  d\u00e9pos\u00e9es  le 05  septembre  2025  par\nla micro-entreprise FLORENTINY  Oc\u00e9ane  sise 56 Avenue  du Dic huit juin 1940  \u00e0 Rueil\nMalmaison  (82500);\n\nApr\u00e8s examen  du dossier, cette demande  \u00e9tant conforme aux dispositions de Farticle L. 7232-\n1 du  code  du  travail, le pr\u00e9sent  r\u00e9c\u00e9piss\u00e9  de  d\u00e9claration  d'actvit\u00e9s de services  \u00e0 la personne  a\n\u00e9t\u00e9  enregistr\u00e9  au  nom  de  la micro-entreprise  FLORENTINY  Oc\u00e9ane  sous  le num\u00e9ro\n'SAP990970915.\nLes  activit\u00e9s  d\u00e9clar\u00e9es  sont  les  suivantes,  a  l'exclusion  de  toute  autre\n= Garde  d'enfants  de  plus  de  3  ans  \u00e0 domicile  ;\n| Accompagnement  des enfants  de plus  do 3 ans  dans  leurs d\u00e9placements  ;\n=\" Collecte  et Ivralson  \u00e0 domicile  de  linge  repass\u00e9  ;\nPrestations  relevant du  b\u00e9n\u00e9fice  de  la r\u00e9duction  d'imp\u00f4t  pr\u00e9vue  \u00e0 l'aticis 199  sexdecies  du  Code\nG\u00e9n\u00e9ral  des  Impbls.\nLa  structure  exerce  ces  activit\u00e9s  selon  le mode  suivant  : PRESTATAIRE\nSous  r\u00e9serve  d'\u00eatre exerc\u00e9es  \u00e0  titre exclusif par le d\u00e9clarant  (ou sous  r\u00e9serve  d'une  comptabilt\u00e9\ns\u00e9par\u00e9e pour les personnes morales dispens\u00e9es  dela condition d'activit\u00e9 exclusive). ces activit\u00e9s\nouvrent  dro  au  b\u00e9n\u00e9fice  des  dispositions des  articles L. 7233-2  du  code  du  travail et L. 241-10\n'du code  de la s\u00e9curit\u00e9 sociale.\n(Conform\u00e9ment  aux  dlspostions de  l'article R7232-19  du code  du  travail, organisme  d\u00e9clar\u00e9 dot\nproduire au  moins  chaque  trimestre un  \u00e9tat \u00a2actvit\u00e9 et chaque  ann\u00e9e  un  bilan quanttatt et\nqualtatf  de  l'activit\u00e9 exerc\u00e9e  au  titre de  l'ann\u00e9e  \u00e9coul\u00e9e  ainsi qu'un  tableau  statistique annuel.\nSi l'organisme  d\u00e9ciar\u00e9  comporte  plusieurs  \u00e9tablissements,  les \u00e9tats statistiques et le bilan annuel\ndistinguent activit\u00e9 exerc\u00e9e  par  chaque  \u00e9tablissement.\nLe pr\u00e9sent  r\u00e9c\u00e9piss\u00e9  prond  offet le 06 septembre  2025.\nL'enregistrement  de  la d\u00e9claration  pourra  tre  retir\u00e9 si forganis\nles conditions  ou  de  respecter  les  obligations  mentionn\u00e9es  aux\nR7232-17  ou  qui  m\u00e9connalt  les obligations  d\u00e9finies  \u00e0  article R7232- du  code  du  travail,\nes devra, sous\npeine de retrat de l\u00e0 G\u00e9caration, are  Tobjet une  d\u00e9claration modiicaive aupr\u00e9s de F\u00dcnt\u00e9\nd\u00e9partementale  des  Hauts-de-Seine.\nLe  pr\u00e9sent r\u00e9c\u00e9piss\u00e9 sera publi\u00e9 au recueil des  actes administratfs de  Ia pr\u00e9fecture des Hauts-\nde-Seine.\nFait  \u00e0 Nanterre, le 11 septembre 2025,\nPour  le Pr\u00e9fet\nPar  d\u00e9l\u00e9gation  et subd\u00e9l\u00e9gation\nLa  Responsable  du  service\nD\u00e9veloppement  de  l'emploi  et des\nom  fear\nMariama  CONDE\n\nEx  Direction  r\u00e9gionale  et interd\u00e9partementale\nde l'\u00e9conomie,  de l'emploi,\nBUTRANAL, DE LA SANT\u00c9, du travaret des soldats\nDES  SOLIDARIT\u00c9S\nET  DES  FAMILLES\neae\nR\u00e9c\u00e9piss\u00e9  n\u00b02025-465  de  d\u00e9claration  d'activit\u00e9s de  services  \u00e0 la personne\nenregistr\u00e9e  sous  le n\u00b0 SAP990855991  au  nom  de  la micro-entreprise  LAHAYE\nMarianne  sise  9 Rue  du  Clos  des Rosati  \u00e0  Fontenay-aux-Roses  (92260)\nLE  PREFET  DES  HAUTS-DE-SEINE\nVu  la loi n\u00b0 2010-853  du  23  juillet 2010  relative aux  r\u00e9seaux  consulaires,  au commerce  et \u00e0\nl'artisanat et aux  services  (article 31);\nVu  la loi n\u00b02018-1778  du  28 d\u00e9cembre  2015  relative \u00e0 adaptation  de  la soci\u00e9t\u00e9 au\nviellissement ;\nVu  l'aricie D7231-1  du  Code  du  travail;\nVu  les d\u00e9crets n\u00b0 2011-1132  et n\u00b0 2011-1133  du  20 septembre  2011  modifiant certai\ndispostions  du  Code  du  travail, relatives au  ch\u00e8que  emplo-service  universel  et aux\n'services  \u00e0 la personne,\nVu  le d\u00e9cret n\u00b02018750 du 6 juin 2016 relat \u00e0 la liste des activit\u00e9sde services \u00e0 la personne\n'soumises  \u00e0 agr\u00e9ment  ou  autorisation dans le cadre  du  r\u00e9gime  commun  de la d\u00e9claration\nVu  le d\u00e9cret du 31 octobre 2024  portant nomination de  Monsieur  Alexandre  BRUGERE,  en\nquait\u00e9 de Pr\u00e9fet des Hauts-de-Seine ;\nVu  l'\u00e9t\u00e9  interminist\u00e9riel du  12 ao\u00fbt  2025  nommant  Monsieur  Fabrice  MASI,  Directeur\nr\u00e9gional et  interd\u00e9partemental de  l'\u00e9conomie,  de Templo,  du  travail et des  solidart\u00e9s  d'le-\nde-France  \u00e0 compter  du  28  ao\u00fbt  2025\nVu  l'arr\u00eat\u00e9 pr\u00e9fectoral n\u00b02026-33  du  22  ao\u00fbt  2025  par  lequel le Pr\u00e9fet des  Hauts-de-Seine\nd\u00e9l\u00e8gue  sa signature  \u00e0  Monsieur  Fabrice  MASI,  Directeur  r\u00e9gional et interd\u00e9partemental\nde  l'\u00e9conomie, de l'emploi, du travail et des  solidarit\u00e9s d'\u00cele-de-France ;\nVu  la d\u00e9cision n\u00b0 2025-187  du  25 ao\u00fbt 2025  portant subd\u00e9l\u00e9gation de signature de Monsieur\nFabrice  MASI,  Directeur  r\u00e9gional  et interd\u00e9partemental  de  l'\u00e9conomie,  de  l'emploi, du\ntravail et des  solidarites d'le-de-France,  aux  agents  de  l'Unit\u00e9 d\u00e9partementale  des  Hauts-\nde-Seine\nVu  la d\u00e9claration  d'activit\u00e9s de  services  \u00e0 a  personne  d\u00e9pos\u00e9es  le 05  septembre  2025  par\na  micro-entreprise  LAHAYE  Marianne  9  Rue  du  Clos  des  Rosati  \u00e0  Fontenay-aux-Roses\n(82260)\n\nApr\u00e8s  examen  du dossier, cette demande  \u00e9tant conforme  aux  dispostions de Particle L. 7232.\n1 du  code  du  travail, le pr\u00e9sent  r\u00e9c\u00e9piss\u00e9  de  d\u00e9claration  dactivt\u00e9s  de  services  ala  personne a\n\u00e9t\u00e9 enregistr\u00e9  au  nom  de  la micro-entreprise  LAHAYE  Marianne  sous  le num\u00e9ro  SAPS90855991.\nLes  activit\u00e9s d\u00e9clar\u00e9es  sont  les suivantes, a l'exclusion de  toute autre\n= Garde  d'enfants de plus  de 3 ans  \u00e0 domicile  ;\n= Accompagnement  des  enfants  de  plus  de 3 ans  dans  leurs  d\u00e9placement\n= Entretien  de  la maison  et  travaux  m\u00e9nagers ;\nPrestations  relevant du  b\u00e9n\u00e9fice  de  la r\u00e9duction  d'imp\u00eat  pr\u00e9vue  \u00e0  l'article 199  sexdecies  du  Code\nG\u00e9n\u00e9ral  des  Imp\u00f4ts.\nLa  structure  exerce  ces  activit\u00e9s  selon  le mode  suivant  : PRESTATAIRE\n'Sous  r\u00e9serve  d'\u00eatre exerc\u00e9es  \u00e0 ttre exclusif parle  d\u00e9clarant  (ou  sous  r\u00e9serve  d'une  comptabilit\u00e9\n's\u00e9par\u00e9e  pour  les personnes  morales  dispens\u00e9es  de  la condition  d'actvi\u00e9  exclusive), ces  activites\nouvrent  droit au b\u00e9n\u00e9fice  des  dispositions des  aricies L. 7233-2 du code du traval et L. 241-10\ndu  code  de  la s\u00e9curt\u00e9  social.\n'Conform\u00e9ment  aux  dispositions  de  l'article R7232-19  du  code  du  travail, l'organisme  d\u00e9clar\u00e9  dot\nproduire au moins chaque  timestre un \u00e9tat dactivit\u00e9 et chaque  ann\u00e9e  un bilan quantitatif et\nqualtatf  de  Factvite exerc\u00e9e  au  titre de  l'ann\u00e9e \u00e9coul\u00e9e  ainsi qu'un  tableau  statistique annuel.\nSi l'organisme  d\u00e9clar\u00e9  comporte  plusieurs \u00e9tablissements,  les \u00e9tats statistiques et le bilan annuel\ndistinguent  l'activit\u00e9 exerc\u00e9e  par  chaque  \u00e9tablissement\nLe  pr\u00e9sent  r\u00e9c\u00e9piss\u00e9  prend  effet le 05  septembre  2026.\nL'enregistrement de la d\u00e9claration  pourra  \u00eatre retir\u00e9si l'organisme  d\u00e9clar\u00e9  cesse  de remplir\nles conditions  ou  de  respecter  les obligations  mentionn\u00e9es  aux  4,6\"  ot 6\u00b0 de  l'article\n7232-17  ou  qui  m\u00e9connait  les  obligations  d\u00e9finies  \u00e0 article  R7232-19  du  code  du  travail.\ndevra,  sous\npeine de  retrait de la d\u00e9claration. faire l'objet dune  d\u00e9caration modficative aupr\u00e8s  de  Unit\u00e9\nd\u00e9partementale  des  Hauts-de-Seine.\nLe  pr\u00e9sent  r\u00e9c\u00e9piss\u00e9  sera publi\u00e9  au recuell des  actes  administratifs de la pr\u00e9fecture  des  Hauts-\nde-Seine.\nFait \u00e0 Nanterre,  le 11 septembre  2025.\nPour  le Pr\u00e9fet\nPar d\u00e9l\u00e9gation et subd\u00e9l\u00e9gation\nLa  Responsable\nD\u00e9veloppement\ncomp\u00e9tences  (1\n\nEE  Direction  r\u00e9gionale et interd\u00e9partementale\nMINISTERE  de l'\u00e9conomie, de l'emploi,\nDU  TRAVAIL,  DE  LA  SANT\u00c9,  du travail et des solidarit\u00e9s\nDES  SOLIDARIT\u00c9S\nET  DES  FAMILLES\neu\nR\u00e9c\u00e9piss\u00e9  n\u00b02025-466 de  d\u00e9claration  d'activit\u00e9s de  services  \u00e0 la personne\nenregistr\u00e9e  sous  le n\u00b0 SAP990932279  au  nom  de  la micro-entreprise  FALLAOUI\nInes  sise 64  Rue  du  Colonel  de  Rochebrune  \u00e0 Garches  (92380)\nLE  PREFET  DES  HAUTS-DE-SEINE\nVu  la loi n\u00b0 2010-853 du  23  jullet 2010  relative aux  r\u00e9seaux  consulaires, au  commerce  et \u00e0\nl'artisanat ot aux  services  (article 31);\nVu  la loi n\u00b02015-1776  du  28  d\u00e9cembre  2015  relative \u00e0 l'adaptation de  la soci\u00e9t\u00e9  au\nviilissement :\nVu  l'article 07231-1  du  Code  du travail;\nles d\u00e9crets  n\u00b0 2011-1132  et n\u00b0 2011-1133  du  20  septembre  2011  modifiant  certaines\ndispositions du  Code  du  taval, relatives au ch\u00e8que  emploi-service universel et aux\nservices \u00e0 la personne  ;\nVu  le d\u00e9cret  n\u00b02016-750  du 6 juin 2016  relatif \u00e0 la liste des  activites de services \u00e0 la personne\nsoumises \u00e0 agr\u00e9ment  ou \u00e0 autorisation dans  le cadre  du r\u00e9gime  commun  dela  d\u00e9claration\n\u00a3\nVu  le d\u00e9cret du 31 octobre 2024  portant nomination de  Monsieur  Alexandre  BRUGERE,  en\nquait\u00e9 de Pr\u00e9fet des Hauts-de-Seine\nVu  l'arr\u00eat\u00e9 interminist\u00e9riel du  12  ao\u00fbt  2025  nommant  Monsieur  Fabrice  MASI,  Directeur\nr\u00e9gional et intord\u00e9partemental  de  l'\u00e9conomie, de  l'empll, du  travail et des  solidarit\u00e9s d'le-\n'de-France \u00e0 compter  du 25 ao\u00fbt  2025 ;\nVu  l'arr\u00e9t\u00e9 pr\u00e9fectoral n\u00b02026-33  du  22  ao\u00fbt  2025  par  lequel le Pr\u00e9fet des  Hauts-de-Seine\n'd\u00e9l\u00e8gue  sa  signature  \u00e0 Monsieur  Fabrice  MASI,  Directeur  r\u00e9gional et interd\u00e9partemental\nde  l'\u00e9conomie, de  l'emploi, du traval et des solidarit\u00e9s d'\u00cele-de-France ;\nVu  la d\u00e9cision  n\u00b0 2025-157  du  25  ao\u00fbt  2025  portant subd\u00e9l\u00e9gation  de  signature  de  Monsieur\nFabrice  MASI,  Directeur  r\u00e9gional et interd\u00e9partemental  de  l'\u00e9conomie, de  l'emploi, du\ntravail et des  soldari\u00e9s  dille-de-France,  aux  agents  de  Unit\u00e9  d\u00e9partementale  des  Hauts-\nde-Seine\n'Vu la  d\u00e9claration d'actit\u00e9s  de services \u00e0 la personne  d\u00e9pos\u00e9es  le 05  septembre  2025  par\nLa  micro-entreprise  FALLAOU  Ines sise 64 Rue  du Colonel  de Rochebrune \u00e0  Garches\n(82380):\n\nApr\u00e8s  examen  du  dossier,  cette  demande  \u00e9tant  conforme  aux  dispositions  de  l'article L. 7232.\n1 du  code  du travail, le pr\u00e9sent  r\u00e9c\u00e9piss\u00e9  de d\u00e9claration  d'activit\u00e9s de  services  \u00e0 la personne  a\n\u00e9t\u00e9  enregistr\u00e9  au  nom  de  la micro-entreprise  FALLAOUI  Ines sous  le num\u00e9ro  SAP  990932279,\nLes  activit\u00e9s d\u00e9clar\u00e9es  sont  les suivantes,  & exclusion  de  toute  autre\n= Garde  d'enfants  de  plus  de  3 ans  \u00e0  domicilo;\n= Accompagnement  des  enfants  de  plus  de  3  ans  dans  leurs  d\u00e9placements  ;\n= Entretien  de  la  maison  et  travaux  m\u00e9nagers  ;\nPrestations  relevant du  b\u00e9n\u00e9fice  dela  r\u00e9duction  d'imp\u00f4t  pr\u00e9vue  \u00e0 article  199  sexdecies du Code\nG\u00e9n\u00e9ral  des  impots.\nLa  structure  exerce  ces  activit\u00e9s  selon le mode  suivant:  PRESTATAIRE\nSous  r\u00e9serve  d'tre  exerc\u00e9es  \u00e0  ttre  exclus  par  le d\u00e9clarant  (ou  sous  r\u00e9serve  d'une  comptabilit\u00e9\ns\u00e9par\u00e9e pour les personnes morales dispens\u00e9es de la condition dactivt\u00e9 exclusive). ces activit\u00e9s\nouvrent  droit au  b\u00e9n\u00e9fice  des  dispositions  des  articles L. 7233-2  du  code  du  travall et L. 241-10\ndu  code  de  la s\u00e9curit\u00e9 sociale.\nConform\u00e9ment  aux  dispositions de  l'article R7232-19  du  code  du  travail, l'organisme  d\u00e9clar\u00e9  dot\nproduire au moins  chaque  trimestre un  \u00e9tat dactivt\u00e9 et chaque  ann\u00e9e  un bilan quantita  et\nqualtatf de Factivite exerc\u00e9e  au  titre de  l'ann\u00e9e  \u00e9coul\u00e9e  ainsi qu'un  tableau  statistique annuel\nSi organisme  d\u00e9ciar\u00e9  comporte  plusieurs  \u00e9tablissements,  les \u00e9tats statistiques et le bilan annuel\ndistinguent  Factivte  exerc\u00e9e  par  chaque  \u00e9tablissement\nLe  pr\u00e9sent  r\u00e9c\u00e9piss\u00e9  prend  effet le 05  septembre  2028.\nL'enregistrement de la d\u00e9claration  pourra \u00eatre retir\u00e9 si l'organisme  d\u00e9clar\u00e9  cesse  de remplir\nles  conditions  ou  de  respecter  les obligations  mantionn\u00e9es  aux  4\",8\u00b0 ot 6\u00b0 de  l'article\n'R7232-17  ou  qui  m\u00e9connait  les obligations  d\u00e9finies  \u00e0  l'article R7232-19 du  code  du  travail.\ndevra,  sous\nDeine de retrait dela G\u00e9caration, fare Tobjet dune  d\u00e9claration modiicalve aupr\u00e9s de UE\nd\u00e9partementale  des  Hauts-de-Seine.\nLe pr\u00e9sent r\u00e9c\u00e9piss\u00e9 sera publi\u00e9 au recueil des  actes administratfs de  Ia pr\u00e9fecture des Hauts-\nde-Seine.\nFait  \u00e0  Nanterre  le 11  septembre  2025,\nPour  le Pr\u00e9fet\nPar  d\u00e9l\u00e9gation  et subd\u00e9l\u00e9gation\nLa  Responsable  du  service\nD\u00e9veloppement de  l'emploi et des\ncompetences (SL\nMariama CONDE\n\n=n  Direction  r\u00e9gionale  et interd\u00e9partementale\nMINISTERE l'\u00e9conomie, de l'emploi,\nDU  TRAVAIL, DE  LA SANT\u00c9,  du travalet des solidarit\u00e9s\nDES  SOLIDARIT\u00c9S\nET  DES  FAMILLES\nEM\nR\u00e9c\u00e9piss\u00e9  n*2025-467  de  d\u00e9claration d'activit\u00e9s de  services \u00e0 la personne\nenregistr\u00e9e  sous  le n\u00b0 SAP890918328  au  nom  de  la micro-entreprise  CISSE\n'Aminata sise 10 Rue de l'Ancienne  Mairie \u00e0 Clichy (92110)\nLE  PREFET  DES  HAUTS-DE-SEINE\nVu  la loi n\u00b0 2010-853 du 23 jullet 2010  relative aux  r\u00e9seaux  consulaires, au commerce  et \u00e0\nl'artisanat et aux  services  (article 31);\nVu  la li n\u00b02015-1776  du 28  d\u00e9cembre  2016  relative \u00e0 adaptation  de  la soci\u00e9t\u00e9 au\nviilissement ;\nVu  l'aticle D7231-1  du  Code du  travail;\nVu  les d\u00e9crets n\u00b0 2011-1132  et n\u00b0 2011-1133  du 20 septembre  2011  modifiant certaines\ndispositions du  Code  du  traval, relatives au  ch\u00e8que  emplo-service  universel et aux\nservices  \u00e0 la personne  ;\nVu  le d\u00e9cret n*2016-750  du 6 juin 2016 relatif \u00e0 la liste des activit\u00e9s de services \u00e0 la personne\nsoumises \u00e0 agr\u00e9ment  ou  autorisation dans  le cadre  du  r\u00e9gime  commun  dela  d\u00e9claration\nVu  le d\u00e9cret du 31 octobre 2024  portant nomination de  Monsieur  Alexandre  BRUGERE,  en\nqualit\u00e9 de Pr\u00e9fet des Hauts-de-Seine ;\nVu  l'ar\u00eat\u00e9 interminist\u00e9riel du 12 ao\u00fbt 2025  nommant  Monsieur  Fabrice MASI,  Directeur\nr\u00e9gional  tinterd\u00e9partementl  de  l'\u00e9conomie, de l'emplo, du  travail et des  solidart\u00e9s  dll\nde-France  \u00e0  compter  du  25  ao\u00fbt  2025\nVu  l'arr\u00e8t\u00e9 pr\u00e9fectoral n\u00b02025-33  du  22 ao\u00fbt 2025  par lequel le Pr\u00e9fet des  Hauts-de-Seine\n'd\u00e9l\u00e8gue  sa  signature  \u00e0  Monsieur  Fabrice  MASI,  Directeur  r\u00e9gional et interd\u00e9partemental\nde l'\u00e9conomie, de l'emploi du travailet des solidarit\u00e9s d'le-de-France ;\nVu  la d\u00e9cision n\u00b0 2025-157  du  25  ao\u00fbt 2025  portant subd\u00e9l\u00e9gation de  signature de Monsieur\nFabrice MASI,  Directeur r\u00e9gional et interd\u00e9partemental de  l'\u00e9conomie, de l'emploi. du\ntraval  et des  solidarit\u00e9s dle-de-France,  aux  agents de  Unite  d\u00e9partementale  des  Hauts-\nde-Seine  ;\nVu  la d\u00e9claration dactvites de services \u00e0 la personne  d\u00e9pos\u00e9es  le 06 septembre  2025 par\nla micro-entreprise CISSE  Aminata  sise 10 Rue  de l'Ancienne Marie  \u00e0 Cichy  (92110);\n\n'Apr\u00e8s examen  du  dossier, cette demande  \u00e9tant  conforme  aux  dispositions de  l'article. 7232-1-\n1 du  code  du  travail, le pr\u00e9sent  r\u00e9c\u00e9piss\u00e9  de  d\u00e9claration  dactivites  de  services  \u00e0 la personne  a\n\u00e9t\u00e9 enregistr\u00e9  au  nom  de  la micro-entreprise  CISSE  Aminata  sous  le num\u00e9ro  SAP  990818328.\nLes  activit\u00e9s  d\u00e9clar\u00e9es  sont  les  suivantes,  \u00e0  exclusion  de  toute  autre:\n= Entretien  de  la maison  et  travaux  m\u00e9nagers  ;\nPrestations  relevant du  b\u00e9n\u00e9fice  de  la r\u00e9duction  imp\u00f4t  pr\u00e9vue  \u00e0  article  199  sexdecies  du  Code\nG\u00e9n\u00e9ral  des  Imp\u00f4ts,\nLa  structure  exerce  ces  activit\u00e9s  selon  le mode  suivant  : PRESTATAIRE\nSous  r\u00e9serve  d'\u00eatre exerc\u00e9es  \u00e0 ttre exclus  par  le d\u00e9clarant  (ou sous  r\u00e9serve  d'une  comptabilit\u00e9\ns\u00e9par\u00e9e pour les personnes morales dispens\u00e9es de la condition activit\u00e9 exclusive), ces activit\u00e9s\nouvrent  droit au  b\u00e9n\u00e9fice  des  dispositions des  articles L. 7233-2  du  code  du  traval et L  241-10\n'du code  de  la s\u00e9curt\u00e9  social.\n(Conform\u00e9ment  aux  dispositions de  article  R7232-19  du  code  du  travail l'organisme  d\u00e9clar\u00e9  dott\nproduire  au  moins  chaque  timestre  un  \u00e9tat d'activit\u00e9 et chaque  ann\u00e9e  un  bilan quanttatf  et\nqualtatf de  l'activit\u00e9 exerc\u00e9e  au  tire de l'ann\u00e9e \u00e9coul\u00e9e  ainsi qu'un tableau statistique annuel\nSi organisme  d\u00e9clar\u00e9  comporte  plusieurs  \u00e9tablissements, les \u00e9tats statistiques ete  bilan annuel\ndistinguent  Factivit\u00e9 exerc\u00e9e  par  chaque  \u00e9tablissement.\nLe pr\u00e9sent  r\u00e9c\u00e9piss\u00e9  prend  effet le 08 septembre  2025.\nL'enregistrement de la d\u00e9claration  pourra \u00eatre retir\u00e9 si l'organisme d\u00e9clar\u00e9  cesse  de remplir\nles conditions  ou  de respecter  les obligations  mentionn\u00e9es  aux  4\u00b0\n723217  ou  qui  m\u00e9connalt  les obligations  d\u00e9finies  \u00e0 l'article R7232-\npane  de  retrait dela  G\u00e9caraton,  fare  Tobjet une  decaration  mocieatve  aupr\u00e9s  de  TUnte\nd\u00e9partementale  des  Hauts-de-Seine.\nLe  pr\u00e9sent  r\u00e9c\u00e9piss\u00e9  sora  publ\u00e9  au  recueil des  actes  administratifs de  la pr\u00e9fecture  des  Hauts-\ndeSeine.\nFait \u00e0  Nanterre,  le 11 septembre  2025,\nPour  le  Pr\u00e9tet\nPar  d\u00e9l\u00e9gation  et subd\u00e9l\u00e9gation\nLa  Responsable  du  service\nD\u00e9veloppement de  l'emploi et  des\ncomp\u00e9tences  14,  4\nMariama CONDE\n\nEs  Direction  r\u00e9gionale  et interd\u00e9partementale\nMINISTERE de l'\u00e9conomie, de l'emploi,\nDU  TRAVAIL,  DE  LA  SANT\u00c9,  du travailet des solidarit\u00e9s\nDES  SOLIDARIT\u00c9S\nET  DES  FAMILLES\nEM\nR\u00e9c\u00e9piss\u00e9  n\u00b02025-468  de  d\u00e9claration d'activit\u00e9s de  services  \u00e0 la personne\nenrogistr\u00e9e  sous  le n\u00b0 SAP882741358  au  nom  de  la micro-entreprise  ABD  EL\nFATAH  ALAZAB  SAMIR  sise  11 All\u00e9e  des  Passiflores  \u00e0 Bois-Colombes  (92270)\nLE  PREFET  DES  HAUTS-DE-SEINE\nVu  la loi n\u00b0 2010-853  du  23 juillet 2010  relative aux r\u00e9seaux  consulaires, au commerce  et \u00e0\nl'artisanat et aux services (article 31);\nVu  la loi n\u00b02015-1776  du 28  d\u00e9cembre  2015  relative \u00e0 l'adaptation de la soci\u00e9t\u00e9 au\nveilissement ;\nVu  l'article D7231-1  du  Code  du travail;\nVu  les d\u00e9crets n\u00b0 2011-1132  et n\u00b0 2011-1133  du  20  septembre  2011 modtant  certaines\ndispositions du  Code  du  traval, relatives au  ch\u00e8que  emplo-service  universel et aux\nservices \u00e0 la personne  ;\n'Vu le d\u00e9crotn\u00b02016-750 du 6 juin 2016 relatif \u00e0 la liste des activit\u00e9s de services \u00e0 Ia personne\nsoumises  \u00e0 agr\u00e9ment ou \u00e0 autorisation dans  le cadre du  r\u00e9gime  commun de la d\u00e9claration\n'Vu le d\u00e9cret du 31 octobre 2024  portant nomination  de Monsieur  Alexandre  BRUGERE,  er\n'qualte de Pr\u00e9fet des Hauts-de-Seine;\nVu  l'\u00e9t\u00e9  interminist\u00e9riel du 12 ao\u00fbt 2025  nommant  Monsieur  Fabrice MASI,  Directeur\nr\u00e9gional  et interd\u00e9partemental de l'\u00e9conomie,  de l'emploi, du  travail et des  solidart\u00e9s dll\nde-France  \u00e0  compter  du  25  ao\u00fbt  2025\nVu  l'arr\u00eat\u00e9 pr\u00e9fectoral n\u00b02026-33  du  22  ao\u00fbt  2025  par  lequel le Pr\u00e9fet des  Hauts-de-Seine\nd\u00e9l\u00e8gue  sa  signature  \u00e0 Monsieur  Fabrice  MASI,  Directeur  r\u00e9gional et interd\u00e9partemental\nde l'\u00e9conomie, de l'emploi, du travail et des solidarit\u00e9s d'\u00cele-de-France ;\nvu\nFabrice  MASI, Directeur  r\u00e9gional et interd\u00e9partemental  de  l'\u00e9conomie, de  l'emploi, du\ntravailet des soldari\u00e9s  d'le-de-France,  aux  agents de l'Unit\u00e9 d\u00e9partementale des  Hauts-\nde-Seine ;\n'Vu la d\u00e9claration d'activit\u00e9s de services \u00e0 la personne  d\u00e9pos\u00e9es  le 07 septembre 2025 par la\nmicro-entreprise  ABD  EL  FATAH  ALAZAB  SAMIR  sise 11 All\u00e9e  des  Passiores  \u00e0  Bois-\nColombes  (82270)\n\n'Apres examen  du dossier, cette demande  \u00e9tant conforme aux dispositions de FartcleL. 7232-1-\n1 du  code  du  traval  le pr\u00e9sent  r\u00e9c\u00e9piss\u00e9  de  d\u00e9claration  d'activit\u00e9s  de  services  \u00e0  la personne  a\nte  enregistr\u00e9 au nom  de  la micro-entreprise  ABD  EL  FATAH  ALAZAB  SAMIR  sous  le num\u00e9ro\nSAP  882741358.\nLes  activit\u00e9s d\u00e9clar\u00e9es  sont les suivantes,  a l'exclusionde toute autre\n= Entrotion  de  la maison  et travaux  m\u00e9nagers  ;\n+ Travaux de  petit  bricolage  ;\nPrestations  relevant du  b\u00e9n\u00e9fice  de  la r\u00e9duction  d'imp\u00f4t  pr\u00e9vue  \u00e0  l'article 199  sexdecies  du  Code\n(G\u00e9n\u00e9ral  des  Imp\u00f4ts.\nLa  structure  exerce  ces  activit\u00e9s  selon  le mode  suivant  : PRESTATAIRE\nSous  r\u00e9serve  d'\u00eatre exerc\u00e9es  \u00e0 ttre exclusif par  le d\u00e9clarant  (ou  sous  r\u00e9serve  d'une  comptabilit\u00e9\ns\u00e9par\u00e9e  pour les personnes  morales  dispens\u00e9es  de la condition d'activit\u00e9 exclusive), ces activites\n'ouvrent droit au  b\u00e9n\u00e9fice  des  dispositions  des  articles L. 7233-2  du  code du traval  et L. 241-10\ndu  code  de  la s\u00e9curt\u00e9  sociale\n'Conform\u00e9ment  aux  dispositions de  l'article R7232-19  du  code  du  travail l'organisme  d\u00e9clar\u00e9  dot\nproduire au moins chaque  trimestre un \u00e9tat dactivit\u00e9 et chaque  ann\u00e9e  un bilan quantita  et\nQualtatfde activit\u00e9 exerc\u00e9e au tive de l'ann\u00e9e \u00e9coul\u00e9e ainsi qu'un tableau statistique annuel.\nSi l'organisme  d\u00e9clar\u00e9  comport  plusieurs  \u00e9tablissements,  les \u00e9tats statistiques et le bilan annuel\ndistinguent  l'activit\u00e9 exerc\u00e9e  par  chaque  \u00e9tablissement.\nLe  pr\u00e9sent  r\u00e9c\u00e9piss\u00e9  prend  effet le 07 septembre  202\u00a2\nL'enrogistrement de la d\u00e9claration  pourra  \u00eatre retir\u00e9si l'organisme  d\u00e9clar\u00e9 cesse  de remplir\nles conditions  ou  de  respecter  les obligations mentionn\u00e9es  aux  4\u00b0,6\u00b0 et 6\u00b0 de  l'article\nR7232-17  ou  qui  m\u00e9connait  les  obligations  d\u00e9finies  \u00e0  article  R7232-19  du  code  du  travail,\n'Toute modification concernant la structure d\u00e9clar\u00e9e ou los activit\u00e9s exerc\u00e9es devra, sous\npeine  de  etai  de  fa dectaration, far  Tebjet d'une  d\u00e9claration  modiicative  aupr\u00e9s  de  FUni\u00e9\n\u00e9parementai  des  Hauts-de-Seine\nLe  pr\u00e9sent  r\u00e9c\u00e9piss\u00e9  sera publi\u00e9  au recueil  des  actes  administratifs de la pr\u00e9fecture  des  Hauts-\nde-Seine.\nFait \u00e0  Nanterre,  le 11 septembre  2025,\nPour  le Pr\u00e9fet\nPar  d\u00e9l\u00e9gation  et subd\u00e9l\u00e9gation\nLa  Responsable  du  service\nD\u00e9veloppement  de  l'emploi  et des\nMariama  CONDE:\n\nEs  Direction r\u00e9glonale et interd\u00e9partementale\nMINIST\u00c8RE de l'\u00e9conomie, de l'emploi,\nDU  TRAVAIL,  DE LA SANT\u00c9,  du travail et des solidarit\u00e9s\nDES  SOLIDARIT\u00c9S\nET  DES  FAMILLES\nA\nR\u00e9c\u00e9piss\u00e9  n\u00b02025-489  de  d\u00e9claration  d'activit\u00e9s de  services \u00e0  la personne\n\"enregistr\u00e9e  sous  le n\u00b0 SAP991007717  au  nom  de  la micro-entreprise  SERRADJ\nRadia  sise 7 Ter  Rue  Yves  Cariou  \u00e0 Marnes-la-Coquette  (92430)\nLE  PREFET  DES  HAUTS-DE-SEINE\nVu  la lo n\u00b0 2010-883  du  23  juillet 2010  relative aux  r\u00e9seaux  consulaires,  au  commerce  et \u00e0\nFartisanat et aux  services (article 31);\nVu  la loi n\u00b02015-1778  du  28  d\u00e9cembre  2015  relative \u00e0  l'adaptation de  la soci\u00e9t\u00e9  au\nviilissoment\n'Vu l'aticle D7231-1  du  Code  du  travail\nVu  les d\u00e9crets n\u00b0 2011-1132  et n\u00b0 2011-1133  du  20 septembre  2011  modifiant certaines\ndispostions  du  Code  du  travail, relatives au  ch\u00e8que  emplo-service  universel  et aux\n'services \u00e0 la personne ;\nVu  le d\u00e9cret  n\u00b02016750 du 8 jun  2016 relatif \u00e0 la ste des activites de services  \u00e0 la personne\nsoumises  \u00e0 agr\u00e9ment  ou  \u00e0 autorisation dans  le cadre  du  r\u00e9gime  commun  dela  d\u00e9claration\nVu  le d\u00e9cret  du  31 octobre  2024  portant  nomination  de  Monsieur  Alexandre  BRUGERE,  en,\nqualit\u00e9 de  Pr\u00e9fet des  Hauts-de-Seine  ;\nVu  l'ar\u00e9t\u00e9 interminist\u00e9riel du  12 ao\u00fbt  2025  nommant  Monsieur  Fabrice  MASI,  Directeur\nr\u00e9gional  et interd\u00e9partemental  de  l'\u00e9conomie,  de  l'emplo,  du  travail et des  soldartes  dll\nde-France \u00e0 compter  du  25  ao\u00fbt  2025 ;\nVu  l'arr\u00eat\u00e9 pr\u00e9fectoral n\u00b02025-33  du  22 ao\u00fbt  2025  par  lequel le Pr\u00e9fet des  Hauts-de-Seine\nd\u00e9l\u00e8gue  sa signature \u00e0 Monsieur  Fabrice MASI,  Directeur r\u00e9gional et interd\u00e9partemental\nde l'\u00e9conomie, de l'emploi, du travail et des solidarit\u00e9s d'\u00cele-de-France ;\nVu  la d\u00e9cision  n\u00b0 2025-157  du  25  ao\u00fbt  2025  portant  subd\u00e9l\u00e9gation  de  signature  de Monsieur\nFabrice  MASI,  Directeur  r\u00e9gional et interd\u00e9partemental  de  l'\u00e9conomie,  de  l'emploi, du\ntravail et des  solidant\u00e9s  d'le-de-France,  aux  agents  de  l'Unit\u00e9 d\u00e9partementale  des  Hauts-\nde-Seine  :\n'Vu la d\u00e9claration d'activit\u00e9s de services \u00e0 la personne  d\u00e9pos\u00e9es  le 08 septembre  2025 parla\nmicro-entreprise  au  nom  de  la micro-entreprise  SERRADJ  Radia  sise 7 Ter  Rue  Yves\nCCariou \u00e0  Marnes-le-Coquette  (92430)\n\n'Apr\u00e8s examen  du  dossier, cette demande  \u00e9tant  conforme  aux  dispositions de  FartcieL. 7232-1-\n1 du code du travail, le pr\u00e9sent  r\u00e9c\u00e9piss\u00e9  de d\u00e9claration dactvtes  de services \u00e0 la personne  a\n\u00e9t\u00e9  enregistr\u00e9  au  nom  de  la micro-entreprise  SERRADJ  Radia  sous  le num\u00e9ro  SAP99  1007717.\nLes  actvit\u00e9s  d\u00e9clar\u00e9es  sont  les  suivantes,  \u00e0 l'exclusion  de  toute  autre\nEntretien  de  la maison  et travaux  m\u00e9nagers  ;\nPr\u00e9paration  de  repas  \u00e0  domici\nLivraison  de  repas  \u00e0  domicile;\nCollecte  et ivraison  \u00e0  domicile  de  linge  repass\u00e9  ;\nLivraison  de  courses  \u00e0 domicile  ;\nPrestations  relevant du  b\u00e9n\u00e9fice  de  la r\u00e9duction  d'imp\u00f4t  pr\u00e9vue  \u00e0 article 199  sexdecies  du  Code\nG\u00e9n\u00e9ral  des  Imp\u00f4ts.\nLa  structure  exerce  ces  activit\u00e9s  selon  le mode  suivant  : PRESTATAIRE\nSous  r\u00e9serve  d'\u00eatre  exerc\u00e9es  \u00e0  ttre  exclusf  par  le d\u00e9clarant  (ou  sous  r\u00e9serve  d'une  comptabilit\u00e9\ns\u00e9par\u00e9e  pour  les personnes  morales  dispens\u00e9es  de  la condition  d'actvit\u00e9 exclusive), ces  activites\nouvrent  dro  au  b\u00e9n\u00e9fice  des  dispositions  des  artcies  |. 7233-2  du  code  du  traval et L 241-10\ndu  code  de  la s\u00e9curit\u00e9  sociale\n'Conform\u00e9ment  aux  dispositions de  article R7232-19  du  code  du  travail, l'organisme  d\u00e9clar\u00e9  dot\nproduire au moins chaque trimestre un \u00e9tat dactivit\u00e9 et chaque ann\u00e9e  un bilan quantitatf et\n'qualtatfde l'activit\u00e9 exerc\u00e9e  au tire de  l'ann\u00e9e \u00e9coul\u00e9e  ainsi qu'un tableau statistique annuel\nSi organisme  d\u00e9clar\u00e9  comport  plusieurs  \u00e9tablissements,  les \u00e9tats statistiques et le bilan annuel\ndistinguent  l'actit\u00e9  exerc\u00e9e  par  chaque  \u00e9tablissement,\nLo  pr\u00e9sent  r\u00e9c\u00e9piss\u00e9  prend  effet le 08 septembre  2026\nregistrement de la d\u00e9claration  pourra \u00eatre retr\u00e9  si l'organisme d\u00e9clar\u00e9  cesse de remplir\nles conditions  ou  de  respecter  les  obligations  mentionn\u00e9es  aux  4\u00b0,6\u00b0 et 6\u00b0 de  l'article\nR7232-17  ou  qui  m\u00e9connait  les obligations  d\u00e9finis  \u00e0 article R7232-19  du  code  du  travail.\n0 es devra,  sous\nane  de  reat  dela  declaration, fare objet  dune  cecaraton  modicatve  aupr\u00e9s  do  Unit\u00e9\nd\u00e9partementale  des  Hauts-de-Seine.\nLe  pr\u00e9sent  r\u00e9c\u00e9piss\u00e9  sera  publi\u00e9  au  recueil  des  actes  administratifs  de  Ia pr\u00e9fecture  des  Hauts-\nde-Seine.\nFait \u00e0  Nanterre,  le 11  septembre 2025,\nPour le Pr\u00e9fet\nPar  d\u00e9l\u00e9gation et subd\u00e9togation\nLa  Responsable  du  service\nD\u00e9veloppement de  l'emplo  ct dos\ncompetences  |,  1e\nMariama COND\u00c9\n\nEE  Direction r\u00e9gionale et interd\u00e9partementale\nMINISTERE de l'\u00e9conomie, de l'emploi,\nDU  TRAVAIL, DE LA SANT\u00c9, du travail et des solidarit\u00e9s\nDES  SOLIDARIT\u00c9S\nET  DES  FAMILLES\nLM\nR\u00e9c\u00e9piss\u00e9  n\u00b02025-470 de d\u00e9claration d'activit\u00e9s de services \u00e0 la personne\nenregistr\u00e9e sous  le n\u00b0 SAP  990674277  au nom  de la micro-entreprise MEDANI\nRabah  87 Avenue du G\u00e9n\u00e9ral Leclerc \u00e0 Bourg-la-Reine (92340)\nLE  PREFET  DES  HAUTS-DE-SEINE\nVu la loi n\u00b0 2010-863 du 23 juillet 2010 relative aux r\u00e9seaux consulaires, au commerce et \u00e0\nVartisanatet aux services (article 31);\nVu la li n\u00b02018-1778 du 28 d\u00e9cembre 2015 relative \u00e0 adaptation de la soci\u00e9t\u00e9 au\nviilissement\nVu  l'aricie 07231-1  du  Code  du  travail;\nVu les d\u00e9crets n\u00b0 2011-1132 et n\u00b0 2011-1133 du 20 septembre 2011 modifiant certaines\ndispositions du Code  du travail, relatives au ch\u00e8que emploi-service universel et aux\nservices \u00e0 la  personne\nVu  le d\u00e9cretn\u00b02016-760 du 6 juin 2016 relatif \u00e0 la liste des activites de services \u00e0 la personne\nsoumises \u00e0 agr\u00e9ment ou  autorisation dans le cadre du r\u00e9gime commun  dela d\u00e9claration\n'Vu le d\u00e9cret du 31 octobre 2024 portant nominationde Monsieur Alexandre BRUGERE,  en\nqualit\u00e9 de  Pr\u00e9fet des  Hauts-de-Seine  ;\nVu Farr\u00e9t\u00e9 interminist\u00e9riel du 12 ao\u00fbt 2025 nommant  Monsieur Fabrice MASI, Directeur\nr\u00e9gional et interd\u00e9partemental de l'\u00e9conomie, de l'emploi, du travail et des solidartes d'le-\nde-France \u00e0 compter  du 25 ao\u00fbt 2025 ;\nVu l'arr\u00eat\u00e9 pr\u00e9fectoral n\u00b02025-33 du 22 ao\u00fbt 2025 par lequel le Pr\u00e9fet des Hauts-de-Seine\nd\u00e9l\u00e8gue sa signature \u00e0 Monsieur Fabrice MASI, Directeur r\u00e9gional et interd\u00e9partemental\nde l'\u00e9conomie, de l'emploi, du traval et des solidarit\u00e9s d'le-de-France;\nVu la d\u00e9cision n\u00b0 2025-187 du 25 ao\u00fbt 2025 portant subd\u00e9l\u00e8gation de signature de Monsieur\nFabrice MASI, Directeur r\u00e9gional et interd\u00e9partemental de l'\u00e9conomie, de l'emploi, du\ntravail et des solidartesdle-de-France, aux agents de l'Unit\u00e9 d\u00e9partementale des Hauts.\nde-Seine  ;\nVu la d\u00e9claration d'activit\u00e9s de services \u00e0 la personne d\u00e9pos\u00e9es le 04 septembre 2025 au\nnom  de la micro-entreprise MEDAN!  Rabah 87 Avenue du G\u00e9n\u00e9ral Leclerc \u00e0 Bourg-l-\nReine  (92340);\n\nApr\u00e8s  examen  du dossier, cette demande  \u00e9tant conforme  aux dispositions de Farticle L. 7232-1-\n1 du code  du travall le pr\u00e9sent  r\u00e9c\u00e9piss\u00e9 de d\u00e9ciaraion  d'activit\u00e9s de services \u00e0 la personne \u00e0\n\u00e9t\u00e9 enregistr\u00e9 au  nom  de  la micro-entreprise MEDANI  Rabah  sous  le num\u00e9ro  SAP  990674277,\nLes  activit\u00e9s d\u00e9clar\u00e9es  sont les suivantes,  \u00e0 l'exclusionde toute  autre\n= Entretion  de  la maison et travaux  m\u00e9nagers ;\nPrestations  relevant  du  b\u00e9n\u00e9fice  de  la r\u00e9duction  d'mp\u00f4t  pr\u00e9vue  \u00e0  article  199  sexdecies du  Code\nG\u00e9n\u00e9ral  des  Imp\u00f4ts.\nLa  structure  exerce  ces  activit\u00e9s  selon  le mode  suivant  : PRESTATAIRE\nSous  r\u00e9serve  d'\u00eatre exerc\u00e9es  \u00e0  tre  exclus  par  le d\u00e9clarant  (ou  sous  r\u00e9serve  d'une  comptabilit\u00e9\ns\u00e9par\u00e9e pour les personnes morales dispens\u00e9es de la condition d'actit\u00e9 exclusive), ces activit\u00e9s\nouvrent  drot  au  b\u00e9n\u00e9fice  des  dispositions des  articles L. 7233-2 du code  du  traval et L 241-10\ndu  code  de  la s\u00e9curit\u00e9 sociale,\nConform\u00e9ment  aux  dispositions de  l'article R7232-19  du  code  du  travail, l'organisme  d\u00e9clar\u00e9  dot\nproduire au moins chaque trimestre un \u00e9tat dactvit\u00e9 et chaque ann\u00e9e  un bilan quantitati et\n'qualtaif de  Factvite exerc\u00e9e  au tire de  l'ann\u00e9e \u00e9coul\u00e9e  ainsi qu'un tableau statistique annuel\nSi organisme  d\u00e9clar\u00e9  comport  plusieurs  \u00e9tabissements,  les  \u00e9tats  statistiques  et fe blan  annuel\ndistinguent  l'actiit\u00e9 exerc\u00e9e  par  chaque  \u00e9tablissement.\nLe  pr\u00e9sent  r\u00e9c\u00e9piss\u00e9  prend  offet le 04 septembre  2028.\nL'enregistrement de la d\u00e9claration  pourra \u00eatre retir\u00e9 si l'organisme  d\u00e9clar\u00e9  cesse de remplir\nles conditions  ou  de  respector  les  obligations  mentionn\u00e9es  aux  4\u00b0,5\u00b0 et 6\u00b0 de  l'article\nR723217  ou  qui  m\u00e9connalt  les obligations  d\u00e9finies  \u00e0 article R7232-19  du code  du  travail.\npare de retraitdela d\u00e9claration, faire l'objet d'une d\u00e9claration 'modificative aupr\u00e8s de (Unite\nS\u00e9partomentale  des  Hauts-de-Seine\nLe  pr\u00e9sent  r\u00e9c\u00e9piss\u00e9  sera  pubi\u00e9  au  recuel  des  actes  administratifs de a  pr\u00e9fecure  des  Hauts-\nde-Seine\nFait \u00e0 Nanterre, le 11 septembre  2025,\nPour  le Pr\u00e9fot\nPar  d\u00e9l\u00e9gation  ot subd\u00e9l\u00e9gation\nLa  Responsable  du  service\nD\u00e9veloppement  de  l'emploi  et des\nFE  Gnd\nMarlama CONDE\n\n=u  Direction  r\u00e9gionale  et interd\u00e9partementale\nde  l'\u00e9conomie,  de  l'emploi,\nCee eae DE LA SANT\u00c9, du travall et des solidarit\u00e9s\nDES  SOLIDARIT\u00c9S\nET  DES  FAMILLES\now\nR\u00e9c\u00e9piss\u00e9  n*2025-471  de  d\u00e9claration d'activit\u00e9s de  services \u00e0 la personne\nenregistr\u00e9e  sous  le n\u00b0 SAPS90763799  au  nom  de  la micro-entreprise  GUEYE\nMamadou  sise 63 Rue  Marx  Dormoy  \u00e0 Fontenay-aux-Roses  (92260)\nLE  PREFET  DES  HAUTS-DE-SEINE\nVu  la lo n\u00b0 2010-869  du 23 jullet 2010  relative aux  r\u00e9seaux  consulaires, au commerce  et \u00e0\nl'artisanat et aux  services  (article 31);\nVu  la loi n\u00b020151776  du 28  d\u00e9cembre  2018  relative \u00e0 l'adaptation de  la soci\u00e9t\u00e9 au\nVellissement ;\nVu  article  D7231-1  du  Code du travail\nVu les d\u00e9crets n\u00b0 2011-1132 et n\u00b0 2011-1133  du 20 septembre 2011 modifiant certain\ndispositions du Code  du  travail relatives au ch\u00e8que  emplo-service  universel et aux\nservices  \u00e0 a  personne  ;\nVu  le d\u00e9cret n\u00b02016-750 du 6 juin 2016 relatif \u00e0 la liste des activit\u00e9s de services \u00e0 la personne\nsoumises  \u00e0 agr\u00e9ment ou \u00e0 autorisation dans  le cadre du r\u00e9gime  commun  de a d\u00e9claration ;\nVu  le d\u00e9cret du 31 octobre 2024  portant nomination  de  Monsieur  Alexandre  BRUGERE,  en\nqualt\u00e9 de Pr\u00e9fet des Hauts-de-Seine ;\nVu  l'arr\u00eat\u00e9 interministriel du  12 ao\u00fbt 2025  nommant  Monsieur  Fabrice MASI,  Directeur\nr\u00e9gional tintord\u00e9partemental de l'\u00e9conomie, de l'emplol, du travailet des solidarit\u00e9s d\u00cele-\nde-France \u00e0 compter du 25 ao\u00fbt  2025 ;\nVu  l'arr\u00eat\u00e9 pr\u00e9fectoral n\u00b02025-33  du 22 ao\u00fbt 2025  par lequel le Pr\u00e9fet des  Hauts-de-Seine\n'd\u00e9l\u00e8gue sa signature \u00e0 Monsieur  Fabrice MASI, Directeur r\u00e9gional et interd\u00e9partemental\nde  l'\u00e9conomie, de l'emploi du travailet des solidarit\u00e9s d'le-de-France\n'Vu la d\u00e9cision n\u00b0 2025-187  du  25  ao\u00fbt 2025  portant subd\u00e9l\u00e9gation de  signature de Monsieur\nFabrice MASI,  Directeur r\u00e9gional et interd\u00e9partemental de  l'\u00e9conomie, de l'emploi du\ntravail et des  solidarit\u00e9s dle-de-France,  aux agents de  Unit\u00e9  d\u00e9partementale  des  Hauts-\nde-Seine\nVu  la d\u00e9claration d'actit\u00e9s  de services \u00e0 la personne  d\u00e9pos\u00e9es  le 03 septembre  2025  au\nnom  de la micro-entreprise GUEYE  Mamadou  sise 63 Rue  Marx  Dormoy  \u00e0 Fontenay-aux-\nRoses  (92260)\n\nApr\u00e8s  examen du dossier, cette demande \u00e9tant conforme aux dispositionsde Fartcle L. 7232-1-\n'du  code  du  travail. le pr\u00e9sent r\u00e9c\u00e9piss\u00e9 de  d\u00e9claration activit\u00e9s de services \u00e0 la personne  \u00e0\n\u00e9t\u00e9 enregistr\u00e9 au nom  de la micro-entreprise GUEYE  Mamadou  sous le num\u00e9ro  SAP\n990763799,\nLes  activites d\u00e9ctar\u00e9es sont les suivantes, \u00e0 l'exclusion de toute autre\nGarde  d'enfants de  plus de  3 ans  \u00e0 domicile\nSoutien  scolaire ou  cours  \u00e0 domicile\n'Accompagnement  des  enfants  de  plus de  3 ans  dans  leurs d\u00e9placements\nEntretien  de  la maison  et travaux  m\u00e9nagers  ;\nPetits travaux  de  jardinage\n'Travaux  de  petit bricolage\nPr\u00e9paration  de  repas  \u00e0 domicile;\nLivraison de repas  \u00e0 domicile  ;\nGollecte  et livraison \u00e0 domicile  de  linge ropass\u00e9  ;\nLivraison  de courses  \u00e0 domicile  ;\nMaintenance,  entretien et vigilance temporaires  \u00e0 domicile  ;\nAssistance  Informatique  \u00e0 domicile;\n'Assistance  administrative  \u00e0  domicile\n'T\u00e9l\u00e9-assistance ot visio-assistance  ;\nPrestations relevant du b\u00e9n\u00e9ficede la r\u00e9duction d'imp\u00f4t pr\u00e9vue \u00e0 article 199 sexdecies du  Code\n'G\u00e9n\u00e9ral  des  Imp\u00f4ts.\nLa structure exerce ces activit\u00e9s selon le mode suivant : PRESTATAIRE\nSous  r\u00e9serve d'\u00eatre exerc\u00e9es \u00e0 tre  exclusf parle d\u00e9clarant (ou sous r\u00e9serve dune  comptabilit\u00e9\ns\u00e9par\u00e9e pour es  personnes morales dispens\u00e9es de la condition d'actvit\u00e9 exclusive), ces activit\u00e9s\nouvrent droit au b\u00e9n\u00e9fice des dispositionsdes articles L. 7233-2 du code du travail et L. 241-10\ndu  code  de  la s\u00e9curit\u00e9 sociale.\n{Conform\u00e9ment aux dispositions de l'article R7232-19  du code du travail, l'organisme d\u00e9clar\u00e9 doit\nproduire au moins chaque  trimestre un \u00e9tat d'activit\u00e9 et chaque  ann\u00e9e  un bilan quantitatif et\nqualitatifde active exerc\u00e9e au tire de l'ann\u00e9e \u00e9coul\u00e9e ainsi qu'un tableau statistique annuel\nSi organisme d\u00e9clar\u00e9 comport  plusieurs \u00e9tablissements, les \u00e9tats statistiques et le bilan annuel\ndistinguent  l'activit\u00e9 exerc\u00e9e  par  chaque  \u00e9tablissement.\nLe  pr\u00e9sent  r\u00e9c\u00e9piss\u00e9  prend  offet lo 03 septembre  2025.\nL'enrogistrement de la d\u00e9claration pourra tre retir\u00e9 si l'organisme d\u00e9clar\u00e9 cesse  de remplir\nles conditions  ou  de  respecter  les obligations mentionn\u00e9es  aux  4\u00b0,5\u00b0 ot 6\u00b0 de  l'article\n7232.17  ou qui m\u00e9connait  les obligations d\u00e9finies \u00e0 article R7232-19 du code  du travail.\ndevra,  sous\npr\u00e8s de l'Unit\u00e9pane de rerai dela d\u00e9caration, fare Tobjet dune \u00e9caraion modifcatve\nd\u00e9partementale  des  Hauts-de-Seine\nLe pr\u00e9sent r\u00e9c\u00e9piss\u00e9 sera publi\u00e9 au recueil des  actes administratifsde la pr\u00e9fecture des Hauts-\ndeSone\nFait a Nanterre,  le 15  septembre  2025.\nPour le  Pr\u00e9fet\nPar d\u00e9l\u00e9gation t subd\u00e9i\u00e9gation\nLa  Responsable du  service\nD\u00e9veloppement  de  l'emploi  et des\ncomp\u00e9tences\nphtences |e Oh\nMariama  CONDI\n\n=u  Direction  r\u00e9gionale et interd\u00e9partementale\nMINISTERE  de l'\u00e9conomie, de l'emploi,\nDU  TRAVAIL,  DE LA  SANT\u00c9,  du travail et des solidarit\u00e9s\nDES  SOLIDARIT\u00c9S\nET  DES  FAMILLES\nEn\nR\u00e9c\u00e9piss\u00e9  n*2025-472  de  d\u00e9claration d'activit\u00e9s de  services  \u00e0 la personne\nenregistr\u00e9e  sous  le n\u00b0 SAP991014879  au  nom  de  la micro-entreprise  BOUCHINET\n'Anne  sise 63  Rue  du  Point  du  Jour  \u00e0 Boulogne  Billancourt (92100)\nLE  PREFET  DES  HAUTS-DE-SEINE\nVu  la ol n\u00b0 2010-863  du  23  jullet 2010  relative aux  r\u00e9seaux  consulaires,  au  commerce  et \u00e0\nVu  la ki n\u00b02018-1778 du 28 d\u00e9cembre  2015 relative \u00e0 l'adaptation de la soci\u00e9t\u00e9 au\nviilissement ;\nVu  l'article 07231-1  du  Code  du  travail;\nVu  les d\u00e9crets n\u00b0 2011-1122  et n\u00b0 20\ndispostions  du  Code  du  traval, relativ\n'services \u00e0 la  personne :\nVu  le d\u00e9cret n\u00b02016750 du 8 juin 2016 relat \u00e0 la liste des activitesde services \u00e0 la personne\nsoumises & agr\u00e9ment  ou \u00e0 autorisation dans  le cadre  du r\u00e9gime commun  dela d\u00e9claration ;\nVu  le d\u00e9cret du  31 octobre 2024  portant nomination de Monsieur  Alexandre  BRUGERE,  en\nquait\u00e9 de Pr\u00e9fet des Hauts-de-Seine\n4133  du  20  septembre  2011 mocifant  certaines\nau  ch\u00e8que  emploi-service  universel ot aux\nVu  l'arr\u00eat\u00e9 interminist\u00e9riel du 12 ao\u00fbt 2025  nommant  Monsieur  Fabrice MASI, Directeur\nr\u00e9gional et interd\u00e9partementa  de l'\u00e9conomie, de l'emploi, du travail et des solidarit\u00e9s d'le-\nde-France  \u00e0 compter  du  25  ao\u00fbt  2025  ;\nVu  l'arr\u00eat\u00e9 pr\u00e9fectoral n\u00b02026-33  du 22 ao\u00fbt 2025  par lequel le Pr\u00e9fet des  Hauts-de-Seine\nd\u00e9l\u00e8gue  sa signature \u00e0 Monsieur  Fabrice MASI, Directeur r\u00e9gional et interd\u00e9partemental\nde l'\u00e9conomie, de l'emploi, du travail et des solidarit\u00e9s dle-de-France\nVu  la d\u00e9cision n\u00b0 2025-187  du 25  ao\u00fbt 2025  portant subd\u00e9l\u00e9gation de signature de  Monsieur\nFabrice MASI,  Directeur r\u00e9gional et interd\u00e9partemental de  l'\u00e9conomie, de  l'emploi, du\ntravail et des  solidart\u00e9s  d'\u00cele-de-France,  aux  agents  de  Unit\u00e9  d\u00e9partementale  des  Hauts-\nde-Seine  ;\nVu  la d\u00e9claration d'activi\u00e9s de  services \u00e0 la personne  d\u00e9pos\u00e9es  le 13 septembre  2025  au\nnom  de  la micro-entreprise BOUCHINET  Anne  sise 63  Rue  du  Point du Jour \u00e0 Boulogne\nBilancourt  (82100)\n\n'Apres examen  du dossier, cette demande  \u00e9tant conforme aux dispositions de l'article L. 7232-1-\n1 du code  du travall, le pr\u00e9sent r\u00e9c\u00e9piss\u00e9 de  d\u00e9claration d activit\u00e9s de services \u00e0 la personne  \u00e0\n\u00e9t\u00e9 enregistr\u00e9 au nom  de la micro-entreprise BOUCHINET  Anne  sous le num\u00e9ro  SAP  991014878,\nLes  activit\u00e9s d\u00e9clar\u00e9es  sont les suivantes,  \u00e0 l'exclusion de toute  autre\nEntretien de la maison  et travaux m\u00e9nagers  ;\nPrestations relevant du b\u00e9n\u00e9fice de la r\u00e9duction d'imp\u00f4t pr\u00e9vue \u00e0 article 199 sexdecies du Code\nG\u00e9n\u00e9ral  des  Imp\u00f4ts.\nLa structure exerce ces  activit\u00e9s selon le mode  suivant : PRESTATAIRE\n'Sous r\u00e9serve d'\u00eatre exerc\u00e9es \u00e0 ttre exclusif par le d\u00e9clarant (ou sous r\u00e9serve d'une comptabiit\u00e9\n's\u00e9par\u00e9e pour les personnes morales dispens\u00e9es de la condition d'activit\u00e9 exclusive). ces activit\u00e9s\n'ouvrent droit au b\u00e9n\u00e9ficedes dispositions des articles L. 7233-2 du code du travail et L. 241-10\ndu  code de la s\u00e9curit\u00e9 sociale\nConform\u00e9ment  aux dispositions de l'article R7232-19  du code du travail l'organisme d\u00e9clar\u00e9 doit\nproduire au moins chaque trimestre un \u00e9tat d'activit\u00e9 et chaque ann\u00e9e  un bilan quantitat et\n'qualtaif de  l'activit\u00e9 exerc\u00e9e  au  tire de  l'ann\u00e9e \u00e9coul\u00e9e  ainsi qu'un tableau statistique annuel.\n'SiTorganisme d\u00e9clar\u00e9 comporte plusieurs \u00e9tablissements les \u00e9tats statistiques et le bilan annuel\ndistinguent activit\u00e9 exerc\u00e9e  par chaque  \u00e9tablissement.\nLe pr\u00e9sent r\u00e9c\u00e9piss\u00e9 prend effet lo 13 septembre  2026.\nL'enregistrementde la d\u00e9claration pourra \u00eatre retir\u00e9 si l'organisme d\u00e9clar\u00e9 cosse  de remplir\nles conditions  ou  de  respecter  les obligations mentionn\u00e9es  aux  4\u00b0 et 6\u00b0 de  l'article\n7232.17 ou  qui m\u00e9connalt les obligations d\u00e9finies \u00e0 article R7232-19  du  code du  travail,\n'Toute modification concernant la structure d\u00e9clar\u00e9s ou les activit\u00e9s exerc\u00e9es devra, sous\npeine de retrait de la d\u00e9claration, faire l'objet dune  d\u00e9claration modifcative aupr\u00e9s de [Unite\n'd\u00e9partementale  des  Hauts-de-Seine\nLo pr\u00e9sent r\u00e9c\u00e9piss\u00e9 sera publ\u00e9 au recueil des actes administratfs de la pr\u00e9fecture des Hauts-\nde-Seine.\nFait \u00e0  Nanterre,  le 15 septembre  2025,\nPour  le Pr\u00e9fet\nd\u00e9l\u00e9gation  et subd\u00e9l\u00e9gation\nLa  Responsable  du sorvice\nD\u00e9veloppement  de  l'emploi  et des\ncomp\u00e9tences  4  \u00e0.\nMariama  COND!\n\nea\nMINISTERE de l'\u00e9conomie,de l'emploi,\nDU  TRAVAIL,  DE  LA  SANT\u00c9,  du travail et des solidarit\u00e9s\nDES  SOLIDARIT\u00c9S\nET  DES  FAMILLES\nA\nR\u00e9c\u00e9piss\u00e9  n\u00b02025-473  de  d\u00e9claration  d'activit\u00e9s  de  services  \u00e0 la personne\nenregistr\u00e9e  sous  le n\u00b0 SAP880473400  au  nom  de  la micro-entreprise  DADI  Flora\nsise  9 Rue  Madame  Curie \u00e0  Bagneux  (92220)\nLE  PREFET  DES  HAUTS-DE-SEINE\nVu  la loi n\u00b0 2010-863  du  23  juillet 2010  relative aux  r\u00e9seaux  consulaires, au commerce et \u00e0\nl'artisanat et aux  services  (article 31)\nVu  la loi n\u00b02018-1778  du 28 d\u00e9cembre  2015  relative \u00e0 l'adaptation de la soci\u00e9t\u00e9 au\nVellissement ;\nVu  l'article 07231-1  du  Code  du  travail\nVu  les d\u00e9crets n\u00b0 2011-1132  et n\u00b0 2011-1133  du  20 septembre  2011 modifiant certaines\ndispostions du  Code  du travail, relatives au  ch\u00e8que  emploi-service universel et aux\nservices  \u00e0 la personne  ;\nVu  le d\u00e9cret n\u00b02016:750 du 6 juin 2016  relatif\u00e0 la iste des  activit\u00e9s de  services\u00e0 la personne\nsoumises  \u00e0 agr\u00e9ment  ou  \u00e0 autorisation dans le cadre  du  r\u00e9gime  commun de la d\u00e9ciaraion  ;\nVu  le d\u00e9cret du  31 octobre 2024  partant nomination de  Monsieur  Alexandre  BRUGERE,  en\nquait\u00e9 de Pr\u00e9fet des Hauts-de-Seine ;\nVu  l'ar\u00eat\u00e9 interminist\u00e9riel du 12 ao\u00fbt 2025  nommant  Monsieur  Fabrice MASI,  Directeur\nr\u00e9gional  et interd\u00e9partemental de l'\u00e9conomie,  de l'emplol, du  travail et des  solidart\u00e9s le-\nde-France  \u00e0  compter  du  25  ao\u00fbt  2025  ;\nVu  l'arr\u00eat\u00e9 pr\u00e9fectoral n\u00b02028-33  du  22  ao\u00fbt  2025  par  lequel le Pr\u00e9fet des  Hauts-de-Seine\n'd\u00e9l\u00e8gue  sa  signature \u00e0  Monsieur  Fabrice  MASI,  Directeur  r\u00e9gional et interd\u00e9partemental\nde  l'\u00e9conomie, de l'emploi, du travailet des solidant\u00e9s d'\u00cele-de-France;\nVu  la d\u00e9cision n\u00b0 2025-157  du  25 ao\u00fbt 2025  portant subd\u00e9l\u00e9gation de  signature de  Monsieur\nFabrice  MASI,  Directeur  r\u00e9gional  et interd\u00e9partemental  de  l'\u00e9conomie, de  l'emploi, du\ntravail et des solidarit\u00e9s d'Ile-de-France, aux  agents  de  l'Unit\u00e9 d\u00e9partementale  des  Hauts.\nde-Seine\nVu  la d\u00e9claration d'activit\u00e9s de  services \u00e0 la personne  d\u00e9pos\u00e9es  le 10 septembre  2025  au\nnom  de la micro-entreprise  DAD!  Flora sise 8 Rue  Madame  Curie  \u00e0 Bagneux  (82220)  ;\n\n'Apr\u00e8s examen  du dossier, cette demande  \u00e9tant conforme  aux  dispositions de\n1 du code du travail, le pr\u00e9sent r\u00e9c\u00e9piss\u00e9 de d\u00e9ciaraton d'activit\u00e9s de services \u00e0 la personne \u00e0\n\u00e9t\u00e9 enregistr\u00e9 au nom  de  la micro-entreprise DAD!  Flora sous  le num\u00e9ro  SAP880473400.\nLes  actvit\u00e9s d\u00e9clar\u00e9es sont les suivantes, \u00e0 exclusion de toute autre\nEntretien  de  la maison  et travaux  m\u00e9nagers  ;\nGarde  d'enfants de  plus de 3 ans  \u00e0 domicile  ;\n'Soutien  scolaire  ou  cours  \u00e0  domicile;\nLivraison  de  repas  \u00e0 domicile  ;\nLivraison  de  courses  \u00e0 domicile ;\nPrestations relevant du  b\u00e9n\u00e9fice dela  r\u00e9duction d'imp\u00f4t pr\u00e9vue  \u00e0 article 199 sexdecies du Code\nuivant : PRESTATAIRE\nSous  r\u00e9serve d'\u00eatre exerc\u00e9es  \u00e0 tre  exclus  parle d\u00e9clarant (ou sous  r\u00e9serve d'une comptabilit\u00e9\ns\u00e9par\u00e9e pour les personnes morales dispens\u00e9es de la condition d'activit\u00e9 exclusive), ces activit\u00e9s\n'ouvrent droit au b\u00e9n\u00e9fice des dispostions des  articles L. 7233-2  du code  du  travail et L. 241-10\n'du code  de  la s\u00e9curit\u00e9 sociale.\n(Conform\u00e9ment  aux  dispositions de  l'articie R7232-19  du code  du traval l'organisme d\u00e9clar\u00e9 doit\nproduire au moins chaque  trimestre un \u00e9tat d'activit\u00e9 et chaque  ann\u00e9e  un bilan quanttatf et\n'qualtatf de Factvit\u00e9 exerc\u00e9e au tire de l'ann\u00e9e \u00e9coul\u00e9e ainsi qu'un tableau statistique annuel.\nSi organisme  d\u00e9clar\u00e9 comporte  plusieurs \u00e9tablissements, les \u00e9tats statistiques et le bilan annuei\ndistinguent  Factvit\u00e9  exerc\u00e9e  par  chaque  \u00e9tablissement\nLe  pr\u00e9sent  r\u00e9c\u00e9piss\u00e9  prond  offet le 10 septembre  2025.\nL'enregistrement de la d\u00e9claration pourra  \u00eatre retir\u00e9si l'organisme d\u00e9clar\u00e9 cesse  de remplir\nles conditions  ou  de  respecter  les obligations mentionn\u00e9es  aux  4\u00b0  at 6\u00b0 de  l'article\nR7232-17  ou  qui m\u00e9connait  les obligations d\u00e9finies\u00e0 article R7232-19  du  code  du traval\ndevra,  sous\npeine de retrait de la d\u00e9claration, faire l'objet dune  d\u00e9claration modificatve aupr\u00e9s de [Unite\n'd\u00e9partementale  des  Hauts-de-Seine.\nLe pr\u00e9sent r\u00e9c\u00e9piss\u00e9 sera publ\u00e9  au recuell des actes administratifs de la pr\u00e9fecture\nde-Seine.\nHauts\nFait \u00e0  Nanterre,  le 15 septembre  2025,\nPour  le Pr\u00e9fet\nPar  d\u00e9l\u00e9gation  ot subd\u00e9l\u00e9gation\nLa  Responsable  du  service\nD\u00e9veloppement  de  l'emploi ot des\ncomp\u00e9tences  4\n\u00e9t\nMariama  CO!\n\nDirection  r\u00e9gionale  et interd\u00e9partementale\nEx  de l'\u00e9conomie, de l'emploi,\nMINIST\u00c8RE  du travail et des solidarit\u00e9s\nDU  TRAVAIL,  DE  LA  SANT\u00c9,\nDES  SOLIDARIT\u00c9S\nET  DES  FAMILLES\nEM\n(Arr\u00f4t\u00e9 DRIEETS-UD92  n\u00b02025-474  du  15  septembre  2025  accordant  l'agr\u00e9ment\nSAP  942741802  \u00e0 la SASU  AIDOM  XV. SERVICES  sise, 293  Boulevard  Saint-Denis  \u00e0\nCourbevoie  (92400)\nLE  PREFET  DES  HAUTS-DE-SEINE\nVu  la loi n\u00b0 2010-863  du  23  jullet 2010  relative aux  r\u00e9seaux  consulaires, au  commerce  et \u00e0\nl'afisanat et aux  services (article 31);\nVu  la loi n\u00b02015-1776  du  28  d\u00e9cembre  201$  relative \u00e0  l'adaptation de  la soci\u00e9t\u00e9  au\nviilissement\nVu  l'article D7231-1  du  Code  du  travail;\nVu  les d\u00e9crets  n\u00b0 2011-1132  et n\u00b0 2011-1133  du  20  septembre  2011  modifiant  certaines:\ndispositions du  Code  du  travail, relatives au  ch\u00e8que  emploiservice  universal  et aux\n'services \u00e0 la  personne  ;\nVu  le d\u00e9cret  n*2016-750  du  6 juin 2016  relatif \u00e0 la iste des activit\u00e9s de  services  \u00e0 la personne\nsoumises \u00e0 agr\u00e9ment  ou.  autorisation dans le cadre du r\u00e9gime  commun de la d\u00e9claration ;\nVu  le d\u00e9cret  du  31 octobre  2024  portant  nomination  de  Monsieur  Alexandre  BRUGERE,  en\nqualit\u00e9 de  Pr\u00e9fet des  Hauts-de-Seine  ;\nVu  Farrdte interminist\u00e9riel du  12 ao\u00fbt  2025  nommant  Monsieur  Fabrice  MASI,  Directeur\nr\u00e9gional  et interd\u00e9partemental de \u00e9conomie,  de Femploi,  du  travail et des solidarit\u00e9s d'Ile\nde-France \u00e0 compter  du 25 ao\u00fbt 2025 ;\nVu  l'arr\u00eat\u00e9 pr\u00e9fectoral n\u00b02025-33  du  22 ao\u00fbt 2025  par lequel le Pr\u00e9fet des  Hauts-de-Seine\n'd\u00e9l\u00e8gue  sa  signature  \u00e0  Monsieur  Fabrice  MASI,  Directeur  r\u00e9gional et Interd\u00e9partemental\nde  l'\u00e9conomie, de l'emploi du travailet des solidarit\u00e9s d'le-de-France\n'Vu la d\u00e9cision  n\u00b0 2025-157 du 25  ao\u00fbt  2025  portant  subd\u00e9l\u00e9gation de signature  de  Monsieur\nFabrice  MASI,  Directeur  r\u00e9gional  et interd\u00e9partemental  de  l'\u00e9conomie, de l'emploi, du\ntraval et  des solidarit\u00e9s d'\u00cele-de-France, aux  agents de  l'Unit\u00e9 d\u00e9partementale  des  Hauts.\nde-Seine ;\n\n'Vu la demande  d'agr\u00e9ment de la SASU  AIDOM  XV. SERVICES  d\u00e9pos\u00e9e  sur la plateforme\nNOVA  en date  du 12 mai 2025 pour  l'exercice des  activit\u00e9s en lien avec les personnes\nAg\u00e9es  et/ou en  situation de  handicap sur le d\u00e9partement  des  Hauts-de-Seine (92)  en mode\nMANDATAIRE\nVu  les demandes  compl\u00e9mentaires  adress\u00e9es  par le service instructeur \u00e0 Ia SASU  AIDOM\nXV. SERVICES  par  mails des 22 et 27 mal; des 19,24 et 30 jui ; du 28 jilet 2025 ;\nVu  les r\u00e9ponses  compl\u00e9mentaires  transmises par  la SASU  AIDOM  XV. SERVICES  par  mails,\ndes  26 et 27 mai  ; du 09 juliet et du 21 ao\u00fbt 2025\nConsid\u00e9rant  que  la demande  a \u00e9t\u00e9 d\u00e9clar\u00e9e compl\u00e8te  par le service instructeur le 27 m\u00e9\n2025:\nConsid\u00e9rant  que  le dossier est conforme  au cahier des  charges  pr\u00e9vu \u00e0 l'article R.7232-6  du\n'Code  du  travail;\nARR\u00caTE\nARTICLE 1\nLa SASU  AIDOM  XV. SERVICES  sise 293  Boulevard  Saint-Denis \u00e0 Courbevoie  (92400) est\nagr\u00e9\u00e9e  conform\u00e9ment  aux  dispositionsde Farticle L7232-1  du Code  du travail pour la fourniture\nde  services  aux  personnes.\nLe  num\u00e9ro  d'agr\u00e9ment  attribu\u00e9 \u00e0  cet organisme  est : SAP  942741802\nARTICLE 2\nLe pr\u00e9sent agr\u00e9ment  est accord\u00e9  une  dur\u00e9e  de 5 ans, \u00e0compter du  21  ao\u00fbt  2026  pour le\nd\u00e9partement  des  Hauts-de  Seine  (92).\nConform\u00e9ment  aux  dispositions de  l'article R7232-9  du  code  du  travail, l'organisme  agr\u00e9\u00e9  doit\nproduire au moins chaque  trimestre un \u00e9tat dactvit\u00e9 et chaque  ann\u00e9e  un bilan quanttatf et\n'qualita  de  l'activit\u00e9 exerc\u00e9e  ainsi qu'un  tableau  statistique.\nSi l'organisme comporte  plusieurs  \u00e9tablissements,  les \u00e9tats statistiques et le bilan annuel\ndistinguent  factvite exerc\u00e9e  par  chaque  \u00e9tablissement\nL'agr\u00e9ment  peut  \u00eatre renouvel\u00e9  tactement.  La  demande  de  renouvellement  dot  \u00eatre d\u00e9pos\u00e9e  au\n'lus  tard trois mois  avant  le terme  de  la p\u00e9riode  d'agr\u00e9ment\nARTICLE 3\nLa  SASU  AIDOM  XV. SERVICES  est agr\u00e9\u00e9e  pour  la fouriture  des  services  suivants\nEn  mode  MANDATAIRE  :\nAccompagnement  des  personnes  \u00e2g\u00e9es,  des  personnes  handicap\u00e9es  ou  atteintes de\npathologies chroniques, dans leurs d\u00e9placements en dehors de leur domicie\n(promenades,  aide \u00e0 la mobilt\u00e9 et au  transpor, actes de la vie courante) quand  cet\n\n'accompagnement est r\u00e9alis\u00e9 dans les conditions pr\u00e9vues aux 1\" et 2\u00b0 de art. 7232-6 du\ncode  du  travail;\n= Assistance dans  les actes quotidiens de  la vie ou aide insertion sociale aux personnes\n\u00e2g\u00e9es  et aux  personnes  handicap\u00e9es  ou  atteintes de  pathologies  chroniques  qui ont\nbesoin  de teles  prestations  \u00e0 domicile, quand  ces  prestations  sont r\u00e9alis\u00e9es  dans  les\nConditions pr\u00e9vues aux 1\u00b0 et 2\u00b0 de Fart 7232-6 du code  du traval \u00e0 l'exclusiond'actes de\nsoins  relevant  d'actes  m\u00e9dicaux  \u00e0 moins  quils ne solent  ex\u00e9cut\u00e9s  dans les conditions\npr\u00e9vues \u00e0 l'article L1111-6-1 du code de la sant\u00e9 publique et du d\u00e9cret n\u00b099-426 du 27\n'mai 1999  hablltant certaines cat\u00e9gories de  personnes  \u00e0 effectuer des aspirations endo-\ntach\u00e9ales  ;\n= Prestation de  conduite du  v\u00e9hicule personnel des  personnes  \u00e2g\u00e9es, des  personnes\nhandicap\u00e9es  ou  atteintesde pathologies chroniques  du  domicle  au travail, surle leu  de\n'vacances, pour  les d\u00e9marches  administratives  quand  cette prestation est r\u00e9alis\u00e9e dans\nles conditions pr\u00e9vues  aux  1\u00b0 et 2\u00b0 de l'art. 7282-6  du code  du travail;\nPrestations  relevant du  b\u00e9n\u00e9fice  de  la r\u00e9duction  dimp\u00f4t  pr\u00e9vue  \u00e0 article 199  sexdecies  du  Code\nG\u00e9n\u00e9ral  des  imp\u00e9ts.\nARTICLE 4\nSil'organisme  envisage de fournir des services autres que ceux  pour lesquels est  agr\u00e9\u00e9. devra\nsolicter une  modification de  son  agr\u00e9ment.  La demande  devra  pr\u00e9ciser les modifications\nenvisag\u00e9es et les moyens  nouveaux  correspondants.\n\"Toute cr\u00e9ation d'activit\u00e9 hors  du  ou  des  d\u00e9partements  pour  lesquels  organisme  est agr\u00e9\u00e9  devra\nfair l'objet d'une demande  d'extension aupr\u00e8s  du  Pr\u00e9fet des  Hauts-de-Seine  Elle donnera  lou \u00e0\n'une modification  du  pr\u00e9sent  arr\u00e9t\u00e9.\nARTICLE 5\n(Conform\u00e9ment  aux  dispositions  de\npourra  \u00eatre retire si organisme  agr\u00e9\u00e9\n* Cosse de remplir les conditions  ou  de  respecter  les  obligations  mentionn\u00e9es  aux  articles\nR  73324  \u00e0  R  7232-9  du  code  de  travail,\n*+ Ne  respecte pas les dispostions l\u00e9gales relatives \u00e0 la sant\u00e9 et \u00e0 a  s\u00e9curit\u00e9au travail\n+ Exerce  des  activit\u00e9s  autres  que  colles  d\u00e9clar\u00e9es  dans  la demande  d'agr\u00e9ment,\nNe transmet pas  au  Pr\u00e9fet  comp\u00e9tent,  avant  a  fin du  premier  semestre  de  ann\u00e9e,  le bilan\nqualtatf  et quantitatifde l'activit\u00e9 exerc\u00e9e  au  tire de  l'ann\u00e9e  \u00e9coul\u00e9e.\nticle R7232-12  du  code  du  travail, le pr\u00e9sent  agr\u00e9ment\nARTICLE 6\nLa Directrice de l'Unit\u00e9 d\u00e9partementale  des  Hauts-de-Seine  de la DRIEETS  Ile-de-France, est\ncharg\u00e9e  de l'application du pr\u00e9sent arr\u00eat\u00e9 qui sera publi\u00e9 au recuell des  Actes  Administratifs de\nla Pr\u00e9fecture  des  Hauts-de-Seine.\nFait \u00e0 Nanterre, le 15 septembre  2025,\nPour  le Pr\u00e9fet\nar d\u00e9l\u00e9gation ot subd\u00e9l\u00e9gation\nLa  Responsable du service\nD\u00e9veloppement de l'emploi  et des\ncomp\u00e9tences  2  \u00e0\"\nMarama conve (\u00b0\u00b0\n\nEs  Direction  r\u00e9gionale  et interd\u00e9partementale\nMINISTERE  de l'\u00e9conomie, de l'emploi,\nDU  TRAVAIL,  DE LA  SANT\u00c9,  du travail et des solidarit\u00e9s.\nDES  SOLIDARIT\u00c9S\nET  DES  FAMILLES\nbing\nR\u00e9c\u00e9piss\u00e9  n\u00b02025-475  de  d\u00e9claration  modificative  d'activit\u00e9s de  services \u00e0 la\npersonne  enregistr\u00e9e  sous  le n\u00b0  SAP942741802  au  nom  de  la SASU  AIDOM  XV.\nSERVICES  sise, 293  Boulevard  Saint-Denis  \u00e0 Courbevoie  (92400)\nLE  PREFET  DES  HAUTS-DE-SEINE\n'Vu  la loi n\u00b0  2010-853  du  23  jullet 2010  relative  aux  r\u00e9seaux  consulaires,  au  commerce  et  \u00e0\nl'aisanat ot aux  services (article 31)\nVu  la lo 1\u00b02015-1778  du  28  d\u00e9cembre  2015  relative \u00e0 l'adaptation de  la soci\u00e9t\u00e9  au\nviilissoment ;\nVu  l'artiie D7231-1  du  Code  du  travail;\nVu  les d\u00e9crets n\u00b0 2011-1132  et n\u00b0 2011-1133  du 20 septembre  2011  modifiant certaines\ndispositions du  Code  du  travail, relatives au  ch\u00e8que  emploi-service  universel et aux\n'services \u00e0 la personne  ;\nVu  le d\u00e9cret  n\u00b02016:750  du  6 juin 2016  relatif \u00e0 la liste des  activit\u00e9s de  services  la personne\nsoumises \u00e0 agr\u00e9ment  ou  \u00e0 autorisation dans le cadre  du  r\u00e9gime  commun  de a d\u00e9claration;\nVu  le d\u00e9cret  du  31 octobre  2024  portant nomination  de  Monsieur  Alexandre  BRUGERE,  en\nquait\u00e9 de Pr\u00e9fet des Hauts-de-Seine ;\nVu  l'arr\u00eat\u00e9 interminist\u00e9riel du  12 ao\u00fbt  2025  nommant  Monsieur  Fabrice  MASI,  Directeur\nr\u00e9gional et interd\u00e9partemental  de  l'\u00e9conomie, de l'emplo,  du  travail et des  solidart\u00e9s d'le-\nde-France \u00e0  compter  du  25  ao\u00fbt  202  ;\nVu  l'arr\u00e9t\u00e9 pr\u00e9fectoral n\u00b02025-33  du  22  ao\u00fbt  2025  par  lequel le Pr\u00e9fet des  Hauts-de-Seine\n'd\u00e9l\u00e8gue  sa  signature  \u00e0 Monsieur  Fabrice  MASI,  Directeur  r\u00e9gional et interd\u00e9partemental\nde  l'\u00e9conomie, de  l'emploi du travail et des  solidarit\u00e9s d'le-de-France ;\nVu  l'arr\u00e8t\u00e9 DRIEETS-UD92  n\u00b02025474  du  15 septembre  2025  accordant  l'agr\u00e9ment  num\u00e9ro\nSAP942741802  \u00e0 la SASU  AIDOM  XV  SERVICES\n'Vu la d\u00e9cision  n\u00b0 2026-157  du  25  ao\u00fbt  2025  portant subd\u00e9l\u00e9gation  de  signature  de  Monsieur\nFabrice  MASI,  Directeur  r\u00e9gional  et iterd\u00e9partemental  de  l'\u00e9conomie,  de  l'emploi,  du\ntravail et des  saldart\u00e9s  d'\u00cele-de-France,  aux  agents  de  l'Unit\u00e9 d\u00e9partementale  des  Hauts-\nde-Seine  ;\n\nVu  la demande  de modification d'activit\u00e9 de services \u00e0 la personne  d\u00e9pos\u00e9es  le 22 mai 2025\n'au nom  dela  SASU  AIDOM  XV, SERVICES  sise, 293  Boulevard Saint-Denis\u00e0 Courbevoie\n(82400)  ;\nConsid\u00e9rant  que  cette modification vise \u00e0 inclure les activit\u00e9s relevant de  l'agr\u00e9ment et \u00e0\nsupprimer  des  activit\u00e9s pr\u00e9c\u00e9demment  d\u00e9ciar\u00e9es  ;\nle dossier  de demande est  conforme  aux  dispositions de  article L. 7232.\n1 du  Code  du  travail\nLe  r\u00e9c\u00e9piss\u00e9  de  d\u00e9claration  d'activit\u00e9s de  services  \u00e0  la personne  n\u00b02025-246  en  date  du  07  mai\n2026  de  la SASU  AIDOM  XV. SERVICES  est ainsi modifi\u00e9 \u00e0 compter  du  21 ao\u00fbt 2025\nLes  activit\u00e9s d\u00e9ciar\u00e9es  sont les suivantes,  \u00e0 exclusion  de  toute  autre\n= Liaison de  repas  \u00e0  domicie  ;\n= Assistance  informatique \u00e0  domicile;\n'Assistance  administrative  & domicile\n'Teleassistance  et visio-assistance\nEntretien dela  maison  et travaux  m\u00e9nagers;\n= Pr\u00e9paration de repas  \u00e0  domicile, y compris  le temps  pass\u00e9  aux courses  ;\n= Prestation  de  conduite  du  v\u00e9hicule  personnel  des  personnes  temporairement\nd\u00e9pendantes  autres  que  personnes  \u00e2g\u00e9es,  handicap\u00e9es  ou  atteintes de  pathologies\nchroniques, du  domicie  au travail, sur le leu de vacances,  pour les d\u00e9marches\nadministratives ;\n= Accompagnement  des  personnes  temporairement  d\u00e9pendantes  autres  que  personnes\n'\u00e2g\u00e9es, hancicap\u00e9es  ou  attentes de pathologies chroniques, dar\ndehors  de  leur domicile  (promenades,  aide  \u00e0 la mobilt\u00e9  et a\ncourante)\nAssistance  aux  personnes  autres que  personnes  \u00e2g\u00e9es,  handicap\u00e9es ou atteintes de\npathologies chroniques  qui ont besoin temporairement  dune  aide personnelle \u00e0 leur\ndomicile, & l'exclusion des soins relevant d'actes  m\u00e9dicaux ;\nleurs  d\u00e9placements en\nsport,  actes de  la  vie\n= Golecte  et  ivraison  \u00e0  domicile  de  inge  repass\u00e9\n= Livraison de  courses  \u00e0  domicile  ;\nAccompagnement  des  personnes  \u00e2g\u00e9es,  des  personnes  handicap\u00e9es  ou  atteintes de\npathologies chroniques, dans  leurs d\u00e9placements  en dehors  de  leur domicile (promenades,\naide \u00e0 la mobilt\u00e9  et  au transport, actes de  la vie courante)  quand  cet accompagnement est\nr\u00e9alis\u00e9 dans  les  conditions  pr\u00e9vues  aux  1\u00b0 et 2\u00b0 de  l'art. 7282-6  du code du travail\n\n- Assistance  dans  les  actes  quotidiens  de  la vie  ou  aide  \u00e0 l'insertion  sociale  aux  personnes\n'ag\u00e9es  et aux  personnes  handicap\u00e9es  ou  atteintes de pathologies  chroniques  qui ont besoin\nde  tels  prestations  \u00e0 domicile,  quand  ces  prestations  sont  r\u00e9alis\u00e9es  dans  les conditions\npr\u00e9vues  aux  1\u00b0 ot 2\u00b0 de at.  7232-6  du code du travail, \u00e0 l'exclusion d'actes de soins  relevant\nd'actes  m\u00e9dicaux  \u00e0 moins  qu'ils ne  soient ex\u00e9cut\u00e9s  dans  les conditions  pr\u00e9vues  \u00e0 article\nL1111-6-4  du  code  de  la sant\u00e9  publique  et du  d\u00e9cret  n'99-426  du  27  mai  1999  habiltant\ncertaines cat\u00e9gories de  personnes  \u00e0 effectuer des aspirations endo-trach\u00e9ales:\n= Prestation  de  conduite  du  v\u00e9hicule  personnel  des  personnes  \u00e2g\u00e9es,  des  personnes\nhandicap\u00e9es  ou  atteintes de  pathologies  chroniques  du  domicile  au  travail, sur le lieu de\nvacances,  pour  les d\u00e9marches  administratives  quand  cette prestation est r\u00e9alis\u00e9e dans  les\nconditions  pr\u00e9vues  aux  1\u00b0 et 2\u00b0 de lat. 7232-6  du  code  du travail\nPrestations relevant du  b\u00e9n\u00e9fice de  la r\u00e9duction d'imp\u00f4t pr\u00e9vue  \u00e0 Farce  199 sexdecies  du Code\n(G\u00e9n\u00e9ral des  Imp\u00f4ts:\nSous  r\u00e9serve  d'\u00eatre exerc\u00e9es  \u00e0 ttre exclusif parle  d\u00e9clarant  (ou  sous  r\u00e9serve  d'une  comptabilit\u00e9\ns\u00e9par\u00e9e  pour les personnes  morales  dispens\u00e9es  de la condition d'actvi\u00e9 exclusive), ces activit\u00e9s\nouvrent drot au b\u00e9n\u00e9fice des  dispostions des articles L. 7233-2  du  code  du travail et L. 241-10\ndu  code  de  la s\u00e9curit\u00e9 sociale.\n'Conform\u00e9ment  aux  dispositions  de article  R7232-19  du  code  du  travail, l'organisme  d\u00e9ciar\u00e9  dit\nproduire  au  moins  chaque  trimestre  un  \u00e9tat dactivit\u00e9 et chaque  ann\u00e9e  un  bilan quanttatf  et\nqualitatifde l'actiit\u00e9 exerc\u00e9e au tie de l'ann\u00e9e \u00e9coul\u00e9e ainsi qu'un tableau statistique annul\nSi organisme  d\u00e9clar\u00e9 comporte  plusieurs \u00e9tablissements, les \u00e9tats statistiques et le bilan annuel\ndistinguent  l'activit\u00e9 exerc\u00e9e par  chaque  \u00e9tablissement\nLe  pr\u00e9sent  r\u00e9c\u00e9piss\u00e9  prend  effet le 10 septembre 2026.\nL'enregistrement de  la d\u00e9claration  pourra  tre  ratir\u00e9si l'organisme d\u00e9clar\u00e9  cesse de  remplir\nles conditions  ou  de  respecter  les obligations. mentionn\u00e9es  aux  45\u00b0  et 6\u00b0 de Farticio\nR7232-17 ou qui  m\u00e9conna  les obligations  d\u00e9finis  \u00e0l'article  R7232-19  du  code  du  travail.\nLe pr\u00e9sent r\u00e9c\u00e9piss\u00e9 sera publi\u00e9 au recueil des actes administratfs de  la pr\u00e9fecture des  Hauts-\nde-Seine.\nFait \u00e0  Nanterre, le 15 septembre  2025,\nPour  le Pr\u00e9fet\nPar  d\u00e9l\u00e9gation  ot subd\u00e9l\u00e9gation\nLa  Responsable  du  service\nD\u00e9veloppement  de  l'emploi  et des\ncomp\u00e9tencesgy\nMariama  CONE\n\nEn  Direction r\u00e9gionale et interd\u00e9partementale\nMINISTERE de l'\u00e9conomie, de l'emploi,\nDU  TRAVAIL,  DE LA SANT\u00c9,  du travail et des solidarit\u00e9s\nDES  SOLIDARIT\u00c9S\nET  DES  FAMILLES\nmw\nR\u00e9c\u00e9piss\u00e9  n\u00b02025-476  de  d\u00e9claration  d'activit\u00e9s de  services \u00e0 la personne\n\"enregistr\u00e9e sous  le n\u00b0 SAP990421471  au nom  de  la micro-entreprise  NOURRY\nLAETITIA  6 all\u00e9e Frantz  Fanon  \u00e0 GENNEVILLIERS  (92230)\nLE  PREFET  DES  HAUTS-DE-SEINE\nVu  la lo n\u00b0 2010-853  du 23 jullet 2010  relative aux  r\u00e9seaux  consuiaires, au commerce  et \u00e0\nFartisanat et aux  services  (article 31) ;\nVu  la loi n\u00b020151776  du  28  d\u00e9cembre  2015  relative \u00e0 adaptation  de  la soci\u00e9t\u00e9  au\nellissement ;\nVu  l'aricie 07231-1  du Code  du travail\nVu  les d\u00e9crots n\u00b0 2011-1132  et n\u00b0 2011-1133  du 20  septembre  2011  modifiant certaines\ndisposiions  du  Code  du  travail, relatives au  ch\u00e8que  emplol-service  universel et aux\nservices  \u00e0 a  personne\nVu  le d\u00e9cret  n\u00b02016750  du 6 juin 2016 relat  \u00e0 la liste des activit\u00e9s de services \u00e0 la personne\nsoumises  \u00e0 agr\u00e9ment  ou \u00e0 autorisation dans  le cadre du r\u00e9gimecommun  de ia d\u00e9claration\nVu  le d\u00e9cret du 31 octobre 2024  portant nomination  de  Monsieur  Alexandre  BRUGERE,  en\nqualit\u00e9 de Pr\u00e9fet des  Hauts-de-Seine  ;\nVu  l'ar\u00f4t\u00e9  interminist\u00e9riel du  12 ao\u00fbt  2025  nommant  Monsieur  Fabrice  MASI,  Directeur\nr\u00e9gional  tinterd\u00e9partementa  de  l'\u00e9conomie,  de  l'emploi du travail et des  solidarit\u00e9s d'le-\nde-France  \u00e0 compter  du  25  ao\u00fbt  2025\nVu  l'ar\u00eat\u00e9 pr\u00e9fectoral n\u00b02025-33  du 22 ao\u00fbt 2025  par lequel le Pr\u00e9fet des  Hauts-de-Seine\nd\u00e9l\u00e8gue  sa signature \u00e0 Monsieur  Fabrice MASI, Directeur r\u00e9gional et interd\u00e9partemental\nde l'\u00e9conomie, de l'emploi, du travail et des solidartes d'le-de-France ;\nVu  la d\u00e9cision  n\u00b0 2025-187  du  25  ao\u00fbt  2025  portant subd\u00e9l\u00e9gation  de  signature  de  Monsieur\nFabrice  MASI,  Directeur  r\u00e9gional et interd\u00e9partemental  de  l'\u00e9conomie,  de  l'emploi, du\ntravail et des  solidant\u00e9s d'le-de-France, aux  agents  de Unit\u00e9  d\u00e9partementale  des  Hauts-\nde-Seine  ;\nVu  la d\u00e9claration  d'activit\u00e9s de  services  \u00e0  la personne  d\u00e9pos\u00e9es  le 15  septembre  2025  au\nnom  de  la micro-entreprise  NOURRY  LAETITIA  6 all\u00e9e Frantz  Fanon  \u00e0 GENNEVILLIERS\n(92230) ;\n\n'Apr\u00e8s examen  du  dossier, cette demande  \u00e9tant conforme  aux  dispositions  de  l'article L. 7232-1-\n1 du  code  du  traval,  le pr\u00e9sent  r\u00e9c\u00e9piss\u00e9  de  d\u00e9claration  activit\u00e9s  de  services  \u00e0  la personne  a\nt\u00e9  enregistr\u00e9  au  nom  de  la micro-entreprise  NOURRY  LAETITIA  sous  le num\u00e9ro  SAP\n990421471.\nLes  activit\u00e9s d\u00e9clar\u00e9es  sont les suivantes,  \u00e0 exclusion  de toute autre\n= Entrotien  de  la  maison  et  travaux  m\u00e9nagers  ;\n= Garde  d'enfants de plus  de trois ans \u00e0  domicile;\n= Accompagnement  des  enfants  de  plus  de  trois  ans  dans  leurs  d\u00e9placements  en\n'dehors  de  leur  domicile  (promenades,  transports,  actes  de  la  vie  courante)  ;\nPrestations  relevant du  b\u00e9n\u00e9fice  de  la r\u00e9duction  d'imp\u00f4t  pr\u00e9vue  \u00e0 l'articie 199  sexdecies  du  Code\n'General  des  Imp\u00f4ts.\nLa  structure  exerce  ces  activit\u00e9s  selon  le mode  suivant  :  PRESTATAIRE\nSous  r\u00e9serve  d'\u00eatre  exerc\u00e9es  \u00e0 titre exclusif  par  le d\u00e9clarant  (ou  sous  r\u00e9serve  d'une  comptablit\u00e9\ns\u00e9par\u00e9e  pour  les personnes  morales  dispens\u00e9es de la condition  activit\u00e9 exclusive), ces  activit\u00e9s\nouvrent  droit au  b\u00e9n\u00e9fice des  dispositions des  articles L. 7233-2  du  code  du  traval et L. 241-10\ndu  code  de  la s\u00e9curit\u00e9  sociale.\nConform\u00e9ment  aux  dispositions  de  article  R7232-19  du  code  du  travail l'organisme  d\u00e9clar\u00e9  doit\nproduire au moins chaque trimestre un \u00e9tat d'activit\u00e9 et chaque ann\u00e9e un  bilan quanttat et\nqualtatf  de  Factivite exerc\u00e9e  au  tire de  l'ann\u00e9e  \u00e9coul\u00e9e  ainsi qu'un  tableau  statistique annuel.\nSi 'organisme  d\u00e9clar\u00e9  comporte  plusieurs  \u00e9tablissements,  les \u00e9tats statistiques ete  bilan annuel\ndistinguent  l'activit\u00e9 exerc\u00e9e  par  chaque  \u00e9tablissement.\nLe  pr\u00e9sent  r\u00e9c\u00e9piss\u00e9  prend  affot le 16 septembre  2025.\nL'enregistrement de la d\u00e9claration  pourra \u00eatre rotir\u00e9 si l'organisme d\u00e9clar\u00e9  cesse de remplir\nles conditions  ou  de  respecter  les obligations mentionn\u00e9es  aux  4,6\" ot 6\u00b0 de  l'article\n7232-17  ou  qui  m\u00e9connait  los obligations  d\u00e9finies  \u00e0  l'article R7232-19  du  code  du  travail,\n\"d\u00e9claration, faire Fobjet dune d\u00e9cia\nd\u00e9partementale  des  Hauts-de-Seine\nLe pr\u00e9sent r\u00e9c\u00e9piss\u00e9 sera publ\u00e9  au recuell des actes administratfs de  la pr\u00e9fecture des  Hauts-\ndeSeine.\nFait  \u00e0  Nanterre,  le 16  septembre  2025,\nPour  le Pr\u00e9fet\nPar  d\u00e9l\u00e9gation  et subd\u00e9l\u00e9gation\nLa  Responsable  du  service\nD\u00e9veloppement  de  l'emploi  et des\ncomp\u00e9tences  |. \u00e0;\nMariama  CONDI\n\nEx  Direction r\u00e9gionale et interd\u00e9partementale\nMINIST\u00c8RE de l'\u00e9conomie, de l'emploi,\nDU  TRAVAIL,  DE  LA  SANT\u00c9,  du travailet des solidarit\u00e9s\nDES  SOLIDARIT\u00c9S\nET  DES  FAMILLES\nEMA\n'Arr\u00e8t\u00e9 DRIEETS-UDS2  n\u00b02025-477  du  16  septembre  2025  portant  modification  de\nl'agr\u00e9ment SAP  928418751 \u00e0 la SAS  CHOUCHOU  sise 25  Boulevard  Romain\nRolland  \u00e0 Montrouge  (92120)\nLE  PREFET  DES  HAUTS-DE-SEINE\nVu  Ia loi n\u00b0 2010-853  du  23  jullet 2010  relative aux  r\u00e9seaux  consular\nl'artisanat et aux  services  (article 31);\nVu  la loi n\u00b02018-1776  du  28  d\u00e9cembre  2015  relative \u00e0 Fadaptation de la soci\u00e9t\u00e9 au\nviilissement ;\n1s commerce et \u00e0\nVu  l'article D7231-1  du  Code  du  travail;\nVu  les d\u00e9crets n\u00b0 2011-1132  et n\u00b0 2011-1133  du  20 septembre  2011 modiiant  certaines\ndispositions du  Code  du  traval, relatives au  ch\u00e8que  emploi-service  universel et aux\nservices \u00e0 la personne ;\nVu  le d\u00e9cret n\u00b02016-780  du 6 juin 2016 relat  \u00e0 la iste des  activites de services \u00e0 la personne\nsoumises \u00e0 agr\u00e9ment  ou \u00e0 autorisation dans  le cadre  du  r\u00e9gime  commun de a  d\u00e9claration\nVu  le d\u00e9cret  du  31 octobre  2024  portant  nomination  de  Monsieur  Alexandre  BRUGERE,  en\nqualt\u00e9  de  Pr\u00e9fet  des  Hauts-de-Seine\nVu  l'ar\u00eat\u00e9 interminist\u00e9riel du 12 ao\u00fbt 2025  nommant  Monsieur  Fabrice MASI, Directeur\nr\u00e9gional et interd\u00e9partemental  de l'\u00e9conomie,  de l'emploi, du  travailet des  solidarit\u00e9s dle-\nde-France  \u00e0 compter  du  25  ao\u00fbt  2025\nVu  l'arr\u00e8t\u00e9 pr\u00e9fectoral n\u00b02025-33  du  22  ao\u00fbt  2025  par  lequel le Pr\u00e9fet des  Hauts-de-Seine\n\"d\u00e9l\u00e8gue sa signature \u00e0 Monsieur  Fabrice MASI,  Directeur r\u00e9gional etinterd\u00e9partemental\n'de F\u00e9conomie, de l'emploi, du travail et des solidarit\u00e9s d'le-de-France;\nVu  l'ar\u00e9t\u00e9 DRIEETS-UD92  n\u00b02025-067  du  10 f\u00e9vrier 2025  accordant  l'agr\u00e9ment  num\u00e9ro\nSAP928415751  \u00e0 la SAS  CHOUCHOU  ;\nVu  la d\u00e9cision n\u00b0 2026-187  du  25  ao\u00fbt 2025  portant subd\u00e9l\u00e9gation de  signature de  Monsieur\nFabrice MASI, Directeur r\u00e9gional et interd\u00e9partemental de l'\u00e9conomie, de  l'emploi, du\ntraval et des  soldar\u00e9s  d'\u00cele-de-France,  aux  agents  de  Unit\u00e9  d\u00e9partementale  des  Hauts-\nde-Seine  ;\n\n'Vu la demande  d'extension  d'agr\u00e9ment  de  la SAS  CHOUCHOU  d\u00e9pos\u00e9e  sur  la plateforme\nNOVA  en  date du  07  juin 2025  pour \u00e9tendre son p\u00e9rim\u00e8tre g\u00e9ographique  d'intervention\nsur  les d\u00e9partements  de  Pars  (75), de  la Seine-Saint-Denis  (93) et du  Val-de-Marne  (94) ;\nVu  les demandes  compl\u00e9mentaires  adress\u00e9es  par le service  instructeur \u00e0 la SAS\n(CHOUCHOU  par mails des 11 et 28 jullt ; des 05 et 18 ao\u00fbt ; du 04 septembre  2025 ;\n'Vu les r\u00e9ponses  compl\u00e9mentaires  transmises  par la SAS  CHOUCHOU  au service instructeur\npar  mails du 18 juillet; des 02, 08 et 09, des 19 et 20 ao\u00fbt ; du 16 septembre 2025 ;\nVu  la demande  d'avis transmise aupr\u00e8s  des  Unit\u00e9s d\u00e9partementales  et Conseil\nD\u00e9partementaux de Paris (75), de la Seine-Saint-Denis (93) et du  Val-de-Marne  (84);\nVu  l'absence  d'avis des  Unit\u00e9s  d\u00e9partementale  et des  Consels  d\u00e9partementaux  consuit\u00e9s\nConsid\u00e9rant que  la SAS  CHOUCHOU  sise 25  Boulevard  Romain  Rolland  \u00e0  Montrouge\n(82120) dispose dun  agr\u00e9ment sous le num\u00e9ro  SAP928415751  pour\nexercer aupr\u00e8s  des  enfants de moins de  trois ans  etou  en situation de\nhandicap  en  mode  PRESTATAIRE  sur le d\u00e9partement  des  Hauts-de-Seine\n(92);\nConsid\u00e9rant  que  a  demande  d'extension  du  p\u00e9rm\u00e8tre  g\u00e9ographique  d'intervention a \u00e9t\u00e9\nd\u00e9clar\u00e9e  compl\u00e8te  le 09  ao\u00fbt  2025  et conforme  le 16 septembre  2025  par\nle service  instructeur, selon  les  dispostions  du  cahier des  charges pr\u00e9vu  \u00e0\nl'article  R.7232-8 du  Code  du  travail;\nARR\u00caTE\nARTICLE 1\n'A compter  du  16 septembre  2025, l'arr\u00eat\u00e9 DRIEETS-UD82  \"2025-067  du  10 f\u00e9vrier 2025\n'accordant l'agr\u00e9ment num\u00e9ro  SAP9284  15751 de la SAS  CHOUCHOU  sise 25 Boulevard  Romain\nRoland  \u00e0 Montrouge  (92120) est modifi\u00e9 comme  suit\nLa  SAS  CHOUCHOU,  est agr\u00e9\u00e9e  pour  la fourniture des  services  suivants\nEn  mode  PRESTATAIRE  sur les d\u00e9partements des Hauts-de-Seine (92), de Paris (76) dela\nSoine-Saint-Denis(83) ot du Val de Marne (94):\nGarde  d'enfants de moins  de trois ans ou de moins  de dix-huit ans en situation de\nhandicap \u00e0 domicile  ;\n= Accompagnement  des  enfants  de  moins  de  trois ans  ou  de  moins  de  dix-huit  ans  en\nSituation de  handicap  dans  leurs d\u00e9placements  en  dehors  de  leur domicile  (promenades,\n'transport,  actes  de  la ve  courant  ;\nARTICLE 2\nL'agr\u00e9ment  num\u00e9ro  SAP628415751  de  la SAS  CHOUCHOU  est valable jusqu'au 29  f\u00e9vrier 2030,\nselon les dispostions de  [article 2 de  l'arr\u00eat\u00e9 DRIEETS-UDS2  n\u00b02025-067  du 10 f\u00e9vrier 2025,\n\nConform\u00e9ment  aux  dispositions de  l'article R7232-9  du  code  du  travail, l'organisme  agr\u00e9\u00e9  dott\nproduire au moins  chaque  trimestre un \u00e9tat dactivit\u00e9 et chaque  ann\u00e9e  un bilan quanttatif et\nquaitatf  de  activit\u00e9 exerc\u00e9e  ainsi qu'un  tableau  statistique\nSi organisme  comporte  plusieurs \u00e9tablissements, les \u00e9tats statistiques et le bilan annuel\ndistinguent  l'activit\u00e9 exerc\u00e9e  par  chaque  \u00e9tablissement.\nL'agr\u00e9ment  peut \u00eatre renouvel\u00e9 tactement. La demande  de  renouvellement  doi \u00eatre d\u00e9pos\u00e9e  au\nPUS  tard rois mois avant le terme de la p\u00e9riode d'agr\u00e9ment.\nARTICLE 3\nSi  organisme  envisage de fournir des services autres que ceux pour lesquels i est agr\u00e9\u00e9. devra\nsolicier  une  modification  de  son  agr\u00e9ment.  La  demande  devra  pr\u00e9ciser les. modifications.\nenvisag\u00e9es  et les moyens  nouveaux  correspondants.\nToute  cr\u00e9ation  d'activit\u00e9 hors  du  ou  des  d\u00e9partements  pour  lesquels  l'organisme  est  agr\u00e9\u00e9  devra\nfaire l'objet dune  demande  d'extension aupr\u00e8s  du Pr\u00e9fet des Hauts-de-Seine. Elle donnera  leu \u00e0\n'une modification  du  pr\u00e9sent  arr\u00e9t\u00e9.\nARTICLE 4\n'Conform\u00e9ment  aux disposons  de  l'aricie R7232-12  du  code  du travail le pr\u00e9sent agr\u00e9ment\npourra\u00eatre retire si organisme  agr\u00e9\u00e9\n+ Cesse de  remplir les conditions ou de  respecter les obligations mentionn\u00e9es  aux articles\nR  73324  \u00e0 R  7232-9  du  code  de  trav\n+ Ne  respecte pas  les dispostions l\u00e9gales relatives \u00e0 la sant\u00e9 et \u00e0 la s\u00e9curit\u00e9 au travail\n+ Exorce  des  activit\u00e9s  autres  que  celles  d\u00e9clar\u00e9es  dans  la demande  d'agr\u00e9ment,\nNe  transmet pas au Pr\u00e9fet comp\u00e9tent  avant la fin du premier semestre  de  l'ann\u00e9e, le bilan\n'qualta  et quanitatf  de  Factivte exerc\u00e9e  au  tre  de  l'ann\u00e9e  \u00e9coul\u00e9e.\nARTICLE \u00a7\nLa Directrice de  l'Unit\u00e9 d\u00e9partementale  des Hauts-de-Seine  de la DRIEETS  Ile-de-France, est\ncharg\u00e9e  de application du pr\u00e9sent arr\u00eat\u00e9 qui sera publi\u00e9 au recuell des  Actes  Administratifs de\nla Pr\u00e9fecture  des  Hauts-de-Seine.\nFait \u00e0 Nanterre,  le 16 septembre  2025,\nPour  le Pr\u00e9fet\nPar  d\u00e9l\u00e9gation  et subd\u00e9l\u00e9gation\nLa  Responsable  du  service\nDhralopgament  de  Faro  des\ncomp\u00e9tences  ||.\nMariama CONDE | \u00c0\n\nEx  Direction r\u00e9gionale et interd\u00e9partementale\n'de l'\u00e9conomie,  de  l'emploi,\nDUTRAVAIL, DE LA SANT\u00c9, du avalet des soldats\nDES  SOLIDARIT\u00c9S\nET  DES  FAMILLES\nR\u00e9c\u00e9piss\u00e9  n*2025-478  de  d\u00e9claration modificative d'activit\u00e9s de  services \u00e0 la\npersonne enregistr\u00e9e sous le n\u00b0 SAP928415751  au nom  de la SARL  CHOUCHOU\nsise  35  Boulevard  Romain  Rolland  \u00e0 Montrouge  (92120)\nLE  PREFET  DES  HAUTS-DE-SEINE\nVu  la loi n\u00b0 2010-853  du 23 jullet 2010  relative aux  r\u00e9seaux  consulaires, au commerce  et \u00e0\nl'artisanat et aux  services  (article 31);\nVu  la loi n\u00b02015-1776  du 28  d\u00e9cembre  2015  relative \u00e0 l'adaptation de  la soci\u00e9t\u00e9 au\nvieilissement\nVu  l'article D7231-1  du Code  du  travail;\nVu  les d\u00e9crets n\u00b0 2011-1132  et n\u00b0 2011-1133  du  20 septembre  2011  modifiant cortai\ndispositions du  Code  du traval, relatives au ch\u00e8que  emploi-service universal et aux\nservices  \u00e0 la personne  ;\nVu  le d\u00e9cret n\u00b02016750 du 6 juin 2016 relatif \u00e0 la liste des activit\u00e9s de services \u00e0 Ia personne\nsoumises  \u00e0 agr\u00e9ment  ou \u00e0 autorisation dans  lecadre du r\u00e9gime commun  dela d\u00e9claration;\nVu  le d\u00e9cret du 31 octobre 2024 portant nomination de Monsieur Alexandre BRUGERE,  en\nualt\u00e9 de Pr\u00e9fet des Hauts-de-Seine ;\nVu  l'ar\u00e9t\u00e9 interminist\u00e9riel du 12 ao\u00fbt 2025 nommant  Monsieur Fabrice MASI, Directeur\nr\u00e9gional et interd\u00e9partemental de l'\u00e9conomie, de l'emplo, du  travail et des solidarit\u00e9sdll\nde-France  \u00e0 compter  du  25  ao\u00fbt  2025 ;\nVu  l'arr\u00e9t\u00e9 pr\u00e9fectoral n\u00b02026-33  du 22 ao\u00fbt 2025  par lequel le Pr\u00e9fet des  Hauts-de-Seine\nd\u00e9l\u00e8gue  sa signature \u00e0  Monsieur  Fabrice MASI, Directeur r\u00e9gional et interd\u00e9partemental\nde l'\u00e9conomie, de l'emploi, du traval et des solidates d'le-de-France ;\nVu  l'arr\u00eat\u00e9 DRIEETS-UDS2  n\u00b02025477  du 16 septembre 2025 portant modification de\nl'agr\u00e9ment num\u00e9ro  SAP  928415751  enregistr\u00e9 au nom  de la SARL  CHOUCHOU afin\nd'\u00e9tendre le p\u00e9rim\u00e8tre g\u00e9ographique dintervention sur les d\u00e9partements  de Paris (75), de\n'Seine-Saint-Denis  (83) et du  Val-de-Marne  (84);\nVu  la d\u00e9cision n\u00b0 2025-187  du 25 ao\u00fbt 2025  portant subd\u00e9l\u00e9gation de signature de Monsieur\nFabrice MASI, Directeur r\u00e9gional et interd\u00e9partemental de l'\u00e9conomie, de l'emploi, du\n\ntravail et des  solidarit\u00e9s d'le-de-France,  aux  agents  de  Unit\u00e9  d\u00e9partementale  des  Hauts-\nde-Seine\nVu  le r\u00e9c\u00e9piss\u00e9  n\u00b02025068  du  10 f\u00e9vrier 2025  de  d\u00e9claration  modifcative  d'actwit\u00e9s de\n'services \u00e0 la personne  enregistr\u00e9e  sous  le num\u00e9ro  SAP  926415751  au  nom  de  la SARL\n'CHOUCHOU\nVu  la demande de modification  de  la d\u00e9claration  SAP  928415751  d\u00e9pos\u00e9e  le 19 juin 2025,\nparla  SARL  CHOUCHOU  sise 25  Boulevard  Romain  Rolland  \u00e0  Montrouge  (82120)\nConsid\u00e9rant que  la pr\u00e9sente  modification  vise \u00e0  \u00e9tendre  le p\u00e9rim\u00e8tre  g\u00e9ographique\nd'intervention de la SARL  CHOUCHOU  aux  d\u00e9partements  de Paris (75), de\nSeine-Saint  Denis  (93) et du  Val-de-Marne  (94); que  le dossier  de\n'demande est  conforme  aux  dispositions de l'article L. 7232-1-1  du code  du\ntravail\nLa  d\u00e9claration  d'activit\u00e9s de  services  \u00e0 la personne  n\u00b02025-068  en  date  du  10 f\u00e9vrier 2025  au\nnom  de la SARL  CHOUCHOU  est ainsi modifi\u00e9e\nLes  activit\u00e9s d\u00e9clar\u00e9es  par  la SARL  CHOUCHOU  sont  les suivantes  \u00e0 l'exclusion de  toute  autre\nEntretien  de la maison  et travaux  m\u00e9nagers\nPetits  travaux  de  jardinage, y compris  les travaux  de  d\u00e9broussallage\n= Travaux  de  pett  bricolage  dis  \u00ab homme  toutes  mains  \u00bb ;\n= Garde  d'enfants  de  plus  de trois  ans  \u00e0  domicile  ;\n= Soutien  scolaire ou cours  \u00e0  domicile  ;\nLivraison de  courses  \u00e0  domicile;\nAssistance  administrative  \u00e0  domicile  ;\n'Accompagnement  des  enfants  de  plus de trois ans  dans  leurs d\u00e9placements  en  dehors  de\nleur  domicile  (promenades,  transports, actes  dela  vie courante)\nGarde  d'enfants de  moins  de  trois ans  ou  de  moins  de dx-huit ans en  situation  de handicap\n\u00e0 domicile  ;\n= Accompagnement  des  enfants  de  moins  de  trois  ans  ou  de  moins  de  dix-huit  ans  en\n'situationde handicap  dans  leurs d\u00e9placements en  dehors  de leur domicile (promenades,\ntransport, actes  de  la vie courante\nPrestations relevant  du b\u00e9n\u00e9fice  dela  r\u00e9duction  d'imp\u00f4t  pr\u00e9vus  \u00e0 Farticle 199 sexdecies  du Code\nGeneral des  Imp\u00f4ts.\nSous  r\u00e9serve  d'\u00eatre exerc\u00e9es  \u00e0 tire exclusif  par le d\u00e9clarant  (ou  sous r\u00e9serve  d'une  comptabiit\u00e9\n's\u00e9par\u00e9e pour les personnes morales  dispens\u00e9es de la condition d'actit\u00e9 exclusive), ces activit\u00e9s\n'ouvrent  droit au b\u00e9n\u00e9fice  des  dispositions des  articles L. 7233-2  du code  du travall et L. 241-10,\ndu  code  de la s\u00e9curte  sociale.\n\nConform\u00e9ment  aux  dispositions  de  l'article R7232-19  du  code  du  travail, l'organisme  d\u00e9clar\u00e9  doit\nproduire au moins chaque  trimestre un \u00e9tat dactivit\u00e9 et chaque  ann\u00e9e  un bilan quantitatif et\nquaitatf de activate exerc\u00e9e au tire de l'ann\u00e9e \u00e9coul\u00e9e ainsi qu'un tableau statistique annuel\nSi l'organisme  d\u00e9clar\u00e9  comporte  plusieurs  \u00e9tablissements,  les \u00e9tats statistiques et le bilan annuel\ndlstinguent  l'activit\u00e9 exerc\u00e9e  par  chaque  \u00e9tablissement\nLe  pr\u00e9sent  r\u00e9c\u00e9piss\u00e9  prend  effet le 16  septembre  2025.\nL'enregistrement  de la d\u00e9claration  pourra  \u00eatre rotir\u00e9si l'organisme d\u00e9clar\u00e9  cesse de romplir\nles conditions  ou  de  respecter  les obligations mentionn\u00e9es  aux  4\u00b0,5\u00b0 et 6\u00b0 de  l'article\n723217  ou  qui  m\u00e9connait  les obligations  d\u00e9finies  \u00e0  article  R7232-19  du  code  du  travail.\n'Toute modification concernant la structure d\u00e9clar\u00e9e ou les activit\u00e9s exerc\u00e9es devra, sous\npeine  de  retralt de  la d\u00e9claration, faire l'objet dune  d\u00e9claration  modtficative  aupr\u00e9s  de  FUnit\u00e9\nd\u00e9partementale  des  Hauts-de-Seine.\nLe  pr\u00e9sent  r\u00e9c\u00e9piss\u00e9  sera  publi\u00e9 au  recueil des  actes  administratifs de la pr\u00e9fecture  des  Hauts-\ndeSeine.\nFait  \u00e0  Nanterre, 16 septembre  2025.\nPour  le Pr\u00e9fet\nPar  d\u00e9l\u00e9gation  ot subd\u00e9l\u00e9gation\nLa  Responsable  du  service\nDivloppemert  de  Feel  ot des\ncom 7\nMariama  CONDE\n\nEu  Direction  r\u00e9gionale  et interd\u00e9partementale\nMINIST\u00c8RE de l'\u00e9conomie, de l'emploi,\nDU  TRAVAIL,  DE LA SANT\u00c9,  du travail et des solidarit\u00e9s\nDES  SOLIDARIT\u00c9S\nET  DES  FAMILLES\nA\nR\u00e9c\u00e9piss\u00e9  n\u00b02025479  de  d\u00e9claration d'activit\u00e9s de  services  \u00e0 la personne\nenregistr\u00e9e  sous  le n\u00b0 SAP624503759  au  nom  de  la micro-entreprise  KHALLEF\nBILLEL  130 Avenue  Jean  Jaur\u00e8s \u00e0 PUTEAUX  (92800)\nLE  PREFET  DES  HAUTS-DE-SEINE\nVu  la loi n\u00b0 2010-853  du  23 jullet 2010  relative aux r\u00e9seaux  consulaires, au commerce  et \u00e0\nl'isanat  et aux  services  (article 31);\nVu  la loi n\u00b02015-1776  du 28  d\u00e9cembre  2015  relative \u00e0 l'adaptation de  la soci\u00e9t\u00e9 au\nviilissement ;\nVu  l'article D7231-1  du Code  du travail;\nVu  les d\u00e9crets n\u00b0 2011-1132  et n\u00b0 2011-1133  du 20 septembre  2011  modifiant certaines\ndispositions du  Code  du  traval, relatives au cheque  emplo-service  universel et aux\n'services \u00e0  la  personne\nVu  le d\u00e9cret n\u00b02016760 du 6 jun  2016 relat \u00e0 la liste des activit\u00e9s de services \u00e0 Ia personne\n'soumises \u00e0 agr\u00e9ment ou autorisation dans le cadre du r\u00e9gime commun  dela d\u00e9ciaraion ;\nVu  le d\u00e9cret du 31 octobre 2024 portant nomination de Monsieur Alexandre BRUGERE,  en\n'qualit\u00e9 de Pr\u00e9fet des Hauts-de-Seine ;\nVu  l'arr\u00eat\u00e9 intorminist\u00e9riel du  12 ao\u00fbt 2025  nommant  Monsieur  Fabrice MASI,  Directeur\nr\u00e9gionalet interd\u00e9partemental de l'\u00e9conomie, de l'emploi, du travailet des soldarites dle\nde-France  \u00e0 compter  du  25  ao\u00fbt  2025\nVu  l'arr\u00e9t\u00e9 pr\u00e9fectoral n\u00b02025-33 du 22 ao\u00fbt 2025 par lequel le Pr\u00e9fet des Hauts-de-Seine\nd\u00e9l\u00e8gue  sa signature \u00e0 Monsieur  Fabrice MASI,  Directeur r\u00e9gional et interd\u00e9partemental\nde  l'\u00e9conomie, de l'emploi, du travailet des solidarit\u00e9s dile-de-France\n'Vu la d\u00e9cision n\u00b0 2025-157  du  25 ao\u00fbt 2025  portant subd\u00e9l\u00e9gation de signature de Monsieur\nFabrice MASI, Directeur r\u00e9gional et interd\u00e9partemental de  l'\u00e9conomie, de l'emploi, du\ntravail et des  soldart\u00e9s  dle-de-France,  aux agents de  Unite  d\u00e9partementale  des Hauts-\nde-Seine  ;\nVu  la d\u00e9claration d'actiit\u00e9s de services \u00e0 la personne  d\u00e9pos\u00e9es  le 09 septembre  2025 au\nnom  de  la micro-entreprise KHALLEF  BILLEL  130 Avenue  Jean  Jaur\u00e8s  \u00e0 PUTEAUX\n(82800);\n\nApr\u00e8s examen  du dossier, cette demande  \u00e9tant conforme aux dispositions de Farticle L. 7232-1-\n1 du  code  du  travail le pr\u00e9sent  r\u00e9c\u00e9piss\u00e9  de  d\u00e9claration  d activites  de  services  \u00e0 la  personne  a\n\u00e9t\u00e9 enregistr\u00e9  au nom  de  la micro-entreprise  KHALLEF  BILLEL  sous  le num\u00e9ro  SAP\n824503759.\nLes  activit\u00e9s d\u00e9clar\u00e9es sont les suivantes, \u00e0 l'exclusion de toute autre\n= Soutien  scolaire  ou  cours  \u00e0  domici\nPrestations relevant  du b\u00e9n\u00e9fice  de la r\u00e9duction d'imp\u00f4t  pr\u00e9vue  \u00e0 l'article 199 sexdecies  du Code\nG\u00e9n\u00e9ral des  Imp\u00f4ts.\nLa  structure  exerce  ces  activit\u00e9s  selon  le mode  suivant : PRESTATAIRE\n'Sous  r\u00e9serve d'\u00eatre  exerc\u00e9es  \u00e0 ttre  exclusf  par  le d\u00e9clarant  (ou  sous  r\u00e9serve  d'une  comptabilit\u00e9\ns\u00e9par\u00e9e pour  les personnes  morales  dispens\u00e9es de la condition d'actvit\u00e9 exclusive), ces  activites\n'ouvrent droit au  b\u00e9n\u00e9fice  des  dispositions  des  articles |. 7233-2  du  code du traval et L 241-10\ndu  code  de  la s\u00e9curit\u00e9  sociale.\n{Conform\u00e9ment  aux  dispositions de  article R7232-19  du  code  du  travail, l'organisme d\u00e9clar\u00e9  dot\nproduireau moins chaque trimestre un \u00e9tat dactvit\u00e9 et chaque ann\u00e9eun bilan quantitatifet\nquaitatf de l'activit\u00e9 exerc\u00e9e au  tire de  l'ann\u00e9e  \u00e9coul\u00e9e  ainsi qu'un  tableau  statistique annuel.\nSi organisme  d\u00e9clar\u00e9  comport  plusieurs  \u00e9tablissements,  les \u00e9tats statistiques et le bilan annuel\nisnguent  l'activit\u00e9 exerc\u00e9e  par  chaque  \u00e9tablissement\nLe  pr\u00e9sent  r\u00e9c\u00e9piss\u00e9  prend  effet le 09  septembre  2028.\nL'enregistrement de la d\u00e9claration  pourra \u00eatre retir\u00e9 si l'organisme  d\u00e9clar\u00e9  cesse  de  remplir\nles conditions  ou  de  respecter  les obligations  mentionn\u00e9es  aux  4',5\u00b0 et 6\u00b0 de  l'article\nR7232-17  ou  qui  m\u00e9connait les obligations  d\u00e9finies \u00e0  l'article R7232-19 du code  du  travail.\n2 devra,  sous\nDeine de retrat dela G\u00e9caration,  fare Tobjet dune  d\u00e9claration modiicalve  aupr\u00e9s  de  FUN\nd\u00e9partementale  des  Hauts-de-Seine.\nLe  pr\u00e9sent  r\u00e9c\u00e9piss\u00e9  sera  publi\u00e9  au  recueil  des  actes  adminstratfs  de  Ia pr\u00e9fecture de\nde-Seine.\nHauts-\nFait  \u00e0 Nanterre, le 17 septembre 2025,\nur Le Pr\u00e9fet\nr d\u00e9l\u00e9gation  et subd\u00e9l\u00e9gation\nLa  Responsable  du  service\nD\u00e9veloppement  de  l'emploi  et des\ncomp\u00e9tences fee\nMarlama  COND!\n\nEs  Direction r\u00e9gionale et interd\u00e9partementale\nMINISTERE de l'\u00e9conomie, de l'emploi,\nDU  TRAVAIL,  DE  LA SANT\u00c9,  du travail et des solidarit\u00e9s\nDES  SOLIDARIT\u00c9S\nET  DES  FAMILLES\nbai\nR\u00e9c\u00e9piss\u00e9  n*2025-480  de  d\u00e9claration d'activit\u00e9s de  services  \u00e0 la personne\n'enregistr\u00e9e  sous  le n\u00b0 SAP882813272  au  nom  de  la micro-entreprise  Sofia\nBADDAG  2 all\u00e9e de  l'Arlequin  \u00e0 NANTERRE  (92000)\nLE  PREFET  DES  HAUTS-DE-SEINE\nVu  la loi n\u00b0 2010-853 du  23juilet  2010  relative aux  r\u00e9seaux  consulaires, au commerce  et \u00e0\nl'artisanat et aux  services  (article 31)\nVu  la loi n\u00b020151776  du 28  d\u00e9cembre  201$  relative \u00e0 adaptation  de  la soci\u00e9t\u00e9 au\nviilissement\nVu  l'article D7231-1  du  Code  du travail;\nVu  les d\u00e9crets n\u00b0 2011-1132  et n\u00b0 2011-1133  du 20 septembre  2011  modifiant certaines\ndispositions du  Code  du  travail relatives au  ch\u00e8que  emplo-service  universal  et aux\n'services \u00e0 la personne\nVu  le d\u00e9cret  n\u00b02016750  du  6 juin 2016  relatif \u00e0 la liste des  activit\u00e9s de  services  \u00e0 la personne\nsoumises  \u00e0 agr\u00e9ment  ou \u00e0 autorisation dans  le cadre du r\u00e9gime commun  de a  d\u00e9claration\nVu  le d\u00e9eret du 31 octobre 2024 portant nomination de Monsieur Alexandre BRUGERE,  en\nqualit\u00e9 de  Pr\u00e9fet des  Hauts-de-Seine  ;\nVu  l'arr\u00eat\u00e9 interminist\u00e9ril du  12 ao\u00fbt 2025  nommant  Monsieur  Fabrice MASI, Directeur\nr\u00e9gional  et interd\u00e9partemental de l'\u00e9conomie,  de l'emplo,  du  travailet des  solidart\u00e9s  dll\nde-France  \u00e0 compter  du  25  ao\u00fbt  2025  ;\nVu  l'ar\u00e9t\u00e9 pr\u00e9fectoral n\u00b02028-33  du  22 ao\u00fbt 2025  par lequel le Pr\u00e9fet des  Hauts-de-Seine\nd\u00e9l\u00e8gue  sa signature \u00e0 Monsieur  Fabrice MASI,  Directeur r\u00e9gional et interd\u00e9partemental\nde l'\u00e9conomie, de l'emplo, du travail et des solidarit\u00e9s d'\u00cele-de-France ;\nVu  la d\u00e9cision n\u00b0 2025-157  du  25 ao\u00fbt 2025  portant subd\u00e9l\u00e9gation de  signature de  Monsieur\nFabrice  MASI,  Directeur  r\u00e9gional et interd\u00e9partemental  de  l'\u00e9conomie. de  l'emploi, du\ntravail et des  solidarit\u00e9s d'le-de-France, aux  agents  de l'Unit\u00e9 d\u00e9partementale des  Hauts-\nde-Seins\n'Vu la d\u00e9claration  d'actvit\u00e9s de services  \u00e0 la personne  d\u00e9pos\u00e9es  le 023 uit  2025  au nom  de\nla micro-entreprise  Sofia  BADDAG  2 all\u00e9e de  l'Arlequin \u00e0 NANTERRE  (92000):\n\nApr\u00e8s  examen  du  dossier, cette demande  \u00e9tant  conforme  aux  dispositions de  Farticle L. 7232-1-\n1 du  tode du travail, le pr\u00e9sent  r\u00e9c\u00e9piss\u00e9  de d\u00e9claration d'activit\u00e9s de services \u00e0 la personne  a\n\u00e9t\u00e9 enregistr\u00e9  au nom  de  la micro-entreprise  Sofia  BADDAG  sous  le num\u00e9ro  SAP\n882813272.\nLes  activit\u00e9s d\u00e9clar\u00e9es  sont  les suivantes, \u00e0 l'exclusion de  toute autre\n= Entrotien  de  la  maison  et  travaux  m\u00e9nagers  ;\n\u00a9 Garde  d'enfants  de  plus  de  trois ans  \u00e0 domicile;\n\"Soutien  scolaire  ou  cours  \u00e0  domicile;\nPrestations  relevant du  b\u00e9n\u00e9fice  de  la r\u00e9duction  d'imp\u00f4t  pr\u00e9vue  \u00e0 l'article 199  sexdecies  du  Code\nG\u00e9n\u00e9ral  des  Imp\u00f4ts.\nLa  structure  exerce  ces  activit\u00e9s  selon  le mode  suivant  : PRESTATAIRE\nSous  r\u00e9serve  d'\u00eatre exerc\u00e9es  \u00e0 ttre exclusf  parle  d\u00e9clarant  (ou  sous  r\u00e9serve  d'une  comptabilt\u00e9\n's\u00e9par\u00e9e pour les personnes morales dispens\u00e9es de a  condition d'actvi\u00e9 exclusive), ces activites\n'ouvrent  droit au b\u00e9n\u00e9fice  des  dispostions  des  articles L. 7233-2  du code du travail et L. 241-10\n'du code  de  la s\u00e9curit\u00e9 sociale\n'Conform\u00e9ment  aux  dispositions  de  l'rice  R7232-19 du code  du  ravi,  organisme  d\u00e9ciar\u00e9  dot\nproduire  au  moins  chaque  trimestre un  \u00e9tat dace  et chaque  ann\u00e9e  un  ban  quantitatif et\n{alas do l'activit\u00e9 exerc\u00e9e au tre de l'ann\u00e9e \u00e9coul6e ainsi qu'un tableau statistique annuel.\nSiTorganisme  d\u00e9clar\u00e9 comporte plusieurs \u00e9tablissements, les \u00e9tats stalisiqueset le lan  annuel\ndistinguent  l'activit\u00e9 exerc\u00e9e  par  chaque  \u00e9tabissement.\nLe  pr\u00e9sent  r\u00e9c\u00e9piss\u00e9  prend  effet le 23 juillet 202\nL'enregistrement de la d\u00e9claration  pourra  \u00eatre retir\u00e9si l'organisme  d\u00e9clar\u00e9 casse  de remplir\nles conditions  ou  de  respecter  les obligations  mentionn\u00e9es  aux  4\u00b0,5\u00b0 et 6\u00b0 de  l'article\n7232.17  ou  qui m\u00e9connait les obligations  d\u00e9finies  \u00e0 article  R7232-19  du  code  du  travail\n. tion  devra,  sous\nDeine de reat  de la d\u00e9caraton, fare Tobjet dune  d\u00e9caraton  mocicatve  aupr\u00e9s de TUnts\nd\u00e9partementale  des  Hauts-de-Seine.\nLe  pr\u00e9sent  r\u00e9c\u00e9piss\u00e9  sera publi\u00e9 au  recuell des  actes  administratifs de  la pr\u00e9fecture des  Hauts-\n'de-Seine.\nFait \u00e0 Nanterre,  le 17 septembre 2025,\nLa  Responsable du service\nD\u00e9veloppement de l'emploi  et des\ncomp\u00e9loncos  (71;\nMariama COND\u00c9 |\n\n=n  et interd\u00e9partementale\nMINISTERE de l'\u00e9conomie, de l'emploi,\nDU  TRAVAIL, DE LA SANT\u00c9, du travail et des solidarit\u00e9s.\nDES  SOLIDARIT\u00c9S\nET  DES  FAMILLES\nA\nR\u00e9c\u00e9piss\u00e9  n\u00b02025-481  de  d\u00e9claration  d'activit\u00e9s  de  services  \u00e0 la personne\nenregistr\u00e9e  sous  le n\u00b0 SAP981765837  au  nom  de  la micro-entreprise Elsy WEHBE\n7 Rue  Louise  Baumol \u00e0 RUEIL-MALMAISON  (92500)\nLE  PREFET  DES  HAUTS-DE-SEINE\nVu  la loi n\u00b0 2010-853  du  23 juillet 2010  relative aux r\u00e9seaux  consulaires, au commerce et \u00e0\nl'artisanatet aux  services  (article 31) ;\nVu  la loi n\u00b02018-1776  du 28  d\u00e9cembre  2015  relative \u00e0 l'adaptation de  la soci\u00e9t\u00e9 au\nviellissement ;\nVu  l'aricie 07231-1  du  Code du  travail;\nVu  les d\u00e9crets n\u00b0 2011-1132  et n\u00b0 2011-1133  du  20 septembre  2011  modifiant certaines:\ndispositions du Code  du  travail, relatives au ch\u00e8que  emplo-service  universel et aux\nservices  \u00e0 a  personne  ;\nVu  le d\u00e9cret n\u00b02016-750  du 6 juin 2016 relat \u00e0 la iste des activites de services \u00e0 la personne\n'soumises \u00e0 agr\u00e9ment ou \u00e0 autorisation dans  le cadre du r\u00e9gime  commun  de la d\u00e9claration ;\nVu  le d\u00e9cret du 31 octobre 2024  portant nomination  de Monsieur  Alexandre  BRUGERE,  en\n'qualit\u00e9 de  Pr\u00e9fet des  Hauts-de-Seine  ;\nVu  l'ar\u00e9t\u00e9 interminist\u00e9riel du 12 ao\u00fbt 2025  nommant  Monsieur  Fabrice MASI,  Directeur\nr\u00e9gional et interd\u00e9partementalde l'\u00e9conomie, de l'emploi, du travailet des solidart\u00e9s d'lle-\n'de-France \u00e0 compter du 25 ao\u00fbt  2025  ;\nVu  l'ar\u00eat\u00e9 pr\u00e9fectoral n\u00b02028-33  du  22  ao\u00fbt 2025  par lequel le Pr\u00e9fet des  Hauts-de-Seine\nd\u00e9l\u00e8gue  sa signature \u00e0 Monsieur  Fabrice MASI,  Directeur r\u00e9gional et interd\u00e9partemental\nde l'\u00e9conomie, de l'emploi, du travail et des solidarit\u00e9s d'\u00cele-de-France ;\nVu  la d\u00e9cision  n\u00b0 2025-187  du  25 ao\u00fbt 2025  portant  subd\u00e9l\u00e9gation  de  signature  de  Monsieur\nFabrice  MASI,  Directeur  r\u00e9gional  et interd\u00e9partemental  de  l'\u00e9conomie,  de  l'emploi, du\ntravail et des  solidarit\u00e9s d'le-de-France,  aux  agents  de  I Unit\u00e9  d\u00e9partementale  des  Hauts-\nde-Seine  ;\nVu  la d\u00e9claration d'activit\u00e9s de services \u00e0 la personne  d\u00e9pos\u00e9es  le 16 septembre  2025  au\nnom  de  la micro-entreprise Elsy WEHBE  7 Rue  Louise Baumel  \u00e0 RUEIL-MALMAISON\n(82500);\n\nApr\u00e8s examen  du dossier, cette demande  \u00e9tant conforme aux dispositions de FartcleL. 7232-1\n1 du  code  du  travail, le pr\u00e9sent  r\u00e9c\u00e9piss\u00e9  de  d\u00e9claration  d'activit\u00e9s de  services  \u00e0  la personne  a\n\u00eat\u00e9 enregistr\u00e9  au  nom  de  la micro-entreprise  Elsy  WEHBE  sous  le num\u00e9ro  SAP  981765837,\nLes  activit\u00e9s d\u00e9clar\u00e9es  sont les suivantes, \u00e0  l'exclusion de  toute  autre\n+ Soutien  scolaire  ou  cours  \u00e0  domicile\nPrestations  relevant du  b\u00e9n\u00e9fice  de  la r\u00e9duction  d'imp\u00f4t  pr\u00e9vue  \u00e0 l'article 199  sexdecies  du  Code\nG\u00e9n\u00e9ral  des  Imp\u00f4ts.\nLa  structure  exerce  cos  activit\u00e9s  selon  le  mode  suivant :  PRESTATAIRE\n'Sous  r\u00e9serve  d'\u00eatre exerc\u00e9es  \u00e0 ttre exclusif parle  d\u00e9clarant  (ou  sous  r\u00e9serve  d'une  comptabilit\u00e9\n's\u00e9par\u00e9e  pour  les  personnes  morales  dispens\u00e9es de la condition  d'activit\u00e9  exclusive),  ces  activit\u00e9s\n'ouvrent drot au b\u00e9n\u00e9fice  des  dispostions des  articles L. 7233-2  du  code  du traval et L. 241-10\ndu  code  de  la s\u00e9curt\u00e9  sociale.\n'Conform\u00e9ment  aux dispositions de l'aticie R7232-19 du code du travail l'organisme  d\u00e9ciar\u00e9  doit\nproduire au moins chaque  timestre un \u00e9tat d'activit\u00e9 et chaque  ann\u00e9e  un bilan quantitatif et\nquaitatf de l'actit\u00e9 exerc\u00e9e au tire de l'ann\u00e9e \u00e9coui\u00e9e ainsi qu'un tableau statistique annuel.\nSi l'organisme  d\u00e9clar\u00e9  comporte  plusieurs  \u00e9tablissements,  les \u00e9tats statistiques et le bilan annuel\ndistinguent  l'activit\u00e9 exerc\u00e9e  par  chaque  \u00e9tablissement.\nLe  pr\u00e9sent  r\u00e9c\u00e9piss\u00e9  prend  effet le 16  septembre  2025.\nL'enregistrement de la d\u00e9claration  pourra \u00eatre retir\u00e9 si l'organisme  d\u00e9clar\u00e9  cosse  de remplir\nles conditions  ou  de  respecter  les obligations  mentionn\u00e9es  aux  4\u00b0,5\u00b0 ot 6\u00b0 do  l'article\nR7232-17  ou  qui  m\u00e9conna\u00eet  les obligations  d\u00e9finies  \u00e0 l'article R7232-19  du  code  du  trava\ndevra, sous\npeine de  retrait de  la d\u00e9claration, faire l'objet dune  d\u00e9claration modificative aupr\u00e9s  de l'Unit\u00e9\nd\u00e9partementale  des  Hauts-de-Seine\nLe  pr\u00e9sent  r\u00e9c\u00e9piss\u00e9  sera publi\u00e9  au recueil des  actes  administratits de La pr\u00e9fecture  de\nde-Soine.\nFait \u00e0  Nanterre,  le 17 septembre  2025,\nHauts\nPour  le Pr\u00e9fet\nPar  d\u00e9l\u00e9gation  ot subd\u00e9l\u00e9gation\nLa  Responsable  du  servico\nD\u00e9veloppement  de  l'emploi  et des\nRLMariama | ibe\n\ninterd\u00e9partementale\nde  l'\u00e9conomie, de  l'emploi,\ndu  travail et des  solidarit\u00e9s\nEx\nMINIST\u00c8RE\nDU  TRAVAIL,  DE  LA  SANT\u00c9,\nDES  SOLIDARIT\u00c9S\nET  DES  FAMILLES\nEMA\nR\u00e9c\u00e9piss\u00e9  n\u00b02025-482  de  d\u00e9claration  d'activit\u00e9s de  services  \u00e0 la personne\n'enregistr\u00e9e sous  le n\u00b0 SAP941776619  au nom  de  la micro-entreprise IDRI MERIEM\n36  Rue  Dos  Callloux  \u00e0 CLICHY  (92110)\nLE  PREFET  DES  HAUTS-DE-SEINE\nVu  la loi n\u00b0 2010-853  du  23 juillet 2010  relative aux r\u00e9seaux  consulaires, au commerce et \u00e0\nl'artisanat et aux  services  (article 31)\nVu  la loi n\u00b02015-1776  du 28 d\u00e9cembre  2015  relative \u00e0 l'adaptation de  la soci\u00e9t\u00e9 au\nvieilissement ;\nVu  l'aricie 07231-1  du  Code du  travail\nVu  les d\u00e9crets n\u00b0 2011-1132  et n\u00b0 2011-1133  du  20 septembre  2011  modifiant certaines\ndispositions du Code  du travail, relatives au ch\u00e8que  emploi-service universel et aux\nservices  \u00e0 la personne\nVu  le d\u00e9cret \"2016-750  du 6 juin 2016  relat \u00e0 la iste des  activit\u00e9s de  services \u00e0 la personne\nsoumises \u00e0 agr\u00e9ment  ou  autorisation dans  le cadre du r\u00e9gime  commun  de la d\u00e9claration ;\nVu  le  d\u00e9cret du 31 octobre 2024 portant nomination de Monsieur  Alexandre  BRUGERE,  en\n'qualit\u00e9 de  Pr\u00e9fet des  Hauts-de-Seine  ;\nVu  l'ar\u00e9t\u00e9 interminist\u00e9riel du 12 ao\u00fbt 2025  nommant  Monsieur  Fabrice MASI,  Directeur\nr\u00e9gional et interd\u00e9partemental de  l'\u00e9conomie, de l'emploi du travail et des  solidarit\u00e9s d'le-\n'de-France  \u00e0  compter  du  25  ao\u00fbt  2025  ;\nVu  l'ar\u00e8t\u00e9  pr\u00e9fectoral n'2025-33  du  22  ao\u00fbt  2025  par  lequel le Pr\u00e9fet des  Hauts-de-Seine\nd\u00e9l\u00e8gue  sa signature \u00e0 Monsieur  Fabrice MASI, Directeur r\u00e9gional et interd\u00e9partemental\nde \u00e9conomie, de l'emploi du travail et des solidarit\u00e9s d'\u00cele-de-France ;\nVu  la d\u00e9cision n\u00b0 2025-187  du  25 ao\u00fbt 2025  portant subd\u00e9l\u00e9gation de  signature de  Monsieur\nFabrice MASI,  Directeur r\u00e9gional et interd\u00e9partemental de  l'\u00e9conomie, de  l'emploi. du\ntravail et des  solidarit\u00e9s d'Ile-de-France, aux  agents  de  I Unite d\u00e9partementale  des  Hauts-\nde-Seine\nVu  la d\u00e9claration d'actvi\u00e9s de services \u00e0 la personne  d\u00e9pos\u00e9es  le 1er ao\u00fbt 2025 au nom  de\nla micro-entreprise IDR! MERIEM  35 Rue  Des Cailoux \u00e0 CLICHY  (82110) ;\n\n'Apr\u00e8s examen  du dossier, cette demande  \u00e9tant conforme aux dispositions de l'article L. 7232\n1 du  code  du  traval  le pr\u00e9sent  r\u00e9c\u00e9piss\u00e9  de  d\u00e9claration  activit\u00e9s  de  services  \u00e0 la personne  a\n\"enregistr\u00e9 au  nom  de  la micro-entreprise  IDR! MERIEM  sous  le num\u00e9ro  SAP  941776619,\nLes  activit\u00e9s d\u00e9clar\u00e9es  sont  les suivantes,  \u00e0  l'exclusion de  toute  autre\n= Entrotien  de la maison  ot travaux  m\u00e9nagers  ;\n= Garde  d'enfants  de  plus  de  trois  ans  \u00e0  domicile\n\u00a9 Accompagnement  des  enfants  de  plus  de  trois  ans dans  leurs  d\u00e9placements  en\ndehors  de  leur domicile  (promenades,  transports,  actes  de  la vie  courante);\nPrestations  relevant du  b\u00e9n\u00e9fice  dela  r\u00e9duction  d'imp\u00f4t  pr\u00e9vue  \u00e0 Farticle 199  sexdecies  du  Code\nG\u00e9n\u00e9ral  des  Imp\u00f4ts.\nLa  structure  exerce  ces  activit\u00e9s  selon  le mode  suivant  : PRESTATAIRE\nSous  r\u00e9serve  d'\u00eatre exerc\u00e9es  \u00e0 tire exclusif par  le d\u00e9clarant  (ou  sous  r\u00e9serve  d'une  comptabilit\u00e9\n's\u00e9par\u00e9e  pour  es  personnes  morales  dispens\u00e9es  de la condition  d'activit\u00e9 exclusive), ces  activites\n'ouvrent droit au  b\u00e9n\u00e9fice  des  dispositions  des  articles L. 7233-2  du  code  du  travail et L  241-10\ndu  code  de  la s\u00e9curt\u00e9  sociale.\n'Conform\u00e9ment  aux dispositions de  l'article R7232-19  du  code  du  travail, Forganisme  d\u00e9ciar\u00e9  doit\nproduire au moins chaque trimestre un \u00e9tat d'activit\u00e9 et chaque  ann\u00e9e  un bilan quantitatif et\nqualtatf de Factivte exerc\u00e9e au tire de l'ann\u00e9e \u00e9coul\u00e9e ainsi qu'un tableau statistique annuel.\nSi l'organisme  d\u00e9clar\u00e9  comporte  plusieurs  \u00e9tablissements,  les \u00e9tats statistiques et le bilan annuel\ndistinguent  l'activit\u00e9 exerc\u00e9e  par  chaque  \u00e9tablissement.\nLo  pr\u00e9sent  r\u00e9c\u00e9piss\u00e9  prend  effet le ter  ao\u00fbt  2025.\nL'enrogistremont  de  la d\u00e9claration  pourra \u00eatre retir\u00e9 si l'organisme  d\u00e9clar\u00e9  cesse de remplir\nles conditions  ou  de  respecter  les obligations mentionn\u00e9es  aux  4\u00b0,5\u00b0 et 6\u00b0 de  l'article\n7232.17  ou  qui m\u00e9connalt  les obligations d\u00e9finies \u00e0 l'article R7232-19  du  code  du  travail.\n'Toute modification concernant la structure d\u00e9clar\u00e9e ou les activit\u00e9s exerc\u00e9es devra, sous\npeine de  retrait de  la d\u00e9claration, faire l'objet dune  d\u00e9claration modiicative aupr\u00e9s  de l'Unit\u00e9\nd\u00e9partementale  des  Hauts-de-Seine\nLe  pr\u00e9sent  r\u00e9c\u00e9piss\u00e9  sera  publ\u00e9  au  recueil des  actes  administratifs de  la pr\u00e9fecture  des  Hauts-\nde-Seine,\nFait \u00e0 Nanterre, le 17 septembre  2025.\nPour  le Pr\u00e9fet\nPar  d\u00e9l\u00e9gation  et subd\u00e9l\u00e9gation\nLa  Responsable  du  service\nD\u00e9veloppement  de  l'emploi  et des\nTS\nma  CONDE\n\nEE  Direction r\u00e9gionale et interd\u00e9partementale\nMINISTERE de l'\u00e9conomie, de l'emploi,\nDU  TRAVAIL,  DE  LA  SANT\u00c9,\nDES  SOLIDARIT\u00c9S\nET  DES  FAMILLES\nA\nR\u00e9c\u00e9piss\u00e9  n\u00b02025-483  de  d\u00e9claration d'activit\u00e9s de  services  \u00e0 la personne\nenregistr\u00e9e  sous  le n\u00b0 SAP991501644 au nom  de la micro-entreprise  Lisa\nBERNARDO  20 Rue  Pierre Valette \u00e0 MALAKOFF  (92240)\nLE  PREFET  DES  HAUTS-DE-SEINE\nVu  la loi n\u00b0 2010-883  du 23  juil  2010  relative aux r\u00e9seaux  consulaires, au commerce et \u00e0\nFartisanat et  aux  services (article 31)\nVu  la loi n\u00b02018-1778  du  28 d\u00e9cembre  2015  relative \u00e0 l'adaptation de  la soci\u00e9t\u00e9 au\nviellissement ;\nVu  l'aricie 07231-1  du  Code  du  travail;\nVu  les d\u00e9crets n\u00b0 2011-1132  et n\u00b0 2011-1133  du  20  septembre  2011 modifiant cartaines\ndispositions du Code  du traval, relatives au ch\u00e8que  emplo-service  universel et aux\nservices \u00e0 la personne  ;\n'Vu le  d\u00e9cret \"2016-750  du 6 jun 2016 relat la  iste des activit\u00e9s de services \u00e0 la personne\nsoumises \u00e0 agr\u00e9ment  ou \u00e0 autorisationdans le cadre du r\u00e9gime  commun de ia d\u00e9claration\nVu  le d\u00e9cret du 31 octobre 2024  portant nomination de Monsieur  Alexandre  BRUGERE,  en\nqualt\u00e9 de Pr\u00e9fet des Hauts-de-Seine ;\nVu  Farr\u00e9t\u00e9 interminist\u00e9riel du 12 ao\u00fbt 2025  nommant  Monsieur  Fabrice MASI, Directeur\nr\u00e9gional et interd\u00e9partemental de l'\u00e9conomie, de l'emploi, du travailet des solidarit\u00e9s dle\nde-France \u00e0 compter  du 25 ao\u00fbt 2025 ;\nVu  l'ar\u00eat\u00e9 pr\u00e9fectoral n\u00b02025-33  du 22 ao\u00fbt 2025  par lequel le Pr\u00e9fet des  Hauts-de-Seine\nd\u00e9l\u00e8gue  sa signature \u00e0 Monsieur  Fabrice MASI, Directeur r\u00e9gional et iterd\u00e9partemental\n'de l'\u00e9conomie, de l'emploi, du travailet des solidarit\u00e9s dle-de-France\nVu  la d\u00e9cision n\u00b0 2025-187  du  25  ao\u00fbt 2025  portant subd\u00e9l\u00e9gation de  signature de Monsieur\nFabrice MASI,  Directeur r\u00e9gional et interd\u00e9partemental de  l'\u00e9conomie. de l'emploi, du\ntravail et des  solidart\u00e9s dle-de-France,  aux  agents de  l'Unit\u00e9 d\u00e9partementale  des  Hauts-\ndeSeine  ;\nVu  la d\u00e9claration dactivit\u00e9s de services \u00e0 la personne  d\u00e9pos\u00e9es  le 16 septembre  2025  au\nnom  de la micro-entreprise Lisa BERNARDO  20 Rue  Pierre Valette \u00e0 MALAKOFF\n82240):\n\n1 du code du travail, le pr\u00e9sent r\u00e9c\u00e9piss\u00e9de d\u00e9claration d'activit\u00e9s de services \u00e0 la personne a\n\u00e9t\u00e9 enregistr\u00e9 au nom  de la micro-entreprise Lisa BERNARDO  sous  le num\u00e9ro  SAP  991501644,\nLes  activit\u00e9s d\u00e9clar\u00e9es  sont les  suivantes, \u00e0 l'exclusion de toute  autre\n= Soutien  scolaire  ou  cours  \u00e0  domicile ;\nPrestations relevant du b\u00e9n\u00e9fice de la r\u00e9duction d'imp\u00f4t pr\u00e9vue  \u00e0 l'article 199  sexdecies  du Code\n'G\u00e9n\u00e9ral  des  Imp\u00f4ts.\nLa  structure  exerce  ces  activit\u00e9s  selon  le mode  suivant  : PRESTATAIRE\nSous  r\u00e9serve  d'\u00e9tre exerc\u00e9es  \u00e0 titre exclusf  parle  d\u00e9clarant  (ou  sous  r\u00e9serve  d'une  comptabilt\u00e9\ns\u00e9par\u00e9e  pour  les personnes  morales  dispens\u00e9es  de  la condition  dactivit\u00e9  exclusive), ces activit\u00e9s\n'ouvrent droit au b\u00e9n\u00e9fice des  dispostions des articles L. 7233-2  du code du travailet L. 241-10\ndu  code  de  ia s\u00e9curt\u00e9  sociale.\n(Conform\u00e9ment  aux dispositions de l'article R7232-19  du code du travail l'organisme d\u00e9clar\u00e9 doit\nproduire au  moins chaque  trimestre un \u00e9tat d'activit\u00e9 et chaque  ann\u00e9e un bilan quanta  et\nualtaif  de  Factivie exerc\u00e9e  au  tire de  l'ann\u00e9e  \u00e9coul\u00e9e  ainsi qu'un  tableau  statistique annuel.\nSi organisme  d\u00e9clar\u00e9 comporte  plusieurs \u00e9tablissements, les \u00e9tats statistiques et le bilan annuel\ndistinguent  Factvit\u00e9 exerc\u00e9e  par  chaque  \u00e9tablissement\nLe pr\u00e9sent r\u00e9c\u00e9piss\u00e9  prend effet le 16 septembre  2024\n'onrogistroment de la d\u00e9claration pourra \u00eatre retir\u00e9 si l'organisme  d\u00e9clar\u00e9 cesse de remplir\nles conditions  ou  de  respecter  les obligations mentionn\u00e9es  aux  4\u00b0,\"  at 6\u00b0 de l'article\n7232-17 ou  qui m\u00e9connait  les obligations d\u00e9finies\u00e0 article R7232-19 du  code du travail,\npaie  de retrat dela  cecaration, fare Tobjet une d\u00e9caraion  modifcatve  aupr\u00e9s de FUnt\u00ae\nd\u00e9partementale  des  Hauts-de-Seine.\nLe pr\u00e9sent  r\u00e9c\u00e9piss\u00e9  sera publi\u00e9  au recuell des  actes  adminstratts  de Ia pr\u00e9fecture  de\nde-Seine.\nHauts-\nFait a Nanterre,  le 22  septembre  2025,\nPour  lo Pr\u00e9fet\nPar  d\u00e9l\u00e9gation  ot subd\u00e9l\u00e9gation\nLa  Responsable  du  service\nD\u00e9veloppement  de  l'emplol  et des\ncomp\u00e9tences\nexe\nMariama ee\n\nEx  Direction r\u00e9gionale et interd\u00e9partementale\nde  l'\u00e9conomie,  de l'emploi,\nBUTERA, DE LA SANT\u00c9, du travailat des solidartes\nDES  SOLIDARIT\u00c9S\nET  DES  FAMILLES\n=\nR\u00e9c\u00e9piss\u00e9  n\u00b02025-484  de  d\u00e9claration  d'activit\u00e9s de  services \u00e0 la personne\nenregistr\u00e9e  sous  le n\u00b0 SAP934029034  au  nom  de  la micro-entreprise CLEMENT\n'SUAREZ  FERREIRA  190  Boulevard  Bineau \u00e0 NEUILLY-SUR-SEINE  (92200)\nLE  PREFET  DES  HAUTS-DE-SEINE\n'Vu la loi n\u00b0 2010-853  du  23  juilet 2010  relative aux  r\u00e9seaux  consulaires, au  commerce  et \u00e0\nl'artisanat et aux  services (article 31) ;\nVu  la loi n\u00b02015-1778  du  28  d\u00e9cembre  2015  relative \u00e0 adaptation  de la soci\u00e9t\u00e9 au\nvellissement\nVu  l'aricie D7231-1  du  Code  du  travail\nVu  les d\u00e9crets n\u00b0 2011-1132 et n\u00b0 2011-1133  du 20 septembre 2011 modifiant certaines\ndispositions du Code  du  travail, relatives au ch\u00e8que  emploi-service universel et aux\nservices  \u00e0 la personne  ;\nVu  le d\u00e9cret n\u00b02016:750 du 6 juin 2016 relatif\u00e0 la liste des activit\u00e9sde services \u00e0 la personne\nsoumises \u00e0 agr\u00e9ment  ou \u00e0 autorisation dans le cadre du r\u00e9gime  commun de a d\u00e9claration ;\nVu  le  d\u00e9cret du 31 octobre 2024  portant nomination  de  Monsieur  Alexandre  BRUGERE,  en\n'qualit\u00e9 de Pr\u00e9fet des Hauts-de-Seine\nVu  l'arr\u00eat\u00e9 interminist\u00e9riel du 12 ao\u00fbt 2025  nommant  Monsieur Fabrice MASI, Directeur\nr\u00e9gional et nterd\u00e9partementa de l'\u00e9conomie, de l'emploi du travail et des solidarit\u00e9s dle-\nde-France  \u00e0  compter  du  25  ao\u00fbt  2025  ;\nVu  l'arr\u00eat\u00e9 pr\u00e9fectoral n\u00b02025-33  du 22 ao\u00fbt 2025  par lequel le Pr\u00e9fet des  Hauts-de-Seine\nd\u00e9l\u00e8gue  sa signature \u00e0 Monsieur  Fabrice MASI, Directeur r\u00e9gional et interd\u00e9partemental\nde  l'\u00e9conomie, de l'emploi, du travail et des solidates d'le-de-France ;\nVu  la d\u00e9cision n\u00b0 2025-187  du  25  ao\u00fbt 2025  portant subd\u00e9l\u00e9gation de  signature de Monsieur\nFabrice MASI,  Directeur r\u00e9gional et interd\u00e9partemental de  l'\u00e9conomie, de l'emploi, du\ntraval et des  soidart\u00e9s  dle-de-France,  aux  agents de  l'Unit\u00e9 d\u00e9partementale  des  Hauts-\nde-Seine  ;\nVu  la d\u00e9claration d'actvit\u00e9s de services  \u00e0 la personne  d\u00e9pos\u00e9es  le 25 ao\u00fbt  2025  au nom  de\nla micro-entreprise CLEMENT  SUAREZ  FERREIRA  190  Boulevard  Bineau  \u00e0 NEUILLY-\nSUR-SEINE  (92200):\n\n'Apr\u00e8s examen  du dossier, cette demande  \u00e9tant conforme aux dispositions de Fartcle L. 7232-1-\n1 du code du traval, le pr\u00e9sent r\u00e9c\u00e9piss\u00e9de d\u00e9ciaration d activit\u00e9s de services \u00e0 la personne a\n\u00e9t\u00e9 enregistr\u00e9 au nom  de la micro-entreprise CLEMENT  SUAREZ  FERREIRA  sous le num\u00e9ro\nSAP  934029034,\nLes actvit\u00e9s d\u00e9ciar\u00e9es sont les suivantes, \u00e0 l'exclusion de toute autre\n= Soutien  scolaire  ou  cours  \u00e0  domicile;\nPrestations relevant du b\u00e9n\u00e9fice de la r\u00e9duction d'imp\u00f4t pr\u00e9vue \u00e0 l'article 199 sexdecies du Code\nG\u00e9n\u00e9ral  des  Impbts.\nLa structure exerce ces activit\u00e9s selon le mode suivant: PRESTATAIRE\nSous  r\u00e9serve d'\u00eatre exerc\u00e9es \u00e0 tre  exclus  parle d\u00e9clarant (ou sous r\u00e9serve d'une comptabilit\u00e9\ns\u00e9par\u00e9e pour les personnes morales dispens\u00e9es de a  condition dactit\u00e9 exclusive), ces activites\nouvrent droit au b\u00e9n\u00e9fice des dispositionsdes articles L. 7233-2 du code du traval et L 241-10\ndu  code  de  la s\u00e9curit\u00e9 sociale,\n{Conform\u00e9ment aux dispositions de l'article R7232-19  du code du travail, l'organisme d\u00e9clar\u00e9 dot\nproduire au moins chaque trimestre un \u00e9tat dactivit\u00e9 et chaque ann\u00e9e un bilan quantitatif et\nquaitatfde activit\u00e9 exerc\u00e9e au tire de l'ann\u00e9e \u00e9coul\u00e9e ainsi qu'un tableau statistique annuel.\nSi l'organisme d\u00e9clar\u00e9 comport  plusieurs \u00e9tablissements, les \u00e9tats statistiques et le bilan annuel\ndistinguent  l'activit\u00e9 exerc\u00e9e  par  chaque  \u00e9tablissement\nLe  pr\u00e9sent  r\u00e9c\u00e9piss\u00e9  prend effet le 25 ao\u00fbt  2026.\nL'enregistrement de la d\u00e9claration pourra \u00eatre retir\u00e9 si l'organisme d\u00e9clar\u00e9 cesse  de remplir\nles conditions ou de respecter les obligations mentionn\u00e9es  aux 4\u00b0, at 6\u00b0 de l'article\n7232.47 ou  qui m\u00e9connait les obligations d\u00e9finies\u00e0 l'article R7232-19 du code du travail,\noute mo d\u00e9clar\u00e9eou les activit\u00e9s exerc\u00e9es devra, sous\nppoine de retrait de la d\u00e9claration, faire l'objet d'une d\u00e9claration modificative aupr\u00e9s de FUrit\u00e9\n'd\u00e9partementale des  Hauts-de-Seine.\nLe  pr\u00e9sent r\u00e9c\u00e9piss\u00e9 sera publi\u00e9 au recuell des actes administratifs de la pr\u00e9fecture des Hauts-\nde-Seine.\nFait Nanterre,  le 22  septembre  2025.\nPour  le Pr\u00e9fet\nPar d\u00e9l\u00e9gation ot subd\u00e9l\u00e9gation\nLa  Responsable  du  service\nD\u00e9veloppement  de  l'emploi  et des.\ncomp\u00e9tences\nak\nMariama  CONDE\n\nEx  Direction r\u00e9gionale et interd\u00e9partementale\nMINIST\u00c8RE 'de l'\u00e9conomie, de l'emploi,\nDU  TRAVAIL,  DE  LA  SANT\u00c9,  du travail et des solidarit\u00e9s\nDES  SOLIDARIT\u00c9S\nET  DES  FAMILLES\nA\nR\u00e9c\u00e9piss\u00e9  n\u00b02025-485  de  d\u00e9claration d'activit\u00e9s de  services  \u00e0 la personne\nenregistr\u00e9e  sous  le n\u00b0 SAP990361404 au  nom  de  la SAS  SAVIE'M  9 bis Rue\n'Casimir  Pinel \u00e0 NEUILLY-SUR-SEINE  (92200)\nLE  PREFET  DES  HAUTS-DE-SEINE\nVu  la loi n\u00b0 2010-853 du 23 jullet 2010 relative aux r\u00e9seaux consulaires, au commerce  et \u00e0\nl'artisanat et aux services (article 31);\nVu  la loi n\u00b02015-1776 du 28 d\u00e9cembre  2015 relative \u00e0 l'adaptation de la soci\u00e9t\u00e9 au\nveilissement\nVu  l'article D7231-1  du  Code du travail\nVu  les d\u00e9crets n\u00b0 2011-1132 et n\u00b0 2011-1133  du 20 septembre 2011 modifiant certaines\ndispositions du Code  du traval, relatives au ch\u00e8que emplo-service universel et aux\nservices \u00e0 la personne  ;\nVu  le d\u00e9cretn\u00b02016:750  du 6 juin 2016  relatif \u00e0 la liste des  activitesde services \u00e0 la personne\nsoumises \u00e0 agr\u00e9ment  ou \u00e0 autorisation dans  le cadre du r\u00e9gime commun  de a d\u00e9claration ;\nVu  le d\u00e9cret du 31 octobre 2024 portant nomination de Monsieur Alexandre BRUGERE,  en\nQualit\u00e9de Pr\u00e9fet des Hauts-de-Seine  ;\nVu  l'ar\u00e8t\u00e9 interminist\u00e9riel du 12 ao\u00fbt 2025 nommant  Monsieur Fabrice MASI, Directeur\nr\u00e9gional  et interd\u00e9partementalde l'\u00e9conomie, de l'emploi, du travail et des solidarit\u00e9sdl\nde-France  \u00e0 compter  du  25  ao\u00fbt  2025 ;\nVu  l'arr\u00eat\u00e9 pr\u00e9fectoral n\u00b02028-33 du 22 ao\u00fbt 2025 par lequel le Pr\u00e9fet des Hauts-de-Seine\nd\u00e9l\u00e8gue  sa signature \u00e0 Monsieur  Fabrice MASI,  Directeur r\u00e9gional etinterd\u00e9partemental\nde l'\u00e9conomie, de l'emploi, du travail et des solidartes d'\u00cele-de-France;\nVu  la d\u00e9cision n\u00b0 2025-187 du 25 ao\u00fbt 2025 portant subd\u00e9l\u00e9gation de signature de Monsieur\nFabrice MASI,  Directeur r\u00e9gional et interd\u00e9partemental de  l'\u00e9conomie, de  l'emploi, du\ntravail et des  solidant\u00e9s d'le-de-France, aux  agents  de  [Unit\u00e9 d\u00e9partementale  des Hauts-\nde-Seine\nVu  la d\u00e9claration d'acthit\u00e9s de services \u00e0 la personne d\u00e9pos\u00e9es  le 03 septembre 2025 au\nnom  de la SAS  SAVIE'M  9 bis Rue  Casimir Pinel \u00e0 NEUILLY-SUR-SEINE  (82200) ;\n\nApr\u00e8s  examen  du dossier, cette demande  \u00e9tant conforme  aux  dispositions de  l'aile  L. 7282-1-\n1 du  code du  travail, le pr\u00e9sent  r\u00e9c\u00e9piss\u00e9  de  d\u00e9claration  d'activit\u00e9s de  services  \u00e0 la personne  a\nte  enregistr\u00e9 au nom  de la SAS  SAVIE'M  sous le num\u00e9ro  SAP  990361404.\nLes  activites d\u00e9clar\u00e9es  sont  les suivantes, \u00e0 exclusion  de  toute autre\nEntretien  de  la maison  et travaux  m\u00e9nagers  ;\nPetits travaux  de jardinage, y compris  les travaux  de  d\u00e9broussaillage  ;\n~ Travaux  de  petit  bricolage  dits  \u00ab  homme  toutes  mains  \u00bb  ;\n= Soins  d'esth\u00e9tiques  \u00e0 domicile  pour  les personnes  d\u00e9pendantes  ;\nPr\u00e9paration  de  repas  &  domicile,  y compris  le temps  pass\u00e9  aux  courses  ;\n= Livraison  de  repas  \u00e0  domicile  ;\n= Gollecte et livraison \u00e0 domicile  de  linge repass\u00e9  ;\nLivraison de  courses  \u00e0  domicile ;\nAssistance  informatique  domicile;\nSoins  et promenades  d'animaux de  compagnie,  \u00e0 l'exception des  soins\nv\u00e9t\u00e9rinaires ot du  tollettage, pour  les personnes  d\u00e9pendantes\naintenance,  entretion et vigilance tomporaires,  \u00e0 domicile, de  la r\u00e9sidence\nprincipale  et  secondaire\n= Assistance  administrative  \u00e0 domicile\n\u00a9 T\u00e9l\u00e9assistance  ot  visio-assistance\n< Prestation de conduite  du  v\u00e9hicule  personnel  des  personnes  temporairement\nd\u00e9pendantes  autres que  personnes  \u00e2g\u00e9es,  handicap\u00e9es  ou  atteintes de  pathologies\nchroniques,  du  domicile  au  travail, sur  le lieu de  vacances,  pour  les d\u00e9marches\nadministratives  ;\nAccompagnement  des  personnes  temporairement  d\u00e9pendantes  autres que\npersonnes  \u00e2g\u00e9es,  handicap\u00e9es  ou  atteintes de  pathologies  chroniques,  dans leurs\nd\u00e9placements en dehors de leur domicile (promenades, aide \u00e0 la mobilit\u00e9 ot au\ntransport,  actes  de  la vie  courante)  ;\nAssistance  aux  personnes  autres que  personnes  \u00e2g\u00e9es,  handicap\u00e9es  ou  attointos\ndo  pathologies  chroniques  qui ont besoin  temporairement  d'une aide personnelle  \u00e0\nleur domicile, \u00e0  l'exclusion des  soins  relevant  d'actes  m\u00e9dicaux\nCoordination  et d\u00e9livrance  des  services  \u00e0 la personne  ;\nPrestations relevant du  b\u00e9n\u00e9fice dela  r\u00e9duction d'imp\u00f4t pr\u00e9vue  \u00e0 l'article 199 sexdecies  du Code\nG\u00e9n\u00e9ral  des  impets\nLa  structure exerce  ces  activit\u00e9s selon  le mode  suivant : PRESTATAIRE\nSous  r\u00e9serve d'\u00eatre exerc\u00e9es  \u00e0 tre  exclus  par le d\u00e9clarant (ou sous  r\u00e9serve d'une comptabilit\u00e9\ns\u00e9par\u00e9e  pour les personnes  morales  dispens\u00e9es de la condition d'actwit\u00e9 exclusive), ces activit\u00e9s\nouvrent drot au b\u00e9n\u00e9fice des dispositionsdes artcies L. 7233-2  du code  du traval et L. 241-10\ndu  code  de  la s\u00e9curit\u00e9 sociale.\n{Conform\u00e9ment  aux  dispositions de l'article R7232-19 du code  du travail, l'organisme d\u00e9clar\u00e9 doit\nproduire au moins chaque trimestre un \u00e9tat activit\u00e9 et chaque ann\u00e9e  un bilan quanttati et\nqualitatif de  l'activit\u00e9 exerc\u00e9e  au tire de  l'ann\u00e9e \u00e9coul\u00e9e  ainsi qu'un tableau statistique annuel.\nSi organisme  d\u00e9clar\u00e9 comport  plusieurs \u00e9tablissements, les \u00e9tats statistiques et ls bilan annuel\ndistinguent  l'activit\u00e9 exerc\u00e9e  par  chaque  \u00e9tablissement,\nLe  pr\u00e9sent  r\u00e9c\u00e9piss\u00e9  prend  effet le 03  septembre  2026.\nL'enregistrement de Ia d\u00e9claration pourra  \u00eatre retir\u00e9si l'organisme  d\u00e9clar\u00e9 cosse  de remplir\nles conditions  ou  de  respecter  les obligations mentionn\u00e9es  aux  4\u00b0,5\u00b0 et 6\u00b0 de  l'artclo\nR7232-17  ou  qui m\u00e9connait  les obligations d\u00e9finies \u00e0 article R7232-19 du  code  du  travail.\n\npeine de retrait dela  d\u00e9claration, fare Tobjet d'une d\u00e9claration modiicative aupr\u00e9s  de  Units\nd\u00e9partementale  des  Hauts-de-Seine.\nLe pr\u00e9sent r\u00e9c\u00e9piss\u00e9 sera publi\u00e9 au recuell des  actes administraifsde la pr\u00e9fecture des  Hauts-\nde-Seine.\nFait \u00e0 Nanterre, le 22  septembre  2025\nPour  le Pr\u00e9fet\nPar  d\u00e9l\u00e9gation  ot subd\u00e9l\u00e9gation\nLa  Responsable  du  service\nD\u00e9veloppement  de l'emploi et des\ncomp\u00e9tences  /)\nMariama  CONDE\n\nLE  Direction r\u00e9gionale et interd\u00e9partementale\nMINIST\u00c8RE  de l'\u00e9conomie, de l'emploi,\nDU  TRAVAIL,  DE  LA SANT\u00c9,  du travail et des solidarit\u00e9s\nDES  SOLIDARIT\u00c9S\nET  DES  FAMILLES\nA\nR\u00e9c\u00e9piss\u00e9  n\u00b02025-486  de  d\u00e9claration  d'activit\u00e9s  de  services  \u00e0 la personne\nenregistr\u00e9e  sous  le n\u00b0 SAP923394167  au  nom  de la micro-entreprise  TRAORE\nDIOGO  71 Rue  de Fontenay  \u00e0 CLAMART  (92140)\nLE  PREFET  DES  HAUTS-DE-SEINE\nVu  la loi n\u00b0 2010-863 du  23  jullet 2010  relative aux  r\u00e9seaux  consulaires, au  commerce  et \u00e0\nl'artisanat et aux  services  (article 31);\nVu  la loi n\u00b02015-1776  du  28  d\u00e9cembre  2015  relative \u00e0 l'adaptation de  la soci\u00e9t\u00e9  au\nvieilissement ;\nVu  l'aricie 07231-1  du  Code  du travail;\nVu  les d\u00e9crets  n\u00b0 2011-1132  et n\u00b0 2011-1133  du  20  septembre  2011  modifiant  certaines.\ndispositions du  Code  du  travail, relatives au  ch\u00e8que  emploi-service  universel et aux\nservices \u00e0 la  personne\nVu  le d\u00e9cret  n\u00b02016-750  du 6 juin 2016 relat  \u00e0 la iste des activites de services \u00e0 la personne\nsoumises  \u00e0 agr\u00e9ment  ou \u00e0 autorisation dans  le cadre  du  r\u00e9gime  commun dela d\u00e9claration ;\nVu  le d\u00e9cret  du  31 octobre  2024  portant nomination  de  Monsieur  Alexandre  BRUGERE,  en\n'qualit\u00e9 de  Pr\u00e9fet des  Hauts-de-Seine\nVu  l'\u00e9t\u00e9  interminist\u00e9riel du  12  ao\u00fbt  2025  nommant  Monsieur  Fabrice  MASI,  Directeur\nr\u00e9gional et nterd\u00e9partementa  de  l'\u00e9conomie,  de  l'emploi du  traval et des  solidarit\u00e9s d'le-\nde-France \u00e0 compter  du  25  ao\u00fbt  2025\nVu  l'ar\u00e8t\u00e9 pr\u00e9fectoral n\u00b02025-33  du 22 ao\u00fbt 2025  par lequel le Pr\u00e9fet des  Hauts-de-Seine\nd\u00e9l\u00e8gue  sa  signature  \u00e0 Monsieur  Fabrice  MASI,  Directeur  r\u00e9gional et interd\u00e9partemental\nde l'\u00e9conomie, de l'emploi, du traval et des solidart\u00e9s d'le-de-France;\n'Vu la d\u00e9cision  n\u00b0 2025-157  du  25  ao\u00fb  2025  portant  subd\u00e9l\u00e9gation  de  signature  de  Monsieur\nFabrice  MASI,  Directeur  r\u00e9gional et interd\u00e9partemental  de  l'\u00e9conomie,  de  l'emploi, du\ntravail et des  soldari\u00e9s d'le-de-France, aux  agents  de Unit\u00e9 d\u00e9partementale  des  Hauts-\nde-Seine  ;\nVu  la d\u00e9claration  dactvites  de  services  \u00e0 la personne  d\u00e9pos\u00e9es  le 17 septembre  2025  au\nnom  de  la micro-entreprise  TRAORE  DIOGO  71 Rue  de  Fontenay  \u00e0 CLAMART  (92140)\n\nApr\u00e8s  examen  du dossier, cette demande  \u00e9tant conforme  aux dispositions de Farce L. 7232-1-\n1 du  code  du  traval, le pr\u00e9sent  r\u00e9c\u00e9piss\u00e9  de d\u00e9ciaraion  d'activit\u00e9s de  services  \u00e0 la personne  a\n\u00e9t\u00e9 enregistr\u00e9 au nom  de  la micro-entreprise TRAORE  DIOGO  sous  le num\u00e9ro  SAP  923394167.\nLes  activites d\u00e9clar\u00e9es  sont les suivantes,  \u00e0 l'exclusion de toute  autre\n= Entretien  de  la maison  et travaux  m\u00e9nagers  ;\n= Petits  travaux  dejardinage,  y  compris  les  travaux  de  d\u00e9broussaillage  ;\n= Travaux de  petit  bricolage  dits \u00ab  homme  toutes  mains\nGarde  d'enfants  de  plus  de trois ans  \u00e0  domicile  ;\nGollecte et ivraison  \u00e0  domicile de  tinge  repass\u00e9 ;\nLivraison de  courses  \u00e0 domicile\nAssistance  Informatique \u00e0  domicile\nSoins  et promenades  d'animaux de compagnie,  \u00e0 l'exception  des  soins\nv\u00e9t\u00e9rinaires  et du  tollettage, pour  ls  personnes  d\u00e9pendantes.\nMaintenance,  enration  ot viglance  temporaires, \u00e0 domicile, de  a r\u00e9sidence\nprincipale ot secondaire\nAccompagnement  des  enfants  de  plus  de  trols\ndehors  de  leur  domicile  (promenades,  transports,\n= Assistance  administrative \u00e0 domicile;\n= Prestation de conduits  du  v\u00e9hicule  personnel  des  personnes  temporairement\nd\u00e9pondantes  autres  que  personnes  \u00e2g\u00e9es,  handicap\u00e9es  ou  atteintes de pathologies\n\u00e9hroniques,  du  domicile  au  traval,  sur  le lou  de  vacances,  pour  les d\u00e9marches\nadministratives ;\n= Accompagnement  des  personnes  tomporairement  d\u00e9pendantes  autres  que\npersonnes  \u00e2g\u00e9es, handicap\u00e9es  ou  atteintes de  pathologies  chroniques,  dans leurs\nd\u00e9placements  en dohors do leur domiclle (promenades,  aide \u00e0 la mobilit\u00e9 et au\ntransport, actes de la vie courante);\n= Assistance  aux  personnes  autres  que  personnes  Ag\u00e9es,  handicap\u00e9es  ou  atointes\nde  pathologies  chroniques  qui ont  besoin  temporairement  d'une alde personnal\nleur domicile,  \u00e0 l'exclusion des  soins relevant  d'actos  m\u00e9dicaux ;\n+ Coordination  et d\u00e9livrance  des  services \u00e0  la  personne ;\ndans  leurs  d\u00e9placements  en\nctes  de  la vie courante);\nPrestations  relevant du  b\u00e9n\u00e9fice  de  la r\u00e9duction  d'imp\u00f4t  pr\u00e9vue  \u00e0 article 198  sexdecies  du  Code\nG\u00e9n\u00e9ral  des  Imp\u00e9ts.\nLa  structure  exerce  cos  activit\u00e9s  selon  le mode  suivant :  PRESTATAIRE\nSous  r\u00e9serve  d'\u00eatre exerc\u00e9es  \u00e0 tire exclus  parle  d\u00e9clarant  (ou sous  r\u00e9serve  d'une  comptabilit\u00e9\n's\u00e9par\u00e9e pour les personnes  morales  dispens\u00e9es de a  condition d'activit\u00e9 exclusive) ces activit\u00e9s\n'ouvrent droit au b\u00e9n\u00e9fice des  dispostions des  articles L. 7233-2  du  code  du travai et L. 241-10\ndu  code  de  la s\u00e9curit\u00e9  sociale.\nConform\u00e9ment  aux dispositions de  article R7232-19  du code  du  travail l'organisme d\u00e9clar\u00e9 dot\nproduire  au  moins  chaque  trimestre un  \u00e9tat d'actvi\u00e9  et chaque  ann\u00e9e  un  bilan quanitatf  et\nqualtatf de l'activit\u00e9 exerc\u00e9e au tire de l'ann\u00e9e \u00e9coul\u00e9e ainsi qu'un tableau statistique annuel.\nSi l'organisme  d\u00e9clar\u00e9  comporte  plusieurs  \u00e9tablissements  les \u00e9tats statistiques et le bilan annuel\ndistinguent  Factivt\u00e9 exerc\u00e9e  par  chaque  \u00e9tablissement.\nLe  pr\u00e9sent  r\u00e9c\u00e9piss\u00e9  prend  effet le 17  septembre  2025.\nL'enregistrement  de  la d\u00e9claration  pourra \u00eatre retir\u00e9 si l'organisme  d\u00e9clar\u00e9  cesse  de  remplir\nles conditions  ou  de  respecter  les obligations mentionn\u00e9es  aux  4\u00b0,5\u00b0 et 6\u00b0 de  l'article\n72327  ou  qui  m\u00e9connait  les obligations  d\u00e9finies  \u00e0 l'article R7232-19 du  code  du  travail.\n\npeine de etai  de a  declaration, fare l'objet dune  d\u00e9claration modiicalwe  aupr\u00e9s  de  (Unt\nd\u00e9partementale  des  Hauts-de-Seine.\nLe pr\u00e9sent  r\u00e9c\u00e9piss\u00e9 sera publi\u00e9 au recuell des  actes administratfs de  la pr\u00e9fecture des  Hauts-\nde-Seine.\nFait \u00e0 Nanterre,  le 22  septembre  2025.\nPour  le Pr\u00e9fet\nr d\u00e9l\u00e9gation  et subd\u00e9l\u00e9gation\nResponsable  du\nD\u00e9veloppement  de  l'emploi  et des\ncomp\u00e9tences\n\nEn  Direction r\u00e9gionale  et interd\u00e9partementale\nMINISTERE de l'\u00e9conomie, de l'emploi,\nDU  TRAVAIL,  DE  LA SANT\u00c9,  du travail et des solidarit\u00e9s\nDES  SOLIDARIT\u00c9S\nET  DES  FAMILLES\nM\nR\u00e9c\u00e9piss\u00e9  n\u00b02025-487  de  d\u00e9claration d'activit\u00e9s de  services  \u00e0 la personne\nenregistr\u00e9e  sous  le n\u00b0 SAP991414970  au nom  de  la micro-entreprise  Sol\u00e8ne  DU\n'CHALARD  DE  TAVEAU  18 Bis Rue  Barb\u00e9s \u00e0 COURBE  VOIE  (92400)\nLE  PREFET  DES  HAUTS-DE-SEINE\nVu  la lo n\u00b0 2010-853  du 23  juillet 2010  relative aux  r\u00e9seaux  consulaires, au  commerce  et \u00e0\nl'artisanatet aux services (article 31);\nVu  la loi n\u00b020151776  du  28 d\u00e9cembre  2015  relate  \u00e0 l'adaptation de  la soci\u00e9t\u00e9 au\nvellissement\nVu  l'aricle 07231-1 du Code  du travail;\nVu  les d\u00e9crets n\u00b0 2011-1132  et n\u00b0 2011-1133  du  20  septembre  2011 modifiant certaines\ndispositions du Code  du travail, relatives au ch\u00e8que  emploi-service universel et aux\nservices  \u00e0 la personne\nVu  le d\u00e9cret n\u00b02016-750 du 6 juin 2016 relat \u00e0 la iste des activit\u00e9sde services\u00e0 la personne\nsoumises  \u00e0 agr\u00e9ment ou \u00e0 autorisation dans  le cadre du  r\u00e9gime  commun de a  d\u00e9claration\nVu  le d\u00e9cret du 31 octobre 2024 portant nomination de Monsieur Alexandre BRUGERE,  en\n'qualit\u00e9 de Pr\u00e9fet des Hauts-de-Seine ;\nVu  l'\u00e9t\u00e9  interminist\u00e9riel du 12 ao\u00fbt 2025  nommant  Monsieur  Fabrice MASI,  Directeur\nr\u00e9gional et inters\u00e9partemental de  l'\u00e9conomie, de  l'emplol, du travail et des  solidarit\u00e9s dle\nde-France \u00e0 compter  du  25  ao\u00fbt  202  ;\nVu  l'arr\u00e8t\u00e9 pr\u00e9fectoral n\u00b02025-33 du 22 ao\u00fbt 2025 par lequel le Pr\u00e9fet des Hauts-de-Seine\nd\u00e9l\u00e8gue  sa signature \u00e0 Monsieur  Fabrice MASI,  Directeur r\u00e9gional et interd\u00e9partemental\n'de l'\u00e9conomie,de l'emploi du travallet des solidarit\u00e9s d'le-de-France ;\nVu  la d\u00e9cision n\u00b0 2025-157  du  25  ao\u00fbt 2025  portant subd\u00e9l\u00e9gation de signature de  Monsieur\nFabrice  MASI,  Directeur  r\u00e9gional  et interd\u00e9partemental  de  l'\u00e9conomie,  de  l'emploi, du\ntraval  et des  solidarit\u00e9s d'le-de-France,  aux  agents  de  IUnit\u00e9  d\u00e9partementale  des  Hauts-\nde-Seine  ;\n'Vu la d\u00e9claration d'activit\u00e9s de services \u00e0 la personne  d\u00e9pos\u00e9es  le 17 septembre 2025 au\nnom  de la micro-entreprise Sol\u00e8ne  DU  CHALARD  DE  TAVEAU  18 Bis Rue  Barb\u00e9s  \u00e0\n'COURBEVOIE  (82400)  ;\n\n{Apr\u00e8s examen  du dossier, cette demande  \u00e9tant conforme aux dispositions de l'article L. 7232-1-\n1 du code du travail, le pr\u00e9sent r\u00e9c\u00e9piss\u00e9 de d\u00e9claration d activites de services ala personne a\n\u00e9t\u00e9 enregistr\u00e9 au nom de la micro-entreprise Sol\u00e8ne DU  CHALARD  DE  TAVEAU  sous le\nnum\u00e9ro  SAP  991414970.\nLes  activites d\u00e9clar\u00e9es sont les suivantes, \u00e0 l'exclusion de  toute autre\n= Soutien  scolaire  ou  cours  \u00e0  domicile;\nPrestations relevant du b\u00e9n\u00e9fice dela r\u00e9duction d'imp\u00f4t pr\u00e9vue \u00e0 Tarticle 199 sexdecies du Code\nG\u00e9n\u00e9ral  des  Imp\u00f4ts,\nLa structure exerce ces activit\u00e9s selon le mode suivant : PRESTATAIRE\nSous  r\u00e9serve d'\u00eatre exerc\u00e9es \u00e0 ttre exclus par le d\u00e9clarant (ou sous r\u00e9serve d'une comptabilit\u00e9\ns\u00e9par\u00e9e pour les personnes morales dispens\u00e9es de la condition dactivit\u00e9 exclusive), ces activites\n'ouvrent dro  au b\u00e9n\u00e9fice des dispositions des aricies L. 7233-2 du code du traval et L. 241-10\ndu code  de  la s\u00e9curt\u00e9  sociale\n'Conform\u00e9ment aux dispositions de l'article R7232-19  du code du travail, organisme d\u00e9clar\u00e9 doit\nproduire au moins chaque trimestre un \u00e9tat dactivi\u00e9 et chaque  ann\u00e9e  un bilan quanittatf et\nQualtaf  de l'activit\u00e9 exerc\u00e9e au tire de l'ann\u00e9e \u00e9coul\u00e9e ainsi qu'un tableau statistique annuel.\nSi l'organisme d\u00e9clar\u00e9 comporte plusieurs \u00e9tablissements, les \u00e9tats statistiques et le bilan annuel\ndistinguent l'activit\u00e9 exerc\u00e9e  par chaque  \u00e9tablissement\nLe  pr\u00e9sont  r\u00e9c\u00e9piss\u00e9 prend effet le 17 septembre  2025.\n'enregistrementde la d\u00e9claration pourra \u00eatre retir\u00e9 si l'organisme d\u00e9clar\u00e9 cesse de  rempl\nles conditions ou de respecter les obligations mentionn\u00e9es  aux 4\u00b0,5\u00b0 et 6\u00b0 de  l'article\nR7232-17  ou  qui m\u00e9conna\u00eet les obligations d\u00e9finies\u00e0 article R7232-1\n'Toute modification concernant la structure d\u00e9clar\u00e9e ou les activit\u00e9s exerc\u00e9es <\npine  de retrait de fa d\u00e9claration, faire l'objet dune  d\u00e9claration modifcative aupr\u00e9s de Unit\u00e9\nd\u00e9partementale  des  Hauts-de-Seine.\nLe pr\u00e9sent r\u00e9c\u00e9piss\u00e9 sera publi\u00e9 au recueil des actes administratifs de la pr\u00e9fecturedes Hauts-\nde-Seine.\nFait \u00e0 Nanterre,  le 22 septembre  2025.\nPour  le Pr\u00e9fet\nPar  d\u00e9l\u00e9gation  ot subd\u00e9l\u00e9gation\nLa  Responsable  du  service\nD\u00e9veloppement  de  l'emploi  et des\ncomp\u00e9tences\n(GA\nMariana COND\u00c9\n\n=a  Direction r\u00e9gionale  et interd\u00e9partementale\nMINISTERE de l'\u00e9conomie,de l'emploi,\nDU  TRAVAIL,  DE  LA  SANT\u00c9,  du travail et des solidarit\u00e9s\nDES  SOLIDARIT\u00c9S\nET  DES  FAMILLES\nee\nR\u00e9c\u00e9piss\u00e9  n\u00b02025-488  de  d\u00e9claration  d'activit\u00e9s  de  services  \u00e0 la personne\n\"enregistr\u00e9e sous  le n\u00b0 SAP991472044  au  nom  de  la micro-entreprise  DIOUM\nFARAH  2 Mail  Camille  du  Gast  \u00e0 ASNIERES-SUR-SEINE  (92600)\nLE  PREFET  DES  HAUTS-DE-SEINE\n'Vu la loi n\u00b0 2010-853  du  23  jullot 2010  relative aux  r\u00e9seaux  consulaires,  au commerce  et \u00e0\nl'afisanat et aux  services (article 31);\nVu  Ia loi n\u00b02018-1778  du  28  d\u00e9cembre  2015  relative \u00e0  adaptation  de  la soci\u00e9t\u00e9  au\nviilissement ;\nVu  l'article D7231-1  du Code  du travail;\nVu  les d\u00e9crets n\u00b0 2011-1132  et n\u00b0 2011-1133  du  20 septembre  2011 modifiant certaines.\ndispositions  du  Code  du  travail, relatives au  ch\u00e8que  emploi-service  universel  et aux\n'services \u00e0 la personne ;\nVu  le d\u00e9cret  n*2016-750  du 8 jun  2016 rela  \u00e0 la liste des  activit\u00e9s de services \u00e0 la personne\nsoumises  \u00e0 agr\u00e9ment ou \u00e0 autorisationdans le cadre  du r\u00e9gime  commun  dela d\u00e9ciaration\n'Vu le d\u00e9cret du  31 octobre 2024  portant nomination de Monsieur  Alexandre  BRUGERE,\nqualit\u00e9 de  Pr\u00e9fet des  Hauts-de-Seine\nVu  l'ar\u00e9t\u00e9 imerminist\u00e9rel  du  12  ao\u00fbt  2025  nommant  Monsieur  Fabrice  MASI,  Directeur\nr\u00e9gional  et interd\u00e9partemental  de  l'\u00e9conomie,  de  l'emploi, du  travail et des soldart\u00e9s  le-\nde-France  \u00e0 compter  du  25  ao\u00fbt  2025\nVu  l'ar\u00eat\u00e9 pr\u00e9fectoral n\u00b02025-33  du 22 ao\u00fbt 2025  par lequel le Pr\u00e9fet des  Hauts-de-Seine\nd\u00e9l\u00e8gue  sa signature \u00e0 Monsieur  Fabrice MASI,  Directeur r\u00e9gional et interd\u00e9partemental\nde l'\u00e9conomie, de l'emploi, du travail et des soldarts  dile-de-France:\n'Vu la d\u00e9cision  n\u00b0 2025-187  du  25  ao\u00fbt  2025  portant  subd\u00e9l\u00e9gation  de  signature  de  Monsieur\nFabrice  MASI,  Directeur  r\u00e9gional et interd\u00e9partemental  de  l'\u00e9conomie, de  l'emploi, du\ntravail et des  soldari\u00e9s  d'\u00cele-de-France, aux  agents  de Unit\u00e9  d\u00e9partementale  des  Hauts-\nde-Seins\nVu  la d\u00e9claration  d'acthit\u00e9s de  services  \u00e0 la personne  d\u00e9pos\u00e9es  le 18  septembre  2025  au\nnom  de  la micro-entreprise  DIOUM  FARAH  2 Mail Camile  du  Gast  \u00e0 ASNIERES-SUR-\nSEINE  (82600)  ;\n\n'Apr\u00e8s examen  du dossier, cette demande  \u00e9tant conforme  aux  dispositions de l'aricie L. 7232-1-\n1 du code du traval, le pr\u00e9sent r\u00e9c\u00e9piss\u00e9 de d\u00e9claration d'activit\u00e9s de services \u00e0 la personne a\n\u00e9t\u00e9 enregistr\u00e9 au  nom  de  la micro-entreprise DIOUM  FARAH  sous  le num\u00e9ro  SAP  991472044,\nLes  activit\u00e9s d\u00e9clar\u00e9es  sont  les suivantes,  \u00e0  l'exclusion de  toute  autre\nGarde  d'enfants  de  plus  de  trois ans  \u00e0  domicile\nAccompagnement  des  enfants  de  plus  de  trois ans  dans  leurs  d\u00e9placements  en\n'dehors  de  leur domicile  (promenades,  transports,  actes  de  la vie  courante)  ;\nPrestations  relevant  du b\u00e9n\u00e9fice  de la r\u00e9duction  d'imp\u00f4t  pr\u00e9vue  \u00e0 Faticle 199 sexdecies  du Code\nG\u00e9n\u00e9ral  des  impots.\nLa  structure  exerce  ces  activit\u00e9s  solon  le mode  suivant  : PRESTATAIRE\nSous  r\u00e9serve d'\u00eatre exerc\u00e9es  \u00e0 tte  exclusif par le d\u00e9clarant (ou sous  r\u00e9serve d'une comptabilt\u00e9\ns\u00e9par\u00e9e  pour  les personnes  morales  dispens\u00e9es  de  la condition  d'activit\u00e9 exclusive), ces  activit\u00e9s\n'ouvrent drot  au  b\u00e9n\u00e9fice  des  dispositions  des  articles |. 7233-2  du  code  du  traval et L. 241-10\ndu  code  de  la s\u00e9curit\u00e9 sociale.\n{Conform\u00e9ment  aux  dispositions  de  l'article R7232-19  du  code  du  travail l'organisme  d\u00e9clar\u00e9  doit\nproduire au  moins  chaque  trimestre un \u00e9tat dactivi\u00e9 et chaque  ann\u00e9e  un bilan quantitatif et\nqualtatf  de  l'actit\u00e9 oxerc\u00e9e  au  tire de  l'ann\u00e9e  \u00e9coul\u00e9e  ainsi qu'un  tableau  statistique annuel.\nSi l'organisme  d\u00e9clar\u00e9  comporte  plusieurs  \u00e9tablissements,  les \u00e9tats statistiques et le bilan annuel\ndistinguent  l'activit\u00e9 exerc\u00e9e  par  chaque  \u00e9tablissement.\nLe  pr\u00e9sent  r\u00e9c\u00e9piss\u00e9  prend  effet le 18  septembre  2025.\nL'enregistrement de la d\u00e9claration pourra  \u00eatre ratir\u00e9si l'organisme d\u00e9clar\u00e9 casse  de remplir\nles conditions  ou  de respecter  les obligations  mentionn\u00e9es  aux  46\u00b0  ot 6\u00b0 de  l'article\n7232.17  ou  qui  m\u00e9connait  les obligations  d\u00e9finies  \u00e0 l'article R7232-19 du  code  du  travail\n'Toute modification concernant la structure d\u00e9clar\u00e9e ou les activit\u00e9s oxerc\u00e9as devra, sous\npeine  de  retrait do  la d\u00e9claration, faire l'objet dune  d\u00e9claration  modificative aupr\u00e9s  de  FUnit\u00e9\nd\u00e9partementale  des  Hauts-de-Seine.\nLe pr\u00e9sent r\u00e9c\u00e9piss\u00e9 sora publi\u00e9 au recueil des actes administratifs de la pr\u00e9fecture des  Hauts-\nde-Seine.\nFait \u00e0  Nanterre,  le 22  septembre  2025,\nPour  le  Pr\u00e9fet\nPar  d\u00e9l\u00e9gation  et subd\u00e9l\u00e9gation\nLa  Responsable  du  service\nD\u00e9veloppement  de  l'emploi  et des\ncomp\u00e9tences\n\n==  reson  rglnsic at  ineriperomentia\nde  l'\u00e9conomie,  de  l'emploi,\nMINISTERE LA  sant\u00e9, lee  ripliet\nDES  SOLIDARITES\nET  DES  FAMILLES\nR\u00e9c\u00e9piss\u00e9  n*2025-489  de  d\u00e9claration  d'activit\u00e9s de services  a la personne\nenregistr\u00e9e  sous le n\u00b0 SAP944516624  au  nom  de  la SAS  LIZETTE  99  Avenue\n'Achille Poretti \u00e0 NEUILLY-SUR-SEINE  (92200)\nLE  PREFET  DES  HAUTS-DE-SEINE\nVu  la loi n\u00b0 2010-863  du  23 jullet 2010  relative aux  r\u00e9seaux  consulaires,  au commerce  et \u00e0\nl'artisanatet  aux  services (article 31)\n'Vu la loi n\u00b02015-1778  du  28  d\u00e9cembre  2015  relative \u00e0  adaptation  de  la soci\u00e9t\u00e9 au\nViellissement ;\nVu  l'article 07231-1  du  Code  du travail\nVu  les d\u00e9crets  n\u00b0 2011-1132  et n\u00b0 2011-1133  du  20  septembre  2011  modifiant  certaines\ndispostions du Code  du aval, relatives au ch\u00e8que emploi-service universel et aux\n'services \u00e0 la personne ;\nVu  le d\u00e9cret  n\u00b02016:750  du 6 juin 2016  relat \u00e0  la iste des  activit\u00e9s de services \u00e0 la personne\nsoumises  \u00e0 agr\u00e9ment ou \u00e0 autorisation dans le cadre  du  r\u00e9gime  commun  de a d\u00e9claration;\nVu  le d\u00e9cret du  31 octobre 2024  portant nomination de  Monsieur  Alexandre  BRUGERE,  en\nquait\u00e9 de Pr\u00e9fet des Hauts-de-Seine ;\nVu  l'ar\u00eat\u00e9 interminist\u00e9riel du  12 ao\u00fbt 2025  nommant  Monsieur  Fabrice MASI,  Directeur\nr\u00e9gional  et interd\u00e9partemental de l'\u00e9conomie,  de l'emplol, du travail et des  solidarit\u00e9s d'le-\nde-France \u00e0  compter  du  25  ao\u00fbt  2025  ;\nVu  l'arr\u00eat\u00e9 pr\u00e9fectoral n\u00b02025-33  du  22  ao\u00fbt  2025  par  lequel le Pr\u00e9fet des  Hauts-de-Seine\n'd\u00e9l\u00e8gue  sa  signature  \u00e0  Monsieur  Fabrice  MASI,  Directeur  r\u00e9gional etinterd\u00e9partemental\nde  l'\u00e9conomie, de l'emploi, du traval et des  solidant\u00e9s d'le-de-France\nVu  la d\u00e9cision  n\u00b0  2025-157  du  25  ao\u00fbt  2025  portant  subd\u00e9l\u00e9gation  de  signature  de  Monsieur\nFabrice  MASI,  Directeur  r\u00e9gional et interd\u00e9partemental  de  l'\u00e9conomie, de  l'emploi, du\ntravail et des  soldart\u00e9s  d'le-de-France,  aux  agents  de  Unit\u00e9  d\u00e9partementale  des  Hauts-\nde-Seine  ;\nVu  la d\u00e9claration d'activit\u00e9s de services \u00e0 la personne  d\u00e9pos\u00e9es  le 02 ullet  2025 au nom  de\nla SAS  LIZETTE  99  Avenue  Achille Pereti  \u00e0 NEUILLY-SUR-SEINE  (92200);\n\n'Apr\u00e8s examen  du dossier, cette demande  \u00e9tant conforme  aux  dispositions de  FarticieL. 7232-1-\n1 du  code du travail, l  pr\u00e9sent  r\u00e9c\u00e9piss\u00e9  de d\u00e9claration d'activit\u00e9s de services \u00e0 la personne  a\n\u00e9t\u00e9  enregistr\u00e9  au  nom  de  la SAS  LIZETTE  sous  le num\u00e9ro  SAP  944516624,\nLes  activit\u00e9s d\u00e9clar\u00e9es  sont les suvantes,  \u00e0 l'exclusion de toute autre\n= Maintenance,  entretien  et  vigilance  temporaires,  \u00e0  domicile,  de  la  r\u00e9sidence\nprincipale et secondaire ;\n+ T\u00e9l\u00e9assistance  et  visio-assistance  ;\nPrestations  relevant du  b\u00e9n\u00e9fice  de  la r\u00e9duction  d'imp\u00f4t  pr\u00e9vue  a farticle 199  sexdecies  du  Code\n'G\u00e9n\u00e9ral  des  Imp\u00f4ts.\nLa  structure  exerce  ces  activit\u00e9s  selon  le mode  suivant  : PRESTATAIRE\n'Sous  r\u00e9serve  d'\u00eatre exerc\u00e9es  a ttre exclusif parle  d\u00e9clarant  (ou  sous  r\u00e9serve  d'une  comptablit\u00e9\ns\u00e9par\u00e9e  pour les personnes  morales  dispens\u00e9es  de  a  condition d'actvi\u00e9 exclusive), ces activites\n'ouvrent droit au  b\u00e9n\u00e9fice  des  dispositions des  articles L. 7283-2  du  code  du  traval et L  241-10\ndu  code  de  la s\u00e9curt\u00e9  sociale.\n(Conform\u00e9ment  aux  dispositions de l'aricie R7232-19  du code du travail l'organisme  d\u00e9clar\u00e9  dot\nproduire au moins chaque timestre un \u00e9tat d'activit\u00e9 et chaque  ann\u00e9e  un bilan quanttatf et\nquaitatf  de  activit\u00e9 exerc\u00e9e  au  tire de  ann\u00e9e  \u00e9coul\u00e9e  ainsi qu'un  tableau  statistique annuel.\nSi l'organisme  d\u00e9clar\u00e9  comport  plusieurs  \u00e9tablissements,  les \u00e9tats statistiques et le bilan annuel\ndlistinguent Factivt\u00e9 exerc\u00e9e  par  chaque  \u00e9tablissement.\nLo  pr\u00e9sent  r\u00e9c\u00e9piss\u00e9  prend  effet le 02  juillet 2028.\nL'enregistrement  de la d\u00e9claration  pourra  \u00eatre rtir\u00e9si  l'organisme d\u00e9clar\u00e9  cosse  de remplir\nles conditions  ou  de  respecter  les obligations  mentionn\u00e9es  aux  45\u00b0  ot 6\u00b0 de  l'article\n7232-17  ou  qui  m\u00e9connait  les obligations  d\u00e9finies  \u00e0 article R7232-19  du  code  du  travail,\ndevra,  sous\npeine de  retrait de  la d\u00e9claration, faire Fobjet d'une  d\u00e9claration modiicative aupr\u00e9s  de  [Unite\nd\u00e9partementale  des  Hauts-de-Seine.\nLe  pr\u00e9sent  r\u00e9c\u00e9piss\u00e9  sera  publi\u00e9 au  recuell des  actes  administratifs de la pr\u00e9fecture  des  Hauts-\nde-Seine.\nFait \u00e0  Nanterre,  le 23  septembre  2025,\nPour lo Pr\u00e9fet\nPar d\u00e9l\u00e9gation et subd\u00e9l\u00e9gation\nLa  Responsable  du  sarvice\nD\u00e9veloppement  de  l'emploi  et des\ncompdtances\nMariana CONDE\n\nEx  Direction r\u00e9gionale et interd\u00e9partementale\nMINIST\u00c8RE de l'\u00e9conomie, de l'emploi,\nDU  TRAVAIL,  DE  LA  SANT\u00c9,  du travailet des solidarit\u00e9s\nDES  SOLIDARIT\u00c9S\nET  DES  FAMILLES\nEM\nR\u00e9c\u00e9piss\u00e9  n\u00b02025-490  de  d\u00e9claration  d'activit\u00e9s de  services \u00e0 la personne\nenrogistr\u00e9e  sous  le n\u00b0 SAP991386871  au  nom  de  la micro-entreprise  SADIKI  SAFI\nNENETTE  23  Terasse  De  L'universit\u00e9  \u00e0  NANTERRE  (92000)\nLE  PREFET  DES  HAUTS-DE-SEINE\nVu  la loi n\u00b0 2010-853  du  23  jullet 2010  relative aux  r\u00e9seaux  consulaires, au  commerce et \u00e0\nl'artisanat et aux  services  (article 31);\nVu  Ia loi 1\u00b02015-1776  du 28  d\u00e9cembre  2015  relative \u00e0 l'adaptation de la soci\u00e9t\u00e9 au\nvilissement\nVu  l'aticlo D7231-1  du  Code  du  traval ;\nVu  les d\u00e9crets  n\u00b0 2011-1132  et n\u00b0 2011-1133  du  20  septembre  2011  modifant  certaines\ndisposons  du Code  du  taval, relatives au ch\u00e8que  emploi-service universel et aux\nservices \u00e0 la personne ;\nVu  le d\u00e9cret  n\u00b02016-750  du 6 juin 2016 relat  \u00e0 la iste des  activites de services \u00e0 la personne\nsoumises  \u00e0 agr\u00e9ment  ou \u00e0 autorisation dans  le cadre  du  r\u00e9gime  commun  dela  d\u00e9claration\nVu  le  d\u00e9cret  du  31 octobre  2024  portant  nomination  de  Monsieur  Alexandre  BRUGERE,  en\nqualt\u00e9 de Pr\u00e9fet des Hauts-de-Seine ;\nVu  l'ar\u00eat\u00e9 interminist\u00e9riel du 12 ao\u00fbt 2025  nommant  Monsieur  Fabrice MASI,  Directeur\nr\u00e9gional et intord\u00e9partemental  de  l'\u00e9conomie,  de l'emploi, du  travail et des solidarit\u00e9s dle\n'de-France  \u00e0  compter  du  25  ao\u00fbt  2025\nVu  l'ar\u00e8t\u00e9 pr\u00e9fectoral n\u00b02025-33  du  22  ao\u00fbt  2025  par  lequel le Pr\u00e9fet des  Hauts-de-Seine\n'd\u00e9l\u00e8gue  sa signature  \u00e0 Monsieur  Fabrice  MASI,  Directeur  r\u00e9gional et interd\u00e9partemental\nde  l'\u00e9conomie, de l'emploi, du travail et des soldartes d'le-de-France;\nVu  la d\u00e9cision  n\u00b0 2025-187  du  25  ao\u00fbt  2025  portant  subd\u00e9l\u00e9gation  de  signature  de  Monsieur\nFabrice  MASI,  Directeur  r\u00e9gional et iterd\u00e9partemental  de  l'\u00e9conomie, de  l'emploi, du\ntravail et des  soldari\u00e9s  dle-de-France,  aux  agents  de  Unit\u00e9  d\u00e9partementale  des  Hauts-\nde-Seine  ;\n'Vu la d\u00e9claration d'activit\u00e9s de  services \u00e0 la personne  d\u00e9pos\u00e9es  le 16 septembre  2025  au\nnom  de  la micro-entreprise  SADIKI  SAFI  NENETTE  23  Terasse  De  Luniversit\u00e9  \u00e0\nNANTERRE  (92000)\n\nApr\u00e8s  examen  du  dossier, cette demande  \u00e9tant  conforme  aux  dispositions de  article  L.7232-1-\n1 du  code du travail, le pr\u00e9sent  r\u00e9c\u00e9piss\u00e9  de d\u00e9claration d'activit\u00e9s de services \u00e0 la personne  a\n\u00e9t\u00e9  enregistr\u00e9  au  nom  de  la micro-entreprise  SADIKI  SAFI  NENETTE  sous  le num\u00e9ro  SAP\n991386871\nLes  activit\u00e9s  d\u00e9clar\u00e9es  sont  les  suivantes,  \u00e0  l'exclusion  de  toute  autre\nEntretien  de  la maison  et travaux  m\u00e9nagers  ;\nGarde  d'enfants  de  plus  de trois ans  \u00e0 domicile;\n'Soutien  scolaire  ou  cours  \u00e0  domicile;\nMaintenance,  entretien  et vigilance  temporaires,  \u00e0 domicile,  de  Ia r\u00e9sidence\nprincipale et secondaire  ;\n= Accompagnement  des  enfants  de  plus  de  trois  ans  dans  leurs  d\u00e9placements  en\ndehors  de  leur  domicile  (promenades,  transports,  actes  de  la vie  courante)  ;\n= Accompagnement  des.  personnes  temporairement  d\u00e9pendantes  autres  que\npersonnes  \u00e2g\u00e9es,  handicap\u00e9es  ou  atteintes  de  pathologies  chroniques,  dans  leurs.\nd\u00e9placements  en  dehors  de  leur domicile  (promenades,  aide  \u00e0 la mobilit\u00e9  et au\ntransport,  actes  de  la  vie  courante)\n~ Assistance  aux  personnes  autres  que  personnes  \u00e2g\u00e9es,  handicap\u00e9es  ou  atteintes:\n'de pathologies  chroniques  qui  ont besoin  temporairement  d'une  aide personnelle \u00e0\nleur  domicile,  \u00e0 l'exclusion des  soins  relevant  d'actes  m\u00e9dicaux  ;\nPrestations  relevant  du  b\u00e9n\u00e9fice  de  la r\u00e9duction  d'imp\u00f4t  pr\u00e9vue  \u00e0 l'article 199  sexdecies  du  Code\nG\u00e9n\u00e9ral  des  Imp\u00f4ts.\nLa  structure  exerce  ces  activit\u00e9s  selon  le mode  suivant : PRESTATAIRE\nSous  r\u00e9serve  d'\u00eatre exerc\u00e9es  a ttre exclusif par  le d\u00e9clarant  (ou  sous  r\u00e9serve  d'une  comptabilit\u00e9\ns\u00e9par\u00e9e  pour  es  personnes  morales  dispens\u00e9es  de  la condition  d'actvit\u00e9  exclusive),  ces  activites\nouvrent  drot  au  b\u00e9n\u00e9fice  des  dispositions  des  articles L. 7233-2  du  code  du  traval et L. 241-10\ndu  code  de  la s\u00e9curit\u00e9 sociale\n'Conform\u00e9ment  aux  dispositions  de  l'article R7232-19  du  code  du  travail, l'organisme  d\u00e9clar\u00e9  doit\nproduire au moins chaque trimestre un \u00e9tat d'activit\u00e9 et chaque  ann\u00e9e  un bilan quantitatif et\n'qualita de l'activit\u00e9 exerc\u00e9e au tire de l'ann\u00e9e \u00e9coul\u00e9e ainsi qu'un tableau statistique annuel\nSi organisme  d\u00e9clar\u00e9  comporte  plusieurs  \u00e9tablissements,  les  \u00e9tats  statistiques  et le bilan  annuel\ndistinguent  activit\u00e9  exerc\u00e9e  par  chaque  \u00e9tablissement,\nLe  pr\u00e9sent  r\u00e9c\u00e9piss\u00e9  prond  effet le 16  septembre  2025.\nL'enregistrement  de la d\u00e9claration  pourra  \u00eatre retir\u00e9 si l'organisme  d\u00e9clar\u00e9  cesse  de romplir\nles conditions  ou  de  respecter  les obligations  mentionn\u00e9es  aux  4,5\"  ot 6\u00b0 do  l'artick\nR723247  ou  qui  m\u00e9connait  les  obligations  d\u00e9finies  \u00e0  l'article R7232-19  du code  du  travail.\no devra, sous\npane  de  reai  dela  G\u00e9caration,  fare  Tobjet une  d\u00e9caraon  modticave  aupr\u00e9s  de  TUNIS\n'd\u00e9partementale  des  Hauts-de-Seine.\nLe  pr\u00e9sent  r\u00e9c\u00e9piss\u00e9  sera  publi\u00e9 au  recueil des  actes  administratfs  de  la pr\u00e9fecture des  Hauts-\nde-Seine.\nFait a Nanterre, le 23  septembre  2025,\nPour  le Pr\u00e9fet\nPar  d\u00e9l\u00e9gation  et subd\u00e9l\u00e9gation\nLa  Responsable  du  service\nD\u00e9veloppement  de  l'emploi  et  des\n\nEE  Direction  r\u00e9gionale  et interd\u00e9partementale\nMINISTERE de \"\u00e9conomie, de l'emploi,\nDU  TRAVAIL, DE LA SANT\u00c9, du travail et des solidarit\u00e9s\nDES  SOLIDARIT\u00c9S\nET  DES  FAMILLES\nEM\nR\u00e9c\u00e9piss\u00e9  n\u00b02025-491  de d\u00e9claration d'activit\u00e9s de  services \u00e0 la personne\n'enregistr\u00e9e sous  le n\u00b0 SAP828448746  au  nom  de  la micro-entreprise  NYANGADO\nKADY  143  Boulevard  Charles  de  Gaulle \u00e0  COLOMBES  (92700)\nLE  PREFET  DES  HAUTS-DE-SEINE\nVu  la loi n\u00b0 2010-863  du 23  jullet 2010  relative aux  r\u00e9seaux  consulaires, au commerce  et \u00e0\nl'artisanat et aux  services  (article 31);\n'Vu la lo n\u00b02015-1776  du 28 d\u00e9cembre  201$  relative \u00e0 l'adaptation de  la soci\u00e9t\u00e9 au\nviilissement ;\nVu  l'article D7231-1  du  Code  du travail;\nVu  les d\u00e9crets n\u00b0 2011-1132  et n\u00b0 2011-1133  du  20 septembre  2011  modifiant certaines\ndispositions du  Code  du traval, relatives au  ch\u00e8que  emploi-service universal et aux\n'services \u00e0 la  personne  ;\nVu  le d\u00e9cret  n\u00b02016750 du 6 jun  2016 relatif \u00e0  la liste des activit\u00e9s de services \u00e0 la personne\nsoumises  \u00e0 agr\u00e9ment  ou \u00e0 autorisation dans  le cadre  du r\u00e9gime  commun  dela  d\u00e9claration ;\nVu  le d\u00e9cret du 31 octobre 2024  portant nomination de  Monsieur  Alexandre  BRUGERE,  en\nqualit\u00e9 de Pr\u00e9fet des Hauts-de-Seine;\nVu  l'ar\u00e9t\u00e9 interminist\u00e9riel du 12 ao\u00fbt 2025  nommant  Monsieur  Fabrice MASI,  Directeur\n'gional et interd\u00e9partemental de l'\u00e9conomie, de l'emplol, du  travail et des solidart\u00e9s  dll\nde-France  \u00e0 compter  du  25  ao\u00fbt  2025 ;\nVu  l'ar\u00e9t\u00e9 pr\u00e9fectoral n\u00b02025-33  du  22  ao\u00fbt  2025  par  lequel le Pr\u00e9fet des  Hauts-de-Seine\nd\u00e9l\u00e8gue  sa signature \u00e0 Monsieur  Fabrice MASI,  Directeur r\u00e9gional et interd\u00e9partemental\nde l'\u00e9conomie, de l'emploi, du travail et des solidarit\u00e9s dlle-de-France ;\n'Vu la d\u00e9cision n\u00b0 2025-187  du  25  ao\u00fbt 2025  portant subd\u00e9l\u00e9gation de  signature de Monsieur\nFabrice MASI,  Directeur r\u00e9gional et interd\u00e9partemental de  l'\u00e9conomie, de  l'emploi, du\ntravail et des  soldari\u00e9s  d'lle-de-France, aux  agents  de l'Unit\u00e9 d\u00e9partementale  des  Hauts-\nde-Seine  ;\nVu  la d\u00e9claration d'actiit\u00e9s de services \u00e0 la personne  d\u00e9pos\u00e9es  le 19 septembre 2025 au\nnom  de  la micro-entreprise NYANGADO  KADY  143 Boulevard  Charles de Gaulle \u00e0\nCOLOMBES  (92700)\n\nApr\u00e8s examen  du dossier, cette demande  \u00e9tant conforme aux dispositions de l'article L. 7232-1-\n1 du code  du traval, le pr\u00e9sent  r\u00e9c\u00e9piss\u00e9  de d\u00e9claration d'activit\u00e9s de services \u00e0 la personne  a\n\u00e9t\u00e9  enregistr\u00e9  au  nom  de  la micro-entreprise  NYANGADO  KADY  sous  le num\u00e9ro  SAP\n828448746,\nLes  activit\u00e9s d\u00e9ciar\u00e9es  sont les suivantes,  \u00e0 l'exclusion de  toute autre\nEntretien  de la maison  et travaux  m\u00e9nagers\nPrestations  relevant du  b\u00e9n\u00e9fice  dela  r\u00e9duction  d'imp\u00f4t  pr\u00e9vue  \u00e0 l'article 199  sexdecies  du  Code\nG\u00e9n\u00e9ral  des  Imp\u00eats.\nLa  structure  exerce  ces  activit\u00e9s  selon lo mode  suivant  : PRESTATAIRE\nSous  r\u00e9serve  d'\u00eatre exerc\u00e9es  \u00e0  ttre exclus  par  le d\u00e9clarant  (ou  sous  r\u00e9serve  d'une  comptabilit\u00e9\ns\u00e9par\u00e9e  pour  les personnes  morales  dispens\u00e9es de la condition dactivit\u00e9 exclusive), ces  activit\u00e9s\nouvrent  drot  au  b\u00e9n\u00e9fice  des  dispositions des  articles L. 7233-2  du  code  du travail et L. 241-10\ndu  code  dela  s\u00e9curit\u00e9  sociale.\n'Conform\u00e9ment  aux  dispositions de  l'art  R7232-18  du  code  du  avai,  l'organisme  d\u00e9clar\u00e9  doit\nproduire au moins chaque trimestre un \u00e9tat activit\u00e9 et chaque ann\u00e9e  un bian quantitatif et\nqualtatf  de  Factvt\u00e9  exerc\u00e9e  au  tire de  l'ann\u00e9e  \u00e9coul\u00e9e  ainsi qu'un  tableau  statistique annuel.\nSi organisme  d\u00e9clar\u00e9 comport  plusieurs  \u00e9tablissements,  les \u00e9tats statistiques et le bilan annuel\ndistinguent  activit\u00e9  exerc\u00e9e  par  chaque  \u00e9tablissement.\nLe  pr\u00e9sent  r\u00e9c\u00e9piss\u00e9  prend  effet le 19 septembre  2028.\nL'enregistrement de la d\u00e9claration pourra \u00eatre retir\u00e9 si l'organisme  d\u00e9clar\u00e9 cesse  de  remplir\nles conditions  ou  de  respecter  les obligations  mentionn\u00e9es  aux  4',5\u00b0 et 6\u00b0 de  l'article\nR7232-17  ou  qui  m\u00e9connait  les  obligations  d\u00e9finies  \u00e0  l'article R7232-19  du  code  du  travail.\npaie de  rerat  dela  declaration, fare  objet dune  decaraton  modticatve  aupr\u00e9s  de FUnte\nd\u00e9partementale  des  Hauts-de-Seine.\nLe  pr\u00e9sent r\u00e9c\u00e9piss\u00e9 sera publi\u00e9 au recueil des actes adminstratfs de la pr\u00e9fecture des  Hauts-\nde-Seine.\nFait  \u00e0  Nanterre  le 23  septembre 2025,\nPour  le Pr\u00e9fet\nPar d\u00e9l\u00e9gation ot subd\u00e9l\u00e9gation\nLa  Responsable  du  servic\nD\u00e9veloppement  de  l'emploi  t  des\ncom\n\u00cf ote\nMariama CONDE\n\nEs  Direction r\u00e9gionale et interd\u00e9partementale\nMINIST\u00c8RE  de l'\u00e9conomie, de l'emploi,\nDU  TRAVAIL,  DE  LA SANT\u00c9,  du travailet des solidarit\u00e9s\nDES  SOLIDARIT\u00c9S\nET  DES  FAMILLES\nA\nR\u00e9c\u00e9piss\u00e9  n*2025-492 de  d\u00e9claration  d'activit\u00e9s de  services  \u00e0 la personne\n\"enregistr\u00e9e sous  le n\u00b0 SAP991586207  au  nom  de  la micro-entreprise  HADJERSI\nBILAL  21 Rue  Saint-Denis  \u00e0 COLOMBES  (92700)\nLE  PREFET  DES  HAUTS-DE-SEINE\nVu  la loi n\u00b0 2010-853 du  23 juil  2010\nl'aisanat  et aux services (article 31);\native aux  r\u00e9seaux  consulaires, au commerce  et \u00e0\n'Vu la li n\u00b02015-1776  du 28 d\u00e9cembre  2015  relative \u00e0 l'adaptation de  la soci\u00e9t\u00e9 au\nviilissement ;\nVu  l'article D7231-1  du  Code  du  travail;\nVu  les d\u00e9crets n\u00b0 2011-1132  et n\u00b0 2011-1133  du 20 septembre  2011  modifiant certaines\ndispositions  du  Code  du  travail, relatives au  ch\u00e8que  emplai-service  universel et aux\n'services \u00e0 a  personne  ;\nVu  le d\u00e9cret n\u00b02016:750  du  6 jun  2016  relatif \u00e0 la iste des  activit\u00e9sde services la  personne\nsoumises \u00e0 agr\u00e9ment  ou \u00e0 autorisation dans le cadre  du r\u00e9gime commun  de a d\u00e9claration ;\nVu  le d\u00e9cret du  31 octobre 2024  portant nomination de  Monsieur  Alexandre  BRUGERE,  en\nqualit\u00e9 de  Pr\u00e9fet des  Hauts-de-Seine  ;\nVu  l'ar\u00e9t\u00e9 interminist\u00e9riel du  12 ao\u00fbt  2025  nommant  Monsieur  Fabrice  MASI,  Directeur\nr\u00e9gional et interd\u00e9partemental  de \u00e9conomie,  de l'emploi, du travail et des solidarit\u00e9s dll\nde-France  \u00e0  compter  du  25  ao\u00fbt  2025\nVu  l'ar\u00eat\u00e9 pr\u00e9fectoral n\u00b02028-33  du 22 ao\u00fbt 2025  par lequel le Pr\u00e9fet des  Hauts-de-Seine\nd\u00e9l\u00e8gue  sa signature \u00e0 Monsieur  Fabrice MASI,  Directeur r\u00e9gional et interd\u00e9partemental\nde l'\u00e9conomie, de l'emploi, du travail et des solidarit\u00e9s d'\u00cele-de-France\nVu  la d\u00e9cision  n\u00b0 2025-187  du  25  ao\u00fbt  2025  portant  subd\u00e9l\u00e9gation  de  signature  de  Monsieur\nFabrice MASI, Directeur r\u00e9gional et interd\u00e9partemental de l'\u00e9conomie, de l'emploi. du\ntravail et des  solidarit\u00e9s d'le-de-France, aux  agents de  l'Unit\u00e9 d\u00e9partementale  des  Hauts-\nde-Seine  ;\nVu  la d\u00e9claration d'actvit\u00e9s de services  \u00e0 la personne  d\u00e9pos\u00e9es  le 20 septembre  2025  au\nnom  de la micro-entreprise HADJERSI  BILAL  21 Rue  Saint-Denis \u00e0 COLOMBES  (92700) :\n\n'Apr\u00e8s examen  du  dossier, cette demande  \u00e9tant conforme  aux  dispositions de  l'article L. 7232-1-\n1 du code du traval, le pr\u00e9sent r\u00e9c\u00e9piss\u00e9 de d\u00e9claration d activit\u00e9s de services \u00e0 la personne a\n\u00e9t\u00e9  enregistr\u00e9  au  nom  de  la micro-entreprise  HADJERSI  BILAL  sous  le num\u00e9ro  SAP\n1991586207,\nLes  activit\u00e9s d\u00e9clar\u00e9es sont es suivantes, \u00e0 l'exclusion de toute autre\nEntretien  de  la  maison  et  travaux  m\u00e9nagers  ;\nPrestations  relevant  du b\u00e9n\u00e9fice  de la r\u00e9duction  d'imp\u00f4t  pr\u00e9vue  \u00e0 l'article 199  sexdecies  du Code\nG\u00e9n\u00e9ral  des  Imp\u00f4ts.\nLa  structure  exerce  cos  activit\u00e9s  selon  le mode  suivant : PRESTATAIRE\n'Sous r\u00e9serve d'\u00eatre exerc\u00e9es  a ttre exclus  parle d\u00e9clarant (ou sous  r\u00e9serve d'une comptabilit\u00e9\ns\u00e9par\u00e9e  pour  les personnes  morales  dispens\u00e9es  de la condition  d'actvit\u00e9 exclusive), ces  activites\nouvrent  drot  au  b\u00e9n\u00e9fice  des  dispositions des articles L. 7233-2  du  code  du  travail et L. 241-10\ndu  code  de  la s\u00e9curit\u00e9 sociale.\n{Conform\u00e9ment  aux  dispositions de  article R7232-19  du  code du travail, l'organisme d\u00e9clar\u00e9  doi\nproduire  au  moins  chaque  trimestre un  \u00e9tat dactivi\u00e9 et chaque  ann\u00e9e  un  bilan quanttati  et\nqualtatf de activit\u00e9  exerc\u00e9e  au  tire de  l'ann\u00e9e  \u00e9coul\u00e9e  ainsi qu'un  tableau  statistique annuel.\nSi organisme  d\u00e9clar\u00e9  comport  plusieurs  \u00e9tablissements,  les \u00e9tats statistiques et le bilan annuel\nistinguent  l'activit\u00e9 exerc\u00e9e  par  chaque  \u00e9tablissement\nLe  pr\u00e9sent  r\u00e9c\u00e9piss\u00e9  prend  offet le 20 septembre  2025.\nL'enrogistrement de la d\u00e9claration pourra \u00eatre retir\u00e9 si l'organisme  d\u00e9clar\u00e9 cesse de remplir\nles conditions  ou  de  respecter  les obligations  mentionn\u00e9es  aux  4',5\u00b0 et 6\u00b0 de  l'article\nR7232-17  ou  qui  m\u00e9connait  les  obligations  d\u00e9finies  \u00e0  l'article R7232-19  du  code  du  travail.\npeine de reat  de la G\u00e9caatlon, fare objet d'une d\u00e9ciaraton modifeaive  aupr\u00e9s  de FUni\u00e9\n'd\u00e9partementale des  Hauts-de-Seine.\nLe  pr\u00e9sent r\u00e9c\u00e9piss\u00e9 sera publi\u00e9 au recuel des actes administratifs de la pr\u00e9fecture des  Hauts-\ndo-Seine.\nFait \u00e0 Nanterre, le 24 septembre 2025.\nPour  le Pr\u00e9fet\nPar  d\u00e9l\u00e9gation  ot subd\u00e9l\u00e9gation\nLa  Responsable  du  service\nD\u00e9veloppement  de  l'emploi  et des\ncomp\u00e9tences.\nMariana CONDE\n\nEE  Direction  r\u00e9gionale et  interd\u00e9partementale\nMINISTERE de l'\u00e9conomie, de l'emploi,\nDU  TRAVAIL,  DE  LA SANT\u00c9,  du travailet des solidarit\u00e9s\nDES  SOLIDARIT\u00c9S\nET  DES  FAMILLES\nA\nR\u00e9c\u00e9piss\u00e9  n\u00b02025-493  de  d\u00e9claration d'activit\u00e9s de  services  \u00e0 la personne\nenregistr\u00e9e  sous  le n\u00b0 SAP828111336  au  nom  de  la micro-entreprise  FRANCK\nTESSIER  21 Rue  de  Nanterre  \u00e0 ASNIERES-SUR-SEINE  (92600)\nLE  PREFET  DES  HAUTS-DE-SEINE\nVu  la loi n\u00b0 2010-853  du 23 jullet 2010  relative aux r\u00e9seaux  consulaires, au commerce et \u00e0\nl'artisanatet aux  services  (article 31);\nVu  la loi n\u00b020161776  du 28  d\u00e9cembre  2015  relative \u00e0 l'adaptation de la soci\u00e9t\u00e9 au\nviellissement ;\nVu  l'article D7231-1  du  Code  du  travail;\nVu  les d\u00e9crets n\u00b0 2011-1132  et n\u00b0 2011-1133  du  20 septembre  2011 modifiant certaines\ndispositions du  Code  du  traval, relatives au  ch\u00e8que  emploi-service  universel et aux\nservices  \u00e0  a  personne ;\nVu  le d\u00e9cret n\u00b02016-750 du 6 juin 2016 relat \u00e0 la iste des  activitesde services \u00e0 la personne\nsoumises  \u00e0 agr\u00e9ment ou \u00e0 autorisation dans  le cadre  du  r\u00e9gime  commun  de  a  d\u00e9claration\n'Vu le  d\u00e9cret du 31 octobre 2024  portant nomination de  Monsieur  Alexandre  BRUGERE,  en\n'qualit\u00e9 de Pr\u00e9fet des Hauts-de-Seine;\nVu  l'arr\u00eat\u00e9 interminist\u00e9riel du 12 ao\u00fbt 2025  nommant  Monsieur  Fabrice MASI,  Directeur\nr\u00e9gional et interd\u00e9partemental  de  l'\u00e9conomie,  de l'emploi, du  travailet des solidaritesd'le-\nde-France  \u00e0 compter  du  25  ao\u00fbt  2025  ;\n'Vu Tarr\u00e9te pr\u00e9fectoral n\u00b02025-33  du 22 ao\u00fbt 2025  par lequel le Pr\u00e9fet des  Hauts-de-Seine\nd\u00e9l\u00e8gue  sa signature  \u00e0 Monsieur  Fabrice  MASI,  Directeur  r\u00e9gional etinterd\u00e9partemental\nde  l'\u00e9conomie, de l'emploi, du traval et des soli\u00e9arit\u00e9 d'\u00cele-de-France ;\nVu  la d\u00e9cision n\u00b0 2025-157  du 25 ao\u00fbt 2025  portant subd\u00e9l\u00e9gation de  signature de Monsieur\nFabrice  MASI,  Directeur  r\u00e9gional et interd\u00e9partemental  de  l'\u00e9conomie, de  l'emploi, du\ntravail et des  solidarit\u00e9s dlle-de-France,  aux  agents de l'Unit\u00e9 d\u00e9partementale  des  Hauts-\nde-Seine\nVu  la d\u00e9claration d'actvit\u00e9s de services \u00e0 la personne  d\u00e9pos\u00e9es  le 22 septembre  2025 au\nnom  de  la micro-entreprise  FRANCK  TESSIER  21 Rue  de  Nanterre  \u00e0 ASNIERES-SUR-\nSEINE  (82600)\n\n'Apr\u00e8s  examen  du dossier, cette demande  \u00e9tant  conforme  aux  dispositions de article L.7232-1-\n1 du  code  du  traval, le pr\u00e9sent  r\u00e9c\u00e9piss\u00e9  de  d\u00e9claration  dactivites  de  services  \u00e0 la personne  a\n\u00e9t\u00e9 enregistr\u00e9 au nom  de  la micro-entreprise FRANCK  TESSIER  sous le num\u00e9ro  SAP\n828111396,\nLes  activit\u00e9s d\u00e9ciar\u00e9es  sont les suivantes,  \u00e0 exclusion  de  toute  autre\n= Entretien  de  la maison  et travaux  m\u00e9nagers  ;\nPrestationsrelevant du b\u00e9n\u00e9fice dela  r\u00e9ductiond'imp\u00f4t pr\u00e9vue \u00e0 l'article 199 sexdecies du Code\nG\u00e9n\u00e9ral  des  Imp\u00f4ts\nLa  structure  exerce  ces  activit\u00e9s  selon  le mode  suivant  : PRESTATAIRE\nSous  r\u00e9serve  d'\u00eatre exerc\u00e9es  \u00e0  tre  exclus  par  le d\u00e9ciarant  (ou  sous  r\u00e9serve  d'une  comptabilit\u00e9\ns\u00e9par\u00e9e  pour  les personnes  morales  dispens\u00e9es de la condition  dactivit\u00e9 exclusive), ces  activit\u00e9s\nouvrent drot au b\u00e9n\u00e9fice des dispositions des articles L. 7233-2  du  code  du travail et L. 241-10\ndu  code  de  la s\u00e9curit\u00e9 sociale\nConform\u00e9ment  aux  dispositions de  Fartcle R7232-19  du  code  du  travail, l'organisme d\u00e9clar\u00e9 doit\nproduire  au  moins  chaque  timestr  un  \u00e9tat d'activit\u00e9 et chaque  ann\u00e9e  un  bilan quantitatif et\n'qualtaf de r'actii\u00e9 exerc\u00e9e au tire de l'ann\u00e9e \u00e9coul\u00e9e ainsi qu'un tableau statistique annuel.\nSi organisme  d\u00e9clar\u00e9  comport  plusieurs  \u00e9tablissements, les \u00e9tats statistiques et le bilan annuel\ndistinguent  Factivit\u00e9 exerc\u00e9e  par  chaque  \u00e9tablissement.\nLe  pr\u00e9sent  r\u00e9c\u00e9piss\u00e9  prend  effet le 22 septembre  2025.\nL'enregistrement de la d\u00e9claration  pourra \u00eatre retir\u00e9 si l'organisme d\u00e9clar\u00e9  cesse  de remplir\nles conditions  ou  de  respecter  les  obligations  mentionn\u00e9es  aux  4',5\u00b0  et 6\u00b0 de  l'article\nR7232-17  ou  qui m\u00e9connait  les obligations d\u00e9finies \u00e0 article R7232-\npeine  de  reai  dela  G\u00e9caraton,  fare  Tobjet Cune  d\u00e9daraion  moccate  aupr\u00e9s  de  F\u00dcnt\u00e9\nd\u00e9partementale  des  Hauts-de-Seine.\nLepr\u00e9sent  \u00e9n  sara  pub  au  rocuol  des  acts  cintre  de a  pr\u00e9c  des  Hauts\nde-Seine.\nFait \u00e0 Nanterre,  le 24  septembre  2025,\nPour  le Pr\u00e9fet\nPar  d\u00e9l\u00e9gation  ot  subd\u00e9l\u00e9gation\nLa  Responsable  du  service\nD\u00e9veloppement  de  l'emploi  et des\ncomp\u00e9tences.\n\nEx  Direction  r\u00e9gionale  et interd\u00e9partementale\nMINISTERE de l'\u00e9conomie, de l'emploi,\nDU  TRAVAIL,  DE  LA SANT\u00c9,  'du travail et des solidarit\u00e9s\nDES  SOLIDARIT\u00c9S\nET  DES  FAMILLES\nEMA\nR\u00e9c\u00e9piss\u00e9  n\u00b02025-494  de  d\u00e9claration d'activit\u00e9s de  services  \u00e0 la personne\nenregistr\u00e9e  sous  le n\u00b0 SAP991500018  au nom  de  la micro-entreprise  NNADOZIE\nEMMA 1 Place  Du  Ratrait \u00e0  SURESNES  (92150)\nLE  PREFET  DES  HAUTS-DE-SEINE\nVu  la loi n\u00b0 2010-859  du 23  juillet 2010  relative aux  r\u00e9seaux  consulaires, au commerce  et \u00e0\nisanat  et aux services (article 31)\nVu  la ki n\u00b020151776  du  28  d\u00e9cembre  2015  relatwe \u00e0 Fadaptation de  la soci\u00e9t\u00e9 au\niltissement\nVu  l'article 7231-1  du  Code  du  travail;\nVu  les d\u00e9crets n\u00b0 2011-1132  et n\u00b0 2011-1133  du  20 septembre  2011 modifant  certaines\ndispositions du Code  du traval, relatives au ch\u00e8que  emplol-service universel et aux\nservices  \u00e0  a  personne ;\nVu  le d\u00e9cret n\u00b02016-750 du 6 juin 2016 relat la iste des activit\u00e9sde services\u00e0 la personne\nsoumises  \u00e0 agr\u00e9ment  ou \u00e0 autorisation dans  le cadre  du r\u00e9gime  commun de a  d\u00e9claration ;\nVu  le d\u00e9cret du 31 octobre 2024  portant nomination  de Monsieur  Alexandre  BRUGERE,  en\nqualt\u00e9 de Pr\u00e9fet des Hauts-de-Seine ;\nVu  l'arr\u00eat\u00e9 interminist\u00e9riel du 12 ao\u00fbt 2025  nommant  Monsieur  Fabrice MASI,  Directeur\nr\u00e9gional et interd\u00e9partemental de  l'\u00e9conomie, de  l'emploi, du travail et des solidarit\u00e9s d'le-\nde-France  \u00e0 compter  du  25  ao\u00fbt  2025\nVu  l'arr\u00e8t\u00e9 pr\u00e9fectoral n\u00b02025-33  du 22 ao\u00fbt 2025  par lequel le Pr\u00e9fet des  Hauts-de-Seine\nd\u00e9l\u00e8gue  sa  signature  \u00e0 Monsieur  Fabrice  MASI,  Directeur  r\u00e9gional et interd\u00e9partemental\nde l'\u00e9conomie, de l'emploi, du travail et des solidarit\u00e9s d'\u00cele-de-France;\n'Vu la d\u00e9cision n\u00b0 2025-187  du  25  ao\u00fbt 2025  portant subd\u00e9l\u00e9gation de signature de  Monsieur\nFabrice MASI, Directeur r\u00e9gional et interd\u00e9partemental de  l'\u00e9conomie, de  l'emploi, du\naval  et des  solidarit\u00e9s d'le-de-France,  aux  agents  de  l'Unit\u00e9 d\u00e9partementale  des  Hauts-\nde-Seine ;\n'Vu la d\u00e9claration d'actit\u00e9s de  services \u00e0 la personne  d\u00e9pos\u00e9es  le 22 septembre  2025  au\nnom  de la micro-entreprise NNADOZIE  EMMA  1 Place Du  Ratrait \u00e0 SURESNES  (92150) ;\n\n'Apr\u00e8s examen  du dossier, cette demande  \u00e9tant conforme  aux dispositions de  l'ile  L. 7232-1-\n1 du  code  du travail, le pr\u00e9sent  r\u00e9c\u00e9piss\u00e9  de d\u00e9claration d'actvi\u00e9s  de services \u00e0 la personne  a\n\u00e9t\u00e9 enregistr\u00e9 au nom  de  la micro-entreprise  NNADOZIE  EMMA  sous  le num\u00e9ro  SAP\n991500018.\nLes  activit\u00e9s d\u00e9clar\u00e9es  sont ies suivantes,  \u00e0 l'exclusion de  toute autre\n= Entrotion  de la maison  ot travaux  m\u00e9nagers  ;\n+ Garde  d'enfants de  plus  de  trois  ans  \u00e0  domicile;\n= Accompagnement  des  enfants  de  plus  de  trois  ans  dans  leurs  d\u00e9placements  en\nehors  de  leur domicile  (promenades,  transports,  actes  de la vie  courants  ;\nPrestations  relevant  du  b\u00e9n\u00e9fice  de  la r\u00e9duction  d'imp\u00f4t  pr\u00e9vue  \u00e0  Tarticle 199  sexdecies  du  Code\nG\u00e9n\u00e9ral  des  Impets.\nLa  structure  exerce  ces  activit\u00e9s  solon  le mode  suivant  : PRESTATAIRE\nSous  r\u00e9serve d'\u00e9tre exerc\u00e9es  \u00e0 titre exclus  parle  d\u00e9clarant  (ou  sous  r\u00e9serve  d'une  comptablit\u00e9\ns\u00e9par\u00e9e  pour les personnes  morales  dispens\u00e9es  de la condition d activit\u00e9 exclusive) ces activit\u00e9s\n'ouvrent  droit au b\u00e9n\u00e9fice  des  dispostions  des  articles L. 7233-2  du  code du travail et L. 241-10\ndu  code  de la s\u00e9curit\u00e9 social.\nConform\u00e9ment  aux  dispositions de  l'articie R7232-19  du  code  du  travail, l'organisme  d\u00e9clar\u00e9  dot\nproduire au moins  chaque  trimestre un \u00e9tat d'activit\u00e9 et chaque  ann\u00e9e  un bilan quantitatif et\nqualitatif de l'activit\u00e9 exerc\u00e9e au tire de l'ann\u00e9e \u00e9coul\u00e9e ainsi qu'un tableau statistique annuel.\nSi l'organisme  d\u00e9clar\u00e9  comporte  plusieurs  \u00e9tablissements,  les \u00e9tats statistiques et le bilan annuel\ndistinguent  l'activit\u00e9 exerc\u00e9e  par  chaque  \u00e9tablissement\nLe  pr\u00e9sent  r\u00e9c\u00e9piss\u00e9  prond  effet lo 22  septembre  2025.\nL'enregistrement de la d\u00e9claration  pourra  \u00eatre retir\u00e9si l'organisme  d\u00e9clar\u00e9  cesse  de remplir\nles conditions  ou  de  respecter  les obligations  mentionn\u00e9es  aux  4\u00b0,5\u00b0 at 6\u00b0 do  l'article\n7282-17 ou  qui  m\u00e9connait  les  obligations  d\u00e9finies  \u00e0  article  R7232-19 du  code  du  travail.\ncos devra, sous\npeine de reat  de la d\u00e9caration, fare Tobjet d'une d\u00e9caraton  mocieatve  aupr\u00e9s de F\u00dcnit\u00e9\nd\u00e9partementale  des  Hauts-de-Seine.\nLe  prover  r\u00e9c\u00e9piss\u00e9  saa  pub  au  roue  des  aces  admis de  a  r\u00e9ecure des  Haut\ndo-Seine.\nFait \u00e0  Nanterre, le 24 septembre 2025,\nPour  le  Pr\u00e9fet\nd\u00e9l\u00e9gation  et  subd\u00e9l\u00e9gation\nLa  Responsable  du service\nD\u00e9veloppement  de  l'emploi et des\n'comp\u00e9tences\nAude\nMariama  CONDE\n\nEx  Direction r\u00e9gionale et interd\u00e9partementale\nMINIST\u00c8RE de l'\u00e9conomie, de l'emploi,\nDU  TRAVAIL,  DE  LA  SANT\u00c9,  du travail et des solidarit\u00e9s\nDES  SOLIDARIT\u00c9S\nET  DES  FAMILLES\nA\nR\u00e9c\u00e9piss\u00e9  n\u00b02025-495  de  d\u00e9claration  d'activit\u00e9s de  services  \u00e0 la personne\nenregistr\u00e9e  sous  le n\u00b0 SAP991567876  au  nom  de  la micro-entreprise  AGNES:\nMECHEMACHE  sise  6 Rue  Du  Val Content  \u00e0 FONTENAY  AUX  ROSES  (92260)\nLE  PREFET  DES  HAUTS-DE-SEINE\n'Vu la loi n\u00b0 2010-853  du 23  jullet 2010  relative aux r\u00e9seaux  consulaires, au commerce  et \u00e0\nl'artisanat et aux  services  (article 31);\nVu  la loi n\u00b02015-1778  du  28  d\u00e9cembre  2015  relative \u00e0 l'adaptation de  la soci\u00e9t\u00e9 au\nviellissement ;\nVu  l'aricie 07231-1  du  Code  du  travail\nVu  les d\u00e9crets n\u00b0 2011-1132  et n\u00b0 2011-1133  du 20 septembre  2011  modifiant certaines\ndisposiions du Code  du  travail, relatives au ch\u00e8que  emploi-service universel et aux\nservices  \u00e0  la personne\n'Vu le d\u00e9cret n\u00b02016-750  du 6 jun 2016  relatif \u00e0 la liste des  activites de services \u00e0 la personne\nsoumises  \u00e0 agr\u00e9ment  ou \u00e0 autorisation dans  le cadre du r\u00e9gime commun  de la d\u00e9claration ;\nVu  le d\u00e9cret du 31 octobre 2024  portant nomination de  Monsieur  Alexandre  BRUGERE,  en\n'qualit\u00e9 de Pr\u00e9fet des Hauts-de-Seine ;\nVu  l'arr\u00eat\u00e9 interminist\u00e9riel du 12 ao\u00fbt 2025  nommant  Monsieur  Fabrice MASI,  Directeur\nr\u00e9gionalet nterd\u00e9partementalde l'\u00e9conomie, de l'emploi, du travailet des solidarit\u00e9s d'le-\n'de-France \u00e0 compter du 25  ao\u00fbt 2025 ;\nVu  l'arr\u00eat\u00e9 pr\u00e9fectoral n\u00b02025-33  du  22 ao\u00fbt 2025  par lequel le Pr\u00e9fet des  Hauts-de-Seine\nd\u00e9l\u00e8gue  sa  signature  \u00e0 Monsieur  Fabrice  MASI,  Directeur  r\u00e9gional et iterd\u00e9partemental\nde  l'\u00e9conomie,de l'emploi du travail et des solidarit\u00e9s d'\u00cele-de-France;\nVu  la d\u00e9cision n\u00b0 2025-187 du 25 ao\u00fbt 2025  portant subd\u00e9l\u00e9gation de signature de Monsieur\nFabrice  MASI,  Directeur  r\u00e9gional  et interd\u00e9partemental  de  l'\u00e9conomie,  de  l'emploi, du\ntravail ot des  soldari\u00e9s  d'\u00cele-de-France,  aux  agents  de  l'Unit\u00e9 d\u00e9partementale  des  Hauts.\nde-Sei\nVu  la d\u00e9claration d'acthit\u00e9s de services \u00e0 la personne  d\u00e9pos\u00e9es  le 23 septembre  2025 au\nnom  de  la micro-entreprise AGNES  MECHEMACHE  sise 6 Rue  Du  Val Content \u00e0\nFONTENAY  AUX  ROSES  (82260)\n\n'Apr\u00e8s examen  du  dossier, cette demande  \u00e9tant conforme  aux dispostions  de  l'article L. 7232-1-\n1 du  code  du  travai, le pr\u00e9sent  r\u00e9c\u00e9piss\u00e9  de  d\u00e9claration  d activit\u00e9s de  services  \u00e0 la personne  a\n\u00e9t\u00e9 enregistr\u00e9 au nom  de  la micro-entreprise sise AGNES  MECHEMACHE  sous  le num\u00e9ro  SAP\n1991567876.\nLes  activit\u00e9s d\u00e9clar\u00e9es  sont les suivantes, \u00e0 l'exclusion de toute  autre\n= Entretien  de la  maison  et  travaux  m\u00e9nagers  ;\nPrestations relevant du  b\u00e9n\u00e9fice de  la r\u00e9duction d'imp\u00f4t pr\u00e9vue  \u00e0 'aricle 199 sexdecies  du Code\nG\u00e9n\u00e9ral  des  Imp\u00f4ts.\nLa structure exerce  ces  activit\u00e9s selon  le mode suivant : PRESTATAIRE\nSous  r\u00e9serve  d'\u00eatre exerc\u00e9es  \u00e0 tre  exclus  par  le d\u00e9clarant (ou sous  r\u00e9serve  d'une  comptabilit\u00e9\n's\u00e9par\u00e9e pour les personnes  morales  dispens\u00e9es  de la condition activit\u00e9 exclusive), ces activites\n'ouvrent droit au b\u00e9n\u00e9fice des dispositionsdes articles L. 7233-2  ducode du travail et L. 241-10\ndu  code  de  la s\u00e9curt\u00e9  sociale.\nCConform\u00e9ment  aux  disposons  de  l'article R7232-19 du  code  dutavai  organisme  d\u00e9clar\u00e9  dot\nproduire  au  moins  chaque  timestre  un  \u00e9tat d'activit\u00e9 et chaque  ann\u00e9e  un  blan  quantita  et\nQualtath de  Factvit\u00e9 exerc\u00e9e  autre de l'ann\u00e9e \u00e9coul\u00e9e ainsi qu'un tableau statistique annuel.\nSiorganisme  d\u00e9ciar\u00e9  comporte  plusieurs  \u00e9tabissements,  les \u00e9tats statistiques ete  ban  annuel\nistinguent  activit\u00e9 exerc\u00e9e par chaque  \u00e9tablissement\nLe  pr\u00e9sont  r\u00e9c\u00e9piss\u00e9  prend  effet le 23  septembre  2025.\nL'enregistrement  de  la d\u00e9claration  pourra  \u00eatre retir\u00e9si l'organisme  d\u00e9clar\u00e9  cesse de remplir\nles conditions  ou  de  respecter  les obligations mentionn\u00e9es  aux  4\u00b0,5\u00b0 et 6\u00b0 de  l'article\n723247 ou qui  m\u00e9connalt les  obligations  d\u00e9finies  \u00e0 l'article R7232+\npaiede retrait dela declaration, are l'objet dune d\u00e9claration modticalve aupr\u00e9s de F\u00dcnit\u00e9\nd\u00e9partementale  des  Hauts-de-Seine.\nLe pr\u00e9sent r\u00e9c\u00e9piss\u00e9 sera publi\u00e9 au recueil des  actes administratifs de la pr\u00e9fecture des  Hauts-\nde-Seine.\nFait \u00e0 Nanterre,  le 30  septembre  2025,\nPour  le  Pr\u00e9fot\nPar  d\u00e9l\u00e9gation  et subd\u00e9l\u00e9gation\nLa  Responsable  du  service\nD\u00e9veloppement  de  l'emploi  et des\neu\nMariamd CONDE\n\n=a  Direction  r\u00e9gionale  et interd\u00e9partementale\nMINISTERE  de l'\u00e9conomie, de l'emploi,\nDU  TRAVAIL,  DE  LA  SANT\u00c9,  du travail et des solidarit\u00e9s\nDES  SOLIDARIT\u00c9S\nET  DES  FAMILLES\n'ee\nR\u00e9c\u00e9piss\u00e9  n\u00b02025-496  de  d\u00e9claration  d'activit\u00e9s  de  services  \u00e0 la personne\nenregistr\u00e9e  sous  le n\u00b0  SAP991197765  au  nom  de  la micro-entreprise  AMINATA\nGUIGMA  24  Avenue  Audra  \u00e0 COLOMBES  (92700)\nLE  PREFET  DES  HAUTS-DE-SEINE\nVu  la loi n\u00b0 2010-853  du  23  juillet 2010  relative aux  r\u00e9seaux  consulaires,  au  commerce  et \u00e0\nl'artisanat et aux  services  (article 31);\nVu  la loi n\u00b02015-1776  du  28  d\u00e9cembre  2015  relative \u00e0 adaptation  de  la soci\u00e9t\u00e9  au\nviilissement\nVu  Farticle D7231-1  du  Code du travail;\nVu  les d\u00e9crets  n\u00b0 2011-1132  et n\u00b0 2011-1133  du  20  septembre  2011  modifiant  certaines\ndispositions du  Code  du  travail, relatives au  ch\u00e8que  emplo-service  universel et aux\nservices  \u00e0  la personne\nVu  le d\u00e9cret  n\u00b02016-750  du  6 juin 2016  relatif \u00e0 la iste des  activit\u00e9s de  services  \u00e0 la personne\nsoumises \u00e0  agr\u00e9ment  ou \u00e0 autorisation  dans  le cadre  du  r\u00e9gime  commun  de a  d\u00e9claration  ;\nVu  le d\u00e9cret  du  31 octobre  2024  portant  nomination  de  Monsieur  Alexandre  BRUGERE,  en\nqualt\u00e9  de  Pr\u00e9fet des  Hauts-de-Seine\nVu  l'ar\u00f4t\u00e9 interminist\u00e9riel du  12  ao\u00fbt  2025  nommant  Monsieur  Fabrice  MASI,  Directeur\nr\u00e9gional et interd\u00e9partemental de  l'\u00e9conomie, de l'emploi, du travailet des solidarit\u00e9s dle-\nde-France  \u00e0  compter  du  25  ao\u00fbt  2025\nVu  l'arr\u00eat\u00e9  pr\u00e9fectoral  n\u00b02028-33  du  22  ao\u00fbt  2025  par  lequel  le Pr\u00e9fet  des  Hauts-de-Seine\nd\u00e9l\u00e8gue  sa signature  \u00e0 Monsieur  Fabrice  MASI,  Directeur  r\u00e9gional et interd\u00e9partemental\nde l'\u00e9conomie, de l'emploi, du travail et des solidart\u00e9s d'\u00eele-de-France\n'Vu  la d\u00e9cision  n\u00b0  2025-157  du  25  ao\u00fbt  2025  portant  subd\u00e9l\u00e9gation  de  signature  de  Monsieur\nFabrice  MASI,  Directeur  r\u00e9gional  et interd\u00e9partemental  de  l'\u00e9conomie,  de  l'emploi, du\ntravail et des  soldart\u00e9s  d'le-de-France,  aux  agents  de  [Unit\u00e9  d\u00e9partementale  des  Hauts-\nde-Seine  :\nVu  la d\u00e9claration  d'activit\u00e9s de  services  \u00e0  la personne  d\u00e9pos\u00e9es  le 21 septembre  2025  au\nnom  de  la micro-entreprise  AMINATA  GUIGMA  24  Avenue  Audra  \u00e0  COLOMBES  (82700)\n\nApr\u00e8s  examen  du  dossier, cette demande  \u00e9tant  conforme  aux  dispositions de  l'article L. 7232-1-\n1 du  cade  di  travaille  pr\u00e9sent  r\u00e9c\u00e9piss\u00e9  de  d\u00e9claration  activit\u00e9s  de  services  \u00e0  la personne  a\n\u00e9t\u00e9 enregistr\u00e9 au nom  de  la micro-entreprise  AMINATA  GUIGMA  sous  le num\u00e9ro  SAP\n99119765.\nLes  activit\u00e9s d\u00e9clar\u00e9es  sont les suivantes, a exclusion  de  toute  autre\nEntretien  de la  maison  et  travaux  m\u00e9nagers  ;\nPrestations  relevant du  b\u00e9n\u00e9fice  dela  r\u00e9duction  d'imp\u00f4t  pr\u00e9vue  \u00e0 article 199  sexdecies  du  Code\nG\u00e9n\u00e9ral  des  impets.\nLa  structure exerce  ces  activit\u00e9s selon  le mode suivant : PRESTATAIRE\nSous  r\u00e9serve d'\u00eatre exerc\u00e9es  \u00e0 ttre exclusf par le d\u00e9clarant (ou sous  r\u00e9serve d'une comptabit\u00e9\ns\u00e9par\u00e9e  pour les personnes  morales dispens\u00e9es  de a  condition d'actvit\u00e9 exclusive), ces activites\nouvrent  drot  au  b\u00e9n\u00e9fice  des  dispositions des  articles L. 7233-2  du  code  du  travall et L 241-10\ndu  code  de  la s\u00e9curit\u00e9 sociale.\nConform\u00e9ment  aux  dispositions de  article R7232-19  du  code  du  travail, organisme  d\u00e9clar\u00e9  dot\nproduire au moins  chaque  trimestre un \u00e9tat dactvit\u00e9 et chaque  ann\u00e9e un bilan quantitatif et\nqualtatfde l'activit\u00e9 exerc\u00e9e au tire de l'ann\u00e9e \u00e9coul\u00e9e ainsi qu'un tableau statistique annuel\nSi organisme  d\u00e9clar\u00e9 comporte  plusieurs \u00e9tablissements, les \u00e9tats statistiques et le bilan annuel\ndistinguent  [activit\u00e9 exerc\u00e9e  par  chaque  \u00e9tablissement.\nLe  pr\u00e9sent  r\u00e9c\u00e9piss\u00e9  prond  effet le 21 septembre  2025.\nL'enregistrement de la d\u00e9claration pourra \u00eatre retir\u00e9 si l'organisme  d\u00e9clar\u00e9 casse  de romplir\nles conditions  ou  de  respecter  les obligations mentionn\u00e9es  aux  4\u00b0,5\u00b0 et 6\u00b0 de  l'article\nR7232-17  ou  qui  m\u00e9connait  les obligations  d\u00e9finies  \u00e0  l'article R7232-19 du  code  du  travail,\npne  de reat  de la G\u00e9iaration, fare Tobjet dune  d\u00e9claration modicatve  aupr\u00e9s  de  FUni\u00e9\nd\u00e9partementale  des  Hauts-de-Seine.\nLe  pr\u00e9sent r\u00e9c\u00e9piss\u00e9 sera publi\u00e9 au recuell des actes administratifs de la pr\u00e9fecture des Hauts-\nde-Seine.\nFait \u00e0 Nanterre,  le 30  septembre  2026.\nPour  le  Pr\u00e9fot\nr d\u00e9l\u00e9gation  et subd\u00e9l\u00e9gation\nLa  Responsable  du  service\nD\u00e9veloppement  de  l'emplo  et des\nD  te\nGes\nMariama  CONDE\n\nEx  Direction  r\u00e9gionale  et interd\u00e9partementale\nMINIST\u00c8RE  de l'\u00e9conomie, de l'emploi,\nDU  TRAVAIL,  DE  LA  SANT\u00c9,  du travail et des solidarit\u00e9s\nDES  SOLIDARIT\u00c9S\nET  DES  FAMILLES\nEM\nR\u00e9c\u00e9piss\u00e9  n\u00b02025497  de  d\u00e9claration  d'activit\u00e9s de  services  \u00e0 la personne\n\"enregistr\u00e9e  sous  le n\u00b0 SAP990143075  au  nom  de  la micro-entreprise  Thaliya\nBARAY  29  Rue Victor  Hugo  \u00e0  ISSY-LES-MOULINEAUX  (92130)\nLE  PREFET  DES  HAUTS-DE-SEINE\nVu  la loi n\u00b0  2010-853  du  23juilet  2010  relative  aux  r\u00e9seaux  consulaires,  au  commerce  et  \u00e0\nl'artisanatet aux  services  (article 31);\nVu  la loi n\u00b020151776  du  28  d\u00e9cembre  201$  relative \u00e0 l'adaptation de  la soci\u00e9t\u00e9  au\nveilissement ;\n'Vu l'aricie 07231-1  du  Code  du  travail;\nVu  les d\u00e9crets  n\u00b0 2011-1132  et n\u00b0 2011-1133  du  20  septembre  2011  modifiant  certaines\ndisposiions  du  Code  du  travail, relatives au  ch\u00e8que  emploi-service  universel et aux\nservices  \u00e0 la personne ;\n'Vu le d\u00e9cretn'2016-750 du 6 jun  206  relat  \u00e0 la iste des activites de services \u00e0 Ia personne\n'soumises \u00e0  agr\u00e9ment  ou  \u00e0 autorisation dans  le cadre  du  r\u00e9gime  commun  dela  d\u00e9ciaration  ;\n'Vu le d\u00e9cret du 31 octobre  2024  portant  nomination  de  Monsieur  Alexandre  BRUGERE,  en\nquait\u00e9 de  Pr\u00e9fet des Hauts-de-Seine ;\nVu  Farr\u00e9t\u00e9 interminist\u00e9riol du  12 ao\u00fbt  2025  nommant  Monsieur  Fabrice  MASI,  Directeur\nr\u00e9gional et interd\u00e9partementalde l'\u00e9conomie, de l'emploi, du  travailet des solidarit\u00e9s d'il\nde-France  \u00e0  compter  du  25  ao\u00fbt  2025 ;\nVu  arrbte  pr\u00e9fectoral  n\u00b02025-33  du  22  ao\u00fbt  2025  par  lequel  le Pr\u00e9fet  des  Hauts-de-Seine\nd\u00e9l\u00e8gue  sa  signature  \u00e0  Monsieur  Fabrice  MASI,  Directeur  r\u00e9gional  et interd\u00e9partemental\nde l'\u00e9conomie, de l'emploi, du travalet des solidarit\u00e9s d'\u00cele-de-France ;\nVu  la d\u00e9cision  n\u00b0 2025-157  du  25  ao\u00fbt  2025  portant  subd\u00e9l\u00e9gation  de  signature  de  Monsieur\nFabrice  MASI,  Directeur  r\u00e9gional  et interd\u00e9partemental  de  l'\u00e9conomie,  de  l'emploi, du\ntraval  et des  saidarit\u00e9s  d'le-de-France,  aux  agents  de  Unit\u00e9  d\u00e9partementale  des  Hauts-\ndeSeine  ;\nVu  la d\u00e9claration  d'actvit\u00e9s  de  services  \u00e0 la personne  d\u00e9pos\u00e9es  le 12 septembre  2025  au\nnom  de  la micro-entreprise  Thaliya  BARAY  29  Rue  Victor  Hugo  \u00e0  ISSY.LES-\nMOULINEAUX  (82130)\n\nApr\u00e8s  examen  du  dossier, cette demande  \u00e9tant conforme  aux  dispositions  de  l'article L. 7232-1-\n1 du  code  du  traval  le pr\u00e9sent  r\u00e9c\u00e9piss\u00e9  de  d\u00e9claration  d'activit\u00e9s de  services  \u00e0  la personne  a\n\u00e9t\u00e9 enregistr\u00e9  au  nom  de  la micro-entreprise  Thaliya  BARAY  sous  le num\u00e9ro  SAP\n990143075,\nLes  activit\u00e9s  d\u00e9clar\u00e9es  sont  les  suivantes,  \u00e0  exclusion  de  toute  autre\n+ Garde  d'enfants de  plus  de  trois  ans  \u00e0  domici\n= Soutien  scolaire  ou  cours  \u00e0  domicile  ;\n= Accompagnement  des  enfants  de  plus  de  trois ans  dans  leurs  d\u00e9placements  en\n'dehors  de leur domicile  (promenades,  transports,  actes  de  la vie courant);\nPrestations  relevant du  b\u00e9n\u00e9fice  dela  r\u00e9duction  d'imp\u00f4t  pr\u00e9vue  \u00e0 article 199  sexdecies  du  Code\nG\u00e9n\u00e9ral  des  Imp\u00eats.\nLa structure exerce  ces  activit\u00e9s selon  le mode  suivant : PRESTATAIRE\nSous  r\u00e9serve  d'\u00eatre exerc\u00e9es  \u00e0 tre  exclus  par  le d\u00e9clarant  (ou sous  r\u00e9serve  d'une  comptabilit\u00e9\ns\u00e9par\u00e9e  pour les personnes  morales  dispens\u00e9es  de  a  condition d'activit\u00e9 exclusive) ces activit\u00e9s\n'ouvrent droit au b\u00e9n\u00e9fice  des  dispositions des  arties  L. 7233-2  du  code  du  traval et L. 241-10,\ndu  code  de  la s\u00e9curt\u00e9  social.\n{Conform\u00e9ment  aux  dispositions  de  article R7232-19  du  code  du  travail organisme  d\u00e9ciar\u00e9  dot\nproduire  au  moins  chaque  timestre  un  \u00e9tat d'activit\u00e9 et chaque  ann\u00e9e  un  bilan quantitatf et\nqualtatf  de  l'activt\u00e9 exerc\u00e9e  au  tire de  l'ann\u00e9e  \u00e9coul\u00e9e  ainsi qu'un  tableau  statistique annuel\nSi l'organisme  d\u00e9clar\u00e9  comporte  plusieurs  \u00e9tablissements,  les \u00e9tats statistiques et le bilan annuel\ndistinguent  l'activit\u00e9 exerc\u00e9e  par  chaque  \u00e9tablissement.\nLe  pr\u00e9sent  r\u00e9c\u00e9piss\u00e9  prend  offet le 12  septembre  2025.\nL'enrogistrement de la d\u00e9claration  pourra  dtr  rotir\u00e9 si l'organisme  d\u00e9clar\u00e9  cesse  de remplir\nles conditions  ou  de respecter  les obligations mentionn\u00e9es  aux  4\u00b0,5* et 6\u00b0 de  l'article\n7232.17  ou  qui  m\u00e9connait  les obligations  d\u00e9finies \u00e0  l'article R7232-19 du code  du  travail.\n'Toute modification concernant la structure d\u00e9clar\u00e9e ou les activit\u00e9s exerc\u00e9es devra. sous\npeine  de  retrait de  la d\u00e9claration, faire Fobjet dune  d\u00e9claration  modiicatie  aupr\u00e8s  de  l'Unit\u00e9\nd\u00e9partementale  des  Hauts-de-Seine.\nLe  pr\u00e9sent  r\u00e9c\u00e9piss\u00e9  sera  publi\u00e9 au  recueil des  actes  administratfs de la pr\u00e9fecture des  Hauts-\ndeSeine.\nFait \u00e0  Nanterre,  le 30 septembre  2025,\nPour  lo Pr\u00e9fet\nPar  d\u00e9l\u00e9gation  ot subd\u00e9l\u00e9gation\nLa  Responsable  du  sorvice\nD\u00e9veloppement  de  l'emploi  ot des\ncomp\u00e9tences\nCONDE\n\nEE  Direction  r\u00e9gionale et interd\u00e9partementale\nMINIST\u00c8RE de l'\u00e9conomie, de l'emploi,\nDU  TRAVAIL,  DE  LA  SANT\u00c9,  du travail et des solidarit\u00e9s\nDES  SOLIDARIT\u00c9S\nET  DES  FAMILLES\nEMA\nR\u00e9c\u00e9piss\u00e9  n\u00b02025-498  de  d\u00e9claration  d'activit\u00e9s  de services  \u00e0  la personne\nenregistr\u00e9e  sous  le n\u00b0 SAP991659517  au  nom  de  la micro-entreprise  MILOUDI\n'AMINE  12  Rue  du  Grand  Champ  \u00e0  NANTERRE  (92000)\nLE  PREFET  DES  HAUTS-DE-SEINE\nVu  la oi n\u00b0 2010-853  du  23  jullet 2010  relative aux  r\u00e9seaux  consulaires, au commerce  et \u00e0\nl'artisanat et aux  services  (article 31)\nVu  la loi n\u00b02015-1776  du  28  d\u00e9cembre  2015  relative  \u00e0  l'adaptation  de  la soci\u00e9t\u00e9  au\nViellissement;\nVu  l'aricle D7231:1  du  Code du travail;\nVu  les d\u00e9crets n\u00b0 2011-1132  et n\u00b0 2011-1133  du  20 septembre  2011  modifiant certaines:\ndispositions du  Code  du  travail, relatives au  ch\u00e8que  emplo-service  universel et aux\n'services  \u00e0 a  personne ;\nVu  le d\u00e9cret  n\u00b02016-750  du  6 juin 2016  relatif \u00e0 la isto des  activit\u00e9s de  services  \u00e0 la personne\nsoumises  \u00e0 agr\u00e9ment  ou \u00e0 autorisation dans  le cadre  du  r\u00e9gime  commun  de a  d\u00e9ciaraion  ;\n'Vu le d\u00e9cret  du  31 octobre  2024  portant nomination  de  Monsieur  Alexandre  BRUGERE,  en\nquait\u00e9 de Pr\u00e9fet des Hauts-de-Seine ;\nVu  l'ar\u00e9t\u00e9 interminist\u00e9riel du  12  ao\u00fbt  2025  nommant  Monsieur  Fabrice  MASI,  Directeur\nr\u00e9gional et iterd\u00e9partemental  de  l'\u00e9conomie, de l'emploi, du travailet des  soldartes  dll\nde-France  \u00e0  compter  du  25  ao\u00fbt  2025\nVu  l'ar\u00e8t\u00e9 pr\u00e9fectoral n\u00b02025-33  du  22  ao\u00fb  2025  par  lequel le Pr\u00e9fet des  Hauts-de-Seine\n'd\u00e9l\u00e8gue  sa  signature  \u00e0 Monsieur  Fabrice  MASI,  Directeur  r\u00e9gional et interd\u00e9partemental\nde  \u00e9conomie,  de l'emploi, du traval et des  solidarit\u00e9s d'\u00eel-de-France\n'Vu la d\u00e9cision  n\u00b0 2025-187  du  25  ao\u00fbt  2025  portant subd\u00e9l\u00e9gation  de  signature  de Monsieur\nFabrice  MASI,  Directeur  r\u00e9gional et interd\u00e9partemental  de  l'\u00e9conomie,  de  l'emploi, du\ntravail et des  solidarit\u00e9s  d'le-de-France, aux  agents  de  l'Unit\u00e9 d\u00e9partementale  des  Hauts-\nde-Seine\n'Vu la d\u00e9claration  d'activit\u00e9s de  services  \u00e0  la personne  d\u00e9pos\u00e9es  le 23  septembre  2025  au\nnom  de  la micro-entreprise  MILOUDI  AMINE  12 Rue  du  Grand  Champ  \u00e0 NANTERRE\n(82000) ;\n\n'Apres examen  du dossier, cette demande  \u00e9tant conforme  aux dispositions de  l'article L. 7232-1-\n1 du  code  du  travall, le pr\u00e9sent  r\u00e9c\u00e9piss\u00e9  de  d\u00e9claration  d activit\u00e9s de  services  \u00e0 la personne  \u00e0\n\u00e9t\u00e9  enregistr\u00e9  au  nom  de  la micro-entreprise  MILOUDI  AMINE  sous  le num\u00e9ro  SAP  991659517.\nLes  activit\u00e9s d\u00e9ciar\u00e9es  sont les suivantes,  \u00e0 l'exclusion de toute  autre\nEntretien  de  la maison  et travaux  m\u00e9nagers  ;\nPrestations relevant du b\u00e9n\u00e9fice de  la r\u00e9duction d'imp\u00f4t pr\u00e9vue  \u00e0 'aricie 199 sexdecies  du Code\nG\u00e9n\u00e9ral  des  Imp\u00f4ts.\nLa  structure exorce  ces  activit\u00e9s selon  le mode  suivant  : PRESTATAIRE\nSous  r\u00e9serve d'\u00eatre exerc\u00e9es  \u00e0 tte  exclusif parle d\u00e9clarant (ou sous  r\u00e9serve d'une comptabit\u00e9\ns\u00e9par\u00e9e  pour les personnes  morales  dispens\u00e9es  de la condition d'actvi\u00e9 exclusive), ces activites\n'ouvrent droit au  b\u00e9n\u00e9fice des  dispostions des artcies L. 7233-2  du code du traval et L. 241-10\ndu  code  de  la s\u00e9curit\u00e9 sociale.\n(Conform\u00e9ment  aux dispositions de  article R7232-19 du code  du travail, l'organisme d\u00e9clar\u00e9 doit\nproduire  au  moins  chaque  ttimestre un  \u00e9tat dactivit\u00e9 et chaque  ann\u00e9e  un  bilan quanttatf  et\nqualtatf de active  exerc\u00e9e  au tie  de l'ann\u00e9e \u00e9coul\u00e9e  ainsi qu'un tableau statistique annuel.\nSi l'organisme d\u00e9clar\u00e9 comporte  plusieurs \u00e9tablissements, les \u00e9tats statistiques ete  ban  annuel\ndistinguent l'activit\u00e9 exerc\u00e9e  par chaque  \u00e9tablissement\nLe  pr\u00e9sent  r\u00e9c\u00e9piss\u00e9  prend  effet le 23 septembre  2025.\nL'enrogistrement de la d\u00e9claration pourra \u00eatre ratir\u00e9 si l'organisme  d\u00e9clar\u00e9 cesse  de remplir\nles conditions  ou  de respecter  les obligations mentionn\u00e9es  aux  4\u00b0,5* et 6\u00b0 de  l'article\nR723217  ou  qui m\u00e9connait  les obligations d\u00e9finies \u00e0 l'article R7232-19 du code  du  travail,\nToute  modification concernant a structure d\u00e9clar\u00e9e ou les activit\u00e9s exerc\u00e9es devra. sous\npans  de  reval  dela  d\u00e9claration, fae  Tobjet dune  d\u00e9claration mociicatve  aupr\u00e8s  de FUNA\u00e9\nd\u00e9partementale  des  Hauts-de-Seine\nLe pr\u00e9sent r\u00e9c\u00e9piss\u00e9 sera publi\u00e9 au recueil des actes adminstratifs de  Ia pr\u00e9fecture des Hauts-\nde-Seine.\nFait  \u00e0  Nanterre,  le 30  septembre  2025,\nPour  le Pr\u00e9fet\nPard\u00e9l\u00e9gation  ot subd\u00e9l\u00e9gation\nLa  Responsable  du  service\nD\u00e9veloppement  de l'emploi  et des\ncomp\u00e9tences\n{ ae\nMariama CONDE\n\n=a  Direction r\u00e9gionale et interd\u00e9partementale\nMINIST\u00c8RE de l'\u00e9conomi\nDU  TRAVAIL, DE LA SANT\u00c9, du travail et d\nDES  SOLIDARIT\u00c9S\nET  DES  FAMILLES\nR\u00e9c\u00e9piss\u00e9  n*2025-499  de  d\u00e9claration d'activit\u00e9s de  services \u00e0 la personne\nenregistr\u00e9e  sous  le n\u00b0 SAP991563040  au  nom  de  la micro-entreprise  PARENTEAU-\nDENOEL  ANAIS  29  Rue  du  Chalet  \u00e0 ASNIERES-SUR-SEINE  (92600)\nLE  PREFET  DES  HAUTS-DE-SEINE\nVu  la loi n\u00b0 2010-853 du 23 jullet 2010  relative aux  r\u00e9seaux  consulaires, au commerce  et \u00e0\nl'artisanat et aux  services  (article 31) ;\nVu  la loi n\u00b02015-1776  du 28  d\u00e9cembre  2015  relative \u00e0 adaptation  de  la soci\u00e9t\u00e9 au\nviilissement ;\nVu  l'article 07231-1  du  Code  du travail;\nVu  les d\u00e9crets n\u00b0 2011-1132  et n\u00b0 2011-1133  du  20 septembre  2011  modifiant certaines\ndispositions du  Code  du aval,  relatives au ch\u00e8que  emplo-service  universel et aux\n'services \u00e0 la personne  ;\nVu  le d\u00e9cret n\u00b02016-750  du  6 juin 2016  relatif \u00e0 la liste des  activites de services \u00e0 Ia personne\n'soumises \u00e0 agr\u00e9ment  ou \u00e0 autorisationdans le cadre du r\u00e9gime  commun de la d\u00e9claration\nVu  le d\u00e9cret du 31 octobre 2024  portant nomination de Monsieur  Alexandre  BRUGERE,  en\nqualit\u00e9 de Pr\u00e9fet des Hauts-de-Seine ;\nVu  l'arr\u00eat\u00e9 interminist\u00e9riel du  12 ao\u00fbt 2025  nommant  Monsieur  Fabrice MASI,  Directeur\nr\u00e9gionalet interd\u00e9partemental de l'\u00e9conomie, de l'emploi, du travail et des solidarit\u00e9sGil\nde-France  \u00e0 compter  du  25  ao\u00fbt  2025\nVu  l'ar\u00f4t\u00e9 pr\u00e9fectoral n\u00b02026-33  du 22 ao\u00fbt 2025  par lequel le Pr\u00e9fet des  Hauts-de-Seine\nd\u00e9l\u00e8gue sa signature\u00e0 Monsieur Fabrice MASI, Directeur r\u00e9gional et interd\u00e9partemental\nde l'\u00e9conomie, de l'emplol, du traval et des soldartes d'le-de-France;\nVu  la d\u00e9cision n\u00b0 2025-187  du 25 ao\u00fbt 2025  portant subd\u00e9l\u00e9gation de signature de Monsieur\nFabrice MASI,  Directeur r\u00e9gional et interd\u00e9partemental de  l'\u00e9conomie, de l'emploi, du\ntravail et des  soldarit\u00e9s dle-de-France,  aux  agents  de  Unit\u00e9  d\u00e9partementale  des  Hauts-\nde-Sei\n'Vu la d\u00e9claration dactvit\u00e9s  de  services \u00e0 la personne  d\u00e9pos\u00e9es  le 23 septembre  2025  au\nnom  de la micro-entreprise PARENTEAU-DENOEL  ANAIS  29 Rue  du Chalet \u00e0\nASNIERES-SUR-SEINE (82600)\n\nApr\u00e8s  examen  du  dossier, cette demande  \u00e9tant conforme  aux  dispositions de  Farce  L. 7282-1-\n1 du  code  du  travail, le pr\u00e9sent  r\u00e9c\u00e9piss\u00e9  de  d\u00e9claration  d'activit\u00e9s  de  services  \u00e0 la personne  \u00e0\n\u00e9t\u00e9  enregistr\u00e9  au  nom  de  la micro-entreprise  PARENTEAU-DENOEL  ANAIS  sous le  num\u00e9ro\nSAP  991563040.\nLes  activit\u00e9s  d\u00e9ciar\u00e9es  sont  les  suvantes,  a  l'exclusion  de  toute  a\n= Garde  d'enfants  de  plus  de  trois  ans  \u00e0  domicile\n= Accompagnement  des  enfants  de  plus  de  trols  ans dans  leurs  d\u00e9placoments  en\ndehors  de  leur domicile  (promenades,  transports,  actes  de  la vie courante)  ;\nr\u00e9duction  d'imp\u00f4t  pr\u00e9vue  \u00e0  l'article 199  sexdecies  du  CodePrestations  relevant  du  b\u00e9n\u00e9fice  de\nG\u00e9n\u00e9ral  des  Imp\u00f4ts.\nLa  structure  exorce  ces  activit\u00e9s  selon  le mode  suivant  : PRESTATAIRE\nSous  r\u00e9serve  d'\u00eatre exerc\u00e9es  \u00e0  tre  exclust  par  le d\u00e9clarant  (ou  sous  r\u00e9serve  d'une  comptabilit\u00e9\ns\u00e9par\u00e9e  pour  les personnes  morales  dispens\u00e9es  de  la condition  d'actvit\u00e9 exclusive), ces  activites\nouvrent  drot  au  b\u00e9n\u00e9fice des  dispositions des  articles  L. 7233-2  du  code  du  traval  et  L. 241-10\ndu  code  de  la s\u00e9curit\u00e9  sociale,\nConform\u00e9ment  aux  dispositions de  article  R7232-19  du  code  du  travail Forganisme  d\u00e9clar\u00e9  doit\nproduire au  moins  chaque  trimestre un \u00e9tat dactivit\u00e9 et chaque  ann\u00e9e  un bilan quantiati et\nquaitatf de activit\u00e9 exerc\u00e9e au tire de l'ann\u00e9e \u00e9coul\u00e9e ainsi qu'un tableau statistique annuel\nSi l'organisme  d\u00e9clar\u00e9  comporte  plusieurs  \u00e9tablissements,  les \u00e9tats statistiques et le bilan annuel\ndistinguent  l'activit\u00e9 exerc\u00e9e  par  chaque  \u00e9tablissement.\nLe  pr\u00e9sent  r\u00e9c\u00e9piss\u00e9  prend  effet le 23  septembre  2025.\nL'enregistrement de la d\u00e9claration  pourra  tre  ratir\u00e9 si l'organisme d\u00e9clar\u00e9  cesse de remplir\nles conditions  ou  de  respecter  los obligations  mentionn\u00e9es  aux  4\u00b0,\npeine  de  reat  de  la decoration,  fare  Fobjet  d'une  d\u00e9ciaraton  modiicave  aupr\u00e9s  de  FUni\u00e9\n'd\u00e9partementale des  Hauts-de-Seine.\nLe  pr\u00e9sent  r\u00e9c\u00e9piss\u00e9  sera publi\u00e9 au recuei  des  actes  administratifs de la pr\u00e9fecture  des  Hauts-\nde-Seine.\nFait \u00e0 Nanterre, le 30 septembre 2025,\nPar  d\u00e9l\u00e9gation  et subd\u00e9l\u00e9gation\npepe\nDen  corel  et ea\nMariama  CONDE\n\nEE  Direction r\u00e9gionale  etinterd\u00e9partementale\nMINISTERE de l'\u00e9conomie, de l'emploi,\nDU  TRAVAIL, DE LA SANT\u00c9, du travail et des solidarit\u00e9s\nDES  SOLIDARIT\u00c9S\nET  DES  FAMILLES\nEM\nR\u00e9c\u00e9piss\u00e9  n\u00b02028-500  de  d\u00e9claration d'activit\u00e9s de  services  \u00e0 la personne\nenregistr\u00e9e sous  le n\u00b0 SAP991710385  au nom  de la micro-entreprise PERRIES\nLAURENT 13  Rue  Carnot \u00e0 LEVALLOIS-PERRET  (92300)\nLE  PREFET  DES  HAUTS-DE-SEINE\nVu  la loi n\u00b0 2010-853  du 23  juillet 2010  relative aux r\u00e9seaux  consulaires, au commerce  et \u00e0\nl'artisanat et aux  services  (article 31)\nVu la loi n\u00b020151776  du 28 d\u00e9cembre  2015 relative \u00e0 l'adaptation de la soci\u00e9t\u00e9 au\nvellissement\nVu  l'aricie 07231-1 du Code du trava\nVu  les d\u00e9crets n\u00b0 2011-1132 et n\u00b0 2011-1133  du 20 septembre 2011 modifiant certaines\ndispositions du Code  du  travail, relatives au  ch\u00e8que  emplo-service  universel et aux\nservices \u00e0 a personne  ;\nVu  le d\u00e9cratn\u00b02016:750 du 6 jun 2016 relatif \u00e0 la liste des activites de services \u00e0 la personne\nsoumises \u00e0 agr\u00e9ment ou \u00e0 autorisation dans le cadre du r\u00e9gime commun  de la d\u00e9ciaration\n'Vu le d\u00e9cret du 31 octobre 2024 portant nomination de Monsieur Alexandre BRUGERE,\nqualt\u00e9 de Pr\u00e9fet des Hauts-de-Seine ;\nVu  l'arr\u00e9t\u00e9 interminist\u00e9riel du  12 ao\u00fbt 2025  nommant  Monsieur  Fabrice MASI, Directeur\nr\u00e9gional et interd\u00e9partementalde l'\u00e9conomie, de l'emplo, du travail et des solidarit\u00e9sd'il\nde-France  \u00e0 compter  du  25  ao\u00fbt  2025 ;\nVu  l'arr\u00eat\u00e9 pr\u00e9fectoral n\u00b02025-33 du 22 ao\u00fbt 2025  par lequel le Pr\u00e9fet des  Hauts-de-Seine\nd\u00e9lgue  sa signature \u00e0 Monsieur  Fabrice MASI,  Directeur r\u00e9gional et interd\u00e9partemental\nde l'\u00e9conomie, de l'emploi, du traval et des solidant\u00e9s d'le-de-France;\nVu  la d\u00e9cision n\u00b0 2025-157 du 25 ao\u00fbt 2025 portant subd\u00e9l\u00e9gation de signature de Monsieur\nFabrice MASI, Directeur r\u00e9gional et Interd\u00e9partemental de l'\u00e9conomie. de l'emploi, du\ntravail et des soldart\u00e9s d'le-de-France, aux agents de [Unit\u00e9 d\u00e9partementale des Hauts-\nde-Seine\n'Vu la d\u00e9clarationd'activit\u00e9s de services \u00e0 la personne d\u00e9pos\u00e9es le 23 septembre 2025 au\nnom  de la micro-entreprise PERRIES  LAURENT  13 Rue  Carnot \u00e0 LEVALLOIS-PERRET\n(82300):\n\n'Apr\u00e8s  examen  du  dossier,  cette  demande  \u00e9tant  conforme  aux dispositions  de  article  L. 7232-1-\n1 du  code  du travail, le pr\u00e9sent  r\u00e9c\u00e9piss\u00e9  de d\u00e9claration d'actvit\u00e9s de services \u00e0 la personne  a\n\u00e9t\u00e9  enregistr\u00e9  au  nom  de  la micro-entreprise  PERRIES  LAURENT  sous  le num\u00e9ro  SAP\n991710385,\nLes  activit\u00e9s d\u00e9clar\u00e9es  sont  les suvantes,&  l'exclusion de  toute autre\nEntretien  de  la maison  et travaux  m\u00e9nagers  ;\nPrestations relevant du b\u00e9n\u00e9fice de la r\u00e9duction d'imp\u00f4t pr\u00e9vue  \u00e0 l'article 199 sexdecies  du Code\nGeneral  des  Imp\u00f4ts.\nstructure  exerce  ces  activit\u00e9s  selon  le mode  suivant  : PRESTATAIRE\n'Sous  r\u00e9serve  d'\u00eatre exerc\u00e9es \u00e0 ttre exclusi par le d\u00e9clarant  (ou  sous  r\u00e9serve  d'une  comptabiit\u00e9\ns\u00e9par\u00e9e  pour  les personnes  morales  dispens\u00e9es  de  la condition  d'actvi\u00e9  exclusive) ces  activit\u00e9s.\n'ouvrent droit au b\u00e9n\u00e9fice des dispositions des articles L. 7233-2  du code du travail et L. 241-10\ndu  code  de  a  s\u00e9curt\u00e9  sociale.\n(Conform\u00e9ment  aux dispositions de  article R7232-19  du  code  du travail organisme  d\u00e9clar\u00e9 doit\nproduire  au  moins  chaque  timestre  un  \u00e9tat d'activit\u00e9 et chaque  ann\u00e9e  un  bilan quenttatf  et\nqualitatif de l'actit\u00e9 exerc\u00e9e au tire de l'ann\u00e9e \u00e9coul\u00e9e ainsi qu'un tableau statistique annuel.\nSi  l'organisme  d\u00e9clar\u00e9  comporte  plusieurs  \u00e9tablissements,  les  \u00e9tats  statistiques  et  le bilan  annuel\ndistinguent  l'activit\u00e9 exerc\u00e9e  par  chaque  \u00e9tablissement\nLe  pr\u00e9sent  r\u00e9c\u00e9piss\u00e9  prend  effet le 23  septembre  2025.\nL'enrogistroment\nles conditions  ou  de  respecter  les obligations  mentionn\u00e9es  aux\n723217  ou  qui m\u00e9connait  les  obligations  d\u00e9finies  \u00e0 l'article R7232-\n1a d\u00e9claration  pourra \u00eatre retir\u00e9 si l'organisme  d\u00e9clar\u00e9  casse de rempl\net 6\u00b0 do  l'arc!\n1u code  du  travail.\ndevra, sous\npeine  de  retrat de  la d\u00e9claration, faire l'objet d'une  d\u00e9claration  modificative aupr\u00e9s  de  FUnit\u00e9\nd\u00e9partementale  des  Hauts-de-Seine.\nLe  pr\u00e9sent  r\u00e9c\u00e9piss\u00e9  sera  publi\u00e9 au  recueil des  actes  administratifs de  la pr\u00e9fecture  des  Hauts-\ndeSeine.\nFait \u00e0  Nanterre,  le 30  septembre  2025,\nPour  le  Pr\u00e9fet\nPar  d\u00e9l\u00e9gation  et subd\u00e9l\u00e9gation\nLa  Responsable  du  service\nD\u00e9veloppement  de  l'emploi  et des\nGoes  a\nMariama  Ci\n\nEx  Direction  r\u00e9gionale et interd\u00e9partementale\nMINIST\u00c8RE  de l'\u00e9conomie, de l'emploi,\nDU  TRAVAIL, DE LA SANT\u00c9, du travail et des solidarit\u00e9s\nDES  SOLIDARIT\u00c9S\nET  DES  FAMILLES\nA\nR\u00e9c\u00e9piss\u00e9  n\u00b02025-501  de  d\u00e9claration d'activit\u00e9s de services  \u00e0 la personne\n'enregistr\u00e9e sous  le n\u00b0 SAP947826426  au nom  de la micro-entreprise BOUKASSEM\nYassine 5 All\u00e9e Des  Orangers  \u00e0 SURESNES  (92150)\nLE  PREFET  DES  HAUTS-DE-SEINE\nVu  la loi n\u00b0 2010-853  du 23 jullet 2010  relative aux  r\u00e9seaux  consulaires, au commerce  et \u00e0\nl'artisanat et aux  services  (article 31);\nVu  la loi n\u00b020151776  du 28  d\u00e9cembre  2015  relative \u00e0 l'adaptation de  la soci\u00e9t\u00e9 au\nviilissement\nVu  l'aile  D7231-1  du  Code  du travail;\nVu  les d\u00e9crets n\u00b0 2011-1132  et n\u00b0 2011-1133  du  20 septembre  2011  modifiant certaines\ndispositions du  Code  du  traval, relatives au  ch\u00e8que  emplo-service  universel et aux\n'services \u00e0 la personne  ;\nVu  le d\u00e9cret n\u00b02016750  du 6 juin 2016  relatif \u00e0 la liste des  activit\u00e9s de services \u00e0 la personne\nsoumises \u00e0 agr\u00e9ment ou \u00e0 autorisation dans le cadre du r\u00e9gime commun  de la d\u00e9claration ;\nVu  le d\u00e9cret du 31 octobre 2024 portant nomination de Monsieur Alexandre BRUGERE,  en\nqualit\u00e9de Pr\u00e9fet des Hauts-de-Seine ;\nVu  l'ar\u00e9t\u00e9 interminist\u00e9riel du  12 ao\u00fbt 2025  nommant  Monsieur  Fabrice MASI,  Directeur\nr\u00e9gionalet interd\u00e9partementalde l'\u00e9conomie, de l'emplo, du travail et des solidarit\u00e9sd'il\nde-France \u00e0 compter  du  25  ao\u00fbt  2025  ;\nVu  l'arr\u00e9t\u00e9 pr\u00e9fectoral n\u00b02026-33 du 22 ao\u00fbt 2025 par lequel le Pr\u00e9fet des Hauts-de-Seine\nd\u00e9l\u00e8gue  sa signature \u00e0 Monsieur  Fabrice MASI,  Directeur r\u00e9gional et interd\u00e9partemental\nde l'\u00e9conomie, de l'emploi, du traval et des soldart\u00e9s d'le-de-France;\nVu  la d\u00e9cision n\u00b0 2025-187  du 25 ao\u00fbt 2025  portant subd\u00e9l\u00e9gation de signature de Monsieur\nFabrice MASI,  Directeur r\u00e9gional et Iterd\u00e9partemental  de l'\u00e9conomie, de  l'emploi, du\ntravail et des  solidant\u00e9s dle-de-France,  aux  agents de l'Unit\u00e9 d\u00e9partementale  des Hauts-\nde-Seine  ;\nVu  la d\u00e9claration d'activit\u00e9s de services \u00e0 la personne  d\u00e9pos\u00e9es  le 23 septembre  2025 au\nnom  de la micro-entreprise BOUKASSEM  Yassine  5 Al\u00e9e  Des  Orangers  \u00e0 SURESNES\n(82150)\n\n'Apr\u00e8s examen  du dossier, cette demande  \u00e9tant conforme aux dispositions de article L. 7232-1-\n1 du  code  du  traval, le pr\u00e9sent  r\u00e9c\u00e9piss\u00e9  de  d\u00e9claration  d'activit\u00e9s de  services  \u00e0  la personne  a\n\u00e9t\u00e9  enregistr\u00e9  au  nom  de  la micro-entreprise  BOUKASSEM  Yassine  sous  le num\u00e9ro  SAP\n1947826426,\nLes  activit\u00e9s d\u00e9clar\u00e9es  sont  les suivantes,  \u00e0 l'exclusion de  toute autre\nEntretien  de  la maison  et travaux  m\u00e9nagers  ;\nPetits  travaux  de  jardinage,  y  compris  les travaux  de  d\u00e9broussalllage  ;\n'Travaux  de  petit bricolage  dits \u00ab homme  toutes  mains\nGarde  d'enfants  do  plus  de  trois ans  \u00e0 domicile  ;\nSoutien  scolaire  ou  cours  \u00e0 domicile ;\nPr\u00e9paration  de  repas \u00e0 domicile, y compris  le temps  pass\u00e9  aux  courses  ;\nLivraison  de  repas  \u00e0 domicile  ;\nCollecte  et  livraison  \u00e0  domicile  de  linge  repass\u00e9  ;\nLivraison de  courses  \u00e0  domicile\nAssistance  informatique  \u00e0  domicile\nSoins  ot promenades  d'animaux  de  compagnie,  \u00e0 l'exception  des  soins\nv\u00e9t\u00e9rinaires  et du  toilettage, pour  les personnes  d\u00e9pendantes\nMaintenance,  entretien  et vigilance  tomporaires,  &  domicil\nprincipale et secondaire ;\n~ Assistance  administrative  \u00e0 domicile;\n= Accompagnement  des  enfants  de  plus  de  trois  ans  dans  leurs  d\u00e9placements  en\n'dehors de  leur domicile  (promenades,  transports, actes  de  la vie courante)  ;\n= Prestation  de  conduite  du  v\u00e9hicule  personnel  des  personnes  tomporalrement\nd\u00e9pendantes  autres que  personnes  \u00e2g\u00e9es,  handicap\u00e9es  ou  atteintes  de  pathologies\nchroniques,  du  domicile  au  travail, sur  le lieu de vacances,  pour  les d\u00e9marches\nadministratives  ;\n= Accompagnement  des  personnes  temporairement  d\u00e9pendantes  autres  que\npersonnes  \u00e2g\u00e9es,  handicap\u00e9os  ou  atteintes  de  pathologies  chroniques,  dans  leurs\nd\u00e9placements  en dehors  de  leur domicile  (promenades,  aide \u00e0 la mobilit\u00e9 ot au\ntransport,  actes  de  la vie  courante)\n+ Assistance  aux  personnes  autres  que  personnes  \u00e2g\u00e9es,  handicap\u00e9es  ou  atteintes\n'de pathologies  chroniques  qui  ont  besoin  temporairem\u00ab\nleur domicile, \u00e0 l'exclusion  des  soins relevant d'actes  m\u00e9dicaux  ;\nCoordination  et  d\u00e9livrance  des  services  \u00e0  la personne  ;\nde  la r\u00e9sidence\nPrestations  relevant  du  b\u00e9n\u00e9fice  de\nG\u00e9n\u00e9ral  des  Imp\u00f4ts.\nLa  structure exerce  ces  activit\u00e9s selon  le mode  suivant  : PRESTATAIRE\nr\u00e9duction  d'imp\u00f4t  pr\u00e9vue  \u00e0 l'article 199  sexdecies  du  Code\nSous  r\u00e9serve  d'\u00eatre exerc\u00e9es  \u00e0 ttre exclusf  par  le d\u00e9clarant  (ou sous  r\u00e9serve  d'une  comptabilit\u00e9\ns\u00e9par\u00e9e  pour  les personnes  morales  dispens\u00e9es  de  la condition  d'actvi\u00e9  exclusive), ces  activit\u00e9s\nouvrent  drot  au b\u00e9n\u00e9fice  des  dispositions  des  articles L. 7233-2  du  code  du  traval et L. 241-10,\ndu  code  de  la s\u00e9curit\u00e9  sociale.\n(Conform\u00e9ment  aux  dispositions de  l'article R7232-19  du  code  du  traval. organisme  d\u00e9clar\u00e9  doit\nproduire au moins chaque timestre un \u00e9tat d'activit\u00e9 et chaque  ann\u00e9e  un bilan quanttatt et\nquaitatf de  Factivit\u00e9 exero\u00e9e  au  tie  de  l'ann\u00e9e \u00e9coul\u00e9e  ainsi qu'un tableau statistique annuel.\nSi l'organisme  d\u00e9clar\u00e9  comporte  plusieurs  \u00e9tablissements,  les \u00e9tats statistiques et le bilan annuel\ndistinguent  l'activit\u00e9 exerc\u00e9e  par  chaque  \u00e9tablissement.\nLe  pr\u00e9sent  r\u00e9c\u00e9piss\u00e9  prend  effet le 23  septembre  2025.\nL'enregistrement de a  d\u00e9claration  pourra \u00eatre retir\u00e9 si l'organisme  d\u00e9clar\u00e9  cesse  de remplir\nles conditions  ou  de  respecter  les obligations  mentionn\u00e9es  aux  4\u00b0,5\u00b0 et 6\u00b0 de  l'article\n7232.17  ou  qui  m\u00e9conna\u00eet  les obligations  d\u00e9finies  \u00e0 l'article R7232-19 du code du travail.\n\n'Toute modification concemant la structure d\u00e9clar\u00e9e ou les activit\u00e9s exerc\u00e9es devra, sous\nDeine de retrat de a  d\u00e9claration, fare l'objet dune declaration modiicative aupr\u00e9s  de (Units\nS\u00e9partementale  des  Hauts-de-Seine\nLe  pr\u00e9sent  r\u00e9c\u00e9piss\u00e9  sera publ\u00e9  au  recuel  des  actes  administratifs de La pr\u00e9fecture  des  Hauts-\nde-Seine\nFait \u00e0 Nanterre,  le 30  septembre  2025.\nPour  lo Pr\u00e9fet\nPar  d\u00e9l\u00e9gation ot subd\u00e9t\u00e9gation\nLa  Responsable  du  service\nD\u00e9veloppement  de  l'emploi et des\ncomp\u00e9iences  |\nMariama CONDE\n\nEs  Direction r\u00e9gionale  et interd\u00e9partementale\nMINIST\u00c8RE de l'\u00e9conomie, de l'emploi,\nDU  TRAVAIL, DE LA SANT\u00c9,  du travail et des solidarit\u00e9s\nDES  SOLIDARIT\u00c9S\nET  DES  FAMILLES\n=.\nR\u00e9c\u00e9piss\u00e9  n*2025-502  de  d\u00e9claration  d'activit\u00e9s de  services  \u00e0 la personne\nenregistr\u00e9e  sous  le n\u00b0 SAP991631128  au  nom  de  la micro-entreprise  Benjamin\nGUIBLAIS  78  Boulevard  Bourdon  \u00e0 NEUILLY-SUR-SEINE  (92200)\nLE  PREFET  DES  HAUTS-DE-SEINE\nVu  la loi n\u00b0 2010-859  du  23  juillet 2010  relative aux  r\u00e9seaux  consulaires, au  commerce  et \u00e0\nl'artisanat et aux  services  (article 31);\nVu  a  loi n\u00b02015-1776  du  28  d\u00e9cembre  2015  relative \u00e0 l'adaptation de  la soci\u00e9t\u00e9  au\nvieilissement ;\nVu  l'aricie 07231-1  du  Code  du  travail;\nVu  les d\u00e9crets  n\u00b0 2011-1132  et n\u00b0 2011-1133  du  20  septembre  2011  modifiant  certaines:\ndispositions  du  Code  du  aval  relatives au  ch\u00e8que  emploi-service  universel et aux\nservices  \u00e0  la personne\nVu  le d\u00e9cret  n\u00b02016.750 du 6 jun  2016 relatif\u00e0 la liste des activit\u00e9s de services \u00e0 la personne\nsoumises  \u00e0 agr\u00e9ment  ou \u00e0 autorisation dans  le cadre  du  r\u00e9gime  commun  dela d\u00e9claration;\n'Vu le d\u00e9cret  du  31 octobre  2024  portant  nomination  de  Monsieur  Alexandre  BRUGERE,  en\nquait\u00e9  de  Pr\u00e9fet des  Hauts-de-Seine ;\nVu  l'arr\u00eat\u00e9 interminist\u00e9riel du  12 ao\u00fbt  2025  nommant  Monsieur  Fabrice  MASI,  Directeur\nr\u00e9gional et interd\u00e9partementade l'\u00e9conomie, de l'emploi, du travail et des solidarit\u00e9s dll\nde-France  \u00e0  compter  du  25  ao\u00fbt  2025 ;\nVu  l'ar\u00e8t\u00e9 pr\u00e9fectoral n\u00b02025-33  du  22  ao\u00fbt  2025  par  lequel le Pr\u00e9fet des  Hauts-de-Seine\nd\u00e9l\u00e8gue  sa signature  \u00e0 Monsieur  Fabrice  MASI,  Directeur  r\u00e9gional et interd\u00e9partemental\nde F\u00e9conomie, de l'emploi, du traval et des soldartes d'le-de-France ;\n'Vu la d\u00e9cision  n\u00b0 2025-187  du  25  ao\u00fbt  2025  portant  subd\u00e9l\u00e9gation  de  signature  de  Monsieur\nFabrice  MASI,  Directeur  r\u00e9gional et interd\u00e9partemental  de  l'\u00e9conomie,  de  l'emploi, du\ntravail et  des  soldart\u00e9s  d'le-de-France,  aux  agents  de  l'Unit\u00e9 d\u00e9partementale  des  Hauts-\nde-Seine  :\nVu  la d\u00e9claration  d'activit\u00e9s de  services  \u00e0 la personne  d\u00e9pos\u00e9es  le 22  septembre  2025  au\nnom  de la micro-entreprise  Benjamin  GUIBLAIS  78  Boulevard  Bourdon  \u00e0 NEUILLY-SUR-\nSEINE  (82200)  ;\n\nApr\u00e8s examen  du dossier, cette demande \u00e9tant conforme aux dispositions de l'article. 7282-1-\n1 du  code  du  travail, le pr\u00e9sent  r\u00e9c\u00e9piss\u00e9  de  d\u00e9claration  dactivites  de  services  \u00e0 la personne  a\n\u00e9t\u00e9  enregistr\u00e9  au  nom  de  la micro-entreprise  Benjamin  GUIBLAIS  sous  le num\u00e9ro  SAP\n991631128,\nLes  activites  d\u00e9clar\u00e9es  sont  les  suivantes,  \u00e0  exclusion  de  toute  autre\nSoutien  scolaire  ou  cours  \u00e0 domicile  ;\nPrestations  relevant du  b\u00e9n\u00e9fice  dela  r\u00e9duction  d'imp\u00f4t  pr\u00e9vue  \u00e0 l'article 199  sexdecies  du  Code\nG\u00e9n\u00e9ral  des  Imp\u00f4ts.\nLa  structure  exerce  ces  activit\u00e9s  selon le mode  suivant: PRESTATAIRE\nSous  r\u00e9serve  d'\u00eatre exerc\u00e9es  \u00e0  tire exclus  par le d\u00e9clarant  (ou sous  r\u00e9serve  d'une  comptabilit\u00e9\n's\u00e9par\u00e9e pour les personnes morales dispens\u00e9es de la condition \u00a2 activit\u00e9 exclusive), ces activit\u00e9s.\n'auvrent  droit au  b\u00e9n\u00e9fice  des  dispositions des  articles L. 7233-2  du code du traval  et L. 241-10,\n'du code  de  la s\u00e9curt\u00e9  sociale.\nConform\u00e9ment  aux  dispositions de  l'article R7232-19  du code  du  travail, organisme  d\u00e9clar\u00e9 doit\nproduire au moins chaque timestre un \u00e9tat d'activit\u00e9 et chaque ann\u00e9e  un bilan quantitatif et\nqualtatf de activit\u00e9 exerc\u00e9e au titre de l'ann\u00e9e \u00e9coul\u00e9e ainsi qu'un tableau statistique annuel\nSi l'organisme  d\u00e9clar\u00e9  comporte  plusieurs  \u00e9tablissements,  les \u00e9tats statistiques etl  bilan annuel\ndistinguent  Factivi\u00e9 exerc\u00e9e  par  chaque  \u00e9tablissement.\nLe pr\u00e9sent r\u00e9c\u00e9piss\u00e9  prond effet le 22 septembre  2025.\nL'enregistrement de  la  d\u00e9claration  pourra \u00eatre retir\u00e9 si l'organisme d\u00e9clar\u00e9  cesse  de  remplir\nles conditions  ou  de respecter  les obligations mantionn\u00e9es  aux  4, et 6\u00b0 de  l'article\nR72327 ou qui m\u00e9connalt  les obligations d\u00e9finies \u00e0 l'article R7232-\npeine de retrait de la d\u00e9caration,\nd\u00e9partemental  des  Hauts-de-Seine.\nLe pr\u00e9sent  r\u00e9c\u00e9piss\u00e9  sera  publi\u00e9 au  recueil des  actes  administratfs  de la pr\u00e9fecture  des  Hauts-\nde-Seine.\nFait \u00e0  Nanterre,  le 30  septembre  2025,\nTobjet  d'une  d\u00e9claration  modticative  aupr\u00e9s  do  FUnite\nPour  le Pr\u00e9fet\nPar  d\u00e9l\u00e9gation  et subd\u00e9l\u00e9gation\nLa  Responsable  du  service\nD\u00e9veloppement  de  l'emploi  et des\ncomp\u00e9tences\nMariama  CONDE\n\nEs  Direction r\u00e9gionale et interd\u00e9partementale\nMINISTERE de l'\u00e9conomie, de l'emploi,\nDU  TRAVAIL,  DE  LA SANT\u00c9,  du travail et des solidarit\u00e9s\nDES  SOLIDARIT\u00c9S\nET  DES  FAMILLES\nLE\nR\u00e9c\u00e9piss\u00e9  n\u00b02025-503  de  d\u00e9claration  d'activit\u00e9s de  services  \u00e0 la personne\nenragistr\u00e9e  sous  le n\u00b0 SAP991407933  au  nom  de  la micro-entreprise  Thibault\nMASSEY  110  Rue  Henri  Dunant \u00e0  COLOMBES  (92700)\nLE  PREFET  DES  HAUTS-DE-SEINE\nVu  la loi n\u00b0 2010-853  du  23  jullet 2010  relative aux  r\u00e9seaux  consulaires, au  commerce  et \u00e0\nl'artisanat et aux  services  (article 31)\nVu  Ia loi n\u00b020161776  du  28  d\u00e9cembre  2015  relative \u00e0 l'adaptation de  la soci\u00e9t\u00e9  au\nviellissement\nVu  l'aricie D7231-1  du  Code  du  travail;\nVu  les d\u00e9crets n\u00b0 2011-1132  et n\u00b0 2011-1133  du 20 septembre  2011  modifiant certaines\ndispositions du  Code  du  travail, relatives au  ch\u00e8que  emplo-service  universel et aux\nservices \u00e0 la personne  ;\nVu  le d\u00e9cretn\u00b02016-750  du 6 juin 2016 relatif \u00e0 la liste des activit\u00e9s de services \u00e0 Ia personne\nsoumises \u00e0 agr\u00e9ment  ou \u00e0 autorisationdans le cadre  du r\u00e9gime  commun  dela d\u00e9claration;\n'Vu le d\u00e9cret du 31 octobre 2024  portant nomination  de  Monsieur  Alexandre  BRUGERE,  en\n'qualit\u00e9 de Pr\u00e9fet des Hauts-de-Seine;\nVu  l'ar\u00e9t\u00e9 interminist\u00e9riel du 12 ao\u00fbt 2025  nommant  Monsieur  Fabrice MASI, Directeur\nr\u00e9gional et nterd\u00e9partementa  de l'\u00e9conomie, de  l'emploi du travail et des solidarit\u00e9sd'le-\nde-France  \u00e0 compter  du  25  ao\u00fbt  2025 ;\nVu  l'arr\u00eat\u00e9 pr\u00e9fectoral n\u00b02025-33  du 22 ao\u00fbt 2025  par lequel le Pr\u00e9fet des Hauts-de-Seine\nd\u00e9l\u00e8gue  sa signature \u00e0 Monsieur  Fabrice MASI,  Directeur r\u00e9gional et interd\u00e9partemental\nde l'\u00e9conomie, de l'emploi, du travail et des solidant\u00e9s d'le-de-France;\nVu  la d\u00e9cision n\u00b0 2025-187  du  25 ao\u00fbt 2025  portant subd\u00e9l\u00e9gation de signature de  Monsieur\nFabrice MASI,  Directeur r\u00e9gional et interd\u00e9partemental de  l'\u00e9conomie, de  l'emploi. du\ntravail et des  solidartes  d'\u00cele-de-France, aux  agents  de  Unite  d\u00e9partementale  des  Hauts-\nde-Seine ;\n'Vu la d\u00e9claration dactivites de  services \u00e0 la personne  d\u00e9pos\u00e9es  le 20 septembre  2025  au\nnom  de  la micro-entreprise Thibault MASSEY  110 Rue  Henri Dunant  \u00e0 COLOMBES\n(82700):\n\nApr\u00e8s  examen  du dossier, cette demande  \u00e9tant conforme  aux  dispositions de  l'article L. 7292-1\n1 du  code  du  travail, le pr\u00e9sent  r\u00e9c\u00e9piss\u00e9  de  d\u00e9claration  d'activit\u00e9s de  services  \u00e0 la personne \u00e0\n\u00e9t\u00e9 enregistr\u00e9  au  nom  de  la micro-entreprise  Thibault MASSEY  sous  le num\u00e9ro  SAP\n991407933,\nLes  activit\u00e9s d\u00e9clar\u00e9es  sont  les  suivantes,  \u00e0  l'exclusion de  toute  autre :\n= Soutien  scolaire  ou  cours \u00e0  domicile;\nPrestations  relevant  du  b\u00e9n\u00e9fice  de  la r\u00e9duction  dimp\u00f4t  pr\u00e9vue  \u00e0 article 199  sexdecies  du  Code\nG\u00e9n\u00e9ral  des  Imp\u00f4ts.\nLa  structure  exerce  ces  activit\u00e9s  selon  le mode  suivant  : PRESTATAIRE\nSous r\u00e9serve  d'\u00eatre exerc\u00e9es  \u00e0 tire exclus  par le d\u00e9clarant (ou sous  r\u00e9serve  d'une  comptabilit\u00e9\ns\u00e9par\u00e9e pour les personnes morales dispens\u00e9esde la condition dactvt\u00e9 exclusive), ces actives\nouvrent  drot  au  b\u00e9n\u00e9fice des dispositions des  articles L. 7233-2  du  code  du  traval et L 241-10\n'du code  de  la s\u00e9curit\u00e9  sociale.\nConform\u00e9ment  aux  dispositions de  l'article R7232-19  du  code  du  travail l'organisme  d\u00e9clar\u00e9  doit\nproduire au moins chaque timestre un \u00e9tat dactivit\u00e9 et chaque ann\u00e9e  un bilan quantitatif et\nqualtatf de activit\u00e9 exerc\u00e9e au tire de l'ann\u00e9e \u00e9coul\u00e9e ainsi qu'un tableau statistique annuel\nSi l'organisme  d\u00e9clar\u00e9  comporte  plusieurs  \u00e9tablissements,  les \u00e9tats statistiques ete  bilan annuel\ndistinguent  l'actiit\u00e9 exerc\u00e9e par  chaque  \u00e9tablissement.\nLe  pr\u00e9sent  r\u00e9c\u00e9piss\u00e9  prend  effet le 20  septembre  2025.\nL'enrogistroment  de  la d\u00e9claration  pourra \u00e9tre retir\u00e9 si l'organisme  d\u00e9clar\u00e9  cesse  de  romplir\nles conditions  ou  de  respecter  les obligations mentionn\u00e9es  aux  4\u00b0,6\u00b0 et 6\u00b0 de  l'article\n'R7232-17  ou  qui  m\u00e9connalt  les obligations  d\u00e9finies  \u00e0 l'article R7232-19 du  code  du  travail.\nire l'objet d'une  d\u00e9clapeine  de  retrait de  la d\u00e9claration, fa\nd\u00e9partementale  des  Hauts-de-Seine.\nLe pr\u00e9sent  r\u00e9c\u00e9piss\u00e9  sera publi\u00e9  au recueil des  actes  administratfs  de la pr\u00e9fecture des  Hauts.\nde-Seine.\nFait \u00e0 Nanterre, le 30 septembre  2025,\nPour  le Pr\u00e9fet\nPar  d\u00e9l\u00e9gation  ot subd\u00e9l\u00e9gation\nLa  Responsable  du service\nD\u00e9veloppement  de l'emploi et des\n\n=z  Direction  r\u00e9gionale  et  interd\u00e9partementale\nde  l'\u00e9conomie,  de  l'emploi,\nDURAVAIL,DE LA SANT\u00c9, du travailet des soars\nDES  SOLIDARITES\nET  DES  FAMILLES\nese\nR\u00e9c\u00e9piss\u00e9  n*2025-504 de  d\u00e9claration  d'activit\u00e9s  de  services  \u00e0  la personne\nenrogistr\u00e9e  sous  le n\u00b0  SAP991757063  au  nom  de  la micro-entreprise  Pauline\nHARDY  90  Rue  du  G\u00e9n\u00e9ral  Roguet \u00e0 CLICHY  (92110)\nLE  PREFET  DES  HAUTS-DE-SEINE\nVu  la loi n\u00b0  2010-853  du  23juillet  2010  relative  aux  r\u00e9seaux  consuiaires,  au  commerce  et \u00e0\nl'artisanat et aux  services  (article 31);\nVu  la loi n\u00b02018-1776  du  28  d\u00e9cembre  2015  relative \u00e0  l'adaptation de  la soci\u00e9t\u00e9  au\nvellissement ;\n'Vu article  07231-1  du  Code  du travail;\nVu  les d\u00e9crets  n\u00b0 2011-1132  et n\u00b0 2011-1133  du  20  septembre  2011  modifiant  certaines.\ndispositions  du  Code  du  travail, relatives au  ch\u00e8que  emploi-senvice  universel  et aux\n'services \u00e0 la personne ;\nVu  le d\u00e9cret  n\u00b02016750  du  6 juin 2016  relatif \u00e0 la liste des  activites de  services  la personne\nsoumises & agr\u00e9ment  ou  \u00e0  autorisation  dans  le cadre  du  r\u00e9gime  commun  dela  d\u00e9claration\nVu  le d\u00e9cret  du  31 octobre  2024  portant  nomination  de  Monsieur  Alexandre  BRUGERE,  en\nqualt\u00e9 de  Pr\u00e9fet des  Hauts-de-Seine\nVu  l'ar\u00eat\u00e9 interminist\u00e9riel du  12 ao\u00fbt  2025  nommant  Monsieur  Fabrice  MASI,  Directeur\nr\u00e9gional et interd\u00e9partemental  de  l'\u00e9conomie, de  l'emploi,  du  travail et des  solidarit\u00e9s dll\nde-France \u00e0  compter  du  25  ao\u00fbt  2025  ;\nVu  l'ar\u00eat\u00e9  pr\u00e9fectoral  n\u00b02026-33  du  22  ao\u00fbt  2025  par  lequel  le Pr\u00e9fet  des  Hauts-de-Seine\nd\u00e9l\u00e8gue  sa  signature  \u00e0  Monsieur  Fabrice  MASI,  Directeur  r\u00e9gional  et  interd\u00e9partemental\nde  l'\u00e9conomie, de l'emploi du traval et des solidarit\u00e9s d'le-de-France ;\nVu  la d\u00e9cision  n\u00b0 2025-157  du  25  ao\u00fbt  2025  portant subd\u00e9l\u00e9gation  de  signature  de  Monsieur\nFabrice  MASI,  Directeur  r\u00e9gional et interd\u00e9partemental  de  l'\u00e9conomie,  de  l'emploi, du\ntravail et  des  solidarit\u00e9s  d'le-de-France,  aux  agents  de  [Unite  d\u00e9partementale  des  Hauts-\nde-Seine  ;\n'Vu la d\u00e9claration  d'activit\u00e9s de  services  \u00e0  la personne  d\u00e9pos\u00e9es  le 24  septembre  2025  au\nnom  de  la micro-entreprise  Pauline  HARDY  90  Rue  du  G\u00e9n\u00e9ral  Roguet  \u00e0  CLICHY\n(2110):\n\nApr\u00e8s  examen  du  dossier, cette demande  \u00e9tant conforme  aux  dispositions de  l'article L. 7232\n1 du code  du travall, le pr\u00e9sent  r\u00e9c\u00e9piss\u00e9  de d\u00e9claration d'activit\u00e9s de services \u00e0 la personne  \u00e0\n\u00e9t\u00e9 enregistr\u00e9 au  nom  de  la micro-entreprise Pauline HARDY  sous  le num\u00e9ro  SAP  991757083.\nLes  activit\u00e9s  d\u00e9ciar\u00e9es  sont  les  suivantes,  \u00e0  l'exclusion  de  toute  autre\nEntretien  de  la  maison  et  travaux  m\u00e9nagers  ;\n2 Garde  d'enfants de  plus  de  trois  ans  \u00e0  domicile;\n2 Accompagnement  des  enfants  de plus  de  trois ans  dans  leurs  d\u00e9placements  en\ndehors  de  leur domicile  (promenades,  transports,  actes de  la vie courante)\nPrestations relevant du b\u00e9n\u00e9fice dela  r\u00e9duction d'imp\u00f4t pr\u00e9vue  \u00e0 Farticle 199 sexdecies du Code\nG\u00e9n\u00e9ral  des  Imp\u00f4ts.\nLa  structure  exerce  ces  activit\u00e9s  selon  le mode  suivant  : PRESTATAIRE\nSous  r\u00e9serve  d'\u00eatre exerc\u00e9es  \u00e0  tre  exclus  par  le d\u00e9clarant  (ou  sous  r\u00e9serve  d'une  comptabilit\u00e9\ns\u00e9par\u00e9e pour les personnes morales dispens\u00e9esde la condition d'actht\u00e9 exclusive), ces activit\u00e9s\n'ouvrent droit au b\u00e9n\u00e9fice des dispositionsdes  articles L. 7233-2  du  code  du travail et L. 241-10,\n'du code  de  la s\u00e9curit\u00e9 sociale.\nConform\u00e9ment  aux  dispositions de  l'aticke R7232-19  du code  du  travail l'organisme d\u00e9clar\u00e9 dot\nproduire  au  moins  chaque  trimestre un \u00e9tat d'activit\u00e9 et chaque  ann\u00e9e  un  bilan quantitatif et\n'quaitatf de activit\u00e9 exerc\u00e9e au tire de l'ann\u00e9e \u00e9coul\u00e9e ainsi qu'un tableau statistique annuel.\nSiTorganisme  d\u00e9ciar\u00e9  comporte  plusieurs  \u00e9tablissements,  les \u00e9tats statistiques et le bilan annuel\ndistinguent  l'actiit\u00e9 exerc\u00e9e par  chaque  \u00e9tablissement.\nLe  pr\u00e9sent  r\u00e9c\u00e9piss\u00e9  prend  effet le 24  soptombre  2025.\nL'enregistrement  de  la d\u00e9claration  pourra \u00eatre retir\u00e9 si l'organisme  d\u00e9clar\u00e9  cesse  de remplir\nles conditions  ou  de  respecter  les obligations  montionn\u00e9es  aux  4,8\" ot 6\u00b0 de  l'article\n7232417  ou  qui m\u00e9connait  les obligations d\u00e9finies \u00e0 l'article R7232-19  du  code  du  travail.\npeine de  retrait de  la G\u00e9caraton,  fare Tobjet dune  d\u00e9caraton  modficatve  aupr\u00e8s  de  FUM\u00c9\nd\u00e9partementale  des  Hauts-de-Seine.\nLe pr\u00e9sent  r\u00e9c\u00e9piss\u00e9  sera publ\u00e9  au recueil  des  actes  adrministratfs de la pr\u00e9fecture  des  Hauts-\nde-Seine.\nFait \u00e0  Nanterre,  le 30  septembre  2025,\nPour  le Pr\u00e9fet\n1d\u00e9l\u00e9gation  ot subd\u00e9l\u00e9gation\nLa  Responsable  du  service\nD\u00e9veloppement  de  l'emploi  at des\n\n=n  Direction  r\u00e9gionale  et interd\u00e9partementale\nde  l'\u00e9conomie,  de  l'emploi,\nDeen  DE LA SANTE, di travall et des soliartes\nDES  SOLIDARIT\u00c9S\nET  DES  FAMILLES\nFa\nR\u00e9c\u00e9piss\u00e9  n\u00b02028-505  de  d\u00e9claration  d'activit\u00e9s de  services  \u00e0 la personne\nenregistr\u00e9e  sous  le n\u00b0 SAP991768433  au  nom  de  la micro-entreprise  TAVERNIER\nCORALIE  1 Rue  de  Watford  \u00e0 NANTERRE  (92000)\nLE  PREFET  DES  HAUTS-DE-SEINE\n'Vu  la loi n\u00b0  2010-869  du  23  jullet 2010  relative  aux  r\u00e9seaux  consulaires,  au  commerce et \u00e0\nl'artisanat  et aux  services  (article 31)\nVu  la loi n\u00b02015-1776  du  28  d\u00e9cembre  2015  relative \u00e0  l'adaptation de  la soci\u00e9t\u00e9  au\nveilissement ;\nVu  l'article D7231-1  du  Code  du travail;\nVu  les d\u00e9crets  n\u00b0 2011-1132  et n\u00b0 2011-1133  du  20  septembre  2011  modifiant  certaines\ndispositions du  Code  du  traval, relatives au  ch\u00e8que  emplot-service  universel  et aux\nservices  \u00e0  la personne\nVu  le d\u00e9cret  n\u00b02016.750  du 6 juin 2016 relatif \u00e0 Ia liste des activit\u00e9s de services \u00e0 la personne\n'soumises  \u00e0  agr\u00e9ment ou  \u00e0  autorisation dans  le cadre  dur\u00e9gime  commun  de la  d\u00e9claration\n'Vu  le d\u00e9cret  du  31  octobre  2024  portant  nomination  de  Monsieur  Alexandre  BRUGERE,  en\nqualit\u00e9 de  Pr\u00e9fet des  Hauts-de-Seine\nVu  l'ar\u00e9t\u00e9 interminist\u00e9riel du  12 ao\u00fbt  2025  nommant  Monsieur  Fabrice  MASI,  Directeur\nr\u00e9gional  et interd\u00e9partementa  de  l'\u00e9conomie,  de  l'emploi  du  travail et  des  solidarit\u00e9s  d'le-\nde-France  \u00e0 compter  du  25  ao\u00fbt  2025 ;\nVu  Farr\u00e9te  pr\u00e9fectoral  n\u00b02025-33  du  22  ao\u00fbt  2025  par  lequel  le Pr\u00e9fet  des  Hauts-de-Seine\nd\u00e9l\u00e8gue  sa signature  & Monsieur  Fabrice  MASI,  Directeur  r\u00e9gional etinterd\u00e9partemental\n'de l'\u00e9conomie, de l'emploi, du  travail et des  solidarit\u00e9s d'\u00cele-de-France;\nVu  la d\u00e9cision  n\u00b0 2025-187  du  25  ao\u00fbt  2025  portant  subd\u00e9l\u00e9gation  de  signature  de  Monsieur\nFabrice  MASI,  Directeur  r\u00e9gional  et  interd\u00e9partemental  de  l'\u00e9conomie,  de  l'emploi, du\ntravail et des  solidarit\u00e9s d'\u00cele-de-France,  aux  agents  de  l'Unit\u00e9 d\u00e9partementale  des  Hauts-\nde-Seine  ;\nVu  la  d\u00e9claration  d'actit\u00e9s  de  services  \u00e0 la personne  d\u00e9pos\u00e9es  le 25 septembre  2025  au\nnom  de  la micro-entreprise  TAVERNIER  CORALIE  1 Rue  de  Watford  \u00e0  NANTERRE\n(82000) ;\n\n'Apr\u00e8s examen  du  dossier, cette demande  \u00e9tant  conforme  aux  dispositions de  Fartcle L. 7232-1-\n1 du code  du traval, le pr\u00e9sent  r\u00e9c\u00e9piss\u00e9  de d\u00e9claration  d'activit\u00e9s de services \u00e0 la personne  a\n\u00e9t\u00e9 enregistr\u00e9 au nom  de la micro-entreprise TAVERNIER  CORALIE  sous  le num\u00e9ro  SAP\n991768433,\nLes  activites d\u00e9clar\u00e9es  sont es suivantes, & l'exclusion de toute  autre\nEntretien  de  la maison  et  travaux  m\u00e9nagers  ;\nPrestations  relevant du  b\u00e9n\u00e9fice  de  a  r\u00e9duction  d'imp\u00f4t  pr\u00e9vue  \u00e0 article 199  sexdecies  du  Code\nG\u00e9n\u00e9ral  des  Imp\u00f4ts.\nLa  structure  exerce  ces  activit\u00e9s selon  le mode  suivant  : PRESTATAIRE\nSous  r\u00e9serve  d'\u00eatre exerc\u00e9es  \u00e0 tre  exclusif par  le d\u00e9clarant  (ou  sous  r\u00e9serve  d'une  comptablit\u00e9\ns\u00e9par\u00e9e  pour les personnes  morales dispens\u00e9es  de  a  condition d'actvi\u00e9 exclusive), ces activit\u00e9s\nouvrent  droit au b\u00e9n\u00e9fice  des  dispositions  des  artcies  L. 7233-2  du code du traval  et L. 241-10,\ndu  code  de  la s\u00e9curt\u00e9  sociale.\nConform\u00e9ment  aux  dispositions de l'article R7232-19  du  code  du  travail, l'organisme  d\u00e9clar\u00e9  dott\nproduire au moins chaque  trimestre un \u00e9tat d'activit\u00e9 et chaque  ann\u00e9e  un bilan quantitatif et\nqualtatf de l'actit\u00e9 exerc\u00e9e  au tire de  l'ann\u00e9e \u00e9coul\u00e9e  ainsi qu'un tableau statistique annuel\nSi l'organisme d\u00e9clar\u00e9  comporte  plusieurs  \u00e9tablissements,  les \u00e9tats statstiques  et le bilan annuel\ndistinguent  l'activit\u00e9 exerc\u00e9e  par  chaque  \u00e9tablissement\nLe  pr\u00e9sent  r\u00e9c\u00e9piss\u00e9  prond  effet le 25  septembre  2025.\nL'enregistrement  de la d\u00e9claration pourra  \u00eatre retir\u00e9 si l'organisme d\u00e9clar\u00e9 cosse  de remplir\nles conditions  ou  de  respecter  les obligations  mentionn\u00e9es  aux  4\u00b0, ot 6\u00b0 do l'article\nR7232-17  ou  qui  m\u00e9connait  les obligations  d\u00e9finies  \u00e0  l'article R7232-19  du  code  du  travall.\noute m nt la structure d\u00e9clar\u00e9 tives exerc\u00e9es devra, sous\npeine  de  retrait de  la d\u00e9claration, faire Fobjet dune  d\u00e9claration  modifcative  aupr\u00e9s  de  FUnit\u00e9\nd\u00e9partementale  des  Hauts-de-Soine.\nLe pr\u00e9sent r\u00e9c\u00e9piss\u00e9 sera publ\u00e9  au recuell des actes administratifs de la pr\u00e9fecture des  Hauts-\nde-Seine.\nFait \u00e0  Nanterre,  le 30  septembre  2025.\nPour  le Pr\u00e9fot\nPar  d\u00e9l\u00e9gation  ot subd\u00e9l\u00e9gation\nLa  Responsable  du  service\nD\u00e9veloppement  de  l'emploi  et des\ncomp\u00e9tences\n(Gas\nMarlamia CONDE\n\nmsAIsTERE de l'\u00e9conomie, de l'emploi,\nDU  TRAVAIL,  DE  LA  SANT\u00c9,  du travail et des solidarit\u00e9s\nDES  SOLIDARIT\u00c9S\nET  DES  FAMILLES\nLA\nR\u00e9c\u00e9piss\u00e9  n\u00b02028-508  de  d\u00e9claration  d'activit\u00e9s de services \u00e0 la personne\nenregistr\u00e9e  sous  le n\u00b0 SAP915230072  au  nom  de  la micro-entreprise  BOUJASSON\nHERMANCE  9 Square  des  Moulineaux \u00e0  BOULOGNE-BILLANCOURT  (92100)\nLE  PREFET  DES  HAUTS-DE-SEINE\nVu  la loi n\u00b0 2010-863 du  23  jullet 2010  relative aux  r\u00e9seaux  consulaires, au commerce  et \u00e0\nl'artisanat et aux  services  (article 31)\nVu  la loi n\u00b02015-1776  du  28  d\u00e9cembre  2015  relative\nvellissement\nVu  l'article D7231-1  du  Code  du  travail\nVu  les d\u00e9crets  n\u00b0 2011-1132  et n\u00b0 2011-1133  du  20  septembre  2011  modifiant  certaines\ndispositions  du  Code  du  traval,  relatives  au  ch\u00e8que  emploi-service  universel  et aux\nservices  \u00e0 la personne  ;\nl'adaptation de  la soci\u00e9t\u00e9  au\nVu  le d\u00e9cret  n\u00b02018-750  du  6juin  2016  relatif \u00e0 la liste des  activit\u00e9s de  services  \u00e0 la personne\nsoumises  \u00e0 agr\u00e9ment ou \u00e0 autorisation dans le cadre  du  r\u00e9gime  commun  dela  d\u00e9claration\nVu  le d\u00e9cret du 31 octobre 2024  portant nomination de  Monsieur  Alexandre  BRUGERE,  en\nquait\u00e9 de Pr\u00e9fet des Hauts-de-Seine ;\nVu  l'ar\u00e9t\u00e9 interminist\u00e9riel du 12 ao\u00fbt 2025  nommant  Monsieur  Fabrice MASI,  Directeur\nr\u00e9gional  et interd\u00e9partemental  de  l'\u00e9conomie,  de  l'emploi, du travail et des  solidarit\u00e9s 'le-\nde-France  \u00e0 compter  du  25  ao\u00fbt  2025  ;\nVu  l'arr\u00eat\u00e9 pr\u00e9fectoral n\u00b02025-33  du  22  ao\u00fbt  2025  par  lequel le Pr\u00e9fet des  Hauts-de-Seine\nd\u00e9l\u00e8gue  sa signature  \u00e0 Monsieur  Fabrice  MASI,  Directeur  r\u00e9gional et interd\u00e9partemental\nde l'\u00e9conomie, de l'emploi, du travail et des solidarit\u00e9s d'le-de-France ;\nVu  la d\u00e9cision  n\u00b0 2025-157  du  25  ao\u00fbt  2025  portant  subd\u00e9l\u00e9gation  de  signature  de  Monsieur\nFabrice  MASI,  Directeur  r\u00e9gional et interd\u00e9partemental  de  l'\u00e9conomie, de  l'emploi, du\ntraval  et des  soidart\u00e9s  d'Ile-de-France,  aux  agents  de  l'Unit\u00e9 d\u00e9partementale  des  Hauts-\nde-Seine\nVu  la d\u00e9claration  d'activit\u00e9s de services \u00e0 la personne  d\u00e9pos\u00e9es  le 24 septembre 2025  au\nnom  de  la micro-entreprise  BOUJASSON  HERMANCE  9 Square  des  Moulineaux  \u00e0\nBOULOGNE-BILLANCOURT  (82100)  ;\n\nApr\u00e8s  examen  du  dossier, cette demande  \u00e9tant conforme  aux  dispositions de  l'article L. 7232-1-\n1 du code  du traval, le pr\u00e9sent r\u00e9c\u00e9piss\u00e9 de  d\u00e9ciaration d activit\u00e9s de  services \u00e0 la personne a\n\u00e9t\u00e9 enregistr\u00e9 au nom  de  la micro-entreprise  BOUJASSON  HERMANCE  sous  le num\u00e9ro\nSAP  915230072\nLes  activites d\u00e9clar\u00e9es  sont  es  suivantes,  & l'exclusion de  toute autre\nSoutien  scolaire  ou  cours  a domicile;\nPrestations relevant du  b\u00e9n\u00e9fice de  a  r\u00e9duction impot  pr\u00e9vue  \u00e0 Varticle 199 sexdecies  du Code\nGeneral  des  Imp\u00f4ts.\nLa  structure  exerce  ces  activit\u00e9s  selon  le mode  suivant  : PRESTATAIRE\nSous  r\u00e9serve  d'\u00eatre exerc\u00e9es  \u00e0 ttre exclusif par  le  d\u00e9clarant  (ou sous  r\u00e9serve  d'une  comptabilt\u00e9\ns\u00e9par\u00e9e  pour  les  personnes  morales  dispens\u00e9es  de la condition d activit\u00e9 exclusive), ces  activit\u00e9s\nouvrent droit au  b\u00e9n\u00e9fice des  disposons  des  articles L. 7233-2  du  code  du traval et L. 241-10,\ndu  code  de  la s\u00e9curt\u00e9  sociale.\nConform\u00e9ment  aux dispositions de  l'article R7232-19  du code  du  travail, l'organisme d\u00e9clar\u00e9 dott\nproduire au moins chaque timestre un \u00e9tat d'activit\u00e9 et chaque ann\u00e9e un bilan quantitatif et\nqualitatif de l'activit\u00e9 exerc\u00e9e  au  tire de l'ann\u00e9e \u00e9coul\u00e9e  ainsi qu'un  tableau  statistique annuel.\nSi l'organisme d\u00e9clar\u00e9 comporte plusieurs \u00e9tablissements, les \u00e9tats statistiques ete  bilan annuel\ndistinguent  l'actiit\u00e9 exerc\u00e9e  par  chaque  \u00e9tablissement.\nLo  pr\u00e9sent  r\u00e9c\u00e9piss\u00e9  prend  effet le 24 septembre  2025.\nL'enrogistrement  de  la d\u00e9claration  pourra \u00eatre retir\u00e9 si l'organisme  d\u00e9clar\u00e9  cesse  de remplir\nles conditions  ou  de respecter  les obligations  mantionn\u00e9es  aux  4,5\"  et 6\u00b0 de  l'article\n7232.17  ou  qui m\u00e9connalt  les obligations d\u00e9finies \u00e0 Farticle R7232-19 du code  du  travail.\nne n ct ree ctivit\u00e9s devra, sous\npeine de  retrait de  la d\u00e9claration, faire l'objet dune  d\u00e9claration modificative aupr\u00e9s  de  l'Unit\u00e9\nd\u00e9partementale  des  Hauts-de-Seine.\nLe  pr\u00e9sent  r\u00e9c\u00e9piss\u00e9  sora  pubi\u00e9  au  recueil des  actes  administratifs de la pr\u00e9fecture des  Hauts-\nde-Seine.\nFait \u00e0  Nanterre,  le 30  septembre  2025,\nPour  le Pr\u00e9fot\nPar  d\u00e9l\u00e9gation  ot subd\u00e9l\u00e9gation\nLa  Responsable  du  servico\nD\u00e9veloppement  de  l'emploi et des\ncomp\u00e9tences\n\nEE  Direction  r\u00e9gionale  et interd\u00e9partementale\nMINISTERE  de l'\u00e9conomie, de l'emploi,\nDU  TRAVAIL,  DE  LA  SANT\u00c9,  du travail et des solidarit\u00e9s\nDES  SOLIDARITES\nET  DES  FAMILLES\nA\nR\u00e9c\u00e9piss\u00e9  n\u00b02025-507  de  d\u00e9claration  modificative  d'activit\u00e9s de  services  \u00e0 la\npersonne  enregistr\u00e9e  sous  le n\u00b0  SAP490922647  au  nom  de la SARL  SLN\nSERVICES A  DOMICILE  sise  4 Boulevard  du  Mar\u00e9chal  Joffre \u00e0 Bourg-la-Reine\n(92340)\nLE  PREFET  DES  HAUTS-DE-SEINE\nVu  la loi n\u00b0 2010-883  du  23  juillet 2010  relative aux  r\u00e9seaux  consulaires, au  commerce  et \u00e0\nl'artisanat  et  aux  services  (article 31)\nVu  la loi n\u00b02015-1778  du  28  d\u00e9cembre  2015  relative \u00e0 l'adaptation de  la soci\u00e9t\u00e9  au\nvollissement\n'Vu  l'article D7231-1  du  Code  du  travail;\nVu  les d\u00e9crets  n\u00b0 2011-1132  et n\u00b0 2011-1133  du  20  septembre  2011  modifiant  certaines\ndispostions  du  Code  du  traval, relatives au  ch\u00e8que  emploi-service  universel et aux\n'services \u00e0 la personne\nVu  le d\u00e9cret  n\u00b02018750  du 8 jun  2016 relatif \u00e0 la liste des  activit\u00e9s de services \u00e0 la personne\nsoumises  \u00e0 agr\u00e9ment  ou \u00e0 autorisation dans  le cadre  du  r\u00e9gime  commun  dela  d\u00e9ciaration ;\nVu  le d\u00e9cret du 31 octobre 2024  portant nomination de Monsieur  Alexandre  BRUGERE,  en\nqualit\u00e9 de  Pr\u00e9fet des  Hauts-de-Seine ;\nVu  l'arr\u00eat\u00e9 interminist\u00e9riel du  12 ao\u00fbt  2025  nommant  Monsieur  Fabrice  MASI,  Directeur\nr\u00e9gional et interd\u00e9partemental  de  l'\u00e9conomie,  de  l'emploi, du  travail et des  solidarit\u00e9s le\nde-France  \u00e0 compter  du  25  ao\u00fbt  2025 :\nVu  l'ar\u00eat\u00e9 pr\u00e9fectoral n\u00b02025-33  du  22  ao\u00fbt  2025  par  lequel le Pr\u00e9fet des  Hauts-de-Seine\nd\u00e9l\u00e8gue  sa  signature  \u00e0 Monsieur  Fabrice  MASI,  Directeur  r\u00e9gional et interd\u00e9partemental\nde  l'\u00e9conomie, de l'emploi, du travail et des solidarit\u00e9s d'\u00cele-de-France;\nVu  la d\u00e9cision  n\u00b0  2025-187  du  25  ao\u00fbt  2025  portant  subd\u00e9l\u00e9gation  de  signature  de  Monsieur\nFabrice  MASI,  Directeur  r\u00e9gional  et interd\u00e9partemental  de  l'\u00e9conomie, de  l'emploi, du\ntravail et des  solidarit\u00e9s d'\u00cele-de-France,  aux  agents  de  l'Unit\u00e9 d\u00e9partementale  des  Hauts.\nde-Seine\n\nVu  le r\u00e9c\u00e9piss\u00e9  n'2014-115  de  d\u00e9claration  d'activit\u00e9s de  services  \u00e0 la personne  enregistr\u00e9e\n'sous le num\u00e9ro  SAP490932647  au  nom  de  la SARL  SLN  SERVICES  A  DOMICILE\n(anciennement sous le statut S'EURL) ;\nVu  la demande de modification d\u00e9pos\u00e9es  le 26  juillet 2025  au  nom  SARL  SLN  SERVICES  A\nDOMICILE  sise 4 Boulevard  du  Mar\u00e9chal  Jofre  \u00e0 Bourg-a  Reine  ($2340)  ;\nConsid\u00e9rant que  cette modification  vise \u00e0 supprimer  le mode  mandataire  pr\u00e9c\u00e9demment\nd\u00e9clar\u00e9  en  tant que  mode  d'intervention propos\u00e9  par  la SARL  SLN\nSERVICES  A  DOMICILE  et que  cette demande  est conforme  aux\ndispositions  de  l'article L.  7232-1-1  du  code  du  travail ;\nLe r\u00e9c\u00e9piss\u00e9  de  d\u00e9claration d'activit\u00e9s de  services  \u00e0 la personne  n\u00b02014-115 en date  du  17 avril\n2014  est  modifi\u00e9 comme  suit\nLes  activit\u00e9s d\u00e9clar\u00e9es par la SARL  SLN  SERVICES A DOMICILE  sont les suivantes \u00e0\nFexclusion  de  toute autre\nEntretien  do  la maison  et  travaux  m\u00e9nagers  ;\nGarde  d'enfants  de  plus  de  3 ans  \u00e0  domicile;\nPotits  travaux  de  jardinage.\n'Soutien  scolaire  ou  cours  \u00e0  domicile;\n'Accompagnement  des  enfants  de plus de  3 ans  dans  leurs d\u00e9placements.\nPr\u00e9paration  de  ropas  \u00e0  domicile\nMaintenance,  entretien  ot vigilance  temporaires  \u00e0 domicile;\nAssistance  administrative  \u00e0 domicile ;\nPrestations  relevant du  b\u00e9n\u00e9fice  de  la r\u00e9duction  d'imp\u00f4t  pr\u00e9vue  \u00e0 l'article 199  sexdecies  du  Code\nG\u00e9n\u00e9ral  des  Imp\u00f4ts.\nLa  structure  exerce  cos  activit\u00e9s  selon  le mode uivant  : PRESTATAIRE\nSous  r\u00e9serve d'\u00eatre exerc\u00e9es  \u00e0 ttre exclusi  par le d\u00e9clarant  (ou  sous r\u00e9serve  d'une  comptabilit\u00e9\ns\u00e9par\u00e9e  pour  les personnes  morales  dispens\u00e9es de la condition  d'activit\u00e9 exclusive) ces  activit\u00e9s\nouvrent  droit au  b\u00e9n\u00e9fice  des  dispositions des  articles L. 7233-2  du  code  du  travail et L. 241-10,\ndu  code  de la s\u00e9curit\u00e9 sociale.\nConform\u00e9ment  aux  depositions  de  article  R7232-19  du  code  du  travail l'organisme d\u00e9clar\u00e9  dott\nproduire  au moins  chaque  trimestre un  \u00e9tat dactivt\u00e9  et chaque  ann\u00e9e un  bilan quanttatf  et\n'qualtatf de  l'activit\u00e9 exerc\u00e9e  au  tire de  l'ann\u00e9e  \u00e9coul\u00e9e  ainsi qu'un  tableau  statistique annuel.\nSi organisme  d\u00e9clar\u00e9  comport  plusieurs  \u00e9tablissements,  les \u00e9tats statistiques et le bilan annuel\ndistinguent  activit\u00e9  exerc\u00e9e  par  chaque  \u00e9tablissement.\nfprond offot le 26 juillet 2025.Lo  pr\u00e9sent  r\u00e9c\u00e9pis:\nL'enregistrement de la d\u00e9claration  pourra \u00eatre rtir\u00e9  si l'organisme  d\u00e9clar\u00e9  cesse  de remplir\nles  conditions  ou  de  respecter  les obligations  mentionn\u00e9es  aux  4\u00b0,5\u00b0 et 6\u00b0 de  l'article\nR7232417  ou  qui m\u00e9connalt  les obligations d\u00e9finies \u00e0 l'article R7232-19 du  code  du  travail.\n\nDeine de rer  dela  G\u00e9caration, fare Tobjet dune  d\u00e9caraton  mociicalve  aupr\u00e9s de TUnte\nd\u00e9partementale  des  Hauts-de-Seine.\nLe  pr\u00e9sent  r\u00e9c\u00e9piss\u00e9  sera  publi\u00e9 au  recuel  des  actes  administratifs de a  pr\u00e9fecture  des  Hauts-\nde-Seine.\nFait \u00e0 Nanterre,  le 30  septembre  2025,\nPour  Pritt\nPar  d\u00e9\u00e9gaton  ot subd\u00e9t\u00e9gation\nLa  Responsable  du  service\nDeveloppement  de  l'emploi at des\nEn  adotf\nMariama  CONDE\n\nEs  Direction  r\u00e9gionale et interd\u00e9partementale\nMINISTERE de l'\u00e9conomie, de l'emploi,\nDU  TRAVAIL,  DE  LA  SANT\u00c9,  du travail et des solidarit\u00e9s\nDES  SOLIDARIT\u00c9S\nET  DES  FAMILLES\nA\nR\u00e9c\u00e9piss\u00e9  n\u00b02025-508  de  d\u00e9claration  modificative  d'activit\u00e9s de  services \u00e0 la\npersonne  enregistr\u00e9e  sous  le n\u00b0 SAP521204859  au nom  de  la micro-entreprise\nIACHINO  Salvatore  sise  36  Rue  Danton  \u00e0 Levallois-Perret  (92300)\nLE  PREFET  DES  HAUTS-DE-SEINE\nVu  la loi n\u00b0 2010-853  du  23  juilet 2010  relative aux  r\u00e9seaux  consulaires, au  commerce et \u00e0\nl'artisanat ot aux  services  (article 31);\nVu  la lo n\u00b02018-1778  du  28  d\u00e9cembre  2015  relative \u00e0  adaptation  de  la soci\u00e9t\u00e9  au\nviilissement ;\nVu  l'article D7231:1  du  Code  du  travail;\nVu  les d\u00e9crets n\u00b0 2011-1132  et n\u00b0 2011-1133  du  20 septembre  2011 modifiant certaines:\ndispositions  du  Code  du  travail, relatives au  ch\u00e8que  emploi-service  universel et aux\nservices  \u00e0 la personne\nVu  le d\u00e9cret  n\u00b02016:750  du  6 jun  2016  relatif \u00e0 la liste des  activit\u00e9s de  services  \u00e0  la personne\nsoumises \u00e0 agr\u00e9ment  ou  \u00e0 autorisation dans  le cadre  du  r\u00e9gime  commun de la d\u00e9claration  ;\nVu  le d\u00e9cret  du  31 octobre  2024  portant  nomination  de  Monsieur  Alexandre  BRUGERE,  en\nquait\u00e9 de  Pr\u00e9fet des  Hauts-de-Seine  ;\nVu  l'ar\u00eat\u00e9 interminist\u00e9riel du  12 ao\u00fbt  2025  nommant  Monsieur  Fabrice  MASI,  Directeur\nr\u00e9gional et interd\u00e9partementalde \u00e9conomie, de l'emploi, du travailet des solidart\u00e9s dll\nde-France \u00e0 compter  du 25 ao\u00fbt  2025\nVu  l'arr\u00eat\u00e9 pr\u00e9fectoral n\u00b02025-33  du  22  ao\u00fbt  2025  par  lequel le Pr\u00e9fet des  Hauts-de-Seine\n'd\u00e9l\u00e8gue  sa  signature  \u00e0  Monsieur  Fabrice  MASI,  Directeur  r\u00e9gional  et Interd\u00e9partemental\n'de \u00e9conomie,  de l'emploi, du travailet des solidartes d'\u00cele-de-France ;\nVu  la d\u00e9cision  n\u00b0 2025-157  du  25  ao\u00fbt  2025  portant subd\u00e9l\u00e9gation  de  signature  de  Monsieur\nFabrice  MASI,  Directeur  r\u00e9gional  et interd\u00e9partemental  de  l'\u00e9conomie,  de  l'emploi, du\ntravail et des  soldarit\u00e9s  d'\u00cele-de-France,  aux  agents  de  l'Unit\u00e9  d\u00e9partementale  des  Hauts.\nde-Seine  ;\nVu  le r\u00e9c\u00e9piss\u00e9  n\u00b02018-224  de d\u00e9claration  d'activit\u00e9s de  services  \u00e0  la personne  enregistr\u00e9e\nsous  le num\u00e9ro  SAPS21204859  au  nom  de  la micro-entreprise  IACHINO  Salvatore\n\nVu  la demande  de changement  d'adresse de  l'\u00e9tablissement principal d\u00e9pos\u00e9e  aupr\u00e8s  de\nUnite  d\u00e9partementale des Hauts-de-Seine  de  la DRIEETS  le 17 septembre  2025  par la\nmicro-entreprise IACHINO  Salvatore anciennement  domicli\u00e9e  au  48  Rue  Louise Michel \u00e0\nLevallois-Perret  (92300)\nConsid\u00e9rant  que  la pr\u00e9sente modification vise \u00e0 metre  \u00e0 jour l'adresse de  l'\u00e9tablissement\nprincipal et du si\u00e8ge socal de la micro-entreprise IACHINO  Salvatore et que\nle  dossier de demande est conforme aux  dispositions de l'article L. 7232-\ndu  code  du  travail,\nLa d\u00e9claration d'actit\u00e9s de services \u00e0 la personne  n\u00b02015-224  en date du 23 juin 2015 au  nom\nde  la micro-entreprise  IACHINO  Salvatore  est ainsi modifi\u00e9e\nLe si\u00e8ge social et l'\u00e9tablissement principal de  micro-entreprise IACHINO  Salvatore sont\nd\u00e9sormais  domicii\u00e9s au 36  Rue  Danton \u00e0 Levallois Perret (92300),\nctvit\u00e9s d\u00e9clar\u00e9es par la micro-entreprise |ACHINO  Salvatore sont les suivantes \u00e0\nFexclusion  de  toute autre\n= Soutien  scolaire  ou  cours  \u00e0  domicile\nPrestations relevant du b\u00e9n\u00e9fice de  la r\u00e9duction d'imp\u00f4t pr\u00e9vue  \u00e0 article 199  sexdecies  du Code\nG\u00e9n\u00e9ral  des  Imp\u00e9is.\nLa  structure exerce  ces  activit\u00e9s selon  le mode suivant: PRESTATAIRE\nSous r\u00e9serve d'\u00eatre exerc\u00e9es \u00e0 titre exclusf par le d\u00e9clarant (ou sous r\u00e9serve d'une comptabilit\u00e9\ns\u00e9par\u00e9e pour les personnes morales dispens\u00e9es de la condition d'actvi\u00e9 exclusive), ces activit\u00e9s\nouvrent drot au b\u00e9n\u00e9fice des  dispositions des  articles L. 7233-2  du  code  du  traval et L. 241-10\ndu  code  de  la s\u00e9curit\u00e9  sociale.\n{Conform\u00e9ment  aux  dispositions de  l'article R7232-19  du  code  du travail, organisme  d\u00e9clar\u00e9 dot\nproduire au moins  chaque  timestre un \u00e9tat d'activit\u00e9 et chaque  ann\u00e9e  un bilan quantitatif et\nqualtatf de activit\u00e9 exerc\u00e9e  au tire de  l'ann\u00e9e \u00e9coul\u00e9e  ainsi qu'un tableau statistique annuel.\nSi l'organisme d\u00e9clar\u00e9 comporte  plusieurs \u00e9tablissements, les \u00e9tats statistiques et le bilan annuel\ndistinguent  l'activit\u00e9 exerc\u00e9e  par  chaque  \u00e9tablissement.\nLe  pr\u00e9sent  r\u00e9c\u00e9piss\u00e9  prend  effet le 17 septembre  2025.\nL'enregistrement de la d\u00e9claration pourra \u00eatre rtir\u00e9si  l'organisme d\u00e9clar\u00e9 cesse  de rempl\nles conditions  ou  de  respecter  les obligations mentionn\u00e9es  aux  4\u00b0,5\u00b0 at 6\u00b0 de  l'article\n7232-17  ou  qui m\u00e9connait  les obligations d\u00e9finies \u00e0 l'article R7232-19 du code  du  travail.\n\nLa stru  ou  les  acti devra,  sous\npare  de  reat  dela  dicaaton,  fare  Tobjet  dure  S\u00e9rie  mens  nants  oo  TUNIS\nd\u00e9partementale  des  Hauts-de-Seine\nLe  pr\u00e9sent  r\u00e9c\u00e9piss\u00e9  sera  publi\u00e9  au  recuell  des  actes  administratifs  de  la pr\u00e9fecture  des  Hauts-\nde-Seine.\nFait  \u00e0  Nanterre,  le 30  septembre  2025,\nPour  le Pr\u00e9fet\nr d\u00e9l\u00e9gation  et  subd\u00e9l\u00e9gation\nLa  Responsable  du  service\nD\u00e9veloppement  de  l'emplol  et des\ncom 7\n'Mariama CONDE\n\nRECUEIL DES ACTES ADMINISTRATIFSDUPREFET DES HAUTS-DE-SEINEISSN 0985 - 5955\nPour toute correspondance, s'adresser a:PREFET DES HAUTS-DE-SEINESecr\u00e9tariat g\u00e9n\u00e9ralSecr\u00e9tariat g\u00e9n\u00e9ral aux affaires d\u00e9partementales167/177, Avenue Joliot Curie92013 NANTERRE CEDEX\nLe recueil des actes administratifs est consultable en ligne sur le site de la pr\u00e9fectureAdresse Internet : https://www.hauts-de-seine.gouv.fr/Directeur de la publication :Alexandre BRUGEREPREFET DES HAUTS-DE-SEINE\n174\n \n \n\nPREFECTURE DES HAUTS-DE-SEINE167-177, avenue Joliot Curie 92013 NANTERRE CedexCourriel : sgc-courrier@hauts-de-seine.gouv.frStandard : 01.40.97.20.00 T\u00e9l\u00e9copie 01.40.97.25.21Adresse Internet : https://www.hauts-de-seine.gouv.fr/\n175","date":"2025-10-20","first_seen_on":"2025-10-20T14:57:05+00:00","id":"c52a9fc6b2a48d52c038ef72bdb36354d63e09d0ae934261851c3aea2843142f","name":"2025-10-20 RAA sp\u00e9cial DRIEETS-UD92 du 20 octobre 2025","pdf_creation_date":null,"pdf_modification_date":null,"timezone":"Europe/Paris","url":"https://www.hauts-de-seine.gouv.fr/contenu/telechargement/27535/191249/file/2025-10-20%20RAA%20sp%C3%A9cial%20DRIEETS-UD92%20du%2020%20octobre%202025.pdf"}
