{"administration":"prefidf","administration_name":"Pr\u00e9fecture de la r\u00e9gion \u00cele-de-France","content":"PREFECTURE\nREGION ILE DE\nFRANCE\nRECUEIL DES ACTES\nADMINISTRATIFS SP\u00c9CIAL\n(NOMINATIFS)\nN\u00b0IDF-038-2025-06\nPUBLI\u00c9 LE 19 JUIN 2025\nSommaire\nDirection r\u00e9gionale et interd\u00e9partementale de l'\u00e9conomie, de l'emploi,\ndu travail et des solidarit\u00e9s d'\u00cele-de-France / secr\u00e9tariat de direction\nIDF-2025-06-18-00002 - Arr\u00eat\u00e9 n\u00b0 2025-113 du 18 juin 2025\nPortant\ncomposition du conseil m\u00e9dical du conseil m\u00e9dical\ninterd\u00e9partemental de Paris (75), des\nHauts de Seine (92), de Seine\nSaint Denis (93) et du Val de Marne (94) (3 pages) Page 3\n2\nDirection r\u00e9gionale et interd\u00e9partementale de\nl'\u00e9conomie, de l'emploi, du travail et des\nsolidarit\u00e9s d'\u00cele-de-France\nIDF-2025-06-18-00002\nArr\u00eat\u00e9 n\u00b0 2025-113 du 18 juin 2025\nPortant composition du conseil m\u00e9dical du\nconseil m\u00e9dical interd\u00e9partemental de Paris (75),\ndes\nHauts de Seine (92), de Seine Saint Denis (93) et\ndu Val de Marne (94)\nDirection r\u00e9gionale et interd\u00e9partementale de l'\u00e9conomie, de l'emploi, du travail et des solidarit\u00e9s d'\u00cele-de-France -\nIDF-2025-06-18-00002 - Arr\u00eat\u00e9 n\u00b0 2025-113 du 18 juin 2025\nPortant composition du conseil m\u00e9dical du conseil m\u00e9dical interd\u00e9partemental de Paris (75), des\nHauts de Seine (92), de Seine Saint Denis (93) et du Val de Marne (94)\n3\n=mPREFETDE PARISLibert\u00e9Egalit\u00e9Fraternit\u00e9\n  \nDirection r\u00e9gionale et interd\u00e9partementale \nde l'\u00e9conomie, de l'emploi, \ndu travail et des solidarit\u00e9s \n  \n \nArr\u00eat\u00e9 n\u00b0 2025-113 du 18 juin 2025 \n \nPortant composition du conseil m\u00e9dical du conseil m\u00e9dical interd\u00e9partemental de Paris (75), des \nHauts de Seine (92), de Seine Saint Denis (93) et du Val de Marne (94)  \n \nLe Pr\u00e9fet de la r\u00e9gion d'Ile de France \nPr\u00e9fet de Paris \nGrand Officier de la l\u00e9gion d'honneur \nOfficier de l'ordre national du m\u00e9rite \n \nVu le code g\u00e9n\u00e9ral de la fonction publique ;  \n \nVu le d\u00e9cret n\u00b086 -83 du 17 janvier 1986 modifi\u00e9, relatif aux dispositions g\u00e9n\u00e9rales applicables aux agents \ncontractuels de l'Etat ;  \n \nVu le d\u00e9cret n\u00b0 86 -442 du 14 mars 1986 modifi\u00e9, relatif \u00e0 la d\u00e9signation des m\u00e9decins agr\u00e9\u00e9s, \u00e0 l'organisation des \ncomit\u00e9s m\u00e9dicaux et des commissions de r\u00e9forme aux conditions d'aptitude physique pour admission aux emplois \npublics et au r\u00e9gime de cong\u00e9s de maladie des fonctionnaires ; \n \nVu le d\u00e9cret n\u00b087 -602 du 30 juillet  1987 relatif \u00e0 l'organisation des conseils m\u00e9dicaux, aux conditions d'aptitude \nphysique et au r\u00e9gime des cong\u00e9s de maladie des fonctionnaires territoriaux ;  \n \nVu le d\u00e9cret n\u00b088 -386 du 19 avril 1988 relatif aux conditions d'aptitude physique et aux cong\u00e9s de maladie des \nagents de la fonction publique hospitali\u00e8re ; \n \nVu l'arr\u00eat\u00e9 pr\u00e9fectoral n\u00b075-2024-12-16-00002 modifiant l'arr\u00eat\u00e9 n\u00b075-2024-10-17-00003 fixant la liste des m\u00e9decins \nsp\u00e9cialistes et g\u00e9n\u00e9ralistes agr\u00e9\u00e9s dans le d\u00e9partement de Paris ;  \n \nVu l'arr\u00eat\u00e9 pr\u00e9fectoral n\u00b0 2024-4787 du 08/01/2025 modifiant l'arr\u00eat\u00e9 2024 -4247 \u00e9tablissant la liste des m\u00e9decins \ng\u00e9n\u00e9ralistes et sp\u00e9cialistes agr\u00e9\u00e9s dans le d\u00e9partement de Seine-Saint-Denis ;  \n \nVu l'arr\u00eat\u00e9 ARS/SGAD n\u00b02025-14 du 13 mai 2025 fixant la liste des M\u00e9decins g\u00e9n\u00e9ralistes et sp\u00e9cialistes agr\u00e9\u00e9s dans \nle d\u00e9partement des Hauts-de-Seine ;  \n \nVu l'arr\u00eat\u00e9 pr\u00e9fectoral n\u00b0 2024/11 bis du 12 juillet 2024 modifiant l'arr\u00eat\u00e9 2024/10 du 30 mai 2024 fixant pour une \ndur\u00e9e de trois ans la liste des m\u00e9decins g\u00e9n\u00e9ralistes, sp\u00e9cialistes et chirurgiens-dentistes agr\u00e9\u00e9s du Val-de-Marne ;  \n \nVu l'arr\u00eat\u00e9 interminist\u00e9riel du 20 mars 2025 nommant Marc Rohfritsch directeur r\u00e9gional et interd\u00e9partemental de \nl'\u00e9conomie, de l'emploi, du travail et des solidarit\u00e9s d'\u00cele-de-France par int\u00e9rim ; \n \nVu l'arr\u00eat\u00e9 pr\u00e9fectoral n\u00b0 75 -2025-04-04-00005 du 4 avril 2025 par lequel Monsieur Marc Guillaume, Pr\u00e9fet de la \nr\u00e9gion d'\u00cele -de-France, Pr\u00e9fet de Paris, d\u00e9l\u00e8gue sa signature \u00e0 Marc Rohfritsch, directeur r\u00e9gional et \ninterd\u00e9partemental de l'\u00e9conomie, de l'emploi, du travail et des solidarit\u00e9s d'\u00cele-de-France par int\u00e9rim ; \n \nVu la d\u00e9cision n\u00b0 2025 -079 du 16 avril 2025 portant subd\u00e9l\u00e9gation de signature de Monsieur Marc Rohfritsch, \ndirecteur r\u00e9gional et interd\u00e9partemental de l'\u00e9conomie, de l'emploi, du travail et des solidarit\u00e9s d'\u00cele-de-France par \nint\u00e9rim, aux agents de l'unit\u00e9 r\u00e9gionale ; \n  \nSUR proposition de Monsieur Marc Rohfritsch, directeur r\u00e9gional et interd\u00e9partemental de l'\u00e9conomie, de l'emploi, \ndu travail et des solidarit\u00e9s d'\u00cele-de-France par int\u00e9rim ; \n \nDirection r\u00e9gionale et interd\u00e9partementale de l'\u00e9conomie, de l'emploi, du travail et des solidarit\u00e9s d'\u00cele-de-France -\nIDF-2025-06-18-00002 - Arr\u00eat\u00e9 n\u00b0 2025-113 du 18 juin 2025\nPortant composition du conseil m\u00e9dical du conseil m\u00e9dical interd\u00e9partemental de Paris (75), des\nHauts de Seine (92), de Seine Saint Denis (93) et du Val de Marne (94)\n4\n \n 2 \n \nARR\u00caTE \n \nArticle 1 : \n \nA compter du 30 juin 202 5, sont nomm\u00e9s membres tit ulaires, pour une dur\u00e9e de trois ans, les \nm\u00e9decins agr\u00e9\u00e9s suivants : \n \nPour le conseil m\u00e9dical de PARIS (75) :  \nDocteur Laurent ZARNITSKY ; \nDocteur Christophe BEZANSON ; \nDocteur Christian CALDAGUES ;  \n \nPour le conseil m\u00e9dical de la SEINE-SAINT-DENIS (93) : \nDocteur Mohad DJOUAB ;  \nDocteur Richard ABOULKER ;  \nDocteur Michel LAUDE ;  \n \nPour le conseil m\u00e9dical des HAUTS DE SEINE (92) :  \nDocteur Philippe CASANOVA ; \nDocteur Bernadette MICHELIN ; \nDocteur Philippe SPECIEL  \n \n \nPour le conseil m\u00e9dical du VAL-DE-MARNE (94) :  \nDocteur Didier NAYROLLES ; \n     Docteur Gilles STORAI ; \n     Docteur Francis LOUARN ; \n \nArticle 2 : \n \nLe Docteur Laurent ZARNITSKY est d\u00e9sign\u00e9 pour assurer la pr\u00e9sidence du conseil m\u00e9dical de PARIS \n(75) ;  \n \nLe Docteur Mohad DJOUAB est d\u00e9sign\u00e9 pour assurer la pr\u00e9sidence du  conseil m\u00e9dical de la SEINE -\nSAINT-DENIS (93) ;  \n \nLe Docteur  Philippe CASANOVA est d\u00e9sign\u00e9e pour assurer la pr\u00e9sidence du  conseil m\u00e9dical des \nHAUTS-DE-SEINE (92) ;  \n \nLe Docteur Didier NAYROLLES est d\u00e9sign\u00e9 pour assurer la pr\u00e9sidence du conseil m\u00e9dical du VAL-DE-\nMARNE (94) ;  \n \nArticle 3 \n \nA compter du 30 juin 202 5, sont nomm\u00e9s membres suppl\u00e9ants du conseil m\u00e9dical , pour une dur\u00e9e \nde trois ans, les m\u00e9decins agr\u00e9\u00e9s suivants : \n \nPour le conseil m\u00e9dical de PARIS (75) :  \nDocteur Isabelle GAUTIER ;  \nDocteur R\u00e9becca ROTNEMER ; \nDocteur Michel HADDAD ;  \nDocteur Didier BOILLET ; \nDirection r\u00e9gionale et interd\u00e9partementale de l'\u00e9conomie, de l'emploi, du travail et des solidarit\u00e9s d'\u00cele-de-France -\nIDF-2025-06-18-00002 - Arr\u00eat\u00e9 n\u00b0 2025-113 du 18 juin 2025\nPortant composition du conseil m\u00e9dical du conseil m\u00e9dical interd\u00e9partemental de Paris (75), des\nHauts de Seine (92), de Seine Saint Denis (93) et du Val de Marne (94)\n5\n \n 3 \nPour le conseil m\u00e9dical des HAUTS DE SEINE (92) :  \nDocteur Anne LANGLOIS ;  \nDocteur Andr\u00e9 KLEIN ;  \nDocteur Nicolas MAZER ;  \nDocteur Emeline MARLINGE ; \n \n     Pour le conseil m\u00e9dical de la SEINE-SAINT-DENIS (93) : \nDocteur Gabrielle ARENA ; \nDocteur Abraham EDERY ;  \nDocteur Nathalie CHRISTODOULOU ;  \nDocteur Bernard CHEMOUNY ; \nDocteur Fabrice GIRAUX ; \nDocteur Mardoche SEBBAG ; \n \nPour le conseil m\u00e9dical du VAL-DE-MARNE (94) : \nDocteur Fa\u00e9za BENKOULA ;  \n  \nArticle 4 : \n \nEn application de l'article 5-1 du d\u00e9cret n\u00b086-442 du 14 mars 1986, au titre de l'interd\u00e9partementalit\u00e9 \ndes conseils m\u00e9dicaux, tous les m\u00e9decins titulaires nomm\u00e9s \u00e0 l'article 1 ou suppl\u00e9ants nomm\u00e9s \u00e0 \nl'article 3 du pr\u00e9sent arr\u00eat\u00e9 peuvent si\u00e9ger en tant que de besoin dans un conseil m\u00e9dical d'un autre \nd\u00e9partement relevant de la Direction r\u00e9gionale et interd\u00e9partementale de l'\u00e9conomie, de l'emploi, \ndu travail et des solidarit\u00e9s (DRIEETS) (75, 92, 93 ou 94) ;  \n \n \nArticle 5 : \n \nTout recours contre le pr\u00e9sent arr\u00eat\u00e9 devra parvenir au tribunal administratif de Paris, par d\u00e9p\u00f4t \u00e0 \nl'accueil de la juridiction, par voie postale, ou par l'application T\u00e9l\u00e9recours citoyens \n(https://citoyens.telerecours.fr), dans le d\u00e9lai de deux mois \u00e0 co mpter de sa publication au recueil \nd\u00e9partemental des actes administratifs de la pr\u00e9fecture de la r\u00e9gion Ile -de-France. \n \nArticle 6 : \n \nLe directeur r\u00e9gional et interd\u00e9partemental de l'\u00e9conomie, de l'emploi, du travail et des solidarit\u00e9s \nd'\u00cele -de-France est charg\u00e9 de l'ex\u00e9cution du pr\u00e9sent arr\u00eat\u00e9, qui sera publi\u00e9 au recueil d\u00e9partemental \ndes actes administratifs de la pr\u00e9fecture de la r\u00e9gion d'Ile-de-France, accessible sur le site Internet de \nla pr\u00e9fecture de la r\u00e9gion d'Ile-de-France : www.prefectures-regions.gouv.fr/ile-de-france. \n \nFait \u00e0 Aubervilliers, le 18 juin 2025 \n \nPour le Pr\u00e9fet de la Region \u00cele-de-France, Pr\u00e9fet de Paris, \npar delegation, \nPour le directeur regional et interdepartmental de \nl'\u00e9conomie, de l'Emploi, du travail et des Solidarit\u00e9s et par \nd\u00e9l\u00e9gation, \nLe responsable du service interdepartemental, \ndes Conseils m\u00e9dicaux du 75, 92, 93 et 94 \n \n                              Sign\u00e9  \n \n                            Jacky HAZIZA \nDirection r\u00e9gionale et interd\u00e9partementale de l'\u00e9conomie, de l'emploi, du travail et des solidarit\u00e9s d'\u00cele-de-France -\nIDF-2025-06-18-00002 - Arr\u00eat\u00e9 n\u00b0 2025-113 du 18 juin 2025\nPortant composition du conseil m\u00e9dical du conseil m\u00e9dical interd\u00e9partemental de Paris (75), des\nHauts de Seine (92), de Seine Saint Denis (93) et du Val de Marne (94)\n6","date":"2025-06-19","first_seen_on":"2025-06-19T16:47:37+00:00","id":"c52bd442469f20258f91a38fb866863c128f63d6faef8b1e00670fb1a6a8709e","name":"recueil-idf-038-2025-06-RAA-nominatifs du 19.06.2025","pdf_creation_date":"2025-06-19T14:52:21+00:00","pdf_modification_date":null,"timezone":"Europe/Paris","url":"https://www.prefectures-regions.gouv.fr/ile-de-france/irecontenu/telechargement/128665/948370/file/recueil-idf-038-2025-06-RAA-nominatifs%20du%2019.06.2025.pdf"}
