{"administration":"pref50","administration_name":"Pr\u00e9fecture de la Manche","content":"RECUEIL DES ACTES\nADMINISTRATIFS\nDE LA MANCHE\nDOCUMENTATION\nET\nINFORMATIONS\nMARS 2023\nNUMERO SPECIAL N\u00b0 23\nLe contenu int\u00e9gral des textes et/ou les documents et plans annex\u00e9s\npeut \u00eatre consult\u00e9 aupr\u00e8s du service sous le timbre duquel la publication\nest r\u00e9alis\u00e9e et sur le site Internet de la pr\u00e9fecture :\nhttp://www.manche.gouv.fr\nRubrique : Publications - Annonces et avis - Recueil des actes administratifs\n\nS O M M A I R E\nCABINET DU PREFET...............................................................................................................................................................................................2\nArr\u00eat\u00e9 n\u00b0PAEFPS/2023/14/SIDPC du 22 mars 2023 portant organisation d'un jury de certification d'une unit\u00e9 d'enseignement \u00ab \np\u00e9dagogie appliqu\u00e9e \u00e0 l'emploi de formateur aux premiers secours \u00bb par le Service D\u00e9partemental d'Incendie et de Secours de la \nManche........................................................................................................................................................................................................................2\nDIRECTION DES COLLECTIVITES, DE LA CITOYENNETE ET DE LA LEGALITE...............................................................................................2\nArr\u00eat\u00e9 du 23 mars 2023 autorisant l'adh\u00e9sion de membres du syndicat d\u00e9partemental d'\u00e9nergies de la Manche (SDEM50) aux \ncomp\u00e9tences optionnelles \u00ab\u00e9clairage public\u00bb, \u00abinfrastructures de charges pour v\u00e9hicules \u00e9lectriques et hybrides \nrechargeables\u00bb,\u00abautorit\u00e9 organisatrice de distribution de gaz\u00bb, \u00abr\u00e9seau public de chaleur\u00bb et modifiant l'annexe 1 des statuts (liste des \nmembres et des comp\u00e9tences transf\u00e9r\u00e9es)................................................................................................................................................................2\nAGENCE REGIONALE DE SANTE DE NORMANDIE..............................................................................................................................................3\nArr\u00eat\u00e9 du 23 f\u00e9vrier 2023 portant approbation de l'avenant n\u00b010 \u00e0 la convention constitutive du groupement de coop\u00e9ration sanitaire \u00ab \nNORMAND'E-SANTE \u00bb...............................................................................................................................................................................................3\nArr\u00eat\u00e9 du 27 f\u00e9vrier 2023 modifiant l'arr\u00eat\u00e9 du 19 septembre 2022 fixant la liste des postes \u00e9ligibles \u00e0 la prime d'engagement de \ncarri\u00e8re hospitali\u00e8re pour des sp\u00e9cialit\u00e9s dans lesquelles l'offre de soins est ou risque d'\u00eatre insuffisante..............................................................3\nDIVERS........................................................................................................................................................................................................................7\nDREAL - DIRECTION R\u00c9GIONALE DE L'ENVIRONNEMENT, DE L'AM\u00c9NAGEMENT ET DU LOGEMENT....................................................................................7\nArr\u00eat\u00e9 du 21 mars 2023 portant d\u00e9rogation exceptionnelle \u00e0 titre temporaire \u00e0 l'interdiction de circulation \u00e0 certaines p\u00e9riodes des \nv\u00e9hicules de transport de marchandises de plus de 7,5 tonnes de PTAC pour la gestion d'\u00e9pizootie d'Influenza aviaire hautement \npathog\u00e8ne (IAHP)........................................................................................................................................................................................................7\n\uf0bf\nCABINET DU PREFET\nArr\u00eat\u00e9 n\u00b0PAEFPS/2023/14/SIDPC du 22 mars 2023 portant organisation d'un jury de certification d'une unit\u00e9 d'enseignement \u00ab\np\u00e9dagogie appliqu\u00e9e \u00e0 l'emploi de formateur aux premiers secours \u00bb par le Service D\u00e9partemental d'Incendie et de Secours de la\nManche\nArt. 1  : Une unit\u00e9 d'enseignement \u00ab  p\u00e9dagogie appliqu\u00e9e \u00e0 l'emploi de formateur aux premiers secours\u00bb a \u00e9t\u00e9 organis\u00e9e par le Service\nd\u00e9partemental d'incendie et de secours de la Manche \u00e0 Saint-L\u00f4 du 9 au 13 janvier et du 6 au 10 f\u00e9vrier 2023. L'examen des dossiers et les\ncertifications auront lieu le jeudi 30 mars 2023 \u00e0 10  h au Centre D\u00e9partemental de Formation se situant au 02 rue Fernand de Magellan \u00e0 Le\nDezert (50 620).\nArt. 2 : La pr\u00e9sidence du jury de certification sera assur\u00e9e par : M. Wilfrid MARIE, SDIS Saint-L\u00f4\nLes membres du jury d\u00e9sign\u00e9s ci-apr\u00e8s assisteront le pr\u00e9sident :\n- COUE Guillaume -  formateur de formateurs\n- DUCHEMIN Fr\u00e9d\u00e9ric - formateur de formateurs\n- HARIVEL Thomas - formateur de formateurs\n- BERGINIAT Norbert - m\u00e9decin\nSuppl\u00e9ant :\n- CHOISNET St\u00e9phane \u2013 formateur de formateurs\n- JAEGLE Arnaud \u2013 m\u00e9decin\n- VIGOT Rapha\u00ebl \u2013 m\u00e9decin\n- LOUCHART Olivier \u2013 formateur de formateurs\n- MACANJO Maxime - formateur de formateurs\n- SMITH J\u00e9r\u00e9my - formateur de formateurs\n- GLINKOWSKI Guillaume - formateur de formateurs\n- CHOISNET St\u00e9phane - formateur de formateurs\n- BEDEL Patrice - formateur de formateurs\nArt. 3 : En cas d'emp\u00eachement du m\u00e9decin, il est possible de le remplacer par un autre m\u00e9decin. Il en est de m\u00eame pour un autre membre du\njury.\nArt. 4 : Les instructeurs, membres de jury, doivent \u00eatre recycl\u00e9s.\nArt. 5  : Le Directeur de Cabinet du Pr\u00e9fet de la Manche est charg\u00e9 de l'ex\u00e9cution du pr\u00e9sent arr\u00eat\u00e9 qui sera publi\u00e9 au recueil des actes\nadministratifs de la pr\u00e9fecture.\nSign\u00e9 : Pour le Pr\u00e9fet,le Directeur de cabinet : Fran\u00e7ois FLAHAUT\n\uf0bf\nDIRECTION DES COLLECTIVITES, DE LA CITOYENNETE ET DE LA LEGALITE\nArr\u00eat\u00e9 du 23 mars 2023 autorisant l'adh\u00e9sion de membres du syndicat d\u00e9partemental d'\u00e9nergies de la  Manche (SDEM50) aux\ncomp\u00e9tences optionnelles \u00ab\u00e9clairage public\u00bb, \u00abinfrastructures de charges pour v\u00e9hicules \u00e9lectriques et hybrides\nrechargeables\u00bb,\u00abautorit\u00e9 organisatrice de distribution de gaz\u00bb, \u00abr\u00e9seau public de chaleur\u00bb et modifiant l'annexe 1 des statuts (liste\ndes membres et des comp\u00e9tences transf\u00e9r\u00e9es)  \nConsid\u00e9rant que chaque conseil municipal a \u00e9mis un avis favorable au transfert de l'une de ces quatre comp\u00e9tences optionnelles pr\u00e9cit\u00e9es et\nque le comit\u00e9 syndical du SDEM a d\u00e9lib\u00e9r\u00e9 de mani\u00e8re concordante \u00e0 ces transferts, conform\u00e9ment \u00e0 l'article 5.2 de ses statuts ;\nArt. 1 : Est autoris\u00e9e l'adh\u00e9sion des communes de Montmartin-sur-Mer, Morigny, Perriers-en-Beauficel, Saint-Laurent-de-Terregatte et Saint-\nPierre-de-Coutances \u00e0 la comp\u00e9tence optionnelle \"\u00e9clairage public\", d\u00e9finie \u00e0  l'article 3.2 des statuts du SDEM 50.\nArt. 2  :  Est autoris\u00e9e l'adh\u00e9sion des communes de Hardinvast, le Vast, la Chapelle-Ur\u00e9e, Baudre, Carneville, Le Mesnil-Aubert, Morigny,\nHuisnes-sur-Mer, Le Mesnillard, La Luzerne, la Hague, Pontorson, La Chapelle-C\u00e9celin, Vernix, Varenguebec, Tribehou, Saint-Marcouf-de-\nL'Isle \u00e0 la comp\u00e9tence optionnelle \u00abinfrastructures de charge pour v\u00e9hicules \u00e9lectriques et hybrides rechargeables\u00bb d\u00e9finie \u00e0 l'article 3.3 des\nstatuts du SDEM 50.\nArt. 3 :  Est autoris\u00e9e l'adh\u00e9sion de la commune de Th\u00e9reval \u00e0 la comp\u00e9tence optionnelle \u00abautorit\u00e9 organisatrice de distribution de gaz\u00bb, d\u00e9finie\n\u00e0 l'article 3.5 des statuts du SDEM.\nArt. 4 : Est autoris\u00e9e l'adh\u00e9sion de la commune de La Haye Pesnel au transfert de la comp\u00e9tence optionnelle \u00abr\u00e9seau public de chaleur\u00bb telle\nque d\u00e9finie \u00e0 l'article 3.6 des statuts du SDEM.\nArt. 5 :  La liste des membres et des comp\u00e9tences transf\u00e9r\u00e9es est actualis\u00e9e en cons\u00e9quence et annex\u00e9e au pr\u00e9sent arr\u00eat\u00e9.\nArt. 6  :  Le pr\u00e9sent arr\u00eat\u00e9 peut \u00eatre contest\u00e9 devant la juridiction administrative (tribunal administratif de Caen) dans le d\u00e9lai de deux mois\nsuivant sa publication.\nSign\u00e9 : Pour le pr\u00e9fet, le Secr\u00e9taire g\u00e9n\u00e9ral : Laurent SIMPLICIEN\nL'annexe 1 actualis\u00e9e  relative aux membres du syndicat d\u00e9partemental d'\u00e9nergie de la Manche peut \u00eatre consult\u00e9e en pr\u00e9fecture de la\nManche \u2013 direction des collectivit\u00e9s, de la citoyennet\u00e9 et de la l\u00e9galit\u00e9 \u2013 bureau des collectivit\u00e9s locales\n\uf0bf\nAGENCE REGIONALE DE SANTE DE NORMANDIE\nArr\u00eat\u00e9 du 23 f\u00e9vrier 2023 portant approbation de l'avenant n\u00b010 \u00e0 la convention constitutive du groupement de coop\u00e9ration sanitaire \u00ab\nNORMAND'E-SANTE \u00bb\nConsid\u00e9rant l'article 26 de la convention constitutive relatif aux avenants de la convention constitutive,\nConsid\u00e9rant que l'objet de l'avenant N\u00b010 de la convention constitutive, son contenu et ses modalit\u00e9s de mise en \u0153uvre sont conformes aux\ndispositions du Code de Sant\u00e9 Publique, \nArt. 1  : L'avenant N\u00b010 \u00e0 la convention constitutive du groupement de coop\u00e9ration sanitaire \u00ab Normand 'e-sant\u00e9 \u00bb portant modification des\nmembres en son sein est approuv\u00e9 tel qu'il est annex\u00e9 au pr\u00e9sent arr\u00eat\u00e9.\nArt. 2 : Le pr\u00e9sent arr\u00eat\u00e9 est susceptible d'un recours contentieux dans un d\u00e9lai de deux mois, au Tribunal administratif de Caen sis au 3, rue\nArthur Leduc BP 25086 \u00e0 Caen (14050) \nCEDEX 4, \u00e0 compter de la r\u00e9ception de la notification pour les int\u00e9ress\u00e9s et de la publication au recueil des actes administratifs pour les tiers. \nSign\u00e9 : Le Directeur g\u00e9n\u00e9ral de l'Agence R\u00e9gionale de Sant\u00e9 de Normandie : Thomas DEROCHE,\nAnnexe : Avenant N\u00b010 \u00e0 la convention constitutive du groupement de coop\u00e9ration sanitaire \u00ab Normand 'e-sant\u00e9 \u00bb peut \u00eatre consult\u00e9e \u00e0\nAgence R\u00e9gionale de Sant\u00e9 de Normandie\n\uf0bf\nArr\u00eat\u00e9 du 27 f\u00e9vrier 2023 modifiant l'arr\u00eat\u00e9 du 19 septembre 2022 fixant la liste des postes \u00e9ligibles \u00e0 la prime d'engagement de\ncarri\u00e8re hospitali\u00e8re pour des sp\u00e9cialit\u00e9s dans lesquelles l'offre de soins est ou risque d'\u00eatre insuffisante\nArt. 1 : la liste des postes \u00e9ligibles \u00e0 la prime d'engagement de carri\u00e8re hospitali\u00e8re pour des sp\u00e9cialit\u00e9s dans lesquelles l'offre de soins est\nou risque d'\u00eatre insuffisante dans les \u00e9tablissements publics de sant\u00e9 de la r\u00e9gion Normandie fix\u00e9e \u00e0 l'article 1 de l'arr\u00eat\u00e9 du 19 septembre\n2022 susvis\u00e9 est remplac\u00e9e par la liste suivante :\nN\u00b0 FINESS ETABLISSEMENT SPECIALITES\n140000100 CHU - CAEN\nAnesth\u00e9sie-r\u00e9animation\nG\u00e9riatrie\nGyn\u00e9cologie-obst\u00e9trique\nH\u00e9matologie\nM\u00e9decine g\u00e9n\u00e9rale\nM\u00e9decine d'urgence\nPsychiatrie\nRadiologie et imagerie m\u00e9dicale\n140000092 CENTRE HOSPITALIER\nAUNAY-BAYEUX\nChirurgie urologique\nG\u00e9riatrie\nGyn\u00e9cologie-obst\u00e9trique\nH\u00e9pato-gastro-ent\u00e9rologie\nM\u00e9decine g\u00e9n\u00e9rale\nM\u00e9decine et sant\u00e9 au travail\nM\u00e9decine d'urgence\nM\u00e9decine physique et r\u00e9adaptation\nPsychiatrie\n140000233 CENTRE HOSPITALIER \nFALAISE\nAnesth\u00e9sie\nChirurgie orthop\u00e9dique et traumatologie\nG\u00e9riatrie\nH\u00e9pato-gastro-ent\u00e9rologie\nM\u00e9decine g\u00e9n\u00e9rale\nM\u00e9decine d'urgence\nM\u00e9decine physique et r\u00e9adaptation\nPneumologie\nRadiologie et imagerie m\u00e9dicale\n1400035 CENTRE HOSPITALIER\nLISIEUX\nAnesth\u00e9sie-r\u00e9animation\nCardiologie et maladies vasculaires\nChirurgie orthop\u00e9dique et traumatologie\nChirurgie visc\u00e9rale et digestive\nG\u00e9riatrie\nGyn\u00e9cologie-obst\u00e9trique\nH\u00e9pato-gastro-ent\u00e9rologie\nM\u00e9decine g\u00e9n\u00e9rale\nM\u00e9decine Intensive de r\u00e9animation\nM\u00e9decine interne\nM\u00e9decine d'urgence\nNeurologie\nORL\nP\u00e9diatrie\nPneumologie\nRadiologie et imagerie m\u00e9dicale\n140026279 CENTRE HOSPITALIER\nCOTE FLEURIE\nCardiologie et maladies vasculaires\nG\u00e9riatrie\nM\u00e9decine g\u00e9n\u00e9rale\nM\u00e9decine d'urgence\n140000134 CENTRE HOSPITALIER\nPONT L'EVEQUE\nG\u00e9riatrie\nM\u00e9decine g\u00e9n\u00e9rale\n140000316 E.P.S.M. CAEN\nPsychiatrie\n610780090 CENTRE HOSPITALIER\nARGENTAN\nAnesth\u00e9sie-r\u00e9animation\nCardiologie et maladies vasculaires\nChirurgie orthop\u00e9dique et traumatologie\nEndocrinologie-diab\u00e9tologie-nutrition\nG\u00e9riatrie\nGyn\u00e9cologie-obst\u00e9trique\nM\u00e9decine g\u00e9n\u00e9rale\nM\u00e9decine d'urgence\nOdontologie\nOphtalmologie\nP\u00e9diatrie\nPneumologie\nRadiologie et imagerie m\u00e9dicale\n610780157 CENTRE HOSPITALIER\nVIMOUTIERS\nM\u00e9decine g\u00e9n\u00e9rale\nG\u00e9riatrie\n500000054 CENTRE HOSPITALIER\nAVRANCHES-GRANVILLE\nAnesth\u00e9sie-r\u00e9animation\nCardiologie et maladies vasculaires\nChirurgie visc\u00e9rale et digestive\nChirurgie orthop\u00e9dique et traumatologie\nChirurgie urologique\nG\u00e9riatrie\nH\u00e9pato-gastro-ent\u00e9rologie\nGyn\u00e9cologie-obst\u00e9trique\nMaladies infectieuses\nM\u00e9decine g\u00e9n\u00e9rale\nM\u00e9decine d'urgence\nNeurologie\nOncologie m\u00e9dicale\nP\u00e9diatrie\nPneumologie\nRadiologie et imagerie m\u00e9dicale\nRhumatologie\n500000096 CENTRE HOSPITALIER\nST HILAIRE DU HARCOUET\nM\u00e9decine g\u00e9n\u00e9rale\n500000245 CHS DE PONTORSON\nG\u00e9riatrie\nM\u00e9decine g\u00e9n\u00e9rale\nPsychiatrie\n500000013 CENTRE HOSPITALIER PUBLIC\nDU COTENTIN\nAnesth\u00e9sie\nG\u00e9riatrie\nGyn\u00e9cologie-obst\u00e9trique\nH\u00e9pato-Gastro-ent\u00e9rologie\nM\u00e9decine g\u00e9n\u00e9rale (\u00e0 orientation urgences)\nM\u00e9decine d'urgence\nNeurologie\nPneumologie\nRadiologie et imagerie m\u00e9dicale\n500000112 CENTRE HOSPITALIER MEMORIAL SAINT-LO\nAnesth\u00e9sie-r\u00e9animation\nChirurgie orthop\u00e9dique et traumatologie\nChirurgie vasculaire\nChirurgie visc\u00e9rale et digestive\nG\u00e9riatrie\nGyn\u00e9cologie-obst\u00e9trique\nH\u00e9pato-gastro-ent\u00e9rologie\nM\u00e9decine g\u00e9n\u00e9rale \nM\u00e9decine d'urgence\nNeurologie\nOncologie m\u00e9dicale\nOto-rhino-laryngologie\nP\u00e9diatrie\nPneumologie\nRadiologie et imagerie m\u00e9dicale\n500000393 CENTRE HOSPITALIER\nCOUTANCES\nG\u00e9riatrie\nM\u00e9decine g\u00e9n\u00e9rale\nM\u00e9decine interne\nM\u00e9decine d'urgence\n610780082 C.H.I.C\nALENCON-MAMERS\nAnesth\u00e9sie-r\u00e9animation\nCardiologie et maladies vasculaires\nDermatologie\nG\u00e9riatrie\nH\u00e9pato-gastro-ent\u00e9rologie\nM\u00e9decine g\u00e9n\u00e9rale\nM\u00e9decine d'urgence\nM\u00e9decine physique et de r\u00e9adaptation\nOphtalmologie\nPneumologie\nRadiologie et imagerie m\u00e9dicale\n610780025 C.P.O\nALENCON\nM\u00e9decine g\u00e9n\u00e9rale\nPsychiatrie\n610780124 CENTRE HOSPITALIER\nMORTAGNE-AU-PERCHE\nG\u00e9riatrie\nM\u00e9decine g\u00e9n\u00e9rale\n610790594 CHIC DES ANDAINES\nLA FERTE MACE\nM\u00e9decine g\u00e9n\u00e9rale\n610780165 CENTRE HOSPITALIER\nFLERS\nAnesth\u00e9sie-r\u00e9animation\nCardiologie et maladies vasculaires\nChirurgie visc\u00e9rale et digestive\nG\u00e9riatrie\nGyn\u00e9cologie-obst\u00e9trique\nH\u00e9pato-gastro-ent\u00e9rologie\nM\u00e9decine g\u00e9n\u00e9rale\nM\u00e9decine d'urgence\nPneumologie\nPsychiatrie\nRadiologie et imagerie m\u00e9dicale\n140000159 CENTRE HOSPITALIER\nVIRE\nG\u00e9riatrie\nM\u00e9decine g\u00e9n\u00e9rale\nM\u00e9decine d'urgence\nSant\u00e9 Publique (DIM)\n760780726 GROUPE HOSPITALIER\nLE HAVRE\nAnesth\u00e9sie-r\u00e9animation\nChirurgie urologique\nG\u00e9riatrie\nM\u00e9decine g\u00e9n\u00e9rale (addictologie)\nOncologie m\u00e9dicale\nPneumologie\nPsychiatrie\nRadiologie et imagerie m\u00e9dicale\n760780734 CENTRE HOSPITALIER\nFECAMP\nCardiologie et maladies vasculaires\nG\u00e9riatrie\nGyn\u00e9cologie-obst\u00e9trique\nM\u00e9decine g\u00e9n\u00e9rale\nM\u00e9decine d'urgence\nRadiologie et imagerie m\u00e9dicale\n760780742 C.H.I. CAUX VALLEE DE SEINE\nG\u00e9riatrie\nGyn\u00e9cologie-obst\u00e9trique\nM\u00e9decine d'urgence\nP\u00e9diatrie\n270023724 CENTRE HOSPITALIER\nEURE-SEINE\nAnesth\u00e9sie-r\u00e9animation\nCardiologie et maladies vasculaires\nChirurgie orthop\u00e9dique et traumatologie\nChirurgie urologique\nDermatologie\nG\u00e9riatrie\nGyn\u00e9cologie-obst\u00e9trique\nH\u00e9matologie\nH\u00e9pato-gastro-ent\u00e9rologie\nMaladies infectieuses et tropicales\nM\u00e9decine g\u00e9n\u00e9rale \u00e0 orientation soins palliatifs\nM\u00e9decine d'urgence\nM\u00e9decine vasculaire\nNeurologie\nOdontologie\nOncologie m\u00e9dicale\nOphtalmologie\nOto-rhino-laryngologie\nP\u00e9diatrie\nPneumologie\nRadiologie et imagerie m\u00e9dicale\nR\u00e9animation m\u00e9dicale\n270000060 CENTRE HOSPITALIER\nBERNAY\nAnesth\u00e9sie-r\u00e9animation\nG\u00e9riatrie\nM\u00e9decine d'urgence\nRadiologie et imagerie m\u00e9dicale\n270000086 CENTRE HOSPITALIER\nGISORS\nBiologie m\u00e9dicale\nG\u00e9riatrie\nM\u00e9decine d'urgence\n270000110 CENTRE HOSPITALIER\nVERNEUIL SUR AVRE\nG\u00e9riatrie\nM\u00e9decine g\u00e9n\u00e9rale\nM\u00e9decine d'urgence\n270000219 CENTRE HOSPITALIER SPECIALISE DE \nNAVARRE\nM\u00e9decine g\u00e9n\u00e9rale\nPsychiatrie\n610780074 CENTRE HOSPITALIER\nL'AIGLE\nChirurgie visc\u00e9rale et digestive\nG\u00e9riatrie\nGyn\u00e9cologie-obst\u00e9trique\nM\u00e9decine d'urgence\nP\u00e9diatrie\nRadiologie et imagerie m\u00e9dicale\n760024042 C.H.I. ELBEUF-LOUVIERS VAL DE REUIL\nAnesth\u00e9sie-r\u00e9animation\nCardiologie et maladies vasculaires\nChirurgie orthop\u00e9dique et traumatologie\nChirurgie urologique\nChirurgie vasculaire\nG\u00e9riatrie\nGyn\u00e9cologie-obst\u00e9trique\nH\u00e9pato-Gastro-Ent\u00e9rologie\nM\u00e9decine g\u00e9n\u00e9rale\nM\u00e9decine interne\nM\u00e9decine Physique et R\u00e9adaptation\nM\u00e9decine d'urgence\nN\u00e9phrologie\nOncologie m\u00e9dicale\nPneumologie\nRadiologie et imagerie m\u00e9dicale\n760780239 CHU - ROUEN\nAnesth\u00e9sie-r\u00e9animation\nChirurgie orale\nG\u00e9riatrie\nM\u00e9decine g\u00e9n\u00e9rale\nM\u00e9decine Physique et R\u00e9adaptation\nM\u00e9decine d'urgence\nM\u00e9decine et sant\u00e9 au travail\nPsychiatrie\nRadiologie et imagerie m\u00e9dicale\n760780064 CENTRE HOSPITALIER\nNEUFCHATEL-EN-BRAY\nG\u00e9riatrie\nM\u00e9decine g\u00e9n\u00e9rale\n760780049 CENTRE HOSPITALIER\nGOURNAY-EN-BRAY\nG\u00e9riatrie\nM\u00e9decine g\u00e9n\u00e9rale\n760780262 CENTRE HOSPITALIER BELVEDERE\nMONT-SAINT-AIGNAN\nAnesth\u00e9sie-r\u00e9animation\nGyn\u00e9cologie-obst\u00e9trique\n760782425 CENTRE HOSPITALIER\nBOIS PETIT\nG\u00e9riatrie\nM\u00e9decine g\u00e9n\u00e9rale\n760780270 CENTRE HOSPITALIER SPECIALISE DU \nROUVRAY\nM\u00e9decine g\u00e9n\u00e9rale\nPsychiatrie\n760782425 CENTRE HOSPITALIER\nEU\nG\u00e9riatrie \nM\u00e9decine g\u00e9n\u00e9rale\n760780023 CENTRE HOSPITALIER\nDIEPPE\nAnesth\u00e9sie-r\u00e9animation\nCardiologie et maladies vasculaires\nChirurgie urologique\nG\u00e9riatrie\nGyn\u00e9cologie-obst\u00e9trique\nH\u00e9pato-gastro-ent\u00e9rologie\nM\u00e9decine g\u00e9n\u00e9rale\nM\u00e9decine d'urgence\nM\u00e9decine physique et de r\u00e9adaptation\nN\u00e9phrologie\nNeurologie\nOncologie m\u00e9dicale\nP\u00e9diatrie\nPneumologie\nPsychiatrie\nRadiologie et imagerie m\u00e9dicale\nArt. 2 : La pr\u00e9sente liste est arr\u00eat\u00e9e pour la dur\u00e9e de validit\u00e9 restant \u00e0 courir de la liste fix\u00e9e par l'arr\u00eat\u00e9 du 19 septembre 2022, soit jusqu'au 18\nseptembre 2025.  Elle est r\u00e9visable annuellement.\nSign\u00e9 : Pour Le Directeur g\u00e9n\u00e9ral, le Directeur de l'Appui \u00e0 la Performance, par int\u00e9rim : Pascal LEMIEUX\n\uf0bf\nDIVERS\nDREAL - Direction R\u00e9gionale de l'Environnement, de l'Am\u00e9nagement et du Logement\nArr\u00eat\u00e9 du 21 mars 2023 portant d\u00e9rogation exceptionnelle \u00e0 titre temporaire \u00e0 l'interdiction de circulation \u00e0 certaines p\u00e9riodes des\nv\u00e9hicules de transport de marchandises de plus de 7,5 tonnes de PTAC pour la gestion d'\u00e9pizootie d'Influenza aviaire hautement\npathog\u00e8ne (IAHP)\nConsid\u00e9rant le caract\u00e8re extr\u00eamement contagieux et grave de l'Influenza aviaire hautement pathog\u00e8ne (IAHP) et l'existence de cas av\u00e9r\u00e9s sur\nle territoire national ;\nConsid\u00e9rant la d\u00e9tection continue et pr\u00e9visible de nouveaux foyers de contamination sur le territoire de la zone de d\u00e9fense et de s\u00e9curit\u00e9\nOuest ;\nConsid\u00e9rant les missions de d\u00e9peuplement de volailles confi\u00e9es \u00e0 l'entreprise GT Logistics bas\u00e9e \u00e0 Bassens (33), via un march\u00e9 national\nconclu avec le minist\u00e8re de l'Agriculture dans le cadre de la lutte contre les \u00e9pizooties ;\nConsid\u00e9rant que les retards d'approvisionnement, en mat\u00e9riels, mat\u00e9riaux, produits ou v\u00e9hicules indispensables \u00e0 la gestion des foyers de\ncontamination \u00e0 l'IAHP, peuvent avoir des cons\u00e9quences sanitaires ou \u00e9conomiques pr\u00e9judiciables au regard du caract\u00e8re exponentiel des\n\u00e9pizooties de ce type ;\nConsid\u00e9rant qu'il y a lieu de faciliter la continuit\u00e9 des actions de lutte y compris le week-end, et par cons\u00e9quent, la circulation des v\u00e9hicules\ntransportant les mat\u00e9riels, mat\u00e9riaux, produits ou v\u00e9hicules n\u00e9cessaires au d\u00e9peuplement de volailles en \u00e9levages ou sur sites d\u00e9di\u00e9s, dans le\ncadre de mesures ordonn\u00e9es par l'\u00c9tat ;\nArt. 1 : la circulation des v\u00e9hicules de transport de marchandises de plus de 7,5 tonnes de PTAC, en charge ou en retour \u00e0 vide, transportant\ndes mat\u00e9riels, mat\u00e9riaux, produits ou v\u00e9hicules n\u00e9cessaires au d\u00e9peuplement de volailles en \u00e9levages ou sur sites d\u00e9di\u00e9s, dans le cadre de\nmesures ordonn\u00e9es par l'\u00c9tat, est exceptionnellement autoris\u00e9e dans les d\u00e9partements de la zone de d\u00e9fense et de s\u00e9curit\u00e9 Ouest, \u00e0 compter\ndu samedi 1er avril jusqu'au dimanche 02 juillet 2023 inclus, sur les plages horaires suivantes :\n- les samedis \u00e0 partir de 22h et jusqu'\u00e0 22h les dimanches,\n- et de 22h (la veille) \u00e0 22h, les jours f\u00e9ri\u00e9s suivants :\n- lundi 10 avril 2023 (lundi de P\u00e2ques),\n- lundi 1er mai 2023 (f\u00eate du travail),\n- lundi 8 mai 2023 (Armistice 1945),\n- jeudi 18 mai 2023 (Ascension),\n- lundi 29 mai (lundi de Pentec\u00f4te).\nArt. 2 : les conducteurs des v\u00e9hicules doivent pouvoir justifier de la conformit\u00e9 du transport effectu\u00e9 au titre des dispositions de la pr\u00e9sente\nd\u00e9rogation  en  cas  de  contr\u00f4le.  Les  justificatifs  doivent  \u00eatre  fournis  aux  agents  de  contr\u00f4le  et  se  trouver  \u00e0  bord  du  v\u00e9hicule,  ou  \u00eatre\nimm\u00e9diatement accessibles s'ils sont d\u00e9mat\u00e9rialis\u00e9s.\nArt. 3 :  toute infraction aux dispositions du pr\u00e9sent arr\u00eat\u00e9 sera constat\u00e9e et poursuivie conform\u00e9ment aux lois et r\u00e8glements en vigueur.\nSign\u00e9 : Pour le Pr\u00e9fet de la zone de d\u00e9fense et de s\u00e9curit\u00e9 ouest, le Pr\u00e9fet d\u00e9l\u00e9gu\u00e9 pour la d\u00e9fense et la s\u00e9curit\u00e9 : Herv\u00e9 TOURMENTE\n\uf0bf\nD\u00e9partement de la Manche - Imprimerie administrative - Directeur de la publication : M. le secr\u00e9taire g\u00e9n\u00e9ral de la pr\u00e9fecture","date":"2023-03-24","first_seen_on":"2025-07-18T11:45:34+00:00","id":"c54758ea3d80c4e5644d22b95705a70bd698b5a36354447ed9ac3966baeabfb4","name":"RAA sp\u00e9cial n\u00b0 23","pdf_creation_date":"2023-03-24T15:36:49+00:00","pdf_modification_date":null,"timezone":"Europe/Paris","url":"https://www.manche.gouv.fr/contenu/telechargement/55332/431792/file/SP%2023.pdf"}
