{"administration":"pref30","administration_name":"Pr\u00e9fecture du Gard","content":"PR\u00c9FET\nDU GARD\nRECUEIL DES ACTES\nADMINISTRATIFS\nN\u00b030-2025-150\nPUBLI\u00c9 LE 22 AO\u00dbT 2025\nSommaire\nAgence R\u00e9gionale de la Sant\u00e9- d\u00e9l\u00e9gation d\u00e9partementale du Gard\n/\n30-2025-08-20-00003 - Arr\u00eat\u00e9 pr\u00e9fectoral portant r\u00e9quisition d'un\npersonnel naviguant (pilote et assistant de vol) afin de garantir la\ncontinuit\u00e9 de l'activit\u00e9 H\u00e9liSMUR dans le cadre de l'aide m\u00e9dicale\nurgente les vendredi 22, samedi 23, dimanche 24, lundi 25, mardi 26,\nmercredi 27 et jeudi 28 ao\u00fbt 2025 de 08h00 \u00e0 20h00 (heure de Paris)\n(4 pages) Page 4\n30-2025-08-20-00002 - Arr\u00eat\u00e9 pr\u00e9fectoral portant r\u00e9quisition d'un\npersonnel naviguant (pilote et assistant de vol) afin de garantir la\ncontinuit\u00e9 de l'activit\u00e9 H\u00e9liSMUR dans le cadre de l'aide m\u00e9dicale\nurgente les vendredi 22, samedi 23, dimanche 24, lundi 25, mardi 26,\nmercredi 27 et jeudi 28 ao\u00fbt 2025 de 08h00 \u00e0 20h00 (heure de Paris) (4\npages) Page 9\nDirection D\u00e9partementale de la Protection des Populations du Gard  /\nservice de la S\u00e9curit\u00e9 sanitaire des aliments\n30-2025-08-18-00001 - Arr\u00eat\u00e9 abrogation fermeture pizza sur 16 pont st\nesprit (2 pages) Page 14\nDirection D\u00e9partementale des Tetrritoires et de la Mer du Gard /\n30-2025-08-19-00003 - Arr\u00eat\u00e9 constatant l'indice des fermages et sa\nvariation pour l'ann\u00e9e 2025 - 2026 (4 pages) Page 17\n30-2025-08-19-00004 - Arr\u00eat\u00e9 portant autorisation au titre de l'article\nL. 333-3 du code rural et de la p\u00eache maritime de prise de contr\u00f4le de la\nSAS PEPINIERES DE LA BAMBOUSERAIE (2 pages) Page 22\n30-2025-08-20-00001 - Arr\u00eat\u00e9 relatif \u00e0 une demande d'autorisation de\nd\u00e9fricher (2 pages) Page 25\nDirection des Services D\u00e9partementaux de l'Education Nationale du Gard /\n30-2025-08-21-00004 - ARR\u00caT\u00c9 PORTANT AGR\u00c9MENT D\u00c9P JEUNESSE\n\u00c9DUCATION POPULAIRE ALL'STYLE (2 pages) Page 28\n30-2025-08-21-00006 - ARR\u00caT\u00c9 PORTANT AGR\u00c9MENT D\u00c9P JEUNESSE\n\u00c9DUCATION POPULAIRE SILO\u00c9 (2 pages) Page 31\n30-2025-08-21-00002 - ARR\u00caT\u00c9 PORTANT AGR\u00c9MENT JEUNESSE\n\u00c9DUCATION POPULAIRE ACCES POUR TOUS (2 pages) Page 34\n30-2025-08-21-00003 - Arr\u00eat\u00e9 portant reconnaissance du tronc commun\nd'agr\u00e9ment ALL'STYLE (2 pages) Page 37\n30-2025-08-21-00001 - ARR\u00caT\u00c9 PORTANT RECONNAISSANCE TRONC\nCOMMUN AGR\u00c9MENT ACCES POUR TOUS (2 pages) Page 40\n2\n30-2025-08-21-00005 - ARR\u00caT\u00c9 PORTANT RECONNAISSANCE TRONC\nCOMMUN AGR\u00c9MENT SILO\u00c9 (2 pages) Page 43\nSous Pr\u00e9fecture d'Al\u00e8s /\n30-2025-08-22-00001 - AP 2025-08-32 du 22 ao\u00fbt 2025 portant mesures\ntemporaires sur la navigation int\u00e9rieure du Rh\u00f4ne conc\u00e9d\u00e9. cet\narr\u00eat\u00e9 remplace l'AP N\u00b0 2025-08-08, retir\u00e9. (11 pages) Page 46\n30-2025-08-19-00005 - Arr\u00eat\u00e9 de renouvellement habilitation\nn\u00b025-08-23 du 19-08-25 pour 5 ans NOCTUA THANATOPRAXIE (2 pages) Page 58\n3\nAgence R\u00e9gionale de la Sant\u00e9- d\u00e9l\u00e9gation\nd\u00e9partementale du Gard\n30-2025-08-20-00003\nArr\u00eat\u00e9 pr\u00e9fectoral portant r\u00e9quisition d'un\npersonnel naviguant (pilote et assistant de vol)\nafin de garantir la continuit\u00e9 de l'activit\u00e9\nH\u00e9liSMUR dans le cadre de l'aide m\u00e9dicale\nurgente les vendredi 22, samedi 23, dimanche\n24, lundi 25, mardi 26, mercredi 27 et jeudi 28\nao\u00fbt 2025 de 08h00 \u00e0 20h00 (heure de Paris)\nAgence R\u00e9gionale de la Sant\u00e9- d\u00e9l\u00e9gation d\u00e9partementale du Gard - 30-2025-08-20-00003 - Arr\u00eat\u00e9 pr\u00e9fectoral portant r\u00e9quisition\nd'un personnel naviguant (pilote et assistant de vol) afin de garantir la continuit\u00e9 de l'activit\u00e9 H\u00e9liSMUR dans le cadre de l'aide\nm\u00e9dicale urgente les vendredi 22, samedi 23, dimanche 24, lundi 25, mardi 26, mercredi 27 et jeudi 28 ao\u00fbt 2025 de 08h00 \u00e0 20h00\n(heure de Paris)\n4\npair ArPREFETDU GARD \u00a9 D Agence R\u00e9gionale de Sant\u00e9ous OccitanieLibert\u00e9Egalit\u00e9seal D\u00e9l\u00e9gation d\u00e9partementale du GardLe pr\u00e9fet du Gard\nLe pr\u00e9fet du GardChevalier de la L\u00e9gion d'honneurChevalier de l'ordre national du m\u00e9rite\nArr\u00eat\u00e9 pr\u00e9fectoral portant r\u00e9quisition d'un personnel navigant (pilote et assistant de vol)afin de garantir la continuit\u00e9 de l'activit\u00e9 H\u00e9liS MUR dans le cadre de l'aide m\u00e9dicaleurgenteles vendredi 22, samedi 23, dimanche 24, lundi 25, mardi 26, mercredi 27 et jeudi 28 ao\u00fbt2025 de 08h00 \u00e0 20h00 (heure de Paris)\nVU l'alin\u00e9a 7 du Pr\u00e9ambule de la Constitution du 27 octobre 1946 ;VU le r\u00e8glement (CE) n\u00b0 216/2008 modifi\u00e9 du Parlement europ\u00e9en et du Conseil du 20 f\u00e9vrier2008 concernant des r\u00e8gles communes dans le domaine de l'aviation civile et instituant uneAgence europ\u00e9enne de la s\u00e9curit\u00e9 a\u00e9rienne, et abrogeant la directive 91/670/CEE du Conseil, ler\u00e8glement (CE) n\u00b0 1592/2002 et la directive 2004/36/CE ;VU la sous-partie \u00ab TC \u00e9quipage technique dans le cadre d'op\u00e9rations SMUH, HHO ou NVIS \u00bbdu r\u00e8glement (UE) n\u00b0 965/2012 de la Commission du 5 octobre 2012 d\u00e9terminant les exigencestechniques et les proc\u00e9dures administratives applicables aux op\u00e9rations a\u00e9riennesconform\u00e9ment au r\u00e8glement (CE) n\u00b0 216/2008 du Parlement europ\u00e9en et du Conseil :VU le code g\u00e9n\u00e9ral des collectivit\u00e9s territoriales et notamment le 4\u00b0 de l'article L. 2215-1 ;VU le code de la sant\u00e9 publique et notamment les articles L. 6112-1, L. 6311-1, L. 6311-2, R.6311-1 aR. 6311-7, R. 6123-14 aR. 6123-17, R. 6312-24 a R. 6312-28, et D. 6124-14 a D. 6124-16 relatifs a l'aide m\u00e9dicale urgente et aux structures mobiles d'urgence et de r\u00e9animation ;VU le d\u00e9cret n\u00b0 2004-374 du 29 avril 2004 relatif aux pouvoirs des pr\u00e9fets et \u00e0 l'action des serviceset organismes publics de l'Etat ;VU le d\u00e9cret n\u00b0 2010-336 du 31 mars 2010 portant cr\u00e9ation des agences r\u00e9gionales de sant\u00e9 ;VU le d\u00e9cret du 20 avril 2022 portant nomination de Monsieur Didier JAFFRE en qualit\u00e9 dedirecteur g\u00e9n\u00e9ral de l'agence r\u00e9gionale de sant\u00e9 Occitanie ;VU le d\u00e9cret du 13 juillet 2023 portant nomination du pr\u00e9fet du Gard, Monsieur J\u00e9r\u00f4me BONET ;VU l'arr\u00eat\u00e9 pr\u00e9fectoral n\u00b030-2024-10-18-00007 du 18 octobre 2024 donnant d\u00e9l\u00e9gation designature a Monsieur Emile SOUMBO, sous-pr\u00e9fet de l'arrondissement d'Al\u00e8s ;\nAgence R\u00e9gionale de la Sant\u00e9- d\u00e9l\u00e9gation d\u00e9partementale du Gard - 30-2025-08-20-00003 - Arr\u00eat\u00e9 pr\u00e9fectoral portant r\u00e9quisition\nd'un personnel naviguant (pilote et assistant de vol) afin de garantir la continuit\u00e9 de l'activit\u00e9 H\u00e9liSMUR dans le cadre de l'aide\nm\u00e9dicale urgente les vendredi 22, samedi 23, dimanche 24, lundi 25, mardi 26, mercredi 27 et jeudi 28 ao\u00fbt 2025 de 08h00 \u00e0 20h00\n(heure de Paris)\n5\nVU l'arr\u00eat\u00e9 pr\u00e9fectoral n\u00b030-2024-10-18-00008 du 18 octobre 2024 donnant d\u00e9l\u00e9gation designature \u00e0 Madame Anne LEVASSEUR, sous-pr\u00e9f\u00e8te de l'arrondissement du Vigan ;VU l'arr\u00eat\u00e9 pr\u00e9fectoral n\u00b030-2024-10-18-00009 du 18 octobre 2024 donnant d\u00e9l\u00e9gation designature \u00e0 Madame Marie-Charlotte EUVRARD, sous-pr\u00e9f\u00e8te, directrice de cabinet dupr\u00e9fet du Gard ;VU l'arr\u00eat\u00e9 pr\u00e9fectoral n\u00b030-2024-10-18-00005 du 18 octobre 2024 donnant d\u00e9l\u00e9gation designature \u00e0 Monsieur Yann GERARD, secr\u00e9taire g\u00e9n\u00e9ral de la pr\u00e9fecture du Gard,sous-pr\u00e9fet de N\u00eemes ;VU l'arr\u00eat\u00e9 pr\u00e9fectoral n\u00b030-2024-10-18-00006 du 18 octobre 2024 donnant d\u00e9l\u00e9gation designature \u00e0 Monsieur Mathias NIEPS, sous-pr\u00e9fet, charg\u00e9 de mission aupr\u00e8s du pr\u00e9fet duGard, secr\u00e9taire g\u00e9n\u00e9ral adjoint de la pr\u00e9fecture du Gard ;VU l'instruction n\u00b0 DGOS/R2/2015/333 du 10 novembre 2015 relative \u00e0 la mise en conformit\u00e9 desmissions H\u00e9liSMUR avec la r\u00e9glementation europ\u00e9enne de l'aviation civile le 1er janvier 2016 auplus tardVU l'instruction interminist\u00e9rielle n\u00b0 DGOS/R2/DGSCGC/2017/102 du 24 mars 2017 relative auxmoyens h\u00e9liport\u00e9s de la direction g\u00e9n\u00e9rale de la s\u00e9curit\u00e9 civile et de la gestion des crises et des\u00e9tablissements de sant\u00e9 utilis\u00e9s dans le cadre du secours \u00e0 personne et de l'aide m\u00e9dicaleurgente ;VU la note d'information n\u00b0 DGOS/R2/2016/219 du 4 juillet 2016 relative \u00e0 l'activit\u00e9 SMURh\u00e9liport\u00e9e : Point d'\u00e9tape de la mise en \u0153uvre de la r\u00e9glementation europ\u00e9enne de l'aviationcivile - Composition des \u00e9quipes d'intervention SMUR h\u00e9liport\u00e9esVU le courrier en date du par lequel le Syndicat National des Pilotes de Lignes (SNPL) a d\u00e9pos\u00e9le 16 mai 2025 aupr\u00e8s des soci\u00e9t\u00e9s mettant \u00e0 disposition des \u00e9tablissements de sant\u00e9 si\u00e8gesd'H\u00e9liSMUR par voie de march\u00e9 public des moyens h\u00e9liport\u00e9s un pr\u00e9avis de gr\u00e8ve national desassistants de vol (TCM) pour la p\u00e9riode du jeudi 29 mai 2025 \u00e0 07h00 au mercredi 4 juin 2025 \u00e006h59 (heure de Paris), p\u00e9riode reconductible ;Consid\u00e9rant les missions de la structure mobile d'urgence et de r\u00e9animation, fix\u00e9es \u00e0 l'article R.6123-15 du code de la sant\u00e9 publique, lesquelles sont les suivantes : \u00ab assurer, en permanence,en tous lieux et prioritairement hors de l'\u00e9tablissement de sant\u00e9 auquel il est rattach\u00e9, la prise encharge d'un patient dont l'\u00e9tat requiert de fa\u00e7on urgente une prise en charge m\u00e9dicale et der\u00e9animation, et, le cas \u00e9ch\u00e9ant, et apr\u00e8s r\u00e9gulation par le SAMU, le transport de ce patient versun \u00e9tablissement de sant\u00e9 \u00bb, et \u00ab assurer le transfert entre deux \u00e9tablissements de sant\u00e9 d'unpatient n\u00e9cessitant une prise en charge m\u00e9dicale pendant le trajet \u00bb ;Consid\u00e9rant qu'en application de l'article D. 6124-13 du code de la sant\u00e9 publique, l'\u00e9quiped'intervention de la structure mobile d'urgence et de r\u00e9animation comprend au moins un m\u00e9decin,un infirmier et un conducteur ou pilote ;Consid\u00e9rant la nature des fonctions de l'assistant de vol, lesquelles consistent \u00e0 assister le pilotependant la mission et \u00e0 porter secours \u00e0 toute personne ayant besoin d'une assistance m\u00e9dicaletransport\u00e9e \u00e0 bord de l'h\u00e9licopt\u00e8re ;Consid\u00e9rant la n\u00e9cessit\u00e9 de garantir l'acc\u00e8s aux vecteurs H\u00e9liSMUR dans le cadre de l'aidem\u00e9dicale urgente dans les conditions actuelles du r\u00e9gime de vol SMUH, soit un \u00e9quipageconstitu\u00e9 d'un pilote et d'un assistant de vol, ou de deux pilotes ainsi que de l'\u00e9quipe SMURcompos\u00e9e d'un m\u00e9decin et d'un IDE ;\n2/4\nAgence R\u00e9gionale de la Sant\u00e9- d\u00e9l\u00e9gation d\u00e9partementale du Gard - 30-2025-08-20-00003 - Arr\u00eat\u00e9 pr\u00e9fectoral portant r\u00e9quisition\nd'un personnel naviguant (pilote et assistant de vol) afin de garantir la continuit\u00e9 de l'activit\u00e9 H\u00e9liSMUR dans le cadre de l'aide\nm\u00e9dicale urgente les vendredi 22, samedi 23, dimanche 24, lundi 25, mardi 26, mercredi 27 et jeudi 28 ao\u00fbt 2025 de 08h00 \u00e0 20h00\n(heure de Paris)\n6\nConsid\u00e9rant l'impact de l'interruption d'activit\u00e9 des assistants de vol sur la disponibilit\u00e9 duvecteur H\u00e9liSMUR ;Consid\u00e9rant la n\u00e9cessit\u00e9 de garantir la continuit\u00e9 de l'activit\u00e9 H\u00e9liSMUR r\u00e9gul\u00e9e dans le cadrede l'aide m\u00e9dicale urgente afin de garantir la s\u00e9curit\u00e9 des patients ainsi que la continuit\u00e9 dessoins, mission de service public ;Consid\u00e9rant que l'article L. 2215-1 4\u00b0 du code g\u00e9n\u00e9ral des collectivit\u00e9s territoriales dispose que\u00ab en cas d'urgence, lorsque l'atteinte constat\u00e9e ou pr\u00e9visible au bon ordre, \u00e0 la salubrit\u00e9, \u00e0 latranquillit\u00e9 et \u00e0 la s\u00e9curit\u00e9 publiques l'exige et que les moyens dont dispose le pr\u00e9fet nepermettent plus de poursuivre les objectifs pour lesquels il d\u00e9tient des pouvoirs de police, celui-ci peut, par arr\u00eat\u00e9 motiv\u00e9, pour toutes les communes du d\u00e9partement ou plusieurs ou une seuled'entre elles, r\u00e9quisitionner tout bien ou service, requ\u00e9rir toute personne n\u00e9cessaire aufonctionnement de ce service ou \u00e0 l'usage de ce bien et prescrire toute mesure utile jusqu'\u00e0 ceque l'atteinte \u00e0 l'ordre public ait pris fin ou que les conditions de son maintien soient assur\u00e9es \u00bb.Consid\u00e9rant le pr\u00e9avis de gr\u00e8ve d\u00e9pos\u00e9 par le Syndicat National des Pilotes de Lignes \u00e0 compterdu 29 mai 2025 de 07h00 heure de Paris jusqu'au 4 juin 2025 06h59 (heure de Paris) :Consid\u00e9rant la reconduction du pr\u00e9avis de gr\u00e8ve d\u00e9pos\u00e9e par le SNPL \u00e0 compter du mercredi4 juin 2025 \u00e0 7h00 (heure de Paris) pour une dur\u00e9e illimit\u00e9e ;Consid\u00e9rant ainsi qu'il y a lieu de constater l'atteinte pr\u00e9visible \u00e0 la s\u00e9curit\u00e9 publique parl'existence d'un risque grave pour la sant\u00e9 publique et d'une situation d'urgence ;Consid\u00e9rant dans ces conditions, qu'il convient de prendre des mesures impos\u00e9es par l'urgenceet proportionn\u00e9es aux n\u00e9cessit\u00e9s d'ordre public, au nombre desquelles figurent les imp\u00e9ratifs desant\u00e9 publique en assurant le service de l'activit\u00e9 H\u00e9liSMUR dans le d\u00e9partement du GARD parla voie de la r\u00e9quisition des personnels d'assistants de vol ;Sur proposition du Directeur de la D\u00e9l\u00e9gation d\u00e9partementale de l'ARS du Gard agissant pard\u00e9l\u00e9gation du Directeur G\u00e9n\u00e9ral de l'Agence R\u00e9gionale de Sant\u00e9 d'Occitanie\nARRETEArticle 1% \u2014 Monsieur Jean-Pierre HU, pilote demeurant \u00e0 LE THORONET (83), est r\u00e9quisitionn\u00e9les vendredi 22, samedi 23, dimanche 24, lundi 25, mardi 26, mercredi 27 et jeudi 28 ao\u00fbt 2025de 08h00 \u00e0 20h00 {heure de Paris), afin d'assurer la continuit\u00e9 de l'activit\u00e9 H\u00e9liSMUR pour lesecteur N\u00eemes.Article 2 \u2014 Le pr\u00e9sent arr\u00eat\u00e9 sera notifi\u00e9 individuellement, \u00e0 Monsieur Jean-Pierre HU.Article 3 \u2014 En cas de refus de d\u00e9f\u00e9rer aux r\u00e9quisitions de l'autorit\u00e9 publique, la personne requises'expose aux sanctions p\u00e9nales ou administratives pr\u00e9vues \u00e0 l'article L. 2215-1 du code g\u00e9n\u00e9raldes collectivit\u00e9s territoriales.Article 4 \u2014 Le pr\u00e9sent arr\u00eat\u00e9 est susceptible dans un d\u00e9lai de deux mois \u00e0 compter de sanotification ou de sa publication de faire l'objet d'une recours contentieux devant le tribunaladministratif territorialement comp\u00e9tent. Le tribunal administratif peut \u00eatre saisi par requ\u00eateadress\u00e9e par lettre recommand\u00e9e avec accus\u00e9 de r\u00e9ception ou de mani\u00e8re d\u00e9mat\u00e9rialis\u00e9e vial'application \u00ab T\u00e9l\u00e9recours citoyen \u00bb accessible sur le site www.telerecours.fr\nAgence R\u00e9gionale de la Sant\u00e9- d\u00e9l\u00e9gation d\u00e9partementale du Gard - 30-2025-08-20-00003 - Arr\u00eat\u00e9 pr\u00e9fectoral portant r\u00e9quisition\nd'un personnel naviguant (pilote et assistant de vol) afin de garantir la continuit\u00e9 de l'activit\u00e9 H\u00e9liSMUR dans le cadre de l'aide\nm\u00e9dicale urgente les vendredi 22, samedi 23, dimanche 24, lundi 25, mardi 26, mercredi 27 et jeudi 28 ao\u00fbt 2025 de 08h00 \u00e0 20h00\n(heure de Paris)\n7\nArticle 5 : Monsieur le Pr\u00e9fet du Gard et Monsieur le Directeur de la D\u00e9l\u00e9gation d\u00e9partementaledu Gard de |'Agence r\u00e9gionale de sant\u00e9 Occitanie sont charg\u00e9s, chacun en ce qui le concerne,de l'ex\u00e9cution du pr\u00e9sent arr\u00eat\u00e9 qui sera publi\u00e9 au recueil des actes administratifs de la pr\u00e9fecturedu Gard et notifi\u00e9 \u00e0 un repr\u00e9sentant l\u00e9gal de la soci\u00e9t\u00e9 exploitant l'activit\u00e9 d'H\u00e9liSMUR.\nFait \u00e0 N\u00ceMES, le 20 AQUT 2025\nLe Pr\u00e9fet\nPour le pr\u00e9fet,le sous-or\u00e9fet,secr\u00e9taire g\u00e9n\u00e9ral agjoint\nAgence R\u00e9gionale de la Sant\u00e9- d\u00e9l\u00e9gation d\u00e9partementale du Gard - 30-2025-08-20-00003 - Arr\u00eat\u00e9 pr\u00e9fectoral portant r\u00e9quisition\nd'un personnel naviguant (pilote et assistant de vol) afin de garantir la continuit\u00e9 de l'activit\u00e9 H\u00e9liSMUR dans le cadre de l'aide\nm\u00e9dicale urgente les vendredi 22, samedi 23, dimanche 24, lundi 25, mardi 26, mercredi 27 et jeudi 28 ao\u00fbt 2025 de 08h00 \u00e0 20h00\n(heure de Paris)\n8\nAgence R\u00e9gionale de la Sant\u00e9- d\u00e9l\u00e9gation\nd\u00e9partementale du Gard\n30-2025-08-20-00002\nArr\u00eat\u00e9 pr\u00e9fectoral portant r\u00e9quisition d'un\npersonnel naviguant (pilote et assistant de vol)\nafin de garantir la continuit\u00e9 de l'activit\u00e9\nH\u00e9liSMUR dans le cadre de l'aide m\u00e9dicale\nurgente les vendredi 22, samedi 23, dimanche\n24, lundi 25, mardi 26, mercredi 27 et jeudi 28\nao\u00fbt 2025 de 08h00 \u00e0 20h00 (heure de Paris)\nAgence R\u00e9gionale de la Sant\u00e9- d\u00e9l\u00e9gation d\u00e9partementale du Gard - 30-2025-08-20-00002 - Arr\u00eat\u00e9 pr\u00e9fectoral portant r\u00e9quisition\nd'un personnel naviguant (pilote et assistant de vol) afin de garantir la continuit\u00e9 de l'activit\u00e9 H\u00e9liSMUR dans le cadre de l'aide\nm\u00e9dicale urgente les vendredi 22, samedi 23, dimanche 24, lundi 25, mardi 26, mercredi 27 et jeudi 28 ao\u00fbt 2025 de 08h00 \u00e0 20h00\n(heure de Paris)\n9\nRER ArPREFETD U GA R D \u00a9 D Agence R\u00e9gionale de Sant\u00e9\u2014\u2014 OccitanieLibert\u00e9Egalit\u00e9Praternite D\u00e9l\u00e9gation d\u00e9partementale du GardLe pr\u00e9fet du Gard\nLe pr\u00e9fet du GardChevalier de la L\u00e9gion d'honneurChevalier de l'ordre national du m\u00e9rite\nArr\u00eat\u00e9 pr\u00e9fectoral portant r\u00e9quisition d'un personnel navigant (pilote et assistant de vol)afin de garantir la continuit\u00e9 de l'activit\u00e9 HeliSMUR dans le cadre de l'aide m\u00e9dicaleurgenteles vendredi 22, samedi 23, dimanche 24, lundi 25, mardi 26, mercredi 27 et jeudi 28 ao\u00fbt2025 de 08h00 \u00e0 20h00 (heure de Paris)\nVU l'alin\u00e9a 7 du Pr\u00e9ambule de la Constitution du 27 octobre 1946 ;VU le r\u00e8glement (CE) n\u00b0 216/2008 modifi\u00e9 du Parlement europ\u00e9en et du Conseil du 20 f\u00e9vrier2008 concernant des r\u00e8gles communes dans le domaine de l'aviation civile et instituant uneAgence europ\u00e9enne de la s\u00e9curit\u00e9 a\u00e9rienne, et abrogeant la directive 91/670/CEE du Conseil, ler\u00e8glement (CE) n\u00b0 1592/2002 et la directive 2004/36/CE ;VU la sous-partie \u00ab TC \u00e9quipage technique dans le cadre d'op\u00e9rations SMUH, HHO ou NVIS \u00bbdu r\u00e8glement (UE) n\u00b0 965/2012 de la Commission du 5 octobre 2012 d\u00e9terminant les exigencestechniques et les proc\u00e9dures administratives applicables aux op\u00e9rations a\u00e9riennesconform\u00e9ment au r\u00e8glement (CE) n\u00b0 216/2008 du Parlement europ\u00e9en et du Conseil ;VU le code g\u00e9n\u00e9ral des collectivit\u00e9s territoriales et notamment le 4\u00b0 de l'article L. 2215-1 ;VU le code de la sant\u00e9 publique et notamment les articles L. 6112-1, L. 6311-1, L. 6311-2, R.6311-1 AR. 6311-7, R. 6123-14 aR. 6123-17, R. 6312-24 \u00e0 R. 6312-28, et D. 6124-14 \u00e0 D. 6124-16 relatifs \u00e0 l'aide m\u00e9dicale urgente et aux structures mobiles d'urgence et de r\u00e9animation ;VU le d\u00e9cret n\u00b0 2004-374 du 29 avril 2004 relatif aux pouvoirs des pr\u00e9fets et \u00e0 l'action des serviceset organismes publics de l'Etat ;VU le d\u00e9cret n\u00b0 2010-336 du 31 mars 2010 portant cr\u00e9ation des agences r\u00e9gionales de sant\u00e9 ;VU le d\u00e9cret du 20 avril 2022 portant nomination de Monsieur Didier JAFFRE en qualit\u00e9 dedirecteur g\u00e9n\u00e9ral de l'agence r\u00e9gionale de sant\u00e9 Occitanie ;VU le d\u00e9cret du 13 juillet 2023 portant nomination du pr\u00e9fet du Gard, Monsieur J\u00e9r\u00f4me BONET ;VU l'arr\u00eat\u00e9 pr\u00e9fectoral n\u00b030-2024-10-18-00007 du 18 octobre 2024 donnant d\u00e9l\u00e9gation designature a Monsieur Emile SOUMBO, sous-pr\u00e9fet de l'arrondissement d'Al\u00e9s ;\nAgence R\u00e9gionale de la Sant\u00e9- d\u00e9l\u00e9gation d\u00e9partementale du Gard - 30-2025-08-20-00002 - Arr\u00eat\u00e9 pr\u00e9fectoral portant r\u00e9quisition\nd'un personnel naviguant (pilote et assistant de vol) afin de garantir la continuit\u00e9 de l'activit\u00e9 H\u00e9liSMUR dans le cadre de l'aide\nm\u00e9dicale urgente les vendredi 22, samedi 23, dimanche 24, lundi 25, mardi 26, mercredi 27 et jeudi 28 ao\u00fbt 2025 de 08h00 \u00e0 20h00\n(heure de Paris)\n10\nVU l'arr\u00eat\u00e9 pr\u00e9fectoral n\u00b030-2024-10-18-00008 du 18 octobre 2024 donnant d\u00e9l\u00e9gation designature \u00e0 Madame Anne LEVASSEUR, sous-pr\u00e9f\u00e8te de l'arrondissement du Vigan ;VU l'arr\u00eat\u00e9 pr\u00e9fectoral n\u00b030-2024-10-18-00009 du 18 octobre 2024 donnant d\u00e9l\u00e9gation designature a Madame Marie-Charlotte EUVRARD, sous-pr\u00e9f\u00e9te, directrice de cabinet dupr\u00e9fet du Gard ;VU l'arr\u00eat\u00e9 pr\u00e9fectoral n\u00b030-2024-10-18-00005 du 18 octobre 2024 donnant d\u00e9l\u00e9gation designature a Monsieur Yann GERARD, secr\u00e9taire g\u00e9n\u00e9ral de la pr\u00e9fecture du Gard,sous-pr\u00e9fet de Nimes ;VU l'arr\u00eat\u00e9 pr\u00e9fectoral n\u00b030-2024-10-18-00006 du 18 octobre 2024 donnant d\u00e9l\u00e9gation designature \u00e0 Monsieur Mathias NIEPS, sous-pr\u00e9fet, charg\u00e9 de mission aupr\u00e8s du pr\u00e9fet duGard, secr\u00e9taire g\u00e9n\u00e9ral adjoint de la pr\u00e9fecture du Gard ;VU l'instruction n\u00b0 DGOS/R2/2015/333 du 10 novembre 2015 relative \u00e0 la mise en conformit\u00e9 desmissions H\u00e9liSMUR avec la r\u00e9glementation europ\u00e9enne de l'aviation civile le 1er janvier 2016 auplus tardVU l'instruction interminist\u00e9rielle n\u00b0 DGOS/R2/DGSCGC/2017/102 du 24 mars 2017 relative auxmoyens h\u00e9liport\u00e9s de la direction g\u00e9n\u00e9rale de la s\u00e9curit\u00e9 civile et de la gestion des crises et des\u00e9tablissements de sant\u00e9 utilis\u00e9s dans le cadre du secours \u00e0 personne et de l'aide m\u00e9dicaleurgente ;VU la note d'information n\u00b0 DGOS/R2/2016/219 du 4 juillet 2016 relative \u00e0 l'activit\u00e9 SMURh\u00e9liport\u00e9e : Point d'\u00e9tape de la mise en \u0153uvre de la r\u00e9glementation europ\u00e9enne de l'aviationcivile - Composition des \u00e9quipes d'intervention SMUR h\u00e9liport\u00e9esVU le courrier en date du par lequel le Syndicat National des Pilotes de Lignes (SNPL) a d\u00e9pos\u00e9le 16 mai 2025 aupr\u00e8s des soci\u00e9t\u00e9s mettant \u00e0 disposition des \u00e9tablissements de sant\u00e9 si\u00e8gesd'H\u00e9liSMUR par voie de march\u00e9 public des moyens h\u00e9liport\u00e9s un pr\u00e9avis de gr\u00e8ve national desassistants de vol (TCM) pour la p\u00e9riode du jeudi 29 mai 2025 \u00e0 07h00 au mercredi 4 juin 2025 \u00e006h59 (heure de Paris), p\u00e9riode reconductible ;Consid\u00e9rant les missions de la structure mobile d'urgence et de r\u00e9animation, fix\u00e9es \u00e0 l'article R.6123-15 du code de la sant\u00e9 publique, lesquelles sont les suivantes : \u00ab assurer, en permanence,en tous lieux et prioritairement hors de l'\u00e9tablissement de sant\u00e9 auquel il est rattach\u00e9, la prise encharge d'un patient dont l'\u00e9tat requiert de fa\u00e7on urgente une prise en charge m\u00e9dicale et der\u00e9animation, et, le cas \u00e9ch\u00e9ant, et apr\u00e8s r\u00e9gulation par le SAMU, le transport de ce patient versun \u00e9tablissement de sant\u00e9 \u00bb, et \u00ab assurer le transfert entre deux \u00e9tablissements de sant\u00e9 d'unpatient n\u00e9cessitant une prise en charge m\u00e9dicale pendant le trajet \u00bb ;Consid\u00e9rant qu'en application de l'article D. 6124-13 du code de la sant\u00e9 publique, l'\u00e9quiped'intervention de la structure mobile d'urgence et de r\u00e9animation comprend au moins un m\u00e9decin,un infirmier et un conducteur ou pilote ;Consid\u00e9rant la nature des fonctions de l'assistant de vol, lesquelles consistent \u00e0 assister le pilotependant la mission et \u00e0 porter secours \u00e0 toute personne ayant besoin d'une assistance m\u00e9dicaletransport\u00e9e \u00e0 bord de l'h\u00e9licopt\u00e8re ;Consid\u00e9rant la n\u00e9cessit\u00e9 de garantir l'acc\u00e8s aux vecteurs H\u00e9liSMUR dans le cadre de l'aidem\u00e9dicale urgente dans les conditions actuelles du r\u00e9gime de vol SMUH, soit un \u00e9quipageconstitu\u00e9 d'un pilote et d'un assistant de vol, ou de deux pilotes ainsi que de l'\u00e9quipe SMURcompos\u00e9e d'un m\u00e9decin et d'un IDE ;\n2/4\nAgence R\u00e9gionale de la Sant\u00e9- d\u00e9l\u00e9gation d\u00e9partementale du Gard - 30-2025-08-20-00002 - Arr\u00eat\u00e9 pr\u00e9fectoral portant r\u00e9quisition\nd'un personnel naviguant (pilote et assistant de vol) afin de garantir la continuit\u00e9 de l'activit\u00e9 H\u00e9liSMUR dans le cadre de l'aide\nm\u00e9dicale urgente les vendredi 22, samedi 23, dimanche 24, lundi 25, mardi 26, mercredi 27 et jeudi 28 ao\u00fbt 2025 de 08h00 \u00e0 20h00\n(heure de Paris)\n11\nConsid\u00e9rant l'impact de l'interruption d'activit\u00e9 des assistants de vol sur la disponibilit\u00e9 duvecteur H\u00e9liSMUR ;Consid\u00e9rant la n\u00e9cessit\u00e9 de garantir la continuit\u00e9 de l'activit\u00e9 H\u00e9liSMUR r\u00e9gul\u00e9e dans le cadrede l'aide m\u00e9dicale urgente afin de garantir la s\u00e9curit\u00e9 des patients ainsi que la continuit\u00e9 dessoins, mission de service public ;Consid\u00e9rant que l'article L. 2215-1 4\u00b0 du code g\u00e9n\u00e9ral des collectivit\u00e9s territoriales dispose que\u00aben cas d'urgence, lorsque l'atteinte constat\u00e9e ou pr\u00e9visible au bon ordre, \u00e0 la salubrit\u00e9, \u00e0 latranquillit\u00e9 et \u00e0 la s\u00e9curit\u00e9 publiques l'exige et que les moyens dont dispose le pr\u00e9fet nepermettent plus de poursuivre les objectifs pour lesquels il d\u00e9tient des pouvoirs de police, celui-ci peut, par arr\u00eat\u00e9 motiv\u00e9, pour toutes les communes du d\u00e9partement ou plusieurs ou une seuled'entre elles, r\u00e9quisitionner tout bien ou service, requ\u00e9rir toute personne n\u00e9cessaire aufonctionnement de ce service ou \u00e0 l'usage de ce bien et prescrire toute mesure utile jusqu'\u00e0 ceque l'atteinte \u00e0 l'ordre public ait pris fin ou que les conditions de son maintien soient assur\u00e9es \u00bb.Consid\u00e9rant le pr\u00e9avis de gr\u00e8ve d\u00e9pos\u00e9 par le Syndicat National des Pilotes de Lignes \u00e0 compterdu 29 mai 2025 de 07h00 heure de Paris jusqu'au 4 juin 2025 06h59 (heure de Paris) ;Consid\u00e9rant la reconduction du pr\u00e9avis de gr\u00e8ve d\u00e9pos\u00e9e par le SNPL \u00e0 compter du mercredi4 juin 2025 \u00e0 7h00 (heure de Paris) pour une dur\u00e9e illimit\u00e9e ;Consid\u00e9rant ainsi qu'il y a lieu de constater l'atteinte pr\u00e9visible a la s\u00e9curit\u00e9 publique parl'existence d'un risque grave pour la sant\u00e9 publique et d'une situation d'urgence ;Consid\u00e9rant dans ces conditions, qu'il convient de prendre des mesures impos\u00e9es par l'urgenceet proportionn\u00e9es aux n\u00e9cessit\u00e9s d'ordre public, au nombre desquelles figurent les imp\u00e9ratifs desant\u00e9 publique en assurant le service de l'activit\u00e9 H\u00e9liSMUR dans le d\u00e9partement du GARD parla voie de la r\u00e9quisition des personnels d'assistants de vol ;Sur proposition du Directeur de la D\u00e9l\u00e9gation d\u00e9partementale de ARS du Gard agissant pard\u00e9l\u00e9gation du Directeur G\u00e9n\u00e9ral de l'Agence R\u00e9gionale de Sant\u00e9 d'Occitanie\nARRETEArticle 1\u00b0 \u2014 Monsieur J\u00e9r\u00f4me LEROUGE, assistant de vol demeurant \u00e0 BOUILLARGUES (30),est r\u00e9quisitionn\u00e9 les vendredi 22, samedi 23, dimanche 24, lundi 25, mardi 26, mercredi 27 etjeudi 28 ao\u00fbt 2025 de 08h00 \u00e0 20h00 (heure de Paris), afin d'assurer la continuit\u00e9 de l'activit\u00e9H\u00e9liSMUR pour le secteur Nimes.Article 2 \u2014 Le pr\u00e9sent arr\u00eat\u00e9 sera notifi\u00e9 individuellement, \u00e0 Monsieur J\u00e9r\u00f4me LEROUGE.Article 3 \u2014 En cas de refus de d\u00e9f\u00e9rer aux r\u00e9quisitions de l'autorit\u00e9 publique, la personne requises'expose aux sanctions p\u00e9nales ou administratives pr\u00e9vues \u00e0 l'article L. 2215-1 du code g\u00e9n\u00e9raldes collectivit\u00e9s territoriales.Article 4 \u2014 Le pr\u00e9sent arr\u00eat\u00e9 est susceptible dans un d\u00e9lai de deux mois \u00e0 compter de sanotification ou de sa publication de faire l'objet d'une recours contentieux devant le tribunaladministratif territorialement comp\u00e9tent. Le tribunal administratif peut \u00eatre saisi par requ\u00eateadress\u00e9e par lettre recommand\u00e9e avec accus\u00e9 de r\u00e9ception ou de mani\u00e8re d\u00e9mat\u00e9rialis\u00e9e vial'application \u00ab T\u00e9l\u00e9recours citoyen \u00bb accessible sur le site www.telerecours. fr\n3/4\nAgence R\u00e9gionale de la Sant\u00e9- d\u00e9l\u00e9gation d\u00e9partementale du Gard - 30-2025-08-20-00002 - Arr\u00eat\u00e9 pr\u00e9fectoral portant r\u00e9quisition\nd'un personnel naviguant (pilote et assistant de vol) afin de garantir la continuit\u00e9 de l'activit\u00e9 H\u00e9liSMUR dans le cadre de l'aide\nm\u00e9dicale urgente les vendredi 22, samedi 23, dimanche 24, lundi 25, mardi 26, mercredi 27 et jeudi 28 ao\u00fbt 2025 de 08h00 \u00e0 20h00\n(heure de Paris)\n12\nArticle 5 : Monsieur le Pr\u00e9fet du Gard et Monsieur le Directeur de la D\u00e9l\u00e9gation d\u00e9partementaledu Gard de l'Agence r\u00e9gionale de sant\u00e9 Occitanie sont charg\u00e9s, chacun en ce qui le concerne,de l'ex\u00e9cution du pr\u00e9sent arr\u00eat\u00e9 qui sera publi\u00e9 au recueil des actes administratifs de la pr\u00e9fecturedu Gard et notifi\u00e9 \u00e0 un repr\u00e9sentant l\u00e9gal de la soci\u00e9t\u00e9 exploitant l'activit\u00e9 d'H\u00e9liSMUR.\nFait \u00e0 N\u00ceMES, le 2 Q AO\u00dbT 2025\nLe Pr\u00e9fet\nPour le pr\u00e9fet,le sous-pr\u00e9fet,secr\u00e9taire g\u00e9n\u00e9ral adjoint\nAgence R\u00e9gionale de la Sant\u00e9- d\u00e9l\u00e9gation d\u00e9partementale du Gard - 30-2025-08-20-00002 - Arr\u00eat\u00e9 pr\u00e9fectoral portant r\u00e9quisition\nd'un personnel naviguant (pilote et assistant de vol) afin de garantir la continuit\u00e9 de l'activit\u00e9 H\u00e9liSMUR dans le cadre de l'aide\nm\u00e9dicale urgente les vendredi 22, samedi 23, dimanche 24, lundi 25, mardi 26, mercredi 27 et jeudi 28 ao\u00fbt 2025 de 08h00 \u00e0 20h00\n(heure de Paris)\n13\nDirection D\u00e9partementale de la Protection des\nPopulations du Gard \n30-2025-08-18-00001\nArr\u00eat\u00e9 abrogation fermeture pizza sur 16 pont st\nesprit\nDirection D\u00e9partementale de la Protection des Populations du Gard  - 30-2025-08-18-00001 - Arr\u00eat\u00e9 abrogation fermeture pizza sur 16\npont st esprit 14\nPREFET Direction d\u00e9partementaleDU GARD de la protection des populationsLibert\u00e9Egalit\u00e9Fraternit\u00e9ARR\u00caT\u00c9 PR\u00c9FECTORALPORTANT ABROGATION DE L'ARR\u00caT\u00c9 PREFECTORAL 30-2025-08-07-00001Pronon\u00e7ant la fermeture de l'\u00e9tablissement :\u00abPIZZA SUR 16 \u00bbSis 1029 CHEMIN DE GAUJAC 30130 PONT-SAINT-ESPRITExploit\u00e9 par Jonathan SERVOZSiret : 81465891000025Le pr\u00e9fet du GardChevalier de la L\u00e9gion d'Honneur,Officier de l'Ordre National du M\u00e9rite,\nVU le r\u00e8glement (CE) n\u00b0 178/2002 du Parlement europ\u00e9en et du conseil du 29 avril 2004 \u00e9tablissantles principes g\u00e9n\u00e9raux et les prescriptions g\u00e9n\u00e9rales de la l\u00e9gislation alimentaire, instituant l'autorit\u00e9europ\u00e9enne de s\u00e9curit\u00e9 des aliments et fixant des proc\u00e9dures relatives \u00e0 la s\u00e9curit\u00e9 des denr\u00e9esalimentaires ;VU le r\u00e8glement (CE) n\u00b0 852/2004 du Parlement europ\u00e9en et du conseil du 29 avril 2004 relatif \u00e0l'hygi\u00e8ne des aliments ;VU le r\u00e8glement (CE) n\u00b0 853/2004 du Parlement europ\u00e9en et du conseil du 29 avril 2004 fixant desr\u00e8gles sp\u00e9cifiques d'hygi\u00e8ne applicables aux denr\u00e9es alimentaires d'origine animale ;VU le r\u00e8glement (CE) n\u00b0 2073/2005 de la Commission du 15 novembre 2005 concernant les crit\u00e8resmicrobiologiques applicables aux denr\u00e9es alimentaires ;VU le code rural et de la p\u00eache maritime, notamment ses articles L. 233-1 et D. 233-20 ;VU le code des relations entre le public et l'administration ;VU le d\u00e9cret du Pr\u00e9sident de la R\u00e9publique en date du 13 juillet 2023 nommant Monsieur J\u00e9r\u00f4meBONET, pr\u00e9fet du Gard \u00e0 compter du 21 ao\u00fbt 2023 ;VU l'arr\u00eat\u00e9 minist\u00e9riel du 18 d\u00e9cembre 2009 relatif aux r\u00e8gles sanitaires applicables aux produitsd'origine animale et aux denr\u00e9es alimentaires en contenant ;VU l'arr\u00eat\u00e9 minist\u00e9riel du 21 d\u00e9cembre 2009 relatif aux r\u00e8gles sanitaires applicables aux activit\u00e9s decommerce de d\u00e9tail, d'entreposage et de transport de produits d'origine animale et denr\u00e9esalimentaires en contenant ;VU l'arr\u00eat\u00e9 du Premier ministre et du ministre d'\u00c9tat, ministre de l'Int\u00e9rieur, en date du 8 janvier 2025nommant M. Fr\u00e9d\u00e9ric FORNER directeur d\u00e9partemental de la protection des populations du Gard ;VU l'arr\u00eat\u00e9 pr\u00e9fectoral 30-2025-08-07-00001 du 06 ao\u00fbt 2025 pronon\u00e7ant la fermeture administrativede l'\u00e9tablissement \u00abPIZZA SUR 16 \u00bb Sis 1029 CHEMIN DE GAUJAC 30130 PONT-SAINT-ESPRIT,exploit\u00e9 par Monsieur Jonathan SERVOZ ;VU les constats effectu\u00e9s par les services de contr\u00f4le officiel au cours de l'inspection effectu\u00e9e le 19ao\u00fbt 2025, et notamment les actions correctives qui ont \u00e9t\u00e9 apport\u00e9es ;Consid\u00e9rant que l'ensemble de ces constats permet de conclure \u00e0 une reprise suffisante de lama\u00eetrise des risques sanitaires pour l'activit\u00e9 de restauration commerciale, conform\u00e9ment auxr\u00e9glementations sus-vis\u00e9es,\nDirection D\u00e9partementale de la Protection des Populations du Gard  - 30-2025-08-18-00001 - Arr\u00eat\u00e9 abrogation fermeture pizza sur 16\npont st esprit 15\nARRETE :Article 1L'arr\u00eat\u00e9 pr\u00e9fectoral 30-2025-08-07-00001 pronon\u00e7ant la fermeture administrative de l'\u00e9tablissement\u00abPIZZA SUR 16 \u00bb Sis 1029 CHEMIN DE GAUJAC 30130 PONT-SAINT-ESPRIT, exploit\u00e9. parMonsieur Jonathan SERVOZ, est abrog\u00e9 \u00e0 compter de la notification du pr\u00e9sent arr\u00eat\u00e9.Article 2Le secr\u00e9taire g\u00e9n\u00e9ral de la pr\u00e9fecture, la directrice de cabinet du pr\u00e9fet, le directeur d\u00e9partemental dela protection des populations, le colonel commandant le groupement d\u00e9partemental de gendarmerie,le maire de Pont-Saint-Esprit, sont charg\u00e9s, chacun en ce qui les concerne, de l'ex\u00e9cution du pr\u00e9sentarr\u00eat\u00e9 qui sera notifi\u00e9 \u00e0 l'exploitant, Monsieur Jonathan SERVOZ.Article 3Le niveau d'hygi\u00e8ne de l'\u00e9tablissement \u00abPIZZA SUR 16 \u00bb Sis 1029 CHEMIN DE GAUJAC 30130PONT-SAINT-ESPRIT exploit\u00e9 par Monsieur Jonathan SERVOZ \u00ab \u00c0 AMELIORER \u00bb sera publi\u00e9 surle site internet \u00ab Alim'confiance \u00bb httos://dgal.opendatasofi.com/pages/alimconfiance\nA Nimes, le 18/08/2025\nPour le pr\u00e9fet et par d\u00e9l\u00e9gation,Le directeur -\nDirection D\u00e9partementale de la Protection des Populations du Gard  - 30-2025-08-18-00001 - Arr\u00eat\u00e9 abrogation fermeture pizza sur 16\npont st esprit 16\nDirection D\u00e9partementale des Tetrritoires et de\nla Mer du Gard\n30-2025-08-19-00003\nArr\u00eat\u00e9 constatant l'indice des fermages et sa\nvariation pour l'ann\u00e9e 2025 - 2026\nDirection D\u00e9partementale des Tetrritoires et de la Mer du Gard - 30-2025-08-19-00003 - Arr\u00eat\u00e9 constatant l'indice des fermages et sa\nvariation pour l'ann\u00e9e 2025 - 2026 17\nE F2 | Direction d\u00e9partementalePREFET des territoires et de la merDU GARDLibert\u00e9Egalit\u00e9Fraternit\u00e9\nService \u00c9conomie agricoleAffaire suivie par : G\u00e9rard CHEVALIERT\u00e9l. : 04 66 62 66 00gerard.chevalier@gard.gouv.fr\nARR\u00caT\u00c9 N\u00b0 DDTM-SEA- 2025S - O12,Constatant l'indice national des fermages et sa variation pour l'ann\u00e9e 2025-2026Le pr\u00e9fet du GardChevalier de la L\u00e9gion d'honneur,Officier de l'ordre national du M\u00e9rite\nVu le code rural et de la p\u00eache maritime, notamment les articles L. 411-11, R. 411-1 \u00e0 R.411-8,Vu la loi n\u00b0 95-2 du 2 janvier 1995 relative aux prix des fermages,Vu le d\u00e9cret n\u00b0 2010-1126 du 27 septembre 2010 d\u00e9terminant les modalit\u00e9s de calcul de l'indice nationaldes fermages et de ses composantes,Vu la loi n\u00b0 2014-1170 du 13 octobre 2014 d'avenir pour l'agriculture, l'alimentation et la for\u00eat,Vu l'arr\u00eat\u00e9 pr\u00e9fectoral de d\u00e9l\u00e9gation de signature 30-2024-03-21-00007 du 21 mars 2024 donnantd\u00e9l\u00e9gation de signature en mati\u00e8re d'administration g\u00e9n\u00e9rale \u00e0 Monsieur S\u00e9bastien FERRA, directeurd\u00e9partemental des territoires et de la mer du Gard,Vu la d\u00e9cision 2025-SF-AGO1 du 21 mars 2025 portant subd\u00e9l\u00e9gation de signature en mati\u00e8red'administration g\u00e9n\u00e9rale,Vu l'arr\u00eat\u00e9 minist\u00e9riel du 23 juillet 2025 constatant pour 2025 l'indice national des fermages,Vu l'arr\u00eat\u00e9 n\u00b0 DDTM-SEA-2024-010 du 19 d\u00e9cembre 2024 constatant l'indice national des fermages et savariation pour l'ann\u00e9e 2024, abrog\u00e9 par le pr\u00e9sent arr\u00eat\u00e9,Vu l'avis de la commission consultative paritaire d\u00e9partementale des baux ruraux du 19 d\u00e9cembre 2024,\nSUR PROPOSITION de Monsieur le secr\u00e9taire g\u00e9n\u00e9ral de la pr\u00e9fecture du Gard\nDirection D\u00e9partementale des Tetrritoires et de la Mer du Gard - 30-2025-08-19-00003 - Arr\u00eat\u00e9 constatant l'indice des fermages et sa\nvariation pour l'ann\u00e9e 2025 - 2026 18\nARRETE\nARTICLE 1:L'indice national de fermage est fix\u00e9 pour la campagne agricole 2025-2026 pour l'ensemble du Gard a123,06. La variation de l'indice national des fermages 2025 par rapport \u00e0 l'ann\u00e9e 2024 est de + 0,42%,pour les baux en cours.\nARTICLE 2:\u00c0 compter du 1\u00b0 octobre 2025 et jusqu'au 30 septembre 2026, les maxima et les minima des valeurslocatives a l'hectare des baux exprim\u00e9s en monnaie sont actualis\u00e9s dans le tableau des indices desfermages en annexe 1, par cat\u00e9gories de terres et par petites r\u00e9gions. Les prix sont donn\u00e9s en \u20ac / ha / an.\nARTICLE 3 :\u00c0 compter du 1\u00b0 octobre 2025 et jusqu'au 30 septembre 2026, les maxima et les minima des valeurslocatives en euros par hectare, pour les baux conclus en denr\u00e9e en hectolitre par hectare, sontmentionn\u00e9s dans le tableau en annexe 2, par cat\u00e9gories de vins. Les prix sont donn\u00e9s en \u20ac / hl / an.\nARTICLE 4 :Monsieur le secr\u00e9taire g\u00e9n\u00e9ral de la pr\u00e9fecture du Gard et Monsieur le directeur d\u00e9partemental desterritoires et de la mer du Gard sont charg\u00e9s, chacun en ce qui le concerne, de l'ex\u00e9cution du pr\u00e9sentarr\u00eat\u00e9 qui sera publi\u00e9 au recueil des actes administratifs de l'\u00c9tat dans le Gard.\nN\u00eemes, le { 9 AO\u00dbT 2025\nPour le pr\u00e9fet et par d\u00e9l\u00e9gation,Le Directeur D\u00e9partementaldes Territoires et de la Mer,_ Le chef du service \u00e9conomieagricole,\nDirection D\u00e9partementale des Tetrritoires et de la Mer du Gard - 30-2025-08-19-00003 - Arr\u00eat\u00e9 constatant l'indice des fermages et sa\nvariation pour l'ann\u00e9e 2025 - 2026 19\nAnnexe 1: Pour les baux souscrits en monnaie (\u20ac [ha / an)\nPetites r\u00e9gionsCat\u00e9gories de terres R1 R2 R2bis R3 R4Maximum 154\u20ac 177 \u20ac 182 \u20ac 164 \u20ac 156 \u20acTerres de polyculture Minimum 12 \u20ac 14 \u20ac 15 \u20ac 13 \u20ac 14 \u20acMaximum 161 \u20ac 182 \u20ac 189 \u20ac 169 \u20ac 165 \u20acPrairies naturelles Minimum 12 \u20ac 13 \u20ac 14 \u20ac 12 \u20ac 13 \u20aca Maximum 12\u20ac 13 \u20ac 14 \u20ac 12 \u20ac 13 \u20acPacages, p\u00e2tures et landes Minimum 1\u20ac 1\u20ac 1\u20ac 1\u20ac 1\u20acMaximum O0 \u20ac 0 \u20ac 0\u20ac O0 \u20ac 368 \u20acTerres de rizi\u00e8res Minimum O0 \u20ac O \u20ac O0 \u20ac O \u20ac 174 \u20acMaximum 384 \u20ac 445 \u20ac 452 \u20ac 409 \u20ac 398 \u20acTerrains mara\u00eechers Minimum 154\u20ac|. 177\u20ac 182 \u20ac 164 \u20ac 156 \u20acTerrains mara\u00eechers oignons |Maximum 0\u20ac 0\u20ac 1 846 \u20ac 0\u20ac 0\u20acdoux des C\u00e9vennes Minimum 0 \u20ac 0 \u20ac 924 \u20ac 0 \u20ac 0 \u20acAspergeraies financ\u00e9es par le Maximum 306 \u20ac 480 \u20ac 362 \u20ac 328 \u20ac 316 \u20acpreneur Minimum 100 \u20ac 122 \u20ac 124 \u20ac 112 \u20ac 101 \u20acAspergeraies financ\u00e9es par le|Maximum 977 \u20ac| 1113\u20ac 1145 \u20ac 1 035 \u20ac 999 \u20acbailleur Minimum 306 \u20ac 480 \u20ac 362 \u20ac 328 \u20ac 316 \u20acMaximum 436 \u20ac 500 \u20ac 511 \u20ac 464 \u20ac 447 \u20acVergers de fruits \u00e0 p\u00e9pins Minimum 53\u20ac 58 \u20ac 59\u20ac 57 \u20ac 55 \u20acMaximum 721\u20ac 833 \u20ac 848 \u20ac 762 \u20ac 735 \u20acVergers de fruits \u00e0 noyaux [Minimum 185 \u20ac 216 \u20ac 217 \u20ac 196 \u20ac 189 \u20acMaximum 53 \u20ac 58 \u20ac 59 \u20ac 57 \u20ac 55 \u20acOliveraies Minimum 5\u20ac 6\u20ac 6\u20ac 5\u20ac 6\u20acMaximum 40 \u20ac 46 \u20ac 47 \u20ac 43 \u20ac 41 \u20acCh\u00e2taigneraies Minimum 5\u20ac 6\u20ac 6\u20ac]. 5 \u20ac 6 \u20acMaximum 917 \u20ac 986 \u20ac 996 \u20ac 916 \u20ac 860 \u20acVignes \u00e0 raisin de table Minimum 689 \u20ac 715 \u20ac 746 \u20ac 691 \u20ac 642 \u20acMaximum 426 \u20ac 426 \u20ac 396 \u20ac 421 \u20ac 379 \u20acVins sans 1G Minimum 264 \u20ac 263 \u20ac 245 \u20ac 260 \u20ac 229 \u20acMaximum 559 \u20ac 560 \u20ac 522 \u20ac 556 \u20ac 493 \u20acVins avec IGP Minimum 359 \u20ac 359 \u20ac 336 \u20ac . 357 \u20ac 319 \u20acVins de Pays de c\u00e9pages Maximum 708 \u20ac 699 \u20ac 669 \u20ac 721\u20ac 657 \u20acblancs Minimum 456 \u20ac 468 \u20ac 429 \u20ac 463 \u20ac 373 \u20acVin de Pays de c\u00e9pages Maximum 623 \u20ac 619 \u20ac 590 \u20ac 637 \u20ac 582 \u20acrouges, ros\u00e9s Minimum 401 \u20ac 404 \u20ac 379 \u20ac 406 \u20ac 374 \u20ac| Maximum 0\u20ac 0\u20ac O\u20ac O\u20ac 842 \u20acAOP Costi\u00e8res de N\u00eemes Minimum 0 \u20ac 0 \u20ac 0\u20ac 0 \u20ac 389 \u20acAOP C\u00f4tes du Rh\u00f4ne Maximum O0 \u20ac 0\u20ac O0 \u20ac 0 \u20ac 904 \u20ac| :R\u00e9gional et Village Minimum 0\u20ac 0\u20ac 0\u20ac 0\u20ac 387 \u20acMaximum 0 \u20ac 0 \u20ac O0 \u20ac 1 000 \u20ac 890 \u20acAOP Coteaux du Vivarais Minimum 0\u20ac O0 \u20ac O0 \u20ac 463 \u20ac 411 \u20acMaximum 0 \u20ac 0 \u20ac O \u20ac 878 \u20ac 0 \u20acAOP Coteaux du Languedoc | Maximum 0\u20ac O0 \u20ac O0 \u20ac 405 \u20ac 0 \u20acMinimum O0 \u20ac O0 \u20ac 0 \u20ac 0 \u20ac 1 483 \u20acAOP Lirac Maximum O0 \u20ac 0 \u20ac 0 \u20ac 0 \u20ac 809 \u20acMinimum O0 \u20ac 0\u20ac O0 \u20ac O0 \u20ac 1 990 \u20acAOP Tavel Maximum O0 \u20ac 0\u20ac 0\u20ac 0 \u20ac 1 086 \u20acMinimum 0 \u20ac 0 \u20ac 0 \u20ac 0 \u20ac 960 \u20acAOP Sable de Camargue Maximum O0 \u20ac O0 \u20ac O \u20ac 0 \u20ac 329 \u20acMinimum 0 \u20ac O0 \u20ac O0 \u20ac 0 \u20ac 354 \u20acRoseli\u00e8res bon \u00e9tat Maximum O \u20ac 0 \u20ac O0 \u20ac 0 \u20ac 264 \u20acMinimum - O0 \u20ac O0 \u20ac O0 \u20ac O0 \u20ac 174 \u20acRoseli\u00e8res d\u00e9grad\u00e9es 0\u20ac 0 \u20ac 0 \u20ac 0\u20ac 140 \u20acMaximum\nDirection D\u00e9partementale des Tetrritoires et de la Mer du Gard - 30-2025-08-19-00003 - Arr\u00eat\u00e9 constatant l'indice des fermages et sa\nvariation pour l'ann\u00e9e 2025 - 2026 20\nAnnexe 2 : Uniquement pour les baux en cours pr\u00e9c\u00e9demment souscrits en quantit\u00e9 de denr\u00e9e\nCat\u00e9gories de vin IR ere (e ALI an)\nVins sans IG 8 13 34,70Vins IGP sans c\u00e9page 9 14 39,22Vins IGP de c\u00e9pages rouges et ros\u00e9s 9 14 40,07Vins IGP de c\u00e9pages blancs 9 14 39,00AOP \u00ab Coteaux du Languedoc \u00bb 6 13 67,57AOP \u00ab Costi\u00e9res de NIMES \u00bb 6 13 64,76AOP \u00ab Coteaux du Vivarais \u00bb 6 13 50,71AOP \u00ab C\u00f4tes du Rh\u00f4ne \u00bb R\u00e9gional et Village 6 14 64,57AOP \u00ab Lirac \u00bb 6 11 134,78AOP \u00ab Tavel \u00bb 6 11 180,92\nDirection D\u00e9partementale des Tetrritoires et de la Mer du Gard - 30-2025-08-19-00003 - Arr\u00eat\u00e9 constatant l'indice des fermages et sa\nvariation pour l'ann\u00e9e 2025 - 2026 21\nDirection D\u00e9partementale des Tetrritoires et de\nla Mer du Gard\n30-2025-08-19-00004\nArr\u00eat\u00e9 portant autorisation au titre de l'article L.\n333-3 du code rural et de la p\u00eache maritime de\nprise de contr\u00f4le de la SAS PEPINIERES DE LA\nBAMBOUSERAIE\nDirection D\u00e9partementale des Tetrritoires et de la Mer du Gard - 30-2025-08-19-00004 - Arr\u00eat\u00e9 portant autorisation au titre de l'article\nL. 333-3 du code rural et de la p\u00eache maritime de prise de contr\u00f4le de la SAS PEPINIERES DE LA BAMBOUSERAIE 22\nE #1 | Direction d\u00e9partementalePREFET | des territoires et de la merDU GARDLibert\u00e9Egalit\u00e9Fraternit\u00e9\nService \u00e9conomie agricoleAffaire suivie par : G\u00e9rard CHEVALIERT\u00e9l. : 04 66 62 66 00gerard.chevalier@gard.gouv.fr\nARRETEN\u00ae SOTO-SEA - 2025 - O!3portant autorisation au titre de l'article L. 333-3 du code rural et de la p\u00eache maritime de prise decontr\u00f4le de la SAS PEPINIERES DE LA BAMBOUSERAIELe pr\u00e9fet du GardChevalier de la L\u00e9gion d'honneur,Officier de l'ordre national du M\u00e9rite\nVU le code rural et de la p\u00eache maritime, notamment ses articles L. 333-1 et suivants et R. 333-1 etsuivants ;VU l'arr\u00eat\u00e9 pr\u00e9fectoral r\u00e9gional du 31 janvier 2023 fixant le seuil d'agrandissement significatif ;VU la demande d'autorisation au titre de l'article L. 333-3 du code rural et de la p\u00eache maritimepr\u00e9sent\u00e9e par Monsieur Idris MOUHEDIN route de la chapelle 50 450 HAMBYE repr\u00e9sentant la SASPEPINIERES DE LA BAMBOUSERAIE d\u00e9pos\u00e9e le 02 JUIN 2025 ;VU l'avis favorable de la soci\u00e9t\u00e9 d'am\u00e9nagement foncier et d'\u00e9tablissement rural d'Occitanie du 18 juillet2025 ;CONSIDERANT que la demande d'autorisation concerne une op\u00e9ration qui consiste en une prise de.contr\u00f4le d'une soci\u00e9t\u00e9 qui contr\u00f4le directement ou indirectement une autre soci\u00e9t\u00e9 ;CONSIDERANT que cette op\u00e9ration a pour cons\u00e9quence une prise de contr\u00f4le conjointe, au sens du IVde l'article L. 333-2, de la SAS PEPINIERES DE LA BAMBOUSERAIE par la SARL SYNFOLIA qui d\u00e9tiendraainsi 70 % du capital social de la SAS et droits de vote aff\u00e9rents, et par Monsieur Arnaud ROUXEL qui end\u00e9tiendra 30 %;CONSIDERANT que la surface exploit\u00e9e ou d\u00e9tenue directement ou indirectement par Monsieur IdrisMOUHEDIN associ\u00e9 majoritaire de la SARL SYNFOLIA et Monsieur Arnaud ROUXEL membre d\u00e9tenteur de30 % de droits du capital social et droits de vote aff\u00e9rent suite \u00e0 l'op\u00e9ration sera de 2 545 hectares etd\u00e9passera le seuil d'agrandissement significatif fix\u00e9 \u00e0 150 hectares pour la r\u00e9gion concern\u00e9e ;CONSIDERANT que cette op\u00e9ration ne porte pas atteinte aux objectifs d\u00e9finis \u00e0 l'article L. 333-1 du coderural et de la p\u00eache maritime pour les motifs suivants :- L'op\u00e9ration envisag\u00e9e dans son ensemble, bien que pr\u00e9sentant une concentration fonci\u00e8re significative,n'appara\u00eet pas de nature \u00e0 compromettre les objectifs d'am\u00e9nagement du territoire, de maintien del'emploi agricole et de d\u00e9veloppement d'exploitations viables au sens de l'article L. 333-1 du code rural etde la p\u00eache maritime.\nDirection D\u00e9partementale des Tetrritoires et de la Mer du Gard - 30-2025-08-19-00004 - Arr\u00eat\u00e9 portant autorisation au titre de l'article\nL. 333-3 du code rural et de la p\u00eache maritime de prise de contr\u00f4le de la SAS PEPINIERES DE LA BAMBOUSERAIE 23\n- L'op\u00e9ration conduit au maintien de l'ensemble des salari\u00e9s, des diff\u00e9rents sites, \u00e0 relancer une soci\u00e9t\u00e9actuellement en difficult\u00e9 financi\u00e8re, et \u00e0 d\u00e9velopper une fili\u00e8re v\u00e9g\u00e9tale fran\u00e7aise et locale face \u00e0 laconcurrence de p\u00e9pini\u00e8res \u00e9trang\u00e8res ;- Aucune demande d'installation ou de consolidation sur le secteur n'a \u00e9t\u00e9 port\u00e9e a la connaissance de laSAFER sur le p\u00e9rim\u00e8tre de l'op\u00e9ration ;- La mise en place de mesures compensatoires d\u00e9stabiliserait l'\u00e9quilibre \u00e9conomique d'une exploitationagricole existante et nous semble contraire aux objectifs d\u00e9finis \u00e0 l'article L. 333-1 du code rural et de lap\u00eache maritime. ;\nSUR PROPOSITION de Monsieur le secr\u00e9taire g\u00e9n\u00e9ral de la pr\u00e9fecture ;\nARRETE\nARTICLE 1:L'autorisation au titre de l'article L. 333-3 du code rural et de la p\u00eache maritime est accord\u00e9e a:- La soci\u00e9t\u00e9 SYNFOLIA, repr\u00e9sent\u00e9e par M. Idris MOUHEDIN, demeurant route de la chapelle 50450 HAMBYE, au titre de la prise de contr\u00f4le conjointe directe ;- M. Arnaud ROUXEL, demeurant 523 route de la gare 30840 MEYNES, au titre de la prise deee conjointe directe ;- M. Idris MOUHEDIN, demeurant route de la chapelle 50450 HAMBYE, au titre de la prise decontr\u00f4le indirecte conjointe.ARTICLE 2 :Le secr\u00e9taire g\u00e9n\u00e9ral de la pr\u00e9fecture et le directeur d\u00e9partemental des territoires et de la mer sontcharg\u00e9s, chacun en ce qui le concerne, de l'ex\u00e9cution du pr\u00e9sent arr\u00eat\u00e9 qui sera publi\u00e9 au recueil desactes administratifs de la pr\u00e9fecture.\nN\u00eemes, le I g AO\u00dbT 2025\ne pr\u00e9fet,Le pr\u00e9fet,le secr\u00e9taire g\u00e9n\u00e9ralY adYann GERARD\nDirection D\u00e9partementale des Tetrritoires et de la Mer du Gard - 30-2025-08-19-00004 - Arr\u00eat\u00e9 portant autorisation au titre de l'article\nL. 333-3 du code rural et de la p\u00eache maritime de prise de contr\u00f4le de la SAS PEPINIERES DE LA BAMBOUSERAIE 24\nDirection D\u00e9partementale des Tetrritoires et de\nla Mer du Gard\n30-2025-08-20-00001\nArr\u00eat\u00e9 relatif \u00e0 une demande d'autorisation de\nd\u00e9fricher\nDirection D\u00e9partementale des Tetrritoires et de la Mer du Gard - 30-2025-08-20-00001 - Arr\u00eat\u00e9 relatif \u00e0 une demande d'autorisation\nde d\u00e9fricher 25\nPRE FET Direction d\u00e9partementaleDU GARD des territoires et de la merLibert\u00e9Egalit\u00e9Fraternit\u00e9\nService Environnement For\u00eat BELLEC LaurentUnit\u00e9 For\u00eat-DFCI 517 route de la TouretteAffaire suivie par : Claire BRUN 30125 SAUMANET\u00e9l. : 04 66 62 66 03ddtm-sef-foret@gard.gouv.fr\nARR\u00caT\u00c9 N\u00b0relatif \u00e0 une demande d'autorisation de d\u00e9fricherLe pr\u00e9fet du GardChevalier de la L\u00e9gion d'honneur,Officier de l'ordre national du M\u00e9rite\nVU le code forestier, notamment ses articles L 341-1 et suivants et R 341-1 et suivants.VU le code de l'environnement, notamment ses articles L 122-1, R 122-2 et R 122-3.VU le code des relations entre le public et l'administration, notamment ses articles L 121-1 et suivants.VU l'arr\u00eat\u00e9 pr\u00e9fectoral n\u00b0 30-2024-03-21-00007 publi\u00e9 au RAA n\u00b0 30-2024-070 du 30 avril 2024 portantd\u00e9l\u00e9gation de signature en mati\u00e9re d'administration g\u00e9n\u00e9rale a M. S\u00e9bastien FERRA, directeurd\u00e9partemental des territoires et de la mer et l'arr\u00eat\u00e9 pr\u00e9fectoral n\u00b02025-SF-AGO1 publi\u00e9 au RAA n\u00b0 30-2025-03-21-00015 du 21 mars 2025 portant subd\u00e9l\u00e9gation de signature en mati\u00e8re d'administrationg\u00e9n\u00e9rale.VU le dossier de demande d'autorisation de d\u00e9frichement re\u00e7u complet le 17 juillet 2025, enregistr\u00e9 sousle n\u00b0 SYLVA-NAT 30-30879 et pr\u00e9sent\u00e9 par Monsieur BELLEC tendant \u00e0 obtenir l'autorisation de d\u00e9fricherde 0,76 ha de bois situ\u00e9s sur le territoire de la commune de SAUMANE pour un projet de constructiond'une habitation individuelle.VU l'implantation du projet dans la zone Natura 2000 \u00ab Vall\u00e9e du Gardon de Saint-Jean \u00bbVU l'avis \u00e9mis par l'Agence R\u00e9gionale de Sant\u00e9 Occitanie en date du 30 juillet 2025.\n89, rue Weber \u2014 30907 NIMES CEDEX 2T\u00e9l : 04 66 62 62 00 - Fax : 04 66 23 28 79 - www.gard.gouv.fr 1/2\nDirection D\u00e9partementale des Tetrritoires et de la Mer du Gard - 30-2025-08-20-00001 - Arr\u00eat\u00e9 relatif \u00e0 une demande d'autorisation\nde d\u00e9fricher 26\nCONSID\u00c9RANT que le projet est implant\u00e9 dans la zone de p\u00e9rim\u00e8tre rapproch\u00e9 du captage \u00ab prise depont de SAUMANE \u00bbCONSID\u00c9RANT que le rapport de I'hydrologue agr\u00e9e interdit \u00abTout changement d'affectation ou dumode d'occupation des parcelles actuellement bois\u00e9es de nature \u00e0 compromettre la conversation desboisements, et notamment tout d\u00e9frichement ainsi que les coupes claires ou \u00e0 blanc \u00bb au sein dup\u00e9rim\u00e8tre de captage rapproch\u00e9 \u00ab prise pont de SAUMANE \u00bbCONSID\u00c9RANT que le projet r\u00e9pond aux conditions de refus du 3 alin\u00e9a de l'article L341-5 du Codeforestier. D\u00c9CIDEARTICLE 1:L'autorisation de d\u00e9frichement sollicit\u00e9e, sur la parcelle section B n\u00b0 175 sise sur la commune deSaumane, est refus\u00e9e.\nARTICLE 2:Le directeur d\u00e9partemental des territoires et de la mer est charg\u00e9 de l'ex\u00e9cution du pr\u00e9sent arr\u00eat\u00e9.\nN\u00eemes, le 20/08/2025\nLe pr\u00e9fet,pour le pr\u00e9fet et par d\u00e9l\u00e9gation,Le Directeur D\u00e9partementaldes Territoires et de la Merdu Gard\nSIGN\u00c9S\u00e9bastien FERRA\nLe demandeur peut contester la l\u00e9galit\u00e9 de la pr\u00e9sente d\u00e9cision dans les deux mois qui suivent la date de sa notification. A ceteffet, il peut saisir le tribunal administratif territorialement comp\u00e9tent d'un recours contentieux. \u00ab Le tribunal administratif peut\u00e9galement \u00eatre saisi par l'application informatique \u00ab T\u00e9l\u00e9recours citoyens \u00bb accessible sur le site internet www.telerecours.fr. Cettevoie de saisie est obligatoire pour les avocats et les communes de plus de 3500 habitants \u00bb. Il peut \u00e9galement saisir d'un recoursgracieux l'auteur de la d\u00e9cision ou d'un recours hi\u00e9rarchique le Ministre comp\u00e9tent. Cette d\u00e9marche prolonge le d\u00e9lai de recourscontentieux qui doit alors \u00eatre introduit dans les deux mois suivant la r\u00e9ponse. L'absence de r\u00e9ponse au terme de deux mois vautrejet implicite. La d\u00e9cision peut \u00eatre contest\u00e9e par des tiers dans les deux mois \u00e0 compter de sa publication (affichage sur le terrainet en mairie).89, rue Weber \u2014 30907 NIMES CEDEX 2T\u00e9l : 04 66 62 62 00 - Fax : 04 66 23 28 79 - www. gard.gouv.fr 2/2\n\u1d49\nDirection D\u00e9partementale des Tetrritoires et de la Mer du Gard - 30-2025-08-20-00001 - Arr\u00eat\u00e9 relatif \u00e0 une demande d'autorisation\nde d\u00e9fricher 27\nDirection des Services D\u00e9partementaux de\nl'Education Nationale du Gard\n30-2025-08-21-00004\nARR\u00caT\u00c9 PORTANT AGR\u00c9MENT D\u00c9P JEUNESSE\n\u00c9DUCATION POPULAIRE ALL'STYLE\nDirection des Services D\u00e9partementaux de l'Education Nationale du Gard - 30-2025-08-21-00004 - ARR\u00caT\u00c9 PORTANT AGR\u00c9MENT D\u00c9P\nJEUNESSE \u00c9DUCATION POPULAIRE ALL'STYLE 28\nE Je Service d\u00e9partemental \u00e0 la jeunesse, \u00e05 Direction des services d\u00e9partementaux 'ACAD EMIE d\u00e9 Aidan, salsa l'engagement et aux sportsDE MONTPELLIER | dueardLibert\u00e9\u00c9galit\u00e9Fraternit\u00e9\nArr\u00eat\u00e9 n\u00b0 | du 21.08.2025Portant agr\u00e9ment d\u00e9partemental de jeunesse et d'\u00e9ducation populaire de l'associationALL'STYLE\nVu la loi n\u00b0 2001-624 du 17 juillet 2001 et en particulier l'article 8 relatif \u00e0 l'agr\u00e9ment des associationsde jeunesse et d'\u00e9ducation populaire, modifi\u00e9 par la loi n\u00b0 2021-1109 du 24 ao\u00fbt 2021 confortant lerespect des principes de la R\u00e9publiqueVu la loi n\u00b0 2000-321 du 12 avril 2000 relative aux droits des citoyens dans leurs relations avec lesadministrations ;Vu le d\u00e9cret n\u00b0 2002-571 du 22 avril 2002 portant application du premier alin\u00e9a de l'article 8 de la loin\u00b0 2001-624 du 17 juillet 2001 et relatif \u00e0 l'agr\u00e9ment des associations de jeunesse et d'\u00e9ducationpopulaire ; |Vu le d\u00e9cret n\u00b0 2017-908 du 6 mai 2017 portant application de l'article 25-1 de la loi n\u00b0 2000-321 du 12avril 2000 relative aux droits des citoyens dans leurs relations avec les administrations ;Vu le d\u00e9cret n\u00b0 2021-1947 du 31 d\u00e9cembre 2021 pris pour l'application de l'article 10-1 de la loi n\u00b0 2000-321 du 12 avril 2000 et approuvant le contrat d'engagement r\u00e9publicain des associations et fondationsb\u00e9n\u00e9ficiant de subventions publiques ou d'un agr\u00e9ment de l'Etat ;Vu le d\u00e9cret du 12 mars 2025 portant nomination de Mme Carole DRUCKER-GODARD, rectrice de lar\u00e9gion acad\u00e9mique Occitanie, rectrice de l'acad\u00e9mie de Montpellier, chanceli\u00e9re des universit\u00e9s ;Vu le d\u00e9cret du 28 ao\u00fbt 2023 portant nomination de M. Christophe MAUNY directeur acad\u00e9miquedes services de l'\u00e9ducation nationale du Gard ; aConsid\u00e9rant le dossier de demande d'agr\u00e9ment transmis par l'association ci-dessous d\u00e9sign\u00e9e ;Consid\u00e9rant que l'association ci-dessous d\u00e9sign\u00e9e respecte les crit\u00e8res du tronc commun d'agr\u00e9mentdes associations, comme attest\u00e9 par l'arr\u00eat\u00e9 n\u00b0 30-2025-08-21-00003,Consid\u00e9rant l'engagement de respect du contrat d'engagement r\u00e9publicain formalis\u00e9 parl'association dans le cadre de sa demande d'agr\u00e9ment ;\nArticle 1\u00b0\": l'agr\u00e9ment d\u00e9partemental de jeunesse et d'\u00e9ducation populaire (JEP) pr\u00e9vu par le d\u00e9cretdu 22 avril 2022 susvis\u00e9 est accord\u00e9 \u00e0 l'association : ALL'STYLESi\u00e8ge social : 34 Bis avenue JEAN BAPTISTE DUMAS 30100 ALESNum\u00e9ro RNA : W302009766Num\u00e9ro d'agr\u00e9ment : 30/JEP/02/25\nArr\u00eat\u00e9 JEP\nDirection des Services D\u00e9partementaux de l'Education Nationale du Gard - 30-2025-08-21-00004 - ARR\u00caT\u00c9 PORTANT AGR\u00c9MENT D\u00c9P\nJEUNESSE \u00c9DUCATION POPULAIRE ALL'STYLE 29\nArticle 2: l'agr\u00e9ment JEP de l'association ALL'STYLE est attribu\u00e9 pour une dur\u00e9e de cing ans \u00e0compter de la date de publication du pr\u00e9sent arr\u00eat\u00e9.\nArticle 3 : l'association ALL'STYLE est r\u00e9put\u00e9e satisfaire aux conditions de l'article 25-1 de la loi 2021-624 du 17 juillet 2001 modifi\u00e9e. L'association peut se pr\u00e9valoir du respect de ces conditions dans lecadre de toutes proc\u00e9dures d'agr\u00e9ment pr\u00e9vue par la l\u00e9gislation pendant une p\u00e9riode de cing ans \u00e0compter de la date de publication du pr\u00e9sent arr\u00eat\u00e9.\nArticle 4: l'association \"mentionn\u00e9e ci-dessus informera le service d\u00e9partemental \u00e0 la jeunesse, \u00e0l'engagement, et aux sports du Gard, de toute modification de statuts, de changement de si\u00e8ge social,de composition du bureau.L'association mentionn\u00e9e ci-dessus adressera chaque ann\u00e9e au service d\u00e9partemental \u00e0 la jeunesse, \u00e0l'engagement et aux sports du Gard, le proc\u00e8s-verbal de l'assembl\u00e9e g\u00e9n\u00e9rale, le rapport financier del'exercice \u00e9coul\u00e9, le rapport annuel d'activit\u00e9s.\nArticle 5: le pr\u00e9sent arr\u00eat\u00e9 est susceptible, dans un d\u00e9lai de deux mois \u00e0 compter de sanotification, de faire l'objet :-soit d'un recours gracieux devant l'auteur de la d\u00e9cision,-soit d'un recours hi\u00e9rarchique,-soit s'Un recours contentieux devant le tribunal administratif de Montpellier. Le tribunaladministratif peut aussi \u00eatre saisi par l'application informatique \u00ab T\u00e9l\u00e9recours Citoyens \u00bb accessiblesur le site www.telerecours.fr.En cas de rejet implicite ou explicite du recours gracieux ou hi\u00e9rarchique, selon les dispositions del'article R.421-1 du code de justice administrative, un recours contentieux peut \u00eatre exerc\u00e9 dans und\u00e9lai de deux mois \u00e0 compter de ce rejet.\nArticle 6: le directeur acad\u00e9mique des services de l'Education nationale du Gard est charg\u00e9 del'ex\u00e9cution du pr\u00e9sent arr\u00eat\u00e9 qui sera publi\u00e9 au recueil des actes administratifs de la pr\u00e9fecture etnotifi\u00e9 aux int\u00e9ress\u00e9s.\nFait \u00e0 N\u00eemes, le 24 AQUT 2025Le directeur acad\u00e9mique des servicesde l'\u00e9ducation nationale du Gard\nM. Christophe MAUNY\nArr\u00e9t\u00e9 JEP\nDirection des Services D\u00e9partementaux de l'Education Nationale du Gard - 30-2025-08-21-00004 - ARR\u00caT\u00c9 PORTANT AGR\u00c9MENT D\u00c9P\nJEUNESSE \u00c9DUCATION POPULAIRE ALL'STYLE 30\nDirection des Services D\u00e9partementaux de\nl'Education Nationale du Gard\n30-2025-08-21-00006\nARR\u00caT\u00c9 PORTANT AGR\u00c9MENT D\u00c9P JEUNESSE\n\u00c9DUCATION POPULAIRE SILO\u00c9\nDirection des Services D\u00e9partementaux de l'Education Nationale du Gard - 30-2025-08-21-00006 - ARR\u00caT\u00c9 PORTANT AGR\u00c9MENT D\u00c9P\nJEUNESSE \u00c9DUCATION POPULAIRE SILO\u00c9 31\nService d\u00e9partemental a la jeunesse, a5 Direction des services d\u00e9partementauxACADEMIE de l'\u00e9ducation nationale l'engagement et aux sportsDE MONTPELLIER du GardLibert\u00e9Egalit\u00e9Fraternit\u00e9\nArr\u00eat\u00e9 n\u00b0 du 21.08.2025Portant agr\u00e9ment d\u00e9partemental de jeunesse et d'\u00e9ducation populaire deASSOCIATION SILOE |\nVu la loi n\u00b0 2001-624 du 17 juillet 2001 et en particulier l'article 8 relatif \u00e0 l'agr\u00e9ment des associationsde jeunesse et d'\u00e9ducation populaire, modifi\u00e9 par la loi n\u00b0 2021-1109 du 24 ao\u00fbt 2021 confortant lerespect des principes de la R\u00e9publiqueVu la loi n\u00b0 2000-321 du 12 avril 2000 Re aux droits des citoyens dans leurs relations avec lesadministrations ;Vu le d\u00e9cret n\u00b0 2002-571 du 22 avril 2002 portant application du premier alin\u00e9a de l'article 8 de la loi.n\u00b0 2001-624 du 17 juillet 2001 et relatif \u00e0 l'agr\u00e9ment des associations de jeunesse et d'\u00e9ducationpopulaire ; |Vu le d\u00e9cret n\u00b0 2017-908 du 6 mai 2017 portant application de l'article 25-1 de la loi n\u00b0 2000-321 du 12avril 2000 relative aux droits des citoyens dans leurs relations avec les administrations ;Vu le d\u00e9cret n\u00b0 2021-1947 du 31 d\u00e9cembre 2021 pris pour l'application de l'article 10-1 de la loi n\u00b0 2000-321 du 12 avril 2000 et approuvant le contrat d'engagement r\u00e9publicain des associations et fondationsb\u00e9n\u00e9ficiant de subventions publiques ou d'un agr\u00e9ment de l'Etat ; _Vu le d\u00e9cret du 12 mars 2025 portant nomination de Mme Carole DRUCKER-GODARD, rectrice de lar\u00e9gion acad\u00e9mique Occitanie, rectrice de l'acad\u00e9mie de Montpellier, chanceli\u00e9re des universit\u00e9s ;Vu le d\u00e9cret du 28 ao\u00fbt 2023 portant nomination de M. Christophe MAUNY directeur acad\u00e9miquedes services de l'\u00e9ducation nationale du Gard ;Consid\u00e9rant le dossier de demande d'agr\u00e9ment transmis par l'association ci-dessous d\u00e9sign\u00e9e ;Consid\u00e9rant que l'association ci-dessous d\u00e9sign\u00e9e respecte les crit\u00e8res du tronc commun d'agr\u00e9mentdes associations, comme attest\u00e9 par l'arr\u00eat\u00e9 n\u00b0 30-2025-08-21-00005, |Consid\u00e9rant l'engagement de respect du contrat d'engagement r\u00e9publicain formalis\u00e9 parl'association dans le cadre de sa demande d'agr\u00e9ment ;\nArticle 1\u00b0: l'agr\u00e9ment d\u00e9partemental de jeunesse et d'\u00e9ducation populaire (JEP) pr\u00e9vu par le d\u00e9cretdu 22 avril 2022 susvis\u00e9 est accord\u00e9 \u00e0 l'association : l'ASSOCIATION SILOESi\u00e8ge social : 12 bis des TRABAQUES 30240 LE GRAU-DU-ROINum\u00e9ro RNA: W302006939Num\u00e9ro d'agr\u00e9ment : 30/JEP/03/25\nArticle 2 : l'agr\u00e9ment JEP de l'ASSOCIATION SILOE est attribu\u00e9 pour une dur\u00e9e de cing ans \u00e0 compterde la date de publication du pr\u00e9sent arr\u00eat\u00e9.\nArr\u00eat\u00e9 JEP\nDirection des Services D\u00e9partementaux de l'Education Nationale du Gard - 30-2025-08-21-00006 - ARR\u00caT\u00c9 PORTANT AGR\u00c9MENT D\u00c9P\nJEUNESSE \u00c9DUCATION POPULAIRE SILO\u00c9 32\nArticle 2 : l'agr\u00e9ment JEP de l'ASSOCIATION SILOE est attribu\u00e9 pour une dur\u00e9e de cing ans \u00e0 compterde la date de publication du pr\u00e9sent arr\u00e9t\u00e9.\nArticle 3 : 'ASSOCIATION SILOE est r\u00e9put\u00e9e satisfaire aux conditions de l'article 25-1 de la loi 2021-624 du 17 juillet 2001 modifi\u00e9e. L'association peut se pr\u00e9valoir du respect de ces conditions dans lecadre de toutes proc\u00e9dures d'agr\u00e9ment pr\u00e9vue par la l\u00e9gislation pendant une p\u00e9riode de cing ans \u00e0compter de la date de publication du pr\u00e9sent arr\u00eat\u00e9.\nArticle 4: l'association mentionn\u00e9e ci-dessus informera le service d\u00e9partemental \u00e0 la jeunesse, \u00e0l'engagement, et aux sports du Gard, de toute modification de statuts, de changement de si\u00e8ge social,de composition du bureau. |L'association mentionn\u00e9e ci-dessus adressera chaque ann\u00e9e au service d\u00e9partemental \u00e0 la jeunesse, \u00e0l'engagement et aux sports du Gard, le proc\u00e8s-verbal de l'assembl\u00e9e g\u00e9n\u00e9rale, le rapport financier del'exercice \u00e9coul\u00e9, le rapport annuel d'activit\u00e9s.\nArticle 5: le pr\u00e9sent arr\u00eat\u00e9 est susceptible, dans un d\u00e9lai de deux mois \u00e0 compter de sanotification, de faire l'objet :-soit d'un recours gracieux devant l'auteur de la d\u00e9cision,-soit d'un recours hi\u00e9rarchique,-soit s'un recours contentieux devant le tribunal administratif de Montpellier. Le tribunaladministratif peut aussi \u00eatre saisi par l'application informatique \u00ab T\u00e9l\u00e9recours Citoyens \u00bb accessiblesur le site www.telerecours.fr.En cas de rejet implicite ou explicite du recours gracieux ou hi\u00e9rarchique, selon les dispositions del'article R.421-1 du code de justice administrative, Un recours contentieux peut \u00eatre exerc\u00e9 dans und\u00e9lai de deux mois \u00e0 compter de ce rejet.\nArticle 6: le directeur acad\u00e9mique des services de l'Education nationale du Gard est charg\u00e9 del'ex\u00e9cution du pr\u00e9sent arr\u00eat\u00e9 qui sera publi\u00e9 au recueil des actes administratifs de la pr\u00e9fecture etnotifi\u00e9 aux int\u00e9ress\u00e9s. \u00a9 |\nFait \u00e0 Nine le 2-1 AQUT 2025Le directeur acad\u00e9mique des servicesde l'\u00e9ducation nationale du Gard\n(lo\nM. Christophe MAUNY\nArr\u00eat\u00e9 JEP\nDirection des Services D\u00e9partementaux de l'Education Nationale du Gard - 30-2025-08-21-00006 - ARR\u00caT\u00c9 PORTANT AGR\u00c9MENT D\u00c9P\nJEUNESSE \u00c9DUCATION POPULAIRE SILO\u00c9 33\nDirection des Services D\u00e9partementaux de\nl'Education Nationale du Gard\n30-2025-08-21-00002\nARR\u00caT\u00c9 PORTANT AGR\u00c9MENT JEUNESSE\n\u00c9DUCATION POPULAIRE ACCES POUR TOUS\nDirection des Services D\u00e9partementaux de l'Education Nationale du Gard - 30-2025-08-21-00002 - ARR\u00caT\u00c9 PORTANT AGR\u00c9MENT\nJEUNESSE \u00c9DUCATION POPULAIRE ACCES POUR TOUS 34\nE x | . Service d\u00e9partemental a la jeunesse, a\u00c9 Direction des services d\u00e9partementaux ' !ACADEMIE de l'\u00e9ducstion nationale l'engagement et aux sportsDE MONTPELLIER du GardLibert\u00e9 |\u00c9galit\u00e9Fraternit\u00e9\nArr\u00eat\u00e9 n\u00b0 du 21.08.2025Portant agr\u00e9ment d\u00e9partemental de jeunesse et d'\u00e9ducation populaire de l'associationACCES POUR TOUS (ASSOCIATION CENTRE CULTUREL SPORTIF POUR TOUS)\nVu la loi n\u00b0 2001-624 du 17 juillet 2001 et en particulier l'article 8 relatif \u00e0 l'agr\u00e9ment des associationsde jeunesse et d'\u00e9ducation populaire, modifi\u00e9 par la loi n\u00b0 2021-1109 du 24 ao\u00fbt 2021 confortant lerespect des principes de la R\u00e9publiqueVu la loi n\u00b0 2000-321 du 12 avril 2000 relative aux droits des citoyens dans leurs relations avec lesadministrations ;Vu le d\u00e9cret n\u00b0 2002-571 du 22 avril 2002 portant application du premier alin\u00e9a de l'article 8 de la loin\u00b0 2001-624 du 17 juillet 2001 et relatif \u00e0 l'agr\u00e9ment des associations de jeunesse et d'\u00e9ducationpopulaire ;Vu le d\u00e9cret n\u00b0 2017-908 du 6 mai 2017 portant application de l'article 25-1 de la loi n\u00b0 2000-321 du 12avril 2000 relative aux droits des citoyens dans leurs relations avec les administrations ;Vu le d\u00e9cret n\u00b0 2021-1947 du 31 d\u00e9cembre 2021 pris pour l'application de l'article 10-1 de la loi n\u00b0 2000-321 du 12 avril 2000 et approuvant le contrat d'engagement r\u00e9publicain des associations et fondationsb\u00e9n\u00e9ficiant de subventions publiques ou d'un agr\u00e9ment de l'Etat ;Vu le d\u00e9cret du 12 mars 2025 portant nomination de Mme Carole DRUCKER-GODARD, rectrice de lar\u00e9gion acad\u00e9mique Occitanie, rectrice de l'acad\u00e9mie de Montpellier, chanceli\u00e8re des universit\u00e9s ;Vu le d\u00e9cret du 28 ao\u00fbt 2023 portant nomination de M. Christophe MAUNY directeur acad\u00e9miquedes services de l'\u00e9ducation nationale du Gard;Consid\u00e9rant le dossier de demande d'agr\u00e9ment transmis par l'association ci-dessous d\u00e9sign\u00e9e ;Consid\u00e9rant que l'association ci-dessous d\u00e9sign\u00e9e respecte les crit\u00e8res du tronc commun d'agr\u00e9mentdes associations, comme attest\u00e9 par l'arr\u00eat\u00e9 n\u00b0 30-2025-08-21-00001,Consid\u00e9rant l'engagement de respect du contrat d'engagement r\u00e9publicain formalis\u00e9 parl'association dans le cadre de sa demande d'agr\u00e9ment ;\nArticle 1\u00b0 : l'agr\u00e9ment d\u00e9partemental de jeunesse et d'\u00e9ducation populaire (JEP) pr\u00e9vu par le d\u00e9cretdu 22 avril 2022 susvis\u00e9 est accord\u00e9 \u00e0 l'association : ACCES POUR TOUSSi\u00e8ge social: 172 rue du ROYAL 30410 MEYRANNESNum\u00e9ro RNA: W301000355Num\u00e9ro d'agr\u00e9ment : n\u00b030/JEP/01/25\nArr\u00eat\u00e9 JEP\nDirection des Services D\u00e9partementaux de l'Education Nationale du Gard - 30-2025-08-21-00002 - ARR\u00caT\u00c9 PORTANT AGR\u00c9MENT\nJEUNESSE \u00c9DUCATION POPULAIRE ACCES POUR TOUS 35\nArticle 2: l'agr\u00e9ment JEP de l'association ACCES POUR TOUS (ASSOCIATION CENTRE CULTURELSPORTIF POUR TOUS) est attribu\u00e9 pour une dur\u00e9e de cing ans \u00e0 compter de la date de publicationdu pr\u00e9sent arr\u00e9t\u00e9.\nArticle 3 : l'association ACCES POUR TOUS est r\u00e9put\u00e9e satisfaire aux conditions de l'article 25-1 de laloi 2021-624 du 17 juillet 2001 modifi\u00e9e. L'association peut se pr\u00e9valoir du respect de ces conditionsdans le cadre de toutes proc\u00e9dures d'agr\u00e9ment pr\u00e9vue par la l\u00e9gislation pendant une p\u00e9riode de cinqans a compter de la date de publication du pr\u00e9sent arr\u00e9t\u00e9.\nArticle 4: l'association mentionn\u00e9e ci-dessus informera le service d\u00e9partemental \u00e0 la jeunesse, \u00e0l'engagement, et aux sports du Gard, de toute modification de statuts, de changement de si\u00e8ge social,de composition du bureau.L'association mentionn\u00e9e ci-dessus adressera chaque ann\u00e9e au service d\u00e9partemental \u00e0 la jeunesse, \u00e0l'engagement et aux sports du Gard, le proc\u00e8s-verbal de l'assembl\u00e9e g\u00e9n\u00e9rale, le rapport financier del'exercice \u00e9coul\u00e9, le rapport annuel d'activit\u00e9s.\nArticle 5: le pr\u00e9sent arr\u00eat\u00e9 est susceptible, dans un d\u00e9lai de deux mois \u00e0 compter de sanotification, de faire l'objet : |-soit d'un recours gracieux devant l'auteur de la d\u00e9cision,-soit d'un recours hi\u00e9rarchique,-Soit s'un recours contentieux devant le tribunal administratif de Montpellier. Le tribunaladministratif peut aussi \u00eatre saisi par l'application informatique \u00ab T\u00e9l\u00e9recours Citoyens \u00bb accessiblesur le site www.telerecours.fr.En cas de rejet implicite ou explicite du recours gracieux ou hi\u00e9rarchique, selon les dispositions del'article R.421-1 du code de justice administrative, un recours contentieux peut \u00eatre exerc\u00e9 dans und\u00e9lai de deux mois \u00e0 compter de ce rejet.\nArticle 6: le directeur acad\u00e9mique des services de l'Education nationale du Gard est charg\u00e9 del'ex\u00e9cution du pr\u00e9sent arr\u00eat\u00e9 qui sera publi\u00e9 au recueil des actes administratifs de la pr\u00e9fecture etnotifi\u00e9 aux int\u00e9ress\u00e9s.\nFait \u00e0 N\u00eemes, le 2 '1 AQUT 2025\nPlo 4\nM. Christophe MAUNY\nArr\u00e9t\u00e9 JEP\nDirection des Services D\u00e9partementaux de l'Education Nationale du Gard - 30-2025-08-21-00002 - ARR\u00caT\u00c9 PORTANT AGR\u00c9MENT\nJEUNESSE \u00c9DUCATION POPULAIRE ACCES POUR TOUS 36\nDirection des Services D\u00e9partementaux de\nl'Education Nationale du Gard\n30-2025-08-21-00003\nArr\u00eat\u00e9 portant reconnaissance du tronc\ncommun d'agr\u00e9ment ALL'STYLE\nDirection des Services D\u00e9partementaux de l'Education Nationale du Gard - 30-2025-08-21-00003 - Arr\u00eat\u00e9 portant reconnaissance du\ntronc commun d'agr\u00e9ment ALL'STYLE 37\nACADEMIE a  dream Service d\u00e9partemental a la jeunesse, ade l'\u00e9ducation nationale !DE MONTPELLIER | dvGard di D aURa prsLibert\u00e9\u00c9galit\u00e9\"Fraternit\u00e9\nArr\u00eat\u00e9 n\u00b0 du 2'1 AO\u00dbT 2025Portant reconnaissance du tronc commun d'agr\u00e9ment de l'associationALL'STYLE\nVu la loi n\u00b0 2000-321 du 12 avril 2000 modifi\u00e9e relative aux droits des citoyens dans leurs relations avec lesadministrations, notamment ses articles 10-1 et 25-1; |Vu le d\u00e9cret n\u00b0 2017-908 du 6 mai 2017 portant diverses dispositions relatives au r\u00e9gime juridique desassociations, des fondations, des fonds de dotation et des organismes faisant appel au public \u00e0 la g\u00e9n\u00e9rosit\u00e9,notamment ses articles 15 \u00e0 21 ; |Vu le d\u00e9cret n\u00b02020-1542 du 09 d\u00e9cembre 2020 relatif aux comp\u00e9tences des autorit\u00e9s acad\u00e9miques dans ledomaine des politiques de la jeunesse, de l'\u00e9ducation populaire, de la vie associative, de l'engagement civique etdes sports et \u00e0 l'organisation des services charg\u00e9s de leur mise en \u0153uvre;Vu le d\u00e9cret n\u00b0 2020-1543 du 09 d\u00e9cembre 2020 relatif aux services d\u00e9concentr\u00e9s du minist\u00e8re de l'\u00e9ducationnationale, de la jeunesse et des sports et du minist\u00e8re de l'enseignement sup\u00e9rieur, de la recherche et del'innovation ; |Vu le d\u00e9cret n\u00b0 2021-1947 du 31 d\u00e9cembre 2021 pris pour l'application de l'article 10-1 de la loi n\u00b0 2000-321 du 12avril 2000 et approuvant le contrat d'engagement r\u00e9publicain des associations et fondations b\u00e9n\u00e9ficiant desubventions publiques ou d'un agr\u00e9ment de l'Etat ;Vu le d\u00e9cret du 12 mars 2025 portant nomination de Mme Carole DRUCKER-GODARD, rectrice de la r\u00e9gionacad\u00e9mique Occitanie, rectrice de l'acad\u00e9mie de Montpellier, chanceli\u00e8re des universit\u00e9s ;Vu le d\u00e9cret du 28 ao\u00fbt 2023 portant nomination de M. Christophe MAUNY directeur acad\u00e9mique des servicesde l'\u00e9ducation nationale du Gard;Consid\u00e9rant les \u00e9l\u00e9ments transmis par l'association ALL'STYLE ;Consid\u00e9rant l'engagement de respect du Contrat d'engagement r\u00e9publicain formalis\u00e9 par l'association ci-dessusd\u00e9sign\u00e9e dans le cadre de sa demande d'agr\u00e9ment ;\n_ Article 1\u00b0\": l'association ALL'STYLE dont le si\u00e8ge social est situ\u00e9 34 Bis avenue JEAN BAPTISTEDUMAS 30100 ALES - N\u00b0RNA : W302009766 satisfait aux conditions pr\u00e9vues par l'article 25-1 de la loidu 12 avril 2000 susvis\u00e9e \u00e0 la date de publication du pr\u00e9sent arr\u00eat\u00e9 portant sur le tronc commund'agr\u00e9ment (TCA). |Article 2 : l'association mentionn\u00e9e \u00e0 l'article 1\u00b0 est r\u00e9put\u00e9e remplir ces crit\u00e8res pendant une dur\u00e9ede cinq ans \u00e0 compter de la date de publication du pr\u00e9sent arr\u00eat\u00e9.Article 3: Avant le terme de ces cinq ann\u00e9es, l'association doit transmettre une demande derenouvellement de son TCA \u00e0 l'administration qui lui a d\u00e9livr\u00e9 le premier agr\u00e9ment ; si la demande derenouvellement n'est pas effectu\u00e9e avant l'expiration de l'arr\u00eat\u00e9 TCA ou si les conditions g\u00e9n\u00e9ralesdu TCA ne sont plus remplies, l'association perd le b\u00e9n\u00e9fice de tous ses agr\u00e9ments minist\u00e9riels.\nArr\u00eat\u00e9 TCA ALL'STYLE\nDirection des Services D\u00e9partementaux de l'Education Nationale du Gard - 30-2025-08-21-00003 - Arr\u00eat\u00e9 portant reconnaissance du\ntronc commun d'agr\u00e9ment ALL'STYLE 38\nArticle 4: l'association mentionn\u00e9e \u00e0 l'article 1\u00b0 est tenue d'informer sans d\u00e9lai l'autorit\u00e9 publiquecomp\u00e9tente de tout changement relatif aux crit\u00e8res d'attribution de la pr\u00e9sente reconnaissance etnotamment les changements de si\u00e8ge social, de statuts et de repr\u00e9sentant l\u00e9gal.Article 5 : le pr\u00e9sent arr\u00eat\u00e9 est susceptible, dans un d\u00e9lai de deux mois \u00e0 compter de sanotification, de faire l'objet :-soit d'un recours gracieux devant l'auteur de la d\u00e9cision,-soit d'un recours hi\u00e9rarchique,-soit s'un recours contentieux devant le tribunal administratif de Montpellier. Le tribunaladministratif peut aussi \u00eatre saisi par l'application informatique \u00ab T\u00e9l\u00e9recours Citoyens \u00bb accessiblesur le site www.telerecours.fr.En cas de rejet implicite ou explicite du recours gracieux ou hi\u00e9rarchique, selon les dispositions del'article R.421-1 du code de justice administrative, un recours contentieux peut \u00eatre exerc\u00e9 dans und\u00e9lai de deux mois \u00e0 compter de ce rejet.Article 6 : le directeur acad\u00e9mique des services de l'Education nationale du Gard est charg\u00e9 del'ex\u00e9cution du pr\u00e9sent arr\u00eat\u00e9 qui sera publi\u00e9 au recueil des actes administratifs et notifi\u00e9 auxint\u00e9ress\u00e9s.\nFait \u00e0 N\u00eemes, le 21 AQUT 2025Le directeur acad\u00e9mique des servicesde l'\u00e9ducation nationale du Gard\nbo 7M. Christophe MAUNYAS\nArr\u00eat\u00e9 TCA ALL'STYLE\nDirection des Services D\u00e9partementaux de l'Education Nationale du Gard - 30-2025-08-21-00003 - Arr\u00eat\u00e9 portant reconnaissance du\ntronc commun d'agr\u00e9ment ALL'STYLE 39\nDirection des Services D\u00e9partementaux de\nl'Education Nationale du Gard\n30-2025-08-21-00001\nARR\u00caT\u00c9 PORTANT RECONNAISSANCE TRONC\nCOMMUN AGR\u00c9MENT ACCES POUR TOUS\nDirection des Services D\u00e9partementaux de l'Education Nationale du Gard - 30-2025-08-21-00001 - ARR\u00caT\u00c9 PORTANT\nRECONNAISSANCE TRONC COMMUN AGR\u00c9MENT ACCES POUR TOUS 40\nACADEMIE ibectioes dis \u00e9rlins diterinmsenec Service d\u00e9partemental \u00e0 la jeunesse, \u00e0de l'\u00e9ducation nationale 0DE MONTPELLIER | ducer l'engagement StaUxSportsLibert\u00e9\u00c9galit\u00e9Fraternit\u00e9\nArr\u00eat\u00e9 n\u00b0 | du 21 AOUT 2025| Portant reconnaissance du tronc commun d'agr\u00e9ment de l'associationACCES POUR TOUS (ASSOCIATION CENTRE CULTUREL SPORTIF POUR TOUS)\nVu la loi n\u00b0 2000-321 du 12 avril 2000 modifi\u00e9e relative aux droits des citoyens dans leurs relations avec lesadministrations, notamment ses articles 10-1 et 25-1; |Vu le d\u00e9cret n\u00b0 2017-908 du 6 mai 2017 portant diverses dispositions relatives au r\u00e9gime juridique desassociations, des fondations, des fonds de dotation et des organismes faisant appel au public \u00e0 la g\u00e9n\u00e9rosit\u00e9,notamment ses articles 15 \u00e0 21;Vu le d\u00e9cret n\u00b02020-1542 du 09 d\u00e9cembre 2020 relatif aux comp\u00e9tences des autorit\u00e9s acad\u00e9miques dans ledomaine des politiques de la jeunesse, de l'\u00e9ducation populaire, de la vie associative, de l'engagement civique etdes sports et \u00e0 l'organisation des services charg\u00e9s de leur mise en \u0153uvre ;Vu le d\u00e9cret n\u00b0 2020-1543 du 09 d\u00e9cembre 2020 relatif aux services d\u00e9concentr\u00e9s du minist\u00e8re de l'\u00e9ducationnationale, de la jeunesse et des sports et du minist\u00e8re de l'enseignement sup\u00e9rieur, de la recherche et del'innovation ;Vu le d\u00e9cret n\u00b0 2021-1947 du 31 d\u00e9cembre 2021 pris pour l'application de l'article 10-1 de la loi n\u00b0 2000-321 du 12avril 2000 et approuvant le contrat d'engagement r\u00e9publicain des associations et fondations b\u00e9n\u00e9ficiant desubventions publiques ou d'un agr\u00e9ment de l'Etat ;Vu le d\u00e9cret du 12 mars 2025 portant nomination de Mme Carole DRUCKER-GODARD, rectrice de la r\u00e9gionacad\u00e9mique Occitanie, rectrice de l'acad\u00e9mie de Montpellier, chanceli\u00e9re des universit\u00e9s ;Vu le d\u00e9cret du 28 ao\u00fbt 2023 portant nomination de M. Christophe MAUNY directeur acad\u00e9mique des servicesde l'\u00e9ducation nationale du Gard;Consid\u00e9rant les \u00e9l\u00e9ments transmis par l'association ACCES POUR TOUS ;Consid\u00e9rant l'engagement de respect du Contrat d'engagement r\u00e9publicain formalis\u00e9 par l'association ci-dessusd\u00e9sign\u00e9e dans le cadre de sa demande d'agr\u00e9ment ;\nArticle 1\u00b0: l'association ACCES POUR TOUS dont le si\u00e8ge social est situ\u00e9 172 rue du ROYAL 30410MEYRANNES - N\u00b0RNA: W301000355 - satisfait aux conditions pr\u00e9vues par l'article 25-1 de la loi du 12avril 2000 susvis\u00e9e \u00e0 la date de publication du pr\u00e9sent arr\u00eat\u00e9 portant sur le tronc commund'agr\u00e9ment (TCA).Article 2 : l'association mentionn\u00e9e \u00e0 l'article 1\u00b0 est r\u00e9put\u00e9e remplir ces crit\u00e8res pendant une dur\u00e9ede cinq ans \u00e0 compter de la date de publication du pr\u00e9sent arr\u00eat\u00e9.Article 3: Avant le terme de ces cinq ann\u00e9es, l'association doit transmettre une demande derenouvellement de son TCA \u00e0 l'administration qui lui a d\u00e9livr\u00e9 le premier agr\u00e9ment ; si la demande derenouvellement n'est pas effectu\u00e9e avant l'expiration de l'arr\u00eat\u00e9 TCA ou si les conditions g\u00e9n\u00e9ralesdu TCA ne sont plus remplies, l'association perd le b\u00e9n\u00e9fice de tous ses agr\u00e9ments minist\u00e9riels.\nArr\u00eat\u00e9 TCA ACCES POUR TOUS\nDirection des Services D\u00e9partementaux de l'Education Nationale du Gard - 30-2025-08-21-00001 - ARR\u00caT\u00c9 PORTANT\nRECONNAISSANCE TRONC COMMUN AGR\u00c9MENT ACCES POUR TOUS 41\nArticle 4: l'association mentionn\u00e9e \u00e0 l'article 1\u00b0 est tenue d'informer sans d\u00e9lai l'autorit\u00e9 publiquecomp\u00e9tente de tout changement relatif aux crit\u00e8res d'attribution de la pr\u00e9sente reconnaissance etnotamment les changements de si\u00e8ge social, de statuts et de repr\u00e9sentant l\u00e9gal.Article 5 : le pr\u00e9sent arr\u00eat\u00e9 est susceptible, dans un d\u00e9lai de deux mois \u00e0 compter de sanotification, de faire l'objet :-soit d'un recours gracieux devant l'auteur de la d\u00e9cision,-soit d'un recours hi\u00e9rarchique, |-soit s'Un recours contentieux devant le tribunal administratif de Montpellier. Le tribunaladministratif peut aussi \u00eatre saisi par l'application informatique \u00ab T\u00e9l\u00e9recours Citoyens \u00bb accessiblesur le site www.telerecours.fr._En cas de rejet implicite ou explicite du recours gracieux ou hi\u00e9rarchique, selon les dispositions del'article R.421-1 du code de justice administrative, un recours contentieux peut \u00eatre exerc\u00e9 dans und\u00e9lai de deux mois \u00e0 compter de ce rejet.Article 6 : le directeur acad\u00e9mique des services de l'Education nationale du Gard est charg\u00e9 del'ex\u00e9cution du pr\u00e9sent arr\u00eat\u00e9 qui sera publi\u00e9 au recueil des actes administratifs et notifi\u00e9 auxint\u00e9ress\u00e9s.\nFait \u00e0 N\u00eemes, le 2:41 AOUT 2025Le directeur acad\u00e9mique des servicesde l'\u00e9ducation nationale du Gar\nFo\nM. Christophe MAUNY\nArr\u00eat\u00e9 TCA ACCES POUR TOUS\nDirection des Services D\u00e9partementaux de l'Education Nationale du Gard - 30-2025-08-21-00001 - ARR\u00caT\u00c9 PORTANT\nRECONNAISSANCE TRONC COMMUN AGR\u00c9MENT ACCES POUR TOUS 42\nDirection des Services D\u00e9partementaux de\nl'Education Nationale du Gard\n30-2025-08-21-00005\nARR\u00caT\u00c9 PORTANT RECONNAISSANCE TRONC\nCOMMUN AGR\u00c9MENT SILO\u00c9\nDirection des Services D\u00e9partementaux de l'Education Nationale du Gard - 30-2025-08-21-00005 - ARR\u00caT\u00c9 PORTANT\nRECONNAISSANCE TRONC COMMUN AGR\u00c9MENT SILO\u00c9 43\nACADEMIE \u00e9ssiumisionmmme Service d\u00e9partemental \u00e0 la jeunesse, \u00e0de l'\u00e9ducation nationale !DE MONTPELLIER | Gard PANEMEMENENE SE SUK SRDNSLibert\u00e9Egalit\u00e9Fraternit\u00e9\nArr\u00eat\u00e9 n\u00b0 du 24 AQUT 2025Portant reconnaissance du tronc commun d'agr\u00e9ment de l'ASSOCIATION SILOE\nVu la loi n\u00b0 2000-321 du 12 avril 2000 modifi\u00e9e relative aux droits des citoyens dans leurs relations avec lesadministrations, notamment ses articles 10-1 et 25-1;Vu le d\u00e9cret n\u00b0 2017-908 du 6 mai 2017 portant diverses dispositions relatives au r\u00e9gime juridique desassociations, des fondations, des fonds de dotation et des organismes faisant ee au public a la g\u00e9n\u00e9rosit\u00e9,notamment ses articles 15 a 21;Vu le d\u00e9cret n\u00b02020-1542 du 09 d\u00e9cembre 2020 relatif aux conpevencas des autorit\u00e9s acad\u00e9miques dans ledomaine des politiques de la jeunesse, de l'\u00e9ducation populaire, de la vie associative, de l'engagement civique etdes sports et a l'organisation des services charg\u00e9s de leur mise en \u0153uvre ;Vu le d\u00e9cret n\u00b0 2020-1543 du 09 d\u00e9cembre 2020 relatif aux services d\u00e9concentr\u00e9s du minist\u00e8re de l'\u00e9ducationnationale, de la jeunesse et des sports et du minist\u00e8re de l'enseignement sup\u00e9rieur, de la recherche et del'innovation ;Vu le d\u00e9cret n\u00b0 2021-1947 du 31 d\u00e9cembre 2021 pris pour |' epplicsitan de l'article 10-1 de la loi n\u00b0 2000-321 du 12avril 2000 et approuvant le contrat d'engagement r\u00e9publicain des associations et fondations b\u00e9n\u00e9ficiant desubventions publiques ou d'un agr\u00e9ment de l'Etat ;. Vu le d\u00e9cret du 12 mars 2025 portant nomination de Mme Carole DRUCKER-GODARD, rectrice de la r\u00e9gionacad\u00e9mique Occitanie, rectrice de l'acad\u00e9mie de Montpellier, chanceli\u00e9re des universit\u00e9s ; |Vu le d\u00e9cret du 28 ao\u00fbt 2023 portant nomination de M. Christophe MAUNY directeur acad\u00e9mique des services :de l'\u00e9ducation nationale du Gard;Consid\u00e9rant les \u00e9l\u00e9ments transmis par l'ASSOCIATION SILOE ;Consid\u00e9rant l'engagement de respect du Contrat d' engagement r\u00e9publicain formalis\u00e9 par l'association ci-dessusd\u00e9sign\u00e9e dans le cadre de sa demande d'agr\u00e9ment ; |\nArticle 1\u00b0 : l'ASSOCIATION SILOE dont le si\u00e8ge social est situ\u00e9 12 bis des TRABAQUES 30240 LEGRAU-DU-ROI - N\u00b0RNA : W302006939 satisfait aux conditions pr\u00e9vues par l'article 25-1 de la loi du12 avril 2000 susvis\u00e9e \u00e0 la date de publication du pr\u00e9sent arr\u00eat\u00e9 portant sur le tronc commund'agr\u00e9ment (TCA).Article 2 : l'association mentionn\u00e9e \u00e0 l'article 1\u00b0\" est r\u00e9put\u00e9e remplir ces crit\u00e8res pendant une dur\u00e9ede cinq ans \u00e0 compter de la date de publication du pr\u00e9sent arr\u00eat\u00e9.Article 3: Avant le terme de ces cinq ann\u00e9es, l'association doit transmettre une demande derenouvellement de son TCA \u00e0 l'administration qui lui a d\u00e9livr\u00e9 le premier agr\u00e9ment ; si la demande derenouvellement n'est pas effectu\u00e9e avant l'expiration de l'arr\u00eat\u00e9 TCA ou si les conditions g\u00e9n\u00e9ralesdu TCA ne sont plus remplies, l'association perd le b\u00e9n\u00e9fice de tous ses agr\u00e9ments minist\u00e9riels.\nArr\u00eat\u00e9 TCA ASSOCIATION SILOE\nDirection des Services D\u00e9partementaux de l'Education Nationale du Gard - 30-2025-08-21-00005 - ARR\u00caT\u00c9 PORTANT\nRECONNAISSANCE TRONC COMMUN AGR\u00c9MENT SILO\u00c9 44\nArticle 4: l'association mentionn\u00e9e \u00e0 l'article 1% est tenue d'informer sans d\u00e9lai l'autorit\u00e9 publiquecomp\u00e9tente de tout changement relatif aux crit\u00e8res d'attribution de la pr\u00e9sente reconnaissance etnotamment les changements de si\u00e8ge social, de statuts et de repr\u00e9sentant l\u00e9gal.Article 5 : le pr\u00e9sent arr\u00eat\u00e9 est susceptible, dans un d\u00e9lai de deux mois \u00e0 compter de sanotification, de faire l'objet :-soit d'un recours gracieux devant l'auteur de la d\u00e9cision,-soit d'un recours hi\u00e9rarchique,-soit s'Un recours contentieux devant le tribunal administratif de Montpellier. Le tribunaladministratif peut aussi \u00eatre saisi par l'application informatique \u00ab T\u00e9l\u00e9recours Citoyens \u00bb accessiblesur le site www.telerecours.fr.En cas de rejet implicite ou explicite du recours gracieux ou hi\u00e9rarchique, selon les dispositions del'article R.421-1 du code de justice administrative, un recours contentieux peut \u00eatre exerc\u00e9 dans und\u00e9lai de deux mois \u00e0 compter de ce rejet.Article 6 : le directeur acad\u00e9mique des services de l'Education nationale du Gard est charg\u00e9 del'ex\u00e9cution du pr\u00e9sent arr\u00eat\u00e9 qui sera publi\u00e9 au recueil des actes administratifs et notifi\u00e9 auxint\u00e9ress\u00e9s.\nFait \u00e0 N\u00eemes, le 24 A9 2025Le directeur acad\u00e9mique des servicesde l'\u00e9ducation nationale du Gard\nM. Christophe MAUNY\nArr\u00eat\u00e9 TCA ASSOCIATION SILOE\nDirection des Services D\u00e9partementaux de l'Education Nationale du Gard - 30-2025-08-21-00005 - ARR\u00caT\u00c9 PORTANT\nRECONNAISSANCE TRONC COMMUN AGR\u00c9MENT SILO\u00c9 45\nSous Pr\u00e9fecture d'Al\u00e8s\n30-2025-08-22-00001\nAP 2025-08-32 du 22 ao\u00fbt 2025 portant mesures\ntemporaires sur la navigation int\u00e9rieure du\nRh\u00f4ne conc\u00e9d\u00e9. cet arr\u00eat\u00e9 remplace l'AP N\u00b0\n2025-08-08, retir\u00e9.\nSous Pr\u00e9fecture d'Al\u00e8s - 30-2025-08-22-00001 - AP 2025-08-32 du 22 ao\u00fbt 2025 portant mesures temporaires sur la navigation\nint\u00e9rieure du Rh\u00f4ne conc\u00e9d\u00e9. cet arr\u00eat\u00e9 remplace l'AP N\u00b0 2025-08-08, retir\u00e9. 46\nPREFET Voies Navigables de FranceDU GARD Direction Territoriale Rh\u00f4ne Sa\u00f4neLibert\u00e9 | Unit\u00e9 Territoriale d'Itin\u00e9raireea le Canal du Rh\u00f4ne a S\u00e8teFraternit\u00e9\nAffaire suivie par : Joseph VIOLLINT\u00e9l. : 04 90 96 91 37uti.crs-navigation@vnf.fr\nARR\u00caT\u00c9 n\u00b02025-08-32 en date du 22 ao\u00fbt 2025portant mesures temporaires sur la navigation int\u00e9rieure du Rh\u00f4ne conc\u00e9d\u00e9pour plus de trente jours dans le cadre du projet ASTEL port\u00e9 par le CEA MarcouleLe pr\u00e9fet du Gardchevalier de la L\u00e9gion d'honneur,chevalier de l'ordre national du M\u00e9rite\nVu le code des transports ;Vu le d\u00e9cret 2012-1556 du 28 d\u00e9cembre 2012 d\u00e9terminant la liste des mesures temporaires ou demodification des conditions de navigation pouvant \u00eatre prises par le gestionnaire de la voie d'eau ;Vu l'arr\u00eat\u00e9 du 28 juin 2013 modifi\u00e9 portant r\u00e8glement g\u00e9n\u00e9ral de police de la navigation int\u00e9rieure etnotamment son article A.4241-26 en mati\u00e8re de travaux r\u00e9alis\u00e9s par des ma\u00eetres d'ouvrage tiers \u00e0 la voied'eau ;Vu le d\u00e9cret du 13 juillet 2023 portant nomination de Monsieur J\u00e9r\u00f4me BONET en qualit\u00e9 de pr\u00e9fet duGard ;Vu l'arr\u00eat\u00e9 pr\u00e9fectoral n\u00b030-2024-10-18-0007 du 18 octobre 2024 donnant d\u00e9l\u00e9gation de signature \u00e0Monsieur Emile SOUMBO, sous-pr\u00e9fet de l'arrondissement d'Al\u00e8s ; \u00d9Vu l'arr\u00eat\u00e9 pr\u00e9fectoral n\u00b02025-08-08 publi\u00e9 le 07 ao\u00fbt 2025 et portant mesures temporaires sur lanavigation int\u00e9rieure du Rh\u00f4ne conc\u00e9d\u00e9 pour plus de trente jours dans le cadre du projet ASTEL port\u00e9par le CEA Marcoule ;Consid\u00e9rant les mesures temporaires sur la navigation int\u00e9rieure du Rh\u00f4ne conc\u00e9d\u00e9, pr\u00e9par\u00e9es par sonconcessionnaire, la Compagnie Nationale du Rh\u00f4ne (CNR), en accompagnement du Commissariat \u00e0l'\u00e9nergie atomique et aux \u00e9nergies alternatives, ci-apr\u00e8s d\u00e9sign\u00e9 par \u00ab le CEA \u00bb, dont le si\u00e8ge social est situ\u00e9b\u00e2timent Le Ponant D, 25, rue Leblanc, 75015 Paris, ma\u00eetre d'ouvrage dans le cadre du projet ASTEL sur lesite CEA de Marcoule, visant la cr\u00e9ation de nouvelles canalisations de rejets d'effluents dans le fleuveRh\u00f4ne ;Consid\u00e9rant la n\u00e9cessit\u00e9 de maintenir la navigation commerciale du Rh\u00f4ne conc\u00e9d\u00e9 pendant les travauxdu CEA Marcoule :\n1 Quai de la gare maritime -13200 ArlesT\u00e9l : 04 90 96 00 85 - www.vnf.fr\nSous Pr\u00e9fecture d'Al\u00e8s - 30-2025-08-22-00001 - AP 2025-08-32 du 22 ao\u00fbt 2025 portant mesures temporaires sur la navigation\nint\u00e9rieure du Rh\u00f4ne conc\u00e9d\u00e9. cet arr\u00eat\u00e9 remplace l'AP N\u00b0 2025-08-08, retir\u00e9. 47\nConsid\u00e9rant pour le maintien pr\u00e9cit\u00e9, la n\u00e9cessit\u00e9 au regard de la s\u00e9curit\u00e9 de la navigation, en raison de ladur\u00e9e pr\u00e9visible des travaux et de leur complexit\u00e9, d'isoler la zone des r\u00e9alisations nautiques de toute unit\u00e9en transit, ceci par Un balisage et une signalisation temporaires r\u00e9glementaires pour \u00e9viter tout heurt ettoute g\u00eane \u00e0 la navigation ;Consid\u00e9rant une erreur d'\u00e9criture port\u00e9e dans les annexes de l'arr\u00eat\u00e9 pr\u00e9fectoral n\u00b02025-08-08 publi\u00e9 le 07ao\u00fbt 2025 et la n\u00e9cessit\u00e9 de la lever en retirant l'arr\u00eat\u00e9 pr\u00e9cit\u00e9 pour \u00e9viter toute confusion ;Consid\u00e9rant la comp\u00e9tence du pr\u00e9fet du Gard pour prescrire toutes mesures temporaires de plus de trentejours en mati\u00e8re de navigation int\u00e9rieure et la n\u00e9cessit\u00e9 d'y requ\u00e9rir compte tenu du p\u00e9rim\u00e8tre desemprises du chantier ;Sur proposition de Monsieur le chef de l'unit\u00e9 territoriale d'itin\u00e9raire du canal du Rh\u00f4ne \u00e0 S\u00e8te des voiesnavigables de France ;\nARR\u00caTE\nArticle 1\u00b0 :L'arr\u00eat\u00e9 pr\u00e9fectoral n\u00b02025-08-08 publi\u00e9 le 07 ao\u00fbt 2025 au recueil des actes administratifs de lapr\u00e9fecture du Gard est retir\u00e9 et remplac\u00e9 par le pr\u00e9sent arr\u00eat\u00e9.Article 2 :Le CEA ma\u00eetre d'ouvrage est autoris\u00e9 \u00e0 mettre en place la signalisation et le balisage, pr\u00e9par\u00e9s par la CNR,en accompagnement de la ma\u00eetrise d'ouvrage, et prescripts par le pr\u00e9sent arr\u00eat\u00e9, ceci pour la r\u00e9alisation deses travaux cadrant avec le projet ASTEL.Le p\u00e9rim\u00e8tre gardois de la pr\u00e9sente autorisation couvre les territoires communaux de Laudun-l'Ardoise,Codolet, Chusclan, Saint-Etienne-des-Sorts et V\u00e9n\u00e9jean.Il est pr\u00e9cis\u00e9 que la ma\u00eetrise d'ouvrage pourra effectuer les mises en place \u00e9voqu\u00e9es \u00e0 l'alin\u00e9a 1 du pr\u00e9sentarticle, ceci pour toute la dur\u00e9e de prise d'effet du pr\u00e9sent arr\u00eat\u00e9.En raison du p\u00e9rim\u00e8tre des travaux, \u00e0 la fronti\u00e8re d\u00e9partementale entre le Vaucluse et le Gard, la pr\u00e9senteautorisation est prise, en compl\u00e9ment de celle prise, dans les m\u00eames termes, par le pr\u00e9fet de Vaucluse.Article 3 :Le balisage que pourra mettre en place le CEA est celui repr\u00e9sent\u00e9 sur le plan en annexe 1 du pr\u00e9sentarr\u00eat\u00e9. Celui-ci comprend des balises flottantes r\u00e9glementaires notablement pourvues de feux et de radarspour toute situation de visibilit\u00e9 r\u00e9duite.Article 4 :La signalisation que pourra mettre en place le CEA est celle repr\u00e9sent\u00e9e sur le plan en annexe 2 du pr\u00e9sentarr\u00eat\u00e9. Celle-ci comprend divers signaux de police de type A9, B8, B11b, C5 et E11. La gamme prescrite pourchaque signal est pr\u00e9cis\u00e9e, selon la localisation propre \u00e0 chacun d'eux, sur le plan de signalisation pr\u00e9cit\u00e9.Chaque signal ainsi que ces \u00e9ventuels signaux auxiliaires seront dot\u00e9s de films r\u00e9tror\u00e9fl\u00e9chissants de classe2.Cette signalisation sera abond\u00e9e par des panneaux informels aux \u00e9cluses encadrant le chantier et\u00e9galement repr\u00e9sent\u00e9s en annexe 2 du pr\u00e9sent arr\u00eat\u00e9. |\n1 Quai de la gare maritime -13200 ArlesT\u00e9l : 04 90 96 00 85 - www.vnf.fr\nSous Pr\u00e9fecture d'Al\u00e8s - 30-2025-08-22-00001 - AP 2025-08-32 du 22 ao\u00fbt 2025 portant mesures temporaires sur la navigation\nint\u00e9rieure du Rh\u00f4ne conc\u00e9d\u00e9. cet arr\u00eat\u00e9 remplace l'AP N\u00b0 2025-08-08, retir\u00e9. 48\nArticle 5 :Le pr\u00e9sent arr\u00eat\u00e9 prendra effet du 1\u00b0 septembre 2025 au 31 janvier 2026.Pour l'application du pr\u00e9sent arr\u00eat\u00e9, tout avis a batellerie n\u00e9cessaire, pr\u00e9par\u00e9 par la CNR, sera diffus\u00e9 dansles lignes de VNF d\u00e8s que les dispositions cit\u00e9es aux articles qui pr\u00e9c\u00e8dent seront mises en place par lama\u00eetrise d'ouvrage, ceci jusqu'\u00e0 leur compl\u00e8te lev\u00e9e. Il est pr\u00e9cis\u00e9 que tout avis \u00e0 batellerie \u00e0 prendre dansle formalisme pr\u00e9cit\u00e9, le sera pour des intervalles de temps inclus dans le calendrier stipul\u00e9 \u00e0 l'alin\u00e9a 1 dupr\u00e9sent article.Ces avis \u00e0 batellerie viseront le pr\u00e9sent arr\u00eat\u00e9 et reprendront, de fait, ses mesures temporaires.Il est pr\u00e9cis\u00e9 que les phases d'amen\u00e9e et de repli du balisage flottant ainsi que celles de montage et ded\u00e9montage de la signalisation de chantier feront l'objet de mesures temporaires transitoires et sp\u00e9cifiquesprises par VNF, pour moins de trente jours, sur proposition de la CNR concessionnaire.Pour tout cas d'autorisation sp\u00e9ciale de transport, des demandes additionnelles sp\u00e9cifiques serontproduites conform\u00e9ment au r\u00e8glement g\u00e9n\u00e9ral de police de la navigation int\u00e9rieure en vigueur.Article 6 :Le pr\u00e9sent arr\u00eat\u00e9 peut faire l'objet d'un recours gracieux aupr\u00e8s de Monsieur le pr\u00e9fet du Gard, dans und\u00e9lai de deux mois suivant la notification et la publication du pr\u00e9sent arr\u00eat\u00e9. L'absence de r\u00e9ponse dansun d\u00e9lai de deux mois vaut d\u00e9cision implicite de rejet.Le pr\u00e9sent arr\u00eat\u00e9 peut \u00e9galement faire l'objet d'un recours hi\u00e9rarchique aupr\u00e8s du ministre de l'Int\u00e9rieur -Place Beauvau - 75008 PARIS CEDEX 08. L'absence de r\u00e9ponse dans un d\u00e9lai de deux mois vaut d\u00e9cisionimplicite de rejet.Un recours contentieux peut \u00e9galement \u00eatre introduit devant le Tribunal Administratif de N\u00eemes situ\u00e9 16avenue Feuch\u00e8res CS 88010 - 30941 Nimes Cedex 09, dans un d\u00e9lai de deux mois \u00e0 compter de lanotification de l'arr\u00eat\u00e9 ou \u00e0 compter de la r\u00e9ponse de l'administration si Un recours administratif a \u00e9t\u00e9pr\u00e9alablement d\u00e9pos\u00e9. Le tribunal administratif peut \u00e9galement \u00eatre saisi par l'application informatique\"T\u00e9l\u00e9recours citoyens\" accessible via le site www.telerecours.frArticle 7:Le sous-pr\u00e9fet d'Al\u00e9s, le directeur interd\u00e9partemental de la police nationale, le colonel, commandant legroupement de gendarmerie du Gard, le directeur du CEA Marcoule, le directeur territorial Rh\u00f4ne M\u00e9diande la Compagnie Nationale du Rh\u00f4ne et le directeur territorial Rh\u00f4ne Sa\u00f4ne des voies navigables de Francesont charg\u00e9s, chacun en ce qui le concerne, de l'ex\u00e9cution du pr\u00e9sent arr\u00eat\u00e9 qui sera diffus\u00e9 au recueil desactes administratifs de la pr\u00e9fecture du Gard.\nFait \u00e0 Al\u00e8s, le 22 ao\u00fbt 2025\nPour le pr\u00e9fet et par d\u00e9l\u00e9gation,\n1 Quai de la gare maritime -13200 ArlesT\u00e9l : 04 90 96 00 85 - www.vnf.fr\nSous Pr\u00e9fecture d'Al\u00e8s - 30-2025-08-22-00001 - AP 2025-08-32 du 22 ao\u00fbt 2025 portant mesures temporaires sur la navigation\nint\u00e9rieure du Rh\u00f4ne conc\u00e9d\u00e9. cet arr\u00eat\u00e9 remplace l'AP N\u00b0 2025-08-08, retir\u00e9. 49\nAnnexe 1\nDe\nl'arr\u00e9t\u00e9 pr\u00e9fectoral portant mesures temporaires sur la navigation int\u00e9rieuredu Rh\u00f4ne conc\u00e9d\u00e9pour plus de trente joursdans le cadre du projet ASTEL port\u00e9 par le CEA Marcoule(balisage temporaire)\nSous Pr\u00e9fecture d'Al\u00e8s - 30-2025-08-22-00001 - AP 2025-08-32 du 22 ao\u00fbt 2025 portant mesures temporaires sur la navigation\nint\u00e9rieure du Rh\u00f4ne conc\u00e9d\u00e9. cet arr\u00eat\u00e9 remplace l'AP N\u00b0 2025-08-08, retir\u00e9. 50\n== 1 | 2 L \u00e0 | \u00ab L | L I 1 | ra L 1 | 16 | ow: - g al 8 8! 8 z P |H+ 208 500 + + + / + 208 500 \u20148! # i\"sl /fAPA\nLe we+ 208 000 | F7 4 rs 208 000 \u2014\nLo)E|H- 207 500 + + 207 500 \u2014F \\ * : \\\u00c7 CENTRALE DE ,+ | Pi a \u2014 en rt M ARCOULE jd | run age AMENAGEMENT DE CADEROUSSEye ee+ 207 000 + + if +-JD CHENAL DE NAVIGATIONiy) DEVIATION PROVISOIREPENDANT TRAVAUXDU PK 208.500 AU PK 211.000RE | CS-CA-LCCA-RTN-XX-XX-00001 [AO\nSous Pr\u00e9fecture d'Al\u00e8s - 30-2025-08-22-00001 - AP 2025-08-32 du 22 ao\u00fbt 2025 portant mesures temporaires sur la navigation\nint\u00e9rieure du Rh\u00f4ne conc\u00e9d\u00e9. cet arr\u00eat\u00e9 remplace l'AP N\u00b0 2025-08-08, retir\u00e9. 51\nAnnexe 2\nDe\nl'arr\u00eat\u00e9 pr\u00e9fectoral portant mesures temporaires sur la navigation int\u00e9rieuredu Rh\u00f4ne conc\u00e9d\u00e9pour plus de trente joursdans le cadre du projet ASTEL port\u00e9 par le CEA Marcoule(signalisation temporaire)\nSous Pr\u00e9fecture d'Al\u00e8s - 30-2025-08-22-00001 - AP 2025-08-32 du 22 ao\u00fbt 2025 portant mesures temporaires sur la navigation\nint\u00e9rieure du Rh\u00f4ne conc\u00e9d\u00e9. cet arr\u00eat\u00e9 remplace l'AP N\u00b0 2025-08-08, retir\u00e9. 52\nPANNEAU d' INFORMATION\nATTENTION TRAVAUX / ATTENTION TO WORK / AUFMERKSAMKEIT FUR DIE ARBEIT\nLED\u00e9voiement du chenal navigable au Point Kilom\u00e9trique 208.5 sur 2 Kilom\u00e8tres\"aim Diversion of the navigable channel at Kilometer Point 208.5 over 2 Kilometers| Umleitung des schiffbaren Kanals am Kilometerpunkt 208.5 \u00fcber 2 Kilometer\nA Vaval de l'\u00e9cluse deBoll\u00e8ne pour lesbateaux avalants\nSous Pr\u00e9fecture d'Al\u00e8s - 30-2025-08-22-00001 - AP 2025-08-32 du 22 ao\u00fbt 2025 portant mesures temporaires sur la navigation\nint\u00e9rieure du Rh\u00f4ne conc\u00e9d\u00e9. cet arr\u00eat\u00e9 remplace l'AP N\u00b0 2025-08-08, retir\u00e9. 53\nPANNEAU d'INFORMATION\na is D\u00e9voiement du chenal navigable au Point Kilom\u00e9trique 211.3 sur 2 Kilom\u00e8tresNe\"zim Diversion of the navigable channel at Kilometer Point 211.3 over 2 Kilometers= Umleitung des schiffbaren Kanals am Kilometerpunkt 211.3 \u00fcber 2 Kilometer\nA Vamont de l'\u00e9clusede Caderousse pour\nSous Pr\u00e9fecture d'Al\u00e8s - 30-2025-08-22-00001 - AP 2025-08-32 du 22 ao\u00fbt 2025 portant mesures temporaires sur la navigation\nint\u00e9rieure du Rh\u00f4ne conc\u00e9d\u00e9. cet arr\u00eat\u00e9 remplace l'AP N\u00b0 2025-08-08, retir\u00e9. 54\nPANNEAUX de SIGNALISATION etPRESIGNALISATION Bateau Montant| Phase 1\nVHF K10\nPanneau de police \u00e0positionner au PK213 en RG |Face aval aux bateauxMontantsClasse 2 - Gamme 4\nSous Pr\u00e9fecture d'Al\u00e8s - 30-2025-08-22-00001 - AP 2025-08-32 du 22 ao\u00fbt 2025 portant mesures temporaires sur la navigation\nint\u00e9rieure du Rh\u00f4ne conc\u00e9d\u00e9. cet arr\u00eat\u00e9 remplace l'AP N\u00b0 2025-08-08, retir\u00e9. 55\nPANNEAUX de SIGNALISATION etPRESIGNALISATION\nVHF10| 1500 || 1500 |ou\u00c0 x Panneau de police \u00e0 positionner; au PK207.500 en RDFace amont aux bateauxAvalantsClasse 2 - Gamme 4\nSous Pr\u00e9fecture d'Al\u00e8s - 30-2025-08-22-00001 - AP 2025-08-32 du 22 ao\u00fbt 2025 portant mesures temporaires sur la navigation\nint\u00e9rieure du Rh\u00f4ne conc\u00e9d\u00e9. cet arr\u00eat\u00e9 remplace l'AP N\u00b0 2025-08-08, retir\u00e9. 56\nPANNEAUX de SIGNALISATION\nPanneaux de police et de fin d'obligation\nFace bateauAvalant Face bateauMontant\nFace bateau Montant\nPK 211 enRGClasse 2 - Gamme 3 PK 209 en RGClasse 2 - Gamme 3\nSous Pr\u00e9fecture d'Al\u00e8s - 30-2025-08-22-00001 - AP 2025-08-32 du 22 ao\u00fbt 2025 portant mesures temporaires sur la navigation\nint\u00e9rieure du Rh\u00f4ne conc\u00e9d\u00e9. cet arr\u00eat\u00e9 remplace l'AP N\u00b0 2025-08-08, retir\u00e9. 57\nSous Pr\u00e9fecture d'Al\u00e8s\n30-2025-08-19-00005\nArr\u00eat\u00e9 de renouvellement habilitation\nn\u00b025-08-23 du 19-08-25 pour 5 ans NOCTUA\nTHANATOPRAXIE\nSous Pr\u00e9fecture d'Al\u00e8s - 30-2025-08-19-00005 - Arr\u00eat\u00e9 de renouvellement habilitation n\u00b025-08-23 du 19-08-25 pour 5 ans NOCTUA\nTHANATOPRAXIE 58\nPREFET Sous-pr\u00e9fecture d'Al\u00e8sDU GARD Bureau de la r\u00e9glementation Fun\u00e9raire et des associationsLibert\u00e9 Service d\u00e9partemental du fun\u00e9raireEgalit\u00e9Fraternit\u00e9\nArr\u00eat\u00e9 n\u00b0 25-08-23portant renouvellement d'habilitation dans le domaine fun\u00e9raire pour une dur\u00e9e de 5 ansLe pr\u00e9fet du Gard,Chevalier de la l\u00e9gion d'honneur,Chevalier de l'ordre national du M\u00e9rite,Vu le code g\u00e9n\u00e9ral des collectivit\u00e9s territoriales, notamment les articles L. 2223-19 etsuivants;Vu l'arr\u00eat\u00e9 pr\u00e9fectoral n\u00b0 30-2024-10-18-00007 du 18 octobre 2024 donnant d\u00e9l\u00e9gation designature \u00e0 Monsieur \u00c9mile SOUMBO, sous-pr\u00e9fet de l'arrondissement d'Al\u00e8s ;Vu l'arr\u00eat\u00e9 pr\u00e9fectoral en date du 26/09/2019 portant renouvellement d'habilitation dans ledomaine fun\u00e9raire pour une dur\u00e9e de 6 ans sous le n\u00b0 19-30-0049, \u00e0 la Sasu NOCTUATHANATOPRAXIE, pour son \u00e9tablissement, situ\u00e9 532 Chemin Mont\u00e9e des Alpins \u00e0 N\u00eemes(30000), SIRET n\u00b0 841 812 944 00020 ;Vu la demande de renouvellement d'habilitation dans le domaine fun\u00e9raire formul\u00e9e parMme Sabrina LAVOLOT, g\u00e9rante de SASU la sus-mentionn\u00e9e ; ;Vu la demande de modification \u00e0 l'Institut National de la Propri\u00e9t\u00e9 Industrielle - INPI,guichet unique des entreprises en date du 23 juillet 2025 octobre 2024 ;Consid\u00e9rant que I'habilitation n\u00b0 19-30-0049 arrive \u00e0 \u00e9ch\u00e9ance \u00e0 la date du 24/09/2025;Consid\u00e9rant que la demande de renouvellement d'habilitation est constitu\u00e9e conform\u00e9-ment \u00e0 la r\u00e9glementation en vigueur ;Sur proposition du sous-pr\u00e9fet d'Ale\u00e9s ;ARR\u00caTEArticle 1\u00b0: La Sasu NOCTUA THANATOPRAXIE, pour son \u00e9tablissement, situ\u00e9 532Chemin Mont\u00e9e des Alpins \u00e0 N\u00eemes (30000), SIRET n\u00b0 841 812 944 00020,dirig\u00e9e par Mme Sabrina LAVOLOT, est habilit\u00e9 pour exercer sur l'ensembledu territoire national, les activit\u00e9s fun\u00e9raires suivantes :\n- soins de conservation,\nSNIIS_PREFECTIIRE d'Al \u00c8S D % hnulavarn I nue Riane =. AN1NN AI FS \u2014 T\u00e9l - NA AAR SAR 29 29 \u2014 wnnw ard ani fr\nSous Pr\u00e9fecture d'Al\u00e8s - 30-2025-08-19-00005 - Arr\u00eat\u00e9 de renouvellement habilitation n\u00b025-08-23 du 19-08-25 pour 5 ans NOCTUA\nTHANATOPRAXIE 59\nArticle 2: Le num\u00e9ro d'habilitation est : 25-30-0277.\nArticle 3 : La dur\u00e9e de la pr\u00e9sente habilitation est fix\u00e9e pour une dur\u00e9e de 5 ans, soitjusqu'au: 25 septembre 2030 inclus.\nArticle 4 : La pr\u00e9sente habilitation peut \u00eatre retir\u00e9e ou suspendue pour une ouplusieurs activit\u00e9s pour l'un des motifs pr\u00e9vus par l'article L.2223-25 ducode g\u00e9n\u00e9ral des collectivit\u00e9s territoriales.\nArticle 5 : Le sous-pr\u00e9fet d'Al\u00e8s est charg\u00e9 de l'ex\u00e9cution du pr\u00e9sent arr\u00eat\u00e9 dont unexemplaire est notifi\u00e9 \u00e0 l'int\u00e9ress\u00e9 et ins\u00e9r\u00e9 au recueil des actesadministratifs (RAA) de la pr\u00e9fecture du Gard.\nAl\u00e8s le 19 Ao\u00fbt 2025\nN\u00b0 d'insertion au RAA :\nVoies et d\u00e9lais de recours :La pr\u00e9sente d\u00e9cision peut faire l'objet d'un recours administratif aupr\u00e8s de l'autorit\u00e9 qui l'a d\u00e9livr\u00e9e ou aupr\u00e8s dutribunal administratif de Nimes, dans un d\u00e9lai de deux mois \u00e0 compter de sa notification pour l'int\u00e9ress\u00e9 et de sapublication pour les tiers.\nSOUS-PREFECTURE d'AL\u00c8S \u2014 3 houlevard Louis Blanc \u2014 - 30100 ALES \u2014 T\u00e9l: 04.66 56 39 39 \u2014 www aard aouv fr\nSous Pr\u00e9fecture d'Al\u00e8s - 30-2025-08-19-00005 - Arr\u00eat\u00e9 de renouvellement habilitation n\u00b025-08-23 du 19-08-25 pour 5 ans NOCTUA\nTHANATOPRAXIE 60","date":"2025-08-22","first_seen_on":"2025-08-22T16:11:30+00:00","id":"c5b1380da2fb106f34cfe48059d68f451796161aa79f1db26a6318aa98625fca","name":"recueil-30-2025-150-normal du 22 08 2025.","pdf_creation_date":"2025-08-22T15:12:19+00:00","pdf_modification_date":null,"timezone":"Europe/Paris","url":"https://www.gard.gouv.fr/contenu/telechargement/65169/479715/file/recueil-30-2025-150-normal%20du%2022%2008%202025.pdf"}
