{"administration":"pref30","administration_name":"Pr\u00e9fecture du Gard","content":"PR\u00c9FET\nDU GARD\nRECUEIL DES ACTES\nADMINISTRATIFS SP\u00c9CIAL\n(NOMINATIFS)\nN\u00b030-2025-041\nPUBLI\u00c9 LE  7 MARS 2025\nSommaire\nDirection d\u00e9partementale de la s\u00e9curti\u00e9 publique du Gard / Service de\ngestion op\u00e9rationnelle (SGO)\n30-2025-03-10-00001 - Arr\u00eat\u00e9 portant d\u00e9signation des repr\u00e9sentants\ndu personnel au CSA et \u00e0 la FS des services d\u00e9concentr\u00e9s de la PN du\nGard (3 pages) Page 3\n2\nDirection d\u00e9partementale de la s\u00e9curti\u00e9\npublique du Gard\n30-2025-03-10-00001\nArr\u00eat\u00e9 portant d\u00e9signation des repr\u00e9sentants du\npersonnel au CSA et \u00e0 la FS des services\nd\u00e9concentr\u00e9s de la PN du Gard\nDirection d\u00e9partementale de la s\u00e9curti\u00e9 publique du Gard - 30-2025-03-10-00001 - Arr\u00eat\u00e9 portant d\u00e9signation des repr\u00e9sentants du\npersonnel au CSA et \u00e0 la FS des services d\u00e9concentr\u00e9s de la PN du Gard 3\nMINISTEREDE L'INTERIEURLibert\u00e9Egalit\u00e9Fraternit\u00e9\nPOLICENATIONALE\n/4\nDirection zonale de la police nationale sud\nDirection interd\u00e9partementale de la police nationale du Gard\nArr\u00eat\u00e9 n\u00b0                                   du 10 mars 2025\nportant d\u00e9signation des membres du comit\u00e9 social des services d\u00e9concentr\u00e9s de la Police\nNationale du Gard et de sa formation sp\u00e9cialis\u00e9e\nLe Pr\u00e9fet du Gard\nVu le code g\u00e9n\u00e9ral de la fonction publique ;\nVu le d\u00e9cret n\u00b0 2020-1427 du 20 novembre 2020 relatif aux comit\u00e9s sociaux d'administration\ndans les administrations et les \u00e9tablissements publics de l'\u00c9tat;\nVu  l'arr\u00eat\u00e9  du  3  juin  2022  instituant  des  comit\u00e9s  sociaux  d'administration  au  sein  des\nminist\u00e8res de l'Int\u00e9rieur et des outre-mer ; \nVu l'arr\u00eat\u00e9 du 6 octobre 2022 relatif aux modalit\u00e9s d'organisation du vote \u00e9lectronique par\ninternet  pour  l'\u00e9lection  des  repr\u00e9sentants  du  personnel  au  sein  des  instances  de\nrepr\u00e9sentation du minist\u00e8re de l'Int\u00e9rieur et des outre-mer ;  \nVu le proc\u00e8s-verbal de d\u00e9pouillement et de proclamation des r\u00e9sultats du 8 d\u00e9cembre 2022,\nArr\u00eate :\nArticle 1\ner\nLe  comit\u00e9  social  d'administration  de  proximit\u00e9  des  services  d\u00e9concentr\u00e9s  de  la  Police\nNational du Gard est compos\u00e9 comme suit :\na) Repr\u00e9sentants de l'administration :\n- Monsieur J\u00e9r\u00f4me BONNET, Pr\u00e9fet du Gard, pr\u00e9sident\n- Monsieur Jean-Philippe NAHON, Directeur Interd\u00e9partemental de la Police Nationale du\nGard\nb) Repr\u00e9sentants du personnel : 8 membres titulaires et 8 membres suppl\u00e9ants.\nLe pr\u00e9sident est assist\u00e9, en tant que de besoin, par les membres de l'administration exer\u00e7ant\ndes fonctions de responsabilit\u00e9 et concern\u00e9s par des questions soumises \u00e0 l'avis du comit\u00e9.\nDirection d\u00e9partementale de la s\u00e9curti\u00e9 publique du Gard - 30-2025-03-10-00001 - Arr\u00eat\u00e9 portant d\u00e9signation des repr\u00e9sentants du\npersonnel au CSA et \u00e0 la FS des services d\u00e9concentr\u00e9s de la PN du Gard 4\nArticle 2\nSont  d\u00e9sign\u00e9s  en  qualit\u00e9  de  repr\u00e9sentants  du  personnel  au  sein  du  comit\u00e9  social\nd'administration susmentionn\u00e9 :\nMembres titulaires Membres suppl\u00e9ants\nAu titre de UNITE SGP POLICE-FO\nSandy ISSARTEL Aur\u00e9lie TIXIER\nWissem GUESMI Olivier AVENIERE\nYasmina GIBERT Christelle FABRE\nMickael LAVIGNE Fr\u00e9d\u00e9ric TOURNEMINE\nAu titre de ALLIANCE\nM\u00e9lissa GIL Arnaud PRESSE\nMarc STOLARCZYK Martine VALAT DUMAS\nC\u00e9dric GARDEREAU Anthony GAMONDES\nJoseph GALERA Fr\u00e9d\u00e9ric ZANONE\nArticle 3\nSont d\u00e9sign\u00e9s en qualit\u00e9 de repr\u00e9sentants du personnel au sein de la formation sp\u00e9cialis\u00e9e en\nmati\u00e8re de sant\u00e9, de s\u00e9curit\u00e9 et de conditions de travail du comit\u00e9 social d'administration\nminist\u00e9riel unique : \nMembres titulaires Membres suppl\u00e9ants\nAu titre de UNITE SGP POLICE-FO\nSandy ISSARTEL Aur\u00e9lie TIXIER\nWissem GUESMI Olivier AVENIERE\nYasmina GIBERT Christelle FABRE\nMickael LAVIGNE Fr\u00e9d\u00e9ric TOURNEMINE\nAu titre de ALLIANCE Au titre de ALLIANCE\nM\u00e9lissa GIL Arnaud PRESSE\nMarc STOLARCZYK Martine VALAT DUMAS\nC\u00e9dric GARDEREAU Anthony GAMONDES\nJoseph GALERA Fr\u00e9d\u00e9ric ZANONE\nArticle 4\nLe  mandat  des  membres  du  comit\u00e9  social  d'administration  susvis\u00e9  entre  en  vigueur  \u00e0\ncompter du 01 f\u00e9vrier 2025.\nDirection d\u00e9partementale de la s\u00e9curti\u00e9 publique du Gard - 30-2025-03-10-00001 - Arr\u00eat\u00e9 portant d\u00e9signation des repr\u00e9sentants du\npersonnel au CSA et \u00e0 la FS des services d\u00e9concentr\u00e9s de la PN du Gard 5\nArticle 5 \nLe Directeur Interd\u00e9partemental de la Police Nationale du Gard est charg\u00e9 de l'ex\u00e9cution du\npr\u00e9sent arr\u00eat\u00e9.\nFait le 10 mars 2025\nLe Pr\u00e9fet\nJ\u00e9r\u00f4me BONNET\nDirection d\u00e9partementale de la s\u00e9curti\u00e9 publique du Gard - 30-2025-03-10-00001 - Arr\u00eat\u00e9 portant d\u00e9signation des repr\u00e9sentants du\npersonnel au CSA et \u00e0 la FS des services d\u00e9concentr\u00e9s de la PN du Gard 6","date":"2025-03-07","first_seen_on":"2025-03-08T18:28:13+00:00","id":"c5b85ff32479948936fb363b2743a83176357f883ee1ef86c840444b07fbf36e","name":"recueil-30-2025-041-nominatifs du 07 03 2025","pdf_creation_date":"2025-03-07T14:56:32+00:00","pdf_modification_date":null,"timezone":"CET","url":"https://www.gard.gouv.fr/contenu/telechargement/62480/462613/file/recueil-30-2025-041-nominatifs%20du%2007%2003%202025.pdf"}
