{"administration":"pref80","administration_name":"Pr\u00e9fecture de la Somme","content":"PR\u00c9FET\nDE LA SOMME\nRECUEIL DES ACTES\nADMINISTRATIFS SP\u00c9CIAL\n(NOMINATIFS)\nN\u00b02024-177\nPUBLI\u00c9 LE 13 SEPTEMBRE 2024\nSommaire\nDirection D\u00e9partementale de la Protection des Populations /\n80-2024-09-03-00009 - Arr\u00eat\u00e9 pr\u00e9fectoral attribuant l'habilitation\nsanitaire \u00e0 Madame BOVY Lisa (2 pages) Page 4\nDirection d\u00e9partementale de l'emploi, du travail et des solidarit\u00e9s de\nla Somme (DDETS Somme) /\n80-2024-09-10-00003 - d\u00e9claration Myriam ADDA - MC CREA (2 pages) Page 7\n80-2024-09-09-00004 - d\u00e9claration Th\u00e9o DERUY - DERUY SERVICES (2\npages) Page 10\n80-2024-09-10-00004 - d\u00e9claration Thomas STACHOWITZ (2 pages) Page 13\n80-2024-09-09-00003 - d\u00e9claration Yasmine BENANNOUNE - CLEAN'UP (2\npages) Page 16\nDirection D\u00e9partementale des Territoires et de la Mer / service\nenvironnement et littoral\n80-2024-09-11-00004 - Arr\u00eat\u00e9 ordonnant \u00e0 M. MOUCHARD, lieutenant\nde louveterie, de proc\u00e9der \u00e0 la reprise et au transport d'un sanglier\nd\u00e9tenu sur la commune de Pend\u00e9 (2 pages) Page 19\n80-2024-09-09-00005 - D\u00c9CISION 22/2024 F\u00eate de l'eau les 21 et 22\nseptembre 2024 \u00e0 Abbeville (2 pages) Page 22\nDirection des Services D\u00e9partementaux de l'Education Nationale /\n80-2024-07-25-00005 - Arr\u00eat\u00e9 portant attribution de la m\u00e9daille de\nbronze de la jeunesse, des sports et de l'engagement associatif de la\npromotion du 14 Juillet 2024 (4 pages) Page 25\nDirection r\u00e9gionale de l'\u00e9conomie, de l'emploi, du travail et des\nsolidarit\u00e9s des Hauts de France (DREETS HDF)  /\n80-2024-09-09-00002 - d\u00e9cision DREETS n\u00b02024-T-Affectations 80-03\naffectation des agents de contr\u00f4le dans les unit\u00e9s de contr\u00f4le et\ngestion des int\u00e9rims\n (7 pages) Page 30\nPr\u00e9fecture de la Somme - Cabinet / Cabinet\n80-2024-09-11-00002 - AP 24/690 portant modification de la listes des\npersonnes autoris\u00e9es \u00e0 acc\u00e9der aux images de l'\u00e9tablissement\nBricoman \u00e0 Vauchelles-les-Quesnoy (2 pages) Page 38\n80-2024-09-11-00001 - AP 24/691 portant modification de la lite des\npersonnes autoris\u00e9es \u00e0 acc\u00e9der aux images de la commune de\nVillers-Bretonneux (2 pages) Page 41\nPr\u00e9fecture de la Somme - Direction de la Citoyennet\u00e9 et de la\nL\u00e9galit\u00e9 /\n80-2024-08-07-00003 - Arr\u00eat\u00e9 pr\u00e9fectoral portant nomination d'un\nr\u00e9gisseur d'\u00c9tat titulaire et d'un mandataire suppl\u00e9ant de police\nmunicipale de la commune de Pont-de-Metz (2 pages) Page 44\n2\nPr\u00e9fecture de la Somme - Direction de la Citoyennet\u00e9 et de la\nL\u00e9galit\u00e9 / Direction de la Citoyennet\u00e9 et de la L\u00e9galit\u00e9\n80-2024-09-10-00002 - Arr\u00eat\u00e9 Portant cr\u00e9ation de l'habilitation\nfun\u00e9raire n\u00b024-80-0117 de la SARL \"TRANSPORTS FUNERAIRES FIERAIN\"\nsise 519, rue du Bois Boullon \u00e0 DRUCAT 80132 (2 pages) Page 47\n80-2024-09-10-00001 - Arr\u00eat\u00e9 pr\u00e9fectoral du 10 septembre 2024\ninstituant la commission d'organisation des \u00e9lections au tribunal de\ncommerce d'Amiens en vue des scrutins des 2 et 15 octobre 2024 (2 pages) Page 50\nPr\u00e9fecture de la Somme - Sous-pr\u00e9fecture de P\u00e9ronne /\nSous-pr\u00e9fecture de P\u00e9ronne\n80-2024-09-10-00005 - 24 09 AP convoc \u00e9lections Mesnil Martinsart (2\npages) Page 53\n3\nDirection D\u00e9partementale de la Protection des\nPopulations\n80-2024-09-03-00009\nArr\u00eat\u00e9 pr\u00e9fectoral attribuant l'habilitation\nsanitaire \u00e0 Madame BOVY Lisa\nDirection D\u00e9partementale de la Protection des Populations - 80-2024-09-03-00009 - Arr\u00eat\u00e9 pr\u00e9fectoral attribuant l'habilitation\nsanitaire \u00e0 Madame BOVY Lisa 4\nPREFET  Direction  d\u00e9partementale\nDE LA SOMME  de la Protection  des populations\nLibert\u00e9  | dela  Somme  |\nEgalit\u00e9  |\nFraternit\u00e9\nArr\u00eat\u00e9  n\u00b0 DDPP80-2024-02293\n_ Arr\u00eat\u00e9  |\nattribuant  l'habilitation  sanitaire  \u00e0 Madame  BOVY  Lisa\nLe Pr\u00e9fet  de la Somme  \u2014\nCHEVALIER  DE LA LEGION  D'HONNEUR\nVu  le code  rural et de la p\u00eache  maritime  et notamment  ses articles  L. 203-1  \u00e0 L. 203-7,  L. 223-6,\nR. 203-1  \u00e0 R. 203-15  et R. 242-33  :\nVu le d\u00e9cret  n\u00b0 80-516  du 4 juillet  1980,  modifi\u00e9  par le d\u00e9cret  n\u00b0 90-1033  du 19 novembre  1990  et\npar le d\u00e9cret  2003-768  du 1\u00b0 ao\u00fbt  2003,  relatif  \u00e0 l'ex\u00e9cution  des mesures  de prophylaxie  collective\ndes  maladies  des animaux;  \u2014 |\nVu le d\u00e9cret  n\u00b0 2004-374  du 29 avril  2004  modifi\u00e9,  relatif  aux pouvoirs  des  pr\u00e9fets,  \u00e0 |' organisation\net a |' action  des services  de |' Etat dans  les r\u00e9gions  et d\u00e9partements  et notamment  son article  43 ;\nVu le d\u00e9cret  du 13 juillet 2023 portant  nomination  du Pr\u00e9fet de la Somme,  Monsieur  Rollon\nMOUCHEL-BLAISOT  \u00e0 compter  du 24 juillet  2023;  \u2014\nVu l'arr\u00eat\u00e9  du Premier  Ministre  du 13 octobre  2021  portant  nomination  de Madame  B\u00e9n\u00e9dicte  \u2014\nSCHMITZ,  Directrice  D\u00e9partementale  de la Protection  des Populations  de la Somme,  \u00e0 compter\ndu ler  novembre  2021;\nVu l'arr\u00eat\u00e9  pr\u00e9fectoral  du 26 ao\u00fbt 2022 portant  d\u00e9l\u00e9gation  de signature  en mati\u00e8re\nd'ordonnancement  secondaire  \u00e0 Madame  B\u00e9n\u00e9dicte  SCHMITZ,  directrice  d\u00e9partementale  de la\nProtection  des  Populations  de la Somme  ;\nConsid\u00e9rant  la demande  pr\u00e9sent\u00e9e  par Madame  BOVY  Lisa, n\u00e9e le 2 avril 1999  et domicili\u00e9\nprofessionnellement  \u00e0 la Clinique  V\u00e9t\u00e9rinaire  Eurolia  54 Route  de Saint-quentin  \u00e0 Ham  (80400)\nremplit  les conditions  permettant  | 'attribution  de l'habilitation  sanitaire;\nARR\u00caTE\nArticle  1\u00b0 :\nL'habilitation  sanitaire  pr\u00e9vue  \u00e0 l'article  L. 203-1  du code  rural  et de la p\u00eache  maritime  susvis\u00e9  est\nattribu\u00e9e  'pour  une dur\u00e9e  de cinq  ans  \u00e0 Madame  BOVY  Lisa,  docteur  v\u00e9t\u00e9rinaire\nadministrativement  domicili\u00e9  54 Route  de Saint-quentin  \u00e0 Ham  (80400)  ;\nArticle  2\nDans  la mesure  o\u00f9 les conditions  requises  ont \u00e9t\u00e9 respect\u00e9es,  cette  habilitation  sanitaire  est\nrenouvelable  par  p\u00e9riode  de cinq  ann\u00e9es  tacitement  reconduites  sous  r\u00e9serve  pour  le v\u00e9t\u00e9rinaire\nsanitaire  de justifier  \u00e0 l'issue  de chaque  p\u00e9riode  de trois  ans,  aupr\u00e8s  du Pr\u00e9fet  de la Somme,  du\nrespect  de ses obligations  de formation  continue  pr\u00e9vues  \u00e0 l' article  R.203-12.  |\nDirection D\u00e9partementale de la Protection des Populations - 80-2024-09-03-00009 - Arr\u00eat\u00e9 pr\u00e9fectoral attribuant l'habilitation\nsanitaire \u00e0 Madame BOVY Lisa 5\nArticle  3 |\nMadame  BOVY  Lisa s'engage  a respecter  les prescriptions  techniques,  administratives  et le cas\n\u00e9ch\u00e9ant  financi\u00e8res  de mise  en \u0153uvre  des  mesures  de pr\u00e9vention,  de surveillance  ou de lutte\nprescrites  par  l'autorit\u00e9  administrative  et des  op\u00e9rations  de police  sanitaire  ex\u00e9cut\u00e9es  en\napplication  de l'article  L. 203-7  du code  rural  et de la p\u00eache  maritime.\nArticle  4\nMadame  BOVY  Lisa  pourra  \u00eatre  appel\u00e9e  par  le Pr\u00e9fet  de ses d\u00e9partements  d'exercice  pour  la\nr\u00e9alisation  d'op\u00e9rations  de police  sanitaire  au sein  des  lieux  de d\u00e9tention  ou des  \u00e9tablissements\npour  lesquels  elle  a \u00e9t\u00e9 d\u00e9sign\u00e9e  v\u00e9t\u00e9rinaire  sanitaire.  Elle sera  tenue  de concourir  \u00e0 ces op\u00e9rations\nen application  des dispositions  de l'article  L. 203-7  du code  rural  et de la p\u00eache  maritime.\nArticle  5\nTout  manquement  ou faute  commis  dans  l'exercice  de  la pr\u00e9sente  habilitation  sanitaire\nentra\u00eenera  l'application  des  dispositions  pr\u00e9vues  aux  articles  R. 203-15,  R. 228-6  et suivants  du\ncode  rural  et de la p\u00eache  maritime.\nArticle  6 | | |\nLe pr\u00e9sent  arr\u00eat\u00e9  peut  faire  l'objet  d'un  recours  contentieux  devant  le Tribunal  Administratif\nd'Amiens  dans  le d\u00e9lai  de deux  mois  \u00e0 compter  de sa notification.  Le tribunal  administratif  peut\n\u00eatre  saisi  au moyen  de l'application  informatique  \u00ab T\u00e9l\u00e9recours  citoyens  \u00bb accessible  par  le biais  du\nsite  www.telerecours.fr.  Des  pr\u00e9cisions  sont  disponibles  \u00e0 l'adresse  suivante  : https://www.service-\npublic.fr/particuliers/vosdroits/F2474\nArticle  7\nLe Secr\u00e9taire  G\u00e9n\u00e9ral  de la Pr\u00e9fecture  et la Directrice  D\u00e9partementale  de la Protection  des\nPopulations  sont  charg\u00e9s,  chacun  en ce qui la concerne,  de l'ex\u00e9cution  du pr\u00e9sent  arr\u00eat\u00e9  qui sera\npubli\u00e9  au Recueil  des  Actes  Administratifs  de la Pr\u00e9fecture  de la Somme.\nFait  \u00e0 Amiens,  le 3 septembre  2024\nPour  l\u00e9 Pr\u00e9fet,  par  d\u00e9l\u00e9gation,\nLa Directrice  D\u00e9partementale  de la Protection\n7 des Populations  de lA Somme\nSD\nB\u00e9n\u00e9dicte  SCHMITZ\nCopie  : |\nMadam\u00e9  BOVY  Lisa\nDirection D\u00e9partementale de la Protection des Populations - 80-2024-09-03-00009 - Arr\u00eat\u00e9 pr\u00e9fectoral attribuant l'habilitation\nsanitaire \u00e0 Madame BOVY Lisa 6\nDirection d\u00e9partementale de l'emploi, du travail\net des solidarit\u00e9s de la Somme (DDETS Somme)\n80-2024-09-10-00003\nd\u00e9claration Myriam ADDA - MC CREA\nDirection d\u00e9partementale de l'emploi, du travail et des solidarit\u00e9s de la Somme (DDETS Somme) - 80-2024-09-10-00003 - d\u00e9claration\nMyriam ADDA - MC CREA 7\nPREFET  | ; | ;\nDE LA SOMME  Direction  d\u00e9partementale  de l'emploi,\ngi du travail  et des solidarit\u00e9s  de la Somme\u00c9galit\u00e9\nFraternit\u00e9\nR\u00e9c\u00e9piss\u00e9  de d\u00e9claration\nd'un  organisme  de services  \u00e0 la personne\nenregistr\u00e9  sous  le N\u00b0 SAP901410969\nVu le code  du travail  et notamment  les articles  L.7231-1  \u00e0 L.7233-2,  R.7232-16  \u00e0 R.7232-22,  D.7231-1  et\nD.7233-1  \u00e0 D.7233-5  ;\nLe pr\u00e9fet  de la Somme\nConstate  :\nQu'une  d\u00e9claration  d'activit\u00e9s  de services  \u00e0 la personne  a \u00e9t\u00e9 d\u00e9pos\u00e9e  aupr\u00e8s  du service  instructeur\nde la Somme,  le 28/08/2024  par madame  Myriam  ADDA,  en qualit\u00e9  de dirigeant(e),  pour  l'organisme\nMC CREA  dont  l'\u00e9tablissement  principal  est situ\u00e9  7 rue du docteur  Louis  Fafet  - 80 080  AMIENS  et\nenregistr\u00e9  sous  le N\u00b0 SAP901410969  pour  les activit\u00e9s  suivantes  :\ne Entretien  de la maison  et travaux  m\u00e9nagers  (mode  d'intervention  Mise  \u00e0 disposition,  Prestataire)\nToute  modification  concernant  les activit\u00e9s  exerc\u00e9es  devra  faire  l'objet  d'une  d\u00e9claration\nmodificative  pr\u00e9alable.\nSous  r\u00e9serve  d'\u00eatre  exerc\u00e9es  \u00e0 titre  exclusif  (ou sous  r\u00e9serve  d'une  comptabilit\u00e9  s\u00e9par\u00e9e  pour  les\npersonnes  morales  dispens\u00e9es  de cette  condition),  ces activit\u00e9s  ouvrent  droit  au b\u00e9n\u00e9fice  des\ndispositions  des  articles  L. 7233-2  du code  du travail  et L.241-10  du code  de la s\u00e9curit\u00e9  sociale  dans\nles conditions  pr\u00e9vues  par  ces  articles.\nLes effets  de la d\u00e9claration  courent  \u00e0 compter  du jour  du d\u00e9p\u00f4t  de la d\u00e9claration  sous  r\u00e9serve  des\ndispositions  de l'article  R.7232-18  du code  du travail.  Le pr\u00e9sent  r\u00e9c\u00e9piss\u00e9  n'est  pas limit\u00e9  dans  le\ntemps.  La d\u00e9claration  a une  port\u00e9e  nationale.\nLe cas  \u00e9ch\u00e9ant  :\nEn application  des  articles  L.7232-1  et R.7232-1  \u00e0 R.7232-15,  les activit\u00e9s  n\u00e9cessitant  un agr\u00e9ment\n(article  D.7231-1  du code  du travail)  n'ouvrent  droit  \u00e0 ces dispositions  que  si l'organisme  a\npr\u00e9alablement  obtenu  l'agr\u00e9ment  ou le renouvellement  de cet agr\u00e9ment  dans  le ou les d\u00e9partement(s)\nd'exercice  de ses activit\u00e9s.\nDe m\u00eame,  en application  de l'article  D.312-6-2  du code  de l'action  sociale  et des familles,  les activit\u00e9s\nn\u00e9cessitant  une  autorisation  n'ouvrent  droit  \u00e0 ces dispositions  que  si l'organisme  a pr\u00e9alablement\nobtenu  l'autorisation  ou le renouvellement  de cette  autorisation.\nL'enregistrement  de la d\u00e9claration  peut  \u00eatre  retir\u00e9  dans  les conditions  fix\u00e9es  aux  articles  R.7232-20  \u00e0\nR.7232-22  du code  du travail.\nLe pr\u00e9sent  r\u00e9c\u00e9piss\u00e9  sera  publi\u00e9  au recueil  des  actes  administratifs  de la pr\u00e9fecture.\nLe pr\u00e9sent  r\u00e9c\u00e9piss\u00e9  peut,  \u00e0 compter  de sa notification,  faire  l'objet  d'un  recours  gracieux  aupr\u00e8s\nservice  instructeur  de la Somme  ou d'un  recours  hi\u00e9rarchique  adress\u00e9  au ministre  charg\u00e9  de\nl'\u00e9conomie  - Direction  g\u00e9n\u00e9rale  des  entreprises  - sous-direction  des  services  marchands,  61\nBoulevard  Vincent  Auriol,  75 703  PARIS  CEDEX  13.\nIl peut  \u00e9galement  faire  l'objet  d'un  recours  contentieux  dans  un d\u00e9lai  de deux  mois  \u00e0 compter  de sa\nnotification  aupr\u00e8s  du tribunal  administratif  .\nLe tribunal  administratif  peut  aussi  \u00eatre  saisi  par l'application  informatique  \u00ab T\u00e9l\u00e9recours  citoyen  \u00bb\naccessible  sur le site  internet  http://www.telerecours.fr/\nDirection  d\u00e9partementale  de l'emploi,  du travail  et des solidarit\u00e9s  de la Somme  (DDETS  80)\n40 rue de la Vall\u00e9e  \u2014 BP 71 710  - 80 017  AMIENS  - standard  03 64 26 88 00\nddets-sap@somme.gouv.fr\nDirection d\u00e9partementale de l'emploi, du travail et des solidarit\u00e9s de la Somme (DDETS Somme) - 80-2024-09-10-00003 - d\u00e9claration\nMyriam ADDA - MC CREA 8\nEn cas de rejet  du recours  gracieux  ou hi\u00e9rarchique  ou en l'absence  de r\u00e9ponse  \u00e0 ce recours  (rejet\nimplicite),  un recours  contentieux  devant  le tribunal  administratif  peut  \u00e9galement  \u00e9tre  form\u00e9  contre\nla d\u00e9cision  initiale  dans  un d\u00e9lai  de deux  mois  4 compter  de ce rejet.\nFait  \u00e0 Amiens,  le 10/09/2024\nPour  le pr\u00e9fet  et par  d\u00e9l\u00e9gation,\n. |. P\na  j l'Emploi,  la directrice  d\u00e9partementaleDirection  D\u00e9partementale  de l'EMP : dete-DDETS  de la Somme\ndu Travail et des Solidarit\u00e9s  de la Somme,  a a\n40, rue de la Vall\u00e9e 80000 AMIENS  nn\nT\u00e9l. 03 64 26 88 00\nL\u00e6titia  CRETON\nDirection d\u00e9partementale de l'emploi, du travail et des solidarit\u00e9s de la Somme (DDETS Somme) - 80-2024-09-10-00003 - d\u00e9claration\nMyriam ADDA - MC CREA 9\nDirection d\u00e9partementale de l'emploi, du travail\net des solidarit\u00e9s de la Somme (DDETS Somme)\n80-2024-09-09-00004\nd\u00e9claration Th\u00e9o DERUY - DERUY SERVICES\nDirection d\u00e9partementale de l'emploi, du travail et des solidarit\u00e9s de la Somme (DDETS Somme) - 80-2024-09-09-00004 - d\u00e9claration\nTh\u00e9o DERUY - DERUY SERVICES 10\nPREFET\nDE LA SOMME  Direction  d\u00e9partementale  de I'emploi,\npr du travail  et des solidarit\u00e9s  de la Somme\nFraternit\u00e9\nR\u00e9c\u00e9piss\u00e9  de d\u00e9claration\nd'un  organisme  de services  \u00e0 la personne\nenregistr\u00e9  sous  le N\u00b0 SAP932240179\nVu le code  du travail  et notamment  les articles  L.7231-1  \u00e0 L.7233-2,  R.7232-16  \u00e0 R.7232-22,  D.7231-1  et\nD.7233-1  \u00e0 D.7233-5;\nLe pr\u00e9fet  de la Somme\nConstate  :\nQu'une  d\u00e9claration  d'activit\u00e9s  de services  \u00e0 la personne  a \u00e9t\u00e9 d\u00e9pos\u00e9e  aupr\u00e8s  du service  instructeur\nde la Somme,  le 31/08/2024  par monsieur  Th\u00e9o  DERUY,  en qualit\u00e9  de dirigeant(e),  pour  l'organisme\nDERUY  SERVICES  dont  l'\u00e9tablissement  principal  est situ\u00e9  50 rue Anatole  France  (appartement  n\u00b04)  -\n80 300  ALBERT  et enregistr\u00e9  sous  le N\u00b0 SAP932240179  pour  les activit\u00e9s  suivantes  :\n\u00ab Entretien  de la maison  et travaux  m\u00e9nagers  (mode  d'intervention  Prestataire)\n\u00ab Petits  travaux  de jardinage  (mode  d'intervention  Prestataire)\ne Travaux  de petit  bricolage  (mode  d'intervention  Prestataire)\n._ Livraison  de courses  \u00e0 domicile  (mode  d'intervention  Prestataire)\n+ Maintenance,  entretien  et vigilance  temporaires  \u00e0 domicile  (mode  d'intervention  Prestataire)\n\u00ab Assistance  informatique  \u00e0 domicile  (mode  d'intervention  Prestataire)\n. Assistance  administrative  \u00e0 domicile  (mode  d'intervention  Prestataire)\n. T\u00e9l\u00e9-assistance  et visio-assistance  (mode  d'intervention  Prestataire)\nToute  modification  concernant  les activit\u00e9s  exerc\u00e9es  devra  faire  l'objet  d'une  d\u00e9claration\nmodificative  pr\u00e9alable.\nSous  r\u00e9serve  d'\u00eatre  exerc\u00e9es  \u00e0 titre  exclusif  (ou sous  r\u00e9serve  d'une  comptabilit\u00e9  s\u00e9par\u00e9e  pour  les\npersonnes  morales  dispens\u00e9es  de cette  condition),  ces activit\u00e9s  ouvrent  droit  au b\u00e9n\u00e9fice  des\ndispositions  des articles  L. 7233-2  du code  du travail  et L.241-10  du code  de la s\u00e9curit\u00e9  sociale  dans\nles conditions  pr\u00e9vues  par  ces articles.\nLes effets  de la d\u00e9claration  courent  \u00e0 compter  du jour  du d\u00e9p\u00f4t  de la d\u00e9claration  sous  r\u00e9serve  des\ndispositions  de l'article  R.7232-18  du code  du travail.  Le pr\u00e9sent  r\u00e9c\u00e9piss\u00e9  n'est  pas limit\u00e9  dans  le\ntemps.  La d\u00e9claration  a une  port\u00e9e  nationale.\nLe cas \u00e9ch\u00e9ant  : :\nEn application  des articles  L.7232-1  et R.7232-1  \u00e0 R.7232-15,  les activit\u00e9s  n\u00e9cessitant  un agr\u00e9ment\n(article  D.7231-1  du code  du travail)  n'ouvrent  droit  \u00e0 ces dispositions  que  si l'organisme  a\npr\u00e9alablement  obtenu  l'agr\u00e9ment  ou le renouvellement  de cet agr\u00e9ment  dans  le ou les d\u00e9partement(s)\nd'exercice  de ses activit\u00e9s.\nDe m\u00eame,  en application  de l'article  D.312-6-2  du code  de l'action  sociale  et des familles,  les activit\u00e9s\nn\u00e9cessitant  une autorisation  n'ouvrent  droit  \u00e0 ces dispositions  que  si l'organisme  a pr\u00e9alablement\nobtenu  l'autorisation  ou le renouvellement  de cette  autorisation.\nL'enregistrement  de la d\u00e9claration  peut  \u00eatre  retir\u00e9  dans  les conditions  fix\u00e9es  aux articles  R.7232-20  \u00e0\nR.7232-22  du code  du travail.\nLe pr\u00e9sent  r\u00e9c\u00e9piss\u00e9  sera  publi\u00e9  au recueil  des actes  administratifs  de la pr\u00e9fecture.\nLe pr\u00e9sent  r\u00e9c\u00e9piss\u00e9  peut,  \u00e0 compter  de sa notification,  faire  l'objet  d'un  recours  gracieux  aupr\u00e8s\nservice  instructeur  de la Somme  ou d'un  recours  hi\u00e9rarchique  adress\u00e9  au ministre  charg\u00e9  de\nDirection  d\u00e9partementale  de l'emploi,  du travail  et des solidarit\u00e9s  de la Somme  (DDETS  80)\n40 rue de la Vall\u00e9e  \u2014 BP 71 710 - 80 017 AMIENS  - standard  03 64 26 88 00\nddets-sap@somme.gouv.fr\nDirection d\u00e9partementale de l'emploi, du travail et des solidarit\u00e9s de la Somme (DDETS Somme) - 80-2024-09-09-00004 - d\u00e9claration\nTh\u00e9o DERUY - DERUY SERVICES 11\nl'\u00e9conomie  - Direction  g\u00e9n\u00e9rale  des  entreprises  - sous-direction  des  services  marchands,  61\nBoulevard  Vincent  Auriol,  75 703  PARIS  CEDEX  13. |\nIl peut  \u00e9galement  faire  l'objet  d'un  recours  contentieux  dans  un d\u00e9lai  de deux  mois  \u00e0 compter  de sa\nnotification  aupr\u00e8s  du tribunal  administratif  .\nLe tribunal  administratif  peut  aussi  \u00eatre  saisi  par  l'application  informatique  \u00ab T\u00e9l\u00e9recours  citoyen  \u00bb\naccessible  sur le site  internet  http://www.telerecours.fr/\nEn cas  de rejet  du recours  gracieux  ou hi\u00e9rarchique  ou en l'absence  de r\u00e9ponse  \u00e0 ce recours  (rejet\nimplicite),  un recours  contentieux  devant  le tribunal  administratif  peut  \u00e9galement  \u00eatre  form\u00e9  contre\nla d\u00e9cision  initiale  dans  un d\u00e9lai  de deux  mois  \u00e0 compter  de ce rejet.\nFait  \u00e0 Amiens,  le 09/09/2024\nDirection  D\u00e9partementale  de l'Emploi,  Pour le pr\u00e9fet  et par d\u00e9l\u00e9gation,\n| idarit\u00e9 la directrice  d\u00e9partementaledu Travail et des Solidarit\u00e9s  de la Somme,\n40, rue de la Vall\u00e9e 80000 AMIENS de la DDETS de la Somme\nT\u00e9l. 03 64 26 88 00 CO _\u00c0\n=\nLaetitia  CRETON\nDirection d\u00e9partementale de l'emploi, du travail et des solidarit\u00e9s de la Somme (DDETS Somme) - 80-2024-09-09-00004 - d\u00e9claration\nTh\u00e9o DERUY - DERUY SERVICES 12\nDirection d\u00e9partementale de l'emploi, du travail\net des solidarit\u00e9s de la Somme (DDETS Somme)\n80-2024-09-10-00004\nd\u00e9claration Thomas STACHOWITZ\nDirection d\u00e9partementale de l'emploi, du travail et des solidarit\u00e9s de la Somme (DDETS Somme) - 80-2024-09-10-00004 - d\u00e9claration\nThomas STACHOWITZ 13\nPREFET\nDE LA SOMME  Direction  d\u00e9partementale  de l'emploi,\nfae  | du travail  et des solidarit\u00e9s  de la Somme\nFraternit\u00e9\nR\u00e9c\u00e9piss\u00e9  de d\u00e9claration\nd'un  organisme  de services  \u00e0 la personne\nenregistr\u00e9  sous  le N\u00b0 SAP930587464\nVu le code  du travail  et notamment  les articles  L.7231-1  \u00e0 L.7233-2,  R.7232-16  \u00e0 R.7232-22,  D.7231-1  et\nD.7233-1  \u00e0 D.7233-5;\nLe pr\u00e9fet  de la Somme\nConstate  :\nQu'une  d\u00e9claration  d'activit\u00e9s  de services  \u00e0 la personne  a \u00e9t\u00e9 d\u00e9pos\u00e9e  aupr\u00e8s  du service  instructeur\nde la Somme,  le 24/07/2024  par monsieur  Thomas  STACHOWITZ,  en qualit\u00e9  de dirigeant(e),  pour\nl'organisme  dont  l'\u00e9tablissement  principal  est situ\u00e9  23 r\u00e9sidence  du Bel-Air  - 80 800 VILLERS-\nBRETONNEUX  et enregistr\u00e9  sous  le N\u00b0 SAP930587464  pour  les activit\u00e9s  suivantes  :\n\u00ab Soutien  scolaire  ou cours  \u00e0 domicile  (mode  d'intervention  Prestataire)\n\u00ab Entretien  de la maison  et travaux  m\u00e9nagers  (mode  d'intervention  Prestataire)\n- Petits  travaux  de jardinage  (mode  d'intervention  Prestataire):\n+ Travaux  de petit  bricolage  (mode  d'intervention  Prestataire)\n+ Pr\u00e9paration  de repas  \u00e0 domicile  (mode  d'intervention  Prestataire)\n- Livraison  de repas  \u00e0 domicile  (mode  d'intervention  Prestataire)\n\u00ab Livraison  de courses  \u00e0 domicile  (mode  d'intervention  Prestataire)\n\u00ab Maintenance,  entretien  et vigilance  temporaires  \u00e0 domicile  (mode  d'intervention  Prestataire)\n\u00ab Assistance  aux personnes  ayant  besoin  d'une  aide  temporaire  \u00e0 leur domicile  (mode\nd'intervention  Prestataire)\nToute  modification  concernant  les activit\u00e9s  exerc\u00e9es  devra  faire  l'objet  d'une  d\u00e9claration\n. modificative  pr\u00e9alable.\nSous r\u00e9serve d'\u00eatre exerc\u00e9es  \u00e0 titre exclusif  (ou sous r\u00e9serve d'une comptabilit\u00e9  s s\u00e9par\u00e9e  pour les\npersonnes  morales  dispens\u00e9es  de cette  condition),  ces activit\u00e9s  ouvrent  droit  au b\u00e9n\u00e9fice  des\ndispositions  des articles  L. 7233-2  du code  du travail  et L.241-10  du code  de la s\u00e9curit\u00e9  sociale  dans\nles conditions  pr\u00e9vues  par ces articles.\nLes effets  de la d\u00e9claration  courent  \u00e0 compter  du jour  du d\u00e9p\u00f4t  de la d\u00e9claration  sous  r\u00e9serve  des\ndispositions  de l'article  R.7232-18  du code  du travail.  Le pr\u00e9sent  r\u00e9c\u00e9piss\u00e9  n'est  pas limit\u00e9  dans  le\ntemps.  La d\u00e9claration  a une  port\u00e9e  nationale.\nLe cas \u00e9ch\u00e9ant  :\nEn application  des articles  L.7232-1  et R.7232-1  \u00e0 R.7232-15,  les activit\u00e9s  n\u00e9cessitant  un agr\u00e9ment\n(article  D.7231-1  du code  du travail)  n'ouvrent  droit  \u00e0 ces dispositions  que si l'organisme  a\npr\u00e9alablement  obtenu  l'agr\u00e9ment  ou le renouvellement  de cet agr\u00e9ment  dans  le ou les d\u00e9partement(s)\nd'exercice  de ses activit\u00e9s.\nDe m\u00eame,  en application  de l'article  D.312-6-2  du code  de l'action  sociale  et des familles,  les activit\u00e9s\nn\u00e9cessitant  une autorisation  n'ouvrent  droit  \u00e0 ces dispositions  que si l'organisme  a pr\u00e9alablement\nobtenu  l'autorisation  ou le renouvellement  de cette  autorisation.\nL'enregistrement  de la d\u00e9claration  peut  \u00eatre  retir\u00e9  dans  les conditions  fix\u00e9es  aux articles  R.7232-20  \u00e0\nR.7232-22  du code  du travail.\nLe pr\u00e9sent  r\u00e9c\u00e9piss\u00e9  sera  publi\u00e9  au recueil  des actes  administratifs  de la pr\u00e9fecture.\nDirection  d\u00e9partementale  de l'emploi,  du travail  et des solidarit\u00e9s  de la Somme  (DDETS  80)\n40 rue de la Vall\u00e9e  \u2014 BP 71 710 - 80 017 AMIENS  - standard  03 64 26 88 00\nddets-sap@somme.gouv.fr\nDirection d\u00e9partementale de l'emploi, du travail et des solidarit\u00e9s de la Somme (DDETS Somme) - 80-2024-09-10-00004 - d\u00e9claration\nThomas STACHOWITZ 14\nLe pr\u00e9sent  r\u00e9c\u00e9piss\u00e9  peut,  a compter  de sa notification,  faire  l'objet  d'un  recours  gracieux  aupr\u00e9s\nservice  instructeur  de la Somme  ou d'un  recours  hi\u00e9rarchique  adress\u00e9  au ministre  charg\u00e9  de\nl'\u00e9conomie  - Direction  g\u00e9n\u00e9rale  des  entreprises  - sous-direction  des  services  marchands,  61\nBoulevard  Vincent  Auriol,  75 703  PARIS  CEDEX  13.\nIl peut  \u00e9galement  faire  l'objet  d'un  recours  contentieux  dans  un d\u00e9lai  de deux  mois  \u00e0 compter  de sa\nnotification  aupr\u00e8s  du tribunal  administratif  .\nLe tribunal  administratif  peut  aussi  \u00eatre  saisi  par  l'application  informatique  \u00ab T\u00e9l\u00e9recours  citoyen  \u00bb\naccessible  sur le site  internet  http://www.telerecours.fr/\nEn cas  de rejet  du recours  gracieux  ou hi\u00e9rarchique  ou en l'absence  de r\u00e9ponse  \u00e0 ce recours  (rejet\nimplicite),  Un recours  contentieux  devant  le tribunal  administratif  peut  \u00e9galement  \u00eatre  form\u00e9  contre\nla d\u00e9cision  initiale  dans  un d\u00e9lai  de deux  mois  \u00e0 compter  de ce rejet.\nFait  \u00e0 Amiens,  le 10/09/2024\nDirection D\u00e9partementale  de l'Emploi, | Peur le pr\u00e9fet met d\u00e9l\u00e9gation,\n| idarit\u00e9 5 irectricdu Travail  et des Solidarit\u00e9s  de la SOMME,  ste  DD e dela San\n40, rue de la Vall\u00e9e 80000  AMIENS  Fe, \\ me\nT\u00e9l. 03 64 26 88 00 C | as 7\nLetitia  CRETON\nDirection d\u00e9partementale de l'emploi, du travail et des solidarit\u00e9s de la Somme (DDETS Somme) - 80-2024-09-10-00004 - d\u00e9claration\nThomas STACHOWITZ 15\nDirection d\u00e9partementale de l'emploi, du travail\net des solidarit\u00e9s de la Somme (DDETS Somme)\n80-2024-09-09-00003\nd\u00e9claration Yasmine BENANNOUNE - CLEAN'UP\nDirection d\u00e9partementale de l'emploi, du travail et des solidarit\u00e9s de la Somme (DDETS Somme) - 80-2024-09-09-00003 - d\u00e9claration\nYasmine BENANNOUNE - CLEAN'UP 16\nPREFET  Le.  . |\nDE LA SOMME  Direction  d\u00e9partementale  de l'emploi,\nLibert\u00e9 du travail  et des  solidarit\u00e9s  de la Somme\nEgalit\u00e9\nFraternit\u00e9\nR\u00e9c\u00e9piss\u00e9  de d\u00e9claration\nd'un  organisme  de services  \u00e0 la personne\nenregistr\u00e9  sous  le N\u00b0 SAP930298955\nVu le code  du travail  et notamment  les articles  L.7231-1  \u00e0 L.7233-2,  R.7232-16  \u00e0 R.7232-22,  D.7231-1  et\nD.7233-1  \u00e0 D.7233-5  ;\nLe pr\u00e9fet  de la Somme\nConstate  :\nQu'une  d\u00e9claration  d'activit\u00e9s  de services  \u00e0 la personne  a \u00e9t\u00e9 d\u00e9pos\u00e9e  aupr\u00e8s  du service  instructeur\nde la Somme,  le 01/07/2024  par madame  Yasmine  BENANNOUNE,  en qualit\u00e9  de dirigeant(e),  pour\nl'organisme  CLEAN'UP  dont  l'\u00e9tablissement  principal  est situ\u00e9  40 rue de la fosse  au lait - 80 000\nAMIENS  et enregistr\u00e9  sous  le N\u00b0 SAP930298955  pour  les activit\u00e9s  suivantes  :\n\u00ab Entretien  de la maison  et travaux  m\u00e9nagers  (mode  d'intervention  Mandataire,  Prestataire)\n\u00a2 Travaux  de petit  bricolage  (mode  d'intervention  Mandataire,  Prestataire)\n+ Pr\u00e9paration  de repas  \u00e0 domicile  (mode  d'intervention  Mandataire,  Prestataire)\nToute  modification  concernant  les activit\u00e9s  exerc\u00e9es  devra  faire  l'objet  d'une  d\u00e9claration\nmodificative  pr\u00e9alable.  .\nSous  r\u00e9serve  d'\u00eatre  exerc\u00e9es  \u00e0 titre  exclusif  (ou sous  r\u00e9serve  d'une  comptabilit\u00e9  s\u00e9par\u00e9e  pour  les\npersonnes  morales  dispens\u00e9es  de cette  condition),  ces activit\u00e9s  ouvrent  droit  au b\u00e9n\u00e9fice  des\ndispositions  des articles  L. 7233-2  du code  du travail  et L.241-10  du code  de la s\u00e9curit\u00e9  sociale  dans\nles conditions  pr\u00e9vues  par  ces articles.\nLes effets  de la d\u00e9claration  courent  \u00e0 compter  du jour  du d\u00e9p\u00f4t  de la d\u00e9claration  sous  r\u00e9serve  des\ndispositions  de l'article  R.7232-18  du code  du travail.  Le pr\u00e9sent  r\u00e9c\u00e9piss\u00e9  n'est  pas limit\u00e9  dans  le\ntemps.  La d\u00e9claration  a une  port\u00e9e  nationale.\nLe cas \u00e9ch\u00e9ant  :\nEn application  des articles  L.7232-1  et R.7232-1  \u00e0 R.7232-15,  les activit\u00e9s  n\u00e9cessitant  un agr\u00e9ment\n(article  D.7231-1  du code  du travail)  n'ouvrent  droit  \u00e0 ces dispositions  que  si l'organisme  a\npr\u00e9alablement  obtenu  l'agr\u00e9ment  ou le renouvellement  de cet agr\u00e9ment  dans  le ou les d\u00e9partement(s)\nd'exercice  de ses activit\u00e9s.\nDe m\u00eame,  en application  de l'article  D.312-6-2  du code  de l'action  sociale  et des familles,  les activit\u00e9s\nn\u00e9cessitant  une autorisation  n'ouvrent  droit  \u00e0 ces dispositions  que  si l'organisme  a pr\u00e9alablement\nobtenu  l'autorisation  ou le renouvellement  de cette  autorisation.\nL'enregistrement  de la d\u00e9claration  peut  \u00eatre  retir\u00e9  dans  les conditions  fix\u00e9es  aux articles  R.7232-20  \u00e0\nR.7232-22  du code  du travail.  |\nLe pr\u00e9sent  r\u00e9c\u00e9piss\u00e9  sera  publi\u00e9  au recueil  des actes  administratifs  de la pr\u00e9fecture.\nLe pr\u00e9sent  r\u00e9c\u00e9piss\u00e9  peut,  \u00e0 compter  de sa notification,  faire  l'objet  d'un  recours  gracieux  aupr\u00e8s\nservice  instructeur  de la Somme  o\u00f9 d'un  recours  hi\u00e9rarchique  adress\u00e9  au ministre  charg\u00e9  de\nl'\u00e9conomie  - Direction  g\u00e9n\u00e9rale  des entreprises  \u2014 sous-direction  des services  marchands,  61\nBoulevard  Vincent  Auriol,  75 703  PARIS  CEDEX  13.\nIl peut  \u00e9galement  faire  l'objet  d'un  recours  contentieux  dans  un d\u00e9lai  de deux  mois  \u00e0 compter  de sa\nnotification  aupr\u00e8s  du tribunal  administratif  .\nDirection  d\u00e9partementale  de l'emploi,  du travail  et des solidarit\u00e9s  de la Somme  (DDETS  80)\n40 rue de la Vall\u00e9e  \u2014 BP 71 710 - 80 017 AMIENS  - standard  03 64 26 88 00\nddets-sap@somme.qouv.fr\nDirection d\u00e9partementale de l'emploi, du travail et des solidarit\u00e9s de la Somme (DDETS Somme) - 80-2024-09-09-00003 - d\u00e9claration\nYasmine BENANNOUNE - CLEAN'UP 17\nLe tribunal  administratif  peut  aussi  \u00eatre  saisi  par  l'application  informatique  \u00ab T\u00e9l\u00e9recours  citoyen  \u00bb\naccessible  sur le site  internet  http://www.telerecours.fr/\nEn cas  de rejet  du recours  gracieux  ou hi\u00e9rarchique  ou en l'absence  de r\u00e9ponse  \u00e0 ce recours  (rejet\nimplicite),  un recours  contentieux  devant  le tribunal  administratif  peut  \u00e9galement  \u00eatre  form\u00e9  contre\nla d\u00e9cision  initiale  dans  un d\u00e9lai  de deux  mois  \u00e0 compter  de ce rejet.\nFait  \u00e0 Amiens,  le 09/09/2024\nDirection  D\u00e9partementale  de l'Emploi\ndu Travail et des Solidarit\u00e9s  de la Somme,\n40, rue de la Vall\u00e9e 80000 AMIENS\nT\u00e9l. 03 64 26 88 00. Pour  le pr\u00e9fet  et par  d\u00e9l\u00e9gation,\nla directrice  d\u00e9partementale\nde la DDETS  de la Somme\n(\net\nLaetitia  CRETON\nDirection d\u00e9partementale de l'emploi, du travail et des solidarit\u00e9s de la Somme (DDETS Somme) - 80-2024-09-09-00003 - d\u00e9claration\nYasmine BENANNOUNE - CLEAN'UP 18\nDirection D\u00e9partementale des Territoires et de\nla Mer\n80-2024-09-11-00004\nArr\u00eat\u00e9 ordonnant \u00e0 M. MOUCHARD, lieutenant\nde louveterie, de proc\u00e9der \u00e0 la reprise et au\ntransport d'un sanglier d\u00e9tenu sur la commune\nde Pend\u00e9\nDirection D\u00e9partementale des Territoires et de la Mer - 80-2024-09-11-00004 - Arr\u00eat\u00e9 ordonnant \u00e0 M. MOUCHARD, lieutenant de\nlouveterie, de proc\u00e9der \u00e0 la reprise et au transport d'un sanglier d\u00e9tenu sur la commune de Pend\u00e9 19\nEn  | RANCE\nPR\u00c9FET  Direction  d\u00e9partementale  NATION\nLE SOMME  des territoires  et de la mer M ERTE }\nmai  de la Somme\nARR\u00caT\u00c9\nordonnant  \u00e0 M. MOUCHARD,  lieutenant  de louveterie,  de proc\u00e9der  \u00e0 la\nreprise  et au transport  d'un  sanglier  d\u00e9tenu  sur la commune  de Pend\u00e9\nLE PR\u00c9FET  DE LA SOMME\nCHEVALIER  DE LA L\u00c9GION  D'HONNEUR\nVu le code  de l'environnement,  notamment  les articles,  L.424-8,  L.427-1  \u00e0 L.427-3  et R427-1  \u00e0\nR.427-3  ;\nVu le d\u00e9cret  n\u00b02004-374  du 29 avril 2004  modifi\u00e9,  relatif  aux pouvoirs  des pr\u00e9fets,  a\nl'organisation  et \u00e0 l'action  des services  de l'\u00c9tat  dans  les r\u00e9gions  et les d\u00e9partements  ;\nVu le d\u00e9cret  du 13 juillet  2023  nommant  Monsieur  Rollon  MOUCHEL-BLAISOT,  Pr\u00e9fet  de la\nSomme  ;\nVu l'arr\u00eat\u00e9  du Premier  ministre  et du ministre  de l'Int\u00e9rieur  et des Outre-mer  du 12 juin 2024\nportant  nomination  de M. Xavier  ROUSSET,  ing\u00e9nieur  g\u00e9n\u00e9ral  des ponts,  des eaux  et des for\u00eats\nde classe  normale,  directeur  d\u00e9partemental  des territoires  et de la mer de la Somme  \u00e0\ncompter  du 24 juin  2024  ;\nVu l'arr\u00eat\u00e9  pr\u00e9fectoral  du 24 juin 2024 portant  d\u00e9l\u00e9gation  de signature  g\u00e9n\u00e9rale  \u00e0 M. Xavier\nROUSSET,  directeur  d\u00e9partemental  des territoires  et de la mer  de la Somme  :\nConsid\u00e9rant  le signalement  d'un  sanglier  d\u00e9tenu  par un particulier  sur la commune  de Pend\u00e9  ;\nConsid\u00e9rant  qu'il  s'agit  d'un  jeune  sanglier  d\u00e9sorient\u00e9  et qu'il  s'av\u00e8re  opportun  de remettre\ncet animal  dans  un milieu  adapt\u00e9  \u00e0 sa biologie  ;\nConsid\u00e9rant  les enjeux  de s\u00e9curit\u00e9  et de sant\u00e9  publique;\nSur proposition  du directeur  d\u00e9partemental  des territoires  et de la mer  ;\nARR\u00caTE\nArticle  1er. - Monsieur  Marc  MOUCHARD,  lieutenant  de louveterie  de la 2\u00e8me  circonscription,\nest requis  pour  reprendre  et transporter  le sanglier  d\u00e9tenu  chez  un particulier  sur la commune\nde Pend\u00e9  afin  de le rel\u00e2cher  dans  le milieu  naturel.\nMonsieur  Marc  MOUCHARD  pourra  se faire  repr\u00e9senter  ou accompagner  par tout  autre\nlieutenant  de louveterie  de son choix  et pourra  solliciter  le concours  de la gendarmerie  de la\nSomme.\nDirection D\u00e9partementale des Territoires et de la Mer - 80-2024-09-11-00004 - Arr\u00eat\u00e9 ordonnant \u00e0 M. MOUCHARD, lieutenant de\nlouveterie, de proc\u00e9der \u00e0 la reprise et au transport d'un sanglier d\u00e9tenu sur la commune de Pend\u00e9 20\nArticle  2. - Le pr\u00e9sent  arr\u00eat\u00e9  vaut  autorisation  d'abattage  et d'enfouissement  si la capture  de\nl'animal  et son transport  s'av\u00e8re  impossible  ou dangereux  au regard  de la sant\u00e9  publique  oude\nson  \u00e9tat  physique.\nArticle  3.- Les op\u00e9rations  de reprise  ont lieu du 9 au 15 septembre  2024.\nArticle  4. - Un compte-rendu  des op\u00e9rations  est \u00e9tabli  par Monsieur  Marc  MOUCHARD  et\nadress\u00e9  \u00e0 la direction  d\u00e9partementale  des territoires  et de la mer  de la Somme  \u00e0 l'issue  de\nl'intervention.\nArticle  5. \u2014- La pr\u00e9sente  d\u00e9cision  est susceptible  de faire  l'objet  d'un  recours  contentieux\ndevant  le tribunal  administratif  d'Amiens  \u2014 14, rue Lemerchier  - 80011  Amiens  cedex  1 \u2014 dans\nun d\u00e9lai  de deux  mois  \u00e0 compter  de sa publication  au recueil  des actes  administratifs  de la\nSomme.  Le tribunal  administratif  peut  \u00e9galement  \u00eatre  saisi,  dans  le m\u00eame  d\u00e9lai,  par\nl'interm\u00e9diaire  de l'application  \u00abt\u00e9l\u00e9recours  citoyen\u00bb  accessible  sur le site\nwww.telerecours.fr.\nArticle  6. - Le directeur  d\u00e9partemental  des territoires  et de la mer de la Somme,  le\ncommandant  du groupement  de gendarmerie  d\u00e9partementale  de la Somme,  le maire  de la\ncommune  de Pend\u00e9,  et le lieutenant  de louveterie  sont  charg\u00e9s,  chacun  en ce qui le concerne,\nde l'ex\u00e9cution  du pr\u00e9sent  arr\u00eat\u00e9.  |\nAmiens,  le { { SEP. 2024\nLe directeur  d\u00e9partemental  des territoires\nDirection D\u00e9partementale des Territoires et de la Mer - 80-2024-09-11-00004 - Arr\u00eat\u00e9 ordonnant \u00e0 M. MOUCHARD, lieutenant de\nlouveterie, de proc\u00e9der \u00e0 la reprise et au transport d'un sanglier d\u00e9tenu sur la commune de Pend\u00e9 21\nDirection D\u00e9partementale des Territoires et de\nla Mer\n80-2024-09-09-00005\nD\u00c9CISION 22/2024 F\u00eate de l'eau les 21 et 22\nseptembre 2024 \u00e0 Abbeville\nDirection D\u00e9partementale des Territoires et de la Mer - 80-2024-09-09-00005 - D\u00c9CISION 22/2024 F\u00eate de l'eau les 21 et 22 septembre\n2024 \u00e0 Abbeville 22\n\u2014 FRANCEPR\u00c9FET  Direction  d\u00e9partementale  MATION\nDE LA SOMME  des territoires  et de la mer VERTE  )Lsberie  \ng Egalit\u00e9  = de la So mme  Agir \u00bb Mobiliser  - Acc\u00e9l\u00e9rer\nFraterant\u00e9\nD\u00c9CISION  22/2024\nF\u00eate  de l'eau  les 21 et 22 septembre  2024\n\u00e0 Abbeville\nLE PR\u00c9FET  DE LA SOMME\nCHEVALIER  DE LA L\u00c9GION  D'HONNEUR\nVU le code  des  transports  ;\nVU les articles  L.2132-7  et L.2132-8  du code  g\u00e9n\u00e9ral  de la propri\u00e9t\u00e9  des personnes  publiques  ;\nVU le d\u00e9cret  n\u00b0 2012-1556  du 28 d\u00e9cembre  2012  d\u00e9terminant  la liste  des mesures  temporaires\nd'interruption  ou de modification  des  conditions  de la navigation  pouvant  \u00eatre  prises  par le\ngestionnaire  de la voie  d'eau  ;\nVU le d\u00e9cret  du 13 juillet  2023  nommant  Monsieur  Rollon  MOUCHEL-BLAISOT,  pr\u00e9fet  de la Somme  ;\nVU l'arr\u00eat\u00e9  du 15 janvier  2024  portant  d\u00e9l\u00e9gation  de signature  \u00e0 Monsieur  Emmanuel  MOULARD,\nsecr\u00e9taire  g\u00e9n\u00e9ral  de la pr\u00e9fecture  de la Somme  ;\nVU l'arr\u00eat\u00e9  du Premier  ministre  et du Ministre  de l'int\u00e9rieur  et des Outre-mer  du 12 juin 2024  portant\nnomination  de Monsieur  Xavier  ROUSSET,  ing\u00e9nieur  g\u00e9n\u00e9ral  des ponts,  des eaux  et des for\u00eats  de classe\nnormale,  directeur  d\u00e9partemental  des territoires  et de la mer  de la Somme  \u00e0 compter  du 24 juin  2024  ;\nVU l'arr\u00eat\u00e9  pr\u00e9fectoral  du 24 juin  2024  portant  d\u00e9l\u00e9gation  de signature  g\u00e9n\u00e9rale  \u00e0 Monsieur  Xavier\nROUSSET,  directeur  d\u00e9partemental  des  territoires  et de la mer  de la Somme  ;\nVU l'arr\u00eat\u00e9  pr\u00e9fectoral  du 6 septembre  2024  portant  subd\u00e9l\u00e9gation  de signature  a Madame  Aur\u00e9lie\nSAISOU,  responsable  du bureau  de la police  de l'eau  de la direction  d\u00e9partementale  des territoires  et\nde la mer  de la Somme;\nVU la demande  et les pi\u00e8ces  aff\u00e9rentes  pr\u00e9sent\u00e9es  le 22 ao\u00fbt  2024  par Monsieur  Pascal  DEMARTHE,\nmaire  de la commune  d'Abbeville,  en vue d'\u00eatre  autoris\u00e9  \u00e0 organiser  la f\u00eate  de l'eau  \u00e0 Abbeville  le\nsamedi  21 septembre  2024  et le dimanche  22 septembre  2024  avec  une utilisation  de la voie  d'eau  de\n10h00  \u00e0 18h00.\nD\u00e9roulement  pr\u00e9visionnel  des  activit\u00e9s  :\n- triathlon,  chiens  sauveteurs,  bateaux  \u00e9lectriques  sur le canal  de la Somme  le long  du boulevard\nVoltaire,\n- bateaux,  d\u00e9monstrations  pompiers,  show  de jetski  quai  de la Pointe  le long  du port,\n- paddle,  kayak,  aviron  chemin  des Canotiers  et entre  Abbeville  et Grand-Laviers,\n- tir d'un  feu d'artifice  rive droite  de la Somme  le 21 septembre  2024  de 22h00  \u00e0 23h00.\nVU l'avis  du gestionnaire  du domaine  public  fluvial  du 6 septembre  2024,  compl\u00e9t\u00e9  le 9 septembre\n2024  ;\nDirection D\u00e9partementale des Territoires et de la Mer - 80-2024-09-09-00005 - D\u00c9CISION 22/2024 F\u00eate de l'eau les 21 et 22 septembre\n2024 \u00e0 Abbeville 23\nSur proposition  de Madame  Aur\u00e9lie  SAISOU,  responsable  du bureau  de la police  de l'eau  de la direction\nd\u00e9partementale  des  territoires  et de la mer  de la Somme  ;\nD\u00c9CIDE\nArticle  1er : Monsieur  Pascal  DEMARTHE,  maire  de la commune  d'Abbeville,  est autoris\u00e9  \u00e0 organiser  la\nf\u00eate  de l'eau  \u00e0 Abbeville  le samedi  21 septembre  2024  et le dimanche  22 septembre  2024  avec  une\nutilisation  de la voie  d'eau  de 10h00  \u00e0 18h00.\nAfin  d'assurer  la s\u00e9curit\u00e9  des spectacles,  la navigation  est interdite  sur l'emprise  du quai  de la Pointe  \u00e0\nAbbeville  le dimanche  22 septembre  2024  durant  chaque  d\u00e9monstration.\nLes r\u00e8gles  de navigation  et de priorit\u00e9  lors de l'utilisation  de la voie  d'eau  doivent  \u00eatre  respect\u00e9es  et\nrappel\u00e9es  aux  usagers.\nChaque  participant  doit  porter  un gilet  de flottaison.\nL'organisateur  doit  identifier  et signaler  les points  n\u00e9cessitant  une  vigilance  particuli\u00e8re.\nPour  l'organisation  du feu d'artifice,  les arr\u00eat\u00e9s  relatifs  \u00e0 la circulation  sur les rives  de la Somme  sont\npris par la commune  d'Abbeville  ; la navigation  est interdite  le samedi  21 septembre  2024  de 20h00  a\n23h30  du port  d'Abbeville  (quai  de la Pointe)  \u00e0 la confluence  du canal  de Transit  et de la rivi\u00e8re\nSomme.\nSur l'ensemble  des deux  journ\u00e9es,  l'organisateur  doit  mettre  en place  un point  d'information  en vue\nd'informer  et de sensibiliser  les participants  aux enjeux  biodiversit\u00e9  sur lesquels  se d\u00e9roule  la\nmanifestation  notamment  pour  une  protection  de la faune  et de la flore  pr\u00e9sentes;  les diff\u00e9rents\nd\u00e9chets  g\u00e9n\u00e9r\u00e9s  doivent  \u00eatre  ramass\u00e9s  \u00e0 l'issue  de la manifestation.\nArticle  2: Les usagers  de la voie  d'eau  se conforment  strictement  aux ordres  des agents  du service\ngestionnaire  de la voie  d'eau.\nArticle  3 : Les droits  des  tiers  sont  et demeurent  express\u00e9ment  r\u00e9serv\u00e9s.\nArticle  4:La  pr\u00e9sente  autorisation  ne pr\u00e9juge  pas des autres  d\u00e9cisions  et/ou  autorisations\n\u00e9ventuellement  n\u00e9cessaires.  Les droits  des tiers  sont  et demeurent  express\u00e9ment  r\u00e9serv\u00e9s.\nArticle  5 : Voies  et d\u00e9lais  de recours\nLa pr\u00e9sente  d\u00e9cision  peut  faire  l'objet  d'un  recours  contentieux  devant  le tribunal  administratif\ncomp\u00e9tent,  conform\u00e9ment  \u00e0 l'article  R.514-3-1  du code  de l'environnement,  par les tiers  dans  un d\u00e9lai\nde deux  mois  \u00e0 compter  du premier  jour  de sa publication  ou de son affichage  en mairie,  et par le\nd\u00e9clarant  dans  un d\u00e9lai  de deux  mois  \u00e0 compter  de sa notification.  Cette  d\u00e9cision  peut  \u00e9galement  faire\nl'objet  d'un  recours  gracieux  ou hi\u00e9rarchique  dans  un d\u00e9lai  de deux  mois.  Ce recours  administratif\nprolonge  de deux  mois  les d\u00e9lais  mentionn\u00e9s  ci-dessus.\nLe tribunal  administratif  peut  \u00eatre  saisi  par l'application  T\u00e9l\u00e9recours  citoyen  accessible  sur le site\nwww.telerecours.fr.\nArticle  6:Le  secr\u00e9taire  g\u00e9n\u00e9ral  de la pr\u00e9fecture  de la Somme,  le directeur  d\u00e9partemental  des\nterritoires.et  de la mer  de la Somme,  le maire  de la commune  d'Abbeville,  sont  charg\u00e9s,  chacun  en ce\nqui le concerne,  de l'ex\u00e9cution  de la pr\u00e9sente  d\u00e9cision  qui fera  l'objet  d'une  publication  au recueil  des\nactes  administratifs.\nAmiens,  le 9 septembre  2024\nPour  le pr\u00e9fet  et par d\u00e9l\u00e9gation,  |\nLa responsable  du bureau  de la police\nde l'eau,\nAur\u00e9lie  SAISOU\nDirection D\u00e9partementale des Territoires et de la Mer - 80-2024-09-09-00005 - D\u00c9CISION 22/2024 F\u00eate de l'eau les 21 et 22 septembre\n2024 \u00e0 Abbeville 24\nDirection des Services D\u00e9partementaux de\nl'Education Nationale\n80-2024-07-25-00005\nArr\u00eat\u00e9 portant attribution de la m\u00e9daille de\nbronze de la jeunesse, des sports et de\nl'engagement associatif de la promotion du 14\nJuillet 2024\nDirection des Services D\u00e9partementaux de l'Education Nationale - 80-2024-07-25-00005 - Arr\u00eat\u00e9 portant attribution de la m\u00e9daille de\nbronze de la jeunesse, des sports et de l'engagement associatif de la promotion du 14 Juillet 2024 25\nACAD\u00c9MIE  | Direction  des services  d\u00e9partementaux  Service  d\u00e9partemental  \u00e0 la jeunesse,\nD'AMIEN  de l'\u00e9ducation  nationale  \u00e0 l'engagement  et aux sports\nFiend  ; de la Somme\nEgalit\u00e9\nFraternit\u00e9\nARRETE  N\u00b0 SD-MED-2024-02\naccordant  la m\u00e9daille  de bronze  de la jeunesse,  des sports  et de l'engagement  associatif\nau titre  de la promotion  du 14 juillet  2024\nLA RECTRICE  DE REGION  ACADEMIQUE  HAUTS-DE-FRANCE,\nRECTRICE  DE L'ACADEMIE  DE LILLE,\nCHANCELLIERE  DES  UNIVERSITES\nVu le d\u00e9cret  n\u00b0 70-26  du 8 janvier  1970  relatif  4 la m\u00e9daille  de la jeunesse  et des sports  ;\nVu le d\u00e9cret  n\u00b0 83-1035  du 22 novembre  1983  portant  modification  du d\u00e9cret  n\u00b0 69-942  du 14 octobre  1969  relatif  aux\ncaract\u00e9ristiques  et aux modalit\u00e9s  d'attribution  de la m\u00e9daille  de la jeunesse,  des sports  et de l'engagement  associatif  ;\nVu le d\u00e9cret  n\u00b0 2013-1191  du 18 d\u00e9cembre  2013  modifiant  le d\u00e9cret  n\u00b0 69-942  du 14 octobre  1969  modifi\u00e9  relatifs  aux\ncaract\u00e9ristiques  et aux modalit\u00e9s  d'attribution  de la m\u00e9daille  de la jeunesse,  des sports  et de l'engagement  associatif  ;\nVu le d\u00e9cret  n\u00b0 2004-374  du 29 avril 2004 relatif  aux pouvoirs  des pr\u00e9fets,  \u00e0 l'organisation  et \u00e0 l'action  des services  de l'\u00c9tat\ndans  les r\u00e9gions  et les d\u00e9partements,  modifi\u00e9  par le d\u00e9cret  n\u00b0 2010-146  du 16 f\u00e9vrier  2010  ;\nVu le d\u00e9cret  n\u00b02020-1542  du 9 d\u00e9cembre  2020  relatif  aux comp\u00e9tences  des autorit\u00e9s  acad\u00e9miques  dans  le domaine\ndes politiques  de la jeunesse,  de l'\u00e9ducation  populaire,  de la vie associative,  de l'engagement  civique  et des sports  et\n\u00e0 l'organisation  des services  charg\u00e9s  de leur  mise  en \u0153uvre  ;\nVu le d\u00e9cret  du 14 f\u00e9vrier  2018  portant  nomination  de Madame  Val\u00e9rie  CABUIL,  rectrice  de la r\u00e9gion  acad\u00e9mique  Hauts-\nde-France,  rectrice  de l'acad\u00e9mie  de Lille,  chanceli\u00e8re  des universit\u00e9s  ;\nVu le d\u00e9cret  du 7 novembre  2019  portant  nomination  de Monsieur  Gille  NEUVIALE  en qualit\u00e9  d'inspecteur\nd'acad\u00e9mie,  directeur  acad\u00e9mique  des services  d\u00e9partementaux  de l'\u00e9ducation  nationale  de la Somme  ;\nVu le d\u00e9cret  du 13 juillet  2023  portant  nomination  de Monsieur  Rollon  MOUCHEL-BLAISOT,  pr\u00e9fet  de la Somme  ;\nVu le d\u00e9cret  du 29 ao\u00fbt  2023  portant  nomination  de Madame  Nathalie  SIMONET,  directrice  acad\u00e9mique  adjointe  des\nservices  de l'\u00e9ducation  nationale  de la Somme  ;\nVu le protocole  r\u00e9gional  du 7 janvier  2021  entre  le pr\u00e9fet  de r\u00e9gion  et la rectrice  de r\u00e9gion  acad\u00e9mique  ;\nVu le protocole  d\u00e9partemental  du 16 janvier  2021  entre  le pr\u00e9fet  de la Somme  et la rectrice  de r\u00e9gion  acad\u00e9mique  ;\nVu I' arr\u00e9t\u00e9  n\u00b02021-007  portant  d\u00e9l\u00e9gation  de signature  sur le champ  des comp\u00e9tences  pr\u00e9fectorales  relevant  du service\nd\u00e9partemental  \u00e0 la jeunesse,  \u00e0 l'engagement  et aux sports  de la Somme  \u00e0 Monsieur  Gilles  NEUVIALE,  directeur\nacad\u00e9mique  des services  d\u00e9partementaux  de l'\u00e9ducation  nationale  de la Somme  ;\nDirection des Services D\u00e9partementaux de l'Education Nationale - 80-2024-07-25-00005 - Arr\u00eat\u00e9 portant attribution de la m\u00e9daille de\nbronze de la jeunesse, des sports et de l'engagement associatif de la promotion du 14 Juillet 2024 26\nVu l'arr\u00eat\u00e9  du 21 septembre  2023  subd\u00e9l\u00e9guant  la signature  accord\u00e9e  \u00e0 Monsieur  Gilles  NEUVIALE,  directeur\nacad\u00e9mique  des services  d\u00e9partementaux  de l'\u00e9ducation  nationale  de la Somme  a Madame  Nathalie  SIMONET,\ndirectrice  acad\u00e9mique  adjointe  des services  d\u00e9partementaux  de l'\u00e9ducation  nationale  de la Somme  ;\nVu l'avis  de la commission  d\u00e9partementale  charg\u00e9e  d'examiner  les candidatures  \u00e0 la m\u00e9daille  de bronze  de la jeunesse,\ndes sports  et de l'engagement  associatif  qui s'est  r\u00e9unie  le 27 juin  2024  pour  la promotion  du 14 juillet  2024.\nSur  proposition  du chef  du service  d\u00e9partemental  \u00e0 la jeunesse,  a l'engagement  et aux  sports  :\nARRETE\nArticle  1* : La m\u00e9daille  de bronze  de la jeunesse,  des sports  et de l'engagement  associatif  est d\u00e9cern\u00e9e  aux personnes  dont  les\nnoms  suivent  :\n1- Madame  Nicole  DARRAS  \u00e9pouse  GODEFROY\nB\u00e9n\u00e9vole  club  sportif  Longpr\u00e9  les corps  Saints\nSport\n2- Madame  Sylvie  LEBLOND  \u00e9pouse  FORESTIER\nB\u00e9n\u00e9vole  agence  r\u00e9gionale  de la langue  Picarde\nEngagement  associatif\n3- Madame  Jacqueline  CASSEL\nTr\u00e9sori\u00e8re  comit\u00e9  jumelage  d' Albert\nEngagement  associatif\n4- Madame  Anne  PLAISANT\nVice-Pr\u00e9sidente  association  Aspa\nSport\n5- Monsieur  S\u00e9bastien  ATHANE\nMembre  de l'association  En savoir  plus\nEngagement  associatif\n6- Monsieur  Herv\u00e9  MENTION\nMembre  du comit\u00e9  directeur  Ufolep\nSport\n7- Monsieur  Christophe  LEVEQUE\nMembre  club  karat\u00e9  Albert\nSport\n8- Monsieur  Jean-Claude  PIERI\nPr\u00e9sident  du comit\u00e9  des f\u00e9tes  de Glisy\nEngagement  associatif\n9- Monsieur  S\u00e9bastien  GUITTON\nCo-responsable  de la commission  r\u00e9gionale  sportive  UFOLEP  Hauts  de France\nSport\n10- Monsieur  Olivier  CORBIN\nMembre  association  cadets  de la gendarmerie\nEngagement  associatif\n11- Monsieur  Ludovic  BOCQUET\nDirigeant  association  Us Roye  Noyon\nSport\n2/3\nDirection des Services D\u00e9partementaux de l'Education Nationale - 80-2024-07-25-00005 - Arr\u00eat\u00e9 portant attribution de la m\u00e9daille de\nbronze de la jeunesse, des sports et de l'engagement associatif de la promotion du 14 Juillet 2024 27\n12- Monsieur  Philippe  CREPELLE\nMembre  des comit\u00e9s  des clubs  de tennis  de Rue-Le  Crotoy  et Villers  sous  Ailly\nSport\n13- Monsieur  Paul  BRESSOUS\nSecr\u00e9taire  de l'amicale  des jeunes  de Devise  et de \"la colombe  de Ham\"\nEngagement  associatif\n14- Monsieur  Christophe  MERLO\nSecr\u00e9taire  de la section  Somme  de l'association  nationale  des membres  de l'ordre  national  du m\u00e9rite\nEngagement  associatif\nArticle  2 : Le directeur  acad\u00e9mique  des services  de l'\u00e9ducation  nationale  de la Somme  est charg\u00e9  de l'ex\u00e9cution  du pr\u00e9sent\narr\u00eat\u00e9  qui sera publi\u00e9  au Recueil  des Actes  Administratifs  de la pr\u00e9fecture  de la Somme.\n3/3Amiens,  le 25 juillet  2024\nPour  la rectrice  de r\u00e9gion  acad\u00e9mique,\nLa directrice  acad\u00e9mique  adjointe  des services\nd\u00e9partementaux  de l'\u00e9ducation  nationale  de la Somme\nNT  Br\nNathalie  SIMONET\nDirection des Services D\u00e9partementaux de l'Education Nationale - 80-2024-07-25-00005 - Arr\u00eat\u00e9 portant attribution de la m\u00e9daille de\nbronze de la jeunesse, des sports et de l'engagement associatif de la promotion du 14 Juillet 2024 28\nDirection des Services D\u00e9partementaux de l'Education Nationale - 80-2024-07-25-00005 - Arr\u00eat\u00e9 portant attribution de la m\u00e9daille de\nbronze de la jeunesse, des sports et de l'engagement associatif de la promotion du 14 Juillet 2024 29\nDirection r\u00e9gionale de l'\u00e9conomie, de l'emploi,\ndu travail et des solidarit\u00e9s des Hauts de France\n(DREETS HDF) \n80-2024-09-09-00002\nd\u00e9cision DREETS n\u00b02024-T-Affectations 80-03\naffectation des agents de contr\u00f4le dans les\nunit\u00e9s de contr\u00f4le et gestion des int\u00e9rims\nDirection r\u00e9gionale de l'\u00e9conomie, de l'emploi, du travail et des solidarit\u00e9s des Hauts de France (DREETS HDF)  - 80-2024-09-09-00002\n- d\u00e9cision DREETS n\u00b02024-T-Affectations 80-03 affectation des agents de contr\u00f4le dans les unit\u00e9s de contr\u00f4le et gestion des int\u00e9rims 30\nEE  Direction  r\u00e9gionale  de l'\u00e9conomie,  de l'emploi,  du\nMINIST\u00c8RE  travail  et des  solidarit\u00e9s  Hauts-de-France\nDU TRAVAIL.\nDE LA SANTE  ;\nET DES  SOLIDARITES\nLibert\u00e9\n\u00c9galit\u00e9\nFraternit\u00e9\nDECISION  DREETS  HAUTS  DE FRANCE\nN\u00b02024-T  Affectations  80-03\nPORTANT  AFFECTATION  DES  AGENTS  DE CONTROLE  DANS  LES  UNITES  DE CONTROLE\nET GESTION  DES  INTERIMS\nDIRECTION  DEPARTEMENTALE  DE L'EMPLOI,  DU TRAVAIL  ET DES  SOLIDARITES  DE LA SOMME\nLE DIRECTEUR  REGIONAL  DE L'ECONOMIE,  DE L'EMPLOI,  DU TRAVAIL  ET DES  SOLIDARITES  DE LA\nREGION  HAUTS  DE FRANCE\nVu le code  du travail,  et notamment  ses articles  R. 8122-3  et R. 8122-6,\nVu le code  rural  et de la p\u00e9che  maritime,\nVu le d\u00e9cret  n\u00b0 2003-770  du 20 ao\u00fbt  2003  portant  statut  particulier  du corps  de l'inspection  du travail,\nVu le d\u00e9cret  n\u00b0 2014-359  du 20 mars  2014  relatif  \u00e0 l'organisation  du syst\u00e8me  d'inspection  du travail,\nVu le d\u00e9cret  n\u00b0 2020-1545  du 9 d\u00e9cembre  2020  relatif  \u00e0 l'organisation  et aux  missions  des  directions\nr\u00e9gionales  de l'\u00e9conomie,  de l'emploi,  du travail  et des  solidarit\u00e9s,  des  directions  d\u00e9partementales  de\nl'emploi,  du travail  et des  solidarit\u00e9s  et des  directions  d\u00e9partementales  de l'emploi,  du travail,  des\nsolidarit\u00e9s  et de la protection  des  populations  ;\nVu l'arr\u00eat\u00e9  minist\u00e9riel  du 18 octobre  2019  portant  cr\u00e9ation  et r\u00e9partition  des  unit\u00e9s  de contr\u00f4le  de\nl'inspection  du travail,\nVu l'arr\u00eat\u00e9  du 17 novembre  2022  portant  localisation  et d\u00e9limitation  des  unit\u00e9s  de contr\u00f4le  et des\nsections  d'inspection  du travail  pour  la r\u00e9gion  Hauts-de-France,\nVu l'arr\u00eat\u00e9  du 27 f\u00e9vrier  2023  portant  nomination  de M. Bruno  DROLEZ  sur l'emploi  de directeur  r\u00e9gional\nde l'\u00e9conomie,  de l'emploi,  du travail  et des  solidarit\u00e9s  des  Hauts-de-France,\nDECIDE\nDirection r\u00e9gionale de l'\u00e9conomie, de l'emploi, du travail et des solidarit\u00e9s des Hauts de France (DREETS HDF)  - 80-2024-09-09-00002\n- d\u00e9cision DREETS n\u00b02024-T-Affectations 80-03 affectation des agents de contr\u00f4le dans les unit\u00e9s de contr\u00f4le et gestion des int\u00e9rims 31\nArticle  1.1 : Les Inspecteurs  du travail  dont  les noms  suivent  sont  charg\u00e9s  des  actions  d'inspection  de la\nl\u00e9gislation  du travail  dans  les entreprises  relevant  des  sections  d'inspection  du travail  composant  l'Unit\u00e9\nde contr\u00f4le:\nResponsable  de l'Unit\u00e9  de contr\u00f4le  1 Amiens-Nord  : M. Jean-Philippe  WISCART,  Directeur-Adjoint  du\nTravail,  40 rue  de la Vall\u00e9e  80042  Amiens  Cedex  1.\nSection  01-01  - Amiens-Gamaches  : section  vacante\nSection  01-02  - Amiens-Mers  les Bains  : section  vacante\nSection  01-03  - Amiens-Abbeville  Centre:  M. Thibaut,  VILBERT  Directeur-Adjoint  du travail  Inspectant\nSection  01-04  - Amiens-Abbeville-Saint-Valery  : Mme  Marion  ZULIANI,  Inspectrice  du travail\nSection  01-05  - Amiens-Abbeville-Le  Crotoy  : M. S\u00e9bastien  GOGNALONS,  Inspecteur  du travail\nSection  01-06  - Amiens-Fort-Mahon  : M. Pierre  ZAJAC,  Inspecteur  du travail\nSection  01-07  - Amiens-Albert  : Mme  Apolline  ANTOINE,  Inspectrice  du travail\nSection  01-08  - Amiens-P\u00e9ronne  : section  vacante\nResponsable  de l'Unit\u00e9  de contr\u00f4le  2 Amiens-Sud  : Mme  Anna  JOUD  - DEBAS,  Directrice-Adjointe  du\ntravail,  40 rue  de la Vall\u00e9e  80042  Amiens  cedex  1.\nSection  02-01  - Amiens-Ham  : M. Thomas  NENEZ,  Inspecteur  du travail\nSection  02-02  - Amiens-Agriculture  Littoral  : Mme  Camille  FAUVEL,  Inspectrice  du travail\nSection  02-03  - Agriculture  Santerre  Nord  : Mme  Cathy  FERT\u00c9,  Inspectrice  du travail\nSection  02-04  - Agriculture  Santerre  Sud  : section  vacante\nSection  02-05  - Amiens-Roye  : Mme  Sofia  TERCHANI,  Inspectrice  du travail\nSection  02-06  - Amiens-Boves  : M. Thierry  DAVERGNE,  Inspecteur  du travail\nSection  02-07  - Amiens-Montdidier  : section  vacante\nSection  02-08  - Amiens-Transports  Somme  Nord  : M. Olivier  GODBILLE,  Inspecteur  du travail\nSection  02-09  - Amiens-Transports  Somme  Sud  : M. Vincent  DE BRUYNE,  Inspecteur  du travail\nSection  02-10  - Amiens-Transports  Somme  Littoral  : M. Pierre  MAGNOLIA,  Inspecteur  du travail\nArticle  1.2 : En cas d'absence  ou d'emp\u00e9chement  d'un  ou plusieurs  agents  de contr\u00f4le  du travail  vis\u00e9s  a\nl'article  1.1, l'int\u00e9rim  est organis\u00e9  selon  les modalit\u00e9s  ci-apr\u00e8s  :\nInt\u00e9rim  des  agents  de contr\u00f4le  de l'UC  AMIENS  NORD  :\nL'int\u00e9rim  de l'agent  de contr\u00f4le  de la section  01-03  est assur\u00e9  par  l'agent  de contr\u00f4le  de la section  01-06,\nou en cas  d'absence  ou d'emp\u00e9chement  de ces  derniers  par  l'agent  de contr\u00eale  de la section  01-05,  ou\nen cas d'absence  ou d'emp\u00e9chement  de ces  derniers  par  l'agent  de contr\u00f4le  de la section  01-04,  ou en\ncas  d'absence  ou d'emp\u00e9chement  de ces  derniers  par  l'agent  de contr\u00f4le  de la section  01-07,  ou en cas\nd'absence  ou d'emp\u00e9chement  de ces  derniers  par  l'agent  de contr\u00f4le  de la section  02-01,  ou en cas\nd'absence  ou d'emp\u00e9chement  de ces  derniers  par  l'agent  de contr\u00f4le  de la section  02-06,  ou en cas\nd'absence  ou d'emp\u00e9chement  de ces  derniers  par  l'agent  de contr\u00f4le  de la section  02-03,  ou en cas\nd'absence  ou d'emp\u00e9chement  de ces  derniers  par  l'agent  de contr\u00f4le  de la section  02-09,  ou en cas\nd'absence  ou d'emp\u00e9chement  de ces  derniers  par  l'agent  de contr\u00f4le  de la section  02-05,  ou en cas\nd'absence  ou d'emp\u00e9chement  de ces  derniers  par  l'agent  de contr\u00f4le  de la section  02-08,  ou en cas\nd'absence  ou d'emp\u00e9chement  de ces  derniers  par  l'agent  de contr\u00f4le  de la section  02-10,  ou en cas\nd'absence  ou d'emp\u00e9chement  de ces  derniers  par  l'agent  de contr\u00f4le  de la section  02-02.\nL'int\u00e9rim  de l'agent  de contr\u00f4le  de la section  01-04  est assur\u00e9  par  l'agent  de contr\u00f4le  de la section  01-05,\nou en cas  d'absence  ou d'emp\u00eachement  de ces derniers  par  l'agent  de contr\u00f4le  de la section  01-03,  ou\nDirection r\u00e9gionale de l'\u00e9conomie, de l'emploi, du travail et des solidarit\u00e9s des Hauts de France (DREETS HDF)  - 80-2024-09-09-00002\n- d\u00e9cision DREETS n\u00b02024-T-Affectations 80-03 affectation des agents de contr\u00f4le dans les unit\u00e9s de contr\u00f4le et gestion des int\u00e9rims 32\nen cas d'absence  ou d'emp\u00e9chement  de ces derniers  par l'agent  de contr\u00f4le  de la section  01-06,  ou en\ncas d'absence  ou d'emp\u00e9chement  de ces derniers  par  l'agent  de contr\u00f4le  de la section  01-07,  ou en cas\nd'absence  ou d'emp\u00e9chement  de ces derniers  par  l'agent  de contr\u00f4le  de la section  02-01,  ou en cas\nd'absence  ou d'emp\u00e9chement  de ces  derniers  par  l'agent  de contr\u00f4le  de la section  02-06,  ou en cas\nd'absence  ou d'emp\u00e9chement  de ces derniers  par  l'agent  de contr\u00f4le  de la section  02-03,  ou en cas\nd'absence  ou d'emp\u00e9chement  de ces  derniers  par  l'agent  de contr\u00f4le  de la section  02-09,  ou en cas\nd'absence  ou d'emp\u00e9chement  de ces derniers  par  l'agent  de contr\u00f4le  de la section  02-05,  ou en cas\nOU  en  cas\ncasd'absence  ou d'emp\u00eachement  de ces derniers  par  l'agent  de contr\u00f4le  de la section  02-08,\nd'absence  ou d'emp\u00e9chement  de ces derniers  par  l'agent  de contr\u00f4le  de la section  02-10,\nd'absence  ou d'emp\u00e9chement  de ces derniers  par l'agent  de contr\u00f4le  de la section  02-02.OU  en\nL'int\u00e9rim  de l'agent  de contr\u00f4le  de la section  01-05  est assur\u00e9  par  l'agent  de contr\u00f4le  de la section  01-03,\nou en cas d'absence  ou d'emp\u00e9chement  de ces derniers  par  l'agent  de contr\u00f4le  de la section  01-06,  ou\nen cas d'absence  ou d'emp\u00e9chement  de ces derniers  par  l'agent  de contr\u00f4le  de la section  01-04,  ou en\ncas d'absence  ou d'emp\u00e9chement  de ces  derniers  par  l'agent  de contr\u00f4le  de la section  01-07,  ou en cas\nOU d'absence  ou d'emp\u00e9chement  de ces  derniers  par  l'agent  de contr\u00f4le  de la section  02-03,  en cas\nd'absence  ou d'emp\u00e9chement  de ces  derniers  par  l'agent  de contr\u00f4le  de la section  02-06,  ou en cas\nd'absence  ou d'emp\u00e9chement  de ces  derniers  par  l'agent  de contr\u00f4le  de la section  02-01,\nd'absence  ou d'emp\u00eachement  de ces derniers  par  l'agent  de contr\u00f4le  de la section  02-09,\nd'absence  ou d'emp\u00e9chement  de ces derniers  par l'agent  de contr\u00f4le  de la section  02-05,\nd'absence  ou d'emp\u00eachement  de ces derniers  par  l'agent  de contr\u00f4le  de la section  02-08,\nd'absence  ou d'emp\u00e9chement  de ces derniers  par  l'agent  de contr\u00f4le  de la section  02-10,OU  en\nou  en\nou  en\nou  en\nOU  en\nd'absence  ou d'emp\u00eachement  de ces  derniers  par  l'agent  de contr\u00f4le  de la section  02-02.cas\nCas\nCas\ncas\ncas\nL'int\u00e9rim  de l'agent  de contr\u00f4le  de la section  01-06  est assur\u00e9  pour  le contr\u00f4le  de tous  les \u00e9tablissements\nde la section  par l'agent  de contr\u00f4le  de la section  01-03,  ou en cas d'absence  ou d'emp\u00e9chement  de ces\nderniers  par  l'agent  de contr\u00f4le  de la\nderniers  par  l'agent  de contr\u00f4le  de la\nderniers  par  l'agent  de\nderniers  par  l'agent  de\nderniers  par  l'agent  de\nderniers  par  l'agent  de\nderniers  par  l'agent  de\nderniers  par  l'agent  de\nderniers  par l'agent  de\nderniers  par  l'agent  decontr\u00f4le  de la\ncontr\u00f4le  de la\ncontr\u00f4le  de la\ncontr\u00f4le  de la\ncontr\u00f4le  de la\ncontr\u00f4le  de la\ncontr\u00f4le  de la\ncontr\u00f4le  de lasection  01-05,\nsection  01-04,\nsection  01-07,\nsection  02-06,\nsection  02-01,\nsection  02-03,\nsection  02-09,\nsection  02-05,\nsection  02-08,\nsection  02-10,\nderniers  par  l'agent  de contr\u00f4le  de la section  02-02.OU\nOU\nOU\nOU\nOU\nOU\nOU\nOU\nOU\nOUen\nen\nen\nen\nen\nen\nen\nen\nen\nencas d'absence  ou d'emp\u00e9chement  de\ncas d'absence  ou d'emp\u00e9chement  de\ncas  d'absence\ncas d'absence\ncas d'absence\ncas d'absence\ncas  d'absence\ncas  d'absence\ncas d'absence\ncas  d'absenceou d'emp\u00eachement  de\nou d'emp\u00e9chement  de\nou d'emp\u00e9chement  de\nou d'emp\u00e9chement  de\nou d'emp\u00e9chement  de\nou d'emp\u00e9chement  de\nou d'emp\u00e9chement  de\nou d'emp\u00e9chement  deces\nces\nces\nces\nces\nces\nces\nces\nces\nces\nL'int\u00e9rim  de l'agent  de contr\u00f4le  de la section  01-07  est assur\u00e9  pour  le contr\u00f4le  de tous  les \u00e9tablissements\nde la section  par l'agent  de contr\u00f4le  de la section  01-06,  ou en cas d'absence  ou d'emp\u00eachement  de ces\nderniers  par  l'agent  de contr\u00f4le  de la\nderniers  par  l'agent  de contr\u00f4le  de la\nderniers  par l'agent  de contr\u00f4le  de la p\nderniers  par  l'agent  de contr\u00f4le  de la\nderniers  par l'agent  de contr\u00f4le  de la p\nderniers  par  l'agent  de contr\u00f4le  de la\nderniers  par l'agent  de contr\u00f4le  de lasection  01-05,\nsection  01-06,\nsection  01-04,\nsection  02-06,\nsection  02-01,\nsection  02-03,\nsection  02-09,ou  en\nou  en\nou  en\nou  en\nou  en\nou  en\nou  encas d'absence\ncas  d'absence\ncas d'absence\ncas d'absence\ncas  d'absence\ncas d'absence\ncas d'absenceou d'emp\u00e9chement  de\nou d'emp\u00e9chement  de\nou d'emp\u00e9chement  de\nou d'emp\u00e9chement  de\nou d'emp\u00e9chement  de\nou d'emp\u00e9chement  de\nou d'emp\u00e9chement  deces\nces\nces\nces\nces\nces\nces\nDirection r\u00e9gionale de l'\u00e9conomie, de l'emploi, du travail et des solidarit\u00e9s des Hauts de France (DREETS HDF)  - 80-2024-09-09-00002\n- d\u00e9cision DREETS n\u00b02024-T-Affectations 80-03 affectation des agents de contr\u00f4le dans les unit\u00e9s de contr\u00f4le et gestion des int\u00e9rims 33\nderniers  par l'agent  de contr\u00f4le  de la section  02-05,  ou en cas d'absence  ou d'emp\u00e9chement  de ces\nderniers  par l'agent  de contr\u00f4le  de la section  02-08,  ou en cas d'absence  ou d'emp\u00e9chement  de ces\nderniers  par l'agent  de contr\u00f4le  de la section  02-10,  ou en cas d'absence  ou d'emp\u00e9chement  de ces\nderniers  par  l'agent  de contr\u00f4le  de la section  02-02.\nInt\u00e9rim  des  agents  de contr\u00f4le  UC AMIENS  SUD\nL'int\u00e9rim  de l'agent  de contr\u00f4le  de la section  02-01  est assur\u00e9  par l'agent  de contr\u00f4le  de la section  02-\n06, ou en cas d'absence  ou d'emp\u00eachement  de ces derniers  par l'agent  de contr\u00f4le  de la section  02-09,\nou en cas d'absence  ou d'emp\u00e9chement  de ces derniers  par l'agent  de contr\u00f4le  de la section  02-08,  ou\nen cas d'absence  ou d'emp\u00e9chement  de ces derniers  par l'agent  de contr\u00f4le  de la section  02-03,  ou en\ncas d'absence  ou d'emp\u00e9chement  de ces derniers  par l'agent  de contr\u00f4le  de la section  02-02,  ou en cas\nd'absence  ou d'emp\u00e9chement  de ces derniers  par l'agent  de contr\u00f4le  de la section  02-10,  ou en cas\nd'absence  ou d'emp\u00e9chement  de ces derniers  par l'agent  de contr\u00f4le  de la section  01-02,  ou en cas\nd'absence  ou d'emp\u00e9chement  de ces derniers  par l'agent  de contr\u00f4le  de la section  01-03,  ou en cas\nd'absence  ou d'emp\u00e9chement  de ces derniers  par l'agent  de contr\u00f4le  de la section  01-05,  ou en cas\nd'absence  ou d'emp\u00e9chement  de ces derniers  par l'agent  de contr\u00f4le  de la section  01-06,  ou en cas\nd'absence  ou d'emp\u00e9chement  de ces derniers  par l'agent  de contr\u00f4le  de la section  01-04,  ou en cas\nd'absence  ou d'emp\u00eachement  de ces derniers  par l'agent  de contr\u00f4le  de la section  01-07.\nL'int\u00e9rim  de l'agent  de contr\u00f4le  de la section  02-02  est assur\u00e9  par l'agent  de contr\u00f4le  de la section  02-\n03, ou en cas d'absence  ou d'emp\u00e9chement  de ces derniers  par l'agent  de contr\u00f4le  de la section  02-01,\nou en cas d'absence  ou d'emp\u00e9chement  de ces derniers  par l'agent  de contr\u00f4le  de la section  02-09,  ou\nen cas d'absence  ou d'emp\u00eachement  de ces derniers  par l'agent  de contr\u00f4le  de la section  02-08,  ou en\ncas d'absence  ou d'emp\u00eachement  de ces derniers  par l'agent  de contr\u00f4le  de la section  02-05,  ou en cas\nd'absence  ou d'emp\u00e9chement  de ces derniers  par l'agent  de contr\u00f4le  de la section  02-09,  ou en cas\nd'absence  ou d'emp\u00e9chement  de ces derniers  par l'agent  de contr\u00f4le  de la section  02-10,  ou en cas\nd'absence  d'emp\u00e9chement  de ces derniers  par l'agent  de contr\u00f4le  de la section  01-05,  ou en cas\nd'absence  ou d'emp\u00e9chement  de ces derniers  par l'agent  de contr\u00f4le  de la section  01-03,  ou en cas\nd'absence  ou d'emp\u00e9chement  de ces derniers  par l'agent  de contr\u00f4le  de la section  01-06,  ou en cas\nd'absence  ou d'emp\u00e9chement  de ces derniers  par l'agent  de contr\u00f4le  de la section  01-04,  ou en cas\nd'absence  ou d'emp\u00eachement  de ces derniers  par l'agent  de contr\u00f4le  de la section  01-07.\nL'int\u00e9rim  de l'agent  de contr\u00f4le  de la section  02-03  est assur\u00e9  par l'agent  de contr\u00f4le  de la section  02-\n02, ou en cas d'absence  ou d'emp\u00eachement  de ces derniers  par l'agent  de contr\u00f4le  de la section  02-06,\nou en cas d'absence  ou d'emp\u00e9chement  de ces derniers  par l'agent  de contr\u00f4le  de la section  02-10,  ou\nen cas d'absence  ou d'emp\u00eachement  de ces derniers  par l'agent  de contr\u00f4le  de la section  02-05,  ou en\ncas d'absence  ou d'emp\u00e9chement  de ces derniers  par l'agent  de contr\u00f4le  de la section  02-08,  ou en cas\nd'absence  ou d'emp\u00e9chement  de ces derniers  par l'agent  de contr\u00f4le  de la section  02-09,  ou en cas\nd'absence  ou d'emp\u00e9chement  de ces derniers  par  l'agent  de contr\u00f4le  de la section  02-10,  ou en cas\nd'absence  d'emp\u00e9chement  de ces derniers  par l'agent  de contr\u00f4le  de la section  01-06,  ou en cas\nd'absence  ou d'emp\u00e9chement  de ces derniers  par l'agent  de contr\u00f4le  de la section  01-03,  ou en cas\nd'absence  ou d'emp\u00e9chement  de ces derniers  par l'agent  de contr\u00f4le  de la section  01-05,  ou en cas\nd'absence  ou d'emp\u00e9chement  de ces derniers  par l'agent  de contr\u00f4le  de la section  01-04,  ou en cas\nd'absence  ou d'emp\u00e9chement  de ces derniers  par l'agent  de contr\u00f4le  de la section  01-07.\nDirection r\u00e9gionale de l'\u00e9conomie, de l'emploi, du travail et des solidarit\u00e9s des Hauts de France (DREETS HDF)  - 80-2024-09-09-00002\n- d\u00e9cision DREETS n\u00b02024-T-Affectations 80-03 affectation des agents de contr\u00f4le dans les unit\u00e9s de contr\u00f4le et gestion des int\u00e9rims 34\nL'int\u00e9rim  de l'agent  de contr\u00f4le  de la section  02-05  est assur\u00e9  par l'agent  de contr\u00f4le  de la section  02-\n08, ou en cas d'absence  ou d'emp\u00e9chement  de ces derniers  par l'agent  de contr\u00f4le  de la section  02-06,\nou en cas d'absence  ou d'emp\u00e9chement  de ces derniers  par l'agent  de contr\u00f4le  de la section  02-09,  ou\nen cas d'absence  ou d'emp\u00e9chement  de ces  derniers  par  l'agent  de contr\u00f4le  de la section  02-03,  ou en\ncas d'absence  ou d'emp\u00e9chement  de ces derniers  par l'agent  de contr\u00f4le  de la section  02-10,  ou en cas\nd'absence  ou d'emp\u00e9chement  de ces derniers  par  l'agent  de contr\u00f4le  de la section  02-01,  ou en cas\nd'absence  ou d'emp\u00e9chement  de ces  derniers  par  l'agent  de contr\u00f4le  de la section  02-02,  ou en cas\nd'absence  ou d'emp\u00e9chement  de ces derniers  par  l'agent  de contr\u00f4le  de la section  01-03,  ou en cas\nd'absence  ou d'emp\u00eachement  de ces derniers  par l'agent  de contr\u00f4le  de la section  01-05,  ou en cas\nd'absence  ou d'emp\u00eachement  de ces derniers  par l'agent  de contr\u00f4le  de la section  01-06,  ou en cas\nd'absence  ou d'emp\u00e9chement  de ces derniers  par l'agent  de contr\u00f4le  de la section  01-04,  ou en cas\nd'absence  ou d'emp\u00e9chement  de ces derniers  par l'agent  de contr\u00f4le  de la section  01-07.\nL'int\u00e9rim  de l'agent  de contr\u00f4le  de la section  02-06  est assur\u00e9  par  l'agent  de contr\u00f4le  de la section  02-\n08, ou en cas d'absence  ou d'emp\u00e9chement  de ces derniers  par l'agent  de contr\u00f4le  de la section  02-09,\nou en cas  d'absence  ou d'emp\u00eachement  de ces  derniers  par  l'agent  de contr\u00f4le  de la section  02-10,  ou\nen cas d'absence  ou d'emp\u00e9chement  de ces derniers  par l'agent  de contr\u00f4le  de la section  02-05,  ou en\ncas d'absence  ou d'emp\u00e9chement  de ces derniers  par l'agent  de contr\u00f4le  de la section  02-01,  ou en cas\nd'absence  ou d'emp\u00e9chement  de ces  derniers  par  l'agent  de contr\u00f4le  de la section  02-03,  ou en cas\nd'absence  ou d'emp\u00e9chement  de ces derniers  par l'agent  de contr\u00f4le  de la section  02-02,  ou en cas\nd'absence  ou d'emp\u00e9chement  de ces derniers  par l'agent  de contr\u00f4le  de la section  01-05,  ou en cas\nd'absence  d'emp\u00e9chement  de ces derniers  par l'agent  de contr\u00f4le  de la section  01-03,  ou en cas\nd'absence  ou d'emp\u00e9chement  de ces derniers  par  l'agent  de contr\u00f4le  de la section  01-06,  ou en cas\nd'absence  ou d'emp\u00e9chement  de ces derniers  par l'agent  de contr\u00f4le  de la section  01-04,  ou en cas\nd'absence  ou d'emp\u00e9chement  de ces derniers  par l'agent  de contr\u00f4le  de la section  01-07.\nL'int\u00e9rim  de l'agent  de contr\u00f4le  de la section  02-08  est assur\u00e9  par l'agent  de contr\u00f4le  de la section  02-\n10, ou en cas d'absence  ou d'emp\u00e9chement  de ces derniers  par l'agent  de contr\u00f4le  de la section  02-01,\nou en cas d'absence  ou d'emp\u00e9chement  de ces derniers  par l'agent  de contr\u00f4le  de la section  02-06,  ou\nen cas d'absence  ou d'emp\u00e9chement  de ces derniers  par l'agent  de contr\u00f4le  de la section  02-05,  ou en\ncas d'absence  ou d'emp\u00e9chement  de ces derniers  par l'agent  de contr\u00f4le  de la section  02-03,  ou en cas\nd'absence  ou d'emp\u00e9chement  de ces derniers  par l'agent  de contr\u00f4le  de la section  02-09,  ou en cas\nd'absence  ou d'emp\u00e9chement  de ces derniers  par l'agent  de contr\u00f4le  de la section  02-02,  ou en cas\nd'absence  ou d'emp\u00e9chement  de ces  derniers  par  l'agent  de contr\u00f4le  de la section  01-05,  ou en cas\nd'absence  d'emp\u00e9chement  de ces derniers  par l'agent  de contr\u00f4le  de la section  01-03,  ou en cas\nd'absence  ou d'emp\u00e9chement  de ces derniers  par l'agent  de contr\u00f4le  de la section  01-06,  ou en cas\nd'absence  ou d'emp\u00e9chement  de ces derniers  par l'agent  de contr\u00f4le  de la section  01-04,  ou en cas\nd'absence  ou d'emp\u00eachement  de ces derniers  par l'agent  de contr\u00f4le  de la section  01-07.\nL'int\u00e9rim  de l'agent  de contr\u00f4le  de la section  02-09  est assur\u00e9  par l'agent  de contr\u00f4le  de la section  02-\n10, ou en cas d'absence  ou d'emp\u00e9chement  de ces derniers  par l'agent  de contr\u00f4le  de la section  02-08,\nou en cas d'absence  ou d'emp\u00e9chement  de ces derniers  par l'agent  de contr\u00f4le  de la section  02-03,  ou\nen cas d'absence  ou d'emp\u00eachement  de ces derniers  par l'agent  de contr\u00f4le  de la section  02-06,  ou en\ncas d'absence  ou d'emp\u00eachement  de ces derniers  par l'agent  de contr\u00f4le  de la section  02-05,  ou en cas\nd'absence  ou d'emp\u00e9chement  de ces  derniers  par  l'agent  de contr\u00f4le  de la section  02-01,  ou en cas\nd'absence  ou d'emp\u00e9chement  de ces derniers  par l'agent  de contr\u00f4le  de la section  02-02,  ou en cas\nd'absence  d'emp\u00e9chement  de ces derniers  par l'agent  de contr\u00f4le  de la section  01-06,  ou en cas\nDirection r\u00e9gionale de l'\u00e9conomie, de l'emploi, du travail et des solidarit\u00e9s des Hauts de France (DREETS HDF)  - 80-2024-09-09-00002\n- d\u00e9cision DREETS n\u00b02024-T-Affectations 80-03 affectation des agents de contr\u00f4le dans les unit\u00e9s de contr\u00f4le et gestion des int\u00e9rims 35\nd'absence  ou d'emp\u00e9chement  de ces derniers  par l'agent  de contr\u00f4le  de la section  01-05,  ou en cas\nd'absence  ou d'emp\u00eachement  de ces derniers  par l'agent  de contr\u00f4le  de la section  01-03,  ou en cas\nd'absence  ou d'emp\u00e9chement  de ces derniers  par l'agent  de contr\u00f4le  de la section  01-04,  ou en cas\nd'absence  ou d'emp\u00eachement  de ces derniers  par l'agent  de contr\u00f4le  de la section  01-07.\nL'int\u00e9rim  de l'agent  de contr\u00f4le  de la section  02-10  est assur\u00e9  par l'agent  de contr\u00f4le  de la section  02-\n08, ou en cas d'absence  ou d'emp\u00e9chement  de ces derniers  par l'agent  de contr\u00f4le  de la section  02-09,\nou en cas d'absence  ou d'emp\u00eachement  de ces derniers  par l'agent  de contr\u00f4le  de la section  02-06,  ou\nen cas d'absence  ou d'emp\u00e9chement  de ces derniers  par l'agent  de contr\u00f4le  de la section  02-03,  ou en\ncas d'absence  ou d'emp\u00e9chement  de ces derniers  par l'agent  de contr\u00f4le  de la section  02-05,  ou en cas\nd'absence  ou d'emp\u00e9chement  de ces derniers  par l'agent  de contr\u00f4le  de la section  02-01,  ou en cas\nd'absence  ou d'emp\u00e9chement  de ces derniers  par l'agent  de contr\u00f4le  de la section  02-02,  ou en cas\nd'absence  ou d'emp\u00eachement  de ces derniers  par l'agent  de contr\u00f4le  de la section  01-03,ou  en cas\nd'absence  ou d'emp\u00e9chement  de ces derniers  par l'agent  de contr\u00f4le  de la section  01-06,  ou en cas\nd'absence  ou d'emp\u00e9chement  de ces derniers  par l'agent  de contr\u00f4le  de la section  01-05,  ou en cas\nd'absence  ou d'emp\u00e9chement  de ces derniers  par l'agent  de contr\u00f4le  de la section  01-04,  ou en cas\nd'absence  ou d'emp\u00eachement  de ces derniers  par l'agent  de contr\u00f4le  de la section  01-07.\nArticle  1.3 : Sections  vacantes\nSection  01-01  : l'int\u00e9rim  de contr\u00f4le  et d\u00e9cisionnel  de tous  les \u00e9tablissements  est assur\u00e9  par l'agent  de\ncontr\u00f4le  de la section  01-03  ou en cas d'absence  ou d'emp\u00e9chement  de ce dernier  par l'agent  de\ncontr\u00f4le  de la section  02-10.\nSection  01-02  : l'int\u00e9rim  de contr\u00f4le  et d\u00e9cisionnel  de tous  les \u00e9tablissements  est assur\u00e9  par l'agent  de\ncontr\u00f4le  de la section  01-05  ou en cas d'absence  ou d'emp\u00e9chement  de ce dernier  par l'agent  de\ncontr\u00f4le  de la section  02-08.\nSection  01-08  : l'int\u00e9rim  de contr\u00f4le  et d\u00e9cisionnel  de tous  les \u00e9tablissements  est assur\u00e9  par l'agent  de\ncontr\u00f4le  de la section  01-06,  ou en cas d'absence  ou d'emp\u00e9chement  de ce dernier  par l'agent  de\ncontr\u00f4le  de la section  02-09.\nSection  02-04  : L'int\u00e9rim  de contr\u00f4le  et d\u00e9cisionnel  de tous  les \u00e9tablissements  est assur\u00e9  par l'agent  de\ncontr\u00f4le  de la section  02-01  ou en cas d'absence  ou d'emp\u00e9chement  de ce dernier  par l'agent  de\ncontr\u00f4le  de la section  02-05.\nSection  02-07  : L'int\u00e9rim  de contr\u00f4les  de tous  les \u00e9tablissements  est assur\u00e9  par l'agent  de contr\u00f4le  de la\nsection  02-05  ou en cas d'absence  ou d'emp\u00eachement  de ce dernier  par l'agent  de contr\u00f4le  de la section\n02-01.\nL'int\u00e9rim  d\u00e9cisionnel  est assur\u00e9  par le responsable  de l'Unit\u00e9  de Contr\u00f4le  2- Amiens  Sud.\nArticle  1.4 : En cas d'absence  ou d'emp\u00eachement  simultan\u00e9  de tous  les agents  de contr\u00f4le  affect\u00e9s  au\nsein  de l'Unit\u00e9  de contr\u00f4le  faisant  obstacle  \u00e0 ce que  l'int\u00e9rim  soit assur\u00e9  selon  les modalit\u00e9s  fix\u00e9es  ci-\ndessus,  l'int\u00e9rim  est assur\u00e9  par le Responsable  de l'Unit\u00e9  de contr\u00f4le.\nEn cas d'absence  ou d'emp\u00e9chement  d'un  Responsable  d'Unit\u00e9  de contr\u00f4le,  l'int\u00e9rim  est assur\u00e9  par\nl'autre  Responsable  de l'Unit\u00e9  de contr\u00f4le  affect\u00e9  sur le d\u00e9partement.\nDirection r\u00e9gionale de l'\u00e9conomie, de l'emploi, du travail et des solidarit\u00e9s des Hauts de France (DREETS HDF)  - 80-2024-09-09-00002\n- d\u00e9cision DREETS n\u00b02024-T-Affectations 80-03 affectation des agents de contr\u00f4le dans les unit\u00e9s de contr\u00f4le et gestion des int\u00e9rims 36\nArticle  2: En cas d'absence  ou d'emp\u00eachement  simultan\u00e9  de tous  les agents  de contr\u00f4le  affect\u00e9s  en\nsection  d'inspection  faisant  obstacle  \u00e0 ce que  l'int\u00e9rim  soit  assur\u00e9  selon  les modalit\u00e9s  fix\u00e9es  aux  articles\n1.2 et 1.4 l'int\u00e9rim  est assur\u00e9  par  la Responsable  de l'Unit\u00e9  de contr\u00f4le  N\u00b02,  Mme  Anna  JOUD-DEBAS,  et\nen cas d'absence  ou d'emp\u00e9chement  de celle-ci  par  la Directrice  D\u00e9partementale  de la DDETS  de la\nSomme,  Mme  CRETON  Letitia.\nArticle  3: Conform\u00e9ment  aux  dispositions  de l'article  R. 8122-10  du code  du travail,  les agents\nmentionn\u00e9s  aux  articles  1.1 et 1.4 participent,  lorsque  l'action  le rend  n\u00e9cessaire,  aux  actions  d'inspection\nde la l\u00e9gislation  du travail  sur le territoire  de la DDETS  \u00e0 laquelle  est rattach\u00e9e  l'Unit\u00e9  de contr\u00f4le  o\u00f9 ils\nsont  affect\u00e9s.\nArticle  4 : La d\u00e9cision  du 1\u00b0 ao\u00fbt  2024  portant  sur l'affectation  des  agents  de contr\u00f4le  dans  les unit\u00e9s  de\ncontr\u00f4le  et gestion  des  int\u00e9rims  de la DDETS  de la Somme  sera  abrog\u00e9e  \u00e0 compter  de l'entr\u00e9e  en vigueur\nde la pr\u00e9sente  d\u00e9cision.\nArticle  5: Le Directeur  R\u00e9gional  de l'Economie,  de l'Emploi,  du travail  et des  Solidarit\u00e9s  des\nHauts-de-France,  et la Directrice  D\u00e9partementale  de l'Emploi,  du Travail  et des  Solidarit\u00e9s  de la Somme,\nsont  charg\u00e9s  de l'application  de la pr\u00e9sente  d\u00e9cision  qui entrera  en vigueur  \u00e0 date  de sa publication  au\nrecueil  des  actes  administratifs  de la Pr\u00e9fecture  de la Somme.\nFait  \u00e0 Lille, le 09 SEP,  2026\nLe Directeur  R\u00e9gional  de l'Economie,  de l'Emploi,\ndu Travaiyat  des  Solidarit\u00e9s,\nDirection r\u00e9gionale de l'\u00e9conomie, de l'emploi, du travail et des solidarit\u00e9s des Hauts de France (DREETS HDF)  - 80-2024-09-09-00002\n- d\u00e9cision DREETS n\u00b02024-T-Affectations 80-03 affectation des agents de contr\u00f4le dans les unit\u00e9s de contr\u00f4le et gestion des int\u00e9rims 37\nPr\u00e9fecture de la Somme - Cabinet\n80-2024-09-11-00002\nAP 24/690 portant modification de la listes des\npersonnes autoris\u00e9es \u00e0 acc\u00e9der aux images de\nl'\u00e9tablissement Bricoman \u00e0\nVauchelles-les-Quesnoy\nPr\u00e9fecture de la Somme - Cabinet - 80-2024-09-11-00002 - AP 24/690 portant modification de la listes des personnes autoris\u00e9es \u00e0\nacc\u00e9der aux images de l'\u00e9tablissement Bricoman \u00e0 Vauchelles-les-Quesnoy 38\nE Arr\u00eat\u00e9  CAB/BSI/PA  n\u00b0 24/690\nPR\u00c9FET\nDE LA SOMME\nLibert\u00e9\nEgalit\u00e9\nFraternit\u00e9\nARR\u00caT\u00c9\nPortant  modification  de la liste  des  personnes  autoris\u00e9es\n\u00e0 acc\u00e9der  aux  images\nLE PR\u00c9FET  DE LA SOMME\nCHEVALIER  DE LA L\u00c9GION  D'HONNEUR\nVu le code  de la s\u00e9curit\u00e9  int\u00e9rieure  ;\nVu le d\u00e9cret  du 13 juillet  2023  portant  nomination  du pr\u00e9fet  de la Somme,  M. Rollon  MOUCHEL-\nBLAISOT  \u00e0 compter  du 24 juillet  2023  ;\nVu le d\u00e9cret  du 3 janvier  2024  nommant  M. Victor  JOZON  sous-pr\u00e9fet,  directeur  de cabinet  du pr\u00e9fet\nde la Somme  ;\nVu l'arr\u00eat\u00e9  minist\u00e9riel  du 03 ao\u00fbt  2007  portant  d\u00e9finition  des  normes  techniques  des syst\u00e8mes  de\nvid\u00e9oprotection  et ses annexes  techniques  ;\nVu l'arr\u00eat\u00e9  pr\u00e9fectoral  n\u00b0 23/752  en date  du 03 janvier  2024  portant  autorisation  d'un  syst\u00e8me  de\nvid\u00e9oprotection  ;\nVu l'arr\u00eat\u00e9  pr\u00e9fectoral  du 15 janvier  2024  portant  d\u00e9l\u00e9gation  de signature  \u00e0 M. Victor  JOZON  sous-\npr\u00e9fet,  directeur  de cabinet  du pr\u00e9fet  de la Somme  ;\nVu la demande  d'actualisation  de la liste  des  personnes  autoris\u00e9es  \u00e0 acc\u00e9der  aux  images  en date  du\n03 septembre  2024  ;\nSur proposition  du sous-pr\u00e9fet,  directeur  de cabinet  du pr\u00e9fet  de la Somme;\nARR\u00caTE\nArticle  1\u00b0: La liste  des  personnes  autoris\u00e9es  \u00e0 acc\u00e9der  aux  images  de l'\u00e9tablissement  Bricoman  sis\nchauss\u00e9e  d'Hoquet  \u00e0 Vauchelles-les-Quesnoy  (80132)  est actualis\u00e9e  conform\u00e9ment  \u00e0 la liste  annex\u00e9e\nau dossier  2011/0117.\nArticle  2: Monsieur  le sous-pr\u00e9fet,  directeur  du cabinet  et le commandant  du groupement  de\ngendarmerie  d\u00e9partementale  de la Somme,  sont  charg\u00e9s,  chacun  en ce qui le concerne,  de\nl'ex\u00e9cution  du pr\u00e9sent  arr\u00eat\u00e9,  qui sera  publi\u00e9  au recueil  des actes  administratifs  de la pr\u00e9fecture  de la\nsomme.\nAY SEP, 2024\nar d\u00e9l\u00e9gation,\ncteur  de cabinet,Amiens,  le\nPour  le pr\u00e9fet  e\nLe sous-pr\u00e9fet,  di\nVOIES  ET DELAIS  DE RECOURS\nLa pr\u00e9sente  d\u00e9cision  est susceptible  de faire,  dans  le d\u00e9lai  de deux  mois  suivant  la notification,  objet  des voler  de r\u00e9cours  suivantes  :\n-Unr\u00e9caurs  gracieux,  formul\u00e9  aupr\u00e9s  du pr\u00e9fet  de ls Somme,  cabinet,  bureau  de ly s\u00e9curit\u00e9  int\u00e9rieure,  51 rua du la R\u00e9publique  40020  Ami\n- Un recourt  hi\u00e9rarahique,  aupr\u00e8s  du ministre  de l'int\u00e9riaur,  di\u00e9etion  des  libartas  publiques  at dag  affaires  juridiques  - saus-direction  d\nplace  Beauvau  75800  Paris  codex  08,\nCos recours  sont  d\u00e9pourvus  de caract\u00e8re  suspanaif.  En l'absence  de r\u00e9ponse  de l'administration  dans  un d\u00e9lai  de deux  mois  \u00e0 compter  de la date  de r\u00e9ception  de votre  mmcours,  cnlui-ci  doit  fur\nconsid\u00e9r\u00e9  comme  implicitement  rejet\u00e9,\n\"un  mcours  contantiqus,  devant  le tribunal  administratif  d'Amians  - 14 fae Lamnr\u00e9hior  80000  Arninns  ou par voie  \u00e9lectianique  par le alte muwrelerecours.fr.\nCe recours  juridictionnal  doit  \u00eatre  d\u00e9pos\u00e9  au plus  tard  avant  l'expiration  du deuxi\u00e8me  mois  \u00e0 compter  de la date  de notification  de la d\u00e9cision  contest\u00e9e,  ou dans  les deux  mois  suivant  la date  du rejet\nde votre  recours  gracieux  ou hi\u00e9rarchique.olices administratives  - bureau  des polices  administratives  ~\nPr\u00e9fecture de la Somme - Cabinet - 80-2024-09-11-00002 - AP 24/690 portant modification de la listes des personnes autoris\u00e9es \u00e0\nacc\u00e9der aux images de l'\u00e9tablissement Bricoman \u00e0 Vauchelles-les-Quesnoy 39\nBRICOMAN\n6 - PERSONNES  HABILIT\u00c9ES  A ACCEDER  AUX  IMAGES  / SYSTEME\nDE VIDEOPROTECTION  |\nArr\u00eat\u00e9  n\u00b0 23/752  du 03/01/2024\nNom  Pr\u00e9nom  Fonction\nWALIGORA  Christophe  Directeur  du Magasin\nVERPOEST  Lucie  Juriste\nBONNET  St\u00e9phane  Responsable  Maintenance\nERNEWEIN  Floriane  Responsable  Contr\u00f4le  Interne\nPELOUX  Olivier  Responsable  R\u00e9ception\nLENOIR  Christine  Manager  Service  Clients\nDELOISON  Val\u00e9ry  | Manager  des Ventes\nDEPARDIEU  Corine  Manager  des Ventes\nDINGREVILLE  Mickael  Manager  des Ventes\nBRICOMAN  une entreprise  du groupe Ades\nPr\u00e9fecture de la Somme - Cabinet - 80-2024-09-11-00002 - AP 24/690 portant modification de la listes des personnes autoris\u00e9es \u00e0\nacc\u00e9der aux images de l'\u00e9tablissement Bricoman \u00e0 Vauchelles-les-Quesnoy 40\nPr\u00e9fecture de la Somme - Cabinet\n80-2024-09-11-00001\nAP 24/691 portant modification de la lite des\npersonnes autoris\u00e9es \u00e0 acc\u00e9der aux images de la\ncommune de Villers-Bretonneux\nPr\u00e9fecture de la Somme - Cabinet - 80-2024-09-11-00001 - AP 24/691 portant modification de la lite des personnes autoris\u00e9es \u00e0\nacc\u00e9der aux images de la commune de Villers-Bretonneux 41\nE ou Arr\u00eat\u00e9 CAB/BSI/PA  n\u00b0 24/491\nPR\u00c9FET\nDE LA SOMME\nLibert\u00e9\n\u00c9galit\u00e9\nFraternit\u00e9\nARR\u00caT\u00c9\nPortant  modification  de la liste  des  personnes  autoris\u00e9es\n\u00e0 acc\u00e9der  aux  images\nLE PR\u00c9FET  DE LA SOMME\nCHEVALIER  DE LA L\u00c9GION  D'HONNEUR\nVu le code  de la s\u00e9curit\u00e9  int\u00e9rieure  ;\nVu le d\u00e9cret  du 13 juillet  2023  portant  nomination  du pr\u00e9fet  de la Somme,  M. Rollon  MOUCHEL-\nBLAISOT  \u00e0 compter  du 24 juillet  2023  ;\nVu le d\u00e9cret  du 3 janvier  2024  nommant  M. Victor  JOZON  sous-pr\u00e9fet,  directeur  de cabinet  du pr\u00e9fet\nde la Somme;\nVu l'arr\u00eat\u00e9  minist\u00e9riel  du 03 ao\u00fbt  2007  portant  d\u00e9finition  des  normes  techniques  des  syst\u00e8mes  de\nvid\u00e9oprotection  et ses annexes  techniques  ;\nVu l'arr\u00eat\u00e9  pr\u00e9fectoral  n\u00b0 24/467  du 26 juin 2024 portant  modification  de la liste des personnes\nautoris\u00e9es  \u00e0 acc\u00e9der  aux  images  ;\nVu l'arr\u00eat\u00e9  pr\u00e9fectoral  du 15 janvier  2024  portant  d\u00e9l\u00e9gation  de signature  \u00e0 M. Victor  JOZON  sous-\npr\u00e9fet,  directeur  de cabinet  du pr\u00e9fet  de la Somme  ;\nVu la demande  d'actualisation  de la liste  des  personnes  autoris\u00e9es  \u00e0 acc\u00e9der  aux  images  en date  du\n03 septembre  2024  ;\nSur proposition  du sous-pr\u00e9fet,  directeur  de cabinet  du pr\u00e9fet  de la Somme  ;\nARR\u00caTE\nArticle  1\": La liste  des  personnes  autoris\u00e9es  \u00e0 acc\u00e9der  aux  images  de la commune  de Villers-\nBretonneux  sise  place  du G\u00e9n\u00e9ral  de Gaulle  \u00e0 Villers-Bretonneux  (80800)  est actualis\u00e9e\nconform\u00e9ment  \u00e0 la liste  annex\u00e9e  au dossier  2021/0248.\nArticle  2: Monsieur  le sous-pr\u00e9fet,  directeur  du cabinet  et le commandant  du groupement  de\ngendarmerie  de la Somme,  sont  charg\u00e9s,  chacun  en ce qui le concerne,  de l'ex\u00e9cution  du pr\u00e9sent\narr\u00eat\u00e9,  qui sera  publi\u00e9  au recueil  des  actes  administratifs  de la pr\u00e9fecture  de la Somme.\nVOIES  ET DELAIS  DE RECOURS\nLo pr\u00e9sente  d\u00e9cision  est susceptible  de faire,  dans  le d\u00e9lai  de deux  mais  suivant  la notification,  l'objet  des voies  d\u00e9 m\u00e9ours  suivantes  :\n\"Un  fecaurs  gracieux,  formul\u00e9  aupr\u00e8s  du pr\u00e9fet  de la Somme,  cabinet,  buraau  de la s\u00e9curit\u00e9  int\u00e9rieure,  51 rue de la R\u00e9publique  80020  Amiens,\n- Un recours  hi\u00e9rarchique,  aupr\u00e8s  du ministes  da l'int\u00e9rieur,  direction  des libert\u00e9s  publiques  et des affaires  juridiques  - sovs-direction  des polices  administratives  - bureau  des polices  administratives  -\nplace  Beauvau  75800  Paris  cedex  O8,\nCes recours  sont  d\u00e9pourvus  de caract\u00e8re  suspenaif.  En l'absence  da r\u00e9ponse  de l'administration  dans  un d\u00e9lai  de deux  mois  \u00e0 compter  de ls date  de r\u00e9ception  de votre  recours,  celui-ci  doit  \u00e9tre\nconsid\u00e9r\u00e9  comme  implicitement  rejet\u00e9.\n- Un recours  contentieux,  devant  le tribunal  administratif  d'Amiens  - 14 rue Lemerchier  80000  Amiens  ov par voie  \u00e9lectronique  par le site  mmwrelerecoursfr.\nCe recours  juridictionnel  doit &tre d\u00e9pos\u00e9  ay plus tard avant  l'expiration  du deuxi\u00e8me  mois  \u00e0 compter  de lo date  de notification  de la d\u00e9cision  contest\u00e9e,  ou dans  los deux  mois  suivant  la date  du rojet\nde votre  recours  gracieux  ov hi\u00e9rarchique.\nPr\u00e9fecture de la Somme - Cabinet - 80-2024-09-11-00001 - AP 24/691 portant modification de la lite des personnes autoris\u00e9es \u00e0\nacc\u00e9der aux images de la commune de Villers-Bretonneux 42\nListe  annex\u00e9e  au dossier  2021/0248\n- Monsieur  Didier  DINOUARD  - maire\n- Monsieur  Andr\u00e9  CRAS  - 4\u00e8me  adjoint  au maire\n- Madame  Feirouz  HAMDANE  - directrice  g\u00e9n\u00e9rale  des  services\n- Monsieur  Ludovic  WARGNIER  - directeur  d\u00e9s  services  techniques\n- Monsieur  R\u00e9my  DE CLERCQ  - gardien  brigadier  de police  municipale\nPr\u00e9fecture de la Somme - Cabinet - 80-2024-09-11-00001 - AP 24/691 portant modification de la lite des personnes autoris\u00e9es \u00e0\nacc\u00e9der aux images de la commune de Villers-Bretonneux 43\nPr\u00e9fecture de la Somme - Direction de la\nCitoyennet\u00e9 et de la L\u00e9galit\u00e9\n80-2024-08-07-00003\nArr\u00eat\u00e9 pr\u00e9fectoral portant nomination d'un\nr\u00e9gisseur d'\u00c9tat titulaire et d'un mandataire\nsuppl\u00e9ant de police municipale de la commune\nde Pont-de-Metz\nPr\u00e9fecture de la Somme - Direction de la Citoyennet\u00e9 et de la L\u00e9galit\u00e9 - 80-2024-08-07-00003 - Arr\u00eat\u00e9 pr\u00e9fectoral portant nomination\nd'un r\u00e9gisseur d'\u00c9tat titulaire et d'un mandataire suppl\u00e9ant de police municipale de la commune de Pont-de-Metz 44\nPRE FET\nDE LA SOMME  | Arr\u00e9t\u00e9  n\u00b0 DCL/BCL/2024-1101\nLibert\u00e9\nEgalit\u00e9Fraternit\u00e9.  | A R R ET E\nportant  nomination  d'un  r\u00e9gisseur  d'\u00c9tat  titulaire  et d'un  mandataire  suppl\u00e9ant  de\npolice  municipale  de la commune  de PONT-DE-METZ\nLE PR\u00c9FET  DE LA SOMME\nCHEVALIER  DE LA L\u00c9GION  D'HONNEUR\nVu le code  de la route  et notamment  son article  R. 130-2  ;\nVu le code  g\u00e9n\u00e9ral  des  collectivit\u00e9s  territoriales  et notamment  son  article  L. 2212-5  ;\nVu le code  de la s\u00e9curit\u00e9  int\u00e9rieure  ;\nVu le d\u00e9cret  n\u00b0 2004-374  du 29 avril  2004  modifi\u00e9  relatif  aux  pouvoirs  des  pr\u00e9fets,  a\nl'organisation  et \u00e0 l'action  des services  de l'\u00c9tat  dans  les r\u00e9gions  et d\u00e9partements  ;\nVu le d\u00e9cret  n\u00b0 2012-1246  du 7 novembre  2012  modifi\u00e9  relatif  \u00e0 la gestion  budg\u00e9taire\net comptable  publique  ;\nVu le d\u00e9cret  n\u00b0 2019-798  du 26 juillet 2019 modifi\u00e9  relatif aux r\u00e9gies de recettes  et\naux  r\u00e9gies  d'avance  des  organismes  publics  ;\nVu le d\u00e9cret  n\u00b0 2012-1247  du 7 novembre  2012  modifi\u00e9  portant  adaptation  de divers\ntextes  aux  nouvelles  r\u00e8gles  de la gestion  budg\u00e9taire  et comptable  publique  ;\nVu le d\u00e9cret  du 13 juillet  2023  nommant  Monsieur  Rollon  MOUCHEL-BLAISOT  pr\u00e9fet\nde la Somme  \u00e0 compter  du 24 juillet  2023  ;\nVu le d\u00e9cret  du 21 juillet  2023  nommant  Monsieur  Emmanuel  MOULARD,  secr\u00e9taire\ng\u00e9n\u00e9ral  de la pr\u00e9fecture  de  la Somme  ;\nVu l'arr\u00eat\u00e9  du 28 mai  1993  modifi\u00e9  par  arr\u00eat\u00e9  du 3 septembre  2001  relatif  aux  taux  de\nl'indemnit\u00e9  de responsabilit\u00e9  susceptible  d'\u00eatre  allou\u00e9e  aux  r\u00e9gisseurs  d'avances  et\naux  r\u00e9gisseurs  de recettes  relevant  des  organismes  publics  et montant  du\ncautionnement  impos\u00e9  a ces agents  ;\nVu l'arr\u00eat\u00e9  interminist\u00e9riel  du 17 juin  2005  fixant  les conditions  du remboursement\npar l'\u00c9tat  des indemnit\u00e9s  de responsabilit\u00e9s  vers\u00e9es  par les communes  et\ngroupements  de communes  aux r\u00e9gisseurs  des Los  de recettes  au nom  et pour  le\ncompte  de l'\u00c9tat  ;\nVu l'arr\u00eat\u00e9  interminist\u00e9riel  du 13 f\u00e9vrier  2013  modifi\u00e9  habilitant  les pr\u00e9fets  \u00e0 instituer\ndes  r\u00e9gies  de recettes  et des r\u00e9gies  d'avances  aupr\u00e8s  des  services  d\u00e9concentr\u00e9s  du\nminist\u00e8re  de l'int\u00e9rieur  ;\nVu l'arr\u00eat\u00e9  pr\u00e9fectoral  du 28 juillet  2003  instituant  une  r\u00e9gie  de recettes  aupr\u00e8s  de la\npolice  municipale  de Pont-de-Metz  ;\nVu l'arr\u00eat\u00e9  pr\u00e9fectoral  du 28 ao\u00fbt 2017 portant  nomination  de Monsieur  Mathieu\nVITOUX  en tant  que  r\u00e9gisseur  titulaire  et de Madame  Nathalie  HALLOO  en tant  que\nr\u00e9gisseur  suppl\u00e9ant  ;\n1/2\nPr\u00e9fecture de la Somme - Direction de la Citoyennet\u00e9 et de la L\u00e9galit\u00e9 - 80-2024-08-07-00003 - Arr\u00eat\u00e9 pr\u00e9fectoral portant nomination\nd'un r\u00e9gisseur d'\u00c9tat titulaire et d'un mandataire suppl\u00e9ant de police municipale de la commune de Pont-de-Metz 45\nVu l'arr\u00eat\u00e9  pr\u00e9fectoral  du 15 janvier  2024  portant  d\u00e9l\u00e9gation  de signature  a\nMonsieur  Emmanuel  MOULARD,  secr\u00e9taire  g\u00e9n\u00e9ral  de la pr\u00e9fecture  de la Somme  ;\nVu la lettre  du 23 juin  2023  par  laquelle  le maire  de Pont-de-Metz  sollicite  le\nremplacement  du r\u00e9gisseur  titulaire  aupr\u00e9s  de la r\u00e9gie  de police  municipale  de sa\ncommune  ;\nVu l'agr\u00e9ment  du comptable  public  assignataire  en date  du 17 juillet  2024  ;\nSur  proposition  du secr\u00e9taire  g\u00e9n\u00e9ral  de la pr\u00e9fecture  de la Somme  ;\nARR\u00caTE\nArticle  1\u00b0 : L'arr\u00eat\u00e9  pr\u00e9fectoral  du 28 ao\u00fbt  2017,  portant  nomination  de Monsieur\nMathieu  VITOUX  en tant  que  r\u00e9gisseur  titulaire  et de Madame  Nathalie  HALLOO  en\ntant  que  r\u00e9gisseur  suppl\u00e9ant  est abrog\u00e9.\nArticle  2 : Monsieur  Christophe  GOUDIN,  brigadier-chef  principal  de la police\nmunicipale,  est nomm\u00e9  r\u00e9gisseur  titulaire  pour  percevoir  le produit  des  amendes\nforfaitaires  de la police  de la circulation,  en application  de l'article  L. 2212-5  du code\ng\u00e9n\u00e9ral  des collectivit\u00e9s  territoriales  et le produit  des consignations  pr\u00e9vues  par\nl'article  L121-4  du code  de la route,  en remplacement  de Monsieur  Mathieu  VITOUX.\nArticle  3 : En cas  d'absence  du r\u00e9gisseur  pour  maladie,  cong\u00e9  ou tout  autre\nemp\u00eachement  exceptionnel,  Madame  Nathalie  HALLOO,  adjointe  administrative\nprincipale  de 1\"\u00b0 classe,  est nomm\u00e9e  mandataire  suppl\u00e9ante,  afin  de r\u00e9aliser  pour  le\ncompte  du r\u00e9gisseur  toutes  les op\u00e9rations  aff\u00e9rentes  \u00e0 la r\u00e9gie  dans  les conditions\nfix\u00e9es  par le d\u00e9cret  du 26 juillet  2019  relatif  aux  r\u00e9gies  de recettes  et d'avances  des\norganismes  publics.\nArticle  4: Le r\u00e9gisseur  percevra  une  indemnit\u00e9  de maniement  de fonds  dont  le\nmontant  est fix\u00e9  par  l'arr\u00eat\u00e9  du 28 mai  1993  modifi\u00e9  susmentionn\u00e9.\nArticle  5: Le secr\u00e9taire  g\u00e9n\u00e9ral  de la pr\u00e9fecture  de la Somme,  la directrice\nd\u00e9partementale  des  finances  publiques  de la Somme  et le maire  de Pont-de-Metz\nsont  charg\u00e9s,  chacun  en ce qui le concerne,  de l'ex\u00e9cution  du pr\u00e9sent  arr\u00eat\u00e9  qui sera\npubli\u00e9  au recueil  des actes  administratifs  de la pr\u00e9fecture  de la Somme.\nAmiens,  le 07 AO\u00dbT 2024\nPour  le Pr\u00e9fet  et par  d\u00e9l\u00e9gation,\nLe Secr\u00e9taire  G\u00e9n\u00e9ral\nGt,\nA  \u20ac#7 4 EN '6 \u00e0\n! at (\n+ | Emmanuel MOULARD\n2/2\nPr\u00e9fecture de la Somme - Direction de la Citoyennet\u00e9 et de la L\u00e9galit\u00e9 - 80-2024-08-07-00003 - Arr\u00eat\u00e9 pr\u00e9fectoral portant nomination\nd'un r\u00e9gisseur d'\u00c9tat titulaire et d'un mandataire suppl\u00e9ant de police municipale de la commune de Pont-de-Metz 46\nPr\u00e9fecture de la Somme - Direction de la\nCitoyennet\u00e9 et de la L\u00e9galit\u00e9\n80-2024-09-10-00002\nArr\u00eat\u00e9 Portant cr\u00e9ation de l'habilitation fun\u00e9raire\nn\u00b024-80-0117 de la SARL \"TRANSPORTS\nFUNERAIRES FIERAIN\" sise 519, rue du Bois\nBoullon \u00e0 DRUCAT 80132\nPr\u00e9fecture de la Somme - Direction de la Citoyennet\u00e9 et de la L\u00e9galit\u00e9 - 80-2024-09-10-00002 - Arr\u00eat\u00e9 Portant cr\u00e9ation de l'habilitation\nfun\u00e9raire n\u00b024-80-0117 de la SARL \"TRANSPORTS FUNERAIRES FIERAIN\" sise 519, rue du Bois Boullon \u00e0 DRUCAT 80132 47\nEn\nPREFET\nDE LA SOMME\nLibert\u00e9\nEgalit\u00e9\nFrarcruit\u00e9Secr\u00e9tariat  g\u00e9n\u00e9ral\nDirection  de la Citoyennet\u00e9  et de la L\u00e9galit\u00e9\nBureau  des  \u00e9lections  et de la r\u00e9glementation  g\u00e9n\u00e9rale\nARR\u00caT\u00c9\nPortant  cr\u00e9ation  de l'habilitation  fun\u00e9raire  n\u00b0 24-80-0117\nde la SARL  \u00ab TRANSPORTS  FUNERAIRES  FIERAIN  \u00bb\n\u2014 sise  519,  rue  du Bois  Boullon  \u00e0 DRUCAT  (80132)\nLE PR\u00c9FET  DE LA SOMME\nCHEVALIER  DE LA L\u00c9GION  D'HONNEUR\nVU le Code  g\u00e9n\u00e9ral  des  collectivit\u00e9s  territoriales  ;\nVU le d\u00e9cret  n\u00b0 2004-374  du 29 avril  2004  relatif  aux  pouvoirs  des  Pr\u00e9fets,  \u00e0 l'organisation  et \u00e0\nl'action  des  services  de l'\u00c9tat  dans  les r\u00e9gions  et d\u00e9partements  ;\nVU le d\u00e9cret  n\u00b0 2020-917  du 28 juillet  2020  relatif  \u00e0 la dur\u00e9e  de l'habilitation  dans  le secteur\nfun\u00e9raire  et \u00e0 la housse  mortuaire  ;\nVU le d\u00e9cret  du 13 juillet  2023  portant  nomination  du pr\u00e9fet  de la Somme,  Monsieur  Rollon\nMOUCHEL-BLAISOT  \u00e0 compter  du 24 juillet  2023  ;\nVU le d\u00e9cret  du 21 juillet  2023 portant  nomination  de Monsieur  Emmanuel  MOULARD,\nsous-pr\u00e9fet  hors  classe,  secr\u00e9taire  g\u00e9n\u00e9ral  de la pr\u00e9fecture  de la Somme  ;\nVU l'arr\u00eat\u00e9  or\u00e9featocal  du 15 janvier  2024 portant  d\u00e9l\u00e9gation  de signature  principale  a Monsieur\nEmmanuel  MOULARD,  secr\u00e9taire  g\u00e9n\u00e9ral  de la pr\u00e9fecture  de la Somme  ;\nVU la demande  re\u00e7ue  par  courriel  le 29 juillet  2024  par  laquelle  Monsieur  Nicolas  FIERAIN  g\u00e9rant  de\nla SARL  \u00ab TRANSPORTS  FUNERAIRES  FIERAIN  \u00bb - sise  519,  rue du Bois  Boullon  \u00e0 DRUCAT  (80132)\nsollicite  la cr\u00e9ation  de l'habilitation  fun\u00e9raire  de son  \u00e9tablissement  principal  ;\nVU les pi\u00e8ces  compl\u00e9mentaires  parvenues  le 26 ao\u00fbt  2024  ;\nCONSID\u00c9RANT  que  la SARL  \u00ab TRANSPORTS  FUNERAIRES  FIERAIN  \u00bb - sise 519,  rue du Bois  Boullon  \u00e0\nDRUCAT  (80132)  remplit  les conditions  pour  obtenir  I'habilitation  fun\u00e9raire  ;\nSUR  proposition  du secr\u00e9taire  g\u00e9n\u00e9ral  de la pr\u00e9fecture  ;\nARR\u00caTE\nArticle  1%: La SARL \u00ab TRANSPORTS  FUNERAIRES  FIERAIN  \u00bb \u2014 sise 519, rue du Bois Boullon  \u00e0\nDRUCAT  (80132)  et exploit\u00e9e  par  M. Nicolas  FIERAIN,  g\u00e9rant,  est habilit\u00e9e  pour  exercer  sur\nl'ensemble  du territoire  national  l'activit\u00e9  fun\u00e9raire  suivante  :\n\u2014 transport  de corps  avant  et apr\u00e8s  mise  en bi\u00e8re  (v\u00e9hicule  immatricul\u00e9  GY-396-JA)\n- fourniture  des  housses,  des  cercueils  et de leurs  accessoires  int\u00e9rieurs  et ext\u00e9rieurs  ainsi  que  des\nurnes  cin\u00e9raires\n\u2014 fourniture  des  corbillards  et des  voitures  de deuil\nPr\u00e9fecture de la Somme - Direction de la Citoyennet\u00e9 et de la L\u00e9galit\u00e9 - 80-2024-09-10-00002 - Arr\u00eat\u00e9 Portant cr\u00e9ation de l'habilitation\nfun\u00e9raire n\u00b024-80-0117 de la SARL \"TRANSPORTS FUNERAIRES FIERAIN\" sise 519, rue du Bois Boullon \u00e0 DRUCAT 80132 48\n- fourniture  de personnel  et des  objets  et prestations  n\u00e9cessaires  aux  obs\u00e8ques,  inhumations,\nexhumations  et cr\u00e9mation.\nArticle  2 : Conform\u00e9ment  \u00e0 l'article  D2223-55-8  du Code  g\u00e9n\u00e9ral  des  collectivit\u00e9s  territoriales,  M.\nNicolas  FIERAIN  dispose  d'un  d\u00e9lai  de douze  mois  \u00e0 compter  de la date  de cr\u00e9ation  de l'entreprise\npour  satisfaire  \u00e0 l'exigence  de capacit\u00e9  professionnelle  \u00e9nonc\u00e9e  \u00e0 l'article  L. 2223-25-1  du Code\ng\u00e9n\u00e9ral  des collectivit\u00e9s  territoriales.  M. Nicolas  FIERAIN  a l'obligation  de faire  parvenir  \u00e0 l'autorit\u00e9\npr\u00e9fectorale  la copie  de son  dipl\u00f4me  ou de son  attestation  de formation  dans  un d\u00e9lai  de deux\nmois  apr\u00e8s  son  obtention.\nArticle  3 : Le num\u00e9ro  de l'habilitation  fun\u00e9raire  est 24-80-0117.\nArticle  4 : La pr\u00e9sente  habilitation  est valable  cinq  ans  \u00e0 compter  du pr\u00e9sent  arr\u00eat\u00e9.\nArticle  5: L'habilitation  peut  \u00eatre  renouvel\u00e9e  \u00e0 la demande  de l'entreprise.  Cette  demande,\naccompagn\u00e9e  des  pi\u00e8ces  requises,  doit  parvenir  \u00e0 la pr\u00e9fecture  de la Somme  deux  mois  avant\nl'expiration  de l'habilitation  d\u00e9tenue.\nArticle  6 : Tout  changement  dans  les \u00e9l\u00e9ments  contenus  dans  l'habilitation  doit  \u00eatre  d\u00e9clar\u00e9  dans\nun d\u00e9lai  de deux  mois  \u00e0 la Pr\u00e9fecture  de la Somme.\nArticle  7: Le non-respect  des  conditions  pour  lesquelles  l'habilitation  est accord\u00e9e  entra\u00eene\nl'application  des  sanctions  pr\u00e9vues  par  les dispositions  combin\u00e9es  des  articles  L. 2223-25  et L.\n2223-35  du Code  g\u00e9n\u00e9ral  des  collectivit\u00e9s  territoriales.\nArticle  8 : Dans  un d\u00e9lai  de deux  mois  \u00e0 compter  de sa notification,  le pr\u00e9sent  arr\u00eat\u00e9  peut  faire\nl'objet  d'un  recours  gracieux  aupr\u00e8s  du pr\u00e9fet  de la Somme,  d'un  recours  hi\u00e9rarchique  aupr\u00e8s  du\nMinist\u00e8re  de l'Int\u00e9rieur  ou d'un  recours  contentieux  aupr\u00e8s  du tribunal  administratif  d'Amiens.\nArticle  9 : Le secr\u00e9taire  g\u00e9n\u00e9ral  de la pr\u00e9fecture  de la Somme  est charg\u00e9  de l'ex\u00e9cution  du pr\u00e9sent\narr\u00eat\u00e9  qui sera  publi\u00e9  au Recueil  des  Actes  Administratifs  de la Pr\u00e9fecture  de la Somme  et notifi\u00e9  \u00e0\nM. Nicolas  FIERAIN.\nFait \u00e0 Amiens,  le 1.0 SEP. 2024\nPour  le pr\u20acfet  et par  d\u00e9l\u00e9gation,\nLe secr\u00e9taire  g\u00e9n\u00e9ral,\n[\nEmmanuel  MOULARD\nPr\u00e9fecture de la Somme - Direction de la Citoyennet\u00e9 et de la L\u00e9galit\u00e9 - 80-2024-09-10-00002 - Arr\u00eat\u00e9 Portant cr\u00e9ation de l'habilitation\nfun\u00e9raire n\u00b024-80-0117 de la SARL \"TRANSPORTS FUNERAIRES FIERAIN\" sise 519, rue du Bois Boullon \u00e0 DRUCAT 80132 49\nPr\u00e9fecture de la Somme - Direction de la\nCitoyennet\u00e9 et de la L\u00e9galit\u00e9\n80-2024-09-10-00001\nArr\u00eat\u00e9 pr\u00e9fectoral du 10 septembre 2024\ninstituant la commission d'organisation des\n\u00e9lections au tribunal de commerce d'Amiens en\nvue des scrutins des 2 et 15 octobre 2024\nPr\u00e9fecture de la Somme - Direction de la Citoyennet\u00e9 et de la L\u00e9galit\u00e9 - 80-2024-09-10-00001 - Arr\u00eat\u00e9 pr\u00e9fectoral du 10 septembre\n2024 instituant la commission d'organisation des \u00e9lections au tribunal de commerce d'Amiens en vue des scrutins des 2 et 15 octobre\n202450\n| = | Secr\u00e9tariat  g\u00e9n\u00e9ral\nPR\u00c9FET  Direction  de la citoyennet\u00e9  et de la l\u00e9galit\u00e9\nDE LA SOMME  | Bureau  des \u00e9lections  et de la r\u00e9glementation  g\u00e9n\u00e9rale\n\"elit\u00e9\nFraternit\u00e9\nARR\u00caT\u00c9\nInstituant  la commission  d'organisation  des  \u00e9lections  au tribunal  de commerce\nd'Amiens  en vue  des  scrutins  des  2 et 15 octobre  2024\nLE PR\u00c9FET  DE LA SOMME\nCHEVALIER  DE LA L\u00c9GION  D'HONNEUR\n| VU le Code  de commerce  ;\nWU  le Code  \u00e9lectoral  ;\nVU le d\u00e9cret  n\u00b0 2004-374  du 29 avril  2004  modifi\u00e9  relatif  aux  pouvoirs  des  pr\u00e9fets,  \u00e0 l'organisation\net \u00e0 l'action  des  services  de l'\u00c9tat  dans  les r\u00e9gions  et d\u00e9partements  ;\nVU le d\u00e9cret  du 13 juillet  2023  portant  nomination  du pr\u00e9fet  de la Somme,  M. Rollon  MOUCHEL-\nBLAISOT  \u00e0 compter  du 24 juillet  2023  ;\nVU le d\u00e9cret  du 21 juillet  2023  portant  nomination  de M. Emmanuel  MOULARD,  sous-pr\u00e9fet  hors\nclasse,  secr\u00e9taire  g\u00e9n\u00e9ral  de la pr\u00e9fecture  de la Somme  ;\nVU l'arr\u00eat\u00e9  du 24 mai  2011  relatif  aux  bulletins  de vote  pour  l'\u00e9lection  des  juges  des  tribunaux  de\ncommerce  ;\nVU l'arr\u00eat\u00e9  pr\u00e9fectoral  du 15 janvier  2024  portant  d\u00e9l\u00e9gation  de signature  principale  \u00e0 M. Emmanuel\nMOULARD,  secr\u00e9taire  g\u00e9n\u00e9ral  de la pr\u00e9fecture  de la Somme  ;\nVU  l'arr\u00eat\u00e9  pr\u00e9fectoral  du 7 ao\u00fbt  2024  portant  convocation  des  \u00e9lecteurs  \u00e0 l'\u00e9lection  des  juges  au\ntribunal  de commerce  d'Amiens  - scrutin  des  2 et 15 octobre  2024  ;\nVU la circulaire  JUSB2415263C  du 20 juin  2024  relative  \u00e0 l'organisation  de l'\u00e9lection  annuelle  2024\ndes juges  des  tribunaux  de commerce  en application  de l'article  L.723-11  du code  du commerce;\nVU le proc\u00e8s-verbal  de la r\u00e9union  du 15 juillet  2024  de la commission  d'\u00e9tablissement  de la liste  des\nmembres  du coll\u00e8ge  \u00e9lectoral  du tribunal  de commerce  d'Amiens  ;\nVU l'ordonnance  du 29 ao\u00fbt  2024  de Madame  la Premi\u00e8re  Pr\u00e9sidente  de la cour  d'appel  d'Amiens  ;\nVU l'ordonnance  compl\u00e9tive  du 2 septembre  2024  de Madame  la Premi\u00e8re  Pr\u00e9sidente  de la cour\nd'appel  d'Amiens  ;\nSur  proposition  du secr\u00e9taire  g\u00e9n\u00e9ral  de la pr\u00e9fecture  ;\n51, rue de la R\u00e9publique\n80020  AMIENS  Cedex  9\npref-elections@somme.gouv.fr\n03-22-97-82-60\nPr\u00e9fecture de la Somme - Direction de la Citoyennet\u00e9 et de la L\u00e9galit\u00e9 - 80-2024-09-10-00001 - Arr\u00eat\u00e9 pr\u00e9fectoral du 10 septembre\n2024 instituant la commission d'organisation des \u00e9lections au tribunal de commerce d'Amiens en vue des scrutins des 2 et 15 octobre\n202451\nARRETE\nArticle  1\u00b0: \u00c0 l'occasion  du renouvellement  partiel  des juges  du tribunal  de commerce  d'Amiens  qui\naura  lieu le mercredi  2 octobre  2024  et, en cas de second  tour,  le mardi  15 octobre  2024,  il est\ninstitu\u00e9  une commission  charg\u00e9e  de v\u00e9rifier  la conformit\u00e9  des bulletins  de vote  adress\u00e9s  aux\n\u00e9lecteurs,  de veiller  \u00e0 la r\u00e9gularit\u00e9  du scrutin  et de proclamer  les r\u00e9sultats.\nArticle  2 : La composition  de cette  commission  est fix\u00e9e  comme  suit  :\nPr\u00e9sident:  Monsieur  Dominique  de SURIREY,  premier  vice-pr\u00e9sident  du tribunal  judiciaire\nd'Amiens  ;\nPr\u00e9sident  suppl\u00e9ant  : Monsieur  Eric  BRAMAT,  pr\u00e9sident  du tribunal  judiciaire  d'Amiens.\nMembres  :\n- Juge  du tribunal  judiciaire  : Monsieur  Franck  ESPINASSE,  vice-pr\u00e9sident  charg\u00e9  des fonctions  de\njuge  des contentieux  de la protection  \u00e0 la chambre  de proximit\u00e9  d'Amiens,  titulaire  ou Monsieur\nEric  BRAMAT,  pr\u00e9sident  du tribunal  judiciaire  d'Amiens,  suppl\u00e9ant.\n- Fonctionnaire  d\u00e9sign\u00e9  par le pr\u00e9fet  de la Somme  : Madame  C\u00e9lia  CADET,  cheffe  du bureau  des\n\u00e9lections  et de la r\u00e9glementation  g\u00e9n\u00e9rale,  titulaire  ou Madame  Jana  BLAJIN,  adjointe  \u00e0 la cheffe  de\nbureau  des  \u00e9lections  et de la r\u00e9glementation  g\u00e9n\u00e9rale,  suppl\u00e9ante.\nSecr\u00e9tariat  : Monsieur  Xavier  BERNARD,  greffier  associ\u00e9  du tribunal  de commerce  d'Amiens.\nArticle  3 : La commission  d'organisation  des \u00e9lections  a son si\u00e8ge  au tribunal  judiciaire  d'Amiens  o\u00f9\nelle se r\u00e9unira  le 16 septembre  2024  \u00e0 18 heures  pour  v\u00e9rifier  la conformit\u00e9  des bulletins  de vote.\nLes op\u00e9rations  de d\u00e9pouillement  se d\u00e9rouleront  le mercredi  2 octobre  2024  et le mardi  15 octobre\n2024,  en cas de second  tour,  dans  la Chambre  du Conseil  du tribunal  de commerce  d'Amiens  sise\nau 1\u00b0 \u00e9tage  de l'Espace  Lamartine  - 18 rue Lamartine  \u00e0 Amiens  de 11h \u00e0 12h.\nArticle  4: Le secr\u00e9taire  g\u00e9n\u00e9ral  de la pr\u00e9fecture  et le Pr\u00e9sident  de la commission,  sont  charg\u00e9s,\nchacun  en ce qui le concerne,  de l'ex\u00e9cution  du pr\u00e9sent  arr\u00eat\u00e9  qui sera  a publi\u00e9  au recueil  des actes\nadministratifs  de la pr\u00e9fecture  de la Somme.\nFait  \u00e0 Amiens,  le | 0 SEP,  2024\nPour  le Pr\u00e9fet  et par d\u00e9l\u00e9gation,\nLe secr\u00e9taife  g\u00e9n\u00e9ral,\nC\nEmmanuel  MOULARD\nPr\u00e9fecture de la Somme - Direction de la Citoyennet\u00e9 et de la L\u00e9galit\u00e9 - 80-2024-09-10-00001 - Arr\u00eat\u00e9 pr\u00e9fectoral du 10 septembre\n2024 instituant la commission d'organisation des \u00e9lections au tribunal de commerce d'Amiens en vue des scrutins des 2 et 15 octobre\n202452\nPr\u00e9fecture de la Somme - Sous-pr\u00e9fecture de\nP\u00e9ronne\n80-2024-09-10-00005\n24 09 AP convoc \u00e9lections Mesnil Martinsart\nPr\u00e9fecture de la Somme - Sous-pr\u00e9fecture de P\u00e9ronne - 80-2024-09-10-00005 - 24 09 AP convoc \u00e9lections Mesnil Martinsart 53\n=m\nPREFET\nDE LA SOMME  Sous-pr\u00e9fecture  de P\u00e9ronne\nLibert\u00e9\nEgalit\u00e9\nFraternit\u00e9\nARR\u00caT\u00c9\nPortant  convocation  des  \u00e9lecteurs  de Mesnil-Martinsart\n\u00e0 une  \u00e9lection  municipale  partielle  compl\u00e9mentaire  les 24 novembre  et 1\u00b0 d\u00e9cembre\n2024  et fixant  les dates  de d\u00e9p\u00f4t  des d\u00e9clarations  de candidature  pour  l'\u00e9lection  de\nquatre  conseillers  municipaux\nLA SOUS-PR\u00c9F\u00c8TE  DE P\u00c9RONNE\nVu le code  \u00e9lectoral,  et notamment  les articles  L.247,  L.255-2  \u00e0 L.255-5  et L.258  ;\nVu le code  g\u00e9n\u00e9ral  des collectivit\u00e9s  territoriales  et notamment  l'article  L.2122-8  ;\nVu le d\u00e9cret  du 4 novembre  2022  portant  nomination  de Mme  Laurence  Lecoustre,  sous-pr\u00e9f\u00e8te  de\nP\u00e9ronne;\nVu l'arr\u00eat\u00e9  pr\u00e9fectoral  du 24 juillet  2023  portant  d\u00e9l\u00e9gation  de signature  a Mme  Laurence  Lecoustre,\nsous-pr\u00e9f\u00e8te  de P\u00e9ronne  ;\nVu les d\u00e9missions  de Mmes  Laurence  Hede,  Rebecca  Prissette  et de MM.  Romain  Lagache,  Denis  Secret\ndes  postes  de conseillers  municipaux  et d'adjoint  ;\nConsid\u00e9rant  qu'il  y a lieu de compl\u00e9ter  le conseil  municipal  de Mesnil-Martinsart  conform\u00e9ment  aux\ndispositions  de l'article  L.2122-8  du code  g\u00e9n\u00e9ral  des collectivit\u00e9s  territoriales  et l'article  L.258  du code\n\u00e9lectoral  ;\nSur proposition  de M. le secr\u00e9taire  g\u00e9n\u00e9ral  de la sous-pr\u00e9fecture  de P\u00e9ronne  ;\nARR\u00caTE\nArticle  1er. - Les \u00e9lecteurs  et \u00e9lectrices  de la commune  de Mesnil-Martinsart  sont  convoqu\u00e9s  le\ndimanche  24 novembre  2024  \u00e0 l'effet  de proc\u00e9der  \u00e0 l'\u00e9lection  de quatre  conseillers  municipaux.\nLe scrutin  sera  ouvert  de 8 heures  \u00e0 18 heures  sans  interruption,  au lieu mentionn\u00e9  sur l'arr\u00eat\u00e9\npr\u00e9fectoral  portant  d\u00e9signation  des  bureaux  de vote  pour  l'ann\u00e9e  2024.\nLes enveloppes  utilis\u00e9es  sont  de couleur  violette.\nLes listes  \u00e9lectorales  utilis\u00e9es  seront  extraites  du r\u00e9pertoire  \u00e9lectoral  unique  et \u00e0 jour  des inscriptions\nintervenues  jusqu'au  sixi\u00e8me  vendredi  pr\u00e9c\u00e9dant  le scrutin  (article  L17 du code  \u00e9lectoral),  soit\nle 18 octobre  2024,  ainsi  que  des inscriptions  d\u00e9rogatoires  intervenues  jusqu'au.  14 novembre  2024\n(article  L.30  du code  \u00e9lectoral)  et, le cas \u00e9ch\u00e9ant,  des d\u00e9cisions  d'inscription  ou de radiation  rendues\npar le tribunal  judiciaire  (article  L.20  du code  \u00e9lectoral).\nLa commission  de contr\u00f4le  des listes  \u00e9lectorales  devra  se r\u00e9unir  imp\u00e9rativement  entre  le jeudi  31\noctobre  et le dimanche  3 novembre  2024  (article  L19,  III du code  \u00e9lectoral).\nPr\u00e9fecture de la Somme - Sous-pr\u00e9fecture de P\u00e9ronne - 80-2024-09-10-00005 - 24 09 AP convoc \u00e9lections Mesnil Martinsart 54\nArticle  2. - Au cas o\u00f9 un second  tour  serait  n\u00e9cessaire,  il y sera  proc\u00e9d\u00e9  dans  la m\u00eame  forme  le\ndimanche  1\u00b0 d\u00e9cembre  2024.\nArticle  3. - Apr\u00e8s  la cl\u00f4ture  des  op\u00e9rations  \u00e9lectorales,  un extrait  du proc\u00e8s-verbal  de l'\u00e9lection  sera\nimm\u00e9diatement  affich\u00e9  \u00e0 la porte  de la mairie  et le second  exemplaire  adress\u00e9  le lendemain  \u00e0 la sous-\npr\u00e9fecture  de P\u00e9ronne.\nArticle  4. - Le d\u00e9p\u00f4t  d'une  candidature  est obligatoire  pour  tous  les candidats  aux  \u00e9lections\nmunicipales.\nDans  les communes  de moins  de 1000  habitants,  le d\u00e9p\u00f4t  d'une  candidature  est obligatoire\nuniquement  pour  le 1\u00b0' tour  de scrutin.  Pour  le second  tour,  et uniquement  dans  le cas o\u00f9 le nombre  de\ncandidats  pr\u00e9sents  au 1\" tour  aurait  \u00e9t\u00e9 inf\u00e9rieur  au nombre  de si\u00e8ges  de conseillers  municipaux  a\npourvoir,  \u00e0 savoir  4, les candidats  qui ne se seraient  pas pr\u00e9sent\u00e9s  au 1\u00b0 tour  doivent  d\u00e9poser  une\nd\u00e9claration  de candidature.\nL'enregistrement  des  candidatures  s'effectue  \u00e0 la sous-pr\u00e9fecture  de P\u00e9ronne,  25 avenue  Charles\nBoulanger,  selon  le calendrier  suivant  :\nPour le 1% tour du lundi  4 novembre  2024  au jeudi  7 novembre  2024  de 10h \u00e0 12h et de 14h \u00e0 16h30\nexcept\u00e9  le jeudi  7 novembre  2024  jusqu'\u00e0  18h.\nPour  le 2\u00e8me  tour  du lundi  25 novembre  2024  de 10h  \u00e0 12h  et de 14h  \u00e0 16h30  au mardi  26 novembre\n2024  de 10h  \u00e0 12h  et de 14h  \u00e0 18h.\nLe d\u00e9p\u00f4t  des candidatures  se fera  sur rendez-vous  en appelant  le 03 22 97 83 33.\nArticle  5. - La campagne  \u00e9lectorale  est ouverte  \u00e0 partir  du lundi  11 novembre  2024  jusqu'au  samedi  23\nnovembre  2024  \u00e0 z\u00e9ro  heure  pour  le premier  tour  et du lundi  25 novembre  2024  au samedi  30\nnovembre  2024  \u00e0 z\u00e9ro  heure  en cas  de second  tour.\nArticle  6. - Les emplacements  d'affichage  seront  attribu\u00e9s  dans  l'ordre  d'arriv\u00e9e  des  demandes  en\nmairie,  \u00e0 partir  du lundi  11 novembre  2024  et au plus  tard  le mercredi  20 novembre  2024  \u00e0 12 heures\npour  le premier  tour,  et le mercredi  27 novembre  2024  \u00e0 12 heures  au plus  tard  pour  le second  tour.\nArticle  7. - Mme  la sous-pr\u00e9f\u00e8te  de P\u00e9ronne  et M. le maire  de Mesnil-Martinsart  sont  charg\u00e9s,  chacun  en\nce qui les concerne,  de l'ex\u00e9cution  du pr\u00e9sent  arr\u00eat\u00e9  qui sera  imm\u00e9diatement  affich\u00e9  dans  les formes  et\nlieux  accoutum\u00e9s,  et publi\u00e9  au RAA.\nP\u00e9ronne,  le 10 septembre  2024\nPr\u00e9fecture de la Somme - Sous-pr\u00e9fecture de P\u00e9ronne - 80-2024-09-10-00005 - 24 09 AP convoc \u00e9lections Mesnil Martinsart 55","date":"2024-09-13","first_seen_on":"2024-09-13T14:40:50+00:00","id":"c5e38f06539ffb8795c1438e797f1a82a894b15d373b1b75e7011bee8b4ba296","name":"RAA n\u00b0177 sp\u00e9cial (nominatifs) du 13 septembre 2024","pdf_creation_date":"2024-09-13T14:10:48+00:00","pdf_modification_date":null,"timezone":"Europe/Paris","url":"https://www.somme.gouv.fr/contenu/telechargement/49464/329308/file/recueil-2024-177-recueil-des-actes-administratifs-nominatifs.pdf"}
