{"administration":"prefidf","administration_name":"Pr\u00e9fecture de la r\u00e9gion \u00cele-de-France","content":"PREFECTURE\nREGION ILE DE\nFRANCE\nRECUEIL DES ACTES\nADMINISTRATIFS SP\u00c9CIAL\nN\u00b0IDF-030-2025-05\nPUBLI\u00c9 LE 19 MAI 2025\nSommaire\nChambre de commerce et d'industrie de r\u00e9gion Paris - \u00cele-de-France /\nIDF-2025-05-01-00001 - D\u00e9cision portant d\u00e9l\u00e9gation de signature  (3\npages) Page 3\nIDF-2025-05-01-00005 - D\u00e9cision portant d\u00e9l\u00e9gation de signature \n(Ressources Humaines) (4 pages) Page 7\nIDF-2025-05-01-00002 - D\u00e9cision portant d\u00e9l\u00e9gation de signature\n(Engagement d\u00e9penses et recettes) (4 pages) Page 12\nIDF-2025-05-01-00006 - D\u00e9cision portant d\u00e9l\u00e9gation de signature\n(enseignement et formations) (4 pages) Page 17\nIDF-2025-05-01-00003 - D\u00e9cision portant d\u00e9l\u00e9gation de signature\n(March\u00e9s publics) (2 pages) Page 22\nIDF-2025-05-01-00004 - D\u00e9cision portant d\u00e9l\u00e9gation de signature\n(R\u00e9ponse aux appels \u00e0 concurrence) (2 pages) Page 25\nPr\u00e9fecture de la R\u00e9gion d'Ile de France, Pr\u00e9fecture de Paris  / Direction\ndes affaires juridiques\nIDF-2025-05-19-00001 - Arr\u00eat\u00e9 portant d\u00e9l\u00e9gation de signature \u00e0\nMonsieur Fran\u00e7ois TH\u00c9OLEYRE, Directeur interr\u00e9gional de la\ns\u00e9curit\u00e9 de l'aviation civile nord, en mati\u00e8re administrative (2\npages) Page 28\n2\nChambre de commerce et d'industrie de r\u00e9gion\nParis - \u00cele-de-France\nIDF-2025-05-01-00001\nD\u00e9cision portant d\u00e9l\u00e9gation de signature \nChambre de commerce et d'industrie de r\u00e9gion Paris - \u00cele-de-France - IDF-2025-05-01-00001 - D\u00e9cision portant d\u00e9l\u00e9gation de signature 3\nCG CCI PARIS ILE-DE-FRANCE\n*\n*\naes\n \nLe Pr\u00e9sident \n \n Page 1 sur 3 \nChambre de commerce et d'industrie de r\u00e9gion Paris Ile-de-France \n27 avenue de Friedland | 75382 Paris cedex 08 \nT. 01 55 65 44 44 (prix d'un appel local) |  www.cci-paris-idf.fr \n \nD\u00c9CISION \nLe pr\u00e9sident de la Chambre de commerce et d'industrie de r\u00e9gion Paris - \u00cele-de-France, \n\u2b9a vu l'article R. 711-68 du code de commerce, \n\u2b9a vu le r\u00e8glement int\u00e9rieur, \nD\u00e9cide : \nSur proposition du directeur g\u00e9n\u00e9ral, \nArticle 1 \n1. De donner d\u00e9l\u00e9gation de signature aux collaborateurs ci-apr\u00e8s d\u00e9nomm\u00e9s, \u00e0 l'effet de pouvoir signer, dans \nle respect des tarifs et des conventions -type d\u00fbment \u00e9tablis \u00e0 cet effet, les conventions portant location \nde salles situ\u00e9es dans les locaux d\u00e9finis dans le tab leau ci -apr\u00e8s, pour des occupations d'une dur\u00e9e \ninf\u00e9rieure ou \u00e9gale \u00e0 5 jours. \nnom fonction \nen cas d'absence ou d'emp\u00eachement \nlocaux \nnom fonction \nDamien WALKER directeur g\u00e9n\u00e9ral \nd\u00e9l\u00e9gu\u00e9 \nd\u00e9partemental de la \nCCI Paris \nIbtissam HENANE Responsable \nAdministrative, \nFinanci\u00e8re, \nLogistique \nlocaux CCI situ\u00e9s au 2 \nplace de la bourse \u00e0 \nParis \nMaxime GARRETA directeur g\u00e9n\u00e9ral \nd\u00e9l\u00e9gu\u00e9 \nd\u00e9partementale par \nint\u00e9rim de la CCI \nVersailles-Yvelines \nVal\u00e9rie MARILLAT directrice des \nop\u00e9rations \nlocaux CCI situ\u00e9s aux 21-\n23-25 avenue de Paris \u00e0 \nVersailles \nBernard CAYOL directeur g\u00e9n\u00e9ral \nd\u00e9l\u00e9gu\u00e9 \nd\u00e9partemental de la \nCCI Seine-Saint-Denis \nNadia VALENTE-\nGUIDIS \n \nJean-Daniel GIL  \ndirectrice des \nop\u00e9rations \n \nresponsable p\u00f4le \nfonctionnel \nlocaux CCI situ\u00e9s au 191 \navenue Paul-Vaillant \nCouturier \u00e0 Bobigny \nMarie REIS DE \nBRAGELONGNE \ndirectrice g\u00e9n\u00e9rale \nd\u00e9l\u00e9gu\u00e9e \nd\u00e9partementale de la \nCCI Val-de-Marne \nMattieu \nDESPERBASQUE \ndirecteur des \nop\u00e9rations \nlocaux CCI situ\u00e9s 8 place \nSalvador Allende \u00e0 \nCr\u00e9teil \nLaure DUBOIS-\nIMBERY \ndirectrice g\u00e9n\u00e9rale \nd\u00e9l\u00e9gu\u00e9e \nd\u00e9partemental de la \nCCI Val-d'Oise \n Maureen \nDUJONCQUOY \ndirectrice des \nop\u00e9rations \nlocaux CCI situ\u00e9s au 35 \nboulevard du Port \u00e0 \nCergy \nArticle 2 - gestion des fonds europ\u00e9ens \nDe donner d\u00e9l\u00e9gation de signature \u00e0 Herv\u00e9 PARCINEAU directeur de l'organisme interm\u00e9diaire, en charge de la \ngestion des fonds europ\u00e9ens d\u00e9l\u00e9gu\u00e9s par l'autorit\u00e9 de gestion (la r\u00e9gion \u00cele- de-France), \u00e0 effet de signer tous \nles actes de gestion des cr\u00e9dits FEDER et FSE, \u00e0 savoir : \nChambre de commerce et d'industrie de r\u00e9gion Paris - \u00cele-de-France - IDF-2025-05-01-00001 - D\u00e9cision portant d\u00e9l\u00e9gation de signature 4\n. ome . . +.  . oe  . . = . . . Pr\n. . - . . . # we . . . ..\nwee A - D  2 eee . - . ae . _\n\" ~ 2 aA \u00abse \"\n. eee . . . ee) . . . .. . . . o.\n- .\nee ee eS  we . - - . .. - Hee  Le ee\n. . \u2014 ee eee \u2014e = + + =. ss .\nD  ee  ee we - - . .. 2.  _\u00ab . . we\n\" - =. . bili\n. wae  . . . we  . . . ~ -- . .\n. . . . - a+\nwe \u2014e  ee  oo _ . ~ \u00ab+e eee  eee eee ee 2 ene\n \n \n  Page 2 sur 3 \n \n\u25cf au titre des op\u00e9rations relevant des cr\u00e9dits d'intervention : \n- la notification des d\u00e9cisions du comit\u00e9 de programmation des fonds de la Chambre de commerce \net d'industrie Paris \u00cele -de-France, instance technique compos\u00e9e de membres de son assembl\u00e9e \ng\u00e9n\u00e9rale, \n- la convention de mise en \u0153uvre de l'aide, \n- la modification du montant de l'aide par voie d'avenant, \n- la notification du paiement de l'aide, \n- et de mani\u00e8re plus g\u00e9n\u00e9rale, tout acte de gestion, de suivi administratif, technique et financier et \nde contr\u00f4le des cr\u00e9dits de la subvention globale, \n \n\u25cf au titre des op\u00e9rations relevant des cr\u00e9dits d'assistance technique : \n- la demande d'aide, \n- la demande de paiement. \n \nEn cas d'absence ou d'emp\u00eachement, Imane OURRAOUI, charg\u00e9e de Mission Financement et Partenariat au sein \nde l'organisme interm\u00e9diaire, re\u00e7oit d\u00e9l\u00e9gation de signature dans les m\u00eames conditions. \nArticle 3 \u2013 d\u00e9p\u00f4t l\u00e9gal \nDe donner d\u00e9l\u00e9gation de signature aux collaborateurs suivants, dans la limite de leurs attributions \u00e0 effet de \nsigner tout acte n\u00e9cessaire aux formalit\u00e9s du d\u00e9p\u00f4t l\u00e9gal : \n \nnom fonction \nen cas d'absence ou d'emp\u00eachement \nnom fonction \nFrance MOROT-\nVIDELAINE  \ndirectrice g\u00e9n\u00e9rale adjointe \nPartenariats, Observations, \nProspective, \u00e9tudes \nLaurent TRILLES Directeur de projet DGA \nPOPE \nChristian BOYER Directeur G\u00e9n\u00e9ral Adjoint en charge \ndu d\u00e9veloppement Commercial et du \nServices aux Entreprises \n  \nPierre MONGRUE  directeur g\u00e9n\u00e9ral adjoint CCI \ninternational Paris Ile-de-France \nChristophe \nBELLANGER \ndirecteur adjoint au DGA \nEva QUICKERT-MENZEL directrice de la communication   \nC\u00e9cile ECALLE directrice de l'apprentissage   \n \nArticle 4 \u2013 carte d'agent immobilier \nDe donner d\u00e9l\u00e9gation de signature aux collaborateurs dont les noms suivent \u00e0 effet de signer : \n\u25cf les demandes de pr\u00e9-contr\u00f4le, \n\u25cf les rejets de demande , \n\u25cf les notifications de radiation de carte suite \u00e0 une cessation d'assurance ou \u00e0 une cessation garantie ; \n\u25cf les confirmations de la suppression du fichier national sans r\u00e9ponse dans les 30 jours suite \u00e0 une cessation \nd'assurance ou \u00e0 une cessation de garantie , \n\u25cf ainsi que tout autre document relatif aux cartes d'agent immobilier pr\u00e9vues \u00e0 l'article 3 de la loi n\u00b0 70-9 du \n2 janvier 1970 r\u00e9glementant les conditions d'exercice des activit\u00e9s relatives \u00e0 certaines op\u00e9rations portant \nsur les immeubles et les fonds de commerce, \u00e0 l'exception des cartes elles-m\u00eames. \nPauline FERRERO,  responsable D\u00e9partement des \nformalit\u00e9s et de l'information juridique  \nCynthia CLEUET, responsable CFPI Isabelle CARRIERRE, \ncharg\u00e9e de mission  \nMarianne CHIRONNIER, chef de projet ma\u00eetrise d'\u0153uvre  \nMarie-Anne DEMACHY, assistante Emilie FARAJI, \nassistante  \nM\u00e9lina GUINTA, charg\u00e9e administrative  \nGa\u00eblle BOUHET, conseiller \nSakina FOUNDI HAMON, conseiller  \nSylvain GISCLARD, conseiller  \nSandrine GORDINHO, conseiller  \nNassur ISMAIL, conseiller  \nFatima EL MEDE, conseiller Sylvie PARIS, conseiller  \nAlix REMON, conseiller  \nChristiane TAILLANDIER, conseiller  \nSophie Ndeye THIAM, conseiller  \nSalah TIGHECHIT, conseiller  \nChambre de commerce et d'industrie de r\u00e9gion Paris - \u00cele-de-France - IDF-2025-05-01-00001 - D\u00e9cision portant d\u00e9l\u00e9gation de signature 5\non\n \n \n  Page 3 sur 3 \nKarnelle BAFIBA, conseiller  \nAugusta CAMARA, conseiller \nMaryline TREHEUX, conseiller \n \nArticle 5 \u2013 certification conforme \n1. De donner d\u00e9l\u00e9gation de signature \u00e0 France MOROT -VIDELAINE, directrice g\u00e9n\u00e9rale adjointe Partenariats, \nObservations, Prospective, \u00e9tudes , pour la certification conforme des proc\u00e8s -verbaux d'assembl\u00e9e \ng\u00e9n\u00e9rale, de bureau et des d\u00e9cisions sign\u00e9es par le pr\u00e9sident de la Chambre de commerce et d'industrie \nde r\u00e9gion Paris - \u00cele-de-France. En cas d'absence ou d'emp\u00eachement, Sophie MC-CRACKEN, responsable du \np\u00f4le vie des instances, re\u00e7oit d\u00e9l\u00e9gation de signature dans les m\u00eames conditions. \n2. De donner d\u00e9l\u00e9gation de signature \u00e0 Nathalie PIERRE, directeur g\u00e9n\u00e9ral  adjoint en charge des Finances et \nParticipations pour la certification conforme des copies des rapports des commissaires aux comptes de la \nChambre de commerce et d'industrie de r\u00e9gion Paris - \u00cele-de-France, des copies du DC7 et \u00e0 effet de signer \ntoute r\u00e9clamation pr\u00e9contentieuse ou gracieuse aupr\u00e8s de l'administration fiscale, ainsi que les re\u00e7us \nfiscaux en cas de dons. \nArticle 6 \u2013 avis relatifs aux demandes de naturalisation \nDe donner d\u00e9l\u00e9gation \u00e0 France MOROT- VIDELAINE, directrice g\u00e9n\u00e9rale adjointe Partenariats, Observations, \nProspective, \u00e9tudes, \u00e0 l'effet de signer les avis de la CCI Paris \u2013 \u00cele-de-France se rapportant aux demandes de \nnaturalisation de commer\u00e7ants ou de chefs d'entreprises commerciales, tel que requis par les pouvoirs publics \nau titre de la r\u00e9glementation en vigueur. \nEn cas d'absence ou d'emp\u00eachement, Christian BOYER, re\u00e7oit d\u00e9l\u00e9gation de signature dans les m\u00eames \nconditions. \nArticle 7 \u2013 contrat de domiciliation \nDe donner d\u00e9l\u00e9gation de signature aux personnes dont les noms suivent afin de proc\u00e9der \u00e0 la signature et \u00e0 \nl'enregistrement des contrats de domiciliation. \nnom fonction \nen cas d'absence ou d'emp\u00eachement \nnom fonction \n  H\u00e9l\u00e8ne RENAUD  \n \nCCID 94 CFE \nConseill\u00e8re Formalit\u00e9s \nR\u00e9gis LAPLANE  \n \nResponsable service Appui aux \nentreprises CCID 95 \nArnaud \nGUILLAUMEAU  \nConseiller Formalit\u00e9s  \nCCID 95 \n \nLa pr\u00e9sent la d\u00e9cision sera publi\u00e9e au recueil des actes administratifs de la R\u00e9gion Ile- de-France ainsi que sur \nle site Internet de la Chambre de commerce et d'industrie de r\u00e9gion Paris - \u00cele-de-France et se substitue \u00e0 toute \nautre d\u00e9l\u00e9gation relevant de domaine identique. \n \nFait \u00e0 Paris, le 1er mai 2025 \n \nSIGNE \n \nDominique RESTINO \n \n \n \n \nDiffusion : \nSur le site www.cci-paris-idf.fr \nRecueil des actes administratifs de la pr\u00e9fecture de r\u00e9gion Ile -de-France  \nChambre de commerce et d'industrie de r\u00e9gion Paris - \u00cele-de-France - IDF-2025-05-01-00001 - D\u00e9cision portant d\u00e9l\u00e9gation de signature 6\nChambre de commerce et d'industrie de r\u00e9gion\nParis - \u00cele-de-France\nIDF-2025-05-01-00005\nD\u00e9cision portant d\u00e9l\u00e9gation de signature \n(Ressources Humaines)\nChambre de commerce et d'industrie de r\u00e9gion Paris - \u00cele-de-France - IDF-2025-05-01-00005 - D\u00e9cision portant d\u00e9l\u00e9gation de signature\n (Ressources Humaines) 7\nCG CCI PARIS ILE-DE-FRANCE\ndernier, Jacques GARAU, directeur g\u00e9n\u00e9ral d\u00e9l\u00e9gu\u00e9,\n \nLe Pr\u00e9sident \n \nDiffusion : b\u00e9n\u00e9ficiaires - www.cci-paris-idf.fr  - recueil des actes administratifs de la pr\u00e9fecture de r\u00e9gion d'\u00cele-de-\nFrance Page 1 sur 4 \nChambre de commerce et d'industrie de r\u00e9gion Paris Ile-de-France \n27 avenue de Friedland | 75382 Paris cedex 08 \nT. 01 55 65 44 44 (prix d'un appel local) |  www.cci-paris-idf.fr \n \n \nD\u00c9CISION \nLe pr\u00e9sident de la Chambre de commerce et d'industrie de r\u00e9gion Paris - \u00cele-de-France, \n\uf0d8 vu l'article L. 710-1 du code de commerce, \n\uf0d8 vu l'article L. 711-8 du code de commerce, \n\uf0d8 vu l'article R. 711-68 du code de commerce, \n\uf0d8 vu l'article 40 de la loi n\u00b02019 -486 du 22 mai 2019 relative \u00e0 la croissance et la transformation des \nentreprises, tel que modifi\u00e9 par la loi n\u00b02022 -172 du 14 f\u00e9vrier 2022 en faveur de l'activit\u00e9 professionnelle \nind\u00e9pendante, \n\uf0d8 vu le code du travail, \n\uf0d8 vu le statut du personnel administratif des chambres de commerce et d'industrie pris en application de la \nloi n\u00b052 -1311 du 10 d\u00e9cembre 1952 relative \u00e0 l'\u00e9tablissement obligatoire d'un statut du personnel \nadministratif des chambres d'agriculture, de commerce et des m\u00e9tiers, \n\uf0d8 vu l'accord collectif majoritaire du 6 novembre 2020 portant reconnaissance d'une unit\u00e9 \u00e9conomique et \nsociale et de mise en place d'un comit\u00e9 social et \u00e9conomique et de repr\u00e9sentants de proximit\u00e9,  \n\uf0d8 vu le r\u00e8glement int\u00e9rieur du personnel de la Chambre de commerce et d'industrie de r\u00e9gion Paris - \u00cele-de-\nFrance, \n\uf0d8 vu le dispositif d'accompagnement \u00e0 l'int\u00e9gration du r\u00e9gime sp\u00e9cial d'assurance vieillesse au r\u00e9gime \ng\u00e9n\u00e9ral, \n\uf0d8 vu le r\u00e8glement int\u00e9rieur de la Chambre de commerce et d'industrie de r\u00e9gion Paris - \u00cele-de-France, \nD\u00e9cide : \nArticle 1 \nDe donner d\u00e9l\u00e9gation de signature \u00e0 St\u00e9phane FRATACCI, directeur g\u00e9n\u00e9ral, \u00e0 l'effet de signer les d\u00e9cisions \nindividuelles et les conventions relatives au recrutement et \u00e0 la gestion des collaborateurs exer\u00e7ant les \nfonctions de directeur g\u00e9n\u00e9ral d\u00e9l\u00e9gu\u00e9, de directeur g\u00e9n\u00e9ral adjoint, de directeur g\u00e9n\u00e9ral d\u00e9l\u00e9gu\u00e9 \nd\u00e9partemental, de directeur en charge d'une direction ou d'un service rattach\u00e9 \u00e0 la direction g\u00e9n\u00e9rale, de \ndirecteur d'une \u00e9cole, \u00e0 l'exception des sanctions disciplinaires autres que l'avertissement , des d\u00e9cisions de \nlicenciement prises apr\u00e8s avis du Comit\u00e9 social \u00e9conomique et des radiations des effectifs des agents publics \npour abandon de poste. \nEn cas d'absence ou d'emp\u00eachement sur proposition de ce dernier, Jacques GARAU, directeur g\u00e9n\u00e9ral d\u00e9l\u00e9gu\u00e9, \nre\u00e7oit d\u00e9l\u00e9gation de signature dans les m\u00eames conditions. \nD\u00e9cide : \nSur proposition du directeur g\u00e9n\u00e9ral, \nArticle 2 \nDe donner d\u00e9l\u00e9gation de signature \u00e0 Fran\u00e7oise GUERIN, directrice g\u00e9n\u00e9rale adjointe en charge des ressources \nhumaines, \u00e0 l'effet de signer : \n1. les d\u00e9cisions individuelles et les conventions relatives au recrutement des collaborateurs, en CDI et en CDD, \ndes b\u00e9n\u00e9ficiaires de contrats aid\u00e9s, des apprentis et des stagiaires d'\u00e9cole ainsi qu'au renouvellement des \ncontrats \u00e0 dur\u00e9e d\u00e9termin\u00e9e en cours de la Chambre de commerce et d'industrie de r\u00e9gion Paris \u2013 \u00cele-de-\nFrance \u00e0 l'exception des directeurs g\u00e9n\u00e9raux d\u00e9l\u00e9gu\u00e9s, directeurs g\u00e9n\u00e9raux adjoints, directeurs g\u00e9n\u00e9raux \nd\u00e9l\u00e9gu\u00e9s d\u00e9partementaux, directeurs en charge d'une direction ou d'un service rattach\u00e9 \u00e0 la direction \ng\u00e9n\u00e9rale, de directeurs d'une \u00e9cole, \n2. les d\u00e9cisions individuelles et les conventions relatives \u00e0 la gestion de l'ensemble des collaborateurs de la \nChambre de commerce et d'industrie de r\u00e9gion Paris \u2013 \u00cele-de-France, \u00e0 l'exception des directeurs g\u00e9n\u00e9raux \nd\u00e9l\u00e9gu\u00e9s, directeurs g\u00e9n\u00e9raux adjoints, directeurs g\u00e9n\u00e9raux d\u00e9l\u00e9gu\u00e9s d\u00e9partementaux, dir ecteurs en \ncharge d'une direction ou d'un service rattach\u00e9 \u00e0 la direction g\u00e9n\u00e9rale, de directeurs d'une \u00e9cole, \u00e0 \nl'exclusion des sanctions disciplinaires autres que l'avertissement, des d\u00e9cisions de licenciement prises \napr\u00e8s avis  du Comit\u00e9 social et \u00e9conomique et des d\u00e9cisions de radiation des effectifs des agents publics \npour abandon de poste, \nChambre de commerce et d'industrie de r\u00e9gion Paris - \u00cele-de-France - IDF-2025-05-01-00005 - D\u00e9cision portant d\u00e9l\u00e9gation de signature\n (Ressources Humaines) 8\net\nPage 2 sur 4 \n3. les d\u00e9cisions fixant les jours de r\u00e9duction de temps de travail pris \u00e0 l'initiative de la Chambre de commerce \net d'industrie de r\u00e9gion Paris \u2013 \u00cele-de-France ou organisant la fermeture des services relevant de son \nautorit\u00e9, \n4. les r\u00e9quisitions des collaborateurs dont la pr\u00e9sence, en cas de gr\u00e8ve, est indispensable \u00e0 la s\u00e9curit\u00e9 des \npersonnes et des biens, \n5. les conventions de d\u00e9tachement ou de mise \u00e0 disposition des personnels permanents ou contractuels, \n6. les d\u00e9cisions pronon\u00e7ant une suspension de fonctions \u00e0 titre conservatoire, \n7. les conventions relatives \u00e0 la cessation d'un commun accord de la relation de travail des agents publics et \naux ruptures conventionnelles des salari\u00e9s de droit priv\u00e9, \n8. les d\u00e9cisions individuelles relatives \u00e0 l'ancien r\u00e9gime sp\u00e9cial d'assurance maladie et relatives au ch\u00f4mage \nde quelque nature que ce soit, \n9. les d\u00e9cisions relatives \u00e0 l'application de l'article 32 du statut du personnel des chambres de commerce et \nd'industrie, \n10. les d\u00e9cisions portant admission \u00e0 la retraite, \n11. les d\u00e9cisions individuelles relatives \u00e0 l'application du r\u00e8glement de l'ancien r\u00e9gime sp\u00e9cial d'assurance \nvieillesse de la Chambre de commerce et d'industrie de Paris, \n12. les d\u00e9cisions individuelles relatives \u00e0 la mise en \u0153uvre des mesures d'accompagnement de l'int\u00e9gration du \nr\u00e9gime sp\u00e9cial d'assurance vieillesse de la Chambre de commerce et d'industrie de Paris au r\u00e9gime g\u00e9n\u00e9ral \net concernant la retraite, le r\u00e9gime de retraite suppl\u00e9mentaire et la pr\u00e9voyance, \n13. les d\u00e9cisions relatives \u00e0 la mise en place, aux modifications ainsi que celles pouvant r\u00e9sulter des \nchangements de prestataires en mati\u00e8re de plan d'\u00e9pargne entreprise, de plan d'\u00e9pargne pour la retraite \ncollectif, des r\u00e9gimes compl\u00e9mentaires de pr\u00e9voyance et de remboursement de frais de sant\u00e9, ainsi que de \nr\u00e9gime de retraite suppl\u00e9mentaire, les accords portant sur la mise en \u0153uvre de la proc\u00e9dure de suppression \nde postes pr\u00e9vue aux articles 35-1 et suivants du statut du personnel des chambres de commerce et \nd'industrie et de ceux portant sur la mise en \u0153uvre de la proc\u00e9dure de licenciement pour motif \u00e9conomique \npr\u00e9vue aux articles L. 1233-1 et suivants du Code du travail. \nEn cas d'absence ou d'emp\u00eachement, Diane AU SSEDAT, directrice, adjointe au DGA en charge des ressources \nhumaines, re\u00e7oit d\u00e9l\u00e9gation de signature dans les m\u00eames  conditions pour l'ensemble des d\u00e9cisions et \nconventions vis\u00e9es aux points 1 \u00e0 13 ci-dessus. \nArticle 3 \nDe donner d\u00e9l\u00e9gation de signature aux collaborateurs suivants, dans la limite de leurs attributions, \u00e0 l'effet de \nsigner : \n\u2022 les d\u00e9cisions individuelles et les conventions relatives au recrutement des CDD d'usage, des b\u00e9n\u00e9ficiaires \nde contrats aid\u00e9s, des apprentis et des stagiaires d'\u00e9cole de l'ensemble des directions et \u00e9coles rattach\u00e9es \n\u00e0 la direction-g\u00e9n\u00e9rale-adjointe, \n\u2022 les d\u00e9cisions individuelles et les conventions relatives \u00e0 la gestion de l'ensemble des collaborateurs, des \nb\u00e9n\u00e9ficiaires de contrats aid\u00e9s, les apprentis et les stagiaires d'\u00e9cole de l'ensemble des directions et \u00e9coles \nrattach\u00e9es \u00e0 la direction-g\u00e9n\u00e9rale-adjointe, y compris les d\u00e9cisions relatives \u00e0 la gestion des collaborateurs \nexer\u00e7ant les fonctions de directeur en charge d'une direction, d'un \u00e9tablissement, d'une \u00e9cole ou d'un \nservice rattach\u00e9s \u00e0 la direction g\u00e9n\u00e9rale adjointe dont ils ont la charge,  \u00e0 l'exclusion des sanctions \ndisciplinaires, des d\u00e9cisions de licenciement et de rupture anticip\u00e9e de la relation de travail, ainsi que des \nd\u00e9cisions de radiation des effectifs des agents publics pour abandon de poste et des d\u00e9cisions d'admission \n\u00e0 la retraite,  \n\u2022 les d\u00e9cisions fixant les jours de r\u00e9duction de temps de travail organisant la fermeture des services relevant \nde leur autorit\u00e9. \nnom fonction \nen cas d'absence ou d'emp\u00eachement \nnom fonction \nFrance MOROT-\nVIDELAINE \ndirectrice G\u00e9n\u00e9rale Adjointe \nPartenariats, Observations, \nProspective et \u00e9tudes (DGA \nPOPe) \n  \nChristian BOYER directeur G\u00e9n\u00e9ral Adjoint en \ncharge du D\u00e9veloppement \nCommercial et du Services aux \nEntreprises (DGA DC-SE) \nLoic DESHORS Directeur Commercial et \nMarketing \nPierre MONGRUE directeur g\u00e9n\u00e9ral adjoint CCI \ninternational Paris Ile-de-France \nChristophe \nBELLANGER \ndirecteur adjoint au DGA \nNathalie PIERRE directeur g\u00e9n\u00e9ral adjoint en \ncharge des Finances et \nParticipations \nChristophe \nDELORME \ndirecteur adjoint \u00e0 la \ndirection g\u00e9n\u00e9rale adjointe \nFinances et Participations \nChambre de commerce et d'industrie de r\u00e9gion Paris - \u00cele-de-France - IDF-2025-05-01-00005 - D\u00e9cision portant d\u00e9l\u00e9gation de signature\n (Ressources Humaines) 9\nPage 3 sur 4 \nnom fonction \nen cas d'absence ou d'emp\u00eachement \nnom fonction \nThomas JEANJEAN directeur g\u00e9n\u00e9ral adjoint en \ncharge de l'\u00e9ducation \nC\u00e9cile ECALLE directrice de l'apprentissage \nArticle 4 \nDe donner d\u00e9l\u00e9gation de signature aux collaborateurs suivants, dans la limite de leurs attributions, \u00e0 l'effet de \nsigner : \n\u2022 les d\u00e9cisions individuelles et les conventions relatives au recrutement des CDD d'usage, des b\u00e9n\u00e9ficiaires \nde contrats aid\u00e9s, des apprentis et des stagiaires d'\u00e9cole, \n\u2022 les d\u00e9cisions individuelles et les conventions relatives \u00e0 la gestion de l'ensemble des collaborateurs des \ndirections, \u00e9tablissements, \u00e9coles ou services rattach\u00e9s \u00e0 la direction dont ils ont la charge, \u00e0 l'exclusion \ndes sanctions disciplinaires, des d\u00e9cisions de licenciement et de rupture anticip\u00e9e de la relation de travail, \nainsi que des d\u00e9cisions  de radiation des effectifs  pour abandon de poste  des agents publics et des \nd\u00e9cisions d'admission \u00e0 la retraite, \n\u2022 les d\u00e9cisions fixant les jours de r\u00e9duction de temps de travail organisant la fermeture des services relevant \nde leur autorit\u00e9. \n \nnom fonction \nEn cas d'absence ou d'emp\u00eachement \nnom fonction \nchambres de commerce et d'industrie d\u00e9partementales \nDamien WALKER directeur g\u00e9n\u00e9ral \nd\u00e9l\u00e9gu\u00e9 d\u00e9partemental \nde la CCI Paris \nSabrina COPIN directrice des op\u00e9rations \nMaxime GARRETA directeur g\u00e9n\u00e9ral \nd\u00e9l\u00e9gu\u00e9 d\u00e9partementale \npar int\u00e9rim de la CCI \nVersailles-Yvelines \nVal\u00e9rie MARILLAT directrice des op\u00e9rations \nWilliam PROST directeur g\u00e9n\u00e9ral \nd\u00e9l\u00e9gu\u00e9 d\u00e9partemental \nde la CCI Hauts-de-Seine  \n\u00c9liette ROSELL directrice des op\u00e9rations \nBernard CAYOL  directeur g\u00e9n\u00e9ral \nd\u00e9l\u00e9gu\u00e9 d\u00e9partemental \nde la CCI Seine-Saint-\nDenis \nNadia VALENTE-GUIDIS directrice des op\u00e9rations \nMarie REIS DE \nBRAGELONGNE \ndirectrice g\u00e9n\u00e9rale \nd\u00e9l\u00e9gu\u00e9e \nd\u00e9partementale de la \nCCI Val-de-Marne \nMathieu DESPERBASQUE directeur des op\u00e9rations \nLaure DUBOIS-\nIMB\u00c9RY \ndirectrice g\u00e9n\u00e9rale \nd\u00e9l\u00e9gu\u00e9e \nd\u00e9partementale de la \nCCI Val- d'Oise  \nMaureen DUJONCQUOY directrice des op\u00e9rations \n \ndirections rattach\u00e9es \nMathieu BOULANGER directeur, direction Audit \net Inspection g\u00e9n\u00e9rale \n  \nEva QUICKERT-\nMENZEL \ndirectrice de la \ncommunication  \nElodie FLORA responsable communication \ncorporate et relations presse, \nAdjointe \u00e0 la Directrice de la \nCommunication \nBeno\u00eet ICARD directeur de la Strat\u00e9gie \nimmobili\u00e8re \n  \nChambre de commerce et d'industrie de r\u00e9gion Paris - \u00cele-de-France - IDF-2025-05-01-00005 - D\u00e9cision portant d\u00e9l\u00e9gation de signature\n (Ressources Humaines) 10\n_# re  we .\n= see ee ee we . os oe we ze . ce\nLi ous Due ee ee we . . .... ee\n- +  e@ 8 \u00abnee ee  . .\nPage 4 sur 4 \nC\u00e9cile ECALLE  directeur de \nl'apprentissage \n  \nC\u00e9cile ECALLE directeur de l'attractivit\u00e9  \ninternationale \nAlexandre HOLLE  responsable d\u00e9veloppement et \nInnovation p\u00e9dagogique \nVal\u00e9rie AILLAUD directrice de \nl'enseignement \nsup\u00e9rieur et services aux \n\u00e9coles \nThierry GAUTHEROT  responsable administratif \n\u00e9cole \nBrigitte POIR\u00c9-\nMARAUX \ndirectrice du CFA des \nsciences \n  \n \nLa pr\u00e9sente d\u00e9cision sera publi\u00e9e au recueil des actes administratifs de la R\u00e9gion Ile-de-France ainsi que sur le \nsite Internet de la Chambre de commerce et d'industrie de r\u00e9gion Paris -  \u00cele-de-France et se substitue \u00e0 toute \nautre d\u00e9l\u00e9gation relevant de domaine identique. \n \nFait \u00e0 Paris, le 1er mai 2025 \n SIGNE \n \n Dominique RESTINO \nChambre de commerce et d'industrie de r\u00e9gion Paris - \u00cele-de-France - IDF-2025-05-01-00005 - D\u00e9cision portant d\u00e9l\u00e9gation de signature\n (Ressources Humaines) 11\nChambre de commerce et d'industrie de r\u00e9gion\nParis - \u00cele-de-France\nIDF-2025-05-01-00002\nD\u00e9cision portant d\u00e9l\u00e9gation de signature\n(Engagement d\u00e9penses et recettes)\nChambre de commerce et d'industrie de r\u00e9gion Paris - \u00cele-de-France - IDF-2025-05-01-00002 - D\u00e9cision portant d\u00e9l\u00e9gation de signature\n(Engagement d\u00e9penses et recettes) 12\n... - _ _\n_\n-\none\n+ '\n\"=  a\nase a= _e\n- .\n_ _ ... ... _ PR  ~ -\nae\nPR  ~ -\nnn ee a ie  PR ~ =\nae +\n_ - - _ \u2014 PR  ~ =\nae\n= _ a\nnn \u2014 ... ... PR ~ -\nm1 1 1 um 1 1 7 m 1 1 -\n \nLe Pr\u00e9sident \n \n   1 sur 4 \n \nChambre de commerce et d'industrie de r\u00e9gion Paris Ile-de-France \n27 avenue de Friedland | 75382 Paris cedex 08 | T. 01 55 65 71 00 (appel direct) \nT. 01 55 65 44 44 (prix d'un appel local) | www.cci-paris-idf.fr \nD\u00c9CISION \nLe pr\u00e9sident de la Chambre de commerce et d'industrie de r\u00e9gion Paris - Ile-de-France, \n\u2b9a vu l'articles R. 711-68 du code de commerce, \n\u2b9a vu le cadre OBCF du r\u00e9seau des CCI approuv\u00e9 par la tutelle le 14 novembre 2022, \nD\u00e9cide : \nSur proposition du directeur g\u00e9n\u00e9ral, \nde donner d\u00e9l\u00e9gation de signature aux collaborateurs suivants, dans la limite de leurs attributions et des \nbudgets notifi\u00e9s \u00e0 effet de signer : \n1. les engagements de d\u00e9penses, \n2. les actes dont d\u00e9coule une cr\u00e9ance (devis et/ou accord d'une remise) \ndans les conditions d\u00e9finies ci-apr\u00e8s : \n \nnom fonction \nen cas d'absence ou \nd'emp\u00eachement soci\u00e9t\u00e9s \ncentres \nfinanciers \nd\u00e9penses ou \nrecettes \nnom fonction \nchambres de commerce et d'industrie d\u00e9partementales \nDamien WALKER directeur g\u00e9n\u00e9ral \nd\u00e9l\u00e9gu\u00e9 \nd\u00e9partemental de la \nCCI Paris \nIbtissam \nHENANE \nResponsable \nAdministrative, \nFinanci\u00e8re, \nLogistique \nsoci\u00e9t\u00e9 n\u00b0 1310 \nCF : tous \nd\u00e9penses et \nrecettes \nMaxime \nGARRETA \ndirecteur g\u00e9n\u00e9ral \nd\u00e9l\u00e9gu\u00e9 \nd\u00e9partementale par \nint\u00e9rim de la CCI \nVersailles-Yvelines \nVal\u00e9rie \nMARILLAT \ndirectrice des \nop\u00e9rations \nsoci\u00e9t\u00e9 n\u00b0 1380 \nCF : tous \nd\u00e9penses et \nrecettes \nWilliam PROST directeur g\u00e9n\u00e9ral \nd\u00e9l\u00e9gu\u00e9 \nd\u00e9partemental de la \nCCI Hauts-de-Seine \n\u00c9liette ROSELL directrice des \nop\u00e9rations \nsoci\u00e9t\u00e9 n\u00b0 1320 \nCF : tous \nd\u00e9penses et \nrecettes \nJean-Baptiste \nPORTEFAIX  \n \nresponsable \nadministratif, \nfinancier et \nlogistique \nBernard CAYOL directeur g\u00e9n\u00e9ral \nd\u00e9l\u00e9gu\u00e9 \nd\u00e9partemental de  \nla CCI Seine-Saint-\nDenis  \nNadia VALENTE directrice des \nop\u00e9rations \nsoci\u00e9t\u00e9 n\u00b0 1330 \nCF : tous \nd\u00e9penses et \nrecettes \nJean-Daniel GIL responsable p\u00f4le \nfonctionnel \nMarie REIS DE \nBRAGELONGNE \ndirectrice g\u00e9n\u00e9rale \nd\u00e9l\u00e9gu\u00e9e \n  soci\u00e9t\u00e9 n\u00b0 1340 \nCF : tous \nd\u00e9penses et \nrecettes \nChambre de commerce et d'industrie de r\u00e9gion Paris - \u00cele-de-France - IDF-2025-05-01-00002 - D\u00e9cision portant d\u00e9l\u00e9gation de signature\n(Engagement d\u00e9penses et recettes) 13\n7\n- 7\n- eo\n7\n \n \n \nPage 2 sur 4 \nd\u00e9partementale de \nla CCI Val-de-Marne  \nLaure DUBOIS-\nIMBERY \n \n \ndirectrice g\u00e9n\u00e9rale \nd\u00e9l\u00e9gu\u00e9e \nd\u00e9partementale de \nla CCI Val-d'Oise \nMaureen \nDUJONCQUOY \ndirectrice des \nop\u00e9rations \nsoci\u00e9t\u00e9 n\u00b0 1350 \nCF : tous \nd\u00e9penses et \nrecettes \nVal\u00e9rie \nMARSAULT \ncharg\u00e9e de \nmission finances \ndirections g\u00e9n\u00e9rales et directions rattach\u00e9es \nJacques GARAU  directeur g\u00e9n\u00e9ral \nd\u00e9l\u00e9gu\u00e9 \nLo\u00efc CHOUIN directeur de \nprojet \nsoci\u00e9t\u00e9 n\u00b0 1110 \nCF : C411 \nd\u00e9penses et \nrecettes \nJacques GARAU directeur g\u00e9n\u00e9ral \nd\u00e9l\u00e9gu\u00e9 \nPaul \nLAFFORGUE \ndirecteur MOA \nstrat\u00e9gie SI \nsoci\u00e9t\u00e9 \nn\u00b01920 domaine \ninformatique \nd\u00e9penses \nJacques GARAU directeur g\u00e9n\u00e9ral \nd\u00e9l\u00e9gu\u00e9 \nHerv\u00e9 \nPARCINEAU  \ndirecteur de la \nMission Europe \nsoci\u00e9t\u00e9 n\u00b0 1110 \nCER 2E17 \nd\u00e9penses et \nrecettes \nd\u00e9penses  \nMathieu \nBOULANGER \ndirecteur, direction \nAudit et Inspection \ng\u00e9n\u00e9rale \n  soci\u00e9t\u00e9 n\u00b0 1110 \nCF : C420 \nd\u00e9penses et \nrecettes \nEva QUICKERT-\nMENZEL \ndirectrice de la \nCommunication \nElodie FLORA  adjointe \u00e0 la \ndirectrice de la \ncommunication  \nsoci\u00e9t\u00e9 n\u00b0 1110 \nCF : C403 \nd\u00e9penses et \nrecettes \nFrance MOROT-\nVIDELAINE \ndirectrice g\u00e9n\u00e9rale \nadjointe \nPartenariats, \nObservations, \nProspective, \u00e9tudes \nLaurent \nTRILLES \nDirecteur de \nprojet DGA POPE \nsoci\u00e9t\u00e9 n\u00b0 1400 \nCF : tous \nd\u00e9penses et \nrecettes \nChristian BOYER Directeur G\u00e9n\u00e9ral \nAdjoint en charge \ndu d\u00e9veloppement \nCommercial et du \nServices aux \nEntreprises  \nLo\u00efc DESHORS Directeur \nCommercial et \nMarketing \nsoci\u00e9t\u00e9 n\u00b0 1400 \nCF : tous \nd\u00e9penses et \nrecettes \nIsabelle SAVELLI responsable du p\u00f4le \nDonn\u00e9es \nEconomiques et \nDATA \n  soci\u00e9t\u00e9 n\u00b01400 \nCF : 2N64 \u00e0 2N69 \nrecettes \nSophie Mc \nCRACKEN \nresponsable Vie \ninstitutionnelle \n  soci\u00e9t\u00e9 n\u00b01400 \nCF : 2N61 \nrecettes \nPierre \nMONGRUE \ndirecteur g\u00e9n\u00e9ral \nadjoint CCI \ninternational Paris \nIle-de-France  \nChristophe \nBELLANGER, \n(d\u00e9penses et \nrecettes) \ndirecteur, adjoint \nau DGA CCI \nInternational \nParis IdF \nsoci\u00e9t\u00e9s n\u00b0 1140 \nCF : tous \nd\u00e9penses et \nrecettes \nLuc DARDAUD responsable du \nd\u00e9partement \nfacilitations du \ncommerce ext\u00e9rieur \nChristina VIEIRA  \n(recettes) \nresponsable du \nservice Visa \nsoci\u00e9t\u00e9 n\u00b0 1140 \nCF : 2I91 \nrecettes \nLaurence \nCARRARA \nresponsable du \nservice foires et \nsalons \n  soci\u00e9t\u00e9 n\u00b0 1140 \nCF : 2I92 \nrecettes \nAgn\u00e8s GOMES responsable du \nservice \nd\u00e9partement \n  soci\u00e9t\u00e9 n\u00b0 1140 \nCF : 2I9D  2I9C \n \nrecettes \nChambre de commerce et d'industrie de r\u00e9gion Paris - \u00cele-de-France - IDF-2025-05-01-00002 - D\u00e9cision portant d\u00e9l\u00e9gation de signature\n(Engagement d\u00e9penses et recettes) 14\n \n \n \nPage 3 sur 4 \n\u00e9v\u00e8nements, \nr\u00e9seaux et \npartenariats \nBenjamin \nTISSOT  \nchef du Service \nD\u00e9veloppement \nInternational des \nTerritoires \n  soci\u00e9t\u00e9 1140 CF \n2I9G     \nrecettes \nJean-Michel \nJOLLY \nresponsable du \nservice TFE TECH ET \nINDUSTRIE \n  soci\u00e9t\u00e9 n\u00b0 1140 \nCF : 2I9F  \nrecettes \nBenoit MAILLE charg\u00e9 de mission \n\"Intelligence \n\u00e9conomique et \ncoop\u00e9ration\" \n  soci\u00e9t\u00e9 1140 CF \n2I9J  \nrecettes; \nAgathe PACARD responsable TFE \nART DE VIVRE SANTE \nAGROTECH \n  soci\u00e9t\u00e9 n\u00b0 1140 \nCF : 2I9E  \nrecettes \nXiao-Qing \nPELLEMELE \nresponsable du \nComit\u00e9 d'\u00e9changes \nfranco-chinois \n  soci\u00e9t\u00e9 n\u00b0 1140 \nCF : 2I9C \nrecettes \nSophie LOGEOT Responsable du \npilotage num\u00e9rique \n  soci\u00e9t\u00e9 n\u00b0 1140 \nCF : 2I24 \nrecettes \nThierry MENUET Directeur S\u00e9curit\u00e9 & \nS\u00fbret\u00e9  \n  soci\u00e9t\u00e9 n\u00b0 1500 \nCF : 6P01 \nd\u00e9penses et \nrecettes \nChristophe \nCHERIOT \ngestionnaire \nmoyens g\u00e9n\u00e9raux \nFriedland \n  soci\u00e9t\u00e9 n\u00b0 1510 \nCF : 2USB, 2USD \nd\u00e9penses et \nrecettes \nFran\u00e7oise \nGUERIN \nDirectrice g\u00e9n\u00e9rale \nadjointe en charge \ndes ressources \nhumaines  \nDiane \nAUSSEDAT \n \n \n \ndirectrice \nadjointe \n \n \nsoci\u00e9t\u00e9 n\u00b0 1110 \nCF : C410 \nsoci\u00e9t\u00e9s n\u00b0 \n8010, 8020, 8030 \nCF : tous \nd\u00e9penses et \nrecettes \n \n \n \nMarie-France \nZUMOFEN \nDirectrice de \nprojets en \nRessources \nHumaines \n(formation \ncontinue) \nSoci\u00e9t\u00e9 n\u00b0 1110 \nCF : 2D04 \nEOTP : \n2D04FCCAT \n \nd\u00e9penses et \nrecettes \nNathalie PIERRE directeur g\u00e9n\u00e9ral \nadjoint en charge \ndes Finances et \nParticipations \nChristophe \nDELORME \nResponsable du \npilotage \nfinancier groupe \nsoci\u00e9t\u00e9 n\u00b0 1110 \nCF : C426 \nd\u00e9penses et \nrecettes \n \n \nNathalie PIERRE \n \n \ndirecteur g\u00e9n\u00e9ral \nadjoint en charge \ndes Finances et \nParticipations \n \nChristophe \nDELORME \n \nResponsable du \npilotage \nfinancier groupe \n \nsoci\u00e9t\u00e9s n\u00b0 \n1120, 7010 \nCF : tous \n \nd\u00e9penses et \nrecettes \nNathalie PIERRE directeur g\u00e9n\u00e9ral \nadjoint en charge \ndes Finances et \nParticipations \nChristophe \nDELORME \nResponsable du \npilotage \nfinancier groupe \nsoci\u00e9t\u00e9 n\u00b0 2200 \nCF : tous \n2300 esiee 2110 \ndfcta  \nd\u00e9penses et \nrecettes \nChambre de commerce et d'industrie de r\u00e9gion Paris - \u00cele-de-France - IDF-2025-05-01-00002 - D\u00e9cision portant d\u00e9l\u00e9gation de signature\n(Engagement d\u00e9penses et recettes) 15\n... \u00ab\n+ +\n... \u00ab\n\" +\n... \u00ab\n... \u00ab\n... \u00ab\nris, le\n \n \n \nPage 4 sur 4 \n \n \n \nLa pr\u00e9sent la d\u00e9cision sera publi\u00e9e au recueil des actes administratifs de la R\u00e9gion Ile -de-France ainsi que sur \nle site Internet de la Chambre de commerce et d'industrie de r\u00e9gion Paris - \u00cele-de-France et se substitue \u00e0 toute \nautre d\u00e9l\u00e9gation relevant de domaine identique. \n \n \nFait \u00e0 Paris, le 1er mai 2025 \nSIGNE \nDominique RESTINO \n \n \n \n \n \n \n \n \n \n \n \n \n \nDiffusion : \nSur le site www.cci-paris-idf.fr \nRecueil des actes administratifs de la pr\u00e9fecture de r\u00e9gion Ile -de-France  \nThomas \nJEANJEAN \ndirecteur g\u00e9n\u00e9ral \nadjoint en charge \ndu p\u00f4le Education \nC\u00e9cile ECALLE directrice de \nl'apprentissage \nsoci\u00e9t\u00e9s n\u00b0 \n* 2010 \n*2030 \n* 2040, 2150 \nCF : tous \nd\u00e9penses et \nrecettes \nC\u00e9cile ECALLE directeur de \nl'apprentissage \n  soci\u00e9t\u00e9s n\u00b0  \n*2010 \n*2030 \nCF : tous \nd\u00e9penses et \nrecettes \nPhilippe \nBIDAULT \nresponsable MOA \nStrat\u00e9gique \n  soci\u00e9t\u00e9s n\u00b0  \n*2010 \nCF4A23 \nD\u00e9penses et \nrecettes \nPhilippe \nREGIMBART \ndirecteur de la \nPolitique \u00e9ducative \n  soci\u00e9t\u00e9 n\u00b0 2010 \nCF4A17, 4A26, \n4A29, 4A35 \nd\u00e9penses et \nrecettes \nBrigitte POIRE-\nMARAUX \ndirectrice du CFA \ndes sciences \n  soci\u00e9t\u00e9 n\u00b0 2030 \nCF : 3Z10 \nd\u00e9penses et \nrecettes \nC\u00e9cile ECALLE directrice de \nl'Attractivit\u00e9 \nInternationale \n \nAlexandre \nHOLLE \nresponsable \nd\u00e9veloppement et \ninnovation \np\u00e9dagogique \nsoci\u00e9t\u00e9 n\u00b0 2040 \nCF : tous \nd\u00e9penses et \nrecettes \nVal\u00e9rie AILLAUD directrice de \nl'enseignement \nsup\u00e9rieur et \nservices aux \u00e9coles \nThierry \nGAUTHEROT \nresponsable \nadministratif \nsoci\u00e9t\u00e9 n\u00b0 2150 \nCF : tous \n \nd\u00e9penses et \nrecettes \n \nRapha\u00ebl \nGNANOU \nresponsable CCMP \nPublishing \nThierry \nGAUTHEROT \nresponsable \nadministratif \nsoci\u00e9t\u00e9 n\u00b0 2150 \nCF 4E02 \nd\u00e9penses et \nrecettes \nChambre de commerce et d'industrie de r\u00e9gion Paris - \u00cele-de-France - IDF-2025-05-01-00002 - D\u00e9cision portant d\u00e9l\u00e9gation de signature\n(Engagement d\u00e9penses et recettes) 16\nChambre de commerce et d'industrie de r\u00e9gion\nParis - \u00cele-de-France\nIDF-2025-05-01-00006\nD\u00e9cision portant d\u00e9l\u00e9gation de signature\n(enseignement et formations)\nChambre de commerce et d'industrie de r\u00e9gion Paris - \u00cele-de-France - IDF-2025-05-01-00006 - D\u00e9cision portant d\u00e9l\u00e9gation de signature\n(enseignement et formations) 17\n@ CCI PARIS ILE-DE-FRANCE\n- et\n\u00a9 hement, ~\n \nLe Pr\u00e9sident \n \n  Page 1 sur 4 \nChambre de commerce et d'industrie de r\u00e9gion Paris Ile-de-France \n27 avenue de Friedland | 75382 Paris cedex 08 | T. 01 55 65 71 00 (appel direct) \nT. 01 55 65 44 44 (prix d'un appel local) | www.cci-paris-idf.fr \n \n \nD\u00c9CISION \n \n \nLe pr\u00e9sident de la Chambre de commerce et d'industrie de r\u00e9gion Paris - \u00cele-de-France, \n\u2b9a vu l'article R. 711-68 du code de commerce, \n\u2b9a vu le r\u00e8glement int\u00e9rieur, \n \nD\u00e9cide : \nSur proposition du directeur g\u00e9n\u00e9ral, \n \nArticle 1 - enseignement, recherche et formation \nDe donner d\u00e9l\u00e9gation de signature \u00e0 Thomas JEANJEAN, directeur g\u00e9n\u00e9ral adjoint charg\u00e9 de l'Education, \u00e0 effet \nde signer les conventions li\u00e9es \u00e0 l'activit\u00e9 de nature p\u00e9dagogique et acad\u00e9mique des directions et des \u00e9coles \nrattach\u00e9es \u00e0 la direction g\u00e9n\u00e9rale adjointe en charge de l'enseignement, de la recherche et de la formation, \u00e0 \nl'exclusion des conventions conclues avec une fondation, une filiale de la Chambre de commerce et d'industrie \nde r\u00e9gion Paris - \u00cele-de-France, un \u00e9tablissement du r\u00e9seau consulaire, une chambre de commerce \u00e9trang\u00e8re. \nEn cas d'absence ou d'emp\u00eachement, C\u00e9cile ECALLE, directrice de l'apprentissage, re\u00e7oit d\u00e9l\u00e9gation de signature \ndans les m\u00eames conditions.  \n \nArticle 2 - \u00e9tablissements d'enseignement \nDe donner d\u00e9l\u00e9gation de signature aux collaborateurs dont les noms suivent, dans la limite de leurs attributions, \npour signer : \n\u25cf les d\u00e9cisions prises en application du r\u00e8glement int\u00e9rieur de leur \u00e9tablissement et des r\u00e8glements \np\u00e9dagogiques r\u00e9gissant les formations, \n\u25cf les conventions li\u00e9es \u00e0 l'activit\u00e9 de nature p\u00e9dagogique et acad\u00e9mique de leur \u00e9tablissement, \u00e0 l'exclusion \ndes conventions conclues avec une fondation, une filiale de la Chambre de commerce et d'industrie de \nr\u00e9gion Paris - \u00cele-de-France, un \u00e9tablissement du r\u00e9seau consulaire, une chambre de commerce \u00e9trang\u00e8re, \n\u25cf les autorisations de domiciliation des associations cr\u00e9\u00e9es \u00e0 l'initiative des enseignants ou des \u00e9tudiants, \n\u25cf les conventions portant occupation temporaire des locaux d'une dur\u00e9e inf\u00e9rieure \u00e0 30 jours. \n  \nChambre de commerce et d'industrie de r\u00e9gion Paris - \u00cele-de-France - IDF-2025-05-01-00006 - D\u00e9cision portant d\u00e9l\u00e9gation de signature\n(enseignement et formations) 18\n+ oe. re  we . .\n+ oe. re we . . a oe wm ee . ae\n4  ue  ee ee we . on . _.. 2e.\n. ss. . . . we . .\n+ ome . . . sone . oo ns ~\nse =e\n- .\n. wee ee eee  we - - . oo  . ~ eee  we .\n. we - - . Li ous D  ee we .\n+ .\nLen. =  we - - . - _ .\nwoe ee eee we - - . ze we eee Se ee  we .\n. in  = \u2014 we . - - . a  .... we\n \nPage 2 sur 4 \nnom fonction \nen cas d'absence ou d'emp\u00eachement \nnom fonction \nC\u00e9cile ECALLE directrice de \nl'apprentissage \n  \nBrigitte POIRE-MARAUX directrice du CFA des \nsciences \n  \nC\u00e9cile ECALLE directrice de l'attractivit\u00e9 \ninternationale \nAlexandre HOLLE responsable \nd\u00e9veloppement et \ninnovation p\u00e9dagogique \nVal\u00e9rie AILLAUD directeur de l'enseignement \nsup\u00e9rieur et services aux \n\u00e9coles \nThierry GAUTHEROT responsable administratif \n \nArticle 3 \u2013 formations boissons alcooliques, hygi\u00e8ne alimentaire et cr\u00e9ation d'entreprise \nDe donner d\u00e9l\u00e9gation de signature aux collaborateurs suivants dans la limite de leurs attributions \u00e0 effet de \nsigner les actes et attestations d\u00e9livr\u00e9s dans le cadre de la formation : \n1. sp\u00e9cifique sur les droits et obligations attach\u00e9s \u00e0 la vente \u00e0 emporter de boissons alcooliques entre 22 \nheures et 8 heures pr\u00e9vue \u00e0 l'article R. 3332-4-1 du code de la sant\u00e9 publique, \n2. en mati\u00e8re d'hygi\u00e8ne alimentaire adapt\u00e9e \u00e0 l'activit\u00e9 des \u00e9tablissements de restauration traditionnelle, \ncaf\u00e9t\u00e9rias et autres libres services et restauration de type rapide pr\u00e9vue \u00e0 l'article D. 233-6 du code rural et \nde la p\u00e8che maritime, \n3. \u00e0 la cr\u00e9ation d'entreprise (5 jours pour entreprendre) : \n \nnom fonction \nen cas d'absence ou d'emp\u00eachement boissons alcooliques \nhygi\u00e8ne alimentaire \ncr\u00e9ation d'entreprise nom Fonction \nDamien WALKER \n \ndirecteur g\u00e9n\u00e9ral \nd\u00e9l\u00e9gu\u00e9 \nd\u00e9partemental de la \nCCI Paris \nSabrina COPIN directrice des \nop\u00e9rations et \npartenariats \n \nMaxime \nGARRETA \ndirecteur g\u00e9n\u00e9ral \nd\u00e9l\u00e9gu\u00e9 \nd\u00e9partemental \nVersailles-Yvelines \nVal\u00e9rie MARILLAT directrice des \nop\u00e9rations \nboissons alcooliques, \nhygi\u00e8ne alimentaire et \ncr\u00e9ation d'entreprise \nWilliam PROST directeur g\u00e9n\u00e9ral \nd\u00e9l\u00e9gu\u00e9 \nd\u00e9partemental de la \nCCI Hauts-de-Seine \nJean-Baptiste \nPORTEFAIX  \n \nresponsable \nadministratif, \nfinancier et \nlogistique \nboissons alcooliques, \nhygi\u00e8ne alimentaire et \ncr\u00e9ation d'entreprise \nBernard CAYOL directeur g\u00e9n\u00e9ral \nd\u00e9l\u00e9gu\u00e9 \nd\u00e9partemental de la \nCCI Seine-Saint-Denis  \nNadia VALENTE-\nGUIDIS  \ndirectrice des \nop\u00e9rations \nboissons alcooliques, \nhygi\u00e8ne alimentaire et \ncr\u00e9ation d'entreprise \nMarie REIS DE \nBRAGELONGNE \ndirectrice g\u00e9n\u00e9rale \nd\u00e9l\u00e9gu\u00e9e \nd\u00e9partementale de la \nCCI Val-de-Marne \nMathieu \nDESPERBASQUE \ndirecteur des \nop\u00e9rations \nboissons alcooliques, \nhygi\u00e8ne alimentaire et \ncr\u00e9ation d'entreprise \nChambre de commerce et d'industrie de r\u00e9gion Paris - \u00cele-de-France - IDF-2025-05-01-00006 - D\u00e9cision portant d\u00e9l\u00e9gation de signature\n(enseignement et formations) 19\n-de\n \nPage 3 sur 4 \nLaure DUBOIS \nIMBERY \ndirecteur g\u00e9n\u00e9ral \nd\u00e9l\u00e9gu\u00e9 \nd\u00e9partemental de la \nCCI Val-d'Oise \nR\u00e9gine \nCASTAGNET \nresponsable \ncoordination \nr\u00e9gionale \nComp\u00e9titivit\u00e9 et \nprojets de \nterritoires \nboissons alcooliques, \nhygi\u00e8ne alimentaire et \ncr\u00e9ation d'entreprise \nArticle 4 \u2013 apprentissage \nDe donner d\u00e9l\u00e9gation de signature au collaborateur  dont le nom suit, dans la limite de ses attributions, pour \nsigner les contrats d'apprentissage et les conventions de financement y aff\u00e9rentes. \nnom fonction \nen cas d'absence ou d'emp\u00eachement \nnom Fonction \nC\u00e9cile ECALLE Directrice de l'apprentissage   \nBrigitte POIRE-MARAUX directrice du CFA des sciences Catherine GOUDOT \n \nResponsable \nAdministration et \nPerformance du CFA des \nSciences  \n \n \nLa pr\u00e9sente d\u00e9cision sera publi\u00e9e au recueil des actes administratif s de la R\u00e9gion Ile-de-France ainsi que sur le \nsite Internet de la Chambre de commerce et d'industrie de r\u00e9gion Paris -  \u00cele-de-France et se substitue \u00e0 toute \nautre d\u00e9l\u00e9gation relevant de domaine identique. \n \n \nFait \u00e0 Paris, le 1er mai 2025 \n \nSIGNE \n \n \nDominique RESTINO \n \n \n \n \n \n \n \n \nDiffusion : \nSur le site www.cci-paris-idf.fr \nRecueil des actes administratifs de la pr\u00e9fecture de r\u00e9gion Ile-de-France  \n \nChambre de commerce et d'industrie de r\u00e9gion Paris - \u00cele-de-France - IDF-2025-05-01-00006 - D\u00e9cision portant d\u00e9l\u00e9gation de signature\n(enseignement et formations) 20\n \nPage 4 sur 4 \n \nChambre de commerce et d'industrie de r\u00e9gion Paris - \u00cele-de-France - IDF-2025-05-01-00006 - D\u00e9cision portant d\u00e9l\u00e9gation de signature\n(enseignement et formations) 21\nChambre de commerce et d'industrie de r\u00e9gion\nParis - \u00cele-de-France\nIDF-2025-05-01-00003\nD\u00e9cision portant d\u00e9l\u00e9gation de signature\n(March\u00e9s publics)\nChambre de commerce et d'industrie de r\u00e9gion Paris - \u00cele-de-France - IDF-2025-05-01-00003 - D\u00e9cision portant d\u00e9l\u00e9gation de signature\n(March\u00e9s publics) 22\nnm.\ndirecteur g\u00e9n\u00e9ral,\n__\u2014 T - - - _ 1 _\n \nLe Pr\u00e9sident \n \nDiffusion : b\u00e9n\u00e9ficiaires - www.cci-paris-idf.fr  - recueil des actes administratifs de la pr\u00e9fecture de r\u00e9gion d'\u00cele-de-France Page 1 sur 2 \n \nChambre de commerce et d'industrie de r\u00e9gion Paris Ile-de-France \n27 avenue de Friedland | 75382 Paris cedex 08  \nT. 01 55 65 44 44 (prix d'un appel local) | www.cci-paris-idf.fr \nD\u00c9CISION \nLe pr\u00e9sident de la Chambre de commerce et d'industrie de r\u00e9gion Paris - \u00cele-de-France, \n\u2b9a vu l'article R. 711-68 du code de commerce, \n\u2b9a vu le code de la commande publique \n\u2b9a vu le r\u00e8glement int\u00e9rieur, \nD\u00e9cide : \nSur proposition du directeur g\u00e9n\u00e9ral, \nArticle 1  \nDe donner d\u00e9l\u00e9gation de signature \u00e0 Beno\u00eet ICARD, directeur de la strat\u00e9gie immobili\u00e8re, \u00e0 effet de signer, dans \nla limite de ses attributions, tous les march\u00e9s relatifs \u00e0 l'ouvrage public ainsi  que les actes se rapportant \u00e0 \npassation et l'ex\u00e9cution de ces march\u00e9s pour l'ensemble des chambres de commerce et d'industrie \nd\u00e9partementales, des directions, \u00e9coles, \u00e9tablissements et services de la Chambre de commerce et d'industrie \nde r\u00e9gion Paris - \u00cele-de-France \u00e0 l'exception des march\u00e9s de maintenance et d'entretien. \nArticle 2 \nDe donner d\u00e9l\u00e9gation de signature aux collaborateurs suivants, dans la limite de leurs attributions et selon les \nconditions ci-apr\u00e8s d\u00e9finies : \n\u25cf march\u00e9s de services (hors prestations juridiques) et de fournitures d'un montant inf\u00e9rieur \u00e0 40.000 \u20ac HT, \n\u25cf march\u00e9s de prestations d'enseignement et d'animation de formation, de location de salles, de location \nd'espaces dans des salons, d'un montant inf\u00e9rieur \u00e0 90.000 \u20ac HT, \n \nnom fonction en cas d'absence ou d'emp\u00eachement \nnom fonction \nchambres de commerce et d'industrie d\u00e9partementales \nDamien WALKER directeur g\u00e9n\u00e9ral d\u00e9l\u00e9gu\u00e9 \nd\u00e9partemental de la CCI Paris \nIbtissam HENANE Responsable Administrative, \nFinanci\u00e8re, Logistique \nMaxime \nGARRETA \ndirecteur g\u00e9n\u00e9ral d\u00e9l\u00e9gu\u00e9 \nd\u00e9partementale par int\u00e9rim de la \nCCI Versailles-Yvelines \nVal\u00e9rie MARILLAT directrice des op\u00e9rations \nWilliam PROST directeur g\u00e9n\u00e9ral d\u00e9l\u00e9gu\u00e9 \nd\u00e9partemental de la CCI Hauts-de-\nSeine \n\u00c9liette ROSELL directrice des op\u00e9rations \nBernard CAYOL  directeur g\u00e9n\u00e9ral d\u00e9l\u00e9gu\u00e9 \nd\u00e9partemental de la CCI Seine-\nSaint-Denis \nNadia VALENTE-\nGUIDIS \ndirectrice des op\u00e9rations \nMarie REIS DE \nBRAGELONGNE \ndirectrice g\u00e9n\u00e9rale d\u00e9l\u00e9gu\u00e9e \nd\u00e9partementale de la CCI Val-de-\nMarne \nMattieu \nDESPERBASQUE \ndirecteur des op\u00e9rations \nLaure DUBOIS-\nIMB\u00c9RY \ndirectrice g\u00e9n\u00e9rale d\u00e9l\u00e9gu\u00e9e \nd\u00e9partementale de la CCI Val- \nd'Oise \nR\u00e9gis BOULAY responsable du d\u00e9partement \nservices aux entreprises  \n  \ndirections g\u00e9n\u00e9rales et directions rattach\u00e9es \nJacques GARAU Directeur g\u00e9n\u00e9ral d\u00e9l\u00e9gu\u00e9   \nMathieu \nBOULANGER \nDirecteur, direction Audit et \nInspection g\u00e9n\u00e9rale \n  \nChambre de commerce et d'industrie de r\u00e9gion Paris - \u00cele-de-France - IDF-2025-05-01-00003 - D\u00e9cision portant d\u00e9l\u00e9gation de signature\n(March\u00e9s publics) 23\nLA\n_ s... e\nris, le\n \nPage 2 sur 2 \nEva QUICKERT-\nMENZEL \ndirectrice de la communication Elodie FLORA responsable communication \ncorporate et relations presse, \nAdjointe \u00e0 la Directrice de la \nCommunication \nFrance MOROT-\nVIDELAINE \ndirectrice g\u00e9n\u00e9rale adjointe \nPartenariats, Observations, \nProspective, \u00e9tudes \nLaurent TRILLES Directeur de projet DGA POPE \nChristian BOYER directeur g\u00e9n\u00e9ral adjoint en \ncharge du d\u00e9veloppement \nCommercial et du Services aux \nEntreprises \nLo\u00efc DESHORS Directeur Commercial et \nMarketing \nPierre \nMONGRUE \ndirecteur g\u00e9n\u00e9ral adjoint CCI \ninternational Paris Ile-de-France \nChristophe \nBELLANGER \ndirecteur adjoint au DGA \nFran\u00e7oise \nGUERIN  \ndirectrice g\u00e9n\u00e9rale adjointe en \ncharge des ressources humaines  \nDiane AUSSEDAT directeur adjoint au DGA RH & \nRSE \nNathalie PIERRE directeur g\u00e9n\u00e9ral adjoint en \ncharge des Finances et \nParticipations \nChristophe \nDELORME \nresponsable du pilotage \nfinancier groupe \nThomas \nJEANJEAN \ndirecteur g\u00e9n\u00e9ral adjoint en \ncharge de l'\u00e9ducation  \nC\u00e9cile ECALLE Directeur de l'apprentissage \nC\u00e9cile ECALLE directrice de l'attractivit\u00e9 \ninternationale \nAlexandre HOLLE  responsable d\u00e9veloppement et \ninnovation p\u00e9dagogique \nBrigitte POIR\u00c9-\nMARAUX \ndirectrice du CFA des \nsciences \n \n  \nVal\u00e9rie AILLAUD directrice de l'enseignement \nsup\u00e9rieur et services aux \u00e9coles \nThierry \nGAUTHEROT  \nresponsable administratif \n \n \nLa pr\u00e9sent la d\u00e9cision sera publi\u00e9e au recueil des actes administratifs de la R\u00e9gion Ile-de-France ainsi que sur \nle site Internet de la Chambre de commerce et d'industrie de r\u00e9gion Paris - \u00cele-de-France et se substitue \u00e0 \ntoute autre d\u00e9l\u00e9gation relevant de domaine identique. \n \nFait \u00e0 Paris, le 1er mai 2025 \nSIGNE \nDominique RESTINO \n \n \n \n \n \n \n \n \n \n \n \nDiffusion : \nSur le site www.cci-paris-idf.fr \nRecueil des actes administratifs de la pr\u00e9fecture de r\u00e9gion Ile -de-France  \n \nChambre de commerce et d'industrie de r\u00e9gion Paris - \u00cele-de-France - IDF-2025-05-01-00003 - D\u00e9cision portant d\u00e9l\u00e9gation de signature\n(March\u00e9s publics) 24\nChambre de commerce et d'industrie de r\u00e9gion\nParis - \u00cele-de-France\nIDF-2025-05-01-00004\nD\u00e9cision portant d\u00e9l\u00e9gation de signature\n(R\u00e9ponse aux appels \u00e0 concurrence)\nChambre de commerce et d'industrie de r\u00e9gion Paris - \u00cele-de-France - IDF-2025-05-01-00004 - D\u00e9cision portant d\u00e9l\u00e9gation de signature\n(R\u00e9ponse aux appels \u00e0 concurrence) 25\n. : \u00b0 Paris\n\u00b0 Jacques es\nCCI de\n \nLe Pr\u00e9sident \n \nChambre de commerce et d'industrie de r\u00e9gion Paris Ile-de-France \n27 avenue de Friedland | 75382 Paris cedex 08 \nT. 01 55 65 44 44 (prix d'un appel local) | www.cci-paris-idf.fr \n Page 1 sur 2 \nD\u00c9CISION \nLe pr\u00e9sident de la Chambre de commerce et d'industrie de r\u00e9gion Paris - \u00cele-de-France, \n\uf0d8 vu l'article R. 711-68 du code de commerce, \n\uf0d8 vu le r\u00e8glement int\u00e9rieur, \nD\u00e9cide : \nDe donner d\u00e9l\u00e9gation de signature \u00e0 St\u00e9phane FRATACCI , directeur g\u00e9n\u00e9ral, \u00e0 l'effet de signer les actes de \ncandidature \u00e0 des mises en concurrence et \u00e0 des appels \u00e0 proposition lanc\u00e9s par des institutions europ\u00e9ennes \nou internationales, des organismes publics fran\u00e7ais (\u00c9tat, collectivit\u00e9s territoriales, \u00e9tablissements publics, \u2026) \net des organismes priv\u00e9s ayant la qualit\u00e9 de pouvoir adjudicateur, ainsi que l'ensemble des documents aff\u00e9rents \naux offres pr\u00e9sent\u00e9es par la Chambre de commerce et d'industrie de r\u00e9gion Paris - \u00cele-de-France et des pi\u00e8ces \nn\u00e9cessaires \u00e0 l'ex\u00e9cution des march\u00e9s, sans limitation de montant des recettes pr\u00e9visionnelles totales des \nop\u00e9rations projet\u00e9es. \nEn cas d'absence ou d'emp\u00eachement et sur proposition de ce dernier, Jacques GARAU, directeur g\u00e9n\u00e9ral d\u00e9l\u00e9gu\u00e9, \nre\u00e7oit d\u00e9l\u00e9gation de signature dans les m\u00eames conditions. \nD\u00e9cide : \nSur proposition du directeur g\u00e9n\u00e9ral, \nDe donner d\u00e9l\u00e9gation de signature aux collaborateurs suivants, dans la limite de leurs attributions et selon les \nconditions ci-apr\u00e8s d\u00e9finies, des actes de candidature \u00e0 des mises en concurrence et des appels \u00e0 proposition \nlanc\u00e9s par des institutions europ\u00e9ennes ou internationales, des organismes publics fran\u00e7ais (\u00c9tat, collectivit\u00e9s \nterritoriales, \u00e9tablissements publics\u2026) et des organismes priv\u00e9s ayant la qualit\u00e9 de pouvoir adjudicateur, ainsi \nque l'ensemble des documents aff\u00e9rents aux offres pr\u00e9sent\u00e9es par la Chambre de commerce et d'industrie de \nr\u00e9gion Paris - \u00cele-de-France et des pi\u00e8ces n\u00e9cessaires \u00e0 l'ex\u00e9cution des march\u00e9s. \nnom fonction \nen cas d'absence ou \nd'emp\u00eachement \nSeuil des \nrecettes \npr\u00e9visionnelles \ntotales de \nl'op\u00e9ration \npour la CCI de \nr\u00e9gion \nnom fonction \nchambres de commerce et d'industrie d\u00e9partementales \nDamien WALKER directeur g\u00e9n\u00e9ral d\u00e9l\u00e9gu\u00e9 d\u00e9partemental \nde la CCI Paris \nSabrina \nCOPIN \nDirectrice des \nOp\u00e9rations et \nPartenariats  \n< 150.000 \u20ac HT \nMaxime GARRETA d\u00e9l\u00e9gu\u00e9 d\u00e9partementale par int\u00e9rim de la \nCCI Versailles-Yvelines \nVal\u00e9rie \nMARILLAT \ndirectrice des \nop\u00e9rations \n< 150.000 \u20ac HT \nWilliam PROST directeur g\u00e9n\u00e9ral d\u00e9l\u00e9gu\u00e9 d\u00e9partemental \nde la CCI Hauts-de-Seine \n  < 150.000 \u20ac HT \nBernard CAYOL directeur g\u00e9n\u00e9ral d\u00e9l\u00e9gu\u00e9 d\u00e9partemental \nde la CCI Seine-Saint-Denis \nNadia \nVALENTE-\nGUIDIS \ndirectrice des \nop\u00e9rations \n< 150.000 \u20ac HT \nMarie REIS DE \nBRAGELONGNE \ndirectrice g\u00e9n\u00e9rale d\u00e9l\u00e9gu\u00e9e \nd\u00e9partementale de la CCI Val-de-Marne \n  < 150.000 \u20ac HT \nChambre de commerce et d'industrie de r\u00e9gion Paris - \u00cele-de-France - IDF-2025-05-01-00004 - D\u00e9cision portant d\u00e9l\u00e9gation de signature\n(R\u00e9ponse aux appels \u00e0 concurrence) 26\n\u00b0 la R\u00e9gic |\n7 - le\n-de\n \nPage 2 sur 2 \nnom fonction \nen cas d'absence ou \nd'emp\u00eachement \nSeuil des \nrecettes \npr\u00e9visionnelles \ntotales de \nl'op\u00e9ration \npour la CCI de \nr\u00e9gion \nnom fonction \nLaure DUBOIS -\nIMBERY \ndirectrice g\u00e9n\u00e9rale d\u00e9l\u00e9gu\u00e9e \nd\u00e9partemental de la CCI Val-d'Oise \nMaureen \nDUJONCQUOY \ndirectrice des \nop\u00e9rations \n< 150.000 \u20ac H \ndirections g\u00e9n\u00e9rales et directions rattach\u00e9es   \nFrance MOROT-\nVIDELAINE \ndirectrice G\u00e9n\u00e9rale Adjointe  Partenariats, \nObservations, Prospective et \u00e9tudes  (DGA \nPOPe) \nLaurent \nTRILLES \nDirecteur de \nprojet DGA \nPOPE \n< 700.000 \u20ac HT \nChristian BOYER directeur G\u00e9n\u00e9ral Adjoint en charge du \nD\u00e9veloppement Commercial et du Services \naux Entreprises (DGA DC-SE) \nLo\u00efc \nDESHORS \nDirecteur \nCommercial et \nMarketing \n< 700.000 \u20ac HT \nPierre MONGRUE directeur g\u00e9n\u00e9ral adjoint CCI international \nParis Ile-de-France \n  < 700.000 \u20ac HT \nThomas JEANJEAN directeur g\u00e9n\u00e9ral adjoint en charge de \nl'\u00e9ducation \nC\u00e9cile \nECALLE \ndirecteur de \nl'apprentissage \n< 700.000 \u20ac HT \nC\u00e9cile ECALLE directeur de l'attractivit\u00e9 internationale Alexandre \nHOLLE \nresponsable \nd\u00e9veloppement \net Innovation \np\u00e9dagogique \n< 150.000 \u20ac HT \nVal\u00e9rie AILLAUD directrice de l'enseignement  sup\u00e9rieur et \nservices aux \u00e9coles \nThierry \nGAUTHEROT  \nresponsable \nadministratif \n< 150.000 \u20ac HT \n\u00e9coles   \nBrigitte POIRE-\nMARAUX \ndirectrice du CFA des sciences Carole \nBELLAICHE \nResponsable \nde \nd\u00e9veloppement \ncommercial \n< 150.000 \u20ac HT \n \n \nLa pr\u00e9sent la d\u00e9cision sera publi\u00e9e au recueil des actes administratifs de la R\u00e9gion Ile-de-France ainsi que sur \nle site Internet de la Chambre de commerce et d'industrie de r\u00e9gion Paris - \u00cele-de-France et se substitue \u00e0 toute \nautre d\u00e9l\u00e9gation relevant de domaine identique. \n \nFait \u00e0 Paris, le 1er mai 2025 \nSIGNE \nDominique RESTINO \n \n \n \n \n \nDiffusion : \nSur le site www.cci-paris-idf.fr \nRecueil des actes administratifs de la pr\u00e9fecture de r\u00e9gion Ile-de-France  \nChambre de commerce et d'industrie de r\u00e9gion Paris - \u00cele-de-France - IDF-2025-05-01-00004 - D\u00e9cision portant d\u00e9l\u00e9gation de signature\n(R\u00e9ponse aux appels \u00e0 concurrence) 27\nPr\u00e9fecture de la R\u00e9gion d'Ile de France,\nPr\u00e9fecture de Paris \nIDF-2025-05-19-00001\nArr\u00eat\u00e9 portant d\u00e9l\u00e9gation de signature \u00e0\nMonsieur Fran\u00e7ois TH\u00c9OLEYRE, Directeur\ninterr\u00e9gional de la s\u00e9curit\u00e9 de l'aviation civile\nnord, en mati\u00e8re administrative\nPr\u00e9fecture de la R\u00e9gion d'Ile de France, Pr\u00e9fecture de Paris  - IDF-2025-05-19-00001 - Arr\u00eat\u00e9 portant d\u00e9l\u00e9gation de signature \u00e0 Monsieur\nFran\u00e7ois TH\u00c9OLEYRE, Directeur interr\u00e9gional de la s\u00e9curit\u00e9 de l'aviation civile nord, en mati\u00e8re administrative 28\n=PREFETDE LA REGIOND'\u00ceLE-DE-FRANCELibert\u00e9Egalit\u00e9Fratermit\u00e9\n  \n \n \nSecr\u00e9tariat g\u00e9n\u00e9ral aux politiques publiques \nDirection des affaires juridiques \nPr\u00e9fecture de la r\u00e9gion d'\u00cele-de-France, pr\u00e9fecture de Paris \n5, rue Leblanc 75 911 Paris Cedex 15 |  Standard : 01 82 52 40 00 \nSite internet : https://www.prefectures-regions.gouv.fr/ile-de-france \n \nArr\u00eat\u00e9 \n \nportant d\u00e9l\u00e9gation de signature \u00e0 Monsieur Fran\u00e7ois TH\u00c9OLEYRE,  \nDirecteur interr\u00e9gional de la s\u00e9curit\u00e9 de l'aviation civile nord,  \nen mati\u00e8re administrative \n \nLe pr\u00e9fet de la r\u00e9gion d'Ile-de-France \nPr\u00e9fet de paris \nCommandeur de la L\u00e9gion d'honneur, \nOfficier de l'ordre national du M\u00e9rite \n \nVu le code de justice administrative ; \nVu le code des transports et notamment ses articles  L.6211-1, L.6412-1 \u00e0 L.6412-3, R6211-2, R6412-2, R.6412-\n12 et R.6433-2 ;  \nVu la loi n\u00b0 78-17 du 6 janvier 1978 modifi\u00e9e relative \u00e0 l'informatique, aux fichiers et aux libert\u00e9s ; \nVu la loi n\u00b0 82-213 du 2 mars 1982 modifi\u00e9e relativ e aux droits et libert\u00e9s des communes, des d\u00e9partem ents et \ndes r\u00e9gions ; \nVu la loi n\u00b0 82-653 du 29 juillet 1982 portant r\u00e9forme de la planification ; \nVu la loi n\u00b0 83-8 du 7 janvier 1983 modifi\u00e9e relati ve \u00e0 la r\u00e9partition des comp\u00e9tences entre les commu nes, les \nd\u00e9partements, les r\u00e9gions et l'Etat ; \nVu la loi d'orientation n\u00b0 92-125 du 6 f\u00e9vrier 1992  modifi\u00e9e relative \u00e0 l'administration territoriale de la \nR\u00e9publique ; \nVu la loi n\u00b0 2001-1062 du 15 novembre 2001 modifi\u00e9e relative \u00e0 la s\u00e9curit\u00e9 quotidienne ; \nVu la loi n\u00b0 2004-809 du 13 ao\u00fbt 2004 modifi\u00e9e relative aux libert\u00e9s et responsabilit\u00e9s locales ; \nVu le d\u00e9cret n\u00b0 97-34 du 15 janvier 1997 relatif \u00e0 la d\u00e9concentration des d\u00e9cisions administratives individuelles ; \nVu le d\u00e9cret n\u00b0 97-1198 du 19 d\u00e9cembre 1997 modifi\u00e9  pris pour l'application au ministre de l'\u00e9quipemen t, des \ntransports et du logement du 1\u00b0 de l'article 2 du d \u00e9cret n\u00b0 97-34 du 15 janvier 1997 relatif \u00e0 la d\u00e9co ncentration \ndes d\u00e9cisions administratives individuelles ; \nVu le d\u00e9cret n\u00b0 97-1199 du 24 d\u00e9cembre 1997 modifi\u00e9  pris pour l'application au ministre de l'\u00e9quipemen t, des \ntransports et du logement de l'article 2 (2\u00b0) du d\u00e9 cret n\u00b0 97-34 du 15 janvier 1997 relatif \u00e0 la d\u00e9con centration des \nd\u00e9cisions administratives individuelles ; \nVu le d\u00e9cret n\u00b0 2004-374 du 29 avril 2004 modifi\u00e9 r elatif aux pouvoirs des pr\u00e9fets, \u00e0 l'organisation e t \u00e0 l'action \ndes services de l'Etat dans les r\u00e9gions et d\u00e9partements ; \nVu le d\u00e9cret n\u00b0 2008-1299 du 11 d\u00e9cembre 2008 modif i\u00e9 cr\u00e9ant la direction de la s\u00e9curit\u00e9 de l'aviation  civile, \nnotamment son article 6 ; \nVu le d\u00e9cret n\u00b0 2015-510 du 7 mai 2015 modifi\u00e9 portant charte de la d\u00e9concentration ; \nVu le d\u00e9cret du 22 juillet 2020 portant nomination de Monsieur Marc GUILLAUME en qualit\u00e9 de pr\u00e9fet de la \nr\u00e9gion d'Ile-de-France, pr\u00e9fet de Paris ; \nVu l'arr\u00eat\u00e9 minist\u00e9riel du 18 d\u00e9cembre 2019 modifi\u00e9 portant organisation de la direction de la s\u00e9curit \u00e9 de \nl'aviation civile ;Vu l'arr\u00eat\u00e9 minist\u00e9riel n\u00b0 AGR000132243294 du 29 no vembre 2024 portant placement en \nposition normale d'activit\u00e9 sortante non pay\u00e9e, qui  nomme Monsieur Fran\u00e7ois THEOLEYRE, ing\u00e9nieur g\u00e9n\u00e9r al \ndes ponts, des eaux et des for\u00eats de classe excepti onnelle, en qualit\u00e9 de directeur de la s\u00e9curit\u00e9 de l'aviation \ncivile Nord, \u00e0 compter du 1 \ner  janvier 2025 ; \nVu l'arr\u00eat\u00e9 minist\u00e9riel du 25 avril 2025 d'affectat ion de Madame Florence LEBLOND, ing\u00e9nieur des \u00e9tude s et de \nl'exploitation de l'aviation civile hors classe, en  qualit\u00e9 d'adjoint au directeur de la s\u00e9curit\u00e9 de l 'aviation civile \nNord ; \nVu la d\u00e9cision du 15 f\u00e9vrier 2024 portant organisation de la direction de la s\u00e9curit\u00e9 de l'aviation civile Nord ; \nPr\u00e9fecture de la R\u00e9gion d'Ile de France, Pr\u00e9fecture de Paris  - IDF-2025-05-19-00001 - Arr\u00eat\u00e9 portant d\u00e9l\u00e9gation de signature \u00e0 Monsieur\nFran\u00e7ois TH\u00c9OLEYRE, Directeur interr\u00e9gional de la s\u00e9curit\u00e9 de l'aviation civile nord, en mati\u00e8re administrative 29\n 2 \n \nSur proposition de la pr\u00e9f\u00e8te, secr\u00e9taire g\u00e9n\u00e9rale aux politiques publiques de la pr\u00e9fecture de la r\u00e9g ion d'Ile-de-\nFrance, pr\u00e9fecture de Paris ; \n \n \nARRETE \n \n \nArticle 1 : D\u00e9l\u00e9gation de signature est donn\u00e9e \u00e0 M. Fran\u00e7ois T HEOLEYRE, ing\u00e9nieur g\u00e9n\u00e9ral des ponts, des \neaux et for\u00eats  de classe exceptionnelle, directeur interr\u00e9gional d e la s\u00e9curit\u00e9 de l'aviation civile Nord, \u00e0 l'effet de \nsigner au nom du pr\u00e9fet de la r\u00e9gion d'Ile-de-Franc e : la d\u00e9livrance, la transformation en licence tem poraire, la \nsuspension et le retrait de la licence d'exploitation de transporteur a\u00e9rien et l'autorisation d'explo iter des services \na\u00e9riens mentionn\u00e9s aux articles L.6412-1 \u00e0 L.6412-3  du code des transports, l'autorisation d'utiliser un a\u00e9ronef \nimmatricul\u00e9 \u00e0 l'\u00e9tranger et l'autorisation d'affr\u00e9t er un a\u00e9ronef d'un autre transporteur a\u00e9rien, et de  proposer les \ntransactions pr\u00e9vues par l'article R.6433-1 du code des transports. \n \nLes d\u00e9cisions susvis\u00e9es sont applicables aux entrep rises ayant leur principal \u00e9tablissement ou leur si \u00e8ge social \ndans la r\u00e9gion d'Ile-de-France, si ces entreprises exploitent uniquement des a\u00e9ronefs d'une masse maxi male au \nd\u00e9collage inf\u00e9rieure \u00e0 10 tonnes ou d'une capacit\u00e9 inf\u00e9rieure \u00e0 20 si\u00e8ges, sauf si cette entreprise ex ploite des \nservices r\u00e9guliers internationaux. \n \n \nArticle 2 :  En cas d'absence ou d'indisponibilit\u00e9 de M. Fran\u00e7o is THEOLEYRE, directeur interr\u00e9gional de la \ns\u00e9curit\u00e9 de l'aviation civile Nord, d\u00e9l\u00e9gation de s ignature est donn\u00e9e aux agents suivants plac\u00e9s sous  son \nautorit\u00e9 dans les limites de leurs attributions, \u00e0 l'effet de signer les actes ou d\u00e9cisions pr\u00e9vus \u00e0 l'article 1 \ner  : \n- Mme Florence LEBLOND, ing\u00e9nieur des \u00e9tudes et de l 'exploitation de l'aviation civile hors classe, \nadjoint au directeur de la s\u00e9curit\u00e9 de l'aviation civile Nord ; \n- Mme Julie ROUDET, ing\u00e9nieure des \u00e9tudes et de l'ex ploitation de l'aviation civile, cheffe du \nd\u00e9partement surveillance de Roissy-Charles de Gaulle ; \n- Mme Christelle DEGARDIN, attach\u00e9e principale d'adm inistration de l'Etat, cheffe de cabinet du \ndirecteur de la s\u00e9curit\u00e9 de l'aviation civile Nord ; \n- M. Laurent ROBERT, ing\u00e9nieur des \u00e9tudes et de l'ex ploitation de l'aviation civile, chef de la divisio n \nd\u00e9veloppement durable. \n \n \nArticle 3 :  L'arr\u00eat\u00e9 n\u00b0 IDF-2025-02-18-00001 du 18 f\u00e9vrier 202 5 portant d\u00e9l\u00e9gation de signature \u00e0 Monsieur \nFran\u00e7ois TH\u00c9OLEYRE, directeur interr\u00e9gional de la s \u00e9curit\u00e9 de l'aviation civile nord, en mati\u00e8re admin istrative, \nest abrog\u00e9. \n \n \nArticle 4 : La pr\u00e9f\u00e8te, secr\u00e9taire g\u00e9n\u00e9rale aux politiques pub liques de la pr\u00e9fecture de la r\u00e9gion d'Ile-de-Franc e, \npr\u00e9fecture de Paris, et le directeur interr\u00e9gional de la s\u00e9curit\u00e9 de l'aviation civile Nord, sont char g\u00e9s, chacun en \nce qui le concerne, de l'ex\u00e9cution du pr\u00e9sent arr\u00eat \u00e9, qui sera publi\u00e9 au recueil des actes administrat ifs (\u00e9chelon \nde la r\u00e9gion d'Ile-de-France) de la pr\u00e9fecture de l a r\u00e9gion d'Ile-de-France, pr\u00e9fecture de Paris, acce ssible sur le \nsite Internet de la pr\u00e9fecture: \nwww.prefectures-regions.gouv.fr/ile-de-france/  et qui entrera en vigueur le \nlendemain de sa publication. \nFait \u00e0 Paris, le 19 mai 2025 \nLe pr\u00e9fet de la r\u00e9gion d'Ile-de-France, \nPr\u00e9fet de Paris, \n \nSign\u00e9 \n \nMarc GUILLAUME \nPr\u00e9fecture de la R\u00e9gion d'Ile de France, Pr\u00e9fecture de Paris  - IDF-2025-05-19-00001 - Arr\u00eat\u00e9 portant d\u00e9l\u00e9gation de signature \u00e0 Monsieur\nFran\u00e7ois TH\u00c9OLEYRE, Directeur interr\u00e9gional de la s\u00e9curit\u00e9 de l'aviation civile nord, en mati\u00e8re administrative 30","date":"2025-05-19","first_seen_on":"2025-05-19T17:09:06+00:00","id":"c5f54345480d7f583f50a1613cc7c1b272f64785194392f448b424e1d377ba20","name":"recueilDS-idf-030-2025-05-recueil-des-actes-administratifs-special du 19.05.2025","pdf_creation_date":"2025-05-19T14:56:57+00:00","pdf_modification_date":null,"timezone":"Europe/Paris","url":"https://www.prefectures-regions.gouv.fr/ile-de-france/irecontenu/telechargement/127792/942697/file/recueilDS-idf-030-2025-05-recueil-des-actes-administratifs-special%20du%2019.05.2025.pdf"}
