{"administration":"pref52","administration_name":"Pr\u00e9fecture de la Haute-Marne","content":"PREFETDE LA HAUTE-MARNE\nRECUEILDES ACTESADMINISTRATIFSDE LAHAUTE-MARNE\nANN\u00c9E 2025 - Num\u00e9ro 59 du 18 juillet 2025\n\nSOMMAIRE\nPREFECTURE DE LA HAUTE-MARNESECRETARIAT GENERAL COMMUN DEPARTEMENTAL Page 7Arr\u00eat\u00e9 N\u00b052-2025-07-00067 du 11 juillet 2025 portant d\u00e9l\u00e9gation de signature pour l'ordonnancementsecondaire des d\u00e9penses et des recettes a M. Guillaume THIRARD, Secr\u00e9taire g\u00e9n\u00e9ral de la pr\u00e9fecturede la Haute-Marne, et aux agents des services prescripteursDIRECTION DE LA CITOYENNETE ET DE LA LEGALITE Page 15Bureau de la r\u00e9glementation g\u00e9n\u00e9rale, des associations et des \u00e9lectionsArr\u00eat\u00e9 N\u00b0 52-2025-07-00081 du 17 juillet 2025 portant renouvellement d'habilitation dans le domainefun\u00e9raireSECRETARIAT GENERAL AUX AFFAIRES DEPARTEMENTALES Page 17Bureau de l'environnementArr\u00eat\u00e9 N\u00b052-2025-00031 du 7 f\u00e9vrier 2025 portant abrogation d'un arr\u00eat\u00e9- de D\u00e9claration d'Utilit\u00e9 Publique des travaux de d\u00e9rivation des eaux souterraines- de D\u00e9claration d'Utilit\u00e9 Publique de l'instauration des p\u00e9rim\u00e8tres de protection autour du captaged'eau destin\u00e9e \u00e0 la consommation humaine- de D\u00e9claration de pr\u00e9l\u00e8vement d'eau dans le milieu naturel- d'Autorisation de production et de distribution au public d'eau destin\u00e9e \u00e0 la consommationhumainesCommune d'Orbigny-au-Val forage 1994 identifi\u00e9 \u00e0 la Banque du sous-sol sous le num\u00e9ro nationalBSSOO1CRFAArr\u00e9t\u00e9 N\u00b052-2025-04-00091 du 18 avril 2025 portant sur- la D\u00e9claration d'Utilit\u00e9 Publique des travaux de d\u00e9rivation des eaux souterraines- de D\u00e9claration d'Utilit\u00e9 Publique de l'instauration des p\u00e9rim\u00e8tres de protection autour du captaged'eau destin\u00e9e a la consommation humaine- de D\u00e9claration de pr\u00e9l\u00e9vement d'eau dans le milieu naturel- d'Autorisation de production et de distribution au public d'eau destin\u00e9e a la consommationhumainesCommunaut\u00e9 d'agglom\u00e9ration Grand Saint-Dizier, Der et Vall\u00e9esCommune de Ville-en-Blaisois Puits du Grand Breuil identifi\u00e9 a la Banque du Sous-Sol sous le num\u00e9roBSSOOOUMRM\nDIRECTION DEPARTEMENTALE DES TERRITOIRES (DDT)Service habitat et construction Page 33Bureau qualit\u00e9 de la constructionArr\u00e9t\u00e9 N\u00b0 52-2025-07-00064 du 10 juillet 2025 portant accord de d\u00e9rogation aux dispositions du codede la construction et de l'habitation pour le compte de MARIONNAUD (Madame Gabriele BETTI)Arr\u00e9t\u00e9 N\u00b0 52-2025-07-00065 du 11 juillet 2025 portant accord de d\u00e9rogation aux dispositions du codede la construction et de l'habitation pour le compte de la commune de Ch\u00e2teauvillainService environnement et for\u00e9t Page 40Arr\u00e9t\u00e9 N\u00b0 52-2025-07-00076 du 16 juillet 2025 portant application du r\u00e9gime forestier a des terrains sisa CHAUFFOURTArr\u00e9t\u00e9 N\u00b0 52-2025-07-00077 du 16 juillet 2025 portant application du r\u00e9gime forestier a des terrains sisa MAREILLESArr\u00e9t\u00e9 N\u00b052-2025-07-00078 du 16 juillet 2025 portant application/distraction du r\u00e9gime forestier a desterrains sis a CHAUDENAYArr\u00e9t\u00e9 N\u00b052-2025-07-00079 du 16 juillet 2025 portant application du r\u00e9gime forestier a des terrains sisa RIVES-DERVOISES\nDIRECTION D\u00c9PARTEMENTALE DE L'EMPLOI, DU TRAVAIL, DES SOLIDARITES ET DE LAPROTECTION DES POPULATIONS Page 48R\u00e9c\u00e9piss\u00e9 de d\u00e9claration d'un organisme de services a la personne enregistr\u00e9 sous N\u00b0SAP942921966R\u00e9c\u00e9piss\u00e9 de d\u00e9claration d'un organisme de services a la personne enregistr\u00e9 sous le N\u00b0SAP941046757R\u00e9cepiss\u00e9 de d\u00e9claration d'un organisme de services a la personne enregistr\u00e9 sous leN\u00b0SAP940780380AGENCE REGIONALE DE SANTE GRAND EST Page 51D\u00e9l\u00e9gation Territoriale de la Haute-MarneD\u00e9cision tarifaire N\u00b03225 portant fixation du forfait global de soins pour 2025 de EHPAD MARIEPOCARD DE MARANVILLE - 520784521D\u00e9cision tarifaire N\u00b03226 portant fixation de la dotation globale de soins pour 2025 de SSIADPOUGNY - 520784083D\u00e9cision tarifaire N\u00b03227 portant fixation de la dotation globale de soins pour 2025 de SSIAD AUBRIN D'OSIER - 520784059D\u00e9cision tarifaire N\u00b03228 portant fixation de la dotation globale de soins pour 2025 de SSIAD SAINTMARTIN \u2014 520784034D\u00e9cision tarifaire N\u00b03229 portant fixation de la dotation globale de soins pour 2025 de SSIAD DESAINT-THIEBAULT \u2014 520783002\nD\u00e9cision tarifaire N\u00b03230 portant fixation du forfait global de soins pour 2025 de EHPAD LEGAYCOLIN - 520780453D\u00e9cision tarifaire N\u00b03231 portant fixation du forfait global de soins pour 2025 de EHPAD AU BRIND'OSIER \u2014 520780446D\u00e9cision tarifaire N\u00b03232 portant fixation du forfait global de soins pour 2025 de EHPAD POUGNY -520780438D\u00e9cision tarifaire N\u00b03233 portant fixation du forfait global pour 2025 de EHPAD LE MAIL - 520780420D\u00e9cision tarifaire N\u00b03234 portant fixation du forfait global de soins pour 2025 de EHPAD SAINT-MARTIN D'ARC EN BARROIS - 520780412D\u00e9cision tarifaire N\u00b03235 portant fixation du forfait global de soins pour 2025 de LA MAISON DEL'OSIER POURPRE \u2014 520003443D\u00e9cision tarifaire N\u00b03236 portant fixation du forfait global de soins pour 2025 de LA MAISON DEL'ORME DORE - 520003286D\u00e9cision tarifaire N\u00b06227 portant fixation pour 2025 du montant et de la r\u00e9partition de la dotationglobalis\u00e9e commune pr\u00e9vue au contrat pluriannuel d'objectifs et de moyens de ALEFPA - 59079930D\u00e9cision tarifaire N\u00b06228 portant fixation pour 2025 du montant et de la r\u00e9partition de la dotationglobalis\u00e9e commune pr\u00e9vue au contrat pluriannuel d'objectifs et de moyens de L'ASSOCIATION LEBOIS L'ABBESSE - 520782988D\u00e9cision tarifaire N\u00b06229 portant fixation pour 2025 du montant et de la r\u00e9partition de la dotationglobalis\u00e9e commune pr\u00e9vue au contrat pluriannuel d'objectifs et de moyens de ADPEP 52 -520782004D\u00e9cision tarifaire N\u00b06230 portant fixation pour 2025 du montant et de la r\u00e9partition de la dotationglobalis\u00e9e commune pr\u00e9vue au contrat pluriannuel d'objectifs et de moyens de FONDATION LUCYLEBON - 520783044D\u00e9cision tarifaire N\u00b06231 portant fixation pour 2025 du montant et de la r\u00e9partition de la dotationglobalis\u00e9e commune pr\u00e9vue au contrat pluriannuel d'objectifs et de moyens de A.D.A.S.MS -520000373D\u00e9cision tarifaire N\u00b010781 portant fixation du forfait global de soins pour 2025 de EHPAD LATRINCASSAYE - 520783622D\u00e9cision tarifaire N\u00b010782 portant fixation du forfait global de soins pour 2025 de EHPAD LAPROVIDENCE DE MONTIGNY-LE-ROI - 520783432D\u00e9cision tarifaire N\u00b010783 portant fixation du forfait global de soins pour 2025 de EHPAD LESMYOSOTIS DE BOURMONT - 520783150D\u00e9cision tarifaire N\u00b010784 portant fixation du forfait global de soins pour 2025 de EHPAD RESIDENCEDES AINES CH MONTIER-EN-DER - 520782178D\u00e9cision tarifaire N\u00b010785 portant fixation du forfait global de soins pour 2025 de EHPAD LE LIENNOGENT - 520781766\nD\u00e9cision tarifaire N\u00b010786 portant fixation du forfait global de soins pour 2025 de EHPAD SAINTAUGUSTIN - 520781733D\u00e9cision tarifaire N\u00b010787 portant fixation du forfait global de soins pour 2025 de EHPAD DU CH DEBOURBONNE LES BAINS - 520781592D\u00e9cision tarifaire N\u00b010788 portant fixation du forfait global de soins pour 2025 de EHPAD JEAN-FRANCOIS BONNET CH CHAUMONT - 520781584D\u00e9cision tarifaire N\u00b010789 portant fixation du forfait global de soins pour 2025 de EHPAD HOPITALST CHARLES WASSY - 520781535D\u00e9cision tarifaire N\u00b010790 portant fixation du forfait global de soins pour 2025 de EHPAD LE CHENE\u2014 CH DE SAINT-DIZIER - 520781527D\u00e9cision tarifaire N\u00b010791 portant fixation du forfait global de soins pour 2025 de EHPAD GERARDDE HAULT - 520780461D\u00e9cision tarifaire N\u00b010792 portant fixation du forfait global de soins pour 2025 de EHPAD FELIXGRELOT - 520780396D\u00e9cision tarifaire N\u00b010793 portant fixation du forfait global de soins pour 2025 de EHPAD LA COTEDES CHARMES -520004565D\u00e9cision tarifaire N\u00b010794 portant fixation du forfait global de soins pour 2025 de EHPAD CHHM -520001868D\u00e9cision tarifaire N\u00b011210 portant fixation pour 2025 du montant et de la r\u00e9partition de la dotationglobalis\u00e9e commune pr\u00e9vue au contrat pluriannuel d'objectifs et de moyens de HOPITAL DEJOINVILLE \u2014 520780040 pour I'EHPAD HL JOINVILLE \u2014 520781543 / SSIAD DE JOINVILLE - 520784208D\u00e9cision tarifaire N\u00b011464 portant fixation de la dotation globale de soins pour 2025 de SSIAD DEBOURBONNE-LES-BAINS - 520784257D\u00e9cision tarifaire N\u00b011465 portant fixation de la dotation globale de soins pour 2025 de SSIAD DEWASSY - 520783994D\u00e9cision tarifaire N\u00b011466 portant fixation de la dotation globale de soins pour 2025 de SSIADPA -CH DE CHAUMONT - 520783341D\u00e9cision tarifaire N\u00b011467 portant fixation de la dotation globale de soins pour 2025 de SSIADPA -CH DE LANGRES - 520782772D\u00e9cision tarifaire N\u00b011468 portant fixation de la dotation globale de soins pour 2025 de SSIAD DU CHDE SAINT-DIZIER - 520781881D\u00e9cision tarifaire N\u00b011470 portant fixation de la dotation globale de soins pour 2025 de SSIAD DEMONTIER EN DER \u2014 520001058D\u00e9cision tarifaire N\u00b011482 portant fixation de la dotation globale de soins pour 2025 de SSIAD \u00ab LELIEN \u00bb - 520781857D\u00e9cision tarifaire N\u00b014524 portant fixation de la dotation globale de financement pour 2025 de ESAT\u00ab JAMES MARANGE \u00bb - 520782145\nD\u00e9cision tarifaire N\u00b014525 portant fixation du prix de journ\u00e9e globalis\u00e9 pour 2025 de MAS FOYERMONTECLAIR ANDELOT - 520781832D\u00e9cision tarifaire N\u00b014526 portant fixation du prix de journ\u00e9e globalis\u00e9 pour 2025 de CMPP APAJHSAINT-DIZIER \u2014 520780487D\u00e9cision tarifaire N\u00b014527 portant fixation du forfait global de soins pour 2025 de EAM - 520005455D\u00e9cision tarifaire N\u00b014528 portant fixation du forfait global de soins pour 2025 de FAM FEDERATIONAPAJH HAUTE-MARNE - 520004888D\u00e9cision tarifaire N\u00b014529 portant fixation du prix de journ\u00e9e globalis\u00e9 pour 2025 de SDAIP -520003260D\u00e9cision tarifaire N\u00b014530 portant fixation de la dotation globale de financement pour 2025 deCAMSP DU CH DE LA HAUTE-MARNE - 520002593D\u00e9cision tarifaire N\u00b014757 portant fixation du prix de journ\u00e9e globalis\u00e9 pour 2025 de MAS JEAN-MARC ITARD - CH HAUTE-MARNE- 520002585D\u00e9cision tarifaire N\u00b014957 portant modification du forfait global de soins pour 2025 de EHPAD FELIXGRELOT - 520780396Arr\u00e9t\u00e9 N\u00b052-2025-07-00091 du 17 juillet 2025 portant r\u00e9quisition de pharmaciens titulaires d'uneofficine de pharmacie pour assurer les services de garde et d'urgence\nETABLISSEMENTS HOSPITALIERS DE BAR-LE-DUC FAINS-VEEL, DE HAUTE-MARNE, DEJOINVILLE, DE MONTIER EN DER, DE SAINT-DIZIER, DE VERDUN SAINT-MIHIEL, DEVITRY-LE-FRAN\u00c7OIS, DE WASSY ET DE L'EHPAD THIEBLEMONT-FAREMONTPage 190D\u00e9cision N\u00b043/2025 Directions d\u00e9l\u00e9gu\u00e9es portant d\u00e9l\u00e9gation de signature\nTRIBUNAL ADMINISTRATIF DE CHALONS-EN-CHAMPAGNE Page 192D\u00e9cision de d\u00e9signation pour la commission du conseil de discipline de la fonction publiqueterritoriale\nPREFET oo aeDE LA HAUTE-MARNE Secr\u00e9tariat g\u00e9n\u00e9ralBole commun d\u00e9partemental\nFraternit\u00e9\nARRETE N\u00b0 52-2025-07-00067 DU 11 JUILLET 2025\nportant d\u00e9l\u00e9gation de signature pour l'ordonnancement secondaire\ndes d\u00e9penses et des recettes \u00e0 M. Guillaume THIRARD,\nSecr\u00e9taire g\u00e9n\u00e9ral de la pr\u00e9fecture de la Haute-Marne,\net aux agents des services prescripteurs\nLa Pr\u00e9f\u00e8te de la Haute-Marne,\nChevalier de la L\u00e9gion d'Honneur,\nOfficier de l'Ordre National du M\u00e9rite\nVU le d\u00e9cret n\u00b0 62-1587 du 29 d\u00e9cembre 1962, modifi\u00e9, portant r\u00e8glement g\u00e9n\u00e9ral sur la\ncomptabilit\u00e9 publique ;\nVU la loi organique n\u00b0 2001-692 du 1er ao\u00fbt 2001 modifi\u00e9e relative aux lois de finances,\nmodifi\u00e9e par la loi organique n\u00b0 2005-779 du 12 juillet 2005 ;\nVU le d\u00e9cret n\u00b0 2004-374 du 29 avril 2004 modifi\u00e9 relatif aux pouvoirs des pr\u00e9fets, \u00e0\nl'organisation et \u00e0 l'action des services de l'\u00c9tat dans les r\u00e9gions et les d\u00e9partements ;\nVU le d\u00e9cret du 6 juillet 2023 portant nomination de M. Johan PORCHER en qualit\u00e9 de\nDirecteur de Cabinet de la pr\u00e9f\u00e8te de la Haute-Marne ;\nVU le d\u00e9cret du 13 juillet 2023 portant nomination de Mme R\u00e9gine PAM, Pr\u00e9f\u00e8te de la\nHaute-Marne ;\nVU le d\u00e9cret du 25 octobre 2023 portant nomination de M. Guillaume THIRARD en qualit\u00e9\n, de Secr\u00e9taire g\u00e9n\u00e9ral de la pr\u00e9fecture de la Haute-Marne ;\nVU le d\u00e9cret du 5 janvier 2024 portant nomination de M. Eric MAROCHINI en qualit\u00e9 de\nsous-pr\u00e9fet de Langres ;\nVU le d\u00e9cret du 20 juin 2025, portant nomination de M. Jean-Philippe HORREARD en\nqualit\u00e9 de sous-pr\u00e9fet de Saint-Dizier ;\nVU l'arr\u00eat\u00e9 pr\u00e9fectoral n\u00b0 52-2023-08-00013 du 12 octobre 2023 portant organisation des\nservices de pr\u00e9fecture de la Haute-Marne ;\nVU l'arr\u00eat\u00e9 pr\u00e9fectoral n\u00b0 52-2024-10-00251 du 28 octobre 2024 portant organisation du\nsecr\u00e9tariat g\u00e9n\u00e9ral commun d\u00e9partemental de la Haute-Marne ;\nSUR proposition du Secr\u00e9taire g\u00e9n\u00e9ral de la pr\u00e9fecture,\n\nARRETE :\nArticle 1: D\u00e9l\u00e9gation au Secr\u00e9taire g\u00e9n\u00e9ral de la Pr\u00e9f\u00e9te\nD\u00e9l\u00e9gation permanente est donn\u00e9e \u00e0 M. Guillaume THIRARD, Secr\u00e9taire g\u00e9n\u00e9ral de la\npr\u00e9fecture de la Haute-Marne, en qualit\u00e9 d'ordonnateur secondaire d\u00e9l\u00e9gu\u00e9 \u00e0 l'effet de signer tous\nles actes relatifs \u00e0 l'ordonnancement secondaire des programmes dont la Pr\u00e9f\u00e8te de la Haute-Marne\nest ordonnateur secondaire de l'\u00c9tat \u00e0 l'exception des programmes m\u00e9tiers des directions\nd\u00e9partementales interminist\u00e9rielles.\nArticle 2 : D\u00e9l\u00e9gations aux services prescripteurs selon leurs programmes budg\u00e9taires\nLes programmes concern\u00e9s par le pr\u00e9sent arr\u00eat\u00e9 sont organis\u00e9s en services prescripteurs\ncharg\u00e9s, chacun en ce qui le concerne, de la gestion et du suivi des cr\u00e9dits qui rel\u00e8vent de leur\ndomaine d'activit\u00e9.\nLa Pr\u00e9f\u00e8te d\u00e9l\u00e9gue sa signature en qualit\u00e9 d'ordonnateur secondaire aux prescripteurs aux fins de :\n* ex\u00e9cuter des d\u00e9penses et recettes en validant des expressions de besoins.\n* __ constater et certifier.\nLa constatation du service fait et sa certification sont effectu\u00e9es par les prescripteurs valideurs oupar les saisisseurs des applications minist\u00e9rielles m\u00e9tiers (AMM) ainsi que par le service responsable\nde l'unit\u00e9 op\u00e9rationnelle.\nChaque service prescripteur assure la gestion et le suivi de la consommation de ses cr\u00e9dits,\nsubventions, commandes et factures par le biais de l'application m\u00e9tier mise \u00e0 sa disposition. Cettegestion s'effectue sous le contr\u00f4le du service du pilotage et de l'ex\u00e9cution budg\u00e9taire du SGCD\n(SPEB), responsable de l'unit\u00e9 op\u00e9rationnelle pour la Pr\u00e9f\u00e8te.\nService prescripteur Programme Saisisseurs Valideurs\nM. Denis LIP, directeur de la citoyennet\u00e9\n104 et de la l\u00e9galit\u00e9\nBureau des Int\u00e9gration et M. Birame DIOP, adjoint au Mme Sandrine BOUTSOQUE, adjointe au\nmigrations et de acc\u00e8s \u00e0 la chef de bureau des migrations directeur de la citoyennet\u00e9 et de lal'int\u00e9gration nationalit\u00e9 et de l'int\u00e9gration l\u00e9galit\u00e9fran\u00e7aise M. Gwenol\u00e9 PY, chef de bureau desmigrations et de l'int\u00e9gration\nM. Denis LIP, directeur de la citoyennet\u00e9\net de la l\u00e9galit\u00e9\nBureaude la Mme Sylvie BRABANT, | Mme Sandrine BOUTSOQUE, adjointe aur\u00e9glementation mm \u00ef \u00e0 . . xce Rice adjointe au chef de bureau de directeur de la citoyennet\u00e9 et de lag\u00e9n\u00e9rale, des Elections A ss x sesassociations et des prud'hommes la r\u00e9glementation g\u00e9n\u00e9rale, des l\u00e9galit\u00e9associations et des \u00e9lections | M. Enzo RICCARDI, chef de bureau de la\u00e9lections ' + eS saer\u00e9glementation g\u00e9n\u00e9rale, des associations\net des \u00e9lections\n\nService prescripteur Programme Saisisseurs Valideurs\nMine Marie-Flerre FECHINES M. Denis LIP, directeur de la citoyennet\u00e9agent du bureau des finances golesn2 lela et de la l\u00e9galit\u00e9. + Mme Sandrine BOUTSOQUE, adjointe auBureau des finances FNADT, DSIL, | Mme Christelle DUBOIS, agent directeur de la citoyennet\u00e9 etde lalocales contrat de du bureau des finances localesruralit\u00e9 2017 Mme C\u00e9cile GUILLAUME,\nagent du bureau des finances\nlocales\nl\u00e9galit\u00e9Mme Rachel BRIATTE, adjointe \u00e0 la cheffe\nde bureau des finances locales\nService du pilotage\net de l'ex\u00e9cution\nbudg\u00e9taire\n119\nIndemnit\u00e9s\nr\u00e9gisseurs de\npolice municipale\nMme Corinne AUBRY, cheffe\nde p\u00f4le achats et financesM. Ludovic POPU, gestionnaire\nbudg\u00e9taire et comptable\nMme Anne DESBARRES, directrice du\nSGCD\nM. Didier CURT, directeur adjoint du\nSGCD, chef de service des moyens et du\npatrimoine\nMme Aur\u00e9lie LAVENET, cheffe du service\ndu pilotage et de l'ex\u00e9cution budg\u00e9taire\nMme Martine LEGROS, adjointe \u00e0 la\ncheffe du service du pilotage et de\nl'ex\u00e9cution budg\u00e9taire\nM. Fr\u00e9d\u00e9ric JACQUES, secr\u00e9taire\nadministratif, gestionnaire budg\u00e9taire et\ncomptable\nMme Marie-Pierre PECHINEZ,\nagent du bureau des finances\nM. Denis LIP, directeur de la citoyennet\u00e9\net de la l\u00e9galit\u00e9\n. 119 Mme Sandrine BOUTSOQUE, adjointe au\nBureau  des finances | DETR- DSID- same C\u00e9cile GUILLAUME directeur de la citoyennet\u00e9 et de la\nDPV 2 ! l\u00e9galit\u00e9\nagent du bureau des finances | wme Rachel BRIATTE, adjointe \u00e0 la cheffeIscales de bureau des finances locales\nM. Denis LIP, directeur de la citoyennet\u00e9\net de la l\u00e9galit\u00e9Mme Sandrine BOUTSOQUE, adjointe au\ndirecteur de la citoyennet\u00e9 et de laBureali'des Mme Marie-Pierre PECHINEZ, l\u00e9galit\u00e9colleen ocales Ba DD rise agent du bureau des finances | Mme Catia TRAN, cheffe du bureau des\nVintercommunalit\u00e9 locales collectivit\u00e9s locales et de\nVintercommunalit\u00e9\nMme Sabine NICOMETTE, adjointe \u00e0 la\ncheffe du bureau des collectivit\u00e9s locales\net de l'intercommunalit\u00e9\nBureau des finances\nlocales\n19\nDotation Titres\ns\u00e9curis\u00e9s,\nDotation\ncompensation\nTH, Dotation\ncompl\u00e9mentaire\nDCP, Dotation\ncompensation\nTFPBet CFE,\nDotation GEMAPI\nMme Marie-Pierre PECHINEZ,\nagent du bureau des finances\nlocalesMme Christelle DUBOIS,\nagent du bureau des finances\nlocales\nM. Denis LIP, directeur de la citoyennet\u00e9\net de la l\u00e9galit\u00e9\nMme Sandrine BOUTSOQUE, adjointe au\ndirecteur de la citoyennet\u00e9 et de la\nl\u00e9galit\u00e9Mme Rachel BRIATTE, adjointe \u00e0 la cheffe\nde bureau des finances locales\n\nService prescripteurProgramme Saisisseurs Valideurs\nBureau des finances\nlocales\n122\nTDIL-Dotation\nSolidarit\u00e9,\nDGD ACOTU,\nDotation\nexceptionnelle\nCMS, aides aux\nMme Marie-Pierre PECHINEZ,\nagent du bureau des finances\nlocalesMme C\u00e9cile GUILLAUME, agent\ndu bureau des finances locales\nMme Christelle DUBOIS,\nagent du bureau des finances\nM. Denis LIP, directeur de la citoyennet\u00e9\net de la l\u00e9galit\u00e9Mme Sandrine BOUTSOQUE, adjointe au\ndirecteur de la citoyennet\u00e9 et de la\nl\u00e9galit\u00e9Mme Rachel BRIATTE, adjointe \u00e0 la cheffe\nde bureau des finances localescommunes\nforesti\u00e8res localesDirection des He  be pe th Mme Catherine DAVID, directrice desSecUrites DILCRAH s\u00e9curit\u00e9 publique peines\n207 :\nDirection des S\u00e9curit\u00e9 et Mme Amandine VICENTE, | ne Catherine DAVID, directrice desSd  A . adjointe au bureau de la eees\u00e9curit\u00e9s \u00e9ducation FO ' s\u00e9curit\u00e9sam s\u00e9curit\u00e9 publiquerouti\u00e9res\nDirection des 216 MmeAmandine VICENTE, Mme Catherine DAVID, directrice desar adjointe au bureau de la Be tws\u00e9curit\u00e9s FIPD es  : s\u00e9curit\u00e9ss\u00e9curit\u00e9 publique\nMme Anne DESBARRES, directrice du\nSGCD\nM. Didier CURT, directeur adjoint du\n216 SGCD, chef de service des moyens et du. Conduite et Mme Laurence LE GUILLOU, patrimoineService des . pilotage des cheffe de p\u00f4le social, M. Corentin MAGRIN, chef du service desressources humaines politiques de | formation et gestion du temps ressources humainesl'int\u00e9rieur Mme Agn\u00e8s AUVIGNE, cheffe de p\u00f4lecarri\u00e8re et r\u00e9mun\u00e9rationMme Corinne AUBRY, cheffe de p\u00f4le\nachats et finances\nMme Anne DESBARRES, directrice du\nSGCD\nMme Corinne AUBRY, cheffe M. Didier CURT, directeur adjoint du\nde p\u00f4le achats et finances SGCDM. Ludovic POPU, gestionnaire | Mme Aur\u00e9lie LAVENET, cheffe du service\nservicedu pilotage budg\u00e9taire et comptable du pilotage et de l'ex\u00e9cution budg\u00e9taire216 Mme La\u00ebtitia GRANDJONC, Mme Martine LEGROS, adjointe \u00e0 laet de l'ex\u00e9cution\nbudg\u00e9taire Contentieuxgestionnaire budg\u00e9taire et\ncomptableMme Nawal NOGARA,\ngestionnaire budg\u00e9taire etcomptable\ncheffe du service du pilotage et de\nl'ex\u00e9cution budg\u00e9taire\nMme Corinne AUBRY, cheffe de p\u00f4le\nachats et financesM. Fr\u00e9d\u00e9ric JACQUES, secr\u00e9taire\nadministratif, gestionnaire budg\u00e9taire et\ncomptable\n\nService prescripteur Programme Saisisseurs Valideurs\nMme Anne DESBARRES, directrice du\n217 SGCD\nConduite et M. Didier CURT, directeur adjoint du\npilotage des SGCD\nServices des politiques de Mieen RE  M. Corentin MAGRIN, chef du service desressources humaines | l'\u00e9cologie du formato mal cation cla forons ressources humainesd\u00e9veloppement Mme Agn\u00e8s AUVIGNE, cheffe de p\u00f4le\net de la carri\u00e8re et r\u00e9mun\u00e9ration\nmobilit\u00e9 durable Mme Corinne AUBRY, cheffe de p\u00f4le\nachats et finances\nBureau de la\nr\u00e9glementation\ng\u00e9n\u00e9rale, des\nassociations et des\n218\n\u00c9lections des\ntribunaux de\nMme Sylvie BRABANT,\nadjointe au chef de bureau de\nla r\u00e9glementation g\u00e9n\u00e9rale, des\nM. Denis LIP, directeur de la citoyennet\u00e9\net de la l\u00e9galit\u00e9Mme Sandrine BOUTSOQUE, adjointe au\ndirecteur de la citoyennet\u00e9 et de la\nl\u00e9galit\u00e9\n, . commerce associations et des \u00e9lections | M. Enzo RICCARDI, chef de bureau de laelections r\u00e9glementation g\u00e9n\u00e9rale, des associations\net des \u00e9lections\nM. Denis LIP, directeur de la citoyennet\u00e9\net de la l\u00e9galit\u00e9Mme Sandrine BOUTSOQUE, adjointe auBureau de la Fi . i <? : Mme Sylvie BRABANT, directeur de la citoyennet\u00e9 et de la\nFegiementation 232 adjointe au chef de bureau de l\u00e9galit\u00e9g\u00e9n\u00e9rale, des \u00c9lections la r\u00e9glementation g\u00e9n\u00e9rale, des| M. Enzo RICCARDI, chef de bureau de laassociations etdee associations et des \u00e9lections | r\u00e9glementation g\u00e9n\u00e9rale, des associationselections et des \u00e9lections\nMme Corinne AUBRY, cheffe de p\u00f4le\nachats et financesM. Denis LIP, directeur de la citoyennet\u00e9\net de la l\u00e9galit\u00e9\nBureau des 303 M. Birame DIOP, Mme Sandrine BOUTSOQUE, adjointe aumigrations et de Asile & adjoint au chef de bureau des directeur de la citoyennet\u00e9 et de laVint\u00e9gration \u00e9loignement migrations et de l'int\u00e9gration l\u00e9galit\u00e9M. Gwenol\u00e9 PY, chef de bureau des\nmigrations et de l'int\u00e9gration\nMme Corinne AUBRY,\ncheffe de p\u00f4le achats et Mme Catherine DAVID, directrice des\nfinances s\u00e9curit\u00e9sM. Ludovic POPU, Mme Aur\u00e9lie LAVENET, cheffe du service\ngestionnaire budg\u00e9taire et du pilotage et de l'ex\u00e9cution budg\u00e9taire\nDirection des 349 comptable Mme Martine LEGROS, adjointe \u00e0 la\ns\u00e9curit\u00e9s Fonds incivilit\u00e9sMme La\u00ebtitia GRANDJONC,\ngestionnaire budg\u00e9taire et\ncomptable\nMme Nawal NOGARA,\ngestionnaire budg\u00e9taire et\ncomptable\ncheffe du service du pilotage et de\nl'ex\u00e9cution budg\u00e9taireM. Fr\u00e9d\u00e9ric JACQUES, secr\u00e9taire\nadministratif, gestionnaire budg\u00e9taire et\ncomptable\n\nService prescripteur Programme Saisisseurs Valideurs\nMme Anne DESBARRES, directrice du\nSGCD\nM. Didier CURT, di joiM. Bastien ODINOT, adjoint au idier \u00e0 directeur adjoint du\n\u00e0 SGCD, chef de service des moyens et duchef de service des moyens et cee\ndu patrimoine pat inoine349 P M. Bastien ODINOT, adjoint au chef de\nService des moyens\net du patrimoine\nFonds pour la\ntransformation\nde l'action\npublique\nMme Corinne AUBRY, cheffe\nde p\u00f4le achats et financesM. Ludovic POPU, gestionnaire\nbudg\u00e9taire et comptableMme La\u00ebtitia GRANDJONC,\ngestionnaire budg\u00e9taire et\ncomptable\nservice des moyens et du patrimoineMme Aur\u00e9lie LAVENET, cheffe du service\ndu pilotage et de l'ex\u00e9cution budg\u00e9taire\nMme Martine LEGROS, adjointe \u00e0 la\ncheffe du service du pilotage et de\nl'ex\u00e9cution budg\u00e9taire\nM. Fr\u00e9d\u00e9ric JACQUES, secr\u00e9taire\nadministratif, gestionnaire budg\u00e9taire et\ncomptable\nBureau de la\nrepr\u00e9sentation de\nl'\u00c9tat et de la\ncommunication\ninterminist\u00e9rielle\n354\nFonctionnement\ncourant\nMme Corinne AUBRY, cheffe\nde p\u00f4le achats et financesM. Ludovic POPU, gestionnaire\nbudg\u00e9taire et comptableMme La\u00ebtitia GRANDJONC,\ngestionnaire budg\u00e9taire et\ncomptableMme Nawal NOGARA,\ngestionnaire budg\u00e9taire et\ncomptable\nMme Lysiane BRISBARE, cheffe de bureau\nde la repr\u00e9sentation de l'\u00c9tat et de la\ncommunication interminist\u00e9rielleMme Aur\u00e9lie LAVENET, cheffe du service\ndu pilotage et de l'ex\u00e9cution budg\u00e9taireMme Martine LEGROS, adjointe \u00e0 la\ncheffe du service du pilotage et de\nl'ex\u00e9cution budg\u00e9taireM. Fr\u00e9d\u00e9ric JACQUES, secr\u00e9taire\nadministratif, gestionnaire budg\u00e9taire et\ncomptable\nSecr\u00e9tariat g\u00e9n\u00e9ral\nde la sous-\npr\u00e9fecture de\nLangres\n354\nFonctionnement\ncourant\nMme Corinne AUBRY, cheffe\nde p\u00f4le achats et financesM. Ludovic POPU, gestionnaire\nbudg\u00e9taire et comptableMme La\u00ebtitia GRANDJONC,\ngestionnaire budg\u00e9taire etcomptableMme Nawal NOGARA,\ngestionnaire budg\u00e9taire etcomptable\nM. Micha\u00ebl PETITJEAN, Secr\u00e9taire g\u00e9n\u00e9ral\nde la sous-pr\u00e9fecture de LangresMme Aur\u00e9lie LAVENET, cheffe du service\ndu pilotage et de l'ex\u00e9cution budg\u00e9taireMme Martine LEGROS, adjointe \u00e0 la\ncheffe du service du pilotage et de\nl'ex\u00e9cution budg\u00e9taireM. Fr\u00e9d\u00e9ric JACQUES, secr\u00e9taire\nadministratif, gestionnaire budg\u00e9taire et\ncomptable\nSecr\u00e9tariat g\u00e9n\u00e9ral\nde la sous-\npr\u00e9fecture de Saint-\nDizier\n354\nFonctionnement\ncourant\nMme Corinne AUBRY, cheffe\nde p\u00f4le achats et financesM. Ludovic POPU, gestionnaire\nbudg\u00e9taire et comptable\nMme La\u00ebtitia GRANDJONC,\ngestionnaire budg\u00e9taire et\ncomptableMme Nawal NOGARA,\ngestionnaire budg\u00e9taire etcomptable\nMme V\u00e9ronique TARTAUT, Secr\u00e9taire\ng\u00e9n\u00e9rale de la sous-pr\u00e9fecture de Saint-\nDizier\nMme Aur\u00e9lie LAVENET, cheffe du service\ndu pilotage et de l'ex\u00e9cution budg\u00e9taireMme Martine LEGROS, adjointe \u00e0 la\ncheffe du service du pilotage et de\nl'ex\u00e9cution budg\u00e9taire\nM. Fr\u00e9d\u00e9ric JACQUES, secr\u00e9taire\nadministratif, gestionnaire budg\u00e9taire et\ncomptable\nBureau des finances\nlocales\n362\nPlan de relance\n\u00ab \u00e9cologie \u00bb\nMme Marie-Pierre PECHINEZ,\nagent du bureau des finances\nlocalesMme C\u00e9cile GUILLAUME, agent\ndu bureau des finances locales\nMme Sandrine BOUTSOQUE, adjointe au\ndirecteur de la citoyennet\u00e9 et de la\nl\u00e9galit\u00e9\nMme Rachel BRIATTE, adjointe \u00e0 la cheffe\nde bureau des finances locales\n\nService prescripteur Programme Saisisseurs Valideurs\nM. Denis LIP, directeur de la citoyennet\u00e9\nMme Marie-Pierre PECHINEZ, et de la l\u00e9galit\u00e9\n363 agent du bureau des finances | Mme Sandrine BOUTSOQUE, adjointe auBureau des finances\nlocales Plan de relance\n\u00ab comp\u00e9titivit\u00e9 \u00bb\nlocalesMme C\u00e9cile GUILLAUME, agent\ndu bureau des finances locales\ndirecteur de la citoyennet\u00e9 et de la\nl\u00e9galit\u00e9Mme Rachel BRIATTE, adjointe \u00e0 la cheffe\nde bureau des finances locales\nService des moyens\net du patrimoine\n363\nPlan de relance\n\u00abcomp\u00e9titivit\u00e9 \u00bb\nM. Bastien ODINOT, adjoint au\nchef de service des moyens etdu patrimoineMme Corinne AUBRY, cheffe\nde p\u00f4le achats et financesM. Ludovic POPU, gestionnaire\nbudg\u00e9taire et comptableMme La\u00ebtitia GRANDJONC,\ngestionnaire budg\u00e9taire et\ncomptableMme Nawal NOGARA,\ngestionnaire budg\u00e9taire et\ncomptable\nMme Anne DESBARRES, directrice du\nSGCD\nM. Didier CURT, directeur adjoint du\nSGCD, chef de service des moyens et du\npatrimoine\nMme Aur\u00e9lie LAVENET, cheffe du service\ndu pilotage et de l'ex\u00e9cution budg\u00e9taireMme Martine LEGROS, adjointe \u00e0 la\ncheffe du service du pilotage et del'ex\u00e9cution budg\u00e9taireM. Fr\u00e9d\u00e9ric JACQUES, secr\u00e9taire\nadministratif, gestionnaire budg\u00e9taire et\ncomptable\nBureau des finances\nlocales\n380\nFonds vert\nMme Marie-Pierre PECHINEZ,\nagent du bureau des financeslocalesMme C\u00e9cile GUILLAUME, agent\ndu bureau des finances localesMme Corinne AUBRY, cheffe\nde p\u00f4le achats et financesMme La\u00ebtitia GRANDJONC,\ngestionnaire budg\u00e9taire et\ncomptableMme Nawal NOGARA,\ngestionnaire budg\u00e9taire etcomptable\nM. Denis LIP, directeur de la citoyennet\u00e9\net de la l\u00e9galit\u00e9Mme Sandrine BOUTSOQUE, adjointe au\ndirecteur de la citoyennet\u00e9 et de la\nl\u00e9galit\u00e9Mme Rachel BRIATTE, adjointe \u00e0 la cheffe\nde bureau des finances locales\nService des moyens\net du patrimoine\n723\nOp\u00e9rations\nimmobili\u00e8res et\nentretien des\nb\u00e2timents de\nl'\u00c9tat\nM. Bastien ODINOT, adjoint au\nchef de service des moyens et\ndu patrimoine\nMme Corinne AUBRY, cheffe\nde p\u00f4le achats et financesM. Ludovic POPU, gestionnaire\nbudg\u00e9taire et comptableMme La\u00ebtitia GRANDJONC,\ngestionnaire budg\u00e9taire etcomptableMme Nawal NOGARA,\ngestionnaire budg\u00e9taire et\ncomptable\nMme Anne DESBARRES, directrice du\nSGCD\nM. Didier CURT, directeur adjoint du\nSGCD, chef de service des moyens et du\npatrimoineMme Aur\u00e9lie LAVENET, cheffe du service\ndu pilotage et de l'ex\u00e9cution budg\u00e9taireMme Martine LEGROS, adjointe \u00e0 la\ncheffe du service du pilotage et de\nl'ex\u00e9cution budg\u00e9taireM. Fr\u00e9d\u00e9ric JACQUES, secr\u00e9taire\nadministratif, gestionnaire budg\u00e9taire etcomptable\nBureau des finances\nlocales\n754\nAmendes de\nPolice\nMme Marie-Pierre PECHINEZ,\nagent du bureau des financeslocalesMme Christelle DUBOIS, agent\ndu bureau des finances locales\nM. Denis LIP, directeur de la citoyennet\u00e9\net de la l\u00e9galit\u00e9\nMme Sandrine BOUTSOQUE, adjointe au\ndirecteur de la citoyennet\u00e9 et de la\nl\u00e9galit\u00e9Mme Rachel BRIATTE, adjointe \u00e0 la cheffe\nde bureau des finances locales\n\nService prescripteur Programme Saisisseurs Valideurs\nM.  Deni  = = -\nMme Marie-Pierre PECHINEZ, enis LIP, directeur de la citoyennet\u00e9\n833 agent du bureau des finances etde la (ARS. 8 Mme Sandrine BOUTSOQUE, adjointe auBureau des finances Avances aux locales dirscteurde'la'eltovennet\u00e9 et delllocales collectivit\u00e9s Mme Christelle DUBOIS, irecteur de la citoyennet\u00e9 et de laterritoriales agent du bureau des finances l\u00e9galit\u00e9Es Mme Rachel BRIATTE, adjointe \u00e0 la cheffelocales .de bureau des finances locales |\nDans le cadre du contr\u00f4le de cette gestion par le responsable d'unit\u00e9 op\u00e9rationnelle, cette\nd\u00e9l\u00e9gation est donn\u00e9e a:\nService RUO Saisisseur Valideur Prescripteur Valideur\nMme Anne DESBARRES, directrice du SGCD\nM. Didier CURT, directeur adjoint du SGCD, chef\nMme Corinne AUBRY, cheffe de p\u00f4le achats de service des moyens et du patrimoine\net finances Mme Aur\u00e9lie LAVENET, cheffe du service duService du M. Ludovic POPU, gestionnaire budg\u00e9taire et pilotage et de l'ex\u00e9cution budg\u00e9tairepilotage et de comptable Mme Martine LEGROS, adjointe \u00e0 la cheffe dul'ex\u00e9cution Mme La\u00ebtitia GRANDJONC, gestionnaire service du pilotage et de l'ex\u00e9cution budg\u00e9tairebudg\u00e9taire budg\u00e9taire et comptable Mme Corinne AUBRY, cheffe de p\u00f4le achats etMme Nawal NOGARA, gestionnaire\nbudg\u00e9taire et comptable\nfinances\nM. Fr\u00e9d\u00e9ric JACQUES,\nsecr\u00e9taire administratif, gestionnaire budg\u00e9taire\net comptable\nArticle 3 : Abrogation\nToutes les dispositions de l'arr\u00eat\u00e9 n\u00b0 52-2024-01-0041 du 15 mars 2024 sont abrog\u00e9es.\nArticle 4 : Ex\u00e9cution et publicit\u00e9\nLe Secr\u00e9taire g\u00e9n\u00e9ral de la pr\u00e9fecture de la Haute-Marne, le directeur de la citoyennet\u00e9 etde la l\u00e9galit\u00e9 et la directrice du secr\u00e9tariat g\u00e9n\u00e9ral commun d\u00e9partemental sont charg\u00e9s del'ex\u00e9cution du pr\u00e9sent arr\u00eat\u00e9 qui sera publi\u00e9 au recueil des actes administratifs des services del'\u00c9tat:\nLa Pr\u00e9f\u00e8te,\nPAM\nLa pr\u00e9sente d\u00e9cision est publi\u00e9e au recueil des actes administratifs.Voies et d\u00e9lais de recours : Le pr\u00e9sent arr\u00eat\u00e9 peut faire l'objet d'un recours contentieux devant letribunal administratif de Ch\u00e2lons-en-Champagne dans un d\u00e9lai de deux moi compter de sa publication. Ce recours peut \u00eatre d\u00e9pos\u00e9 sur le site wwwutelerecours.fr. Ced\u00e9lai est prolong\u00e9 si un recours administratif (gracieux ou hi\u00e9rarchique) est introduit dans le m\u00eame d\u00e9lai de deux mois compter de sa publication.\n\nPREFET Direction de la citoyennet\u00e9DE LA HAUTE-MARNE Reso SuidLibert\u00e9 et de la l\u00e9galit\u00e9\n\u00c9galit\u00e9Fraternit\u00e9\nBUREAU DE LA R\u00c9GLEMENTATION G\u00c9N\u00c9RALE,DES ASSOCIATIONS ET DES \u00c9LECTIONS\n4 902\u20ac ae 47 MIL. 2025ARR\u00caT\u00c9 N\u00b0 \u00a92-2025.0}-00021 \u2014 py\nportant renouvellement d'habilitation dans le domaine fun\u00e9raire\nLa Pr\u00e9f\u00e8te de la Haute-Marne\nChevalier de la L\u00e9gion d'Honneur\nOfficier de l'Ordre National du M\u00e9rite\nVU le code g\u00e9n\u00e9ral des collectivit\u00e9s territoriales, notamment les articles L.2223-19 \u00e0\nL.2223-46, R.2223-24 \u00e0 D.2223-131;\nVU le d\u00e9cret n\u00b0 2020-917 du 28 juillet 2020 relatif \u00e0 la dur\u00e9e de I'habilitation dans le\nsecteur fun\u00e9raire et \u00e0 la housse mortuaire ;\nVU l'arr\u00eat\u00e9 pr\u00e9fectoral n\u00b02080 du 7 juin 2019 portant renouvellement d'habilitation dans\nle domaine fun\u00e9raire ;\nVU la demande formul\u00e9e par M. Xavier THOUMIEUX, directeur g\u00e9n\u00e9ral de la SAS\nFUNECAP EST et g\u00e9rant de l'\u00e9tablissement de pompes fun\u00e8bres \u00ab Marbrerie Didier \u00bb sis 10 avenue\ndu Lieutenant Gouby - 52400 Bourbonne-les-Bains ;\nVU les pi\u00e8ces justificatives (formulaire de demande, extraits de registre du personnel etdocuments aff\u00e9rents, r\u00e9gularit\u00e9 fiscale et rapport de v\u00e9rification de la chambre fun\u00e9raire) ;\nCONSID\u00c9RANT qu'il convient de renouveler et modifier l'habilitation fun\u00e9raire suite \u00e0 la\ncession de la soci\u00e9t\u00e9 \u00ab Marbrerie Didier \u00bb \u00e0 la soci\u00e9t\u00e9 \u00ab FUNECAP EST \u00bb le 1\u00b0 f\u00e9vrier 2025 ;\nSUR proposition du Secr\u00e9taire g\u00e9n\u00e9ral de la pr\u00e9fecture,\nARR\u00caTE :\nArticle 1: L'\u00e9tablissement \u00ab Marbrerie Didier\u00bb, sis 10 avenue du Lieutenant Gouby est\nhabilit\u00e9 pour exercer, sur l'ensemble du territoire national, les activit\u00e9s fun\u00e9raires suivantes :\n- Transport de corps avant mise en bi\u00e8re ;\n- Transport de corps apr\u00e8s mise en bi\u00e8re ;\n- Organisation des obs\u00e8ques ;\n- Soins de conservation (sous-traitance)\n- Gestion et utilisation de chambre fun\u00e9raire\n- Fourniture des housses, des cercueils et de leurs accessoires int\u00e9rieurs et ext\u00e9rieurs ainsique des urnes cin\u00e9raires ;\n1/2\n\n- Fourniture de corbillards et voitures de deuil ;\n- Fourniture de personnel et des objets et prestations n\u00e9cessaires aux obs\u00e8ques,inhumations, exhumations et cr\u00e9mations.\nArticle 2 : Le num\u00e9ro d'habilitation est 25-52-0031.\nArticle 3 : La dur\u00e9e de I'habilitation est fix\u00e9e \u00e0 cinq ans \u00e0 compter de la date du pr\u00e9sent\narr\u00eat\u00e9.\nArticle 4: En application de l'article R.2223-63 du Code g\u00e9n\u00e9ral des collectivit\u00e9s\nterritoriales, tout changement dans les indications fournies lors de la demande pour d\u00e9livrance de\nla pr\u00e9sente habilitation devra \u00eatre d\u00e9clar\u00e9 \u00e0 la pr\u00e9fecture dans un d\u00e9lai de deux mois.\nArticle 5: Le Secr\u00e9taire g\u00e9n\u00e9ral de la pr\u00e9fecture de la Haute-Marne est charg\u00e9 de\nl'ex\u00e9cution du pr\u00e9sent arr\u00eat\u00e9 qui sera publi\u00e9 au recueil des actes administratifs de la pr\u00e9fecture et\ndont copie sera adress\u00e9e \u00e0 M. Xavier THOUMIEUX et au maire de Bourbonne-les-Bains.\nPour la Pr\u00e9f\u00e8te, et par d\u00e9l\u00e9gation,Le Directeur de la Citoyennet\u00e9 et de la L\u00e9galit\u00e9\nDenis LIP\nLe pr\u00e9sent arr\u00eat\u00e9 peut faire l'objet d'un recours contentieux devant le tribunal administratif de Ch\u00e2lons-en-Champagne dans un\nd\u00e9lai de deux mois \u00e0 compter de sa publication. Le cas \u00e9ch\u00e9ant, le tribunal administratif peut \u00eatre saisi par l'application\n\u00ab T\u00e9l\u00e9recours citoyens \u00bb (www.telerecours.fr). Ce d\u00e9lai est prorog\u00e9 si un recours administratif (gracieux ou hi\u00e9rarchique) est introduit\ndans le m\u00eame d\u00e9lai de deux mois \u00e0 compter de sa publication et/ou notification.\n2/2\n\nPREFET Secr\u00e9tariat g\u00e9n\u00e9ral auxDE LA HAUTE-MARNE a zaffaires d\u00e9partementalesLibert\u00e9\u00c9galit\u00e9Fraternit\u00e9\nBUREAU DE L'ENVIRONNEMENT\nARR\u00caT\u00c9 N\u00b0 52-2025-02-00031 DU 7 F\u00c9VRIER 2025\nportant abrogation d'un arr\u00eat\u00e9\n- de D\u00e9claration d'Utilit\u00e9 Publique des travaux de d\u00e9rivation des eaux souterraines- de D\u00e9claration d'Utilit\u00e9 Publique de l'instauration des p\u00e9rim\u00e8tres de protectionautour du captage d'eau destin\u00e9e \u00e0 la consommation humaine- de D\u00e9claration de pr\u00e9l\u00e8vement d'eau dans le milieu naturel- d'Autorisation de production et de distribution au public d'eaudestin\u00e9e \u00e0 la consommation humaine\nCommune d'Orbigny-au-Valforage 1994,identifi\u00e9 \u00e0 la Banque du sous-sol sous le num\u00e9ro national BSSO01CRFA\nLa Pr\u00e9f\u00e8te de la Haute-Marne,\nChevalier de la L\u00e9gion d'honneur,\nOfficier de l'ordre national du M\u00e9rite,\nVU les directives du Conseil des communaut\u00e9s europ\u00e9ennes n\u00b0 98/83/CE du 3 novembre 1998\net de la Commission europ\u00e9enne du 6 octobre 2015 n\u00b0 (UE) 2015/1787 relatives \u00e0 la qualit\u00e9 des eaux\ndestin\u00e9es \u00e0 la consommation humaine ;\nVU la directive 2020/2184 du Parlement europ\u00e9en et du Conseil du 16 d\u00e9cembre 2020 relative\n\u00e0 la qualit\u00e9 des eaux destin\u00e9es \u00e0 la consommation humaine (refonte) ;\nVU le code de la sant\u00e9 publique ;\nVU le code de l'environnement ;\nVU le code de l'expropriation pour cause d'utilit\u00e9 publique ;\nVU le code g\u00e9n\u00e9ral des collectivit\u00e9s territoriales ;\nVU le code minier ;\nVU le code de l'urbanisme ;\nVU le d\u00e9cret du 13 juillet 2023 portant nomination de la Pr\u00e9f\u00e8te de la Haute-Marne, Madame\nPAM R\u00e9gine ;\nVU le d\u00e9cret du 25 octobre 2023 portant nomination du Secr\u00e9taire g\u00e9n\u00e9ral de la pr\u00e9fecture de\nla Haute-Marne, Sous-pr\u00e9fet de Chaumont, Monsieur THIRARD Guillaume ;\nVU l'arr\u00eat\u00e9 du 11 septembre 2003 modifi\u00e9 portant application du d\u00e9cret n\u00b093-102 du 2 f\u00e9vrier\n1996 et fixant les prescriptions g\u00e9n\u00e9rales applicables aux sondage, forage, cr\u00e9ation de puits ou\nd'ouvrage souterrain soumis \u00e0 d\u00e9claration, en application des articles L. 214-1 \u00e0 L. 214-6 du code de\nl'environnement ;\nVU l'arr\u00eat\u00e9 pr\u00e9fectoral n\u00b0624 du 29 janvier 2001 d\u00e9clarant d'utilit\u00e9 publique et d\u00e9finissant les\np\u00e9rim\u00e8tres de protection du forage 1994, situ\u00e9 sur le territoire de la commune d'Orbigny-au-Val ;\nPr\u00e9fecture89, rue Victoire de la Marne\nCS 4201152011 CHAUMONT Cedex\nT\u00e9l. 03.2 52- T\u00e9l\u00e9copie 03.25.32.01.26\nBou. fr 1/3\n\nVU l'arr\u00eat\u00e9 pr\u00e9fectoral n\u00b052-2024-06-00154 du 14 juin 2024 portant d\u00e9l\u00e9gation de signature \u00e0Madame Christelle RATIGNIER-CARBONNEIL, Directrice g\u00e9n\u00e9rale de l'Agence r\u00e9gionale de sant\u00e9 Grand\nEst;\nVU la d\u00e9lib\u00e9ration prise par le conseil municipal lors de la s\u00e9ance du 1\u00b0 avril 2019 attestant que\nla commune est reli\u00e9e au Syndicat Mixte de Production d'Eau Potable (SMIPEP) du Sud Haute-Marne,depuis 2004, pour la totalit\u00e9 de son approvisionnement en eau potable et d\u00e9cidant de ne plus exploiterle forage communal et d'en condamner l'acc\u00e8s ;\nVU les modalit\u00e9s de comblement de l'ouvrage et notamment les photos jointes r\u00e9ceptionn\u00e9es\nle 21 mars 2024 ;\nCONSID\u00c9RANT que le forage d\u00e9nomm\u00e9 \u00ab forage 1994 \u00bb est d\u00e9connect\u00e9 d\u00e9finitivement du\nr\u00e9seau ;\nCONSID\u00c9RANT que, depuis 2004, l'alimentation en eau potable de la commune d'Orbigny-au-\nVal est assur\u00e9e par le SMIPEP du Sud Haute-Marne ;\nCONSID\u00c9RANT que les mesures de protection, ainsi que le contr\u00f4le sanitaire n'ont plus lieu\nd'\u00eatre maintenus ;\nCONSID\u00c9RANT qu'il est indispensable de lever les servitudes instaur\u00e9es par l'arr\u00eat\u00e9 pr\u00e9fectoral\nn\u00b0624 du 29 janvier 2001 ;\nSUR proposition du Secr\u00e9taire g\u00e9n\u00e9ral de la pr\u00e9fecture,\nARR\u00caTE :\nARTICLE 1: Il est pris acte de l'abandon de l'ouvrage de pr\u00e9l\u00e8vement d'eaux souterraines \u00e0 desfins de consommation humaine, sis sur le territoire de la commune d'Orbigny-au-Val, r\u00e9f\u00e9renc\u00e9 comme\nsuit :\nNom Code BSS N\u00b0 Section Commune Coordonn\u00e9es Altitudedu captage de d'implantation Lambert 93parcelle x Y Z\nforage 1994 Ancien 22 ZE Orbigny-au-Val | 881946 |6756084| 3564081X0030/FAEP29\nNouveauBSSOO1CRFA\nARTICLE 2 : L'ouvrage de captage a \u00e9t\u00e9 d\u00e9connect\u00e9 d\u00e9finitivement du r\u00e9seau.\nCette formalit\u00e9 met fin aux obligations d'entretien et de surveillance de l'ouvrage.\nARTICLE 3: L'arr\u00eat\u00e9 pr\u00e9fectoral n\u00b0624 du 29 janvier 2001 autorisant le pr\u00e9l\u00e8vement d'eausouterraine, la production et la distribution de l'eau et instaurant la d\u00e9claration d'utilit\u00e9 publique de lad\u00e9rivation des eaux souterraines et des p\u00e9rim\u00e8tres de protection autour de l'ouvrage est abrog\u00e9.\nARTICLE 4: Les servitudes mentionn\u00e9es dans l'arr\u00eat\u00e9 pr\u00e9fectoral n\u00b0624 du 29 janvier 2001 sont\nlev\u00e9es.\nARTICLE 5 : Le document d'urbanisme de la commune d'Orbigny-au-Val est \u00e0 mettre \u00e0 jour de\nl'annulation des servitudes.\n2/3\n\nARTICLE 6: Le pr\u00e9sent arr\u00e9t\u00e9 est, par les soins et a la charge du Maire de la commune\nd'Orbigny-au-Val, notifi\u00e9, par lettre recommand\u00e9e avec demande d'avis de r\u00e9ception, \u00e0 chacun des\npropri\u00e9taires int\u00e9ress\u00e9s afin de 'informer de la lev\u00e9e des servitudes qui gr\u00e8vent son terrain.\nLorsque l'identit\u00e9 ou l'adresse d'un propri\u00e9taire est inconnue, la notification est faite au Maire\nde la commune sur le territoire de laquelle est situ\u00e9e la propri\u00e9t\u00e9 soumise \u00e0 servitudes, qui en assure\nl'affichage et, le cas \u00e9ch\u00e9ant, la communique \u00e0 l'occupant des lieux.\nLe pr\u00e9sent arr\u00eat\u00e9 est affich\u00e9 en mairie d'Orbigny-au-Val pendant une dur\u00e9e de deux mois.\nARTICLE 7 : Une copie du pr\u00e9sent arr\u00eat\u00e9 est adress\u00e9e :\nau Directeur de l'Agence de l'eau Seine Normandie,\nau Pr\u00e9sident de la chambre d'agriculture de la Haute-Marne,\nau Directeur r\u00e9gional de l'environnement, de l'am\u00e9nagement et du logement (DREAL),\n\u00e0 la Directrice d\u00e9l\u00e9gu\u00e9e du Bureau de recherches g\u00e9ologiques et mini\u00e8res (BRGM),\n\u00e0 la Directrice g\u00e9n\u00e9rale de l'Agence r\u00e9gionale de sant\u00e9 Grand Est,\n\u00e0 la Directrice d\u00e9partementale de l'emploi, du travail, des solidarit\u00e9s et de la protection\ndes populations (DDETSPP),\nau Directeur d\u00e9partemental des territoires (DDT),\nau Pr\u00e9sident du conseil d\u00e9partemental,\nau Directeur de l'Agence d\u00e9partementale de l'Office national des for\u00eats (ONF),\nau Chef du service d\u00e9partemental de l'Office fran\u00e7ais de la biodiversit\u00e9 (OFB),\nau Coordonnateur d\u00e9partemental des hydrog\u00e9ologues agr\u00e9\u00e9s,\nau Pr\u00e9sident de la communaut\u00e9 de communes du Grand Langres.\nARTICLE 8: Le Secr\u00e9taire. g\u00e9n\u00e9ral de la pr\u00e9fecture de la Haute-Marne, le Sous-pr\u00e9fet de\nLangres, le D\u00e9l\u00e9gu\u00e9 territorial de la Haute-Marne de l'Agence r\u00e9gionale de sant\u00e9 Grand Est et le Maire de\nla commune d'Orbigny-au-Val sont charg\u00e9s, chacun en ce qui le concerne, de l'ex\u00e9cution du pr\u00e9sent\narr\u00eat\u00e9 qui sera publi\u00e9 au recueil des actes administratifs de la pr\u00e9fecture de la Haute-Marne.\nChaumont, le = 7 FEV, 2025Pour la Pr\u00e9f\u00e8te et par d\u00e9l\u00e9gation,le Secr\u00e9taire g\u00e9n\u00e9ral de la pr\u00e9fecture,\nLe pr\u00e9sent arr\u00eat\u00e9 peut faire l'objet d'un recours contentieux devant le tribunal administratif de Ch\u00e2lons-en-Champagne, dans und\u00e9lai de deux mois \u00e0 compter de sa publication et/ou notification.Le cas \u00e9ch\u00e9ant, le tribunal administratif peut \u00eatre saisi par l'application \u00ab T\u00e9l\u00e9recours citoyens \u00bb (wwwtelerecours.fr).Ce d\u00e9lai est prorog\u00e9 si un recours administratif (gracieux ou hi\u00e9rarchique) est introduit dans ce m\u00eame d\u00e9lai de deux mois \u00e0 compterde sa publication et/ou notification.\n3/3\n\nPREFET Secr\u00e9tariat g\u00e9n\u00e9ral auxDE LA HAUTE-MARNE 4 \u00e0affaires d\u00e9partementalesLibert\u00e9\u00c9galit\u00e9Fraternit\u00e9\nBUREAU DE L'ENVIRONNEMENT\nARR\u00caT\u00c9 N\u00b0 52-2025-04-00091 DU 18 AVRIL 2025\nportant sur\n- la D\u00e9claration d'Utilit\u00e9 Publique des travaux de d\u00e9rivation des eaux souterraines- la D\u00e9claration d'Utilit\u00e9 Publique de l'instauration des p\u00e9rim\u00e8tres de protectionautour du captage d'eau destin\u00e9e \u00e0 la consommation humaine- la D\u00e9claration de pr\u00e9l\u00e8vement d'eau dans le milieu naturel- l'Autorisation de production et de distribution au public d'eaudestin\u00e9e \u00e0 la consommation humaine\nCommunaut\u00e9 d'agglom\u00e9ration Grand Saint-Dizier, Der et Vall\u00e9esCommune de Ville-en-BlaisoisPuits du Grand Breuil,identifi\u00e9 \u00e0 la Banque du Sous-Sol sous le num\u00e9ro national BSSOOOUMRM\nLa Pr\u00e9f\u00e8te de la Haute-Marne,\nChevalier de la L\u00e9gion d'honneur,\nOfficier de l'ordre national du M\u00e9rite,\nVU les directives du Conseil des Communaut\u00e9s europ\u00e9ennes n\u00b098/83/CE du 3 novembre 1998\net de la Commission Europ\u00e9enne du 6 octobre 2015 n\u00b0(UE)2015/1787 relatives \u00e0 la qualit\u00e9 des eaux\ndestin\u00e9es \u00e0 la consommation humaine ;\nVU la directive 2020/2184 du Parlement europ\u00e9en et du Conseil du 16 d\u00e9cembre 2020 relative\n\u00e0 la qualit\u00e9 des eaux destin\u00e9es \u00e0 la consommation humaine (refonte) ;\nVU le code de la sant\u00e9 publique ;\nVU le code de l'environnement ;\nVU le code de l'expropriation pour cause d'utilit\u00e9 publique ;\nVU le code g\u00e9n\u00e9ral des collectivit\u00e9s territoriales et notamment les articles L. 2224-7 \u00e0 L. 2224-\nVU le code minier ;\nVU le code de l'urbanisme et notamment les articles L. 153-60, L. 163-10, R. 153-18 et R. 163-8 ;\nVU le d\u00e9cret du 13 juillet 2023 portant nomination de la Pr\u00e9f\u00e9te de la Haute-Marne, Madame\nPAM R\u00e9gine ;\nVU le d\u00e9cret du 25 octobre 2023 portant nomination du Secr\u00e9taire g\u00e9n\u00e9ral de la pr\u00e9fecture de\nla Haute-Marne, Sous-pr\u00e9fet de Chaumont, Monsieur THIRARD Guillaume ;\nVU l'arr\u00eat\u00e9 du 11 septembre 2003 modifi\u00e9 portant application du d\u00e9cret n\u00b096-102 du 2 f\u00e9vrier\n1996 et fixant les prescriptions g\u00e9n\u00e9rales applicables aux sondages, forages, cr\u00e9ations de puits ou\nd'ouvrages souterrains soumis \u00e0 d\u00e9claration en application des articles L. 214-1 \u00e0 L. 214-6 du code de\nl'environnement et relevant de la rubrique 111.0 de la nomenclature annex\u00e9e au d\u00e9cret n\u00b093-743 du 29\nmars 1993 modifi\u00e9 ;\nPr\u00e9fecture89, rue Victoire de la Marne\ncs 42011\n52011 CHAUMONT Cedex\nT\u00e9l. 03,25,30.52.52 ~ T\u00e9l\u00e9copie 03.25.32.01.26www.haute-marne.gouy.fr 1/13\n\nVU l'arr\u00eat\u00e9 du 20 juin 2007 relatif \u00e0 la constitution du dossier de demande d'autorisationd'utilisation d'eau destin\u00e9e \u00e0 la consommation humaine mentionn\u00e9e aux articles R. 1321-6 \u00e0 R. 1321-13et R. 1321-42 du code de la sant\u00e9 publique ;\nVU l'instruction n\u00b0DGS/EA4/2020/177 du 18 d\u00e9cembre 2020 relative \u00e0 la gestion des risquessanitaires en cas de pr\u00e9sence de pesticides et m\u00e9tabolites de pesticides dans les eaux destin\u00e9es \u00e0 laconsommation humaine, \u00e0 l'exclusion des eaux conditionn\u00e9es ;\nVU l'arr\u00eat\u00e9 pr\u00e9fectoral n\u00b052-2024-06-00154 du 14 juin 2024 portant d\u00e9l\u00e9gation de signature \u00e0\nMadame Christelle RATIGNIER-CARBONNEIL, Directrice g\u00e9n\u00e9rale de l'Agence r\u00e9gionale de sant\u00e9 (ARS)\nGrand Est;\nVU le Sch\u00e9ma Directeur d'Am\u00e9nagement et de Gestion des Eaux (SDAGE) 2022-2027 du Bassin\nSeine Normandie adopt\u00e9 le 23 mars 2022 ;\nVU le dossier de demande de mise en place des p\u00e9rim\u00e8tres de protection r\u00e9glementairespr\u00e9sent\u00e9 par le Maire de la commune de Ville-en-Blaisois en application de la r\u00e9glementation sur leseaux destin\u00e9es \u00e0 la consommation humaine, \u00e0 l'exclusion des eaux min\u00e9rales naturelles ;\nVU la d\u00e9lib\u00e9ration en date du 13 mars 2015 par laquelle la commune de Ville-en-Blaisois\nsollicite l'ouverture de l'enqu\u00eate en vue de la d\u00e9claration d'utilit\u00e9 publique du puits du Grand Breuil et\nde ses travaux de protection ;\nVU l'avis hydrog\u00e9ologique dat\u00e9 du 11 janvier 2018 ;\nVU la d\u00e9lib\u00e9ration de la communaut\u00e9 d'agglom\u00e9ration de Saint-Dizier, Der et Blaise, en date du11 octobre 2018, actant le transfert obligatoire de la comp\u00e9tence \u00ab eau potable \u00bb \u00e0 l'intercommunalit\u00e9\nau 1\u00b0 janvier 2020 ;\nVU les r\u00e9sultats conformes des analyses de type CEEB3 du 17 avril 2018 et de type PEST du 13\nmai 2022;\nVU les avis des services consult\u00e9s sur cette demande ;\nVU l'arr\u00eat\u00e9 interpr\u00e9fectoral N\u00b052-2024-02-00046 du 8 f\u00e9vrier 2024 portant changement de nomde la communaut\u00e9 d'agglom\u00e9ration de Saint-Dizier, Der et Blaise et actualisation des statuts ;\nVU l'arr\u00eat\u00e9 pr\u00e9fectoral N\u00b052-2024-03-00090 du 18 mars 2024 prescrivant l'ouverture d'uneenqu\u00eate d'utilit\u00e9 publique du 3 avril au 19 avril 2024 inclus, dans la commune de Ville-en-Blaisois,comportant la d\u00e9rivation des eaux et l'institution des p\u00e9rim\u00e8tres de protection du puits du GrandBreuil, sis sur le territoire de la commune de Ville-en-Blaisois ;\nVU le rapport du commissaire enqu\u00eateur et son avis favorable du 10 mai 2024 ;\nVU le rapport de pr\u00e9sentation au Conseil D\u00e9partemental de l'Environnement et des Risques\nSanitaires et Technologiques (CODERST) du 26 ao\u00fbt 2024 ;\nVU l'avis favorable du Conseil D\u00e9partemental de l'Environnement et des Risques Sanitaires et\nTechnologiques (CODERST) en date du 24 septembre 2024 ;\nCONSID\u00c9RANT que les besoins en eau destin\u00e9e \u00e0 la consommation humaine de la commune\nde Ville-en-Blaisois \u00e9nonc\u00e9s \u00e0 l'appui du dossier sont justifi\u00e9s ;\nCONSID\u00c9RANT que les deux principaux aquif\u00e8res pr\u00e9sents dans le secteur sont les alluvions\nr\u00e9centes de la rivi\u00e8re Blaise sur les calcaires du Portlandien inf\u00e9rieur ;\nCONSID\u00c9RANT que la nappe alluviale, manifestement en relation avec la Blaise, est peu\nprofonde ;\nCONSID\u00c9RANT que la nappe alluviale est consid\u00e9r\u00e9e comme fortement vuln\u00e9rable ;\nCONSID\u00c9RANT que le Portlandien est un aquif\u00e8re de type fissural voire karstique o\u00f9 les eauxcirculent dans des fissures plus ou moins \u00e9largies, o\u00f9 les vitesses de circulation sont g\u00e9n\u00e9ralement\nrapides et le pouvoir de filtration nul ;\n2/13\n\nCONSID\u00c9RANT que le bassin d'alimentation comporte une partie de la boucle de la Blaise et\nla totalit\u00e9 du bassin amont de la Blaise qui r\u00e9alimente la nappe \u00e0 travers les berges ;\nCONSID\u00c9RANT que les risques de pollution sont non n\u00e9gligeables, au regard de l'occupation\ndes sols sur le bassin d'alimentation d\u00e9fini ;\nCONSID\u00c9RANT la pr\u00e9sence de zone de cultures, d'une ancienne activit\u00e9 m\u00e9tallurgique avec\npour cons\u00e9quence des zones de d\u00e9p\u00f4ts non inventori\u00e9s et retourn\u00e9s \u00e0 l'\u00e9tat naturel ;\nCONSID\u00c9RANT que la qualit\u00e9 de l'eau du captage est fortement li\u00e9e \u00e0 celle de la Blaise, \u00e0 l'\u00e9tat\ndes berges de la rivi\u00e8re et du canal ainsi qu'aux activit\u00e9s agricoles au sein de la boucle ;\nCONSID\u00c9RANT qu'il convient de ma\u00eetriser les activit\u00e9s agricoles, de pr\u00e9server l'environnement\nactuel du puits, de surveiller les pollutions pouvant intervenir en amont de la rivi\u00e8re Blaise ;\nCONSID\u00c9RANT que les ouvrages n\u00e9cessitent des travaux d'entretien pour am\u00e9liorer la\nprotection des eaux capt\u00e9es ;\nCONSID\u00c9RANT que l'exploitation du r\u00e9seau est assur\u00e9e par une compagnie fermi\u00e8re ;\nCONSID\u00c9RANT que les prescriptions \u00e9nonc\u00e9es et les travaux d'entretien et d'am\u00e9lioration des\nouvrages prescrits permettront de maintenir la qualit\u00e9 de l'eau et d'am\u00e9liorer la disponibilit\u00e9 de la\nressource ;\nCONSID\u00c9RANT que le r\u00e9seau de la commune de Ville-en-Blaisois ne dispose d'aucune\nalimentation de secours ni interconnexion avec une commune voisine ;\nCONSID\u00c9RANT qu'une partie des eaux du puits est vendue \u00e0 la commune de Doulevant-le-\nPetit, commune voisine ;\nSUR proposition du Secr\u00e9taire g\u00e9n\u00e9ral de la pr\u00e9fecture,\nARR\u00caTE :\nARTICLE 1- OBJET DE L'ARR\u00caT\u00c9\nLe pr\u00e9sent arr\u00eat\u00e9 de d\u00e9claration d'utilit\u00e9 publique est \u00e9tabli au b\u00e9n\u00e9fice de la communaut\u00e9\nd'agglom\u00e9ration Grand Saint-Dizier, Der et Vall\u00e9es et concerne le point d'eau suivant :\nNom Code BSS N\u00b0 Section Commune Coordonn\u00e9es Altitudedu captage de d'implantation Lambert 93parcelle x Y z\npuits du Ancien 47 ZC Ville-en-Blaisois 844733 | 6817 027 184Grand Breuil | 2648X0010/PAEP\nNouveau\nBSSOOOUMRM\nLes eaux du puits du Grand Breuil constituent l'unique ressource d'eau potable pour les\nbesoins de la commune de Ville-en-Blaisois, ainsi que du village voisin de Doulevant-le-Petit.\nARTICLE 2 - DECLARATION D'UTILIT\u00c9 PUBLIQUE\nSont d\u00e9clar\u00e9s d'utilit\u00e9 publique :\n= les travaux de d\u00e9rivation des eaux dans le milieu naturel \u00e0 partir du puits du Grand Breuil,\nsitu\u00e9 sur le territoire de la commune de Ville-en-Blaisois,\n3/13\n\n= l'instauration des p\u00e9rim\u00e8tres de protection imm\u00e9diate et rapproch\u00e9e autour de l'ouvrage\nde captage et leurs servitudes associ\u00e9es.\nLa mise en service d'une nouvelle ressource en eau, y compris temporaire, fait l'objet d'une\ndemande d'autorisation aupr\u00e8s du Pr\u00e9fet.\nARTICLE 3 - PR\u00c9L\u00c8VEMENT\nLa Personne Responsable de la Production et de la Distribution de l'Eau (PRPDE) est autoris\u00e9e \u00e0pr\u00e9lever dans le milieu naturel 15 000 m* par an \u00e0 partir du puits, afin de pouvoir subvenir aux besoinsen eau des communes de Ville-en-Blaisois et Doulevant-le-Petit.\nConform\u00e9ment \u00e0 l'article R. 214-1 du code de l'environnement, la demande de d\u00e9rivation \u00e9tant\nsup\u00e9rieure \u00e0 10 000 m'/an, les pr\u00e9l\u00e8vements sont donc soumis \u00e0 d\u00e9claration.\nARTICLE 4 - DISPOSITIFS DE MESURE ET DE SUIVI DU PR\u00c9L\u00c8VEMENT\nConform\u00e9ment \u00e0 l'article L.214-8 du code de l'environnement, les ouvrages doivent \u00eatrepourvus des moyens de mesure appropri\u00e9s, notamment de comptage. L'exploitant est tenu d'en assurer\nla pose, l'entretien et le fonctionnement.\nLa Personne Responsable de la Production et de la Distribution de l'Eau (PRPDE) tient un\nregistre d'exploitation sur lequel sont report\u00e9s les renseignements suivants :\n- d\u00e9bit maximum horaire et volume journalier produit (une fois par semaine),\n- incidents survenus (pannes...),\n- modifications d'installations.\nCe registre est tenu \u00e0 disposition des agents charg\u00e9s du contr\u00f4le.\nARTICLE 5 - AUTORISATION\nLa communaut\u00e9 d'agglom\u00e9ration est autoris\u00e9e \u00e0 utiliser et \u00e0 distribuer cette eau en vue de la\nconsommation humaine.\nToute modification significative susceptible d'intervenir sur les installations de pompage, de\nstockage, de traitement ou de distribution fait l'objet d'une d\u00e9claration pr\u00e9alable aupr\u00e8s du Pr\u00e9fet,accompagn\u00e9e d'un dossier d\u00e9finissant les caract\u00e9ristiques du projet.\nLe Pr\u00e9fet fait conna\u00eetre si ces modifications sont compatibles avec la pr\u00e9sente autorisation etla r\u00e9glementation en vigueur. Dans le cas contraire, une nouvelle demande d'autorisation doit \u00eatre\nd\u00e9pos\u00e9e.\nARTICLE 6 - CONDITIONS D'EXPLOITATION\nLa Personne Responsable de la Production et de la Distribution de l'Eau (PRPDE) se conformeen tout point aux dispositions du code de la sant\u00e9 publique et des r\u00e8glements pris en application de\ncelui-ci, pour ce qui concerne :\n- le programme de contr\u00f4le de la qualit\u00e9 de l'eau,\n- la surveillance en permanence de la qualit\u00e9 de l'eau,\n- l'examen et l'entretien r\u00e9gulier des installations,\n- les mesures correctives, de restriction d'utilisation, d'interruption de distribution, de\nd\u00e9rogation,\n4/13\n\n- l'information et conseils aux consommateurs,\n- les r\u00e8gles d'hygi\u00e8ne applicables aux installations de production et de distribution,\n- les mat\u00e9riaux et objets utilis\u00e9s dans les installations fixes de production, de traitement et de\ndistribution,\n- l'utilisation des produits et proc\u00e9d\u00e9s de traitement.\nARTICLE 7 - CONTR\u00d4LE SANITAIRE\nLa Personne Responsable de la Production et de la Distribution de l'Eau (PRPDE) se conforme\nen tout point au programme de contr\u00f4le de la qualit\u00e9 de l'eau d\u00e9fini par le code de la sant\u00e9 publique. A\ncette fin, des robinets de pr\u00e9l\u00e8vement doivent \u00eatre am\u00e9nag\u00e9s \u00e0 l'exhaure de l'ouvrage avant\nd\u00e9sinfection et sur la conduite de refoulement apr\u00e8s d\u00e9sinfection. Les frais d'analyses et les frais de\npr\u00e9l\u00e8vements sont support\u00e9s par l'exploitant, selon les tarifs et les modalit\u00e9s fix\u00e9s par arr\u00eat\u00e9 du\nministre charg\u00e9 de la sant\u00e9. Les ouvrages de production d'eau doivent permettre le pr\u00e9l\u00e8vement ais\u00e9\nd'un \u00e9chantillon d'eau brute avant tout traitement.\nLes propri\u00e9taires et exploitants sont tenus de laisser libre acc\u00e8s aux agents habilit\u00e9s aux\ncontr\u00f4les (DT ARS, police de l'eau ou autres services comp\u00e9tents en mati\u00e8re de contr\u00f4le), \u00e0 la recherche\net \u00e0 la constatation des infractions, dans les locaux, installations ou lieux o\u00f9 les op\u00e9rations sont\nr\u00e9alis\u00e9es, \u00e0 l'exclusion des domiciles ou de la partie des locaux servant de domicile, dans les conditionspr\u00e9vues \u00e0 l'article L. 216-4 du code de l'environnement. Les exploitants responsables des installations\nsont tenus de leur laisser \u00e0 disposition le registre d'exploitation.\nARTICLE 8 - SURVEILLANCE DE LA QUALIT\u00c9 DE L'EAU\nLa Personne Responsable de la Production et de la Distribution de l'Eau (PRPDE) est tenue de\nsurveiller en permanence la qualit\u00e9 des eaux destin\u00e9es \u00e0 la consommation humaine dont elle a la\nresponsabilit\u00e9. Elle veille notamment au respect des prescriptions au sein des p\u00e9rim\u00e8tres de protection,\nainsi qu'au bon fonctionnement des installations de production et de distribution d'eau.\nElle tient \u00e0 jour un fichier sanitaire recueillant l'ensemble des informations collect\u00e9es \u00e0 ce titre\nqui est tenu \u00e0 la disposition des agents charg\u00e9s du contr\u00f4le. Un tableau r\u00e9capitulatif des r\u00e9sultats\nanalytiques de la surveillance de la qualit\u00e9 des eaux r\u00e9alis\u00e9 par le gestionnaire des installations peut \u00eatre\ntransmis, sur demande, \u00e0 l'autorit\u00e9 sanitaire.\nARTICLE 9 - QUALIT\u00c9 ET TRAITEMENT DE L'EAU\nLa qualit\u00e9 des eaux pr\u00e9lev\u00e9es, trait\u00e9es et distribu\u00e9es doit r\u00e9pondre aux conditions exig\u00e9es par\nle code de la sant\u00e9 publique et \u00e0 tout r\u00e8glement existant ou \u00e0 venir. Tout d\u00e9passement significatif d'une\nlimite de qualit\u00e9 des eaux brutes ou distribu\u00e9es fix\u00e9es par le code de la sant\u00e9 publique entra\u00eenera la\nr\u00e9vision de la pr\u00e9sente autorisation. Si une \u00e9volution d\u00e9favorable et notable de la qualit\u00e9 des eaux\nbrutes ou distribu\u00e9es est observ\u00e9e, la recherche des causes de contamination doit \u00eatre entreprise et les\nmesures pr\u00e9ventives et curatives mises en place.\nAvant distribution, les eaux brutes font l'objet d'un traitement de d\u00e9sinfection afin de\npermettre la distribution en permanence d'une eau conforme aux exigences r\u00e9glementaires. Le\ntraitement mis en \u0153uvre est agr\u00e9\u00e9 par le minist\u00e8re en charge de la sant\u00e9.\n\u00c0 tout moment, le Pr\u00e9fet se r\u00e9serve le droit, selon les r\u00e9sultats des analyses et\n\u00e9v\u00e9nements port\u00e9s \u00e0 sa connaissance :\n- d'augmenter ou de diminuer la fr\u00e9quence du contr\u00f4le sanitaire,\n- de demander la mise en \u0153uvre dans les meilleurs d\u00e9lais d'une interconnexion,\n5/13\n\n- d'imposer la mise en place de traitement(s) compl\u00e9mentaire(s),\n- de suspendre l'utilisation de cette eau en vue de la consommation humaine.\nL'utilisation d'eau devenue impropre \u00e0 la production d'eau en vue de la consommation\nhumaine est interdite.\nARTICLE 10 - INTERCONNEXION\nLa commune de Ville-en-Blaisois ne dispose d'aucune interconnexion avec un r\u00e9seau voisin, Le\npuits du Grand Breuil en est l'unique ressource.\nLa commune de Doulevant-le-Petit est \u00e9galement aliment\u00e9e par cet unique point d'eau.\nARTICLE 11 - PLAN D'ALERTE\nLa Personne Responsable de la Production et de la Distribution de l'Eau (PRPDE) doit mettre en\nplace un plan d'alerte et de secours en cas de p\u00e9nurie ou de pollution de la ressource et de n\u00e9cessit\u00e9 de\nrestreindre les usages ou de couper l'eau (information de l'autorit\u00e9 sanitaire, des consommateurs,adresse et num\u00e9ro de t\u00e9l\u00e9phone des services comp\u00e9tents de l'\u00c9tat et personnes \u00e0 pr\u00e9venir en cas\nd'alerte, d'urgence, ...). Ce plan doit \u00eatre mis \u00e0 jour, autant que faire se peut.\nARTICLE 12 - D\u00c9FINITION DES P\u00c9RIM\u00c8TRES DE PROTECTION\nEn application de l'article L.1321-2 du code de la sant\u00e9 publique, deux p\u00e9rim\u00e8tres deprotection sont instaur\u00e9s, conform\u00e9ment \u00e0 l'avis de l'hydrog\u00e9ologue agr\u00e9\u00e9 :\n- un P\u00e9rim\u00e8tre de Protection Imm\u00e9diate (PPI) constitu\u00e9 de la parcelle, situ\u00e9e au lieudit \u00ab GrandBreuil \u00bb, section ZC n\u00b0 47, d'une superficie totale de 14 ares et 60 centiares, sur le territoire de la\ncommune de Ville-en-Blaisois, dont les r\u00e9f\u00e9rences cadastrales figurent sur l'\u00e9tat parcellaire (annexe 1) et\nsur le plan joint (annexe 2).\n- Un P\u00e9rim\u00e8tre de Protection Rapproch\u00e9e (PPR) d'une superficie totale de 5 hectares, 47 ares et\n74 centiares, situ\u00e9 sur le territoire de la commune de Ville-en-Blaisois, dont les r\u00e9f\u00e9rences cadastrales et\nlimites figurent sur l'\u00e9tat parcellaire (annexe 1) et sur le plan joint (annexe 2). Il couvre la totalit\u00e9 de la\nzone d'appel souterraine du captage. Il est destin\u00e9 \u00e0 lutter contre les pollutions accidentelles etponctuelles. Il vise \u00e0 conserver la qualit\u00e9 de l'environnement du captage par rapport \u00e0 ses impacts sur la\nqualit\u00e9 de l'eau et \u00e0 l'am\u00e9liorer si n\u00e9cessaire.\nARTICLE 13 - SERVITUDES ET MESURES DE PROTECTION\n13-1 P\u00e9rim\u00e8tre de protection imm\u00e9diate\nSont interdits tous d\u00e9p\u00f4ts, installations ou activit\u00e9s autres que ceux strictement n\u00e9cessaires \u00e0\nl'exploitation et \u00e0 l'entretien du point d'eau.\nLa commune de Ville-en-Blaisois est propri\u00e9taire de la parcelle n\u00b0 47 section ZC, sise sur le\nterritoire de la commune de Ville-en-Blaisois. L'acc\u00e8s \u00e0 l'ouvrage doit \u00eatre possible en tout temps.\nLe p\u00e9rim\u00e8tre sert \u00e0 \u00e9viter toute contamination directe de l'eau pr\u00e9lev\u00e9e dans l'ouvrage. II doit\u00eatre d\u00e9limit\u00e9 par une cl\u00f4ture grillag\u00e9e munie d'un portail d'acc\u00e8s fermant \u00e0 clef pour en interdire l'acc\u00e8s\n\u00e0 toute personne \u00e9trang\u00e8re au service des eaux et \u00e9viter la p\u00e9n\u00e9tration du gibier. Les emprisesprot\u00e9g\u00e9es sont nettoy\u00e9es (tonte, d\u00e9broussaillage ...) et les r\u00e9sidus de coupe sont \u00e9vacu\u00e9s en dehors du\np\u00e9rim\u00e8tre de protection imm\u00e9diate. L'emploi de produits chimiques, produits phytosanitaires ou\nfertilisants y est strictement interdit, y compris au niveau des cl\u00f4tures. Tout arbuste naissant doit \u00eatre\nabattu.\n6/13\n\nToutes dispositions sont prises pour \u00e9viter que les eaux superficielles ne stagnent sur les\nemprises prot\u00e9g\u00e9es, soit en les emp\u00eachant de p\u00e9n\u00e9trer sur cette emprise, soit en facilitant leur transit\net leur \u00e9vacuation.\n13-2 P\u00e9rim\u00e9tre de Protection Rapproch\u00e9e\nIl a pour but de d\u00e9limiter une zone \u00e0 l'int\u00e9rieur de laquelle toutes les activit\u00e9s autoris\u00e9es sont\nr\u00e9glement\u00e9es pour assurer la protection de la ressource aquif\u00e9re. I] comprend les parcelles mentionn\u00e9es\ndans l'\u00e9tat parcellaire (annexe 1) et correspond au plan annex\u00e9 au pr\u00e9sent arr\u00eat\u00e9 (annexe 2).\n\u00c0 l'int\u00e9rieur de ce p\u00e9rim\u00e8tre, sont interdits les travaux, installations, activit\u00e9s, d\u00e9p\u00f4ts, ouvrages,\nam\u00e9nagement ou occupation des sols susceptibles d'entra\u00eener une pollution de nature \u00e0 rendre l'eau\nimpropre \u00e0 la consommation humaine. Les autres travaux, installations, activit\u00e9s, d\u00e9p\u00f4ts, ouvrages,\nam\u00e9nagements ou occupation des sols peuvent faire l'objet de prescriptions et sont soumis \u00e0 une\nsurveillance particuli\u00e8re, pr\u00e9vues dans l'acte d\u00e9claratif d'utilit\u00e9 publique.\nLa mise en conformit\u00e9 des installations existantes, \u00e0 la date de signature de l'arr\u00eat\u00e9, qui ne\nrespecteraient pas les r\u00e8glements auxquels elles sont soumises rel\u00e8ve d'actions de police tout \u00e0 fait\nind\u00e9pendantes de l'instauration des p\u00e9rim\u00e8tres de protection.\nLe terme \u00ab existant \u00bb d\u00e9finit une activit\u00e9 (r\u00e9alit\u00e9 physique ou fonctionnelle) connue, d\u00e9clar\u00e9e\nou autoris\u00e9e ant\u00e9rieurement \u00e0 la date de signature du pr\u00e9sent arr\u00eat\u00e9.\nLe terme \u00ab futur \u00bb correspond \u00e0 une activit\u00e9 cr\u00e9\u00e9e, d\u00e9clar\u00e9e ou autoris\u00e9e post\u00e9rieurement \u00e0 la\ndate de signature du pr\u00e9sent arr\u00eat\u00e9.\nLes prescriptions d\u00e9finies ci-apr\u00e8s s'appliquent uniquement aux constructions et travaux\nfuturs \u00e0 la date de signature de cet arr\u00eat\u00e9.\nLe tableau ci-dessous pr\u00e9sente les interdictions et la r\u00e9glementation sp\u00e9cifique. Les\nprescriptions formul\u00e9es ont \u00e9t\u00e9 adapt\u00e9es au contexte de l'\u00e9tude, en milieu agricole et alluvial.\nR\u00c9GLEMENTATIONS\nACTIVIT\u00c9S INTERDITES ACTIVIT\u00c9S R\u00c9GLEMENT\u00c9ES\n1 Travaux souterrains 1 Travaux souterrains\n1.2 Sondages g\u00e9otechniques 11 Forages, puits, sondages, captages d'eau dans lamasse aquif\u00e8re capt\u00e9e1.3 Exploitation de carri\u00e8res Les forages (ou captages) d'eau pour des tiers ainsi queles sondages de toute nature sont strictement interdits1.6 R\u00e9alisation de mares, \u00e9tangs (pr\u00e9l\u00e8vements priv\u00e9s, pr\u00e9l\u00e8vements agricoles,pr\u00e9l\u00e8vements industriels et pr\u00e9l\u00e8vementsg\u00e9othermiques. Seuls les travaux n\u00e9cessaires \u00e0 laproduction d'eau potable sont accept\u00e9s.\n1.4 Ouverture de fouilles, tranch\u00e9es, excavationsL'ouverture de fouilles, tranch\u00e9es et excavations de plusde 0,80 m\u00e8tres de profondeur est interdite. Exception :mise en place ou remplacement des canalisations ducaptage. Les tranch\u00e9es doivent \u00eatre rebouch\u00e9es avecdes mat\u00e9riaux peu perm\u00e9ables soigneusementcompact\u00e9s, en particulier dans la travers\u00e9e des coursd'eau. Ces projets de travaux doivent \u00eatre soumis \u00e0!Vapprobation des services de l'ARS.\n1.5 Remblayage de carri\u00e8res, fouilles, tranch\u00e9es,excavationsLe remblayage est autoris\u00e9 uniquement avec desmat\u00e9riaux strictement inertes et peu perm\u00e9ables.\n7/13\n\n2 Stockages et d\u00e9p\n21 D\u00e9p\u00f4ts d'ordures m\u00e9nag\u00e8res, d\u00e9tritus, d\u00e9chetsindustriels et tous produits (existants ou \u00e0 venir)susceptibles d'alt\u00e9rer la qualit\u00e9 des eaux\n2.2 Stockages de produits chimiques et d\u00e9chets solides\n2.3 Stockages d'hydrocarbures et liquides inflammables\n2.4 Stockages de produits destin\u00e9s aux cultures (engrais,pesticides, purin, lisier, fumier)\n2.5 Stockage d'effluents industriels\n2.6 Stockages d'effluents domestiques collectifs\n2.7 Station d'\u00e9puration, lagunage\n2.8 Bassins de d\u00e9cantation d'effiuents industriels,agricoles, urbains ou routiers\n3 Canalisations\n31 Eaux us\u00e9es domestiques collectives\n3.2 Eaux us\u00e9es industrielles\n3.3 Hydrocarbures, produits chimiques liquides, fluidescaloporteurs\n4 Rejets liquides\n41 Eaux us\u00e9es domestiques\n4.2 Eaux us\u00e9es industrielles\n4.3 Effluents agricoles\n4.4 Installations autonomes de traitement d'eaux us\u00e9es\n4.5 Bassins d'infiltration d'eaux pluviales\n5 Constructions\n51 Habitations raccord\u00e9es \u00e0 un assainissement collectif\n5.2 Habitations avec assainissement autonome\n5.3 Camping, caravaning, aires de camping-car, camping\u00e0 la ferme et annexes\n5.4 Cr\u00e9ation et/ou extension de cimeti\u00e8res\n5.5 Activit\u00e9s artisanales, industrielles ou agricoles hors\u00e9levage\n5.6 B\u00e2timents d'\u00e9levage, d'engraissement\n5.7 Cr\u00e9ation de silos produisant des jus de fermentation\n5.8 Voies de communication (routes, canaux, voiesferr\u00e9es, tapis de plaine, etc) et aires de stationnement\n5.9 Constructions autres qu'habitations (hangar pourmat\u00e9riels agricoles, par exemple)\n8/13\n\n6 Activit\u00e9s agricoles\n6.1 Drainage agricole\n6.2 Maraichage et/ou serres\n6.3 P\u00e9pini\u00e8res\n6.10 Retournement de prairies permanentes\n9/13\n6 A agricoles\n6.4 CulturesIl est pr\u00e9f\u00e9rable de remettre les zones cultiv\u00e9es en!prairie permanente, comme cela \u00e9tait le cas avant 1975.\u00c0 d\u00e9faut, une ma\u00eetrise des activit\u00e9s agricoles dans laboucle de la Blaise est n\u00e9cessaire pour pr\u00e9server laqualit\u00e9 de l'eau.Respect strict des bonnes pratiques agricoles (absencede labour, limitation des apports de fertilisants et.produits phytosanitaires). |\n6.5 \u00c9pandage de fumier, de fumier insuffisammentcompost\u00e9, lisier, boues de station d'\u00e9puration et d\u00e9chetsfermentescibles L'\u00e9pandage et le stockage de fumier.frais ou insuffisamment compost\u00e9, de lisiers, de boues!de station d'\u00e9puration ou de d\u00e9chets fermentescibles|sont strictement interdits.Seul l'\u00e9pandage de compost de fumier \u00e9labor\u00e9,pr\u00e9alablement \u00e0 son \u00e9pandage, dans les conditionssuivantes est autoris\u00e9 \u00e0 l'int\u00e9rieur du p\u00e9rim\u00e8tre deprotection rapproch\u00e9e : les andains font l'objet d'au!minimum deux retournements ou d'une a\u00e9ration)forc\u00e9e ; la temp\u00e9rature des andains est sup\u00e9rieure \u00e055\u00b0C pendant quinze jours ou \u00e0 50\u00b0C pendant six,semaines. L'\u00e9l\u00e9vation de la temp\u00e9rature des andains estsurveill\u00e9e par des prises de temp\u00e9rature hebdomadaire,en plusieurs endroits, en prenant la pr\u00e9caution demesurer le milieu de l'andain. Les r\u00e9sultats des prises de!temp\u00e9rature sont consign\u00e9s sur Un cahierd'enregistrement o\u00f9 sont indiqu\u00e9s, pour chaquecompostage, la nature des produits compost\u00e9s, les datesde d\u00e9but et de fin de compostage ainsi que celles deretournement des andains et l'aspect macroscopique duproduit final (couleur, odeur, texture). Lesenregistrements doivent \u00eatre tenus \u00e0 la disposition des,inspecteurs de l'environnement. Ces \u00e9pandages sontlimit\u00e9s. (cf. rubrique 6.4) |Le digestat solide, issu d'un s\u00e9parateur de phase d'unm\u00e9thaniseur, n'est pas consid\u00e9r\u00e9 comme un compost defumier \u00e9labor\u00e9.\n6.6 Utilisation de produits phytosanitairesL'utilisation de produits phytosanitaires est autoris\u00e9e!sous r\u00e9serve d'un non-d\u00e9passement des limites dequalit\u00e9 des eaux du captage. Lors du contr\u00f4le de laqualit\u00e9 des eaux destin\u00e9es \u00e0 la consommation humaine,toute d\u00e9tection de produits phytosanitaires d\u00e9passant:la limite de qualit\u00e9 entra\u00eene une surveillance renforc\u00e9epar la Personne Responsable de la Production et de laDistribution de l'Eau (PRPDE) et les services comp\u00e9tents. |Le remplissage et les vidanges de fond de cuve ainsi quele rin\u00e7age des pulv\u00e9risateurs sont \u00e9limin\u00e9s selon lesrecommandations prescrites par le minist\u00e8re en chargede l'agriculture. Ces remplissages, vidanges et rin\u00e7ages:sont effectu\u00e9s en dehors du p\u00e9rim\u00e8tre de protectionrapproch\u00e9e. (cf. rubrique 6.4)\n6.7 Abreuvoirs, installations mobiles de traites, abrisActivit\u00e9s autoris\u00e9es \u00e0 plus de 150 m\u00e8tres du captage, defa\u00e7on \u00e0 \u00e9viter la mise \u00e0 nu de la terre et la formation debourbiers \u00e0 leur voisinage, facteurs de bact\u00e9ries.\n6.8 Pacage des animauxLe pacage est autoris\u00e9 pour 10 bovins \u00e0 I'hectare sansapport de nourriture ext\u00e9rieure, de fa\u00e7on \u00e0 \u00e9viter lamise \u00e0 nu de la terre et la formation de bourbiers \u00e0 sonvoisinage, facteurs de bact\u00e9ries.\n\n6.9 Stockage de pailleActivit\u00e9 autoris\u00e9e \u00e0 plus de 150 m\u00e8tres du captage.\n7 Activit\u00e9s foresti\u00e8res et cyn\u00e9g\u00e9tiques\n7.4 Places de d\u00e9p\u00f4t, d\u00e9bardage\n7.5 Traitement du bois stock\u00e9\n7.7 Affouragement ou agrainage de gibier\n7.8 Abandon et enfouissement de cadavres et de sous-produits de gibier r\u00e9sultant de parties de chasse\n8 Divers 8 Divers\n8.2 Sports m\u00e9caniques 81 Travaux sur les cours d'eauLes travaux de curage ou de rectification sont interdits.8.3 Centrales solaires photovolta\u00efques Seuls les travaux de lutte contre l'\u00e9rosion des bergessont admis, pour autant qu'ils ne conduisent pas \u00e08.4 Traitement a\u00e9roport\u00e9 des cultures, vignes et bois augmenter les \u00e9changes entre la nappe et la rivi\u00e8re. Ils!sont soumis \u00e0 avis des services de I'ARS. La ripisylve est\n8.5 Utilisation d'explosifs pr\u00e9serv\u00e9e.\n8.6 Terrain de sport 8.7 Talus et haiesUarrachage des haies est interdit.8.8 Golf sur terrain naturel\n8.9 Manifestations diverses\n8.10 Edification d'\u00e9oliennes |\ni\nLe b\u00e9n\u00e9ficiaire de la pr\u00e9sente autorisation veille au respect de l'application de cet arr\u00eat\u00e9 y\ncompris des prescriptions dans les p\u00e9rim\u00e8tres de protection. En outre, peuvent \u00eatre interdits our\u00e9glement\u00e9s et doivent, de ce fait, \u00eatre soumis pour avis au service charg\u00e9 de la police de l'eau et \u00e0 ceuxde l'Agence r\u00e9gionale de sant\u00e9, toutes activit\u00e9s ou tous faits susceptibles de porter atteinte\ndirectement ou indirectement \u00e0 la quantit\u00e9 et \u00e0 la qualit\u00e9 de l'eau. Une \u00e9tude sp\u00e9cifique d'incidence\ndoit \u00eatre pr\u00e9sent\u00e9e pour toute demande. L'absence d'interf\u00e9rence sur la qualit\u00e9 des eaux doit \u00eatre\nd\u00e9montr\u00e9e.\nARTICLE 14 - TRAVAUX ET ACTIONS\nLes travaux et la mise en conformit\u00e9 doivent \u00eatre r\u00e9alis\u00e9s par la collectivit\u00e9 dans un d\u00e9lai\nmaximal de 2 ans, \u00e0 la date de signature du pr\u00e9sent arr\u00eat\u00e9.\n= Travaux sur le captage et au sein du PPI:\n> mise en place d'une cl\u00f4ture munie d'un portail d'acc\u00e8s fermant \u00e0 clef autour du\np\u00e9rim\u00e8tre de protection imm\u00e9diate du puits conform\u00e9ment aux d\u00e9limitations de l'hydrog\u00e9ologue agr\u00e9\u00e9\net du plan \u00e9labor\u00e9 par le g\u00e9om\u00e8tre (annexe 2),\n> mise en place d'une plaque signal\u00e9tique indiquant le num\u00e9ro BSS de la ressource en eau\nsur le g\u00e9nie civil de l'ouvrage,\n> d\u00e9sinfection du captage une fois par an.\n- Travaux sur les autres installations et/ou au sein du p\u00e9rim\u00e9tre de protection rapproch\u00e9e :\nos nettoyage du r\u00e9servoir au moins une fois par an (article R. 1321-56 du code de la sant\u00e9publique) et purge du r\u00e9seau de distribution une \u00e0 deux fois par an,\n10/13\n\n> maintien du syst\u00e8me de d\u00e9sinfection automatique et permanent de l'eau de mani\u00e8re \u00e0\npallier les alt\u00e9rations bact\u00e9riologiques ponctuelles,\n> si pas d\u00e9j\u00e0 effectif, mise en place d'un robinet de pr\u00e9l\u00e8vement au r\u00e9servoir\n> mise en place d'un plan d'alerte et de secours avec les services de la s\u00e9curit\u00e9 civile en cas\nd'accident et de pollution au droit du captage permettant un arr\u00eat rapide du pr\u00e9l\u00e8vement d'eau et la\npossibilit\u00e9 d'alimentation provisoire, au regard de la zone d'alimentation du captage (bassin versant de\nla Blaise, entre autres),\n\"> mise \u00e0 jour r\u00e9guli\u00e8re de ce plan d'alerte et de secours,\n> mise en place d'une servitude d'acc\u00e8s au p\u00e9rim\u00e8tre de protection imm\u00e9diate, par tout\ntemps.\nIl doit \u00eatre satisfait aux obligations r\u00e9sultant de l'institution desdits p\u00e9rim\u00e8tres de protection\npour les activit\u00e9s, d\u00e9p\u00f4ts et installations existants \u00e0 la date de publication sur les terrains compris dans\nles p\u00e9rim\u00e8tres pr\u00e9vus \u00e0 l'article 12 dans un d\u00e9lai de :\n- six mois pour les d\u00e9p\u00f4ts,\n- deux ans pour les activit\u00e9s et installations,\n\u00e0 compter de la date de publication au recueil des actes administratifs de la Pr\u00e9fecture de la\nHaute-Marne.\nLes modifications des pratiques appartenant aux activit\u00e9s r\u00e9glement\u00e9es susceptibles d'alt\u00e9rer\nla qualit\u00e9 de l'eau ou d'en modifier les caract\u00e9ristiques sont soumises \u00e0 l'avis des services de l'\u00c9tat\ncomp\u00e9tent. Les demandes d'autorisation doivent \u00eatre adress\u00e9es au Pr\u00e9fet.\nARTICLE 15  - INDEMNISATION ET DROITS DES TIERS\nLes droits des tiers sont et demeurent express\u00e9ment r\u00e9serv\u00e9s. La commune de Ville-en-Blaisois\nindemnise les usagers de tous les dommages mat\u00e9riels, directs et certains qu'ils pourront prouver leur\navoir \u00e9t\u00e9 caus\u00e9s par la d\u00e9rivation des eaux.\nARTICLE 16 - MODIFICATIONS DE LA D\u00c9CLARATION D'UTILIT\u00c9 PUBLIQUE\nToutes modifications des caract\u00e9ristiques d\u00e9finies dans la pr\u00e9sente autorisation doivent faire\nl'objet d'un arr\u00eat\u00e9 pr\u00e9fectoral, En cas d'abandon du captage, un arr\u00eat\u00e9 pr\u00e9fectoral est pris pour annuler\nla pr\u00e9sente d\u00e9claration d'utilit\u00e9 publique.\nARTICLE 17 - DECLARATION D'INCIDENT OU D'ACCIDENT\nLa personne \u00e0 l'origine de l'incident ou de l'accident et l'exploitant ou, s'il n'existe pas\nd'exploitant, le propri\u00e9taire, sont tenus, d\u00e8s qu'ils en ont connaissance, de d\u00e9clarer dans les meilleurs\nd\u00e9lais au Pr\u00e9fet ou au Maire du lieu d'implantation de l'op\u00e9ration, tout incident ou accident int\u00e9ressant\nl'op\u00e9ration et de nature \u00e0 porter atteinte \u00e0 l'un des \u00e9l\u00e9ments \u00e9num\u00e9r\u00e9s \u00e0 l'article L. 211-1 du code de\nl'environnement (notamment pr\u00e9servation des \u00e9cosyst\u00e8mes aquatiques et des zones humides, de la\nqualit\u00e9 de l'eau, de la ressource en eau, libre \u00e9coulement des eaux, sant\u00e9, salubrit\u00e9 publique, s\u00e9curit\u00e9\ncivile, conciliation des exigences des activit\u00e9s l\u00e9galement exerc\u00e9es qui font usage de l'eau).\nSans pr\u00e9judice des mesures que pourra prescrire le Pr\u00e9fet, les personnes mentionn\u00e9es au\npremier alin\u00e9a doivent prendre o  faire prendre toutes les mesures possibles pour mettre fin \u00e0 la cause\nde l'incident portant atteinte au milieu aquatique, pour \u00e9valuer leurs cons\u00e9quences et y rem\u00e9dier.\n11/13\n\nARTICLE 18 - MODIFICATIONS DES INSTALLATIONS\nToute modification apport\u00e9e par le propri\u00e9taire ou l'exploitant aux ouvrages de captage, detraitement ou de stockage (travaux, am\u00e9nagement, mode d'utilisation de l'installation...) de nature \u00e0entra\u00eener un changement notable des \u00e9l\u00e9ments du dossier de demande d'autorisation initiale doit \u00eatreport\u00e9, avant sa r\u00e9alisation, \u00e0 la connaissance du Pr\u00e9fet qui peut exiger une nouvelle demanded'autorisation soumise aux m\u00eames formalit\u00e9s que la demande d'autorisation initiale.\nARTICLE 19 - DUR\u00c9E DE VALIDIT\u00c9\nLes dispositions du pr\u00e9sent arr\u00eat\u00e9 demeurent applicables tant que le captage exploit\u00e9 par lacommunaut\u00e9 d'agglom\u00e9ration est utilis\u00e9 pour la production d'eau destin\u00e9e \u00e0 la consommation\nhumaine.\nARTICLE 20 - SANCTIONS\nQuiconque aura contrevenu aux dispositions de l'article 6 du pr\u00e9sent arr\u00eat\u00e9 sera passible despeines pr\u00e9vues par les articles L. 216-3, L. 216-6, L. 216-7, L. 216-8 et L. 216-9 du code de l'environnementet par les articles L. 1312-1 et L. 1324-1 du code de la sant\u00e9 publique.\nARTICLE 21 - MISE EN COMPATIBILIT\u00c9 DES DOCUMENTS D'URBANISME\nLes servitudes du pr\u00e9sent arr\u00eat\u00e9 sont \u00e0 annexer dans le futur document d'urbanisme de la\ncommunaut\u00e9 d'agglom\u00e9ration Grand Saint-Dizier, Der et Vall\u00e9es concernant la commune de Ville-en-\nBlaisois.\nARTICLE 22 - INFORMATION DES PROPRI\u00c9TAIRES\nLe pr\u00e9sent arr\u00eat\u00e9 est, par les soins et \u00e0 la charge de la communaut\u00e9 d'agglom\u00e9ration, notifi\u00e9,\npar lettre recommand\u00e9e avec demande d'avis de r\u00e9ception, \u00e0 chacun des propri\u00e9taires int\u00e9ress\u00e9s afinde l'informer des servitudes qui gr\u00e9vent son terrain. Lorsque l'identit\u00e9 ou l'adresse d'un propri\u00e9taire est\ninconnue, la notification est faite au Maire de la commune sur le territoire de laquelle est situ\u00e9e lapropri\u00e9t\u00e9 soumise \u00e0 servitudes, qui en assure l'affichage et, le cas \u00e9ch\u00e9ant, la communique \u00e0 l'occupant\ndes lieux.\nLe pr\u00e9sent arr\u00eat\u00e9 est affich\u00e9 \u00e0 la mairie de Ville-en-Blaisois pendant une dur\u00e9e minimale dedeux mois. Une mention de cet affichage est ins\u00e9r\u00e9e en caract\u00e8res apparents dans deux journaux\nlocaux.\nLe proc\u00e8s-verbal de l'accomplissement de ces formalit\u00e9s est dress\u00e9 par les soins de la\ncommunaut\u00e9 d'agglom\u00e9ration et adress\u00e9 \u00e0 l'Agence r\u00e9gionale de sant\u00e9 - D\u00e9l\u00e9gation territoriale de la\nHaute-Marne.\nLes propri\u00e9taires des parcelles incluses dans le p\u00e9rim\u00e8tre de protection rapproch\u00e9e doivent\ninformer les locataires et les exploitants des terrains, de l'\u00e9tablissement de la protection des points\nd'eau faisant l'objet du pr\u00e9sent arr\u00eat\u00e9 ainsi que des servitudes qui s'y rapportent.\nLa communaut\u00e9 d'agglom\u00e9ration conserve l'acte portant d\u00e9claration d'utilit\u00e9 publique etd\u00e9livre \u00e0 toute personne qui le demande les informations sur les servitudes qui y sont attach\u00e9es.\nARTICLE 23 - DIFFUSION ET INFORMATION\nUne copie du pr\u00e9sent arr\u00eat\u00e9 est adress\u00e9e :\n- au Directeur de l'Agence de l'eau Seine Normandie- au Pr\u00e9sident de la chambre d'agriculture de la Haute-Marne\n12/13\n\n- au Directeur r\u00e9gional de l'environnement, de l'am\u00e9nagement et du logement (DREAL)- ala Directrice d\u00e9l\u00e9gu\u00e9e du Bureau de recherches g\u00e9ologiques et mini\u00e9res (BRGM)\n- ala Directrice g\u00e9n\u00e9rale de l'Agence r\u00e9gionale de sant\u00e9 (ARS) Grand Est- \u00e0 la Directrice d\u00e9partementale de l'emploi, du travail, des solidarit\u00e9s et de la protection\ndes populations (DDETSPP)\n- au Directeur d\u00e9partemental des territoires (DDT)\n- au Pr\u00e9sident du conseil d\u00e9partemental\n- au Directeur de l'Agence d\u00e9partementale de l'Office national des for\u00eats (ONF)- au Chef du service d\u00e9partemental de l'Office fran\u00e7ais de la biodiversit\u00e9 (OFB)\n- au Coordonnateur d\u00e9partemental des hydrog\u00e9ologues agr\u00e9\u00e9s\n- au Maire de Doulevant-le-Petit.\nARTICLE 24 - EX\u00c9CUTION\nLe Secr\u00e9taire g\u00e9n\u00e9ral de la pr\u00e9fecture de la Haute-Marne, le Sous-pr\u00e9fet de Saint-Dizier, le\nD\u00e9l\u00e9gu\u00e9 territorial de la Haute-Marne de l'Agence r\u00e9gionale de sant\u00e9 Grand Est, le Pr\u00e9sident de la\ncommunaut\u00e9 d'agglom\u00e9ration Grand Saint-Dizier Der et Vall\u00e9es et le Maire de la commune de Ville-en-\nBlaisois sont charg\u00e9s, chacun en ce qui le concerne, de l'ex\u00e9cution du pr\u00e9sent arr\u00eat\u00e9 qui sera publi\u00e9 au\nrecueil des actes administratifs de la pr\u00e9fecture de la Haute-Marne.\nChaumont, le 1 8 AVR. 2025\nPour la Pr\u00e9f\u00e8te et par d\u00e9l\u00e9gation,le Secr\u00e9taire g\u00e9n\u00e9ral de la pr\u00e9fecture,\nGuillaume THIRARD\nLe pr\u00e9sent arr\u00eat\u00e9 peut faire l'objet d'un recours contentieux devant le tribunal administratif de Ch\u00e2lons-en-Champagne dans und\u00e9lai de deux mois \u00e0 compter de sa publication et/ou notification.Le cas \u00e9ch\u00e9ant, le tribunal administratif peut \u00eatre saisi par l'application \u00ab T\u00e9l\u00e9recours citoyens \u00bb (wwmtelerecours. fn.Ce d\u00e9lai est prorog\u00e9 si un recours administratif (gracieux ou hi\u00e9rarchique) est introduit dans ce m\u00eame d\u00e9lai de deux mois \u00e0 compterde sa publication et/ou notification.\nANNEXES :\nAnnexe 1: \u00e9tat parcellaire (2 pages) FP G\u00e9om\u00e8tre Expert \u00e0 Montier-en-Der, La Porte du Der, dossier 19-\n6026\nAnnexe 2: plan du p\u00e9rim\u00e8tre de protection imm\u00e9diate et du p\u00e9rim\u00e8tre de protection rapproch\u00e9e (1page format A3 - \u00e9chelle 1/2000) FP G\u00e9om\u00e9tre Expert \u00e0 Montier-en-Der, La Porte du Der - 13 mars 2019,dossier 19-6026\nAnnexe 3: plan de situation des p\u00e9rim\u00e8tres de protection (1 page format A3) FP G\u00e9om\u00e8tre Expert \u00e0Montier-en-Der, La Porte du Der, dossier 19-6026\n13/13\n\nEnPR\u00c9FETDE LA HAUTE-MARNE\nLibert\u00e9\u00c9galit\u00e9Fraternit\u00e9\nDirection d\u00e9partementale\ndes territoires\nSERVICE HABITAT ET CONSTRUCTIONBUREAU QUALIT\u00c9 DE LA CONSTRUCTION\nARR\u00caT\u00c9 N\u00b0 52-2025-07-00064 du 10/07/2025Portant accord de d\u00e9rogation aux dispositions du code de la construction et de l'habitationpour le compte de MARIONNAUD (Madame Gabriele BETTI)\nLa Pr\u00e9f\u00e8te de la Haute-Marne,\nChevalier de la L\u00e9gion d'Honneur,\nOfficier de l'Ordre national du M\u00e9rite,\nVu la loi n\u00b02005-102 du 11 f\u00e9vrier 2005 pour l'\u00e9galit\u00e9 des droits et des chances,la participation et la citoyennet\u00e9 des personnes handicap\u00e9es ;\nVu la loi n\u00b0 2014-789 du 10 juillet 2014 habilitant le Gouvernement \u00e0 adopterdes mesures l\u00e9gislatives pour la mise en accessibilit\u00e9 des \u00e9tablissementsrecevant du public, des transports publics, des b\u00e2timents d'habitation et dela voirie pour les personnes handicap\u00e9es ;\nVu l'ordonnance n\u00b02014-1090 du 26 septembre 2014 relative \u00e0 la mise enaccessibilit\u00e9 des \u00e9tablissements recevant du public, des transports publics,des b\u00e2timents d'habitation et de la voirie pour les personnes handicap\u00e9es ;\nVu la loi n\u00b0 2015-988 du 5 ao\u00fbt 2015 ratifiant l'ordonnance n\u00b0 2014-1090 du 26septembre 2014 relative \u00e0 la mise en accessibilit\u00e9 des \u00e9tablissements recevantdu public, des transports publics, des b\u00e2timents d'habitation et de la voiriepour les personnes handicap\u00e9es et visant \u00e0 favoriser l'acc\u00e8s au service civiquepour les jeunes en situation de handicap ;\nVu le code de la construction et de l'habitation ;\nVu les articles L164-1 \u00e0 L164-3 du code de la construction et de l'habitation ;\nVu les articles R164-3 \u00e0 R164-5 du code de la construction et de l'habitation ;\nVu le d\u00e9cret n\u00b0 2006-555 du 17 mai 2006, relatif \u00e0 l'accessibilit\u00e9 des\n1/3\n\n\u00e9tablissements recevant du public, des installations ouvertes au public et desb\u00e2timents d'habitation et les textes pris pour son application ;\nVu l'arr\u00eat\u00e9 du 08 d\u00e9cembre 2014 fixant les dispositions prises pourl'application des articles R. 111-19-7 a R. 111-19-11 du code de la construction etde l'habitation et de l'article 14 du d\u00e9cret n\u00b02006-555 relatives \u00e0 l'accessibilit\u00e9aux personnes handicap\u00e9es des \u00e9tablissements recevant du public situ\u00e9sdans un cadre b\u00e2ti existant et des installations existantes ouvertes au public ;\nVu l'arr\u00eat\u00e9 pr\u00e9fectoral n\u00b0 643 du 01 janvier 2010 modifi\u00e9, portant cr\u00e9ation dela commission consultative d\u00e9partementale de s\u00e9curit\u00e9 et d'accessibilit\u00e9 ;\nVu l'arr\u00eat\u00e9 pr\u00e9fectoral n\u00b0 52-2023-06-00241 du 27 juin 2023, portant cr\u00e9ation\nde la sous-commission d\u00e9partementale pour l'accessibilit\u00e9 aux personneshandicap\u00e9es ;\nVu l'arr\u00eat\u00e9 n\u00b052-2024-03-00015 en date du 07 mars 2024 portant d\u00e9l\u00e9gationde signature en mati\u00e8re d'administration g\u00e9n\u00e9rale \u00e0 Monsieur Xavier Logerot,\nDirecteur D\u00e9partemental des Territoires de la Haute-Marne ;\nVu l'arr\u00eat\u00e9 pr\u00e9fectoral n\u00b02025/02 du 06 mai 2025 portant subd\u00e9l\u00e9gation designature en mati\u00e8re d'administration g\u00e9n\u00e9rale ;\nVu la demande de d\u00e9rogation pr\u00e9sent\u00e9e par MARIONNAUD (MadameGabriele BETTI) - 115 rue R\u00e9aumur - 75002 PARIS - en date du 29/04/2025,relative \u00e0 l'impossibilit\u00e9 de respecter les dispositions de l'article 2 (Il.caract\u00e9ristiques minimales 3\u00b0 s\u00e9curit\u00e9 d'usage) de l'arr\u00eat\u00e9 du 8 d\u00e9cembre2014, concernant l'obligation, pour un cheminement accessible, de laisser unpassage libre d'au moins 2,20 m au dessus du sol, dans le cadre de travaux de\nmise en conformit\u00e9 totale aux r\u00e8gles d'accessibilit\u00e9 du magasin de vente aud\u00e9tail de parfums et cosm\u00e9tiques, sis 30 rue Diderot 52200 LANGRES;\nVu la mesure de substitution propos\u00e9e par le demandeur pour assurerl'accessibilit\u00e9 des personnes handicap\u00e9es (r\u00e9alisation d'un contraste visuel dela zone du faux plafond rabaiss\u00e9);\nVu l'avis favorable de la commission consultative d\u00e9partementale de s\u00e9curit\u00e9et d'accessibilit\u00e9, si\u00e9geant en sous-commission d\u00e9partementale pourl'accessibilit\u00e9 aux personnes handicap\u00e9es, en date du 08 juillet 2025;\nConsid\u00e9rant que, en application des articles R164-1 \u00e0 R164-3 du code de laconstruction et de l'habitation, le pr\u00e9fet peut accorder des d\u00e9rogations auregard des r\u00e8gles d'accessibilit\u00e9, s'agissant de travaux portant sur un\u00e9tablissement recevant du public situ\u00e9 dans un cadre b\u00e2ti existant ;\nConsid\u00e9rant la disproportion manifeste entre les am\u00e9liorations apport\u00e9espar la mise en \u0153uvre des prescriptions techniques d'accessibilit\u00e9, d'une part,\net leurs co\u00fbts, leurs effets sur l'usage du b\u00e2timent d'autre part,\n2/3\n\nARRETE :\nArticle 1:\nLa d\u00e9rogation aux dispositions de l'article 2 (Il. caract\u00e9ristiques minimales 3\u00b0s\u00e9curit\u00e9 d'usage) de l'arr\u00eat\u00e9 du 8 d\u00e9cembre 2014, concernant l'obligation,pour un cheminement accessible, de laisser un passage libre d'au moins\n2,20 m au dessus du sol, est accord\u00e9e \u00e0 MARIONNAUD (Madame GabrieleBETTI) - 115 rue R\u00e9aumur - 75002 PARIS - pour des travaux de mise enconformit\u00e9 totale aux r\u00e8gles d'accessibilit\u00e9 du magasin de vente au d\u00e9tail deparfums et cosm\u00e9tiques, sis 30 rue Diderot 52200 LANGRES.\nArticle 2 :.\nLe demandeur doit mettre en \u0153uvre la mesure de substitution propos\u00e9e\ndans le cadre de la demande de d\u00e9rogation.\nArticle 3 :\nConform\u00e9ment aux articles R. 421-1 \u00e0 R. 421-5 du Code de justiceadministrative, la pr\u00e9sente d\u00e9cision peut faire l'objet d'un recourscontentieux devant le tribunal administratif de Ch\u00e2lons-en-Champagne.\nLe Tribunal Administratif peut \u00eatre saisi par un recours d\u00e9pos\u00e9 vial'application T\u00e9l\u00e9recours citoyens accessible pour le site internetwww.telerecours.fr. Le d\u00e9lai de recours est de deux mois \u00e0 compter de ladate de notification de l'arr\u00eat\u00e9. Dans le cas du recours gracieux ou du recourshi\u00e9rarchique, l'absence de r\u00e9ponse dans un d\u00e9lai de deux mois \u00e0 compter dela r\u00e9ception du recours \u00e9quivaut \u00e0 un rejet implicite ouvrant droit \u00e0 unnouveau d\u00e9lai de recours contentieux de deux mois.\nArticle 4 :\nMonsieur le Secr\u00e9taire G\u00e9n\u00e9ral de la Pr\u00e9fecture, Monsieur l\u00e9 DirecteurD\u00e9partemental des Territoires, Madame le Maire de Langres, sont charg\u00e9s,\nchacun en ce qui le concerne, de l'application du pr\u00e9sent arr\u00eat\u00e9 qui serapubli\u00e9 au recueil des actes administratifs.\nChaumont, le f{{ JUIL. 2025Pour la Pr\u00e9f\u00e8te et par d\u00e9l\u00e9gation,Pour le directeur d\u00e9partemental des territoires,La cheffe du servic\u00e9 habitat et construction\n3/3\n\nPREFET Direction d\u00e9partementaleDE LA HAUTE-MARNE des territoitie erritoires\nFraternit\u00e9\nSERVICE HABITAT ET CONSTRUCTIONBUREAU QUALITE DE LA CONSTRUCTION\nARRETE N\u00b0 52-2025-07-00065 du 11/07/2025\nPortant accord de d\u00e9rogation aux dispositions du code de la construction et de I'habitation\npour le compte de la commune de Ch\u00e2teauvillain\nLa Pr\u00e9f\u00e8te de la Haute-Marne,\nChevalier de la L\u00e9gion d'Honneur,\nOfficier de l'Ordre national du M\u00e9rite,\nVu la loi n\u00b02005-102 du 11 f\u00e9vrier 2005 pour l'\u00e9galit\u00e9 des droits et des chances,\nla participation et la citoyennet\u00e9 des personnes handicap\u00e9es ;\nVu la loi n\u00b0 2014-789 du 10 juillet 2014 habilitant le Gouvernement \u00e0 adopter\ndes mesures l\u00e9gislatives pour la mise en accessibilit\u00e9 des \u00e9tablissements\nrecevant du public, des transports publics, des b\u00e2timents d'habitation et de\nla voirie pour les personnes handicap\u00e9es ;\nVu l'ordonnance n\u00b020141090 du 26 septembre 2014 relative \u00e0 la mise en\naccessibilit\u00e9 des \u00e9tablissements recevant du public, des transports publics,\ndes b\u00e2timents d'habitation et de la voirie pour les personnes handicap\u00e9es ;\nVu la loi n\u00b0 2015-988 du 5 ao\u00fbt 2015 ratifiant l'ordonnance n\u00b0 2014-1090 du 26\nseptembre 2014 relative \u00e0 la mise en accessibilit\u00e9 des \u00e9tablissements recevant\ndu public, des transports publics, des b\u00e2timents d'habitation et de la voirie\npour les personnes handicap\u00e9es et visant \u00e0 favoriser l'acc\u00e8s au service civique\npour les jeunes en situation de handicap ;\nVu le code de la construction et de l'habitation ;\nVu les articles L164-1 \u00e0 L164-3 du code de la construction et de l'habitation ;\n1/4\n\nVu les articles R164-3 \u00e0 R164-5 du code de la construction et de l'habitation;\nVu le d\u00e9cret n\u00b0 2006-555 du 17 mai 2006, relatif a l'accessibilit\u00e9 des\n\u00e9tablissements recevant du public, des installations ouvertes au public et des\nb\u00e2timents d'habitation et les textes pris pour son application ;\nVu l'arr\u00eat\u00e9 du 08 d\u00e9cembre 2014 fixant les dispositions prises pour\nl'application des articles R. 111-19-7 \u00e0 R. 1119-11 du code de la construction et\nde l'habitation et de l'article 14 du d\u00e9cret n\u00b02006-555 relatives \u00e0 l'accessibilit\u00e9\naux personnes handicap\u00e9es des \u00e9tablissements recevant du public situ\u00e9s\ndans un cadre b\u00e2ti existant et des installations existantes ouvertes au public ;\nVu l'arr\u00eat\u00e9 pr\u00e9fectoral n\u00b0 643 du 01 janvier 2010 modifi\u00e9, portant cr\u00e9ation de\nla commission consultative d\u00e9partementale de s\u00e9curit\u00e9 et d'accessibilit\u00e9 ;\nVu l'arr\u00eat\u00e9 pr\u00e9fectoral n\u00b0 52-2023-06-00241 du 27 juin 2023, portant cr\u00e9ation\nde la sous-commission d\u00e9partementale pour l'accessibilit\u00e9 aux personnes\nhandicap\u00e9es ;\nVu l'arr\u00eat\u00e9 n\u00b052-2024-03-00015 en date du 07 mars 2024 portant d\u00e9l\u00e9gation\nde signature en mati\u00e8re d'administration g\u00e9n\u00e9rale \u00e0 Monsieur Xavier Logerot,\nDirecteur D\u00e9partemental des Territoires de la Haute-Marne ;\nVu l'arr\u00eat\u00e9 pr\u00e9fectoral n\u00b02025/02 du 06 mai 2025 portant subd\u00e9l\u00e9gation de\nsignature en mati\u00e8re d'administration g\u00e9n\u00e9rale ;\nVu la demande de d\u00e9rogation pr\u00e9sent\u00e9e par la commune de Chateauvillain -\nPlace de l'H\u00f4tel de Ville - 52120 CH\u00c2TEAUVILLAIN - en date du 30/04/2025,\nrelative \u00e0 l'impossibilit\u00e9 de respecter les dispositions de l'article 2 (Il.\ncheminements ext\u00e9rieurs- caract\u00e9ristiques minimales 2\u00b0 caract\u00e9ristiques\ndimensionnelles a) profil en long) de l'arr\u00eat\u00e9 du 8 d\u00e9cembre 2014,\nconcernant :\n+ l'obligation de r\u00e9aliser un cheminement accessible permettant aux\npersonnes en situation de handicap moteur, notamment celles se d\u00e9pla\u00e7ant\nen fauteuil roulant, d'acc\u00e9der \u00e0 tout \u00e9quipement ou am\u00e9nagement ouvert au\npublic, dans le cadre de travaux de mise en conformit\u00e9 totale aux r\u00e8gles\nd'accessibilit\u00e9 de l'espace mus\u00e9al Petit Ours Brun, sis 14 bis rue de Penthi\u00e8vre\n52120 CHATEAUVILLAIN;\nVu la mesure de substitution propos\u00e9e par le demandeur pour assurer\nl'accessibilit\u00e9 des personnes handicap\u00e9es (r\u00e9alisation depuis l'issue de\nsecours du b\u00e2timent espace mus\u00e9al, d'un cheminement pi\u00e9ton ainsi qu'un\nescalier plus confortable pour les visiteurs que celui existant);\nVu l'avis favorable de la commission consultative d\u00e9partementale de s\u00e9curit\u00e9\n2/4\n\net d'accessibilit\u00e9, si\u00e9geant en sous-commission d\u00e9partementale pour\nl'accessibilit\u00e9 aux personnes handicap\u00e9es, en date du 08 juillet 2025;\nConsid\u00e9rant que, en application des articles R164-1 \u00e0 R164-3 du code de la\nconstruction et de l'habitation, le pr\u00e9fet peut accorder des d\u00e9rogations au\nregard des r\u00e8gles d'accessibilit\u00e9, s'agissant de travaux portant sur un\n\u00e9tablissement recevant du public situ\u00e9 dans un cadre b\u00e2ti existant ;\nConsid\u00e9rant la disproportion manifeste entre les am\u00e9liorations apport\u00e9es\npar la mise en \u0153uvre des prescriptions techniques d'accessibilit\u00e9, d'une part,\net leurs effets sur l'usage du b\u00e2timent d'autre part,\nARR\u00caTE :\nArticle 1:\nLa d\u00e9rogation aux dispositions de l'article 2 (Il. cheminements ext\u00e9rieurs-\ncaract\u00e9ristiques minimales 2\u00b0 caract\u00e9ristiques dimensionnelles a) profil en\nlong) de l'arr\u00eat\u00e9 du 8 d\u00e9cembre 2014, concernant l'obligation de r\u00e9aliser un\ncheminement accessible permettant aux personnes en situation de handicap\nmoteur, notamment celles se d\u00e9pla\u00e7ant en fauteuil roulant, d'acc\u00e9der \u00e0 tout\n\u00e9quipement ou am\u00e9nagement ouvert au public, est accord\u00e9e \u00e0 la commune\nde Ch\u00e2teauvillain - Place de l'H\u00f4tel de Ville \u2014 52120 CHATEAUVILLAIN \u2014 pour\ndes travaux de mise en conformit\u00e9 totale aux r\u00e8gles d'accessibilit\u00e9 de\nl'espace mus\u00e9al Petit Ours Brun, sis 14 bis rue de Penthi\u00e8vre\n52120 CH\u00c2TEAUVILLAIN.\nArticle 2 :_\nLe demandeur doit mettre en \u0153uvre la mesure de substitution propos\u00e9e\ndans le cadre de la demande de d\u00e9rogation.\nArticle 3 :\nConform\u00e9ment aux articles R. 421-1 \u00e0 R. 421-5 du Code de justice\nadministrative, la pr\u00e9sente d\u00e9cision peut faire l'objet d'un recours\ncontentieux devant le tribunal administratif de Ch\u00e2lons-en-Champagne.\n3/4\n\nLe Tribunal Administratif peut \u00eatre saisi par un recours d\u00e9pos\u00e9 via\nl'application T\u00e9l\u00e9recours citoyens accessible pour le site internet\nwww.telerecours.fr. Le d\u00e9lai de recours est de deux mois \u00e0 compter de la\ndate de notification de l'arr\u00eat\u00e9. Dans le cas du recours gracieux ou du recours\nhi\u00e9rarchique, l'absence de r\u00e9ponse dans un d\u00e9lai de deux mois \u00e0 compter de\nla r\u00e9ception du recours \u00e9quivaut \u00e0 un rejet implicite ouvrant droit \u00e0 un\nnouveau d\u00e9lai de recours contentieux de deux mois.\nArticle 4:\nMonsieur le Secr\u00e9taire G\u00e9n\u00e9ral de la Pr\u00e9fecture, Monsieur le Directeur\nD\u00e9partemental des Territoires, Madame le Maire de Ch\u00e2teauvillain, sont\ncharg\u00e9s, chacun en ce qui le concerne, de l'application du pr\u00e9sent arr\u00eat\u00e9 qui\nsera publi\u00e9 au recueil des actes administratifs.\nChaumont, le 44 JUIL 2025\nPour la Pr\u00e9f\u00e8te et par d\u00e9l\u00e9gation,\nLe Directeur D\u00e9partemental des Territoires\nXavier FOGEROT\n4/4\n\nPREFET Direction d\u00e9partementaleDE LA HAUTE-MARNE des tartitessLibert\u00e9 rritoiresPe\nSERVICE ENVIRONNEMENT ET FORETARRETE N\u00b0 DUportant application du r\u00e9gime forestier a des terrains sis a CHAUFFOURT\nLe Directeur d\u00e9partemental des territoiresVU les articles L 211-1 et L 214-3 du Code Forestier;VU la d\u00e9lib\u00e9ration du conseil municipal de CHAUFFOURT en date du 05/12/2024;VU le plan des lieux;VU l'avis du directeur d'agence de l'Office National des For\u00eats en date du 25/06/2025;VU l'arr\u00eat\u00e9 pr\u00e9fectoral n\u00b0 52-2024-03-00015 du 07 mars 2024 portant d\u00e9l\u00e9gation de signatureen mati\u00e8re d'administration g\u00e9n\u00e9rale \u00e0 Monsieur Xavier LOGEROT, Directeur d\u00e9partemental desterritoires de la Haute-Marne;VU l'arr\u00eat\u00e9 pr\u00e9fectoral n\u00b0 2025/02 du 06 mai 2025, portant d\u00e9l\u00e9gation de signature en mati\u00e8red'administration g\u00e9n\u00e9rale \u00e0 Monsieur Laurent LIOUVILLE, adjoint au chef du service environnement etfor\u00e9t, DECIDE:Article 1: rel\u00e8ve du r\u00e9gime forestier la parcelle de terrain d\u00e9sign\u00e9e au tableau suivant :\ncontenancesectio getsn\u00b0 Territoire communaln ha | a caPersonned\u00e9partement morale lieu-ditpropri\u00e9taireHaute-Marne | Commune | BOIS DE CHAUFFOURT OA 1p | 15 | 71 | 00CHAUFFOURTTOTAL 15 | 71 | 00\n52-2025-07-00076\n16 juillet 2025\nArticle 2: Monsieur le Secr\u00e9taire G\u00e9n\u00e9ral de la Pr\u00e9fecture de la Haute-Marne, Monsieur le\nDirecteur D\u00e9partemental des Territoires, Monsieur le Directeur d'Agence d\u00e9partementale de l'Office\nNational des For\u00eats sont charg\u00e9s, chacun en ce qui le concerne, de l'ex\u00e9cution du pr\u00e9sent arr\u00eat\u00e9 qui\nsera affich\u00e9 dans la commune de CHAUFFOURT et ins\u00e9r\u00e9 au Recueil des Actes Administratifs de la\nPr\u00e9fecture.\nChaumont, le { 6 JUIL. 2025\nAdjoint au chef du serviceenvironnement et for\u00e9t\nVoies et d\u00e9lais de recours : Le pr\u00e9sent arr\u00eat\u00e9 peut faite l'objet d'un recours contentieux devant le\ntribunal administratif de Ch\u00e2lons en Champagne, dans un d\u00e9lai de deux mois \u00e0 compter de sa publication.\nCe recours peut \u00eatre d\u00e9pos\u00e9 sur le site www.telerecours.fr. Ce d\u00e9lai est prorog\u00e9 si un recours administratif\n(gracieux ou hi\u00e9rarchique) est introduit dans le m\u00eame d\u00e9lai de deux mois \u00e0 compte de sa publication.\n2/2\n\n| 3PREFETDE LA HAUTE-MARNELibert\u00e9Egalit\u00e9Fraternit\u00e9\nSERVICE ENVIRONNEMENT ET FORETARR\u00caT\u00c9 N\u00b0\nDirection d\u00e9partementale\nDU\ndes territoires\nportant application du r\u00e9gime forestier \u00e0 des terrains sis \u00e0 MAREILLES\nLe Directeur d\u00e9partemental des territoiresVU les articles L 211-1 et L 214-3 du Code Forestier;VU la d\u00e9lib\u00e9ration du conseil municipal de MAREILLES en date du 02/01/2021;VU le plan des lieux;VU l'avis du directeur d'agence de l'Office National des For\u00eats en date du 02/06/2025;VU l'arr\u00eat\u00e9 pr\u00e9fectoral n\u00b0 52-2024-03-00015 du 07 mars 2024 portant d\u00e9l\u00e9gation de signatureen mati\u00e8re d'administration g\u00e9n\u00e9rale \u00e0 Monsieur Xavier LOGEROT, Directeur d\u00e9partemental desterritoires de la Haute-Marne:VU l'arr\u00eat\u00e9 pr\u00e9fectoral n\u00b0 2025/02 du 06 mai 2025, portant d\u00e9l\u00e9gation de signature en mati\u00e8red'administration g\u00e9n\u00e9rale \u00e0 Monsieur Laurent LIOUVILLE, adjoint au chef du service environnement etfor\u00eat, D\u00c9CIDE:Article 1 : rel\u00e8vent du r\u00e9gime forestier les parcelles de terrain d\u00e9sign\u00e9es au tableau suivant :\nPersonne b\u00e9 contenanced\u00e9partement morale lieu-dit n\u00b0 Territoire communalce n ha| \u00e0 | capropri\u00e9taireLA COTE PIERROTTE oD 91 O | 17 | 20LA COTE PIERROTTE oD 92 | O | 13 | 38LA COTE PIERROTTE oD 93 | O | 99 | 22Haute-Marne | Commune LES MAZEES OD 118 | 3 | 78 | 90MAREILLESLES MAZEES OD 119 | O | 94 | 90LA COTE PIERROTTE oD 389 | 1 | 95 | 37LA COTE PIERROTTE 0D 400 | 2 | 64 | 86TOTAL 10 | 63 | 83\n16 juillet 2025\n52-2025-07-00077\nArticle 2: Monsieur le Secr\u00e9taire G\u00e9n\u00e9ral de la Pr\u00e9fecture de la Haute-Marne, Monsieur le\nDirecteur D\u00e9partemental des Territoires, Monsieur le Directeur d'Agence d\u00e9partementale de l'Office\nNational des For\u00eats sont charg\u00e9s, chacun en ce qui le concerne, de l'ex\u00e9cution du pr\u00e9sent arr\u00eat\u00e9 qui\nsera affich\u00e9 dans la commune de MAREILLES et ins\u00e9r\u00e9 au Recueil des Actes Administratifs de la\nPr\u00e9fecture.\nChaumont, le} \u00a7 JUIL. 2025\nAdjoint au chef du serviceenvironnement et for\u00e9t\nLau LIOUVILLE\nVoies et d\u00e9lais de recours : Le pr\u00e9sent arr\u00eat\u00e9 peut faite l'objet d'un recours contentieux devant le\ntribunal administratif de Ch\u00e2lons en Champagne, dans un d\u00e9lai de deux mois \u00e0 compter de sa publication.\nCe recours peut \u00eatre d\u00e9pos\u00e9 sur le site www.telerecours.fr. Ce d\u00e9lai est prorog\u00e9 si un recours administratif\n(gracieux ou hi\u00e9rarchique) est introduit dans le m\u00eame d\u00e9lai de deux mois \u00e0 compte de sa publication.\n2/2\n\nPREFET Direction d\u00e9partementaleDE LA HAUTE-MARNE dss t\u00e9r\u00e9t\u00e9aitbe es territoiresFraternit\u00e9\nSERVICE ENVIRONNEMENT ET FORETARRETE N\u00b0 DUportant application/distraction du r\u00e9gime forestier a des terrains sis a CHAUDENAY\nLe Directeur d\u00e9partemental des territoiresVU les articles L 211-1 et L 214-3 du Code Forestier;VU la d\u00e9lib\u00e9ration du conseil municipal de CHAUDENAY en date du 16/02/2024;VU le plan des lieux;VU l'avis du directeur d'agence de l'Office National des For\u00eats en date du 25/06/2025;VU l'arr\u00eat\u00e9 pr\u00e9fectoral n\u00b0 52-2024-03-00015 du 07 mars 2024 portant d\u00e9l\u00e9gation de signatureen mati\u00e8re d'administration g\u00e9n\u00e9rale \u00e0 Monsieur Xavier LOGEROT, Directeur d\u00e9partemental desterritoires de la Haute-Marne;VU l'arr\u00eat\u00e9 pr\u00e9fectoral n\u00b0 2025/02 du 06 mai 2025, portant d\u00e9l\u00e9gation de signature en mati\u00e8red'administration g\u00e9n\u00e9rale \u00e0 Monsieur Laurent LIOUVILLE, adjoint au chef du service environnement etfor\u00e9t, DECIDE:Article 1 :est distraite du r\u00e9gime forestier la parcelle de terrain d\u00e9sign\u00e9es au tableau suivant :\ncontenance en:rsonne morale , j \u00c0 TerritoirePersonne mora lieu-dit section n\u00b0d\u00e9partement propri\u00e9taire ha| Ha | a | communalHaute-Marne Commune LES ROCHOTTES ZB 70 2 | 86 | 50 | CHAUDENAY\n16 juillet 2025\n52-2025-07-00078\nArticle 2 : relevent du r\u00e9gime forestier les parcelles de terrain d\u00e9sign\u00e9es au tableau suivant :\nd\u00e9partement ee lieu-dit se A ae  Territoire communal\nLES ROCHOTTES ZB 138 | 2 | 58 | 50\nHaute-Marne CHAMP DES PIERRES AA 19 | O | 15 | 20\nCommune LA REVENUE zc | | 0 | 02| 80 CHAUDENAY\nLA REVENUE zc | 75 | 0 |09 | 40\nTOTAL 2 | 85 | 90\nArticle 3: Monsieur le Secr\u00e9taire G\u00e9n\u00e9ral de la Pr\u00e9fecture de la Haute-Marne, Monsieur le\nDirecteur D\u00e9partemental des Territoires, Monsieur le Directeur d'Agence d\u00e9partementale de l'Office\nNational des For\u00eats sont charg\u00e9s, chacun en ce qui le concerne, de l'ex\u00e9cution du pr\u00e9sent arr\u00eat\u00e9 qui\nsera affich\u00e9 dans la commune de CHAUDENAY et ins\u00e9r\u00e9 au Recueil des Actes Administratifs de la\nPr\u00e9fecture.\nChaumont, le{ 6 JUIL. 2025\nAdjoint au chef du serviceenvironnement et for\u00e9t\nLaurent LIOUVILLE\nVoies et d\u00e9lais de recours : Le pr\u00e9sent arr\u00eat\u00e9 peut faite l'objet d'un recours contentieux devant le\ntribunal administratif de Ch\u00e2lons en Champagne, dans un d\u00e9lai de deux mois \u00e0 compter de sa publication.\nCe recours peut \u00eatre d\u00e9pos\u00e9 sur le site www.telerecours.fr. Ce d\u00e9lai est prorog\u00e9 si un recours administratif\n(gracieux ou hi\u00e9rarchique) est introduit dans le m\u00eame d\u00e9lai de deux mois \u00e0 compte de sa publication.\n2/2\n\nPREFET Direction d\u00e9partementaleDE LA HAUTE-MARNE des territoiresLibert\u00e9\u00c9galit\u00e9Fraternit\u00e9\nSERVICE ENVIRONNEMENT ET FORETARR\u00caT\u00c9 N\u00b0 DUportant application du r\u00e9gime forestier \u00e0 des terrains sis \u00e0 RIVES-DERVOISES\nLe Directeur d\u00e9partemental des territoiresVU les articles L 211-1 et L 214-3 du Code Forestier;VU la d\u00e9lib\u00e9ration du conseil municipal de RIVES-DERVOISES en date du 22/06/2023;VU le plan des lieux;VU l'avis du directeur d'agence de l'Office National des For\u00eats en date du 03/02/2025;VU l'arr\u00eat\u00e9 pr\u00e9fectoral n\u00b0 52-2024-03-00015 du 07 mars 2024 portant d\u00e9l\u00e9gation de signatureen mati\u00e8re d'administration g\u00e9n\u00e9rale \u00e0 Monsieur Xavier LOGEROT, Directeur d\u00e9partemental desterritoires de la Haute-Marne:VU l'arr\u00eat\u00e9 pr\u00e9fectoral n\u00b0 2025/02 du 06 mai 2025, portant d\u00e9l\u00e9gation de signature en mati\u00e8red'administration g\u00e9n\u00e9rale \u00e0 Monsieur Laurent LIOUVILLE, adjoint au chef du service environnement etfor\u00eat, D\u00c9CIDE:Article 1 : rel\u00e8vent du r\u00e9gime forestier les parcelles de terrain d\u00e9sign\u00e9es au tableau suivant :\nPersonne contenanced\u00e9partement morale lieu-dit section | n\u00b0 h Territoire communalSAN a| \u00e0 | capropri\u00e9taireABBAYE D HACC 180ZL | 20 | O | 95 | 70LES SICHERONS 180ZS 91 | 2 | 82 | 32Haute-Marne | Commune LES GRANDES COTES 296ZL | 24 | O | 55 | 30RIVES-DERVOISESPRE VAUTHIER 296ZO | 27 | O | 69 | 40GRANDE VALLEE 296ZP | 06 | 1 | 10 | 80TOTAL 06 | 13 | 52\n52-2025-07-00079\n16 juillet 2025\nArticle 2: Monsieur le Secr\u00e9taire G\u00e9n\u00e9ral de la Pr\u00e9fecture de la Haute-Marne, Monsieur le\nDirecteur D\u00e9partemental des Territoires, Monsieur le Directeur d'Agence d\u00e9partementale de l'Office\nNational des For\u00eats sont charg\u00e9s, chacun en ce qui le concerne, de l'ex\u00e9cution du pr\u00e9sent arr\u00eat\u00e9 qui\nsera affich\u00e9 dans la commune de RIVES-DERVOISES et ins\u00e9r\u00e9 au Recueil des Actes Administratifs de la\nPr\u00e9fecture.\nChaumont, lei 6 JUIL. 2025\nAdjoint au chef du serviceenvironnement et for\u00eat\nVy,\nLaurent LIOUVILLE\nVoies et d\u00e9lais de recours : Le pr\u00e9sent arr\u00eat\u00e9 peut faite l'objet d'un recours contentieux devant le\ntribunal administratif de Ch\u00e2lons en Champagne, dans un d\u00e9lai de deux mois \u00e0 compter de sa publication.\nCe recours peut \u00eatre d\u00e9pos\u00e9 sur le site www.telerecours.fr. Ce d\u00e9lai est prorog\u00e9 si un recours administratif\n(gracieux ou hi\u00e9rarchique) est introduit dans le m\u00eame d\u00e9lai de deux mois \u00e0 compte de sa publication.\n2/2\n\nPREFET\nDELA HAUTE MARNE Direction d\u00e9partementale de l'emploi, du travail,\u00c9valit\u00e9 des solidarit\u00e9s et de la protection des populationsFraternit\u00e9\nR\u00e9c\u00e9piss\u00e9 de d\u00e9clarationd'un organisme de services \u00e0 la personneenregistr\u00e9 sous le N\u00b0 SAP942921966\nVu le code du travail et notamment les articles L.7231-1 \u00e0 L.7233-2, R.7232-16 \u00e0 R.7232-22, D.7231-1 et D.7233-1 \u00e0D.7233-5;\nLa pr\u00e9f\u00e9te de la Haute-Marne\nConstate :Qu'une d\u00e9claration d'activit\u00e9s de services \u00e0 la personne a \u00e9t\u00e9 d\u00e9pos\u00e9e aupr\u00e8s de la DDETSPP de la Haute-Marne,le 1\u00ae juillet 2025 par Monsieur J\u00e9r\u00e9my GRAJA en qualit\u00e9 de dirigeant, pour l'organisme \u00ab GRAJA J\u00e9r\u00e9my \u00bb dontl'\u00e9tablissement principal est situ\u00e9 17, rue de la Voivre 52000 BUXIERES LES VILLIERS et enregistr\u00e9 sous le N\u00b0SAP942921966 pour les activit\u00e9s suivantes :\nActivit\u00e9s relevant uniquement de la d\u00e9claration (mode prestataire) :\n+ entretien de la maison et travaux m\u00e9nagers ;+ petits travaux de jardinage ;+ travaux de petit bricolage.\nToute modification concernant les activit\u00e9s exerc\u00e9es devra faire l'objet d'une d\u00e9claration modificative pr\u00e9alable.\nSous r\u00e9serve d'une comptabilit\u00e9 s\u00e9par\u00e9e pour les personnes morales dispens\u00e9es de cette condition, ces activit\u00e9souvrent droit au b\u00e9n\u00e9fice des dispositions des articles L.7233-2 du code du travail et L.241-10 du code de las\u00e9curit\u00e9 sociale dans les conditions pr\u00e9vues par ces articles.\nLes effets de la d\u00e9claration courent \u00e0 compter du jour du d\u00e9p\u00f4t de la d\u00e9claration sous r\u00e9serve des dispositions del'article R.7232-18 du code du travail.\nLe pr\u00e9sent r\u00e9c\u00e9piss\u00e9 n'est pas limit\u00e9 dans le temps.\nL'enregistrement de la d\u00e9claration peut \u00eatre retir\u00e9 dans les conditions fix\u00e9es aux articles R.7232-20 \u00e0 R.7232-22 ducode du travail.\nLe pr\u00e9sent r\u00e9c\u00e9piss\u00e9 est publi\u00e9 au recueil des actes administratifs de la pr\u00e9fecture.\nFait \u00e0 Chaumont, le 09 juillet 2025\nLa pr\u00e9sente d\u00e9cision peut, \u00e0 compter de sa publication, faire l'objet d'un recours gracieux aupr\u00e8s de la DDETSPP de la Haute-Marne ou d'un recourshi\u00e9rarchique adress\u00e9 au ministre charg\u00e9 de l'\u00e9conomie - Direction g\u00e9n\u00e9rale des entreprises - sous-direction des services marchands, 6, rue Louise Weiss,75703 Paris cedex 13.Elle peut \u00e9galement faire l'objet d'un recours contentieux dans un d\u00e9lai de deux mois \u00e0 compter de sa publication aupr\u00e8s du Tribunal Administratif deChalons en Champagne.25, rue du Lyc\u00e9e. 51000 Chalons en Champagne.Le tribunal administratif peut \u00eatre saisi par l'application informatique \u00ab T\u00e9l\u00e9recours citoyen \u00bb accessible sur le site internet www.telerecours ftEn cas de rejet du recours gracieux ou hi\u00e9rarchique ou en l'absence de r\u00e9ponse \u00e0 ce recours (rejet implicite), un recours contentieux devant le tribunaladministratif peut \u00e9galement \u00eatre form\u00e9 contre la d\u00e9cision initiale dans un d\u00e9lai de deux mois \u00e0 compter de ce rejet.\nPage 1 sur 1\n\nPREFETDE LA HAUTE-MARNE Direction d\u00e9partementale de l'emploi, du travail,Elite des solidarit\u00e9s et de la protection des populationsFraternit\u00e9\nR\u00e9c\u00e9piss\u00e9 de d\u00e9clarationd'un organisme de services \u00e0 la personneenregistr\u00e9 sous le N\u00b0 SAP941046757\nVu le code du travail et notamment les articles L.7231-1 \u00e0 L.7233-2, R.7232-16 \u00e0 R.7232-22, D.7231-1 et D.7233-1 \u00e0\nD.7233-5;\nLa pr\u00e9f\u00e9te de la Haute-Marne\nConstate :\nQu'une d\u00e9claration d'activit\u00e9s de services \u00e0 la personne a \u00e9t\u00e9 d\u00e9pos\u00e9e aupr\u00e8s de la DDETSPP de la Haute-Marne,le 20 juin 2025 par Madame M\u00e9lanie GUERELLE en qualit\u00e9 de dirigeant, pour l'organisme \u00ab HARMONIE \u00c0DOMICILE \u00bb dont l'\u00e9tablissement principal est situ\u00e9 25, rue des Picards 52220 LA PORTE DU DER\net enregistr\u00e9 sous le N\u00b0 SAP941046757 pour les activit\u00e9s suivantes :\nActivit\u00e9s relevant uniquement de la d\u00e9claration (mode prestataire) :\n+ Livraison de courses \u00e0 domicile ;\nEntretien de la maison et travaux m\u00e9nagers ;\n+ Soins d'esth\u00e9tique \u00e0 domicile pour personnes d\u00e9pendantes ;\n+ Collecte et livraison \u00e0 domicile de linge repass\u00e9 ;\n+ Assistance aux personnes ayant besoin d'une aide temporaire \u00e0 leur domicile.\nToute modification concernant les activit\u00e9s exerc\u00e9es devra faire l'objet d'une d\u00e9claration modificative pr\u00e9alable.\nSous r\u00e9serve d'\u00eatre exerc\u00e9es \u00e0 titre exclusif ces activit\u00e9s ouvrent droit au b\u00e9n\u00e9fice des dispositions des articlesL.7233-2 du code du travail et L.241-10 du code de la s\u00e9curit\u00e9 sociale dans les conditions pr\u00e9vues par ces articles.\nLes effets de la d\u00e9claration courent \u00e0 compter du jour du d\u00e9p\u00f4t de la d\u00e9claration sous r\u00e9serve des dispositions del'article R.7232-18 du code du travail.\nLe pr\u00e9sent r\u00e9c\u00e9piss\u00e9 n'est pas limit\u00e9 dans le temps. La d\u00e9claration a une port\u00e9e nationale.\nL'enregistrement de la d\u00e9claration peut \u00eatre retir\u00e9 dans les conditions fix\u00e9es aux articles R.7232-20 \u00e0 R.7232-22 ducode du travail.\nLe pr\u00e9sent r\u00e9c\u00e9piss\u00e9 est publi\u00e9 au recueil des actes administratifs de la pr\u00e9fecture.\nFait \u00e0 Chaumont, le 10 juillet 2025\nrice et par d\u00e9l\u00e9gationDirecteur adjoint\nMicka\u00ebl MAROT\nLa pr\u00e9sente d\u00e9cision peut, \u00e0 compter de sa publication, faire l'objet d'un recours gracieux aupr\u00e8s de la DDETSPP de la Haute-Marne ou d'un recourshi\u00e9rarchique adress\u00e9 au ministre charg\u00e9 de l'\u00e9conomie - Direction g\u00e9n\u00e9rale des entreprises - sous-direction des services marchands, 6, rue Louise Weiss,75703 Paris cedex 13.Elle peut \u00e9galement faire l'objet d'un recours contentieux dans un d\u00e9lai de deux mois \u00e0 compter de sa publication aupr\u00e8s du Tribunal Administratif deChalons en Champagne.25, rue du Lyc\u00e9e. 51000 Chalons en Champagne.Le tribunal administratif peut \u00eatre saisi par l'application informatique \u00ab T\u00e9l\u00e9recours citoyen \u00bb accessible sur le site internet www.telerecours frEn cas de rejet du recours gracieux ou hi\u00e9rarchique ou en l'absence de r\u00e9ponse \u00e0 ce recours (rejet implicite), un recours contentieux devant le tribunaladministratif peut \u00e9galement \u00eatre form\u00e9 contre la d\u00e9cision initiale dans un d\u00e9lai de deux mois \u00e0 compter de ce rejet.\nPage 1 sur 1\n\nPREFETDELA HAUTE-MARNE Direction d\u00e9partementale de l'emploi, du travail,\neli  des solidarit\u00e9s et de la protection des populations\nR\u00e9c\u00e9piss\u00e9 de d\u00e9clarationd'un organisme de services \u00e0 la personneenregistr\u00e9 sous le N\u00b0 SAP940780380\nVu le code du travail et notamment les articles L.7231-1 \u00e0 L.7233-2, R.7232-16 \u00e0 R.7232-22, D.7231-1 et D.7233-1 \u00e0D.7233-5 ;\nLa pr\u00e9f\u00e9te de la Haute-Marne\nConstate :\nQu'une d\u00e9claration d'activit\u00e9s de services \u00e0 la personne a \u00e9t\u00e9 d\u00e9pos\u00e9e aupr\u00e8s de la DDETSPP de la Haute-Marne,le 19 mars 2025 par Monsieur S\u00e9bastien PIQU\u00c9E en qualit\u00e9 de dirigeant, pour l'organisme \u00ab SEB ESPACES VERTS \u00bbdont l'\u00e9tablissement principal est situ\u00e9 11, rue des Tilleuls 52360 CHARMES et enregistr\u00e9 sous le N\u00b0 SAP940780380pour les activit\u00e9s suivantes :\nActivit\u00e9s relevant uniquement de la d\u00e9claration (mode prestataire) :\n+ entretien de la maison et travaux m\u00e9nagers ;+ petits travaux de jardinage ;\n+ travaux de petit bricolage.\nToute modification concernant les activit\u00e9s exerc\u00e9es devra faire l'objet d'une d\u00e9claration modificative pr\u00e9alable.\nSous r\u00e9serve d'une comptabilit\u00e9 s\u00e9par\u00e9e pour les personnes morales dispens\u00e9es de cette condition, ces activit\u00e9souvrent droit au b\u00e9n\u00e9fice des dispositions des articles L.7233-2 du code du travail et L.241-10 du code de las\u00e9curit\u00e9 sociale dans les conditions pr\u00e9vues par ces articles.\nLes effets de la d\u00e9claration courent \u00e0 compter du jour du d\u00e9p\u00f4t de la d\u00e9claration sous r\u00e9serve des dispositions del'article R.7232-18 du code du travail.\nLe pr\u00e9sent r\u00e9c\u00e9piss\u00e9 n'est pas limit\u00e9 dans le temps.\nL'enregistrement de la d\u00e9claration peut \u00eatre retir\u00e9 dans les conditions fix\u00e9es aux articles R.7232-20 \u00e0 R.7232-22 ducode du travail.\nLe pr\u00e9sent r\u00e9c\u00e9piss\u00e9 est publi\u00e9 au recueil des actes administratifs de la pr\u00e9fecture.\nFait \u00e0 Chaumont, le 16 juillet 2025\nPour la Directrice D\u00e9partementale\nLa pr\u00e9sente d\u00e9cision peut, \u00e0 compter de sa publication, faire l'objet d'un recours gracieux aupr\u00e8s de la DDETSPP de la Haute-Marne ou d'un recourshi\u00e9rarchique adress\u00e9 au ministre charg\u00e9 de l'\u00e9conomie - Direction g\u00e9n\u00e9rale des entreprises - sous-direction des services marchands, 6, rue Louise Weiss,75703 Paris cedex 13.Elle peut \u00e9galement faire l'objet d'un recours contentieux dans un d\u00e9lai de deux mois \u00e0 compter de sa publication aupr\u00e8s du Tribunal Administratif deChalons en Champagne.25, rue du Lyc\u00e9e. 51000 Chalons en Champagne.Le tribunal administratif peut \u00eatre saisi par l'application informatique \u00ab T\u00e9l\u00e9recours citoyen \u00bb accessible sur le site internet www.telerecours fr.En cas de rejet du recours gracieux ou hi\u00e9rarchique ou en l'absence de r\u00e9ponse \u00e0 ce recours (rejet implicite), un recours contentieux devant le tribunaladministratif peut \u00e9galement \u00eatre form\u00e9 contre la d\u00e9cision initiale dans un d\u00e9lai de deux mois \u00e0 compter de ce rejet.\nPage 1 sur\n\nExR\u00c9PUBLIQUEFRAN\u00c7AISELibert\u00e9 \u00a9 DAgence R\u00e9gionale de Sant\u00e9ite Grand EstFratermit\u00e9\n  \n \nDECISION TARIFAIRE N\u00b03225 \nPORTANT FIXATION DU FORFAIT GLOBAL DE SOINS POUR 2025 DE \nEHPAD MARIE POCARD DE MARANVILLE - 520784521 \n \n \nLa Directrice G\u00e9n\u00e9rale de l'ARS Grand Est, \n \nVU le Code de l'Action Sociale et des Familles ; \n  \nVU le Code de la S\u00e9curit\u00e9 Sociale ; \n  \nVU la loi n\u00b02025-199 du 28 f\u00e9vrier 2025 de financement de la S\u00e9curit\u00e9 Sociale pour 2025 publi\u00e9e au \nJournal Officiel du 28/02/2025 ; \n  \nVU l'arr\u00eat\u00e9 minist\u00e9riel du 02/06/2025 publi\u00e9 au Journal Officiel du 06/06/2025 pris en application de \nl'article L314-3 du Code de l'Action Sociale et des Familles fixant, pour l'ann\u00e9e 2025 l'objectif \nglobal de d\u00e9penses d'assurance maladie et le montant total de d\u00e9penses pour les \u00e9tablissements et \nservices relevant de la Caisse nationale de solidarit\u00e9 pour l'autonomie ; \n  \nVU l'arr\u00eat\u00e9 du 6 juin 2025 fixant le montant de la participation journali\u00e8re forfaitaire des r\u00e9sidents aux \nd\u00e9penses d'entretien de l'autonomie dans les \u00e9tablissements relevant des I, II et IV bis de l'article \nL. 313-12 du code de l'action sociale et des familles implant\u00e9s dans les d\u00e9partements participant \u00e0 \nl'exp\u00e9rimentation mentionn\u00e9e \u00e0 l'article 79 de la loi n\u00b0 2023 -1250 du 26 d\u00e9cembre 2023 de \nfinancement de la s\u00e9curit\u00e9 sociale pour 2024, au titre de l'exercice 2025 ; \n  \nVU la d\u00e9cision du 02/06/2025  publi\u00e9e au Journal Officiel du 06/06/2025 relative aux dotations \nr\u00e9gionales limitatives 2025 et \u00e0 la moyenne nationale des besoins en soins requis 2025 ; \n  \nVU l'arr\u00eat\u00e9 du 28/05/2025 fixant pour 2025 les valeurs du point mentionn\u00e9e \u00e0 l'article 9 du d\u00e9cret n\u00b0 \n2025-168 du 20/02/2025 du code de l'action sociale et des familles publi\u00e9 au Journal Officiel du \n31/05/2025 ; \n  \nVU le d\u00e9cret du 21 mai 2024 portant nomination de Madame RATIGNIER-CARBONNEIL Christelle \nen qualit\u00e9 de Directrice G\u00e9n\u00e9rale de l'agence r\u00e9gionale de sant\u00e9 Grand Est ; \n  \nVU la d\u00e9cision de d\u00e9l\u00e9gation de signature de la Directrice G\u00e9n\u00e9rale de l'ARS vers le Directeur de \nHAUTE-MARNE en date du 22/05/2025 ; \n \nVU l'autorisation ou le renouvellement d'autorisation en date du 03/01/2017 de la structure \nEtablissement d'h\u00e9bergement pour personnes \u00e2g\u00e9es d\u00e9pendantes d\u00e9nomm\u00e9e EHPAD MARIE \nPOCARD DE MARANVILLE (520784521) sise 23 R DEMONGEOT-TISSOT 52370 Maranville \net g\u00e9r\u00e9e par l'entit\u00e9 d\u00e9nomm\u00e9e ASSOC ADEF REDISDENCES MARIE POCARD (940031552) ; \n  \n \n  \n\n \n \nArticle 1er A compter du 01er janvier 2025, le montant \u00e0 la charge de la 5 \u00e8me branche est fix\u00e9 \u00e0 581 468,96 \u20ac \nau titre de 2025, dont 0,00 de cr\u00e9dits non reconductibles vers\u00e9s en une seule fois. \n \nLa fraction forfaitaire mensuelle s'\u00e9tablit \u00e0 48 455,75 \u20ac. \n \nPour 2025, les tarifs sont d\u00e9compos\u00e9s comme suit : \n \n \n \nArticle 2 A compter du 1 er janvier 2026, en application de l'article L.314 -7 du CASF, le montant \u00e0 la \ncharge de la 5\u00e8me branche est fix\u00e9, \u00e0 titre transitoire, \u00e0 637 215,56 \u20ac. \n  \n Les tarifs de reconduction sont fix\u00e9s \u00e0 : \n \n Partie soins du forfait \nglobal unique N+1 \nPartie entretien de \nl'autonomie du forfait \nglobal unique N+1 \nParticipation des r\u00e9sidents \n\u00e0 d\u00e9duire de la dotation \nglobalis\u00e9e commune \nMontant \u00e0 la charge \nde la 5\u00e8me branche \nN+1 \nTarif journalier \nN+1 \nH\u00e9bergement \nPermanent 525 722,36 159 936,00 48 442,80 637 215,56 75,77 \nH\u00e9bergement \nTemporaire 0,00   0,00 0,00 \nUHR 0,00   0,00  \nPASA 0,00   0,00  \nAccueil de Jour 0,00   0,00 0,00 \nPlateforme de r\u00e9pit 0,00   0,00  \n \n La fraction forfaitaire mensuelle s'\u00e9tablit \u00e0 53 101,30 \u20ac. \n \nDECIDE \n Partie soins du forfait \nglobal unique \nPartie entretien de \nl'autonomie du forfait \nglobal unique \nParticipation des r\u00e9sidents \n\u00e0 d\u00e9duire de la dotation \nglobalis\u00e9e commune \nMontant \u00e0 la charge \nde la 5\u00e8me branche Tarif journalier \nH\u00e9bergement \nPermanent 525 722,36 79 968,00 24 221,40 581 468,96 69,14 \nH\u00e9bergement \nTemporaire 0,00   0,00 0,00 \nUHR 0,00   0,00  \nPASA 0,00   0,00  \nAccueil de Jour 0,00   0,00 0,00 \nPlateforme de r\u00e9pit 0,00   0,00  \nArticle 3 Les recours contentieux dirig\u00e9s contre la pr\u00e9sente d\u00e9cision doivent \u00eatre port\u00e9s devant le Tribunal \nAdministratif sis 6 Rue du Haut Bourgeois 54035 NANCY dans un d\u00e9lai de deux mois \u00e0 \ncompter de sa publication ou, pour les personnes auxquelles elle sera notifi\u00e9e, \u00e0 compter de sa \nnotification. Le tribunal administratif peut \u00eatre saisi par l'application \u00ab T\u00e9l\u00e9recours citoyens \u00bb \naccessible par le site www.telerecours.fr. \n  \nArticle 4 La pr\u00e9sente d\u00e9cision sera publi\u00e9e au recueil des actes administratifs. \n  \nArticle 5 La Directrice G\u00e9n\u00e9rale de l'ARS Grand Est est charg\u00e9e de l'ex\u00e9cution de la pr\u00e9sente d\u00e9cision \nqui sera notifi\u00e9e \u00e0 l'entit\u00e9 gestionnaire ASSOC ADEF REDISDENCES MARIE POCARD \n(940031552) et \u00e0 l'\u00e9tablissement concern\u00e9. \n \nFait \u00e0 Chaumont, le 23 juin 2025.   \n \nEsREPUBLIQUEFRANCAISELibert\u00e9 \u00a9 D Agence R\u00e9gionale de Sant\u00e9: Grand EstKgatiteFratersit\u00e9\n1 \n \n \nDECISION TARIFAIRE N\u00b03226 \nPORTANT FIXATION DE LA DOTATION GLOBALE DE SOINS POUR 2025 DE \nSSIAD POUGNY - 520784083 \n \n \nLa Directrice G\u00e9n\u00e9rale de l'ARS Grand Est, \n \nVU le Code de l'Action Sociale et des Familles ; \n  \nVU le Code de la S\u00e9curit\u00e9 Sociale ; \n  \nVU la loi n\u00b0 2025 -199 du 28 f\u00e9vrier 2025 de financement de la S\u00e9curit\u00e9 Sociale pour 2025 \npubli\u00e9e au Journal Officiel du 28/02/2025 ; \n  \nVU l'arr\u00eat\u00e9 minist\u00e9riel du 02/06/2025 publi\u00e9 au Journal Officiel du 06/06/2025 pris en \napplication de l'article L314 -3 du Code de l'Action Sociale et des Familles fixant, pour \nl'ann\u00e9e 2025 l'objectif global de d\u00e9penses d'assurance maladie et le montant total de \nd\u00e9penses pour les \u00e9tablissements et services relevant de la Caisse nationale de solidarit\u00e9 pour \nl'autonomie ; \n  \nVU la d\u00e9cision du 02/06/2025 publi\u00e9e au Journal Officiel du 06/06/2025 relative aux dotations \nr\u00e9gionales limitatives 2025 et \u00e0 la moyenne nationale des besoins en soins requis 2025 ; \n \nVU le d\u00e9cret n\u00b0 2023 -323 relatif \u00e0 la tarification des soins infirmiers \u00e0 domicile pour les \npersonnes \u00e2g\u00e9es et personnes handicap\u00e9es publi\u00e9 au Journal Officiel du 28 avril 2023 ; \n \nVU l'arr\u00eat\u00e9 du 28 mai 2025 fixant pour 2025 les montants forfaitaires mentionn\u00e9s aux II et III de \nl'article R. 314-138 du code de l'action sociale et des familles et le taux de revalorisation des \nproduits de la tarification reconductibles aff\u00e9rents aux soins applicables aux services \nproposant des prestations de soins infirmiers \u00e0 domicile pour les personnes \u00e2g\u00e9es et les \npersonnes en situation de handicap ; \n \nVU l'arr\u00eat\u00e9 du 2 8 mai 202 5 fixant pour 202 5 le taux de revalorisation des produits de la \ntarification reconductibles aff\u00e9rents aux soins applicables aux services proposant des \nprestations de soins infirmiers \u00e0 domicile pour les personnes \u00e2g\u00e9es et les personnes en \nsituation de handicap ; \n \nVU le d\u00e9cret du 21 mai 2024 portant nomination de Madame RATIGNIER -CARBONNEIL \nChristelle en qualit\u00e9 de Directrice G\u00e9n\u00e9rale de l'agence r\u00e9gionale de sant\u00e9 Grand Est ; \n \nVU la d\u00e9cision de d\u00e9l\u00e9gation de signature de la Directrice G\u00e9n\u00e9rale de l'ARS vers le Directeur \nde HAUTE-MARNE en date du 22/05/2025 ; \n \nVU l'autorisation ou le renouvellement d'autorisation en date du 03/01/2017 de la structure \nService de Soins Infirmiers A Domicile (S.S.I.A.D) d\u00e9nomm\u00e9e SSIAD POUGNY \n(520784083) sise 4 R POUGNY 52270 Doulaincourt -Saucourt et g\u00e9r\u00e9e par l'entit\u00e9 \nd\u00e9nomm\u00e9e MAISON DE RETRAITE (520000159) ; \n \n  \n\n2 \n \n \nDECIDE \n \nArticle 1er A compter du 1er janvier 2025, la dotation globale de soins est fix\u00e9e \u00e0 714 887,26 \u20ac au titre de \n2025 dont 0,00 \u20ac de cr\u00e9dits non reconductibles vers\u00e9s en une seule fois. Elle se r\u00e9partit \ncomme suit : \n \n - pour l'accueil de personnes \u00e2g\u00e9es  : 641  822,49 \u20ac (fraction forfaitaire s'\u00e9levant \u00e0 \n53 485,21 \u20ac) dont 0,00 \u20ac de cr\u00e9dits non reconductibles vers\u00e9s en une seule fois. Le prix de \njourn\u00e9e est fix\u00e9 \u00e0 45,70 \u20ac. \n \n - pour l'accueil de personnes handicap\u00e9es  : 73  064,77 \u20ac (fraction forfaitaire s'\u00e9levant \u00e0 \n6 088,73 \u20ac) dont 0,00 \u20ac de cr\u00e9dits non reconductibles vers\u00e9s en une seule fois. Le prix de \njourn\u00e9e est fix\u00e9 \u00e0 41,63 \u20ac. \n  \nArticle 2 A compter du 1 er janvier 2026 , en application de l'article L.314 -7 du CASF, la dotation \nglobale de soins est fix\u00e9e, \u00e0 titre transitoire, \u00e0 714 887,26 \u20ac : \n  \n- Pour l'accueil de personnes \u00e2g\u00e9es  : 641  822,49 \u20ac (douzi\u00e8me applicable s'\u00e9levant \u00e0 \n53 485,21 \u20ac). Le prix de journ\u00e9e de reconduction est fix\u00e9 \u00e0 45,70 \u20ac. \n  \n- pour l'accueil de personnes handicap\u00e9es  : 73 064,77 \u20ac (douzi\u00e8me applicable s'\u00e9levant \u00e0 \n6 088,73 \u20ac). Le prix de journ\u00e9e de reconduction est fix\u00e9 \u00e0 41,63 \u20ac. \n \nArticle 3 Les recours contentieux dirig\u00e9s contre la pr\u00e9sente d\u00e9cision doivent \u00eatre port\u00e9s devant le \nTribunal Administratif sis 6, Rue du Haut Bourgeois, 54035 NANCY dans un d\u00e9lai de deux \nmois \u00e0 compter de sa publication ou, pour les personnes auxquelles elle sera notifi\u00e9e, \u00e0 \ncompter de sa notification. Le tribunal administratif peut \u00eatre saisi par l'application \u00ab \nT\u00e9l\u00e9recours citoyens \u00bb accessible par le site www.telerecours.fr. \n  \nArticle 4 La pr\u00e9sente d\u00e9cision sera publi\u00e9e au recueil des actes administratifs. \n  \nArticle 5       \n \n \nLa Directrice G\u00e9n\u00e9rale de l'ARS Grand Est est charg\u00e9e de l'ex\u00e9cution de la pr\u00e9sente d\u00e9cision \nqui sera notifi\u00e9e \u00e0 l'entit\u00e9 gestionnaire MAISON DE RETRAITE (520000159) et \u00e0 \nl'\u00e9tablissement concern\u00e9. \n \n \n \nFait \u00e0 Chaumont, le 23 juin 2025. \n \n \n \n \n \n \nExR\u00c9PUBLIQUEFRAN\u00c7AISELibert\u00e9Eeabitt#\nAr\u00a9 D Age Regionale de Sant\u00e9Grand Est\n1 \n \n \nDECISION TARIFAIRE N\u00b03227 \nPORTANT FIXATION DE LA DOTATION GLOBALE DE SOINS POUR 2025 DE \nSSIAD AU BRIN D'OSIER - 520784059 \n \n \nLa Directrice G\u00e9n\u00e9rale de l'ARS Grand Est, \n \nVU le Code de l'Action Sociale et des Familles ; \n  \nVU le Code de la S\u00e9curit\u00e9 Sociale ; \n  \nVU la loi n\u00b0 2025 -199 du 28 f\u00e9vrier 2025 de financement de la S\u00e9curit\u00e9 Sociale pour 2025 \npubli\u00e9e au Journal Officiel du 28/02/2025 ; \n  \nVU l'arr\u00eat\u00e9 minist\u00e9riel du 02/06/2025 publi\u00e9 au Journal Officiel du 06/06/2025 pris en \napplication de l'article L314 -3 du Code de l'Action Sociale et des Familles fixant, pour \nl'ann\u00e9e 2025 l'objectif global de d\u00e9penses d'assurance maladie et le montant total de \nd\u00e9penses pour les \u00e9tablissements et services relevant de la Caisse nationale de solidarit\u00e9 pour \nl'autonomie ; \n  \nVU la d\u00e9cision du 02/06/2025 publi\u00e9e au Journal Officiel du 06/06/2025  relative aux dotations \nr\u00e9gionales limitatives 2025 et \u00e0 la moyenne nationale des besoins en soins requis 2025 ; \n \nVU le d\u00e9cret n\u00b0 2023 -323 relatif \u00e0 la tarification des soins infirmiers \u00e0 domicile pour les \npersonnes \u00e2g\u00e9es et personnes handicap\u00e9es publi\u00e9 au Journal Officiel du 28 avril 2023 ; \n \nVU l'arr\u00eat\u00e9 du 28 mai 2025 fixant pour 2025 les montants forfaitaires mentionn\u00e9s aux II et III de \nl'article R. 314-138 du code de l'action sociale et des familles et le taux de revalorisation des \nproduits de la tarification reconductibles aff\u00e9rents aux soins applicables aux services \nproposant des prestations de soins infirmiers \u00e0 domicile pour les personnes \u00e2g\u00e9es et les \npersonnes en situation de handicap ; \n \nVU l'arr\u00eat\u00e9 du 2 8 mai 202 5 fixant pour 202 5 le taux de revalorisation des produits de la \ntarification reconductibles aff\u00e9rents aux soins applicables aux services proposant des \nprestations de soins infirmiers \u00e0 domicile pour les personnes \u00e2g\u00e9es et les personnes en \nsituation de handicap ; \n \nVU le d\u00e9cret du 21 mai 2024 portant nomination de Madame RATIGNIER -CARBONNEIL \nChristelle en qualit\u00e9 de Directrice G\u00e9n\u00e9rale de l'agence r\u00e9gionale de sant\u00e9 Grand Est ; \n \nVU la d\u00e9cision de d\u00e9l\u00e9gation de signature de la  Directrice G\u00e9n\u00e9rale de l'ARS vers le Directeur \nde HAUTE-MARNE en date du 22/05/2025 ; \n \nVU l'autorisation ou le renouvellement d'autorisation en date du 03/01/2017 de la structure \nService de Soins Infirmiers A Domicile (S.S.I.A.D) d\u00e9nomm\u00e9e SSIAD AU BRIN D'OSIER \n(520784059) sise 4 PL DE L'EGLISE 52500 Fayl -Billot et g\u00e9r\u00e9e par l'entit\u00e9 d\u00e9nomm\u00e9e \nMAISON DE RETRAITE (520000167) ; \n \n  \n\n2 \n \n \n \nArticle 1er A compter du 1 er janvier 2025, la dotation globale de soins est fix\u00e9e \u00e0 630 881,59 \u20ac au titre de \n2025 dont 0,00 \u20ac de cr\u00e9dits non reconductibles vers\u00e9s en une seule fois. Elle se r\u00e9partit comme \nsuit : \n \n - pour l'accueil de personnes \u00e2g\u00e9es : 600 029,79 \u20ac (fraction forfaitaire s'\u00e9levant \u00e0 50 002,48 \u20ac) \ndont 0,00 \u20ac de cr\u00e9dits non reconductibles vers\u00e9s en une seule fois. Le prix de journ\u00e9e est fix\u00e9 \u00e0 \n73,12 \u20ac. \n \n - pour l'accueil de personnes handicap\u00e9es  : 30  851,80 \u20ac (fraction forfaitaire s'\u00e9levant \u00e0 \n2 570,98 \u20ac) dont 0,00 \u20ac de cr\u00e9dits non reconductibles vers\u00e9s en une seule fois. Le prix de \njourn\u00e9e est fix\u00e9 \u00e0 44,07 \u20ac. \n  \nArticle 2 A compter du 1er janvier 2026, en application de l'article L.314-7 du CASF, la dotation globale \nde soins est fix\u00e9e, \u00e0 titre transitoire, \u00e0 567 723,16 \u20ac : \n  \n- Pour l'accueil de personnes \u00e2g\u00e9es  : 541  228,27 \u20ac (douzi\u00e8me applicable s'\u00e9levant \u00e0 \n45 102,36 \u20ac). Le prix de journ\u00e9e de reconduction est fix\u00e9 \u00e0 65,96 \u20ac. \n \n - pour l'accueil de personnes handicap\u00e9es : 26  494,89 \u20ac (douzi\u00e8me applicable s'\u00e9levant \u00e0 \n2 207,91 \u20ac). Le prix de journ\u00e9e de reconduction est fix\u00e9 \u00e0 37,85 \u20ac. \n \nArticle 3 Les recours contentieux dirig\u00e9s contre la pr\u00e9sente d\u00e9cision doivent \u00eatre port\u00e9s devant le \nTribunal Administratif sis 6, Rue du Haut Bourgeois, 54035 NANCY dans un d\u00e9lai de deux \nmois \u00e0 compter de sa publication ou, pour les personnes auxquelles elle sera notifi\u00e9e, \u00e0 compter \nde sa notification. Le tribunal administratif peut \u00eatre saisi par l'application \u00ab T\u00e9l\u00e9recours \ncitoyens \u00bb accessible par le site www.telerecours.fr. \n  \nArticle 4 La pr\u00e9sente d\u00e9cision sera publi\u00e9e au recueil des actes administratifs. \n  \nArticle 5       \n \n \nLa Directrice G\u00e9n\u00e9rale de l'ARS Grand Est est charg\u00e9e de l'ex\u00e9cution de la pr\u00e9sente d\u00e9cision \nqui sera notifi\u00e9e \u00e0 l'entit\u00e9 gestionnaire MAISON DE RETRAITE (520000167) et \u00e0 \nl'\u00e9tablissement concern\u00e9. \n \n \nFait \u00e0 Chaumont, le 23 juin 2025. \n \n \n \n \n \n \n \nDECIDE \nExR\u00c9PUBLIQUEFRAN\u00c7AISELibert\u00e9Eeabitt#\nAr\u00a9 D Age Regionale de Sant\u00e9Grand Est\n1 \n \n \nDECISION TARIFAIRE N\u00b03228 \nPORTANT FIXATION DE LA DOTATION GLOBALE DE SOINS POUR 2025 DE \nSSIAD SAINT MARTIN - 520784034 \n \n \nLa Directrice G\u00e9n\u00e9rale de l'ARS Grand Est, \n \nVU le Code de l'Action Sociale et des Familles ; \n  \nVU le Code de la S\u00e9curit\u00e9 Sociale ; \n  \nVU la loi n\u00b0 2025 -199 du 28 f\u00e9vrier 2025 de financement de la S\u00e9curit\u00e9 Sociale pour 2025 \npubli\u00e9e au Journal Officiel du 28/02/2025 ; \n  \nVU l'arr\u00eat\u00e9 minist\u00e9riel du 02/06/2025 publi\u00e9 au Journal Officiel du 06/06/2025 pris en \napplication de l'article L314 -3 du Code de l'Action Sociale et des Familles fixant, pour \nl'ann\u00e9e 2025 l'objectif global de d\u00e9penses d'assurance maladie et le montant total de \nd\u00e9penses pour les \u00e9tablissements et services relevant de la Caisse nationale de solidarit\u00e9 pour \nl'autonomie ; \n  \nVU la d\u00e9cision du 02/06/2025 publi\u00e9e au Journal Officiel du 06/06/2025  relative aux dotations \nr\u00e9gionales limitatives 2025 et \u00e0 la moyenne nationale des besoins en soins requis 2025 ; \n \nVU le d\u00e9cret n\u00b0 2023 -323 relatif \u00e0 la tarification des soins infirmiers \u00e0 domicile pour les \npersonnes \u00e2g\u00e9es et personnes handicap\u00e9es publi\u00e9 au Journal Officiel du 28 avril 2023 ; \n \nVU l'arr\u00eat\u00e9 du 28 mai 2025 fixant pour 2025 les montants forfaitaires mentionn\u00e9s aux II et III de \nl'article R. 314-138 du code de l'action sociale et des familles et le taux de revalorisation des \nproduits de la tarification reconductibles aff\u00e9rents aux soins applicables aux services \nproposant des prestations de soins infirmiers \u00e0 domicile pour les personnes \u00e2g\u00e9es et les \npersonnes en situation de handicap ; \n \nVU l'arr\u00eat\u00e9 du 2 8 mai 202 5 fixant pour 202 5 le taux de revalorisation des produits de la \ntarification reconductibles aff\u00e9rents aux soins applicables aux services proposant des \nprestations de soins infirmiers \u00e0 domicile pour les personnes \u00e2g\u00e9es et les personnes en \nsituation de handicap ; \n \nVU le d\u00e9cret du 21 mai 2024 portant nomination de Madame RATIGNIER -CARBONNEIL \nChristelle en qualit\u00e9 de Directrice G\u00e9n\u00e9rale de l'agence r\u00e9gionale de sant\u00e9 Grand Est ; \n \nVU la d\u00e9cision de d\u00e9l\u00e9gation de signature de la  Directrice G\u00e9n\u00e9rale de l'ARS vers le Directeur \nde HAUTE-MARNE en date du 22/05/2025 ; \n \nVU l'autorisation ou le renouvellement d'autorisation en date du 03/01/2017 de la structure \nService de Soins Infirmiers A Domicile (S.S.I.A.D) d\u00e9nomm\u00e9e SSIAD SAINT MARTIN \n(520784034) sise 2 RTE DE LANGRES 52210 Arc -en-Barrois et g\u00e9r\u00e9e par l'entit\u00e9 \nd\u00e9nomm\u00e9e MAISON DE RETRAITE (520000134) ; \n \n  \n\n2 \n \n \n \nArticle 1er A compter du 1 er janvier 2025, la dotation globale de soins est fix\u00e9e \u00e0 533 332,18 \u20ac au titre de \n2025 dont 0,00 \u20ac de cr\u00e9dits non reconductibles vers\u00e9s en une seule fois. Elle se r\u00e9partit comme \nsuit : \n \n - pour l'accueil de personnes \u00e2g\u00e9es : 478 968,72 \u20ac (fraction forfaitaire s'\u00e9levant \u00e0 39 914,06 \u20ac) \ndont 0,00 \u20ac de cr\u00e9dits non reconductibles vers\u00e9s en une seule fois. Le prix de journ\u00e9e est fix\u00e9 \u00e0 \n49,48 \u20ac. \n - pour l'accueil de personnes handicap\u00e9es  : 54  363,46 \u20ac (fraction forfaitaire s'\u00e9levant \u00e0 \n4 530,29 \u20ac) dont 0,00 \u20ac de cr\u00e9dits non reconductibles vers\u00e9s en une seule fois. Le prix de \njourn\u00e9e est fix\u00e9 \u00e0 74,88 \u20ac. \n  \nArticle 2 A compter du 1er janvier 2026, en application de l'article L.314-7 du CASF, la dotation globale \nde soins est fix\u00e9e, \u00e0 titre transitoire, \u00e0 533 332,18 \u20ac : \n  \n- Pour l'accueil de personnes \u00e2g\u00e9es  : 478  968,72 \u20ac (douzi\u00e8me applicable s'\u00e9levant \u00e0 \n39 914,06 \u20ac). Le prix de journ\u00e9e de reconduction est fix\u00e9 \u00e0 49,48 \u20ac. \n \n - pour l'accueil de personnes handicap\u00e9es : 54  363,46 \u20ac (douzi\u00e8me applicable s'\u00e9levant \u00e0 \n4 530,29 \u20ac). Le prix de journ\u00e9e de reconduction est fix\u00e9 \u00e0 74,88 \u20ac. \n \nArticle 3 Les recours contentieux dirig\u00e9s contre la pr\u00e9sente d\u00e9cision doivent \u00eatre port\u00e9s devant le \nTribunal Administratif sis 6, Rue du Haut Bourgeois, 54035 NANCY dans un d\u00e9lai de deux \nmois \u00e0 compter de sa publication ou, pour les personnes auxquelles elle sera notifi\u00e9e, \u00e0 compter \nde sa notification. Le tribunal administratif peut \u00eatre saisi par l'application \u00ab T\u00e9l\u00e9recours \ncitoyens \u00bb accessible par le site www.telerecours.fr. \n  \nArticle 4 La pr\u00e9sente d\u00e9cision sera publi\u00e9e au recueil des actes administratifs. \n  \nArticle 5     \n \n \nLa Directrice G\u00e9n\u00e9rale de l'ARS Grand Est est charg\u00e9e de l'ex\u00e9cution de la pr\u00e9sente d\u00e9cision \nqui sera notifi\u00e9e \u00e0 l'entit\u00e9 gestionnaire MAISON DE RETRAITE (520000134) et \u00e0 \nl'\u00e9tablissement concern\u00e9. \n# \n \n \n \nFait \u00e0 Chaumont, le 23 juin 2025. \n \n \n \n \n \n \nDECIDE \nExR\u00c9PUBLIQUEFRAN\u00c7AISELibert\u00e9Eeabitt#\nAr\u00a9 D Age Regionale de Sant\u00e9Grand Est\n1 \n \n \nDECISION TARIFAIRE N\u00b03229 \nPORTANT FIXATION DE LA DOTATION GLOBALE DE SOINS POUR 2025 DE \nSSIAD DE SAINT-THIEBAULT - 520783002 \n \n \nLa Directrice G\u00e9n\u00e9rale de l'ARS Grand Est, \n \nVU le Code de l'Action Sociale et des Familles ; \n  \nVU le Code de la S\u00e9curit\u00e9 Sociale ; \n  \nVU la loi n\u00b0 2025 -199 du 28 f\u00e9vrier 2025 de financement de la S\u00e9curit\u00e9 Sociale pour 2025 publi\u00e9e au \nJournal Officiel du 28/02/2025 ; \n  \nVU l'arr\u00eat\u00e9 minist\u00e9riel du 02/06/2025 publi\u00e9 au Journal Officiel du 06/06/2025 pris en application de \nl'article L314-3 du Code de l'Action Sociale et des Familles fixant, pour l'ann\u00e9e 2025 l'objectif global \nde d\u00e9penses d'assurance maladie et le montant total de d\u00e9penses pour les \u00e9tablissements et services \nrelevant de la Caisse nationale de solidarit\u00e9 pour l'autonomie ; \n  \nVU la d\u00e9cision du 02/06/2025 publi\u00e9e au Journal Officiel du 06/06/2025 relative aux dotations r\u00e9gionales \nlimitatives 2025 et \u00e0 la moyenne nationale des besoins en soins requis 2025 ; \n \nVU le d\u00e9cret n\u00b0 2023-323 relatif \u00e0 la tarification des soins infirmiers \u00e0 domicile pour les personnes \u00e2g\u00e9es et \npersonnes handicap\u00e9es publi\u00e9 au Journal Officiel du 28 avril 2023 ; \n \nVU l'arr\u00eat\u00e9 du 28 mai 2025 fixant pour 2025 les montants forfaitaires mentionn\u00e9s aux II et III de l'article R. \n314-138 du code de l'action sociale et des familles et le taux de revalorisation des produits de la \ntarification reconductibles aff\u00e9rents aux soins applicables aux services proposant des prestations de \nsoins infirmiers \u00e0 domicile pour les personnes \u00e2g\u00e9es et les personnes en situation de handicap ; \n \nVU l'arr\u00eat\u00e9 du 2 8 mai 202 5 fixant pour 202 5 le taux de revalorisation des produits de la tarification \nreconductibles aff\u00e9rents aux soins applicables aux services proposant des prestations de soins infirmiers \n\u00e0 domicile pour les personnes \u00e2g\u00e9es et les personnes en situation de handicap ; \n \nVU le d\u00e9cret du 21 mai 2024 portant nomination de Madame RATIGNIER -CARBONNEIL Christelle en \nqualit\u00e9 de Directrice G\u00e9n\u00e9rale de l'agence r\u00e9gionale de sant\u00e9 Grand Est ; \n \nVU la d\u00e9cision de d\u00e9l\u00e9gation de signature de la Directrice G\u00e9n\u00e9rale de l'ARS vers le Directeur de HAUTE-\nMARNE en date du 22/05/2025 ; \n \nVU l'autorisation ou le renouvellement d'autorisation en date du 03/01/2017 de la structure Service de \nSoins Infirmiers A Domicile (S.S.I.A.D) d\u00e9nomm\u00e9e SSIAD DE SAINT -THIEBAULT (520783002) \nsise 63 R DU FAUBOURG DE FRANCE 52150 Bourmont -entre-Meuse-et-Mouzon et g\u00e9r\u00e9e par \nl'entit\u00e9 d\u00e9nomm\u00e9e ASSOC LES VIOLETTES BERGES DE LA MEUSE (520782996) ; \n \n  \n\n2 \n \n \n \nArticle 1er A compter du 1 er janvier 2025, la dotation globale de soins est fix\u00e9e \u00e0 912 330,60 \u20ac au titre de \n2025 dont 0,00 \u20ac de cr\u00e9dits non reconductibles vers\u00e9s en une seule fois. Elle se r\u00e9partit comme \nsuit : \n \n - pour l'accueil de personnes \u00e2g\u00e9es  : 806 830,54 \u20ac (fraction forfaitaire s'\u00e9levant \u00e0 67  235,88 \u20ac) \ndont 0,00 \u20ac de cr\u00e9dits non reconductibles vers\u00e9s en une seule fois. Le prix de journ\u00e9e est fix\u00e9 \u00e0 \n50,24 \u20ac. \n - pour l'accueil de personnes handicap\u00e9es  : 105  500,06 \u20ac (fraction forfaitaire s'\u00e9levant \u00e0 \n8 791,67 \u20ac) dont 0,00 \u20ac de cr\u00e9dits non reconductibles vers\u00e9s en une seule fois. Le prix de journ\u00e9e \nest fix\u00e9 \u00e0 48,17 \u20ac. \n  \nArticle 2 A compter du 1 er janvier 2026, en application de l'article L.314 -7 du CASF, la dotation globale \nde soins est fix\u00e9e, \u00e0 titre transitoire, \u00e0 898 570,23 \u20ac : \n  \n- Pour l'accueil de personnes \u00e2g\u00e9es  : 798  941,47 \u20ac (douzi\u00e8me applicable s'\u00e9levant \u00e0 \n66 578,46 \u20ac). Le prix de journ\u00e9e de reconduction est fix\u00e9 \u00e0 49,75 \u20ac. \n \n - pour l'accueil de personnes handicap\u00e9es  : 99  628,76 \u20ac (douzi\u00e8me applicable s'\u00e9levant \u00e0 \n8 302,40 \u20ac). Le prix de journ\u00e9e de reconduction est fix\u00e9 \u00e0 45,49 \u20ac. \n \nArticle 3 Les recours contentieux dirig\u00e9s contre la pr\u00e9sente d\u00e9cision doivent \u00eatre port\u00e9s devant le Tribunal \nAdministratif sis 6, Rue du Haut Bourgeois, 54035 NANCY dans un d\u00e9lai de deux mois \u00e0 \ncompter de sa publication ou, pour les personnes auxquelles elle sera notifi\u00e9e, \u00e0 compter de sa \nnotification. Le tribunal administratif peut \u00eatre saisi par l'application \u00ab T\u00e9l\u00e9recours citoyens \u00bb \naccessible par le site www.telerecours.fr. \n  \nArticle 4 La pr\u00e9sente d\u00e9cision sera publi\u00e9e au recueil des actes administratifs. \n  \nArticle 5 \n \nLa Directrice G\u00e9n\u00e9rale de l'ARS Grand Est est charg\u00e9e de l'ex\u00e9cution de la pr\u00e9sente d\u00e9cision qui \nsera notifi\u00e9e \u00e0 l'entit\u00e9 gestionnaire ASSOC LES VIOLETTES BERGES DE LA MEUSE \n(520782996) et \u00e0 l'\u00e9tablissement concern\u00e9. \n \n \n \nFait \u00e0 Chaumont, le 23 juin 2025. \n \n \n \n \n \n \nDECIDE \nExR\u00c9PUBLIQUEFRAN\u00c7AISELibert\u00e9 \u00a9 DAgence R\u00e9gionale de Sant\u00e9vee Grand EstFraternit\u00e9\n  \n \nDECISION TARIFAIRE N\u00b03230 \nPORTANT FIXATION DU FORFAIT GLOBAL DE SOINS POUR 2025 DE \nEHPAD LEGAY COLIN - 520780453 \n \n \nLa Directrice G\u00e9n\u00e9rale de l'ARS Grand Est, \n \nVU le Code de l'Action Sociale et des Familles ; \n  \nVU le Code de la S\u00e9curit\u00e9 Sociale ; \n  \nVU la loi n\u00b02025 -199 du 28 f\u00e9vrier 2025 de financement de la S\u00e9curit\u00e9 Sociale pour 2025 publi\u00e9e au \nJournal Officiel du 28/02/2025 ; \n  \nVU l'arr\u00eat\u00e9 minist\u00e9riel du 02/06/2025  publi\u00e9 au Journal Officiel du 06/06/2025 pris en application de \nl'article L314-3 du Code de l'Action Sociale et des Familles fixant, pour l'ann\u00e9e 2025 l'objectif \nglobal de d\u00e9penses d'assurance maladie et le montant total de d\u00e9penses pour les \u00e9tablissements et \nservices relevant de la Caisse nationale de solidarit\u00e9 pour l'autonomie ; \n  \nVU l'arr\u00eat\u00e9 du 6 juin 2025 fixant le montant de la participation journali\u00e8re forfaitaire des r\u00e9sidents aux \nd\u00e9penses d'entretien de l'autonomie dans les \u00e9tablissements relevant des I, II et IV bis de l'article L. \n313-12 du code de l'action sociale et des familles implant\u00e9s dans les d\u00e9partements participant \u00e0 \nl'exp\u00e9rimentation mentionn\u00e9e \u00e0 l'article 79 de la loi n\u00b0 2023 -1250 du 26 d\u00e9cembre 2023 de \nfinancement de la s\u00e9curit\u00e9 sociale pour 2024, au titre de l'exercice 2025 ; \n  \nVU la d\u00e9cision du 02/06/2025  publi\u00e9e au Journal Officiel du 06/06/2025 relative aux dotations \nr\u00e9gionales limitatives 2025 et \u00e0 la moyenne nationale des besoins en soins requis 2025 ; \n  \nVU l'arr\u00eat\u00e9 du 28/05/2025 fixant pour 2025 les valeurs du point mentionn\u00e9e \u00e0 l'article 9 du d\u00e9cret n\u00b0 \n2025-168 du 20/02/2025 du code de l'action sociale et des familles publi\u00e9 au Journal Officiel du \n31/05/2025 ; \n  \nVU le d\u00e9cret du 21 mai 2024 portant nomination de Madame RATIGNIER -CARBONNEIL Christelle \nen qualit\u00e9 de Directrice G\u00e9n\u00e9rale de l'agence r\u00e9gionale de sant\u00e9 Grand Est ; \n  \nVU la d\u00e9cision de d\u00e9l\u00e9gation de signature de la Directrice G\u00e9n\u00e9rale de l'ARS vers le Directeur de \nHAUTE-MARNE en date du 22/05/2025 ; \n \nVU l'autorisation ou le renouvellement d'autorisation en date du 03/01/2017 de la structure \nEtablissement d'h\u00e9bergement pour personnes \u00e2g\u00e9es d\u00e9pendantes d\u00e9nomm\u00e9e EHPAD LEGAY \nCOLIN (520780453) sise R DE SAINT AMAND 52230 Poissons et g\u00e9r\u00e9e par l'entit\u00e9 d\u00e9nomm\u00e9e \nMAISON DE RETRAITE DE POISSONS (520000175) ; \n  \n \n  \n\n \n \nArticle 1er A compter du 01er janvier 2025, le montant \u00e0 la charge de la 5\u00e8me branche est fix\u00e9 \u00e0 1 541 740,62 \u20ac \nau titre de 2025, dont 0,00 de cr\u00e9dits non reconductibles vers\u00e9s en une seule fois. \n \n La fraction forfaitaire mensuelle s'\u00e9tablit \u00e0 128 478,39 \u20ac. \n \nPour 2025, les tarifs sont d\u00e9compos\u00e9s comme suit : \n \n \n \nArticle 2 A compter du 1er janvier 2026, en application de l'article L.314-7 du CASF, le montant \u00e0 la charge \nde la 5\u00e8me branche est fix\u00e9, \u00e0 titre transitoire, \u00e0 1 698 443,02 \u20ac. \n  \n Les tarifs de reconduction sont fix\u00e9s \u00e0 : \n \n Partie soins du forfait \nglobal unique N+1 \nPartie entretien de \nl'autonomie du forfait \nglobal unique N+1 \nParticipation des \nr\u00e9sidents \u00e0 d\u00e9duire de \nla dotation globalis\u00e9e \ncommune \nMontant \u00e0 la charge de la \n5\u00e8me branche \nN+1 \nTarif journalier \nN+1 \nH\u00e9bergement \nPermanent 1 352 137,22 445 155,20 131 750,40 1 665 542,02 73,93 \nH\u00e9bergement \nTemporaire 32 901,00   32 901,00 59,82 \nUHR 0,00   0,00  \nPASA 0,00   0,00  \nAccueil de Jour 0,00   0,00 0,00 \nPlateforme de r\u00e9pit 0,00   0,00  \n \n La fraction forfaitaire mensuelle s'\u00e9tablit \u00e0 141 536,92 \u20ac. \n \nDECIDE \n Partie soins du forfait \nglobal unique \nPartie entretien de \nl'autonomie du forfait \nglobal unique \nParticipation des r\u00e9sidents \n\u00e0 d\u00e9duire de la dotation \nglobalis\u00e9e commune \nMontant \u00e0 la \ncharge de la 5\u00e8me \nbranche \nTarif journalier \nH\u00e9bergement \nPermanent 1 352 137,22 222 577,60 65 875,20 1 508 839,62 66,97 \nH\u00e9bergement \nTemporaire 32 901,00   32 901,00 59,82 \nUHR 0,00   0,00  \nPASA 0,00   0,00  \nAccueil de Jour 0,00   0,00 0,00 \nPlateforme de r\u00e9pit 0,00   0,00  \nArticle 3 Les recours contentieux dirig\u00e9s contre la pr\u00e9sente d\u00e9cision doivent \u00eatre port\u00e9s devant le Tribunal \nAdministratif sis 6 Rue du Haut Bourgeois 54035 NANCY dans un d\u00e9lai de deux mois \u00e0 compter \nde sa publication ou, pour les personnes auxquelles elle sera notifi\u00e9e, \u00e0 compter de sa notification. \nLe tribunal administratif peut \u00eatre saisi par l'application \u00ab T\u00e9l\u00e9recours citoyens \u00bb accessible par le \nsite www.telerecours.fr. \n  \nArticle 4 La pr\u00e9sente d\u00e9cision sera publi\u00e9e au recueil des actes administratifs. \n  \nArticle 5       \n \n \n                \n \nLa Directrice G\u00e9n\u00e9rale de l'ARS Grand Est est charg\u00e9e de l'ex\u00e9cution de la pr\u00e9sente d\u00e9cision qui \nsera notifi\u00e9e \u00e0 l'entit\u00e9 gestionnaire MAISON DE RETRAITE DE POISSONS (520000175) et \u00e0 \nl'\u00e9tablissement concern\u00e9. \n \n \nFait \u00e0 Chaumont, le 23 juin 2025.   \n \nExR\u00c9PUBLIQUEFRAN\u00c7AISELibert\u00e9 \u00a9 DAgence R\u00e9gionale de Sant\u00e9ite Grand EstFratermit\u00e9\n  \n \nDECISION TARIFAIRE N\u00b03231 \nPORTANT FIXATION DU FORFAIT GLOBAL DE SOINS POUR 2025 DE \nEHPAD AU BRIN D'OSIER - 520780446 \n \n \nLa Directrice G\u00e9n\u00e9rale de l'ARS Grand Est, \n \nVU le Code de l'Action Sociale et des Familles ; \n  \nVU le Code de la S\u00e9curit\u00e9 Sociale ; \n  \nVU la loi n\u00b02025 -199 du 28 f\u00e9vrier 2025 de financement de la S\u00e9curit\u00e9 Sociale pour 2025 publi\u00e9e au \nJournal Officiel du 28/02/2025 ; \n  \nVU l'arr\u00eat\u00e9 minist\u00e9riel du 02/06/2025  publi\u00e9 au Journal Officiel du 06/06/2025 pris en application de \nl'article L314-3 du Code de l'Action Sociale et des Familles fixant, pour l'ann\u00e9e 2025 l'objectif \nglobal de d\u00e9penses d'assurance maladie et le montant total de d\u00e9penses pour les \u00e9tablissements et \nservices relevant de la Caisse nationale de solidarit\u00e9 pour l'autonomie ; \n  \nVU l'arr\u00eat\u00e9 du 6 juin 2025 fixant le montant de la participation journali\u00e8re forfaitaire des r\u00e9sidents aux \nd\u00e9penses d'entretien de l'autonomie dans les \u00e9tablissements relevant des I, II et IV bis de l'article L. \n313-12 du code de l'action sociale et des familles implant\u00e9s dans les d\u00e9partements participant \u00e0 \nl'exp\u00e9rimentation mentionn\u00e9e \u00e0 l'article 79 de la loi n\u00b0 2023 -1250 du 26 d\u00e9cembre 2023 de \nfinancement de la s\u00e9curit\u00e9 sociale pour 2024, au titre de l'exercice 2025 ; \n  \nVU la d\u00e9cision du 02/06/2025  publi\u00e9e au Journal Officiel du 06/06/2025 relative aux dotations \nr\u00e9gionales limitatives 2025 et \u00e0 la moyenne nationale des besoins en soins requis 2025 ; \n  \nVU l'arr\u00eat\u00e9 du 28/05/2025 fixant pour 2025 les valeurs du point mentionn\u00e9e \u00e0 l'article 9 du d\u00e9cret n\u00b0 \n2025-168 du 20/02/2025 du code de l'action sociale et des familles publi\u00e9 au Journal Officiel du \n31/05/2025 ; \n  \nVU le d\u00e9cret du 21 mai 2024 portant nomination de Madame RATIGNIER -CARBONNEIL Christelle \nen qualit\u00e9 de Directrice G\u00e9n\u00e9rale de l'agence r\u00e9gionale de sant\u00e9 Grand Est ; \n  \nVU la d\u00e9cision de d\u00e9l\u00e9gation de signature de la Directrice G\u00e9n\u00e9rale de l'ARS vers le Directeur de \nHAUTE-MARNE en date du 22/05/2025 ; \n \nVU l'autorisation ou le renouvellement d'autorisation en date du 03/01/2017 de la structure \nEtablissement d'h\u00e9bergement pour personnes \u00e2g\u00e9es d\u00e9pendantes d\u00e9nomm\u00e9e EHPAD AU BRIN \nD'OSIER (520780446) sise 4 PL DE L'EGLISE 52500 Fayl -Billot et g\u00e9r\u00e9e par l'entit\u00e9 d\u00e9nomm\u00e9e \nMAISON DE RETRAITE (520000167) ; \n  \n \n  \n\n \n \nArticle 1er A compter du 01er janvier 2025, le montant \u00e0 la charge de la 5\u00e8me branche est fix\u00e9 \u00e0 2 828 924,43 \u20ac \nau titre de 2025, dont 0,00 de cr\u00e9dits non reconductibles vers\u00e9s en une seule fois. \n \nLa fraction forfaitaire mensuelle s'\u00e9tablit \u00e0 235 743,70 \u20ac. \n \nPour 2025, les tarifs sont d\u00e9compos\u00e9s comme suit : \n \n \nArticle 2 A compter du 1er janvier 2026, en application de l'article L.314-7 du CASF, le montant \u00e0 la charge \nde la 5\u00e8me branche est fix\u00e9, \u00e0 titre transitoire, \u00e0 3 026 285,23 \u20ac. \n  \n Les tarifs de reconduction sont fix\u00e9s \u00e0 : \n \n Partie soins du forfait \nglobal unique N+1 \nPartie entretien de \nl'autonomie du forfait \nglobal unique N+1 \nParticipation des \nr\u00e9sidents \u00e0 d\u00e9duire de \nla dotation globalis\u00e9e \ncommune \nMontant \u00e0 la charge de la \n5\u00e8me branche \nN+1 \nTarif journalier \nN+1 \nH\u00e9bergement \nPermanent 2 499 022,63 603 209,60 208 488,00 2 893 744,23 84,23 \nH\u00e9bergement \nTemporaire 53 901,00   53 901,00 154,89 \nUHR 0,00   0,00  \nPASA 0,00   0,00  \nAccueil de Jour 78 640,00   78 640,00 60,63 \nPlateforme de r\u00e9pit 0,00   0,00  \n \n La fraction forfaitaire mensuelle s'\u00e9tablit \u00e0 252 190,44 \u20ac. \n \nDECIDE \n Partie soins du forfait \nglobal unique \nPartie entretien de \nl'autonomie du forfait \nglobal unique \nParticipation des r\u00e9sidents \n\u00e0 d\u00e9duire de la dotation \nglobalis\u00e9e commune \nMontant \u00e0 la \ncharge de la 5\u00e8me \nbranche \nTarif journalier \nH\u00e9bergement \nPermanent 2 499 022,63 301 604,80 104 244,00 2 696 383,43 78,48 \nH\u00e9bergement \nTemporaire 53 901,00   53 901,00 154,89 \nUHR 0,00   0,00  \nPASA 0,00   0,00  \nAccueil de Jour 78 640,00   78 640,00 60,63 \nPlateforme de r\u00e9pit 0,00   0,00  \nArticle 3 Les recours contentieux dirig\u00e9s contre la pr\u00e9sente d\u00e9cision doivent \u00eatre port\u00e9s devant le Tribunal \nAdministratif sis 6 Rue du Haut Bourgeois 54035 NANCY dans un d\u00e9lai de deux mois \u00e0 compter \nde sa publication ou, pour les personnes auxquelles elle sera notifi\u00e9e, \u00e0 compter de sa notification. \nLe tribunal administratif peut \u00eatre saisi par l'application \u00ab T\u00e9l\u00e9recours citoyens \u00bb accessible par le \nsite www.telerecours.fr. \n  \nArticle 4 La pr\u00e9sente d\u00e9cision sera publi\u00e9e au recueil des actes administratifs. \n  \nArticle 5     La Directrice G\u00e9n\u00e9rale de l'ARS Grand Est est charg\u00e9e de l'ex\u00e9cution de la pr\u00e9sente d\u00e9cision qui \nsera notifi\u00e9e \u00e0 l'entit\u00e9 gestionnaire MAISON DE RETRAITE (520000167) et \u00e0 l'\u00e9tablissement \nconcern\u00e9. \n \n \n \nFait \u00e0 Chaumont, le 23 juin 2025.  \n \nExR\u00c9PUBLIQUEFRAN\u00c7AISELibert\u00e9 \u00a9 DAgence R\u00e9gionale de Sant\u00e9vee Grand EstFraternit\u00e9\n  \n \nDECISION TARIFAIRE N\u00b03232 \nPORTANT FIXATION DU FORFAIT GLOBAL DE SOINS POUR 2025 DE \nEHPAD POUGNY - 520780438 \n \n \nLa Directrice G\u00e9n\u00e9rale de l'ARS Grand Est, \n \nVU le Code de l'Action Sociale et des Familles ; \n  \nVU le Code de la S\u00e9curit\u00e9 Sociale ; \n  \nVU la loi n\u00b02025 -199 du 28 f\u00e9vrier 2025 de financement de la S\u00e9curit\u00e9 Sociale pour 2025 publi\u00e9e au \nJournal Officiel du 28/02/2025 ; \n  \nVU l'arr\u00eat\u00e9 minist\u00e9riel du 02/06/2025  publi\u00e9 au Journal Officiel du 06/06/2025 pris en application de \nl'article L314-3 du Code de l'Action Sociale et des Familles fixant, pour l'ann\u00e9e 2025 l'objectif \nglobal de d\u00e9penses d'assurance maladie et le montant total de d\u00e9penses pour les \u00e9tablissements et \nservices relevant de la Caisse nationale de solidarit\u00e9 pour l'autonomie ; \n  \nVU l'arr\u00eat\u00e9 du 6 juin 2025 fixant le montant de la participation journali\u00e8re forfaitaire des r\u00e9sidents aux \nd\u00e9penses d'entretien de l'autonomie dans les \u00e9tablissements relevant des I, II et IV bis de l'article L. \n313-12 du code de l'action sociale et des familles implant\u00e9s dans les d\u00e9partements participant \u00e0 \nl'exp\u00e9rimentation mentionn\u00e9e \u00e0 l'article 79 de la loi n\u00b0 2023 -1250 du 26 d\u00e9cembre 2023 de \nfinancement de la s\u00e9curit\u00e9 sociale pour 2024, au titre de l'exercice 2025 ; \n  \nVU la d\u00e9cision du 02/06/2025  publi\u00e9e au Journal Officiel du 06/06/2025 relative aux dotations \nr\u00e9gionales limitatives 2025 et \u00e0 la moyenne nationale des besoins en soins requis 2025 ; \n  \nVU l'arr\u00eat\u00e9 du 28/05/2025 fixant pour 2025 les valeurs du point mentionn\u00e9e \u00e0 l'article 9 du d\u00e9cret n\u00b0 \n2025-168 du 20/02/2025 du code de l'action sociale et des familles publi\u00e9 au Journal Officiel du \n31/05/2025 ; \n  \nVU le d\u00e9cret du 21 mai 2024 portant nomination de Madame RATIGNIER -CARBONNEIL Christelle \nen qualit\u00e9 de Directrice G\u00e9n\u00e9rale de l'agence r\u00e9gionale de sant\u00e9 Grand Est ; \n  \nVU la d\u00e9cision de d\u00e9l\u00e9gation de signature de la Directrice G\u00e9n\u00e9rale de l'ARS vers le Directeur de \nHAUTE-MARNE en date du 22/05/2025 ; \n \nVU l'autorisation ou le renouvellement d'autorisation en date du 03/01/2017 de la structure \nEtablissement d'h\u00e9bergement pour personnes \u00e2g\u00e9es d\u00e9pendantes d\u00e9nomm\u00e9e EHPAD POUGNY \n(520780438) sise 4 R POUGNY 52270 Doulaincourt -Saucourt et g\u00e9r\u00e9e par l'entit\u00e9 d\u00e9nomm\u00e9e \nMAISON DE RETRAITE (520000159) ; \n  \n \n  \n\n \n \nArticle 1er A compter du 01er janvier 2025, le montant \u00e0 la charge de la 5\u00e8me branche est fix\u00e9 \u00e0 2 039 761,30 \u20ac \nau titre de 2025, dont 0,00 de cr\u00e9dits non reconductibles vers\u00e9s en une seule fois. \n \nLa fraction forfaitaire mensuelle s'\u00e9tablit \u00e0 169 980,11 \u20ac. \n \nPour 2025, les tarifs sont d\u00e9compos\u00e9s comme suit : \n \n Partie soins du forfait \nglobal unique \nPartie entretien de \nl'autonomie du forfait \nglobal unique \nParticipation des r\u00e9sidents \n\u00e0 d\u00e9duire de la dotation \nglobalis\u00e9e commune \nMontant \u00e0 la \ncharge de la 5\u00e8me \nbranche \nTarif journalier \nH\u00e9bergement \nPermanent 1 672 998,95 244 500,48 80 017,13 1 837 482,30 71,98 \nH\u00e9bergement \nTemporaire 32 901,00   32 901,00 90,14 \nUHR 0,00   0,00  \nPASA 90 738,00   90 738,00  \nAccueil de Jour 78 640,00   78 640,00 95,44 \nPlateforme de r\u00e9pit 0,00   0,00  \n \n \nArticle 2 A compter du 1er janvier 2026, en application de l'article L.314-7 du CASF, le montant \u00e0 la charge \nde la 5\u00e8me branche est fix\u00e9, \u00e0 titre transitoire, \u00e0 2 204 244,66 \u20ac. \n  \n Les tarifs de reconduction sont fix\u00e9s \u00e0 : \n \n Partie soins du forfait \nglobal unique N+1 \nPartie entretien de \nl'autonomie du forfait \nglobal unique N+1 \nParticipation des \nr\u00e9sidents \u00e0 d\u00e9duire de \nla dotation globalis\u00e9e \ncommune \nMontant \u00e0 la charge de la \n5\u00e8me branche \nN+1 \nTarif journalier \nN+1 \nH\u00e9bergement \nPermanent 1 672 998,95 489 000,96 160 034,25 2 001 965,66 78,43 \nH\u00e9bergement \nTemporaire 32 901,00   32 901,00 90,14 \nUHR 0,00   0,00  \nPASA 90 738,00   90 738,00  \nAccueil de Jour 78 640,00   78 640,00 95,44 \nPlateforme de r\u00e9pit 0,00   0,00  \n \n La fraction forfaitaire mensuelle s'\u00e9tablit \u00e0 183 687,06 \u20ac. \n \nDECIDE \nArticle 3 Les recours contentieux dirig\u00e9s contre la pr\u00e9sente d\u00e9cision doivent \u00eatre port\u00e9s devant le Tribunal \nAdministratif sis 6 Rue du Haut Bourgeois 54035 NANCY dans un d\u00e9lai de deux mois \u00e0 compter \nde sa publication ou, pour les personnes auxquelles elle sera notifi\u00e9e, \u00e0 compter de sa notification. \nLe tribunal administratif peut \u00eatre saisi par l'application \u00ab T\u00e9l\u00e9recours citoyens \u00bb accessible par le \nsite www.telerecours.fr. \n  \nArticle 4 La pr\u00e9sente d\u00e9cision sera publi\u00e9e au recueil des actes administratifs. \n  \nArticle 5 La Directrice G\u00e9n\u00e9rale de l'ARS Grand Est est charg\u00e9e de l'ex\u00e9cution de la pr\u00e9sente d\u00e9cision qui \nsera notifi\u00e9e \u00e0 l'entit\u00e9 gestionnaire MAISON DE RETRAITE (520000159) et \u00e0 l'\u00e9tablissement \nconcern\u00e9. \n \n \n \nFait \u00e0 Chaumont, le 23 juin 2025. \n \nExR\u00c9PUBLIQUEFRAN\u00c7AISELibert\u00e9 \u00a9 DAgence R\u00e9gionale de Sant\u00e9ite Grand EstFratermit\u00e9\n  \n \nDECISION TARIFAIRE N\u00b03233 \nPORTANT FIXATION DU FORFAIT GLOBAL DE SOINS POUR 2025 DE \nEHPAD LE MAIL - 520780420 \n \n \nLa Directrice G\u00e9n\u00e9rale de l'ARS Grand Est, \n \nVU le Code de l'Action Sociale et des Familles ; \n  \nVU le Code de la S\u00e9curit\u00e9 Sociale ; \n  \nVU la loi n\u00b02025 -199 du 28 f\u00e9vrier 2025 de financement de la S\u00e9curit\u00e9 Sociale pour 2025 publi\u00e9e au \nJournal Officiel du 28/02/2025 ; \n  \nVU l'arr\u00eat\u00e9 minist\u00e9riel du 02/06/2025  publi\u00e9 au Journal Officiel du 06/06/2025 pris en application de \nl'article L314-3 du Code de l'Action Sociale et des Familles fixant, pour l'ann\u00e9e 2025 l'objectif \nglobal de d\u00e9penses d'assurance maladie et le montant total de d\u00e9penses pour les \u00e9tablissements et \nservices relevant de la Caisse nationale de solidarit\u00e9 pour l'autonomie ; \n  \nVU l'arr\u00eat\u00e9 du 6 juin 2025 fixant le montant de la participation journali\u00e8re forfaitaire des r\u00e9sidents aux \nd\u00e9penses d'entretien de l'autonomie dans les \u00e9tablissements relevant des I, II et IV bis de l'article L. \n313-12 du code de l'action sociale et des familles implant\u00e9s dans les d\u00e9partements participant \u00e0 \nl'exp\u00e9rimentation mentionn\u00e9e \u00e0 l'article 79 de la loi n\u00b0 2023 -1250 du 26 d\u00e9cembre 2023 de \nfinancement de la s\u00e9curit\u00e9 sociale pour 2024, au titre de l'exercice 2025 ; \n  \nVU la d\u00e9cision du 02/06/2025  publi\u00e9e au Journal Officiel du 06/06/2025 relative aux dotations \nr\u00e9gionales limitatives 2025 et \u00e0 la moyenne nationale des besoins en soins requis 2025 ; \n  \nVU l'arr\u00eat\u00e9 du 28/05/2025 fixant pour 2025 les valeurs du point mentionn\u00e9e \u00e0 l'article 9 du d\u00e9cret n\u00b0 \n2025-168 du 20/02/2025 du code de l'action sociale et des familles publi\u00e9 au Journal Officiel du \n31/05/2025 ; \n  \nVU le d\u00e9cret du 21 mai 2024 portant nomination de Madame RATIGNIER -CARBONNEIL Christelle \nen qualit\u00e9 de Directrice G\u00e9n\u00e9rale de l'agence r\u00e9gionale de sant\u00e9 Grand Est ; \n  \nVU la d\u00e9cision de d\u00e9l\u00e9gation de signature de la Directrice G\u00e9n\u00e9rale de l'ARS vers le Directeur de \nHAUTE-MARNE en date du 22/05/2025 ; \n \nVU l'autorisation ou le renouvellement d'autorisation en date du 03/01/2017 de la structure \nEtablissement d'h\u00e9bergement pour personnes \u00e2g\u00e9es d\u00e9pendantes d\u00e9nomm\u00e9e EHPAD LE MAIL \n(520780420) sise 2 R SOEUR HELENE 52120 Ch\u00e2teauvillain et g\u00e9r\u00e9e par l'entit\u00e9 d\u00e9nomm\u00e9e \nMAISON DE RETRAITE (520000142) ; \n  \n \n  \n\n \n \nArticle 1er A compter du 01er janvier 2025, le montant \u00e0 la charge de la 5\u00e8me branche est fix\u00e9 \u00e0 2 131 936,18 \u20ac \nau titre de 2025, dont 0,00 de cr\u00e9dits non reconductibles vers\u00e9s en une seule fois. \n \nLa fraction forfaitaire mensuelle s'\u00e9tablit \u00e0 177 661,35 \u20ac. \n \nPour 2025, les tarifs sont d\u00e9compos\u00e9s comme suit : \n \n Partie soins du forfait \nglobal unique \nPartie entretien de \nl'autonomie du forfait \nglobal unique \nParticipation des r\u00e9sidents \n\u00e0 d\u00e9duire de la dotation \nglobalis\u00e9e commune \nMontant \u00e0 la \ncharge de la 5\u00e8me \nbranche \nTarif journalier \nH\u00e9bergement \nPermanent 1 929 468,50 286 421,33 83 953,65 2 131 936,18 76,85 \nH\u00e9bergement \nTemporaire 0,00   0,00 0,00 \nUHR 0,00   0,00  \nPASA 0,00   0,00  \nAccueil de Jour 0,00   0,00 0,00 \nPlateforme de r\u00e9pit 0,00   0,00  \n \n \nArticle 2 A compter du 1er janvier 2026, en application de l'article L.314-7 du CASF, le montant \u00e0 la charge \nde la 5\u00e8me branche est fix\u00e9, \u00e0 titre transitoire, \u00e0 2 334 403,87 \u20ac. \n  \n Les tarifs de reconduction sont fix\u00e9s \u00e0 : \n \n Partie soins du forfait \nglobal unique N+1 \nPartie entretien de \nl'autonomie du forfait \nglobal unique N+1 \nParticipation des \nr\u00e9sidents \u00e0 d\u00e9duire de \nla dotation globalis\u00e9e \ncommune \nMontant \u00e0 la charge de la \n5\u00e8me branche \nN+1 \nTarif journalier \nN+1 \nH\u00e9bergement \nPermanent 1 929 468,50 572 842,67 167 907,30 2 334 403,87 84,15 \nH\u00e9bergement \nTemporaire 0,00   0,00 0,00 \nUHR 0,00   0,00  \nPASA 0,00   0,00  \nAccueil de Jour 0,00   0,00 0,00 \nPlateforme de r\u00e9pit 0,00   0,00  \n \n La fraction forfaitaire mensuelle s'\u00e9tablit \u00e0 194 533,66 \u20ac. \n \nDECIDE \nArticle 3 Les recours contentieux dirig\u00e9s contre la pr\u00e9sente d\u00e9cision doivent \u00eatre port\u00e9s devant le Tribunal \nAdministratif sis 6 Rue du Haut Bourgeois 54035 NANCY dans un d\u00e9lai de deux mois \u00e0 compter \nde sa publication ou, pour les personnes auxquelles elle sera notifi\u00e9e, \u00e0 compter de sa notification. \nLe tribunal administratif peut \u00eatre saisi par l'application \u00ab T\u00e9l\u00e9recours citoyens \u00bb accessible par le \nsite www.telerecours.fr. \n  \nArticle 4 La pr\u00e9sente d\u00e9cision sera publi\u00e9e au recueil des actes administratifs. \n  \nArticle 5 La Directrice G\u00e9n\u00e9rale de l'ARS Grand Est est charg\u00e9e de l'ex\u00e9cution de la pr\u00e9sente d\u00e9cision qui \nsera notifi\u00e9e \u00e0 l'entit\u00e9 gestionnaire MAISON DE RETRAITE (520000142) et \u00e0 l'\u00e9tablissement \nconcern\u00e9. \n \n \nFait \u00e0 Chaumont, le 23 juin 2025.  \n \n \n \nExR\u00c9PUBLIQUEFRAN\u00c7AISELibert\u00e9 @ DAgence R\u00e9gionale de Sant\u00e9Egalit\u00e9 Grand Est\n  \n \nDECISION TARIFAIRE N\u00b03234 \nPORTANT FIXATION DU FORFAIT GLOBAL DE SOINS POUR 2025 DE \nEHPAD D' ARC EN BARROIS - 520780412 \n \n \nLa Directrice G\u00e9n\u00e9rale de l'ARS Grand Est, \n \nVU le Code de l'Action Sociale et des Familles ; \n  \nVU le Code de la S\u00e9curit\u00e9 Sociale ; \n  \nVU la loi n\u00b02025-199 du 28 f\u00e9vrier 2025 de financement de la S\u00e9curit\u00e9 Sociale pour 2025 publi\u00e9e au \nJournal Officiel du 28/02/2025 ; \n  \nVU l'arr\u00eat\u00e9 minist\u00e9riel du 02/06/2025 publi\u00e9 au Journal Officiel du 06/06/2025 pris en application de \nl'article L314-3 du Code de l'Action Sociale et des Familles fixant, pour l'ann\u00e9e 2025 l'objectif \nglobal de d\u00e9penses d'assurance maladie et le montant total de d\u00e9penses pour les \u00e9tablissements et \nservices relevant de la Caisse nationale de solidarit\u00e9 pour l'autonomie ; \n  \nVU l'arr\u00eat\u00e9 du 6 juin 2025 fixant le montant de la participation journali\u00e8re forfaitaire des r\u00e9sidents aux \nd\u00e9penses d'entretien de l'autonomie dans les \u00e9tablissements relevant des I, II et IV bis de l'article \nL. 313-12 du code de l'action sociale et des familles implant\u00e9s dans les d\u00e9partements participant \u00e0 \nl'exp\u00e9rimentation mentionn\u00e9e \u00e0 l'article 79 de la loi n\u00b0 2023 -1250 du 26 d\u00e9cembre 2023 de \nfinancement de la s\u00e9curit\u00e9 sociale pour 2024, au titre de l'exercice 2025 ; \n  \nVU la d\u00e9cision du 02/06/2025  publi\u00e9e au Journal Officiel du 06/06/2025 relative aux dotations \nr\u00e9gionales limitatives 2025 et \u00e0 la moyenne nationale des besoins en soins requis 2025 ; \n  \nVU l'arr\u00eat\u00e9 du 28/05/2025 fixant pour 2025 les valeurs du point mentionn\u00e9e \u00e0 l'article 9 du d\u00e9cret n\u00b0 \n2025-168 du 20/02/2025 du code de l'action sociale et des familles publi\u00e9 au Journal Officiel du \n31/05/2025 ; \n  \nVU le d\u00e9cret du 21 mai 2024 portant nomination de Madame RATIGNIER-CARBONNEIL Christelle \nen qualit\u00e9 de Directrice G\u00e9n\u00e9rale de l'agence r\u00e9gionale de sant\u00e9 Grand Est ; \n  \nVU la d\u00e9cision de d\u00e9l\u00e9gation de signature de la Directrice G\u00e9n\u00e9rale de l'ARS vers le Directeur de \nHAUTE-MARNE en date du 22/05/2025 ; \n \nVU l'autorisation ou le renouvellement d'autorisation en date du 03/01/2017 de la structure \nEtablissement d'h\u00e9bergement pour personnes \u00e2g\u00e9es d\u00e9pendantes d\u00e9nomm\u00e9e EHPAD D'ARC EN \nBARROIS (520780412) sise 2 RTE DE LANGRES 52210 Arc -en-Barrois et g\u00e9r\u00e9e par l'entit\u00e9 \nd\u00e9nomm\u00e9e MAISON DE RETRAITE (520000134) ; \n  \n \n  \n\n \n \n \nArticle 1er A compter du 01er janvier 2025, le montant \u00e0 la charge de la 5\u00e8me branche est fix\u00e9 \u00e0 2 202 161,21 \u20ac \nau titre de 2025, dont 0,00 de cr\u00e9dits non reconductibles vers\u00e9s en une seule fois. \n \nLa fraction forfaitaire mensuelle s'\u00e9tablit \u00e0 183 513,43 \u20ac. \n \nPour 2025, les tarifs sont d\u00e9compos\u00e9s comme suit : \n \n \nArticle 2 A compter du 1er janvier 2026, en application de l'article L.314-7 du CASF, le montant \u00e0 la charge \nde la 5\u00e8me branche est fix\u00e9, \u00e0 titre transitoire, \u00e0 2 389 452,67 \u20ac. \n  \n Les tarifs de reconduction sont fix\u00e9s \u00e0 : \n \n Partie soins du forfait \nglobal unique N+1 \nPartie entretien de \nl'autonomie du forfait \nglobal unique N+1 \nParticipation des \nr\u00e9sidents \u00e0 d\u00e9duire de \nla dotation globalis\u00e9e \ncommune \nMontant \u00e0 la charge de la \n5\u00e8me branche \nN+1 \nTarif journalier \nN+1 \nH\u00e9bergement \nPermanent 1 910 016,75 547 577,76 172 994,84 2 284 599,67 83,18 \nH\u00e9bergement \nTemporaire 0,00   0,00 0,00 \nUHR 0,00   0,00  \nPASA 0,00   0,00  \nAccueil de Jour 104 853,00   104 853,00 112,02 \nPlateforme de r\u00e9pit 0,00   0,00  \n \n La fraction forfaitaire mensuelle s'\u00e9tablit \u00e0 199 121,06 \u20ac. \nDECIDE \n Partie soins du forfait \nglobal unique \nPartie entretien de \nl'autonomie du forfait \nglobal unique \nParticipation des r\u00e9sidents \n\u00e0 d\u00e9duire de la dotation \nglobalis\u00e9e commune \nMontant \u00e0 la \ncharge de la 5\u00e8me \nbranche \nTarif journalier \nH\u00e9bergement \nPermanent 1 910 016,75 273 788,88 86 497,42 2 097 308,21 76,36 \nH\u00e9bergement \nTemporaire 0,00   0,00 0,00 \nUHR 0,00   0,00  \nPASA 0,00   0,00  \nAccueil de Jour 104 853,00   104 853,00 112,02 \nPlateforme de r\u00e9pit 0,00   0,00  \n \nArticle 3 Les recours contentieux dirig\u00e9s contre la pr\u00e9sente d\u00e9cision doivent \u00eatre port\u00e9s devant le Tribunal \nAdministratif sis 6 Rue du Haut Bourgeois 54035 NANCY dans un d\u00e9lai de deux mois \u00e0 compter \nde sa publication ou, pour les personnes auxquelles elle sera notifi\u00e9e, \u00e0 compter de sa notification. \nLe tribunal administratif peut \u00eatre saisi par l'application \u00ab T\u00e9l\u00e9recours citoyens \u00bb accessible par le \nsite www.telerecours.fr. \n  \nArticle 4 La pr\u00e9sente d\u00e9cision sera publi\u00e9e au recueil des actes administratifs. \n  \nArticle 5 La Directrice G\u00e9n\u00e9rale de l'ARS Grand Est est charg\u00e9e de l'ex\u00e9cution de la pr\u00e9sente d\u00e9cision qui \nsera notifi\u00e9e \u00e0 l'entit\u00e9 gestionnaire MAISON DE RETRAITE (520000134) et \u00e0 l'\u00e9tablissement \nconcern\u00e9. \n \n \n \nFait \u00e0 Chaumont, le 23 juin 2025.          \n \nExR\u00c9PUBLIQUEFRAN\u00c7AISELibert\u00e9 \u00a9 DAgence R\u00e9gionale de Sant\u00e9ite Grand EstFratermit\u00e9\n  \n \nDECISION TARIFAIRE N\u00b03235 \nPORTANT FIXATION DU FORFAIT GLOBAL DE SOINS POUR 2025 DE \nLA MAISON DE L'OSIER POURPRE - 520003443 \n \n \nLa Directrice G\u00e9n\u00e9rale de l'ARS Grand Est, \n \nVU le Code de l'Action Sociale et des Familles ; \n  \nVU le Code de la S\u00e9curit\u00e9 Sociale ; \n  \nVU la loi n\u00b02025 -199 du 28 f\u00e9vrier 2025 de financement de la S\u00e9curit\u00e9 Sociale pour 2025 publi\u00e9e au \nJournal Officiel du 28/02/2025 ; \n  \nVU l'arr\u00eat\u00e9 minist\u00e9riel du 02/06/2025 publi\u00e9 au Journal Officiel du 06/06/2025 pris en application de \nl'article L314-3 du Code de l'Action Sociale et des Familles fixant, pour l'ann\u00e9e 2025 l'objectif \nglobal de d\u00e9penses d'assurance maladie et le montant total de d\u00e9penses pour les \u00e9tablissements et \nservices relevant de la Caisse nationale de solidarit\u00e9 pour l'autonomie ; \n  \nVU l'arr\u00eat\u00e9 du 6 juin 2025 fixant le montant de la participation journali\u00e8re forfaitaire des r\u00e9sidents aux \nd\u00e9penses d'entretien de l'autonomie dans les \u00e9tablissements relevant des I, II et IV bis de l'article L. \n313-12 du code de l'action sociale et des familles implant\u00e9s dans les d\u00e9partements participant \u00e0 \nl'exp\u00e9rimentation mentionn\u00e9e \u00e0 l'article 79 de la loi n\u00b0 2023 -1250 du 26 d\u00e9cembre 2023 de \nfinancement de la s\u00e9curit\u00e9 sociale pour 2024, au titre de l'exercice 2025 ; \n  \nVU la d\u00e9cision du 02/06/2025  publi\u00e9e au Journal Officiel du 06/06/2025 relative aux dotations \nr\u00e9gionales limitatives 2025 et \u00e0 la moyenne nationale des besoins en soins requis 2025 ; \n  \nVU l'arr\u00eat\u00e9 du 28/05/2025 fixant pour 2025 les valeurs du point mentionn\u00e9e \u00e0 l'article 9 du d\u00e9cret n\u00b0 \n2025-168 du 20/02/2025 du code de l'action sociale et des familles publi\u00e9 au Journal Officiel du \n31/05/2025 ; \n  \nVU le d\u00e9cret du 21 mai 2024 portant nomination de Madame RATIGNIER -CARBONNEIL Christelle \nen qualit\u00e9 de Directrice G\u00e9n\u00e9rale de l'agence r\u00e9gionale de sant\u00e9 Grand Est ; \n  \nVU la d\u00e9cision de d\u00e9l\u00e9gation de signature de la Directrice G\u00e9n\u00e9rale de l'ARS vers le Directeur de \nHAUTE-MARNE en date du 22/05/2025 ; \n \nVU l'autorisation ou le renouvellement d'autorisation en date du 19/05/2008 de la structure \nEtablissement d'h\u00e9bergement pour personnes \u00e2g\u00e9es d\u00e9pendantes d\u00e9nomm\u00e9e LA MAISON DE \nL'OSIER POURPRE (520003443) sise 1 PL EUG\u00c8NE GRASSET 52000 Chaumont et g\u00e9r\u00e9e par \nl'entit\u00e9 d\u00e9nomm\u00e9e ADEF RESIDENCES (940004088) ; \n  \n \n  \n\n \n \nArticle 1er A compter du 01er janvier 2025, le montant \u00e0 la charge de la 5\u00e8me branche est fix\u00e9 \u00e0 2 669 991,33 \u20ac \nau titre de 2025, dont 0,00 de cr\u00e9dits non reconductibles vers\u00e9s en une seule fois. \n \nLa fraction forfaitaire mensuelle s'\u00e9tablit \u00e0 222 499,28 \u20ac. \n \nPour 2025, les tarifs sont d\u00e9compos\u00e9s comme suit : \n \n \nArticle 2 A compter du 1er janvier 2026, en application de l'article L.314-7 du CASF, le montant \u00e0 la charge \nde la 5\u00e8me branche est fix\u00e9, \u00e0 titre transitoire, \u00e0 2 973 055,38 \u20ac. \n  \n Les tarifs de reconduction sont fix\u00e9s \u00e0 : \n \n Partie soins du forfait \nglobal unique N+1 \nPartie entretien de \nl'autonomie du forfait \nglobal unique N+1 \nParticipation des \nr\u00e9sidents \u00e0 d\u00e9duire de \nla dotation globalis\u00e9e \ncommune \nMontant \u00e0 la charge de la \n5\u00e8me branche \nN+1 \nTarif journalier \nN+1 \nH\u00e9bergement \nPermanent 2 301 125,27 845 597,31 239 469,20 2 907 253,38 73,83 \nH\u00e9bergement \nTemporaire 65 802,00   65 802,00 90,14 \nUHR 0,00   0,00  \nPASA 0,00   0,00  \nAccueil de Jour 0,00   0,00 0,00 \nPlateforme de r\u00e9pit 0,00   0,00  \n \n La fraction forfaitaire mensuelle s'\u00e9tablit \u00e0 247 754,62 \u20ac. \n \nDECIDE \n Partie soins du forfait \nglobal unique \nPartie entretien de \nl'autonomie du forfait \nglobal unique \nParticipation des r\u00e9sidents \n\u00e0 d\u00e9duire de la dotation \nglobalis\u00e9e commune \nMontant \u00e0 la \ncharge de la 5\u00e8me \nbranche \nTarif journalier \nH\u00e9bergement \nPermanent 2 301 125,27 422 798,66 119 734,60 2 604 189,33 66,14 \nH\u00e9bergement \nTemporaire 65 802,00   65 802,00 90,14 \nUHR 0,00   0,00  \nPASA 0,00   0,00  \nAccueil de Jour 0,00   0,00 0,00 \nPlateforme de r\u00e9pit 0,00   0,00  \nArticle 3 Les recours contentieux dirig\u00e9s contre la pr\u00e9sente d\u00e9cision doivent \u00eatre port\u00e9s devant le Tribunal \nAdministratif sis 6 Rue du Haut Bourgeois 54035 NANCY dans un d\u00e9lai de deux mois \u00e0 compter \nde sa publication ou, pour les personnes auxquelles elle sera notifi\u00e9e, \u00e0 compter de sa notification. \nLe tribunal administratif peut \u00eatre saisi par l'application \u00ab T\u00e9l\u00e9recours citoyens \u00bb accessible par le \nsite www.telerecours.fr. \n  \nArticle 4 La pr\u00e9sente d\u00e9cision sera publi\u00e9e au recueil des actes administratifs. \n  \nArticle 5 La Directrice G\u00e9n\u00e9rale de l'ARS Grand Est est charg\u00e9e de l'ex\u00e9cution de la pr\u00e9sente d\u00e9cision qui \nsera notifi\u00e9e \u00e0 l'entit\u00e9 gestionnaire ADEF RESIDENCES (940004088) et \u00e0 l'\u00e9tablissement \nconcern\u00e9. \n \n \n \nFait \u00e0 Chaumont, le 23 juin 2025.          \n \nExR\u00c9PUBLIQUEFRAN\u00c7AISELibert\u00e9 \u00a9 DAgence R\u00e9gionale de Sant\u00e9ite Grand EstFratermit\u00e9\n  \n \nDECISION TARIFAIRE N\u00b03236 \nPORTANT FIXATION DU FORFAIT GLOBAL DE SOINS POUR 2025 DE \nLA MAISON DE L'ORME DORE - 520003286 \n \n \nLa Directrice G\u00e9n\u00e9rale de l'ARS Grand Est, \n \nVU le Code de l'Action Sociale et des Familles ; \n  \nVU le Code de la S\u00e9curit\u00e9 Sociale ; \n  \nVU la loi n\u00b02025 -199 du 28 f\u00e9vrier 2025 de financement de la S\u00e9curit\u00e9 Sociale pour 2025 publi\u00e9e au \nJournal Officiel du 28/02/2025 ; \n  \nVU l'arr\u00eat\u00e9 minist\u00e9riel du 02/06/2025  publi\u00e9 au Journal Officiel du 06/06/2025 pris en application de \nl'article L314 -3 du Code de l'Action Sociale et des Familles fixant, pour l'ann\u00e9e 2025 l'objectif \nglobal de d\u00e9penses d'assurance maladie et le montant total de d\u00e9penses pour les \u00e9tablissements et \nservices relevant de la Caisse nationale de solidarit\u00e9 pour l'autonomie ; \n  \nVU l'arr\u00eat\u00e9 du 6 juin 2025  fixant le montant de la participation journali\u00e8re forfaitaire des r\u00e9sidents aux \nd\u00e9penses d'entretien de l'autonomie dans les \u00e9tablissements relevant des I, II et IV bis de l'article L. \n313-12 du code de l'action sociale et des familles implant\u00e9s dans les d\u00e9partements participant \u00e0 \nl'exp\u00e9rimentation mentionn\u00e9e \u00e0 l'article 79 de la loi n\u00b0 2023 -1250 du 26 d\u00e9cembre 2023 de \nfinancement de la s\u00e9curit\u00e9 sociale pour 2024, au titre de l'exercice 2025 ; \n  \nVU la d\u00e9cision du 02/06/2025 publi\u00e9e au Journal Officiel du 06/06/2025 relative aux dotations r\u00e9gionales \nlimitatives 2025 et \u00e0 la moyenne nationale des besoins en soins requis 2025 ; \n  \nVU l'arr\u00eat\u00e9 du 28/05/2025 fixant pour 2025 les valeurs du point mentionn\u00e9e \u00e0 l'article 9 du d\u00e9cret n\u00b0 \n2025-168 du 20/02/2025 du code de l'action sociale et des familles publi\u00e9 au Journal Officiel du \n31/05/2025 ; \n  \nVU le d\u00e9cret du 21 mai 2024 portant nomination de Madame RATIGNIER -CARBONNEIL Christelle en \nqualit\u00e9 de Directrice G\u00e9n\u00e9rale de l'agence r\u00e9gionale de sant\u00e9 Grand Est ; \n  \nVU la d\u00e9cision de d\u00e9l\u00e9gation de signature de la Directrice G\u00e9n\u00e9rale de l'ARS vers le Directeur de \nHAUTE-MARNE en date du 22/05/2025 ; \n \nVU l'autorisation ou le renouvellement d'autorisation en date du 03/10/2003 de la structure Etablissement \nd'h\u00e9bergement pour personnes \u00e2g\u00e9es d\u00e9pendantes d\u00e9nomm\u00e9e LA MAISON DE L'ORME DORE \n(520003286) sise 2 R ANDRE BARBAUX 52100 Saint-Dizier et g\u00e9r\u00e9e par l'entit\u00e9 d\u00e9nomm\u00e9e ADEF \nRESIDENCES (940004088) ; \n  \n \n  \n\n \n \nArticle 1er A compter du 01er janvier 2025, le montant \u00e0 la charge de la 5\u00e8me branche est fix\u00e9 \u00e0 1 939 313,77 \u20ac \nau titre de 2025, dont 0,00 de cr\u00e9dits non reconductibles vers\u00e9s en une seule fois. \n \n La fraction forfaitaire mensuelle s'\u00e9tablit \u00e0 161 609,48 \u20ac. \n \nPour 2025, les tarifs sont d\u00e9compos\u00e9s comme suit : \n \n Partie soins du forfait \nglobal unique \nPartie entretien de \nl'autonomie du forfait \nglobal unique \nParticipation des r\u00e9sidents \n\u00e0 d\u00e9duire de la dotation \nglobalis\u00e9e commune \nMontant \u00e0 la \ncharge de la 5\u00e8me \nbranche \nTarif journalier \nH\u00e9bergement \nPermanent 1 698 410,74 277 295,57 85 743,54 1 889 962,77 65,78 \nH\u00e9bergement \nTemporaire 49 351,00   49 351,00 64,34 \nUHR 0,00   0,00  \nPASA 0,00   0,00  \nAccueil de Jour 0,00   0,00 0,00 \nPlateforme de r\u00e9pit 0,00   0,00  \n \n \nArticle 2 A compter du 1er janvier 2026, en application de l'article L.314 -7 du CASF, le montant \u00e0 la charge \nde la 5\u00e8me branche est fix\u00e9, \u00e0 titre transitoire, \u00e0 2 130 865,81 \u20ac. \n  \n Les tarifs de reconduction sont fix\u00e9s \u00e0 : \n \n Partie soins du forfait \nglobal unique N+1 \nPartie entretien de \nl'autonomie du forfait \nglobal unique N+1 \nParticipation des \nr\u00e9sidents \u00e0 d\u00e9duire de \nla dotation globalis\u00e9e \ncommune \nMontant \u00e0 la charge de la \n5\u00e8me branche \nN+1 \nTarif journalier \nN+1 \nH\u00e9bergement \nPermanent 1 698 410,74 554 591,15 171 487,08 2 081 514,81 72,44 \nH\u00e9bergement \nTemporaire 49 351,00   49 351,00 64,34 \nUHR 0,00   0,00  \nPASA 0,00   0,00  \nAccueil de Jour 0,00   0,00 0,00 \nPlateforme de r\u00e9pit 0,00   0,00  \n \n La fraction forfaitaire mensuelle s'\u00e9tablit \u00e0 177 572,15 \u20ac. \n \nDECIDE \nArticle 3 Les recours contentieux dirig\u00e9s contre la pr\u00e9sente d\u00e9cision doivent \u00eatre port\u00e9s devant le Tribunal \nAdministratif sis 6 Rue du Haut Bourgeois 54035 NANCY dans un d\u00e9lai de deux mois \u00e0 compter \nde sa publication ou, pour les personnes auxquelles elle sera notifi\u00e9e, \u00e0 compter de sa notification. \nLe tribunal administratif peut \u00eatre saisi par l'application \u00ab T\u00e9l\u00e9recours citoyens \u00bb accessible par le \nsite www.telerecours.fr. \n  \nArticle 4 La pr\u00e9sente d\u00e9cision sera publi\u00e9e au recueil des actes administratifs. \n  \nArticle 5            \n \n \nLa Directrice G\u00e9n\u00e9rale de l'ARS Grand Est est charg\u00e9e de l'ex\u00e9cution de la pr\u00e9sente d\u00e9cision qui \nsera notifi\u00e9e \u00e0 l'entit\u00e9 gestionnaire ADEF RESIDENCES (940004088) et \u00e0 l'\u00e9tablissement \nconcern\u00e9. \n \n \nFait \u00e0 Chaumont, le 23 juin 2025.           \n \nExR\u00c9PUBLIQUEFRAN\u00c7AISELibert\u00e9 @ Dd Agence R\u00e9gionale de Sant\u00e9\u00c9palir\u00e9 | Grand EstPraternit\u00e9\n \nDECISION TARIFAIRE N\u00b06227 PORTANT FIXATION POUR 2025 DU MONTANT ET DE LA \nREPARTITION DE LA DOTATION GLOBALISEE COMMUNE PREVUE AU \nCONTRAT PLURIANNUEL D'OBJECTIFS ET DE MOYENS DE  \nALEFPA - 590799730 \n \nPOUR LES ETABLISSEMENTS ET SERVICES SUIV ANTS  \nInstitut Th\u00e9rapeutique \u00c9ducatif et P\u00e9dagogique (I.T.E.P.) - ITEP HENRI VIET V AL DE MEUSE - 520780206 \n \n \nLa Directrice G\u00e9n\u00e9rale de l'ARS Grand Est \n \nVU le Code de l'Action Sociale et des Familles ; \n  \nVU le Code de la S\u00e9curit\u00e9 Sociale ; \n  \nVU la loi n\u00b0 2025 -199 du 28 f\u00e9vrier 2025 de financement de la S\u00e9curit\u00e9 Sociale pour 2025 \npubli\u00e9e au Journal Officiel du 28/02/2025 ; \n  \nVU l'arr\u00eat\u00e9 minist\u00e9riel du 02/06/2025 publi\u00e9 au Journal Officiel du 06/06/2025 pris en \napplication de l'article L314 -3 du Code de l'Action Sociale et des Familles fixant, pour \nl'ann\u00e9e 2025 l'objectif global de d\u00e9penses d'assurance maladie et le montant total de \nd\u00e9penses pour les \u00e9tablissements et services relevant de la Caisse nationale de solidarit\u00e9 \npour l'autonomie ; \n  \nVU la d\u00e9cision du 02/06/2025 publi\u00e9e au Journal Officiel du 06/06/2025 relative aux dotations \nr\u00e9gionales limitatives 2025 et \u00e0 la moyenne nationale des besoins en soins requis 2025 ; \n  \n  \nVU le d\u00e9cret du 21 mai 2024 portant nomination de Madame RATIGNIER -CARBONNEIL \nChristelle en qualit\u00e9 de Directrice G\u00e9n\u00e9rale de l'agence r\u00e9gionale de sant\u00e9 Grand Est ; \n \nVU la d\u00e9l\u00e9gation de signature de la Directrice G\u00e9n\u00e9rale de l'ARS vers le Directeur de HAUTE -\nMARNE en date du 22/05/2025 ;  \n  \nVU le Contrat Pluriannuel d'Objectifs et de Moyens conclu le 18/12/2018 prenant effet au \n01/01/2019 ; \n \n \n \n \n \n \n \n \n \n \n \n \n \n\nDECIDE \n \n \nArticle 1er A compter du 1ER janvier 2025, au titre de 2025, la dotation globalis\u00e9e commune des \n\u00e9tablissements et services m\u00e9dico -sociaux financ\u00e9s par l'Assurance Maladie, g\u00e9r\u00e9s \npar l'entit\u00e9 d\u00e9nomm\u00e9e ALEFPA (590799730), a \u00e9t\u00e9 fix\u00e9e \u00e0 3 855 549,44 \u20ac, dont 0,00 \n\u20ac de cr\u00e9dits non reconductibles vers\u00e9s en une seule fois. \n \n Elle se r\u00e9partit de la mani\u00e8re suivante, les prix de journ\u00e9e \u00e0 compter de 01/01/2025 \n\u00e9tant \u00e9galement mentionn\u00e9s. \n \n \n- Personnes handicap\u00e9es : 3 855 549,44 \u20ac (dont 3 855 549,44 \u20ac imputable \u00e0 \nl'assurance maladie) \n Dotations (en \u20ac) \nFINESS INT  SI  EXT PFR Aut_1 Aut_2 Aut_3 SSIAD \n520780206 \nITEP HENRI \nVIET V AL DE \nMEUSE \n2 375 805,21 683 771,28 0,00 0,00 520 118,28 100 000,00 175 854,67 0,00 \n \n \n Prix de Journ\u00e9e (en \u20ac) \nFINESS INT  SI  EXT PFR Aut_1 Aut_2 Aut_3 SSIAD \n520780206 \nITEP HENRI \nVIET V AL DE \nMEUSE \n340,13 149,30 0,00 0,00 89,14 0,00 0,00 0,00 \n \nPour 2025, la fraction forfaitaire mensuelle, pour le secteur personnes handicap\u00e9es, s'\u00e9tablit \u00e0 \n321 295,79 \u20ac (dont 321 295,79 \u20ac imputable \u00e0 l'Assurance Maladie). \n \n \n \n \n \nArticle 2 A compter du 1 er janvier 2026, en application de l'article L.314 -7 du CASF, la \ndotation globalis\u00e9e commune s'\u00e9l\u00e8ve, \u00e0 titre transitoire, \u00e0 3  995 549,44 \u20ac. Elle se \nr\u00e9partit de la mani\u00e8re suivante, les prix de journ\u00e9e de reconduction \u00e9tant \u00e9galement \nmentionn\u00e9s : \n  \n \n \n \n- personnes handicap\u00e9es : 3 995 549,44  \u20ac \n(dont 3 995 549,44  \u20ac imputable \u00e0 l'Assurance Maladie) \n \n \nDotations (en \u20ac) \nFINESS INT  SI  EXT PFR Aut_1 Aut_2 Aut_3 SSIAD \n520780206 \nITEP HENRI VIET \nV AL DE MEUSE \n2 375 805,21 683 771,28 0,00 0,00 520 118,28 240 000,00 175 854,67 0,00 \n \n \n \n \nPrix de journ\u00e9e (en \u20ac) \nFINESS INT SI EXT PFR Aut_1 Aut_2 Aut_3 SSIAD \n520780206 \nITEP HENRI VIET \nV AL DE MEUSE \n340,13 149,30 0,00 0,00 89,14 0,00 0,00 0,00 \n \nPour 2026, la fraction forfaitaire mensuelle, pour le secteur personnes handicap\u00e9es, s'\u00e9tablit \u00e0 \n332 962,45 \u20ac (dont 332 962,45 \u20ac imputable \u00e0 l'Assurance Maladie). \n \n \n \nArticle 3 Les recours contentieux dirig\u00e9s contre la pr\u00e9sente d\u00e9cision doivent \u00eatre port\u00e9s devant \nle Tribunal Administratif sis 6, Rue du Haut Bourgeois, 54035 NANCY dans un d\u00e9lai \nde deux mois \u00e0 compter de sa publication ou, pour les personnes auxquelles elle sera \nnotifi\u00e9e, \u00e0 compter de sa notification. Le tribunal administratif peut \u00eatre saisi par \nl'application \u00ab T\u00e9l\u00e9recours citoyens \u00bb accessible par le site www.telerecours.fr. \n  \nArticle 4 La pr\u00e9sente d\u00e9cision sera publi\u00e9e au recueil des actes administratifs . \n  \n  Article 5         La Directrice G\u00e9n\u00e9rale de l'ARS  Grand Est est charg\u00e9e de l'ex\u00e9cution de la pr\u00e9sente \nd\u00e9cision qui sera notifi\u00e9e \u00e0 l'entit\u00e9 gestionnaire (ALEFPA 590799730) et aux \nstructures concern\u00e9es. \n \n \n \nFait \u00e0 Chaumont, le 24 juin 2025 \n \n \n \n \n                                                                                                                               #signature# \n \n \nExR\u00c9PUBLIQUEFRAN\u00c7AISELibert\u00e9 @ Dd Agence R\u00e9gionale de Sant\u00e9\u00c9palir\u00e9 | Grand EstPraternit\u00e9\n \nDECISION TARIFAIRE N\u00b06228 PORTANT FIXATION POUR 2025 DU MONTANT ET DE LA \nREPARTITION DE LA DOTATION GLOBALISEE COMMUNE PREVUE AU \nCONTRAT PLURIANNUEL D'OBJECTIFS ET DE MOYENS DE  \nASSOCIATION LE BOIS L'ABBESSE - 520782988 \n \nPOUR LES ETABLISSEMENTS ET SERVICES SUIV ANTS  \nInstitut M\u00e9dico-Educatif (I.M.E.) - IME LE BOIS L'ABBESSE SAINT DIZIER - 520780198 \n \nEtab.Acc.M\u00e9dicalis\u00e9 en tout ou partie personnes handicap\u00e9es - FAM BOIS L'ABBESSE - 520003369 \n \nService d'accompagnement m\u00e9dico-social adultes handicap\u00e9s - SAMSAH LE BOIS L'ABESSE - 520003815 \n \nService d'\u00c9ducation Sp\u00e9ciale et de Soins \u00e0 Domicile - SESSAD BOIS L'ABBESSE SAINT DIZIER - \n520781675 \n \nEtablissement et Service d'Aide par le Travail (E.S.A.T.) - ESAT \"LES ATELIERS DE BOIS L'ABBESSE\" - \n520781683 \n \nEtablissement pour Enfants ou Adolescents Polyhandicap\u00e9s - ETS POLYHANDICAPES SAINT DIZIER - \n520784380 \n \n \nLa Directrice G\u00e9n\u00e9rale de l'ARS Grand Est \n \nVU le Code de l'Action Sociale et des Familles ; \n  \nVU le Code de la S\u00e9curit\u00e9 Sociale ; \n  \nVU la loi n\u00b0 2025 -199 du 28 f\u00e9vrier 2025 de financement de la S\u00e9curit\u00e9 Sociale pour 2025 \npubli\u00e9e au Journal Officiel du 28/02/2025 ; \n  \nVU l'arr\u00eat\u00e9 minist\u00e9riel du 02/06/2025 publi\u00e9 au Journal Officiel du 06/06/2025 pris en \napplication de l'article L314 -3 du Code de l'Action Sociale et des Familles fixant, pour \nl'ann\u00e9e 2025 l'objectif global de d\u00e9penses d'assurance maladie et le montant total de \nd\u00e9penses pour les \u00e9tablissements et services relevant de la Caisse nationale de solidarit\u00e9 \npour l'autonomie ; \n  \nVU la d\u00e9cision du 02/06/2025 publi\u00e9e au Journal Officiel du 06/06/2025 relative aux dotations \nr\u00e9gionales limitatives 2025 et \u00e0 la moyenne nationale des besoins en soins requis 2025 ; \n  \n  \nVU le d\u00e9cret du 21 mai 2024 portant nomination de Madame RATIGNIER -CARBONNEIL \nChristelle en qualit\u00e9 de Directrice G\u00e9n\u00e9rale de l'agence r\u00e9gionale de sant\u00e9 Grand Est ; \n \nVU la d\u00e9l\u00e9gation de signature de la Directrice G\u00e9n\u00e9rale de l'ARS vers le Directeur de HAUTE -\nMARNE en date du 22/05/2025 ;  \n  \nVU le Contrat Pluriannuel d'Objectifs et de Moyens conclu le 16/12/2014 prenant effet au \n01/01/2015 ; \n \n \n\nDECIDE \n \n \nArticle 1er A compter du 1er janvier 2025, au titre de 2025, la dotation globalis\u00e9e commune des \n\u00e9tablissements et services m\u00e9dico-sociaux financ\u00e9s par l'Assurance Maladie, g\u00e9r\u00e9s \npar l'entit\u00e9 d\u00e9nomm\u00e9e ASSOCIATION LE BOIS L'ABBESSE (520782988), a \u00e9t\u00e9 \nfix\u00e9e \u00e0 12 373 408,74 \u20ac, dont 0,00 \u20ac de cr\u00e9dits non reconductibles vers\u00e9s en une seule \nfois. \n \n Elle se r\u00e9partit de la mani\u00e8re suivante, les prix de journ\u00e9e \u00e0 compter de 01/01/2025 \n\u00e9tant \u00e9galement mentionn\u00e9s. \n \n \n- Personnes handicap\u00e9es : 12 373 408,74 \u20ac (dont 12 373 408,74 \u20ac imputable \u00e0 \nl'assurance maladie) \n Dotations (en \u20ac) \nFINESS INT  SI  EXT PFR Aut_1 Aut_2 Aut_3 SSIAD \n520003369 \nFAM BOIS \nL'ABBESSE \n720 109,32 60 222,30 0,00 0,00 238 178,65 0,00 0,00 0,00 \n520003815 \nSAMSAH LE \nBOIS L'ABESSE \n0,00 0,00 0,00 0,00 680 795,16 0,00 0,00 0,00 \n520780198 \nIME LE BOIS \nL'ABBESSE \nSAINT DIZIER \n1 129 135,98 4 221 986,71 99 847,01 133 937,21 147 142,96 178 149,00 168 171,60 0,00 \n520781675 \nSESSAD BOIS \nL'ABBESSE \nSAINT DIZIER \n0,00 0,00 0,00 0,00 826 952,27 336 880,19 162 362,11 0,00 \n520781683 \nESAT \"LES \nATELIERS DE \nBOIS \nL'ABBESSE\" \n0,00 0,00 2 489 \n150,36 0,00 0,00 0,00 0,00 0,00 \n520784380 \nETS \nPOLYHANDICA\nPES SAINT \nDIZIER \n0,00 780 387,91 0,00 0,00 0,00 0,00 0,00 0,00 \n \n \n Prix de Journ\u00e9e (en \u20ac) \nFINESS INT  SI  EXT PFR Aut_1 Aut_2 Aut_3 SSIAD \n520003369 \nFAM BOIS \nL'ABBESSE \n102,27 140,05 0,00 0,00 90,49 0,00 0,00 0,00 \n520003815 \nSAMSAH LE \nBOIS L'ABESSE \n0,00 0,00 0,00 0,00 58,69 0,00 0,00 0,00 \n520780198 \nIME LE BOIS \nL'ABBESSE \nSAINT DIZIER \n264,37 263,87 0,00 0,00 76,24 0,00 0,00 0,00 \n520781675 \nSESSAD BOIS \nL'ABBESSE \nSAINT DIZIER \n0,00 0,00 0,00 0,00 68,91 267,37 135,30 0,00 \n520781683 \nESAT \"LES \nATELIERS DE \nBOIS \n0,00 0,00 66,38 0,00 0,00 0,00 0,00 0,00 \nL'ABBESSE\" \n520784380 \nETS \nPOLYHANDICA\nPES SAINT \nDIZIER \n0,00 312,16 0,00 0,00 0,00 0,00 0,00 0,00 \n \nPour 2025, la fraction forfaitaire mensuelle, pour le secteur personnes handicap\u00e9es, s'\u00e9tablit \u00e0 \n1 031 117,40 \u20ac (dont 1 031 117,40 \u20ac imputable \u00e0 l'Assurance Maladie). \n \n \n \n \n \nArticle 2 A compter du 1 er janvier 2026, en application de l'article L.314 -7 du CASF, la \ndotation globalis\u00e9e commune s'\u00e9l\u00e8ve, \u00e0 titre transitoire, \u00e0 12  373 408,74 \u20ac. Elle se \nr\u00e9partit de la mani\u00e8re suivante, les prix de journ\u00e9e de reconduction \u00e9tant \u00e9galement \nmentionn\u00e9s : \n  \n \n \n \n- personnes handicap\u00e9es : 12 373 408,74  \u20ac \n(dont 12 373 408,74  \u20ac imputable \u00e0 l'Assurance Maladie) \n \n \nDotations (en \u20ac) \nFINESS INT  SI  EXT PFR Aut_1 Aut_2 Aut_3 SSIAD \n520003369 \nFAM BOIS \nL'ABBESSE \n720 109,32 60 222,30 0,00 0,00 238 178,65 0,00 0,00 0,00 \n520003815 \nSAMSAH LE \nBOIS L'ABESSE \n0,00 0,00 0,00 0,00 680 795,16 0,00 0,00 0,00 \n520780198 \nIME LE BOIS \nL'ABBESSE \nSAINT DIZIER \n1 129 135,98 4 221 986,71 99 847,01 133 937,21 147 142,96 178 149,00 168 171,60 0,00 \n520781675 \nSESSAD BOIS \nL'ABBESSE \nSAINT DIZIER \n0,00 0,00 0,00 0,00 826 952,27 336 880,19 162 362,11 0,00 \n520781683 \nESAT \"LES \nATELIERS DE \nBOIS L'ABBESSE\" \n0,00 0,00 2 489 150,36 0,00 0,00 0,00 0,00 0,00 \n520784380 \nETS \nPOLYHANDICAP\nES SAINT DIZIER \n0,00 780 387,91 0,00 0,00 0,00 0,00 0,00 0,00 \n \n \n \n \nPrix de journ\u00e9e (en \u20ac) \nFINESS INT SI EXT PFR Aut_1 Aut_2 Aut_3 SSIAD \n520003369 \nFAM BOIS \nL'ABBESSE \n102,27 140,05 0,00 0,00 90,49 0,00 0,00 0,00 \n520003815 \nSAMSAH LE \nBOIS L'ABESSE \n0,00 0,00 0,00 0,00 58,69 0,00 0,00 0,00 \n520780198 \nIME LE BOIS \nL'ABBESSE \nSAINT DIZIER \n264,37 263,87 0,00 0,00 76,24 0,00 0,00 0,00 \n520781675 \nSESSAD BOIS \nL'ABBESSE \nSAINT DIZIER \n0,00 0,00 0,00 0,00 68,91 267,37 135,30 0,00 \n520781683 \nESAT \"LES \nATELIERS DE \nBOIS L'ABBESSE\" \n0,00 0,00 66,38 0,00 0,00 0,00 0,00 0,00 \n520784380 \nETS \nPOLYHANDICAP\nES SAINT DIZIER \n0,00 312,16 0,00 0,00 0,00 0,00 0,00 0,00 \n \nPour 2026, la fraction forfaitaire mensuelle, pour le secteur personnes handicap\u00e9es, s'\u00e9tablit \u00e0 \n1 031 117,40 \u20ac (dont 1 031 117,40 \u20ac imputable \u00e0 l'Assurance Maladie). \n \n \n \nArticle 3 Les recours contentieux dirig\u00e9s contre la pr\u00e9sente d\u00e9cision doivent \u00eatre port\u00e9s devant \nle Tribunal Administratif sis 6, Rue du Haut Bourgeois, 54035 NANCY dans un d\u00e9lai \nde deux mois \u00e0 compter de sa publication ou, pour les personnes auxquelles elle sera \nnotifi\u00e9e, \u00e0 compter de sa notification. Le tribunal administratif peut \u00eatre saisi par \nl'application \u00ab T\u00e9l\u00e9recours citoyens \u00bb accessible par le site www.telerecours.fr. \n  \nArticle 4 La pr\u00e9sente d\u00e9cision sera publi\u00e9e au recueil des actes administratifs . \n  \n  Article 5         La Directrice G\u00e9n\u00e9rale de l'ARS  Grand Est est charg\u00e9e de l'ex\u00e9cution de la pr\u00e9sente \nd\u00e9cision qui sera notifi\u00e9e \u00e0 l'entit\u00e9 gestionnaire (ASSOCIATION LE BOIS \nL'ABBESSE 520782988) et aux structures concern\u00e9es. \n \n \n \nFait \u00e0 Chaumont, le 24 juin 2025 \n \n \n \n \n                                                                                                                               #signature# \n \n \nExR\u00c9PUBLIQUEFRAN\u00c7AISELibert\u00e9 @ Dd Agence R\u00e9gionale de Sant\u00e9ga Grand EstPraternit\u00e9\n \nDECISION TARIFAIRE N\u00b06229 PORTANT FIXATION POUR 2025 DU MONTANT ET DE LA \nREPARTITION DE LA DOTATION GLOBALISEE COMMUNE PREVUE AU \nCONTRAT PLURIANNUEL D'OBJECTIFS ET DE MOYENS DE  \nADPEP 52 - 520782004 \n \nPOUR LES ETABLISSEMENTS ET SERVICES SUIV ANTS  \nInstitut M\u00e9dico-Educatif (I.M.E.) - IME CHATEAU RENARD - 520780123 \n \nEtablissement et Service d'Aide par le Travail (E.S.A.T.) - ESAT MONTLETANG - 520003435 \n \nService d'\u00c9ducation Sp\u00e9ciale et de Soins \u00e0 Domicile - SESSAD TSL - 520003872 \n \nInstitut d'Education Sensorielle Sourd/Aveugle - INST EDUCATION SENSORIELLE - 520782160 \n \nService d'\u00c9ducation Sp\u00e9ciale et de Soins \u00e0 Domicile - SESSAD CHATEAU RENARD - 520783952 \n \n \nLa Directrice G\u00e9n\u00e9rale de l'ARS Grand Est \n \nVU le Code de l'Action Sociale et des Familles ; \n  \nVU le Code de la S\u00e9curit\u00e9 Sociale ; \n  \nVU la loi n\u00b0 2025 -199 du 28 f\u00e9vrier 2025 de financement de la S\u00e9curit\u00e9 Sociale pour 2025 \npubli\u00e9e au Journal Officiel du 28/02/2025 ; \n  \nVU l'arr\u00eat\u00e9 minist\u00e9riel du 02/06/2025 publi\u00e9 au Journal Officiel du 06/06/2025 pris en \napplication de l'article L314 -3 du Code de l'Action Sociale et des Familles fixant, pour \nl'ann\u00e9e 2025 l'objectif global de d\u00e9penses d'assurance maladie et le montant total de \nd\u00e9penses pour les \u00e9tablissements et services relevant de la Caisse nationale de solidarit\u00e9 \npour l'autonomie ; \n  \nVU la d\u00e9cision du 02/06/2025 publi\u00e9e au Journal Officiel du 06/06/2025 relative aux dotations \nr\u00e9gionales limitatives 2025 et \u00e0 la moyenne nationale des besoins en soins requis 2025 ; \n  \n  \nVU le d\u00e9cret du 21 mai 2024 portant nomination de Madame RATIGNIER -CARBONNEIL \nChristelle en qualit\u00e9 de Directrice G\u00e9n\u00e9rale de l'agence r\u00e9gionale de sant\u00e9 Grand Est ; \n \nVU la d\u00e9l\u00e9gation de signature de la Directrice G\u00e9n\u00e9rale de l'ARS vers le Directeur de HAUTE -\nMARNE en date du 22/05/2025 ;  \n  \nVU le Contrat Pluriannuel d'Objectifs et de Moyens conclu le 07/12/2018 prenant effet au \n01/01/2019 ; \n \n \nDECIDE \n \n \n\nArticle 1er A compter du 1 er janvier 2025, au titre de 2025, la dotation globalis\u00e9e commune des \n\u00e9tablissements et services m\u00e9dico -sociaux financ\u00e9s par l'Assurance Maladie, g\u00e9r\u00e9s \npar l'entit\u00e9 d\u00e9nomm\u00e9e ADPEP 52 (520782004), a \u00e9t\u00e9 fix\u00e9e \u00e0 3  151 251,86 \u20ac, dont \n0,00 \u20ac de cr\u00e9dits non reconductibles vers\u00e9s en une seule fois. \n \n Elle se r\u00e9partit de la mani\u00e8re suivante, les prix de journ\u00e9e \u00e0 compter de 01/01/2025 \n\u00e9tant \u00e9galement mentionn\u00e9s. \n \n \n- Personnes handicap\u00e9es : 3 151 251,86 \u20ac (dont 3 151 251,86 \u20ac imputable \u00e0 \nl'assurance maladie) \n Dotations (en \u20ac) \nFINESS INT  SI  EXT PFR Aut_1 Aut_2 Aut_3 SSIAD \n520003435 \nESAT \nMONTLETANG \n0,00 0,00 361 660,34 0,00 0,00 0,00 0,00 0,00 \n520003872 \nSESSAD TSL 0,00 0,00 0,00 0,00 0,00 0,00 0,00 0,00 \n520780123 \nIME CHATEAU \nRENARD \n1 512 019,93 194 369,85 303 161,80 0,00 259 345,55 0,00 0,00 0,00 \n520782160 \nINST \nEDUCATION \nSENSORIELLE \n0,00 0,00 291 059,10 0,00 229 635,29 0,00 0,00 0,00 \n520783952 \nSESSAD \nCHATEAU \nRENARD \n0,00 0,00 0,00 0,00 0,00 0,00 0,00 0,00 \n \n \n Prix de Journ\u00e9e (en \u20ac) \nFINESS INT  SI  EXT PFR Aut_1 Aut_2 Aut_3 SSIAD \n520003435 \nESAT \nMONTLETANG \n0,00 0,00 72,40 0,00 0,00 0,00 0,00 0,00 \n520003872 \nSESSAD TSL 0,00 0,00 0,00 0,00 0,00 0,00 0,00 0,00 \n520780123 \nIME CHATEAU \nRENARD \n245,38 123,49 327,39 0,00 109,89 0,00 0,00 0,00 \n520782160 \nINST \nEDUCATION \nSENSORIELLE \n0,00 0,00 123,33 0,00 97,30 0,00 0,00 0,00 \n520783952 \nSESSAD \nCHATEAU \nRENARD \n0,00 0,00 0,00 0,00 0,00 0,00 0,00 0,00 \n \nPour 2025, la fraction forfaitaire mensuelle, pour le secteur personnes handicap\u00e9es, s'\u00e9tablit \u00e0 \n262 604,32 \u20ac (dont 262 604,32 \u20ac imputable \u00e0 l'Assurance Maladie). \n \n \n \n \n \nArticle 2 A compter du 1 er janvier 2026, en application de l'article L.314 -7 du CASF, la \ndotation globalis\u00e9e commune s'\u00e9l\u00e8ve, \u00e0 titre transitoire, \u00e0 3  151 251,86 \u20ac. Elle se \nr\u00e9partit de la mani\u00e8re suivante, les prix de journ\u00e9e de reconduction \u00e9tant \u00e9galement \nmentionn\u00e9s : \n  \n \n \n \n- personnes handicap\u00e9es : 3 151 251,86  \u20ac \n(dont 3 151 251,86  \u20ac imputable \u00e0 l'Assurance Maladie) \n \n \nDotations (en \u20ac) \nFINESS INT  SI  EXT PFR Aut_1 Aut_2 Aut_3 SSIAD \n520003435 \nESAT \nMONTLETANG \n0,00 0,00 361 660,34 0,00 0,00 0,00 0,00 0,00 \n520003872 \nSESSAD TSL 0,00 0,00 0,00 0,00 0,00 0,00 0,00 0,00 \n520780123 \nIME CHATEAU \nRENARD \n1 512 019,93 194 369,85 303 161,80 0,00 259 345,55 0,00 0,00 0,00 \n520782160 \nINST \nEDUCATION \nSENSORIELLE \n0,00 0,00 291 059,10 0,00 229 635,29 0,00 0,00 0,00 \n520783952 \nSESSAD \nCHATEAU \nRENARD \n0,00 0,00 0,00 0,00 0,00 0,00 0,00 0,00 \n \n \n \n \nPrix de journ\u00e9e (en \u20ac) \nFINESS INT SI EXT PFR Aut_1 Aut_2 Aut_3 SSIAD \n520003435 \nESAT \nMONTLETANG \n0,00 0,00 72,40 0,00 0,00 0,00 0,00 0,00 \n520003872 \nSESSAD TSL 0,00 0,00 0,00 0,00 0,00 0,00 0,00 0,00 \n520780123 \nIME CHATEAU \nRENARD \n245,38 123,49 327,39 0,00 109,89 0,00 0,00 0,00 \n520782160 \nINST \nEDUCATION \nSENSORIELLE \n0,00 0,00 123,33 0,00 97,30 0,00 0,00 0,00 \n520783952 \nSESSAD \nCHATEAU \nRENARD \n0,00 0,00 0,00 0,00 0,00 0,00 0,00 0,00 \n \nPour 2026, la fraction forfaitaire mensuelle, pour le secteur personnes handicap\u00e9es, s'\u00e9tablit \u00e0 \n262 604,32 \u20ac (dont 262 604,32 \u20ac imputable \u00e0 l'Assurance Maladie). \n \n \n \nArticle 3 Les recours contentieux dirig\u00e9s contre la pr\u00e9sente d\u00e9cision doivent \u00eatre port\u00e9s devant \nle Tribunal Administratif sis 6, Rue du Haut Bourgeois, 54035 NANCY dans un d\u00e9lai \nde deux mois \u00e0 compter de sa publication ou, pour les personnes auxquelles elle sera \nnotifi\u00e9e, \u00e0 compter de sa notification. Le tribunal administratif peut \u00eatre saisi par \nl'application \u00ab T\u00e9l\u00e9recours citoyens \u00bb accessible par le site www.telerecours.fr. \n  \nArticle 4 La pr\u00e9sente d\u00e9cision sera publi\u00e9e au recueil des actes administratifs . \n  \n  Article 5         La Directrice G\u00e9n\u00e9rale de l'ARS  Grand Est est charg\u00e9e de l'ex\u00e9cution de la pr\u00e9sente \nd\u00e9cision qui sera notifi\u00e9e \u00e0 l'entit\u00e9 gestionnaire (ADPEP 52 520782004) et aux \nstructures concern\u00e9es. \n \n \n \nFait \u00e0 Chaumont, le 24 juin 2025 \n \n \n \n \n                                                                                                                               #signature# \n \n \nExR\u00c9PUBLIQUEFRAN\u00c7AISELibert\u00e9 @ Dd Agence R\u00e9gionale de Sant\u00e9\u00c9palir\u00e9 | Grand EstPraternit\u00e9\n \nDECISION TARIFAIRE N\u00b06230 PORTANT FIXATION POUR 2025 DU MONTANT ET DE LA \nREPARTITION DE LA DOTATION GLOBALISEE COMMUNE PREVUE AU \nCONTRAT PLURIANNUEL D'OBJECTIFS ET DE MOYENS DE  \nFONDATION LUCY LEBON - 520783044 \n \nPOUR LES ETABLISSEMENTS ET SERVICES SUIV ANTS  \nInstitut M\u00e9dico-Educatif (I.M.E.) - IME FONDATION L. LEBON MONTIER EN DER - 520780115 \n \nInstitut Th\u00e9rapeutique \u00c9ducatif et P\u00e9dagogique (I.T.E.P.) - ITEP CHALONS-EN-CHAMPAGNE - 510019599 \n \nInstitut Th\u00e9rapeutique \u00c9ducatif et P\u00e9dagogique (I.T.E.P.) - ITEP 51 \"LUCY LEBON\" - VITRY - 510023963 \n \nInstitut Th\u00e9rapeutique \u00c9ducatif et P\u00e9dagogique (I.T.E.P.) - ITEP ADOLESCENT LUCY LEBON ST DIZIER - \n520003138 \n \nInstitut Th\u00e9rapeutique \u00c9ducatif et P\u00e9dagogique (I.T.E.P.) - ITEP LUCY LEBON SAINT DIZIER - 520781659 \n \nService d'\u00c9ducation Sp\u00e9ciale et de Soins \u00e0 Domicile - SESSAD DE MONTIER-EN-DER - 520783960 \n \nCentre d'Accueil Familial Sp\u00e9cialis\u00e9 - CTRE ACC FAM SPEC MONTIER EN DER - 520784372 \n \n \nLa Directrice G\u00e9n\u00e9rale de l'ARS Grand Est \n \nVU le Code de l'Action Sociale et des Familles ; \n  \nVU le Code de la S\u00e9curit\u00e9 Sociale ; \n  \nVU la loi n\u00b0 2025 -199 du 28 f\u00e9vrier 2025 de financement de la S\u00e9curit\u00e9 Sociale pour 2025 \npubli\u00e9e au Journal Officiel du 28/02/2025 ; \n  \nVU l'arr\u00eat\u00e9 minist\u00e9riel du 02/06/2025 publi\u00e9 au Journal Officiel du 06/06/2025 pris en \napplication de l'article L314 -3 du Code de l'Action Sociale et des Familles fixant, pour \nl'ann\u00e9e 2025 l'objectif global de d\u00e9penses d'assurance maladie et le montant total de \nd\u00e9penses pour les \u00e9tablissements et services relevant de la Caisse nationale de solidarit\u00e9 \npour l'autonomie ; \n  \nVU la d\u00e9cision du 02/06/2025 publi\u00e9e au Journal Officiel du 06/06/2025 relative aux dotations \nr\u00e9gionales limitatives 2025 et \u00e0 la moyenne nationale des besoins en soins requis 2025 ; \n  \n  \nVU le d\u00e9cret du 21 mai 2024 portant nomination de Madame RATIGNIER -CARBONNEIL \nChristelle en qualit\u00e9 de Directrice G\u00e9n\u00e9rale de l'agence r\u00e9gionale de sant\u00e9 Grand Est ; \n \nVU la d\u00e9l\u00e9gation de signature de la Directrice G\u00e9n\u00e9rale de l'ARS vers le Directeur de HAUTE -\nMARNE en date du 22/05/2025 ;  \n  \nVU le Contrat Pluriannuel d'Objectifs et de Moyens conclu le 28/06/2019 prenant effet au \n01/01/2019 ; \n \n \n\nDECIDE \n \n \nArticle 1er A compter du 1ER janvier 2025, au titre de 2025, la dotation globalis\u00e9e commune des \n\u00e9tablissements et services m\u00e9dico -sociaux financ\u00e9s par l'Assurance Maladie, g\u00e9r\u00e9s \npar l'entit\u00e9 d\u00e9nomm\u00e9e FONDATION LUCY LEBON (520783044), a \u00e9t\u00e9 fix\u00e9e \u00e0 \n8 878 956,34 \u20ac, dont 0,00 \u20ac de cr\u00e9dits non reconductibles vers\u00e9s en une seule fois. \n \n Elle se r\u00e9partit de la mani\u00e8re suivante, les prix de journ\u00e9e \u00e0 compter de 01/01/2025 \n\u00e9tant \u00e9galement mentionn\u00e9s. \n \n \n- Personnes handicap\u00e9es : 8 878 956,34 \u20ac (dont 8 878 956,34 \u20ac imputable \u00e0 \nl'assurance maladie) \n Dotations (en \u20ac) \nFINESS INT  SI  EXT PFR Aut_1 Aut_2 Aut_3 SSIAD \n510019599 \nITEP \nCHALONS-EN-\nCHAMPAGNE \n482 434,85 412 058,65 0,00 0,00 0,00 0,00 0,00 0,00 \n510023963 \nITEP 51 \"LUCY \nLEBON\" - \nVITRY \n589 239,32 303 056,12 0,00 0,00 0,00 0,00 0,00 0,00 \n520003138 \nITEP \nADOLESCENT \nLUCY LEBON \nST DIZIER \n560 230,90 372 460,83 0,00 0,00 0,00 0,00 0,00 0,00 \n520780115 \nIME \nFONDATION L. \nLEBON \nMONTIER EN \nDER \n1 162 828,21 747 044,54 0,00 0,00 0,00 0,00 0,00 0,00 \n520781659 \nITEP LUCY \nLEBON SAINT \nDIZIER \n1 154 996,22 767 775,73 0,00 0,00 0,00 0,00 0,00 0,00 \n520783960 \nSESSAD DE \nMONTIER-EN-\nDER \n0,00 0,00 0,00 0,00 1 115 679,75 0,00 0,00 0,00 \n520784372 \nCTRE ACC FAM \nSPEC MONTIER \nEN DER \n0,00 0,00 0,00 0,00 0,00 0,00 1 211 151,22 0,00 \n \n \n Prix de Journ\u00e9e (en \u20ac) \nFINESS INT  SI  EXT PFR Aut_1 Aut_2 Aut_3 SSIAD \n510019599 \nITEP \nCHALONS-EN-\nCHAMPAGNE \n209,39 536,53 0,00 0,00 0,00 0,00 0,00 0,00 \n510023963 \nITEP 51 \"LUCY \nLEBON\" - \nVITRY \n255,75 789,21 0,00 0,00 0,00 0,00 0,00 0,00 \n520003138 \nITEP \nADOLESCENT \nLUCY LEBON \n315,98 378,13 0,00 0,00 0,00 0,00 0,00 0,00 \nST DIZIER \n520780115 \nIME \nFONDATION L. \nLEBON \nMONTIER EN \nDER \n199,42 390,92 0,00 0,00 0,00 0,00 0,00 0,00 \n520781659 \nITEP LUCY \nLEBON SAINT \nDIZIER \n294,57 401,98 0,00 0,00 0,00 0,00 0,00 0,00 \n520783960 \nSESSAD DE \nMONTIER-EN-\nDER \n0,00 0,00 0,00 0,00 92,04 0,00 0,00 0,00 \n520784372 \nCTRE ACC FAM \nSPEC MONTIER \nEN DER \n0,00 0,00 0,00 0,00 0,00 0,00 157,11 0,00 \n \nPour 2025, la fraction forfaitaire mensuelle, pour le secteur personnes handicap\u00e9es, s'\u00e9tablit \u00e0 \n739 913,03 \u20ac (dont 739 913,03 \u20ac imputable \u00e0 l'Assurance Maladie). \n \n \n \n \n \nArticle 2 A compter du 1 er janvier 2026, en application de l'article L.314 -7 du CASF, la \ndotation globalis\u00e9e commune s'\u00e9l\u00e8ve, \u00e0 titre transitoire, \u00e0 8  832 956,34 \u20ac. Elle se \nr\u00e9partit de la mani\u00e8re suivante, les prix de journ\u00e9e de reconduction \u00e9tant \u00e9galement \nmentionn\u00e9s : \n  \n \n \n \n- personnes handicap\u00e9es : 8 832 956,34  \u20ac \n(dont 8 832 956,34  \u20ac imputable \u00e0 l'Assurance Maladie) \n \n \nDotations (en \u20ac) \nFINESS INT  SI  EXT PFR Aut_1 Aut_2 Aut_3 SSIAD \n510019599 \nITEP CHALONS-\nEN-CHAMPAGNE \n482 434,85 412 058,65 0,00 0,00 0,00 0,00 0,00 0,00 \n510023963 \nITEP 51 \"LUCY \nLEBON\" - VITRY \n589 239,32 303 056,12 0,00 0,00 0,00 0,00 0,00 0,00 \n520003138 \nITEP \nADOLESCENT \nLUCY LEBON ST \nDIZIER \n560 230,90 372 460,83 0,00 0,00 0,00 0,00 0,00 0,00 \n520780115 \nIME FONDATION \nL. LEBON \nMONTIER EN \nDER \n1 116 828,21 747 044,54 0,00 0,00 0,00 0,00 0,00 0,00 \n520781659 \nITEP LUCY \nLEBON SAINT \nDIZIER \n1 154 996,22 767 775,73 0,00 0,00 0,00 0,00 0,00 0,00 \n520783960 \nSESSAD DE \nMONTIER-EN-\n0,00 0,00 0,00 0,00 1 115 679,75 0,00 0,00 0,00 \nDER \n520784372 \nCTRE ACC FAM \nSPEC MONTIER \nEN DER \n0,00 0,00 0,00 0,00 0,00 0,00 1 211 151,22 0,00 \n \n \n \n \nPrix de journ\u00e9e (en \u20ac) \nFINESS INT SI EXT PFR Aut_1 Aut_2 Aut_3 SSIAD \n510019599 \nITEP CHALONS-\nEN-CHAMPAGNE \n209,39 536,53 0,00 0,00 0,00 0,00 0,00 0,00 \n510023963 \nITEP 51 \"LUCY \nLEBON\" - VITRY \n255,75 789,21 0,00 0,00 0,00 0,00 0,00 0,00 \n520003138 \nITEP \nADOLESCENT \nLUCY LEBON ST \nDIZIER \n315,98 378,13 0,00 0,00 0,00 0,00 0,00 0,00 \n520780115 \nIME FONDATION \nL. LEBON \nMONTIER EN \nDER \n191,53 390,92 0,00 0,00 0,00 0,00 0,00 0,00 \n520781659 \nITEP LUCY \nLEBON SAINT \nDIZIER \n294,57 401,98 0,00 0,00 0,00 0,00 0,00 0,00 \n520783960 \nSESSAD DE \nMONTIER-EN-\nDER \n0,00 0,00 0,00 0,00 92,04 0,00 0,00 0,00 \n520784372 \nCTRE ACC FAM \nSPEC MONTIER \nEN DER \n0,00 0,00 0,00 0,00 0,00 0,00 157,11 0,00 \n \nPour 2026, la fraction forfaitaire mensuelle, pour le secteur personnes handicap\u00e9es, s'\u00e9tablit \u00e0 \n736 079,70 \u20ac (dont 736 079,70 \u20ac imputable \u00e0 l'Assurance Maladie). \n \n \n \nArticle 3 Les recours contentieux dirig\u00e9s contre la pr\u00e9sente d\u00e9cision doivent \u00eatre port\u00e9s devant \nle Tribunal Administratif sis 6, Rue du Haut Bourgeois, 54035 NANCY dans un d\u00e9lai \nde deux mois \u00e0 compter de sa publication ou, pour les personnes auxquelles elle sera \nnotifi\u00e9e, \u00e0 compter de sa notification. Le tribunal administratif peut \u00eatre saisi par \nl'application \u00ab T\u00e9l\u00e9recours citoyens \u00bb accessible par le site www.telerecours.fr. \n  \nArticle 4 La pr\u00e9sente d\u00e9cision sera publi\u00e9e au recueil des actes administratifs . \n  \n  Article 5         La Directrice G\u00e9n\u00e9rale de l'ARS  Grand Est est charg\u00e9e de l'ex\u00e9cution de la pr\u00e9sente \nd\u00e9cision qui sera notifi\u00e9e \u00e0 l'entit\u00e9 gestionnaire (FONDATION LUCY LEBON \n520783044) et aux structures concern\u00e9es. \n \n \n \nFait \u00e0 Chaumont, le 24 juin 2025 \n \n \n \n \n                                                                                                                               #signature# \n \n \nExR\u00c9PUBLIQUEFRAN\u00c7AISELibert\u00e9 @ Dd Agence R\u00e9gionale de Sant\u00e9\u00c9palir\u00e9 | Grand EstPraternit\u00e9\n \nDECISION TARIFAIRE N\u00b06231 PORTANT FIXATION POUR 2025 DU MONTANT ET DE LA \nREPARTITION DE LA DOTATION GLOBALISEE COMMUNE PREVUE AU \nCONTRAT PLURIANNUEL D'OBJECTIFS ET DE MOYENS DE  \nA.D.A.S.M.S. - 520000373 \n \nPOUR LES ETABLISSEMENTS ET SERVICES SUIV ANTS  \nInstitut M\u00e9dico-Educatif (I.M.E.) - IME LE JOLI COIN PUELLEMONTIER - 520780107 \n \nService d'accompagnement m\u00e9dico-social adultes handicap\u00e9s - SAMSAH ADASMS - 520003807 \n \nService d'\u00c9ducation Sp\u00e9ciale et de Soins \u00e0 Domicile - SESSAD PUELLEMONTIER - 520004631 \n \nEtablissement et Service d'Aide par le Travail (E.S.A.T.) - ESAT \"LES ATELIERS DE L'HERONNE\" - \n520782293 \n \n \nLa Directrice G\u00e9n\u00e9rale de l'ARS Grand Est \n \nVU le Code de l'Action Sociale et des Familles ; \n  \nVU le Code de la S\u00e9curit\u00e9 Sociale ; \n  \nVU la loi n\u00b0 2025 -199 du 28 f\u00e9vrier 2025 de financement de la S\u00e9curit\u00e9 Sociale pour 2025 \npubli\u00e9e au Journal Officiel du 28/02/2025 ; \n  \nVU l'arr\u00eat\u00e9 minist\u00e9riel du 02/06/2025 publi\u00e9 au Journal Officiel du 06/06/2025 pris en \napplication de l'article L314 -3 du Code de l'Action Sociale et des Familles fixant, pour \nl'ann\u00e9e 2025 l'objectif global de d\u00e9penses d'assurance maladie et le montant total de \nd\u00e9penses pour les \u00e9tablissements et services relevant de la Caisse nationale de solidarit\u00e9 \npour l'autonomie ; \n  \nVU la d\u00e9cision du 02/06/2025 publi\u00e9e au Journal Officiel du 06/06/2025 relative aux dotations \nr\u00e9gionales limitatives 2025 et \u00e0 la moyenne nationale des besoins en soins requis 2025 ; \n  \n  \nVU le d\u00e9cret du 21 mai 2024 portant nomination de Madame RATIGNIER -CARBONNEIL \nChristelle en qualit\u00e9 de Directrice G\u00e9n\u00e9rale de l'agence r\u00e9gionale de sant\u00e9 Grand Est ; \n \nVU la d\u00e9l\u00e9gation de signature de la Directrice G\u00e9n\u00e9rale de l'ARS vers le Directeur de HAUTE -\nMARNE en date du 22/05/2025 ;  \n  \nVU le Contrat Pluriannuel d'Objectifs et de Moyens conclu le 20/12/2016 prenant effet au \n01/01/2016 ; \n \n \n \n \n \n \n\nDECIDE \n \n \nArticle 1er A compter du 1er janvier 2025, au titre de 2025, la dotation globalis\u00e9e commune des \n\u00e9tablissements et services m\u00e9dico -sociaux financ\u00e9s par l'Assurance Maladie, g\u00e9r\u00e9s \npar l'entit\u00e9 d\u00e9nomm\u00e9e A.D.A.S.M.S. (520000373), a \u00e9t\u00e9 fix\u00e9e \u00e0 3 995 269,07 \u20ac, dont \n0,00 \u20ac de cr\u00e9dits non reconductibles vers\u00e9s en une seule fois. \n \n Elle se r\u00e9partit de la mani\u00e8re suivante, les prix de journ\u00e9e \u00e0 compter de 01/01/2025 \n\u00e9tant \u00e9galement mentionn\u00e9s. \n \n \n- Personnes handicap\u00e9es : 3 995 269,07 \u20ac (dont 3 995 269,07 \u20ac imputable \u00e0 \nl'assurance maladie) \n Dotations (en \u20ac) \nFINESS INT  SI  EXT PFR Aut_1 Aut_2 Aut_3 SSIAD \n520003807 \nSAMSAH \nADASMS \n0,00 0,00 0,00 0,00 239 031,33 0,00 0,00 0,00 \n520004631 \nSESSAD \nPUELLEMONTI\nER \n0,00 0,00 0,00 0,00 109 057,53 0,00 0,00 0,00 \n520780107 \nIME LE JOLI \nCOIN \nPUELLEMONTI\nER \n1 570 762,03 486 421,41 0,00 0,00 0,00 0,00 100 028,45 0,00 \n520782293 \nESAT \"LES \nATELIERS DE \nL'HERONNE\" \n0,00 0,00 1 489 \n968,32 0,00 0,00 0,00 0,00 0,00 \n \n \n Prix de Journ\u00e9e (en \u20ac) \nFINESS INT  SI  EXT PFR Aut_1 Aut_2 Aut_3 SSIAD \n520003807 \nSAMSAH \nADASMS \n0,00 0,00 0,00 0,00 54,57 0,00 0,00 0,00 \n520004631 \nSESSAD \nPUELLEMONTI\nER \n0,00 0,00 0,00 0,00 114,80 0,00 0,00 0,00 \n520780107 \nIME LE JOLI \nCOIN \nPUELLEMONTI\nER \n351,34 200,76 0,00 0,00 0,00 0,00 357,80 0,00 \n520782293 \nESAT \"LES \nATELIERS DE \nL'HERONNE\" \n0,00 0,00 70,82 0,00 0,00 0,00 0,00 0,00 \n \nPour 2025, la fraction forfaitaire mensuelle, pour le secteur personnes handicap\u00e9es, s'\u00e9tablit \u00e0 \n332 939,10 \u20ac (dont 332 939,10 \u20ac imputable \u00e0 l'Assurance Maladie). \n \n \n \n \n \nArticle 2 A compter du 1 er janvier 2026, en application de l'article L.314 -7 du CASF, la \ndotation globalis\u00e9e commune s'\u00e9l\u00e8ve, \u00e0 titre transitoire, \u00e0 4  037 302,95 \u20ac. Elle se \nr\u00e9partit de la mani\u00e8re suivante, les prix de journ\u00e9e de reconduction \u00e9tant \u00e9galement \nmentionn\u00e9s : \n  \n \n \n \n- personnes handicap\u00e9es : 4 037 302,95  \u20ac \n(dont 4 037 302,95  \u20ac imputable \u00e0 l'Assurance Maladie) \n \n \nDotations (en \u20ac) \nFINESS INT  SI  EXT PFR Aut_1 Aut_2 Aut_3 SSIAD \n520003807 \nSAMSAH \nADASMS \n0,00 0,00 0,00 0,00 239 031,33 0,00 0,00 0,00 \n520004631 \nSESSAD \nPUELLEMONTIE\nR \n0,00 0,00 0,00 0,00 109 057,53 0,00 0,00 0,00 \n520780107 \nIME LE JOLI \nCOIN \nPUELLEMONTIE\nR \n1 601 394,56 495 878,08 0,00 0,00 0,00 0,00 101 973,13 0,00 \n520782293 \nESAT \"LES \nATELIERS DE \nL'HERONNE\" \n0,00 0,00 1 489 968,32 0,00 0,00 0,00 0,00 0,00 \n \n \n \n \nPrix de journ\u00e9e (en \u20ac) \nFINESS INT SI EXT PFR Aut_1 Aut_2 Aut_3 SSIAD \n520003807 \nSAMSAH \nADASMS \n0,00 0,00 0,00 0,00 54,57 0,00 0,00 0,00 \n520004631 \nSESSAD \nPUELLEMONTIE\nR \n0,00 0,00 0,00 0,00 114,80 0,00 0,00 0,00 \n520780107 \nIME LE JOLI \nCOIN \nPUELLEMONTIE\nR \n351,34 200,76 0,00 0,00 0,00 0,00 357,80 0,00 \n520782293 \nESAT \"LES \nATELIERS DE \nL'HERONNE\" \n0,00 0,00 70,82 0,00 0,00 0,00 0,00 0,00 \n \nPour 2026, la fraction forfaitaire mensuelle, pour le secteur personnes handicap\u00e9es, s'\u00e9tablit \u00e0 \n336 441,92 \u20ac (dont 336 441,92 \u20ac imputable \u00e0 l'Assurance Maladie). \n \n \n \n \n \nArticle 3 Les recours contentieux dirig\u00e9s contre la pr\u00e9sente d\u00e9cision doivent \u00eatre port\u00e9s devant \nle Tribunal Administratif sis 6, Rue du Haut Bourgeois, 54035 NANCY dans un d\u00e9lai \nde deux mois \u00e0 compter de sa publication ou, pour les personnes auxquelles elle sera \nnotifi\u00e9e, \u00e0 compter de sa notification. Le tribunal administratif peut \u00eatre saisi par \nl'application \u00ab T\u00e9l\u00e9recours citoyens \u00bb accessible par le site www.telerecours.fr. \n  \nArticle 4 La pr\u00e9sente d\u00e9cision sera publi\u00e9e au recueil des actes administratifs . \n  \n  Article 5         La Directrice G\u00e9n\u00e9rale de l'ARS  Grand Est est charg\u00e9e de l'ex\u00e9cution de la pr\u00e9sente \nd\u00e9cision qui sera notifi\u00e9e \u00e0 l'entit\u00e9 gestionnaire (A.D.A.S.M.S. 520000373) et aux \nstructures concern\u00e9es. \n \n \n \nFait \u00e0 Chaumont, le 24 juin 2025 \n \n \n \n \n                                                                                                                               #signature# \n \n \nEuREPUBLIQUEFRAN\u00c7AISELibert\u00e9 \u00a9 D Azence R\u00e9gionale de Sant\u00e9Egalit\u00e9. Grand EstFraternit\u00e9\n  \n \nDECISION TARIFAIRE N\u00b010781 PORTANT FIXATION DU FORFAIT GLOBAL DE SOINS \nPOUR 2025 DE \nEHPAD LA TRINCASSAYE - 520783622 \n \nLa Directrice G\u00e9n\u00e9rale de l'ARS Grand Est \n \nVU le Code de l'Action Sociale et des Familles \n  \nVU le Code de la S\u00e9curit\u00e9 Sociale ; \n  \nVU la loi n\u00b02025 -199 du 28 f\u00e9vrier 2025 de financement de la S\u00e9curit\u00e9 Sociale pour 2025 \npubli\u00e9e au Journal Officiel du 28/02/2025 ; \n  \nVU l'arr\u00eat\u00e9 minist\u00e9riel du 02/06/2025  publi\u00e9 au Journal Officiel du 06/06/2025 pris en \napplication de l'article L314 -3 du Code de l'Action Sociale et des Familles fixant, pour \nl'ann\u00e9e 2025 l'objectif global de d\u00e9penses d'assurance maladie et le montant total de \nd\u00e9penses pour les \u00e9tablissements et services relevant de la Caisse nationale de solidarit\u00e9 \npour l'autonomie ; \n  \nVU l'arr\u00eat\u00e9 du 6 juin 2025  fixant le montant de la participation journali\u00e8re forfaitaire des \nr\u00e9sidents aux d\u00e9penses d'entretien de l'autonomie dans les \u00e9tablissements relevant des I, II \net IV bis de l'article L. 313 -12 du code de l'action sociale et des familles implant\u00e9s dans \nles d\u00e9partements participant \u00e0 l'exp\u00e9rimentation mentionn\u00e9e \u00e0 l'article 79 de la loi n\u00b0 \n2023-1250 du 26 d\u00e9cembre 2023 de financement de la s\u00e9curit\u00e9 sociale pour 2024, au titre \nde l'exercice 2025 ; \n  \nVU la d\u00e9cision du 02/06/2025 publi\u00e9e au Journal Officiel du 06/06/2025 relative aux dotations \nr\u00e9gionales limitatives 2025 et \u00e0 la moyenne nationale des besoins en soins requis 2025 ; \n  \nVU l'arr\u00eat\u00e9 du 28/05/2025 fixant pour 2025 les valeurs du point mentionn\u00e9e \u00e0 l'article 9 du \nd\u00e9cret n\u00b0 2025 -168 du 20/02/2025 du code de l'action sociale et des familles publi\u00e9 au \nJournal Officiel du 31/05/2025 ; \n  \nVU le d\u00e9cret du 21 mai 2024 portant nomination de Madame, RATIGNIER -CARBONNEIL, \nChristelle en qualit\u00e9 de Directrice G\u00e9n\u00e9rale de l'agence r\u00e9gionale de sant\u00e9 Grand Est ; \n  \nVU la d\u00e9cision de d\u00e9l\u00e9gation de signature de la Directrice G\u00e9n\u00e9rale de l'ARS vers le Directeur \nde HAUTE-MARNE en date du 22/05/2025 ; \n \nVU l'autorisation ou le renouvellement d'autorisation en date du 03/01/2017 de la structure \nEtablissement d'h\u00e9bergement pour personnes \u00e2g\u00e9es d\u00e9pendantes d\u00e9nomm\u00e9e EHPAD LA \nTRINCASSAYE (520783622) sise  A V DE LA RESISTANCE 52200 Langres et g\u00e9r\u00e9e par \nl'entit\u00e9 d\u00e9nomm\u00e9e CENTRE HOSPITALIER DE LANGRES (520780057) ; \n  \n \n  \n\nDECIDE \n \nArticle 1er A compter du 1 er janvier 2025, le montant \u00e0 la charge de la 5 \u00e8me branche est fix\u00e9 \u00e0 \n4 335 037,90 \u20ac au titre de 2025, dont 0,00 \u20ac de  cr\u00e9dits non reconductibles vers\u00e9s en \nune seule fois. \n \n La fraction forfaitaire mensuelle s'\u00e9tablit \u00e0 361 253,16 \u20ac. \n \nPour 2025, les tarifs sont d\u00e9compos\u00e9s comme suit : \n \n Partie soins du forfait \nglobal unique \nPartie entretien de \nl'autonomie du forfait \nglobal unique \nParticipation des r\u00e9sidents \n\u00e0 d\u00e9duire de la dotation \nglobalis\u00e9e commune \nMontant \u00e0 la \ncharge de la 5\u00e8me \nbranche \nTarif journalier \nH\u00e9bergement \nPermanent 3 749 004,16 \u20ac 436 912,87 \u20ac 143 034,13 \u20ac 4 042 882,90 \u20ac 90,62 \u20ac \nH\u00e9bergement \nTemporaire 70 351,00 \u20ac   70 351,00 \u20ac 146,87 \u20ac \nUHR 0,00 \u20ac   0,00 \u20ac  \nPASA 90 738,00 \u20ac   90 738,00 \u20ac  \nAccueil de Jour 131 066,00 \u20ac   131 066,00 \u20ac 118,08 \u20ac \nPlateforme de r\u00e9pit 0,00 \u20ac   0,00 \u20ac  \n \nArticle 2 A compter du 1 er janvier 2026, en application de l'article L.314 -7 du CASF, le \nmontant \u00e0 la charge de la 5\u00e8me branche est fix\u00e9, \u00e0 titre transitoire, \u00e0 4 628 916,65 \u20ac \n  \n Les tarifs de reconduction sont fix\u00e9s \u00e0 : \n \n Partie soins du forfait \nglobal unique N+1 \nPartie entretien de \nl'autonomie du forfait \nglobal unique N+1 \nParticipation des \nr\u00e9sidents \u00e0 d\u00e9duire de \nla dotation globalis\u00e9e \ncommune \nMontant \u00e0 la charge de la \n5\u00e8me branche \nN+1 \nTarif journalier \nN+1 \nH\u00e9bergement \nPermanent 3 749 004,16 \u20ac 873 825,74 \u20ac 286 068,25 \u20ac 4 336 761,65 \u20ac 97,21 \u20ac \nH\u00e9bergement \nTemporaire 70 351,00 \u20ac   70 351,00 \u20ac 146,87 \u20ac \nUHR 0,00 \u20ac   0,00 \u20ac  \nPASA 90 738,00 \u20ac   90 738,00 \u20ac  \nAccueil de Jour 131 066,00 \u20ac   131 066,00 \u20ac 118,08 \u20ac \nPlateforme de r\u00e9pit 0,00 \u20ac   0,00 \u20ac  \n \n La fraction forfaitaire mensuelle s'\u00e9tablit \u00e0 385 743,05 \u20ac. \n \n  \nArticle 3 Les recours contentieux dirig\u00e9s contre la pr\u00e9sente d\u00e9cision doivent \u00eatre port\u00e9s devant le \nTribunal Administratif sis 6 Rue du Haut Bourgeois 54035 NANCY dans un d\u00e9lai de deux \nmois \u00e0 compter de sa publication ou, pour les personnes auxquelles elle sera notifi\u00e9e, \u00e0 \ncompter de sa notification. Le tribunal administratif peut \u00eatre saisi par l'application \u00ab \nT\u00e9l\u00e9recours citoyens \u00bb accessible par le site www.telerecours.fr. \n  \nArticle 4 La pr\u00e9sente d\u00e9cision sera publi\u00e9e au recueil des actes administratifs. \n  \nArticle 5      La Directrice G\u00e9n\u00e9rale de l'ARS Grand Est est charg\u00e9e de l'ex\u00e9cution de la pr\u00e9sente \nd\u00e9cision qui sera notifi\u00e9e \u00e0 l'entit\u00e9 gestionnaire CENTRE HOSPITALIER DE LANGRES \n(520780057) et \u00e0 l'\u00e9tablissement concern\u00e9. \n \n \nFait \u00e0 CHAUMONT, le 30 juin 2025           \n \n \nLe Directeur \n                \n \n \n \n         #signature# \n \n \nEuREPUBLIQUEFRAN\u00c7AISELibert\u00e9 \u00a9 D Azence R\u00e9gionale de Sant\u00e9Egalit\u00e9. Grand EstFraternit\u00e9\n  \n \nDECISION TARIFAIRE N\u00b010782 PORTANT FIXATION DU FORFAIT GLOBAL DE SOINS \nPOUR 2025 DE \nEHPAD LA PROVIDENCE DE MONTIGNY LE ROI - 520783432 \n \nLa Directrice G\u00e9n\u00e9rale de l'ARS Grand Est \n \nVU le Code de l'Action Sociale et des Familles \n  \nVU le Code de la S\u00e9curit\u00e9 Sociale ; \n  \nVU la loi n\u00b02025 -199 du 28 f\u00e9vrier 2025 de financement de la S\u00e9curit\u00e9 Sociale pour 2025 \npubli\u00e9e au Journal Officiel du 28/02/2025 ; \n  \nVU l'arr\u00eat\u00e9 minist\u00e9riel du 02/06/2025 publi\u00e9 au Journal Officiel du 06/06/2025 pris en \napplication de l'article L314 -3 du Code de l'Action Sociale et des Familles fixant, pour \nl'ann\u00e9e 2025 l'objectif global de d\u00e9penses d'assurance maladie et le montant total de \nd\u00e9penses pour les \u00e9tablissements et services relevant de la Caisse nationale de s olidarit\u00e9 \npour l'autonomie ; \n  \nVU l'arr\u00eat\u00e9 du 6 juin 2025  fixant le montant de la participation journali\u00e8re forfaitaire des \nr\u00e9sidents aux d\u00e9penses d'entretien de l'autonomie dans les \u00e9tablissements relevant des I, II \net IV bis de l'article L. 313-12 du code de l'action sociale et des familles implant\u00e9s dans les \nd\u00e9partements participant \u00e0 l'exp\u00e9rimentation mentionn\u00e9e \u00e0 l'article 79 de la loi n\u00b0 2023 -\n1250 du 26 d\u00e9cembre 2023 de financement de la s\u00e9curit\u00e9 sociale pour 2024, au titre de \nl'exercice 2025 ; \n  \nVU la d\u00e9cision du 02/06/2025 publi\u00e9e au Journal Officiel du 06/06/2025 relative aux dotations \nr\u00e9gionales limitatives 2025 et \u00e0 la moyenne nationale des besoins en soins requis 2025 ; \n  \nVU l'arr\u00eat\u00e9 du 28/05/2025 fixant pour 2025 les valeurs du point mentionn\u00e9e \u00e0 l'article 9 du \nd\u00e9cret n\u00b0 2025 -168 du 20/02/2025 du code de l'action sociale et des familles publi\u00e9 au \nJournal Officiel du 31/05/2025 ; \n  \nVU le d\u00e9cret du 21 mai 2024 portant nomination de Madame, RATIGNIER -CARBONNEIL, \nChristelle en qualit\u00e9 de Directrice G\u00e9n\u00e9rale de l'agence r\u00e9gionale de sant\u00e9 Grand Est ; \n  \nVU la d\u00e9cision de d\u00e9l\u00e9gation de signature de la Directrice G\u00e9n\u00e9rale de l'ARS vers le Directeur \nde HAUTE-MARNE en date du 22/05/2025 ; \n \nVU l'autorisation ou le renouvellement d'autorisation en date du 03/01/2017 de la structure \nEtablissement d'h\u00e9bergement pour personnes \u00e2g\u00e9es d\u00e9pendantes d\u00e9nomm\u00e9e EHPAD LA \nPROVIDENCE DE MONTIGNY LE ROI (520783432) sise 2 R DE LA MADELEINE \n52140 Val-de-Meuse et g\u00e9r\u00e9e par l'entit\u00e9 d\u00e9nomm\u00e9e C.C.A.S DU V AL DE MEUSE \n(520783408) ; \n  \n \n \n \n \n \n\nDECIDE \n \nArticle 1er A compter du 01  janvier 2025, le montant \u00e0 la charge de la 5 \u00e8me branche est fix\u00e9 \u00e0 \n1 906 331,83 au titre de 2025, dont 0,00 de cr\u00e9dits non reconductibles vers\u00e9s en une \nseule fois. \n \n \n La fraction forfaitaire mensuelle s'\u00e9tablit \u00e0 158 860,99 \u20ac. \n \nPour 2025, les tarifs sont d\u00e9compos\u00e9s comme suit : \n \n Partie soins du forfait \nglobal unique \nPartie entretien de \nl'autonomie du forfait \nglobal unique \nParticipation des r\u00e9sidents \n\u00e0 d\u00e9duire de la dotation \nglobalis\u00e9e commune \nMontant \u00e0 la \ncharge de la 5\u00e8me \nbranche \nTarif journalier \nH\u00e9bergement \nPermanent 1 714 514,97 211 329,07 68 863,21 1 856 980,83 78,32 \nH\u00e9bergement \nTemporaire 49 351,00   49 351,00 98,70 \nUHR 0,00   0,00  \nPASA 0,00   0,00  \nAccueil de Jour 0,00   0,00 0,00 \nPlateforme de r\u00e9pit 0,00   0,00  \n \n \n \n \nArticle 2 A compter du 1er janvier 2026 , en application de l'article L.314-7 du CASF, le montant \n\u00e0 la charge de la 5\u00e8me branche est fix\u00e9, \u00e0 titre transitoire, \u00e0 2 048 797,68 \n  \n Les tarifs de reconduction sont fix\u00e9s \u00e0 : \n \n Partie soins du forfait \nglobal unique  N+1 \nPartie entretien de \nl'autonomie du forfait \nglobal unique N+1 \nParticipation des \nr\u00e9sidents \u00e0 d\u00e9duire de \nla dotation globalis\u00e9e \ncommune \nMontant \u00e0 la charge de la \n5\u00e8me branche \nN+1 \nTarif journalier \nN+1 \nH\u00e9bergement \nPermanent 1 714 514,97 422 658,13 137 726,42 1 999 446,68 84,33 \nH\u00e9bergement \nTemporaire 49 351,00   49 351,00 98,70 \nUHR 0,00   0,00  \nPASA 0,00   0,00  \nAccueil de Jour 0,00   0,00 0,00 \nPlateforme de r\u00e9pit 0,00   0,00  \n \n \n \n \n La fraction forfaitaire mensuelle s'\u00e9tablit \u00e0 170 733,14 \u20ac. \n \n  \nArticle 3 Les recours contentieux dirig\u00e9s contre la pr\u00e9sente d\u00e9cision doivent \u00eatre port\u00e9s devant le \nTribunal Administratif sis 6 Rue du Haut Bourgeois 54035 NANCY dans un d\u00e9lai de deux \nmois \u00e0 compter de sa publication ou, pour les personnes auxquelles elle sera noti fi\u00e9e, \u00e0 \ncompter de sa notification. Le tribunal administratif peut \u00eatre saisi par l'application \u00ab \nT\u00e9l\u00e9recours citoyens \u00bb accessible par le site www.telerecours.fr. \n  \nArticle 4 La pr\u00e9sente d\u00e9cision sera publi\u00e9e au recueil des actes administratifs. \n  \nArticle 5      La Directrice G\u00e9n\u00e9rale de l'ARS Grand Est est charg\u00e9e de l'ex\u00e9cution de la pr\u00e9sente d\u00e9cision \nqui sera notifi\u00e9e \u00e0 l'entit\u00e9 gestionnaire C.C.A.S DU V AL DE MEUSE (520783408) et \u00e0 \nl'\u00e9tablissement concern\u00e9. \n \n \nFait \u00e0 CHAUMONT, le 30 juin 2025           \n \n \nLe Directeur \n                \n \n \n \n         #signature# \n \n \nEuREPUBLIQUEFRAN\u00c7AISELibert\u00e9 \u00a9 D Azence R\u00e9gionale de Sant\u00e9Egalit\u00e9. Grand EstFraternit\u00e9\n  \n \nDECISION TARIFAIRE N\u00b010783 PORTANT FIXATION DU FORFAIT GLOBAL DE SOINS \nPOUR 2025 DE \nEHPAD DE BOURMONT - 520783150 \n \nLa Directrice G\u00e9n\u00e9rale de l'ARS Grand Est \n \nVU le Code de l'Action Sociale et des Familles \n  \nVU le Code de la S\u00e9curit\u00e9 Sociale ; \n  \nVU la loi n\u00b02025 -199 du 28 f\u00e9vrier 2025 de financement de la S\u00e9curit\u00e9 Sociale pour 2025 \npubli\u00e9e au Journal Officiel du 28/02/2025 ; \n  \nVU l'arr\u00eat\u00e9 minist\u00e9riel du 02/06/2025  publi\u00e9 au Journal Officiel du 06/06/2025 pris en \napplication de l'article L314 -3 du Code de l'Action Sociale et des Familles fixant, pour \nl'ann\u00e9e 2025 l'objectif global de d\u00e9penses d'assurance maladie et le montant total de \nd\u00e9penses pour les \u00e9tablissements et services relevant de la Caisse nationale de solidarit\u00e9 \npour l'autonomie ; \n  \nVU l'arr\u00eat\u00e9 du 6 juin 2025  fixant le montant de la participation journali\u00e8re forfaitaire des \nr\u00e9sidents aux d\u00e9penses d'entretien de l'autonomie dans les \u00e9tablissements relevant des I, II \net IV bis de l'article L. 313 -12 du code de l'action sociale et des familles implant\u00e9s dans \nles d\u00e9partements participant \u00e0 l'exp\u00e9rimentation mentionn\u00e9e \u00e0 l'article 79 de la loi n\u00b0 \n2023-1250 du 26 d\u00e9cembre 2023 de financement de la s\u00e9curit\u00e9 sociale pour 2024, au titre \nde l'exercice 2025 ; \n  \nVU la d\u00e9cision du 02/06/2025 publi\u00e9e au Journal Officiel du 06/06/2025 relative aux dotations \nr\u00e9gionales limitatives 2025 et \u00e0 la moyenne nationale des besoins en soins requis 2025 ; \n  \nVU l'arr\u00eat\u00e9 du 28/05/2025 fixant pour 2025 les valeurs du point mentionn\u00e9e \u00e0 l'article 9 du \nd\u00e9cret n\u00b0 2025 -168 du 20/02/2025 du code de l'action sociale et des familles publi\u00e9 au \nJournal Officiel du 31/05/2025 ; \n  \nVU le d\u00e9cret du 21 mai 2024 portant nomination de Madame, RATIGNIER -CARBONNEIL, \nChristelle en qualit\u00e9 de Directrice G\u00e9n\u00e9rale de l'agence r\u00e9gionale de sant\u00e9 Grand Est ; \n  \nVU la d\u00e9cision de d\u00e9l\u00e9gation de signature de la Directrice G\u00e9n\u00e9rale de l'ARS vers le Directeur \nde HAUTE-MARNE en date du 22/05/2025 ; \n \nVU l'autorisation ou le renouvellement d'autorisation en date du 03/01/2017 de la structure \nEtablissement d'h\u00e9bergement pour personnes \u00e2g\u00e9es d\u00e9pendantes d\u00e9nomm\u00e9e EHPAD DE \nBOURMONT (520783150) sise 3 R DU STADE 52150 Bourmont -entre-Meuse-et-\nMouzon et g\u00e9r\u00e9e par l'entit\u00e9 d\u00e9nomm\u00e9e C.C.A.S. BOURMONT MEUS MOUZ \n(520783242) ; \n  \n \n  \n\nDECIDE \n \nArticle 1er A compter du 1 er janvier 2025, le montant \u00e0 la charge de la 5 \u00e8me branche est fix\u00e9 \u00e0 \n1 609 230,34 \u20ac au titre de 2025, dont 0,00 \u20ac de  cr\u00e9dits non reconductibles vers\u00e9s en \nune seule fois. \n \n La fraction forfaitaire mensuelle s'\u00e9tablit \u00e0 134 102,53 \u20ac. \n \nPour 2025, les tarifs sont d\u00e9compos\u00e9s comme suit : \n \n Partie soins du forfait \nglobal unique \nPartie entretien de \nl'autonomie du forfait \nglobal unique \nParticipation des r\u00e9sidents \n\u00e0 d\u00e9duire de la dotation \nglobalis\u00e9e commune \nMontant \u00e0 la \ncharge de la 5\u00e8me \nbranche \nTarif journalier \nH\u00e9bergement \nPermanent 1 293 029,91 \u20ac 197 194,29 \u20ac 66 822,86 \u20ac 1 423 401,34 \u20ac 65,24 \u20ac \nH\u00e9bergement \nTemporaire 16 451,00 \u20ac   16 451,00 \u20ac 49,85 \u20ac \nUHR 0,00 \u20ac   0,00 \u20ac  \nPASA 90 738,00 \u20ac   90 738,00 \u20ac  \nAccueil de Jour 78 640,00 \u20ac   78 640,00 \u20ac 561,71 \u20ac \nPlateforme de r\u00e9pit 0,00 \u20ac   0,00 \u20ac  \n \nArticle 2 A compter du 1 er janvier 2026, en application de l'article L.314 -7 du CASF, le \nmontant \u00e0 la charge de la 5\u00e8me branche est fix\u00e9, \u00e0 titre transitoire, \u00e0 1 739 601,78 \u20ac \n  \n Les tarifs de reconduction sont fix\u00e9s \u00e0 : \n \n Partie soins du forfait \nglobal unique N+1 \nPartie entretien de \nl'autonomie du forfait \nglobal unique N+1 \nParticipation des \nr\u00e9sidents \u00e0 d\u00e9duire de \nla dotation globalis\u00e9e \ncommune \nMontant \u00e0 la charge de la \n5\u00e8me branche \nN+1 \nTarif journalier \nN+1 \nH\u00e9bergement \nPermanent 1 293 029,91 \u20ac 394 388,59 \u20ac 133 645,72 \u20ac 1 553 772,78 \u20ac 71,21 \u20ac \nH\u00e9bergement \nTemporaire 16 451,00 \u20ac   16 451,00 \u20ac 49,85 \u20ac \nUHR 0,00 \u20ac   0,00 \u20ac  \nPASA 90 738,00 \u20ac   90 738,00 \u20ac  \nAccueil de Jour 78 640,00 \u20ac   78 640,00 \u20ac 561,71 \u20ac \nPlateforme de r\u00e9pit 0,00 \u20ac   0,00 \u20ac  \n \n La fraction forfaitaire mensuelle s'\u00e9tablit \u00e0 144 966,82 \u20ac. \n \n  \nArticle 3 Les recours contentieux dirig\u00e9s contre la pr\u00e9sente d\u00e9cision doivent \u00eatre port\u00e9s devant le \nTribunal Administratif sis 6 Rue du Haut Bourgeois 54035 NANCY dans un d\u00e9lai de deux \nmois \u00e0 compter de sa publication ou, pour les personnes auxquelles elle sera notifi\u00e9e, \u00e0 \ncompter de sa notification. Le tribunal administratif peut \u00eatre saisi par l'application \u00ab \nT\u00e9l\u00e9recours citoyens \u00bb accessible par le site www.telerecours.fr. \n  \nArticle 4 La pr\u00e9sente d\u00e9cision sera publi\u00e9e au recueil des actes administratifs. \n  \nArticle 5      La Directrice G\u00e9n\u00e9rale de l'ARS Grand Est est charg\u00e9e de l'ex\u00e9cution de la pr\u00e9sente \nd\u00e9cision qui sera notifi\u00e9e \u00e0 l'entit\u00e9 gestionnaire C.C.A.S. BOURMONT MEUS MOUZ \n(520783242) et \u00e0 l'\u00e9tablissement concern\u00e9. \n \n \nFait \u00e0 CHAUMONT, le 30 juin 2025           \n \n \nLe Directeur \n                \n \n \n \n         #signature# \n \n \nEuREPUBLIQUEFRAN\u00c7AISELibert\u00e9 \u00a9 D Azence R\u00e9gionale de Sant\u00e9Egalit\u00e9. Grand EstFraternit\u00e9\n  \n \nDECISION TARIFAIRE N\u00b010784 PORTANT FIXATION DU FORFAIT GLOBAL DE SOINS \nPOUR 2025 DE \nEHPAD RES DES AINES CH MONTIER-EN-DER - 520782178 \n \nLa Directrice G\u00e9n\u00e9rale de l'ARS Grand Est \n \nVU le Code de l'Action Sociale et des Familles \n  \nVU le Code de la S\u00e9curit\u00e9 Sociale ; \n  \nVU la loi n\u00b02025 -199 du 28 f\u00e9vrier 2025 de financement de la S\u00e9curit\u00e9 Sociale pour 2025 \npubli\u00e9e au Journal Officiel du 28/02/2025 ; \n  \nVU l'arr\u00eat\u00e9 minist\u00e9riel du 02/06/2025 publi\u00e9 au Journal Officiel du 06/06/2025 pris en \napplication de l'article L314 -3 du Code de l'Action Sociale et des Familles fixant, pour \nl'ann\u00e9e 2025 l'objectif global de d\u00e9penses d'assurance maladie et le montant total de \nd\u00e9penses pour les \u00e9tablissements et services relevant de la Caisse nationale de solidarit\u00e9 \npour l'autonomie ; \n  \nVU l'arr\u00eat\u00e9 du 6 juin 2025  fixant le montant de la participation journali\u00e8re forfaitaire des \nr\u00e9sidents aux d\u00e9penses d'entretien de l'autonomie dans les \u00e9tablissements relevant des I, II \net IV bis de l'article L. 313-12 du code de l'action sociale et des familles implant\u00e9s dans les \nd\u00e9partements participant \u00e0 l'exp\u00e9rimentation mentionn\u00e9e \u00e0 l'article 79 de la loi n\u00b0 2023 -\n1250 du 26 d\u00e9cembre 2023 de financement de la s\u00e9curit\u00e9 sociale pour 2024, au titre de \nl'exercice 2025 ; \n  \nVU la d\u00e9cision du 02/06/2025 publi\u00e9e au Journal Officiel du 06/06/2025 relative aux dotations \nr\u00e9gionales limitatives 2025 et \u00e0 la moyenne nationale des besoins en soins requis 2025 ; \n  \nVU l'arr\u00eat\u00e9 du 28/05/2025 fixant pour 2025 les valeurs du point mentionn\u00e9e \u00e0 l'article 9 du \nd\u00e9cret n\u00b0 2025 -168 du 20/02/2025 du code de l'action sociale et des familles publi\u00e9 au \nJournal Officiel du 31/05/2025 ; \n  \nVU le d\u00e9cret du 21 mai 2024 portant nomination de Madame, RATIGNIER -CARBONNEIL, \nChristelle en qualit\u00e9 de Directrice G\u00e9n\u00e9rale de l'agence r\u00e9gionale de sant\u00e9 Grand Est ; \n  \nVU la d\u00e9cision de d\u00e9l\u00e9gation de signature de la Directrice G\u00e9n\u00e9rale de l'ARS vers le Directeur \nde HAUTE-MARNE en date du 22/05/2025 ; \n \nVU l'autorisation ou le renouvellement d'autorisation en date du 03/01/2017 de la structure \nEtablissement d'h\u00e9bergement pour personnes \u00e2g\u00e9es d\u00e9pendantes d\u00e9nomm\u00e9e EHPAD RES \nDES AINES CH MONTIER-EN-DER (520782178) sise 26 R AUDIFFRED 52220 Porte \ndu Der et g\u00e9r\u00e9e par l'entit\u00e9 d\u00e9nomm\u00e9e CENTRE HOSPITALIER DE MONTIER-EN-DER \n(520780065) ; \n  \n \n \n \n \n \n\nDECIDE \n \nArticle 1er A compter du 01  janvier 2025, le montant \u00e0 la charge de la 5 \u00e8me branche est fix\u00e9 \u00e0 \n4 389 377,38 au titre de 2025, dont 0,00 de cr\u00e9dits non reconductibles vers\u00e9s en une \nseule fois. \n \n \n La fraction forfaitaire mensuelle s'\u00e9tablit \u00e0 365 781,45 \u20ac. \n \nPour 2025, les tarifs sont d\u00e9compos\u00e9s comme suit : \n \n Partie soins du forfait \nglobal unique \nPartie entretien de \nl'autonomie du forfait \nglobal unique \nParticipation des r\u00e9sidents \n\u00e0 d\u00e9duire de la dotation \nglobalis\u00e9e commune \nMontant \u00e0 la \ncharge de la 5\u00e8me \nbranche \nTarif journalier \nH\u00e9bergement \nPermanent 3 881 792,19 381 348,41 129 943,22 4 133 197,38 99,52 \nH\u00e9bergement \nTemporaire 86 802,00   86 802,00 280,01 \nUHR 0,00   0,00  \nPASA 90 738,00   90 738,00  \nAccueil de Jour 78 640,00   78 640,00 604,92 \nPlateforme de r\u00e9pit 0,00   0,00  \n \n \n \n \nArticle 2 A compter du 1er janvier 2026 , en application de l'article L.314-7 du CASF, le montant \n\u00e0 la charge de la 5\u00e8me branche est fix\u00e9, \u00e0 titre transitoire, \u00e0 4 640 782,59 \n  \n Les tarifs de reconduction sont fix\u00e9s \u00e0 : \n \n Partie soins du forfait \nglobal unique  N+1 \nPartie entretien de \nl'autonomie du forfait \nglobal unique N+1 \nParticipation des \nr\u00e9sidents \u00e0 d\u00e9duire de \nla dotation globalis\u00e9e \ncommune \nMontant \u00e0 la charge de la \n5\u00e8me branche \nN+1 \nTarif journalier \nN+1 \nH\u00e9bergement \nPermanent 3 881 792,19 762 696,83 259 886,43 4 384 602,59 105,58 \nH\u00e9bergement \nTemporaire 86 802,00   86 802,00 280,01 \nUHR 0,00   0,00  \nPASA 90 738,00   90 738,00  \nAccueil de Jour 78 640,00   78 640,00 604,92 \nPlateforme de r\u00e9pit 0,00   0,00  \n \n \n \n \n La fraction forfaitaire mensuelle s'\u00e9tablit \u00e0 386 731,88 \u20ac. \n \n  \nArticle 3 Les recours contentieux dirig\u00e9s contre la pr\u00e9sente d\u00e9cision doivent \u00eatre port\u00e9s devant le \nTribunal Administratif sis 6 Rue du Haut Bourgeois 54035 NANCY dans un d\u00e9lai de deux \nmois \u00e0 compter de sa publication ou, pour les personnes auxquelles elle sera noti fi\u00e9e, \u00e0 \ncompter de sa notification. Le tribunal administratif peut \u00eatre saisi par l'application \u00ab \nT\u00e9l\u00e9recours citoyens \u00bb accessible par le site www.telerecours.fr. \n  \nArticle 4 La pr\u00e9sente d\u00e9cision sera publi\u00e9e au recueil des actes administratifs. \n  \nArticle 5      La Directrice G\u00e9n\u00e9rale de l'ARS Grand Est est charg\u00e9e de l'ex\u00e9cution de la pr\u00e9sente d\u00e9cision \nqui sera notifi\u00e9e \u00e0 l'entit\u00e9 gestionnaire CENTRE HOSPITALIER DE MONTIER-EN-DER \n(520780065) et \u00e0 l'\u00e9tablissement concern\u00e9. \n \n \nFait \u00e0 CHAUMONT, le 30 juin 2025           \n \n \nLe Directeur \n                \n \n \n \n         #signature# \n \n \nEuREPUBLIQUEFRAN\u00c7AISELibert\u00e9 \u00a9 D Azence R\u00e9gionale de Sant\u00e9Egalit\u00e9. Grand EstFraternit\u00e9\n  \n \nDECISION TARIFAIRE N\u00b010785 PORTANT FIXATION DU FORFAIT GLOBAL DE SOINS \nPOUR 2025 DE \nEHPAD LE LIEN NOGENT - 520781766 \n \nLa Directrice G\u00e9n\u00e9rale de l'ARS Grand Est \n \nVU le Code de l'Action Sociale et des Familles \n  \nVU le Code de la S\u00e9curit\u00e9 Sociale ; \n  \nVU la loi n\u00b02025 -199 du 28 f\u00e9vrier 2025 de financement de la S\u00e9curit\u00e9 Sociale pour 2025 \npubli\u00e9e au Journal Officiel du 28/02/2025 ; \n  \nVU l'arr\u00eat\u00e9 minist\u00e9riel du 02/06/2025  publi\u00e9 au Journal Officiel du 06/06/2025 pris en \napplication de l'article L314 -3 du Code de l'Action Sociale et des Familles fixant, pour \nl'ann\u00e9e 2025 l'objectif global de d\u00e9penses d'assurance maladie et le montant total de \nd\u00e9penses pour les \u00e9tablissements et services relevant de la Caisse nationale de solidarit\u00e9 \npour l'autonomie ; \n  \nVU l'arr\u00eat\u00e9 du 6 juin 2025  fixant le montant de la participation journali\u00e8re forfaitaire des \nr\u00e9sidents aux d\u00e9penses d'entretien de l'autonomie dans les \u00e9tablissements relevant des I, II \net IV bis de l'article L. 313 -12 du code de l'action sociale et des familles implant\u00e9s dans \nles d\u00e9partements participant \u00e0 l'exp\u00e9rimentation mentionn\u00e9e \u00e0 l'article 79 de la loi n\u00b0 \n2023-1250 du 26 d\u00e9cembre 2023 de financement de la s\u00e9curit\u00e9 sociale pour 2024, au titre \nde l'exercice 2025 ; \n  \nVU la d\u00e9cision du 02/06/2025 publi\u00e9e au Journal Officiel du 06/06/2025 relative aux dotations \nr\u00e9gionales limitatives 2025 et \u00e0 la moyenne nationale des besoins en soins requis 2025 ; \n  \nVU l'arr\u00eat\u00e9 du 28/05/2025 fixant pour 2025 les valeurs du point mentionn\u00e9e \u00e0 l'article 9 du \nd\u00e9cret n\u00b0 2025 -168 du 20/02/2025 du code de l'action sociale et des familles publi\u00e9 au \nJournal Officiel du 31/05/2025 ; \n  \nVU le d\u00e9cret du 21 mai 2024 portant nomination de Madame, RATIGNIER -CARBONNEIL, \nChristelle en qualit\u00e9 de Directrice G\u00e9n\u00e9rale de l'agence r\u00e9gionale de sant\u00e9 Grand Est ; \n  \nVU la d\u00e9cision de d\u00e9l\u00e9gation de signature de la Directrice G\u00e9n\u00e9rale de l'ARS vers le Directeur \nde HAUTE-MARNE en date du 22/05/2025 ; \n \nVU l'autorisation ou le renouvellement d'autorisation en date du 03/01/2017 de la structure \nEtablissement d'h\u00e9bergement pour personnes \u00e2g\u00e9es d\u00e9pendantes d\u00e9nomm\u00e9e EHPAD LE \nLIEN NOGENT (520781766) sise 4 R DU CHAMP DE MARS 52800 Nogent et g\u00e9r\u00e9e \npar l'entit\u00e9 d\u00e9nomm\u00e9e ASSOCIATION GROUPE SOS SENIORS (570010173) ; \n  \n \n  \n\nDECIDE \n \nArticle 1er A compter du 1er janvier 2025, le montant \u00e0 la charge de la 5 \u00e8me branche est fix\u00e9 \u00e0 \n2 614 765,06 \u20ac au titre de 2025, dont 0,00  \u20ac de cr\u00e9dits non reconductibles vers\u00e9s en \nune seule fois. \n \n La fraction forfaitaire mensuelle s'\u00e9tablit \u00e0 217 897,09 \u20ac. \n \nPour 2025, les tarifs sont d\u00e9compos\u00e9s comme suit : \n \n Partie soins du forfait \nglobal unique \nPartie entretien de \nl'autonomie du forfait \nglobal unique \nParticipation des r\u00e9sidents \n\u00e0 d\u00e9duire de la dotation \nglobalis\u00e9e commune \nMontant \u00e0 la \ncharge de la 5\u00e8me \nbranche \nTarif journalier \nH\u00e9bergement \nPermanent 2 296 082,00 \u20ac 272 716,06 \u20ac 77 672,00 \u20ac 2 491 126,06 \u20ac 92,86 \u20ac \nH\u00e9bergement \nTemporaire 32 901,00 \u20ac   32 901,00 \u20ac 60,04 \u20ac \nUHR 0,00 \u20ac   0,00 \u20ac  \nPASA 90 738,00 \u20ac   90 738,00 \u20ac  \nAccueil de Jour 0,00 \u20ac   0,00 \u20ac 0,00 \u20ac \nPlateforme de r\u00e9pit 0,00 \u20ac   0,00 \u20ac  \n \nArticle 2 A compter du 1 er janvier 2026, en application de l'article L.314 -7 du CASF, le \nmontant \u00e0 la charge de la 5\u00e8me branche est fix\u00e9, \u00e0 titre transitoire, \u00e0 2 809 809,11 \u20ac \n  \n Les tarifs de reconduction sont fix\u00e9s \u00e0 : \n \n Partie soins du forfait \nglobal unique N+1 \nPartie entretien de \nl'autonomie du forfait \nglobal unique N+1 \nParticipation des \nr\u00e9sidents \u00e0 d\u00e9duire de \nla dotation globalis\u00e9e \ncommune \nMontant \u00e0 la charge de la \n5\u00e8me branche \nN+1 \nTarif journalier \nN+1 \nH\u00e9bergement \nPermanent 2 296 082,00 \u20ac 545 432,11 \u20ac 155 344,00 \u20ac 2 686 170,11 \u20ac 100,13 \u20ac \nH\u00e9bergement \nTemporaire 32 901,00 \u20ac   32 901,00 \u20ac 60,04 \u20ac \nUHR 0,00 \u20ac   0,00 \u20ac  \nPASA 90 738,00 \u20ac   90 738,00 \u20ac  \nAccueil de Jour 0,00 \u20ac   0,00 \u20ac 0,00 \u20ac \nPlateforme de r\u00e9pit 0,00 \u20ac   0,00 \u20ac  \n \n La fraction forfaitaire mensuelle s'\u00e9tablit \u00e0 234 150,76 \u20ac. \n \n  \nArticle 3 Les recours contentieux dirig\u00e9s contre la pr\u00e9sente d\u00e9cision doivent \u00eatre port\u00e9s devant le \nTribunal Administratif sis 6 Rue du Haut Bourgeois 54035 NANCY dans un d\u00e9lai de deux \nmois \u00e0 compter de sa publication ou, pour les personnes auxquelles elle sera notifi\u00e9e, \u00e0 \ncompter de sa notification. Le tribunal administratif peut \u00eatre saisi par l'application \u00ab \nT\u00e9l\u00e9recours citoyens \u00bb accessible par le site www.telerecours.fr. \n  \nArticle 4 La pr\u00e9sente d\u00e9cision sera publi\u00e9e au recueil des actes administratifs. \n  \nArticle 5      La Directrice G\u00e9n\u00e9rale de l'ARS Grand Est est charg\u00e9e de l'ex\u00e9cution de la pr\u00e9sente \nd\u00e9cision qui sera notifi\u00e9e \u00e0 l'entit\u00e9 gestionnaire ASSOCIATION GROUPE SOS SENIORS \n(570010173) et \u00e0 l'\u00e9tablissement concern\u00e9. \n \n \nFait \u00e0 CHAUMONT, le 30 juin 2025           \n \n \nLe Directeur \n                \n                \n \n \n \n         #signature# \n \n \nEuREPUBLIQUEFRAN\u00c7AISELibert\u00e9 \u00a9 D Azence R\u00e9gionale de Sant\u00e9Egalit\u00e9. Grand EstFraternit\u00e9\n  \n \nDECISION TARIFAIRE N\u00b010786 PORTANT FIXATION DU FORFAIT GLOBAL DE SOINS \nPOUR 2025 DE \nEHPAD SAINT AUGUSTIN - 520781733 \n \nLa Directrice G\u00e9n\u00e9rale de l'ARS Grand Est \n \nVU le Code de l'Action Sociale et des Familles \n  \nVU le Code de la S\u00e9curit\u00e9 Sociale ; \n  \nVU la loi n\u00b02025 -199 du 28 f\u00e9vrier 2025 de financement de la S\u00e9curit\u00e9 Sociale pour 2025 \npubli\u00e9e au Journal Officiel du 28/02/2025 ; \n  \nVU l'arr\u00eat\u00e9 minist\u00e9riel du 02/06/2025  publi\u00e9 au Journal Officiel du 06/06/2025 pris en \napplication de l'article L314 -3 du Code de l'Action Sociale et des Familles fixant, pour \nl'ann\u00e9e 2025 l'objectif global de d\u00e9penses d'assurance maladie et le montant total de \nd\u00e9penses pour les \u00e9tablissements et services relevant de la Caisse nationale de solidarit\u00e9 \npour l'autonomie ; \n  \nVU l'arr\u00eat\u00e9 du 6 juin 2025  fixant le montant de la participation journali\u00e8re forfaitaire des \nr\u00e9sidents aux d\u00e9penses d'entretien de l'autonomie dans les \u00e9tablissements relevant des I, II \net IV bis de l'article L. 313 -12 du code de l'action sociale et des familles implant\u00e9s dans \nles d\u00e9partements participant \u00e0 l'exp\u00e9rimentation mentionn\u00e9e \u00e0 l'article 79 de la loi n\u00b0 \n2023-1250 du 26 d\u00e9cembre 2023 de financement de la s\u00e9curit\u00e9 sociale pour 2024, au titre \nde l'exercice 2025 ; \n  \nVU la d\u00e9cision du 02/06/2025 publi\u00e9e au Journal Officiel du 06/06/2025 relative aux dotations \nr\u00e9gionales limitatives 2025 et \u00e0 la moyenne nationale des besoins en soins requis 2025 ; \n  \nVU l'arr\u00eat\u00e9 du 28/05/2025 fixant pour 2025 les valeurs du point mentionn\u00e9e \u00e0 l'article 9 du \nd\u00e9cret n\u00b0 2025 -168 du 20/02/2025 du code de l'action sociale et des familles publi\u00e9 au \nJournal Officiel du 31/05/2025 ; \n  \nVU le d\u00e9cret du 21 mai 2024 portant nomination de Madame, RATIGNIER -CARBONNEIL, \nChristelle en qualit\u00e9 de Directrice G\u00e9n\u00e9rale de l'agence r\u00e9gionale de sant\u00e9 Grand Est ; \n  \nVU la d\u00e9cision de d\u00e9l\u00e9gation de signature de la Directrice G\u00e9n\u00e9rale de l'ARS vers le Directeur \nde HAUTE-MARNE en date du 22/05/2025 ; \n \nVU l'autorisation ou le renouvellement d'autorisation en date du 03/01/2017 de la structure \nEtablissement d'h\u00e9bergement pour personnes \u00e2g\u00e9es d\u00e9pendantes d\u00e9nomm\u00e9e EHPAD \nSAINT AUGUSTIN (520781733) sise  R LAUSANNE 52250 Longeau -Percey et g\u00e9r\u00e9e \npar l'entit\u00e9 d\u00e9nomm\u00e9e FONDATION SAINT AUGUSTIN (520783085) ; \n  \n \n  \n\nDECIDE \n \nArticle 1er A compter du 1er janvier 2025, le montant \u00e0 la charge de la 5 \u00e8me branche est fix\u00e9 \u00e0 \n2 082 882,71 \u20ac au titre de 2025, dont 0,00 de cr\u00e9dits non reconductibles vers\u00e9s en une \nseule fois. \n \n La fraction forfaitaire mensuelle s'\u00e9tablit \u00e0 173 573,56 \u20ac. \n \nPour 2025, les tarifs sont d\u00e9compos\u00e9s comme suit : \n \n Partie soins du forfait \nglobal unique \nPartie entretien de \nl'autonomie du forfait \nglobal unique \nParticipation des r\u00e9sidents \n\u00e0 d\u00e9duire de la dotation \nglobalis\u00e9e commune \nMontant \u00e0 la \ncharge de la 5\u00e8me \nbranche \nTarif journalier \nH\u00e9bergement \nPermanent 1 691 275,80 \u20ac 247 862,17 \u20ac 74 984,26 \u20ac 1 864 153,71 \u20ac 75,87 \u20ac \nH\u00e9bergement \nTemporaire 49 351,00 \u20ac   49 351,00 \u20ac 45,53 \u20ac \nUHR 0,00 \u20ac   0,00 \u20ac  \nPASA 90 738,00 \u20ac   90 738,00 \u20ac  \nAccueil de Jour 78 640,00 \u20ac   78 640,00 \u20ac 104,44 \u20ac \nPlateforme de r\u00e9pit 0,00 \u20ac   0,00 \u20ac  \n \nArticle 2 A compter du 1 er janvier 2026, en application de l'article L.314 -7 du CASF, le \nmontant \u00e0 la charge de la 5\u00e8me branche est fix\u00e9, \u00e0 titre transitoire, \u00e0 2 255 760,62 \u20ac \n  \n Les tarifs de reconduction sont fix\u00e9s \u00e0 : \n \n Partie soins du forfait \nglobal unique N+1 \nPartie entretien de \nl'autonomie du forfait \nglobal unique N+1 \nParticipation des \nr\u00e9sidents \u00e0 d\u00e9duire de \nla dotation globalis\u00e9e \ncommune \nMontant \u00e0 la charge de la \n5\u00e8me branche \nN+1 \nTarif journalier \nN+1 \nH\u00e9bergement \nPermanent 1 691 275,80 \u20ac 495 724,34 \u20ac 149 968,52 \u20ac 2 037 031,62 \u20ac 82,90 \u20ac \nH\u00e9bergement \nTemporaire 49 351,00 \u20ac   49 351,00 \u20ac 45,53 \u20ac \nUHR 0,00 \u20ac   0,00 \u20ac  \nPASA 90 738,00 \u20ac   90 738,00 \u20ac  \nAccueil de Jour 78 640,00 \u20ac   78 640,00 \u20ac 104,44 \u20ac \nPlateforme de r\u00e9pit 0,00 \u20ac   0,00 \u20ac  \n La fraction forfaitaire mensuelle s'\u00e9tablit \u00e0 187 980,05 \u20ac. \n \n  \nArticle 3 Les recours contentieux dirig\u00e9s contre la pr\u00e9sente d\u00e9cision doivent \u00eatre port\u00e9s devant le \nTribunal Administratif sis 6 Rue du Haut Bourgeois 54035 NANCY dans un d\u00e9lai de deux \nmois \u00e0 compter de sa publication ou, pour les personnes auxquelles elle sera notifi\u00e9e, \u00e0 \ncompter de sa notification. Le tribunal administratif peut \u00eatre saisi par l'application \u00ab \nT\u00e9l\u00e9recours citoyens \u00bb accessible par le site www.telerecours.fr. \n  \nArticle 4 La pr\u00e9sente d\u00e9cision sera publi\u00e9e au recueil des actes administratifs. \n  \nArticle 5      La Directrice G\u00e9n\u00e9rale de l'ARS Grand Est est charg\u00e9e de l'ex\u00e9cution de la pr\u00e9sente \nd\u00e9cision qui sera notifi\u00e9e \u00e0 l'entit\u00e9 gestionnaire FONDATION SAINT AUGUSTIN \n(520783085) et \u00e0 l'\u00e9tablissement concern\u00e9. \n \n \nFait \u00e0 CHAUMONT, le 30 juin 2025           \n \n \nLe Directeur \n                \n \n \n \n         #signature# \n \n \nEuREPUBLIQUEFRAN\u00c7AISELibert\u00e9 \u00a9 D Azence R\u00e9gionale de Sant\u00e9Egalit\u00e9. Grand EstFraternit\u00e9\n  \n \nDECISION TARIFAIRE N\u00b010787 PORTANT FIXATION DU FORFAIT GLOBAL DE SOINS \nPOUR 2025 DE \nEHPAD DU CH DE BOURBONNE LES BAINS - 520781592 \n \nLa Directrice G\u00e9n\u00e9rale de l'ARS Grand Est \n \nVU le Code de l'Action Sociale et des Familles \n  \nVU le Code de la S\u00e9curit\u00e9 Sociale ; \n  \nVU la loi n\u00b02025 -199 du 28 f\u00e9vrier 2025 de financement de la S\u00e9curit\u00e9 Sociale pour 2025 \npubli\u00e9e au Journal Officiel du 28/02/2025 ; \n  \nVU l'arr\u00eat\u00e9 minist\u00e9riel du 02/06/2025 publi\u00e9 au Journal Officiel du 06/06/2025 pris en \napplication de l'article L314 -3 du Code de l'Action Sociale et des Familles fixant, pour \nl'ann\u00e9e 2025 l'objectif global de d\u00e9penses d'assurance maladie et le montant total de \nd\u00e9penses pour les \u00e9tablissements et services relevant de la Caisse nationale de solidarit\u00e9 \npour l'autonomie ; \n  \nVU l'arr\u00eat\u00e9 du 6 juin 2025  fixant le montant de la participation journali\u00e8re forfaitaire des \nr\u00e9sidents aux d\u00e9penses d'entretien de l'autonomie dans les \u00e9tablissements relevant des I, II \net IV bis de l'article L. 313 -12 du code de l'action sociale et des familles implant\u00e9s dans \nles d\u00e9partements participant \u00e0 l'exp\u00e9rimentation mentionn\u00e9e \u00e0 l'article 79 de la loi n\u00b0 \n2023-1250 du 26 d\u00e9cembre 2023 de financement de la s\u00e9curit\u00e9 sociale pour 2024, au titre \nde l'exercice 2025 ; \n  \nVU la d\u00e9cision du 02/06/2025 publi\u00e9e au Journal Officiel du 06/06/2025 relative aux dotations \nr\u00e9gionales limitatives 2025 et \u00e0 la moyenne nationale des besoins en soins requis 2025 ; \n  \nVU l'arr\u00eat\u00e9 du 28/05/2025 fixant pour 2025 les valeurs du point mentionn\u00e9e \u00e0 l'article 9 du \nd\u00e9cret n\u00b0 2025 -168 du 20/02/2025 du code de l'action sociale et des familles publi\u00e9 au \nJournal Officiel du 31/05/2025 ; \n  \nVU le d\u00e9cret du 21 mai 2024 portant nomination de Madame, RATIGNIER -CARBONNEIL, \nChristelle en qualit\u00e9 de Directrice G\u00e9n\u00e9rale de l'agence r\u00e9gionale de sant\u00e9 Grand Est ; \n  \nVU la d\u00e9cision de d\u00e9l\u00e9gation de signature de la Directrice G\u00e9n\u00e9rale de l'ARS vers le Directeur \nde HAUTE-MARNE en date du 22/05/2025 ; \n \nVU l'autorisation ou le renouvellement d'autorisation en date du 03/01/2017 de la structure \nEtablissement d'h\u00e9bergement pour personnes \u00e2g\u00e9es d\u00e9pendantes d\u00e9nomm\u00e9e EHPAD DU \nCH DE BOURBONNE LES BAINS (520781592) sise 1 R TERRAIL LEMOINE 52400 \nBourbonne-les-Bains et g\u00e9r\u00e9e par l'entit\u00e9 d\u00e9nomm\u00e9e CTRE HOSPITALIER \nBOURBONNE-LES-BAINS (520780024) ; \n  \n \n \n \n \n \n \n\nDECIDE \n \nArticle 1er A compter du 1er janvier 2025, le montant \u00e0 la charge de la 5\u00e8me branche est fix\u00e9 \u00e0 \n4 745 551,40 \u20ac au titre de 2025, dont 0,00  \u20ac de cr\u00e9dits non reconductibles vers\u00e9s en \nune seule fois. \n \n La fraction forfaitaire mensuelle s'\u00e9tablit \u00e0 395 462,62 \u20ac. \n \nPour 2025, les tarifs sont d\u00e9compos\u00e9s comme suit : \n \n Partie soins du forfait \nglobal unique \nPartie entretien de \nl'autonomie du forfait \nglobal unique \nParticipation des r\u00e9sidents \n\u00e0 d\u00e9duire de la dotation \nglobalis\u00e9e commune \nMontant \u00e0 la \ncharge de la 5\u00e8me \nbranche \nTarif journalier \nH\u00e9bergement \nPermanent 3 704 867,55 \u20ac 416 137,31 \u20ac 128 604,46 \u20ac 3 992 400,40 \u20ac 95,50 \u20ac \nH\u00e9bergement \nTemporaire 53 901,00 \u20ac   53 901,00 \u20ac 155,33 \u20ac \nUHR 257 290,00 \u20ac   257 290,00 \u20ac  \nPASA 90 738,00 \u20ac   90 738,00 \u20ac  \nAccueil de Jour 131 066,00 \u20ac   131 066,00 \u20ac 160,23 \u20ac \nPlateforme de r\u00e9pit 220 156,00 \u20ac   220 156,00 \u20ac  \n \nArticle 2 A compter du 1 er janvier 202 6, en application de l'article L.314 -7 du CASF, le \nmontant \u00e0 la charge de la 5\u00e8me branche est fix\u00e9, \u00e0 titre transitoire, \u00e0 5 033 084,25 \u20ac \n  \n Les tarifs de reconduction sont fix\u00e9s \u00e0 : \n \n Partie soins du forfait \nglobal unique N+1 \nPartie entretien de \nl'autonomie du forfait \nglobal unique N+1 \nParticipation des \nr\u00e9sidents \u00e0 d\u00e9duire de \nla dotation globalis\u00e9e \ncommune \nMontant \u00e0 la charge de la \n5\u00e8me branche \nN+1 \nTarif journalier \nN+1 \nH\u00e9bergement \nPermanent 3 704 867,55 \u20ac 832 274,62 \u20ac 257 208,92 \u20ac 4 279 933,25 \u20ac 102,38 \u20ac \nH\u00e9bergement \nTemporaire 53 901,00 \u20ac   53 901,00 \u20ac 155,33 \u20ac \nUHR 257 290,00 \u20ac   257 290,00 \u20ac  \nPASA 90 738,00 \u20ac   90 738,00 \u20ac  \nAccueil de Jour 131 066,00 \u20ac   131 066,00 \u20ac 160,23 \u20ac \nPlateforme de r\u00e9pit 220 156,00 \u20ac   220 156,00 \u20ac  \n \n La fraction forfaitaire mensuelle s'\u00e9tablit \u00e0 419 423,69 \u20ac. \n \n  \nArticle 3 Les recours contentieux dirig\u00e9s contre la pr\u00e9sente d\u00e9cision doivent \u00eatre port\u00e9s devant le \nTribunal Administratif sis 6 Rue du Haut Bourgeois 54035 NANCY dans un d\u00e9lai de deux \nmois \u00e0 compter de sa publication ou, pour les personnes auxquelles elle sera notifi\u00e9e, \u00e0 \ncompter de sa notification. Le tribunal administratif peut \u00eatre saisi par l'application \u00ab \nT\u00e9l\u00e9recours citoyens \u00bb accessible par le site www.telerecours.fr. \n  \nArticle 4 La pr\u00e9sente d\u00e9cision sera publi\u00e9e au recueil des actes administratifs. \n  \nArticle 5      La Directrice G\u00e9n\u00e9rale de l'ARS Grand Est est charg\u00e9e de l'ex\u00e9cution de la pr\u00e9sente \nd\u00e9cision qui sera notifi\u00e9e \u00e0 l'entit\u00e9 gestionnaire CTRE HOSPITALIER BOURBONNE-\nLES-BAINS (520780024) et \u00e0 l'\u00e9tablissement concern\u00e9. \n \n \nFait \u00e0 CHAUMONT, le 30 juin 2025           \n \n \nLe Directeur \n                \n \n \n \n         #signature# \n \n \n \nEuREPUBLIQUEFRAN\u00c7AISELibert\u00e9 \u00a9 D Azence R\u00e9gionale de Sant\u00e9Egalit\u00e9. Grand EstFraternit\u00e9\n  \n \nDECISION TARIFAIRE N\u00b010788 PORTANT FIXATION DU FORFAIT GLOBAL DE SOINS \nPOUR 2025 DE \nEHPAD JEAN-FRAN\u00c7OIS BONNET CH CHAUMONT - 520781584 \n \nLa Directrice G\u00e9n\u00e9rale de l'ARS Grand Est \n \nVU le Code de l'Action Sociale et des Familles \n  \nVU le Code de la S\u00e9curit\u00e9 Sociale ; \n  \nVU la loi n\u00b02025 -199 du 28 f\u00e9vrier 2025 de financement de la S\u00e9curit\u00e9 Sociale pour 2025 \npubli\u00e9e au Journal Officiel du 28/02/2025 ; \n  \nVU l'arr\u00eat\u00e9 minist\u00e9riel du 02/06/2025 publi\u00e9 au Journal Officiel du 06/06/2025 pris en \napplication de l'article L314 -3 du Code de l'Action Sociale et des Familles fixant, pour \nl'ann\u00e9e 2025 l'objectif global de d\u00e9penses d'assurance maladie et le montant total de \nd\u00e9penses pour les \u00e9tablissements et services relevant de la Caisse nationale de solidarit\u00e9 \npour l'autonomie ; \n  \nVU l'arr\u00eat\u00e9 du 6 juin 2025  fixant le montant de la participation journali\u00e8re forfaitaire des \nr\u00e9sidents aux d\u00e9penses d'entretien de l'autonomie dans les \u00e9tablissements relevant des I, II \net IV bis de l'article L. 313 -12 du code de l'action sociale et des familles implant\u00e9s dans \nles d\u00e9partements participant \u00e0 l'exp\u00e9rimentation mentionn\u00e9e \u00e0 l'article 79 de la loi n\u00b0 \n2023-1250 du 26 d\u00e9cembre 2023 de financement de la s\u00e9curit\u00e9 sociale pour 2024, au titre \nde l'exercice 2025 ; \n  \nVU la d\u00e9cision du 02/06/2025 publi\u00e9e au Journal Officiel du 06/06/2025 relative aux dotations \nr\u00e9gionales limitatives 2025 et \u00e0 la moyenne nationale des besoins en soins requis 2025 ; \n  \nVU l'arr\u00eat\u00e9 du 28/05/2025 fixant pour 2025 les valeurs du point mentionn\u00e9e \u00e0 l'article 9 du \nd\u00e9cret n\u00b0 2025 -168 du 20/02/2025 du code de l'action sociale et des familles publi\u00e9 au \nJournal Officiel du 31/05/2025 ; \n  \nVU le d\u00e9cret du 21 mai 2024 portant nomination de Madame, RATIGNIER -CARBONNEIL, \nChristelle en qualit\u00e9 de Directrice G\u00e9n\u00e9rale de l'agence r\u00e9gionale de sant\u00e9 Grand Est ; \n  \nVU le d\u00e9cret du 21 mai 2024 portant nomination de Madame, RATIGNIER -CARBONNEIL, \nChristelle en qualit\u00e9 de Directrice G\u00e9n\u00e9rale de l'agence r\u00e9gionale de sant\u00e9 Grand Est ; \n \nVU l'autorisation ou le renouvellement d'autorisation en date du 03/01/2017 de la structure \nEtablissement d'h\u00e9bergement pour personnes \u00e2g\u00e9es d\u00e9pendantes d\u00e9nomm\u00e9e EHPAD \nJEAN-FRAN\u00c7OIS BONNET CH CHAUMONT (520781584) sise 22 R DES \nCHENEVIERES 52000 Riaucourt et g\u00e9r\u00e9e par l'entit\u00e9 d\u00e9nomm\u00e9e CENTRE \nHOSPITALIER DE CHAUMONT (520780032) ; \n  \n \n \n \n \n \n\nDECIDE \n \nArticle 1er A compter du 1 janvier 2025, le montant \u00e0 la charge de la 5 \u00e8me branche est fix\u00e9 \u00e0 \n2 451 992,00 \u20ac au titre de 2025, dont 0,00 \u20ac de cr\u00e9dits non reconductibles vers\u00e9s en \nune seule fois. \n \n La fraction forfaitaire mensuelle s'\u00e9tablit \u00e0 204 332,67 \u20ac. \n \nPour 2025, les tarifs sont d\u00e9compos\u00e9s comme suit : \n \n Partie soins du forfait \nglobal unique \nPartie entretien de \nl'autonomie du forfait \nglobal unique \nParticipation des r\u00e9sidents \n\u00e0 d\u00e9duire de la dotation \nglobalis\u00e9e commune \nMontant \u00e0 la \ncharge de la 5\u00e8me \nbranche \nTarif journalier \nH\u00e9bergement \nPermanent 2 252 103,61 \u20ac 282 967,19 \u20ac 83 078,80 \u20ac 2 451 992,00 \u20ac 86,96 \u20ac \nH\u00e9bergement \nTemporaire 0,00 \u20ac   0,00 \u20ac 0,00 \u20ac \nUHR 0,00 \u20ac   0,00 \u20ac  \nPASA 0,00 \u20ac   0,00 \u20ac  \nAccueil de Jour 0,00 \u20ac   0,00 \u20ac 0,00 \u20ac \nPlateforme de r\u00e9pit 0,00 \u20ac   0,00 \u20ac  \n \nArticle 2 A compter du 1 er janvier 2026, en application de l'article L.314 -7 du CASF, le \nmontant \u00e0 la charge de la 5\u00e8me branche est fix\u00e9, \u00e0 titre transitoire, \u00e0 2 651 880,39 \u20ac \n  \n Les tarifs de reconduction sont fix\u00e9s \u00e0 : \n \n Partie soins du forfait \nglobal unique N+1 \nPartie entretien de \nl'autonomie du forfait \nglobal unique N+1 \nParticipation des \nr\u00e9sidents \u00e0 d\u00e9duire de \nla dotation globalis\u00e9e \ncommune \nMontant \u00e0 la charge de la \n5\u00e8me branche \nN+1 \nTarif journalier \nN+1 \nH\u00e9bergement \nPermanent 2 252 103,61 \u20ac 565 934,38 \u20ac 166 157,60 \u20ac 2 651 880,39 \u20ac 94,05 \u20ac \nH\u00e9bergement \nTemporaire 0,00 \u20ac   0,00 \u20ac 0,00 \u20ac \nUHR 0,00 \u20ac   0,00 \u20ac  \nPASA 0,00 \u20ac   0,00 \u20ac  \nAccueil de Jour 0,00 \u20ac   0,00 \u20ac 0,00 \u20ac \nPlateforme de r\u00e9pit 0,00 \u20ac   0,00 \u20ac  \n \n \n La fraction forfaitaire mensuelle s'\u00e9tablit \u00e0 220 990,03 \u20ac. \n \n  \nArticle 3 Les recours contentieux dirig\u00e9s contre la pr\u00e9sente d\u00e9cision doivent \u00eatre port\u00e9s devant le \nTribunal Administratif sis 6 Rue du Haut Bourgeois 54035 NANCY dans un d\u00e9lai de deux \nmois \u00e0 compter de sa publication ou, pour les personnes auxquelles elle sera notifi\u00e9e, \u00e0 \ncompter de sa notification. Le tribunal administratif peut \u00eatre saisi par l'application \u00ab \nT\u00e9l\u00e9recours citoyens \u00bb accessible par le site www.telerecours.fr. \n  \nArticle 4 La pr\u00e9sente d\u00e9cision sera publi\u00e9e au recueil des actes administratifs. \n  \nArticle 5      La Directrice G\u00e9n\u00e9rale de l'ARS Grand Est est charg\u00e9e de l'ex\u00e9cution de la pr\u00e9sente \nd\u00e9cision qui sera notifi\u00e9e \u00e0 l'entit\u00e9 gestionnaire CENTRE HOSPITALIER DE \nCHAUMONT (520780032) et \u00e0 l'\u00e9tablissement concern\u00e9. \n \n \nFait \u00e0 CHAUMONT, le 30 juin 2025           \n \n \nLe Directeur \n                \n \n \n \n         #signature# \n \n \nEuREPUBLIQUEFRAN\u00c7AISELibert\u00e9 \u00a9 D Azence R\u00e9gionale de Sant\u00e9Egalit\u00e9. Grand EstFraternit\u00e9\n  \n \nDECISION TARIFAIRE N\u00b010789 PORTANT FIXATION DU FORFAIT GLOBAL DE SOINS \nPOUR 2025 DE \nEHPAD HOPITAL ST CHARLES WASSY - 520781535 \n \nLa Directrice G\u00e9n\u00e9rale de l'ARS Grand Est \n \nVU le Code de l'Action Sociale et des Familles \n  \nVU le Code de la S\u00e9curit\u00e9 Sociale ; \n  \nVU la loi n\u00b02025 -199 du 28 f\u00e9vrier 2025 de financement de la S\u00e9curit\u00e9 Sociale pour 2025 \npubli\u00e9e au Journal Officiel du 28/02/2025 ; \n  \nVU l'arr\u00eat\u00e9 minist\u00e9riel du 02/06/2025 publi\u00e9 au Journal Officiel du 06/06/2025 pris en \napplication de l'article L314 -3 du Code de l'Action Sociale et des Familles fixant, pour \nl'ann\u00e9e 2025 l'objectif global de d\u00e9penses d'assurance maladie et le montant total de \nd\u00e9penses pour les \u00e9tablissements et services relevant de la Caisse nationale de solidarit\u00e9 \npour l'autonomie ; \n  \nVU l'arr\u00eat\u00e9 du 6 juin 2025  fixant le montant de la participation journali\u00e8re forfaitaire des \nr\u00e9sidents aux d\u00e9penses d'entretien de l'autonomie dans les \u00e9tablissements relevant des I, II \net IV bis de l'article L. 313-12 du code de l'action sociale et des familles implant\u00e9s dans les \nd\u00e9partements participant \u00e0 l'exp\u00e9rimentation mentionn\u00e9e \u00e0 l'article 79 de la loi n\u00b0 2023 -\n1250 du 26 d\u00e9cembre 2023 de financement de la s\u00e9curit\u00e9 sociale pour 2024, au titre de \nl'exercice 2025 ; \n  \nVU la d\u00e9cision du 02/06/2025 publi\u00e9e au Journal Officiel du 06/06/2025 relative aux dotations \nr\u00e9gionales limitatives 2025 et \u00e0 la moyenne nationale des besoins en soins requis 2025 ; \n  \nVU l'arr\u00eat\u00e9 du 28/05/2025 fixant pour 2025 les valeurs du point mentionn\u00e9e \u00e0 l'article 9 du \nd\u00e9cret n\u00b0 2025 -168 du 20/02/2025 du code de l'action sociale et des familles publi\u00e9 au \nJournal Officiel du 31/05/2025 ; \n  \nVU le d\u00e9cret du 21 mai 2024 portant nomination de Madame, RATIGNIER -CARBONNEIL, \nChristelle en qualit\u00e9 de Directrice G\u00e9n\u00e9rale de l'agence r\u00e9gionale de sant\u00e9 Grand Est ; \n  \nVU la d\u00e9cision de d\u00e9l\u00e9gation de signature de la Directrice G\u00e9n\u00e9rale de l'ARS vers le Directeur \nde HAUTE-MARNE en date du 22/05/2025 ; \n \nVU l'autorisation ou le renouvellement d'autorisation en date du 03/01/2017 de la structure \nEtablissement d'h\u00e9bergement pour personnes \u00e2g\u00e9es d\u00e9pendantes d\u00e9nomm\u00e9e EHPAD \nHOPITAL ST CHARLES WASSY (520781535) sise 4 R CHARLES DE GAULLE 52130 \nWassy et g\u00e9r\u00e9e par l'entit\u00e9 d\u00e9nomm\u00e9e HOPITAL LOCAL DE WASSY (520780099) ; \n  \n \n \n \n \n \n\nDECIDE \n \nArticle 1er A compter du 01  janvier 2025, le montant \u00e0 la charge de la 5 \u00e8me branche est fix\u00e9 \u00e0 \n4 459 602,50 au titre de 2025, dont 0,00 de cr\u00e9dits non reconductibles vers\u00e9s en une \nseule fois. \n \n \n La fraction forfaitaire mensuelle s'\u00e9tablit \u00e0 371 633,54 \u20ac. \n \nPour 2025, les tarifs sont d\u00e9compos\u00e9s comme suit : \n \n Partie soins du forfait \nglobal unique \nPartie entretien de \nl'autonomie du forfait \nglobal unique \nParticipation des r\u00e9sidents \n\u00e0 d\u00e9duire de la dotation \nglobalis\u00e9e commune \nMontant \u00e0 la \ncharge de la 5\u00e8me \nbranche \nTarif journalier \nH\u00e9bergement \nPermanent 3 876 365,18 556 617,92 168 971,60 4 264 011,50 76,86 \nH\u00e9bergement \nTemporaire 0,00   0,00 0,00 \nUHR 0,00   0,00  \nPASA 90 738,00   90 738,00  \nAccueil de Jour 104 853,00   104 853,00 166,43 \nPlateforme de r\u00e9pit 0,00   0,00  \n \n \n \n \nArticle 2 A compter du 1er janvier 2026, en application de l'article L.314-7 du CASF, le montant \n\u00e0 la charge de la 5\u00e8me branche est fix\u00e9, \u00e0 titre transitoire, \u00e0 4 847 248,81 \n  \n Les tarifs de reconduction sont fix\u00e9s \u00e0 : \n \n Partie soins du forfait \nglobal unique  N+1 \nPartie entretien de \nl'autonomie du forfait \nglobal unique N+1 \nParticipation des \nr\u00e9sidents \u00e0 d\u00e9duire de \nla dotation globalis\u00e9e \ncommune \nMontant \u00e0 la charge de la \n5\u00e8me branche \nN+1 \nTarif journalier \nN+1 \nH\u00e9bergement \nPermanent 3 876 365,18 1 113 235,83 337 943,20 4 651 657,81 83,84 \nH\u00e9bergement \nTemporaire 0,00   0,00 0,00 \nUHR 0,00   0,00  \nPASA 90 738,00   90 738,00  \nAccueil de Jour 104 853,00   104 853,00 166,43 \nPlateforme de r\u00e9pit 0,00   0,00  \n \n \n \n \n La fraction forfaitaire mensuelle s'\u00e9tablit \u00e0 403 937,40 \u20ac. \n \n  \nArticle 3 Les recours contentieux dirig\u00e9s contre la pr\u00e9sente d\u00e9cision doivent \u00eatre port\u00e9s devant le \nTribunal Administratif sis 6 Rue du Haut Bourgeois 54035 NANCY dans un d\u00e9lai de deux \nmois \u00e0 compter de sa publication ou, pour les personnes auxquelles elle sera noti fi\u00e9e, \u00e0 \ncompter de sa notification. Le tribunal administratif peut \u00eatre saisi par l'application \u00ab \nT\u00e9l\u00e9recours citoyens \u00bb accessible par le site www.telerecours.fr. \n  \nArticle 4 La pr\u00e9sente d\u00e9cision sera publi\u00e9e au recueil des actes administratifs. \n  \nArticle 5      La Directrice G\u00e9n\u00e9rale de l'ARS Grand Est est charg\u00e9e de l'ex\u00e9cution de la pr\u00e9sente d\u00e9cision \nqui sera notifi\u00e9e \u00e0 l'entit\u00e9 gestionnaire HOPITAL LOCAL DE WASSY (520780099) et \u00e0 \nl'\u00e9tablissement concern\u00e9. \n \n \nFait \u00e0 CHAUMONT, le 30 juin 2025           \n \n \nLe Directeur \n                \n \n \n \n         #signature# \n \n \nEuREPUBLIQUEFRAN\u00c7AISELibert\u00e9 \u00a9 D Azence R\u00e9gionale de Sant\u00e9Egalit\u00e9. Grand EstFraternit\u00e9\n  \n \nDECISION TARIFAIRE N\u00b010790 PORTANT FIXATION DU FORFAIT GLOBAL DE SOINS \nPOUR 2025 DE \nEHPAD LE CH\u00caNE - CH DE SAINT DIZIER - 520781527 \n \nLa Directrice G\u00e9n\u00e9rale de l'ARS Grand Est \n \nVU le Code de l'Action Sociale et des Familles \n  \nVU le Code de la S\u00e9curit\u00e9 Sociale ; \n  \nVU la loi n\u00b02025 -199 du 28 f\u00e9vrier 2025 de financement de la S\u00e9curit\u00e9 Sociale pour 2025 \npubli\u00e9e au Journal Officiel du 28/02/2025 ; \n  \nVU l'arr\u00eat\u00e9 minist\u00e9riel du 02/06/2025 publi\u00e9 au Journal Officiel du 06/06/2025 pris en \napplication de l'article L314 -3 du Code de l'Action Sociale et des Familles fixant, pour \nl'ann\u00e9e 2025 l'objectif global de d\u00e9penses d'assurance maladie et le montant total de \nd\u00e9penses pour les \u00e9tablissements et services relevant de la Caisse nationale de solidarit\u00e9 \npour l'autonomie ; \n  \nVU l'arr\u00eat\u00e9 du 6 juin 2025  fixant le montant de la participation journali\u00e8re forfaitaire des \nr\u00e9sidents aux d\u00e9penses d'entretien de l'autonomie dans les \u00e9tablissements relevant des I, II \net IV bis de l'article L. 313-12 du code de l'action sociale et des familles implant\u00e9s dans les \nd\u00e9partements participant \u00e0 l'exp\u00e9rimentation mentionn\u00e9e \u00e0 l'article 79 de la loi n\u00b0 2023 -\n1250 du 26 d\u00e9cembre 2023 de financement de la s\u00e9curit\u00e9 sociale pour 2024, au titre de \nl'exercice 2025 ; \n  \nVU la d\u00e9cision du 02/06/2025 publi\u00e9e au Journal Officiel du 06/06/2025 relative aux dotations \nr\u00e9gionales limitatives 2025 et \u00e0 la moyenne nationale des besoins en soins requis 2025 ; \n  \nVU l'arr\u00eat\u00e9 du 28/05/2025 fixant pour 2025 les valeurs du point mentionn\u00e9e \u00e0 l'article 9 du \nd\u00e9cret n\u00b0 2025 -168 du 20/02/2025 du code de l'action sociale et des familles publi\u00e9 au \nJournal Officiel du 31/05/2025 ; \n  \nVU le d\u00e9cret du 21 mai 2024 portant nomination de Madame, RATIGNIER -CARBONNEIL, \nChristelle en qualit\u00e9 de Directrice G\u00e9n\u00e9rale de l'agence r\u00e9gionale de sant\u00e9 Grand Est ; \n  \nVU la d\u00e9cision de d\u00e9l\u00e9gation de signature de la Directrice G\u00e9n\u00e9rale de l'ARS vers le Directeur \nde HAUTE-MARNE en date du 22/05/2025 ; \n \nVU l'autorisation ou le renouvellement d'autorisation en date du 03/01/2017 de la structure \nEtablissement d'h\u00e9bergement pour personnes \u00e2g\u00e9es d\u00e9pendantes d\u00e9nomm\u00e9e EHPAD LE \nCH\u00caNE - CH DE SAINT DIZIER (520781527) sise 35 R DES LACHATS 52115 Saint -\nDizier et g\u00e9r\u00e9e par l'entit\u00e9 d\u00e9nomm\u00e9e CENTRE HOSPITALIER DE SAINT -DIZIER \n(520780073) ; \n  \n \n \n \n \n \n\nDECIDE \n \nArticle 1er A compter du 01  janvier 2025, le montant \u00e0 la charge de la 5 \u00e8me branche est fix\u00e9 \u00e0 \n2 787 323,09 au titre de 2025, dont 0,00 de cr\u00e9dits non reconductibles vers\u00e9s en une \nseule fois. \n \n \n La fraction forfaitaire mensuelle s'\u00e9tablit \u00e0 232 276,92 \u20ac. \n \nPour 2025, les tarifs sont d\u00e9compos\u00e9s comme suit : \n \n Partie soins du forfait \nglobal unique \nPartie entretien de \nl'autonomie du forfait \nglobal unique \nParticipation des r\u00e9sidents \n\u00e0 d\u00e9duire de la dotation \nglobalis\u00e9e commune \nMontant \u00e0 la \ncharge de la 5\u00e8me \nbranche \nTarif journalier \nH\u00e9bergement \nPermanent 2 535 637,90 280 075,09 94 191,90 2 721 521,09 101,31 \nH\u00e9bergement \nTemporaire 65 802,00   65 802,00 172,26 \nUHR 0,00   0,00  \nPASA 0,00   0,00  \nAccueil de Jour 0,00   0,00 0,00 \nPlateforme de r\u00e9pit 0,00   0,00  \n \n \nArticle 2 A compter du 1er janvier 2026 , en application de l'article L.314-7 du CASF, le montant \n\u00e0 la charge de la 5\u00e8me branche est fix\u00e9, \u00e0 titre transitoire, \u00e0 2 973 206,28 \n  \n Les tarifs de reconduction sont fix\u00e9s \u00e0 : \n \n Partie soins du forfait \nglobal unique  N+1 \nPartie entretien de \nl'autonomie du forfait \nglobal unique N+1 \nParticipation des \nr\u00e9sidents \u00e0 d\u00e9duire de \nla dotation globalis\u00e9e \ncommune \nMontant \u00e0 la charge de la \n5\u00e8me branche \nN+1 \nTarif journalier \nN+1 \nH\u00e9bergement \nPermanent 2 535 637,90 560 150,18 188 383,80 2 907 404,28 108,23 \nH\u00e9bergement \nTemporaire 65 802,00   65 802,00 172,26 \nUHR 0,00   0,00  \nPASA 0,00   0,00  \nAccueil de Jour 0,00   0,00 0,00 \nPlateforme de r\u00e9pit 0,00   0,00  \n \n \n \n \n La fraction forfaitaire mensuelle s'\u00e9tablit \u00e0 247 767,19 \u20ac. \n \n  \nArticle 3 Les recours contentieux dirig\u00e9s contre la pr\u00e9sente d\u00e9cision doivent \u00eatre port\u00e9s devant le \nTribunal Administratif sis 6 Rue du Haut Bourgeois 54035 NANCY dans un d\u00e9lai de deux \nmois \u00e0 compter de sa publication ou, pour les personnes auxquelles elle sera noti fi\u00e9e, \u00e0 \ncompter de sa notification. Le tribunal administratif peut \u00eatre saisi par l'application \u00ab \nT\u00e9l\u00e9recours citoyens \u00bb accessible par le site www.telerecours.fr. \n  \nArticle 4 La pr\u00e9sente d\u00e9cision sera publi\u00e9e au recueil des actes administratifs. \n  \nArticle 5      La Directrice G\u00e9n\u00e9rale de l'ARS Grand Est est charg\u00e9e de l'ex\u00e9cution de la pr\u00e9sente d\u00e9cision \nqui sera notifi\u00e9e \u00e0 l'entit\u00e9 gestionnaire CENTRE HOSPITALIER DE SAINT -DIZIER \n(520780073) et \u00e0 l'\u00e9tablissement concern\u00e9. \n \n \nFait \u00e0 CHAUMONT, le 30 juin 2025           \n \n \nLe Directeur \n \n \n \n         #signature# \n \n \nEuREPUBLIQUEFRAN\u00c7AISELibert\u00e9 \u00a9 D Azence R\u00e9gionale de Sant\u00e9Egalit\u00e9. Grand EstFraternit\u00e9\n  \n \nDECISION TARIFAIRE N\u00b010791 PORTANT FIXATION DU FORFAIT GLOBAL DE SOINS \nPOUR 2025 DE \nEHPAD GERARD DE HAULT - 520780461 \n \nLa Directrice G\u00e9n\u00e9rale de l'ARS Grand Est \n \nVU le Code de l'Action Sociale et des Familles \n  \nVU le Code de la S\u00e9curit\u00e9 Sociale ; \n  \nVU la loi n\u00b02025 -199 du 28 f\u00e9vrier 2025 de financement de la S\u00e9curit\u00e9 Sociale pour 2025 \npubli\u00e9e au Journal Officiel du 28/02/2025 ; \n  \nVU l'arr\u00eat\u00e9 minist\u00e9riel du 02/06/2025 publi\u00e9 au Journal Officiel du 06/06/2025 pris en \napplication de l'article L314 -3 du Code de l'Action Sociale et des Familles fixant, pour \nl'ann\u00e9e 2025 l'objectif global de d\u00e9penses d'assurance maladie et le montant total de \nd\u00e9penses pour les \u00e9tablissements et services relevant de la Caisse nationale de solidarit\u00e9 \npour l'autonomie ; \n  \nVU l'arr\u00eat\u00e9 du 6 juin 2025  fixant le montant de la participation journali\u00e8re forfaitaire des \nr\u00e9sidents aux d\u00e9penses d'entretien de l'autonomie dans les \u00e9tablissements relevant des I, II \net IV bis de l'article L. 313-12 du code de l'action sociale et des familles implant\u00e9s dans les \nd\u00e9partements participant \u00e0 l'exp\u00e9rimentation mentionn\u00e9e \u00e0 l'article 79 de la loi n\u00b0 2023 -\n1250 du 26 d\u00e9cembre 2023 de financement de la s\u00e9curit\u00e9 sociale pour 2024, au titre de \nl'exercice 2025 ; \n  \nVU la d\u00e9cision du 02/06/2025 publi\u00e9e au Journal Officiel du 06/06/2025 relative aux dotations \nr\u00e9gionales limitatives 2025 et \u00e0 la moyenne nationale des besoins en soins requis 2025 ; \n  \nVU l'arr\u00eat\u00e9 du 28/05/2025 fixant pour 2025 les valeurs du point mentionn\u00e9e \u00e0 l'article 9 du \nd\u00e9cret n\u00b0 2025 -168 du 20/02/2025 du code de l'action sociale et des familles publi\u00e9 au \nJournal Officiel du 31/05/2025 ; \n  \nVU le d\u00e9cret du 21 mai 2024 portant nomination de Madame, RATIGNIER -CARBONNEIL, \nChristelle en qualit\u00e9 de Directrice G\u00e9n\u00e9rale de l'agence r\u00e9gionale de sant\u00e9 Grand Est ; \n  \nVU la d\u00e9cision de d\u00e9l\u00e9gation de signature de la Directrice G\u00e9n\u00e9rale de l'ARS vers le Directeur \nde HAUTE-MARNE en date du 22/05/2025 ; \n \nVU l'autorisation ou le renouvellement d'autorisation en date du 03/01/2017 de la structure \nEtablissement d'h\u00e9bergement pour personnes \u00e2g\u00e9es d\u00e9pendantes d\u00e9nomm\u00e9e EHPAD \nGERARD DE HAULT (520780461) sise 2 R DU CHATEAU 52220 Sommevoire et g\u00e9r\u00e9e \npar l'entit\u00e9 d\u00e9nomm\u00e9e CENTRE HOSPITALIER DE MONTIER-EN-DER (520780065) ; \n  \n \n \n \n \n \n\nDECIDE \n \nArticle 1er A compter du 01  janvier 2025, le montant \u00e0 la charge de la 5 \u00e8me branche est fix\u00e9 \u00e0 \n1 510 570,01 au titre de 2025, dont 0,00 de cr\u00e9dits non reconductibles vers\u00e9s en une \nseule fois. \n \n \n La fraction forfaitaire mensuelle s'\u00e9tablit \u00e0 125 880,83 \u20ac. \n \nPour 2025, les tarifs sont d\u00e9compos\u00e9s comme suit : \n \n Partie soins du forfait \nglobal unique \nPartie entretien de \nl'autonomie du forfait \nglobal unique \nParticipation des r\u00e9sidents \n\u00e0 d\u00e9duire de la dotation \nglobalis\u00e9e commune \nMontant \u00e0 la \ncharge de la 5\u00e8me \nbranche \nTarif journalier \nH\u00e9bergement \nPermanent 1 341 710,11 182 772,25 67 813,35 1 456 669,01 79,10 \nH\u00e9bergement \nTemporaire 53 901,00   53 901,00 192,50 \nUHR 0,00   0,00  \nPASA 0,00   0,00  \nAccueil de Jour 0,00   0,00 0,00 \nPlateforme de r\u00e9pit 0,00   0,00  \n \n \n \n \nArticle 2 A compter du 1er janvier 2026 , en application de l'article L.314-7 du CASF, le montant \n\u00e0 la charge de la 5\u00e8me branche est fix\u00e9, \u00e0 titre transitoire, \u00e0 1 625 528,91 \n  \n Les tarifs de reconduction sont fix\u00e9s \u00e0 : \n \n Partie soins du forfait \nglobal unique  N+1 \nPartie entretien de \nl'autonomie du forfait \nglobal unique N+1 \nParticipation des \nr\u00e9sidents \u00e0 d\u00e9duire de \nla dotation globalis\u00e9e \ncommune \nMontant \u00e0 la charge de la \n5\u00e8me branche \nN+1 \nTarif journalier \nN+1 \nH\u00e9bergement \nPermanent 1 341 710,11 365 544,50 135 626,70 1 571 627,91 85,34 \nH\u00e9bergement \nTemporaire 53 901,00   53 901,00 192,50 \nUHR 0,00   0,00  \nPASA 0,00   0,00  \nAccueil de Jour 0,00   0,00 0,00 \nPlateforme de r\u00e9pit 0,00   0,00  \n \n \n \n \n La fraction forfaitaire mensuelle s'\u00e9tablit \u00e0 135 460,74 \u20ac. \n \n  \nArticle 3 Les recours contentieux dirig\u00e9s contre la pr\u00e9sente d\u00e9cision doivent \u00eatre port\u00e9s devant le \nTribunal Administratif sis 6 Rue du Haut Bourgeois 54035 NANCY dans un d\u00e9lai de deux \nmois \u00e0 compter de sa publication ou, pour les personnes auxquelles elle sera noti fi\u00e9e, \u00e0 \ncompter de sa notification. Le tribunal administratif peut \u00eatre saisi par l'application \u00ab \nT\u00e9l\u00e9recours citoyens \u00bb accessible par le site www.telerecours.fr. \n  \nArticle 4 La pr\u00e9sente d\u00e9cision sera publi\u00e9e au recueil des actes administratifs. \n  \nArticle 5      La Directrice G\u00e9n\u00e9rale de l'ARS Grand Est est charg\u00e9e de l'ex\u00e9cution de la pr\u00e9sente d\u00e9cision \nqui sera notifi\u00e9e \u00e0 l'entit\u00e9 gestionnaire CENTRE HOSPITALIER DE MONTIER -EN-DER \n(520780065) et \u00e0 l'\u00e9tablissement concern\u00e9. \n \n \nFait \u00e0 CHAUMONT, le 30 juin 2025           \n \n \nLe Directeur \n                \n \n \n \n         #signature# \n \n \nEuREPUBLIQUEFRAN\u00c7AISELibert\u00e9 \u00a9 D Azence R\u00e9gionale de Sant\u00e9Egalit\u00e9. Grand EstFraternit\u00e9\n  \n \nDECISION TARIFAIRE N\u00b010792 PORTANT FIXATION DU FORFAIT GLOBAL DE SOINS \nPOUR 2025 DE \nEHPAD FELIX GRELOT - 520780396 \n \nLa Directrice G\u00e9n\u00e9rale de l'ARS Grand Est \n \nVU le Code de l'Action Sociale et des Familles \n  \nVU le Code de la S\u00e9curit\u00e9 Sociale ; \n  \nVU la loi n\u00b02025 -199 du 28 f\u00e9vrier 2025 de financement de la S\u00e9curit\u00e9 Sociale pour 2025 \npubli\u00e9e au Journal Officiel du 28/02/2025 ; \n  \nVU l'arr\u00eat\u00e9 minist\u00e9riel du 02/06/2025 publi\u00e9 au Journal Officiel du 06/06/2025 pris en \napplication de l'article L314 -3 du Code de l'Action Sociale et des Familles fixant, pour \nl'ann\u00e9e 2025 l'objectif global de d\u00e9penses d'assurance maladie et le montant total de \nd\u00e9penses pour les \u00e9tablissements et services relevant de la Caisse nationale de solidarit\u00e9 \npour l'autonomie ; \n  \nVU l'arr\u00eat\u00e9 du 6 juin 2025  fixant le montant de la participation journali\u00e8re forfaitaire des \nr\u00e9sidents aux d\u00e9penses d'entretien de l'autonomie dans les \u00e9tablissements relevant des I, II \net IV bis de l'article L. 313 -12 du code de l'action sociale et des familles implant\u00e9s dans \nles d\u00e9partements participant \u00e0 l'exp\u00e9rimentation mentionn\u00e9e \u00e0 l'article 79 de la loi n\u00b0 \n2023-1250 du 26 d\u00e9cembre 2023 de financement de la s\u00e9curit\u00e9 sociale pour 2024, au titre \nde l'exercice 2025 ; \n  \nVU la d\u00e9cision du 02/06/2025 publi\u00e9e au Journal Officiel du 06/06/2025 relative aux dotations \nr\u00e9gionales limitatives 2025 et \u00e0 la moyenne nationale des besoins en soins requis 2025 ; \n  \nVU l'arr\u00eat\u00e9 du 28/05/2025 fixant pour 2025 les valeurs du point mentionn\u00e9e \u00e0 l'article 9 du \nd\u00e9cret n\u00b0 2025 -168 du 20/02/2025 du code de l'action sociale et des familles publi\u00e9 au \nJournal Officiel du 31/05/2025 ; \n  \nVU le d\u00e9cret du 21 mai 2024 portant nomination de Madame, RATIGNIER -CARBONNEIL, \nChristelle en qualit\u00e9 de Directrice G\u00e9n\u00e9rale de l'agence r\u00e9gionale de sant\u00e9 Grand Est ; \n  \nVU la d\u00e9cision de d\u00e9l\u00e9gation de signature de la Directrice G\u00e9n\u00e9rale de l'ARS vers le Directeur \nde HAUTE-MARNE en date du 22/05/2025 ; \n \nVU l'autorisation ou le renouvellement d'autorisation en date du 03/01/2017 de la structure \nEtablissement d'h\u00e9bergement pour personnes \u00e2g\u00e9es d\u00e9pendantes d\u00e9nomm\u00e9e EHPAD \nFELIX GRELOT (520780396) sise 6 R FELIX GRELOT 52800 Nogent et g\u00e9r\u00e9e par \nl'entit\u00e9 d\u00e9nomm\u00e9e MAISON DE RETRAITE (520000126) ; \n  \n \n \n \n \n \n\nDECIDE \n \nArticle 1er A compter du 01  janvier 2025, le montant \u00e0 la charge de la 5 \u00e8me branche est fix\u00e9 \u00e0 \n1 935 937,86 \u20ac au titre de 2025, dont 0,00  \u20ac de cr\u00e9dits non reconductibles vers\u00e9s en \nune seule fois. \n \n La fraction forfaitaire mensuelle s'\u00e9tablit \u00e0 161 328,16 \u20ac. \n \nPour 2025, les tarifs sont d\u00e9compos\u00e9s comme suit : \n \n Partie soins du forfait \nglobal unique \nPartie entretien de \nl'autonomie du forfait \nglobal unique \nParticipation des r\u00e9sidents \n\u00e0 d\u00e9duire de la dotation \nglobalis\u00e9e commune \nMontant \u00e0 la \ncharge de la 5\u00e8me \nbranche \nTarif journalier \nH\u00e9bergement \nPermanent 1 673 836,68 \u20ac 220 180,28 \u20ac 69 620,10 \u20ac 1 824 396,86 \u20ac 79,87 \u20ac \nH\u00e9bergement \nTemporaire 32 901,00 \u20ac   32 901,00 \u20ac 299,10 \u20ac \nUHR 0,00   0,00 \u20ac  \nPASA 0,00   0,00 \u20ac  \nAccueil de Jour 78 640,00 \u20ac   78 640,00 \u20ac 68,98 \u20ac \nPlateforme de r\u00e9pit 0,00 \u20ac   0,00 \u20ac  \n \nArticle 2 A compter du 1 er janvier 2026, en application de l'article L.314 -7 du CASF, le \nmontant \u00e0 la charge de la 5\u00e8me branche est fix\u00e9, \u00e0 titre transitoire, \u00e0 2 086 498,03 \u20ac \n  \n Les tarifs de reconduction sont fix\u00e9s \u00e0 : \n \n Partie soins du forfait \nglobal unique N+1 \nPartie entretien de \nl'autonomie du forfait \nglobal unique N+1 \nParticipation des \nr\u00e9sidents \u00e0 d\u00e9duire de \nla dotation globalis\u00e9e \ncommune \nMontant \u00e0 la charge de la \n5\u00e8me branche \nN+1 \nTarif journalier \nN+1 \nH\u00e9bergement \nPermanent 1 673 836,68 \u20ac 440 360,55 \u20ac 139 240,20 \u20ac 1 974 957,03 \u20ac 86,46 \u20ac \nH\u00e9bergement \nTemporaire 32 901,00 \u20ac   32 901,00 \u20ac 299,10 \u20ac \nUHR 0,00 \u20ac   0,00 \u20ac  \nPASA 0,00 \u20ac   0,00 \u20ac  \nAccueil de Jour 78 640,00 \u20ac   78 640,00 \u20ac 68,98 \u20ac \nPlateforme de r\u00e9pit 0,00 \u20ac   0,00 \u20ac  \n La fraction forfaitaire mensuelle s'\u00e9tablit \u00e0 173 874,84 \u20ac. \n \n  \nArticle 3 Les recours contentieux dirig\u00e9s contre la pr\u00e9sente d\u00e9cision doivent \u00eatre port\u00e9s devant le \nTribunal Administratif sis 6 Rue du Haut Bourgeois 54035 NANCY dans un d\u00e9lai de deux \nmois \u00e0 compter de sa publication ou, pour les personnes auxquelles elle sera notifi\u00e9e, \u00e0 \ncompter de sa notification. Le tribunal administratif peut \u00eatre saisi par l'application \u00ab \nT\u00e9l\u00e9recours citoyens \u00bb accessible par le site www.telerecours.fr. \n  \nArticle 4 La pr\u00e9sente d\u00e9cision sera publi\u00e9e au recueil des actes administratifs. \n  \nArticle 5      La Directrice G\u00e9n\u00e9rale de l'ARS Grand Est est charg\u00e9e de l'ex\u00e9cution de la pr\u00e9sente \nd\u00e9cision qui sera notifi\u00e9e \u00e0 l'entit\u00e9 gestionnaire MAISON DE RETRAITE (520000126) et \n\u00e0 l'\u00e9tablissement concern\u00e9. \n \n \nFait \u00e0 CHAUMONT, le 30 juin 2025           \n \n \nLe Directeur \n                \n \n \n \n         #signature# \n \n \nEuREPUBLIQUEFRAN\u00c7AISELibert\u00e9 \u00a9 D Azence R\u00e9gionale de Sant\u00e9Egalit\u00e9. Grand EstFraternit\u00e9\n  \n \nDECISION TARIFAIRE N\u00b010793 PORTANT FIXATION DU FORFAIT GLOBAL DE SOINS \nPOUR 2025 DE \nEHPAD LA COTE DES CHARMES - 520004565 \n \nLa Directrice G\u00e9n\u00e9rale de l'ARS Grand Est \n \nVU le Code de l'Action Sociale et des Familles \n  \nVU le Code de la S\u00e9curit\u00e9 Sociale ; \n  \nVU la loi n\u00b02025 -199 du 28 f\u00e9vrier 2025 de financement de la S\u00e9curit\u00e9 Sociale pour 2025 \npubli\u00e9e au Journal Officiel du 28/02/2025 ; \n  \nVU l'arr\u00eat\u00e9 minist\u00e9riel du 02/06/2025 publi\u00e9 au Journal Officiel du 06/06/2025 pris en \napplication de l'article L314 -3 du Code de l'Action Sociale et des Familles fixant, pour \nl'ann\u00e9e 2025 l'objectif global de d\u00e9penses d'assurance maladie et le montant total de \nd\u00e9penses pour les \u00e9tablissements et services relevant de la Caisse nationale de solidarit\u00e9 \npour l'autonomie ; \n  \nVU l'arr\u00eat\u00e9 du 6 juin 2025  fixant le montant de la participation journali\u00e8re forfaitaire des \nr\u00e9sidents aux d\u00e9penses d'entretien de l'autonomie dans les \u00e9tablissements relevant des I, II \net IV bis de l'article L. 313 -12 du code de l'action sociale et des familles implant\u00e9s dans \nles d\u00e9partements participant \u00e0 l'exp\u00e9rimentation mentionn\u00e9e \u00e0 l'article 79 de la loi n\u00b0 \n2023-1250 du 26 d\u00e9cembre 2023 de financement de la s\u00e9curit\u00e9 sociale pour 2024, au titre \nde l'exercice 2025 ; \n  \nVU la d\u00e9cision du 02/06/2025 publi\u00e9e au Journal Officiel du 06/06/2025 relative aux dotations \nr\u00e9gionales limitatives 2025 et \u00e0 la moyenne nationale des besoins en soins requis 2025 ; \n  \nVU l'arr\u00eat\u00e9 du 28/05/2025 fixant pour 2025 les valeurs du point mentionn\u00e9e \u00e0 l'article 9 du \nd\u00e9cret n\u00b0 2025 -168 du 20/02/2025 du code de l'action sociale et des familles publi\u00e9 au \nJournal Officiel du 31/05/2025 ; \n  \nVU le d\u00e9cret du 21 mai 2024 portant nomination de Madame, RATIGNIER -CARBONNEIL, \nChristelle en qualit\u00e9 de Directrice G\u00e9n\u00e9rale de l'agence r\u00e9gionale de sant\u00e9 Grand Est ; \n  \nVU la d\u00e9cision de d\u00e9l\u00e9gation de signature de la Directrice G\u00e9n\u00e9rale de l'ARS vers le Directeur \nde HAUTE-MARNE en date du 22/05/2025 ; \n \nVU l'autorisation ou le renouvellement d'autorisation en date du 08/03/2016 de la structure \nEtablissement d'h\u00e9bergement pour personnes \u00e2g\u00e9es d\u00e9pendantes d\u00e9nomm\u00e9e EHPAD LA \nCOTE DES CHARMES (520004565) sise  R DU FOUR 52700 Manois et g\u00e9r\u00e9e par \nl'entit\u00e9 d\u00e9nomm\u00e9e ASSOCIATION GROUPE SOS SENIORS (570010173) ; \n  \n \n  \n\nDECIDE \n \nArticle 1er A compter du 1 er janvier 2025, le montant \u00e0 la charge de la 5 \u00e8me branche est fix\u00e9 \u00e0 \n1 831 137,12 \u20ac au titre de 2025, dont 0,00 \u20ac de cr\u00e9dits  non reconductibles vers\u00e9s en \nune seule fois. \n \n La fraction forfaitaire mensuelle s'\u00e9tablit \u00e0 152 594,76 \u20ac. \n \nPour 2025, les tarifs sont d\u00e9compos\u00e9s comme suit : \n \n Partie soins du forfait \nglobal unique \nPartie entretien de \nl'autonomie du forfait \nglobal unique \nParticipation des r\u00e9sidents \n\u00e0 d\u00e9duire de la dotation \nglobalis\u00e9e commune \nMontant \u00e0 la \ncharge de la 5\u00e8me \nbranche \nTarif journalier \nH\u00e9bergement \nPermanent 1 612 700,22 \u20ac 237 945,60 \u20ac 72 008,70 \u20ac 1 778 637,12 \u20ac 73,12 \u20ac \nH\u00e9bergement \nTemporaire 0,00 \u20ac   0,00 \u20ac 0,00 \u20ac \nUHR 0,00 \u20ac   0,00 \u20ac  \nPASA 52 500,00 \u20ac   52 500,00 \u20ac  \nAccueil de Jour 0,00 \u20ac   0,00 \u20ac 0,00 \u20ac \nPlateforme de r\u00e9pit 0,00 \u20ac   0,00 \u20ac  \n \nArticle 2 A compter du 1 er janvier 2026,  en application de l'article L.314 -7 du CASF, le \nmontant \u00e0 la charge de la 5\u00e8me branche est fix\u00e9, \u00e0 titre transitoire, \u00e0 2 034 574,02 \u20ac \n  \n Les tarifs de reconduction sont fix\u00e9s \u00e0 : \n \n Partie soins du forfait \nglobal unique N+1 \nPartie entretien de \nl'autonomie du forfait \nglobal unique N+1 \nParticipation des \nr\u00e9sidents \u00e0 d\u00e9duire de \nla dotation globalis\u00e9e \ncommune \nMontant \u00e0 la charge de la \n5\u00e8me branche \nN+1 \nTarif journalier \nN+1 \nH\u00e9bergement \nPermanent 1 612 700,22 \u20ac 475 891,20 \u20ac 144 017,40 \u20ac 1 944 574,02 \u20ac 79,94 \u20ac \nH\u00e9bergement \nTemporaire 0,00 \u20ac   0,00 \u20ac 0,00 \u20ac \nUHR 0,00 \u20ac   0,00 \u20ac  \nPASA 90 000,00 \u20ac   90 000,00 \u20ac  \nAccueil de Jour 0,00 \u20ac   0,00 \u20ac 0,00 \u20ac \nPlateforme de r\u00e9pit 0,00 \u20ac   0,00 \u20ac  \n \n La fraction forfaitaire mensuelle s'\u00e9tablit \u00e0 169 547,84 \u20ac. \n \n  \nArticle 3 Les recours contentieux dirig\u00e9s contre la pr\u00e9sente d\u00e9cision doivent \u00eatre port\u00e9s devant le \nTribunal Administratif sis 6 Rue du Haut Bourgeois 54035 NANCY dans un d\u00e9lai de deux \nmois \u00e0 compter de sa publication ou, pour les personnes auxquelles elle sera notifi\u00e9e, \u00e0 \ncompter de sa notification. Le tribunal administratif peut \u00eatre saisi par l'application \u00ab \nT\u00e9l\u00e9recours citoyens \u00bb accessible par le site www.telerecours.fr. \n  \nArticle 4 La pr\u00e9sente d\u00e9cision sera publi\u00e9e au recueil des actes administratifs. \n  \nArticle 5      La Directrice G\u00e9n\u00e9rale de l'ARS Grand Est est charg\u00e9e de l'ex\u00e9cution de la pr\u00e9sente \nd\u00e9cision qui sera notifi\u00e9e \u00e0 l'entit\u00e9 gestionnaire ASSOCIATION GROUPE SOS SENIORS \n(570010173) et \u00e0 l'\u00e9tablissement concern\u00e9. \n \n \nFait \u00e0 CHAUMONT, le 30 juin 2025           \n \n \nLe Directeur \n                \n \n \n \n         #signature# \n \n \nEuREPUBLIQUEFRAN\u00c7AISELibert\u00e9 \u00a9 D Azence R\u00e9gionale de Sant\u00e9Egalit\u00e9. Grand EstFraternit\u00e9\n  \n \nDECISION TARIFAIRE N\u00b010794 PORTANT FIXATION DU FORFAIT GLOBAL DE SOINS \nPOUR 2025 DE \nEHPAD CHHM - 520001868 \n \nLa Directrice G\u00e9n\u00e9rale de l'ARS Grand Est \n \nVU le Code de l'Action Sociale et des Familles \n  \nVU le Code de la S\u00e9curit\u00e9 Sociale ; \n  \nVU la loi n\u00b02025 -199 du 28 f\u00e9vrier 2025 de financement de la S\u00e9curit\u00e9 Sociale pour 2025 \npubli\u00e9e au Journal Officiel du 28/02/2025 ; \n  \nVU l'arr\u00eat\u00e9 minist\u00e9riel du 02/06/2025 publi\u00e9 au Journal Officiel du 06/06/2025 pris en \napplication de l'article L314 -3 du Code de l'Action Sociale et des Familles fixant, pour \nl'ann\u00e9e 2025 l'objectif global de d\u00e9penses d'assurance maladie et le montant total de \nd\u00e9penses pour les \u00e9tablissements et services relevant de la Caisse nationale de solidarit\u00e9 \npour l'autonomie ; \n  \nVU l'arr\u00eat\u00e9 du 6 juin 2025  fixant le montant de la participation journali\u00e8re forfaitaire des \nr\u00e9sidents aux d\u00e9penses d'entretien de l'autonomie dans les \u00e9tablissements relevant des I, II \net IV bis de l'article L. 313-12 du code de l'action sociale et des familles implant\u00e9s dans les \nd\u00e9partements participant \u00e0 l'exp\u00e9rimentation mentionn\u00e9e \u00e0 l'article 79 de la loi n\u00b0 2023 -\n1250 du 26 d\u00e9cembre 2023 de financement de la s\u00e9curit\u00e9 sociale pour 2024, au titre de \nl'exercice 2025 ; \n  \nVU la d\u00e9cision du 02/06/2025 publi\u00e9e au Journal Officiel du 06/06/2025 relative aux dotations \nr\u00e9gionales limitatives 2025 et \u00e0 la moyenne nationale des besoins en soins requis 2025 ; \n  \nVU l'arr\u00eat\u00e9 du 28/05/2025 fixant pour 2025 les valeurs du point mentionn\u00e9e \u00e0 l'article 9 du \nd\u00e9cret n\u00b0 2025 -168 du 20/02/2025 du code de l'action sociale et des familles publi\u00e9 au \nJournal Officiel du 31/05/2025 ; \n  \nVU le d\u00e9cret du 21 mai 2024 portant nomination de Madame, RATIGNIER -CARBONNEIL, \nChristelle en qualit\u00e9 de Directrice G\u00e9n\u00e9rale de l'agence r\u00e9gionale de sant\u00e9 Grand Est ; \n  \nVU la d\u00e9cision de d\u00e9l\u00e9gation de signature de la Directrice G\u00e9n\u00e9rale de l'ARS vers le Directeur \nde HAUTE-MARNE en date du 22/05/2025 ; \n \nVU l'autorisation ou le renouvellement d'autorisation en date du 06/03/2006 de la structure \nEtablissement d'h\u00e9bergement pour personnes \u00e2g\u00e9es d\u00e9pendantes d\u00e9nomm\u00e9e EHPAD \nCHHM (520001868) sise 1 CAR HENRI ROLLIN 52103 Saint-Dizier et g\u00e9r\u00e9e par l'entit\u00e9 \nd\u00e9nomm\u00e9e CH DE LA HAUTE-MARNE (520780081) ; \n  \n \n \n \n \n \n\nDECIDE \n \nArticle 1er A compter du 01  janvier 2025, le montant \u00e0 la charge de la 5 \u00e8me branche est fix\u00e9 \u00e0 \n2 075 392,28 au titre de 2025, dont 0,00 de cr\u00e9dits non reconductibles vers\u00e9s en une \nseule fois. \n \n \n La fraction forfaitaire mensuelle s'\u00e9tablit \u00e0 172 949,36 \u20ac. \n \nPour 2025, les tarifs sont d\u00e9compos\u00e9s comme suit : \n \n Partie soins du forfait \nglobal unique \nPartie entretien de \nl'autonomie du forfait \nglobal unique \nParticipation des r\u00e9sidents \n\u00e0 d\u00e9duire de la dotation \nglobalis\u00e9e commune \nMontant \u00e0 la \ncharge de la 5\u00e8me \nbranche \nTarif journalier \nH\u00e9bergement \nPermanent 1 424 453,99 185 964,80 65 836,88 1 544 581,91 88,58 \nH\u00e9bergement \nTemporaire 32 901,00   32 901,00 123,22 \nUHR 222 670,37   222 670,37  \nPASA 0,00   0,00  \nAccueil de Jour 275 239,00   275 239,00 58,81 \nPlateforme de r\u00e9pit 0,00   0,00  \n \n \nArticle 2 A compter du 1er janvier 2026 , en application de l'article L.314-7 du CASF, le montant \n\u00e0 la charge de la 5\u00e8me branche est fix\u00e9, \u00e0 titre transitoire, \u00e0 2 195 520,21 \n  \n Les tarifs de reconduction sont fix\u00e9s \u00e0 : \n \n Partie soins du forfait \nglobal unique  N+1 \nPartie entretien de \nl'autonomie du forfait \nglobal unique N+1 \nParticipation des \nr\u00e9sidents \u00e0 d\u00e9duire de \nla dotation globalis\u00e9e \ncommune \nMontant \u00e0 la charge de la \n5\u00e8me branche \nN+1 \nTarif journalier \nN+1 \nH\u00e9bergement \nPermanent 1 424 453,99 371 929,60 131 673,75 1 664 709,84 95,46 \nH\u00e9bergement \nTemporaire 32 901,00   32 901,00 123,22 \nUHR 222 670,37   222 670,37  \nPASA 0,00   0,00  \nAccueil de Jour 275 239,00   275 239,00 58,81 \nPlateforme de r\u00e9pit 0,00   0,00  \n \n \n \n \n La fraction forfaitaire mensuelle s'\u00e9tablit \u00e0 182 960,02 \u20ac. \n \n  \nArticle 3 Les recours contentieux dirig\u00e9s contre la pr\u00e9sente d\u00e9cision doivent \u00eatre port\u00e9s devant le \nTribunal Administratif sis 6 Rue du Haut Bourgeois 54035 NANCY dans un d\u00e9lai de deux \nmois \u00e0 compter de sa publication ou, pour les personnes auxquelles elle sera noti fi\u00e9e, \u00e0 \ncompter de sa notification. Le tribunal administratif peut \u00eatre saisi par l'application \u00ab \nT\u00e9l\u00e9recours citoyens \u00bb accessible par le site www.telerecours.fr. \n  \nArticle 4 La pr\u00e9sente d\u00e9cision sera publi\u00e9e au recueil des actes administratifs. \n  \nArticle 5      La Directrice G\u00e9n\u00e9rale de l'ARS Grand Est est charg\u00e9e de l'ex\u00e9cution de la pr\u00e9sente d\u00e9cision \nqui sera notifi\u00e9e \u00e0 l'entit\u00e9 gestionnaire CH DE LA HAUTE -MARNE (520780081) et \u00e0 \nl'\u00e9tablissement concern\u00e9. \n \n \nFait \u00e0 Chaumont, le 30 juin 2025         \n \n \nLe Directeur \n   \n \n \n                \n \n \n \n         #signature# \n \n \nExR\u00c9PUBLIQUEFRAN\u00c7AISELibert\u00e9 @ Dd Agence R\u00e9gionale de Sant\u00e9\u00c9palir\u00e9 | Grand EstPraternit\u00e9\n \nDECISION TARIFAIRE N\u00b011210 PORTANT FIXATION POUR 2025 DU MONTANT ET DE LA \nREPARTITION DE LA DOTATION GLOBALISEE COMMUNE PREVUE AU \nCONTRAT PLURIANNUEL D'OBJECTIFS ET DE MOYENS DE  \nHOPITAL DE JOINVILLE - 520780040 \n \nPOUR LES ETABLISSEMENTS ET SERVICES SUIV ANTS  \nEtablissement d'h\u00e9bergement pour personnes \u00e2g\u00e9es d\u00e9pendantes - EHPAD - HL JOINVILLE - 520781543 \n \nService de Soins Infirmiers A Domicile (S.S.I.A.D) - SSIAD DE JOINVILLE - 520784208 \n \n \nLa Directrice G\u00e9n\u00e9rale de l'ARS Grand Est \n \nVU le Code de l'Action Sociale et des Familles ; \n  \nVU le Code de la S\u00e9curit\u00e9 Sociale ; \n  \nVU la loi n\u00b0 2025-199 du 28 f\u00e9vrier 2025 de financement de la S\u00e9curit\u00e9 Sociale pour 2025 publi\u00e9e \nau Journal Officiel du 28/02/2025 ; \n  \nVU l'arr\u00eat\u00e9 minist\u00e9riel du 02/06/2025 publi\u00e9 au Journal Officiel du 06/06/2025 pris en application \nde l'article L314 -3 du Code de l'Action Sociale et des Familles fixant, pour l'ann\u00e9e 2025 \nl'objectif global de d\u00e9penses d'assurance maladie et le montant total de d\u00e9penses pour les \n\u00e9tablissements et services relevant de la Caisse nationale de solidarit\u00e9 pour l'autonomie ; \n  \nVU la d\u00e9cision du 02/06/2025 publi\u00e9e au Journal Officiel du 06/06/2025 relative aux dotations \nr\u00e9gionales limitatives 2025 et \u00e0 la moyenne nationale des besoins en soins requis 2025 ; \n  \nVU l'arr\u00eat\u00e9 du 6 juin 2025 fixant le montant de la participation journali\u00e8re forfaitaire des r\u00e9sidents \naux d\u00e9penses d'entretien de l'autonomie dans les \u00e9tablissements relevant des I, II et IV bis de \nl'article L. 313-12 du code de l'action sociale et des familles implant\u00e9s dans les d\u00e9partements \nparticipant \u00e0 l'exp\u00e9rimentation mentionn\u00e9e \u00e0 l'article 79 de la loi n\u00b0 2023 -1250 du 26 \nd\u00e9cembre 2023 de financement de la s\u00e9curit\u00e9 sociale pour 2024, au titre de l'exercice 2025 ; \n \nVU l'arr\u00eat\u00e9 du 28/05/2025 fixant pour 2025 les valeurs du point mentionn\u00e9es \u00e0 l'article R.314 -\n162 du code de l'action sociale et des familles publi\u00e9 au Journal Officiel du 31/05/2025 ; \n \nVU \n \n \nVU \n \n \n \n \n \nVU \nle d\u00e9cret n\u00b0 2023-323 relatif \u00e0 la tarification des soins infirmiers \u00e0 domicile pour les personnes \n\u00e2g\u00e9es et personnes handicap\u00e9es publi\u00e9 au Journal Officiel du 28 avril 2023 ; \n \nl'arr\u00eat\u00e9 du 28 mai 2025 fixant pour 2025 les montants forfaitaires mentionn\u00e9s aux II et III de \nl'article R. 314-138 du code de l'action sociale et des familles et le taux de revalorisation des \nproduits de la tarification reconductibles aff\u00e9rents aux soins applicables aux services \nproposant des p restations de soins infirmiers \u00e0 domicile pour les personnes \u00e2g\u00e9es et les \npersonnes en situation de handicap ; \n \nl'arr\u00eat\u00e9 du 2 8 mai 202 5 fixant pour 202 5 le taux de revalorisation des produits de la \ntarification reconductibles aff\u00e9rents aux soins applicables aux services proposant des \nprestations de soins infirmiers \u00e0 domicile pour les personnes \u00e2g\u00e9es et les personnes en \nsituation de handicap ; \n \n  \n\nVU le d\u00e9cret du 21 mai 2024 portant nomination de Madame RATIGNIER -CARBONNEIL \nChristelle en qualit\u00e9 de Directrice G\u00e9n\u00e9rale de l'agence r\u00e9gionale de sant\u00e9 Grand Est ; \n \nVU la d\u00e9l\u00e9gation de signature de la Directrice G\u00e9n\u00e9rale de l'ARS vers le Directeur de HAUTE-\nMARNE en date du 22/05/2025 ;  \n  \nVU le Contrat Pluriannuel d'Objectifs et de Moyens conclu le 12/02/2019 prenant effet au \n01/01/2019 ; \n \n \nDECIDE \n \n \nArticle 1er A compter du 01 janvier 2025, au titre de 2025, la dotation globalis\u00e9e commune des \n\u00e9tablissements et services m\u00e9dico-sociaux financ\u00e9s par l'Assurance Maladie, g\u00e9r\u00e9s par \nl'entit\u00e9 d\u00e9nomm\u00e9e HOPITAL DE JOINVILLE (520780040), a \u00e9t\u00e9 fix\u00e9e \u00e0 4 857 584,23 \n\u20ac, dont 0,00 \u20ac de cr\u00e9dits non reconductibles vers\u00e9s en une seule fois. \n \n Elle se r\u00e9partit de la mani\u00e8re suivante, les prix de journ\u00e9e \u00e0 compter de 01/01/2025 \n\u00e9tant \u00e9galement mentionn\u00e9s. \n \n \n- Personnes \u00e2g\u00e9es : 4 785 399,30 \u20ac \n \n Dotations h\u00e9bergement permanent EHPAD (en \u20ac) \nH\u00e9bergement permanent \nPartie soins du \nforfait global \nunique \nPartie entretien de \nl'autonomie du forfait \nglobal unique \nParticipation des \nr\u00e9sidents \u00e0 d\u00e9duire de \nla dotation globalis\u00e9e \ncommune \nMontant \u00e0 la charge de \nla 5\u00e8me branche Tarif journalier \n520781543 \nEHPAD - HL JOINVILLE 3 574 318,37 522 144,00 157 809,24 3 938 653,13 74,95 \n \n \n \n \n Dotations hors h\u00e9bergement permanent EHPAD (en \u20ac) \nFINESS UHR PASA H\u00e9bergement \ntemporaire Accueil de jour Plateforme de r\u00e9pit SSIAD  \n520781543 \nEHPAD - HL \nJOINVILLE \n0,00 0,00 0,00 78 640,00 0,00 0,00 \n520784208 \nSSIAD DE \nJOINVILLE \n0,00 0,00 0,00 0,00 0,00 768 106,17 \n \n \n Prix de journ\u00e9e (en \u20ac) \nFINESS H\u00e9bergement temporaire Accueil de jour SSIAD PA \n520781543 \nEHPAD - HL JOINVILLE 0,00 83,48 0,00 \n520784208 \nSSIAD DE JOINVILLE 0,00 0,00 58,46 \n \n \nPour 2025, la fraction forfaitaire mensuelle, pour le secteur personnes \u00e2g\u00e9es, s'\u00e9tablit \u00e0 398 783,28 \u20ac. \n \n \n- Personnes handicap\u00e9es : 72 184,93 \u20ac (dont 72 184,93 \u20ac imputable \u00e0 l'assurance \nmaladie) \n Dotations (en \u20ac) \nFINESS INT  SI  EXT PFR Aut_1 Aut_2 Aut_3 SSIAD \n520784208 \nSSIAD DE \nJOINVILLE \n0,00 0,00 0,00 0,00 0,00 0,00 0,00 72 184,93 \n \n \n Prix de Journ\u00e9e (en \u20ac) \nFINESS INT  SI  EXT PFR Aut_1 Aut_2 Aut_3 SSIAD \n520784208 \nSSIAD DE \nJOINVILLE \n0,00 0,00 0,00 0,00 0,00 0,00 0,00 39,55 \n \nPour 2025, la fraction forfaitaire mensuelle, pour le secteur personnes handicap\u00e9es, s'\u00e9tablit \u00e0 6 015,41 \u20ac \n(dont 6 015,41 \u20ac imputable \u00e0 l'Assurance Maladie). \n \n \nArticle 2 A compter du 1 er janvier 2026, en application de l'article L.314 -7 du CASF, la \ndotation globalis\u00e9e commune s'\u00e9l\u00e8ve, \u00e0 titre transitoire, \u00e0 5  221 918,99 \u20ac. Elle se \nr\u00e9partit de la mani\u00e8re suivante, les prix de journ\u00e9e de reconduction \u00e9tant \u00e9galement \nmentionn\u00e9s : \n  \n \n \n-- personnes \u00e2g\u00e9es : 5 149 734,06  \u20ac \n \n \n \n Dotations h\u00e9bergement permanent EHPAD (en \u20ac) \nH\u00e9bergement \npermanent \nPartie soins du \nforfait global \nunique N+1 \nPartie entretien de \nl'autonomie du forfait \nglobal unique N+1 \nParticipation des r\u00e9sidents \nN+1 \u00e0 d\u00e9duire de la \ndotation globalis\u00e9e \ncommune \nMontant \u00e0 la charge \nde la 5\u00e8me branche \nN+1 \nTarif journalier \nN+1 \n520781543 \nEHPAD - HL \nJOINVILLE \n3 574 318,37 1 044 288,00 315 618,48 4 302 987,89 81,88 \n \n \n Dotations hors h\u00e9bergement permanent EHPAD (en \u20ac) \nFINESS UHR PASA H\u00e9bergement \ntemporaire Accueil de jour Plateforme de \nr\u00e9pit SSIAD  \n520781543 \nEHPAD - HL \nJOINVILLE \n0,00 0,00 0,00 78 640,00 0,00 0,00 \n520784208 \nSSIAD DE \nJOINVILLE \n0,00 0,00 0,00 0,00 0,00 768 106,17 \n \n \n \n \n \n Prix de journ\u00e9e (en \u20ac) \nFINESS H\u00e9bergement  \ntemporaire Accueil de jour SSIAD PA \n520781543 \nEHPAD - HL JOINVILLE 0,00 83,48 0,00 \n520784208 \nSSIAD DE JOINVILLE 0,00 0,00 58,46 \n \nPour 2026, la fraction forfaitaire mensuelle, pour le secteur personnes \u00e2g\u00e9es, s'\u00e9tablit \u00e0 429 144,51 \u20ac. \n \n \n \n- personnes handicap\u00e9es : 72 184,93  \u20ac \n(dont 72 184,93  \u20ac imputable \u00e0 l'Assurance Maladie) \n \n \nDotations (en \u20ac) \nFINESS INT  SI  EXT PFR Aut_1 Aut_2 Aut_3 SSIAD \n520784208 \nSSIAD DE \nJOINVILLE \n0,00 0,00 0,00 0,00 0,00 0,00 0,00 72 184,93 \n \n \n \n \nPrix de journ\u00e9e (en \u20ac) \nFINESS INT SI EXT PFR Aut_1 Aut_2 Aut_3 SSIAD \n520784208 \nSSIAD DE \nJOINVILLE \n0,00 0,00 0,00 0,00 0,00 0,00 0,00 39,55 \n \nPour 2026, la fraction forfaitaire mensuelle, pour le secteur personnes handicap\u00e9es, s'\u00e9tablit \u00e0 6 015,41 \u20ac \n(dont 6 015,41 \u20ac imputable \u00e0 l'Assurance Maladie). \n \n \n \nArticle 3 Les recours contentieux dirig\u00e9s contre la pr\u00e9sente d\u00e9cision doivent \u00eatre port\u00e9s devant le \nTribunal Administratif sis 6, Rue du Haut Bourgeois, 54035 NANCY dans un d\u00e9lai de \ndeux mois \u00e0 compter de sa publication ou, pour les personnes auxquelles elle sera \nnotifi\u00e9e, \u00e0 compter de sa notification. Le tribunal administratif peut \u00eatre saisi par \nl'application \u00ab T\u00e9l\u00e9recours citoyens \u00bb accessible par le site www.telerecours.fr. \n  \nArticle 4 La pr\u00e9sente d\u00e9cision sera publi\u00e9e au recueil des actes administratifs. \n  \n  Article 5         La Directrice G\u00e9n\u00e9rale de l'ARS  Grand Est est charg\u00e9e de l'ex\u00e9cution de la pr\u00e9sente \nd\u00e9cision qui sera notifi\u00e9e \u00e0 l'entit\u00e9 gestionnaire (HOPITAL DE JOINVILLE \n520780040) et aux structures concern\u00e9es. \n \n \n \nFait \u00e0 CHAUMONT, le 30 juin 2025 \n \nLe Directeur \n \n \n \n                                                                                                                               #signature# \n \n \nExR\u00c9PUBLIQUEFRAN\u00c7AISELiberte \u00a9 D Age Regionale de Sant\u00e9\u00a3gabiut Grand EstFrateracte\n1 \n \n \nDECISION TARIFAIRE N\u00b011464 PORTANT FIXATION DE LA DOTATION GLOBALE DE \nSOINS POUR 2025 DE \nSSIAD DE BOURBONNE-LES-BAINS - 520784257 \n \nLa Directrice G\u00e9n\u00e9rale de l'ARS Grand Est \n \nVU le Code de l'Action Sociale et des Familles ; \n  \nVU le Code de la S\u00e9curit\u00e9 Sociale ; \n  \nVU la loi n\u00b0 2025 -199 du 28 f\u00e9vrier 2025 de financement de la S\u00e9curit\u00e9 Sociale pour 2025 \npubli\u00e9e au Journal Officiel du 28/02/2025 ; \n  \nVU l'arr\u00eat\u00e9 minist\u00e9riel du 02/06/2025 publi\u00e9 au Journal Officiel du 06/06/2025 pris en \napplication de l'article L314 -3 du Code de l'Action Sociale et des Familles fixant, pour \nl'ann\u00e9e 2025 l'objectif global de d\u00e9penses d'assurance maladie et le montant total de \nd\u00e9penses pour les \u00e9tablissements et services relevant de la Caisse nationale de solidarit\u00e9 pour \nl'autonomie; \n  \nVU la d\u00e9cision du 02/06/2025 publi\u00e9e au Journal Officiel du 06/06/2025 relative aux dotations \nr\u00e9gionales limitatives 2025 et \u00e0 la moyenne nationale des besoins en soins requis 2025 ; \n \nVU le d\u00e9cret n\u00b0 2023 -323 relatif \u00e0 la tarification des soins infirmiers \u00e0 domicile pour les \npersonnes \u00e2g\u00e9es et personnes handicap\u00e9es publi\u00e9 au Journal Officiel du 28 avril 2023 ; \n \nVU l'arr\u00eat\u00e9 du 28 mai 2025 fixant pour 2025 les montants forfaitaires mentionn\u00e9s aux II et III de \nl'article R. 314-138 du code de l'action sociale et des familles et le taux de revalorisation des \nproduits de la tarification reconductibles aff\u00e9rents aux soins applicables aux services \nproposant des prestations de soins infirmiers \u00e0 domicile pour les personnes \u00e2g\u00e9es et les \npersonnes en situation de handicap ; \n \nVU l'arr\u00eat\u00e9 du 2 8 mai 202 5 fixant pour 202 5 le taux de revalorisation des produits de la \ntarification reconductibles aff\u00e9rents aux soins applicables aux services proposant des \nprestations de soins infirmiers \u00e0 domicile pour les personnes \u00e2g\u00e9es et les personnes en \nsituation de handicap ; \n \nVU le d\u00e9cret du 21 mai 2024 portant nomination de Madame RATIGNIER -CARBONNEIL \nChristelle en qualit\u00e9 de Directrice G\u00e9n\u00e9rale de l'agence r\u00e9gionale de sant\u00e9 Grand Est ; \n \nVU la d\u00e9cision de d\u00e9l\u00e9gation de signature  Directrice G\u00e9n\u00e9rale de l'ARS vers le Directeur de \nHAUTE-MARNE en date du 22/05/2025 ; \n \nVU l'autorisation ou le renouvellement d'autorisation en date du 03/01/2017 de la structure \nService de Soins Infirmiers A Domicile (S.S.I.A.D) d\u00e9nomm\u00e9e SSIAD DE BOURBONNE -\nLES-BAINS (520784257) sise 1 R TERRAIL LEMOINE 52400 Bourbonne -les-Bains  et \ng\u00e9r\u00e9e par l'entit\u00e9 d\u00e9nomm\u00e9e CTRE HOSPITALIER BOURBONNE -LES-BAINS \n(520780024); \n \n  \n\n2 \n \n \n \n \nDECIDE \n \nArticle 1er A compter du 1er janvier 2025, la dotation globale de soins est fix\u00e9e \u00e0 934 749,55 \u20ac au \ntitre de 2025 dont 0,00 \u20ac de cr\u00e9dits non reconductibles vers\u00e9s en une seule fois. Elle se \nr\u00e9partit comme suit : \n \n - pour l'accueil de personnes \u00e2g\u00e9es  : 817  044,97 \u20ac (fraction forfaitaire s'\u00e9levant \u00e0 \n68 087,08 \u20ac) dont 0,00 \u20ac de cr\u00e9dits non reconductibles vers\u00e9s en une seule fois. Le prix \nde journ\u00e9e est fix\u00e9 \u00e0 60,52 \u20ac. \n - pour l'accueil de personnes handicap\u00e9es  : 117 704,58 \u20ac (fraction forfaitaire s'\u00e9levant \n\u00e0 9  808,72 \u20ac) dont 0,00 \u20ac de cr\u00e9dits non reconductibles vers\u00e9s en une seule fois. Le \nprix de journ\u00e9e est fix\u00e9 \u00e0 217,97 \u20ac. \n  \nArticle 2 A compter du 1er janvier 2026, en application de l'article L.314 -7 du CASF, la \ndotation globale de soins est fix\u00e9e, \u00e0 titre transitoire, \u00e0 915 274,90 \u20ac : \n  \n- Pour l'accueil de personnes \u00e2g\u00e9es : 817 044,97 \u20ac (douzi\u00e8me applicable s'\u00e9levant \u00e0 \n68 087,08 \u20ac). Le prix de journ\u00e9e de reconduction est fix\u00e9 \u00e0 60,52 \u20ac. \n \n  \n- pour l'accueil de personnes handicap\u00e9es  : 98  229,93 \u20ac (douzi\u00e8me applicable \ns'\u00e9levant \u00e0 8 185,83 \u20ac). Le prix de journ\u00e9e de reconduction est fix\u00e9 \u00e0 181,91 \u20ac. \n \nArticle 3 Les recours contentieux dirig\u00e9s contre la pr\u00e9sente d\u00e9cision doivent \u00eatre port\u00e9s devant le \nTribunal Administratif sis 6, Rue du Haut Bourgeois, 54035 NANCY dans un d\u00e9lai de \ndeux mois \u00e0 compter de sa publication ou, pour les personnes auxquelles elle sera \nnotifi\u00e9e, \u00e0 compter de sa notification. Le tribunal administratif peut \u00eatre saisi par \nl'application \u00ab T\u00e9l\u00e9recours citoyens \u00bb accessible par le site www.telerecours.fr. \n  \nArticle 4 La pr\u00e9sente d\u00e9cision sera publi\u00e9e au recueil des actes administratifs. \n  \nArticle 5      La Directrice G\u00e9n\u00e9rale de l'ARS Grand Est est charg\u00e9e de l'ex\u00e9cution de la pr\u00e9sente \nd\u00e9cision qui sera notifi\u00e9e \u00e0 l'entit\u00e9 gestionnaire CTRE HOSPITALIER \nBOURBONNE-LES-BAINS (520780024) et \u00e0 l'\u00e9tablissement concern\u00e9. \n \n \nFait \u00e0 CHAUMONT, le 30 juin 2025                                  \n \n \nLe Directeur \n \n \n#signature# \n \n \n \n \n \n \nExR\u00c9PUBLIQUEFRAN\u00c7AISELiberte \u00a9 D Age Regionale de Sant\u00e9\u00a3gabiut Grand EstFrateracte\n1 \n \n \nDECISION TARIFAIRE N\u00b011465 PORTANT FIXATION DE LA DOTATION GLOBALE DE \nSOINS POUR 2025 DE \nSSIAD DE WASSY - 520783994 \n \nLa Directrice G\u00e9n\u00e9rale de l'ARS Grand Est \n \nVU le Code de l'Action Sociale et des Familles ; \n  \nVU le Code de la S\u00e9curit\u00e9 Sociale ; \n  \nVU la loi n\u00b0 2025-199 du 28 f\u00e9vrier 2025 de financement de la S\u00e9curit\u00e9 Sociale pour 2025 publi\u00e9e \nau Journal Officiel du 28/02/2025 ; \n  \nVU l'arr\u00eat\u00e9 minist\u00e9riel du 02/06/2025 publi\u00e9 au Journal Officiel du 06/06/2025 pris en application \nde l'article L314 -3 du Code de l'Action Sociale et des Familles fixant, pour l'ann\u00e9e 2025 \nl'objectif global de d\u00e9penses d'assurance maladie et le montant total de d\u00e9penses pour les \n\u00e9tablissements et services relevant de la Caisse nationale de solidarit\u00e9 pour l'autonomie; \n  \nVU la d\u00e9cision du 02/06/2025 publi\u00e9e au Journal Officiel du 06/06/2025 relative aux dotations \nr\u00e9gionales limitatives 2025 et \u00e0 la moyenne nationale des besoins en soins requis 2025 ; \n \nVU le d\u00e9cret n\u00b0 2023-323 relatif \u00e0 la tarification des soins infirmiers \u00e0 domicile pour les personnes \n\u00e2g\u00e9es et personnes handicap\u00e9es publi\u00e9 au Journal Officiel du 28 avril 2023 ; \n \nVU l'arr\u00eat\u00e9 du 28 mai 2025 fixant pour 2025 les montants forfaitaires mentionn\u00e9s aux II et III de \nl'article R. 314-138 du code de l'action sociale et des familles et le taux de revalorisation des \nproduits de la tarification reconductibles aff\u00e9rents aux soins applicables aux services proposant \ndes prestations de soins infirmiers \u00e0 domicile pour les personnes \u00e2g\u00e9es et les personnes en \nsituation de handicap ; \n \nVU l'arr\u00eat\u00e9 du 28 mai 2025 fixant pour 2025 le taux de revalorisation des produits de la tarification \nreconductibles aff\u00e9rents aux soins applicables aux services proposant des prestations de soins \ninfirmiers \u00e0 domicile pour les personnes \u00e2g\u00e9es et les personnes en situation de handicap ; \n \nVU le d\u00e9cret du 21 mai 2024 portant nomination de Madame RATIGNIER -CARBONNEIL \nChristelle en qualit\u00e9 de Directrice G\u00e9n\u00e9rale de l'agence r\u00e9gionale de sant\u00e9 Grand Est ; \n \nVU la d\u00e9cision de d\u00e9l\u00e9gation de signature  Directrice G\u00e9n\u00e9rale de l'ARS vers le Directeur de \nHAUTE-MARNE en date du 22/05/2025 ; \n \nVU l'autorisation ou le renouvellement d'autorisation en date du 03/01/2017 de la structure \nService de Soins Infirmiers A Domicile (S.S.I.A.D) d\u00e9nomm\u00e9e SSIAD DE WASSY \n(520783994) sise  R DE LA PITIE 52130 Wassy   et g\u00e9r\u00e9e par l'entit\u00e9 d\u00e9nomm\u00e9e HOPITAL \nLOCAL DE WASSY (520780099); \n \n \n \n \n \n \n \n \n \n\n2 \n \n \nDECIDE \n \nArticle 1er A compter du 01 janvier 2025, la dotation globale de soins est fix\u00e9e \u00e0 645  609,46 \u20ac au \ntitre de 2025 dont 0,00 \u20ac de cr\u00e9dits non reconductibles vers\u00e9s en une seule fois. Elle se \nr\u00e9partit comme suit : \n \n - pour l'accueil de personnes \u00e2g\u00e9es  : 601  324,89 \u20ac (fraction forfaitaire s'\u00e9levant \u00e0 \n50 110,41 \u20ac) dont 0,00 \u20ac de cr\u00e9dits non reconductibles vers\u00e9s en une seule fois. Le prix \nde journ\u00e9e est fix\u00e9 \u00e0 55,47 \u20ac. \n - pour l'accueil de personnes handicap\u00e9es : 44 284,57 \u20ac (fraction forfaitaire s'\u00e9levant \u00e0 \n3 690,38 \u20ac) dont 0,00 \u20ac de cr\u00e9dits non reconductibles vers\u00e9s en une seule fois. Le prix \nde journ\u00e9e est fix\u00e9 \u00e0 42,58 \u20ac. \n  \nArticle 2 A compter du 1er janvier 2026, en application de l'article L.314-7 du CASF, la dotation \nglobale de soins est fix\u00e9e, \u00e0 titre transitoire, \u00e0 645 609,46 \u20ac : \n  \n- Pour l'accueil de personnes \u00e2g\u00e9es : 601 324,89 \u20ac (douzi\u00e8me applicable s'\u00e9levant \u00e0 \n50 110,41 \u20ac). Le prix de journ\u00e9e de reconduction est fix\u00e9 \u00e0 55,47 \u20ac. \n \n  \n- pour l'accueil de personnes handicap\u00e9es  : 44  284,57 \u20ac (douzi\u00e8me applicable \ns'\u00e9levant \u00e0 3 690,38 \u20ac). Le prix de journ\u00e9e de reconduction est fix\u00e9 \u00e0 42,58 \u20ac. \n \nArticle 3 Les recours contentieux dirig\u00e9s contre la pr\u00e9sente d\u00e9cision doivent \u00eatre port\u00e9s devant le \nTribunal Administratif sis 6, Rue du Haut Bourgeois, 54035 NANCY dans un d\u00e9lai de \ndeux mois \u00e0 compter de sa publication ou, pour les personnes auxquelles elle sera \nnotifi\u00e9e, \u00e0 compter de sa notification. Le tribunal administratif peut \u00eatre saisi par \nl'application \u00ab T\u00e9l\u00e9recours citoyens \u00bb accessible par le site www.telerecours.fr. \n  \nArticle 4 La pr\u00e9sente d\u00e9cision sera publi\u00e9e au recueil des actes administratifs. \n  \nArticle 5      La Directrice G\u00e9n\u00e9rale de l'ARS Grand Est est charg\u00e9e de l'ex\u00e9cution de la pr\u00e9sente \nd\u00e9cision qui sera notifi\u00e9e \u00e0 l'entit\u00e9 gestionnaire HOPITAL LOCAL DE WASSY \n(520780099) et \u00e0 l'\u00e9tablissement concern\u00e9. \n \n \nFait \u00e0 CHAUMONT, le 30 juin 2025                                  \n \n \nLe Directeur \n \n \n#signature# \n \n \n \n \n \n \nExR\u00c9PUBLIQUEFRAN\u00c7AISELiberte \u00a9 D Age Regionale de Sant\u00e9\u00a3gabiut Grand EstFrateracte\n1 \n \n \nDECISION TARIFAIRE N\u00b011466 PORTANT FIXATION DE LA DOTATION GLOBALE DE \nSOINS POUR 2025 DE \nSSIADPA - CH DE CHAUMONT - 520783341 \n \nLa Directrice G\u00e9n\u00e9rale de l'ARS Grand Est \n \nVU le Code de l'Action Sociale et des Familles ; \n  \nVU le Code de la S\u00e9curit\u00e9 Sociale ; \n  \nVU la loi n\u00b0 2025 -199 du 28 f\u00e9vrier 2025 de financement de la S\u00e9curit\u00e9 Sociale pour 2025 \npubli\u00e9e au Journal Officiel du 28/02/2025 ; \n  \nVU l'arr\u00eat\u00e9 minist\u00e9riel du 02/06/2025 publi\u00e9 au Journal Officiel du 06/06/2025 pris en \napplication de l'article L314 -3 du Code de l'Action Sociale et des Familles fixant, pour \nl'ann\u00e9e 2025 l'objectif global de d\u00e9penses d'assurance maladie et le montant total de \nd\u00e9penses pour les \u00e9tablissements et services relevant de la Caisse nationale de solidarit\u00e9 pour \nl'autonomie; \n  \nVU la d\u00e9cision du 02/06/2025 publi\u00e9e au Journal Officiel du 06/06/2025 relative aux dotations \nr\u00e9gionales limitatives 2025 et \u00e0 la moyenne nationale des besoins en soins requis 2025 ; \n \nVU le d\u00e9cret n\u00b0 2023 -323 relatif \u00e0 la tarification des soins infirmiers \u00e0 domicile pour les \npersonnes \u00e2g\u00e9es et personnes handicap\u00e9es publi\u00e9 au Journal Officiel du 28 avril 2023 ; \n \nVU l'arr\u00eat\u00e9 du 28 mai 2025 fixant pour 2025 les montants forfaitaires mentionn\u00e9s aux II et III de \nl'article R. 314-138 du code de l'action sociale et des familles et le taux de revalorisation des \nproduits de la tarification reconductibles aff\u00e9rents aux soins applicables aux services \nproposant des prestations de soins infirmiers \u00e0 domicile pour les personnes \u00e2g\u00e9es et les \npersonnes en situation de handicap ; \n \nVU l'arr\u00eat\u00e9 du 2 8 mai 202 5 fixant pour 202 5 le taux de revalorisation des produits de la \ntarification reconductibles aff\u00e9rents aux soins applicables aux services proposant des \nprestations de soins infirmiers \u00e0 domicile pour les personnes \u00e2g\u00e9es et les personnes en \nsituation de handicap ; \n \nVU le d\u00e9cret du 21 mai 2024 portant nomination de Madame RATIGNIER -CARBONNEIL \nChristelle en qualit\u00e9 de Directrice G\u00e9n\u00e9rale de l'agence r\u00e9gionale de sant\u00e9 Grand Est ; \n \nVU la d\u00e9cision de d\u00e9l\u00e9gation de signature  Directrice G\u00e9n\u00e9rale de l'ARS vers le Directeur de \nHAUTE-MARNE en date du 22/05/2025 ; \n \nVU l'autorisation ou le renouvellement d'autorisation en date du 03/01/2017 de la structure \nService de Soins Infirmiers A Domicile (S.S.I.A.D) d\u00e9nomm\u00e9e SSIADPA - CH DE \nCHAUMONT (520783341) sise 2 R JEANNE D'ARC 52014 Chaumont  et g\u00e9r\u00e9e par l'entit\u00e9 \nd\u00e9nomm\u00e9e CENTRE HOSPITALIER DE CHAUMONT (520780032); \n \n  \n\n2 \n \n \nDECIDE \n \nArticle 1er A compter du 1 er janvier 2025, la dotation globale de soins est fix\u00e9e \u00e0 1 154 983,06 \u20ac \nau titre de 2025 dont 0,00 \u20ac de cr\u00e9dits non reconductibles vers\u00e9s en une seule fois. Elle \nse r\u00e9partit comme suit : \n \n - pour l'accueil de personnes \u00e2g\u00e9es  : 1  118 654,45 \u20ac (fraction forfaitaire s'\u00e9levant \u00e0 \n93 221,20 \u20ac) dont 0,00 \u20ac de cr\u00e9dits non reconductibles vers\u00e9s en une seule fois. Le prix \nde journ\u00e9e est fix\u00e9 \u00e0 72,73 \u20ac. \n - pour l'accueil de personnes handicap\u00e9es : 36 328,61 \u20ac (fraction forfaitaire s'\u00e9levant \u00e0 \n3 027,38 \u20ac) dont 0,00 \u20ac de cr\u00e9dits non reconductibles vers\u00e9s en une seule fois. Le prix \nde journ\u00e9e est fix\u00e9 \u00e0 58,88 \u20ac. \n  \nArticle 2 A compter du 1er janvier 2026, en application de l'article L.314 -7 du CASF, la \ndotation globale de soins est fix\u00e9e, \u00e0 titre transitoire, \u00e0 1 074 403,93 \u20ac : \n  \n- Pour l'accueil de personnes \u00e2g\u00e9es : 1 041 174,52 \u20ac (douzi\u00e8me applicable s'\u00e9levant \n\u00e0 86 764,54 \u20ac). Le prix de journ\u00e9e de reconduction est fix\u00e9 \u00e0 67,69 \u20ac. \n \n  \n- pour l'accueil de personnes handicap\u00e9es  : 33  229,41 \u20ac (douzi\u00e8me applicable \ns'\u00e9levant \u00e0 2 769,12 \u20ac). Le prix de journ\u00e9e de reconduction est fix\u00e9 \u00e0 53,86 \u20ac. \n \nArticle 3 Les recours contentieux dirig\u00e9s contre la pr\u00e9sente d\u00e9cision doivent \u00eatre port\u00e9s devant le \nTribunal Administratif sis 6, Rue du Haut Bourgeois, 54035 NANCY dans un d\u00e9lai de \ndeux mois \u00e0 compter de sa publication ou, pour les personnes auxquelles elle sera \nnotifi\u00e9e, \u00e0 compter de sa notification. Le tribunal administratif peut \u00eatre saisi par \nl'application \u00ab T\u00e9l\u00e9recours citoyens \u00bb accessible par le site www.telerecours.fr. \n  \nArticle 4 La pr\u00e9sente d\u00e9cision sera publi\u00e9e au recueil des actes administratifs. \n  \nArticle 5      La Directrice G\u00e9n\u00e9rale de l'ARS Grand Est est charg\u00e9e de l'ex\u00e9cution de la pr\u00e9sente \nd\u00e9cision qui sera notifi\u00e9e \u00e0 l'entit\u00e9 gestionnaire CENTRE HOSPITALIER DE \nCHAUMONT (520780032) et \u00e0 l'\u00e9tablissement concern\u00e9. \n \n \nFait \u00e0 CHAUMONT, le 30 juin 2025                                  \n \n \nLe Directeur \n \n \n#signature# \n \n \n \n \n \n \nExR\u00c9PUBLIQUEFRAN\u00c7AISELiberte \u00a9 D Age Regionale de Sant\u00e9\u00a3gabiut Grand EstFrateracte\n1 \n \n \nDECISION TARIFAIRE N\u00b011467 PORTANT FIXATION DE LA DOTATION GLOBALE DE \nSOINS POUR 2025 DE \nSSIADPA - CH DE LANGRES - 520782772 \n \nLa Directrice G\u00e9n\u00e9rale de l'ARS Grand Est \n \nVU le Code de l'Action Sociale et des Familles ; \n  \nVU le Code de la S\u00e9curit\u00e9 Sociale ; \n  \nVU la loi n\u00b0 2025 -199 du 28 f\u00e9vrier 2025 de financement de la S\u00e9curit\u00e9 Sociale pour 2025 \npubli\u00e9e au Journal Officiel du 28/02/2025 ; \n  \nVU l'arr\u00eat\u00e9 minist\u00e9riel du 02/06/2025 publi\u00e9 au Journal Officiel du 06/06/2025 pris en \napplication de l'article L314 -3 du Code de l'Action Sociale et des Familles fixant, pour \nl'ann\u00e9e 2025 l'objectif global de d\u00e9penses d'assurance maladie et le montant total de \nd\u00e9penses pour les \u00e9tablissements et services relevant de la Caisse nationale de solidarit\u00e9 pour \nl'autonomie; \n  \nVU la d\u00e9cision du 02/06/2025 publi\u00e9e au Journal Officiel du 06/06/2025  relative aux dotations \nr\u00e9gionales limitatives 2025 et \u00e0 la moyenne nationale des besoins en soins requis 2025 ; \n \nVU le d\u00e9cret n\u00b0 2023 -323 relatif \u00e0 la tarification des soins infirmiers \u00e0 domicile pour les \npersonnes \u00e2g\u00e9es et personnes handicap\u00e9es publi\u00e9 au Journal Officiel du 28 avril 2023 ; \n \nVU l'arr\u00eat\u00e9 du 28 mai 2025 fixant pour 2025 les montants forfaitaires mentionn\u00e9s aux II et III de \nl'article R. 314-138 du code de l'action sociale et des familles et le taux de revalorisation des \nproduits de la tarification reconductibles aff\u00e9rents aux soins applicables aux services \nproposant des prestations de soins infirmiers \u00e0 domicile pour les personnes \u00e2g\u00e9es et les \npersonnes en situation de handicap ; \n \nVU l'arr\u00eat\u00e9 du 2 8 mai 202 5 fixant pour 202 5 le taux de revalorisation des produits de la \ntarification reconductibles aff\u00e9rents aux soins applicables aux services proposant des \nprestations de soins infirmiers \u00e0 domicile pour les personnes \u00e2g\u00e9es et les personnes en \nsituation de handicap ; \n \nVU le d\u00e9cret du 21 mai 2024 portant nomination de Madame RATIGNIER -CARBONNEIL \nChristelle en qualit\u00e9 de Directrice G\u00e9n\u00e9rale de l'agence r\u00e9gionale de sant\u00e9 Grand Est ; \n \nVU la d\u00e9cision de d\u00e9l\u00e9gation de signature  Directrice G\u00e9n\u00e9rale de l'ARS vers le Directeur de \nHAUTE-MARNE en date du 22/05/2025 ; \n \nVU l'autorisation ou le renouvellement d'autorisation en date du 03/01/2017 de la structure \nService de Soins Infirmiers A Domicile (S.S.I.A.D) d\u00e9nomm\u00e9e SSIADPA - CH DE \nLANGRES (520782772) sise 10 R DE LA CHARITE 52206 Langres   et g\u00e9r\u00e9e par l'entit\u00e9 \nd\u00e9nomm\u00e9e CENTRE HOSPITALIER DE LANGRES (520780057); \n \n  \n\n2 \n \n \n \n \nDECIDE \n \nArticle 1er A compter du 1er janvier 2025, la dotation globale de soins est fix\u00e9e \u00e0 748 593,56 \u20ac au \ntitre de 2025 dont 0,00 \u20ac de cr\u00e9dits non reconductibles vers\u00e9s en une seule fois. Elle se \nr\u00e9partit comme suit : \n \n - pour l'accueil de personnes \u00e2g\u00e9es  : 748  593,56 \u20ac (fraction forfaitaire s'\u00e9levant \u00e0 \n62 382,80 \u20ac) dont 0,00 \u20ac de cr\u00e9dits non reconductibles vers\u00e9s en une seule fois. Le prix \nde journ\u00e9e est fix\u00e9 \u00e0 69,66 \u20ac. \n  \n  \nArticle 2 A compter du 1er janvier 2026, en application de l'article L.314 -7 du CASF, la \ndotation globale de soins est fix\u00e9e, \u00e0 titre transitoire, \u00e0 748 593,56 \u20ac : \n  \n- Pour l'accueil de personnes \u00e2g\u00e9es : 748 593,56 \u20ac (douzi\u00e8me applicable s'\u00e9levant \u00e0 \n62 382,80 \u20ac). Le prix de journ\u00e9e de reconduction est fix\u00e9 \u00e0 69,66 \u20ac. \n \nArticle 3 Les recours contentieux dirig\u00e9s contre la pr\u00e9sente d\u00e9cision doivent \u00eatre port\u00e9s devant le \nTribunal Administratif sis 6, Rue du Haut Bourgeois, 54035 NANCY dans un d\u00e9lai de \ndeux mois \u00e0 compter de sa publication ou, pour les personnes auxquelles elle sera \nnotifi\u00e9e, \u00e0 compter de sa notification. Le tribunal administratif peut \u00eatre saisi par \nl'application \u00ab T\u00e9l\u00e9recours citoyens \u00bb accessible par le site www.telerecours.fr. \n  \nArticle 4 La pr\u00e9sente d\u00e9cision sera publi\u00e9e au recueil des actes administratifs. \n  \nArticle 5      La Directrice G\u00e9n\u00e9rale de l'ARS Grand Est est charg\u00e9e de l'ex\u00e9cution de la pr\u00e9sente \nd\u00e9cision qui sera notifi\u00e9e \u00e0 l'entit\u00e9 gestionnaire CENTRE HOSPITALIER DE \nLANGRES (520780057) et \u00e0 l'\u00e9tablissement concern\u00e9. \n \n \nFait \u00e0 CHAUMONT, le 30 juin 2025                                  \n \n \nLe Directeur \n \n \n#signature# \n \n \n \n \n \n \nExR\u00c9PUBLIQUEFRAN\u00c7AISELiberte \u00a9 D Age Regionale de Sant\u00e9\u00a3gabiut Grand EstFrateracte\n1 \n \n \nDECISION TARIFAIRE N\u00b011468 PORTANT FIXATION DE LA DOTATION GLOBALE DE \nSOINS POUR 2025 DE \nSSIAD DU CH DE SAINT-DIZIER - 520781881 \n \nLa Directrice G\u00e9n\u00e9rale de l'ARS Grand Est \n \nVU le Code de l'Action Sociale et des Familles ; \n  \nVU le Code de la S\u00e9curit\u00e9 Sociale ; \n  \nVU la loi n\u00b0 2025-199 du 28 f\u00e9vrier 2025 de financement de la S\u00e9curit\u00e9 Sociale pour 2025 publi\u00e9e \nau Journal Officiel du 28/02/2025 ; \n  \nVU l'arr\u00eat\u00e9 minist\u00e9riel du 02/06/2025 publi\u00e9 au Journal Officiel du 06/06/2025 pris en application \nde l'article L314 -3 du Code de l'Action Sociale et des Familles fixant, pour l'ann\u00e9e 2025 \nl'objectif global de d\u00e9penses d'assurance maladie et le montant total de d\u00e9penses pour les \n\u00e9tablissements et services relevant de la Caisse nationale de solidarit\u00e9 pour l'autonomie; \n  \nVU la d\u00e9cision du 02/06/2025 publi\u00e9e au Journal Officiel du 06/06/2025 relative aux dotations \nr\u00e9gionales limitatives 2025 et \u00e0 la moyenne nationale des besoins en soins requis 2025 ; \n \nVU le d\u00e9cret n\u00b0 2023-323 relatif \u00e0 la tarification des soins infirmiers \u00e0 domicile pour les personnes \n\u00e2g\u00e9es et personnes handicap\u00e9es publi\u00e9 au Journal Officiel du 28 avril 2023 ; \n \nVU l'arr\u00eat\u00e9 du 28 mai 2025 fixant pour 2025 les montants forfaitaires mentionn\u00e9s aux II et III de \nl'article R. 314-138 du code de l'action sociale et des familles et le taux de revalorisation des \nproduits de la tarification reconductibles aff\u00e9rents aux soins applicables aux services proposant \ndes prestations de soins infirmiers \u00e0 domicile pour les personnes \u00e2g\u00e9es et les personnes en \nsituation de handicap ; \n \nVU l'arr\u00eat\u00e9 du 28 mai 2025 fixant pour 2025 le taux de revalorisation des produits de la tarification \nreconductibles aff\u00e9rents aux soins applicables aux services proposant des prestations de soins \ninfirmiers \u00e0 domicile pour les personnes \u00e2g\u00e9es et les personnes en situation de handicap ; \n \nVU le d\u00e9cret du 21 mai 2024 portant nomination de Madame RATIGNIER -CARBONNEIL \nChristelle en qualit\u00e9 de Directrice G\u00e9n\u00e9rale de l'agence r\u00e9gionale de sant\u00e9 Grand Est ; \n \nVU la d\u00e9cision de d\u00e9l\u00e9gation de signature  Directrice G\u00e9n\u00e9rale de l'ARS vers le Directeur de \nHAUTE-MARNE en date du 22/05/2025 ; \n \nVU l'autorisation ou le renouvellement d'autorisation en date du 03/01/2017 de la structure \nService de Soins Infirmiers A Domicile (S.S.I.A.D) d\u00e9nomm\u00e9e SSIAD DU CH DE SAINT -\nDIZIER (520781881) sise 1 R ALBERT SCHWEITZER 52115 Saint -Dizier  et g\u00e9r\u00e9e par \nl'entit\u00e9 d\u00e9nomm\u00e9e CENTRE HOSPITALIER DE SAINT-DIZIER (520780073); \n \n \n \n \n \n \n \n \n \n\n2 \n \n \nDECIDE \n \nArticle 1er A compter du 01 janvier 2025, la dotation globale de soins est fix\u00e9e \u00e0 1 452 786,51 \u20ac au \ntitre de 2025 dont 0,00 \u20ac de cr\u00e9dits non reconductibles vers\u00e9s en une seule fois. Elle se \nr\u00e9partit comme suit : \n \n - pour l'accueil de personnes \u00e2g\u00e9es  : 1  357 530,15 \u20ac (fraction forfaitaire s'\u00e9levant \u00e0 \n113 127,51 \u20ac) dont 0,00 \u20ac de cr\u00e9dits non reconductibles vers\u00e9s en une seule fois. Le prix \nde journ\u00e9e est fix\u00e9 \u00e0 75,84 \u20ac. \n - pour l'accueil de personnes handicap\u00e9es : 95 256,36 \u20ac (fraction forfaitaire s'\u00e9levant \u00e0 \n7 938,03 \u20ac) dont 0,00 \u20ac de cr\u00e9dits non reconductibles vers\u00e9s en une seule fois. Le prix \nde journ\u00e9e est fix\u00e9 \u00e0 52,92 \u20ac. \n  \nArticle 2 A compter du 1er janvier 2026, en application de l'article L.314-7 du CASF, la dotation \nglobale de soins est fix\u00e9e, \u00e0 titre transitoire, \u00e0 1 452 786,51 \u20ac : \n  \n- Pour l'accueil de personnes \u00e2g\u00e9es : 1 357 530,15 \u20ac (douzi\u00e8me applicable s'\u00e9levant \n\u00e0 113 127,51 \u20ac). Le prix de journ\u00e9e de reconduction est fix\u00e9 \u00e0 75,84 \u20ac. \n \n  \n- pour l'accueil de personnes handicap\u00e9es  : 95  256,36 \u20ac (douzi\u00e8me applicable \ns'\u00e9levant \u00e0 7 938,03 \u20ac). Le prix de journ\u00e9e de reconduction est fix\u00e9 \u00e0 52,92 \u20ac. \n \nArticle 3 Les recours contentieux dirig\u00e9s contre la pr\u00e9sente d\u00e9cision doivent \u00eatre port\u00e9s devant le \nTribunal Administratif sis 6, Rue du Haut Bourgeois, 54035 NANCY dans un d\u00e9lai de \ndeux mois \u00e0 compter de sa publication ou, pour les personnes auxquelles elle sera \nnotifi\u00e9e, \u00e0 compter de sa notification. Le tribunal administratif peut \u00eatre saisi par \nl'application \u00ab T\u00e9l\u00e9recours citoyens \u00bb accessible par le site www.telerecours.fr. \n  \nArticle 4 La pr\u00e9sente d\u00e9cision sera publi\u00e9e au recueil des actes administratifs. \n  \nArticle 5      La Directrice G\u00e9n\u00e9rale de l'ARS Grand Est est charg\u00e9e de l'ex\u00e9cution de la pr\u00e9sente \nd\u00e9cision qui sera notifi\u00e9e \u00e0 l'entit\u00e9 gestionnaire CENTRE HOSPITALIER DE SAINT-\nDIZIER (520780073) et \u00e0 l'\u00e9tablissement concern\u00e9. \n \n \nFait \u00e0 CHAUMONT, le 30 juin 2025                                  \n \n \nLe Directeur \n \n \n#signature# \n \n \n \n \n \n \nExR\u00c9PUBLIQUEFRAN\u00c7AISELiberte \u00a9 D Age Regionale de Sant\u00e9\u00a3gabiut Grand EstFrateracte\n1 \n \n \nDECISION TARIFAIRE N\u00b011470 PORTANT FIXATION DE LA DOTATION GLOBALE DE \nSOINS POUR 2025 DE \nSSIAD DE MONTIER EN DER - 520001058 \n \nLa Directrice G\u00e9n\u00e9rale de l'ARS Grand Est \n \nVU le Code de l'Action Sociale et des Familles ; \n  \nVU le Code de la S\u00e9curit\u00e9 Sociale ; \n  \nVU la loi n\u00b0 2025-199 du 28 f\u00e9vrier 2025 de financement de la S\u00e9curit\u00e9 Sociale pour 2025 publi\u00e9e \nau Journal Officiel du 28/02/2025 ; \n  \nVU l'arr\u00eat\u00e9 minist\u00e9riel du 02/06/2025 publi\u00e9 au Journal Officiel du 06/06/2025 pris en application \nde l'article L314 -3 du Code de l'Action Sociale et des Familles fixant, pour l'ann\u00e9e 2025 \nl'objectif global de d\u00e9penses d'assurance maladie et le montant total de d\u00e9penses pour les \n\u00e9tablissements et services relevant de la Caisse nationale de solidarit\u00e9 pour l'autonomie; \n  \nVU la d\u00e9cision du 02/06/2025 publi\u00e9e au Journal Officiel du 06/06/2025 relative aux dotations \nr\u00e9gionales limitatives 2025 et \u00e0 la moyenne nationale des besoins en soins requis 2025 ; \n \nVU le d\u00e9cret n\u00b0 2023-323 relatif \u00e0 la tarification des soins infirmiers \u00e0 domicile pour les personnes \n\u00e2g\u00e9es et personnes handicap\u00e9es publi\u00e9 au Journal Officiel du 28 avril 2023 ; \n \nVU l'arr\u00eat\u00e9 du 28 mai 2025 fixant pour 2025 les montants forfaitaires mentionn\u00e9s aux II et III de \nl'article R. 314-138 du code de l'action sociale et des familles et le taux de revalorisation des \nproduits de la tarification reconductibles aff\u00e9rents aux soins applicables aux services proposant \ndes prestations de soins infirmiers \u00e0 domicile pour les personnes \u00e2g\u00e9es et les personnes en \nsituation de handicap ; \n \nVU l'arr\u00eat\u00e9 du 28 mai 2025 fixant pour 2025 le taux de revalorisation des produits de la tarification \nreconductibles aff\u00e9rents aux soins applicables aux services proposant des prestations de soins \ninfirmiers \u00e0 domicile pour les personnes \u00e2g\u00e9es et les personnes en situation de handicap ; \n \nVU le d\u00e9cret du 21 mai 2024 portant nomination de Madame RATIGNIER -CARBONNEIL \nChristelle en qualit\u00e9 de Directrice G\u00e9n\u00e9rale de l'agence r\u00e9gionale de sant\u00e9 Grand Est ; \n \nVU la d\u00e9cision de d\u00e9l\u00e9gation de signature  Directrice G\u00e9n\u00e9rale de l'ARS vers le Directeur de \nHAUTE-MARNE en date du 22/05/2025 ; \n \nVU l'autorisation ou le renouvellement d'autorisation en date du 03/01/2020 de la structure \nService de Soins Infirmiers A Domicile (S.S.I.A.D) d\u00e9nomm\u00e9e SSIAD DE MONTIER EN \nDER (520001058) sise 26 R AUDIFFRED 52220 Porte du Der  et g\u00e9r\u00e9e par l'entit\u00e9 d\u00e9nomm\u00e9e \nCENTRE HOSPITALIER DE MONTIER-EN-DER (520780065); \n \n \n \n \n \n \n \n \n \n\n2 \n \n \nDECIDE \n \nArticle 1er A compter du 01 janvier 2025, la dotation globale de soins est fix\u00e9e \u00e0 284 265,38 \u20ac au \ntitre de 2025 dont 0,00 \u20ac de cr\u00e9dits non reconductibles vers\u00e9s en une seule fois. Elle se \nr\u00e9partit comme suit : \n \n - pour l'accueil de personnes \u00e2g\u00e9es  : 284  265,38 \u20ac (fraction forfaitaire s'\u00e9levant \u00e0 \n23 688,78 \u20ac) dont 0,00 \u20ac de cr\u00e9dits non reconductibles vers\u00e9s en une seule fois. Le prix \nde journ\u00e9e est fix\u00e9 \u00e0 55,74 \u20ac. \n  \n  \nArticle 2 A compter du 1er janvier 2026, en application de l'article L.314-7 du CASF, la dotation \nglobale de soins est fix\u00e9e, \u00e0 titre transitoire, \u00e0 284 265,38 \u20ac : \n  \n- Pour l'accueil de personnes \u00e2g\u00e9es : 284 265,38 \u20ac (douzi\u00e8me applicable s'\u00e9levant \u00e0 \n23 688,78 \u20ac). Le prix de journ\u00e9e de reconduction est fix\u00e9 \u00e0 55,74 \u20ac. \n \nArticle 3 Les recours contentieux dirig\u00e9s contre la pr\u00e9sente d\u00e9cision doivent \u00eatre port\u00e9s devant le \nTribunal Administratif sis 6, Rue du Haut Bourgeois, 54035 NANCY dans un d\u00e9lai de \ndeux mois \u00e0 compter de sa publication ou, pour les personnes auxquelles elle sera \nnotifi\u00e9e, \u00e0 compter de sa notification. Le tribunal administratif peut \u00eatre saisi par \nl'application \u00ab T\u00e9l\u00e9recours citoyens \u00bb accessible par le site www.telerecours.fr. \n  \nArticle 4 La pr\u00e9sente d\u00e9cision sera publi\u00e9e au recueil des actes administratifs. \n  \nArticle 5      La Directrice G\u00e9n\u00e9rale de l'ARS Grand Est est charg\u00e9e de l'ex\u00e9cution de la pr\u00e9sente \nd\u00e9cision qui sera notifi\u00e9e \u00e0 l'entit\u00e9 gestionnaire CENTRE HOSPITALIER DE \nMONTIER-EN-DER (520780065) et \u00e0 l'\u00e9tablissement concern\u00e9. \n \n \nFait \u00e0 CHAUMONT, le 30 juin 2025                                  \n \n \nLe Directeur \n \n \n#signature# \n \n \n \n \n \n \nExR\u00c9PUBLIQUEFRAN\u00c7AISELiberte \u00a9 D Age Regionale de Sant\u00e9\u00a3gabiut Grand EstFrateracte\n1 \n \n \nDECISION TARIFAIRE N\u00b011482 PORTANT FIXATION DE LA DOTATION GLOBALE DE \nSOINS POUR 2025 DE \nSSIAD \"LE LIEN\" - 520781857 \n \nLa Directrice G\u00e9n\u00e9rale de l'ARS Grand Est \n \nVU le Code de l'Action Sociale et des Familles ; \n  \nVU le Code de la S\u00e9curit\u00e9 Sociale ; \n  \nVU la loi n\u00b0 2025 -199 du 28 f\u00e9vrier 2025 de financement de la S\u00e9curit\u00e9 Sociale pour 2025 \npubli\u00e9e au Journal Officiel du 28/02/2025 ; \n  \nVU l'arr\u00eat\u00e9 minist\u00e9riel du 02/06/2025 publi\u00e9 au Journal Officiel du 06/06/2025 pris en \napplication de l'article L314 -3 du Code de l'Action Sociale et des Familles fixant, pour \nl'ann\u00e9e 2025 l'objectif global de d\u00e9penses d'assurance maladie et le montant total de \nd\u00e9penses pour les \u00e9tablissements et services relevant de la Caisse nationale de solidarit\u00e9 pour \nl'autonomie; \n  \nVU la d\u00e9cision du 02/06/2025 publi\u00e9e au Journal Officiel du 06/06/2025 relative aux dotations \nr\u00e9gionales limitatives 2025 et \u00e0 la moyenne nationale des besoins en soins requis 2025 ; \n \nVU le d\u00e9cret n\u00b0 2023 -323 relatif \u00e0 la tarification des soins infirmiers \u00e0 domicile pour les \npersonnes \u00e2g\u00e9es et personnes handicap\u00e9es publi\u00e9 au Journal Officiel du 28 avril 2023 ; \n \nVU l'arr\u00eat\u00e9 du 28 mai 2025 fixant pour 2025 les montants forfaitaires mentionn\u00e9s aux II et III de \nl'article R. 314-138 du code de l'action sociale et des familles et le taux de revalorisation des \nproduits de la tarification reconductibles aff\u00e9rents aux soins applicables aux services \nproposant des prestations de soins infirmiers \u00e0 domicile pour les personnes \u00e2g\u00e9es et les \npersonnes en situation de handicap ; \n \nVU l'arr\u00eat\u00e9 du 2 8 mai 202 5 fixant pour 202 5 le taux de revalorisation des produits de la \ntarification reconductibles aff\u00e9rents aux soins applicables aux services proposant des \nprestations de soins infirmiers \u00e0 domicile pour les personnes \u00e2g\u00e9es et les personnes en \nsituation de handicap ; \n \nVU le d\u00e9cret du 21 mai 2024 portant nomination de Madame RATIGNIER -CARBONNEIL \nChristelle en qualit\u00e9 de Directrice G\u00e9n\u00e9rale de l'agence r\u00e9gionale de sant\u00e9 Grand Est ; \n \nVU la d\u00e9cision de d\u00e9l\u00e9gation de signature  Directrice G\u00e9n\u00e9rale de l'ARS vers le Directeur de \nHAUTE-MARNE en date du 22/05/2025 ; \n \nVU l'autorisation ou le renouvellement d'autorisation en date du 03/01/2017 de la structure \nService de Soins Infirmiers A Domicile (S.S.I.A.D) d\u00e9nomm\u00e9e SSIAD \"LE LIEN\" \n(520781857) sise 4 R DU CHAMP DE MARS 52800 Nogent   et g\u00e9r\u00e9e par l'entit\u00e9 \nd\u00e9nomm\u00e9e ASSOCIATION GROUPE SOS SENIORS (570010173); \n \n  \n\n2 \n \n \nDECIDE \n \nArticle 1er A compter du 1er janvier 2025, la dotation globale de soins est fix\u00e9e \u00e0 815 103,07 \u20ac au \ntitre de 2025 dont 0,00 \u20ac de cr\u00e9dits non reconductibles vers\u00e9s en une seule fois. Elle se \nr\u00e9partit comme suit : \n \n - pour l'accueil de personnes \u00e2g\u00e9es  : 726  747,98 \u20ac (fraction forfaitaire s'\u00e9levant \u00e0 \n60 562,33 \u20ac) dont 0,00 \u20ac de cr\u00e9dits non reconductibles vers\u00e9s en une seule fois. Le prix \nde journ\u00e9e est fix\u00e9 \u00e0 53,74 \u20ac. \n - pour l'accueil de personnes handicap\u00e9es : 88 355,09 \u20ac (fraction forfaitaire s'\u00e9levant \u00e0 \n7 362,92 \u20ac) dont 0,00 \u20ac de cr\u00e9dits non reconductibles vers\u00e9s en une seule fois. Le prix \nde journ\u00e9e est fix\u00e9 \u00e0 50,95 \u20ac. \n  \nArticle 2 A compter du 1er janvier 2026, en application de l'article L.314 -7 du CASF, la \ndotation globale de soins est fix\u00e9e, \u00e0 titre transitoire, \u00e0 776 822,03 \u20ac : \n  \n- Pour l'accueil de personnes \u00e2g\u00e9es : 688 466,94 \u20ac (douzi\u00e8me applicable s'\u00e9levant \u00e0 \n57 372,25 \u20ac). Le prix de journ\u00e9e de reconduction est fix\u00e9 \u00e0 50,91 \u20ac. \n \n  \n- pour l'accueil de personnes handicap\u00e9es  : 88  355,09 \u20ac (douzi\u00e8me applicable \ns'\u00e9levant \u00e0 7 362,92 \u20ac). Le prix de journ\u00e9e de reconduction est fix\u00e9 \u00e0 50,95 \u20ac. \n \nArticle 3 Les recours contentieux dirig\u00e9s contre la pr\u00e9sente d\u00e9cision doivent \u00eatre port\u00e9s devant le \nTribunal Administratif sis 6, Rue du Haut Bourgeois, 54035 NANCY dans un d\u00e9lai de \ndeux mois \u00e0 compter de sa publication ou, pour les personnes auxquelles elle sera \nnotifi\u00e9e, \u00e0 compter de sa notification. Le tribunal administratif peut \u00eatre saisi par \nl'application \u00ab T\u00e9l\u00e9recours citoyens \u00bb accessible par le site www.telerecours.fr. \n  \nArticle 4 La pr\u00e9sente d\u00e9cision sera publi\u00e9e au recueil des actes administratifs. \n  \nArticle 5      La Directrice G\u00e9n\u00e9rale de l'ARS Grand Est est charg\u00e9e de l'ex\u00e9cution de la pr\u00e9sente \nd\u00e9cision qui sera notifi\u00e9e \u00e0 l'entit\u00e9 gestionnaire ASSOCIATION GROUPE SOS \nSENIORS (570010173) et \u00e0 l'\u00e9tablissement concern\u00e9. \n \n \nFait \u00e0 CHAUMONT, le 30 juin 2025                                  \n \n \nLe Directeur \n \n \n#signature# \n \n \n \n \n \n \nEsREPUBLIQUEFRANCAISELibert\u00e9 \u00a9 DAcence R\u00e9ghnate de Sant\u00e9Grand EstEgatiteFrateraite\n1 \n \n \nDECISION TARIFAIRE N\u00b014524 \nPORTANT FIXATION DE LA DOTATION GLOBALE DE FINANCEMENT POUR 2025 DE \nESAT \"JAMES MARANGE\" - 520782145 \n \n \nLa Directrice G\u00e9n\u00e9rale de l'ARS Grand Est, \n \nVU \n \nle Code de l'Action Sociale et des Familles ; \n \nVU \n \nle Code de la S\u00e9curit\u00e9 Sociale ; \n \nVU \n \nla loi n\u00b0 2025-199 du 28 f\u00e9vrier 2025 de financement de la S\u00e9curit\u00e9 Sociale pour 2025 publi\u00e9e au \nJournal Officiel du 28/02/2025 ; \n \nVU \n \nl'arr\u00eat\u00e9 minist\u00e9riel du 02/06/2025 publi\u00e9 au Journal Officiel du 06/06/2025 pris en application de \nl'article L314-3 du Code de l'Action Sociale et des Familles fixant, pour l'ann\u00e9e 2025 l'objectif \nglobal de d\u00e9penses d'assurance maladie et le montant total de d\u00e9penses pour les \u00e9tablissements et \nservices relevant de la Caisse nationale de solidarit\u00e9 pour l'autonomie ; \n \nVU \n \nla d\u00e9cision du 02/06/2025 publi\u00e9e au Journal Officiel du 06/06/2025  relative aux dotations \nr\u00e9gionales limitatives 2025 et \u00e0 la moyenne nationale des besoins en soins requis 2025 ; \n \nVU le d\u00e9cret du 21 mai 2024 portant nomination de Madame RATIGNIER -CARBONNEIL Christelle \nen qualit\u00e9 de Directrice G\u00e9n\u00e9rale de l'agence r\u00e9gionale de sant\u00e9 Grand Est ; \n \nVU la d\u00e9cision de d\u00e9l\u00e9gation de signature de la Directrice G\u00e9n\u00e9rale de l'ARS vers le Directeur de \nHAUTE-MARNE en date du 02/07/2025 ; \n \nVU l'autorisation ou le renouvellement d'autorisation en date du 03/01/2017 de la structure \nEtablissement et Service d'Aide par le Travail (E.S.A.T.) d\u00e9nomm\u00e9e ESAT \"JAMES \nMARANGE\" (520782145) sise , R, DE L'ERABLE 52320 Froncles et g\u00e9r\u00e9e par l'entit\u00e9 \nd\u00e9nomm\u00e9e FEDERATION DES APAJH (750050916) ;  \n \nConsid\u00e9rant la transmission des propositions budg\u00e9taires et de ses annexes en date du 19/06/2025 par \nla personne ayant qualit\u00e9 pour repr\u00e9senter la structure d\u00e9nomm\u00e9e ESAT \"JAMES \nMARANGE\" (520782145) pour 2025 ; \n \nConsid\u00e9rant les propositions de modifications budg\u00e9taires transmises par courrier(s) en date du \n20/06/2025, par la d\u00e9l\u00e9gation territoriale de Haute-Marne ; \n \nConsid\u00e9rant la r\u00e9ponse \u00e0 la proc\u00e9dure contradictoire en date du 25/06/2025 ; \n \nConsid\u00e9rant la d\u00e9cision d'autorisation budg\u00e9taire finale en date du 04/07/2025 ; \n \n \n               \n  \n\n2 \n \n \n \nArticle 1er \n \nA compter du 1er janvier 2025, au titre de 2025 , la dotation globale de financement est fix\u00e9e \u00e0 \n2 159 651,20 \u20ac, dont 0,00 de cr\u00e9dits non reconductibles vers\u00e9s en une seule fois. \n \nLes recettes et les d\u00e9penses pr\u00e9visionnelles de la structure sont autoris\u00e9es comme suit :  \n \n GROUPES FONCTIONNELS MONTANTS \nEN EUROS \nDEPENSES \nGroupe I : D\u00e9penses aff\u00e9rentes \u00e0 l'exploitation courante 360 000,00 \u20ac \nGroupe II : D\u00e9penses aff\u00e9rentes au personnel 1 511 013,20 \u20ac \nGroupe III : D\u00e9penses aff\u00e9rentes \u00e0 la structure 350 000,00 \u20ac \nReprise de d\u00e9ficits - - \u20ac \nTOTAL D\u00e9penses 2 221 013,20 \u20ac \nRECETTES \nGroupe I : Produits de la tarification 2 159 651,20 \u20ac \nGroupe II : Autres produits relatifs \u00e0 l'exploitation 38 708,00 \u20ac \nGroupe III : Produits financiers et produits non encaissables 22 653,00 \u20ac \nReprise d'exc\u00e9dents - - \u20ac \nTOTAL Recettes 2 221 013,20 \u20ac \n  \nPour 2025, la fraction forfaitaire mensuelle s'\u00e9tablit \u00e0 179 970,93 \u20ac. \nLe prix de journ\u00e9e est de 68,07 \u20ac. \n \nArticle 2 A compter du 1 er janvier 2026, en application de l'article L.314 -7 du CASF, les tarifs de \nreconduction sont fix\u00e9s, \u00e0 titre transitoire, \u00e0 : \n \n- dotation globale de financement 2026 : 2 159 651,20 \u20ac (douzi\u00e8me applicable s'\u00e9levant \u00e0 \n179 970,93 \u20ac) ; \n- prix de journ\u00e9e de reconduction : 68,07 \u20ac. \n \nArticle 3 Les recours contentieux dirig\u00e9s contre la pr\u00e9sente d\u00e9cision doivent \u00eatre port\u00e9s devant le Tribunal \nAdministratif sis 6, Rue du Haut Bourgeois, NANCY 54035 dans un d\u00e9lai de deux  mois \u00e0 \ncompter de sa publication ou, pour les personnes auxquelles elle sera notifi\u00e9e, \u00e0 compter de sa \nnotification. Le tribunal administratif peut \u00eatre saisi par l'application \u00ab T\u00e9l\u00e9recours citoyens \u00bb \naccessible par le site www.telerecours.fr. \n \nArticle 4 \n \n La pr\u00e9sente d\u00e9cision sera publi\u00e9e au recueil des actes administratifs. \n \nArticle 5  La Directrice G\u00e9n\u00e9rale de l'ARS Grand Est est charg\u00e9e de l'ex\u00e9cution de la pr\u00e9sente d\u00e9cision qui \nsera notifi\u00e9e \u00e0 l'entit\u00e9 gestionnaire FEDERATION DES APAJH (750050916) et \u00e0 \nl'\u00e9tablissement concern\u00e9. \n \n \n \nFait \u00e0 Chaumont, le 09 juillet 2025. \n \n \n \nDECIDE \nEsREPUBLIQUEFRANCAISELibert\u00e9 \u00a9 D Agence R\u00e9gionale de Sant\u00e9: Grand EstKgatiteFratersit\u00e9\n1 \n \n \nDECISION TARIFAIRE N\u00b014525 PORTANT FIXATION DU PRIX DE JOURNEE GLOBALISE \nPOUR 2025 DE \nMAS FOYER MONTECLAIR ANDELOT - 520781832 \n \n \nLa Directrice G\u00e9n\u00e9rale de l'ARS Grand Est \n \nVU le Code de l'Action Sociale et des Familles ; \n  \nVU le Code de la S\u00e9curit\u00e9 Sociale ; \n  \nVU la loi n\u00b0 2025 -199 du 28 f\u00e9vrier 2025 de financement de la S\u00e9curit\u00e9 Sociale pour 2025  \npubli\u00e9e au Journal Officiel du 28/02/2025 ; \n  \nVU l'arr\u00eat\u00e9 minist\u00e9riel du 02/06/2025 publi\u00e9 au Journal Officiel du 06/06/2025 pris en \napplication de l'article L314 -3 du Code de l'Action Sociale et des Familles fixant, pour \nl'ann\u00e9e 2025 l'objectif global de d\u00e9penses d'assurance maladie et le montant total de \nd\u00e9penses pour les \u00e9tablissements et services relevant de la Caisse nationale de solidarit\u00e9 pour \nl'autonomie ; \n  \nVU la d\u00e9cision du 02/06/2025 publi\u00e9e au Journal Officiel du 06/06/2025 relative aux dotations \nr\u00e9gionales limitatives 2025 et \u00e0 la moyenne nationale des besoins en soins requis 2025 ; \n  \nVU le d\u00e9cret du 21 mai 2024 portant nomination de Madame RATIGNIER -CARBONNEIL \nChristelle en qualit\u00e9 de Directrice G\u00e9n\u00e9rale de l'agence r\u00e9gionale de sant\u00e9 Grand Est ; \n \nVU la d\u00e9cision de d\u00e9l\u00e9gation de signature  de la Directrice G\u00e9n\u00e9rale de l'ARS vers le Directeur \nde HAUTE-MARNE en date du 02/07/2025 ; \n \nVU l'autorisation ou le renouvellement d'autorisation en date du 03/01/2017 de la structure \nMaison d'Accueil Sp\u00e9cialis\u00e9e (M.A.S.) d\u00e9nomm\u00e9e MAS FOYER MONTECLAIR \nANDELOT (520781832) sise  R DU PARC 52700 Andelot-Blancheville et g\u00e9r\u00e9e par l'entit\u00e9 \nd\u00e9nomm\u00e9e FOYER MONTECLAIR (520000191); \n \nConsid\u00e9rant la transmission des propositions budg\u00e9taires et de ses annexes en date du \n15/04/2025 par la personne ayant qualit\u00e9 pour repr\u00e9senter la structure d\u00e9nomm\u00e9e \nMAS FOYER MONTECLAIR ANDELOT (520781832) pour 2025 ; \n \nConsid\u00e9rant les propositions de modifications budg\u00e9taires transmises par courrier(s) en date du \n20/06/2025, par la d\u00e9l\u00e9gation territoriale de Haute-Marne ; \n \nConsid\u00e9rant la r\u00e9ponse \u00e0 la proc\u00e9dure contradictoire en date du 26/06/2025 ; \n \nConsid\u00e9rant la d\u00e9cision d'autorisation budg\u00e9taire finale en date du 07/07/2025 ; \n \n \n  \n\n2 \n \n \n \nDECIDE \n \nArticle 1er A compter du 1 er janvier 2025, au titre de 2025, la dotation globalis\u00e9e est fix\u00e9e \u00e0 \n6 647 686,04 \u20ac dont 0,00 \u20ac de cr\u00e9dits non reconductibles vers\u00e9s en une seule fois. \n  \n Les recettes et les d\u00e9penses pr\u00e9visionnelles de la structure sont autoris\u00e9es comme \nsuit : \n \n GROUPES FONCTIONNELS MONTANTS \nEN EUROS \nDEPENSES \nGroupe I \nD\u00e9penses aff\u00e9rentes \u00e0 l'exploitation courante \n739 568,40 \u20ac \n- dont CNR 0,00 \u20ac \nGroupe II \nD\u00e9penses aff\u00e9rentes au personnel \n5 507 760,55 \u20ac \n- dont CNR 0,00 \u20ac \nGroupe III \nD\u00e9penses aff\u00e9rentes \u00e0 la structure \n945 781,84 \u20ac \n- dont CNR 0,00 \u20ac \nReprise de d\u00e9ficits 0,00\u20ac  \nTOTAL D\u00e9penses 7 193 110,79 \u20ac \nRECETTES \nGroupe I \nProduits de la tarification 6 647 686,04 \u20ac \n- dont CNR 0,00 \u20ac \nGroupe II \nAutres produits relatifs \u00e0 l'exploitation \n520 900,00 \u20ac \nGroupe III \nProduits financiers et produits non encaissables \n24 524,75 \u20ac \nReprise d'exc\u00e9dents 0,00 \u20ac \nTOTAL Recettes 7 193 110,79 \u20ac \n \n D\u00e9penses exclues du tarif : 0,00 \u20ac \n \n Pour 2025, la fraction forfaitaire mensuelle s'\u00e9tablit \u00e0 553 973,84 \u20ac. Soit un prix de \njourn\u00e9e globalis\u00e9 de 250,10 \u20ac. \n  \nArticle 2 A compter du 1 er janvier 2026, en application de l'article L.314 -7 du CASF, les tarifs \nde reconduction sont fix\u00e9s, \u00e0 titre transitoire, \u00e0: \n \n \u2022 dotation globalis\u00e9e 2026: 6 647 686,04 \u20ac (douzi\u00e8me applicable s'\u00e9levant \u00e0 \n553 973,84 \u20ac) \n \u2022 prix de journ\u00e9e de reconduction de 250,10 \u20ac \n  \nArticle 3 Les recours contentieux dirig\u00e9s contre la pr\u00e9sente d\u00e9cision doivent \u00eatre port\u00e9s devant le \nTribunal Administratif sis 6 Rue du Haut Bourgeois 54035 NANCY dans un d\u00e9lai de \ndeux mois \u00e0 compter de sa publication ou, pour les personnes auxquelles elle sera \nnotifi\u00e9e, \u00e0 compter de sa notification. Le tribunal administratif peut \u00eatre saisi par \nl'application \u00ab T\u00e9l\u00e9recours citoyens \u00bb accessible par le site www.telerecours.fr. \n  \nArticle 4 La pr\u00e9sente d\u00e9cision sera publi\u00e9e au recueil des actes administratifs. \n  \n3 \n \n  \nArticle 5        La Directrice G\u00e9n\u00e9rale de l'ARS Grand Est est  charg\u00e9e de l'ex\u00e9cution de la pr\u00e9sente   \nd\u00e9cision qui sera notifi\u00e9e \u00e0 l'entit\u00e9 gestionnaire FOYER MONTECLAIR (520000191) \net \u00e0 l'\u00e9tablissement concern\u00e9. \n \nFait \u00e0 Chaumont, le 09 juillet 2025            \n \n \nLe Directeur                       \n \n \n \n \n \n#signature# \n \nEsREPUBLIQUEFRANCAISELiberte \u00a9 D Agence R\u00e9gionale de Sant\u00e9Rgalit\u00e9 Grand EstFrateruit\u00e9\n1 \n \n \nDECISION TARIFAIRE N\u00b014526 \nPORTANT FIXATION DU PRIX DE JOURNEE GLOBALISE POUR 2025 DE \nCMPP APAJH SAINT-DIZIER - 520780487 \n \n \n \nLa Directrice G\u00e9n\u00e9rale de l'ARS Grand Est, \n \nVU le Code de l'Action Sociale et des Familles ; \n  \nVU le Code de la S\u00e9curit\u00e9 Sociale ; \n  \nVU la loi n\u00b0 2025 -199 du 28 f\u00e9vrier 2025 de financement de la S\u00e9curit\u00e9 Sociale pour 2025 publi\u00e9e au \nJournal Officiel du 28/02/2025 ; \n  \nVU l'arr\u00eat\u00e9 minist\u00e9riel du 02/06/2025 publi\u00e9 au Journal Officiel du 06/06/2025 pris en application de \nl'article L314-3 du Code de l'Action Sociale et des Familles fixant, pour l'ann\u00e9e 2025 l'objectif \nglobal de d\u00e9penses d'assurance maladie et le montant total de d\u00e9penses pour les \u00e9tablissements et \nservices relevant de la Caisse nationale de solidarit\u00e9 pour l'autonomie ; \n  \nVU la d\u00e9cision du 02/06/2025 publi\u00e9e au Journal Officiel du 06/06/2025 relative aux dotations \nr\u00e9gionales limitatives 2025 et \u00e0 la moyenne nationale des besoins en soins requis 2025 ; \n  \nVU le d\u00e9cret du 21 mai 2024 portant nomination de Madame RATIGNIER -CARBONNEIL Christelle \nen qualit\u00e9 de Directrice G\u00e9n\u00e9rale de l'agence r\u00e9gionale de sant\u00e9 Grand Est ; \n \nVU la d\u00e9cision de d\u00e9l\u00e9gation de signature de la Directrice G\u00e9n\u00e9rale de l'ARS vers le Directeur de \nHAUTE-MARNE en date du 02/07/2025 ; \n \nVU l'autorisation ou le renouvellement d'autorisation en date du 03/01/2017 de la structure Centre \nM\u00e9dico-Psycho-P\u00e9dagogique (C.M.P.P.) d\u00e9nomm\u00e9e CMPP APAJH SAINT -DIZIER (520780487) \nsise 05 AV RAOUL LAURENT 52100 Saint -Dizier et g\u00e9r\u00e9e par l'entit\u00e9 d\u00e9nomm\u00e9e \nFEDERATION DES APAJH (750050916) ; \n  \nConsid\u00e9rant la transmission des propositions budg\u00e9taires et de ses annexes en date du 19/06/2025 par \nla personne ayant qualit\u00e9 pour repr\u00e9senter la structure d\u00e9nomm\u00e9e CMPP APAJH SAINT -\nDIZIER (520780487) pour 2025 ; \n \nConsid\u00e9rant les propositions de modifications budg\u00e9taires transmises par courrier(s) en date du \n20/06/2025, par la d\u00e9l\u00e9gation territoriale de Haute-Marne ; \n \nConsid\u00e9rant la r\u00e9ponse \u00e0 la proc\u00e9dure contradictoire en date du 25/06/2025 ; \n \nConsid\u00e9rant la d\u00e9cision d'autorisation budg\u00e9taire finale en date du 04/07/2025 ; \n \n \n  \n\n2 \n \n \n \nArticle 1er A compter du 1er janvier 2025, au titre de 2025, la dotation globalis\u00e9e est fix\u00e9e \u00e0 2 788 073,06 \u20ac \ndont 0,00 de cr\u00e9dits non reconductibles vers\u00e9s en une seule fois. \n  \n Les recettes et les d\u00e9penses pr\u00e9visionnelles de la structure sont autoris\u00e9es comme suit : \n \n GROUPES FONCTIONNELS MONTANTS \nEN EUROS \nDEPENSES \nGroupe I : D\u00e9penses aff\u00e9rentes \u00e0 l'exploitation courante 145 000,00 \u20ac \n- dont CNR 66 667,00 \u20ac \nGroupe II : D\u00e9penses aff\u00e9rentes au personnel 2 257 587,06 \u20ac \nGroupe III : D\u00e9penses aff\u00e9rentes \u00e0 la structure 435 000,00 \u20ac \nReprise de d\u00e9ficits - - \u20ac \nTOTAL D\u00e9penses 2 837 587,06 \u20ac \nRECETTES \nGroupe I : Produits de la tarification 2 788 073,06 \u20ac \n- dont CNR 66 667,00 \u20ac \nGroupe II : Autres produits relatifs \u00e0 l'exploitation 0,00 \u20ac \nGroupe III : Produits financiers et produits non encaissables 49 514,00\u20ac \nReprise d'exc\u00e9dents - - \u20ac \nTOTAL Recettes 2 837 587,06 \u20ac \n  \nD\u00e9penses exclues du tarif : 0,00 \u20ac \n \n Pour 2025, la fraction forfaitaire mensuelle s'\u00e9tablit \u00e0 232  339,42 \u20ac. Soit un prix de journ\u00e9e \nglobalis\u00e9 de 177,40 \u20ac. \n  \nArticle 2 A compter du 1 er janvier 2026, en application de l'article L.314 -7 du CASF, les tarifs de \nreconduction sont fix\u00e9s, \u00e0 titre transitoire, \u00e0: \n \n \u2022 dotation globalis\u00e9e 2026  : 2  721 406,06 \u20ac (douzi\u00e8me applicable s'\u00e9levant \u00e0 \n226 783,84 \u20ac) ; \n \u2022 prix de journ\u00e9e de reconduction de 173,16 \u20ac. \n  \nArticle 3 Les recours contentieux dirig\u00e9s contre la pr\u00e9sente d\u00e9cision doivent \u00eatre port\u00e9s devant le Tribunal \nAdministratif sis 6 Rue du Haut Bourgeois 54035 NANCY dans un d\u00e9lai de deux mois \u00e0 \ncompter de sa publication ou, pour les personnes auxquelles elle sera notifi\u00e9e, \u00e0 compter de sa \nnotification. Le tribunal administratif peut \u00eatre saisi par l'application \u00ab T\u00e9l\u00e9recours citoyens \u00bb \naccessible par le site www.telerecours.fr. \n  \nArticle 4 La pr\u00e9sente d\u00e9cision sera publi\u00e9e au recueil des actes administratifs. \n  \nArticle 5        La Directrice G\u00e9n\u00e9rale de l'ARS Grand Est est charg\u00e9e de l'ex\u00e9cution de la pr\u00e9sente d\u00e9cision qui \nsera notifi\u00e9e \u00e0 l'entit\u00e9 gestionnaire FEDERATION DES APAJH (750050916) et \u00e0 \nl'\u00e9tablissement concern\u00e9. \n \n \n \nFait \u00e0 Chaumont, le 09 juillet 2025. \n \n \nDECIDE \nEsREPUBLIQUEFRANCAISELibert\u00e9 \u00a9 DAgence R\u00e9gionale de Sant\u00e9: Grand EstKgatiteFratersit\u00e9\n1 \n \n \nDECISION TARIFAIRE N\u00b014527 \nPORTANT FIXATION DU FORFAIT GLOBAL DE SOINS POUR 2025 DE \nEAM - 520005455 \n \n \nLa Directrice G\u00e9n\u00e9rale de l'ARS Grand Est, \n \nVU le Code de l'Action Sociale et des Familles ; \n  \nVU le Code de la S\u00e9curit\u00e9 Sociale ; \n  \nVU la loi n\u00b0 2025 -199 du 28 f\u00e9vrier 2025 de financement de la S\u00e9curit\u00e9 Sociale pour 2025 publi\u00e9e au \nJournal Officiel du 28/02/2025 ; \n  \nVU l'arr\u00eat\u00e9 minist\u00e9riel du 02/06/2025  publi\u00e9 au Journal Officiel du 06/06/2025 pris en application de \nl'article L314-3 du Code de l'Action Sociale et des Familles fixant, pour l'ann\u00e9e 2025 l'objectif \nglobal de d\u00e9penses d'assurance maladie et le montant total de d\u00e9penses pour les \u00e9tablissements et \nservices relevant de la Caisse nationale de solidarit\u00e9 pour l'autonomie ; \n  \nVU la d\u00e9cision du 02/06/2025 publi\u00e9e au Journal Officiel du 06/06/2025 relative aux dotations \nr\u00e9gionales limitatives 2025 et \u00e0 la moyenne nationale des besoins en soins requis 2025 ; \n  \nVU le d\u00e9cret du 21 mai 2024 portant nomination de Madame RATIGNIER -CARBONNEIL Christelle \nen qualit\u00e9 de Directrice G\u00e9n\u00e9rale de l'agence r\u00e9gionale de sant\u00e9 Grand Est ; \n \nVU la d\u00e9cision de d\u00e9l\u00e9gation de signature de la Directrice G\u00e9n\u00e9rale de l'ARS vers le Directeur de \nHAUTE-MARNE en date du 02/07/2025 ; \n \nVU l'autorisation ou le renouvellement d'autorisation en date du 01/01/2023 de la structure \nEtab.Acc.M\u00e9dicalis\u00e9 en tout ou partie personnes handicap\u00e9es d\u00e9nomm\u00e9e EAM (520005455) sise 62 \nAV DE CHAMPAGNE  52220 Porte du Der et g\u00e9r\u00e9e par l'entit\u00e9 d\u00e9nomm\u00e9e A.D.A.S.M.S. \n(520000373) ; \n  \nConsid\u00e9rant la transmission des propositions budg\u00e9taires et de ses annexes en date du 19/06/2025  par la \npersonne ayant qualit\u00e9 pour repr\u00e9senter la structure d\u00e9nomm\u00e9e EAM (520005455) pour \n2025 ; \n \nConsid\u00e9rant les propositions de modifications budg\u00e9taires transmises par courrier(s) en date du \n20/06/2025, par l'ARS la d\u00e9l\u00e9gation territoriale de Haute-Marne ;  \n \nConsid\u00e9rant la r\u00e9ponse \u00e0 la proc\u00e9dure contradictoire en date 25/06/2025 ; \n \nConsid\u00e9rant la d\u00e9cision d'autorisation budg\u00e9taire finale en date du 04/07/2025 ; \n \n \n \n  \n\n2 \n \n \n \nArticle 1er  A compter du 1er janvier 2025, le forfait global de soins est fix\u00e9 \u00e0 118 043,34 \u20ac au titre de \n2025, dont 0,00 de cr\u00e9dits non reconductibles vers\u00e9s en une seule fois. \n  \n Pour 2025, la fraction forfaitaire mensuelle s'\u00e9tablit, en application de l'article R314 -111 du \nCASF, \u00e0 9 836,95 \u20ac. \n \n Soit un forfait journalier de soins de 101,06 \u20ac. \n  \nArticle 2 A compter du 1 er janvier 2026, en application de l'article L.314 -7 du  CASF, les tarifs de \nreconduction sont fix\u00e9s, \u00e0 titre transitoire, \u00e0 : \n \n \u2022 forfait annuel global de soins 2026  : 118  043,34 \u20ac (douzi\u00e8me applicable s'\u00e9levant \u00e0 \n9 836,95 \u20ac) ; \n \u2022 forfait journalier de soins de reconduction de 101,06 \u20ac. \n  \nArticle 3 Les recours contentieux dirig\u00e9s contre la pr\u00e9sente d\u00e9cision doivent \u00eatre port\u00e9s devant le \nTribunal Administratif sis 6 Rue du Haut Bourgeois 54035 NANCY dans un d\u00e9lai de deux \nmois \u00e0 compter de sa publication ou, pour les personnes auxquelles elle sera notifi\u00e9e, \u00e0 compter \nde sa notification. Le tribunal administratif peut \u00eatre saisi par l'application \u00ab T\u00e9l\u00e9recours \ncitoyens \u00bb accessible par le site www.telerecours.fr. \n  \nArticle 4 La pr\u00e9sente d\u00e9cision sera publi\u00e9e au recueil des actes administratifs. \n  \nArticle 5  La Directrice G\u00e9n\u00e9rale de l'ARS Grand Est est charg\u00e9e de l'ex\u00e9cution de la pr\u00e9sente d\u00e9cision \nqui sera notifi\u00e9e \u00e0 l'entit\u00e9 gestionnaire A.D.A.S.M.S. (520000373) et \u00e0 l'\u00e9tablissement \nconcern\u00e9. \n \n \n \nFait \u00e0 Chaumont, le 09 juillet 2025. \n \n \nDECIDE \nEsREPUBLIQUEFRANCAISELibert\u00e9 \u00a9 DAgence R\u00e9gionale de Sant\u00e9: Grand EstKgatiteFratersit\u00e9\n1 \n \n \nDECISION TARIFAIRE N\u00b014528 \nPORTANT FIXATION DU FORFAIT GLOBAL DE SOINS POUR 2025 DE \nFAM FEDERATION APAJH HAUTE-MARNE - 520004888 \n \n \n \nLa Directrice G\u00e9n\u00e9rale de l'ARS Grand Est, \n \nVU le Code de l'Action Sociale et des Familles ; \n  \nVU le Code de la S\u00e9curit\u00e9 Sociale ; \n  \nVU la loi n\u00b0 2025 -199 du 28 f\u00e9vrier 2025 de financement de la S\u00e9curit\u00e9 Sociale pour 2025 publi\u00e9e au \nJournal Officiel du 28/02/2025 ; \n  \nVU l'arr\u00eat\u00e9 minist\u00e9riel du 02/06/2025 publi\u00e9 au Journal Officiel du 06/06/2025 pris en application de \nl'article L314 -3 du Code de l'Action Sociale et des Familles fixant, pour l'ann\u00e9e 2025 l'objectif \nglobal de d\u00e9penses d'assurance maladie et le montant total de d\u00e9penses pour les \u00e9tablissements et \nservices relevant de la Caisse nationale de solidarit\u00e9 pour l'autonomie ; \n  \nVU la d\u00e9cision du 02/06/2025 publi\u00e9e au Journal Officiel du 06/06/2025 relative aux dotations r\u00e9gionales \nlimitatives 2025 et \u00e0 la moyenne nationale des besoins en soins requis 2025 ; \n  \nVU le d\u00e9cret du 21 mai 2024 portant nomination de Madame RATIGNIER-CARBONNEIL Christelle en \nqualit\u00e9 de Directrice G\u00e9n\u00e9rale de l'agence r\u00e9gionale de sant\u00e9 Grand Est ; \n \nVU la d\u00e9cision de d\u00e9l\u00e9gation de signature de la Directrice G\u00e9n\u00e9rale de l'ARS vers le Directeur de \nHAUTE-MARNE en date du 02/07/2025 ; \n \nVU l'autorisation ou le renouvellement d'autorisation en date du 11/02/2019 de la structure \nEtab.Acc.M\u00e9dicalis\u00e9 en tout ou partie personnes handicap\u00e9es d\u00e9nomm\u00e9e FAM FEDERATION \nAPAJH HAUTE-MARNE (520004888) sise  R DU FAUBOURG 52240 Breuvannes-en-Bassigny et \ng\u00e9r\u00e9e par l'entit\u00e9 d\u00e9nomm\u00e9e FEDERATION DES APAJH (750050916) ; \n  \nConsid\u00e9rant la transmission des propositions budg\u00e9taires et de ses annexes en date du 19/06/2025 par la \npersonne ayant qualit\u00e9 pour repr\u00e9senter la structure d\u00e9nomm\u00e9e FAM FEDERATION APAJH \nHAUTE-MARNE (520004888) pour 2025 ; \n \nConsid\u00e9rant les propositions de modifications budg\u00e9taires transmises par courrier(s) en date du \n20/06/2025, 02/07/2025, par l'ARS la d\u00e9l\u00e9gation territoriale de Haute-Marne ;  \n \nConsid\u00e9rant la r\u00e9ponse \u00e0 la proc\u00e9dure contradictoire en date 26/06/2025 ; \n \nConsid\u00e9rant la d\u00e9cision d'autorisation budg\u00e9taire finale en date du 07/07/2025 ; \n \n \n  \n\n2 \n \n \n \nArticle 1er  A compter du 1er janvier 2025, le forfait global de soins est fix\u00e9 \u00e0 571 301,19 \u20ac au titre de 2025, \ndont 0,00 de cr\u00e9dits non reconductibles vers\u00e9s en une seule fois. \n  \n Pour 2025, la fraction forfaitaire mensuelle s'\u00e9tablit, en application de l'article R314 -111 du \nCASF, \u00e0 47 608,43 \u20ac. \n \n Soit un forfait journalier de soins de 177,59 \u20ac. \n  \nArticle 2 A compter du 1 er janvier 2026, en application de l'article L.314 -7 du CASF, les tarifs de \nreconduction sont fix\u00e9s, \u00e0 titre transitoire, \u00e0 : \n \n \u2022 forfait annuel global de soins 2026 : 571  301,19 \u20ac (douzi\u00e8me applicable s'\u00e9levant \u00e0 \n47 608,43 \u20ac) ; \n \u2022 forfait journalier de soins de reconduction de 177,59 \u20ac. \n  \nArticle 3 Les recours contentieux dirig\u00e9s contre la pr\u00e9sente d\u00e9cision doivent \u00eatre port\u00e9s devant le Tribunal \nAdministratif sis 6 Rue du Haut Bourgeois 54035 NANCY dans un d\u00e9lai de deux mois \u00e0 \ncompter de sa publication ou, pour les personnes auxquelles elle sera notifi\u00e9e, \u00e0 compter de sa \nnotification. Le tribunal administratif peut \u00eatre saisi par l'application \u00ab T\u00e9l\u00e9recours citoyens \u00bb \naccessible par le site www.telerecours.fr. \n  \nArticle 4 La pr\u00e9sente d\u00e9cision sera publi\u00e9e au recueil des actes administratifs. \n  \nArticle 5 La Directrice G\u00e9n\u00e9rale de l'ARS Grand Est est charg\u00e9e de l'ex\u00e9cution de la pr\u00e9sente d\u00e9cision \nqui sera notifi\u00e9e \u00e0 l'entit\u00e9 gestionnaire FEDERATION DES APAJH (750050916) et \u00e0 \nl'\u00e9tablissement concern\u00e9. \n \n \n \nFait \u00e0 Chaumont, le 09 juillet 2025. \n \n \nDECIDE \nEnR\u00c9PUBLIQUEFRAN\u00c7AISELiberte \u00a9 Dd Agence R\u00e9gionale de Sant\u00e9Foal Grand EstFratersit\u00e9\n1 \n \n \nDECISION TARIFAIRE N\u00b014529 \nPORTANT FIXATION DU PRIX DE JOURNEE GLOBALISE POUR 2025 DE \nSDAIP - 520003260 \n \n \n \nLa Directrice G\u00e9n\u00e9rale de l'ARS Grand Est, \n \nVU le Code de l'Action Sociale et des Familles ; \n  \nVU le Code de la S\u00e9curit\u00e9 Sociale ; \n  \nVU la loi n\u00b0 2025 -199 du 28 f\u00e9vrier 2025 de financement de la S\u00e9curit\u00e9 Sociale pour 2025 publi\u00e9e au \nJournal Officiel du 28/02/2025 ; \n  \nVU l'arr\u00eat\u00e9 minist\u00e9riel du 02/06/2025  publi\u00e9 au Journal Officiel du 06/06/2025 pris en application de \nl'article L314 -3 du Code de l'Action Sociale et des Familles fixant, pour l'ann\u00e9e 2025 l'objectif \nglobal de d\u00e9penses d'assurance maladie et le montant total de d\u00e9penses pour les \u00e9tablissements et \nservices relevant de la Caisse nationale de solidarit\u00e9 pour l'autonomie ; \n  \nVU la d\u00e9cision du 02/06/2025 publi\u00e9e au Journal Officiel du 06/06/2025 relative aux dotations \nr\u00e9gionales limitatives 2025 et \u00e0 la moyenne nationale des besoins en soins requis 2025 ; \n  \nVU le d\u00e9cret du 21 mai 2024 portant nomination de Madame RATIGNIER -CARBONNEIL Christelle \nen qualit\u00e9 de Directrice G\u00e9n\u00e9rale de l'agence r\u00e9gionale de sant\u00e9 Grand Est ; \n \nVU la d\u00e9cision de d\u00e9l\u00e9gation de signature de la Directrice G\u00e9n\u00e9rale de l'ARS vers le Directeur de \nHAUTE-MARNE en date du 02/07/2025 ; \n \nVU l'autorisation ou le renouvellement d'autorisation en date du 30/10/2006 de la structure \nEtablissement et Service de Pr\u00e9orientation d\u00e9nomm\u00e9e SDAIP (520003260) sise 7 R DE LA \nMALADIERE 52000 Chaumont et g\u00e9r\u00e9e par l'entit\u00e9 d\u00e9nomm\u00e9e AHMSITHE (520003252) ; \n  \nConsid\u00e9rant la transmission des propositions budg\u00e9taires et de ses annexes en date du 29/10/2025 par la \npersonne ayant qualit\u00e9 pour repr\u00e9senter la structure d\u00e9nomm\u00e9e SDAIP (520003260) pour \n2025 ; \n \nConsid\u00e9rant les propositions de modifications budg\u00e9taires transmises par courrier(s) en date du \n20/06/2025, par la d\u00e9l\u00e9gation territoriale de Haute-Marne ; \n \nConsid\u00e9rant la r\u00e9ponse \u00e0 la proc\u00e9dure contradictoire en date du 25/06/2025 ; \n \nConsid\u00e9rant la d\u00e9cision d'autorisation budg\u00e9taire finale en date du 04/07/2025 ; \n \n \n  \n\n2 \n \n \n \nArticle 1er A compter du 1 er janvier 2025, au titre de 2025 , la dotation globalis\u00e9e est fix\u00e9e \u00e0 170 548,49 \u20ac \ndont 0,00 de cr\u00e9dits non reconductibles vers\u00e9s en une seule fois. \n  \n Les recettes et les d\u00e9penses pr\u00e9visionnelles de la structure sont autoris\u00e9es comme suit : \n \n GROUPES FONCTIONNELS MONTANTS \nEN EUROS \nDEPENSES \nGroupe I : D\u00e9penses aff\u00e9rentes \u00e0 l'exploitation courante 7 000,00 \u20ac \nGroupe II : D\u00e9penses aff\u00e9rentes au personnel 143 948,65 \u20ac \nGroupe III : D\u00e9penses aff\u00e9rentes \u00e0 la structure 21 603,00 \u20ac \nReprise de d\u00e9ficits - - \u20ac \nTOTAL D\u00e9penses 172 551,65 \u20ac \nRECETTES \nGroupe I : Produits de la tarification 170 548,49 \u20ac \nGroupe II : Autres produits relatifs \u00e0 l'exploitation 0,00 \u20ac \nGroupe III : Produits financiers et produits non encaissables 2 003,16 \u20ac \nReprise d'exc\u00e9dents - - \u20ac \nTOTAL Recettes 172 551,65 \u20ac \n  \nD\u00e9penses exclues du tarif : 0,00 \u20ac \n \n Pour 2025, la fraction forfaitaire mensuelle s'\u00e9tablit \u00e0 14  212,37 \u20ac. Soit un prix de journ\u00e9e \nglobalis\u00e9 de 0,00 \u20ac. \n  \nArticle 2 A compter du 1 er janvier 2026, en application de l'article L.314 -7 du CASF, les tarifs de \nreconduction sont fix\u00e9s, \u00e0 titre transitoire, \u00e0: \n \n \u2022 dotation globalis\u00e9e 2026 : 170 548,49 \u20ac (douzi\u00e8me applicable s'\u00e9levant \u00e0 14 212,37 \u20ac) ; \n \u2022 prix de journ\u00e9e de reconduction de 0,00 \u20ac. \n  \nArticle 3 Les recours contentieux dirig\u00e9s contre la pr\u00e9sente d\u00e9cision doivent \u00eatre port\u00e9s devant le Tribunal \nAdministratif sis 6 Rue du Haut Bourgeois 54035 NANCY dans un d\u00e9lai de deux mois \u00e0 \ncompter de sa publication ou, pour les personnes auxquelles elle sera notifi\u00e9e, \u00e0 compter de sa \nnotification. Le tribunal administratif peut \u00eatre saisi par l'application \u00ab T\u00e9l\u00e9recours citoyens \u00bb \naccessible par le site www.telerecours.fr. \n  \nArticle 4 La pr\u00e9sente d\u00e9cision sera publi\u00e9e au recueil des actes administratifs. \n  \nArticle 5       \n# \nLa Directrice G\u00e9n\u00e9rale de l'ARS Grand Est est charg\u00e9e de l'ex\u00e9cution de la pr\u00e9sente d\u00e9cision \nqui sera notifi\u00e9e \u00e0 l'entit\u00e9 gestionnaire AHMSITHE (520003252) et \u00e0 l'\u00e9tablissement concern\u00e9. \n \n \n \nFait \u00e0 Chaumont, le 09 juillet 2025. \n \n \nDECIDE \nExR\u00c9PUBLIQUEFRAN\u00c7AISELibert\u00e9 \u00a9 D Acree Regionale de Sant\u00e9\u00a3gabiut Grand EstFrateracte\n   \n \n1 \n \nl \nDECISION TARIFAIRE N\u00b0 14530 PORTANT FIXATION DE LA DOTATION GLOBALE DE \nFINANCEMENT POUR 2025 DE \n CAMSP DU CH DE LA HAUTE MARNE - 520002593 \n \nLa Directrice G\u00e9n\u00e9rale de l'ARS Grand Est \n \nVU le Code de l'Action Sociale et des Familles ; \n  \nVU le Code de la S\u00e9curit\u00e9 Sociale ; \n  \nVU la loi n\u00b0 2025 -199 du 28 f\u00e9vrier 2025 de financement de la S\u00e9curit\u00e9 Sociale pour 2025 \npubli\u00e9e au Journal Officiel du 28/02/2025 ; \n  \nVU l'arr\u00eat\u00e9 minist\u00e9riel du 02/06/2025 publi\u00e9 au Journal Officiel du 06/06/2025 pris en \napplication de l'article L314 -3 du Code de l'Action Sociale et des Familles fixant, pour \nl'ann\u00e9e 2025 l'objectif global de d\u00e9penses d'assurance maladie et le montant total de \nd\u00e9penses pour les \u00e9tablissements et services relevant de la Caisse nationale de solidarit\u00e9 \npour l'autonomie ; \n  \nVU la d\u00e9cision du 02/06/2025 publi\u00e9e au Journal Officiel du 06/06/2025 relative aux dotations \nr\u00e9gionales limitatives 2025 et \u00e0 la moyenne nationale des besoins en soins requis 2025; \n  \nVU le d\u00e9cret du 21 mai 2024 portant nomination de Madame Christelle RATIGNIER -\nCARBONNEIL en qualit\u00e9 de Directrice G\u00e9n\u00e9rale de l'agence r\u00e9gionale de sant\u00e9 Grand Est; \n \nVU la d\u00e9cision de d\u00e9l\u00e9gation de signature de la Directrice G\u00e9n\u00e9rale de l'ARS vers le Directeur \nde HAUTE-MARNE en date du 02/07/2025 ; \n \nVU l'autorisation ou le renouvellement d'autorisation en date du 03/01/2017 de la structure \nCentre Action M\u00e9dico -Sociale Pr\u00e9coce (C.A.M.S.P.) d\u00e9nomm\u00e9e CAMSP DU CH DE LA \nHAUTE MARNE (520002593) sise  R ALBERT SCHWEITZER 52100 Saint -Dizier et \ng\u00e9r\u00e9e par l'entit\u00e9 d\u00e9nomm\u00e9e CH DE LA HAUTE-MARNE (520780081) ;  \n \nConsid\u00e9rant \n \nla transmission des propositions budg\u00e9taires et de ses annexes en date du \n10/02/2025 par la personne ayant qualit\u00e9 pour repr\u00e9senter la structure d\u00e9nomm\u00e9e \nCAMSP DU CH DE LA HAUTE MARNE (520002593) pour 2025; \n  \nConsid\u00e9rant les propositions de modifications budg\u00e9taires transmises par courrier(s) en date du \n20/06/2025,   par la d\u00e9l\u00e9gation territoriale de Haute-Marne ; \n \nConsid\u00e9rant la r\u00e9ponse \u00e0 la proc\u00e9dure contradictoire en date du 25/06/2025 ; \n \nConsid\u00e9rant la d\u00e9cision d'autorisation budg\u00e9taire finale en date du 04/07/2025 ; \n \n \n  \n\n   \n \n2 \n \n \nDECIDENT \n \nArticle 1er A compter du 1er janvier 2025, la dotation globale de financement est fix\u00e9e \u00e0 \n1 100 266,55 \u20ac dont 0,00 \u20ac de cr\u00e9dits non reconductibles vers\u00e9s en une seule fois. \n  \n Les recettes et les d\u00e9penses pr\u00e9visionnelles de la structure sont autoris\u00e9es comme \nsuit : \n \n GROUPES FONCTIONNELS MONTANTS \nEN EUROS \nDEPENSES \nGroupe I \nD\u00e9penses aff\u00e9rentes \u00e0 l'exploitation courante \n48 550,00 \u20ac \n- dont CNR 0,00 \u20ac \nGroupe II \nD\u00e9penses aff\u00e9rentes au personnel \n1 339 994,65 \u20ac \n- dont CNR 0,00 \u20ac \nGroupe III \nD\u00e9penses aff\u00e9rentes \u00e0 la structure \n129 101,00 \u20ac \n- dont CNR 0,00 \u20ac \nReprise de d\u00e9ficits 0,00 \u20ac \nTOTAL D\u00e9penses 1 517 645,65 \u20ac \nRECETTES \nGroupe I \nProduits de la tarification 1 304 821,65 \u20ac \n- dont CNR 0,00 \u20ac \nGroupe II \nAutres produits relatifs \u00e0 l'exploitation \n207 799,00 \u20ac \nGroupe III \nProduits financiers et produits non encaissables \n5 025,00 \u20ac \nReprise d'exc\u00e9dents 0,00 \u20ac \nTOTAL Recettes 1 517 645,65 \u20ac \n \n D\u00e9penses exclues du tarif : 0,00 \u20ac \n  \n La dotation globale de financement est vers\u00e9e en application des dispositions de l'article \nR.314-123 CASF par l'Assurance Maladie, pour un montant de 1 100 266,55 \u20ac. \n  \n A compter du 01/01/2025, le prix de journ\u00e9e est de 93,40 \u20ac. \n  \nArticle 2 La fraction forfaitaire imputable \u00e0 l'Assurance Maladie, en application de l'article R314 -111 \ndu CASF, s'\u00e9tablit \u00e0 91 688,88 \u20ac. \n  \nArticle 3 A compter du 1 er janvier 2026, en application de l'article L.314 -7 du CASF, les tarifs de \nreconduction sont fix\u00e9s, \u00e0 titre transitoire, \u00e0 : \n\u25cf dotation globale de financement 2026 vers\u00e9 par l'Assurance Maladie, pour un montant \nde 1 100 266,55 \u20ac (douzi\u00e8me applicable s'\u00e9levant \u00e0 91 688,88 \u20ac). \n\u25cf prix de journ\u00e9e de reconduction de 93,40 \u20ac. \n  \nArticle 4 Les recours contentieux dirig\u00e9s contre la pr\u00e9sente d\u00e9cision doivent \u00eatre port\u00e9s devant le \nTribunal Administratif sis 6, Rue du Haut Bourgeois, 54035 NANCY dans un d\u00e9lai de deux \nmois \u00e0 compter de sa publication ou, pour les personnes auxquelles elle sera notifi\u00e9e, \u00e0 compter \nde sa notification. Le tribunal administratif peut \u00eatre saisi par l'application \u00ab T\u00e9l\u00e9recours \ncitoyens \u00bb accessible par le site www.telerecours.fr. \n  \nArticle 5 La pr\u00e9sente d\u00e9cision sera publi\u00e9e au recueil des actes administratifs. \n   \n \n3 \n \n  \nArticle 6      La Directrice G\u00e9n\u00e9rale de l'ARS Grand Est et le pr\u00e9sident du D\u00e9partement sont charg\u00e9s de \nl'ex\u00e9cution de la pr\u00e9sente d\u00e9cision qui sera notifi\u00e9e \u00e0 l'entit\u00e9 gestionnaire CH DE LA \nHAUTE-MARNE (520780081) et \u00e0 l'\u00e9tablissement concern\u00e9. \n \nFait \u00e0 Chaumont, le 09 juillet 2025                                  \n \n \nLe Directeur \n \n \n \n \n#signature# \n \n \nExR\u00c9PUBLIQUEFRAN\u00c7AISELiberte \u00a9 D Age Regionale de Sant\u00e9\u00a3gabiut Grand EstFrateracte\n1 \n \n \nDECISION TARIFAIRE N\u00b014757 PORTANT FIXATION DU PRIX DE JOURNEE GLOBALISE \nPOUR 2025 DE \nMAS JEAN-MARC ITARD - CH HAUTE-MARNE - 520002585 \n \n \nLa Directrice G\u00e9n\u00e9rale de l'ARS Grand Est \n \nVU le Code de l'Action Sociale et des Familles ; \n  \nVU le Code de la S\u00e9curit\u00e9 Sociale ; \n  \nVU la loi n\u00b0 2025 -199 du 28 f\u00e9vrier 2025 de financement de la S\u00e9curit\u00e9 Sociale pour 2025 \npubli\u00e9e au Journal Officiel du 28/02/2025 ; \n  \nVU l'arr\u00eat\u00e9 minist\u00e9riel du 02/06/2025 publi\u00e9 au Journal Officiel du 06/06/2025 pris en \napplication de l'article L314 -3 du Code de l'Action Sociale et des Familles fixant, pour \nl'ann\u00e9e 2025 l'objectif global de d\u00e9penses d'assurance maladie et le montant total de \nd\u00e9penses pour les \u00e9tablissements et services relevant de la Caisse nationale de solidarit\u00e9 pour \nl'autonomie ; \n  \nVU la d\u00e9cision du 02/06/2025 publi\u00e9e au Journal Officiel du 06/06/2025 relative aux dotations \nr\u00e9gionales limitatives 2025 et \u00e0 la moyenne nationale des besoins en soins requis 2025 ; \n  \nVU le d\u00e9cret du 21 mai 2024 portant nomination de Madame RATIGNIER -CARBONNEIL \nChristelle en qualit\u00e9 de Directrice G\u00e9n\u00e9rale de l'agence r\u00e9gionale de sant\u00e9 Grand Est ; \n \nVU la d\u00e9cision de d\u00e9l\u00e9gation de signature  de la Directrice G\u00e9n\u00e9rale de l'ARS vers le Directeur \nde HAUTE-MARNE en date du 02/07/2025 ; \n \nVU l'autorisation ou le renouvellement d'autorisation en date du 03/01/2017 de la structure \nMaison d'Accueil Sp\u00e9cialis\u00e9e (M.A.S.) d\u00e9nomm\u00e9e MAS JEAN -MARC ITARD - CH \nHAUTE-MARNE (520002585) sise 1 CAR HENRI ROLLIN 52108 Saint -Dizier et g\u00e9r\u00e9e \npar l'entit\u00e9 d\u00e9nomm\u00e9e CH DE LA HAUTE-MARNE (520780081); \n \nConsid\u00e9rant la transmission des propositions budg\u00e9taires et de ses annexes en date du \n10/02/2025 par la personne ayant qualit\u00e9 pour repr\u00e9senter la structure d\u00e9nomm\u00e9e \nMAS JEAN-MARC ITARD - CH HAUTE-MARNE (520002585) pour 2025 ; \n \nConsid\u00e9rant les propositions de modifications budg\u00e9taires transmises par courrier(s) en date du \n20/06/2026, 07/07/2025, par la d\u00e9l\u00e9gation territoriale de Haute-Marne ; \n \nConsid\u00e9rant la r\u00e9ponse \u00e0 la proc\u00e9dure contradictoire en date du 08/07/2025 ; \n \nConsid\u00e9rant la d\u00e9cision d'autorisation budg\u00e9taire finale en date du 08/07/2025 ; \n \n \n  \n\n2 \n \n \nDECIDE \n \nArticle 1er A compter du 1 er janvier 2025, au titre de 2025, la dotation globalis\u00e9e est fix\u00e9e \u00e0 \n4 974 123,86 \u20ac dont 0,00 \u20ac de cr\u00e9dits non reconductibles vers\u00e9s en une seule fois. \n  \n Les recettes et les d\u00e9penses pr\u00e9visionnelles de la structure sont autoris\u00e9es comme \nsuit : \n \n \n \n GROUPES FONCTIONNELS MONTANTS \nEN EUROS \nDEPENSES \nGroupe I \nD\u00e9penses aff\u00e9rentes \u00e0 l'exploitation courante \n310 807,00 \n- dont CNR 0,00 \nGroupe II \nD\u00e9penses aff\u00e9rentes au personnel \n4 074 863,86 \n- dont CNR 0,00 \nGroupe III \nD\u00e9penses aff\u00e9rentes \u00e0 la structure \n998 787,00 \n- dont CNR 0,00 \nReprise de d\u00e9ficits 0,00 \nTOTAL D\u00e9penses 5 384 457,86 \nRECETTES \nGroupe I \nProduits de la tarification 4 974 123,86 \n- dont CNR 0,00 \nGroupe II \nAutres produits relatifs \u00e0 l'exploitation \n375 440,00 \nGroupe III \nProduits financiers et produits non encaissables \n34 894,00 \nReprise d'exc\u00e9dents 0,00 \nTOTAL Recettes 5 384 457,86 \n \n \n D\u00e9penses exclues du tarif : 0,00 \u20ac \n \n Pour 2025, la fraction forfaitaire mensuelle s'\u00e9tablit \u00e0 414 510,32 \u20ac. Soit un prix de \njourn\u00e9e globalis\u00e9 de 265,75 \u20ac. \n  \nArticle 2 A compter du 1 er janvier 2026, en application de l'article L.314 -7 du CASF, les tarifs \nde reconduction sont fix\u00e9s, \u00e0 titre transitoire, \u00e0: \n \n \u2022 dotation globalis\u00e9e 2026: 4 974 123,86 \u20ac (douzi\u00e8me applicable s'\u00e9levant \u00e0 \n414 510,32 \u20ac) \n \u2022 prix de journ\u00e9e de reconduction de 265,75 \u20ac \n  \nArticle 3 Les recours contentieux dirig\u00e9s contre la pr\u00e9sente d\u00e9cision doivent \u00eatre port\u00e9s devant le \nTribunal Administratif sis 6 Rue du Haut Bourgeois 54035 NANCY dans un d\u00e9lai de \ndeux mois \u00e0 compter de sa publication ou, pour les personnes auxquelles elle sera \nnotifi\u00e9e, \u00e0 compter de sa notification. Le tribunal administratif peut \u00eatre saisi par \nl'application \u00ab T\u00e9l\u00e9recours citoyens \u00bb accessible par le site www.telerecours.fr. \n  \nArticle 4 La pr\u00e9sente d\u00e9cision sera publi\u00e9e au recueil des actes administratifs. \n \n \n \n3 \n \n \n \nArticle 5        La Directrice G\u00e9n\u00e9rale de l'ARS Grand Est est  charg\u00e9e de l'ex\u00e9cution de la pr\u00e9sente \nd\u00e9cision qui sera notifi\u00e9e \u00e0 l'entit\u00e9 gestionnaire CH DE LA HAUTE -MARNE \n(520780081) et \u00e0 l'\u00e9tablissement concern\u00e9. \n  \n \nFait \u00e0 Chaumont, le 11 juillet 2025            \n \n \nLe Directeur                       \n \n \n \n \n \n#signature# \n \nEsREPUBLIQUEFRANCAISELibert\u00e9 \u00a9 D Agence R\u00e9gionale de Sant\u00e9Lgatit\u00e9 Grand EstFratersit\u00e9\n1 \n \n \nDECISION TARIFAIRE N\u00b014957 PORTANT MODIFICATION DU FORFAIT GLOBAL DE \nSOINS POUR 2025 DE \nEHPAD FELIX GRELOT - 520780396 \n \n \nLa Directrice G\u00e9n\u00e9rale de l'ARS Grand Est  \n \nVU le Code de l'Action Sociale et des Familles ; \n  \nVU le Code de la S\u00e9curit\u00e9 Sociale ; \n  \nVU la loi n\u00b0 2025-199 du 28 f\u00e9vrier 2025 de financement de la S\u00e9curit\u00e9 Sociale pour 2025 publi\u00e9e \nau Journal Officiel du 28/02/2025 ; \n  \nVU l'arr\u00eat\u00e9 minist\u00e9riel du 02/06/2025 publi\u00e9 au Journal Officiel du 06/06/2025 pris en application \nde l'article L314 -3 du Code de l'Action Sociale et des Familles fixant, pour l'ann\u00e9e 2025 \nl'objectif global de d\u00e9penses d'assurance maladie et le montant total de d\u00e9penses pour les \n\u00e9tablissements et services relevant de la Caisse nationale de solidarit\u00e9 pour l'autonomie ; \n  \nVU la d\u00e9cision du 02/06/2025 publi\u00e9e au Journal Officiel du 06/06/2025  relative aux dotations \nr\u00e9gionales limitatives 2025 et \u00e0 la moyenne nationale des besoins en soins requis 2025 ; \n  \nVU l'arr\u00eat\u00e9 du 28/05/2025 fixant pour 2025  les valeurs du point mentionn\u00e9es \u00e0 l'article R.314 -\n162 du code de l'action sociale et des familles publi\u00e9 au Journal Officiel du 31/05/2025 ;  \n  \nVU l'arr\u00eat\u00e9 du 6 juin 2025 fixant le montant de la participation journali\u00e8re forfaitaire des r\u00e9sidents \naux d\u00e9penses d'entretien de l'autonomie dans les \u00e9tablissements relevant des I, II et IV bis de \nl'article L. 313-12 du code de l'action sociale et des familles implant\u00e9s dans les d\u00e9partements \nparticipant \u00e0 l'exp\u00e9rimentation mentionn\u00e9e \u00e0 l'article 79 de la loi n\u00b0 2023 -1250 du 26 \nd\u00e9cembre 2023 de financement de la s\u00e9curit\u00e9 sociale pour 2024, au titre de l'exercice 2025 ; \n \nVU le d\u00e9cret du 21 mai 2024 portant nomination de Madame RATIGNIER -CARBONNEIL \nChristelle en qualit\u00e9 de Directrice G\u00e9n\u00e9rale de l'agence r\u00e9gionale de sant\u00e9 Grand Est ; \n \n  \nVU la d\u00e9cision de d\u00e9l\u00e9gation de signature de la Directrice G\u00e9n\u00e9rale de l'ARS vers le Directeur de \nHAUTE-MARNE en date du 02/07/2025 ; \n \nVU l'autorisation ou le renouvellement d'autorisation en date du 03/01/2017 de la structure \nEtablissement d'h\u00e9bergement pour personnes \u00e2g\u00e9es d\u00e9pendantes d\u00e9nomm\u00e9e EHPAD FELIX \nGRELOT (520780396) sise 6 R FELIX GRELOT 52800 Nogent et g\u00e9r\u00e9e par l'entit\u00e9 \nd\u00e9nomm\u00e9e MAISON DE RETRAITE (520000126) ;  \n \n  \nConsid\u00e9rant la d\u00e9cision tarifaire initiale n\u00b0 10792 en date du 30 juin 2025 portant fixation du \nforfait global soins pour 2025 de la structure d\u00e9nomm\u00e9e EHPAD FELIX GRELOT -\n520780396 \n \n \n\n2 \n \n \nDECIDE \n \nArticle 1er A compter du 1er janvier 2025 , le montant \u00e0 la charge de la 5 \u00e8me branche est fix\u00e9 \u00e0 \n2 235 937,86 \u20ac au titre de 2025, dont 300 000,00 \u20ac de cr\u00e9dits non reconductibles vers\u00e9s \nen une seule fois. \n  \n La fraction forfaitaire mensuelle s'\u00e9tablit \u00e0 186 328,16 \u20ac. \n  \n Pour 2025, les tarifs sont d\u00e9compos\u00e9s comme suit : \n \n \nPartie soins du \nforfait global \nunique \nPartie entretien de \nl'autonomie du \nforfait global \nunique \nParticipation des \nr\u00e9sidents \u00e0 d\u00e9duire \nde la dotation \nglobalis\u00e9e \ncommune \nMontant \u00e0 la charge \nde la 5\u00e8me branche Tarif journalier \nH\u00e9bergement \nPermanent 1 973 836,68 \u20ac 220 180,28 \u20ac 69 620,10 \u20ac 2 124 396,86 \u20ac 93,00 \u20ac \nH\u00e9bergement \nTemporaire 32 901,00 \u20ac   32 901,00 \u20ac 299,10 \u20ac \nUHR 0,00 \u20ac   0,00 \u20ac  \nPASA 0,00   0,00 \u20ac  \nAccueil de Jour 78 640,00 \u20ac   78 640,00 \u20ac 68,98 \u20ac \nPlateforme de r\u00e9pit 0,00 \u20ac   0,00 \u20ac  \n \n \nArticle 2 A compter du 1er janvier 2026, en application de l'article L.314-7 du CASF, le montant \n\u00e0 la charge de la 5\u00e8me branche est fix\u00e9, \u00e0 titre transitoire, \u00e0 2 086 498,03 \u20ac. \n \n  \n Les tarifs de reconduction sont fix\u00e9s \u00e0 : \n \n Partie soins du forfait \nglobal unique  N+1 \nPartie entretien de \nl'autonomie du forfait \nglobal unique N+1 \nParticipation des \nr\u00e9sidents \u00e0 d\u00e9duire \nde la dotation \nglobalis\u00e9e commune \nMontant \u00e0 la charge \nde la 5\u00e8me branche \nN+1 \nTarif journalier \nN+1 \nH\u00e9bergement \nPermanent 1 673 836,68 \u20ac 440 360,55 \u20ac 139 240,20 \u20ac 1 974 957,03 \u20ac 86,46 \u20ac \nH\u00e9bergement \nTemporaire 32 901,00 \u20ac   32 901,00 \u20ac 299,10 \u20ac \nUHR 0,00 \u20ac   0,00 \u20ac  \nPASA 0,00 \u20ac   0,00 \u20ac  \nAccueil de \nJour 78 640,00 \u20ac   78 640,00 \u20ac 68,98 \u20ac \nPlateforme de \nr\u00e9pit 0,00 \u20ac   0,00 \u20ac  \n \n \n La fraction forfaitaire mensuelle s'\u00e9tablit \u00e0 173 874,84 \u20ac. \n  \nArticle 3 Les recours contentieux dirig\u00e9s contre la pr\u00e9sente d\u00e9cision doivent \u00eatre port\u00e9s devant le \nTribunal Administratif sis 6 Rue du Haut Bourgeois, 54035 NANCY dans un d\u00e9lai de \ndeux mois \u00e0 compter de sa publication ou, pour les personnes auxquelles elle sera \nnotifi\u00e9e, \u00e0 compter de sa notification. Le tribunal administratif peut \u00eatre saisi par \nl'application \u00ab T\u00e9l\u00e9recours citoyens \u00bb accessible par le site www.telerecours.fr. \n  \nArticle 4 La pr\u00e9sente d\u00e9cision sera publi\u00e9e au recueil des actes administratifs. \n  \nArticle 5        La Directrice G\u00e9n\u00e9rale de l'ARS Grand Est est charg\u00e9e de l'ex\u00e9cution de la pr\u00e9sente \nd\u00e9cision qui sera notifi\u00e9e \u00e0 l'entit\u00e9 gestionnaire MAISON DE RETRAITE (520000126) \net \u00e0 l'\u00e9tablissement concern\u00e9. \n3 \n \n \nFait \u00e0 CHAUMONT, le 15 juillet 2025                                  \n \nLe Directeur \n \n \n#signature# \n \n \n \n \nEsPREFET Vr rcDE LA HAUTE-MARNELien\u00e9 ASduitHaerit\u00e9 Grand Est\nARRETE N\u00b052-2025-07- 00091 DU 17 JUILLET 2025\nPORTANT REQUISITION DE PHARMACIENS TITULAIRES D'UNE OFFICINE DE PHARMACIEPOUR ASSURER LES SERVICES DE GARDE ET D'URGENCE\nLE PREFET DE LA HAUTE-MARNEChevalier de la L\u00e9gion d'HonneurOfficier de l'Ordre National du M\u00e9rite\nVU le Code de sant\u00e9 publique, et notamment les articles L. 5125-17, L. 5424-3 et R. 4235-\n49;\nVU le Code g\u00e9n\u00e9ral des collectivit\u00e9s territoriales, et notamment l'article L. 2215-1 ;\nVU la loi n\u00b082-213 du 2 mars 1982 modifi\u00e9e relative aux droits et libert\u00e9s des communes,\ndes d\u00e9partements et des r\u00e9gions et notamment son article 34 ;\nVU le d\u00e9cret n\u00b0 2004-374 du 29 avril 2004 modifi\u00e9 relatif aux pouvoirs des pr\u00e9fets, a\nl'organisation et \u00e0 l'action des services de |'Etat dans les r\u00e9gions et d\u00e9partements,\nnotamment son article 11;\nVU le d\u00e9cret n\u00b0 2010-336 du 31 mars 2010 portant cr\u00e9ation des agences r\u00e9gionales de sant\u00e9\nVU le d\u00e9cret du 13 juillet 2023 portant nomination de la pr\u00e9f\u00e8te du d\u00e9partement de la\nHaute-Marne - Mme R\u00e9gine PAM ;\nVU l'appel \u00e0 la gr\u00e8ve de la participation aux services de garde et d'urgence port\u00e9 par\nl'Union Syndicale des Pharmaciens d'Officine en date du 25 juin 2025 ;\nVU les mails des pharmaciens titulaires d'officine se d\u00e9clarant en gr\u00e8ve ;\nCONSIDERANT que l'article L.5125-17 du Code de la sant\u00e9 publique dispose que \u00ab Toutes les\nofficines de la zone (...) sont tenues de participer \u00e0 ces services de garde et d'urgence \u00bb ;\nCONSIDERANT que l'article R.4235-49 du Code de la sant\u00e9 publique dispose que \u00ab Les\npharmaciens sont tenus de participer aux services de garde et d'urgence (...)\u00bb et que \u00ab les\npharmaciens titulaires veillent \u00e0 ce que leur officine satisfasse aux obligations impos\u00e9es par ce\nservice \u00bb.\nCONSIDERANT que l'Union Syndicale des Pharmaciens d'Officine a lanc\u00e9 un appel \u00e0 cesser\nla participation aux services de garde et d'urgence \u00e0 compter du 1er juillet 2025, pour une\ndur\u00e9e illimit\u00e9e ;\nCONSIDERANT les plannings de garde transmis par les organisations repr\u00e9sentatives de la\nprofession en charge de l'organisation du service de garde et d'urgence des officines de\n\nEsPREFETDE LA HAUTE-MARNE ALCLibert\u00e9 a aaa aD\u00c9galit\u00e9Fraternit\u00e9 Grand Estpharmacie pour le d\u00e9partement de la Haute-Marne ;\nCONSIDERANT que 90% des pharmaciens titulaires d'une officine de pharmacie devant\nparticiper au service de garde et d'urgence sur la p\u00e9riode du 21 au 31 juillet 2025 se sont\nd\u00e9clar\u00e9s gr\u00e9vistes dans le d\u00e9partement de la Haute-Marne ;\nCONSIDERANT qu'un service de garde et d'urgence des pharmacies d'officines correspond\npar d\u00e9finition, \u00e0 la mise en \u0153uvre d'un service minimum permettant de r\u00e9pondre aux\ndemandes urgentes en dehors des jours et des heures d'ouverture g\u00e9n\u00e9ralement pratiqu\u00e9s\npar les officines de pharmacie ;\nCONSIDERANT que la cessation d'activit\u00e9 de ces officines, normalement en charge des\nservices de garde et d'urgence, en cette p\u00e9riode estivale pendant laquelle l'offre de soins est\nd\u00e9j\u00e0 par d\u00e9finition r\u00e9duite, remet en cause la permanence des soins dans son ensemble et\ncompromet, de ce fait, la s\u00e9curit\u00e9 sanitaire de la population du d\u00e9partement de la Haute-\nMarne ;\nCONSIDERANT que la situation sanitaire dans le d\u00e9partement de la Haute-Marne est\nmarqu\u00e9e par de fortes tensions pesant sur le syst\u00e8me hospitalier et qu'il est n\u00e9cessaire d\u00e8s\nlors d'\u00e9viter tout afflux suppl\u00e9mentaire de patients dans l'impossibilit\u00e9 d'acc\u00e9der aux\nm\u00e9dicaments n\u00e9cessaires, aupr\u00e8s de l'officine devant assurer le service de garde et\nd'urgence ;\nCONSIDERANT l'organisation des gardes par secteurs sur le d\u00e9partement de la Haute-Marne\npr\u00e9vue par la Chambre syndicale des pharmaciens de la Haute-Marne (FSPF 52);\nCONSIDERANT qu'au sein de certains secteurs de gardes toutes les pharmacies se sont\nd\u00e9clar\u00e9es gr\u00e9vistes ;\nCONSIDERANT que les pharmaciens dont les noms sont annex\u00e9s au pr\u00e9sent arr\u00eat\u00e9, figurent\nsur les plannings de gardes transmis et sont gr\u00e9vistes ;\nCONSIDERANT l'imp\u00e9rieuse n\u00e9cessit\u00e9 d'assurer la protection de la sant\u00e9 publique et la\ncontinuit\u00e9 de cette mission de service public ;\nCONSIDERANT que la situation rev\u00eat un caract\u00e8re d'urgence dans le d\u00e9partement de la\nHaute-Marne ;\nCONSIDERANT qu'il convient, d\u00e8s lors d'assurer la continuit\u00e9 et la permanence des soins\ndans le d\u00e9partement et dans l'int\u00e9r\u00eat de la population concern\u00e9e par le biais de la\nr\u00e9quisition ;\nCONSIDERANT l'impossibilit\u00e9 pour les pouvoirs publics, face au risque grave pour la sant\u00e9\npublique, d'assurer une permanence des soins par la mise en \u0153uvre de mesures moins\ncontraignantes ;\nSUR proposition de la directrice g\u00e9n\u00e9rale de l'Agence r\u00e9gionale de sant\u00e9 Grand Est ;\nARRETE\nArticle 1er - Les pharmaciens titulaires d'une officine de pharmacie dont les noms figurent\ndans le tableau annex\u00e9 au pr\u00e9sent arr\u00eat\u00e9 sont r\u00e9quisitionn\u00e9s aux dates et horaires pr\u00e9cis\u00e9s\nafin d'assurer les services de garde et d'urgence permettant d'assurer une permanence des\nsoins.\n\nPREFETDE LA HAUTE-MARNEEnd A rcArticle 2 - Les pharmaciens titulaires d'une pharmacie d'officine ainsi r\u00e9quisitionn\u00e9s sont \"wud\ncharg\u00e9s de l'ex\u00e9cution de cet arr\u00eat\u00e9, c'est-\u00e0-dire sont responsables de l'organisation de la\ncontinuit\u00e9 du fonctionnement de leur officine de pharmacie pendant la p\u00e9riode de\nr\u00e9quisition.\nArticle 3 - \u00c0 d\u00e9faut d'ex\u00e9cution du pr\u00e9sent arr\u00eat\u00e9 de r\u00e9quisition, il pourra \u00eatre proc\u00e9d\u00e9 \u00e0\nson ex\u00e9cution d'office. Toute personne requise n'ex\u00e9cutant pas cet ordre de r\u00e9quisition\ns'expose aux sanctions pr\u00e9vues \u00e0 l'article L. 2215-1 du code g\u00e9n\u00e9ral des collectivit\u00e9s\nterritoriales susvis\u00e9 ainsi qu'\u00e0 l'application d'une sanction financi\u00e8re en application des\ndispositions de l'article L. 5424-3 du Code de la sant\u00e9 publique.\nArticle 4 - Le Secr\u00e9taire G\u00e9n\u00e9ral et le Directeur de Cabinet de la Pr\u00e9fecture de la Haute-\nMarne, le Directeur Territorial de l'Agence R\u00e9gionale de Sant\u00e9 de la Haute-Marne, le\nDirecteur D\u00e9partemental de la Police Nationale, le Commandant du Groupement de\nGendarmerie D\u00e9partementale sont charg\u00e9s, chacun-en ce qui le concerne, de l'ex\u00e9cution du\npr\u00e9sent arr\u00eat\u00e9, qui sera publi\u00e9 au recueil des actes administratifs de la pr\u00e9fecture de la\nHaute-Marne et notifi\u00e9 aux pharmaciens titulaires d'une officine de pharmacie\nr\u00e9quisitionn\u00e9s.\nR e PAM\nLe pr\u00e9sent arr\u00eat\u00e9 peut faire l'objet d'un recours contentieux devant le tribunal administratif comp\u00e9tent\ndans un d\u00e9lai de deux mois \u00e0 compter de sa notification. La juridiction peut notamment \u00eatre saisie via\nune requ\u00eate remise ou envoy\u00e9e au greffe du tribunal administratif ou aussi par l'application \u00ab T\u00e9l\u00e9\nrecours citoyens \u00bb accessible \u00e0 partir du site www.telerecours.fr.\n\nASN3W-30-IVA oF ZSNNGU3A 301d ZLUSIZIG-LNIVS 00175anvulo vuaNa5 na annaav etSNIV@ $31 3NNOBYN OB 00926NiVdNG-LIO\u00a5337 aNNAAV cy\u00aen6UPOY N3WYEN NIMNVLIN Hold LON3HOY O4 SW inno 109 ANJAVISWUN0 uaizio-inivs oo1zsssnamagiva ovizs iwysia uv503 3 NSAY oF Mono LNonnvHo 00086S108 LU3A NQ319VNAYHd 3ndianday v1aa 2NN3Av \u20ac useuss | sz0zssmnfocipesssowAM OI\u00c9STE NAN Way Hd SUNUSIEA NNYNYUIH OWN, CE alow Ney is 3408 13,130 3IDVWeVHGnGUPON NSWYEN NAXNVL UN no HoUSg NNY NSH AN ureiv 1304098 4W ea Gicerasnan-ao-wva ovizs ur. sauonvr oozes LNownvHo 00088ungwan SG da 21 aauuad-vriunoowvilae 00425 Lonaara sy cr anv ZM OLOIR ANS 14 Be einen RENE RR LE PaAnoisova no siovmav iid Emo | argavilovisasiovmuvnd | aunissisua Visa nov nuvHeonsuped NS WYN nN IM jS3u29\u00a50 S20 IOV Wav A HSM ONNES eut (ein GUYANE LNSENVT sunNAGNIA 39 ta eb anvuisweansonaznnanves| \u2014 sinngiviaszoaovid s i iANOISSVS NG SIOWWEWHd SLOPY S30 3IOVWYVHd UIV.138 SIOVWYVHd HES: SEOEISUIM| ez ipun)2nBUPOY NS WEN NSXNWLIW 81014 LOY3HOYOd S WW ONONHA-HNVY NYUL-LITIO SUN= uaizio-inivs ooszs savonva oozesnas rene uaa na auvo vi ozzes INVSIL AVE Ga AN N3AY en aNNaunl SaNany zyANOISSVE NG HOYNUVHd A opieiouepeseid LL SIO8 LH3A NG 3I9Y NUVHd $3HONO S30 319VNUVHd 46 e46L SZOZelinf Lz euouewipenBiupou N3WVPN NHNYL IN #30 ng 319VNUVHS eunueleA NNYWYUZH 9 WIN SousineT auyoig usieusstueodotaivno un seiadeeMneMieuan' | sconce tees taeunSat eau wy oozessenanagiva ovizs uaa nosiuoa va ozzes annaunusnnany crA 2PIS1QUI Op eoeId LE S3HONOS3GZIOVWEVHd 46 8 46L of szipowesJhuoiseva na AUS waa nosiovmuyte 7 ouvorsPSI vers STUANIOP 00\u20ac2S UalziG LNIvVR OoLes S3YONV1 0077S LNOWNWHO 00076NAGUSASG tHy/Ch, SNIVYNO130 3NN3AV 9 IN\u00a5ald V2. 08 SO NAAN ES LOU3GIQ 39v1d + AYZONOHA TY AAITANY BE$3 18318 30 319VNUVHd S108 183A NG 319VWYVHd = 46 UGE S707 denM SZ IPespuEnsayin vigosiovmuvid ZLUVANDS OV NV is 2 319V nuviUPS S SIOON Vad eouesol4 xnaunad 9 WW PSM un ISO N-UE0r ZLHVAHOS IW. H8IEA TEHONH SUNSri ones INYVWUNSLHNOIBHOVE OLLZS LOTUS 1AVA 00625 LAGRANHONOOZSunauaasaaneot ng 1unoosHo ova says 052 anoonenase$318318 30 319VWUVHd V13G3NN3AY OS/er uerusr SzOzenminirzipnefLonve naslov Ha aivuseo.1 sown Hdourpiese\u00ae S10 SNVUA D LR ons HANIVAYO NQ 319VNEVHAd9315318 ovees usizio-unive does Agouge-nvaowor oszes moeNNaYA ad ang 01 antiantor o0ces annees | Mesemenenene Mon ANUs on318318 30 319VWUVHd SNSYW V1 SC SNNBAY pe 3NON 130 319VNUVHd NW39NO0130 3/9VNEVHd 138N09-31VHLNSO H10VWUVHd ue eu6E STOZ s9NI ML Cz Pesoseulpies95 SIOSNVES ANUVW V130 319V MEVHd MIE Noone Sun silks WaU na ooNASA ad an oi inysiguvaaa sn Naa oF sive vigaaovie | UES31S318 30 319VWUVHd SIO8 LSA NG 319VWUYHd elenuew wa BUNLO3434d V130 310VNUV Hd 46 UGE szozsenin{ zz ipseweulpies99 610 SNVHA SURUSIEA NNVNBYIH own \u00a53IOUS WW NIONONIY WW SIA ONY MRE NA AUSSe (bale ses ANUVYW ENS LYUNOOZHOWE OLEZS UBIZIG-LNIVS OOLZS AD OUAENYSONOT resMOSNAASA AND Ot. 3HO\u00ebNvV AN L 3n01M8Nd3\u00f9 v130 3NN3AY EFL SUNS O SHOUTS PP CIES318318 30 319YWUVHd LOAVr NG 319VWYvVHA SNON V130 310VNUVHA NY39N 0713 319VNYVHd \"ee ueL SZOzse1NIAL LzIpunrSUPER \u00a9 SID ONVES 2119p 914 AMA WIN, sulle 9018 SUN RS entsun no view SAN NIVL aw dune SUV IIHONOG sun1n3o0n ASSvM /SUANIOF uaiziainivs aNuy wainyw ans inowavno ES nesunaioasSANNOILISINDAY SIOVWYVHd JG ANIDISIO INN.G SAYIVINLIL SNIIOVWYWHd $37 LNVLSIT IXINNV\nsndpoINYVW-LNVH V7 3\u20ac1343e\n\nCe Chie Ce. Ce, DECISION N\u00b0 43/2025HR  OMWLE EAU DIRECTIONS DELEGUEESPORTANT DELEGATION\nCie. Er \"PAD Cie Che Cie DE SIGNATURE\nTHAEBLEMONT a\nSANAAHIEL FRANCOIS\nVU le code de la sant\u00e9 publique notamment dans les articles L.6143-7 et D.6143-33 \u00e0 D.61443-36,\nVU la loi n\u00b02009-879 du 21 juillet 2009 portant r\u00e9forme de I'h\u00e9pital et relative aux patients \u00e0 la sant\u00e9 et aux territoires,\nVU le d\u00e9cret n\u00b02009-1765 du 30 d\u00e9cembre 2009 relatif au directeur et aux membres du directoire des \u00e9tablissements\npublics de sant\u00e9,\nVU le d\u00e9cret 2005-921 du 2 ao\u00fbt 2005 portant statut particulier des grades et emplois des personnels de direction des\u00e9tablissements mentionn\u00e9s \u00e0 l'article 2 (1\u00b0,2\u00b0,3\u00b0) de la loi n\u00b086-33 du 9 janvier 1986 modifi\u00e9e portant dispositions\nstatutaires relatives \u00e0 la fonction publique hospitali\u00e8re,\nVU le d\u00e9cret 2000-232 du 13 mars 2000 portant statut particulier du corps de directeur d'h\u00f4pital,\nVU la convention de direction commune,\nVU l'arr\u00eat\u00e9 du Centre National de Gestion en date du 28 juillet 2022 nommant Monsieur J\u00e9r\u00f4me GOEMINNE en qualit\u00e9 dedirecteur de la direction commune des centres hospitaliers de Bar le Duc Fains-Veel, de Haute-Marne, de Joinville, de Montieren Der, de Saint Dizier, Verdun Saint-Mihiel, de Vitry le Fran\u00e7ois, de Wassy, et de l'EHPAD de Thi\u00e9blemont-Faremont,\nVU la d\u00e9cision n \u00b0 35-2021 d\u00e9finissant l'organisation de la direction commune et organigramme de direction,\nLe Directeur de la direction commune des centres hospitaliers de Bar le Duc Fains-Veel, de Haute-Marne, de Joinville, deMontier en Der, de Saint Dizier, Verdun Saint-Mihiel, de Vitry le Fran\u00e7ois, de Wassy, et de l'EHPAD de Thi\u00e9blemont-Faremont,\nDECIDE\nArticle 1- Directions d\u00e9l\u00e9gu\u00e9es\n1.1 D\u00e9l\u00e9gation est donn\u00e9e \u00e0 Madame Claudie KLEIN, directrice d\u00e9l\u00e9gu\u00e9e par interim du centre hospitalier deSaint-Dizier pour signer pi\u00e8ces et correspondance pour assurer la gestion du centre hospitalier de Saint-Dizier\n1,2 D\u00e9l\u00e9gation est donn\u00e9e \u00e0 Madame Alexandra WIKTOR, directrice d\u00e9l\u00e9gu\u00e9e par interim du centre hospitalierde la Haute Marne pour signer pi\u00e8ces et correspondance pour assurer la gestion du centre hospitalier de la\nHaute Marne\n1.3 En cas d'absence de Madame Claudie KLEIN, d\u00e9l\u00e9gation est donn\u00e9e \u00e0 Monsieur Arnaud MONGEVILLE, en casd'absence de Monsieur Arnaud MONGEVILLE, d\u00e9l\u00e9gation est donn\u00e9e \u00e0 Madame Alexandra WIKTOR\n\n1.4 En cas d'absence de Madame Alexandra WIKTOR, d\u00e9l\u00e9gation est donn\u00e9e \u00e0 Monsieur Arnaud MONGEVILLE,en cas d'absence de Monsieur Arnaud MONGEVILLE, d\u00e9l\u00e9gation est donn\u00e9e \u00e0 Madame Claudie KLEIN.\nArticle 2 ]\nCette d\u00e9l\u00e9gation s'exerce dans la limite des cr\u00e9dits r\u00e9guli\u00e8rement ouverts \u00e0 l'EPRD et des D\u00e9cisions Modificatives\napprouv\u00e9es.\nArticle 3\nLe d\u00e9l\u00e9gataire n'est pas autoris\u00e9 \u00e0 subd\u00e9l\u00e9guer sa signature.\nArticle 4 - Date d'effet\nLa pr\u00e9sente d\u00e9cision prend effet \u00e0 compter du 24 juin 2025.\nArticle 5 - Publication |\nLa pr\u00e9sente d\u00e9l\u00e9gation sera publi\u00e9e au recueil des actes administratif des d\u00e9partements de la Meuse, de la Marneet de la Haute marne et port\u00e9e \u00e0 la connaissance du Receveur de l'Etablissement et de l'ensemble des int\u00e9ress\u00e9s.\nA Verdun, le 24 juin 2025\nLe Directeur G\u00e9n\u00e9ral dy/GHT C\u0153ur Grand Est\n\nLA PRESIDENTE DU TRIBUNAL ADMINISTRATIF\nVU le code de justice administrative ;\nVU le code g\u00e9n\u00e9ral de la fonction publique ;\nVU le d\u00e9cret n\u00b0 89-677 du 18 septembre 1989 modifi\u00e9 relatif 4 la proc\u00e9dure disciplinaireapplicable aux fonctionnaires territoriaux ;\nVU le d\u00e9cret n\u00b0 2016-1858 du 23 d\u00e9cembre 2016 relatif aux commissions consultatives paritaireset aux conseils de discipline de recours des agents contractuels de la fonction publiqueterritoriale ;\nDECIDE :\nArticle 1\u00b0: Sont d\u00e9sign\u00e9s en qualit\u00e9 de titulaires dans les fonctions de pr\u00e9sident du conseil dediscipline de la fonction publique territoriale dans le ressort du tribunal administratif de Chdlons-en-Champagne :\n- M. le vice-pr\u00e9sident Antoine DESCHAMPS (Mame) \u00e0 compter du 15 juillet 2025- M. le premier conseilier Vincent TORRENTE (Haute-Marne) \u00e0 compter du 1\u00b0 septembre 2025- M. le premier conseiller Pierre-Henri MALEYRE (Aube) \u00e0 compter du 1* septembre 2025- Mme la premi\u00e8re conseill\u00e8re St\u00e9phanie LAMBING (Ardennes) \u00e0 compter du 1 septembre 2025\nSont d\u00e9sign\u00e9s en qualit\u00e9 de suppl\u00e9ants :- Mme la pr\u00e9sidente Sylvie MEGRET et M. le conseiller Florian PAGGI (Marne) \u00e0 compter du 15juillet 2025- M. le pr\u00e9sident assesseur Marc AGNEL et M. le conseiller Romain RIFFLARD (Haute-Marne)\u00e0 compter du 1\u00b0 septembre 2025- Mme la premi\u00e8re conseill\u00e8re B\u00e9n\u00e9dicte ALIBERT et M. le conseiller Oscar ALVAREZ (Aube)\u00e0 compter du 1* septembre 2025- M. le pr\u00e9sident Beno\u00eet BRIQUET et M. le premier conseiller Fabrice AMELOT (Ardennes) \u00e0compter du 1% septembre 2025\nArticle 2: La pr\u00e9sente d\u00e9cision sera notifi\u00e9e par les soins du greffier en chef du Tribunaladministratif de Ch\u00e2lons-en-Champagne aux centres de gestion de la fonction publique territorialede la Marne, de FAube, des Ardennes et de la Haute-Marne, ainsi qu'aux collectivit\u00e9s de cesd\u00e9partements non affili\u00e9es \u00e0 ces centres de gestion.\nCopie de la pr\u00e9sente d\u00e9cision sera transmise au pr\u00e9fet de la Marne, \u00e0 la pr\u00e9f\u00e8te de l'Aube, aupr\u00e9fet des Ardennes et \u00e0 la pr\u00e9f\u00e8te de la Haute-Marne, aux fins de publication dans le recueil desactes administratifs de la pr\u00e9fecture de chacun de ces d\u00e9partements.\nFait \u00e0 Ch\u00e2lons-en-Champagne le 09/07/2025","date":"2025-07-18","first_seen_on":"2025-07-18T16:25:37+00:00","id":"c633021719ec631f7788ecfa6feafd9c532d3b333d843a79cd08e65966c611b3","name":"RAA n\u00b059 du 18-07-25","pdf_creation_date":null,"pdf_modification_date":"2025-07-18T15:38:42+00:00","timezone":"Europe/Paris","url":"https://www.haute-marne.gouv.fr/contenu/telechargement/27481/210975/file/RAA%20n%C2%B059%20du%2018-07-25.pdf"}
