{"administration":"prefidf","administration_name":"Pr\u00e9fecture de la r\u00e9gion \u00cele-de-France","content":"PREFECTURE\nREGION ILE DE\nFRANCE\nRECUEIL DES ACTES\nADMINISTRATIFS SP\u00c9CIAL\nN\u00b0IDF-016-2025-07\nPUBLI\u00c9 LE  8 JUILLET 2025\nSommaire\nAgence R\u00e9gionale de Sant\u00e9 /\nIDF-2025-07-03-00021 - Arr\u00eat\u00e9 n\u00b02025-196 portant autorisation de\ntransformation de 10 places d'h\u00e9bergement                       temporaire\nen 10 places d'h\u00e9bergement permanent au b\u00e9n\u00e9fice de\nl'\u00e9tablissement d'h\u00e9bergement pour personnes \u00e2g\u00e9es\nd\u00e9pendantes (EHPAD) public \u00ab La Pie Voleuse \u00bb                sis 1, avenue\nde la R\u00e9publique \u00e0 Palaiseau (91 120)  (3 pages) Page 3\nRectorat de la r\u00e9gion acad\u00e9mique d'Ile-de-France, rectorat de\nl'acad\u00e9mie de Paris /\nIDF-2025-07-03-00022 - Arr\u00eat\u00e9 n\u00b0 2025-084-RRA portant agr\u00e9ment au\ntitre de la Jeunesse et de l'\u00c9ducation Populaire pour l'association ECOLE\nDU CIRQUE ELECTRIQUE - SDJES de Paris  (2 pages) Page 7\nIDF-2025-07-03-00023 - Arr\u00eat\u00e9 n\u00b0 2025-085-RRA portant\nreconnaissance du tronc commun d'agr\u00e9ment d'une association\nECOLE DU CIRQUE ELECTRIQUE - SDJES de Paris (2 pages) Page 10\nIDF-2025-07-03-00024 - Arr\u00eat\u00e9 n\u00b02025-086-RRA portant agr\u00e9ment au\ntitre de la Jeunesse et de l'\u00c9ducation Populaire pour l'association LEHAIM\nHANDICAP - SDJES de Paris  (2 pages) Page 13\nIDF-2025-07-03-00025 - Arr\u00eat\u00e9 n\u00b02025-087-RRA portant\nreconnaissance du tronc commun d'agr\u00e9ment d'une association\nLEHAIM HANDICAP - SDJES de Paris (2 pages) Page 16\nIDF-2025-07-03-00026 - Arr\u00eat\u00e9 n\u00b02025-088-RRA portant agr\u00e9ment au\ntitre de la Jeunesse et de l'\u00c9ducation Populaire pour l'association LA\nFABRIQUE DE LA DANSE - SDJES de Paris  (2 pages) Page 19\nIDF-2025-07-03-00027 - Arr\u00eat\u00e9 n\u00b02025-089-RRA portant\nreconnaissance du tronc commun d'agr\u00e9ment d'une association LA\nFABRIQUE DE LA DANSE - SDJES de Paris (2 pages) Page 22\n2\nAgence R\u00e9gionale de Sant\u00e9\nIDF-2025-07-03-00021\nArr\u00eat\u00e9 n\u00b02025-196 portant autorisation de\ntransformation de 10 places d'h\u00e9bergement         \n             temporaire en 10 places d'h\u00e9bergement\npermanent au b\u00e9n\u00e9fice de l'\u00e9tablissement\nd'h\u00e9bergement pour personnes \u00e2g\u00e9es\nd\u00e9pendantes (EHPAD) public \u00ab La Pie Voleuse \u00bb    \n           sis 1, avenue de la R\u00e9publique \u00e0 Palaiseau\n(91 120) \nAgence R\u00e9gionale de Sant\u00e9 - IDF-2025-07-03-00021 - Arr\u00eat\u00e9 n\u00b02025-196 portant autorisation de transformation de 10 places\nd'h\u00e9bergement                       temporaire en 10 places d'h\u00e9bergement permanent au b\u00e9n\u00e9fice de l'\u00e9tablissement d'h\u00e9bergement pour\npersonnes \u00e2g\u00e9es d\u00e9pendantes (EHPAD) public \u00ab La Pie Voleuse \u00bb                sis 1, avenue de la R\u00e9publique \u00e0 Palaiseau (91 120) \n3\nEx W7,REPUBLIQUE 2 r Esson n\\\u00c7\\\u00eeFRAN\u00c7AISE @ } Agence R\u00e9gionale de Sant\u00e9 TERRE D'AVENIRSLibert\u00e9 \u00cele-de-FranceEgalit\u00e9Fraternit\u00e9\n                        \n                                                                                           \n \n \n \n \n \n \n \n \nARR\u00caT\u00c9 N\u00b0 2025 \u2013 196  \n \nportant autorisation de transformation de 10 places d'h\u00e9bergement                       \ntemporaire en 10 places d'h\u00e9bergement permanent au b\u00e9n\u00e9fice de l'\u00e9tablissement \nd'h\u00e9bergement pour personnes \u00e2g\u00e9es d\u00e9pendantes (EHPAD) public \u00ab La Pie Voleuse \u00bb                \nsis 1, avenue de la R\u00e9publique \u00e0 Palaiseau (91 120)  \n \n     \nLE DIRECTEUR G\u00c9N\u00c9RAL DE L'AGENCE R\u00c9GIONALE DE SANT\u00c9 \u00ceLE-DE-FRANCE \n \nLE PR\u00c9SIDENT DU CONSEIL D\u00c9PARTEMENTAL DE L'ESSONNE \n \n \n \nVU le code de l'action sociale et des familles et notamment les articles L.312-1, L.313-1,                 \nL.314-3 et suivants ; \n \nVU le code g\u00e9n\u00e9ral des collectivit\u00e9s territoriales ; \n \nVU le d\u00e9cret du 10 avril 2024 portant nomination de Monsieur Denis ROBIN, Directeur g\u00e9n\u00e9ral \nde l'Agence r\u00e9gionale de sant\u00e9 \u00cele-de-France \u00e0 compter du 29 avril 2024 ; \n \nVU l'arr\u00eat\u00e9 DS N\u00b0115/2024 du 25 septembre 2024 portant d\u00e9l\u00e9gation de signature \u00e0 Madame \nSt\u00e9phanie TALBOT, Directrice de l'autonomie ; \n \nVU l'arr\u00eat\u00e9 n\u00b0 DIRNOV -2023/08 du 26 octobre 2023 de la Directrice g\u00e9n\u00e9rale de l'Agence \nr\u00e9gionale de sant\u00e9 \u00cele -de-France portant modification du cadre d'orientation strat\u00e9gique \n2018-2028 du projet r\u00e9gional de sant\u00e9 \u00cele-de-France ; \n \nVU l'arr\u00eat\u00e9 n\u00b0 DIRNOV -2023/09 du 26 octobre 2023 de la Directrice g\u00e9n\u00e9rale de l'Agence \nr\u00e9gionale de sant\u00e9 \u00cele -de-France portant adoption du sch\u00e9ma r\u00e9gional de sant\u00e9 2023 -\n2028 du projet r\u00e9gional de sant\u00e9 \u00cele-de-France ; \n \nVU l'arr\u00eat\u00e9 n\u00b0 2023-162 de la Directrice g\u00e9n\u00e9rale de l'Agence r\u00e9gionale de sant\u00e9 \u00cele-de-France \ndu 19 juin 2023 \u00e9tablissant le programme interd\u00e9partemental d'accompagnement des \nhandicaps et de la perte d'autonomie (PRIAC) 2022-2026 pour la r\u00e9gion \u00cele-de-France ; \n \nVU la publication de l'avis d'appel \u00e0 manifestation d'int\u00e9r\u00eat (AMI) \u00ab Des solutions innovantes \npour faire face au d\u00e9fi du grand \u00e2ge  \u00bb organis\u00e9 par l'ARS Ile -de-France et les Conseils \nd\u00e9partementaux dans le champ des personnes \u00e2g\u00e9es en date du 31 octobre 2019, et son \ncahier des charges ; \n \n \nVU le projet d\u00e9pos\u00e9 par l'EHPAD public autonome \u00ab La Pie Voleuse  \u00bb sis 1, avenue de la \nR\u00e9publique \u00e0 Palaiseau (91  120), consistant \u00e0  exploiter 10 places d'h\u00e9bergement \ntemporaire en sortie d'hospitalisation et 3 places d'accueil s\u00e9quentiel, par transformation de \n13 places d'h\u00e9bergement permanent; \n \nVU l'avis de classement de l'a ppel \u00e0 manifestation d'int\u00e9r\u00eat en date du 26 novembre 2021 , \nretenant notamment le projet susvis\u00e9 ; \n \n \nAgence R\u00e9gionale de Sant\u00e9 - IDF-2025-07-03-00021 - Arr\u00eat\u00e9 n\u00b02025-196 portant autorisation de transformation de 10 places\nd'h\u00e9bergement                       temporaire en 10 places d'h\u00e9bergement permanent au b\u00e9n\u00e9fice de l'\u00e9tablissement d'h\u00e9bergement pour\npersonnes \u00e2g\u00e9es d\u00e9pendantes (EHPAD) public \u00ab La Pie Voleuse \u00bb                sis 1, avenue de la R\u00e9publique \u00e0 Palaiseau (91 120) \n4\n \n \n \n \n \nVU l'arr\u00eat\u00e9 n\u00b0 2022-189 en date du 18 novembre 2022, portant autorisation de transformation \nde 13 places d'h\u00e9bergement permanent en 13 places d'h\u00e9bergement temporaire au \nb\u00e9n\u00e9fice de l'EHPAD public \u00ab  La Pie Voleuse  \u00bb sis 1, avenue de la R\u00e9publique \u00e0 \nPalaiseau (91120) ; \n \nVU l'avenant n\u00b0 2 \u00e0 la convention pluriannuelle de financement relative \u00e0 la structuration du \ndispositif d'H\u00e9bergement Temporaire en Sortie d'Hospitalisation  (HTSH) entre l'Agence \nr\u00e9gionale de sant\u00e9 \u00cele-de-France et l'EHPAD \u00ab La Pie Voleuse \u00bb ayant pour objet de mettre \nun terme d\u00e9finitif \u00e0 la structuration du dispositif d'H\u00e9bergement Temporaire en Sortie \nd'Hospitalisation (HTSH) au 31 d\u00e9cembre 2024 ; \n \n \nCONSID\u00c9RANT le souhait  du gestionnaire de renoncer \u00e0 l'exploitation des 10 places \nd'h\u00e9bergement temporaire d\u00e9di\u00e9e s \u00e0 l'HTSH et de revenir \u00e0 la capacit\u00e9 \nautoris\u00e9e avant le d\u00e9ploiement du dispositif HTSH ; \n \nCONSID\u00c9RANT que ce souhait a trouv\u00e9 sa premi\u00e8re concr\u00e9tisation par l'avenant n\u00b02 susvis\u00e9 \nconclu entre l'ARS et le SEGAH et qu'il convient d'autoriser cet EHPAD \u00e0 \nretrouver sa capacit\u00e9 initiale au dispositif d'HTSH par  la transformation de \n10 places d'h\u00e9bergement temporaire en 10 places \nd'h\u00e9bergement permanent au sein de l'EHPAD public \u00ab La Pie Voleuse \u00bb \u00e0 \ncompter du 1er janvier 2025 ; \n \nCONSID\u00c9RANT  que le projet satisfait aux r\u00e8gles d'organisation et de fonctionnement pr\u00e9vues \npar le code de l'action sociale et des familles ; \n \n  \nARR\u00caTENT \n \nARTICLE 1er : L'autorisation de transformation de 10 places d'h\u00e9bergement temporaire en 10 places \nd'h\u00e9bergement permanent est accord\u00e9e \u00e0 l'EHPAD \u00ab La Pie Voleuse \u00bb sis 1, avenue \nde la R\u00e9publique \u00e0 Palaiseau (91 120). \nARTICLE 2e :  La capacit\u00e9 totale de l'EHPAD \u00ab  La Pie Voleuse  \u00bb est fix\u00e9e \u00e0 87 places r\u00e9parties \ncomme suit : \n \n- 78 places d'h\u00e9bergement permanent dont un P\u00f4le d'Activit\u00e9s et de Soins Adapt\u00e9s \n(PASA) de 14 places \n-  3 places d'h\u00e9bergement temporaire   \n-  6 places d'accueil de jour. \n \nARTICLE 3e :  L'EHPAD \u00ab La Pie Voleuse  \u00bb est r\u00e9pertori\u00e9 dans le Fichier National des \nEtablissements Sanitaires et Sociaux (FINESS) de la fa\u00e7on suivante : \n \n\u2022 Entit\u00e9 Gestionnaire : N\u00b0 FINESS : 91 000 073 6 \n \nCode statut : [21] Etablissement Social et M\u00e9dico-social Communal   \n \n\u2022 Entit\u00e9 Etablissement : N\u00b0 FINESS : 91 070 029 3    \n \nCode cat\u00e9gorie :  [500] EHPAD \n \nCode discipline :   [924] Accueil pour Personnes \u00c2g\u00e9es \nCode fonctionnement :     [11] H\u00e9bergement Complet Internat \nCode client\u00e8le :   [711] Personnes \u00c2g\u00e9es d\u00e9pendantes \n \nAgence R\u00e9gionale de Sant\u00e9 - IDF-2025-07-03-00021 - Arr\u00eat\u00e9 n\u00b02025-196 portant autorisation de transformation de 10 places\nd'h\u00e9bergement                       temporaire en 10 places d'h\u00e9bergement permanent au b\u00e9n\u00e9fice de l'\u00e9tablissement d'h\u00e9bergement pour\npersonnes \u00e2g\u00e9es d\u00e9pendantes (EHPAD) public \u00ab La Pie Voleuse \u00bb                sis 1, avenue de la R\u00e9publique \u00e0 Palaiseau (91 120) \n5\nsigr\"\u00e95i9n\u00e9\nCode discipline :   [657] Accueil temporaire pour Personnes \u00c2g\u00e9es \nCode fonctionnement :     [11] H\u00e9bergement Complet Internat \nCode client\u00e8le :   [711] Personnes \u00c2g\u00e9es d\u00e9pendantes \n  \nCode discipline :   [924] Accueil pour Personnes \u00c2g\u00e9es \nCode fonctionnement :     [21] Accueil de Jour \nCode client\u00e8le :   [436] Personnes Alzheimer ou maladies apparent\u00e9es \n \nCode discipline :   [961] P\u00f4le d'Activit\u00e9s et de Soins adapt\u00e9s (PASA) \nCode fonctionnement :     [21] Accueil de Jour \nCode client\u00e8le :   [436] Personnes Alzheimer ou maladies apparent\u00e9es \n \nARTICLE 4e :  L'\u00e9tablissement est habilit\u00e9 \u00e0 recevoir des b\u00e9n\u00e9ficiaires de l'aide sociale pour la \ntotalit\u00e9 de sa capacit\u00e9. \n \nARTICLE 5e : Le pr\u00e9sent arr\u00eat\u00e9 est sans effet concernant la dur\u00e9e d'autorisation accord\u00e9e \u00e0 \nl'\u00e9tablissement pour 15 ans \u00e0 compter de sa date de cr\u00e9ation ou de renouvellement \nd'autorisation conform\u00e9ment aux conditions pr\u00e9vues aux articles L.312 -8 et L.313-5 \ndu code de l'action sociale et des familles. \n \nARTICLE 6e :   Tout changement important dans l'activit\u00e9, l'installation, l'organisation, la direction ou \nle fonctionnement de l'\u00e9tablissement ou du service doit \u00eatre port\u00e9 \u00e0 la connaissance \nde l'autorit\u00e9 comp\u00e9tente. \n \nARTICLE 7e :  Un recours contre le pr\u00e9sent arr\u00eat\u00e9 peut \u00eatre form\u00e9 devant le tribunal administratif \ncomp\u00e9tent dans un d\u00e9lai de deux mois \u00e0 compter de sa notification ou, pour les tiers, \n\u00e0 compter de sa publication.  \n \nARTICLE 8e :   Le Directeur de la d\u00e9l\u00e9gation d\u00e9partementale de l'Essonne de l'Agence r\u00e9gionale de \nsant\u00e9 \u00ce le-de-France et le Pr\u00e9sident du Conseil d\u00e9partemental de l'Essonne sont \ncharg\u00e9s, chacun en ce qui le concerne,  de l'ex\u00e9cution du pr\u00e9sent arr\u00eat\u00e9  qui sera \npubli\u00e9 au recueil des acte s administratifs de la R\u00e9gion \u00cele-de-France et sur le site \ninternet du D\u00e9partement de l'Essonne. \n \n \n                                                                         Fait \u00e0 Evry-Courcouronnes, le 03/07/2025 \n \n \nPour la Directrice g\u00e9n\u00e9rale \nde l'Agence r\u00e9gionale de sant\u00e9 \n\u00cele-de-France et par d\u00e9l\u00e9gation, \n  \nSt\u00e9phanie TALBOT \nDirectrice de l'autonomie \nLe Pr\u00e9sident du Conseil d\u00e9partemental \nde l'Essonne       \n \n \nFran\u00e7ois DUROVRAY \n \n \n \n \n \n \n \n \n \nAgence R\u00e9gionale de Sant\u00e9 - IDF-2025-07-03-00021 - Arr\u00eat\u00e9 n\u00b02025-196 portant autorisation de transformation de 10 places\nd'h\u00e9bergement                       temporaire en 10 places d'h\u00e9bergement permanent au b\u00e9n\u00e9fice de l'\u00e9tablissement d'h\u00e9bergement pour\npersonnes \u00e2g\u00e9es d\u00e9pendantes (EHPAD) public \u00ab La Pie Voleuse \u00bb                sis 1, avenue de la R\u00e9publique \u00e0 Palaiseau (91 120) \n6\nRectorat de la r\u00e9gion acad\u00e9mique\nd'Ile-de-France, rectorat de l'acad\u00e9mie de Paris\nIDF-2025-07-03-00022\nArr\u00eat\u00e9 n\u00b0 2025-084-RRA portant agr\u00e9ment au\ntitre de la Jeunesse et de l'\u00c9ducation Populaire\npour l'association ECOLE DU CIRQUE\nELECTRIQUE - SDJES de Paris \nRectorat de la r\u00e9gion acad\u00e9mique d'Ile-de-France, rectorat de l'acad\u00e9mie de Paris - IDF-2025-07-03-00022 - Arr\u00eat\u00e9 n\u00b0 2025-084-RRA\nportant agr\u00e9ment au titre de la Jeunesse et de l'\u00c9ducation Populaire pour l'association ECOLE DU CIRQUE ELECTRIQUE - SDJES de Paris 7\nREGION ACADEMIQUE\u00ceLE-DE-FRANCELibert\u00e9\u00c9galit\u00e9Fraternit\u00e9\n  \n \nService d\u00e9partemental \u00e0 la jeunesse,  \n\u00e0 l'engagement et aux sports de Paris  \n \n \n \n \nService D\u00e9partemental \u00e0 la Jeunesse, \u00e0 l'Engagement et aux Sports de Paris  \n6/8 rue Eug\u00e8ne Oudin\u00e9 \u2013 CS 81360 - 75634 PARIS CEDEX 13 \n \n \n \n \nARR\u00caT\u00c9 N\u00b02025-084-RRA  \nportant agr\u00e9ment au titre de la Jeunesse et de l'\u00c9ducation Populaire \n \nLA RECTRICE DE LA R\u00c9GION ACAD\u00c9MIQUE \u00ceLE-DE-FRANCE \nRECTRICE DE PARIS \nCHANCELIERE DES UNIVERSIT\u00c9S DE PARIS  \nET D'\u00ceLE-DE-FRANCE  \n \nVu la loi n\u00b0 2001-624 du 17 juillet 2001 portant diverses dispositions d'ordre social, \u00e9ducatif et culturel et notamment \nson article 8 ;  \nVu le d\u00e9cret n\u00b0 2002-571 du 22 avril 2002 pris pour l'application du premier alin\u00e9a de l'article 8 de la loi n\u00b0 2001-624 \net relatif \u00e0 l'agr\u00e9ment des associations de jeunesse et d'\u00e9ducation populaire ;  \nVu le d\u00e9cret n\u00b0 2019-838 du 19 ao\u00fbt 2019 portant diverses mesures de simplification pour le minist\u00e8re de l'\u00e9ducation \nnationale et de la jeunesse ; \nVu le d\u00e9cret du Pr\u00e9sident de la R\u00e9publique du 12 mars 2025 nommant Mme Julie BENETTI, rectrice de la r\u00e9gion \nacad\u00e9mique \u00cele-de-France, rectrice de l'acad\u00e9mie de Paris ;  \nVu l'arr\u00eat\u00e9 n\u00b02020-32 du 21 d\u00e9cembre 2020 modifi\u00e9 portant organisation de la d\u00e9l\u00e9gation r\u00e9gionale acad\u00e9mique \u00e0 \nla jeunesse, \u00e0 l'engagement et aux sports et des services d\u00e9partementaux \u00e0 la jeunesse, \u00e0 l'engagement et aux sports \n; \nVu le protocole r\u00e9gional d\u00e9partemental conclu entre le pr\u00e9fet de la r\u00e9gion d'Il e-de-France, pr\u00e9fet de Paris, et le \nrecteur de la r\u00e9gion acad\u00e9mique d'Ile-de-France, recteur de l'acad\u00e9mie de Paris, le 24 d\u00e9cembre 2020 ; \nVu l'arr\u00eat\u00e9 n\u00b0 75-2025-03-26-00004 du 26 mars 2025 portant d\u00e9l\u00e9gation du pr\u00e9fet de la r\u00e9gion d'Ile-de-France, \npr\u00e9fet de Paris \u00e0 Mme Julie BENETTI, rectrice de la r\u00e9gion acad\u00e9mique Ile-de-France, rectrice de l'acad\u00e9mie de \nParis, en mati\u00e8re administrative ; \n \nVu l'arr\u00eat\u00e9 minist\u00e9riel du 4 mai 2021 nommant Mme Jeanne DELACOURT dans l'emploi de conseill\u00e8re du directeur \nacad\u00e9mique des services de l'\u00e9ducation en mati\u00e8re de jeunesse, d'engagement et de sports de Paris ; \n \nVu le d\u00e9cret du Pr\u00e9sident de la R\u00e9publique du 26 f\u00e9vrier 2025 portant nomination de M. Laurent NOE en qualit\u00e9 \nde directeur de l'acad\u00e9mie de Paris ;  \n \nVu l'arr\u00eat\u00e9 n\u00b0 2025-033-RRA du 27 mars 2025 portant subd\u00e9l\u00e9gation de signature en mati\u00e8re administrative de la \nrectrice de la r\u00e9gion acad\u00e9mique Ile-de-France, rectrice de l'acad\u00e9mie de Paris pour la mise en \u0153uvre des missions \nde jeunesse, d'engagement et de sports ;  \n \nConsid\u00e9rant la demande compl\u00e8te formul\u00e9e par l'association en date du  20/05/2025 ; \n \nConsid\u00e9rant que l'association ci-dessous d\u00e9tient un arr\u00eat\u00e9 portant tronc commun d'agr\u00e9ment en cours de validit\u00e9 \nau moment de l'instruction de la demande ; \n \nConsid\u00e9rant que l'association ci -dessous remplit les conditions r\u00e9glementaires relatives \u00e0 l'agr\u00e9ment des \nRectorat de la r\u00e9gion acad\u00e9mique d'Ile-de-France, rectorat de l'acad\u00e9mie de Paris - IDF-2025-07-03-00022 - Arr\u00eat\u00e9 n\u00b0 2025-084-RRA\nportant agr\u00e9ment au titre de la Jeunesse et de l'\u00c9ducation Populaire pour l'association ECOLE DU CIRQUE ELECTRIQUE - SDJES de Paris 8\n \n \n2 \nassociations de jeunesse et d'\u00e9ducation populaire ; \n \nARR\u00caT\u00c9 \nArticle premier : \nL'agr\u00e9ment au titre des associations de jeunesse et d'\u00e9ducation populaire est attribu\u00e9 \u00e0 l'association : \n \nECOLE DU CIRQUE ELECTRIQUE \nRNA : W751220555 \n \ndont le si\u00e8ge social est situ\u00e9 \u00e0 : Place du Maquis de Vercors 75020 - Paris \n \ndont l'objet statutaire est :  \n- d\u00e9velopper la formation et l'\u00e9ducation des enfants et adultes dans le domaine des Arts , \nnotamment des Arts du Cirque \n- d\u00e9velopper un champ de formation professionnelle dans le domaine du spectacle et plus \nsp\u00e9cifiquement des Arts du Cirque \n- favoriser la pratique des Arts du cirque aupr\u00e8s des populations qui n'y ont pas un acc\u00e8s direct \n- soutenir la promotion et le rayonnement des Arts du Cirque dans la R\u00e9gion Ile-de-France, la France \net l'international \n- apporter des espaces d'exp\u00e9rimentations artistiques et soutenir la cr\u00e9ation de spectacle amateur et \nprofessionnel \n- inciter et accompagner toute personne dans la d\u00e9couverte du milieu culturel et artistique \n- faciliter l'insertion professionnelle de jeunes ou de personnes \u00e9loign\u00e9s du march\u00e9 de l'emploi \n \nLe num\u00e9ro de l'agr\u00e9ment \u00e0 rappeler dans les correspondances avec l'administration est le suivant :  \n2025-JEP-75-19 \n \nArticle 2 :  \nL'association mentionn\u00e9e ci -dessus est tenue d'informer sans d\u00e9lai l'autorit\u00e9 publique comp\u00e9tente de tout \nchangement relatif aux crit\u00e8res d'attribution du pr\u00e9sent agr\u00e9ment et notamment les changements de si\u00e8ge social, \nde statuts et de repr\u00e9sentant l\u00e9gal. \n \nArticle 3 : \nL'association mentionn\u00e9e ci -dessus tiendra \u00e0 disposition de l'administration, dans le cadre d'un contr\u00f4le, tout \ndocument justifiant de l'agr\u00e9ment et notamment les proc\u00e8s -verbaux d'assembl\u00e9e g\u00e9n\u00e9rale, les rapports financiers \ndes exercices \u00e9coul\u00e9s et les rapports annuels d'activit\u00e9s. \n \nArticle 4 : \nCet agr\u00e9ment de jeunesse et d'\u00e9ducation populaire n'est valide que si l'association mentionn\u00e9e ci-dessus d\u00e9tient un \ntronc commun d'agr\u00e9ment en cours de validit\u00e9. \n \nArticle 5 :  \nL'arr\u00eat\u00e9 entre en vigueur \u00e0 compter de la date de sa publication et pour une dur\u00e9e de cinq ans. \n \nArticle 6 : \nLe d\u00e9l\u00e9gu\u00e9 de la r\u00e9gion acad\u00e9mique \u00e0 la jeunesse, \u00e0 l'engagement et aux sports est charg\u00e9 de l'ex\u00e9cution du pr\u00e9sent \narr\u00eat\u00e9 qui sera publi\u00e9 au recueil des actes administratifs de la pr\u00e9fecture de r\u00e9gion d'\u00cele -de-France, pr\u00e9fecture de \nParis. \n \nFait \u00e0 Paris, le 03/07/2025 \n \n \n \n \n \n \n \n \n Pour la rectrice, et par subd\u00e9l\u00e9gation, \nla conseill\u00e8re du directeur de l'acad\u00e9mie de \nParis, cheffe du service d\u00e9partemental \u00e0 la \njeunesse, \u00e0 l'engagement et aux sports de Paris \n \nSign\u00e9 \n \n                                 Jeanne DELACOURT \n \nRectorat de la r\u00e9gion acad\u00e9mique d'Ile-de-France, rectorat de l'acad\u00e9mie de Paris - IDF-2025-07-03-00022 - Arr\u00eat\u00e9 n\u00b0 2025-084-RRA\nportant agr\u00e9ment au titre de la Jeunesse et de l'\u00c9ducation Populaire pour l'association ECOLE DU CIRQUE ELECTRIQUE - SDJES de Paris 9\nRectorat de la r\u00e9gion acad\u00e9mique\nd'Ile-de-France, rectorat de l'acad\u00e9mie de Paris\nIDF-2025-07-03-00023\nArr\u00eat\u00e9 n\u00b0 2025-085-RRA portant reconnaissance\ndu tronc commun d'agr\u00e9ment d'une association\nECOLE DU CIRQUE ELECTRIQUE - SDJES de Paris\nRectorat de la r\u00e9gion acad\u00e9mique d'Ile-de-France, rectorat de l'acad\u00e9mie de Paris - IDF-2025-07-03-00023 - Arr\u00eat\u00e9 n\u00b0 2025-085-RRA\nportant reconnaissance du tronc commun d'agr\u00e9ment d'une association ECOLE DU CIRQUE ELECTRIQUE - SDJES de Paris 10\nREGION ACADEMIQUE\u00ceLE-DE-FRANCELibert\u00e9\u00c9galit\u00e9Fraternit\u00e9\n  \n \nService d\u00e9partemental \u00e0 la jeunesse,  \n\u00e0 l'engagement et aux sports de Paris  \n \n \n \n \nService D\u00e9partemental \u00e0 la Jeunesse, \u00e0 l'Engagement et aux Sports de Paris  \n6/8 rue Eug\u00e8ne Oudin\u00e9 \u2013 CS 81360 - 75634 PARIS CEDEX 13 \n \n \n \n \n              ARR\u00caT\u00c9 N\u00b02025-085-RRA \n \nportant reconnaissance du tronc commun d'agr\u00e9ment d'une association \n \nLA RECTRICE DE LA R\u00c9GION ACAD\u00c9MIQUE \u00ceLE-DE-FRANCE \nRECTRICE DE PARIS \nCHANCELIERE DES UNIVERSIT\u00c9S DE PARIS  \nET D'\u00ceLE-DE-FRANCE  \n \n \nVU  la loi n\u00b0 2000 -321 du 12 avril 2000 modifi\u00e9e relative aux droits des citoyens dans leurs relations avec les \nadministrations et notamment son article 25-1 ; \nVU le d\u00e9cret n\u00b0 2017 -908 du 6 mai 2017 portant diverses dispositions relatives au r\u00e9gime juridique des \nassociations, des fondations, des fonds de dotation et des organismes faisant appel public \u00e0 la g\u00e9n\u00e9rosit\u00e9 \net notamment ses articles 15 \u00e0 21 ; \nVU le d\u00e9cret du Pr\u00e9sident de la R\u00e9publique du 12 mars 2025 nommant Mme Julie BENETTI, rectrice de la r\u00e9gion \nacad\u00e9mique \u00cele-de-France, rectrice de l'acad\u00e9mie de Paris ;  \nVU l'arr\u00eat\u00e9 n\u00b02020 -32 du 21 d\u00e9cembre 2020 modifi\u00e9 portant organisation de la d\u00e9l\u00e9gation r\u00e9gionale \nacad\u00e9mique \u00e0 la jeunesse, \u00e0 l'eng agement et aux sports et des services d\u00e9partementaux \u00e0 la jeunesse, \u00e0 \nl'engagement et aux sports ; \nVU le protocole r\u00e9gional d\u00e9partemental conclu entre le pr\u00e9fet de la r\u00e9gion d'Ile -de-France, pr\u00e9fet de Paris, et \nle recteur de la r\u00e9gion acad\u00e9mique d'Ile-de-France, recteur de l'acad\u00e9mie de Paris, le 24 d\u00e9cembre 2020; \n \nVU l'arr\u00eat\u00e9 n\u00b0 75-2025-03-26-00004 du 26 mars 2025 portant d\u00e9l\u00e9gation du pr\u00e9fet de la r\u00e9gion d'Ile-de-France, \npr\u00e9fet de Paris \u00e0 Mme Julie BENETTI, rectrice de la r\u00e9gion acad\u00e9mique Ile-de-France, rectrice de \nl'acad\u00e9mie de Paris, en mati\u00e8re administrative ; \n \nVU  l'arr\u00eat\u00e9 minist\u00e9riel du 4 mai 2021 nommant Mme Jeanne DELACOURT dans l'emploi de conseill\u00e8re du \ndirecteur acad\u00e9mique des services de l'\u00e9ducation en mati\u00e8re de jeunesse, d'engagemen t et de sports de \nParis ; \n \nVU  le d\u00e9cret du Pr\u00e9sident de la R\u00e9publique du 26 f\u00e9vrier 2025 portant nomination de M. Laurent NOE en qualit\u00e9 \nde directeur de l'acad\u00e9mie de Paris ;  \n \nVU l'arr\u00eat\u00e9 n\u00b0 2025-033-RRA du 27 mars 2025 portant subd\u00e9l\u00e9gation de signature en mati\u00e8re administrative \nde la rectrice de la r\u00e9gion acad\u00e9mique Ile-de-France, rectrice de l'acad\u00e9mie de Paris ; pour la mise en \n\u0153uvre des missions de jeunesse, d'engagement et de sports ;  \n \n \n \n \n  \n \nRectorat de la r\u00e9gion acad\u00e9mique d'Ile-de-France, rectorat de l'acad\u00e9mie de Paris - IDF-2025-07-03-00023 - Arr\u00eat\u00e9 n\u00b0 2025-085-RRA\nportant reconnaissance du tronc commun d'agr\u00e9ment d'une association ECOLE DU CIRQUE ELECTRIQUE - SDJES de Paris 11\n \n \n2 \nARR\u00caT\u00c9 \n \n \nArticle premier :  \nL'association suivante est r\u00e9put\u00e9e satisfaire aux conditions portant sur le tronc commun d'agr\u00e9ment : \nla libert\u00e9 de conscience de ses membres, le respect du principe de non-discrimination, un mode de fonctionnement \nd\u00e9mocratique, une gestion financi\u00e8re transparente, permettre l'\u00e9gal acc\u00e8s des hommes, des femmes et des jeunes \naux instances dirigeantes.et respecter le contrat d'engagement r\u00e9publicain. \n \n \nECOLE DU CIRQUE ELECTRIQUE \n \nRNA: W751220555 \n \ndont le si\u00e8ge social est situ\u00e9 \u00e0 : Place du Maquis de Vercors 75020 - Paris \n \n \nArticle 2 :  \nL'arr\u00eat\u00e9 entre en vigueur \u00e0 compter de la date de sa publication et pour une dur\u00e9e de cinq ans. \n \nArticle 3 : \nL'association mentionn\u00e9e ci -dessus est tenue d'informer sans d\u00e9lai l'autorit\u00e9 publique comp\u00e9tente de tout \nchangement relatif aux crit\u00e8res d'attribution de la pr\u00e9sente reconnaissance et notamment les changements de si\u00e8ge \nsocial, de statuts et de repr\u00e9sentant l\u00e9gal. \n \nArticle 4 : \nL'association mentionn\u00e9e ci -dessus tiendra \u00e0 disposition de l'administration, dans le cadre d'un contr\u00f4le, tout \ndocument jus tifiant de la reconnaissance du tronc commun et notamment les proc\u00e8s -verbaux d'assembl\u00e9e \ng\u00e9n\u00e9rale, les rapports financiers des exercices \u00e9coul\u00e9s et les rapports annuels d'activit\u00e9s. \n \nArticle 5 : \nLe d\u00e9l\u00e9gu\u00e9 de la r\u00e9gion acad\u00e9mique \u00e0 la jeunesse, \u00e0 l'engagement et aux sports est charg\u00e9 de l'ex\u00e9cution du pr\u00e9sent \narr\u00eat\u00e9 qui sera publi\u00e9 au recueil des actes administratifs de la pr\u00e9fecture de r\u00e9gion d'\u00cele -de-France, pr\u00e9fecture de \nParis. \n \n \nFait \u00e0 Paris, le 03/07/2025 \n \n \n \n \n \n \n \n \n \n \n \n \nPour la rectrice, et par subd\u00e9l\u00e9gation, \nla conseill\u00e8re du directeur de l'acad\u00e9mie de \nParis, cheffe du service d\u00e9partemental \u00e0 la \njeunesse, \u00e0 l'engagement et aux sports de Paris \n \nSign\u00e9 \n \nJeanne DELACOURT  \n \n \n \n \n \n \nRectorat de la r\u00e9gion acad\u00e9mique d'Ile-de-France, rectorat de l'acad\u00e9mie de Paris - IDF-2025-07-03-00023 - Arr\u00eat\u00e9 n\u00b0 2025-085-RRA\nportant reconnaissance du tronc commun d'agr\u00e9ment d'une association ECOLE DU CIRQUE ELECTRIQUE - SDJES de Paris 12\nRectorat de la r\u00e9gion acad\u00e9mique\nd'Ile-de-France, rectorat de l'acad\u00e9mie de Paris\nIDF-2025-07-03-00024\nArr\u00eat\u00e9 n\u00b02025-086-RRA portant agr\u00e9ment au\ntitre de la Jeunesse et de l'\u00c9ducation Populaire\npour l'association LEHAIM HANDICAP - SDJES de\nParis \nRectorat de la r\u00e9gion acad\u00e9mique d'Ile-de-France, rectorat de l'acad\u00e9mie de Paris - IDF-2025-07-03-00024 - Arr\u00eat\u00e9 n\u00b02025-086-RRA\nportant agr\u00e9ment au titre de la Jeunesse et de l'\u00c9ducation Populaire pour l'association LEHAIM HANDICAP - SDJES de Paris 13\nREGION ACADEMIQUE\u00ceLE-DE-FRANCELibert\u00e9\u00c9galit\u00e9Fraternit\u00e9\n  \n \nService d\u00e9partemental \u00e0 la jeunesse,  \n\u00e0 l'engagement et aux sports de Paris  \n \n \n \n \nService D\u00e9partemental \u00e0 la Jeunesse, \u00e0 l'Engagement et aux Sports de Paris  \n6/8 rue Eug\u00e8ne Oudin\u00e9 \u2013 CS 81360 - 75634 PARIS CEDEX 13 \n \n \n \n \nARR\u00caT\u00c9 N\u00b02025-086-RRA  \nportant agr\u00e9ment au titre de la Jeunesse et de l'\u00c9ducation Populaire \n \nLA RECTRICE DE LA R\u00c9GION ACAD\u00c9MIQUE \u00ceLE-DE-FRANCE \nRECTRICE DE PARIS \nCHANCELIERE DES UNIVERSIT\u00c9S DE PARIS  \nET D'\u00ceLE-DE-FRANCE  \n \nVu la loi n\u00b0 2001-624 du 17 juillet 2001 portant diverses dispositions d'ordre social, \u00e9ducatif et culturel et notamment \nson article 8 ;  \nVu le d\u00e9cret n\u00b0 2002-571 du 22 avril 2002 pris pour l'application du premier alin\u00e9a de l'article 8 de la loi n\u00b0 2001-624 \net relatif \u00e0 l'agr\u00e9ment des associations de jeunesse et d'\u00e9ducation populaire ;  \nVu le d\u00e9cret n\u00b0 2019-838 du 19 ao\u00fbt 2019 portant diverses mesures de simplification pour le minist\u00e8re de l'\u00e9ducation \nnationale et de la jeunesse ; \nVu le d\u00e9cret du Pr\u00e9sident de la R\u00e9publique du 12 mars 2025 nommant Mme Julie BENETTI, rectrice de la r\u00e9gion \nacad\u00e9mique \u00cele-de-France, rectrice de l'acad\u00e9mie de Paris ;  \nVu l'arr\u00eat\u00e9 n\u00b02020-32 du 21 d\u00e9cembre 2020 modifi\u00e9 portant organisation de la d\u00e9l\u00e9gation r\u00e9gionale acad\u00e9mique \u00e0 \nla jeunesse, \u00e0 l'engagement et aux sports et des services d\u00e9partementaux \u00e0 la jeunesse, \u00e0 l'engagement et aux sports \n; \nVu le protocole r\u00e9gional d\u00e9partemental conclu entre le pr\u00e9fet de la r\u00e9gion d'Il e-de-France, pr\u00e9fet de Paris, et le \nrecteur de la r\u00e9gion acad\u00e9mique d'Ile-de-France, recteur de l'acad\u00e9mie de Paris, le 24 d\u00e9cembre 2020 ; \nVu l'arr\u00eat\u00e9 n\u00b0 75-2025-03-26-00004 du 26 mars 2025 portant d\u00e9l\u00e9gation du pr\u00e9fet de la r\u00e9gion d'Ile-de-France, \npr\u00e9fet de Paris \u00e0 Mme Julie BENETTI, rectrice de la r\u00e9gion acad\u00e9mique Ile-de-France, rectrice de l'acad\u00e9mie de \nParis, en mati\u00e8re administrative ; \n \nVu l'arr\u00eat\u00e9 minist\u00e9riel du 4 mai 2021 nommant Mme Jeanne DELACOURT dans l'emploi de conseill\u00e8re du directeur \nacad\u00e9mique des services de l'\u00e9ducation en mati\u00e8re de jeunesse, d'engagement et de sports de Paris ; \n \nVu le d\u00e9cret du Pr\u00e9sident de la R\u00e9publique du 26 f\u00e9vrier 2025 portant nomination de M. Laurent NOE en qualit\u00e9 \nde directeur de l'acad\u00e9mie de Paris ;  \n \nVu l'arr\u00eat\u00e9 n\u00b0 2025-033-RRA du 27 mars 2025 portant subd\u00e9l\u00e9gation de signature en mati\u00e8re administrative de la \nrectrice de la r\u00e9gion acad\u00e9mique Ile-de-France, rectrice de l'acad\u00e9mie de Paris pour la mise en \u0153uvre des missions \nde jeunesse, d'engagement et de sports ;  \n \nConsid\u00e9rant la demande compl\u00e8te formul\u00e9e par l'association en date du  26/06/2025 ; \n \nConsid\u00e9rant que l'association ci-dessous d\u00e9tient un arr\u00eat\u00e9 portant tronc commun d'agr\u00e9ment en cours de validit\u00e9 \nau moment de l'instruction de la demande ; \n \nConsid\u00e9rant que l'association ci -dessous remplit les conditions r\u00e9glementaires relatives \u00e0 l'agr\u00e9ment des \nRectorat de la r\u00e9gion acad\u00e9mique d'Ile-de-France, rectorat de l'acad\u00e9mie de Paris - IDF-2025-07-03-00024 - Arr\u00eat\u00e9 n\u00b02025-086-RRA\nportant agr\u00e9ment au titre de la Jeunesse et de l'\u00c9ducation Populaire pour l'association LEHAIM HANDICAP - SDJES de Paris 14\n \n \n2 \nassociations de jeunesse et d'\u00e9ducation populaire ; \n \nARR\u00caT\u00c9 \nArticle premier : \nL'agr\u00e9ment au titre des associations de jeunesse et d'\u00e9ducation populaire est attribu\u00e9 \u00e0 l'association : \n \nLEHAIM HANDICAP \nRNA : W751237908 \n \ndont le si\u00e8ge social est situ\u00e9 \u00e0 : 119 rue la Fayette 75010 - Paris \n \ndont l'objet statutaire est :  \n \n- D\u00e9velopper l'autonomie et promouvoir l'inclusion de personnes en situation de handicap  \nau travers d'activit\u00e9s culturelles, artistiques, sportives et sociales \n- Am\u00e9liorer l'image de soi, prendre confiance en soi, modifier le regard de l'autre sur soir \n- R\u00e9inventer la relation \u00e0 l'autre \n- Proposer des lieux d'\u00e9changes, dans un cadre convivial, festif et s\u00e9curitaire o\u00f9 les  \npersonnes en situation de handicap pourraient se rencontrer et se faire des amis \n \nLe num\u00e9ro de l'agr\u00e9ment \u00e0 rappeler dans les correspondances avec l'administration est le suivant :  \n2025-JEP-75-20 \n \nArticle 2 :  \nL'association mentionn\u00e9e ci -dessus est tenue d'informer sans d\u00e9lai l'autorit\u00e9 publique comp\u00e9tente de tout \nchangement relatif aux crit\u00e8res d'attribution du pr\u00e9sent agr\u00e9ment et notamment les changements de si\u00e8ge social, \nde statuts et de repr\u00e9sentant l\u00e9gal. \n \nArticle 3 : \nL'association mentionn\u00e9e ci -dessus tiendra \u00e0 disposition de l'administration, dans le cadre d'un contr\u00f4le, tout \ndocument justifiant de l'agr\u00e9ment et notamment les proc\u00e8s -verbaux d'assembl\u00e9e g\u00e9n\u00e9rale, les rapports financiers \ndes exercices \u00e9coul\u00e9s et les rapports annuels d'activit\u00e9s. \n \nArticle 4 : \nCet agr\u00e9ment de jeunesse et d'\u00e9ducation populaire n'est valide que si l'association mentionn\u00e9e ci-dessus d\u00e9tient un \ntronc commun d'agr\u00e9ment en cours de validit\u00e9. \n \nArticle 5 :  \nL'arr\u00eat\u00e9 entre en vigueur \u00e0 compter de la date de sa publication et pour une dur\u00e9e de cinq ans. \n \nArticle 6 : \nLe d\u00e9l\u00e9gu\u00e9 de la r\u00e9gion acad\u00e9mique \u00e0 la jeunesse, \u00e0 l'engagement et aux sports est charg\u00e9 de l'ex\u00e9cution du pr\u00e9sent \narr\u00eat\u00e9 qui sera publi\u00e9 au recueil des actes administratifs de la pr\u00e9fectu re de r\u00e9gion d'\u00cele -de-France, pr\u00e9fecture de \nParis. \n \nFait \u00e0 Paris, le 03/07/2025 \n \n \n \n \n \n \n \n \n \n \n \nPour la rectrice, et par subd\u00e9l\u00e9gation, \nla conseill\u00e8re du directeur de l'acad\u00e9mie de \nParis, cheffe du service d\u00e9partemental \u00e0 la \njeunesse, \u00e0 l'engagement et aux sports de Paris \n \nSign\u00e9 \nJeanne DELACOURT  \n  \n \nRectorat de la r\u00e9gion acad\u00e9mique d'Ile-de-France, rectorat de l'acad\u00e9mie de Paris - IDF-2025-07-03-00024 - Arr\u00eat\u00e9 n\u00b02025-086-RRA\nportant agr\u00e9ment au titre de la Jeunesse et de l'\u00c9ducation Populaire pour l'association LEHAIM HANDICAP - SDJES de Paris 15\nRectorat de la r\u00e9gion acad\u00e9mique\nd'Ile-de-France, rectorat de l'acad\u00e9mie de Paris\nIDF-2025-07-03-00025\nArr\u00eat\u00e9 n\u00b02025-087-RRA portant reconnaissance\ndu tronc commun d'agr\u00e9ment d'une association\nLEHAIM HANDICAP - SDJES de Paris\nRectorat de la r\u00e9gion acad\u00e9mique d'Ile-de-France, rectorat de l'acad\u00e9mie de Paris - IDF-2025-07-03-00025 - Arr\u00eat\u00e9 n\u00b02025-087-RRA\nportant reconnaissance du tronc commun d'agr\u00e9ment d'une association LEHAIM HANDICAP - SDJES de Paris 16\nREGION ACADEMIQUE\u00ceLE-DE-FRANCELibert\u00e9\u00c9galit\u00e9Fraternit\u00e9\n  \n \nService d\u00e9partemental \u00e0 la jeunesse,  \n\u00e0 l'engagement et aux sports de Paris  \n \n \n \n \nService D\u00e9partemental \u00e0 la Jeunesse, \u00e0 l'Engagement et aux Sports de Paris  \n6/8 rue Eug\u00e8ne Oudin\u00e9 \u2013 CS 81360 - 75634 PARIS CEDEX 13 \n \n \n \n \n              ARR\u00caT\u00c9 N\u00b02025-087-RRA \n \nportant reconnaissance du tronc commun d'agr\u00e9ment d'une association \n \nLA RECTRICE DE LA R\u00c9GION ACAD\u00c9MIQUE \u00ceLE-DE-FRANCE \nRECTRICE DE PARIS \nCHANCELIERE DES UNIVERSIT\u00c9S DE PARIS  \nET D'\u00ceLE-DE-FRANCE  \n \n \nVU  la loi n\u00b0 2000 -321 du 12 avril 2000 modifi\u00e9e relative aux droits des citoyens dans leurs relations avec les \nadministrations et notamment son article 25-1 ; \nVU le d\u00e9cret n\u00b0 2017 -908 du 6 mai 2017 portant diverses dispositions relatives au r\u00e9gime juridique des \nassociations, des fondations, des fonds de dotation et des organismes faisant appel public \u00e0 la g\u00e9n\u00e9rosit\u00e9 \net notamment ses articles 15 \u00e0 21 ; \nVU le d\u00e9cret du Pr\u00e9sident de la R\u00e9publique du 12 mars 2025 nommant Mme Julie BENETTI, rectrice de la r\u00e9gion \nacad\u00e9mique \u00cele-de-France, rectrice de l'acad\u00e9mie de Paris ;  \nVU l'arr\u00eat\u00e9 n\u00b02020 -32 du 21 d\u00e9cembre 2020 modifi\u00e9 portant organisation de la d\u00e9l\u00e9gation r\u00e9gionale \nacad\u00e9mique \u00e0 la jeunesse, \u00e0 l'eng agement et aux sports et des services d\u00e9partementaux \u00e0 la jeunesse, \u00e0 \nl'engagement et aux sports ; \nVU le protocole r\u00e9gional d\u00e9partemental conclu entre le pr\u00e9fet de la r\u00e9gion d'Ile -de-France, pr\u00e9fet de Paris, et \nle recteur de la r\u00e9gion acad\u00e9mique d'Ile-de-France, recteur de l'acad\u00e9mie de Paris, le 24 d\u00e9cembre 2020; \n \nVU l'arr\u00eat\u00e9 n\u00b0 75-2025-03-26-00004 du 26 mars 2025 portant d\u00e9l\u00e9gation du pr\u00e9fet de la r\u00e9gion d'Ile-de-France, \npr\u00e9fet de Paris \u00e0 Mme Julie BENETTI, rectrice de la r\u00e9gion acad\u00e9mique Ile-de-France, rectrice de \nl'acad\u00e9mie de Paris, en mati\u00e8re administrative ; \n \nVU  l'arr\u00eat\u00e9 minist\u00e9riel du 4 mai 2021 nommant Mme Jeanne DELACOURT dans l'emploi de conseill\u00e8re du \ndirecteur acad\u00e9mique des services de l'\u00e9ducation en mati\u00e8re de jeunesse, d'engagemen t et de sports de \nParis ; \n \nVU  le d\u00e9cret du Pr\u00e9sident de la R\u00e9publique du 26 f\u00e9vrier 2025 portant nomination de M. Laurent NOE en qualit\u00e9 \nde directeur de l'acad\u00e9mie de Paris ;  \n \nVU l'arr\u00eat\u00e9 n\u00b0 2025-033-RRA du 27 mars 2025 portant subd\u00e9l\u00e9gation de signature en mati\u00e8re administrative \nde la rectrice de la r\u00e9gion acad\u00e9mique Ile-de-France, rectrice de l'acad\u00e9mie de Paris ; pour la mise en \n\u0153uvre des missions de jeunesse, d'engagement et de sports ;  \n \n \n \n \n  \n \nRectorat de la r\u00e9gion acad\u00e9mique d'Ile-de-France, rectorat de l'acad\u00e9mie de Paris - IDF-2025-07-03-00025 - Arr\u00eat\u00e9 n\u00b02025-087-RRA\nportant reconnaissance du tronc commun d'agr\u00e9ment d'une association LEHAIM HANDICAP - SDJES de Paris 17\n \n \n2 \nARR\u00caT\u00c9 \n \n \nArticle premier :  \nL'association suivante est r\u00e9put\u00e9e satisfaire aux conditions portant sur le tronc commun d'agr\u00e9ment : \nla libert\u00e9 de conscience de ses membres, le respect du principe de non-discrimination, un mode de fonctionnement \nd\u00e9mocratique, une gestion financi\u00e8re transparente, permettre l'\u00e9gal acc\u00e8s des hommes, des femmes et des jeunes \naux instances dirigeantes.et respecter le contrat d'engagement r\u00e9publicain. \n \n \nLEHAIM HANDICAP \n \nRNA: W751237908 \n \ndont le si\u00e8ge social est situ\u00e9 \u00e0 : 119 rue la Fayette 75010 - Paris \n \n \nArticle 2 :  \nL'arr\u00eat\u00e9 entre en vigueur \u00e0 compter de la date de sa publication et pour une dur\u00e9e de cinq ans. \n \nArticle 3 : \nL'association mentionn\u00e9e ci -dessus est tenue d'informer sans d\u00e9lai l'autorit\u00e9 publique comp\u00e9tente de tout \nchangement relatif aux crit\u00e8res d'attribution de la pr\u00e9sente reconnaissance et notamment les changements de si\u00e8ge \nsocial, de statuts et de repr\u00e9sentant l\u00e9gal. \n \nArticle 4 : \nL'association mentionn\u00e9e ci -dessus tiendra \u00e0 disposition de l'administration, dans le cadre d'un contr\u00f4le, tout \ndocument justifiant de la recon naissance du tronc commun et notamment les proc\u00e8s -verbaux d'assembl\u00e9e \ng\u00e9n\u00e9rale, les rapports financiers des exercices \u00e9coul\u00e9s et les rapports annuels d'activit\u00e9s. \n \nArticle 5 : \nLe d\u00e9l\u00e9gu\u00e9 de la r\u00e9gion acad\u00e9mique \u00e0 la jeunesse, \u00e0 l'engagement et aux sports est charg\u00e9 de l'ex\u00e9cution du pr\u00e9sent \narr\u00eat\u00e9 qui sera publi\u00e9 au recueil des actes administratifs de la pr\u00e9fecture de r\u00e9gion d'\u00cele -de-France, pr\u00e9fecture de \nParis. \n \n \nFait \u00e0 Paris, le 03/07/2025 \n \n \n \n \n \n \n \n \n \n \n \n \nPour la rectrice, et par subd\u00e9l\u00e9gation, \nla conseill\u00e8re du directeur de l'acad\u00e9mie de \nParis, cheffe du service d\u00e9partemental \u00e0 la \njeunesse, \u00e0 l'engagement et aux sports de Paris \n \nSign\u00e9 \n \nJeanne DELACOURT  \n \n \n \n \n \n \nRectorat de la r\u00e9gion acad\u00e9mique d'Ile-de-France, rectorat de l'acad\u00e9mie de Paris - IDF-2025-07-03-00025 - Arr\u00eat\u00e9 n\u00b02025-087-RRA\nportant reconnaissance du tronc commun d'agr\u00e9ment d'une association LEHAIM HANDICAP - SDJES de Paris 18\nRectorat de la r\u00e9gion acad\u00e9mique\nd'Ile-de-France, rectorat de l'acad\u00e9mie de Paris\nIDF-2025-07-03-00026\nArr\u00eat\u00e9 n\u00b02025-088-RRA portant agr\u00e9ment au\ntitre de la Jeunesse et de l'\u00c9ducation Populaire\npour l'association LA FABRIQUE DE LA DANSE -\nSDJES de Paris \nRectorat de la r\u00e9gion acad\u00e9mique d'Ile-de-France, rectorat de l'acad\u00e9mie de Paris - IDF-2025-07-03-00026 - Arr\u00eat\u00e9 n\u00b02025-088-RRA\nportant agr\u00e9ment au titre de la Jeunesse et de l'\u00c9ducation Populaire pour l'association LA FABRIQUE DE LA DANSE - SDJES de Paris 19\nREGION ACADEMIQUE\u00ceLE-DE-FRANCELibert\u00e9\u00c9galit\u00e9Fraternit\u00e9\n  \n \nService d\u00e9partemental \u00e0 la jeunesse,  \n\u00e0 l'engagement et aux sports de Paris  \n \n \n \n \nService D\u00e9partemental \u00e0 la Jeunesse, \u00e0 l'Engagement et aux Sports de Paris  \n6/8 rue Eug\u00e8ne Oudin\u00e9 \u2013 CS 81360 - 75634 PARIS CEDEX 13 \n \n \n \n \nARR\u00caT\u00c9 N\u00b02025-088-RRA  \nportant agr\u00e9ment au titre de la Jeunesse et de l'\u00c9ducation Populaire \n \nLA RECTRICE DE LA R\u00c9GION ACAD\u00c9MIQUE \u00ceLE-DE-FRANCE \nRECTRICE DE PARIS \nCHANCELIERE DES UNIVERSIT\u00c9S DE PARIS  \nET D'\u00ceLE-DE-FRANCE  \n \nVu la loi n\u00b0 2001-624 du 17 juillet 2001 portant diverses dispositions d'ordre social, \u00e9ducatif et culturel et notamment \nson article 8 ;  \nVu le d\u00e9cret n\u00b0 2002-571 du 22 avril 2002 pris pour l'application du premier alin\u00e9a de l'article 8 de la loi n\u00b0 2001-624 \net relatif \u00e0 l'agr\u00e9ment des associations de jeunesse et d'\u00e9ducation populaire ;  \nVu le d\u00e9cret n\u00b0 2019-838 du 19 ao\u00fbt 2019 portant diverses mesures de simplification pour le minist\u00e8re de l'\u00e9ducation \nnationale et de la jeunesse ; \nVu le d\u00e9cret du Pr\u00e9sident de la R\u00e9publique du 12 mars 2025 nommant Mme Julie BENETTI, rectrice de la r\u00e9gion \nacad\u00e9mique \u00cele-de-France, rectrice de l'acad\u00e9mie de Paris ;  \nVu l'arr\u00eat\u00e9 n\u00b02020-32 du 21 d\u00e9cembre 2020 modifi\u00e9 portant organisation de la d\u00e9l\u00e9gation r\u00e9gionale acad\u00e9mique \u00e0 \nla jeunesse, \u00e0 l'engagement et aux sports et des services d\u00e9partementaux \u00e0 la jeunesse, \u00e0 l'engagement et aux sports \n; \nVu le protocole r\u00e9gional d\u00e9partemental conclu entre le pr\u00e9fet de la r\u00e9gion d'Il e-de-France, pr\u00e9fet de Paris, et le \nrecteur de la r\u00e9gion acad\u00e9mique d'Ile-de-France, recteur de l'acad\u00e9mie de Paris, le 24 d\u00e9cembre 2020 ; \nVu l'arr\u00eat\u00e9 n\u00b0 75-2025-03-26-00004 du 26 mars 2025 portant d\u00e9l\u00e9gation du pr\u00e9fet de la r\u00e9gion d'Ile-de-France, \npr\u00e9fet de Paris \u00e0 Mme Julie BENETTI, rectrice de la r\u00e9gion acad\u00e9mique Ile-de-France, rectrice de l'acad\u00e9mie de \nParis, en mati\u00e8re administrative ; \n \nVu l'arr\u00eat\u00e9 minist\u00e9riel du 4 mai 2021 nommant Mme Jeanne DELACOURT dans l'emploi de conseill\u00e8re du directeur \nacad\u00e9mique des services de l'\u00e9ducation en mati\u00e8re de jeunesse, d'engagement et de sports de Paris ; \n \nVu le d\u00e9cret du Pr\u00e9sident de la R\u00e9publique du 26 f\u00e9vrier 2025 portant nomination de M. Laurent NOE en qualit\u00e9 \nde directeur de l'acad\u00e9mie de Paris ;  \n \nVu l'arr\u00eat\u00e9 n\u00b0 2025-033-RRA du 27 mars 2025 portant subd\u00e9l\u00e9gation de signature en mati\u00e8re administrative de la \nrectrice de la r\u00e9gion acad\u00e9mique Ile-de-France, rectrice de l'acad\u00e9mie de Paris pour la mise en \u0153uvre des missions \nde jeunesse, d'engagement et de sports ;  \n \nConsid\u00e9rant la demande compl\u00e8te formul\u00e9e par l'association en date du  01/06/2025 ; \n \nConsid\u00e9rant que l'association ci-dessous d\u00e9tient un arr\u00eat\u00e9 portant tronc commun d'agr\u00e9ment en cours de validit\u00e9 \nau moment de l'instruction de la demande ; \n \nConsid\u00e9rant que l'association ci -dessous remplit les conditions r\u00e9glementaires relatives \u00e0 l'agr\u00e9ment des \nRectorat de la r\u00e9gion acad\u00e9mique d'Ile-de-France, rectorat de l'acad\u00e9mie de Paris - IDF-2025-07-03-00026 - Arr\u00eat\u00e9 n\u00b02025-088-RRA\nportant agr\u00e9ment au titre de la Jeunesse et de l'\u00c9ducation Populaire pour l'association LA FABRIQUE DE LA DANSE - SDJES de Paris 20\n \n \n2 \nassociations de jeunesse et d'\u00e9ducation populaire ; \n \nARR\u00caT\u00c9 \nArticle premier : \nL'agr\u00e9ment au titre des associations de jeunesse et d'\u00e9ducation populaire est attribu\u00e9 \u00e0 l'association : \n \nLA FABRIQUE DE LA DANSE \nRNA : W751235775 \n \ndont le si\u00e8ge social est situ\u00e9 \u00e0 : 18 rue RAMUS 75020 - Paris \n \ndont l'objet statutaire est :  \n \n- La cr\u00e9ation et la diffusion de spectacles de danse et l'exercice de toutes activit\u00e9s d'int\u00e9r\u00eat g\u00e9n\u00e9ral en \nfaveur du d\u00e9veloppement et de la vie culturelle qui sont li\u00e9es \u00e0 la danse. \n \nLe num\u00e9ro de l'agr\u00e9ment \u00e0 rappeler dans les correspondances avec l'administration est le suivant :  \n2025-JEP-75-21 \n \nArticle 2 :  \nL'association mentionn\u00e9e ci-dessus est tenue d'informer sans d\u00e9lai l'autorit\u00e9 publique comp\u00e9tente de tout \nchangement relatif aux crit\u00e8res d'attribution du pr\u00e9sent agr\u00e9ment et notamment les changements de si\u00e8ge social, \nde statuts et de repr\u00e9sentant l\u00e9gal. \n \nArticle 3 : \nL'association mentionn\u00e9e ci -dessus tiendra \u00e0 disposition de l'administration, dans le cadre d'un contr\u00f4le, tout \ndocument justifiant de l'agr\u00e9ment et notamment les proc\u00e8s -verbaux d'assembl\u00e9e g\u00e9n\u00e9rale, les rapports financiers \ndes exercices \u00e9coul\u00e9s et les rapports annuels d'activit\u00e9s. \n \nArticle 4 : \nCet agr\u00e9ment de jeunesse et d'\u00e9ducation populaire n'est valide que si l'association mentionn\u00e9e ci-dessus d\u00e9tient un \ntronc commun d'agr\u00e9ment en cours de validit\u00e9. \n \nArticle 5 :  \nL'arr\u00eat\u00e9 entre en vigueur \u00e0 compter de la date de sa publication et pour une dur\u00e9e de cinq ans. \n \nArticle 6 : \nLe d\u00e9l\u00e9gu\u00e9 de la r\u00e9gion acad\u00e9mique \u00e0 la jeunesse, \u00e0 l'engagement et aux sports est charg\u00e9 de l'ex\u00e9cution du pr\u00e9sent \narr\u00eat\u00e9 qui sera publi\u00e9 au recueil des actes administratifs de la pr\u00e9fecture de r\u00e9gio n d'\u00cele-de-France, pr\u00e9fecture de \nParis. \n \nFait \u00e0 Paris, le 03/07/2025 \n \n \n \n \n \n \n \n \n \n \n \nPour la rectrice, et par subd\u00e9l\u00e9gation, \nla conseill\u00e8re du directeur de l'acad\u00e9mie de \nParis, cheffe du service d\u00e9partemental \u00e0 la \njeunesse, \u00e0 l'engagement et aux sports de Paris \n \nSign\u00e9 \nJeanne DELACOURT  \n \n \n \n \nRectorat de la r\u00e9gion acad\u00e9mique d'Ile-de-France, rectorat de l'acad\u00e9mie de Paris - IDF-2025-07-03-00026 - Arr\u00eat\u00e9 n\u00b02025-088-RRA\nportant agr\u00e9ment au titre de la Jeunesse et de l'\u00c9ducation Populaire pour l'association LA FABRIQUE DE LA DANSE - SDJES de Paris 21\nRectorat de la r\u00e9gion acad\u00e9mique\nd'Ile-de-France, rectorat de l'acad\u00e9mie de Paris\nIDF-2025-07-03-00027\nArr\u00eat\u00e9 n\u00b02025-089-RRA portant reconnaissance\ndu tronc commun d'agr\u00e9ment d'une association\nLA FABRIQUE DE LA DANSE - SDJES de Paris\nRectorat de la r\u00e9gion acad\u00e9mique d'Ile-de-France, rectorat de l'acad\u00e9mie de Paris - IDF-2025-07-03-00027 - Arr\u00eat\u00e9 n\u00b02025-089-RRA\nportant reconnaissance du tronc commun d'agr\u00e9ment d'une association LA FABRIQUE DE LA DANSE - SDJES de Paris 22\nREGION ACADEMIQUE\u00ceLE-DE-FRANCELibert\u00e9\u00c9galit\u00e9Fraternit\u00e9\n  \n \nService d\u00e9partemental \u00e0 la jeunesse,  \n\u00e0 l'engagement et aux sports de Paris  \n \n \n \n \nService D\u00e9partemental \u00e0 la Jeunesse, \u00e0 l'Engagement et aux Sports de Paris  \n6/8 rue Eug\u00e8ne Oudin\u00e9 \u2013 CS 81360 - 75634 PARIS CEDEX 13 \n \n \n \n \n              ARR\u00caT\u00c9 N\u00b02025-089-RRA \n \nportant reconnaissance du tronc commun d'agr\u00e9ment d'une association \n \nLA RECTRICE DE LA R\u00c9GION ACAD\u00c9MIQUE \u00ceLE-DE-FRANCE \nRECTRICE DE PARIS \nCHANCELIERE DES UNIVERSIT\u00c9S DE PARIS  \nET D'\u00ceLE-DE-FRANCE  \n \n \nVU  la loi n\u00b0 2000 -321 du 12 avril 2000 modifi\u00e9e relative aux droits des citoyens dans leurs relations avec les \nadministrations et notamment son article 25-1 ; \nVU le d\u00e9cret n\u00b0 2017 -908 du 6 mai 2017 portant diverses dispositions relatives au r\u00e9gime juridique des \nassociations, des fondations, des fonds de dotation et des organismes faisant appel public \u00e0 la g\u00e9n\u00e9rosit\u00e9 \net notamment ses articles 15 \u00e0 21 ; \nVU le d\u00e9cret du Pr\u00e9sident de la R\u00e9publique du 12 mars 2025 nommant Mme Julie BENETTI, rectrice de la r\u00e9gion \nacad\u00e9mique \u00cele-de-France, rectrice de l'acad\u00e9mie de Paris ;  \nVU l'arr\u00eat\u00e9 n\u00b02020 -32 du 21 d\u00e9cembre 2020 modifi\u00e9 portant organisation de la d\u00e9l\u00e9gation r\u00e9gionale \nacad\u00e9mique \u00e0 la jeunesse, \u00e0 l'eng agement et aux sports et des services d\u00e9partementaux \u00e0 la jeunesse, \u00e0 \nl'engagement et aux sports ; \nVU le protocole r\u00e9gional d\u00e9partemental conclu entre le pr\u00e9fet de la r\u00e9gion d'Ile -de-France, pr\u00e9fet de Paris, et \nle recteur de la r\u00e9gion acad\u00e9mique d'Ile-de-France, recteur de l'acad\u00e9mie de Paris, le 24 d\u00e9cembre 2020; \n \nVU l'arr\u00eat\u00e9 n\u00b0 75-2025-03-26-00004 du 26 mars 2025 portant d\u00e9l\u00e9gation du pr\u00e9fet de la r\u00e9gion d'Ile-de-France, \npr\u00e9fet de Paris \u00e0 Mme Julie BENETTI, rectrice de la r\u00e9gion acad\u00e9mique Ile-de-France, rectrice de \nl'acad\u00e9mie de Paris, en mati\u00e8re administrative ; \n \nVU  l'arr\u00eat\u00e9 minist\u00e9riel du 4 mai 2021 nommant Mme Jeanne DELACOURT dans l'emploi de conseill\u00e8re du \ndirecteur acad\u00e9mique des services de l'\u00e9ducation en mati\u00e8re de jeunesse, d'engagemen t et de sports de \nParis ; \n \nVU  le d\u00e9cret du Pr\u00e9sident de la R\u00e9publique du 26 f\u00e9vrier 2025 portant nomination de M. Laurent NOE en qualit\u00e9 \nde directeur de l'acad\u00e9mie de Paris ;  \n \nVU l'arr\u00eat\u00e9 n\u00b0 2025-033-RRA du 27 mars 2025 portant subd\u00e9l\u00e9gation de signature en mati\u00e8re administrative \nde la rectrice de la r\u00e9gion acad\u00e9mique Ile-de-France, rectrice de l'acad\u00e9mie de Paris ; pour la mise en \n\u0153uvre des missions de jeunesse, d'engagement et de sports ;  \n \n \n \n \n  \n \nRectorat de la r\u00e9gion acad\u00e9mique d'Ile-de-France, rectorat de l'acad\u00e9mie de Paris - IDF-2025-07-03-00027 - Arr\u00eat\u00e9 n\u00b02025-089-RRA\nportant reconnaissance du tronc commun d'agr\u00e9ment d'une association LA FABRIQUE DE LA DANSE - SDJES de Paris 23\n \n \n2 \nARR\u00caT\u00c9 \n \n \nArticle premier :  \nL'association suivante est r\u00e9put\u00e9e satisfaire aux conditions portant sur le tronc commun d'agr\u00e9ment : \nla libert\u00e9 de conscience de ses membres, le respect du principe de non-discrimination, un mode de fonctionnement \nd\u00e9mocratique, une gestion financi\u00e8re transparente, permettre l'\u00e9gal acc\u00e8s des hommes, des femmes et des jeunes \naux instances dirigeantes.et respecter le contrat d'engagement r\u00e9publicain. \n \n \nLA FABRIQUE DE LA DANSE \n \nRNA: W751235775 \n \ndont le si\u00e8ge social est situ\u00e9 \u00e0 : 18 rue RAMUS 75020 - Paris \n \n \nArticle 2 :  \nL'arr\u00eat\u00e9 entre en vigueur \u00e0 compter de la date de sa publication et pour une dur\u00e9e de cinq ans. \n \nArticle 3 : \nL'association mentionn\u00e9e ci -dessus est tenue d'informer sans d\u00e9lai l'autorit\u00e9 publique comp\u00e9tente de tout \nchangement relatif aux crit\u00e8res d'attribution de la pr\u00e9sente reconnaissance et notamment les changements de si\u00e8ge \nsocial, de statuts et de repr\u00e9sentant l\u00e9gal. \n \nArticle 4 : \nL'association mentionn\u00e9e ci -dessus tiendra \u00e0 disposition de l'administration, dans le cadre d'un contr\u00f4le, tout \ndocument justifiant de la re connaissance du tronc commun et notamment les proc\u00e8s -verbaux d'assembl\u00e9e \ng\u00e9n\u00e9rale, les rapports financiers des exercices \u00e9coul\u00e9s et les rapports annuels d'activit\u00e9s. \n \nArticle 5 : \nLe d\u00e9l\u00e9gu\u00e9 de la r\u00e9gion acad\u00e9mique \u00e0 la jeunesse, \u00e0 l'engagement et aux sports est charg\u00e9 de l'ex\u00e9cution du pr\u00e9sent \narr\u00eat\u00e9 qui sera publi\u00e9 au recueil des actes administratifs de la pr\u00e9fecture de r\u00e9gion d'\u00cele -de-France, pr\u00e9fecture de \nParis. \n \n \nFait \u00e0 Paris, le 03/07/2025 \n \n \n \n \n \n \n \n \n \n \n \n \nPour la rectrice, et par subd\u00e9l\u00e9gation, \nla conseill\u00e8re du directeur de l'acad\u00e9mie de \nParis, cheffe du service d\u00e9partemental \u00e0 la \njeunesse, \u00e0 l'engagement et aux sports de Paris \n \nSign\u00e9 \n \nJeanne DELACOURT  \n \n \n \n \n \n \nRectorat de la r\u00e9gion acad\u00e9mique d'Ile-de-France, rectorat de l'acad\u00e9mie de Paris - IDF-2025-07-03-00027 - Arr\u00eat\u00e9 n\u00b02025-089-RRA\nportant reconnaissance du tronc commun d'agr\u00e9ment d'une association LA FABRIQUE DE LA DANSE - SDJES de Paris 24","date":"2025-07-08","first_seen_on":"2025-07-08T20:43:29+00:00","id":"c67193a3b9ad118c80f89bb63f4fe4dc97472ea370af383dc8306d33072866d1","name":"recueil-idf-016-2025-07-recueil-des-actes-administratifs-special du 08.07.2025","pdf_creation_date":"2025-07-08T14:55:52+00:00","pdf_modification_date":null,"timezone":"Europe/Paris","url":"https://www.prefectures-regions.gouv.fr/ile-de-france/irecontenu/telechargement/129330/952454/file/recueil-idf-016-2025-07-recueil-des-actes-administratifs-special%20du%2008.07.2025.pdf"}
