{"administration":"pref03","administration_name":"Pr\u00e9fecture de l\u2019Allier","content":"ALLIER\nRECUEIL DES ACTES\nADMINISTRATIFS SP\u00c9CIAL\nN\u00b003-2025-168\nPUBLI\u00c9 LE  3 OCTOBRE 2025\nSommaire\n03_DDFIP_Direction D\u00e9partementale des Finances Publiques de l'Allier /\nStrat\u00e9gie / Contr\u00f4le de Gestion / Qualit\u00e9 de Service\n03-2025-10-03-00001 - Arr\u00eat\u00e9 N\u00b02162 2025 modification composition\nCDVL de l'Allier (4 pages) Page 3\n2\n03_DDFIP_Direction D\u00e9partementale des\nFinances Publiques de l'Allier\n03-2025-10-03-00001\nArr\u00eat\u00e9 N\u00b02162 2025 modification composition\nCDVL de l'Allier\n03_DDFIP_Direction D\u00e9partementale des Finances Publiques de l'Allier - 03-2025-10-03-00001 - Arr\u00eat\u00e9 N\u00b02162 2025 modification\ncomposition CDVL de l'Allier 3\nDirection d\u00e9partementalePR\u00c9FET des fi bi dDE VALLIER es finances pu iques | eLibert\u00e9 l'Alliergalit\u00e9Fraternit\u00e9\nN\u00b02409, 12025ARR\u00caT\u00c9modifiant l'arr\u00eat\u00e9 n\u00b0 1669/2025 du 05/08/2025 portant composition de la commissiond\u00e9partementale des valeurs locatives (CDVL) de L'AllierLe pr\u00e9fet de l'AllierChevalier de l'Ordre national du M\u00e9rite\nVU le code g\u00e9n\u00e9ral des imp\u00f4ts, notamment son article 1650 B ;VU l'annexe II au code g\u00e9n\u00e9ral des imp\u00f4ts, notamment ses articles 371 ter | \u00e0 371 ter K ;VU la d\u00e9lib\u00e9ration n\u00b0 CD-Avril 2025-30-59 du 10 avril 2025 du conseil d\u00e9partemental de l'Allierportant d\u00e9signation des repr\u00e9sentants du conseil d\u00e9partemental aupr\u00e8s de la commissiond\u00e9partementale des valeurs locatives du d\u00e9partement de l'Allier et de leurs suppl\u00e9ants ;VU les lettres des 27 octobre 2021 et 29 ao\u00fbt 2025 de l'association d\u00e9partementale des mairesproc\u00e9dant \u00e0 la d\u00e9signation des repr\u00e9sentants des maires et des \u00e9tablissements publics decoop\u00e9ration intercommunale \u00e0 fiscalit\u00e9 propre aupr\u00e8s de la commission d\u00e9partementale desvaleurs locatives du d\u00e9partement de l'Allier ainsi que de leurs suppl\u00e9ants ;VU l'arr\u00eat\u00e9 n\u00b0 1668 du 05/08/2025 portant d\u00e9signation des repr\u00e9sentants des contribuables ausein de la commission d\u00e9partementale des valeurs locatives du d\u00e9partement de l'Allier ainsi quede leurs suppl\u00e9ants, apr\u00e8s consultation de la chambre de commerce et d'industrie de l'Allier endate des 22 septembre 2021 et 02 f\u00e9vrier 2022, de la chambre des m\u00e9tiers et de l'artisanat del'Allier en date des 13 septembre 2021, 07 d\u00e9cembre 2021 et 07 juillet 2025, des organisationsd'employeurs au niveau interprofessionnel les plus repr\u00e9sentatives et des organisationsrepr\u00e9sentatives des professions lib\u00e9rales du d\u00e9partement de l'Allier en date des 27 septembre2021, 21 octobre 2021, 08 novembre 2021, 19 septembre 2021, 13 octobre 2021 et 16 f\u00e9vrier2022 ;VU l'arr\u00eat\u00e9 n\u00b0 1669 du 05/08/2025 portant composition de la commission d\u00e9partementale desvaleurs locatives (CDVL) de l'Allier ;Consid\u00e9rant que la liste des membres de la commission d\u00e9partementale des valeurs locatives dud\u00e9partement de l'Allier, autres que les parlementaires et les repr\u00e9sentants de l'administrationfiscale, doit \u00eatre arr\u00eat\u00e9e par le repr\u00e9sentant de l'\u00c9tat ;Consid\u00e9rant que le nombre de si\u00e8ges \u00e0 pourvoir pour les repr\u00e9sentants du conseil d\u00e9partementalau sein de la commission d\u00e9partementale des valeurs locatives s'\u00e9l\u00e8ve \u00e0 2 ;Consid\u00e9rant que le nombre de si\u00e8ges \u00e0 pourvoir pour les repr\u00e9sentants des maires est de 4 ;\nPr\u00e9fecture de l'Allier2 rue Michel de l'HospitalCS 31649 - 03016 MOULINS CedexT\u00e9l. 04 70 48 30 00 \u2014 prefecture@allier.gouv.frwww.allier.gouv.fr\n03_DDFIP_Direction D\u00e9partementale des Finances Publiques de l'Allier - 03-2025-10-03-00001 - Arr\u00eat\u00e9 N\u00b02162 2025 modification\ncomposition CDVL de l'Allier 4\nConsid\u00e9rant que le nombre de si\u00e8ges \u00e0 pourvoir pour les repr\u00e9sentants des\u00e9tablissements publics de coop\u00e9ration intercommunale \u00e0 fiscalit\u00e9 propre est de 4 ;Consid\u00e9rant que le nombre de si\u00e8ges \u00e0 pourvoir pour les repr\u00e9sentants des contribuables s'\u00e9l\u00e8veaQ;Consid\u00e9rant qu'il y a lieu de fixer la liste des membres de la commission d\u00e9partementale desvaleurs locatives du d\u00e9partement de |'Allier dans les conditions pr\u00e9vues aux articles 371 ter | \u00e0371 ter K de l'annexe Il au code g\u00e9n\u00e9ral des imp\u00f4ts susvis\u00e9 ;\nARRETEArticle 1\u00b0\" : La commission d\u00e9partementale des valeurs locatives du d\u00e9partement de l'Allier estcompos\u00e9e comme suit:AU TITRE DES REPR\u00c9SENTANTS DU CONSEIL D\u00c9PARTEMENTAL:TitulairesSuppl\u00e9antsFabrice MARIDET Roger LITAUDONJean LAURENT Pascal PERRIN\nAU TITRE DES REPR\u00c9SENTANTS DES MAIRES :TitulairesSuppl\u00e9antsJean Pierre GUERIN Francis NOUHANTFran\u00e7ois SENNEPIN Elisabeth CUISSETRen\u00e9 BEYLOT Didier PAQUERIAUDElisabeth BLANCHET Ludovic CHAPUT\nAU TITRE DES REPR\u00c9SENTANTS DES \u00c9TABLISSEMENTS PUBLICS DE COOP\u00c9RATIONINTERCOMMUNALE A FISCALIT\u00c9 PROPRE :TitulairesSuppl\u00e9antsFr\u00e9d\u00e9ric LAPORTE Mohammed KEMIHNo\u00ebl PRUGNAUD Ginette ROUZEAUG\u00e9rard LAPLANCHE Denis CLERGETDidier HANGARD Jacques de CHABANNES\nAU TITRE DES REPR\u00c9SENTANTS DES CONTRIBUABLES :Titulaires Suppl\u00e9antsMarie-Pierre ROUSSELOTNicolas DESVAUXC\u00e9dric MAGNIER Bernard CANARDKarine LAMBERT Laurent MAZALBruno BELLOSTAJean-Fran\u00e7ois BOURGEOTDominique DIAT Fran\u00e7ois GUENEAUNathalie BOURGEOT Christophe LERUEZMathieu PEPIN David ROBERJOTFabrice MATICHARDVal\u00e9rie KACZOREKPierre DELMAS Franck COURSOLLE\n03_DDFIP_Direction D\u00e9partementale des Finances Publiques de l'Allier - 03-2025-10-03-00001 - Arr\u00eat\u00e9 N\u00b02162 2025 modification\ncomposition CDVL de l'Allier 5\nArticle 2 : Le Secr\u00e9taire g\u00e9n\u00e9ral et le Directeur d\u00e9partemental des Finances publiques de l'Alliersont charg\u00e9s, chacun en ce qui le concerne, d'assurer l'ex\u00e9cution du pr\u00e9sent arr\u00eat\u00e9.Les membres de la commission d\u00e9partementale des valeurs locatives du d\u00e9partement de l'Alliersont r\u00e9unis \u00e0 l'initiative du Directeur d\u00e9partemental des Finances publiques.Article 3 : Le pr\u00e9sent arr\u00eat\u00e9 sera publi\u00e9 au recueil des actes administratifs de la pr\u00e9fecture del'Allier.\nMoulins, le - 3 OCT. 2025Le pr\u00e9fet\nChristophe NOEL du PAYRAT\n03_DDFIP_Direction D\u00e9partementale des Finances Publiques de l'Allier - 03-2025-10-03-00001 - Arr\u00eat\u00e9 N\u00b02162 2025 modification\ncomposition CDVL de l'Allier 6\nAus AE =\nC2\nLA\n03_DDFIP_Direction D\u00e9partementale des Finances Publiques de l'Allier - 03-2025-10-03-00001 - Arr\u00eat\u00e9 N\u00b02162 2025 modification\ncomposition CDVL de l'Allier 7","date":"2025-10-03","first_seen_on":"2025-10-03T14:08:09+00:00","id":"c70c3b690cd4eb8a5047fa5e98fd517a4cb4afb658baff9114ce9937e452c85f","name":"recueil nr sp\u00e9cial - \u00e9dit\u00e9 le 03 octobre 2025","pdf_creation_date":"2025-10-03T13:36:47+00:00","pdf_modification_date":null,"timezone":"Europe/Paris","url":"https://www.allier.gouv.fr/contenu/telechargement/18742/127808/file/recueil-03-2025-168-recueil-des-actes-administratifs-special.pdf"}
