{"administration":"pref01","administration_name":"Pr\u00e9fecture de l\u2019Ain","content":"AIN\nRECUEIL DES ACTES\nADMINISTRATIFS\nN\u00b001-2026-061\nPUBLI\u00c9 LE 20 F\u00c9VRIER 2026\nSommaire\n01_Pref_Pr\u00e9fecture de l'Ain /\n01-2026-02-18-00003 - Arr\u00eat\u00e9 pr\u00e9fectoral portant approbation du\ncahier des charges de cession de terrain \u00e0 la soci\u00e9t\u00e9 JUMBO HOTEL-2\n(2 pages) Page 3\n01-2026-02-17-00002 - D\u00e9cision 2026-03 de fermeture d\u00e9finitive-d\u00e9bit\nn\u00b00100177G-1 (1 page) Page 6\n2\n01_Pref_Pr\u00e9fecture de l'Ain\n01-2026-02-18-00003\nArr\u00eat\u00e9 pr\u00e9fectoral portant approbation du\ncahier des charges de cession de terrain \u00e0 la\nsoci\u00e9t\u00e9 JUMBO HOTEL-2\n01_Pref_Pr\u00e9fecture de l'Ain - 01-2026-02-18-00003 - Arr\u00eat\u00e9 pr\u00e9fectoral portant approbation du cahier des charges de cession de\nterrain \u00e0 la soci\u00e9t\u00e9 JUMBO HOTEL-2 3\n=mPREFETDE L'AINLibert\u00e9Egalit\u00e9Fraternit\u00e9\nDirection des collectivit\u00e9s et de l'appui territorial\nArr\u00eat\u00e9 pr\u00e9fectoral \nportant approbation du cahier des charges de cession de terrains\n\u00e0 la soci\u00e9t\u00e9 JUMBO H\u00d4TEL, ou \u00e0 toute autre personne morale venant au droit de cette derni\u00e8re\nLe pr\u00e9fet de l'Ain,\nVu le code de l'urbanisme et notamment ses articles L311-6 et D311-11-1 ;\nVu l'arr\u00eat\u00e9 pr\u00e9fectoral du 15 octobre 2002 portant cr\u00e9ation de la zone d'am\u00e9nagement\nconcert\u00e9 du parc industriel de la Plaine de l'Ain ;\nVu l'arr\u00eat\u00e9 pr\u00e9fectoral du 26 f\u00e9vrier 2025  approuvant le cahier des charges de cession du\nterrain cadastr\u00e9 n\u00b0 53 section AB sur la commune de Blyes \u00e0 la soci\u00e9t\u00e9 EOX INVEST pour une\nsuperficie c\u00e9d\u00e9e de 4 361 m ;\nVu les courriers des 18 d\u00e9cembre 2025 et 11 f\u00e9vrier 2026 de la directrice du Syndicat\nmixte du Parc industriel de la Plaine de l'Ain dans lequel elle demande l'annulation de l'arr\u00eat\u00e9\npr\u00e9fectoral du 26 f\u00e9vrier 2025 pr\u00e9cit\u00e9 et dans lequel elle  sollicite l'approbation du \u00ab  cahier des\ncharges de cession de terrain cadastr\u00e9 n\u00b0 53 section AB \u00e0 BLYES pour une superficie c\u00e9d\u00e9e\nd'environ 4361 m\u00b2 \u00e0 la soci\u00e9t\u00e9 JUMBO H\u00d4TEL ou toute autre personne morale venant au droit de\ncette derni\u00e8re ; \nVu le cahier des charges de cession de terrain pr\u00e9sent\u00e9 \u00e0 l'appui des demandes du 18\nd\u00e9cembre 2025 et du 11 f\u00e9vrier 2026 de la directrice du Parc industriel de la Plaine de l'Ain ;\nConsid\u00e9rant que la soci\u00e9t\u00e9 EOX INVEST s'est d\u00e9sengag\u00e9e sur la parcelle concern\u00e9e ;\nSur proposition du sous-pr\u00e9fet de Belley ;\nARR\u00caTE  \nArticle 1 : L'arr\u00eat\u00e9 pr\u00e9fectoral du 26 f\u00e9vrier 2025 qui approuve le \u00ab  cahier des charges de cession\nde terrain \u00ab  cadastr\u00e9 section AB n\u00b0 53 situ\u00e9 \u00e0 BLYES \u00e0 la soci\u00e9t\u00e9 EOX INVEST pour une superficie\nc\u00e9d\u00e9e de 4361 m2 ou  toute autre soci\u00e9t\u00e9 venant au droit de cette derni\u00e8re, est annul\u00e9.\nArticle 2  :  Est approuv\u00e9  le cahier des charges de cession de terrain  cadastr\u00e9 n\u00b0 53 section AB\nsitu\u00e9 \u00e0 BLYES \u00e0 la soci\u00e9t\u00e9 JUMBO H\u00d4TEL ou  toute autre soci\u00e9t\u00e9 venant au droit de cette derni\u00e8re\npour une superficie c\u00e9d\u00e9e d'environ 4 361 m\u00b2.\nArticle 3 : Le cahier des charges approuv\u00e9 peut \u00eatre consult\u00e9 au si\u00e8ge du syndicat mixte du parc\nindustriel de la Plaine de l'Ain.\nLe pr\u00e9sent arr\u00eat\u00e9 devra \u00eatre affich\u00e9 \u00e0 la porte principale de la mairie de BLYES pendant une\ndur\u00e9e d'un mois et sera \u00e9galement publi\u00e9 au recueil des actes administratifs de la pr\u00e9fecture de\nl'Ain.\n01_Pref_Pr\u00e9fecture de l'Ain - 01-2026-02-18-00003 - Arr\u00eat\u00e9 pr\u00e9fectoral portant approbation du cahier des charges de cession de\nterrain \u00e0 la soci\u00e9t\u00e9 JUMBO HOTEL-2 4\nArticle 4     :   Le sous-pr\u00e9fet de Belley, le pr\u00e9sident du syndicat mixte du Parc industriel de la\nPlaine de l'Ain et le maire de Blyes sont charg\u00e9s, chacun en ce qui le concerne, de l'ex\u00e9cution\ndu pr\u00e9sent arr\u00eat\u00e9.\n   Fait \u00e0 Belley, le 18 f\u00e9vrier 2026\nLe pr\u00e9fet\npour le pr\u00e9fet,\nle sous-pr\u00e9fet de Belley,\n                                                                                                  Sign\u00e9 Christophe DUVERNE\n01_Pref_Pr\u00e9fecture de l'Ain - 01-2026-02-18-00003 - Arr\u00eat\u00e9 pr\u00e9fectoral portant approbation du cahier des charges de cession de\nterrain \u00e0 la soci\u00e9t\u00e9 JUMBO HOTEL-2 5\n01_Pref_Pr\u00e9fecture de l'Ain\n01-2026-02-17-00002\nD\u00e9cision 2026-03 de fermeture d\u00e9finitive-d\u00e9bit\nn\u00b00100177G-1\n01_Pref_Pr\u00e9fecture de l'Ain - 01-2026-02-17-00002 - D\u00e9cision 2026-03 de fermeture d\u00e9finitive-d\u00e9bit n\u00b00100177G-1 6\nREPUBLIQUEFRANCAISELibert\u00e9Egalit\u00e9Fraternit\u00e9\nDirection g\u00e9n\u00e9rale des douanes\net droits indirects\nL'administrateur g\u00e9n\u00e9ral des douanes,\nDirecteur interr\u00e9gional des douanes et \ndroits indirects d'Auvergne Rh\u00f4ne-Alpes,\nAnnecy, le 17/02/2026\nD\u00e9cision N\u00b02026-03 de fermeture d\u00e9finitive\nVu l'article L3512-14-3 du code de la sant\u00e9 publique ;\nVu le d\u00e9cret n\u00b02010-720 du 28 juin 2010 modifi\u00e9 relatif \u00e0 l'exercice du monopole de la vente  \nau d\u00e9tail des tabacs manufactur\u00e9s et notamment son article 37-4\u00b0 ;\nDECIDE\nArticle 1  : La fermeture d\u00e9finitive du d\u00e9bit de tabac ordinaire permanent n\u00b00100177G sis 13  \nPlace de la Mairie \u00e0 Dompierre-sur-Veyle (01240) avec effet au 14/01/2026;\nArticle  2  :  Le  directeur  interr\u00e9gional  des  douanes  et  droits  indirects  d'Auvergne  \nRh\u00f4ne-Alpes \u00e0 Lyon est charg\u00e9 de l'ex\u00e9cution de la pr\u00e9sente d\u00e9cision qui sera publi\u00e9e  \nau recueil des actes administratifs de la Pr\u00e9fecture de l'Ain. \n  L'administrateur g\u00e9n\u00e9ral des douanes,\n                        Directeur interr\u00e9gional des douanes et droits indirects \n                    d'Auvergne Rh\u00f4ne-Alpes,\n                                                        Par d\u00e9l\u00e9gation l'administrateur sup\u00e9rieur des douanes\n                  p/o le Directeur r\u00e9gional \u00e0 Annecy\nChef du P\u00f4le Action Economique\n                      ORIGINAL SIGNE\n  Bruno RAYNE\nCette d\u00e9cision peut faire l'objet d'un recours contentieux devant le Tribunal administratif de Lyon dans le d\u00e9lai de \ndeux mois suivant la date de la publication de la d\u00e9cision\nDIRECTION R\u00c9GIONALE DES DOUANES\nET DROITS INDIRECTS D'ANNECY\nP\u00f4le d'action \u00e9conomique\nService tabacs\n34 avenue du Parmelan\n74004 ANNECY cedex\nAffaire suivie par : V. PASSELAC / M. VIAUD\nT\u00e9l : 09 702 73039\nCourriel :  douanetabac74@douane.finances.gouv.fr\nR\u00e9f. :\n01_Pref_Pr\u00e9fecture de l'Ain - 01-2026-02-17-00002 - D\u00e9cision 2026-03 de fermeture d\u00e9finitive-d\u00e9bit n\u00b00100177G-1 7","date":"2026-02-20","first_seen_on":"2026-02-20T17:07:03+00:00","id":"c7dec7020ccc051e0220401b3541d77dea7c9e55d584288e27ddf63882199ac3","name":"recueil-01-2026-061-recueil-des-actes-administratifs-special - 20-02-2026","pdf_creation_date":"2026-02-20T15:08:42+00:00","pdf_modification_date":null,"timezone":"Europe/Paris","url":"https://www.ain.gouv.fr/contenu/telechargement/34768/242783/file/recueil-01-2026-061-recueil-des-actes-administratifs-special%20-%2020-02-2026.pdf"}
