{"administration":"pref92","administration_name":"Pr\u00e9fecture des Hauts-de-Seine","content":"EPR\u00c9FETDES HAUTS-DE-SEINELibert\u00e9Egalit\u00e9Fraternit\u00e9\n2 AR D D SR 2 DR DE HER FE 2 OMR LL UE M Se\nmeat ee D SR EE 2 D EE ER D SR EE wm DR EE BUCO = Be pe\nSR SR Pe UE\n1\nRECUEIL\nDES\nACTES ADMINISTRATIFS\nDIRECTION R\u00c9GIONALE ET\nINTERD\u00c9PARTEMENTALE DE L'\u00c9CONOMIE,\nDE L'EMPLOI, DU TRAVAIL ET DES\nSOLIDARIT\u00c9S\nUnit\u00e9 d\u00e9partementale des Hauts-de-Seine\nN\u00b0 Sp\u00e9cial 10 d\u00e9cembre 2025\nee\nan =\nLADR DR D D DEEE DRD 2\nEn Du LA RER Y\nLILI IRR M  M MIRE\nA MR wR eee,  ese MR\nmM Mn DURE AIME\nv4we  ee  eee\n= 7 a . a\n\u2014\na aas 1 \u00ab CL , \" PDARRR RARE  AIME\nrN  FAA Fn  PE  an\n=  7 , . , 1 , 1 a  oe  a CL a\nES  im Am mn Fn  PE  Am\n= 7 , . , 1 , 1 a CL dan nur 1 .\nrN  FAA MM  AA RR  4 \u2014\n= 7 , . , 1 , 1 a CL dan nur 1 .\nrN  FAA mm  143 a al Am\n= 7 , . , 1 , 1 a CL dan nur 1 .\nrN  FAA Fn  PE  ma\n= 7 , . , 1 , 1 a CL dan nur 1 .\nrN  FAA Fn  PE  mm\n2\nPR\u00c9FET DES HAUTS-DE-SEINE\nRECUEIL DES ACTES ADMINISTRATIFS\nN\u00b0 Sp\u00e9cial DRIEETS-UD92 du 10 d\u00e9cembre 2025\nSOMMAIRE\nR\u00e9c\u00e9piss\u00e9s,\narr\u00eat\u00e9s Dates\nDIRECTION R\u00c9GIONALE ET\nINTERD\u00c9PARTEMENTALE DE L'\u00c9CONOMIE,\nDE L'EMPLOI, DU TRAVAIL ET DES\nSOLIDARIT\u00c9S\nPages\nDRIEETS-UD92\nn\u00b02025-598 03.11.2025\nArr\u00eat\u00e9 accordant l'agr\u00e9ment SAP923354005 \u00e0\nl'association POLE AUTONOMIE PERSONNES\nAGEES ET HANDICAPEES sise 27 Avenue de\nVerdun \u00e0 Vanves (92170)\n9\nDRIEETS-UD92\nn\u00b02025-599 03.11.2025\nR\u00e9c\u00e9piss\u00e9 de d\u00e9claration modificative d'activit\u00e9s\nde services \u00e0 la personne enregistr\u00e9e sous le n\u00b0\nSAP\u202f923354005 au nom de l'association POLE\nAUTONOMIE PERSONNES AGEES ET\nHANDICAPEES sise 27 Avenue de Verdun \u00e0\nVanves (92170)\n13\nDRIEETS-UD92\nn\u00b02025-600 03.11.2025\nR\u00e9c\u00e9piss\u00e9 de d\u00e9claration d'activit\u00e9s de services\n\u00e0 la personne enregistr\u00e9e sous le n\u00b0\nSAP993249143 au nom de la micro-entreprise\nOMAR BELHADJ sise 7 Rue Jean Perrin \u00e0\nGENNEVILLIERS (92230)\n17\nDRIEETS-UD92\nn\u00b02025-601 03.11.2025\nR\u00e9c\u00e9piss\u00e9 de d\u00e9claration d'activit\u00e9s de services\n\u00e0 la personne enregistr\u00e9e sous le n\u00b0\nSAP993248905 au nom de la micro-entreprise\nLOQUET OLIVIER sise 2 R\u00e9sidence des Tulipes\n\u00e0 NANTERRE (92000)\n19\nDRIEETS-UD92\nn\u00b02025-602 03.11.2025\nR\u00e9c\u00e9piss\u00e9 de d\u00e9claration d'activit\u00e9s de services\n\u00e0 la personne enregistr\u00e9e sous le n\u00b0\nSAP992662395 au nom de la micro-entreprise\nPELAGE Claudio sise 54 Grande Rue \u00e0 SEVRES\n(92310)\n21\nDRIEETS-UD92\nn\u00b02025-603 03.11.2025\nR\u00e9c\u00e9piss\u00e9 de d\u00e9claration d'activit\u00e9s de services\n\u00e0 la personne enregistr\u00e9e sous le n\u00b0\nSAP990135642 au nom de la micro-entreprise\nMARI MAHAMADOU sise 17 Rue Basly 92230\nChez M TRAORE BASSIROU \u00e0\nGENNEVILLIERS (92230)\n23\n= 7 LA . , 17 1 a CL a , 1 .\nrN  FAA MM  AA RR  ne\na nas 1 \" 1 \"1 , \"\nES  im Am mn Fn  PE  nn\n= 7 , . , 17 1 a oe oo CL dan nur\nrN  FAA mm  143 a al ma\na aas \" 1 , \"\nrN  FAA MM  AA RR  a=\n= 7 , . , 17 1 oo oad a \"1 an nur\nrN  FAA Fn  PE  an\na aas oom , ( M/A RRA  ARR REAR  ON!ES  im Am mn Fn  PE  a\n= 7 , . , 17 1 a oe oo CL dan nur\nES  im Am mn mm  AA MMM  am\nr r= MIRE  IA  RER PER AR  ere on me RA\nrN  FAA mm  143 a al am\nr= MIRE  = \u2014  = RIRE  st  =nR aes 1  = \u2014\nrN  FAA Fn  PE  m\u2014a\n= 7 LA . , 17 1 a CL a , 1 .\nrN  FAA mA 414 oO el\n3\nDRIEETS-UD92\nn\u00b02025-604 03.11.2025\nR\u00e9c\u00e9piss\u00e9 de d\u00e9claration d'activit\u00e9s de services\n\u00e0 la personne enregistr\u00e9e sous le n\u00b0\nSAP993249564 au nom de la micro-entreprise\nWARK TOM sise 1 all\u00e9e Louis Jouvet \u00e0\nASNIERES-SUR-SEINE (92600)\n25\nDRIEETS-UD92\nn\u00b02025-605 03.11.2025\nArr\u00eat\u00e9 portant renouvellement de l'agr\u00e9ment\nSAP882759434 \u00e0 la SARL SMJ SERVICES sise\n16 Avenue Joseph Froment \u00e0 La Garenne\nColombes (92250)\n27\nDRIEETS-UD92\nn\u00b02025-606 03.11.2025\nR\u00e9c\u00e9piss\u00e9 de d\u00e9claration modificative d'activit\u00e9s\nde services \u00e0 la personne enregistr\u00e9e sous le n\u00b0\nSAP882759434 au nom de la SARL SMJ\nSERVICES sise 16 Avenue Joseph Froment \u00e0 la\nGarenne Colombes (92250)\n31\nDRIEETS-UD92\nn\u00b02025-607 03.11.2025\nArr\u00eat\u00e9 portant renouvellement de l'agr\u00e9ment\nSAP\u202f813682945 \u00e0 la SARL AB SENIORS\nSERVICES sise 113 Rue des Bourguignons \u00e0\nBois-Colombes (92270)\n35\nDRIEETS-UD92\nn\u00b02025-608 03.11.2025\nR\u00e9c\u00e9piss\u00e9 de d\u00e9claration modificative d'activit\u00e9s\nde services \u00e0 la personne enregistr\u00e9e sous le n\u00b0\nSAP 813682945 au nom de la SARL AB\nSENIORS SERVICES sise 113 Rue des\nBourguignons \u00e0 Bois-Colombes (92270)\n39\nDRIEETS-UD92\nn\u00b02025-609 03.11.2025\nArr\u00eat\u00e9 accordant l'agr\u00e9ment SAP983320532 \u00e0 la\nSAS COLOMBAGE COMPAGNIE sise 33 Rue\nSevin Vincent \u00e0 Saint-Cloud (92210)\n42\nDRIEETS-UD92\nn\u00b02025-610 03..11.2025\nR\u00e9c\u00e9piss\u00e9 de d\u00e9claration modificative d'activit\u00e9s\nde services \u00e0 la personne enregistr\u00e9e sous le n\u00b0\nSAP\u202f983320532 au nom de la SAS\nCOLOMBAGE COMPAGNIE sise 33 Rue Sevin \u00e0\nSaint-Cloud (92210)\n46\nDRIEETS-UD92\nn\u00b02025-611 03.11.2025\nD\u00c9CISION D'AGR\u00c9MENT ENTREPRISE\nSOLIDAIRE D'UTILITE SOCIALE (ESUS)\nN\u00b02025-611 DU 03 NOVEMBRE 2025 SAS\nCROIX ROUGE NEXEM INNOVATION\n49\nDRIEETS-UD92\nn\u00b02025-612 03.11.2025\nD\u00c9CISION DE RENOUVELLEMENT DE\nL'AGR\u00c9MENT ENTREPRISE SOLIDAIRE\nD'UTILITE SOCIALE (ESUS) N\u00b02025-612 DU\n03 NOVEMBRE 2025 SAS L'IMMOBILIER\nSOLIDAIRE ET ASSOCIATIF (ISA)\n51\nDRIEETS-UD92\nn\u00b02025-613 04.11.2025\nR\u00e9c\u00e9piss\u00e9 de d\u00e9claration d'activit\u00e9s de services\n\u00e0 la personne enregistr\u00e9e sous le n\u00b0\nSAP991998360 au nom de la micro-entreprise\nDEMBELE SEYBA sise 136 Av. Pablo Picasso \u00e0\nNANTERRE (92000)\n53\n= mime ae mn\" Fo a Le\n= mime ae mn\" n= aa Fo a el\nreese a mA Am aa Fo a el\nreese a mA Am aa Fo a el\n= mime ae mn\" Am aa Fo a el\nreese a mA mm  mr\nnn  mn mA mm  mr\nnn  mn mA a= aa Fo a el\nreese a mA a= aa Fo a el\n4\nDRIEETS-UD92\nn\u00b02025-614 04.11.2025\nR\u00e9c\u00e9piss\u00e9 de d\u00e9claration d'activit\u00e9s de services\n\u00e0 la personne enregistr\u00e9e sous le n\u00b0\nSAP930459235 au nom de la SAS KIDDOBEE\nsise 77 Rue Martre \u00e0 CLICHY (92110)\n55\nDRIEETS-UD92\nn\u00b02025-615 05.11.2025\nR\u00e9c\u00e9piss\u00e9 de d\u00e9claration d'activit\u00e9s de services\n\u00e0 la personne enregistr\u00e9e sous le n\u00b0\nSAP993260785 au nom de la micro-entreprise\nHAZEL SISON sise 10 boulevard Jean Mermoz \u00e0\nNEUILLY-SUR-SEINE (92200)\n57\nDRIEETS-UD92\nn\u00b02025-616 12.11.2025\nR\u00e9c\u00e9piss\u00e9 de d\u00e9claration d'activit\u00e9s de services\n\u00e0 la personne enregistr\u00e9e sous le n\u00b0\nSAP993301415 au nom de la micro-entreprise\nCAMILLE HOURRIEZ sise 10 Rue des\nG\u00e9raniums \u00e0 RUEIL-MALMAISON (92500)\n59\nDRIEETS-UD92\nn\u00b02025-617 12.11.2025\nR\u00e9c\u00e9piss\u00e9 de d\u00e9claration d'activit\u00e9s de services\n\u00e0 la personne enregistr\u00e9e sous le n\u00b0\nSAP993395565 au nom de la micro-entreprise\nTASSART ANAIS LOUISE MARIETTE sise 12\nboulevard Jean Jaur\u00e8s \u00e0 CLICHY (92110)\n61\nDRIEETS-UD92\nn\u00b02025-619 12.11.2025\nR\u00e9c\u00e9piss\u00e9 de d\u00e9claration d'activit\u00e9s de services\n\u00e0 la personne enregistr\u00e9e sous le n\u00b0\nSAP993093681 au nom de la micro-entreprise\nCOUTISSON CECILE sise 19 All\u00e9e Henri Sellier\n\u00e0 PUTEAUX (92800)\n63\nDRIEETS-UD92\nn\u00b02025-620 12.11.2025\nR\u00e9c\u00e9piss\u00e9 de d\u00e9claration d'activit\u00e9s de services\n\u00e0 la personne enregistr\u00e9e sous le n\u00b0\nSAP993428333 au nom de la micro-entreprise\nRAYMOND PIERRE ESOUARD DIATTA sise 3\nRue Du Capitaine Bossard Chez Mme PREIRA\nMARIE THERESE \u00e0 ASNIERES-SUR-SEINE\n(92600)\n65\nDRIEETS-UD92\nn\u00b02025-621 17.11.2025\nR\u00e9c\u00e9piss\u00e9 de d\u00e9claration d'activit\u00e9s de services\n\u00e0 la personne enregistr\u00e9e sous le n\u00b0\nSAP993344886 au nom de la micro-entreprise\nRAHARIJAONA TAHIRISOA sise 5 Rue de Paris\n\u00e0 CLICHY (92110)\n67\nDRIEETS-UD92\nn\u00b02025-622 17.11.2025\nR\u00e9c\u00e9piss\u00e9 de d\u00e9claration d'activit\u00e9s de services\n\u00e0 la personne enregistr\u00e9e sous le n\u00b0\nSAP993196500 au nom de la micro-entreprise\nBORDES ROMEO sise 47 Avenue des Gr\u00e9sillons\n\u00e0 GENNEVILLIERS (92230)\n69\nDRIEETS-UD92\nn\u00b02025-623 17.11.2025\nR\u00e9c\u00e9piss\u00e9 de d\u00e9claration d'activit\u00e9s de services\n\u00e0 la personne enregistr\u00e9e sous le n\u00b0\nSAP993415793 au nom de la micro-entreprise\nPHILIPPE NOEMIE sise 19 Avenue Georges\nClemenceau \u00e0 SCEAUX (92330)\n71\nreese a mA Fo a Le\nreese a mA Fo a Le\nreese a mA Fo a Le\nreese a mA Fo a Le\nreese a mA mm  mr\nnn  mn mA Fo a Le\nreese a mA mm  mr\n= mime ae mn\" Fo a Le\nreese a mA mm  mr\n5\nDRIEETS-UD92\nn\u00b02025-624 17.11.2025\nR\u00e9c\u00e9piss\u00e9 de d\u00e9claration d'activit\u00e9s de services\n\u00e0 la personne enregistr\u00e9e sous le n\u00b0\nSAP993118629 au nom de la micro-entreprise\nAuriane MINAMO sise 7 rue Th\u00e9ophile Gautier \u00e0\nMONTROUGE (92120)\n73\nDRIEETS-UD92\nn\u00b02025-625 17.11.2025\nR\u00e9c\u00e9piss\u00e9 de d\u00e9claration d'activit\u00e9s de services\n\u00e0 la personne enregistr\u00e9e sous le n\u00b0\nSAP993355692 au nom de la micro-entreprise\nMalo DELAPORTE sise 88 Route De la Reine \u00e0\nBOULOGNE-BILLANCOURT (92100)\n75\nDRIEETS-UD92\nn\u00b02025-626 17.11.2025\nR\u00e9c\u00e9piss\u00e9 de d\u00e9claration d'activit\u00e9s de services\n\u00e0 la personne enregistr\u00e9e sous le n\u00b0\nSAP993461490 au nom de la micro-entreprise\nFALL DAMEL-BIRIMA sise 86 Bis Rue Martre \u00e0\nCLICHY (92110)\n77\nDRIEETS-UD92\nn\u00b02025-627 17.11.2025\nR\u00e9c\u00e9piss\u00e9 de d\u00e9claration d'activit\u00e9s de services\n\u00e0 la personne enregistr\u00e9e sous le n\u00b0\nSAP993288836 au nom de la micro-entreprise\nImen BENMOUSSA sise 1 Rue Voltaire \u00e0\nLEVALLOIS-PERRET (92300)\n79\nDRIEETS-UD92\nn\u00b02025-628 17.11.2025\nR\u00e9c\u00e9piss\u00e9 de d\u00e9claration d'activit\u00e9s de services\n\u00e0 la personne enregistr\u00e9e sous le n\u00b0\nSAP993118702 au nom de la micro-entreprise\nMeg RONDY sise 83 Bis Rue de Villiers \u00e0\nNEUILLY-SUR-SEINE (92200)\n81\nDRIEETS-UD92\nn\u00b02025-629 17.11.2025\nR\u00e9c\u00e9piss\u00e9 de d\u00e9claration d'activit\u00e9s de services\n\u00e0 la personne enregistr\u00e9e sous le n\u00b0\nSAP992598904 au nom de la micro-entreprise\nTOURE EVE sise 1 Avenue Albert Petit \u00e0\nBAGNEUX (92220)\n83\nDRIEETS-UD92\nn\u00b02025-630 17.11.2025\nR\u00e9c\u00e9piss\u00e9 de d\u00e9claration d'activit\u00e9s de services\n\u00e0 la personne enregistr\u00e9e sous le n\u00b0\nSAP990548893 au nom de la micro-entreprise\nMargo DELPY sise 25 Rue Raymond Marcheron\n\u00e0 VANVES (92170)\n85\nDRIEETS-UD92\nn\u00b02025-631 17.11.2025\nR\u00e9c\u00e9piss\u00e9 de d\u00e9claration d'activit\u00e9s de services\n\u00e0 la personne enregistr\u00e9e sous le n\u00b0\nSAP992689612 au nom de la micro-entreprise\nVARLET KEVIN sise 6 Rue de la R\u00e9sistance \u00e0\nNANTERRE (92000)\n87\nDRIEETS-UD92\nn\u00b02025-632 17.11.2025\nR\u00e9c\u00e9piss\u00e9 de d\u00e9claration d'activit\u00e9s de services\n\u00e0 la personne enregistr\u00e9e sous le n\u00b0\nSAP993635036 au nom de la micro-entreprise\nREGUENA DYLAN sise 6 Rue Albert Neveu \u00e0\nCLAMART (92140)\n89\nreese a mA Fo a Le\nreese a mA mm  mr\nnn  mn mA mm  mr\n= mime ae mn\" Fo a Le\nreese a mA Fo a Le\n= mime ae mn\" Fo a Le\nreese a mA Fo a Le\nreese a mA mm  mr\n6\nDRIEETS-UD92\nn\u00b02025-633 17.11.2025\nR\u00e9c\u00e9piss\u00e9 de d\u00e9claration d'activit\u00e9s de services\n\u00e0 la personne enregistr\u00e9e sous le n\u00b0\nSAP823484167 au nom de la micro-entreprise\nMaritess CABACUNGAN sise 21 Rue Paul Bert \u00e0\nBOULOGNE-BILLANCOURT (92100)\n91\nDRIEETS-UD92\nn\u00b02025-634 18.11.2025\nR\u00e9c\u00e9piss\u00e9 de d\u00e9claration d'activit\u00e9s de services\n\u00e0 la personne enregistr\u00e9e sous le n\u00b0\nSAP993005834 au nom de la micro-entreprise\nESSINGA Hortense sise 112 Voie Promenade \u00e0\nVILLENEUVE-LA-GARENNE (92390)\n93\nDRIEETS-UD92\nn\u00b02025-635 18.11.2025\nR\u00e9c\u00e9piss\u00e9 de d\u00e9claration d'activit\u00e9s de services\n\u00e0 la personne enregistr\u00e9e sous le n\u00b0\nSAP993698166 au nom de la micro-entreprise\nPAUL GAUER sise 37 Rue Victor Basch \u00e0\nMONTROUGE (92120)\n95\nDRIEETS-UD92\nn\u00b02025-636 18.11.2025\nR\u00e9c\u00e9piss\u00e9 de d\u00e9claration d'activit\u00e9s de services\n\u00e0 la personne enregistr\u00e9e sous le n\u00b0\nSAP993697978 au nom de la micro-entreprise\nBARKET RAYAN sise 41 Avenue Jean Jaur\u00e8s \u00e0\nSURESNES (92150)\n97\nDRIEETS-UD92\nn\u00b02025-637 18.11.2025\nR\u00e9c\u00e9piss\u00e9 de d\u00e9claration d'activit\u00e9s de services\n\u00e0 la personne enregistr\u00e9e sous le n\u00b0\nSAP993684299 au nom de la micro-entreprise\nANDRE CORENTIN sise 7 Rue Joseph Delon \u00e0\nANTONY (92160)\n99\nDRIEETS-UD92\nn\u00b02025-638 18.11.2025\nR\u00e9c\u00e9piss\u00e9 de d\u00e9claration d'activit\u00e9s de services\n\u00e0 la personne enregistr\u00e9e sous le n\u00b0\nSAP993231679 au nom de la micro-entreprise\nCHILLI BELARBI LYES sise 28 Boulevard de\nStalingrad Chez KERNANE \u00e0 MALAKOFF\n(92240)\n101\nDRIEETS-UD92\nn\u00b02025-639 18.11.2025\nR\u00e9c\u00e9piss\u00e9 de d\u00e9claration d'activit\u00e9s de services\n\u00e0 la personne enregistr\u00e9e sous le n\u00b0\nSAP993160266 au nom de la micro-entreprise\nMESTAOUI MOHAMED sise 28 Boulevard de\nStalingrad Chez KERNANE \u00e0 MALAKOFF\n(92240)\n103\nDRIEETS-UD92\nn\u00b02025-640 19.11.2025\nR\u00e9c\u00e9piss\u00e9 de d\u00e9claration d'activit\u00e9s de services\n\u00e0 la personne enregistr\u00e9e sous le n\u00b0\nSAP993657295 au nom de la micro-entreprise\nSOUMARE AMINATA sise 8 all\u00e9e Jean Bouin \u00e0\nCHATENAY-MALABRY (92290)\n105\nreese a mA mm  mr\nnn  mn mA mm  mr\nnn  mn mA mm  mr\nnn  mn mA Fo a Le\nreese a mA Fo a Le\nreese a mA mm  mr\nnn  mn mA Fo a Le\nsano\naan\naan\naaa\naan\naan\namm\nnn  mn mA Fo a Le\n7\nDRIEETS-UD92\nn\u00b02025-641 19.11.2025\nR\u00e9c\u00e9piss\u00e9 de d\u00e9claration d'activit\u00e9s de services\n\u00e0 la personne enregistr\u00e9e sous le n\u00b0\nSAP992250480 au nom de la micro-entreprise\nKOUBAA NADIRA sise 16 RUE Edouard Manet \u00e0\nVILLENEUVE-LA-GARENNE (92390)\n107\nDRIEETS-UD92\nn\u00b02025-642 19.11.2025\nR\u00e9c\u00e9piss\u00e9 de d\u00e9claration d'activit\u00e9s de services\n\u00e0 la personne enregistr\u00e9e sous le n\u00b0\nSAP993849975 au nom de la micro-entreprise\nLACAMILE YASSINE sise 31 Rue Mauriceau \u00e0\nASNIERES-SUR-SEINE (92600)\n110\nDRIEETS-UD92\nn\u00b02025-643 24.11.2025\nR\u00e9c\u00e9piss\u00e9 de d\u00e9claration d'activit\u00e9s de services\n\u00e0 la personne enregistr\u00e9e sous le n\u00b0\nSAP992401240 au nom de la micro-entreprise\nBENIZEM Houa sise 35 Rue des Cailloux \u00e0\nCLICHY (92110)\n112\nDRIEETS-UD92\nn\u00b02025-644 24.11.2025\nR\u00e9c\u00e9piss\u00e9 de d\u00e9claration d'activit\u00e9s de services\n\u00e0 la personne enregistr\u00e9e sous le n\u00b0\nSAP993463413 au nom de la micro-entreprise\nFleur MONTFORT CHALMOT DE LA MESLIERE\nsise 2 All\u00e9e des Ch\u00e2taigniers \u00e0 RUEIL-\nMALMAISON (92500)\n114\nDRIEETS-UD92\nn\u00b02025-645 24.11.2025\nR\u00e9c\u00e9piss\u00e9 de d\u00e9claration d'activit\u00e9s de services\n\u00e0 la personne enregistr\u00e9e sous le n\u00b0\nSAP993243203 au nom de la micro-entreprise\nSULIMAN HUSSIN Mohammed sise 3 Bis Rue\nVictor Hugo Chez DOM'ASILE \u00e0 COLOMBES\n(92700)\n116\nDRIEETS-UD92\nn\u00b02025-646 24.11.2025\nR\u00e9c\u00e9piss\u00e9 de d\u00e9claration d'activit\u00e9s de services\n\u00e0 la personne enregistr\u00e9e sous le n\u00b0\nSAP927642611 au nom de la micro-entreprise\nPierre-Yves VILLARD sise 2 avenue Cont\u00e9 \u00e0 LA\nGARENNE-COLOMBES (92250)\n118\nDRIEETS-UD92\nn\u00b02025-647 24.11.2025\nR\u00e9c\u00e9piss\u00e9 de d\u00e9claration d'activit\u00e9s de services\n\u00e0 la personne enregistr\u00e9e sous le n\u00b0\nSAP992742197 au nom de la SASU\nMENAGEBIENFAIT sise 1 all\u00e9e de la Volga \u00e0\nANTONY (92160)\n120\nDRIEETS-UD92\nn\u00b02025-648 24.11.2025\nR\u00e9c\u00e9piss\u00e9 de d\u00e9claration d'activit\u00e9s de services\n\u00e0 la personne enregistr\u00e9e sous le n\u00b0\nSAP993836956 au nom de la micro-entreprise\nMUTEL ELODIE sise 37 Avenue du G\u00e9n\u00e9ral\nLeclerc \u00e0 BOULOGNE-BILLANCOURT (92100)\n122\n= mime ae mn\" Fo a Le\nreese a mA Fo a Le\n= mime ae mn\" Fo a Le\n= mime ae mn\" Fo a Le\n= mime ae mn\" Fo a Le\nreese a mA Fo a Le\n= mime ae mn\" Fo a Le\nreese a mA Fo a Le\nreese a mA mm  mr\n8\nDRIEETS-UD92\nn\u00b02025-649 25.11.2025\nR\u00e9c\u00e9piss\u00e9 de d\u00e9claration d'activit\u00e9s de services\n\u00e0 la personne enregistr\u00e9e sous le n\u00b0\nSAP993961374 au nom de la micro-entreprise\nLHOSTE MATHIAS Eric Jean Claude sise 52\nboulevard Jean Jaur\u00e8s \u00e0 CLICHY (92110)\n124\nDRIEETS-UD92\nn\u00b02025-650 25.11.2025\nR\u00e9c\u00e9piss\u00e9 de d\u00e9claration d'activit\u00e9s de services\n\u00e0 la personne enregistr\u00e9e sous le n\u00b0\nSAP993869742 au nom de la micro-entreprise\nSIMMINI NOEMJ sise 2 rue Kl\u00e9ber \u00e0 VANVES\n(92170)\n126\nDRIEETS-UD92\nn\u00b02025-651 25.11.2025\nR\u00e9c\u00e9piss\u00e9 de d\u00e9claration d'activit\u00e9s de services\n\u00e0 la personne enregistr\u00e9e sous le n\u00b0\nSAP993869106 au nom de la micro-entreprise\nBENIE NAOMI sise 5 Rue de Metz \u00e0\nCOLOMBES (92700)\n128\nDRIEETS-UD92\nn\u00b02025-652 25.11.2025\nR\u00e9c\u00e9piss\u00e9 de d\u00e9claration d'activit\u00e9s de services\n\u00e0 la personne enregistr\u00e9e sous le n\u00b0\nSAP994002392 au nom de la micro-entreprise\nVILLAREAL Quentin Pierre Maurice sise 17 Rue\nSaint-Denis \u00e0 COLOMBES (92700)\n130\nDRIEETS-UD92\nn\u00b02025-653 25.11.2025\nR\u00e9c\u00e9piss\u00e9 de d\u00e9claration d'activit\u00e9s de services\n\u00e0 la personne enregistr\u00e9e sous le n\u00b0\nSAP993977917 au nom de la micro-entreprise\nDEBONNE Erwan Per Yann sise 7 Rue Paul Bert\n\u00e0 COLOMBES (92700)\n132\nDRIEETS-UD92\nn\u00b02025-654 25.11.2025\nR\u00e9c\u00e9piss\u00e9 de d\u00e9claration d'activit\u00e9s de services\n\u00e0 la personne enregistr\u00e9e sous le n\u00b0\nSAP993985639 au nom de la micro-entreprise\nBEN YOUSSEF ISMAEL sise 3 Rue Saint-Denis\n\u00e0 COLOMBES (92700)\n134\nDRIEETS-UD92\nn\u00b02025-655 25.11.2025\nR\u00e9c\u00e9piss\u00e9 de d\u00e9claration d'activit\u00e9s de services\n\u00e0 la personne enregistr\u00e9e sous le n\u00b0\nSAP993720721 au nom de la micro-entreprise\nGONZALEZ DJINA sise 91 Boulevard Victor\nHugo \u00e0 CLICHY (92110)\n136\nDRIEETS-UD92\nn\u00b02025-656 26.11.2025\nR\u00e9c\u00e9piss\u00e9 de d\u00e9claration d'activit\u00e9s de services\n\u00e0 la personne enregistr\u00e9e sous le n\u00b0\nSAP993892504 au nom de la micro-entreprise\nSOUDANI FATIMA sise 23 Avenue deLla Libert\u00e9\n\u00e0 NANTERRE (92000)\n138\nDRIEETS-UD92\nn\u00b02025-657 26.11.2025\nR\u00e9c\u00e9piss\u00e9 de d\u00e9claration d'activit\u00e9s de services\n\u00e0 la personne enregistr\u00e9e sous le n\u00b0\nSAP994073856 au nom de la micro-entreprise\nMACCHI Alexandre Zack sise 3 Rue Saint-Denis\n\u00e0 COLOMBES (92700)\n140\nEn  Direction r\u00e9gionale et interd\u00e9partementale\nMINISTERE  de l'\u00e9conomie, de l'emploi,\nDU  TRAVAIL,  DE  LA  SANT\u00c9,  du travail et des solidarit\u00e9s\nDES  SOLIDARIT\u00c9S\nET  DES  FAMILLES\nELA\nArr\u00e8t\u00e9  DRIEETS-UDS2  n\u00b02025-598  du  03  novembre  2025  accordant  l'agr\u00e9ment\n'SAP923354005  \u00e0 l'association  POLE  AUTONOMIE  PERSONNES  AGEES  ET\nHANDICAPEES  sise  27  Avenue  de  Verdun  \u00e0 Vanves  (92170)\nLE  PREFET  DES  HAUTS-DE-SEINE\nVu  la loi n\u00b0  2010-853  du  23juillet  2010  relative  aux  r\u00e9seaux  consulaires,  au  commerce  et  \u00e0\nl'artisanat et aux services  (article 31)\nVu  la loi n\u00b02015-1776  du  28  d\u00e9cembre  2015  relatve  \u00e0  l\nviellissement ;\n'Vu l'aricie D7231-1  du  Code  du  travail;\nVu  les d\u00e9crets n\u00b0 2011-1132  et n\u00b0 2011-1133  du  20  septembre  2011  modifiant certain\ndispostions  du  Code  du  travail, relatives au  ch\u00e8que  emploi-service  universel et aux\nservices  \u00e0 la personne ;\nfaptation  de  la soci\u00e9t\u00e9\nVu  le d\u00e9cret  n*2016-750 du 6 juin 2016 relatif \u00e0 la liste des activit\u00e9s de services \u00e0 la personne\nsoumises  \u00e0 agr\u00e9ment  ou \u00e0 autorisation dans le cadre  du  r\u00e9gime  commun  dela  d\u00e9claration\n'Vu le d\u00e9cret  du  31 octobre  2024  portant  nomination  de  Monsieur  Alexandre  BRUGERE,  en\nquait\u00e9 de Pr\u00e9fet des Hauts-de-Seine ;\nVu  Farr\u00e9t\u00e9 interminist\u00e9riel du  12 ao\u00fbt  2025  nommant  Monsieur  Fabrice  MASI,  Directeur\nr\u00e9gional et interd\u00e9partemental  de  l'\u00e9conomie,  de  l'emploi, du  travail et des  solidart\u00e9s  d'le-\nde-France  \u00e0 compter  du  25  ao\u00fbt  2025 ;\nVu  l'arr\u00eat\u00e9 pr\u00e9fectoral n\u00b02028-33  du  22  ao\u00fbt  2025  par  lequel le Pr\u00e9fet des  Hauts-de-Seine\nd\u00e9l\u00e8gue  sa  signature  \u00e0  Monsieur  Fabrice  MASI,  Directeur  r\u00e9gional et iterd\u00e9partemental\nde  l'\u00e9conomie, de  l'emploi, du travail et des  solidarit\u00e9s dle-de-France  ;\nVu  la d\u00e9cision  n\u00b0 2025-167  du  25  ao\u00fbt  2026  portant  subd\u00e9l\u00e9gation  de  signature  de  Monsieur\nFabrice  MASI,  Directeur  r\u00e9gional  et interd\u00e9partemental  de  l'\u00e9conomie,  de  l'emploi, du\ntravail et des  soldart\u00e9s  d'\u00cele-de-France,  aux  agents  de  l'Unit\u00e9 d\u00e9partementale  des  Hauts\nde-Seine\n\nVu  la demande  d'agrment  d\u00e9pos\u00e9e  sur l'extranet NOVA en date du 14 novembre  2024  par\n'association POLE  AUTONOMIE  PERSONNES  AGEES  ET  HANDICAPEES  sise 27\n'Avenue de  Verdun  \u00e0  Vanves  (92170)\nVu  les demandes  compl\u00e9mentaires adress\u00e9es par le service instructeur \u00e0 l'association POLE\nAUTONOMIE  PERSONNES  AGEES  ET  HANDICAPEES  par mails du 14 novembre  2024\n'du 06 f\u00e9vrier ; du 28 mars ; du 18 avril; du 23 jui ; des 08 et 21 juillet; des 01, 04 et 05\nao\u00fbt  ; du  23  octobre  2025  ;\n'Vu les r\u00e9ponses compl\u00e9mentaires transmises par l'association Pole Autonomie  Personnes\n'Ag\u00e9es et Handicap\u00e9es par mal du 09 janvier ; du 18 avr;  des 12 et 28 mal ; des 03, 08,\n(09, 28 et 29 juillet ; du 08 aout; du 23 et 30 octobre 2025 ;\nVu  la demande  d'avis transmise au Conseil d\u00e9partemental  des  Hauts-de-Seine  (92) en  date\ndu  27  octobre  2025  ;\nVu  l'avis favorable du  Consel  d\u00e9partemental  notii\u00e9 en date du  03  novembre  2025  ;\nConsid\u00e9rant  que la demande  a \u00e9t\u00e9 d\u00e9clar\u00e9e compl\u00e8te  parle service instructeur le 09 janvier\n2028  ;\nConsid\u00e9rant que es  pi\u00e8ces accompagnant  la demande  ont \u00e9t\u00e9 d\u00e9clar\u00e9es conformes au\n'cahier des  charges  pr\u00e9vu \u00e0 l'article R.7232-8  du  Code  du travail par le\nservice  instructeur le 03 novembre  2025 ;\nARR\u00caTE\nARTICLE 1\nL'association POLE  AUTONOMIE  PERSONNES  AGEES  ET  HANDICAPEES,  sise 27 Avenue de\nVerdun \u00e0 Vanves  (92170) est agr\u00e9\u00e9e conform\u00e9ment  aux disposons de article L 7232-1 du Code\ndu  Travail pour  la fourniture de  services  aux personnes.\nLe  num\u00e9ro  d'agr\u00e9ment  attribu\u00e9 \u00e0 cet organisme  est: SAP923354008\nARTICLE 2\nLe pr\u00e9sent agr\u00e9ment est accord\u00e9 une dur\u00e9e de 5 ans, \u00e0 compter du 03 novembre 2026 pour le\nd\u00e9partement des  Hauts-de-Seine (92).\nConform\u00e9ment  aux dispositions de  l'article R7232-9  du code  du  travail, l'organisme agr\u00e9\u00e9 dott\nproduire au moins  chaque  trimestre un \u00e9tat d'activit\u00e9 et chaque  ann\u00e9e  un bilan quanttaif et\nqualitatifde Tactvite exerc\u00e9e  ainsi qu'un  tableau  statistique.\nSi l'organisme comporte  plusieurs \u00e9tablissements, les \u00e9tats statistiques et le bilan annuel\ndistinguent  l'activit\u00e9 exerc\u00e9e  par  chaque  \u00e9tablissement.\nL'agr\u00e9ment peut etre renouvel\u00e9. La demande  de renouvellement doit \u00eatre d\u00e9pos\u00e9e  au plus tard\n{rois mois  avant le terme  de  Ia p\u00e9riode d'agr\u00e9ment.\nARTICLE  3\n\nL'association  POLE  AUTONOMIE  PERSONNES  AGEES  ET  HANDICAPEES,  est agr\u00e9\u00e9e  pour\nla fournture  des  services  suivants,\nEn  mode  MANDATAIRE  uniquement\n| Garde  d'enfants  de  moins de trois ans ou de moins de dix-huit ans en situation de  handicap\n\u00e0  domicile  ;\nAccompagnement  des  enfants  de  moins  de  trois ans  ou  de  moins  de  dichuit  ans en\nSituation de  handicap  dans  leurs d\u00e9placements  en  dehors  de  leur domicile  (promenades.\ntransport,  actes  de  ia vie  courante\n= Avcompagnement  des  personnes  \u00e2g\u00e9es,  des  personnes  handicap\u00e9es  ou  attentes  de\npathologies chroniques, dans  leurs d\u00e9placements  en  dehors  de  leur domicile\n(promenades,  aide \u00e0 la mobilt\u00e9  et au  transport, actes  de  la vie courante)  quand  cet\n'accompagnement  est r\u00e9alis\u00e9 dans  les conditions  pr\u00e9vues  aux  1\u00b0 et 2\u00b0 de l'art. 7232-6  du\ncode  du  travail;\n= Assistance  dans  les  actes  quotidiens  dela  vie  ou  aide  \u00e0 insertion  sociale aux personnes\n'ag\u00e9es et aux personnes handicap\u00e9es ou atteintes de pathologies chroniques qui ont\nbesoin  de  telles prestations  \u00e0  domicle,  quand  ces  prestations  sont  r\u00e9alis\u00e9es  dans  les\nConditions  pr\u00e9vues  aux  1\u00b0 et 2\u00b0 de  l'art. 7232-6  du  code  du  travall,& l'exclusion d'actes  de\nsoins  relevant d'actes  m\u00e9dicaux  \u00e0 moins  quils  ne  soient ex\u00e9cut\u00e9s  dans  les conditions\npr\u00e9vues  \u00e0 Fartcle L1111-6-1 du code  de  la sant\u00e9 publique et du d\u00e9cret n'99-426  du  27\nmai  1999  habiltant  certaines  cat\u00e9gories  de personnes  \u00e0 effectuer des aspirations  endo\ntrach\u00e9ales  ;\n= Prestation  de  conduite  du  v\u00e9hicule  personnel  des  personnes  \u00e2g\u00e9es,  des  personnes\nhandicap\u00e9es  ou  atteintes de  pathologies  chroniques  du  domicile  au  travail, sur le Heu  de\nvacances,  pour  les d\u00e9marches  administratives  quand  cette prestation est r\u00e9alis\u00e9e dans\nles  conditions  pr\u00e9vues  aux  1\u00b0 et 2\u00b0 de Tart. 7232-6  du code du travail\nPrestations  relevant  du  b\u00e9n\u00e9fice  de  a  r\u00e9duction  d'imp\u00f4t  pr\u00e9vue  \u00e0 l'ricie 199  sexdecies  du  Code\n'G\u00e9n\u00e9ral  des  Imp\u00f4ts.\nARTICLE 4\nSiorganisme  envisage  de  fournir des  services  autres  que  ceux  pour  lesquels  il est agr\u00e9\u00e9.  il devra\nsolicier  une modification  de  son  agr\u00e9ment.  La  demande  devra  pr\u00e9ciser les. modifications\nenvisag\u00e9es  et les moyens  nouveaux  correspondants.\nToute  cr\u00e9ation  d'activit\u00e9 hors  du  ou  des  d\u00e9partements  pour  lesquels  l'organisme  est agr\u00e9\u00e9  devra\nfaire l'objet dune  demande  d'extension  aupr\u00e8s  du  Pr\u00e9fet des  Hauts-de-Seine.  Elle donnera  lieu \u00e0\nune  modification  du  pr\u00e9sent  arr\u00eat\u00e9.\nARTICLE 5\nConform\u00e9ment  aux  dispositions de  l'article R7232-12  du  code  du  traval,  le pr\u00e9sent  agr\u00e9ment\npourra \u00eatre retire si organisme  agr\u00e9\u00e9 +\n+  Cosse de  remplir  les  conditions  ou  de  respecter  les  obligations  mentionn\u00e9es  aux  aricies\nR  73324  \u00e0  R  7232-9  du  code  de  travail,\n\n'Ne  respecte  pas  les dispositions l\u00e9gales  relatives \u00e0 la sant\u00e9  et \u00e0 la s\u00e9curit\u00e9 au  travail\n+ Exerce  des activit\u00e9s autres que celles d\u00e9clar\u00e9es dans la demande  d'agr\u00e9ment,\n+ Ne  transmet  pas  au  Pr\u00e9fet comp\u00e9tent,  avant  afin  du  premier semestre  de  l'ann\u00e9e, le bilan\nqualita et quanttatf de activit\u00e9 exerc\u00e9e au tre  de l'ann\u00e9e \u00e9coui\u00e9e.\nARTICLE 5\nLa Directrice de l'Unit\u00e9 d\u00e9partementale des  Hauts-de-Seine  de la DRIEETS  Ile-de-France, est\n\"charg\u00e9e de l'application du  pr\u00e9sent arr\u00eat\u00e9 qui sera publi\u00e9 au recueil des Actes Administratifsde\nla Pr\u00e9fecture  des  Hauts-de-Seine.\nFait \u00e0  Nanterre,  le 03  novembre  2025,\nPour  le Pr\u00e9fet\nPar  d\u00e9l\u00e9gation  et subd\u00e9l\u00e9gation\nLa  Responsable  du  service\nD\u00e9veloppement  de  l'emploi  et des\ncomp\u00e9tenges\nMariam Es\n\nEE  Direction  r\u00e9gionale  et interd\u00e9partementale\nMINISTERE de l'\u00e9conomie,de l'emploi,\nDU  TRAVAIL,  DE  LA  SANT\u00c9,  du travail et des solidarit\u00e9s\nDES  SOLIDARIT\u00c9S\nET  DES  FAMILLES\nEM\nR\u00e9c\u00e9piss\u00e9  n*2025-599  de  d\u00e9claration  modificative d'activit\u00e9s de  services  \u00e0 la\npersonne  enregistr\u00e9e  sous  le n\u00b0  SAP  923354005  au  nom  de  l'association  POLE\nAUTONOMIE  PERSONNES  AGEES  ET  HANDICAP\u00c9ES  sise  27  Avenue  de  Verdun  \u00e0\nVanves  (92170)\nLE  PREFET  DES  HAUTS-DE-SEINE\nVu  la loi n\u00b0 2010-853  du  23  juilet 2010  relative aux  r\u00e9seaux  consulaires, au commerce  et \u00e0\nl'artisanatet aux  services (article 31);\nVu  la li  n\u00b02015-1776  du  28  d\u00e9cembre  2015  relative  \u00e0  l'adaptation  de  la soci\u00e9t\u00e9  au\nvieilissement ;\nVu  l'article D7231-1  du  Code  du  travail;\nVu  les  d\u00e9crets  n\u00b0  2011-1132  et n\u00b0  2011-1133  du  20  septembre  2011  modifiant  certaines\ndispositions du  Code  du  travail relatives au  ch\u00e8que  emplo-service  universel  et aux\nservices  \u00e0 la personne\nVu  le d\u00e9cret  n\u00b02016-750 du 6 juin 2016 relatif \u00e0 la liste des activit\u00e9s de services \u00e0 la personne\nsoumises \u00e0 agr\u00e9ment  ou  \u00e0 autorisation  dans  le cadre  du  r\u00e9gime  commun  de  a  d\u00e9claration  ;\n'Vu le d\u00e9cret  du  31  octobre  2024  portant  nomination  de  Monsieur  Alexandre  BRUGERE,  en\nquait\u00e9 de Pr\u00e9fet des  Hauts-de-Seine\nVu  l'ar\u00eat\u00e9 interminist\u00e9riel du  12 ao\u00fbt  2025  nommant  Monsieur  Fabrice  MASI,  Directeur\nr\u00e9gional et interd\u00e9partementalde l'\u00e9conomie, de l'emploi, du travail et des solidarit\u00e9d'ile-\nde-France  \u00e0  compter  du  25  ao\u00fbt  2025  ;\nVu  l'ar\u00e8t\u00e9 pr\u00e9fectoral n\u00b02025-33  du  22  ao\u00fbt  2025  par  lequel le Pr\u00e9fet des  Hauts-de-Seine\nd\u00e9l\u00e8gue  sa  signature \u00e0  Monsieur  Fabrice  MASI,  Directeur  r\u00e9gional  et interd\u00e9partemental\nde  \u00e9conomie,  de l'emploi, du travailet des solidarit\u00e9s d'\u00cele-de-France ;\nvu arr\u00e9t\u00e9 DRIEETS-UDS2  n\u00b02025-588  du  03  novembre  2025  accordant  l'agr\u00e9ment\nSAPS23354005  \u00e0  association  POLE  AUTONOMIE  PERSONNES  AGEES  ET\nHANDICAPEES ;\nVu  la d\u00e9cision  n\u00b0  2025-187  du  25  ao\u00fbt  2025  portant  subd\u00e9l\u00e9gation  de  signature  de  Monsieur\nFabrice  MASI,  Directeur  r\u00e9gional et interd\u00e9partemental  de  l'\u00e9conomie.  de  l'emploi, du\n\ntravail et des solidart\u00e9s dlle-de-France, aux agents de l'Unit\u00e9 d\u00e9partementale des Hauts-\nde-Seine\nVu  le r\u00e9c\u00e9piss\u00e9 n\u00b02024-438 du 23 septembre 2024 de d\u00e9clarationd'activit\u00e9s de services \u00e0 la\npersonne enregistr\u00e9e sous le num\u00e9ro SAP 923354005 au nom de l'association POLE\nAUTONOMIE  PERSONNES  AGEES  ET  HANDICAPEES  ;\nConsid\u00e9rant  que  la pr\u00e9sente modification vise \u00e0 inclure les activit\u00e9s relevant de l'agr\u00e9ment ;\nque le dossier de demande  est conforme aux dispositions de l'article L.\n7232-1-1  du  code  du  travail,\nLa d\u00e9claration d activit\u00e9s de services \u00e0 la personne n\u00b02024438 en date du 23 septembre 2024\n'au nom del'association POLE AUTONOMIE  PERSONNES  AGEES  ET HANDICAPEES  e:\nainsi modifi\u00e9e\nLes activit\u00e9s d\u00e9clar\u00e9es par l'association POLE  AUTONOMIE  PERSONNES  AGEES  ET\nHANDICAPEES  sont les suivantes \u00e0 l'exclusion de  toute autre\nEntretien de  la maison  et travaux m\u00e9nagers\nPetits travaux de  jardinage, y compris  les travaux de  d\u00e9broussailage  ;\nTravaux  de  petit bricolage dts \u00ab homme  toutes mains  \u00bb ;\nGarde  d'enfants de plus de tros  ans \u00e0 domicile;\nSoutien  scolaire ou cours  \u00e0 domicile;\nSoins d'esth\u00e9iques \u00e0 domicile pour les personnes  d\u00e9pendantes  ;\nPr\u00e9paration de repas \u00e0 domicile, y compris  le temps  pass\u00e9  aux courses ;\n= Livraison  de  repas  \u00e0 domicile  ;\n* Gollecte et lvraison \u00e0 domicile de linge repass\u00e9  ;\n| Livraison  de  courses  \u00e0 domicile\nAssistance  informatique \u00e0 domicile ;\nSoins  et promenades  d'animaux de compagrie, \u00e0 l'exception des soins v\u00e9t\u00e9rinaires et du\ntollettage, pour les personnes  d\u00e9pendantes\nMaintenance, entretien et viglance temporaires, \u00e0 domicile, de a  r\u00e9sidence principaleet\nsecondaire  ;\nAssistance  administrative  \u00e0  domicile;\nAccompagnement des enfants de plus de trois ans dans leurs d\u00e9placementsen  dehors de\nleur domicile (promenades,  transports, actes dela  vie courante) ;\n= T\u00e9l\u00e9assistance  et visio-assistance ;\ninterpr\u00e8te  en langue des  signes, technicien de  l'\u00e9crit et codeur  en  langage  pari\u00e9 et\ncompl\u00e9t\u00e9\n= Prestation de conduite du v\u00e9hicule personnel des personnes temporairement\nd\u00e9pendantes autres que  personnes \u00e2g\u00e9es, handicap\u00e9es ou atteintes de pathologies\nchroniques, du domicile au traval, sur le liew de vacances, pour les d\u00e9marches\nadministratives\nAccompagnement  des  personnes  temporairement  d\u00e9pendantes  autres que  personnes\n\u00e2g\u00e9es, handicap\u00e9es ou atteintes de pathologies chroniques, dans leurs d\u00e9placements en\ndehors de leur domicile (promenades, aide \u00e0 la mobilt\u00e9 et au transport, actes de la vie\ncourante)\n= Assistance  aux personnes  autres que  personnes  \u00e2g\u00e9es, handicap\u00e9es  ou  atteintes de\npathologies chroniques qui ont besoin temporairement d'une aide personnelle \u00e0 leur\ndomicile, \u00e0 l'exclusion des  soins relevant d'actes m\u00e9dicaux ;\nCoordination et d\u00e9livrance des services\u00e0 Ia personne ;\n\n= Garde d'enfants de  moins  de  trois  ans ou  de  moins  de  ds-huit ans  en  situation  de  handicap\n\u00e0 domicile ;\nAccompagnement  des  enfants  de  moins  de  trois  ans  ou  de  moins  de  dixchuit  ans  en\nSituation de  handicap  dans  leurs d\u00e9placements  en  dehors  de  leur domicile  (promenades,\ntransport,  actes  de  la vie  courante  ;\n= Accompagnement des  personnes  \u00e2g\u00e9es,  des  personnes  handicap\u00e9es ou  atteintes  de\npathologies chroniques, dans leurs d\u00e9placements en dehors de leur domicile\n(promenades,  aide \u00e0 la mobilt\u00e9 et au  transport, actes de la we  courante) quand  cet\n'accompagnement est r\u00e9alis\u00e9 dans  les condtions  pr\u00e9vues  aux  1\u00b0 et 2\u00b0 de fart. 7232-6 du\n'code du  travail;\n= Assistance  dans  les  actes  quotidiens  dela  ve  ou  aide  \u00e0 insertion  sociale  aux  personnes\n\u00e2g\u00e9es  et aux personnes handicap\u00e9es ou alteintes de pathologies chroniques qui ont\nbesoin  de  teles  prestations  \u00e0  domicie,  quand  ces  prestations\nconditions pr\u00e9vues  aux  1\u00b0 et2\u00b0  de l'art. 7232-6 du code  du travail\nsoins  relevant  d'actes  m\u00e9dicaux  \u00e0 moins  quis ne  soient ex\u00e9cut\u00e9s  dans  les conditions\npr\u00e9vues \u00e0 l'ricie L1111-6-1 du code de la sant\u00e9 publique et du d\u00e9cret n\u00b096-428 du 27\ntna  1006  habitat  catanes  cages  de  personnes  \u00e0  acer des  aeprtons  endo-\ntrach\u00e9ales\n= Prestation  de  conduite  du  v\u00e9hicule  personnel  des  personnes  \u00e2g\u00e9es,  des  personne:\nhandicap\u00e9es  ou  atteintes de  pathologies  chroniques  du  domicile  au  traval, sur le leu  de\nvacances,  pour  les d\u00e9marches  administratives  quand  cette prestation est r\u00e9alis\u00e9e dans\nles  conditions  pr\u00e9vues  aux  1\u00b0 et 2\u00b0 de lat. 7232-6  du code  du  travail\nPrestations relevant du b\u00e9n\u00e9fice  dela  r\u00e9duction  d'imp\u00f4t  pr\u00e9vue  \u00e0 l'article 199 sexdecies  du Code\n(G\u00e9n\u00e9ral des  Imp\u00f4ts.\n'Sous  r\u00e9serve  d'\u00eatre exerc\u00e9es  \u00e0 tire exclusif par  le d\u00e9clarant  (ou sous  r\u00e9serve  d'une  complabiit\u00e9\ns\u00e9par\u00e9e  pour  les personnes  morales  dispens\u00e9es  de  la condition  d'activit\u00e9 exclusive), ces  activites\n'ouvrent drot  au b\u00e9n\u00e9fice des  dispositions des  articles L. 7233-2  du  code  du  travalet  L. 241-10\ndu  code  de  la s\u00e9curt\u00e9  sociale.\n'Conform\u00e9ment  aux  dispositions  de  article R7232-19  du  code  du  travail, l'organisme d\u00e9clar\u00e9  doit\nproduire au moins  chaque  timestre un \u00e9tat d'activit\u00e9 et chaque  ann\u00e9e  un bilan quanttatf et\nualitatif de l'actit\u00e9  exerc\u00e9e  au  tre  de  l'ann\u00e9e  \u00e9coul\u00e9e  ainsi qu'un  tableau  statistique annuel.\nSi organisme  d\u00e9clar\u00e9  comporte  plusieurs  \u00e9tablissements,  ls  \u00e9tats statistiques et le bilan annuel\ndistinguent  l'actit\u00e9 exerc\u00e9e  par  chaque  \u00e9tablissement\nLe  pr\u00e9sent  r\u00e9c\u00e9piss\u00e9  prend  effet le 03  novembre  2025.\nL'enregistrement de la d\u00e9claration  pourra  tre  retir\u00e9 si l'organisme  d\u00e9clar\u00e9  cesse de remplir\nles  conditions  ou  de  respecter  les  obligations  mentionn\u00e9es  aux  4\u00b0,5\u00b0  et  6\u00b0  de  l'article\nR723247  ou  qui  m\u00e9connalt  les  obligations  d\u00e9finies  \u00e0  l'article R7232-19  du  code  du  travail.\n'Toute modification concemant  ia structure d\u00e9clar\u00e9e ou les activit\u00e9s exerc\u00e9es devra, sous\npane  de  retrat  dela  declaration,  fare  l'objet dune  declaration  mocieatve  aupr\u00e9s  de  TUnte\nd\u00e9partementale  des  Hauts-de-Seine\n\nLe pr\u00e9sent r\u00e9c\u00e9piss\u00e9 sera publ\u00e9  au recuell des  actes administratifsde la pr\u00e9fecture des Hauts-\nde-Seine.\nFait a  Nanterre,  le 03  novembre  2025.\nPour  le Pr\u00e9fet\nPar  d\u00e9l\u00e9gation  et subd\u00e9l\u00e9gation\nLa  Responsable  du  service\nD\u00e9veloppement  de  l'emplo  et des\n\n=a  Direction  r\u00e9gionale et interd\u00e9partementale\nMINISTERE de l'\u00e9conomie, de l'emploi,\nDU  TRAVAIL,  DE  LA  SANT\u00c9,  du travail et des solidarit\u00e9s\nDES  SOLIDARIT\u00c9S\nET  DES  FAMILLES\nEy\nR\u00e9c\u00e9piss\u00e9  n\u00b02025-600  de  d\u00e9claration d'activit\u00e9s de  services \u00e0 la personne\n\"enregistr\u00e9e  sous  le n\u00b0 SAP993249143  au  nom  de  la micro-entreprise  OMAR\nBELHADJ  sise 7 Rue  Jean  Perrin \u00e0 GENNEVILLIERS  (92230)\nLE  PREFET  DES  HAUTS-DE-SEINE\nVu  la loi n\u00b0 2010-859  du 23  jullet 2010  relative aux r\u00e9seaux  consulaires, au commerce et \u00e0\nFartisanat et aux  services  (article 31)\nVu  la loi n\u00b02015-1778  du  28  d\u00e9cembre  2015  relative \u00e0 l'adaptation de  la soci\u00e9t\u00e9 au\nviellissement ;\nVu  l'article 07231-1  du  Code  du  travail\nVu  les d\u00e9crets n\u00b0 2011-1132  et n\u00b0 2011-1133  du  20  septembre  2011  modifiant certaines\ndispositions du  Code  du aval,  relatives au ch\u00e8que  emploi-service universel et aux\n'services  \u00e0 la personne ;\nVu  le d\u00e9cret n\u00b02016:750  du 6 jun 2016 relatif \u00e0 la liste des  activit\u00e9s de services \u00e0 la personne\n'soumises \u00e0 agr\u00e9ment  ou \u00e0 autorisation dans  le cadre  du  r\u00e9gime  commun  dela  d\u00e9claration ;\nVu  le d\u00e9cret du  31 octobre 2024  portant nomination de Monsieur  Alexandre  BRUGERE,  en\nquait\u00e9 de Pr\u00e9fet des Hauts-de-Seine;\nVu  l'a\u00eat\u00e9  intorminist\u00e9riel du  12 ao\u00fbt 2025  nommant  Monsieur  Fabrice MASI,  Directeur\nr\u00e9gional et interd\u00e9partemental  de l'\u00e9conomie, de l'emplol, du  travailet des  solidart\u00e9  dll\nde-France \u00e0  compter  du  25  ao\u00fbt  2025  ;\nVu  l'ar\u00eat\u00e9 pr\u00e9fectoral n\u00b02025-33  du  22 ao\u00fbt 2025  par lequel le Pr\u00e9fet des Hauts-de-Seine\nd\u00e9l\u00e8gue  sa  signature \u00e0 Monsieur  Fabrice  MASI,  Directeur  r\u00e9gional et interd\u00e9partemental\nde l'\u00e9conomie, de l'emplo, du traval et des solidarit\u00e9s d'\u00cele-de-France\n'Vu la d\u00e9cision n\u00b0 2025-187  du 25 ao\u00fbt 2025  portant subd\u00e9l\u00e9gation de  signature de  Monsieur\nFabrice  MASI,  Directeur  r\u00e9gional et interd\u00e9partemental  de  l'\u00e9conomie, de  l'emploi, du\ntravail et des  solidarit\u00e9s d'le-de-France, aux agents  de  l'Unit\u00e9 d\u00e9partementale  des  Hauts-\nde-Seine  ;\nVu  la d\u00e9claration d'activit\u00e9s de  services \u00e0 la personne  d\u00e9pos\u00e9es  le 30  octobre 2025  au nom\nde  la micro-entreprise OMAR  BELHADJ  sise 7 Rue  Jean  Perrin \u00e0 GENNEVILLIERS\n(92230)\n\nApr\u00e8s examen  du dossier, cette demande  \u00e9tant conforme aux dispositions de Faticle L. 7232-1-\n1 du code du travail, le pr\u00e9sent r\u00e9c\u00e9piss\u00e9 de d\u00e9claration d activites de services \u00e0 a personne a\n\u00e9t\u00e9 enregistr\u00e9 au nom  de la micro-entreprise OMAR  BELHADJ  sous  le num\u00e9ro  SAP  993249143,\nLes  activit\u00e9s d\u00e9clar\u00e9es sont les suivantes, \u00e0 l'exclusion de toute autre\nEntretien  de  la maison  et travaux  m\u00e9nagers  ;\nPPrestations relevant du  b\u00e9n\u00e9fice de la reduction d'imp\u00f4t pr\u00e9vue\nGeneral  des  impots,\nLa  structure exerce  ces  activit\u00e9s selon  le mode  suivant  : PRESTATAIRE\ncle  199  sexdecies  du  Code\nSous  r\u00e9serve d'\u00eatre exerc\u00e9es  \u00e0 tire exclusif parle d\u00e9clarant (ou sous  r\u00e9serve d'une comptabiit\u00e9\ns\u00e9par\u00e9e pour es  personnes morales dispens\u00e9es de la condition activit\u00e9 exclusive), ces activ\u00e9s\nouvrent droit au b\u00e9n\u00e9fice des dispositions des articles L. 7233-2  du code du travall et L. 241-10\ndu  code  de  la s\u00e9curit\u00e9 sociale.\n'Conform\u00e9ment  aux  dispositions de  l'article R7232-19  du  code  du  travail, l'organisme d\u00e9clar\u00e9 doit\nproduire au moins  chaque  trimestre un \u00e9tat \u00a2actvit\u00e9 et chaque  ann\u00e9e  un bilan quantitatif et\nqualtatf de  l'activit\u00e9 exerc\u00e9e  au tire de l'ann\u00e9e \u00e9coul\u00e9e  ainsi qu'un tableau statistique annuel.\nSi organisme  d\u00e9clar\u00e9 compore  plusieurs \u00e9tablissements, les \u00e9tats statistiques et le bilan annuel\ndistinguent l'activit\u00e9 exerc\u00e9e par chaque  \u00e9tablissement\nLo  pr\u00e9sent  r\u00e9c\u00e9piss\u00e9  prend  effet le 30 octobre  2025.\nL'enregistrement de la d\u00e9claration pourra \u00eatre retir\u00e9 si l'organisme d\u00e9clar\u00e9 cesse de remplir\nles conditions ou de respecter les obligations mentionn\u00e9es  aux  4',5\u00b0 et 6\u00b0 de l'article\n7232.17  ou  qui m\u00e9connalt  les obligations d\u00e9finies \u00e0 l'article R7232-19  du code  du  travail.\n'Toute modification concernant la structure d\u00e9clar\u00e9e ou les activit\u00e9s exerc\u00e9es devra. sous\npeine de retrait de la d\u00e9claration, faire l'objet d'une d\u00e9claration modificative aupr\u00e8s de l'Unit\u00e9\n'd\u00e9partementale  des  Hauts-de-Seine.\nLe  pr\u00e9sent r\u00e9c\u00e9piss\u00e9 sera publi\u00e9 au recuol des actes administratifs de la pr\u00e9fecture des Hauts-\nde-Seine.\nFait \u00e0  Nantorre,  le 03  novembre  2025.\nPar d\u00e9l\u00e9gation  ot subd\u00e9l\u00e9gation\nLa  Responsable  du  service\nD\u00e9veloppement  de l'emploi et des\ncomp\u00e9tences\nMariamd CONDE\n\nEu  Direction  r\u00e9gionale  et interd\u00e9partementale\nde  l'\u00e9conomie  de  l'emploi,\nDUVRAL,  DE LA SANT\u00c9, di tavaet des soldats\nDES  SOLIDARIT\u00c9S\nET  DES  FAMILLES\nEMA\nR\u00e9c\u00e9piss\u00e9  n\u00b02025.601  de  d\u00e9claration  d'activit\u00e9s de  services  \u00e0 la personne\nenrogistr\u00e9e  sous  le n\u00b0  SAP993248905  au  nom  de la micro-entreprise  LOQUET\nOLIVIER  sise  2  R\u00e9sidence  des  Tulipes  \u00e0  NANTERRE  (92000)\nLE  PREFET  DES  HAUTS-DE-SEINE\n'Vu la loi n\u00b0 2010-863  du  23 juil  2010  relative aux  r\u00e9seaux  consulaires, au commerce et \u00e0\nFartisanat et aux  services  (article 31);\n'Vu  Ia li  n\u00b02015-1776  du  28  d\u00e9cembre  2015  relative  \u00e0  l'adaptation  de  la soci\u00e9t\u00e9  au\nviilissement\nVu  l'article D7231-1  du  Code  du  travail;\nVu  les d\u00e9crets  n\u00b0 2011-1132  et n\u00b0 2011-1133  du  20  septembre  2011  modifiant  certaines.\ndispositions du  Code  du  travail relatives au  ch\u00e8que  emploservice  universel  et aux\nservices  \u00e0 la personne ;\nVu  le d\u00e9cret  n\u00b02016-750  du  6 juin 2016  relat  \u00e0  la ste  des  activitesde services  \u00e0 la personne\nsoumises  \u00e0  agr\u00e9ment ou  \u00e0 autorisation  dans  le cadre du r\u00e9gime  commun  de la d\u00e9claration\n'Vu le d\u00e9cret  du  31 octobre  2024  portant  nomination  de  Monsieur  Alexandre  BRUGERE,  en\n'qualit\u00e9 de Pr\u00e9fet des Hauts-de-Seine\nVu  l'ar\u00e9t\u00e9  interministriel  du  12 ao\u00fbt  2025  nommant  Monsieur  Fabrice  MASI,  Directeur\nr\u00e9gional et interd\u00e9partementalde l'\u00e9conomie, de l'emploi, du travailet des soldarit\u00e9s dll\nde-France  \u00e0  compter  du  25  ao\u00fbt  2025  ;\nVu  l'arr\u00eat\u00e9 pr\u00e9fectoral  n\u00b02025-33  du  22  ao\u00fbt  2025  par  lequel  le Pr\u00e9fet  des  Hauts-de-Seine\nd\u00e9l\u00e8gue  sa  signature  \u00e0  Monsieur  Fabrice  MASI,  Directeur  r\u00e9gional  etinterd\u00e9partemental\nde l'\u00e9conomie, de l'emploi, du traval et des solidarit\u00e9s d'\u00cele-de-France ;\nVu  la d\u00e9cision  n\u00b0 2025-157  du  25  ao\u00fbt  2025  portant  subd\u00e9l\u00e9gation  de  signature  de  Monsieur\nFabrice  MASI,  Directeur  r\u00e9gional  et interd\u00e9partemental  de  l'\u00e9conomie,  de  l'emploi, du\ntravail et des  soidart\u00e9s  d'le-de-France,  aux  agents  de  Unite  d\u00e9partementale  des  Hauts-\nde-Seine ;\nVu  la d\u00e9claration  d'activit\u00e9s de services  \u00e0  Ia personne  d\u00e9pos\u00e9es  le 30  octobre  2025 au nom\nde  la micro-entreprise  LOQUET  OLIVIER  sise  2  R\u00e9sidence  des  Tulipes  \u00e0  NANTERRE\n82000)  ;\n\n'Apr\u00e8s examen  du dossier, cette demande  \u00e9tant conforme  aux dispositions de  l'article L. 7232-1-\n1 du code du travail, le pr\u00e9sent r\u00e9c\u00e9piss\u00e9 de d\u00e9claration d'activit\u00e9s de services \u00e0 la personne  a\n\u00e9t\u00e9 enregistr\u00e9 au  nom  de  la micro-entreprise LOQUET  OLIVIER  sous  le num\u00e9ro  SAP\n1993248905,\nLes  activit\u00e9s d\u00e9clar\u00e9es  sont les suivantes, \u00e0  l'exclusion de  toute  autre\n= Entrotion  de  la  maison  et travaux  m\u00e9nagers ;\nPrestations relevant du b\u00e9n\u00e9fice dela  r\u00e9duction dimpot  pr\u00e9vue  \u00e0 'ricle  199 sexdecies  du Code\nG\u00e9n\u00e9ral  des  Imp\u00f4ts.\nLa  structure exerce  ces  activit\u00e9s solon  le mode  suivant  : PRESTATAIRE\n'Sous r\u00e9serve d'\u00eatre exerc\u00e9es \u00e0 ttre exclusf parle d\u00e9clarant (ou sous r\u00e9serve d'une comptabilt\u00e9\n's\u00e9par\u00e9e pour les personnes  morales  dispens\u00e9es  dela  condition d'actvi\u00e9 exclusive), ces activit\u00e9s\n'ouvrent droit au b\u00e9n\u00e9fice des  dispositions des  aricies L. 7233-2  du code du traval et L_ 241-10\ndu  code  dela  s\u00e9curt\u00e9  sociale.\n(Conform\u00e9ment  aux dispositions de  l'articie R7232-19  du  code  du  travail l'organisme d\u00e9clar\u00e9 doit\nproduire au moins chaque timestre un \u00e9tat d'activit\u00e9 et chaque  ann\u00e9e  un bilan quantitatif et\nqualtatf de l'activit\u00e9 exerc\u00e9e  au tire de  l'ann\u00e9e \u00e9coul\u00e9e  ainsi qu'un tableau statistique annuel.\nSi l'organisme d\u00e9clar\u00e9 comporte  plusieurs \u00e9tablissements, les \u00e9tats statistiques et le bilan annuel\ndistinguent l'activit\u00e9 exerc\u00e9e  par chaque  \u00e9tablissement\nLe  pr\u00e9sent  r\u00e9c\u00e9piss\u00e9  prend  effet le 30  octobre  2028.\nL'enregistrement de la d\u00e9claration pourra \u00eatre rotir\u00e9 si l'organisme  d\u00e9clar\u00e9 cesse  de remplir\nles conditions  ou  de  respecter  les obligations mentionn\u00e9es  aux  4\",6\u00b0 at 6\u00b0 de  l'article\n7232.47  ou  qui m\u00e9connalt  les obligations d\u00e9finies \u00e0 l'article R7232-19 du code  du  travail.\n'Toute modification concernant la structure d\u00e9clar\u00e9e ou los activit\u00e9s exerc\u00e9es devra, sous\npeine de  retrait de  Ta d\u00e9claration, faire Tobjet dune  d\u00e9claration modifcatve  aupr\u00e8s de  l'Unit\u00e9\nd\u00e9partementale  dos  Hauts-de-Seine\nLe pr\u00e9sent r\u00e9c\u00e9piss\u00e9 sera publi\u00e9 au recuell des actes administratifs de la pr\u00e9fecturedes Hauts-\nde-Seine.\nFait Nanterre, le 03  novembre  2025,\nPour  le Pr\u00e9fet\nPar d\u00e9l\u00e9gation  ot subd\u00e9l\u00e9gation\nLa  Responsable  du  service\nD\u00e9veloppement de  l'emploi et des\ncomp\u00e9tences  y\na\n\n=n  Direction  r\u00e9gionale  et interd\u00e9partementale\nMINISTERE de l'\u00e9conomie, de l'emploi,\nDU  TRAVAIL,  DE  LA SANT\u00c9,  du travailet de\nDES  SOLIDARIT\u00c9S\nET  DES  FAMILLES\n=\nR\u00e9c\u00e9piss\u00e9  n*2025-602  de  d\u00e9claration  d'activit\u00e9s de  services  \u00e0 la personne\nenregistr\u00e9e  sous  le n\u00b0 SAP992662395  au  nom  de  la micro-entreprise  PELAGE\nClaudio  sise  54  Grande  Rue  \u00e0 SEVRES  (92310)\nLE  PREFET  DES  HAUTS-DE-SEINE\nVu  la loi n\u00b0 2010-859  du  23  jullet 2010  relative aux r\u00e9seaux  consulaires, au commerce  et \u00e0\nl'arisanat  et aux  services  (article 31) ;\nVu  la loi n\u00b02015-1776  du  28  d\u00e9cembre  2015  relative \u00e0 adaptation  de  la soci\u00e9t\u00e9  au\nvieilissement\nVu  l'article D7231-1  du  Code  du  travail\nVu  les d\u00e9crets  n\u00b0 2011-1132  et n\u00b0 2011-1133  du  20  septembre  2011  modiiant  certaines\ndispositions du  Code  du  travail, relatives au  ch\u00e8que  emplol-service  universel et aux\nservices  \u00e0 a  personne ;\n'Vu le d\u00e9cret  n\u00b02016-750  du 6 juin 2016 relat  la  liste des activites de services \u00e0 la personne\nsoumises  \u00e0 agr\u00e9ment ou \u00e0 autorisation dans le cadre  du r\u00e9gime  commun  de  la d\u00e9claration  ;\nVu  le d\u00e9cret du 31 octobre 2024  portant nomination  de Monsieur  Alexandre  BRUGERE,\n'qualit\u00e9 de Pr\u00e9fet des  Hauts-de-Seine  ;\nVu  l'ar\u00e9t\u00e9  interminist\u00e9riel du  12 ao\u00fbt  2025  nommant  Monsieur  Fabrice  MASI,  Directeur\nr\u00e9gional  et interd\u00e9partemental  de  l'\u00e9conomie,  de  l'emploi, du  travail et  des  solidarit\u00e9s  dll\ndde-France  \u00e0 compter  du  25  ao\u00fbt  2025,\nVu  l'arr\u00eat\u00e9 pr\u00e9fectoral n\u00b02025-33  du  22  ao\u00fbt  2025  par  lequel le Pr\u00e9fet des  Hauts-de-Seine\nd\u00e9l\u00e8gue  sa signature \u00e0  Monsieur  Fabrice  MASI,  Directeur  r\u00e9gional et interd\u00e9partemental\nde l'\u00e9conomie, de  l'emploi, du travail et des  solidarit\u00e9s d'\u00cele-de-France\nVu  la d\u00e9cision  n\u00b0 2025-187  du  25  ao\u00fbt  2025  portant  subd\u00e9l\u00e9gation  de  signature  de  Monsieur\nFabrice  MASI,  Directeur  r\u00e9gional  et interd\u00e9partemental  de  l'\u00e9conomie,  de  l'emploi, du\ntraval  et des  solidarit\u00e9s d'\u00cele-de-France,  aux  agents de  l'Unit\u00e9 d\u00e9partementale  des  Hauts\nde-Seine  ;\nVu  la d\u00e9claration activit\u00e9s  de services \u00e0 la personne  d\u00e9pos\u00e9es  le 23 octobre  2025  au nom\nde  la micro-entreprise  PELAGE  Claudio  sise 54  Grande  Rue  \u00e0 SEVRES  (92310);\n\n'Apres examen  du dossier, cette demande  \u00e9tant conforme aux dispositions de  l'article L. 7282-1-\n'du  code du traval, le pr\u00e9sent r\u00e9c\u00e9piss\u00e9 de d\u00e9claration d'activit\u00e9s de services \u00e0 la personne  a\n\u00e9t\u00e9 enregistr\u00e9 au nom  de  la micro-entreprise PELAGE  Clautlo sous  le num\u00e9ro  SAP  992662996.\nLes  actvil\u00e9s  d\u00e9clar\u00e9es  sont  les suivantes, \u00e0 l'exclusion de toute  autre\nPetits travaux  de  jardinage, y compris  les travaux  de  d\u00e9broussaillage  ;\n'Travaux  de  petit bricolage  dits \u00ab homme  toutes  mains\nLivraison  de  repas  \u00e0  domicile;\nCollecte et livraison \u00e0 domicile  de linge repass\u00e9  ;\nLivraison  de  courses  \u00e0  domicile  ;\nAssistance  administrative  \u00e0 domicile;\nPrestations relevant du b\u00e9n\u00e9fice de la r\u00e9duction d'imp\u00f4t pr\u00e9vue \u00e0 l'article 199 sexdecies  du Code\n(G\u00e9n\u00e9ral  des  Imp\u00f4ts.\nLa  structure exerce  ces activit\u00e9s selon  le mod: suivant : PRESTATAIRE\nSous  r\u00e9serve d'\u00e9tre exerc\u00e9es  \u00e0 titre exclus  parle d\u00e9clarant (ou sous  r\u00e9serve d'une comptablit\u00e9\ns\u00e9par\u00e9e  pour les personnes  morales  dispens\u00e9es  de  la condition d'activit\u00e9 exclusive). ces activit\u00e9s\n'ouvrent droit au  b\u00e9n\u00e9fice des  dispositions des artcies L. 7233-2  du code  du  traval et L. 241-10\n'du code  de  la s\u00e9curt\u00e9  social.\n(Conform\u00e9ment aux dispositions de article R7232-19  du code du travail l'organisme d\u00e9clar\u00e9 doit\nproduire au moins chaque trimestre un \u00e9tat activit\u00e9 et chaque  ann\u00e9e  un bilan quantitatif et\nualtaf  de Factvite exerc\u00e9e  au  titre de l'ann\u00e9e \u00e9coul\u00e9e  ainsi qu'un tableau statistique annuel.\n'SiTorganisme  d\u00e9clar\u00e9 comporte  plusieurs \u00e9tablissements, les \u00e9tats statistiques et le bilan annuel\ndistinguent activit\u00e9 exerc\u00e9e  par chaque  \u00e9tablissement\nLe  pr\u00e9sent  r\u00e9c\u00e9piss\u00e9  prond  effet le 30 octobre  2025.\nL'enrogistroment  de la d\u00e9claration pourra otro retir\u00e9 a  l'organisme d\u00e9clar\u00e9  cesse de remplir\nles conditions  ou  de  respecter  les obligations mentionn\u00e9es  aux  4\u00b0,6\u00b0 et 6\u00b0 do  l'articio\nR7232-17  ou  qui  m\u00e9conna\u00ee  les obligations  d\u00e9finies  \u00e0 l'article R7232-\npeine de  retrait de  a d\u00e9claration, are  l'objet dune  d\u00e9claration modiicatwe  aupr\u00e8s  de l'Unit\u00e9\nd\u00e9partementale  des  Hauts-de-Seine.\nLe pr\u00e9sent r\u00e9c\u00e9piss\u00e9 sera publi\u00e9 au recuel des actes administratfs de la pr\u00e9fecture des Hauts-\nde-Seine.\nFait \u00e0 Nanterre, le  03  novembre  2025,\nPour  le Pr\u00e9fet\nPar d\u00e9l\u00e9gation  et subd\u00e9l\u00e9gation\nLa  Responsable\nD\u00e9veloppement  de  l'emploi  et des\ncomp\u00e9tences\nMariana CONDE\n\nEs  Direction r\u00e9gionale  et interd\u00e9partementale\nMINIST\u00c8RE  de l'\u00e9conomie, de l'emploi,\nDU  TRAVAIL,  DE LA SANT\u00c9,  du travail et des solidarit\u00e9s\nDES  SOLIDARIT\u00c9S\nET  DES  FAMILLES\nA\nR\u00e9c\u00e9piss\u00e9  n\u00b02025-603  de  d\u00e9claration  d'activit\u00e9s de  services  \u00e0 la personne\n'enregistr\u00e9e  sous  le n\u00b0 SAP990135642  au  nom  de  la micro-entreprise  MARI\nMAHAMADOU  sise  17  Rue  Basly  92230  Chez  M TRAORE  BASSIROU  \u00e0\nGENNEVILLIERS  (92230)\nLE  PREFET  DES  HAUTS-DE-SEINE\nVu  la loi n\u00b0 2010-853  du  23 juillet 2010  relative aux  r\u00e9seaux  consulaires, au commerce  et \u00e0\nl'artisanat et aux  services  (article 31)\nVu  la lo n\u00b0201-1776  du  28  d\u00e9cembre  2016  relative \u00e0  l'adaptation de  la soci\u00e9t\u00e9  au\nviilissement ;\nVu  l'article D7231-1  du  Code  du  travail;\nVu  les d\u00e9crets  n\u00b0 2011-1132  et n\u00b0 2011-1133  du  20  septembre  2011  modifiant  certaines:\ndispositions du  Code  du travail, relatives au ch\u00e8que  emplo-service  universel et aux\nservices  \u00e0 a  personne ;\nVu  lo d\u00e9cret n\u00b02016:750 du 6 juin 2016 relatif \u00e0 la iste des activitesde services \u00e0 Ia personne\nsoumises \u00e0 agr\u00e9ment ou  autorisationdans le cadre du r\u00e9gime commun  de la d\u00e9claration ;\nVu  le d\u00e9cret du  31 octobre 2024  portant nomination de  Monsieur  Alexandre  BRUGERE,  en\nquait\u00e9 de Pr\u00e9fet des Hauts-de-Seine;\nVu  l'arr\u00eat\u00e9 inteminist\u00e9riel du 12 ao\u00fbt 2025  nommant  Monsieur  Fabrice MASI,  Directeur\nr\u00e9gional et interd\u00e9partemental de  l'\u00e9conomie, de  l'emploi, du  travail et des  solidarit\u00e9s d'il\nde-France \u00e0 compter  du 25 ao\u00fbt  2025 ;\nVu  l'arr\u00eat\u00e9 pr\u00e9fectoral n\u00b02026-33  du  22  ao\u00fbt 2025  par lequel le Pr\u00e9fet des  Hauts-de-Seine\nd\u00e9l\u00e8gue  sa signature \u00e0 Monsieur  Fabrice MASI, Directeur r\u00e9gional et interd\u00e9partemental\nde l'\u00e9conomie, de l'emploi, du travailet des solidarit\u00e9s d'\u00cele-de-France ;\n'Vu la d\u00e9cision  n\u00b0 2025-187  du  25  ao\u00fbt  2025  portant  subd\u00e9l\u00e9gation  de  signature  de  Monsieur\nFabrice MASI,  Directeur r\u00e9gional et interd\u00e9partemental de  l'\u00e9conomie, de  l'emploi, du\ntraval et des  soldart\u00e9s  d'\u00cele-de-France, aux agents de  l'Unit\u00e9 d\u00e9partementale  des  Hauts-\nde-Seine  ;\nVu  la d\u00e9claration  d activit\u00e9s de services \u00e0 la personne  d\u00e9pos\u00e9es  le 27  octobre  2025  au  nom\nde  la micro-entreprise MARI  MAHAMADOU  sise 17 Rue  Basly 92230  Chez  M  TRAORE\nBASSIROU  \u00e0  GENNEVILLIERS  (92230)\n\n'Apr\u00e8s examen  du dossier, cette demande  \u00e9tant conforme  aux  dispositions de Farce  L. 7232-1-\n1 du code  du travall, le pr\u00e9sent  r\u00e9c\u00e9piss\u00e9  de d\u00e9claration d activit\u00e9s de services \u00e0 la personne a\n\u00e9t\u00e9 enregistr\u00e9 au nom  de ta micro-entreprise MARI  MAHAMADOU  sous le num\u00e9ro  SAP\n1990135642.\nLes  activit\u00e9s d\u00e9clar\u00e9es  sont les suivantes, \u00e0 l'exclusion de toute autre\nEntretien  de  la maison  et  travaux  m\u00e9nagers  ;\n> Petits travaux de  jardinage, y compris  les travaux de d\u00e9broussaillage\n\u00a9 Travaux  de petit bricolage  dits \u00ab homme  toutes  mains  \u00bb ;\n= Livraison de  repas  \u00e0  domicil\nCollecte  et livraison \u00e0 domicile  de linge repass\u00e9  ;\nLivraison  de  courses  \u00e0  domici\n= Maintenance,  entretien et vigilance temporaires,  \u00e0 domicile, de  la r\u00e9sidence\nprincipale  et  secondaire  ;\nPrestations relevant du b\u00e9n\u00e9fice de  la r\u00e9duction d'imp\u00f4t pr\u00e9vue  \u00e0 article 199  sexdecies du Code\nG\u00e9n\u00e9ral  des  Imp\u00e8ts.\nLa structure exerce  cos  activit\u00e9s selon  le mode suivant : PRESTATAIRE\n'Sous r\u00e9serve d'\u00eatre exerc\u00e9es \u00e0 ttre exclusif parle d\u00e9clarant (ou sous r\u00e9serve d'une comptabilit\u00e9\n's\u00e9par\u00e9e pour les personnes  morales  dispens\u00e9es  de la condition d'actvit\u00e9 exclusive), ces activit\u00e9s\n'ouvrent drot au b\u00e9n\u00e9fice des  dispositions des articles L. 7233-2  du code  du  traval et L 241-10\ndu  code  de  la s\u00e9curit\u00e9 sociale.\n'Conform\u00e9ment  aux  dispositions de  l'article R7232-19  du  code  du travail organisme  d\u00e9clar\u00e9 dot\nproduire au moins  chaque  trimestre un \u00e9tat dactivit\u00e9 et chaque  ann\u00e9e un bilan quantitatif et\nQuaitatf de activit\u00e9 exerc\u00e9e au tire de l'ann\u00e9e \u00e9coul\u00e9e ainsi qu'un tableau statistique annuel.\nSi l'organisme d\u00e9clar\u00e9 comporte  plusieurs \u00e9tablissements, les \u00e9tats statistiques et le bilan annuel\ndistinguent  l'activit\u00e9 exerc\u00e9e  par  chaque  \u00e9tablissement\nLe  pr\u00e9sent  r\u00e9c\u00e9piss\u00e9  prend  effet le 27 octobre  2025.\nL'enrogistrementde la d\u00e9claration pourra tre  rotir\u00e9si l'organisme d\u00e9clar\u00e9 cesse de remplir\nles conditions ou de respecter les obligations mentionn\u00e9es  aux  4,6\" at 6\u00b0 de l'article\n7232.17  ou  qui m\u00e9connait  les obligations d\u00e9finies \u00e0 article R7232-19 du  code du travai\ndes devra,  sous\nane  de  retrait de  Ia d\u00e9claration, fare objet  d'une dectaraton mediate  aupr\u00e9s  de F\u00dcni\u00e9\nd\u00e9partementale  des  Hauts-de-Seine.\nLe  pr\u00e9sent r\u00e9c\u00e9piss\u00e9 sera publi\u00e9 au recueil des actes administratifs de la pr\u00e9fecture des Hauts-\nde-Seine.\nFait \u00e0  Nanterre,  le 03  novembre  2025.\nPour  le Pr\u00e9fet\nPar  d\u00e9l\u00e9gation  et subd\u00e9l\u00e9gation\nLa  Responsable  du  service\nD\u00e9veloppement  de  l'emploi  et des\ncomp\u00e9tences\n\nEu  Direction  r\u00e9gionale et interd\u00e9partementale\nMINIST\u00c8RE  de l'\u00e9conomie, de  l'emploi,\nDU  TRAVAIL,  DE  LA  SANT\u00c9,  du travail et des solidarit\u00e9s.\nDES  SOLIDARIT\u00c9S\nET  DES  FAMILLES\nA\nR\u00e9c\u00e9piss6  n\u00b02028-604  de  d\u00e9claration  d'activit\u00e9s de  services  \u00e0 la personne\nenregistr\u00e9e  sous  le n\u00b0  SAP993249564  au  nom  de  la micro-entreprise  WARK  TOM\nsise  1 all\u00e9e Louis  Jouvet  \u00e0 ASNIERES-SUR-SEINE  (92600)\nLE  PREFET  DES  HAUTS-DE-SEINE\nVu  la loi n\u00b0 2010-853  du  23  juillet 2010  relative aux  r\u00e9seaux  consulaires,  au commerce  et \u00e0\nFartisanat ot aux  services  (article 31)\nVu  Ia li n\u00b02015-1776  du  28  d\u00e9cembre  2018  relative \u00e0 l'adaptation de  la soci\u00e9t\u00e9  au\nviiissement\nVu  l'article D7231-1  du  Code  du  travail;\nVu  les d\u00e9crets  n\u00b0 2011-1132  et n\u00b0 2011-1133  du  20  septembre  2011  modifiant  certaines\ndispositions du  Code  du  travail relatives au  ch\u00e8que  emploi-service  universel et aux\nservices \u00e0 la  personne\n'Vu le d\u00e9crotn\u00b02016-750  du 6 jun  2016 rela  \u00e0 la liste des activit\u00e9s de services \u00e0 la personne\nsoumises \u00e0 agr\u00e9ment  ou \u00e0 autorisation dans le cadre du r\u00e9gime  commun  de la d\u00e9claration ;\nVu  le d\u00e9cret  du  31 octobre  2024  portant  nomination  de  Monsieur  Alexandre  BRUGERE,  en\n'quait\u00e9 de Pr\u00e9fet des  Hauts-de-Seine\nVu  l'ar\u00e8t\u00e9  interminist\u00e9riel du  12 ao\u00fbt  2025  nommant  Monsieur  Fabrice  MASI,  Directeur\nr\u00e9gional  et  interd\u00e9partemental de l'\u00e9conomie,  de  l'emplol,  du  travail et  des  solidarit\u00e9s  dll.\nde-France  \u00e0 compter  du  25  ao\u00fbt  2025 ;\nVu  l'arrdt\u00e9 pr\u00e9fectoral n\u00b02025-33  du  22  ao\u00fbt  2025  par  lequel le Pr\u00e9fet des  Hauts-de-Seine\nd\u00e9l\u00e8gue  sa  signature  \u00e0  Monsieur  Fabrice  MASI,  Directeur  r\u00e9gional  et interd\u00e9partemental\n{de l'\u00e9conomie, de l'emploi du travail et des solidates dile-de-France ;\n'Vu la d\u00e9cision  n\u00b0 2025-157  du  25  ao\u00fbt  2025  portant  subd\u00e9l\u00e9gation  de  signature  de  Monsieur\nFabrice  MASI,  Directeur  r\u00e9gional  et  interd\u00e9partemental  de  l'\u00e9conomie,  de  l'emploi,  du\ntraval  et des  solidantes  dile-de-France,  aux  agents  de  l'Unit\u00e9  d\u00e9partementale  des  Hauts-\nde-Seine  ;\n'Vu la d\u00e9claration d'activit\u00e9s de services \u00e0 la personne  d\u00e9pos\u00e9es  le 30 octobre  2025  au nom\nde  la micro-entreprise  WARK  TOM  sise 1 all\u00e9e Louis  Jouvet  \u00e0 ASNIERES-SUR-SEINE\n82600) ;\n\n'Apr\u00e8s examen  du dossier, cette demande  \u00e9tant conforme  aux dispositions de Farce  L, 7232-1-\n1 du  code  du travail le pr\u00e9sent r\u00e9c\u00e9piss\u00e9 de d\u00e9claration d activites de  services \u00e0 la personne  a\n\u00e9t\u00e9 enregistr\u00e9 au nom  de  la micro-entreprise WARK  TOM  sous  le num\u00e9ro  SAP  993249564,\nLes  activit\u00e9s d\u00e9ciar\u00e9es  sont les suivantes,  & exclusion  de  toute  autre\nEntretien  de  la maison  et  travaux  m\u00e9nagers  ;\nPrestations relevant du b\u00e9n\u00e9fice de la r\u00e9duction d'imp\u00f4t pr\u00e9vue \u00e0 article 198 sexdecies du Code\nG\u00e9n\u00e9ral  des  Imp\u00f4ts.\nLa  structure  exerce  ces  activit\u00e9s  solon  le mode  suivant  : PRESTATAIRE\n'Sous r\u00e9serve d'\u00eatre exerc\u00e9es \u00e0 ttre exclusf parle d\u00e9clarant (ou sous  r\u00e9serve d'une comptabilit\u00e9\n's\u00e9par\u00e9e pour les personnes  morales dispens\u00e9es de la condition d'actvi\u00e9 exclusive), ces activites\n'ouvrent drot au b\u00e9n\u00e9fice des dispositionsdes articles |. 7233-2 du code du traval et L. 241-10\ndu code  de la s\u00e9curit\u00e9 sociale.\n{Conform\u00e9ment  aux  dispositions de  l'article R7232-19  du  code  du travail, organisme  d\u00e9clar\u00e9 dot\nproduire au moins  chaque  trimestre un \u00e9tat dactivit\u00e9 et chaque  ann\u00e9e  un bilan quanttatf et\nqualtatf de active  exerc\u00e9e  au tire de  l'ann\u00e9e \u00e9coul\u00e9e  ainsi qu'un tableau statistique annuel.\nSi  l'organisme d\u00e9clar\u00e9 comporte  plusieurs \u00e9tablissements, les \u00e9tats statistiques et le bilan annuel\ndistinguent  l'activit\u00e9 exerc\u00e9e  par  chaque  \u00e9tablissement\nLe  pr\u00e9sent r\u00e9c\u00e9piss\u00e9  prend effet lo 30 octobre  2028.\nL'enrogistremont de la d\u00e9claration pourra \u00eatre ratir\u00e9 si l'organisme d\u00e9clar\u00e9 cesse de remplir\nles conditions ou  de respecter les obligations mentionn\u00e9es  aux 4,5\"  at 6\u00b0 de l'artclo\n723217  ou  qui m\u00e9connait  les obligations d\u00e9finies \u00e0 article R7232-19  du code  du  travail,\ndevra,  sous\npeine de  retrait de  la d\u00e9claration, faire l'objet dune  d\u00e9claration modificative aupr\u00e9s  de FUnite\nd\u00e9partementale  des  Hauts-de-Seine.\nLe pr\u00e9sent r\u00e9c\u00e9piss\u00e9 sera publi\u00e9 au recueil des actes administratifs de la pr\u00e9fecture des  Hauts-\nde-Seine.\nFait \u00e0 Nanterre  le 03  novembre  2025,\nPour  le Pr\u00e9fet\nPar  d\u00e9l\u00e9gation  et subd\u00e9l\u00e9gation\nLa  Responsable  du  service\nD\u00e9veloppement  de  l'emploi et des\ncomp\u00e9tences\nMariarha CONDE\n\nEs  Direction r\u00e9gionale et interd\u00e9partementale\nMINISTERE  de l'\u00e9conomie,de l'emploi,\nDU  TRAVAIL,  DE  LA  SANT\u00c9,  du travail et des solidarit\u00e9s\nDES  SOLIDARIT\u00c9S\nET  DES  FAMILLES\nms\nf\u00e9\nArr\u00eat\u00e9  DRIEETS-UD92  n\u00b02025-605  du  03  novembre  2025  portant  renouvellement\nde  l'agr\u00e9ment  SAP882759434  \u00e0 la SARL  SMJ  SERVICES  sise  16  Avenue  Joseph\nFroment  \u00e0 La  Garenne  Colombes  (92250)\nLE  PREFET  DES  HAUTS-DE-SEINE\nVu  la loi n\u00b0 2010-853 du 23 juillet 2010  relative aux  r\u00e9seaux  consulaie\nVartisanat et aux  services  (article 31) ;\nVu  la loi n*2015-1776  du 28  d\u00e9cembre  2015  relative \u00e0 adaptation  de la soci\u00e9t\u00e9 au\nviilissement ;\nVu  l'article D7231-1  du  Code  du travail;\nVu  les d\u00e9crets n\u00b0 2011-1132  et n\u00b0 2011-1133  du  20 septembre  2011  modifiant certaines.\ndispositions du  Code  du  travail, relatives au  ch\u00e8que  emplo-service  universel  et aux\nservices \u00e0 a  personne\n'Vu le d\u00e9cret  \"2016-750  du  6 jun  2016  relatif \u00e0 la liste des activit\u00e9s de  services  \u00e0 Ia personne\nsoumises \u00e0 agr\u00e9ment  ou \u00e0 autorisation dans le cadre  du  r\u00e9gime  commun  de la d\u00e9ctaration\n'Vu le d\u00e9cret du 31 octobre 2024  portant nomination de  Monsieur  Alexandre  BRUGERE,  en\nqualit\u00e9 de Pr\u00e9fet des Hauts-de-Seine ;\nVu  l'ar\u00eat\u00e9 DIRECCTE-UD82  n\u00b02020-472  du  25 novembre  2020  accordant l'agr\u00e9ment SAP\n882750434  \u00e0 la SARL  SMJ  SERVICES  ;\nVu  l'arr\u00eat\u00e9 interministriel du 12 ao\u00fbt 2025  nommant  Monsieur  Fabrice MASI,  Directeur\nr\u00e9gional  etinterd\u00e9partemental de \u00e9conomie, de l'emploi, du travailet des solidant\u00e9s d'Ile\n'de-France  \u00e0 compter  du  25  ao\u00fbt  2025  ;\nVu  l'arr\u00eat\u00e9 pr\u00e9fectoral n\u00b02026-33  du 22 ao\u00fbt 2025  par lequel le Pr\u00e9fet des  Hauts-de-Seine\nd\u00e9l\u00e8gue  sa signature  \u00e0 Monsieur  Fabrice  MASI,  Directeur  r\u00e9gional et interd\u00e9partemental\nde l'\u00e9conomie, de l'emploi, du travail et des solidarit\u00e9s d'\u00cele-de-France\nVu  la d\u00e9cision n\u00b0 2026-187  du 25 ao\u00fbt 2025  portant subd\u00e9l\u00e9gation de signature de Monsieur\nFabrice  MASI,  Directeur  r\u00e9gional et interd\u00e9partemental  de  l'\u00e9conomie,  de  l'emploi, du\ntravail et des  soldart\u00e9s  d'le-de-France, aux  agents  de  Unit\u00e9  d\u00e9partementale  des  Hauts-\nde-Seine\n\n'Vu la demande  de  renouvellement  d'agr\u00e9ment  d\u00e9pos\u00e9e  le 19  juin 2025  sur extranet  NOVA\npar la SARL  SMJ  SERVICES  sise, 18 Avenue  Joseph  Froment  \u00e0 la Garenne  Colombes\n(92250);\nVu  les demandes  compl\u00e9mentaires  adress\u00e9es  par le service instructeur \u00e0 la SARL  SMJ\nSERVICES  par mails du 20  juin; du 29 jullet; du  26 ao\u00fbt : des  14, 20,27, et 29 octobre ;\ndu  03  novembre  2025  ;\nVu  les pi\u00e8ces justiiatives accompagnant  la demande  ainsi que  les r\u00e9ponses\ncompl\u00e9mentaires  transmises par la SARL  SMJ  SERVICES  au service instructeur par mals\ndu 23 juin ; du 29 juil;  du 19 septembre  ; des 14, 24 et 28 octobre ; du 03 novembre\n2025:\nVu  la demande  d avis adress\u00e9e aux Unit\u00e9s d\u00e9partementales  et Conseis  d\u00e9partementaux des\nHauts-de-Seine  ($2) et des  Yvelines (78) en date du 31 octobre 2025  ;\nVu  l'avis favorable du Conseil d\u00e9partemental  des  Hauts-de-Seine  (92) notifi\u00e9 le 03  novembre\n2025:\nVu  l'absence d'avis du Conseil d\u00e9partemental et de l'Unit\u00e9 d\u00e9partementale  des  Yvelines (78)\nConsid\u00e9rant  que  la SARL  SMJ  SERVICES  dontle si\u00e8ge  social est stu\u00e9  au  16 Avenue  Joseph\nFroment  \u00e0  la Garenne  Colombes  (82250)  dispose  d'un  agr\u00e9ment  enregistr\u00e9\nsous  num\u00e9ro  SAP  882750434  pour exercer aupr\u00e8s  des  enfants de moins\nde  trois ans  et/ou enfants  de  moins  de  dix-huit ans en  situation de  handicap\nsurles d\u00e9partements des  Hauts-de-Seine  (92) et des Yvelines (78) en mode\nprestataire arivant \u00e0 \u00e9ch\u00e9ance  le 24 novembre  2025 ;\nConsid\u00e9rant  que  es  pi\u00e8ces  justficatives et les  r\u00e9ponses  compl\u00e9mentaires  transmises  par la\nSARL  SMJ  SERVICES  ont  \u00e9t\u00e9 d\u00e9clar\u00e9es  conformes  au  cahier  des  charges\npr\u00e9vu\u00e0 l'article R.7232-6 du Code du travail parle service instructeur le 03\nnovembre  2025  ;\nARRETE\nARTIGLE 4\nL'agr\u00e9ment  num\u00e9ro  SAP882750434  de  la SARL  SMJ  SERVICES  sise16 Avenue  Joseph  Froment\n4 la Garenne  Colombes  (82250)  est renouvel\u00e9  conform\u00e9ment  aux  dispositions de  l'article L 7232-\n1 du  Code  du Travail pour la fourniture de services  aux  personnes.\n\nARTICLE 2\nLe  pr\u00e9sent agr\u00e9ment  est renouvel\u00e9  pour une  dur\u00e9e  de  5 ans, \u00e0 compter  du 25  novembre  2025\npour les d\u00e9partements des Hauts-de-Seine (92) et des Yvelines (78)\nConform\u00e9ment  aux dispositions de  l'article R7232-9  du code  du  travail, l'organisme agr\u00e9\u00e9  doit\nproduire au moins chaque  trimestre un \u00e9tat d'activit\u00e9 et chaque ann\u00e9e  un bilan quantita  et\nqualtatf de l'activit\u00e9 exerc\u00e9e ainsi qu'un tableau statistique.\nSi l'organisme  comporte  plusieurs  \u00e9tablissements,  les \u00e9tats statistiques et le bilan annuel\ndistinguent  l'actii\u00e9  exerc\u00e9e  par  chaque  \u00e9tablissement.\nL'agr\u00e9ment  peut \u00eatre renouvel\u00e9 tacitement. La demande  de renouvellement  do  \u00eatre d\u00e9pos\u00e9e  au\nPUS  tard trois mois  avant  le terme  de  la p\u00e9riode  d'agr\u00e9ment.\nARTICLE 3\nLa  SARL  SMJ  SERVICES  est agr\u00e9\u00e9e  pour  la fourniture des  services  suivants\nEn  mode  PRESTATAIRE\n= Garde  d'enfants  de  moins  de  rois  ans  ou  de  moins  de  dix-huit ans  en  situation de\nhandicap  \u00e0  domicie  ;\n= Accompagnement des enfants  de moins  de trois ans  ou de moins  de dx-hult  ans  en\n'situation de  handicap  dans  leurs d\u00e9placements  en  dehors  de  leur domicile  (promenades,\ntransport, actes  de  la vie courante\nPrestations  relevant du  b\u00e9n\u00e9fice de a r\u00e9duction  d'imp\u00f4t  pr\u00e9vue \u00e0 article 199  sexdecies  du  Code\nG\u00e9n\u00e9ral  des  Imp\u00f4ts.\nARTICLE 4\nSi l'organisme  envisage  de  fournir des  services autres  que ceux  pour  lesquels  est  agr\u00e9\u00e9. devra\nsolicter  une  modification  de  son  agr\u00e9ment.  La  demande  devra  pr\u00e9ciser  les modifications\n\"envisag\u00e9es  et les moyens  nouveaux  correspondants.\n'Toute cr\u00e9ation d'activit\u00e9 hors  du  ou  des  d\u00e9partements  pour  lesquels  l'organisme  est agr\u00e9\u00e9  devra\nfaire l'objet d'une  demande  d'extension  aupr\u00e8s  du  Pr\u00e9fet des  Hauts-de-Seine.  Elle donnera  lieu \u00e0\n'une modification  du  pr\u00e9sent  arr\u00eat\u00e9.\nARTICLE 5\nConform\u00e9ment  aux dispositions de  l'article R7232-12  du  code  du  traval, le pr\u00e9sent agr\u00e9ment\npourra \u00eatre retire si l'organisme agr\u00e9\u00e9\n\n'= Cesse  de  remplr  les conditions  ou  de  respecter  les obligations  mentionn\u00e9es  aux  articles\nR  73324  \u00e0 R 7232-9  du  code  de  travail,\nNe  respecte  pas  les dispostions  l\u00e9gales  relatives \u00e0 la sant\u00e9  et \u00e0  la s\u00e9curit\u00e9  au  travail\nExerce  des  activt\u00e9s autres que  celles d\u00e9ciar\u00e9es dans  la demande  d'agr\u00e9ment,\nNe transmet  pas  au Pr\u00e9fet comp\u00e9tent,  avant a  fin du premier semestre  de  Fann\u00e9e, le bilan\nqualtatfet quantitatif de activit\u00e9 exerc\u00e9e au tire de l'ann\u00e9e \u00e9coul\u00e9e.\nARTICLE 6\nLa Directrice de  l'Unit\u00e9 d\u00e9partementale  des  Hauts-de-Seine  de la DRIEETS  Ile-de-France, est\ncharg\u00e9e  de  l'application du pr\u00e9sent arr\u00e9t\u00e9 qui sera publi\u00e9 au recueil des  Actes  Administratifs de\nla Pr\u00e9fecture  des  Hauts-de-Seine.\nFait \u00e0 Nanterre,  le 03  novembre  2025,\nPour  le Pr\u00e9fet\nPar  d\u00e9l\u00e9gation  et subd\u00e9l\u00e9gation\nLa  Responsable  du  service\nD\u00e9veloppement  de  l'emploi et des\n\nEE  Direction  r\u00e9gionale  et interd\u00e9partementale\nMINISTERE de l'\u00e9conomie, de l'emploi,\nDU  TRAVAIL,  DE  LA SANT\u00c9,  du travail et des solidarit\u00e9s.\nDES  SOLIDARITES\nET  DES  FAMILLES\nR\u00e9c\u00e9piss\u00e9  n\u00b02025-606  de  d\u00e9claration modificative d'activit\u00e9s de services  \u00e0 la\npersonne enregistr\u00e9e sous  le n\u00b0 SAP882759434  au nom  de la SARL  SMJ\nSERVICES  sise  16  Avenue  Joseph  Froment  \u00e0 la Garenne  Colombes  (92250)\nLE  PREFET  DES  HAUTS-DE-SEINE\nVu  la loi n\u00b0 2010-863 du  23  juilt  2010  relative aux r\u00e9seaux  consulaires,  au  commerce  et \u00e0\nl'arisanat et aux  services  (article 31) ;\nVu  la loi n\u00b02015-1776  du 28  d\u00e9cembre  2015  relative \u00e0 adaptation  de  la soci\u00e9t\u00e9 au\nvieilissement ;\nVu  l'aticle 07231-1  du  Code  du  travail;\nVu  les d\u00e9crets n\u00b0 2011-1132  et n\u00b0 2011-1133  du  20 septembre  2011  modifiant certaines\ndispositions  du  Code  du  travail, relatives au  ch\u00e8que  emplo-service  universel  et aux\nservices  \u00e0 la personne\nVu  le d\u00e9cret  n\u00b02016:750  du  6 juin 2016  relatif \u00e0 la ste  des  activit\u00e9s de  services  \u00e0 la personne\nsoumises  \u00e0 agr\u00e9ment ou \u00e0 autorisation dans  le cadre  du  r\u00e9gime  commun  dela  d\u00e9caration\nVu  le d\u00e9cret  du  31 octobre  2024  portant  nomination  de  Monsieur  Alexandre  BRUGERE,  en\n'qualit\u00e9 de  Pr\u00e9fet des  Hauts-de-Seine  ;\nVu  l'ar\u00eat\u00e9 n\u00b02021-01  du  07  avril 2021  d\u00e9lvr\u00e9  par  le Conseil  d\u00e9partemental  des  Hauts-de-\nSeine  (92) autorisant la SARL  SMJ  SERVICES  \u00e0  exercer  les activit\u00e9s en  lien avec  les\npersonnes  \u00e2g\u00e9es  et/ou en  situation de  handicap  sur le d\u00e9partement  des  Hauts-de-Seine\n(2);\nVu  l'ar\u00e9t\u00e9 interminist\u00e9riel du 12 ao\u00fbt 2025  nommant  Monsieur  Fabrice MASI, Directeur\nr\u00e9gional et interd\u00e9partemental de l'\u00e9conomie, de  l'emploi, du  travail et des  solidarit\u00e9s d'\u00cele-\nde-France  \u00e0  compter  du  25  ao\u00fbt  2025\nVu  l'arr\u00eat\u00e9 pr\u00e9fectoral n\u00b02026-33  du 22 ao\u00fbt 2025  par lequel le Pr\u00e9fet des  Hauts-de-Seine\nd\u00e9l\u00e8gue  sa signature \u00e0 Monsieur  Fabrice MASI, Directeur r\u00e9gional et interd\u00e9partemental\nde l'\u00e9conomie, de l'emploi, du travail et des solidarit\u00e9s d'le-de-France\nVu  l'arr\u00eat\u00e9 DRIEETS-UDS2  n\u00b02025-60 du 03  novembre  2025  renouvelant  l'agr\u00e9ment  num\u00e9ro\nSAP882750434  au  nom  de  la SARL  SMJ  SERVICES\n\n'Vu la d\u00e9cision  n\u00b0 2025-157  du  25  ao\u00fbt  2025  portant  subd\u00e9l\u00e9gation  de  signature  de  Monsieur\nFabrice  MASI,  Directeur  r\u00e9gional et interd\u00e9partemental  de  l'\u00e9conomie,  de  l'emploi, du\ntraval et des  soldari\u00e9s  d'le-de-France, aux  agents de l'Unit\u00e9 d\u00e9partementale  des  Hauts-\nde-Seine  ;\nVu  le r\u00e9c\u00e9piss\u00e9  de d\u00e9claration n\u00b02023-86  de services \u00e0 la personne  enregistr\u00e9 sous le num\u00e9ro\nSAP  882758434  au nom  de  la SARL  SMJ  SERVICES  ;\nConsid\u00e9rant que  la pr\u00e9sente modification est due  au renouvellement  de  l'agr\u00e9ment SAP\n882750434  de la SARL  SMJ  SERVICES ; le dossier est conforme  aux\ndispositions  de  l'article L 7232-1-1  du  Code  du  travail\nLes  activites d\u00e9clar\u00e9es  par  la SARL  SMJ  SERVICES  sont  les suivantes  \u00e0 l'exclusion de  toute\nautre\nEntretien  de  la maison  et travaux  m\u00e9nagers\nPets  travaux  de  jardinage,  y compris  ls  travaux  de  d\u00e9broussailage  ;\n\"Travaux  de  pet  bricolage  dits \u00ab  homme  toutes  mains  \u00bb  ;\n= Garde  d'enfants de plus de trois ans  \u00e0 domicile;\nSoutien  scolaire ou  cours  \u00e0domicile ;\n\u00a9 Soins  d'esth\u00e9tiques \u00e0  domicile  pour  les  personnes  d j\u00e9pendantes;\nPr\u00e9paration  de  repas  \u00e0 domicile,  y compris le temps  pass\u00e9 aux  courses  ;\nCCollecteet Ivraison \u00e0 domicile de linge repass\u00e9 :\nLivraison  de  courses \u00e0 domicile;\n'Assistance  informatique  \u00e0  domicile  ;\n'Soins et promenades  d'animaux  de  compagnie.\ntoilettage, pour  les personnes  d\u00e9pendantes\n= Maintenance, entretien et vigiance temporaires, \u00e0 domicile, de la r\u00e9sidence principaleet\nsecondaire\n= Assistance  administrative \u00e0  domicile\nAccompagnement des enfants de plus de trois ans  dans  leurs d\u00e9placements en dehors  de\nleur domicile (promenades,  transports, actes dela vie courante) ;\n= Prestation  de  conduite  du  v\u00e9hicule  personnel  des  personnes  temporairement\nd\u00e9pendantes  autres  que  personnes  \u00e2g\u00e9es,  handicap\u00e9es  ou  atteintes de  pathologies\nchroniques, du domicile au travail, sur le leu de vacances,  pour les d\u00e9marches\nadministratives ;\n\"Accompagnement  des  personnes  temporairement  d\u00e9pendant\nexception  des  soins  v\u00e9t\u00e9rinaires et du\nautres  que  personnes\n\u00e2g\u00e9es,  handicap\u00e9es  ou  atteintes de  pathologies  chroniques,  dans leurs d\u00e9placements  e\n'dehors de leur domicile (promenades,  aide \u00e0 la moblit\u00e9 et u transport, actes de la vie\ncourante) ;\n= Assistance  aux  personnes  autres  que  personnes  \u00e2g\u00e9es,  handicap\u00e9es  ou  atteintes de\npathologies chroniques  qui ont besoin temporairement  dune  aide personnelle \u00e0 leur\ndomicile, \u00e0 'exclusion des  soins  relevant d'actes m\u00e9dicaux ;\n\nAccompagnement des personnes  \u00e2g\u00e9es,  des  personnes  handicap\u00e9es  ou  atteintes\nde  pathologies  chroniques,  dans  leurs d\u00e9placements  en  dehors  de  leur domicile\npromenades,  aide \u00e0 la mobilt\u00e9 et au  transport, actes de la vie courante) quand\ncet  accompagnement  est r\u00e9alis\u00e9dans les conditions pr\u00e9vues aux 1\u00b0 et 2\u00b0 de  l'art.\n7232-6  du  code  du  travail\n= Assistance  dans les actes quotidiens de la vie ou aide \u00e0 l'insertion sociale aux\npersonnes  \u00e2g\u00e9es  et aux  personnes  handicap\u00e9es  ou  atteintes de  pathologies\nhroniques  qui ont besoin  de  telles prestations  \u00e0 domicile, quand  ces  prestations\nsont r\u00e9alis\u00e9es dans  les conditionspr\u00e9vues aux  1\u00b0 et2\u00b0 de l'art. 7232-6  du code du\ntravail, \u00e0 l'exclusion d'actes  de  soins  relevant  d'actes  m\u00e9dicaux  \u00e0 moins  quis  ne\nsoient ex\u00e9cut\u00e9s  dans les conditionspr\u00e9vues \u00e0 l'aile  L1111-6-1  du code  de la\nsant\u00e9 publique et du  d\u00e9cret n\u00b099-426  du 27 mai  1999  hablitant certaines\ncat\u00e9gories de personnes  \u00e0  effectuer des  aspirations endo-rach\u00e9ales  ;\n= Prestation  de  conduite  du  v\u00e9hicule  personnel  des  personnes  \u00e2g\u00e9es,  des\npersonnes  handicap\u00e9es  ou atteintes de pathologies chroniques  du domicile au\ntravail, sur  le leu  de  vacances,  pour  les d\u00e9marches  administratives  quand  cette\nprestationest r\u00e9alis\u00e9e dans  les conditions pr\u00e9vues  aux  1\u00b0 et 2\u00b0 de Tart. 7232-6  du\ncode  du  travail;\nLes_activit\u00e9s_soumises_\u00e0 l'agr\u00e9ment oxerc\u00e9es  en  mode  PRESTATAIRE  sur  les\nd\u00e9partements  des Hauts-de-Seine (92) et des Yvelines (79)\n= Garde  d'enfants de moins de trois ans ou de moins  de dix-huitans en situation de handicap\n\u00e0  domicile  ;\n\"Accompagnement  des  enfants de  moins  de  trois ans  ou de  moins  de dichui  ans en\n'uation  de  handicap  dans  leurs d\u00e9placements  en dehors  de  leur domicile (promenades,\ntransport,  actes de  la vie courante\nPrestations relevant du b\u00e9n\u00e9fice de la r\u00e9duction d'imp\u00f4t pr\u00e9vue \u00e0 'ricle 199 sexdecies du Code\nG\u00e9n\u00e9ral des  Imp\u00f4ts\n'Sous r\u00e9serve d'\u00eatre exerc\u00e9es  \u00e0 ttre exclusif par le d\u00e9clarant (ou sous  r\u00e9serve d'une comptabilt\u00e9\ns\u00e9par\u00e9e  pour les personnes  morales  dispens\u00e9es  de  la condition d'actt\u00e9  exclusive), ces activites\n'ouvrent droit au b\u00e9n\u00e9fice des  dispositions des  articles L. 7233-2  du code  du travail et L. 241-10\ndu  code  de  la s\u00e9curt\u00e9  social.\n'Conform\u00e9ment  aux dispositions de  l'article R7232-19  du  code  du traval,forganisme  d\u00e9clar\u00e9 doit\nproduire au moins chaque timestre un \u00e9tat d'activit\u00e9 et chaque ann\u00e9e un bilan quanttatt et\nQualtatf  de  activit\u00e9 exerc\u00e9e  au  titre de  l'ann\u00e9e  \u00e9coul\u00e9e  ainsi qu'un  tableau  statistique annuel.\nSi l'organisme d\u00e9clar\u00e9 comporte  plusieurs \u00e9tablissements, les \u00e9tats statistiques et le bilan annuel\ndistinguent  l'actiit\u00e9 exerc\u00e9e  par  chaque  \u00e9tablissement\nL'enregistrement  de  la d\u00e9claration  pourra  \u00eatre retir\u00e9 si l'organisme  d\u00e9clar\u00e9 cesse  de  remplir\nles conditions  ou  de  respecter  les obligations mentionn\u00e9es  aux  4\u00b0,5\u00b0 et 6\u00b0 de  l'article\n7232.17  ou  qui m\u00e9connalt  les obligations d\u00e9finies \u00e0 l'article R7232-19  du  code  du  travail.\n\npene  de  retrat dela declaration, fare l'objet d'une declaration modiicative aupr\u00e9s  de  TUnt\u00e9\nd\u00e9partementale  des  Hauts-de-Seine.\nLe  pr\u00e9sent r\u00e9c\u00e9piss\u00e9 sera publi\u00e9 au recueil des actes administratifs de la pr\u00e9fecture des Hauts-\nde-Seine.\nFait \u00e0 Nanterre,  le 03  novembre  2025,\nPour  le Pr\u00e9fet\nPar  d\u00e9l\u00e9gation  et subd\u00e9l\u00e9gation\nLa  Responsable  du  service\nD\u00e9veloppement  de l'emploi  et des\ncomp\u00e9tences.\n-\nMariaha CONDE\n\nEx  Direction r\u00e9gionaleot interd\u00e9partementale\nMINISTERE de l'\u00e9conomie, de l'emploi,\nDU  TRAVAIL,  DE  LA  SANT\u00c9,  du travail et des solidarit\u00e9s\nDES  SOLIDARIT\u00c9S\nET  DES  FAMILLES\nfu\nArr\u00eat\u00e9  DRIEETS-UD92  n\u00b02025-607  du  03  novembre  2025  portant  renouvellement\nde  l'agr\u00e9ment  SAP  813682945 \u00e0 la SARL  AB  SENIORS  SERVICES  sise  113  Rue  des\nBourguignons  \u00e0  Bois-Colombes  (92270)\nLE  PREFET  DES  HAUTS-DE-SEINE\nVu  la loi n\u00b0 2010-853  du 23 jullet 2010  relative aux  r\u00e9seaux  consulaires, au commerce et \u00e0\nl'artisanat et aux  services  (article 31) ;\n'Vu la loi n\u00b02015-1778  du 28  d\u00e9cembre  2015  relative \u00e0 l'adaptation de  la soci\u00e9t\u00e9 au\nvieilissement ;\nVu  l'article 07231-1  du  Code  du travail\nVu  les d\u00e9crets n\u00b0 2011-1132  et n\u00b0 2011-1133  du 20 septembre  2011  modifiant coraines\ndispositions  du  Code  du  travail, relatives au  ch\u00e8que  emplot-service  universel  et aux\nservices  \u00e0  a  personne  ;\nVu  le d\u00e9cret  n\u00b02016750 du 6 juin 2016 relat \u00e0 la liste des activit\u00e9sde services \u00e0 la personne\nsoumises  \u00e0 agr\u00e9ment ou \u00e0 autorisation dans le cadre  du  r\u00e9gime  commun  de la d\u00e9claration\nVu  le d\u00e9cret du 31 octobre 2024  portant nomination  de  Monsieur  Alexandre  BRUGERE,  en\nquait\u00e9 de Pr\u00e9fet des Hauts-de-Seine ;\nVu  Tarr\u00e9t\u00e9  DIRECCTE-UD82  n\u00b02020-471  du  25  novembre  2020  portant renouvellement  de\nl'agr\u00e9ment  num\u00e9ro  SAP  813682945  de  la SARL  AB  SENIORS  SERVICES\nVu  Farr\u00e9t\u00e9 DRIEETS-UDS2  n\u00b02023-169  du  18  avril 2023  modiant  l'agr\u00e9ment\n'SAP  813682945  de la SARL  AB  SENIORS  SERVICES  visant \u00e0 \u00e9tendre  son  p\u00e9rim\u00e8tre\ng\u00e9ographique  d'intervention sur  le d\u00e9partement  des  Hauts-de-Seine  (92) et du  Val-d'Oise\nCH\nVu  l'ar\u00eat\u00e9 interminist\u00e9riel du  12 ao\u00fbt 2025  nommant  Monsieur  Fabrice MASI,  Directeur\nr\u00e9gional et interd\u00e9partemental  de  l'\u00e9conomie,  de  l'emploi, du  travail et des  solidarit\u00e9s d'le-\nde-France \u00e0  compler  du 25  ao\u00fbt  2025  ;\nVu  l'arr\u00eat\u00e9 pr\u00e9fectoral n\u00b02025-33  du  22  ao\u00fbt 2025  par lequel le Pr\u00e9fet des  Hauts-de-Seine\nd\u00e9l\u00e8gue  sa  signature  \u00e0 Monsieur  Fabrice  MASI,  Directeur  r\u00e9gional et interd\u00e9partemental\nde  l'\u00e9conomie, de  l'emploi, du travailet des solidartes d'\u00cele-de-France\n\nVu  la d\u00e9cision n\u00b0 2025-187 du 25 ao\u00fbt 2025 portant subd\u00e9l\u00e9gation de signature de Monsieur\nFabrice MASI, Directeur r\u00e9gional et interd\u00e9partemental de  l'\u00e9conomie, de l'emploi, du\n'travail et des  solidartes d'\u00cele-de-France, aux  agents  de [Unit\u00e9 d\u00e9partementale  des  Hauts-\nde-Seine\n'Vu la demande de renouvellement d'agr\u00e9ment d\u00e9pos\u00e9e  le 26 juin 2025 sur Fextranet NOVA\npar la SARL  AB  SENIORS  SERVICES  sise, 113 Rue des Bourguignons \u00e0 Bois-Colombes\n(82270):\nVu  les demandes  compl\u00e9mentaires  adress\u00e9es  par le service instructeur \u00e0 la SARL  AB\nSENIORS  SERVICES  par mails 27  juin ; du 03  jullet; des  11 et 12 ao\u00fbt ; du 21 octobre\n2025:\nVu  les pi\u00e8ces justificatives accompagnant  la demande  ainsi que  les r\u00e9ponses\ncompl\u00e9mentaires  transmises par la SARL AB  SENIORS  SERVICES  par mails du 27 juin\n'du 05 juilt  ; des 26 et 25 ao\u00fbt ; des  23 et 24 octobre  2025  ;\nVu  la demande  d'avis adress\u00e9e \u00e0 l'Unit\u00e9 du Val-d'Oise (85) en date du 28 octobre 2025 ;\nVu  l'avis favorable de lUnit\u00e9 d\u00e9partementale  du Val-d'Oise (85) not\u00e9  en  date du 29 octobre\n2025  ;\nConsid\u00e9rant  que  la SARL  AB  SENIORS  SERVICES  dont le si\u00e8ge social est situ\u00e9 au 113 Rue\ndes Bourguignons  \u00e0 Bois-Colombes  (82270) dispose d'un agr\u00e9ment\nenregistr\u00e9 sous num\u00e9ro  SAP813682945  pour exercer aupr\u00e8s  des\npersonnes \u00e2g\u00e9es etou personne en situation de handicap sur les\nd\u00e9partements  des  Hauts-de-Seine  (92) et du  Vak\u00ab'Oise  (95) arivant \u00e0\n'\u00e9ch\u00e9ance le 09 d\u00e9cembre  2025  ;\nConsid\u00e9rant  que  les pi\u00e8ces justificatives et les r\u00e9ponses  compl\u00e9mentaires  transmises par La\nSARL  SMJ  SERVICES  ont \u00e9t\u00e9 d\u00e9clar\u00e9es conformes  au  cahier des  charges\npr\u00e9vu \u00e0 Farticle R.7232-6  du Code  du traval par le service instructeur le 03\nnovembre  2025  ;\nARRETE\nARTICLE 4\nL'agr\u00e9ment num\u00e9ro  SAP  813682945  de la SARL  AB  SENIORS  SERVICES  113 Rue  des\nBourguignons  \u00e0 Bois-Colombes  (92270) est renouvet\u00e9 conform\u00e9ment  aux dispositions de  article\nL 7232-1  du  Code du Travail pour la fourniture de services  aux  personnes.\n\nARTICLE 2\nLe  pr\u00e9sent  agr\u00e9ment  est renouvel\u00e9  pour une  dur\u00e9e  de 5 ans,\npour les d\u00e9partements des Hauts-de-Seine (92) et du Val-d'Oise (95)\nConform\u00e9ment  aux  dispositions de Farticle R7232-9  du code  du travail, l'organisme agr\u00e9\u00e9  doit\nproduire  au  moins  chaque  timestre  un  \u00e9tat d'activit\u00e9 et chaque  ann\u00e9e  un  bilan quantitatif et\nqualtatf  de  l'activit\u00e9 exerc\u00e9e  ainsi qu'un  tableau  statistique.\nSi Forganisme  comporte  plusieurs  \u00e9tablissements,  les \u00e9tats statistiques et le bilan annuel\ndistinguent Factivits exerc\u00e9e  par chaque  \u00e9tablissement.\nL'agr\u00e9ment peut \u00eatre renouvel\u00e9  tactement.  La  demande  de renouvellement doit \u00eatre d\u00e9pos\u00e9e  au\n'lus tard trois mois avant le terme de la p\u00e9riode d'agr\u00e9ment.\nARTICLE 3\nLa  SARL  AB  SENIORS  SERVICES  est agr\u00e9\u00e9e  pour  la fourniture des  services  suivants.\nEn  mode  MANDATAIRE\n(Accompagnement  des  personnes  \u00e2g\u00e9es,  des  personnes  handicap\u00e9es  ou  atteintes de\npathologies chroniques, dans  leurs d\u00e9placements  en  dehors  de  leur domicile\n(promenades,  aide \u00e0 la mobilte  et au  transport, actes  de  la vie courante)  quand  cet\naccompagnement  est r\u00e9alis\u00e9 dans  les conditions  pr\u00e9vues  aux  1\u00b0 et 2\u00b0 de l'art. 7232-6  du\ncode  du  traval ;\n= Assistance  dans les actes quotidiens de la vie ou aide \u00e0 l'insertion sociale aux personnes\nAg\u00e9es  et aux  personnes  handicap\u00e9es  ou  atteintes  de  pathologies  chroniques  qui  ont\nbesoin de  telles prestations \u00e0 domicile, quand  ces  prestations sont r\u00e9alis\u00e9es dans  les\nconditions pr\u00e9vues aux 1\u00b0 et 2\" de l'art. 7232-8 du code  du travail, \u00e0 l'exclusion d'actes de\nsoins relevant d'actes m\u00e9dicaux  \u00e0 moins  qu'ils ne soient ex\u00e9cut\u00e9s  dans  les condtions\npr\u00e9vues \u00e0 l'aricle L1111-6-1  du  code  de la sant\u00e9  publique  et du d\u00e9cret  n\u00b099-426  du 27\nmai  1999  habitant  certaines cat\u00e9gories de personnes  \u00e0 effectuer des aspirations endo-\ntrach\u00e9ales\n= Prestation  de  conduite  du  v\u00e9hicule  personnel  des  personnes  \u00e2g\u00e9es, des  personnes\nhandicap\u00e9es  ou  atteintes de  pathologies  chroniques  du  domicile  au  travail, sur le leu  de\nvacances,  pour  les d\u00e9marches  administratives quand  cette prestation est r\u00e9alis\u00e9e dans\nLes conditions  pr\u00e9vues  aux  1  et 2\u00b0 de  l'art. 7232-6  du  code  du travail ;\nPrestations relevant du  b\u00e9n\u00e9fice de  la r\u00e9duction d'imp\u00f4t pr\u00e9vue  \u00e0 article 199 sexdecies  du Code\nG\u00e9n\u00e9ral  des  Imp\u00f4ts.\nARTICLE 4\nSi'organisme  envisage de fournir des services autres que ceux  pour lesquelsil est agr\u00e9\u00e9. il devra\nsolicter une  modification de  son  agr\u00e9ment. La demande  devra pr\u00e9ciser les. modifications\nenvisag\u00e9es  et les moyens  nouveaux  correspondants.\n\n\"Toute cr\u00e9ation d'activit\u00e9 hors du ou des  d\u00e9partements  pour lesquels l'organisme est agr\u00e9\u00e9 devra\nfaire l'objet d'une demande  d'extension aupr\u00e8s  du Pr\u00e9fet des Hauts-de-Seine. Ele  donnera  leu \u00e0\nlune modification  du  pr\u00e9sent  arr\u00e9t\u00e9.\nARTICLE 5\nConform\u00e9ment  aux dispositions de l'aricie R7232-12  du code du travail, le pr\u00e9sent agr\u00e9ment\npourra  \u00e9tre retir\u00e9 si l'organisme  agr\u00e9\u00e9\n* Cesse de remplr les conditions ou de respecter les obligations mentionn\u00e9es aux articles\nR  7332-4  \u00e0 R  7232-9  du  code  de  travail,\n+ Ne  respecte pas les dispositions l\u00e9gales relatives \u00e0 Ia sant\u00e9 et ala  s\u00e9curit\u00e9 au travail\n+ Exerce des activit\u00e9s autres que celles d\u00e9clar\u00e9es dans la demande  d'agr\u00e9ment,\n= Ne  transmet pas au Pr\u00e9fet comp\u00e9tent,  avant a  fin du  premier semestre de  l'ann\u00e9e, le bilan\nqualitatif et quantiauf de activit\u00e9 exerc\u00e9e au tire de l'ann\u00e9e \u00e9coui\u00e9e.\nARTICLE &\nLa  Directrice de  l'Unit\u00e9 d\u00e9partementale  des  Hauts-de-Seine  de la DRIEETS  Ile-de-France, est\ncharg\u00e9e de l'application du pr\u00e9sent arr\u00e9t\u00e9 qui sera publi\u00e9au recuell des Actes Administratifs de\nla Pr\u00e9fecture des  Hauts-de-Seine\nFait \u00e0 Nanterre, le 03 novembre  2025,\nPour le Pr\u00e9fet\nPar  d\u00e9l\u00e9gation  et subd\u00e9l\u00e9gation\nLa  Responsable  du  service\nD\u00e9veloppement  de  l'emploi  et des\n\nEE  Direction  r\u00e9gionale  et  interd\u00e9partementale\nde  l'\u00e9conomie,  de  remplol,\nSEE  SANTE, du travail et des solidarit\u00e9s\nDES  SOLIDARIT\u00c9S\nET  DES  FAMILLES\neu\nR\u00e9c\u00e9piss\u00e9  n\u00b02025-608  de  d\u00e9claration  modificative  d'activit\u00e9s de  services  \u00e0 la\npersonne  enregistr\u00e9e  sous  le n\u00b0 SAP  813682945  au  nom  de  la SARL  AB  SENIORS\nSERVICES  sise  113  Rue  des  Bourguignons  \u00e0 Bois-Colombes  (92270)\nLE  PREFET  DES  HAUTS-DE-SEINE\nVu  la loi n\u00b0 2010-863  du  23  jullet 2010  relative aux  r\u00e9seaux  consulaires, au  commerce  et \u00e0\nl'afisanat et aux  services  (article 31);\nVu  la loi n\u00b02015-1778  du  28  d\u00e9cembre  2015  relative \u00e0  l'adaptation de  la soci\u00e9t\u00e9  au\nviilissement ;\nVu  l'article 07231-1  du  Code  du  travail;\nVu  les d\u00e9crets n\u00b0 2011-1132  et n\u00b0 2011-1133  du  20 septembre  2011 modifiant certaines:\ndispositions du  Code  du  travail, relatives au  ch\u00e8que  emploi-service  universel et aux\nservices  \u00e0  a  personne  ;\nVu  le d\u00e9cretn\u00b02016-750  du  6  juin 2016  relatif\u00e0 la liste des  activit\u00e9s de  services  \u00e0 la personne\nsoumises  \u00e0 agr\u00e9ment  ou \u00e0 autorisation dans le cadre  du  r\u00e9gime  commun  de la d\u00e9claration\n'Vu le d\u00e9cret  du  31 octobre  2024  portant nomination  de  Monsieur  Alexandre  BRUGERE,  en\n'quale de Pr\u00e9fet des Hauts-de-Seine ;\nVu  l'\u00e9t\u00e9  interminist\u00e9riel du  12 ao\u00fbt  2025  nommant  Monsieur  Fabrice  MASI,  Directeur\nr\u00e9gionalet interd\u00e9partementa de l'\u00e9conomie, de l'emploi, du travail et des solidart\u00e9s dil\nde-France  \u00e0  compter  du  25  ao\u00fbt  2025  ;\nVu  l'ar\u00eat\u00e9  pr\u00e9fectoral n\u00b02026-33  du  22  ao\u00fbt  2025  par  lequel le Pr\u00e9fet des  Hauts-de-Seine\nd\u00e9l\u00e8gue  sa signature  \u00e0 Monsieur  Fabrice  MASI,  Directeur r\u00e9gional  et interd\u00e9partemental\nde l'\u00e9conomie, de l'emploi, du travailet des solidarit\u00e9s d'le-de-France ;\nVu  l'arr\u00eat\u00e9 ORIEETS-UD82  n\u00b02025-607  du  03  novembre  2025  renowvelant  l'agr\u00e9ment  num\u00e9ro\nSAP  813682945  au  nom  de  la SARL  AB  SENIORS  SERVICES  ;\n'Vu la d\u00e9cision  n\u00b0 2025-187  du  25  ao\u00fbt  2025  portant  subd\u00e9l\u00e9gation  de  signature  de  Monsieur\nFabrice  MASI,  Directeur  r\u00e9gional et interd\u00e9partemental  de  l'\u00e9conomie,  de  l'emploi, du\n\ntraval et des  solidant\u00e9s  d'le-de-France, aux  agents  de  l'Unit\u00e9 d\u00e9partementale  des  Hauts-\nde-Seine  ;\nVu  le r\u00e9c\u00e9piss\u00e9  de  d\u00e9claration  n\u00b02023-170  du  18 avri 2025  de  services  \u00e0 la personne\n\"enregistr\u00e9 sous le num\u00e9ro  SAP  813682945  au nom  de la SARL  AB  SENIORS  SERVICES ;\nConsid\u00e9rant que  la pr\u00e9sente  modification est due  au  renouvellement  de  l'agr\u00e9ment  SAP\n81368245  de la SARL  AB  SENIORS  SERVICES  ; le dossier  est conforme\naux  dispositions de l'ricie  L.7232-1-1  du  Code  du travail\nLes  activites d\u00e9clar\u00e9es  par  la SARL  AB  SENIORS  SERVICES  sont  les suivantes  \u00e0  l'exclusion de\ntoute  autre\nEntretien de la  maison  et travaux  m\u00e9nagers\nPr\u00e9paration de repas  \u00e0 domicile, y compris le temps  pass\u00e9  aux  courses\nLivraison  de  courses \u00e0 domicile  |\nAssistance  administrative  \u00e0 domicile;\n'Assistance  aux  personnes  autres  que  personnes  \u00e2g\u00e9es,  handicap\u00e9es  ou  atteintes de\npathologies  chroniques  qui ont besoin  temporairement  dune  aide  personnelle  \u00e0 leur\ndomicile, \u00e0 \"exclusion des  soins  relevant d'actes  m\u00e9dicaux  ;\n= Accompagnement  des  personnes  \u00e2g\u00e9es,  des  personnes  handicap\u00e9es  ou  atteintes de\npathologies  chroniques,  dans  leurs d\u00e9placements  en  dehors  de  leur domicile\npromenades,  aide \u00e0 la mobilt\u00e9 et au transport, actes de la vie courante) quand  cet\naccompagnement est r\u00e9alis\u00e9 dans les conditions pr\u00e9vues aux  1\u00b0 et 2\u00b0 de Fart. 7232-6  du\n'code du  travail;\n= Assistance  dans  les actes  quotidiens  dela  vie ou  aide \u00e0 l'insertion sociale aux  personnes\nag\u00e9es  et aux  personnes  handicap\u00e9es  ou  atteintes de  pathologies  chroniques  qui ont\nbesoin  de  telles prestations  \u00e0 domicle,  quand  ces  prestations  sont  r\u00e9alis\u00e9es  dans  les\nConditions  pr\u00e9vues  aux  1\u00b0 et 2\u00b0 de art. 7232-8 du code  du travail, \u00e0 l'exclusion d'actes de\nsoins  relevant d'actes  m\u00e9dicaux  \u00e0 moins  quils  ne  soient ex\u00e9cut\u00e9s  dans  les conditions\npr\u00e9vues \u00e0 Fartcle L1111-6-1 du code de la sant\u00e9 publique et du d\u00e9cret n\u00b009-426 du 27\nmai  1999  habiltant  certaines  cat\u00e9gories  de  personnes  \u00e0 effectuer des  aspirations  endo-\ntracn\u00e9ales\n= Prestation  de  conduite  du  v\u00e9hicule  personnel  des  personnes  \u00e2g\u00e9es,  des  personnes\nhandicap\u00e9es  ou  atteintes de  pathologies  chroniques  du  domicile  au  traval, sur le eu  de\nvacances,  pour  les d\u00e9marches  administratives  quand  cette prestation est r\u00e9alis\u00e9e dans\nLes  conditions pr\u00e9vues  aux  1\u00b0 et 2\u00b0 de l'a. 7232-6  du  code dutravail:\nPrestations  relevant  du  b\u00e9n\u00e9fice  de  a  r\u00e9duction  d'imp\u00f4t pr\u00e9vue  \u00e0 article 199  sexdecies  du  Code\nG\u00e9n\u00e9ral  des  Imp\u00f4ts\nSous  r\u00e9serve  d'\u00eatre exerc\u00e9es  \u00e0 tre  exclusf  par  le d\u00e9clarant  (ou sous  r\u00e9serve  d'une  comptabilit\u00e9\ns\u00e9par\u00e9e  pour  les personnes  morales  dispens\u00e9es  de  la condition  d activit\u00e9 exclusive), ces  activites\n\nouvrent  drot au b\u00e9n\u00e9fice des dispositions des artcies L. 7239-2 du code du travail et L. 241-10,\ndu code  de  la s\u00e9curt\u00e9  sociale.\nConform\u00e9ment  aux dispositions de  l'article R7232-19  du code  du  travail, l'organisme d\u00e9clar\u00e9 doit\nproduire  au  moins  chaque  timestre  un  \u00e9tat activit\u00e9  et chaque  ann\u00e9e  un  bilan quanttatf  et\nquaitatf  de  activit\u00e9 exerc\u00e9e  au  titre de  l'ann\u00e9e  \u00e9coul\u00e9e  ainsi qu'un  tableau  statistique annuel.\nSi l'organisme d\u00e9clar\u00e9 comporte  plusieurs \u00e9tablissements, les \u00e9tats statistiques et le bilan annuel\ndistinguent  activit\u00e9 exerc\u00e9e  par  chaque  \u00e9tablissement\nL'enregistrement de la d\u00e9claration pourra tre retir\u00e9 si l'organisme  d\u00e9clar\u00e9 cesse  de remplir\nles conditions  ou  de  respecter  les obligations  montionn\u00e9es  aux  4\",5\u00b0 et 6\u00b0 de  l'article\nR7232-17  ou  qui m\u00e9connait  les obligations d\u00e9finies \u00e0 l'article R7232-19  du  code  du  travail.\n'Toute modification concemant  la structure d\u00e9clar\u00e9e ou les activit\u00e9s exerc\u00e9es devra sous\npeine de  retrait dela  d\u00e9claration, fave Tobjet dune  d\u00e9caration  modiicalive aupr\u00e8s  de  fUni\u00e9\nd\u00e9partementale  des  Hauts-de-Seine\nLe pr\u00e9sent r\u00e9c\u00e9piss\u00e9 sera pubi\u00e9  au recuel des  actes adminisratfs de la prefecture des Hauts-\nde-Sane.\nFait \u00e0  Nanterre,  le 03  novembre  2025\nPour  le Pr\u00e9fet\nd\u00e9l\u00e9gation  ot subd\u00e9l\u00e9gation\nLa  Responsable  du  service\nD\u00e9veloppement de  l'emplo  et des\ncomp\u00e9tences\nEte\nMariama  CONDE\n\nEx  Direction r\u00e9gionale et interd\u00e9partementale\nMINIST\u00c8RE  de l'\u00e9conomie, de l'emploi,\nDU  TRAVAIL,  DE  LA  SANT\u00c9,  du travail et des solidarit\u00e9s\nDES  SOLIDARIT\u00c9S\nET  DES  FAMILLES\n=\nArr\u00f4t\u00e9  DRIEETS-UD92  n\u00b02025-609  du  03  novembre  2025  accordant  l'agr\u00e9ment\n'SAP983320532 \u00e0 la SAS  COLOMBAGE  COMPAGNIE  sise  33  Rue  Sevin  Vincent  \u00e0\nSaint-Cloud  (92210)\nLE  PREFET  DES  HAUTS-DE-SEINE\n'Vu la loi n\u00b0 2010-853  du  23 jullet 2010 relative aux  r\u00e9seaux  consulaires, au commerce et \u00e0\nl'artisanatet aux  services (article 31)\nVu  la loi n\u00b02015-1776  du  28  d\u00e9cembre  2015  relative \u00e0  adaptation  de  la soci\u00e9t\u00e9  au\nviilissement\nVu  l'article D7231-1  du  Code  du  travail\nVu  les d\u00e9crets n\u00b0 2011-1132  et n\u00b0 2011-1133  du 20 septembre  2011  modifiant certaines.\ndispositions du  Code  du  travail, relatives au  ch\u00e8que  emploi-service  universel  et aux\nservices  \u00e0 la personne\nVu  le d\u00e9cret n\u00b02016-750  du 6 juin 2016  relatif\u00e0 la liste des activit\u00e9s de services \u00e0 la personne\nsoumises  \u00e0 agr\u00e9ment ou  autorisation dans le cadre  du  r\u00e9gime  commun  de la d\u00e9claration  ;\nVu  le d\u00e9cret du 31 octobre 2024  portant nomination  de  Monsieur  Alexandre  BRUGERE,  en\n'qualit\u00e9 de Pr\u00e9fet des Hauts-de-Seine\nVu  l'\u00e9t\u00e9  interminist\u00e9riel du 12 ao\u00fbt 2025  nommant  Monsieur  Fabrice MASI,  Directeur\nr\u00e9gionalet interd\u00e9partementa de l'\u00e9conomie, de l'emploi du travailet des solidarit\u00e9s d'le-\ndde-France  \u00e0 compter  du  25  ao\u00fbt  2025\nVu  l'ar\u00eat\u00e9  pr\u00e9fectoral n\u00b02026-33  du  22  ao\u00fbt  2025  par  lequel le Pr\u00e9fet des  Hauts-de-Seine\nd\u00e9l\u00e8gue  sa signature  \u00e0 Monsieur  Fabrice  MASI,  Directeur  r\u00e9gional et interd\u00e9partemental\nde l'\u00e9conomie, de l'emploi, du travail et des solidarit\u00e9s d'le-de-France\nVu  la d\u00e9cision n\u00b0 2025-157  du 25 ao\u00fbt 2025  portant subd\u00e9l\u00e9gation de  signature de Monsieur\nFabrice MASI,  Directeur r\u00e9gional et interd\u00e9partemental de  l'\u00e9conomie, de l'emploi, du\ntravail et des  solidart\u00e9s  d'\u00cele-de-France,  aux  agents  de  [Unit\u00e9 d\u00e9partementale  des  Hauts-\nde-Seine  |\n'Vu la demande  d'agr\u00e9ment  d\u00e9pos\u00e9e  sur  l'extranet NOVA  en  date  du  05  novembre  2024  par\nla SAS  COLOMBAGE  COMPAGNIE  sise 33 Rue  Sevin Vincent \u00e0 Saint-Cloud (92210):\n\nVu  les demandes  compl\u00e9mentaires  adress\u00e9es  par le service instructeur \u00e0 la SAS\n'COLOMBAGE  COMPAGNIE  par mails du 14 novembre  2024  ; du 24 janvier ; des 04, 25\n'et 28 mars ; du 12 mai; des 12 et 23 juin ; du 08 juillet; des 06 et 16 septembre 2025 ;\nVu  les r\u00e9ponses  compl\u00e9mentaires  transmises par la SAS  COLOMBAGE  COMPAGNIE  par\nmails  du 27 novembre  2024 ; du 10 mars ; du 25 avr;  du 26 mai; du 08 ullt  ; des 07 et\n29  octobre  2025\nConsid\u00e9rant que  Ia demande  a \u00e9t\u00e9 d\u00e9ciar\u00e9e compl\u00e8te  par le service instructeur le 28\nnovembre  2024  ;\nConsid\u00e9rant que  les pi\u00e8ces de la SAS  COLOMBAGE  COMPAGNIE  accompagnant  la\ndemande  ont \u00e9t\u00e9 d\u00e9clar\u00e9es conformes  au cahier des  charges  pr\u00e9vu \u00e0\nl'article R.7232-6 du  Code  du  travail par le service instructeur le 31 octobre\n2025:\nARRETE\nARTICLE 1\nSAS  COLOMBAGE  COMPAGNIE,  sise 33 rue Sevin Vincent \u00e0 Saint-Cioud (82210) est agr\u00e9\u00e9e\nconform\u00e9ment  aux  dispositions de  Fartcle L 7232-1 du  Code  du Travail pour la fouriture de\nservices  aux  personnes,\nLe num\u00e9ro  d'agr\u00e9ment  attribu\u00e9 \u00e0 cet organisme  est : SAP  963320532\nARTICLE 2\nLe pr\u00e9sent agr\u00e9ment  est accord\u00e9  une  dur\u00e9e de 5 ans, \u00e0 compter  du 31 octobre  2026 pour le\n'd\u00e9partement des  Hauts-de-Seine  (92).\nConform\u00e9ment  aux dispositions de l'article R7232.9  du code du travail, l'organisme agr\u00e9\u00e9 doit\nproduire au moins  chaque  timestre un  \u00e9tat d'activit\u00e9 et chaque  ann\u00e9e un bilan quantitatf et\nqualtatf de l'activit\u00e9 exerc\u00e9e  ainsi qu'un tableau statistique.\nSi l'organisme comporte  plusieurs \u00e9tablissements, les \u00e9tats statistiques et le bilan annuel\ndistinguent l'activit\u00e9 exerc\u00e9e par chaque \u00e9tablissement.\nL'agr\u00e9ment peut \u00e9tre renouvel\u00e9. La demande  de renouvellement dot  \u00eatre d\u00e9pos\u00e9e  au plus tard\ntrois mois avant le terme de la p\u00e9riode d'agr\u00e9ment\nARTICLE 3\nL'association POLE  AUTONOMIE  PERSONNES  AGEES  ET  HANDICAPEES,  est agr\u00e9\u00e9e pour\nLa fouriure  des  services  suivants\nEn  mode  MANDATAIRE  uniquement\n\n= Accompagnement  des  personnes  \u00e2g\u00e9es,  des  personnes  handicap\u00e9es  ou  atteintes  de\npathologies  chroniques,  dans  leurs d\u00e9placements  en  dehors  de  leur domicile\n(promenades, aide \u00e0 la mobilt\u00e9 et au transport, actes de la vie courante) quand cet\naccompagnement  est r\u00e9alis\u00e9 dans les conditions  pr\u00e9vues aux 1\u00b0 et 2\u00b0 de l'art. 7232-6 du\ncode  du  travail\nAssistance dans les  actes  quotidiens dela  ve ou aide insertion  sociale aux  personnes\n'ag\u00e9es et aux  personnes  handicap\u00e9es  ou  atteintes de  pathologies chroniques qui ont\nbesoin  de  tels  prestations  \u00e0  domicile, quand  ces  prestations  sont r\u00e9alis\u00e9es  dans  les\ncondtions  pr\u00e9vues  aux  1\" et 2\u00b0 de  ar. 7252-6  du  code  du  traval  \u00e0 exclusion d'actes  de\nsons  relevant d'actes m\u00e9dicaux  \u00e0 moins  quils ne  soient ex\u00e9cut\u00e9s  da\npr\u00e9vues \u00e0 l'ricle L1111-6-1 du code de la sant\u00e9 publique et du d\u00e9cret n\u00b099426  du 27\nmai  1999  habitant  certaines  cat\u00e9gories de  personnes  \u00e0 effectuer  des  aspirations endo-\ntrach\u00e9ales ;\n= Prestation  de  conduite  du  v\u00e9hicule  personnel  des  personnes  \u00e2g\u00e9es,  des  personnes\nhandicap\u00e9es  ou  atteintes de pathologies  chroniques  du  domicile  au  traval, sur  le leu de\nvacances,  pour  les d\u00e9marches  administratives  quand  cette prestation est r\u00e9alis\u00e9e dans,\nles conditions  pr\u00e9vues  aux  1\u00b0 et 2\u00b0 de  Tart. 7232-6  du  code  du  travail\nPrestations relevant du  b\u00e9n\u00e9fice dela  r\u00e9duction d'imp\u00f4t pr\u00e9vue  \u00e0 article 199 sexdecies du Code\n'G\u00e9n\u00e9ral  des  Imp\u00f4ts.\nARTICLE 4\nSi  'organisme  envisage de fournir des services autres que ceux pour lesquels il est agr\u00e9\u00e9. devra\nsoliciter une  modification  de  son  agr\u00e9ment.  La  demande  devra  pr\u00e9ciser les. modifications\nenvisag\u00e9es  ot les moyens  nouveaux  correspondants.\n'Toute cr\u00e9ation  d'activit\u00e9 hors  du  ou  des  d\u00e9partements  pour  lesquels  l'organisme est agr\u00e9\u00e9  devra\nfaire l'objet d'une demande  d'extension aupr\u00e8s  du  Pr\u00e9fet des  Hauts-de-Seine. Elle donnera  lieu \u00e0\nlune modification  du  pr\u00e9sent  arr\u00e9t\u00e9.\nARTICLE 5\nConform\u00e9ment  aux  dispositions  de  l'article R7232-12  du  code  du  travail, le pr\u00e9sent  agr\u00e9ment\npoura  \u00eatre  retr\u00e9  s  organisme  agr\u00e9\u00e9\n\"+ Cesse  de remplir les conditions ou  de  respecter  les obligations  mentionn\u00e9es  aux  articles\nR  7332-4  \u00e0  R  7232-9  du  code  de  travail,\n1+ Ne  respecte pas les dispositions l\u00e9gales rolatves \u00e0 la sant\u00e9 et \u00e0 la s\u00e9curit\u00e9 au travail\n= _  Exerce  des  activit\u00e9s autres que  celles d\u00e9clar\u00e9es  dans la demande  d'agr\u00e9ment,\n= Ne  transmet pas au Pr\u00e9fet  comp\u00e9tent,  avant la fin du premier  semestre  de l'ann\u00e9e, le bilan\nualtatf et quanttatf  de  ractvite exerc\u00e9e  autire de l'ann\u00e9e  \u00e9coul\u00e9e.\n\nARTICLE \u00a7\nLa Directrice de l'Unit\u00e9 d\u00e9partementale  des  Hauts-de-Seine  de  la DRIEETS  Ile-de-France, est\ncharg\u00e9e  de l'application du pr\u00e9sent arr\u00eat\u00e9 qui sera publi\u00e9 au recuel des Actes Administratifs de\nla Pr\u00e9fecture  des  Hauts-de-Seine.\nFait  \u00e0  Nanterre,  le 03  novembre  2025,\nPour  le Pr\u00e9fet\nPar  d\u00e9l\u00e9gation  et  subd\u00e9l\u00e9gation\nLa  Responsable  du  service\nD\u00e9veloppement  de l'emploi  et des\n'Mariama  Ci\n\nEs  Direction r\u00e9gionale et interd\u00e9partementale\nMINIST\u00c8RE de l'\u00e9conomie, de l'emploi,\nDU  TRAVAIL, DE LA SANT\u00c9, du travail et des solidarit\u00e9s\nDES  SOLIDARIT\u00c9S\nET  DES  FAMILLES\nA\nR\u00e9c\u00e9piss\u00e9  n\u00b02025-610  de  d\u00e9claration modificative d'activit\u00e9s de  services  \u00e0 la\npersonne enregistr\u00e9e sous le n\u00b0 SAP  983320532 au nom  de la SAS  COLOMBAGE\nCOMPAGNIE  sise 33  Rue  Sevin  \u00e0 Saint-Cloud  (92210)\nLE  PREFET  DES  HAUTS-DE-SEINE\nVu  la loi n\u00b0 2010-853  du 23 jullet 2010  relative aux  r\u00e9seaux  consulaires, au commerce et \u00e0\nl'artisanat et aux  services  (article 31)\nVu  la loi n\u00b02015-1776  du 28 d\u00e9cembre  2015  relative \u00e0 adaptation de la soci\u00e9t\u00e9 au\nViellissement\nVu  l'article D7231-1  du Code du travail;\nVu  les d\u00e9crets n\u00b0 2011-1132  et n\u00b0 2011-1133  du 20 septembre  2011  modifiant certaines.\ndispositions du Code  du  traval, relatives au ch\u00e8que  emploi-service universel et aux\nServices \u00e0 la personne  ;\nVu  le d\u00e9cret n\u00b02016-750 du 6 juin 2016 relatif \u00e0 la liste des activit\u00e9s de services\u00e0 Ia personne\nsoumises  \u00e0 agr\u00e9ment  ou \u00e0 autorisation dans  le cadre du r\u00e9gime commun  de la d\u00e9ciaraion ;\nVu  le d\u00e9cret du 31 octobre 2024  portant nomination de  Monsieur  Alexandre  BRUGERE,  en\nqualt\u00e9 de  Pr\u00e9fet des  Hauts-de-Seine  ;\nVu  l'\u00e9t\u00e9  interminist\u00e9riel du  12 ao\u00fbt 2025  nommant  Monsieur  Fabrice MASI,  Directeur\nr\u00e9gional et interd\u00e9partemental de  l'\u00e9conomie, de  l'emplo, du  travail et des solidarit\u00e9s dll\n'de-France \u00e0 compter  du  25  ao\u00fbt  2025  ;\nVu  l'arr\u00eat\u00e9 pr\u00e9fectoral n\u00b02025-33 du 22 ao\u00fbt 2025 par lequel le Pr\u00e9fet des Hauts-de-Seine\n'd\u00e9l\u00e8gue sa signature \u00e0 Monsieur Fabrice MASI, Directeur r\u00e9gional et interd\u00e9partemental\n'de l'\u00e9conomie, de l'emploi du travail et des solidarit\u00e9s d'le-de-France\nVu  lam\u00e9t\u00e9  DRIEETS-UD92  n\u00b02025-609  du 03 novembre  2025  accordant l'agr\u00e9ment\nSAP983320532  \u00e0 la SAS  COLOMBAGE  COMPAGNIE\n'Vu la d\u00e9cision n\u00b0 2025-187  du  25  ao\u00fbt 2025  portant subd\u00e9l\u00e9gation de  signature de Monsieur\nFabrice MASI, Directeur r\u00e9gional et interd\u00e9partemental de  l'\u00e9conomie, de l'emploi, du\ntravail et des  soldart\u00e9s  d'\u00cele-de-France, aux agents de  Unit\u00e9  d\u00e9partementale  des  Hauts-\nde-Seine ;\n\nVu  le r\u00e9c\u00e9piss\u00e9  1\u00b02024-073  du  12 f\u00e9vrier 2024  de  d\u00e9claration  activit\u00e9s  de  services  \u00e0 la\npersonne  enregistr\u00e9e  sous le num\u00e9ro  SAP  983320532  au  nom  de  la SAS  COLOMBAGE\nCOMPAGNIE  ;\nConsid\u00e9rant que  la pr\u00e9sente  modification  vise  \u00e0  incure  les  actvt\u00e9s  relevant  de  l'agr\u00e9ment  ;\nque  le dossier de demande  est conforme aux dispositions de Farce  L\n77232-1-1  du  code  du  travail\nLa  d\u00e9ciaration  d'activit\u00e9s  de  services  \u00e0 la personne  n\u00b02024-073  en  date  du  12  f\u00e9vrier  2024  au\nnom  de  la SAS  COLOMBAGE  COMPAGNIE est ainsi modifi\u00e9e\nLes  activites  d\u00e9clar\u00e9es  par  la SAS  COLOMBAGE  COMPAGNIE  sont  les  suivantes  \u00e0  l'exclusion\nde  toute autre\nEntretien de  la maison  et travaux  m\u00e9nagers\nPetts  travaux  de  jardinage,  y  compris  les  vavaux  de  d\u00e9broussailage ;\n'Travaux  de petit bricolage dits \u00ab homme  toutes mains  \u00bb ;\nPr\u00e9paration  de  repas  \u00e0 domicile, y compris  le temps  pass\u00e9  aux  courses\nLivraison  de  repas  \u00e0 domicile ;\nCollecte  et Ivraison  \u00e0 domicile  de  linge repass\u00e9  ;\nLivraison  de  courses  \u00e0  domicile\n'Assistance  informatique  \u00e0  domicile;\nMaintenance,  entretien et vigilance temporaires,  \u00e0  domicile, de  la r\u00e9sidence  principale et\nsecondaire  ;\n= Assistance  administrative  \u00e0  domicile;\n= T\u00e9l\u00e9assistance  et visio-assistance  ;\n= Accompagnement  des  personnes  \u00e2g\u00e9es.  des  personnes  handicap\u00e9es  ou  attointes  de\npathologies  chroniques, dans  leurs  d\u00e9placements  en  dehors  de  leur  domicile\n(promenades, aide \u00e0 la mobilt\u00e9 et au transpor, actes de la vie courante) quand cet\naccompagnement est r\u00e9alis\u00e9  dans  les  conditions  pr\u00e9vues  aux  1\u00b0 et 2\u00b0 de  l'art. 7232-6 du\ncode  du  travail ;\nAssistance  dans  les  actes  quotidiens  dela  vie  ou  aide  \u00e0  insertion  sociale  aux  personnes\n\u00e2g\u00e9es  et  aux  personnes  handicap\u00e9es  ou  atteintes  de  pathologies  chroniques  qui  ont\nbesoin  de  teles  prestations  \u00e0  domicle,  quand  ces  prestations  sont  r\u00e9als\u00e9es  dans les\nConditions  pr\u00e9vues  aux 1\u00b0 et2\u00b0 de fart 7232-6 du code  du travail \u00e0 l'exclusion d'actes de\nsoins  relevant  d'actes  m\u00e9dicaux  \u00e0  moins  quils  ne  soient  ex\u00e9cut\u00e9s  dans  les  conditions\npr\u00e9vues \u00e0  l'rlcie  L1111-6-1  du  code de  la sant\u00e9  publique  et du  d\u00e9cret  n\u00b099-428  du  27\ntal  1999  habitat  caranes  cat\u00e9gories  de  personnes  \u00e0 alu es  aspratons  ndo-\ntracheales.\n= Prestation  de  conduite  du  v\u00e9hicule  personnel  des  personnes  \u00e2g\u00e9es,  des  personnes\nhandicap\u00e9es  ou  atteintes  de  pathologies  chroniques  du  domicile  au  travail, sur le leu  de\nvacances,  pour  les  d\u00e9marches  administratives  quand  cette  prestation  est  r\u00e9alis\u00e9e  dans\nles conditions  pr\u00e9vues  aux  1\u00b0 et 2\u00b0 de l'art. 7232-6  du  code du travail\n\nPrestations relevant du b\u00e9n\u00e9fice de  la r\u00e9duction d'imp\u00f4t pr\u00e9vue \u00e0 l'article 199  sexdecies  du Code\n(G\u00e9n\u00e9ral  des  Imp\u00f4ts.\n'Sous r\u00e9serve d'\u00eatre exerc\u00e9es  \u00e0 ttre exclusif par le d\u00e9clarant (ou sous  r\u00e9serve d'une comptabilit\u00e9\n's\u00e9par\u00e9e pour les personnes  morales  dispens\u00e9es de la condition d'activit\u00e9 exclusive), ces activites\n'ouvrent droit au  b\u00e9n\u00e9fice des  dispositions des  articles L. 7233-2  du code  du  travail et L. 241-10\ndu  code  de  la s\u00e9curt\u00e9  sociale.\nConform\u00e9ment  aux  dispositions de  l'article R7232-19 du code  du travail organisme  d\u00e9ciar\u00e9 doit\nproduire au  moins  chaque  timestre un \u00e9tat d'activit\u00e9 et chaque  ann\u00e9e  un bian  quantitatif et\nqualtatf de  l'activit\u00e9 exerc\u00e9e  au  tire de  l'ann\u00e9e \u00e9coui\u00e9e  ainsi qu'un tableau statistique annuel.\nSi l'organisme d\u00e9clar\u00e9 comporte  plusieurs \u00e9tablissements, les \u00e9tats statistiques et le ian annuel\ndistinguent  l'activit\u00e9 exerc\u00e9e  par  chaque  \u00e9tablissement,\nLe pr\u00e9sent  r\u00e9c\u00e9piss\u00e9  prend  effet le 31 octobre  2025.\nL'enregistrement de Ia d\u00e9claration  pourra  \u00eatre retir\u00e9si l'organisme d\u00e9clar\u00e9  cesse  de remplir\nles conditions  ou  de  respecter  les obligations mentionn\u00e9es  aux  4\u00b0,5\u00b0 et 6\u00b0 de  l'articlo\nR7232-17  ou qui m\u00e9connait  les obligations d\u00e9finies \u00e0 article R7232-19 du code  du  travail.\ndevra,  sous\npaie  de rer  dela  c\u00e9laaton,  fare Tobjl  dune d\u00e9caraon  modiative  aupr\u00e9s  de  Unie\nd\u00e9partementale  des  Hauts-de-Seine.\nLe pr\u00e9sont r\u00e9c\u00e9piss\u00e9 sera publi\u00e9 au recueil des actes administratifs de Ia pr\u00e9fecture des Hauts-\nde-Seine.\nFait \u00e0 Nanterre, le 03  novembre  2025.\nPour  le Pr\u00e9fet\nPar d\u00e9l\u00e9gation  et subd\u00e9l\u00e9gation\nLa  Responsable  du  service\nD\u00e9veloppement  de  l'emploi  ot des\ncom 7\nLo\nMariam) CONDE\n\ntt  Pd\nLe  Pr\u00e9fet des  Hauts-de-Seine\nPREFET  DES  HAUTS  DE  SEINE\nDECISION  D'AGR\u00c9MENT  ENTREPRISE  SOLIDAIRE  D'UTILITE SOCIALE  (ESUS)\n(\"2025-611  DU  03  NOVEMBRE  2025\nSAS  CROIX  ROUGE  NEXEM  INNOVATION\nLE  PREFET  DES  HAUTS-DE-SEINE\nVU  laloin\u00b0 2001-182 du 19 f\u00e9vrier 2001  relative & l'\u00e9pargne salariale ;\nVu  Ia loi n\u00b0 2008-776  du  4 ao\u00fbt  2008  de  modernisation  de  l'\u00e9conomie  ;\nVu  laloi n\u00b0 2014-856  du 31 jllet 2014  relative\u00e0 l'\u00e9conomie sociale et solidaire ;\nVu  les articles L 9392-17-1, R 9392-21-1  \u00e0 21-5 du Code  du travail\n\u00a3 Le d\u00e9cret n\u00b0 2009-304  du 18 mars  2009  relatif aux  entreprises solidaires ;\nVu  le d\u00e9cret n\u00b0 2015-719  du  23 juin 2015  relatif \u00e0 Yagr\u00e9ment \u00ab entreprise solidaire d'utit\u00e9\nSociale  \u00bb:\nVu  le d\u00e9cret n\u00b0 2015-760 du  24 juin pris pour l'application de Fartcle fier, ain\u00e9a  15 de la loi\ndu  31 juilet 2014  ;\nVu  le d\u00e9cretn' 2015-858 du 13juilet 2015  relatifaux statuts des  soci\u00e9t\u00e9s commerciales  ayant\nla qualt\u00e9  d'entreprise  de  l'\u00e9conomie  sociale  et solida\nVu  le d\u00e9cretn* 2015-1219  du ter octobre 2015 relatif \u00e0 l'identificationdes personnes  morales\nde droit priv\u00e9 ayant la qualt\u00e9  d'entreprises de  l'\u00e9conomie sociale et solidaire\nVu  le d\u00e9cret du 31 octobre 2024 portant nomination de Monsieur Alexandre BRUGERE,  en\nqualt\u00e9 de  Pr\u00e9fet des  Hauts-de-Seine  ;\nVu  Farrdte du  \u00a7 ao\u00fbt  2015  fixant la composition  du  dossier  d'agr\u00e9ment\nVu  l'\u00e9t\u00e9  interminist\u00e9riel du 12 ao\u00fbt 2025  nommant  Monsieur  Fabrice MASI,  Directeur\nr\u00e9gional  et interd\u00e9partemental  de l'\u00e9conomie,  de l'emplo,  du travail et des  solidant\u00e9s  d'\u00cel-\n'de-France \u00e0 compter du  25  ao\u00fbt  2025  ;\nVu  l'arr\u00eat\u00e9 pr\u00e9fectoral n\u00b02026-33  du  22 ao\u00fbt 2025  par lequel le Pr\u00e9fet des Hauts-de-Seine\n'd\u00e9l\u00e8gue sa signature \u00e0 Monsieur  Fabrice MASI,  Directeur r\u00e9gional et interd\u00e9partemental\n'de l'\u00e9conomie, de l'emploi, du travail et des solidarit\u00e9s d'\u00cele-de-France;\nVus  d\u00e9cision n\u00b0 2026-187  du  25  ao\u00fbt 2025  portant subd\u00e9l\u00e9gation de  signature de  Monsieur\nFabrice MASI,  Directeur r\u00e9gional et interd\u00e9partemental de  l'\u00e9conomie, de  l'emploi, du\n\ntravail et des  solidant\u00e9s d'lle-de-France, aux  agents de  l'Unit\u00e9 d\u00e9partementale  des Hauts-\nde-Seine  ;\nVu  la demande  d'agr\u00e9ment  ESUS  de la SAS  CROIX  ROUGE  NEXEM  INNOVATION  d\u00e9pos\u00e9e\nLe  19 juin 2025 aupr\u00e8s du service instructeur et d\u00e9clar\u00e9e  complete  le 04 septembre  2025\nVu  les  demandes  compl\u00e9mentaires du service instructeur adress\u00e9es \u00e0 la SAS  CROIX  NEXEM\nINNOVATION  par  malls  des  16, 20  et 28  octobre  2025\nVU  les r\u00e9ponses  compl\u00e9mentaires  de la SAS  CROIX  ROUGE  NEXEM  INNOVATION\ntransmises  au service instructeur par mails des 23 et 29 octobre 2025 ;\nCONSIDERANT QUE  les r\u00e9ponses  apport\u00e9es par  la SAS  CROIX  ROUGE  NEXEM\nINNOVATION  ont permis  d'\u00e9tablir la conformit\u00e9  du  dossier  aux\ncri\u00e8res  de  la oi n\u00b02014-858  du  31 Jullet 2014  relative\u00e0 l'\u00e9conomie\n'sociale et solidaire\nD\u00c9CIDE\nARTICLE  tor: La SAS  CROIX  ROUGE  NEXEM  INNOVATION,  sise 21-23 21 Rue  de la Vanne\n\u00e0 Montrouge (92120) (n\u00b0 SIREN  : 845323419  - Code  APE  : 74,908) est agr\u00e9\u00e9e en qualt\u00e9\nd'entreprise solidaire d'utit\u00e9 sociale (ESUS)  au sens  de  Farticle L3392-17-1  du  code  du travail,\nARTICLE  2: Sauf  modification de nature \u00e0 remettre en cause  la qualt\u00e9 d'entreprise solidaire\nd'utit\u00e9 sociale en  rapport avec  l'article L3332-17-1  du  code  du  travail, le pr\u00e9sent agr\u00e9ment  est\naccord\u00e9  pour  une  dur\u00e9e  de  cing  ans  \u00e0 compter  du  03  novembre  2025,\nARTICLE  3 : La Directrice de  l'Unt\u00e9 d\u00e9partementale  des  Hauts-de-Seine  de la DRIEETS  d'le-\n'de-France est charg\u00e9e  de l'ex\u00e9cution de  la pr\u00e9sente d\u00e9cision qui sera publi\u00e9e au Recuel  des\n'Actes Administratifs de la pr\u00e9fecture des Hauts-de-Seine, accessible sur le sie interet de la\npr\u00e9fecture de la r\u00e9gion d'le-de-France : ww  le-de-france. gouv.fr\nFait \u00e0 Nanterre,  le 03  novembre  2025,\nPour  le Pr\u00e9fet\nPar d\u00e9l\u00e9gation  et subd\u00e9l\u00e9gation\nLa  Responsable  du  service\noe  de l'emploi et des compstonces\nMariama  CONDE\n\nnr]\niyonvaor  eancast\nLe  Pr\u00e9fet des  Hauts-de-Seine\nPR\u00c9FET  DES  HAUTS  DE  SEINE\nD\u00c9CISION  DE  RENOUVELLEMENT  DE  L'AGR\u00c9MENT  ENTREPRISE  SOLIDAIRE  D'UTILITE\nSOCIALE  (ESUS)\nN\u00b02026.512  DU  03  NOVEMBRE  2025\nSAS  L'IMMOBILIER  SOLIDAIRE  ET  ASSOCIATIF  (ISA)\nLE  PREFET  DES  HAUTS-DE-SEINE\nVU  loi  n\u00b0 2001-182  du 19 f\u00e9vrier 2001 relative \u00e0 l'\u00e9pargne  salariale\nVu  la  on  2008-778  du  4 ao\u00fbt 2008  de  modernisation  de  \u00e9conomie;\nVu  lai  n\u00b0 2014-856  du  3  jult  2014  relative\u00e0 \u00e9conomie  sociale et soar\nVu  les arils  L3332:17:4,  R 3332-21.  421.5  du  Code  du  ava\nle  d\u00e9cret  n\u00b0 2008-304  du 18 mars  2008 relatif aux entreprises solidaires ;\n\u20ac\nVu  le d\u00e9cret  n\u00b0 2015-719  du  23  juin 2015  relatf \u00e0 l'agr\u00e9ment  \u00ab entreprise  solidaire dutit\u00e9\nsociale  \u00bb\n'Vu le d\u00e9cret  n\u00b0 2015-760 du  24 juin pris pour  l'application de  l'article ter, ain\u00e9a  15 de  la loi\ndu  31 jullet 2014\n'Vu le d\u00e9cretn'  2015-858  du 13juilet 2015 relatif aux statuts des  soci\u00e9t\u00e9s  commerciales  ayant\nla  qualit\u00e9  d'entreprise  de  l'\u00e9conomie  sociale et  solidaire ;\nVu  le d\u00e9cret\"  2015-1219  du ter octobre 2015  relatif identification des personnes  morales\nde  droi  priv\u00e9 ayant la qualit\u00e9 d'entreprises  de  l'\u00e9conomie sociale et solidaire ;\nVu  le  d\u00e9cret  du  31 octobre  2024  portant  nomination  de  Monsieur  Alexandre  BRUGERE,  en\n'qualit\u00e9 de Pr\u00e9fet des Hauts-de-Seine ;\nVu  l'arr\u00eat\u00e9 du  5 ao\u00fbt  2015  fixant la composition  du  dossier  d'agr\u00e9ment  ;\nVu  l'arr\u00eat\u00e9 interminist\u00e9riel du  12 ao\u00fbt  2025  nommant  Monsieur  Fabrice  MASI,  Directeur\nr\u00e9gional  et interd\u00e9partementa de l'\u00e9conomie,  de  l'emploi, du traval et des  solidarit\u00e9sdie\nde-France  \u00e0  compter  du  25  ao\u00fbt  2025  ;\nVu  l'arr\u00eat\u00e9 pr\u00e9fectoral n\u00b02025-33  du  22  ao\u00fbt  2025  par  lequel le Pr\u00e9fet des  Hauts-de-Seine\nd\u00e9l\u00e8gue  sa  signature  \u00e0  Monsieur  Fabrice  MASI,  Directeur  r\u00e9gional et interd\u00e9partemental\nde l'\u00e9conomie, de l'emploi, du traval et des solidant\u00e9s d'\u00cele-de-France\nVu  la d\u00e9cision  n\u00b020231215  du 15 mai  2023  \u00e9mis  par l'Unit\u00e9 d\u00e9partemental  de a  Seine-Saint-\nDenis  (83) accordant  l'agr\u00e9ment  ESUS  \u00e0 la SAS  l'MMOBILIERE  SOLIDAIRE  ET\nASSOCIATIF  (ISA) ;\n\n'Vu la d\u00e9cision  n\u00b0 2025-157  du  25  ao\u00fbt  2025  portant  subd\u00e9l\u00e9gation  de  signature  de  Monsieur\nFabrice  MASI,  Directeur  r\u00e9gional et interd\u00e9partemental  de  l'\u00e9conomie,  de  l'emploi, du\ntravail et des  soldart\u00e9s  d'le-de-France,  aux  agents  de  l'Unit\u00e9 d\u00e9partementale  des  Hauts.\nde-Seine  ;\nVu  la demande  de  renouvellement  d'agr\u00e9ment  ESUS  de  SAS  l'MMOBILIERE  SOLIDAIRE\nET  ASSOCIATIF  (ISA)  d\u00e9pos\u00e9e  le 22  mai  2025  aupr\u00e8s  du  service  instructeur et d\u00e9clar\u00e9e\n'complete  le 29  septembre  2025\nVu  les demandes  compl\u00e9mentaires  du  service  instucteur  adress\u00e9es  \u00e0  la SAS\nFIMMOBILIERE  SOLIDAIRE  ET  ASSOCIATIF  (ISA) par mails des  23  et 30 jun, des  19,\n23 et 29 septembre  ; des  14 et 24 octobre  2025  ;\nVu  les r\u00e9ponses  compl\u00e9mentaires  de  la SAS  l'MMOBILIERE  SOLIDAIRE  ET  ASSOCIATIF\n(SA)  transmises  au  service  instructeur par  mails  des  25  juin; des  16 et 23  et 28\n'septembre  ; des 08 et 27 octobre 2025  ;\nVu  l'avis favorable  \u00e9mis  par la Direction g\u00e9n\u00e9rale  du Tr\u00e9sor  en date du 27 octobre  2025  ;\nCONSIDERANT  QUE  les  r\u00e9ponse: par la SAS  l'MMOBILIERE  SOLIDAIRE  ET\nASSOCIATIF  (ISA) ont  permis  d'\u00e9tablir la conformit\u00e9  du  dossier  aux\ncr\u00e8res  de  la loi n\u00b02014-856  du  31 juillet 2014  relative \u00e0 l'\u00e9conomie\nsociale  et solidaire ;\nD\u00c9CIDE\nARTICLE  er:  La  SAS  FIMMOBILIERE  SOLIDAIRE  ET  ASSOCIATIF  (ISA), sise 6 All\u00e9e Mozart\nMeudon  (92190\"  (n\u00b0 SIREN  :  885  053  405 - Code  APE:  82.992)  est agr\u00e9\u00e9e  en  qualit\u00e9\nd'entreprise soliaire  'utlt\u00e9  sociale (ESUS)  au  sens de l'article L3332-17-1  du code du travail,\nARTICLE  2 : Sauf modification de  nature \u00e0 remettre en  cause  la qualt\u00e9  dentreprise solidaire\nd'utlt\u00e9  sociale en  rapport  avec  l'article L3332-17-1  du  code  du  travail, le pr\u00e9sent  agr\u00e9ment  est\naccord\u00e9 pour une dur\u00e9e de cing ans \u00c0 compter du 03 novembre 2025,\nARTICLE  3 : La  Directrice de  l'Unit\u00e9 d\u00e9partementale  des  Hauts-de-Seine  de  la DRIEETS  dlle-\nde-France  est charg\u00e9e  de  l'ex\u00e9cution de  la pr\u00e9sente  d\u00e9cision  qui sera  publi\u00e9e  au  Recueil  des\n'Actes Administratifs de  la pr\u00e9fecture  des  Hauts-de-Seine,  accessible  sur  le ste  interet  de  la\npr\u00e9fecturede la r\u00e9gion d'le-de-France : www.le-de-france gouv.fr\nFait \u00e0 Nanterre,  le 03  novembre  2025,\nPour  le  Pr\u00e9fet\nPar  d\u00e9l\u00e9gation  et subd\u00e9l\u00e9gation\nLa  Responsable  du  service\nD\u00e9veloppement  de  l'emploi  et  des  comp\u00e9tences\nGa\nMariama CONDE\n\nEs  Direction  r\u00e9gionale  et interd\u00e9partementale\nMINISTERE  de l'\u00e9conomie, de l'emploi,\nDU  TRAVAIL,  DE  LA  SANT\u00c9,  du travail et des solidarit\u00e9s\nDES  SOLIDARIT\u00c9S\nET  DES  FAMILLES\nA\nR\u00e9c\u00e9piss\u00e9  n\u00b02025-513  de  d\u00e9claration  d'activit\u00e9s de services  \u00e0 la personne\nenrogistr\u00e9o  sous  le n\u00b0 SAP991998360  au  nom  de  la micro-ontroprise  DEMBELE\nSEYBA  sise  136  Av. Pablo  Picasso  \u00e0 NANTERRE  (92000)\nLE  PREFET  DES  HAUTS-DE-SEINE\nVu  la loi n\u00b0 2010-853  du  23  juil  2010  relative aux  r\u00e9seaux  consulaires, au  commerce  et \u00e0\nl'artisanat et aux  services  (article 31);\nVu  Ia loi n\u00b02015-1778  du  28  d\u00e9cembre  2015  relative \u00e0  adaptation  de  la soci\u00e9t\u00e9 au\nvilissement\nVu  l'aricle 07231-1  du  Code  du  travail\nVu  les d\u00e9crets  n\u00b0 2011-1132  et n\u00b0 2011-1133  du  20  septembre  2011  modifiant  certaines.\ndispositions  du  Code  du  traval, relatives au  ch\u00e8que  emplo-service  universel  et aux\nservices  \u00e0 la personne ;\nVu  le d\u00e9cret  n\u00b02018:750  du 6 juin 2016 relatif \u00e0 la liste des activites de services \u00e0 la personne\n'soumises  \u00e0 agr\u00e9ment  ou \u00e0 autorisation dans le cadre  du  r\u00e9gime  commun  de la d\u00e9ciaraion ;\nVu  le d\u00e9cret  du  31 octobre  2024  portant  nomination  de  Monsieur  Alexandre  BRUGERE,  en\n'qualit\u00e9 de Pr\u00e9fet des  Hauts-de-Seine ;\nVu  l'ar\u00eat\u00e9  imerminist\u00e9rel  du  12 ao\u00fbt  2025  nommant  Monsieur  Fabrice  MASI,  Directeur\nr\u00e9gional et interd\u00e9partementalde l'\u00e9conomie, de l'emplo, du travailet des soldartes d'le-\nde-France \u00e0 compter  du 25  ao\u00fbt  2025  ;\nVu  l'arr\u00e9t\u00e9 pr\u00e9fectoral n\u00b02025-33  du  22  ao\u00fbt  2025  par  lequel le Pr\u00e9fet des  Hauts-de-Seine\nd\u00e9l\u00e8gue  sa signature \u00e0 Monsieur  Fabrice MASI, Directeur r\u00e9gional et interd\u00e9partemental\nde l'\u00e9conomie, de l'emploi, du travalet des solidarit\u00e9s d'\u00cele-de-France ;\n'Vu la d\u00e9cision  n\u00b0 2025-157 du 25 ao\u00fbt 2025 portant subd\u00e9l\u00e9gation  de  signature  de Monsieur\nFabrice  MASI,  Directeur  r\u00e9gional  et interd\u00e9partemental  de  l'\u00e9conomie,  de  l'emploi. du\ntravail et des  solidarit\u00e9s d'le-de-France,  aux agents de l'Unit\u00e9 d\u00e9partementale  des  Hauts-\nde-Seine  ;\nVu  la d\u00e9claration d'activit\u00e9s de services \u00e0 la personne  d\u00e9pos\u00e9es  le 30 octobre  2025  au nom\nde  la micro-entreprise  DEMBELE  SEYBA  sise 136  Av. Pablo  Picasso  \u00e0 NANTERRE\n82000) ;\n\n'Apr\u00e8s examen  du dossier, cette demande  \u00e9tant conforme  aux dispositions de l'article L. 7232-1-\n1 du code  du travail, le pr\u00e9sent  r\u00e9c\u00e9piss\u00e9  de d\u00e9claration d activit\u00e9s de services \u00e0 la personne  a\n\u00e9t\u00e9  enregistr\u00e9  au  nom  de la micro-entreprise  DEMBELE  SEYBA  sous le num\u00e9ro  SAP\n1991998360,\nLes  activit\u00e9s d\u00e9clar\u00e9es  sont les  suivantes,  \u00e0 l'exclusion de toute autre\n= Entretion  de la maison  et travaux  m\u00e9nagers  ;\nPrestations  relevant du b\u00e9n\u00e9fice  de la r\u00e9duction  d'imp\u00f4t  pr\u00e9vue  \u00e0 article 199 sexdecies  du Code\nG\u00e9n\u00e9ral  des  impots.\nLa  structure  exerce  ces  activit\u00e9s  selon le mode  suivant  : PRESTATAIRE\nSous  r\u00e9serve d'\u00eatre exerc\u00e9es  \u00e0 tire exclusif parle  d\u00e9ciarant (ou sous  r\u00e9serve d'une comptabilit\u00e9\ns\u00e9par\u00e9e  pour  les personnes  morales  dispens\u00e9es  dela condition  d'activit\u00e9 exclusive), ces  activit\u00e9s\nouvrent  droit au  b\u00e9n\u00e9fice des  dispositions des  articles L. 7233-2  du  code  du travai et L. 241-10\ndu  code  dela  s\u00e9curit\u00e9 sociale.\n'Conform\u00e9ment  aux  dispositions  de  Particle R7232-19  du  code  du  travail, organisme  d\u00e9ciar\u00e9  doit\nproduire au  moins  chaque  trimestre un \u00e9tat dactivit\u00e9 et chaque  ann\u00e9e  un blan  quanttatit et\n'qualtatf de  Factivie exerc\u00e9e  au  titre de l'ann\u00e9e \u00e9coul\u00e9e  ainsi qu'un tableau statistique annuel.\nSi organisme  d\u00e9ciar\u00e9  comporte  plusieurs  \u00e9tablissements,  les \u00e9tats statistiques et le bilan annuel\ndistinguent  Factivit\u00e9 exerc\u00e9e  par  chaque  \u00e9tablissement\nLe pr\u00e9sent  r\u00e9c\u00e9piss\u00e9  prend  effet le 30 octobre  2025.\nL'enregistrement  de lad\u00e9claration  pourra \u00eatre retir\u00e9 si l'organisme  d\u00e9clar\u00e9 cesse de remplir\nles conditions  ou  de  respecter  les obligations  mentionn\u00e9es  aux  4\u00b0,5\" et 6\u00b0 de  l'article\n'R723217 ou qui  m\u00e9connait  les obligations  d\u00e9finies \u00e0  article  R7232-19  du  code du traval\na cture d\u00e9clar\u00e9s iit devra, sous\nppoine de retrat de la d\u00e9claration, faire l'objet d'une d\u00e9claration modiicative aupr\u00e9s de Unit\u00e9\nd\u00e9partementale  des  Hauts-de-Seine.\nLapr\u00e9sent  r\u00e9\u00e9pan  va  pubte  au recuel des acts  amines de a  pte  ds  Haus\nde-Seine.\nFait \u00e0 Nanterre,  le 04  novembre  2025.\nPour  le Pr\u00e9fot\nPar d\u00e9l\u00e9gation  ot subd\u00e9l\u00e9gation\nLa  Responsable  du  service\nD\u00e9veloppement  de  Femplol  et dos\ncomp\u00e9tences  |\nMariana  CONDE\n\n=a  Direction  r\u00e9gionale  et interd\u00e9partementale\nMINISTERE de l'\u00e9conomie, de  l'emploi,\nDU  TRAVAIL,  DE  LA  SANT\u00c9,  du travail et des solidarit\u00e9s\nDES  SOLIDARIT\u00c9S\nET  DES  FAMILLES\nA\nR\u00e9c\u00e9piss\u00e9  n\u00b02025614  de  d\u00e9claration  d'activit\u00e9s de  services  \u00e0 la personne\nenregistr\u00e9e  sous  le n\u00b0 SAP930459235  au  nom  de  la SAS  KIDDOBEE  sise  77  Rue\n'Martre \u00e0 CLICHY  (92110)\nLE  PREFET  DES  HAUTS-DE-SEINE\nVu  la loi n\u00b0 2010-863  du  23  juillet 2010  relative aux  r\u00e9seaux  consulaires,  au  commerce  et \u00e0\nl'artisanat et aux  services  (article 31);\nVu  la loi n\u00b02015-1776  du  28  d\u00e9cembre  2015  relative \u00e0 adaptation  de  la soci\u00e9t\u00e9 au\nvieilissement ;\n'Vu l'aricie 07231-1  du  Code  du  travail;\nVu  les d\u00e9crets  n\u00b0 2011-1132  et n\u00b0 2011-1133  du  20  septembre  2011  modifiant  certaines\ndisposiions  du  Code  du  travail relatives au  ch\u00e8que  emplot-service  universel  et aux\nservices  \u00e0  la personne ;\nVu  le d\u00e9cret  n\u00b02016:750  du  6 juin 2016  relatif \u00e0 la ste  des  activites de  services  \u00e0 la personne\n'soumises  \u00e0 agr\u00e9ment  ou  \u00e0 autorisation dans  le cadre  du  r\u00e9gime commun  de la d\u00e9claration\nVu  le d\u00e9cret  du  31 octobre  2024  portant  nomination  de  Monsieur  Alexandre  BRUGERE,  en\nquait\u00e9 de Pr\u00e9fet des Hauts-de-Seine ;\nVu  l'ar\u00eat\u00e9  interminist\u00e9riel du  12 ao\u00fbt  2025  nommant  Monsieur  Fabrice  MASI,  Directeur\nr\u00e9gional tinterd\u00e9partementl de l'\u00e9conomie, de l'emplo, du travail et des solidart\u00e9s d\u00cele-\nde-France  \u00e0  compter  du  25  ao\u00fbt  2025\nVu  l'arr\u00eat\u00e9 pr\u00e9fectoral n\u00b02028-33  du  22  ao\u00fbt  2025  par  lequel le Pr\u00e9fet des  Hauts-de-Seine\nd\u00e9l\u00e8gue  sa signature  \u00e0 Monsieur  Fabrice  MASI,  Directeur  r\u00e9gional et interd\u00e9partemental\nde l'\u00e9conomie, de l'emploi, du travalet des solidarit\u00e9s d'\u00cele-de-France\n'Vu la d\u00e9cision  n\u00b0 2025-187  du  25  ao\u00fbt  2025  portant  subd\u00e9l\u00e9gation  de  signature  de  Monsieur\nFabrice  MASI,  Directeur  r\u00e9gional et interd\u00e9partemental  de  l'\u00e9conomie,  de  l'emploi, du\ntravail et des  solidart\u00e9s  dle-de-France,  aux  agents  de  Unit\u00e9  d\u00e9partementale  des  Hauts-\nde-Seine\nVu  la d\u00e9ciaration d'activit\u00e9s de services  \u00e0 Ia personne  d\u00e9pos\u00e9es  le 14 ao\u00fbt  2025  au  nom  de\nla SAS  KIDDOBEE  sise 77  Rue  Martre  \u00e0 CLICHY  (82110);\n\nApr\u00e8s examen du dossier, cette demande  \u00e9tant conforme aux dispositions de Farticle L. 7232-1-\n1 du code du travail, le pr\u00e9sent r\u00e9c\u00e9piss\u00e9 de d\u00e9claration d'actvit\u00e9s de services \u00e0 a  personne a\n{ete enregistr\u00e9 au nom  de la SAS  KIDDOBEE  sous le num\u00e9ro  SAP  930459235.\nLes  activit\u00e9s d\u00e9clar\u00e9es  sont les suivantes,  \u00e0 l'exclusion de toute autre:\nGarde  d'enfants de plus  de trois ans \u00e0 domicile ;\nSoutien  scolaire  ou  cours  \u00e0 domicile  ;\n'Accompagnement  des  enfants de plus de trois ans  dans  leurs d\u00e9placements  en\n'dehors de leur domicile (promenades,  transports, actes de la vie courante) ;\nPrestations relevant du b\u00e9n\u00e9fice dela r\u00e9duction d'imp\u00f4t pr\u00e9vue \u00e0 article 199 sexdecies du Code\nG\u00e9n\u00e9ral  des  Imp\u00f4ts.\nLa  structure exerce  ces  activit\u00e9s selon  le mode suivant : PRESTATAIRE\n'Sous r\u00e9serve d'\u00eatre exerc\u00e9es \u00e0 ttre exclusf par le d\u00e9clarant (ou sous r\u00e9serve d'une comptabilit\u00e9\n's\u00e9par\u00e9e pour les personnes morales dispens\u00e9es de la condition d'actvit\u00e9 exclusive), ces activites\n'ouvrent droit au b\u00e9n\u00e9fice des dispositions des articles L. 7233-2 du code du travail et L  241-10\ndu  code  de  la s\u00e9curit\u00e9 sociale\n(Conform\u00e9ment  aux dispositions de  l'article R7232-19  du  code  du travail, organisme  d\u00e9clar\u00e9 dot\nproduire au moins chaque  trimestre un \u00e9tat d'activit\u00e9 et chaque ann\u00e9e un bilan quantitatif et\nqualitatif de activit\u00e9 exerc\u00e9e au tire de l'ann\u00e9e \u00e9coul\u00e9e ainsi qu'un tableau statistique annuel\nSi l'organisme d\u00e9clar\u00e9 comporte  plusieurs \u00e9tablissements, les \u00e9tats statistiques et le bilan annuel\ndistinguent l'acti\u00e9  exerc\u00e9e  par chaque  \u00e9tablissement\nLe  pr\u00e9sent  r\u00e9c\u00e9piss\u00e9  prond  effet le 14  ao\u00fbt  2025.\nL'enrogistroment de Ia d\u00e9claration pourra \u00eatre retir\u00e9 si l'organisme d\u00e9clar\u00e9 cosse de remplir\nles conditions ou de respecter les obligations montionn\u00e9os  aux  4\u00b0,5* ot 6\u00b0 de l'artick\n723247 ou qui m\u00e9connalt  les obligations d\u00e9finies\u00e0 Varticle R7232-19  du code du travail\nF t\u00e9s 98 devra, sous\n'une  d\u00e9claration  modificative aupr\u00e9s  de  FUnit\u00e9peine de  retrait de  la  d\u00e9claration, faire l'objet\nd\u00e9partementale des  Hauts-de-Seine\nLe pr\u00e9sent r\u00e9cit  sera pub  au ecu  ds  aces  admirals  La preci  des Haus\nde-Soine.\nFal  \u00e0 Nanterre, le 04 novembre  2025,\nPour  le Pr\u00e9fet\nPar d\u00e9l\u00e9gation ot  subd\u00e9l\u00e9gation\n\nEx  Direction r\u00e9gionaleet interd\u00e9partementale\nMINIST\u00c8RE de l'\u00e9conomie, d\nDU  TRAVAIL, DE LA SANT\u00c9, du travail et des\nDES  SOLIDARIT\u00c9S\nET  DES  FAMILLES\nLens\nA\nR\u00e9c\u00e9piss\u00e9  n\u00b02025-615 de d\u00e9claration d'activit\u00e9s de  services \u00e0 la personne\nenregistr\u00e9e  sous  le n\u00b0 SAP993260785  au  nom  de  la micro-entreprise  HAZEL\nSISON  sise  10  boulevard  Jean  Mermoz \u00e0 NEUILLY-SUR-SEINE  (92200)\nLE  PREFET  DES  HAUTS-DE-SEINE\nVu  la loi n\u00b0 2010-853  du  23 juillet 2010  relative aux  r\u00e9seaux  consulaires, au commerce  et \u00e0\nl'artisanatet  aux  services (article 31);\nVu  la loi n\u00b020151776  du 28 d\u00e9cembre  2015  rela\u00efve \u00e0 l'adaptation de  la soci\u00e9t\u00e9 au\nveilissement\nVu  l'article D7231-1  du  Code  du  travail\nVu  les d\u00e9crets n\u00b0 2011-1132  et n\u00b0 2011-1133  du  20 septembre  2011  modifiant certaines.\ndispositions du Code  du travail, relatives au ch\u00e8que  emplo-service  universel et aux\nservices \u00e0 la personne  ;\nVu  le d\u00e9cret n\u00b02016750  du 6 juin 2016 relatif \u00e0 la liste des  activites de services \u00e0 la personne\nsoumises  \u00e0 agr\u00e9ment  ou \u00e0 autorisation dans le cadre  du r\u00e9gime commun  de la d\u00e9claration\nVu  le  d\u00e9cret du 31 octobre 2024  portant nomination  de Monsieur  Alexandre  BRUGERE,  en\n'qualit\u00e9 de Pr\u00e9fet des Hauts-de-Seine ;\nVu  l'ar\u00e9t\u00e9 interminist\u00e9riel du 12 ao\u00fbt 2025  nommant  Monsieur  Fabrice MASI, Directeur\nr\u00e9gional et nterd\u00e9partementa  de l'\u00e9conomie, de l'emploi, du travail et des  solidarit\u00e9s dll\nde-France  \u00e0 compter  du  25  ao\u00fbt  2025 ;\nVu  l'arr\u00eat\u00e9 pr\u00e9fectoral n\u00b02026-33  du  22 ao\u00fbt 2025  par lequel le Pr\u00e9fet des  Hauts-de-Seine\nd\u00e9l\u00e8gue  sa signature \u00e0 Monsieur  Fabrice MASI,  Directeur r\u00e9gional etinterd\u00e9partemental\nde l'\u00e9conomie, de l'emploi, du travail et des solidarit\u00e9s d'le-de-France;\nVu  la d\u00e9cision n\u00b0 2026-187  du 25 ao\u00fbt 2025  portant subd\u00e9l\u00e9gation de  signature de  Monsieur\nFabrice MASI, Directeur r\u00e9gional et interd\u00e9partemental de  l'\u00e9conomie, de  l'emploi, du\ntraval et des  soldart\u00e9s  dle-de-France, aux  agents  de [Unit\u00e9 d\u00e9partementale  des  Hauts-\nde-Seine\nVu  la d\u00e9claration d'activit\u00e9s de services \u00e0 a  personne  d\u00e9pos\u00e9es  le 31 octobre 2025  au nom\nde  la micro-entreprise HAZEL  SISON  sise 10 boulevard Jean Mermoz  \u00e0 NEUILLY-SUR-\nSEINE  (82200)  ;\n\n'Apr\u00e8s examen  du  dossier, cette demande  \u00e9tant conforme  aux  dispositions de  Farce  L. 7232-1-\n1 du code  du travail, le pr\u00e9sent  r\u00e9c\u00e9piss\u00e9  de d\u00e9claration d'actvi\u00e9s  de services \u00e0 a  personne  a\n\u00e9t\u00e9  enregistr\u00e9  au  nom  de  la micro-entreprise  HAZEL  SISON  sous  le num\u00e9ro  SAP\n1993260785.\nLes  activit\u00e9s  d\u00e9ciar\u00e9es  sont  les  suivantes,  \u00e0  exclusion  de  toute  autre\nEntretien  de la maison  et travaux  m\u00e9nagers  ;\nGarde  d'enfants  de  plus  de  trois  ans  \u00e0  domicile\n'Accompagnement  des  enfants  de  plus  de  trois ans  dans  leurs  d\u00e9placements  en\ndehors  de  leur domicile  (promenades,  transports,  actes  de la vie  courante);\nPrestations  relevant du  b\u00e9n\u00e9fice  de  la r\u00e9duction  impot  pr\u00e9vue  \u00e0  l'article 199  sexdecies  du  Code\nG\u00e9n\u00e9ral  des  Imp\u00f4ts.\nLa  structure  exerce  ces  activit\u00e9s  selon  le mode  suivant  : PRESTATAIRE\nSous  r\u00e9serve  d'\u00eatre exerc\u00e9es  \u00e0 tre  exclusif par le d\u00e9clarant  (ou sous r\u00e9serve  d'une  comptabilt\u00e9\ns\u00e9par\u00e9e pour les personnes morales dispens\u00e9es de la condition activit\u00e9 exclusive). ces activites\n'ouvrent  droit au  b\u00e9n\u00e9fice  des  dispositions des  articles L. 7233-2  du code du travail et L. 241-10\n'du code  de  la s\u00e9curt\u00e9  social.\n(Conform\u00e9ment  aux dispositions de  l'articie R7232-19  du  code  du travail, l'organisme d\u00e9clar\u00e9 dit\nproduire  au  moins  chaque  timestre  un  \u00e9tat d'activit\u00e9 et chaque  ann\u00e9e  un  bilan quanttatf  et\nquaitatf de activit\u00e9 exerc\u00e9e au titre de l'ann\u00e9e \u00e9coul\u00e9e ainsi qu'un tableau statistique annuel.\nSi l'organisme  d\u00e9clar\u00e9  comporte  plusieurs  \u00e9tablissements,  les \u00e9tats statistiques et le bilan annuel\ndistinguent  l'activit\u00e9 exerc\u00e9e  par  chaque  \u00e9tablissement\nLe  pr\u00e9sent  r\u00e9c\u00e9piss\u00e9  prend  effetle 31 octobre  2026,\nL'enrogistroment da la d\u00e9claration  pourra  \u00eatre retir\u00e9 si l'organisme d\u00e9clar\u00e9  cesse  de remplir\nles conditions  ou  de  respecter  les obligations  mentionn\u00e9es  aux  4\u00b0,5\u00b0 ot 6\u00b0 de  l'article\n723217  ou  qui m\u00e9connait les obligations  d\u00e9finies  \u00e0 article R7232-19 du code  du  travail,\n'Toute modification concernant la structure d\u00e9clar\u00e9e ou les activit\u00e9s exerc\u00e9es devra, sous\npeine de  retrat de  la d\u00e9claration, faire l'objet d'une d\u00e9claration modificative aupr\u00e9s  de [Unit\u00e9\nd\u00e9partementale  des  Hauts-de-Seine.\nLe  pr\u00e9sent  r\u00e9c\u00e9piss\u00e9  sera publi\u00e9 au  recuell des  actes  administratifsde la pr\u00e9fecture des  Hauts-\nde-Seine,\nFait a  Nanterre,  le 05  novembre  2025.\nour  lo Pr\u00e9fet\nPar  d\u00e9l\u00e9gation  ot subdt\u00e9gation\nLa  Responsable  du  service\nD\u00e9veloppement  de  emplol  et des\ncomp\u00e9tences |\nfear\nMariama  CONDE\n\nEz  Direction r\u00e9gionale et interd\u00e9partementale\nMINIST\u00c8RE  de l'\u00e9conomie, de l'emploi,\nDU  TRAVAIL,  DE LA SANT\u00c9,  du travail ot des solidarit\u00e9s\nDES  SOLIDARIT\u00c9S\nET  DES  FAMILLES\npo\nR\u00e9c\u00e9piss6  n\u00b02025-616  de  d\u00e9claration  d'activit\u00e9s  de  services  \u00e0 la personne\nenregistr\u00e9e  sous  le n\u00b0 SAP993301415 au nom  de  la micro-entreprise  CAMILLE\nHOURRIEZ  sise  10  Rue  des  G\u00e9raniums  \u00e0 RUEIL-MALMAISON  (92500)\nLE  PREFET  DES  HAUTS-DE-SEINE\nVu  la loi n\u00b0 2010-863  du  23  jullot 2010  relative aux  r\u00e9seaux  consulaires,  au  commerce  et \u00e0\nl'artisanat et aux  services  (article 31);\nVu  la loi n\u00b02018-1776  du  28  d\u00e9cembre  2015  relative \u00e0 l'adaptation de  la soci\u00e9t\u00e9  au\nviilissement ;\nVu  article  07231-1  du  Code  du  travail;\nVu  les d\u00e9crets n\u00b0 2011-1132  et n\u00b0 2011-1133  du  20 septembre  2011  modifiant certaines\ndispositions  du  Code  du  travail, relatives au  ch\u00e8que  emplo-service  universel  et aux\n'services \u00e0 la personne  ;\nVu  le d\u00e9cret  n\u00b02016750  du  6 juin 2016  relat  \u00e0 la liste des  activit\u00e9s de services  \u00e0 la personne\nsoumises  \u00e0 agr\u00e9ment  ou \u00e0 autorisation dans le cadre du r\u00e9gime commun  dela d\u00e9claration\nVu  le d\u00e9cret  du  31 octobre  2024  portant nomination  de  Monsieur  Alexandre  BRUGERE,  en\nqualit\u00e9 de  Prifet des  Hauts-de-Seine  ;\nVu  l'ar\u00eat\u00e9 interminist\u00e9riel du  12 ao\u00fbt 2025  nommant  Monsieur Fabrice MASI, Directeur\nr\u00e9gional  tinerd\u00e9partemental  de  l'\u00e9conomie, de l'emplo,  du travail et des  soldartes d\u00cele-\nde-France  \u00e0 compter  du  25  ao\u00fbt  2025\nVu  l'\u00e9t\u00e9  pr\u00e9fectoral n\u00b02026-33  du  22  ao\u00fbt  2025  par  lequel le Pr\u00e9fet des  Hauts-de-Seine\n'd\u00e9l\u00e8gue sa signature \u00e0 Monsieur  Fabrice MASI,  Directeur r\u00e9gional et interd\u00e9partemental\n'de l'\u00e9conomie, de l'emploi du traval et des solidarit\u00e9s d'le-de-France ;\n'Vu la d\u00e9cision n\u00b0 2025-157  du  25  ao\u00fbt 2025  portant subd\u00e9l\u00e9gation de signature de  Monsieur\nFabrice  MASI,  Directeur  r\u00e9gional et interd\u00e9partemental  de  l'\u00e9conomie,  de  l'emploi, du\ntravail et des soldart\u00e9s  dle-de-France,  aux  agents  de  Unite  d\u00e9partementale  des  Hauts-\nde-Seine  ;\nVu  la d\u00e9claration d'activit\u00e9s de services  \u00e0 la personne  d\u00e9pos\u00e9es  le 31 octobre 2025 au  nom\nde  la micro-entreprise  CAMILLE  HOURRIEZ  sise 10  Rue  des  G\u00e9raniums  \u00e0  RUEIL-\nMALMAISON  (82500) ;\n\n'Apres examen  du dossier, cette demande  \u00e9tant conforme  aux dispositions de article L. 7232-1.\n1 du code du traval le pr\u00e9sent r\u00e9c\u00e9piss\u00e9 de d\u00e9claration d'activit\u00e9s de services \u00e0 la personne a\n\u00e9t\u00e9  enregistr\u00e9 au  nom  de  la micro-entreprise CAMILLE  HOURRIEZ  sous le num\u00e9ro  SAP\n1993301415,\nLes activit\u00e9s d\u00e9clar\u00e9es sont ies suivantes, \u00e0 l'exclusionde toute autre\nEntretien de la maison  et travaux  m\u00e9nagers  ;\nPrestations relevant du b\u00e9nefice de la r\u00e9duction d'imp\u00f4t pr\u00e9vue \u00e0 l'article 199 sexdecies du Code\n'G\u00e9n\u00e9ral  des  Imp\u00f4ts.\nLa structure exerce ces activit\u00e9s selon le mode suivant : PRESTATAIRE\nSous  r\u00e9serve d'\u00eatre exerc\u00e9es  \u00e0 titre exclusif parle d\u00e9clarant (ou sous  r\u00e9serve d'une comptabiit\u00e9\ns\u00e9par\u00e9e pour les personnes morales dispens\u00e9es de la condition activit\u00e9 exclusive) ces activit\u00e9s\n'ouvrent droit au b\u00e9n\u00e9fice des dispositions des articles L.. 7233-2 du code du travail et L. 241-10\n'du code  de  la s\u00e9curt\u00e9  sociale.\n{Conform\u00e9ment aux dispositions de l'article R7232-19  du code du travail, l'organisme d\u00e9ciar\u00e9 dot\nproduire au moins chaque  trimestre un \u00e9tat d'activit\u00e9 et chaque  ann\u00e9e  un bilan quantitatif et\n'qualtatfde activit\u00e9 exerc\u00e9e au tire de l'ann\u00e9e \u00e9coul\u00e9e ainsi qu'un tableau statistique annuel.\nSi organisme  d\u00e9clar\u00e9 comporte  plusieurs \u00e9tablissements, ls  \u00e9tats statistiques et le bilan annuel\ndistinguent l'activit\u00e9 exerc\u00e9e  par chaque  \u00e9tablissement\nLe  pr\u00e9sent  r\u00e9c\u00e9piss\u00e9  prend  effet le 31 octobre  2025.\nL'enregistrementde la d\u00e9claration pourra \u00eatre retir\u00e9 si l'organisme d\u00e9clar\u00e9 cosse de remplir\nles conditions ou de respecter les obligations montionn\u00e9es  aux 4',5\u00b0 ot 6\u00b0 de l'article\n7232.17  ou  qui m\u00e9connait  les obligations d\u00e9finies \u00e0 article R7232-19 du  code  du travail.\ndevra, sous\npoine de retrait de la d\u00e9claration, faire l'objet d'une d\u00e9claration modicatie  aupr\u00e9s de l'Unit\u00e9\nd\u00e9partementale  des  Hauts-de-Seine.\nLe pr\u00e9sent r\u00e9c\u00e9piss\u00e9 sera publi\u00e9 au recuell des actes administratifsde la pr\u00e9fecturedes Hauts-\nde-Seine.\nFait \u00e0  Nanterre,  le 12 novembre  2025.\nPour  le Pr\u00e9fet\nPar  d\u00e9l\u00e9gation  ot subd\u00e9l\u00e9gation\nLa  Responsable  du  service\nD\u00e9veloppement  de l'emplol  et des\ncomp\u00e9tences\nme\n\nEu  Direction  r\u00e9gionale et interd\u00e9partementale\nMINIST\u00c8RE de l'\u00e9conomie, de l'emploi,\nDU  TRAVAIL,  DE  LA  SANT\u00c9,  du travail et des solidarit\u00e9s.\nDES  SOLIDARIT\u00c9S\nET  DES  FAMILLES\nA\nR\u00e9c\u00e9piss\u00e9  n*2025-617  de  d\u00e9claration  d'activit\u00e9s  de  services  \u00e0  la personne\nenregistr\u00e9e  sous  le n\u00b0 SAP993395565  au  nom  de  la micro-entreprise  TASSART\nANAIS  LOUISE  MARIETTE  sis  12  boulevard  Jean  Jaur\u00e8s  \u00e0 CLICHY  (92110)\nLE  PREFET  DES  HAUTS-DE-SEINE\nVu  la loi n\u00b0 2010-853  du  23 juillet 2010  relative aux  r\u00e9seaux  consulaires, au commerce et \u00e0\nl'artisanat et aux  services  (article 31):\nVu  la loi n\u00b02018-1776  du  28  d\u00e9cembre  2015  relative \u00e0 adaptation  de  la soci\u00e9t\u00e9  au\nviilissement ;\nVu  l'article D7231-1  du  Code  du  travail\nVu  les d\u00e9crets  n\u00b0 2011-1132  et n\u00b0 2011-1133  du  20  septembre  2011  modifiant  certaines\ndispositions du Code  du  traval, relatives au ch\u00e8que  emploi-service universel et aux\nservices \u00e0 la  personne  ;\nVu  le d\u00e9cret  n\u00b02016:750  du  6 juin 2016  relat \u00e0  la isto des  activit\u00e9s de  services  \u00e0 la personne\nsoumises \u00e0 agr\u00e9ment ou \u00e0 autorisation dans le cadre  du  r\u00e9gime  commun  dela d\u00e9claration  ;\nVu  le d\u00e9cret du 31 octobre 2024  portant nomination de  Monsieur  Alexandre  BRUGERE,  en\nqualit\u00e9 de Pr\u00e9fet des Hauts-de-Seine ;\nVu  l'ar\u00eat\u00e9 interminist\u00e9riel du 12 ao\u00fbt 2025  nommant  Monsieur  Fabrice MASI,  Directeur\nr\u00e9gional et interd\u00e9partemental de  l'\u00e9conomie, de  l'emploi, du travail et des solidarit\u00e9s dle\nde-France \u00e0 compter  du 25 ao\u00fbt  2025 ;\nVu  l'arr\u00eat\u00e9 pr\u00e9fectoral n'2025-33  du  22  ao\u00fbt  2025  par  lequel le Pr\u00e9fet des  Hauts-de-Seine\n'd\u00e9l\u00e8gue  sa  signature  \u00e0 Monsieur  Fabrice  MASI,  Directeur  r\u00e9gional et interd\u00e9partemental\nde  l'\u00e9conamie, de l'emploi, du travail et des solidarit\u00e9s d'le-de-France :\nVu  la d\u00e9cision n\u00b0 2025-157  du  25  ao\u00fbt 2026  portant subd\u00e9l\u00e9gation de signature de  Monsieur\nFabrice  MASI,  Directeur  r\u00e9gional et interd\u00e9partemental  de  l'\u00e9conomie,  de  l'emploi, du\ntravail et des  soidari\u00e9s  dle-de-France,  aux  agents  de  Unite  d\u00e9partementale  des  Hauts-\nde-Seine  ;\nVu  la d\u00e9claration  d'activit\u00e9s de services \u00e0 la personne  d\u00e9pos\u00e9es  le 1\"novembre 2025  au nom\nde la micro-entreprise TASSART  ANAIS  LOUISE  MARIETTE  sise 12 boulevard Jean\nJaur\u00e8s  \u00e0  CLICHY  (92110);\n\n'Apr\u00e8s examen du dossier, cette demande \u00e9tant conforme aux dispositions de l'article L. 7232-1-\ndu code du travaille pr\u00e9sent r\u00e9c\u00e9piss\u00e9de d\u00e9claration d'activit\u00e9s de services \u00e0 la personne\n\u00e9t\u00e9 enregistr\u00e9 au nom de la micro-entreprise TASSART  ANAIS LOUISE MARIETTE sous le\nnum\u00e9ro  SAP  993395565,\nLes activites d\u00e9clar\u00e9es sont les suivantes, \u00e0 l'exclusion de toute autre\nEntretien de la maison  et travaux m\u00e9nagers  ;\nPrestations relevant du b\u00e9n\u00e9fice dela r\u00e9duction d'imp\u00f4t pr\u00e9vue \u00e0 l'article 199 sexdecies du Code\nG\u00e9n\u00e9ral  des  Imp\u00f4ts.\nLa structure exerce ces activit\u00e9s selon le mode suivant : PRESTATAIRE\n'Sous r\u00e9serve d'\u00eatre exerc\u00e9es\u00e0 tre exclusf par le d\u00e9clarant (ou sous r\u00e9serve d'une comptabilit\u00e9\n's\u00e9par\u00e9e pour les personnes morales dispens\u00e9es de la condition d'actwit\u00e9 exclusive), ces activites\n'ouvrent droit au b\u00e9n\u00e9fice des dispositionsdes articles L. 7233-2du code du traval et L. 241-10\n'du code  de  la s\u00e9curt\u00e9 sociale.\n{Conform\u00e9ment aux dispositions de l'article R7232-19 du code du travail, l'organisme d\u00e9clar\u00e9 dot\nproduire au moins chaque timestre un \u00e9tat d'activit\u00e9 et chaque ann\u00e9e un bilan quantitatif et\n'Qualtatf de Factivie exerc\u00e9e au tre de l'ann\u00e9e \u00e9coul\u00e9e ainsi qu un tableau statistique annuel.\nSi organisme d\u00e9ciar\u00e9 comporte plusieurs \u00e9tablissements, les \u00e9tats statistiques etl  bilan annuel\ndistinguent l'activit\u00e9 exerc\u00e9e par chaque \u00e9tablissement\nLe pr\u00e9sent r\u00e9c\u00e9piss\u00e9 prend effet le 1\" novembre  2025.\nL'enregistrementde Ia d\u00e9claration pourra \u00eatre retir\u00e9 si l'organisme d\u00e9clar\u00e9 cessede remplir\nles conditions ou de respecter les obligations mentionn\u00e9es aux 4,5\" et 6\u00b0 de  l'articl\n7232.17 ou qui m\u00e9connait les obligations d\u00e9finies \u00e0 article R7232-19 du code du travail.\nToute modification concernant la structure d\u00e9clar\u00e9e ou los activit\u00e9s exerc\u00e9es devra, sous\npeine de retrait de la d\u00e9claration, faire l'objet d'une d\u00e9caration modificatve aupr\u00e9s de l'Unit\u00e9\nd\u00e9partementale  des  Hauts-de-Seine.\nLar\u00e9ent  recto  sara pu  au recul des ace  cata  darter  dee Hau\nde-Seine.\nFait\u00e0  Nanterre, le 12 novembre  2025.\nPour  le Pr\u00e9fet\nd\u00e9l\u00e9gation  ot subd\u00e9l\u00e9gation\nLa  Responsable  du service\nD\u00e9veloppement  de  l'emploi et des\nmc\n\u00e0Mariama COND\u00c9\n\nEx  Direction r\u00e9gionale otinterd\u00e9partementale\nMINIST\u00c8RE  'de l'\u00e9conomie, de l'emploi,\nDU  TRAVAIL, DE LA SANT\u00c9, du travail et des solidarit\u00e9s\nDES  SOLIDARIT\u00c9S\nET  DES  FAMILLES\nEM\nR\u00e9c\u00e9piss\u00e9  n\u00b02025.619  de  d\u00e9claration d'activit\u00e9s de services  \u00e0 la personne\nenregistr\u00e9e sous  le n\u00b0 SAP993093681  au nom  de la micro-entreprise COUTISSON\nCECILE  sise 19  All\u00e9e Henri Sellier \u00e0 PUTEAUX  (92800)\nLE  PREFET  DES  HAUTS-DE-SEINE\nVu  la loi n\u00b0 2010-853  du 23 juillet 2010  relative aux r\u00e9seaux  consulaire\nl'artisanat et aux  services  (article 31)\nVu  la loi n\u00b02015-1776 du 28 d\u00e9cembre  2015 relative \u00e0 l'adaptation de la soci\u00e9t\u00e9 au\nviilissement ;\nVu  l'article D7231-1  du  Code  du travail\nVu  les d\u00e9crets n\u00b0 2011-1132 et n\u00b0 2011-1133  du 20 septembre 2011 modifiant certaines\ndispositions du Code  du traval, relatives au ch\u00e8que emplo-service universel et aux\n'services \u00e0 la personne  ;\nVu  le d\u00e9cret n\u00b02016750  du 6 juin 2016  relatif\u00e0 la isto des  activites de  services \u00e0 la personne\n'soumises \u00e0 agr\u00e9ment  ou autorisation dans le cadre du r\u00e9gime commun  de a d\u00e9claration ;\nVu  le d\u00e9cret du 31 octobre 2024 portant nomination de Monsieur Alexandre BRUGERE,  en\nquait\u00e9  de  Pr\u00e9fet des  Hauts-de-Seine\nVu  l'arr\u00eat\u00e9 interminist\u00e9riel du 12 ao\u00fbt 2025 nommant  Monsieur Fabrice MASI, Directeur\nr\u00e9gional et interd\u00e9partementalde l'\u00e9conomie, de l'emploi, du  travailet des solidarit\u00e9s d'il\nde-France  \u00e0 compter  du 25  ao\u00fbt  2025 ;\nVu  l'arr\u00eat\u00e9 pr\u00e9fectoral n\u00b02026-33 du 22 ao\u00fbt 2025  par lequel le Pr\u00e9fet des Hauts-de-Seine\nd\u00e9l\u00e8gue  sa signature \u00e0 Monsieur  Fabrice MASI, Directeur r\u00e9gional et interd\u00e9partemental\nde l'\u00e9conomie, de l'emploi, du travail et des solidarit\u00e9s d'\u00cele-de-France ;\nvu\nFabrice MASI, Directeur r\u00e9gional et interd\u00e9partemental de l'\u00e9conomie, de l'emploi, du\ntravailet des solidart\u00e9s dlle-de-France, aux  agents de l'Unit\u00e9 d\u00e9partementale des  Hauts-\nde-Seine ;\nVu  la d\u00e9claration d'activit\u00e9s de services \u00e0 la personne d\u00e9pos\u00e9es le 02 novembre 2025 au nom\nde la micro-entreprise COUTISSON  CECILE  sise 19 Al\u00e9e  Henri Seller \u00e0 PUTEAUX\n82800) :\n\n'Apr\u00e8s examen  du dossier, cette demande  \u00e9tant conforme aux dispositionsde l'article L. 7282-1-\n1 du code du traval, le pr\u00e9sent r\u00e9c\u00e9piss\u00e9 de d\u00e9claration d activit\u00e9s de services \u00e0 la personne\n\u00e9t\u00e9  enregistr\u00e9 au nom  de la micro-entreprise COUTISSON  CECILE  sous le num\u00e9ro  SAP\n93083681\nLes activites d\u00e9clar\u00e9es sont les suivantes, \u00e0 l'exclusion de toute autre\nEntretien  de  la maison et travaux  m\u00e9nagers ;\nPrestations relevant du b\u00e9n\u00e9fice de  a  r\u00e9duction d'imp\u00f4t pr\u00e9vue  \u00e0 article 199 sexdecies du Code\nG\u00e9n\u00e9ral  des  Imp\u00f4ts.\nLa structure exerce  ces activit\u00e9s selon  le mode  suivant  : PRESTATAIRE\nSous  r\u00e9serve d'\u00eatre exerc\u00e9es  \u00e0 titre exclusif parle d\u00e9clarant (ou sous  r\u00e9serve d'une comptabilt\u00e9\n's\u00e9par\u00e9e pour les personnes morales dispens\u00e9es de a  condition d'actvit\u00e9 exclusive), ces activites\n'ouvrent droit au b\u00e9n\u00e9fice des  dispositions des articles L. 7283-2  du code du traval et L. 241-10\n'du code  de  la s\u00e9curt\u00e9  sociale,\n(Conform\u00e9ment  aux  dispositionsde Farticle R7232-19  du code du travail, Forganisme  d\u00e9clar\u00e9 doit\nproduire au moins  chaque  timeste  un \u00e9tat d'activit\u00e9 et chaque  ann\u00e9e  un bilan quanttatf et\nquaitatf de Factivit\u00e9 exerc\u00e9e au ire de l'ann\u00e9e \u00e9coul\u00e9e ainsi qu'un tableau statistique annuel.\nSi organisme  d\u00e9clar\u00e9 comporte  plusieurs \u00e9tablissements, ls  \u00e9tats statistiques ete  bilan annuel\ndistinguent  Factivite exerc\u00e9e  par  chaque  \u00e9tablissement.\nLe  pr\u00e9sent  r\u00e9c\u00e9piss\u00e9  prend  effet le 02 novembre  2026.\nL'enrogistrementde la d\u00e9claration pourra \u00eatre tir\u00e9 si l'organisme d\u00e9clar\u00e9 cesse de remplir\nles conditions ou  de respecter les obligations mentionn\u00e9es  aux  4,6\" et 6\u00b0 de l'article\nR7232-17  ou  qui m\u00e9connait  les obligations d\u00e9finies \u00e0 article R7232-19 du code  du  travail.\ndevra, sous\npeine de retrait de la d\u00e9claration, faire l'objet d'une d\u00e9ciaration modificatve aupr\u00e8s de l'Unit\u00e9\n'd\u00e9partementale  des  Hauts-de-Seine.\nLe  pr\u00e9sent r\u00e9c\u00e9piss\u00e9 sera publi\u00e9 au recueil des actes administratifs de la pr\u00e9fecture des Hauts-\nde-Seine.\nFait \u00e0  Nanterre,  le 12 novembre  2025.\nPour  le Pr\u00e9fet\nPar  d\u00e9l\u00e9gation  ot subd\u00e9l\u00e9gation\nLa  Responsable  du service\nD\u00e9veloppement  de  l'emploi et des\ncomp\u00e9tences.\nne\n\nEx  Direction  r\u00e9gionale  et interd\u00e9partementale\nMINIST\u00c8RE de l'\u00e9conomie, de l'emploi,\nDU  TRAVAIL,  DE  LA  SANT\u00c9,  du travail et des solidarit\u00e9s\nDES  SOLIDARIT\u00c9S\nET  DES  FAMILLES\nau\nR\u00e9c\u00e9piss\u00e9  n\u00b02025-620  de  d\u00e9claration  d'activit\u00e9s  de  services  \u00e0  la personne\nenregistr\u00e9e  sous  le n\u00b0 SAP993428333  au  nom  de  la micro-entreprise  RAYMOND\nPIERRE  ESOUARD  DIATTA  sise  3 Rue  Du  Capitaine  Bossard  Chez  Mme  PREIRA\nMARIE  THERESE  \u00e0 ASNIERES-SUR-SEINE  (92600)\nLE  PREFET  DES  HAUTS-DE-SEINE\nVu  Ia loi n\u00b0 2010-853  du  23  juillet 2010  relative aux  r\u00e9seaux  consulaires,  au  commerce  et \u00e0\nl'artisanat et aux  services  (article 31);\nVu  la loi n\u00b020151776  du  28  d\u00e9cembre  2015  relative \u00e0  adaptation  de  la soci\u00e9t\u00e9  au\nviellissement ;\nVu  article  D7231-1  du  Code  du travail;\nVu  les d\u00e9crets n\u00b0 2011-1132  et n\u00b0 2011-1133  du  20 septembre  2011  modifiant certal\ndispositions du  Code  du  traval, relatives au  ch\u00e8que  emplo-service  universel  et aux\nservices  \u00e0  la personne\nVu  le d\u00e9cret  n\u00b02016750 du 6 juin 2016 relatif \u00e0  la ste des activit\u00e9s de services  \u00e0 la personne\nsoumises  \u00e0 agr\u00e9ment  ou \u00e0 autorisation dans  le cadre  du r\u00e9gime  commun  de la d\u00e9claration\nVu  le d\u00e9cret  du  31 octobre  2024  portant  nomination  de  Monsieur  Alexandre  BRUGERE,  en\n'qualit\u00e9 de Pr\u00e9fet des Hauts-de-Seine ;\nVu  l'arr\u00eat\u00e9 interminist\u00e9riel du  12 ao\u00fbt  2025  nommant  Monsieur  Fabrice  MASI,  Directeur\nr\u00e9gional  et interd\u00e9partemental  de  l'\u00e9conomie,  de  l'emplo,  du  travail et des  solidant\u00e9s  dll\n'de-France \u00e0  compter  du  25  ao\u00fbt  2028 ;\nVu  l'ar\u00e8t\u00e9  pr\u00e9fectoral n\u00b02025-33  du  22  ao\u00fbt  2025  par  lequel le Pr\u00e9fet des  Hauts-de-Seine\nd\u00e9l\u00e8gue  sa signature \u00e0 Monsieur  Fabrice  MASI,  Directeur  r\u00e9gional et interd\u00e9partemental\nde l'\u00e9conomie, de l'emploi, du traval et des solidarit\u00e9s d'\u00cele-de-France ;\nVu  la d\u00e9cision  n\u00b0 2025-157  du  25  ao\u00fbt  2025  portant  subd\u00e9l\u00e9gation  de  signature  de  Monsieur\nFabrice  MASI,  Directeur  r\u00e9gional et interd\u00e9partemental  de  l'\u00e9conomie,  de  l'emploi, du\ntravailet des solidarit\u00e9s d'le-de-France,  aux agents de l'Unit\u00e9 d\u00e9partementale des  Hauts-\nde-Seine\n'Vu la d\u00e9claration  d'activit\u00e9sde services  \u00e0 la personne  d\u00e9pos\u00e9es  le 03 novembre  2025  au  nom\n'de la micro-entreprise  RAYMOND  PIERRE  ESOUARD  DIATTA  sise 3 Rue  Du  Capitaine\nBossard  Chez  Mme  PREIRA  MARIE  THERESE  \u00e0 ASNIERES-SUR-SEINE  (92600)  ;\n\n'Apr\u00e8s examen  du dossier, cette demande  \u00e9tant conforme aux dispositions de l'article L. 7232-1-\n4 du  code du traval, le pr\u00e9sent r\u00e9c\u00e9piss\u00e9de d\u00e9claration d activitesde services\u00e0 la personne\n\u00e9t\u00e9 enregistr\u00e9 au nom  de la micro-entreprise RAYMOND  PIERRE  ESOUARD  DIATTA sous\nnum\u00e9ro  SAP  993428333,\nLes activites d\u00e9clar\u00e9es sont les suivantes, a l'exclusionde toute autre\nEntretien do  la maison  et travaux  m\u00e9nagers  ;\nPetits travaux de jardinage, y compris  les travaux de d\u00e9broussaillage\n'Travaux de petit bricolage dits \u00ab homme  toutes mains\nLivraison de  repas  \u00e0 domicile  ;\nLivraison  de  courses  \u00e0 domici\nPrestations relevant du b\u00e9n\u00e9fice dela r\u00e9duction d'imp\u00f4t pr\u00e9vue \u00e0 farticle 199 sexdecies du Code\nG\u00e9n\u00e9ral  des  impets.\nLa structure exerce ces activit\u00e9s solon le mode suivant: PRESTATAIRE\nSous r\u00e9serve d'\u00eatre exerc\u00e9es \u00e0 tire exclusif par le d\u00e9clarant (ou sous r\u00e9serve d'une comptabilit\u00e9\ns\u00e9par\u00e9e pour les personnes morales dispens\u00e9es de la condition dactivit\u00e9 exclusive), ces activites\n'ouveent droit au b\u00e9n\u00e9fice des dispositions des articles L. 7233-2 du code du travail et L 241-10\n{du code  de  la s\u00e9curt\u00e9  sociale\n{Conform\u00e9ment aux dispositions de l'article R7232-19 du code du travail l'organisme d\u00e9clar\u00e9 dot\nproduire au moins chaque  trimestre un \u00e9tat d'activit\u00e9 et chaque ann\u00e9e un bilan quantitatif et\nquaitatfde l'actit\u00e9 exerc\u00e9e au tie de l'ann\u00e9e \u00e9coul\u00e9e ainsi qu'un tableau statistique annuel.\nSi organisme d\u00e9clar\u00e9 comporte plusieurs \u00e9tablissements, les \u00e9tats statistiques et le bilan annuel\ndistinguent l'activit\u00e9 exerc\u00e9e  par chaque  \u00e9tablissement\nLe pr\u00e9sent r\u00e9c\u00e9piss\u00e9 prend  effet lo 03 novembre  2028.\nL'enregistrement de la d\u00e9claration pourra \u00eatre retir\u00e9 si l'organisme d\u00e9clar\u00e9 cesse  de remplir\nes  conditions ou de respecter les obligations mentionn\u00e9es aux 4\u00b0 at 6\u00b0 de l'article\nR723247  ou qui m\u00e9connait les obligations d\u00e9finies \u00e0 l'article R7232-19 du code du travail.\nctivit\u00e9s exerc\u00e9es devra, sous\nmodiicatve aupr\u00e8s  de  FUnitepeine de retralt de fa d\u00e9claration, fare Tobjet d'une deciaraton\n'd\u00e9partementale  des  Hauts-de-Seine.\nLe pr\u00e9sent r\u00e9c\u00e9piss\u00e9 sera publi\u00e9au recueil des actes administratifsde la pr\u00e9fecturedes Hauts-\nde-Seine.\nFait \u00e0  Nanterre,  le 12 novembre  2025.\nPour  le Pr\u00e9fet\nPar  d\u00e9l\u00e9gation  et subd\u00e9l\u00e9gation\nLa  Responsable  du  service\nD\u00e9veloppement  del'emploi  et des\ncomp\u00e9tences  _\nete\n1a COND\u00c9\n\n=a  Direction r\u00e9gionale  et interd\u00e9partementale\nMINIST\u00c8RE  de l'\u00e9conomie, de l'emploi,\nDU  TRAVAIL,  DE  LA  SANT\u00c9,  du travail et des solidarit\u00e9s.\nDES  SOLIDARIT\u00c9S\nET  DES  FAMILLES\n=\nR\u00e9c\u00e9piss\u00e9  n*2025-621  de  d\u00e9claration  d'activit\u00e9s de  services  \u00e0 la personne\nenregistr\u00e9e  sous  le n\u00b0  SAP993344886  au  nom  de  la micro-entreprise\nRAHARIJAONA  TAHIRISOA  sise  5  Rue  de  Paris  \u00e0  CLICHY  (92110)\nLE  PREFET  DES  HAUTS-DE-SEINE\nVu  la loi n\u00b0 2010-853  du  23  juillet 2010  relative aux  r\u00e9seaux  consulaires, au  commerce et \u00e0\nl'artisanatet aux  services (article 31);\n'Vu la loi n\u00b02015-1776  du  28  d\u00e9cembre  2015  relative \u00e0  l'adaptation de  la soci\u00e9t\u00e9  au\nviellissement ;\nVu  Face  07231-1  du  Code  du travail;\nVu  les d\u00e9crets  n\u00b0 2011-1132  et n\u00b0 2011-1133  du  20  septembre  2011  modifiant  certaines\ndispositions  du  Code  du  travail, relatives au  ch\u00e8que  emploi-service  universel  et aux\n'services  \u00e0 la personne\nVu  le d\u00e9cret  n\u00b02016750 du 6 juin 2016 relatif \u00e0 la liste des activites de services \u00e0 la personne\nsoumises \u00e0 agr\u00e9ment  ou  \u00e0 autorisation dans  le cadre  du  r\u00e9gime  commun  de a d\u00e9claration  ;\nVu  le d\u00e9cret  du  31 octobre  2024  portant  nomination  de  Monsieur  Alexandre  BRUGERE,  en\nquait\u00e9 de  Pr\u00e9fet des  Hauts-de-Seine\nVu  l'ar\u00eat\u00e9 interminist\u00e9riel du  12 ao\u00fbt  2025  nommant  Monsieur  Fabrice  MASI,  Directeur\nr\u00e9gional et interd\u00e9partementalde l'\u00e9conomie, de l'emplo, du travailet des solidarit\u00e9s d'le-\nde-France \u00e0 compter  du  25  ao\u00fbt  2025\nVu  l'ar\u00e9t\u00e9 pr\u00e9fectoral n\u00b02025-33  du  22  ao\u00fbt  2025  par  lequel le Pr\u00e9fet des  Hauts-de-Seine\n'd\u00e9l\u00e8gue  sa  signature  \u00e0  Monsieur  Fabrice  MASI,  Directeur  r\u00e9gional  et interd\u00e9partemental\nde l'\u00e9conomie, de l'emploi du travailet des soldartes d'le-de-France\nVu  la d\u00e9cision  n\u00b0 2025-157  du  25  ao\u00fbt  2025  portant subd\u00e9l\u00e9gation  de  signature  de  Monsieur\nFabrice  MASI,  Directeur  r\u00e9gional et interd\u00e9partemental  de  l'\u00e9conomie. de  l'emplo.  du\ntravail et des  saidari\u00e9s  d'le-de-France,  aux agents  de  Unit\u00e9  d\u00e9partementale des  Hauts-\nde-Seine ;\nVu  la d\u00e9claration d'activit\u00e9s de services \u00e0 la personne  d\u00e9pos\u00e9es  le 03 novembre  2025  aunom\nde  la micro-entreprise  RAHARIJAONA  TAHIRISOA  sise 5  Rue  de  Paris  \u00e0  CLICHY\n(82110)\n\n'Apr\u00e8s examen  du  dossier, cette demande  \u00e9tant conforme  aux dispositions de  farticle L. 7232\n1 du code  du travail, le pr\u00e9sent  r\u00e9c\u00e9piss\u00e9 de d\u00e9claration d'activit\u00e9sde services \u00e0 la personne a\n\u00e9t\u00e9  enregistr\u00e9  au  nom  de  la micro-entreprise  RAHARIJAONA  TAHIRISOA  sous  le num\u00e9ro  SAP\n= Entrotien  do  la  maison  et  travaux  m\u00e9nagers  ;\n+ Garde  d'enfants  de  plus  de  trois  ans  \u00e0  domicile;\n\u00a9 Accompagnement  des  enfants  de  plus  de  trois  ans  dans  leurs  d\u00e9placements  en\ndehors  de  leur domicile  (promenades,  transports,  actes  de  la vie courante) ;\nPrestations  relevant du  b\u00e9n\u00e9fice  dela  r\u00e9duction  d'imp\u00f4t  pr\u00e9vue  \u00e0 l'article 199  sexdecies du Code\nG\u00e9n\u00e9ral  des  Impots.\nLa  structure  exerce  ces  activit\u00e9s  selon  le mode  suivant :  PRESTATAIRE\nSous r\u00e9serve d'\u00eatre exerc\u00e9es  \u00e0 tre  exclus  par le d\u00e9clarant (ou sous  r\u00e9serve d'une comptabilit\u00e9\ns\u00e9par\u00e9o  pour  les personnes  morales  dispens\u00e9es  de  la condition d'actwit\u00e9 exclusive), ces  activites\nouvrent  droit au  b\u00e9n\u00e9fice  des  dispositions  des  articles L. 7233-2  du  code  du  travail et L. 241-10\n'du code  de  la s\u00e9curit\u00e9 sociale.\n(Conform\u00e9ment  aux  dispositions de  farticle R7232-19  du  code  du  travail, l'organisme d\u00e9clar\u00e9  doit\nproduire au moins  chaque  trimestre un \u00e9tat d'activit\u00e9 et chaque  ann\u00e9e  un bilan quantitatif et\nquaitatf  de  l'activit\u00e9 exerc\u00e9e  au  ire  de  l'ann\u00e9e  \u00e9coul\u00e9e  ainsi qu'un  tableau  statistique annuel\nSi l'organisme  d\u00e9ciar\u00e9  comporte  plusieurs  \u00e9tablissements, le  \u00e9tats statistiques et le bilan annuel\ndistinguent  activit\u00e9 exerc\u00e9e  par  chaque  \u00e9tablissement.\nLe  pr\u00e9sent  r\u00e9c\u00e9piss\u00e9  prend  affet le 03 novembre  2028.\nL'enregistrement de la d\u00e9claration pourra tre  rotir\u00e9 si l'organisme  d\u00e9clar\u00e9 cesse de remplir\nles conditions  ou  de  respecter  les obligations  montionn\u00e9es  aux  4\u00b0,\"  ot 6\u00b0 de l'article\n'du code  du  travail.7232-17  ou  qui  m\u00e9connait  les obligations  d\u00e9finies  \u00e0 l'article R7232-\npeine  de  retrait de  Ta d\u00e9claration, fare l'objet dune  d\u00e9claration  modiicatwe  aupr\u00e8s  de  FUni\u00e9\nd\u00e9partementale  des  Hauts-de-Seine.\nLe pr\u00e9sent r\u00e9c\u00e9piss\u00e9 sera publi\u00e9 au recueil des actes administratfs de la pr\u00e9fecture des  Hauts-\nde-Seine,\nFait \u00e0 Nanterre, 17  novembre  2025,\nPour  le Pr\u00e9fet\nPar  d\u00e9l\u00e9gation  et subd\u00e9l\u00e9gation\nLa  Responsable  du  service\nD\u00e9veloppement  de  l'emploi  et des\ncomp\u00e9tences\nst\n\nEs  Direction  r\u00e9gionale  et interd\u00e9partementale\nMINIST\u00c8RE de l'\u00e9conomie, de l'emploi,\nDU  TRAVAIL,  DE  LA SANT\u00c9,  du travailet des solidarit\u00e9s\nDES  SOLIDARIT\u00c9S\nET  DES  FAMILLES\nEM\nR\u00e9c\u00e9piss\u00e9  n\u00b02025622  de  d\u00e9claration  d'activit\u00e9s de  services  \u00e0 la personne\n\"enregistr\u00e9e  sous le n\u00b0 SAP993196500  au  nom  de  la micro-entreprise  BORDES\nROMEO  sise 47  Avenue  des  Gr\u00e9sillons \u00e0 GENNEVILLIERS  (92230)\nLE  PREFET  DES  HAUTS-DE-SEINE\nVu  la loi n\u00b0 2010-863  du 23  jul  2010  relative aux  r\u00e9seaux  consulaires, au commerce  et \u00e0\nl'artisanatet aux  services (article 31);\nVu  la loi n\u00b020151776  du  28 d\u00e9cembre  2015  relative \u00e0 l'adaptation de  la soci\u00e9t\u00e9 au\nviellissoment;\nVu  l'article D7231-1  du  Code  du  travail;\nVu  les d\u00e9crets n\u00b0 2011-1132  et n\u00b0 2011-1133  du  20 septembre  2011  modifiant certaines\ndispositions  du  Code  du  travail, relatives au  ch\u00e8que  emploi-service  universel et aux\n'services  \u00e0 la personne  ;\nVu  le d\u00e9cret  n\u00b02016:750  du  6 juin 2016  relat  \u00e0 la listo des  activites de  services  \u00e0 la personne\nsoumises \u00e0 agr\u00e9ment  ou  \u00e0 autorisation dans le cadre  du  r\u00e9gime  commun  de a d\u00e9claration  ;\nVu  le d\u00e9cret du  31 octobre 2024 portant nomination de  Monsieur  Alexandre  BRUGERE,  en\nQualit\u00e9 de Pr\u00e9fet des Hauts-de-Seine ;\nVu  l'ar\u00eat\u00e9 interminist\u00e9riel du 12 ao\u00fbt 2025  nommant  Monsieur  Fabrice MASI,  Directeur\nr\u00e9gionalet interd\u00e9partemental de \u00e9conomie,  de l'emplo, du travailet des solidarit\u00e9s dl\nde-France \u00e0 compter  du 25  ao\u00fbt  2025\nVu  l'arr\u00eat\u00e9 pr\u00e9fectoral n\u00b02025-33  du  22  ao\u00fbt  2025  par  lequel le Pr\u00e9fet des  Hauts-de-Seine\n'd\u00e9l\u00e8gue  sa  signature  \u00e0 Monsieur  Fabrice  MASI,  Directeur  r\u00e9gional et interd\u00e9partemental\nde  l'\u00e9conamie, de Femplol, du travailet des solidarit\u00e9s d'le-de-France ;\nVu  la d\u00e9cision n\u00b0 2025-187  du 25  ao\u00fbt 2025  portant subd\u00e9l\u00e9gation de signature de  Monsieur\nFabrice  MASI,  Directeur  r\u00e9gional et interd\u00e9partemental  de  l'\u00e9conomie,  de  l'emploi, du\ntravail et des  soidari\u00e9s  d'le-de-France,  aux  agents  de  Unite  d\u00e9partementale  des  Hauts-\nde-Seine\nVu  la d\u00e9ciaraion  d'activit\u00e9s de services \u00e0 la personne  d\u00e9pos\u00e9es  le 02 novembre  2025 au nom\nde  la micro-entreprise  BORDES  ROMEO  sise 47  Avenue  des  Gr\u00e9silons  \u00e0\nGENNEVILLIERS  (82230)\n\nApr\u00e8s examen du dossier, cette demande  \u00e9tant conforme  aux dispositions de Particle L. 7232-1-\n1 du  code  du travail, le pr\u00e9sent  r\u00e9c\u00e9piss\u00e9  de d\u00e9claration d'activit\u00e9s de services \u00e0 la personne\n\u00e9t\u00e9 enregistr\u00e9 au nom  de  la micro-entreprise BORDES  ROMEO  sous le num\u00e9ro  SAP\n1993198500,\nLes  activit\u00e9s d\u00e9clar\u00e9es  sont les suivantes,  a l'exclusion de  toute autre\n= Entrotion  de  la maison  ot travaux  m\u00e9nagers  ;\nPrestations  relevant  du  b\u00e9n\u00e9fice  de  la r\u00e9duction  d'imp\u00f4t  pr\u00e9vue \u00e0  l'article 199  sexdecies  du  Code\nG\u00e9n\u00e9ral  des  impots\nLa  structure  exerce  ces  activit\u00e9s  selon  le mode  suivant  : PRESTATAIRE\nSous  r\u00e9serve d'\u00eatre exerc\u00e9es \u00e0 tre  exclus parle d\u00e9ciarant (o\u00f9 sous r\u00e9serve d'une comptabiit\u00e9\ns\u00e9par\u00e9e  pour  les personnes  morales  dispens\u00e9es  de la condition d'activit\u00e9 exclusive)  ces activit\u00e9s\nouvrent dro au b\u00e9n\u00e9fice des dispositions des articlesL. 7233-2 du  code  du travailet L. 241-10\n'du  code de la s\u00e9curit\u00e9 sociale.\n(Conform\u00e9ment  aux  dispositions de  l'article R7232-19  du  code  du  travail l'organisme  d\u00e9clar\u00e9  dot\nproduire au moins  chaque  timeste  un \u00e9tat d'activit\u00e9 et chaque  ann\u00e9e  un bilan quanttatf et\n'qualtaf de  l'activit\u00e9 exerc\u00e9e  au  titre de l'ann\u00e9e \u00e9coul\u00e9e  ainsi qu'un tableau statistique annuel.\nSi organisme  d\u00e9clar\u00e9 comporte  plusieurs \u00e9tablissements, les \u00e9tats statistiques ete  bilan annuel\ndistinguent  Factivit\u00e9 exerc\u00e9e  par  chaque  \u00e9tablissement.\nLe  pr\u00e9sent  r\u00e9c\u00e9piss\u00e9  prond  effet le 02  novembre  2025.\nL'enrogistrement de la d\u00e9claration pourra  \u00eatre retir\u00e9 si l'organisme  d\u00e9clar\u00e9 cosse de  remplir\nles conditions  ou  do  rospecter  les obligations  mentionn\u00e9es  aux  4\u00b0 ot 6\u00b0 de  l'article\n/R7232417  ou  qui  m\u00e9connait les  obligations  d\u00e9finies \u00e0  l'article R7232-19  du  code  du travail,\nToute  modification concernant is structure d\u00e9clar\u00e9e ou los activit\u00e9s exerc\u00e9es devra, sous\npaie  de  reai  dela  d\u00e9claration, fare  Tobjet une  d\u00e9caraion  modficatve  aupr\u00e9s  de  TUnite\nd\u00e9partementale  des  Hauts-de-Seine\nLe  pr\u00e9sent r\u00e9c\u00e9piss\u00e9 sera pubi\u00e9  au recueil des actes administratifs de a  pr\u00e9fecure des  Hauts-\nde-Seine\nFait \u00e0 Nanterre, le 17 novembre  2025,\nPour  le Pr\u00e9tet\nPar  d\u00e9l\u00e9gation  et subd\u00e9l\u00e9gation\nLa  Responsable  du  service\nD\u00e9veloppement  de  l'emploi  et des\ncomp\u00e9tences\n\nEs  Direction  r\u00e9gionale  et interd\u00e9partementale\nMINIST\u00c8RE de l'\u00e9conomie, de l'emploi,\nDU  TRAVAIL,  DE  LA  SANT\u00c9,  du travailet des solidarit\u00e9s\nDES  SOLIDARIT\u00c9S\nET  DES  FAMILLES\nA\nR\u00e9c\u00e9piss\u00e9  n\u00b02025-623  de  d\u00e9claration  d'activit\u00e9s  de  services  \u00e0 la personne\n\"enregistr\u00e9e  sous le n\u00b0 SAP993418793  au  nom  de  la micro-entreprise  PHILIPPE\nNOEMIE  sise  19  Avenue  Georges  Clemenceau  \u00e0 SCEAUX  (92330)\nLE  PREFET  DES  HAUTS-DE-SEINE\nVu  la loi n\u00b0 2010-859  du  23  jullet 2010  relative aux  r\u00e9seaux  consuiaires, au  commerce et \u00e0\nl'artisanat ot aux  services  (article 31):\nVu  la loi n\u00b020151776  du  28  d\u00e9cembre  2015  relative \u00e0 l'adaptation de  la soci\u00e9t\u00e9  au\nviiissement\nVu  l'article D7231-1  du  Code du  travail;\nVu  les d\u00e9crets  n\u00b0 2011-1132  et n\u00b0 2011-1133  du  20  septembre  2011  modifiant  certaines\ndispositions du Code  du  travail, relatives au  ch\u00e8que  emploi-service  universel et aux\nservices \u00e0 la personne\nVu  le d\u00e9cret  n\u00b02016-750 du  8 juin  2016  reat  \u00e0  la iste  des  activit\u00e9s  de  services  \u00e0  la personne\nsoumises  \u00e0 agr\u00e9ment  ou  \u00e0 autorisation dans le cadre  du  r\u00e9gime  commun  dela  d\u00e9claration\nVu  le d\u00e9cret du  31  octobre  2024  portant  nomination  de  Monsieur  Alexandre  BRUGERE,  en\nqualit\u00e9 de Pr\u00e9fet des  Hauts-de-Seine\nVu  l'arr\u00eat\u00e9 interminist\u00e9riel  du  12  ao\u00fbt  2025  nommant  Monsieur  Fabrice  MASI,  Directeur\nr\u00e9gional  et  interd\u00e9partemental de  l'\u00e9conomie,  de  'emplo,  du  travail et des  soidart\u00e9s  dle\nde-France  \u00e0  compter du 25  ao\u00fbt  2025  ;\nVu  l'arr\u00eat\u00e9 pr\u00e9fectoral  n\u00b02028-33  du  22  ao\u00fbt  2025  par  lequel  le Pr\u00e9fet  des  Hauts-de-Seine\nd\u00e9l\u00e8gue  sa  signature  \u00e0 Monsieur  Fabrice  MASI,  Directeur  r\u00e9gional et interd\u00e9partemental\nde  l'\u00e9conomie, de  l'emploi du travail et des solidarit\u00e9s d'le-de-France ;\nVu  la d\u00e9cision  n\u00b0  2025-157  du  25  ao\u00fbt  2025  portant  subd\u00e9l\u00e9gation  de  signature  de  Monsieur\nFabrice  MASI,  Directeur  r\u00e9gional  et interd\u00e9partemental  de  l'\u00e9conomie,  de  l'emploi,  du\ntravail et des  soldari\u00e9s  dle-de-France,  aux  agents  de  l'Unit\u00e9 d\u00e9partementale  des  Hauts-\nde-Seine ;\nVu  la d\u00e9claration  'activit\u00e9s  de  services  \u00e0  la personne  d\u00e9pos\u00e9es  le 05  novembre  2025  au  nom\nde  la micro-entreprise  PHILIPPE  NOEMIE  sise  19  Avenue  Georges  Clemenceau  \u00e0\nSCEAUX  (82330) ;\n\n'Apr\u00e8s examen  du  dossier, cette demande  \u00e9tant conforme aux dispositions de  Fartice L. 7232-1-\n1 du code  du travail le pr\u00e9sent  r\u00e9c\u00e9piss\u00e9  de d\u00e9ciaration d'activit\u00e9s de services \u00e0 la personne\n\u00e9t\u00e9 enregistr\u00e9 au nom  de la micro-entreprise PHILIPPE  NOEMIE  sous  le num\u00e9ro  SAP\n1993415793,\nLes  activit\u00e9s d\u00e9clar\u00e9es  sont  les suivantes, \u00e0 l'exclusion de  toute  autre\n= Entrotion  de  la maison  et travaux  m\u00e9nagers  ;\nPrestations relevant du  b\u00e9n\u00e9fice de la r\u00e9duction d'imp\u00f4t pr\u00e9vue  \u00e0 l'article 199 sexdecies du Code\n(G\u00e9n\u00e9ral  des  Imp\u00f4ts.\nLa  structure  exerce  ces  activit\u00e9s  selon  le mode  suivant  : PRESTATAIRE\n'Sous  r\u00e9serve  d'\u00eatre exerc\u00e9es  ttre exclusf  par  le d\u00e9clarant  (ou  sous  r\u00e9serve  d'une  comptabit\u00e9\n's\u00e9par\u00e9e  pour  les personnes  morales  dispens\u00e9es  de  la condition  d'actvit\u00e9 exclusive), ces  activites\n'ouvrent droit au b\u00e9n\u00e9fice des dispostions des articles L. 7233-2 du code du traval et L 241-10\ndu  code  de  la s\u00e9curt\u00e9  sociale\n'Conform\u00e9ment  aux dispositions de  l'article R7232-19  du  code  du travail organisme  d\u00e9clar\u00e9 dot\nproduire au moins  chaque  trimestre un \u00e9tat d'activit\u00e9 et chaque  ann\u00e9e  un bilan quantitatif et\nqualitatif de activit\u00e9 exerc\u00e9e  au tire de  l'ann\u00e9e \u00e9coul\u00e9e  ainsi qu'un tableau statistique annuel.\nSi l'organisme  d\u00e9clar\u00e9  comporte  plusieurs \u00e9tablissements,  les \u00e9tats statistiques et le bilan annuel\ndistinguent  l'activit\u00e9 exerc\u00e9e  par  chaque  \u00e9tablissement\nLo  pr\u00e9sent  r\u00e9c\u00e9piss\u00e9  prend  effet le 05  novembre  2025.\nL'enroglstremont de la d\u00e9claration  pourra  \u00eatre rotir\u00e9si l'organisme  d\u00e9clar\u00e9 cesse  de romplir\nles conditions  ou  de  respecter  les obligations  mentionn\u00e9es  aux  4,5\u00b0 ot 6\u00b0 de  l'article\nR7232-17 ou  qui m\u00e9connait  les obligations d\u00e9finies \u00e0 article R7232-19 du code  du  travail.\n'Toute modification concernant la structure d\u00e9clar\u00e9e ou les activit\u00e9s axerctes devra\npaie  de  retat de  la G\u00e9caraton,  fare objet  d'une d\u00e9claration modicatve  aupr\u00e9s  de  FUnit\u00e9\n\u00e9parementale  des  Hauts-de-Seine\nLe pr\u00e9sent r\u00e9c\u00e9piss\u00e9 sera publi\u00e9 au recueil des  actes administratifsde la pr\u00e9fecture des  Hauts-\nde-Seine\nFait \u00e0  Nanterre,  le 17 novembre  2025.\nPar d\u00e9l\u00e9gation  et subd\u00e9l\u00e9gation\nLa  Responsable  du  service\nD\u00e9veloppement  de  l'emplol  et des\ncomp\u00e9tences\n\nEu  Direction  r\u00e9gionale et interd\u00e9partementale\nMINISTERE  de l'\u00e9conomie, de l'emploi,\nDU  TRAVAIL, DE  LA  SANT\u00c9,  du travail et des solidarit\u00e9s\nDES  SOLIDARIT\u00c9S\nET  DES  FAMILLES\nR\u00e9c\u00e9piss\u00e9  n\u00b02025-624  de  d\u00e9claration  d'activit\u00e9s de  services  \u00e0 la personne\nenregistr\u00e9e  sous  le n\u00b0 SAP983118628  au  nom  de  la micro-entreprise  Auriane\nMINAMO  sise  7 rue  Th\u00e9ophile  Gautier \u00e0 MONTROUGE  (92120)\nLE  PREFET  DES  HAUTS-DE-SEINE\nVu  la loi n\u00b0 2010-863  du  23  juilet 2010  relate  aux  r\u00e9seaux  consulaires,  au  commerce  et \u00e0\nl'aisanat et aux  services (article 31);\nVu  la loi n\u00b020151776  du  28  d\u00e9cembre  2015  relate  \u00e0 l'adaptation de  la soci\u00e9t\u00e9 au\nvellissement;\n'Vu l'aricie 07231-1  du  Code  du  travail;\n'Vu les d\u00e9crets  n\u00b0 2011-1132  et n\u00b0 2011-1133  du  20  septembre  2011  modifiant  certaines\ndispostions  du  Code  du  traval, relatives au  ch\u00e8que  emplo-service  universal  et aux\nservices  \u00e0  la personne ;\nVu  le d\u00e9cretn\u00b02016:750 du 6 juin 2016 relatif \u00e0 la iste des activites de services \u00e0 la personne\n'soumises \u00e0 agr\u00e9ment  ou  \u00e0 autorisation dans  le cadre  du  r\u00e9gime  commun  de a d\u00e9claration  ;\nVu  le d\u00e9cret  du  31 octobre  2024  portant  nomination  de  Monsieur  Alexandre  BRUGERE,  en\nquait\u00e9  de  Pr\u00e9fet des  Hauts-de-Seine  ;\nVu  l'ar\u00eat\u00e9 interminist\u00e9riel du  12 ao\u00fbt  2025  nommant  Monsieur  Fabrice  MASI,  Directeur\nr\u00e9gional et interd\u00e9partemental de l'\u00e9conomie, de l'emploi, du travail et des solidarit\u00e9s dle\nde-France  \u00e0  compter  du  25  ao\u00fbt  2025\nVu  l'arr\u00eat\u00e9 pr\u00e9fectoral n\u00b02025-33  du  22  ao\u00fbt  2025  par  lequel le Pr\u00e9fet des  Hauts-de-Seine\n'd\u00e9l\u00e8gue sa signature \u00e0 Monsieur  Fabrice MASI, Directeur r\u00e9gional et interd\u00e9partemental\nde  \u00e9conomie,  de l'emploi du travalet des soldart\u00e9s d'le-de-France;\nVu  la d\u00e9cision  n\u00b0 2025-157  du  25  ao\u00fbt  2025  portant subd\u00e9l\u00e9gation  de  signature  de  Monsieur\nFabrice  MASI,  Directeur  r\u00e9gional et interd\u00e9partemental  de  l'\u00e9conomie,  de  l'emploi. du\ntravail et des  soldart\u00e9s  dle-de-France,  aux  agents  de  Unit\u00e9  d\u00e9partementale  des  Hauts-\nde-Seine\nVu  la d\u00e9claration  d'activit\u00e9s de  services  \u00e0 la personne  d\u00e9pos\u00e9es  le 27  octobre  2025  au  nom\nde  la micro-enireprise  Auriane  MINAMO  sise 7  rue  Th\u00e9ophile  Gautier  \u00e0  MONTROUGE\n(92120);\n\n{Apr\u00e8s examen du dossier, cette demande  \u00e9tant conforme aux dispositions de article L. 7232-1\n1 du code du travail, le pr\u00e9sent r\u00e9c\u00e9piss\u00e9 de d\u00e9claration d activit\u00e9s de services \u00e0 la personne a\n\u00e9t\u00e9 enregistr\u00e9 au nom  de  la micro-entreprise Auriane  MINAMO  sous  le num\u00e9ro  SAP  9931  18629,\nLes  activit\u00e9s d\u00e9clar\u00e9es  sont  les suivantes, \u00e0 l'exclusion de  toute autre\n+ Soutien  scolaire  ou cours  \u00e0 domicile;\nPrestations relevant du  b\u00e9n\u00e9fice de la r\u00e9duction d'imp\u00f4t pr\u00e9vue  \u00e0 l'article 199  sexdecies  du Code\nG\u00e9n\u00e9ral  des  Iimpots.\nLa  structure  exerce  ces  activit\u00e9s  selon  lo mode  suivant  : PRESTATAIRE\nSous  r\u00e9serve d'\u00eatre exerc\u00e9es  \u00e0 tire exclus  par le d\u00e9clarant (ou sous  r\u00e9serve d'une comptabiit\u00e9\ns\u00e9par\u00e9e  pour les personnes  morales  dispens\u00e9es  de  la condition activit\u00e9 exclusive) ces activites\nouvrent droit au b\u00e9n\u00e9fice des  dispositions des  articles L. 7233-2  du  code  du  travai et L. 241-10\n'du code  de la s\u00e9curt\u00e9  sociale.\nConform\u00e9ment  aux  dispositions de  Farticle R7232-19  du  code  du  traval, l'organisme d\u00e9ciar\u00e9 doit\nproduire au moins chaque timestre un \u00e9tat d'activit\u00e9 et chaque ann\u00e9e un bilan quanttat et\n'qualtaf  de  l'activit\u00e9 exerc\u00e9e au  titre de  l'ann\u00e9e  \u00e9coul\u00e9e  ainsi qu'un  tableau  statistique annuel.\nSi organisme  d\u00e9ciar\u00e9  comport  plusieurs  \u00e9tablissements,  les \u00e9tats statistiques et le bilan annuel\ndistinguent  l'actit\u00e9 exerc\u00e9e par chaque  \u00e9tablissement\nLe pr\u00e9sent  r\u00e9c\u00e9piss\u00e9  prend  effet le 27 octobre  2025.\nL'enregistrement de la d\u00e9claration pourra \u00eatre retir\u00e9 si l'organisme d\u00e9clar\u00e9 cesse  de remplir\nles conditions  ou  de  respecter  les obligations mentionn\u00e9es  aux  4',5\u00b0 et 6\u00b0 de  l'article\n7232-17  ou  qui m\u00e9connalt  les obligations d\u00e9finies \u00e0 article R7232-19  du  code  du  traval\npeine de retrat dela G\u00e9caraon, faire Tobjet dune d\u00e9caration modficatve aupr\u00e8s de FUnt\u00e9\n'd\u00e9partementale  des  Hauts-de-Seine.\nLe pr\u00e9sent r\u00e9c\u00e9piss\u00e9 sera publi\u00e9 au recuel des  actes administratifs de  la pr\u00e9fecture des  Hauts-\nde- Seine\nFait \u00e0 Nanterre,  le 17 novembre 2025,\nPour  le Pr\u00e9fet\nPar d\u00e9l\u00e9gation  ot subd\u00e9l\u00e9gation\nLa  Responsable  du  service\nD\u00e9veloppement  de  l'emploi  et des\ncomp\u00e9tences\nwalecont\n\nEu  Direction  r\u00e9gionale et interd\u00e9partementale\nde  l'\u00e9conomie,  de  l'emploi,\nDOYRAVL, DE LA SANT\u00c9, du travall et des soldantes\nDES  SOLIDARIT\u00c9S\nET  DES  FAMILLES\nme\nR\u00e9c\u00e9piss\u00e9  n*2025-625  de  d\u00e9claration  d'activit\u00e9s de  services  \u00e0 la personne\nenregistr\u00e9e  sous le n\u00b0 SAP993355692  au nom  de la micro-entreprise Malo\nDELAPORTE  sise  88  Route  De  la Reine  \u00e0 BOULOGNE-BILLANCOURT  (92100)\nLE  PREFET  DES  HAUTS-DE-SEINE\nVu  la loi n\u00b0 2010-853  du  23  juillet 2010  relative aux  r\u00e9seaux  consulaires, au  commerce  et \u00e0\nFartisanat ot aux  services  (article 31);\nVu  la loi n\u00b02015-1776  du  28  d\u00e9cembre  2015  relative \u00e0\nviilissement\nVu  l'article 07231-1  du  Code  du  travail\nVu  les d\u00e9crets  n\u00b0 2011-1132  et n\u00b0 2011-1133  du  20  septembre  2011  modifiant  certaines\ndispositions du Code  du  traval, relatives au ch\u00e8que  emplol-service universel et aux\n'services \u00e0 la personne  ;\nVu  le d\u00e9cret n\u00b02016-750  du 6 juin 2016 relat \u00e0 la liste des activites de services \u00e0 la personne\nsoumises  \u00e0 agr\u00e9ment  ou  autorisation  dans le cadre  du  r\u00e9gime  commun  de la d\u00e9claration ;\nVu  le d\u00e9cret du 31 octobre 2024  portant nomination de Monsieur  Alexandre  BRUGERE,  en\nqualit\u00e9 de Pr\u00e9fet des Hauts-de-Seine ;\njaptation de  la soci\u00e9t\u00e9  au\nVu  l'\u00e9t\u00e9  interminist\u00e9riel du 12 ao\u00fbt 2025  nommant  Monsieur  Fabrice MASI,  Directeur\nr\u00e9gional  etiterd\u00e9partemental  de  l'\u00e9conomie,  de  l'emploi, du  travailet des  solidarit\u00e9s d'le-\nde-France  \u00e0  compter  du  25  ao\u00fbt  2025  ;\nVu  l'ar\u00eat\u00e9 pr\u00e9fectoral n'2025-33  du  22  ao\u00fbt  2025  par  lequel le Pr\u00e9fet des  Hauts-de-Seine\nd\u00e9l\u00e8gue  sa signature  \u00e0 Monsieur  Fabrice  MASI,  Directeur  r\u00e9gional et Iterd\u00e9partemental\n'de l'\u00e9conarmie, de l'emploi du traval et des solidarit\u00e9s d'\u00cele-de-France ;\n'Vu la d\u00e9cision n\u00b0 2026-187  du 25 ao\u00fbt 2025  portant subd\u00e9l\u00e9gation de signature de  Monsieur\nFabrice  MASI,  Directeur  r\u00e9gional et interd\u00e9partemental  de  l'\u00e9conomie, de  l'emploi, du\ntravail et des  solidarit\u00e9s dle-de-France,  aux  agents  de  l'Unit\u00e9 d\u00e9partementale  des  Hauts-\nde-Seine  ;\nVu  la d\u00e9claraton activit\u00e9s de services \u00e0 la personne  d\u00e9pos\u00e9es  le 04 novembre  2025 au nom\nde  la micro-entreprise  Malo  DELAPORTE  sise 88  Route  De  la Reine  \u00e0 BOULOGNE-\nBILLANCOURT  (92100)\n\n'Apr\u00e8s examen  du  dossier, cette demande  \u00e9tant conforme  aux  dispositions de  article L 7232-1\n1 du code du travail, le pr\u00e9sent r\u00e9c\u00e9piss\u00e9 de d\u00e9ciaration d activites de services \u00e0 la personne a\n\u00e9t\u00e9 enregistr\u00e9 au nom  de  la micro-entreprise Malo  DELAPORTE  sous  le num\u00e9ro  SAP\n1993355602,\nLes  activit\u00e9s d\u00e9clar\u00e9es  sont les suivantes,  \u00e0 l'exclusion de  toute  autre\n= Soutien  scolaire  ou  cours  \u00e0  domicile  ;\nPrestations relevant du b\u00e9n\u00e9fice de a  r\u00e9duction d'imp\u00f4t pr\u00e9vue \u00e0 l'artcie 199 sexdecies du Code\nG\u00e9n\u00e9ral  des  Impets.\nLa structure exerce  ces  activit\u00e9s solon  le mode  suivant :PRESTATAIRE\n'Sous r\u00e9serve d'\u00eatre exerc\u00e9es  \u00e0 tre  exclusif par le d\u00e9ciarant (ou sous  r\u00e9serve d'une comptabiit\u00e9\n's\u00e9par\u00e9e pour les personnes  morales dispens\u00e9es  de La condition d'activit\u00e9 exclusive). ces activit\u00e9s\nouvrent drot au b\u00e9n\u00e9fice des dispositions des articles L. 7233-2 du code du travail et L. 241-10\ndu  code  de  la s\u00e9curit\u00e9 sociale\n(Conform\u00e9ment aux dispositions de  l'article R7232-19 du code du travail, l'organisme d\u00e9clar\u00e9 doit\nproduire au moins chaque  trimestre un \u00e9tat d'actit\u00e9 et chaque ann\u00e9e  un bilan quanstatt et\nualtatf de activit\u00e9 exerc\u00e9e au tive de l'ann\u00e9e \u00e9coul\u00e9e ainsi qu'un tableau statistique annuel.\nSi l'organisme d\u00e9clar\u00e9 comport  plusieurs \u00e9tablissements, les tats statistiques et le bilan annuel\ndistinguent  l'activit\u00e9 exerc\u00e9e  par  chaque  \u00e9tablissement\nLe  pr\u00e9sent  r\u00e9c\u00e9piss\u00e9  prend  effet le 04  novembre  202\nL'enroglstremont de la d\u00e9claration pourra  \u00eatre retir\u00e9 si l'organisme  d\u00e9clar\u00e9 cesse  derempli\nles conditions  ou  de  respecter  les obligations mentionn\u00e9es  aux  4\u00b0,5\u00b0 et 6\u00b0 de  l'article\n7232.17 ou  qui m\u00e9connait  les obligations d\u00e9finies \u00e0 article R7232-19  du code  du  travail.\nToute modification concernant a structure d\u00e9clar\u00e9e ou les activit\u00e9s exerc\u00e9es devra. sous\npaie  de reat  dela  d\u00e9caraton, fae  Tobjet une  d\u00e9ciaration modifatve  aupr\u00e9s de FUnit\u00e9\nG\u00e9partementae des  Hauts-de-Seine\nLe pr\u00e9sent r\u00e9c\u00e9piss\u00e9 sera publi\u00e9 au recuell des actes administratifsde la pr\u00e9fecture des  Hauts-\nde-Seine.\nFait \u00e0  Nanterre, le 17 novembre  2026,\nPar d\u00e9l\u00e9gation  et subd\u00e9l\u00e9gation\nLa  Responsable  du service\nD\u00e9veloppement  de  l'emploi  et des.\ncomp\u00e9tences.\n\nEx  Direction  r\u00e9gionale  et  interd\u00e9partementale\nMINIST\u00c8RE  de l'\u00e9conomie, de l'emploi,\nDU  TRAVAIL,  DE  LA  SANT\u00c9,  'du travail et des solidarit\u00e9s\nDES  SOLIDARIT\u00c9S\nET  DES  FAMILLES\nese\nR\u00e9c\u00e9piss\u00e9  n*2025-626  de  d\u00e9claration  d'activit\u00e9s de  services \u00e0 la personne\n\"enregistr\u00e9e  sous  le n\u00b0 SAP993461490  au nom  de  la micro-entreprise  FALL\nDAMEL-BIRIMA  sise  86  Bis  Rue  Martre  \u00e0 CLICHY  (92110)\nLE  PREFET  DES  HAUTS-DE-SEINE\nVu  la loi n\u00b0 2010-859  du  23  juilet 2010  relative aux  r\u00e9seaux  consulaires,  au  commerce et \u00e0\nl'artisanat  et aux  services  (article 31)\nVu  la li n\u00b02015-1776  du  28  d\u00e9cembre  2015  relative \u00e0 l'adaptation de  la soci\u00e9t\u00e9  au\nvieilissement ;\nVu  l'article D7231-1  du  Code  du  travail\nVu  les d\u00e9crets  n\u00b0 2011-1132  et n\u00b0 2011-1133  du  20  septembre  2011  modfant  certaines\ndispositions du  Code  du  travail, relatives au  ch\u00e8que  emploi-service  universel et aux\nservices \u00e0 la personne  ;\nVu  le d\u00e9cret n'2016-750 du 6 juin 2016  relat \u00e0  la iste des  activit\u00e9sde services  \u00e0 la personne\nsoumises  \u00e0 agr\u00e9ment  ou \u00e0 autorisation dans  le cadre  du r\u00e9gime  commun  dela  d\u00e9claration\n'Vu le d\u00e9cret du 31 octobre 2024  portant nomination de  Monsieur  Alexandre  BRUGERE,  en\nquait\u00e9 de Pr\u00e9fet des Hauts-de-Seine;\nVu  l'ar\u00f4t\u00e9  interminist\u00e9riel du  12 ao\u00fbt  2025  nommant  Monsieur  Fabrice  MASI,  Directeur\nr\u00e9gional  tinterd\u00e9partementa  de  l'\u00e9conomie,  de  l'emplo,  du  travail et des  soldartes  dl\nde-France  \u00e0 compter  du  25  ao\u00fbt  2025\nVu  l'ar\u00eat\u00e9 pr\u00e9fectoral n\u00b02025-33  du  22  ao\u00fbt  2025  par  lequel le Pr\u00e9fet des  Hauts-de-Seine\nd\u00e9l\u00e8gue  sa  signature  \u00e0  Monsieur  Fabrice  MASI,  Directeur  r\u00e9gional et interd\u00e9partemental\nde l'\u00e9conomie, de l'emploi, du travail et des solidarit\u00e9s d'\u00cele-de-France ;\nVu  la d\u00e9cision  n\u00b0  2025-157  du  25  ao\u00fbt  2025  portant  subd\u00e9l\u00e9gaion  de  signature  de  Monsieur\nFabrice  MASI,  Directeur  r\u00e9gional  et interd\u00e9partemental  de  l'\u00e9conomie,  de  l'emploi, du\ntraval et des  soldart\u00e9s  d'le-de-France,  aux  agents de  Unite  d\u00e9partementale  des  Hauts-\nde-Seine\n'Vu  la d\u00e9claration  d'activit\u00e9s  de  services  \u00e0 la personne  d\u00e9pos\u00e9es  le 05 novembre  2025  au  nom\nde  la micro-entreprise  FALL  DAMEL-BIRIMA  sise 86  Bis Rue  Martre  \u00e0  CLICHY  (82110)  ;\n\n'Apr\u00e8s examen  du dossier, cette demande  \u00e9tant conforme  aux dispositions de l'article L. 7232-1\n1 du  code  du  travail, le pr\u00e9sent  r\u00e9c\u00e9piss\u00e9  de  d\u00e9claration  d'activit\u00e9s de  services  \u00e0 la personne  a\n\u00e9t\u00e9  enregistr\u00e9  au  nom  de  la micro-entreprise  FALL  DAMEL-BIRIMA  sous  le num\u00e9ro  SAP\n93461400\nLes  activit\u00e9s d\u00e9clar\u00e9es sont les  suivantes, \u00e0 l'exclusion de toute autre\nEntretien  de  la maison  et travaux  m\u00e9nagers  ;\nPrestations  relevant  du b\u00e9n\u00e9fice  de la r\u00e9duction  d'imp\u00f4t  pr\u00e9vue  \u00e0 article 198  sexdecies  du Code\nG\u00e9n\u00e9ral  des  Impts.\nLa  structure  exerce  ces  activit\u00e9s  selon  le mode  suivant  :  PRESTATAIRE\n'Sous r\u00e9serve d'\u00eatre exerc\u00e9es  \u00e0 ttre exclus  parle d\u00e9clarant (ou sous  r\u00e9serve d'une comptabilit\u00e9\ns\u00e9par\u00e9e  pour  les personnes  morales  dispens\u00e9es  dela condition  d'activit\u00e9 exclusive). ces  activit\u00e9s\n'ouvrent drot  au  b\u00e9n\u00e9fice  des  dispositions des  articles L. 7233-2  du  code du traval et L 241-10\ndu  code  de  a  s\u00e9curit\u00e9 sociale.\n{Conform\u00e9ment  aux  dispositions de  l'article R7232-19  du  code  du  travail, l'organisme  d\u00e9clar\u00e9  doit\nproduire au moins  chaque  trimestre un \u00e9tat dactivt\u00e9 et chaque ann\u00e9e  un bilan quanttatt et\nualtatif de activit\u00e9 exerc\u00e9e  au  tire de  l'ann\u00e9e  \u00e9coul\u00e9e  ainsi qu'un  tableau  statistique annuel.\nSi organisme  d\u00e9clar\u00e9  comport  plusieurs  \u00e9tablissements,  les \u00e9tats statistiques et le bilan annuel\ndistinguent  l'activit\u00e9 exerc\u00e9e  par  chaque  \u00e9tablissement\nLe  pr\u00e9sent  r\u00e9c\u00e9piss\u00e9  prend  effet le 05  novembre  2025.\nL'enrogistrement de la d\u00e9claration pourra \u00eatre retir\u00e9 si l'organisme d\u00e9clar\u00e9 cesse  de remplir\nles conditions  ou  de  respecter  les obligations mentionn\u00e9es  aux  4',5\u00b0 et 6\u00b0 de l'article\nR7232-17  ou  qui  m\u00e9connait les obligations  d\u00e9finis \u00e0  l'article R7232-19  du  code  du  travail.\n'Toute modification concemant  la structure d\u00e9clar\u00e9e ou les activit\u00e9s exerctes devra, sous\npeine  de  retrat de  la G\u00e9ciara\u00eflon, fae  aber  d'une  d\u00e9ciaration  modieatve  aupr\u00e9s  de  (Unie\nd\u00e9partementale  des  Hauts-de-Seine.\nLe pr\u00e9sent r\u00e9\u00e9pis  sere pub  au revel  des  actos adinstratis  doa r\u00e9ecture  des  Haut\nde-Seine.\nFait  \u00e0  Nanterre,  le 17  novembre  2025.\nPour  le Pr\u00e9fet\nPar d\u00e9l\u00e9gation  ot subd\u00e9l\u00e9gation\nLa  Responsable  du  service\nD\u00e9veloppement  de  l'emploi  et\ncomp\u00e9tences\nsa coND\u00c9\n\nEE  Direction  r\u00e9gionale  et interd\u00e9partementale\nMINISTERE de l'\u00e9conomie, de l'emploi,\nDU  TRAVAIL,  DE LA SANT\u00c9,  'du travail et des solidarit\u00e9s\nDES  SOLIDARIT\u00c9S\nET  DES  FAMILLES\npu\nR\u00e9c\u00e9piss\u00e9  n\u00b02025-627  de  d\u00e9claration  d'activit\u00e9s de  services \u00e0 la personne\nenregistr\u00e9e  sous  le n\u00b0 SAP993288836  au  nom  de  la micro-entreprise  Imen\nBENMOUSSA  sise 1 Rue  Voltaire \u00e0 LEVALLOIS-PERRET  (92300)\nLE  PREFET  DES  HAUTS-DE-SEINE\nVu  la lo n\u00b0 2010-853  du  23  uilet  2010  relative aux  r\u00e9seaux  consulaires,  au  commerce et \u00e0\nFartisanat et aux  services  (article 31);\nVu  la loi n'2018-1776  du  28  d\u00e9cembre  2015  relative \u00e0 l'adaptation de  la soci\u00e9t\u00e9  au\nviilissement\nVu  l'aticie D7231-1  du  Code  du travail;\nVu  les d\u00e9crets  n\u00b0 2011-1132  et n\u00b0 2011-1133  du  20  septembre  2011  modifiant  certaines\ndispositions du  Code  du  travail, relatives au  ch\u00e8que  emplo-service  universel et aux\nservices  \u00e0 la personne\nVu  le d\u00e9cret  n\u00b02016-750 du 6 juin 2016  relat  \u00e0  la iste des  activit\u00e9s de services  \u00e0 la personne\nsoumises  4 agr\u00e9ment  ou \u00e0 autorisation dans le cadre du r\u00e9gime  commun  de la d\u00e9claration;\nVu  le d\u00e9cret du 31 octobre 2024  portant nomination de Monsieur  Alexandre  BRUGERE,  en\nqualt\u00e9 de Pr\u00e9fet des  Hauts-de-Seine\nVu  l'arr\u00eat\u00e9 interminist\u00e9riel du  12  ao\u00fbt  2025  nommant  Monsieur  Fabrice  MASI,  Directeur\nr\u00e9gional et interd\u00e9partemental  de  l'\u00e9conomie, de  l'emploi, du  travail et des  solidarit\u00e9s d'le-\n'de-France  \u00e0 compter  du  25  ao\u00fbt  2025 ;\nVu  l'arrt\u00e9 pr\u00e9fectoral n\u00b02025-33  du 22 ao\u00fbt 2025  par lequel le Pr\u00e9fet des  Hauts-de-Seine\nd\u00e9l\u00e8gue  sa signature \u00e0 Monsieur  Fabrice  MASI,  Directeur  r\u00e9gional  et interd\u00e9partement\nde l'\u00e9conomie, de l'emploi, du travail et des solidarit\u00e9s dlle-de-France ;\nVu  la d\u00e9cision  n\u00b0 2025-157  du  25  ao\u00fbt  2025  portant  subd\u00e9l\u00e9gation  de  signature  de  Monsieur\nFabrice  MASI,  Directeur  r\u00e9gional et interd\u00e9partemental  de  l'\u00e9conomie,  de  l'emploi, du\ntravail et des  solidant\u00e9s  d'le-de-France,  aux  agents  de  l'Unit\u00e9 d\u00e9partementale  des  Hauts-\nde-Seine  |\nVu  la d\u00e9claration d'activit\u00e9s de services \u00e0 la personne  d\u00e9pas\u00e9es  le 05 novembre  2025 au nom\nde  la micro-entreprise  Imen  BENMOUSSA  sise 1 Rue  Voltaire \u00e0  LEVALLOIS-PERRET\n82300) :\n\n'Apr\u00e8s examen  du dossier, cette demande  \u00e9tant conforme  aux  dispositionsde article L. 7232-1-\n1 du  code  du  traval, le pr\u00e9sent  r\u00e9c\u00e9piss\u00e9  de  d\u00e9claration  dactivites  de  services  \u00e0 la personne  a\n\u00e9t\u00e9 enregistr\u00e9 au  nom  de la micro-entreprise  Imen  BENMOUSSA  sous  le num\u00e9ro  SAP\n1993288836.\nLes  activit\u00e9s d\u00e9clar\u00e9es  sont  les suivantes,  \u00e0 l'exclusion de  toute  autre\nEntretien  de  la maison  et  travaux  m\u00e9nagers  ;\nPrestations relevant du b\u00e9n\u00e9fice de la r\u00e9duction d'imp\u00f4t pr\u00e9vue \u00e0 l'article 199 sexdecies du Code\n'General  des  Imp\u00f4ts.\nLa structure exerce  ces  activit\u00e9s selon  le mode  suivant : PRESTATAIRE\nSous  r\u00e9serve  d'\u00eatre exerc\u00e9es  \u00e0 titre exclusif parle  d\u00e9clarant  (ou  sous  r\u00e9serve  d'une  comptabilit\u00e9\n's\u00e9par\u00e9e pour les personnes  morales  dispens\u00e9es de la condition d'actvit\u00e9 exclusive), ces activit\u00e9s\n'ouvrent droit au b\u00e9n\u00e9fice des  dispositionsdes articles L. 7233-2  du code  du raval  et L  241-10\n{du code  de  la s\u00e9curt\u00e9  sociale.\n(Conform\u00e9ment  aux dispositions de  article R7232-19  du code  du  travail l'organisme d\u00e9clar\u00e9 doit\nproduire au moins  chaque  trimestre un \u00e9tat dactivit\u00e9 et chaque  ann\u00e9e  un  bilan quanttatt et\nQualtalf de l'acthit\u00e9 exerc\u00e9e  au tire de  l'ann\u00e9e \u00e9coul\u00e9e  ainsi qu'un tableau statistique annuel.\nSi l'organisme d\u00e9clar\u00e9 comporte  plusieurs \u00e9tablissements, les \u00e9tats statistiques et le bilan annuel\ndistinguent  l'activit\u00e9 exerc\u00e9e  par  chaque  \u00e9tablissement\nLe  pr\u00e9sent  r\u00e9c\u00e9piss\u00e9  prend  effet le 05  novembre  2025.\nL'enrogistremont de la d\u00e9claration pourra  \u00eatre retir\u00e9 si l'organisme  d\u00e9clar\u00e9 cesse  deremplir\nles conditions  ou  de  respecter  les obligations mentionn\u00e9es  aux  4',5\u00b0 et 6\u00b0 de  article\n7232-17  ou  qui m\u00e9connait  les obligations d\u00e9finies \u00e0 l'article R7232-19 du  code  du  travail.\neine  de retrait de la G\u00e9caraton, fare Tobjet d'une d\u00e9claration modieatve  aupr\u00e9s de FUni\u00e9\nd\u00e9partementale des Hauts-de-Seine.\nLe  pr\u00e9sent  r\u00e9c\u00e9piss\u00e9  sera  publi\u00e9 au  recuel  des  actes  administratifsde la pr\u00e9fecture  des  Hauts-\nde-Seine.\nFait \u00e0 Nanterre, le 17 novembre  2025,\nPour  lo Pr\u00e9fot\nPar d\u00e9l\u00e9gation et  subd\u00e9l\u00e9gation\nLa  Responsable  du  sorvice\nD\u00e9veloppement  de  empl et des\ncomp\u00e9tences\nlate\nMariama CONDE\n\n=n  Direction  r\u00e9gionale et interd\u00e9partementale\nMINIST\u00c8RE  de l'\u00e9conomie, de l'emploi,\nDU  TRAVAIL,  DE  LA SANT\u00c9,  du travall et des solidarit\u00e9s\nDES  SOLIDARIT\u00c9S\nET  DES  FAMILLES\niene\nR\u00e9c\u00e9piss\u00e9  n\u00b02025-628  de  d\u00e9claration  d'activit\u00e9s de  services  \u00e0 la personne\nenregistr\u00e9e  sous le n\u00b0 SAP993118702  au  nom  de  la micro-entreprise  Meg  RONDY\nsise  83  Bis  Rue  de  Villiers \u00e0 NEUILLY-SUR-SEINE  (92200)\nLE  PREFET  DES  HAUTS-DE-SEINE\nVu  la loi n\u00b0 2010-853  du  23  jullet 2010  relative aux  r\u00e9seaux  consulaires, au  commerce  et \u00e0\nl'artisanat et aux  services  (article 31);\nVu  la li n\u00b02015-1776  du  28  d\u00e9cembre  2015  relative \u00e0 l'adaptation de  la soci\u00e9t\u00e9  au\nviilissement ;\nVu  l'article D7231-1  du  Code  du travail;\nVu  les d\u00e9crets n\u00b0 2011-1132  et n\u00b0 2011-1133  du 20  septembre  2011  modifiant certaines\ndispositions du  Code  du  traval, relatives au  ch\u00e8que  emploi-service  universel et aux\nservices  \u00e0  la personne\n'Vu le d\u00e9cret  n\u00b02016:750  du 6 juin 2016 relatif \u00e0 la liste des  activit\u00e9s de services \u00e0 la personne\nsoumises  \u00e0 agr\u00e9ment ou \u00e0 autorisation dans  le cadre du r\u00e9gime  commun  dela  d\u00e9claration\nVu  le d\u00e9cret  du  31 octobre  2024  portant  nomination  de  Monsieur  Alexandre  BRUGERE,  en\nqualt\u00e9 de Pr\u00e9fet des  Hauts-de-Seine  ;\nVu  l'\u00e9t\u00e9  interminist\u00e9riel du  12  ao\u00fbt  2025  nommant  Monsieur  Fabrice  MASI,  Directeur\nr\u00e9gionalet intord\u00e9partemental de l'\u00e9conomie, de l'emploi, du travailet des soidart\u00e9s dle\n'de-France  \u00e0 compter  du  25  ao\u00fbt  2025\nVu  l'ar\u00e8t\u00e9 pr\u00e9fectoral n\u00b02025-33  du  22  ao\u00fbt  2025  par  lequel le Pr\u00e9fet des  Hauts-de-Seine\nd\u00e9l\u00e8gue  sa signature  \u00e0 Monsieur  Fabrice  MASI,  Directeur  r\u00e9gional et interd\u00e9partemental\nde l'\u00e9conomie, de l'emploi, du travail et des soldarites d'\u00cele-de-France;\nVu  la d\u00e9cision  n\u00b0 2025-157  du  25  ao\u00fbt  2025  portant  subd\u00e9l\u00e9gation de signature  de  Monsieur\nFabrice  MASI,  Directeur  r\u00e9gional et interd\u00e9partemental  de l'\u00e9conomie, de  l'emploi, du\ntravailet des solidai\u00e9s  dlle-de-France,  aux agents de l'Unit\u00e9 d\u00e9partementale  des  Hauts-\nde-Seine\n'Vu la d\u00e9claration  d'activit\u00e9s de  services  \u00e0 la personne  d\u00e9pos\u00e9es  le 27  octobre  2025  au  nom\nde  la micro-entreprise  Meg  RONDY  sise 83  Bis Rue  de  Villers \u00e0  NEUILLY-SUR-SEINE\n(82200)  ;\n\nApr\u00e8s  examen  du  dossier, cette demande  \u00e9tant conforme  aux  dispostions  de  l'article L  7232-1-\n1 du  code du  traval,  le pr\u00e9sent  r\u00e9c\u00e9piss\u00e9  de  d\u00e9claration  d'activit\u00e9s  de  services  \u00e0  la personne  a\n\u00e9t\u00e9 enregistr\u00e9  au  nom  de  a  micro-entreprise  Meg  RONDY  sous  le num\u00e9ro  SAP  9931  18702.\nLes  activit\u00e9s d\u00e9clar\u00e9es  sont  les suivantes, \u00e0 l'exclusion de  toute  autre\n= Soutien  scolaire  ou  cours  \u00e0  domicile  ;\nPrestations  relevant du  b\u00e9n\u00e9fice  de la r\u00e9duction  d'imp\u00f4t  pr\u00e9vue \u00e0 l'article 199  sexdecies du Code\n'G\u00e9n\u00e9ral  des  Imp\u00f4ts.\nLa  structure  exerce  ces  activit\u00e9s  selon  le mode  suivant : PRESTATAIRE\nSous  r\u00e9serve  d'\u00eatre exerc\u00e9es  \u00e0 titre exclus  par  le d\u00e9clarant  (ou  sous  r\u00e9serve  d'une  comptabiit\u00e9\n's\u00e9par\u00e9e  pour  les personnes  morales  dispens\u00e9es  de  a  condition  d'activit\u00e9 exclusive), ces  activit\u00e9s\n'ouvrent droit au b\u00e9n\u00e9fice des  dispositions des  articles L. 7233-2  du code  du traval et L 261-10\ndu  code  de  la s\u00e9curt\u00e9  sociale.\n{Conform\u00e9ment  aux  dispositions de l'article R7232-19  du code  du travail l'organisme d\u00e9clar\u00e9 doit\nproduire au moins  chaque  trimestre un \u00e9tat dactivt\u00e9 et chaque  ann\u00e9e  un bilan quanttatt et\nualtatf de Tactvite exerc\u00e9e  au tive de  l'ann\u00e9e \u00e9coul\u00e9e  ainsi qu'un tableau statistique annuel.\nSi l'organisme  d\u00e9clar\u00e9  comporte  plusieurs  \u00e9tablissements,  les tats  statistiques et le bilan annuel\ndistinguent  l'activit\u00e9 exerc\u00e9e  par  chaque  \u00e9tablissement\nLe  pr\u00e9sent  r\u00e9c\u00e9piss\u00e9  prend  effet le 27 octobre  2026.\nL'enregistrement de la d\u00e9claration  pourra \u00eatre retir\u00e9 si l'organisme d\u00e9clar\u00e9  cos\nlas conditions  ou  de  respecter  les obligations mentionn\u00e9es  aux  4,5 et 6 de  l'arlcle\nR7232-17  ou  qui m\u00e9connait  les obligations d\u00e9finies \u00e0 article  R7232-19 du  code  du  travail.\nn es devra, sous\npeine de retrat de Ta d\u00e9claration, faire l'objet d'une d\u00e9claration maodicatwe  aupr\u00e9s  de  Unit\u00e9\nd\u00e9partementale  des  Hauts-de-Seine.\nLe  pr\u00e9sent  r\u00e9c\u00e9piss\u00e9  sera publi\u00e9 au recueil des  actes  administratifs de  la pr\u00e9fecture des  Hauts-\nde-Seine.\nFait \u00e0 Nanterre,  le 17  novembre  2025.\nLa  Responsable  du  service\nD\u00e9veloppement  de  l'emplol  et des.\ncomp\u00e9tences\n\nEs  Direction  r\u00e9gionale  et interd\u00e9partementale\nMINIST\u00c8RE de \u00e9conomie, de l'emplol,\nDU  TRAVAIL, DE LA SANT\u00c9, du travall et des solidarit\u00e9s\nDES  SOLIDARIT\u00c9S\nET  DES  FAMILLES\nfeu\nR\u00e9c\u00e9piss\u00e9  n\u00b02025629  de  d\u00e9claration d'activit\u00e9sde services \u00e0 la personne\nenregistr\u00e9e sous  le n\u00b0 SAP992598904  au nom  de la micro-entreprise TOURE  EVE\nsise 1 Avenue  Albert Petit \u00e0 BAGNEUX  (92220)\nLE  PREFET  DES  HAUTS-DE-SEINE\nVu  la loi n\u00b0 2010-863  du 23  juillet 2010  relative aux r\u00e9seaux  consulaires, au commerce  ot \u00e0\nl'arisanat et aux  services (article 31);\nVu  la loi n\u00b020151776  du  28  d\u00e9cembre  2015  relative \u00e0 l'adaptation de  la soci\u00e9t\u00e9 au\nvieiissement\nVu  l'aile  D7231-1 du Code  du travail;\nles d\u00e9crets n\u00b0 2011-1132  et n\u00b0 2011-1133  du  20 septembre  2011  modifiant certaines\ndispositions du Code  du traval, relatives au ch\u00e8que  emplo-service  universel et aux\nservices  \u00e0 la personne ;\nVu  le d\u00e9cret n\u00b02016-750 du 6 juin 2016 relat la  iste des activites de services \u00e0 a  personne\nsoumises  \u00e0 agr\u00e9ment ou \u00e0 autorisationdans le cadre du r\u00e9gime commun  dela  d\u00e9claration ;\n\u00a3\n'Vu le d\u00e9cret du 31 octobre 2024 portant nomination de Monsieur Alexandre BRUGERE,  en\nqualt\u00e9 de  Pr\u00e9fet des  Hauts-de-Seine  ;\nVu  l'ar\u00e9t\u00e9 interminist\u00e9riel du 12 ao\u00fbt 2025  nommant  Monsieur  Fabrice MASI, Directeur\nr\u00e9gionalet interd\u00e9partemental de l'\u00e9conomie, de l'emploi, du travailet des solidarit\u00e9s dle-\n'de-France  \u00e0 compter  du  25  ao\u00fbt  2025\nVu  l'arr\u00e9t\u00e9 pr\u00e9fectoral n\u00b02026-33 du 22 ao\u00fbt 2025 par lequel le Pr\u00e9fet des Hauts-de-Seine\n'd\u00e9l\u00e8gue sa signature \u00e0 Monsieur  Fabrice MASI,  Directeur r\u00e9gional et interd\u00e9partemental\n'de l'\u00e9conomie, de l'emploi, du traval et des solidarit\u00e9s d'\u00cele-de-France\nVu  la d\u00e9cision n\u00b0 2025-157  du 25 ao\u00fbt 2026  portant subd\u00e9l\u00e9gation de  signature de  Monsieur\nFabrice MASI,  Directeur r\u00e9gional et interd\u00e9partemental de l'\u00e9conomie, de l'emploi, du\ntravail et des  soldant\u00e9s d'le-de-France, aux  agents  de l'Unit\u00e9 d\u00e9partementale  des  Hauts-\nde-Seine  ;\nVu  la d\u00e9claration activit\u00e9s de services \u00e0 la personne d\u00e9pos\u00e9es  le 7 novembre  2025  au nom\nde  la micro-entreprise TOURE  EVE  sise 1 Avenue  Albert Pett a BAGNEUX  (82220) ;\n\nApr\u00e8s  examen  du  dossier, cette demande  \u00e9tant conforme  aux  dispositions de  Particle L 7232-1-\n1 du  code du travail, le pr\u00e9sent  r\u00e9c\u00e9piss\u00e9  de declaration d'activit\u00e9s de services \u00e0 la personne  a\n\u00e9t\u00e9 enregistr\u00e9  au  nom  de  la micro-entreprise  TOURE  EVE  sous  le num\u00e9ro  SAP  992598004.\nLes  activit\u00e9s d\u00e9clar\u00e9es  sont  les suivantes, \u00e0 l'exclusion de  toute autre\nEntretien  de  la maison  et travaux  m\u00e9nagers  ;\nGarde  d'enfants de  plus  de  trois ans \u00e0 domicile;\nr\u00e9paration de  repas  \u00e0 domicile,  y compris  le temps  pass\u00e9  aux  courses  ;\nLivraison  de repas  \u00e0  domicile;\nLivraison  de  courses  \u00e0 domicik\nAccompagnement  des  enfants  de  plus  de  trois ans dans  leurs  d\u00e9placements  en\n'dehors  de  leur domicile  (promenades,  transports,  actes  de  la vie  courante);\n= Accompagnement  des.  personnes  'temporairement  d\u00e9pendantes  autres  que\npersonnes  \u00e2g\u00e9es,  handicap\u00e9es  ou  atteintes  de  pathologies  chroniques,  dans  leurs\nd\u00e9placements  on  dohors  de  leur domicile  (promenades,  aide \u00e0 la mobilit\u00e9 et au\ntransport,  actes  de  la vie  courante)  ;\n- Assistance  aux  personnes  autres que  personnes  \u00e2g\u00e9es,  handicap\u00e9es  ou  atteintes\n'de pathologies  chroniques  qui ont besoin  temporairement  je personnelle  \u00e0\nleur  domicile,  \u00e0 l'exclusion  des  soins  relevant  d'actes  m\u00e9dicaux  ;\nPrestations relevant du b\u00e9n\u00e9fice de  la r\u00e9duction d'imp\u00f4t pr\u00e9vue  \u00e0 article 199  sexdecies du Code\nG\u00e9n\u00e9ral  des  Imp\u00f4ts.\nLa  structure  exerce  ces  activit\u00e9s  selon  le mode  suivant : PRESTATAIRE\nSous  r\u00e9serve  d'\u00eatre exerc\u00e9es  \u00e0 ttre exclusit parle  d\u00e9clarant  (ou  sous r\u00e9serve  d'une  comptabilit\u00e9\ns\u00e9par\u00e9e  pour les personnes  morales dispens\u00e9es  de la condition d'activit\u00e9 exclusive), ces activites\nouvrent drot au b\u00e9n\u00e9fice des dispositions des  articles L. 7233-2  du code  du traval et L 241-10\ndu  code  de  la s\u00e9curit\u00e9 sociale\n{Conform\u00e9ment  aux  dispositions de  article R7232-19  du code  du  travail, l'organisme d\u00e9clar\u00e9 doit\nproduire au moins  chaque  trimestre un \u00e9tat dactivt\u00e9 et chaque  ann\u00e9e  un bilan quanttatt et\nualtatif de l'actu exerc\u00e9e au tive de l'ann\u00e9e \u00e9coul\u00e9e ainsi qu'un tableau statistique annuel.\nSi organisme  d\u00e9clar\u00e9 comport  plusieurs  \u00e9tablissements,  les \u00e9tats statistiques et le bilan annuel\ndistinguent  Factivite exerc\u00e9e  par  chaque  \u00e9tablissement,\nLo  pr\u00e9sent  r\u00e9c\u00e9piss\u00e9  prend  offet le 07 novembre  2025.\nL'enregistrement de la d\u00e9claration pourra  \u00eatre retir\u00e9 si l'organisme  d\u00e9clar\u00e9  cesse  de remplir\nles conditions  ou  de  respecter  les obligations  mentionn\u00e9es  aux  4',5\u00b0 ot 6\u00b0 de  l'article\nR7232-17  ou  qui  m\u00e9conna\u00eet  les obligations  d\u00e9finies  \u00e0  article  R7232-19 du  code  du  travail.\nDeine  de  retrat dela  d\u00e9claration, fare  Tobjet dune  d\u00e9caraen  mocicatve  aupr\u00e9s  de  FUnt\u00ae\nd\u00e9partementale  des  Hauts-de-Seine.\nLe  pr\u00e9sent  r\u00e9c\u00e9piss\u00e9 sera publi\u00e9  au recueil  des  actes  administratifs de\nde-Seine.\npr\u00e9fecture  des  Hauts-\nFait a Nanterre,  le 17 novembre  2025\nPour  le Pr\u00e9fet\nPar  d\u00e9l\u00e9gation  ot subd\u00e9l\u00e9gation\nLa  Responsable  du  service\nD\u00e9veloppement  de  l'emploi  et des\ncomp\u00e9tences\n(Gn'\nMayne CONDE\n\n=n  Direction  r\u00e9glonale et interd\u00e9partementale\nMINISTERE de l'\u00e9conomie, de l'emploi,\nDU  TRAVAIL,  DE  LA  SANT\u00c9,  du travail et des solidarit\u00e9s\nDES  SOLIDARIT\u00c9S\nET  DES  FAMILLES\nEn\nR\u00e9c\u00e9piss\u00e9  n\u00b02025-630  de  d\u00e9claration  d'activit\u00e9s de  services  \u00e0 la personne\nenregistr\u00e9e  sous  le n\u00b0 SAP990548893  au  nom  de  la micro-entreprise  Margo  DELPY\nsise  25  Rue  Raymond  Marcheron  \u00e0 VANVES  (92170)\nLE  PREFET  DES  HAUTS-DE-SEINE\nVu  la loi n\u00b0 2010-859  du 23  jullet 2010  relative aux r\u00e9seaux  consular\nl'artisanat et aux  services  (article 31)\nVu  la loi n\u00b02015-1776  du  28  d\u00e9cembre  2015  relative \u00e0 l'adaptation de la soci\u00e9t\u00e9 au\nveilissement ;\nVu  l'article D7231-1  du  Code  du  traval\nVu  les d\u00e9crets n\u00b0 2011-1132  et n\u00b0 2011-1133  du  20  septembre  2011  modiiant  certaines\ndispositions du Code  du travail, relatives au ch\u00e8que  emplo-service  universel et aux\nservices  \u00e0  la personne ;\nVu  le d\u00e9cret n\u00b02016-750  du 8 juin 2016 relat \u00e0 la iste des activit\u00e9s de services \u00e0 la personne\nsoumises \u00e0 agr\u00e9ment  ou \u00e0 autorisation dans le cadre  du  r\u00e9gime  commun de la d\u00e9claration ;\n'Vu le d\u00e9cret du 31 octobre 2024  portant nomination de Monsieur  Alexandre  BRUGERE,  en\nqualt\u00e9 de Pr\u00e9fet des Hauts-de-Seine ;\nVu  l'ar\u00e9t\u00e9 interminist\u00e9riel du 12 ao\u00fbt 2025  nommant  Monsieur  Fabrice MASI,  Directeur\nr\u00e9gionalet interd\u00e9partemental de l'\u00e9conomie, de l'emploi, du travail et des solidarit\u00e9s d'\u00cele-\nde-France  \u00e0  compter  du  25  ao\u00fbt  2025\nVu  l'arr\u00eat\u00e9 pr\u00e9fectoral n\u00b02025-33  du 22 ao\u00fbt 2025  par lequel le Pr\u00e9fet des  Hauts-de-Seine\n'd\u00e9l\u00e8gue  sa  signature  \u00e0 Monsieur  Fabrice  MASI,  Directeur  r\u00e9gional et interd\u00e9partemental\n'de l'\u00e9conomie, de l'emploi, du traval et des solidart\u00e9s d'l-de-France ;\nVu  la d\u00e9cision n\u00b0 2025-187  du 25 ao\u00fbt 2025  portant subd\u00e9l\u00e9gation de  signature de  Monsieur\nFabrice MASI,  Directeur r\u00e9gional et interd\u00e9partemental de l'\u00e9conomie, de  l'emploi. du\ntravail et des  soldart\u00e9s  d'le-de-France, aux  agents  de  l'Unit\u00e9 d\u00e9partementale  des  Hauts-\nde-Seine\nVu  la d\u00e9claration d'actit\u00e9s de  services \u00e0 la personne  d\u00e9pos\u00e9es le 31 ao\u00fbt 2025  au nom  de\nLa micro-entreprise  Margo  DELPY  sise 25  Rue  Raymond  Marcheron  \u00e0  VANVES  (82170)  ;\n\n'Apr\u00e8s examen  du dossier, cette demande  \u00e9tant conforme  aux  dispositions de l'article L. 7232-1\n1 du  code  du  traval  le pr\u00e9sent  r\u00e9c\u00e9piss\u00e9  de  d\u00e9claration  dactivit\u00e9s  de  services  \u00e0 la personne  a\n\u00e9t\u00e9 enregistr\u00e9 au nom  de  la micro-entreprise Margo  DELPY  sous  le num\u00e9ro  SAP  990548893.\nLes  activit\u00e9s d\u00e9clar\u00e9es  sont les suivantes,  \u00e0 l'exclusion de  toute autre\n= Soutien  scolaire  ou  cours \u00e0 domicile  ;\nPrestations relevant du b\u00e9n\u00e9fice de  la r\u00e9duction d'imp\u00f4t pr\u00e9vue \u00e0 l'article 199 sexdecies du Code\nG\u00e9n\u00e9ral  des  impets.\nLa  structure  exerce  ces  activit\u00e9s  selon  le mode  suivant :  PRESTATAIRE\n'Sous r\u00e9serve d'\u00eatre exerc\u00e9es atre  exclus par le d\u00e9clarant (ou sous  r\u00e9serve d'une comptabilit\u00e9\ns\u00e9par\u00e9e  pour  les personnes  morales  dispens\u00e9es  dela condition d'activit\u00e9 exclusive). ces  activit\u00e9s\nouvrent drot au b\u00e9n\u00e9fice des  dispositionsdes articles L. 7233-2  du  code  du travail et L. 241-10\ndu  code  de la s\u00e9curit\u00e9 sociale\n{Conform\u00e9ment  aux  dispositions de  l'article R7232-19  du code  du  travail, l'organisme d\u00e9ciar\u00e9 doit\nproduire au moins  chaque  trimestre un \u00e9tat dactvit\u00e9 et chaque  ann\u00e9e un bilan quanttatt et\nqualitatifde Tactivi\u00e9 exerc\u00e9e  au  tire de l'ann\u00e9e \u00e9coul\u00e9e  ainsi qu'un  tableau  statistique annuel.\nSi l'organisme d\u00e9clar\u00e9 comport  plusieurs \u00e9tablissements, les \u00e9tats statistiques et le bilan annuel\ndistinguent  l'activit\u00e9 exerc\u00e9e  par  chaque  \u00e9tablissement\nLo  pr\u00e9sent  r\u00e9c\u00e9piss\u00e9  prend  effet le 31 ao\u00fbt  202:\nL'enregistrement de la d\u00e9claration pourra \u00eatre retir\u00e9 si l'organisme  d\u00e9clar\u00e9 cesse de remplir\nles conditions  ou  de  respecter  les obligations  mentionn\u00e9es  aux  4',5\u00b0 ot 6\u00b0 de  l'article\nR7232-17 ou qui m\u00e9connait les obligations d\u00e9finis \u00e0 article R7232-19 du  code  du  travail.\npeine de etat  de la G\u00e9ciaraton, fare Tebjet d'une d\u00e9claration modeste  aupr\u00e9s  de [Unit\u00e9\n'd\u00e9partementale  des  Hauts-de-Seine.\nLe  pr\u00e9sent r\u00e9c\u00e9piss\u00e9 sera publi\u00e9 au recueil des actes administratifs de la pr\u00e9fecture des Hauts.\nde-Seine.\nFat  \u00e0 Nanterre,  le 17  novembre  2025.\nPour  le Pr\u00e9fet\nPar d\u00e9l\u00e9gation  ot subd\u00e9l\u00e9gation\nLa  Responsable  du  service\nD\u00e9veloppement  de  l'emploi  ot des.\n\nEn  Direction  r\u00e9gionale et  interd\u00e9partementale\nMINISTERE  de l'\u00e9conomie, de l'emploi,\nDU  TRAVAIL,  DE  LA  SANT\u00c9,  du travail et des solidarit\u00e9s\nDES  SOLIDARIT\u00c9S\nET  DES  FAMILLES\nA\nR\u00e9c\u00e9piss\u00e9  n\u00b02025-631  de  d\u00e9claration  d'activit\u00e9s  de  services \u00e0 la personne\nenregistr\u00e9e  sous  le n\u00b0 SAP992689612  au  nom  de  la micro-entreprise  VARLET\nKEVIN  sise  6 Rue  de la R\u00e9sistance  \u00e0 NANTERRE  (92000)\nLE  PREFET  DES  HAUTS-DE-SEINE\n'Vu la oi n\u00b0 2010-863 du  23 jullet 2010  relative aux  r\u00e9seaux  consulaires, au commerce  et \u00e0\nFartisanat et aux  services  (article 31)\nVu  la loi n\u00b02018-1776  du  28  d\u00e9cembre  2015  relative \u00e0 l'adaptation de  la soci\u00e9t\u00e9  au\nviilissement ;\nVu  l'aricle 07231-1  du  Code  du  travail\nVu  les d\u00e9erets  n\u00b0 2011-1132  et n\u00b0 2011-1133  du  20  septembre  2011  modifiant  certaines\ndispostions  du  Code  du  travail, relatives au  ch\u00e8que  emploi-service  universel et aux\n'services \u00e0 la personne ;\nVu  le d\u00e9cret  n\u00b02016-750  du  6 jin  2016  relat  \u00e0 la listo des  activit\u00e9s de  services  \u00e0 la personne\nsoumises  \u00e0 agr\u00e9ment ou  autorisation dans le cadre du  r\u00e9gime  commun  de a d\u00e9claration  ;\nVu  le d\u00e9cret du 31 octobre 2024  portant nomination de  Monsieur  Alexandre  BRUGERE,  en\nquait\u00e9 de Pr\u00e9fet des Hauts-de-Seine ;\nVu  l'arr\u00e8t\u00e9 intermiist\u00e9rel du 12 ao\u00fbt 2025  nommant  Monsieur  Fabrice MASI,  Directeur\nr\u00e9gional tinterd\u00e9partementalde l'\u00e9conomie,de l'emploi, du travail et des solidarit\u00e9sdle\nde-France  \u00e0  compter  du  25  ao\u00fbt  2025  ;\nVu  l'arr\u00eat\u00e9 pr\u00e9fectoral n'2025-33  du  22  ao\u00fbt  2025  par  lequel le Pr\u00e9fet des  Hauts-de-Seine\n'd\u00e9l\u00e8que  sa  signature  \u00e0 Monsieur  Fabrice  MASI,  Directeur  r\u00e9gional et interd\u00e9partemental\n'de l'\u00e9conomie, de  l'emploi, du travail et des  solidartes d'le-de-France  ;\nVu  la d\u00e9cision  n\u00b0 2025-157  du  25  ao\u00fbt  2025  portant subd\u00e9l\u00e9gation  de  signature de Monsieur\nFabrice  MASI,  Directeur  r\u00e9gional et interd\u00e9partemental  de  l'\u00e9conomie, de  l'emploi, du\ntravail et des  soldart\u00e9s  dle-de-France,  aux  agents  de  Unite  d\u00e9partementale  des  Hauts-\nde-Seine\nVu  la d\u00e9claration d'activit\u00e9s de services \u00e0 la personne  d\u00e9pos\u00e9es  le 2 novembre  2025  au nom\nde  la micro-entreprise  VARLET  KEVIN  sise 6  Rue  de  la R\u00e9sistance  \u00e0 NANTERRE\n(@2000)\n\nApr\u00e8s  examen  du  dossier, cette  demande  \u00e9tant conforme  aux  dispostions de l'articleL. 7232-1-\n1 du  code  du  travail, le pr\u00e9sent  r\u00e9c\u00e9piss\u00e9  de  d\u00e9claration  d'activit\u00e9s de  services  \u00e0 la personne a\n\u00e9t\u00e9  enregistr\u00e9 au  nom  de  la micro-entreprise  VARLET  KEVIN  sous  le num\u00e9ro  SAP  982689612.\nLes  activit\u00e9s  d\u00e9clar\u00e9es  sont  les  suivantes,  \u00e0 l'exclusion  de  toute  autre\nEntretien  de  la maison  et travaux  m\u00e9nagers  ;\nPrestations  relevant du  b\u00e9n\u00e9fice  de  la r\u00e9duction  d'imp\u00f4t  pr\u00e9vue  article 199  sexdecies  du  Code\n'G\u00e9n\u00e9ral  des  Imp\u00f4ts.\nLa  structure  exerce  ces activit\u00e9s  selon  le mode  suivant :  PRESTATAIRE\n'Sous  r\u00e9serve  d'\u00eatre exerc\u00e9es  \u00e0 tire exclusif par  le d\u00e9clarant  (ou  sous  r\u00e9serve  d'une  comptabiit\u00e9\ns\u00e9par\u00e9e  pour les personnes morales dispens\u00e9es de la conditon d'actt\u00e9 exclusive), ces activit\u00e9s\n'ouvrent  droit au b\u00e9n\u00e9fice  des  dispositions des articles L. 7233-2 du code  du  travail et L  241-10\n'du code  de  la s\u00e9curt\u00e9  sociale,\n(Conform\u00e9ment  aux  dispositions de  article R7232-19  du  code  du  travail l'organisme d\u00e9clar\u00e9  doit\nproduire au moins chaque  trimestre un \u00e9tat dactivte et chaque ann\u00e9e  un bilan quanttat et\nualtalf  de activit\u00e9 exerc\u00e9e  au tire de  l'ann\u00e9e \u00e9coul\u00e9e  ainsi qu'un tableau statistique annuel.\nSi l'organisme  d\u00e9clar\u00e9  compore  plusieurs  \u00e9tablissements,  les \u00e9tats statistiques et le bilan annuel\ndistinguent  l'activit\u00e9 exerc\u00e9e  par  chaque  \u00e9tablissement\nLe  pr\u00e9sont  r\u00e9c\u00e9piss\u00e9  prond  etfot lo 2  novembre  2025.\nL'enregistrement de  ia d\u00e9claration  pourra  tre  retir\u00e9s  l'organisme  d\u00e9clar\u00e9  cesse do  rumplir\n\u00fcles conditions  ou  de respecter  les obligations mentionn\u00e9es  aux  4\u00b0 article\n7232.17 ou  quim\u00e9connait  les obligations  d\u00e9finies \u00e0  l'article R7232-19  du  code  du travail.\npeine  de  retrait de  Ta d\u00e9claration, fare  Tobjet d'une  d\u00e9claration  modiicatve  aupr\u00e9s  de  (Unit\u00e9\nd\u00e9partementale  des  Hauts-de-Seine.\nLe  pr\u00e9sent  r\u00e9c\u00e9piss\u00e9  sera publi\u00e9 au  recuell des  actes  administratifs de  la pr\u00e9fecture  des  Hauts-\n'de-Seine.\nFait \u00e0  Nanterre,  le 17  novembre  2025.\nPour  le Pr\u00e9fet\nPar  d\u00e9l\u00e9gation  ot subd\u00e9l\u00e9gation\nLa Responsable  du  servic\nD\u00e9veloppement  de  l'emploi  et  des\ncomp\u00e9tences\n\nEs  Direction r\u00e9gionale et interd\u00e9partementale\nMINIST\u00c8RE de l'\u00e9conomie, de l'emploi,\nDU  TRAVAIL,  DE  LA  SANT\u00c9,  du travail et des solidarit\u00e9s\nDES  SOLIDARIT\u00c9S\nET  DES  FAMILLES\nA\nR\u00e9c\u00e9piss\u00e9  n*2025-632  de  d\u00e9claration  d'activit\u00e9s de services  \u00e0 la personne\nenregistr\u00e9e  sous  le n\u00b0 SAP993635036  au nom  de  la micro-entreprise  REGUENA\nDYLAN  sise  6 Rue  Albert  Neveu  \u00e0 CLAMART  (92140)\nLE  PREFET  DES  HAUTS-DE-SEINE\nVu  la loi n\u00b0 2010-853  du  23  jullet 2010  relative aux  r\u00e9seaux  consulaires, au  commerce  et \u00e0\nl'atisanat et aux services (article 31);\nVu  la loi n\u00b02015-1776  du  28  d\u00e9cembre  2016  relative \u00e0 l'adaptation de  la soci\u00e9t\u00e9  au\nviilissement\nVu  l'article D7231-1  du  Code  du  travail;\nVu  les d\u00e9crets n\u00b0 2011-1132  et n\u00b0 2011-1133  du 20  septembre  2011  modifiant certaines\nrolatives au  ch\u00e8que  emplo-service  universel et aux\nVu  le d\u00e9cret n\u00b02016-750  du 6 juin 2016 relatif \u00e0 la iste des activites de services \u00e0 la personne\nsoumises \u00e0 agr\u00e9ment ou \u00e0 autorisation dans le cadre du r\u00e9gime  commun  de a  d\u00e9claration\nVu  le d\u00e9cret du 31 octobre 2024  portant nomination de Monsieur  Alexandre  BRUGERE,  en\nquait\u00e9 de  Pr\u00e9fet des  Hauts-de-Seine\nVu  l'arr\u00e9t\u00e9 interminist\u00e9riel du  12  ao\u00fbt  2025  nommant  Monsieur  Fabrice  MASI,  Directeur\nr\u00e9gionalet interd\u00e9partemental de l'\u00e9conomie, de l'emploi, du travail et des solidarit\u00e9sdle-\nde-France  \u00e0  compter  du  25  ao\u00fbt  2025  ;\nVu  Farr\u00e9te pr\u00e9fectoral n\u00b02025-33  du 22 ao\u00fbt 2025  par lequel le Pr\u00e9fet des  Hauts-de-Seine\nd\u00e9l\u00e8gue  sa  signature  \u00e0 Monsieur  Fabrice  MASI,  Directeur  r\u00e9gional et interd\u00e9partemental\nde l'\u00e9conomie, de l'emploi, du travail et des solidarit\u00e9s d'\u00cele-de-France;\n'Vu la d\u00e9cision n\u00b0 2025-187  du 25 ao\u00fbt 2025  portant subd\u00e9l\u00e9gation de  signature de  Monsieur\nFabrice MASI,  Directeur r\u00e9gional et interd\u00e9partemental de  l'\u00e9conomie, de  l'emploi, du\ntravail et des  solidarts  dle-de-France,  aux agents de [Unite d\u00e9partementale  des  Hauts-\nde-Seine\nVu  la d\u00e9claration d'activit\u00e9s de services \u00e0 la personne  d\u00e9pos\u00e9es  le 07 novembre  2025 au nom\nde  la micro-entreprise REGUENA  DYLAN  sise 6 Rue  Albert Neveu  \u00e0 CLAMART  (92140)\n\nApr\u00e8s examen  du dossier, cette demande  \u00e9tant conforme aux dispositions de l'article L  7232-1-\n1 du  code du  travail, le pr\u00e9sent  r\u00e9c\u00e9piss\u00e9 de  d\u00e9claration  d'activit\u00e9s de  services  \u00e0 la personne  a\n\u00e9t\u00e9  enregistr\u00e9  au  nom  de  la micro-entreprise  REGUENA  DYLAN  sous  le num\u00e9ro  SAP\n1993635036,\nLes  activit\u00e9s d\u00e9clar\u00e9es  sont  les suivantes,  \u00e0 l'exclusion de  toute  autre\n= Entrotien  de  la  maison  et  travaux  m\u00e9nagers  ;\nPrestations  relevant du  b\u00e9n\u00e9fice  de  la r\u00e9duction  d'imp\u00f4t  pr\u00e9vue  article 199  sexdecies du Code\nGeneral  des  Imp\u00eats.\nLa  structure  exerce  ces  activit\u00e9s  selon  le mode  suivant  : PRESTATAIRE\nSous  r\u00e9serve  d'\u00eatre  exerc\u00e9es  \u00e0  ttre  exclus  parle  d\u00e9clarant  (ou  sous  r\u00e9serve  d'une  comptabiit\u00e9\ns\u00e9par\u00e9e  pour les personnes  morales  dispens\u00e9es  de la condition activit\u00e9 exclusive). ces activites\nouvrent  drot au  b\u00e9n\u00e9fice  des  dispositions  des  articles L. 7233-2 du code  du travail et L. 241-10\ndu  code  de  la s\u00e9curit\u00e9  sociale.\n(Conform\u00e9ment  aux  dispositions  de  l'article R7232-19  du  code  du  travail, l'organisme  d\u00e9clar\u00e9  doit\nproduire au moins chaque  trimestre un \u00e9tat dactvit\u00e9 et chaque ann\u00e9e un bilan quanttatt et\nquaitatf  de  l'activit\u00e9 exerc\u00e9e  au  titre de  l'ann\u00e9e  \u00e9coul\u00e9e  ainsi qu'un  tableau  statistique annuel.\nSi organisme  d\u00e9clar\u00e9  comporte  plusieurs  \u00e9tablissements,  es  \u00e9tats statistiques et le bilan annuel\ndistinguent  l'activit\u00e9 exerc\u00e9e  par  chaque  \u00e9tablissement\nLe  pr\u00e9sent  r\u00e9c\u00e9piss\u00e9  prend  effet le 07 novembre  2026.\nL'enregistrement  de la d\u00e9claration pourra \u00eatre retir\u00e9 si l'organisme  d\u00e9clar\u00e9 cesse  deremplir\nles conditions  ou  de  respecter  les obligations  mentionn\u00e9es  aux  4',5\u00b0 et 6\u00b0 de l'article\n7232-17  ou  qui  m\u00e9connait  les obligations  d\u00e9finies  \u00e0  l'article R7232-19  du  code  du  travail.\noute  modif la str \u00e9clar\u00e9o ou les activit\u00e9s devra,  sous\nDeine de  retrait de la d\u00e9ciaration, fare l'objet dune  d\u00e9caration modiicative aupr\u00e9s  de  [Unite\nd\u00e9partementale  des  Hauts-de-Seine.\nLe pr\u00e9sent r\u00e9c\u00e9piss\u00e9 sera publi\u00e9 au  recuel des  actes administratifs de  la pr\u00e9fecture des  Hauts-\n'de-Seine.\nFait  \u00e0  Nanterre,  le 17  novembre  2025.\nPour  le Pr\u00e9fet\nPar  d\u00e9l\u00e9gation  et subd\u00e9l\u00e9gation\nLa  Responsable  du  service\nD\u00e9veloppement  de  l'emploi  ot des\ncomp\u00e9tences\n\nEE  Direction  r\u00e9gionale  et  interd\u00e9partementale\nMINISTERE de l'\u00e9conomie, de l'emploi,\nDU  TRAVAIL,  DE  LA  SANT\u00c9,  du travail et des solidarit\u00e9s\nDES  SOLIDARIT\u00c9S\nET  DES  FAMILLES\nR\u00e9c\u00e9piss6  n\u00b02025-633  de  d\u00e9claration  d'activit\u00e9s de  services  \u00e0 la personne\n'enregistr\u00e9e  sous  le n\u00b0 SAP823484167  au  nom  de  la micro-entreprise  Maritess\nCABACUNGAN  sise  21  Rue  Paul  Bert \u00e0  BOULOGNE-BILLANCOURT  (92100)\nLE  PREFET  DES  HAUTS-DE-SEINE\n'Vu la loi n\u00b0 2010-853 du  23  jullet 2010  relative aux  r\u00e9seaux  consulaires, au  commerce  et \u00e0\nl'artisanat et aux  services  (article 31);\nVu  la loi n\u00b02018-1776  du  28  d\u00e9cembre  2015  relative \u00e0 l'adaptation de  la soci\u00e9t\u00e9  au\nviilissement ;\nVu  l'article D7231-1  du  Code du  travail;\nVu  les d\u00e9crets  n\u00b0 2011-1132  et n\u00b0 2011-1133  du  20  septembre  2011  modifiant  certaines\ndispositions du Code  du traval, relatives au ch\u00e8que  emploi-service universel et aux\n'Services \u00e0 la personne  ;\nVu  le d\u00e9cret  n'2016-750  du 6 jun  2016  relat  \u00e0  la iste des  activit\u00e9s de  services \u00e0 la personne\nsoumises  \u00e0 agr\u00e9ment  ou \u00e0 autorisation dans le cadre  du  r\u00e9gime  commun de a  d\u00e9claration\n'Vu le d\u00e9cret  du  31 octobre  2024  portant  nomination  de  Monsieur  Alexandre  BRUGERE,\nquait\u00e9 de Pr\u00e9fet des Hauts-de-Seine ;\nVu  l'\u00e9t\u00e9  interminist\u00e9riel du 12 ao\u00fbt 2025  nommant  Monsieur  Fabrice MASI,  Directeur\nr\u00e9gional etinterd\u00e9partemental  de  l'\u00e9conomie,  de  l'emploi, du  travail et des  solidarit\u00e9s d'le-\nde-France  \u00e0 compter  du  25  ao\u00fbt  2025  ;\nVu  l'arr\u00eat\u00e9 pr\u00e9fectoral n'2025-33  du  22  ao\u00fbt  2025  par  lequel le Pr\u00e9fet des  Hauts-de-Saine\nd\u00e9l\u00e8gue  sa signature  \u00e0 Monsieur  Fabrice  MASI,  Directeur  r\u00e9gional et interd\u00e9partemental\nde  l'\u00e9conomie, de l'emploi, du travail et des solidarit\u00e9s d'\u00cele-de-France ;\nVu  la d\u00e9cision  n\u00b0 2026-157  du  25  ao\u00fbt  2026  portant  subd\u00e9l\u00e9gation  de  signature  de  Monsieur\nFabrice  MASI,  Directeur  r\u00e9gional et interd\u00e9partemental  de  l'\u00e9conomie,  de  l'emploi, du\ntravail et des  solidarit\u00e9s d'le-de-France,  aux  agents de l'Unit\u00e9 d\u00e9partementale  des  Hauts-\nde-Seine  ;\n'Vu la d\u00e9claration d'activit\u00e9s de services \u00e0 la personne  d\u00e9pos\u00e9es  le 08 novembre  2025  aunom\nde  la micro-entreprise  Martess  CABACUNGAN  sise 21 Rue  Paul  Bert  \u00e0 BOULOGNE-\nBILLANCOURT  (82100)\n\n'Apr\u00e8s  examen  du  dossier,  cette  demande  \u00e9tant  conforme  aux  dispositions  de  l'article L. 7232-1-\n1 du  code du travail, le pr\u00e9sent  r\u00e9c\u00e9piss\u00e9  de d\u00e9claration d'acthit\u00e9s de services  \u00e0 la personnt\n\u00e9t\u00e9  enregistr\u00e9  au  nom  de  la micro-entreprise  Maritess  CABACUNGAN  sous  le num\u00e9ro  SAP.\n823484  167.\nLes  actvil\u00e9s  d\u00e9clar\u00e9es  sont es  suivantes, \u00e0 l'exclusion de  toute autre\nEntretien  de  la  maison  et  travaux  m\u00e9nagers\nGarde  d'enfants  de  plus  de  trois ans  \u00e0 domici\n= Accompagnement  des  enfants  de  plus  de  trois  ans dans  leurs  d\u00e9placements  en\ndehors  de  leur domicile  (promenades,  transports,  actes  de  la vie  courante)  ;\nPrestations  relevant du  b\u00e9n\u00e9fice  de  la r\u00e9duction  d'imp\u00f4t  pr\u00e9vue  \u00e0 article 199  sexdecies  du  Code\nG\u00e9n\u00e9ral  des  Imp\u00f4ts.\nLa  structure  exerce  ces  activit\u00e9s  selon  le mode  suivant  : PRESTATAIRE\nSous  r\u00e9serve  d ttre exerc\u00e9es  \u00e0  tre  exclusif parle  d\u00e9clarant  (ou  sous  r\u00e9serve  d'une  comptabiit\u00e9\ns\u00e9par\u00e9e  pour  es  personnes  morales  dispens\u00e9es  dela  condition  d'act\u00e9  exclusive)  ces  activites\nouvrent  droit au  b\u00e9n\u00e9fice  des  dispositions des  articles L. 7233-2  du  code  du  travall et L. 241-10\ndu  code  de  la s\u00e9curit\u00e9 sociale,\nConform\u00e9ment  aux  dispositions de  Fartcle  R7232-19  du  code  du  travail l'organisme  d\u00e9clar\u00e9  dott\nproduire  au moins  chaque  timeste  un  \u00e9tat d'activit\u00e9 et chaque  ann\u00e9e  un  bilan quantitatif et\n'qualita  de  l'activit\u00e9 exorc\u00e9e  au  ire  de  l'ann\u00e9e  \u00e9coul\u00e9e  ainsi qu'un  tableau  statistique annuel.\nSi organisme  d\u00e9clar\u00e9  comporte  plusieurs  \u00e9tablissements,  ls  \u00e9tats statistiques et le ban  annuel\ndistinguent  l'actiit\u00e9 exerc\u00e9e  par  chaque  \u00e9tablissement.\nLe  pr\u00e9sent  r\u00e9c\u00e9piss\u00e9  prend  effet lo 08  novembre  2025.\nL'enregistrement  de la d\u00e9claration  pourra  \u00eatre rtir\u00e9 si l'organisme  d\u00e9clar\u00e9  cesse  de  romplir\nles conditions  ou  de  respecter  les obligations  mentionn\u00e9es  aux  4,6\"  at 6\u00b0 de  l'article\nR723217  ou  qui m\u00e9connait  les obligations d\u00e9finies \u00e0 l'article R7232-19  du  code  du  travail.\npeinede retrait de la d\u00e9claration, faire Tobjet d'une d\u00e9claration modiicative. aupr\u00e8s de l'Unit\u00e9\nd\u00e9partementale  des  Hauts-de-Seine\nLe  pr\u00e9sent  r\u00e9c\u00e9piss\u00e9  sera  publi\u00e9 au  recueil des  actes  administratifs de la pr\u00e9fecture des  Hauts-\nde-Seine.\nFait \u00e0  Nanterre,  le 17 novembre  2025.\nPour  le Pr\u00e9fet\nPar d\u00e9l\u00e9gation  et  subd\u00e9l\u00e9gation\nLa  Responsable  du  service\nD\u00e9veloppement  de  l'emploi  et des.\n\nEx  Direction r\u00e9gionale et interd\u00e9partementale\nMINIST\u00c8RE de l'\u00e9conomie, de l'emploi,\nDU  TRAVAIL,  DE  LA SANT\u00c9,  du travail et des solidarit\u00e9s\nDES  SOLIDARIT\u00c9S\nET  DES  FAMILLES\nLA\nR\u00e9c\u00e9piss\u00e9  n\u00b02025-634 de  d\u00e9claration  d'activit\u00e9s de  services  \u00e0 la personne\nenregistr\u00e9e  sous  le n\u00b0 SAP993005834  au  nom  de  la micro-entreprise  ESSINGA\nHortense  sise  112  Voie Promenade \u00e0 VILLENEUVE-LA-GARENNE  (92390)\nLE  PREFET  DES  HAUTS-DE-SEINE\nVu  la loi n\u00b0 2010-853  du  23  juillet 2010  relative aux  r\u00e9seaux  consulaires, au  commerce  et \u00e0\nl'artisanatet aux  services (article 31);\nVu la loi n\u00b02018-1776 du 28 d\u00e9cembre  2015 relate \u00e0 l'adaptation de la soci\u00e9t\u00e9 au\nvellissement\nVu  l'article D7231-1  du  Code  du  travail\nVu  les d\u00e9crets n\u00b0 2011-1132 et n\u00b0 2011-1133 du 20 septembre 2011 modfiant certaines\ndispositions du Code  du travail relatives au ch\u00e8que  emplo-service  universel et aux\nservices  \u00e0 la personne ;\nVu  le d\u00e9cret n\u00b02018750  du  6 juin 2016  relatif \u00e0 la iste des  activitesde services \u00e0 la personne\nsoumises  \u00e0 agr\u00e9ment  ou \u00e0 autorisation dans  le cadre du r\u00e9gime commun  de la d\u00e9claration\n'Vu le d\u00e9cret du 31 octobre 2024  portant nomination de  Monsieur  Alexandre  BRUGERE,  en\n'qualit\u00e9 de  Pr\u00e9fet des Hauts-de-Seine  ;\nVu  Farr\u00e9te interminist\u00e9riel du  12 ao\u00fbt 2025  nommant  Monsieur  Fabrice MASI,  Directeur\nr\u00e9gional  et nterd\u00e9partemental de l'\u00e9conomie, de l'emploi, du travail et des solidarit\u00e9s dlle-\nde-France \u00e0 compter  du  25  ao\u00fbt  2025 ;\nVu  l'arr\u00eat\u00e9 pr\u00e9fectoral n\u00b02028-33  du  22  ao\u00fbt 2025  par lequel le Pr\u00e9fet des  Hauts-de-Seine\nd\u00e9l\u00e8gue  sa signature \u00e0 Monsieur  Fabrice MASI, Directeur r\u00e9gional et interd\u00e9partemental\nde \u00e9conomie,  de l'emploi, du traval et des solidarit\u00e9s d'\u00cele-de-France\nVu  la d\u00e9cision n\u00b0 2026-187  du 25 ao\u00fbt 2025  portant subd\u00e9l\u00e9gation de  signature de Monsieur\nFabrice MASI, Directeur r\u00e9gional et interd\u00e9partemental de  l'\u00e9conomie, de l'emploi, du\ntravail et des  soldart\u00e9s d'le-de-France, aux  agents de l'Unit\u00e9 d\u00e9partementale  des Hauts-\nde-Seine\nVu  la d\u00e9claration d'activit\u00e9s de services a la personne  d\u00e9pos\u00e9es  le 08 novembre  2025 au nom\nde  la micro-entreprise ESSINGA  Hortense  sise 112 Voie Promenade  \u00e0 VILLENEUVE-LA-\nGARENNE  (82390)  ;\n\n'Apr\u00e8s examen  du dossier, cette demande \u00e9tant conforme  aux  dispositions de  article L. 7232-1-\n1 du code  du travail, le pr\u00e9sent  r\u00e9c\u00e9piss\u00e9  de d\u00e9claration d'activit\u00e9s de services \u00e0 la personne  a\n\u00e9t\u00e9  enregistr\u00e9 au nom  de la micro-entreprise ESSINGA  Hortense sous  le num\u00e9ro  SAP\n1993008834,\nLes  activit\u00e9s d\u00e9ciar\u00e9es  sont  les  suivantes,  a l'exclusion  de  toute  autre\n= Entretien  de  la maison  et  travaux  m\u00e9nagers  ;\nMaintenance,  entretien  et vigilance  temporaires,  \u00e0  domicile,  de  la r\u00e9sidence\nprincipale  et  secondaire  ;\nPrestations  relevant du  b\u00e9n\u00e9fice  de  la r\u00e9duction  d'imp\u00f4t  pr\u00e9vue  \u00e0 l'article 199  sexdecies  du  Code\nG\u00e9n\u00e9ral  des  impots,\nLa  structure  exerce  ces  activit\u00e9s  selon  le mode  suivant  : PRESTATAIRE\nSous  r\u00e9serve  d'\u00e9tre exerc\u00e9es  \u00e0 titre exclusf  parle  d\u00e9clarant  (ou sous r\u00e9serve  d'une  comptablit\u00e9\ns\u00e9par\u00e9e pour les personnes morales dispens\u00e9es de la condition d'activit\u00e9 exclusive). ces activit\u00e9s\n'ouvrent droit au  b\u00e9n\u00e9fice  des  dispositions des  articles L. 7233-2  du  code  du  traval et L 241-10\ndu  code  de  la s\u00e9curt\u00e9  social.\n(Conform\u00e9ment  aux  dispositions de  l'article R7232-19  du  code  du traval, l'organisme  d\u00e9clar\u00e9  doit\nproduire au moins chaque timastre un \u00e9tat dactivit\u00e9 et chaque ann\u00e9e  un bilan quantitatit et\nqualtatf de  l'actvt\u00e9 exerc\u00e9e  au tire de  l'ann\u00e9e \u00e9coul\u00e9e  ainsi qu'un tableau statistique annuel.\nSi l'organisme d\u00e9clar\u00e9  comporte  plusieurs  \u00e9tablissements,  le  \u00e9tats statistiques et le bilan annuel\ndistinguent  Factivt\u00e9  exerc\u00e9e  par  chaque  \u00e9tablissement\nLe  pr\u00e9sent  r\u00e9c\u00e9piss\u00e9  prend  effet le 08  novembre  2025.\n'enregistrement de la d\u00e9claration  pourra  tre  ratir\u00e9si l'organisme  d\u00e9c}\nles conditions  ou  de  respecter  les obligations  mentionn\u00e9es  aux  4\u00b0\n7232-17  ou  qui  m\u00e9connait  les obligations  d\u00e9finies  \u00e0 article  R7232-19  du  code  du  travail.\nF devra, sous\npeine de  reat  de  la d\u00e9claration, fare Tobjet une  d\u00e9claration modieatve  aupr\u00e9s  de  TUnt\u00e9\nd\u00e9partementale  des  Hauts-de-Seine.\nLe pr\u00e9sent r\u00e9c\u00e9piss\u00e9 sera publi\u00e9 au recueil des actes administratifs de  la pr\u00e9fecture des  Hauts-\nde-Soine.\nFait \u00e0  Nanterre, le 18  novembre  2025.\nPour  le Pr\u00e9fet\nPar d\u00e9l\u00e9gation  et subd\u00e9l\u00e9gation\nLa  Responsable  du  service\nD\u00e9veloppement  de  l'emploi  et des\ncomp\u00e9tences\n\n=a  Direction  r\u00e9gionale ot  interd\u00e9partementale\nMINISTERE de l'\u00e9conomie, de l'emploi,\nDU  TRAVAIL,  DE  LA  SANT\u00c9,  du travail et des solidarit\u00e9s\nDES  SOLIDARIT\u00c9S\nET  DES  FAMILLES\n=.\nR\u00e9c\u00e9piss\u00e9  n\u00b02025-636  de  d\u00e9claration  d'activit\u00e9s de services  \u00e0 la personne\nenregistr\u00e9e  sous  le n\u00b0 SAP993698166  au  nom  de  la micro-entreprise  PAUL  GAUER\nsise  37  Rue  Victor  Basch  \u00e0  MONTROUGE  (92120)\nLE  PREFET  DES  HAUTS-DE-SEINE\nVu  la loi n\u00b0 2010-863 du  23  jullet 2010  relative aux  r\u00e9seaux  consulaires, au  commerce  et \u00e0\nl'arisanat et aux  services (article 31):\nVu  la loi n\u00b02015-1776  du  28  d\u00e9cembre  2015  relative \u00e0 l'adaptation de  la soci\u00e9t\u00e9  au\nviilissement ;\nVu  l'article D7231-1  du  Code  du travail;\nVu  les d\u00e9crets  n\u00b0 2011-1132  et n\u00b0 2011-1133  du  20  septembre  2011  modiiant  certaines\ndispositions  du  Code  du  travail, relatives au  ch\u00e8que  emplo-service  universel et aux\nservices \u00e0 la personne\nVu  le d\u00e9cratn\u00b02016-750 du 6 juin 2016 relatif \u00e0 la liste des  activit\u00e9s de services \u00e0 la personne\nsoumises  \u00e0 agr\u00e9ment  ou \u00e0 autorisation dans  le cadre  du r\u00e9gime  commun  dela  d\u00e9claration ;\nVu  le d\u00e9cret  du  31 octobre  2024  portant  nomination  de  Monsieur  Alexandre  BRUGERE,  en\n'qualit\u00e9 de Pr\u00e9fet des Hauts-de-Seine ;\nVu  l'\u00e9t\u00e9  interminist\u00e9riel du  12 ao\u00fbt  2025  nommant  Monsieur  Fabrice  MASI,  Directeur\nr\u00e9gional  et interd\u00e9partemental de l'\u00e9conomie,  de l'emplo, du travail et des  solidart\u00e9s d'\u00cel-\nde-France \u00e0  compter  du  25  ao\u00fbt  2025\nVu  l'arr\u00eat\u00e9 pr\u00e9fectoral n\u00b02025-33  du  22  ao\u00fbt  2025  par  lequel le Pr\u00e9fet des  Hauts-de-Seine\nd\u00e9l\u00e8gue  sa signature \u00e0 Monsieur  Fabrice  MASI,  Directeur  r\u00e9gional et interd\u00e9partemental\nde  l'\u00e9conomie, de l'emploi, du travalet des solidarit\u00e9s d\u00eele-de-France\nVu  la d\u00e9cision  n\u00b0 2025-157  du  25  ao\u00fbt  2025  portant  subd\u00e9l\u00e9gaton  de  signature  de  Monsieur\nFabrice  MASI,  Directeur  r\u00e9gional  et nterd\u00e9partemental  de  l'\u00e9conomie,  de  Femploi, du\ntravail et des solidarit\u00e9s dlle-de-France,  aux agents  de  l'Unit\u00e9 d\u00e9partementale  des  Hauts-\nde-Seine  ;\nVu  la d\u00e9claration  'activit\u00e9s de  services  \u00e0 la personne  d\u00e9pos\u00e9es  le 09  novembre  2025 au nom\nde  la micro-entreprise  PAUL  GAUER  sise 37  Rue  Victor Basch  \u00e0 MONTROUGE  (82120)  ;\n\nApr\u00e8s  examen  du dossier, cette demande  \u00e9tant conforme  aux  dispositions de  l'article L. 7232-1-\n1 du  code  du  travail, le  pr\u00e9sent  r\u00e9c\u00e9piss\u00e9  de  d\u00e9claration  d'activit\u00e9s de  services  \u00e0 la  personne\n\u00e9t\u00e9 enregistr\u00e9  au  nom  de  la micro-entreprise  PAUL  GAUER  sous  le num\u00e9ro  SAP  993608  168.\nLes  activit\u00e9s d\u00e9clar\u00e9es  sont  les suivantes,  \u00e0 l'exclusion de  toute autre\n= Entretion  de  la maison  ot travaux  m\u00e9nagers  ;\nPrestations  relevant du  b\u00e9n\u00e9fice  de  la r\u00e9duction  d'imp\u00f4t  pr\u00e9vue  \u00e0 l'article 199  sexdecies  du  Code\nG\u00e9n\u00e9ral  des  impots.\nLa  structure  exerce  ces  activit\u00e9s  selon  le mode  suivant  : PRESTATAIRE\nSous  r\u00e9serve  d'tre  exerc\u00e9es  \u00e0 titre exclusif par  le d\u00e9clarant  (ou  sous  r\u00e9serve  d'une  comptabiit\u00e9\n's\u00e9par\u00e9e pour les personnes morales dispens\u00e9es de a  condition d'activit\u00e9 exclusive), ces activites\n'ouvrent droit au b\u00e9n\u00e9fice  des  dispositions des  articles L. 7233-2  du  code  du  traval et L. 241-10\n'du code  de  la s\u00e9curt\u00e9  sociale.\nConform\u00e9ment  aux  dispositions de  l'article R7232-19 du code  du  travail l'organisme  d\u00e9clar\u00e9  dot\nproduire  au  moins  chaque  trimestre un  \u00e9tat dactivit\u00e9 et chaque  ann\u00e9e  un  bilan quanttati  et\nualtaif  de  l'activit\u00e9 exerc\u00e9e  au tive de  l'ann\u00e9e \u00e9coul\u00e9e  ainsi qu'un tableau statistique arnuel.\nSi  l'organisme  d\u00e9clar\u00e9  comport  plusieurs  \u00e9tablissements,  les  \u00e9tats  statistiques  et le bilan  annuel\ndistinguent  Factivit\u00e9 exerc\u00e9e  par  chaque  \u00e9tablissement\nLe  pr\u00e9sent  r\u00e9c\u00e9piss\u00e9  prend  effet le 09 novembre  2025.\nL'enregistrement  de la d\u00e9claration  pourra  \u00eatre rotir\u00e9si l'organisme  d\u00e9clar\u00e9 cesse de remplir\nles conditions  ou  de respecter  les obligations  mentionn\u00e9es  aux  4,6\"  et 6\u00b0 de  l'articlo\n723247  ou  qui m\u00e9connait  les obligations d\u00e9finies \u00e0 article R7232-19 du  code  du  travail.\npaie  de retrait de  la decoration,  fare  Tobjet Cune d\u00e9claration  modfcave  aupr\u00e9s de  FUnit\u00e9\nd\u00e9partementale des Hauts-de-Seine.\nLe  pr\u00e9sent  r\u00e9c\u00e9piss\u00e9  sera  publi\u00e9 au recueil des  actes  administratifs de  la pr\u00e9fecture des  Hauts-\n'de-Seine.\nFait \u00e0  Nanterre, le 18 novembre  2025.\nFourie  Piet\ngalet  subd\u00e9lgaton\npop\nD  ent  Semple des\nESS)\nPAPE\nMariama  CONDE\n\nEn  Direction r\u00e9gionale  et interd\u00e9partementale\nMINIST\u00c8RE de l'\u00e9conomie, de l'emploi,\nDU  TRAVAIL,  DE  LA  SANT\u00c9,  du travail et des solidarit\u00e9s\nDES  SOLIDARIT\u00c9S\nET  DES  FAMILLES\nEM\nR\u00e9c\u00e9piss\u00e9  n\u00b02025-636  de  d\u00e9claration  d'activit\u00e9s de  services  \u00e0 la personne\n\"enregistr\u00e9e sous  le n\u00b0 SAP993697978  au nom  de  la micro-entreprise  BARKET\nRAYAN  sise  41 Avenue  Jean  Jaur\u00e8s  \u00e0 SURESNES  (92150)\nLE  PREFET  DES  HAUTS-DE-SEINE\nVu  la loi n\u00b0 2010-853 du  23jullet  2010  relative aux  r\u00e9seaux  consulaires,  au  commerce et \u00e0\nl'artisanat et aux  services  (article 31);\nVu  Ia loi n\u00b02015-1776  du  28  d\u00e9cembre  2018  relative \u00e0 l'adaptation de  la soci\u00e9t\u00e9  au\nviilissement\nVu  l'article D7231-1  du  Code du  travail\nVu  les d\u00e9crets  n\u00b0 2011-1132  et n\u00b0 2011-1133  du  20  septembre  2011  modifant  certaines\ndispositions du  Code  du  travail, relatives au  ch\u00e8que  emploi-service  universel et aux\nservices \u00e0 la personne  ;\nVu  le d\u00e9cret  n\u00b02016:750  du 6 juin 2016  relat  \u00e0 la iste des  activit\u00e9s de services \u00e0 la personne\nsoumises  \u00e0 agr\u00e9ment  ou \u00e0 autorisation dans le cadre du r\u00e9gime  commun  dela  d\u00e9claration ;\nVu  le d\u00e9cret du 31 octobre 2024  portant nomination  de  Monsieur  Alexandre  BRUGERE,  en\nqualt\u00e9 de Pr\u00e9fet des Hauts-de-Seine\nVu  l'arr\u00eat\u00e9 interminist\u00e9riel du  12  ao\u00fbt 2025  nommant  Monsieur  Fabrice  MASI,  Directeur\nr\u00e9gional et interd\u00e9partemental de l'\u00e9conomie, de  l'emploi, du travail et des solidarit\u00e9s d'le-\n<de-France  \u00e0  compter  du  25  ao\u00fbt  2025\nVu  l'arr\u00eat\u00e9 pr\u00e9fectoral n\u00b02026-33  du 22 ao\u00fbt 2025  par lequel le Pr\u00e9fet des  Hauts-de-Seine\n'd\u00e9l\u00e8gue  sa  signature  \u00e0 Monsieur  Fabrice  MASI,  Directeur  r\u00e9gional et interd\u00e9partemental\nde l'\u00e9conomie, de l'emploi, du travail et des  soldartes d'\u00cele-de-France;\n'Vu la d\u00e9cision  n\u00b0 2025-157  du  25  ao\u00fbt  2025  portant  subd\u00e9l\u00e9gation  de  signature  de  Monsieur\nFabrice MASI, Directeur r\u00e9gional et interd\u00e9partemental de  l'\u00e9conomie, de  l'emploi, du\ntravail et des  soldart\u00e9s  d'le-de-France,  aux  agents  de  l'Unit\u00e9 d\u00e9partementale  des  Hauts-\nde-Seine  ;\nVu  la d\u00e9claration d'activit\u00e9s de services \u00e0 la personne  d\u00e9pos\u00e9es  le 09 novembre  2025 au nom\nde  la micro-entreprise BARKET  RAYAN  sise 41 Avenue  Jean  Jaur\u00e8s \u00e0 SURESNES\n(82150):\n\n'Apr\u00e8s examen  du  dossier, cette demande  \u00e9tant conforme  aux dispositions de  l'article L.7282-1-\n1 du code  du traval, le pr\u00e9sent  r\u00e9c\u00e9piss\u00e9  de d\u00e9claration d activit\u00e9s de services \u00e0 la personne  a\n\u00e9t\u00e9  enregistr\u00e9 au  nom  de  la micro-entreprise  BARKET  RAYAN  sous  le num\u00e9ro  SAP  993697978.\nLes  activit\u00e9s d\u00e9clar\u00e9es  sont les suanles,  \u00e0 l'exclusion de toute autre :\nEntretien  de  la maison  et travaux  m\u00e9nagers  ;\nPrestations relevant  du b\u00e9n\u00e9fice  de la r\u00e9duction  d'imp\u00f4t  pr\u00e9vue  \u00e0 l'aricie 199  sexdecies  du Code\nG\u00e9n\u00e9ral  des  Imp\u00f4ts.\nLa  structure  exerce  ces  activit\u00e9s  selon  le mode  suivant : PRESTATAIRE\n'Sous  r\u00e9serve  d'\u00eatre exerc\u00e9es  \u00e0 tire exclus  parle  d\u00e9clarant (ou sous r\u00e9serve  d'une  comptabilit\u00e9\ns\u00e9par\u00e9e  pour  les personnes  morales  dispens\u00e9es  de la condition d'activit\u00e9 exclusive). ces activit\u00e9s\n'ouvrent  drot  au  b\u00e9n\u00e9fice  des  dispositions  des  articles  L. 7233-2  du  code  du  raval  et  L.  241-10\ndu  code  de la s\u00e9curit\u00e9 sociale,\n{Conform\u00e9ment  aux  dispositions de  l'article R7232-19  du  code  du  traval, organisme  d\u00e9clar\u00e9  doit\nproduire  au  moins  chaque  trimestre un  \u00e9tat activit\u00e9  et chaque  ann\u00e9e  un  bilan quantitatif et\nqualitatif de activit\u00e9 exerc\u00e9e au tire de l'ann\u00e9e \u00e9coul\u00e9e ainsi qu'un tableau statistique annuel.\nSi l'organisme d\u00e9clar\u00e9  comport  plusieurs  \u00e9tablissements,  les \u00e9tats statistiques et le bilan annuel\ndistinguent  l'activit\u00e9 exerc\u00e9e  par  chaque  \u00e9tablissement\nLe  pr\u00e9sent  r\u00e9c\u00e9piss\u00e9  prend  effet le 09  novembre  2025.\nL'enregistrement de la d\u00e9claration  pourra \u00eatre retir\u00e9 si l'organisme  d\u00e9clar\u00e9  cesse de remplir\nles conditions  ou  de  respecter  les obligations  mentionn\u00e9es aux  4,6\" ot 6\u00b0 de  l'article\nR7232-17  ou  qui  m\u00e9connait  les obligations  d\u00e9finies \u00e0 l'article R7232-19  du code du travail.\ndevra, sous\nDeine de retrat de a  G\u00e9caration, fare Tobjet une  d\u00e9caraton  modiicabve  aupr\u00e9s de F\u00dcni\u00e9\n'd\u00e9partementale  des  Hauts-de-Seine.\nLe  pr\u00e9sent  btn  sara  publ  au  rouol  des  acts  amiss  de  a  prefecture  ds  Hate\nde-Seine.\nFait \u00e0 Nanterre,  le 18 novembre  2025,\nPour  le Pr\u00e9fet\nPar  d\u00e9l\u00e9gation  et  subd\u00e9l\u00e9gation\nLa  Responsable  du  service\nD\u00e9veloppement  de  l'emploi  et dos\ncomp\u00e9tences\nMariama CONDE\n\nEu  Direction  r\u00e9gionale  et interd\u00e9partementale\nMINIST\u00c8RE de l'\u00e9conomie, de l'emploi,\nDU  TRAVAIL, DE LA SANT\u00c9, du travail et des solidarit\u00e9s\nDES  SOLIDARIT\u00c9S\nET  DES  FAMILLES\nEM\nR\u00e9c\u00e9piss\u00e9  n\u00b02025-637  de  d\u00e9claration d'activit\u00e9s de  services \u00e0 la personne\n\"enregistr\u00e9e  sous  le n\u00b0 SAP993684299  au  nom  de  la micro-entreprise  ANDRE\n'CORENTIN  sise  7 Rue  Joseph  Delon  \u00e0 ANTONY  (92160)\nLE  PREFET  DES  HAUTS-DE-SEINE\n'Vu la loi n\u00b0 2010-863 du 23 juillet 2010  relative aux  r\u00e9seaux  consulaires, au commerce  et \u00e0\nl'artisanat et aux  services  (article 31);\nVu  la li n\u00b02015-1778  du 28  d\u00e9cembre  2015  relative \u00e0 adaptation  de  la soci\u00e9t\u00e9 au\nviilissement ;\nVu  l'article D7231-1  du  Code du travail\nVu  les d\u00e9crets n\u00b0 2011-1132  et n\u00b0 2011-1133  du 20 septembre  2011  modifiant certaines\ndispositions du  Code  du  traval, relatives au ch\u00e8que  emploi-service universel et aux\n'services  \u00e0 la  personne ;\nVu  le d\u00e9cret  n*2016-750 du 6 juin 2016  relat  \u00e0 la iste des  activit\u00e9s de services \u00e0 la personne\nsoumises  \u00e0 agr\u00e9ment  ou  autorisation dans le cadre  du  r\u00e9gime  commun  de  la d\u00e9claration\nVu  le d\u00e9cret du  31 octobre 2024  portant nomination de  Monsieur  Alexandre  BRUGERE,  en\nqualt\u00e9 de Pr\u00e9fet des Hauts-de-Seine ;\nVu  l'arr\u00eat\u00e9 interminist\u00e9riel du 12 ao\u00fbt 2025  nommant  Monsieur  Fabrice MASI,  Directeur\nr\u00e9gional  et interd\u00e9partemental de l'\u00e9conomie, de  l'emplo, du  travailet des solidarit\u00e9s d'le-\nde-France  \u00e0 compter  du  25  ao\u00fbt  2025\nVu  l'arr\u00eat\u00e9 pr\u00e9fectoral n\u00b02025-33  du  22 ao\u00fbt 2025  par lequel le Pr\u00e9fet des  Hauts-de-Seine\n'd\u00e9l\u00e8gue  sa  signature  \u00e0 Monsieur  Fabrice  MASI,  Directeur  r\u00e9gional et interd\u00e9partemental\nde l'\u00e9conomie, de l'emploi du travailet des solidarit\u00e9s dile-de-France ;\nVu  la d\u00e9cision n\u00b0 2025-157  du  25  ao\u00fbt 2026  portant subd\u00e9l\u00e9gation de  signature de Monsieur\nFabrice  MASI,  Directeur  r\u00e9gional et interd\u00e9partemental  de  l'\u00e9conomie,  de  l'emploi, du\ntraval et des solidarit\u00e9s d'le-de-France,  aux  agents  de  l'Unit\u00e9 d\u00e9partementale  des  Hauts-\nde-Seine  ;\nVu  la d\u00e9claration activit\u00e9s de services \u00e0 la personne  d\u00e9pos\u00e9es  le 10 novembre  2025 au nom\nde  la micro-entreprise ANDRE  CORENTIN  sise 7 Rue  Joseph  Delon  \u00e0 ANTONY  (92160)  ;\n\nApr\u00e8s  examen  du  dossier, cette demande  \u00e9tant  conforme  aux  dispositions de  Farticle L. 7232-1-\n1 du code  du travail le pr\u00e9sent  r\u00e9c\u00e9piss\u00e9  de d\u00e9claration d actives  de services \u00e0 la personne  a\n\u00e9t\u00e9  enregistr\u00e9 au nom  de la micro-entreprise ANDRE  CORENTIN  sous  le num\u00e9ro SAP\n1963684209,\nLes  activit\u00e9s  d\u00e9ciar\u00e9es  sont  les  suivantes,  a  l'exclusion  de  toute  autre\nEntretien  de  la maison  et travaux  m\u00e9nagers  ;\nPrestations  relevant du  b\u00e9n\u00e9fice  de  la r\u00e9duction  d'imp\u00f4t  pr\u00e9vue  \u00e0 l'article 199  sexdecies  du  Code\nG\u00e9n\u00e9ral  des  Impots.\nLa  structure  exerce  ces  activit\u00e9s  selon  le mode  suivant  : PRESTATAIRE\nSous  r\u00e9serve  d'\u00eatre exerc\u00e9es  \u00e0 tre  exclusif par  le d\u00e9ciarant  (ou  sous  r\u00e9serve  d'une  comptabilit\u00e9\ns\u00e9par\u00e9e pour les personnes morales dispens\u00e9esde la condition d activit\u00e9 exclusive). ces activit\u00e9s\nouvrent  drot  au  b\u00e9n\u00e9fice des  dispositions des  articles L. 7233-2  du  code du travall et L. 241-10\n'du code  de  la s\u00e9curt\u00e9  sociale.\nConform\u00e9ment  aux  dispositions  de  l'article R7232-19  du  code  du  travail l'organisme  d\u00e9clar\u00e9  dot\nproduire  au  moins  chaque  trimestre un  \u00e9tat dactivt\u00e9  et chaque  ann\u00e9e un  bilan quantitatif et\nquaitaif de Factivit\u00e9 exerc\u00e9e au tire de l'ann\u00e9e \u00e9coul\u00e9e ainsi qu'un tableau statistique annuel.\nSi l'organisme  d\u00e9clar\u00e9  comporte  plusieurs  \u00e9tablissements,  les \u00e9tats statistiques et le bilan annuel\ndistinguent  l'activit\u00e9 exerc\u00e9e  par  chaque  \u00e9tablissement\nLe  pr\u00e9sent  r\u00e9c\u00e9piss\u00e9  prend  effet le 10 novembre  2025,\nL'enregistrement  de la d\u00e9claration  pourra  \u00eatre rtir\u00e9si  l'organisme  d\u00e9clar\u00e9  casse  de romplir\nles conditions  ou  de respecter  les obligations mentionn\u00e9es  aux 4',5\u00b0 et 6\u00b0 de l'article\n723217  ou  qui  m\u00e9connait  les obligations  d\u00e9finies  \u00e0 article  R7232-19 du  code  du  travai\n'Toute modification concernant la structure d\u00e9clar\u00e9e ou les activit\u00e9s exerc\u00e9es devra, sous\npeine de  retrait de  la d\u00e9claration, faire l'objet dune  d\u00e9claration modificative aupr\u00e9s  de  l'Unit\u00e9\nd\u00e9partementale  des  Hauts-de-Seine.\nLe  pr\u00e9sent  r\u00e9c\u00e9piss\u00e9  sera  publi\u00e9 au recueil des  actes  administratifs de  la pr\u00e9fecture  des  Hauts-\nde-Seine.\nFait \u00e0  Nanterre,  le 18 novembre  2025,\nPour  le Pr\u00e9fet\nPar  d\u00e9l\u00e9gation  et  subd\u00e9l\u00e9gation\nLa  Responsable  du  service\nD\u00e9veloppement  de  l'emploi  et  des\ncomp\u00e9tences\n3-40\nMariama  CONDE\n\nEE  Direction  r\u00e9gionale  et interd\u00e9partementale\nMINISTERE  de l'\u00e9conomie, de l'emploi,\nDU  TRAVAIL,  DE  LA  SANT\u00c9,  du travail et des solidarit\u00e9s\nDES  SOLIDARIT\u00c9S\nET  DES  FAMILLES\nLA\nR\u00e9c\u00e9piss\u00e9  n*2025-638  de  d\u00e9claration  d'activit\u00e9s de services \u00e0 la personne\nenregistr\u00e9e  sous  le n\u00b0 SAP993231679  au  nom  de  la micro-entreprise  CHILL\nBELARBI  LYES  sise  28 Boulevard de Stalingrad  Chez  KERNANE  \u00e0 MALAKOFF\n(92240)\nLE  PREFET  DES  HAUTS-DE-SEINE\nVu  la loi n\u00b0 2010-853  du  23  juillet 2010  relative aux  r\u00e9seaux  consulaires, au commerce  et \u00e0\nl'artisanat et aux  services  (article 31);\nVu  la loi n\u00b02015-1776  du  28  d\u00e9cembre  2015  relative \u00e0  l'adaptation de  la soci\u00e9t\u00e9 au\nviellissement ;\nVu  l'article D7231-1  du  Code  du  travail\nVu  les d\u00e9crots  n\u00b0 2011-1132  et n\u00b0 2011-1133  du  20  septembre  2011  modifiant  certai\ndispositions du  Code  du  traval, relatives au  ch\u00e8que  emplo-service  universel  et aux\nservices  \u00e0  la personne ;\n'Vu le d\u00e9cret  n'2016-750 du 6 jun  2016 relatif \u00e0 la liste des activites de services \u00e0 la personne\nsoumises \u00e0 agr\u00e9ment  ou \u00e0 autorisation dans  le cadre  du  r\u00e9gime commun  de a d\u00e9claration ;\nVu  le d\u00e9cret  du  31 octobre  2024  portant  nomination  de  Monsieur  Alexandre  BRUGERE,  en\nqualit\u00e9 de  Pr\u00e9fet des Hauts-de-Seine ;\nVu  l'a\u00eat\u00e9  interminist\u00e9riel du  12 ao\u00fbt  2025  nommant  Monsieur  Fabrice  MASI,  Directeur\nr\u00e9gional et interd\u00e9partementalde l'\u00e9conomie, de l'emploi, du travail et des solidarit\u00e9s d'le-\nde-France  \u00e0 compter  du  25  ao\u00fbt  2025\nVu  l'arr\u00eat\u00e9 pr\u00e9fectoral n\u00b02025-33  du  22  ao\u00fbt  2025  par  lequel le Pr\u00e9fet des  Hauts-de-Seine\nd\u00e9l\u00e8gue  sa signature  \u00e0  Monsieur  Fabrice  MASI,  Directeur  r\u00e9gional et Imerd\u00e9partemental\nde l'\u00e9conomie, de l'emploi, du travalet des soldart\u00e9s d'le-de-France ;\nVu  la d\u00e9cision  n\u00b0 2025-157  du  25  ao\u00fbt  2025  portant  subd\u00e9l\u00e9gation  de  signature  de  Monsieur\nFabrice  MASI,  Directeur  r\u00e9gional  et interd\u00e9partemental  de  l'\u00e9conomie,  de  l'emploi, du\ntraval  et des  solidarit\u00e9s  dle-de-France,  aux  agents  de  Unit\u00e9  d\u00e9partementale  des  Hauts-\nde-Seine  ;\nVu  la d\u00e9claration  d'activit\u00e9s de services \u00e0 la personne  d\u00e9pos\u00e9es  le 10 novembre 2025  au  nom\nde  la micro-entreprise  CHILLI  BELARBI  LYES  sise 28  Boulevard  de  Stalingrad  Chez\nKERNANE  \u00e0 MALAKOFF  (92240);\n\nApr\u00e8s  examen du dossier, cette demande \u00e9tant conforme aux dispositions de article L. 7232-1-\n1 du  code  du  traval,  le pr\u00e9sent  r\u00e9c\u00e9piss\u00e9  de  d\u00e9claration  d activites de  services  \u00e0 la  personnk\n\u00e9t\u00e9  enregistr\u00e9  au  nom  de  la micro-entreprise  CHILL!  BELARBI  LYES  sous  le num\u00e9ro  SAP.\n993231679,\nLes  activites d\u00e9ctar\u00e9es  sont  les suivantes,  \u00e0 exclusion  de  toute autre\n- _  Entrotien  de la  maison  et  travaux  m\u00e9nagers  ;\nPrestations  relevant du b\u00e9n\u00e9fice  de  la r\u00e9duction  d'imp\u00f4t  pr\u00e9vue  article  199  sexdecies  du  Code\nG\u00e9n\u00e9ral  des  Imp\u00f4ts\nLa  structure  exerce  ces  activit\u00e9s  solon  le mode  suivant  : PRESTATAIRE\nSous  r\u00e9serve  d'etre exerc\u00e9es  \u00e0 tire exclusif par le d\u00e9clarant  (ou sous r\u00e9serve  d'une  comptabiit\u00e9\ns\u00e9par\u00e9e  pour  les personnes  morales  dispens\u00e9es  dela  condition  d'act\u00e9  excusive)  ces  activit\u00e9s\n'ouvrent  droit au  b\u00e9n\u00e9fice des  dispositions des  articles L. 7233-2  du  code du traval et L. 241-10\n'du code  de  la s\u00e9curit\u00e9  sociale.\n(Conform\u00e9ment  aux  dispositions de  l'article R7232-19 du code du travail, l'organisme  d\u00e9clar\u00e9  dot\nproduire au moins chaque trimestre un \u00e9tat d'activit\u00e9 et chaque  ann\u00e9e  un bilan quantitatif et\nqualtatf  de  l'activit\u00e9 exerc\u00e9e  au  tire de  l'ann\u00e9e  \u00e9coul\u00e9e  ainsi qu'un  tableau  statistique annuel.\nSi l'organisme  d\u00e9clar\u00e9  comporte  plusieurs \u00e9tablissements,  les \u00e9tats statistiques et le bilan annuel\ndistinguent  Factvite  exerc\u00e9e  par  chaque  \u00e9tablissement\nLe  pr\u00e9sent  r\u00e9c\u00e9piss\u00e9  prend  effet le 10  novembre  2026.\nL'enregistrement  de la d\u00e9claration pourra  tre  retir\u00e9si l'organisme  d\u00e9clar\u00e9 cosse  de  remplir\nles conditions  ou  de  respecter  les obligations mentionn\u00e9es  aux  4\u00b0,6\u00b0 et 6\u00b0 de  l'article\n723247  ou  qui  m\u00e9connait  les obligations  d\u00e9finies  \u00e0 article  R7232-19  du  code  du  travail.\nn ctl devra, sous\npeine  de  retrait de  la d\u00e9claration, fare  l'objet dune  d\u00e9caration  modificative  aupr\u00e8s  de  Unit\u00e9\nd\u00e9partementale  des  Hauts-de-Seine.\nLe pr\u00e9sent r\u00e9c\u00e9piss\u00e9 sera publi\u00e9 au recuell des  actes administratifsde la pr\u00e9fecture des  Hauts-\nde-Seine.\nFait  \u00e0  Nanterre,  le 18  novembre  2025.\nPour  le Pr\u00e9fet\nPar  d\u00e9l\u00e9gation  et subd\u00e9l\u00e9gation\nLa  Responsable  du  service\nD\u00e9veloppement  de  l'emploi  et des\ncomp\u00e9tences\n(\\Gute\nMariama  CONDE\n\nEE  Direction  r\u00e9gionale  et interd\u00e9partomentale\nMINIST\u00c8RE  l'\u00e9conomie, de l'emploi,\nDU  TRAVAIL,  DE  LA  SANT\u00c9,  du travail et des solidarit\u00e9s\nDES  SOLIDARIT\u00c9S\nET  DES  FAMILLES\nA\nR\u00e9c\u00e9piss\u00e9  n\u00b02025-639  de  d\u00e9claration  d'activit\u00e9s de  services  \u00e0 la personne\n'enregistr\u00e9e sous le n\u00b0 SAP933160266  au  nom  de  la micro-entreprise  MESTAOUI\nMOHAMED  sise  28  Boulevard de  Stalingrad  Chez  KERNANE  \u00e0 MALAKOFF  (92240)\nLE  PREFET  DES  HAUTS-DE-SEINE\nVu  la loi n\u00b0 2010-859 du  23 juillet 2010  relative aux  r\u00e9seaux  consulaires,  au commerce et \u00e0\nl'artisanat et aux  services  (article 31)\nVu  la loi n\u00b02015-1778  du 28  d\u00e9cembre  2015  relative \u00e0 l'adaptation de la soci\u00e9t\u00e9 au\nvellissement ;\nVu  l'article D7231-1  du  Code  du travail:\nVu  les d\u00e9crets n\u00b0 2011-1132  et n\u00b0 2011-1133  du  20  septembre  2011  modiant  certaines\ndispositions du Code  du  traval, relatives au ch\u00e8que  emplol-senice  universel et aux\nservices \u00e0 la personne  ;\nVu  le d\u00e9cret n\u00b02016-780 du 6 juin 2016 relat \u00e0 la Hsto des activites de services \u00e0 la personne\nsoumises  \u00e0 agr\u00e9ment  ou \u00e0 autorisation dans le cadre du r\u00e9gime commun  dela  d\u00e9claration ;\n'Vu le d\u00e9cret du 31 octobre 2024  portant nomination de Monsieur  Alexandre  BRUGERE,  en\n'qualit\u00e9 de Pr\u00e9fet des Hauts-de-Seine;\nVu  l'arr\u00eat\u00e9 interminist\u00e9riel du 12 ao\u00fbt 2025  nommant  Monsieur  Fabrice MASI,  Directeur\nr\u00e9gionalet interd\u00e9partemental de l'\u00e9conomie, de  l'emploi, du travail et des soldartes d'il\nde-France  \u00e0 compter  du  25  ao\u00fbt  2025 ;\nVu  l'arr\u00eat\u00e9 pr\u00e9fectoral n\u00b02026-33  du 22  ao\u00fbt 2025  par lequel le Pr\u00e9fet des  Hauts-de-Seine\nd\u00e9l\u00e8gue  sa signature  \u00e0 Monsieur  Fabrice  MASI,  Directeur  r\u00e9gional et interd\u00e9partemental\nde  l'\u00e9conomie, de l'emploi, du traval et des  solidarit\u00e9s d'le-ce-France ;\nVu  la d\u00e9cision n\u00b0 2025-187  du 25 ao\u00fbt 2025  portant subd\u00e9l\u00e9gation de  signature de Monsieur\nFabrice  MASI,  Directeur  r\u00e9gional et interd\u00e9partemental  de  l'\u00e9conomie,  de  l'emploi, du\ntravail et des  solidant\u00e9s  d'le-de-France,  aux  agents  de  l'Unit\u00e9 d\u00e9partementale  des  Hauts-\nde-Seine  ;\n'Vu la d\u00e9claration 'activit\u00e9s de services \u00e0 la personne  d\u00e9pos\u00e9es  le 10 novembre  2025 au nom\nde la micro-entreprise MESTAOUI  MOHAMED  sise 28 Boulevard de  Stalingrad Chez\nKERNANE  \u00e0  MALAKOFF  (82240)  ;\n\n'Apr\u00e8s  examen  du  dossier,  cette  demande  \u00e9tant  conforme  aux  dispositions  de  Particle  L. 7232-1-\n1 du  code  du  traval, le pr\u00e9sent  r\u00e9c\u00e9piss\u00e9  de  d\u00e9claration  d'activit\u00e9s de  services  \u00e0 la personne  a\n\u00e9t\u00e9 enregistr\u00e9 au nom  de la micro-entreprise MESTAOUI  MOHAMED  sous  le num\u00e9ro  SAP\n993160268\nLes  actvit\u00e9s  d\u00e9ciar\u00e9es  sont  es  suivantes,  \u00e0 l'exclusion  de toute  autre\n= Entrotion  de  la maison  et  travaux  m\u00e9nagers  ;\nPrestations relevant du b\u00e9n\u00e9fice dela  r\u00e9duction d'imp\u00f4t pr\u00e9vue \u00e0 laticle 199 sexdecies  du Code\nG\u00e9n\u00e9ral  des  Imp\u00f4ts.\nLa  structure  exerce  ces  activit\u00e9s  selon  le mode  suivant : PRESTATAIRE\n'Sous  r\u00e9serve  d'\u00eatre exerc\u00e9es  \u00e0  titre exclus  par  le d\u00e9ciarant  (ou sous  r\u00e9serve  d'une  comptabilit\u00e9\ns\u00e9par\u00e9e  pour  les personnes  morales  dispens\u00e9es  dela condition  d'activit\u00e9 exclusive). ces  activit\u00e9s\nouvrent droit au b\u00e9n\u00e9fice des dispositionsdes articles L. 7233-2  du code du travail et L. 241-10,\ndu  code  de  la s\u00e9curit\u00e9 sociale\n'Conform\u00e9ment  aux  dispositions de  l'article R7232-19  du code  du  traval, l'organisme d\u00e9ciar\u00e9 doit\nproduire au moins  chaque  trimestre un \u00e9tat activit\u00e9 et chaque  ann\u00e9e  un bilan quantitatif et\nqualtatfde Factvit\u00e9 exerc\u00e9e au tive de l'ann\u00e9e \u00e9coul\u00e9e ainsi qu'un tableau statistique annuel.\nSi organisme d\u00e9clar\u00e9  compore  plusieurs  \u00e9tablissements,  les \u00e9tats statistiques et l  bilan annuel\ndistinguent  l'actit\u00e9 exerc\u00e9e  par  chaque  \u00e9tablissement.\nLe  pr\u00e9sent  r\u00e9c\u00e9piss\u00e9  prend effet le 10 novembre  2025.\nL'enregistrement de la d\u00e9claration  pourra tre  retir\u00e9 si l'organisme  d\u00e9clar\u00e9  cesse de remplir\nles conditions  ou  de  respecter  les obligations mentionn\u00e9es  aux  4',5\u00b0 et 6\u00b0 de  l'article\nR7232-17 ou  qui m\u00e9connait les obligations d\u00e9finies \u00e0 l'article R7232-19 du code du travail.\n23 devra, sous\none  de reat  dela  docaraton,  fare Tobjet dune  declaration modtcatve  aupr\u00e9s  de FUnte\nd\u00e9partement  des  Hauts-de-Seine.\nLe  pr\u00e9sent  r\u00e9c\u00e9piss\u00e9  sera publi\u00e9 au  recueil des  actes  adminstratts  de  la pr\u00e9fecture  des Hauts-\nde-Seine.\nFait \u00e0 Nanterre,  le 18  novembre  2025.\nPour  le Pr\u00e9fet\nPar  d\u00e9l\u00e9gation  et  subd\u00e9l\u00e9gation\nLa Responsable  du  servic:\nD\u00e9veloppement  de  l'emploi  et des\ncomp\u00e9ionces\n\u00c0\nMariama  COND\u00c9\n\n=n  Direction r\u00e9gionale  et interd\u00e9partementale\nMINISTERE  de l'\u00e9conomie, de l'emplol,\nDU  TRAVAIL,  DE  LA SANT\u00c9,  du travail et des solidarit\u00e9s\nDES  SOLIDARIT\u00c9S\nET  DES  FAMILLES\nA\nR\u00e9c\u00e9piss6  n\u00b02028-640  de  d\u00e9claration  d'activit\u00e9s  de  services  \u00e0 la personne\n\"enregistr\u00e9e  sous le n\u00b0 SAP993657295  au  nom  de  la micro-entreprise  SOUMARE\n'AMINATA  sise  8 all\u00e9e Jean  Bouin  \u00e0 CHATENAY-MALABRY  (92290)\nLE  PREFET  DES  HAUTS-DE-SEINE\nVu  la lo n\u00b0 2010-853  du  23  juillet 2010  relative aux  r\u00e9seaux  consulaires,  au  commerce  et \u00e0\nFartisanat et aux services (article 31);\n'Vu la loi n\u00b02018-1778  du  28  d\u00e9cembre  2015  relative \u00e0  adaptation  de  la soci\u00e9t\u00e9 au\nvellissement\nVu  l'article D7231-1  du  Code  du  travail;\nVu  les d\u00e9crets n\u00b0 2011-1132  et n\u00b0 2011-1133  du  20 septembre  2011  modifiant certaines\ndispostions  du  Code  du  traval, relatives au  ch\u00e8que  emplo-service  universal  et aux\nservices  \u00e0 la personne ;\nVu  le d\u00e9cret  n\u00b02016750 du 6 juin 2016 relatif \u00e0 la liste des activites de services \u00e0 la personne\nsoumises \u00e0 agr\u00e9ment  ou \u00e0 autorisation dans  le cadre du r\u00e9gime commun  dela d\u00e9claration ;\nVu  le d\u00e9cret du  31 octobre 2024  portant nomination de  Monsieur  Alexandre  BRUGERE,  en\nqualit\u00e9 de Pr\u00e9fet des Hauts-de-Seine ;\nVu  l'ar\u00e9t\u00e9 interminist\u00e9riel du  12 ao\u00fbt  2025  nommant  Monsieur  Fabrice  MASI,  Directeur\nr\u00e9gional et interd\u00e9partementalde l'\u00e9conomie, de l'emploi, du  travailet des solidarit\u00e9s d'lle-\nde-France  \u00e0 compter  du  25  ao\u00fbt  2025 ;\nVu  l'arr\u00eat\u00e9 pr\u00e9fectoral n\u00b02028-33  du  22  ao\u00fbt 2025  par lequel le Pr\u00e9fet des  Hauts-de-Seine\nd\u00e9l\u00e8gue  sa signature \u00e0 Monsieur  Fabrice MASI, Directeur r\u00e9gional et interd\u00e9partemental\nde l'\u00e9conomie, de l'emploi, du travailet des solidarit\u00e9s d'\u00cele-de-France\nVu  la d\u00e9cision  n\u00b0 2025-157  du  25 ao\u00fbt  2025  portant  subd\u00e9l\u00e9gation  de  signature  de  Monsieur\nFabrice MASI, Directeur r\u00e9gional et interd\u00e9partemental de l'\u00e9conomie, de  l'emploi, du\ntravail et des solidat\u00e9sd'le-de-France,  aux agents de l'Unit\u00e9 d\u00e9partementale  des Hauts-\nde-Seine ;\nVu  la d\u00e9claration  d'actvit\u00e9s de services \u00e0 la personne  d\u00e9pos\u00e9es  le 10 novembre  2025  au nom\nde  la micro-entreprise SOUMARE  AMINATA  sise 8 all\u00e9e Jean  Bouin \u00e0 CHATENAY-\nMALABRY  (82200) ;\n\nApr\u00e8s examen  du dossier, cette demande \u00e9tant conforme aux dispositions de article L. 7232-1-\n1 du  code  du  travail, le  pr\u00e9sent  r\u00e9c\u00e9piss\u00e9  de  d\u00e9claration  d activit\u00e9s  de  services  \u00e0 a  personne  a\n\u00e9t\u00e9 enregistr\u00e9  au  nom  de  la micro-entreprise  SOUMARE  AMINATA  sous  le num\u00e9ro  SAP\n999657295,\nLes  activit\u00e9s d\u00e9clar\u00e9es  sont les suivantes,  \u00e0 l'exclusionde toute autre\n= Entrotion  de  la maison  et  travaux  m\u00e9nagers  ;\n= Garde  d'enfants  de  plus  de  trois ans \u00e0  domicile;\nPrestations relevant  du  b\u00e9n\u00e9fice de la r\u00e9duction d'imp\u00f4t  pr\u00e9vue  \u00e0 l'article 199  sexdecies  du Code\nG\u00e9n\u00e9ral  des  Imp\u00f4ts.\nLa  structure  exerce  ces  activit\u00e9s  selon  le mode  suivant  : PRESTATAIRE\nSous  r\u00e9serve  d'tre  exerc\u00e9es  \u00e0 titre exclusif parle  d\u00e9clarant  (ou  sous  r\u00e9serve  d'une  comptabiit\u00e9\ns\u00e9par\u00e9e  pour  les personnes  morales  dispens\u00e9es  de  la condition  d'activit\u00e9 exclusive), ces  activites\n'ouvrent droit au b\u00e9n\u00e9fice des dispositions des articles L. 7233-2  du code du traval et L. 241-10\ndu  code  de  la s\u00e9curt\u00e9  sociale.\n(Conform\u00e9ment  aux  dispositions de  l'article R7232-19  du  code  du  travail, l'organisme  d\u00e9clar\u00e9  dot\nproduire au moins chaque trimestre un \u00e9tat d'activit\u00e9 et chaque ann\u00e9e un bilan quantitatif et\nqualitatif de l'activit\u00e9 exerc\u00e9e  au tire de  l'ann\u00e9e \u00e9coul\u00e9e  ainsi qu'un tableau statistique annuel.\nSi l'organisme  d\u00e9clar\u00e9  comporte  plusieurs  \u00e9tablissements,  les \u00e9tats statistiques et ls bilan annuel\ndistinguent  l'actiit\u00e9 exerc\u00e9e  par  chaque  \u00e9tablissement.\nLo  pr\u00e9sent  r\u00e9c\u00e9piss\u00e9  prend  effet le 10  novembre  2026,\nL'enrogistroment  de la d\u00e9claration  pourra  \u00eatre retir\u00e9si l'organisme  d\u00e9clar\u00e9  casse  de remplir\nR7232-17 ou  qui  m\u00e9connait  les obligations  d\u00e9finis  \u00e0  article  R7232-19  du  code  du  travail.\n'Toute modification concernant ia structure d\u00e9clar\u00e9e ou les activit\u00e9s exerc\u00e9es devra. sous\npeine de retrait de la d\u00e9claration, faire l'objet d'une d\u00e9claration modicative aupr\u00e9s de l'Unit\u00e9\n'd\u00e9partementale  des  Hauts-de-Seine\nLe  pr\u00e9sent  r\u00e9c\u00e9pas  saa  pub  au rece  des  aces  adieu des  Hau\ndo-Soine.\nFait \u00e0 Nanterre, le 19 novembre  2025.\nPour  le Pr\u00e9fet\nr d\u00e9l\u00e9gation  ot subd\u00e9l\u00e9gation\nResponsable  du  service\nD\u00e9veloppement  de  l'emploi  et des\n\nEs  Direction r\u00e9gionale et interd\u00e9partementale\nMINIST\u00c8RE de l'\u00e9conomie, de l'emploi,\nDU  TRAVAIL, DE LA SANT\u00c9, du travail et des solidarit\u00e9s\nDES  SOLIDARIT\u00c9S\nET  DES  FAMILLES\n=\nR\u00e9c\u00e9piss\u00e9  n*2025-641  de  d\u00e9claration  d'activit\u00e9s de  services  \u00e0 la personne\nenregistr\u00e9e  sous  le n\u00b0 SAP992250480  au  nom  de  la micro-entreprise  KOUBAA\nNADIRA  sise  16  RUE  Edouard  Manet \u00e0 VILLENEUVE-LA-GARENNE  (92390)\nLE  PREFET  DES  HAUTS-DE-SEINE\nVu  la loi n\u00b0 2010-853 du  23  juillet 2010  relative aux  r\u00e9seaux  consulaires, au  commerce et \u00e0\nl'artisanat et aux  services  (article 31);\nVu  la loi n\u00b02015-1776  du  28  d\u00e9cembre  2015  relative \u00e0 l'adaptation de  la soci\u00e9t\u00e9  au\nviilissement ;\nVu  l'article 07231-1  du  Code  du  travail\nVu  les d\u00e9crets n\u00b0 2011-1132 et n\u00b0 2011-1133  du 20 septembre 2011 modifiant certaines\ndispositions du  Code  du  travail relatives au  ch\u00e8que  emploi-service  universel et aux\nservices \u00e0 la personne  ;\nVu  le d\u00e9cret n\u00b02016:750 du 6 juin 2016 relat \u00e0 la iste des  activit\u00e9s de services \u00e0 la personne\nsoumises \u00e0 agr\u00e9ment  ou  autorisation dans  le cadre du r\u00e9gime commun  dela d\u00e9claration ;\nVu  le d\u00e9cret du 31 octobre 2024  portant nomination  de  Monsieur  Alexandre  BRUGERE,  en\nquait\u00e9 de Pr\u00e9fet des Hauts-de-Seine ;\nVu  l'ar\u00eat\u00e9 interminist\u00e9riel du 12 ao\u00fbt 2025  nommant  Monsieur  Fabrice MASI,  Directeur\nr\u00e9gionalet interd\u00e9partemental de  l'\u00e9conomie, del'emploi, du travailet des solidarit\u00e9s dle-\nde-France \u00e0 compter  du 25 ao\u00fbt  2025 ;\nVu  l'arr\u00eat\u00e9 pr\u00e9fectoral n\u00b02025-33  du  22 ao\u00fbt 2025  par lequel le Pr\u00e9fet des  Hauts-de-Seine\n'd\u00e9l\u00e8gue sa signature \u00e0 Monsieur  Fabrice MASI,  Directeur r\u00e9gional et interd\u00e9partemental\nde l'\u00e9conomie, de l'emploi du travailet des solidant\u00e9s d'le-de-France;\nVu  la d\u00e9cision n\u00b0 2025-157 du 25 ao\u00fbt 2025  portant subd\u00e9l\u00e9gation de signature de Monsieur\nFabrice MASI,  Directeur r\u00e9gional et interd\u00e9partemental de  l'\u00e9conomie, de  l'emploi, du\ntravail et des  soldari\u00e9s  dle-de-France, aux agents  de  l'Unit\u00e9 d\u00e9partementale  des  Hauts-\nde-Seine\nVu  la d\u00e9ciaration d'activit\u00e9s de services \u00e0 la personne  d\u00e9pos\u00e9es  le 1 novembre 2025 au nom\nde  la micro-entreprise KOUBAA  NADIRA  sise 16 RUE  Edouard  Manet  \u00e0 VILLENEUVE-\nLAGARENNE  (82390);\n\nApr\u00e8s examen  du dossier, cette demande  \u00e9tant conforme aux dispositions de article L. 7232-1-\n1 du  code  du  travail, le pr\u00e9sent  r\u00e9c\u00e9piss\u00e9  de  d\u00e9claration  d'activit\u00e9s  de  services  \u00e0  la personne\n\u00e9t\u00e9 enregistr\u00e9  au  nom  de  la micro-entreprise  KOUBAA  NADIRA  sous  le num\u00e9ro  SAP\n992250480,\nLes  activit\u00e9s  d\u00e9clar\u00e9es  sont  les  suivantes,  \u00e0 l'exclusion  de  toute  autre\nEntretien  de  la maison  et  travaux  m\u00e9nagers\nPetits  travaux  de  jardinage,  y  compris  les  travaux  de  d\u00e9broussaillage\n'Travaux de petit  bricolage  dits \u00ab homme  toutes  mains  \u00bb ;\nGarde  d'enfants de  plus  de  trois ans  \u00e0  domicil\nSoins  d'esth\u00e9tiques  \u00e0  domicile  pour  les personnes  d\u00e9pendantes  ;\nPr\u00e9paration  de  repas  \u00e0 domicile,  y compris  le tomps  pass\u00e9  aux  courses\nLivraison  de  repas  \u00e0 domicile;\nCollecte  et  livraison  \u00e0  domicile  de  linge  repass\u00e9  ;\nLivraison  de  courses  \u00e0 domicile\nAssistance  informatique  \u00e0  domicile  ;\nSoins  et  promenades  d'animaux  de  compagnie,  &'\net du  tollttage,  pour  les personnes  d\u00e9pendantes\nMaintenance,  entretien  et vigilance  temporaires,  \u00e0 domicile,  de  la r\u00e9sidence\nprincipale ot secondaire\n= Assistance  administrative  \u00e0  domicile;\n= Accompagnement  des  enfants  de  plus  de  trois  ans  dans  leurs  d\u00e9placements  en\n'dehors  de  leur  domicile  (promenades,  transports,  actes  de la vie  courante)  ;\n+ Accompagnement  des.  personnes  temporairement  d\u00e9pendantes  autres  que\nPersonnes  \u00e2g\u00e9es, handicap\u00e9es  ou atteintesde pathologies chroniques, dans  leurs\nd\u00e9placements  on  dehors  de  leur  domicile  (promenades,  aide  \u00e0  la  mobilit\u00e9  et  au\ntransport,  actes  de  la vie  courante)  ;\n+ Assistance  aux  personnes  autres  que  personnes  \u00e2g\u00e9es,  handicap\u00e9es  ou  atteintes\n'do pathologies  chroniques  qui  ont  besoin  temporairement  d'une  aide  personnelle\nleur domicile,  \u00e0  l'exclusion  des  soins  relevant  d'actes m\u00e9dicaux ;\n{ception des  soins  v\u00e9t\u00e9rinaires\nPrestations  relevant  du  b\u00e9n\u00e9fice  de  a  r\u00e9duction  d'imp\u00f4t  pr\u00e9vue  \u00e0  article  199  sexdecies  du  Code\nG\u00e9n\u00e9ral  des  Impets.\nLa  structure  exerce  ces  activit\u00e9s  selon  le mode  sulvant :  PRESTATAIRE\nSous  r\u00e9serve  d'\u00eatre  exerc\u00e9es  \u00e0  tre  exclus  par  le d\u00e9clarant  (ou  sous  r\u00e9serve  d'une  comptabilit\u00e9\ns\u00e9par\u00e9e  pour les personnes  morales  dispens\u00e9es de la condition dactivt\u00e9 exclusive). ces activit\u00e9s\nouvrent  drot  au  b\u00e9n\u00e9fice des dispositions des  articles L. 7233-2  du code du travallet L  241-10\n'du code  de  la s\u00e9curit\u00e9  sociale.\n(Conform\u00e9ment  aux  dispositions de  l'article R7232-19  du  code  du  travail l'organisme  d\u00e9clar\u00e9  doit\nproduire au moins  chaque  trimestre un \u00e9tat d'activit\u00e9 et chaque  ann\u00e9e  un bilan quantitatif et\nualitatf  de  l'activit\u00e9 exerc\u00e9e  au  tire de  l'ann\u00e9e  \u00e9coul\u00e9e  ainsi qu'un  tableau  statistique annuel\nSi organisme  d\u00e9clar\u00e9  comporte  plusieurs  \u00e9tablissements,  les \u00e9tats statistiques et le bilan annuel\nistinguent  l'actiit\u00e9  exerc\u00e9e  par  chaque  \u00e9tablissement.\nLe  pr\u00e9sent  r\u00e9c\u00e9piss\u00e9  prend  effet le 11 novembre  2026.\nL'enregistrement de  la d\u00e9claration  pourra  \u00eatre  rotir\u00e9 si l'organisme  d\u00e9clar\u00e9  cesse  de  remplir\nles  conditions  ou  de  respecter  les  obligations  mentionn\u00e9es  aux  4\u00b05\u00b0  et  6\u00b0  de  l'article\nR7232-17  ou  qui  m\u00e9connait  les obligations  d\u00e9finies  \u00e0 l'article R7232-19  du  code  du  travail,\n\npaie  de retrait de la d\u00e9caralion, fare Tobjet dune  d\u00e9claration modifeatve aupr\u00e9s de (Unit\u00e9\nd\u00e9partementale  des  Hauts-de-Seine.\nLe  pr\u00e9sent  r\u00e9c\u00e9piss\u00e9  sera publi\u00e9 au  recuel  des  actes  administratifs de la pr\u00e9fecture  des  Hauts-\nde-Seine.\nFait \u00e0  Nanterre,  le 19  novembre  2025.\nPour  le Pr\u00e9fet\nPar  d\u00e9l\u00e9gation  et subd\u00e9l\u00e9gation\nLa  Responsable  du  service\nD\u00e9veloppement  de  l'emploi  et  des\nso\nMaciima  CONDE\n\nEx  Direction  r\u00e9gionale et  interd\u00e9partementale\nMINIST\u00c8RE de l'\u00e9conomie,de l'emploi,\nDU  TRAVAIL,  DE  LA  SANT\u00c9,  du traval et des solidarit\u00e9s.\nDES  SOLIDARIT\u00c9S\nET  DES  FAMILLES\new\nR\u00e9c\u00e9piss\u00e9  n*2025-642  de  d\u00e9claration  d'activit\u00e9s de  services  \u00e0  la personne\nenregistr\u00e9e  sous  le n\u00b0 SAP993849975  au  nom  de  la micro-entreprise  LACAMILE\nYASSINE  sise  31 Rue  Mauriceau  \u00e0 ASNIERES-SUR-SEINE  (92600)\nLE  PREFET  DES  HAUTS-DE-SEINE\nVu  la loi n\u00b0 2010-859  du 23 jullet 2010  relative aux r\u00e9seaux  consulaires, au commerce  et \u00e0\nl'artisanat et aux  services  (article 31):\nVu  la lo n\u00b02016-1776  du 28  d\u00e9cembre  2015  relative \u00e0 l'adaptation de la soci\u00e9t\u00e9 au\nviilissement ;\nVu  l'arc  D723/\nVu  les d\u00e9crets n\u00b0 2011-1132  et n\u00b0 2011-1133  du 20  septembre  2011  modifiant certaines\ndispositions du  Code  du  traval, relatives au  ch\u00e8que  emploi-service  universel et aux\nservices  \u00e0  la personne  ;\ndu Code  du  travail;\nVu  le d\u00e9cret  n\u00b02016-750  du  6  juin 2016  relat \u00e0  la iste des  activites de  services  \u00e0 la personne\nsoumises  \u00e0 agr\u00e9ment ou \u00e0 autorisation dans  le cadre  du  r\u00e9gime  commun  dela d\u00e9claration  ;\nVu  le d\u00e9cret  du  31 octobre  2024  portant nomination  de  Monsieur  Alexandre  BRUGERE,  en\nqualt\u00e9 de Pr\u00e9fet des Hauts-de-Seine ;\nVu  l'\u00e9t\u00e9  interminist\u00e9riel du  12 ao\u00fbt  2025  nommant  Monsieur  Fabrice  MASI,  Directeur\nr\u00e9gional et interd\u00e9partemental  de  l'\u00e9conomie,  de l'emploi, du  travailet des  solidart\u00e9s d'le-\n'de-France  \u00e0  compter  du  25  ao\u00fbt  2025\nVu  l'rr\u00e8t\u00e9  pr\u00e9fectoral n\u00b02025-33  du  22  ao\u00fbt  2025  par  lequel le Pr\u00e9fet des  Hauts-de-Seine\nd\u00e9l\u00e8gue  sa signature  \u00e0 Monsieur  Fabrice  MASI,  Directeur  r\u00e9gional et interd\u00e9partemental\nde  \u00e9conomie,  de l'emploi, du traval et des solidarit\u00e9s d'le-de-France;\nVu  la d\u00e9cision  n\u00b0 2025-187  du  25  ao\u00fbt  2025  portant subd\u00e9l\u00e9gation  de signature  de  Monsieur\nFabrice  MASI,  Directeur  r\u00e9gional et interd\u00e9partemental  de  l'\u00e9conomie, de  l'emploi, du\ntravail et des  solidant\u00e9s  dle-de-France,  aux  agents  de  l'Unit\u00e9 d\u00e9partementale  des  Hauts-\nde-Seine  ;\nVu  la d\u00e9claration d'activit\u00e9s de services \u00e0  la personne  d\u00e9pos\u00e9es  le 14 novembre  2025 au nom\nde  la micro-entreprise  LACAMILE  YASSINE  sise 31 Rue  Mauriceau  \u00e0 ASNIERES-SUR-\nSEINE  (82600)\n\nApr\u00e8s  examen du dossier, cette demande \u00e9tant conforme aux dispositions de Fartile L. 7232-1-\n1 du code  du traval, le pr\u00e9sent  r\u00e9c\u00e9piss\u00e9  de d\u00e9ciaration d activit\u00e9s de services \u00e0 a  personne\n\u00e9t\u00e9  enregistr\u00e9 au nom  de  la micro-entreprise  LACAMILE  YASSINE  sous  le num\u00e9ro SAP\n993849975,\nLes  activites d\u00e9clar\u00e9es  sont les suivantes,  a exclusion  de toute autre\nEntretien  de  la maison  et  travaux  m\u00e9nagers  ;\nPrestations  relevant du  b\u00e9n\u00e9fice  de  la r\u00e9duction  d'imp\u00f4t  pr\u00e9vue  \u00e0  l'article 199  sexdecies  du  Code\nG\u00e9n\u00e9ral  des  Impbts.\nLa  structure  exerce  ces  activit\u00e9s  selon  le mode  suivant  :  PRESTATAIRE\nSous  r\u00e9serve  d'\u00e9tre exerc\u00e9es  \u00e0 ttre exclusif parle  d\u00e9clarant  (ou  sous r\u00e9serve  d'une  comptablit\u00e9\ns\u00e9par\u00e9e pour les personnes morales dispens\u00e9es de la condition activit\u00e9 exclusive),ces activit\u00e9s\nouvrent  droit au b\u00e9n\u00e9fice  des  dispositions des  articles L. 7233-2  du code  du travall et L. 241-10\ndu  code  de  la  s\u00e9curit\u00e9 sociale.\n(Conform\u00e9ment  aux  dispositions de  l'article R7232-19  du  code  du  travail, l'organisme  d\u00e9clar\u00e9  doit\nproduire au moins chaque trimestre un \u00e9tat d'activit\u00e9 et chaque  ann\u00e9e un bilan quantitati et\nqualtatf de l'activit\u00e9 exerc\u00e9e  au tire de  l'ann\u00e9e \u00e9coul\u00e9e  ainsi qu'un tableau statistique annuel.\nSi l'organisme  d\u00e9clar\u00e9  comporte  plusieurs \u00e9tablissements,  les \u00e9tats statistiques et le bilan annuel\ndistinguent  l'activit\u00e9 exerc\u00e9e  par  chaque  \u00e9tablissement\nLe  pr\u00e9sent  r\u00e9c\u00e9piss\u00e9  prend  effet le 14  novembre  2025.\nL'enregistrement de la d\u00e9claration pourra  \u00eatre retir\u00e9 si l'organisme  d\u00e9clar\u00e9 cesse de remplir\nles conditions  ou  de  respecter  les obligations  mentionn\u00e9es  aux  4',5\u00b0 et 6\u00b0 de l'article\n7232-17  ou  qui  m\u00e9connait  les obligations  d\u00e9finies  \u00e0  l'article R7232-19  du  code  du  travail.\n'Toute  modification concemant  la structure d\u00e9clar\u00e9e ou les activit\u00e9s exerc\u00e9es dovra, sous\npeine de retrait de  la d\u00e9claration, fare l'objet dune  d\u00e9ciaration modificative aupr\u00e9s  de  l'Unit\u00e9\nd\u00e9partementale  des  Hauts-de-Seine.\nLe pr\u00e9sent r\u00e9c\u00e9piss\u00e9 sera publi\u00e9 au recuell des  actes administratifs de  a  pr\u00e9fecture des  Hauts-\nde-Seine.\nFait \u00e0  Nanterre,  le 19  novembre  2025,\nPour  le Pr\u00e9fet\nr d\u00e9l\u00e9gation  et subd\u00e9l\u00e9gation\nLa  Responsable  du  service\nD\u00e9veloppement  de  l'emploi  ot des.\ncomp\u00e9tences\nMariama  CONDE\n\nEE  Direction  r\u00e9gionale  et interd\u00e9partementale\nMINISTERE  de l'\u00e9conomie, de l'emploi,\nDU  TRAVAIL,  DE  LA  SANT\u00c9,  du traval et des solidarit\u00e9s\nDES  SOLIDARIT\u00c9S\nET  DES  FAMILLES\nA\nR\u00e9c\u00e9plss\u00e9  n\u00b02025-643  do d\u00e9claration  d'activit\u00e9s de  services  \u00e0 la personne\nenregistr\u00e9e  sous  le n\u00b0 SAP982401240 au  nom  de  la micro-entreprise  BENIZEM\nHoua  sise  35  Rue  des  Cailloux  \u00e0 CLICHY  (92110)\nLE  PREFET  DES  HAUTS-DE-SEINE\nVu  la loi n\u00b0 2010-853  du  23  juillet 2010  relative aux  r\u00e9seaux  consulaires, au  commerce  et \u00e0\nl'artisanatet aux  services  (article 31);\nVu  la loi n\u00b020161776  du  28  d\u00e9cembre  2015  relative \u00e0  l'adaptation de  la soci\u00e9t\u00e9  au\nViellissement\nVu  l'article 07231-1  du  Code  du  travail:\nVu  les d\u00e9crets  n\u00b0 2011-1132  et n\u00b0 2011-1133  du  20  septembre  2011  modifiant  certaines\ndispostions  du  Code  du  traval, relatives au  ch\u00e8que  emploi-service  universel  et aux\nservices  \u00e0 la personne  ;\nVu  le d\u00e9cret  n*2016-750  du  6 jun  2016  relatif \u00e0 la iste des  activit\u00e9s de  services  \u00e0 la personne\nsoumises & agr\u00e9ment  ou  \u00e0  autorisation  dans le cadre  du  r\u00e9gime  commun  de  a  d\u00e9claration  ;\nVu  le d\u00e9cret  du  31 octobre  2024  portant  nomination  de  Monsieur  Alexandre  BRUGERE,  en\nqualt\u00e9 de  Pr\u00e9fet des  Hauts-de-Seine  ;\nVu  l'arr\u00eat\u00e9 interminist\u00e9riel du  12 ao\u00fbt  2025  nommant  Monsieur  Fabrice  MASI,  Directeur\nr\u00e9gional  et interd\u00e9partemental de l'\u00e9conomie,  de  l'emploi, du travailet des  solidarit\u00e9s dle\nde-France \u00e0 compter  du 25 ao\u00fbt  2025 ;\nVu  l'arr\u00eat\u00e9 pr\u00e9fectoral  n\u00b02025-33  du  22  ao\u00fbt  2025  par  lequel  le Pr\u00e9fet  des  Hauts-de-Seine\nd\u00e9l\u00e8gue  sa  signature  \u00e0 Monsieur  Fabrice  MASI,  Directeur  r\u00e9gional et interd\u00e9partemental\nde l'\u00e9conamie, de l'emploi du traval et des solidant\u00e9s d'\u00eele-de-France;\nVu  la d\u00e9cision  n\u00b0 2025-157  du  25  ao\u00fbt  2025  portant  subd\u00e9l\u00e9gation  de  signature  de  Monsieur\nFabrice  MASI,  Directeur  r\u00e9gional  et interd\u00e9partemental  de  l'\u00e9conomie,  de  l'emploi, du\ntravail et  des  soldari\u00e9s  d'le-de-France,  aux  agents  de  l'Unit\u00e9  d\u00e9partementale  des  Hauts-\nde-Seine\n'Vu la d\u00e9claration  'activit\u00e9s de services  \u00e0 a  personne  d\u00e9pos\u00e9es  le 14 novembre  2025  au  nom\nde  la micro-entreprise  BENIZEM  Houa  sise  35  Rue  des  Calloux  \u00e0 CLICHY  (82110);\n\nApr\u00e8s examen du dossier, cette demande \u00e9tant conforme aux dispositions de farticle L. 7232-1-\n1 du  code  du travail, le pr\u00e9sent  r\u00e9c\u00e9piss\u00e9  de d\u00e9claration d'activit\u00e9s de services \u00e0 la personne  a\n\u00e9t\u00e9 enregistr\u00e9 au nom  de  la micro-entreprise BENIZEM  Houa  sous  le num\u00e9ro  SAP  992401240,\nLes  activit\u00e9s d\u00e9ciar\u00e9es  sont les suivantes,  a l'exclusion de  toute autre :\nEntretien  de  la maison  et travaux  m\u00e9nagers  ;\nPrestations  relevant  du b\u00e9n\u00e9fice dela r\u00e9duction  d'imp\u00f4t  pr\u00e9vue  \u00e0 article 199 sexdecies du Code\nG\u00e9n\u00e9ral  des  impots.\nLa  structure  exerce  ces  activit\u00e9s  selon  le mode  suivant  : PRESTATAIRE\nSous  r\u00e9serve d'\u00eatre exerc\u00e9es  \u00e0 tte  exclus par le d\u00e9clarant (ou sous  r\u00e9serve d'une comptabilit\u00e9\ns\u00e9par\u00e9e  pour  les personnes  morales  dispens\u00e9es de la condition d activit\u00e9 exclusive), ces  activites\nouvrent  droit au  b\u00e9n\u00e9fice  des  dispositions des  articles L. 7233-2  du  code  du  travail et L  241-10\ndu  code  de  la s\u00e9curit\u00e9 sociale.\n'Conform\u00e9ment  aux  dispositions de l'article R7232-19  du code  du  travail l'organisme d\u00e9clar\u00e9 dot\nproduire au moins  chaque  trimestre un \u00e9tat d'activit\u00e9 et chaque  ann\u00e9e  un bilan quanttati et\nqualtatf de ractvit\u00e9 exerc\u00e9e  au  tre  de  l'ann\u00e9e  \u00e9coul\u00e9e  ainsi qu'un  tableau  statistique annuel\nSi organisme  d\u00e9clar\u00e9  comport  plusieurs  \u00e9tablissements,  les \u00e9tats statistiques et le bilan annuel\ndistinguent  activit\u00e9  exerc\u00e9e  par  chaque  \u00e9tablissement.\nLo pr\u00e9sent  r\u00e9c\u00e9piss\u00e9  prend  effet le 14 novembre  2025.\nL'enrogistrement de la d\u00e9claration pourra \u00eatre retir\u00e9 si l'organisme  d\u00e9clar\u00e9 cesse de remplir\nles conditions  ou  de  respecter  les obligations  mentionn\u00e9es  aux  4\u00b0,6\u00b0 et 6\u00b0 de  l'article\nR7232-17  ou  qui m\u00e9connait les obligations d\u00e9finies \u00e0 l'article R7232-19 du  code  du  travail.\npone  de  reat  de  la d\u00e9caraon,  fare  Tobjet  d'une  d\u00e9claration  modieatve  aupr\u00e9s  de  lUnit\u00e9\nd\u00e9partementale  des  Hauts-de-Seine\nLe pr\u00e9sent r\u00e9c\u00e9piss\u00e9 sera publi\u00e9 au recuel des  actes administratifsde la pr\u00e9fecture des  Hauts-\nde-Seine.\nFait  \u00e0 Nanterre, le 24 novembre  2025.\nPour  le Pr\u00e9fet\nPar d\u00e9l\u00e9gation ot subd\u00e9l\u00e9gation\nLa  Responsable  du  service\nD\u00e9veloppement  de  l'emploi ot des\n\"comp\u00e9tences\n\u00a2\nMariama  CONDE\n\nEx  Direction  r\u00e9gionale  et  interd\u00e9partementale\nMINIST\u00c8RE  de l'\u00e9conomie, de l'emploi,\nDU  TRAVAIL,  DE  LA  SANT\u00c9,  du travail et des solidarit\u00e9s\nDES  SOLIDARIT\u00c9S\nET  DES  FAMILLES\nFar\nR\u00e9c\u00e9piss\u00e9  n\u00b02025-644 de  d\u00e9claration  d'activit\u00e9s de  services  \u00e0 la personne\n\"enregistr\u00e9e  sous  le n\u00b0  SAP993463413  au  nom  de  la micro-entreprise  Fleur\nMONTFORT  CHALMOT  DE  LA  MESLIERE  sise  2 All\u00e9e  des  Ch\u00e2taigniers  \u00e0 RUEIL-\nMALMAISON  (92500)\nLE  PREFET  DES  HAUTS-DE-SEINE\nVu  la loi n\u00b0  2010-853  du  23  juillet 2010  relative  aux  r\u00e9seaux  consulaires,  au commerce  et  \u00e0\nl'artisanatet aux services (article 31);\nVu  la loi n\u00b020151776  du  28  d\u00e9cembre  2015  relative  \u00e0  Fadaptation  de  la soci\u00e9t\u00e9  au\nviellissement ;\nVu  l'aricie 07231-1  du  Code  du travail;\nVu  les  d\u00e9crets  n\u00b0  2011-1132  et  n\u00b0  2011-1133  du  20  septembre  2011  modifiant  certaines\ndispostions  du  Code  du  traval, relatives au  ch\u00e8que  emplo-service  universel et aux\n'services \u00e0 la personne  ;\nVu  le d\u00e9cret  n\u00b02016-750 du 8 juin 2016  relatif \u00e0 la ste des activit\u00e9s de services \u00e0 la personne\nsoumises  \u00e0 agr\u00e9ment  ou \u00e0 autorisation dans  le cadre  du  r\u00e9gime  commun  de a  d\u00e9claration ;\nVu  le d\u00e9cret  du  31 octobre  2024  portant  nomination  de  Monsieur  Alexandre  BRUGERE,\nquait\u00e9 de Pr\u00e9fet des Hauts-de-Seine ;\nVu  l'ar\u00eat\u00e9 interminist\u00e9riel du  12 ao\u00fbt  2025  nommant  Monsieur  Fabrice  MASI,  Directeur\nr\u00e9gional et interd\u00e9partemental de l'\u00e9conomie, de l'emploi, du travailet des solidarit\u00e9s dle\nde-France \u00e0  compter  du  25  ao\u00fbt  2025  ;\nVu  l'arr\u00eat\u00e9 pr\u00e9fectoral n\u00b02025-33  du  22  ao\u00fbt  2025  par  lequel le Pr\u00e9fet des  Hauts-de-Seine\n'd\u00e9l\u00e8gue  sa  signature  \u00e0 Monsieur  Fabrice  MASI,  Directeur  r\u00e9gional et interd\u00e9partemental\n'de l'\u00e9conamie, de l'emploi, du travail et des  solidarit\u00e9s d'le-de-France\n'Vu la d\u00e9cision  n\u00b0 2025-157  du  25  ao\u00fbt  2026  portant  subd\u00e9l\u00e9gation  de  signature  de  Monsieur\nFabrice  MASI,  Directeur  r\u00e9gional et interd\u00e9partemental  de  \u00e9conomie,  de  l'emploi. du\ntravail et des  solidarit\u00e9s dle-de-France,  aux  agents  de  Unit\u00e9  d\u00e9partementale  des  Hauts-\nde-Seine  ;\nVu  la d\u00e9claration d'activit\u00e9s de services \u00e0 la personne  d\u00e9pos\u00e9es  le 07 novembre  2025 au nom\nde  la micro-entreprise  Fleur  MONTFORT  CHALMOT  DE  LA  MESLIERE  sise 2 All\u00e9e des\nCChataigniers  \u00e0  RUEIL-MALMAISON  (92500):\n\n'Apr\u00e8s examen  du  dossier, cette demande  \u00e9tant conforme  aux dispositions de  l'aile  L.7232-1-\n1 du code  du travall, le pr\u00e9sent  r\u00e9c\u00e9piss\u00e9  de d\u00e9claration d'activit\u00e9s de services \u00e0 la personne a\n\u00e9t\u00e9  enregistr\u00e9  au  nom  de  la micro-entreprise  Fleur MONTFORT  CHALMOT  DE  LA  MESLIERE\n'sous le num\u00e9ro  SAP  963462413,\nLes  activit\u00e9s d\u00e9clar\u00e9es  sont  les suivantes,  \u00e0 l'exclusion de  toute  autre\n= Soutien  scolaire  ou  cours  \u00e0 domicile\nPrestations  relevant  du b\u00e9n\u00e9fice  de la r\u00e9duction  d'imp\u00f4t  pr\u00e9vue  \u00e0 l'article 199 sexdecies  du Code\nG\u00e9n\u00e9ral  des  Imp\u00f4ts.\nLa  structure  exerce  ces  activit\u00e9s  selon  le mode  suivant :  PRESTATAIRE\n'Sous r\u00e9serve d'\u00eatre exerc\u00e9es  \u00e0 tte  exclus  par le d\u00e9ciarant (ou sous  r\u00e9serve d'une comptablt\u00e9\ns\u00e9par\u00e9e  pour  les personnes  morales  dispens\u00e9es  de  la condition  d'actvit\u00e9 exclusive), ces  activites\n'ouvrent droit au b\u00e9n\u00e9fice des dispositionsdes articles L. 7233-2  du code  du traval et L  261-10\ndu  code  de  a  s\u00e9curit\u00e9 sociale.\n'Conform\u00e9ment  aux  dispositions de  article R7232-19  du  code  du  travail, l'organisme  d\u00e9clar\u00e9  doit\nproduire au moins  chaque  trimestre un \u00e9tat activit\u00e9 et chaque  ann\u00e9e  un  bilan quanttatt et\nualitatf de l'actit\u00e9 exerc\u00e9e  au tive de  l'ann\u00e9e \u00e9coul\u00e9e  ainsi qu'un tableau statistique annuel.\nSi organisme d\u00e9clar\u00e9 comporte  plusieurs  \u00e9tabissements,  les \u00e9tats statistiques et le bilan annuel\ndistinguent  l'activit\u00e9 exerc\u00e9e  par  chaque  \u00e9tablissement.\nLe  pr\u00e9sent  r\u00e9c\u00e9piss\u00e9  prend  effet le 07  novembre  2025.\nL'enregistrement de la d\u00e9claration  pourra \u00eatre retir\u00e9 si l'organisme  d\u00e9clar\u00e9  cesse  de  remplir\nles conditions  ou  de  respecter  les  obligations  mentionn\u00e9es  aux  4\u00b0,5\u00b0 et 6\u00b0 de l'article\nR7232-17  ou  qui m\u00e9connait  les obligations d\u00e9finies \u00e0 l'article R7232-19 du  code  du  travail.\npaie  de  rerat  dela  \u00e9cran,  fare  objet  dune  d\u00e9iraton  modticatve  aupr\u00e9s  de  FUN\n'd\u00e9partementae  des  Hauts-de-Seine.\nLe  pr\u00e9sent  r\u00e9c\u00e9piss\u00e9  sera publi\u00e9  au recueil  des  actes  administratfs de la pr\u00e9fecture des  Hauts-\nde-Seine\nFait \u00e0 Nanterre,  le 24  novembre  2025,\nPour  le Pr\u00e9fet\nPar  d\u00e9l\u00e9gation  et subd\u00e9l\u00e9gation\nLa  Responsable  du  service\nD\u00e9veloppement  de  l'emploi  et des\ncomp\u00e9tences\n\nEu  Direction  r\u00e9gionale  et  interd\u00e9partementale\nMINISTERE  de l'\u00e9conomie, de l'emploi,\nDU  TRAVAIL,  DE  LA  SANT\u00c9,  du travail et des solidarit\u00e9s\nDES  SOLIDARIT\u00c9S\nET  DES  FAMILLES\nese\nR\u00e9c\u00e9piss6  n\u00b02028-645  de  d\u00e9claration  d'activit\u00e9s de  services  \u00e0 la personne\nenregistr\u00e9e  sous  le n\u00b0  SAP993243203  au  nom  de  la micro-entreprise  SULIMAN\nHUSSIN  Mohammed  sise 3  Bis  Rue  Victor  Hugo  Chez  DOM'ASILE  \u00e0  COLOMBES\n(92700)\nLE  PREFET  DES  HAUTS-DE-SEINE\nVu  la loi n\u00b0 2010-859 du  23 jullet 2010  relative aux  r\u00e9seaux  consulaires, au commerce et \u00e0\nl'artisanat et aux  services  (article 31)\nVu  la loi n\u00b02015-1776  du  28  d\u00e9cembre  2015  relative  \u00e0  adaptation  de  la soci\u00e9t\u00e9  au\nveilissement\nVu  article  D7231-1  du  Code  du  travail;\nVu  les d\u00e9erots  n\u00b0 2011-1132  et n\u00b0 2011-1133  du  20  septembre  2011  modifiant  certaines\ndispositions  du  Code  du  aval,  relatives  au  ch\u00e8que  emplo-service  universel  et aux\nservices  \u00e0 a  personne ;\n'Vu  le d\u00e9cret  n'2016-750  du  6 jun  2016  relatif \u00e0 la liste des  activites  de  services  \u00e0 la personne\nsoumises  \u00e0 agr\u00e9ment  ou \u00e0 autorisation dans le cadre  du r\u00e9gime  commun  de la d\u00e9claration\nVu  le d\u00e9cret  du  31  octobre  2024  portant  nomination  de  Monsieur  Alexandre  BRUGERE,  en\nqualit\u00e9 de  Pr\u00e9fet des  Hauts-de-Seine  ;\nVu  l'ar\u00e8t\u00e9  interminist\u00e9riel  du  12  ao\u00fbt  2025  nommant  Monsieur  Fabrice  MASI,  Directeur\nr\u00e9gional  tinterd\u00e9partementa  de l'\u00e9conomie, de  l'emploi, du  travail et des  solidarit\u00e9sd'le-\nde-France  \u00e0 compter  du  25  ao\u00fbt  2025 ;\nVu  Farr\u00e9te pr\u00e9fectoral n\u00b02025-33  du  22  ao\u00fbt  2025  par  lequel le Pr\u00e9fet des  Hauts-de-Seine\nd\u00e9l\u00e8gue  sa  signature  \u00e0  Monsieur  Fabrice  MASI,  Directeur  r\u00e9gional et interd\u00e9partemental\nde  l'\u00e9conomie, de l'emploi, du travail et des  solidarit\u00e9s d'\u00cele-de-France ;\n'Vu  la d\u00e9cision  n\u00b0  2025-187  du  25  ao\u00fbt  2025  portant  subd\u00e9l\u00e9gation  de  signature  de  Monsieur\nFabrice  MASI,  Directeur  r\u00e9gional  et  interd\u00e9partemental  de  l'\u00e9conomie,  de  l'emploi, du\ntravail et des  solidarit\u00e9s dile-de-France,  aux  agents de l'Unit\u00e9 d\u00e9partemental  des  Hauts\nde-Seine\nVu  la  d\u00e9ctaration  d'activit\u00e9s  de  services  \u00e0 Ia personne  d\u00e9pos\u00e9es  le  31  octobre 2025  au  nom\nde  la micro-entreprise  SULIMAN  HUSSIN  Mohammed  sise 3 Bis  Rue  Victor Hugo  Chez\nDOM'ASILE  \u00e0 COLOMBES  (92700)  ;\n\nApr\u00e8s  examen  du  dossier, cette demande  \u00e9tant  conforme  aux  dispositions  de  l'aricie L. 7282-1-\n1 du code du travail, le pr\u00e9sent  r\u00e9c\u00e9piss\u00e9  de d\u00e9claration d activit\u00e9s de services \u00e0 la personne  \u00e0\n\u00e9t\u00e9 enregistr\u00e9  au  nom  de  la micro-entreprise  SULIMAN  HUSSIN  Mohammed  sous  le num\u00e9ro\nSAP  993243203.\nLes  activit\u00e9s d\u00e9clar\u00e9es  sont les suivantes, \u00e0 exclusion  de  toute  autre\nEntretien  de  la maison  et travaux  m\u00e9nagers  ;\nPrestations  relevant du  b\u00e9n\u00e9fice  de  la r\u00e9duction  d'imp\u00f4t  pr\u00e9vue  \u00e0 article 199  sexdecies  du  Code\nG\u00e9n\u00e9ral  des  impots,\nLa  structure  exerce  ces  activit\u00e9s  selon  le mode  suivant :  PRESTATAIRE\n'Sous  r\u00e9serve  d'\u00eatre exerc\u00e9es  \u00e0 tire exclusif par  le d\u00e9clarant  (ou  sous  r\u00e9serve  d'une  comptablit\u00e9\n's\u00e9par\u00e9e  pour  les personnes  morales  dispens\u00e9es de la condition  d'actit\u00e9  exclusive)  ces  activit\u00e9s.\n'ouvrent droit au  b\u00e9n\u00e9fice  des  dispositions des  artcies  L. 7233-2  du  code  du  travall et L. 241-10,\ndu  code  de  la s\u00e9curit\u00e9  social.\n'Conform\u00e9ment  aux  dispositions de  article R7232-19  du  code  du  travail l'organisme  d\u00e9clar\u00e9  doit\nproduire au moins chaque timestre un \u00e9tat d'activit\u00e9 et chaque ann\u00e9e  un bilan quantitatif et\nqualtatf de l'actvt\u00e9 exerc\u00e9e au tire de l'ann\u00e9e \u00e9coul\u00e9e ainsi qu'un tableau statistique annuel\nSi l'organisme  d\u00e9clar\u00e9  comporte  plusieurs  \u00e9tablissements,  les \u00e9tats statistiques et le bilan annuel\nisinguent  l'activit\u00e9 exerc\u00e9e  par  chaque  \u00e9tablissement.\nLe  pr\u00e9sent  r\u00e9c\u00e9piss\u00e9  prend  effet le 31 octobre  2028.\nL'enregistrement de la d\u00e9claration  pourra  \u00eatre retir\u00e9 si l'organisme  d\u00e9clar\u00e9 cosse de remplir\nles conditions  ou  de  respecter  les obligations mentionn\u00e9es  aux  4,5\" ot 6\u00b0 de  l'article\nR7232-17  ou  qui  m\u00e9connait  les obligations  d\u00e9finies  \u00e0 article  R7232-19  du  code  du  travail.\npeine  de  retrait de  la d\u00e9claration, faire l'objet dune  d\u00e9clar\nd\u00e9partementale  des  Hauts-de-Seine\nLe pr\u00e9sent r\u00e9c\u00e9piss\u00e9 sera publi\u00e9 au recueil des actes administratfs de la pr\u00e9fecture des  Hauts-\nde-Seine.\nFait \u00e0 Nanterre,  le 24  novembre  2025.\nPour  le Pr\u00e9fet\nPar  d\u00e9l\u00e9gation  et subd\u00e9l\u00e9gation\nLa  Responsable  du  service\nD\u00e9veloppement  de  l'emploi  et  des\ncomp\u00e9tences\nMariama CONDE\n\nEE  Direction  r\u00e9gionale  et interd\u00e9partementale\nMINIST\u00c8RE de l'\u00e9conomie, de l'emploi,\nDU  TRAVAIL,  DE  LA  SANT\u00c9,  du travail et des solidarit\u00e9s\nDES  SOLIDARIT\u00c9S\nET  DES  FAMILLES\nEn\nR\u00e9c\u00e9piss\u00e9  n*2025-646  de  d\u00e9claration d'activit\u00e9s de  services  \u00e0 la personne\nenregistr\u00e9e  sous  le n\u00b0 SAP927642611  au  nom  de  la micro-entreprise  Pierre-Yves\nVILLARD  sise  2 avenue  Cont\u00e9  \u00e0 LA  GARENNE-COLOMBES  (92250)\nLE  PREFET  DES  HAUTS-DE-SEINE\nVu  la loi n\u00b0 2010-859  du  23  jullet 2010  relative aux  r\u00e9seaux  consulaires, au commerce et \u00e0\nl'artisanat et aux  services  (article 31)\nVu  la loi n\u00b02018-1776  du 28  d\u00e9cembre  2015  relative \u00e0 l'adaptation de la soci\u00e9t\u00e9 au\nviilissement ;\nVu  l'article D7231-1  du  Code du travail\nVu  les d\u00e9crets n\u00b0 2011-1132  et n\u00b0 2011-1133  du  20  septembre  2011  modifiant certaines\ndispositions du Code  du  traval, relatives au ch\u00e8que  emploi-service universel et aux\nservices  \u00e0 la personne ;\nVu  le d\u00e9cret n\u00b02018750 du 6 juin 2016 relat \u00e0 la liste des activit\u00e9s de services \u00e0 la personne\nsoumises  \u00e0 agr\u00e9ment  ou \u00e0 autorisation dans  le cadre du  r\u00e9gime  commun  dela d\u00e9claration ;\nVu  le  d\u00e9cret du 31 octobre 2024  portant nomination de  Monsieur  Alexandre  BRUGERE,  en\nqualt\u00e9 de Pr\u00e9fet des Hauts-de-Seine\nVu  l'\u00e9t\u00e9  interminist\u00e9riel du  12 ao\u00fbt 2025  nommant  Monsieur  Fabrice MASI,  Directeur\nr\u00e9gionalet interd\u00e9partementa  de l'\u00e9conomie, de l'emploi, du  travailet des solidarit\u00e9 dlle-\nde-France  \u00e0 compter du 25  ao\u00fbt  2025 ;\nVu  l'arr\u00eat\u00e9 pr\u00e9fectoral n\u00b02026-33  du  22 ao\u00fbt 2025  par lequel le Pr\u00e9fet des Hauts-de-Seine\nd\u00e9l\u00e8gue  sa signature \u00e0 Monsieur  Fabrice MASI, Directeur r\u00e9gional et interd\u00e9partemental\nde l'\u00e9conomie, de l'emploi, du travail et des soldarites d'\u00cele-de-France\nd\u00e9cision n\u00b0 2025-157  du 2  ao\u00fbt 2025  portant subd\u00e9l\u00e9gation de  signature de Monsieur\nFabrice MASI,  Directeur r\u00e9gional et interd\u00e9partemental de  l'\u00e9conomie, de l'emploi, du\ntravail et des  solidarit\u00e9s d'le-de-France,  aux agents  de  l'Unit\u00e9 d\u00e9partementale  des  Hauts-\nde-Seine\n'Vu la d\u00e9claration d'activit\u00e9s de services \u00e0 Ia personne  d\u00e9pos\u00e9es  le 31 octobre 2025 au nom\nde la micro-entreprise Pierre-Yves VILLARD  sise 2 avenue  Cont\u00e9  \u00e0 LA  GARENNE-\nCOLOMBES  (82250)  ;\n\n'Apr\u00e8s examen  du dossier, cette demande  \u00e9tant conforme aux dispositions de Farticle L.7232-1-\n1 du code  du traval, le pr\u00e9sent  r\u00e9c\u00e9piss\u00e9  de d\u00e9claration d activites de services \u00e0 la personne  \u00e0\n\u00e9t\u00e9  enregistr\u00e9  au  nom  de  la micro-entreprise  Pierre-Yves  VILLARD  sous  le num\u00e9ro  SAP\n927642611,\nLes  activit\u00e9s  d\u00e9clar\u00e9es  sont  es  suivantes,  a  l'exclusion  de  toute  autre\nEntretien  de la maison  et travaux  m\u00e9nagers  ;\nPrestations  relevant du  b\u00e9n\u00e9fice  de  a  r\u00e9duction  d'imp\u00f4t  pr\u00e9vue  \u00e0 Fartile 199  sexdecies  du  Code\n(G\u00e9n\u00e9ral  des  Imp\u00f4ts\nLa  structure  exerce  ces  activit\u00e9s  selon  le mode  suivant  : PRESTATAIRE\nSous  r\u00e9serve  d'\u00eatre exerc\u00e9es  \u00e0  tte  exclusif par  le d\u00e9ciarant  (ou  sous  r\u00e9serve  d'une  comptabilit\u00e9\ns\u00e9par\u00e9e  pour les personnes  morales dispens\u00e9es  de la condition d'actit\u00e9 exclusive), ces activites\nouvrent  droit au  b\u00e9n\u00e9fice  des  dispositions  des  articles L. 7233-2  du  code  du  traval et L  241-10\ndu  code  de  la s\u00e9curit\u00e9  sociale,\n'Conform\u00e9ment  aux  dispositions de  l'article R7232-18  du  code  du  travail, l'organisme  d\u00e9clar\u00e9  doit\nproduire au moins chaque trimestre un \u00e9tat d'activt\u00e9 et chaque ann\u00e9e  un bilan quanttatt et\nqualtatf de Factivt\u00e9 exerc\u00e9e au tire de  l'ann\u00e9e \u00e9coui\u00e9e  ainsi qu'un tableau statistique annuel.\nSi organisme  d\u00e9clar\u00e9 compore  plusieurs  \u00e9tablissements,  le  \u00e9tats statistiques et le bilan annuel\nistnguent  l'activit\u00e9 exerc\u00e9e par chaque  \u00e9tablissement\nLe  pr\u00e9sent  r\u00e9c\u00e9piss\u00e9  prond  effet le 31 octobre  2026.\nL'enregistrement  de  a  d\u00e9claration  pourra  \u00eatre retir\u00e9 si l'organisme  d\u00e9clar\u00e9  cesse de romplir\nles conditions  ou  de  respecter  les obligations mentionn\u00e9es  aux  4\u00b0,6\u00b0 et 6\u00b0 de  l'article\nR7232-17  ou  qui  m\u00e9connait  les obligations  d\u00e9finies  \u00e0  l'article R7232-19 du code  du  travail.\npeine de  reat  dela  d\u00e9claration, fae  Tobjet une  d\u00e9claration modiicatve  aupr\u00e8s  de FUni\u00e9\nd\u00e9partementale  des  Hauts-de-Seine.\nLe  pr\u00e9sent r\u00e9c\u00e9piss\u00e9 sera publi\u00e9 au recueil des  actes administratfs de  Ia pr\u00e9fecture des Hauts-\nde-Seine.\nFait \u00e0 Nanterre, le 24  novembre  2025,\nPour  le Pr\u00e9fet\nPar  d\u00e9l\u00e9gation  et subd\u00e9l\u00e9gation\nLa  Responsable  du  servic\nD\u00e9veloppement  de  l'emploi  et  des\ncomp\u00e9tences\nows\nMarianta CONDE\n\nEs  Direction r\u00e9gionale  et interd\u00e9partementale\nMINIST\u00c8RE  de l'\u00e9conomie, de l'emploi,\nDU  TRAVAIL,  DE  LA  SANT\u00c9,  du travail et des solidarit\u00e9s\nDES  SOLIDARIT\u00c9S\nET  DES  FAMILLES\nLA\nR\u00e9c\u00e9piss\u00e9  n\u00b02025-647  de  d\u00e9claration  d'activit\u00e9s de  services  \u00e0 la personne\nenregistr\u00e9e  sous  le n\u00b0 SAP992742197  au  nom  de  la SASU  MENAGEBIENFAIT  sise\n4 all\u00e9e  de  la Volga  \u00e0  ANTONY  (92160)\nLE  PREFET  DES  HAUTS-DE-SEINE\nVu  la loi n\u00b0 2010-853  du 23 jullet 2010  relative aux  r\u00e9seaux  consulaires, au commerce  et \u00e0\nFartisanat ot aux  services  (article 31);\nVu  la loi n\u00b02015-1776  du 28  d\u00e9cembre  2015  relative \u00e0 l'adaptation de  la soci\u00e9t\u00e9 au\nviilssement :\nVu  l'article D7231-1  du  Code  du  travail;\nVu  les d\u00e9crets n\u00b0 2011-1132  et n\u00b0 2011-1133  du 20  septembre  2011  modifant  certaines\ndispositions du  Code  du  traval, relatives au  ch\u00e8que  emploi-service  universel et aux\n'services \u00e0 la  personne  ;\nVu  le d\u00e9cret n\u00b02016-750  du 6 juin 2016  relatif \u00e0 la isto des  actit\u00e9s  de services \u00e0 la personne\nsoumises  \u00e0 agr\u00e9ment  ou \u00e0 autorisation dans le cadre  du  r\u00e9gime  commun  dela d\u00e9claration\nVu  le d\u00e9cret  du  31 octobre  2024  portant  nomination  de  Monsieur  Alexandre  BRUGERE,  er\nqualt\u00e9 de Pr\u00e9fet des Hauts-de-Seine ;\nVu  l'ar\u00e9t\u00e9 interminist\u00e9riel du  12  ao\u00fbt  2025  nommant  Monsieur  Fabrice  MASI,  Directeur\nr\u00e9gional et iterd\u00e9partemental  de  l'\u00e9conomie,  del'emploi,  du  travailet des  solidarit\u00e9s dle\n'de-France \u00e0  compter  du  25  ao\u00fbt  2025\nVu  l'arr\u00eat\u00e9 pr\u00e9fectoral n\u00b02026-33  du  22  ao\u00fbt  2025  par  lequel le Pr\u00e9fet des  Hauts-de-Seine\n'd\u00e9l\u00e8gue  sa  signature  \u00e0 Monsieur  Fabrice  MASI,  Directeur  r\u00e9gional et interd\u00e9partemental\nde l'\u00e9conomie, de l'emploi, du traval et des solidart\u00e9s d'le-de-France;\nVu  la d\u00e9cision n\u00b0 2026-187  du  25  ao\u00fbt  2025  portant subd\u00e9l\u00e9gation  de  signature  de  Monsieur\nFabrice  MASI,  Directeur  r\u00e9gional et interd\u00e9partemental  de  l'\u00e9conomie,  de  l'emploi, du\ntravail et des  solidarit\u00e9s d'le-de-France,  aux  agents  de  l'Unit\u00e9 d\u00e9partementale  des  Hauts-\nde-Seine  ;\nVu  la d\u00e9claration d'activit\u00e9s de services \u00e0 la personne  d\u00e9pos\u00e9es  le 18 novembre  2026 au nom\nde  la SASU  MENAGEBIENFAIT  sise 1 all\u00e9e de  la Volga  \u00e0  ANTONY  (82160)\n\n'Apr\u00e8s examen du  dossier, cette demande \u00e9tant conforme aux dispositions de Faticle L. 7232-1-\n1 du  code du travail, le pr\u00e9sent  r\u00e9c\u00e9piss\u00e9  de d\u00e9claration dactivit\u00e9s de services \u00e0 la personne a\n\u00e9t\u00e9 enregistr\u00e9 au nom  de la SASU  MENAGEBIENFAIT sous  le num\u00e9ro  SAP  992742197,\nLes  activit\u00e9s d\u00e9clar\u00e9es  sont les suivantes,  \u00e0 l'exclusion de toute autre\n= Entrotion  de  la maison  et travaux  m\u00e9nagers  ;\nPrestations  relevant du  b\u00e9n\u00e9fice  de  la r\u00e9duction  d'imp\u00f4t  pr\u00e9vue  \u00e0 l'article 199  sexdecies  du  Code\nG\u00e9n\u00e9ral  des  Imp\u00f4ts.\nLa  structure  exerce  ces  activit\u00e9s  selon  le mod\n\u00e0 disposition\nSous r\u00e9serve  d'\u00eatre exerc\u00e9es  \u00e0 tire exclus  parle  d\u00e9clarant  (ou  sous  r\u00e9serve  d'une  comptabilit\u00e9\ns\u00e9par\u00e9e  pour  les personnes  morales  dispens\u00e9es  de  la condition  d'actvte  exclusive), ces  activit\u00e9s\nouvrent  dro au b\u00e9n\u00e9fice des  dispositions des articles L. 7233-2  du code  du travallet L. 241-10,\ndu  code  de  la s\u00e9curit\u00e9 sociale,\nsuivant : Prestataire  et Mandataire  et Mise\nConform\u00e9ment  aux dispositions de  Particle R7232-19  du  code  du trava  organisme  d\u00e9clar\u00e9 doit\nproduire au  moins  chaque  trimestre un \u00e9tat activit\u00e9 et chaque  ann\u00e9e  un bilan quantitatif et\nqualtatf  de  Factivt\u00e9 exerc\u00e9e  au  tire de  l'ann\u00e9e  \u00e9coul\u00e9e  ainsi qu'un  tableau  statistique annuel.\nSi l'organisme d\u00e9ciar\u00e9 comporte  plusieurs \u00e9tablissements, les \u00e9tats statistiques etl  bilan annuel\ndistinguent  l'activit\u00e9 exerc\u00e9e  par  chaque  \u00e9tablissement.\nLe pr\u00e9sent  r\u00e9c\u00e9piss\u00e9 prend effet le 18 novembre  2024\nL'enregistrement de la d\u00e9claration  pourra  tre  rotir\u00e9 si l'organisme  d\u00e9clar\u00e9  cesse  de remplir\nles conditions  ou  de  respecter  les obligations mentionn\u00e9es  aux  4*,6\u00b0 at 6\u00b0 de  l'article\n'R723217  ou  qui m\u00e9connalt  les obligations d\u00e9finies \u00e0 article R7232-19 du  code  du  travai\ndevra,  sous\nTobjet dune  d\u00e9claration  modticatve  aupr\u00e9s  de  TUntepeine de  retrait de  Ta d\u00e9claration\nd\u00e9partementale  des  Hauts-de-Seine.\nLe pr\u00e9sent  r\u00e9c\u00e9piss\u00e9  sora  publi\u00e9 au  recuell des  actes  administratifs de  la pr\u00e9fecture des  Hauts-\nde-Seine.\nFait \u00e0  Nanterre,  le 24  novembre  2025.\nPour  lo Pr\u00e9fet\nPar d\u00e9l\u00e9gation  et subd\u00e9t\u00e9gation\nLa  Responsable  du  service\nD\u00e9veloppement de l'emploi  et des\ncomp\u00e9tences\nside\"\nMariana CONDE\n\nEu  Direction  r\u00e9gionale et interd\u00e9partementale\nMINIST\u00c8RE de l'\u00e9conomie, de l'emploi,\nDU  TRAVAIL,  DE  LA  SANT\u00c9,  du travail et des solidarit\u00e9s:\nDES  SOLIDARIT\u00c9S\nET  DES  FAMILLES\nbay\nR\u00e9c\u00e9piss\u00e9  n\u00b02025648  de  d\u00e9claration  d'activit\u00e9s de  services \u00e0 la personne\nenregistr\u00e9e  sous  le n\u00b0 SAP993836956  au  nom  de  la micro-entreprise  MUTEL\nELODIE  sise  37  Avenue  du  G\u00e9n\u00e9ral  Leclerc  \u00e0 BOULOGNE-BILLANCOURT  (82100)\nLE  PREFET  DES  HAUTS-DE-SEINE\n'Vu la oi n\u00b0 2010-853  du  23  jullet 2010  relative aux  r\u00e9seaux  consulaires, au  commerce et \u00e0\nl'artisanat  et  aux  services  (article 31)\nVu  la loi n\u00b02015-1778  du  28  d\u00e9cembre  2015  relative \u00e0 adaptation  de  la soci\u00e9t\u00e9  au\nviellissement;\nVu  l'aricie 07231-1  du  Code  du  travail\nVu  les d\u00e9crets  n\u00b0 2011-1132  et n\u00b0 2011-1139  du  20  septembre  2011  modifiant  certaines\ndispositions  du  Code  du  aval,  relatives au  ch\u00e8que  emploi-service  universel et aux\nservices \u00e0 la personne ;\nVu  le d\u00e9cret  n'2016-750 du 6 jun  2016  relatif \u00e0 la liste des activit\u00e9s de services \u00e0 la personne\nsoumises  \u00e0 agr\u00e9ment  ou \u00e0 autorisation dans le cadre du r\u00e9gime  commun de la d\u00e9claration ;\nVu  le d\u00e9cret du  31 octobre 2024  portant nomination  de Monsieur  Alexandre  BRUGERE,  en\nqualit\u00e9 de Pr\u00e9fet des Hauts-de-Seine\nVu  l'ar\u00e9t\u00e9  interminist\u00e9riel du  12 ao\u00fbt  2025  nommant  Monsieur  Fabrice  MASI,  Directeur\nr\u00e9gional  et  interd\u00e9partemental de  l'\u00e9conomie,  de  l'emploi, du travail et des  soldarit\u00e9s  dlie-\nde-France  \u00e0 compter  du  25  ao\u00fbt  2025 ;\nVu  l'arr\u00eat\u00e9 pr\u00e9fectoral n\u00b02025-33  du  22 ao\u00fbt 2025  par lequel le Pr\u00e9fet des  Hauts-de-Seine\nd\u00e9l\u00e8gue  sa signature \u00e0 Monsieur  Fabrice  MASI,  Directeur  r\u00e9gional et interd\u00e9partemental\nde l'\u00e9conomie, de l'emploi, du travail et des solidart\u00e9s d'l-de-France ;\n'Vu la d\u00e9cision  n\u00b0 2025-187  du  25  ao\u00fbt  2025  portant  subd\u00e9l\u00e9gation  de  signature  de  Monsieur\nFabrice MASI,  Directeur r\u00e9gional et interd\u00e9partemental de l'\u00e9conomie, de  l'emploi, du\ntravail et des  soidart\u00e9s  d'\u00cele-de-France, aux  agents  de  l'Unit\u00e9 d\u00e9partementale  des  Hauts-\nde-Seine  ;\nVu  la d\u00e9claration d'activit\u00e9s de services \u00e0 la personne  d\u00e9pos\u00e9es  le 16 novembre  2025 au nom\nde  la micro-entreprise MUTEL  ELODIE sise 37 Avenue du G\u00e9n\u00e9ral  Leclerc \u00e0 BOULOGNE\nBILLANCOURT  (92100)  ;\n\n'Apres examen  du dossier, cette demande  \u00e9tant conforme  aux dispositions de  Fartcle L. 7282-1-\n1 du code  du traval, le pr\u00e9sent  r\u00e9c\u00e9piss\u00e9  de d\u00e9claration d'activit\u00e9s de services  \u00e0 la personne  a\n\u00e9t\u00e9  enregistr\u00e9  au  nom  de  la micro-entreprise  MUTEL  ELODIE  sous  le num\u00e9ro  SAP  993836956,\nLes  activit\u00e9s d\u00e9clar\u00e9es  sont les suivantes,  \u00e0 l'exclusion de toute  autre\nEntretien  de  la maison  et  travaux  m\u00e9nagers  ;\nPrestations  relevant du b\u00e9n\u00e9fice de la r\u00e9duction  d'mp\u00f4t  pr\u00e9vue  \u00e0 article 199 sexdecies du Code\nG\u00e9n\u00e9ral  des  Imp\u00f4ts.\nLa  structure  exerce  ces  activit\u00e9s  selon  le mode  suivant  :  PRESTATAIRE\n'Sous r\u00e9serve d'\u00eatre exerc\u00e9es  \u00e0 ttre exclusif parle d\u00e9clarant (ou sous  r\u00e9serve d'une comptabilit\u00e9\n's\u00e9par\u00e9e pour les personnes  morales  dispens\u00e9es  de la condition d'actvit\u00e9 exclusive), ces  activites\n'ouvrent  droit au b\u00e9n\u00e9fice  des  dispositions  des  artcies  L. 7233-2  du  code du travail et L. 241-10\ndu  code  de  la s\u00e9curit\u00e9 sociale.\n{Conform\u00e9ment  aux  dispositions  de  article R7232-19  du  code  du  travail, l'organisme  d\u00e9clar\u00e9  dot\nproduire au moins  chaque  trimestre un \u00e9tat d'activit\u00e9 et chaque  ann\u00e9e  un bilan quantiati et\nqualtatf de activit\u00e9 exerc\u00e9e  au titre de  l'ann\u00e9e \u00e9coui\u00e9e  ainsi qu'un tableau statistique annuel.\nSi l'organisme d\u00e9clar\u00e9  comport  plusieurs \u00e9tablissements,  los \u00e9tats statistiques et le bilan annuel\ndistinguent  l'activit\u00e9 exerc\u00e9e  par  chaque  \u00e9tablissement\nLe  pr\u00e9sent  r\u00e9c\u00e9piss\u00e9  prend  effet le 16  novembre  2025.\nL'enrogistrement de la d\u00e9claration pourra  \u00eatre rotir\u00e9si l'organisme  d\u00e9clar\u00e9 cesse  de remplir\nles conditions  ou  de  respecter  les obligations  mentionn\u00e9es  aux  45\u00b0  et 6\u00b0 de  l'article\nR7232-17  ou  qui  m\u00e9connait  les obligations  d\u00e9finis  \u00e0 l'article R7232-19  du  code  du  travail.\ndevra,  sous\naupr\u00e9s  de  l'Unit\u00e9peine de retrait de Ta d\u00e9claration,\nd\u00e9partemental  des  Hauts-de-Seine.\nLe  pr\u00e9sent r\u00e9c\u00e9piss\u00e9 sera publi\u00e9 au recuel  des actes administratfs de la pr\u00e9fecture des Hauts-\nde-Saine.\nFait \u00e0  Nanterre,  le 24  novembre  2025.\nPour  le Pr\u00e9fet\nPar d\u00e9l\u00e9gation  et subd\u00e9l\u00e9gation\nLa  Responsable  du  service\nD\u00e9veloppement  de  l'emploi  et des:\ncomp\u00e9tences\neds\"\nMariana CONDE\n\nEu  Direction r\u00e9gionale  et interd\u00e9partementale\nMINIST\u00c8RE de l'\u00e9conomie, de l'emploi,\nDU  TRAVAIL, DE LA SANT\u00c9,  du travail et des solidarit\u00e9s\nDES  SOLIDARIT\u00c9S\nET  DES  FAMILLES\nie\nR\u00e9c\u00e9piss\u00e9  n*2025-649  de  d\u00e9claration  d'activit\u00e9s de services  \u00e0 la personne\nenregistr\u00e9e  sous  le n\u00b0 SAP993961374  au  nom  de  la micro-entreprise  LHOSTE\nMATHIAS  Eric Jean  Claude  sise  82  boulevard  Jean  Jaur\u00e8s  \u00e0 CLICHY  (92110)\nLE  PREFET  DES  HAUTS-DE-SEINE\nVu  la loi n\u00b0 2010-853  du  23  jullet 2010  relative aux  r\u00e9seaux  consulaires, au  commerce et \u00e0\nl'artisanat  et  aux  services  (article 31)  ;\n'Vu la loi n\u00b02015-1778  du  28  d\u00e9combre  2015  relative \u00e0  adaptation  de  la soci\u00e9t\u00e9  au\nVieltissement ;\nVu  l'aricie D7231-1  du  Code  du  travail;\nVu  les d\u00e9crets  n\u00b0 2011-1132  et n\u00b0 2011-1133  du  20  septembre  2011  modifiant  certaines:\ndispostions du  Code  du travail, relatives au ch\u00e8que  emploiservice  universel et aux\nservices  \u00e0 la personne ;\nVu  le d\u00e9cret n\u00b02016750  du 6 juin 2016 relatif \u00e0 la isto des activit\u00e9s de services \u00e0 la personne\n'soumises \u00e0 agr\u00e9ment  ou \u00e0 autorisation dans  le cadre  du r\u00e9gime commun  de la d\u00e9claration ;\nVu  le d\u00e9cret du  31 octobre 2024 portant nomination de  Monsieur  Alexandre  BRUGERE,  en\nquait\u00e9 de Pr\u00e9fet des Hauts-de-Seine\nVu  l'arr\u00e9t\u00e9 interminist\u00e9riel du  12 ao\u00fbt  2025  nommant  Monsieur  Fabrice  MASI,  Directeur\nr\u00e9gional et interd\u00e9partemental de  l'\u00e9conomie, de l'emploi, du travail et des solidarit\u00e9s dle-\nde-France \u00e0 compter  du 25 ao\u00fbt 2025 ;\nVu  l'arr\u00eat\u00e9 pr\u00e9fectoral n\u00b02026-33  du  22 ao\u00fbt 2025  par lequel le Pr\u00e9fet des  Hauts-de-Seine\n'd\u00e9l\u00e8gue  sa  signature  \u00e0 Monsieur  Fabrice  MASI,  Directeur  r\u00e9gional et interd\u00e9partemental\n'de l'\u00e9conomie, de l'emploi, du travailet des solidarit\u00e9s dlle-de-France\nVu  la d\u00e9cision n\u00b0 2025-187  du 25 ao\u00fbt 2025  portant subd\u00e9l\u00e9gation de signature de  Monsieur\nFabrice  MASI,  Directeur  r\u00e9gional et Interd\u00e9partemental  de  l'\u00e9conomie,  de  l'emploi, du\ntravail et des  solidarit\u00e9s dle-de-France,  aux  agents  de  [Unit\u00e9  d\u00e9partementale  des  Hauts-\nde-Seine ;\nVu  lad\u00e9claration  d activit\u00e9s de services  \u00e0 la personne  d\u00e9pos\u00e9es  le 17 novembre  2025 au nom\nde  la micro-entreprise LHOSTE  MATHIAS  Eric Jean  Claude  sise 52 boulevard Jean\nJaur\u00e8s  \u00e0  CLICHY  (82110);\n\n'Apr\u00e8s examen  du dossier, cette demande  \u00e9tant conforme aux dispositions de l'article. 7232-1-\n1 du  code  du  traval,  le pr\u00e9sent  r\u00e9c\u00e9piss\u00e9  de  d\u00e9claration  d activit\u00e9s  de  services  \u00e0  la personne  a\n\u00e9t\u00e9 enregistr\u00e9 au nom  de la micro-entreprise  LHOSTE  MATHIAS  Eric Jean  Claude  sous  le\nnum\u00e9ro  SAP  993961374,\nLes  activit\u00e9s d\u00e9clar\u00e9es  sont les  suivantes, excusion  de  toute  autre\nEntretien  de  la maison  et travaux  m\u00e9nagers  ;\nPrestations  relevant  du b\u00e9n\u00e9fice de la r\u00e9duction  d'imp\u00f4t  pr\u00e9vue  \u00e0 article 199 sexdecies du Code\nG\u00e9n\u00e9ral  des  Imp\u00f4ts.\nLa  structure  exerce  ces  activit\u00e9s  selon  le mode  suivant : PRESTATAIRE\n'Sous  r\u00e9serve  d'\u00eatre exerc\u00e9es  \u00e0  ttre exclusi  parle  d\u00e9clarant  (ou  sous  r\u00e9serve  d'une  comptabilit\u00e9\ns\u00e9par\u00e9e  pour  les personnes  morales  dispens\u00e9es  dela  condition  d'activit\u00e9 exclusive), ces  activit\u00e9s\n'ouvrent  droit au b\u00e9n\u00e9fice  des  dispositions des  articles L. 7233-2 du code du traval et L. 241-10\ndu  code  de  la s\u00e9curit\u00e9 sociale,\n'Conform\u00e9ment  aux  dispositions de  l'article R7232-19  du code  du travail l'organisme d\u00e9clar\u00e9 dot\nproduire au moins chaque  trimestre un \u00e9tat dactivit\u00e9 et chaque ann\u00e9e  un bilan quantitatif et\nqualtatf de Tactvite exerc\u00e9e  au tive de  l'ann\u00e9e \u00e9coul\u00e9e  ainsi qu'un tableau statistique annuel.\nSi l'organisme  d\u00e9clar\u00e9  comport  plusieurs  \u00e9tablissements,  les \u00e9tats statistiques et le bilan annuel\ndistinguent  l'activit\u00e9 exerc\u00e9e  par  chaque  \u00e9tablissement\nLe  pr\u00e9sent  r\u00e9c\u00e9piss\u00e9  prend  offet le 17  novembre  2025.\nL'enregistrement de la d\u00e9claration  pourra  \u00e9tre rtir\u00e9  si l'organisme  d\u00e9clar\u00e9  cesse  de  remplir\nles conditions  ou  de  respecter  les obligations  mentionn\u00e9es  aux  4\u00b0,5\u00b0 et 6\u00b0 de  l'article\nR7232-17 ou  qui m\u00e9connait les obligations d\u00e9finies \u00e0 article R7232-19  du  code  du  travail,\n'eine de retrait de l\u00e0 d\u00e9claration, faire objet dune \u00e9riaraion modiicatve aupr\u00e9s de FU\n'd\u00e9partementale des Hauts-de-Seine.\nLe  pr\u00e9sent  r\u00e9c\u00e9piss\u00e9  sera publi\u00e9  au recuell  des  actes  administratis de la pr\u00e9fecture des  Hauts-\ndo-Seine.\nFait \u00e0 Nanterre,  le 25  novembre  2025.\nD\u00e9veloppement  de  l'emploi  et des\ncomp\u00e9tences\nede\"\na CONDE\n\nEx\nMINIST\u00c8RE\nDU  TRAVAIL,  DE  LA  SANT\u00c9,\nDES  SOLIDARIT\u00c9S\nET  DES  FAMILLES\nee\nde  l'\u00e9conomie,  de  l'emploi,\ndu  travail  et  des  solidarit\u00e9s\nR\u00e9c\u00e9piss\u00e9  n*2025-650  de  d\u00e9claration  d'activit\u00e9s de  services \u00e0 la personne\nenregistr\u00e9e  sous  le n\u00b0 SAP993869742  au  nom  de  la micro-entreprise  SIMMINI\nNOEMI  sise 2 rue  Kl\u00e9ber \u00e0 VANVES  (92170)\nLE  PREFET  DES  HAUTS-DE-SEINE\nVu  la loi n\u00b0 2010-853  du  23  juillet 2010  relative aux  r\u00e9seaux  consulaires, au  commerce  et \u00e0\nl'artisanat ot aux  services  (article 31)\nVu  la li n\u00b020151776  du  28  d\u00e9cembre  2015  relative \u00e0 l'adaptation de  la soci\u00e9t\u00e9  au\nviilissement ;\nVu  l'article D7231-1  du  Code  du  travail:\nVu  les d\u00e9crets  n\u00b0 2011-1132  et n\u00b0 2011-1133  du  20  septembre  2011  modifiant  certaines\ndispositions du  Code  du  travail, relatives au  ch\u00e8que  emplo-service  universel  et aux\nservices \u00e0 la personne ;\nVu  le d\u00e9cret  n\u00b02018:750 du 6 juin 2016  relatif \u00e0 la iste des  activites de services \u00e0 la personne\nsoumises  \u00e0 agr\u00e9ment  ou \u00e0 autorisation dans  le cadre  du r\u00e9gime  commun  dela  d\u00e9claration;\nVu  lo d\u00e9cret  du  31 octobre  2024  portant  nomination  de  Monsieur  Alexandre  BRUGERE,  en\n'qualit\u00e9 de Pr\u00e9fet des  Hauts-de-Seine ;\nVu  Tarr\u00e9t\u00e9 interminist\u00e9riel du  12 ao\u00fbt  2025  nommant  Monsieur  Fabrice  MASI,  Directeur\nr\u00e9gional tinterd\u00e9partementalde l'\u00e9conomie, de l'emploi, du travail et des solidarit\u00e9sdll\nde-France  \u00e0 compter  du  25 ao\u00fbt  2025 ;\nVu  arr\u00e9te  pr\u00e9fectoral n\u00b02028-33  du  22  ao\u00fbt  2025  par  lequel le Pr\u00e9fet des  Hauts-de-Seine\nd\u00e9l\u00e8gue  sa  signature  \u00e0  Monsieur  Fabrice  MASI,  Directeur  r\u00e9gional  et  interd\u00e9partemental\nde l'\u00e9conomie, de l'emplo, du travailet des solidarites d'\u00cele-de-France\nVu  la d\u00e9cision n\u00b0 2025-157  du 25 ao\u00fbt 2025 portant  subd\u00e9l\u00e9gation  designature  de Monsieur\nFabrice  MASI,  Directeur  r\u00e9gional  et interd\u00e9partemental  de  l'\u00e9conomie,  de  l'emploi, du\ntraval et des  solidarit\u00e9s dle-de-France,  aux  agents de  l'Unit\u00e9 d\u00e9partementale  des  Hauts-\nde-Seine  ;\nVu  la d\u00e9claration  d'activit\u00e9s de services la  personne  d\u00e9pos\u00e9es  le 17 novembre  2025  au nom\nde la micro-entreprise  SIMMINI  NOEMA  sise 2 rue  Kl\u00e9ber \u00e0 VANVES  (82170) ;\n\n'Apr\u00e8s examen  du dossier, cette demande  \u00e9tant conforme  aux dispositions de Fartice L  7232-1\n1 du code  du traval le pr\u00e9sent  r\u00e9c\u00e9piss\u00e9  de d\u00e9claration d'activit\u00e9s de services  \u00e0 la personne \u00e0\n\u00e9t\u00e9  enregistr\u00e9  au  nom  de  la micro-entreprise  SIMMINI  NOEMJ  sous  le num\u00e9ro  SAP  993869742.\nLes  activit\u00e9s d\u00e9clar\u00e9es  sont les suivantes, \u00e0 l'exclusion de toute  autre\n= Entrotion de la  maison  et travaux  m\u00e9nagers  ;\n\u00a9 Garde  d'onfants  de  plus  de  trois ans  \u00e0  domicile;\nPrestations  relevant du  b\u00e9n\u00e9fice  de  la r\u00e9duction  d'imp\u00f4t  pr\u00e9vue  \u00e0 l'article 199  sexdecies du Code\nG\u00e9n\u00e9ral  des  Imp\u00f4ts.\nLa  structure  exerce  ces  activit\u00e9s  selon  le mode  suivant  : PRESTATAIRE\n'Sous r\u00e9serve d'\u00eatre exerc\u00e9es  a ttre exclusf par le d\u00e9clarant (ou sous  r\u00e9serve d'une comptabilit\u00e9\ns\u00e9par\u00e9e  pour  es  personnes  morales  dispens\u00e9es  de  la condition  d'actvit\u00e9 exclusive), ces  activit\u00e9s\n'ouvrent droit au b\u00e9n\u00e9fice des dispositions des articles L. 7233-2 du code du traval et L. 241-10\ndu  code  de  la s\u00e9curit\u00e9 sociale.\n(Conform\u00e9ment  aux dispositions de  l'article R7232-19  du  code  du travail l'organisme d\u00e9clar\u00e9 doit\nproduire au moins  chaque  trimestre un \u00e9tat dactivit\u00e9 et chaque  ann\u00e9e  un ban  quanitatf et\nqualitatif de  Tactvite exerc\u00e9e  au  tire de  l'ann\u00e9e \u00e9coul\u00e9e  ainsi qu'un  tableau  statistique annuel.\nSi l'organisme  d\u00e9clar\u00e9  comport  plusieurs  \u00e9tablissements,  le  \u00e9tats statistiques et le bian  annuel\ndistinguent  l'activit\u00e9 exerc\u00e9e  par  chaque  \u00e9tablissement\nLe  pr\u00e9sent  r\u00e9c\u00e9piss\u00e9  prend  effet le 17 novembre  202\nL'enregistrement de la d\u00e9claration pourra  \u00eatre roti\u00e9 si l'organisme d\u00e9clar\u00e9 cosse  de remplir\nles conditions  ou  de  respecter  les obligations mentionn\u00e9es  aux  4,6\" at 6\u00b0 de  l'article\nR7232-17  ou  qui m\u00e9connait  les obligations d\u00e9finies \u00e0 article R7232-19  du  code  du  travail.\ndovra,  sous\npeine de retrait modificatve aupr\u00e8s de l'Unit\u00e9\nd\u00e9partementale  des  Hauts-de-Seine.\nLe pr\u00e9sent r\u00e9c\u00e9piss\u00e9 sera publi\u00e9 au recueil des actes administratifs de la pr\u00e9fecture des Hauts-\nde-Seine.\nFait \u00e0 Nanterre, le 25 novembre 2025,\nPour  le Pr\u00e9fet\nPar  d\u00e9l\u00e9gation  ot subd\u00e9l\u00e9gation\nLa  Responsable  du  service\nD\u00e9veloppement  de  Femplol  et des.\ncomp\u00e9tences\nPE\n\nEE  Direction  r\u00e9gionale  et interd\u00e9partementale\nMINISTERE de l'\u00e9conomie, de l'emploi,\nDU  TRAVAIL,  DE  LA  SANT\u00c9,  du travail et des solidarit\u00e9s\nDES  SOLIDARIT\u00c9S\nET  DES  FAMILLES\nA\nR\u00e9c\u00e9piss\u00e9  n\u00b02025651  de  d\u00e9claration  d'activit\u00e9s de  services \u00e0 la personne\nenregistr\u00e9e  sous  le n\u00b0 SAP993869106 au  nom  de  la micro-entreprise  BENIE\nNAOMI  sise  5 Rue  de  Metz \u00e0 COLOMBES  (92700)\nLE  PREFET  DES  HAUTS-DE-SEINE\nVu  la loi n\u00b0 2010-859  du  23  juillet 2010  relative aux  r\u00e9seaux  consulaires,  au commerce et \u00e0\nl'artisanat et aux  services  (article 31)\nVu  la loi n\u00b020151776  du  28  d\u00e9cembre  2018  relative \u00e0  l'adaptation de  la soci\u00e9t\u00e9  au\nvellissement\nVu  l'aricie 07231-1  du  Code  du  travai\nVu  les d\u00e9crets  n\u00b0 2011-1132  et n\u00b0 2011-1133  du  20  septembre  2011  modifiant  certaines\ndisposions  du  Code  du  traval, relatives au  ch\u00e8que  emplo-service  universel et aux\nservices \u00e0 la personne  ;\nVu  le d\u00e9cret  n\u00b02016-750 du 6 juin 2016  relatif\u00e0 la iste  des  activites de services \u00e0 la personne\nsoumises  \u00e0 agr\u00e9ment  ou \u00e0 autorisation dans  le cadre  du r\u00e9gime  commun  dela  d\u00e9claration ;\nVu  le d\u00e9cret du 31 octobre 2024  portant nomination de  Monsieur  Alexandre  BRUGERE,  en\nquait\u00e9 de Pr\u00e9fet des Hauts-de-Seine;\nVu  l'ar\u00e8t\u00e9  interminist\u00e9riel du  12 ao\u00fbt  2025  nommant  Monsieur  Fabrice  MASI,  Directeur\nr\u00e9gional et interd\u00e9partementalde l'\u00e9conomie, de l'emplo, du travall et des soldart\u00e9sdl\nde-France \u00e0 compler  du  25  ao\u00fbt  2025 ;\nVu  l'arr\u00eat\u00e9 pr\u00e9fectoral n\u00b02028-33  du  22  ao\u00fbt  2025  par  lequel le Pr\u00e9fet des  Hauts-de-Seine\nd\u00e9l\u00e8gue  sa signature \u00e0 Monsieur  Fabrice  MASI,  Directeur  r\u00e9gional et interd\u00e9partemental\nde F\u00e9conomie,  de l'emplo, du  travail et des  solidarit\u00e9s d'\u00cele-de-France ;\nVu  la d\u00e9cision  n\u00b0  2025-157  du  25  ao\u00fbt  2025  portant  subd\u00e9l\u00e9gation  de  signature  de  Monsieur\nFabrice  MASI,  Directeur  r\u00e9gional  et interd\u00e9partemental  de  l'\u00e9conomie,  de  l'emploi, du\ntravail et des  solidarit\u00e9s d'le-de-France,  aux  agents  de  l'Unit\u00e9 d\u00e9partementale  des  Hauts-\nde-Seine  ;\nVu  la d\u00e9claration  d'activit\u00e9s de services \u00e0 la personne  d\u00e9pos\u00e9es  le 18 novembre  2025  au nom\nde la micro-entreprise  BENIE  NAOMI  sise \u00a7 Rue  de  Metz  \u00e0 COLOMBES  (92700)  ;\n\n'Apr\u00e8s examen du dossier, cette demande  \u00e9tant conforme aux dispositionsde Fartce L. 7232-1-\ndu  code  du  traval le pr\u00e9sent  r\u00e9c\u00e9piss\u00e9  de  d\u00e9claration  d'activit\u00e9s de  services  \u00e0 la personne  a\n\u00e9t\u00e9 enregistr\u00e9 au nom  de la micro-entreprise BENIE  NAOMI  sous  le num\u00e9ro  SAP  993869106.\nLes  activit\u00e9s d\u00e9clar\u00e9es  sont  les suivantes,  \u00e0 l'exclusion de toute autre\nEntretien  de  la maison  et travaux  m\u00e9nagers ;\nPr\u00e9paration  de repas \u00e0 domicile, y compris  le tomps  pass\u00e9  aux  courses  ;\nLivraison  de  courses  \u00e0  domici\nMaintonance,  entretien et vigilance temporaires,  \u00e0 domicile, de  la r\u00e9sidence\nprincipale  et  secondaire  ;\n= Accompagnement  des  'personnes  temporairement  d\u00e9pendantes  autres  que\npersonnes  \u00e2g\u00e9es,  handicap\u00e9es  ou  atteintes de  pathologies  chroniques,  dans  leurs\nd\u00e9placements  en  dehors  de  leur domicile  (promenades,  aide \u00e0 la mobilit\u00e9 et au\ntransport,  actes  de  la vie  courante)  ;\n= Assistance  aux  personnes  autres  que  personnes  \u00e2g\u00e9es,  handicap\u00e9es  ou  attointes\n'de pathologies  chroniques  qui ont besoin tomporairement d'une aide personnelle \u00e0\nleur domicile, \u00e0 l'exclusion des  soins  relevant d'actes m\u00e9dicaux ;\nPrestations relevant du b\u00e9n\u00e9fice de la r\u00e9duction d'imp\u00f4t pr\u00e9vue \u00e0 l'article 199 sexdecies  du Code\n(G\u00e9n\u00e9ral  des  Imp\u00f4ts.\nLa structure exerce  ces  activit\u00e9s selon  le mode  suivant  : PRESTATAIRE\nSous  r\u00e9serve d'\u00eatre exerc\u00e9es  \u00e0 titre exclusif parle d\u00e9clarant (ou sous  r\u00e9serve d'une comptabiit\u00e9\n's\u00e9par\u00e9e pour les personnes morales dispens\u00e9es de a condition dactivit\u00e9 exclusive), ces activit\u00e9s\n'ouvrent droit au b\u00e9n\u00e9fice des  dispositions des  articles L. 7233-2  du code  du  travail et L. 241-10\ndu  code  de  la s\u00e9curit\u00e9 sociale.\n(Conform\u00e9ment  aux dispositions de  Farticle R7232-19 du code du travail, l'organisme d\u00e9clar\u00e9 doit\nproduire au moins chaque trimestre un \u00e9tat dactivi\u00e9 et chaque  ann\u00e9e  un bilan quanttati et\nualtaf  de  l'activit\u00e9 exerc\u00e9e  au tire de  l'ann\u00e9e \u00e9coul\u00e9e  ainsi qu'un tableau statistique annuel.\nSi l'organisme d\u00e9clar\u00e9 comporte  plusieurs \u00e9tablissements, les \u00e9tats statistiques ete  bilan annuel\ndistinguent activit\u00e9 exerc\u00e9e  par chaque  \u00e9tablissement\nLe  pr\u00e9sent  r\u00e9c\u00e9piss\u00e9  prend  effet lo 18 novembre  2025.\nL'enregistrement dela d\u00e9claration pourra \u00eatre rotir\u00e9si l'organisme d\u00e9clar\u00e9 cosse de remplir\nles conditions  ou  de  respecter  les obligations montionn\u00e9es  aux  4\u00b0,5\u00b0 et 6\u00b0 de l'article\n7232.17  ou  qui m\u00e9connait  les obligations d\u00e9finies \u00e0 l'article R7232-19 du  code  du  travail,\nmodification con i as devra, sous\npaie de reai  dela d\u00e9caration, fare Tobjet dune  d\u00e9caration  modiiatve  aupr\u00e9s  de FUnk\u00ae\n'd\u00e9partementale des  Hauts-de-Seine.\nLe pr\u00e9sent r\u00e9c\u00e9piss\u00e9 sera publi\u00e9 au recueil des  actes administratifs de  Ia pr\u00e9fecture des  Hauts-\nde-Seine.\nFait \u00e0 Nanterre, le 25  novembre  2025.\nPour  le Pr\u00e9fet\nPar  d\u00e9l\u00e9gation  ot subd\u00e9l\u00e9gation\nLa  Responsable  du  service\n\nEx  Direction  r\u00e9gionale  et  interd\u00e9partementale\nMINIST\u00c8RE  de l'\u00e9conomie, de l'emploi,\nDU  TRAVAIL,  DE  LA  SANT\u00c9,  du travail et des solidarit\u00e9s\nDES  SOLIDARIT\u00c9S\nET  DES  FAMILLES\nEy\nR\u00e9c\u00e9piss\u00e9  n\u00b02025-852  de  d\u00e9claration  d'activit\u00e9s  de  services  \u00e0  la personne\n\"enregistr\u00e9e  sous  le n\u00b0 SAP994002392  au  nom  de  la micro-entreprise  VILLAREAL\n'Quentin  Pierre  Maurice  sise  17  Rue  Saint-Denis  \u00e0  COLOMBES  (92700)\nLE  PREFET  DES  HAUTS-DE-SEINE\nVu  la loi n\u00b0  2010-853 du  23  jullet  2010  relative  aux  r\u00e9seaux  consulaires,  au  commerce  et \u00e0\nl'artisanatet aux services  (article 31)\nVu  la loi n\u00b02015-1776  du  28  d\u00e9cembre  2015  relative \u00e0 l'adaptation de  la soci\u00e9t\u00e9  au\nvieilissement ;\nVu  l'article 07231-1  du  Code  du  travail\nVu  les d\u00e9crets  n\u00b0 2011-1132  et n\u00b0 2011-1133  du  20  septembre  2011  modifant  certaines\ndispositions  du  Code  du  traval, relatives  au  ch\u00e8que  emplo-service  universel  et  aux\nservices \u00e0 la personne  ;\nVu  le d\u00e9cret  n\u00b02016.750 du 6 jun  2016 relatif\u00e0 la liste des activit\u00e9s de services \u00e0 la personne\nsoumises  \u00e0 agr\u00e9ment  ou \u00e0 autorisation dans  le cadre  du r\u00e9gime  commun  dela  d\u00e9claration ;\nVu  le d\u00e9cret  du  31 octobre  2024  portant  nomination  de  Monsieur  Alexandre  BRUGERE,  en\nquait\u00e9 de Pr\u00e9fet des Hauts-de-Seine ;\nVu  l'ar\u00e9t\u00e9  interminist\u00e9riel du  12 ao\u00fbt  2025  nommant  Monsieur  Fabrice  MASI,  Directeur\nr\u00e9gionalet interd\u00e9partementalde l'\u00e9conomie, de l'emploi, du travailet des soldartes dll\nde-France  \u00e0 compter  du  25  ao\u00fbt  2025\nVu  l'arr\u00eat\u00e9 pr\u00e9fectoral n\u00b02025-33  du  22  ao\u00fbt  2025  par  lequel le Pr\u00e9fet des  Hauts-de-Seine\nd\u00e9l\u00e8gue  sa signature \u00e0 Monsieur  Fabrice  MASI,  Directeur  r\u00e9gional et interd\u00e9partemental\nde l'\u00e9conomie, de l'emploi, du traval et des  solidarit\u00e9s d'\u00cele-de-France\nVu  la d\u00e9cision  n\u00b0 2025-187  du  25  ao\u00fbt  2025  portant  subd\u00e9l\u00e9gation  de  signature  de  Monsieur\nFabrice  MASI,  Directeur  r\u00e9glonal  et interd\u00e9partemental  de  l'\u00e9conomie,  de  l'emploi, du\ntravail et des  solidarit\u00e9s d'\u00cele-de-France,  aux  agents  de  l'Unit\u00e9 d\u00e9partementale  des  Hauts-\nde-Seine\nVu  la d\u00e9claration  d'actvi\u00e9s  de  services  \u00e0 la personne  d\u00e9pos\u00e9es  le 18  novembre  2025  au  nom\nde  la micro-entreprise  VILLAREAL  Quentin  Pierre Maurice  sise 17  Rue  Saint-Denis  \u00e0\nCOLOMBES  (82700) :\n\n'Apr\u00e8s examen  du  dossier, cette demande  \u00e9tant  conforme aux dispositions de  l'article L. 7232-1-\n1 du  code du travail, le pr\u00e9sent  r\u00e9c\u00e9piss\u00e9 de d\u00e9claration dactvites  de services a la personne a\n\u00e9t\u00e9  enregistr\u00e9  au  nom  de  la micro-entreprise  VILLAREAL  Quentin  Pierre  Maurice  sous  le\nnum\u00e9ro  SAP  994002392,\nLes  activit\u00e9s  d\u00e9clar\u00e9es  sont  les  suivantes,  \u00e0 l'exclusion  de  toute  autre\nEntretien  de  la maison  et  travaux  m\u00e9nagers  ;\nPrestations  relevant du  b\u00e9n\u00e9fice  de  la r\u00e9duction  d'imp\u00f4t  pr\u00e9vue  \u00e0 l'article 199  sexdecies  du  Code\nG\u00e9n\u00e9ral  des  Imp\u00f4ts.\nLa structure exerce  ces  activit\u00e9s selon  le mode  suivant  : PRESTATAIRE\n'Sous  r\u00e9serve  d'\u00eatre exerc\u00e9es  \u00e0 ttre exclusif par  le d\u00e9clarant  (ou  sous  r\u00e9serve  d'une  comptabilit\u00e9\n's\u00e9par\u00e9e pour es  personnes  morales dispens\u00e9es  de  la condition d'actvit\u00e9 exclusive), ces  activites\n'ouvrent droit au b\u00e9n\u00e9fice des dispositionsdes articles L. 7233-2 du code du traval et L. 241-10\ndu  code  de  la s\u00e9curit\u00e9  social.\n'Conform\u00e9ment  aux  dispositions de  l'article R7232-19  du  code  du  travail, l'organisme  d\u00e9clar\u00e9  dot\nproduire au moins chaque  trimestre un \u00e9tat d'activit\u00e9 et chaque ann\u00e9e  un bilan quantitatif et\nqualtatf de activit\u00e9 exerc\u00e9e  au tive de  l'ann\u00e9e \u00e9coul\u00e9e  ainsi qu'un tableau statistique annuel.\nSi l'organisme d\u00e9clar\u00e9  comporte  plusieurs  \u00e9tablissements,  les \u00e9tats statistiques et le bilan annuel\ndistinguent  l'activit\u00e9 exerc\u00e9e  par  chaque  \u00e9tablissement\nLe  pr\u00e9sent  r\u00e9c\u00e9piss\u00e9  prend  effet le 18 novembre  2025.\nL'enregistrement de la d\u00e9claration  pourra  \u00eatre rtir\u00e9 si l'organisme  d\u00e9clar\u00e9  cesse  de remplir\nles conditions  ou  de  respecter  les obligations mentionn\u00e9es  aux 4',5\u00b0 et 6\u00b0 de  l'article\n7232-17  ou  qui m\u00e9connalt les obligations  d\u00e9finies  \u00e0 l'article R7232-\npore  de  retrait de  la d\u00e9claration, fare objet  dune  declaration mode  aupr\u00e9s de  fUnte\n'd\u00e9partementale  des  Hauts-de-Seine.\nLe  pr\u00e9sent r\u00e9c\u00e9piss\u00e9 sera publi\u00e9 au recueil des  actes administratifs de  la pr\u00e9fecture des Hauts-\nde-Seine.\nFait \u00e0 Nanterre, le 25  novembre  2025.\nPour le Pr\u00e9fet\nPar  d\u00e9l\u00e9gation  ot subd\u00e9l\u00e9gation\nLa  Responsable  du  service\nD\u00e9veloppement  de  l'emplol  et des\ncomp\u00e9tences,\n\nEu  Direction  r\u00e9gionale  et interd\u00e9partementale\nMINISTERS LA sane SRE\nDES  SOLIDARIT\u00c9S\nET  DES  FAMILLES\nous\nR\u00e9c\u00e9piss\u00e9  n*2025-653  de  d\u00e9claration  d'activit\u00e9s de  services  \u00e0  la personne\n'enregistr\u00e9e  sous  le n\u00b0 SAP983977817  au  nom  de  la micro-entreprise  DEBONNE\nErwan  Per  Yann  sise  7  Rue  Paul  Bert \u00e0  COLOMBES  (92700)\nLE  PREFET  DES  HAUTS-DE-SEINE\nVu  la loi n\u00b0  2010-853  du  23  juillet 2010  relative  aux  r\u00e9seaux  consulaires,  au  commerce  et  \u00e0\nl'artisanatet aux  services (article 31);\nVu  Ia lo  n*2018-1776  du  28  d\u00e9cembre  2015  relative  \u00e0  adaptation  de  la soci\u00e9t\u00e9  au\nviilissement ;\nVu  l'article D7231-1  du  Code  du  travail;\nles  d\u00e9crets  n\u00b0  2011-1132  et n\u00b0  2011-1133  du  20  septembre  2011  modifiant  certaines\ndispositions du  Code  du  traval, relatives au  ch\u00e8que  emplo-serice  universel et aux\nservices  \u00e0 la personne  ;\nVu  le  d\u00e9cret  n\u00b02016-750 du  6 jun  2016  relat  \u00e0 la liste des  activit\u00e9s de  services  \u00e0 la personne\nsoumises  \u00e0 agr\u00e9ment  ou \u00e0 autorisation dans  le cadre  du r\u00e9gime  commun  dela  d\u00e9claration;\n\u00a3\nVu  le d\u00e9cret  du  31 octobre  2024  portant  nomination  de  Monsieur  Alexandre  BRUGERE,  en\nquait\u00e9 de Pr\u00e9fet des Hauts-de-Seine ;\nVu  l'ar\u00e9t\u00e9 interminist\u00e9riel du  12 ao\u00fbt  2025  nommant  Monsieur  Fabrice  MASI,  Directeur\nr\u00e9gional et interd\u00e9partemental de l'\u00e9conomie, de l'emplo, du travail et des soldart\u00e9s dll\nde-France  \u00e0  compter  du  25  ao\u00fbt  2025\nVu  l'arr\u00eat\u00e9 pr\u00e9fectoral n\u00b02025-33  du  22  ao\u00fbt  2025  par  lequel le Pr\u00e9fet des  Hauts-de-Seine\n'd\u00e9l\u00e8gue  sa  signature  \u00e0  Monsieur  Fabrice  MASI,  Directeur  r\u00e9gional  et  interd\u00e9partemental\nde  l'\u00e9conomie, de l'emploi du travallet des solidates  d'le-de-France ;\nVu  la d\u00e9cision  n\u00b0  2025-157  du  25  ao\u00fbt  2025  portant  subd\u00e9l\u00e9gation  de  signature  de  Monsieur\nFabrice  MASI,  Directeur  r\u00e9gional et interd\u00e9partemental  de  l'\u00e9conomie,  de  l'emploi, du\ntravail et  des  soldart\u00e9s  dle-de-France,  aux  agents  de  Unit\u00e9  d\u00e9partementale  des  Hauts-\nde-Seine ;\nVu  la  d\u00e9claration  d'actvit\u00e9s  de  services  \u00e0 la personne  d\u00e9pos\u00e9es  le 18  novembre  2025  au  nom\nde  la micro-entreprise  DEBONNE  Erwan  Per  Yann  sise 7 Rue  Paul  Bert \u00e0  COLOMBES\n(82700)\n\n{Apr\u00e8s examen  du dossier, cette demande  \u00e9tant conforme aux dispositions de l'article L. 7232-1-\n'du code du traval le pr\u00e9sent r\u00e9c\u00e9piss\u00e9 de d\u00e9claration d'activit\u00e9s de services \u00e0 la personne  a\nt\u00e9  enregistr\u00e9 au nom  de la micro-entreprise DEBONNE  Erwan  Per Yann  sous le num\u00e9ro  SAP\n993977917,\nLes  activit\u00e9s d\u00e9clar\u00e9es  sont  les suivantes, \u00e0 l'exclusion de  toute autre\n= Entrotien  de  la maison  et  travaux  m\u00e9nagers  ;\nPrestations relevant du  b\u00e9n\u00e9fice de la r\u00e9duction d'imp\u00f4t pr\u00e9vue  \u00e0 article 199 sexdecies  du Code\nG\u00e9n\u00e9ral  des  impos,\nLa structure exerce  ces  activit\u00e9s selon  le mode  suivant  : PRESTATAIRE\nSous  r\u00e9serve  d'\u00eatre exerc\u00e9es  \u00e0 titre exclusif parle  d\u00e9clarant  (ou  sous  r\u00e9serve  d'une  comptabilt\u00e9\ns\u00e9par\u00e9e  pour les personnes  morales  dispens\u00e9es  dela condition d'activit\u00e9 exclusive) ces activit\u00e9s\nouvrent droit au b\u00e9n\u00e9fice des dispositions des  articles L. 7233-2  du code  du travallet L. 241-10\n'du code  de  la s\u00e9curt\u00e9  sociale.\n(Conform\u00e9ment  aux  ispostions  de  l'article R7232-19  du code  du  travail l'organisme d\u00e9ciar\u00e9 doit\nproduire  au  moins  chaque  timeste  un  \u00e9tat activit\u00e9  et chaque  ann\u00e9e  un  bilan quantitatif et\nqualtatf de  Factivit\u00e9 exerc\u00e9e  au  tire de  l'ann\u00e9e \u00e9coul\u00e9e  ainsi qu'un tableau statistique annuel.\nSi l'organisme  d\u00e9clar\u00e9 comporte  plusieurs  \u00e9tablissements,  les \u00e9tats statistiques et le bilan annuel\ndistinguent l'actit\u00e9 exerc\u00e9e par chaque  \u00e9tablissement.\nLe pr\u00e9sent  r\u00e9c\u00e9piss\u00e9  prond  effet le 18 novembre  2025.\nL'enrogistrement de la d\u00e9claration pourra \u00eatre retir\u00e9 si l'organisme  d\u00e9clar\u00e9 cosse de remplir\nles conditions  ou  de  respecter  les obligations mentionn\u00e9es  aux  4',5\u00b0 et 6\u00b0 de  l'article\n'R723217  ou  qui m\u00e9connait  les obligations d\u00e9finies \u00e0 article  R7232-19  du code  du  travail.\npeine  de  retrait dela  declaration,  fare  l'objet dune  d\u00e9caration  mocicatve  aupr\u00e9s  de  fUnte\nd\u00e9partementale  des  Hauts-de-Seine.\nLe  pr\u00e9sent r\u00e9c\u00e9piss\u00e9 sera publi\u00e9 au recueil des actes administratfs de la pr\u00e9fecture des Hauts-\nde-Soine.\nFait \u00e0  Nanterre, le 25  novembre 2025.\nPour  le Pr\u00e9fet\nPar  d\u00e9l\u00e9gation  et subd\u00e9l\u00e9gation\nLa  Responsable  du  service\nD\u00e9veloppement  de  l'emploi  et  dos\ncomp\u00e9tences\nwhee\n\n=a  Direction  r\u00e9gionale  et interd\u00e9partementale\nMINISTERE  de  l'\u00e9conomie, de l'emploi,\nDU  TRAVAIL,  DE  LA  SANT\u00c9,  du travail et des solidarit\u00e9s\nDES  SOLIDARIT\u00c9S\nET  DES  FAMILLES\nus\nR\u00e9c\u00e9piss\u00e9  n\u00b02025-654  de  d\u00e9claration  d'activit\u00e9s  de  services \u00e0 la personne\n\"enregistr\u00e9e  sous  le n\u00b0 SAP993985639  au  nom  de  la micro-entreprise  BEN\nYOUSSEF  ISMAEL  sise  3 Rue  Saint-Denis  \u00e0  COLOMBES  (92700)\nLE  PREFET  DES  HAUTS-DE-SEINE\n'Vu la oi n\u00b0 2010-853  du  23  jullet 2010  relative aux  r\u00e9seaux  consulaires, au  commerce  et \u00e0\nl'artisanat et aux  services  (article 31);\nVu  la loi n\u00b02015-1778  du  28  d\u00e9cembre  2015  relative \u00e0  l'adaptation de  la soci\u00e9t\u00e9  au\nViellissement ;\nVu  l'article D7231:1 du  Code  du  travail\nVu  les d\u00e9crets  n\u00b0 2011-1132  et n\u00b0 2011-1133  du  20  septembre  2011  modifiant  certaines.\ndisposiions  du  Code  du  travail, relatives  au  ch\u00e8que  emplo-service  universel  et aux\nservices \u00e0 la personne  ;\n'Vu le d\u00e9cret  n\u00b02016-750  du  6  jun  2016  relatif \u00e0 la liste des  activit\u00e9s de  services  \u00e0  la personne\nsoumises  \u00e0 agr\u00e9ment ou \u00e0 autorisation dans le cadre  du  r\u00e9gime  commun  dela  d\u00e9claration\nVu  le  d\u00e9cret  du  31 octobre  2024  portant  nomination  de  Monsieur  Alexandre  BRUGERE,  en\nquait\u00e9 de Pr\u00e9fet des Hauts-de-Seine\nVu  l'ar\u00f4t\u00e9  interminist\u00e9riel du  12 ao\u00fbt  2025  nommant  Monsieur  Fabrice  MASI,  Directeur\nr\u00e9gional et interd\u00e9partemental  de  l'\u00e9conomie,  de  l'emploi, du  travailet des solidarit\u00e9s d'le-\nde-France  \u00e0  compter  du  25  ao\u00fbt  2025  ;\nVu  l'arr\u00e8t\u00e9 pr\u00e9fectoral n\u00b02025-33  du  22  ao\u00fbt  2025  par  lequel le Pr\u00e9fet des  Hauts-de-Seine\nd\u00e9l\u00e8gue  sa  signature  \u00e0  Monsieur  Fabrice  MASI,  Directeur  r\u00e9gional  etinerd\u00e9partemental\nde  l'\u00e9conomie, de  l'emploi, du  travail et des  solidarit\u00e9s d'\u00cele-de-France  ;\nVu  la d\u00e9cision n\u00b0  2025-187  du  25  ao\u00fbt  2025  portant  subd\u00e9l\u00e9gation de  signature  de  Monsieur\nFabrice  MASI,  Directeur  r\u00e9gional et interd\u00e9partemental  de  l'\u00e9conomie,  de  l'emploi, du\ntravail et des  soldari\u00e9s  d'le-de-France,  aux  agents  de  l'Unit\u00e9  d\u00e9partementale  des  Hauts-\nde-Seine\n'Vu la d\u00e9claration activit\u00e9s de services  \u00e0 la personne  d\u00e9pos\u00e9es  le 18 novembre  2025 au nom\nde  la micro-entreprise  BEN  YOUSSEF  ISMAEL  sise 3 Rue  Saint-Denis  \u00e0  COLOMBES\n82700);\n\n'Apres examen  du dossier, cette demande  \u00e9tant conforme  aux dispositions de l'article L. 7232-1\n1 du code  du traval, le pr\u00e9sent r\u00e9c\u00e9piss\u00e9 de d\u00e9claration d activites de services \u00e0 la personne\n\u00e9t\u00e9  enregistr\u00e9 au nom  de la micro-entreprise BEN  YOUSSEF  ISMAEL  sous le num\u00e9ro  SAP\n993985639,\nLes  activit\u00e9s d\u00e9ciar\u00e9es  sont les suivantes, \u00e0 l'exclusion de toute  autre\nEntretien de la maison et travaux  m\u00e9nagers ;\nPrestations relevant du b\u00e9n\u00e9fice de la r\u00e9duction imp\u00f4t  pr\u00e9vue \u00e0 article 199 sexdecies du Code\nG\u00e9n\u00e9ral  des  Imp\u00f4ts.\nLa  structure  exerce  ces  activit\u00e9s selon  le mode suivant : PRESTATAIRE\n'Sous r\u00e9serve d'\u00eatre exerc\u00e9es \u00e0 ttre exclusf par le d\u00e9clarant (ou sous r\u00e9serve d'une comptabilit\u00e9\ns\u00e9par\u00e9e  pour les personnes  morales dispens\u00e9es  de  la condition d'actvit\u00e9 exclusive), ces activites\n'ouvrent droit au b\u00e9n\u00e9fice des dispositions des articles L. 7233-2 du code du traval et L. 241-10\ndu  code  de  la s\u00e9curit\u00e9 sociale\n{Conform\u00e9ment  aux dispositions de  l'article R7232-19  du code du travail l'organisme d\u00e9clar\u00e9 dot\nproduire au moins chaque trimestre un \u00e9tat d'activit\u00e9 et chaque  ann\u00e9e  un bilan quanttatf et\nqualtatf de l'activit\u00e9 exerc\u00e9e  au tire de  l'ann\u00e9e \u00e9coul\u00e9e  ainsi qu'un tableau statistique annuel.\nSi l'organisme d\u00e9clar\u00e9 comporte  plusieurs \u00e9tablissements, les \u00e9tats statistiques et le bilan annuel\ndistinguent Factvit\u00e9 exerc\u00e9e  par chaque  \u00e9tablissement\nLe  pr\u00e9sent  r\u00e9c\u00e9piss\u00e9  prend effet le 18 novembre  202\nL'enregistrement de la d\u00e9claration pourra  \u00eatre rotir\u00e9 si l'organisme d\u00e9clar\u00e9 cesse  de remplir\nles conditions  ou  de respecter  les obligations mentionn\u00e9es  aux  4\u00b0,5\u00b0 ot 6\u00b0 de  l'article\n7232.17  ou qui m\u00e9connait  les obligations d\u00e9finies \u00e0 article R7232-19  du  code  du travail,\niit es devra, sous\nration modificatve  aupr\u00e8s de  l'Unit\u00e9\nd\u00e9partementale  des  Hauts-de-Seine.\nLe pr\u00e9sent r\u00e9c\u00e9piss\u00e9 sera publi\u00e9 au recueil des actes administratifs de la pr\u00e9fecture des Hauts-\nde-Seine.\nFait a Nanterre,  le 25  novembre  2025.\nPour  le Pr\u00e9fot\nPar d\u00e9l\u00e9gation  et subd\u00e9l\u00e9gation\nLa  Responsable  du  service\nD\u00e9veloppement  de  l'emploi  et des\ncomp\u00e9tences\nGude\nCONDE\n\nEx  Direction  r\u00e9gionale  et interd\u00e9partementale\nMINIST\u00c8RE  de l'\u00e9conomie,de l'emploi,\nDU  TRAVAIL,  DE  LA  SANT\u00c9,  du  travail et des solidarit\u00e9s\nDES  SOLIDARIT\u00c9S\nET  DES  FAMILLES\n=\nR\u00e9c\u00e9piss\u00e9  n*2025-655  de  d\u00e9claration  d'activit\u00e9s  de\nenregistr\u00e9e  sous  le n\u00b0 SAP993720721  au  nom  de  la  micro-entrepri\nDJINA  sise  91 Boulevard  Victor  Hugo  \u00e0 CLICHY  (92110)\nLE  PREFET  DES  HAUTS-DE-SEINE\n'Vu la loi n\u00b0 2010-863  du  23  jullet 2010  relative aux  r\u00e9seaux  consulaires,  au  commerce  et \u00e0\nTartisanat et aux  services  (article 31);\nVu  la li n\u00b02015-1776  du  28  d\u00e9cembre  2015  relative \u00e0 adaptation  de  la soci\u00e9t\u00e9  au\nvieilissement ;\nVu  l'article D7231-1  du  Code  du travail\nVu  les d\u00e9crets  n\u00b0 2011-1132  et n\u00b0 2011-1133  du  20  septembre  2011  modifiant  cartaines\ndisposiions  du  Code  du  travail, relatives au  ch\u00e8que  emploi-service  universel et aux\nservices \u00e0 la personne\nVu  le d\u00e9cret  n\u00b02018.750 du 6 juin 2016 relatif \u00e0 la liste des  activit\u00e9s de services \u00e0 la personne\nsoumises \u00e0  agr\u00e9ment  ou  \u00e0 autorisation dans  le cadre  du  r\u00e9gime  commun de  la  d\u00e9claration\nVu  le d\u00e9cret  du  31  octobre  2024  partant  nomination  de  Monsieur  Alexandre  BRUGERE,  en\nqualit\u00e9 de  Pr\u00e9fet des  Hauts-de-Seine  ;\nVu  l'ar\u00eat\u00e9  interminist\u00e9riel  du  12  ao\u00fbt  2025  nommant  Monsieur  Fabrice  MASI,  Directeur\nr\u00e9gional  et  interd\u00e9partemental  de  l'\u00e9conomie,  de  l'emploi,  du  travail et des  solidart\u00e9s  dll\n'de-France \u00e0 compter  du 25 ao\u00fbt  2025 ;\nVu  l'arr\u00eat\u00e9  pr\u00e9fectoral  n\u00b02025-33  du  22  ao\u00fbt  2025  par  lequel  le Pr\u00e9fet  des  Hauts-de-Seine\nd\u00e9l\u00e8gue  sa  signature  \u00e0  Monsieur  Fabrice  MASI,  Directeur  r\u00e9gional  etinterd\u00e9partemental\nde  l'\u00e9conomie, de l'emploi, du travail et des  soldart\u00e9s  d'le-de-France ;\nVu  la d\u00e9cision  n\u00b0 2025-157  du  25  ao\u00fbt  2025  portant  subd\u00e9l\u00e9gation  de  signature  de  Monsieur\nFabrice  MASI,  Directeur  r\u00e9gional  et  interd\u00e9partemental  de  l'\u00e9conomie,  de  l'emploi,  du\ntravail et des  solidantes  d'ile-de-France,  aux  agents  de  l'Unit\u00e9  d\u00e9partementale  des  Hauts-\nde-Seine  ;\n'Vu  la d\u00e9claration  d'activit\u00e9s  de  services  \u00e0 la personne  d\u00e9pos\u00e9es  le 18  novembre  2025  au  nom\nde  la micro-entreprise  GONZALEZ  DJINA  sise  91  Boulevard  Victor  Hugo  \u00e0  CLICHY\n(92110);\n\n'Apres  examendu dossier, cette demande  \u00e9tant conforme  aux dispositions de article L. 7232-1\n1 du  code  du  travail, le pr\u00e9sent  r\u00e9c\u00e9piss\u00e9 de d\u00e9claration dactivites de services \u00e0 la personne a\n\u00e9t\u00e9  enregistr\u00e9 au  nom  de la micro-entreprise GONZALEZ  DJINA  sous  le num\u00e9ro SAP\n993720721\nLes  activites d\u00e9clar\u00e9es  sont les suivantes, a l'exclusion de  toute autre\nEntretien  de  la  maison  et  travaux  m\u00e9nagers  ;\n\u00a9 Garde  d'enfants  de  plus  de  trois ans  \u00e0 domicile;\narticle 199  sexdecies du CodePrestations relevantdu b\u00e9n\u00e9fice  dela  reduction  d'imp\u00f4t  pr\u00e9vue\n(G\u00e9n\u00e9ral  des  Imp\u00f4ts.\nLa  structure  exerce  ces  activit\u00e9s selon  le mode  suivant  : PRESTATAIRE\nSous  r\u00e9serve d'\u00eatre exerc\u00e9es  \u00e0  ttre exclus  par  le d\u00e9ciarant  (ou sous  r\u00e9serve  d'une  comptabilit\u00e9\ns\u00e9par\u00e9e pour les personnes morales dispens\u00e9esde la condition activit\u00e9 exclusive), ces activites\n'ouvrent droit au b\u00e9n\u00e9fice des dispositions des  articles L. 7233-2  du  code  du traval et L  241-10,\ndu code  de la s\u00e9curit\u00e9 sociale.\nConform\u00e9ment  aux  dispostions de  article R7232-19  du code  du  travail, l'organisme d\u00e9clar\u00e9 doit\nproduire au  moins  chaque  trimestre un \u00e9tat d'activit\u00e9 et chaque  ann\u00e9e  un bilan quanttati et\nquaitatf  de  Factivite exerc\u00e9e  au  ire  de  l'ann\u00e9e  \u00e9coul\u00e9e  ainsi qu'un  tableau  statistique annuel\nSi l'organisme d\u00e9clar\u00e9 comporte  plusieurs \u00e9tablissements, es  \u00e9tats statistiques et le bilan annuel\ndistinguent l'actit\u00e9  exerc\u00e9e  par chaque  \u00e9tablissement.\nLe  pr\u00e9sent  r\u00e9c\u00e9piss\u00e9 prend effet le 18 novembre  2028.\nL'enregistrement de la d\u00e9claration  pourra  \u00eatre retir\u00e9si l'organisme  d\u00e9clar\u00e9 cesse de remplir\nles conditions  ou  de  respecter  les obligations  mentionn\u00e9es  aux  4\u00b0,5*  ot 6\u00b0 de  l'article\n7232-17  ou  qui m\u00e9connait  les obligations d\u00e9finies \u00e0 l'article R7232-19  du  code  du  travail,\npaie de retrat dela d\u00e9claration, fare Tobjet dune d\u00e9caraton modiicalve aupr\u00e8s de Uni\nd\u00e9partementale  des  Hauts-de-Seine.\nLe  pr\u00e9sent r\u00e9c\u00e9piss\u00e9 sera publi\u00e9 au recuel  des actes administratfs de Ia pr\u00e9fecture des Hauts-\nde-Seine.\nFait a Nanterre,  le 25 novembre 2025.\nPour  le Pr\u00e9fet\nPar  d\u00e9l\u00e9gation  et subd\u00e9l\u00e9gation\nLa  Responsable  du  service\nD\u00e9veloppement  de  l'emploi  et des\n\n=  ae  ne  ee  ere\nde  l'\u00e9conomie,  de  l'emploi,\nMINISTERE LA  SANT\u00c9, Peet  plone\nDES  SOLIDARITES\nba\nR\u00e9c\u00e9piss\u00e9  n*2025-856  de  d\u00e9claration  d'activit\u00e9s  de  services  \u00e0 la personne\nenregistr\u00e9e  sous  le n\u00b0 SAP993892504  au  nom  de  la micro-entreprise  SOUDANI\nFATIMA  sise  23  Avenue  deLla  Libert\u00e9  \u00e0  NANTERRE  (92000)\nLE  PREFET  DES  HAUTS-DE-SEINE\nVu  la loi n\u00b0  2010-853 du  23juillet  2010  relative  aux  r\u00e9seaux  consulaires,  au  commerce et \u00e0\nl'artisanat et aux  services  (article 31);\nVu  la loi 1\u00b02015-1776  du  28  d\u00e9cembre  2015  relative  \u00e0\nvellissement ;\nVu  l'article D7231-1  du  Code  dutraval  ;\nVu  les d\u00e9crets  n\u00b0 2011-1132  et n\u00b0 2011-1133  du  20  septembre  2011  modifiant  certaines:\ndispositions du  Code  du  travail, relatives au  ch\u00e8que  emploi-service  universel et aux\nservices  \u00e0  la personne ;\nfaptation  de  la soci\u00e9t\u00e9  au\n'Vu le d\u00e9cret  n\u00b02016750  du 6 juin 2016 relatif \u00e0 la listo des activit\u00e9s de services \u00e0 la personne\nsoumises  \u00e0 agr\u00e9ment  ou a autorisation dans  le cadre  du  r\u00e9gime  commun  dela  d\u00e9claration ;\n'Vu le d\u00e9cret  du  31 octobre  2024  portant  nomination  de  Monsieur  Alexandre  BRUGERE,  en\nquait\u00e9 de Pr\u00e9fet des Hauts-de-Seine\nVu  l'ar\u00eat\u00e9 interminist\u00e9riel du  12 ao\u00fbt  2025  nommant  Monsieur  Fabrice  MASI,  Directeur\nr\u00e9gional tinterd\u00e9pariementa de l'\u00e9conomie, de l'emploi, du travalet des solidarit\u00e9s d\u00cele-\nde-France \u00e0  compter  du  25  ao\u00fbt  2025  ;\nVu  l'arr\u00eat\u00e9 pr\u00e9fectoral n\u00b02025-33  du  22  ao\u00fbt  2025  par  lequel le Pr\u00e9fet des  Hauts-de-Seine\nd\u00e9l\u00e8gue  sa  signature \u00e0  Monsieur  Fabrice  MASI,  Directeur  r\u00e9gional  et interd\u00e9partemental\n'de l'\u00e9conomie, de l'emploi, du travail et des solidarit\u00e9s d'\u00cele-de-France;\nVu  la d\u00e9cision  n\u00b0 2025-187  du  25  ao\u00fbt  2025  portant  subd\u00e9l\u00e9gation  de  signature  de  Monsieur\nFabrice  MASI,  Directeur  r\u00e9gional  et interd\u00e9partemental  de  l'\u00e9conomie,  de  l'emploi, du\ntravail  et  des  solidarit\u00e9s  d'Ile-de-France,  aux  agents  de l'Unit\u00e9 d\u00e9partementale des  Hauts-\nde-Seine\nVu  la d\u00e9claration  d'activit\u00e9s de services \u00e0 la personne  d\u00e9pos\u00e9es  le 19 novembre  2025 au nom\nde  la micro-entreprise  SOUDANI  FATIMA  sise 23  Avenue  deLla  Libert\u00e9 \u00e0 NANTERRE\n(82000 ;\n\nApr\u00e8s  examen  du dossier, cette demande  \u00e9tant conforme  aux dispositions de  l'article L. 7232-1-\n1 du  code  du  travall, le pr\u00e9sent  r\u00e9c\u00e9piss\u00e9  de  d\u00e9claration  d'activit\u00e9s de  services  \u00e0 la personne  a\n\u00e9t\u00e9 enregistr\u00e9  au  nom  de  la micro-entreprise  SOUDANI  FATIMA  sous  le num\u00e9ro  SAP\n1993892504,\nLes  activit\u00e9s d\u00e9clar\u00e9es  sont les suivantes,  a l'exclusion de  toute autre\nEntretien  de  la maison  ot travaux  m\u00e9nagers  ;\nPrestations relevant du b\u00e9n\u00e9fice dela  r\u00e9duction d'imp\u00f4t pr\u00e9vue \u00e0 article 199 sexdecies  du Code\nG\u00e9n\u00e9ral  des  Imp\u00f4ts.\nLa  structure  exerce  ces  activit\u00e9s  selon  le mode  suivant : PRESTATAIRE\nSous  r\u00e9serve d'\u00eatre exerc\u00e9es  \u00e0 ttre exclus par le d\u00e9clarant (ou sous  r\u00e9serve d'une comptabilit\u00e9\ns\u00e9par\u00e9e  pour les personnes  morales  dispens\u00e9es de la condition dactivit\u00e9 exclusive), ces activit\u00e9s\nouvrent drot au b\u00e9n\u00e9fice des dispositions des  articles L. 7233-2  du  code  du travail et L. 241-10\n'du code  de  la s\u00e9curt\u00e9  sociale.\n(Conform\u00e9ment  aux  dispositions de  l'article R7232-19  du code  du  travail l'organisme d\u00e9clar\u00e9 doit\nproduire au  moins  chaque  timeste  un \u00e9tat d'activit\u00e9 et chaque  ann\u00e9e  un bilan quanttati et\n'qualtaif de  Factivit\u00e9 exerc\u00e9e  au ire  de l'ann\u00e9e \u00e9coul\u00e9e  ainsi qu'un tableau statistique annuel\nSi l'rganisme  d\u00e9clar\u00e9 comporte  plusieurs \u00e9tablissements, les \u00e9tats statistiqueset le bilan annuel\ndistinguent  l'activit\u00e9 exerc\u00e9e par  chaque  \u00e9tablissement.\nLe pr\u00e9sent  r\u00e9c\u00e9piss\u00e9  prend  effet le 19 novembre  2025.\nnregistrement de la d\u00e9claration  pourra \u00eatre retir\u00e9 si l'organisme d\u00e9clar\u00e9  cesse de remplir\nles conditions  ou  de  respecter  les obligations mentionn\u00e9es  aux  4',5\u00b0 et 6\u00b0 de  l'article\n'R7232-17  ou  qui m\u00e9connalt  les obligations d\u00e9finies \u00e0 l'article R7232-19 du  code  du  travail,\no fos devra,  sous\npaie  de  retrait dela  d\u00e9claration, fare Tobjet dune  d\u00e9caraon  modiicalve  aupr\u00e9s  de  fUnke\nd\u00e9partementale  des  Hauts-de-Seine.\nLe  pr\u00e9sent r\u00e9c\u00e9piss\u00e9 sera publi\u00e9 au recueil des actes administratifs de Ia pr\u00e9fecture des Hauts-\nde-Seine.\nFait \u00e0 Nanterre,  le 26  novembre  2025.\nPour  lo Pr\u00e9fet\nPar d\u00e9l\u00e9gation  et subd\u00e9l\u00e9gation\nLa  Responsable  du  service\nD\u00e9veloppement  de  l'emploi  et des\nMaridma CONDE\n\nea  Direction r\u00e9gionale et interd\u00e9partementale\nMINIST\u00c8RE  de l'\u00e9conomie, de l'emploi,\nDU  TRAVAIL, DE LA SANT\u00c9, du travail et des solidarit\u00e9s\nDES  SOLIDARIT\u00c9S\nET  DES  FAMILLES\nA\nR\u00e9c\u00e9piss\u00e9  n\u00b02025-57  de  d\u00e9claration d'activit\u00e9s de  services \u00e0 la personne\nenregistr\u00e9e  sous  le n\u00b0 SAP994073856  au  nom  de  la micro-entreprise  MACCHI\nAlexandre  Zack  sise  3 Rue  Saint-Denis  \u00e0 COLOMBES  (92700)\nLE  PREFET  DES  HAUTS-DE-SEINE\nVu  la loi n\u00b0 2010-853  du  23 jullet 2010  relative aux  r\u00e9seaux  consulaires, au commerce  et \u00e0\nl'artisanat et aux  services  (article 31);\n'Vu la loi n\u00b02015-1776  du 28 d\u00e9cembre  2015  relative \u00e0 l'adaptation de  la soci\u00e9t\u00e9 au\nviellissement ;\nVu  l'article D7231-1  du  Code  du  travail\nVu  les d\u00e9crets n\u00b0 2011-1132  et n\u00b0 2011-1133  du  20 septembre  2011  modifiant certaines\ndispositions du Code  du travail, relatives au  ch\u00e8que  emploi-service universel et aux\nservices  \u00e0 a  personne  ;\nVu  le d\u00e9cretn\u00b02016-750 du 6 jun 2016  relatif\u00e0 la listedes activit\u00e9sde services\u00e0 la personne\nsoumises \u00e0 agr\u00e9ment  ou \u00e0 autorisation dans le cadre du r\u00e9gime commun  de la d\u00e9ciaration;\nVu  le d\u00e9cret du 31 octobre 2024  portant nomination de  Monsieur  Alexandre  BRUGERE,  en\n'qualit\u00e9 de Pr\u00e9fet des Hauts-de-Seine ;\nVu  Farrdte interminist\u00e9riel du  12 ao\u00fbt 2025  nommant  Monsieur  Fabrice MASI, Directeur\nr\u00e9gional  et interd\u00e9partemental de l'\u00e9conomie, de l'emploi, du travail et des solidarit\u00e9sd'Ile\nde-France \u00e0 compter  du  25  ao\u00fbt  2025  ;\nVu  l'arr\u00eat\u00e9 pr\u00e9fectoral n\u00b02025-3  du  22 ao\u00fbt 2025  par lequel le Pr\u00e9fet des  Hauts-de-Seine\nd\u00e9l\u00e8gue  sa signature \u00e0 Monsieur  Fabrice MASI,  Directeur r\u00e9gional et iterd\u00e9partementai\nde l'\u00e9conomie, de l'emploi, du travailet des solidarit\u00e9s d'\u00cele-de-France ;\n'Vu la d\u00e9cision n\u00b0 2025-187  du 25 ao\u00fbt 2025  portant subd\u00e9l\u00e9gation de  signature de  Monsieur\nFabrice MASI,  Directeur r\u00e9gional et interd\u00e9partemental de l'\u00e9conomie, de  l'emplol, du\ntraval et des  soldarites d'Ile-de-France, aux agents  de l'Unit\u00e9 d\u00e9partementale  des  Hauts-\nde-Seine  ;\nVu  la d\u00e9claration d'activit\u00e9s de services \u00e0 la personne  d\u00e9pos\u00e9es  le 19 novembre 2025 au nom\nde  la micro-entreprise MACCHI  Alexandre  Zack  sise 3 Rue  Saint-Denis \u00e0 COLOMBES\n(82700  :\n\nApr\u00e8s examen  du dossier, cette demande  \u00e9tant conforme aux dispositions de l'article L. 7232-1\n1 du code  du  travail, le pr\u00e9sent r\u00e9c\u00e9piss\u00e9 de d\u00e9claration dactivit\u00e9s  de  services \u00e0 la personne  a\n\u00eat\u00e9 enregistr\u00e9 au nom  de  la micro-entreprise MACCHI  Alexandre  Zack  sous le num\u00e9ro  SAP\n994073856.\nLes  activit\u00e9s d\u00e9clar\u00e9es  sont  les suivantes,  \u00e0 l'exclusion de  toute  autre\nEntretien  de la maison  et  travaux  m\u00e9nagers  ;\nPrestations relevant du b\u00e9n\u00e9fice dela  r\u00e9duction d'imp\u00f4t pr\u00e9vue  \u00e0 l'article 199 sexdecies du  Code\nsuivant : PRESTATAIRE\nSous  r\u00e9serve  d'etre exerc\u00e9es  \u00e0  tre  exclus  par le d\u00e9clarant  (ou  sous  r\u00e9serve  d'une  comptabilit\u00e9\ns\u00e9par\u00e9e  pour les personnes  morales  dispens\u00e9es de la condition d'activit\u00e9 exclusive), ces activites\nouvrent droit au b\u00e9n\u00e9fice des dispositions des  articles L. 7233-2  du code  du traval et L 241-10\n'du code  de  la s\u00e9curit\u00e9 socal.\n(Conform\u00e9ment  aux  dispositionsde article R7232-19 du code  du  travail organisme  d\u00e9clar\u00e9 doit\nproduire au  moins  chaque  timeste  un \u00e9tat dactivit\u00e9 et chaque  ann\u00e9e  un bilan quantitatif et\n'qualtaf de l'activit\u00e9 exerc\u00e9e au tire de l'ann\u00e9e \u00e9coul\u00e9e ainsi qu'un tableau statistique annuel.\nSi organisme  d\u00e9clar\u00e9 comporte  plusieurs \u00e9tablissements, le  \u00e9tats statistiques et le bilan annuel\ndistinguent  Factvit\u00e9 exerc\u00e9e  par  chaque  \u00e9tablissement.\nLe pr\u00e9sent  r\u00e9c\u00e9piss\u00e9  prond  effet  le 19 novembre  2025.\nL'enregistrement de la d\u00e9claration pourra \u00eatre retir\u00e9 si l'organisme  d\u00e9clar\u00e9 cosse  de  remplir\nles conditions  ou  de  respocter  les obligations mentionn\u00e9es  aux  4\u00b0,5\u00b0 ot 6\u00b0 de  l'article\n/R723217  ou  qui m\u00e9connalt  les obligations d\u00e9finies \u00e0 l'article R7232-19 du  code  du  traval\nToute  modification concemant  la structure d\u00e9clar\u00e9e ou les activit\u00e9s oxerc\u00e9os devo, sous\nDeine de  retrait de  Ta d\u00e9claration, are  Tobjet dune  d\u00e9claration modiicatve  aupr\u00e9s  de l'Unit\u00e9\nG\u00e9panomentae  des  Hauts-de-Seine\nLe  pr\u00e9sent  r\u00e9c\u00e9piss\u00e9 sera pubt\u00e9 au  recuel  des actes administratis de la pr\u00e9fecture des Hauts-\nde-Seine\nFait \u00e0 Nanterre, le 28  novembre  2025.\nPour  le  Pr\u00e9fet\nPar  d\u00e9l\u00e9gation  ot subd\u00e9l\u00e9gation\nLa  Responsable  du  service\nD\u00e9veloppement  de  l'emploi  et des\n\n=e ee SE eee Bm ee a SR EEE SR 2 MR SERIES em 4264 UE D SR\nLAee DRE D DE OS DDD SR\nIMmMRI AA M  =\n= \" \" 1 1 1 x\nrer  nee  er  Mme\n~ , . \u00ab , , 1\nAR IA == a . \" CS  .\n1 \" 1 . . \" oe \" 1. 4  - 1 \"4 1 1\n\u2014_s \u00ab CI oo. an\nxat 1 rr  ATs rT\nzwe  EN UN  ke  me  ere\n142\nRECUEIL DES ACTES ADMINISTRATIFS\nDU\nPR\u00c9FET DES HAUTS-DE-SEINE\nISSN 0985 - 5955\nPour toute correspondance, s'adresser \u00e0 :\nPR\u00c9FET DES HAUTS-DE-SEINE\nSecr\u00e9tariat g\u00e9n\u00e9ral\nSecr\u00e9tariat g\u00e9n\u00e9ral aux affaires d\u00e9partementales\n167/177, Avenue Joliot Curie\n92013 NANTERRE CEDEX\nLe recueil des actes administratifs est consultable en ligne sur le site de la pr\u00e9fecture\nAdresse Internet : https://www.hauts-de-seine.gouv.fr/\nDirecteur de la publication :\nAlexandre BRUG\u00c8RE\nPR\u00c9FET DES HAUTS-DE-SEINE\nLADR DR D D D SU OS E D ER D _ = ~-, ER 5 == ER, el SR ee el\n143\nPR\u00c9FECTURE DES HAUTS-DE-SEINE\n167-177, avenue Joliot Curie 92013 NANTERRE Cedex\nCourriel : sgc-courrier@hauts-de-seine.gouv.fr\nStandard : 01.40.97.20.00 T\u00e9l\u00e9copie 01.40.97.25.21\nAdresse Internet : https://www.hauts-de-seine.gouv.fr/","date":"2025-12-10","first_seen_on":"2025-12-10T15:56:06+00:00","id":"c7ed12f32dcc0b82c2b6e1b4e3c035e050c2436e3d021215a88131ecd479ea94","name":"2025-12-10 RAA sp\u00e9cial DRIEETS-UD92 du 10 d\u00e9cembre 2025","pdf_creation_date":null,"pdf_modification_date":null,"timezone":"Europe/Paris","url":"https://www.hauts-de-seine.gouv.fr/contenu/telechargement/27781/192589/file/2025-12-10%20RAA%20sp%C3%A9cial%20DRIEETS-UD92%20du%2010%20d%C3%A9cembre%202025.pdf"}
