{"administration":"pref80","administration_name":"Pr\u00e9fecture de la Somme","content":"PR\u00c9FET\nDE LA SOMME\nRECUEIL DES ACTES\nADMINISTRATIFS\nN\u00b02025-018\nPUBLI\u00c9 LE 17 JANVIER 2025\nSommaire\nPr\u00e9fecture de la Somme - Cabinet / Cabinet\n80-2025-01-17-00001 - AP 25/020 autorisant la captation, l'enregistrement et\nla transmission d'images au moyen de cam\u00e9ras install\u00e9es sur des\na\u00e9ronefs (3 pages) Page 3\n2\nPr\u00e9fecture de la Somme - Cabinet\n80-2025-01-17-00001\nAP 25/020 autorisant la captation,\nl'enregistrement et la transmission d'images au\nmoyen de cam\u00e9ras install\u00e9es sur des a\u00e9ronefs\nPr\u00e9fecture de la Somme - Cabinet - 80-2025-01-17-00001 - AP 25/020 autorisant la captation, l'enregistrement et la transmission\nd'images au moyen de cam\u00e9ras install\u00e9es sur des a\u00e9ronefs 3\n| Arr\u00eat\u00e9  CAB/BSI/PA  n\u00b0 25/020\nPR\u00c9FET\nDE LA SOMME\nLibert\u00e9\nEgalit\u00e9\nFraternit\u00e9\nArr\u00eat\u00e9  autorisant  la captation,  l'enregistrement  et la transmission\nd'images  au moyen  de cam\u00e9ras  install\u00e9es  sur des  a\u00e9ronefs\nau profit  des  forces  de s\u00e9curit\u00e9  int\u00e9rieure\nLE PR\u00c9FET  DE LA SOMME\nCHEVALIER  DE LA L\u00c9GION  D'HONNEUR\nVu le code  de la s\u00e9curit\u00e9  int\u00e9rieure,  notamment  ses articles  L. 242-1  \u00e0 L. 242-8  et R. 242-8  aR.  242-14;\nVu le d\u00e9cret  n\u00b0 2004-374  du 29 avril 2004  modifi\u00e9,  relatif  aux pouvoirs  des pr\u00e9fets,  \u00e0 l'organisation  et\n\u00e0 l'action  des services  de l'\u00c9tat  dans  les r\u00e9gions  et les d\u00e9partements  ;\nVu le d\u00e9cret  du 13 juillet  2023  portant  nomination  du pr\u00e9fet  de la Somme,  M. Rollon  MOUCHEL-\nBLAISOT  \u00e0 compter  du 24 juillet  2023  :\nVu le d\u00e9cret  du 3 janvier  2024  nommant  M. Victor  JOZON  sous-pr\u00e9fet,  directeur  de cabinet  du\npr\u00e9fet  de la Somme  ;\nVu l'arr\u00eat\u00e9  pr\u00e9fectoral  du 15 janvier  2024  portant  d\u00e9l\u00e9gation  de signature  \u00e0 M. Victor  JOZON  sous-\npr\u00e9fet,  directeur  de cabinet  du pr\u00e9fet  de la Somme  ;\nVu l'arr\u00eat\u00e9  du ministre  de l'Int\u00e9rieur  et des  Outre-Mer,  en date  du 19 avril  2023  relatif  au nombre\nmaximal  de cam\u00e9ras  install\u00e9es  sur des  a\u00e9ronefs  pouvant  \u00eatre  simultan\u00e9ment  utilis\u00e9es  dans  chaque\nd\u00e9partement  et collectivit\u00e9  d'outre-mer  ;\nVu la demande  en date  du 16 janvier  2025,  form\u00e9e  par  la direction  interd\u00e9partementale  de la police\nnationale  de la Somme,  visant  \u00e0 obtenir  l'autorisation  de capter,  d'enregistrer  et de transmettre  des\nimages  au moyen  d'une  (01)  cam\u00e9ra  install\u00e9e  sur un (01)  a\u00e9ronef  dans  le cadre  d'un  risque  de trouble\n\u00e0 l'ordre  public  dans  le cadre  de la manifestation  de personnes  s'opposant  \u00e0 la tenue  d'une  r\u00e9union\nde la f\u00e9d\u00e9ration  du Rassemblement  National  de la Somme  en pr\u00e9sence  de d\u00e9put\u00e9s  ;\nConsid\u00e9rant  qu'en  novembre  2024,  lors  d'un  rassemblement  du mouvement  jeunesse  du\nRassemblement  National  dans  un bar  ami\u00e9nois,  plusieurs  dizaines  de militants  antifascistes  ont\ntent\u00e9  de venir  au contact  des  forces  de l'ordre  plac\u00e9s  en s\u00e9curisation  du quartier  en anticipation\nd'\u00e9ventuels  d\u00e9bordements  ; que  lors de cette  soir\u00e9e,  l'usage  d'engins  lacrymog\u00e8nes  et l'utilisation\ndes  chiens  de d\u00e9fense  en frappe  musel\u00e9e  ont  \u00e9t\u00e9 n\u00e9cessaires  pour  maintenir  l'ordre  public  ;\nConsid\u00e9rant  que  les dispositions  susvis\u00e9es  permettent  aux  forces  de s\u00e9curit\u00e9  int\u00e9rieure,  dans\nl'exercice  de leurs  missions  de pr\u00e9vention  des  atteintes  \u00e0 l'ordre  public  et de protection  de la\ns\u00e9curit\u00e9  des  personnes  et des  biens,  de proc\u00e9der  \u00e0 la captation,  \u00e0 l'enregistrement  et \u00e0 la\ntransmission  d'images  au moyen  de cam\u00e9ras  install\u00e9es  sur des  a\u00e9ronefs  aux  fins  d'assurer  la s\u00e9curit\u00e9\ndes personnes  et des  biens  et pr\u00e9venir  les troubles  \u00e0 l'ordre  public  dans  le cadre  des  op\u00e9rations  de\nr\u00e9tablissement  de l'ordre  public;  que  notamment,  le 2\u00b0 de l'article  L. 242-5  susvis\u00e9  pr\u00e9voit  que  ces\ndispositifs  peuvent  \u00eatre  mis  en \u0153uvre  au titre  de la s\u00e9curit\u00e9  des  rassemblements  de personnes  sur la\nvoie  publique  ou dans  les lieux  ouverts  au public  ainsi  que  de l'appui  des  personnels  au sol,  en vue\nde leur  permettre  de maintenir  ou de r\u00e9tablir  l'ordre  public,  lorsque  ces  rassemblements  sont\nsusceptibles  d'entra\u00eener  des  troubles  graves  \u00e0 l'ordre  public  ;\nConsid\u00e9rant  que  la demande  porte  sur l'engagement  d'une  (01)  cam\u00e9ra  a\u00e9roport\u00e9e  pendant  la seule\ndur\u00e9e  de l'op\u00e9ration  ; que  les lieux  surveill\u00e9s  sont  strictement  limit\u00e9s  aux  p\u00e9rim\u00e8tres  indiqu\u00e9s  sur les\ncartes  annex\u00e9es  au pr\u00e9sent  arr\u00eat\u00e9,  o\u00f9 sont  susceptibles  de se commettre  les atteintes  ; que  l'usage\ndes  cam\u00e9ras  a\u00e9roport\u00e9es  vise  \u00e0 pr\u00e9venir  ; que  la dur\u00e9e  de l'autorisation  est \u00e9galement  strictement\nlimit\u00e9e  \u00e0 la dur\u00e9e  de l'op\u00e9ration  ; qu'au  regard  des  circonstances  sus-mentionn\u00e9es,  la demande\nn'appara\u00eet  pas  disproportionn\u00e9e  ;\n\u00abRie\nPr\u00e9fecture de la Somme - Cabinet - 80-2025-01-17-00001 - AP 25/020 autorisant la captation, l'enregistrement et la transmission\nd'images au moyen de cam\u00e9ras install\u00e9es sur des a\u00e9ronefs 4\nConsid\u00e9rant  que  compte  tenu  de l'insuffisance  du nombre  de cam\u00e9ras  de vid\u00e9oprotection  sur les\np\u00e9rim\u00e8tres  concern\u00e9s  ne permettant  pas  de couvrir  la totalit\u00e9  de ceux-ci  et de l'int\u00e9r\u00eat  pour  les\nforces  de l'ordre  de disposer  d'une  vision  en grand  angle,  le recours  aux  dispositifs  de captation\ninstall\u00e9s  sur des  a\u00e9ronefs  est n\u00e9cessaire  et adapt\u00e9  ; qu'il  n'existe  pas  de RARGT  F moins  intrusif\npermettant  de parvenir  aux  m\u00eames  fins  ;\nConsid\u00e9rant  que  le recours  \u00e0 la captation,  l'enregistrement  et la transmission  d'images  fera  l'objet\nd'une  information  par  plusieurs  moyens  adapt\u00e9s  ; qu'outre  la publication  du pr\u00e9sent  arr\u00eat\u00e9  au\nrecueil  des  actes  administratifs,  ce dispositif  fera  l'objet  d'une  information  sur le r\u00e9seau  social  X ;\nque  ces moyens  d'information  sont  adapt\u00e9s  ;\nSur  proposition  du directeur  de cabinet  du pr\u00e9fet  de la Somme;\nARR\u00caTE\nArticle  1% - La captation,  l'enregistrement  et la transmission  d'images  par la direction\ninterd\u00e9partementale  de la police  nationale  de la Somme,  est autoris\u00e9e  au titre  d'un  risque  de\ntrouble  \u00e0 l'ordre  public  dans  le cadre  de la manifestation  de personnes  s'opposant  au\nrassemblement  de d\u00e9put\u00e9s  du rassemblement  national  le Vendredi  17 janvier  2025  sur la commune\nd'Amiens  (80000).  La pr\u00e9sente  autorisation  est d\u00e9livr\u00e9e  pour  la dur\u00e9e  de l'op\u00e9ration  soit  le vendredi\n17 janvier  2025  de 17h00  \u00e0 23h59,  heures  locales,\nArticle  2 - Le nombre  maximal  de cam\u00e9ras  pouvant  proc\u00e9der  simultan\u00e9ment  aux  traitements\nmentionn\u00e9s  \u00e0 l'article  1\u00b0 est fix\u00e9  \u00e0 une  (01)  cam\u00e9ra  positionn\u00e9e  sur un (01)  drone  de type  DJ1 MAVIC\n2 PRO  ADVANCED,\nArticle  3 - La pr\u00e9sente  autorisation  est limit\u00e9e  aux  p\u00e9rim\u00e8tres  g\u00e9ographiques  figurant  sur les plans\njoints  en annexes.\nArticle  4 - Le registre  mentionn\u00e9  \u00e0 l'article  L. 242-4  du code  de la s\u00e9curit\u00e9  int\u00e9rieure  est transmis  au\npr\u00e9fet  de la Somme  \u00e0 l'issue  de l'op\u00e9ration,\nArticle  5 - Le pr\u00e9sent  arr\u00eat\u00e9  est publi\u00e9  au recueil  des  actes  administratifs  de la pr\u00e9fecture  et peut\nfaire  l'objet  d'un  recours  devant  le tribunal  administratif  d'Amiens  dans  un d\u00e9lai  de deux  mois  \u00e0\ncompter  de sa publication.\nArticle  6 - Le sous-pr\u00e9fet,  directeur  de cabinet  du pr\u00e9fet  de la Somme,  le directeur\ninterd\u00e9partemental  de la police  nationale  sont  charg\u00e9s  chacun  en ce qui le concerne,  de l'ex\u00e9cution\ndu pr\u00e9sent  arr\u00eat\u00e9.\nAmiens,  le JA  lol lois\nPour  le pr\u00e9fet  et pfr d\u00e9l\u00e9gation,\nle sous-pr\u00e9fet,  diregteur  de cabinet,\n~ 2/2-\nPr\u00e9fecture de la Somme - Cabinet - 80-2025-01-17-00001 - AP 25/020 autorisant la captation, l'enregistrement et la transmission\nd'images au moyen de cam\u00e9ras install\u00e9es sur des a\u00e9ronefs 5\nPr\u00e9fecture de la Somme - Cabinet - 80-2025-01-17-00001 - AP 25/020 autorisant la captation, l'enregistrement et la transmission\nd'images au moyen de cam\u00e9ras install\u00e9es sur des a\u00e9ronefs 6","date":"2025-01-17","first_seen_on":"2025-01-17T15:21:16+00:00","id":"c80cf616f199729105bbb8424d104fcd7a84901925d00e7ab410470bbba764d6","name":"RAA n\u00b018 du 17 janvier 2025","pdf_creation_date":"2025-01-17T15:08:15+00:00","pdf_modification_date":null,"timezone":"CET","url":"https://www.somme.gouv.fr/contenu/telechargement/50771/337014/file/recueil-2025-018-recueil-des-actes-administratifs.pdf"}
