{"administration":"prefidf","administration_name":"Pr\u00e9fecture de la r\u00e9gion \u00cele-de-France","content":"PREFECTURE\nREGION ILE DE\nFRANCE\nRECUEIL DES ACTES\nADMINISTRATIFS SP\u00c9CIAL\nN\u00b0IDF-012-2025-05\nPUBLI\u00c9 LE  9 MAI 2025\nSommaire\nAgence R\u00e9gionale de Sant\u00e9 /\nIDF-2025-04-22-00008 - Arr\u00eat\u00e9 2025-143 portant modification de\nl'arr\u00eat\u00e9 2025-065 du 20 f\u00e9vrier 2025 relatif au changement de\nd\u00e9nomination de l'ITEP de Marly-la-Ville g\u00e9r\u00e9 par la Mutuelle la\nMayotte (2 pages) Page 4\nIDF-2025-04-07-00017 - Arr\u00eat\u00e9 2025-144 portant autorisation de\nregroupement, de globalisation des capacit\u00e9s du SEFEP et du SSEFS \u00e0\nMontgeron en Service d'Education Sp\u00e9ciale et de Soins \u00e0 Domicile\n(SESSAD) \"JC Gatinot\" g\u00e9r\u00e9s par l'association Langage et Int\u00e9gration\n(4 pages) Page 7\nIDF-2025-04-07-00018 - Arr\u00eat\u00e9 2025-145 portant autorisation de\nregroupement, de globalisation des capacit\u00e9s du SAFEP et du SSEFS de\nMassy en un Service d'Education Sp\u00e9ciale et de Soins \u00e0 Domicile\n(SESSAD) \"Camus g\u00e9r\u00e9s par l'Association Langage et Int\u00e9gration (4\npages) Page 12\nIDF-2025-01-16-00005 - Arr\u00eat\u00e9 2025-146 portant modification de\nl'arr\u00eat\u00e9 157-2024 autorisant le fonctionnement en dispositif int\u00e9gr\u00e9\nde l'ITEP Brunehaut \u00e0 Morigny Champigny et du SESSAD Brunehaut\ng\u00e9r\u00e9 par le Comit\u00e9 d\u00e9partemental de sauvegarde de l'enfant \u00e0\nl'adulte (CDSEA) (4 pages) Page 17\nPr\u00e9fecture de la r\u00e9gion d'Ile-de-France, pr\u00e9fecture de\nParis-Secr\u00e9tariat g\u00e9n\u00e9ral aux politiques publiques / Bureau de la\ncoordination et de l'investissement territorial\nIDF-2025-03-21-00006 - Arr\u00eat\u00e9 n\u00b0 2025-03 modifiant l'arr\u00eat\u00e9 n\u00b0\n2018-88 du 8 ao\u00fbt 2018 modifi\u00e9 portant attribution de subvention au\ntitre de  la dotation de soutien \u00e0 l'investissement public local \u00e0 la\ncommune de Louvres pour la construction d'un \u00e9quipement culturel\nconstitu\u00e9 de deux salles polyvalentes en vue d'accueillir des\nmanifestations municipales et associatives ainsi que destin\u00e9es \u00e0 la\nlocation pour les habitants.\n (2 pages) Page 22\nIDF-2025-03-21-00007 - Arr\u00eat\u00e9 n\u00b0 2025-06 modifiant l'arr\u00eat\u00e9 n\u00b0\n2020-517 du 3 d\u00e9cembre 2020 portant attribution de subvention au titre\nde la dotation de soutien \u00e0 l'investissement local \u00ab Plan de relance \u00bb\n\u00e0 la commune de La Courneuve pour la construction et les travaux de\nr\u00e9novation thermique du groupe scolaire Joliot Curie.\n (2 pages) Page 25\nIDF-2025-03-21-00008 - Arr\u00eat\u00e9 n\u00b0 2025-07 modifiant l'arr\u00eat\u00e9 n\u00b0\n2018-589 du 10 d\u00e9cembre 2018 portant attribution de subvention au titre\nde la dotation de soutien \u00e0 l'investissement local \u00e0 la communaut\u00e9\nd'agglom\u00e9ration Coeur d'Essonne agglom\u00e9ration pour actualiser\nle sch\u00e9ma de circulation interne \u00e0 l'ex-base a\u00e9rienne 217 (voie\nnord, voie sud, liaison nord-sud), en int\u00e9grant notamment des solutions\nde transports innovantes.\n (2 pages) Page 28\n2\nRectorat de la r\u00e9gion acad\u00e9mique d'Ile-de-France, rectorat de\nl'acad\u00e9mie de Paris /  Service Inter Acad\u00e9mique des Affaires Juridiques\nIle-de-France\nIDF-2025-05-07-00009 - Arr\u00eat\u00e9 du 7 mai 2025 fixant les conditions\nd'affectation au sein des lyc\u00e9es publics de l'acad\u00e9mie de Paris (74\npages) Page 31\n3\nAgence R\u00e9gionale de Sant\u00e9\nIDF-2025-04-22-00008\nArr\u00eat\u00e9 2025-143 portant modification de l'arr\u00eat\u00e9\n2025-065 du 20 f\u00e9vrier 2025 relatif au\nchangement de d\u00e9nomination de l'ITEP de\nMarly-la-Ville g\u00e9r\u00e9 par la Mutuelle la Mayotte\nAgence R\u00e9gionale de Sant\u00e9 - IDF-2025-04-22-00008 - Arr\u00eat\u00e9 2025-143 portant modification de l'arr\u00eat\u00e9 2025-065 du 20 f\u00e9vrier 2025\nrelatif au changement de d\u00e9nomination de l'ITEP de Marly-la-Ville g\u00e9r\u00e9 par la Mutuelle la Mayotte 4\nREPUBLIQUEFRANCAISELibert\u00e9Egalit\u00e9Fraternit\u00e9\nAre \u00bb Agence R\u00e9gionale de Sant\u00e9lle-de-France\n  \n \n \n \n  \n \n          \n                         \n \n \n \nARR\u00caT\u00c9 N\u00b0 2025 \u2013 143  \n \nPortant modification de l'arr\u00eat\u00e9 n\u00b02025-065 du 20 f\u00e9vrier 2025  \nde l'Institut Th\u00e9rapeutique Educatif et P\u00e9dagogique (ITEP)  \nde Marly-la-Ville situ\u00e9 15 rue Gabriel P\u00e9ri (95670), \n  \ng\u00e9r\u00e9 par la Mutuelle la Mayotte \n \n \nLE DIRECTEUR G\u00c9N\u00c9RAL DE L'AGENCE R\u00c9GIONALE DE SANT\u00c9 \u00ceLE-DE-FRANCE \n \n \n \nVU le code de l'action sociale et des familles et notamment les articles L. 312 -1, L. 313-1, L. 314-3 et \nsuivants ; \n \nVU le d\u00e9cret du 10 avril 2024 portant nomination de Monsieur Denis ROBIN, Directeur de l'Agence \nr\u00e9gionale de sant\u00e9 d'\u00cele-de-France, \u00e0 compter du 29 avril 2024 ; \n \nVU        l'arr\u00eat\u00e9 DS N\u00b0122/2024 du 16 novembre 2024 portant d\u00e9l\u00e9gation de signature \u00e0 Madame Laureen \nWELSCHBILLIG, Directrice de la D\u00e9l\u00e9gation d\u00e9partementale du Val-d'Oise ; \n \nVU le d\u00e9cret n\u00b02021 -1476 du 12 novembre 2021 relatif au rythme des \u00e9valuations de la qualit\u00e9 des \n\u00e9tablissements et services sociaux et m\u00e9dico-sociaux ; \n \nVU        l'arr\u00eat\u00e9 n\u00b0DIRNOV-2023/08 du 26 octobre 2023 de la Directrice g\u00e9n\u00e9rale de l'Agence r\u00e9gionale de \nsant\u00e9 Ile -de-France portant modification du cadre d'orientation strat\u00e9gique 2018 -2028 du projet \nr\u00e9gional de sant\u00e9 d'Ile-de-France ; \n \nVU       l'arr\u00eat\u00e9 n\u00b0DIRNOV-2023/09 du 26 octobre 2023 de la Directrice g\u00e9n\u00e9rale de l'Agence r\u00e9gionale de \nsant\u00e9 Ile-de-France portant adoption du sch\u00e9ma r\u00e9gional de sant\u00e9 2023 -2028 du projet r\u00e9gional de \nsant\u00e9 d'Ile-de-France, modifi\u00e9 par l'arr\u00eat\u00e9 n\u00b0DIRNOV-2023-09 en date du 12 janvier 2024 ; \n \nVU       l'arr\u00eat\u00e9 n\u00b02023-346 du 4 d\u00e9cembre 2023 de la Directrice g\u00e9n\u00e9rale de l'Agence r\u00e9gionale de sant\u00e9 \nIle-de-France \u00e9tablissant le programme interd\u00e9partemental d'accompagnement des handicaps et de \nla perte d'autonomie (PRIAC) 2023-2027 pour la r\u00e9gion Ile-de-France ; \n \nVU        le sch\u00e9ma d\u00e9partemental en faveur des personnes handicap\u00e9es ; \n \nVU      l'arr\u00eat\u00e9 n\u00b02009-93 du 20 janvier 2009 du Pr\u00e9fet du Val-d'Oise autorisant la Mutuelle La Mayotte dont \nle si\u00e8ge social est situ\u00e9 165 avenue de Paris \u00e0 Montlignon (95680), \u00e0 restructurer 118 places de \nl'Institut Th\u00e9rapeutique Educatif et P\u00e9dagogique (ITEP) de Montlignon les r\u00e9partissant sur deux \nsites : \n- Site de Montlignon : 36 places d'internat et 46 places de semi-internat ; \n- Site de Marly-la-Ville : 36 places d'internat ; \n \nVU        l'arr\u00eat\u00e9 n\u00b02025-065 du 20 f\u00e9vrier 2025 de la Directrice de la D\u00e9l\u00e9gation d\u00e9partementale du Val-d'Oise \nautorisant la Mutuelle la Mayotte \u00e0 nommer l'ITEP de Marly-la-Ville Patrice Petrault ;    \n \n            \nCONSIDERANT       qu'il convient de modifier le mode d'accueil de 36 places d'internat de l'article 2 e de \nl'arr\u00eat\u00e9 n\u00b02025-065 du 20 f\u00e9vrier 2025 en 14 places d'h\u00e9bergement complet internat et \n12 places en semi-internat ; \n \n \n \n \nAgence R\u00e9gionale de Sant\u00e9 - IDF-2025-04-22-00008 - Arr\u00eat\u00e9 2025-143 portant modification de l'arr\u00eat\u00e9 2025-065 du 20 f\u00e9vrier 2025\nrelatif au changement de d\u00e9nomination de l'ITEP de Marly-la-Ville g\u00e9r\u00e9 par la Mutuelle la Mayotte 5\n2 \n \nCONSIDERANT       que cette modification n'entraine aucun changement dans la gestion de l 'ITEP ; \n \nCONSIDERANT      que cette modification s'effectue \u00e0 co\u00fbt constant et n'entraine aucun surcout pour les \nautorit\u00e9s de contr\u00f4le et de tarification ; \n \n \nARR\u00caTE \n \n \nARTICLE 1er : L'autorisation de modifier l'arr\u00eat\u00e9 n\u00b02025-065 du 20 f\u00e9vrier 2025 de l'ITEP Patrice Petrault \nsitu\u00e9 15 rue Gabriel P\u00e9ri \u00e0 Marly-la-Ville (95670) est accord\u00e9e \u00e0 la Mutuelle La Mayotte sise \n165 avenue de Paris \u00e0 Montlignon (95680). \n \n       ARTICLE 2e :      La capacit\u00e9 totale de l'ITEP est de 36 places r\u00e9parties de la mani\u00e8re suivante : \n - 14 places en h\u00e9bergement complet internat ; \n - 12 places en semi-internat.    \n \nARTICLE 3e : Cette structure est r\u00e9pertori\u00e9e dans le Fichier National des Etablissements Sanitaires et \nSociaux (FINESS) de la fa\u00e7on suivante : \n \nN\u00b0 FINESS de l'\u00e9tablissement : 95 004 799 3 \n \nCode cat\u00e9gorie : [186] Institut Th\u00e9rapeutique Educatif et P\u00e9dagogique   36 places \nCode discipline : [844] Tous projets \u00e9ducatifs th\u00e9rapeutiques et p\u00e9dagogiques \nCode fonctionnement : [11] H\u00e9bergement complet internat       14 places \n     [21] Accueil de jour                              12 places \nCode client\u00e8le : [200] Difficult\u00e9s psychologiques avec troubles du comportement \n \nCode mode de fixation des tarifs : [57] Tarification globalis\u00e9 dans le cadre d'un CPOM  \n \nN\u00b0 FINESS du gestionnaire : 95 000 331 9 \n \n        Code statut : [47] Soci\u00e9t\u00e9 mutualiste \n \nARTICLE 4e : Tout changement important dans l'activit\u00e9, l'installation, l'organisation, la direction ou le \nfonctionnement de l'\u00e9tablissement doit \u00eatre port\u00e9 \u00e0 la connaissance des autorit\u00e9s \ncomp\u00e9tentes conform\u00e9ment \u00e0 l'article L.313-1 du code de l'action sociale et des familles. \n \nARTICLE 5e : Un recours contre le pr\u00e9sent arr\u00eat\u00e9 peut \u00eatre form\u00e9 devant le tribunal administratif comp\u00e9tent \ndans un d\u00e9lai de deux mois \u00e0 compter de sa notification. \n \nARTICLE 6e : Le Directeur adjoint de la D\u00e9l\u00e9gation d\u00e9partementale du Val-d'Oise de l'Agence r\u00e9gionale \nde sant\u00e9 \u00ce le-de-France est charg\u00e9 de l'ex\u00e9cution du pr\u00e9sent arr\u00eat\u00e9 qui sera notifi\u00e9 au \ndemandeur et publi\u00e9 aux recueils des actes administratifs de la R\u00e9gion Ile-de-France et du \nD\u00e9partement du Val-d'Oise. \n \nFait \u00e0 Cergy, le 22 avril 2025  \n \nP/ Le Directeur g\u00e9n\u00e9ral de l'Agence r\u00e9gionale  \nde sant\u00e9 Ile-de-France et par d\u00e9l\u00e9gation, \n \n \n \n \n \n \nLaureen WELSCHBILLIG \nDirectrice de la d\u00e9l\u00e9gation \nD\u00e9partementale du Val-d'Oise                                                \n \n \n \n \n \n \nAgence R\u00e9gionale de Sant\u00e9 - IDF-2025-04-22-00008 - Arr\u00eat\u00e9 2025-143 portant modification de l'arr\u00eat\u00e9 2025-065 du 20 f\u00e9vrier 2025\nrelatif au changement de d\u00e9nomination de l'ITEP de Marly-la-Ville g\u00e9r\u00e9 par la Mutuelle la Mayotte 6\nAgence R\u00e9gionale de Sant\u00e9\nIDF-2025-04-07-00017\nArr\u00eat\u00e9 2025-144 portant autorisation de\nregroupement, de globalisation des capacit\u00e9s du\nSEFEP et du SSEFS \u00e0 Montgeron en Service\nd'Education Sp\u00e9ciale et de Soins \u00e0 Domicile\n(SESSAD) \"JC Gatinot\" g\u00e9r\u00e9s par l'association\nLangage et Int\u00e9gration\nAgence R\u00e9gionale de Sant\u00e9 - IDF-2025-04-07-00017 - Arr\u00eat\u00e9 2025-144 portant autorisation de regroupement, de globalisation des\ncapacit\u00e9s du SEFEP et du SSEFS \u00e0 Montgeron en Service d'Education Sp\u00e9ciale et de Soins \u00e0 Domicile (SESSAD) \"JC Gatinot\" g\u00e9r\u00e9s par\nl'association Langage et Int\u00e9gration\n7\nEoREPUBLIQUEFRANCAISELibert\u00e9Egalit\u00e9Fraternit\u00e9 e \u00bb Agence R\u00e9gionale de Sant\u00e9Ile-de-France\n \n \n \n \n \n \n \nAGENCE R\u00c9GIONALE DE SANT\u00c9 \u00ceLE-DE-FRANCE \nARR\u00caT\u00c9 N\u00b0 2025 \u2013 144  \n \nportant autorisation de regroupement, de globalisation des capacit\u00e9s du SAFEP sis \nAvenue de la R\u00e9publique \u00e0 Montgeron et du SSEFS sis Place Joffre \u00e0 Montgeron en un \nservice d'Education Sp\u00e9ciale et de Soins \u00e0 Domicile (SESSAD) \u00ab JC Gatinot \u00bb  \n  g\u00e9r\u00e9s par l'association LANGAGE ET INTEGRATION     \n \n \n \nLE DIRECTEUR G\u00c9N\u00c9RAL DE L'AGENCE R\u00c9GIONALE DE SANT\u00c9 \u00ceLE-DE-FRANCE \n \n \nVU le code de l'action sociale et des familles et notamment les articles L. 312-1, L. 313-1,   \nL. 314-3 et suivants ; \n \nVU        le d\u00e9cret du 10 avril 2024 portant nomination de Monsieur Denis ROBIN, Directeur \ng\u00e9n\u00e9ral de l'Agence r\u00e9gionale de sant\u00e9 \u00cele-de-France \u00e0 compter du 29 avril 2024 ; \n \nVU l'arr\u00eat\u00e9 DS N\u00b01 23/2024 du 31 d\u00e9cembre  2024 portant d\u00e9l\u00e9gation de signature \u00e0 \nMonsieur Richade FAHAS, Directeur de la D\u00e9l\u00e9gation d\u00e9partementale de l'Essonne ;  \n \nVU l'arr\u00eat\u00e9 n\u00b0 DIRNOV-2023/08 de la Directrice g\u00e9n\u00e9rale de l'Agence r\u00e9gionale de sant\u00e9 \n\u00cele-de-France en date du 26 octobre 2023 portant adoption du cadre d'orientation \nstrat\u00e9gique 2018-2028 du projet r\u00e9gional de sant\u00e9 d'\u00cele-de-France ; \n \nVU l'arr\u00eat\u00e9 n\u00b0 DIRNOV-2023/09 de la Directrice g\u00e9n\u00e9rale de l'Agence r\u00e9gionale de sant\u00e9 \n\u00cele-de-France en date du 26 octobre 2023 portant adoption du sch\u00e9ma r\u00e9gional de \nsant\u00e9 2023 -2028 du  projet r\u00e9gional de sant\u00e9 d'\u00cele -de-France, modifi\u00e9 par l'arr\u00eat\u00e9 \nn\u00b0DIRNOV-2023/09 en date du 12 janvier 2024 ; \n \nVU l'arr\u00eat\u00e9 n\u00b0 2023 -346 de la Directrice g\u00e9n\u00e9rale de l'Agence r\u00e9gionale de sant\u00e9 \u00cele -de-\nFrance en date du 4 d\u00e9cembre 2023 \u00e9tablissant le programme interd\u00e9partemental \nd'accompagnement des handicaps et de la perte d'autonomie (PRIAC) 2023-2027 pour \nla r\u00e9gion \u00cele-de-France ; \n \nVU l'arr\u00eat\u00e9 n\u00b090-1005 du 10 octobre 1990 portant autorisation de cr\u00e9ation de l'\u00e9cole int\u00e9gr\u00e9 \nJC Gatinot comportant une Section d'Education et d'Enseignement Sp\u00e9cialis\u00e9e (SEES) \nde 37 places pour enfants pr\u00e9sentant des d\u00e9ficiences auditives s\u00e9v\u00e8res. Sont rattach\u00e9s \n\u00e0 cet \u00e9tablissement un Service d'Accompagnement Familial et d'Education Pr\u00e9coce \n(SAFEP) de 5 places et d'un Service de Soutien \u00e0 l'Education Familiale et \u00e0 l'Int\u00e9gration \nScolaire (SSEFIS) de 14 places pour des enfants pr\u00e9sentant des d\u00e9ficiences auditives \ngraves. \n \nVU la demande de l'association LANGAGE ET INTEGRATION  dans le cadre de la \nn\u00e9gociation du CPOM tendant \u00e0 regrouper le SAFEP et le SSEFIS JC Gatinot sur un \nseul FINESS, celui du SSEFIS ; \n \nAgence R\u00e9gionale de Sant\u00e9 - IDF-2025-04-07-00017 - Arr\u00eat\u00e9 2025-144 portant autorisation de regroupement, de globalisation des\ncapacit\u00e9s du SEFEP et du SSEFS \u00e0 Montgeron en Service d'Education Sp\u00e9ciale et de Soins \u00e0 Domicile (SESSAD) \"JC Gatinot\" g\u00e9r\u00e9s par\nl'association Langage et Int\u00e9gration\n8\n2 \n \nVU le contrat pluriannuel d'objectifs et de moyens portant sur les ann\u00e9es 202 5 \u00e0 2029 \nsign\u00e9 le 19 mars 2025 ; \n \n \nCONSID\u00c9RANT que les demandes de regroupement du SAFEP et du SSEFIS au niveau \nde FINESS sont en ad\u00e9quation avec les \u00e9volutions de la nomenclature \ndes ESSMS issues du d\u00e9cret n\u00b0 2017 -982 du 9 mai 2017 et avec le s \ndispositions de l'instruction n\u00b0 DREES/DMSI/DGCS/2018/155 du 27 juin \n2018 relative \u00e0 la mise en \u0153uvre dans le fichier national des \n\u00e9tablissements sanitaires et sociaux (FINESS) de la nouvelle \nnomenclature des \u00e9tablissements et services sociaux et m\u00e9dico-sociaux \n(ESSMS) accompagnant des pe rsonnes handi cap\u00e9es ou malades \nchroniques ;  \n \nCONSID\u00c9RANT que ce projet est compatible avec les objectifs et r\u00e9pond aux besoins \nsociaux et m\u00e9dico-sociaux fix\u00e9s par le sch\u00e9ma r\u00e9gional de sant\u00e9 ;  \n \nCONSID\u00c9RANT qu'il satisfait aux r\u00e8gles d'organisation et de fonctionnement pr\u00e9vues par \nle code de l'action sociale et des familles ;  \n \nCONSID\u00c9RANT qu'il pr\u00e9sente un co\u00fbt de fonctionnement en ann\u00e9e pleine compatible \navec le PRIAC Ile-de-France et avec le montant de l'une des dotations \nmentionn\u00e9es \u00e0 l'article L. 314 -3 du code de l'action sociale et des \nfamilles ; \n \nCONSID\u00c9RANT  que l es op\u00e9rations peuvent s'effectuer \u00e0 moyens constants et \nn'entra\u00eenent donc aucun surco\u00fbt ; \n \n \n \nARR\u00caTE  \n \nARTICLE 1er :  L'autorisation visant au regroupement du Service d'accompagnement familial et \nd'\u00e9ducation pr\u00e9coce (SAFEP)  sis  Avenue de la r\u00e9publique  \u00e0 Montgeron et du \nService de Soutien \u00e0 l'Education Familiale et \u00e0 la Scolarisation (SSEFS) sis Place \nJoffre \u00e0 Montgeron en en un SESSAD d\u00e9nomm\u00e9 SESSAD \u00ab  JC Gatinot \u00bb situ\u00e9 \nPlace Joffre et Avenue de la R\u00e9publique  \u00bb \u00e0 Montgeron est accord\u00e9 \u00e0 l'association \nLANGAGE ET INTEGRATION  dont le si\u00e8ge social est situ\u00e9  au 8 avenue \nMontaigne Maille Nord II, \u00e0 NOISY LE GRAND (93160). \n \n \nARTICLE 2e :  La capacit\u00e9 de ce SESSAD d\u00e9nomm\u00e9 \u00ab JC Gatinot \u00bb est de 19 places destin\u00e9es \n\u00e0 des enfants, adolescents et jeunes adultes \u00e2g\u00e9s de 0 \u00e0 20 ans  pr\u00e9sentant des \nd\u00e9ficiences auditives graves. Le SESSAD dispose d'un site principal situ\u00e9 Place \nJoffre \u00e0 Montgeron et d'un site secondaire situ\u00e9 Avenue de la R\u00e9publique \u00e0 \nMontgeron. \n \n \nARTICLE 3e : Conform\u00e9ment aux termes du dernier alin\u00e9a du I de l'article D. 312-0-3 du code de \nl'action sociale et des familles, aucune sp\u00e9cialisation n'exclut la prise en charge \nde personnes pr\u00e9sentant des troubles associ\u00e9s \u00e0 ceux qui font l'objet de la \npr\u00e9sente autorisation.  \n \n \nAgence R\u00e9gionale de Sant\u00e9 - IDF-2025-04-07-00017 - Arr\u00eat\u00e9 2025-144 portant autorisation de regroupement, de globalisation des\ncapacit\u00e9s du SEFEP et du SSEFS \u00e0 Montgeron en Service d'Education Sp\u00e9ciale et de Soins \u00e0 Domicile (SESSAD) \"JC Gatinot\" g\u00e9r\u00e9s par\nl'association Langage et Int\u00e9gration\n9\n3 \n \n \nARTICLE 4e : Cette structure est r\u00e9pertori\u00e9e dans le Fichier National des Etablissements \nSanitaires et Sociaux (FINESS) de la fa\u00e7on suivante : \n \nN\u00b0 FINESS de l'\u00e9tablissement :  91 001 819 1 \n \n \nCode \ncat\u00e9gorie : \n[182] - Service d'\u00c9ducation Sp\u00e9ciale et de Soins \u00e0 \nDomicile \n \nCode \ndiscipline :  \n \n[839] \u2013 Acquisition, autonomie, \nint\u00e9gration scolaire Enfants \nhandicap\u00e9s \n \n[840] \u2013 Accompagnement pr\u00e9coce de \njeunes enfants \n \n14 places \n \n \n \n5 places \n \nCode \nfonctionnement :  \n \n[16] - Prestation en milieu ordinaire \n \n \n \n19 places \nCode client\u00e8le : \n \n \n[318] \u2013 D\u00e9ficiences auditives graves \n \n \n19 places \n \nCode mode de fixation des tarifs : [34] ARS / DG Dotation globale   \n \n  N\u00b0 FINESS du gestionnaire : 93 002 505 1   \n \n  Code statut : 61 - Association Loi 1901 Reconnue d'Utilit\u00e9 Publique \n \n \nARTICLE 5e :  Conform\u00e9ment aux termes du dernier alin\u00e9a du I de l'article D. 312-0-3 du code de \nl'action sociale et des familles, aucune sp\u00e9cialisation n'exclut la prise en charge \nde personnes pr\u00e9sentant des troubles associ\u00e9s \u00e0 ceux qui font l'objet de la \npr\u00e9sente autorisation \n \n \nARTICLE 6e :   Tout changement important dans l'activit\u00e9, l'installation, l'organisation, la direction \nou le fonctionnement de l'\u00e9tablissement ou du service doit \u00eatre port\u00e9 \u00e0 la \nconnaissance de l'autorit\u00e9 comp\u00e9tente. \n \n \nARTICLE 7e :  Un recours contre le pr\u00e9sent arr\u00eat\u00e9 peut \u00eatre form\u00e9 devant le tribunal administratif    \ncomp\u00e9tent dans un d\u00e9lai de deux mois \u00e0 compter de sa notification ou, pour les \ntiers, \u00e0 compter de sa publication.   \n \n \n \n \n \n \n \n \nAgence R\u00e9gionale de Sant\u00e9 - IDF-2025-04-07-00017 - Arr\u00eat\u00e9 2025-144 portant autorisation de regroupement, de globalisation des\ncapacit\u00e9s du SEFEP et du SSEFS \u00e0 Montgeron en Service d'Education Sp\u00e9ciale et de Soins \u00e0 Domicile (SESSAD) \"JC Gatinot\" g\u00e9r\u00e9s par\nl'association Langage et Int\u00e9gration\n10\ngig\"\n4 \n \nARTICLE 8e :  Le Directeur de la D\u00e9l\u00e9gation d\u00e9partementale de l'Essonne de l'Agence r\u00e9gionale \nde sant\u00e9 Ile-de-France est charg\u00e9 de l'ex\u00e9cution du pr\u00e9sent arr\u00eat\u00e9 qui sera publi\u00e9 \naux recueils des actes administratifs de la R\u00e9gion Ile-de-France et du D\u00e9partement \nde l'Essonne \n \n \n \n  \n  Fait \u00e0 Evry-Courcouronnes, le 7 avr 2025 \n \n    \nPour Le Directeur g\u00e9n\u00e9ral de l'Agence          \nR\u00e9gionale de sant\u00e9 \u00cele-de-France, et par \nd\u00e9l\u00e9gation, \nLe Directeur de la D\u00e9l\u00e9gation \nd\u00e9partementale de l'Essonne \n  \n \n \n \n \n                                                                                  \n \n \n                                                                                 Richade FAHAS \n \nAgence R\u00e9gionale de Sant\u00e9 - IDF-2025-04-07-00017 - Arr\u00eat\u00e9 2025-144 portant autorisation de regroupement, de globalisation des\ncapacit\u00e9s du SEFEP et du SSEFS \u00e0 Montgeron en Service d'Education Sp\u00e9ciale et de Soins \u00e0 Domicile (SESSAD) \"JC Gatinot\" g\u00e9r\u00e9s par\nl'association Langage et Int\u00e9gration\n11\nAgence R\u00e9gionale de Sant\u00e9\nIDF-2025-04-07-00018\nArr\u00eat\u00e9 2025-145 portant autorisation de\nregroupement, de globalisation des capacit\u00e9s du\nSAFEP et du SSEFS de Massy en un Service\nd'Education Sp\u00e9ciale et de Soins \u00e0 Domicile\n(SESSAD) \"Camus g\u00e9r\u00e9s par l'Association Langage\net Int\u00e9gration\nAgence R\u00e9gionale de Sant\u00e9 - IDF-2025-04-07-00018 - Arr\u00eat\u00e9 2025-145 portant autorisation de regroupement, de globalisation des\ncapacit\u00e9s du SAFEP et du SSEFS de Massy en un Service d'Education Sp\u00e9ciale et de Soins \u00e0 Domicile (SESSAD) \"Camus g\u00e9r\u00e9s par\nl'Association Langage et Int\u00e9gration\n12\nEoREPUBLIQUEFRANCAISELibert\u00e9Egalit\u00e9Fraternit\u00e9 e \u00bb Agence R\u00e9gionale de Sant\u00e9Ile-de-France\n \n \n \n \n \n \n \nAGENCE R\u00c9GIONALE DE SANT\u00c9 \u00ceLE-DE-FRANCE \nARR\u00caT\u00c9 N\u00b0 2025 \u2013 145  \n \nportant autorisation de regroupement, de globalisation des capacit\u00e9s du SAFEP et du \nSSEFS sis 2 All\u00e9e de Nancy \u00e0 en un Service d'Education Sp\u00e9ciale et de Soins \u00e0 Domicile \n(SESSAD) \u00ab Camus \u00bb sis 2 All\u00e9e de Nancy \u00e0 Massy (91 300)                                                                 \n  g\u00e9r\u00e9s par l'association LANGAGE ET INTEGRATION     \n \n \n \nLE DIRECTEUR G\u00c9N\u00c9RAL DE L'AGENCE R\u00c9GIONALE DE SANT\u00c9 \u00ceLE-DE-FRANCE \n \n \nVU le code de l'action sociale et des familles et notamment les articles L. 312-1, L. 313-1,   \nL. 314-3 et suivants ; \n \nVU        le d\u00e9cret du 10 avril 2024 portant nomination de Monsieur Denis ROBIN, Directeur \ng\u00e9n\u00e9ral de l'Agence r\u00e9gionale de sant\u00e9 \u00cele-de-France \u00e0 compter du 29 avril 2024 ; \n \nVU l'arr\u00eat\u00e9 DS N\u00b0 123/2024 du 31 d\u00e9cembre 2024 portant d\u00e9l\u00e9gation de signature \u00e0 \nMonsieur Richade FAHAS, Directeur de la D\u00e9l\u00e9gation d\u00e9partementale de l'Essonne ;  \n \nVU l'arr\u00eat\u00e9 n\u00b0 DIRNOV-2023/08 de la Directrice g\u00e9n\u00e9rale de l'Agence r\u00e9gionale de sant\u00e9 \n\u00cele-de-France en date du 26 octobre 2023 portant adoption du cadre d'orientation \nstrat\u00e9gique 2018-2028 du projet r\u00e9gional de sant\u00e9 d'\u00cele-de-France ; \n \nVU l'arr\u00eat\u00e9 n\u00b0 DIRNOV-2023/09 de la Directrice g\u00e9n\u00e9rale de l'Agence r\u00e9gionale de sant\u00e9 \n\u00cele-de-France en date du 26 octobre 2023 portant adoption du sch\u00e9ma r\u00e9gional de \nsant\u00e9 2023 -2028 du  projet r\u00e9gional de sant\u00e9 d'\u00cele -de-France, modifi\u00e9 par l'arr\u00eat\u00e9 \nn\u00b0DIRNOV-2023/09 en date du 12 janvier 2024 ; \n \nVU l'arr\u00eat\u00e9 n\u00b0 2023 -346 de la Directrice g\u00e9n\u00e9rale de l'Agence r\u00e9gionale de sant\u00e9 \u00cele -de-\nFrance en date du 4 d\u00e9cembre 2023 \u00e9tablissant le programme interd\u00e9partemental \nd'accompagnement des handicaps et de la perte d'autonomie (PRIAC) 2023-2027 pour \nla r\u00e9gion \u00cele-de-France ; \n \nVU l'arr\u00eat\u00e9 n\u00b090-1005 du 10 octobre 1990 portant autorisation de cr\u00e9ation de l'\u00e9cole int\u00e9gr\u00e9 \nAlbert Camus centre d'\u00e9ducation sp\u00e9cialis\u00e9 pour enfants d\u00e9ficients auditifs comportant \nune Section d'Education et d'Enseignement Sp\u00e9cialis\u00e9e (SEES) de 45 places pour \nenfants pr\u00e9sentant des d\u00e9ficiences auditives s\u00e9v\u00e8res  ou profondes. Sont rattach\u00e9s \u00e0 \ncet \u00e9tablissement un Service d'Accompagnement Familial et d'Education Pr\u00e9coce \n(SAFEP) de 5 places et d'un Service de Soutien \u00e0 l'Education Familiale et \u00e0 l'Int\u00e9gration \nScolaire (SSEFIS) de 48 places pour des enfants pr\u00e9sentant des d\u00e9ficiences auditives \ngraves. \n \nVU la demande de l'association LANGAGE ET INTEGRATION  dans le cadre de la \nn\u00e9gociation du CPOM tendant \u00e0 regrouper le SAFEP et le SSEFIS Albert Camus sur \nun seul FINESS, celui du SSEFIS ; \n \nAgence R\u00e9gionale de Sant\u00e9 - IDF-2025-04-07-00018 - Arr\u00eat\u00e9 2025-145 portant autorisation de regroupement, de globalisation des\ncapacit\u00e9s du SAFEP et du SSEFS de Massy en un Service d'Education Sp\u00e9ciale et de Soins \u00e0 Domicile (SESSAD) \"Camus g\u00e9r\u00e9s par\nl'Association Langage et Int\u00e9gration\n13\n2 \n \nVU le contrat pluriannuel d'objectifs et de moyens portant sur les ann\u00e9es 202 5 \u00e0 2029 \nsign\u00e9 le 19 mars 2025 ; \n \n \nCONSID\u00c9RANT que les demandes de regroupement du SAFEP et du SSEFIS au niveau \nde FINESS sont en ad\u00e9quation avec les \u00e9volutions de la nomenclature \ndes ESSMS issues du d\u00e9cret n\u00b0 2017 -982 du 9 mai 2017 et avec le s \ndispositions de l'instruction n\u00b0 DREES/DMSI/DGCS/2018/155 du 27 juin \n2018 relative \u00e0 la mise en \u0153uvre dans le fichier national des \n\u00e9tablissements sanitaires et sociaux (FINESS) de la nouvelle \nnomenclature des \u00e9tablissements et services sociaux et m\u00e9dico-sociaux \n(ESSMS) accompagnant des pe rsonnes handicap\u00e9es ou malades \nchroniques ;  \n \nCONSID\u00c9RANT que ce projet est compatible avec les objectifs et r\u00e9pond aux besoins \nsociaux et m\u00e9dico-sociaux fix\u00e9s par le sch\u00e9ma r\u00e9gional de sant\u00e9 ;  \n \nCONSID\u00c9RANT qu'il satisfait aux r\u00e8gles d'organisation et de fonctionnement pr\u00e9vues par \nle code de l'action sociale et des familles ;  \n \nCONSID\u00c9RANT qu'il pr\u00e9sente un co\u00fbt de fonctionnement en ann\u00e9e pleine compatible \navec le PRIAC Ile-de-France et avec le montant de l'une des dotations \nmentionn\u00e9es \u00e0 l'article L. 314 -3 du code de l'action sociale et des \nfamilles ; \n \nCONSID\u00c9RANT  que l es op\u00e9rations peuvent s'effectuer \u00e0 moyens constants et \nn'entra\u00eenent donc aucun surco\u00fbt ; \n \n \n \nARR\u00caTE  \n \nARTICLE 1er :  L'autorisation visant au regroupement du Service d'accompagnement familial et \nd'\u00e9ducation pr\u00e9coce (SAFEP) et du Service de Soutien \u00e0 l'Education Familiale et \n\u00e0 la Scolarisation  (SSEFS) sis 2 All\u00e9e de Nancy  en en un SESSAD d\u00e9nomm\u00e9 \nSESSAD \u00ab  Albert Camus  \u00bb situ\u00e9 2 All\u00e9e de Nancy   \u00e0 M assy est accord\u00e9 \u00e0 \nl'association LANGAGE ET INTEGRATION  dont le si\u00e8ge social est situ\u00e9  au 8 \navenue Montaigne Maille Nord II, \u00e0 NOISY LE GRAND (93160). \n \n \nARTICLE 2e :  La capacit\u00e9 de ce SESSAD d\u00e9nomm\u00e9 \u00ab  Albert Camus \u00bb est de 53 places \ndestin\u00e9es \u00e0 des  enfants, adolescents et jeunes adultes \u00e2g\u00e9s de 0 \u00e0 20 ans  \npr\u00e9sentant des d\u00e9ficiences auditives graves.  \n \n \nARTICLE 3e : Conform\u00e9ment aux termes du dernier alin\u00e9a du I de l'article D. 312-0-3 du code de \nl'action sociale et des familles, aucune sp\u00e9cialisation n'exclut la prise en charge \nde personnes pr\u00e9sentant des troubles associ\u00e9s \u00e0 ceux qui font l'objet de la \npr\u00e9sente autorisation.  \n \n \n \n \nAgence R\u00e9gionale de Sant\u00e9 - IDF-2025-04-07-00018 - Arr\u00eat\u00e9 2025-145 portant autorisation de regroupement, de globalisation des\ncapacit\u00e9s du SAFEP et du SSEFS de Massy en un Service d'Education Sp\u00e9ciale et de Soins \u00e0 Domicile (SESSAD) \"Camus g\u00e9r\u00e9s par\nl'Association Langage et Int\u00e9gration\n14\n3 \n \nARTICLE 4e : Cette structure est r\u00e9pertori\u00e9e dans le Fichier National des Etablissements \nSanitaires et Sociaux (FINESS) de la fa\u00e7on suivante : \n \nN\u00b0 FINESS de l'\u00e9tablissement :  91 001 817 5 \n \n \nCode \ncat\u00e9gorie : \n[182] - Service d'\u00c9ducation Sp\u00e9ciale et de Soins \u00e0 \nDomicile \n \nCode \ndiscipline :  \n \n[839] \u2013 Acquisition, autonomie, \nint\u00e9gration scolaire Enfants \nhandicap\u00e9s \n \n[840] \u2013 Accompagnement pr\u00e9coce de \njeunes enfants \n \n48 places \n \n \n \n5 places \n \nCode \nfonctionnement :  \n \n[16] - Prestation en milieu ordinaire \n \n \n \n53 places \nCode client\u00e8le : \n \n \n[318] \u2013 D\u00e9ficiences auditives graves \n \n \n53 places \n \nCode mode de fixation des tarifs : [34] ARS / DG Dotation globale   \n \n  N\u00b0 FINESS du gestionnaire : 93 002 505 1   \n \n  Code statut : 61 - Association Loi 1901 Reconnue d'Utilit\u00e9 Publique \n \n \nARTICLE 5e :  Conform\u00e9ment aux termes du dernier alin\u00e9a du I de l'article D. 312-0-3 du code de \nl'action sociale et des familles, aucune sp\u00e9cialisation n'exclut la prise en charge \nde personnes pr\u00e9sentant des troubles associ\u00e9s \u00e0 ceux qui font l'objet de la \npr\u00e9sente autorisation \n \n \nARTICLE 6e :   Tout changement important dans l'activit\u00e9, l'installation, l'organisation, la direction \nou le fonctionnement de l'\u00e9tablissement ou du service doit \u00eatre port\u00e9 \u00e0 la \nconnaissance de l'autorit\u00e9 comp\u00e9tente. \n \n \nARTICLE 7e :  Un recours contre le pr\u00e9sent arr\u00eat\u00e9 peut \u00eatre form\u00e9 devant le tribunal administratif    \ncomp\u00e9tent dans un d\u00e9lai de deux mois \u00e0 compter de sa notification ou, pour les \ntiers, \u00e0 compter de sa publication.   \n \n \n \n \n \n \n \n \n \nAgence R\u00e9gionale de Sant\u00e9 - IDF-2025-04-07-00018 - Arr\u00eat\u00e9 2025-145 portant autorisation de regroupement, de globalisation des\ncapacit\u00e9s du SAFEP et du SSEFS de Massy en un Service d'Education Sp\u00e9ciale et de Soins \u00e0 Domicile (SESSAD) \"Camus g\u00e9r\u00e9s par\nl'Association Langage et Int\u00e9gration\n15\n4 \n \nARTICLE 8e :  Le Directeur de la D\u00e9l\u00e9gation d\u00e9partementale de l'Essonne de l'Agence r\u00e9gionale \nde sant\u00e9 Ile-de-France est charg\u00e9 de l'ex\u00e9cution du pr\u00e9sent arr\u00eat\u00e9 qui sera publi\u00e9 \naux recueils des actes administratifs de la R\u00e9gion Ile-de-France et du D\u00e9partement \nde l'Essonne \n \n \n \n  \n   Fait \u00e0 Evry-Courcouronnes, le 7 avr 2025  \n \n    \nPour Le Directeur g\u00e9n\u00e9ral de l'Agence          \nR\u00e9gionale de sant\u00e9 \u00cele-de-France, et par \nd\u00e9l\u00e9gation, \nLe Directeur de la D\u00e9l\u00e9gation \nd\u00e9partementale de l'Essonne \n  \n \n \n \n \n \n \n                                                                                 Richade FAHAS \n \nAgence R\u00e9gionale de Sant\u00e9 - IDF-2025-04-07-00018 - Arr\u00eat\u00e9 2025-145 portant autorisation de regroupement, de globalisation des\ncapacit\u00e9s du SAFEP et du SSEFS de Massy en un Service d'Education Sp\u00e9ciale et de Soins \u00e0 Domicile (SESSAD) \"Camus g\u00e9r\u00e9s par\nl'Association Langage et Int\u00e9gration\n16\nAgence R\u00e9gionale de Sant\u00e9\nIDF-2025-01-16-00005\nArr\u00eat\u00e9 2025-146 portant modification de l'arr\u00eat\u00e9\n157-2024 autorisant le fonctionnement en\ndispositif int\u00e9gr\u00e9 de l'ITEP Brunehaut \u00e0 Morigny\nChampigny et du SESSAD Brunehaut g\u00e9r\u00e9 par le\nComit\u00e9 d\u00e9partemental de sauvegarde de\nl'enfant \u00e0 l'adulte (CDSEA)\nAgence R\u00e9gionale de Sant\u00e9 - IDF-2025-01-16-00005 - Arr\u00eat\u00e9 2025-146 portant modification de l'arr\u00eat\u00e9 157-2024 autorisant le\nfonctionnement en dispositif int\u00e9gr\u00e9 de l'ITEP Brunehaut \u00e0 Morigny Champigny et du SESSAD Brunehaut g\u00e9r\u00e9 par le Comit\u00e9\nd\u00e9partemental de sauvegarde de l'enfant \u00e0 l'adulte (CDSEA)\n17\nREPUBLIQUEFRANCAISELibert\u00e9Egalit\u00e9Fraternit\u00e9\nAre \u00bb Agence R\u00e9gionale de Sant\u00e9Ile-de-France\n \n \n \n \n \n1 sur 5 \n \n \n \nAGENCE R\u00c9GIONALE DE SANT\u00c9 \u00ceLE-DE-FRANCE \n \nARRETE modificatif n\u00b0 2025-146 \n \nportant modification de l'arr\u00eat\u00e9 157 -2024 2024  autorisant le fonctionnement en \ndispositif int\u00e9gr\u00e9 de l'ITEP Brunehaut sis au Ch\u00e2teau de Brunehaut \u00e0  Morigny \nChampigny et du SESSAD Brunehaut g\u00e9r\u00e9 par le Comit\u00e9 d\u00e9partemental de \nsauvegarde de l'enfant \u00e0 l'adulte (CDSEA) \n \n \n \nLE DIRECTEUR G\u00c9N\u00c9RAL DE L'AGENCE R\u00c9GIONALE DE SANT\u00c9 \u00ceLE-DE-FRANCE \n \nVU le code de l'action sociale et des familles et notamment les articles L. 312 -1, L. 313-1 et \nsuivants, R313-1 et suivants et D. 312-0-1 et suivants ; \n \nVU        le d\u00e9cret du 10 avril 2024 portant nomination de Monsieur Denis ROBIN, Directeur g\u00e9n\u00e9ral \nde l'Agence r\u00e9gionale de sant\u00e9 Ile-de-France \u00e0 compter du 29 avril 2024 ; \n \nVU l'arr\u00eat\u00e9 DS N\u00b0070/2024 du 29 avril 2024 portant d\u00e9l\u00e9gation de signature \u00e0 Madame \nSt\u00e9phanie TALBOT, Directrice de l'autonomie ; \n \nVU l'arr\u00eat\u00e9 SG/DRH 2024-15 du 24 d\u00e9cembre 2024 portant nomination de Monsieur Richade \nFAHAS aux fonctions de Directeur de la d\u00e9l\u00e9gation d\u00e9partementale de l'Essonne de \nl'Agence R\u00e9gionale de Sant\u00e9 Ile-de-France ; \n \nVU l'arr\u00eat\u00e9 DS n\u00b0123/2024 du 31 d\u00e9cembre 2024 portant d\u00e9l\u00e9gation de signature \u00e0 Monsieur \nRichade FAHAS, Directeur de la D\u00e9l\u00e9gation d\u00e9partementale de l'Essonne de l'Agence \nR\u00e9gionale de sant\u00e9 Ile-de-France ; \n \nVU l'arr\u00eat\u00e9 n\u00b0 DIRNOV-2023/08 de la Directrice g\u00e9n\u00e9rale de l'Agence r\u00e9gionale de sant\u00e9 Ile-\nde-France en date du 26 octobre 2023 portant adoption du cadre d'orientation strat\u00e9gique \n2018-2028 du projet r\u00e9gional de sant\u00e9 d'Ile-de-France ; \n \nVU l'arr\u00eat\u00e9 n\u00b0 DIRNOV-2023/09 de la Directrice g\u00e9n\u00e9rale de l'Agence r\u00e9gionale de sant\u00e9 Ile-\nde-France en date du 26 octobre 2023 portant adoption du sch\u00e9ma r\u00e9gional de sant\u00e9 \n2023-2028 du projet r\u00e9gional de sant\u00e9 d'Ile -de-France, modifi\u00e9 par l'arr\u00eat\u00e9 n\u00b0DIRNOV -\n2023/09 en date du 12 janvier 2024 ; \n \nVU l'arr\u00eat\u00e9 n\u00b0 2023-346 de la Directrice g\u00e9n\u00e9rale de l'Agence r\u00e9gionale de sant\u00e9 Ile-de-France \nen date du 4 d\u00e9cembre 2023 \u00e9tablissant le programme interd\u00e9partemental \nd'accompagnement des handicaps et de la perte d'autonomie (PRIAC) 2023-2027 pour la \nr\u00e9gion Ile-de-France ; \n \nVU l'arr\u00eat\u00e9 n\u00b093-507 du 11 mai 1993 portant autorisation de mise en conformit\u00e9 avec l'annexe \nXXV de l'IME de Brunehaut  situ\u00e9 \u00e0 Morigny Champigny  comprenant un Institut de \nr\u00e9\u00e9ducation psychoth\u00e9rapiques de 60 lits et places et d'un SESSAD de 15 places ; \n \nAgence R\u00e9gionale de Sant\u00e9 - IDF-2025-01-16-00005 - Arr\u00eat\u00e9 2025-146 portant modification de l'arr\u00eat\u00e9 157-2024 autorisant le\nfonctionnement en dispositif int\u00e9gr\u00e9 de l'ITEP Brunehaut \u00e0 Morigny Champigny et du SESSAD Brunehaut g\u00e9r\u00e9 par le Comit\u00e9\nd\u00e9partemental de sauvegarde de l'enfant \u00e0 l'adulte (CDSEA)\n18\n2 sur 5 \n \nVU l'arr\u00eat\u00e9 n\u00b02000-488 du 11 avril 2000 portant extension de 15 \u00e0 22 places du SESSAD \nrattach\u00e9 \u00e0 l'ITEP Brunehaut ; \n \nVU l'arr\u00eat\u00e9 n\u00b02007-DDASS-PMS-2335 du 2 novembre 2007 portant renouvellement de \nl'autorisation de l'ITEP Brunehaut pour une dur\u00e9e de 15 ans ; \n \nVU le courrier du 13 f\u00e9vrier 2017 portant renouvellement de l'autorisation du SESSAD \nBrunehaut pour une dur\u00e9e de 15 ans ; \n \nVU le D\u00e9cret n\u00b0 2017-620 du 24 avril 2017 relatif au fonctionnement des \u00e9tablissements et \nservices m\u00e9dico-sociaux en dispositif int\u00e9gr\u00e9 pr\u00e9vu \u00e0 l'article 91 de la loi n\u00b02016-41 du \n26 janvier 2016 relative \u00e0 la modernisation de notre syst\u00e8me de sant\u00e9 ; \n \n \nVU la demande de l'association visant un fonctionnement en dispositif int\u00e9gr\u00e9 qui s'est traduit \nnotamment par la d\u00e9marche d'appui du CREAI Ile de France pour la transformation de \nson offre et du futur fonctionnement en DITEP au cours des ann\u00e9es 2022 et 2023 ; \n \nVU que la mise en \u0153uvre de ce fonctionnement en dispositif int\u00e9gr\u00e9 fera aussi l'objet de son \nint\u00e9gration dans le cadre du futur CPOM qui sera n\u00e9goci\u00e9 en 2024 et 2025 entre l'ARS, \nle Conseil d\u00e9partemental de l'Essonne et l'Association CDSEA. \n \n \nCONSID\u00c9RANT  que le fonctionnement en dispositif int\u00e9gr\u00e9  de l'ITEP et du SESSAD \nBrunehaut s'inscrit dans l'application du d\u00e9cret n\u00b02017-620 du 24 avril 2017 \npermettant de proposer une fluidit\u00e9 de parcours entre l'accueil en internat, \nl'accueil de jour et les prestations en milieu ordinaire du SESSAD ; \n \nCONSID\u00c9RANT que la mise en \u0153uvre du dispositif int\u00e9gr\u00e9 s'inscrit dans la dynamique de \ntransformation de l'offre visant \u00e0 apporter des solutions de prise en charge \nplus souples et modulaires pour des enfants pr\u00e9sentant des troubles du \ncomportement ; \n \n CONSIDERANT que le projet r\u00e9pond \u00e0 un besoin de d\u00e9veloppement de l'offre m\u00e9dico -\nsociale identifi\u00e9 sur le d\u00e9partement de l'Essonne en mati\u00e8re de troubles du \ncomportement et notamment sur le sud Essonne.  \n \nCONSID\u00c9RANT qu'elle est compatible avec les objectifs et r\u00e9pond aux besoins sociaux et \nm\u00e9dico-sociaux fix\u00e9s par le sch\u00e9ma r\u00e9gional de sant\u00e9 ;  \n \nCONSID\u00c9RANT qu'elle satisfait aux r\u00e8gles d'organisation et de fonctionnement pr\u00e9vues par \nle code de l'action sociale et des familles ;  \n \nCONSID\u00c9RANT qu'elle pr\u00e9sente un co\u00fbt de fonctionnement  en ann\u00e9e pleine compatible \navec le PRIAC  Ile-de-France et avec le montant de l'une des dotations \nmentionn\u00e9es \u00e0 l'article L. 314-3 du code de l'action sociale et des familles ; \n \nCONSID\u00c9RANT  que l'op\u00e9ration peut s'effectuer  \u00e0 moyens constants  et n'entra\u00eene donc \naucun surco\u00fbt ; \n \n    \n \n \n \n \nAgence R\u00e9gionale de Sant\u00e9 - IDF-2025-01-16-00005 - Arr\u00eat\u00e9 2025-146 portant modification de l'arr\u00eat\u00e9 157-2024 autorisant le\nfonctionnement en dispositif int\u00e9gr\u00e9 de l'ITEP Brunehaut \u00e0 Morigny Champigny et du SESSAD Brunehaut g\u00e9r\u00e9 par le Comit\u00e9\nd\u00e9partemental de sauvegarde de l'enfant \u00e0 l'adulte (CDSEA)\n19\n3 sur 5 \n \nARR\u00caTE  \n \n \nARTICLE 1er :  L'autorisation visant au fonctionnement en DITEP de l'ITEP et du SESSAD Brunehaut \nest accord\u00e9e au Comit\u00e9 D\u00e9partemental pour la Sauvegarde de l'Enfant \u00e0 l'Adulte de \nl'Essonne (CDSEA) dont le si\u00e8ge social est situ\u00e9  au 60 all\u00e9e des Champs Elys\u00e9es  \u00e0 \nEvry Courcouronnes. \n \n \nARTICLE 2e : La capacit\u00e9 totale du DITEP Brunehaut port\u00e9e par le Comit\u00e9 D\u00e9partemental pour la \nSauvegarde de l'Enfant \u00e0 l'Adulte de l'Essonne (CDSEA) est de 82 places toutes \nmodalit\u00e9s d'accueil destin\u00e9es \u00e0 la prise en charge d'enfants et adolescents de 0 \u00e0 20 \nans pr\u00e9sentant des difficult\u00e9s psychologiques avec troubles du comportement. \n \n \nARTICLE 3e : Conform\u00e9ment aux termes du dernier alin\u00e9a du I de l'article D. 312 -0-3 du code de \nl'action sociale et des familles, a ucune sp\u00e9cialisation n'exclut la prise en charge de \npersonnes pr\u00e9sentant des troubles associ\u00e9s \u00e0 ceux qui font l'objet de la pr\u00e9sente \nautorisation.  \n \n \nARTICLE 4e : Cette structure est r\u00e9pertori\u00e9e dans le Fichier National des Etablissements Sanitaires \net Sociaux (FINESS) de la fa\u00e7on suivante : \n \nN\u00b0 FINESS du DITEP de Brunehaut : 91 070 038 4 \n \nCode cat\u00e9gorie : [186] -  Institut Th\u00e9rapeutique \u00c9ducatif et P\u00e9dagogique \n \nCode discipline :  \n \n[844] Tous projets \u00e9ducatifs, p\u00e9dagogiques et \nth\u00e9rapeutiques \n \nCode \nfonctionnement  \n(mode d'accueil et \nd'accompagnement) :  \n \n \nCode client\u00e8le :   \n \n[48] Tous modes d'accueil et d'accompagnement \n \n \n \n \n \n \n[10] Toutes d\u00e9ficiences  \n \n200 - Difficult\u00e9s psychologiques avec trouble du    \ncomportement \n \n \n \nCapacit\u00e9 totale autoris\u00e9e : 82 places [capacit\u00e9 DITEP) \n \nCode mode de fixation des tarifs : [57] ARS/Dot. Globalis\u00e9e  \n \nN\u00b0 FINESS du gestionnaire : 91 070 743 9 \n \nCode statut : 60 + Association Loi 1901 non Reconnue d'Utilit\u00e9 Publique  \nAgence R\u00e9gionale de Sant\u00e9 - IDF-2025-01-16-00005 - Arr\u00eat\u00e9 2025-146 portant modification de l'arr\u00eat\u00e9 157-2024 autorisant le\nfonctionnement en dispositif int\u00e9gr\u00e9 de l'ITEP Brunehaut \u00e0 Morigny Champigny et du SESSAD Brunehaut g\u00e9r\u00e9 par le Comit\u00e9\nd\u00e9partemental de sauvegarde de l'enfant \u00e0 l'adulte (CDSEA)\n20\ngig?\n4 sur 5 \n \nLe N\u00b0 Finess 91 001 821 7 (ancien FINESS du SESSAD) n'est plus actif puisque toute son \nactivit\u00e9 a \u00e9t\u00e9 regroup\u00e9e sur le site du DITEP. \n \n \n \nARTICLE 5e : Conform\u00e9ment aux dispositions de l'article D. 313-12-1 du code de l'action sociale et \ndes familles, la pr\u00e9sente autorisation est valable sous r\u00e9serve de la transmission, aux \nautorit\u00e9s comp\u00e9tentes, avant la date d'entr\u00e9e en service de la nouvelle capacit\u00e9 \nautoris\u00e9e, d'une d\u00e9claration sur l'honneur attestant de la conformit\u00e9 de \nl'\u00e9tablissement ou du service a ux conditions techniques minimales d'organisation et \nde fonctionnement mentionn\u00e9es au II de l'article L. 312-1 du m\u00eame code. \n \nARTICLE 6e : Elle est caduque en l'absence d'ouverture au public de l'\u00e9tablissement dans un d\u00e9lai \nde 4 ans suivant la notification de la d\u00e9cision d'autorisation conform\u00e9ment aux articles \nL. 313-1 et D. 313-7-2 du code de l'action sociale et des familles. \n \n \nARTICLE 7e :   Tout changement important dans l'activit\u00e9, l'installation, l'organisation, la direction ou \nle fonctionnement de l'\u00e9tablissement ou du service doit \u00eatre port\u00e9 \u00e0 la connaissance \nde l'autorit\u00e9 comp\u00e9tente. \n \n \nARTICLE 8e :  Un recours contre le pr\u00e9sent arr\u00eat\u00e9 peut \u00eatre form\u00e9 devant le tribunal administratif \ncomp\u00e9tent dans un d\u00e9lai de deux mois \u00e0 compter de sa notification ou, pour les tiers, \n\u00e0 compter de sa publication.   \n \n \nARTICLE 9e :   Le Directeur de la d\u00e9l\u00e9gation d\u00e9partementale de l'Essonne de l'Agence r\u00e9gionale de \nsant\u00e9 Ile-de-France est charg\u00e9 de l'ex\u00e9cution du pr\u00e9sent arr\u00eat\u00e9  qui sera publi\u00e9 au \nrecueil des actes administratifs de la R\u00e9gion Ile-de-France. \n \n \n       \n Fait \u00e0 Evry-Courcouronnes, le 16 janv 2025  \n \n       \n Pour le Directeur g\u00e9n\u00e9ral \n de l'Agence r\u00e9gionale de sant\u00e9 \n Ile-de-France et par d\u00e9l\u00e9gation, \nLe Directeur de la D\u00e9l\u00e9gation d\u00e9partementale \nde l'Essonne \n \n \n \n \n                                      \nRichade FAHAS \nAgence R\u00e9gionale de Sant\u00e9 - IDF-2025-01-16-00005 - Arr\u00eat\u00e9 2025-146 portant modification de l'arr\u00eat\u00e9 157-2024 autorisant le\nfonctionnement en dispositif int\u00e9gr\u00e9 de l'ITEP Brunehaut \u00e0 Morigny Champigny et du SESSAD Brunehaut g\u00e9r\u00e9 par le Comit\u00e9\nd\u00e9partemental de sauvegarde de l'enfant \u00e0 l'adulte (CDSEA)\n21\nPr\u00e9fecture de la r\u00e9gion d'Ile-de-France,\npr\u00e9fecture de Paris-Secr\u00e9tariat g\u00e9n\u00e9ral aux\npolitiques publiques\nIDF-2025-03-21-00006\nArr\u00eat\u00e9 n\u00b0 2025-03 modifiant l'arr\u00eat\u00e9 n\u00b0 2018-88\ndu 8 ao\u00fbt 2018 modifi\u00e9 portant attribution de\nsubvention au titre de  la dotation de soutien \u00e0\nl'investissement public local \u00e0 la commune de\nLouvres pour la construction d'un \u00e9quipement\nculturel constitu\u00e9 de deux salles polyvalentes en\nvue d'accueillir des manifestations municipales\net associatives ainsi que destin\u00e9es \u00e0 la location\npour les habitants.\nPr\u00e9fecture de la r\u00e9gion d'Ile-de-France, pr\u00e9fecture de Paris-Secr\u00e9tariat g\u00e9n\u00e9ral aux politiques publiques - IDF-2025-03-21-00006 -\nArr\u00eat\u00e9 n\u00b0 2025-03 modifiant l'arr\u00eat\u00e9 n\u00b0 2018-88 du 8 ao\u00fbt 2018 modifi\u00e9 portant attribution de subvention au titre de  la dotation de\nsoutien \u00e0 l'investissement public local \u00e0 la commune de Louvres pour la construction d'un \u00e9quipement culturel constitu\u00e9 de deux\nsalles polyvalentes en vue d'accueillir des manifestations municipales et associatives ainsi que destin\u00e9es \u00e0 la location pour les\nhabitants.\n22\nPREFET .DE LA REGIOND'\u00ceLE-DE-FRANCELibert\u00e9Egalit\u00e9Fraternit\u00e9\n                \n \n \n \n \n \n \n \n \n \nPr\u00e9fecture de la r\u00e9gion d'Ile-de-France, pr\u00e9fecture de Paris \nSecr\u00e9tariat g\u00e9n\u00e9ral aux politiques publiques \nBureau de la coordination et de l'investissement territorial \n               \n \n \n \n 1 \n \nARR\u00caT\u00c9  N\u00b0 2025-03 \nModifiant l'arr\u00eat\u00e9 n\u00b0 2018-88 du 8 ao\u00fbt 2018 modifi\u00e9 portant attribution de subvention au titre de  \nla dotation de soutien \u00e0 l'investissement public local  \n \nLE PR\u00c9FET DE LA R\u00c9GION D'\u00ceLE-DE-FRANCE \nPR\u00c9FET DE PARIS \nCOMMANDEUR DE LA L\u00c9GION D'HONNEUR \nOFFICIER DE L'ORDRE NATIONAL DU M\u00c9RITE \n \n \n \nVU le code g\u00e9n\u00e9ral des collectivit\u00e9s territoriales et notamment ses articles L. 2334-42, L.1111-10 et R.2334-39 ; \nVU le d\u00e9cret n\u00b0  2004-374 du 29 avril 2004 relatif aux pouvoirs des pr\u00e9fets, \u00e0 l'organisation et \u00e0 l'action des \nservices de l'Etat dans les r\u00e9gions et d\u00e9partements ; \n \nVU le d\u00e9cret n\u00b0 2018-428 du 1er juin 2018 relatif aux dotations de l'Etat aux collectivit\u00e9s territoriales ;  \n \nVU le d\u00e9cret n\u00b0 2020-412 du 8 avril 2020 relatif au droit de d\u00e9rogation reconnu au pr\u00e9fet ; \n \nVU le d\u00e9cret n\u00b0 2020 -1129 du 14 septembre 2020 pris pour l'application de l'article L.1111 -11 du code g\u00e9n\u00e9ral \ndes collectivit\u00e9s territoriales ; \nVU l'arr\u00eat\u00e9 n\u00b0 2018-88 du 8 ao\u00fbt 2018 modifi\u00e9 portant attribution d'une subvention d'un montant de 320 000 \u20ac \u00e0 \nla commune de Louvres au titre de la dotation de soutien \u00e0 l'investissement  public local pour la construction d'un \n\u00e9quipement culturel constitu\u00e9 de deux salles polyvalentes en vue d'accueillir des manifestations municipales et \nassociatives ainsi que destin\u00e9es \u00e0 la location pour les habitants ;  \nVU le courrier en date du 3 septembre  2024 du maire de la commune de Louvres sollicitant une prorogation \nexceptionnelle du d\u00e9lai d'ach\u00e8vement de l'op\u00e9ration mentionn\u00e9e dans l'arr\u00eat\u00e9 susvis\u00e9, qui a d\u00e9marr\u00e9  le 9 \nnovembre 2018 ; \nCONSIDERANT qu'il est n\u00e9cessaire de d\u00e9roger \u00e0 l'article R .2334-29 du code g\u00e9n\u00e9ral des collectivit\u00e9s \nterritoriales afin de proroger le d\u00e9lai d'ach\u00e8vement de l'op\u00e9ration susvis\u00e9e ; \nCONSIDERANT que cette d\u00e9rogation est justifi\u00e9e par  les difficult\u00e9s d'approvisionnement de mati\u00e8res premi\u00e8res \nainsi que la liquidation judiciaire de l'un des titulaires du lot principal ;   \n \nCONSIDERANT que cette d\u00e9rogation a pour effet de favoriser l'acc\u00e8s aux aides publiques ; \n \nCONSIDERANT que cette d\u00e9rogation ne porte pas atteinte aux int\u00e9r\u00eats de la d\u00e9fense ou \u00e0 la s\u00e9curit\u00e9 des \npersonnes et des biens, ni une atteinte disproportionn\u00e9e aux objectifs poursuivis par les dispositions auxquelles \nil est d\u00e9rog\u00e9 et qu'elle est compatible avec les engagements europ\u00e9ens et internationaux de la France ;  \n \n \nPr\u00e9fecture de la r\u00e9gion d'Ile-de-France, pr\u00e9fecture de Paris-Secr\u00e9tariat g\u00e9n\u00e9ral aux politiques publiques - IDF-2025-03-21-00006 -\nArr\u00eat\u00e9 n\u00b0 2025-03 modifiant l'arr\u00eat\u00e9 n\u00b0 2018-88 du 8 ao\u00fbt 2018 modifi\u00e9 portant attribution de subvention au titre de  la dotation de\nsoutien \u00e0 l'investissement public local \u00e0 la commune de Louvres pour la construction d'un \u00e9quipement culturel constitu\u00e9 de deux\nsalles polyvalentes en vue d'accueillir des manifestations municipales et associatives ainsi que destin\u00e9es \u00e0 la location pour les\nhabitants.\n23\n \n 2 \nARR\u00caTE \n \nARTICLE 1er \n \nEn application du d\u00e9cret n\u00b0  2020-412 du 8 avril 2020 , par d\u00e9rogation aux dispositions de l'article R .2334-29 du \ncode g\u00e9n\u00e9ral des collectivit\u00e9s territoriales, le d\u00e9lai de quatre ans pr\u00e9vu \u00e0 compter de la date de d\u00e9marrage de \nl'op\u00e9ration pour d\u00e9clarer l'ach\u00e8vement des travaux , fix\u00e9 au 4 \u00e8me alin\u00e9a de l'artic le 3 de l'arr\u00eat\u00e9 pr\u00e9fectoral \nn\u00b0 2018-88 du 8 ao\u00fbt 2018  modifi\u00e9, est prorog\u00e9 jusqu'au 9 novembre 2026. L'ach\u00e8vement des travaux devra \nintervenir avant le 9 novembre 2026. \n \n \nARTICLE 2 \n \nLes autres dispositions de l'arr\u00eat\u00e9 pr\u00e9fectoral susvis\u00e9 demeurent inchang\u00e9es.  \n \n \nARTICLE 3 \n \nLa pr\u00e9f\u00e8te, secr\u00e9taire g\u00e9n\u00e9rale aux politiques publiques de la pr\u00e9fecture de la r\u00e9gion d'\u00cele -de-France, pr\u00e9fecture \nde Paris, le pr\u00e9fet du d\u00e9partement du Val-d'Oise et le directeur r\u00e9gional des finances publiques d'\u00cele -de-France \net de Paris sont charg\u00e9s, chacun en ce qui le concerne, de l'ex\u00e9cution du pr\u00e9sent arr\u00eat\u00e9. \n  \n \n \n \nFait \u00e0 Paris, le 21 mars 2025 \n \n \n \n \nSign\u00e9 par le pr\u00e9fet de la r\u00e9gion d'\u00cele-de-France, pr\u00e9fet de Paris \n \n \n \n \n \n \nPr\u00e9fecture de la r\u00e9gion d'Ile-de-France, pr\u00e9fecture de Paris-Secr\u00e9tariat g\u00e9n\u00e9ral aux politiques publiques - IDF-2025-03-21-00006 -\nArr\u00eat\u00e9 n\u00b0 2025-03 modifiant l'arr\u00eat\u00e9 n\u00b0 2018-88 du 8 ao\u00fbt 2018 modifi\u00e9 portant attribution de subvention au titre de  la dotation de\nsoutien \u00e0 l'investissement public local \u00e0 la commune de Louvres pour la construction d'un \u00e9quipement culturel constitu\u00e9 de deux\nsalles polyvalentes en vue d'accueillir des manifestations municipales et associatives ainsi que destin\u00e9es \u00e0 la location pour les\nhabitants.\n24\nPr\u00e9fecture de la r\u00e9gion d'Ile-de-France,\npr\u00e9fecture de Paris-Secr\u00e9tariat g\u00e9n\u00e9ral aux\npolitiques publiques\nIDF-2025-03-21-00007\nArr\u00eat\u00e9 n\u00b0 2025-06 modifiant l'arr\u00eat\u00e9 n\u00b0 2020-517\ndu 3 d\u00e9cembre 2020 portant attribution de\nsubvention au titre de la dotation de soutien \u00e0\nl'investissement local \u00ab Plan de relance \u00bb \u00e0 la\ncommune de La Courneuve pour la construction\net les travaux de r\u00e9novation thermique du\ngroupe scolaire Joliot Curie.\nPr\u00e9fecture de la r\u00e9gion d'Ile-de-France, pr\u00e9fecture de Paris-Secr\u00e9tariat g\u00e9n\u00e9ral aux politiques publiques - IDF-2025-03-21-00007 -\nArr\u00eat\u00e9 n\u00b0 2025-06 modifiant l'arr\u00eat\u00e9 n\u00b0 2020-517 du 3 d\u00e9cembre 2020 portant attribution de subvention au titre de la dotation de\nsoutien \u00e0 l'investissement local \u00ab Plan de relance \u00bb \u00e0 la commune de La Courneuve pour la construction et les travaux de r\u00e9novation\nthermique du groupe scolaire Joliot Curie.\n25\nPREFET |DE LA REGIOND'ILE-DE-FRANCE\nFraternit\u00e9\n  \nPr\u00e9fecture de la r\u00e9gion d'Ile-de-France, pr\u00e9fecture de Paris \nSecr\u00e9tariat g\u00e9n\u00e9ral aux politiques publiques \nBureau de la coordination et de l'investissement territorial \n \nSection de l'investissement territorial \n5 rue Leblanc 75911 Paris cedex 15 \nT\u00e9l : 01.82.52.40.00 \nwww.ile-de-france.gouv.fr \n \nARR\u00caT\u00c9  N\u00b0 2025-06 \nmodifiant l'arr\u00eat\u00e9 n\u00b0 2020-517 du 3 d\u00e9cembre 2020 portant attribution de subvention \nau titre de la dotation de soutien \u00e0 l'investissement local \u00ab Plan de relance \u00bb \n \nLE PR\u00c9FET DE LA R\u00c9GION D'\u00ceLE-DE-FRANCE \nPR\u00c9FET DE PARIS \nCOMMANDEUR DE LA L\u00c9GION D'HONNEUR \nOFFICIER DE L'ORDRE NATIONAL DU M\u00c9RITE \n \n \n \nVU le code g\u00e9n\u00e9ral des collectivit\u00e9s territoriales et notamment ses articles L.2334-42 et R.2334-39 ; \n \nVU le d\u00e9cret n\u00b0  2004-374 du 29 avril 2004 relatif aux pouvoirs des pr\u00e9fets, \u00e0 l'organisation et \u00e0 l'action des \nservices de l'Etat dans les r\u00e9gions et d\u00e9partements ; \n \nVU le d\u00e9cret n\u00b0 2018-428 du 1er juin 2018 relatif aux dotations de l'Etat aux collectivit\u00e9s territoriales ;  \n \nVU le d\u00e9cret n\u00b0 2020-412 du 8 avril 2020 relatif au droit de d\u00e9rogation reconnu au pr\u00e9fet ; \n \nVU le d\u00e9cret n\u00b0 2020 -1129 du 14 septembre 2020 pris pour l'application de l'ar ticle L.1111-11 du code g\u00e9n\u00e9ral \ndes collectivit\u00e9s territoriales ; \nVU l'arr\u00eat\u00e9 n\u00b0  2020-517 du 3 d\u00e9cembre 2020  portant attribution \u00e0 la commune de la Courneuve  d'une \nsubvention d'un montant maximum pr\u00e9visionnel de 2 767 178 \u20ac au titre de la dotation de soutien \u00e0 \nl'investissement local pour la c onstruction et  les travaux de r\u00e9novation thermique du groupe scolaire Joliot \nCurie ; \n \nVU le courrier du 21 octobre 2024 du maire de la commune de La Courneuve sollicitant une prorogation du d\u00e9lai \nd'ach\u00e8vement de l'op\u00e9ration mentionn\u00e9e dans l'arr\u00eat\u00e9 susvis\u00e9, qui a d\u00e9marr\u00e9 le 1er janvier 2020 ; \n \nCONSIDERANT qu'il est n\u00e9cessaire de d\u00e9roger \u00e0 l'article R.2334-29 du code g\u00e9n\u00e9ral des collectivit\u00e9s \nterritoriales afin de proroger le d\u00e9lai d'ach\u00e8vement de l'op\u00e9ration susvis\u00e9e ; \n \nCONSIDERANT que cette d\u00e9rogation est justifi\u00e9e par la crise sanitaire et ses cons\u00e9quences, des \nprobl\u00e9matiques fonci\u00e8res et techniques rencontr\u00e9es ainsi qu'une cyberattaque engendrant du retard ; \n \nCONSIDERANT que cette d\u00e9rogation a pour effet de favoriser l'acc\u00e8s aux aides publiques ; \n \nCONSIDERANT que cette d\u00e9rogation ne porte pas atteinte aux int\u00e9r\u00eats de la d\u00e9fense ou \u00e0 la s\u00e9curit\u00e9 des \npersonnes et des biens, ni une atteinte disproportionn\u00e9e aux objectifs poursuivis par les dispositions auxquelles \nil est d\u00e9rog\u00e9 et qu'elle est compatible avec les engagements europ\u00e9ens et internationaux de la France ; \n \n \n \n \nPr\u00e9fecture de la r\u00e9gion d'Ile-de-France, pr\u00e9fecture de Paris-Secr\u00e9tariat g\u00e9n\u00e9ral aux politiques publiques - IDF-2025-03-21-00007 -\nArr\u00eat\u00e9 n\u00b0 2025-06 modifiant l'arr\u00eat\u00e9 n\u00b0 2020-517 du 3 d\u00e9cembre 2020 portant attribution de subvention au titre de la dotation de\nsoutien \u00e0 l'investissement local \u00ab Plan de relance \u00bb \u00e0 la commune de La Courneuve pour la construction et les travaux de r\u00e9novation\nthermique du groupe scolaire Joliot Curie.\n26\n \nT\u00e9l : 01 82 52 42 55 \nM\u00e9l : alix.puet@paris-idf.gouv.fr \n5 rue Leblanc 75911 Paris cedex 15 \n \n2 \nARR\u00caTE \n \n \nARTICLE 1er \n \nEn application du d\u00e9cret n\u00b0 2020 -412 du 8 avril 2020, par d\u00e9rogation aux dispositions de l'article R.2334 -29 du \ncode g\u00e9n\u00e9ral des collectivit\u00e9s territoriales, le d\u00e9lai de quatre ans pr\u00e9vu \u00e0 compter de la date de d\u00e9marrage de \nl'op\u00e9ration pour d\u00e9clarer l'ach\u00e8vement des travaux, fix\u00e9 au 4\u00e8me alin\u00e9a de l'article 3 de l'arr\u00eat\u00e9 pr\u00e9fectoral \nn\u00b0 2020-517 du 3 d\u00e9cembre 2020 , est prorog\u00e9 jusqu'au 1er janvier 2026. L'ach\u00e8vement des travaux devra \nintervenir avant le 1er janvier 2026. \n \n \nARTICLE 2 \n \nLes autres dispositions de l'arr\u00eat\u00e9 pr\u00e9fectoral susvis\u00e9 demeurent inchang\u00e9es.  \n \n \nARTICLE 3 \n  \nLa pr\u00e9f\u00e8te, secr\u00e9taire g\u00e9n\u00e9rale aux politiques publiques de la pr\u00e9fecture de la r\u00e9gion d'\u00cele -de-France, pr\u00e9fecture \nde Paris, le pr\u00e9fet du d\u00e9partement de Seine-Saint-Denis et le directeur r\u00e9gional des finances publiques d'\u00cele -de-\nFrance et de Paris sont charg\u00e9s, chacun en ce qui le concerne, de l'ex\u00e9cution du pr\u00e9sent arr\u00eat\u00e9. \n \n \n \nFait \u00e0 Paris, le 21 mars 2025 \n \n \n \n \nSign\u00e9 par le pr\u00e9fet de la r\u00e9gion d'\u00cele-de-France, pr\u00e9fet de Paris \n \nPr\u00e9fecture de la r\u00e9gion d'Ile-de-France, pr\u00e9fecture de Paris-Secr\u00e9tariat g\u00e9n\u00e9ral aux politiques publiques - IDF-2025-03-21-00007 -\nArr\u00eat\u00e9 n\u00b0 2025-06 modifiant l'arr\u00eat\u00e9 n\u00b0 2020-517 du 3 d\u00e9cembre 2020 portant attribution de subvention au titre de la dotation de\nsoutien \u00e0 l'investissement local \u00ab Plan de relance \u00bb \u00e0 la commune de La Courneuve pour la construction et les travaux de r\u00e9novation\nthermique du groupe scolaire Joliot Curie.\n27\nPr\u00e9fecture de la r\u00e9gion d'Ile-de-France,\npr\u00e9fecture de Paris-Secr\u00e9tariat g\u00e9n\u00e9ral aux\npolitiques publiques\nIDF-2025-03-21-00008\nArr\u00eat\u00e9 n\u00b0 2025-07 modifiant l'arr\u00eat\u00e9 n\u00b0 2018-589\ndu 10 d\u00e9cembre 2018 portant attribution de\nsubvention au titre de la dotation de soutien \u00e0\nl'investissement local \u00e0 la communaut\u00e9\nd'agglom\u00e9ration Coeur d'Essonne agglom\u00e9ration\npour actualiser le sch\u00e9ma de circulation interne\n\u00e0 l'ex-base a\u00e9rienne 217 (voie nord, voie sud,\nliaison nord-sud), en int\u00e9grant notamment des\nsolutions de transports innovantes.\nPr\u00e9fecture de la r\u00e9gion d'Ile-de-France, pr\u00e9fecture de Paris-Secr\u00e9tariat g\u00e9n\u00e9ral aux politiques publiques - IDF-2025-03-21-00008 -\nArr\u00eat\u00e9 n\u00b0 2025-07 modifiant l'arr\u00eat\u00e9 n\u00b0 2018-589 du 10 d\u00e9cembre 2018 portant attribution de subvention au titre de la dotation de\nsoutien \u00e0 l'investissement local \u00e0 la communaut\u00e9 d'agglom\u00e9ration Coeur d'Essonne agglom\u00e9ration pour actualiser le sch\u00e9ma de\ncirculation interne \u00e0 l'ex-base a\u00e9rienne 217 (voie nord, voie sud, liaison nord-sud), en int\u00e9grant notamment des solutions de transports\ninnovantes.\n28\nPREFET |DE LA REGIOND'ILE-DE-FRANCE\nFraternit\u00e9\n  \nPr\u00e9fecture de la r\u00e9gion d'Ile-de-France, pr\u00e9fecture de Paris \nSecr\u00e9tariat g\u00e9n\u00e9ral aux politiques publiques \nBureau de la coordination et de l'investissement territorial \n \nSection de l'investissement territorial \n5 rue Leblanc 75911 Paris cedex 15 \nT\u00e9l : 01.82.52.40.00 \nwww.ile-de-france.gouv.fr \n \nARR\u00caT\u00c9  N\u00b0 2025-07 \nmodifiant l'arr\u00eat\u00e9 n\u00b0 2018-589 du 10 d\u00e9cembre 2018 portant attribution de subvention \nau titre de la dotation de soutien \u00e0 l'investissement local  \n \nLE PR\u00c9FET DE LA R\u00c9GION D'\u00ceLE-DE-FRANCE \nPR\u00c9FET DE PARIS \nCOMMANDEUR DE LA L\u00c9GION D'HONNEUR \nOFFICIER DE L'ORDRE NATIONAL DU M\u00c9RITE \n \n \n \nVU le code g\u00e9n\u00e9ral des collectivit\u00e9s territoriales et notamment ses articles L.2334-42 et R.2334-39 ; \n \nVU le d\u00e9cret n\u00b0  2004-374 du 29 avril 2004 relatif aux pouvoirs des pr\u00e9fets, \u00e0 l'organisation et \u00e0 l'action des \nservices de l'Etat dans les r\u00e9gions et d\u00e9partements ; \n \nVU le d\u00e9cret n\u00b0 2018-428 du 1er juin 2018 relatif aux dotations de l'Etat aux collectivit\u00e9s territoriales ; \n \nVU le d\u00e9cret n\u00b0 2020-412 du 8 avril 2020 relatif au droit de d\u00e9rogation reconnu au pr\u00e9fet ; \n \nVU le d\u00e9cret n\u00b0 2020 -1129 du 14 septembre 2020 pris pour l'application de l'article L.1111 -11 du code g\u00e9 n\u00e9ral \ndes collectivit\u00e9s territoriales ; \nVU l'arr\u00eat\u00e9 n\u00b0  2018-589 du 10 d\u00e9cembre 2018  portant attribution \u00e0 la communaut\u00e9 d'agglom\u00e9ration C\u0153ur \nd'Essonne agglom\u00e9ration  d'une subvention d'un montant maximum pr\u00e9visionnel de 112 500 \u20ac au titre de la \ndotation de soutien \u00e0 l'investissement local pour les \u00e9tudes pr\u00e9alables afin d'actualiser le sch\u00e9ma de circulation \ninterne \u00e0 l'ex-base a\u00e9rienne 217 (voie nord, voie sud, liaison nord-sud), en int\u00e9grant notamment des solutions de \ntransports innovantes ; \n \nVU le courrier du 1er octobre 2024 du Pr\u00e9sident de la communaut\u00e9 d'agglom\u00e9ration C\u0153ur d'Essonne \nagglom\u00e9ration sollicitant une prorogation du d\u00e9lai d'ach\u00e8vement de l'op\u00e9ration mentionn\u00e9e dans l'arr\u00eat\u00e9 susvis\u00e9, \nqui a d\u00e9marr\u00e9 le 12 mars 2019 ; \n \nCONSIDERANT qu'il est n\u00e9cessaire de d\u00e9roger \u00e0 l'article R.2334-29 du code g\u00e9n\u00e9ral des collectivit\u00e9s \nterritoriales afin de proroger le d\u00e9lai d'ach\u00e8vement de l'op\u00e9ration susvis\u00e9e  ; \n \nCONSIDERANT que cette d\u00e9rogation est justifi\u00e9e par le d\u00e9calage du projet Ci n\u00e9ma ainsi que celui de la \npoursuite du projet d'am\u00e9nagement de l'ex-base a\u00e9rienne  217 qui repoussent les d\u00e9lais de finalisation  de \nl'op\u00e9ration financ\u00e9e ; \n \nCONSIDERANT que cette d\u00e9rogation a pour effet de favoriser l'acc\u00e8s aux aides publiques ; \n \nCONSIDERANT que cette d\u00e9rogation ne porte pas atteinte aux int\u00e9r\u00eats de la d\u00e9fense ou \u00e0 la s\u00e9curit\u00e9 des \npersonnes et des biens, ni une atteinte disproportionn\u00e9e aux objectifs poursuivis par les dispositions auxquelles \nil est d\u00e9rog\u00e9 et qu'elle est compatible avec les engagements europ\u00e9ens et internationaux de la France ; \n \n \nPr\u00e9fecture de la r\u00e9gion d'Ile-de-France, pr\u00e9fecture de Paris-Secr\u00e9tariat g\u00e9n\u00e9ral aux politiques publiques - IDF-2025-03-21-00008 -\nArr\u00eat\u00e9 n\u00b0 2025-07 modifiant l'arr\u00eat\u00e9 n\u00b0 2018-589 du 10 d\u00e9cembre 2018 portant attribution de subvention au titre de la dotation de\nsoutien \u00e0 l'investissement local \u00e0 la communaut\u00e9 d'agglom\u00e9ration Coeur d'Essonne agglom\u00e9ration pour actualiser le sch\u00e9ma de\ncirculation interne \u00e0 l'ex-base a\u00e9rienne 217 (voie nord, voie sud, liaison nord-sud), en int\u00e9grant notamment des solutions de transports\ninnovantes.\n29\n \nT\u00e9l : 01 82 52 42 55 \nM\u00e9l : alix.puet@paris-idf.gouv.fr \n5 rue Leblanc 75911 Paris cedex 15 \n \n2 \nARR\u00caTE \n \n \nARTICLE 1er \n \nEn application du d\u00e9cret n\u00b0 2020 -412 du 8 avril 2020, par d\u00e9rogation aux dispositions de l'article R.2334 -29 du \ncode g\u00e9n\u00e9ral des collectivit\u00e9s territoriales, le d\u00e9lai de quatre ans pr\u00e9vu \u00e0 compter de la date de d\u00e9marrage de \nl'op\u00e9ration pour d\u00e9clarer l'ach\u00e8vement des travaux, fix\u00e9 au 4\u00e8me alin\u00e9a de l'article 3 de l'arr\u00eat\u00e9 pr\u00e9fectoral \nn\u00b0 2018-589 du 10 d\u00e9cembre 2018 , est prorog\u00e9 jusqu'au 17 octobre  2026. L'ach\u00e8vement des travaux devra \nintervenir avant le 17 octobre 2026. \n \n \nARTICLE 2 \n \nLes autres dispositions de l'arr\u00eat\u00e9 pr\u00e9fectoral susvis\u00e9 demeurent inchang\u00e9es.  \n \n \nARTICLE 3 \n  \nLa pr\u00e9f\u00e8te, secr\u00e9taire g\u00e9n\u00e9rale aux politiques publiques de la pr\u00e9fecture de la r\u00e9gion d'\u00cele -de-France, pr\u00e9fecture \nde Paris, la pr\u00e9f\u00e8te du d\u00e9partement de l'Essonne et le directeur r\u00e9gional des finances publiques d'\u00cele -de-France \net de Paris sont charg\u00e9es, chacun en ce qui le concerne, de l'ex\u00e9cution du pr\u00e9sent arr\u00eat\u00e9. \n \n \n \nFait \u00e0 Paris, le 21 mars 2025 \n \n \n \n \nSign\u00e9 par le pr\u00e9fet de la r\u00e9gion d'\u00cele-de-France, pr\u00e9fet de Paris \n \nPr\u00e9fecture de la r\u00e9gion d'Ile-de-France, pr\u00e9fecture de Paris-Secr\u00e9tariat g\u00e9n\u00e9ral aux politiques publiques - IDF-2025-03-21-00008 -\nArr\u00eat\u00e9 n\u00b0 2025-07 modifiant l'arr\u00eat\u00e9 n\u00b0 2018-589 du 10 d\u00e9cembre 2018 portant attribution de subvention au titre de la dotation de\nsoutien \u00e0 l'investissement local \u00e0 la communaut\u00e9 d'agglom\u00e9ration Coeur d'Essonne agglom\u00e9ration pour actualiser le sch\u00e9ma de\ncirculation interne \u00e0 l'ex-base a\u00e9rienne 217 (voie nord, voie sud, liaison nord-sud), en int\u00e9grant notamment des solutions de transports\ninnovantes.\n30\nRectorat de la r\u00e9gion acad\u00e9mique\nd'Ile-de-France, rectorat de l'acad\u00e9mie de Paris\nIDF-2025-05-07-00009\nArr\u00eat\u00e9 du 7 mai 2025 fixant les conditions\nd'affectation au sein des lyc\u00e9es publics de\nl'acad\u00e9mie de Paris\nRectorat de la r\u00e9gion acad\u00e9mique d'Ile-de-France, rectorat de l'acad\u00e9mie de Paris - IDF-2025-05-07-00009 - Arr\u00eat\u00e9 du 7 mai 2025\nfixant les conditions d'affectation au sein des lyc\u00e9es publics de l'acad\u00e9mie de Paris 31\nACADEMIEDE PARISLibert\u00e9Egalit\u00e9Fraternit\u00e9\n  \n \nDirection de l'acad\u00e9mie de Paris \n \n \nPage 1 sur 3 \n \n \n \nARRETE du 7 mai 2025 \nfixant les conditions d'affectation au sein des lyc\u00e9es publics de l'acad\u00e9mie de Paris \n \n \n \nLa Rectrice de l'acad\u00e9mie de Paris \nRectrice de la r\u00e9gion acad\u00e9mique Ile-de-France, \nChanceli\u00e8re des universit\u00e9s de Paris et d'Ile-de-France, \n \n \nVu le code de l' \u00e9ducation, et notamment ses articles L.111-1, L.112-1, L.131-1-1, L.211-2, L.214-1 et suivants,  \nD.211-10, D.211-11, R.222-21, D.222-22, D.331-38, D.331-38-1, D.333-2, D.333-4 et D.351-3 ; \n \nVu le code de l'action sociale et des familles, et notamment son article L.114 ; \n \nVu le code des relations entre le public et l'administration, et notamment son article R.113-8 ; \nVu l'arr\u00eat\u00e9 du 24 novembre 2023 portant cr\u00e9ation par le minist\u00e8re de l'\u00e9ducation nationale d'un traitement \nautomatis\u00e9 de donn\u00e9es \u00e0 caract\u00e8re personnel d\u00e9nomm\u00e9 \u00ab Affelnet lyc\u00e9e \u00bb ; \n  \n \n \n \nARRETE \n \nChapitre I : Dispositions g\u00e9n\u00e9rales \nArticle  1 \u2013 Conform\u00e9ment \u00e0 l'article D.331-38 du code de l'\u00e9ducation, l 'affectation des \u00e9l\u00e8ves dans les lyc\u00e9es \npublics de l'acad\u00e9mie de Paris est prononc\u00e9e par le Directeur acad\u00e9mique agissant sur d\u00e9l\u00e9gation de la rectrice, \nassist\u00e9 d'une commission pr\u00e9paratoire \u00e0 l'affectation, dans le cadre des articles D.211 -10 et D.211-11 du code \npr\u00e9cit\u00e9. Sauf dispositions particuli\u00e8res pr\u00e9vues par la circulaire d'affectation mentionn\u00e9e \u00e0 l'article 2 , l'affectation \nest prononc\u00e9e avec l'aide de l'application nationale AFFELNET. \nSelon l'article D.211-11 du code de l'\u00e9ducation, le  Directeur acad\u00e9mique des services de l'\u00e9ducation nationale \nd\u00e9termine l'effectif maximum d'\u00e9l\u00e8ves pouvant \u00eatre accueillis dans chaque \u00e9tablissement en fonction des \ninstallations et des moyens allou\u00e9s. \nArticle  2 \u2013 En application du pr\u00e9sent arr\u00eat\u00e9 , une circulaire acad\u00e9mique pr\u00e9cise chaque ann\u00e9e, les modalit\u00e9s \nd'affectation des \u00e9l\u00e8ves dans les divers s\u00e9ries et niveaux de lyc\u00e9e public de l'acad\u00e9mie de Paris. Cette circulaire \nest publi\u00e9e sur le site internet de l'acad\u00e9mie de Paris. \nArticle  3 \u2013 Les proc\u00e9dures d'affectation et d'inscription dans un \u00e9tablissement public de l'acad\u00e9mie de Paris \nsont soumises \u00e0 la justification du domicile en application de l'article R.113-8 du code des relations entre le public \net l'administration. \nArticle  4 \u2013 En application des articles L.112 -1 et D.351 -3 et suivants du code de l'\u00e9ducation, les \u00e9l\u00e8ves en \nsituation de handicap au sens de l'article L.114 du code de l'action sociale et des familles, sont affect\u00e9s de \nmani\u00e8re prioritaire dans des \u00e9tablissements r\u00e9pondant \u00e0 leurs besoins. \nRectorat de la r\u00e9gion acad\u00e9mique d'Ile-de-France, rectorat de l'acad\u00e9mie de Paris - IDF-2025-05-07-00009 - Arr\u00eat\u00e9 du 7 mai 2025\nfixant les conditions d'affectation au sein des lyc\u00e9es publics de l'acad\u00e9mie de Paris 32\n \nPage 2 sur 3 \n \nChapitre II : D\u00e9finition des zones de recrutement et des modalit\u00e9s d'affectation des \u00e9l\u00e8ves dans la voie g\u00e9n\u00e9rale \net technologique \nArticle  5 \u2013 La zone de recrutement des lyc\u00e9es publics proposant des formations relevant de la voie g\u00e9n\u00e9rale et \ntechnologique au sens de l'article D.333-2 du code de l'\u00e9ducation, correspond \u00e0 une desserte acad\u00e9mique. \nArticle  6 \u2013 Les v\u0153ux d'affectation en seconde g\u00e9n\u00e9rale et technologique formul\u00e9s par les \u00e9l\u00e8ves r\u00e9sidant dans \nla zone de desserte  des lyc\u00e9es publics  parisiens telle que fix\u00e9e \u00e0 l'article 5,  b\u00e9n\u00e9ficient d'un bonus de secteur \nd\u00e9fini comme suit : \nAutour de chaque coll\u00e8ge de secteur des \u00e9l\u00e8ves, il est d\u00e9fini trois p\u00e9rim\u00e8tres, appel\u00e9s \u00ab secteurs \u00bb, d\u00e9nomm\u00e9s : \nsecteur 1, secteur 2 et secteur 3. L'annexe 1 d\u00e9finit, pour chaque coll\u00e8ge, les lyc\u00e9es se trouvant dans le secteur \n1, ceux dans le secteur 2 et ceux dans le secteur 3. Les v\u0153ux d'affectation en seconde g\u00e9n\u00e9rale et technologique \nformul\u00e9s pour des \u00e9l\u00e8ves scolaris\u00e9s dans un m\u00eame coll\u00e8ge parisien, ayant le nombre de points maximum li\u00e9s \naux \u00e9valuations scolaires,  et se trouvant dans l'impossibilit\u00e9 d' obtenir une affectation dans un lyc\u00e9e pr\u00e9cis de \nsecteur 1, peuvent b\u00e9n\u00e9ficier d'un bonus de r\u00e9gulation \u00e0 la condition d'avoir formul\u00e9 les 5 v\u0153ux pour les 5 lyc\u00e9es \nde secteur 1. \nLes modalit\u00e9s d'application de cet article sont pr\u00e9cis\u00e9es par la circulaire acad\u00e9mique mentionn\u00e9e \u00e0 l'article 2.  \nArticle  7 \u2013 Les v\u0153ux d'affectation en seconde g\u00e9n\u00e9rale et technologique formul\u00e9s par les \u00e9l\u00e8ves boursiers de \ncoll\u00e8ge durant leur ann\u00e9e de troisi\u00e8me  b\u00e9n\u00e9ficient d'un bonus acad\u00e9mique. Un nombre de places en classe de \nseconde g\u00e9n\u00e9rale et technologique est d\u00e9fini, dans chaque lyc\u00e9e parisien, pour les \u00e9l\u00e8ves boursiers de coll\u00e8ge \ndurant leur ann\u00e9e de 3 \u00e8me, nombre d\u00e9termin\u00e9 \u00e0 partir d'un  taux cible d'\u00e9l\u00e8ves boursiers pour chaque lyc\u00e9e . \nLorsque ce seuil est atteint dans un lyc\u00e9e souhait\u00e9 par un \u00e9l\u00e8ve, celui-ci sera affect\u00e9, selon l'ordre de ses v\u0153ux, \ndans un autre lyc\u00e9e, conform\u00e9ment aux r\u00e8gles d\u00e9finies par le pr\u00e9sent arr\u00eat\u00e9. \nArticle  8 \u2013 Les v\u0153ux d'affectation en seconde g\u00e9n\u00e9rale e t technologique formul\u00e9s pour des \u00e9l\u00e8ves scolaris\u00e9s \ndans un coll\u00e8ge  parisien peuvent b\u00e9n\u00e9ficier d'un bonus selon l'indice de position social e du coll\u00e8ge de \nscolarisation de l'ann\u00e9e de troisi\u00e8me. Les r\u00e8gles sont pr\u00e9cis\u00e9es par la circulaire mentionn\u00e9e \u00e0 l'article 2.   \nArticle  9 \u2013 Certaines formations \u00e0 recrutement particulier peuvent faire l'objet d'un recrutement soit national, \nsoit commun \u00e0 plusieurs acad\u00e9mies, soit acad\u00e9mique. La liste des formations \u00e0 recrutement pa rticulier est fix\u00e9e \n\u00e0 l'annexe 2.  \nPour chacune de ces formations, les modalit\u00e9s d'affectation sont pr\u00e9cis\u00e9es dans la circulaire mentionn\u00e9e \u00e0 l'article \n2 et sur le site internet de l'acad\u00e9mie de Paris, dans la rubrique \u00ab Cursus sp\u00e9cifiques \u00bb.  \nChapitre III  : D\u00e9finition des zones de recrutement et des modalit\u00e9s d'affectation des \u00e9l\u00e8ves dans la voie \nprofessionnelle \nArticle  10 \u2013  La zone de recrutement des lyc\u00e9es publics proposant des formations relevant de la voie \nprofessionnelle au sens de l'article D.333-2 du code de l'\u00e9ducation, correspond \u00e0 une desserte acad\u00e9mique. \nArticle  11 \u2013  Certaines formations , en raison de leur sp\u00e9cificit\u00e9,  peuvent faire  l'objet d' un recrutement soit \nnational, soit commun \u00e0 plusieurs acad\u00e9mies.  \nRectorat de la r\u00e9gion acad\u00e9mique d'Ile-de-France, rectorat de l'acad\u00e9mie de Paris - IDF-2025-05-07-00009 - Arr\u00eat\u00e9 du 7 mai 2025\nfixant les conditions d'affectation au sein des lyc\u00e9es publics de l'acad\u00e9mie de Paris 33\n \nPage 3 sur 3 \nLa liste de ces formations, ainsi que leurs modalit\u00e9s d'affectation, sont pr\u00e9cis\u00e9es dans la circulaire mentionn\u00e9e \u00e0 \nl'article 2 et sur le site internet de l'acad\u00e9mie de Paris. \n \nChapitre IV : Dispositions finales \nArticle  12 \u2013  L'arr\u00eat\u00e9 du 29 mai 2024 fixant les conditions d'affectation au sein des lyc\u00e9es publics de l'acad\u00e9mie \nde Paris est abrog\u00e9. \nArticle  13 \u2013  Le pr\u00e9sent arr\u00eat\u00e9 entre en vigueur pour les demandes d'affectation pr\u00e9sent\u00e9es au titre des ann\u00e9es \nscolaires 2025-2026 et suivantes. \nArticle  14 \u2013 Le Directeur acad\u00e9mique des services de l'\u00e9ducation nationale charg\u00e9 des lyc\u00e9es et de la liaison \navec l'enseignement sup\u00e9rieur est charg\u00e9 de l'ex\u00e9cution du pr\u00e9sent arr\u00eat\u00e9 qui sera publi\u00e9 au recueil des actes \nadministratifs de la pr\u00e9fecture de la r\u00e9gion d'Ile-de-France. \nFait \u00e0 Paris, le 7 mai 2025. \n \n \n  Pour la Rectrice de l'acad\u00e9mie de Paris, \net par d\u00e9l\u00e9gation, \nLe Directeur de l'acad\u00e9mie de Paris \n \n \nSign\u00e9 \n \nLaurent NOE \nRectorat de la r\u00e9gion acad\u00e9mique d'Ile-de-France, rectorat de l'acad\u00e9mie de Paris - IDF-2025-05-07-00009 - Arr\u00eat\u00e9 du 7 mai 2025\nfixant les conditions d'affectation au sein des lyc\u00e9es publics de l'acad\u00e9mie de Paris 34\nANNEXE 1 : Secteurs 1 \u00e0 3 des coll\u00e8ges 2025\nCOLLEGE Secteur au sens de l'article 6 de l'arr\u00eat\u00e9 \n(1, 2 ou 3)\nD\u00e9nomination du lyc\u00e9e\n1 TURGOT\n1 S. GERMAIN\n1 COLBERT\n1 BERGSON\n1 DIDEROT\n2 V. HUGO\n2 S. WEIL\n2 CHARLEMAGNE\n2 LAVOISIER\n2 FENELON\n2 CHAPTAL\n2 RACINE\n2 CONDORCET\n2 J. DECOUR\n2 J. FERRY\n2 LAMARTINE\n2 E. QUINET\n2 VOLTAIRE\n2 DORIAN\n2 ARAGO\n2 RABELAIS\n2 CARNOT\n2 BOUCHER\n2 RAVEL\n3 MONTAIGNE\n3 V. DURUY\n3 P. VALERY\n3 RODIN\n3 C. MONET\n3 G.FAURE\n3 PAUL BERT\n3 E. DUBOIS\n3 BUFFON\n3 CAMILLE SEE\n3 C. BERNARD\n3 J. DE SAILLY\n3 J.B. SAY\n3 J. DE LA FONTAINE\n3 MOLIERE\n3 BALZAC\n1 CHARLEMAGNE\n1 S. GERMAIN\n1 COLBERT\n1 VOLTAIRE\n1 ARAGO\n2 TURGOT\n2 V. HUGO\n2 S. WEIL\n2 FENELON\n2 CHAPTAL\n2 RACINE\n2 CONDORCET\n2 J. DECOUR\n2 LAMARTINE\n2 E. QUINET\n2 DORIAN\n2 P. VALERY\n2 RODIN\n2 J. DE SAILLY\n2 BERGSON\n2 DIDEROT\n2 BOUCHER\nCLAUDE CHAPPE\nBEAUMARCHAIS\n1\nRectorat de la r\u00e9gion acad\u00e9mique d'Ile-de-France, rectorat de l'acad\u00e9mie de Paris - IDF-2025-05-07-00009 - Arr\u00eat\u00e9 du 7 mai 2025\nfixant les conditions d'affectation au sein des lyc\u00e9es publics de l'acad\u00e9mie de Paris 35\nANNEXE 1 : Secteurs 1 \u00e0 3 des coll\u00e8ges 2025\n2 RAVEL\n3 LAVOISIER\n3 MONTAIGNE\n3 V. DURUY\n3 J. FERRY\n3 C. MONET\n3 G.FAURE\n3 RABELAIS\n3 PAUL BERT\n3 E. DUBOIS\n3 BUFFON\n3 CAMILLE SEE\n3 C. BERNARD\n3 J.B. SAY\n3 J. DE LA FONTAINE\n3 MOLIERE\n3 CARNOT\n3 BALZAC\n1 S. WEIL\n1 CHARLEMAGNE\n1 VOLTAIRE\n1 ARAGO\n1 DIDEROT\n2 TURGOT\n2 V. HUGO\n2 S. GERMAIN\n2 FENELON\n2 CHAPTAL\n2 RACINE\n2 CONDORCET\n2 J. DECOUR\n2 LAMARTINE\n2 E. QUINET\n2 COLBERT\n2 DORIAN\n2 P. VALERY\n2 J. DE SAILLY\n2 CARNOT\n2 BERGSON\n2 BOUCHER\n2 RAVEL\n3 LAVOISIER\n3 MONTAIGNE\n3 V. DURUY\n3 J. FERRY\n3 RODIN\n3 C. MONET\n3 G.FAURE\n3 RABELAIS\n3 PAUL BERT\n3 E. DUBOIS\n3 BUFFON\n3 CAMILLE SEE\n3 C. BERNARD\n3 J.B. SAY\n3 J. DE LA FONTAINE\n3 MOLIERE\n3 BALZAC\n1 CHAPTAL\n1 J. DECOUR\n1 J. FERRY\n1 LAMARTINE\n1 RABELAIS\n2 TURGOT\n2 V. HUGO\n2 S. WEIL\nBEAUMARCHAIS\nPIERRE-JEAN DE BERANGER\nROLAND DORGELES\n2\nRectorat de la r\u00e9gion acad\u00e9mique d'Ile-de-France, rectorat de l'acad\u00e9mie de Paris - IDF-2025-05-07-00009 - Arr\u00eat\u00e9 du 7 mai 2025\nfixant les conditions d'affectation au sein des lyc\u00e9es publics de l'acad\u00e9mie de Paris 36\nANNEXE 1 : Secteurs 1 \u00e0 3 des coll\u00e8ges 2025\n2 CHARLEMAGNE\n2 S. GERMAIN\n2 LAVOISIER\n2 FENELON\n2 RACINE\n2 CONDORCET\n2 E. QUINET\n2 COLBERT\n2 VOLTAIRE\n2 DORIAN\n2 ARAGO\n2 PAUL BERT\n2 CARNOT\n2 BALZAC\n2 BERGSON\n2 DIDEROT\n3 MONTAIGNE\n3 V. DURUY\n3 P. VALERY\n3 RODIN\n3 C. MONET\n3 G.FAURE\n3 E. DUBOIS\n3 BUFFON\n3 CAMILLE SEE\n3 C. BERNARD\n3 J. DE SAILLY\n3 J.B. SAY\n3 J. DE LA FONTAINE\n3 MOLIERE\n3 BOUCHER\n3 RAVEL\n1 CHARLEMAGNE\n1 DORIAN\n1 P. VALERY\n1 BOUCHER\n1 RAVEL\n2 TURGOT\n2 V. HUGO\n2 S. WEIL\n2 S. GERMAIN\n2 MONTAIGNE\n2 FENELON\n2 RACINE\n2 CONDORCET\n2 J. DECOUR\n2 COLBERT\n2 VOLTAIRE\n2 ARAGO\n2 RODIN\n2 C. MONET\n2 G.FAURE\n2 PAUL BERT\n2 BUFFON\n2 DIDEROT\n3 LAVOISIER\n3 V. DURUY\n3 CHAPTAL\n3 J. FERRY\n3 LAMARTINE\n3 E. QUINET\n3 RABELAIS\n3 E. DUBOIS\n3 CAMILLE SEE\n3 C. BERNARD\n3 J. DE SAILLY\nROLAND DORGELES\nGEORGES COURTELINE\n3\nRectorat de la r\u00e9gion acad\u00e9mique d'Ile-de-France, rectorat de l'acad\u00e9mie de Paris - IDF-2025-05-07-00009 - Arr\u00eat\u00e9 du 7 mai 2025\nfixant les conditions d'affectation au sein des lyc\u00e9es publics de l'acad\u00e9mie de Paris 37\nANNEXE 1 : Secteurs 1 \u00e0 3 des coll\u00e8ges 2025\n3 J.B. SAY\n3 J. DE LA FONTAINE\n3 MOLIERE\n3 CARNOT\n3 BALZAC\n3 BERGSON\n1 MONTAIGNE\n1 V. DURUY\n1 E. DUBOIS\n1 BUFFON\n1 CAMILLE SEE\n2 V. HUGO\n2 S. GERMAIN\n2 LAVOISIER\n2 FENELON\n2 CHAPTAL\n2 RACINE\n2 CONDORCET\n2 J. FERRY\n2 E. QUINET\n2 RODIN\n2 C. MONET\n2 G.FAURE\n2 PAUL BERT\n2 C. BERNARD\n2 J. DE SAILLY\n2 J.B. SAY\n2 J. DE LA FONTAINE\n2 BALZAC\n3 TURGOT\n3 S. WEIL\n3 CHARLEMAGNE\n3 J. DECOUR\n3 LAMARTINE\n3 COLBERT\n3 VOLTAIRE\n3 DORIAN\n3 P. VALERY\n3 ARAGO\n3 RABELAIS\n3 MOLIERE\n3 CARNOT\n3 BERGSON\n3 DIDEROT\n3 BOUCHER\n3 RAVEL\n1 V. HUGO\n1 CHARLEMAGNE\n1 COLBERT\n1 VOLTAIRE\n1 BERGSON\n2 TURGOT\n2 S. WEIL\n2 S. GERMAIN\n2 FENELON\n2 CHAPTAL\n2 RACINE\n2 CONDORCET\n2 J. DECOUR\n2 J. FERRY\n2 LAMARTINE\n2 E. QUINET\n2 DORIAN\n2 P. VALERY\n2 ARAGO\n2 CARNOT\nGEORGES COURTELINE\nALBERTO GIACOMETTI\nLUCIE ET RAYMOND \nAUBRAC\n4\nRectorat de la r\u00e9gion acad\u00e9mique d'Ile-de-France, rectorat de l'acad\u00e9mie de Paris - IDF-2025-05-07-00009 - Arr\u00eat\u00e9 du 7 mai 2025\nfixant les conditions d'affectation au sein des lyc\u00e9es publics de l'acad\u00e9mie de Paris 38\nANNEXE 1 : Secteurs 1 \u00e0 3 des coll\u00e8ges 2025\n2 DIDEROT\n2 BOUCHER\n2 RAVEL\n3 LAVOISIER\n3 MONTAIGNE\n3 V. DURUY\n3 RODIN\n3 C. MONET\n3 G.FAURE\n3 RABELAIS\n3 PAUL BERT\n3 E. DUBOIS\n3 BUFFON\n3 CAMILLE SEE\n3 C. BERNARD\n3 J. DE SAILLY\n3 J.B. SAY\n3 J. DE LA FONTAINE\n3 MOLIERE\n3 BALZAC\n1 TURGOT\n1 COLBERT\n1 VOLTAIRE\n1 BOUCHER\n1 RAVEL\n2 V. HUGO\n2 S. WEIL\n2 CHARLEMAGNE\n2 S. GERMAIN\n2 FENELON\n2 CHAPTAL\n2 RACINE\n2 CONDORCET\n2 J. DECOUR\n2 J. FERRY\n2 LAMARTINE\n2 E. QUINET\n2 DORIAN\n2 P. VALERY\n2 ARAGO\n2 RABELAIS\n2 CARNOT\n2 BERGSON\n2 DIDEROT\n3 LAVOISIER\n3 MONTAIGNE\n3 V. DURUY\n3 RODIN\n3 C. MONET\n3 G.FAURE\n3 PAUL BERT\n3 E. DUBOIS\n3 BUFFON\n3 CAMILLE SEE\n3 C. BERNARD\n3 J. DE SAILLY\n3 J.B. SAY\n3 J. DE LA FONTAINE\n3 MOLIERE\n3 BALZAC\n1 J. FERRY\n1 LAMARTINE\n1 COLBERT\n1 BERGSON\n1 DIDEROT\n2 TURGOT\nLUCIE ET RAYMOND \nAUBRAC\nJEAN-BAPTISTE CLEMENT\nW.A. MOZART\n5\nRectorat de la r\u00e9gion acad\u00e9mique d'Ile-de-France, rectorat de l'acad\u00e9mie de Paris - IDF-2025-05-07-00009 - Arr\u00eat\u00e9 du 7 mai 2025\nfixant les conditions d'affectation au sein des lyc\u00e9es publics de l'acad\u00e9mie de Paris 39\nANNEXE 1 : Secteurs 1 \u00e0 3 des coll\u00e8ges 2025\n2 V. HUGO\n2 S. WEIL\n2 CHARLEMAGNE\n2 S. GERMAIN\n2 LAVOISIER\n2 MONTAIGNE\n2 FENELON\n2 CHAPTAL\n2 RACINE\n2 CONDORCET\n2 J. DECOUR\n2 E. QUINET\n2 VOLTAIRE\n2 DORIAN\n2 ARAGO\n2 RABELAIS\n2 CARNOT\n2 BALZAC\n3 V. DURUY\n3 P. VALERY\n3 RODIN\n3 C. MONET\n3 G.FAURE\n3 PAUL BERT\n3 E. DUBOIS\n3 BUFFON\n3 CAMILLE SEE\n3 C. BERNARD\n3 J. DE SAILLY\n3 J.B. SAY\n3 J. DE LA FONTAINE\n3 MOLIERE\n3 BOUCHER\n3 RAVEL\n1 TURGOT\n1 FENELON\n1 LAMARTINE\n1 BERGSON\n1 DIDEROT\n2 V. HUGO\n2 S. WEIL\n2 CHARLEMAGNE\n2 S. GERMAIN\n2 LAVOISIER\n2 MONTAIGNE\n2 CHAPTAL\n2 CONDORCET\n2 J. DECOUR\n2 J. FERRY\n2 E. QUINET\n2 COLBERT\n2 VOLTAIRE\n2 DORIAN\n2 ARAGO\n2 RABELAIS\n2 PAUL BERT\n2 BOUCHER\n2 RAVEL\n3 V. DURUY\n3 RACINE\n3 P. VALERY\n3 RODIN\n3 C. MONET\n3 G.FAURE\n3 E. DUBOIS\n3 BUFFON\nW.A. MOZART\nGEORGES BRASSENS\n6\nRectorat de la r\u00e9gion acad\u00e9mique d'Ile-de-France, rectorat de l'acad\u00e9mie de Paris - IDF-2025-05-07-00009 - Arr\u00eat\u00e9 du 7 mai 2025\nfixant les conditions d'affectation au sein des lyc\u00e9es publics de l'acad\u00e9mie de Paris 40\nANNEXE 1 : Secteurs 1 \u00e0 3 des coll\u00e8ges 2025\n3 CAMILLE SEE\n3 C. BERNARD\n3 J. DE SAILLY\n3 J.B. SAY\n3 J. DE LA FONTAINE\n3 MOLIERE\n3 CARNOT\n3 BALZAC\n1 RODIN\n1 C. MONET\n1 G.FAURE\n1 PAUL BERT\n1 BUFFON\n2 TURGOT\n2 V. HUGO\n2 S. WEIL\n2 CHARLEMAGNE\n2 S. GERMAIN\n2 LAVOISIER\n2 MONTAIGNE\n2 FENELON\n2 V. DURUY\n2 CONDORCET\n2 LAMARTINE\n2 COLBERT\n2 P. VALERY\n2 ARAGO\n2 E. DUBOIS\n2 CAMILLE SEE\n2 BOUCHER\n2 RAVEL\n3 CHAPTAL\n3 RACINE\n3 J. DECOUR\n3 J. FERRY\n3 E. QUINET\n3 VOLTAIRE\n3 DORIAN\n3 RABELAIS\n3 C. BERNARD\n3 J. DE SAILLY\n3 J.B. SAY\n3 J. DE LA FONTAINE\n3 MOLIERE\n3 CARNOT\n3 BALZAC\n3 BERGSON\n3 DIDEROT\n1 CHAPTAL\n1 J. DECOUR\n1 J. FERRY\n1 LAMARTINE\n1 RABELAIS\n2 TURGOT\n2 V. HUGO\n2 S. WEIL\n2 CHARLEMAGNE\n2 S. GERMAIN\n2 LAVOISIER\n2 MONTAIGNE\n2 FENELON\n2 CONDORCET\n2 RACINE\n2 E. QUINET\n2 COLBERT\n2 VOLTAIRE\nGEORGES BRASSENS\nMOULIN DES PRES\nGEORGES CLEMENCEAU 7\nRectorat de la r\u00e9gion acad\u00e9mique d'Ile-de-France, rectorat de l'acad\u00e9mie de Paris - IDF-2025-05-07-00009 - Arr\u00eat\u00e9 du 7 mai 2025\nfixant les conditions d'affectation au sein des lyc\u00e9es publics de l'acad\u00e9mie de Paris 41\nANNEXE 1 : Secteurs 1 \u00e0 3 des coll\u00e8ges 2025\n2 DORIAN\n2 ARAGO\n2 PAUL BERT\n2 CARNOT\n2 BALZAC\n2 BERGSON\n2 DIDEROT\n3 V. DURUY\n3 P. VALERY\n3 RODIN\n3 C. MONET\n3 G.FAURE\n3 E. DUBOIS\n3 BUFFON\n3 CAMILLE SEE\n3 C. BERNARD\n3 J. DE SAILLY\n3 J.B. SAY\n3 J. DE LA FONTAINE\n3 MOLIERE\n3 BOUCHER\n3 RAVEL\n1 DORIAN\n1 P. VALERY\n1 ARAGO\n1 BOUCHER\n1 RAVEL\n2 TURGOT\n2 V. HUGO\n2 S. WEIL\n2 CHARLEMAGNE\n2 S. GERMAIN\n2 FENELON\n2 RACINE\n2 CONDORCET\n2 J. DECOUR\n2 J. FERRY\n2 LAMARTINE\n2 E. QUINET\n2 COLBERT\n2 VOLTAIRE\n2 RODIN\n2 C. MONET\n2 BERGSON\n2 DIDEROT\n3 LAVOISIER\n3 MONTAIGNE\n3 V. DURUY\n3 CHAPTAL\n3 G.FAURE\n3 RABELAIS\n3 PAUL BERT\n3 E. DUBOIS\n3 BUFFON\n3 CAMILLE SEE\n3 C. BERNARD\n3 J. DE SAILLY\n3 J.B. SAY\n3 J. DE LA FONTAINE\n3 MOLIERE\n3 CARNOT\n3 BALZAC\n1 S. WEIL\n1 S. GERMAIN\n1 VOLTAIRE\n1 BERGSON\nLUCIE FAURE\nFRANCOISE DOLTO\nGEORGES CLEMENCEAU\n8\nRectorat de la r\u00e9gion acad\u00e9mique d'Ile-de-France, rectorat de l'acad\u00e9mie de Paris - IDF-2025-05-07-00009 - Arr\u00eat\u00e9 du 7 mai 2025\nfixant les conditions d'affectation au sein des lyc\u00e9es publics de l'acad\u00e9mie de Paris 42\nANNEXE 1 : Secteurs 1 \u00e0 3 des coll\u00e8ges 2025\n1 BOUCHER\n2 TURGOT\n2 V. HUGO\n2 CHARLEMAGNE\n2 LAVOISIER\n2 FENELON\n2 CHAPTAL\n2 RACINE\n2 CONDORCET\n2 J. DECOUR\n2 J. FERRY\n2 LAMARTINE\n2 E. QUINET\n2 COLBERT\n2 DORIAN\n2 P. VALERY\n2 ARAGO\n2 CARNOT\n2 DIDEROT\n2 RAVEL\n3 MONTAIGNE\n3 V. DURUY\n3 RODIN\n3 C. MONET\n3 G.FAURE\n3 RABELAIS\n3 PAUL BERT\n3 E. DUBOIS\n3 BUFFON\n3 CAMILLE SEE\n3 C. BERNARD\n3 J. DE SAILLY\n3 J.B. SAY\n3 J. DE LA FONTAINE\n3 MOLIERE\n3 BALZAC\n1 FENELON\n1 CHAPTAL\n1 LAMARTINE\n1 COLBERT\n1 BERGSON\n2 TURGOT\n2 V. HUGO\n2 S. WEIL\n2 CHARLEMAGNE\n2 S. GERMAIN\n2 LAVOISIER\n2 MONTAIGNE\n2 RACINE\n2 CONDORCET\n2 J. DECOUR\n2 J. FERRY\n2 E. QUINET\n2 VOLTAIRE\n2 DORIAN\n2 ARAGO\n2 RABELAIS\n2 PAUL BERT\n2 CARNOT\n2 DIDEROT\n3 V. DURUY\n3 P. VALERY\n3 RODIN\n3 C. MONET\n3 G.FAURE\n3 E. DUBOIS\nFRANCOISE DOLTO\nSONIA DELAUNAY\n9\nRectorat de la r\u00e9gion acad\u00e9mique d'Ile-de-France, rectorat de l'acad\u00e9mie de Paris - IDF-2025-05-07-00009 - Arr\u00eat\u00e9 du 7 mai 2025\nfixant les conditions d'affectation au sein des lyc\u00e9es publics de l'acad\u00e9mie de Paris 43\nANNEXE 1 : Secteurs 1 \u00e0 3 des coll\u00e8ges 2025\n3 BUFFON\n3 CAMILLE SEE\n3 C. BERNARD\n3 J. DE SAILLY\n3 J.B. SAY\n3 J. DE LA FONTAINE\n3 MOLIERE\n3 BALZAC\n3 BOUCHER\n3 RAVEL\n1 TURGOT\n1 FENELON\n1 COLBERT\n1 VOLTAIRE\n1 BERGSON\n2 V. HUGO\n2 S. WEIL\n2 CHARLEMAGNE\n2 S. GERMAIN\n2 LAVOISIER\n2 CHAPTAL\n2 RACINE\n2 CONDORCET\n2 J. DECOUR\n2 J. FERRY\n2 LAMARTINE\n2 E. QUINET\n2 DORIAN\n2 ARAGO\n2 RABELAIS\n2 CARNOT\n2 DIDEROT\n2 BOUCHER\n2 RAVEL\n3 MONTAIGNE\n3 V. DURUY\n3 P. VALERY\n3 RODIN\n3 C. MONET\n3 G.FAURE\n3 PAUL BERT\n3 E. DUBOIS\n3 BUFFON\n3 CAMILLE SEE\n3 C. BERNARD\n3 J. DE SAILLY\n3 J.B. SAY\n3 J. DE LA FONTAINE\n3 MOLIERE\n3 BALZAC\n1 DORIAN\n1 P. VALERY\n1 ARAGO\n1 BOUCHER\n1 RAVEL\n2 TURGOT\n2 V. HUGO\n2 S. WEIL\n2 CHARLEMAGNE\n2 S. GERMAIN\n2 FENELON\n2 CHAPTAL\n2 RACINE\n2 CONDORCET\n2 J. DECOUR\n2 J. FERRY\nSONIA DELAUNAY\nVALMY\nHENRI MATISSE\n10\nRectorat de la r\u00e9gion acad\u00e9mique d'Ile-de-France, rectorat de l'acad\u00e9mie de Paris - IDF-2025-05-07-00009 - Arr\u00eat\u00e9 du 7 mai 2025\nfixant les conditions d'affectation au sein des lyc\u00e9es publics de l'acad\u00e9mie de Paris 44\nANNEXE 1 : Secteurs 1 \u00e0 3 des coll\u00e8ges 2025\n2 LAMARTINE\n2 E. QUINET\n2 COLBERT\n2 VOLTAIRE\n2 RODIN\n2 BERGSON\n2 DIDEROT\n3 LAVOISIER\n3 MONTAIGNE\n3 V. DURUY\n3 C. MONET\n3 G.FAURE\n3 RABELAIS\n3 PAUL BERT\n3 E. DUBOIS\n3 BUFFON\n3 CAMILLE SEE\n3 C. BERNARD\n3 J. DE SAILLY\n3 J.B. SAY\n3 J. DE LA FONTAINE\n3 MOLIERE\n3 CARNOT\n3 BALZAC\n1 TURGOT\n1 S. WEIL\n1 S. GERMAIN\n1 VOLTAIRE\n1 DORIAN\n2 V. HUGO\n2 CHARLEMAGNE\n2 FENELON\n2 CHAPTAL\n2 RACINE\n2 CONDORCET\n2 J. DECOUR\n2 J. FERRY\n2 LAMARTINE\n2 E. QUINET\n2 COLBERT\n2 P. VALERY\n2 ARAGO\n2 RABELAIS\n2 J. DE SAILLY\n2 BERGSON\n2 BOUCHER\n2 RAVEL\n3 LAVOISIER\n3 MONTAIGNE\n3 V. DURUY\n3 RODIN\n3 C. MONET\n3 G.FAURE\n3 PAUL BERT\n3 E. DUBOIS\n3 BUFFON\n3 CAMILLE SEE\n3 C. BERNARD\n3 J.B. SAY\n3 J. DE LA FONTAINE\n3 MOLIERE\n3 CARNOT\n3 BALZAC\n3 DIDEROT\n1 V. HUGO\n1 S. WEIL\nHENRI MATISSE\nALAIN FOURNIER\nANNE FRANK\n11\nRectorat de la r\u00e9gion acad\u00e9mique d'Ile-de-France, rectorat de l'acad\u00e9mie de Paris - IDF-2025-05-07-00009 - Arr\u00eat\u00e9 du 7 mai 2025\nfixant les conditions d'affectation au sein des lyc\u00e9es publics de l'acad\u00e9mie de Paris 45\nANNEXE 1 : Secteurs 1 \u00e0 3 des coll\u00e8ges 2025\n1 DORIAN\n1 ARAGO\n1 BOUCHER\n2 TURGOT\n2 CHARLEMAGNE\n2 S. GERMAIN\n2 LAVOISIER\n2 FENELON\n2 RACINE\n2 CONDORCET\n2 LAMARTINE\n2 E. QUINET\n2 COLBERT\n2 VOLTAIRE\n2 P. VALERY\n2 RODIN\n2 C. MONET\n2 G.FAURE\n2 CAMILLE SEE\n2 BERGSON\n2 RAVEL\n3 MONTAIGNE\n3 V. DURUY\n3 CHAPTAL\n3 J. DECOUR\n3 J. FERRY\n3 RABELAIS\n3 PAUL BERT\n3 E. DUBOIS\n3 BUFFON\n3 C. BERNARD\n3 J. DE SAILLY\n3 J.B. SAY\n3 J. DE LA FONTAINE\n3 MOLIERE\n3 CARNOT\n3 BALZAC\n3 DIDEROT\n1 V. HUGO\n1 S. GERMAIN\n1 DORIAN\n1 ARAGO\n1 RAVEL\n2 TURGOT\n2 S. WEIL\n2 CHARLEMAGNE\n2 LAVOISIER\n2 MONTAIGNE\n2 FENELON\n2 RACINE\n2 CONDORCET\n2 LAMARTINE\n2 COLBERT\n2 VOLTAIRE\n2 P. VALERY\n2 RODIN\n2 C. MONET\n2 G.FAURE\n2 PAUL BERT\n2 BUFFON\n2 BOUCHER\n3 V. DURUY\n3 CHAPTAL\n3 J. DECOUR\n3 J. FERRY\n3 E. QUINET\nANNE FRANK\nPAUL VERLAINE\n12\nRectorat de la r\u00e9gion acad\u00e9mique d'Ile-de-France, rectorat de l'acad\u00e9mie de Paris - IDF-2025-05-07-00009 - Arr\u00eat\u00e9 du 7 mai 2025\nfixant les conditions d'affectation au sein des lyc\u00e9es publics de l'acad\u00e9mie de Paris 46\nANNEXE 1 : Secteurs 1 \u00e0 3 des coll\u00e8ges 2025\n3 RABELAIS\n3 E. DUBOIS\n3 CAMILLE SEE\n3 C. BERNARD\n3 J. DE SAILLY\n3 J.B. SAY\n3 J. DE LA FONTAINE\n3 MOLIERE\n3 CARNOT\n3 BALZAC\n3 BERGSON\n3 DIDEROT\n1 V. HUGO\n1 DORIAN\n1 P. VALERY\n1 ARAGO\n1 RAVEL\n2 TURGOT\n2 S. WEIL\n2 CHARLEMAGNE\n2 S. GERMAIN\n2 LAVOISIER\n2 MONTAIGNE\n2 FENELON\n2 V. DURUY\n2 RACINE\n2 CONDORCET\n2 LAMARTINE\n2 VOLTAIRE\n2 RODIN\n2 C. MONET\n2 G.FAURE\n2 PAUL BERT\n2 BUFFON\n2 BOUCHER\n3 CHAPTAL\n3 J. DECOUR\n3 J. FERRY\n3 E. QUINET\n3 COLBERT\n3 RABELAIS\n3 E. DUBOIS\n3 CAMILLE SEE\n3 C. BERNARD\n3 J. DE SAILLY\n3 J.B. SAY\n3 J. DE LA FONTAINE\n3 MOLIERE\n3 CARNOT\n3 BALZAC\n3 BERGSON\n3 DIDEROT\n1 LAVOISIER\n1 MONTAIGNE\n1 V. DURUY\n1 PAUL BERT\n1 E. DUBOIS\n2 TURGOT\n2 V. HUGO\n2 S. WEIL\n2 CHARLEMAGNE\n2 S. GERMAIN\n2 FENELON\n2 RACINE\n2 CONDORCET\n2 LAMARTINE\nPAUL VERLAINE\nJULES VERNE\nJEAN MOULIN\n13\nRectorat de la r\u00e9gion acad\u00e9mique d'Ile-de-France, rectorat de l'acad\u00e9mie de Paris - IDF-2025-05-07-00009 - Arr\u00eat\u00e9 du 7 mai 2025\nfixant les conditions d'affectation au sein des lyc\u00e9es publics de l'acad\u00e9mie de Paris 47\nANNEXE 1 : Secteurs 1 \u00e0 3 des coll\u00e8ges 2025\n2 COLBERT\n2 ARAGO\n2 RODIN\n2 C. MONET\n2 G.FAURE\n2 RABELAIS\n2 BUFFON\n2 CAMILLE SEE\n2 J.B. SAY\n3 CHAPTAL\n3 J. DECOUR\n3 J. FERRY\n3 E. QUINET\n3 VOLTAIRE\n3 DORIAN\n3 P. VALERY\n3 C. BERNARD\n3 J. DE SAILLY\n3 J. DE LA FONTAINE\n3 MOLIERE\n3 CARNOT\n3 BALZAC\n3 BERGSON\n3 DIDEROT\n3 BOUCHER\n3 RAVEL\n1 V. DURUY\n1 RODIN\n1 BUFFON\n1 CAMILLE SEE\n1 J. DE SAILLY\n2 S. GERMAIN\n2 LAVOISIER\n2 MONTAIGNE\n2 FENELON\n2 CHAPTAL\n2 RACINE\n2 CONDORCET\n2 J. FERRY\n2 E. QUINET\n2 C. MONET\n2 G.FAURE\n2 PAUL BERT\n2 E. DUBOIS\n2 C. BERNARD\n2 J.B. SAY\n2 J. DE LA FONTAINE\n2 MOLIERE\n2 BALZAC\n3 TURGOT\n3 V. HUGO\n3 S. WEIL\n3 CHARLEMAGNE\n3 J. DECOUR\n3 LAMARTINE\n3 COLBERT\n3 VOLTAIRE\n3 DORIAN\n3 P. VALERY\n3 ARAGO\n3 RABELAIS\n3 CARNOT\n3 BERGSON\n3 DIDEROT\n3 BOUCHER\n3 RAVEL\nJEAN MOULIN\nDE STAEL\n14\nRectorat de la r\u00e9gion acad\u00e9mique d'Ile-de-France, rectorat de l'acad\u00e9mie de Paris - IDF-2025-05-07-00009 - Arr\u00eat\u00e9 du 7 mai 2025\nfixant les conditions d'affectation au sein des lyc\u00e9es publics de l'acad\u00e9mie de Paris 48\nANNEXE 1 : Secteurs 1 \u00e0 3 des coll\u00e8ges 2025\n1 CHARLEMAGNE\n1 S. GERMAIN\n1 J. DECOUR\n1 LAMARTINE\n1 COLBERT\n2 TURGOT\n2 V. HUGO\n2 S. WEIL\n2 LAVOISIER\n2 MONTAIGNE\n2 FENELON\n2 V. DURUY\n2 CHAPTAL\n2 RACINE\n2 CONDORCET\n2 J. FERRY\n2 E. QUINET\n2 VOLTAIRE\n2 ARAGO\n2 C. MONET\n2 G.FAURE\n2 PAUL BERT\n2 BUFFON\n2 CARNOT\n2 RAVEL\n3 DORIAN\n3 P. VALERY\n3 RODIN\n3 RABELAIS\n3 E. DUBOIS\n3 CAMILLE SEE\n3 C. BERNARD\n3 J. DE SAILLY\n3 J.B. SAY\n3 J. DE LA FONTAINE\n3 MOLIERE\n3 BALZAC\n3 BERGSON\n3 DIDEROT\n3 BOUCHER\n1 LAVOISIER\n1 MONTAIGNE\n1 V. DURUY\n1 PAUL BERT\n1 E. DUBOIS\n2 TURGOT\n2 V. HUGO\n2 S. WEIL\n2 CHARLEMAGNE\n2 S. GERMAIN\n2 FENELON\n2 RACINE\n2 CONDORCET\n2 LAMARTINE\n2 ARAGO\n2 RODIN\n2 C. MONET\n2 G.FAURE\n2 RABELAIS\n2 BUFFON\n2 CAMILLE SEE\n2 J.B. SAY\n2 J. DE LA FONTAINE\n3 CHAPTAL\n3 J. DECOUR\n3 J. FERRY\nALPHONSE DAUDET\nJEAN-BAPTISTE POQUELIN\n15\nRectorat de la r\u00e9gion acad\u00e9mique d'Ile-de-France, rectorat de l'acad\u00e9mie de Paris - IDF-2025-05-07-00009 - Arr\u00eat\u00e9 du 7 mai 2025\nfixant les conditions d'affectation au sein des lyc\u00e9es publics de l'acad\u00e9mie de Paris 49\nANNEXE 1 : Secteurs 1 \u00e0 3 des coll\u00e8ges 2025\n3 E. QUINET\n3 COLBERT\n3 VOLTAIRE\n3 DORIAN\n3 P. VALERY\n3 C. BERNARD\n3 J. DE SAILLY\n3 MOLIERE\n3 CARNOT\n3 BALZAC\n3 BERGSON\n3 DIDEROT\n3 BOUCHER\n3 RAVEL\n1 LAMARTINE\n1 S. GERMAIN\n1 BERGSON\n1 DIDEROT\n1 BOUCHER\n2 V. HUGO\n2 S. WEIL\n2 CHARLEMAGNE\n2 LAVOISIER\n2 FENELON\n2 CHAPTAL\n2 RACINE\n2 CONDORCET\n2 J. DECOUR\n2 J. FERRY\n2 TURGOT\n2 E. QUINET\n2 COLBERT\n2 VOLTAIRE\n2 DORIAN\n2 ARAGO\n2 RABELAIS\n2 CARNOT\n2 RAVEL\n3 MONTAIGNE\n3 V. DURUY\n3 P. VALERY\n3 RODIN\n3 C. MONET\n3 G.FAURE\n3 PAUL BERT\n3 E. DUBOIS\n3 BUFFON\n3 CAMILLE SEE\n3 C. BERNARD\n3 J. DE SAILLY\n3 J.B. SAY\n3 J. DE LA FONTAINE\n3 MOLIERE\n3 BALZAC\n1 TURGOT\n1 CHAPTAL\n1 COLBERT\n1 BERGSON\n1 DIDEROT\n2 V. HUGO\n2 S. WEIL\n2 S. GERMAIN\n2 LAVOISIER\n2 MONTAIGNE\n2 FENELON\n2 RACINE\nALPHONSE DAUDET\nCHARLES PEGUY\nEDOUARD PAILLERON\n16\nRectorat de la r\u00e9gion acad\u00e9mique d'Ile-de-France, rectorat de l'acad\u00e9mie de Paris - IDF-2025-05-07-00009 - Arr\u00eat\u00e9 du 7 mai 2025\nfixant les conditions d'affectation au sein des lyc\u00e9es publics de l'acad\u00e9mie de Paris 50\nANNEXE 1 : Secteurs 1 \u00e0 3 des coll\u00e8ges 2025\n2 CONDORCET\n2 J. DECOUR\n2 J. FERRY\n2 LAMARTINE\n2 E. QUINET\n2 VOLTAIRE\n2 DORIAN\n2 ARAGO\n2 RABELAIS\n2 CARNOT\n2 BOUCHER\n2 RAVEL\n3 CHARLEMAGNE\n3 V. DURUY\n3 P. VALERY\n3 RODIN\n3 C. MONET\n3 G.FAURE\n3 PAUL BERT\n3 E. DUBOIS\n3 BUFFON\n3 CAMILLE SEE\n3 C. BERNARD\n3 J. DE SAILLY\n3 J.B. SAY\n3 J. DE LA FONTAINE\n3 MOLIERE\n3 BALZAC\n1 CHARLEMAGNE\n1 S. GERMAIN\n1 MONTAIGNE\n1 RODIN\n1 E. DUBOIS\n2 TURGOT\n2 V. HUGO\n2 S. WEIL\n2 LAVOISIER\n2 FENELON\n2 V. DURUY\n2 RACINE\n2 CONDORCET\n2 J. DECOUR\n2 LAMARTINE\n2 E. QUINET\n2 COLBERT\n2 P. VALERY\n2 ARAGO\n2 C. MONET\n2 PAUL BERT\n2 BUFFON\n2 J.B. SAY\n2 BOUCHER\n2 G.FAURE\n3 J. FERRY\n3 VOLTAIRE\n3 DORIAN\n3 RABELAIS\n3 CHAPTAL\n3 CAMILLE SEE\n3 C. BERNARD\n3 J. DE SAILLY\n3 J. DE LA FONTAINE\n3 MOLIERE\n3 CARNOT\n3 BALZAC\n3 BERGSON\nEDOUARD PAILLERON\nPIERRE ALVISET\n17\nRectorat de la r\u00e9gion acad\u00e9mique d'Ile-de-France, rectorat de l'acad\u00e9mie de Paris - IDF-2025-05-07-00009 - Arr\u00eat\u00e9 du 7 mai 2025\nfixant les conditions d'affectation au sein des lyc\u00e9es publics de l'acad\u00e9mie de Paris 51\nANNEXE 1 : Secteurs 1 \u00e0 3 des coll\u00e8ges 2025\n3 DIDEROT\n3 RAVEL\n1 CHAPTAL\n1 RACINE\n1 CONDORCET\n1 E. QUINET\n1 COLBERT\n2 TURGOT\n2 CHARLEMAGNE\n2 S. GERMAIN\n2 FENELON\n2 V. DURUY\n2 J. DECOUR\n2 J. FERRY\n2 LAMARTINE\n2 VOLTAIRE\n2 DORIAN\n2 ARAGO\n2 RABELAIS\n2 PAUL BERT\n2 E. DUBOIS\n2 BUFFON\n2 J. DE SAILLY\n2 MOLIERE\n2 CARNOT\n2 BALZAC\n2 BERGSON\n3 V. HUGO\n3 S. WEIL\n3 LAVOISIER\n3 MONTAIGNE\n3 P. VALERY\n3 RODIN\n3 C. MONET\n3 G.FAURE\n3 CAMILLE SEE\n3 C. BERNARD\n3 J.B. SAY\n3 J. DE LA FONTAINE\n3 DIDEROT\n3 BOUCHER\n3 RAVEL\n1 J. DECOUR\n1 LAMARTINE\n1 RABELAIS\n1 CARNOT\n1 BALZAC\n2 TURGOT\n2 V. HUGO\n2 S. WEIL\n2 CHARLEMAGNE\n2 S. GERMAIN\n2 LAVOISIER\n2 MONTAIGNE\n2 FENELON\n2 CHAPTAL\n2 RACINE\n2 CONDORCET\n2 J. FERRY\n2 E. QUINET\n2 COLBERT\n2 VOLTAIRE\n2 ARAGO\n2 PAUL BERT\n2 BERGSON\n2 DIDEROT\nPIERRE ALVISET\nCONDORCET\nMAURICE UTRILLO\n18\nRectorat de la r\u00e9gion acad\u00e9mique d'Ile-de-France, rectorat de l'acad\u00e9mie de Paris - IDF-2025-05-07-00009 - Arr\u00eat\u00e9 du 7 mai 2025\nfixant les conditions d'affectation au sein des lyc\u00e9es publics de l'acad\u00e9mie de Paris 52\nANNEXE 1 : Secteurs 1 \u00e0 3 des coll\u00e8ges 2025\n3 V. DURUY\n3 DORIAN\n3 P. VALERY\n3 RODIN\n3 C. MONET\n3 G.FAURE\n3 E. DUBOIS\n3 BUFFON\n3 CAMILLE SEE\n3 C. BERNARD\n3 J. DE SAILLY\n3 J.B. SAY\n3 J. DE LA FONTAINE\n3 MOLIERE\n3 BOUCHER\n3 RAVEL\n1 CHAPTAL\n1 J. DECOUR\n1 E. QUINET\n1 CARNOT\n1 BALZAC\n2 TURGOT\n2 V. HUGO\n2 S. WEIL\n2 CHARLEMAGNE\n2 S. GERMAIN\n2 FENELON\n2 V. DURUY\n2 RACINE\n2 CONDORCET\n2 J. FERRY\n2 LAMARTINE\n2 COLBERT\n2 VOLTAIRE\n2 RABELAIS\n2 CAMILLE SEE\n2 C. BERNARD\n2 J. DE SAILLY\n2 J.B. SAY\n2 J. DE LA FONTAINE\n2 MOLIERE\n3 LAVOISIER\n3 MONTAIGNE\n3 DORIAN\n3 P. VALERY\n3 ARAGO\n3 RODIN\n3 C. MONET\n3 G.FAURE\n3 PAUL BERT\n3 E. DUBOIS\n3 BUFFON\n3 BERGSON\n3 DIDEROT\n3 BOUCHER\n3 RAVEL\n1 RACINE\n1 J. DECOUR\n1 J. FERRY\n1 E. QUINET\n1 CARNOT\n2 TURGOT\n2 S. GERMAIN\n2 MONTAIGNE\n2 FENELON\n2 V. DURUY\nMAURICE UTRILLO\nPIERRE DE RONSARD\nYVONNE LE TAC\n19\nRectorat de la r\u00e9gion acad\u00e9mique d'Ile-de-France, rectorat de l'acad\u00e9mie de Paris - IDF-2025-05-07-00009 - Arr\u00eat\u00e9 du 7 mai 2025\nfixant les conditions d'affectation au sein des lyc\u00e9es publics de l'acad\u00e9mie de Paris 53\nANNEXE 1 : Secteurs 1 \u00e0 3 des coll\u00e8ges 2025\n2 CHAPTAL\n2 CONDORCET\n2 LAMARTINE\n2 COLBERT\n2 VOLTAIRE\n2 DORIAN\n2 ARAGO\n2 RABELAIS\n2 PAUL BERT\n2 BUFFON\n2 J. DE SAILLY\n2 BALZAC\n2 BERGSON\n2 DIDEROT\n3 V. HUGO\n3 S. WEIL\n3 CHARLEMAGNE\n3 LAVOISIER\n3 P. VALERY\n3 RODIN\n3 C. MONET\n3 G.FAURE\n3 E. DUBOIS\n3 CAMILLE SEE\n3 C. BERNARD\n3 J.B. SAY\n3 J. DE LA FONTAINE\n3 MOLIERE\n3 BOUCHER\n3 RAVEL\n1 LAVOISIER\n1 MONTAIGNE\n1 RODIN\n1 E. DUBOIS\n1 PAUL BERT\n2 TURGOT\n2 V. HUGO\n2 S. WEIL\n2 CHARLEMAGNE\n2 S. GERMAIN\n2 FENELON\n2 V. DURUY\n2 RACINE\n2 CONDORCET\n2 LAMARTINE\n2 COLBERT\n2 VOLTAIRE\n2 P. VALERY\n2 ARAGO\n2 C. MONET\n2 G. FAURE\n2 BUFFON\n2 BOUCHER\n2 RAVEL\n3 CHAPTAL\n3 J. DECOUR\n3 J. FERRY\n3 E. QUINET\n3 DORIAN\n3 RABELAIS\n3 CAMILLE SEE\n3 C. BERNARD\n3 J. DE SAILLY\n3 J.B. SAY\n3 J. DE LA FONTAINE\n3 MOLIERE\nYVONNE LE TAC\nRAYMOND QUENEAU\n20\nRectorat de la r\u00e9gion acad\u00e9mique d'Ile-de-France, rectorat de l'acad\u00e9mie de Paris - IDF-2025-05-07-00009 - Arr\u00eat\u00e9 du 7 mai 2025\nfixant les conditions d'affectation au sein des lyc\u00e9es publics de l'acad\u00e9mie de Paris 54\nANNEXE 1 : Secteurs 1 \u00e0 3 des coll\u00e8ges 2025\n3 CARNOT\n3 BALZAC\n3 BERGSON\n3 DIDEROT\n1 MONTAIGNE\n1 FENELON\n1 V. DURUY\n1 PAUL BERT\n1 CAMILLE SEE\n2 TURGOT\n2 V. HUGO\n2 S. WEIL\n2 CHARLEMAGNE\n2 S. GERMAIN\n2 LAVOISIER\n2 RACINE\n2 CONDORCET\n2 J. DECOUR\n2 J. FERRY\n2 LAMARTINE\n2 E. QUINET\n2 COLBERT\n2 ARAGO\n2 RODIN\n2 RABELAIS\n2 BUFFON\n2 J.B. SAY\n3 CHAPTAL\n3 VOLTAIRE\n3 DORIAN\n3 P. VALERY\n3 C. MONET\n3 G.FAURE\n3 E. DUBOIS\n3 C. BERNARD\n3 J. DE SAILLY\n3 J. DE LA FONTAINE\n3 MOLIERE\n3 CARNOT\n3 BALZAC\n3 BERGSON\n3 DIDEROT\n3 BOUCHER\n3 RAVEL\n1 DORIAN\n1 P. VALERY\n1 ARAGO\n1 BOUCHER\n1 RAVEL\n2 TURGOT\n2 V. HUGO\n2 S. WEIL\n2 CHARLEMAGNE\n2 S. GERMAIN\n2 LAVOISIER\n2 FENELON\n2 V. DURUY\n2 RACINE\n2 CONDORCET\n2 LAMARTINE\n2 COLBERT\n2 VOLTAIRE\n2 RODIN\n2 C. MONET\n2 G.FAURE\n2 PAUL BERT\nRAYMOND QUENEAU\nJACQUES PREVERT\nGUY FLAVIEN\n21\nRectorat de la r\u00e9gion acad\u00e9mique d'Ile-de-France, rectorat de l'acad\u00e9mie de Paris - IDF-2025-05-07-00009 - Arr\u00eat\u00e9 du 7 mai 2025\nfixant les conditions d'affectation au sein des lyc\u00e9es publics de l'acad\u00e9mie de Paris 55\nANNEXE 1 : Secteurs 1 \u00e0 3 des coll\u00e8ges 2025\n2 BUFFON\n2 BERGSON\n3 MONTAIGNE\n3 CHAPTAL\n3 J. DECOUR\n3 J. FERRY\n3 E. QUINET\n3 RABELAIS\n3 E. DUBOIS\n3 CAMILLE SEE\n3 C. BERNARD\n3 J. DE SAILLY\n3 J.B. SAY\n3 J. DE LA FONTAINE\n3 MOLIERE\n3 CARNOT\n3 BALZAC\n3 DIDEROT\n1 V. DURUY\n1 BUFFON\n1 J. DE SAILLY\n1 J.B. SAY\n1 J. DE LA FONTAINE\n2 TURGOT\n2 S. WEIL\n2 CHARLEMAGNE\n2 S. GERMAIN\n2 LAVOISIER\n2 MONTAIGNE\n2 FENELON\n2 RACINE\n2 CONDORCET\n2 J. FERRY\n2 LAMARTINE\n2 RODIN\n2 PAUL BERT\n2 E. DUBOIS\n2 CAMILLE SEE\n2 C. BERNARD\n2 MOLIERE\n2 BALZAC\n3 V. HUGO\n3 CHAPTAL\n3 J. DECOUR\n3 E. QUINET\n3 COLBERT\n3 VOLTAIRE\n3 DORIAN\n3 P. VALERY\n3 ARAGO\n3 C. MONET\n3 G.FAURE\n3 RABELAIS\n3 CARNOT\n3 BERGSON\n3 DIDEROT\n3 BOUCHER\n3 RAVEL\n1 V. DURUY\n1 RODIN\n1 PAUL BERT\n1 BUFFON\n1 CAMILLE SEE\n2 TURGOT\n2 S. GERMAIN\n2 LAVOISIER\nGEORGES DUHAMEL\nGUY FLAVIEN\nGUILLAUME APOLLINAIRE\n22\nRectorat de la r\u00e9gion acad\u00e9mique d'Ile-de-France, rectorat de l'acad\u00e9mie de Paris - IDF-2025-05-07-00009 - Arr\u00eat\u00e9 du 7 mai 2025\nfixant les conditions d'affectation au sein des lyc\u00e9es publics de l'acad\u00e9mie de Paris 56\nANNEXE 1 : Secteurs 1 \u00e0 3 des coll\u00e8ges 2025\n2 MONTAIGNE\n2 FENELON\n2 CHAPTAL\n2 RACINE\n2 CONDORCET\n2 J. FERRY\n2 E. QUINET\n2 C. MONET\n2 G.FAURE\n2 E. DUBOIS\n2 C. BERNARD\n2 J. DE SAILLY\n2 J.B. SAY\n2 J. DE LA FONTAINE\n2 MOLIERE\n3 V. HUGO\n3 S. WEIL\n3 CHARLEMAGNE\n3 J. DECOUR\n3 LAMARTINE\n3 COLBERT\n3 VOLTAIRE\n3 DORIAN\n3 P. VALERY\n3 ARAGO\n3 RABELAIS\n3 CARNOT\n3 BALZAC\n3 BERGSON\n3 DIDEROT\n3 BOUCHER\n3 RAVEL\n1 RACINE\n1 CONDORCET\n1 J. DECOUR\n1 LAMARTINE\n1 RABELAIS\n2 TURGOT\n2 V. HUGO\n2 S. WEIL\n2 CHARLEMAGNE\n2 S. GERMAIN\n2 LAVOISIER\n2 MONTAIGNE\n2 FENELON\n2 CHAPTAL\n2 J. FERRY\n2 E. QUINET\n2 COLBERT\n2 VOLTAIRE\n2 ARAGO\n2 PAUL BERT\n2 BUFFON\n2 CARNOT\n2 BALZAC\n2 BERGSON\n3 V. DURUY\n3 DORIAN\n3 P. VALERY\n3 RODIN\n3 C. MONET\n3 G.FAURE\n3 E. DUBOIS\n3 CAMILLE SEE\n3 C. BERNARD\n3 J. DE SAILLY\nGEORGES DUHAMEL\nGERARD PHILIPE\n23\nRectorat de la r\u00e9gion acad\u00e9mique d'Ile-de-France, rectorat de l'acad\u00e9mie de Paris - IDF-2025-05-07-00009 - Arr\u00eat\u00e9 du 7 mai 2025\nfixant les conditions d'affectation au sein des lyc\u00e9es publics de l'acad\u00e9mie de Paris 57\nANNEXE 1 : Secteurs 1 \u00e0 3 des coll\u00e8ges 2025\n3 J.B. SAY\n3 J. DE LA FONTAINE\n3 MOLIERE\n3 DIDEROT\n3 BOUCHER\n3 RAVEL\n1 CHAPTAL\n1 RACINE\n1 J. DECOUR\n1 E. QUINET\n1 COLBERT\n2 TURGOT\n2 S. WEIL\n2 LAVOISIER\n2 MONTAIGNE\n2 FENELON\n2 CONDORCET\n2 J. FERRY\n2 LAMARTINE\n2 VOLTAIRE\n2 DORIAN\n2 ARAGO\n2 RABELAIS\n2 PAUL BERT\n2 BUFFON\n2 CARNOT\n2 BALZAC\n2 BERGSON\n2 DIDEROT\n2 BOUCHER\n3 V. HUGO\n3 CHARLEMAGNE\n3 S. GERMAIN\n3 V. DURUY\n3 P. VALERY\n3 RODIN\n3 C. MONET\n3 G.FAURE\n3 E. DUBOIS\n3 CAMILLE SEE\n3 C. BERNARD\n3 J. DE SAILLY\n3 J.B. SAY\n3 J. DE LA FONTAINE\n3 MOLIERE\n3 RAVEL\n1 ARAGO\n1 VOLTAIRE\n1 DIDEROT\n1 BOUCHER\n1 RAVEL\n2 V. HUGO\n2 S. WEIL\n2 CHARLEMAGNE\n2 S. GERMAIN\n2 FENELON\n2 CHAPTAL\n2 RACINE\n2 CONDORCET\n2 J. DECOUR\n2 J. FERRY\n2 LAMARTINE\n2 E. QUINET\n2 COLBERT\n2 DORIAN\n2 P. VALERY\nGERARD PHILIPE\nMARX DORMOY\nPIERRE MENDES FRANCE\n24\nRectorat de la r\u00e9gion acad\u00e9mique d'Ile-de-France, rectorat de l'acad\u00e9mie de Paris - IDF-2025-05-07-00009 - Arr\u00eat\u00e9 du 7 mai 2025\nfixant les conditions d'affectation au sein des lyc\u00e9es publics de l'acad\u00e9mie de Paris 58\nANNEXE 1 : Secteurs 1 \u00e0 3 des coll\u00e8ges 2025\n2 TURGOT\n2 CARNOT\n2 BERGSON\n3 LAVOISIER\n3 MONTAIGNE\n3 V. DURUY\n3 RODIN\n3 C. MONET\n3 G.FAURE\n3 RABELAIS\n3 PAUL BERT\n3 E. DUBOIS\n3 BUFFON\n3 CAMILLE SEE\n3 C. BERNARD\n3 J. DE SAILLY\n3 J.B. SAY\n3 J. DE LA FONTAINE\n3 MOLIERE\n3 BALZAC\n1 V. HUGO\n1 S. WEIL\n1 CHARLEMAGNE\n1 TURGOT\n1 VOLTAIRE\n2 J. DECOUR\n2 S. GERMAIN\n2 LAVOISIER\n2 MONTAIGNE\n2 FENELON\n2 CHAPTAL\n2 RACINE\n2 CONDORCET\n2 J. FERRY\n2 LAMARTINE\n2 E. QUINET\n2 COLBERT\n2 DORIAN\n2 ARAGO\n2 RABELAIS\n2 PAUL BERT\n2 CARNOT\n2 BOUCHER\n2 RAVEL\n3 V. DURUY\n3 P. VALERY\n3 RODIN\n3 C. MONET\n3 G.FAURE\n3 E. DUBOIS\n3 BUFFON\n3 CAMILLE SEE\n3 C. BERNARD\n3 J. DE SAILLY\n3 J.B. SAY\n3 J. DE LA FONTAINE\n3 MOLIERE\n3 BALZAC\n3 BERGSON\n3 DIDEROT\n1 V. DURUY\n1 PAUL BERT\n1 BUFFON\n1 CAMILLE SEE\n1 MOLIERE\n2 TURGOT\nPIERRE MENDES FRANCE\nCESAR FRANCK\nJULES ROMAINS\n25\nRectorat de la r\u00e9gion acad\u00e9mique d'Ile-de-France, rectorat de l'acad\u00e9mie de Paris - IDF-2025-05-07-00009 - Arr\u00eat\u00e9 du 7 mai 2025\nfixant les conditions d'affectation au sein des lyc\u00e9es publics de l'acad\u00e9mie de Paris 59\nANNEXE 1 : Secteurs 1 \u00e0 3 des coll\u00e8ges 2025\n2 V. HUGO\n2 S. WEIL\n2 CHARLEMAGNE\n2 S. GERMAIN\n2 MONTAIGNE\n2 FENELON\n2 CHAPTAL\n2 RACINE\n2 CONDORCET\n2 J. FERRY\n2 LAMARTINE\n2 E. QUINET\n2 E. DUBOIS\n2 J. DE SAILLY\n2 J.B. SAY\n2 J. DE LA FONTAINE\n2 CARNOT\n2 BALZAC\n3 LAVOISIER\n3 J. DECOUR\n3 COLBERT\n3 VOLTAIRE\n3 DORIAN\n3 P. VALERY\n3 ARAGO\n3 RODIN\n3 C. MONET\n3 G.FAURE\n3 RABELAIS\n3 C. BERNARD\n3 BERGSON\n3 DIDEROT\n3 BOUCHER\n3 RAVEL\n1 RACINE\n1 J. DECOUR\n1 LAMARTINE\n1 E. QUINET\n1 CARNOT\n2 TURGOT\n2 V. HUGO\n2 S. WEIL\n2 CHARLEMAGNE\n2 S. GERMAIN\n2 LAVOISIER\n2 MONTAIGNE\n2 FENELON\n2 CHAPTAL\n2 CONDORCET\n2 J. FERRY\n2 COLBERT\n2 VOLTAIRE\n2 DORIAN\n2 RABELAIS\n2 PAUL BERT\n2 BUFFON\n2 BALZAC\n2 BERGSON\n2 DIDEROT\n3 V. DURUY\n3 P. VALERY\n3 ARAGO\n3 RODIN\n3 C. MONET\n3 G.FAURE\n3 E. DUBOIS\nJULES ROMAINS\nPAUL GAUGUIN\n26\nRectorat de la r\u00e9gion acad\u00e9mique d'Ile-de-France, rectorat de l'acad\u00e9mie de Paris - IDF-2025-05-07-00009 - Arr\u00eat\u00e9 du 7 mai 2025\nfixant les conditions d'affectation au sein des lyc\u00e9es publics de l'acad\u00e9mie de Paris 60\nANNEXE 1 : Secteurs 1 \u00e0 3 des coll\u00e8ges 2025\n3 CAMILLE SEE\n3 C. BERNARD\n3 J. DE SAILLY\n3 J.B. SAY\n3 J. DE LA FONTAINE\n3 MOLIERE\n3 BOUCHER\n3 RAVEL\n1 V. HUGO\n1 J. DECOUR\n1 LAMARTINE\n1 COLBERT\n1 DIDEROT\n2 TURGOT\n2 S. WEIL\n2 CHARLEMAGNE\n2 S. GERMAIN\n2 FENELON\n2 CHAPTAL\n2 RACINE\n2 CONDORCET\n2 J. FERRY\n2 E. QUINET\n2 VOLTAIRE\n2 DORIAN\n2 ARAGO\n2 RABELAIS\n2 PAUL BERT\n2 BERGSON\n2 BOUCHER\n2 RAVEL\n3 LAVOISIER\n3 MONTAIGNE\n3 V. DURUY\n3 P. VALERY\n3 RODIN\n3 C. MONET\n3 G.FAURE\n3 E. DUBOIS\n3 BUFFON\n3 CAMILLE SEE\n3 C. BERNARD\n3 J. DE SAILLY\n3 J.B. SAY\n3 J. DE LA FONTAINE\n3 MOLIERE\n3 CARNOT\n3 BALZAC\n1 RACINE\n1 CONDORCET\n1 J. FERRY\n1 RABELAIS\n1 BALZAC\n2 TURGOT\n2 V. HUGO\n2 CHARLEMAGNE\n2 S. GERMAIN\n2 FENELON\n2 V. DURUY\n2 CHAPTAL\n2 J. DECOUR\n2 LAMARTINE\n2 E. QUINET\n2 COLBERT\n2 VOLTAIRE\n2 PAUL BERT\nPAUL GAUGUIN\nLOUISE MICHEL\nHECTOR BERLIOZ 27\nRectorat de la r\u00e9gion acad\u00e9mique d'Ile-de-France, rectorat de l'acad\u00e9mie de Paris - IDF-2025-05-07-00009 - Arr\u00eat\u00e9 du 7 mai 2025\nfixant les conditions d'affectation au sein des lyc\u00e9es publics de l'acad\u00e9mie de Paris 61\nANNEXE 1 : Secteurs 1 \u00e0 3 des coll\u00e8ges 2025\n2 E. DUBOIS\n2 BUFFON\n2 J. DE SAILLY\n2 MOLIERE\n2 CARNOT\n2 BERGSON\n3 S. WEIL\n3 LAVOISIER\n3 MONTAIGNE\n3 DORIAN\n3 P. VALERY\n3 ARAGO\n3 RODIN\n3 C. MONET\n3 G.FAURE\n3 CAMILLE SEE\n3 C. BERNARD\n3 J.B. SAY\n3 J. DE LA FONTAINE\n3 DIDEROT\n3 BOUCHER\n3 RAVEL\n1 RODIN\n1 C. MONET\n1 G.FAURE\n1 PAUL BERT\n1 BUFFON\n2 TURGOT\n2 V. HUGO\n2 S. WEIL\n2 CHARLEMAGNE\n2 S. GERMAIN\n2 LAVOISIER\n2 MONTAIGNE\n2 FENELON\n2 V. DURUY\n2 RACINE\n2 CONDORCET\n2 LAMARTINE\n2 COLBERT\n2 P. VALERY\n2 ARAGO\n2 E. DUBOIS\n2 BOUCHER\n2 RAVEL\n3 CHAPTAL\n3 J. DECOUR\n3 J. FERRY\n3 E. QUINET\n3 VOLTAIRE\n3 DORIAN\n3 RABELAIS\n3 CAMILLE SEE\n3 C. BERNARD\n3 J. DE SAILLY\n3 J.B. SAY\n3 J. DE LA FONTAINE\n3 MOLIERE\n3 CARNOT\n3 BALZAC\n3 BERGSON\n3 DIDEROT\n1 V. DURUY\n1 BUFFON\n1 CAMILLE SEE\n1 C. BERNARD\nHECTOR BERLIOZ\nGEORGE SAND\nCLAUDE DEBUSSY\n28\nRectorat de la r\u00e9gion acad\u00e9mique d'Ile-de-France, rectorat de l'acad\u00e9mie de Paris - IDF-2025-05-07-00009 - Arr\u00eat\u00e9 du 7 mai 2025\nfixant les conditions d'affectation au sein des lyc\u00e9es publics de l'acad\u00e9mie de Paris 62\nANNEXE 1 : Secteurs 1 \u00e0 3 des coll\u00e8ges 2025\n1 MOLIERE\n2 TURGOT\n2 V. HUGO\n2 S. WEIL\n2 CHARLEMAGNE\n2 S. GERMAIN\n2 MONTAIGNE\n2 FENELON\n2 RACINE\n2 CONDORCET\n2 J. FERRY\n2 LAMARTINE\n2 E. QUINET\n2 RODIN\n2 PAUL BERT\n2 E. DUBOIS\n2 J. DE SAILLY\n2 J.B. SAY\n2 J. DE LA FONTAINE\n3 LAVOISIER\n3 CHAPTAL\n3 J. DECOUR\n3 COLBERT\n3 VOLTAIRE\n3 DORIAN\n3 P. VALERY\n3 ARAGO\n3 C. MONET\n3 G.FAURE\n3 RABELAIS\n3 CARNOT\n3 BALZAC\n3 BERGSON\n3 DIDEROT\n3 BOUCHER\n3 RAVEL\n1 V. DURUY\n1 E. DUBOIS\n1 BUFFON\n1 CAMILLE SEE\n1 J.B. SAY\n2 S. GERMAIN\n2 LAVOISIER\n2 MONTAIGNE\n2 FENELON\n2 CHAPTAL\n2 RACINE\n2 CONDORCET\n2 J. FERRY\n2 P. VALERY\n2 RODIN\n2 C. MONET\n2 G.FAURE\n2 PAUL BERT\n2 C. BERNARD\n2 J. DE SAILLY\n2 J. DE LA FONTAINE\n2 MOLIERE\n2 BALZAC\n3 TURGOT\n3 V. HUGO\n3 S. WEIL\n3 CHARLEMAGNE\n3 J. DECOUR\n3 LAMARTINE\n3 E. QUINET\nCLAUDE DEBUSSY\nMODIGLIANI\n29\nRectorat de la r\u00e9gion acad\u00e9mique d'Ile-de-France, rectorat de l'acad\u00e9mie de Paris - IDF-2025-05-07-00009 - Arr\u00eat\u00e9 du 7 mai 2025\nfixant les conditions d'affectation au sein des lyc\u00e9es publics de l'acad\u00e9mie de Paris 63\nANNEXE 1 : Secteurs 1 \u00e0 3 des coll\u00e8ges 2025\n3 COLBERT\n3 VOLTAIRE\n3 DORIAN\n3 ARAGO\n3 RABELAIS\n3 CARNOT\n3 BERGSON\n3 DIDEROT\n3 BOUCHER\n3 RAVEL\n1 RACINE\n1 CONDORCET\n1 J. FERRY\n1 RABELAIS\n1 BALZAC\n2 TURGOT\n2 V. HUGO\n2 CHARLEMAGNE\n2 S. GERMAIN\n2 FENELON\n2 V. DURUY\n2 CHAPTAL\n2 J. DECOUR\n2 LAMARTINE\n2 E. QUINET\n2 COLBERT\n2 VOLTAIRE\n2 PAUL BERT\n2 E. DUBOIS\n2 BUFFON\n2 J. DE SAILLY\n2 MOLIERE\n2 CARNOT\n2 BERGSON\n3 S. WEIL\n3 LAVOISIER\n3 MONTAIGNE\n3 DORIAN\n3 P. VALERY\n3 ARAGO\n3 RODIN\n3 C. MONET\n3 G.FAURE\n3 CAMILLE SEE\n3 C. BERNARD\n3 J.B. SAY\n3 J. DE LA FONTAINE\n3 DIDEROT\n3 BOUCHER\n3 RAVEL\n1 LAVOISIER\n1 MONTAIGNE\n1 C. MONET\n1 G.FAURE\n1 BUFFON\n2 TURGOT\n2 V. HUGO\n2 S. WEIL\n2 CHARLEMAGNE\n2 S. GERMAIN\n2 FENELON\n2 V. DURUY\n2 RACINE\n2 CONDORCET\n2 DORIAN\n2 P. VALERY\nANTOINE COYSEVOX\nELSA TRIOLET\nMODIGLIANI\n30\nRectorat de la r\u00e9gion acad\u00e9mique d'Ile-de-France, rectorat de l'acad\u00e9mie de Paris - IDF-2025-05-07-00009 - Arr\u00eat\u00e9 du 7 mai 2025\nfixant les conditions d'affectation au sein des lyc\u00e9es publics de l'acad\u00e9mie de Paris 64\nANNEXE 1 : Secteurs 1 \u00e0 3 des coll\u00e8ges 2025\n2 ARAGO\n2 RODIN\n2 PAUL BERT\n2 E. DUBOIS\n2 CAMILLE SEE\n2 BOUCHER\n2 RAVEL\n3 CHAPTAL\n3 J. DECOUR\n3 J. FERRY\n3 LAMARTINE\n3 E. QUINET\n3 COLBERT\n3 VOLTAIRE\n3 RABELAIS\n3 C. BERNARD\n3 J. DE SAILLY\n3 J.B. SAY\n3 J. DE LA FONTAINE\n3 MOLIERE\n3 CARNOT\n3 BALZAC\n3 BERGSON\n3 DIDEROT\n1 CONDORCET\n1 LAMARTINE\n1 E. QUINET\n1 J. DE SAILLY\n1 CARNOT\n2 TURGOT\n2 V. HUGO\n2 CHARLEMAGNE\n2 S. GERMAIN\n2 FENELON\n2 V. DURUY\n2 CHAPTAL\n2 RACINE\n2 J. DECOUR\n2 J. FERRY\n2 COLBERT\n2 ARAGO\n2 BUFFON\n2 C. BERNARD\n2 J.B. SAY\n2 J. DE LA FONTAINE\n2 MOLIERE\n2 BALZAC\n2 RAVEL\n3 S. WEIL\n3 LAVOISIER\n3 MONTAIGNE\n3 VOLTAIRE\n3 DORIAN\n3 P. VALERY\n3 RODIN\n3 C. MONET\n3 G.FAURE\n3 RABELAIS\n3 PAUL BERT\n3 E. DUBOIS\n3 CAMILLE SEE\n3 BERGSON\n3 DIDEROT\n3 BOUCHER\n1 TURGOT\n1 S. WEIL\nELSA TRIOLET\nANDRE MALRAUX\nMONTGOLFIER\n31\nRectorat de la r\u00e9gion acad\u00e9mique d'Ile-de-France, rectorat de l'acad\u00e9mie de Paris - IDF-2025-05-07-00009 - Arr\u00eat\u00e9 du 7 mai 2025\nfixant les conditions d'affectation au sein des lyc\u00e9es publics de l'acad\u00e9mie de Paris 65\nANNEXE 1 : Secteurs 1 \u00e0 3 des coll\u00e8ges 2025\n1 S. GERMAIN\n1 LAVOISIER\n1 VOLTAIRE\n2 V. HUGO\n2 CHARLEMAGNE\n2 FENELON\n2 CHAPTAL\n2 RACINE\n2 CONDORCET\n2 J. DECOUR\n2 J. FERRY\n2 LAMARTINE\n2 E. QUINET\n2 COLBERT\n2 DORIAN\n2 ARAGO\n2 RABELAIS\n2 PAUL BERT\n2 CARNOT\n2 BERGSON\n2 DIDEROT\n3 MONTAIGNE\n3 V. DURUY\n3 P. VALERY\n3 RODIN\n3 C. MONET\n3 G.FAURE\n3 E. DUBOIS\n3 BUFFON\n3 CAMILLE SEE\n3 C. BERNARD\n3 J. DE SAILLY\n3 J.B. SAY\n3 J. DE LA FONTAINE\n3 MOLIERE\n3 BALZAC\n3 BOUCHER\n3 RAVEL\n1 V. HUGO\n1 S. WEIL\n1 FENELON\n1 S. GERMAIN\n1 VOLTAIRE\n2 TURGOT\n2 LAVOISIER\n2 CHARLEMAGNE\n2 V. DURUY\n2 RACINE\n2 CONDORCET\n2 LAMARTINE\n2 COLBERT\n2 DORIAN\n2 P. VALERY\n2 ARAGO\n2 RODIN\n2 C. MONET\n2 G.FAURE\n2 PAUL BERT\n2 J. DE SAILLY\n2 BOUCHER\n2 RAVEL\n3 MONTAIGNE\n3 CHAPTAL\n3 J. DECOUR\n3 J. FERRY\n3 E. QUINET\nMONTGOLFIER\nVICTOR HUGO\n32\nRectorat de la r\u00e9gion acad\u00e9mique d'Ile-de-France, rectorat de l'acad\u00e9mie de Paris - IDF-2025-05-07-00009 - Arr\u00eat\u00e9 du 7 mai 2025\nfixant les conditions d'affectation au sein des lyc\u00e9es publics de l'acad\u00e9mie de Paris 66\nANNEXE 1 : Secteurs 1 \u00e0 3 des coll\u00e8ges 2025\n3 RABELAIS\n3 E. DUBOIS\n3 BUFFON\n3 CAMILLE SEE\n3 C. BERNARD\n3 J.B. SAY\n3 J. DE LA FONTAINE\n3 MOLIERE\n3 CARNOT\n3 BALZAC\n3 BERGSON\n3 DIDEROT\n1 V. HUGO\n1 S. WEIL\n1 CHARLEMAGNE\n1 S. GERMAIN\n1 VOLTAIRE\n2 TURGOT\n2 LAVOISIER\n2 FENELON\n2 V. DURUY\n2 RACINE\n2 CONDORCET\n2 J. DECOUR\n2 LAMARTINE\n2 E. QUINET\n2 COLBERT\n2 DORIAN\n2 P. VALERY\n2 ARAGO\n2 RODIN\n2 C. MONET\n2 G.FAURE\n2 BOUCHER\n2 RAVEL\n3 MONTAIGNE\n3 CHAPTAL\n3 J. FERRY\n3 RABELAIS\n3 PAUL BERT\n3 E. DUBOIS\n3 BUFFON\n3 CAMILLE SEE\n3 C. BERNARD\n3 J. DE SAILLY\n3 J.B. SAY\n3 J. DE LA FONTAINE\n3 MOLIERE\n3 CARNOT\n3 BALZAC\n3 BERGSON\n3 DIDEROT\n1 CHARLEMAGNE\n1 LAVOISIER\n1 FENELON\n1 RODIN\n1 PAUL BERT\n2 TURGOT\n2 V. HUGO\n2 S. WEIL\n2 S. GERMAIN\n2 MONTAIGNE\n2 V. DURUY\n2 RACINE\n2 CONDORCET\n2 LAMARTINE\nVICTOR HUGO\nCHARLEMAGNE\nHENRI IV\n33\nRectorat de la r\u00e9gion acad\u00e9mique d'Ile-de-France, rectorat de l'acad\u00e9mie de Paris - IDF-2025-05-07-00009 - Arr\u00eat\u00e9 du 7 mai 2025\nfixant les conditions d'affectation au sein des lyc\u00e9es publics de l'acad\u00e9mie de Paris 67\nANNEXE 1 : Secteurs 1 \u00e0 3 des coll\u00e8ges 2025\n2 COLBERT\n2 ARAGO\n2 C. MONET\n2 G.FAURE\n2 BUFFON\n2 CAMILLE SEE\n2 J.B. SAY\n2 J. DE LA FONTAINE\n2 BOUCHER\n2 RAVEL\n3 CHAPTAL\n3 J. DECOUR\n3 J. FERRY\n3 E. QUINET\n3 VOLTAIRE\n3 DORIAN\n3 P. VALERY\n3 RABELAIS\n3 E. DUBOIS\n3 C. BERNARD\n3 J. DE SAILLY\n3 MOLIERE\n3 CARNOT\n3 BALZAC\n3 BERGSON\n3 DIDEROT\n1 LAVOISIER\n1 MONTAIGNE\n1 FENELON\n1 PAUL BERT\n1 CAMILLE SEE\n2 TURGOT\n2 V. HUGO\n2 S. WEIL\n2 CHARLEMAGNE\n2 S. GERMAIN\n2 V. DURUY\n2 RACINE\n2 CONDORCET\n2 LAMARTINE\n2 E. QUINET\n2 COLBERT\n2 ARAGO\n2 RODIN\n2 C. MONET\n2 G.FAURE\n2 E. DUBOIS\n2 BUFFON\n2 J.B. SAY\n3 CHAPTAL\n3 J. DECOUR\n3 J. FERRY\n3 VOLTAIRE\n3 DORIAN\n3 P. VALERY\n3 RABELAIS\n3 C. BERNARD\n3 J. DE SAILLY\n3 J. DE LA FONTAINE\n3 MOLIERE\n3 CARNOT\n3 BALZAC\n3 BERGSON\n3 DIDEROT\n3 BOUCHER\n3 RAVEL\nHENRI IV\nMONTAIGNE\n34\nRectorat de la r\u00e9gion acad\u00e9mique d'Ile-de-France, rectorat de l'acad\u00e9mie de Paris - IDF-2025-05-07-00009 - Arr\u00eat\u00e9 du 7 mai 2025\nfixant les conditions d'affectation au sein des lyc\u00e9es publics de l'acad\u00e9mie de Paris 68\nANNEXE 1 : Secteurs 1 \u00e0 3 des coll\u00e8ges 2025\n1 MONTAIGNE\n1 V. DURUY\n1 PAUL BERT\n1 BUFFON\n1 CAMILLE SEE\n2 TURGOT\n2 V. HUGO\n2 CHARLEMAGNE\n2 S. GERMAIN\n2 LAVOISIER\n2 FENELON\n2 CHAPTAL\n2 RACINE\n2 CONDORCET\n2 J. FERRY\n2 E. QUINET\n2 RODIN\n2 E. DUBOIS\n2 J. DE SAILLY\n2 J.B. SAY\n2 J. DE LA FONTAINE\n2 MOLIERE\n2 BALZAC\n3 S. WEIL\n3 J. DECOUR\n3 LAMARTINE\n3 COLBERT\n3 VOLTAIRE\n3 DORIAN\n3 P. VALERY\n3 ARAGO\n3 C. MONET\n3 G.FAURE\n3 RABELAIS\n3 C. BERNARD\n3 CARNOT\n3 BERGSON\n3 DIDEROT\n3 BOUCHER\n3 RAVEL\n1 CHAPTAL\n1 J. DECOUR\n1 E. QUINET\n1 J. DE SAILLY\n1 CARNOT\n2 TURGOT\n2 S. WEIL\n2 CHARLEMAGNE\n2 S. GERMAIN\n2 FENELON\n2 V. DURUY\n2 RACINE\n2 CONDORCET\n2 J. FERRY\n2 LAMARTINE\n2 COLBERT\n2 VOLTAIRE\n2 DORIAN\n2 ARAGO\n2 RABELAIS\n2 BUFFON\n2 BALZAC\n2 BERGSON\n2 DIDEROT\n3 V. HUGO\n3 LAVOISIER\nVICTOR DURUY\nCHAPTAL\n35\nRectorat de la r\u00e9gion acad\u00e9mique d'Ile-de-France, rectorat de l'acad\u00e9mie de Paris - IDF-2025-05-07-00009 - Arr\u00eat\u00e9 du 7 mai 2025\nfixant les conditions d'affectation au sein des lyc\u00e9es publics de l'acad\u00e9mie de Paris 69\nANNEXE 1 : Secteurs 1 \u00e0 3 des coll\u00e8ges 2025\n3 MONTAIGNE\n3 P. VALERY\n3 RODIN\n3 C. MONET\n3 G.FAURE\n3 PAUL BERT\n3 E. DUBOIS\n3 CAMILLE SEE\n3 C. BERNARD\n3 J.B. SAY\n3 J. DE LA FONTAINE\n3 MOLIERE\n3 BOUCHER\n3 RAVEL\n1 CHAPTAL\n1 RACINE\n1 J. DECOUR\n1 E. QUINET\n1 CARNOT\n2 TURGOT\n2 S. WEIL\n2 CHARLEMAGNE\n2 S. GERMAIN\n2 FENELON\n2 V. DURUY\n2 CONDORCET\n2 J. FERRY\n2 LAMARTINE\n2 COLBERT\n2 VOLTAIRE\n2 ARAGO\n2 RABELAIS\n2 BUFFON\n2 J. DE SAILLY\n2 J.B. SAY\n2 MOLIERE\n2 BALZAC\n2 BERGSON\n3 V. HUGO\n3 LAVOISIER\n3 MONTAIGNE\n3 DORIAN\n3 P. VALERY\n3 RODIN\n3 C. MONET\n3 G.FAURE\n3 PAUL BERT\n3 E. DUBOIS\n3 CAMILLE SEE\n3 C. BERNARD\n3 J. DE LA FONTAINE\n3 DIDEROT\n3 BOUCHER\n3 RAVEL\n1 LAVOISIER\n1 MONTAIGNE\n1 FENELON\n1 RODIN\n1 PAUL BERT\n2 TURGOT\n2 V. HUGO\n2 S. WEIL\n2 CHARLEMAGNE\n2 S. GERMAIN\n2 V. DURUY\n2 RACINE\nCHAPTAL\nOCTAVE GREARD\nLAVOISIER\n36\nRectorat de la r\u00e9gion acad\u00e9mique d'Ile-de-France, rectorat de l'acad\u00e9mie de Paris - IDF-2025-05-07-00009 - Arr\u00eat\u00e9 du 7 mai 2025\nfixant les conditions d'affectation au sein des lyc\u00e9es publics de l'acad\u00e9mie de Paris 70\nANNEXE 1 : Secteurs 1 \u00e0 3 des coll\u00e8ges 2025\n2 CONDORCET\n2 J. DECOUR\n2 LAMARTINE\n2 COLBERT\n2 VOLTAIRE\n2 ARAGO\n2 C. MONET\n2 G.FAURE\n2 E. DUBOIS\n2 BUFFON\n2 CAMILLE SEE\n2 J.B. SAY\n3 CHAPTAL\n3 J. FERRY\n3 E. QUINET\n3 DORIAN\n3 P. VALERY\n3 RABELAIS\n3 C. BERNARD\n3 J. DE SAILLY\n3 J. DE LA FONTAINE\n3 MOLIERE\n3 CARNOT\n3 BALZAC\n3 BERGSON\n3 DIDEROT\n3 BOUCHER\n3 RAVEL\n1 CHAPTAL\n1 J. DECOUR\n1 J. FERRY\n1 E. QUINET\n1 CARNOT\n2 TURGOT\n2 S. WEIL\n2 CHARLEMAGNE\n2 S. GERMAIN\n2 LAVOISIER\n2 FENELON\n2 V. DURUY\n2 RACINE\n2 CONDORCET\n2 LAMARTINE\n2 COLBERT\n2 VOLTAIRE\n2 DORIAN\n2 ARAGO\n2 RABELAIS\n2 J. DE SAILLY\n2 BALZAC\n2 BERGSON\n2 DIDEROT\n3 V. HUGO\n3 MONTAIGNE\n3 P. VALERY\n3 RODIN\n3 C. MONET\n3 G.FAURE\n3 PAUL BERT\n3 E. DUBOIS\n3 BUFFON\n3 CAMILLE SEE\n3 C. BERNARD\n3 J.B. SAY\n3 J. DE LA FONTAINE\n3 MOLIERE\nJACQUES DECOUR\nLAVOISIER\n37\nRectorat de la r\u00e9gion acad\u00e9mique d'Ile-de-France, rectorat de l'acad\u00e9mie de Paris - IDF-2025-05-07-00009 - Arr\u00eat\u00e9 du 7 mai 2025\nfixant les conditions d'affectation au sein des lyc\u00e9es publics de l'acad\u00e9mie de Paris 71\nANNEXE 1 : Secteurs 1 \u00e0 3 des coll\u00e8ges 2025\n3 BOUCHER\n3 RAVEL\n1 CHAPTAL\n1 CONDORCET\n1 J. DECOUR\n1 J. FERRY\n1 RABELAIS\n2 TURGOT\n2 S. GERMAIN\n2 FENELON\n2 V. DURUY\n2 RACINE\n2 LAMARTINE\n2 E. QUINET\n2 COLBERT\n2 VOLTAIRE\n2 DORIAN\n2 ARAGO\n2 PAUL BERT\n2 E. DUBOIS\n2 BUFFON\n2 J. DE SAILLY\n2 MOLIERE\n2 CARNOT\n2 BALZAC\n2 BERGSON\n2 DIDEROT\n3 V. HUGO\n3 S. WEIL\n3 CHARLEMAGNE\n3 LAVOISIER\n3 MONTAIGNE\n3 P. VALERY\n3 RODIN\n3 C. MONET\n3 G.FAURE\n3 CAMILLE SEE\n3 C. BERNARD\n3 J.B. SAY\n3 J. DE LA FONTAINE\n3 BOUCHER\n3 RAVEL\n1 RACINE\n1 CONDORCET\n1 J. DECOUR\n1 LAMARTINE\n1 COLBERT\n2 TURGOT\n2 V. HUGO\n2 S. WEIL\n2 CHARLEMAGNE\n2 S. GERMAIN\n2 LAVOISIER\n2 MONTAIGNE\n2 FENELON\n2 CHAPTAL\n2 J. FERRY\n2 E. QUINET\n2 VOLTAIRE\n2 DORIAN\n2 ARAGO\n2 RABELAIS\n2 CAMILLE SEE\n2 CARNOT\n2 BERGSON\n2 DIDEROT\nJACQUES DECOUR\nJULES FERRY\nLAMARTINE\n38\nRectorat de la r\u00e9gion acad\u00e9mique d'Ile-de-France, rectorat de l'acad\u00e9mie de Paris - IDF-2025-05-07-00009 - Arr\u00eat\u00e9 du 7 mai 2025\nfixant les conditions d'affectation au sein des lyc\u00e9es publics de l'acad\u00e9mie de Paris 72\nANNEXE 1 : Secteurs 1 \u00e0 3 des coll\u00e8ges 2025\n3 V. DURUY\n3 P. VALERY\n3 RODIN\n3 C. MONET\n3 G.FAURE\n3 PAUL BERT\n3 E. DUBOIS\n3 BUFFON\n3 C. BERNARD\n3 J. DE SAILLY\n3 J.B. SAY\n3 J. DE LA FONTAINE\n3 MOLIERE\n3 BALZAC\n3 BOUCHER\n3 RAVEL\n1 TURGOT\n1 CHARLEMAGNE\n1 COLBERT\n1 VOLTAIRE\n1 DORIAN\n2 V. HUGO\n2 S. WEIL\n2 S. GERMAIN\n2 FENELON\n2 CHAPTAL\n2 RACINE\n2 CONDORCET\n2 J. DECOUR\n2 J. FERRY\n2 LAMARTINE\n2 E. QUINET\n2 P. VALERY\n2 ARAGO\n2 CARNOT\n2 BERGSON\n2 DIDEROT\n2 BOUCHER\n2 RAVEL\n3 LAVOISIER\n3 MONTAIGNE\n3 V. DURUY\n3 RODIN\n3 C. MONET\n3 G.FAURE\n3 RABELAIS\n3 PAUL BERT\n3 E. DUBOIS\n3 BUFFON\n3 CAMILLE SEE\n3 C. BERNARD\n3 J. DE SAILLY\n3 J.B. SAY\n3 J. DE LA FONTAINE\n3 MOLIERE\n3 BALZAC\n1 V. HUGO\n1 DORIAN\n1 P. VALERY\n1 BOUCHER\n1 RAVEL\n2 TURGOT\n2 S. WEIL\n2 CHARLEMAGNE\n2 S. GERMAIN\n2 LAVOISIER\nLAMARTINE\nVOLTAIRE\nPAUL VALERY\n39\nRectorat de la r\u00e9gion acad\u00e9mique d'Ile-de-France, rectorat de l'acad\u00e9mie de Paris - IDF-2025-05-07-00009 - Arr\u00eat\u00e9 du 7 mai 2025\nfixant les conditions d'affectation au sein des lyc\u00e9es publics de l'acad\u00e9mie de Paris 73\nANNEXE 1 : Secteurs 1 \u00e0 3 des coll\u00e8ges 2025\n2 FENELON\n2 RACINE\n2 CONDORCET\n2 LAMARTINE\n2 COLBERT\n2 VOLTAIRE\n2 ARAGO\n2 RODIN\n2 C. MONET\n2 G.FAURE\n2 PAUL BERT\n2 E. DUBOIS\n2 BUFFON\n2 DIDEROT\n3 MONTAIGNE\n3 V. DURUY\n3 CHAPTAL\n3 J. DECOUR\n3 J. FERRY\n3 E. QUINET\n3 RABELAIS\n3 CAMILLE SEE\n3 C. BERNARD\n3 J. DE SAILLY\n3 J.B. SAY\n3 J. DE LA FONTAINE\n3 MOLIERE\n3 CARNOT\n3 BALZAC\n3 BERGSON\n1 LAVOISIER\n1 RODIN\n1 C. MONET\n1 G.FAURE\n1 PAUL BERT\n2 TURGOT\n2 V. HUGO\n2 S. WEIL\n2 CHARLEMAGNE\n2 S. GERMAIN\n2 MONTAIGNE\n2 FENELON\n2 V. DURUY\n2 RACINE\n2 LAMARTINE\n2 DORIAN\n2 P. VALERY\n2 ARAGO\n2 E. DUBOIS\n2 BUFFON\n2 CAMILLE SEE\n2 J.B. SAY\n2 BOUCHER\n2 RAVEL\n3 CHAPTAL\n3 CONDORCET\n3 J. DECOUR\n3 J. FERRY\n3 E. QUINET\n3 COLBERT\n3 VOLTAIRE\n3 RABELAIS\n3 C. BERNARD\n3 J. DE SAILLY\n3 J. DE LA FONTAINE\n3 MOLIERE\nPAUL VALERY\nRODIN\n40\nRectorat de la r\u00e9gion acad\u00e9mique d'Ile-de-France, rectorat de l'acad\u00e9mie de Paris - IDF-2025-05-07-00009 - Arr\u00eat\u00e9 du 7 mai 2025\nfixant les conditions d'affectation au sein des lyc\u00e9es publics de l'acad\u00e9mie de Paris 74\nANNEXE 1 : Secteurs 1 \u00e0 3 des coll\u00e8ges 2025\n3 CARNOT\n3 BALZAC\n3 BERGSON\n3 DIDEROT\n1 S. GERMAIN\n1 RODIN\n1 C. MONET\n1 G.FAURE\n1 PAUL BERT\n2 TURGOT\n2 V. HUGO\n2 S. WEIL\n2 CHARLEMAGNE\n2 LAVOISIER\n2 MONTAIGNE\n2 FENELON\n2 V. DURUY\n2 RACINE\n2 CONDORCET\n2 LAMARTINE\n2 DORIAN\n2 P. VALERY\n2 ARAGO\n2 E. DUBOIS\n2 BUFFON\n2 BOUCHER\n2 RAVEL\n3 CHAPTAL\n3 J. DECOUR\n3 J. FERRY\n3 E. QUINET\n3 COLBERT\n3 VOLTAIRE\n3 RABELAIS\n3 CAMILLE SEE\n3 C. BERNARD\n3 J. DE SAILLY\n3 J.B. SAY\n3 J. DE LA FONTAINE\n3 MOLIERE\n3 CARNOT\n3 BALZAC\n3 BERGSON\n3 DIDEROT\n1 CHARLEMAGNE\n1 P. VALERY\n1 RODIN\n1 C. MONET\n1 G.FAURE\n2 TURGOT\n2 V. HUGO\n2 S. WEIL\n2 S. GERMAIN\n2 LAVOISIER\n2 MONTAIGNE\n2 FENELON\n2 V. DURUY\n2 RACINE\n2 CONDORCET\n2 LAMARTINE\n2 DORIAN\n2 ARAGO\n2 PAUL BERT\n2 E. DUBOIS\n2 BUFFON\n2 BOUCHER\nRODIN\nCLAUDE MONET\nGABRIEL FAURE\n41\nRectorat de la r\u00e9gion acad\u00e9mique d'Ile-de-France, rectorat de l'acad\u00e9mie de Paris - IDF-2025-05-07-00009 - Arr\u00eat\u00e9 du 7 mai 2025\nfixant les conditions d'affectation au sein des lyc\u00e9es publics de l'acad\u00e9mie de Paris 75\nANNEXE 1 : Secteurs 1 \u00e0 3 des coll\u00e8ges 2025\n2 RAVEL\n3 CHAPTAL\n3 J. DECOUR\n3 J. FERRY\n3 E. QUINET\n3 COLBERT\n3 VOLTAIRE\n3 RABELAIS\n3 CAMILLE SEE\n3 C. BERNARD\n3 J. DE SAILLY\n3 J.B. SAY\n3 J. DE LA FONTAINE\n3 MOLIERE\n3 CARNOT\n3 BALZAC\n3 BERGSON\n3 DIDEROT\n1 V. HUGO\n1 S. WEIL\n1 P. VALERY\n1 ARAGO\n1 RAVEL\n2 TURGOT\n2 CHARLEMAGNE\n2 S. GERMAIN\n2 LAVOISIER\n2 FENELON\n2 V. DURUY\n2 RACINE\n2 CONDORCET\n2 LAMARTINE\n2 COLBERT\n2 VOLTAIRE\n2 DORIAN\n2 RODIN\n2 C. MONET\n2 G.FAURE\n2 PAUL BERT\n2 BERGSON\n2 BOUCHER\n3 MONTAIGNE\n3 CHAPTAL\n3 J. DECOUR\n3 J. FERRY\n3 E. QUINET\n3 RABELAIS\n3 E. DUBOIS\n3 BUFFON\n3 CAMILLE SEE\n3 C. BERNARD\n3 J. DE SAILLY\n3 J.B. SAY\n3 J. DE LA FONTAINE\n3 MOLIERE\n3 CARNOT\n3 BALZAC\n3 DIDEROT\n1 LAVOISIER\n1 MONTAIGNE\n1 RODIN\n1 PAUL BERT\n1 E. DUBOIS\n2 TURGOT\n2 V. HUGO\n2 CHARLEMAGNE\nGABRIEL FAURE\nJEAN-FRANCOIS OEBEN\nPAUL BERT\n42\nRectorat de la r\u00e9gion acad\u00e9mique d'Ile-de-France, rectorat de l'acad\u00e9mie de Paris - IDF-2025-05-07-00009 - Arr\u00eat\u00e9 du 7 mai 2025\nfixant les conditions d'affectation au sein des lyc\u00e9es publics de l'acad\u00e9mie de Paris 76\nANNEXE 1 : Secteurs 1 \u00e0 3 des coll\u00e8ges 2025\n2 S. GERMAIN\n2 FENELON\n2 V. DURUY\n2 RACINE\n2 CONDORCET\n2 J. FERRY\n2 LAMARTINE\n2 E. QUINET\n2 COLBERT\n2 ARAGO\n2 C. MONET\n2 G.FAURE\n2 BUFFON\n2 CAMILLE SEE\n2 J. DE SAILLY\n2 J.B. SAY\n3 S. WEIL\n3 CHAPTAL\n3 J. DECOUR\n3 VOLTAIRE\n3 DORIAN\n3 P. VALERY\n3 RABELAIS\n3 C. BERNARD\n3 J. DE LA FONTAINE\n3 MOLIERE\n3 CARNOT\n3 BALZAC\n3 BERGSON\n3 DIDEROT\n3 BOUCHER\n3 RAVEL\n1 V. DURUY\n1 PAUL BERT\n1 E. DUBOIS\n1 BUFFON\n1 CAMILLE SEE\n2 V. HUGO\n2 S. GERMAIN\n2 LAVOISIER\n2 MONTAIGNE\n2 FENELON\n2 CHAPTAL\n2 RACINE\n2 CONDORCET\n2 J. FERRY\n2 P. VALERY\n2 RODIN\n2 C. MONET\n2 G.FAURE\n2 J. DE SAILLY\n2 J.B. SAY\n2 J. DE LA FONTAINE\n2 BALZAC\n3 TURGOT\n3 S. WEIL\n3 CHARLEMAGNE\n3 J. DECOUR\n3 LAMARTINE\n3 E. QUINET\n3 COLBERT\n3 VOLTAIRE\n3 DORIAN\n3 ARAGO\n3 RABELAIS\n3 C. BERNARD\nPAUL BERT\nFRANCOIS VILLON\n43\nRectorat de la r\u00e9gion acad\u00e9mique d'Ile-de-France, rectorat de l'acad\u00e9mie de Paris - IDF-2025-05-07-00009 - Arr\u00eat\u00e9 du 7 mai 2025\nfixant les conditions d'affectation au sein des lyc\u00e9es publics de l'acad\u00e9mie de Paris 77\nANNEXE 1 : Secteurs 1 \u00e0 3 des coll\u00e8ges 2025\n3 MOLIERE\n3 CARNOT\n3 BERGSON\n3 DIDEROT\n3 BOUCHER\n3 RAVEL\n1 V. DURUY\n1 RODIN\n1 PAUL BERT\n1 BUFFON\n1 CAMILLE SEE\n2 TURGOT\n2 LAVOISIER\n2 MONTAIGNE\n2 FENELON\n2 CHAPTAL\n2 RACINE\n2 CONDORCET\n2 J. FERRY\n2 E. QUINET\n2 C. MONET\n2 G.FAURE\n2 E. DUBOIS\n2 C. BERNARD\n2 J. DE SAILLY\n2 J.B. SAY\n2 J. DE LA FONTAINE\n2 MOLIERE\n2 BALZAC\n3 V. HUGO\n3 S. WEIL\n3 CHARLEMAGNE\n3 S. GERMAIN\n3 J. DECOUR\n3 LAMARTINE\n3 COLBERT\n3 VOLTAIRE\n3 DORIAN\n3 P. VALERY\n3 ARAGO\n3 RABELAIS\n3 CARNOT\n3 BERGSON\n3 DIDEROT\n3 BOUCHER\n3 RAVEL\n1 BUFFON\n1 CAMILLE SEE\n1 C. BERNARD\n1 J.B. SAY\n1 MOLIERE\n2 TURGOT\n2 V. HUGO\n2 S. WEIL\n2 S. GERMAIN\n2 LAVOISIER\n2 MONTAIGNE\n2 FENELON\n2 V. DURUY\n2 RACINE\n2 CONDORCET\n2 J. FERRY\n2 LAMARTINE\n2 E. QUINET\n2 RODIN\n2 PAUL BERTCAMILLE SEE\nFRANCOIS VILLON\nBUFFON\n44\nRectorat de la r\u00e9gion acad\u00e9mique d'Ile-de-France, rectorat de l'acad\u00e9mie de Paris - IDF-2025-05-07-00009 - Arr\u00eat\u00e9 du 7 mai 2025\nfixant les conditions d'affectation au sein des lyc\u00e9es publics de l'acad\u00e9mie de Paris 78\nANNEXE 1 : Secteurs 1 \u00e0 3 des coll\u00e8ges 2025\n2 E. DUBOIS\n2 J. DE SAILLY\n2 J. DE LA FONTAINE\n3 CHARLEMAGNE\n3 CHAPTAL\n3 J. DECOUR\n3 COLBERT\n3 VOLTAIRE\n3 DORIAN\n3 P. VALERY\n3 ARAGO\n3 C. MONET\n3 G.FAURE\n3 RABELAIS\n3 CARNOT\n3 BALZAC\n3 BERGSON\n3 DIDEROT\n3 BOUCHER\n3 RAVEL\n1 C. BERNARD\n1 J. DE SAILLY\n1 J.B. SAY\n1 J. DE LA FONTAINE\n1 MOLIERE\n2 TURGOT\n2 V. HUGO\n2 CHARLEMAGNE\n2 S. GERMAIN\n2 MONTAIGNE\n2 FENELON\n2 V. DURUY\n2 CHAPTAL\n2 RACINE\n2 CONDORCET\n2 J. FERRY\n2 LAMARTINE\n2 PAUL BERT\n2 E. DUBOIS\n2 BUFFON\n2 CAMILLE SEE\n2 CARNOT\n2 BALZAC\n3 S. WEIL\n3 LAVOISIER\n3 J. DECOUR\n3 E. QUINET\n3 COLBERT\n3 VOLTAIRE\n3 DORIAN\n3 P. VALERY\n3 ARAGO\n3 RODIN\n3 C. MONET\n3 G.FAURE\n3 RABELAIS\n3 BERGSON\n3 DIDEROT\n3 BOUCHER\n3 RAVEL\n1 C. BERNARD\n1 J. DE SAILLY\n1 J.B. SAY\n1 J. DE LA FONTAINE\n1 MOLIERE\n2 TURGOT\nCAMILLE SEE\nCLAUDE BERNARD\nJANSON DE SAILLY\n45\nRectorat de la r\u00e9gion acad\u00e9mique d'Ile-de-France, rectorat de l'acad\u00e9mie de Paris - IDF-2025-05-07-00009 - Arr\u00eat\u00e9 du 7 mai 2025\nfixant les conditions d'affectation au sein des lyc\u00e9es publics de l'acad\u00e9mie de Paris 79\nANNEXE 1 : Secteurs 1 \u00e0 3 des coll\u00e8ges 2025\n2 V. HUGO\n2 S. WEIL\n2 CHARLEMAGNE\n2 S. GERMAIN\n2 FENELON\n2 V. DURUY\n2 CHAPTAL\n2 RACINE\n2 CONDORCET\n2 J. DECOUR\n2 J. FERRY\n2 LAMARTINE\n2 E. QUINET\n2 PAUL BERT\n2 BUFFON\n2 CAMILLE SEE\n2 CARNOT\n2 BALZAC\n3 LAVOISIER\n3 MONTAIGNE\n3 COLBERT\n3 VOLTAIRE\n3 DORIAN\n3 P. VALERY\n3 ARAGO\n3 RODIN\n3 C. MONET\n3 G.FAURE\n3 RABELAIS\n3 E. DUBOIS\n3 BERGSON\n3 DIDEROT\n3 BOUCHER\n3 RAVEL\n1 C. BERNARD\n1 J. DE SAILLY\n1 J.B. SAY\n1 J. DE LA FONTAINE\n1 MOLIERE\n2 TURGOT\n2 V. HUGO\n2 CHARLEMAGNE\n2 S. GERMAIN\n2 LAVOISIER\n2 MONTAIGNE\n2 FENELON\n2 V. DURUY\n2 CHAPTAL\n2 RACINE\n2 CONDORCET\n2 J. FERRY\n2 LAMARTINE\n2 RODIN\n2 PAUL BERT\n2 E. DUBOIS\n2 BUFFON\n2 CAMILLE SEE\n2 CARNOT\n3 S. WEIL\n3 J. DECOUR\n3 E. QUINET\n3 COLBERT\n3 VOLTAIRE\n3 DORIAN\n3 P. VALERY\n3 ARAGO\nJANSON DE SAILLY\nJEAN-BAPTISTE SAY\n46\nRectorat de la r\u00e9gion acad\u00e9mique d'Ile-de-France, rectorat de l'acad\u00e9mie de Paris - IDF-2025-05-07-00009 - Arr\u00eat\u00e9 du 7 mai 2025\nfixant les conditions d'affectation au sein des lyc\u00e9es publics de l'acad\u00e9mie de Paris 80\nANNEXE 1 : Secteurs 1 \u00e0 3 des coll\u00e8ges 2025\n3 C. MONET\n3 G.FAURE\n3 RABELAIS\n3 BALZAC\n3 BERGSON\n3 DIDEROT\n3 BOUCHER\n3 RAVEL\n1 C. BERNARD\n1 J. DE SAILLY\n1 J.B. SAY\n1 J. DE LA FONTAINE\n1 MOLIERE\n2 TURGOT\n2 V. HUGO\n2 MONTAIGNE\n2 FENELON\n2 V. DURUY\n2 CHAPTAL\n2 RACINE\n2 CONDORCET\n2 J. DECOUR\n2 J. FERRY\n2 LAMARTINE\n2 E. QUINET\n2 PAUL BERT\n2 E. DUBOIS\n2 BUFFON\n2 CAMILLE SEE\n2 CARNOT\n2 BALZAC\n3 S. WEIL\n3 CHARLEMAGNE\n3 S. GERMAIN\n3 LAVOISIER\n3 COLBERT\n3 VOLTAIRE\n3 DORIAN\n3 P. VALERY\n3 ARAGO\n3 RODIN\n3 C. MONET\n3 G.FAURE\n3 RABELAIS\n3 BERGSON\n3 DIDEROT\n3 BOUCHER\n3 RAVEL\n1 C. BERNARD\n1 J. DE SAILLY\n1 J.B. SAY\n1 J. DE LA FONTAINE\n1 MOLIERE\n2 TURGOT\n2 V. HUGO\n2 S. WEIL\n2 CHARLEMAGNE\n2 S. GERMAIN\n2 FENELON\n2 V. DURUY\n2 CHAPTAL\n2 RACINE\n2 CONDORCET\n2 J. FERRY\n2 LAMARTINE\n2 E. QUINET\nJEAN-BAPTISTE SAY\nJEAN DE LA FONTAINE\nMOLIERE 47\nRectorat de la r\u00e9gion acad\u00e9mique d'Ile-de-France, rectorat de l'acad\u00e9mie de Paris - IDF-2025-05-07-00009 - Arr\u00eat\u00e9 du 7 mai 2025\nfixant les conditions d'affectation au sein des lyc\u00e9es publics de l'acad\u00e9mie de Paris 81\nANNEXE 1 : Secteurs 1 \u00e0 3 des coll\u00e8ges 2025\n2 PAUL BERT\n2 BUFFON\n2 CAMILLE SEE\n2 CARNOT\n2 BALZAC\n3 LAVOISIER\n3 MONTAIGNE\n3 J. DECOUR\n3 COLBERT\n3 VOLTAIRE\n3 DORIAN\n3 P. VALERY\n3 ARAGO\n3 RODIN\n3 C. MONET\n3 G.FAURE\n3 RABELAIS\n3 E. DUBOIS\n3 BERGSON\n3 DIDEROT\n3 BOUCHER\n3 RAVEL\n1 CHAPTAL\n1 E. QUINET\n1 J. DE SAILLY\n1 CARNOT\n1 BALZAC\n2 TURGOT\n2 S. WEIL\n2 CHARLEMAGNE\n2 S. GERMAIN\n2 FENELON\n2 V. DURUY\n2 RACINE\n2 CONDORCET\n2 J. DECOUR\n2 J. FERRY\n2 LAMARTINE\n2 COLBERT\n2 VOLTAIRE\n2 ARAGO\n2 RABELAIS\n2 BUFFON\n2 CAMILLE SEE\n2 MOLIERE\n2 BERGSON\n3 V. HUGO\n3 LAVOISIER\n3 MONTAIGNE\n3 DORIAN\n3 P. VALERY\n3 RODIN\n3 C. MONET\n3 G.FAURE\n3 PAUL BERT\n3 E. DUBOIS\n3 C. BERNARD\n3 J.B. SAY\n3 J. DE LA FONTAINE\n3 DIDEROT\n3 BOUCHER\n3 RAVEL\n1 RACINE\n1 J. FERRY\n1 RABELAIS\n1 J. DE SAILLY\nMOLIERE\nCARNOT\nHONORE DE BALZAC\n48\nRectorat de la r\u00e9gion acad\u00e9mique d'Ile-de-France, rectorat de l'acad\u00e9mie de Paris - IDF-2025-05-07-00009 - Arr\u00eat\u00e9 du 7 mai 2025\nfixant les conditions d'affectation au sein des lyc\u00e9es publics de l'acad\u00e9mie de Paris 82\nANNEXE 1 : Secteurs 1 \u00e0 3 des coll\u00e8ges 2025\n1 BALZAC\n2 TURGOT\n2 V. HUGO\n2 S. GERMAIN\n2 FENELON\n2 V. DURUY\n2 CHAPTAL\n2 CONDORCET\n2 J. DECOUR\n2 LAMARTINE\n2 E. QUINET\n2 COLBERT\n2 VOLTAIRE\n2 PAUL BERT\n2 E. DUBOIS\n2 BUFFON\n2 J.B. SAY\n2 MOLIERE\n2 CARNOT\n2 BERGSON\n3 S. WEIL\n3 CHARLEMAGNE\n3 LAVOISIER\n3 MONTAIGNE\n3 DORIAN\n3 P. VALERY\n3 ARAGO\n3 RODIN\n3 C. MONET\n3 G.FAURE\n3 CAMILLE SEE\n3 C. BERNARD\n3 J. DE LA FONTAINE\n3 DIDEROT\n3 BOUCHER\n3 RAVEL\n1 RACINE\n1 J. FERRY\n1 RABELAIS\n1 CARNOT\n1 BALZAC\n2 TURGOT\n2 V. HUGO\n2 S. GERMAIN\n2 FENELON\n2 V. DURUY\n2 CHAPTAL\n2 CONDORCET\n2 J. DECOUR\n2 LAMARTINE\n2 E. QUINET\n2 COLBERT\n2 VOLTAIRE\n2 PAUL BERT\n2 E. DUBOIS\n2 BUFFON\n2 CAMILLE SEE\n2 J. DE SAILLY\n2 MOLIERE\n2 BERGSON\n3 S. WEIL\n3 CHARLEMAGNE\n3 LAVOISIER\n3 MONTAIGNE\n3 DORIAN\n3 P. VALERY\nHONORE DE BALZAC\nSTEPHANE MALLARME\n49\nRectorat de la r\u00e9gion acad\u00e9mique d'Ile-de-France, rectorat de l'acad\u00e9mie de Paris - IDF-2025-05-07-00009 - Arr\u00eat\u00e9 du 7 mai 2025\nfixant les conditions d'affectation au sein des lyc\u00e9es publics de l'acad\u00e9mie de Paris 83\nANNEXE 1 : Secteurs 1 \u00e0 3 des coll\u00e8ges 2025\n3 ARAGO\n3 RODIN\n3 C. MONET\n3 G.FAURE\n3 C. BERNARD\n3 J.B. SAY\n3 J. DE LA FONTAINE\n3 DIDEROT\n3 BOUCHER\n3 RAVEL\n1 TURGOT\n1 CHAPTAL\n1 COLBERT\n1 BERGSON\n1 DIDEROT\n2 V. HUGO\n2 S. WEIL\n2 S. GERMAIN\n2 LAVOISIER\n2 MONTAIGNE\n2 FENELON\n2 RACINE\n2 CONDORCET\n2 J. DECOUR\n2 J. FERRY\n2 LAMARTINE\n2 E. QUINET\n2 VOLTAIRE\n2 DORIAN\n2 ARAGO\n2 RABELAIS\n2 CARNOT\n2 BOUCHER\n2 RAVEL\n3 CHARLEMAGNE\n3 V. DURUY\n3 P. VALERY\n3 RODIN\n3 C. MONET\n3 G.FAURE\n3 PAUL BERT\n3 E. DUBOIS\n3 BUFFON\n3 CAMILLE SEE\n3 C. BERNARD\n3 J. DE SAILLY\n3 J.B. SAY\n3 J. DE LA FONTAINE\n3 MOLIERE\n3 BALZAC\n1 V. HUGO\n1 DORIAN\n1 P. VALERY\n1 ARAGO\n1 BOUCHER\n2 TURGOT\n2 S. WEIL\n2 CHARLEMAGNE\n2 S. GERMAIN\n2 FENELON\n2 RACINE\n2 CONDORCET\n2 J. DECOUR\n2 COLBERT\n2 VOLTAIRE\n2 RODIN\nSTEPHANE MALLARME\nHENRI BERGSON\nHELENE BOUCHER\n50\nRectorat de la r\u00e9gion acad\u00e9mique d'Ile-de-France, rectorat de l'acad\u00e9mie de Paris - IDF-2025-05-07-00009 - Arr\u00eat\u00e9 du 7 mai 2025\nfixant les conditions d'affectation au sein des lyc\u00e9es publics de l'acad\u00e9mie de Paris 84\nANNEXE 1 : Secteurs 1 \u00e0 3 des coll\u00e8ges 2025\n2 C. MONET\n2 G.FAURE\n2 PAUL BERT\n2 BUFFON\n2 BERGSON\n2 DIDEROT\n2 RAVEL\n3 LAVOISIER\n3 MONTAIGNE\n3 V. DURUY\n3 CHAPTAL\n3 J. FERRY\n3 LAMARTINE\n3 E. QUINET\n3 RABELAIS\n3 E. DUBOIS\n3 CAMILLE SEE\n3 C. BERNARD\n3 J. DE SAILLY\n3 J.B. SAY\n3 J. DE LA FONTAINE\n3 MOLIERE\n3 CARNOT\n3 BALZAC\n1 S. GERMAIN\n1 DORIAN\n1 P. VALERY\n1 ARAGO\n1 RAVEL\n2 TURGOT\n2 V. HUGO\n2 S. WEIL\n2 CHARLEMAGNE\n2 LAVOISIER\n2 FENELON\n2 RACINE\n2 CONDORCET\n2 J. DECOUR\n2 COLBERT\n2 VOLTAIRE\n2 RODIN\n2 C. MONET\n2 G.FAURE\n2 PAUL BERT\n2 BERGSON\n2 DIDEROT\n2 BOUCHER\n3 MONTAIGNE\n3 V. DURUY\n3 CHAPTAL\n3 J. FERRY\n3 LAMARTINE\n3 E. QUINET\n3 RABELAIS\n3 E. DUBOIS\n3 BUFFON\n3 CAMILLE SEE\n3 C. BERNARD\n3 J. DE SAILLY\n3 J.B. SAY\n3 J. DE LA FONTAINE\n3 MOLIERE\n3 CARNOT\n3 BALZAC\n1 J. DECOUR\n1 J. FERRY\nGEORGES MELIES\nHELENE BOUCHER\nMAURICE RAVEL\n51\nRectorat de la r\u00e9gion acad\u00e9mique d'Ile-de-France, rectorat de l'acad\u00e9mie de Paris - IDF-2025-05-07-00009 - Arr\u00eat\u00e9 du 7 mai 2025\nfixant les conditions d'affectation au sein des lyc\u00e9es publics de l'acad\u00e9mie de Paris 85\nANNEXE 1 : Secteurs 1 \u00e0 3 des coll\u00e8ges 2025\n1 LAMARTINE\n1 COLBERT\n1 BERGSON\n2 TURGOT\n2 V. HUGO\n2 S. WEIL\n2 CHARLEMAGNE\n2 S. GERMAIN\n2 LAVOISIER\n2 MONTAIGNE\n2 FENELON\n2 CHAPTAL\n2 RACINE\n2 CONDORCET\n2 E. QUINET\n2 VOLTAIRE\n2 DORIAN\n2 ARAGO\n2 RABELAIS\n2 CARNOT\n2 DIDEROT\n2 BOUCHER\n3 V. DURUY\n3 P. VALERY\n3 RODIN\n3 C. MONET\n3 G.FAURE\n3 PAUL BERT\n3 E. DUBOIS\n3 BUFFON\n3 CAMILLE SEE\n3 C. BERNARD\n3 J. DE SAILLY\n3 J.B. SAY\n3 J. DE LA FONTAINE\n3 MOLIERE\n3 BALZAC\n3 RAVEL\n1 LAVOISIER\n1 S. WEIL\n1 CHARLEMAGNE\n1 S. GERMAIN\n1 VOLTAIRE\n2 TURGOT\n2 V. HUGO\n2 MONTAIGNE\n2 FENELON\n2 V. DURUY\n2 RACINE\n2 CONDORCET\n2 J. DECOUR\n2 LAMARTINE\n2 E. QUINET\n2 COLBERT\n2 DORIAN\n2 ARAGO\n2 RODIN\n2 C. MONET\n2 G.FAURE\n2 PAUL BERT\n2 BOUCHER\n2 RAVEL\n3 CHAPTAL\n3 J. FERRY\n3 P. VALERY\n3 RABELAIS\nGEORGES MELIES\nFRANCOIS COUPERIN\n52\nRectorat de la r\u00e9gion acad\u00e9mique d'Ile-de-France, rectorat de l'acad\u00e9mie de Paris - IDF-2025-05-07-00009 - Arr\u00eat\u00e9 du 7 mai 2025\nfixant les conditions d'affectation au sein des lyc\u00e9es publics de l'acad\u00e9mie de Paris 86\nANNEXE 1 : Secteurs 1 \u00e0 3 des coll\u00e8ges 2025\n3 E. DUBOIS\n3 BUFFON\n3 CAMILLE SEE\n3 C. BERNARD\n3 J. DE SAILLY\n3 J.B. SAY\n3 J. DE LA FONTAINE\n3 MOLIERE\n3 CARNOT\n3 BALZAC\n3 BERGSON\n3 DIDEROT\n1 LAVOISIER\n1 P. VALERY\n1 RODIN\n1 C. MONET\n1 G.FAURE\n2 TURGOT\n2 V. HUGO\n2 S. WEIL\n2 CHARLEMAGNE\n2 S. GERMAIN\n2 MONTAIGNE\n2 FENELON\n2 V. DURUY\n2 RACINE\n2 CONDORCET\n2 LAMARTINE\n2 ARAGO\n2 PAUL BERT\n2 E. DUBOIS\n2 BUFFON\n2 BOUCHER\n2 RAVEL\n3 CHAPTAL\n3 J. DECOUR\n3 J. FERRY\n3 E. QUINET\n3 COLBERT\n3 VOLTAIRE\n3 DORIAN\n3 RABELAIS\n3 CAMILLE SEE\n3 C. BERNARD\n3 J. DE SAILLY\n3 J.B. SAY\n3 J. DE LA FONTAINE\n3 MOLIERE\n3 CARNOT\n3 BALZAC\n3 BERGSON\n3 DIDEROT\n1 TURGOT\n1 S. GERMAIN\n1 COLBERT\n1 BERGSON\n1 DIDEROT\n2 V. HUGO\n2 S. WEIL\n2 CHARLEMAGNE\n2 LAVOISIER\n2 FENELON\n2 CHAPTAL\n2 RACINE\n2 CONDORCET\n2 J. DECOUR\nFRANCOIS COUPERIN\nCAMILLE CLAUDEL\nGUILLAUME BUDE\n53\nRectorat de la r\u00e9gion acad\u00e9mique d'Ile-de-France, rectorat de l'acad\u00e9mie de Paris - IDF-2025-05-07-00009 - Arr\u00eat\u00e9 du 7 mai 2025\nfixant les conditions d'affectation au sein des lyc\u00e9es publics de l'acad\u00e9mie de Paris 87\nANNEXE 1 : Secteurs 1 \u00e0 3 des coll\u00e8ges 2025\n2 J. FERRY\n2 LAMARTINE\n2 E. QUINET\n2 VOLTAIRE\n2 DORIAN\n2 P. VALERY\n2 ARAGO\n2 BOUCHER\n2 RAVEL\n3 MONTAIGNE\n3 V. DURUY\n3 RODIN\n3 C. MONET\n3 G.FAURE\n3 RABELAIS\n3 PAUL BERT\n3 E. DUBOIS\n3 BUFFON\n3 CAMILLE SEE\n3 C. BERNARD\n3 J. DE SAILLY\n3 J.B. SAY\n3 J. DE LA FONTAINE\n3 MOLIERE\n3 CARNOT\n3 BALZAC\n1 TURGOT\n1 VOLTAIRE\n1 BERGSON\n1 BOUCHER\n1 RAVEL\n2 V. HUGO\n2 S. WEIL\n2 CHARLEMAGNE\n2 S. GERMAIN\n2 FENELON\n2 CHAPTAL\n2 RACINE\n2 CONDORCET\n2 J. DECOUR\n2 J. FERRY\n2 LAMARTINE\n2 E. QUINET\n2 COLBERT\n2 DORIAN\n2 P. VALERY\n2 ARAGO\n2 CARNOT\n2 DIDEROT\n3 LAVOISIER\n3 MONTAIGNE\n3 V. DURUY\n3 RODIN\n3 C. MONET\n3 G.FAURE\n3 RABELAIS\n3 PAUL BERT\n3 E. DUBOIS\n3 BUFFON\n3 CAMILLE SEE\n3 C. BERNARD\n3 J. DE SAILLY\n3 J.B. SAY\n3 J. DE LA FONTAINE\n3 MOLIERE\n3 BALZAC\nGUILLAUME BUDE\nLEON GAMBETTA\n54\nRectorat de la r\u00e9gion acad\u00e9mique d'Ile-de-France, rectorat de l'acad\u00e9mie de Paris - IDF-2025-05-07-00009 - Arr\u00eat\u00e9 du 7 mai 2025\nfixant les conditions d'affectation au sein des lyc\u00e9es publics de l'acad\u00e9mie de Paris 88\nANNEXE 1 : Secteurs 1 \u00e0 3 des coll\u00e8ges 2025\n1 TURGOT\n1 LAVOISIER\n1 FENELON\n1 LAMARTINE\n1 E. QUINET\n2 V. HUGO\n2 S. WEIL\n2 CHARLEMAGNE\n2 S. GERMAIN\n2 MONTAIGNE\n2 CHAPTAL\n2 RACINE\n2 CONDORCET\n2 J. DECOUR\n2 J. FERRY\n2 COLBERT\n2 VOLTAIRE\n2 ARAGO\n2 RABELAIS\n2 PAUL BERT\n2 CARNOT\n2 BALZAC\n2 BERGSON\n2 DIDEROT\n3 V. DURUY\n3 DORIAN\n3 P. VALERY\n3 RODIN\n3 C. MONET\n3 G.FAURE\n3 E. DUBOIS\n3 BUFFON\n3 CAMILLE SEE\n3 C. BERNARD\n3 J. DE SAILLY\n3 J.B. SAY\n3 J. DE LA FONTAINE\n3 MOLIERE\n3 BOUCHER\n3 RAVEL\n1 LAVOISIER\n1 RODIN\n1 C. MONET\n1 G.FAURE\n1 E. DUBOIS\n2 V. HUGO\n2 S. WEIL\n2 CHARLEMAGNE\n2 S. GERMAIN\n2 MONTAIGNE\n2 FENELON\n2 V. DURUY\n2 CONDORCET\n2 LAMARTINE\n2 COLBERT\n2 P. VALERY\n2 ARAGO\n2 PAUL BERT\n2 BUFFON\n2 CAMILLE SEE\n2 BOUCHER\n2 RAVEL\n3 TURGOT\n3 CHAPTAL\n3 RACINE\n3 J. DECOUR\nBERNARD PALISSY\nGEORGES BRAQUE\n55\nRectorat de la r\u00e9gion acad\u00e9mique d'Ile-de-France, rectorat de l'acad\u00e9mie de Paris - IDF-2025-05-07-00009 - Arr\u00eat\u00e9 du 7 mai 2025\nfixant les conditions d'affectation au sein des lyc\u00e9es publics de l'acad\u00e9mie de Paris 89\nANNEXE 1 : Secteurs 1 \u00e0 3 des coll\u00e8ges 2025\n3 J. FERRY\n3 E. QUINET\n3 VOLTAIRE\n3 DORIAN\n3 RABELAIS\n3 C. BERNARD\n3 J. DE SAILLY\n3 J.B. SAY\n3 J. DE LA FONTAINE\n3 MOLIERE\n3 CARNOT\n3 BALZAC\n3 BERGSON\n3 DIDEROT\n1 CHAPTAL\n1 RABELAIS\n1 J. DE SAILLY\n1 CARNOT\n1 BALZAC\n2 TURGOT\n2 V. HUGO\n2 S. WEIL\n2 CHARLEMAGNE\n2 S. GERMAIN\n2 V. DURUY\n2 RACINE\n2 CONDORCET\n2 J. DECOUR\n2 J. FERRY\n2 LAMARTINE\n2 E. QUINET\n2 COLBERT\n2 VOLTAIRE\n2 BUFFON\n2 C. BERNARD\n2 J.B. SAY\n2 J. DE LA FONTAINE\n2 MOLIERE\n3 LAVOISIER\n3 MONTAIGNE\n3 FENELON\n3 DORIAN\n3 P. VALERY\n3 ARAGO\n3 RODIN\n3 C. MONET\n3 G.FAURE\n3 PAUL BERT\n3 E. DUBOIS\n3 CAMILLE SEE\n3 BERGSON\n3 DIDEROT\n3 BOUCHER\n3 RAVEL\n1 VOLTAIRE\n1 ARAGO\n1 DIDEROT\n1 BOUCHER\n1 RAVEL\n2 TURGOT\n2 V. HUGO\n2 S. WEIL\n2 CHARLEMAGNE\n2 S. GERMAIN\n2 FENELON\n2 CHAPTAL\nGEORGES BRAQUE\nBORIS VIAN\nFLORA TRISTAN\n56\nRectorat de la r\u00e9gion acad\u00e9mique d'Ile-de-France, rectorat de l'acad\u00e9mie de Paris - IDF-2025-05-07-00009 - Arr\u00eat\u00e9 du 7 mai 2025\nfixant les conditions d'affectation au sein des lyc\u00e9es publics de l'acad\u00e9mie de Paris 90\nANNEXE 1 : Secteurs 1 \u00e0 3 des coll\u00e8ges 2025\n2 RACINE\n2 CONDORCET\n2 J. DECOUR\n2 J. FERRY\n2 LAMARTINE\n2 E. QUINET\n2 COLBERT\n2 DORIAN\n2 P. VALERY\n2 RODIN\n2 BERGSON\n3 LAVOISIER\n3 MONTAIGNE\n3 V. DURUY\n3 C. MONET\n3 G.FAURE\n3 RABELAIS\n3 PAUL BERT\n3 E. DUBOIS\n3 BUFFON\n3 CAMILLE SEE\n3 C. BERNARD\n3 J. DE SAILLY\n3 J.B. SAY\n3 J. DE LA FONTAINE\n3 MOLIERE\n3 CARNOT\n3 BALZAC\n1 FENELON\n1 CHAPTAL\n1 LAMARTINE\n1 COLBERT\n1 VOLTAIRE\n2 TURGOT\n2 V. HUGO\n2 S. WEIL\n2 CHARLEMAGNE\n2 S. GERMAIN\n2 LAVOISIER\n2 RACINE\n2 CONDORCET\n2 J. DECOUR\n2 J. FERRY\n2 E. QUINET\n2 DORIAN\n2 ARAGO\n2 RABELAIS\n2 CARNOT\n2 BERGSON\n2 DIDEROT\n2 BOUCHER\n2 RAVEL\n3 MONTAIGNE\n3 V. DURUY\n3 P. VALERY\n3 RODIN\n3 C. MONET\n3 G.FAURE\n3 PAUL BERT\n3 E. DUBOIS\n3 BUFFON\n3 CAMILLE SEE\n3 C. BERNARD\n3 J. DE SAILLY\n3 J.B. SAY\n3 J. DE LA FONTAINE\nFLORA TRISTAN\nLA GRANGE AUX BELLES\n57\nRectorat de la r\u00e9gion acad\u00e9mique d'Ile-de-France, rectorat de l'acad\u00e9mie de Paris - IDF-2025-05-07-00009 - Arr\u00eat\u00e9 du 7 mai 2025\nfixant les conditions d'affectation au sein des lyc\u00e9es publics de l'acad\u00e9mie de Paris 91\nANNEXE 1 : Secteurs 1 \u00e0 3 des coll\u00e8ges 2025\n3 MOLIERE\n3 BALZAC\n1 RACINE\n1 CONDORCET\n1 LAMARTINE\n1 COLBERT\n1 BERGSON\n2 TURGOT\n2 V. HUGO\n2 S. WEIL\n2 CHARLEMAGNE\n2 S. GERMAIN\n2 LAVOISIER\n2 FENELON\n2 CHAPTAL\n2 J. DECOUR\n2 J. FERRY\n2 E. QUINET\n2 VOLTAIRE\n2 DORIAN\n2 ARAGO\n2 RABELAIS\n2 PAUL BERT\n2 CARNOT\n2 BALZAC\n2 DIDEROT\n3 MONTAIGNE\n3 V. DURUY\n3 P. VALERY\n3 RODIN\n3 C. MONET\n3 G.FAURE\n3 E. DUBOIS\n3 BUFFON\n3 CAMILLE SEE\n3 C. BERNARD\n3 J. DE SAILLY\n3 J.B. SAY\n3 J. DE LA FONTAINE\n3 MOLIERE\n3 BOUCHER\n3 RAVEL\n1 S. GERMAIN\n1 P. VALERY\n1 RODIN\n1 C. MONET\n1 G.FAURE\n2 TURGOT\n2 V. HUGO\n2 S. WEIL\n2 CHARLEMAGNE\n2 LAVOISIER\n2 MONTAIGNE\n2 FENELON\n2 V. DURUY\n2 RACINE\n2 CONDORCET\n2 LAMARTINE\n2 DORIAN\n2 ARAGO\n2 PAUL BERT\n2 E. DUBOIS\n2 BUFFON\n2 BOUCHER\n2 RAVEL\n3 CHAPTAL\nLA GRANGE AUX BELLES\nEDMOND MICHELET\nGUSTAVE FLAUBERT\n58\nRectorat de la r\u00e9gion acad\u00e9mique d'Ile-de-France, rectorat de l'acad\u00e9mie de Paris - IDF-2025-05-07-00009 - Arr\u00eat\u00e9 du 7 mai 2025\nfixant les conditions d'affectation au sein des lyc\u00e9es publics de l'acad\u00e9mie de Paris 92\nANNEXE 1 : Secteurs 1 \u00e0 3 des coll\u00e8ges 2025\n3 J. DECOUR\n3 J. FERRY\n3 E. QUINET\n3 COLBERT\n3 VOLTAIRE\n3 RABELAIS\n3 CAMILLE SEE\n3 C. BERNARD\n3 J. DE SAILLY\n3 J.B. SAY\n3 J. DE LA FONTAINE\n3 MOLIERE\n3 CARNOT\n3 BALZAC\n3 BERGSON\n3 DIDEROT\n1 S. GERMAIN\n1 DORIAN\n1 P. VALERY\n1 BOUCHER\n1 RAVEL\n2 TURGOT\n2 V. HUGO\n2 S. WEIL\n2 CHARLEMAGNE\n2 FENELON\n2 RACINE\n2 CONDORCET\n2 LAMARTINE\n2 COLBERT\n2 VOLTAIRE\n2 ARAGO\n2 RODIN\n2 C. MONET\n2 G.FAURE\n2 PAUL BERT\n2 E. DUBOIS\n2 BUFFON\n2 DIDEROT\n3 LAVOISIER\n3 MONTAIGNE\n3 V. DURUY\n3 CHAPTAL\n3 J. DECOUR\n3 J. FERRY\n3 E. QUINET\n3 RABELAIS\n3 CAMILLE SEE\n3 C. BERNARD\n3 J. DE SAILLY\n3 J.B. SAY\n3 J. DE LA FONTAINE\n3 MOLIERE\n3 CARNOT\n3 BALZAC\n3 BERGSON\n1 CHARLEMAGNE\n1 RODIN\n1 C. MONET\n1 G.FAURE\n1 E. DUBOIS\n2 TURGOT\n2 V. HUGO\n2 S. WEIL\n2 S. GERMAIN\n2 LAVOISIER\nGERMAINE TILLION\nEVARISTE GALOIS\nGUSTAVE FLAUBERT\n59\nRectorat de la r\u00e9gion acad\u00e9mique d'Ile-de-France, rectorat de l'acad\u00e9mie de Paris - IDF-2025-05-07-00009 - Arr\u00eat\u00e9 du 7 mai 2025\nfixant les conditions d'affectation au sein des lyc\u00e9es publics de l'acad\u00e9mie de Paris 93\nANNEXE 1 : Secteurs 1 \u00e0 3 des coll\u00e8ges 2025\n2 MONTAIGNE\n2 FENELON\n2 V. DURUY\n2 RACINE\n2 CONDORCET\n2 LAMARTINE\n2 P. VALERY\n2 ARAGO\n2 PAUL BERT\n2 BUFFON\n2 BOUCHER\n2 RAVEL\n3 CHAPTAL\n3 J. DECOUR\n3 J. FERRY\n3 E. QUINET\n3 COLBERT\n3 VOLTAIRE\n3 DORIAN\n3 RABELAIS\n3 CAMILLE SEE\n3 C. BERNARD\n3 J. DE SAILLY\n3 J.B. SAY\n3 J. DE LA FONTAINE\n3 MOLIERE\n3 CARNOT\n3 BALZAC\n3 BERGSON\n3 DIDEROT\n1 COLBERT\n1 BERGSON\n1 DIDEROT\n1 BOUCHER\n1 RAVEL\n2 TURGOT\n2 V. HUGO\n2 S. WEIL\n2 LAVOISIER\n2 MONTAIGNE\n2 FENELON\n2 CHAPTAL\n2 CONDORCET\n2 J. DECOUR\n2 J. FERRY\n2 LAMARTINE\n2 E. QUINET\n2 VOLTAIRE\n2 DORIAN\n2 P. VALERY\n2 ARAGO\n2 RABELAIS\n2 BALZAC\n3 CHARLEMAGNE\n3 S. GERMAIN\n3 V. DURUY\n3 RACINE\n3 RODIN\n3 C. MONET\n3 G.FAURE\n3 PAUL BERT\n3 E. DUBOIS\n3 BUFFON\n3 CAMILLE SEE\n3 C. BERNARD\n3 J. DE SAILLY\nEVARISTE GALOIS\nGEORGES ROUAULT\n60\nRectorat de la r\u00e9gion acad\u00e9mique d'Ile-de-France, rectorat de l'acad\u00e9mie de Paris - IDF-2025-05-07-00009 - Arr\u00eat\u00e9 du 7 mai 2025\nfixant les conditions d'affectation au sein des lyc\u00e9es publics de l'acad\u00e9mie de Paris 94\nANNEXE 1 : Secteurs 1 \u00e0 3 des coll\u00e8ges 2025\n3 J.B. SAY\n3 J. DE LA FONTAINE\n3 MOLIERE\n3 CARNOT\n1 DORIAN\n1 P. VALERY\n1 ARAGO\n1 BOUCHER\n1 RAVEL\n2 TURGOT\n2 V. HUGO\n2 S. WEIL\n2 CHARLEMAGNE\n2 S. GERMAIN\n2 FENELON\n2 CHAPTAL\n2 RACINE\n2 CONDORCET\n2 J. DECOUR\n2 LAMARTINE\n2 E. QUINET\n2 COLBERT\n2 VOLTAIRE\n2 RODIN\n2 C. MONET\n2 BERGSON\n2 DIDEROT\n3 LAVOISIER\n3 MONTAIGNE\n3 V. DURUY\n3 J. FERRY\n3 G.FAURE\n3 RABELAIS\n3 PAUL BERT\n3 E. DUBOIS\n3 BUFFON\n3 CAMILLE SEE\n3 C. BERNARD\n3 J. DE SAILLY\n3 J.B. SAY\n3 J. DE LA FONTAINE\n3 MOLIERE\n3 CARNOT\n3 BALZAC\n1 LAVOISIER\n1 MONTAIGNE\n1 RODIN\n1 PAUL BERT\n1 E. DUBOIS\n2 TURGOT\n2 S. WEIL\n2 CHARLEMAGNE\n2 S. GERMAIN\n2 FENELON\n2 V. DURUY\n2 RACINE\n2 CONDORCET\n2 LAMARTINE\n2 COLBERT\n2 ARAGO\n2 C. MONET\n2 G.FAURE\n2 BUFFON\n2 CAMILLE SEE\n2 J. DE SAILLY\n2 J.B. SAY\nGEORGES ROUAULT\nJEAN PERRIN\nSAINT-EXUPERY\n61\nRectorat de la r\u00e9gion acad\u00e9mique d'Ile-de-France, rectorat de l'acad\u00e9mie de Paris - IDF-2025-05-07-00009 - Arr\u00eat\u00e9 du 7 mai 2025\nfixant les conditions d'affectation au sein des lyc\u00e9es publics de l'acad\u00e9mie de Paris 95\nANNEXE 1 : Secteurs 1 \u00e0 3 des coll\u00e8ges 2025\n2 BOUCHER\n2 RAVEL\n3 V. HUGO\n3 CHAPTAL\n3 J. DECOUR\n3 J. FERRY\n3 E. QUINET\n3 VOLTAIRE\n3 DORIAN\n3 P. VALERY\n3 RABELAIS\n3 C. BERNARD\n3 J. DE LA FONTAINE\n3 MOLIERE\n3 CARNOT\n3 BALZAC\n3 BERGSON\n3 DIDEROT\n1 BUFFON\n1 CAMILLE SEE\n1 J.B. SAY\n1 J. DE LA FONTAINE\n1 MOLIERE\n2 TURGOT\n2 V. HUGO\n2 S. WEIL\n2 S. GERMAIN\n2 MONTAIGNE\n2 FENELON\n2 V. DURUY\n2 CHAPTAL\n2 RACINE\n2 CONDORCET\n2 J. FERRY\n2 LAMARTINE\n2 E. QUINET\n2 RODIN\n2 PAUL BERT\n2 E. DUBOIS\n2 C. BERNARD\n2 J. DE SAILLY\n3 CHARLEMAGNE\n3 LAVOISIER\n3 J. DECOUR\n3 COLBERT\n3 VOLTAIRE\n3 DORIAN\n3 P. VALERY\n3 ARAGO\n3 C. MONET\n3 G.FAURE\n3 RABELAIS\n3 CARNOT\n3 BALZAC\n3 BERGSON\n3 DIDEROT\n3 BOUCHER\n3 RAVEL\n1 TURGOT\n1 CHARLEMAGNE\n1 VOLTAIRE\n1 DORIAN\n1 ARAGO\n2 V. HUGO\n2 S. WEIL\n2 S. GERMAIN\nSAINT-EXUPERY\nANDRE CITROEN\nROBERT DOISNEAU\n62\nRectorat de la r\u00e9gion acad\u00e9mique d'Ile-de-France, rectorat de l'acad\u00e9mie de Paris - IDF-2025-05-07-00009 - Arr\u00eat\u00e9 du 7 mai 2025\nfixant les conditions d'affectation au sein des lyc\u00e9es publics de l'acad\u00e9mie de Paris 96\nANNEXE 1 : Secteurs 1 \u00e0 3 des coll\u00e8ges 2025\n2 FENELON\n2 CHAPTAL\n2 RACINE\n2 CONDORCET\n2 J. DECOUR\n2 J. FERRY\n2 LAMARTINE\n2 E. QUINET\n2 COLBERT\n2 P. VALERY\n2 RABELAIS\n2 CARNOT\n2 BERGSON\n2 DIDEROT\n2 BOUCHER\n2 RAVEL\n3 LAVOISIER\n3 MONTAIGNE\n3 V. DURUY\n3 RODIN\n3 C. MONET\n3 G.FAURE\n3 PAUL BERT\n3 E. DUBOIS\n3 BUFFON\n3 CAMILLE SEE\n3 C. BERNARD\n3 J. DE SAILLY\n3 J.B. SAY\n3 J. DE LA FONTAINE\n3 MOLIERE\n3 BALZAC\n1 VOLTAIRE\n1 P. VALERY\n1 ARAGO\n1 BOUCHER\n1 RAVEL\n2 TURGOT\n2 V. HUGO\n2 S. WEIL\n2 CHARLEMAGNE\n2 S. GERMAIN\n2 LAVOISIER\n2 FENELON\n2 RACINE\n2 CONDORCET\n2 J. DECOUR\n2 LAMARTINE\n2 E. QUINET\n2 COLBERT\n2 DORIAN\n2 RODIN\n2 C. MONET\n2 RABELAIS\n2 J. DE SAILLY\n2 DIDEROT\n3 MONTAIGNE\n3 V. DURUY\n3 CHAPTAL\n3 J. FERRY\n3 G.FAURE\n3 PAUL BERT\n3 E. DUBOIS\n3 BUFFON\n3 CAMILLE SEE\n3 C. BERNARD\nROBERT DOISNEAU\nPILATRE DE ROZIER\n63\nRectorat de la r\u00e9gion acad\u00e9mique d'Ile-de-France, rectorat de l'acad\u00e9mie de Paris - IDF-2025-05-07-00009 - Arr\u00eat\u00e9 du 7 mai 2025\nfixant les conditions d'affectation au sein des lyc\u00e9es publics de l'acad\u00e9mie de Paris 97\nANNEXE 1 : Secteurs 1 \u00e0 3 des coll\u00e8ges 2025\n3 J.B. SAY\n3 J. DE LA FONTAINE\n3 MOLIERE\n3 CARNOT\n3 BALZAC\n3 BERGSON\n1 RACINE\n1 CONDORCET\n1 J. DECOUR\n1 LAMARTINE\n1 RABELAIS\n2 TURGOT\n2 V. HUGO\n2 S. WEIL\n2 CHARLEMAGNE\n2 S. GERMAIN\n2 LAVOISIER\n2 MONTAIGNE\n2 FENELON\n2 CHAPTAL\n2 J. FERRY\n2 E. QUINET\n2 COLBERT\n2 VOLTAIRE\n2 ARAGO\n2 PAUL BERT\n2 BUFFON\n2 CARNOT\n2 BALZAC\n2 BERGSON\n3 V. DURUY\n3 DORIAN\n3 P. VALERY\n3 RODIN\n3 C. MONET\n3 G.FAURE\n3 E. DUBOIS\n3 CAMILLE SEE\n3 C. BERNARD\n3 J. DE SAILLY\n3 J.B. SAY\n3 J. DE LA FONTAINE\n3 MOLIERE\n3 DIDEROT\n3 BOUCHER\n3 RAVEL\n1 FENELON\n1 P. VALERY\n1 ARAGO\n1 C. MONET\n1 G.FAURE\n2 TURGOT\n2 V. HUGO\n2 S. WEIL\n2 CHARLEMAGNE\n2 S. GERMAIN\n2 LAVOISIER\n2 MONTAIGNE\n2 CHAPTAL\n2 RACINE\n2 CONDORCET\n2 J. FERRY\n2 LAMARTINE\n2 VOLTAIRE\n2 DORIAN\n2 RODIN\nPILATRE DE ROZIER\nMARIE CURIE\nTHOMAS MANN\n64\nRectorat de la r\u00e9gion acad\u00e9mique d'Ile-de-France, rectorat de l'acad\u00e9mie de Paris - IDF-2025-05-07-00009 - Arr\u00eat\u00e9 du 7 mai 2025\nfixant les conditions d'affectation au sein des lyc\u00e9es publics de l'acad\u00e9mie de Paris 98\nANNEXE 1 : Secteurs 1 \u00e0 3 des coll\u00e8ges 2025\n2 PAUL BERT\n2 BOUCHER\n2 RAVEL\n3 V. DURUY\n3 J. DECOUR\n3 E. QUINET\n3 COLBERT\n3 RABELAIS\n3 E. DUBOIS\n3 BUFFON\n3 CAMILLE SEE\n3 C. BERNARD\n3 J. DE SAILLY\n3 J.B. SAY\n3 J. DE LA FONTAINE\n3 MOLIERE\n3 CARNOT\n3 BALZAC\n3 BERGSON\n3 DIDEROT\n1 CONDORCET\n1 J. DECOUR\n1 J. FERRY\n1 LAMARTINE\n1 COLBERT\n2 TURGOT\n2 S. WEIL\n2 S. GERMAIN\n2 LAVOISIER\n2 MONTAIGNE\n2 FENELON\n2 CHAPTAL\n2 RACINE\n2 E. QUINET\n2 VOLTAIRE\n2 DORIAN\n2 ARAGO\n2 RABELAIS\n2 PAUL BERT\n2 BUFFON\n2 CARNOT\n2 BALZAC\n2 BERGSON\n2 DIDEROT\n3 V. HUGO\n3 CHARLEMAGNE\n3 V. DURUY\n3 P. VALERY\n3 RODIN\n3 C. MONET\n3 G.FAURE\n3 E. DUBOIS\n3 CAMILLE SEE\n3 C. BERNARD\n3 J. DE SAILLY\n3 J.B. SAY\n3 J. DE LA FONTAINE\n3 MOLIERE\n3 BOUCHER\n3 RAVEL\n1 TURGOT\n1 FENELON\n1 LAMARTINE\n1 COLBERT\n1 DIDEROT\n2 V. HUGO\nTHOMAS MANN\nDANIEL MAYER\nEDGAR VARESE\n65\nRectorat de la r\u00e9gion acad\u00e9mique d'Ile-de-France, rectorat de l'acad\u00e9mie de Paris - IDF-2025-05-07-00009 - Arr\u00eat\u00e9 du 7 mai 2025\nfixant les conditions d'affectation au sein des lyc\u00e9es publics de l'acad\u00e9mie de Paris 99\nANNEXE 1 : Secteurs 1 \u00e0 3 des coll\u00e8ges 2025\n2 S. WEIL\n2 CHARLEMAGNE\n2 S. GERMAIN\n2 LAVOISIER\n2 MONTAIGNE\n2 CHAPTAL\n2 CONDORCET\n2 J. DECOUR\n2 J. FERRY\n2 E. QUINET\n2 VOLTAIRE\n2 DORIAN\n2 ARAGO\n2 RABELAIS\n2 PAUL BERT\n2 BERGSON\n2 BOUCHER\n2 RAVEL\n3 V. DURUY\n3 RACINE\n3 P. VALERY\n3 RODIN\n3 C. MONET\n3 G.FAURE\n3 E. DUBOIS\n3 BUFFON\n3 CAMILLE SEE\n3 C. BERNARD\n3 J. DE SAILLY\n3 J.B. SAY\n3 J. DE LA FONTAINE\n3 MOLIERE\n3 CARNOT\n3 BALZAC\n1 V. HUGO\n1 CHARLEMAGNE\n1 COLBERT\n1 VOLTAIRE\n1 BOUCHER\n2 TURGOT\n2 S. WEIL\n2 S. GERMAIN\n2 FENELON\n2 CHAPTAL\n2 RACINE\n2 CONDORCET\n2 J. DECOUR\n2 J. FERRY\n2 LAMARTINE\n2 E. QUINET\n2 DORIAN\n2 P. VALERY\n2 ARAGO\n2 RABELAIS\n2 CARNOT\n2 BERGSON\n2 DIDEROT\n2 RAVEL\n3 LAVOISIER\n3 MONTAIGNE\n3 V. DURUY\n3 RODIN\n3 C. MONET\n3 G.FAURE\n3 PAUL BERT\n3 E. DUBOIS\nCOLETTE BESSON\nEDGAR VARESE\n66\nRectorat de la r\u00e9gion acad\u00e9mique d'Ile-de-France, rectorat de l'acad\u00e9mie de Paris - IDF-2025-05-07-00009 - Arr\u00eat\u00e9 du 7 mai 2025\nfixant les conditions d'affectation au sein des lyc\u00e9es publics de l'acad\u00e9mie de Paris 100\nANNEXE 1 : Secteurs 1 \u00e0 3 des coll\u00e8ges 2025\n3 BUFFON\n3 CAMILLE SEE\n3 C. BERNARD\n3 J. DE SAILLY\n3 J.B. SAY\n3 J. DE LA FONTAINE\n3 MOLIERE\n3 BALZAC\n1 CHAPTAL\n1 CONDORCET\n1 J. DECOUR\n1 J. FERRY\n1 COLBERT\n2 TURGOT\n2 S. WEIL\n2 S. GERMAIN\n2 LAVOISIER\n2 MONTAIGNE\n2 FENELON\n2 RACINE\n2 LAMARTINE\n2 E. QUINET\n2 VOLTAIRE\n2 DORIAN\n2 ARAGO\n2 RABELAIS\n2 PAUL BERT\n2 BUFFON\n2 CARNOT\n2 BALZAC\n2 BERGSON\n2 DIDEROT\n2 BOUCHER\n3 V. HUGO\n3 CHARLEMAGNE\n3 V. DURUY\n3 P. VALERY\n3 RODIN\n3 C. MONET\n3 G.FAURE\n3 E. DUBOIS\n3 CAMILLE SEE\n3 C. BERNARD\n3 J. DE SAILLY\n3 J.B. SAY\n3 J. DE LA FONTAINE\n3 MOLIERE\n3 RAVEL\n1 CONDORCET\n1 LAMARTINE\n1 COLBERT\n1 BALZAC\n1 DIDEROT\n2 TURGOT\n2 S. WEIL\n2 CHARLEMAGNE\n2 S. GERMAIN\n2 FENELON\n2 V. DURUY\n2 CHAPTAL\n2 RACINE\n2 J. DECOUR\n2 J. FERRY\n2 E. QUINET\n2 VOLTAIRE\n2 DORIAN\nCOLETTE BESSON\nAIME CESAIRE\nSUZANNE LACORE 67\nRectorat de la r\u00e9gion acad\u00e9mique d'Ile-de-France, rectorat de l'acad\u00e9mie de Paris - IDF-2025-05-07-00009 - Arr\u00eat\u00e9 du 7 mai 2025\nfixant les conditions d'affectation au sein des lyc\u00e9es publics de l'acad\u00e9mie de Paris 101\nANNEXE 1 : Secteurs 1 \u00e0 3 des coll\u00e8ges 2025\n2 ARAGO\n2 RABELAIS\n2 CARNOT\n2 BERGSON\n2 BOUCHER\n2 RAVEL\n3 V. HUGO\n3 LAVOISIER\n3 MONTAIGNE\n3 P. VALERY\n3 RODIN\n3 C. MONET\n3 G.FAURE\n3 PAUL BERT\n3 E. DUBOIS\n3 BUFFON\n3 CAMILLE SEE\n3 C. BERNARD\n3 J. DE SAILLY\n3 J.B. SAY\n3 J. DE LA FONTAINE\n3 MOLIERE\n1 TURGOT\n1 J. FERRY\n1 COLBERT\n1 VOLTAIRE\n1 BERGSON\n2 V. HUGO\n2 S. WEIL\n2 CHARLEMAGNE\n2 S. GERMAIN\n2 FENELON\n2 CHAPTAL\n2 RACINE\n2 CONDORCET\n2 J. DECOUR\n2 LAMARTINE\n2 E. QUINET\n2 DORIAN\n2 ARAGO\n2 RABELAIS\n2 CARNOT\n2 BALZAC\n2 DIDEROT\n2 BOUCHER\n2 RAVEL\n3 LAVOISIER\n3 MONTAIGNE\n3 V. DURUY\n3 P. VALERY\n3 RODIN\n3 C. MONET\n3 G.FAURE\n3 PAUL BERT\n3 E. DUBOIS\n3 BUFFON\n3 CAMILLE SEE\n3 C. BERNARD\n3 J. DE SAILLY\n3 J.B. SAY\n3 J. DE LA FONTAINE\n3 MOLIERE\n1 RACINE\n1 CONDORCET\n1 E. QUINET\n1 CARNOT\nSUZANNE LACORE\nFRANCOISE SELIGMANN\nLA ROSE BLANCHE\n68\nRectorat de la r\u00e9gion acad\u00e9mique d'Ile-de-France, rectorat de l'acad\u00e9mie de Paris - IDF-2025-05-07-00009 - Arr\u00eat\u00e9 du 7 mai 2025\nfixant les conditions d'affectation au sein des lyc\u00e9es publics de l'acad\u00e9mie de Paris 102\nANNEXE 1 : Secteurs 1 \u00e0 3 des coll\u00e8ges 2025\n1 BALZAC\n2 TURGOT\n2 CHARLEMAGNE\n2 S. GERMAIN\n2 FENELON\n2 V. DURUY\n2 CHAPTAL\n2 J. DECOUR\n2 J. FERRY\n2 LAMARTINE\n2 COLBERT\n2 VOLTAIRE\n2 ARAGO\n2 C. MONET\n2 RABELAIS\n2 E. DUBOIS\n2 BUFFON\n2 J. DE SAILLY\n2 J. DE LA FONTAINE\n2 MOLIERE\n2 BERGSON\n3 V. HUGO\n3 S. WEIL\n3 LAVOISIER\n3 MONTAIGNE\n3 DORIAN\n3 P. VALERY\n3 RODIN\n3 G.FAURE\n3 PAUL BERT\n3 CAMILLE SEE\n3 C. BERNARD\n3 J.B. SAY\n3 DIDEROT\n3 BOUCHER\n3 RAVEL\nLA ROSE BLANCHE\n69\nRectorat de la r\u00e9gion acad\u00e9mique d'Ile-de-France, rectorat de l'acad\u00e9mie de Paris - IDF-2025-05-07-00009 - Arr\u00eat\u00e9 du 7 mai 2025\nfixant les conditions d'affectation au sein des lyc\u00e9es publics de l'acad\u00e9mie de Paris 103\n \n1 \n \nArr\u00eat\u00e9 du 7 mai 2025 fixant les conditions d'affectation en lyc\u00e9e public dans la voie \ng\u00e9n\u00e9rale et technologique \nANNEXE 2 : Liste des formations \u00e0 recrutement sp\u00e9cifique \nArrondiss\nement \nRNE Type Nom \n\u00e9tablissement \nNom de la formation \n75003  0750648X LG VICTOR HUGO Section binationale ESABAC \n0750647W LG TURGOT Section sportive Hip Hop \n0750770E LG ABBE GREGOIRE Classes \u00e0 horaires am\u00e9nag\u00e9s sportifs d'excellence \n75004 0750653C LGT SOPHIE \nGERMAIN \nSection europ\u00e9enne portugais \n75005 0750654D LG HENRI IV 2nde g\u00e9n\u00e9rale et technologique \u00e0 recrutement \nnational \n0750655E LG LOUIS LE \nGRAND \n2nde g\u00e9n\u00e9rale et technologique \u00e0 recrutement \nnational \n75006 0750657G LG MONTAIGNE Section internationale POLONAIS \nSection internationale PORTUGAIS \nSection binationale BACHIBAC \nSection binationale ABIBAC \n75006 0750502N LG MAXIMILIEN \nVOX \n2nde g\u00e9n\u00e9rale et technologique option cr\u00e9ation et \nculture du design  \n75008 0750664P LGT RACINE \n  \nClasses \u00e0 double cursus Musique et Danse pour la \npr\u00e9paration au baccalaur\u00e9at g\u00e9n\u00e9ral \n75009 0750668U LG JACQUES \nDECOUR \nSection internationale CHINOIS \n0750670W LG LAMARTINE Classe pour la pr\u00e9paration au baccalaur\u00e9at \ntechnologique S2TMD, Techniques de la Musique \net de la Danse et du th\u00e9\u00e2tre \n75012 0750679F LG PAUL VALERY Classes \u00e0 horaires am\u00e9nag\u00e9s sportifs d'excellence \n75012 0750681H LG BOULLE 2nde g\u00e9n\u00e9rale et technologique option cr\u00e9ation et \nculture du design \n2nde DFESMA \n75013 0750683K LG CLAUDE MONET Section binationale ESABAC \nSection internationale CHINOIS \nSection internationale ARABE \n0750684L LG GABRIEL FAURE Classes \u00e0 horaires am\u00e9nag\u00e9s sportifs d'excellence \n75014 \n \n0750692V LGT EMILE DUBOIS Dispositif El\u00e8ve Haut Potentiel \n0754476H LPO GUILLAUME \nTIREL \n2nde sciences et technologies de l'h\u00f4tellerie et de \nla restauration (STHR) \n75015  0750693W LG  BUFFON Section binationale ESABAC \n0750694X LG CAMILLE SEE Classes \u00e0 horaires am\u00e9nag\u00e9s sportifs d'excellence \nSection internationale ANGLAIS \nSection internationale ITALIEN \nRectorat de la r\u00e9gion acad\u00e9mique d'Ile-de-France, rectorat de l'acad\u00e9mie de Paris - IDF-2025-05-07-00009 - Arr\u00eat\u00e9 du 7 mai 2025\nfixant les conditions d'affectation au sein des lyc\u00e9es publics de l'acad\u00e9mie de Paris 104\n \n2 \n \n75016 0750698B LGT CLAUDE \nBERNARD \nClasses \u00e0 horaires am\u00e9nag\u00e9s sportifs d'excellence \nSection sportive Handball \n0750699C LG JANSON DE \nSAILLY \nSection binationale ABIBAC \nSection orientale CHINOIS \nSection internationale CHINOIS \n0750702F LG JEAN DE LA \nFONTAINE \nClasses \u00e0 double cursus Musique et Danse pour la \npr\u00e9paration au baccalaur\u00e9at g\u00e9n\u00e9ral \nClasses pour la pr\u00e9paration au baccalaur\u00e9at \ntechnologique S2TMD, Techniques de la Musique \net de la Danse \nSection internationale JAPONAIS \nSection orientale JAPONAIS \nSection orientale CHINOIS \nSection orientale VIETNAMIEN \n0750703G LG MOLIERE Section binationale BACHIBAC \nSection europ\u00e9enne portugais \n0750705J LGT HONORE DE \nBALZAC \nSection internationale ALLEMAND \nSection internationale ANGLAIS \nSection internationale ARABE \nSection internationale ESPAGNOL \nSection internationale ITALIEN \nSection internationale PORTUGAIS \nClasses \u00e0 horaires am\u00e9nag\u00e9s sportifs d'excellence \n75017 0750708M LPO JEAN DROUANT 2nde sciences et technologies de l'h\u00f4tellerie et de \nla restauration (STHR) \n0753350J LPO MARIA \nDERAISMES \nClasses \u00e0 horaires am\u00e9nag\u00e9s sportifs d'excellence \n75018 0750710P LG AGUSTE RENOIR 2nde g\u00e9n\u00e9rale et technologique option cr\u00e9ation et \nculture du design \n75019 0754684J LG HENRI \nBERGSON \nClasses \u00e0 double cursus Musique et Danse pour la \npr\u00e9paration au baccalaur\u00e9at g\u00e9n\u00e9ral \nClasses \u00e0 horaires am\u00e9nag\u00e9s sportifs d'excellence \nClasses \u00ab Sciences Po \u00bb \nClasses \u00ab Louvre \u00bb \n75020 0750715V LGT MAURICE RAVEL Section binationale ABIBAC \nSection binationale BACHIBAC \nSection internationale ANGLAIS \n \n \nRectorat de la r\u00e9gion acad\u00e9mique d'Ile-de-France, rectorat de l'acad\u00e9mie de Paris - IDF-2025-05-07-00009 - Arr\u00eat\u00e9 du 7 mai 2025\nfixant les conditions d'affectation au sein des lyc\u00e9es publics de l'acad\u00e9mie de Paris 105","date":"2025-05-09","first_seen_on":"2025-05-09T16:43:38+00:00","id":"c81e7ef752221f2d86d486c62547f918f130b1d43fd03a52c741208f24f496e4","name":"recueil-idf-012-2025-05-recueil-des-actes-administratifs-special du 09.05.2025","pdf_creation_date":"2025-05-09T14:56:40+00:00","pdf_modification_date":null,"timezone":"Europe/Paris","url":"https://www.prefectures-regions.gouv.fr/ile-de-france/irecontenu/telechargement/127558/941226/file/recueil-idf-012-2025-05-recueil-des-actes-administratifs-special%20du%2009.05.2025.pdf"}
