{"administration":"pref69","administration_name":"Pr\u00e9fecture du Rh\u00f4ne","content":"PR\u00c9F\u00c8TE\nDU RH\u00d4NE\nRECUEIL DES ACTES\nADMINISTRATIFS SP\u00c9CIAL\nN\u00b069-2025-239\nPUBLI\u00c9 LE 22 SEPTEMBRE 2025\nSommaire\n01-69_DTPJJ_Direction territoriale de la protection judiciaire de la jeunesse\nde l'Ain et du Rh\u00f4ne /\n69-2025-09-09-00014 - Arr\u00eat\u00e9 portant fixation du prix de journ\u00e9e au\ntitre de l'exercice 2025, et reconduction provisoire au titre de l'exercice\n2026 du SAEMO - N\u00b0DTPJJ SAH 2025 09 22 01 (3 pages) Page 3\n69_HCL_Hospices civils de Lyon / Direction des affaires juridiques\n69-2025-09-17-00005 - D\u00e9cision de d\u00e9l\u00e9gation de signature n\u00b025-93\ndu 17 septembre 2025 donn\u00e9e aux cadres de direction et directeurs de\nsoins pour la garde administrative des Hospices civils de Lyon (2 pages) Page 7\n69_Pr\u00e9f_Pr\u00e9fecture du Rh\u00f4ne / Direction de la s\u00e9curit\u00e9 et de la\nprotection civile\n69-2025-09-17-00004 - Arr\u00eat\u00e9 pr\u00e9fectoral portant agr\u00e9ment d'un\norganisme de formation en application des dispositions de l'article\nR.3332-4 du code de la Sant\u00e9 Publique OPUS (2 pages) Page 10\n69_Secr\u00e9tariat_G\u00e9n\u00e9ral_Commun_D\u00e9partemental /\n69-2025-09-15-00018 - Arr\u00eat\u00e9 CAPL SEPTEMBRE 2025 (6 pages) Page 13\n2\n01-69_DTPJJ_Direction territoriale de la\nprotection judiciaire de la jeunesse de l'Ain et du\nRh\u00f4ne\n69-2025-09-09-00014\nArr\u00eat\u00e9 portant fixation du prix de journ\u00e9e au\ntitre de l'exercice 2025, et reconduction\nprovisoire au titre de l'exercice 2026 du SAEMO -\nN\u00b0DTPJJ SAH 2025 09 22 01\n01-69_DTPJJ_Direction territoriale de la protection judiciaire de la jeunesse de l'Ain et du Rh\u00f4ne - 69-2025-09-09-00014 - Arr\u00eat\u00e9\nportant fixation du prix de journ\u00e9e au titre de l'exercice 2025, et reconduction provisoire au titre de l'exercice 2026 du SAEMO -\nN\u00b0DTPJJ SAH 2025 09 22 01\n3\nPREFETE RHONEDU RHONE LE OEFARTEMENTLibert\u00e9Egalit\u00e9Fraternit\u00e9| _ P\u00f4le Solidarit\u00e9sDirection interregionale de la Direction Sant\u00e9 Enfance FamilleProtection Service ASEJudiciaire de la Jeunesse H\u00f4tel du D\u00e9partement| | Centre-Est . 29-31 cours de la Libert\u00e9Direction territoriale Rh\u00f4ne- 69483 LYON CEDEX 03Ain33 rue Moncey69003 LYON ARR\u00caT\u00c9 CONJOINTARR\u00caT\u00c9 PR\u00c9FECTORAL N\u00b0 DTPS3S- SAH - 2025 -b4-22-0ARR\u00caT\u00c9 DU PR\u00c9SIDENT N\u00b0 ARCD-DSEF-2025-0069\nPortant fixation du prix de journ\u00e9e au titre de l'exercice 2025, et reconductionprovisoire au titre de l'exercice 2026, pour le service \"SCE ACT EDUC EN MILIEUOUVERT (SAEMO)\" , sis 1 place Faubert, 69400 Villefranche-sur-Sa\u00f4ne.\nLe Pr\u00e9sident du Conseil d\u00e9partemental du Rh\u00f4ne et la Pr\u00e9f\u00e8te de la r\u00e9gionAuvergne-Rh\u00f4ne-Alpes, Pr\u00e9f\u00e8te de la zone de d\u00e9fense et de s\u00e9curit\u00e9 Sud-Est, Pr\u00e9f\u00e8te duRh\u00f4ne, Commandeur de la L\u00e9gion d'honneur, Commandeur de l'Ordre national duM\u00e9rite,Vu le code g\u00e9n\u00e9ral des collectivit\u00e9s territoriales ;Vu le code de l'action sociale et des familles et notamment :- les articles L.314-1 et suivants relatifs aux dispositions financi\u00e8res applicables aux\u00e9tablissements et services sociaux et m\u00e9dico-sociaux ;- les articles R.314-1 et suivants relatifs \u00e0 la gestion budg\u00e9taire, comptable et financi\u00e8re, et auxmodalit\u00e9s de financement et de tarification des \u00e9tablissements et services sociaux et m\u00e9dico-sociaux \u00e9num\u00e9r\u00e9s au I de l'article L.312-1 du m\u00eame code ;Vu les articles 375 \u00e0 375-8 du code civil relatifs \u00e0 l'assistance \u00e9ducative ;Vu l'ordonnance n\u00b045-1845 du 18 ao\u00fbt 1945 relative au remboursement aux institutionspriv\u00e9es des frais d'entretien et d'\u00e9ducation des mineurs d\u00e9linquants ;Vu le d\u00e9cret n\u00b02010-214 du 2 mars 2010 relatif au ressort territorial, \u00e0 l'organisation etaux attributions des services d\u00e9concentr\u00e9s de la Protection Judiciaire de la Jeunesse ;Vu l'arr\u00eat\u00e9 du Ministre de la justice du 19 d\u00e9cembre 2003 relatif aux modes de tarificationapplicables aux prestations d'action \u00e9ducative d\u00e9livr\u00e9es par les \u00e9tablissements et servicesconcourant \u00e0 la protection judiciaire de la jeunesse et sous comp\u00e9tence tarifaire conjointe durepr\u00e9sentant de l'\u00c9tat dans le d\u00e9partement et du pr\u00e9sident du Conseil d\u00e9partemental ;\n01-69_DTPJJ_Direction territoriale de la protection judiciaire de la jeunesse de l'Ain et du Rh\u00f4ne - 69-2025-09-09-00014 - Arr\u00eat\u00e9\nportant fixation du prix de journ\u00e9e au titre de l'exercice 2025, et reconduction provisoire au titre de l'exercice 2026 du SAEMO -\nN\u00b0DTPJJ SAH 2025 09 22 01\n4\n'Page 2/3Vu Varr\u00e9t\u00e9 conjoint de la Pr\u00e9f\u00e8te et du Pr\u00e9sident du Conseil D\u00e9partemental du Rh\u00f4ne, endate du 10 d\u00e9cembre 2024, portant fixation du prix de journ\u00e9e pour l'exercice 2024 et reconductionprovisoire au titre de l'exercice 2025, pour le service \u00ab SCE ACT EDUC EN MILIEU OUVERT(SAEMO) \u00bb ;Vu l\u00e0 d\u00e9lib\u00e9ration n\u00b0005-01 du Conseil D\u00e9partemental du 17 d\u00e9cembre 2024 fixantl'\u00e9volution de l'enveloppe de tarification 2025 des structures de l'enfance ;Vu la circulaire du '16 juillet 2025 relative \u00e0 la campagne budg\u00e9taire 2025 des\u00e9tablissements et services concourant \u00e0 la mission de protection judiciaire de la jeunesse ;Vu les propositions budg\u00e9taires et leurs annexes pr\u00e9sent\u00e9es, au titre de l'exercice 2025,par l'association gestionnaire \u00ab Association La Sauvegarde 69 \u00bb pour le service mentionn\u00e9 al'article I du pr\u00e9sent arr\u00eat\u00e9 ;Vu les rapports du Directeur territorial de la protection judiciaire de la jeunesse pour led\u00e9partement du Rh\u00f4ne agissant par d\u00e9l\u00e9gation de la Directrice interr\u00e9gionale de la protectionjudiciaire de la jeunesse Centre-Est et de la Directrice g\u00e9n\u00e9rale adjointe des servicesd\u00e9partementaux charg\u00e9e du p\u00f4le Solidarit\u00e9s, proximit\u00e9 et services aux usagers ;Sur proposition de Madame la Pr\u00e9f\u00e8te, Secr\u00e9taire g\u00e9n\u00e9rale de la Pr\u00e9fecture du Rh\u00f4ne, et deMonsieur le Directeur g\u00e9n\u00e9ral des services d\u00e9partementaux,ARR\u00caTENT :Article 1 : Pour l'exercice budg\u00e9taire de l'ann\u00e9e 2025, les charges et les produitspr\u00e9visionnels du service \u00ab SCE ACT EDUC EN MILIEU OUVERT (SAEMO) \u00bb sont autoris\u00e9scomme suit :\nCHARGES PRODUITSGroupe I :Pad li\u00e9es \u00e0 sroupe tia 115 684,22 \u20ac Produits de 2 344 499,67 \u20acl'exploitation rrtarificationcouranteGroupe II: Groupes II :charges de 1 905 007,57 autres produits 29 359,25 \u20acpersonnel d'exploitationGroupe III : Groupe III :charges de 353 167,13 \u20ac Produits financiers 0,00 \u20acstructure et non encaissablesTOTAL 2 373 858,92 \u20ac TOTAL 2 373 858,92 \u20ac\nD\u00e9penses nettes autoris\u00e9es 2 344 499,67 \u20ac(+/-) Reprise de r\u00e9sultat -29 602,86 \u20acD\u00e9penses refus\u00e9es N-2 -84 944,62 \u20acBase de calcul des tarifs 2 289 157,91 \u20acNombre de mesures 217 248,0010,54 \u20acPrix de journ\u00e9e 2025\n01-69_DTPJJ_Direction territoriale de la protection judiciaire de la jeunesse de l'Ain et du Rh\u00f4ne - 69-2025-09-09-00014 - Arr\u00eat\u00e9\nportant fixation du prix de journ\u00e9e au titre de l'exercice 2025, et reconduction provisoire au titre de l'exercice 2026 du SAEMO -\nN\u00b0DTPJJ SAH 2025 09 22 01\n5\nPage 3/3Article 2 : Le prix de journ\u00e9e diff\u00e9rentiel applicable, \u00e0 compter du 01/09/2025 etjusqu'au 31/12/2025, au service d\u00e9nomm\u00e9 \u00ab SCE ACT EDUC EN MILIEU OUVERT(SAEMO) >\u00bb, est fix\u00e9 \u00e0 10,22 \u20ac.Article 3 : Du 01/01/2025 au 31/08/2025, les recettes relatives \u00e0 la facturationdes prix de journ\u00e9e sont liquid\u00e9es et per\u00e7ues dans les conditions arr\u00eat\u00e9es par l'arr\u00eat\u00e9 detarification 2024.Article 4 : \u00c0 compter du 01/01/2026, le prix de journ\u00e9e de reconductionprovisoire est fix\u00e9 \u00e0 10,79 \u20ac. Il est \u00e9tabli sur la base de l'activit\u00e9 et des chargesautoris\u00e9es en 2025, hors reprise du r\u00e9sultat de l'exercice ant\u00e9rieur, et est applicablejusqu'\u00e0 la fixation du prix de journ\u00e9e d\u00e9finitif au titre de l'exercice 2026.Article 5 : Les recours contentieux contre le pr\u00e9sent arr\u00eat\u00e9 doivent parvenir ausecr\u00e9tariat du tribunal administratif de Lyon sis 184, rue Duguesclin 69433 Lyon Cedex03, dans le d\u00e9lai franc d'un mois \u00e0 compter de sa notification pour les personnesauxquelles il a \u00e9t\u00e9 notifi\u00e9 ou de sa publication pour les autres personnes.Article 6 : Une ampliation du pr\u00e9sent arr\u00eat\u00e9 sera notifi\u00e9e par lettrerecommand\u00e9e au service concern\u00e9.Article 7 : La Pr\u00e9f\u00e8te, Secr\u00e9taire g\u00e9n\u00e9rale de la Pr\u00e9fecture du Rh\u00f4ne, le Directeurg\u00e9n\u00e9ral des services d\u00e9partementaux, la Directrice interr\u00e9gionale de la protectionjudiciaire de la jeunesse Centre-Est et la Directrice g\u00e9n\u00e9rale adjointe des servicesd\u00e9partementaux charg\u00e9e du p\u00f4le Solidarit\u00e9s, proximit\u00e9 et services aux usagers sontcharg\u00e9s, chacun en ce qui le concerne, de l'ex\u00e9cution du pr\u00e9sent arr\u00eat\u00e9 qui sera publi\u00e9au recueil des actes administratifs consultables sur le site \u00ab rhone.gouv.fr \u00bb de laPr\u00e9fecture du Rh\u00f4ne et du site \u00ab rhone.fr \u00bb du D\u00e9partement du Rh\u00f4ne.Fait\u00e0 Lyon, le - 9 SEP. 2025La Pr\u00e9f\u00e8te Pour le pr\u00e9sident et par d\u00e9l\u00e9gationLe Pr\u00e9fet }Sasvs.3 \"a gerdra! A '\\_pr\u00e9fet d\u00e9: 2527'S vl Mireille SIMIAN KV,Vice-pr\u00e9sidente=-Enfance, famille et \u00e9galit\u00e9Faorce ROSAY femme-homme-ee\n01-69_DTPJJ_Direction territoriale de la protection judiciaire de la jeunesse de l'Ain et du Rh\u00f4ne - 69-2025-09-09-00014 - Arr\u00eat\u00e9\nportant fixation du prix de journ\u00e9e au titre de l'exercice 2025, et reconduction provisoire au titre de l'exercice 2026 du SAEMO -\nN\u00b0DTPJJ SAH 2025 09 22 01\n6\n69_HCL_Hospices civils de Lyon\n69-2025-09-17-00005\nD\u00e9cision de d\u00e9l\u00e9gation de signature n\u00b025-93 du\n17 septembre 2025 donn\u00e9e aux cadres de\ndirection et directeurs de soins pour la garde\nadministrative des Hospices civils de Lyon\n69_HCL_Hospices civils de Lyon - 69-2025-09-17-00005 - D\u00e9cision de d\u00e9l\u00e9gation de signature n\u00b025-93 du 17 septembre 2025 donn\u00e9e\naux cadres de direction et directeurs de soins pour la garde administrative des Hospices civils de Lyon 7\nHCLHOSPICES CIVILSDE LYON\nDIRECTION GENERALEDirection des affaires juridiquesDECISION N\u00b025-93DU 17 SEPTEMBRE 2025DELEGATION DE SIGNATURE\nLe Directeur G\u00e9n\u00e9ral, ordonnateur du budget,Vu le code de la sant\u00e9 publique,Vu le d\u00e9cret du Pr\u00e9sident de la R\u00e9publique du 29 d\u00e9cembre 2023 portant nomination deM. Raymond LE MOIGN, en qualit\u00e9 de Directeur G\u00e9n\u00e9ral des Hospices Civils de Lyon.DECIDE\nArticle 1\u00b0:D\u00e9l\u00e9gation de signature est donn\u00e9e aux cadres de direction et directeurs de soins inscrits sur la listeannex\u00e9e \u00e0 la pr\u00e9sente d\u00e9cision, \u00e0 l'effet de signer, pendant la p\u00e9riode o\u00f9 ils sont de garde au sein desgroupements hospitaliers et/ou au titre de la direction g\u00e9n\u00e9rale, toutes d\u00e9cisions et tous documentsn\u00e9cessaires dans la limite des attributions li\u00e9es \u00e0 cette garde administrative ainsi que les d\u00e9p\u00f4ts deplainte aupr\u00e8s des autorit\u00e9s de police et de justice.\nArticle 2 :La pr\u00e9sente d\u00e9cision de d\u00e9l\u00e9gation de signature abroge et remplace lad\u00e9cision n\u00b025-46 du 27 mars 2025.Article 3 :La pr\u00e9sente d\u00e9cision sera publi\u00e9e au recueil des actes administratifs de la Pr\u00e9fecture du Rh\u00f4ne.Outre un recours gracieux, un recours contentieux peut \u00eatre form\u00e9 devant le tribunal administratif deLyon contre la pr\u00e9sente d\u00e9cision dans un d\u00e9lai de deux mois \u00e0 compter de sa date de publication.Le Directe al,\nRaymond LE MOIGN\n3, QUAI DES CELESTINS 69002 LYON \u2014 FRANCEB.P. 2251 -69229 LYON CEDEX 02 1WWW.CHU-LYON.FR \u2014 RENSEIGNEMENTS HCL : 0 825 0 825 69 (0.15 \u20ac/MN)N\u00b0 FINESS HCL 690781810\n69_HCL_Hospices civils de Lyon - 69-2025-09-17-00005 - D\u00e9cision de d\u00e9l\u00e9gation de signature n\u00b025-93 du 17 septembre 2025 donn\u00e9e\naux cadres de direction et directeurs de soins pour la garde administrative des Hospices civils de Lyon 8\nHCLHOSPICES CIVILSDE LYON\n  \n3, quai des C\u00e9lestins \u2013 69002 Lyon \u2013 France B.P. 2251 \u2013 69229 Lyon cedex 02 \nN\u00b0 FINESS HCL : 690781810 | www.chu-lyon.fr \n \nTABLEAU DE REPARTITION DES CADRES DE DIRECTION AUX TOURS DE GARDE ADMINISTRATIVE  \nDES GROUPEMENTS HOSPITALIERS \nGROUPEMENTS HOSPITALIERS CADRES RENFORTS \nCENTRE \nH\u00f4pital E. Herriot \nCentre de soins dentaires \nH\u00f4pital des Charpennes \nMme Evol\u00e8ne MULLER-RAPPARD \nM. Florent SEVERAC \nMme Mathilde TZISLAKIS \nM. Augustin SOREL \nM. Mickael EL CHAMI \nMme Emilie CARLE \nMme Juliette FRAYTAG \nMme Armelle DION \nMme Bergamote DUPAIGNE \nMme Katia LUCINA \nMme Maud FERRIER \nMme V\u00e9ronique MIRAVETE \nMme S\u00e9verine NICOLOFF \nM. Amaury WASNER \nM. Audrey SOKOLO-MENAYAMO \nSUD \nH\u00f4pital Lyon Sud \nH\u00f4pital H. Gabrielle \nHOSPIMAG \nPlateforme Archives \nMme Anne DECQ-GARCIA \nM. Fran\u00e7ois BESNEHARD \nM. Jonathan MORIZOT \nM. Fabrice ORMANCEY \nMme Lena\u00efck TANGUY \nM. Denis DIONNET \nM. Elie PORTIER \nMme Aude AUGER \nMme Aur\u00e9lie DOSSIER \nMme Marie NALET \nMme Marie-Odile REYNAUD \nM. Barth\u00e9l\u00e9my SACCOMAN \nMme Carol GENDRY \nMme Julie CHARTIER \nM. Th\u00e9o PIOLIN \nEST \nH\u00f4pital P. Wertheimer \nH\u00f4pital L. Pradel \nH\u00f4pital femme-m\u00e8re-enfant \nInstitut d'h\u00e9matologie & d'oncologie \np\u00e9diatrique \nM. Guillaume CARO \nMme Agn\u00e8s BERTHOLLET \nMme C\u00e9line BEZ \nM. Jean-Louis MONNET \nMme Caroline MONS \nMme No\u00e9mie MARTY \nMme Floriane KUNDER \nMme Fanny FLEURISSON \nMme Sophie GRANGER \nMme Ghislaine PERES-BRAUX \nMme Sandrine POIRSON-SCHMITT \nMme Caroline REVELIN \nMme L\u00e9a GUIVARCH \nMme Blanche DENIA-SEVERAC \nM. Arnaud BARRAS \nMme Marie BOYER \nNORD \nH\u00f4pital de la Croix-Rousse \nH\u00f4pital P. Garraud \nMme Dominique SOUPART \nMme Aur\u00e9lie INGELAERE \nMme Muriel LAHAYE \nMme Christine CURIE \nMme Carole SYLVESTRE-GRENIER \nMme Charlotte BOYER \nMme Laurence CAILLE \nMme Val\u00e9rie CORRE \nM. Jean-Fran\u00e7ois CROS \nMme Isabelle DADON \nMme Audrey MARTIN \nMme St\u00e9phanie GEYER \nRENEE SABRAN \nMme Karine HAMELA \nM. Fr\u00e9d\u00e9ric COME \nMme Martine MATHIEU \nM. Alexandre MASOTTA \nMme Sophie MONTAGNIER \nMme Laurence TCHEKEMIAN \nM. Laurent CAMPS \nN\u00e9ant \n \n69_HCL_Hospices civils de Lyon - 69-2025-09-17-00005 - D\u00e9cision de d\u00e9l\u00e9gation de signature n\u00b025-93 du 17 septembre 2025 donn\u00e9e\naux cadres de direction et directeurs de soins pour la garde administrative des Hospices civils de Lyon 9\n69_Pr\u00e9f_Pr\u00e9fecture du Rh\u00f4ne\n69-2025-09-17-00004\nArr\u00eat\u00e9 pr\u00e9fectoral portant agr\u00e9ment d'un\norganisme de formation en application des\ndispositions de l'article R.3332-4 du code de la\nSant\u00e9 Publique OPUS\n69_Pr\u00e9f_Pr\u00e9fecture du Rh\u00f4ne - 69-2025-09-17-00004 - Arr\u00eat\u00e9 pr\u00e9fectoral portant agr\u00e9ment d'un organisme de formation en\napplication des dispositions de l'article R.3332-4 du code de la Sant\u00e9 Publique OPUS 10\nExPREFETEDU RHONELibert\u00e9Egalit\u00e9Fraternit\u00e9\nPr\u00e9fecture\nDirection de la s\u00e9curit\u00e9 et de la protection civile\nBureau des polices administratives\n                                     ARR\u00caT\u00c9 PR\u00c9FECTORAL                                            \nportant agr\u00e9ment d'un organisme de formation en application\ndes dispositions de l'article R.3332-4 du Code de la sant\u00e9 publique\nLA PR\u00c9F\u00c8TE DU RH\u00d4NE\nCommandeur de la L\u00e9gion d'honneur\nCommandeur  de l'ordre national du M\u00e9rite\nVu le Code de la sant\u00e9 publique, notamment ses articles L. 3332-1-1 et suivants, ainsi que ses articles\nR.3332-4 \u00e0 R. 3332-9;\nVu  l'arr\u00eat\u00e9  du  22  juillet  2011  fixant  le  programme  et  l'organisation  des  formations  requises  pour\nl'obtention des attestations pr\u00e9vues \u00e0 l'article R. 3332-4-1 du code de la sant\u00e9 publique ;\nVu le d\u00e9cret du 11 janvier 2023 portant nomination de Mme. Fabienne BUCCIO en qualit\u00e9 de pr\u00e9f\u00e8te de\nla r\u00e9gion Auvergne-Rh\u00f4ne-Alpes, pr\u00e9f\u00e8te de la zone de d\u00e9fense et de s\u00e9curit\u00e9 Sud-Est, pr\u00e9f\u00e8te du Rh\u00f4ne\n(hors classe) ;\nVu l'arr\u00eat\u00e9 n\u00b069-2024-11-15-00001 portant d\u00e9l\u00e9gation de signature de M. Antoine GU\u00c9RIN, en tant que\nPr\u00e9fet d\u00e9l\u00e9gu\u00e9 pour la d\u00e9fense et la s\u00e9curit\u00e9;  \nVu le d\u00e9cret du 6 novembre 2024 portant nomination de Monsieur Antoine GU\u00c9RIN, en tant que Pr\u00e9fet\nd\u00e9l\u00e9gu\u00e9 pour la d\u00e9fense et la s\u00e9curit\u00e9;\nVu la demande du 23 octobre 2024 transmise par l'organisme d\u00e9nomm\u00e9 \u00ab  OPUS FORMATION \u00bb ;\nConsid\u00e9rant que le dossier pr\u00e9sent\u00e9 par l'organisme d\u00e9nomm\u00e9 \u00ab  OPUS FORMATION \u00bb, sis 28 rue de la\nBa\u00efsse 69100  est complet et est conforme \u00e0 la r\u00e9glementation en vigueur;\nARR\u00caTE\nArticle 1er\nL'organisme  de  formation  d\u00e9nomm\u00e9  \u00ab OPUS  FORMATION  \u00bb,  sis  28  rue  de  la  Ba\u00efsse  69100\nVilleurbanne est agr\u00e9\u00e9 pour une dur\u00e9e de cinq ans \u00e0 l'effet de dispenser  :\n \u00e0 l'attention des exploitants de d\u00e9bits de boissons \u00e0 consommer sur place ou d'\u00e9tablissements pourvus\nde la \u00ab petite licence restaurant  \u00bb ou de la \u00ab  licence restaurant  \u00bb \nArticle 2\nL'organisme  de  formation  d\u00e9nomm\u00e9  \u00ab OPUS  FORMATION  \u00bb,  sis  28  rue  de  la  Ba\u00efsse  69100\nVilleurbanne,  est agr\u00e9\u00e9 pour une dur\u00e9e de cinq ans \u00e0 l'effet de dispenser \u00e0 l'attention des exploitants des\n\u00e9tablissements pourvus de la \u00ab  petite licence \u00e0 emporter  \u00bb ou de la \u00ab  licence \u00e0 emporter  \u00bb vendant des\n   Pr\u00e9fecture du Rh\u00f4ne \u2013 \n   69419 Lyon cedex 03 \n  04 72 61 61 61\n  www.rhone.gouv.fr 1/2\n69_Pr\u00e9f_Pr\u00e9fecture du Rh\u00f4ne - 69-2025-09-17-00004 - Arr\u00eat\u00e9 pr\u00e9fectoral portant agr\u00e9ment d'un organisme de formation en\napplication des dispositions de l'article R.3332-4 du code de la Sant\u00e9 Publique OPUS 11\nboissons alcooliques entre 22  heures et 8  heures, la formation pr\u00e9vue au deuxi\u00e8me alin\u00e9a de l'article\nL.3332-1-1 du Code de la sant\u00e9 publique. \nArticle 3\nLe  pr\u00e9sent  arr\u00eat\u00e9  sera  publi\u00e9  au recueil  des  actes  administratifs et  notifi\u00e9  \u00e0  l'organisme  d\u00e9nomm\u00e9\n\u00ab OPUS FORMATION \u00bb, sis 28 rue de la Ba\u00efsse 69100 Villeurbanne.\nDes ampliations seront \u00e9galement adress\u00e9es :\n- au maire de Villeurbanne\n- au procureur de la R\u00e9publique, pr\u00e8s le tribunal judiciaire de Lyon.\n            Fait \u00e0 Lyon le 17 septembre 2025\n       pour la Pr\u00e9f\u00e8te,\n                                                                                                      le pr\u00e9fet d\u00e9l\u00e9gu\u00e9 pour la s\u00e9curit\u00e9 et la d\u00e9fense\n Antoine GU \u00c9RIN\n                                                                                                                                    \n                                                                                                                                     \nV oies et d\u00e9lais de recours :\nSi vous entendez contester le pr\u00e9sent arr\u00eat\u00e9, vous pouvez utiliser les voies de recours suivantes  :\n- Un recours gracieux  motiv\u00e9 peut \u00eatre adress\u00e9 aupr\u00e8s de mes services dans un d\u00e9lai de deux mois \u00e0 compter de la notification du pr\u00e9sent arr\u00eat\u00e9  ;  \n- Un recours hi\u00e9rarchique peut \u00eatre introduit aupr\u00e8s de Monsieur le ministre l'int\u00e9rieur, Direction des libert\u00e9s publiques et des affaires juridiques, Cabinet, Bureau des\npolices administratives. En l'absence de r\u00e9ponse de l'administration dans un d\u00e9lai de deux mois \u00e0 compter de la date de r\u00e9ception de votre recours, celui-ci doit \u00eatre\nconsid\u00e9r\u00e9 comme implicitement rejet\u00e9.-Un recours contentieux  : aupr\u00e8s du tribunal administratif de Lyon dans un d\u00e9lai de deux mois \u00e0 compter de la notification du\npr\u00e9sent arr\u00eat\u00e9 notamment via le site www.telerecours.fr.\n                                                                                                                                                         2/2\n69_Pr\u00e9f_Pr\u00e9fecture du Rh\u00f4ne - 69-2025-09-17-00004 - Arr\u00eat\u00e9 pr\u00e9fectoral portant agr\u00e9ment d'un organisme de formation en\napplication des dispositions de l'article R.3332-4 du code de la Sant\u00e9 Publique OPUS 12\n69_Secr\u00e9tariat_G\u00e9n\u00e9ral_Commun_D\u00e9partement\nal\n69-2025-09-15-00018\nArr\u00eat\u00e9 CAPL SEPTEMBRE 2025\n69_Secr\u00e9tariat_G\u00e9n\u00e9ral_Commun_D\u00e9partemental - 69-2025-09-15-00018 - Arr\u00eat\u00e9 CAPL SEPTEMBRE 2025 13\n69_Secr\u00e9tariat_G\u00e9n\u00e9ral_Commun_D\u00e9partemental - 69-2025-09-15-00018 - Arr\u00eat\u00e9 CAPL SEPTEMBRE 2025 14\nVu l'arr\u00eat\u00e9 pr\u00e9fectoral n\u00b0 SGCD69-DRH-CAPL_OCTOBRE-2023 du 18 octobre 2023 fixant la liste desmembres titulaires et suppl\u00e9ants des commissions administratives paritaires locales comp\u00e9tentes al'\u00e9gard des personnels administratifs du minist\u00e8re de l'Int\u00e9rieur;Consid\u00e9rant que les dispositions de l'article L262-2 du code g\u00e9n\u00e9ral de la fonction publique pr\u00e9cisentque pour la d\u00e9signation de ses repr\u00e9sentants, l'administration doit respecter une proportion minimalede 40 % de personnes de chaque sexe; que lorsque le nombre de si\u00e8ges est \u00e9gal \u00e0 trois, l'\u00e9cart entre lenombre de femmes et d'hommes ne peut \u00eatre sup\u00e9rieur \u00e0 un;Consid\u00e9rant que les dispositions de l'article R252-82 du code g\u00e9n\u00e9ral de la fonction publique pr\u00e9cisentque lorsqu'un repr\u00e9sentant titulaire cesse ses fonctions ou d\u00e9missionne de son mandat, il est remplac\u00e9pour un suppl\u00e9ant dans l'ordre de la liste d\u00e9pos\u00e9e lors des \u00e9lections professionnelles du 8 d\u00e9cembre2022 ;Consid\u00e9rant que M. BROUDARD (FO) est en d\u00e9tachement \u00e0 compter du 1\" avril 2025, qu'il seraremplac\u00e9 par Mme GERENTES Catherine qui lui succ\u00e8de sur la liste, elle-m\u00eame remplac\u00e9e par MmeBERTIN B\u00e9atrice en qualit\u00e9 de suppl\u00e9ante, suivante sur la liste ;Consid\u00e9rant que les dispositions de l'article L263-1 du code g\u00e9n\u00e9ral de la fonction publique pr\u00e9cisentque les fonctionnaires d'une cat\u00e9gorie doivent examiner les questions relatives \u00e0 la situationindividuelle et \u00e0 la discipline des fonctionnaires relevant de la m\u00eame cat\u00e9gorie, sans distinction decorps ou de cadre d'emplois et de grade ;Consid\u00e9rant que M. BAUDRANT Thierry, repr\u00e9sentant du personnel (Alliance PN - SAPACMI - SNIPAT -UATS-UNSA) \u00e9lu \u00e0 la commission administrative paritaire comp\u00e9tente pour les agents de cat\u00e9gorie C, a\u00e9t\u00e9 promu le 1TM janvier 2024 dans le corps des secr\u00e9taires administratifs ;\nSur la proposition du pr\u00e9fet, secr\u00e9taire g\u00e9n\u00e9ral de la pr\u00e9fecture du Rh\u00f4ne, pr\u00e9fet d\u00e9l\u00e9gu\u00e9 pour l'\u00e9galit\u00e9des chances ; ARR\u00caTEARTICLE 1\u00b0: l'arr\u00eat\u00e9 du 18 octobre 2023 sur la partie qui concerne les repr\u00e9sentants de l'administrationest modifi\u00e9 comme suit :\n69_Secr\u00e9tariat_G\u00e9n\u00e9ral_Commun_D\u00e9partemental - 69-2025-09-15-00018 - Arr\u00eat\u00e9 CAPL SEPTEMBRE 2025 15\nRepr\u00e9sentants de l'administrationCAT\u00c9GORIE ATitulaires Suppl\u00e9antsM. Fabrice ROSAYPr\u00e9fet secr\u00e9taire g\u00e9n\u00e9ral, pr\u00e9fet d\u00e9l\u00e9gu\u00e9 pourl'\u00e9galit\u00e9 des chances Mme Judith HUSSON,sous-pr\u00e9f\u00e8te de la M\u00e9tropole de Lyon, secr\u00e9taireg\u00e9n\u00e9rale adjointeM. Alain PLAINDOUX,secr\u00e9taire g\u00e9n\u00e9ral adjoint du SGAMI Sud-EstMme Audrey MAYOL,directrice des ressources humaines du SGAMI-Sud-Est\n2 2CAT\u00c9GORIE BTitulaires Suppl\u00e9antsM. Fabrice ROSAYPr\u00e9fet secr\u00e9taire g\u00e9n\u00e9ral, pr\u00e9fet d\u00e9l\u00e9gu\u00e9 pourl'\u00e9galit\u00e9 des chances Mme Judith HUSSON,sous-pr\u00e9f\u00e8te de la M\u00e9tropole de Lyon, secr\u00e9taireg\u00e9n\u00e9rale adjointe\nM. A. PLAINDOUX,secr\u00e9taire g\u00e9n\u00e9ral adjoint du SGAMI Sud-EstMme Audrey MAYOL,directrice des ressources humaines du SGAMI-Sud-EstMme Axelle FLATTOT,directrice du secr\u00e9tariat g\u00e9n\u00e9ral commund\u00e9partemental du Rh\u00e9ne M. Fr\u00e9d\u00e9ric FOURNIERdirecteur du secr\u00e9tariat g\u00e9n\u00e9ral commund\u00e9partemental de la Haute-LoireM. Carl ACCETTONEsecr\u00e9taire g\u00e9n\u00e9ral de la pr\u00e9fecture de Haute-Savoie, sous-pr\u00e9fet de l'arrondissement d'AnnecyMme Virginie GUERIN-ROBINETsecr\u00e9taire g\u00e9n\u00e9rale de la pr\u00e9fecture de l'Ain\n69_Secr\u00e9tariat_G\u00e9n\u00e9ral_Commun_D\u00e9partemental - 69-2025-09-15-00018 - Arr\u00eat\u00e9 CAPL SEPTEMBRE 2025 16\nCATEGORIE CTitulaires Suppl\u00e9antsM. Fabrice ROSAYPr\u00e9fet secr\u00e9taire g\u00e9n\u00e9ral, pr\u00e9fet d\u00e9l\u00e9gu\u00e9 pourl'\u00e9galit\u00e9 des chances Mme Judith HUSSON,secr\u00e9taire g\u00e9n\u00e9rale adjointe, sous-pr\u00e9f\u00e9te de laM\u00e9tropole de LyonM. A. PLAINDOUX,secr\u00e9taire g\u00e9n\u00e9ral adjoint du SGAMI Sud-EstMme Audrey MAYOL,directrice des ressources humaines du SGAMI-Sud-EstMme Axelle FLATTOT,directrice du secr\u00e9tariat g\u00e9n\u00e9ral commund\u00e9partemental du Rh\u00e9ne M. R\u00e9gis HONOREdirecteur du secr\u00e9tariat g\u00e9n\u00e9ral commund\u00e9partemental de l'Is\u00e8reM. Carl ACCETTONEsecr\u00e9taire g\u00e9n\u00e9ral de la pr\u00e9fecture de Haute-Savoie, sous-pr\u00e9fet de l'arrondissement d'AnnecyMme Laurence TURsecr\u00e9taire g\u00e9n\u00e9rale de la pr\u00e9fecture de Savoie\n04\n69_Secr\u00e9tariat_G\u00e9n\u00e9ral_Commun_D\u00e9partemental - 69-2025-09-15-00018 - Arr\u00eat\u00e9 CAPL SEPTEMBRE 2025 17\nARTICLE 2: l'arr\u00eat\u00e9 du 18 octobre 2023 sur la partie qui concerne les repr\u00e9sentants du personnel estmodifi\u00e9 comme suit :\nRepr\u00e9sentants du personnelRepr\u00e9sentants du personnel par cat\u00e9gorie d'agentCat\u00e9gories | Nombre de | Liste attributaire Repr\u00e9sentants du personnel \u00e9lussieges detitulaires Titulaires Suppl\u00e9ants1 CFDT Linda FERHOD Val\u00e9rie CERVERA-ORTIZPr\u00e9fecture 69 SGC 01Cat. A 1 FO Alain FLATTIN Alain ROGERSGAMI Sud-Est Pr\u00e9fecture 63TOTAL 2 C\u00e9line THUEL Philippe GAUGIRARDPr\u00e9fecture 63 DZPJ Sud-est2 FO Anissa MOUKADEM Maryline RILLPr\u00e9fecture 69 SGAMI Sud-EstCat. B AllianceErdinc ALTINKAYNAK ina BOUTIBA1 PN/SAPACMI/SNI SCAM Sud-Est Fe DDs > 69PAT/UATS-UNSA1 CFDT Jean-Bernard SAN JUAN Nathalie FREDRYCKPr\u00e9fecture 69 Pr\u00e9fecture 73TOTAL 4 . Samia SOLTANI Olivier TREILLARDAlliance DDSP 42 SGAMI Sud-Est2 PN/SAPACMI/SNISGC 42 Pr\u00e9fecture 69Cat. C 1 FO Catherine GERENTES B\u00e9atrice BERTINPr\u00e9fecture 63 Pr\u00e9fecture 731 CFDT Hendrick PINTO Val\u00e9rie MICHAUTDDSP 63 Pr\u00e9fecture 74TOTAL 4\nARTICLE 3 : Les autres articles sont inchang\u00e9s\n69_Secr\u00e9tariat_G\u00e9n\u00e9ral_Commun_D\u00e9partemental - 69-2025-09-15-00018 - Arr\u00eat\u00e9 CAPL SEPTEMBRE 2025 18\nARTICLE 4: Cet arr\u00eat\u00e9 modificatif prend effet \u00e0 compter du 1\u00b0 septembre 2025 pour le restant de ladur\u00e9e du mandat, soit jusqu'au 31 d\u00e9cembre 2026.ARTICLE 5 : Le pr\u00e9fet, secr\u00e9taire g\u00e9n\u00e9rale de la pr\u00e9fecture du Rh\u00f4ne, pr\u00e9fet d\u00e9l\u00e9gu\u00e9e \u00e0 l'\u00e9galit\u00e9 deschances est charg\u00e9e de l'ex\u00e9cution du pr\u00e9sent arr\u00eat\u00e9 qui sera publi\u00e9 au recueil des actes administratifsde la pr\u00e9fecture d'Auvergne-Rh\u00f4ne-Alpes.\nLyon, le\n06\n69_Secr\u00e9tariat_G\u00e9n\u00e9ral_Commun_D\u00e9partemental - 69-2025-09-15-00018 - Arr\u00eat\u00e9 CAPL SEPTEMBRE 2025 19","date":"2025-09-22","first_seen_on":"2025-09-22T14:28:57+00:00","id":"c82f8f826e3464b73a38fe5909fd0c7f642bcc028ce7a06d8c2f3ca33697098e","name":"RAA_69-2025-239-220925","pdf_creation_date":"2025-09-22T14:16:11+00:00","pdf_modification_date":"2025-09-22T15:16:45+00:00","timezone":"Europe/Paris","url":"https://www.rhone.gouv.fr/contenu/telechargement/65567/442170/file/RAA_69-2025-239-220925.pdf"}
