{"administration":"pref83","administration_name":"Pr\u00e9fecture du Var","content":"VAR\nRECUEIL DES ACTES\nADMINISTRATIFS SP\u00c9CIAL\n(NOMINATIFS)\nN\u00b083-2024-327\nPUBLI\u00c9 LE 18 NOVEMBRE 2024\nSommaire\nAgence r\u00e9gionale de sant\u00e9 du Var / Direction de l'ARS du var\n83-2024-10-25-00012 - Microsoft Word - Arrt du 25.10.24 (RAA).docx (8\npages) Page 3\nDirection d\u00e9partementale de l'emploi, du travail et des solidarit\u00e9s du Var\n/ Direction de la DDETS\n83-2024-11-13-00003 - 769-2024-recepisse d\u00e9claration suite recours\ngracieux LA MONICA ALISSON du 131124 (1 page) Page 12\n83-2024-11-14-00004 - 771-2024-recepisse declaration ROBERT Alexandre du\n14112024 (2 pages) Page 14\n2\nAgence r\u00e9gionale de sant\u00e9 du Var\n83-2024-10-25-00012\nMicrosoft Word - Arrt du 25.10.24 (RAA).docx\nAgence r\u00e9gionale de sant\u00e9 du Var - 83-2024-10-25-00012 - Microsoft Word - Arrt du 25.10.24 (RAA).docx 3\nREPUBLIQUE\nFRANCAISE\nLibert\u00e9\nEgalit\u00e9\nFraternit\u00e9\nR\u00e9f  : DD83-1024-12215-D\nClag<: +fa]@ ) Agence  R\u00e9gionale  de Sant\u00e9\nProvence-Alpes\nC\u00f4te  d'Azur\n  \n \n \n \n \n \n \n \n \n \nAgence r\u00e9gionale de sant\u00e9 Provence-Alpes-C\u00f4te d'Azur-Si\u00e8ge - 132, boulevard de Paris - CS 50039 - 13331 Marseille Cedex 03 \nT\u00e9l 04.13.55.80.10  \nhttps://www.paca.ars.sante.fr/           Page /\n \n \n \nARRETE du 25 octobre 2024 \nModifiant l'arr\u00eat\u00e9 du 1er Aout 2022 fixant la composition nominative  \ndu Conseil Territorial de Sant\u00e9 du Var \n \n \nLE DIRECTEUR GENERAL DE L'AGENCE REGIONALE DE SANTE \nDE PROVENCE-ALPES-COTE D'AZUR \n \n \nVu le code de la sant\u00e9 publique, notamment ses articles L1434-10 CSP, R. 1434-33 \u00e0 1434-40 ; \n \nVu la loi n\u00b0 2016-41 du 26 janvier 2016 de modernisation de notre syst\u00e8me de sant\u00e9 ; \n \nVu la loi n\u00b0 2022-217 du 21 f\u00e9vrier 2022 relative \u00e0 la diff\u00e9renciation, la d\u00e9centralisation, la d\u00e9concentration et \nportant diverses mesures de simplification de l'action publique locale modifiant l'article L 1434-10 du CSP \n \nVu le d\u00e9cret n\u00b0 2010-336 du 31 mars 2010 portant cr\u00e9ation des Agences R\u00e9gionales de Sant\u00e9 ; \n \nVu le d\u00e9cret n\u00b0 2016-1024 du 26 juillet 2016 relatif aux territoires de d\u00e9mocratie sanitaire aux zones des \nsch\u00e9mas r\u00e9gionaux de sant\u00e9 et aux Conseils Territoriaux de Sant\u00e9 ; \n \nVU le d\u00e9cret du 16 Juillet 2024 portant nomination de Monsieur Yann BUBIEN, en qualit\u00e9 de Directeur g\u00e9n\u00e9ral de \nl'Agence r\u00e9gionale de sant\u00e9 Provence-Alpes-C\u00f4te d'Azur, \u00e0 compter du 18 Juillet 2024 ; \n \nVu le d\u00e9cret n\u00b0 2021-1258 du 29 septembre 2021 portant prorogation du mandat des membres de certains \nconseils territoriaux de sant\u00e9 \n \nVu l'arr\u00eat\u00e9 minist\u00e9riel du 3 ao\u00fbt 2016 relatif \u00e0 la composition du Conseil Territorial de Sant\u00e9 ; \n \nVu l'arr\u00eat\u00e9 n\u00b0 2016037-0024 du 24 octobre 2016 du Directeur G\u00e9n\u00e9ral de l'Agence R\u00e9gionale de Sant\u00e9 \nd\u00e9finissant les territoires de d\u00e9mocratie sanitaire de la r\u00e9gion Provence-Alpes-C\u00f4te d'Azur ; \n \nVu l'arr\u00eat\u00e9 n\u00b0 DD83-0217-1128-D du 2 mars 2017  fixant la composition nominative du Conseil Territorial de \nSant\u00e9 du Var ; \n \nVU l'arr\u00eat\u00e9 du 1er aout 2022 fixant la composition nominative du Conseil Territorial de Sant\u00e9 du Var ;  \n \nSur proposition des autorit\u00e9s et instances charg\u00e9es de d\u00e9signer des repr\u00e9sentants mentionn\u00e9s dans l'arr\u00eat\u00e9 \nminist\u00e9riel du 3 ao\u00fbt 2016 relatif \u00e0 la composition du conseil territorial de sant\u00e9 ; \n \nConsid\u00e9rant  que le mandat des membres des CTS a \u00e9t\u00e9 prorog\u00e9 jusqu'\u00e0 la d\u00e9signation des nouveaux \nmembres et au plus tard, jusqu'au 31 juillet 2022 conform\u00e9ment au d\u00e9cret du 29 septembre 2021 susvis\u00e9, \net qu'il convient donc de d\u00e9signer une nouvelle mandature ; \n \n \n \n \n \nAgence r\u00e9gionale de sant\u00e9 du Var - 83-2024-10-25-00012 - Microsoft Word - Arrt du 25.10.24 (RAA).docx 4\nAgence r\u00e9gionale de sant\u00e9 Provence-Alpes-C\u00f4te d'Azur-Si\u00e8ge - 132, boulevard de Paris - CS 50039 - 13331 Marseille Cedex 03 \nT\u00e9l 04.13.55.80.10  \nhttps://www.paca.ars.sante.fr/           Page 2/8 \n  \nARRETE \n \n \nARTICLE 1ER :  \n \nL'arr\u00eat\u00e9 n\u00b0 DD83-0722-8746-D  du 2 mars 2017  fixant la composition nominative du Conseil Territorial de \nSant\u00e9 du Var, publi\u00e9 au recueil des actes administratifs de la Pr\u00e9fecture de la r\u00e9gion PACA le 7 mars 2017 \nest abrog\u00e9.  \n \nARTICLE 2 :  \n \nLe Conseil Territorial de Sant\u00e9 est compos\u00e9 de trente-quatre membres au moins et de cinquante membres \nau plus, r\u00e9partis en 5 coll\u00e8ges.  \n \nARTICLE 3 : \n \n La liste des membres titulaires et suppl\u00e9ants du Conseil Territorial du Var est fix\u00e9e comme suit :  \n \n \n1\u00b0 Un coll\u00e8ge des professionnels et offreurs des services de sant\u00e9, compos\u00e9 d'au moins \nvingt et d'au plus, vingt-huit repr\u00e9sentants : \n \n \na) au plus, six repr\u00e9sentants des \u00e9tablissements de sant\u00e9, d\u00e9sign\u00e9s sur proposition des \nf\u00e9d\u00e9rations qui les repr\u00e9sentent, dont au plus trois repr\u00e9sentants des personnes morales \ngestionnaires de ces \u00e9tablissements et au plus trois pr\u00e9sidents de commission m\u00e9dicale ou de \nconf\u00e9rence m\u00e9dicale d'\u00e9tablissement :  \n \n- Monsieur Yann LE BRAS, FHF, Directeur CHI Toulon-La Seyne sur mer  \nsuppl\u00e9\u00e9 par : \n- Monsieur Damien FLOUREZ, FHF, Directeur CH Brignoles-Le Luc  \n \n- Docteur Yannick KNEFATI, FHF, Pr\u00e9sident de CME, CHI Toulon-La Seyne sur mer \nsuppl\u00e9\u00e9 par : \n- Docteur Jean-Marc MINGUET, FHF, Pr\u00e9sident de CME, CH de la Drac\u00e9nie \n \n- Madame Val\u00e9rie MASSENET, FEHAP, Directrice Clinique Malartic, Ollioules  \nsuppl\u00e9\u00e9 par : \n- Monsieur Jean-Bernard PERDIGAL, FEHAP, Directeur G\u00e9n\u00e9ral de Sant\u00e9 Solidarit\u00e9 du Var  \n \n- Docteur Val\u00e9rie CHAUVINEAU-MORTELETTE, FEHAP, Pr\u00e9sidente de CME, H\u00f4pital L\u00e9on \nB\u00e9rard, Hy\u00e8res  \nsuppl\u00e9\u00e9 par : \n- Docteur Julien DAMIANT, FEHAP, Pr\u00e9sident de CME, AVODD  \n \n- Monsieur Franck BLANC, FHP, Directeur G\u00e9n\u00e9ral Clinique Saint-Martin, Ollioules  \nsuppl\u00e9\u00e9 par : \n- Madame CONSTANTIN Sarah, FHP, Directrice de la Polyclinique Les Fleurs, Ollioules  \n \n- Docteur Sophie BUFFET-DELMAS, FHP, Pr\u00e9sident de la CME IMM Mar Vivo, La Seyne sur \nMer \nsuppl\u00e9\u00e9 par : \n- Docteur Emmanuel MULIN, FHP, Pr\u00e9sident de la CME de la Clinique Korian,  La Crau  \n \n \n \n \n Agence r\u00e9gionale de sant\u00e9 du Var - 83-2024-10-25-00012 - Microsoft Word - Arrt du 25.10.24 (RAA).docx 5\nAgence r\u00e9gionale de sant\u00e9 Provence-Alpes-C\u00f4te d'Azur-Si\u00e8ge - 132, boulevard de Paris - CS 50039 - 13331 Marseille Cedex 03 \nT\u00e9l 04.13.55.80.10  \nhttps://www.paca.ars.sante.fr/           Page 3/8 \n  \nb) au plus, cinq repr\u00e9sentants des personnes morales gestionnaires des services et \n\u00e9tablissements sociaux et m\u00e9dico-sociaux mentionn\u00e9s au I de l'article L. 312-1 et \u00e0 l'article     L. \n344-1 du code de l'action sociale et des familles r\u00e9partis entre ceux qui \u0153uvrent en faveur des \npersonnes \u00e2g\u00e9es et ceux qui \u0153uvrent en faveur des personnes handicap\u00e9es, d\u00e9sign\u00e9s sur \nproposition des groupements et f\u00e9d\u00e9rations repr\u00e9sentatifs des institutions sociales et m\u00e9dico-\nsociales :  \n \n- Monsieur Henri BADELL, Administrateur et d\u00e9l\u00e9gu\u00e9 du Var GEPSO  \nsuppl\u00e9\u00e9 par : \n- Madame Vanessa BOUBEE, GEPSO  \n \n- Monsieur Alexandre MULLER, NEXEM, Directeur G\u00e9n\u00e9ral du groupe UMANE  \nsuppl\u00e9\u00e9 par : \n- En cours de d\u00e9signation  \n \n- Madame LARDERET Sabine, D\u00e9l\u00e9gu\u00e9e SYNERPA du Var, Directrice EHPAD Notre Dame \nde Paracol, Le Val  \nsuppl\u00e9\u00e9 par : \n- Madame LEVEL Sandrine, D\u00e9l\u00e9gu\u00e9e D\u00e9partementale SYNERPA du Var  \n \n- Monsieur Giancarlo BAILLET, URIOPSS, Directeur COS Beaus\u00e9jour, Hy\u00e8res  \nsuppl\u00e9\u00e9 par : \n- Monsieur Samuel TAILHADES, FEHAP/URIOPSS, Directeur EHPAD Jean Lachenaud, \nFr\u00e9jus \n \n- Madame Sophie ABOUDARAM, FEHAP/URIOPSS, Directrice ADAPT Var  \nsuppl\u00e9\u00e9 par : \n- Monsieur Fabien VIZIALE, FEHAP/URIOPSS, Directeur de l'IME BELL'ESTELLO, Le Pradet \n \n \n \nc) au plus, trois repr\u00e9sentants des organismes \u0153uvrant dans les domaines de la promotion de la \nsant\u00e9 et de la pr\u00e9vention ou en faveur de l'environnement et de la lutte contre la pr\u00e9carit\u00e9, \nd\u00e9sign\u00e9s \u00e0 l'issue d'un appel \u00e0 candidatures organis\u00e9 dans des conditions fix\u00e9es par le \nDirecteur G\u00e9n\u00e9ral de l'Agence R\u00e9gionale de Sant\u00e9 : \n \n- Docteur Laurence PALLIER, Directrice CODES 83 \nsuppl\u00e9\u00e9 par : \n- Madame Aur\u00e8lie GAZAGNE, Coordinatrice, Association IDEA \n \n- Monsieur Gilles REBECHE, Secr\u00e9taire de l'Union Diaconale du Var, Toulon \nsuppl\u00e9\u00e9 par : \n- Monsieur Gilles COSSON, Responsable sant\u00e9 pr\u00e9carit\u00e9, UDV 83  \n \n- Monsieur St\u00e9phane GRASS, UNEO, D\u00e9l\u00e9gu\u00e9 Mutualit\u00e9 Fran\u00e7aise VAR  \nsuppl\u00e9\u00e9 par : \n- Monsieur Cyril AMIC, Responsable pr\u00e9vention et promotion sant\u00e9, Mutualit\u00e9 Fran\u00e7aise PACA.  \n \n \n \n \n \n \n \n \n \n Agence r\u00e9gionale de sant\u00e9 du Var - 83-2024-10-25-00012 - Microsoft Word - Arrt du 25.10.24 (RAA).docx 6\nAgence r\u00e9gionale de sant\u00e9 Provence-Alpes-C\u00f4te d'Azur-Si\u00e8ge - 132, boulevard de Paris - CS 50039 - 13331 Marseille Cedex 03 \nT\u00e9l 04.13.55.80.10  \nhttps://www.paca.ars.sante.fr/           Page 4/8 \n  \nd) au plus, six repr\u00e9sentants des professionnels de sant\u00e9 lib\u00e9raux, dont au plus trois m\u00e9decins et \nau plus trois repr\u00e9sentants des autres professionnels de sant\u00e9, d\u00e9sign\u00e9s par le Directeur \nG\u00e9n\u00e9ral de l'Agence R\u00e9gionale de Sant\u00e9, sur proposition conjointe des unions r\u00e9gionales des \nprofessionnels de sant\u00e9: \n-  \n- Docteur Alexis ANTOINE, URPS M\u00e9decins Lib\u00e9raux  \nsuppl\u00e9\u00e9 par : \nDocteur Marie-Claire TUFFERY, URPS M\u00e9decins Lib\u00e9raux \n \n- Docteur David GUEDJ, URPS M\u00e9decins Lib\u00e9raux \nsuppl\u00e9\u00e9 par : \n- Madame Fran\u00e7oise PASQUALI, URPS Pharmaciens  \n \n- Docteur Wilfrid GUARDIGLI, URPS M\u00e9decins Lib\u00e9raux,  \nsuppl\u00e9\u00e9 par : \n- Docteur Isabelle LECLAIR, URPS M\u00e9decins Lib\u00e9raux  \n \n- Docteur Renaud MACCOTA, URPS Chirurgiens-Dentistes \nsuppl\u00e9\u00e9 par : \n- Madame Laurence POYER-GRANDO, URPS Orthophonistes \n-  \n- Monsieur Christophe CHABOT, Vice-pr\u00e9sident URPS Infirmiers,  \nsuppl\u00e9\u00e9 par : \n- Monsieur Patrick MAGNETTO, URPS Pharmaciens  \n \n- Monsieur Alexandre AKLI, Pr\u00e9sident URPS P\u00e9dicures-Podologues  \nsuppl\u00e9\u00e9 par : \n- Monsieur Philippe LOUCHEUX, URPS Masseurs-Kin\u00e9sith\u00e9rapeutes  \n \n \n \ne) un repr\u00e9sentant des internes en m\u00e9decine de la ou des subdivisions situ\u00e9es sur le territoire du \nconseil, d\u00e9sign\u00e9 par une organisation qui les repr\u00e9sente : \n \n- En cours de d\u00e9signation  \nSuppl\u00e9\u00e9 par;  \n- En cours de d\u00e9signation \n \n \n \nf) au plus, cinq repr\u00e9sentants des diff\u00e9rents modes d'exercice coordonn\u00e9 et des organisations de \ncoop\u00e9ration territoriale : \n \n- Monsieur Patrick ROUVERAND, G\u00e9rant, MSP du Pays de Fayence  \nsuppl\u00e9\u00e9 par : \n- Madame BENDETSON Doroth\u00e9e, Coordinatrice, MSP du Pays de Fayence  \n \n- Docteur Andr\u00e9-Fran\u00e7ois CHAIX, Pr\u00e9sident, CPTS Drac\u00e9nie Provence Verdon  \nsuppl\u00e9\u00e9 par : \n- Madame Cindy PUGLIESE, Coordinatrice, CPTS Drac\u00e9nie Provence Verdon  \n \n- Mme Virginie D'ARCO, Coordinatrice, CPTS Pays des Maures-Littoral  \nsuppl\u00e9\u00e9 par : \n- Monsieur Patrick BEGUIN, MSP Thorsantis, Le Thoronet  \n \n \n Agence r\u00e9gionale de sant\u00e9 du Var - 83-2024-10-25-00012 - Microsoft Word - Arrt du 25.10.24 (RAA).docx 7\nAgence r\u00e9gionale de sant\u00e9 Provence-Alpes-C\u00f4te d'Azur-Si\u00e8ge - 132, boulevard de Paris - CS 50039 - 13331 Marseille Cedex 03 \nT\u00e9l 04.13.55.80.10  \nhttps://www.paca.ars.sante.fr/           Page 5/8 \n  \n- Madame Marie-Christine BATTESTI, Infirmi\u00e8re, CPTS des Iles d'Or, Hy\u00e8res  \nsuppl\u00e9\u00e9 par : \n- Madame Alvina GUILLE, Coordinatrice, CPTS des Iles d'Or, Hy\u00e8res  \n \n- Monsieur Michel SIFFRE, membre du conseil d'administration, CPTS Var Ouest  \nsuppl\u00e9\u00e9 par : \n- Madame Carole MITTELETTE, membre du conseil d'administration, CPTS Var Ouest  \n \n \n \ng) au plus, un repr\u00e9sentant des \u00e9tablissements assurant des activit\u00e9s d'hospitalisation \u00e0 domicile \nd\u00e9sign\u00e9 par le Directeur G\u00e9n\u00e9ral de l'Agence R\u00e9gionale de Sant\u00e9, sur proposition de \nl'organisation regroupant le nombre le plus important de ces \u00e9tablissements sur le territoire \nconcern\u00e9 : \n \n- Monsieur Olivier MAGAJA, FNEHAD, Directeur Cap Domicile HAD, La Seyne sur mer  \nsuppl\u00e9\u00e9 par : \n- En cours de d\u00e9signation  \n \n \n \nh) au plus, un repr\u00e9sentant de l'ordre des m\u00e9decins d\u00e9sign\u00e9 par le pr\u00e9sident du Conseil r\u00e9gional \nde l'ordre : \n \n- Docteur Catherine VEYSSIERE-BERTRAND, Secr\u00e9taire G\u00e9n\u00e9rale du Conseil D\u00e9partemental \nde l'Ordre des M\u00e9decins du Var  \nsuppl\u00e9\u00e9 par : \n- Docteur Christian MOUTTE, membre du Conseil D\u00e9partemental de l'Ordre des M\u00e9decins du \nVar \n \n \n \n2\u00b0 Un coll\u00e8ge des usagers et associations d'usagers \u0153uvrant dans les domaines de \ncomp\u00e9tence de l'Agence R\u00e9gionale de Sant\u00e9, compos\u00e9 d'au moins six et d'au plus, dix \nmembres :  \n  \n \na) au plus, six repr\u00e9sentants des usagers des associations agr\u00e9\u00e9es au niveau r\u00e9gional ou, \u00e0 \nd\u00e9faut, au niveau national, conform\u00e9ment \u00e0 l'article L. 1114-1, d\u00e9sign\u00e9s \u00e0 l'issue d'un appel \u00e0 \ncandidatures organis\u00e9 dans des conditions fix\u00e9es par le Directeur G\u00e9n\u00e9ral de l'Agence \nR\u00e9gionale de Sant\u00e9 : \n \n- Monsieur Fran\u00e7ois DEBATS, Administrateur, UDAF du Var  \nsuppl\u00e9\u00e9 par : \n- Monsieur R\u00e9gis LEFEBVRE, Pr\u00e9sident, UDAF du Var  \n \n- Monsieur Louis PORTE, b\u00e9n\u00e9vole UNAFAM, Var  \nsuppl\u00e9\u00e9 par : \n- En cours de d\u00e9signation  \n \n- Madame Ghislaine LEMASSON/MAZZOLA, F\u00e9d\u00e9ration Fran\u00e7aise pour le Don du Sang \nB\u00e9n\u00e9vole  \nsuppl\u00e9\u00e9 par : \n- En cours de d\u00e9signation  \n \n- En cours de d\u00e9signation  \nsuppl\u00e9\u00e9 par : Agence r\u00e9gionale de sant\u00e9 du Var - 83-2024-10-25-00012 - Microsoft Word - Arrt du 25.10.24 (RAA).docx 8\nAgence r\u00e9gionale de sant\u00e9 Provence-Alpes-C\u00f4te d'Azur-Si\u00e8ge - 132, boulevard de Paris - CS 50039 - 13331 Marseille Cedex 03 \nT\u00e9l 04.13.55.80.10  \nhttps://www.paca.ars.sante.fr/           Page 6/8 \n - En cours de d\u00e9signation  \n- En cours de d\u00e9signation  \nsuppl\u00e9\u00e9 par : \n- En cours de d\u00e9signation  \n \n- En cours de d\u00e9signation  \nsuppl\u00e9\u00e9 par : \n- En cours de d\u00e9signation  \n \n \nb) au plus, quatre repr\u00e9sentants des usagers des associations des personnes handicap\u00e9es ou \ndes associations de retrait\u00e9s et personnes \u00e2g\u00e9es, sur proposition du ou des conseils \nd\u00e9partementaux de la citoyennet\u00e9 et de l'autonomie du ressort du Conseil Territorial de Sant\u00e9: \n \n- Monsieur Henri ROIG, CREAI  \nsuppl\u00e9\u00e9 par : \n- Madame Th\u00e9r\u00e8se FORLI, UMANE \n \n- Madame Maryse MOSCATI, Union Territoriale des Retrait\u00e9s, CFDT 83 \nsuppl\u00e9\u00e9 par : \n- Monsieur Jean-Marc PEDRONA, APAJH \n \n- Madame Brigitte PERRAUD, Alzheimer aidants, Var \nsuppl\u00e9\u00e9 par : \n- En cours de d\u00e9signation \n \n- Madame Sarah HADDIOUI, Association Paralys\u00e9s de France Handicap \nsuppl\u00e9\u00e9 par : \n- En cours de d\u00e9signation \n \n \n3\u00b0 Un coll\u00e8ge des collectivit\u00e9s territoriales ou de leurs groupements, du territoire de \nd\u00e9mocratie sanitaire concern\u00e9, compos\u00e9 d'au moins quatre et d'au plus, sept membres : \n \n \na) au plus, un Conseiller R\u00e9gional d\u00e9sign\u00e9 par le Pr\u00e9sident du Conseil R\u00e9gional : \n \n- Madame Josy CHAMBON, Conseill\u00e8re R\u00e9gionale PACA \nsuppl\u00e9\u00e9 par : \n- Monsieur Andr\u00e9 GARRON, Maire de la ville de Solli\u00e8s-Pont  \n \nb) au plus, un repr\u00e9sentant du Conseil D\u00e9partemental situ\u00e9 dans le ressort du conseil, d\u00e9sign\u00e9 \npar l'Assembl\u00e9e des d\u00e9partements de France : \n \n- Madame Fran\u00e7oise DUMONT, S\u00e9natrice du Var  \nsuppl\u00e9\u00e9 par : \n- Madame Nathalie JANET, Conseill\u00e8re D\u00e9partementale du Var, Adjointe au Maire du \nLavandou \n \n \nc) un repr\u00e9sentant des services d\u00e9partementaux de protection maternelle et infantile du ressort \ndu conseil territorial de sant\u00e9, d\u00e9sign\u00e9 par le Pr\u00e9sident du Conseil D\u00e9partemental : \n \n- Docteur Thierry OLIVIER, Responsable du p\u00f4le PMI, Conseil D\u00e9partemental du Var  \nsuppl\u00e9\u00e9 par : \n- Docteur Kareen THIBAULT, M\u00e9decin r\u00e9f\u00e9rent PMI, Conseil D\u00e9partemental du Var  \n \n Agence r\u00e9gionale de sant\u00e9 du Var - 83-2024-10-25-00012 - Microsoft Word - Arrt du 25.10.24 (RAA).docx 9\nAgence r\u00e9gionale de sant\u00e9 Provence-Alpes-C\u00f4te d'Azur-Si\u00e8ge - 132, boulevard de Paris - CS 50039 - 13331 Marseille Cedex 03 \nT\u00e9l 04.13.55.80.10  \nhttps://www.paca.ars.sante.fr/           Page 7/8 \n d) au plus, deux repr\u00e9sentants des communaut\u00e9s mentionn\u00e9es aux articles L. 5214-1, L. 5215-1,     \nL. 5216-1, L. 5217-1 ou L. 5219-1 du code g\u00e9n\u00e9ral des collectivit\u00e9s territoriales regroupant des \ncommunes situ\u00e9es en tout ou partie dans le territoire de sant\u00e9 auquel est rattach\u00e9 le conseil, \nd\u00e9sign\u00e9s par l'Assembl\u00e9e des communaut\u00e9s de France : \n \n- En cours de d\u00e9signation ; \nsuppl\u00e9\u00e9 par : \n- En cours de d\u00e9signation. \n \n- En cours de d\u00e9signation ; \nsuppl\u00e9\u00e9 par : \n- En cours de d\u00e9signation. \n \n \ne) au plus, deux repr\u00e9sentants des communes d\u00e9sign\u00e9s par l'Association des maires de France : \n \n- Monsieur Richard STRAMBIO, Maire de Draguignan  \nsuppl\u00e9\u00e9 par : \n- Monsieur Jean-Paul JOSEPH, Maire de Bandol  \n \n- Monsieur Jean-Luc LONGOUR, Maire du Cannet des Maures  \nsuppl\u00e9\u00e9 par : \n- Monsieur Didier BREMOND, Maire de Brignoles  \n \n \n4\u00b0 Un coll\u00e8ge des repr\u00e9sentants de l'Etat et des organismes de S\u00e9curit\u00e9 Sociale, compos\u00e9 \nd'au moins deux et d'au plus trois membres: \n  \na) au plus, un repr\u00e9sentant de l'Etat dans le d\u00e9partement du ressort du Conseil Territorial de \nSant\u00e9, d\u00e9sign\u00e9 par le Pr\u00e9fet de d\u00e9partement concern\u00e9 :  \n \n- Madame Myriam GARCIA, Sous-Pr\u00e9f\u00e8te de Draguignan  \nsuppl\u00e9\u00e9 par : \n- Madame FERRERE Nelcie, Directrice D\u00e9partementale Adjointe DDETS Toulon  \n \n \nb) au plus, deux repr\u00e9sentants des organismes de S\u00e9curit\u00e9 Sociale situ\u00e9s dans le ressort du \nConseil Territorial de Sant\u00e9, d\u00e9sign\u00e9s par le Directeur G\u00e9n\u00e9ral de l'Agence R\u00e9gionale de Sant\u00e9, \nsur proposition conjointe des organismes locaux ou r\u00e9gionaux de S\u00e9curit\u00e9 Sociale du ressort \ndu conseil :  \n \n- Madame Isabelle BOUIS, MSA Provence AZUR  \nsuppl\u00e9\u00e9 par : \n- Monsieur Thierry GONFALONE, Directeur Adjoint, CNMSS, Toulon  \n \n- Monsieur Gilles MANCHON, Pr\u00e9sident du Conseil, CPAM, Toulon  \nsuppl\u00e9\u00e9 par : \n- En cours de d\u00e9signation \n \n \n5\u00b0 Deux personnalit\u00e9s qualifi\u00e9es d\u00e9sign\u00e9es par le Directeur G\u00e9n\u00e9ral de l'Agence R\u00e9gionale \nde Sant\u00e9 selon les dispositions pr\u00e9vues \u00e0 l'article R. 1434-33 du code de la sant\u00e9 publique : \n \n- Docteur Daniel RAUCOULES, 2\u00e8me vice-Pr\u00e9sident de la CME, Responsable de l'Unit\u00e9 \nIntersectorielle d'Hospitalisation Sans Consentement, CHI Toulon-La Seyne sur mer  \n \n- Docteur Marie-Dominique COLAS, M\u00e9decin Chef, HIA Sainte-Anne, TOULON  \n \n \n \n Agence r\u00e9gionale de sant\u00e9 du Var - 83-2024-10-25-00012 - Microsoft Word - Arrt du 25.10.24 (RAA).docx 10\nAgence r\u00e9gionale de sant\u00e9 Provence-Alpes-C\u00f4te d'Azur-Si\u00e8ge - 132, boulevard de Paris - CS 50039 - 13331 Marseille Cedex 03 \nT\u00e9l 04.13.55.80.10  \nhttps://www.paca.ars.sante.fr/           Page 8/8 \n Membres invit\u00e9s en application de l'article 19 de la loi n\u00b0 2019-774 du 24 juillet 2019 susvis\u00e9e \nportant modification de l'article L1434-10 du code de la sant\u00e9 publique : \n    \n- Laure LAVALETTE, d\u00e9put\u00e9e, 2\u00e8me circonscription \n- Julie LECHANTEUX, d\u00e9put\u00e9e, 5\u00e8me circonscription \n- Yannick CHENEVARD, d\u00e9put\u00e9, 1\u00e8re circonscription \n- St\u00e9phane RAMBAUD, d\u00e9put\u00e9, 3\u00e8me circonscription \n- Philippe LOTTIAUX, d\u00e9put\u00e9, 4\u00e8me circonscription \n- Franck GILETTI, d\u00e9put\u00e9, 6\u00e8me circonscription \n- Fr\u00e9d\u00e9ric BOCCALETTI, d\u00e9put\u00e9, 7\u00e8me circonscription \n- Philippe SCHRECK, d\u00e9put\u00e9, 8\u00e8me circonscription \n- Fran\u00e7oise DUMONT, s\u00e9natrice \n- Jean BACCI, s\u00e9nateur \n- Michel BONNUS, s\u00e9nateur \n- Andr\u00e9 GUIOL, s\u00e9nateur \n \nLa participation des ordres professionnels est ajout\u00e9e aux nouvelles missions d\u00e9crites par \nla loi Valletoux du 27 d\u00e9cembre 2023. \n \n \nArticle 4  \n \nLa dur\u00e9e du mandat des membres du Conseil Territorial de Sant\u00e9 est de cinq ans, \u00e0 compter du 1er Aout \n2022. \nTout membre perdant la qualit\u00e9 pour laquelle il a \u00e9t\u00e9 d\u00e9sign\u00e9 cesse de faire partie du Conseil Territorial de \nSant\u00e9. \nLorsqu'un membre cesse, pour une raison quelconque, de faire partie du Conseil Territorial o\u00f9 il si\u00e9geait, \nun nouveau membre est d\u00e9sign\u00e9, dans les m\u00eames conditions, pour la dur\u00e9e restant \u00e0 courir du mandat. \n  \nARTICLE 5 :  \n \nLe pr\u00e9sent arr\u00eat\u00e9 peut \u00eatre contest\u00e9 par voie de recours contentieux devant la juridiction administrative \nterritorialement comp\u00e9tente dans le d\u00e9lai de 2 mois \u00e0 compter de sa publication au recueil des actes \nadministratifs de la pr\u00e9fecture de la r\u00e9gion PACA pour les tiers, ou de sa notification pour les int\u00e9ress\u00e9s. \n \nARTICLE 6 : \n \nLe directeur de la d\u00e9l\u00e9gation d\u00e9partementale du Var est charg\u00e9e de l'ex\u00e9cution du pr\u00e9sent arr\u00eat\u00e9 qui sera \npubli\u00e9 au recueil des actes administratifs de la Pr\u00e9fecture de la r\u00e9gion Provence-Alpes-C\u00f4te d'Azur. \n \n \n \nFait \u00e0 Marseille, le 25 octobre 2024 \n \n \n \n Pour le Directeur G\u00e9n\u00e9ral de l'ARS PACA \n Et par d\u00e9l\u00e9gation, \n Le Directeur G\u00e9n\u00e9ral Adjoint \n \n Sign\u00e9 : Olivier Brahic  Agence r\u00e9gionale de sant\u00e9 du Var - 83-2024-10-25-00012 - Microsoft Word - Arrt du 25.10.24 (RAA).docx 11\nDirection d\u00e9partementale de l'emploi, du travail\net des solidarit\u00e9s du Var\n83-2024-11-13-00003\n769-2024-recepisse d\u00e9claration suite recours\ngracieux LA MONICA ALISSON du 131124\nDirection d\u00e9partementale de l'emploi, du travail et des solidarit\u00e9s du Var - 83-2024-11-13-00003 - 769-2024-recepisse d\u00e9claration suite\nrecours gracieux LA MONICA ALISSON du 131124 12\nPF 4\nLibert\u00e9  + \u00c9galit\u00e9  + Fraternit\u00e9\nR\u00c9PUBLIQUE  FRAN\u00c7AISE\nR\u00e9c\u00e9piss\u00e9 de d\u00e9claration\nd'un organisme de services \u00e0 la personne\nenregistr\u00e9 sous le N\u00b0 SAP932548449\nVu le code du travail et notamment les articles L.7231-1 \u00e0 L.7233-2, R.7232-16 \u00e0 R.7232-22, D.7231-1 et\nD.7233-1 \u00e0 D.7233-5 ; \nVu la demande de d\u00e9claration d\u00e9pos\u00e9e par l'organisme , 7 H Chemin du B\u00e9al 83440 Tourrettes, le \n10/09/24 ;\nLe pr\u00e9fet du Var\nConstate : \nQu'une d\u00e9claration d'activit\u00e9s de services \u00e0 la personne a \u00e9t\u00e9 d\u00e9pos\u00e9e aupr\u00e8s du service instructeur\ndu Var, le 10/09/24 par Mme. La Monica Alisson en qualit\u00e9 de dirigeant(e), pour l'organisme  dont\nl'\u00e9tablissement principal est situ\u00e9 7 H Chemin du B\u00e9al 83440 Tourrettes et enregistr\u00e9 sous le N\u00b0\nSAP932548449 pour les activit\u00e9s suivantes :\n  \u2022   Soutien scolaire ou cours \u00e0 domicile (mode d'intervention Prestataire)\nToute  modification  concernant  les  activit\u00e9s  exerc\u00e9es  devra  faire  l'objet  d'une  d\u00e9claration\nmodificative pr\u00e9alable.\nSous r\u00e9serve d'\u00eatre exerc\u00e9es \u00e0 titre exclusif (ou sous r\u00e9serve d'une comptabilit\u00e9 s\u00e9par\u00e9e pour les\npersonnes  morales  dispens\u00e9es  de  cette  condition),  ces  activit\u00e9s  ouvrent  droit  au  b\u00e9n\u00e9fice  des\ndispositions des articles L. 7233-2 du code du travail et L.241-10 du code de la s\u00e9curit\u00e9 sociale dans\nles conditions pr\u00e9vues par ces articles.\nLes effets de la d\u00e9claration courent \u00e0 compter du jour du d\u00e9p\u00f4t de la d\u00e9claration sous r\u00e9serve des\ndispositions de l'article R.7232-18 du code du travail. Le pr\u00e9sent r\u00e9c\u00e9piss\u00e9 n'est pas limit\u00e9 dans le\ntemps. La d\u00e9claration a une port\u00e9e nationale.\nL'enregistrement de la d\u00e9claration peut \u00eatre retir\u00e9 dans les conditions fix\u00e9es aux articles R.7232-\n20 \u00e0 R.7232-22 du code du travail.\nLe pr\u00e9sent r\u00e9c\u00e9piss\u00e9 sera publi\u00e9 au recueil des actes administratifs de la pr\u00e9fecture.\nLe pr\u00e9sent r\u00e9c\u00e9piss\u00e9 peut, \u00e0 compter de sa notification, faire l'objet d'un recours gracieux aupr\u00e8s\nservice instructeur du Var ou d'un recours hi\u00e9rarchique adress\u00e9 au ministre charg\u00e9 de l'\u00e9conomie -\nDirection g\u00e9n\u00e9rale des entreprises \u2013 sous-direction des services marchands, 61 Boulevard Vincent\nAuriol, 75703 PARIS CEDEX 13.\nIl peut \u00e9galement faire l'objet d'un recours contentieux dans un d\u00e9lai de deux mois \u00e0 compter de sa\nnotification aupr\u00e8s du tribunal administratif de Toulon.\nLe tribunal administratif peut aussi \u00eatre saisi par l'application informatique \u00ab T\u00e9l\u00e9recours citoyen \u00bb\naccessible sur le site internet   http://www.telerecours.fr/\nEn cas de rejet du recours gracieux ou hi\u00e9rarchique ou en l'absence de r\u00e9ponse \u00e0 ce recours (rejet\nimplicite), un recours contentieux devant le tribunal administratif de Toulon peut \u00e9galement \u00eatre\nform\u00e9 contre la d\u00e9cision initiale dans un d\u00e9lai de deux mois \u00e0 compter de ce rejet. \nPour le Pr\u00e9fet et par d\u00e9l\u00e9gation\nPour le Directeur d\u00e9partemental \nde l'emploi, du travail et des solidarit\u00e9s du Var \nLa cheffe du service accompagnement \ndes entreprises et d\u00e9veloppement des territoires\nSign\u00e9 : S\u00e9verine LARDERET\nFait \u00e0 CS 31209 - 83070 TOULON Cedex, le 13/11/24\nDDETS du VarDirection d\u00e9partementale de l'emploi, du travail et des solidarit\u00e9s du Var - 83-2024-11-13-00003 - 769-2024-recepisse d\u00e9claration suite\nrecours gracieux LA MONICA ALISSON du 131124 13\nDirection d\u00e9partementale de l'emploi, du travail\net des solidarit\u00e9s du Var\n83-2024-11-14-00004\n771-2024-recepisse declaration ROBERT\nAlexandre du 14112024\nDirection d\u00e9partementale de l'emploi, du travail et des solidarit\u00e9s du Var - 83-2024-11-14-00004 - 771-2024-recepisse declaration\nROBERT Alexandre du 14112024 14\nx = \u2014\nLibert\u00e9  + Egalit\u00e9  + Fraternit\u00e9\nR\u00c9PUBLIQUE  FRAN\u00c7AISE\nR\u00e9c\u00e9piss\u00e9 de d\u00e9claration\nd'un organisme de services \u00e0 la personne\nenregistr\u00e9 sous le N\u00b0 SAP800767923\nVu le code du travail et notamment les articles L.7231-1 \u00e0 L.7233-2, R.7232-16 \u00e0 R.7232-22, D.7231-1 et\nD.7233-1 \u00e0 D.7233-5 ; \nVu la demande de d\u00e9claration d\u00e9pos\u00e9e par l'organisme Gentleman Clean, 157c route de Callas \n83490 Le Muy, le 12/11/24  ;\nLe pr\u00e9fet du Var\nConstate : \nQu'une d\u00e9claration d'activit\u00e9s de services \u00e0 la personne a \u00e9t\u00e9 d\u00e9pos\u00e9e aupr\u00e8s du service instructeur\ndu Var, le 12/11/24 par M. ROBERT Alexandre en qualit\u00e9 de dirigeant(e), pour l'organisme Gentleman\nClean dont l'\u00e9tablissement principal est situ\u00e9 157c route de Callas 83490 Le Muy et enregistr\u00e9 sous le\nN\u00b0 SAP800767923 pour les activit\u00e9s suivantes :\n  \u2022   Entretien de la maison et travaux m\u00e9nagers (mode d'intervention Prestataire)\nToute  modification  concernant  les  activit\u00e9s  exerc\u00e9es  devra  faire  l'objet  d'une  d\u00e9claration\nmodificative pr\u00e9alable.\nSous r\u00e9serve d'\u00eatre exerc\u00e9es \u00e0 titre exclusif (ou sous r\u00e9serve d'une comptabilit\u00e9 s\u00e9par\u00e9e pour les\npersonnes  morales  dispens\u00e9es  de  cette  condition),  ces  activit\u00e9s  ouvrent  droit  au  b\u00e9n\u00e9fice  des\ndispositions des articles L. 7233-2 du code du travail et L.241-10 du code de la s\u00e9curit\u00e9 sociale dans\nles conditions pr\u00e9vues par ces articles.\nLes effets de la d\u00e9claration courent \u00e0 compter du jour du d\u00e9p\u00f4t de la d\u00e9claration sous r\u00e9serve des\ndispositions de l'article R.7232-18 du code du travail. Le pr\u00e9sent r\u00e9c\u00e9piss\u00e9 n'est pas limit\u00e9 dans le\ntemps. La d\u00e9claration a une port\u00e9e nationale.\nL'enregistrement de la d\u00e9claration peut \u00eatre retir\u00e9 dans les conditions fix\u00e9es aux articles R.7232-\n20 \u00e0 R.7232-22 du code du travail.\nLe pr\u00e9sent r\u00e9c\u00e9piss\u00e9 sera publi\u00e9 au recueil des actes administratifs de la pr\u00e9fecture.\nLe pr\u00e9sent r\u00e9c\u00e9piss\u00e9 peut, \u00e0 compter de sa notification, faire l'objet d'un recours gracieux aupr\u00e8s\nservice instructeur du Var ou d'un recours hi\u00e9rarchique adress\u00e9 au ministre charg\u00e9 de l'\u00e9conomie -\nDirection g\u00e9n\u00e9rale des entreprises \u2013 sous-direction des services marchands, 61 Boulevard Vincent\nAuriol, 75703 PARIS CEDEX 13.\nIl peut \u00e9galement faire l'objet d'un recours contentieux dans un d\u00e9lai de deux mois \u00e0 compter de sa\nnotification aupr\u00e8s du tribunal administratif de Toulon.\nLe tribunal administratif peut aussi \u00eatre saisi par l'application informatique \u00ab T\u00e9l\u00e9recours citoyen \u00bb\naccessible sur le site internet   http://www.telerecours.fr/\nEn cas de rejet du recours gracieux ou hi\u00e9rarchique ou en l'absence de r\u00e9ponse \u00e0 ce recours (rejet\nimplicite), un recours contentieux devant le tribunal administratif de Toulon peut \u00e9galement \u00eatre\nform\u00e9 contre la d\u00e9cision initiale dans un d\u00e9lai de deux mois \u00e0 compter de ce rejet. \nPour le Pr\u00e9fet et par d\u00e9l\u00e9gation\nPour le Directeur d\u00e9partemental \nde l'emploi, du travail et des solidarit\u00e9s du Var \nLa cheffe du service accompagnement \ndes entreprises et d\u00e9veloppement des territoires\nSign\u00e9 : S\u00e9verine LARDERET\nFait \u00e0 CS 31209 - 83070 TOULON Cedex, le 13/11/24\nDDETS du Var\nDirection d\u00e9partementale de l'emploi, du travail et des solidarit\u00e9s du Var - 83-2024-11-14-00004 - 771-2024-recepisse declaration\nROBERT Alexandre du 14112024 15\n Direction d\u00e9partementale de l'emploi, du travail et des solidarit\u00e9s du Var - 83-2024-11-14-00004 - 771-2024-recepisse declaration\nROBERT Alexandre du 14112024 16","date":"2024-11-18","first_seen_on":"2024-11-18T15:59:27+00:00","id":"c88d310bbaddeed177bac5c532030d3a76c8d681533c94f9337b35fe2d0f7d97","name":"RAA N\u00b0327 du 18 novembre 2024","pdf_creation_date":"2024-11-18T15:14:31+00:00","pdf_modification_date":null,"timezone":"Europe/Paris","url":"https://www.var.gouv.fr/contenu/telechargement/37172/245877/file/RAA%20N%C2%B0327%20du%2018%20novembre%202024%20NOMINATIF.pdf"}
