{"administration":"pref21","administration_name":"Pr\u00e9fecture de C\u00f4te-d\u2019Or","content":"PR\u00c9FET\nDE LA C\u00d4TE-D'OR\nRECUEIL DES ACTES\nADMINISTRATIFS SP\u00c9CIAL\nN\u00b021-2025-077\nPUBLI\u00c9 LE  6 JUIN 2025\nSommaire\nCour d'appel de Dijon /\n21-2025-04-28-00009 - 2025 DELEGATION SIGNATURE DEPENSES DE\nPERSONNEL  (2 pages) Page 4\nDirection d\u00e9partementale de la protection des populations de la\nC\u00f4te-d'Or /\n21-2025-06-05-00001 - Arr\u00eat\u00e9 pr\u00e9fectoral n\u00b0 781 subd\u00e9l\u00e9gation\nde signature DDPP (2 pages) Page 7\nDirection d\u00e9partementale de la protection des populations de la\nC\u00f4te-d'Or / Service Sant\u00e9 et Protections animales, Protection de\nl'Environnement\n21-2025-06-23-00002 - Arr\u00eat\u00e9 pr\u00e9fectoral N\u00b0719/2025 en date du 23\nmai 2025 attribuant l habilitation sanitaire \u00e0 Olivier SAN GERMAN (2\npages) Page 10\n21-2025-06-23-00001 - Arr\u00eat\u00e9 pr\u00e9fectoral N\u00b0720/2025 en date du 23\nmai 2025 attribuant l habilitation sanitaire \u00e0 Lucie POULAIN (3 pages) Page 13\nDirection d\u00e9partementale des territoires de la C\u00f4te-d'Or / Service\nPr\u00e9servation et Am\u00e9nagement de l'Espace (SPAE)\n21-2025-06-02-00002 - Arr\u00eat\u00e9 pr\u00e9fectoral du 2 juin 2025 autorisant, sur\nle territoire de la r\u00e9serve naturelle nationale de la Combe Lavaux - Jean\nRoland, l'usage du v\u00e9lo tout terrain (VTT) par les gestionnaires de la\nr\u00e9serve, les partenaires de la gestion de la r\u00e9serve et les agents\ncharg\u00e9s de la police de l'environnement (1 page) Page 17\n21-2025-05-26-00005 - Arr\u00eat\u00e9 pr\u00e9fectoral du 26 mai 2025 portant\nd\u00e9signation d'un liquidateur pour l'association fonci\u00e8re de\nremembrement de COULMIER-LE-SEC (3 pages) Page 19\n21-2025-06-04-00002 - Arr\u00eat\u00e9 pr\u00e9fectoral n\u00b0DDT/SPAE/BCF/228-01 du\n4 juin 2025 portant sur le transfert \u00e0 la commune de D\u00e9tain-et-Bruant\ndes biens, droits et obligations de la section de Bruant (3 pages) Page 23\nDirection d\u00e9partementale des territoires de la C\u00f4te-d'Or / Service\nS\u00e9curit\u00e9 et Education Routi\u00e8re\n21-2025-05-27-00002 - AP 762 20250527 RAA M274 CampagneFauchage (13\npages) Page 27\n21-2025-06-05-00004 - Arr\u00eat\u00e9 Pr\u00e9fectoral N\u00b0787 relatif \u00e0 la\ncirculation d'un petit train touristique sur le territoire de la commune de\nDIJON les samedi 7 et dimanche 8 juin 2025 \u00e0 l'occasion de la\nmanifestation \u00ab 38? \u00e9dition de la F\u00eate du Port du Canal \u00bb (7 pages) Page 41\n21-2025-06-05-00005 - Arr\u00eat\u00e9 Pr\u00e9fectoral N\u00b0788 Autorisant la\nmanifestation nautique d\u00e9nomm\u00e9e \u00ab la 38? f\u00eate du port du Canal\n\u00bb le samedi 7 et dimanche 8 juin 2025 avec feu d'artifice et portant\nr\u00e9glementation de la navigation int\u00e9rieure sur le Canal de Bourgogne,\nsur le territoire de la commune de DIJON (5 pages) Page 49\n2\n21-2025-06-05-00003 - Arr\u00eat\u00e9 pr\u00e9fectoral N\u00b0789 portant\nmodification des conditions de stationnement sur le Canal de\nBourgogne\nBief 55S - port de Dijon (5 pages) Page 55\nDRFiP Bourgogne Franche-Comt\u00e9 /\n21-2025-06-01-00002 - DRFIP 21 - D\u00e9l\u00e9gation de signature P\u00f4le\nContr\u00f4le Expertise Beaune 01.06.2025 (1 page) Page 61\n21-2025-06-01-00003 - DRFIP 21 - D\u00e9l\u00e9gation de signature P\u00f4le\nContr\u00f4le Expertise Dijon 01.06.2025 (2 pages) Page 63\n21-2025-06-01-00001 - DRFIP 21 - DELEGATION RESPONSABLE DU SDIF au\n01.06.2025 (1 page) Page 66\n21-2025-05-30-00001 - DRFIP 21 - d\u00e9l\u00e9gation signature des responsables\nde service en mati\u00e8re contentieux et gracieux fiscal au 01.06.2025 (1 page) Page 68\n21-2025-06-02-00001 - DRFIP21 - D\u00e9l\u00e9gation signature responsable SDIF\nTaxe urbanisme 02.06.2025 (1 page) Page 70\nFRANCE DOMAINE /\n21-2025-04-29-00004 - avenant 2 cdu 021 2011 0052 (4 pages) Page 72\n21-2025-04-29-00003 - cdu 021 2025 0001 (12 pages) Page 77\nHospices Civils de Beaune / Direction g\u00e9n\u00e9rale\n21-2025-06-04-00001 - 24 2025 D\u00e9l\u00e9gation designature DRHAM (2\npages) Page 90\nPr\u00e9fecture de la C\u00f4te-d'Or / Direction de la coordination, des politiques\npubliques et de l'appui territorial\n21-2025-06-28-00001 - Arr\u00eat\u00e9 pr\u00e9fectoral n\u00b0761 du 28/05/2025\nportant habilitation de la SAS CBRE Conseil et Transaction en application\nde l'article R.752-6-3 du code du commerce pour la r\u00e9alisation de\nl'analyse d'impact des projets d'am\u00e9nagement commercial (2 pages) Page 93\nPr\u00e9fecture de la C\u00f4te-d'Or / Direction des Collectivit\u00e9s locales et des\nElections\n21-2025-05-28-00003 - Arr\u00eat\u00e9 portant modification des statuts de Dijon\nM\u00e9tropole (7 pages) Page 96\nPr\u00e9fecture de la C\u00f4te-d'Or / Direction des s\u00e9curit\u00e9s\n21-2025-05-28-00002 - AP portant autorisation de surveillance\nexceptionnelle sur la voie publique BEAUNE (3 pages) Page 104\n21-2025-06-05-00002 - Arr\u00eat\u00e9 pr\u00e9fectoral autorisant\nl'enregistrement audiovisuel des interventions des agents de\nla police\nmunicipale des communes d'\u00c9chenon, de Saint-Jean-de-Losne\net de\nSaint-Usage (3 pages) Page 108\n21-2025-06-05-00006 - Arr\u00eat\u00e9 pr\u00e9fectoral N\u00b0 792 portant interdiction\nde rassemblements festifs \u00e0 caract\u00e8re musical et interdiction de\ncirculation de tout v\u00e9hicule transportant du mat\u00e9riel de son \u00e0\ndestination d'un rassemblement festif \u00e0 caract\u00e8re musical non\nautoris\u00e9 (2 pages) Page 112\n3\nCour d'appel de Dijon\n21-2025-04-28-00009\n2025 DELEGATION SIGNATURE DEPENSES DE\nPERSONNEL \nCour d'appel de Dijon - 21-2025-04-28-00009 - 2025 DELEGATION SIGNATURE DEPENSES DE PERSONNEL 4\nMINISTEREDE LA JUSTICEL'iberte'Egalit\u00e9Fraternit\u00e9\n  \n \nLe premier pr\u00e9sident de la cour d'appel de Dijon \net \n                          Le procureur g\u00e9n\u00e9ral pr\u00e8s ladite cour \n \nVu les d\u00e9crets n\u00b02004-435 du 24 mai 2004 et n\u00b02006-806 du 6 juillet 2006 relatifs aux comp\u00e9tences d\u00e9volues en \nqualit\u00e9 d'ordonnateurs secondaires aux premiers pr\u00e9sidents et procureurs g\u00e9n\u00e9raux de cour d'appel ; \n \nVu le d\u00e9cret n\u00b0 2012-1246 du 7 novembre 2012 relatif \u00e0 la gestion budg\u00e9taire et comptable publique modifi\u00e9 ; \n \nVu l'arr\u00eat\u00e9 du ministre de l'\u00e9conomie, des finances et de la relance et des comptes publics en date du 5 mai 2021 \nfixant la liste des pi\u00e8ces justificatives des d\u00e9penses des organismes soumis au titre 3 du d\u00e9cret n\u00b02012-1246 du \n7 novembre 2012 relatif \u00e0 la gestion budg\u00e9taire et comptable publique ; \n \nVu l'article D312-66 du code de l'organisation judiciaire relatif \u00e0 la comp\u00e9tence conjointe du premier pr\u00e9sident de \nla cour d'appel et du procureur g\u00e9n\u00e9ral pr\u00e8s cette cour pour l'ordonnancement secondaire des d\u00e9penses et des \nrecettes des juridictions de leur ressort  relatives au personnel, au fonctionnement et aux interventions et \u00e0 la \npossibilit\u00e9 de qu'ils ont de d\u00e9l\u00e9guer conjointement leur signature, sous leur surveillance et leur responsabilit\u00e9, au \ndirecteur d\u00e9l\u00e9gu\u00e9 \u00e0 l'administration r\u00e9gionale judiciaire, \u00e0 un magistrat ou aux agents en fonction dans le ressort \nde la cour d'appel ; \n \nVu l'article R312-69 relatif \u00e0 la suppl\u00e9ance du premier pr\u00e9sident de la cour d'appel, en cas d'absence ou \nd'emp\u00eachement de ce dernier, dans ses fonctions administratives, par le magistrat du si\u00e8ge dont le rang est le \nplus \u00e9lev\u00e9 ; \n \nVu les articles R312-71 et suivants du code de l'organisation judiciaire relatifs \u00e0 l'organisation et au fonctionnement \ndes services administratifs r\u00e9gionaux ; \n \nVu le d\u00e9cret NOR JUS B2503017D du 17 f\u00e9vrier 2025 portant nomination de Monsieur Alain CHATEAUNEUF aux \nfonctions de premier pr\u00e9sident de la cour d'appel de Dijon ; \n \nVu le d\u00e9cret NOR JUS B2418220D du 09 juillet 2024 portant nomination de Monsieur Philippe ASTRUC aux \nfonctions de procureur g\u00e9n\u00e9ral pr\u00e8s la cour d'appel de Dijon ; \n \n \n \nDECIDENT \n \nArticle 1er - D\u00e9l\u00e9gation conjointe de nos signatures est donn\u00e9e aux agents figurant nominativement dans l'annexe \n1 de la pr\u00e9sente d\u00e9cision, \u00e0 l'effet de signer les actes d'ordonnancement secondaire des d\u00e9penses et recettes \nconcernant les personnels du ressort de la cour d'appel. \n \nArticle 2 - la pr\u00e9sente d\u00e9cision sera communiqu\u00e9e aux agents nomm\u00e9s ci-dessus et publi\u00e9e au recueil des actes \nadministratifs de la r\u00e9gion Bourgogne Franche-Comt\u00e9. \n \n \nFait \u00e0 Dijon, le 28 avril 2025 \n \nLE PROCUREUR G\u00c9N\u00c9RAL, \n \n \n \n \n \nPhilippe ASTRUC \nLE PREMIER PR\u00c9SIDENT, \n \n \n \n \n \nAlain CHATEAUNEUF \nCOUR D'APPEL DE DIJON \n \nDECISION PORTANT DELEGATION DE SIGNATURE \nCour d'appel de Dijon - 21-2025-04-28-00009 - 2025 DELEGATION SIGNATURE DEPENSES DE PERSONNEL 5\n \n \nANNEXE 1 \nAgents b\u00e9n\u00e9ficiaires de la d\u00e9l\u00e9gation de signature des chefs de la cour d'appel de Dijon \n pour signer les actes d'ordonnancement secondaire des d\u00e9penses et recettes concernant les personnels du \nressort de la cour d'appel de Dijon  \n \nPr\u00e9nom NOM Corps et fonctions Signature \nJulie DUFOUR \nDirectrice des services de greffe, \ndirectrice d\u00e9l\u00e9gu\u00e9e \u00e0 \nl'administration r\u00e9gionale \njudiciaire du SAR de la cour \nd'appel de Dijon \n \nMagalie TONNELLATTO \nDirectrice des services de greffe, \nresponsable de la gestion des \nressources humaines, cheffe du \np\u00f4le RH - Formation \n \nLise TRINH \nDirectrice des services de greffe, \nresponsable de la gestion des \nressources humaines \n \nJocelyne VILLAME \u00e9pouse \nCHADEUF \nSecr\u00e9taire administrative, \nresponsable de la gestion des \nressources humaines adjointe \n \nAng\u00e9lique AUBEL \nSecr\u00e9taire administratif, \ngestionnaire administratif et \nfinancier \n \nSt\u00e9phane BRISSART \nSecr\u00e9taire administratif, \ngestionnaire administratif et \nfinancier \n \nDamien LOEW \nSecr\u00e9taire administratif, \ngestionnaire administratif et \nfinancier \n \nYo\u00ebssa GARNIER \nAdjointe administrative, \ngestionnaire administrative et \nfinancier \n \nAude MILLERAND \nAdjointe administrative, \ngestionnaire administrative et \nfinancier \n \n \nCour d'appel de Dijon - 21-2025-04-28-00009 - 2025 DELEGATION SIGNATURE DEPENSES DE PERSONNEL 6\nDirection d\u00e9partementale de la protection des\npopulations de la C\u00f4te-d'Or\n21-2025-06-05-00001\nArr\u00eat\u00e9 pr\u00e9fectoral n\u00b0 781 subd\u00e9l\u00e9gation de\nsignature DDPP\nDirection d\u00e9partementale de la protection des populations de la C\u00f4te-d'Or - 21-2025-06-05-00001 - Arr\u00eat\u00e9 pr\u00e9fectoral n\u00b0 781\nsubd\u00e9l\u00e9gation de signature DDPP 7\nExPREFETDE LACOTE-D'ORLibert\u00e9Egalit\u00e9Fraternit\u00e9\nDirection d\u00e9partementale de la\nprotection des populations\nde la C\u00f4te-d'Or\nArr\u00eat\u00e9 pr\u00e9fectoral n\u00b0 781/DDPP du 5 juin 2025\ndonnant subd\u00e9l\u00e9gation de signature\nLe directeur d\u00e9partemental de la protection des populations de la C\u00f4te-d'Or\nVU le d\u00e9cret N\u00b0 2009-1484 du 3 d\u00e9cembre 2009 modifi\u00e9 relatif aux directions d\u00e9partementales  \ninterminist\u00e9rielles, notamment son article 5 ;\nVu  l'arr\u00eat\u00e9 du 14 septembre 2023 nommant M. Didier ROOSE, directeur d\u00e9partemental de la  \nprotection des populations de la C\u00f4te-d'Or ;\nVU l'arr\u00eat\u00e9 pr\u00e9fectoral  N\u00b0  1658/SG du 28 octobre 2024  donnant d\u00e9l\u00e9gation de signature \u00e0 M.  \nDidier ROOSE, directeur d\u00e9partemental de la protection des populations de la C\u00f4te-d'Or.\nARR\u00caTE \nArticle 1  er   : \nDans le domaine des comp\u00e9tences administratives vis\u00e9es \u00e0 l'article 2 de l'arr\u00eat\u00e9 pr\u00e9fectoral N\u00b0 \n1658/SG du 28 octobre 2024 et conform\u00e9ment \u00e0 l'article 9 de ce m\u00eame arr\u00eat\u00e9, en mon absence  \nou en cas d'emp\u00eachement de ma part, subd\u00e9l\u00e9gation de signature est donn\u00e9e dans le cadre de  \nleurs attributions respectives, \u00e0 :\n\uf02d Mme Genevi\u00e8ve CASCHETTA, directrice d\u00e9partementale adjointe ; \n\uf02d Mme Anne DUPIRE, cheffe du service de la s\u00e9curit\u00e9 sanitaire de l'alimentation (SSA) ;\n\uf02d Mr Roland LAFFOURCADE, adjoint \u00e0 la cheffe du SSA\n\uf02d Mme  Flora  AL-HAKKAK,  cheffe  du  service  de  la  sant\u00e9  et  protection  animale  et  \nprotection de l'environnement (SPAPE) ;\n\uf02d Mme Adeline PERRONNEAU, adjointe \u00e0 la cheffe du SPAPE ;\n\uf02d Mr Herv\u00e9 NIEL, responsable unit\u00e9 sant\u00e9 animale au SPAPE ; \n\uf02d Mme Marie-Andr\u00e9e DURAND, responsable unit\u00e9 environnement au SPAPE ;\n\uf02d M. Gil GONFALONE, chef du service de la protection \u00e9conomique des consommateurs et \nde la veille concurrentielle (SPEC) ;\n\uf02d Mme Nathalie BRISSOT, charg\u00e9e du contentieux,\nArticle 2 :\n \nDans le domaine des comp\u00e9tences administratives vis\u00e9es \u00e0 l'article 2 de l'arr\u00eat\u00e9 pr\u00e9fectoral N\u00b0 \n1658/SG du 28 octobre 2024, plus particuli\u00e8rement pour tous les aspects relatifs aux abattoirs  \nd'animaux de boucherie du d\u00e9partement, conform\u00e9ment \u00e0  l'article 9 de ce m\u00eame arr\u00eat\u00e9, en  \nmon absence ou en cas d'emp\u00eachement de ma part, subd\u00e9l\u00e9gation de signature est donn\u00e9e  \ndans le cadre de leurs attributions respectives, \u00e0 :\n\uf0b7 Mr Marco DE DECKER, responsable de l'\u00e9quipe d'inspection v\u00e9t\u00e9rinaire de la DDPP de la  \nC\u00f4te-d'Or, bas\u00e9 \u00e0 l'abattoir de Venarey-Les-Laumes ;\n\uf0b7 Mme Karine ZANCANARO, en suppl\u00e9ance de Mr Marco DE DECKER ;\nArticle 3 :\nDirection d\u00e9partementale de la protection des populations de la C\u00f4te-d'Or - 21-2025-06-05-00001 - Arr\u00eat\u00e9 pr\u00e9fectoral n\u00b0 781\nsubd\u00e9l\u00e9gation de signature DDPP 8\nDans  le  domaine  de  comp\u00e9tence  relatif  aux  responsabilit\u00e9s  d'unit\u00e9  op\u00e9rationnelle  vis\u00e9es  \u00e0  \nl'article 3 de l'arr\u00eat\u00e9 pr\u00e9fectoral N\u00b0 1658/SG du 28 octobre 2024 et conform\u00e9ment \u00e0 l'article 9 \nde ce m\u00eame arr\u00eat\u00e9, en mon absence ou en cas d'emp\u00eachement de ma part, subd\u00e9l\u00e9gation de  \nsignature est donn\u00e9e dans le cadre de leurs attributions respectives, pour l'ordonnancement  \nsecondaire des d\u00e9penses et des recettes des trois programmes 134, 206 et 724, \u00e0 :\n\uf0b7 Mme Genevi\u00e8ve CASCHETTA, directrice d\u00e9partementale adjointe ;\n\uf0b7 M.  Judica\u00ebl  BENANH-TOGNAMA,  contr\u00f4leur  de  gestion,  en  suppl\u00e9ance  de  Mme  \nGenevi\u00e8ve CASCHETTA, directrice d\u00e9partementale adjointe ;\nArticle 4 :\nDans le domaine de comp\u00e9tence relatif aux responsabilit\u00e9s de service prescripteur, centre de  \nco\u00fbts,  vis\u00e9es  \u00e0  l'article  7  de  l'arr\u00eat\u00e9  pr\u00e9fectoral  N\u00b0  1658/SG  du  28  octobre  2024  et  \nconform\u00e9ment \u00e0 l'article 9 de ce m\u00eame arr\u00eat\u00e9, en mon absence ou en cas d'emp\u00eachement de  \nma part, subd\u00e9l\u00e9gation de signature est donn\u00e9e dans le cadre de leurs attributions respectives,  \npour assurer le traitement des engagements juridiques et demandes de paiement ainsi que leur  \nvalidation par le centre de service partag\u00e9 chorus habilit\u00e9, \u00e0 :\n\uf0b7 Mme Genevi\u00e8ve CASCHETTA, directrice d\u00e9partementale adjointe ;\n\uf0b7 M.  Judica\u00ebl  BENANH-TOGNAMA,  contr\u00f4leur  de  gestion,  en  suppl\u00e9ance  de  Mme  \nGenevi\u00e8ve CASCHETTA, directrice d\u00e9partementale adjointe ;\nArticle 5 :\nDans le domaine de comp\u00e9tence relatif aux responsabilit\u00e9s de pouvoir adjudicateur vis\u00e9es aux  \narticles 7 et 8 de l'arr\u00eat\u00e9 pr\u00e9fectoral N\u00b0 1658/SG du 28 octobre 2024 et conform\u00e9ment \u00e0 l'article \n9 de ce m\u00eame arr\u00eat\u00e9, en mon absence ou en cas d'emp\u00eachement de ma part, subd\u00e9l\u00e9gation de  \nsignature  est  donn\u00e9e  dans  le  cadre  de  leurs  attributions  respectives,  pour  la  passation  et  \nl'ex\u00e9cution des march\u00e9s d\u00e9volus au pouvoir adjudicateur, \u00e0 :\n \n\uf0b7 Mme Genevi\u00e8ve CASCHETTA, directrice d\u00e9partementale adjointe ;\n\uf0b7 M.  Judica\u00ebl  BENANH-TOGNAMA,  contr\u00f4leur  de  gestion,  en  suppl\u00e9ance  de  Mme  \nGenevi\u00e8ve CASCHETTA,  directrice d\u00e9partementale adjointe et dans la limite fix\u00e9e en  \nmati\u00e8re de contractualisation de march\u00e9s publics ;\nArticle 6 :\nLe pr\u00e9sent arr\u00eat\u00e9 abroge et remplace l'arr\u00eat\u00e9 N\u00b0 1850/DDPP relatif au m\u00eame objet en date du 9  \nd\u00e9cembre 2024.\nArticle 7 : \nLe  directeur  d\u00e9partemental  de  la  protection  des  populations  et  les  agents  concern\u00e9s  sont  \ncharg\u00e9s, chacun en ce qui les concerne, de l'ex\u00e9cution du pr\u00e9sent arr\u00eat\u00e9 qui sera publi\u00e9 au  \nrecueil des actes administratifs de la pr\u00e9fecture de la C\u00f4te-d'Or.\nFait \u00e0 Dijon, le 5 juin 2025\n         Le directeur d\u00e9partemental\nde la protection des populations,\nSign\u00e9\nDidier ROOSE\nDirection d\u00e9partementale de la protection des populations de la C\u00f4te-d'Or - 21-2025-06-05-00001 - Arr\u00eat\u00e9 pr\u00e9fectoral n\u00b0 781\nsubd\u00e9l\u00e9gation de signature DDPP 9\nDirection d\u00e9partementale de la protection des\npopulations de la C\u00f4te-d'Or\nService Sant\u00e9 et Protections animales, Protection\nde l'Environnement\n21-2025-06-23-00002\nArr\u00eat\u00e9 pr\u00e9fectoral N\u00b0719/2025 en date du 23 mai\n2025 attribuant l habilitation sanitaire \u00e0 Olivier\nSAN GERMAN\nDirection d\u00e9partementale de la protection des populations de la C\u00f4te-d'Or - 21-2025-06-23-00002 - Arr\u00eat\u00e9 pr\u00e9fectoral N\u00b0719/2025 en\ndate du 23 mai 2025 attribuant l habilitation sanitaire \u00e0 Olivier SAN GERMAN 10\nExPREFETDE LACOTE-D'ORijerte'Egalit\u00e9Fraternit\u00e9\nDirection D\u00e9partementale\nde la Protection des Populations\nService Sant\u00e9 et Protection Animales\nProtection de l'Environnement\nAffaire suivie par : Val\u00e9rie LABUSSIERE\nT\u00e9l. : 03 80 29 44 53\nM\u00e9l : ddpp-spa@cote-dor.gouv.fr\nArr\u00eat\u00e9 pr\u00e9fectoral N\u00b0719/2025 en date du 23 mai 2025\nAttribuant l'habilitation sanitaire \u00e0 Olivier SAN GERMAN\nPr\u00e9fet de la C\u00f4te-d'Or\nVu  le Code Rural et de la p\u00eache maritime et notamment ses articles L.203-1 \u00e0 L.203-7, L.223-\n6, R.203-1 \u00e0 R.203-15 et R.242-33.\nVu  le d\u00e9cret n\u00b080-516 du 4 juillet 1980, modifi\u00e9 par le d\u00e9cret n\u00b090-1033 du 19 novembre  \n1990 et par le d\u00e9cret 2003-768 du 1 er ao\u00fbt 2003, relatif \u00e0 l'ex\u00e9cution des mesures de  \nprophylaxie collective des maladies des animaux ;\nVu  le  d\u00e9cret  n\u00b02004-374  du  29  avril  2004  modifi\u00e9,  relatif  aux  pouvoirs  des  pr\u00e9fets,  \u00e0  \nl'organisation  et  \u00e0  l'action  des  services  de  l'\u00c9tat  dans  les  r\u00e9gions  et  d\u00e9partements  \nnotamment son article 43 ;\nVu  le d\u00e9cret du 10 octobre 2024 nommant M. Paul MOURIER, pr\u00e9fet de la C\u00f4te-d'Or ;\nVu l'arr\u00eat\u00e9  pr\u00e9fectoral  n\u00b0  1658/SG  du  28/10/2024,  donnant  d\u00e9l\u00e9gation  de  signature  \u00e0  \nMonsieur Didier ROOSE ;\nVu l'arr\u00eat\u00e9 pr\u00e9fectoral n\u00b01850/DDPP du 09/12/2024, donnant subd\u00e9l\u00e9gation de signature ;\nConsid\u00e9rant  que  le  Docteur  V\u00e9t\u00e9rinaire  Olivier  SAN  GERMAN  remplit  les  conditions  \npermettant l'attribution de l'habilitation sanitaire ;\nSur proposition de Monsieur le directeur d\u00e9partemental de la protection des populations de  \nla C\u00f4te-d'Or ;\nDirection D\u00e9partementale de la Protection des Populations - 57 rue de Mulhouse  -  21 033 DIJON Cedex\nt\u00e9l : 03 80 29 43 53... - Fax : 03 80 29 43 53..... - m\u00e8l : ddpp@cote-dor.gouv.fr\nSite internet : http://www.cote-dor.gouv.fr\npage 1\nDirection d\u00e9partementale de la protection des populations de la C\u00f4te-d'Or - 21-2025-06-23-00002 - Arr\u00eat\u00e9 pr\u00e9fectoral N\u00b0719/2025 en\ndate du 23 mai 2025 attribuant l habilitation sanitaire \u00e0 Olivier SAN GERMAN 11\nA R R E T E\nArticle 1er :\nL'habilitation sanitaire pr\u00e9vue \u00e0 l'article L.203-1 du code rural et de la p\u00eache maritime susvis\u00e9  \nest attribu\u00e9e pour une dur\u00e9e de 5 ans, \u00e0 compter de la date de signature du pr\u00e9sent arr\u00eat\u00e9,  \u00e0 \nOlivier SAN GERMAN , Docteur V\u00e9t\u00e9rinaire, inscrit au Tableau de l'Ordre des V\u00e9t\u00e9rinaires de  \nla  r\u00e9gion  Bourgogne-Franche-Comt\u00e9,  sous  le  n\u00b039737,  administrativement  domicili\u00e9  \u00e0  \nClinique UNIVET Chatillonais 9 rue de la Forgeotte 21400 CHATILLON SUR SEINE\nArticle 2 :\nDans la mesure o\u00f9 les conditions requises ont \u00e9t\u00e9 respect\u00e9es, cette habilitation sanitaire est  \nrenouvelable  par  p\u00e9riode  de  cinq  ann\u00e9es  tacitement  reconduites  sous  r\u00e9serve  pour  le  \nv\u00e9t\u00e9rinaire sanitaire de justifier \u00e0 l'issue de chaque p\u00e9riode de cinq ans, aupr\u00e8s du pr\u00e9fet de  \nla C\u00f4te-d'Or du respect de ses obligations de formation continue pr\u00e9vues \u00e0 l'article R.203-12.\nArticle 3 :\nOlivier SAN GERMAN s'engage \u00e0 respecter les prescriptions techniques, administratives et le  \ncas \u00e9ch\u00e9ant financi\u00e8res de mise en \u0153uvre des mesures de pr\u00e9vention, de surveillance ou de  \nlutte prescrites par l'autorit\u00e9 administrative et des op\u00e9rations de police sanitaire ex\u00e9cut\u00e9es  \nen application de l'article L.203-7 du code rural et de la p\u00eache maritime.\nArticle 4 :\nOlivier SAN GERMAN  pourra \u00eatre appel\u00e9 par le pr\u00e9fet de ses d\u00e9partements d'exercice pour  \nla  r\u00e9alisation  d'op\u00e9rations  de  police  sanitaire  au  sein  des  lieux  de  d\u00e9tention  ou  des  \n\u00e9tablissements pour lesquels il a \u00e9t\u00e9 d\u00e9sign\u00e9 v\u00e9t\u00e9rinaire sanitaire. Il sera tenu de concourir \u00e0  \nces op\u00e9rations en application des dispositions de l'article L.203-7 du code rural et de la  \np\u00eache maritime.\nArticle 5 :\nTout  manquement  ou  faute  commis  dans  l'exercice  de  la  pr\u00e9sente  habilitation  sanitaire \nentra\u00eenera l'application des dispositions pr\u00e9vues aux articles R.203-15, R.228-6 et suivants du  \ncode rural et de la p\u00eache maritime.\nArticle 6 :\nLa pr\u00e9sente d\u00e9cision peut faire l'objet d'un recours devant le Tribunal Administratif de Dijon  \ndans un d\u00e9lai de deux mois \u00e0 compter de la date de notification, soit par courrier, soit par  \nl'application informatique T\u00e9l\u00e9recours accessible sur le site www.telerecours.fr\nArticle 7 :\nMonsieur le directeur d\u00e9partemental de la protection des populations de la C\u00f4te-d'Or est  \ncharg\u00e9 de l'ex\u00e9cution du pr\u00e9sent arr\u00eat\u00e9 qui sera publi\u00e9 au recueil des actes administratifs de  \nla pr\u00e9fecture de la C\u00f4te-d'Or.\nLa cheffe de service\nSign\u00e9\nFlora AL-HAKKAK\nDirection D\u00e9partementale de la Protection des Populations - 57 rue de Mulhouse  -  21 033 DIJON Cedex\nt\u00e9l : 03 80 29 43 53... - Fax : 03 80 29 43 53..... - m\u00e8l : ddpp@cote-dor.gouv.fr\nSite internet : http://www.cote-dor.gouv.fr\npage 2\nDirection d\u00e9partementale de la protection des populations de la C\u00f4te-d'Or - 21-2025-06-23-00002 - Arr\u00eat\u00e9 pr\u00e9fectoral N\u00b0719/2025 en\ndate du 23 mai 2025 attribuant l habilitation sanitaire \u00e0 Olivier SAN GERMAN 12\nDirection d\u00e9partementale de la protection des\npopulations de la C\u00f4te-d'Or\nService Sant\u00e9 et Protections animales, Protection\nde l'Environnement\n21-2025-06-23-00001\nArr\u00eat\u00e9 pr\u00e9fectoral N\u00b0720/2025 en date du 23\nmai 2025 attribuant l habilitation sanitaire \u00e0\nLucie POULAIN\nDirection d\u00e9partementale de la protection des populations de la C\u00f4te-d'Or - 21-2025-06-23-00001 - Arr\u00eat\u00e9 pr\u00e9fectoral N\u00b0720/2025 en\ndate du 23 mai 2025 attribuant l habilitation sanitaire \u00e0 Lucie POULAIN 13\nExPREFETDE LACOTE-D'ORijerte'Egalit\u00e9Fraternit\u00e9\nDirection D\u00e9partementale\nde la Protection des Populations\nService Sant\u00e9 et Protection Animales\nProtection de l'Environnement\nAffaire suivie par : Val\u00e9rie LABUSSIERE\nT\u00e9l. : 03 80 29 44 53\nM\u00e9l : ddpp-spa@cote-dor.gouv.fr\nArr\u00eat\u00e9 pr\u00e9fectoral N\u00b0720/2025 en date du 23 mai 2025\nAttribuant l'habilitation sanitaire \u00e0 Lucie POULAIN\nPr\u00e9fet de la C\u00f4te-d'Or\nVu le Code Rural et de la p\u00eache maritime et notamment ses articles L.203-1 \u00e0 L.203-7,  \nL.223-6, R.203-1 \u00e0 R.203-15 et R.242-33.\nVu le d\u00e9cret n\u00b080-516 du 4 juillet 1980, modifi\u00e9 par le d\u00e9cret n\u00b090-1033 du 19 novembre \n1990 et par le d\u00e9cret 2003-768 du 1er ao\u00fbt 2003, relatif \u00e0 l'ex\u00e9cution des mesures de   \nprophylaxie collective des maladies des animaux ;\nVu le d\u00e9cret n\u00b02004-374 du 29 avril 2004 modifi\u00e9, relatif aux pouvoirs des pr\u00e9fets, \u00e0  \nl'organisation et \u00e0 l'action des services de l'\u00c9tat dans les r\u00e9gions et d\u00e9partements  \nnotamment son article 43 ;\nVu  le d\u00e9cret du 10 octobre 2024 nommant M. Paul MOURIER, pr\u00e9fet de la C\u00f4te-d' Or ;\nVu l'arr\u00eat\u00e9  pr\u00e9fectoral  n\u00b0  1658/SG  du  28/10/2024,  donnant  d\u00e9l\u00e9gation  de  signature  \u00e0  \nMonsieur Didier ROOSE ;\nVu l'arr\u00eat\u00e9 pr\u00e9fectoral n\u00b0 1850/DDPP du 09/12/2024, donnant subd\u00e9l\u00e9gation de signature ;\nVu la demande pr\u00e9sent\u00e9e par Madame Lucie POULAIN n\u00e9e le 14/04/1987 et domicili\u00e9e \nprofessionnellement au : Clinique Mon V\u00e9to 488 route de Gray 21850 Saint- Appolinaire\nConsid\u00e9rant que Madame  Lucie POULAIN  remplit les conditions permettant l'attribution  \nde l'habilitation sanitaire ;\nSur la proposition  du directeur d\u00e9partemental de la protection des populations de la C\u00f4te-\nd'Or ;\nDirection D\u00e9partementale de la Protection des Populations - 57 rue de Mulhouse  -  21 033 DIJON Cedex\nt\u00e9l : 03 80 29 43 53... - m\u00e8l : ddpp-spa@cote-dor.gouv.fr\nSite internet : http://www.cote-dor.gouv.fr\npage 1\nDirection d\u00e9partementale de la protection des populations de la C\u00f4te-d'Or - 21-2025-06-23-00001 - Arr\u00eat\u00e9 pr\u00e9fectoral N\u00b0720/2025 en\ndate du 23 mai 2025 attribuant l habilitation sanitaire \u00e0 Lucie POULAIN 14\nARR\u00caTE\nArticle 1er :\nL'habilitation sanitaire pr\u00e9vue \u00e0 l'article L.203-1 du code rural et de la p\u00eache maritime susvis\u00e9  \nest attribu\u00e9e pour une dur\u00e9e d\u00e9termin\u00e9e, du 08 avril 2025 au 24 Ao\u00fbt 2025, \u00e0 :\nMadame Lucie POULAIN, V\u00e9t\u00e9rinaire\ninscrite au Tableau de l'Ordre des V\u00e9t\u00e9rinaires\nde la r\u00e9gion Bourgogne-Franche-Comt\u00e9, sous le n\u00b038570\nV\u00e9t\u00e9rinaire administrativement domicili\u00e9e :\nClinique Mon V\u00e9to \n488 route de Gray \n21850 Saint- Appolinaire\nArticle 2 :\nMadame Lucie POULAIN s'engage \u00e0 respecter les prescriptions techniques, administratives et  \nle cas \u00e9ch\u00e9ant financi\u00e8res de mise en \u0153uvre des mesures de pr\u00e9vention, de surveillance ou  \nde  lutte  prescrites  par  l'autorit\u00e9  administrative  et  des  op\u00e9rations  de  police  sanitaire  \nex\u00e9cut\u00e9es en application de l'article L.203-7 du code rural et de la p\u00eache maritime.\nArticle 3 :\nMadame  Lucie POULAIN  pourra \u00eatre appel\u00e9e par le pr\u00e9fet de ses d\u00e9partements d'exercice  \npour la r\u00e9alisation d'op\u00e9rations de police sanitaire au sein des lieux de d\u00e9tention ou des  \n\u00e9tablissements pour  lesquels elle a \u00e9t\u00e9 d\u00e9sign\u00e9e v\u00e9t\u00e9rinaire sanitaire. Elle sera tenue de  \nconcourir \u00e0 ces op\u00e9rations en application des dispositions de l'article L.203-7 du code rural et \nde la p\u00eache maritime.\nArticle 4 :\nTout  manquement  ou  faute  commis  dans  l'exercice  de  la  pr\u00e9sente  habilitation  sanitaire \nentra\u00eenera l'application des dispositions pr\u00e9vues aux articles R.203-15, R.228-6 et suivants du  \ncode rural et de la p\u00eache maritime.\nDirection D\u00e9partementale de la Protection des Populations - 57 rue de Mulhouse  -  21 033 DIJON Cedex\nt\u00e9l : 03 80 29 43 53... - m\u00e8l : ddpp-spa@cote-dor.gouv.fr\nSite internet : http://www.cote-dor.gouv.fr\nDirection d\u00e9partementale de la protection des populations de la C\u00f4te-d'Or - 21-2025-06-23-00001 - Arr\u00eat\u00e9 pr\u00e9fectoral N\u00b0720/2025 en\ndate du 23 mai 2025 attribuant l habilitation sanitaire \u00e0 Lucie POULAIN 15\nArticle 5 : d\u00e9lai et voie de recours\nLa  pr\u00e9sente  d\u00e9cision  peut  faire  l'objet  d'un  recours  contentieux  devant  le  tribunal  \nadministratif de Dijon dans un d\u00e9lai de deux mois \u00e0 compter de sa notification, soit par  \ncourrier,  soit  par  l'application  informatique  T\u00e9l\u00e9recours  accessible  sur  le  site  \nwww.telerecours.fr\nArticle 6 : ex\u00e9cution\nMonsieur le directeur d\u00e9partemental de la protection des populations de la C\u00f4te-d'Or est  \ncharg\u00e9 de l'ex\u00e9cution du pr\u00e9sent arr\u00eat\u00e9 qui sera publi\u00e9 au recueil des actes administratifs de  \nla pr\u00e9fecture de la C\u00f4te-d'Or.\n     \nLa cheffe de service\nSign\u00e9\nFlora AL-HAKKAK\n                                                 \nDirection D\u00e9partementale de la Protection des Populations - 57 rue de Mulhouse  -  21 033 DIJON Cedex\nt\u00e9l : 03 80 29 43 53... - m\u00e8l : ddpp-spa@cote-dor.gouv.fr\nSite internet : http://www.cote-dor.gouv.fr\npage 3\nDirection d\u00e9partementale de la protection des populations de la C\u00f4te-d'Or - 21-2025-06-23-00001 - Arr\u00eat\u00e9 pr\u00e9fectoral N\u00b0720/2025 en\ndate du 23 mai 2025 attribuant l habilitation sanitaire \u00e0 Lucie POULAIN 16\nDirection d\u00e9partementale des territoires de la\nC\u00f4te-d'Or\nService Pr\u00e9servation et Am\u00e9nagement de\nl'Espace (SPAE)\n21-2025-06-02-00002\nArr\u00eat\u00e9 pr\u00e9fectoral du 2 juin 2025 autorisant, sur\nle territoire de la r\u00e9serve naturelle nationale de la\nCombe Lavaux - Jean Roland, l'usage du v\u00e9lo tout\nterrain (VTT) par les gestionnaires de la r\u00e9serve,\nles partenaires de la gestion de la r\u00e9serve et les\nagents charg\u00e9s de la police de l'environnement\nDirection d\u00e9partementale des territoires de la C\u00f4te-d'Or - 21-2025-06-02-00002 - Arr\u00eat\u00e9 pr\u00e9fectoral du 2 juin 2025 autorisant, sur le\nterritoire de la r\u00e9serve naturelle nationale de la Combe Lavaux - Jean Roland, l'usage du v\u00e9lo tout terrain (VTT) par les gestionnaires de\nla r\u00e9serve, les partenaires de la gestion de la r\u00e9serve et les agents charg\u00e9s de la police de l'environnement\n17\nExPREFETDE LACOTE-D'ORL,z'bert\u00e9Egalit\u00e9Fraternit\u00e9\nDirection d\u00e9partementale des territoires\nde la C\u00f4te-d'Or\nArr\u00eat\u00e9 pr\u00e9fectoral du 2 juin 2025\nautorisant, sur le territoire de la r\u00e9serve naturelle nationale de la Combe Lavaux \u2013 Jean Roland, \nl'usage du v\u00e9lo tout terrain (VTT) par les gestionnaires de la r\u00e9serve, les partenaires de la gestion de \nla r\u00e9serve et les agents charg\u00e9s de la police de l'environnement\nLe pr\u00e9fet de la C\u00f4te-d'Or\nVU le d\u00e9cret n\u00b0 2004-1363 du 10 d\u00e9cembre 2004 portant cr\u00e9ation de la r\u00e9serve naturelle nationale  \nCombe Lavaux-Jean Roland ;\nVU  l'avis  favorable  du  comit\u00e9  consultatif  de  gestion  de  la  r\u00e9serve  naturelle\nnationale de la Combe Lavaux \u2013 Jean Roland r\u00e9uni le 15 mai 2025 ;\nCONSIDERANT la n\u00e9cessit\u00e9 de permettre aux gestionnaires de la r\u00e9serve nationale l'usage de v\u00e9los  \ntout terrain pour se d\u00e9placer au sein du territoire de la r\u00e9serve pour l'exercice de leurs diff\u00e9rentes  \nmissions ;\nCONSIDERANT la n\u00e9cessit\u00e9 d'\u00e9tendre cette permission aux partenaires techniques et scientifiques  \ndes gestionnaires, mais aussi \u00e0 l'ensemble des services charg\u00e9s de la police de l'environnement ;\nSUR proposition de la directrice d\u00e9partementale des territoires de C\u00f4te-d'Or ;\nA R R \u00ca T E\nArticle 1\nLes  gestionnaires  de  la  r\u00e9serve  naturelle,  l es  partenaires  techniques  et  scientifiques  des  \ngestionnaires et les agents charg\u00e9s de la police de l'environnement sont autoris\u00e9s \u00e0 circuler en v\u00e9lo  \ntout terrain, \u00e9lectrique ou non, sur l'ensemble des chemins et sentiers du territoire de la r\u00e9serve  \nnaturelle.\nArticle 2\nLe pr\u00e9sent arr\u00eat\u00e9 est publi\u00e9 au recueil des actes administratifs de la pr\u00e9fecture de la C\u00f4te-d'Or.\nArticle 3\nLe secr\u00e9taire g\u00e9n\u00e9ral de la pr\u00e9fecture de la C\u00f4te-d'Or, le directeur r\u00e9gional de l'environnement, de  \nl'am\u00e9nagement  et  du  logement,  la  directrice  d\u00e9partementale  des  territoires,  les  maires  des \ncommunes de Brochon et de Gevrey-Chambertin, le pr\u00e9sident de la communaut\u00e9 de communes de \nGevrey-Chambertin et de Nuits-Saint-Georges, le directeur de l'agence Bourgogne-Est de l'office  \nnational des for\u00eats, les agents charg\u00e9s de la police de l'environnement et de la nature, sont charg\u00e9s, \nchacun en ce qui le concerne de l'ex\u00e9cution du pr\u00e9sent arr\u00eat\u00e9.\nFait \u00e0 Dijon, le 2 juin 2025\nLe pr\u00e9fet,\nSign\u00e9 : Paul MOURIER\n1\nDirection d\u00e9partementale des territoires de la C\u00f4te-d'Or - 21-2025-06-02-00002 - Arr\u00eat\u00e9 pr\u00e9fectoral du 2 juin 2025 autorisant, sur le\nterritoire de la r\u00e9serve naturelle nationale de la Combe Lavaux - Jean Roland, l'usage du v\u00e9lo tout terrain (VTT) par les gestionnaires de\nla r\u00e9serve, les partenaires de la gestion de la r\u00e9serve et les agents charg\u00e9s de la police de l'environnement\n18\nDirection d\u00e9partementale des territoires de la\nC\u00f4te-d'Or\nService Pr\u00e9servation et Am\u00e9nagement de\nl'Espace (SPAE)\n21-2025-05-26-00005\nArr\u00eat\u00e9 pr\u00e9fectoral du 26 mai 2025 portant\nd\u00e9signation d'un liquidateur pour l'association\nfonci\u00e8re de remembrement de\nCOULMIER-LE-SEC\nDirection d\u00e9partementale des territoires de la C\u00f4te-d'Or - 21-2025-05-26-00005 - Arr\u00eat\u00e9 pr\u00e9fectoral du 26 mai 2025 portant\nd\u00e9signation d'un liquidateur pour l'association fonci\u00e8re de remembrement de COULMIER-LE-SEC 19\nExPREFETDE LACOTE-D'ORL,z'bert\u00e9Egalit\u00e9Fraternit\u00e9\nDirection d\u00e9partementale des territoires\nde la C\u00f4te-d'Or\nArr\u00eat\u00e9 pr\u00e9fectoral du 26 mai 2025\nportant d\u00e9signation d'un liquidateur pour l'association fonci\u00e8re de remembrement\nde COULMIER-LE-SEC\nLe Pr\u00e9fet de la C\u00f4te-d'Or\nVU le code rural dans sa version ant\u00e9rieure au 1er janvier 2006 ;\nVU le code des relations entre le public et l'administration, et notamment ses articles R.134-18 \u00e0  \n134-21;\nVU le code de l'expropriation pour cause d'utilit\u00e9 publique, et notamment son article R.131-2 ;\nVU l'ordonnance n\u00b0 2004-632 du 1er juillet 2004, relative aux associations syndicales autoris\u00e9es, et  \nnotamment sa section 2 - Dissolution ;\nVU  le d\u00e9cret  n\u00b0 2006-504  du 3 mai 2006 portant  application  de  l'ordonnance  susvis\u00e9e,  et \nnotamment ses articles 8, 71 et 72 ;\nVU l'arr\u00eat\u00e9 du 29 juillet 2019 relatif aux frais et indemnit\u00e9s des commissaires enqu\u00eateurs charg\u00e9s de  \nconduire les enqu\u00eates pr\u00e9vues par le code de l'environnement, les enqu\u00eates pr\u00e9vues par le code de \nl'expropriation pour cause d'utilit\u00e9 publique et les enqu\u00eates pr\u00e9vues par le code des relations entre  \nle public et l'administration ;\nVU la circulaire NOR  INTB0700081 C du  11 juillet 2007 relative  aux  associations syndicales  de \npropri\u00e9taires, notamment  ses  annexes,  f iches n\u00b0 9,   relative  \u00e0 la dissolution  des associations \nsyndicales  autoris\u00e9es,  et  n\u00b010  relative  \u00e0  la  dissolution  des  associations  syndicales  constitu\u00e9es  \nd'office ;\nVU  l'arr\u00eat\u00e9  pr\u00e9fectoral  du  9  novembre  1964 portant  constitution  de  l'association  fonci\u00e8re  de \nCOULMIER-LE-SEC ;\nVU  l'arr\u00eat\u00e9 pr\u00e9fectoral du 6 juillet 2006, dernier en date portant renouvellement du bureau de  \nl'association fonci\u00e8re de COULMIER-LE-SEC ;\nVU le  courrier  de  la  directrice  d\u00e9partementale  des  territoires  de  la  C\u00f4te-d'Or  \u00e0  la  directrice  \nr\u00e9gionale des finances publiques de Bourgogne-Franche-Comt\u00e9 et du d\u00e9partement de la C\u00f4te-d'Or du \n4  f\u00e9vrier  2025, demandant la nomination d'un liquidateur en vue de la  dissolution de  l'Association \nfonci\u00e8re  de  remembrement  du  COULMIER-LE-SEC  pour  d\u00e9faut  d'activit\u00e9s  depuis  plus  de  trois \nann\u00e9es ;\n1\nDirection d\u00e9partementale des territoires de la C\u00f4te-d'Or\n57 , rue de Mulhouse - BP 53317 - 21033 Dijon CEDEX\nT\u00e9l. : 03 80 29 44 44\nCourriel : ddt@cote-dor.gouv.fr - Site internet : \nhttp://www.cote-dor.gouv.fr\nDirection d\u00e9partementale des territoires de la C\u00f4te-d'Or - 21-2025-05-26-00005 - Arr\u00eat\u00e9 pr\u00e9fectoral du 26 mai 2025 portant\nd\u00e9signation d'un liquidateur pour l'association fonci\u00e8re de remembrement de COULMIER-LE-SEC 20\nVU  la proposition de la direction r\u00e9gionale des finances publiques de Bourgogne-Franche-Comt\u00e9 et \ndu d\u00e9partement de la C\u00f4te-d'Or du 7 avril 2025, proposant Mme Fabienne BERGERET, inspectrice des \nfinances publiques comme liquidateur ;\nVU  la d\u00e9lib\u00e9ration du conseil municipal de COULMIER-LE-SEC du 15 mars 2023 par laquelle la  \ncommune accepte de reprendre le passif et l'actif de l'association fonci\u00e8re de remembrement de  \nCOULMIER-LE-SEC ;\nCONSIDERANT qu'en l'absence de statuts, et de bureau renouvel\u00e9 \u00e0 l'issue de l'expiration du  \ndernier arr\u00eat\u00e9 de renouvellement de bureau le 6 juillet 2012, il peut \u00eatre consid\u00e9r\u00e9 que l'association, \ndepuis plus de trois ans, est sans activit\u00e9 r\u00e9elle en rapport avec son objet ; que l'association conna\u00eet \ndes difficult\u00e9s graves et persistantes entravant son fonctionnement ; qu'\u00e0 ce titre, l'association peut \n\u00eatre dissoute par acte motiv\u00e9 de l'autorit\u00e9 administrative ;\nCONSID\u00c9RANT que l'association dispose d'un patrimoine qu'il convient d\u00e8s lors d'affecter ;\nCONSID\u00c9RANT qu'il appartient au pr\u00e9fet du d\u00e9partement de la C\u00f4te-d'Or de nommer, lorsque la \nsituation l'exige, un liquidateur ;\nSUR proposition de la directrice d\u00e9partementale des territoires ;\nA R R \u00ca T E\nARTICLE 1  er   : \nMme  Fabienne  BERGERET,  inspectrice des finances publiques, est d\u00e9sign\u00e9e  liquidateur  de \nl'association fonci\u00e8re de remembrement  de COULMIER-LE-SEC, afin de mener \u00e0 bien toutes les  \nd\u00e9marches administratives et financi\u00e8res visant \u00e0 permettre la dissolution de l'association fonci\u00e8re  \nde remembrement de COULMIER-LE-SEC, sous la r\u00e9serve du droit des tiers :\n- d'\u00e9tablir un \u00e9tat du passif et de l'actif restant \u00e0 r\u00e9partir ;\n- de d\u00e9terminer les conditions de r\u00e9partition du passif et de l'actif ;\n-de pr\u00e9voir l'ouverture des cr\u00e9dits budg\u00e9taires n\u00e9cessaires \u00e0 la comptabilisation des \u00e9critures de \nliquidation ;\n- de  transmettre ses  propositions de  r\u00e9partition au  pr\u00e9fet du d\u00e9partement de la C\u00f4te-d'Or qui  \nfixera  d\u00e9finitivement,  par  arr\u00eat\u00e9  pr\u00e9fectoral,  les  conditions  de  liquidation  de l'association et \ncl\u00f4turera ses comptes.\nPour les besoins de sa mission le liquidateur a qualit\u00e9 d'ordonnateur accr\u00e9dit\u00e9 aupr\u00e8s du comptable \npublic de l'association.\nARTICLE 2     :   \nMme Fabienne BERGERET percevra l'indemnit\u00e9 pr\u00e9vue par l'article R.134-19 du code des relations  \nentre le public et l'administration, et pourra se faire rembourser des frais de d\u00e9placements expos\u00e9s. \nCes frais de dissolution seront pris en charge prioritairement dans les comptes de l'association.\nARTICLE 3     :\nLe pr\u00e9sent arr\u00eat\u00e9 sera publi\u00e9 au recueil des actes administratifs de la pr\u00e9fecture de la C\u00f4te-d'Or, \naffich\u00e9 en mairie de COULMIER-LE-SEC et notifi\u00e9 au   service de gestion comptable de Ch\u00e2tillon-sur-\nSeine, comptable public de l'association.\n2\nDirection d\u00e9partementale des territoires de la C\u00f4te-d'Or - 21-2025-05-26-00005 - Arr\u00eat\u00e9 pr\u00e9fectoral du 26 mai 2025 portant\nd\u00e9signation d'un liquidateur pour l'association fonci\u00e8re de remembrement de COULMIER-LE-SEC 21\nARTICLE 4 :\nLa directrice d\u00e9partementale des territoires de la C\u00f4te-d'Or et la  directrice r\u00e9gionale des finances  \npubliques de la r\u00e9gion Bourgogne-France-Comt\u00e9 sont charg\u00e9es, chacune en ce qui la concerne, de \nl'ex\u00e9cution du pr\u00e9sent arr\u00eat\u00e9, dont copie sera adress\u00e9e \u00e0 :\nMme la maire de COULMIER-LE-SEC,\nM. le pr\u00e9sident de la Chambre r\u00e9gionale des comptes de Bourgogne-Franche-Comt\u00e9,\nM. le pr\u00e9sident de la Chambre d'agriculture de la C\u00f4te-d'Or,\nMme  la directrice r\u00e9gionale des finances publiques de  Bourgogne-Franche-Comt\u00e9 et du  \nd\u00e9partement de la C\u00f4te-d'Or. \nFait \u00e0 Dijon, le 26 mai 2025\nLe pr\u00e9fet,\nPour le pr\u00e9fet et par d\u00e9l\u00e9gation\nLe secr\u00e9taire g\u00e9n\u00e9ral\nSign\u00e9 : Denis BRUEL\n3\nDirection d\u00e9partementale des territoires de la C\u00f4te-d'Or - 21-2025-05-26-00005 - Arr\u00eat\u00e9 pr\u00e9fectoral du 26 mai 2025 portant\nd\u00e9signation d'un liquidateur pour l'association fonci\u00e8re de remembrement de COULMIER-LE-SEC 22\nDirection d\u00e9partementale des territoires de la\nC\u00f4te-d'Or\nService Pr\u00e9servation et Am\u00e9nagement de\nl'Espace (SPAE)\n21-2025-06-04-00002\nArr\u00eat\u00e9 pr\u00e9fectoral n\u00b0DDT/SPAE/BCF/228-01 du 4\njuin 2025 portant sur le transfert \u00e0 la commune\nde D\u00e9tain-et-Bruant des biens, droits et\nobligations de la section de Bruant\nDirection d\u00e9partementale des territoires de la C\u00f4te-d'Or - 21-2025-06-04-00002 - Arr\u00eat\u00e9 pr\u00e9fectoral n\u00b0DDT/SPAE/BCF/228-01 du 4 juin\n2025 portant sur le transfert \u00e0 la commune de D\u00e9tain-et-Bruant des biens, droits et obligations de la section de Bruant 23\nExPREFETDE LACOTE-D'ORLibert\u00e9Egalit\u00e9Fraternit\u00e9\nDirection d\u00e9partementale des territoires\nde la C\u00f4te-d'Or\nService pr\u00e9servation et am\u00e9nagement de l'espace\nBureau chasse-for\u00eat\nArr\u00eat\u00e9 pr\u00e9fectoral n\u00b0DDT/SPAE/BCF/228-01 du 4 juin 2025               \nportant sur le transfert \u00e0 la commune de D\u00e9tain-et-Bruant des biens, droits et obligations de\nla section de Bruant\nLe pr\u00e9fet de la la C\u00f4te-d'Or\nVU le code g\u00e9n\u00e9ral des collectivit\u00e9s territoriales (CGCT), et notamment l'article L. 2411-12-1 ;\nVU le d\u00e9cret n\u00b02004-374 du 29 avril 2004, relatif aux pouvoirs des pr\u00e9fets, \u00e0 l'organisation et \u00e0\nl'action des services de l'\u00c9tat dans les r\u00e9gions et d\u00e9partements ;\nVU l'arr\u00eat\u00e9  pr\u00e9fectoral  n\u00b0  507/SG  du  28  mars  2025  donnant  d\u00e9l\u00e9gation  de  signature  \u00e0\nMadame Manuelle DUPUY, directrice d\u00e9partementale des territoires de la C\u00f4te-d'Or ;\nVU la d\u00e9lib\u00e9ration en date du 11 avril 2024 par laquelle le conseil municipal de la commune\nde D\u00e9tain-et-Bruant sollicite le transfert des biens rattach\u00e9s \u00e0 la section de Bruant dans le\npatrimoine foncier de la commune ;\nVU les  certificats  du  Service  G\u00e9n\u00e9ral  Comptable  de  Nuits-Saint-Georges  en  date  du\n23 septembre 2024 et du 26 mai 2025 certifiant du paiement des taxes fonci\u00e8res dues pour\nles ann\u00e9es 2021 \u00e0 2024 par la section de Bruant sur le budget g\u00e9n\u00e9ral de la commune de\nD\u00e9tain-et-Bruant ;\nVU la demande en date du 26 septembre 2024 par laquelle Madame la Maire de D\u00e9tain-et-\nBruant sollicite le transfert des biens de la section de Bruant aux biens communaux ;\nCONSID\u00c9RANT qu'en  vertu  de  l'article  L.2411-12-1  du  code  g\u00e9n\u00e9ral  des  collectivit\u00e9s\nterritoriales,  le transfert  \u00e0 la commune des  biens,  droits  et obligations  d'une section de\ncommune est prononc\u00e9e par le repr\u00e9sentant de l'\u00c9tat dans le d\u00e9partement, sur demande du\nconseil municipal, notamment lorsque depuis plus de trois ann\u00e9es cons\u00e9cutives, les imp\u00f4ts\nont \u00e9t\u00e9 pay\u00e9s sur le budget communal ou admis en non-valeur ;\nDirection d\u00e9partementale des territoires de la C\u00f4te-d'Or\n57 , rue de Mulhouse - BP 53317 - 21033 Dijon CEDEX\nT\u00e9l. : 03 80 29 44 44\nCourriel : ddt@cote-dor.gouv.fr\n1\nDirection d\u00e9partementale des territoires de la C\u00f4te-d'Or - 21-2025-06-04-00002 - Arr\u00eat\u00e9 pr\u00e9fectoral n\u00b0DDT/SPAE/BCF/228-01 du 4 juin\n2025 portant sur le transfert \u00e0 la commune de D\u00e9tain-et-Bruant des biens, droits et obligations de la section de Bruant 24\nCONSID\u00c9RANT que depuis plus de trois ann\u00e9es cons\u00e9cutives, les imp\u00f4ts pour la section de\nBruant ont \u00e9t\u00e9 pay\u00e9s sur le budget communal et que ceci a \u00e9t\u00e9 attest\u00e9 par les services du\nminist\u00e8re en charge des finances et des comptes publics ;\nCONSID\u00c9RANT que  les  conditions  requises  en  termes  d'affichage  de  la  d\u00e9lib\u00e9ration  du\nconseil municipal sollicitant le transfert ont \u00e9t\u00e9 respect\u00e9es ;\nSUR proposition de Madame la Directrice d\u00e9partementale des territoires de la C\u00f4te-d'Or ;\nARR\u00caTE\nARTICLE 1  er     :  \nEn application de l'article L.2411-12-1 du code g\u00e9n\u00e9ral des collectivit\u00e9s territoriales, le transfert\n\u00e0 la commune de D\u00e9tain-et-Bruant des biens, droits et obligations de la section de Bruant est\nprononc\u00e9.\nARTICLE 2     :  \nSont transf\u00e9r\u00e9es \u00e0 la commune de D\u00e9tain-et-Bruant les parcelles cadastr\u00e9es comme suit :\nCommune de\nsituation D\u00e9signation de la section R\u00e9f\u00e9rence\ncadastrale\nSurface\ncadastrale (ha)\nD\u00c9TAIN-ET-\nBRUANT Section de Bruant\nZA 7 1,2640\nZD 4 0,1450\nZD 23 0,2540\nZE 3 0,0831\nZE 4 0,4140\nZE 15 1,4610\nZE 16 1,2910\nZE 17 1,1060\nZE 23 0,0640\nZH 2 1,6780\nZH 3 1,5754\nZH 4 1,3095\nZH 5 0,5810\nZH 6 1,0230\nZH 7 1,5356\nZH 8 3,0430\nZH 9 1,6250\nZH 10 1,7600\nZH 11 1,6920\nZH 26 0,2360\nZH 27 0,2480\nZH 30 1,2430\nZH 31 1,4690\nZH 32 1,4590\nZH 34 0,7150\nDirection d\u00e9partementale des territoires de la C\u00f4te-d'Or\n57 , rue de Mulhouse - BP 53317 - 21033 Dijon CEDEX\nT\u00e9l. : 03 80 29 44 44\nCourriel : ddt@cote-dor.gouv.fr\n2\nDirection d\u00e9partementale des territoires de la C\u00f4te-d'Or - 21-2025-06-04-00002 - Arr\u00eat\u00e9 pr\u00e9fectoral n\u00b0DDT/SPAE/BCF/228-01 du 4 juin\n2025 portant sur le transfert \u00e0 la commune de D\u00e9tain-et-Bruant des biens, droits et obligations de la section de Bruant 25\nCommune de\nsituation D\u00e9signation de la section R\u00e9f\u00e9rence\ncadastrale\nSurface\ncadastrale (ha)\nD\u00c9TAIN-ET-\nBRUANT Section de Bruant\nZH 35 1,5420\nZH 36 0,1330\nZH 37 1,0060\nZH 38 0,4642\nZH 39 0,2510\nZH 41 0,0794\nZH 42 1,2210\nZH 43 0,6223\nZH 44 1,6928\nZH 45 3,3470\nZH 46 7 ,9350\nZH 47 1,2870\nZH 72 0,8152\nZH 73 1,7640\nZI 5 0,0030\nZI 7 0,0150\nZI 14 0,0020\nTotal 49,4545\nARTICLE 3     :  \nLa pr\u00e9sente d\u00e9cision sera  port\u00e9e \u00e0 la connaissance du  public,  \u00e0 compter  de la date de\nsignature, pendant une dur\u00e9e de deux mois et notifi\u00e9e \u00e0 :\n\u2022 Madame la Maire de la commune de D\u00e9tain-et-Bruant, aux fins d'affichage pendant\nune dur\u00e9e de deux mois ;\n\u2022 Monsieur le Directeur de l'Agence Bourgogne-Est de l'Office national des for\u00eats.\nL'accomplissement de la formalit\u00e9 d'affichage en mairie sera certifi\u00e9 aupr\u00e8s de la Direction\nd\u00e9partementale des territoires par la maire de la commune concern\u00e9e.\nARTICLE 4     :  \nLe pr\u00e9sent arr\u00eat\u00e9 peut faire l'objet d'un recours contentieux aupr\u00e8s du tribunal administratif de Dijon\ndans  les  deux  mois  \u00e0 compter  de  sa  notification,  soit  par  courrier,  soit  par  le  biais  du  site  de\nt\u00e9l\u00e9proc\u00e9dure www.telerecours.fr.\nARTICLE 5     :  \nMonsieur le Secr\u00e9taire G\u00e9n\u00e9ral de la pr\u00e9fecture de la C\u00f4te-d'Or,\nMadame la Maire de la commune de D\u00e9tain-et-Bruant,\nMadame la Directrice d\u00e9partementale des territoires de la C\u00f4te-d'Or,\nsont charg\u00e9s, chacun en ce qui le concerne, de l'ex\u00e9cution du pr\u00e9sent arr\u00eat\u00e9.\nPour le pr\u00e9fet et par d\u00e9l\u00e9gation,\nLa directrice d\u00e9partementale des territoires,\nSIGN\u00c9\nManuelle DUPUY\nDirection d\u00e9partementale des territoires de la C\u00f4te-d'Or\n57 , rue de Mulhouse - BP 53317 - 21033 Dijon CEDEX\nT\u00e9l. : 03 80 29 44 44\nCourriel : ddt@cote-dor.gouv.fr\n3\nDirection d\u00e9partementale des territoires de la C\u00f4te-d'Or - 21-2025-06-04-00002 - Arr\u00eat\u00e9 pr\u00e9fectoral n\u00b0DDT/SPAE/BCF/228-01 du 4 juin\n2025 portant sur le transfert \u00e0 la commune de D\u00e9tain-et-Bruant des biens, droits et obligations de la section de Bruant 26\nDirection d\u00e9partementale des territoires de la\nC\u00f4te-d'Or\nService S\u00e9curit\u00e9 et Education Routi\u00e8re\n21-2025-05-27-00002\nAP 762 20250527 RAA M274\nCampagneFauchage\nDirection d\u00e9partementale des territoires de la C\u00f4te-d'Or - 21-2025-05-27-00002 - AP 762 20250527 RAA M274 CampagneFauchage 27\nExPREFETDE LACOTE-D'ORL,z'berte'Egalit\u00e9Fraternit\u00e9\nDirection d\u00e9partementale des territoires\nde la C\u00f4te-d'Or\nService de la S\u00e9curit\u00e9 et de l'\u00c9ducation Routi\u00e8re\nBureau de la S\u00e9curit\u00e9 Routi\u00e8re\n Dijon, le 27 mai 2025 \nArr\u00eat\u00e9 N\u00b0 762\nportant r\u00e9glementation temporaire de la circulation pour la r\u00e9alisation de travaux \nd'entretien des accotements (fauchage) entra\u00eenant des coupures d'axe sur la M274, sur les \ncommunes de Longvic, Dijon, Ruffey-les-Echirey, Ahuy, Fontaine-les-Dijon, Daix, Talant, \nPlombi\u00e8res-les-Dijon et Saint-Apollinaire.\nLe pr\u00e9fet de la C\u00f4te-d'Or\nVU le Code de la Route ;\nVU le Code de la Voirie Routi\u00e8re ;\nVU la loi n\u00b02022-217 du 21 f\u00e9vrier 2022 relative \u00e0 la diff\u00e9renciation, la d\u00e9centralisation, la  \nd\u00e9concentration et portant diverses mesures de simplification de l'action publique locale ;\nVU le d\u00e9cret en Conseil d'\u00c9tat du 6 f\u00e9vrier 1980 d\u00e9clarant d'utilit\u00e9 publique la construction \nde la rocade Est de Dijon et lui conf\u00e9rant le statut de route express ;\nVU le d\u00e9cret 2009- 615 du 3 juin 2009 modifi\u00e9, fixant la liste des routes class\u00e9es \u00e0 grande  \ncirculation ;\nVU le d\u00e9cret n\u00b02022-459 du 30 mars 2022 fixant la liste des voies non conc\u00e9d\u00e9es du  \ndomaine  public  routier  national  qui  peuvent  \u00eatre  transf\u00e9r\u00e9es  aux  d\u00e9partements  et  \nm\u00e9tropoles ou mises \u00e0 disposition des r\u00e9gions dans les conditions pr\u00e9vues aux articles 38  \net 40 de la loi n\u00b02022-217 du 21 f\u00e9vrier 2022 ;\nVU le d\u00e9cret du 10 octobre 2024 nommant Paul MOURIER, pr\u00e9fet de la r\u00e9gion Bourgogne-\nFranche-Comt\u00e9, pr\u00e9fet de la C\u00f4te-d'Or ;\nVU  l'arr\u00eat\u00e9 interminist\u00e9riel du 24 novembre 1967 modifi\u00e9, relatif \u00e0 la signalisation des  \nroutes et autoroutes ;\nVU  l'arr\u00eat\u00e9 interminist\u00e9riel du 6 novembre 1992 modifi\u00e9, approuvant les dispositions de  \nl'instruction interminist\u00e9rielle sur la signalisation routi\u00e8re ;\nVU l'arr\u00eat\u00e9  pr\u00e9fectoral  n\u00b021-2023-05-02-00001  du  2  mai  2023  relatif  au  transfert  au  \nd\u00e9partement de C\u00f4te-d'Or de sections de routes et autoroutes class\u00e9es dans le domaine  \npublic routier national ;\nDirection d\u00e9partementale des territoires de la C\u00f4te-d'Or\n57 rue de Mulhouse- BP 53317 - 21033 DIJON cedex\nt\u00e9l : 03 80 29 44 44 \u2013 Courriel : ddt@cote-dor.gouv.fr\nDirection d\u00e9partementale des territoires de la C\u00f4te-d'Or - 21-2025-05-27-00002 - AP 762 20250527 RAA M274 CampagneFauchage 28\n2/13\nVU  l'arr\u00eat\u00e9  pr\u00e9fectoral  n\u00b021-2023-05-02-00002  du  2  mai  2023  relatif  au  transfert  \u00e0  la \nM\u00e9tropole de Dijon de sections de routes et autoroutes class\u00e9es dans le domaine public  \nroutier national ;\nVU  l'arr\u00eat\u00e9 pr\u00e9fectoral n\u00b0  443/SG du 17 mars 2025 donnant d\u00e9l\u00e9gation de signature \u00e0  \nMadame Aur\u00e9lie CONTRECIVILE, directrice de cabinet du pr\u00e9fet de la C\u00f4te-d'Or ;\nVU la note du 23 janvier 2025 du Minist\u00e8re de l'Am\u00e9nagement du Territoire et de la  \nD\u00e9centralisation,  Minist\u00e8re  charg\u00e9  des  Transports,  fixant  le  calendrier  des  jours  hors  \nchantiers pour l'ann\u00e9e 2025 ;\nVU la demande pr\u00e9sent\u00e9e par la M\u00e9tropole de Dijon - CEI de Dijon le 19 mai 2025 ;\nVU l'avis favorable de la Direction Interd\u00e9partementale de la Police Nationale en date du  \n15 mai 2025 ;\nVU l'avis favorable de l'Escadron D\u00e9partemental de S\u00e9curit\u00e9 Routi\u00e8re de la C\u00f4te-d'Or en  \ndate du 16 mai 2025 ;\nVU l'avis favorable de la soci\u00e9t\u00e9 APRR en date du 19 mai 2025 ;\nCONSID\u00c9RANT que pendant les travaux d'entretien des accotements (fauchage), r\u00e9alis\u00e9s \nde nuit sur le r\u00e9seau de la M274, avec coupures d'axe dans les 2 sens de circulation (Paris-\nLyon et Lyon-Paris), du PR0+000 au PR18+262, il y a lieu de pr\u00e9ciser les conditions de  \ncirculation afin de pr\u00e9venir tout risque d'accident, de faciliter la bonne ex\u00e9cution des  \ntravaux et d'assurer un \u00e9coulement satisfaisant du trafic ;\nCONSID\u00c9RANT que la section concern\u00e9e par les travaux est situ\u00e9e hors agglom\u00e9ration ;\nSUR proposition de Madame la Directrice D\u00e9partementale des Territoires de la C\u00f4te-d'Or ;\nARR\u00caTE\nArticle 1 :\nLes travaux d'entretien des accotements (fauchage) concernent la M274 dans les 2 sens de \ncirculation (Paris-Lyon et Lyon-Paris), du PR0+000 au PR18+262.\nLes dispositions du pr\u00e9sent arr\u00eat\u00e9 s'appliqueront les nuits de 21h \u00e0 6h :\n\u2022 Phase 1 : du mardi 10 juin au mercredi 11 juin 2025 et du mercredi 11 juin au jeudi 12 \njuin 2025,\n\u2022 Phase 2 : du jeudi 12 juin au vendredi 13 juin 2025,\n\u2022 Phase 3 : du lundi 16 juin au mardi 17 juin 2025 et du mardi 17 juin au mercredi 18 \njuin 2025,\n\u2022 Phase 4 : du mercredi 18 juin au jeudi 19 juin 2025 et du jeudi 19 juin au vendredi 20 \njuin 2025,\n\u2022 Phase 5 : du lundi 23 juin au mardi 24 juin 2025 et du mardi 24 juin au mercredi 25 \njuin 2025,\n\u2022 Phase 6 : du mercredi 25 juin au jeudi 26 juin 2025,\n\u2022 Phase 7 : du jeudi 26 juin au vendredi 27 juin 2025.\nDirection d\u00e9partementale des territoires de la C\u00f4te-d'Or\n57 rue de Mulhouse- BP 53317 - 21033 DIJON cedex\nt\u00e9l : 03 80 29 44 44 \u2013 Courriel : ddt@cote-dor.gouv.fr\nDirection d\u00e9partementale des territoires de la C\u00f4te-d'Or - 21-2025-05-27-00002 - AP 762 20250527 RAA M274 CampagneFauchage 29\n3/13\nArticle 2 :\nPendant l'ex\u00e9cution des travaux ci-dessus d\u00e9sign\u00e9s sur la M274, la circulation s'effectuera  \ndans les conditions suivantes :\nPhase 1\nCoupure d'axe et fermetures de bretelles :\nLa M274 sera ferm\u00e9e \u00e0 la circulation dans le sens Paris-Lyon, du PR10+225 (sortie par  \nbretelle  n\u00b04  de  l'\u00e9changeur  n\u00b040  Malines)  au  PR4+000  (retour  par  la  bretelle  n\u00b08  de  \nl'\u00e9changeur n\u00b045 Franche-Comt\u00e9) :\n\u2022 Fermeture des bretelles d'entr\u00e9e n\u00b04 des \u00e9changeurs n\u00b040 de Malines (PR9+625),  \nn\u00b042 de l'Arc (PR6+830), n\u00b043 de Quetigny (PR5+625) et n\u00b044 de Mirande (PR5+340),\n\u2022 Fermeture  de  la  bretelle  d'entr\u00e9e  n\u00b06  de  l'\u00e9changeur  n\u00b045  de  Franche-Comt\u00e9  \n(PR4+250),\n\u2022 Fermeture de la bretelle d'entr\u00e9e n\u00b03 de l'\u00e9changeur n\u00b041 de Cracovie (PR8+530).\nDes d\u00e9viations seront mises en place \u00e0 l'attention des usagers :\n\u25e6 depuis l'\u00e9changeur n\u00b040 de Malines (PR9+625)     :  \n\u25aa rue du Dr Quignard,\n\u25aa rue de Mayence,\n\u25aa av de Dallas,\n\u25aa av de Champollion,\n\u25aa rond point du 8 mai 1945,\n\u25aa rue Jean Moulin,\n\u25aa M700,\n\u25aa M125D,\n\u25aa M125 (bd de l'Europe),\n\u25aa M107 (bd J Jaur\u00e8s, route de Dijon),\n\u25aa M122A (route de Chevigny),\n\u25aa M905B (av du Mont Blanc),\n\u25aa M905,\n\u25aa retour  M274  via  bretelle  n\u00b08  de  l'\u00e9changeur  de  Franche-Comt\u00e9  n\u00b045  \n(PR4+250).\n\u25e6 depuis l'\u00e9changeur n\u00b041 Cracovie (PR8+530)     :  \n\u25aa rue de Cracovie,\n\u25aa av de Dallas,\n\u25aa av de Champollion,\n\u25aa rond point du 8 mai 1945,\n\u25aa rue Jean Moulin,\n\u25aa M700,\n\u25aa M125D,\n\u25aa M125 (bd de l'Europe),\n\u25aa M107 (bd J Jaur\u00e8s, route de Dijon),\n\u25aa M122A (route de Chevigny),\n\u25aa M905B (av du Mont Blanc),\n\u25aa M905,\n\u25aa retour  M274  via  bretelle  n\u00b08  de  l'\u00e9changeur  de  Franche-Comt\u00e9  n\u00b045  \nPR4+250).\nDirection d\u00e9partementale des territoires de la C\u00f4te-d'Or\n57 rue de Mulhouse- BP 53317 - 21033 DIJON cedex\nt\u00e9l : 03 80 29 44 44 \u2013 Courriel : ddt@cote-dor.gouv.fr\nDirection d\u00e9partementale des territoires de la C\u00f4te-d'Or - 21-2025-05-27-00002 - AP 762 20250527 RAA M274 CampagneFauchage 30\n4/13\n\u25e6 depuis l'\u00e9changeur n\u00b042 de l'Arc (PR6+830)     :  \n\u25aa rue Jean Moulin,\n\u25aa M700,\n\u25aa M125D,\n\u25aa M125 (bd de l'Europe),\n\u25aa M107 (bd J Jaur\u00e8s, route de Dijon),\n\u25aa M122A (route de Chevigny),\n\u25aa M905B (Av de Mont Blanc),\n\u25aa M905,\n\u25aa retour  M274  via  bretelle  n\u00b08  de  l'\u00e9changeur  de  Franche-Comt\u00e9  n\u00b045  \n(PR4+250).\n\u25e6 depuis l'\u00e9changeur n\u00b043 Qu\u00e9tigny (PR5+625)     :  \n\u25aa M107 (rue de Sully, av de l'Universit\u00e9, bd Jean Jaur\u00e8s, route de Dijon),\n\u25aa M122A (route de Chevigny),\n\u25aa M905B (av de Mont Blanc),\n\u25aa M905,\n\u25aa retour  M274  via  bretelle  n\u00b08  de  l'\u00e9changeur  de  Franche-Comt\u00e9  n\u00b045  \n(PR4+250).\n\u25e6 depuis l'\u00e9changeur n\u00b044 Mirande (PR5+340)     :  \n\u25aa rue du recteur Marcel Bouchard,\n\u25aa M107 (rue de Sully, av de l'Universit\u00e9, bd Jean Jaur\u00e8s, route de Dijon),\n\u25aa M122A (route de Chevigny),\n\u25aa M905B (av du Mont Blanc),\n\u25aa M905,\n\u25aa retour  M274  via  bretelle  n\u00b08  de  l'\u00e9changeur  de  Franche-Comt\u00e9  n\u00b045  \n(PR4+250).\n\u25e6 depuis l'\u00e9changeur n\u00b045 Franche-Comt\u00e9 (PR4+250)     :  \n\u25aa B6 ferm\u00e9e\n\u2022 M905,\n\u2022 rue de Neuilly,\n\u2022 M905,\n\u2022 retour  M274  via  bretelle  n\u00b08  de  l'\u00e9changeur  de  Franche-Comt\u00e9  n\u00b045  \n(PR4+250).\nRestriction de circulation\nNeutralisation  des  voies  rapides  et  lentes  par  balisage  FLR  (fl\u00e8che  de  rabattement  \nlumineuse) 500m en amont de la bretelle de sortie obligatoire n\u00b04 de l'\u00e9changeur n\u00b040  \nMalines (PR9+625) de la M274.\nPhase 2\nCoupure d'axe et fermetures de bretelles\nLa M274 sera ferm\u00e9e \u00e0 la circulation dans le sens Paris-Lyon du PR 13+150 (sortie par  \nbretelle 3 de l'\u00e9changeur n\u00b037 Ahuy) au PR 8+200 (retour par la bretelle 3 de l'\u00e9changeur  \nn\u00b041 Cracovie) :\n\u2022 Fermeture des bretelles n\u00b04 des \u00e9changeurs n\u00b037 Ahuy, n\u00b038 Pompidou (+shunt),  \nn\u00b039 Valmy et n\u00b040 Malines,\n\u2022 Fermeture de la section courante sens Paris-Lyon au PR13+150.\nDirection d\u00e9partementale des territoires de la C\u00f4te-d'Or\n57 rue de Mulhouse- BP 53317 - 21033 DIJON cedex\nt\u00e9l : 03 80 29 44 44 \u2013 Courriel : ddt@cote-dor.gouv.fr\nDirection d\u00e9partementale des territoires de la C\u00f4te-d'Or - 21-2025-05-27-00002 - AP 762 20250527 RAA M274 CampagneFauchage 31\n5/13\nDes d\u00e9viations seront mises en place \u00e0 l'attention des usagers :\n\u25e6 depuis l'\u00e9changeur n\u00b040 de Malines (PR9+625)     :  \n\u25aa rue Dr Quignard,\n\u25aa rue de Mayence,\n\u25aa rue de Cracovie,\n\u25aa retour M274 via \u00e9changeur n\u00b041 Cracovie (PR6+830).\n\u25e6 depuis l'\u00e9changeur n\u00b039 Valmy (PR11+350)     :  \n\u25aa Parc Commercial de la Toison d'Or,\n\u25aa rue de Clochide,\n\u25aa bd W Churchill,\n\u25aa rue de Malines,\n\u25aa rue Dr Quignard,\n\u25aa rue de Mayence,\n\u25aa rue de Cracovie,\n\u25aa retour M274 via \u00e9changeur n\u00b041 Cracovie (PR6+830).\n\u25e6 depuis l'\u00e9changeur n\u00b038 Pompidou (PR12+070)     :  \n\u25aa av de Langres,\n\u25aa av du Drapeau,\n\u25aa bd Pascal,\n\u25aa bd des martyrs de la r\u00e9sistance,\n\u25aa place Saint Exupery\n\u25aa av de Dallas,\n\u25aa rue de Cracovie,\n\u25aa retour M274 via \u00e9changeur n\u00b041 Cracovie (PR6+830).\n\u25e6 depuis l'\u00e9changeur n\u00b037 d'Ahuy (13+050)     :  \n\u25aa M107A (route d'Ahuy),\n\u25aa bd Gallieni,\n\u25aa bd Pascal,\n\u25aa bd des martyrs de la r\u00e9sistance,\n\u25aa place Saint Exupery,\n\u25aa av de Dallas,\n\u25aa rue de Cracovie,\n\u25aa retour M274 via \u00e9changeur n\u00b041 Cracovie (PR6+830).\nPhase 3\nCoupure d'axe et fermeture de bretelles\nLa M274 sera ferm\u00e9e \u00e0 la circulation dans le sens Lyon-Paris, du PR0+000 (sortie par bretelle \nn\u00b01 de l'\u00e9changeur n\u00b047 Beauregard) au PR4+200 (retour par la bretelle 2 de l'\u00e9changeur  \nn\u00b045 Franche-Comt\u00e9) :\n\u2022 Fermeture des bretelles n\u00b02, 3 et 6 de l'\u00e9changeur n\u00b047 de Beauregard (PR0+010),\n\u2022 Fermeture de section courante par APRR du PR32D de l'A311 au PR 0+000 de la \nM274.\nDes d\u00e9viations seront mises en place \u00e0 l'attention des usagers :\n\u25e6 depuis l'\u00e9changeur n\u00b047 de Beauregard (PR0+010)     :  \n\u25aa M122A bd de Beauregard,\n\u25aa M124 bd Eiffel,\n\u25aa M124 bd des Industries,\nDirection d\u00e9partementale des territoires de la C\u00f4te-d'Or\n57 rue de Mulhouse- BP 53317 - 21033 DIJON cedex\nt\u00e9l : 03 80 29 44 44 \u2013 Courriel : ddt@cote-dor.gouv.fr\nDirection d\u00e9partementale des territoires de la C\u00f4te-d'Or - 21-2025-05-27-00002 - AP 762 20250527 RAA M274 CampagneFauchage 32\n6/13\n\u25aa M996 route de Dijon,\n\u25aa av de l'Europe,\n\u25aa bd de Chicago,\n\u25aa M905,\n\u25aa retour  M274  via  la  bretelle  2  de  l'\u00e9changeur  n\u00b045  de  Franche-Comt\u00e9  \n(PR4+250).\nPhase 4\nCoupure d'axe et fermetures de bretelles\nLa M274 sera ferm\u00e9e \u00e0 la circulation dans le sens 1 du PR3+950 (sortie par bretelle n\u00b01 de  \nl'\u00e9changeur n\u00b045 Franche-Comt\u00e9) au PR9+975 (retour par la bretelle n\u00b02 de l'\u00e9changeur  \nn\u00b040 Malines) :\n\u2022 Fermeture  de  la  bretelle  d'entr\u00e9e  n\u00b04  de  l'\u00e9changeur  n\u00b045  de  Franche-Comt\u00e9  \n(PR4+250) par APRR,\n\u2022 Fermeture  des  bretelles  d'entr\u00e9es  n\u00b02  des  \u00e9changeurs  n\u00b045  Franche-Comt\u00e9  \n(PR4+250), n\u00b044 de Mirande (PR5+340), n\u00b043 de Quetigny (PR5+625) et n\u00b042 de l'Arc \n(PR6+830).\nDes d\u00e9viations seront mises en place \u00e0 l'attention des usagers :\n\u25e6 depuis l'\u00e9changeur n\u00b045 Franche-Comt\u00e9 (PR4+250)     :  \n\u25aa B2 ferm\u00e9e  \n\u2022 A39 sortie n\u00b02,\n\u2022 M905B (av du Mont Blanc),\n\u2022 M122A (route de Chevigny),\n\u2022 M107 (route de Dijon, bd J Jaur\u00e8s),\n\u2022 M125 (bd de l'Europe),\n\u2022 M125D\n\u2022 M700,\n\u2022 rue Jean Moulin,\n\u2022 rond point du 8 mai 1945,\n\u2022 av Champollion,\n\u2022 bd des Martyrs de la R\u00e9sistance,\n\u2022 place Saint Exupery,\n\u2022 av de Dallas,\n\u2022 rue de Cracovie,\n\u2022 rue de l'Yser,\n\u2022 rue de Malines,\n\u2022 retour M274 via \u00e9changeur n\u00b040 Malines (PR9+625).\n\u25e6 depuis l'\u00e9changeur n\u00b045 Franche-Comt\u00e9 (PR4+250)     :  \n\u25aa B4 ferm\u00e9e  \n\u2022 bretelle n\u00b06, n\u00b07 de l'\u00e9changeur n\u00b045 de Franche-Comt\u00e9,\n\u2022 A39 sortie n\u00b02,\n\u2022 M905B (av du Mont Blanc),\n\u2022 M122A (route de Chevigny),\n\u2022 M107 (route de Dijon, bd J Jaur\u00e8s),\n\u2022 M125 (bd de l'Europe),\n\u2022 M125D,\n\u2022 M700,\nDirection d\u00e9partementale des territoires de la C\u00f4te-d'Or\n57 rue de Mulhouse- BP 53317 - 21033 DIJON cedex\nt\u00e9l : 03 80 29 44 44 \u2013 Courriel : ddt@cote-dor.gouv.fr\nDirection d\u00e9partementale des territoires de la C\u00f4te-d'Or - 21-2025-05-27-00002 - AP 762 20250527 RAA M274 CampagneFauchage 33\n7/13\n\u2022 rue Jean Moulin,\n\u2022 rond point du 8 mai 1945,\n\u2022 av Champollion,\n\u2022 bd des Martyrs de la R\u00e9sistance,\n\u2022 place Saint Exupery,\n\u2022 av de Dallas,\n\u2022 rue de Cracovie,\n\u2022 rue de l'Yser,\n\u2022 rue de Malines,\n\u2022 retour M274 via \u00e9changeur n\u00b040 Malines (PR9+625).\n\u25e6 depuis l'\u00e9changeur n\u00b044 Mirande (PR5+340)     :  \n\u25aa B2 ferm\u00e9e  \n\u2022 M126 (rue Pierre de Coubertin),\n\u2022 rue Alain Bombard,\n\u2022 rue Champeau,\n\u2022 M125 (bd de l'Europe),\n\u2022 M125D,\n\u2022 M700,\n\u2022 rue Jean Moulin,\n\u2022 rond point du 8 mai 1945,\n\u2022 av Champollion,\n\u2022 bd des Martyrs de la R\u00e9sistance,\n\u2022 place Saint Exupery,\n\u2022 av de Dallas,\n\u2022 rue de Cracovie,\n\u2022 rue de l'Yser,\n\u2022 rue de Malines,\n\u2022 retour M274 via \u00e9changeur n\u00b040 Malines (PR9+625).\n\u25e6 depuis l'\u00e9changeur n\u00b043 Qu\u00e9tigny (PR5+625)     :  \n\u25aa B2 ferm\u00e9e  \n\u2022 rue Alain Bombard,\n\u2022 rue Champeau,\n\u2022 M125 (bd de l'Europe),\n\u2022 M125D,\n\u2022 M700,\n\u2022 rue Jean Moulin,\n\u2022 rond point du 8 mai 1945,\n\u2022 av Champollion,\n\u2022 bd des Martyrs de la R\u00e9sistance,\n\u2022 place Saint Exupery,\n\u2022 av de Dallas,\n\u2022 rue de Cracovie,\n\u2022 rue de l'Yser,\n\u2022 rue de Malines,\n\u2022 retour M274 via \u00e9changeur n\u00b040 Malines (PR9+625).\n\u25e6 depuis l'\u00e9changeur n\u00b042 de l'Arc (PR6+830)     :  \n\u25aa rue Jean Moulin,\n\u25aa rond point du 8 mai 1945,\nDirection d\u00e9partementale des territoires de la C\u00f4te-d'Or\n57 rue de Mulhouse- BP 53317 - 21033 DIJON cedex\nt\u00e9l : 03 80 29 44 44 \u2013 Courriel : ddt@cote-dor.gouv.fr\nDirection d\u00e9partementale des territoires de la C\u00f4te-d'Or - 21-2025-05-27-00002 - AP 762 20250527 RAA M274 CampagneFauchage 34\n8/13\n\u25aa av Champollion,\n\u25aa bd des Martyrs de la R\u00e9sistance,\n\u25aa place Saint Exupery,\n\u25aa av de Dallas,\n\u25aa rue de Cracovie,\n\u25aa rue de l'Yser,\n\u25aa rue de Malines,\n\u25aa retour M274 via \u00e9changeur n\u00b040 Malines (PR9+625).\nRestriction de circulation\nNeutralisation  des  voies  rapides  et  lentes  par  balisage  FLR  (fl\u00e8che  de  rabattement  \nlumineuse) 500m en amont de la bretelle de sortie obligatoire n\u00b01 de l'\u00e9changeur n\u00b045  \nFranche-Comt\u00e9 (4+250) de la M274.\nPhase 5\nCoupure d'axe et fermetures de bretelles\nLa M274 sera ferm\u00e9e \u00e0 la circulation dans le sens Paris-Lyon du PR 4+500 (sortie par bretelle \nn\u00b05  de  l'\u00e9changeur  n\u00b045  Franche-Comt\u00e9)  au  PR0+000  (retour  par  la  bretelle  n\u00b06  de  \nl'\u00e9changeur n\u00b047 Beauregard) :\n\u2022 Fermeture des bretelles n\u00b02, 6 et 8 de l'\u00e9changeur n\u00b045 de Franche-Comt\u00e9 (PR4+250) \net de la bretelle n\u00b05 de l'\u00e9changeur n\u00b047 de Beauregard (PR0+010).\nDes d\u00e9viations seront mises en place \u00e0 l'attention des usagers :\n\u25e6 depuis l'\u00e9changeur n\u00b045 Franche-Comt\u00e9 sortie par B5 et B6 ferm\u00e9e     :  \n\u25aa M905,\n\u25aa bd de Chicago,\n\u25aa av de l'europe,\n\u25aa M996 route de Dijon,\n\u25aa M124 bd des Industries,\n\u25aa M124 bd Eiffel,\n\u25aa M122A bd de Beauregard,\n\u25aa M122R,\n\u25aa rond point de Palissy,\n\u25aa M122R,\n\u25aa retour par B6 de l'\u00e9changeur n\u00b047 de Beauregard.\n\u25e6 depuis l'\u00e9changeur n\u00b045 de Franche-Comt\u00e9, B8 ferm\u00e9e     :  \n\u25aa M905,\n\u25aa A39 sortie n\u00b02 (Sennecey les Dijon),\n\u25aa M905B,\n\u25aa giratoire M905B/M122A,\n\u25aa M905B,\n\u25aa A39,\n\u25aa M905,\n\u25aa bd de Chicago,\n\u25aa av de l'Europe,\n\u25aa M996 route de Dijon,\n\u25aa M124 bd des Industries,\n\u25aa M124 bd Eiffel,\nDirection d\u00e9partementale des territoires de la C\u00f4te-d'Or\n57 rue de Mulhouse- BP 53317 - 21033 DIJON cedex\nt\u00e9l : 03 80 29 44 44 \u2013 Courriel : ddt@cote-dor.gouv.fr\nDirection d\u00e9partementale des territoires de la C\u00f4te-d'Or - 21-2025-05-27-00002 - AP 762 20250527 RAA M274 CampagneFauchage 35\n9/13\n\u25aa M122A bd de Beauregard,\n\u25aa M122r,\n\u25aa rond point de Palissy,\n\u25aa M122R,\n\u25aa retour par B6 de l'\u00e9changeur n\u00b047 de Beauregard.\n\u25e6 depuis l'\u00e9changeur n\u00b045 de Franche-Comt\u00e9, B2 ferm\u00e9e     :  \n\u25aa A39 sortie n\u00b02 (Sennecey les Dijon),\n\u25aa M905B,\n\u25aa giratoire M905B/M122A,\n\u25aa M905B,\n\u25aa A39,\n\u25aa retour par B4 de l'\u00e9changeur n\u00b045 Franche-Comt\u00e9.\n\u25e6 depuis l'\u00e9changeur n\u00b047 de Beauregard, B5 ferm\u00e9e     :  \n\u25aa M122r,\n\u25aa rond pont de Palissy,\n\u25aa M122R,\n\u25aa retour par B6 de l'\u00e9changeur n\u00b047 de Beauregard.\nRestriction de circulation\nNeutralisation  des  voies  rapides  et  lentes  par  balisage  FLR  (fl\u00e8che  de  rabattement  \nlumineuse) 500m en amont de la bretelle de sortie obligatoire n\u00b05 de l'\u00e9changeur n\u00b045  \nFranche-Comt\u00e9 (PR4+250) de la M274.\nPhase 6\nCoupure d'axe et fermeture de bretelles.\nLa M274 sera ferm\u00e9e \u00e0 la circulation dans le sens Lyon-Paris du PR8+080 (sortie par bretelle \n1 de l'\u00e9changeur n\u00b041 Cracovie) au PR13+200 (retour par l'\u00e9changeur n\u00b037 Ahuy) :\n\u2022 Fermeture des bretelles d'entr\u00e9es n\u00b02 des \u00e9changeurs n\u00b040 Malines (PR9+625), n\u00b039  \nValmy (PR11+350) et n\u00b038 Pompidou (PR12+070),\n\u2022 Fermeture de la section courante sens 1 au PR8+080.\nDes d\u00e9viations seront mises en place \u00e0 l'attention des usagers :\n\u25e6 depuis l'\u00e9changeur n\u00b041 Cracovie (PR6+830)     :  \n\u25aa rue de Bastogne,\n\u25aa rue de Cracovie,\n\u25aa av de Dallas,\n\u25aa bd des Martyrs de la R\u00e9sistance,\n\u25aa place Saint Exupery,\n\u25aa bd Pascal,\n\u25aa bd Gallieni,\n\u25aa M107A (route d'Ahuy),\n\u25aa retour M274 via \u00e9changeur n\u00b037 Ahuy (PR13+050).\n\u25e6 depuis l'\u00e9changeur n\u00b040 de Malines (PR9+625)     :  \n\u25aa rue de Malines,\n\u25aa rue du Dr Quignard,\n\u25aa av de Mayence,\n\u25aa av de Dallas,\n\u25aa bd des Martyrs de la R\u00e9sistance,\nDirection d\u00e9partementale des territoires de la C\u00f4te-d'Or\n57 rue de Mulhouse- BP 53317 - 21033 DIJON cedex\nt\u00e9l : 03 80 29 44 44 \u2013 Courriel : ddt@cote-dor.gouv.fr\nDirection d\u00e9partementale des territoires de la C\u00f4te-d'Or - 21-2025-05-27-00002 - AP 762 20250527 RAA M274 CampagneFauchage 36\n10/13\n\u25aa place Saint Exupery,\n\u25aa bd Pascal,\n\u25aa bd Gallieni,\n\u25aa M107A (route d'Ahuy),\n\u25aa retour M274 via \u00e9changeur n\u00b037 Ahuy (PR13+050).\n\u25e6 depuis l'\u00e9changeur n\u00b039 Valmy (PR11+350)     :  \n\u25aa Parc Commercial de la Toison d'Or,\n\u25aa rue de Clochide,\n\u25aa bd W Churchill,\n\u25aa rue de Malines,\n\u25aa rue Dr Quignard,\n\u25aa rue de Mayence,\n\u25aa av de Dallas,\n\u25aa bd des Martyrs de la R\u00e9sistance,\n\u25aa bd Pascal,\n\u25aa bd Gallieni,\n\u25aa M107A (route d'Ahuy)\n\u25aa retour M274 via \u00e9changeur n\u00b037 Ahuy (PR13+050).\n\u25e6 depuis l'\u00e9changeur n\u00b038 Pompidou (PR12+070)     :  \n\u25aa av de Langres,\n\u25aa av du Drapeau,\n\u25aa bd Gallieni,\n\u25aa M107A (route d'Ahuy),\n\u25aa retour M274 via \u00e9changeur n\u00b037 Ahuy (PR13+050).\nRestriction de circulation\nNeutralisation  des  voies  rapides  et  lentes  par  balisage  FLR  (fl\u00e8che  de  rabattement  \nlumineuse) 500m en amont de la bretelle de sortie obligatoire n\u00b01 de l'\u00e9changeur n\u00b041 de  \nCracovie (PR6+830) de la M274.\nPhase 7\nCoupure d'axe et fermetures de bretelles\nLa M274 sera ferm\u00e9e \u00e0 la circulation de l'\u00e9changeur n\u00b037 Ahuy (PR13+050) \u00e0 l'\u00e9changeur  \nn\u00b034 Plombi\u00e8res les Dijon (PR18+262) dans les 2 sens de circulation :\n\u25e6 \u00c9changeur n\u00b034 Plombi\u00e8res les Dijon, fermeture de la section courante au PR \n18+275 sens Paris\u2192Lyon,\n\u25e6 \u00c9changeur n\u00b035 de Talant, fermeture de la section courante au PR 16+250 sens \nLyon->Paris et au PR16+225 sens Paris\u2192Lyon,\n\u25e6 \u00c9changeur n\u00b036 Daix, fermeture de la bretelle n\u00b02,\n\u25e6 \u00c9changeur n\u00b037 Ahuy, fermeture de la section courante au PR13+150 sens Lyon-\nParis et de la bretelle d'entr\u00e9e n\u00b02.\nDes d\u00e9viations seront mises en place \u00e0 l'attention des usagers :\n\u2022 En direction de Lyon, depuis l'\u00e9changeur     :  \n\u25e6 n\u00b034 Plombi\u00e8res (PR18+262)     :  \n\u25aa M905,\n\u25aa bd de l'Ouest,\n\u25aa bd de Ch\u00e8vre Morte,\nDirection d\u00e9partementale des territoires de la C\u00f4te-d'Or\n57 rue de Mulhouse- BP 53317 - 21033 DIJON cedex\nt\u00e9l : 03 80 29 44 44 \u2013 Courriel : ddt@cote-dor.gouv.fr\nDirection d\u00e9partementale des territoires de la C\u00f4te-d'Or - 21-2025-05-27-00002 - AP 762 20250527 RAA M274 CampagneFauchage 37\n11/13\n\u25aa bd des Clomiers,\n\u25aa bd Fran\u00e7ois Pompom,\n\u25aa bd des Aiguilottes,\n\u25aa bd des Allobroges,\n\u25aa bd Mar\u00e9chal Gallieni,\n\u25aa bd Pascal,\n\u25aa place St Exup\u00e9ry,\n\u25aa bd Joffre,\n\u25aa M974 (av de Langres),\n\u25aa retour sur M274 via la bretelle 4 de l'\u00e9changeur n\u00b038 Pompidou (PR12+070).\n\u25e6 n\u00b035 Talant (PR16+400)     :  \n\u25aa M971 (bd de Troyes),\n\u25aa bd Fran\u00e7ois Pompom,\n\u25aa bd des Aiguilottes,\n\u25aa bd des Allobroges,\n\u25aa bd Mar\u00e9chal Gallieni,\n\u25aa bd Pascal,\n\u25aa place Saint-Exup\u00e9ry,\n\u25aa bd Joffre,\n\u25aa M974 (av de Langres),\n\u25aa retour sur M274 via la bretelle 4 de l'\u00e9changeur n\u00b038 Pompidou (PR12+070).\n\u25e6 n  \u00b036 Daix (PR15+600  ) :\n\u25aa rue d'Hauteville,\n\u25aa route de Dijon,\n\u25aa M107 (rue d'Hauteville, rue de Dijon),\n\u25aa bd des Allobroges,\n\u25aa bd Mar\u00e9chal Gallieni,\n\u25aa bd Pascal,\n\u25aa place Saint-Exup\u00e9ry,\n\u25aa bd Joffre,\n\u25aa M974 (av de Langres),\n\u25aa retour sur M274 via la bretelle 4 de l'\u00e9changeur n\u00b038 Pompidou (PR12+070).\n\u2022 En direction de Paris, depuis l'\u00e9changeur     :  \n\u25e6 n\u00b037 Ahuy (PR13+050)     :  \n\u25aa M274,\n\u25aa \u00e9changeur n\u00b038 Pompidou bretelle n\u00b03,\n\u25aa M974 (av de Langres/ av du Drapeau),\n\u25aa bd Mar\u00e9chal Gallieni,\n\u25aa bd des Allobroges,\n\u25aa bd des Aiguilottes,\n\u25aa bd Fran\u00e7ois Pompom,\n\u25aa bd des Clomiers,\n\u25aa bd de Ch\u00e8vre Morte,\n\u25aa bd de l'Ouest,\n\u25aa M905,\n\u25aa retour sur M274 via bretelle d'acc\u00e8s de l'\u00e9changeur n\u00b034 Plombi\u00e8res \n(PR12+070).\nDirection d\u00e9partementale des territoires de la C\u00f4te-d'Or\n57 rue de Mulhouse- BP 53317 - 21033 DIJON cedex\nt\u00e9l : 03 80 29 44 44 \u2013 Courriel : ddt@cote-dor.gouv.fr\nDirection d\u00e9partementale des territoires de la C\u00f4te-d'Or - 21-2025-05-27-00002 - AP 762 20250527 RAA M274 CampagneFauchage 38\n12/13\n\u25e6 n\u00b035 Talant (PR16+400)     :  \n\u25aa M971 (Bd de Troyes),\n\u25aa bd des Clomiers,\n\u25aa bd de Ch\u00e8vre Morte,\n\u25aa bd de l'Ouest,\n\u25aa M905,\n\u25aa retour  sur  M274  via  bretelle  d'acc\u00e8s  de  l'\u00e9changeur  n\u00b034  Plombi\u00e8res  \n(PR18+262).\nArticle 3 :\nCertaines  phases  pr\u00e9paratoires  ou  de  mise  en  place  de  la  signalisation  du  chantier  \npourront  n\u00e9cessiter  des  r\u00e9ductions  momentan\u00e9es  de  chauss\u00e9e  ou  des  interruptions  \ncourtes de circulation.\nArticle 4 :\nSur le parcours des sections soumises \u00e0 ces restrictions provisoires, les conducteurs des  \nv\u00e9hicules devront le cas \u00e9ch\u00e9ant, se conformer aux indications des services de police et  \ndes  agents  de  la  direction  interd\u00e9partementale  des  routes  Centre-Est,  tant  en  ce  qui \nconcerne le trajet \u00e0 suivre que l'arr\u00eat s'il leur est prescrit.\nArticle 5 :\nLe passage des convois exceptionnels sera interdit sur l'itin\u00e9raire de d\u00e9viation.\nArticle 6 :\nLa signalisation r\u00e9glementaire, conforme \u00e0 l'instruction interminist\u00e9rielle (Livre I \u2013 8e partie) \napprouv\u00e9e par arr\u00eat\u00e9 interminist\u00e9riel le 6 novembre 1992 et aux manuels du chef de  \nchantier, sera fournie, mise en place et maintenue par le CEI de Dijon.\nArticle 7 :\nLes infractions au pr\u00e9sent arr\u00eat\u00e9 seront constat\u00e9es par proc\u00e8s-verbaux dress\u00e9s par les  \nforces de l'ordre.\nArticle 8 :\nLors de l'ach\u00e8vement des travaux et avant le r\u00e9tablissement normal de la circulation, la  \nchauss\u00e9e devra \u00eatre propre et satisfaire aux conditions normales de s\u00e9curit\u00e9.\nArticle 9 :\nLe pr\u00e9sent arr\u00eat\u00e9 sera affich\u00e9 aux abords imm\u00e9diats du chantier.\nArticle 10 :\nLe pr\u00e9sent arr\u00eat\u00e9 peut faire l'objet d'un recours gracieux aupr\u00e8s du pr\u00e9fet et/ou d'un  \nrecours contentieux devant le tribunal administratif dans un d\u00e9lai de 2 mois \u00e0 compter de  \nsa notification.\nDirection d\u00e9partementale des territoires de la C\u00f4te-d'Or\n57 rue de Mulhouse- BP 53317 - 21033 DIJON cedex\nt\u00e9l : 03 80 29 44 44 \u2013 Courriel : ddt@cote-dor.gouv.fr\nDirection d\u00e9partementale des territoires de la C\u00f4te-d'Or - 21-2025-05-27-00002 - AP 762 20250527 RAA M274 CampagneFauchage 39\n13/13\nLe tribunal administratif peut \u00eatre saisi par un recours d\u00e9pos\u00e9 via l'application T\u00e9l\u00e9recours  \ncitoyens accessible par le site internet www.telerecours.fr \u00bb.\nArticle 11 :\n- La Directrice de Cabinet du pr\u00e9fet de la C\u00f4te-d'Or,\n- Le Pr\u00e9sident de Dijon M\u00e9tropole,\n- Le Directeur Interd\u00e9partemental de la Police Nationale,\n- Le Commandant de la R\u00e9gion de Gendarmerie de Bourgogne-Franche-Comt\u00e9, du \nGroupement de la C\u00f4te-d'Or,\nsont charg\u00e9s, chacun en ce qui le concerne, de l'ex\u00e9cution du pr\u00e9sent arr\u00eat\u00e9.\nLe pr\u00e9sent arr\u00eat\u00e9 sera publi\u00e9 au recueil des actes administratifs de la Pr\u00e9fecture de la C\u00f4te-\nd'Or.\nUne copie du pr\u00e9sent arr\u00eat\u00e9 sera adress\u00e9e pour information :\n  au Service D\u00e9partemental d'Incendie et de Secours de la C\u00f4te-d'Or,\n  \u00e0 la direction du SAMU de Dijon,\n- au CEI de Dijon M\u00e9tropole,\n- \u00e0 la direction de l'exploitation de Dijon M\u00e9tropole,\n- \u00e0 la direction d\u00e9partementale des territoires de la Sa\u00f4ne-et-Loire, service des transports  \nexceptionnels,\n- aux  communes  de  Longvic,  Dijon,  Ruffey-les-Echirey,  Ahuy,  Fontaine-les-Dijon,  Daix,  \nTalant, Plombi\u00e8res-les-Dijon et Saint-Apollinaire.\nFait \u00e0 Dijon, le 27 mai 2025\nLe pr\u00e9fet,\nPour le pr\u00e9fet et par d\u00e9l\u00e9gation ,\nLa directrice de cabinet,\nSIGN\u00c9\nAur\u00e9lie CONTRECIVILE\nDirection d\u00e9partementale des territoires de la C\u00f4te-d'Or\n57 rue de Mulhouse- BP 53317 - 21033 DIJON cedex\nt\u00e9l : 03 80 29 44 44 \u2013 Courriel : ddt@cote-dor.gouv.fr\nDirection d\u00e9partementale des territoires de la C\u00f4te-d'Or - 21-2025-05-27-00002 - AP 762 20250527 RAA M274 CampagneFauchage 40\nDirection d\u00e9partementale des territoires de la\nC\u00f4te-d'Or\nService S\u00e9curit\u00e9 et Education Routi\u00e8re\n21-2025-06-05-00004\nArr\u00eat\u00e9 Pr\u00e9fectoral N\u00b0787 relatif \u00e0 la circulation\nd'un petit train touristique sur le territoire de la\ncommune de DIJON les samedi 7 et dimanche 8\njuin 2025 \u00e0 l'occasion de la manifestation \u00ab 38?\n\u00e9dition de la F\u00eate du Port du Canal \u00bb\nDirection d\u00e9partementale des territoires de la C\u00f4te-d'Or - 21-2025-06-05-00004 - Arr\u00eat\u00e9 Pr\u00e9fectoral N\u00b0787 relatif \u00e0 la circulation d'un\npetit train touristique sur le territoire de la commune de DIJON les samedi 7 et dimanche 8 juin 2025 \u00e0 l'occasion de la manifestation\n\u00ab 38? \u00e9dition de la F\u00eate du Port du Canal \u00bb\n41\nnPREFETDE LAC\u00d4TE-D'ORLidertdEgaliseFr\u00e6terertt\nDirection d\u00e9partementale des territoires\nde la C\u00f4te-d'Or\nService de la s\u00e9curit\u00e9 et de l'\u00e9ducation routi\u00e8re\nBureau de la s\u00e9curit\u00e9 routi\u00e8re\nArr\u00eat\u00e9 Pr\u00e9fectoral N\u00b0787\nrelatif \u00e0 la circulation d'un petit train touristique sur le territoire de la commune de DIJON les \nsamedi 7 et dimanche 8 juin 2025 \u00e0 l'occasion de la manifestation \u00ab 38  \u00e9dition de la F\u00eate du\u1d49  \nPort du Canal \u00bb.\nLe pr\u00e9fet de la r\u00e9gion Bourgogne-Franche-Comt\u00e9\nPr\u00e9fet de la C\u00f4te-d'Or\nVU le code de la route, et notamment ses articles R. 317-21, R. 411-3 \u00e0 R. 411-6 et R. 411-8 ;\nVU l'arr\u00eat\u00e9 du 4 juillet 1972 modifi\u00e9 relatif aux feux sp\u00e9ciaux des v\u00e9hicules \u00e0 progression lente ;\nVU l'arr\u00eat\u00e9 du 22 janvier 2015 d\u00e9finissant les caract\u00e9ristiques et les conditions d'utilisation  \ndes v\u00e9hicules, autres que les autocars et les autobus, destin\u00e9s \u00e0 des usages de tourisme et de  \nloisirs ;\nVU l'arr\u00eat\u00e9 pr\u00e9fectoral n\u00b0 507 / SG du 28 mars 2025 donnant d\u00e9l\u00e9gation de signature \u00e0 Mme  \nManuelle Dupuy, directrice d\u00e9partementale des territoires de la C\u00f4te-d'Or ;\nVU l'arr\u00eat\u00e9 pr\u00e9fectoral n\u00b0 512 du 7 avril 2025 portant subd\u00e9l\u00e9gation de signature aux agents  \nde la direction d\u00e9partementale des territoires de C\u00f4te-d'Or ;\nVU la demande en date du  14 avril 2025  des \u00ab  Associations Amies du Port du Canal Dijon  \nSud \u00bb ;\nVU le proc\u00e8s verbal annex\u00e9 de la visite technique initiale d\u00e9livr\u00e9e le  27 mai 2014 par O.  \nROYES, inspecteur APAVE ;\nVU le proc\u00e8s verbal de la visite technique p\u00e9riodique d\u00e9livr\u00e9 le 27  f\u00e9vrier 2025  par DEKRA  \nIndustrial S.A.S, 131 avenue de parmes, 01000 BOURG EN BRESSE ;\nDirection d\u00e9partementale des territoires de la C\u00f4te-d'Or\n57, rue de Mulhouse - BP 53317 - 21033 Dijon CEDEX\nT\u00e9l. : 03 80 29 44 44\nCourriel : ddt@cote-dor.gouv.fr\nDirection d\u00e9partementale des territoires de la C\u00f4te-d'Or - 21-2025-06-05-00004 - Arr\u00eat\u00e9 Pr\u00e9fectoral N\u00b0787 relatif \u00e0 la circulation d'un\npetit train touristique sur le territoire de la commune de DIJON les samedi 7 et dimanche 8 juin 2025 \u00e0 l'occasion de la manifestation\n\u00ab 38? \u00e9dition de la F\u00eate du Port du Canal \u00bb\n42\nVU la licence annex\u00e9e n\u00b0 2021/84/0000083 pour le transport int\u00e9rieur de personnes par route  \npour compte d'autrui d\u00e9livr\u00e9e \u00e0 la SARL SABY Attractions Animations Loisirs le 14 d\u00e9cembre  \n2020 et valable jusqu'au 31 d\u00e9cembre 2025 ;\nVU les certificats d'assurances de la locomotive DQ 814 ZY et de ses wagons DQ 830 ZY, DQ  \n800 ZY et DQ 786 ZY  d\u00e9livr\u00e9s par la AXA sous le contrat n\u00b0  11188009104 et valables jusqu'au \n30 janvier 2026 ;\nVU le  r\u00e8glement  de  s\u00e9curit\u00e9  d'exploitation  annex\u00e9  de  l'entreprise  relatif  \u00e0  l'itin\u00e9raire \ndemand\u00e9 ;\nVU l'avis favorable de Mme le Maire de DIJON re\u00e7u en date du 4 juin 2025 ;\nSUR proposition de Madame la directrice d\u00e9partementale des territoires de la C\u00f4te-d'Or ;\nARRETE\nArticle 1er : \nMonsieur le pr\u00e9sident des \u00ab  Associations Amies du Port du Canal Dijon Sud  \u00bb \u2013 Maison des  \nassociations \u2013 boite aux lettres EE3 \u2013 2 rue des Corroyeurs \u2013 21068 DIJON, est autoris\u00e9 \u00e0  \nmettre en circulation \u00e0 des fins touristiques ou de loisirs les  samedi 7 juin 2025, de 14h00 \u00e0  \n19h00, et dimanche 8 juin 2025, de 14h00 \u00e0 19h00, \u00e0 l'occasion de la manifestation \u00ab  38\u00e8 \n\u00e9dition de la F\u00eate du Port du Canal \u00bb, un petit train routier de cat\u00e9gorie I sur le territoire de la \ncommune  de  DIJON  conform\u00e9ment  au  r\u00e8glement  de  s\u00e9curit\u00e9  d'exploitation  et  au  plan \nannex\u00e9s au pr\u00e9sent arr\u00eat\u00e9 et pr\u00e9cisant l'itin\u00e9raire emprunt\u00e9.\nLes d\u00e9placements sans voyageurs pour les besoins du service, pour le d\u00e9part ou le retour de  \nson lieu de stockage, sont couverts par le pr\u00e9sent arr\u00eat\u00e9 en application de l'article 4 de  \nl'arr\u00eat\u00e9 du 22 janvier 2015 susvis\u00e9.\nArticle 2 :\nToute modification du trajet ou de ses caract\u00e9ristiques routi\u00e8res ainsi que toute modification  \ndes v\u00e9hicules entra\u00eene la perte de validit\u00e9 du pr\u00e9sent arr\u00eat\u00e9.\nLe petit train routier doit s'int\u00e9grer \u00e0 la circulation g\u00e9n\u00e9rale sans la perturber et respecter les  \nprescriptions du code de la route. Compte-tenu de la pr\u00e9sence du tramway et des bus,  \navenue Jean-Jaur\u00e8s, la circulation est r\u00e9duite \u00e0 une file, une vigilance particuli\u00e8re doit \u00eatre  \nobserv\u00e9e sur le passage du site banalis\u00e9 de la travers\u00e9e du pont du canal.\nArticle 3 :\nLes  proc\u00e8s  verbaux  de  r\u00e9ception  \u00e0  titre  isol\u00e9,  les  proc\u00e8s-verbaux  des  derni\u00e8res  visites \ntechniques p\u00e9riodiques et l'autorisation de circulation doivent \u00eatre \u00e0 bord du petit train  \nroutier afin d'\u00eatre pr\u00e9sent\u00e9s \u00e0 toute r\u00e9quisition des agents charg\u00e9s du contr\u00f4le.\nDirection d\u00e9partementale des territoires de la C\u00f4te-d'Or\n57, rue de Mulhouse - BP 53317 - 21033 Dijon CEDEX\nT\u00e9l. : 03 80 29 44 44\nCourriel : ddt@cote-dor.gouv.fr\nDirection d\u00e9partementale des territoires de la C\u00f4te-d'Or - 21-2025-06-05-00004 - Arr\u00eat\u00e9 Pr\u00e9fectoral N\u00b0787 relatif \u00e0 la circulation d'un\npetit train touristique sur le territoire de la commune de DIJON les samedi 7 et dimanche 8 juin 2025 \u00e0 l'occasion de la manifestation\n\u00ab 38? \u00e9dition de la F\u00eate du Port du Canal \u00bb\n43\nArticle 4 :\nLe pr\u00e9sent arr\u00eat\u00e9 peut faire l'objet d'un recours contentieux devant le tribunal administratif  \nde Dijon dans un d\u00e9lai de deux mois \u00e0 compter de sa publication. Un recours peut \u00eatre  \nd\u00e9pos\u00e9  via  l'application  T\u00e9l\u00e9recours  citoyens  accessible  par  le  site  internet  \nwww.telerecours.fr.\nArticle 5 :\nLa  directrice  d\u00e9partementale  des  territoires  de  la  C\u00f4te-d'Or,  le  directeur  r\u00e9gional  de \nl'environnement, de l'am\u00e9nagement et du logement (DREAL), le directeur interd\u00e9partemental \nde la police nationale, le maire de la commune de Dijon, le pr\u00e9sident des \u00ab  Associations \nAmies  du  Port  du  Canal  Dijon  Sud \u00bb  sont  charg\u00e9s,  chacun  en  ce  qui  le  concerne,  de \nl'ex\u00e9cution  du  pr\u00e9sent  arr\u00eat\u00e9  qui  sera  publi\u00e9  au  Recueil  des  Actes  Administratifs  de  la \nPr\u00e9fecture  de  la  C\u00f4te-d'Or  et  dont  copie  sera  adress\u00e9e  au  directeur  d\u00e9partemental \nd'incendie et de secours de la C\u00f4te-d'Or, au SAMU et \u00e0 l'organisateur.\nFait \u00e0 Dijon, le 5 juin 2025\nLe Pr\u00e9fet\nPour le Pr\u00e9fet et par d\u00e9l\u00e9gation,\nLa directrice de cabinet\nSIGNE\n      Aur\u00e9lie CONTRECIVILE\nDirection d\u00e9partementale des territoires de la C\u00f4te-d'Or\n57, rue de Mulhouse - BP 53317 - 21033 Dijon CEDEX\nT\u00e9l. : 03 80 29 44 44\nCourriel : ddt@cote-dor.gouv.fr\nDirection d\u00e9partementale des territoires de la C\u00f4te-d'Or - 21-2025-06-05-00004 - Arr\u00eat\u00e9 Pr\u00e9fectoral N\u00b0787 relatif \u00e0 la circulation d'un\npetit train touristique sur le territoire de la commune de DIJON les samedi 7 et dimanche 8 juin 2025 \u00e0 l'occasion de la manifestation\n\u00ab 38? \u00e9dition de la F\u00eate du Port du Canal \u00bb\n44\nF\u00eate du port du canal 2025Trajetdu Petit TrainFrs 10008- Favme A3\nAssocatonsArles Port da Canal Djon Sad\n.\"z/ N - ' 1 $. se \\\":':.'._{; E 5 es M e es MS\nk\n&\"\u00e4 -\n<SPE\n_\\.'.\u00a5 .\\s. %v A4%3\n\u00ab-~\nlv'-\nS 7;'._' l,_F  Al\n<\n14.\niyl\n'\u2014i'\u2014\n3\nDirection d\u00e9partementale des territoires de la C\u00f4te-d'Or\n57, rue de Mulhouse - BP 53317 - 21033 Dijon CEDEX\nT\u00e9l. : 03 80 29 44 44\nCourriel : ddt@cote-dor.gouv.fr\nAnnexe 1/4\nAnnexe \u00e0 l'arr\u00eat\u00e9 pr\u00e9fectoral\nN\u00b0787 du 5 juin 2025 \nLe Pr\u00e9fet,\nPour le Pr\u00e9fet et par d\u00e9l\u00e9gation,\nLa directrice de cabinet\nSIGNE\nAur\u00e9lie CONTRECIVILE\nDirection d\u00e9partementale des territoires de la C\u00f4te-d'Or - 21-2025-06-05-00004 - Arr\u00eat\u00e9 Pr\u00e9fectoral N\u00b0787 relatif \u00e0 la circulation d'un\npetit train touristique sur le territoire de la commune de DIJON les samedi 7 et dimanche 8 juin 2025 \u00e0 l'occasion de la manifestation\n\u00ab 38? \u00e9dition de la F\u00eate du Port du Canal \u00bb\n45\nDirection d\u00e9partementale des territoires de la C\u00f4te-d'Or\n57, rue de Mulhouse - BP 53317 - 21033 Dijon CEDEX\nT\u00e9l. : 03 80 29 44 44\nCourriel : ddt@cote-dor.gouv.fr\nAnnexe 2/4\nAnnexe \u00e0 l'arr\u00eat\u00e9 pr\u00e9fectoral\nN\u00b0787 du 5 juin 2025 \nLe Pr\u00e9fet,\nPour le Pr\u00e9fet et par d\u00e9l\u00e9gation,\nLa directrice de cabinet\nSIGNE\nAur\u00e9lie CONTRECIVILE\nDirection d\u00e9partementale des territoires de la C\u00f4te-d'Or - 21-2025-06-05-00004 - Arr\u00eat\u00e9 Pr\u00e9fectoral N\u00b0787 relatif \u00e0 la circulation d'un\npetit train touristique sur le territoire de la commune de DIJON les samedi 7 et dimanche 8 juin 2025 \u00e0 l'occasion de la manifestation\n\u00ab 38? \u00e9dition de la F\u00eate du Port du Canal \u00bb\n46\nDirection d\u00e9partementale des territoires de la C\u00f4te-d'Or\n57, rue de Mulhouse - BP 53317 - 21033 Dijon CEDEX\nT\u00e9l. : 03 80 29 44 44\nCourriel : ddt@cote-dor.gouv.fr\nAnnexe 3/4\nAnnexe \u00e0 l'arr\u00eat\u00e9 pr\u00e9fectoral\nN\u00b0787 du 5 juin 2025 \nLe Pr\u00e9fet,\nPour le Pr\u00e9fet et par d\u00e9l\u00e9gation,\nLa directrice de cabinet\nSIGNE\nAur\u00e9lie CONTRECIVILE\nDirection d\u00e9partementale des territoires de la C\u00f4te-d'Or - 21-2025-06-05-00004 - Arr\u00eat\u00e9 Pr\u00e9fectoral N\u00b0787 relatif \u00e0 la circulation d'un\npetit train touristique sur le territoire de la commune de DIJON les samedi 7 et dimanche 8 juin 2025 \u00e0 l'occasion de la manifestation\n\u00ab 38? \u00e9dition de la F\u00eate du Port du Canal \u00bb\n47\nDirection d\u00e9partementale des territoires de la C\u00f4te-d'Or\n57, rue de Mulhouse - BP 53317 - 21033 Dijon CEDEX\nT\u00e9l. : 03 80 29 44 44\nCourriel : ddt@cote-dor.gouv.fr\nAnnexe 4/4\nREGLEMENT DE SECURITE D'EXPLOITATION DE LA SAS SABY AU \nCIRCUIT EMPRUNTE A DIJON LES 07 ET 08 JUIN 2025 \n \n \n \nLe pr\u00e9sent document sera annex\u00e9 \u00e0 l'autorisation pr\u00e9fectorale de circulation des \npetits trains. \n \nL'ensemble du trac\u00e9 est relativement plat, sans pente significative. \n \nLe petit train circule sur la voie publique. \n \nPrise en charge et d\u00e9pose des passagers sur la droite. \n \nV\u00e9rifications que les personnes soient mont\u00e9es ou descendues avant de d\u00e9marrer \nle train. \n \nLe circuit n'a pas de points sensibles.  \n \nLes conditions de circulation sont des conditions de circulation normale d'une \nagglom\u00e9ration. \n \nDans les carrefours, le conducteur doit veillez \u00e0 ne s'engager dans un carrefour \nque s'il a la certitude de ne pas \u00eatre une g\u00eane \u00e0 la circulation. \n \nIl faut avoir une vigilance accrue par rapport aux travers\u00e9es inopin\u00e9es des \npi\u00e9tons. \n \nIl faut interdire toute descente avant l'arr\u00eat complet du train. \n Annexe 4/4\nAnnexe \u00e0 l'arr\u00eat\u00e9 pr\u00e9fectoral\nN\u00b0787 du 5 juin 2025 \nLe Pr\u00e9fet,\nPour le Pr\u00e9fet et par d\u00e9l\u00e9gation,\nLa directrice de cabinet\nSIGNE\nAur\u00e9lie CONTRECIVILE\nDirection d\u00e9partementale des territoires de la C\u00f4te-d'Or - 21-2025-06-05-00004 - Arr\u00eat\u00e9 Pr\u00e9fectoral N\u00b0787 relatif \u00e0 la circulation d'un\npetit train touristique sur le territoire de la commune de DIJON les samedi 7 et dimanche 8 juin 2025 \u00e0 l'occasion de la manifestation\n\u00ab 38? \u00e9dition de la F\u00eate du Port du Canal \u00bb\n48\nDirection d\u00e9partementale des territoires de la\nC\u00f4te-d'Or\nService S\u00e9curit\u00e9 et Education Routi\u00e8re\n21-2025-06-05-00005\nArr\u00eat\u00e9 Pr\u00e9fectoral N\u00b0788 Autorisant la\nmanifestation nautique d\u00e9nomm\u00e9e \u00ab la 38? f\u00eate\ndu port du Canal \u00bb le samedi 7 et dimanche 8\njuin 2025 avec feu d'artifice et portant\nr\u00e9glementation de la navigation int\u00e9rieure sur le\nCanal de Bourgogne, sur le territoire de la\ncommune de DIJON\nDirection d\u00e9partementale des territoires de la C\u00f4te-d'Or - 21-2025-06-05-00005 - Arr\u00eat\u00e9 Pr\u00e9fectoral N\u00b0788 Autorisant la manifestation\nnautique d\u00e9nomm\u00e9e \u00ab la 38? f\u00eate du port du Canal \u00bb le samedi 7 et dimanche 8 juin 2025 avec feu d'artifice et portant\nr\u00e9glementation de la navigation int\u00e9rieure sur le Canal de Bourgogne, sur le territoire de la commune de DIJON\n49\nnPREFETDE LAC\u00d4TE-D'ORLidertdEgaliseFr\u00e6terertt\nDirection d\u00e9partementale des territoires\nde la C\u00f4te-d'Or\n    \nService de la s\u00e9curit\u00e9 et de l'\u00e9ducation routi\u00e8re\nBureau de la s\u00e9curit\u00e9 routi\u00e8re \nArr\u00eat\u00e9 Pr\u00e9fectoral N\u00b0788\nAutorisant la manifestation nautique d\u00e9nomm\u00e9e \u00ab la 38  f\u00eate du port du Canal\u1d49  \u00bb \nle samedi 7 et dimanche 8 juin 2025 avec feu d'artifice et portant r\u00e9glementation de la \nnavigation int\u00e9rieure sur le Canal de Bourgogne, sur le territoire de la commune de DIJON\nLe pr\u00e9fet de la r\u00e9gion Bourgogne-Franche-Comt\u00e9\nPr\u00e9fet de la C\u00f4te-d'Or\nVU le Code des Transports ;\nVU le Code du Sport ;\nVU l'arr\u00eat\u00e9 du 28 juin 2013 portant r\u00e8glement g\u00e9n\u00e9ral de police de la navigation ;\nVU le d\u00e9cret n\u00b0 2012-1556 du 28 d\u00e9cembre 2012 d\u00e9terminant la liste des mesures temporaires \nd'interruption ou de modification des conditions de navigation pouvant \u00eatre prises par le  \ngestionnaire de la voie d'eau ;\nVU l'arr\u00eat\u00e9  inter-pr\u00e9fectoral  portant  r\u00e8glement  particulier  de  police  de  la  navigation \nint\u00e9rieure de l'itin\u00e9raire \u00ab voies touristiques de Centre Bourgogne \u00bb du 29 ao\u00fbt 2014 ;\nVU l'arr\u00eat\u00e9 pr\u00e9fectoral n\u00b0 507 / SG du 28 mars 2025 donnant d\u00e9l\u00e9gation de signature \u00e0 Mme  \nManuelle Dupuy, directrice d\u00e9partementale des territoires de la C\u00f4te-d'Or ;\nVU l'arr\u00eat\u00e9 pr\u00e9fectoral n\u00b0 512 du 7 avril 2025 portant subd\u00e9l\u00e9gation de signature aux agents de la \ndirection d\u00e9partementale des territoires de C\u00f4te-d'Or ;\nVU la circulaire du 24 janvier 2013 relative aux actes et mesures de police de la navigation  \nint\u00e9rieure ;\nVU l'arr\u00eat\u00e9  municipal  du  28  mai 2025  relatif  aux  mesures  sp\u00e9ciales  de  restriction  de  la \ncirculation et du stationnement sur la commune de DIJON ;\nDirection d\u00e9partementale des territoires de la C\u00f4te-d'Or\n57, rue de Mulhouse - BP 53317 - 21033 Dijon CEDEX\nT\u00e9l. : 03 80 29 44 44\nCourriel : ddt@cote-dor.gouv.fr\nDirection d\u00e9partementale des territoires de la C\u00f4te-d'Or - 21-2025-06-05-00005 - Arr\u00eat\u00e9 Pr\u00e9fectoral N\u00b0788 Autorisant la manifestation\nnautique d\u00e9nomm\u00e9e \u00ab la 38? f\u00eate du port du Canal \u00bb le samedi 7 et dimanche 8 juin 2025 avec feu d'artifice et portant\nr\u00e9glementation de la navigation int\u00e9rieure sur le Canal de Bourgogne, sur le territoire de la commune de DIJON\n50\nVU la demande en date du 14 avril 2025 des \u00ab Associations Amies du Port du Canal Dijon Sud \u00bb ;\nVU l'attestation d'assurance d\u00e9livr\u00e9e en date du 21/03/2025 aux \u00ab  Associations Amies du Port \ndu Canal Dijon Sud \u00bb n\u00b0 1558018A par la MAIF, garantissant la responsabilit\u00e9 civile du titulaire  \ndu contrat ;\nVU l'avis favorable de la direction territoriale Centre Bourgogne des Voies Navigables de  \nFrance du 29 avril 2025 ;\nVU l'avis favorable de Mme le Maire de DIJON re\u00e7u en date du 4 juin 2025 ;\nCONSID\u00c9RANT que le pr\u00e9fet de d\u00e9partement exerce les comp\u00e9tences qui lui sont d\u00e9volues  \nen mati\u00e8re de police de la navigation int\u00e9rieure ;\nSUR proposition de Madame la directrice d\u00e9partementale des territoires de la C\u00f4te-d'Or ;\nARRETE\nArticle 1er : \nMonsieur le pr\u00e9sident des \u00ab  Associations Amies du Port du Canal Dijon Sud  \u00bb \u2013 2 rue des  \nCorroyeurs 21000 DIJON, est autoris\u00e9 \u00e0 organiser les samedi 7 juin 2025, de 14h00 \u00e0 23h30, et \ndimanche 8 juin 2025, de 14h00 \u00e0 19h00, la manifestation nautique intitul\u00e9e \u00ab  38  \u00e9dition de\u1d49  \nla F\u00eate du Port du Canal  \u00bb, autour du port du Canal, de l'esplanade (quai Nicolas Rolin) \u00e0 la  \nCapitainerie (avenue Jean Jaur\u00e8s), sur le Canal de Bourgogne, sur le territoire de la commune  \nde DIJON.\nArticle 2 :\nLes  embarcations  non  motoris\u00e9es  mues  \u00e0  la  force  humaine  sont  autoris\u00e9es  dans  la \nr\u00e9glementation  de  la  navigation  int\u00e9rieure.  Cependant,  L'initiation  aux  \u00ab  Joutes \nClamecycoises \u00bb devront \u00eatre \u00e9troitement encadr\u00e9es par les organisateurs en respectant les  \nr\u00e8gles de s\u00e9curit\u00e9.\nLe chenal en rive droite ne devra pas \u00eatre encombr\u00e9 afin de laisser libre la navigation des  \nusagers de la voie d'eau.\nLa manifestation ne devra en aucun cas g\u00eaner la navigation et les agents VNF dans l'exercice  \nde leur fonction (accompagnement et \u00e9clusage des bateaux).\nLes agents \u00e9clusiers seront pr\u00e9venus de la manifestation. Malgr\u00e9 tout, les organisateurs du feu  \nd'artifice devront s'assurer avant de le tirer que le p\u00e9rim\u00e8tre de s\u00e9curit\u00e9 soit bien respect\u00e9. \nIls devront contacter, en amont du jour de la manifestation, la \u00ab  R\u00e9gulation Bateaux  \u00bb du  \nCEMI Ouche au, 06 82 50 30 10 afin qu'aucun bateau en stationnement ponctuel ne s'amarre  \ndans le p\u00e9rim\u00e8tre de s\u00e9curit\u00e9 des feux d'artifices. \nDirection d\u00e9partementale des territoires de la C\u00f4te-d'Or\n57, rue de Mulhouse - BP 53317 - 21033 Dijon CEDEX\nT\u00e9l. : 03 80 29 44 44\nCourriel : ddt@cote-dor.gouv.fr\nDirection d\u00e9partementale des territoires de la C\u00f4te-d'Or - 21-2025-06-05-00005 - Arr\u00eat\u00e9 Pr\u00e9fectoral N\u00b0788 Autorisant la manifestation\nnautique d\u00e9nomm\u00e9e \u00ab la 38? f\u00eate du port du Canal \u00bb le samedi 7 et dimanche 8 juin 2025 avec feu d'artifice et portant\nr\u00e9glementation de la navigation int\u00e9rieure sur le Canal de Bourgogne, sur le territoire de la commune de DIJON\n51\nTout dommage caus\u00e9 par l'occupant aux ouvrages de la voie d'eau et parties terrestres du  \nDPF devra imm\u00e9diatement \u00eatre signal\u00e9 \u00e0 VNF et r\u00e9par\u00e9s \u00e0 ces frais par l'organisateur, sous  \npeine de poursuites.\nLes organisateurs sont autoris\u00e9s \u00e0 circuler sur le site avec des v\u00e9hicules lors de la pr\u00e9paration  \nde la manifestation. Durant la manifestation seuls les v\u00e9hicules d'urgence et des forces de  \nl'ordre pourront y acc\u00e9der.\nLes organisateurs devront tout mettre en \u0153uvre pour veiller \u00e0 la s\u00e9curit\u00e9 des usagers du port : \npi\u00e9tons, cyclistes ou tout autres v\u00e9hicules \u00e9tant amen\u00e9s \u00e0 emprunter ce lieu, en fonction de  \nla r\u00e9glementation en vigueur.\nLes lieux devront \u00eatre rendus propres et sans d\u00e9chets r\u00e9sultant de cette \u00ab  38  f\u00eate du port du\u1d49  \nCanal \u00bb.\nLes activit\u00e9s nautiques s'effectueront conform\u00e9ment \u00e0 la r\u00e9glementation en vigueur, tout  \nparticuli\u00e8rement pour :\n    \u2022  l'utilisation d'engins flottants homologu\u00e9s,\n    \u2022  le strict respect des prescriptions du constructeur et de l'organisme de contr\u00f4le (nombre  \nde personnes autoris\u00e9es \u00e0 bord, vitesse maximum\u2026),\n    \u2022  le port des \u00e9quipements de s\u00e9curit\u00e9 (gilets de sauvetage\u2026),\n    \u2022  la possession du certificat de capacit\u00e9 du pilote pour la conduite des engins motoris\u00e9s.\nLe p\u00e9titionnaire devra prendre toutes les pr\u00e9cautions qui s'imposent pour assurer la s\u00e9curit\u00e9  \ndes navigants participant \u00e0 la manifestation nautique.\nArticle 3 :\nLe samedi 7 juin 2025, de 22h00 \u00e0 24h00, il est institu\u00e9 une zone de s\u00e9curit\u00e9 conform\u00e9ment  \nau plan en annexe, \u00e0 l'int\u00e9rieur de laquelle la pr\u00e9sence des personnes et des v\u00e9hicules (sauf  \nceux  n\u00e9cessaires au tir du feu d'artifice) est interdite. Cette zone est mat\u00e9rialis\u00e9e par des  \nbarri\u00e8res.\nL'acc\u00e8s \u00e0 la zone de tir du feu d'artifice est interdit au public et devra \u00eatre exclusivement  \nr\u00e9serv\u00e9 aux personnes autoris\u00e9es. Le sens du vent, au niveau de la zone de tir, devra \u00eatre pris  \nen compte afin de ne causer aucun pr\u00e9judice aux habitations voisines.\nCes prescriptions ne s'imposent pas aux services d'incendie et de secours et aux forces de l'ordre.\nArticle 4 :\nL'organisateur devra disposer, soit par lui-m\u00eame ou par sa f\u00e9d\u00e9ration d'affiliation, soit par  \nvoie de convention avec les organismes comp\u00e9tents, de tous les moyens permettant de faire  \nface  \u00e0  un  accident  ou  incident  sur  l'eau,  tant  en  ce  qui  concerne  les  dommages  aux \npersonnes que les risques d'incendie et de pollution des eaux.\nDirection d\u00e9partementale des territoires de la C\u00f4te-d'Or\n57, rue de Mulhouse - BP 53317 - 21033 Dijon CEDEX\nT\u00e9l. : 03 80 29 44 44\nCourriel : ddt@cote-dor.gouv.fr\nDirection d\u00e9partementale des territoires de la C\u00f4te-d'Or - 21-2025-06-05-00005 - Arr\u00eat\u00e9 Pr\u00e9fectoral N\u00b0788 Autorisant la manifestation\nnautique d\u00e9nomm\u00e9e \u00ab la 38? f\u00eate du port du Canal \u00bb le samedi 7 et dimanche 8 juin 2025 avec feu d'artifice et portant\nr\u00e9glementation de la navigation int\u00e9rieure sur le Canal de Bourgogne, sur le territoire de la commune de DIJON\n52\nArticle 5 :\nAvant la manifestation, l'organisateur doit interroger M\u00e9t\u00e9o France (soit par le r\u00e9pondeur  \nt\u00e9l\u00e9phonique au 08.99.71.02.21 ou soit par internet  : http://france.meteofrance.com/) afin de  \nconna\u00eetre la couleur de la carte de vigilance m\u00e9t\u00e9o et prendre toute mesure adapt\u00e9e. Dans  \nl'hypoth\u00e8se d'une carte orange ou rouge, il lui appartient de prendre les dispositions qui  \ns'imposent (voire d'annuler la manifestation).\nArticle 6 :\nCette autorisation pourra \u00eatre \u00e0 tout moment suspendue, limit\u00e9e ou retir\u00e9e sans indemnit\u00e9  \npour des motifs li\u00e9s \u00e0 l'exploitation ou \u00e0 la pr\u00e9servation du domaine public fluvial ou encore \u00e0 \nla s\u00e9curit\u00e9 de la navigation ou pour tout autre motif d'int\u00e9r\u00eat g\u00e9n\u00e9ral (article 62 du d\u00e9cret du  \n6 f\u00e9vrier 1932, modifi\u00e9 par le d\u00e9cret n\u00b0 2008-1321 du 16 d\u00e9cembre 2008 \u2013 art.33)  par exemple \nen cas de non-respect d'une des prescriptions particuli\u00e8res not\u00e9es ci-avant, ou si l'\u00e9preuve  \npr\u00e9sentait un danger pour les usagers ou les agents de la navigation dans l'exercice de leur  \nmission d'exploitation du canal.\nArticle 7 :\nLa pr\u00e9sente autorisation est accord\u00e9e, sous r\u00e9serve que l'organisateur assure la r\u00e9paration  \ndes dommages, d\u00e9gradations, modifications de toutes sortes de la voie publique ou de ses  \nd\u00e9pendances, imputables aux concurrents, aux organisateurs ou \u00e0 leurs pr\u00e9pos\u00e9s.\nArticle 8 :\nLe pr\u00e9sent arr\u00eat\u00e9 peut faire l'objet d'un recours contentieux devant le tribunal administratif  \nde Dijon dans un d\u00e9lai de deux mois \u00e0 compter de sa publication. Un recours peut \u00eatre  \nd\u00e9pos\u00e9  via  l'application  T\u00e9l\u00e9recours  citoyens  accessible  par  le  site  internet  \nwww.telerecours.fr.\nArticle 9 :\nLa directrice d\u00e9partementale des territoires de la C\u00f4te-d'Or, le directeur interd\u00e9partemental  \nde la police nationale, le directeur territorial Centre-Bourgogne Voies Navigables de France,  \nle maire de la Commune de Dijon, le pr\u00e9sident des \u00ab  Associations Amies du Port du Canal  \nDijon Sud \u00bb sont charg\u00e9s, chacun en ce qui le concerne, de l'ex\u00e9cution du pr\u00e9sent arr\u00eat\u00e9 qui  \nsera publi\u00e9 au Recueil des Actes Administratifs de la Pr\u00e9fecture de la C\u00f4te-d'Or et dont copie  \nsera adress\u00e9e au directeur d\u00e9partemental d'incendie et de secours de la C\u00f4te-d'Or, au SAMU  \net \u00e0 l'organisateur.\nFait \u00e0 Dijon, le 5 juin 2025\nLe Pr\u00e9fet\nPour le Pr\u00e9fet et par d\u00e9l\u00e9gation,\nLa directrice de cabinet\nSIGNE\n      Aur\u00e9lie CONTRECIVILE\nDirection d\u00e9partementale des territoires de la C\u00f4te-d'Or\n57, rue de Mulhouse - BP 53317 - 21033 Dijon CEDEX\nT\u00e9l. : 03 80 29 44 44\nCourriel : ddt@cote-dor.gouv.fr\nDirection d\u00e9partementale des territoires de la C\u00f4te-d'Or - 21-2025-06-05-00005 - Arr\u00eat\u00e9 Pr\u00e9fectoral N\u00b0788 Autorisant la manifestation\nnautique d\u00e9nomm\u00e9e \u00ab la 38? f\u00eate du port du Canal \u00bb le samedi 7 et dimanche 8 juin 2025 avec feu d'artifice et portant\nr\u00e9glementation de la navigation int\u00e9rieure sur le Canal de Bourgogne, sur le territoire de la commune de DIJON\n53\nDirection d\u00e9partementale des territoires de la C\u00f4te-d'Or\n57, rue de Mulhouse - BP 53317 - 21033 Dijon CEDEX\nT\u00e9l. : 03 80 29 44 44\nCourriel : ddt@cote-dor.gouv.fr\nAnnexe \u00e0 l'arr\u00eat\u00e9 pr\u00e9fectoral\nN\u00b0788 du 5 juin 2025\nLe Pr\u00e9fet,\nPour le Pr\u00e9fet et par d\u00e9l\u00e9gation,\nLa directrice de cabinet\nSIGNE\n      \nAur\u00e9lie CONTRECIVILE\nDirection d\u00e9partementale des territoires de la C\u00f4te-d'Or - 21-2025-06-05-00005 - Arr\u00eat\u00e9 Pr\u00e9fectoral N\u00b0788 Autorisant la manifestation\nnautique d\u00e9nomm\u00e9e \u00ab la 38? f\u00eate du port du Canal \u00bb le samedi 7 et dimanche 8 juin 2025 avec feu d'artifice et portant\nr\u00e9glementation de la navigation int\u00e9rieure sur le Canal de Bourgogne, sur le territoire de la commune de DIJON\n54\nDirection d\u00e9partementale des territoires de la\nC\u00f4te-d'Or\nService S\u00e9curit\u00e9 et Education Routi\u00e8re\n21-2025-06-05-00003\nArr\u00eat\u00e9 pr\u00e9fectoral N\u00b0789 portant modification\ndes conditions de stationnement sur le Canal de\nBourgogne\nBief 55S - port de Dijon\nDirection d\u00e9partementale des territoires de la C\u00f4te-d'Or - 21-2025-06-05-00003 - Arr\u00eat\u00e9 pr\u00e9fectoral N\u00b0789 portant modification des\nconditions de stationnement sur le Canal de Bourgogne\nBief 55S - port de Dijon\n55\nnPREFETDE LAC\u00d4TE-D'ORLidertdEgaliseFr\u00e6terertt\nDirection d\u00e9partementale des territoires\nde la C\u00f4te-d'Or\nAffaire suivie par Manon BEAULIEU\nService de la s\u00e9curit\u00e9 et de l'\u00e9ducation routi\u00e8re\nBureau de la s\u00e9curit\u00e9 routi\u00e8re\nT\u00e9l : 03 80 29 44 23\nm\u00e9l : ddt-transports@cote-dor.gouv.fr \nArr\u00eat\u00e9 pr\u00e9fectoral N\u00b0789\nportant modification des conditions de stationnement sur le Canal de Bourgogne\nBief 55S \u2013 port de Dijon\nLe pr\u00e9fet de la r\u00e9gion Bourgogne-Franche-Comt\u00e9\nPr\u00e9fet de la C\u00f4te-d'Or\nVU le code des transports ;\nVU l'arr\u00eat\u00e9 minist\u00e9riel du 28 juin 2013 portant r\u00e8glement g\u00e9n\u00e9ral de police de la navigation  \nint\u00e9rieure, publi\u00e9 le 29 ao\u00fbt 2013 et notamment son article A 4241-26 ;\nVU le d\u00e9cret n\u00b0 2012-1556 du 28 d\u00e9cembre 2012 d\u00e9terminant la liste des mesures temporaires \nd'interruption ou de modification des conditions de navigation pouvant \u00eatre prises par le  \ngestionnaire de la voie d'eau ;\nVU l'arr\u00eat\u00e9 inter-pr\u00e9fectoral N\u00b0 599 du 6 septembre 2017 portant r\u00e8glement particulier de  \npolice des voies touristiques de Centre Bourgogne ;\nVU l'arr\u00eat\u00e9  n\u00b0721  du  22  mai  2025  portant  interdiction  de  stationner  sur  le  canal  de  \nBourgogne, Bief 55S \u2013 port de Dijon ;\nConsid\u00e9rant que la r\u00e9alisation de travaux d'am\u00e9nagement au port de Dijon est en cours, que  \nces travaux sont susceptibles d'impacter les conditions de navigation pour la saison 2025, soit \njusqu'au 30/10/2025 ;\nConsid\u00e9rant la  fin  d'une  partie  des  travaux  d'am\u00e9nagement  du  site  du  port  de  Dijon  \npermettant ainsi la reprise de certaines activit\u00e9s \u00e9conomiques sur le port (cot\u00e9 quai Rolin) \u00e0  \nquai et sur l'eau sans toutefois permettre \u00e0 ce stade le stationnement de tous les bateaux ;\nDirection d\u00e9partementale des territoires de la C\u00f4te-d'Or\n57, rue de Mulhouse - BP 53317 - 21033 Dijon CEDEX\nT\u00e9l. : 03 80 29 44 44\nCourriel : ddt@cote-dor.gouv.fr \nDirection d\u00e9partementale des territoires de la C\u00f4te-d'Or - 21-2025-06-05-00003 - Arr\u00eat\u00e9 pr\u00e9fectoral N\u00b0789 portant modification des\nconditions de stationnement sur le Canal de Bourgogne\nBief 55S - port de Dijon\n56\nConsid\u00e9rant l'absence d'\u00e9quipements adapt\u00e9s \u00e0 l'accueil des bateaux de plaisance sur le quai  \nRolin pendant la p\u00e9riode susvis\u00e9e ; \nConsid\u00e9rant que cette impossibilit\u00e9 de stationner sera sup\u00e9rieure \u00e0 30 jours ;\nConsid\u00e9rant qu'il appartient au pr\u00e9fet de d\u00e9partement d'exercer les comp\u00e9tences qui lui  \nsont d\u00e9volues en mati\u00e8re de police de la navigation int\u00e9rieure ;\nSUR proposition  de  M.  le  directeur  territorial  Centre  Bourgogne  de  Voies  Navigables  de  \nFrance ;\nARR\u00caTE\nArticle 1er : \nL'arr\u00eat\u00e9 n\u00b0 721 du 22/05/2025 est abrog\u00e9.\nArticle 2 :\nLe  stationnement  dans  le  bief  55S  -  PK  212,290  \u00e0  212,703  -  port  du  canal  de  Dijon  est \nr\u00e9glement\u00e9 comme suit :\n\u2022 cot\u00e9 quai Rolin, rive gauche     :  \n\u2022 le stationnement est autoris\u00e9 \u00e0 partir du 7 juin 2025 :\n- sur la moiti\u00e9 Nord pour les activit\u00e9s \u00e9conomiques autoris\u00e9es par Voies navigables \nde France (soci\u00e9t\u00e9s de p\u00e9niches-h\u00f4tels) \n(voir zone orange en annexe 1)\n- sur la moiti\u00e9 Sud pour l'activit\u00e9 \u00e9conomique de location de barques \u00e0 rames\n(voir zone bleue en annexe 1)\nLa navigation des barques est autoris\u00e9e, except\u00e9 lors des man\u0153uvres des p\u00e9niches-h\u00f4tels  \ndans le bassin du port de Dijon.\nLe p\u00e9rim\u00e8tre de navigation autoris\u00e9 pour les barques est sch\u00e9matis\u00e9 sur la carte annex\u00e9e n\u00b02.\nIl est interdit de s'approcher \u00e0 moins de 3 m\u00e8tres des berges de l'\u00eele aux Oiseaux.\nLes barques ne sont pas prioritaires sur les bateaux lorsqu'elles s'engagent dans le chenal de  \nnavigation. Cette information devra \u00eatre donn\u00e9e par le loueur aux personnes empruntant les  \nbarques pour des raisons de s\u00e9curit\u00e9.\nLe port du gilet de sauvetage est obligatoire. Le nombre de barques autoris\u00e9es \u00e0 naviguer est  \nlimit\u00e9 \u00e0 3. Il est pr\u00e9vu un ponton pour amarrer les barques.\n\u2022 le stationnement est interdit sur la moiti\u00e9 Sud (voir zone rouge en annexe 1)\nLe stationnement des bateaux de plaisance est interdit sur ce quai depuis le 30 mars 2025.\nDirection d\u00e9partementale des territoires de la C\u00f4te-d'Or\n57, rue de Mulhouse - BP 53317 - 21033 Dijon CEDEX\nT\u00e9l. : 03 80 29 44 44\nCourriel : ddt@cote-dor.gouv.fr \nDirection d\u00e9partementale des territoires de la C\u00f4te-d'Or - 21-2025-06-05-00003 - Arr\u00eat\u00e9 pr\u00e9fectoral N\u00b0789 portant modification des\nconditions de stationnement sur le Canal de Bourgogne\nBief 55S - port de Dijon\n57\n\u2022 cot\u00e9 quai Navier, rive droite     :  \n\u2022 le stationnement est autoris\u00e9 \u00e0 compter de la date d'entr\u00e9e en vigueur du pr\u00e9sent  \narr\u00eat\u00e9, il est limit\u00e9 \u00e0 2 jours, sauf pour les activit\u00e9s \u00e9conomiques autoris\u00e9es par VNF\n(voir zone verte en annexe 1)\nArticle 3 :\nCes conditions de navigation et de stationnement entrent en vigueur \u00e0 la date du pr\u00e9sent  \narr\u00eat\u00e9 et s'\u00e9tendent jusqu'au 30 octobre 2025.\nL'information des usagers de la voie d'eau et les conditions d'application de ces mesures se  \nferont par l'interm\u00e9diaire de Voies Navigables de France au titre des avis \u00e0 la batellerie.\nArticle 4 :\nLe pr\u00e9sent arr\u00eat\u00e9 peut faire l'objet d'un recours contentieux devant le tribunal administratif  \nde Dijon dans un d\u00e9lai de deux mois \u00e0 compter de sa publication. Un recours peut \u00eatre  \nd\u00e9pos\u00e9  via  l'application  T\u00e9l\u00e9recours  citoyens  accessible  par  le  site  internet  \nwww.telerecours.fr\nArticle 5 :\nM. le pr\u00e9fet de la C\u00f4te-d'Or, Mme la maire de Dijon et M. le directeur territorial Centre-\nBourgogne de Voies Navigables de France sont charg\u00e9s de l'ex\u00e9cution du pr\u00e9sent arr\u00eat\u00e9 qui  \nsera publi\u00e9 au recueil des actes administratifs de la pr\u00e9fecture de la C\u00f4te-d'Or.\nFait \u00e0 Dijon, le 5 juin 2025\nLe pr\u00e9fet,\nPour le Pr\u00e9fet et par d\u00e9l\u00e9gation,\nLa directrice de cabinet\nSIGNE\n \nAur\u00e9lie CONTRECIVILE\nDirection d\u00e9partementale des territoires de la C\u00f4te-d'Or\n57, rue de Mulhouse - BP 53317 - 21033 Dijon CEDEX\nT\u00e9l. : 03 80 29 44 44\nCourriel : ddt@cote-dor.gouv.fr \nDirection d\u00e9partementale des territoires de la C\u00f4te-d'Or - 21-2025-06-05-00003 - Arr\u00eat\u00e9 pr\u00e9fectoral N\u00b0789 portant modification des\nconditions de stationnement sur le Canal de Bourgogne\nBief 55S - port de Dijon\n58\nREPUBLIQUEFRANCAISELitertri . .'f\"Hnttervies\nDirection d\u00e9partementale des territoires de la C\u00f4te-d'Or\n57, rue de Mulhouse - BP 53317 - 21033 Dijon CEDEX\nT\u00e9l. : 03 80 29 44 44\nCourriel : ddt@cote-dor.gouv.fr \nAnnexe N\u00b01\nPlan des zones de stationnement \nautoris\u00e9es et non autoris\u00e9es\nZone r\u00e9serv\u00e9e   en priorit\u00e9   aux activit\u00e9s \u00e9conomiques   express\u00e9ment autoris\u00e9es   \npar VNF \nSelon disponibilit\u00e9s de l'amarrage, stationnement possible pour la plaisance \npriv\u00e9e de passage - limit\u00e9 \u00e0 2 jours maximum \nVNF se r\u00e9serve toutefois le droit de demander le d\u00e9placement du bateau sans \nd\u00e9lai\nZone Nord \u2013 stationnement transitoire des activit\u00e9s \u00e9conomiques \nexpress\u00e9ment autoris\u00e9es par VNF\nZone Sud \u2013 activit\u00e9 de location de barques \u00e0 rames \nZone Sud strictement interdite au stationnement \u00e0 partir du 31/03/2025 \njusqu'au 30/10/2025\nAnnexe 1 \u00e0 l'arr\u00eat\u00e9 pr\u00e9fectoral\nN\u00b0789 du 5 juin 2025\n \nLe Pr\u00e9fet,\nPour le Pr\u00e9fet et par d\u00e9l\u00e9gation,\nLa directrice de cabinet\nSIGNE\nAur\u00e9lie CONTRECIVILE\nDirection d\u00e9partementale des territoires de la C\u00f4te-d'Or - 21-2025-06-05-00003 - Arr\u00eat\u00e9 pr\u00e9fectoral N\u00b0789 portant modification des\nconditions de stationnement sur le Canal de Bourgogne\nBief 55S - port de Dijon\n59\nEi ]REPUBLIQUEFRAN\u00c7AISELibert\u00e9\u00c9galit\u00e9Fraternit\u00e9\nVoiesnavigablesde France\nDirection d\u00e9partementale des territoires de la C\u00f4te-d'Or\n57, rue de Mulhouse - BP 53317 - 21033 Dijon CEDEX\nT\u00e9l. : 03 80 29 44 44\nCourriel : ddt@cote-dor.gouv.fr \n \n \n \n \n \n \n \n \n \n \n \n \n \n \n \n \nAnnexe N\u00b02 \nPlan du p\u00e9rim\u00e8tre de navigation autoris\u00e9 \npour les barques \nAnnexe 2 \u00e0 l'arr\u00eat\u00e9 pr\u00e9fectoral\nN\u00b0789 du 5 juin 2025\n \nLe Pr\u00e9fet,\nPour le Pr\u00e9fet et par d\u00e9l\u00e9gation,\nLa directrice de cabinet\nSIGNE\nAur\u00e9lie CONTRECIVILE\nDirection d\u00e9partementale des territoires de la C\u00f4te-d'Or - 21-2025-06-05-00003 - Arr\u00eat\u00e9 pr\u00e9fectoral N\u00b0789 portant modification des\nconditions de stationnement sur le Canal de Bourgogne\nBief 55S - port de Dijon\n60\nDRFiP Bourgogne Franche-Comt\u00e9\n21-2025-06-01-00002\nDRFIP 21 - D\u00e9l\u00e9gation de signature P\u00f4le Contr\u00f4le\nExpertise Beaune 01.06.2025\nDRFiP Bourgogne Franche-Comt\u00e9 - 21-2025-06-01-00002 - DRFIP 21 - D\u00e9l\u00e9gation de signature P\u00f4le Contr\u00f4le Expertise Beaune\n01.06.2025 61\ngigh\u00ae\nDELEGATION DE SIGNATURE EN MATIERE DE CONTENTIEUX\nET DE GRACIEUX FISCAL\nD\u00e9l\u00e9gation du responsable de p\u00f4le contr\u00f4le expertise\nLe responsable du p\u00f4le contr\u00f4le expertise de  C\u00f4te d'or\nVu le code g\u00e9n\u00e9ral des imp\u00f4ts, et notamment l'article 408 de son annexe II et les articles 212 \u00e0 217 de son\nannexe IV ; \nVu le livre des proc\u00e9dures fiscales, et notamment les articles L. 247 et R* 247-4 et suivants ;\nVu le d\u00e9cret no 2008-309 du 3 avril 2008 portant diverses dispositions relatives \u00e0 la direction g\u00e9n\u00e9rale des\nfinances publiques ;\nVu le d\u00e9cret n\u00b0 2009-707 du 16 juin 2009 relatif aux services d\u00e9concentr\u00e9s de la direction g\u00e9n\u00e9rale des\nfinances publiques ; \nArr\u00eate :\nArticle 1\nD\u00e9l\u00e9gation de signature est donn\u00e9e \u00e0 l'effet de signer :\n1\u00b0) en mati\u00e8re de contentieux fiscal d'assiette, les d\u00e9cisions d'admission totale, d'admission partielle ou de\nrejet, de d\u00e9gr\u00e8vement ou restitution d'office  dans la limite pr\u00e9cis\u00e9e dans le tableau ci-dessous ;\n2\u00b0) en mati\u00e8re de gracieux fiscal, les d\u00e9cisions portant remise, mod\u00e9ration ou rejet, dans la limite pr\u00e9cis\u00e9e\ndans le tableau ci-dessous ;\naux agents d\u00e9sign\u00e9s ci-apr\u00e8s(*) :\nNom et pr\u00e9nom des agents grade Limite\ndes d\u00e9cisions\ncontentieuses\nLimite\ndes d\u00e9cisions\ngracieuses\nC\u00e9line Guillaumin inspectrice\ndes finances publiques\n15 000 \u20ac 15 000 \u20ac\nKarine Devillers inspectrice\ndes finances publiques\n15 000 \u20ac 15 000 \u20ac\nFlorence Tissier inspectrice\ndes finances publiques\n15 000 \u20ac 15 000 \u20ac\n(*) Les d\u00e9l\u00e9gations personnelles de signature ne s'appliquent pas aux dossiers redress\u00e9s par l'agent\nArticle 2\nLe pr\u00e9sent arr\u00eat\u00e9 sera affich\u00e9 dans les locaux du service.\nA Beaune , le 1erj juin 2025\nLe responsable du p\u00f4le contr\u00f4le expertise,\nMichel COUDRAY\ninspecteur divisionnaire des finances publiques\nDRFiP Bourgogne Franche-Comt\u00e9 - 21-2025-06-01-00002 - DRFIP 21 - D\u00e9l\u00e9gation de signature P\u00f4le Contr\u00f4le Expertise Beaune\n01.06.2025 62\nDRFiP Bourgogne Franche-Comt\u00e9\n21-2025-06-01-00003\nDRFIP 21 - D\u00e9l\u00e9gation de signature P\u00f4le Contr\u00f4le\nExpertise Dijon 01.06.2025\nDRFiP Bourgogne Franche-Comt\u00e9 - 21-2025-06-01-00003 - DRFIP 21 - D\u00e9l\u00e9gation de signature P\u00f4le Contr\u00f4le Expertise Dijon 01.06.2025 63\nDELEGATION DE SIGNATURE EN MATIERE DE CONTENTIEUX\nET DE GRACIEUX FISCAL\nD\u00e9l\u00e9gation du responsable de p\u00f4le contr\u00f4le expertise\nLe responsable du p\u00f4le contr\u00f4le expertise de  C\u00f4te d'or\nVu le code g\u00e9n\u00e9ral des imp\u00f4ts, et notamment l'article 408 de son annexe II et les articles 212 \u00e0 217 de son\nannexe IV ; \nVu le livre des proc\u00e9dures fiscales, et notamment les articles L. 247 et R* 247-4 et suivants ;\nVu le d\u00e9cret no 2008-309 du 3 avril 2008 portant diverses dispositions relatives \u00e0 la direction g\u00e9n\u00e9rale des\nfinances publiques ;\nVu le d\u00e9cret n\u00b0 2009-707 du 16 juin 2009 relatif aux services d\u00e9concentr\u00e9s de la direction g\u00e9n\u00e9rale des\nfinances publiques ; \nArr\u00eate :\nArticle 1\nD\u00e9l\u00e9gation de signature est donn\u00e9e \u00e0 l'effet de signer :\n1\u00b0) en mati\u00e8re de contentieux fiscal d'assiette, les d\u00e9cisions d'admission totale, d'admission partielle ou de\nrejet, de d\u00e9gr\u00e8vement ou restitution d'office, dans la limite pr\u00e9cis\u00e9e dans le tableau ci-dessous ;\n2\u00b0) en mati\u00e8re de gracieux fiscal, les d\u00e9cisions portant remise, mod\u00e9ration ou rejet, dans la limite pr\u00e9cis\u00e9e\ndans le tableau ci-dessous ;\naux agents d\u00e9sign\u00e9s ci-apr\u00e8s(*) :\nNom et pr\u00e9nom des agents grade Limite\ndes d\u00e9cisions\ncontentieuses\nLimite\ndes d\u00e9cisions\ngracieuses\nBERNARD SANDRINE inspectrice\ndes finances publiques\n15 000 \u20ac 15 000 \u20ac\nDARKAOUI HAYAT inspectrice\ndes finances publiques\n15 000 \u20ac 15 000 \u20ac\nDELAUNAY ISABELLE inspectrice\ndes finances publiques\n15 000 \u20ac 15 000 \u20ac\nGEOFFROY JEROME inspecteur\ndes finances publiques\n15 000 \u20ac 15 000 \u20ac\nPLANCON FLORENCE inspectrice\ndes finances publiques\n15 000 \u20ac 15 000 \u20ac\nSANIAL CLAUDINE inspectrice\ndes finances publiques\n15 000 \u20ac 15 000 \u20ac\nGUENEBAUD  JOELLE Contr\u00f4leur des\nfinances publiques\n10 000 \u20ac 10 000 \u20ac\nHUMBEY BONIN CHRISTELLE Contr\u00f4leur des\nfinances publiques\n10 000 \u20ac 10 000 \u20ac\nDRFiP Bourgogne Franche-Comt\u00e9 - 21-2025-06-01-00003 - DRFIP 21 - D\u00e9l\u00e9gation de signature P\u00f4le Contr\u00f4le Expertise Dijon 01.06.2025 64\nGigh\u00a9\nNom et pr\u00e9nom des agents grade Limite\ndes d\u00e9cisions\ncontentieuses\nLimite\ndes d\u00e9cisions\ngracieuses\nLITTER LAURENT Contr\u00f4leur des\nfinances publiques\n10 000 \u20ac 10 000 \u20ac\n(*) Les d\u00e9l\u00e9gations persoennelles de signature ne s'appliquent pas aux dossiers redress\u00e9s par l'agent\nArticle 2\nLe pr\u00e9sent arr\u00eat\u00e9 sera affich\u00e9 dans les locaux du service.\nA Dijon , le  01 juin 2025\nLe responsable du p\u00f4le contr\u00f4le expertise,\nMichel COUDRAY\ninspecteur divisionnaire des finances publiques\nDRFiP Bourgogne Franche-Comt\u00e9 - 21-2025-06-01-00003 - DRFIP 21 - D\u00e9l\u00e9gation de signature P\u00f4le Contr\u00f4le Expertise Dijon 01.06.2025 65\nDRFiP Bourgogne Franche-Comt\u00e9\n21-2025-06-01-00001\nDRFIP 21 - DELEGATION RESPONSABLE DU SDIF\nau 01.06.2025\nDRFiP Bourgogne Franche-Comt\u00e9 - 21-2025-06-01-00001 - DRFIP 21 - DELEGATION RESPONSABLE DU SDIF au 01.06.2025 66\nsi\u00ff'\u00e9\nDELEGATION DE SIGNATURE EN MATIERE DE CONTENTIEUX\nET DE GRACIEUX FISCAL\nLe responsable du Service d\u00e9partemental des imp\u00f4ts fonciers de Dijon\nVu le code g\u00e9n\u00e9ral des imp\u00f4ts, et notamment son article 408 de son annexe II et les articles 212 \u00e0 217 de son\nannexe IV ; \nVu le livre des proc\u00e9dures fiscales, et notamment les articles L. 247 et R* 247-4 et suivants ;\nVu le d\u00e9cret n\u00b0 2009-707 du 16 juin 2009 relatif aux services d\u00e9concentr\u00e9s de la direction g\u00e9n\u00e9rale des\nfinances publiques ; \nArr\u00eate :\nArticle 1er\nD\u00e9l\u00e9gation de signature est donn\u00e9e \u00e0 l'effet de signer :\n1\u00b0) en mati\u00e8re de contentieux fiscal d'assiette, les d\u00e9cisions d'admission totale, d'admission partielle ou de\nrejet, de d\u00e9gr\u00e8vement ou restitution d'office et, en mati\u00e8re de gracieux fiscal, les d\u00e9cisions portant remise,\nmod\u00e9ration ou rejet :\na) dans la limite de 15 000 \u20ac, aux inspecteurs des finances publiques d\u00e9sign\u00e9s ci-apr\u00e8s :\nCaroline JEANNIN Camille LHOMOND Thomas RIVET\nG\u00e9rard THARY\nb) dans la limite de 10 000 \u20ac, aux agents des finances publiques de cat\u00e9gorie B d\u00e9sign\u00e9s ci-apr\u00e8s :\nChristelle BENAS Lydie CHANUSSOT C\u00e9cilia CHAUVOT\nMarie-Elisabeth DOLIN Coralie GENOUILLE Laetitia JACQUENOT\nFranck LANIER Pauline LEAU Dominique MICHELI\nNicolas PROST Fatima RENE Anita VERREY\nVal\u00e9rie BERNARD\nArticle 2\nLe pr\u00e9sent arr\u00eat\u00e9 sera affich\u00e9 dans les locaux du service.\nA Dijon, le 01 juin 2025\nLe responsable du service d\u00e9partemental des imp\u00f4ts\nfonciers,\nArnaud SCHALBAR\nDRFiP Bourgogne Franche-Comt\u00e9 - 21-2025-06-01-00001 - DRFIP 21 - DELEGATION RESPONSABLE DU SDIF au 01.06.2025 67\nDRFiP Bourgogne Franche-Comt\u00e9\n21-2025-05-30-00001\nDRFIP 21 - d\u00e9l\u00e9gation signature des responsables\nde service en mati\u00e8re contentieux et gracieux\nfiscal au 01.06.2025\nDRFiP Bourgogne Franche-Comt\u00e9 - 21-2025-05-30-00001 - DRFIP 21 - d\u00e9l\u00e9gation signature des responsables de service en mati\u00e8re\ncontentieux et gracieux fiscal au 01.06.2025 68\nREPUBLIQUE FF RA N \u00c7A l S E FINANCES PUBLIQUES\nFraternit\u00e9\nServices Responsables des servicesServices des imp\u00f4ts des particuliersServices des imp\u00f4ts des entreprisesSIE BEAUNE ) Isabelle GIRAUDSIE DIJON Pascal JOBARDSIP DE MONTBARD Eric PONTASSESIP DE BEAUNE Florence COCUSSESIP DIJON ET AMENDES Jacques AMBRAZEService de la publicit\u00e9 fonci\u00e8reet de I'enregistrementSPFE DIJON |Nordine QUESLATIServices \u00e0 comp\u00e9tence d\u00e9partementale ou r\u00e9gionaleBrigade de contr\u00f4le et de recherche C\u00e9line POTIN1# Brigade d\u00e9partementale de v\u00e9rification Patrice GUILLOT27 Brigade d\u00e9partementale de v\u00e9rification |Catherine FOURNIERP\u00f4le de contr\u00f4le et d'expertise Michel COUDRAYP\u00f4le de contr\u00f4le revenus/patrimoine Olivier FOLIARDP\u00f4le de recouvrement sp\u00e9cialis\u00e9 Olivia NOIROTService d\u00e9partemental des imp\u00f4ts fonciers Arnaud SCHALBAR\nDIRECTION R\u00c9GIONALE DES FINANCES PUBLIQUES DE BOURGOGNE-FRANCHE-COMTE ET DU\nD\u00c9PARTEMENT DE LA COTE D'OR\nListe des responsables de service au 1er juin  2025 disposant de la d\u00e9l\u00e9gation de signature en mati\u00e8re de contentieux et de\ngracieux fiscal pr\u00e9vue par le III de l'article 408 de l'annexe II au code g\u00e9n\u00e9ral des imp\u00f4ts.\nDRFiP Bourgogne Franche-Comt\u00e9 - 21-2025-05-30-00001 - DRFIP 21 - d\u00e9l\u00e9gation signature des responsables de service en mati\u00e8re\ncontentieux et gracieux fiscal au 01.06.2025 69\nDRFiP Bourgogne Franche-Comt\u00e9\n21-2025-06-02-00001\nDRFIP21 - D\u00e9l\u00e9gation signature responsable SDIF\nTaxe urbanisme 02.06.2025\nDRFiP Bourgogne Franche-Comt\u00e9 - 21-2025-06-02-00001 - DRFIP21 - D\u00e9l\u00e9gation signature responsable SDIF Taxe urbanisme 02.06.2025 70\nsig\"\u00e9\nDIRECTION R\u00c9GIONALE DES FINANCES PUBLIQUES\nDE BOURGOGNE ET DU D\u00c9PARTEMENT DE LA C\u00d4TE-D'OR\nDIVISION ANIMATION DU R\u00c9SEAU FISCAL\n1 BIS PLACE DE LA BANQUE\n21042 DIJON Cedex\nD\u00e9cision de d\u00e9l\u00e9gation de signature pour le responsable du SDIF de DIJON\nLa Directrice r\u00e9gionale des Finances publiques de Bourgogne-Franche-Comt\u00e9 et du d\u00e9partement de\nla C\u00f4te-d'Or\nVu l'article L 255 A du livre des proc\u00e9dures fiscales ;\nVu  le  d\u00e9cret  n\u00b0  2008-310  du  3  avril  2008  modifi\u00e9  relatif  \u00e0  la  Direction  g\u00e9n\u00e9rale  des  Finances\npubliques ;\nVu le d\u00e9cret n\u00b0 2009-707 du 16 juin 2009 modifi\u00e9 relatif aux services d\u00e9concentr\u00e9s de la Direction\ng\u00e9n\u00e9rale des Finances publiques ;\nVu le d\u00e9cret n\u00b0 2012-1246 du 7 novembre 2012 modifi\u00e9 relatif \u00e0 la gestion budg\u00e9taire et comptable\npublique ; \nVu le d\u00e9cret du 5 d\u00e9cembre 2022 portant nomination de Mme H\u00e9l\u00e8ne CROCQUEVIEILLE  en qualit\u00e9\nde Directrice r\u00e9gionale des finances publiques de Bourgogne-Franche-Comt\u00e9 et du d\u00e9partement de\nla C\u00f4te-d'Or, responsable des services fiscaux dans le d\u00e9partement ; \nD\u00e9cide :\nArticle 1  : D\u00e9l\u00e9gation de signature est donn\u00e9, \u00e0 M. Arnaud SCHALBAR, Inspecteur Principal des\nfinances publiques, responsable du Service d\u00e9partemental des imp\u00f4ts foncier (SDIF) de Dijon , pour\nliquider et \u00e9mettre les titres de perception mentionn\u00e9s \u00e0 l'article L255 A du livre des proc\u00e9dures\nfiscales.\nArticle 2 : Les dispositions de la pr\u00e9sente d\u00e9cision prennent effet au 2 juin 2025.\nArticle 3 : La pr\u00e9sente d\u00e9l\u00e9gation sera publi\u00e9e au recueil des actes administratifs de la Pr\u00e9fecture de\nC\u00f4te-d'Or\nFait \u00e0 Dijon, le 2 juin 2025\nMme H\u00e9l\u00e8ne CROCQUEVIEILLE, \nAdministratrice de l'Etat \nDRFiP Bourgogne Franche-Comt\u00e9 - 21-2025-06-02-00001 - DRFIP21 - D\u00e9l\u00e9gation signature responsable SDIF Taxe urbanisme 02.06.2025 71\nFRANCE DOMAINE\n21-2025-04-29-00004\navenant 2 cdu 021 2011 0052\nFRANCE DOMAINE - 21-2025-04-29-00004 - avenant 2 cdu 021 2011 0052 72\nPR\u00c9FECTURE DE COTE D'OR\nAVENANT N\u00b02 A LACONVENTION D'UTILISATIONN\u00b0 021-2011-005229/04/2025Les soussign\u00e9s :1\u00b0- L'administration charg\u00e9e des domaines, repr\u00e9sent\u00e9e par Mme H\u00e9l\u00e9ne CROCQUEVIEILLE,Directrice r\u00e9gionale des finances publiques de Bourgogne-Franche-Comt\u00e9 et du d\u00e9partement de laC\u00f4te-d'Or dont les bureaux sont \u00e0 DIJON, 1 bis place de la banque stipulant en vertu de lad\u00e9l\u00e9gation de signature du pr\u00e9fet qui lui a \u00e9t\u00e9 consentie par arr\u00eat\u00e9 du 28 octobre 2024, ci-apr\u00e8sd\u00e9nomm\u00e9e le propri\u00e9taire,Madame CROCQUEVIEILLE, est repr\u00e9sent\u00e9e par Monsieur Val\u00e9ry JEANNIN, responsable de ladivision de la gestion domaniale et valorisation, ayant subd\u00e9l\u00e9gation de signature aux termes del'arr\u00eat\u00e9 du 29 octobre 2024D'une part,2\u00b0- Le service utilisateur le Centre R\u00e9gional des \u0152uvres Universitaires de BourgogneFranche- Comte repr\u00e9sent\u00e9(e) par Madame Murielle BALDI, Directrice G\u00e9n\u00e9rale, dont les bureaux(le si\u00e8ge) sont \u00e0 Besan\u00e7on 32 avenue de l'Observatoire, ci-apr\u00e8s d\u00e9nomm\u00e9(e) l'utilisateur,D'autre part,se sont pr\u00e9sent\u00e9s devant nous, pr\u00e9fet (1) (ou son repr\u00e9sentant) du d\u00e9partement de la c\u00f4te d'Or, etsont convenus du dispositif suivant :(1) Mention \u00e0 retirer lorsque la convention d'utilisation porte, en application de l'article R. 2313-3 du CG3P, sur un im-meuble int\u00e9ressant une administration centrale ou lorsqu'il s'agit d'une op\u00e9ration de caract\u00e8re confidentiel int\u00e9ressantla d\u00e9fense nationale.\nFRANCE DOMAINE - 21-2025-04-29-00004 - avenant 2 cdu 021 2011 0052 73\nEXPOSELe CROUS est titulaire depuis le 30 janvier 2015 d'une convention d'utilisation pour la mise adisposition de 9 ensembles immobiliers situ\u00e9s sur la commune de Dijon.L'un d'eux sur le site Maret est l'objet d'une importante op\u00e9ration immobili\u00e8re dont le Rectorat deBourgogne Franche Comt\u00e9 assure la maitrise d'ouvrage.A l'issue de cette op\u00e9ration, deux b\u00e2timents pr\u00e9alablement affect\u00e9s au CROUS pour l'usaged'administration et de restaurant trouveront un autre usage.Il convient donc d'ores et d\u00e9j\u00e0 de d\u00e9saffecter les surfaces dont le CROUS n'a plus l'usage et danslesquelles le Rectorat va effectuer des travaux.Le pr\u00e9sent avenant s'applique aux parties mises \u00e0 la disposition exclusive de l'utilisateur ainsi qu'\u00e0une quote-part des \u00e9quipements communs (salles de r\u00e9union, archives...) et des parties communes(halls d'entr\u00e9e, escaliers...) d\u00e9finies dans le r\u00e8glement de site et ses annexes relatives \u00e0 la r\u00e9partitiondes surfaces entre les occupants, documents annex\u00e9s \u00e0 la pr\u00e9sente convention.\nFait l'objet du pr\u00e9sent avenant sur les articles suivants :\nArticle 1\u00a2D\u00e9signation des immeubles\nConcernant le site Maret r\u00e9pertori\u00e9 dans le r\u00e9f\u00e9rentiel CHORUS sous le n\u00b0 RE-FX 180517 et sis ruedu docteur Maret \u00e0 Dijon, les surfaces occup\u00e9es par le CROUS doivent \u00eatre actualis\u00e9es.Les parties exclusivement mises \u00e0 la disposition du titulaire de la pr\u00e9sente convention sontidentifi\u00e9es sous Chorus RE-Fx par les num\u00e9ros : 180517/362973/8SUB 4405 m?Surface de Plancher: 3505m? comprenant selon relev\u00e9 architecte du 03/04/2025 263,0m? N-1,1034m? NO, 920m? N+1, 812m? N+2, 726m? N+3 de la partie R\u00e9sidence.L'affectation et les surfaces pr\u00e9cises des parties communes et des espaces ext\u00e9rieurs seront d\u00e9finisapr\u00e8s travaux.Article 2Imp\u00f4ts et taxes et d\u00e9penses diverses\nL'utilisateur r\u00e9glera la quote-part des taxes et d\u00e9penses de fluides, d'entretien courants et de petitesr\u00e9parations de l'ann\u00e9e en cours des biens d\u00e9saffect\u00e9s.\nFRANCE DOMAINE - 21-2025-04-29-00004 - avenant 2 cdu 021 2011 0052 74\nArticle 3Terme de la convention initiale et articulation des diff\u00e9rents actesLa d\u00e9saffection des surfaces affect\u00e9es pr\u00e9alablement au restaurant universitaire et l'administrationest d\u00e9finitive.Le terme de la convention initiale reste inchang\u00e9 pour la r\u00e9sidence Maret et les autres sites.Cependant, \u00e0 l'issue de l'op\u00e9ration, un avenant devra actualiser les surfaces privatives affect\u00e9es auCROUS et la description des parties communes utilis\u00e9es par les occupants du site actuels et futurs.D\u00e8s que la pr\u00e9sente convention sera op\u00e9rante, une convention de gestion du site avant et pendant lestravaux sera \u00e9tablie. Elle d\u00e9finira les r\u00e8gles communes de gestion, d'utilisation et de coordinationdes utilisateurs du site afin de garantir d'une part la s\u00e9curit\u00e9 et le maintien du bon fonctionnementpour les usagers actuels du site (\u00e9tudiants et personnel du CROUS et \u00e9tudiants et personnel de l'EN-SAD) et d'autre part de permettre un avancement optimal de l'op\u00e9ration men\u00e9e par le RABFC.Un r\u00e8glement de site sera \u00e9tabli en amont de la fin du chantier et prendra effet \u00e0 la r\u00e9ception desespaces communs. Il sera ensuite annex\u00e9 \u00e0 une nouvelle convention de gestion de site apr\u00e8s travaux.\nArticle 4Les autres articles de la convention ne sont pas modifi\u00e9s.\ne\nUn exemplaire du pr\u00e9sent acte est conserv\u00e9 par chacun des signataires de la convention.\nLe repr\u00e9sentant du service utilisateur, Le repr\u00e9sentant de l'administration' charg\u00e9e du-domaine.La Directrice G\u00e9n\u00e9rale du CrousBourgogne-Franche-Comt\u00e9 &ry JEANNINReC?sable de/la diyision Gestion/Valorisation\nLe il'Pour le Pr\u00e9fet et par d\u00e9l\u00e9gationLe secr\u00e9 aire g\u00e9n\u00e9ral\" Denis BRUEL\nFRANCE DOMAINE - 21-2025-04-29-00004 - avenant 2 cdu 021 2011 0052 75\nFRANCE DOMAINE - 21-2025-04-29-00004 - avenant 2 cdu 021 2011 0052 76\nFRANCE DOMAINE\n21-2025-04-29-00003\ncdu 021 2025 0001\nFRANCE DOMAINE - 21-2025-04-29-00003 - cdu 021 2025 0001 77\nBOUR(52000\u00a9000 425REPUBLIQUE FRANCAISE\nPREFECTURE DE COTED OR\nCONVENTION D'UTILISATIONAPPLICABLE AUX IMMEUBLES MULTI-OCCUPANTSN\u00b0021-2025-0001\nDATE: \u00a2 fl/O'//Z; 25\nLes soussign\u00e9s :1\u00b0- L'administration charg\u00e9e des domaines, repr\u00e9sent\u00e9e par Mme H\u00e9l\u00e8ne CROCQUEVIEILLE, Di-rectrice r\u00e9gionale des finances publiques de Bourgogne-Franche-Comt\u00e9 et du d\u00e9partement de la C\u00f4te-d'Or dont les bureaux sont \u00e0 DIJON, 1 bis place de la banque stipulant en vertu de la d\u00e9l\u00e9gation designature du pr\u00e9fet qui lui a \u00e9t\u00e9 consentie par arr\u00eat\u00e9 du 28 octobre 2024, ci-apr\u00e8s d\u00e9nomm\u00e9e le pro-pri\u00e9taire,Madame CROCQUEVIEILLE, repr\u00e9sent\u00e9e par Monsieur Val\u00e9ry JEANNIN, chef de service comp-table des finances publiques, responsable de la division de la gestion domaniale, ayant subd\u00e9l\u00e9gationde signature aux termes de l'arr\u00eat\u00e9 du 29 octobre 2024.D'une part,\n2\u00b0- Le service utilisateur, le minist\u00e8re de l'Enseignement Sup\u00e9rieur, de la Recherche et de l'Innova-tion, repr\u00e9sent\u00e9(e) par Madame Nathalie ALBERT MORETTI, Rectrice de la R\u00e9gion Acad\u00e9miqueBourgogne Franche Comt\u00e9, dont les bureaux (le si\u00e8ge) sont \u00e0 Besan\u00e7on, 10 rue de la Convention, ciapr\u00e8s d\u00e9nomm\u00e9(e) l'utilisateur,D'autre part,se sont pr\u00e9sent\u00e9s devant nous, pr\u00e9fet (ou son repr\u00e9sentant) du d\u00e9partement de C\u00f4te d'or, et sontconvenus du dispositif suivant :\nNote de service DIE n\u00b0 2023-03-3689 du 28 mars 2023 \u2014 Annexe n\u00b0 1\nFRANCE DOMAINE - 21-2025-04-29-00003 - cdu 021 2025 0001 78\nFRANCE DOMAINE - 21-2025-04-29-00003 - cdu 021 2025 0001 79\nEXPOSE\nL'utilisateur a demand\u00e9, pour la p\u00e9riode de travaux relative \u00e0 la construction du projet de Campusd'enseignement sup\u00e9rieur, Campus urbain Maret, int\u00e9grant de travaux de r\u00e9habilitation du site duCROUS et la construction d'un auditorium et de locaux pour l'Ecole sup\u00e9rieure de Musique de Dijon,la mise \u00e0 disposition d'une partie d'un immeuble multi-occupants situ\u00e9 \u00e0 Dijon, 3 rue du DocteurMaret.La pr\u00e9sente convention s'applique aux parties mises \u00e0 la disposition exclusive de l'utilisateur ainsiqu'\u00e0 une quote-part des \u00e9quipements communs (salles de r\u00e9union, archives...) et des partiescommunes (halls d'entr\u00e9e, escaliers...) d\u00e9finies dans le r\u00e8glement de site et ses annexes relatives \u00e0 lar\u00e9partition des surfaces entre les occupants, documents annex\u00e9s \u00e0 la pr\u00e9sente convention.Cette demande est mise en \u0153uvre dans les conditions fix\u00e9es par la pr\u00e9sente convention et par lescirculaires du Premier ministre relatives \u00e0 la politique immobili\u00e8re de l'Etat.CONVENTIONArticle 1\u00a2Objet de la convention\nLa pr\u00e9sente convention, conclue dans le cadre des dispositions des articles R. 2313-1 \u00e0 R. 2313-6 ducode g\u00e9n\u00e9ral de la propri\u00e9t\u00e9 des personnes publiques, a pour objet de mettre \u00e0 la disposition del'utilisateur pour les besoins du minist\u00e8re de l'Enseignement Sup\u00e9rieur, de la Recherche et del'Innovation pendant la p\u00e9riode de travaux, l'immeuble d\u00e9sign\u00e9 \u00e0 l'article 2 selon les modalit\u00e9sfix\u00e9es par les articles suivants.Article 2D\u00e9signation de l'immeuble\nImmeuble appartenant \u00e0 l'Etat sis \u00e0 Dijon 3 rue du Docteur Maret d'une superficie totale au sol de5 200 m?, cadastr\u00e9 EV 288, tel qu'il figure en annexe n\u00b0 1, d\u00e9limit\u00e9 par un liser\u00e9.Les parties exclusivement mises \u00e0 la disposition du titulaire de la pr\u00e9sente convention sont identifi\u00e9essous Chorus RE-Fx par les num\u00e9ros : 180517/362973/11SUB 4 246 m2Surface de Plancher : 3 543m? comprenant selon relev\u00e9 architecte du 03/04/2025, 541m\u00b0 cuisined\u00e9molie, 2400m? ERP Science Po, 328m? ERP N-1 R\u00e9sidence et 273m? ERP Chapelle.Les parties communes ne sont pas identifi\u00e9es pendant les travauxL'immeuble susmentionn\u00e9 \u00e9tant utilis\u00e9 par plusieurs services utilisateurs, un r\u00e8glement de site ayantvocation \u00e0 pr\u00e9ciser les conditions d'utilisation de l'immeuble ainsi que les modalit\u00e9s de financementde l'entretien courant, de l'entretien lourd et des travaux structurants est joint \u00e0 la pr\u00e9sente conventionen annexe n\u00b0 2.Les locaux objets de la pr\u00e9sente convention sont ceux figurant sur le plan annex\u00e9.\nNote de service DIE n\u00b0 2023-03-3689 du 28 mars 2023 \u2014 Annexe n\u00b0 1\nFRANCE DOMAINE - 21-2025-04-29-00003 - cdu 021 2025 0001 80\nFRANCE DOMAINE - 21-2025-04-29-00003 - cdu 021 2025 0001 81\nL'utilisateur s'engage \u00e0 tenir \u00e0 jour en lien avec le service local du Domaine les donn\u00e9es de ChorusRE-Fx ainsi qu'\u00e0 servir et actualiser les 16 donn\u00e9es prioritaires (1) du R\u00e9f\u00e9rentiel Technique (RT).Sauf prescription contraire, les dispositions de la pr\u00e9sente convention s'appliquent automatiquementaux constructions nouvelles qui viendraient \u00e0 \u00eatre \u00e9difi\u00e9es sur la d\u00e9pendance domaniale d\u00e9sign\u00e9e ci-dessus. Le propri\u00e9taire est inform\u00e9 de la r\u00e9alisation de toute nouvelle construction, toute d\u00e9gradationou usure inhabituelle.\n(1) Immeubles \u00e0 usage de bureaux.\nArticle 3Dur\u00e9e de la convention (1)La pr\u00e9sente convention est conclue pour une dur\u00e9e de 4 ann\u00e9es enti\u00e8res renouvelables suivantavancement du projet et cons\u00e9cutives qui commence le 03/04/2025, date \u00e0 laquelle les locaux sontmis \u00e0 la disposition de l'utilisateur.La convention prend fin dans les conditions pr\u00e9vues \u00e0 l'article 14.(1) Neuf ans maximum pour les immeubles \u00e0 usage de bureaux qui ne sont pas affect\u00e9s aux besoins du service public p\u00e9nitentiaire, de la d\u00e9fensenationale et de la s\u00e9curit\u00e9 civile et autres cas mentionn\u00e9s dans la circulaire en application de l'article R. 2313-4 du CG3P.(2) Dans le cas d'un immeuble faisant l'objet d'un titre d'occupation d'une dur\u00e9e sup\u00e9rieure \u00e0 celle pr\u00e9vue \u00e0 l'article R. 2313-4 du CG3P, il convientd'adapter la dur\u00e9e de la convention d''utilisation \u00e0 la dur\u00e9e du titre r\u00e9guli\u00e8rement d\u00e9livr\u00e9.\nArticle 4Etat des lieuxSans objet, Article 5Ratio d'occupation (1)Sans objet , immeuble en travaux de r\u00e9habilitation pour d'autres utilisateurs \u00e0 l'issue de ceux-ci,\nArticle 6\u00c9tendue des pouvoirs de l'utilisateur6.1. L'usage de la partie de l'immeuble objet de la pr\u00e9sente convention est strictement r\u00e9serv\u00e9 auservice d\u00e9sign\u00e9 \u00e0 l'article 1\"\" et pour l'objet mentionn\u00e9 au m\u00e9me article.6.2. L'utilisateur peut d\u00e9livrer un titre d'occupation \u00e0 des tiers pendant la dur\u00e9e de la pr\u00e9senteconvention, dans le respect des r\u00e8gles du Code g\u00e9n\u00e9ral de la propri\u00e9t\u00e9 des personnes publiques.L'objet du titre d'occupation devra \u00eatre conforme \u00e0 l'utilisation de l'immeuble d\u00e9sign\u00e9 \u00e0 l'article 2 dela pr\u00e9sente convention. Pr\u00e9alablement \u00e0 sa d\u00e9livrance, l'utilisateur en informe le propri\u00e9taire.6.3. L'ensemble des titres d'occupation en cours relatifs \u00e0 l'immeuble d\u00e9sign\u00e9 \u00e0 l'article 2, d\u00e9livr\u00e9sant\u00e9rieurement \u00e0 la conclusion de la convention, est port\u00e9 \u00e0 la connaissance du propri\u00e9taire. Ces titresd'occupation sont list\u00e9s au sein de l'annexe n\u00b0 3.\nNote de service DIE n\u00b0 2023-03-3689 du 28 mars 2023 \u2014 Annexe n\u00b0 !\nFRANCE DOMAINE - 21-2025-04-29-00003 - cdu 021 2025 0001 82\nFRANCE DOMAINE - 21-2025-04-29-00003 - cdu 021 2025 0001 83\nArticle 7Imp\u00f4ts et taxesL'utilisateur acquitte l'ensemble des taxes et contributions aff\u00e9rentes \u00e0 l'immeuble qui fait l'objet dela pr\u00e9sente convention, au prorata de la surface utile brute qu'il occupe (surfaces \u00e0 usage exclusif etquote-part des surfaces communes), conform\u00e9ment au r\u00e8glement de site.Article 8Responsabilit\u00e9L'utilisateur assume, sous le contr\u00f4le du propri\u00e9taire, l'ensemble des responsabilit\u00e9s, notamment lescontr\u00f4les r\u00e9glementaires, aff\u00e9rentes aux parties exclusivement mises \u00e0 sa disposition ainsi qu'auxparties communes (dans la limite de sa quote-part) de l'immeuble d\u00e9sign\u00e9 \u00e0 l'article 2 pour la dur\u00e9ede la pr\u00e9sente convention, conform\u00e9ment au r\u00e8glement de site.Article 9EntretienL'utilisateur supporte l'ensemble des d\u00e9penses d'entretien courant et de petites r\u00e9parations relatives\u00e0 l'immeuble d\u00e9sign\u00e9 \u00e0 l'article 2.Ces travaux s'inscrivent dans une programmation pluriannuelle pr\u00e9vue par l'utilisateur. Lepropri\u00e9taire est susceptible d'en demander communication \u00e0 tout moment.La r\u00e9alisation des d\u00e9penses d'entretien mentionn\u00e9es \u00e0 la charte de gestion (1) du Compte d'affectationsp\u00e9ciale \u00ab Gestion du patrimoine immobilier de l'\u00c9tat \u00bb r\u00e9gi par l'article 47 de la loi de finances pour2006 modifi\u00e9, \u00e0 la charge du propri\u00e9taire, est confi\u00e9e \u00e0 l'utilisateur qui les effectue, sous saresponsabilit\u00e9, pour le compte du propri\u00e9taire :\u2014 avec les dotations du Compte d'affectation sp\u00e9ciale \u00ab Gestion du patrimoine immobilier de l'\u00c9tat\u00bb dans le cadre de la programmation annuelle \u00e9tablie par le responsable du budget op\u00e9rationnel deprogramme minist\u00e9riel ou r\u00e9gional comp\u00e9tent ;\u2014 avec les dotations inscrites sur son budget.Le financement des d\u00e9penses d'entretien (courant et lourd) pour les surfaces communes est pr\u00e9cis\u00e9dans le r\u00e8glement de site annex\u00e9 \u00e0 la pr\u00e9sente convention.Lorsque l'immeuble d\u00e9sign\u00e9 \u00e0 l'article 2 est lib\u00e9r\u00e9, les d\u00e9penses de gardiennage, d'entretien et demise en s\u00e9curit\u00e9 sont assur\u00e9es par l'utilisateur pendant une dur\u00e9e d'un an qui d\u00e9bute \u00e0 compter de ladate de r\u00e9ception de la d\u00e9cision d'inutilit\u00e9 par le service local du Domaine. Dans le cas o\u00f9 la d\u00e9cisiond'inutilit\u00e9 serait prononc\u00e9e avant la lib\u00e9ration de l'immeuble, le d\u00e9lai d'un an commencera \u00e0 courir \u00e0compter de la date effective de lib\u00e9ration totale de celui-ci obligatoirement port\u00e9e sans d\u00e9lai \u00e0 laconnaissance du service local du Domaine par l'utilisateur.Afin de permettre le respect des objectifs fix\u00e9s dans le cadre de la transition \u00e9cologique pour lesb\u00e2timents publics, une annexe pourra \u00eatre jointe \u00e0 la pr\u00e9sente convention, visant \u00e0 d\u00e9terminer lesdroits et obligations respectifs du propri\u00e9taire et de l'utilisateur en la mati\u00e8re et les cons\u00e9quences quien r\u00e9sulteraient.(1) La charte de gestion du Compte d'affectation sp\u00e9ciale \u00abGestion du patrimoine immobilier de ! '\u00c9tat\u00bb est disponible sur le portail de l'immobilier del'Etat.\nNote de service DIE n\u00b0 2023-03-3689 du 28 mars 2023 \u2014 Annexe n\u00b0 1\nFRANCE DOMAINE - 21-2025-04-29-00003 - cdu 021 2025 0001 84\nFRANCE DOMAINE - 21-2025-04-29-00003 - cdu 021 2025 0001 85\nArticle 10Objectifs d'am\u00e9lioration de la performance immobili\u00e8re (1)Dans le cadre des objectifs poursuivis au titre de la Politique immobili\u00e8re de l'\u00c9tat et tels qu'expos\u00e9sau sein des sch\u00e9mas directeurs immobiliers r\u00e9gionaux (SDIR) et des sch\u00e9mas pluriannuels de strat\u00e9gieimmobiliere (SPSI), l'utilisateur s'engage \u00e0 am\u00e9liorer la performance immobili\u00e8re de l'immeubled\u00e9sign\u00e9 \u00e0 l'article 2 de la pr\u00e9sente convention.L'utilisateur devra notamment veiller \u00e0 assurer une diminution du ratio d'occupation tel que constat\u00e9\u00e0 l'article 5 de la pr\u00e9sente convention. Le propri\u00e9taire est susceptible de demander communication \u00e0tout moment des \u00e9l\u00e9ments permettant de d\u00e9terminer le ratio d'occupation.(1) Immeubles \u00e0 usage de bureaux.\nArticle 11Co\u00fbt d'occupation domaniale hors charges (1)San objet(1) Immeubles \u00e0 usage de bureaux et de logements utilis\u00e9s par les services de l'\u00c9tat.Article 12Contr\u00f4le des conditions d'occupationLe propri\u00e9taire s'assure p\u00e9riodiquement des conditions dans lesquelles est entretenu et utilis\u00e9l'immeuble remis \u00e0 l'utilisateur. Dans le cadre des objectifs poursuivis au titre de la Politiqueimmobili\u00e8re de l'Etat, il v\u00e9rifie notamment :- L'\u00e9tat d'entretien g\u00e9n\u00e9ral de l'immeuble ;\nLe contr\u00f4le aboutira \u00e0 la d\u00e9livrance par le propri\u00e9taire :- D'un proc\u00e8s-verbal de conformit\u00e9 si le contr\u00f4le valide les termes de la pr\u00e9sente convention ;- D'un avis r\u00e9serv\u00e9 lorsque les engagements de la convention ne sont pas respect\u00e9s.L'avis r\u00e9serv\u00e9 engage l'utilisateur de l'immeuble \u00e0 rechercher et entreprendre les am\u00e9liorationsattendues en concertation avec le propri\u00e9taire. Dans un d\u00e9lai de 12 mois \u00e0 compter de la date denotification de l'avis r\u00e9serv\u00e9, le propri\u00e9taire convient d'une nouvelle visite avec l'utilisateur. Lors decette visite, le propri\u00e9taire s'assure que l'utilisateur a bien mis en \u0153uvre les diligences attendues.A l'issue de ce d\u00e9lai, si l'utilisateur ne s'est pas conform\u00e9 aux objectifs fix\u00e9s au pr\u00e9alable avec lepropri\u00e9taire, le pr\u00e9fet pourra prendre des sanctions pouvant aboutir \u00e0 la r\u00e9siliation de la pr\u00e9senteconvention.En cas d'\u00e9volutions ou incoh\u00e9rences constat\u00e9es entre les termes de la pr\u00e9sente convention et le r\u00e9sultat\u00e9manant d'un contr\u00f4le de l'immeuble, une r\u00e9gularisation est syst\u00e9matiquement op\u00e9r\u00e9e par voied'avenant.(1) Mention \u00e0 retirer lorsque la convention ne porte pas sur un immeuble \u00e0 usage de bureaux.\nArticle 13\nNote de service DIE n\u00b0 2023-03-3689 du 28 mars 2023 \u2014 Annexe n\u00b0 1\nFRANCE DOMAINE - 21-2025-04-29-00003 - cdu 021 2025 0001 86\nFRANCE DOMAINE - 21-2025-04-29-00003 - cdu 021 2025 0001 87\nInventaireL'utilisateur (7) de l'immeuble d\u00e9sign\u00e9 \u00e0 l'article 2 communique sans d\u00e9lai au gestionnaire dur\u00e9f\u00e9rentiel immobilier minist\u00e9riel comp\u00e9tent, tout \u00e9v\u00e9nement pouvant affecter durablement la valeurdu bien dans les comptes de l'\u00c9tat, conform\u00e9ment \u00e0 l'inventaire pr\u00e9vu \u00e0 l'article 162 du d\u00e9cret \u2014 n\u00b02012-1246 du 7 novembre 2012 relatif \u00e0 la gestion budg\u00e9taire et comptable publique.\n(1) Article sans objet pour les conventions d'utilisation conclues avec un \u00e9tablissement public national.\nArticle 14Terme de la convention14.1. Terme de la convention :La pr\u00e9sente convention prend fin de plein droit le 02/04/2028.Elle prend \u00e9galement fin lorsque la cession de l'immeuble a \u00e9t\u00e9 d\u00e9cid\u00e9e, selon les r\u00e8gles pr\u00e9vues parle Code g\u00e9n\u00e9ral de la propri\u00e9t\u00e9 des personnes publiques.14.2. R\u00e9siliation anticip\u00e9e de la convention :La convention peut \u00eatre r\u00e9sili\u00e9e avant le terme pr\u00e9vu :a). En cas de non-respect par l'utilisateur de l'une de ses obligations ou de l'un de ses engagements ;b). Lorsque l'int\u00e9r\u00eat public, tel qu'il est d\u00e9clar\u00e9 par le pr\u00e9fet dans une lettre adress\u00e9e aux signatairesde la pr\u00e9sente convention, l'exige ;c). Lors de la mise en \u0153uvre par le pr\u00e9fet de la strat\u00e9gie immobili\u00e9re \u00e9labor\u00e9e au niveau r\u00e9gional dansle SDIR ;d). Lorsque le maintien dans les lieux est incompatible avec le SPSI d'administration centrale oud'op\u00e9rateur valid\u00e9 par le ministre ou en l'absence prolong\u00e9e d'\u00e9laboration d'un SPSI ;e). A l'initiative de l'utilisateur, apr\u00e8s acceptation par le propri\u00e9taire, moyennant le respect d'unpr\u00e9avis de six mois sauf en cas d'urgence, adress\u00e9 aux signataires de la pr\u00e9sente convention ;La r\u00e9siliation est dans tous les cas prononc\u00e9e par le pr\u00e9fet.\n% #> \u00c0 #% #% ##\nUn exemplaire du pr\u00e9sent acte est conserv\u00e9 par chacun des signataires de la convention.Le repr\u00e9sentant du service utilisateur, Le repr\u00e9sentant d l\\admlnlstratlonmaine,Rectrice de la r\u00e9gion acad\u00e9mique Bourgogne-Franche-Comt\u00e9Rectrice de l'acad\u00e9mie de Besan\u00e7onChanceli\u00e8re des universit\u00e9s .v / Res;\\o/sable dla \u00cbv:sonestion/ValorisatiorP\u00f4le re jonal xmmoblh de ! Etat03 80 28 66 '1Nathalie ALBERT-MORETTI | Le pr\u00e9fet, valery.jgannin@dgfip.finances.gouv.frPour le Pr\u00e9fet et par d\u00e9l\u00e9gationLe sec alre g\u00e9n\u00e9ralT  D'en 5 BRUELNote de service DIE n\u00b0 2023-03-3689 du 28 mars 2023 \u2014 Annexe n\u00b0 1\nFRANCE DOMAINE - 21-2025-04-29-00003 - cdu 021 2025 0001 88\nFRANCE DOMAINE - 21-2025-04-29-00003 - cdu 021 2025 0001 89\nHospices Civils de Beaune\nDirection g\u00e9n\u00e9rale\n21-2025-06-04-00001\n24 2025 D\u00e9l\u00e9gation designature DRHAM\nHospices Civils de Beaune - 21-2025-06-04-00001 - 24 2025 D\u00e9l\u00e9gation designature DRHAM 90\nHospices Civils de Beaune\n \n  \nD\u00c9CISION DU DIRECTEUR \nn\u00b0 24/2025 \n \nOBJET :  DELEGATION DE SIGNATURE \u2013 DIRECTION DES \nRESSOURCES HUMAINES ET DES AFFAIRES MEDICALES   \n \nLE DIRECTEUR \n \n \n \n\u2022 Vu les articles L6143 -7 et D6143 -33 \u00e0 D6143 -35 du Code de la Sant\u00e9 Publique, \npermettant au directeur d'un \u00e9tablissement public de sant\u00e9 de d\u00e9l\u00e9guer sa signature et \nd\u00e9finissant les conditions et modalit\u00e9s de cette d\u00e9l\u00e9gation,  \n\u2022 Vu la convention de direction commune entre les Hospices Civils de Beaune et \nl'EHPAD de Bligny-sur-Ouche, prenant effet en date du 1er mars 2007, \n\u2022 Vu l'arr\u00eat\u00e9 de la directrice g\u00e9n\u00e9rale du centre national de gestion en date du 27 \nseptembre 2023 d\u00e9tachant M. Guillaume KOCH, \u00e0 compter du 1er octobre 2023, dans \nl'emploi fonctionnel de directeur des Hospices Civils de Beaune, de l'EHPAD de Bligny-\nsur-Ouche. \n \n \nDECIDE \n \nArticle 1er : De donner d\u00e9l\u00e9gation de signature \u00e0 Mme Marie FRASLIN , directrice adjointe \ncharg\u00e9e des ressources humaines et des affaires m\u00e9dicales, aux fins de proc\u00e9der en mon \nnom et place,  \n\u2192 \u00e0 la signature de tous les actes et d\u00e9cisions relatifs \u00e0 la gestion des personnels \nm\u00e9dicaux et non m\u00e9dicaux, \u00e0 l'exclusion des conve ntions et courriers destin\u00e9s aux \nautorit\u00e9s de tutelle et des notes de service, \n\u2192 \u00e0 la signature des contrats et conventions de professionnels lib\u00e9raux participant \u00e0 la \nprise en charge des patients de l'HAD, des SSIAD, et des r\u00e9sidents des EHPAD. \n \nArticle 2 : De donner d\u00e9l\u00e9gation de signature \u00e0 M. Patrick B ADET, Adjoint des cadres, en \ncharge de la cellule carri\u00e8re-paie, aux fins de proc\u00e9der en mon nom et place,  \n\u2192 \u00e0 la signature de tous les actes et d\u00e9cisions relatifs \u00e0 la gestion des personnels non \nm\u00e9dicaux, \u00e0 l'exclusion des proc\u00e9dures disciplinaires, des conventions et courriers \ndestin\u00e9s aux autorit\u00e9s de tutelle, et des notes de service, \n \nArticle 3  :  De donner d\u00e9l\u00e9gation de signature \u00e0 Mme Fr\u00e9d\u00e9rique Q UILLET, adjoint des \ncadres, en charge des affaires m\u00e9dicales, aux fins de proc\u00e9der en son nom et place,  \n\u2192 \u00e0 la signature de tous les actes et d\u00e9cisions relatifs \u00e0 la gestion des personnels \nm\u00e9dicaux, \u00e0 l'exclusion des proc\u00e9dures disciplinaires et de licenciement , des \nconventions et courriers destin\u00e9s aux autorit\u00e9s de tutelle et des notes de service. \n \nHospices Civils de Beaune - 21-2025-06-04-00001 - 24 2025 D\u00e9l\u00e9gation designature DRHAM 91\nP a g e  2 | 2 \n \n \n \n \nArticle 4: La pr\u00e9sente d\u00e9cision ne fait pas obstacle \u00e0 l'application de la d\u00e9cision de d\u00e9l\u00e9gation \ng\u00e9n\u00e9rale de signature. \n \nArticle 5 : La d\u00e9l\u00e9gation est assortie de l'obligation de rendre compte au directeur.  \n \nArticle 6 : La pr\u00e9sente d\u00e9cision abroge et remplace toutes les d\u00e9cisions ant\u00e9rieures de m\u00eame \nnature. \n \nArticle 7 : La pr\u00e9sente d\u00e9cision sera communiqu\u00e9e au Conseil de Surveillance, et transmise \nsans d\u00e9lai au Tr\u00e9sor public.  \n \nArticle 8 : La d\u00e9l\u00e9gation prend effet \u00e0 la date de signature. Elle est notifi\u00e9e aux int\u00e9ress\u00e9s, \npubli\u00e9e sur le site internet et intranet de l'\u00e9tablissement. \nElle est transmise au Pr\u00e9fet de D\u00e9partement pour Insertion au recueil des actes administratifs \ndu d\u00e9partement de C\u00f4te d'Or. \n \nArticle 9 : Elle peut faire l'objet d'un recours contentieux devant le tribunal administratif de \nDijon dans un d\u00e9lai de 2 mois \u00e0 compter de sa publication en formulant un recours contentieux \naupr\u00e8s du tribunal administratif de Dijon, 22 rue d'Assas 21000 Dijon. \nLe tribunal administratif peut \u00eatre saisi par l'application de T\u00e9l\u00e9recours citoyens accessible par \nle site internet www.telerecours.fr  \n \n \n \n Fait \u00e0 Beaune, le 4 juin 2025 \n \n Le Directeur, \n Guillaume KOCH   \n  \n Sign\u00e9 \n \n \n \n \n \n \n \n  \nHospices Civils de Beaune - 21-2025-06-04-00001 - 24 2025 D\u00e9l\u00e9gation designature DRHAM 92\nPr\u00e9fecture de la C\u00f4te-d'Or\nDirection de la coordination, des politiques\npubliques et de l'appui territorial\n21-2025-06-28-00001\nArr\u00eat\u00e9 pr\u00e9fectoral n\u00b0761 du 28/05/2025 portant\nhabilitation de la SAS CBRE Conseil et\nTransaction en application de l'article R.752-6-3\ndu code du commerce pour la r\u00e9alisation de\nl'analyse d'impact des projets d'am\u00e9nagement\ncommercial\nPr\u00e9fecture de la C\u00f4te-d'Or - 21-2025-06-28-00001 - Arr\u00eat\u00e9 pr\u00e9fectoral n\u00b0761 du 28/05/2025 portant habilitation de la SAS CBRE Conseil\net Transaction en application de l'article R.752-6-3 du code du commerce pour la r\u00e9alisation de l'analyse d'impact des projets\nd'am\u00e9nagement commercial\n93\nExPREFETDE LACOTE-D'ORLibert\u00e9Egalit\u00e9Fraternit\u00e9\nDIRECTION DE LA COORDINATION DES POLITIQUES\nPUBLIQUES ET DE L'APPUI TERRITORIAL\nP\u00f4le Environnement et Urbanisme\nArr\u00eat\u00e9 pr\u00e9fectoral n\u00b0 761 du 28 mai 2025\nportant habilitation de la SAS CBRE Conseil et Transaction en application de l'article R.752-6-\n3 du code du commerce pour la r\u00e9alisation de l'analyse d'impact des projets d'am\u00e9nagement \ncommercial\nHabilitation n\u00b0 HAI-21-54-2025-05-28\nPr\u00e9fet de la C\u00f4te-d'Or\nVU le Code du Commerce, notamment les articles L752-6-III et R752-6-1 \u00e0 R752-6-3 ; \nVU la  loi  n\u00b0  2018-1021  du  23  novembre  2018  portant  \u00e9volution  du  logement,  de \nl'am\u00e9nagement et du num\u00e9rique, notamment son titre IV - article 163 ;\nVU le d\u00e9cret n\u00b0 2019-331 du 17 avril 2019 relatif \u00e0 la composition et au fonctionnement  \ndes  commissions  d\u00e9partementales  d'am\u00e9nagement  commercial  et  aux  demandes \nd'autorisation d'exploitation commerciale ;\nVU l'arr\u00eat\u00e9  minist\u00e9riel  du  19  juin  2019  modifi\u00e9  fixant  le  contenu  du  formulaire  de \ndemande d'habilitation pour r\u00e9aliser l'analyse d'impact mentionn\u00e9e au III de l'article  \nL.752-6 du code du commerce ;\nVU l'arr\u00eat\u00e9 pr\u00e9fectoral du 25 f\u00e9vrier 2020 habilitant la SAS CBRE Conseil et Transaction  \npour la r\u00e9alisation de l'analyse d'impact des projets d'am\u00e9nagement commercial pour  \nune dur\u00e9e de 5 ans ;\nVU la demande d'habilitation formul\u00e9e par la SAS CBRE Conseil et Transaction, 76 rue  \nde Prony \u2013 75017 PARIS repr\u00e9sent\u00e9e par M. Fabrice ALLOUCHE, pr\u00e9sident, re\u00e7ue le 13  \nmars  2025,  pour  r\u00e9aliser  l'analyse  d'impact  des  dossiers  de  demande  d'autorisation \nd'exploitation commerciale du d\u00e9partement de la C\u00f4te-d'Or ;\nVU le dossier produit \u00e0 l'appui de la demande susvis\u00e9e et les justificatifs joints ;\nCONSIDERANT que les extraits de casier judiciaire (bulletin n\u00b0 3) des repr\u00e9sentants  \nl\u00e9gaux et des salari\u00e9s de la soci\u00e9t\u00e9 susvis\u00e9e charg\u00e9s de r\u00e9aliser les analyses d'impact sont \nvierges ;\nCONSIDERANT  que les personnes mentionn\u00e9es dans la demande d'habilitation, par  \nlaquelle ou sous la responsabilit\u00e9 de laquelle seront r\u00e9alis\u00e9es les analyses d'impact sont  \ntitulaires des dipl\u00f4mes requis ;\n1/2\nPr\u00e9fecture de la C\u00f4te-d'Or - 21-2025-06-28-00001 - Arr\u00eat\u00e9 pr\u00e9fectoral n\u00b0761 du 28/05/2025 portant habilitation de la SAS CBRE Conseil\net Transaction en application de l'article R.752-6-3 du code du commerce pour la r\u00e9alisation de l'analyse d'impact des projets\nd'am\u00e9nagement commercial\n94\nCONSIDERANT que la soci\u00e9t\u00e9 CBRE Conseil et Transaction dispose des moyens et outils \nde collecte et d'analyse des informations relatives aux effets d'un projet commercial sur  \nl'animation et le d\u00e9veloppement \u00e9conomique des centres-villes des communes de la  \nzone de chalandise et sur l'emploi \u00e0 l'\u00e9chelle de cette m\u00eame zone ;\nCONSIDERANT  que le pr\u00e9c\u00e9dent arr\u00eat\u00e9 pr\u00e9fectoral d'habilitation du 25 f\u00e9vrier 2020  \nsus-vis\u00e9 est valable jusqu'au 25 f\u00e9vrier 2025 ;\nSUR proposition de Monsieur le secr\u00e9taire g\u00e9n\u00e9ral de la Pr\u00e9fecture de la C\u00f4te-d'Or ;\nA R R E T E\nArticle 1er  : La soci\u00e9t\u00e9 CBRE Conseil et Transaction sise 76 rue de Prony \u2013 75017 PARIS,  \nest habilit\u00e9e \u00e0 r\u00e9aliser les analyses d'impact pr\u00e9vues au III de l'article L.752-6 du code du  \ncommerce, pour les projets d'am\u00e9nagement commercial situ\u00e9s dans le d\u00e9partement de  \nla C\u00f4te-d'Or.\nArticle 2 : La pr\u00e9sente habilitation est accord\u00e9e pour une dur\u00e9e de cinq ans, \u00e0 compter  \nde ce jour, sans renouvellement tacite. \nArticle 3  : En application du code de justice administrative et notamment des articles R.  \n421-1 et R. 421-5, le pr\u00e9sent arr\u00eat\u00e9 peut, dans un d\u00e9lai de deux mois \u00e0 compter de sa  \npublication, faire l'objet :- soit d'un recours gracieux, adress\u00e9e \u00e0 Monsieur le Pr\u00e9fet de C\u00f4te-\nd'Or, 53, rue de la Pr\u00e9fecture \u2013 21041 Dijon Cedex ;- soit d'un recours hi\u00e9rarchique, adress\u00e9  \n\u00e0 Monsieur le Ministre de l'Int\u00e9rieur, Place Beauvau \u2013 75008 Paris Cedex 08  ;- soit d'un  \nrecours contentieux, en saisissant le Tribunal administratif de Dijon, 22, rue d'Assas \u2013 21000 \nDijon ou t\u00e9l\u00e9recours citoyen.\nLes recours doivent \u00eatre adress\u00e9s par lettre recommand\u00e9e avec accus\u00e9 de r\u00e9ception.\nArticle  4  :  M.  le  secr\u00e9taire  g\u00e9n\u00e9ral  de  la  pr\u00e9fecture  de  la  C\u00f4te-d'Or  est  charg\u00e9  de \nl'ex\u00e9cution du pr\u00e9sent arr\u00eat\u00e9, qui sera publi\u00e9 au recueil des actes administratifs de la  \npr\u00e9fecture de la C\u00f4te-d'Or et notifi\u00e9 \u00e0 M. Fabrice ALLOUCHE, pr\u00e9sident.\nFait \u00e0 Dijon,\n \nLE PREFET\nPour le pr\u00e9fet et par d\u00e9l\u00e9gation\nLe secr\u00e9taire g\u00e9n\u00e9ral\nSign\u00e9\nDenis BRUEL\n2/2\nPr\u00e9fecture de la C\u00f4te-d'Or - 21-2025-06-28-00001 - Arr\u00eat\u00e9 pr\u00e9fectoral n\u00b0761 du 28/05/2025 portant habilitation de la SAS CBRE Conseil\net Transaction en application de l'article R.752-6-3 du code du commerce pour la r\u00e9alisation de l'analyse d'impact des projets\nd'am\u00e9nagement commercial\n95\nPr\u00e9fecture de la C\u00f4te-d'Or\nDirection des Collectivit\u00e9s locales et des\nElections \n21-2025-05-28-00003\nArr\u00eat\u00e9 portant modification des statuts de Dijon\nM\u00e9tropole\nPr\u00e9fecture de la C\u00f4te-d'Or - 21-2025-05-28-00003 - Arr\u00eat\u00e9 portant modification des statuts de Dijon M\u00e9tropole 96\nExPREFETDE LACOTE-D'ORLibert\u00e9Egalit\u00e9Fraternit\u00e9\nDIRECTION DES COLLECTIVIT\u00c9S LOCALES ET DES \u00c9LECTIONS\nBUREAU DES COLLECTIVIT\u00c9S LOCALES\nAffaire suivie par : Isabelle AMSALLEM\nT\u00e9l : 03.80.44.66.16\nm\u00e9l : isabelle.amsallem@cote-dor.gouv.fr\nArr\u00eat\u00e9\nportant modification des statuts de Dijon M\u00e9tropole\nLe pr\u00e9fet de la r\u00e9gion Bourgogne-Franche-Comt\u00e9\nPr\u00e9fet de la C\u00f4te-d'Or\nVU le code g\u00e9n\u00e9ral des collectivit\u00e9s territoriales, et notamment ses articles L.5211-6 et suivants, L.5211-\n17 et L.5217-2 ;\nVU le  d\u00e9cret  n\u00b02017-635  du  25  avril  2017  portant  cr\u00e9ation  de  la  m\u00e9tropole  d\u00e9nomm\u00e9e  \u00ab Dijon \nM\u00e9tropole \u00bb modifi\u00e9 par les arr\u00eat\u00e9s du 20 novembre 2017 et du 19 f\u00e9vrier 2018 ;\nVU l' arr\u00eat\u00e9 pr\u00e9fectoral portant statuts du 20 novembre 2017 modifi\u00e9 par l'arr\u00eat\u00e9 du 19 f\u00e9vrier 2018 ;\nVU l'arr\u00eat\u00e9  pr\u00e9fectoral  du  25  novembre  2019  portant  transfert  de  comp\u00e9tences  entre  le  Conseil \nD\u00e9partemental de la C\u00f4te-d'Or et Dijon M\u00e9tropole modifi\u00e9 par l'arr\u00eat\u00e9 du 09 novembre 2020 ;\nVU l'arr\u00eat\u00e9 pr\u00e9fectoral du 2 mai 2023 constatant le transfert de routes et autoroutes class\u00e9es dans le  \ndomaine public routier national \u00e0 la m\u00e9tropole de Dijon, compl\u00e9t\u00e9 par l'arr\u00eat\u00e9 du 20 d\u00e9cembre 2023  \ntransf\u00e9rant les parcelles, mat\u00e9riels, b\u00e2timents, droits, servitudes, obligations et march\u00e9s ;\nVU l'arr\u00eat\u00e9 pr\u00e9fectoral n\u00b0 444 / SG du 17 mars 2025 donnant d\u00e9l\u00e9gation de signature \u00e0 Monsieur Denis  \nBRUEL, secr\u00e9taire g\u00e9n\u00e9ral de la pr\u00e9fecture de la C\u00f4te-d'Or ;\nVU la d\u00e9lib\u00e9ration du Conseil m\u00e9tropolitain de Dijon m\u00e9tropole du 19 d\u00e9cembre 2024  ;\nVU  les avis favorables de l'unanimit\u00e9 des conseils municipaux de Dijon m\u00e9tropole, dont celui de la  \ncommune de Dijon dont la population est sup\u00e9rieure au quart de la population totale concern\u00e9e ;\nCONSID\u00c9RANT que  les  conditions  de  majorit\u00e9  requises  par  le  code  g\u00e9n\u00e9ral  des  collectivit\u00e9s \nterritoriales sont remplies ;\nSUR proposition du secr\u00e9taire g\u00e9n\u00e9ral de la pr\u00e9fecture de la C\u00f4te-d'Or ;\nARR\u00caTE\nArticle 1er : Dijon m\u00e9tropole est r\u00e9gie, \u00e0 compter du lendemain de la publication de l'arr\u00eat\u00e9, par les \nstatuts qui lui sont annex\u00e9s ; \n \nPr\u00e9fecture de la C\u00f4te-d'Or \u2013 \nBureau des Collectivit\u00e9s Locales et des Elections - 53 rue de la Pr\u00e9fecture \u2013 21041 DIJON cedex\nm\u00e8l : pref-bali@cote-dor.gouv.fr\nSite internet : http://www.cote-dor.gouv.fr\nPr\u00e9fecture de la C\u00f4te-d'Or - 21-2025-05-28-00003 - Arr\u00eat\u00e9 portant modification des statuts de Dijon M\u00e9tropole 97\nArticle 2 : en application des dispositions des articles R421-1, R421-5 et R312-1 du code de justice  \nadministrative, le pr\u00e9sent arr\u00eat\u00e9 peut faire l'objet d'un recours contentieux dans un d\u00e9lai \nde deux mois \u00e0 compter de sa publication aupr\u00e8s du Tribunal Administratif de Dijon, 22 \nrue d'Assas - BP 61616 - 21016 Dijon ou greffe.ta-dijon@juradm.fr. \nArticle 3 : le secr\u00e9taire g\u00e9n\u00e9ral de la pr\u00e9fecture de la C\u00f4te-d'Or, M. le pr\u00e9sident de Dijon m\u00e9tropole, \nMmes et MM. les maires des communes d'Ahuy, Bressey-sur-Tille, Breteni\u00e8re, Chen\u00f4ve,  \nChevigny-Saint-Sauveur, Corcelles-l\u00e8s-Monts, Daix, Dijon, F\u00e9nay, Flavignerot, Fontaine-l\u00e8s-\nDijon, Hauteville-l\u00e8s-Dijon, Longvic, Magny-sur-Tille, Marsannay-la-C\u00f4te, Neuilly-Crimolois, \nOuges, Perrigny-l\u00e8s-Dijon, Plombi\u00e8res-l\u00e8s-Dijon, Quetigny, Saint-Apollinaire, Sennecey-l\u00e8s-\nDijon et Talant sont charg\u00e9s, chacun en ce qui le concerne de l'ex\u00e9cution du pr\u00e9sent  \narr\u00eat\u00e9 qui sera publi\u00e9 au recueil des actes administratifs de la pr\u00e9fecture et dont copie \nsera adress\u00e9e, pour information \u00e0 :\n\u2022 Mme la directrice r\u00e9gionale des finances publiques de la Bourgogne-Franche-Comt\u00e9 et de \nla C\u00f4te-d'Or ;\n\u2022 M. le pr\u00e9sident de la chambre r\u00e9gionale des comptes de Bourgogne-Franche-Comt\u00e9 ;\n\u2022 M. le directeur des archives d\u00e9partementales de la C\u00f4te-d'Or ;\n\u2022 Mme la directrice d\u00e9partementale des territoires ;\nFait \u00e0 Dijon, le 28 mai 2025\nPour le pr\u00e9fet et par d\u00e9l\u00e9gation,\nLe secr\u00e9taire g\u00e9n\u00e9ral,\nsign\u00e9\nDenis BRUEL\nPr\u00e9fecture de la C\u00f4te-d'Or \u2013 \nBureau des Collectivit\u00e9s Locales et des Elections - 53 rue de la Pr\u00e9fecture \u2013 21041 DIJON cedex\nm\u00e8l : pref-bali@cote-dor.gouv.fr\nSite internet : http://www.cote-dor.gouv.fr\nPr\u00e9fecture de la C\u00f4te-d'Or - 21-2025-05-28-00003 - Arr\u00eat\u00e9 portant modification des statuts de Dijon M\u00e9tropole 98\n'\u0178_DJOonm\u00e9tropole49\n \n \n \n \nStatuts de Dijon M\u00e9tropole \n \nD\u00e9cret n\u00b0 2017-635 du 25 avril 2017 publi\u00e9 au Journal officiel du 27 avril 2017  \nportant cr\u00e9ation de la m\u00e9tropole d\u00e9nomm\u00e9e \u00ab Dijon M\u00e9tropole \u00bb \n \n \n \n \nArticle 1\ner  \nLa Communaut\u00e9 urbaine du Grand Dijon est transform\u00e9e en \u00e9tablissement public de \ncoop\u00e9ration intercommunale \u00e0 fiscalit\u00e9 propre relevant  de la cat\u00e9gorie des m\u00e9tropoles \ncr\u00e9\u00e9 par le d\u00e9cret n\u00b02017- 635 du 25 avril 2017 entr\u00e9 en vigueur le lendemain de sa \npublication. \n \n \nArticle 2 \nCet \u00e9tablissement public de coop\u00e9ration intercommunale \u00e0 fiscalit\u00e9 propre prend le nom \nde \u00ab Dijon M\u00e9tropole \u00bb. \n \n \nArticle 3 \nLa m\u00e9tropole \u00ab Dijon M\u00e9tropole \u00bb est constitu\u00e9e des communes suivantes :  \n \nAhuy, Bressey-sur-Tille, Breteni\u00e8re, Chen\u00f4ve, Chevigny -Saint-Sauveur, Corcelles -les-\nMonts, Daix, Dijon, F\u00e9nay, Flavignerot, Fontaine-l\u00e8s-Dijon, Hauteville-l\u00e8s-Dijon, Longvic, \nMagny-sur-Tille, Marsannay -la-C\u00f4te, Neuilly-Crimolois, Ouges , Perrigny -l\u00e8s-Dijon, \nPlombi\u00e8res-l\u00e8s-Dijon, Quetigny, Saint-Apollinaire, Sennecey-l\u00e8s-Dijon, Talant.  \nArticle 4 \nLe si\u00e8ge de la m\u00e9tropole est fix\u00e9 \u00e0 l'adresse suivante : 40, avenue du Drapeau, 21000 \nDijon. \n \n \nArticle 5 \nLa M\u00e9tropole est cr\u00e9\u00e9e pour une dur\u00e9e illimit\u00e9e. \n \n  \nPr\u00e9fecture de la C\u00f4te-d'Or - 21-2025-05-28-00003 - Arr\u00eat\u00e9 portant modification des statuts de Dijon M\u00e9tropole 99\n \nArticle 6 \n6-1 Comp\u00e9tences l\u00e9gales : \n \n6-1-1 Comp\u00e9tences exerc\u00e9es en lieu et place des communes membres : \n \nEn vertu de l'article L. 5217-2-I du code g\u00e9n\u00e9ral des collectivit\u00e9s, la M\u00e9tropole exerce de \nplein droit, en lieu et place des communes membres, les comp\u00e9tences suivantes :  \n \n1\u00b0 En mati\u00e8re de d\u00e9veloppement et d'am\u00e9nagement \u00e9conomique, social et culturel :  \n \na) Cr\u00e9ation, am\u00e9nagement et gestion des zones d'activit\u00e9 industrielle, commerciale, \ntertiaire, artisanale, touristique, portuaire ou a\u00e9roportuaire ;  \nb) Actions de d\u00e9veloppement \u00e9conomique, dont la participation au capital des soci\u00e9t\u00e9s \nmentionn\u00e9es au 8\u00b0 de l'article L. 4211-1, ainsi que soutien et participation au pilotage des \np\u00f4les de comp\u00e9titivit\u00e9 situ\u00e9s sur son territoire ;  \nc) Construction, am\u00e9nagement, entretien et fonct ionnement d'\u00e9quipements culturels, \nsocioculturels, socio-\u00e9ducatifs et sportifs d'int\u00e9r\u00eat m\u00e9tropolitain ;  \nd) Promotion du tourisme, dont la cr\u00e9ation d'offices de tourisme , sans pr\u00e9judice de \nl'animation touristique qui est une comp\u00e9tence partag\u00e9e, au sens d e l'article L. 1111- 4, \navec les communes membres de l'\u00e9tablissement public de coop\u00e9ration intercommunale \n\u00e0 fiscalit\u00e9 propre ;  \ne) Programme de soutien et d'aides aux \u00e9tablissements d'enseignement sup\u00e9rieur et de \nrecherche et aux programmes de recherche, en tenant compte du sch\u00e9ma r\u00e9gional de \nl'enseignement sup\u00e9rieur, de la recherche et de l'innovation ;  \n \n2\u00b0 En mati\u00e8re d'am\u00e9nagement de l'espace m\u00e9tropolitain :  \n \na) Sch\u00e9ma de coh\u00e9rence territoriale et sch\u00e9ma de secteur ; plan local d'urbanisme, \ndocument en t enant lieu ou carte communale ; d\u00e9finition, cr\u00e9ation et r\u00e9alisation \nd'op\u00e9rations d'am\u00e9nagement d'int\u00e9r\u00eat m\u00e9tropolitain mentionn\u00e9es \u00e0 l'article L. 300-1 du \ncode de l'urbanisme ; actions de valorisation du patrimoine naturel et paysager ; \nconstitution de r\u00e9serves fonci\u00e8res ;  \nb) Organisation de la mobilit\u00e9 au sens des articles L. 1231- 1, L. 1231-8 et L. 1231-14 \u00e0 \nL. 1231- 16 du code des transports ; cr\u00e9ation, am\u00e9nagement et entretien de voirie ; \nsignalisation ; abris de voyageurs ; parcs et aires de stationnement et plan de mobilit\u00e9 ;  \nc) Cr\u00e9ation, am\u00e9nagement et entretien des espaces publics d\u00e9di\u00e9s \u00e0 tout mode de \nd\u00e9placement urbain ainsi qu'\u00e0 leurs ouvrages accessoires ;  \nd) Participation \u00e0 la gouvernance et \u00e0 l'am\u00e9nagement des gares situ\u00e9es sur le territoire \nm\u00e9tropolitain ;  \ne) Etablis sement, exploitation, acquisition et mise \u00e0 disposition d'infrastructures et de \nr\u00e9seaux de t\u00e9l\u00e9communications, au sens de l'article L. 1425-1 du pr\u00e9sent code ;  \n \n3\u00b0 En mati\u00e8re de politique locale de l'habitat :  \n \na) Programme local de l'habitat ;  \nb) Politique du logement ; aides financi\u00e8res au logement social ; actions en faveur du \nlogement social ; actions en faveur du logement des personnes d\u00e9favoris\u00e9es ;  \nPr\u00e9fecture de la C\u00f4te-d'Or - 21-2025-05-28-00003 - Arr\u00eat\u00e9 portant modification des statuts de Dijon M\u00e9tropole 100\nc) Am\u00e9lioration du parc immobilier b\u00e2ti, r\u00e9habilitation et r\u00e9sorption de l'habitat insalubre ;  \nd) Cr\u00e9ation, am\u00e9nagement, entretien et gestion des aires d'accueil des gens du voyage \net des terrains familiaux locatifs d\u00e9finis aux 1\u00b0 \u00e0 3\u00b0 du II de l'article 1 er de la loi n\u00b0 2000-\n614 du 5 juillet 2000 relative \u00e0 l'accueil et \u00e0 l'habitat des gens du voyage ;  \n \n4\u00b0 En mati\u00e8re de politique de la ville :  \n \na) Elaboration du diagnostic du territoire et d\u00e9finition des orientations du contrat de ville ; \nb) Animation et coordination des dispositifs contractuels de d\u00e9veloppement urbain, de \nd\u00e9veloppement local et d'insertion \u00e9conomique et sociale ainsi que des dispositifs locaux \nde pr\u00e9vention de la d\u00e9linquance ;  \nc) Programmes d'actions d\u00e9finis dans le contrat de ville ;  \n \n5\u00b0 En mati\u00e8re de gestion des services d'int\u00e9r\u00eat collectif :  \n \na) Assainissement des eau x us\u00e9es, dans les conditions pr\u00e9vues \u00e0 l'article L. 2224- 8, \ngestion des eaux pluviales urbaines au sens de l'article L. 2226-1 et eau ;  \nb) Cr\u00e9ation, gestion, extension et translation des cimeti\u00e8res et sites cin\u00e9raires d'int\u00e9r\u00eat \nm\u00e9tropolitain ainsi que cr\u00e9ation, gestion et extension des cr\u00e9matoriums ;  \nc) Abattoirs, abattoirs march\u00e9s et march\u00e9s d'int\u00e9r\u00eat national ;  \nd) Services d'incendie et de secours, dans les conditions fix\u00e9es au chapitre IV du titre II \ndu livre IV de la premi\u00e8re partie du pr\u00e9sent code ;  \ne) Service public de d\u00e9fense ext\u00e9rieure contre l'incendie ;  \n \n6\u00b0 En mati\u00e8re de protection et de mise en valeur de l'environnement et de politique du \ncadre de vie :  \n \na) Gestion des d\u00e9chets m\u00e9nagers et assimil\u00e9s ;  \nb) Lutte contre la pollution de l'air ;  \nc) Lutte contre les nuisances sonores ;  \nd) Contribution \u00e0 la transition \u00e9nerg\u00e9tique ;  \ne) Soutien aux actions de ma\u00eetrise de la demande d'\u00e9nergie ;  \nf) Elaboration et adoption du plan climat-air-\u00e9nergie territorial en application de l'article L. \n229-26 du code de l'environnement, en coh\u00e9rence avec les objectifs nationaux en mati\u00e8re \nde r\u00e9duction des \u00e9missions de gaz \u00e0 effet de serre, d'efficacit\u00e9 \u00e9nerg\u00e9tique et de \nproduction d'\u00e9nergie renouvelable ;  \ng) Concession de la distribution publique d'\u00e9lectricit\u00e9 et de gaz ;  \nh) Cr\u00e9ation, am\u00e9nagement, entretien et gestion de r\u00e9seaux de chaleur ou de froid \nurbains ;  \ni) Cr\u00e9ation et entretien des infrastructures de charge n\u00e9cessaires \u00e0 l'usage des v\u00e9hicules \n\u00e9lectriques ou hybrides rechargeables  ou de navires \u00e0 quai ai nsi que des points de \nravitaillement en gaz ou en hydrog\u00e8ne pour v\u00e9hicules ou pour navires, ou mise en place \nd'un service associ\u00e9, en application de l'article L. 2224-37 du pr\u00e9sent code ;  \nj) Gestion des milieux aquatiques et pr\u00e9vention des inondations, dans les conditions \npr\u00e9vues \u00e0 l'article L. 211-7 du code de l'environnement ;  \nk) Autorit\u00e9 concessionnaire de l'Etat pour les plages, dans les conditions pr\u00e9vues \u00e0 \nl'article L. 2124-4 du code g\u00e9n\u00e9ral de la propri\u00e9t\u00e9 des personnes publiques.  \nPr\u00e9fecture de la C\u00f4te-d'Or - 21-2025-05-28-00003 - Arr\u00eat\u00e9 portant modification des statuts de Dijon M\u00e9tropole 101\n- ,dans\nlication des articles L. 263- ' - 0\n1es et des familles en difficult\u00e9 ou en\n'S comp\u00e9tences \u00e0\n \n6-1-2 Comp\u00e9tences exerc\u00e9es en lieu et place du d\u00e9partement : \n \nEn vertu de l'article L.  5217-2-IV du code g\u00e9n\u00e9ral des collectivit\u00e9s  territoriales, la \nM\u00e9tropole exerce, \u00e0 l'int\u00e9rieur de son p\u00e9rim\u00e8tre, par transfert en lieu et place du \nd\u00e9partement, la totalit\u00e9 des groupes de comp\u00e9tences \u00e9nonc\u00e9s ci -dessous, et tel que \npr\u00e9cis\u00e9 dans l'arr\u00eat\u00e9 pr\u00e9fectoral du 25 novembre 2019 portant transfert de comp\u00e9tences \nentre le conseil d\u00e9partemental et Dijon M\u00e9tropole annex\u00e9 aux pr\u00e9sents statuts :  \n \n1\u00b0 Attribution des aides au titre du Fonds de solidarit\u00e9 pour le logement , en application \nde l'article 6 de la l oi n\u00b0 90-449 du 31 mai 1990 visant \u00e0 la mise en \u0153uvre du droit au \nlogement ; \n \n2\u00b0 Missions confi\u00e9es au service public d\u00e9partemental d'action sociale en application de \nl'article L. 123-2 du code de l'action sociale et des familles c'est-\u00e0-dire l'accueil social de \npremier niveau sur le territoire de Dijon M\u00e9tropole ; \n \n3\u00b0 Adoption, adaptation et mise en \u0153uvre du programme d\u00e9partemental d'insertion, dans \nles conditions pr\u00e9vues \u00e0 l'article L. 263-1 du code de l'action sociale et des familles ; \n \n4\u00b0 Aide aux jeunes en difficult\u00e9, en application des articles L. 263- 3 et L. 263-4 du code \nl'action sociale et des familles ; \n \n5\u00b0 Actions de pr\u00e9vention sp\u00e9cialis\u00e9e aupr\u00e8s des jeunes et des familles en difficult\u00e9 ou en \nrupture avec leur milieu, pr\u00e9vues au 2\u00b0 de l'article L. 121-2 du code de l'action sociale et \ndes familles ; \n \n6\u00b0 Personnes \u00e2g\u00e9es et action sociale\n en application des articles L. 113-2, L. 121-1 et L. \n121-2 du cod e de l'action sociale et des familles ou une partie de ces comp\u00e9tences \u00e0 \nl'exclusion de la prise en charge des prestations l\u00e9gales d'aide sociale ; \n \n7\u00b0 Tourisme en application du chapitre II du titre III du livre 1\ner du code du tourisme, \nculture et construction, exploitation et entretien des \u00e9quipements et infrastructures \ndestin\u00e9s \u00e0 la pratique du sport, ou une partie de ces comp\u00e9tences ; \n \n8\u00b0 Gestion des routes class\u00e9es dans le domaine public routier d\u00e9partemental ainsi que \nde leurs d\u00e9pendances et accessoires. \n \n6-1-3 Comp\u00e9tences exerc\u00e9es en lieu et place de l'Etat : \n \nEn vertu de l'article L.  5217-2-VII du code g\u00e9n\u00e9ral des collectivit\u00e9s  territoriales, la \nM\u00e9tropole exerce, par transfert , sur sa demande, et par convention pass\u00e9e avec l'Etat, \nla propri\u00e9t\u00e9, l'am\u00e9nagement, l'entretien et la gestion de grands \u00e9quipements et \nd'infrastructures. \nCe transfert concerne les routes et portions de voies du domaine public routier national \nlist\u00e9es ci-apr\u00e8s et tel que pr\u00e9cis\u00e9 dans l'arr\u00eat\u00e9 pr\u00e9fectoral n\u00b0 21- 2023-05-02-00002 du 2 \nmai 2023 portant transfert de sections de routes et autoroutes class\u00e9es dans le domaine \npublic routier national \u00e0 la m\u00e9tropole de Dijon et l'arr\u00eat\u00e9 compl\u00e9mentaire n\u00b0 21-2023-12-\n20-00007 du 20 d\u00e9cembre 2023 transf\u00e9rant les parcelles, mat\u00e9riels, b\u00e2timents, droits, \nservitudes, obligations et march\u00e9s annex\u00e9s aux pr\u00e9sents statuts : \n \n- La route nationale N 0274 sur le territoire m\u00e9tropolitain ; \nPr\u00e9fecture de la C\u00f4te-d'Or - 21-2025-05-28-00003 - Arr\u00eat\u00e9 portant modification des statuts de Dijon M\u00e9tropole 102\nDijon lui sont transf\u00e9r\u00e9s\nDjonoM \u2014 S  ' e  ' - Dijon\n- L'autoroute A 0038 sur le territoire m\u00e9tropolitain. \n \n6-2 Autres Comp\u00e9tences : \n \nLa M\u00e9tropole exerce \u00e9galement les autres comp\u00e9tences suivantes : \n- Cr\u00e9ation et gestion d'un service public de fourri\u00e8re de v\u00e9hicules ; \n- Cr\u00e9ation et gestion de fourri\u00e8re pour chiens dangereux ; \n- Proposer des prestations accessoires aux producteurs et aux d\u00e9tenteurs de d\u00e9chets \nd'activit\u00e9s de soins ; \n- Lyc\u00e9es et coll\u00e8ges dans les conditions fix\u00e9es au titre Ier du livre II et au chapitre Ier du \nlivre IV ainsi qu'\u00e0 l'article L. 521-3 du code de l'Education ; \n- Soutien au sport \u00e0 destination des clubs de sport collectif professionnels tels que d\u00e9finis \npar l'article L.122-1 du code du sport.  \n \n \nArticle 7 \nLa M\u00e9tropole pourra exercer les fonctions de Centrale d'achats pour ses membres dans \nles conditions des articles L. 2113-2 et suivants du code de la commande publique.  \n \nArticle 8 \nEn vertu de l'article L.  5217-2 du code g\u00e9n\u00e9ral des collectivit\u00e9s, les biens et droits \nappartenant au patrimoine de la Communaut\u00e9 Urbaine du Grand Dijon lui sont transf\u00e9r\u00e9s \nde plein droit et \u00e0 titre gratuit \u00e0 compter du 28 avril 2017. \n \nLes biens mis \u00e0 disposition de cet \u00e9tablissement public, par les communes, en application \ndes articles L. 1321-1 et L. 1321-2, feront l'objet d'un transfert de propri\u00e9t\u00e9 \u00e0 titre gracieux \nau profit de la M\u00e9tropole. \n \n \nArticle 9 \nEn application des articles L. 5217-4, L. 5217-5 et L. 5211-41, la m\u00e9tropole est substitu\u00e9e \nde plein droit, pour l'exercice des comp\u00e9tences transf\u00e9r\u00e9es, aux communes membres et \n\u00e0 l'\u00e9tablissement public de coop\u00e9ration intercommunale transform\u00e9 dans toutes l eurs \nd\u00e9lib\u00e9rations et tous leurs actes \u00e0 compter de la date de la transformation. \n \n \nArticle 10 \nLe tr\u00e9sorier de Dijon Municipale assure les fonctions de comptable de la m\u00e9tropole Dijon \nM\u00e9tropole. \n \n \n \n \n \nPr\u00e9fecture de la C\u00f4te-d'Or - 21-2025-05-28-00003 - Arr\u00eat\u00e9 portant modification des statuts de Dijon M\u00e9tropole 103\nPr\u00e9fecture de la C\u00f4te-d'Or\nDirection des s\u00e9curit\u00e9s\n21-2025-05-28-00002\nAP portant autorisation de surveillance\nexceptionnelle sur la voie publique BEAUNE\nPr\u00e9fecture de la C\u00f4te-d'Or - 21-2025-05-28-00002 - AP portant autorisation de surveillance exceptionnelle sur la voie publique BEAUNE 104\nExPREFETDE LACOTE-D'ORLibert\u00e9Egalit\u00e9Fraternit\u00e9\nDIRECTION DES S\u00c9CURIT\u00c9S\nBureau D\u00e9fense et S\u00e9curit\u00e9\nARR\u00caT\u00c9 PR\u00c9FECTORAL N\u00b0 765\nportant autorisation de surveillance exceptionnelle sur la voie publique\nLe Pr\u00e9fet de la C\u00f4te-d'Or\nVU le code de la s\u00e9curit\u00e9 int\u00e9rieure et notamment son article L.613-1  ;\nVU le  d\u00e9cret  n\u00b0  2004-374  du  29  avril  2004  modifi\u00e9  relatif  aux  pouvoirs  des  pr\u00e9fets,  \u00e0\nl'organisation et \u00e0 l'action des services de l'\u00c9tat dans les r\u00e9gions et d\u00e9partements  ;\nVU l'arr\u00eat\u00e9 pr\u00e9fectoral n\u00b0443/SG du 17 mars 2025 donnant d\u00e9l\u00e9gation de signature \u00e0 Madame\nAur\u00e9lie CONTRECIVILE,  sous-pr\u00e9f\u00e8te, directrice de cabinet du pr\u00e9fet de la r\u00e9gion Bourgogne-\nFranche-Comt\u00e9, pr\u00e9fet de la C\u00f4te-d'Or ;\nVU la demande de la mairie de Beaune (21200) dat\u00e9e du 15 mai 2025 pour une autorisation de\nsurveillance de la voie publique, par la soci\u00e9t\u00e9 de s\u00e9curit\u00e9 priv\u00e9e TACTICAL PROTEC SECURITE  ;\nVU le bon de commande  accept\u00e9 par la mairie de Beaune le 2 mai 2025 pour la mise en place\nd'un service de s\u00e9curit\u00e9 par la soci\u00e9t\u00e9 TACTICAL PROTEC SECURITE sur la voie publique pendant\nl'\u00e9t\u00e9 2025 ;\nVU l'autorisation  d'exercer  N\u00b0AUT-021-2119-06-25-20200744475  d\u00e9livr\u00e9e le  25  juin  2020 \u00e0  la\nsoci\u00e9t\u00e9 TACTICAL PROTEC SECURITE par la commission locale d'agr\u00e9ment et de contr\u00f4le Est ;\nVU l e rapport de la direction interd\u00e9partementale de la police nationale \u2013 circonscription de\nBeaune du 23 mai 2025 ;\nCONSID\u00c9RANT la  pr\u00e9gnance  de  la  menace  terroriste  sur  le  territoire  national  et  la  forte\nattractivit\u00e9 touristique de la ville de Beaune avec la multiplicit\u00e9 des \u00e9v\u00e8nements d'importance \u00e0\nvenir durant la p\u00e9riode estivale notamment la f\u00eate de la musique, les c\u00e9r\u00e9monies patriotiques ou\nencore le feu d'artifice ;\nCONSID\u00c9RANT que  la pr\u00e9sence  d'une  soci\u00e9t\u00e9  priv\u00e9e  serait  un  compl\u00e9ment  au dispositif de\nsurveillance de la ville assur\u00e9e par la circonscription de la police nationale de Beaune  ;\nCONSID\u00c9RANT  que  les  circonstances  locales  justifient  la  pr\u00e9sence  de  gardiens  sur  la  voie\npublique dans les secteurs et aux dates demand\u00e9es par le maire de Beaune  ;\nSUR proposition de la  directrice de cabinet du pr\u00e9fet de la r\u00e9gion Bourgogne-Franche-Comt\u00e9,\npr\u00e9fet de la C\u00f4te-d'Or ;\nPr\u00e9fecture de la C\u00f4te-d'Or - Direction des s\u00e9curit\u00e9s \u2013 53 rue de la pr\u00e9fecture \u2013 21041 Dijon cedex\nT\u00e9l. 03.80.44.64.00 - Mel : pref-polices-administratives@cote-dor.gouv.fr\nPr\u00e9fecture de la C\u00f4te-d'Or - 21-2025-05-28-00002 - AP portant autorisation de surveillance exceptionnelle sur la voie publique BEAUNE 105\nARR\u00caTE\nArticle 1 er : Est autoris\u00e9e la mise en place temporaire d'agents de s\u00e9curit\u00e9 priv\u00e9s de la soci\u00e9t\u00e9\nTACTICAL PROTEC SECURITE, sur la voie publique de 18h00 \u00e0 23h00, aux dates suivantes :\n- vendredi 20 et samedi 21 juin 2025\n- vendredi 27 et samedi 28 juin 2025\n- vendredi 4 et samedi 5 juillet 2025\n- vendredi 11 et samedi 12 juillet 2025\n- vendredi 18 et samedi 19 juillet 2025\n- vendredi 25 et samedi 26 juillet 2025\n- vendredi 1er et samedi 2 ao\u00fbt 2025\n- vendredi 8 et samedi 9 ao\u00fbt 2025\n- vendredi 15 et samedi 16 ao\u00fbt 2025\n- vendredi 22 et samedi 23 ao\u00fbt 2025\n- vendredi 29 et samedi 30 ao\u00fbt 2025\n- vendredi 5 et samedi 6 septembre 2025\n- vendredi 12 et samedi 13 septembre 2025\nArticle 2 : Cette surveillance sera assur\u00e9e \u00e0 proximit\u00e9 des sites et b\u00e2timents publics communaux\nsuivants :\n- porte Saint-Nicolas\n- basilique Notre-Dame et Mus\u00e9e du Vin\n- square des Lions\n- place de la Halle\n- place Carnot\n- rue du Tribunal\n- rue d'Alsace\n- parking Saint-Etienne\n- parking des Chanceliers\n- centre social du quartier ''Saint-Jacques''\nArticle  3 :  Cette surveillance sera assur\u00e9e par des agents de s\u00e9curit\u00e9 d\u00e9tenteurs de leur carte\nprofessionnelle, non arm\u00e9s, et pour lesquels la soci\u00e9t\u00e9 TACTICAL PROTEC SECURITE s'engage \u00e0\nv\u00e9rifier les aptitudes et habilitations.\nArticle 4 : Les missions de surveillance s'effectueront dans les conditions suivantes  :\n\u2013 aucune intervention sur la voie publique ne pourra \u00eatre engag\u00e9e sans information pr\u00e9alable et\nen coordination avec les services de la Police Nationale, seuls comp\u00e9tents en mati\u00e8re de maintien\nde l'ordre\n\u2013 les agents de la soci\u00e9t\u00e9 TACTICAL PROTEC SECURITE n'auront qu'un r\u00f4le d'observation et de\nsignalement, agissant comme \u00ab  sentinelles \u00bb positionn\u00e9es sur les points sensibles du centre-ville\nidentifi\u00e9s en amont avec les autorit\u00e9s locales\nPr\u00e9fecture de la C\u00f4te-d'Or - 21-2025-05-28-00002 - AP portant autorisation de surveillance exceptionnelle sur la voie publique BEAUNE 106\n\u2013 la  pr\u00e9sence  de  ces  agents  devra  s'inscrire  dans  un  dispositif  de  s\u00e9curit\u00e9  globale  concert\u00e9,\nencadr\u00e9  et proportionn\u00e9,  sans confusion  possible avec les missions r\u00e9galiennes  d\u00e9volues  aux\nforces de s\u00e9curit\u00e9 de l'\u00c9tat.\nArticle 5 : Toute modification ou changement portant aussi bien sur les horaires de surveillance,\nles lieux \u00e0 surveiller, l'entreprise de surveillance elle-m\u00eame, devra \u00eatre port\u00e9 imm\u00e9diatement \u00e0 la\nconnaissance de la pr\u00e9fecture.\nArticle 6 : La pr\u00e9sente autorisation pourra \u00eatre retir\u00e9e \u00e0 tout moment si les n\u00e9cessit\u00e9s de l'ordre\npublic le justifient ou si les conditions d\u00e9finies dans la demande et dans le pr\u00e9sent arr\u00eat\u00e9 cessent\nd'\u00eatre remplies. Elle prendra fin \u00e0 l'expiration de la mission mentionn\u00e9e aux articles 1 et 2.\nArticle 7 : Le pr\u00e9sent arr\u00eat\u00e9 sera publi\u00e9 au recueil des actes administratifs de la Pr\u00e9fecture de la\nC\u00f4te-d'Or, notifi\u00e9 \u00e0  la  soci\u00e9t\u00e9 de surveillance et gardiennage  TACTICAL PROTEC SECURITE , et\ntransmis pour information \u00e0 Monsieur  le directeur interd\u00e9partemental de la police nationale et \u00e0\nla mairie de Beaune.\n                                            Fait \u00e0 Dijon, le 28 mai 2025\nLe pr\u00e9fet,\nPour le pr\u00e9fet et par d\u00e9l\u00e9gation,\nLa directrice de cabinet,\noriginal sign\u00e9\nAur\u00e9lie CONTRECIVILE\nD\u00c9LAIS ET VOIES DE RECOURS\nLe pr\u00e9sent arr\u00eat\u00e9 peut \u00eatre contest\u00e9 selon les voies de recours et dans les d\u00e9lais mentionn\u00e9s ci-dessous.\nDans les deux mois \u00e0 compter de la notification du pr\u00e9sent arr\u00eat\u00e9, les recours suivants peuvent \u00eatre introduits :\n-  un  recours  gracieux adress\u00e9  \u00e0  :  Pr\u00e9fecture  de  la  C\u00f4te-d'Or  -  Direction  des  S\u00e9curit\u00e9s  -  Bureau  de  la  d\u00e9fense  et  de  la  s\u00e9curit\u00e9  \u2013  Polices\nadministratives - 53 rue de la Pr\u00e9fecture - 21041 Dijon Cedex\n- un recours hi\u00e9rarchique adress\u00e9 \u00e0 M. le Ministre de l'Int\u00e9rieur et des Outre-Mer - Secr\u00e9tariat G\u00e9n\u00e9ral - Place Beauvau -75800 Paris Cedex 08\n- un recours contentieux adress\u00e9 au Tribunal Administratif de Dijon - 22 rue d'Assas - BP 61616 - 21016 Dijon Cedex\nLe  tribunal  administratif  peut  \u00eatre  saisi  par  un  recours  d\u00e9pos\u00e9  via  l'application  T\u00e9l\u00e9recours  citoyens  accessible  par  le  site  internet\nwww.t\u00e9l\u00e9recours.fr. Ce recours juridictionnel doit \u00eatre d\u00e9pos\u00e9 au plus tard avant l'expiration du 2 e mois suivant la date de notification de la\nd\u00e9cision contest\u00e9e (ou bien du 2e mois suivant la date du rejet du recours gracieux ou hi\u00e9rarchique).\nPr\u00e9fecture de la C\u00f4te-d'Or - Direction des s\u00e9curit\u00e9s \u2013 53 rue de la pr\u00e9fecture \u2013 21041 Dijon cedex\nT\u00e9l. 03.80.44.64.00 - Mel : pref-polices-administratives@cote-dor.gouv.fr\nPr\u00e9fecture de la C\u00f4te-d'Or - 21-2025-05-28-00002 - AP portant autorisation de surveillance exceptionnelle sur la voie publique BEAUNE 107\nPr\u00e9fecture de la C\u00f4te-d'Or\nDirection des s\u00e9curit\u00e9s\n21-2025-06-05-00002\nArr\u00eat\u00e9 pr\u00e9fectoral autorisant l'enregistrement\naudiovisuel des interventions des agents de\nla police municipale des communes d'\u00c9chenon,\nde Saint-Jean-de-Losne\net de Saint-Usage\nPr\u00e9fecture de la C\u00f4te-d'Or - 21-2025-06-05-00002 - Arr\u00eat\u00e9 pr\u00e9fectoral autorisant l'enregistrement audiovisuel des interventions des\nagents de\nla police municipale des communes d'\u00c9chenon, de Saint-Jean-de-Losne\net de Saint-Usage\n108\nPr\u00e9fecture de la C\u00f4te-d'Or - 21-2025-06-05-00002 - Arr\u00eat\u00e9 pr\u00e9fectoral autorisant l'enregistrement audiovisuel des interventions des\nagents de\nla police municipale des communes d'\u00c9chenon, de Saint-Jean-de-Losne\net de Saint-Usage\n109\nVU la convention communale de coordination entre la police municipale de SAINT-JEAN-DE-LOSNE et les forces de s\u00e9curit\u00e9 de l'\u00c9tat, sign\u00e9e le 23 septembre 2023 ;VU la convention communale de coordination entre la police municipale d'\u00c9CHENON et lesforces de s\u00e9curit\u00e9 de I'Etat, sign\u00e9e le 27 juin 2024 ;VU la convention communale de coordination entre la police municipale de SAINT-USAGE etles forces de s\u00e9curit\u00e9 de l'\u00c9tat, sign\u00e9e le 23 septembre 2024 ;VU la convention de mise en commun des agents d'un service de police municipale et deleurs \u00e9quipements conclue le 26 juin 2024 entre les maires de \u00c9CHENON, SAINT-JEAN-DE-LOSNE et SAINT-USAGE ;\nARR\u00caTE\nArticle 1\u00b0\"L'enregistrement audiovisuel des interventions de l'agent de police municipale descommunes d'\u00c9CHENON, de SAINT-JEAN-DE-LOSNE et de SAINT-USAGE est autoris\u00e9 aumoyen d'une cam\u00e9ra individuelle.Article 2Le public est inform\u00e9 de l'\u00e9quipement de l'agent de police municipale des communesd'\u00c9CHENON, de SAINT-JEAN-DE-LOSNE et de SAINT-USAGE d'une cam\u00e9ra individuelle etdes modalit\u00e9s d'acc\u00e9s aux images.Article 3Les enregistrements sont conserv\u00e9s pendant une dur\u00e9e de 6 mois. \u00c0 l'issue de ce d\u00e9lai, ilssont d\u00e9truits.Article 4D\u00e8s notification du pr\u00e9sent arr\u00e9t\u00e9, les maires des communes d'\u00c9CHENON, de SAINT-JEAN-DE-LOSNE et de SAINT-USAGE adressent \u00e0 la commission nationale de l'informatique et deslibert\u00e9s (CNIL) Un engagement de conformit\u00e9 aux dispositions du d\u00e9cret du 27 f\u00e9vrier 2019susvis\u00e9.L'enregistrement audiovisuel des interventions de l'agent de police municipale autoris\u00e9 par lepr\u00e9sent arr\u00eat\u00e9 ne peut \u00eatre mis en \u0153uvre qu'apres r\u00e9ception du r\u00e9c\u00e9piss\u00e9 de la CNIL.\nPr\u00e9fecture de la C\u00f4te-d'Or - 21-2025-06-05-00002 - Arr\u00eat\u00e9 pr\u00e9fectoral autorisant l'enregistrement audiovisuel des interventions des\nagents de\nla police municipale des communes d'\u00c9chenon, de Saint-Jean-de-Losne\net de Saint-Usage\n110\nArticle 5La pr\u00e9sente autorisation est publi\u00e9e au recueil des actes administratifs de la pr\u00e9fecture de laC\u00f4te-d'Or.Article 6Toute modification portant sur le nombre de cam\u00e9ra individuelle doit faire l'objet d''unedemande d''autorisation aupr\u00e8s des services pr\u00e9fectoraux.Article 7La sous-pr\u00e9f\u00e8te, directrice de cabinet du pr\u00e9fet de la r\u00e9gion Bourgogne-France-Comt\u00e9, pr\u00e9fetde la C\u00f4te-d'Or et Mesdames et Monsieur les maires des communes d'\u00c9CHENON, de SAINT-JEAN-DE-LOSNE et de SAINT-USAGE sont charg\u00e9s, chacun en ce qui le concerne, del'ex\u00e9cution du pr\u00e9sent arr\u00eat\u00e9 dont copie sera adress\u00e9e \u00e0 Monsieur le procureur de laR\u00e9publique.\nLe pr\u00e9fet,\n. \u00c7signe\nPaul MOURIER\nLe pr\u00e9sent arr\u00e9t\u00e9 peut \u00eatre contest\u00e9 selon les voies de recours et dans les d\u00e9lais mentionn\u00e9s ci-dessous. Dans les deux mois \u00e0compter de la notification de la pr\u00e9sente d\u00e9cision les recours suivants peuvent \u00e9tre introduits :- Un recours gracieux adress\u00e9 \u00e0 : pr\u00e9fecture de la C\u00f4te-d'Or - direction des s\u00e9curit\u00e9s - bureau de la d\u00e9fense et de la s\u00e9curit\u00e9 - 53rue de la Pr\u00e9fecture - 21041 Dijon cedex- un recours hi\u00e9rarchique adress\u00e9 \u00e0 M. le ministre de l'Int\u00e9rieur - secr\u00e9tariat G\u00e9n\u00e9ral - place Beauvau -75800 Paris Cedex 08- Un recours contentieux adress\u00e9 au tribunal administratif de Dijon - 22 rue d'Assas - BP 61616 - 21016 Dijon CedexLe tribunal administratif peut \u00eatre saisi par un recours d\u00e9pos\u00e9 via l'application T\u00e9l\u00e9recours Citoyens, accessible par le siteinternet www.telerecours.fr. Ce recours juridictionnel doit \u00eatre d\u00e9pos\u00e9 au plus tard avant l'expiration du 2\u00b0\"\u00b0 mois suivant ladate de notification de la d\u00e9cision contest\u00e9e (ou bien du 2\u00b0TM mois suivant la date du rejet du recours gracieux hi\u00e9rarchique).\nPr\u00e9fecture de la C\u00f4te-d'Or - 21-2025-06-05-00002 - Arr\u00eat\u00e9 pr\u00e9fectoral autorisant l'enregistrement audiovisuel des interventions des\nagents de\nla police municipale des communes d'\u00c9chenon, de Saint-Jean-de-Losne\net de Saint-Usage\n111\nPr\u00e9fecture de la C\u00f4te-d'Or\nDirection des s\u00e9curit\u00e9s\n21-2025-06-05-00006\nArr\u00eat\u00e9 pr\u00e9fectoral N\u00b0 792 portant interdiction\nde rassemblements festifs \u00e0 caract\u00e8re musical et\ninterdiction de circulation de tout v\u00e9hicule\ntransportant du mat\u00e9riel de son \u00e0 destination\nd'un rassemblement festif \u00e0 caract\u00e8re musical\nnon autoris\u00e9\nPr\u00e9fecture de la C\u00f4te-d'Or - 21-2025-06-05-00006 - Arr\u00eat\u00e9 pr\u00e9fectoral N\u00b0 792 portant interdiction de rassemblements festifs \u00e0\ncaract\u00e8re musical et interdiction de circulation de tout v\u00e9hicule transportant du mat\u00e9riel de son \u00e0 destination d'un rassemblement\nfestif \u00e0 caract\u00e8re musical non autoris\u00e9\n112\nExPREFETDE LACOTE-D'ORLibert\u00e9Egalit\u00e9Fraternit\u00e9\nDirection des s\u00e9curit\u00e9s\nBureau d\u00e9fense et s\u00e9curit\u00e9\nDijon, le 5 juin 2025\nArr\u00eat\u00e9 pr\u00e9fectoral N\u00b0 792\nportant interdiction de rassemblements festifs \u00e0 caract\u00e8re musical et interdiction de circulation\nde tout v\u00e9hicule transportant du mat\u00e9riel de son \u00e0 destination d'un rassemblement festif\n\u00e0 caract\u00e8re musical non autoris\u00e9\nLe pr\u00e9fet de la C\u00f4te-d'Or\nVU le code de la s\u00e9curit\u00e9 int\u00e9rieure, notamment ses articles L. 211-5 et suivants, R. 211-2 et suivants et\nR. 211-27 et suivants ;\nVU le code g\u00e9n\u00e9ral des collectivit\u00e9s territoriales, notamment l'article L. 2215-1 ;\nVU le code p\u00e9nal ;\nVU le code de la route ;\nVU le code de la voirie routi\u00e8re ;\nVU le d\u00e9cret n\u00b02004-374 du 29 avril 2004 modifi\u00e9 relatif aux pouvoirs des pr\u00e9fets, \u00e0 l'organisation et \u00e0\nl'action des services de l'\u00c9tat dans les r\u00e9gions et d\u00e9partements ;\nVU  l'arr\u00eat\u00e9  pr\u00e9fectoral  n\u00b0  443/SG  du  17  mars  2025  donnant  d\u00e9l\u00e9gation  de  signature  \u00e0  madame\nAur\u00e9lie CONTRECIVILE, sous-pr\u00e9f\u00e8te, directrice de cabinet du pr\u00e9fet de la r\u00e9gion Bourgogne-Franche-\nComt\u00e9, pr\u00e9fet de la C\u00f4te-d'Or ;\nCONSID\u00c9RANT que  des  organisateurs  pr\u00e9voient  r\u00e9guli\u00e8rement  des  \u00ab free-party \u00bb  pouvant  regrouper\nplusieurs centaines de participants dans le d\u00e9partement de la C\u00f4te-d'Or  ; qu'\u00e0 titre d'exemples, de tels\nrassemblements ont eu lieu ou ont tent\u00e9 de se tenir le 8 avril 2023 \u00e0 Corpoyer-la-Chapelle, le 13  mai 2023\n\u00e0 Auxey-Duresses, le 16 juin 2023 \u00e0 Antheuil, le 2 septembre 2023 \u00e0 Vielverge, le 9  septembre 2023 \u00e0\nFontennelle, le 28 septembre 2024 \u00e0 C\u00eeteaux, le 26 octobre 2024 \u00e0 Semezanges, le 9 novembre 2024 \u00e0\nMeloisey, le 16 novembre 2024 \u00e0 Perrigny-sur-l'Ognon et le 29 novembre 2024 \u00e0 Mavilly-Mandelot ;\nCONSID\u00c9RANT que,  selon  les  \u00e9l\u00e9ments  d'information  disponibles,  des  rassemblements  festifs  \u00e0\ncaract\u00e8re musical r\u00e9pondant \u00e0 l'ensemble des caract\u00e9ristiques \u00e9nonc\u00e9es par les dispositions de l'article\nR. 211-2 du code de la s\u00e9curit\u00e9 int\u00e9rieure, pouvant regrouper plusieurs centaines de participant s, sont\nsusceptibles d'\u00eatre organis\u00e9s dans le d\u00e9partement de la C\u00f4te-d'Or le week-end du vendredi 6 juin 2025\nau lundi 09 juin 2025 inclus  ; qu'un appel \u00e0 rassemblement de type F ree Party a \u00e9t\u00e9 d\u00e9tect\u00e9 sur les\nr\u00e9seaux laissant craindre qu'un \u00e9v\u00e9nement d'ampleur pourrait se tenir sur le d\u00e9partement de la C\u00f4te-\nd'Or ;\nCONSID\u00c9RANT qu'en application des dispositions de l'article L. 211-5 du code de la s\u00e9curit\u00e9 int\u00e9rieure,\nce  type  de  rassemblement  est  soumis  \u00e0  l'obligation  de  d\u00e9claration  pr\u00e9alable  aupr\u00e8s  du  pr\u00e9fet  de\nd\u00e9partement,  pr\u00e9cisant  le  nombre  pr\u00e9visible  de  participants  ainsi  que  les  mesures  envisag\u00e9es  par\nl'organisateur pour garantir la s\u00e9curit\u00e9, la salubrit\u00e9, l'hygi\u00e8ne et la tranquillit\u00e9 publiques ;\nCONSID\u00c9RANT qu'aucune d\u00e9claration pr\u00e9alable n'a \u00e9t\u00e9 d\u00e9pos\u00e9e aupr\u00e8s du pr\u00e9fet de la C\u00f4te-d'Or  ; que\nl'organisateur n'est pas identifi\u00e9 e t que les terrains sur lesquels sont susceptibles de se d\u00e9rouler ces\nrassemblements ne sont pas connus ;\nPr\u00e9fecture de la C\u00f4te-d'Or - 21-2025-06-05-00006 - Arr\u00eat\u00e9 pr\u00e9fectoral N\u00b0 792 portant interdiction de rassemblements festifs \u00e0\ncaract\u00e8re musical et interdiction de circulation de tout v\u00e9hicule transportant du mat\u00e9riel de son \u00e0 destination d'un rassemblement\nfestif \u00e0 caract\u00e8re musical non autoris\u00e9\n113\nCONSID\u00c9RANT que ce type de rassemblement regroupant un grand nombre de participants peut\nprovoquer des troubles \u00e0 l'ordre public qu'ils soient li\u00e9s \u00e0 l'augmentation du risque de conduite sous\nl'emprise  d'alcool  ou  de  stup\u00e9fiants  ou  encore  \u00e0  la  g\u00eane  occasionn\u00e9e  par  le  niveau  sonore\nextr\u00eamement \u00e9lev\u00e9 de la musique diffus\u00e9e ; que les moyens appropri\u00e9s en mati\u00e8re de lutte contre\nl'incendie et de secours aux personnes, ainsi qu'en mati\u00e8re de s\u00e9curit\u00e9 sanitaire et routi\u00e8re ne peuvent\n\u00eatre r\u00e9unis ;\nCONSID\u00c9RANT que dans ces circonstances, ces rassemblements sont de nature \u00e0 provoquer des\ntroubles graves \u00e0 l'ordre public  ; que leur interdiction, qui est strictement n\u00e9cessaire et proportionn\u00e9e\naux objectifs poursuivis, est seule de nature \u00e0 pr\u00e9venir efficacement ces troubles ;\nCONSID\u00c9RANT qu'en  l'absence  d'identification  du  lieu  g\u00e9ographique  susceptible  d'accueillir  les\nrassemblements festifs \u00e0 caract\u00e8re musical envisag\u00e9s, et afin de donner un effet utile \u00e0 l'interdiction, il\ny  a  lieu  d'interdire,  sauf  motif  l\u00e9gitime,  la  circulation  des  v\u00e9hicules  transportant  du  mat\u00e9riel  de\nsonorisation sur l'ensemble des r\u00e9seaux routiers du d\u00e9partement de la C\u00f4te-d'Or ;\nSUR proposition de madame la directrice de cabinet du pr\u00e9fet de la r\u00e9gion Bourgogne-Franche-Comt\u00e9,\npr\u00e9fet de la C\u00f4te-d'Or,\nARR\u00caTE\nArticle  1er :  Les  rassemblements  festifs  \u00e0  caract\u00e8re  musical  r\u00e9pondant  \u00e0  l'ensemble  des\ncaract\u00e9ristiques  \u00e9nonc\u00e9es  \u00e0  l'article  R.  211-2  du  code  de  la  s\u00e9curit\u00e9  int\u00e9rieure,  autres  que  ceux\nl\u00e9galement  d\u00e9clar\u00e9s ou autoris\u00e9s, sont interdits sur l'ensemble du d\u00e9partement de la C\u00f4te-d'Or du\nvendredi 6 juin 2025 \u00e0 16h00 au mardi 10 juin 2025 \u00e0 08h00.\nArticle  2 :  La  circulation  de  tout  v\u00e9hicule  transportant  du  mat\u00e9riel  de  sonorisation  (notamment\n\u00ab sound system  \u00bb et amplificateurs) \u00e0 destination d'un rassemblement festif \u00e0 caract\u00e8re musical non\nautoris\u00e9 est interdite sur l'ensemble des r\u00e9seaux routiers du d\u00e9partement de la C\u00f4te-d'Or du vendredi\n6 juin 2025 \u00e0 16h00 au mardi 10 juin 2025 \u00e0 08h00.\nArticle 3 : Toute infraction au pr\u00e9sent arr\u00eat\u00e9 est passible des sanctions pr\u00e9vues par l'article R. 211-27\ndu code de la s\u00e9curit\u00e9 int\u00e9rieure et peut donner lieu \u00e0 la saisie du mat\u00e9riel en vue de sa confiscation\npar le tribunal.\nArticle 4 : Le secr\u00e9taire g\u00e9n\u00e9ral de la pr\u00e9fecture de la C\u00f4te-d'Or, la directrice de cabinet du pr\u00e9fet de\nla r\u00e9gion Bourgogne-Franche-Comt\u00e9, pr\u00e9fet de la C\u00f4te-d'Or, le G\u00e9n\u00e9ral, commandant la r\u00e9gion de\ngendarmerie  de  Bourgogne-Franche-Comt\u00e9,  commandant  le  groupement  de  gendarmerie\nd\u00e9partementale de la C\u00f4te-d'Or et le directeur interd\u00e9partemental de la police nationale de la C\u00f4te-\nd'Or sont charg\u00e9s, chacun en ce qui le concerne, de l'ex\u00e9cution du pr\u00e9sent arr\u00eat\u00e9 qui sera publi\u00e9 au\nrecueil des actes administratifs de la pr\u00e9fecture, et adress\u00e9 pour copie \u00e0 monsieur le procureur de la\nR\u00e9publique pr\u00e8s le tribunal judiciaire de Dijon.\nFait \u00e0 Dijon, le 5 juin 2025\nLe pr\u00e9fet,\nPour le pr\u00e9fet et par d\u00e9l\u00e9gation,\nLa sous-pr\u00e9f\u00e8te, directrice de cabinet,\nORIGNAL SIGN\u00c9\nAur\u00e9lie CONTRECIVILE\nD\u00e9lais et voies de recours     :  \nLe pr\u00e9sent arr\u00eat\u00e9 peut faire l'objet, dans un d\u00e9lai de deux mois \u00e0 compter de sa publication :\n- Soit d'un recours gracieux devant le pr\u00e9fet de la C\u00f4te-d'Or ou d'un recours hi\u00e9rarchique aupr\u00e8s du Ministre de l'int\u00e9rieur.\n- Soit d'un recours contentieux devant le tribunal administratif de Dijon (22 Rue d'Assas, 21000 Dijon). La juridiction administrative\ncomp\u00e9tente peut \u00eatre saisie par l'application T\u00e9l\u00e9recours citoyens, accessible \u00e0 partir du site www.telerecours.fr.\nDans le cas du rejet d'un recours gracieux ou hi\u00e9rarchique, le tribunal administratif peut \u00eatre saisi dans un d\u00e9lai de deux mois \u00e0 compter\nde la date de la d\u00e9cision de rejet.\nPr\u00e9fecture de la C\u00f4te-d'Or - 21-2025-06-05-00006 - Arr\u00eat\u00e9 pr\u00e9fectoral N\u00b0 792 portant interdiction de rassemblements festifs \u00e0\ncaract\u00e8re musical et interdiction de circulation de tout v\u00e9hicule transportant du mat\u00e9riel de son \u00e0 destination d'un rassemblement\nfestif \u00e0 caract\u00e8re musical non autoris\u00e9\n114","date":"2025-06-06","first_seen_on":"2025-09-14T04:37:42+00:00","id":"c891b76182fab83454d61b82eed4b7d696d262bb837875f41e0839777e633291","name":"RAA n\u00b0 077 du 06 juin 2025","pdf_creation_date":"2025-06-06T09:01:44+00:00","pdf_modification_date":null,"timezone":"Europe/Paris","url":"https://www.cote-dor.gouv.fr/contenu/telechargement/23505/178960/file/recueil-21-2025-077-recueil-des-actes-administratifs-special.pdf"}
