{"administration":"pref83","administration_name":"Pr\u00e9fecture du Var","content":"VAR\nRECUEIL DES ACTES\nADMINISTRATIFS\nN\u00b083-2025-425\nPUBLI\u00c9 LE 17 D\u00c9CEMBRE 2025\nSommaire\nDirection d\u00e9partementale des finances publiques du Var /\n83-2025-12-15-00007 - Liste des CDS b\u00e9n\u00e9ficiant de la d\u00e9l\u00e9gation\nautomatique au 1er janvier 2026 (2 pages) Page 3\n83-2025-12-11-00016 - Mandat parquet L. Malet (1 page) Page 6\nDirection d\u00e9partementale des territoires et de la mer du Var / Service\nagriculture et for\u00eat de la DDTM\n83-2025-12-16-00004 - arr\u00eat\u00e9 pr\u00e9fectoral autorisant des battues\nadministratives aux sangliers (1 page) Page 8\n83-2025-12-15-00004 - arr\u00eat\u00e9 pr\u00e9fectoral autorisant des battues\nadministratives aux sangliers (1 page) Page 10\n83-2025-12-15-00005 - arr\u00eat\u00e9 pr\u00e9fectoral autorisant des battues\nadministratives aux sangliers (1 page) Page 12\nDirection d\u00e9partementale des territoires et de la mer du Var / Service eau\net biodiversit\u00e9 de la DDTM\n83-2025-12-16-00005 - Arr\u00eat\u00e9 pr\u00e9fectoral n\u00b0 DDTM / SEBIO / 2025-179\ndu 16 d\u00e9cembre 2025 portant d\u00e9claration d'existence des\npr\u00e9l\u00e8vements d'eau \u00e0 des fins d'irrigation agricole pour le GAEC\nVALENTINS - Commune de la Roque-Esclapon - Dossier n\u00b0 2820 (4\npages) Page 14\n83-2025-12-16-00006 - Arr\u00eat\u00e9 pr\u00e9fectoral n\u00b0 DDTM / SEBIO /2025-180\ndu 16 d\u00e9cembre 2025 portant d\u00e9claration d'existence des\npr\u00e9l\u00e8vements d'eau \u00e0 des fins d'irrigation agricole pour le\nDomaine Terres Destel - Commune de Saint-Rapha\u00ebl -- dossier n\u00b0\n2821\n (4 pages) Page 19\nPr\u00e9fecture du VAR / Direction de la coordination des politiques publiques\net de l'appui territorial\n83-2025-12-17-00003 - ARR\u00caT\u00c9 PR\u00c9FECTORAL n\u00b0 2025/74/MCI du 17\nd\u00e9cembre 2025\nportant d\u00e9l\u00e9gation de signature \u00e0 Mme\nAnne-Cecile VIALLE,\nsous-pr\u00e9f\u00e8te de l'arrondissement de\nBRIGNOLES (5 pages) Page 24\n83-2025-12-17-00002 - ARR\u00caT\u00c9 PR\u00c9FECTORAL n\u00b02025/73/MCI du 17\nd\u00e9cembre 2025\nportant d\u00e9l\u00e9gation de signature \u00e0 Mme Myriam\nGARCIA,\nsous-pr\u00e9f\u00e8te de l'arrondissement de DRAGUIGNAN. (8\npages) Page 30\n83-2025-12-17-00004 - ARR\u00caT\u00c9 PR\u00c9FECTORAL N\u00b02025/75/MCI du 17\nd\u00e9cembre 2025\nportant d\u00e9l\u00e9gation de signature \u00e0\nMme\nJos\u00e9phine GUIGLIANO-BOUTONNET, directrice de Cabinet du pr\u00e9fet\ndu Var (8 pages) Page 39\n2\nDirection d\u00e9partementale des finances\npubliques du Var\n83-2025-12-15-00007\nListe des CDS b\u00e9n\u00e9ficiant de la d\u00e9l\u00e9gation\nautomatique au 1er janvier 2026\nDirection d\u00e9partementale des finances publiques du Var - 83-2025-12-15-00007 - Liste des CDS b\u00e9n\u00e9ficiant de la d\u00e9l\u00e9gation\nautomatique au 1er janvier 2026 3\nExREPUBLIQUEFRAN\u00c7AISELibert\u00e9Egalit\u00e9Fraternit\u00e9\nTFINANCES PUBLIQUES\nCS 91409\n83056 TOULON CEDEX\nListe des responsables de service au  1er janvier 2026 disposant de la d\u00e9l\u00e9gation de signature\nen mati\u00e8re de contentieux et de gracieux fiscal pr\u00e9vue par le III \nde l'article 408 de l'annexe II du CGI\nServices concern\u00e9s Nom et pr\u00e9nom du chef de service\nServices des imp\u00f4ts des\nparticuliers\nBrignoles J\u00e9r\u00f4me BOURRELY\nDraguignan Jean-Louis ROUFFILANGE \nFr\u00e9jus Laurent-Claude CHAUVET\nHy\u00e8res Corinne LOUVAT\nToulon Pierre-Andr\u00e9 SORIA\nLa Seyne-sur Mer Christine LESIEUR\nServices des imp\u00f4ts des \nentreprises\nBrignoles Thierry MONNOT\nDraguignan Thierry STIMPLING\nFr\u00e9jus Marie-Josephe MERCIER\nHy\u00e8res Pascale SEVERAC\nToulon Sandrine AUREILLE\nLa Seyne-sur Mer St\u00e9phane GOUY\nP\u00f4le de recouvrement sp\u00e9cialis\u00e9\ndu Var Toulon Christophe AMALRIC\nService d\u00e9partemental des\nimp\u00f4ts fonciers Var Yves MAH\u00c9\nServices de publicit\u00e9 fonci\u00e8re\net de l'enregistrement\nDraguignan Denis ARNAUD\nToulon Laurence NOEL\nDIRECTION D\u00c9PARTEMENTALE\nDES FINANCES PUBLIQUES DU VAR\nDirection d\u00e9partementale\ndes Finances publiques du Var\nMission Strat\u00e9gie \u2013 Relations aux publics \u2013 Cabinet \nCommunication\nPlace de Besagne \u2013 Centre Mayol\nDirection d\u00e9partementale des finances publiques du Var - 83-2025-12-15-00007 - Liste des CDS b\u00e9n\u00e9ficiant de la d\u00e9l\u00e9gation\nautomatique au 1er janvier 2026 4\nServices concern\u00e9s Nom et pr\u00e9nom du chef de service\nBrigades de v\u00e9rification\n1\u00e8re brigade Marie-Th\u00e9r\u00e8se BOULLOY REZZOUG\n2\u00e8me brigade Cristel ESCUDIE\n3\u00e8me brigade Oph\u00e9lie FOULON\n4\u00e8me brigade Carima DJEGHMOUNE\n5\u00e8me brigade Laurent MALET\nPCRP\nEst Var Catherine BISCAHIE\nOuest Var Aur\u00e9lien BERNARD\nPCE\nEst Var Emmanuel CAFFIER \nOuest Var Corinne LE YONDRE\nFait \u00e0 Toulon, le  15 d\u00e9cembre 2025\nLe Directeur d\u00e9partemental des Finances publiques,\nSign\u00e9\nJean-Michel BLANCHARD\nDirection d\u00e9partementale des finances publiques du Var - 83-2025-12-15-00007 - Liste des CDS b\u00e9n\u00e9ficiant de la d\u00e9l\u00e9gation\nautomatique au 1er janvier 2026 5\nDirection d\u00e9partementale des finances\npubliques du Var\n83-2025-12-11-00016\nMandat parquet L. Malet\nDirection d\u00e9partementale des finances publiques du Var - 83-2025-12-11-00016 - Mandat parquet L. Malet 6\nREPUBLIQUEFRANCAISELibert\u00e9Egalit\u00e9Fraternit\u00e9\nTFINANCES PUBLIQUES\nObjet : Repr\u00e9sentation  de la  Direction g\u00e9n\u00e9rale des  Finances publiques devant les\ninstances judiciaires.\nMANDAT\nJe soussign\u00e9, Jean-Michel BLANCHARD, Administrateur g\u00e9n\u00e9ral des Finances publiques, donne\nmandat g\u00e9n\u00e9ral \u00e0 M. Laurent MALET, Inspecteur princi pal des Finances publiques en r\u00e9sidence \u00e0\nToulon, \u00e0 effet de me repr\u00e9senter devant les instan ces judiciaires en qualit\u00e9 de repr\u00e9sentant de\npartie civile et d'effectuer en mon nom tout acte de proc\u00e9dure.\nLe Directeur d\u00e9partemental des Finances publiques du Var,\nSign\u00e9\nJean-Michel BLANCHARD\nDirection d\u00e9partementale des Finances \npubliques du Var\nMission Strat\u00e9gie, Relations aux publics, Cabinet-\nCommunication\nPOUR NOUS JOINDRE :\nR\u00e9ception : \nOu sur rendez-vous\nAffaire suivie par : Nathalie VIVANCOS\nT\u00e9l\u00e9phone : 0494038183\nMail  :  nathalie.vivancos@dgfip.finances.gouv.fr\n\u00c9MONSIEUR LE PROCUREUR DE LA R PUBLIQUE\nPRES DU TRIBUNAL DE GRANDE INSTANCE DE \nTOULON\n\u00c9PLACE GABRIEL P RI\nCS 90506\n83041 TOULON\nA Toulon, le 11/12/2025\nDirection d\u00e9partementale des finances publiques du Var - 83-2025-12-11-00016 - Mandat parquet L. Malet 7\nDirection d\u00e9partementale des territoires et de la\nmer du Var\n83-2025-12-16-00004\narr\u00eat\u00e9 pr\u00e9fectoral autorisant des battues\nadministratives aux sangliers\nDirection d\u00e9partementale des territoires et de la mer du Var - 83-2025-12-16-00004 - arr\u00eat\u00e9 pr\u00e9fectoral autorisant des battues\nadministratives aux sangliers 8\nDirection d\u00e9partementale\ndes territoires et de la mer du Var\nARR\u00caT\u00c9 PR\u00c9FECTORAL N\u00b0 DDTM/SAF/BCFSP/2025 \u2013 119 DU 16/12/2025\nAUTORISANT DES BATTUES ADMINISTRATIVES AUX SANGLIERS\nLe pr\u00e9fet,\nVU le code de l'environnement et notamment ses articles L. 427-1 \u00e0 -7, R. 427-1 \u00e0 -3 ;\nVU l'arr\u00eat\u00e9 minist\u00e9riel du 27 mars 1973, fixant les modalit\u00e9s d'application de la loi du\n9 juillet 1971 ;\nVU l'arr\u00eat\u00e9 pr\u00e9fectoral du 22 novembre 2024 relatif \u00e0 la nomination des Lieutenants\nde Louveterie pour la p\u00e9riode 2025-2029 ;\nVU  l'arr\u00eat\u00e9  pr\u00e9fectoral  n\u00b02025/25/MCI  du  2  juin  2025  portant  d\u00e9l\u00e9gation  de\nsignature \u00e0 M. Laurent Boulet, directeur d\u00e9partemental des territoires et de la mer ;\nVU  l'arr\u00eat\u00e9  pr\u00e9fectoral  n\u00b0DDTM/MPCA/  2025-04  du  5  juin  2025  donnant\nsubd\u00e9l\u00e9gation  de  signature  \u00e0  des  agents  de  la  direction  d\u00e9partementale  des\nterritoires et de la mer du Var ;\nCONSID\u00c9RANT l'importance des d\u00e9g\u00e2ts de sangliers commis sur la commune de La\nMartre ;\nSUR proposition du directeur d\u00e9partemental des territoires et de la mer ;\nARRETE\nARTICLE  1er\n :  des  battues  administratives  aux  sangliers  seront effectu\u00e9es  sur  la\ncommune de La Martre, dans la limite de deux par semaine. Cette mission est valable\npour une dur\u00e9e de deux mois \u00e0 compter de la signature du pr\u00e9sent arr\u00eat\u00e9.\nARTICLE 2     :    Nans Bellini, lieutenant de louveterie, est charg\u00e9 d'organiser et de diriger\nles battues. Cependant, pour l'exercice de celles-ci, il pourra s'adjoindre ou se faire\nremplacer par tout autre lieutenant de louveterie d\u00e9sign\u00e9 par l'arr\u00eat\u00e9 pr\u00e9fectoral du\n22 novembre 2024 susvis\u00e9.\nARTICLE  3\n : les  battues  pourront \u00eatre effectu\u00e9es avec  traqueurs  ou \u00e0 l'aide  des\nchiens ou les deux simultan\u00e9ment et s'exerceront en tous lieux \u00e0 l'exception des\nterrains clos et attenants \u00e0 une habitation. \nDans  le  cadre  de  ses  missions,  Nans  Bellini  pourra  \u00e9quiper  son  v\u00e9hicule\nd'intervention d'un gyrophare.\nARTICLE 4\n :  les sangliers abattus  seront partag\u00e9s entre tous les participants \u00e0 la\nbattue.\nARTICLE 5  \n   :    le lieutenant de louveterie pr\u00e9viendra au moins 24 heures \u00e0 l'avance de\nla date, de l'heure et du lieu du rendez-vous de la battue, le directeur d\u00e9partemental\ndes  territoires  et  de  la  mer,  le  pr\u00e9sident  de  la  f\u00e9d\u00e9ration  d\u00e9partementale  des\nchasseurs, le chef de la brigade de gendarmerie, le chef du service d\u00e9partemental de\nl'office fran\u00e7ais de la biodiversit\u00e9 et, lorsque la battue int\u00e9resse une for\u00eat soumise au\nr\u00e9gime forestier, le chef du service d\u00e9partemental de l'office national des for\u00eats.\nARTICLE 6 : le secr\u00e9taire g\u00e9n\u00e9ral de la pr\u00e9fecture du Var, le directeur d\u00e9partemental\ndes territoires et de la mer, Nans Bellini sont charg\u00e9s, chacun en ce qui les concerne,\nde l'ex\u00e9cution du pr\u00e9sent arr\u00eat\u00e9 dont une ampliation sera transmise au pr\u00e9sident de\nla f\u00e9d\u00e9ration d\u00e9partementale des chasseurs du Var, au commandant du groupement\nde  gendarmerie  du  Var,  au  commandant  de  la  brigade  de  gendarmerie\nterritorialement comp\u00e9tente, au chef du service d\u00e9partemental de l'office fran\u00e7ais\nde la biodiversit\u00e9, au pr\u00e9sident de l'association d\u00e9partementale des lieutenants de\nlouveterie et au maire de la commune de La Martre, pour affichage.\nFait \u00e0 Toulon, le 16/12/2025\nPour le pr\u00e9fet et par d\u00e9l\u00e9gation\nLa cheffe du service agriculture et for\u00eat\nSign\u00e9\nAnne Rabault\nDestinataires :\n- Nans Bellini, Louvetier,\n- le pr\u00e9sident de l'association \nd\u00e9partementale de la louveterie du Var,\n- le commandant de la brigade de \ngendarmerie,\n- l'O.F.B,\n- la F.D.C.V.\n- Le maire de La Martre\nDirection d\u00e9partementale des territoires et de la mer du Var - 83-2025-12-16-00004 - arr\u00eat\u00e9 pr\u00e9fectoral autorisant des battues\nadministratives aux sangliers 9\nDirection d\u00e9partementale des territoires et de la\nmer du Var\n83-2025-12-15-00004\narr\u00eat\u00e9 pr\u00e9fectoral autorisant des battues\nadministratives aux sangliers\nDirection d\u00e9partementale des territoires et de la mer du Var - 83-2025-12-15-00004 - arr\u00eat\u00e9 pr\u00e9fectoral autorisant des battues\nadministratives aux sangliers 10\nPREFETDU VARLibert\u00e9Egalit\u00e9Fraternit\u00e9\nLa Cheffe du ServiceAgriculture et For\u00eatAnn ULT\nDirection d\u00e9partementale\ndes territoires et de la mer du Var\nARR\u00caT\u00c9 PR\u00c9FECTORAL DDTM/SAF/BCFSP/N\u00b0118 \u2013 2025 DU 15/12/2025\nAUTORISANT DES BATTUES ADMINISTRATIVES AUX SANGLIERS\nLe pr\u00e9fet du Var,\nVU le code de l'environnement, et notamment ses articles L. 427-1 \u00e0-7 , R. 427-1 \u00e0-3 ;\nVU l'arr\u00eat\u00e9 minist\u00e9riel du 27 mars 1973, fixant les modalit\u00e9s d'application de la loi du 9  \njuillet 1971 ;\nVU l'arr\u00eat\u00e9 pr\u00e9fectoral du 22 novembre 2024 relatif \u00e0 la nomination des Lieutenants de  \nLouveterie pour la p\u00e9riode 2025-2029 ;\nVU l'arr\u00eat\u00e9 pr\u00e9fectoral n\u00b02025/25/MCI du 2 juin 2025 portant d\u00e9l\u00e9gation de signature \u00e0 M.  \nLaurent Boulet, directeur d\u00e9partemental des territoires et de la mer ;\nVU l'arr\u00eat\u00e9 pr\u00e9fectoral n\u00b0DDTM/MPCA/ 2025-04 du 5 juin 2025 donnant subd\u00e9l\u00e9gation de  \nsignature \u00e0 des agents de la direction d\u00e9partementale des territoires et de la mer du Var ;\nCONSID\u00c9RANT l'importance des d\u00e9g\u00e2ts de gibiers commis sur  la commune du  Revest-les-\nEaux ;\nSUR proposition du directeur d\u00e9partemental des territoires et de la mer ;\nARR\u00caTE\nARTICLE 1er : des battues administratives aux sangliers seront effectu\u00e9es sur la commune \ndu Revest-les-Eaux, dans la limite de deux par semaine. Cette mission est valable pour une  \ndur\u00e9e de deux mois \u00e0 compter de la signature du pr\u00e9sent arr\u00eat\u00e9.\nARTICLE 2 : M. Medard Jean-Pierre , lieutenant de louveterie, est charg\u00e9 d'organiser et de  \ndiriger les battues. Cependant, pour l'exercice de celles-ci, il pourra s'adjoindre ou se faire  \nremplacer par tout autre lieutenant de louveterie d\u00e9sign\u00e9 par l'arr\u00eat\u00e9 pr\u00e9fectoral du 22  \nnovembre 2024 susvis\u00e9.\nARTICLE 3 : les battues pourront \u00eatre effectu\u00e9es avec traqueurs ou \u00e0 l'aide des chiens ou  \nles deux simultan\u00e9ment et s'exerceront en tous lieux \u00e0 l'exception des terrains clos et  \nattenants \u00e0 une habitation.\nDans  le  cadre  de  ses  missions,  M.  Medard  Jean-Pierre pourra  \u00e9quiper  son  v\u00e9hicule \nd'intervention d'un gyrophare.\nARTICLE 4 : les sangliers abattus seront partag\u00e9s entre tous les participants \u00e0 la battue.\nARTICLE 5     :   le lieutenant de louveterie pr\u00e9viendra au moins 24 heures \u00e0 l'avance de la date, \nde  l'heure  et  du  lieu  du  rendez-vous  de  la  battue,  le  directeur  d\u00e9partemental  des \nterritoires et de la mer, le pr\u00e9sident de la f\u00e9d\u00e9ration d\u00e9partementale des chasseurs, le chef \ndu service d\u00e9partemental de l'office fran\u00e7ais de la biodiversit\u00e9, le chef de la brigade de  \ngendarmerie et lorsque la battue int\u00e9resse une for\u00eat soumise au r\u00e9gime forestier, le chef  \ndu service d\u00e9partemental de l'office national des for\u00eats.\nARTICLE 6 : Le pr\u00e9sent arr\u00eat\u00e9 peut faire l'objet d'un recours gracieux aupr\u00e8s de son auteur  \nou d'un recours contentieux devant le tribunal administratif de Toulon dans un d\u00e9lai de  \ndeux mois suivant sa publication. L'absence de r\u00e9ponse au recours gracieux dans un d\u00e9lai  \nde  deux  mois  vaut  rejet  implicite.  Le  rejet  du  recours  gracieux  peut  \u00e9galement  \u00eatre \ncontest\u00e9 devant le tribunal administratif de Toulon dans un d\u00e9lai de deux mois.\nARTICLE 7     :   le secr\u00e9taire g\u00e9n\u00e9ral de la pr\u00e9fecture du Var, le directeur d\u00e9partemental des  \nterritoires et de la mer, M. Medard Jean-Pierre sont charg\u00e9s, chacun en ce qui les concerne, \nde l'ex\u00e9cution du pr\u00e9sent arr\u00eat\u00e9 dont une ampliation sera transmise au pr\u00e9sident de la  \nf\u00e9d\u00e9ration  d\u00e9partementale  des  chasseurs  du  Var,  au  commandant  du  groupement  de \ngendarmerie  du  Var,  au  commandant  de  la  brigade  de  gendarmerie  territorialement \ncomp\u00e9tente, au chef du service d\u00e9partemental de l'office fran\u00e7ais de la biodiversit\u00e9, au  \npr\u00e9sident de l'association d\u00e9partementale des lieutenants de louveterie et au maire de la \ncommune du Revest-les-Eaux pour affichage,  et tous les agents ayant des fonctions de  \npolice judiciaire sont charg\u00e9s, chacun en ce qui le concerne, de l'ex\u00e9cution du pr\u00e9sent  \narr\u00eat\u00e9, qui sera publi\u00e9 au recueil des actes administratifs de la Pr\u00e9fecture.\nFait \u00e0 Toulon, le 15/12/2025\nPour le Pr\u00e9fet et par d\u00e9l\u00e9gation,\nDestinataires :\n- le Lieutenant de Louveterie \n- le Pr\u00e9sident de l'Association \nD\u00e9partementale des Lieutenants de \nLouveterie du Var ,\n- le Commandant du Groupement de \nGendarmerie,\n- l'O.F.B.\n- le pr\u00e9sident de la F.D.C.V.\n- le maire de la commune du Revest-les-\nEaux\nDirection d\u00e9partementale des territoires et de la mer du Var - 83-2025-12-15-00004 - arr\u00eat\u00e9 pr\u00e9fectoral autorisant des battues\nadministratives aux sangliers 11\nDirection d\u00e9partementale des territoires et de la\nmer du Var\n83-2025-12-15-00005\narr\u00eat\u00e9 pr\u00e9fectoral autorisant des battues\nadministratives aux sangliers\nDirection d\u00e9partementale des territoires et de la mer du Var - 83-2025-12-15-00005 - arr\u00eat\u00e9 pr\u00e9fectoral autorisant des battues\nadministratives aux sangliers 12\nPREFETDU VARLibert\u00e9Egalit\u00e9Fraternit\u00e9\nDirection d\u00e9partementale\ndes territoires et de la mer du Var\nARR\u00caT\u00c9 PR\u00c9FECTORAL DDTM/SAF/BCFSP/N\u00b0118 \u2013 2025 DU 15/12/2025\nAUTORISANT DES BATTUES ADMINISTRATIVES AUX SANGLIERS\nLe pr\u00e9fet du Var,\nVU le code de l'environnement, et notamment ses articles L. 427-1 \u00e0-7 , R. 427-1 \u00e0-3 ;\nVU l'arr\u00eat\u00e9 minist\u00e9riel du 27 mars 1973, fixant les modalit\u00e9s d'application de la loi du 9  \njuillet 1971 ;\nVU l'arr\u00eat\u00e9 pr\u00e9fectoral du 22 novembre 2024 relatif \u00e0 la nomination des Lieutenants de  \nLouveterie pour la p\u00e9riode 2025-2029 ;\nVU l'arr\u00eat\u00e9 pr\u00e9fectoral n\u00b02025/25/MCI du 2 juin 2025 portant d\u00e9l\u00e9gation de signature \u00e0 M.  \nLaurent Boulet, directeur d\u00e9partemental des territoires et de la mer ;\nVU l'arr\u00eat\u00e9 pr\u00e9fectoral n\u00b0DDTM/MPCA/ 2025-04 du 5 juin 2025 donnant subd\u00e9l\u00e9gation de  \nsignature \u00e0 des agents de la direction d\u00e9partementale des territoires et de la mer du Var ;\nCONSID\u00c9RANT l'importance des d\u00e9g\u00e2ts de gibiers commis sur la commune de Ollioules ;\nSUR proposition du directeur d\u00e9partemental des territoires et de la mer ;\nARR\u00caTE\nARTICLE 1er : des battues administratives aux sangliers seront effectu\u00e9es sur la commune \nde Ollioules, dans la limite de deux par semaine. Cette mission est valable pour une dur\u00e9e  \nde deux mois \u00e0 compter de la signature du pr\u00e9sent arr\u00eat\u00e9.\nARTICLE 2 : M. Medard Jean-Pierre , lieutenant de louveterie, est charg\u00e9 d'organiser et de  \ndiriger les battues. Cependant, pour l'exercice de celles-ci, il pourra s'adjoindre ou se faire  \nremplacer par tout autre lieutenant de louveterie d\u00e9sign\u00e9 par l'arr\u00eat\u00e9 pr\u00e9fectoral du 22  \nnovembre 2024 susvis\u00e9.\nARTICLE 3 : les battues pourront \u00eatre effectu\u00e9es avec traqueurs ou \u00e0 l'aide des chiens ou  \nles deux simultan\u00e9ment et s'exerceront en tous lieux \u00e0 l'exception des terrains clos et  \nattenants \u00e0 une habitation.\nDans  le  cadre  de  ses  missions,  M.  Medard  Jean-Pierre pourra  \u00e9quiper  son  v\u00e9hicule \nd'intervention d'un gyrophare.\nARTICLE 4 : les sangliers abattus seront partag\u00e9s entre tous les participants \u00e0 la battue.\nARTICLE 5     :   le lieutenant de louveterie pr\u00e9viendra au moins 24 heures \u00e0 l'avance de la date, \nde  l'heure  et  du  lieu  du  rendez-vous  de  la  battue,  le  directeur  d\u00e9partemental  des \nterritoires et de la mer, le pr\u00e9sident de la f\u00e9d\u00e9ration d\u00e9partementale des chasseurs, le chef \ndu service d\u00e9partemental de l'office fran\u00e7ais de la biodiversit\u00e9, le chef de la brigade de  \ngendarmerie et lorsque la battue int\u00e9resse une for\u00eat soumise au r\u00e9gime forestier, le chef  \ndu service d\u00e9partemental de l'office national des for\u00eats.\nARTICLE 6 : Le pr\u00e9sent arr\u00eat\u00e9 peut faire l'objet d'un recours gracieux aupr\u00e8s de son auteur  \nou d'un recours contentieux devant le tribunal administratif de Toulon dans un d\u00e9lai de  \ndeux mois suivant sa publication. L'absence de r\u00e9ponse au recours gracieux dans un d\u00e9lai  \nde  deux  mois  vaut  rejet  implicite.  Le  rejet  du  recours  gracieux  peut  \u00e9galement  \u00eatre \ncontest\u00e9 devant le tribunal administratif de Toulon dans un d\u00e9lai de deux mois.\nARTICLE 7     :   le secr\u00e9taire g\u00e9n\u00e9ral de la pr\u00e9fecture du Var, le directeur d\u00e9partemental des  \nterritoires et de la mer, M. Medard Jean-Pierre sont charg\u00e9s, chacun en ce qui les concerne, \nde l'ex\u00e9cution du pr\u00e9sent arr\u00eat\u00e9 dont une ampliation sera transmise au pr\u00e9sident de la  \nf\u00e9d\u00e9ration  d\u00e9partementale  des  chasseurs  du  Var,  au  commandant  du  groupement  de \ngendarmerie  du  Var,  au  commandant  de  la  brigade  de  gendarmerie  territorialement \ncomp\u00e9tente, au chef du service d\u00e9partemental de l'office fran\u00e7ais de la biodiversit\u00e9, au  \npr\u00e9sident de l'association d\u00e9partementale des lieutenants de louveterie et au maire de la \ncommune de Ollioules pour affichage,  et tous les agents ayant des fonctions de police  \njudiciaire sont charg\u00e9s, chacun en ce qui le concerne, de l'ex\u00e9cution du pr\u00e9sent arr\u00eat\u00e9, qui  \nsera publi\u00e9 au recueil des actes administratifs de la Pr\u00e9fecture.\nFait \u00e0 Toulon, le 15/12/2025\nPour le Pr\u00e9fet et par d\u00e9l\u00e9gation,\nLa cheffe du service agriculture et for\u00eat\nSign\u00e9\nAnne RABAULT\nDestinataires :\n- le Lieutenant de Louveterie \n- le Pr\u00e9sident de l'Association \nD\u00e9partementale des Lieutenants de \nLouveterie du Var ,\n- le Commandant du Groupement de \nGendarmerie,\n- l'O.F.B.\n- le pr\u00e9sident de la F.D.C.V.\n- le maire de la commune de Ollioules\nDirection d\u00e9partementale des territoires et de la mer du Var - 83-2025-12-15-00005 - arr\u00eat\u00e9 pr\u00e9fectoral autorisant des battues\nadministratives aux sangliers 13\nDirection d\u00e9partementale des territoires et de la\nmer du Var\n83-2025-12-16-00005\nArr\u00eat\u00e9 pr\u00e9fectoral n\u00b0 DDTM / SEBIO / 2025-179\ndu 16 d\u00e9cembre 2025 portant d\u00e9claration\nd'existence des pr\u00e9l\u00e8vements d'eau \u00e0 des fins\nd'irrigation agricole pour le GAEC VALENTINS -\nCommune de la Roque-Esclapon - Dossier n\u00b0\n2820\nDirection d\u00e9partementale des territoires et de la mer du Var - 83-2025-12-16-00005 - Arr\u00eat\u00e9 pr\u00e9fectoral n\u00b0 DDTM / SEBIO / 2025-179\ndu 16 d\u00e9cembre 2025 portant d\u00e9claration d'existence des pr\u00e9l\u00e8vements d'eau \u00e0 des fins d'irrigation agricole pour le GAEC\nVALENTINS - Commune de la Roque-Esclapon - Dossier n\u00b0 2820\n14\n=mPREFETDU VARLibert\u00e9Egalit\u00e9Fraternit\u00e9\nARR\u00caT\u00c9 PR\u00c9FECTORAL n\u00b0DDTM/SEBIO/2025-179 du 16 d\u00e9cembre 2025\nportant d\u00e9claration d'existence des pr\u00e9l\u00e8vements d'eau \u00e0 des fins d'irrigation agricole\npour le GAEC VALENTINS \u2013 Commune de la Roque-Esclapon \u2013 Dossier n\u00b02820\nLe pr\u00e9fet du Var,\nVu le code de l'environnement et notamment ses articles L.181-1 et suivants et R.181-1 et  \nsuivants, L.211-1 et suivants et R.211-1 et suivants, L.214-1 et suivants et R.214-1 et suivants ;\nVu le d\u00e9cret du Pr\u00e9sident de la R\u00e9publique du 15 mai 2025 portant nomination de M. Simon  \nBABRE, pr\u00e9fet du Var ;\nVu l'arr\u00eat\u00e9 pr\u00e9fectoral n\u00b0DDTM/MPCA/2022-08 du 22 d\u00e9cembre 2022 donnant subd\u00e9l\u00e9gation  \nde signature \u00e0 des agents de la Direction d\u00e9partementale des territoires et de la mer du Var ;\nVu l'arr\u00eat\u00e9  pr\u00e9fectoral  du  21  mars  2022  portant  approbation  du  sch\u00e9ma  directeur  \nd'am\u00e9nagement et de gestion des eaux du bassin Rh\u00f4ne-M\u00e9diterran\u00e9e ;\nVu la n\u00e9cessit\u00e9 pour le p\u00e9titionnaire de satisfaire \u00e0 ses obligations r\u00e9glementaires vis-\u00e0-vis de  \nson pr\u00e9l\u00e8vement ;\nConsid\u00e9rant que les \u00e9l\u00e9ments fournis par le p\u00e9titionnaire permettent d'estimer la nature et  \nles besoins des pr\u00e9l\u00e8vements ;\nSur proposition du directeur d\u00e9partemental des territoires et de la mer du Var :\nARR\u00caTE :\nArticle 1  er     :   D\u00e9claration d'existence\nIl est donn\u00e9 acte de la d\u00e9claration d'existence des pr\u00e9l\u00e8vements en eau du GEAC Valentins  \npar un forage, pour l'activit\u00e9 agricole et l'irrigation des parcelles agricoles dans un rayon de  \n1km au point forage.\nCe pr\u00e9l\u00e8vement rel\u00e8ve de l'article R.214-53 du code de l'environnement, et des rubriques  \n1.1.1.0 et 1.1.2.0 de la nomenclature annex\u00e9e \u00e0 l'article R.214-1 du code de l'environnement.\nArticle 2     :   \u00c9tat des installations et volumes pr\u00e9lev\u00e9s\n1/4\nDirection d\u00e9partementale\ndes territoires et de la mer du Var\nService eau et biodiversit\u00e9\nDirection d\u00e9partementale des territoires et de la mer du Var - 83-2025-12-16-00005 - Arr\u00eat\u00e9 pr\u00e9fectoral n\u00b0 DDTM / SEBIO / 2025-179\ndu 16 d\u00e9cembre 2025 portant d\u00e9claration d'existence des pr\u00e9l\u00e8vements d'eau \u00e0 des fins d'irrigation agricole pour le GAEC\nVALENTINS - Commune de la Roque-Esclapon - Dossier n\u00b0 2820\n15\nLe GEAC Valentins est propri\u00e9taire et gestionnaire du forage situ\u00e9 sur la parcelle 000/0A/0208, \n32  chemin  des  fourches,  83840  La  Roque  Esclapon,  et  aux  coordonn\u00e9es  Lambert93  X : \n991703,63 ; Y : 6298027 ,09.\nLe point de pr\u00e9l\u00e8vement est constitu\u00e9 par un forage localis\u00e9 dans la masse d'eau FRDG139  \n\u00ab Plateaux calcaires des Plans de Canjuers, de Tavernes-Vinon et Bois Pelenq \u00bb.\nL'entretien, la r\u00e9paration des installations, ainsi que le suivi des volumes pr\u00e9lev\u00e9s est assur\u00e9  \npar le propri\u00e9taire du GEAC Valentins, Monsieur Louis BELISAIRE.\nLe  p\u00e9titionnaire  assume  \u00e9galement  la  mise  en  \u0153uvre  des  mesures  de  restriction  ou  \nd'interdiction d'usage de l'eau par voie d'arr\u00eat\u00e9 municipal ou pr\u00e9fectoral.\nLes activit\u00e9s n\u00e9cessitant l'usage de l'eau consistent en l'irrigation des parcelles agricoles dans  \nun rayon de 1km par rapport au point de pr\u00e9l\u00e8vement. \nLa consommation maximale annuelle est mesur\u00e9e \u00e0 l'aide d'un compteur sur le forage.\nArticle 3     :   Prescriptions particuli\u00e8res\nLe p\u00e9titionnaire s'engage \u00e0 limiter les pr\u00e9l\u00e8vements au regard de l'\u00e9tat de la ressource et/ou  \nen consid\u00e9ration des arr\u00eat\u00e9s pr\u00e9fectoraux et municipaux relatifs \u00e0 la gestion de s\u00e9cheresse ou \nrelatifs \u00e0 la mise en place de mesures de restrictions.\nLe p\u00e9titionnaire est \u00e9galement engag\u00e9 dans le suivi des pr\u00e9l\u00e8vements et de la consommation  \naux points de distribution, avec des \u00e9quipements r\u00e9alis\u00e9s de compteurs volum\u00e9triques.\nSi des variations trop importantes de pr\u00e9l\u00e8vement devaient \u00eatre constat\u00e9es, des prescriptions \ncompl\u00e9mentaires pourront \u00eatre \u00e9mises.\nLe p\u00e9titionnaire devra \u00e9galement fournir un bilan annuel des op\u00e9rations et pr\u00e9l\u00e8vements  \nr\u00e9alis\u00e9s et projet\u00e9s dans le cadre de la gestion durable de la ressource en eau associ\u00e9e aux  \nusages des forages du domaine.\nArticle 4     :   Dur\u00e9e de validit\u00e9\nLe pr\u00e9sent arr\u00eat\u00e9 est valable pour une dur\u00e9e de 5 ans \u00e0 compter de la signature.\nIl pourra \u00eatre prorog\u00e9 si les relev\u00e9s de compteur prescrits \u00e0 l'article 3 ne rel\u00e8vent pas de  \nvariations substantielles du pr\u00e9l\u00e8vement.\nArticle 5     :   Modification\nToute  modification  apport\u00e9e  \u00e0  l'ouvrage,  \u00e0  l'installation,  \u00e0  son  mode  d'utilisation,  \u00e0  la  \nr\u00e9alisation de travaux ou \u00e0 l'am\u00e9nagement en r\u00e9sultant ou \u00e0 l'exercice de l'activit\u00e9 ou \u00e0 leur  \nvoisinage devra \u00eatre port\u00e9e, le cas \u00e9ch\u00e9ant, avant sa r\u00e9alisation, \u00e0 la connaissance du pr\u00e9fet  \navec tous les \u00e9l\u00e9ments d'appr\u00e9ciation.\nEn particulier, toute modification pouvant entra\u00eener des modifications de pr\u00e9l\u00e8vement devra  \n\u00eatre port\u00e9e \u00e0 connaissance du pr\u00e9fet.\nArticle 6     :   Voies et d\u00e9lais de recours\nI \u2013 Le pr\u00e9sent arr\u00eat\u00e9 peut \u00eatre d\u00e9f\u00e9r\u00e9 devant le tribunal administratif de Toulon en application \nde l'article R.181-50 du code de l'environnement :\n\u2022 1\u00b0 Par le b\u00e9n\u00e9ficiaire, dans un d\u00e9lai de deux mois \u00e0 compter du jour o\u00f9 le pr\u00e9sent arr\u00eat\u00e9 \nlui a \u00e9t\u00e9 notifi\u00e9 ;\n2/4\nDirection d\u00e9partementale des territoires et de la mer du Var - 83-2025-12-16-00005 - Arr\u00eat\u00e9 pr\u00e9fectoral n\u00b0 DDTM / SEBIO / 2025-179\ndu 16 d\u00e9cembre 2025 portant d\u00e9claration d'existence des pr\u00e9l\u00e8vements d'eau \u00e0 des fins d'irrigation agricole pour le GAEC\nVALENTINS - Commune de la Roque-Esclapon - Dossier n\u00b0 2820\n16\n\u2022 2\u00b0 Par les tiers int\u00e9ress\u00e9s en raison des inconv\u00e9nients ou des dangers pour les int\u00e9r\u00eats  \nmentionn\u00e9s \u00e0 l'article L.181-3, dans un d\u00e9lai de quatre mois \u00e0 compter de :\na) L'affichage en mairie dans les conditions pr\u00e9vues au 2\u00b0 de l'article R.181-44 ;\nb) La publication du pr\u00e9sent arr\u00eat\u00e9 sur le site internet de la pr\u00e9fecture pr\u00e9vue au 4\u00b0 du  \nm\u00eame article.\nLe d\u00e9lai court \u00e0 compter de la derni\u00e8re formalit\u00e9 accomplie. Si l'affichage constitue cette  \nderni\u00e8re formalit\u00e9, le d\u00e9lai court \u00e0 compter du premier jour d'affichage du pr\u00e9sent arr\u00eat\u00e9.\nLe  tribunal  administratif  peut  \u00eatre  saisi  par  l'application  informatique  \u00ab  T\u00e9l\u00e9  recours \ncitoyens \u00bb, accessible sur le site internet : \u00ab www.telerecours.fr \u00bb.\nII \u2013 La pr\u00e9sente autorisation peut faire l'objet d'un recours gracieux ou hi\u00e9rarchique dans le  \nd\u00e9lai de deux mois. Ce recours administratif prolonge de deux mois les d\u00e9lais mentionn\u00e9s ci-\ndessus.\nLe b\u00e9n\u00e9ficiaire de l'autorisation est tenu inform\u00e9 d'un tel recours.\nIII \u2013 Sans pr\u00e9judice des d\u00e9lais et voies de recours mentionn\u00e9s au I. et II., les tiers peuvent  \nd\u00e9poser une r\u00e9clamation aupr\u00e8s de l'autorit\u00e9 administrative comp\u00e9tente, \u00e0 compter de la  \nmise  en  service  de  du  projet  mentionn\u00e9  \u00e0  l'article  1er,  aux  seules  fins  de  contester  \nl'insuffisance ou l'inadaptation des prescriptions d\u00e9finies dans la pr\u00e9sente autorisation, en  \nraison des inconv\u00e9nients ou des dangers que le projet pr\u00e9sente pour le respect des int\u00e9r\u00eats  \nmentionn\u00e9s \u00e0 l'article L.181-3 du code de l'environnement.\nL'autorit\u00e9 comp\u00e9tente dispose d'un d\u00e9lai de deux mois, \u00e0 compter de la r\u00e9ception de la  \nr\u00e9clamation, pour y r\u00e9pondre de mani\u00e8re motiv\u00e9e. \u00c0 d\u00e9faut, la r\u00e9ponse est r\u00e9put\u00e9e n\u00e9gative.\nSi elle estime que la r\u00e9clamation est fond\u00e9e, l'autorit\u00e9 comp\u00e9tente fixe des prescriptions  \ncompl\u00e9mentaires, dans les formes pr\u00e9vues \u00e0 l'article R.181-45 du code de l'environnement.\nEn cas de rejet implicite ou explicite, les int\u00e9ress\u00e9s disposent d'un d\u00e9lai de deux mois pour se  \npourvoir contre cette d\u00e9cision.\nArticle 7     :   Publication et information des tiers\nLa  pr\u00e9sente  autorisation  est  notifi\u00e9e  au  b\u00e9n\u00e9ficiaire  et  publi\u00e9e  au  recueil  des  actes  \nadministratifs de la pr\u00e9fecture du Var.\nEn application de l'article R.214-53 du code de l'environnement :\n\u2022 une copie du pr\u00e9sent arr\u00eat\u00e9 portant d\u00e9claration d'existence est transmise \u00e0 la mairie  \nde la Roque Esclapon pour y \u00eatre consult\u00e9e ;\n\u2022 un extrait de cet arr\u00eat\u00e9 est affich\u00e9 pendant une dur\u00e9e minimale d'un mois dans la  \nmairie de la Roque Esclapon. Un proc\u00e8s-verbal de l'accomplissement de cette formalit\u00e9 \nest dress\u00e9 par les soins du maire concern\u00e9 ;\n\u2022 le  pr\u00e9sent  arr\u00eat\u00e9  est  publi\u00e9  sur  le  site  internet  des  services  de  l'\u00c9tat  dans  le  \nd\u00e9partement du Var, pendant une dur\u00e9e minimale de quatre mois.\nArticle 8     :   Ex\u00e9cution\n3/4\nDirection d\u00e9partementale des territoires et de la mer du Var - 83-2025-12-16-00005 - Arr\u00eat\u00e9 pr\u00e9fectoral n\u00b0 DDTM / SEBIO / 2025-179\ndu 16 d\u00e9cembre 2025 portant d\u00e9claration d'existence des pr\u00e9l\u00e8vements d'eau \u00e0 des fins d'irrigation agricole pour le GAEC\nVALENTINS - Commune de la Roque-Esclapon - Dossier n\u00b0 2820\n17\nLe secr\u00e9taire g\u00e9n\u00e9ral de la pr\u00e9fecture du Var, le directeur d\u00e9partemental des territoires et de  \nla mer du Var, le maire de la commune de la Roque Esclapon sont charg\u00e9s, chacun en ce qui le \nconcerne,  de  l'ex\u00e9cution  du  pr\u00e9sent  arr\u00eat\u00e9,  dont  copie  est  adress\u00e9e  au  chef  du  service \nd\u00e9partemental du Var de l'office fran\u00e7ais de la biodiversit\u00e9.\nFait \u00e0 Toulon, le 16 d\u00e9cembre 2025\nPour le pr\u00e9fet et par subd\u00e9l\u00e9gation,\nLe chef du bureau ressource et planification,\nSign\u00e9\nJulien ASSANTE\n4/4\nDirection d\u00e9partementale des territoires et de la mer du Var - 83-2025-12-16-00005 - Arr\u00eat\u00e9 pr\u00e9fectoral n\u00b0 DDTM / SEBIO / 2025-179\ndu 16 d\u00e9cembre 2025 portant d\u00e9claration d'existence des pr\u00e9l\u00e8vements d'eau \u00e0 des fins d'irrigation agricole pour le GAEC\nVALENTINS - Commune de la Roque-Esclapon - Dossier n\u00b0 2820\n18\nDirection d\u00e9partementale des territoires et de la\nmer du Var\n83-2025-12-16-00006\nArr\u00eat\u00e9 pr\u00e9fectoral n\u00b0 DDTM / SEBIO /2025-180 du\n16 d\u00e9cembre 2025 portant d\u00e9claration\nd'existence des pr\u00e9l\u00e8vements d'eau \u00e0 des fins\nd'irrigation agricole pour le Domaine Terres\nDestel - Commune de Saint-Rapha\u00ebl -- dossier n\u00b0\n2821\nDirection d\u00e9partementale des territoires et de la mer du Var - 83-2025-12-16-00006 - Arr\u00eat\u00e9 pr\u00e9fectoral n\u00b0 DDTM / SEBIO /2025-180 du\n16 d\u00e9cembre 2025 portant d\u00e9claration d'existence des pr\u00e9l\u00e8vements d'eau \u00e0 des fins d'irrigation agricole pour le Domaine Terres\nDestel - Commune de Saint-Rapha\u00ebl -- dossier n\u00b0 2821\n19\n=mPREFETDU VARLibert\u00e9Egalit\u00e9Fraternit\u00e9\nARR\u00caT\u00c9 PR\u00c9FECTORAL n\u00b0DDTM/SEBIO/2025-180 du 16 d\u00e9cembre 2025\nportant d\u00e9claration d'existence des pr\u00e9l\u00e8vements d'eau \u00e0 des fins d'irrigation agricole\npour le Domaine Terres Destel \u2013 Commune de Saint-Rapha\u00ebl -- dossier n\u00b02821\nLe pr\u00e9fet du Var,\nVu le code de l'environnement et notamment ses articles L.181-1 et suivants et R.181-1 et  \nsuivants, L.211-1 et suivants et R.211-1 et suivants, L.214-1 et suivants et R.214-1 et suivants ;\nVu le d\u00e9cret du Pr\u00e9sident de la R\u00e9publique du 15 mai 2025 portant nomination de M. Simon  \nBABRE, pr\u00e9fet du Var ;\nVu l'arr\u00eat\u00e9 pr\u00e9fectoral n\u00b0DDTM/MPCA/2022-08 du 22 d\u00e9cembre 2022 donnant subd\u00e9l\u00e9gation  \nde signature \u00e0 des agents de la Direction d\u00e9partementale des territoires et de la mer du Var ;\nVu l'arr\u00eat\u00e9  pr\u00e9fectoral  du  21  mars  2022  portant  approbation  du  sch\u00e9ma  directeur \nd'am\u00e9nagement et de gestion des eaux du bassin Rh\u00f4ne-M\u00e9diterran\u00e9e ;\nVu la n\u00e9cessit\u00e9 pour le p\u00e9titionnaire de satisfaire \u00e0 ses obligations r\u00e9glementaires vis-\u00e0-vis de  \nson pr\u00e9l\u00e8vement ;\nConsid\u00e9rant que  les  pr\u00e9l\u00e8vements  en  eau  ont  \u00e9t\u00e9  l\u00e9galement  r\u00e9alis\u00e9s  ant\u00e9rieurement  \u00e0 \nl'entr\u00e9e en vigueur de la loi sur l'eau ;\nConsid\u00e9rant que les \u00e9l\u00e9ments fournis par le p\u00e9titionnaire permettent d'estimer la nature et  \nles besoins des pr\u00e9l\u00e8vements ;\nConsid\u00e9rant que les \u00e9l\u00e9ments port\u00e9s \u00e0 connaissance par le p\u00e9titionnaire en particulier les  \n\u00e9l\u00e9ments hydrog\u00e9ologiques traduisant une d\u00e9connexion de la ressource alimentant le puits  \ndes Oliviers avec les masses d'eau en lien avec l'Argens et l'Agay ;\nSur proposition du directeur d\u00e9partemental des territoires et de la mer du Var :\nARR\u00caTE :\nArticle 1  er     :   D\u00e9claration d'existence\n1/4\nDirection d\u00e9partementale\ndes territoires et de la mer du Var\nService eau et biodiversit\u00e9\nDirection d\u00e9partementale des territoires et de la mer du Var - 83-2025-12-16-00006 - Arr\u00eat\u00e9 pr\u00e9fectoral n\u00b0 DDTM / SEBIO /2025-180 du\n16 d\u00e9cembre 2025 portant d\u00e9claration d'existence des pr\u00e9l\u00e8vements d'eau \u00e0 des fins d'irrigation agricole pour le Domaine Terres\nDestel - Commune de Saint-Rapha\u00ebl -- dossier n\u00b0 2821\n20\nIl est donn\u00e9 acte de la d\u00e9claration d'existence des pr\u00e9l\u00e8vements en eau du Domaine Terres  \nDestel  par  deux  forages,  pour  l'activit\u00e9  agricole  et  l'irrigation  de  9  Ha  de  vignes  sur  le \ndomaine. Les volumes pour ces deux forages sont compris entre 1000 et 10 000 m\u00b3.\nCes pr\u00e9l\u00e8vements rel\u00e8vent de l'article R.214-53 du code de l'environnement, et des rubriques  \n1.1.1.0 et 1.1.2.0 de la nomenclature annex\u00e9e \u00e0 l'article R.214-1 du code de l'environnement.\nArticle 2     :   \u00c9tat des installations et volumes pr\u00e9lev\u00e9s\nLe  Domaine  Terres  Destel  est  propri\u00e9taire  et  gestionnaire  des  deux  forages  situ\u00e9s  sur  la \nparcelle 00BT0058, 400 rue Jean Rostand, 83700 Saint-Rapha\u00ebl, et aux coordonn\u00e9es GPS X1  : \n43,464242 ; Y1 : 6,803792 et X2 : 43,464121 ; Y2 : 6,803747 .\nLes points de pr\u00e9l\u00e8vements sont constitu\u00e9s par deux forages d'une profondeur approximative \nde 100 m\u00e8tres, localis\u00e9s dans la masse d'eau FRDG609 \u00ab  Socle massif de l'Est\u00e9rel, des Maures  \net des \u00eeles d'Hy\u00e8res \u00bb.\nL'entretien, la r\u00e9paration des installations, ainsi que le suivi des volumes pr\u00e9lev\u00e9s est assur\u00e9  \npar le propri\u00e9taire du domaine Terres Destel, Monsieur PHILIBERT.\nLe  p\u00e9titionnaire  assume  \u00e9galement  la  mise  en  \u0153uvre  des  mesures  de  restriction  ou \nd'interdiction d'usage de l'eau par voie d'arr\u00eat\u00e9 municipal ou pr\u00e9fectoral.\nLes  activit\u00e9s  n\u00e9cessitant  l'usage  de  l'eau  consistent  en  le  remplissage  d'une  citerne  pour \nl'irrigation de 9 Ha de vignes sur le domaine. \nLa consommation maximale annuelle varie entre 1000 et 10 000 m\u00b3 pour l'irrigation associ\u00e9es  \naux forages. \nArticle 3     :   Prescriptions particuli\u00e8res\nLe p\u00e9titionnaire s'engage \u00e0 limiter les pr\u00e9l\u00e8vements au regard de l'\u00e9tat de la ressource et/ou  \nen consid\u00e9ration des arr\u00eat\u00e9s pr\u00e9fectoraux et municipaux relatifs \u00e0 la gestion de s\u00e9cheresse ou \nrelatifs \u00e0 la mise en place de mesures de restrictions .\nLe p\u00e9titionnaire est \u00e9galement engag\u00e9 dans le suivi des pr\u00e9l\u00e8vements et de la consommation  \naux points de distribution, avec des \u00e9quipements r\u00e9alis\u00e9s de compteurs volum\u00e9triques.\nSi des variations trop importantes de pr\u00e9l\u00e8vement devaient \u00eatre constat\u00e9es, des prescriptions \ncompl\u00e9mentaires pourront \u00eatre \u00e9mises.\nLe p\u00e9titionnaire devra \u00e9galement fournir un bilan annuel des op\u00e9rations et pr\u00e9l\u00e8vements  \nr\u00e9alis\u00e9s et projet\u00e9s dans le cadre de la gestion durable de la ressource en eau associ\u00e9e aux  \nusages des forages du domaine.\nArticle 4     :   Dur\u00e9e de validit\u00e9\nLe pr\u00e9sent arr\u00eat\u00e9 est valable pour une dur\u00e9e de 5 ans \u00e0 compter de la signature.\nIl pourra \u00eatre prorog\u00e9 si les relev\u00e9s de compteur prescrits \u00e0 l'article 3 ne rel\u00e8vent pas de  \nvariations substantielles du pr\u00e9l\u00e8vement.\nArticle 5     :   Modification\nToute  modification  apport\u00e9e  \u00e0  l'ouvrage,  \u00e0  l'installation,  \u00e0  son  mode  d'utilisation,  \u00e0  la \nr\u00e9alisation de travaux ou \u00e0 l'am\u00e9nagement en r\u00e9sultant ou \u00e0 l'exercice de l'activit\u00e9 ou \u00e0 leur  \n2/4\nDirection d\u00e9partementale des territoires et de la mer du Var - 83-2025-12-16-00006 - Arr\u00eat\u00e9 pr\u00e9fectoral n\u00b0 DDTM / SEBIO /2025-180 du\n16 d\u00e9cembre 2025 portant d\u00e9claration d'existence des pr\u00e9l\u00e8vements d'eau \u00e0 des fins d'irrigation agricole pour le Domaine Terres\nDestel - Commune de Saint-Rapha\u00ebl -- dossier n\u00b0 2821\n21\nvoisinage devra \u00eatre port\u00e9e, le cas \u00e9ch\u00e9ant, avant sa r\u00e9alisation, \u00e0 la connaissance du pr\u00e9fet  \navec tous les \u00e9l\u00e9ments d'appr\u00e9ciation.\nEn particulier, toute modification pouvant entra\u00eener des modifications de pr\u00e9l\u00e8vement devra  \n\u00eatre port\u00e9e \u00e0 connaissance du pr\u00e9fet.\nArticle 6     :   Voies et d\u00e9lais de recours\nI \u2013 Le pr\u00e9sent arr\u00eat\u00e9 peut \u00eatre d\u00e9f\u00e9r\u00e9 devant le tribunal administratif de Toulon en application \nde l'article R.181-50 du code de l'environnement :\n\u2022 1\u00b0 Par le b\u00e9n\u00e9ficiaire, dans un d\u00e9lai de deux mois \u00e0 compter du jour o\u00f9 le pr\u00e9sent arr\u00eat\u00e9 \nlui a \u00e9t\u00e9 notifi\u00e9 ;\n\u2022 2\u00b0 Par les tiers int\u00e9ress\u00e9s en raison des inconv\u00e9nients ou des dangers pour les int\u00e9r\u00eats  \nmentionn\u00e9s \u00e0 l'article L.181-3, dans un d\u00e9lai de quatre mois \u00e0 compter de :\na) L'affichage en mairie dans les conditions pr\u00e9vues au 2\u00b0 de l'article R.181-44 ;\nb) La publication du pr\u00e9sent arr\u00eat\u00e9 sur le site internet de la pr\u00e9fecture pr\u00e9vue au 4\u00b0 du  \nm\u00eame article.\nLe d\u00e9lai court \u00e0 compter de la derni\u00e8re formalit\u00e9 accomplie. Si l'affichage constitue cette  \nderni\u00e8re formalit\u00e9, le d\u00e9lai court \u00e0 compter du premier jour d'affichage du pr\u00e9sent arr\u00eat\u00e9.\nLe  tribunal  administratif  peut  \u00eatre  saisi  par  l'application  informatique  \u00ab T\u00e9l\u00e9  recours \ncitoyens \u00bb, accessible sur le site internet : \u00ab www.telerecours.fr \u00bb.\nII \u2013 La pr\u00e9sente autorisation peut faire l'objet d'un recours gracieux ou hi\u00e9rarchique dans le  \nd\u00e9lai de deux mois. Ce recours administratif prolonge de deux mois les d\u00e9lais mentionn\u00e9s ci-\ndessus.\nLe b\u00e9n\u00e9ficiaire de l'autorisation est tenu inform\u00e9 d'un tel recours.\nIII \u2013 Sans pr\u00e9judice des d\u00e9lais et voies de recours mentionn\u00e9s au I. et II., les tiers peuvent  \nd\u00e9poser une r\u00e9clamation aupr\u00e8s de l'autorit\u00e9 administrative comp\u00e9tente, \u00e0 compter de la  \nmise  en  service  de  du  projet  mentionn\u00e9  \u00e0  l'article  1er,  aux  seules  fins  de  contester \nl'insuffisance ou l'inadaptation des prescriptions d\u00e9finies dans la pr\u00e9sente autorisation, en  \nraison des inconv\u00e9nients ou des dangers que le projet pr\u00e9sente pour le respect des int\u00e9r\u00eats  \nmentionn\u00e9s \u00e0 l'article L.181-3 du code de l'environnement.\nL'autorit\u00e9 comp\u00e9tente dispose d'un d\u00e9lai de deux mois, \u00e0 compter de la r\u00e9ception de la  \nr\u00e9clamation, pour y r\u00e9pondre de mani\u00e8re motiv\u00e9e. \u00c0 d\u00e9faut, la r\u00e9ponse est r\u00e9put\u00e9e n\u00e9gative.\nSi elle estime que la r\u00e9clamation est fond\u00e9e, l'autorit\u00e9 comp\u00e9tente fixe des prescriptions  \ncompl\u00e9mentaires, dans les formes pr\u00e9vues \u00e0 l'article R.181-45 du code de l'environnement.\nEn cas de rejet implicite ou explicite, les int\u00e9ress\u00e9s disposent d'un d\u00e9lai de deux mois pour se  \npourvoir contre cette d\u00e9cision.\nArticle 7     :   Publication et information des tiers\nLa  pr\u00e9sente  autorisation  est  notifi\u00e9e  au  b\u00e9n\u00e9ficiaire  et  publi\u00e9e  au  recueil  des  actes \nadministratifs de la pr\u00e9fecture du Var.\nEn application de l'article R.214-53 du code de l'environnement :\n3/4\nDirection d\u00e9partementale des territoires et de la mer du Var - 83-2025-12-16-00006 - Arr\u00eat\u00e9 pr\u00e9fectoral n\u00b0 DDTM / SEBIO /2025-180 du\n16 d\u00e9cembre 2025 portant d\u00e9claration d'existence des pr\u00e9l\u00e8vements d'eau \u00e0 des fins d'irrigation agricole pour le Domaine Terres\nDestel - Commune de Saint-Rapha\u00ebl -- dossier n\u00b0 2821\n22\n\u2022 une copie du pr\u00e9sent arr\u00eat\u00e9 portant d\u00e9claration d'existence est transmise \u00e0 la mairie  \nde Saint-Rapha\u00ebl pour y \u00eatre consult\u00e9e ;\n\u2022 un extrait de cet arr\u00eat\u00e9 est affich\u00e9 pendant une dur\u00e9e minimale d'un mois dans la  \nmairie de Saint-Rapha\u00ebl. Un proc\u00e8s-verbal de l'accomplissement de cette formalit\u00e9 est  \ndress\u00e9 par les soins du maire concern\u00e9 ;\n\u2022 le  pr\u00e9sent  arr\u00eat\u00e9  est  publi\u00e9  sur  le  site  internet  des  services  de  l'\u00c9tat  dans  le \nd\u00e9partement du Var, pendant une dur\u00e9e minimale de quatre mois.\nArticle 8     :   Ex\u00e9cution\nLe secr\u00e9taire g\u00e9n\u00e9ral de la pr\u00e9fecture du Var, le directeur d\u00e9partemental des territoires et de  \nla mer du Var, le maire de la commune de Saint-Rapha\u00ebl sont charg\u00e9s, chacun en ce qui le  \nconcerne,  de  l'ex\u00e9cution  du  pr\u00e9sent  arr\u00eat\u00e9,  dont  copie  est  adress\u00e9e  au  chef  du  service \nd\u00e9partemental du Var de l'office fran\u00e7ais de la biodiversit\u00e9.\nFait \u00e0 Toulon, le 16 d\u00e9cembre 2025\nPour le pr\u00e9fet et par subd\u00e9l\u00e9gation,\nLe chef du bureau ressource et planification,\nSign\u00e9\nJulien ASSANTE\n4/4\nDirection d\u00e9partementale des territoires et de la mer du Var - 83-2025-12-16-00006 - Arr\u00eat\u00e9 pr\u00e9fectoral n\u00b0 DDTM / SEBIO /2025-180 du\n16 d\u00e9cembre 2025 portant d\u00e9claration d'existence des pr\u00e9l\u00e8vements d'eau \u00e0 des fins d'irrigation agricole pour le Domaine Terres\nDestel - Commune de Saint-Rapha\u00ebl -- dossier n\u00b0 2821\n23\nPr\u00e9fecture du VAR\n83-2025-12-17-00003\nARR\u00caT\u00c9 PR\u00c9FECTORAL n\u00b0 2025/74/MCI du 17\nd\u00e9cembre 2025\nportant d\u00e9l\u00e9gation de signature \u00e0 Mme\nAnne-Cecile VIALLE,\nsous-pr\u00e9f\u00e8te de l'arrondissement de BRIGNOLES\nPr\u00e9fecture du VAR - 83-2025-12-17-00003 - ARR\u00caT\u00c9 PR\u00c9FECTORAL n\u00b0 2025/74/MCI du 17 d\u00e9cembre 2025\nportant d\u00e9l\u00e9gation de signature \u00e0 Mme Anne-Cecile VIALLE,\nsous-pr\u00e9f\u00e8te de l'arrondissement de BRIGNOLES\n24\n=mPREFETDU VARLibert\u00e9Egalit\u00e9Fraternit\u00e9\nDirection de la coordination des politiques publiques\net de l'appui territorial\nMission de coordination interminist\u00e9rielle\nARR\u00caT\u00c9 PR\u00c9FECTORAL n\u00b0 2025/74/MCI du 17 d\u00e9cembre 2025\nportant d\u00e9l\u00e9gation de signature \u00e0 Mme Anne-Cecile VIALLE, \nsous-pr\u00e9f\u00e8te de l'arrondissement de BRIGNOLES\nLe Pr\u00e9fet du Var,\nChevalier de la L\u00e9gion d'Honneur,\nChevalier de l'Ordre National du M\u00e9rite,\nVu la loi n\u00b0 82-213 du 2 mars 1982 modifi\u00e9e, relative aux droits et libert\u00e9s des communes, des  \nd\u00e9partements et des r\u00e9gions ;\nVu la loi n\u00b0 83-8 du 7 janvier 1983 modifi\u00e9e, relative \u00e0 la r\u00e9partition des comp\u00e9tences entre les \ncommunes, les d\u00e9partements, les r\u00e9gions et l'\u00c9tat ;\nVu  la  loi  d'orientation  n\u00b0  92-125  du  6  f\u00e9vrier  1992  modifi\u00e9e  relative  \u00e0  l'administration \nterritoriale de la R\u00e9publique ;\nVu le  d\u00e9cret n\u00b0 97-34 du 15 janvier 1997 modifi\u00e9 relatif \u00e0 la d\u00e9concentration des d\u00e9cisions  \nadministratives individuelles ;\nVu  le  d\u00e9cret  n\u00b0  2004-374  du  29  avril  2004  modifi\u00e9  relatif  aux  pouvoirs  des  pr\u00e9fets,  \u00e0 \nl'organisation et \u00e0 l'action des services de l'\u00c9tat dans les r\u00e9gions et d\u00e9partements ;\nVu le d\u00e9cret n\u00b0 2015-510 du 7 mai 2015 portant charte de la d\u00e9concentration ; \nVu  le  d\u00e9cret  du  Pr\u00e9sident  de  la  R\u00e9publique  du  15  avril  2022  portant  nomination  de \nM.  Lucien  GIUDICELLI,  secr\u00e9taire  g\u00e9n\u00e9ral  de  la  pr\u00e9fecture  du  Var,  sous-pr\u00e9fet  de  \nl'arrondissement de Toulon ;\nVu le d\u00e9cret du Pr\u00e9sident de la R\u00e9publique du 14 novembre 6 juillet 2023 portant nomination  \nde Mme Myriam GARCIA, sous-pr\u00e9f\u00e8te de l'arrondissement de Draguignan ;\n \nVu  le  d\u00e9cret  du  Pr\u00e9sident  de  la  R\u00e9publique  du  3  avril  2024  portant  nomination  de \nMme Jos\u00e9phine GUIGLIANO-BOUTONNET, sous-pr\u00e9f\u00e8te, directrice de cabinet du pr\u00e9fet du  \nVar ;\nVu le d\u00e9cret du Pr\u00e9sident de la R\u00e9publique du 21 septembre 2024 portant nomination de  \nM. Jean-Baptiste MORINAUD, secr\u00e9taire g\u00e9n\u00e9ral adjoint de la pr\u00e9fecture du Var, sous-pr\u00e9fet  \ncharg\u00e9 de mission aupr\u00e8s du pr\u00e9fet du Var ;\nVu le d\u00e9cret du Pr\u00e9sident de la R\u00e9publique du 14 novembre 2024 portant nomination de Mme \nAnne-Cecile VIALLE, sous-pr\u00e9f\u00e8te de l'arrondissement de Brignoles ;\nVu le d\u00e9cret du Pr\u00e9sident de la R\u00e9publique du 15 mai 2025 portant nomination de M. Simon  \nBABRE, pr\u00e9fet du Var ;\n1/5\nPr\u00e9fecture du VAR - 83-2025-12-17-00003 - ARR\u00caT\u00c9 PR\u00c9FECTORAL n\u00b0 2025/74/MCI du 17 d\u00e9cembre 2025\nportant d\u00e9l\u00e9gation de signature \u00e0 Mme Anne-Cecile VIALLE,\nsous-pr\u00e9f\u00e8te de l'arrondissement de BRIGNOLES\n25\nSur proposition du secr\u00e9taire g\u00e9n\u00e9ral de la pr\u00e9fecture du Var,\nARRETE :\nARTICLE  1er     :  Ind\u00e9pendamment  des  attributions  qui  sont  conf\u00e9r\u00e9es  aux  sous-pr\u00e9fets  \nd'arrondissement  par  les  lois  et  r\u00e8glements,  d\u00e9l\u00e9gation  est  donn\u00e9e  \u00e0  Mme  Anne-C\u00e9cile \nVIALLE, sous-pr\u00e9f\u00e8te de l'arrondissement de Brignoles, \u00e0 l'effet de signer tous actes de gestion \nrelatifs au fonctionnement des services de la sous-pr\u00e9fecture, ainsi que pour signer les arr\u00eat\u00e9s, \ncirculaires et correspondances concernant, pour l'arrondissement de Brignoles, les affaires  \nsuivantes, \u00e0 l'exclusion des requ\u00eates et m\u00e9moires aupr\u00e8s des juridictions :\nI \u2013 Administration g\u00e9n\u00e9rale :\na) d\u00e9claration  d'option  pour  l'incorporation  dans  le  service  national  fran\u00e7ais  des  jeunes \nbi-nationaux ;\nb) l\u00e9gislation fun\u00e9raire : laissez-passer de corps et urnes cin\u00e9raires vers l'\u00e9tranger, autorisation \nde transport de corps et urne cin\u00e9raire vers l'\u00e9tranger, d\u00e9rogation au d\u00e9lai r\u00e9glementaire  \nde quatorze jours en vue de l'inhumation ou de l'incin\u00e9ration des corps des personnes  \nd\u00e9c\u00e9d\u00e9es, autorisation d'inhumation en propri\u00e9t\u00e9 priv\u00e9e ;\nc) r\u00e9c\u00e9piss\u00e9 de d\u00e9claration des associations de la loi de 1901 ;\nd) octroi ou refus du concours de la force publique pour l'ex\u00e9cution des d\u00e9cisions de justice  \nen mati\u00e8re d'expulsion locative, domiciliaire et immobili\u00e8re, r\u00e8glement transactionnel des  \ndossiers  aff\u00e9rents,  r\u00e9ception  des  notifications  d'assignation  aux  fins  de  constat  de \nr\u00e9siliation  du  bail  pour  impay\u00e9s  de  loyers,  protocole  d'accord  de  pr\u00e9vention  des \nexpulsions locatives, mise en \u0153uvre des d\u00e9cisions \u00ab  DALO \u00bb, instruction des demandes de  \nlogement social et proposition de logements aux bailleurs sociaux ;\ne) d\u00e9bits  de  boissons  :  d\u00e9cisions  sur  les  demandes  de  fermeture  tardive,  mesures  \nadministratives et gestion des \u00e9ventuels contentieux li\u00e9s \u00e0 ces mesures et d\u00e9cisions ; avis \npr\u00e9alable aux mesures de police administrative des h\u00f4tels ;\nf) autorisation de toutes \u00e9preuves, manifestations et comp\u00e9titions sportives se d\u00e9roulant sur \nle plan d'eau du lac de Sainte-Croix ;\ng) arr\u00eat\u00e9 instaurant un p\u00e9rim\u00e8tre de protection en application de l'article L. 226-1 du code  \nde la s\u00e9curit\u00e9 int\u00e9rieure ;\nh) d\u00e9livrance des r\u00e9c\u00e9piss\u00e9s de revendeurs d'objets mobiliers ;\ni) engagement des d\u00e9penses et signature des contrats relatifs \u00e0 la gestion du centre de  \nresponsabilit\u00e9 de la sous-pr\u00e9fecture ;\nj) instruction des dossiers relatifs \u00e0 certains rassemblements festifs \u00e0 caract\u00e8re musical ;\nk) d\u00e9lib\u00e9ration  et  proc\u00e8s-verbal  de  r\u00e9union  ou  de  visite  des  commissions  de  s\u00e9curit\u00e9  et \nd'accessibilit\u00e9 de l'arrondissement de Brignoles ;\nl) attestation en vue de l'\u00e9tablissement d'un duplicata de permis de chasser ;\nm) re\u00e7u  de  d\u00e9p\u00f4t  d'une  d\u00e9claration  de  candidature  aux  \u00e9lections  municipales  pour  les \ncommunes de l'arrondissement ;\nn) r\u00e9c\u00e9piss\u00e9 d\u00e9finitif d'enregistrement d'une candidature aux \u00e9lections municipales pour les  \ncommunes de l'arrondissement ;\no) refus  de  d\u00e9livrance  du  r\u00e9c\u00e9piss\u00e9  d\u00e9finitif  d'enregistrement  d'une  candidature  aux  \n\u00e9lections municipales pour les communes de l'arrondissement.\n                                                                                                                                                                                                                        2/5\nPr\u00e9fecture du VAR - 83-2025-12-17-00003 - ARR\u00caT\u00c9 PR\u00c9FECTORAL n\u00b0 2025/74/MCI du 17 d\u00e9cembre 2025\nportant d\u00e9l\u00e9gation de signature \u00e0 Mme Anne-Cecile VIALLE,\nsous-pr\u00e9f\u00e8te de l'arrondissement de BRIGNOLES\n26\nII \u2013 Administration locale :\na) suivi du contr\u00f4le de l\u00e9galit\u00e9 des actes administratifs des collectivit\u00e9s locales et de leurs  \n\u00e9tablissements du ressort de l'arrondissement (\u00e0 l'exception des syndicats mixtes dont le  \nconseil d\u00e9partemental du Var est membre), et des soci\u00e9t\u00e9s d'\u00e9conomie mixte locales, en ce  \nqu'il comprend :\n- l'information de l'autorit\u00e9 locale sur sa demande de la d\u00e9cision du repr\u00e9sentant de \n  l'\u00c9tat dans le d\u00e9partement de ne pas d\u00e9f\u00e9rer un acte au tribunal administratif,\n- l'information de l'autorit\u00e9 locale qu'un acte est entach\u00e9 d'ill\u00e9galit\u00e9 et la communication \n  des pr\u00e9cisions utiles lui permettant de rendre l\u00e9gal l'acte concern\u00e9,\n- la signature des lettres de demandes de pi\u00e8ces compl\u00e9mentaires au titre du contr\u00f4le de  \nl\u00e9galit\u00e9 et budg\u00e9taire ne valant pas recours gracieux.\n- la signature des recours gracieux  et des lettres d'observations propos\u00e9s par la DCL dans  \nle  cadre  du  contr\u00f4le  de  l\u00e9galit\u00e9  et  contr\u00f4le  budg\u00e9taire  des  collectivit\u00e9s  de  \nl'arrondissement ;\nb) en mati\u00e8re d'urbanisme  : signature des autorisations ou actes relatifs \u00e0 l'utilisation et \u00e0  \nl'occupation du sol pour les op\u00e9rations relevant de l'article R. 422-2 du code de l'urbanisme ; \nc) signature des recours gracieux et lettres d'observations propos\u00e9s par la DDTM en mati\u00e8re  \ndu droit du sol ;\nd) signature des re cours gracieux pour les documents d'urbanisme (SCOT \u2013 PLU \u2013  carte  \ncommunale) et avis de l'\u00c9tat au titre des personnes publiques associ\u00e9es propos\u00e9es par la  \ndirection d\u00e9partementale des territoires et de la mer (DDTM) ;\ne) occupation temporaire et autorisation de p\u00e9n\u00e9trer sur les propri\u00e9t\u00e9s priv\u00e9es ;\nf)  constitution  des  commissions  consultatives  de  l'environnement  des  a\u00e9rodromes,  des \ncommissions locales de l'eau et des comit\u00e9s de rivi\u00e8re ;\ng) substitution aux maires dans les cas pr\u00e9vus aux articles L. 2215-1 et L. 2215-5 du code  \ng\u00e9n\u00e9ral des collectivit\u00e9s locales ;\nh) constitution des groupes de travail pr\u00e9vus par les dispositions du titre VIII du code de  \nl'environnement relatif \u00e0 la protection du cadre de vie (publicit\u00e9, enseignes et pr\u00e9-enseignes)  \net les mesures administratives d'application ;\ni) arr\u00eat\u00e9s se rapportant aux \u00e9tablissements publics de coop\u00e9ration intercommunale dont le  \nsi\u00e8ge se trouve dans l'arrondissement \u00e0 l'exception des communaut\u00e9s d'agglom\u00e9ration, des  \ncommunaut\u00e9s  de  communes,  du  syndicat  mixte  d\u00e9partemental  Territoire  d'\u00e9nergie  Var \n(TE83, ex SYMIELEC), des syndicats mixtes dont le conseil d\u00e9partemental du Var est membre  \nen ce qui concerne les arr\u00eat\u00e9s de cr\u00e9ation, de modification des attributions, de retrait de  \ncommunes membres, d'adh\u00e9sion de nouvelles communes et de dissolution ;\nj) autorisation d'utilisation du plan d'eau du lac d'Esparron-de-Verdon, retenue de Gr\u00e9oux,  \npar d\u00e9rogation aux dispositions des arr\u00eat\u00e9s inter-pr\u00e9fectoraux du 23 novembre 2018 ;\nk) arr\u00eat\u00e9s inter-pr\u00e9fectoraux 83/04 portant sur la navigation sur les lacs du Verdon. \nIII  \u2013  Coordination  de  l'action  des  services  d\u00e9concentr\u00e9s :  tous  actes  ou  documents  \nn\u00e9cessaires \u00e0 l'exercice de son pouvoir de coordination de l'action des services d\u00e9concentr\u00e9s  \nde l'\u00c9tat pr\u00e9vu par le d\u00e9cret n\u00b0 2004-374 du 29 avril 2004 modifi\u00e9, et notamment toutes  \ndemandes d'information.\n3/5\nPr\u00e9fecture du VAR - 83-2025-12-17-00003 - ARR\u00caT\u00c9 PR\u00c9FECTORAL n\u00b0 2025/74/MCI du 17 d\u00e9cembre 2025\nportant d\u00e9l\u00e9gation de signature \u00e0 Mme Anne-Cecile VIALLE,\nsous-pr\u00e9f\u00e8te de l'arrondissement de BRIGNOLES\n27\nARTICLE 2 :  D\u00e9l\u00e9gation est \u00e9galement donn\u00e9e \u00e0  Mme Anne-C\u00e9cile VIALLE , sous-pr\u00e9f\u00e8te de  \nl'arrondissement de Brignoles, \u00e0 l'effet de signer,  pour l'ensemble du d\u00e9partement du Var , \ntous actes et documents relatifs aux attributions suivantes :\n\u2022 cr\u00e9ation, extension, dissolution, contr\u00f4le administratif, contr\u00f4le et tutelle financiers  \ndes  associations  syndicales  autoris\u00e9es  (ASA),  des  associations  syndicales  de  \npropri\u00e9taires, des associations syndicales libres ou constitu\u00e9es d'office ;\n\u2022 l\u00e2chers de ballons.\nARTICLE 3     : En cas d'absence ou d'emp\u00eachement de Mme Anne-C\u00e9cile VIALLE, d\u00e9l\u00e9gation de \nsignature est donn\u00e9e, dans les m\u00eames conditions, \u00e0 Mme Myriam GARCIA, sous-pr\u00e9f\u00e8te de  \nl'arrondissement de Draguignan, ou, en cas d'absence ou d'emp\u00eachement de cette derni\u00e8re, \u00e0 \nMme Jos\u00e9phine GUIGLIANO-BOUTONNET, sous-pr\u00e9f\u00e8te, directrice de cabinet du pr\u00e9fet du  \nVar, ou, en cas d'absence ou d'emp\u00eachement de celle-ci, \u00e0 M. Jean-Baptiste MORINAUD,  \nsecr\u00e9taire g\u00e9n\u00e9ral adjoint de la pr\u00e9fecture du Var, sous-pr\u00e9fet charg\u00e9 de mission aupr\u00e8s du  \npr\u00e9fet du Var.\nARTICLE  4     : Lorsque  Mme  Anne-C\u00e9cile  VIALLE assure  le  service  de  permanence  institu\u00e9 \nconform\u00e9ment \u00e0 l'ordre des permanences fix\u00e9 p\u00e9riodiquement par le pr\u00e9fet, d\u00e9l\u00e9gation lui  \nest  alors  accord\u00e9e  \u00e0  l'effet  de  signer,  pour  l'ensemble  du  d\u00e9partement,  toute  d\u00e9cision \nn\u00e9cessit\u00e9e par une situation d'urgence, notamment :\n- les d\u00e9cisions de suspension provisoire imm\u00e9diate des permis de conduire ;\n- les mesures d'\u00e9loignement relevant de la comp\u00e9tence du repr\u00e9sentant de l'\u00c9tat dans le \nd\u00e9partement et concernant les \u00e9trangers s\u00e9journant irr\u00e9guli\u00e8rement sur le territoire  \nfran\u00e7ais et les d\u00e9cisions de placement en r\u00e9tention administrative ou d'assignation \u00e0  \nr\u00e9sidence des \u00e9trangers objet de ces mesures, prises en application des dispositions du \ncode de l'entr\u00e9e et du s\u00e9jour des \u00e9trangers et du droit d'asile (CESEDA) ;\n- tout courrier relatif aux proc\u00e9dures d'\u00e9loignement concernant les \u00e9trangers s\u00e9journant \nirr\u00e9guli\u00e8rement  sur  le  territoire  fran\u00e7ais,  y  compris  toute  requ\u00eate  adress\u00e9e  aux \njuridictions en mati\u00e8re de r\u00e9tention administrative, notamment au juge des libert\u00e9s et  \nde  la  d\u00e9tention  en  application  des  articles  L.552-1  \u00e0  L.552-8  du  CESEDA,  en  vue \nd'obtenir la prolongation de la r\u00e9tention administrative ;\n- la d\u00e9livrance de passeports et de titres d'identit\u00e9 ;\n- les  arr\u00eat\u00e9s  pronon\u00e7ant  l'admission  sans  consentement  en  soins  psychiatriques  des \npersonnes dont les troubles mentaux n\u00e9cessitent des soins et compromettent la s\u00fbret\u00e9 \ndes  personnes  ou  portent  atteinte,  de  fa\u00e7on  grave,  \u00e0  l'ordre  public  ainsi  que  les \noppositions  aux  demandes  d'autorisation  de  sortie  de  courte  dur\u00e9e  prises  en  \napplication de l'article L.3211-11-1 du code de la sant\u00e9 publique ;\n- La saisine du juge du tribunal judiciaire aux fins de contr\u00f4les des mesures de soins sans  \nconsentement ; \n- La signature des m\u00e9moires  produits dans le cadre des audiences du juge judiciaire en  \nmati\u00e8re de soins sans consentement ; \n- les gardes statiques et escortes de d\u00e9tenus ;\n- les autorisations de transport de corps en dehors du territoire m\u00e9tropolitain.\nARTICLE 5 : D\u00e9l\u00e9gation de signature est donn\u00e9e \u00e0 M. Olivier BRYSKOWSKI, secr\u00e9taire g\u00e9n\u00e9ral  \nde la sous-pr\u00e9fecture de Brignoles, pour ce qui concerne les attributions vis\u00e9es \u00e0 l'article 2 et  \ncelles mentionn\u00e9es aux rubriques suivantes :\nI \u2013 Administration g\u00e9n\u00e9rale  :  rubriques a), b), c), d) seulement en ce qui concerne la  \ngestion du contingent pr\u00e9fectoral de logements sociaux, f), h), i), k), l), m), n),  et o), ainsi  \n                                                                                                                                                                                                                        4/5\nPr\u00e9fecture du VAR - 83-2025-12-17-00003 - ARR\u00caT\u00c9 PR\u00c9FECTORAL n\u00b0 2025/74/MCI du 17 d\u00e9cembre 2025\nportant d\u00e9l\u00e9gation de signature \u00e0 Mme Anne-Cecile VIALLE,\nsous-pr\u00e9f\u00e8te de l'arrondissement de BRIGNOLES\n28\nque l'engagement des d\u00e9penses courantes \u00e0 hauteur maximale de 2300  euros dans le  \ncadre du centre de responsabilit\u00e9 de la sous-pr\u00e9fecture ;\nII \u2013 Administration locale  :  rubrique a), 3\u00e8me alin\u00e9a (lettres de demandes de pi\u00e8ces  \ncompl\u00e9mentaires ne valant pas recours gracieux).\nD\u00e9l\u00e9gation de signature lui est \u00e9galement donn\u00e9e pour la signature des documents suivants :\n- correspondances administratives ordinaires avec la pr\u00e9fecture, les chefs des services  \nr\u00e9gionaux et d\u00e9partementaux des administrations de l'\u00c9tat, les autorit\u00e9s r\u00e9gionales,  \nd\u00e9partementales et municipales, les \u00e9tablissements publics et les particuliers, ainsi  \nque les notes de service ; \n- ampliations des arr\u00eat\u00e9s et copies conformes des pi\u00e8ces administratives ;\n- autorisations de cong\u00e9s du personnel de la sous-pr\u00e9fecture de Brignoles \u00e0 l'exception  \ndes personnels de cat\u00e9gorie A.\nARTICLE 6     : En cas d'absence ou d'emp\u00eachement de M. Olivier BRYSKOWSKI, la d\u00e9l\u00e9gation  \nde signature qui lui est donn\u00e9e est exerc\u00e9e par :\n- Mme Corinne MANGIANTE, secr\u00e9taire g\u00e9n\u00e9rale adjointe ;  \n- Mme Elvire HATSCH-BARBE, cheffe du bureau de l'ing\u00e9nierie territoriale ;\nSont exclus de cette d\u00e9l\u00e9gation les actes \u00e0 caract\u00e8re d\u00e9cisoire portant sur les attributions  \nmentionn\u00e9es  aux  rubriques  d),  e),  f),  g),  i)   et  o)  du I  \u2013  Administration  g\u00e9n\u00e9rale  et  les \nattributions vis\u00e9es \u00e0 l'article 2. \nARTICLE 7 : D\u00e9l\u00e9gation est \u00e9galement donn\u00e9e \u00e0 M. Olivier BRYSKOWSKI, secr\u00e9taire g\u00e9n\u00e9ral de \nla sous-pr\u00e9fecture de Brignoles et \u00e0 Mme \u00c9lodie DEDE, cheffe du bureau de l'administration et \nde  la  r\u00e9glementation  g\u00e9n\u00e9rale,  pour  pr\u00e9sider  les  r\u00e9unions  ou  visites  des  commissions  de \ns\u00e9curit\u00e9 et d'accessibilit\u00e9 de l'arrondissement de Brignoles.\nARTICLE  8 :  L'arr\u00eat\u00e9  pr\u00e9fectoral  n\u00b0  2025/16/MCI  du  2  juin  2025  portant  d\u00e9l\u00e9gation  de \nsignature  \u00e0  Mme   Anne-C\u00e9cile  VIALLE,  sous-pr\u00e9f\u00e8te  de  l'arrondissement  de  Brignoles,  est \nabrog\u00e9.\nARTICLE 9 : Le secr\u00e9taire g\u00e9n\u00e9ral de la pr\u00e9fecture et la sous-pr\u00e9f\u00e8te de l'arrondissement de  \nBrignoles sont charg\u00e9s, chacun en ce qui le concerne, de l'ex\u00e9cution du pr\u00e9sent arr\u00eat\u00e9 qui   \nsera publi\u00e9 au recueil des actes administratifs de la pr\u00e9fecture du Var.\nToulon, le 17 d\u00e9cembre 2025\nLe pr\u00e9fet\nSign\u00e9\nSimon BABRE\n5/5\nPr\u00e9fecture du VAR - 83-2025-12-17-00003 - ARR\u00caT\u00c9 PR\u00c9FECTORAL n\u00b0 2025/74/MCI du 17 d\u00e9cembre 2025\nportant d\u00e9l\u00e9gation de signature \u00e0 Mme Anne-Cecile VIALLE,\nsous-pr\u00e9f\u00e8te de l'arrondissement de BRIGNOLES\n29\nPr\u00e9fecture du VAR\n83-2025-12-17-00002\nARR\u00caT\u00c9 PR\u00c9FECTORAL n\u00b02025/73/MCI du 17\nd\u00e9cembre 2025\nportant d\u00e9l\u00e9gation de signature \u00e0 Mme Myriam\nGARCIA,\nsous-pr\u00e9f\u00e8te de l'arrondissement de\nDRAGUIGNAN.\nPr\u00e9fecture du VAR - 83-2025-12-17-00002 - ARR\u00caT\u00c9 PR\u00c9FECTORAL n\u00b02025/73/MCI du 17 d\u00e9cembre 2025\nportant d\u00e9l\u00e9gation de signature \u00e0 Mme Myriam GARCIA,\nsous-pr\u00e9f\u00e8te de l'arrondissement de DRAGUIGNAN.\n30\n| =PCItEs...Fraternit\u00e9\nVu le d\u00e9cret du Pr\u00e9sident de la R\u00e9publique du 8 septembre 2021 portant nomination de  \nDirection de la coordination des politiques publiques\net de l'appui territorial\nMission de coordination interminist\u00e9rielle\nARR\u00caT\u00c9 PR\u00c9FECTORAL n\u00b02025/73/MCI du 17 d\u00e9cembre 2025              \nportant d\u00e9l\u00e9gation de signature \u00e0 Mme Myriam GARCIA,\nsous-pr\u00e9f\u00e8te de l'arrondissement de DRAGUIGNAN\nLe Pr\u00e9fet du Var,\nChevalier de la L\u00e9gion d'Honneur,\nChevalier de l'Ordre National du M\u00e9rite,\nVu la loi n\u00b0 82-213 du 2 mars 1982 modifi\u00e9e, relative aux droits et libert\u00e9s des communes, des  \nd\u00e9partements et des r\u00e9gions ;\nVu la loi n\u00b0 83-8 du 7 janvier 1983 modifi\u00e9e, relative \u00e0 la r\u00e9partition des comp\u00e9tences entre les \ncommunes, les d\u00e9partements, les r\u00e9gions et l'\u00c9tat ;\nVu  la  loi  d'orientation  n\u00b0  92-125  du  6  f\u00e9vrier  1992  modifi\u00e9e  relative  \u00e0  l'administration \nterritoriale de la R\u00e9publique ;\nVu la loi n\u00b0 2004-809 du 13 ao\u00fbt 2004 modifi\u00e9e relative aux libert\u00e9s et responsabilit\u00e9s locales ;\nVu le d\u00e9cret n\u00b0 97-34 du 15 janvier 1997 modifi\u00e9 relatif \u00e0 la d\u00e9concentration des d\u00e9cisions  \nadministratives individuelles ;\nVu  le  d\u00e9cret  n\u00b0  2004-374  du  29  avril  2004  modifi\u00e9  relatif  aux  pouvoirs  des  pr\u00e9fets,  \u00e0 \nl'organisation et \u00e0 l'action des services de l'\u00c9tat dans les r\u00e9gions et d\u00e9partements ;\nVu le d\u00e9cret n\u00b0 2015-510 du 7 mai 2015 portant charte de la d\u00e9concentration ;\nVu  le  d\u00e9cret  du  Pr\u00e9sident  de  la  R\u00e9publique  du  15  avril  2022  portant  nomination  de \nM.  Lucien  GIUDICELLI,  secr\u00e9taire  g\u00e9n\u00e9ral  de  la  pr\u00e9fecture  du  Var,  sous-pr\u00e9fet  de \nl'arrondissement de Toulon; \nVu  le  d\u00e9cret  du  Pr\u00e9sident  de  la  R\u00e9publique  du  6  juillet  2023  portant  nomination  de \nMme Myriam GARCIA, sous-pr\u00e9f\u00e8te de l'arrondissement de Draguignan ; \nVu  le  d\u00e9cret  du  Pr\u00e9sident  de  la  R\u00e9publique  du  3  avril  2024  portant  nomination  de \nMme Jos\u00e9phine GUIGLIANO-BOUTONNET, sous-pr\u00e9f\u00e8te, directrice de cabinet du pr\u00e9fet du  \nVar ;\nVu le d\u00e9cret du Pr\u00e9sident de la R\u00e9publique du 21 septembre 2024 portant nomination de  \nM. Jean-Baptiste MORINAUD, secr\u00e9taire g\u00e9n\u00e9ral adjoint de la pr\u00e9fecture du Var, sous-pr\u00e9fet  \ncharg\u00e9 de mission aupr\u00e8s du pr\u00e9fet du Var ;\nVu le d\u00e9cret du Pr\u00e9sident de la R\u00e9publique du 14 novembre 2024 portant nomination de  \nMme Anne-C\u00e9cile VIALLE, sous-pr\u00e9f\u00e8te de l'arrondissement de Brignoles;\nVu le d\u00e9cret du Pr\u00e9sident de la R\u00e9publique du 15 mai 2025 portant nomination de M. Simon  \nBABRE, pr\u00e9fet du Var ;\nSur proposition du secr\u00e9taire g\u00e9n\u00e9ral de la pr\u00e9fecture du Var,\n1/8\nPr\u00e9fecture du VAR - 83-2025-12-17-00002 - ARR\u00caT\u00c9 PR\u00c9FECTORAL n\u00b02025/73/MCI du 17 d\u00e9cembre 2025\nportant d\u00e9l\u00e9gation de signature \u00e0 Mme Myriam GARCIA,\nsous-pr\u00e9f\u00e8te de l'arrondissement de DRAGUIGNAN.\n31\nVu le d\u00e9cret du Pr\u00e9sident de la R\u00e9publique du 8 septembre 2021 portant nomination de  \nARR\u00caTE :\nARTICLE  1er     :  Ind\u00e9pendamment  des  attributions  qui  sont  conf\u00e9r\u00e9es  aux  sous-pr\u00e9fets \nd'arrondissement par les lois et r\u00e8glements, d\u00e9l\u00e9gation est donn\u00e9e \u00e0 Mme Myriam GARCIA , \nsous-pr\u00e9f\u00e8te de l'arrondissement de Draguignan, \u00e0 l'effet d'instruire et de signer tous actes de \ngestion relatifs au fonctionnement des services de la sous-pr\u00e9fecture ainsi que pour signer les  \narr\u00eat\u00e9s, circulaires et correspondances concernant, pour l'arrondissement de Draguignan, les  \naffaires suivantes, \u00e0 l'exclusion des requ\u00eates et m\u00e9moires aupr\u00e8s des juridictions :\nI \u2013 Administration g\u00e9n\u00e9rale :\nPour les \u00e9lections municipales :\n- d\u00e9livrance des r\u00e9c\u00e9piss\u00e9s provisoires et d\u00e9finitifs des d\u00e9clarations de candidature pour les  \ndeux tours de scrutin des \u00e9lections municipales ;\n-  refus  de  d\u00e9livrance  du  r\u00e9c\u00e9piss\u00e9  d\u00e9finitif  d'enregistrement  d'une  d\u00e9claration  de \ncandidature ;\n- en cours de mandat municipal, organisation des \u00e9lections municipales partielles.\nII \u2013 Administration locale\n1) Contr\u00f4le de l\u00e9galit\u00e9 et contr\u00f4le budg\u00e9taire\n- Signature des avis et recours gracieux (\u00e0 l'exception de ceux concernant les syndicats mixtes \ndont le conseil d\u00e9partemental du Var est membre) :\na) des projets de courriers propos\u00e9s par la direction d\u00e9partementale des territoires et de  \nla mer (DDTM) relevant du domaine public maritime ;\nb)  des  courriers,  des  lettres  de  demandes  de  pi\u00e8ces  compl\u00e9mentaires,  des  lettres \nd'observations et recours gracieux propos\u00e9s par la direction de la citoyennet\u00e9 et de la l\u00e9galit\u00e9 \ndans le cadre du contr\u00f4le de l\u00e9galit\u00e9 et du contr\u00f4le budg\u00e9taire des actes des communes,  \n\u00e9tablissements publics de coop\u00e9ration intercommunale et de syndicats intercommunaux ;\nc) en mati\u00e8re d'urbanisme, sur proposition de la DDTM :\n- des  courriers,  des  lettres  de  demandes  de  pi\u00e8ces  compl\u00e9mentaires,  des  lettres \nd'observations et recours gracieux ;\n- des avis de l'\u00c9tat ;\n- des avis sur les permis de d\u00e9molir ;\n- des  autorisations  ou  actes  relatifs  \u00e0  l'utilisation  et  \u00e0  l'occupation  du  sol  pour  les \nop\u00e9rations relevant de l'article R. 422-2 du code de l'urbanisme ;\n- des  autorisations  ou  actes  relatifs  \u00e0  l'utilisation  et  \u00e0  l'occupation  du  sol  dans  les \ncommunes non dot\u00e9es d'un document d'urbanisme approuv\u00e9, pour les cas pr\u00e9vus \u00e0  \nl'article L. 422-1-b du code de l'urbanisme.\n2) autorisation d'occupation temporaire et autorisation de p\u00e9n\u00e9trer sur les propri\u00e9t\u00e9s priv\u00e9es.\n3) arr\u00eat\u00e9s de cr\u00e9ation, de modification des attributions, de retrait  de communes membres,  \nd'adh\u00e9sion  de  nouvelles  communes  et  de  dissolution.se  rapportant  aux  \u00e9tablissements \npublics de coop\u00e9ration intercommunale dont le si\u00e8ge se trouve dans l'arrondissement, \u00e0  \nl'exception  des  communaut\u00e9s  d'agglom\u00e9ration,  des  communaut\u00e9s  de  communes,  des \nsyndicats mixtes dont le conseil d\u00e9partemental du Var est membre.\n 2/8\nPr\u00e9fecture du VAR - 83-2025-12-17-00002 - ARR\u00caT\u00c9 PR\u00c9FECTORAL n\u00b02025/73/MCI du 17 d\u00e9cembre 2025\nportant d\u00e9l\u00e9gation de signature \u00e0 Mme Myriam GARCIA,\nsous-pr\u00e9f\u00e8te de l'arrondissement de DRAGUIGNAN.\n32\nVu le d\u00e9cret du Pr\u00e9sident de la R\u00e9publique du 8 septembre 2021 portant nomination de  \n4) substitution aux maires  dans les cas pr\u00e9vus aux articles L. 2215-1 et L. 2215-5 du code  \ng\u00e9n\u00e9ral des collectivit\u00e9s territoriales ;\nIII \u2013 Coordination de l'action des services d\u00e9concentr\u00e9s\n- tous actes ou documents n\u00e9cessaires \u00e0 l'exercice de son pouvoir de coordination de l'action  \ndes services d\u00e9concentr\u00e9s de l'\u00c9tat pr\u00e9vu par le d\u00e9cret n\u00b0 2004-374 du 29 avril 2004 modifi\u00e9,  \net notamment toutes demandes d'information ;\n- constitution des groupes de travail pr\u00e9vus par les dispositions du titre VIII du code de  \nl'environnement relatif \u00e0 la protection du cadre de vie (publicit\u00e9, enseignes et pr\u00e9-enseignes)  \net mesures administratives d'application.\nARTICLE  2 :  D\u00e9l\u00e9gation  est  \u00e9galement  donn\u00e9e  \u00e0  Mme  Myriam  GARCIA,  sous-pr\u00e9f\u00e8te  de \nl'arrondissement  de  Draguignan,  \u00e0  l'effet  de  signer  tous  les  arr\u00eat\u00e9s,  circulaires  et \ncorrespondances  concernant  les  attributions  suivantes,  \u00e0  l'exclusion  des  requ\u00eates  et \nm\u00e9moires aupr\u00e8s des juridictions :\nI \u2013 Pour l'arrondissement de Draguignan :\na) opposition \u00e0 sortie du territoire pour les enfants mineurs ;\nb)  l\u00e9gislation  fun\u00e9raire :  les  laissez-passer  de  corps  et  urnes  cin\u00e9raires  vers  l'\u00e9tranger,  les \nautorisations de transport de corps et urnes cin\u00e9raires vers l'\u00e9tranger, les d\u00e9rogations au d\u00e9lai \nr\u00e9glementaire de quatorze jours en vue de l'inhumation ou de l'incin\u00e9ration des corps des  \npersonnes d\u00e9c\u00e9d\u00e9es, les autorisations d'inhumation en propri\u00e9t\u00e9 priv\u00e9e ;\nc)  demandes  d'enqu\u00eates  sociales  et  administratives  en  mati\u00e8re  de  logement  social  et \nd'expulsion, propositions de logements aux bailleurs sociaux ;\nd) octrois ou refus du concours de la force publique pour l'ex\u00e9cution des d\u00e9cisions de justice  \nen  mati\u00e8re  d'expulsion  locative,  domiciliaire  et  immobili\u00e8re,  des  demandes  d'indemnit\u00e9s \namiables, r\u00e8glement transactionnel des dossiers aff\u00e9rents, protocole d'accord de pr\u00e9vention  \ndes  expulsions  locatives,  mise  en  \u0153uvre  des  d\u00e9cisions  \u00ab droit  au  logement  opposable \u00bb \n(DALO) y compris les radiations et les recours gracieux DALO ;\ne)  d\u00e9cisions  sur  les  demandes  de  fermeture  tardive  des  d\u00e9bits  de  boissons,  les  mesures \nadministratives et la gestion des contentieux li\u00e9s \u00e0 ces mesures et d\u00e9cisions ; \nf)  autorisation  d'utilisation du  plan  d'eau  du  lac  de  Saint-Cassien  par  d\u00e9rogation  aux \ndispositions de l'arr\u00eat\u00e9 pr\u00e9fectoral du 16 juin 1977 ;\ng) d\u00e9cision de suspension et de r\u00e9tention  des permis de  conduire, d\u00e9cision de restriction de \nvalidit\u00e9 de permis de conduire cons\u00e9cutive aux examens en commission m\u00e9dicale d'aptitude,  \nd\u00e9cision de mise en \u0153uvre des visites m\u00e9dicales par autorit\u00e9, d\u00e9cision de mise en \u0153uvre des  \ndispositions  sp\u00e9cifiques  \u00e0  l'\u00e9thylotest  antid\u00e9marrage,  mise  en  \u0153uvre  de  la  proc\u00e9dure \nd'\u00e9change de permis de conduire \u00e9tranger apr\u00e8s suspension, signature des recours gracieux.\nh) d\u00e9livrance des attestations de duplicata des permis de chasser ;\ni) d\u00e9livrance des r\u00e9c\u00e9piss\u00e9s de revendeurs d'objets mobiliers ;\n3/8\nPr\u00e9fecture du VAR - 83-2025-12-17-00002 - ARR\u00caT\u00c9 PR\u00c9FECTORAL n\u00b02025/73/MCI du 17 d\u00e9cembre 2025\nportant d\u00e9l\u00e9gation de signature \u00e0 Mme Myriam GARCIA,\nsous-pr\u00e9f\u00e8te de l'arrondissement de DRAGUIGNAN.\n33\nVu le d\u00e9cret du Pr\u00e9sident de la R\u00e9publique du 8 septembre 2021 portant nomination de  \nj)  d\u00e9livrance  des  autorisations  d'installation  de  liaisons  d'alarme  avec  le  commissariat  de \npolice de Draguignan ;\nk)  d\u00e9clarations  d'option  pour  l'incorporation  dans  le  service  national  des  jeunes  double-\nnationaux ;\nl)  les  arr\u00eat\u00e9s  instaurant  un  p\u00e9rim\u00e8tre  de  protection  pour  les  manifestations  dont  il  a  la \nresponsabilit\u00e9, en application de l'article L. 226-1 du code de la s\u00e9curit\u00e9 int\u00e9rieure ;\nm) les proc\u00e8s-verbaux de r\u00e9union ou de visite de la commission de s\u00e9curit\u00e9 et d'accessibilit\u00e9  \nde l'arrondissement dont elle assure la pr\u00e9sidence ;\nII \u2013 Pour les arrondissements de Draguignan et de Brignoles :\na) signature des conventions de coordination des interventions de la police municipale et des  \nforces de s\u00e9curit\u00e9 de l'\u00c9tat ;\nb) agr\u00e9ments des policiers municipaux et des assistants temporaires de police municipale ;\nc) cartes professionnelles des policiers municipaux et des assistants temporaires de s\u00e9curit\u00e9;\nIII \u2013 Sur l'ensemble du d\u00e9partement du Var :\n- agr\u00e9ments des gardes particuliers.\nARTICLE  3 :  Ind\u00e9pendamment  des  attributions  qui  sont  conf\u00e9r\u00e9es  aux  sous-pr\u00e9fets \nd'arrondissement par les lois et r\u00e8glements, d\u00e9l\u00e9gation est donn\u00e9e \u00e0 Mme Myriam GARCIA , \nsous-pr\u00e9f\u00e8te de l'arrondissement de Draguignan, \u00e0 l'effet d'instruire et de signer tous les  \narr\u00eat\u00e9s,  circulaires  et  correspondances,  y  compris  les  requ\u00eates  et  m\u00e9moires  aupr\u00e8s  des \njuridictions, concernant la r\u00e9duction des nuisances caus\u00e9es par l'activit\u00e9 des h\u00e9licopt\u00e8res sur  \nles communes de la communaut\u00e9 de communes du golfe de Saint-Tropez et \u00e0 ce titre, de  \ng\u00e9rer les autorisations d'h\u00e9lisurfaces, d'h\u00e9listations et les rotations d'h\u00e9licopt\u00e8res aff\u00e9rentes.\nARTICLE  4 :  Ind\u00e9pendamment  des  attributions  qui  sont  conf\u00e9r\u00e9es  aux  sous-pr\u00e9fets \nd'arrondissement par les lois et r\u00e8glements, d\u00e9l\u00e9gation est donn\u00e9e \u00e0 Mme Myriam GARCIA , \nsous-pr\u00e9f\u00e8te de l'arrondissement de Draguignan, \u00e0 l'effet d'instruire les demandes de titre de  \ns\u00e9jour, prendre les d\u00e9cisions aff\u00e9rentes et signer les arr\u00eat\u00e9s, circulaires et correspondances  \nconcernant le bureau de l'immigration,  \u00e0 l'exclusion des requ\u00eates et m\u00e9moires aupr\u00e8s des  \njuridictions :\nI \u2013 Pour les usagers du d\u00e9partement du Var :\na) les titres de s\u00e9jour mention \u00ab visiteurs \u00bb, \u00ab citoyens/membres de famille UE \u00bb,\nb) les changements de situation, les duplicatas, \nc) les titres professionnels :\n\u00ab salari\u00e9s et travailleurs temporaires \u00bb\n\u00ab stagiaires \u00bb\n\u00ab recherche d'emploi -  cr\u00e9ation d'entreprise \u00bb\n\u00ab entrepreneurs \u00bb\n\u00ab jeunes au pair \u00bb\n\u00ab saisonniers \u00bb et \u00ab passeports talents \u00bb, dans le cadre de la solution de substitution\n\u00ab militaires stagiaires \u00bb,\n 4/8\nPr\u00e9fecture du VAR - 83-2025-12-17-00002 - ARR\u00caT\u00c9 PR\u00c9FECTORAL n\u00b02025/73/MCI du 17 d\u00e9cembre 2025\nportant d\u00e9l\u00e9gation de signature \u00e0 Mme Myriam GARCIA,\nsous-pr\u00e9f\u00e8te de l'arrondissement de DRAGUIGNAN.\n34\nVu le d\u00e9cret du Pr\u00e9sident de la R\u00e9publique du 8 septembre 2021 portant nomination de  \nd) le renouvellement des cartes de r\u00e9sident,\ne) les documents de circulation des enfants mineurs \u00e9trangers et les d\u00e9cisions de refus de  \nd\u00e9livrance, \nf) les arr\u00eat\u00e9s pr\u00e9fectoraux relatifs aux refus de s\u00e9jour et \u00e0 l'obligation de quitter le territoire  \nfran\u00e7ais pour les actes mentionn\u00e9s aux alin\u00e9as 4-a), 4-b), 4-c) et 4-d), \ng) les autorisations provisoires de s\u00e9jour en lien avec les dossiers mentionn\u00e9s aux alin\u00e9as 4-a),  \n4-b), 4-c) et 4-d) \nh) les d\u00e9cisions d\u00e9favorables concernant les saisonniers et les passeports talents instruits par  \nla plateforme r\u00e9gionale attractivit\u00e9,\ni) les lettres d'avertissement concernant les dossiers instruits en sous-pr\u00e9fecture en lien avec  \nl'ordre public,\nj) les r\u00e9c\u00e9piss\u00e9s de demande de titre de s\u00e9jour pour les actes mentionn\u00e9s aux alin\u00e9as 4-a), 4-\nb), 4-c) et 4-d)\nk) les prolongations de visas et visas pr\u00e9fectoraux pour les actes mentionn\u00e9s aux alin\u00e9as 4-a),  \n4-b), 4-c) et 4-d)\nII \u2013 Pour les usagers des arrondissements de Brignoles et Draguignan :\nl) les autorisations provisoires de s\u00e9jour protection temporaire (Ukraine, etc.),\n- pour les dossiers suivants   re\u00e7us avant le 3 f\u00e9vrier 2025   :\nm) les titres de s\u00e9jour mention \u00ab Vie Priv\u00e9e et Familiale \u00bb (VPF),\nn) les admissions exceptionnelles au s\u00e9jour (AES),\no) le dossiers d\u00e9pos\u00e9s au titre des B\u00e9n\u00e9ficiaires de la Protection Internationale (BPI),\np) les demandes de Titre de Voyage \u00c9tranger (TVE),\nq) les arr\u00eat\u00e9s pr\u00e9fectoraux relatifs aux refus de s\u00e9jour et \u00e0 l'obligation de quitter le territoire  \nfran\u00e7ais pour les actes mentionn\u00e9s aux alin\u00e9as 4-m), 4-n) et 4-o).\nr) les autorisations provisoires de s\u00e9jour en lien avec les dossiers mentionn\u00e9s aux alin\u00e9as 4-m),  \n4-n) et 4-o),\ns) les r\u00e9c\u00e9piss\u00e9s de demande de titre de s\u00e9jour pour les actes mentionn\u00e9s aux alin\u00e9as 4-m),  \n4-n) et 4-o).\n- Pour les usagers des arrondissements de Brignoles et Draguignan,  pour les dossiers re\u00e7us  \napr\u00e8s le 03/02/2025,  et concernant les titres de s\u00e9jour mention \u00ab  Vie Priv\u00e9e et Familiale  \u00bb \n(VPF), l'admission  exceptionnelle  au  s\u00e9jour  (AES)  et  les  dossiers  d\u00e9pos\u00e9s  au  titre  des \nB\u00e9n\u00e9ficiaires de la Protection Internationale (BPI) :\nt) les autorisations provisoires de s\u00e9jour,\nu) les r\u00e9c\u00e9piss\u00e9s de demande de titre de s\u00e9jour,\nv) les prolongations de visas et visas pr\u00e9fectoraux.\n \nARTICLE 5  : Except\u00e9 pour les  conventions de coordination des interventions de la police  \nmunicipale et des forces de s\u00e9curit\u00e9 de l'\u00c9tat, en cas d'absence ou d'emp\u00eachement de Mme \nMyriam GARCIA, la  d\u00e9l\u00e9gation de signature est donn\u00e9e dans les m\u00eames conditions \u00e0 Mme  \nAnne-C\u00e9cile VIALLE, sous-pr\u00e9f\u00e8te de l'arrondissement de BRIGNOLES, ou en cas d'absence ou \nd'emp\u00eachement  de  celle-ci, d\u00e9l\u00e9gation  de  signature  est  donn\u00e9e  \u00e0  Mme  Jos\u00e9phine \nGUIGLIANO-BOUTONNET, sous-pr\u00e9f\u00e8te, directrice de Cabinet du pr\u00e9fet du Var, ou, en cas  \nd'absence ou d'emp\u00eachement de celle-ci, \u00e0 M . Jean-Baptiste MORINAUD, secr\u00e9taire g\u00e9n\u00e9ral  \nadjoint de la pr\u00e9fecture du Var, sous-pr\u00e9fet charg\u00e9 de mission aupr\u00e8s du pr\u00e9fet du Var;\n5/8\nPr\u00e9fecture du VAR - 83-2025-12-17-00002 - ARR\u00caT\u00c9 PR\u00c9FECTORAL n\u00b02025/73/MCI du 17 d\u00e9cembre 2025\nportant d\u00e9l\u00e9gation de signature \u00e0 Mme Myriam GARCIA,\nsous-pr\u00e9f\u00e8te de l'arrondissement de DRAGUIGNAN.\n35\nVu le d\u00e9cret du Pr\u00e9sident de la R\u00e9publique du 8 septembre 2021 portant nomination de  \nARTICLE  6 : Lorsque  Mme  Myriam  GARCIA assure  le  service  de  permanence  institu\u00e9 \nconform\u00e9ment  \u00e0  l'ordre  des  permanences  fix\u00e9  p\u00e9riodiquement  par  le  pr\u00e9fet  du  Var, \nd\u00e9l\u00e9gation lui est alors accord\u00e9e \u00e0 l'effet de signer, pour l'ensemble du d\u00e9partement, toute  \nd\u00e9cision n\u00e9cessit\u00e9e par une situation d'urgence, notamment :\n\u2022 les d\u00e9cisions de suspension provisoire imm\u00e9diate des permis de conduire ;\n\u2022 les mesures d'\u00e9loignement relevant de la comp\u00e9tence du repr\u00e9sentant de l'\u00c9tat dans le \nd\u00e9partement et concernant les \u00e9trangers s\u00e9journant irr\u00e9guli\u00e8rement sur le territoire  \nfran\u00e7ais et les d\u00e9cisions de placement en r\u00e9tention administrative ou d'assignation \u00e0  \nr\u00e9sidence des \u00e9trangers objets de ces mesures, prises en application des dispositions  \ndu code de l'entr\u00e9e et du s\u00e9jour des \u00e9trangers et du droit d'asile (CESEDA) ;\n\u2022 tout courrier relatif aux proc\u00e9dures d'\u00e9loignement concernant les \u00e9trangers s\u00e9journant \nirr\u00e9guli\u00e8rement  sur  le  territoire  fran\u00e7ais,  y  compris  toute  requ\u00eate  adress\u00e9e  aux \njuridictions en mati\u00e8re de r\u00e9tention administrative, notamment au juge des libert\u00e9s et  \nde  la  d\u00e9tention  en  application  des  articles  L  552-1  \u00e0  L  552-8  du  CESEDA, en  vue \nd'obtenir la prolongation de la r\u00e9tention administrative ;\n\u2022 la d\u00e9livrance de passeports et de titres d'identit\u00e9 ;\n\u2022 les  arr\u00eat\u00e9s  pronon\u00e7ant  l'admission  sans  consentement  en  soins  psychiatriques  des \npersonnes dont les troubles mentaux n\u00e9cessitent des soins et compromettent la s\u00fbret\u00e9 \ndes  personnes  ou  portent  atteinte,  de  fa\u00e7on  grave,  \u00e0  l'ordre  public,  ainsi  que  les \noppositions  aux  demandes  d'autorisation  de  sortie  de  courte  dur\u00e9e  prises  en \napplication de l'article L 3211-11-1 du code de la sant\u00e9 publique ;\n\u2022 La saisine du juge du tribunal judiciaire aux fins de contr\u00f4les des mesures de soins sans  \nconsentement ; \n\u2022 La signature des m\u00e9moires  produits dans le cadre des audiences du juge judiciaire en  \nmati\u00e8re de soins sans consentement ; \n\u2022 les gardes statiques et escortes de d\u00e9tenus ;\n\u2022 les autorisations de transport de corps en dehors du territoire m\u00e9tropolitain.\nARTICLE  7 : D\u00e9l\u00e9gation  de  signature  est  donn\u00e9e  \u00e0  Mme  Isabelle  POUGET,  conseiller \nd'administration de l'int\u00e9rieur et de l'outre-mer, secr\u00e9taire g\u00e9n\u00e9rale de la sous-pr\u00e9fecture de  \nl'arrondissement de Draguignan, pour :\n\u2022 les actes mentionn\u00e9s \u00e0 la rubrique I de l'article 1er ;\n\u2022 les  actes  mentionn\u00e9s  \u00e0  l'article  2  aux  alin\u00e9as  I-a),  I-b),  I-c),  I-d)  pour  la  demande \nd'\u00e9mission de perception et versement des indemnit\u00e9s amiables dans le contentieux  \ndes expulsions locatives, I-e), I-g), I-h), I-i), I-j), I-k), I-m) / II-b), II-c) / et \u00e0 la rubrique III ;\n\u2022 l'engagement des d\u00e9penses courantes \u00e0 hauteur de 2300 euros toutes taxes comprises  \net la signature des contrats dans le cadre la gestion du centre de responsabilit\u00e9 de la  \nsous-pr\u00e9fecture ;\n\u2022 les actes mentionn\u00e9s \u00e0 l'article 4 ;\n\u2022 les correspondances administratives ordinaires avec la pr\u00e9fecture, les chefs de service  \nr\u00e9gionaux et d\u00e9partementaux des administrations de l'\u00c9tat, les autorit\u00e9s r\u00e9gionales  \nd\u00e9partementales et municipales, les \u00e9tablissements publics et les particuliers, ainsi que \nles notes de service ;\n\u2022 les autorisations de cong\u00e9s des agents de la sous-pr\u00e9fecture de l'arrondissement de  \nDraguignan.\nARTICLE  8 : D\u00e9l\u00e9gation  de  signature  est  donn\u00e9e  \u00e0  Mme  Claire  CHAPELAND,  attach\u00e9e \nprincipale d'administration de l'\u00c9tat, cheffe du bureau de l'ing\u00e9nierie territoriale, pour :\n 6/8\nPr\u00e9fecture du VAR - 83-2025-12-17-00002 - ARR\u00caT\u00c9 PR\u00c9FECTORAL n\u00b02025/73/MCI du 17 d\u00e9cembre 2025\nportant d\u00e9l\u00e9gation de signature \u00e0 Mme Myriam GARCIA,\nsous-pr\u00e9f\u00e8te de l'arrondissement de DRAGUIGNAN.\n36\nVu le d\u00e9cret du Pr\u00e9sident de la R\u00e9publique du 8 septembre 2021 portant nomination de  \n\u2022 les actes mentionn\u00e9s \u00e0 la rubrique I de l'article 1er ;\n\u2022 les  actes  mentionn\u00e9s  \u00e0  l'article  2  aux  alin\u00e9as  I-a),  I-b),  I-c),  I-d)  pour  la  demande \nd'\u00e9mission de perception et versement des indemnit\u00e9s amiables dans le contentieux  \ndes expulsions locatives, I-h), I-i), I-j), I-k), I-m) /  II-b) et II-c) ;\n\u2022 les actes mentionn\u00e9s \u00e0 l'article 4 aux alin\u00e9as 4-g), 4-j), 4-k), 4-l), 4-r), 4-s), 4-t), 4-u), 4-v) ;\n\u2022 les correspondances administratives ordinaires avec la pr\u00e9fecture, les chefs de service  \nr\u00e9gionaux et d\u00e9partementaux des administrations de l'\u00c9tat, les autorit\u00e9s r\u00e9gionales  \nd\u00e9partementales et municipales, les \u00e9tablissements publics et les particuliers, ainsi que \nles notes de service ;\n\u2022 les autorisations de cong\u00e9s des agents de la sous-pr\u00e9fecture de l'arrondissement de  \nDraguignan.\nARTICLE  9: D\u00e9l\u00e9gation  de  signature  est  donn\u00e9e  \u00e0  Mme  Audr\u00e8ne  ASQUO\u00cbT,  attach\u00e9e \nd'administration  de  l'\u00c9tat,  cheffe  du  bureau  de  l'administration  et  de  la  r\u00e9glementation \ng\u00e9n\u00e9rale, pour :\n- les actes concernant les attributions mentionn\u00e9es \u00e0 l'article 2, alin\u00e9as I-a), I-b), I-c), I-g),  \nI-h), I-i), l-j) et I-k) ;\n- les actes mentionn\u00e9s \u00e0 l'article 2, alin\u00e9a I-d) pour la demande d'\u00e9mission de perception \net versement des indemnit\u00e9s amiables dans le contentieux des expulsions locatives et  \naux II-b) et II-c)\n- Les actes  relevant des attributions mentionn\u00e9es \u00e0 la rubrique III de l'article 2 ; \n- tout document n'ayant pas de caract\u00e8re de d\u00e9cision pour les attributions mentionn\u00e9es \n\u00e0 l'article 2, aux alin\u00e9as I-e), I-f) et I-m).\nARTICLE 10 : En cas d'absence ou d'emp\u00eachement de Mme Audr\u00e8ne ASQUO\u00cbT, la d\u00e9l\u00e9gation \nde signature qui lui est donn\u00e9e \u00e0 l'article 9 est exerc\u00e9e par M. Alain PASSERON, secretaire  \nadministratif,  adjoint  \u00e0  la  cheffe  du  bureau  de  l'administration  et  de  la  r\u00e9glementation \ng\u00e9n\u00e9rale, pour :\n- les actes concernant les attributions de l'article 2, alin\u00e9as I-b), 1-g), I-h) et I-i) ;\n- les cartes professionnelles mentionn\u00e9es \u00e0 la'rticle 2,  \u00e0 l'alin\u00e9a II-c).\nARTICLE  11 : D\u00e9l\u00e9gation  de  signature  est  donn\u00e9e  \u00e0  Mme  Marie-Laure  LAMASA,  attach\u00e9e \nd'administration  de  l'\u00c9tat,  cheffe  du  bureau  de  l'immigration,  en  ce  qui  concerne  les \nattributions mentionn\u00e9es \u00e0 l'aticle 4, aux alin\u00e9as 4-g), 4-j), 4-k), 4-l), 4-r), 4-s), 4-t), 4-u), 4-v) et  \nen ce qui concerne les d\u00e9cisions, rapports, correspondances, documents et actes relatifs aux  \nalin\u00e9as 4-a), 4-b), 4-c), 4-d), 4-e), 4-m), 4-n), 4-o), 4-p). \nARTICLE  12 : En  cas  d'absence  ou  d'emp\u00eachement  de  Madame  Marie-Laure  LAMASA,  la \nd\u00e9l\u00e9gation de signature qui lui est donn\u00e9e \u00e0 l'article 11 est exerc\u00e9e par M. Alexandre TAHERI,  \nsecr\u00e9taire administratif, adjoint \u00e0 la cheffe du bureau de l'immigration, en ce qui concerne les  \nattributions de l'article 4, aux alin\u00e9as 4-g), 4-j), 4-k), 4-l), 4-r), 4-s), 4-t), 4-u),  4-v), et en ce qui  \nconcerne les d\u00e9cisions, rapports, correspondances, documents et actes relatifs aux alin\u00e9as  \n4-a), 4-b), 4-c), 4-d), 4-e), 4-m), 4-n), 4-o), 4-p). \nARTICLE 13     : En cas d'absence ou d'emp\u00eachement de Madame Marie-Laure LAMASA et/ou de  \nM. Alexandre TAHERI, la d\u00e9l\u00e9gation de signature est donn\u00e9e \u00e0 Mme Emmanuelle PODESTA,  \n7/8\nPr\u00e9fecture du VAR - 83-2025-12-17-00002 - ARR\u00caT\u00c9 PR\u00c9FECTORAL n\u00b02025/73/MCI du 17 d\u00e9cembre 2025\nportant d\u00e9l\u00e9gation de signature \u00e0 Mme Myriam GARCIA,\nsous-pr\u00e9f\u00e8te de l'arrondissement de DRAGUIGNAN.\n37\nVu le d\u00e9cret du Pr\u00e9sident de la R\u00e9publique du 8 septembre 2021 portant nomination de  \nadjoint  administratif  principal,  cheffe  de  section  du  bureau  de  l'immigration,  en  ce  qui \nconcerne les attributions de l'article 4, aux alin\u00e9as 4-g), 4-j), 4-l), 4-r), 4-s), 4-t), 4-u).\nARTICLE 14     : L'arr\u00eat\u00e9 pr\u00e9fectoral n\u00b02025/63/MCI du 24 septembre 20253 portant d\u00e9l\u00e9gation  \nde signature \u00e0 MME Myriam GARCIA, sous-pr\u00e9f\u00e8te de Draguignan, est abrog\u00e9.\nARTICLE 15  : Le secr\u00e9taire g\u00e9n\u00e9ral de la pr\u00e9fecture et la sous-pr\u00e9f\u00e8te de l'arrondissement de  \nDraguignan sont charg\u00e9s, chacun en ce qui le concerne, de l'ex\u00e9cution du pr\u00e9sent arr\u00eat\u00e9 qui  \nsera publi\u00e9 au recueil des actes administratifs de la pr\u00e9fecture du Var.\nToulon, le 17 d\u00e9cembre 2025\nLe pr\u00e9fet\nSign\u00e9\nSimon BABRE\n 8/8\nPr\u00e9fecture du VAR - 83-2025-12-17-00002 - ARR\u00caT\u00c9 PR\u00c9FECTORAL n\u00b02025/73/MCI du 17 d\u00e9cembre 2025\nportant d\u00e9l\u00e9gation de signature \u00e0 Mme Myriam GARCIA,\nsous-pr\u00e9f\u00e8te de l'arrondissement de DRAGUIGNAN.\n38\nPr\u00e9fecture du VAR\n83-2025-12-17-00004\nARR\u00caT\u00c9 PR\u00c9FECTORAL N\u00b02025/75/MCI du 17\nd\u00e9cembre 2025\nportant d\u00e9l\u00e9gation de signature \u00e0\nMme Jos\u00e9phine GUIGLIANO-BOUTONNET,\ndirectrice de Cabinet du pr\u00e9fet du Var\nPr\u00e9fecture du VAR - 83-2025-12-17-00004 - ARR\u00caT\u00c9 PR\u00c9FECTORAL N\u00b02025/75/MCI du 17 d\u00e9cembre 2025\nportant d\u00e9l\u00e9gation de signature \u00e0\nMme Jos\u00e9phine GUIGLIANO-BOUTONNET, directrice de Cabinet du pr\u00e9fet du Var\n39\n=mPREFETDU VARLibert\u00e9Egalit\u00e9Fraternit\u00e9\nDirection de la coordination des politiques publiques\net de l'appui territorial\nMission de coordination interminist\u00e9rielle\nARR\u00caT\u00c9 PR\u00c9FECTORAL N\u00b02025/75/MCI du 17 d\u00e9cembre 2025 \nportant d\u00e9l\u00e9gation de signature \u00e0 \nMme Jos\u00e9phine GUIGLIANO-BOUTONNET, directrice de Cabinet du pr\u00e9fet du Var\nLe Pr\u00e9fet du Var,\nChevalier de la L\u00e9gion d'Honneur,\nChevalier de l'Ordre National du M\u00e9rite,\nVu la loi n\u00b0 82-213 du 2 mars 1982 modifi\u00e9e, relative aux droits et libert\u00e9s des communes, des  \nd\u00e9partements et des r\u00e9gions ;\nVu la loi n\u00b0 83-8 du 7 janvier 1983 modifi\u00e9e, relative \u00e0 la r\u00e9partition des comp\u00e9tences entre les \ncommunes, les d\u00e9partements, les r\u00e9gions et l'\u00c9tat ;\nVu  la  loi  d'orientation  n\u00b0  92-125  du  6  f\u00e9vrier  1992  modifi\u00e9e  relative  \u00e0  l'administration \nterritoriale de la R\u00e9publique ;\nVu la loi n\u00b0 2004-809 du 13 ao\u00fbt 2004 modifi\u00e9e relative aux libert\u00e9s et responsabilit\u00e9s locales ;\nVu  le  d\u00e9cret  n\u00b0  2004-374  du  29  avril  2004  modifi\u00e9  relatif  aux  pouvoirs  des  pr\u00e9fets,  \u00e0 \nl'organisation et \u00e0 l'action des services de l'\u00c9tat dans les r\u00e9gions et d\u00e9partements ;\nVu le d\u00e9cret n\u00b0 2015-510 du 7 mai 2015 portant charte de la d\u00e9concentration ;\nVu  le  d\u00e9cret  du  Pr\u00e9sident  de  la  R\u00e9publique  du  15  avril  2022  portant  nomination  de \nM.  Lucien  GIUDICELLI,  secr\u00e9taire  g\u00e9n\u00e9ral  de  la  pr\u00e9fecture  du  Var,  sous-pr\u00e9fet  de  \nl'arrondissement de Toulon ; \nVu  le  d\u00e9cret  du  Pr\u00e9sident  de  la  R\u00e9publique  du  3  avril  2024  portant  nomination  de \nMme Jos\u00e9phine GUIGLIANO-BOUTONNET, sous-pr\u00e9f\u00e8te, directrice de cabinet du pr\u00e9fet du  \nVar ;\nVu le d\u00e9cret du Pr\u00e9sident de la R\u00e9publique du 15 mai 2025 portant nomination de M. Simon  \nBABRE, pr\u00e9fet du Var ;\nSur proposition du secr\u00e9taire g\u00e9n\u00e9ral de la pr\u00e9fecture du Var,\nARR\u00caTE :\nARTICLE 1\nD\u00e9l\u00e9gation est donn\u00e9e \u00e0  Mme Jos\u00e9phine GUIGLIANO-BOUTONNET, sous-pr\u00e9f\u00e8te, directrice  \nde cabinet du pr\u00e9fet du Var , \u00e0 l'effet de signer tous actes, arr\u00eat\u00e9s, d\u00e9cisions, m\u00e9moires en  \n1/8\nPr\u00e9fecture du VAR - 83-2025-12-17-00004 - ARR\u00caT\u00c9 PR\u00c9FECTORAL N\u00b02025/75/MCI du 17 d\u00e9cembre 2025\nportant d\u00e9l\u00e9gation de signature \u00e0\nMme Jos\u00e9phine GUIGLIANO-BOUTONNET, directrice de Cabinet du pr\u00e9fet du Var\n40\nd\u00e9fense, correspondances administratives et notes de service, dans les domaines relevant des \nattributions du bureau de la repr\u00e9sentation de l'\u00c9tat, de la direction des s\u00e9curit\u00e9s et de la  \nd\u00e9l\u00e9gation d\u00e9partementale aux droits des femmes et \u00e0 l'\u00e9galit\u00e9, \u00e0 l'exclusion des r\u00e9quisitions  \ndes moyens militaires. \nARTICL  E 2  \nEn  cas  d'absence  ou  d'emp\u00eachement  de  Mme  Jos\u00e9phine  GUIGLIANO-BOUTONNET,  la \nd\u00e9l\u00e9gation  de  signature  qui  lui  est  accord\u00e9e  \u00e0  l'article  1  est  exerc\u00e9e  par  M.  Vincent \nBARASTIER, directeur des s\u00e9curit\u00e9s, et, en son absence, par Mme Audrey BORGO, cheffe de  \ncabinet, directrice adjointe des s\u00e9curit\u00e9s.\nEst exclue de ces dispositions, la signature des lettres circulaires et des lettres personnelles  \naux \u00e9lus du d\u00e9partement.\nARTICLE 3\nLorsque Mme Jos\u00e9phine GUIGLIANO-BOUTONNET assure le service de permanence institu\u00e9  \nconform\u00e9ment \u00e0 l'ordre des permanences fix\u00e9 par le pr\u00e9fet du Var, d\u00e9l\u00e9gation sp\u00e9ciale lui est \naccord\u00e9e \u00e0 l'effet de signer, pour l'ensemble du d\u00e9partement, tous arr\u00eat\u00e9s et toutes d\u00e9cisions \nrelevant des attributions de l'\u00c9tat dans le d\u00e9partement, notamment :\na) Les d\u00e9cisions de suspension provisoire imm\u00e9diate des permis de conduire ;\nb) Les mesures d'\u00e9loignement relevant de la comp\u00e9tence du repr\u00e9sentant de l'\u00c9tat dans le  \nd\u00e9partement  et  concernant  les  \u00e9trangers  s\u00e9journant  irr\u00e9guli\u00e8rement  sur  le  territoire \nfran\u00e7ais  ainsi  que  les  d\u00e9cisions  de  placement  en  r\u00e9tention  administrative  ou  \nd'assignation  \u00e0  r\u00e9sidence  des  \u00e9trangers  faisant  l'objet  de  ces  mesures  prises  en \napplication des dispositions du Code de l'entr\u00e9e et du s\u00e9jour des \u00e9trangers et du droit  \nd'asile (CESEDA) ;\nc) Tout courrier relatif aux proc\u00e9dures d'\u00e9loignement concernant les \u00e9trangers s\u00e9journant  \nirr\u00e9guli\u00e8rement  sur  le  territoire  fran\u00e7ais,  y  compris  toute  requ\u00eate  adress\u00e9e  aux  \njuridictions en mati\u00e8re de r\u00e9tention administrative, notamment au juge des libert\u00e9s et  \nde  la  d\u00e9tention,  en  application  des  articles  L.  552-1  \u00e0  L.  552-8  du  CESEDA en  vue \nd'obtenir la prolongation de la r\u00e9tention administrative ;\nd) La d\u00e9livrance de passeports et de titres d'identit\u00e9 ;\ne) Les  arr\u00eat\u00e9s  pronon\u00e7ant  l'admission  sans  consentement  en  soins  psychiatriques  des \npersonnes dont les troubles mentaux n\u00e9cessitent des soins et compromettent la s\u00fbret\u00e9  \ndes  personnes  ou  portent  atteinte,  de  fa\u00e7on  grave,  \u00e0  l'ordre  public,  ainsi  que  les \noppositions  aux  demandes  d'autorisation  de  sortie  de  courte  dur\u00e9e  prises  en  \napplication de l'article L. 3211-11-1 du Code de la sant\u00e9 publique ;\nf) La saisine du juge du tribunal judiciaire aux fins de contr\u00f4les des mesures de soins sans  \nconsentement ;\ng) La signature des m\u00e9moires produits dans le cadre des audiences du juge judiciaire en  \nmati\u00e8re de soins sans consentement ; \nh) Les gardes statiques et escortes de d\u00e9tenus ;\ni) Les autorisations de transport de corps en dehors du territoire m\u00e9tropolitain ;\nD\u00e9l\u00e9gation lui est \u00e9galement donn\u00e9e pour signer toute r\u00e9quisition, toute requ\u00eate ou tout  \nm\u00e9moire  aupr\u00e8s  des  juridictions,  notamment  en  mati\u00e8re  de  r\u00e9tention  administrative,  \u00e0 \nl'exclusion des d\u00e9clinatoires de comp\u00e9tence et arr\u00eat\u00e9s de conflit.\n2/8\nPr\u00e9fecture du VAR - 83-2025-12-17-00004 - ARR\u00caT\u00c9 PR\u00c9FECTORAL N\u00b02025/75/MCI du 17 d\u00e9cembre 2025\nportant d\u00e9l\u00e9gation de signature \u00e0\nMme Jos\u00e9phine GUIGLIANO-BOUTONNET, directrice de Cabinet du pr\u00e9fet du Var\n41\nARTICLE 4\nD\u00e9l\u00e9gation est donn\u00e9e \u00e0 Mme Rebecca FERRARIS MORENO,  attach\u00e9e d'administration de  \nl'\u00c9tat, cheffe du bureau de la repr\u00e9sentation de l'\u00c9tat, aux fins de signer, dans les limites des  \nattributions de ce bureau, tous actes, documents et correspond ances ne pr\u00e9sentant pas un  \ncaract\u00e8re d\u00e9cisionnel.\nEn cas d'absence ou d'emp\u00eachement de Mme Rebecca FERRARIS MORENO, la d\u00e9l\u00e9gation qui \nlui  est  accord\u00e9e  par  le  pr\u00e9sent  article  est  exerc\u00e9e  dans  les  m\u00eames  conditions  par  \nMme Hannelore PAULET, secr\u00e9taire administrative de classe sup\u00e9rieure, adjointe \u00e0 la cheffe  \ndu bureau de la repr\u00e9sentation de l'\u00c9tat. \nEst exclue du champ de cette d\u00e9l\u00e9gation la signature des requ\u00eates et m\u00e9moires aupr\u00e8s des  \njuridictions, des lettres circulaires et des lettres personnelles aux \u00e9lus.\nARTICLE 5\nD\u00e9l\u00e9gation est donn\u00e9e \u00e0 M. Vincent BARASTIER,  attach\u00e9 hors classe d'administration de  \nl'\u00c9tat, directeur des s\u00e9curit\u00e9s,  aux fins de signer,  dans les limites des attributions de cette  \ndirection, tous actes, documents et correspondances, notamment :\na)  les  autorisations  de  vente  au  d\u00e9tail  d'armes  hors  d'un  local  fixe  et  permanent,  les \nagr\u00e9ments d'armurier, les autorisations d'ouverture d'un commerce d'armes, les autorisations  \nde  recompl\u00e8tement  des  stocks  de  munitions  des  soci\u00e9t\u00e9s  de  convoyage  de  fonds,  les \nautorisations d'acquisition et de d\u00e9tention d'armes de cat\u00e9gorie B et les ports d'armes pour  \nles lieutenants de louveterie ;\nb) les accus\u00e9s de r\u00e9ception de demandes d'acquisition et de d\u00e9tention d'armes de cat\u00e9gorie  \nB, les autorisations d'acquisition et de d\u00e9tention d'armes de cat\u00e9gorie B et de munitions, les  \nr\u00e9c\u00e9piss\u00e9s  de  d\u00e9claration  d'acquisition  d'armes  de  cat\u00e9gorie  C,  les  cartes  europ\u00e9ennes \nd'armes \u00e0 feu ;\nc) l'agr\u00e9ment des agents asserment\u00e9s d'organismes publics ou priv\u00e9s, les autorisations de port \nd'armes des convoyeurs de fonds et des agents asserment\u00e9s des organismes publics ou priv\u00e9s, \nles autorisations d'acquisition, de d\u00e9tention et de port d'armes des organismes priv\u00e9s de  \ns\u00e9curit\u00e9  (protection  physique  arm\u00e9e  des  personnes  ou  mission  de  surveillance  ou  de \ngardiennage), des lieutenants de louveterie et des organismes de formation dispensant des  \nformations  \u00e0  une  activit\u00e9  priv\u00e9e  de  s\u00e9curit\u00e9,  les  autorisations  pr\u00e9alables  \u00e0  l'acc\u00e8s  aux \nformations aux m\u00e9tiers de l'armurerie et de l'armement ;\nd) 1\u00b0 pour l'arrondissement de Toulon :\nles  d\u00e9cisions  relatives  aux  demandes  d'agr\u00e9ment  des  policiers  municipaux  et  des \nassistants  temporaires  de  police  municipale,  le  visa  des  cartes  professionnelles  des \nagents  de  police  municipale,  les  conventions  de  coordination  entre  les  polices  \nmunicipales et les forces de s\u00e9curit\u00e9 int\u00e9rieure de l'\u00c9tat ;\n2\u00b0 pour le d\u00e9partement :\nles arr\u00eat\u00e9s d'autorisation d'acquisition et de d\u00e9tention d'armes et munitions d\u00e9livr\u00e9s aux \ncommunes  pour  l'armement  des  polices  municipales,  les  d\u00e9cisions  relatives  aux  \ndemandes d'autorisations de port d'armes pour les policiers municipaux, les d\u00e9cisions  \nrelatives aux demandes d'autorisations d'enregistrement audiovisuel des interventions  \ndes  policiers  municipaux  au  moyen  de  cam\u00e9ras  individuelles,  les  mutualisations  de \nplusieurs polices municipales, les visas des cartes professionnelles des garde-champ\u00eatres, \nles visas relatifs \u00e0 l'armement des garde-champ\u00eatres ;\n3/8\nPr\u00e9fecture du VAR - 83-2025-12-17-00004 - ARR\u00caT\u00c9 PR\u00c9FECTORAL N\u00b02025/75/MCI du 17 d\u00e9cembre 2025\nportant d\u00e9l\u00e9gation de signature \u00e0\nMme Jos\u00e9phine GUIGLIANO-BOUTONNET, directrice de Cabinet du pr\u00e9fet du Var\n42\ne) les r\u00e9c\u00e9piss\u00e9s de d\u00e9clarations de spectacles pyrotechniques, les interdictions de spectacles \npyrotechniques, les autorisations pr\u00e9alables \u00e0 l'acc\u00e8s aux formations d'explosifs, les certificats \nde qualification d'artificier F4-T2, les agr\u00e9ments des artificiers ;\nf) les autorisations de manifestations a\u00e9riennes et des spectacles a\u00e9riens publics, les d\u00e9cisions \nrelatives aux demandes de  d\u00e9rogation aux hauteurs de survol,  les d\u00e9cisions relatives aux  \ndemandes  d'autorisations  de  survol  a\u00e9rien  en  zone  urbaine,  les  d\u00e9cisions  relatives  aux \ndemandes d'habilitations des pilotes \u00e0 utiliser les h\u00e9lisurfaces ou hydrosurfaces, les r\u00e9c\u00e9piss\u00e9s \nde  d\u00e9claration  d'utilisation  d'un  a\u00e9ronef  t\u00e9l\u00e9-pilot\u00e9  (drone),  les  interdictions  suite  \u00e0  une \nd\u00e9claration d'utilisation d'un a\u00e9ronef t\u00e9l\u00e9-pilot\u00e9 (drone), les d\u00e9cisions relatives aux demandes  \nd'agr\u00e9ments des associations a\u00e9ronautiques (a\u00e9roclubs),  cr\u00e9ation de plateformes sanitaires,  \nd'h\u00e9listations,  cr\u00e9ation  d'h\u00e9lisurfaces,  \u00e0  l'exclusion  de  celles  situ\u00e9es  sur  le  territoire  des \ncommunes de la communaut\u00e9 de communes du golfe de Saint-Tropez, cr\u00e9ation d'altisurface,  \nd'avisurface, cr\u00e9ation et exploitation de plateforme r\u00e9serv\u00e9e \u00e0 la pratique des a\u00e9ronefs ULM,  \nzones d'interdiction de survol temporaire, d\u00e9rogations aux zones interdites \u00e0 la captation de  \ndonn\u00e9es relevant du ministre de l'Int\u00e9rieur ;\ng) 1\u00b0 Pour l'arrondissement de Toulon :\nles d\u00e9cisions sur les demandes de fermeture tardive des d\u00e9bits de boissons, les mesures \nadministratives  et  la  gestion  des  contentieux  li\u00e9s  \u00e0  ces  mesures  et  d\u00e9cisions ;   les \nd\u00e9cisions et courriers relatifs \u00e0 la police administrative des d\u00e9bits de boissons,  les \ncourriers d'observations et les fermetures administratives dans le cadre du contr\u00f4le \u00e0  \nposteriori  des  d\u00e9clarations  faites en  mairie,  relatives  aux  d\u00e9bits  de  boissons  \u00e0 \nconsommer sur place,\n     2\u00b0 Pour le d\u00e9partement :\nles d\u00e9cisions relatives aux transferts de licence des d\u00e9bits de boissons, les d\u00e9cisions  \nrelatives aux demandes d'agr\u00e9ments des organismes dispensant aux exploitants des  \nd\u00e9bits de boissons une formation mentionn\u00e9e \u00e0 l'article L.3332-1-1 du code de la sant\u00e9  \npublique, les mesures administratives \u00e0 l'encontre des \u00e9tablissements signal\u00e9s par les  \nservices des douanes (vente ill\u00e9gale de tabac) ;\nh) les d\u00e9cisions relatives aux demandes d'installation, de renouvellement ou de modification  \nd'un  syst\u00e8me  de  vid\u00e9oprotection,  les  r\u00e9c\u00e9piss\u00e9s  de  demande  d'installation,  de  \nrenouvellement ou de modification d'un syst\u00e8me de vid\u00e9oprotection ;\nLes d\u00e9cisions relatives \u00e0 l'agr\u00e9ment des personnels des collectivit\u00e9s territoriales et de leurs  \ngroupements proc\u00e9dant au visionnage des images de vid\u00e9oprotection ; \ni)  les  r\u00e9c\u00e9piss\u00e9s  de  d\u00e9clarations  de  manifestations  sportives,  assortis  d'\u00e9ventuelles  \nprescriptions ;\nj) les autorisations d'exercice d'activit\u00e9s priv\u00e9es de s\u00e9curit\u00e9 sur la voie publique ;\nk)  les  habilitations  et  agr\u00e9ments  des  agents  de  s\u00fbret\u00e9  portuaire,  a\u00e9roportuaire  et  \nferroviaire ;\nl)  les  bons  de  commandes  et  certificats  d'acquisition  d'explosifs  et  de  d\u00e9tonateurs,  les \nagr\u00e9ments techniques d'installation ou de d\u00e9p\u00f4t d'explosifs, les autorisations d'exploitation  \nd'installation ou de d\u00e9p\u00f4t d'explosifs, les habilitations \u00e0 l'emploi pour les personnes charg\u00e9es  \nde la garde, la mise en \u0153uvre et le tir de produits explosifs, les autorisations d'utilisation de  \nproduits explosifs d\u00e8s r\u00e9ception, les agr\u00e9ments des personnels travaillant dans les installations \nfixes ou mobiles de produits explosifs et des personnes intervenant dans ces installations en  \nvue de l'entretien des \u00e9quipements de s\u00fbret\u00e9, les agr\u00e9ments de tir mortier ;\n4/8\nPr\u00e9fecture du VAR - 83-2025-12-17-00004 - ARR\u00caT\u00c9 PR\u00c9FECTORAL N\u00b02025/75/MCI du 17 d\u00e9cembre 2025\nportant d\u00e9l\u00e9gation de signature \u00e0\nMme Jos\u00e9phine GUIGLIANO-BOUTONNET, directrice de Cabinet du pr\u00e9fet du Var\n43\nm) les documents relatifs \u00e0 la gestion des cr\u00e9dits du BOP 207 ainsi que les documents et  \ncontrats ou avenants d'assurance relatifs au v\u00e9hicule du SESR, \u00e0 l'activit\u00e9 de la MSR-Var et \u00e0  \nl'organisation de journ\u00e9es sp\u00e9cifiques de s\u00e9curit\u00e9 routi\u00e8re ;\nn) toutes d\u00e9cisions relatives aux suspensions provisoires du permis de conduire ainsi que les  \nagr\u00e9ments et habilitations des m\u00e9decins et des centres psychotechniques ;\no) toutes d\u00e9cisions relatives aux d\u00e9cisions de restriction de la conduite aux seuls v\u00e9hicules  \n\u00e9quip\u00e9s d'un \u00e9thylotest anti-d\u00e9marrage (EAD) ; \np)  les  arr\u00eat\u00e9s  temporaires  et  permanents  et  avis  de  police  de  circulation  concernant  les \nr\u00e9seaux autoroutiers conc\u00e9d\u00e9s et non conc\u00e9d\u00e9s et les routes \u00e0 grande circulation ;\nq) les avis et arr\u00eat\u00e9s portant sur des demandes de d\u00e9rogations de circulation des poids-lourds  \nde plus de 7 ,5 tonnes et des transports de mati\u00e8res dangereuses (TMD) ;\nr) les habilitations des policiers municipaux et gardes champ\u00eatres pour consultation de l'outil  \ndes droits \u00e0 conduire ;\ns) les d\u00e9cisions relatives aux mesures administratives cons\u00e9cutives \u00e0 un contr\u00f4le m\u00e9dical de  \nl'aptitude \u00e0 la conduite ;\nt) les ordres de missions permanents et temporaires dans le d\u00e9partement du Var et hors  \nd\u00e9partement ;\nu) les conventions entre l'\u00c9tat et les \u00e9coles de conduite dans le cadre du dispositif du permis \u00e0 \nun euro, le label qualit\u00e9 et la certification Qualiopi ;\nv) les actes d'homologation des centres d'examens pratiques et professionnels ;\nw) les autorisations d'enseigner la conduite des v\u00e9hicules terrestres \u00e0 moteur ;\nx) tous actes, y compris les arr\u00eat\u00e9s, relatifs :\n1\u00b0  \u00e0  la  gestion  ou  au  contr\u00f4le  des  agr\u00e9ments  d'exploitation  des  \u00e9tablissements \nd'enseignement \u00e0 la conduite et des centres de sensibilisation \u00e0 la s\u00e9curit\u00e9 routi\u00e8re ;\n2\u00b0  au  contr\u00f4le  du  d\u00e9roulement  et  du  calendrier  des  stages  des  centres  de  \nsensibilisation \u00e0 la s\u00e9curit\u00e9 routi\u00e8re ;\n3\u00b0 \u00e0 la gestion en ligne des places d'examen du permis de conduire aux auto-\u00e9coles ;\n4\u00b0 \u00e0 la d\u00e9livrance des autorisations d'animer les stages ;\n5\u00b0 \u00e0 l'organisation des examens du permis de conduire et des permis professionnels.\nEst exclue du champ de cette d\u00e9l\u00e9gation la signature des requ\u00eates et m\u00e9moires aupr\u00e8s des  \njuridictions, des lettres circulaires, des lettres personnelles aux \u00e9lus, des d\u00e9cisions valant refus, \ndes  d\u00e9cisions  portant  retrait  d'autorisation  ou  d'agr\u00e9ment  et  des actes,  documents  et  \ncorrespondances pr\u00e9sentant un caract\u00e8re d\u00e9cisionnel, autres que ceux \u00e9num\u00e9r\u00e9s du a) au x)  \ndu pr\u00e9sent article.\nARTICLE 6\nEn cas d'absence ou d'emp\u00eachement de M.  Vincent BARASTIER, la d\u00e9l\u00e9gation qui lui est  \naccord\u00e9e \u00e0 l'article 4 est exerc\u00e9e, dans les m\u00eames conditions, par  Mme Audrey BORGO,  \nattach\u00e9e hors classe d'administration de l'\u00c9tat, cheffe de cabinet, directrice adjointe des  \ns\u00e9curit\u00e9s.\n5/8\nPr\u00e9fecture du VAR - 83-2025-12-17-00004 - ARR\u00caT\u00c9 PR\u00c9FECTORAL N\u00b02025/75/MCI du 17 d\u00e9cembre 2025\nportant d\u00e9l\u00e9gation de signature \u00e0\nMme Jos\u00e9phine GUIGLIANO-BOUTONNET, directrice de Cabinet du pr\u00e9fet du Var\n44\nARTICLE 7\nJusqu'au  05  janvier  2026,  d\u00e9l\u00e9gation  est  donn\u00e9e  \u00e0  Mme  Magali  FAGNI,  attach\u00e9e  \nd'administration de l'\u00c9tat, adjointe au chef du bureau de la s\u00e9curit\u00e9 publique  pour signer, \ndans les limites des attributions du bureau de la s\u00e9curit\u00e9 publique, tous actes, documents et  \ncorrespondances ne pr\u00e9sentant pas un caract\u00e8re d\u00e9cisionnel, \u00e0 l'exclusion des requ\u00eates et  \nm\u00e9moires aupr\u00e8s des juridictions, des lettres circulaires et des lettres personnelles aux \u00e9lus.\nD\u00e9l\u00e9gation lui est \u00e9galement donn\u00e9e pour les actes relevant des attributions mentionn\u00e9es aux \ni), j) et k) de l'article 4. Cette d\u00e9l\u00e9gation pourra \u00eatre exerc\u00e9e, dans la limite des attributions de \nleur  section  respective,  par  Mme  Nathalie  ROSSA,  secr\u00e9taire  administrative  de  classe \nexceptionnelle,  charg\u00e9e  de  la  mission  \u00ab pr\u00e9vention  de  la  radicalisation \u00bb,  Mme  H\u00e9l\u00e8ne \nADELAIDE, secr\u00e9taire administrative de classe sup\u00e9rieure, cheffe de la section \u00ab  pr\u00e9vention \nde la d\u00e9linquance  \u00bb, Mme Nathalie CHAMPION, secr\u00e9taire administrative de classe normale,  \ncheffe de la section \u00ab  d\u00e9fense civile \u2013 s\u00fbret\u00e9 \u00bb et Mme Marie FACCI, secr\u00e9taire administrative  \nde classe normale, cheffe de la section \u00ab ordre public \u2013 manifestations \u00bb. \n\u00c0  compter  du  05  janvier  2026,  d\u00e9l\u00e9gation  est  donn\u00e9e  \u00e0  M.  Julien  LANGRAND,  attach\u00e9 \nd'administration de l'\u00c9tat, chef du bureau de la s\u00e9curit\u00e9 publique pour signer, dans les limites  \ndes  attributions  du  bureau  de  la  s\u00e9curit\u00e9  publique,  tous  actes,  documents  et  \ncorrespondances ne pr\u00e9sentant pas un caract\u00e8re d\u00e9cisionnel, \u00e0 l'exclusion des requ\u00eates et  \nm\u00e9moires aupr\u00e8s des juridictions, des lettres circulaires et des lettres personnelles aux \u00e9lus.\nD\u00e9l\u00e9gation lui est \u00e9galement donn\u00e9e pour les actes relevant des attributions mentionn\u00e9es aux \ni) et j) de l'article 4.\n\u00c0 compter du 05 janvier 2026, en cas d'absence ou d'emp\u00eachement de M. Julien LANGRAND, \nla d\u00e9l\u00e9gation qui lui est consentie par le pr\u00e9sent article est exerc\u00e9e par Mme Magali FAGNI,  \nattach\u00e9e d'administration de l'\u00c9tat, adjointe au chef du bureau de la s\u00e9curit\u00e9 publique et,  \ndans la limite des attributions de leur section respective, par Mme Nathalie ROSSA, secr\u00e9taire \nadministrative  de  classe  exceptionnelle,  charg\u00e9e  de  la  mission  \u00ab  pr\u00e9vention  de  la  \nradicalisation \u00bb, Mme H\u00e9l\u00e8ne ADELAIDE, secr\u00e9taire administrative de classe sup\u00e9rieure, cheffe \nde la section \u00ab  pr\u00e9vention de la d\u00e9linquance \u00bb et Mme Marie FACCI, secr\u00e9taire administrative \nde classe normale, cheffe de la section \u00ab ordre public - manifestations \u00bb. \nARTICLE 8\nD\u00e9l\u00e9gation est donn\u00e9e \u00e0 Mme Laetitia PELLISSIER, attach\u00e9e d'administration de l'\u00c9tat, cheffe  \ndu  bureau  des  polices  administratives  de  s\u00e9curit\u00e9,  pour  signer,  dans  les  limites  des \nattributions de ce bureau, tous actes, documents et correspondances ne pr\u00e9sentant pas un  \ncaract\u00e8re d\u00e9cisionnel, \u00e0 l'exclusion des requ\u00eates et m\u00e9moires aupr\u00e8s des juridictions, des  \nlettres circulaires et des lettres personnelles aux \u00e9lus.\nD\u00e9l\u00e9gation de signature lui est \u00e9galement donn\u00e9e pour les actes relevant d es attributions  \nmentionn\u00e9es  aux  a),  b),  c),  d),  e),  f),  g)  et  h)  de  l'article  4,  \u00e0  l'exception  des  d\u00e9cisions \nd\u00e9favorables et des d\u00e9cisions portant retrait d'autorisation ou d'agr\u00e9ment.\nD\u00e9l\u00e9gation est \u00e9galement donn\u00e9e \u00e0 : \n\u2022 Mme Sandrine DE RIDDER, attach\u00e9e d'administration de l'\u00c9tat, adjointe \u00e0 la cheffe de  \nbureau, cheffe de la section \u00ab armes et pyrotechnie \u00bb,  \n\u2022 Mme Marielle SOLDANI, secr\u00e9taire administrative de classe exceptionnelle, adjointe \u00e0  \nla cheffe de bureau, cheffe de la section \u00ab activit\u00e9s de s\u00e9curit\u00e9 \u00bb,\npour signer, dans les limites des attributions de leur section respective, tous actes, documents \net correspondances ne pr\u00e9sentant pas un caract\u00e8re d\u00e9cisionnel, \u00e0 l'exclusion des requ\u00eates et  \nm\u00e9moires aupr\u00e8s des juridictions, des lettres circulaires et des lettres personnelles aux \u00e9lus.\n6/8\nPr\u00e9fecture du VAR - 83-2025-12-17-00004 - ARR\u00caT\u00c9 PR\u00c9FECTORAL N\u00b02025/75/MCI du 17 d\u00e9cembre 2025\nportant d\u00e9l\u00e9gation de signature \u00e0\nMme Jos\u00e9phine GUIGLIANO-BOUTONNET, directrice de Cabinet du pr\u00e9fet du Var\n45\nEn cas d'absence ou d'emp\u00eachement de Mme Laetitia PELLISSIER, la d\u00e9l\u00e9gation qui lui est  \naccord\u00e9e par le pr\u00e9sent article est exerc\u00e9e dans les m\u00eames conditions par Mme Sandrine DE  \nRIDDER ou par Mme Marielle SOLDANI.\nARTICLE 9\nD\u00e9l\u00e9gation est donn\u00e9e \u00e0 M. Matthieu CHATEAUX, attach\u00e9 principal d'administration de l'\u00c9tat, \nchef du service interminist\u00e9riel de d\u00e9fense et de protection civiles, pour signer, dans les  \nlimites  des  attributions  de  ce  service,  tous  actes,  documents  et  correspondances  ne \npr\u00e9sentant pas un caract\u00e8re d\u00e9cisionnel, \u00e0 l'exclusion des requ\u00eates et m\u00e9moires aupr\u00e8s des  \njuridictions,  des  lettres  circulaires  et  des  lettres  personnelles  aux  \u00e9lus.\nD\u00e9l\u00e9gation lui est \u00e9galement donn\u00e9e pour les actes relevant des attributions mentionn\u00e9es aux \nk) et l) de l'article 4.\nEn cas d'absence ou d'emp\u00eachement de M. Matthieu CHATEAUX, la d\u00e9l\u00e9gation qui lui est  \naccord\u00e9e par le pr\u00e9sent article est exerc\u00e9e dans les m\u00eames conditions par Mme C\u00e9line PAGE,  \nsecr\u00e9taire administrative de classe exceptionnelle, adjointe au chef du service interminist\u00e9riel \nde d\u00e9fense et de protection civiles.\nARTICLE 10\nD\u00e9l\u00e9gation est donn\u00e9e \u00e0 Mme Sophie BARASTIER, attach\u00e9e principale d'administration de  \nl'\u00c9tat, cheffe du service de l'\u00e9ducation et de la s\u00e9curit\u00e9 routi\u00e8res, pour signer tous les actes  \nmentionn\u00e9s \u00e0 l'article 4, aux m), n), o), p), q), r), s), t), u), v), w) et x) et, dans les limites des  \nattributions de ce service, tous les actes, documents et correspondances ne pr\u00e9sentant pas  \nun caract\u00e8re d\u00e9cisionnel, \u00e0 l'exclusion des requ\u00eates et m\u00e9moires aupr\u00e8s des juridictions, des  \nlettres circulaires et des lettres personnelles aux \u00e9lus.\nDans  les  m\u00eames  conditions  et  dans  les  limites  des  attributions  de  leur  p\u00f4le  respectif, \nd\u00e9l\u00e9gation de signature est donn\u00e9e \u00e0 :\n- Mme Laurence CAIRE, attach\u00e9e d'administration de l'\u00c9tat, cheffe du p\u00f4le \u00ab  droits \u00e0 \nconduire \u00bb et adjointe \u00e0 la cheffe du service de l'\u00e9ducation et de la s\u00e9curit\u00e9 routi\u00e8res, pour les \nactes mentionn\u00e9s aux m), n), o), r), s) de l'article 4 ;\n- M. Thierry LE GRAND, attach\u00e9 d'administration de l'\u00c9tat, chef du p\u00f4le \u00ab  \u00e9tudes et  \ning\u00e9nierie \u00bb et adjoint \u00e0 la cheffe du service de l'\u00e9ducation et de la s\u00e9curit\u00e9 routi\u00e8res, pour les  \nactes mentionn\u00e9s aux m), n), o), p), q), s), t) de l'article 4 ;\n- M. Roland ESQUIVA, inspecteur des permis de conduire et de la s\u00e9curit\u00e9 routi\u00e8re de  \n1\u00e8re classe, adjoint au d\u00e9l\u00e9gu\u00e9 au permis de conduire et \u00e0 la s\u00e9curit\u00e9 routi\u00e8re, pour les actes  \nmentionn\u00e9s aux m), t), u), v), w), x) de l'article 4 et les courriers simples relevant de son p\u00f4le ;\n- M. St\u00e9phane CESARI, technicien sup\u00e9rieur en chef du d\u00e9veloppement durable, chef du p\u00f4le  \npr\u00e9vention, pour les actes mentionn\u00e9s aux m) et t) de l'article 4.\nARTICLE 11\nD\u00e9l\u00e9gation est donn\u00e9e \u00e0 Mme Ma\u00efka ROCHE, M. S\u00e9bastien GRIFFO et M. Jean-Marc SERRUS,  \ninspecteurs du permis de conduire et de la s\u00e9curit\u00e9 routi\u00e8re, pour signer les courriers simples  \ndu p\u00f4le \u00ab \u00e9ducation routi\u00e8re \u00bb du service de l'\u00e9ducation et de la s\u00e9curit\u00e9 routi\u00e8res.\nARTICLE   12  \nLorsque le service de l'\u00e9ducation et de la s\u00e9curit\u00e9 routi\u00e8res assure le service de permanence  \ninstitu\u00e9 conform\u00e9ment \u00e0 l'ordre des permanences fix\u00e9 par le pr\u00e9fet du Var ou lorsque la sous-\npr\u00e9f\u00e8te  de  Draguignan  est  emp\u00each\u00e9e,  d\u00e9l\u00e9gation  sp\u00e9ciale  est  accord\u00e9e  \u00e0  Mme  Sophie \n7/8\nPr\u00e9fecture du VAR - 83-2025-12-17-00004 - ARR\u00caT\u00c9 PR\u00c9FECTORAL N\u00b02025/75/MCI du 17 d\u00e9cembre 2025\nportant d\u00e9l\u00e9gation de signature \u00e0\nMme Jos\u00e9phine GUIGLIANO-BOUTONNET, directrice de Cabinet du pr\u00e9fet du Var\n46\nBARASTIER, M. Thierry LE GRAND et Mme Laurence CAIRE, \u00e0 effet de signer, pour l'ensemble  \ndu  d\u00e9partement,  les  d\u00e9cisions  et  arr\u00eat\u00e9s  relevant  des  missions  du  service  (suspension \nprovisoire imm\u00e9diate des permis de conduire, d\u00e9rogation de circulation des poids-lourds...).\nARTICL  E 13  \nD\u00e9l\u00e9gation est donn\u00e9e \u00e0 Mme Chantal MOLINES, attach\u00e9e principale d'administration de  \nl'\u00c9tat, d\u00e9l\u00e9gu\u00e9e d\u00e9partementale aux droits des femmes et \u00e0 l'\u00e9galit\u00e9, pour signer, dans les  \nlimites de ses attributions, tous actes, documents et correspondances ne pr\u00e9sentant pas un  \ncaract\u00e8re d\u00e9cisionnel, \u00e0 l'exclusion des requ\u00eates et m\u00e9moires aupr\u00e8s des juridictions, des  \nlettres circulaires et des lettres personnelles aux \u00e9lus.\nARTICL  E 14  \nL'arr\u00eat\u00e9 pr\u00e9fectoral n\u00b02025/54/MCI du15 juillet 2025 portant d\u00e9l\u00e9gation de signature \u00e0 Mme  \nJos\u00e9phine GUIGLIANO-BOUTONNET, directrice de Cabinet du pr\u00e9fet du Var, est abrog\u00e9.\nARTICLE   15  \nLe secr\u00e9taire g\u00e9n\u00e9ral de la pr\u00e9fecture du Var et la directrice de cabinet du pr\u00e9fet du Var, sont \ncharg\u00e9s, chacun en ce qui le concerne, de l'ex\u00e9cution du pr\u00e9sent arr\u00eat\u00e9  qui sera publi\u00e9 au  \nrecueil des actes administratifs de la pr\u00e9fecture du Var.\nToulon, le 17 d\u00e9cembre 2025\nLe pr\u00e9fet\nSign\u00e9\nSimon BABRE\n8/8\nPr\u00e9fecture du VAR - 83-2025-12-17-00004 - ARR\u00caT\u00c9 PR\u00c9FECTORAL N\u00b02025/75/MCI du 17 d\u00e9cembre 2025\nportant d\u00e9l\u00e9gation de signature \u00e0\nMme Jos\u00e9phine GUIGLIANO-BOUTONNET, directrice de Cabinet du pr\u00e9fet du Var\n47","date":"2025-12-17","first_seen_on":"2025-12-17T16:01:17+00:00","id":"c8f3a4679a2404f91b4c6f23be05966c5f370fd51a71ab28ecfbca93e1d40311","name":"RAA N\u00b0425 du 17 d\u00e9cembre 2025","pdf_creation_date":"2025-12-17T13:52:45+00:00","pdf_modification_date":null,"timezone":"Europe/Paris","url":"https://www.var.gouv.fr/contenu/telechargement/44035/287547/file/RAA%20N%C2%B0425%20du%2017%20d%C3%A9cembre%202025%20(Non%20nominatifs).pdf"}
