{"administration":"prefidf","administration_name":"Pr\u00e9fecture de la r\u00e9gion \u00cele-de-France","content":"PREFECTURE\nREGION ILE DE\nFRANCE\nRECUEIL DES ACTES\nADMINISTRATIFS SP\u00c9CIAL\n(NOMINATIFS)\nN\u00b0IDF-020-2025-12\nPUBLI\u00c9 LE  8 D\u00c9CEMBRE 2025\nSommaire\nAgence R\u00e9gionale de Sant\u00e9 / Agence r\u00e9gionale de sant\u00e9\nd'Ile-de-France-D\u00e9partement de l'autonomie\nIDF-2025-12-02-00075 - Arr\u00eat\u00e9 n\u00b02025-354 d\u00e9signant les membres\nnon permanents pour la commission d'information et de\ns\u00e9lection\nd'appel \u00e0 projet social ou m\u00e9dico-social visant \u00e0 la\ncr\u00e9ation de plusieurs dispositifs\norganis\u00e9s en plateformes\nd'accompagnement m\u00e9dicalis\u00e9es d'adultes pr\u00e9sentant\ndes\ntroubles du neurod\u00e9veloppement (3 pages) Page 3\nAgence R\u00e9gionale de Sant\u00e9 / Agence r\u00e9gionale de sant\u00e9\nd'Ile-de-France-Direction de l'Offre de Soins (DOS)\nIDF-2025-12-03-00014 - Acte de d\u00e9claration N\u00b0 DOS-2025 -\n4810\nportant fonctionnement du laboratoire de biologie m\u00e9dicale\nexploit\u00e9 par \nl'association \u00ab Nouvel Institut M\u00e9dico-chirurgical\nMontsouris \u00bb, sis 42 boulevard Jourdan \u00e0 PARIS (75014) \n (3 pages) Page 7\nDirection r\u00e9gionale des affaires culturelles d'Ile-de-France  / Conservation\nr\u00e9gionale des monuments historiques\nIDF-2025-12-01-00035 - Arr\u00eat\u00e9 pr\u00e9fectoral \u00b0 2025- portant\nmodification \u00e0 l'arr\u00eat\u00e9 de nomination \u00e0 la commission r\u00e9gionale\ndu patrimoine et de l'architecture (2 pages) Page 11\nDirection r\u00e9gionale et interd\u00e9partementale de l'\u00e9conomie, de l'emploi,\ndu travail et des solidarit\u00e9s d'\u00cele-de-France / P\u00f4le Politique du travail\nIDF-2025-12-05-00005 - D\u00e9cision n\u00b0 2025-245 du 05 d\u00e9cembre\n2025\nportant affectation des agents de contr\u00f4le dans les unit\u00e9s de\ncontr\u00f4le et gestion des int\u00e9rims de la direction d\u00e9partementale de\nl'emploi, du travail et des solidarit\u00e9s de l'Essonne (3 pages) Page 14\n2\nAgence R\u00e9gionale de Sant\u00e9\nIDF-2025-12-02-00075\nArr\u00eat\u00e9 n\u00b02025-354 d\u00e9signant les membres non\npermanents pour la commission d'information et\nde s\u00e9lection\nd'appel \u00e0 projet social ou m\u00e9dico-social visant \u00e0\nla cr\u00e9ation de plusieurs dispositifs\norganis\u00e9s en plateformes d'accompagnement\nm\u00e9dicalis\u00e9es d'adultes pr\u00e9sentant des\ntroubles du neurod\u00e9veloppement\nAgence R\u00e9gionale de Sant\u00e9 - IDF-2025-12-02-00075 - Arr\u00eat\u00e9 n\u00b02025-354 d\u00e9signant les membres non permanents pour la commission\nd'information et de s\u00e9lection\nd'appel \u00e0 projet social ou m\u00e9dico-social visant \u00e0 la cr\u00e9ation de plusieurs dispositifs\norganis\u00e9s en plateformes d'accompagnement m\u00e9dicalis\u00e9es d'adultes pr\u00e9sentant des\ntroubles du neurod\u00e9veloppement\n3\nExREPUBLIQUEFRAN\u00c7AISELibert\u00e9Egalit\u00e9Fraternit\u00e9\nSeine Sail DenisLE DEPARTEMENTAr\u00a9 D Agence R\u00e9gionale de Sant\u00e9lle-de-France\n \n \nArr\u00eat\u00e9 2025-354 \n \nD\u00e9signant les membres non permanents pour la commission d'information et de s\u00e9lection \nd'appel \u00e0 projet social ou m\u00e9dico-social visant \u00e0 la cr\u00e9ation de plusieurs dispositifs \norganis\u00e9s en plateformes d'accompagnement m\u00e9dicalis\u00e9es d'adultes pr\u00e9sentant des \ntroubles du neurod\u00e9veloppement  \n \n \n \nLE DIRECTEUR G\u00c9N\u00c9RAL DE L'AGENCE REGIONALE DE SANT\u00c9 \u00ceLE-DE-FRANCE   \n \nLE PR\u00c9SIDENT DU CONSEIL D\u00c9PARTEMENTAL DE SEINE-SAINT-DENIS \n \n \nVu le code g\u00e9n\u00e9ral des collectivit\u00e9s territoriales ; \n \nVu le code de la sant\u00e9 publique ; \n \nVu le code de l'action sociale et des familles, et notamment ses articles L.313-1 et son article \nR.313-1 ;  \nVu le d\u00e9cret du 10 avril 2024 portant nomination de Monsieur Denis Robin, Directeur g\u00e9n\u00e9ral de \nl'Agence r\u00e9gionale de sant\u00e9 Ile-de-France \u00e0 compter du 29 avril 2024 ; \nVu l'\u00e9lection le 1er juillet 2021 de M. St\u00e9phane Troussel \u00e0 la pr\u00e9sidence du conseil d\u00e9partemental \nde la Seine-Saint-Denis ; \n \nVu l'arr\u00eat\u00e9 du Pr\u00e9sident du conseil d\u00e9partemental n\u00b02024 -446 du 29 novembre 2024 donnant \nd\u00e9l\u00e9gation de signature \u00e0 M. Olivier Veber, directeur g\u00e9n\u00e9ral des services ; \nVu la loi n\u00b0 2009-879 du 21 juillet 2009 modifi\u00e9e portant r\u00e9forme de l'h\u00f4pital et relative aux patients, \n\u00e0 la sant\u00e9 et aux territoires, notamment dans son article 131 ; \nVu le d\u00e9cret n\u00b0 2010 -870 du 26 juillet 2010 relatif \u00e0 la proc\u00e9dure d'appel \u00e0 projet et d'autorisation \nmentionn\u00e9e \u00e0 l'article L.313-1-1 du code de l'action sociale et des familles ; \nVu la circulaire n\u00b0DGS/5B/2010/434 du 28 d\u00e9cembre 2010 relative \u00e0 la proc\u00e9dure d'appel \u00e0 projet \net d'autorisation des \u00e9tablissements et services sociaux et m\u00e9dico-sociaux ;  \nVu la loi n\u00b02011 -2012 du 29 d\u00e9cembre 2011 relative au renforcement de la s\u00e9curit\u00e9 sanitaire du \nm\u00e9dicament et des produits de sant\u00e9 ayant modifi\u00e9 l'article L.145-1-1 du code de la sant\u00e9 publique \ndont les modalit\u00e9s sont fix\u00e9es par l'instruction n\u00b0DAJ/POLE DE ONTOLOGIE/2017/337 du 11 \nd\u00e9cembre 2017 concernant la mise en \u0153uvre des dispositions relatives \u00e0 la d\u00e9claration publique \nd'int\u00e9r\u00eat et \u00e0 la pr\u00e9vention des conflits d'int\u00e9r\u00eat dans les agences r\u00e9gionales de sant\u00e9 ; \n  \nAgence R\u00e9gionale de Sant\u00e9 - IDF-2025-12-02-00075 - Arr\u00eat\u00e9 n\u00b02025-354 d\u00e9signant les membres non permanents pour la commission\nd'information et de s\u00e9lection\nd'appel \u00e0 projet social ou m\u00e9dico-social visant \u00e0 la cr\u00e9ation de plusieurs dispositifs\norganis\u00e9s en plateformes d'accompagnement m\u00e9dicalis\u00e9es d'adultes pr\u00e9sentant des\ntroubles du neurod\u00e9veloppement\n4\nExREPUBLIQUEFRAN\u00c7AISELibert\u00e9Egalit\u00e9Fraternit\u00e9\nSeine Sail DenisLE DEPARTEMENTAr\u00a9 D Agence R\u00e9gionale de Sant\u00e9lle-de-France\n \nVu le d\u00e9cret n\u00b0 2016-801 du 15 juin 2016 modifiant la proc\u00e9dure d'appel \u00e0 projets et d'autorisation \nmentionn\u00e9e \u00e0 l'article L 313-1-1 du code de l'action sociale et des familles ;  \nVu l'avis d'appel \u00e0 projet du 31 mars 2025 portant sur la cr\u00e9ation de plusieurs dispositifs organis\u00e9s \nen plateformes d'accompagnement m\u00e9dicalis\u00e9es pour adultes pr\u00e9sentant des troubles du \nneurod\u00e9veloppement ;  \n \nARR\u00caTENT \n \n \nARTICLE PREMIER -  \n \nSont d\u00e9sign\u00e9s, pour si\u00e9ger en qualit\u00e9 de membres non-permanents, avec voix consultative, de la \ncommission d'information et de s\u00e9lection d'appel \u00e0 projet social ou m\u00e9dico -social institu\u00e9e aupr\u00e8s \ndu Pr\u00e9sident du c onseil d\u00e9partemental de Seine -Saint-Denis et du Directeur g\u00e9n\u00e9ral de l'Agence \nr\u00e9gionale de sant\u00e9 d'\u00cele-de-France en application du d de l'article L.313-3 susvis\u00e9 : \n \n \nAu titre des repr\u00e9sentants des personnalit\u00e9s qualifi\u00e9es d\u00e9sign\u00e9es par le pr\u00e9sident ou conjointement \npar les copr\u00e9sidents de la commission en raison de leurs comp\u00e9tences dans le domaine de l'appel \n\u00e0 projet correspondant : \n \n - Sophie Audrain du R\u00e9seau de l'habitat partag\u00e9 et accompagn\u00e9 \n - Lydie Gibey du Centre r\u00e9gional d'\u00e9tudes d'actions et d'informations Ile-de-France \n \n \nAu titre des repr\u00e9sentants d'usagers sp\u00e9cialement concern\u00e9s par l'appel \u00e0 projet correspondant, \nd\u00e9sign\u00e9s par le pr\u00e9sident ou conjointement par les copr\u00e9sidents de la commission :  \n \n- Marie Schuster du Centre de ressources autisme Ile-de-France \n \n \nAu titre des personnels techniques du d\u00e9partement de la Seine-Saint-Denis :  \n \n- Ars\u00e8ne Bolouvi de la Maison d\u00e9partementale des personnes handicap\u00e9es \u2013 MDPH 93 \n \n \nAu titre des personnels techniques de l'Agence R\u00e9gionale de Sant\u00e9 :  \n \n- Jean-Philippe Natali de l'Agence r\u00e9gionale de sant\u00e9 \u00cele-de-France \n \nAu titre des personnels techniques du D\u00e9partement de Seine-Saint-Denis  \n \n- Emmanuelle Nez, du D\u00e9partement de la Seine-Saint-Denis \n \n \n  \nAgence R\u00e9gionale de Sant\u00e9 - IDF-2025-12-02-00075 - Arr\u00eat\u00e9 n\u00b02025-354 d\u00e9signant les membres non permanents pour la commission\nd'information et de s\u00e9lection\nd'appel \u00e0 projet social ou m\u00e9dico-social visant \u00e0 la cr\u00e9ation de plusieurs dispositifs\norganis\u00e9s en plateformes d'accompagnement m\u00e9dicalis\u00e9es d'adultes pr\u00e9sentant des\ntroubles du neurod\u00e9veloppement\n5\nREPUBLIQUEFRANCAISELibert\u00e9Egalit\u00e9Fraternit\u00e9\nSeine Sail DenisLE DEPARTEMENTAr\u00a9 D Agence R\u00e9gionale de Sant\u00e9lle-de-France\n \nARTICLE 2. - Le mandat des membres non permanents est valable pour la s\u00e9ance de s\u00e9lection \nrelative \u00e0 l'avis et classement des projets d\u00e9pos\u00e9s dans le cadre de l'appel \u00e0 projets pour la cr\u00e9ation \nde plusieurs dispositifs organis\u00e9s en plateformes d'accompagnement m\u00e9dicalis\u00e9es pour adultes \npr\u00e9sentant des troubles du neurod\u00e9veloppement. \n \n \nARTICLE 3. - Le pr\u00e9sent arr\u00eat\u00e9 peut faire l'objet d'un recours devant le Tribunal administratif \ncomp\u00e9tent dans le d\u00e9lai de deux mois \u00e0 compter de sa publication. \n \n \nARTICLE 4. - Le pr\u00e9sent arr\u00eat\u00e9 sera notifi\u00e9 aux int\u00e9ress\u00e9s et publi\u00e9 au recueil des actes \nadministratifs de la Pr\u00e9fecture de la r\u00e9gion \u00cele-de-France et du d\u00e9partement de Seine-Saint-Denis.  \n \n \nARTICLE 5. - Monsieur le Directeur g\u00e9n\u00e9ral de l'Agence r\u00e9gionale de sant\u00e9 d'\u00cele -de-France et \nMonsieur le Pr\u00e9sident du Conseil d\u00e9partemental de Seine-Saint-Denis sont charg\u00e9s, chacun en ce \nqui le concerne, de l'ex\u00e9cution du pr\u00e9sent arr\u00eat\u00e9. \n \n \nFait \u00e0 Saint-Denis, le 02 d\u00e9c 2025  \n \n \n \nLe Directeur g\u00e9n\u00e9ral  \nde l'Agence r\u00e9gionale de sant\u00e9 \n\u00cele-de-France \n \n \n \n \n \nDenis ROBIN \n Pour le Pr\u00e9sident du Conseil d\u00e9partemental \nEt par d\u00e9l\u00e9gation \nLe Directeur g\u00e9n\u00e9ral  \ndes services du d\u00e9partement  \n \n \n \n \nOlivier VEBER \n                \nAgence R\u00e9gionale de Sant\u00e9 - IDF-2025-12-02-00075 - Arr\u00eat\u00e9 n\u00b02025-354 d\u00e9signant les membres non permanents pour la commission\nd'information et de s\u00e9lection\nd'appel \u00e0 projet social ou m\u00e9dico-social visant \u00e0 la cr\u00e9ation de plusieurs dispositifs\norganis\u00e9s en plateformes d'accompagnement m\u00e9dicalis\u00e9es d'adultes pr\u00e9sentant des\ntroubles du neurod\u00e9veloppement\n6\nAgence R\u00e9gionale de Sant\u00e9\nIDF-2025-12-03-00014\nActe de d\u00e9claration N\u00b0 DOS-2025 - 4810\nportant fonctionnement du laboratoire de\nbiologie m\u00e9dicale exploit\u00e9 par \nl'association \u00ab Nouvel Institut M\u00e9dico-chirurgical\nMontsouris \u00bb, sis 42 boulevard Jourdan \u00e0 PARIS\n(75014) \nAgence R\u00e9gionale de Sant\u00e9 - IDF-2025-12-03-00014 - Acte de d\u00e9claration N\u00b0 DOS-2025 - 4810\nportant fonctionnement du laboratoire de biologie m\u00e9dicale exploit\u00e9 par \nl'association \u00ab Nouvel Institut M\u00e9dico-chirurgical Montsouris \u00bb, sis 42 boulevard Jourdan \u00e0 PARIS (75014) \n7\nREPUBLIQUEFRANCAISELibert\u00e9Egalit\u00e9Fraternit\u00e9\n4@ D Agence R\u00e9gionale de Sant\u00e9Ile-de-France\n \n1 \n \n \n \n \n \nAGENCE R\u00c9GIONALE DE SANT\u00c9 \u00ceLE-DE-FRANCE \n \n \nActe de d\u00e9claration N\u00b0 DOS-2025 \u2013 4810 \nportant fonctionnement du laboratoire de biologie m\u00e9dicale exploit\u00e9 par  \nl'association \u00ab Nouvel Institut M\u00e9dico-chirurgical Montsouris \u00bb, sis 42 boulevard Jourdan \u00e0 \nPARIS (75014)  \n \n \nLE DIRECTEUR G\u00c9N\u00c9RAL DE L'AGENCE R\u00c9GIONALE DE SANT\u00c9 \u00ceLE-DE-FRANCE \n \n \nVU Le code de la sant\u00e9 publique et notamment le livre II de la sixi\u00e8me partie ; \n \nVU \n \n \nVU \nLa loi n\u00b0 2013-442 du 30 mai 2013 portant r\u00e9forme de la biologie m\u00e9dicale et ratifiant l'ordonnance  \nn \u00b0 2010-49 du 13 janvier 2010 relative \u00e0 la biologie m\u00e9dicale ; \n \nLe d\u00e9cret n\u00b0 2016-46 du 26 janvier 2016 relatif \u00e0 la biologie m\u00e9dicale ; \n \nVU \n \n \nVU \nLe d\u00e9cret du 10 avril 2024 portant nomination de Monsieur Denis ROBIN, Directeur g\u00e9n\u00e9ral de l'Agence \nR\u00e9gionale de sant\u00e9 d'Ile-de-France, \u00e0 compter du 29 avril 2024 ; \n \nL'arr\u00eat\u00e9 n\u00b0 DS-2024/0034 du 29 avril 2024 portant d\u00e9l\u00e9gation de signature du Directeur g\u00e9n\u00e9ral de \nl'Agence r\u00e9gionale de sant\u00e9 d'Ile-de-France \u00e0 Monsieur Arnaud CORVAISIER, Directeur de l'offre de \nsoins, et \u00e0 diff\u00e9rents collaborateurs ; \n \nVU \n \n \nVU \nl'arr\u00eat\u00e9 n\u00b0 DOS-2025/2005 du 2 mai 2025 portant autorisation de fonctionnement du laboratoire de \nbiologie m\u00e9dicale de l'Institut Mutualiste Montsouris sis, 42 boulevard Jourdan \u00e0 PARIS (75014) ; \n \nla d\u00e9cision du directeur g\u00e9n\u00e9ral de l'Agence r\u00e9gionale de sant\u00e9 Ile-de-France n\u00b0 DOS-2025/4518 du 28 \noctobre 2025 portant confirmation des autorisations d'activit\u00e9s de soins et d'exploitation d'\u00e9quipements \nmat\u00e9riels lourds d\u00e9tenues par la Mutualit\u00e9 Fonction Publique Action Sant\u00e9 sur le site de l'Institut \nMutualiste Montsouris, au b\u00e9n\u00e9fice de l'Association \u00ab Nouvel Institut M\u00e9dico-Chirurgical Montsouris \u00bb ; \n \n \nCONSID\u00c9RANT \n \n \n \n \n \n \n \n \n \n \n \n \n \n \nCONSIDERANT \n \n \n \n \nLa demande re\u00e7ue en date du 21 octobre 2025 et compl\u00e9t\u00e9e le 14 novembre 2025 \nadress\u00e9e par Monsieur Jean-Michel GAYRAUD directeur g\u00e9n\u00e9ral de l'Institut Mutualiste \nMontsouris sis, 42 boulevard Jourdan \u00e0 PARIS (75014) relative \u00e0 la modification du \nfonctionnement du laboratoire de biologie m\u00e9dicale de l'Institut Mutualiste Montsouris, afin \nde prendre en compte : \n \n- A effet au 1er novembre 2025, la modification des conditions d'exploitation du\nlaboratoire de biologie m\u00e9dicale de l'Institut Mutualiste Montsouris, d\u00e9sormais\nexploit\u00e9 par l'association nouvellement cr\u00e9\u00e9e \u00ab Nouvel Institut M\u00e9dico-chirurgical \nMontsouris \u00bb sise 42, boulevard Jourdan \u00e0 PARIS (75014), dans le contexte de \nla reprise des activit\u00e9s pratiqu\u00e9es sur le site de l'Institut Mutualiste Montsouris ; \n \n- L'int\u00e9gration de Madame Wafa AMARA, m\u00e9decin, en qualit\u00e9 de biologiste m\u00e9dical \nsalari\u00e9e \u00e0 effet au 1er septembre 2025 ; \n \nLe jugement du Tribunal des activit\u00e9s \u00e9conomiques de Paris en date du 15 octobre 2025\narr\u00eatant le plan de cession partielle de la Mutualit\u00e9 Fonction Publique Action Sant\u00e9 Social\nen faveur de la soci\u00e9t\u00e9 \u00ab FOCH SANTE INVESTISSEMENT ET INTERNATIONAL \u00bb (FSI) \nsise 40 rue Worth 92150 Suresnes, pour la reprise du site de l'Institut Mutualiste \nMontsouris, 42 boulevard Jourdan 75014 Paris, avec une entr\u00e9e en jouissance au 1er\nAgence R\u00e9gionale de Sant\u00e9 - IDF-2025-12-03-00014 - Acte de d\u00e9claration N\u00b0 DOS-2025 - 4810\nportant fonctionnement du laboratoire de biologie m\u00e9dicale exploit\u00e9 par \nl'association \u00ab Nouvel Institut M\u00e9dico-chirurgical Montsouris \u00bb, sis 42 boulevard Jourdan \u00e0 PARIS (75014) \n8\n3 \n \n \n \n \n \n \nCONSIDERANT \n \n \n \n \n \n \nCONSIDERANT \n \n \n \nnovembre 2025 ; que ce plan de cession inclut la reprise de l'ensemble des actifs dont les \nautorisations d'activit\u00e9s de soins ; que dans ce contexte, l'association d\u00e9nomm\u00e9e \u00ab \nNouvel Institut M\u00e9dico-chirurgical Montsouris \u00bb s'est constitu\u00e9e en vue de cette reprise et \nest tenue d'ex\u00e9cuter ledit plan de cession ; \n \nQu'au vu de la d\u00e9cision n\u00b0 DOS-2025/4518 du 28 octobre 2025 susvis\u00e9e, l'association \n\u00ab Nouvel Institut M\u00e9dico-Chirurgical Montsouris \u00bb enregistr\u00e9e sous le n\u00b0 FINESS EJ  \n75 007 811 5, dont le si\u00e8ge social est situ\u00e9 au 42 boulevard Jourdan 75014 Paris, est \nd\u00e9sormais d\u00e9tentrice de l'ensemble des autorisations d'activit\u00e9s initialement d\u00e9tenues par \nla Mutualit\u00e9 Fonction Publique Action Sant\u00e9 sur le site de l'Institut Mutualiste Montsouris \nimmatricul\u00e9 sous le n\u00b0 FINESS ET : 75 015 010 4, \u00e0 effet au 1er novembre 2025 ;  \n \nLa copie des statuts de l'association \u00ab Nouvel Institut M\u00e9dico-chirurgical Montsouris \u00bb \nd\u00e9pos\u00e9s le 29 juillet 2025 et modifi\u00e9s \u00e0 l'issue de l'assembl\u00e9e g\u00e9n\u00e9rale extraordinaire du \n20 octobre 2025 fixant le si\u00e8ge social de l'association \u00e0 la m\u00eame adresse que l'ancien \nInstitut Mutualiste Montsouris, soit au 42 Boulevard Jourdan \u00e0 Paris (75014) ; \n \nCONSIDERANT Les copies des pi\u00e8ces relatives \u00e0 l'exercice de Madame Wafa AMARA en qualit\u00e9 de \nm\u00e9decin biologiste \u00e0 effet au 1er septembre 2025 : \n- son dipl\u00f4me de docteur en m\u00e9decine et sa qualification ordinale en biologie m\u00e9dicale ; \n- son contrat de travail \u00e0 dur\u00e9e ind\u00e9termin\u00e9e conclu le 1er septembre 2025 avec l'Institut \nMutualiste Montsouris ; \n-  son certificat d'inscription au tableau de l'ordre des m\u00e9decins ; \n \nCONSIDERANT L'attestation d'accr\u00e9ditation n\u00b0 8-3143 R\u00e9v.11 d\u00e9livr\u00e9e par le COFRAC au laboratoire de \nbiologie m\u00e9dicale de l'Institut Mutualiste Montsouris, ayant pour date de prise d'effet le 13 \nf\u00e9vrier 2025 et pour date de fin de validit\u00e9 le 31 d\u00e9cembre 2027 ; \n \nCONSIDERANT Qu'au vu de l'attestation d'accr\u00e9ditation pr\u00e9cit\u00e9e, le laboratoire de biologie m\u00e9dicale de \nl'Institut Mutualiste est consid\u00e9r\u00e9 comme accr\u00e9dit\u00e9 sur l'ensemble de son activit\u00e9 au sens \ndes dispositions de l'article L.6221-1 du Code de la sant\u00e9 publique ; \n \n \n                         PREND ACTE DE LA DECLARATION : \n \n \nARTICLE 1er : A compter du 1er novembre 2025, le laboratoire de biologie m\u00e9dicale exploit\u00e9 par \nl'association Nouvel Institut M\u00e9dico-chirurgical Montsouris (\u00ab Association Nouvel \nIMM \u00bb) dont le si\u00e8ge social est situ\u00e9 42, boulevard Jourdan \u00e0 PARIS (75014), dirig\u00e9 par \nMonsieur Beno\u00eet HUYNH, enregistr\u00e9 dans le fichier FINESS EJ sous le n\u00b0 75 007 811 5 \nfonctionne sous le n\u00b0 75-120 sur le site unique ci-dessous : \n \n- Le site principal et si\u00e8ge social \n42, boulevard Jourdan \u00e0 PARIS (75014) \nOuvert au public \nPratiquant les activit\u00e9s de biochimie (biochimie g\u00e9n\u00e9rale et sp\u00e9cialis\u00e9e, \npharmacologie-toxicologie), d'immunologie-h\u00e9matologie-biologie de la \nreproduction (h\u00e9mostase, h\u00e9matocytologie, immunoh\u00e9matologie, activit\u00e9s \nbiologiques d'assistance m\u00e9dicale \u00e0 la procr\u00e9ation), de microbiologie \n(bact\u00e9riologie, parasitologie-mycologie, s\u00e9rologie infectieuse, virologie) \nN\u00b0 FINESS ET en cat\u00e9gorie 365 : 75 015 010 4 \n \n \n La liste des biologistes m\u00e9dicaux exer\u00e7ant au sein du laboratoire de biologie m\u00e9dicale est \nla suivante : \n1. Monsieur Beno\u00eet HUYNH, pharmacien, biologiste-responsable  \n2. Monsieur Fabrice COMPAIN, pharmacien, biologiste m\u00e9dical  \n3. Madame Malvina CRESPIN, pharmacien, biologiste m\u00e9dical  \n4. Monsieur Mehdi DAHOUN, m\u00e9decin, biologiste m\u00e9dical qualifi\u00e9 en AMP  \n5. Madame Marie LAVOLLAY, pharmacien, biologiste m\u00e9dical  \nAgence R\u00e9gionale de Sant\u00e9 - IDF-2025-12-03-00014 - Acte de d\u00e9claration N\u00b0 DOS-2025 - 4810\nportant fonctionnement du laboratoire de biologie m\u00e9dicale exploit\u00e9 par \nl'association \u00ab Nouvel Institut M\u00e9dico-chirurgical Montsouris \u00bb, sis 42 boulevard Jourdan \u00e0 PARIS (75014) \n9\nsig\"\n3 \n \n6. Madame St\u00e9phanie SAADA, pharmacien, biologiste m\u00e9dical  \n7. Monsieur Quentin VERMEE, pharmacien, biologiste m\u00e9dical  \n8. Madame Hajer GUEDRIA, m\u00e9decin, biologiste m\u00e9dical  \n9. Madame Nadia NOUIAKH, m\u00e9decin, biologiste m\u00e9dical qualifi\u00e9e en AMP \n10. Monsieur Olivier BINOIS, m\u00e9decin, biologiste m\u00e9dical qualifi\u00e9 en AMP \n11. Madame Wafa AMARA, m\u00e9decin, biologiste m\u00e9dical \n  \n \nARTICLE 2e: L'arr\u00eat\u00e9 n\u00b0 DOS-2025/2005 du 2 mai 2025 portant autorisation de fonctionnement du \nlaboratoire de biologie m\u00e9dicale de l'Institut Mutualiste Montsouris sis  \n42 boulevard Jourdan \u00e0 PARIS (75014) est abrog\u00e9. \n \nARTICLE 3e: Un recours contentieux contre le pr\u00e9sent acte peut \u00eatre form\u00e9 aupr\u00e8s du tribunal administratif \ncomp\u00e9tent. Le d\u00e9lai de recours est de deux mois \u00e0 compter de sa notification pour les \nint\u00e9ress\u00e9s ou de sa publication pour les tiers. \n \nARTICLE 4e: Le Directeur du p\u00f4le Efficience de l'Agence r\u00e9gionale de sant\u00e9 d'Ile-de-France est charg\u00e9 de \nl'ex\u00e9cution du pr\u00e9sent acte qui sera publi\u00e9 au recueil des actes administratifs de la pr\u00e9fecture \nde la r\u00e9gion Ile-de-France. \n \n \nFait \u00e0 Saint-Denis, le 3 d\u00e9cembre 2025 \n \nPour le Directeur g\u00e9n\u00e9ral \nde l'Agence r\u00e9gionale de sant\u00e9  \nIle-de-France \n \n \nPar d\u00e9l\u00e9gation, \n \nLe directeur du P\u00f4le Efficience \n \n  \nFabien P\u00c9RUS \n \n \n \n \n \n \nAgence R\u00e9gionale de Sant\u00e9 - IDF-2025-12-03-00014 - Acte de d\u00e9claration N\u00b0 DOS-2025 - 4810\nportant fonctionnement du laboratoire de biologie m\u00e9dicale exploit\u00e9 par \nl'association \u00ab Nouvel Institut M\u00e9dico-chirurgical Montsouris \u00bb, sis 42 boulevard Jourdan \u00e0 PARIS (75014) \n10\nDirection r\u00e9gionale des affaires culturelles\nd'Ile-de-France \nIDF-2025-12-01-00035\nArr\u00eat\u00e9 pr\u00e9fectoral \u00b0 2025- portant modification \u00e0\nl'arr\u00eat\u00e9 de nomination \u00e0 la commission r\u00e9gionale\ndu patrimoine et de l'architecture\nDirection r\u00e9gionale des affaires culturelles d'Ile-de-France  - IDF-2025-12-01-00035 - Arr\u00eat\u00e9 pr\u00e9fectoral \u00b0 2025- portant modification \u00e0\nl'arr\u00eat\u00e9 de nomination \u00e0 la commission r\u00e9gionale du patrimoine et de l'architecture 11\nExPREFET |DE LA REGIOND'ILE-DE-FRANCELibert\u00e9Egalit\u00e9Fraternit\u00e9\n \n \n \n \nPr\u00e9fecture de la r\u00e9gion d''\u00cele-de-France \n5 rue Leblanc 75015 Paris \u2013 Standard 01 82 52 40 00 \u2013 T\u00e9l\u00e9copie 01 82 52 40 16 \nAdresse Internet  : www.paris-idf.gouv.fr \n \n \n \n \n \n \n \n \n                 ARR\u00c9T\u00c9 PR\u00c9FECTORAL N\u00b0 2025- \nPortant modification \u00e0 l'arr\u00eat\u00e9 de nomination \u00e0 la commission r\u00e9gionale \ndu patrimoine et de l'architecture \n \nLE PR\u00c9FET DE LA R\u00c9GION D'\u00ceLE DE FRANCE \nPR\u00c9FET DE PARIS \nGRAND OFFICIER DE LA L\u00c9GION D'HONNEUR \nOFFICIER DE L'ORDRE NATIONAL DU M\u00c9RITE \n \nVu le code du patrimoine, notamment ses articles L.611-2 et R.611-17\u00e0 R.611-25  ; \n \nVu le code des relations entre le public et l'administration, et notamment le chapitre III du titre III  \ndu livre I \ner  ; \n \nVu le code de l'urbanisme  ; \n \nVu le d\u00e9cret n\u00b0 2004-374 du 29 avril 2004 modifi\u00e9 e t relatif aux pouvoirs des pr\u00e9fets, \u00e0 l'organisatio n et \u00e0 \nl'action des services de l'\u00c9tat dans les r\u00e9gions et les d\u00e9partements  ; \n \nVu l'arr\u00eat\u00e9 portant nomination \u00e0 la commission r\u00e9gi onale du patrimoine et de l'architecture du 10 juin  \n2022 ;  \n \narr\u00eate \n \nArticle 1 \ner  : Les termes ci-apr\u00e8s de l'article 2, de l'arr\u00eat\u00e9 n\u00b0 2022-06-10-00004 du 10 juin 2022 : \n \nAu titre de la troisi\u00e8me section \u00ab protection des objets mobiliers et travaux \u00bb :  \n \nEn qualit\u00e9 de repr\u00e9sentants d'associations ou de fondations ayant pour objet de favoriser la \nconnaissance, la protection, la conservation et la mise en valeur du patrimoine \n \n \n\u00ab M. Mathieu CARON, membre de l'association Vieilles demeures fran\u00e7aises \u00bb , membre suppl\u00e9ant \n \nsont remplac\u00e9s par les termes :  \n \n\u00ab Madame H\u00e9l\u00e8ne MAC\u00c9 de L\u00c9PINAY, membre de la d\u00e9l\u00e9gation du Val-d'Oise de l'association des \nVieilles demeures fran\u00e7aises (VMF) \u00bb, membre suppl\u00e9ante. \n \n \n \n \n \nDirection r\u00e9gionale des affaires culturelles d'Ile-de-France  - IDF-2025-12-01-00035 - Arr\u00eat\u00e9 pr\u00e9fectoral \u00b0 2025- portant modification \u00e0\nl'arr\u00eat\u00e9 de nomination \u00e0 la commission r\u00e9gionale du patrimoine et de l'architecture 12\n \n \n \n \nPr\u00e9fecture de la r\u00e9gion d''\u00cele-de-France \n5 rue Leblanc 75015 Paris \u2013 Standard 01 82 52 40 00 \u2013 T\u00e9l\u00e9copie 01 82 52 40 16 \nAdresse Internet  : www.paris-idf.gouv.fr \n \n \n \n \n \n \nArticle 2 : Le pr\u00e9sent arr\u00eat\u00e9 sera publi\u00e9 au recueil des actes administratifs de la pr\u00e9fecture de la  \nr\u00e9gion d'\u00cele-de-France. \n  \n  \nFait \u00e0 Paris, le1/12/2025 \nLe pr\u00e9fet de la r\u00e9gion d'\u00cele-de-France, \nPr\u00e9fet de Paris \n \nSIGN\u00c9 \n \nMarc GUILLAUME \n \nDirection r\u00e9gionale des affaires culturelles d'Ile-de-France  - IDF-2025-12-01-00035 - Arr\u00eat\u00e9 pr\u00e9fectoral \u00b0 2025- portant modification \u00e0\nl'arr\u00eat\u00e9 de nomination \u00e0 la commission r\u00e9gionale du patrimoine et de l'architecture 13\nDirection r\u00e9gionale et interd\u00e9partementale de\nl'\u00e9conomie, de l'emploi, du travail et des\nsolidarit\u00e9s d'\u00cele-de-France\nIDF-2025-12-05-00005\nD\u00e9cision n\u00b0 2025-245 du 05 d\u00e9cembre 2025\nportant affectation des agents de contr\u00f4le dans\nles unit\u00e9s de contr\u00f4le et gestion des int\u00e9rims de\nla direction d\u00e9partementale de l'emploi, du\ntravail et des solidarit\u00e9s de l'Essonne\nDirection r\u00e9gionale et interd\u00e9partementale de l'\u00e9conomie, de l'emploi, du travail et des solidarit\u00e9s d'\u00cele-de-France -\nIDF-2025-12-05-00005 - D\u00e9cision n\u00b0 2025-245 du 05 d\u00e9cembre 2025\nportant affectation des agents de contr\u00f4le dans les unit\u00e9s de contr\u00f4le et gestion des int\u00e9rims de la direction d\u00e9partementale de\nl'emploi, du travail et des solidarit\u00e9s de l'Essonne\n14\nMINISTEREDU TRAVAILET DES SOLIDARITESLibert\u00e9Egalit\u00e9Fraternit\u00e9\n \nDRIEETS Ile de France  \n32, rue Jean Jaur\u00e8s \n93200 SAINT-DENIS                                                                                                                                                                                                                                      1 / 3 \n \nDirection r\u00e9gionale et interd\u00e9partementale \nde l'\u00e9conomie, de l'emploi, \ndu travail et des solidarit\u00e9s \nd'Ile-de-France \n \n \n \n \n \nD\u00e9cision n\u00b0 2025-245 du 05 d\u00e9cembre 2025 \nportant affectation des agents de contr\u00f4le dans les unit\u00e9s de contr\u00f4le et gestion des int\u00e9rims de la direction \nd\u00e9partementale de l'emploi, du travail et des solidarit\u00e9s de l'Essonne  \n \n \nLe directeur r\u00e9gional et interd\u00e9partemental de l'\u00e9conomie, de l'emploi, du travail et des solidarit\u00e9s d'\u00cele-de-France,  \n \nVu le code du travail, notamment ses articles R. 8122-1 et suivants, \n \nVu le d\u00e9cret n\u00b0 2020 -1545 du 9 d\u00e9cembre 2020 relatif \u00e0 l'organisation et aux missions des directions r\u00e9gionales de \nl'\u00e9conomie, de l'emploi, du travail et des solidarit\u00e9s, des directions d\u00e9partementales de l'emploi, du travail et des \nsolidarit\u00e9s et des directions d\u00e9partementales de l'emploi, du travail, des solidarit\u00e9s et de la protection des populations, \n \nVu l'arr\u00eat\u00e9 minist\u00e9riel du 25 mars 2024 portant cr\u00e9ation et r\u00e9partition des unit\u00e9s de contr\u00f4le de l'inspection du travail, \n \nVu la d\u00e9cision n\u00b0 2021 -26 du 1er avril 2021 du directeur r\u00e9gional et interd\u00e9partemental de l'\u00e9conomie, de l'emploi, du \ntravail et des solidarit\u00e9s d'Ile-de-France relative \u00e0 la localisation et \u00e0 la d\u00e9limitation des unit\u00e9s de contr\u00f4le et des sections \nd'inspection du travail du d\u00e9partement de l'Essonne,  \n \n \nD\u00c9CIDE : \n \n \nArticle 1 : Sont nomm\u00e9s responsables d'unit\u00e9s de contr\u00f4le d'inspection du travail de la direction d\u00e9partementale de \nl'emploi, du travail et des solidarit\u00e9s de l'Essonne les agents suivants : \n- - Unit\u00e9 de contr\u00f4le n\u00b01 : Vacant. Par int\u00e9rim, Monsieur Lo\u00efc CAMUZAT, directeur adjoint du travail, \n- - Unit\u00e9 de contr\u00f4le n\u00b02 : Monsieur Lo\u00efc CAMUZAT, directeur adjoint du travail, \n- - Unit\u00e9 de contr\u00f4le n\u00b03 : Madame Sylvie MALUDI, directrice adjointe du travail. \n \nArticle 2 : Sans pr\u00e9judice des dispositions de l'article R. 8122-10-1 du code du travail et conform\u00e9ment aux dispositions de \nl'article R.8122-11 du code du travail, sont affect\u00e9s dans les sections d'inspection du travail de la direction d\u00e9partementale \nde l'emploi, du travail et des solidarit\u00e9s de l'Essonne les agents suivants : \n \nUnit\u00e9 de contr\u00f4le n\u00b01 : \n\u2022 Section 1-1T : Madame St\u00e9phanie DUVAL, directrice adjointe du travail assumant des fonctions d'inspectrice du \ntravail. \n\u2022 Section 1-2T : Madame Nad\u00e8ge RAVASSAT, inspectrice du travail. \n\u2022 Section 1-3 : Section vacante. L'int\u00e9rim  est assur\u00e9 par madame St\u00e9phanie DUVAL, directrice adjointe du travail \nassumant des fonctions d'inspectrice du travail. \n\u2022 Section 1-4 : Mme Na\u00efla OTT, inspectrice du travail. \n\u2022 Section 1-5 :  Monsieur Samy GHERBI, inspecteur du travail. \n\u2022 Section 1-6T : Madame B\u00e9atrice CHARPENTIER, inspectrice du travail  \n\u2022 Section 1-7 : Monsieur Micka\u00ebl TADRIST, inspecteur du travail. \n\u2022 Section 1-8 : Madame Pauline BRUNEAU, inspectrice du travail. \n\u2022 Section 1-9 : Madame Farida BARA, inspectrice du travail, \u00e0 l'exception de l'\u00e9tablissement Clinique de l'Yvette (n\u00b0 \nSiret : 96420200600026), sis \u00e0 Longjumeau, dont le contr\u00f4le est confi\u00e9 \u00e0 Madame Nad\u00e8ge RAVASSAT, inspectrice \ndu travail. \nDirection r\u00e9gionale et interd\u00e9partementale de l'\u00e9conomie, de l'emploi, du travail et des solidarit\u00e9s d'\u00cele-de-France -\nIDF-2025-12-05-00005 - D\u00e9cision n\u00b0 2025-245 du 05 d\u00e9cembre 2025\nportant affectation des agents de contr\u00f4le dans les unit\u00e9s de contr\u00f4le et gestion des int\u00e9rims de la direction d\u00e9partementale de\nl'emploi, du travail et des solidarit\u00e9s de l'Essonne\n15\n2 / 3 \n\u2022 Section 1-10A : Madame Nad\u00e8ge CLAUDE, inspectrice du travail, \u00e0 l'exception de l'\u00e9tablissement CSF (n\u00b0 Siret : \n44028375204822), sis \u00e0 Limours, dont le contr\u00f4le est confi\u00e9 \u00e0 Madame Ma\u00ebva MAUSSE, inspectrice du travail. \n\u2022 Section 1-11A :  Madame Ma\u00ebva MAUSSE, inspectrice du travail. \n \n \nUnit\u00e9 de contr\u00f4le n\u00b02 : \n\u2022 Section 2-1 : Monsieur Bastien JUPIN, inspecteur du travail. \n\u2022 Section 2-2A : Madame Alice RINAUDO, inspectrice du travail. \n\u2022 Section 2-3T : Madame Anahita RAHMANINIKOO, inspectrice du travail. \n\u2022 Section 2-4 : Monsieur Pascal GRAILLOT, inspecteur du travail. \n\u2022 Section 2-5 : Monsieur Olivier OU-RABAH, inspecteur du travail.  \n\u2022 Section 2-6 : Section vacante. L'int\u00e9rim est assur\u00e9 par Monsieur Olivier OU-RABAH, inspecteur du travail. \n\u2022 Section 2-7 :  Madame C\u00e9cile IVORRA, inspectrice du travail. \n\u2022 Section 2-8T : Madame Chlo\u00e9 DOUT\u00c9, inspectrice du travail. \n\u2022 Section 2-9A : Monsieur Ma\u00ebl GUILLAUME, inspecteur du travail. \n\u2022 Section 2-10 :  Monsieur Paul ALMOUZNI, inspecteur du travail. \n\u2022 Section 2-11 : Section vacante. L'int\u00e9rim est assur\u00e9 par Monsieur Paul ALMOUZNI, inspecteur du travail. \n \nUnit\u00e9 de contr\u00f4le n\u00b03 : \n\u2022 Section 3-1 : Madame Nazli NOZARIAN, inspectrice du travail. \n\u2022 Section 3-2 : Madame Corinne CATALIFAUT, inspectrice du travail. \n\u2022 Section 3-3 : Monsieur Emmanuel ROGEZ, inspecteur du travail. \n\u2022 Section 3-4A : Monsieur G\u00e9rald IVA, inspecteur du travail. \n\u2022 Section 3-5 : Madame Am\u00e9lie STOIAN, inspectrice du travail. \n\u2022 Section 3-6T : Monsieur Mathieu MIGEON, inspecteur du travail. \n\u2022 Section 3-7 : Monsieur Fr\u00e9d\u00e9ric CACHEUX, inspecteur du travail. \n\u2022 Section 3-8 : Madame Isabelle ATINE-PONDEZI, inspectrice du travail. \n\u2022 Section 3-9 : Madame C\u00e9line BARBAROT, inspectrice du travail. En l'absence de Mme C\u00e9line BARBAROT, l'int\u00e9rim \nest assur\u00e9 par Mme Am\u00e9lie STOIAN, inspectrice du travail. \n\u2022 Section 3-10A : Madame Aur\u00e9lie FORHAN, inspectrice du travail. \n\u2022 Section 3-11T :  Monsieur Fran\u00e7ois DA ROCHA, inspecteur du travail. \n \nArticle 3 : En cas d'emp\u00eachement d'un ou plusieurs agents de contr\u00f4le d\u00e9sign\u00e9s \u00e0 l'article 1 ci-dessus, l'int\u00e9rim est organis\u00e9 \nselon les modalit\u00e9s ci-apr\u00e8s : \n\u00c0 titre principal, en cas d'absence ou d'emp\u00eachement d'un inspecteur du travail, l'int\u00e9rim sera assur\u00e9 par un inspecteur \ndu travail affect\u00e9 dans la m\u00eame unit\u00e9 de contr\u00f4le et lorsque les circonstances le n\u00e9cessitent, par un inspecteur du travail \naffect\u00e9 dans une des trois autres unit\u00e9s de contr\u00f4le. \n \nArticle 4 : Conform\u00e9ment aux dispositions de l'article R.8122-10 du code du travail, les agents affect\u00e9s en unit\u00e9 de contr\u00f4le, \nparticipent lorsque l'action le rend n\u00e9cessaire aux actions d'inspection de la l\u00e9gislation du travail sur le territoire de l'unit\u00e9 \nd\u00e9partementale \u00e0 laquelle est rattach\u00e9e l'unit\u00e9 de contr\u00f4le o\u00f9 ils sont affect\u00e9s. \n \nArticle 5 : Sans pr\u00e9judice des attributions des agents de contr\u00f4le affect\u00e9s en section d'inspection, Monsieur Lo\u00efc \nCAMUZAT, directeur adjoint du travail et Madame Sylvie MALUDI, directrice adjointe du travail, exercent une mission de \ncontr\u00f4le en appui \u00e0 toutes les sections d'inspection. \n \nArticle 6 : En cas d'absence ou d'emp\u00eachement, l'i nt\u00e9rim de Monsieur Lo\u00efc CAMUZAT  ou de Madame Sylvie MALUDI, \nresponsables d'unit\u00e9 de contr\u00f4le, est assur\u00e9 par l'autre responsable d'unit\u00e9 de contr\u00f4le. \nEn cas d'absence ou d'emp\u00eachement simultan\u00e9 de Monsieur Lo\u00efc CAMUZAT et de Madame Sylvie MALUDI, responsables \nd'unit\u00e9s de contr\u00f4le, l'int\u00e9rim des unit\u00e9s de contr\u00f4le N\u00b0 1, 2 et 3, est assur\u00e9 par Madame Loriane COURTOIS, directrice \nadjointe du travail ou Monsieur St\u00e9phane ROUXEL, directeur du travail. \n \nArticle 7 : La pr\u00e9sente d\u00e9cision prend effet \u00e0 sa date de sa publication. Elle abroge la d\u00e9cision n\u00b0 2025-204 du 25 octobre \n2025. \n \n \n \n \n \n \n \nDirection r\u00e9gionale et interd\u00e9partementale de l'\u00e9conomie, de l'emploi, du travail et des solidarit\u00e9s d'\u00cele-de-France -\nIDF-2025-12-05-00005 - D\u00e9cision n\u00b0 2025-245 du 05 d\u00e9cembre 2025\nportant affectation des agents de contr\u00f4le dans les unit\u00e9s de contr\u00f4le et gestion des int\u00e9rims de la direction d\u00e9partementale de\nl'emploi, du travail et des solidarit\u00e9s de l'Essonne\n16\n3 / 3 \n \nArticle 8 : Le directeur r \u00e9gional et interd \u00e9partemental de l '\u00e9conomie, de l 'emploi, du travail et des solidarit \u00e9s d'Ile-de-\nFrance et le directeur d\u00e9partemental de l'emploi, du travail et des solidarit\u00e9s de l'Essonne sont charg\u00e9s de l'ex\u00e9cution de \nla pr\u00e9sente d\u00e9cision qui sera publi\u00e9e au recueil des actes administratifs de la r\u00e9gion \u00cele -de-France et de la pr\u00e9fecture du \nd\u00e9partement de l'Essonne. \n \n \n \n \nFait \u00e0 Saint-Denis, le 5 d\u00e9cembre 2025 \n \n \nLe directeur r\u00e9gional et interd\u00e9partemental \nde l'\u00e9conomie, de l'emploi, du travail et des solidarit\u00e9s \n \nSIGNE \n \nFabrice MASI \nDirection r\u00e9gionale et interd\u00e9partementale de l'\u00e9conomie, de l'emploi, du travail et des solidarit\u00e9s d'\u00cele-de-France -\nIDF-2025-12-05-00005 - D\u00e9cision n\u00b0 2025-245 du 05 d\u00e9cembre 2025\nportant affectation des agents de contr\u00f4le dans les unit\u00e9s de contr\u00f4le et gestion des int\u00e9rims de la direction d\u00e9partementale de\nl'emploi, du travail et des solidarit\u00e9s de l'Essonne\n17","date":"2025-12-08","first_seen_on":"2025-12-08T18:08:39+00:00","id":"c92b614ba7951e2bc0184e0d98c8e882db896ddb18b04f69e003333cde202bb6","name":"recueil-idf-020-2025-12-RAA-nominatifs du 08.12.2025","pdf_creation_date":"2025-12-08T15:57:55+00:00","pdf_modification_date":null,"timezone":"Europe/Paris","url":"https://www.prefectures-regions.gouv.fr/ile-de-france/irecontenu/telechargement/133457/978613/file/recueil-idf-020-2025-12-RAA-nominatifs%20du%2008.12.2025.pdf"}
