{"administration":"prefidf","administration_name":"Pr\u00e9fecture de la r\u00e9gion \u00cele-de-France","content":"PREFECTURE\nREGION ILE DE\nFRANCE\nRECUEIL DES ACTES\nADMINISTRATIFS SP\u00c9CIAL\n(NOMINATIFS)\nN\u00b0IDF-044-2025-10\nPUBLI\u00c9 LE 21 OCTOBRE 2025\nSommaire\nAgence R\u00e9gionale de Sant\u00e9 / service r\u00e9gional des transports sanitaires\nIDF-2025-10-20-00010 - Arr\u00eat\u00e9 n\u00b0DOS-2025-4510 portant agr\u00e9ment\nde la SAS AMBULANCE CLEA SANTE (2 pages) Page 3\nDirection r\u00e9gionale et interd\u00e9partementale de l'\u00e9conomie, de l'emploi,\ndu travail et des solidarit\u00e9s d'\u00cele-de-France / Unit\u00e9 r\u00e9gionale-P\u00f4le\ntravail\nIDF-2025-10-17-00006 - Avis de publication de la composition de la\ncommission paritaire r\u00e9gionale interprofessionnelle de la r\u00e9gion d'Ile de\nFrance pour le mandat 2021-2025 (2 pages) Page 6\nPr\u00e9fecture de la R\u00e9gion d'Ile de France, Pr\u00e9fecture de Paris  / Direction\ndes affaires juridiques\nIDF-2025-10-21-00001 - Arr\u00eat\u00e9 modifiant l'arr\u00eat\u00e9 n\u00b0\n75-2021-12-30-0001 du 30 d\u00e9cembre 2021 portant composition de la\ncommission d\u00e9partementale des valeurs locatives (CDVL) de Paris (2\npages) Page 9\n2\nAgence R\u00e9gionale de Sant\u00e9\nIDF-2025-10-20-00010\nArr\u00eat\u00e9 n\u00b0DOS-2025-4510 portant agr\u00e9ment de la\nSAS AMBULANCE CLEA SANTE\nAgence R\u00e9gionale de Sant\u00e9 - IDF-2025-10-20-00010 - Arr\u00eat\u00e9 n\u00b0DOS-2025-4510 portant agr\u00e9ment de la SAS AMBULANCE CLEA SANTE 3\nREPUBLIQUEFRANCAISELibert\u00e9Egalit\u00e9Fraternit\u00e9\ne \u00bb Agence R\u00e9gionale de Sant\u00e9Ile-de-France\n \n \n \n \n \n \n \nAGENCE R\u00c9GIONALE DE SANT\u00c9 \u00ceLE-DE-FRANCE \nARR\u00caT\u00c9 N\u00b0DOS-2025-4510 \nPortant agr\u00e9ment de la SAS AMBULANCE CLEA SANTE \n(78800 - HOUILLES)  \n \nLE DIRECTEUR G\u00c9N\u00c9RAL DE L'AGENCE R\u00c9GIONALE DE SANT\u00c9 \u00ceLE-DE-FRANCE \n \n  \nVU le Code de la Sant\u00e9 Publique et notamment ses articles L.6311-1 \u00e0 L.6311-2, L.6312-1 \u00e0 L.6312-\n5, L.6313-1, R.6312-1 \u00e0 R.6312-23, R.6312-29 \u00e0 R.6312-43, R.6313-5 \u00e0 R.6313-7-1 ;   \n \nVU la loi n\u00b0 2009-879 du 21 juillet 2009 portant r\u00e9forme de l'h\u00f4pital et relative aux patients, \u00e0 la sant\u00e9 \net aux territoires ; \n \nVU le d\u00e9cret n\u00b0 2010 -344 du 31 mars 2010 tirant les cons\u00e9quences, au niveau r\u00e8glementaire, de \nl'intervention de la loi n\u00b0 2009 -879 du 21 juillet 2009 portant r\u00e9forme de l'h\u00f4pital et relative aux \npatients, \u00e0 la sant\u00e9 et aux territoires ;  \n \nVU le d\u00e9cret du 10 avril 2024  portant nomination de Monsieur Denis ROBIN, Directeur g\u00e9n\u00e9ral de \nl'Agence r\u00e9gionale de sant\u00e9 \u00cele de France \u00e0 compter du 29 avril 2024 ; \n \nVU l'arr\u00eat\u00e9 minist\u00e9riel du 21 d\u00e9cembre 1987 modifi\u00e9 relatif \u00e0 la composition du dossier d'agr\u00e9ment \ndes personnes effectuant des transports sanitaires terrestres et au contr\u00f4le des v\u00e9hicules \naffect\u00e9s aux transports sanitaires ; \n \nVU l'arr\u00eat\u00e9 du 12 d\u00e9cembre 2017  modifi\u00e9 fixant les caract\u00e9ristiques et les installations mat\u00e9rielles \nexig\u00e9es pour les v\u00e9hicules affect\u00e9s aux transports sanitaires terrestres ; \n \nVU l'arr\u00eat\u00e9 DS N\u00b0034/2024 du Directeur g\u00e9n\u00e9ral de l'Agence r\u00e9gionale  de sant\u00e9 \u00cele de France en \ndate du 29 avril 2024, portant d\u00e9l\u00e9gation de signature \u00e0 Monsieur Arnaud CORVAISIER, \nDirecteur de l'offre de soins, et \u00e0 certains de ses collaborateurs ; \n \nVU le dossier de demande d'agr\u00e9ment pr\u00e9sent\u00e9 par , Madame L\u00e9a SERVENT, responsable l\u00e9gale \nde la SAS AMBULANCE CLEA SANTE, sise 104, Boulevard Jean Jaur\u00e8s - 78800 Houilles ; \n \nCONSIDERANT l'accord de transfert de l'autorisation de mise en service d'un v\u00e9hicule de cat\u00e9gorie C \ntype A immatricul\u00e9 GQ-826-CZ provenant de la soci\u00e9t\u00e9 AMBULANCES HARFANG \u00e0 Sartrouville et \nd'un v\u00e9hicule de cat\u00e9gorie D immatricul\u00e9 CF-854-YW provenant de la soci\u00e9t\u00e9 FLASH AMBULANCES \n\u00e0 Houilles d\u00e9livr\u00e9 par les services de l'ARS Ile de France le 12 mai 2025 ; \n \nCONSIDERANT la conformit\u00e9 du dossier de demande d'agr\u00e9ment, des installations mat\u00e9rielles, des \nv\u00e9hicules et des \u00e9quipages, aux dispositions du code de la sant\u00e9 publique et des arr\u00eat\u00e9s ci -dessus \nvis\u00e9s relatifs \u00e0 la composition du dossier d'agr\u00e9ment et fixant les carac t\u00e9ristiques exig\u00e9es pour les \nv\u00e9hicules et les installations mat\u00e9rielles affect\u00e9s aux transports sanitaires terrestres  ; \n \nAgence R\u00e9gionale de Sant\u00e9 - IDF-2025-10-20-00010 - Arr\u00eat\u00e9 n\u00b0DOS-2025-4510 portant agr\u00e9ment de la SAS AMBULANCE CLEA SANTE 4\n2 \n \nCONSIDERANT l'attestation sur l'honneur du responsable l\u00e9gal de la soci\u00e9t\u00e9 relative \u00e0 la conformit\u00e9 \ndes installations mat\u00e9rielles, aux normes d\u00e9finies par l'arr\u00eat\u00e9 du 12 d\u00e9cembre 2017 ci-dessus vis\u00e9 ainsi \nqu'aux normes d'hygi\u00e8ne et de salubrit\u00e9 ; \n \nCONSIDERANT les attestations sur l'honneur du responsable l\u00e9gal de la soci\u00e9t\u00e9 relative \u00e0 la conformit\u00e9 \ndes v\u00e9hicules de transports sanitaires, aux normes d\u00e9finies par l'arr\u00eat\u00e9 du 12 d\u00e9cembre 2017 ci-dessus \nvis\u00e9 ; \n \n \nARR\u00caTE \n \n \nARTICLE 1er :  La SAS AMBULANCE CLEA SANTE, sise 104, Boulevard Jean Jaur\u00e8s - 78800 Houilles, \ndont la pr\u00e9sidente est Madame L\u00e9a SERVENT , est agr\u00e9\u00e9e sous le n\u00b0 ARS-IDF-TS/427 \u00e0 compter de \nla date du pr\u00e9sent arr\u00eat\u00e9. \n \n ARTICLE 2 : La liste des v\u00e9hicules et des personnels composant les \u00e9quipages est pr\u00e9cis\u00e9e en annexe \nau pr\u00e9sent arr\u00eat\u00e9. \n \nARTICLE 3  : La pr\u00e9sente d\u00e9cision peut faire l'objet d'un recours gracieux aupr\u00e8s de Monsieur le \nDirecteur g\u00e9n\u00e9ral de l'Agence r\u00e9gionale de sant\u00e9, sise 13, rue du Landy 93200 Saint-Denis. \n Un recours contentieux peut \u00e9galement \u00eatre d\u00e9pos\u00e9 aupr\u00e8s du tribunal administratif comp\u00e9tent.   \n Le d\u00e9lai de recours est de deux mois \u00e0 compter de la notification de l'arr\u00eat\u00e9 pour l'int\u00e9ress\u00e9 ou de sa \npublication pour les tiers. \n Ces recours n'ont pas pour effet de suspendre le caract\u00e8re ex\u00e9cutoire de la pr\u00e9sente d\u00e9cision.    \n \nARTICLE 4 : Le Directeur de l'offre de soins est charg\u00e9 de l'ex\u00e9cution du pr\u00e9sent arr\u00eat\u00e9, qui sera publi\u00e9 \nau Recueil des Actes Administratifs des services de l'\u00c9tat. \n \n \nFait \u00e0 Saint-Denis, le     20/10/2025                        \n \nP/Le Directeur g\u00e9n\u00e9ral \nde l'Agence r\u00e9gionale de sant\u00e9 \nIle-de-France, \nLa Responsable du Service r\u00e9gional \ndes transports sanitaires, \n \n \nSIGNE \n \nS\u00e9verine TEISSEDRE \n \n \nAgence R\u00e9gionale de Sant\u00e9 - IDF-2025-10-20-00010 - Arr\u00eat\u00e9 n\u00b0DOS-2025-4510 portant agr\u00e9ment de la SAS AMBULANCE CLEA SANTE 5\nDirection r\u00e9gionale et interd\u00e9partementale de\nl'\u00e9conomie, de l'emploi, du travail et des\nsolidarit\u00e9s d'\u00cele-de-France\nIDF-2025-10-17-00006\nAvis de publication de la composition de la\ncommission paritaire r\u00e9gionale\ninterprofessionnelle de la r\u00e9gion d'Ile de France\npour le mandat 2021-2025\nDirection r\u00e9gionale et interd\u00e9partementale de l'\u00e9conomie, de l'emploi, du travail et des solidarit\u00e9s d'\u00cele-de-France -\nIDF-2025-10-17-00006 - Avis de publication de la composition de la commission paritaire r\u00e9gionale interprofessionnelle de la r\u00e9gion\nd'Ile de France pour le mandat 2021-2025\n6\nMINISTERE ;DU TRAVAIL, DE LA SANTE,DES SOLIDARITESET DES FAMILLES\nFraternit\u00e9\n \n \n \nDirection r\u00e9gionale et interd\u00e9partementale  \nde l'\u00e9conomie, de l'emploi, du travail et des solidarit\u00e9s  \nd'\u00cele-de-France \n \nDRIEETS d'\u00cele-de-France - 21 rue Madeleine Vionnet - 93300 AUBERVILLIERS \n \n \n \n \nAVIS DE PUBLICATION DE LA COMPOSITION DE LA COMMISSION PARITAIRE REGIONALE  \nINTERPROFESSIONNELLE DE LA REGION D'ILE DE FRANCE  \nPOUR LE MANDAT 2021-2025 \n \n \nArticle L. 23-112-5 du code du travail \n Article R. 23-112-14 du code du travail \n \n \nLe directeur r\u00e9gional et interd\u00e9partemental de l'\u00e9conomie, de l'emploi, du travail et \ndes solidarit\u00e9s d'Ile-de-France par d\u00e9l\u00e9gation, \n \nVu l'arr\u00eat\u00e9 interminist\u00e9riel du 12 aout 2025 nommant Thomas MASI, directeur r\u00e9gional \net interd\u00e9partemental de l'\u00e9conomie, de l'emploi, du travail et des solidarit\u00e9s d'Ile de \nFrance \u00e0 compter du 25 aout 2025, \n \nVu la d\u00e9cision par laquelle M. MASI a d\u00e9l\u00e9gu\u00e9 sa signature \u00e0 Jean Fran\u00e7ois DALVAI \ndirecteur r\u00e9gional adjoint du travail, responsable du P\u00f4le Politiques du travail, et celle \npar laquelle ce dernier a d\u00e9l\u00e9gu\u00e9 sa signature \u00e0 Mme Dominique -Anne MICHEL, \ndirectrice du travail, Adjointe au responsable du P\u00f4le Politiques du travail,  \n \nVu l'arr\u00eat\u00e9 du 6 juin 2025 portant calendrier de la mise en place des commissions \nparitaires r\u00e9gionales interprofessionnelles pour 2025 et fixant le mod\u00e8le des \ndocuments requis pour la d\u00e9signation de leurs membres, \n \nVu l'arr\u00eat\u00e9 du 6 juin 2025 portant attribution des si\u00e8ges de membres des commissions \nparitaires r\u00e9gionales interprofessionnelles pour le mandat 2025-2029, \n \nConsid\u00e9rant les d\u00e9signations de repr\u00e9sentants salari\u00e9s et Employeurs effectu\u00e9es par \nles organisations syndicales de salari\u00e9s et les org anisations professionnelles \nd'employeurs auxquelles ont \u00e9t\u00e9 attribu\u00e9s des si\u00e8ges ; \n \n \n \n \n \n \n \n \n \n \n \n \nDirection r\u00e9gionale et interd\u00e9partementale de l'\u00e9conomie, de l'emploi, du travail et des solidarit\u00e9s d'\u00cele-de-France -\nIDF-2025-10-17-00006 - Avis de publication de la composition de la commission paritaire r\u00e9gionale interprofessionnelle de la r\u00e9gion\nd'Ile de France pour le mandat 2021-2025\n7\nad\nDRIEETS d'\u00cele-de-France - 21 rue Madeleine Vionnet - 93300 AUBERVILLIERS 2/2 \n \n \nLa commission paritaire r\u00e9gionale interprofessionnelle de la r\u00e9gion d'Ile de France est \ncompos\u00e9e des membres suivants : \n \n \n \n \n \nA compter de la pr\u00e9sente publication , la d\u00e9signation des membres susnomm\u00e9s peut \u00eatre contest\u00e9e dans un \nd\u00e9lai de quinze jours devant le tribunal judiciaire dans le ressort duquel la DRIEETS a son si\u00e8ge. \n \nLa pr\u00e9sente liste est publi\u00e9e au recueil des actes administratifs. Elle est consultable sur le site internet de la   \nDRIEETS. \n \n \n \n          Fait \u00e0 Aubervilliers, le 17 octobre 2025 \n \n \nPar d\u00e9l\u00e9gation du directeur r\u00e9gional et \ninterd\u00e9partemental de l'\u00e9conomie, de \nl'emploi, du travail et des sol idarit\u00e9s, \nl'adjointe au Responsable du P\u00f4le \nPolitiques du Travail,   \n                                                                                                                 \n \n \n \nDominique-Anne MICHEL \n \nQualit\u00e9 (repr\u00e9sentant \nemployeur/salari\u00e9) \nNom et pr\u00e9nom du repr\u00e9sentant  Profession du repr\u00e9sentant  Organisation \nd'appartenance  \nRepr\u00e9sentant salari\u00e9 BAZIN BILDSTEIN Monique Retrait\u00e9 CFDT \nRepr\u00e9sentant salari\u00e9 BERNARD Sylvain Technicien CGT \nRepr\u00e9sentant salari\u00e9 GOMART Marion Artiste lyrique CGT \nRepr\u00e9sentant salari\u00e9 ZAGOUCHE Abderrafik Responsable Sant\u00e9 Travail CGT \nDirection r\u00e9gionale et interd\u00e9partementale de l'\u00e9conomie, de l'emploi, du travail et des solidarit\u00e9s d'\u00cele-de-France -\nIDF-2025-10-17-00006 - Avis de publication de la composition de la commission paritaire r\u00e9gionale interprofessionnelle de la r\u00e9gion\nd'Ile de France pour le mandat 2021-2025\n8\nPr\u00e9fecture de la R\u00e9gion d'Ile de France,\nPr\u00e9fecture de Paris \nIDF-2025-10-21-00001\nArr\u00eat\u00e9 modifiant l'arr\u00eat\u00e9 n\u00b0 75-2021-12-30-0001\ndu 30 d\u00e9cembre 2021 portant composition de la\ncommission d\u00e9partementale des valeurs\nlocatives (CDVL) de Paris\nPr\u00e9fecture de la R\u00e9gion d'Ile de France, Pr\u00e9fecture de Paris  - IDF-2025-10-21-00001 - Arr\u00eat\u00e9 modifiant l'arr\u00eat\u00e9 n\u00b0 75-2021-12-30-0001 du\n30 d\u00e9cembre 2021 portant composition de la commission d\u00e9partementale des valeurs locatives (CDVL) de Paris 9\n \n \n \n \nSecr\u00e9tariat g\u00e9n\u00e9ral aux politiques publiques \nDirection des affaires juridiques  \n \nArr\u00eat\u00e9 \nmodifiant l'arr\u00eat\u00e9 n\u00b0 75-2021-12-30-0001 du 30 d\u00e9cembre 2021  \nportant composition de la commission d\u00e9partementale des valeurs locatives (CDVL) de Paris  \n \nLE PR\u00c9FET DE LA R\u00c9GION D'\u00ceLE-DE-FRANCE \nPR\u00c9FET DE PARIS \nGrand officier de la L\u00e9gion d'Honneur \nOfficier de l'Ordre National du M\u00e9rite \n \nVu  le code g\u00e9n\u00e9ral des imp\u00f4ts, notamment son article 1650 B ; \n \nVu  l'annexe II au code g\u00e9n\u00e9ral des imp\u00f4ts, notamment ses articles 371 ter  J (I), 371 ter  K et 371 ter  L ; \n  \nVu l'arr\u00eat\u00e9 n\u00b0 75-2021-12-30-0001 du 30 d\u00e9cembre 2021 portant composition de la commission d\u00e9partementale  \ndes valeurs locatives (CDVL) de Paris, modifi\u00e9 par l'arr\u00eat\u00e9 n\u00b075-2022-04-14-00003 du 14 avril 2022 ; \n \nVu la d\u00e9lib\u00e9ration n\u00b0 2023 R8 du Conseil de Paris des 14, 15, 16 et 17 novembre 2023 constatant la d\u00e9miss ion \nde Mme Olivia POLSKI de son mandat de repr\u00e9sentante  suppl\u00e9ante de la Ville de Paris \u00e0 la commission \nd\u00e9partementale des valeurs locatives des locaux pro fessionnels et la d\u00e9signation de M. Nicolas BONNET-\nOULALDJ pour la remplacer ;  \n \nConsid\u00e9rant que  la liste des membres de la commission d\u00e9partementa le des valeurs locatives des locaux \nprofessionnels de Paris, autres que les parlementai res et les repr\u00e9sentants de l'administration fiscal e, doit \u00eatre \narr\u00eat\u00e9e par le repr\u00e9sentant de l'\u00c9tat en application de l'article 371 ter  K susvis\u00e9 ; \n \nConsid\u00e9rant que  le nombre de si\u00e8ges \u00e0 pourvoir pour les repr\u00e9senta nts du Conseil de Paris au sein de la \ncommission d\u00e9partementale des valeurs locatives des  locaux professionnels s'\u00e9l\u00e8ve \u00e0 10, en application  de \nl'article 1650 B susvis\u00e9, et qu'il y a lieu de proc \u00e9der \u00e0 une nouvelle d\u00e9signation lorsqu'un des membr es de la \ncommission ou son suppl\u00e9ant d\u00e9missionne de son mand at au sein de cette commission, pour une dur\u00e9e alla nt \njusqu'\u00e0 l'expiration du mandat de la personne rempl ac\u00e9e, c'est-\u00e0-dire jusqu'au prochain renouvellement  g\u00e9n\u00e9ral \ndes conseils municipaux, en application du I et du c) du II de l'article 371 ter  L susvis\u00e9 ; \n \nARR\u00caTE \n \nArticle 1\ner  : Dans le tableau figurant au A) de l'article 1 er  de l'arr\u00eat\u00e9 n\u00b0 75-2021-12-30-0001 du 30 d\u00e9cembre \n2021 susvis\u00e9, les nom et pr\u00e9nom : \u00ab POLSKI Olivia \u00bb  sont remplac\u00e9s par les nom et pr\u00e9nom suivants : \n\u00ab BONNET-OULALDJ Nicolas \u00bb. \n \nArticle 2 :  La composition consolid\u00e9e de la commission d\u00e9parte mentale des valeurs locatives des locaux \nprofessionnels de Paris fix\u00e9e par l'arr\u00eat\u00e9 n\u00b0 75-20 21-12-30-0001 du 30 d\u00e9cembre 2021 susvis\u00e9, telle qu e \nmodifi\u00e9e par les dispositions de l'article 1 \ner  ci-dessus, figure pour information en annexe au pr\u00e9sent arr\u00eat\u00e9.  \n \nArticle 3 : Le pr\u00e9fet, directeur de cabinet du pr\u00e9fet de la r\u00e9 gion d'\u00cele-de-France, pr\u00e9fet de Paris, et le direct eur \nr\u00e9gional des finances publiques d'\u00cele-de-France et de Paris sont charg\u00e9s, chacun en ce qui le concerne , \nd'assurer l'ex\u00e9cution du pr\u00e9sent arr\u00eat\u00e9. \n \nFait \u00e0 Paris, le 21.10.2025 \n \n \nLe pr\u00e9fet de la r\u00e9gion d'Ile-de-France,  \npr\u00e9fet de Paris, \n \nSign\u00e9 \n \nMarc GUILLAUME \n \nPr\u00e9fecture de la R\u00e9gion d'Ile de France, Pr\u00e9fecture de Paris  - IDF-2025-10-21-00001 - Arr\u00eat\u00e9 modifiant l'arr\u00eat\u00e9 n\u00b0 75-2021-12-30-0001 du\n30 d\u00e9cembre 2021 portant composition de la commission d\u00e9partementale des valeurs locatives (CDVL) de Paris 10\n \n 2 \n \n \nAnnexe de l'arr\u00eat\u00e9 pr\u00e9fectoral du 21 octobre 2025 m odifiant l'arr\u00eat\u00e9 n\u00b0 75-2021-12-30-0001 du 30 \nd\u00e9cembre 2021 portant composition de la commission d\u00e9partementale des valeurs locatives (CDVL) de \nParis : \n  \nComposition consolid\u00e9e de la commission d\u00e9partementale des valeurs locatives (CDVL) de Paris : \n \nAU TITRE DES REPR\u00c9SENTANTS DU CONSEIL DE PARIS : \n \nTitulaires Suppl\u00e9ants \nSIMONDON Paul GARRIGOS Genevi\u00e8ve \nSAMAKE Hamidou CHEVANDIER Thomas \nCHICHE Mahor JAMET-FOURNIER Boris \nAKKARi Maya JEMNI Halima \nBADINA SERPETTE Fr\u00e9d\u00e9ric GLEIZES J\u00e9r\u00f4me \nNIAKATE Aminata FAUGERON Corine \nCOCHARD Maxime BALADI Vincent \nCANAL Gr\u00e9gory LAUSSUCQ Jean \nPIRILLO Aur\u00e9lie BONNET -OULALDJ Nicolas  \nGABELOTAUD Afaf RAYMOND-ROSSI Marie-Jos\u00e9 \n \nAU TITRE DES REPR\u00c9SENTANTS DES CONTRIBUABLES : \n \nTitulaires Suppl\u00e9ants \nDe BUCHET Amaury LELLOUCHE Jo\u00eblle \nBAUR Elisabeth  TRIDON G\u00e9raldinr \nFRERET-ROY Michel GRIGUER Diana \nBUSSIERE Francis ZIA FATHY Farzaneh \nLECONTE Benoit BAUDOUX Antoine \nCHEDAL Jean-Pierre ADAM Janine \nWANG Rui ROUFFIGNAC Alexandre \nVERNIERS Julien NORTH Bruno \nMETOUDI Gilbert NAZAMOUDINE Kesarhoussen Mohamed \n \n \n \n \n \n \n \n \n \n \n \n \n \n \n \n \n \n \n \n \n \n \nPr\u00e9fecture de la R\u00e9gion d'Ile de France, Pr\u00e9fecture de Paris  - IDF-2025-10-21-00001 - Arr\u00eat\u00e9 modifiant l'arr\u00eat\u00e9 n\u00b0 75-2021-12-30-0001 du\n30 d\u00e9cembre 2021 portant composition de la commission d\u00e9partementale des valeurs locatives (CDVL) de Paris 11","date":"2025-10-21","first_seen_on":"2025-10-21T17:08:29+00:00","id":"c98d5d02e22dc0f8f2efcf2a5c484819e00c1475e78e4f24b5e0d108abdbe2ed","name":"recueil-idf-044-2025-10-RAA-nominatifs du 21.10.2025","pdf_creation_date":"2025-10-21T15:41:30+00:00","pdf_modification_date":null,"timezone":"Europe/Paris","url":"https://www.prefectures-regions.gouv.fr/ile-de-france/irecontenu/telechargement/131990/969008/file/recueil-idf-044-2025-10-RAA-nominatifs%20du%2021.10.2025.pdf"}
