{"administration":"pref30","administration_name":"Pr\u00e9fecture du Gard","content":"PR\u00c9FET\nDU GARD\nRECUEIL DES ACTES\nADMINISTRATIFS SP\u00c9CIAL\n(NOMINATIFS)\nN\u00b030-2025-205\nPUBLI\u00c9 LE 21 NOVEMBRE 2025\nSommaire\nDirection d\u00e9partementale de l'\u00e9conomie, de l'emploi, du travail et des\nsolidarit\u00e9s  /\n30-2025-11-10-00004 - R\u00e9c\u00e9piss\u00e9 d\u00e9claration services \u00e0 la\npersonne CAMPELLO Val\u00e9rie (2 pages) Page 3\n30-2025-11-10-00005 - R\u00e9c\u00e9piss\u00e9 d\u00e9claration services \u00e0 la\npersonne LEON ART ET BIEN ETRE (2 pages) Page 6\n30-2025-11-10-00003 - R\u00e9c\u00e9piss\u00e9 d\u00e9claration services \u00e0 la\npersonne MILO SERVICES (2 pages) Page 9\n30-2025-11-12-00005 - R\u00e9c\u00e9piss\u00e9 d\u00e9claration services \u00e0 la\npersonne O CARRE VERT (2 pages) Page 12\n30-2025-11-10-00002 - R\u00e9c\u00e9piss\u00e9 d\u00e9claration services \u00e0 la\npersonne RUN THE WORD (2 pages) Page 15\n30-2025-11-12-00006 - R\u00e9c\u00e9piss\u00e9 d\u00e9claration services \u00e0 la\npersonne VITAL SERVICES ADOM (2 pages) Page 18\nPrefecture du Gard /\n30-2025-11-17-00003 - Arr\u00eat\u00e9 fixant la liste des m\u00e9decins agr\u00e9\u00e9s\ncharg\u00e9s d'exercer le contr\u00f4le m\u00e9dical de l'aptitude \u00e0 la conduite\npour le d\u00e9partement du Gard (6 pages) Page 21\n2\nDirection d\u00e9partementale de l'\u00e9conomie, de\nl'emploi, du travail et des solidarit\u00e9s \n30-2025-11-10-00004\nR\u00e9c\u00e9piss\u00e9 d\u00e9claration services \u00e0 la personne\nCAMPELLO Val\u00e9rie\nDirection d\u00e9partementale de l'\u00e9conomie, de l'emploi, du travail et des solidarit\u00e9s  - 30-2025-11-10-00004 - R\u00e9c\u00e9piss\u00e9 d\u00e9claration\nservices \u00e0 la personne CAMPELLO Val\u00e9rie 3\nExPREFET | Direction D\u00e9partementaleDU GARD | de l'Emploi, du Travail et des Solidarit\u00e9sLibert\u00e9Egalit\u00e9Fraternit\u00e9\nR\u00e9c\u00e9piss\u00e9 de d\u00e9claration n\u00b0 30-2025-11-10-n\u00b0d'un organisme de services \u00e0 la personneenregistr\u00e9 sous le n\u00b0 SAP 991975160Le pr\u00e9fet du GardChevalier de la L\u00e9gion d'HonneurOfficier de l'Ordre National du M\u00e9riteVu le code du travail et notamment les articles L.7231-1 \u00e0 L.7233-2, R.7232-18 \u00e0 R.7232-24, D.7231-1 et D.7233-1 a D.7233-5 :Vu l'arr\u00eat\u00e9 du ministre de l'Int\u00e9rieur et des outre-mer du 30 janvier 2024 nommant Mme SophieBOUDOT, attach\u00e9e d'administration hors classe de l'\u00e9tat, directrice d\u00e9partementale, de l'emploi, dutravail et des solidarit\u00e9s du Gard, \u00e0 compter du 19 f\u00e9vrier 2024 ;Vu l'arr\u00eat\u00e9 du 19 f\u00e9vrier 2024 donnant d\u00e9l\u00e9gation de signature \u00e0 Madame Sophie BOUDOT, directriced\u00e9partementale de l'emploi, du travail et des solidarit\u00e9s du Gard ;Vu l'arr\u00eat\u00e9 du 19 f\u00e9vrier 2025 portant subd\u00e9l\u00e9gation aux agents de la direction d\u00e9partementale del'emploi, du travail et des solidarit\u00e9s :Vu la circulaire DGE du 03 janvier 2025 relative aux activit\u00e9s de services \u00e0 la personne : d\u00e9claration etagr\u00e9ment des organismes de services \u00e0 la personne ;Constate :Qu'une d\u00e9claration d'activit\u00e9s de services \u00e0 la personne a \u00e9t\u00e9 d\u00e9pos\u00e9e aupr\u00e8s de la directiond\u00e9partementale de l'emploi, du travail et des solidarit\u00e9s, le 04 octobre 2025, par Madame CAMPELLOVal\u00e9rie en qualit\u00e9 de responsable, pour l'organisme CAMPELLO Val\u00e9rie Siret N\u00b099197516000011dont l'\u00e9tablissement principal est situ\u00e9 au 10 rue de l'Arbousier 30340 Saint Julien les Rosiers etenregistr\u00e9e sous le n\u00b0 SAP 991975160 ;Que les activit\u00e9s d\u00e9clar\u00e9es en mode prestataire sont les suivantes :o Entretien de la maison et travaux m\u00e9nagersToute modification concernant les activit\u00e9s exerc\u00e9es devra faire l'objet d'une d\u00e9claration modificativepr\u00e9alable.Sous r\u00e9serve d'\u00eatre exerc\u00e9es \u00e0 titre exclusif (ou sous r\u00e9serve d'une comptabilit\u00e9 s\u00e9par\u00e9e pour lespersonnes morales dispens\u00e9es de cette condition), ces activit\u00e9s ouvrent droit au b\u00e9n\u00e9fice desdispositions des articles L. 7233-2 du code du travail et L. 241-10 du code de la s\u00e9curit\u00e9 sociale dansles conditions pr\u00e9vues par ces articles.Les effets de la d\u00e9claration courent \u00e0 compter du jour du d\u00e9p\u00f4t de la d\u00e9claration sous r\u00e9serve desdispositions de l'article R.7232-18 du code du travail.Le pr\u00e9sent r\u00e9c\u00e9piss\u00e9 est \u00e0 port\u00e9e nationale et n'est pas limit\u00e9 dans le temps, \u00e0 l'exception desactivit\u00e9s relevant de l'agr\u00e9ment dont les effets sont limit\u00e9s \u00e0 5 ans.\nMas de l'Agriculture - 1120 route de Saint Gilles - BP 39081 - 30972 NIMES CEDEX 9T\u00e9l : 04 30 08 61 20 Fax : 04 30 08 61 21 www.gard.gouv.fr\nDirection d\u00e9partementale de l'\u00e9conomie, de l'emploi, du travail et des solidarit\u00e9s  - 30-2025-11-10-00004 - R\u00e9c\u00e9piss\u00e9 d\u00e9claration\nservices \u00e0 la personne CAMPELLO Val\u00e9rie 4\nL'enregistrement de la d\u00e9claration peut \u00eatre retir\u00e9 dans les conditions fix\u00e9es aux articles R.7232-20 \u00e0R.7232-22 du code du travail.Le pr\u00e9sent r\u00e9c\u00e9piss\u00e9 sera publi\u00e9 au recueil des actes administratifs de la pr\u00e9fecture du Gard.Voies de recours :La pr\u00e9sente d\u00e9cision peut, \u00e0 compter de sa publication, faire l'objet d'un recours gracieux aupr\u00e8s de laDirection D\u00e9partementale de l'Emploi, du Travail et des Solidarit\u00e9s- Mas de l'Agriculture \u2014 1120 routede Saint Gilles \u2014 BP 39081 \u2014 30972 NIMES CEDEX 9 ou d'un recours hi\u00e9rarchique adress\u00e9 auministre charg\u00e9 de l'\u00e9conomie - Direction g\u00e9n\u00e9rale des entreprises - sous-direction des servicesmarchands, 6, rue Louise Weiss, 75703 Paris cedex13.Elle peut \u00e9galement faire l'objet d'un recours contentieux dans un d\u00e9lai de deux mois \u00e0 compter de sapublication aupr\u00e8s du Tribunal administratif de N\u00eemes - 16 avenue Feuch\u00e8res - 30000 N\u00eemes.Le tribunal administratif peut \u00eatre saisi par l'application informatique \u00ab T\u00e9l\u00e9recours citoyen \u00bbaccessible sur le site internet www.telerecours.fr.En cas de rejet du recours gracieux ou hi\u00e9rarchique ou en l'absence de r\u00e9ponse \u00e0 ce recours (rejetimplicite), un recours contentieux devant le tribunal administratif peut \u00e9galement \u00eatre form\u00e9 contre lad\u00e9cision initiale dans un d\u00e9lai de deux mois \u00e0 compter de ce rejet.\nFait \u00e0 N\u00eemes, le 10 novembre 2025. Pour la Directrice D\u00e9partementale del'Emploi, de Travail et des Solidarit\u00e9sdu Garc et par d\u00e9l\u00e9gatior.La respersatie du service emploi etinser.2\" rro*kssiornelleIsabelle REVOL (7ATwae\nDirection d\u00e9partementale de l'\u00e9conomie, de l'emploi, du travail et des solidarit\u00e9s  - 30-2025-11-10-00004 - R\u00e9c\u00e9piss\u00e9 d\u00e9claration\nservices \u00e0 la personne CAMPELLO Val\u00e9rie 5\nDirection d\u00e9partementale de l'\u00e9conomie, de\nl'emploi, du travail et des solidarit\u00e9s \n30-2025-11-10-00005\nR\u00e9c\u00e9piss\u00e9 d\u00e9claration services \u00e0 la personne\nLEON ART ET BIEN ETRE\nDirection d\u00e9partementale de l'\u00e9conomie, de l'emploi, du travail et des solidarit\u00e9s  - 30-2025-11-10-00005 - R\u00e9c\u00e9piss\u00e9 d\u00e9claration\nservices \u00e0 la personne LEON ART ET BIEN ETRE 6\nPREFET Direction D\u00e9partementaleDU GARD de l'Emploi, du Travail et des Solidarit\u00e9sLibert\u00e9Egalit\u00e9Fraternit\u00e9\nR\u00e9c\u00e9piss\u00e9 de d\u00e9claration n\u00b0 30-2025-11-10-n\u00b0d'un organisme de services \u00e0 la personneenregistr\u00e9 sous le n\u00b0 SAP 980077846Le pr\u00e9fet du GardChevalier de la L\u00e9gion d'HonneurOfficier de l'Ordre National du M\u00e9riteVu le code du travail et notamment les articles L.7231-1 \u00e0 L.7233-2, R.7232-18 \u00e0 R.7232-24, D.7231-1 et D.7233-1 \u00e0 D.7233-5 ;Vu l'arr\u00e9t\u00e9 du ministre de l'Int\u00e9rieur et des outre-mer du 30 janvier 2024 nommant Mme SophieBOUDOT, attach\u00e9e d'administration hors classe de l'\u00e9tat, directrice d\u00e9partementale, de l'emploi, dutravail et des solidarit\u00e9s du Gard, \u00e0 compter du 19 f\u00e9vrier 2024 ;Vu l'arr\u00eat\u00e9 du 19 f\u00e9vrier 2024 donnant d\u00e9l\u00e9gation de signature \u00e0 Madame Sophie BOUDOT, directriced\u00e9partementale de l'emploi, du travail et des solidarit\u00e9s du Gard ;Vu l'arr\u00eat\u00e9 du 19 f\u00e9vrier 2025 portant subd\u00e9l\u00e9gation aux agents de la direction d\u00e9partementale del'emploi, du travail et des solidarit\u00e9s ;Vu la circulaire DGE du 03 janvier 2025 relative aux activit\u00e9s de services \u00e0 la personne : d\u00e9claration etagr\u00e9ment des organismes de services \u00e0 la personne ;Constate :Qu'une d\u00e9claration d'activit\u00e9s de services \u00e0 la personne a \u00e9t\u00e9 d\u00e9pos\u00e9e aupr\u00e8s de la directiond\u00e9partementale de l'emploi, du travail et des solidarit\u00e9s, le 18 septembre 2025, par NOEL Florence enqualit\u00e9 de responsable, pour l'organisme L\u00e9on'Art et Bien-\u00eatre Siret N\u00b098007784600023 dontl'\u00e9tablissement principal est situ\u00e9 au 6 rue Graverol 30000 N\u00eemes et enregistr\u00e9e sous le n\u00b0 SAP980077846;Que les activit\u00e9s d\u00e9clar\u00e9es en mode prestataire sont les suivantes :o Soutien scolaire ou cours \u00e0 domicileToute modification concernant les activit\u00e9s exerc\u00e9es devra faire l'objet d'une d\u00e9claration modificativepr\u00e9alable.Sous r\u00e9serve d'\u00eatre exerc\u00e9es \u00e0 titre exclusif (ou sous r\u00e9serve d'une comptabilit\u00e9 s\u00e9par\u00e9e pour lespersonnes morales dispens\u00e9es de cette condition), ces activit\u00e9s ouvrent droit au b\u00e9n\u00e9fice desdispositions des articles L. 7233-2 du code du travail et L. 241-10 du code de la s\u00e9curit\u00e9 sociale dansles conditions pr\u00e9vues par ces articles.Les effets de la d\u00e9claration courent \u00e0 compter du jour du d\u00e9p\u00f4t de la d\u00e9claration sous r\u00e9serve desdispositions de l'article R.7232-18 du code du travail.Le pr\u00e9sent r\u00e9c\u00e9piss\u00e9 est \u00e0 port\u00e9e nationale et n'est pas limit\u00e9 dans le temps, \u00e0 l'exception desactivit\u00e9s relevant de l'agr\u00e9ment dont les effets sont limit\u00e9s \u00e0 5 ans.\nMas de l'Agriculture - 1120 route de Saint Gilles - BP 39081 - 30972 NIMES CEDEX 9T\u00e9l : 04 30 08 61 20 Fax : 04 30 08 61 21 www.gard.gouv.fr\nDirection d\u00e9partementale de l'\u00e9conomie, de l'emploi, du travail et des solidarit\u00e9s  - 30-2025-11-10-00005 - R\u00e9c\u00e9piss\u00e9 d\u00e9claration\nservices \u00e0 la personne LEON ART ET BIEN ETRE 7\nL'enregistrement de la d\u00e9claration peut \u00eatre retir\u00e9 dans les conditions fix\u00e9es aux articles R.7232-20 aR.7232-22 du code du travail.Le pr\u00e9sent r\u00e9c\u00e9piss\u00e9 sera publi\u00e9 au recueil des actes administratifs de la pr\u00e9fecture du Gard.Voies de recours :La pr\u00e9sente d\u00e9cision peut, \u00e0 compter de sa publication, faire l'objet d'un recours gracieux aupr\u00e8s de laDirection D\u00e9partementale de l'Emploi, du Travail et des Solidarit\u00e9s- Mas de l'Agriculture \u2014 1120 routede Saint Gilles \u2014 BP 39081 \u2014 30972 NIMES CEDEX 9 ou d'un recours hi\u00e9rarchique adress\u00e9 auministre charg\u00e9 de l'\u00e9conomie - Direction g\u00e9n\u00e9rale des entreprises - sous-direction des servicesmarchands, 6, rue Louise Weiss, 75703 Paris cedex13.Elle peut \u00e9galement faire l'objet d'un recours contentieux dans un d\u00e9lai de deux mois \u00e0 compter de sapublication aupr\u00e8s du Tribunal administratif de N\u00eemes - 16 avenue Feuch\u00e8res - 30000 N\u00eemes.Le tribunal administratif peut \u00eatre saisi par l'application informatique \u00ab T\u00e9l\u00e9recours citoyen \u00bbaccessible sur le site internet www.telerecours.fr.En cas de rejet du recours gracieux ou hi\u00e9rarchique ou en l'absence de r\u00e9ponse \u00e0 ce recours (rejetimplicite), un recours contentieux devant le tribunal administratif peut \u00e9galement \u00eatre form\u00e9 contre lad\u00e9cision initiale dans un d\u00e9lai de deux mois \u00e0 compter de ce rejet.\nFait \u00e0 N\u00eemes, le 10 novembre 2025.\nPour la Directrice M\u00e9natemantans de\"Empleo. 2.7 .Laresponsabie x. se. a\u00bb &Isabelle REVOL 4 7\nDirection d\u00e9partementale de l'\u00e9conomie, de l'emploi, du travail et des solidarit\u00e9s  - 30-2025-11-10-00005 - R\u00e9c\u00e9piss\u00e9 d\u00e9claration\nservices \u00e0 la personne LEON ART ET BIEN ETRE 8\nDirection d\u00e9partementale de l'\u00e9conomie, de\nl'emploi, du travail et des solidarit\u00e9s \n30-2025-11-10-00003\nR\u00e9c\u00e9piss\u00e9 d\u00e9claration services \u00e0 la personne\nMILO SERVICES\nDirection d\u00e9partementale de l'\u00e9conomie, de l'emploi, du travail et des solidarit\u00e9s  - 30-2025-11-10-00003 - R\u00e9c\u00e9piss\u00e9 d\u00e9claration\nservices \u00e0 la personne MILO SERVICES 9\nExPREFET Direction D\u00e9partementaleDU GARD de l'Emploi, du Travail et des Solidarit\u00e9sLibert\u00e9Egalit\u00e9Fraternit\u00e9\nR\u00e9c\u00e9piss\u00e9 de d\u00e9claration n\u00b0 30-2025-11-10-n\u00b0d'un organisme de services \u00e0 la personneenregistr\u00e9 sous le n\u00b0 SAP 991341231Le pr\u00e9fet du GardChevalier de la L\u00e9gion d'HonneurOfficier de l'Ordre National du M\u00e9riteVu le code du travail et notamment les articles L.7231-1 \u00e0 L.7233-2, R.7232-18 \u00e0 R.7232-24, D.7231-1 et D.7233-1 \u00e0 D.7233-5 :Vu l'arr\u00eat\u00e9 du ministre de l'Int\u00e9rieur et des outre-mer du 30 janvier 2024 nommant Mme SophieBOUDOT, attach\u00e9e d'administration hors classe de l'\u00e9tat, directrice d\u00e9partementale, de l'emploi, dutravail et des solidarit\u00e9s du Gard, \u00e0 compter du 19 f\u00e9vrier 2024 ;Vu l'arr\u00eat\u00e9 du 19 f\u00e9vrier 2024 donnant d\u00e9l\u00e9gation de signature \u00e0 Madame Sophie BOUDOT, directriced\u00e9partementale de l'emploi, du travail et des solidarit\u00e9s du Gard ;Vu l'arr\u00eat\u00e9 du 19 f\u00e9vrier 2025 portant subd\u00e9l\u00e9gation aux agents de la direction d\u00e9partementale del'emploi, du travail et des solidarit\u00e9s ;Vu la circulaire DGE du 03 janvier 2025 relative aux activit\u00e9s de services \u00e0 la personne : d\u00e9claration etagr\u00e9ment des organismes de services \u00e0 la personne ;\nConstate :Qu'une d\u00e9claration d'activit\u00e9s de services \u00e0 la personne a \u00e9t\u00e9 d\u00e9pos\u00e9e aupr\u00e8s de la directiond\u00e9partementale de l'emploi, du travail et des solidarit\u00e9s, le 06 octobre 2025, par Madame BEKKALFatima en qualit\u00e9 de responsable, pour l'organisme MILO SERVICES Siret N\u00b099134123100017 dontl'\u00e9tablissement principal est situ\u00e9 au 1 impasse du clos des Aramons 30128 Garons et enregistr\u00e9esous le n\u00b0 SAP 991341231;Que cette d\u00e9claration est assortie d'une demande de dispense de la condition d'activit\u00e9 exclusive ;Que les activit\u00e9s d\u00e9clar\u00e9es en mode prestataire sont les suivantes :o Entretien de la maison et travaux m\u00e9nagerso Pr\u00e9paration de repas \u00e0 domicileToute modification concernant les activit\u00e9s exerc\u00e9es devra faire l'objet d'une d\u00e9claration modificativepr\u00e9alable.Sous r\u00e9serve d'\u00eatre exerc\u00e9es \u00e0 titre exclusif ou du respect des conditions de d\u00e9rogation del'activit\u00e9 exclusive (pr\u00e9vues aux articles 1 et 2 du d\u00e9cret 25 juillet 2024), ces activit\u00e9s ouvrent droitau b\u00e9n\u00e9fice des dispositions des articles L. 7233-2 du code du travail et L. 241-10 du code de las\u00e9curit\u00e9 sociale dans les conditions pr\u00e9vues par ces articles.Les effets de la d\u00e9claration courent \u00e0 compter du jour du d\u00e9p\u00f4t de la d\u00e9claration sous r\u00e9serve desdispositions de l'article R.7232-18 du code du travail.\nMas de l'Agriculture - 1120 route de Saint Gilles - BP 39081 - 30972 NIMES CEDEX 9T\u00e9l : 04 30 08 61 20 Fax : 04 30 08 61 21 www.gard.gouv.fr\nDirection d\u00e9partementale de l'\u00e9conomie, de l'emploi, du travail et des solidarit\u00e9s  - 30-2025-11-10-00003 - R\u00e9c\u00e9piss\u00e9 d\u00e9claration\nservices \u00e0 la personne MILO SERVICES 10\nLe pr\u00e9sent r\u00e9c\u00e9piss\u00e9 est \u00e0 port\u00e9e nationale et n'est pas limit\u00e9 dans le temps, a l'exception desactivit\u00e9s relevant de l'agr\u00e9ment dont les effets sont limit\u00e9s \u00e0 5 ans.L'enregistrement de la d\u00e9claration peut \u00eatre retir\u00e9 dans les conditions fix\u00e9es aux articles R.7232-20 \u00e0R.7232-22 du code du travail.Le pr\u00e9sent r\u00e9c\u00e9piss\u00e9 sera publi\u00e9 au recueil des actes administratifs de la pr\u00e9fecture du Gard.Voies de recours :La pr\u00e9sente d\u00e9cision peut, \u00e0 compter de sa publication, faire l'objet d'un recours gracieux aupr\u00e8s de laDirection D\u00e9partementale de l'Emploi, du Travail et des Solidarit\u00e9s- Mas de l'Agriculture \u2014 1120 routede Saint Gilles \u2014 BP 39081 \u2014 30972 NIMES CEDEX 9 ou d'un recours hi\u00e9rarchique adress\u00e9 auministre charg\u00e9 de l'\u00e9conomie - Direction g\u00e9n\u00e9rale des entreprises - sous-direction des servicesmarchands, 6, rue Louise Weiss, 75703 Paris cedex13.Elle peut \u00e9galement faire l'objet d'un recours contentieux dans un d\u00e9lai de deux mois \u00e0 compter de sapublication aupr\u00e8s du Tribunal administratif de N\u00eemes - 16 avenue Feuch\u00e8res - 30000 N\u00eemes.Le tribunal administratif peut \u00eatre saisi par l'application informatique \u00ab T\u00e9l\u00e9recours citoyen \u00bbaccessible sur le site internet www.telerecours.fr.En cas de rejet du recours gracieux ou hi\u00e9rarchique ou en l'absence de r\u00e9ponse \u00e0 ce recours (rejetimplicite), un recours contentieux devant le tribunal administratif peut \u00e9galement \u00eatre form\u00e9 contre lad\u00e9cision initiale dans un d\u00e9lai de deux mois \u00e0 compter de ce rejet.Fait \u00e0 N\u00eemes, le 10 novembre 2025.\nPour la Directrice D\u00e9partementale del'Emploi. ce Travail st aes Solidarit\u00e9sdu Gara et par c\u00e9l\u00e9gation.La resporser'a cu service emploi etinsertion, professionnelleIsabelle REVO\nDirection d\u00e9partementale de l'\u00e9conomie, de l'emploi, du travail et des solidarit\u00e9s  - 30-2025-11-10-00003 - R\u00e9c\u00e9piss\u00e9 d\u00e9claration\nservices \u00e0 la personne MILO SERVICES 11\nDirection d\u00e9partementale de l'\u00e9conomie, de\nl'emploi, du travail et des solidarit\u00e9s \n30-2025-11-12-00005\nR\u00e9c\u00e9piss\u00e9 d\u00e9claration services \u00e0 la personne O\nCARRE VERT\nDirection d\u00e9partementale de l'\u00e9conomie, de l'emploi, du travail et des solidarit\u00e9s  - 30-2025-11-12-00005 - R\u00e9c\u00e9piss\u00e9 d\u00e9claration\nservices \u00e0 la personne O CARRE VERT 12\nPREFET Direction D\u00e9partementaleDU GARD de l'Emploi, du Travail et des Solidarit\u00e9sLibert\u00e9Egalit\u00e9Fraternit\u00e9\nR\u00e9c\u00e9piss\u00e9 de d\u00e9claration n\u00b0 30-2025-11-12-n\u00b0d'un organisme de services \u00e0 la personneenregistr\u00e9 sous le n\u00b0 SAP 519429898Le pr\u00e9fet du GardChevalier de la L\u00e9gion d'HonneurOfficier de l'Ordre National du M\u00e9riteVu le code du travail et notamment les articles L.7231-1 \u00e0 L.7233-2, R.7232-18 \u00e0 R.7232-24, D.7231-1 et D.7233-1 \u00e0 D.7233-5 ;Vu l'arr\u00eat\u00e9 du ministre de l'Int\u00e9rieur et des outre-mer du 30 janvier 2024 nommant Mme SophieBOUDOT, attach\u00e9e d'administration hors classe de l'\u00e9tat, directrice d\u00e9partementale, de l'emploi, dutravail et des solidarit\u00e9s du Gard, \u00e0 compter du 19 f\u00e9vrier 2024 ;Vu l'arr\u00eat\u00e9 du 19 f\u00e9vrier 2024 donnant d\u00e9l\u00e9gation de signature \u00e0 Madame Sophie BOUDOT, directriced\u00e9partementale de l'emploi, du travail et des solidarit\u00e9s du Gard ;Vu l'arr\u00eat\u00e9 du 19 f\u00e9vrier 2025 portant subd\u00e9l\u00e9gation aux agents de la direction d\u00e9partementale del'emploi, du travail et des solidarit\u00e9s ;Vu la circulaire DGE du 03 janvier 2025 relative aux activit\u00e9s de services \u00e0 la personne : d\u00e9claration etagr\u00e9ment des organismes de services \u00e0 la personne ;Constate :Qu'une d\u00e9claration d'activit\u00e9s de services \u00e0 la personne a \u00e9t\u00e9 d\u00e9pos\u00e9e aupr\u00e8s de la directiond\u00e9partementale de l'emploi, du travail et des solidarit\u00e9s, le 30 septembre 2025, par DARCAM Anthonyen qualit\u00e9 de responsable, pour l'organisme \u00d4 CARRE VERT Siret N\u00b051942989800041 dontl'\u00e9tablissement principal est situ\u00e9 au 154 Ancienne route d'Uzes 30000 Nimes et enregistr\u00e9e sous len\u00b0 SAP 519429898 ;Que les activit\u00e9s d\u00e9clar\u00e9es en mode prestataire sont les suivantes :\no Petits travaux de jardinageo Travaux de petit bricolage\nToute modification concernant les activit\u00e9s exerc\u00e9es devra faire l'objet d'une d\u00e9claration modificativeprealable.Sous r\u00e9serve d'\u00eatre exerc\u00e9es \u00e0 titre exclusif (ou sous r\u00e9serve d'une comptabilit\u00e9 s\u00e9par\u00e9e pour lespersonnes morales dispens\u00e9es de cette condition), ces activit\u00e9s ouvrent droit au b\u00e9n\u00e9fice desdispositions des articles L. 7233-2 du code du travail et L. 241-10 du code de la s\u00e9curit\u00e9 sociale dansles conditions pr\u00e9vues par ces articles.Les effets de la d\u00e9claration courent \u00e0 compter du jour du d\u00e9p\u00f4t de la d\u00e9claration sous r\u00e9serve des\nMas de l'Agriculture- 1120 route de Saint Gilles \u2014 BP 39081 - 30972 NIMES CEDEX 9T\u00e9l : 04 30 08 61 20 Fax : 04 30 08 61 21 www.gard.gouv.fr\nDirection d\u00e9partementale de l'\u00e9conomie, de l'emploi, du travail et des solidarit\u00e9s  - 30-2025-11-12-00005 - R\u00e9c\u00e9piss\u00e9 d\u00e9claration\nservices \u00e0 la personne O CARRE VERT 13\ndispositions de l'article R.7232-18 du code du travail.Le pr\u00e9sent r\u00e9c\u00e9piss\u00e9 est a port\u00e9e nationale et n'est pas limit\u00e9 dans le temps, a l'exception desactivit\u00e9s relevant de l'agr\u00e9ment dont les effets sont limit\u00e9s \u00e0 5 ans.L'enregistrement de la d\u00e9claration peut \u00eatre retir\u00e9 dans les conditions fix\u00e9es aux articles R.7232-20 \u00e0R.7232-22 du code du travail:Le pr\u00e9sent r\u00e9c\u00e9piss\u00e9 sera publi\u00e9 au recueil des actes administratifs de la pr\u00e9fecture du Gard.Voies de recours :La pr\u00e9sente d\u00e9cision peut, \u00e0 compter de sa publication, faire l'objet d'un recours gracieux aupr\u00e8s de laDirection D\u00e9partementale de l'Emploi, du Travail et des Solidarit\u00e9s- Mas de l'Agriculture \u2014 1120 routede Saint Gilles \u2014 BP 39081 \u2014 30972 NIMES CEDEX 9 ou d'un recours hi\u00e9rarchique adress\u00e9 auministre charg\u00e9 de l'\u00e9conomie - Direction g\u00e9n\u00e9rale des entreprises - sous-direction des servicesmarchands, 6, rue Louise Weiss, 75703 Paris cedex13.Elle peut \u00e9galement faire l'objet d'un recours contentieux dans un d\u00e9lai de deux mois \u00e0 compter de sapublication aupr\u00e8s du Tribunal administratif de N\u00eemes - 16 avenue Feuch\u00e8res - 30000 N\u00eemes.Le tribunal administratif peut \u00eatre saisi par l'application informatique \u00ab T\u00e9l\u00e9recours citoyen \u00bbaccessible sur le site internet www.telerecours.fr.En cas de rejet du recours gracieux ou hi\u00e9rarchique ou en l'absence de r\u00e9ponse \u00e0 ce recours (rejetimplicite), un recours contentieux devant le tribunal administratif peut \u00e9galement \u00eatre form\u00e9 contre lad\u00e9cision initiale dans un d\u00e9lai de deux mois \u00e0 compter de ce rejet.Fait \u00e0 N\u00eemes, le 12 novembre 2025.\nPour la Directrice D\u00e9cartementale del'Emploi. du Travail et des Solidarit\u00e9sdu Gard et par d\u00e9l\u00e9gation,La responsable du service emploi etinsertion professionnelleIsabelle REVOL AB\nwe\nat\n~C Z\nDirection d\u00e9partementale de l'\u00e9conomie, de l'emploi, du travail et des solidarit\u00e9s  - 30-2025-11-12-00005 - R\u00e9c\u00e9piss\u00e9 d\u00e9claration\nservices \u00e0 la personne O CARRE VERT 14\nDirection d\u00e9partementale de l'\u00e9conomie, de\nl'emploi, du travail et des solidarit\u00e9s \n30-2025-11-10-00002\nR\u00e9c\u00e9piss\u00e9 d\u00e9claration services \u00e0 la personne RUN\nTHE WORD\nDirection d\u00e9partementale de l'\u00e9conomie, de l'emploi, du travail et des solidarit\u00e9s  - 30-2025-11-10-00002 - R\u00e9c\u00e9piss\u00e9 d\u00e9claration\nservices \u00e0 la personne RUN THE WORD 15\nExPREFET Direction D\u00e9partementaleDU GARD de l'Emploi, du Travail et des Solidarit\u00e9sLibert\u00e9Egalit\u00e9Fraternit\u00e9\nR\u00e9c\u00e9piss\u00e9 de d\u00e9claration n\u00b0 30-2025-11-10-n\u00b0d'un organisme de services \u00e0 la personneenregistr\u00e9 sous le n\u00b0 SAP 483960126Le pr\u00e9fet du GardChevalier de la L\u00e9gion d'HonneurOfficier de l'Ordre National du M\u00e9riteVu le code du travail et notamment les articles L.7231-1 \u00e0 L.7233-2, R.7232-18 \u00e0 R.7232-24, D.7231-1 et D.7233-1 \u00e0 D.7233-5 :Vu l'arr\u00eat\u00e9 du ministre de l'Int\u00e9rieur et des outre-mer du 30 janvier 2024 nommant Mme SophieBOUDOT, attach\u00e9e d'administration hors classe de l'\u00e9tat, directrice d\u00e9partementale, de l'emploi, dutravail et des solidarit\u00e9s du Gard, \u00e0 compter du 19 f\u00e9vrier 2024 ;Vu l'arr\u00eat\u00e9 du 19 f\u00e9vrier 2024 donnant d\u00e9l\u00e9gation de signature \u00e0 Madame Sophie BOUDOT, directriced\u00e9partementale de l'emploi, du travail et des solidarit\u00e9s du Gard ;Vu l'arr\u00eat\u00e9 du 19 f\u00e9vrier 2025 portant subd\u00e9l\u00e9gation aux agents de la direction d\u00e9partementale del'emploi, du travail et des solidarit\u00e9s ;Vu la circulaire DGE du 03 janvier 2025 relative aux activit\u00e9s de services a la personne : d\u00e9claration etagr\u00e9ment des organismes de services \u00e0 la personne ;Constate :Qu'une d\u00e9claration d'activit\u00e9s de services \u00e0 la personne a \u00e9t\u00e9 d\u00e9pos\u00e9e aupr\u00e8s de la directiond\u00e9partementale de l'emploi, du travail et des solidarit\u00e9s, le 06 octobre 2025, par Madame BENHAIMSabrina en qualit\u00e9 de responsable, pour l'organisme RUN THE WORLD Siret N\u00b048396012600041dont l'\u00e9tablissement principal est situ\u00e9 au 76 rue des Cevennes, r\u00e9sidence Lou Pin, Bat B appart 33,30 240 LE GRAU DU ROI et enregistr\u00e9e sous le n\u00b0 SAP 483960126 ;Que les activit\u00e9s d\u00e9clar\u00e9es en mode prestataire sont les suivantes :o Soutien scolaire ou cours \u00e0 domicileToute modification concernant les activit\u00e9s exerc\u00e9es devra faire l'objet d'une d\u00e9claration modificativepr\u00e9alable.Sous r\u00e9serve d'\u00eatre exerc\u00e9es \u00e0 titre exclusif (ou sous r\u00e9serve d'une comptabilit\u00e9 s\u00e9par\u00e9e pour lespersonnes morales dispens\u00e9es de cette condition), ces activit\u00e9s ouvrent droit au b\u00e9n\u00e9fice desdispositions des articles L. 7233-2 du code du travail et L. 241-10 du code de la s\u00e9curit\u00e9 sociale dansles conditions pr\u00e9vues par ces articles.Les effets de la d\u00e9claration courent \u00e0 compter du jour du d\u00e9p\u00f4t de la d\u00e9claration sous r\u00e9serve desdispositions de l'article R.7232-18 du code du travail.Le pr\u00e9sent r\u00e9c\u00e9piss\u00e9 est \u00e0 port\u00e9e nationale et n'est pas limit\u00e9 dans le temps, \u00e0 l'exception desactivit\u00e9s relevant de l'agr\u00e9ment dont les effets sont limit\u00e9s \u00e0 5 ans.\nMas de l'Agriculture - 1120 route de Saint Gilles - BP 39081 - 30972 NIMES CEDEX 9T\u00e9l : 04 30 08 61 20 Fax : 04 30 08 61 21 www.gard.gouv.fr\nDirection d\u00e9partementale de l'\u00e9conomie, de l'emploi, du travail et des solidarit\u00e9s  - 30-2025-11-10-00002 - R\u00e9c\u00e9piss\u00e9 d\u00e9claration\nservices \u00e0 la personne RUN THE WORD 16\nL'enregistrement de la d\u00e9claration peut \u00eatre retir\u00e9 dans les conditions fix\u00e9es aux articles R.7232-20 aR.7232-22 du code du travail.Le pr\u00e9sent r\u00e9c\u00e9piss\u00e9 sera publi\u00e9 au recueil des actes administratifs de la pr\u00e9fecture du Gard.Voies de recours :La pr\u00e9sente d\u00e9cision peut, \u00e0 compter de sa publication, faire l'objet d'un recours gracieux aupr\u00e8s de laDirection D\u00e9partementale de l'Emploi, du Travail et des Solidarit\u00e9s- Mas de l'Agriculture \u2014 1120 routede Saint Gilles \u2014 BP 39081 \u2014 30972 NIMES CEDEX 9 ou d'un recours hi\u00e9rarchique adress\u00e9 auministre charg\u00e9 de l'\u00e9conomie - Direction g\u00e9n\u00e9rale des entreprises - sous-direction des servicesmarchands, 6, rue Louise Weiss, 75703 Paris cedex13.Elle peut \u00e9galement faire l'objet d'un recours contentieux dans un d\u00e9lai de deux mois a compter de sapublication aupr\u00e8s du Tribunal administratif de Nimes - 16 avenue Feuch\u00e8res - 30000 Nimes.Le tribunal administratif peut \u00eatre saisi par l'application informatique \u00ab T\u00e9l\u00e9recours citoyen \u00bbaccessible sur le site internet www.telerecours.fr.En cas de rejet du recours gracieux ou hi\u00e9rarchique ou en l'absence de r\u00e9ponse \u00e0 ce recours (rejetimplicite), un recours contentieux devant le tribunal administratif peut \u00e9galement \u00eatre form\u00e9 contre lad\u00e9cision initiale dans un d\u00e9lai de deux mois \u00e0 compter de ce rejet.\nFait \u00e0 N\u00eemes, le 10 novembre 2025.\nPour la Directrice D\u00e9partementale del'Emploi. du Travail et oes Solidarit\u00e9sdu Gard et par d\u00e9l\u00e9gation.La responsable du service emploi etinsertion professionnelleIsabelle REVOL A\nDirection d\u00e9partementale de l'\u00e9conomie, de l'emploi, du travail et des solidarit\u00e9s  - 30-2025-11-10-00002 - R\u00e9c\u00e9piss\u00e9 d\u00e9claration\nservices \u00e0 la personne RUN THE WORD 17\nDirection d\u00e9partementale de l'\u00e9conomie, de\nl'emploi, du travail et des solidarit\u00e9s \n30-2025-11-12-00006\nR\u00e9c\u00e9piss\u00e9 d\u00e9claration services \u00e0 la personne\nVITAL SERVICES ADOM\nDirection d\u00e9partementale de l'\u00e9conomie, de l'emploi, du travail et des solidarit\u00e9s  - 30-2025-11-12-00006 - R\u00e9c\u00e9piss\u00e9 d\u00e9claration\nservices \u00e0 la personne VITAL SERVICES ADOM 18\nPREFET Direction D\u00e9partementaleDU GARD de l'Emploi, du Travail et des Solidarit\u00e9sLibert\u00e9Egalit\u00e9Fraternit\u00e9\nR\u00e9c\u00e9piss\u00e9 de d\u00e9claration n\u00b0 30-2025-11-12-n\u00b0d'un organisme de services \u00e0 la personneenregistr\u00e9 sous le n\u00b0 SAP 991978677Le pr\u00e9fet du GardChevalier de la L\u00e9gion d'HonneurOfficier de l'Ordre National du M\u00e9riteVu le code du travail et notamment les articles L.7231-1 \u00e0 L.7233-2, R.7232-18 \u00e0 R.7232-24, D.7231-1 et D.7233-1 \u00e0 D.7233-5 ;Vu l'arr\u00eat\u00e9 du ministre de l'Int\u00e9rieur et des outre-mer du 30 janvier 2024 nommant Mme SophieBOUDOT, attach\u00e9e d'administration hors classe de l'\u00e9tat, directrice d\u00e9partementale, de l'emploi, dutravail et des solidarit\u00e9s du Gard, \u00e0 compter du 19 f\u00e9vrier 2024 ;Vu l'arr\u00eat\u00e9 du 19 f\u00e9vrier 2024 donnant d\u00e9l\u00e9gation de signature \u00e0 Madame Sophie BOUDOT, directriced\u00e9partementale de l'emploi, du travail et des solidarit\u00e9s du Gard ;Vu l'arr\u00eat\u00e9 du 19 f\u00e9vrier 2025 portant subd\u00e9l\u00e9gation aux agents de la direction d\u00e9partementale del'emploi, du travail et des solidarit\u00e9s ;Vu la circulaire DGE du 03 janvier 2025 relative aux activit\u00e9s de services \u00e0 la personne : d\u00e9claration etagr\u00e9ment des organismes de services \u00e0 la personne ;Constate :Qu'une d\u00e9claration d'activit\u00e9s de services \u00e0 la personne a \u00e9t\u00e9 d\u00e9pos\u00e9e aupr\u00e8s de la directiond\u00e9partementale de l'emploi, du travail et des solidarit\u00e9s, le 1\u00b0 octobre 2025, par MonsieurBALLONGUE K\u00e9vin en qualit\u00e9 de responsable, pour l'organisme VITAL SERVICES ADOM SiretN\u00b099197867700011 dont l'\u00e9tablissement principal est situ\u00e9 au 318 rue de Carri\u00e8re Croze, 30730 SaintMamert du Gard et enregistr\u00e9e sous le n\u00b0 SAP 991978677:Que les activit\u00e9s d\u00e9clar\u00e9es en mode prestataire sont les suivantes :o Entretien de la maison et travaux m\u00e9nagerso Petits travaux de jardinageo Travaux de petit bricolageo Pr\u00e9paration de repas \u00e0 domicileo Livraison de courses \u00e0 domicileo Assistance informatique \u00e0 domicileo Accompagnement des personnes pr\u00e9sentant une invalidit\u00e9 temporaireo Assistance aux personnes ayant besoin d'une aide temporaire \u00e0 leur domicile\nMas de l'Agriculture - 1120 route de Saint Gilles - BP 39081 - 30972 NIMES CEDEX 9T\u00e9l : 04 30 08 61 20 Fax : 04 30 08 61 21 www.gard.gouv.fr\nDirection d\u00e9partementale de l'\u00e9conomie, de l'emploi, du travail et des solidarit\u00e9s  - 30-2025-11-12-00006 - R\u00e9c\u00e9piss\u00e9 d\u00e9claration\nservices \u00e0 la personne VITAL SERVICES ADOM 19\nToute modification concernant les activit\u00e9s exerc\u00e9es devra faire l'objet d'une d\u00e9claration modificativepr\u00e9alable.Sous r\u00e9serve d'\u00eatre exerc\u00e9es \u00e0 titre exclusif (ou sous r\u00e9serve d'une comptabilit\u00e9 s\u00e9par\u00e9e pour lespersonnes morales dispens\u00e9es de cette condition), ces activit\u00e9s ouvrent droit au b\u00e9n\u00e9fice desdispositions des articles L. 7233-2 du code du travail et L. 241-10 du code de la s\u00e9curit\u00e9 sociale dansles conditions pr\u00e9vues par ces articles.Les effets de la d\u00e9claration courent \u00e0 compter du jour du d\u00e9p\u00f4t de la d\u00e9claration sous r\u00e9serve desdispositions de l'article R.7232-18 du code du travail.Le pr\u00e9sent r\u00e9c\u00e9piss\u00e9 est \u00e0 port\u00e9e nationale et n'est pas limit\u00e9 dans le temps, \u00e0 l'exception desactivit\u00e9s relevant de l'agr\u00e9ment dont les effets sont limit\u00e9s \u00e0 5 ans.L'enregistrement de la d\u00e9claration peut \u00eatre retir\u00e9 dans les conditions fix\u00e9es aux articles R.7232-20 \u00e0R.7232-22 du code du travail.Le pr\u00e9sent r\u00e9c\u00e9piss\u00e9 sera publi\u00e9 au recueil des actes administratifs de la pr\u00e9fecture du Gard.Voies de recours :La pr\u00e9sente d\u00e9cision peut, \u00e0 compter de sa publication, faire l'objet d'un recours gracieux aupr\u00e8s de laDirection D\u00e9partementale de l'Emploi, du Travail et des Solidarit\u00e9s- Mas de l'Agriculture \u2014 1120 routede Saint Gilles \u2014 BP 39081 \u2014 30972 NIMES CEDEX 9 ou d'un recours hi\u00e9rarchique adress\u00e9 auministre charg\u00e9 de l'\u00e9conomie - Direction g\u00e9n\u00e9rale des entreprises - sous-direction des servicesmarchands, 6, rue Louise Weiss, 75703 Paris cedex13.Elle peut \u00e9galement faire l'objet d'un recours contentieux dans un d\u00e9lai de deux mois \u00e0 compter de sapublication aupr\u00e8s du Tribunal administratif de N\u00eemes - 16 avenue Feuch\u00e8res - 30000 N\u00eemes.Le tribunal administratif peut \u00eatre saisi par l'application informatique \u00ab T\u00e9l\u00e9recours citoyen \u00bbaccessible sur le site internet www.telerecours.fr.En cas de rejet du recours gracieux ou hi\u00e9rarchique ou en l'absence de r\u00e9ponse \u00e0 ce recours (rejetimplicite), un recours contentieux devant le tribunal administratif peut \u00e9galement \u00eatre form\u00e9 contre lad\u00e9cision initiale dans un d\u00e9lai de deux mois \u00e0 compter de ce rejet.\nFait \u00e0 N\u00eemes, le 12 novembre 2025.\nPour la Directrice D\u00e9partementale del'Emploi, du Travail et des Solidarit\u00e9sdu Gard et par d\u00e9l\u00e9gation.La responsable du service emploi etinsertion professionnelleIsabelle REVOL\nDirection d\u00e9partementale de l'\u00e9conomie, de l'emploi, du travail et des solidarit\u00e9s  - 30-2025-11-12-00006 - R\u00e9c\u00e9piss\u00e9 d\u00e9claration\nservices \u00e0 la personne VITAL SERVICES ADOM 20\nPrefecture du Gard\n30-2025-11-17-00003\nArr\u00eat\u00e9 fixant la liste des m\u00e9decins agr\u00e9\u00e9s charg\u00e9s\nd'exercer le contr\u00f4le m\u00e9dical de l'aptitude \u00e0 la\nconduite pour le d\u00e9partement du Gard\nPrefecture du Gard - 30-2025-11-17-00003 - Arr\u00eat\u00e9 fixant la liste des m\u00e9decins agr\u00e9\u00e9s charg\u00e9s d'exercer le contr\u00f4le m\u00e9dical de\nl'aptitude \u00e0 la conduite pour le d\u00e9partement du Gard 21\nEE CABINETre DIRECTION DES SECURITESLibert\u00e9 Service de l'animation des politiques de s\u00e9curit\u00e9 int\u00e9rieureFa Bureau de la pr\u00e9vention routi\u00e8re\nN\u00eemes, le 17 novembre 2025\nArr\u00eat\u00e9 n\u00b0\nfixant la liste des m\u00e9decins agr\u00e9\u00e9scharg\u00e9s d'exercer le contr\u00f4le m\u00e9dical de l'aptitude \u00e0 la conduitepour le d\u00e9partement du GardLe pr\u00e9fet du Gard,Chevalier de la L\u00e9gion d'Honneur,Officier de l'Ordre National du M\u00e9riteVU le code de la route et notamment ses articles R 212-2, R 221-10 \u00e0 R 221-14, R 221-19, R 224-22, R 224-23, R 225-2, R 226-1 a R 226-4, R heel ;VU le d\u00e9cret n\u00b0 98-1103 du 8 d\u00e9cembre 1998 modifiant certaines dispositions du code de laroute relatives au permis de conduire ;VU le d\u00e9cret n\u00b0 2006-46 du 13 janvier 2006 portant modification du code de la route ;VU le d\u00e9cret n\u00b0 2012-886 du 17 juillet 2012 relatif au contr\u00f4le m\u00e9dical de l'aptitude \u00e0 laconduite;VU le d\u00e9cret n\u00b0 2004-374 du 29 avril 2004 modifi\u00e9 relatif aux pouvoirs des pr\u00e9fets, \u00e0l'organisation et \u00e0 l'action des services de l'\u00c9tat dans les r\u00e9gions et d\u00e9partements;VU le d\u00e9cret du 13juillet 2023 portant nomination du pr\u00e9fet du Gard - M. J\u00e9r\u00f4me BONET ;VU le d\u00e9cret du 9 octobre 2024 nommant Mme Marie-Charlotte EUVRARD, administratrice del'\u00c9tat du premier degr\u00e9 en qualit\u00e9 de sous-pr\u00e9f\u00e8te, directrice de cabinet du Pr\u00e9fet du Gard;VU l'arr\u00eat\u00e9 de d\u00e9l\u00e9gation de signature de Mme Marie-Charlotte EUVRARD, sous-pr\u00e9f\u00e8te,directrice de cabinet du pr\u00e9fet du Gard du 18 octobre 2024;VU l'arr\u00eat\u00e9 interminist\u00e9riel du 31 juillet 2012 modifi\u00e9 relatif \u00e0 l'organisation du contr\u00f4lem\u00e9dical de l'aptitude a la conduite ;VU l'arr\u00eat\u00e9 interminist\u00e9riel du 28 mars 2022 fixant la liste des affections m\u00e9dicalesincompatibles ou compatibles avec ou sans am\u00e9nagements ou restrictions pour l'obtention,le renouvellement ou le maintien du permis de conduire o\u00f9 pouvant donner lieu \u00e0 lad\u00e9livrance de permis de conduire de dur\u00e9e de validit\u00e9 limit\u00e9e ;VU l'arr\u00eat\u00e9 interminist\u00e9riel du 1\u00b0 f\u00e9vrier 2016 fixant le montant des honoraires des m\u00e9decinsagr\u00e9\u00e9s pour le contr\u00f4le m\u00e9dical de l'aptitude \u00e0 la conduite;VU l'arr\u00eat\u00e9 interminist\u00e9riel du 26 ao\u00fbt 2016 modifi\u00e9 relatif \u00e0 l'examen psychotechnique pr\u00e9vudans le cadre du contr\u00f4le m\u00e9dical de l'aptitude \u00e0 la conduite ;VU l'arr\u00eat\u00e9 minist\u00e9riel du 20 avril 2012 modifi\u00e9 fixant les conditions d'\u00e9tablissement, ded\u00e9livrance et de validit\u00e9 du permis de conduire ;VU l'arr\u00eat\u00e9 pr\u00e9fectoral n\u00b0 30-2025-10-08-00004 du 8 octobre 2025 fixant la liste des m\u00e9decinsagr\u00e9\u00e9s charg\u00e9s d'exercer le contr\u00f4le m\u00e9dical de l'aptitude \u00e0 la conduite pour le d\u00e9partementdu Gard;\nH\u00f4tel de la Pr\u00e9fecture \u2014 10 avenue Feuch\u00e8res - 30045 NIMES CEDEX 9T\u00e9l : 04.66.36.43.90 - Fax 04.66.36.00.87 - www.gard.gouv.fr\nPrefecture du Gard - 30-2025-11-17-00003 - Arr\u00eat\u00e9 fixant la liste des m\u00e9decins agr\u00e9\u00e9s charg\u00e9s d'exercer le contr\u00f4le m\u00e9dical de\nl'aptitude \u00e0 la conduite pour le d\u00e9partement du Gard 22\nVU la circulaire minist\u00e9rielle NOR INTS1232090C du 3 ao\u00fbt 2012 relative a l'organisation ducontr\u00f4le m\u00e9dical de l'aptitude \u00e0 la conduite des conducteurs et des candidats au permis deconduire;VU la circulaire minist\u00e9rielle compl\u00e9mentaire NOR INTS1319581C du 25juillet 2013 relative al'organisation du contr\u00f4le m\u00e9dical de l'aptitude \u00e0 la conduite des conducteurs et descandidats au permis de conduire ;VU la demande d'agr\u00e9ment du docteur Reda FOUIRISS en date du 21 octobre 2025, enqualit\u00e9 de m\u00e9decin charg\u00e9 de v\u00e9rifier l'aptitude \u00e0 la conduite en visite m\u00e9dicale ext\u00e9rieure dud\u00e9partement du Gard;VU l'avis rendu par le conseil d\u00e9partemental de l'ordre des m\u00e9decins de l'H\u00e9rault;SUR proposition de la directrice de cabinet de la pr\u00e9fecture du Gard;\nARRETE\nArticle 1\u00b0\": Les m\u00e9decins g\u00e9n\u00e9ralistes et sp\u00e9cialistes dont les noms suivent, sont agr\u00e9\u00e9s pourconsulter en commission m\u00e9dicale d\u00e9partementale primaire conform\u00e9ment \u00e0 l'arr\u00eat\u00e9interminist\u00e9riel du 31 juillet 2012 susvis\u00e9 jusqu'\u00e0 la date de fin de validit\u00e9 de l'agr\u00e9mentfigurant dans le tableau suivant :Nom du m\u00e9decin Adresse Ville Fin de validit\u00e9de l'agr\u00e9mentpr\u00e9fectoralDr BARAGNON Marc 2 bis, place du Castellas 30540 MILHAUD 30/11/2027Dr BARTHELEMI Serge 56 avenue d'Anduze 30100 ALES 30/11/2027Dr BENSLIMA Mounir H\u00f4pital Car\u00e9meau 30900 NIMES 30/11/2027Dr BROUSSE Alain H\u00f4pital d'Uz\u00e8s 30700 UZES 06/10/2030Dr CABANEL Bernard 67, rue de la Lampeze 30000 NIMES 09/12/2029Dr CABANEL Dominique |67, rue de la Lampeze 30000 NIMES 30/11/2027Dr FALLOT Jean-Pierre 41 boulevard Jean Jaur\u00e8s 30900 NIMES 30/11/2027Dr FLAISSIER Christian Parc des Glycines 30460 LASALLE 30/11/2027Dr LANGE Pierre 40 rue Porte de France 30900 NIMES 30/11/2027Dr MALCOEFFE Bruno 127, route de Beaucaire 30900 NIMES 30/11/2027Dr MAURIN Jean-Fran\u00e7ois |5 rue des Halles 30900 NIMES 30/11/2027Dr PALLANCHER Mathieu |252 A rue du Levant 30420 25/02/2030CALVISSONDr POUDEVIGNE 18 rue Bigot 30900 NIMES 30/11/2027Jean-Luc \u00e0Dr RIOU Sylviane R\u00e9sid. Jean Moulin B\u00e2t. A 84130 LE 07/03/20287 avenue de Lattre de Tassigny |PONTETDr SCHIMPF Robert 22 rue Jeanne d'Arc 30000 NIMES 04/11/2029Dr TRIAL Claude 14 bis avenue Franklin Roosevelt | 30900 NIMES 04/11/2029\n2H\u00f4tel de la Pr\u00e9fecture - 10 avenue Feuch\u00e8res \u2014 30045 NIMES CEDEX 9T\u00e9l : 04.66.36.43.90 - Fax 04.66.36.00.87 - www.gard.gouv.fr\nPrefecture du Gard - 30-2025-11-17-00003 - Arr\u00eat\u00e9 fixant la liste des m\u00e9decins agr\u00e9\u00e9s charg\u00e9s d'exercer le contr\u00f4le m\u00e9dical de\nl'aptitude \u00e0 la conduite pour le d\u00e9partement du Gard 23\nArticle 2: Les m\u00e9decins g\u00e9n\u00e9ralistes et sp\u00e9cialistes dont les noms suivent, sont agr\u00e9\u00e9s pourconsulter hors commission m\u00e9dicale d\u00e9partementale primaire du Gard conform\u00e9ment \u00e0l'arr\u00eat\u00e9 interminist\u00e9riel du 31 juillet 2012 susvis\u00e9 jusqu'\u00e0 la date de fin de validit\u00e9 del'agr\u00e9ment figurant dans le tableau suivant : Fin de validit\u00e9 deNom du m\u00e9decin Adresse Ville l'agr\u00e9mentpr\u00e9fectoralDr BARAGNON Marc 2 bis, place du Castellas 30540 MILHAUD 30/11/2027Dr BARTHELEMI Serge 4 bis, boulevard Louis Blanc 130100 ALES 13/05/2027Dr BELLEC Charles 165 route de N\u00eemes 30220 AIGUES 06/10/2030MORTESDr BENOIT St\u00e9phane 13 bis rue Massillon 30900 NIMES 30/11/2027Dr BENSLIMA Mounir H\u00f4pital Car\u00e9meau 30900 NIMES 30/11/2027Dr BROUSSE Alain Centre hospitalier 30700 UZES 06/10/2030Dr CHAUME Vincent 24 rue Pierre Semard 30000 NIMES 30/11/2027Dr FALLOT Jean-Pierre 41 boulevard Jean Jaur\u00e8s 30900 NIMES 30/11/2027Dr FAYAD Ghassan 67 avenue Geoffroy Perret |30210 REMOULINS 30/11/2027Dr FLAISSIER Christian Parc des Glycines 30460 LASALLE 30/11/2027Dr GENAUDET Christelle |40 all\u00e9e du mas de ville 30000 NIMES 10/10/2028Dr GREMY B\u00e9atrice Cabinet m\u00e9dical \u00ab Le Patio \u00bb |30700 ST QUENTIN 07/03/2028Impasse de la Pareneuve LA POTERIEDr IBAGNES Thierry CEA Marcoule 30207 28/06/2029BAGNOLS/CEZEDr JOANNY S\u00e9bastien 2 chemin de Virenque 30120 LE VIGAN 21/07/2027Dr LE HINGRAT Fran\u00e7ois |12 route de la Cave 30420 CALVISSON 30/11/2027Dr MALCOEFFE Bruno 127, route de Beaucaire 30900 NIMES 30/11/2027Dr MOURGUES Michel 14 place des Martyrs de la}30100 ALES 31/12/2027R\u00e9sistanceDr PALLANCHER Mathieu | 252 A rue du Levant 30420 CALVISSON 25/02/2030Dr POUDEVIGNE 18 rue Bigot 30900 NIMES 30/11/2027Jean-LucDr SCHIMPF Robert 22 rue Jeanne d'Arc 30000 NIMES 04/11/2029Dr SENE Eric 285 rue Gilles Roberval Parc |30000 NIMES 22/06/2026Kennedy Bat CDr SERVANS Gilles Place des Cordeliers 30700 UZES 03/02/2027Dr TRIAL Claude 14 bis avenue F. Roosevelt 30900 NIMES 04/11/2029Dr VIDAL Vincent 55 all\u00e9e de l'Argentine|30900 NIMES 30/11/2029Immeuble Alphatis | Bat ADr VITAL Nathalie CEA Marcoule 30207 BAGNOLS 28/06/2029SUR CEZEHors d\u00e9partement du Gard :\n3H\u00f4tel de la Pr\u00e9fecture \u2014 10 avenue Feuch\u00e8res - 30045 NIMES CEDEX 9T\u00e9l : 04.66.36.43.90 - Fax 04.66.36.00.87 - www.gard.gouv.fr\nPrefecture du Gard - 30-2025-11-17-00003 - Arr\u00eat\u00e9 fixant la liste des m\u00e9decins agr\u00e9\u00e9s charg\u00e9s d'exercer le contr\u00f4le m\u00e9dical de\nl'aptitude \u00e0 la conduite pour le d\u00e9partement du Gard 24\nFin de validit\u00e9 deNom du m\u00e9decin Adresse Ville l'agr\u00e9mentpr\u00e9fectoralDr ALBARIC Christian 216 route de Florac 48150 MEYRUEIS 26/05/2030Dr ANOULARD Caroline |667 route de la Buissonne 84210 PERNES LES 25/02/2030FONTAINESDr BERNSTEIN Jean-Loup |514 avenue de Champlain 84100 ORANGE 30/11/2027Dr DAHMANI Samira 2 place Jules Ferry 26290 DONZERE 16/04/2026Dr DESPLATS Thierry 17 avenue Henri Bosco 13330 PELISSANNE 04/11/2029Dr DESPLATS-LEPRETRE |88 chemin du Fescau 34980 25/02/2030Zo\u00e9 MONTFERRIER/LEZDr DURAND Laurence 10 rue Joseph Roumanille 84800 L'ISLE SUR 10/10/2028SORGUESDr FERRIER Lionel 30 bis boulevard Raspail 84000 AVIGNON 30/11/2027Dr FOUIRISS Reda P\u00f4le ophtalmologique Parc |34080 17/11/20302000 MONT PELLIER127 rue Maurice B\u00e9jartDr GARNIER Michel 1 travers\u00e9e du Vieux Jas 13820 ENSUES-LA- 22/06/2026REDONNEDr KANEKO Yves 33 avenue des Alpes 26790 TULETTE 04/11/2029Dr LIBOUREL Eric 25 rue Victor Leydet 13100 AIX EN 30/11/2027PROVENCEDr LOUARD L\u00e9a 12 avenue Eisenhower 84000 AVIGNON 04/11/2029Dr MARCUCCI Philippe \u2014_| H\u00e9tel d'entreprises 84000 AVIGNON 30/11/202710 avenue de la Croix RougeEntr\u00e9e E2 - 2\u00e8me \u00e9tageDr MORNET Herv\u00e9 10 avenue Docteur Fontaine |26130 ST PAUL 06/10/2030TROIS CHATEAUXDr MOULLET Jean- 47 route de la Crau 13200 ARLES 28/03/2029Christophe P\u00f4le sant\u00e9 Les AteliersDr PIANETTI G\u00e9rard 129, route Boulbon 13570 30/11/2027BARBENTANEDr PLANTIN Nicolas 19 rue Bonneterie 84000 AVIGNON 30/11/2027Dr RIOU Sylviane R\u00e9sid. Jean Moulin B\u00e2t. A 84130 LE PONTET 07/03/20287 avenue de Lattre deTassignyDr TEXIER Ga\u00eblle 347 rue de la Lib\u00e9ration 34400 LUNEL 22/06/2026Article 3: Les m\u00e9decins agr\u00e9\u00e9s en commission m\u00e9dicale ou hors commission m\u00e9dicaleexercent le contr\u00f4le m\u00e9dical conform\u00e9ment aux dispositions du d\u00e9cret n\u00b0 2012-886 du 17juillet 2012 relatif au contr\u00f4le m\u00e9dical de l'aptitude \u00e0 la conduite.Article 4: Les honoraires sont vers\u00e9s aux m\u00e9decins charg\u00e9s d'appr\u00e9cier l'aptitude descandidats au permis de conduire et des conducteurs conform\u00e9ment aux articles 1 et 2 del'arr\u00eat\u00e9 interminist\u00e9riel du 1\u00b0 f\u00e9vrier 2016 fixant le montant des honoraires des m\u00e9decinsagr\u00e9\u00e9s pour le contr\u00f4le m\u00e9dical de l'aptitude \u00e0 la conduite.\nH\u00f4tel dela Pr\u00e9fecture - 10 avenue Feuch\u00e8res - 30045 NIMES CEDEX 9T\u00e9l : 04.66.36.43.90 \u2014 Fax 04.66.36.00.87 - www.gard.gouv.fr\nPrefecture du Gard - 30-2025-11-17-00003 - Arr\u00eat\u00e9 fixant la liste des m\u00e9decins agr\u00e9\u00e9s charg\u00e9s d'exercer le contr\u00f4le m\u00e9dical de\nl'aptitude \u00e0 la conduite pour le d\u00e9partement du Gard 25\nArticle 5: L'agr\u00e9ment des m\u00e9decins d\u00e9sign\u00e9s aux articles 1 et 2 prendra fin \u00e0 l'issue du d\u00e9laiindiqu\u00e9. Le renouvellement de cet agr\u00e9ment devra \u00eatre sollicit\u00e9 aupr\u00e8s de la pr\u00e9fecture troismois avant son expiration.Les m\u00e9decins sont tenus de suivre la formation initiale ou continue pr\u00e9vue par l'arr\u00eat\u00e9interminist\u00e9riel du 31 juillet 2012, la formation continue \u00e9tant obligatoire dans le cadre d'unedemande de renouvellement.Article 6: L'arr\u00eat\u00e9 pr\u00e9fectoral n\u00b0 30-2025-10-08-00004 du 8 octobre 2025 fixant la liste desm\u00e9decins agr\u00e9\u00e9s charg\u00e9s d'exercer le contr\u00f4le m\u00e9dical de l'aptitude a la conduite dud\u00e9partement du Gard est abrog\u00e9.Article 7 : La pr\u00e9sente d\u00e9cision peut \u00eatre contest\u00e9e selon les voies de recours et dans lesd\u00e9lais mentionn\u00e9s ci-dessous.Article 8: La directrice de cabinet de la pr\u00e9fecture du Gard est charg\u00e9e de l'application dupr\u00e9sent arr\u00eat\u00e9 qui sera publi\u00e9 au Recueil des Actes Administratifs de la pr\u00e9fecture et dont unexemplaire sera adress\u00e9 :- au pr\u00e9sident du conseil d\u00e9partemental de l'ordre national des m\u00e9decins de l'H\u00e9rault,- aux m\u00e9decins agr\u00e9\u00e9s,- au directeur de la direction d\u00e9partementale des territoires et de la mer du Gard.\nLe pr\u00e9fet,\nPour le-pf\u00eaf t,.\u00abcla: us=prefateDifectrice d\u00e9 \u00e9abinetMarie-Charlotte EUVRARD \"\n'dans les deux mois \u00e0 compter de la notification de la pr\u00e9sente d\u00e9cision, les recours suivants peuvent \u00eatre introduits :e un recours gracieux, adress\u00e9 \u00e0: Monsieur le Pr\u00e9fet du GardPr\u00e9fecture du Gard - Cabinet / DS / SAPSI / BPR10, avenue Feuch\u00e8res30045 N\u00eemes cedex 9e un recours hi\u00e9rarchique, adress\u00e9 \u00e0 : M. le Ministre de l'Int\u00e9rieure un recours contentieux, adress\u00e9 au tribunal administratif de N\u00eemes.Ce recours juridictionnel doit \u00eatre d\u00e9pos\u00e9 au plus tard avant l'expiration du 2\u00b0 mois suivant la date de notification de la d\u00e9ci-sion contest\u00e9e (ou bien du 2\u00b0 mois suivant la date du rejet de votre recours gracieux ou hi\u00e9rarchique).Le tribunal administratif peut aussi \u00eatre saisi par l'application informatique \u00ab Telerecours Citoyens \u00bb accessible par le site inter-net www.telerecours.fr. 5H\u00f4tel de la Pr\u00e9fecture - 10 avenue Feuch\u00e8res - 30045 NIMES CEDEX 9T\u00e9l : 04.66.36.43.90 - Fax 04.66.36.00.87 - www.gard.gouv.fr\nPrefecture du Gard - 30-2025-11-17-00003 - Arr\u00eat\u00e9 fixant la liste des m\u00e9decins agr\u00e9\u00e9s charg\u00e9s d'exercer le contr\u00f4le m\u00e9dical de\nl'aptitude \u00e0 la conduite pour le d\u00e9partement du Gard 26\nJMarg si we)af8t4i9-su02 gl'lanides ab gouterOCRARVUS shtohedo-on65M\nPrefecture du Gard - 30-2025-11-17-00003 - Arr\u00eat\u00e9 fixant la liste des m\u00e9decins agr\u00e9\u00e9s charg\u00e9s d'exercer le contr\u00f4le m\u00e9dical de\nl'aptitude \u00e0 la conduite pour le d\u00e9partement du Gard 27","date":"2025-11-21","first_seen_on":"2025-11-21T17:20:12+00:00","id":"c994e2477438dbb08b0fe22b8101ac219a485eaa47f93557e3efaf95141f8603","name":"recueil-30-2025-205-sp\u00e9cial nominatifs du 21 11 2025","pdf_creation_date":"2025-11-21T16:25:29+00:00","pdf_modification_date":null,"timezone":"Europe/Paris","url":"https://www.gard.gouv.fr/contenu/telechargement/66001/485450/file/recueil-30-2025-205-sp%C3%A9cial%20nominatifs%20du%2021%2011%202025.pdf"}
