{"administration":"pref21","administration_name":"Pr\u00e9fecture de C\u00f4te-d\u2019Or","content":"PR\u00c9FET\nDE LA C\u00d4TE-D'OR\nRECUEIL DES ACTES\nADMINISTRATIFS SP\u00c9CIAL\n(NOMINATIFS)\nN\u00b021-2025-093\nPUBLI\u00c9 LE  4 JUILLET 2025\nSommaire\nPr\u00e9fecture de la C\u00f4te-d'Or / Direction de la coordination, des politiques\npubliques et de l'appui territorial\n21-2025-06-17-00002 - Arr\u00eat\u00e9 pr\u00e9fectoral n\u00b0 950\nportant ouverture\ndes op\u00e9rations de remaniement du cadastre dans la commune de\nCOLLONGES-ET-PREMIERES (2 pages) Page 3\n2\nPr\u00e9fecture de la C\u00f4te-d'Or\nDirection de la coordination, des politiques\npubliques et de l'appui territorial\n21-2025-06-17-00002\nArr\u00eat\u00e9 pr\u00e9fectoral n\u00b0 950\nportant ouverture des op\u00e9rations de\nremaniement du cadastre dans la commune de\nCOLLONGES-ET-PREMIERES\nPr\u00e9fecture de la C\u00f4te-d'Or - 21-2025-06-17-00002 - Arr\u00eat\u00e9 pr\u00e9fectoral n\u00b0 950\nportant ouverture des op\u00e9rations de remaniement du cadastre dans la commune de COLLONGES-ET-PREMIERES 3\nExPREFETDE LACOTE-D'ORLibert\u00e9Egalit\u00e9Fraternit\u00e9\nDIRECTION R\u00c9GIONALE DES FINANCES PUBLIQUES\nDE BOURGOGNE-FRANCHE-COMTE\nET DU D\u00c9PARTEMENT DE LA C\u00d4TE-D'OR\nArr\u00eat\u00e9 pr\u00e9fectoral n\u00b0 950\nportant ouverture des op\u00e9rations de remaniement\ndu cadastre dans la commune de  COLLONGES-ET-PREMIERES\nLe pr\u00e9fet de la C\u00f4te-d'Or\nVU la loi du 6 juillet 1943 relative \u00e0 l'ex\u00e9cution des travaux g\u00e9od\u00e9siques et cadastraux et \u00e0 la  \nconservation des signaux, bornes et rep\u00e8res ;\nVU le d\u00e9cret n\u00b0 55-471 du 30 avril 1955 relatif \u00e0 la r\u00e9novation et \u00e0 la conservation du cadastre ;\nVU la loi n\u00b0 74-645 du 18 juillet 1974 relative \u00e0 la mise \u00e0 jour p\u00e9riodique des valeurs locatives  \nservant de base aux impositions directes locales ;\nVU la  demande  de  la  directrice  r\u00e9gionale  des  finances  publiques  de  Bourgogne-Franche-\nComt\u00e9 et du d\u00e9partement de la C\u00f4te d'Or en date du 19 juin 2025 ;\nSUR  proposition du secr\u00e9taire g\u00e9n\u00e9ral de la pr\u00e9fecture de la C\u00f4te d'Or ;\nARR\u00caTE\nARTICLE 1     :   Les op\u00e9rations de remaniement du cadastre seront entreprises dans la commune \nde  COLLONGES-ET-PREMIERES \u00e0 partir du mardi 12 ao\u00fbt 2025.\nL'ex\u00e9cution, le contr\u00f4le et la direction des op\u00e9rations seront assur\u00e9s par la Brigade Nationale  \nd'Intervention Cadastrale relevant du service de la documentation nationale du cadastre.\nARTICLE  2     :   Les  agents  charg\u00e9s  des  travaux,  d\u00fbment  accr\u00e9dit\u00e9s  et  leurs  auxiliaires,  sont \nautoris\u00e9s \u00e0 p\u00e9n\u00e9trer dans les propri\u00e9t\u00e9s publiques et priv\u00e9es situ\u00e9es sur le territoire de la  \ncommune et, en tant que de besoin sur celui des communes limitrophes.\nARTICLE 3     :   Les dispositions de l'article 322-2 du Code p\u00e9nal sont applicables dans le cas de  \ndestruction, de d\u00e9t\u00e9rioration ou d\u00e9placement des signaux, bornes ou rep\u00e8res.\nEn outre, les contrevenants s'exposent au remboursement de la d\u00e9pense cons\u00e9cutive \u00e0 la  \nreconstitution des \u00e9l\u00e9ments devenus inutilisables par leur fait.\nPr\u00e9fecture de la C\u00f4te-d'Or - 21-2025-06-17-00002 - Arr\u00eat\u00e9 pr\u00e9fectoral n\u00b0 950\nportant ouverture des op\u00e9rations de remaniement du cadastre dans la commune de COLLONGES-ET-PREMIERES 4\nARTICLE 4     :   Le pr\u00e9sent arr\u00eat\u00e9 sera affich\u00e9 \u00e0 la porte de la mairie de la commune int\u00e9ress\u00e9e et  \npubli\u00e9 dans la forme ordinaire. Les agents charg\u00e9s des travaux devront \u00eatre porteurs d'une  \ncopie dudit arr\u00eat\u00e9 et la pr\u00e9senter \u00e0 toute r\u00e9quisition.\nARTICLE 5     :   Le secr\u00e9taire g\u00e9n\u00e9ral de la pr\u00e9fecture de la C\u00f4te-d'Or, la directrice r\u00e9gionale des  \nfinances publiques de Bourgogne-Franche-Comt\u00e9 et du d\u00e9partement de la C\u00f4te-d'Or, le maire \nde la commune de COLLONGES-ET-PREMIERES sont charg\u00e9s, chacun en ce qui le concerne, de  \nl'ex\u00e9cution du pr\u00e9sent arr\u00eat\u00e9 dont mention sera faite au recueil des actes administratifs de la  \npr\u00e9fecture de la C\u00f4te-d'Or.\nFait \u00e0 Dijon, le 17 juin 2025\nLe pr\u00e9fet,\nPour le pr\u00e9fet et par d\u00e9l\u00e9gation,\nLe secr\u00e9taire g\u00e9n\u00e9ral\nde la pr\u00e9fecture de la C\u00f4te-d'Or\nsign\u00e9\nDenis BRUEL\n2/2\nPr\u00e9fecture de la C\u00f4te-d'Or - 21-2025-06-17-00002 - Arr\u00eat\u00e9 pr\u00e9fectoral n\u00b0 950\nportant ouverture des op\u00e9rations de remaniement du cadastre dans la commune de COLLONGES-ET-PREMIERES 5","date":"2025-07-07","first_seen_on":"2025-09-14T05:40:12+00:00","id":"c9ec206046d3b74b3a9aae8a8b41981f4e790b0535e992428d474427c217cdf9","name":"RAA n\u00b0 093 du 04 juillet 2025","pdf_creation_date":"2025-07-04T14:12:13+00:00","pdf_modification_date":null,"timezone":"Europe/Paris","url":"https://www.cote-dor.gouv.fr/contenu/telechargement/23778/180863/file/recueil-21-2025-093-recueil-des-actes-administratifs-nominatifs.pdf"}
