{"administration":"pref72","administration_name":"Pr\u00e9fecture de la Sarthe","content":"SARTHE\nRECUEIL DES ACTES\nADMINISTRATIFS\nN\u00b0 31 12 2024 \nPUBLI\u00c9 LE 31 D\u00c9CEMBRE 2024\nSommaire\nPr\u00e9fecture de la Sarthe / DCPPAT\n72-2024-12-31-00001 - d\u00e9l\u00e9gation de signature Mme VIGUIE DCL (10\npages) Page 3\n2\nPr\u00e9fecture de la Sarthe\n72-2024-12-31-00001\nd\u00e9l\u00e9gation de signature Mme VIGUIE DCL\nPr\u00e9fecture de la Sarthe - 72-2024-12-31-00001 - d\u00e9l\u00e9gation de signature Mme VIGUIE DCL 3\nEnPREFETDE LA SARTHELibert\u00e9Egalit\u00e9Fraternit\u00e9\nDirection de la Coordination\ndes Politiques Publiques\net de l'Appui Territorial\nBureau de l'\u00c9conomie et\nde la Coordination Interminist\u00e9rielle\nLe Mans, le 31 d\u00e9cembre 2024\nARR\u00caT\u00c9 PR\u00c9FECTORAL N\u00b0 DCPPAT 2024-0317\nObjet : DIRECTION DE LA CITOYENNET\u00c9 ET DE LA L\u00c9GALIT\u00c9 (DCL) \u2013 D\u00e9l\u00e9gation de signature.\nLe Pr\u00e9fet de la Sarthe\nChevalier de la L\u00e9gion d'honneur\nChevalier de l'Ordre national du M\u00e9rite\nVU la loi n\u00b0 82.213 du 2 mars 1982 modifi\u00e9e relative aux droits et libert\u00e9s des communes, des\nd\u00e9partements et des r\u00e9gions ;\nVU le d\u00e9cret n\u00b0 2004-374 du 29 avril 2004 modifi\u00e9 relatif aux pouvoirs des pr\u00e9fets, \u00e0 l'organisation\net \u00e0 l'action des services de l'\u00c9tat dans les r\u00e9gions et d\u00e9partements ;\nVU le d\u00e9cret n\u00b0 2008-158 du 22 f\u00e9vrier 2008 relatif \u00e0 la suppl\u00e9ance des pr\u00e9fets de r\u00e9gion et \u00e0 la\nd\u00e9l\u00e9gation de signature des pr\u00e9fets et des hauts-commissaires de la R\u00e9publique en Polyn\u00e9sie\nfran\u00e7aise et en Nouvelle-Cal\u00e9donie ;\nVU le d\u00e9cret du 15 f\u00e9vrier 2022 nommant M. Emmanuel AUBRY pr\u00e9fet de la Sarthe, prenant ses\nfonctions le 6 mars 2022 ;\nVU l'arr\u00eat\u00e9 du ministre de l'int\u00e9rieur du 22 novembre 2024 portant changement d'affectation de\nMme Chantal VIGUI\u00c9 en qualit\u00e9 de directrice de la citoyennet\u00e9 et de la l\u00e9galit\u00e9 \u00e0 la pr\u00e9fecture\nde la Sarthe \u00e0 compter du 15 d\u00e9cembre 2024\u00a0;\nVU l'arr\u00eat\u00e9 pr\u00e9fectoral du 14 d\u00e9cembre 2017 portant classement de Mme Val\u00e9rie CAMINATI dans\nle grade de secr\u00e9taire administrative de classe normale de l'int\u00e9rieur et de l'outre-mer au titre\nde l'ann\u00e9e 2017 \u00e0 compter du 11 d\u00e9cembre 2017 ;\nVU l'arr\u00eat\u00e9  pr\u00e9fectoral  du 21  octobre  2024  portant  classement  et  nomination de  M.  J\u00e9r\u00e9my\nCH\u00c9N\u00c9 dans le grade d'attach\u00e9 d'administration \u00e9tat stagiaire, affect\u00e9 \u00e0 la pr\u00e9fecture de la\nSarthe \u00e0 compter du 01 novembre 2024\u00a0;\nVU l'arr\u00eat\u00e9  pr\u00e9fectoral  du  13  avril  2023  portant  changement  d'affectation  dans  l'int\u00e9r\u00eat  du\nservice  de\nM.  Romain PINEAU,  en qualit\u00e9 d'attach\u00e9 d'administration,  \u00e0  la pr\u00e9fecture de la Sarthe  \u00e0\ncompter du 31 mars 2023 ;\nVU l'arr\u00eat\u00e9 pr\u00e9fectoral du 12 janvier 2012 classant Mme Linda POHU dans le grade d'attach\u00e9\nd'administration \u00e0 compter du 1er janvier 2012 ;\nPr\u00e9fecture de la Sarthe - 72-2024-12-31-00001 - d\u00e9l\u00e9gation de signature Mme VIGUIE DCL 4\nVU l'arr\u00eat\u00e9  du  minist\u00e8re  de  l'Int\u00e9rieur  du  2  mai  2022  portant  avancement  de  Mme  Sylvie\nZUCCHETTI dans le grade de secr\u00e9taire administrative de l'int\u00e9rieur et de l'outre-mer de\nclasse sup\u00e9rieure \u00e0 compter du 1er janvier 2022 ;\nVU l'arr\u00eat\u00e9  pr\u00e9fectoral  du  21  f\u00e9vrier  2024  affectant  M.  Yoann  PINEAU,  en  qualit\u00e9  d'agent\ncontractuel de cat\u00e9gorie A, \u00e0 la pr\u00e9fecture de la Sarthe \u00e0 compter du 1er mars 2024 ;\nVU l'arr\u00eat\u00e9 du ministre de l'Int\u00e9rieur du 2 ao\u00fbt 2021 affectant  M. Miguel BRAULT, en qualit\u00e9\nd'attach\u00e9 d'administration de l'\u00c9tat, \u00e0 la pr\u00e9fecture de la Sarthe \u00e0 compter du 1 er septembre\n2021 ;\nVU l'arr\u00eat\u00e9 du ministre de l'Int\u00e9rieur du 13 janvier 2021 portant affectation de Mme Isabelle\nJACOB,  en  qualit\u00e9  de  secr\u00e9taire  administrative  de  l'int\u00e9rieur  et  de  l'outre-mer  de  classe\nnormale, \u00e0 pr\u00e9fecture de la Sarthe \u00e0 compter du 15 f\u00e9vrier 2021 ;\nVU l'arr\u00eat\u00e9  pr\u00e9fectoral  du  31  d\u00e9cembre  2019  portant  nomination  et  reclassement  de\nMme V\u00e9ronique BOISSIERE en qualit\u00e9 d'adjointe administrative principale de 1\u00e8re classe \u00e0\ncompter du 1er janvier 2020 ;\nVU l'arr\u00eat\u00e9 pr\u00e9fectoral du 1 er d\u00e9cembre 2005 portant nomination de M. Rapha\u00ebl GEROME en\nqualit\u00e9 d'ouvrier professionnel de pr\u00e9fecture stagiaire  \u00e0 la pr\u00e9fecture de la Sarthe \u00e0 compter\ndu 1er d\u00e9cembre 2005 ;\nVU l'arr\u00eat\u00e9 pr\u00e9fectoral du 27 octobre 2016 portant titularisation de Mme Laurence TRONCHET\ndans le corps des adjoints administratifs de l'int\u00e9rieur et de l'outre-mer en qualit\u00e9 d'adjoint\nadministratif de 2\u00e8me classe \u00e0 compter du 1er septembre 2016 ;\nVU l'arr\u00eat\u00e9  pr\u00e9fectoral  du  19  janvier  2017  portant  nomination  et  reclassement  de  \nMme Elvina RENVOISE en qualit\u00e9 d'adjointe administrative \u00e0 compter du 1er janvier 2017 ;\nVU l'arr\u00eat\u00e9  pr\u00e9fectoral  du  19  janvier  2017  portant  nomination  et  reclassement  de\nMme Sandrine PELLIEUX en qualit\u00e9 d'adjointe administrative principale de 2\u00e8me classe \u00e0\ncompter du 1er janvier 2017 ;\nVU l'arr\u00eat\u00e9  pr\u00e9fectoral  du  19  janvier  2017  portant  nomination  et  reclassement  de\nMme Anne-Laure CHAMASSI en qualit\u00e9 d'adjointe administrative \u00e0 compter du 1 er janvier\n2017 ;\nVU l'arr\u00eat\u00e9 pr\u00e9fectoral du 21 novembre 2022 portant nomination de Mme Am\u00e9lie RAGNI en\nqualit\u00e9\nd'adjointe administrative principale de 2\u00e8me classe stagiaire de l'int\u00e9rieur et de l'outre-mer \u00e0\ncompter du 12 d\u00e9cembre 2022 ;\nVU la d\u00e9cision pr\u00e9fectorale du 09 ao\u00fbt 2024 affectant M. Johann COUDRAY en qualit\u00e9 d'agent\ncontractuel de cat\u00e9gorie C, \u00e0 la pr\u00e9fecture de la Sarthe \u00e0 compter du 1er septembre 2024\u00a0; \nVU la d\u00e9cision pr\u00e9fectorale du 02 d\u00e9cembre 2024 affectant Mme Meryam AZZIMANI-EL GOUSLI\nen qualit\u00e9 d'agent contractuel de cat\u00e9gorie C, \u00e0 la pr\u00e9fecture de la Sarthe \u00e0 compter du 1 er\njanvier 2025\u00a0; \nVU l'arr\u00eat\u00e9  du  ministre  de  l'Int\u00e9rieur  du  11  janvier  2021  portant  affectation  de  Mme  Ma\u00eblle\nROBELET en qualit\u00e9 d'attach\u00e9e d'administration, \u00e0 la pr\u00e9fecture de la Sarthe  \u00e0 compter du 1er\nmars 2021 ;\nVU l'arr\u00eat\u00e9 minist\u00e9riel du 20 octobre 2022 portant prise en charge par voie de d\u00e9tachement dans\nle  corps  des  attach\u00e9s  d'administration  de  l'\u00c9tat  et  affectant  Mme  Marjorie  BOUVIER  en\nqualit\u00e9 d'attach\u00e9 d'administration de l'\u00c9tat \u00e0 la pr\u00e9fecture de la Sarthe \u00e0 compter du 1 er\noctobre 2022 ; \nPr\u00e9fecture de la Sarthe - 72-2024-12-31-00001 - d\u00e9l\u00e9gation de signature Mme VIGUIE DCL 5\nVU l'arr\u00eat\u00e9  minist\u00e9riel  du  8  juillet  2022  portant  changement  d'affectation  de  M.  S\u00e9bastien\nDAABEK en qualit\u00e9 d'adjoint administratif principal 2\u00e8me classe de l'int\u00e9rieur et de l'outre-\nmer, \u00e0 compter du 1er septembre 2022 ;\nVU l'arr\u00eat\u00e9 minist\u00e9riel du 22 novembre 2024 nommant Mme Chantal VIGUI\u00c9, directrice de la\ncitoyennet\u00e9 et de la l\u00e9galit\u00e9 de la pr\u00e9fecture de la Sarthe \u00e0 compter du 15 d\u00e9cembre 2024\u00a0;\nVU la d\u00e9cision pr\u00e9fectorale du 15 d\u00e9cembre 2020 portant affectation de Mme Val\u00e9rie CAMINATI,\nsecr\u00e9taire  administrative  de  classe  normale,  en qualit\u00e9 d'adjointe  du  bureau  du  contr\u00f4le\nbudg\u00e9taire au sein de la direction de la citoyennet\u00e9 et de la l\u00e9galit\u00e9, \u00e0 la pr\u00e9fecture de la\nSarthe \u00e0 compter du 1er janvier 2021 ;\nVU la d\u00e9cision pr\u00e9fectorale du 21 octobre 2024 portant affectation de M. Jeremy CH\u00c9N\u00c9 attach\u00e9\nd'administration de l'\u00c9tat, en qualit\u00e9 d'adjoint du bureau du contr\u00f4le budg\u00e9taire au sein de la\ndirection de la citoyennet\u00e9 et de la l\u00e9galit\u00e9, \u00e0 la pr\u00e9fecture de la Sarthe \u00e0 Compter du 01\nnovembre 2024,\nVU la d\u00e9cision pr\u00e9fectorale du 14 mars 2023 portant affectation dans l'int\u00e9r\u00eat du service de\nM.  Romain  PINEAU,  attach\u00e9  d'administration  de  l'\u00c9tat,  en  qualit\u00e9 de chef  du  bureau  du\ncontr\u00f4le de l\u00e9galit\u00e9 au sein de la direction de la citoyennet\u00e9 et de la l\u00e9galit\u00e9, \u00e0 la pr\u00e9fecture\nde la Sarthe \u00e0 compter du 31  mars 2023 ;\nVU la d\u00e9cision pr\u00e9fectorale du 18 f\u00e9vrier 2021 portant affectation de Mme Linda POHU, attach\u00e9e\nde l'administration de l'\u00c9tat, en qualit\u00e9 de cheffe de bureau de la r\u00e9glementation g\u00e9n\u00e9rale et\ndes \u00e9lections au sein de la direction de la citoyennet\u00e9 et de la l\u00e9galit\u00e9, \u00e0 la pr\u00e9fecture de la\nSarthe \u00e0 compter du 1er mars 2021 ;\nVU la d\u00e9cision pr\u00e9fectorale du 4 d\u00e9cembre 2020 portant affectation de Mme Sylvie ZUCCHETTI,\nsecr\u00e9taire administrative de classe normale, en qualit\u00e9 d'adjointe \u00e0 la cheffe de bureau de la\nr\u00e9glementation g\u00e9n\u00e9rale et des \u00e9lections, \u00e0 compter du 1er octobre 2020 ;\nVU la  d\u00e9cision  pr\u00e9fectorale du 21  f\u00e9vrier  2024  portant  affectation  de  M.  Yoann  PINEAU,  en\nqualit\u00e9 de chef du bureau du droit au s\u00e9jour des \u00e9trangers au sein de la direction de la\ncitoyennet\u00e9 et de la l\u00e9galit\u00e9, \u00e0 la pr\u00e9fecture de la Sarthe \u00e0 compter du 1er mars 2024 ;\nVU la d\u00e9cision pr\u00e9fectorale du 28 juillet 2021 portant affectation de M. Miguel BRAULT, attach\u00e9\nde l'administration de l'\u00c9tat, en qualit\u00e9 d'adjoint  au chef  du bureau du droit au s\u00e9jour des\n\u00e9trangers au sein de la direction de la citoyennet\u00e9 et de la l\u00e9galit\u00e9, \u00e0 la pr\u00e9fecture de la Sarthe\n\u00e0 compter du 1er septembre 2021 ; \nVU la  d\u00e9cision  pr\u00e9fectorale  du  13  d\u00e9cembre  2018  portant  affectation  de  Mme  Laurence\nTRONCHET, adjointe administrative, en qualit\u00e9 d'agent d'accueil \u2013 instructeur de 1er niveau au\nbureau du droit au s\u00e9jour des \u00e9trangers au sein de la direction de la citoyennet\u00e9 et de la\nl\u00e9galit\u00e9, \u00e0 la pr\u00e9fecture de la Sarthe \u00e0 compter du 7 janvier 2018 ;\nVU la d\u00e9cision pr\u00e9fectorale du 26 ao\u00fbt 2019 portant affectation de M. Rapha\u00ebl GEROME, adjoint\ntechnique principal de 2\u00e8me classe, en qualit\u00e9 d'agent d'accueil \u2013 instructeur de 1 er niveau au\nbureau du droit au s\u00e9jour des \u00e9trangers au sein de la direction de la citoyennet\u00e9 et de la\nl\u00e9galit\u00e9, \u00e0 la pr\u00e9fecture de la Sarthe \u00e0 compter du 26 ao\u00fbt 2019 ;\nVU la  d\u00e9cision  pr\u00e9fectorale  du  11  f\u00e9vrier  2021  portant  affectation  de  Mme  Isabelle  JACOB,\nsecr\u00e9taire administrative de classe normale en qualit\u00e9 de r\u00e9dactrice au bureau du droit au\ns\u00e9jour des \u00e9trangers au sein de la direction de la citoyennet\u00e9 et de la l\u00e9galit\u00e9 \u00e0 la pr\u00e9fecture\nde la Sarthe \u00e0 compter du 15 f\u00e9vrier 2021 ;\nVU la d\u00e9cision pr\u00e9fectorale du 3 ao\u00fbt 2022 portant affectation de Mme V\u00e9ronique BOISSIERE,\nsecr\u00e9taire administrative de classe normale en qualit\u00e9 de r\u00e9dactrice au bureau du droit au\ns\u00e9jour des \u00e9trangers au sein de la direction de la citoyennet\u00e9 et de la l\u00e9galit\u00e9 \u00e0 la pr\u00e9fecture\nde la Sarthe \u00e0 compter du 1er septembre 2022 ;\nPr\u00e9fecture de la Sarthe - 72-2024-12-31-00001 - d\u00e9l\u00e9gation de signature Mme VIGUIE DCL 6\nVU la d\u00e9cision pr\u00e9fectorale du 19 d\u00e9cembre 2022 portant affectation de Mme Am\u00e9lie RAGNI,\nadjointe administrative principale de 2\u00e8me classe de l'int\u00e9rieur et de l'outre-mer en qualit\u00e9 de\ncharg\u00e9e de l'instruction des demandes des titres de s\u00e9jour au bureau du droit au s\u00e9jour des\n\u00e9trangers au sein de la direction de la citoyennet\u00e9 et de la l\u00e9galit\u00e9 \u00e0 la pr\u00e9fecture de la Sarthe\n\u00e0 compter du 12 d\u00e9cembre 2022 ;\nVU la d\u00e9cision pr\u00e9fectorale du 09 ao\u00fbt 2024 portant affectation de M. Johann COUDRAY en\nqualit\u00e9 d'agent d'accueil, instructeur de 1 er niveau au bureau du droit au s\u00e9jour des \u00e9trangers\nau sein de la direction de la citoyennet\u00e9 et de la l\u00e9galit\u00e9, \u00e0 la pr\u00e9fecture de la Sarthe \u00e0\ncompter du 1er septembre 2024\u00a0; \nVU la  d\u00e9cision  pr\u00e9fectorale  du  02  d\u00e9cembre  2024  portant  affectation  de  Mme  Meryam\nAZZIMANI-EL GOUSLI en qualit\u00e9 d'agent d'accueil, instructeur de 1 er niveau au bureau du\ndroit au s\u00e9jour des \u00e9trangers au sein de la direction de la citoyennet\u00e9 et de la l\u00e9galit\u00e9, \u00e0 la\npr\u00e9fecture de la Sarthe \u00e0 compter du 1er janvier 2025\u00a0; \nVU la d\u00e9cision pr\u00e9fectorale du 23 f\u00e9vrier  2021 portant  affectation de Mme Ma\u00eblle ROBELET,\nattach\u00e9e de l'administration de l'\u00c9tat, en qualit\u00e9 de cheffe du bureau de l'asile, l'\u00e9loignement\net du contentieux au sein de la direction de la citoyennet\u00e9 et de la l\u00e9galit\u00e9, \u00e0 la pr\u00e9fecture de\nla Sarthe \u00e0 compter du 1er mars 2021 ;\nVU la  d\u00e9cision pr\u00e9fectorale du  3  ao\u00fbt  2022  portant  affectation de  Mme  Marjorie BOUVIER,\nattach\u00e9e de l'administration de l'\u00c9tat, en qualit\u00e9 d'adjointe \u00e0 la cheffe du bureau de l'asile,\nl'\u00e9loignement, et du contentieux au sein de la direction de la citoyennet\u00e9 et de la l\u00e9galit\u00e9, \u00e0 la\npr\u00e9fecture de la Sarthe \u00e0 compter du 1er octobre 2022 ;\nVU la d\u00e9cision pr\u00e9fectorale du 1er ao\u00fbt 2022 portant affectation de M. S\u00e9bastien DAABEK, adjoint\nadministratif principal de 2\u00e8me classe de l'int\u00e9rieur et  de l'outre-mer,  en qualit\u00e9 d'agent\nd'accueil \u2212 instructeur du 1 er niveau au bureau de l'asile, l'\u00e9loignement et du contentieux au\nsein de la direction de la citoyennet\u00e9 et de la l\u00e9galit\u00e9 \u00e0 la pr\u00e9fecture de la Sarthe \u00e0 compter\ndu 1er septembre 2022 ;\nVU la note de service du  23 juin 2017 \u00e0 laquelle est joint l'organigramme nominatif des nouvelles\ndirections de la pr\u00e9fecture et portant reconduction sur leur poste au sein de la direction de la\ncitoyennet\u00e9  et  de  la  l\u00e9galit\u00e9  de  Mme  Elvina  RENVOISE,  Mme  Sandrine  PELLIEUX,\nMme Anne-Laure CHAMASSI\u00a0;\nSUR Proposition de la secr\u00e9taire g\u00e9n\u00e9rale de la pr\u00e9fecture de la Sarthe ;\nARR\u00caTE\nArticle 1 :\nD\u00e9l\u00e9gation est donn\u00e9e \u00e0  Mme Chantal VIGUI\u00c9,  directrice de la citoyennet\u00e9 et de la l\u00e9galit\u00e9 , \u00e0\nl'effet  de  signer  les  arr\u00eat\u00e9s,  correspondances,  r\u00e9c\u00e9piss\u00e9s,  \u00e9tats  liquidatifs  des  d\u00e9penses,\ncertifications conformes pour service fait, pi\u00e8ces comptables et avis entrant dans le cadre des\nattributions de la direction de la citoyennet\u00e9 et de la l\u00e9galit\u00e9. \nLa  d\u00e9l\u00e9gation  comprend  l'inscription  au  fichier  des  personnes  recherch\u00e9es  et  notamment  les\ncorrespondances, avis et d\u00e9cisions relatives aux mati\u00e8res ci-apr\u00e8s \u00e9num\u00e9r\u00e9es :\nBureau du contr\u00f4le budg\u00e9taire :\n- Correspondance, notification, demande d'avis, transmission de pi\u00e8ces et demande de\npi\u00e8ces compl\u00e9mentaires dans le cadre du contr\u00f4le de l\u00e9galit\u00e9 et du contr\u00f4le budg\u00e9taire ;\n- Correspondance,  demande  d'avis,  transmission  de  pi\u00e8ces  et  demande  de  pi\u00e8ces\ncompl\u00e9mentaires dans le cadre des concours financiers de l'\u00c9tat ;\nPr\u00e9fecture de la Sarthe - 72-2024-12-31-00001 - d\u00e9l\u00e9gation de signature Mme VIGUIE DCL 7\n- Certificats pour paiement, certificats de service fait, d\u00e9cisions relatives \u00e0 la compl\u00e9tude\ndes dossiers ;\n- D\u00e9l\u00e9gation  est,  en  outre  donn\u00e9e  \u00e0   Mme  Chantal  VIGUI\u00c9 \u00e0  l'effet  de  valider  dans\nl'application ALICE (Application pour la Liquidation des Concours de l'\u00c9tat) le paiement\ndes sommes dues aux collectivit\u00e9s au titre du FCTVA (fonds de compensation sur la\nvaleur ajout\u00e9e) d\u00e8s lors que le tableau listant les b\u00e9n\u00e9ficiaires et le montant du FCTVA \u00e0\nverser aura \u00e9t\u00e9 valid\u00e9 par la secr\u00e9taire g\u00e9n\u00e9rale de la pr\u00e9fecture, la directrice de cabinet,\nla sous-pr\u00e9f\u00e8te de La Fl\u00e8che ou le sous-pr\u00e9fet de Mamers.\nBureau du contr\u00f4le de l\u00e9galit\u00e9 :\n- Correspondance, notification, demandes d'avis, transmission de pi\u00e8ces et demandes de\npi\u00e8ces compl\u00e9mentaires, dans le cadre des attributions du bureau\nBureau de la r\u00e9glementation g\u00e9n\u00e9rale et des \u00e9lections :\nMissions de proximit\u00e9   Syst\u00e8me d'Immatriculation des V\u00e9hicules (SIV)  \n- Conventions  d'habilitation  individuelle  \u00ab professionnel  de  l'automobile \u00bb  pour  le\nSyst\u00e8me d'Immatriculation des V\u00e9hicules\n- Conventions d'agr\u00e9ment individuelle \u00ab  professionnel de l'automobile \u00bb pour le Syst\u00e8me\nd'Immatriculation des V\u00e9hicules\nMissions de proximit\u00e9 p  ermis de conduire  \n- D\u00e9livrance  des  attestations  pr\u00e9fectorales  de  v\u00e9rification  m\u00e9dicale  de  l'aptitude\nphysique pour le transport public de personnes (Art R221-10 II et IV du Code de la route)\n- Agr\u00e9ment des m\u00e9decins pour le contr\u00f4le m\u00e9dical de l'aptitude \u00e0 la conduite automobile\nR\u00e9glementation g\u00e9n\u00e9rale\n- R\u00e9c\u00e9piss\u00e9s relatifs au droit d'option des franco-alg\u00e9riens et bi-nationaux\n- Attestations de revendeurs d'objets mobiliers \n- Domiciliation des entreprises\n- Attestations de d\u00e9livrance du permis de chasser\n- Restitution de cartes professionnelles de conducteurs de taxi suite \u00e0 rupture du contrat\nde travail ou cessation d'activit\u00e9 \n- D\u00e9livrances des cartes de taxi\n- D\u00e9livrance ou refus des agr\u00e9ments des centres de sensibilisation \u00e0 la s\u00e9curit\u00e9 routi\u00e8re\n- Autorisation d'animer les stages de sensibilisation \u00e0 la s\u00e9curit\u00e9 routi\u00e8re\n- D\u00e9livrance du r\u00e9c\u00e9piss\u00e9 de d\u00e9claration en vue de r\u00e9aliser l'examen psychotechnique\npr\u00e9vu dans le cadre du contr\u00f4le m\u00e9dical de l'aptitude \u00e0 la conduite\n- Classement des offices de tourisme\n- D\u00e9livrances ou refus des titres de ma\u00eetre restaurateur\n- Autorisations de transport de corps en dehors du territoire m\u00e9tropolitain.\n- Laissez passer mortuaires  \n- Octroi  d'un  d\u00e9lai  suppl\u00e9mentaire  pour  l'inhumation  ou  la  cr\u00e9mation  de  personnes\nd\u00e9c\u00e9d\u00e9es\n- Arr\u00eat\u00e9s d'autorisation d'inhumer dans une propri\u00e9t\u00e9 priv\u00e9e\n- Agr\u00e9ments des \u00e9tablissements de pompes fun\u00e8bres\n- Attestations de reconnaissance d'association cultuelle\n- R\u00e9c\u00e9piss\u00e9s de d\u00e9claration de cr\u00e9ation de fonds de dotation, fondations d'entreprise\n- R\u00e9c\u00e9piss\u00e9s de d\u00e9clarations de foires et salons\n- Agr\u00e9ments de commissaires de courses hippiques \n- Autorisations d'exercer la profession de loueur d'alambic ambulant\n- D\u00e9livrance ou refus de la carte de guide conf\u00e9rencier\n- D\u00e9livrance et retrait de la carte professionnelle de conducteur de voiture de transport\navec chauffeur (VTC)\n- D\u00e9livrance et retrait de la carte professionnelle de conducteur de v\u00e9hicule motoris\u00e9 \u00e0\ndeux ou trois roues (VMDTR)\nPr\u00e9fecture de la Sarthe - 72-2024-12-31-00001 - d\u00e9l\u00e9gation de signature Mme VIGUIE DCL 8\n- Opposition \u00e0 la sortie du territoire\n\u00c9lections\n- Accus\u00e9s  de  r\u00e9ception,  r\u00e9c\u00e9piss\u00e9s  de  d\u00e9claration  des  candidatures  aux  diverses\n\u00e9lections, d\u00e9pos\u00e9es en Pr\u00e9fecture\n- R\u00e9c\u00e9piss\u00e9s de retrait de candidature aux diverses \u00e9lections, des demandes d\u00e9pos\u00e9es en\npr\u00e9fecture\n- R\u00e9c\u00e9piss\u00e9s de d\u00e9p\u00f4t de compte de campagne\n- Documents  comptables  et  certification  des  factures  relatives  \u00e0  l'organisation  des\n\u00e9lections\n- R\u00e9c\u00e9piss\u00e9s de d\u00e9claration des mandataires financiers\nMission juridique\n- Correspondances avec les juridictions administratives \n- Lettres aux avocats relatives \u00e0 la mise en \u0153uvre des paiements au titre du BOP 216\n- Paiement des frais de justice et des frais d'interpr\u00e9tariat\n- Signature des m\u00e9moires en d\u00e9fense pour le Tribunal Administratif ou la Cour d'Appel\n- Ordre \u00e0 payer sur Chorus des frais de justice de la mission juridique\nBureau du droit au s\u00e9jour :\nNaturalisations\n- Correspondances courantes \nDroit au s\u00e9jour\n- D\u00e9cisions relatives \u00e0 la d\u00e9livrance et au refus de d\u00e9livrance ou de renouvellement d'un\ntitre de s\u00e9jour, d'un r\u00e9c\u00e9piss\u00e9 de carte de s\u00e9jour, d'une autorisation provisoire de s\u00e9jour\ny compris celle r\u00e9gie par les dispositions des articles L. 581-1 et suivants et R. 581-1 et\nsuivants  du  code  de  l'entr\u00e9e  et  du  s\u00e9jour  des  \u00e9trangers  et  du  droit  d'asile,  d'un\ndocument de circulation pour \u00e9tranger mineur, l'abrogation ainsi que le retrait de ces\nd\u00e9cisions et la r\u00e9ponse aux recours gracieux ;\n- Visas (octroi et refus, prolongation et refus de prolongation, \u2026)\n- Acceptation ou refus de titres de voyage\n- Acceptation ou refus de regroupement familial\n- Refus de s\u00e9jour\n- Arr\u00eat\u00e9s portant obligation de quitter le territoire fran\u00e7ais (OQTF), avec ou sans d\u00e9lai\n- Arr\u00eat\u00e9s et d\u00e9cisions portant fixation du pays de renvoi\n- D\u00e9cisions concernant l'interdiction de retour\n- Arr\u00eat\u00e9s portant interdiction de circulation sur le territoire fran\u00e7ais\n- M\u00e9moires et requ\u00eates devant le tribunal administratif ou la Cour administrative d'appel\npour le contentieux du s\u00e9jour et le refus d'\u00e9change des permis de conduire \u00e9trangers\nBureau de l'asile, de l'\u00e9loignement et du contentieux :\n- D\u00e9cisions relatives \u00e0 la d\u00e9livrance et au refus de d\u00e9livrance ou de renouvellement d'un\ntitre de s\u00e9jour, d'un r\u00e9c\u00e9piss\u00e9 de carte de s\u00e9jour, d'une autorisation provisoire de s\u00e9jour\ny compris celle r\u00e9gie par les dispositions des articles L. 581-1 et suivants et R. 581-1 et\nsuivants  du  code  de  l'entr\u00e9e  et  du  s\u00e9jour  des  \u00e9trangers  et  du  droit  d'asile,  d'un\ndocument de circulation pour \u00e9tranger mineur, l'abrogation ainsi que le retrait de ces\nd\u00e9cisions et la r\u00e9ponse aux recours gracieux ;\n- Attestation demandeurs asile (ADA)\n- Refus de s\u00e9jour\n- Arr\u00eat\u00e9s portant interdiction de circulation sur le territoire fran\u00e7ais\nPr\u00e9fecture de la Sarthe - 72-2024-12-31-00001 - d\u00e9l\u00e9gation de signature Mme VIGUIE DCL 9\n- Arr\u00eat\u00e9s portant obligation de quitter le territoire fran\u00e7ais (OQTF), avec ou sans d\u00e9lai\n- Arr\u00eat\u00e9s et d\u00e9cisions portant fixation du pays de renvoi\n- Arr\u00eat\u00e9s portant interdiction de retour sur le territoire Fran\u00e7ais\n- Arr\u00eat\u00e9s d'assignation \u00e0 r\u00e9sidence\n- Arr\u00eat\u00e9s de r\u00e9admission \n- Arr\u00eat\u00e9s de placement en r\u00e9tention \n- Arr\u00eat\u00e9s de maintien en r\u00e9tention administrative et d'irrecevabilit\u00e9 ;\n- Demandes de laissez-passer consulaires\n- D\u00e9livrance de laissez-passer europ\u00e9ens\n- R\u00e9quisition des forces de l'ordre\n- Signalement au procureur de la R\u00e9publique sur le fondement de l'article 40 du code de\nproc\u00e9dure p\u00e9nale\n- Saisine du Procureur de la R\u00e9publique\n- Arr\u00eat\u00e9s de transfert\n- Mandat de repr\u00e9sentation devant le juge des libert\u00e9s et de la d\u00e9tention (JLD) et la Cour\nd'Appel (CA).\n- Saisines et m\u00e9moires devant le juge des libert\u00e9s et de la d\u00e9tention et la cour d'appel\n- M\u00e9moires  et  requ\u00eates  devant  les  tribunaux  administratifs,  les  cours  administratives\nd'appel ,\nArticle 2 : \nEn cas d'absence ou d'emp\u00eachement de Mme Chantal VIGUI\u00c9, directrice de la citoyennet\u00e9 et de la\nl\u00e9galit\u00e9, la d\u00e9l\u00e9gation de signature qui lui est conf\u00e9r\u00e9e par l'article 1 sera exerc\u00e9e par,  M. J\u00e9r\u00e9my\nCH\u00c9N\u00c9,  adjoint du bureau du contr\u00f4le budg\u00e9taire  ou par  Mme Val\u00e9rie CAMINATI, adjointe du\nbureau du contr\u00f4le budg\u00e9taire en ce qui concerne les mati\u00e8res entrant dans les attributions de son\nbureau,  \u00e0  l'exclusion  des  arr\u00eat\u00e9s,  d\u00e9cisions,  des  lettres  d'observations  et  dans  un  plafond  de\n200\u00a0000 euros pour les mandats des dotations de l'\u00c9tat.\nEn  cas  d'absence  ou  d'emp\u00eachement  de  M.  J\u00e9r\u00e9my  CH\u00c9N\u00c9,  adjoint  du  bureau  du  contr\u00f4le\nbudg\u00e9taire et de Mme Val\u00e9rie CAMINATI, adjointe du bureau du contr\u00f4le budg\u00e9taire  la d\u00e9l\u00e9gation\nde signature qui lui est conf\u00e9r\u00e9e sera exerc\u00e9e,  soit par M. Romain PINEAU, chef d u bureau du\ncontr\u00f4le de l\u00e9galit\u00e9, soit par Mme Linda POHU , cheffe du bureau de la r\u00e9glementation g\u00e9n\u00e9rale et\ndes \u00e9lections. \nArticle 3 : \nEn cas d'absence ou d'emp\u00eachement de Mme Chantal VIGUI\u00c9, directrice de la citoyennet\u00e9 et de la\nl\u00e9galit\u00e9, la d\u00e9l\u00e9gation de signature qui lui est conf\u00e9r\u00e9e par l'article 1 sera exerc\u00e9e par  M. Romain\nPINEAU, chef du bureau du contr\u00f4le de l\u00e9galit\u00e9 , en ce qui concerne les mati\u00e8res entrant dans les\nattributions de son bureau, \u00e0 l'exclusion des arr\u00eat\u00e9s, des d\u00e9cisions et des lettres d'observations. \nArticle 4 : \nEn cas d'absence ou d'emp\u00eachement de Mme Chantal VIGUI\u00c9, directrice de la citoyennet\u00e9 et de la\nl\u00e9galit\u00e9, d\u00e9l\u00e9gation est donn\u00e9e \u00e0 Mme Linda POHU, cheffe du bureau de la r\u00e9glementation g\u00e9n\u00e9rale\net des \u00e9lections,  \u00e0 l'effet de signer les correspondances courantes et inscriptions au fichier des\npersonnes  recherch\u00e9es  relevant  du  bureau  de  la  r\u00e9glementation  g\u00e9n\u00e9rale  et  des  \u00e9lections,  la\ncertification conforme pour services faits et pi\u00e8ces comptables ainsi que les correspondances, avis\net d\u00e9cisions pour les attributions indiqu\u00e9es ci-apr\u00e8s :\nR\u00e9glementation\n- R\u00e9c\u00e9piss\u00e9s relatifs au droit d'option des franco-alg\u00e9riens et bi-nationaux\n- Attestations de revendeurs d'objets mobiliers \n- R\u00e9c\u00e9piss\u00e9s de d\u00e9claration de foires et salons\n- Attestations de d\u00e9livrance du permis de chasser\n- Restitution de cartes professionnelles de conducteurs de taxi suite \u00e0 rupture du contrat\nde travail ou cessation d'activit\u00e9\n- D\u00e9livrance des cartes de taxi\nPr\u00e9fecture de la Sarthe - 72-2024-12-31-00001 - d\u00e9l\u00e9gation de signature Mme VIGUIE DCL 10\n- Autorisations de transport de corps en dehors du territoire m\u00e9tropolitain, laissez passer\nmortuaires\n- Octroi  d'un  d\u00e9lai  suppl\u00e9mentaire  pour  l'inhumation  ou  la  cr\u00e9mation  de  personnes\nd\u00e9c\u00e9d\u00e9es\n- Opposition \u00e0 la sortie du territoire\n- D\u00e9livrance ou refus de la carte de guide conf\u00e9rencier\n- D\u00e9livrance ou refus de titre de ma\u00eetre restaurateur\n- D\u00e9livrance et retrait de la carte professionnelle de conducteur de voiture de transport\navec chauffeur (VTC)\n- D\u00e9livrance et retrait de la carte professionnelle de conducteur de v\u00e9hicule motoris\u00e9 \u00e0\ndeux ou trois roues (VMDTR)\n\u00c9lections\n- Accus\u00e9s  de  r\u00e9ception,  r\u00e9c\u00e9piss\u00e9s  de  d\u00e9claration  des  candidatures  aux  diverses\n\u00e9lections, d\u00e9pos\u00e9s en pr\u00e9fecture\n- R\u00e9c\u00e9piss\u00e9s de retrait de candidature aux diverses \u00e9lections, des demandes d\u00e9pos\u00e9es en\npr\u00e9fecture\n- R\u00e9c\u00e9piss\u00e9s de d\u00e9p\u00f4t de compte de campagne\n- R\u00e9c\u00e9piss\u00e9s de d\u00e9claration des mandataires financiers\nMissions de proximit\u00e9 p  ermis de conduire  \n- D\u00e9livrance  des  attestations  pr\u00e9fectorales  de  v\u00e9rification  m\u00e9dicale  de  l'aptitude\nphysique pour le transport public de personnes (Art R221-10 II et IV du code de la\nroute).\nMission juridique\n- Paiement des frais de justice et des frais d'interpr\u00e9tariat\n- Ordre \u00e0 payer sur Chorus des frais de justice de la mission juridique\nEn cas d'absence ou d'emp\u00eachement de Mme Linda POHU, cheffe du bureau de la r\u00e9glementation\ng\u00e9n\u00e9rale  et  des  \u00e9lections,  la  d\u00e9l\u00e9gation  de  signature  qui  lui  est  conf\u00e9r\u00e9e  sera  exerc\u00e9e  par\nMme Sylvie ZUCCHETTI , adjointe \u00e0 la cheffe du bureau de la r\u00e9glementation g\u00e9n\u00e9rale et des\n\u00e9lections. \nArticle 5 :\nEn cas d'absence ou d'emp\u00eachement de Mme Chantal VIGUI\u00c9, directrice de la citoyennet\u00e9 et de la\nl\u00e9galit\u00e9, d\u00e9l\u00e9gation est donn\u00e9e \u00e0 M. Yoann PINEAU, chef du bureau du droit au s\u00e9jour des \u00e9trangers,\n\u00e0 l'effet de signer les correspondances courantes relatives au droit au s\u00e9jour, les inscriptions au\nfichier  des  personnes  recherch\u00e9es  relevant  du  bureau  du  droit  au  s\u00e9jour  des  \u00e9trangers,  la\ncertification conforme pour services faits et pi\u00e8ces comptables, les correspondances courantes\nconcernant les naturalisations ainsi que les d\u00e9cisions pour les attributions indiqu\u00e9es ci-apr\u00e8s :\n- D\u00e9cisions relatives \u00e0 la d\u00e9livrance et au refus de d\u00e9livrance ou de renouvellement d'un\ntitre de s\u00e9jour, d'un r\u00e9c\u00e9piss\u00e9 de carte de s\u00e9jour, d'une autorisation provisoire de s\u00e9jour\ny compris celle r\u00e9gie par les dispositions des articles L. 581-1 et suivants et R. 581-1 et\nsuivants  du  code  de  l'entr\u00e9e  et  du  s\u00e9jour  des  \u00e9trangers  et  du  droit  d'asile,  d'un\ndocument de circulation pour \u00e9tranger mineur, l'abrogation ainsi que le retrait de ces\nd\u00e9cisions et la r\u00e9ponse aux recours gracieux ;\n- Refus de s\u00e9jour\n- Arr\u00eat\u00e9s portant obligation de quitter le territoire fran\u00e7ais (OQTF), avec ou sans d\u00e9lai\n- Arr\u00eat\u00e9s et d\u00e9cisions portant fixation du pays de renvoi\n- D\u00e9cisions concernant l'interdiction de retour\n- Arr\u00eat\u00e9s portant interdiction de circulation sur le territoire fran\u00e7ais\n- Visas (octroi et refus, prolongations et refus de prolongation\u2026)\n- Acceptation ou refus de titres de voyage\nPr\u00e9fecture de la Sarthe - 72-2024-12-31-00001 - d\u00e9l\u00e9gation de signature Mme VIGUIE DCL 11\nEn cas d'absence ou d'emp\u00eachement de  M. Yoann PINEAU, chef du bureau du droit au s\u00e9jour des\n\u00e9trangers, d\u00e9l\u00e9gation est donn\u00e9e \u00e0 M. Miguel BRAULT, adjoint au chef de bureau du droit au s\u00e9jour\ndes \u00e9trangers, \u00e0 l'effet de signer les d\u00e9cisions dont d\u00e9l\u00e9gation a \u00e9t\u00e9 donn\u00e9e \u00e0 M. Yoann PINEAU,\nchef du bureau du droit au s\u00e9jour des \u00e9trangers.\nPar ailleurs, d\u00e9l\u00e9gation est donn\u00e9e \u00e0 Mme Isabelle JACOB et Mme V\u00e9ronique BOISSIERE \u00e0 l'effet de\nsigner les correspondances courantes relatives au droit au s\u00e9jour dont les r\u00e9c\u00e9piss\u00e9s de demandes\nde cartes de s\u00e9jour et les autorisations provisoires de s\u00e9jour (APS).\nM. Rapha\u00ebl GEROME, Mme Elvina RENVOISE, Mme Sandrine PELLIEUX, Mme Laurence TRONCHET,\nMme  Anne-Laure  CHAMASSI,  Mme  Am\u00e9lie  RAGNI,  M.  Johann  COUDRAY  et  Mme  Meryam\nAZZIMANI-EL  GOUSLI,  re\u00e7oivent  d\u00e9l\u00e9gation  de signature \u00e0  l'effet  de  contresigner  les visas  de\nr\u00e9gularisation,  les  maquettes  de  fabrication des titres  de  s\u00e9jour  ainsi  que  et  les r\u00e9c\u00e9piss\u00e9s  de\ndemande de cartes de s\u00e9jour et les titres de voyage pour \u00e9trangers b\u00e9n\u00e9ficiaires d'une protection\ninternationale.\nEn cas d'absence ou d'emp\u00eachement de M. Yoann PINEAU, chef du bureau du droit au s\u00e9jour des\n\u00e9trangers et de M. Miguel BRAULT,  adjoint au chef du bureau du droit au s\u00e9jour des \u00e9tranger s, la\nd\u00e9l\u00e9gation de signature qui leur est conf\u00e9r\u00e9e sera exerc\u00e9e par  Mme Ma\u00eblle ROBELET, cheffe du\nbureau de l'asile, de l'\u00e9loignement et du contentieux  ou \u00e0 d\u00e9faut par  Mme Marjorie BOUVIER,\nadjointe \u00e0 la cheffe du bureau de l'asile, de l'\u00e9loignement et du contentieux.\nArticle 6 : \nEn cas d'absence ou d'emp\u00eachement de Mme Chantal VIGUI\u00c9, directrice de la citoyennet\u00e9 et de la\nl\u00e9galit\u00e9, d\u00e9l\u00e9gation  est  donn\u00e9e  \u00e0  Mme  Ma\u00eblle  ROBELET,  cheffe  du  bureau  de  l'asile,  de\nl'\u00e9loignement et du contentieux, \u00e0 l'effet de signer les correspondances courantes et inscriptions au\nfichier des personnes recherch\u00e9es relevant du bureau asile \u00e9loignement contentieux, la certification\nconforme pour services faits et pi\u00e8ces comptables ainsi que les avis, correspondances et d\u00e9cisions\npour les attributions indiqu\u00e9es ci-apr\u00e8s :\n- D\u00e9cisions relatives \u00e0 la d\u00e9livrance et au refus de d\u00e9livrance ou de renouvellement d'un\ntitre de s\u00e9jour, d'un r\u00e9c\u00e9piss\u00e9 de carte de s\u00e9jour, d'une autorisation provisoire de s\u00e9jour\ny compris celle r\u00e9gie par les dispositions des articles L. 581-1 et suivants et R. 581-1 et\nsuivants  du  code  de  l'entr\u00e9e  et  du  s\u00e9jour  des  \u00e9trangers  et  du  droit  d'asile,  d'un\ndocument de circulation pour \u00e9tranger mineur, l'abrogation ainsi que le retrait de ces\nd\u00e9cisions et la r\u00e9ponse aux recours gracieux ;\n- Attestations de demandes d'asile (ADA)\n- Arr\u00eat\u00e9s portant obligation de quitter le territoire  fran\u00e7ais avec et sans d\u00e9lai (OQTF), et\narr\u00eat\u00e9s  de  r\u00e9admission  et  arr\u00eat\u00e9s  de  transferts  dans  le  cadre  des  proc\u00e9dures\nd'\u00e9loignement \n- Placements en r\u00e9tention et maintien en r\u00e9tention et d'irrecevabilit\u00e9\n- Assignations \u00e0 r\u00e9sidence\n- Arr\u00eat\u00e9s et d\u00e9cisions portant fixation du pays de renvoi et interdiction de retour sur le\nterritoire fran\u00e7ais\n- Arr\u00eat\u00e9s portant interdiction de circulation sur le territoire fran\u00e7ais\n- Refus de s\u00e9jour\n- Demandes de laissez-passer consulaires\n- D\u00e9livrance de laissez-passer europ\u00e9ens\n- R\u00e9quisition des forces de l'ordre\n- Signalement au procureur de la R\u00e9publique sur le fondement de l'article 40 du code de\nproc\u00e9dure p\u00e9nale\n- Saisines et m\u00e9moires devant le juge des libert\u00e9s et de la d\u00e9tention et la cour d'appel\n- M\u00e9moires  et  requ\u00eates  devant  les  tribunaux  administratifs,  les  Cours  administratives\nd'appel\n- Saisine du Procureur de la R\u00e9publique\n- Mandat de repr\u00e9sentation devant le juge des libert\u00e9s et de la d\u00e9tention (JLD) et la Cour\nd'Appel (CA).\nPr\u00e9fecture de la Sarthe - 72-2024-12-31-00001 - d\u00e9l\u00e9gation de signature Mme VIGUIE DCL 12\nEn cas d'absence ou d'emp\u00eachement de  Mme Ma\u00eblle ROBELET, cheffe  du bureau de l'asile, de\nl'\u00e9loignement et du contentieux,  d\u00e9l\u00e9gation est donn\u00e9e \u00e0 M me Marjorie BOUVIER, adjointe \u00e0 la\ncheffe du bureau de l'asile, l'\u00e9loignement et du contentieux, \u00e0 l'effet de signer les d\u00e9cisions dont\nd\u00e9l\u00e9gation a \u00e9t\u00e9 donn\u00e9e \u00e0 Mme Ma\u00eblle ROBELET, cheffe du bureau de l'asile, de l'\u00e9loignement et du\ncontentieux.\nPar ailleurs, en cas d'absence ou d'emp\u00eachement de  Mme Ma\u00eblle ROBELET,  cheffe du bureau de\nl'asile, de l'\u00e9loignement et du contentieux  et de Mme Marjorie BOUVIER, adjointe \u00e0 la cheffe du\nbureau de l'asile, de l'\u00e9loignement et du contentieux, d\u00e9l\u00e9gation de signature est donn\u00e9e \u00e0 M. Alain\nNABHAN et M. S\u00e9bastien DAABEK \u00e0 effet de signer les demandes de laissez-passer consulaires, les\nmaquettes  de  fabrication  des  titres  de  s\u00e9jour,  les  attestations  de  demandeurs  d'asile  et  les\nr\u00e9c\u00e9piss\u00e9s de demande de titre de s\u00e9jour.\nEn cas d'absence de  Mme Ma\u00eblle ROBELET, cheffe du bureau de l'asile, de l'\u00e9loignement et du\ncontentieux, et Mme Marjorie BOUVIER, adjointe \u00e0 la cheffe du bureau de l'asile, de l'\u00e9loignement\net du contentieux,  la d\u00e9l\u00e9gation qui leur est conf\u00e9r\u00e9e est exerc\u00e9e par M. Yoann PINEAU, chef du\nbureau du droit au s\u00e9jour des \u00e9trangers et M. Miguel BRAULT, adjoint au chef du bureau du droit au\ns\u00e9jour des \u00e9trangers.\nArticle 7 : \nL'arr\u00eat\u00e9 N\u00b0 DCPPAT  2024-0232 du 23 septembre 2024 portant d\u00e9l\u00e9gation de signature pour la\ndirection de la citoyennet\u00e9 et de la l\u00e9galit\u00e9 est abrog\u00e9.\nArticle 8 : \nLa secr\u00e9taire g\u00e9n\u00e9rale de la pr\u00e9fecture de la Sarthe et la directrice de la citoyennet\u00e9 et de la l\u00e9galit\u00e9\nsont charg\u00e9es, chacune en ce qui la concerne, de l'ex\u00e9cution du pr\u00e9sent arr\u00eat\u00e9 qui sera publi\u00e9 au\nrecueil des actes administratifs de la pr\u00e9fecture de la Sarthe.\n     \n                Le Pr\u00e9fet,\n  SIGNE\n               \n     Emmanuel AUBRY\nPr\u00e9fecture de la Sarthe - 72-2024-12-31-00001 - d\u00e9l\u00e9gation de signature Mme VIGUIE DCL 13","date":"2024-12-31","first_seen_on":"2025-08-31T02:15:37+00:00","id":"c9f2774934d7e0b26070ff3ab722360e91aabfdee70660b63f64b57c449ffdb2","name":"RAA n\u00b0221 du 31 d\u00e9cembre 2024","pdf_creation_date":"2024-12-31T14:11:00+00:00","pdf_modification_date":null,"timezone":"Europe/Paris","url":"https://www.sarthe.gouv.fr/contenu/telechargement/23298/146375/file/recueil-31-12-2024-recueil-des-actes-administratifs.pdf"}
