{"administration":"pref37","administration_name":"Pr\u00e9fecture d\u2019Indre-et-Loire","content":"INDRE-ET-LOIRE\nRECUEIL DES ACTES\nADMINISTRATIFS SP\u00c9CIAL\nN\u00b037-2025-09001\nPUBLI\u00c9 LE  2 SEPTEMBRE 2025\nSommaire\nPr\u00e9fecture d'Indre et Loire / Service d'animation interminist\u00e9rielle des\npolitiques publiques\n37-2025-09-02-00001 - publication RAA date cdac LECLERC \u00e0 Fondettes (1\npage) Page 3\n2\nPr\u00e9fecture d'Indre et Loire\n37-2025-09-02-00001\npublication RAA date cdac LECLERC \u00e0 Fondettes\nPr\u00e9fecture d'Indre et Loire - 37-2025-09-02-00001 - publication RAA date cdac LECLERC \u00e0 Fondettes 3\nPr\u00e9fecture d'Indre-et-Loire\nDirection de l'Environnement, de la Coordination et de l'Appui Territorial\nBureau de l'appui au d\u00e9veloppement local\nCommission d\u00e9partementale d'am\u00e9nagement commercial d'Indre-et-Loire\nLa commission d\u00e9partementale d'am\u00e9nagement commercial d'Indre-et-Loire se r\u00e9unira le jeudi 9  \noctobre 2025 \u00e0 14h30 afin de statuer sur la demande d'autorisation d'exploitation commerciale  \npour la cr\u00e9ation par transfert d'une Jardinerie E.LECLERC d'une surface de vente demand\u00e9e de 3  \n144, 39 m\u00b2 et pour la cr\u00e9ation d'un service Drive E.LECLERC de 10 pistes de 438 m\u00b2 au sein de la  \nzone de La Haute Limoug\u00e8re rue Claude Chappe 37 230 Fondettes et repr\u00e9sent\u00e9e par la SAS  \nFONDIS M. Pierre-Charles BOUHIER sise 4, avenue Jean Jaur\u00e8s 37 230 Fondettes. \n(Pr\u00e9sidence : Mme Sandrine JAUMIER secr\u00e9taire g\u00e9n\u00e9rale adjointe)\nPr\u00e9fecture d'Indre et Loire - 37-2025-09-02-00001 - publication RAA date cdac LECLERC \u00e0 Fondettes 4","date":"2025-09-02","first_seen_on":"2025-09-15T21:41:42+00:00","id":"cad4d88289bf67e0c4f2aa83a3f6ab962370761374290d80bf65c98aaeb2fe4f","name":"2025-09-02 RAA sp\u00e9cial CDAC Leclerc Fondettes.pdf","pdf_creation_date":"2025-09-02T09:35:21+00:00","pdf_modification_date":null,"timezone":"Europe/Paris","url":"https://www.indre-et-loire.gouv.fr/contenu/telechargement/46899/324266/file/2025-09-02%20RAA%20sp%C3%A9cial%20CDAC%20Leclerc%20Fondettes.pdf"}
