{"administration":"pref83","administration_name":"Pr\u00e9fecture du Var","content":"VAR\nRECUEIL DES ACTES\nADMINISTRATIFS SP\u00c9CIAL\n(NOMINATIFS)\nN\u00b083-2024-239\nPUBLI\u00c9 LE  5 SEPTEMBRE 2024\nSommaire\nDirection d\u00e9partementale de l'emploi, du travail et des solidarit\u00e9s du Var\n/ Direction de la DDETS\n83-2024-08-27-00013 - 20240827608- DEC-NOU-Entrepreneur individuel\nBEAULE Julien du 27082024 (2 pages) Page 3\n83-2024-08-30-00008 - 20240830611-R\u00e9c\u00e9piss\u00e9 de d\u00e9claration\nLynda ROBLIN du 30082024 (1 page) Page 6\n83-2024-08-30-00009 - 20240830612-R\u00e9c\u00e9piss\u00e9 d\u00e9claration POIX\nDUQUESNOY Tim\u00e9lya 30083024 RAA (2 pages) Page 8\nDirection d\u00e9partementale des territoires et de la mer du Var / Direction et\nr\u00e9f\u00e9rents territoriaux de la DDTM\n83-2024-08-19-00004 - Arr\u00eat\u00e9 pr\u00e9fectoral DDTM-MPCA-2024-03 du 19\nao\u00fbt 2024 portant d\u00e9signation des membres de la formation\nsp\u00e9cialis\u00e9e du comit\u00e9 social d'administration de la DDTM 83 (2\npages) Page 11\nDirection r\u00e9gionale des affaires culturelles de Provence Alpes C\u00f4te d'Azur\n/ Direction de la DRAC PACA\n83-2024-09-03-00011 - ARR\u00caT\u00c9 du 3 septembre 2024\nportant\nsubd\u00e9l\u00e9gation de signature \u00e0 Mme Anna PELLEGRINI, responsable\nde\nl'Unit\u00e9 d\u00e9partementale de l'architecture et du patrimoine\ndu Var (3 pages) Page 14\n2\nDirection d\u00e9partementale de l'emploi, du travail\net des solidarit\u00e9s du Var\n83-2024-08-27-00013\n20240827608- DEC-NOU-Entrepreneur individuel\nBEAULE Julien du 27082024\nDirection d\u00e9partementale de l'emploi, du travail et des solidarit\u00e9s du Var - 83-2024-08-27-00013 - 20240827608-\nDEC-NOU-Entrepreneur individuel BEAULE Julien du 27082024 3\n;EX }\nLibert\u00e9  + \u00c9galit\u00e9  + Fraternit\u00e9\nR\u00c9PUBLIQUE  FRAN\u00c7AISE\nR\u00e9c\u00e9piss\u00e9 de d\u00e9claration\nd'un organisme de services \u00e0 la personne\nenregistr\u00e9 sous le N\u00b0 SAP929232510\nVu le code du travail et notamment les articles L.7231-1 \u00e0 L.7233-2, R.7232-16 \u00e0 R.7232-22, D.7231-1 et\nD.7233-1 \u00e0 D.7233-5 ; \nVu la demande de d\u00e9claration d\u00e9pos\u00e9e par l'organisme Speedyllique, 43 impasse grandval 83000 \nToulon, le 27/08/24  ;\nLe pr\u00e9fet du Var\nConstate : \nQu'une d\u00e9claration d'activit\u00e9s de services \u00e0 la personne a \u00e9t\u00e9 d\u00e9pos\u00e9e aupr\u00e8s du service instructeur\ndu Var, le 27/08/24 par M. beaule julien en qualit\u00e9 de dirigeant(e), pour l'organisme Speedyllique\ndont l'\u00e9tablissement principal est situ\u00e9 43 impasse grandval 83000 Toulon et enregistr\u00e9 sous le N\u00b0\nSAP929232510 pour les activit\u00e9s suivantes :\n  \u2022   Entretien de la maison et travaux m\u00e9nagers (mode d'intervention Mise \u00e0 disposition, Prestataire)\n  \u2022   Petits travaux de jardinage (mode d'intervention Mise \u00e0 disposition, Prestataire)\n  \u2022   Travaux de petit bricolage (mode d'intervention Mise \u00e0 disposition, Prestataire)\n  \u2022   Pr\u00e9paration de repas \u00e0 domicile (mode d'intervention Mise \u00e0 disposition, Prestataire)\n  \u2022   Livraison de repas \u00e0 domicile (mode d'intervention Mise \u00e0 disposition, Prestataire)\n  \u2022   Collecte et livraison \u00e0 domicile de linge repass\u00e9 (mode d'intervention Mise \u00e0 disposition, \nPrestataire)\n  \u2022   Livraison de courses \u00e0 domicile (mode d'intervention Mise \u00e0 disposition, Prestataire)\n  \u2022   Maintenance, entretien et vigilance temporaires \u00e0 domicile (mode d'intervention Mise \u00e0 \ndisposition, Prestataire)\n  \u2022   Assistance informatique \u00e0 domicile (mode d'intervention Mise \u00e0 disposition, Prestataire)\n  \u2022   Assistance administrative \u00e0 domicile (mode d'intervention Mise \u00e0 disposition, Prestataire)\n  \u2022   T\u00e9l\u00e9-assistance et visio-assistance (mode d'intervention Mise \u00e0 disposition, Prestataire)\n  \u2022   Soins et promenade(s) d'animaux pour personnes d\u00e9pendantes (mode d'intervention Mise \u00e0 \ndisposition, Prestataire)\n  \u2022   Conduite du v\u00e9hicule des personnes en cas d'invalidit\u00e9 temporaire (mode d'intervention Mise \u00e0 \ndisposition, Prestataire)\n  \u2022   Accompagnement des personnes pr\u00e9sentant une invalidit\u00e9 temporaire (mode d'intervention Mise\n\u00e0 disposition, Prestataire)\n  \u2022   Assistance aux personnes ayant besoin d'une aide temporaire \u00e0 leur domicile (mode \nd'intervention Mise \u00e0 disposition, Prestataire)\nToute  modification  concernant  les  activit\u00e9s  exerc\u00e9es  devra  faire  l'objet  d'une  d\u00e9claration\nmodificative pr\u00e9alable.\nSous r\u00e9serve d'\u00eatre exerc\u00e9es \u00e0 titre exclusif (ou sous r\u00e9serve d'une comptabilit\u00e9 s\u00e9par\u00e9e pour les\npersonnes  morales  dispens\u00e9es  de  cette  condition),  ces  activit\u00e9s  ouvrent  droit  au  b\u00e9n\u00e9fice  des\ndispositions des articles L. 7233-2 du code du travail et L.241-10 du code de la s\u00e9curit\u00e9 sociale dans\nles conditions pr\u00e9vues par ces articles.\nLes effets de la d\u00e9claration courent \u00e0 compter du jour du d\u00e9p\u00f4t de la d\u00e9claration sous r\u00e9serve des\ndispositions de l'article R.7232-18 du code du travail. Le pr\u00e9sent r\u00e9c\u00e9piss\u00e9 n'est pas limit\u00e9 dans le\ntemps. La d\u00e9claration a une port\u00e9e nationale.\nL'enregistrement de la d\u00e9claration peut \u00eatre retir\u00e9 dans les conditions fix\u00e9es aux articles R.7232-\n20 \u00e0 R.7232-22 du code du travail.\nLe pr\u00e9sent r\u00e9c\u00e9piss\u00e9 sera publi\u00e9 au recueil des actes administratifs de la pr\u00e9fecture.\nLe pr\u00e9sent r\u00e9c\u00e9piss\u00e9 peut, \u00e0 compter de sa notification, faire l'objet d'un recours gracieux aupr\u00e8s\nservice instructeur du Var ou d'un recours hi\u00e9rarchique adress\u00e9 au ministre charg\u00e9 de l'\u00e9conomie -\nDirection g\u00e9n\u00e9rale des entreprises \u2013 sous-direction des services marchands, 61 Boulevard Vincent\nAuriol, 75703 PARIS CEDEX 13.Direction d\u00e9partementale de l'emploi, du travail et des solidarit\u00e9s du Var - 83-2024-08-27-00013 - 20240827608-\nDEC-NOU-Entrepreneur individuel BEAULE Julien du 27082024 4\nIl peut \u00e9galement faire l'objet d'un recours contentieux dans un d\u00e9lai de deux mois \u00e0 compter de sa\nnotification aupr\u00e8s du tribunal administratif de Toulon.\nLe tribunal administratif peut aussi \u00eatre saisi par l'application informatique \u00ab T\u00e9l\u00e9recours citoyen \u00bb\naccessible sur le site internet   http://www.telerecours.fr/\nEn cas de rejet du recours gracieux ou hi\u00e9rarchique ou en l'absence de r\u00e9ponse \u00e0 ce recours (rejet\nimplicite), un recours contentieux devant le tribunal administratif de Toulon peut \u00e9galement \u00eatre\nform\u00e9 contre la d\u00e9cision initiale dans un d\u00e9lai de deux mois \u00e0 compter de ce rejet. \nFait \u00e0 CS 31209 - 83070 TOULON Cedex, le\n27/08/24\nddets du var\nSign\u00e9 par le directeur Arnaud POULYDirection d\u00e9partementale de l'emploi, du travail et des solidarit\u00e9s du Var - 83-2024-08-27-00013 - 20240827608-\nDEC-NOU-Entrepreneur individuel BEAULE Julien du 27082024 5\nDirection d\u00e9partementale de l'emploi, du travail\net des solidarit\u00e9s du Var\n83-2024-08-30-00008\n20240830611-R\u00e9c\u00e9piss\u00e9 de d\u00e9claration Lynda\nROBLIN du 30082024\nDirection d\u00e9partementale de l'emploi, du travail et des solidarit\u00e9s du Var - 83-2024-08-30-00008 - 20240830611-R\u00e9c\u00e9piss\u00e9 de\nd\u00e9claration Lynda ROBLIN du 30082024 6\nPF 4\nLibert\u00e9  + \u00c9galit\u00e9  + Fraternit\u00e9\nR\u00c9PUBLIQUE  FRAN\u00c7AISE\nR\u00e9c\u00e9piss\u00e9 de d\u00e9claration\nd'un organisme de services \u00e0 la personne\nenregistr\u00e9 sous le N\u00b0 SAP932237050\nVu le code du travail et notamment les articles L.7231-1 \u00e0 L.7233-2, R.7232-16 \u00e0 R.7232-22, D.7231-1 et\nD.7233-1 \u00e0 D.7233-5 ; \nVu la demande de d\u00e9claration d\u00e9pos\u00e9e par l'organisme , 122 Clos des Ambus 83440 MONS, le \n30/08/24 ;\nLe pr\u00e9fet du Var\nConstate : \nQu'une d\u00e9claration d'activit\u00e9s de services \u00e0 la personne a \u00e9t\u00e9 d\u00e9pos\u00e9e aupr\u00e8s du service instructeur\ndu Var, le 30/08/24 par Mme. ROBLIN LYNDA en qualit\u00e9 de dirigeant(e), pour l'organisme  dont\nl'\u00e9tablissement  principal  est  situ\u00e9  122  Clos  des  Ambus  83440  MONS  et  enregistr\u00e9  sous  le  N\u00b0\nSAP932237050 pour les activit\u00e9s suivantes :\n  \u2022   Entretien de la maison et travaux m\u00e9nagers (mode d'intervention Prestataire)\nToute  modification  concernant  les  activit\u00e9s  exerc\u00e9es  devra  faire  l'objet  d'une  d\u00e9claration\nmodificative pr\u00e9alable.\nSous r\u00e9serve d'\u00eatre exerc\u00e9es \u00e0 titre exclusif (ou sous r\u00e9serve d'une comptabilit\u00e9 s\u00e9par\u00e9e pour les\npersonnes  morales  dispens\u00e9es  de  cette  condition),  ces  activit\u00e9s  ouvrent  droit  au  b\u00e9n\u00e9fice  des\ndispositions des articles L. 7233-2 du code du travail et L.241-10 du code de la s\u00e9curit\u00e9 sociale dans\nles conditions pr\u00e9vues par ces articles.\nLes effets de la d\u00e9claration courent \u00e0 compter du jour du d\u00e9p\u00f4t de la d\u00e9claration sous r\u00e9serve des\ndispositions de l'article R.7232-18 du code du travail. Le pr\u00e9sent r\u00e9c\u00e9piss\u00e9 n'est pas limit\u00e9 dans le\ntemps. La d\u00e9claration a une port\u00e9e nationale.\nL'enregistrement de la d\u00e9claration peut \u00eatre retir\u00e9 dans les conditions fix\u00e9es aux articles R.7232-\n20 \u00e0 R.7232-22 du code du travail.\nLe pr\u00e9sent r\u00e9c\u00e9piss\u00e9 sera publi\u00e9 au recueil des actes administratifs de la pr\u00e9fecture.\nLe pr\u00e9sent r\u00e9c\u00e9piss\u00e9 peut, \u00e0 compter de sa notification, faire l'objet d'un recours gracieux aupr\u00e8s\nservice instructeur du Var ou d'un recours hi\u00e9rarchique adress\u00e9 au ministre charg\u00e9 de l'\u00e9conomie -\nDirection g\u00e9n\u00e9rale des entreprises \u2013 sous-direction des services marchands, 61 Boulevard Vincent\nAuriol, 75703 PARIS CEDEX 13.\nIl peut \u00e9galement faire l'objet d'un recours contentieux dans un d\u00e9lai de deux mois \u00e0 compter de sa\nnotification aupr\u00e8s du tribunal administratif de Toulon.\nLe tribunal administratif peut aussi \u00eatre saisi par l'application informatique \u00ab T\u00e9l\u00e9recours citoyen \u00bb\naccessible sur le site internet   http://www.telerecours.fr/\nEn cas de rejet du recours gracieux ou hi\u00e9rarchique ou en l'absence de r\u00e9ponse \u00e0 ce recours (rejet\nimplicite), un recours contentieux devant le tribunal administratif de Toulon peut \u00e9galement \u00eatre\nform\u00e9 contre la d\u00e9cision initiale dans un d\u00e9lai de deux mois \u00e0 compter de ce rejet. \nFait \u00e0 CS 31209 - 83070 TOULON Cedex, le\n30/08/24\nddets du var\nSign\u00e9 par le Directeur Arnaud POULYDirection d\u00e9partementale de l'emploi, du travail et des solidarit\u00e9s du Var - 83-2024-08-30-00008 - 20240830611-R\u00e9c\u00e9piss\u00e9 de\nd\u00e9claration Lynda ROBLIN du 30082024 7\nDirection d\u00e9partementale de l'emploi, du travail\net des solidarit\u00e9s du Var\n83-2024-08-30-00009\n20240830612-R\u00e9c\u00e9piss\u00e9 d\u00e9claration POIX\nDUQUESNOY Tim\u00e9lya 30083024 RAA\nDirection d\u00e9partementale de l'emploi, du travail et des solidarit\u00e9s du Var - 83-2024-08-30-00009 - 20240830612-R\u00e9c\u00e9piss\u00e9 d\u00e9claration\nPOIX DUQUESNOY Tim\u00e9lya 30083024 RAA 8\nPF 4\nLibert\u00e9  + \u00c9galit\u00e9  + Fraternit\u00e9\nR\u00c9PUBLIQUE  FRAN\u00c7AISE\nR\u00e9c\u00e9piss\u00e9 de d\u00e9claration\nd'un organisme de services \u00e0 la personne\nenregistr\u00e9 sous le N\u00b0 SAP932072846\nVu le code du travail et notamment les articles L.7231-1 \u00e0 L.7233-2, R.7232-16 \u00e0 R.7232-22, D.7231-1 et\nD.7233-1 \u00e0 D.7233-5 ; \nVu la demande de d\u00e9claration d\u00e9pos\u00e9e par l'organisme Ltr propret\u00e9, bat b Parc Alexandre Bertrand \n83390 Pierrefeu, le 30/08/24, avec une date d'ouverture de l'entreprise dont le num\u00e9ro de SIREN est \nle 932072846 fix\u00e9e au 13/09/2024  ;\nLe pr\u00e9fet du Var\nConstate : \nQu'une d\u00e9claration d'activit\u00e9s de services \u00e0 la personne a \u00e9t\u00e9 d\u00e9pos\u00e9e aupr\u00e8s du service instructeur\ndu Var, le 30/08/24 par Mme. Poix Duquesnoy Tymelia en qualit\u00e9 de dirigeant(e), pour l'organisme Ltr\npropret\u00e9 dont l'\u00e9tablissement principal est situ\u00e9 bat b Parc Alexandre Bertrand 83390 Pierrefeu et\nenregistr\u00e9 sous le N\u00b0 SAP932072846 pour les activit\u00e9s suivantes :\n  \u2022   Entretien de la maison et travaux m\u00e9nagers (mode d'intervention Prestataire)\nToute  modification  concernant  les  activit\u00e9s  exerc\u00e9es  devra  faire  l'objet  d'une  d\u00e9claration\nmodificative pr\u00e9alable.\nSous r\u00e9serve d'\u00eatre exerc\u00e9es \u00e0 titre exclusif (ou sous r\u00e9serve d'une comptabilit\u00e9 s\u00e9par\u00e9e pour les\npersonnes  morales  dispens\u00e9es  de  cette  condition),  ces  activit\u00e9s  ouvrent  droit  au  b\u00e9n\u00e9fice  des\ndispositions des articles L. 7233-2 du code du travail et L.241-10 du code de la s\u00e9curit\u00e9 sociale dans\nles conditions pr\u00e9vues par ces articles.\nLes effets de la d\u00e9claration courent \u00e0 compter du jour du  d\u00e9p\u00f4t de la d\u00e9claration sous r\u00e9serve des\ndispositions de l'article R.7232-18 du code du travail.  Dans les faits, l'entreprise dont le num\u00e9ro\nSIREN est le 932072846 n'aura un d\u00e9but d'activit\u00e9 de l'entreprise qu'\u00e0 partir du 13/09/2024 aupr\u00e8s\nde l'INSEE. De ce fait, les effets de la d\u00e9claration ne pourront intervenir avant le 13/09/2024, date\nd'ouverture  juridique  de  l'entreprise.  Le  pr\u00e9sent  r\u00e9c\u00e9piss\u00e9  n'est  pas  limit\u00e9  dans  le  temps.  La\nd\u00e9claration a une port\u00e9e nationale.\nL'enregistrement de la d\u00e9claration peut \u00eatre retir\u00e9 dans les conditions fix\u00e9es aux articles R.7232-\n20 \u00e0 R.7232-22 du code du travail.\nLe pr\u00e9sent r\u00e9c\u00e9piss\u00e9 sera publi\u00e9 au recueil des actes administratifs de la pr\u00e9fecture.\nLe pr\u00e9sent r\u00e9c\u00e9piss\u00e9 peut, \u00e0 compter de sa notification, faire l'objet d'un recours gracieux aupr\u00e8s\nservice instructeur du Var ou d'un recours hi\u00e9rarchique adress\u00e9 au ministre charg\u00e9 de l'\u00e9conomie -\nDirection g\u00e9n\u00e9rale des entreprises \u2013 sous-direction des services marchands, 61 Boulevard Vincent\nAuriol, 75703 PARIS CEDEX 13.\nIl peut \u00e9galement faire l'objet d'un recours contentieux dans un d\u00e9lai de deux mois \u00e0 compter de sa\nnotification aupr\u00e8s du tribunal administratif de Toulon.\nLe tribunal administratif peut aussi \u00eatre saisi par l'application informatique \u00ab T\u00e9l\u00e9recours citoyen \u00bb\naccessible sur le site internet   http://www.telerecours.fr/\nEn cas de rejet du recours gracieux ou hi\u00e9rarchique ou en l'absence de r\u00e9ponse \u00e0 ce recours (rejet\nimplicite), un recours contentieux devant le tribunal administratif de Toulon peut \u00e9galement \u00eatre\nform\u00e9 contre la d\u00e9cision initiale dans un d\u00e9lai de deux mois \u00e0 compter de ce rejet. \nFait \u00e0 CS 31209 - 83070 TOULON Cedex, le\n30/08/24\nddets du var\nPour le pr\u00e9fet et par d\u00e9l\u00e9gation,\nprefet du var\nSign\u00e9 par le Directeur Arnaud POULYDirection d\u00e9partementale de l'emploi, du travail et des solidarit\u00e9s du Var - 83-2024-08-30-00009 - 20240830612-R\u00e9c\u00e9piss\u00e9 d\u00e9claration\nPOIX DUQUESNOY Tim\u00e9lya 30083024 RAA 9\n Direction d\u00e9partementale de l'emploi, du travail et des solidarit\u00e9s du Var - 83-2024-08-30-00009 - 20240830612-R\u00e9c\u00e9piss\u00e9 d\u00e9claration\nPOIX DUQUESNOY Tim\u00e9lya 30083024 RAA 10\nDirection d\u00e9partementale des territoires et de la\nmer du Var\n83-2024-08-19-00004\nArr\u00eat\u00e9 pr\u00e9fectoral DDTM-MPCA-2024-03 du 19\nao\u00fbt 2024 portant d\u00e9signation des membres de\nla formation sp\u00e9cialis\u00e9e du comit\u00e9 social\nd'administration de la DDTM 83\nDirection d\u00e9partementale des territoires et de la mer du Var - 83-2024-08-19-00004 - Arr\u00eat\u00e9 pr\u00e9fectoral DDTM-MPCA-2024-03 du 19\nao\u00fbt 2024 portant d\u00e9signation des membres de la formation sp\u00e9cialis\u00e9e du comit\u00e9 social d'administration de la DDTM 83 11\n=m\nPREFET\nDU  VAR\nLibert\u00e9\nEgalit\u00e9\nFraternit\u00e9\nDirection d\u00e9partementale\ndes territoires et de la mer du Var\nARR\u00caT\u00c9 PR\u00c9FECTORAL n\u00b0 DDTM/MPCA/ 2024-03 DU 19 AO\u00dbT 2024\nPortant d\u00e9signation des membres de la formation sp\u00e9cialis\u00e9e du comit\u00e9 social  \nd'administration de la DDTM 83\nLe directeur de la direction d\u00e9partementale des territoires et de la mer du Var,\nVule code g\u00e9n\u00e9ral de la fonction publique ;\nVule  d\u00e9cret  n\u00b0  2009-1484  du  3  d\u00e9cembre  2009  relatif  aux  directions  d\u00e9partementales  \ninterminist\u00e9rielles  ;\nVule d\u00e9cret n\u00b0 2020-1427 du 20 novembre 2020 relatif aux comit\u00e9s sociaux d'administration  \ndans les administrations et les \u00e9tablissements publics de l'\u00c9tat;\nVul'arr\u00eat\u00e9  du  3  juin  2022  instituant  des  comit\u00e9s  sociaux  d'administration  au  sein  du  \nminist\u00e8re de l'int\u00e9rieur et des outre-mer  ; \nVul'arr\u00eat\u00e9 du 6 octobre 2022 relatif aux modalit\u00e9s d'organisation du vote \u00e9lectronique par  \ninternet  pour  l'\u00e9lection  des  repr\u00e9sentants  du  personnel  au  sein  des  instances  de  \nrepr\u00e9sentation du minist\u00e8re de l'int\u00e9rieur et des outre-mer  ;\nVul'arr\u00eat\u00e9 NOR TFPX2234445A du 30 novembre 2022 modifiant l'arr\u00eat\u00e9 du 9 mars 2022  \nportant  d\u00e9rogation  \u00e0  l'utilisation  du  vote  \u00e9lectronique  en  vue  du  prochain  \nrenouvellement g\u00e9n\u00e9ral des instances de dialogue social dans la fonction publique de  \nl'\u00c9tat ;\nVul'arr\u00eat\u00e9 n\u00b0 DDTM/MPCA/2023-06 du 29 novembre 2023 portant d\u00e9signation des membres  \ndu comit\u00e9 social d'administration du CSA DDTM 83  ;\nVules d\u00e9signations communiqu\u00e9es par les organisations syndicales pour la composition de la  \nformation sp\u00e9cialis\u00e9e  ;\nVule courriel de la  CFDT d\u00e9signant de nouveaux repr\u00e9sentants du 15 juillet 2024 ,\n1/2\nDirection d\u00e9partementale des territoires et de la mer du Var - 83-2024-08-19-00004 - Arr\u00eat\u00e9 pr\u00e9fectoral DDTM-MPCA-2024-03 du 19\nao\u00fbt 2024 portant d\u00e9signation des membres de la formation sp\u00e9cialis\u00e9e du comit\u00e9 social d'administration de la DDTM 83 12\nARR\u00caTE\nARTICLE 1  er    : l'arr\u00eat\u00e9 n\u00b0 DDTM/MPCA/2023-07 du 29 novembre 2023 portant d\u00e9signation des  \nmembres de la formation sp\u00e9cialis\u00e9e du comit\u00e9 social d'administration de la DDTM du Var,  \nest abrog\u00e9.\nARTICLE 2     : Sont d\u00e9sign\u00e9s en qualit\u00e9 de repr\u00e9sentants du personnel au sein de la formation  \nsp\u00e9cialis\u00e9e en mati\u00e8re de sant\u00e9, de s\u00e9curit\u00e9 et de conditions de travail du comit\u00e9 social  \nd'administration minist\u00e9riel unique  :\nMembres titulaires Membres suppl\u00e9ants\nAu titre de FO\nVIRGIL H\u00e9l\u00e8ne STEPHANOPOLI Jean-No\u00ebl\nBORGHINI Estelle TUREK Laurent\nAu titre de UFSE-CGT\nGRASSELLI Patrick BANCEL Val\u00e9rie\nDRUMEAUX C\u00e9dric ALBERT Yo\u00ebl\nAu titre de UNSA\nNECAS B\u00e9atrice MILIANI Annick\nAu titre de CFDT\nJ\u00e9r\u00f4me LE BRUN MALET S\u00e9bastien\nARTICLE 3     : Le mandat des membres de la formation sp\u00e9cialis\u00e9e susvis\u00e9e entrent en vigueur \u00e0  \ncompter de la parution du pr\u00e9sent arr\u00eat\u00e9 au recueil des actes administratifs de la pr\u00e9fecture  \ndu Var.\nARTICLE 4     : Le directeur de la direction d\u00e9partementale des territoires et de la mer du Var est  \ncharg\u00e9 de l'ex\u00e9cution du pr\u00e9sent arr\u00eat\u00e9.\nFait le 19 ao\u00fbt 2024,\nsign\u00e9\nLe directeur d\u00e9partemental des territoires \net de la mer du Var\nLaurent BOULET\n2/2Direction d\u00e9partementale des territoires et de la mer du Var - 83-2024-08-19-00004 - Arr\u00eat\u00e9 pr\u00e9fectoral DDTM-MPCA-2024-03 du 19\nao\u00fbt 2024 portant d\u00e9signation des membres de la formation sp\u00e9cialis\u00e9e du comit\u00e9 social d'administration de la DDTM 83 13\nDirection r\u00e9gionale des affaires culturelles de\nProvence Alpes C\u00f4te d'Azur\n83-2024-09-03-00011\nARR\u00caT\u00c9 du 3 septembre 2024\nportant subd\u00e9l\u00e9gation de signature \u00e0 Mme Anna\nPELLEGRINI, responsable de\nl'Unit\u00e9 d\u00e9partementale de l'architecture et du\npatrimoine du Var\nDirection r\u00e9gionale des affaires culturelles de Provence Alpes C\u00f4te d'Azur - 83-2024-09-03-00011 - ARR\u00caT\u00c9 du 3 septembre 2024\nportant subd\u00e9l\u00e9gation de signature \u00e0 Mme Anna PELLEGRINI, responsable de\nl'Unit\u00e9 d\u00e9partementale de l'architecture et du patrimoine du Var14\nPREFET\nDE LA REGION\nPROVENCE-  ALPES-\nCOTE  D'AZUR\nLibert\u00e9\nEgalit\u00e9\nFraternit\u00e9\n                                                                 Direction r\u00e9gionale\n                                                          des affaires culturelles\nLe directeur r\u00e9gional par int\u00e9rim\nARR\u00caT\u00c9 du 3 septembre 2024\nportant subd\u00e9l\u00e9gation de signature \u00e0 Mme Anna PELLEGRINI, responsable de \nl'Unit\u00e9 d\u00e9partementale de l'architecture et du patrimoine du Var\nVU le Code de l'urbanisme  ; \nVU le Code du patrimoine  ; \nVU le Code de l'environnement  ; \nVU le d\u00e9cret n\u00b0 2004-374 du 29 avril 2004 modifi\u00e9 relatif aux pouvoirs des pr\u00e9fets, \u00e0\nl'organisation et \u00e0 l'action des services de l'Etat dans les r\u00e9gions et d\u00e9partements  ;\nVU le d\u00e9cret n\u00b0 2010-633 du 8 juin 2010 relatif \u00e0 l'organisation et aux missions des\ndirections r\u00e9gionales des affaires culturelles  ; \nVU le d\u00e9cret du Pr\u00e9sident de la R\u00e9publique du 13 juillet 2023 portant nomination de\nM. Philipe MAHE, pr\u00e9fet du Var  ; \nVU l'arr\u00eat\u00e9 pr\u00e9fectoral n\u00b0 2024/33/MCI du 3 septembre 2024 donnant d\u00e9l\u00e9gation de\nsignature \u00e0 M. Louis BURLE, directeur r\u00e9gional des affaires culturelles  ;\nVU l'arr\u00eat\u00e9 n\u00b0 MCC 000011901914 du 21 mars 2024 portant changement d'affectation\nde  Mme  Anna  PELLEGRINI,  architecte  et  urbaniste  de  l'Etat,  cheffe  de  l'Unit\u00e9\nD\u00e9partementale de l'Architecture et du Patrimoine du Var  ; \nVu la d\u00e9cision de la ministre de la Culture en date du 28 ao\u00fbt 2024 chargeant\nMonsieur Louis BURLE, conservateur en chef des biblioth\u00e8ques, directeur r\u00e9gional\nadjoint des affaires culturelles de Provence-Alpes-C\u00f4te d'Azur, d'exercer par int\u00e9rim\nles fonctions de directeur r\u00e9gional des affaires culturelles de Provence-Alpes-C\u00f4te\nd'Azur \u00e0 compter du 1er septembre 2024  ;\nDRAC PACA- 23 bd du Roi Ren\u00e9 \u2013 13617 Aix-en-Provence cedex 1 \nT\u00e9l\u00e9phone : 04.42.16.19.00\nwww.culture.gouv.fr/Regions/Drac-Provence-Alpes-C\u00f4te-d-Azur\nDirection r\u00e9gionale des affaires culturelles de Provence Alpes C\u00f4te d'Azur - 83-2024-09-03-00011 - ARR\u00caT\u00c9 du 3 septembre 2024\nportant subd\u00e9l\u00e9gation de signature \u00e0 Mme Anna PELLEGRINI, responsable de\nl'Unit\u00e9 d\u00e9partementale de l'architecture et du patrimoine du Var15\nARRETE\nARTICLE  1 :  Subd\u00e9l\u00e9gation  de  signature  est  donn\u00e9e  \u00e0  Mme  Anna  PELLEGRINI,\narchitecte urbaniste de l'Etat, architecte des b\u00e2timents de France, responsable de\nl'Unit\u00e9 d\u00e9partementale de l'architecture et du patrimoine du Var, \u00e0 l'effet de signer,\ndans le cadre de ses attributions et comp\u00e9tences les actes et d\u00e9cisions suivants  : \n1\u2013 Abords de monuments historiques  \n-D\u00e9cision d'autorisation ou refus de travaux sur les immeubles situ\u00e9s dans le\nchamp de visibilit\u00e9 d'un immeuble monument historique class\u00e9 ou inscrit\nnon  soumis  \u00e0  formalit\u00e9  au  titre  du  code  de  l'urbanisme  ou  du  code  de\nl'environnement  (art.  L  621-32  du  code  du  patrimoine,  art.  R  621-96  et\nsuivants du code du patrimoine et art. R 422-2 du code de l'urbanisme)  ;\n2 - Sites patrimoniaux remarquables \u2013 Sites class\u00e9s et inscrits\n-Autorisation sp\u00e9ciale d\u00e9livr\u00e9e pour les travaux ex\u00e9cut\u00e9s en site patrimonial\nremarquable non soumis \u00e0 formalit\u00e9 au titre du code de l'urbanisme (art. L\n632-1 et D. 632-1 du code du patrimoine)  ; \n-\n-Avis pr\u00e9alable sur demande de travaux en site inscrit hors permis de d\u00e9molir\n(art. L. 341-1 et R. 341-9 du code de l'environnement, art. R. 422-2 et R. 425-30\ndu code de l'urbanisme)  ;\n-\n-D\u00e9cision  d'autorisation  ou  de  refus  de  travaux  en  site  class\u00e9,  champ\nd\u00e9concentr\u00e9 (art L. 341-7, L. 341-10, R. 341-11 du code de l'environnement, art.\nR 425-17 du code de l'urbanisme)  ; \nARTICLE 2 : En cas d'emp\u00eachement de Mme Anna PELLEGRINI, subd\u00e9l\u00e9gation de\nsignature est attribu\u00e9e dans le cadre de leurs attributions et comp\u00e9tences \u00e0 Mmes\nSandra JOIGNEAU et Odile REBOUL, architectes et urbanistes de l'Etat, adjointes \u00e0 la\ncheffe de l'Unit\u00e9 d\u00e9partementale de l'architecture et du patrimoine du Var.\nARTICLE 3\u00a0: Sont exclus de la pr\u00e9sente d\u00e9l\u00e9gation  :\n1  \u2013  les  conventions  de  tous  ordres  avec  des  collectivit\u00e9s  territoriales  ou  des\n\u00e9tablissements publics engageant financi\u00e8rement l'Etat,\n2 \u2013 les instructions ou circulaires adress\u00e9es aux collectivit\u00e9s territoriales,\n3 \u2013 les lettres d'observations valant recours gracieux dans le cadre du contr\u00f4le de\nl\u00e9galit\u00e9,\n4 - les courriers adress\u00e9s aux ministres et aux parlementaires.\nARTICLE 4\u00a0: Toutes dispositions ant\u00e9rieures contraires \u00e0 celles du pr\u00e9sent arr\u00eat\u00e9, qui\nentrera  en  vigueur  \u00e0  compter  du  jour  de  sa  publication  au  recueil  des  actes\nadministratifs, sont abrog\u00e9es.\nDRAC PACA- 23 bd du Roi Ren\u00e9 \u2013 13617 Aix-en-Provence cedex 1 \nT\u00e9l\u00e9phone : 04.42.16.19.00\nwww.culture.gouv.fr/Regions/Drac-Provence-Alpes-C\u00f4te-d-AzurDirection r\u00e9gionale des affaires culturelles de Provence Alpes C\u00f4te d'Azur - 83-2024-09-03-00011 - ARR\u00caT\u00c9 du 3 septembre 2024\nportant subd\u00e9l\u00e9gation de signature \u00e0 Mme Anna PELLEGRINI, responsable de\nl'Unit\u00e9 d\u00e9partementale de l'architecture et du patrimoine du Var16\nARTICLE 5\u00a0: La secr\u00e9taire g\u00e9n\u00e9rale de la DRAC est charg\u00e9e de l'ex\u00e9cution du pr\u00e9sent\narr\u00eat\u00e9 qui sera publi\u00e9 au recueil des actes administratifs de la pr\u00e9fecture du Var.\nFait \u00e0 Aix-en-Provence, le 3 septembre 2024\nLe Directeur r\u00e9gional des affaires culturelles par\nint\u00e9rim,\nSign\u00e9\nLouis BURLE\nDRAC PACA- 23 bd du Roi Ren\u00e9 \u2013 13617 Aix-en-Provence cedex 1 \nT\u00e9l\u00e9phone : 04.42.16.19.00\nwww.culture.gouv.fr/Regions/Drac-Provence-Alpes-C\u00f4te-d-AzurDirection r\u00e9gionale des affaires culturelles de Provence Alpes C\u00f4te d'Azur - 83-2024-09-03-00011 - ARR\u00caT\u00c9 du 3 septembre 2024\nportant subd\u00e9l\u00e9gation de signature \u00e0 Mme Anna PELLEGRINI, responsable de\nl'Unit\u00e9 d\u00e9partementale de l'architecture et du patrimoine du Var17","date":"2024-09-05","first_seen_on":"2024-09-05T15:13:39+00:00","id":"cafbccbfa7c5b61ff0920f9d4884c5114fa2fdb8d332466473c15e4ae18ea135","name":"RAA N\u00b0239 du 5 septembre 2024","pdf_creation_date":"2024-09-05T13:46:30+00:00","pdf_modification_date":null,"timezone":"Europe/Paris","url":"https://www.var.gouv.fr/contenu/telechargement/36114/239400/file/RAA%20N%C2%B0239%20du%205%20septembre%202024%20-%20Actes%20nominatifs.pdf"}
