{"administration":"pref80","administration_name":"Pr\u00e9fecture de la Somme","content":"PR\u00c9FET\nDE LA SOMME\nRECUEIL DES ACTES\nADMINISTRATIFS SP\u00c9CIAL\n(NOMINATIFS)\nN\u00b02025-237\nPUBLI\u00c9 LE  3 D\u00c9CEMBRE 2025\nSommaire\nCentre Hospitalier d'Amiens /\n80-2025-11-12-00006 - D\u00e9cision n\u00b0685-25 - Composition du Directoire\nCHUAP (3 pages) Page 3\nDirection D\u00e9partementale de la Protection des Populations /\n80-2025-11-24-00003 - Arr\u00eat\u00e9 pr\u00e9fectoral attribuant l'habilitation\nsanitaire \u00e0 Madame GHAZALI Sara (2 pages) Page 7\nDirection d\u00e9partementale de l'emploi, du travail et des solidarit\u00e9s de\nla Somme (DDETS Somme) /\n80-2025-11-25-00006 - Arr\u00eat\u00e9 portant nomination au sein du CLPE de\nl'arrondissement d'Abbeville (6 pages) Page 10\n80-2025-11-25-00007 - Arr\u00eat\u00e9 portant nomination au sein du CLPE de\nl'arrondissement de PERONNE (6 pages) Page 17\n80-2025-12-01-00004 - R\u00e9c\u00e9piss\u00e9 de d\u00e9claration d'un organisme de\nservice \u00e0 la personne -  Betty JOYE - PRESSING SERVICE (2 pages) Page 24\n80-2025-12-02-00002 - R\u00e9c\u00e9piss\u00e9 de d\u00e9claration d'un organisme de\nservice \u00e0 la personne - Tom BOUCRELLE (2 pages) Page 27\n80-2025-12-02-00003 - R\u00e9c\u00e9piss\u00e9 modificatif de d\u00e9claration  d'un\norganisme de service \u00e0 la personne -  LEMOINE \u00c9dith  - LOUIS (2 pages) Page 30\nPr\u00e9fecture de la Somme - Cabinet / Cabinet\n80-2025-12-03-00001 - Arr\u00eat\u00e9 modificatif \u00e0 l'arr\u00eat\u00e9 n\u00b02025/759\ndu 12 novembre 2025 portant autorisation de surveillance sur la voie\npublique\nsur le territoire de la commune d'Amiens\ndu 15 novembre\n2025 au 4 janvier 2026 (3 pages) Page 33\nPr\u00e9fecture de la Somme - Direction de la Citoyennet\u00e9 et de la\nL\u00e9galit\u00e9 / Direction de la Citoyennet\u00e9 et de la L\u00e9galit\u00e9\n80-2025-12-01-00001 - Arr\u00eat\u00e9 portant renouvellement de l'habilitation\nfun\u00e9raire de l'\u00e9tablissement secondaire de la SARL Les Pompes\nFun\u00e8bres Campion, sis 7 rue de Molliens \u00e0 Hornoy le Bourg (80640) (2\npages) Page 37\n80-2025-12-01-00002 - Arr\u00eat\u00e9 portant renouvellement de l'habilitation\nfun\u00e9raire de l'\u00e9tablissement secondaire de la SARL Les Pompes\nFun\u00e8bres Campion, sis 7 rue du Viaduc , ZAC Le Cardonnoy \u00e0 Gauville\n(80290)  (2 pages) Page 40\n80-2025-12-02-00001 - Arr\u00eat\u00e9 portant renouvellement de l'habilitation\nfun\u00e9raire de la SARL Embaumeur de la Somme sise 27 rue Maillefeu \u00e0\nMAREUIL-CAUBERT (80132) (2 pages) Page 43\nSIDPC pr\u00e9fecture de la Somme /\n80-2025-12-01-00003 - Arr\u00eat\u00e9 certification FPSC 28112025 (2 pages) Page 46\n2\nCentre Hospitalier d'Amiens\n80-2025-11-12-00006\nD\u00e9cision n\u00b0685-25 - Composition du Directoire\nCHUAP\nCentre Hospitalier d'Amiens - 80-2025-11-12-00006 - D\u00e9cision n\u00b0685-25 - Composition du Directoire CHUAP 3\nGroupe Hospitalier de TerritoireSomme Littoral SudCHUAMIENSPICARDIELe Directeur G\u00e9n\u00e9ralDirection G\u00e9n\u00e9raleCHU Amiens-Picardie1 rond-point du Professeur Christian Cabrol80054 Amiens cedex 1T\u00e9l : 03 22 08 80 10Mail : dg.secretariat@chu-amiens.fr\nD\u00c9CISION N\u00b0685/25Composition du Directoire du CHU Amiens-Picardie\nLE DIRECTEUR GENERAL,CHEVALIER DE LA LEGION D'HONNEUR,Vu le Code de la sant\u00e9 publique, notamment ses articles L. 6143-7 et suivants, et D. 6143-33 et suivants ;Vu la Loi n\u00b0 2021-502 du 26 avril 2021 visant \u00e0 am\u00e9liorer le syst\u00e8me de sant\u00e9 par la confiance et lasimplification ;Vu le D\u00e9cret du Pr\u00e9sident de la R\u00e9publique en date du 21 ao\u00fbt 2023 nommant M. Didier RENAUT enqualit\u00e9 de Directeur G\u00e9n\u00e9ral du CHU Amiens-Picardie \u00e0 compter du 06 septembre 2023 ;Vu la D\u00e9cision n\u00b070/24 portant composition du Directoire ;Vu la D\u00e9cision n\u00b099/24 portant actualisation de la composition du Directoire ;Vu la D\u00e9cision n\u00b0668/25 portant actualisation de la composition du Directoire ;Vu la r\u00e8glementation relative \u00e0 la dur\u00e9e du mandat des Membres de la Commission M\u00e9dicaled'Etablissement (CME) ;Consid\u00e9rant l'\u00e9lection de M. le Professeur Richard GOURON en qualit\u00e9 de Pr\u00e9sident de la CommissionM\u00e9dicale d'Etablissement (CME), le 3 novembre 2025 :Consid\u00e9rant le renouvellement du mandat de Mme le Docteur Christine DESENCLOS en qualit\u00e9 deVice-Pr\u00e9sente de la Commission M\u00e9dicale d'Etablissement (CME), le 3 novembre 2025 ;Vu la Note de Service n\u00b097-25 du 6 novembre 2025 relative \u00e0 l'actualisation de l'Organigramme g\u00e9n\u00e9raldu CHUAP, comportant notamment la nomination de M. Patrick MICHEL en qualit\u00e9 de Directeur D\u00e9l\u00e9gu\u00e9\nEtant rappel\u00e9 les points suivants :- par D\u00e9cision n\u00b070/24 du 15 mars 2024, les Membres du Directoire ont \u00e9t\u00e9 nomm\u00e9s pour unedur\u00e9e de quatre ans, soit jusqu'au 14 mars 2028- lorsqu'un Membre, ou Membre associ\u00e9 du Directoire, est nomm\u00e9 en remplacement d'un Membresortant, la dur\u00e9e de sa d\u00e9signation est r\u00e9duite pour prendre fin \u00e0 cette m\u00eame date- le mandat d'un Membre ou d'un Membre associ\u00e9 du Directoire prend fin soit lorsque son titulairequitte l'\u00e9tablissement, soit lorsqu'il cesse d'exercer les fonctions au titre desquelles il en \u00e9taitMembre, soit lorsque ce mandat lui est retir\u00e9 par le Directeur G\u00e9n\u00e9ral\nComposition Directoire CHU Amiens-Picardie - D\u00e9cision 685/25\nCentre Hospitalier d'Amiens - 80-2025-11-12-00006 - D\u00e9cision n\u00b0685-25 - Composition du Directoire CHUAP 4\nDECIDE :\nArticle 1La composition actualis\u00e9e du Directoire est la suivante :Membres nomm\u00e9s du Directoire :- M. Didier RENAUT, Directeur G\u00e9n\u00e9ral, Pr\u00e9sident- M.leProfesseur Richard GOURON, Pr\u00e9sident de la Commission M\u00e9dicale d'\u00c9tablissement, 1\u00b0\"Vice-pr\u00e9sident- WM. le Professeur Eric HAVET, Directeur de l'Unit\u00e9 de Formation et de Recherche de M\u00e9decine- Universit\u00e9 de Picardie Jules Verne, Vice-Pr\u00e9sident Doyen- Mme le Professeur Claire ANDREJAK, PU-PH Pneumologue, Coordonnatrice de la FHURespire, Vice-Pr\u00e9sidente Recherche- Mme Th\u00e9r\u00e9se ROMA, Coordinatrice G\u00e9n\u00e9rale des Soins, Pr\u00e9sidente de la Commission desSoins Infirmiers, M\u00e9dicotechniques et de R\u00e9\u00e9ducation- Mme le Docteur Christine DESENCLOS, Vice-Pr\u00e9sidente de la CME- Mmele Professeur Sandrine CASTELAIN, Cheffe du P\u00f4le \u00ab Biologie et Pharmacie \u00bb- M. le Professeur Daniel A\u00efham GHAZALI, Responsable du Service d'Accueil des UrgencesPolyvalentes Adultes (SAUPA) et Adjoint au Chef de P\u00f4le \u00ab M\u00e9decine d'Urgence, M\u00e9decinel\u00e9gale et Sociale \u00bb- Mme Anne LANGELLIER, Directrice G\u00e9n\u00e9rale Adjointe- M. Patrick MICHEL, Directeur D\u00e9l\u00e9gu\u00e9- Mme Anne HAVET, Cadre Sup\u00e9rieure de Sant\u00e9 du P\u00f4le \u00ab Autonomie \u00bb\nArticle 2Membres associ\u00e9s, invit\u00e9s permanents :- Mme le Professeur Sylvie TESTELIN, Co-Cheffe du P\u00e9le \u00ab Bloc Op\u00e9ratoire Anesth\u00e9sieR\u00e9animation et M\u00e9decine P\u00e9ri-Op\u00e9ratoire \u00bb (OPERAM)- Mme le Professeur Rachel DESAILLOUD, Chef du service Endocrinologie, Maladiesm\u00e9taboliques et Nutrition- M. le Professeur Osama ABOU ARAB, Adjoint aux Co-Chefs du P\u00f4le \u00ab Bloc Op\u00e9ratoireAnesth\u00e9sie R\u00e9animation et M\u00e9decine P\u00e9ri-Op\u00e9ratoire \u00bb (OPERAM)- M. le Docteur St\u00e9phane DUPAS, Praticien Hospitalier en M\u00e9decine Vasculaire, Vice-Presidentde la Commission de l'Organisation de la Permanence des Soins (COPS)\nArticle3Le Pr\u00e9sident du Directoire pourra inviter aux s\u00e9ances toute personne int\u00e9ress\u00e9e par l'un des pointsinscrits \u00e0 l'ordre du jour.\n\u00ab7.Composition Directoire CHU Amiens-Picardie - D\u00e9cision 685/25\nCentre Hospitalier d'Amiens - 80-2025-11-12-00006 - D\u00e9cision n\u00b0685-25 - Composition du Directoire CHUAP 5\nArticle 4La pr\u00e9sente D\u00e9cision est publi\u00e9e par voie d'affichage et sur le site intranet du CHU Amiens-Picardie.La pr\u00e9sente D\u00e9cision peut faire l'objet d'un recours gracieux aupr\u00e8s de l'autorit\u00e9 signataire dans un d\u00e9laide 2 mois \u00e0 compter de sa publication et de sa notification ou d'un recours contentieux devant le TribunalAdministratif d'Amiens dans le m\u00eame d\u00e9lai.Le Secr\u00e9tariat de s\u00e9ance est assur\u00e9 par la Direction.Fait \u00e0 Amiens, le 12 novembre 2025.\nDidier RENAULT\nComposition Directoire CHU Amiens-Picardie - D\u00e9cision 685/25\nCentre Hospitalier d'Amiens - 80-2025-11-12-00006 - D\u00e9cision n\u00b0685-25 - Composition du Directoire CHUAP 6\nDirection D\u00e9partementale de la Protection des\nPopulations\n80-2025-11-24-00003\nArr\u00eat\u00e9 pr\u00e9fectoral attribuant l'habilitation\nsanitaire \u00e0 Madame GHAZALI Sara\nDirection D\u00e9partementale de la Protection des Populations - 80-2025-11-24-00003 - Arr\u00eat\u00e9 pr\u00e9fectoral attribuant l'habilitation\nsanitaire \u00e0 Madame GHAZALI Sara 7\nPREFET Direction d\u00e9partementaleDE LA SOMME de la Protection des populationsLibert\u00e9 de la Sommegalit\u00e9Fraternit\u00e9 Arr\u00eat\u00e9 n\u00b0 DDPP80-2025-03006\n| Arr\u00eat\u00e9attribuant l'habilitation sanitaire \u00e0 Madame GHAZALI Sara\nLe Pr\u00e9fet de la SommeCHEVALIER DE LA L\u00c9GION D'HONNEUROFFICIER DE L'ORDRE NATIONAL DU M\u00c9RITEVu le code rural et de la p\u00eache maritime et notamment ses articles L. 203-1 \u00e0 L. 203-7, L. 223-6,R. 203-1 \u00e0 R. 203-15 et R. 242-33 ;Vu le d\u00e9cret n\u00b0 80-516 du 4 juillet 1980, modifi\u00e9 par le d\u00e9cret n\u00b0 90-1033 du 19 novembre 1990 etpar le d\u00e9cret 2003-768 du 1\u00b0 ao\u00fbt 2003, relatif\u00e0 l'ex\u00e9cution des mesures de prophylaxie collectivedes maladies des animaux;Vu le d\u00e9cret n\u00b0 2004-374 du 29 avril 2004 modifi\u00e9, relatif aux pouvoirs des pr\u00e9fets, \u00e0 l'organisationet\u00e0 l'action des services de l'\u00c9tat dans les r\u00e9gions et d\u00e9partements et notamment son article 43 ;Vu le d\u00e9cret du 13 juillet 2023 portant nomination du Pr\u00e9fet de la Somme, Monsieur RollonMOUCHEL-BLAISOT \u00e0 compter du 24juillet 2023 ;Vu l'arr\u00eat\u00e9 du Premier Ministre du 13 octobre 2021 portant nomination de Madame B\u00e9n\u00e9dicteSCHMITZ, Directrice D\u00e9partementale de la Protection des Populations de la Somme, \u00e0 compterdu ler novembre 2021:Vu l'arr\u00eat\u00e9 pr\u00e9fectoral du 24 juillet 2023 portant d\u00e9l\u00e9gation de signature principale \u00e0 MadameB\u00e9n\u00e9dicte SCHMITZ, Directrice D\u00e9partementale de la Protection des Populations de la somme ;Vu l'arr\u00eat\u00e9 pr\u00e9fectoral du 03 octobre 2025 portant subd\u00e9l\u00e9gation de signature \u00e0 MonsieurGuillaume VAN DER VOORDE, chef du service Sant\u00e9, Protection Animale et Environnement;Consid\u00e9rant la demande pr\u00e9sent\u00e9e par Madame GHAZALI Sara, n\u00e9e le 03 d\u00e9cembre 1994 etdomicili\u00e9e professionnellement au 34 route du crotoy \u00e0 Rue (80120) remplit les conditionspermettant l'attribution de I'habilitation sanitaire;\nSur proposition de la directrice d\u00e9partementale de la protection des populations de la somme ;ARR\u00caTE\nArticle 1\u00b0 ou LeeL'habilitation sanitaire pr\u00e9vue a l'article L. 203-1 du code rural et de la p\u00eache maritime susvis\u00e9 estattribu\u00e9e pour une dur\u00e9e de cinq ans \u00e0 Madame GHAZAL! Sara, docteur v\u00e9t\u00e9rinaireadministrativement domicili\u00e9e au 34 route du crotoy 4 Rue (80120) ;Article 2Dans la mesure o\u00f9 les conditions requises ont \u00e9t\u00e9 respect\u00e9es, cette habilitation sanitaire estrenouvelable par p\u00e9riode de cing ann\u00e9es tacitement reconduites sous r\u00e9serve pour le v\u00e9t\u00e9rinairesanitaire de justifier \u00e0 l'issue de chaque p\u00e9riode de trois ans, aupr\u00e8s du Pr\u00e9fet de la Somme, durespect de ses obligations de formation continue pr\u00e9vues \u00e0 l'article R.203-12.\nDirection D\u00e9partementale de la Protection des Populations - 80-2025-11-24-00003 - Arr\u00eat\u00e9 pr\u00e9fectoral attribuant l'habilitation\nsanitaire \u00e0 Madame GHAZALI Sara 8\nArticle 3Madame GHAZALI Sara s'engage \u00e0 respecter les prescriptions techniques, administratives et le cas\u00e9ch\u00e9ant financi\u00e9res de mise en ceuvre des mesures de pr\u00e9vention, de surveillance ou de lutteprescrites par l'autorit\u00e9 administrative et des op\u00e9rations de police sanitaire ex\u00e9cut\u00e9es enapplication de l'article L. 203-7 du code rural et de la p\u00eache maritime.Article 4Madame GHAZALI Sara pourra \u00eatre appel\u00e9e par le Pr\u00e9fet de ses d\u00e9partements d'exercice pour lar\u00e9alisation d'op\u00e9rations de police sanitaire au sein des lieux de d\u00e9tention ou des \u00e9tablissementspour lesquels elle a \u00e9t\u00e9 d\u00e9sign\u00e9e v\u00e9t\u00e9rinaire sanitaire. Elle sera tenue de concourir \u00e0 ces op\u00e9rationsen application des dispositions de l'article L. 203-7 du code rural et de la p\u00eache maritime.Article 5Tout manquement ou faute commis dans l'exercice de la pr\u00e9sente habilitation sanitaireentra\u00eenera l'application des dispositions pr\u00e9vues aux articles R. 203-15, R. 228-6 et suivants ducode rural et de la p\u00eache maritime.Article 6Le pr\u00e9sent arr\u00eat\u00e9 peut faire l'objet d'un recours contentieux devant le Tribunal Administratifd'Amiens dans le d\u00e9lai de deux mois \u00e0 compter de sa notification. Le tribunal administratif peut\u00eatre saisi au moyen de l'application informatique \u00ab T\u00e9l\u00e9recours citoyens \u00bb accessible par le biais dusite www.telerecours.fr. Des pr\u00e9cisions sont disponibles \u00e0 l'adresse suivante : https://www.service-public.fr/particuliers/vosdroits/F2474Article 7Le Secr\u00e9taire G\u00e9n\u00e9ral de la Pr\u00e9fecture et la Directrice D\u00e9partementale de la Protection desPopulations sont charg\u00e9s, chacun en ce qui la concerne, de l'ex\u00e9cution du pr\u00e9sent arr\u00eat\u00e9 qui serapubli\u00e9 au Recueil des Actes Administratifs de la Pr\u00e9fecture de la Somme.\nFait \u00e0 Amiens, le 24 novembre 2025Pour le Pr\u00e9fet, par d\u00e9l\u00e9gation,La Directrice D\u00e9partementale de la Protection| des Populations de la Somme,P/O Le Chef de service Sant\u00e9 et Protection Animale\nCopie : Madame GHAZALI Sara\nDirection D\u00e9partementale de la Protection des Populations - 80-2025-11-24-00003 - Arr\u00eat\u00e9 pr\u00e9fectoral attribuant l'habilitation\nsanitaire \u00e0 Madame GHAZALI Sara 9\nDirection d\u00e9partementale de l'emploi, du travail\net des solidarit\u00e9s de la Somme (DDETS Somme)\n80-2025-11-25-00006\nArr\u00eat\u00e9 portant nomination au sein du CLPE de\nl'arrondissement d'Abbeville\nDirection d\u00e9partementale de l'emploi, du travail et des solidarit\u00e9s de la Somme (DDETS Somme) - 80-2025-11-25-00006 - Arr\u00eat\u00e9\nportant nomination au sein du CLPE de l'arrondissement d'Abbeville 10\nst Direction d\u00e9partementale de l'emploiDE LA SOMME du travail et des solidarit\u00e9s de la Somme\nFraternit\u00e9\nARR\u00caT\u00c9portant nomination au sein du Comit\u00e9 Local Pour l'Emploi (CLPE)de l'arrondissement d'Abbeville\nLE PR\u00c9FET DE LA SOMMECHEVALIER DE LA L\u00c9GION D'HONNEUROFFICIER DE L'ORDRE NATIONAL DU M\u00c9RITE\nVu le code g\u00e9n\u00e9ral des collectivit\u00e9s territoriales, et notamment ses articles L. 5211-28 et L. 5219-2 :Vu le code des relations entre le public et l'administration, et notamment son article L. 411-2 ;Vu le code du travail, et notamment ses articles L. 5311-10, R. 5311-32 et R.5311-39 ;Vu la loi n\u00b02023-1196 du 18 d\u00e9cembre 2023 pour le plein emploi ;Vu le d\u00e9cret n 2004-374 du 29 avril 2004 modifi\u00e9 relatif aux pouvoirs des pr\u00e9fets, \u00e0 l'organisationet \u00e0 l'action des services de l'\u00c9tat dans les r\u00e9gions et d\u00e9partements ;Vu le d\u00e9cret du 13 juillet 2023 portant nomination du pr\u00e9fet de la Somme, M. Rollon MOUCHEL-BLAISOT;Vu le d\u00e9cret n\u00b02024-560 du 18 juin 2024 relatif aux comit\u00e9s territoriaux pour l'emploi ;Vu l'arr\u00eat\u00e9 pr\u00e9fectoral du 3 novembre 2024 portant d\u00e9limitation g\u00e9ographique des comit\u00e9slocaux pour l'emploi du d\u00e9partement de la Somme ;Vu l'arr\u00eat\u00e9 pr\u00e9fectoral du 3 f\u00e9vrier 2025 portant composition et r\u00e9partition des voix au sein descomit\u00e9s locaux pour l'emploi du d\u00e9partement de la Somme;Vu l'arr\u00eat\u00e9 pr\u00e9fectoral du 3 f\u00e9vrier 2025 portant nomination au sein du Comit\u00e9 Local Pourl'Emploi de l'arrondissement d'Abbeville ;Sur proposition de la directrice d\u00e9partementale de l'emploi, du travail et des solidarit\u00e9s deSomme ; |\nARR\u00caTEArticle 1\u00b0 :Sont nomm\u00e9s membres du comit\u00e9 local pour l'emploi d'Abbeville :1\u00b0 En qualit\u00e9 de repr\u00e9sentants de l'\u00c9tat :a) Le sous-pr\u00e9fet d'Abbeville ou son repr\u00e9sentant ;b) Sur proposition de la directrice d\u00e9partementale de l'emploi, du travail, et des solidarit\u00e9s de laSomme (DDETS) :- Mme Camille MARIE, charg\u00e9e de d\u00e9veloppement et d'animation des territoires, titulaire ;- Mme Nathalie MORANDINI, cheffe du p\u00f4le d\u00e9veloppement et d'animation des territoires,suppl\u00e9ante ;\nDirection d\u00e9partementale de l'emploi, du travail et des solidarit\u00e9s de la Somme (DDETS Somme) - 80-2025-11-25-00006 - Arr\u00eat\u00e9\nportant nomination au sein du CLPE de l'arrondissement d'Abbeville 11\nDirection d\u00e9partementale de l'emploi, du travail et des solidarit\u00e9s de la Somme (DDETS Somme) - 80-2025-11-25-00006 - Arr\u00eat\u00e9\nportant nomination au sein du CLPE de l'arrondissement d'Abbeville 12\nc) Sur proposition des services d\u00e9partementaux de l'\u00c9ducation Nationale :- M. Killian BRUCK-LARVOR, directeur du CIO, titulaire;2\u00b0 En qualit\u00e9 de repr\u00e9sentants des collectivit\u00e9s territoriales :a) Sur proposition du pr\u00e9sident du conseil r\u00e9gional :- Mme Patricia POUPART, conseill\u00e8re r\u00e9gionale, titulaire ;- M. Emmanuel MAQUET, conseiller r\u00e9gional, titulaire ;b) Sur proposition de la pr\u00e9sidente du conseil d\u00e9partemental de la Somme :- Mme Jocelyne MARTIN, conseill\u00e8re d\u00e9partementale, titulaire ;- Mme Sabrina HOLLEVILLE-MILHAT, conseill\u00e8re d\u00e9partementale, suppl\u00e9ante ;- Mme Lena LENNE, directrice territoriale, titulaire;- Mme Anne CARPENTIER, responsable territoriale insertion logement emploi, suppl\u00e9ante ;c) Sur proposition de chacun des pr\u00e9sidents des \u00e9tablissements publics de coop\u00e9rationintercommunale situ\u00e9s dans le ressort du comit\u00e9 local :- Pour la communaut\u00e9 d'agglom\u00e9ration de la Baie de Somme :o M. Pascal DEMARTHE, pr\u00e9sident, titulaire;o M. Olivier MALLET, vice-pr\u00e9sident en charge de l'\u00e9conomie, suppl\u00e9ant ;- Pour la communaut\u00e9 de communes Ponthieu-Marquenterre :o M. Pierre DELCOURT, vice-pr\u00e9sident en charge de l'\u00e9conomie, titulaire ;o M. Bruno BALESDENT, \u00e9lu membre de la commission d\u00e9veloppement \u00e9conomique,suppl\u00e9ant ;- Pour la communaut\u00e9 de communes des Villes S\u0153urs :o M. Jean-Paul MONGNE, vice-pr\u00e9sident, titulaire ;o M. Eddie FACQUE, suppl\u00e9ant;- Pour la communaut\u00e9 interr\u00e9gionale Aumale-Blangy-sur-Bresle:o M. Jean-Jacques NANTOIS, d\u00e9l\u00e9gu\u00e9, titulaire ;o M. Xavier DUVAL, d\u00e9l\u00e9gu\u00e9, suppl\u00e9ant ;- Pour la communaut\u00e9 de communes du Vimeu :o M. St\u00e9phane DELABRE, vice-pr\u00e9sident, titulaire ;o Mme G\u00e9raldine HOLLEVILLE, conseill\u00e8re communautaire, suppl\u00e9ante ;3\u00b0 En qualit\u00e9 de repr\u00e9sentants de l'op\u00e9rateur France Travail :- M. Fabien KAPELA, directeur de l'agence d'Abbeville, titulaire ;- Mme Lynn DEHORNOY, directrice de l'agence de Friville-Escarbotin, suppl\u00e9ante ;4\u00b0 En qualit\u00e9 de repr\u00e9sentants des organismes de placement sp\u00e9cialis\u00e9s dans l'insertionprofessionnelle des personnes en situation de handicap :Sur proposition de CAP Emploi :- Mme Claire BOUTET, animatrice, titulaire ;- Mme Sandrine BOURSIER, directrice-adjointe, suppl\u00e9ante ;5\u00b0 Sur proposition de la Mission Locale Picardie Maritime (MLPM) :- M. Emmanuel DELAHAYE, vice-pr\u00e9sident, titulaire ;- M. Wojciech KONDRAT, directeur, suppl\u00e9ant;Article 2 :Chacun des membres d\u00e9sign\u00e9s \u00e0 l'article 1\u00b0 du pr\u00e9sent arr\u00eat\u00e9 est nomm\u00e9 pour une dur\u00e9e de troisans renouvelables.Toute vacance ou perte de la qualit\u00e9 au titre de laquelle les membres ont \u00e9t\u00e9 d\u00e9sign\u00e9s donne lieu\u00e0 une nouvelle d\u00e9signation pour la dur\u00e9e du mandat restant \u00e0 courir.\nDirection d\u00e9partementale de l'emploi, du travail et des solidarit\u00e9s de la Somme (DDETS Somme) - 80-2025-11-25-00006 - Arr\u00eat\u00e9\nportant nomination au sein du CLPE de l'arrondissement d'Abbeville 13\nDirection d\u00e9partementale de l'emploi, du travail et des solidarit\u00e9s de la Somme (DDETS Somme) - 80-2025-11-25-00006 - Arr\u00eat\u00e9\nportant nomination au sein du CLPE de l'arrondissement d'Abbeville 14\nArticle 3:L'arr\u00eat\u00e9 pr\u00e9fectoral du 3 f\u00e9vrier 2025 portant nomination au sein du Comit\u00e9 Local Pour l'Emploid'Abbeville est abrog\u00e9.Article 4 :Le pr\u00e9sent arr\u00eat\u00e9 peut faire l'objet d'un recours contentieux aupr\u00e8s du tribunal administratifd'Amiens (14 rue Lemerchier - CS 81114 - 80011 AMIENS Cedex 01) qui peut \u00eatre saisi vial'applicatif informatique \u00ab T\u00e9l\u00e9recours citoyen \u00bb accessible sur le site internet www.telerecours.fr,dans un d\u00e9lai de deux mois \u00e0 compter de sa publication.Il peut \u00e9galement, dans le m\u00eame d\u00e9lai, faire l'objet d'un recours gracieux aupr\u00e8s du pr\u00e9fet de laSomme, et d'un recours hi\u00e9rarchique aupr\u00e8s du minist\u00e8re du travail, et de l'emploi - directiong\u00e9n\u00e9rale du travail - 14 avenue Duquesne \u2014 75 007 PARIS.Le recours gracieux ou/et hi\u00e9rarchique prolonge le d\u00e9lai de recours contentieux qui doit alors \u00eatreintroduit dans les deux mois suivant la d\u00e9cision implicite ou explicite de l'autorit\u00e9 comp\u00e9tente, lesilence de l'administration pendant un d\u00e9lai de deux mois valant d\u00e9cision implicite de rejet.Article 5 :Le secr\u00e9taire g\u00e9n\u00e9ral de la pr\u00e9fecture de la Somme, le sous-pr\u00e9fet d'Abbeville et la directriced\u00e9partementale de l'emploi, du travail et des solidarit\u00e9s de la Somme sont charg\u00e9s, chacun en cequi le concerne, de l'ex\u00e9cution du pr\u00e9sent arr\u00eat\u00e9 qui sera publi\u00e9 au recueil des actesadministratifs de la pr\u00e9fecture de la Somme.\nAmiens, le 2 5 NOV. 2025Le pr\u00e9f\nRollon MOUCHEL-BLAISOT\nDirection d\u00e9partementale de l'emploi, du travail et des solidarit\u00e9s de la Somme (DDETS Somme) - 80-2025-11-25-00006 - Arr\u00eat\u00e9\nportant nomination au sein du CLPE de l'arrondissement d'Abbeville 15\nasas VOW c &\nDirection d\u00e9partementale de l'emploi, du travail et des solidarit\u00e9s de la Somme (DDETS Somme) - 80-2025-11-25-00006 - Arr\u00eat\u00e9\nportant nomination au sein du CLPE de l'arrondissement d'Abbeville 16\nDirection d\u00e9partementale de l'emploi, du travail\net des solidarit\u00e9s de la Somme (DDETS Somme)\n80-2025-11-25-00007\nArr\u00eat\u00e9 portant nomination au sein du CLPE de\nl'arrondissement de PERONNE\nDirection d\u00e9partementale de l'emploi, du travail et des solidarit\u00e9s de la Somme (DDETS Somme) - 80-2025-11-25-00007 - Arr\u00eat\u00e9\nportant nomination au sein du CLPE de l'arrondissement de PERONNE 17\nE Direction d\u00e9partementale de l'emploiPR\u00c9FET . alsDE LA SOMME du travail et des solidarit\u00e9s de la SommeLibert\u00e9\u00c9galit\u00e9Fraternit\u00e9\nARR\u00caT\u00c9portant nomination au sein du Comit\u00e9 Local Pour l'Emploi (CLPE)de l'arrondissement de P\u00e9ronneLE PR\u00c9FET DE LA SOMMECHEVALIER DE LA L\u00c9GION D'HONNEUROFFICIER DE L'ORDRE NATIONAL DU M\u00c9RITEVu le code g\u00e9n\u00e9ral des collectivit\u00e9s territoriales, et notamment ses articles L. 5211-28 et L. 5219-2 ;Vu le code des relations entre le public et l'administration, et notamment son article L. 411-2 ;Vu le code du travail, et notamment ses articles L. 5311-10, R. 5311-30 et R. 5311-32 ;Vu la loi n\u00b02023-1196 du 18 d\u00e9cembre 2023 pour le plein emploi ;Vu le d\u00e9cret n 2004-374 du 29 avril 2004 modifi\u00e9 relatif aux pouvoirs des pr\u00e9fets, anl'organisationet \u00e0 l'action des services de l'\u00c9tat dans les r\u00e9gions et d\u00e9partements ;Vu le d\u00e9cret du 13 juillet 2023 portant nomination du pr\u00e9fet de la Somme, M. Rollon MOUCHEL-BLAISOT;Vu le d\u00e9cret n\u00b02024-560 du 18 juin 2024 relatif aux comit\u00e9s territoriaux pour l'emploi ;Vu l'arr\u00eat\u00e9 pr\u00e9fectoral du 3 novembre 2024 portant d\u00e9limitation g\u00e9ographique des comit\u00e9slocaux pour l'emploi du d\u00e9partement de la Somme ;Vu l'arr\u00eat\u00e9 pr\u00e9fectoral du 3 f\u00e9vrier 2025 portant composition et r\u00e9partition des voix au sein ducomit\u00e9 local pour l'emploi de P\u00e9ronne ;Vu l'arr\u00eat\u00e9 pr\u00e9fectoral du 3 f\u00e9vrier 2025 portant nomination au sein du Comit\u00e9 Local Pourl'Emploi de l'arrondissement de P\u00e9ronne ;Sur proposition de la directrice d\u00e9partementale de l'emploi, du travail et des solidarit\u00e9s deSomme ; ARR\u00caTEArticle 1\u00b0Sont nomm\u00e9s membres du comit\u00e9 local pour l'emploi de P\u00e9ronne :1\u00b0 En qualit\u00e9 de repr\u00e9sentants de l'\u00c9tat :a) La sous-pr\u00e9f\u00e8te de P\u00e9ronne ou son repr\u00e9sentant;b) Sur proposition de la directrice d\u00e9partementale de l'emploi, du travail, et des solidarit\u00e9s de laSomme (DDETS) :- Mme Claire NEYENS, charg\u00e9e de d\u00e9veloppement et d'animation des territoires, titulaire ;- Mme Nathalie MORANDINI, cheffe du p\u00f4le d\u00e9veloppement et d'animation des territoires,suppl\u00e9ante ;b) Sur proposition des services d\u00e9partementaux de l'\u00c9ducation Nationale :- Mme H\u00e9l\u00e8ne DECROIX, directrice du CIO, titulaire ;- Mme Sophie CANDAS, psychologue de l'\u00c9ducation Nationale, suppl\u00e9ante ;\nDirection d\u00e9partementale de l'emploi, du travail et des solidarit\u00e9s de la Somme (DDETS Somme) - 80-2025-11-25-00007 - Arr\u00eat\u00e9\nportant nomination au sein du CLPE de l'arrondissement de PERONNE 18\nDirection d\u00e9partementale de l'emploi, du travail et des solidarit\u00e9s de la Somme (DDETS Somme) - 80-2025-11-25-00007 - Arr\u00eat\u00e9\nportant nomination au sein du CLPE de l'arrondissement de PERONNE 19\n2\u00b0 En qualit\u00e9 de repr\u00e9sentants des collectivit\u00e9s territoriales :a) Sur proposition du pr\u00e9sident du conseil r\u00e9gional des Hauts-de-France :- M. Jean-Paul MULOT, conseiller r\u00e9gional d\u00e9l\u00e9gu\u00e9, titulaire ;- Mme Maryse FAGOT, conseill\u00e8re r\u00e9gionale, titulaire;b) Sur proposition de la pr\u00e9sidente du conseil d\u00e9partemental de la Somme :- Mme Virginie CARON-DECROIX, \u00e9lue, titulaire ;- M. Franck BEAUVARLET, \u00e9lu, suppl\u00e9ant ;- Mme Emmanuelle FOURMANOIR, directrice territoriale, titulaire ;- Mme No\u00e9mie MONTIGNY, responsable territoriale, suppl\u00e9ante ;c) Sur proposition de chacun des pr\u00e9sidents des \u00e9tablissements publics de coop\u00e9rationintercommunale situ\u00e9s dans le ressort du comit\u00e9 local :- Pour la communaut\u00e9 de communes du Pays du Coquelicot :o Mme Virginie LEROUX, directrice du d\u00e9veloppement \u00e9conomique, titulaire ;o M. Christophe BUISSET, vice-pr\u00e9sident en charge du d\u00e9veloppement \u00e9conomique,suppl\u00e9ant ;- Pour la communaut\u00e9 de communes de la Haute Somme :o M. Gautier MAES, vice-pr\u00e9sident d\u00e9veloppement \u00e9conomique, titulaire ;o M. Jean-Michel MARTIN, vice-pr\u00e9sident finances RH, suppl\u00e9ant ;- Pour la communaut\u00e9 de communes de l'Est de la Somme :o M. Jean-Marc WISSOCQ, vice-pr\u00e9sident d\u00e9l\u00e9gu\u00e9 au d\u00e9veloppement \u00e9conomique,titulaire ;o M. Benoit SCHIETTECATTE, vice-pr\u00e9sident d\u00e9l\u00e9gu\u00e9 aux finances, suppl\u00e9ant ;Pour la communaut\u00e9 de communes Terres de Picardie :o M. Philippe CHEVAL, pr\u00e9sident, titulaire ;o M. Bruno ETEVE, vice-pr\u00e9sident, suppl\u00e9ant.3\u00b0 En qualit\u00e9 de repr\u00e9sentants de l'op\u00e9rateur France Travail :- M. C\u00e9dric DELHORBE, directeur de l'agence de P\u00e9ronne, titulaire ;- Mme Am\u00e9lie LEBEAU, directrice de l'agence de Ham, suppl\u00e9ante ;4\u00b0 En qualit\u00e9 de repr\u00e9sentants des organismes de placement sp\u00e9cialis\u00e9 dans l'insertionprofessionnelle des personnes en situation de handicap :- Sur proposition de CAP Emploi :- M. Gr\u00e9gory FRIBOURG, animateur, titulaire ;- | Mme Sandrine BOURSIER, directrice-adjointe, suppl\u00e9ante ;5\u00b0 Sur proposition de la Maison pour l'Entreprise, l'Emploi et la Formation Santerre Haute Somme(MEEF) :- M. Gautier MAES, pr\u00e9sident, titulaire ;- M. Fabien COQUELET, directeur g\u00e9n\u00e9ral, suppl\u00e9ant ;Article 2Chacun des membres d\u00e9sign\u00e9s \u00e0 l'article 1\u00b0 du pr\u00e9sent arr\u00eat\u00e9 est nomm\u00e9 pour une dur\u00e9e de troisans renouvelables.Toute vacance ou perte de la qualit\u00e9 au titre de laquelle les membres ont \u00e9t\u00e9 d\u00e9sign\u00e9s donne lieu\u00e0 une nouvelle d\u00e9signation pour la dur\u00e9e du mandat restant \u00e0 courir.\nDirection d\u00e9partementale de l'emploi, du travail et des solidarit\u00e9s de la Somme (DDETS Somme) - 80-2025-11-25-00007 - Arr\u00eat\u00e9\nportant nomination au sein du CLPE de l'arrondissement de PERONNE 20\nDirection d\u00e9partementale de l'emploi, du travail et des solidarit\u00e9s de la Somme (DDETS Somme) - 80-2025-11-25-00007 - Arr\u00eat\u00e9\nportant nomination au sein du CLPE de l'arrondissement de PERONNE 21\nArticle 3L'arr\u00eat\u00e9 pr\u00e9fectoral du 3 f\u00e9vrier 2025 portant nomination au sein du Comit\u00e9 Local pour l'Emploide P\u00e9ronne susvis\u00e9 est abrog\u00e9 ;Article 4Le pr\u00e9sent arr\u00eat\u00e9 peut faire l'objet d'un recours contentieux aupr\u00e8s du tribunal administratifd'Amiens (14 rue Lemerchier - CS 81114 - 80011 AMIENS Cedex 01) qui peut \u00eatre saisi vial'application \u00ab T\u00e9l\u00e9recours citoyen \u00bb accessible via le site internet www.telerecours.fr, dans und\u00e9lai de deux mois \u00e0 compter de sa publication.Il peut \u00e9galement, dans le m\u00eame d\u00e9lai, faire l'objet d'un recours gracieux aupr\u00e8s du pr\u00e9fet de laSomme et d'un recours hi\u00e9rarchique aupr\u00e8s du minist\u00e8re du travail, et de l'emploi - directiong\u00e9n\u00e9rale du travail - 14 avenue Duquesne - 75 007 PARIS.Le recours gracieux ou/et hi\u00e9rarchique prolonge le d\u00e9lai de recours contentieux qui doit alors \u00eatreintroduit dans les deux mois suivant la d\u00e9cision implicite ou explicite de l'autorit\u00e9 comp\u00e9tente, lesilence de l'administration pendant un d\u00e9lai de deux mois valant d\u00e9cision implicite de rejet.Article 5 :Le secr\u00e9taire g\u00e9n\u00e9ral de la pr\u00e9fecture de la Somme, la sous-pr\u00e9f\u00e8te de P\u00e9ronne et la directriced\u00e9partementale de l'emploi, du travail et des solidarit\u00e9s de la Somme sont charg\u00e9s, chacun en cequi le concerne, de l'ex\u00e9cution du pr\u00e9sent arr\u00eat\u00e9 qui sera publi\u00e9 au recueil des actesadministratifs de la pr\u00e9fecture de la Somme.\nAmiens, le 25 NOV. 2025\nLe pr\u00e9fet\nRollon CHEL-BLAISOT\nDirection d\u00e9partementale de l'emploi, du travail et des solidarit\u00e9s de la Somme (DDETS Somme) - 80-2025-11-25-00007 - Arr\u00eat\u00e9\nportant nomination au sein du CLPE de l'arrondissement de PERONNE 22\n\"Sas VOR CS\nDirection d\u00e9partementale de l'emploi, du travail et des solidarit\u00e9s de la Somme (DDETS Somme) - 80-2025-11-25-00007 - Arr\u00eat\u00e9\nportant nomination au sein du CLPE de l'arrondissement de PERONNE 23\nDirection d\u00e9partementale de l'emploi, du travail\net des solidarit\u00e9s de la Somme (DDETS Somme)\n80-2025-12-01-00004\nR\u00e9c\u00e9piss\u00e9 de d\u00e9claration d'un organisme de\nservice \u00e0 la personne -  Betty JOYE - PRESSING\nSERVICE\nDirection d\u00e9partementale de l'emploi, du travail et des solidarit\u00e9s de la Somme (DDETS Somme) - 80-2025-12-01-00004 - R\u00e9c\u00e9piss\u00e9 de\nd\u00e9claration d'un organisme de service \u00e0 la personne -  Betty JOYE - PRESSING SERVICE 24\nEe Lk SOMME Direction d\u00e9partementale de l'emploi,Liberte du travail et des solidarit\u00e9s de la SommeFraternit\u00e9Chevalier de la L\u00e9gion d'HonneurOfficier de l'Ordre National du M\u00e9rite\nR\u00e9c\u00e9piss\u00e9 de d\u00e9clarationd'un organisme de services \u00e0 la personneenregistr\u00e9 sous le N\u00b0 SAP983416025Vu le code du travail et notamment les articles L.7231-1 \u00e0 L.7233-2, R.7232-16 \u00e0 R.7232-22, D.7231-1et D.7233-1 \u00e0 D.7233-5;\nLe pr\u00e9fet de la SommeConstate :Qu'une d\u00e9claration d'activit\u00e9s de services \u00e0 la personne a \u00e9t\u00e9 d\u00e9pos\u00e9e aupr\u00e8s du serviceinstructeur de la Somme, le 18/11/2025 par madame Betty JOYE, en qualit\u00e9 de dirigeant(e), pourl'organisme PRESSING SERVICE dont l'\u00e9tablissement principal est situ\u00e9 16 rue du boulevard \u2014 80470 SAVEUSE et enregistr\u00e9 sous le N\u00b0 SAP983416025 pour les activit\u00e9s suivantes :+ Entretien de la maison et travaux m\u00e9nagers (mode d'intervention Prestataire).Toute modification concernant les activit\u00e9s exerc\u00e9es devra faire l'objet d'une d\u00e9clarationmodificative pr\u00e9alable.Sous r\u00e9serve d'\u00eatre exerc\u00e9es \u00e0 titre exclusif (ou sous r\u00e9serve d'une comptabilit\u00e9 s\u00e9par\u00e9e pour lespersonnes morales dispens\u00e9es de cette condition), ces activit\u00e9s ouvrent droit au b\u00e9n\u00e9fice desdispositions des articles L. 7233-2 du code du travail et L.241-10 du code de la s\u00e9curit\u00e9 sociale dansles conditions pr\u00e9vues par ces articles.Les effets de la d\u00e9claration courent \u00e0 compter du jour du d\u00e9p\u00f4t de la d\u00e9claration sous r\u00e9serve desdispositions de l'article R.7232-18 du code du travail. Le pr\u00e9sent r\u00e9c\u00e9piss\u00e9 n'est pas limit\u00e9 dans letemps. La d\u00e9claration a une port\u00e9e nationale.Le cas \u00e9ch\u00e9ant :En application des articles L.7232-1 et R.7232-1 \u00e0 R.7232-15, les activit\u00e9s n\u00e9cessitant un agr\u00e9ment(article D.7231-1 du code du travail) n'ouvrent droit \u00e0 ces dispositions que si l'organisme apr\u00e9alablement obtenu l'agr\u00e9ment ou le renouvellement de cet agr\u00e9ment dans le ou lesd\u00e9partement(s) d'exercice de ses activit\u00e9s.De m\u00eame, en application de l'article D.312-6-2 du code de l'action sociale et des familles, les activit\u00e9sn\u00e9cessitant une autorisation n'ouvrent droit \u00e0 ces dispositions que si l'organisme a pr\u00e9alablementobtenu l'autorisation ou le renouvellement de cette autorisation.L'enregistrement de la d\u00e9claration peut \u00eatre retir\u00e9 dans les conditions fix\u00e9es aux articles R.7232-20\u00e0 R.7232-22 du code du travail.Le pr\u00e9sent r\u00e9c\u00e9piss\u00e9 sera publi\u00e9 au recueil des actes administratifs de la pr\u00e9fecture.Le pr\u00e9sent r\u00e9c\u00e9piss\u00e9 peut, \u00e0 compter de sa notification, faire l'objet d'un recours gracieux aupr\u00e8sservice instructeur de la Somme ou d'un recours hi\u00e9rarchique adress\u00e9 au ministre charg\u00e9 del'\u00e9conomie - Direction g\u00e9n\u00e9rale des entreprises - sous-direction des services marchands, 61Boulevard Vincent Auriol, 75 703 PARIS CEDEX 13.Il peut \u00e9galement faire l'objet d'un recours contentieux dans un d\u00e9lai de deux mois \u00e0 compter desa notification aupr\u00e8s du tribunal administratif .Le tribunal administratif peut aussi \u00eatre saisi par l'application informatique \u00abT\u00e9l\u00e9recours citoyen\u00bb\nDirection d\u00e9partementale de l'emploi, du travail et des solidarit\u00e9s de la Somme (DDETS 80)40 rue de la Vall\u00e9e \u2014 BP 71 710 - 80 017 AMIENS - standard 03 64 26 88 00ddets-sap@somme.gouv.fr\nDirection d\u00e9partementale de l'emploi, du travail et des solidarit\u00e9s de la Somme (DDETS Somme) - 80-2025-12-01-00004 - R\u00e9c\u00e9piss\u00e9 de\nd\u00e9claration d'un organisme de service \u00e0 la personne -  Betty JOYE - PRESSING SERVICE 25\naccessible sur le site internet http://www.telerecours.fr/En cas de rejet du recours gracieux ou hi\u00e9rarchique ou en l'absence de r\u00e9ponse \u00e0 ce recours (rejetimplicite), un recours contentieux devant le tribunal administratif peut \u00e9galement \u00eatre form\u00e9contre la d\u00e9cision initiale dans un d\u00e9lai de deux mois \u00e0 compter de ce rejet.\nFait \u00e0 Amiens, le 01/12/2025\nPour le pr\u00e9fet et par d\u00e9l\u00e9gation,re la dir\u00e9ctrice d\u00e9partementale\"_ \u2014dela DDETS de la SommeN\nL\u00e6titia CRETON\nDirection d\u00e9partementale de l'emploi, du travail et des solidarit\u00e9s de la Somme (DDETS Somme) - 80-2025-12-01-00004 - R\u00e9c\u00e9piss\u00e9 de\nd\u00e9claration d'un organisme de service \u00e0 la personne -  Betty JOYE - PRESSING SERVICE 26\nDirection d\u00e9partementale de l'emploi, du travail\net des solidarit\u00e9s de la Somme (DDETS Somme)\n80-2025-12-02-00002\nR\u00e9c\u00e9piss\u00e9 de d\u00e9claration d'un organisme de\nservice \u00e0 la personne - Tom BOUCRELLE\nDirection d\u00e9partementale de l'emploi, du travail et des solidarit\u00e9s de la Somme (DDETS Somme) - 80-2025-12-02-00002 - R\u00e9c\u00e9piss\u00e9 de\nd\u00e9claration d'un organisme de service \u00e0 la personne - Tom BOUCRELLE 27\nEe LOMME Direction d\u00e9partementale de l'emploi,Liberte * du travail et des solidarit\u00e9s de la SommeFraternit\u00e9Chevalier de la L\u00e9gion d'HonneurOfficier de l'Ordre National du M\u00e9rite\nR\u00e9c\u00e9piss\u00e9 de d\u00e9clarationd'un organisme de services \u00e0 la personneenregistr\u00e9 sous le N\u00b0 SAP994496958\nVu le code du travail et notamment les articles L.7231-1 \u00e0 L.7233-2, R.7232-16 \u00e0 R.7232-22, D.7231-1et D.7233-1 \u00e0 D.7233-5;\nLe pr\u00e9fet de la SommeConstate :Qu'une d\u00e9claration d'activit\u00e9s de services \u00e0 la personne a \u00e9t\u00e9 d\u00e9pos\u00e9e aupr\u00e8s du serviceinstructeur de la Somme, le 29/11/2025 par monsieur Tom BOUCRELLE, en qualit\u00e9 de dirigeant(e),pour l'organisme dont l'\u00e9tablissement principal est situ\u00e9 74B rue de l'\u00e9toile - 80 090 AMIENS etenregistr\u00e9 sous le N\u00b0 SAP994496958 pour les activit\u00e9s suivantes :\u00a2 Soutien scolaire ou cours \u00e0 domicile (mode d'intervention Prestataire).Toute modification concernant les activit\u00e9s exerc\u00e9es devra faire l'objet d'une d\u00e9clarationmodificative pr\u00e9alable.Sous r\u00e9serve d'\u00eatre exerc\u00e9es \u00e0 titre exclusif (ou sous r\u00e9serve d'une comptabilit\u00e9 s\u00e9par\u00e9e pour lespersonnes morales dispens\u00e9es de cette condition), ces activit\u00e9s ouvrent droit au b\u00e9n\u00e9fice desdispositions des articles L. 7233-2 du code du travail et L.241-10 du code de la s\u00e9curit\u00e9 sociale dansles conditions pr\u00e9vues par ces articles.Les effets de la d\u00e9claration courent \u00e0 compter dujour du d\u00e9p\u00f4t de la d\u00e9claration sous r\u00e9serve desdispositions de l'article R.7232-18 du code du travail. Le pr\u00e9sent r\u00e9c\u00e9piss\u00e9 n'est pas limit\u00e9 dans letemps. La d\u00e9claration a une port\u00e9e nationale.Le cas \u00e9ch\u00e9ant :En application des articles L.7232-1 et R.7232-1 \u00e0 R.7232-15, les activit\u00e9s n\u00e9cessitant un agr\u00e9ment(article D.7231-1 du code du travail) n'ouvrent droit \u00e0 ces dispositions que si l'organisme apr\u00e9alablement obtenu l'agr\u00e9ment ou le renouvellement de cet agr\u00e9ment dans le ou lesd\u00e9partement(s) d'exercice de ses activit\u00e9s.De m\u00eame, en application de l'article D.312-6-2 du code de l'action sociale et des familles, les activit\u00e9sn\u00e9cessitant une autorisation n'ouvrent droit \u00e0 ces dispositions que si l'organisme a pr\u00e9alablementobtenu l'autorisation ou le renouvellement de cette autorisation.L'enregistrement de la d\u00e9claration peut \u00eatre retir\u00e9 dans les conditions fix\u00e9es aux articles R.7232-20\u00e0 R.7232-22 du code du travail.Le pr\u00e9sent r\u00e9c\u00e9piss\u00e9 sera publi\u00e9 au recueil des actes administratifs de la pr\u00e9fecture.Le pr\u00e9sent r\u00e9c\u00e9piss\u00e9 peut, \u00e0 compter de sa notification, faire l'objet d'un recours gracieux aupr\u00e8sservice instructeur de la Somme ou d'un recours hi\u00e9rarchique adress\u00e9 au ministre charg\u00e9 del'\u00e9conomie - Direction g\u00e9n\u00e9rale des entreprises \u2014 sous-direction des services marchands, 61Boulevard Vincent Auriol, 75 703 PARIS CEDEX 13.Il peut \u00e9galement faire l'objet d'un recours contentieux dans un d\u00e9lai de deux mois \u00e0 compter desa notification aupr\u00e8s du tribunal administratif.Le tribunal administratif peut aussi \u00eatre saisi par l'application informatique \u00abT\u00e9l\u00e9recours citoyen\u00bb\nDirection d\u00e9partementale de l'emploi, du travail et des solidarit\u00e9s de la Somme (DDETS 80)40 rue de la Vall\u00e9e \u2014 BP 71 710 - 80 017 AMIENS- standard 03 64 26 88 00ddets-sap@somme.qouv.fr\nDirection d\u00e9partementale de l'emploi, du travail et des solidarit\u00e9s de la Somme (DDETS Somme) - 80-2025-12-02-00002 - R\u00e9c\u00e9piss\u00e9 de\nd\u00e9claration d'un organisme de service \u00e0 la personne - Tom BOUCRELLE 28\naccessible sur le site internet http://www.telerecours.fr/En cas de rejet du recours gracieux ou hi\u00e9rarchique ou en l'absence de r\u00e9ponse \u00e0 ce recours (rejetimplicite), un recours contentieux devant le tribunal administratif peut \u00e9galement \u00eatre form\u00e9contre la d\u00e9cision initiale dans un d\u00e9lai de deux mois \u00e0 compter de ce rejet.\nFait \u00e0 Amiens, le 02/12/2025\nen . Pour le pr\u00e9fet et par d\u00e9l\u00e9gation,dn Travail ot des Salidaiiius G6 le SU la directrice d\u00e9partementalede  ty Matte 10 AMIENS de la DDETS de la Sommeoe _\\L\u00e6titia CRETON\nDirection d\u00e9partementale de l'emploi, du travail et des solidarit\u00e9s de la Somme (DDETS Somme) - 80-2025-12-02-00002 - R\u00e9c\u00e9piss\u00e9 de\nd\u00e9claration d'un organisme de service \u00e0 la personne - Tom BOUCRELLE 29\nDirection d\u00e9partementale de l'emploi, du travail\net des solidarit\u00e9s de la Somme (DDETS Somme)\n80-2025-12-02-00003\nR\u00e9c\u00e9piss\u00e9 modificatif de d\u00e9claration  d'un\norganisme de service \u00e0 la personne -  LEMOINE\n\u00c9dith  - LOUIS\nDirection d\u00e9partementale de l'emploi, du travail et des solidarit\u00e9s de la Somme (DDETS Somme) - 80-2025-12-02-00003 - R\u00e9c\u00e9piss\u00e9\nmodificatif de d\u00e9claration  d'un organisme de service \u00e0 la personne -  LEMOINE \u00c9dith  - LOUIS 30\nPREFETDE LA SOMME Direction d\u00e9partementale de l'emploi,Libers\u00e9 du travail et des solidarit\u00e9s de la SommeEgalit\u00e9Fraternit\u00e9\nR\u00e9c\u00e9piss\u00e9 de d\u00e9claration modificatived'un organisme de services a la personneenregistr\u00e9 sous le N\u00b0 SAP931469092\nVu le code du travail et notamment les articles L.7231-1 \u00e0 L.7233-2, R.7232-16 \u00e0 R.7232-22, D.7231-1 etD.7233-1 \u00e0 D.7233-5;\nLe pr\u00e9fet de la SommeConstate :Qu'une d\u00e9claration modificative d'activit\u00e9s de services \u00e0 la personne a \u00e9t\u00e9 d\u00e9pos\u00e9e aupr\u00e8s du serviceinstructeur de la Somme, le 12/11/2025 par madame \u00c9dith LEMOINE, en qualit\u00e9 de dirigeant(e), pourl'organisme LOUIS dont l'\u00e9tablissement principal est situ\u00e9 5 rue Montesquieu - 80 080 AMIENS etenregistr\u00e9 sous le N\u00b0 SAP931469092 pour les activit\u00e9s suivantes :+ Garde d'enfants de plus de 3 ans \u00e0 domicile (mode d'intervention Prestataire). Soutien scolaire ou cours \u00e0 domicile (mode d'intervention Prestataire)+ Accompagnement des enfants de plus de 3 ans dans leurs d\u00e9placements (mode d'interventionPrestataire)\u00ab Entretien de la maison et travaux m\u00e9nagers (mode d'intervention Prestataire)+ Petits travaux dejardinage (mode d'intervention Prestataire)\u00a2 Travaux de petit bricolage (mode d'intervention Prestataire)+ Pr\u00e9paration de repas \u00e0 domicile (mode d'intervention Prestataire)\u00ab Livraison de repas \u00e0 domicile (mode d'intervention Prestataire)\u00a2 Collecte et livraison \u00e0 domicile de linge repass\u00e9 (mode d'intervention Prestataire)\u00a2 Livraison de courses \u00e0 domicile (mode d'intervention Prestataire)+ Maintenance, entretien et vigilance temporaires \u00e0 domicile (mode d'intervention Prestataire)\u00ab Assistance informatique \u00e0 domicile (mode d'intervention Prestataire)\u00ab Assistance administrative \u00e0 domicile (mode d'intervention Prestataire)Toute modification concernant les activit\u00e9s exerc\u00e9es devra faire l'objet d'une d\u00e9clarationmodificative pr\u00e9alable.Sous r\u00e9serve d'\u00eatre exerc\u00e9es \u00e0 titre exclusif (ou sous r\u00e9serve d'une comptabilit\u00e9 s\u00e9par\u00e9e pour lespersonnes morales dispens\u00e9es de cette condition), ces activit\u00e9s ouvrent droit au b\u00e9n\u00e9fice desdispositions des articles L. 7233-2 du code du travail et L.241-10 du code de la s\u00e9curit\u00e9 sociale dansles conditions pr\u00e9vues par ces articles.Les effets de la d\u00e9claration courent \u00e0 compter du jour du d\u00e9p\u00f4t de la d\u00e9claration sous r\u00e9serve desdispositions de l'article R.7232-18 du code du travail. Le pr\u00e9sent r\u00e9c\u00e9piss\u00e9 n'est pas limit\u00e9 dans letemps. La d\u00e9claration a une port\u00e9e nationale.Le cas \u00e9ch\u00e9ant :En application des articles L.7232-1 et R.7232-1 \u00e0 R.7232-15, les activit\u00e9s n\u00e9cessitant un agr\u00e9ment(article D.7231-1 du code du travail) n'ouvrent droit \u00e0 ces dispositions que si l'organisme apr\u00e9alablement obtenu l'agr\u00e9ment ou le renouvellement de cet agr\u00e9ment dans le ou les d\u00e9partement(s)d'exercice de ses activit\u00e9s.De m\u00eame, en application de l'article D.312-6-2 du code de l'action sociale et des familles, les activit\u00e9sn\u00e9cessitant une autorisation n'ouvrent droit \u00e0 ces dispositions que si l'organisme a pr\u00e9alablementobtenu l'autorisation ou le renouvellement de cette autorisation.L'enregistrement de la d\u00e9claration peut \u00eatre retir\u00e9 dans les conditions fix\u00e9es aux articles R.7232-20 \u00e0\nDirection d\u00e9partementale de l'emploi, du travail et des solidarit\u00e9s de la Somme (DDETS 80)40 rue de la Vall\u00e9e \u2014 BP 71 710 - 80 017 AMIENS - standard 03 64 26 88 00ddets-sap@somme.qouv.fr\nDirection d\u00e9partementale de l'emploi, du travail et des solidarit\u00e9s de la Somme (DDETS Somme) - 80-2025-12-02-00003 - R\u00e9c\u00e9piss\u00e9\nmodificatif de d\u00e9claration  d'un organisme de service \u00e0 la personne -  LEMOINE \u00c9dith  - LOUIS 31\nR.7232-22 du code du travail.Le pr\u00e9sent r\u00e9c\u00e9piss\u00e9 sera publi\u00e9 au recueil des actes administratifs de la pr\u00e9fecture.Le pr\u00e9sent r\u00e9c\u00e9piss\u00e9 peut, \u00e0 compter de sa notification, faire l'objet d'un recours gracieux aupr\u00e8sservice instructeur de la Somme ou d'un recours hi\u00e9rarchique adress\u00e9 au ministre charg\u00e9 del'\u00e9conomie - Direction g\u00e9n\u00e9rale des entreprises - sous-direction des services marchands, 61Boulevard Vincent Auriol, 75 703 PARIS CEDEX 13.Il peut \u00e9galement faire l'objet d'un recours contentieux dans un d\u00e9lai de deux mois \u00e0 compter de sanotification aupr\u00e8s du tribunal administratif.Le tribunal administratif peut aussi \u00eatre saisi par l'application informatique \u00abT\u00e9l\u00e9recours citoyen\u00bbaccessible sur le site internet http://www.telerecours.fr/En cas de rejet du recours gracieux ou hi\u00e9rarchique ou en l'absence de r\u00e9ponse a ce recours (rejetimplicite), un recours contentieux devant le tribunal administratif peut \u00e9galement \u00eatre form\u00e9 contrela d\u00e9cision initiale dans un d\u00e9lai de deux mois \u00e0 compter de ce rejet.\nFait \u00e0 Amiens, le 02/12/2025\ntale de PEmptoi, Pour le pr\u00e9fet et par d\u00e9l\u00e9gation,airart\u00e9e de la Somme, la dir\u00e9ctrice d\u00e9partementaleCGI  tt 1G WU 3nan AUIENE de la DDETS de la Somme\nC~\nLaetitia CRETON\nDirection d\u00e9partementale de l'emploi, du travail et des solidarit\u00e9s de la Somme (DDETS Somme) - 80-2025-12-02-00003 - R\u00e9c\u00e9piss\u00e9\nmodificatif de d\u00e9claration  d'un organisme de service \u00e0 la personne -  LEMOINE \u00c9dith  - LOUIS 32\nPr\u00e9fecture de la Somme - Cabinet\n80-2025-12-03-00001\nArr\u00eat\u00e9 modificatif \u00e0 l'arr\u00eat\u00e9 n\u00b02025/759 du 12\nnovembre 2025 portant autorisation de\nsurveillance sur la voie publique\nsur le territoire de la commune d'Amiens\ndu 15 novembre 2025 au 4 janvier 2026\nPr\u00e9fecture de la Somme - Cabinet - 80-2025-12-03-00001 - Arr\u00eat\u00e9 modificatif \u00e0 l'arr\u00eat\u00e9 n\u00b02025/759 du 12 novembre 2025 portant\nautorisation de surveillance sur la voie publique\nsur le territoire de la commune d'Amiens\ndu 15 novembre 2025 au 4 janvier 2026\n33\nEnPREFETDE LA SOMME _Egalit\u00e9Fraternit\u00e9\nARRETEmodificatif \u00e0 l'arr\u00e9t\u00e9 n\u00b02025/759 du 12 novembre 2025portant autorisation de surveillance sur la voie publiquesur le territoire de la commune d'Amiensdu 15 novembre 2025 au 4 janvier 2026\nLE PREFET DE LA SOMMECHEVALIER DE LA LEGION D'HONNEUROFFICIER DE L'ORDRE NATIONAL DU M\u00c9RITE\nVu le livre VI du code de la s\u00e9curit\u00e9 int\u00e9rieure, notamment son article L. 613-1;Vu le code rural et de la p\u00eache maritime;Vu le d\u00e9cret du 13 juillet 2023 nommant Monsieur Rollon MOUCHEL-BLAISOT, pr\u00e9fet de laSomme;Vu le d\u00e9cret du 20 ao\u00fbt 2025 nommant Madame Estelle CHARLES sous-pr\u00e9f\u00e8te, directrice decabinet du Pr\u00e9fet de la Somme ;Vu l'arr\u00eat\u00e9 du 15 septembre 2025 portant d\u00e9l\u00e9gation de signature \u00e0 Madame Estelle CHARLESsous-pr\u00e9f\u00e8te, directrice de cabinet du Pr\u00e9fet de la Somme ;Vu l'autorisation d'exercer n\u00b0 AUT-080-2116-03-02-20170342923 d\u00e9livr\u00e9e \u00e0 la soci\u00e9t\u00e9 SASCONTR\u00d4LE GESTION S\u00c9CURIT\u00c9 - CGS par le Conseil national des activit\u00e9s priv\u00e9es de s\u00e9curit\u00e9 ;Vu la demande pr\u00e9sent\u00e9e par la soci\u00e9t\u00e9 SAS CONTROLE GESTION SECURITE le 6 novembre2025, tendant a obtenir une autorisation pour des missions de surveillance sur la voiepublique, dans le cadre du march\u00e9 de no\u00ebl d'Amiens, pr\u00e9vu du 15 novembre 2025 au 4 janvier2026;Vu l'arr\u00eat\u00e9 du 12 novembre 2025 autorisant la surveillance de voie publique \u00e0 la soci\u00e9t\u00e9 SASCONTR\u00d4LE GESTION S\u00c9CURIT\u00c9 du 15 novembre 2025 au 4 janvier 2026 rue Delambre, placeGambetta, rue des 3 cailloux, place Ren\u00e9 Goblet et rue de Noyon \u00e0 Amiens ;Consid\u00e9rant que la manifestation est susceptible d'attirer une foule importante en journ\u00e9e etn\u00e9cessite la surveillance du site durant la tenue de l'\u00e9v\u00e9nement ;Consid\u00e9rant la demande de modification de la liste des agents charg\u00e9s de la surveillance de lavoie publique dans le cadre du march\u00e9 de No\u00ebl d'Amiens du 15 novembre 2025 au 4janvier2026 adress\u00e9e par la soci\u00e9t\u00e9 SAS CONTROLE GESTION SECURITE en date du 2 d\u00e9cembre2025 ;Sur proposition de la sous-pr\u00e9f\u00e9te, directrice de cabinet :\nPr\u00e9fecture de la Somme - Cabinet - 80-2025-12-03-00001 - Arr\u00eat\u00e9 modificatif \u00e0 l'arr\u00eat\u00e9 n\u00b02025/759 du 12 novembre 2025 portant\nautorisation de surveillance sur la voie publique\nsur le territoire de la commune d'Amiens\ndu 15 novembre 2025 au 4 janvier 2026\n34\nARRETEArticle 1\u00b0 - La liste des agents de surveillance de la voie publique autoris\u00e9s a exercer dans lecadre du march\u00e9 de No\u00ebl d'Amiens du 15 novembre 2025 au 4 janvier 2026, telle qu'annex\u00e9e al'arr\u00eat\u00e9 n\u00b02025/759 du 12 novembre 2025, est modifi\u00e9e et remplac\u00e9e par la liste figurant enannexe du pr\u00e9sent arr\u00eat\u00e9.Article 2 - Le reste des dispositions de l'arr\u00eat\u00e9 n\u00b02025/759 du 12 novembre 2025 portantautorisation de surveillance sur la voie publique sur le territoire de la commune d'Amiens du15 novembre 2025 au 4 janvier 2026 est sans changement.Article 3 - La sous-pr\u00e9f\u00e8te, directrice de cabinet du pr\u00e9fet de la Somme et la directriceinterd\u00e9partementale de la police nationale de la Somme sont charg\u00e9es, chacune en ce qui laconcerne, de l'ex\u00e9cution du pr\u00e9sent arr\u00eat\u00e9, qui sera publi\u00e9 au recueil des actes administratifsde la pr\u00e9fecture.\nFait \u00e0 Amiens, le 03 DEC, 2025Pour le pr\u00e9fet et par d\u00e9l\u00e9gation,La directrice de cabinet,LA\nEstelle CHARLES\nVOIES ET DELAIS DE RECOURSLa pr\u00e9sente d\u00e9cision est susceptible de faire, dans le d\u00e9lai de deux mois suivant la notification, l'objet des voies de recours suivantes :- Un recours gracieux, formul\u00e9 aupr\u00e8s du pr\u00e9fet de la Somme, Cabinet, bureau de la s\u00e9curit\u00e9 int\u00e9rieure, 51 rue de la R\u00e9publique 80020 Amiens- un recours hi\u00e9rarchique, aupr\u00e8s du Ministre de l'int\u00e9rieur, direction des libert\u00e9s publiques et des affaires juridiques - sous-direction des policesadministratives \u2014- bureau des polices administratives - place Beauvau 75800 Paris cedex 08.Ces recours sont d\u00e9pourvus de caract\u00e8re suspensif. En l'absence de r\u00e9ponse de l'administration dans un d\u00e9lai de deux mois \u00e0 compter de la date der\u00e9ception de votre recours, celui-ci doit \u00eatre consid\u00e9r\u00e9 comme implicitement rejet\u00e9.- Un recours contentieux, devant le tribunal administratif d'Amiens -14 rue Lemerchier 80000 AMIENS ou par voie \u00e9lectronique par le site www.telerecours.frCe recours juridictionnel doit \u00eatre d\u00e9pos\u00e9 au plus tard avant l'expiration du deuxi\u00e8me mois \u00e0 compter de la date de notification de la d\u00e9cision contest\u00e9e,ou dans les deux mois suivant la date du rejet de votre recours gracieux ou hi\u00e9rarchique.\nPr\u00e9fecture de la Somme - Cabinet - 80-2025-12-03-00001 - Arr\u00eat\u00e9 modificatif \u00e0 l'arr\u00eat\u00e9 n\u00b02025/759 du 12 novembre 2025 portant\nautorisation de surveillance sur la voie publique\nsur le territoire de la commune d'Amiens\ndu 15 novembre 2025 au 4 janvier 2026\n35\nEDOABZNVE90SE600720\u00a2-S1L-20-620\u00a2-080-YV)DSN3IWV0661/G0/ZLUIA9YTASSNOYUCes00C08S09LO\u20ac8S120S2072-91L-70-0\u20ac02-080-YVD}VIGVYNOW13GANVH.WICIS|296L/Z1/20peesSNOOYANDHNCILSZ9/9/08C/0LC0cC-60-60-9c0cC-080-4V2N11dvV117/61/c1/S2DIPISVNV4IO46\u00ffcLSccO\u00ff006!1\u20ac\u20ac8\u00ffS/0CCOC-LL-OL-/C0c-c00-VDNILN3NDLNIVS|/966L/80/L\u20acAuoujuyNIH31dV6\u00a3L10cO08c091L098C\u00a300LcC0cC-80-0L-9c0c-080-4VD119409\u00ff96L/90/2zHEWUeef11N0931CVLICXXVV9\u00ffOZLE80ECOC-LC-E0-8c0c-080-4VDSNIWVY/0002/\u20ac0/60JalyjneLHDIYIWNVI\u20acTIA\u00ffC1SZAC66CLZOLCOC-80-\u00ff0-9c0c-080-4VDVSYHSNIDI|L96L/50/0cOUENueefFONDLX9Q1CL2A678cc80cc0c-\u00ff70-/0-/c0c-080-4V2INOWY39661/60/6L29uJouIIL1QV4IHLO9LGCO8EO8LOZE/0\u00ff0ScOcC-8L-\u00ff0-0\u00a30cC-080-4VDSN111N09/896L/L0/9coundgAYNOYVH909LOcO88ZOELL8L87c0\u00a2c0\u00a2-Ve-L0-L202-080-YV)DSNAIWV|L861L/S0/S021P92ATIUIND6E0LOZO8OLOLvcr8rcOccOc-/0-cL-/c0c-080-4V2SN3INV|686L/20/\u20acLabuejosAYLNOALSOLOZO8LOOLLSV8S001720\u00a2-Ec-\u20ac0-9202-080-YV)DVSS4941|L961/S0/70AWYWNOLWAHDAHANOEL6E0OLO880rLSE8E7L0SC0\u00a2-02-S0-0E02-080-YVD31111398V2661/60/60uiwefueg1HVDNO4LEOAFHAWDIOCECr90\u00ffcOC-CL-CL-6\u20ac0c-080-4VDSN3INV|0661/90/929IIN(LIY4VSI6OW\u00ffZ\u00fffZN69Sc8\u00ff0\u00ffcOc-Ec-L0-6cC0c-080-4V2DNVNOINVNANMWV296L/2L/LEwyeyNnopqyINVAAYIGIVPfxfat ttopltlttitsff\nPr\u00e9fecture de la Somme - Cabinet - 80-2025-12-03-00001 - Arr\u00eat\u00e9 modificatif \u00e0 l'arr\u00eat\u00e9 n\u00b02025/759 du 12 novembre 2025 portant\nautorisation de surveillance sur la voie publique\nsur le territoire de la commune d'Amiens\ndu 15 novembre 2025 au 4 janvier 2026\n36\nPr\u00e9fecture de la Somme - Direction de la\nCitoyennet\u00e9 et de la L\u00e9galit\u00e9\n80-2025-12-01-00001\nArr\u00eat\u00e9 portant renouvellement de l'habilitation\nfun\u00e9raire de l'\u00e9tablissement secondaire de la\nSARL Les Pompes Fun\u00e8bres Campion, sis 7 rue de\nMolliens \u00e0 Hornoy le Bourg (80640)\nPr\u00e9fecture de la Somme - Direction de la Citoyennet\u00e9 et de la L\u00e9galit\u00e9 - 80-2025-12-01-00001 - Arr\u00eat\u00e9 portant renouvellement de\nl'habilitation fun\u00e9raire de l'\u00e9tablissement secondaire de la SARL Les Pompes Fun\u00e8bres Campion, sis 7 rue de Molliens \u00e0 Hornoy le\nBourg (80640)\n37\nE 3 | Secr\u00e9tariat g\u00e9n\u00e9ralPREFET Direction de la Citoyennet\u00e9 et de la L\u00e9galit\u00e9DE LA SOMME P \u00e0 \u00e0 \"i ot 2Bureau des \u00e9lections et de la r\u00e9glementation g\u00e9n\u00e9raleLeity wiei AU hyePrateresie\n_ ARR\u00caT\u00c9Portant renouvellement de V'habilitation fun\u00e9raire .de l'\u00e9tablissement secondaire de la SARL \u00ab LES POMPES FUNEBRES CAMPION \u00bb - sis 7 ruede Molliens \u00e0 HORNOY-LE-BOURG (80 640)LE PREFET DE LA SOMMECHEVALIER DE LA LEGION D'HONNEUROFFICIER DE L'ORDRE NATIONAL DU M\u00c9RITEVU le Code g\u00e9n\u00e9ral des collectivit\u00e9s territoriales ;VU le d\u00e9cret n\u00b0 2004-374 du 29 avril 2004 relatif aux pouvoirs des pr\u00e9fets, \u00e0 l'organisation et \u00e0l'action des services de l'\u00c9tat dans les r\u00e9gions et d\u00e9partements ;VU le d\u00e9cret n\u00b0 2020-917 du 28 juillet 2020 relatif \u00e0 la dur\u00e9e de l'habilitation dans le secteurfun\u00e9raire et \u00e0 la housse mortuaire ;VU le d\u00e9cret du 13 juillet 2023 portant nomination du pr\u00e9fet de la Somme, Monsieur RollonMOUCHEL-BLAISOT \u00e0 compter du 24juillet 2023 ;VU le d\u00e9cret du 21 juillet 2023 portant nomination de Monsieur Emmanuel MOULARD,sous-pr\u00e9fet hors classe, secr\u00e9taire g\u00e9n\u00e9ral de la pr\u00e9fecture de la Somme;VU l'arr\u00eat\u00e9 pr\u00e9fectoral du 6 mars 2018 portant cr\u00e9ation d'une chambre fun\u00e9raire \u00e0 HORNOY-LE-BOURG ;VU l'arr\u00eat\u00e9 pr\u00e9fectoral du4 novembre 2020 portant renouvellement, pour une dur\u00e9e de cinq ans,de l'habilitation fun\u00e9raire n\u00b020-80-80 pour Jean-Marc DENIS \u00e0 HORNOY-LE-BOURG ;VU l'arr\u00eat\u00e9 pr\u00e9fectoral du 16 novembre 2023 portant modification de l'habilitation fun\u00e9raire del'entreprise \u00ab JEAN-MARC DENIS \u00bb sise 7, rue de Molliens \u00e0 HORNOY-LE-BOURG ;VU l'arr\u00eat\u00e9 pr\u00e9fectoral du 23 septembre 2025 portant d\u00e9l\u00e9gation de signature principale \u00e0Monsieur Emmanuel MOULARD, secr\u00e9taire g\u00e9n\u00e9ral de la pr\u00e9fecture de la Somme;VU la demande transmise le 4 novembre 2025 par laquelle Mme BOVIN Laurie, n\u00e9e CAMPION,g\u00e9rante, sollicite le renouvellement de l'habilitation fun\u00e9raire de son \u00e9tablissement ;VU les pi\u00e8ces compl\u00e9mentaires parvenues les 6, 7, 18, 19, 20, 21 et 24 novembre 2025 ;CONSIDERANT que l'\u00e9tablissement secondaire \u00ab LES POMPES FUNEBRES CAMPION \u00bb, sis 7 rue deMolliens \u00e0 HORNOY-LE-BOURG remplit les conditions pour obtenir le renouvellement del'habilitation fun\u00e9raire ;SUR proposition du secr\u00e9taire g\u00e9n\u00e9ral de la pr\u00e9fecture ;\nPr\u00e9fecture de la Somme - Direction de la Citoyennet\u00e9 et de la L\u00e9galit\u00e9 - 80-2025-12-01-00001 - Arr\u00eat\u00e9 portant renouvellement de\nl'habilitation fun\u00e9raire de l'\u00e9tablissement secondaire de la SARL Les Pompes Fun\u00e8bres Campion, sis 7 rue de Molliens \u00e0 Hornoy le\nBourg (80640)\n38\nARRETEArticle 1\u00b0: L'\u00e9tablissement secondaire de la SARL \u00ab LES POMPES FUNEBRES CAMPION \u00bb, sis 7 rue deMolliens \u00e0 HORNOY-LE-BOURG et exploit\u00e9 par Mme BOVIN Laurie, n\u00e9e CAMPION, g\u00e9rante, esthabilit\u00e9 pour exercer sur l'ensemble du territoire national les activit\u00e9s fun\u00e9raires suivantes :~ transport de corps avant et apr\u00e9s mise en bi\u00e9re (v\u00e9hicule immatricul\u00e9 EQ-020-QL) ;\u2014 organisation des obs\u00e8ques ;- soins de conservation, prestations r\u00e9alis\u00e9es en sous-traitance.par la soci\u00e9t\u00e9 THANATOS PRAXIENNORMANDIE (Seine-Maritime) et habilit\u00e9e sous le 25-76-0142 jusqu'au 2 octobre 2030;- fourniture des housses, des cercueils et de leurs accessoires int\u00e9rieurs et ext\u00e9rieurs ainsi que desurnes cin\u00e9raires ;\u2014 fourniture des corbillards et des voitures de deuil ;- fourniture de personnel et des objets et prestations n\u00e9cessaires aux obs\u00e8ques, inhumations,exhumations et cr\u00e9mations ;\u2014 gestion d'une chambre fun\u00e9raire \u00e0 HORNOY-LE-BOURG, 7 rue du Molliens (2 salons).Article 2 : Le num\u00e9ro de I'habilitation est 25-80-0029.Article 3 : L'habilitation est valable cing ans \u00e0 compter de la date du pr\u00e9sent arr\u00eat\u00e9.Article 4: L'habilitation peut \u00eatre renouvel\u00e9e \u00e0 la demande de l'entreprise. Cette demande,accompagn\u00e9e des pi\u00e8ces requises, doit parvenir \u00e0 la pr\u00e9fecture de la Somme deux mois avantl'expiration de l'habilitation d\u00e9tenue.Article 5: Tout changement dans les \u00e9l\u00e9ments contenus dans l'habilitation doit \u00eatre d\u00e9clar\u00e9 dansun d\u00e9lai de deux mois \u00e0 la pr\u00e9fecture de la Somme.Article 6: Pour les prestations fournies en sous-traitance, il appartient au b\u00e9n\u00e9ficiaire de lapr\u00e9sente habilitation de s'assurer que les entreprises intervenant en sous-traitance sont bienhabilit\u00e9es pour les activit\u00e9s concern\u00e9es.Article 7: Le non-respect des conditions pour lesquelles l'habilitation est accord\u00e9e entra\u00eenel'application des sanctions pr\u00e9vues par les dispositions combin\u00e9es des articles L. 2223-25 et L.: 2223-35 du Code g\u00e9n\u00e9ral des collectivit\u00e9s territoriales.Article 8 : Dans un d\u00e9lai de deux mois \u00e0 compter de sa notification, le pr\u00e9sent arr\u00eat\u00e9 peut fairel'objet d'un recours gracieux aupr\u00e8s du pr\u00e9fet de la Somme, d'un recours hi\u00e9rarchique aupr\u00e8s duMinist\u00e8re de l'Int\u00e9rieur ou d'un recours contentieux aupr\u00e8s du tribunal administratif d'Amiens. Letribunal administratif d'Amiens (14 rue Lemerchier - 80011 Amiens Cedex 1) peut \u00e9galement \u00eatresaisi par l'application informatique \u00ab T\u00e9l\u00e9recours citoyens\u00bb accessible via le site Internetwww.telerecours.fr. |Article 9 : Le secr\u00e9taire g\u00e9n\u00e9ral de la pr\u00e9fecture de la Somme est charg\u00e9 de l'ex\u00e9cution du pr\u00e9sentarr\u00eat\u00e9 qui sera publi\u00e9 au recueil des actes administratifs de la pr\u00e9fecture de la Somme et notifi\u00e9 \u00e0Mme Laurie BOVIN. |\nFait \u00e0 Amiens, le 0 1 DEC. 2025Pour le pr\u00e9fet ar d\u00e9l\u00e9gation,Le secr\u00e9taire g\u00e9n\u00e9ral\n[Emmanuel MOULARD\nPr\u00e9fecture de la Somme - Direction de la Citoyennet\u00e9 et de la L\u00e9galit\u00e9 - 80-2025-12-01-00001 - Arr\u00eat\u00e9 portant renouvellement de\nl'habilitation fun\u00e9raire de l'\u00e9tablissement secondaire de la SARL Les Pompes Fun\u00e8bres Campion, sis 7 rue de Molliens \u00e0 Hornoy le\nBourg (80640)\n39\nPr\u00e9fecture de la Somme - Direction de la\nCitoyennet\u00e9 et de la L\u00e9galit\u00e9\n80-2025-12-01-00002\nArr\u00eat\u00e9 portant renouvellement de l'habilitation\nfun\u00e9raire de l'\u00e9tablissement secondaire de la\nSARL Les Pompes Fun\u00e8bres Campion, sis 7 rue du\nViaduc , ZAC Le Cardonnoy \u00e0 Gauville (80290) \nPr\u00e9fecture de la Somme - Direction de la Citoyennet\u00e9 et de la L\u00e9galit\u00e9 - 80-2025-12-01-00002 - Arr\u00eat\u00e9 portant renouvellement de\nl'habilitation fun\u00e9raire de l'\u00e9tablissement secondaire de la SARL Les Pompes Fun\u00e8bres Campion, sis 7 rue du Viaduc , ZAC Le\nCardonnoy \u00e0 Gauville (80290) \n40\nEN | Secr\u00e9tariat g\u00e9n\u00e9ralPREFET Direction de la Citoyennet\u00e9 et de la L\u00e9galit\u00e9DE LA SOMME 2 ' ' x Ming\"| Bureau des \u00e9lections et de la r\u00e9glementation g\u00e9n\u00e9rale ~Liberi\u00e94 ioe feeFraternit\u00e9\nARR\u00caT\u00c9: Portant renouvellement de l'habilitation fun\u00e9rairede l'\u00e9tablissement secondaire de la SARL \u00ab LES POMPES FUNEBRES CAMPION \u00bb - sis 7 ruedu Viaduc, ZAC Le Cardonnoy \u00e0 GAUVILLE (80 290)LE PR\u00c9FET DE LA SOMMECHEVALIER DE LA L\u00c9GION D'HONNEUROFFICIER DE L'ORDRE NATIONAL DU M\u00c9RITE\nVU le Code g\u00e9n\u00e9ral des collectivit\u00e9s territoriales ;VU le d\u00e9cret n\u00b0 2004-374 du 29 avril 2004 relatif aux pouvoirs des pr\u00e9fets, \u00e0 l'organisation et \u00e0l'action des services de l'\u00c9tat dans les r\u00e9gions et d\u00e9partements ;VU le d\u00e9cret n\u00b0 2020-917 du 28 juillet 2020 relatif \u00e0 la dur\u00e9e de l'habilitation dans le secteurfun\u00e9raire et \u00e0 la housse mortuaire ;VU le d\u00e9cret du 13 juillet 2023 portant nomination du pr\u00e9fet de la Somme, Monsieur RollonMOUCHEL-BLAISOT \u00e0 compter du 24juillet 2023 ;VU le d\u00e9cret du 21 juillet 2023 portant nomination de Monsieur Emmanuel MOULARD,sous-pr\u00e9fet hors classe, secr\u00e9taire g\u00e9n\u00e9ral de la pr\u00e9fecture de la Somme;VU l'arr\u00eat\u00e9 pr\u00e9fectoral du 24juillet 2000 portant cr\u00e9ation, pour les Pompes Fun\u00e8bres DENIS, d'unechambre fun\u00e9raire\u00e0 GAUVILLE, Lieudit \u00ab Le Cardonnoy\u00bb ;VU l'arr\u00eat\u00e9 pr\u00e9fectoral du 4 novembre 2020 portant renouvellement, pour une dur\u00e9e de cinq ans,de I'habilitation fun\u00e9raire n\u00b020-80-239 pour. Jean-Marc DENIS \u00e0 GAUVILLE ;VU l'arr\u00eat\u00e9 pr\u00e9fectoral du 16 novembre 2023 portant modification de l'habilitation fun\u00e9raire del'entreprise \u00ab JEAN-MARC DENIS \u00bb sise 6, rue du Viaduc, ZAC \u00ab Le Cardonnoy \u00bb \u00e0 GAUVILLE ;VU l'arr\u00eat\u00e9 pr\u00e9fectoral du 23 septembre 2025 portant d\u00e9l\u00e9gation de signature principale \u00e0Monsieur Emmanuel MOULARD, secr\u00e9taire g\u00e9n\u00e9ral de la pr\u00e9fecture dela Somme;VU la demande transmise le 4 novembre 2025 par laquelle Mme BOVIN Laurie, n\u00e9e CAMPION,g\u00e9rante, sollicite le renouvellement de l'habilitation fun\u00e9raire de son \u00e9tablissement ;VU les pi\u00e8ces compl\u00e9mentaires parvenues les 6, 7, 18, 19, 20, 21 et 24 novembre 20285 ;CONSID\u00c9RANT que l'\u00e9tablissement secondaire \u00ab LES POMPES FUN\u00c8BRES CAMPION \u00bb, sis 7 rue duViaduc, ZAC Le Cardonnoy \u00e0 GAUVILLE remplit les conditions pour obtenir le renouvellement del'habilitation fun\u00e9raire ; |\nSUR proposition du secr\u00e9taire g\u00e9n\u00e9ral de la pr\u00e9fecture ;\nPr\u00e9fecture de la Somme - Direction de la Citoyennet\u00e9 et de la L\u00e9galit\u00e9 - 80-2025-12-01-00002 - Arr\u00eat\u00e9 portant renouvellement de\nl'habilitation fun\u00e9raire de l'\u00e9tablissement secondaire de la SARL Les Pompes Fun\u00e8bres Campion, sis 7 rue du Viaduc , ZAC Le\nCardonnoy \u00e0 Gauville (80290) \n41\nARRETEArticle 1\u00b0: L'\u00e9tablissement secondaire de la SARL \u00ab LES POMPES FUNEBRES CAMPION \u00bb, sis 7 rue duViaduc, ZAC Le Cardonnoy a GAUVILLE et exploit\u00e9 par Mme BOVIN Laurie, n\u00e9e CAMPION, g\u00e9rante,est habilit\u00e9 pour exercer sur l'ensemble du territoire national les activit\u00e9s fun\u00e9raires suivantes :- transport de corps avant et apr\u00e8s mise en bi\u00e8re (v\u00e9hicule immatricul\u00e9 EQ-020-QL) j\u2014 organisation des obs\u00e8ques ;\u2014 soins de conservation, prestations r\u00e9alis\u00e9es en sous-traitance par la soci\u00e9t\u00e9 THANATOS PRAXIENNORMANDIE (Seine-Maritime) et habilit\u00e9e sous le 25-76-0142 jusqu'au 2 octobre 2030;\u2014 fourniture des housses, des cercueils et de leurs accessoires int\u00e9rieurs et ext\u00e9rieurs ainsi que desurnes cin\u00e9raires ;- fourniture des corbillards et des voitures de deuil ;- fourniture de personnel et des objets et prestations n\u00e9cessaires aux obs\u00e8ques, inhumations,exhumations et cr\u00e9mations ;- gestion d'une chambre fun\u00e9raire \u00e0 GAUVILLE, 7 rue du Viaduc, ZAC Le Cardonnoy (4 salons).Article 2 : Le num\u00e9ro de l'habilitation est 25-80-0030.Article 3 : L'habilitation est valable cinq ans \u00e0 compter de la date du pr\u00e9sent arr\u00eat\u00e9.Article 4: L'habilitation peut \u00eatre renouvel\u00e9e \u00e0 la demande de l'entreprise. Cette demande,accompagn\u00e9e des pi\u00e8ces requises, doit parvenir \u00e0 la pr\u00e9fecture de la Somme deux mois avantl'expiration de l'habilitation d\u00e9tenue.Article 5 : Tout changementdans les \u00e9l\u00e9ments contenus dans l'habilitation doit \u00eatre d\u00e9clar\u00e9 dansun d\u00e9lai de deux mois \u00e0 la pr\u00e9fecture de la Somme.Article 6: Pour les prestations fournies en sous-traitance, il appartient au b\u00e9n\u00e9ficiaire de lapr\u00e9sente habilitation de s'assurer que les entreprises intervenant en sous-traitance sont bienhabilit\u00e9es pour les activit\u00e9s concern\u00e9es. |Article 7: Le non-respect des conditions pour lesquelles l'habilitation est accord\u00e9e entra\u00eenel'application des sanctions pr\u00e9vues par les dispositions combin\u00e9es des articles L. 2223-25 et L.2223-35 du Code g\u00e9n\u00e9ral des collectivit\u00e9s territoriales.Article 8 : Dans un d\u00e9lai de deux mois \u00e0 compter de sa notification, le pr\u00e9sent arr\u00eat\u00e9 peut faire. l'objet d'un recours gracieux aupr\u00e8s du pr\u00e9fet de la Somme, d'un recours hi\u00e9rarchique aupr\u00e8s duMinist\u00e8re de l'Int\u00e9rieur ou d'un recours contentieux aupr\u00e8s du tribunal administratif d'Amiens. Letribunal administratif d'Amiens (14 rue Lemerchier - 80011 Amiens Cedex 1) peut \u00e9galement \u00eatresaisi par l'application informatique \u00ab T\u00e9l\u00e9recours citoyens\u00bb accessible via le site Internetwww.telerecours.fr.Article 9 : Le secr\u00e9taire g\u00e9n\u00e9ral de la pr\u00e9fecture de la Somme est charg\u00e9 de l'ex\u00e9cution du pr\u00e9sentarr\u00e9t\u00e9 qui sera publi\u00e9 au recueil des actes administratifs de la pr\u00e9fecture de la Somme et notifi\u00e9 aMme Laurie BOVIN.\nFaitaAmiens,le Qj 1 DEC. 2025Pour le pr\u00e9fet et par d\u00e9l\u00e9gation,Le secr\u00e9t\u00e4ire g\u00e9n\u00e9ral\n(3Emmanuel MOULARD\nPr\u00e9fecture de la Somme - Direction de la Citoyennet\u00e9 et de la L\u00e9galit\u00e9 - 80-2025-12-01-00002 - Arr\u00eat\u00e9 portant renouvellement de\nl'habilitation fun\u00e9raire de l'\u00e9tablissement secondaire de la SARL Les Pompes Fun\u00e8bres Campion, sis 7 rue du Viaduc , ZAC Le\nCardonnoy \u00e0 Gauville (80290) \n42\nPr\u00e9fecture de la Somme - Direction de la\nCitoyennet\u00e9 et de la L\u00e9galit\u00e9\n80-2025-12-02-00001\nArr\u00eat\u00e9 portant renouvellement de l'habilitation\nfun\u00e9raire de la SARL Embaumeur de la Somme\nsise 27 rue Maillefeu \u00e0 MAREUIL-CAUBERT (80132)\nPr\u00e9fecture de la Somme - Direction de la Citoyennet\u00e9 et de la L\u00e9galit\u00e9 - 80-2025-12-02-00001 - Arr\u00eat\u00e9 portant renouvellement de\nl'habilitation fun\u00e9raire de la SARL Embaumeur de la Somme sise 27 rue Maillefeu \u00e0 MAREUIL-CAUBERT (80132) 43\nFE | Secr\u00e9tariat g\u00e9n\u00e9ralPREFET Direction de la Citoyennet\u00e9 et de la L\u00e9galit\u00e9DE LA SOMME x , , . haat\"Bureau des \u00e9lections et de la r\u00e9glementation g\u00e9n\u00e9raleLibert\u00e94 AU fireFrareruir\u00e9\nARR\u00caT\u00c9Portant renouvellement de l'habilitation fun\u00e9rairede la SARL \u00ab EMBAUMEUR DE LA SOMME \u00bb - sise 27 rue Maillefeu \u00e0 MAREUIL-CAUBERT(80 132)LE PR\u00c9FET DE LA SOMMECHEVALIER DE LA L\u00c9GION D'HONNEUROFFICIER DE L'ORDRE NATIONAL DU M\u00c9RITE\nVU le Code g\u00e9n\u00e9ral des collectivit\u00e9s territoriales ;VU le d\u00e9cret n\u00b0 2004-374 du 29 avril 2004 relatif aux pouvoirs des pr\u00e9fets, \u00e0 l'organisation et al'action des services de l'\u00c9tat dans les r\u00e9gionset d\u00e9partements ;VU le d\u00e9cret n\u00b0 2020-917 du 28 juillet 2020 relatif \u00e0 la dur\u00e9e de l'habilitationdans le secteurfun\u00e9raire et \u00e0 la housse mortuaire ;VU le d\u00e9cret du 13 juillet 2023 portant nomination du pr\u00e9fet de la Somme, Monsieur RollonMOUCHEL-BLAISOT \u00e0 compter du 24juillet 2023 ;VU le d\u00e9cret du 21 juillet 2023 portant nomination de Monsieur Emmanuel MOULARD,sous-pr\u00e9fet hors classe, secr\u00e9taire g\u00e9n\u00e9ral de la pr\u00e9fecture de la Somme ;VU l'arr\u00eat\u00e9 pr\u00e9fectoral du 10 d\u00e9cembre 2020 portant renouvellement, pour une dur\u00e9e de cinq ans,de l'habilitation fun\u00e9raire n\u00b020-80-256 pour l'EURL EMBAUMEUR DE LA SOMME a MAREUIL-CAUBERT;VU l'arr\u00eat\u00e9 pr\u00e9fectoral du 23 septembre 2025 portant d\u00e9l\u00e9gation de signature principale \u00e0Monsieur Emmanuel MOULARD, secr\u00e9taire g\u00e9n\u00e9ral de la pr\u00e9fecture de la Somme;VU la demande transmise le 10 novembre 2025 par laquelle M. Benoit FLAMENT, g\u00e9rant, sollicite lerenouvellement de l'habilitation fun\u00e9raire de son \u00e9tablissement ;VU les pi\u00e8ces compl\u00e9mentaires parvenues le 19 novembre 2025 ;CONSID\u00c9RANT que l'entreprise \u00ab EMBAUMEUR DE LA SOMME \u00bb, sise 27 rue Maillefeu \u00e0 MAREUIL-CAUBERT remplit les conditions pour obtenir le renouvellement de l'habilitation fun\u00e9raire ;SUR proposition du secr\u00e9taire g\u00e9n\u00e9ral de la pr\u00e9fecture ;\nPr\u00e9fecture de la Somme - Direction de la Citoyennet\u00e9 et de la L\u00e9galit\u00e9 - 80-2025-12-02-00001 - Arr\u00eat\u00e9 portant renouvellement de\nl'habilitation fun\u00e9raire de la SARL Embaumeur de la Somme sise 27 rue Maillefeu \u00e0 MAREUIL-CAUBERT (80132) 44\nARRETEArticle 1\u00b0: La SARL \u00abEMBAUMEUR DE LA SOMME\u00bb, sise 27 rue Maillefeu \u00e0 MAREUIL-CAUBERT etexploit\u00e9e par M. Benoit FLAMENT, g\u00e9rant, est habilit\u00e9e pour exercer sur l'ensemble du territoirenational l'activit\u00e9 fun\u00e9raire suivante :-soins de conservation.Article 2 : Le num\u00e9ro de l'habilitation est 25-80-0068.Article 3 : La pr\u00e9sente habilitation est valable cinq ans \u00e0 compter du 10 d\u00e9cembre 2025.Article 4: L'habilitation peut \u00eatre renouvel\u00e9e \u00e0 la demande de l'entreprise. Cette demande,accompagn\u00e9e des pi\u00e8ces requises, doit parvenir \u00e0 la pr\u00e9fecture de la Somme deux mois avantl'expiration de l'habilitation d\u00e9tenue.Article 5 : Tout changement dans les \u00e9l\u00e9ments contenus dans l'habilitation doit \u00eatre d\u00e9clar\u00e9 dansun d\u00e9lai de deux mois \u00e0 la pr\u00e9fecture de la Somme.Article 6: Pour les prestations fournies en sous-traitance, il appartient au b\u00e9n\u00e9ficiaire de lapr\u00e9sente habilitation de s'assurer que les entreprises intervenant en sous-traitance sont bienhabilit\u00e9es pour les activit\u00e9s concern\u00e9es.Article 7: Le non-respect des conditions pour lesquelles l'habilitation est accord\u00e9e entra\u00eenel'application des sanctions pr\u00e9vues par les dispositions combin\u00e9es des articles L. 2223-25 et L.2223-35 du Code g\u00e9n\u00e9ral des collectivit\u00e9s territoriales.Article 8 : Dans un d\u00e9lai de deux mois \u00e0 compter de sa notification, le pr\u00e9sent arr\u00eat\u00e9 peut fairel'objet d'un recours gracieux aupr\u00e8s du pr\u00e9fet de la Somme, d'un recours hi\u00e9rarchique aupr\u00e8s duMinist\u00e8re de l'Int\u00e9rieur ou d'un recours contentieux aupr\u00e8s du tribunal administratif d'Amiens. Letribunal administratif d'Amiens (14 rue Lemerchier \u2014 80011 Amiens Cedex 1) peut \u00e9galement \u00eatresaisi par l'application informatique \u00ab T\u00e9l\u00e9recours citoyens \u00bb accessible via le site Internetwww.telerecours.fr.Article 9 : Le secr\u00e9taire g\u00e9n\u00e9ral de la pr\u00e9fecture de la Somme est charg\u00e9 de l'ex\u00e9cution du pr\u00e9sentarr\u00eat\u00e9 qui sera publi\u00e9 au recueil des actes administratifs de la pr\u00e9fecture de la Somme et notifi\u00e9 \u00e0M. Benoit FLAMENT.\nFait \u00e0 Amiens, le 0 2 DEC. 2025Pour le pr\u00e9fet et,par d\u00e9l\u00e9gation,Le secr\u00e9taire g\u00e9n\u00e9ralA\nEmmanuel MOULARD\nPr\u00e9fecture de la Somme - Direction de la Citoyennet\u00e9 et de la L\u00e9galit\u00e9 - 80-2025-12-02-00001 - Arr\u00eat\u00e9 portant renouvellement de\nl'habilitation fun\u00e9raire de la SARL Embaumeur de la Somme sise 27 rue Maillefeu \u00e0 MAREUIL-CAUBERT (80132) 45\nSIDPC pr\u00e9fecture de la Somme\n80-2025-12-01-00003\nArr\u00eat\u00e9 certification FPSC 28112025\nSIDPC pr\u00e9fecture de la Somme - 80-2025-12-01-00003 - Arr\u00eat\u00e9 certification FPSC 28112025 46\nE CabinetPR\u00c9FET Service Interminist\u00e9riel de d\u00e9fenseDE LA SOMME et de protection civilesLibert\u00e9\u00c9galit\u00e9Fraternit\u00e9\nLe Pr\u00e9fet de la SommeChevalier de la L\u00e9gion d'honneurOfficier de l'Ordre National du M\u00e9riteArr\u00eat\u00e9 portant d\u00e9livrance du certificat de comp\u00e9tences de\u00ab formateur aux premiers secours citoyen \u00bbVu le d\u00e9cret n\u00b02004-374 du 29 avril 2004 modifi\u00e9 relatif aux pouvoirs des pr\u00e9fets \u00e0 l'organisation et \u00e0l'action des services de l'\u00c9tat dans les r\u00e9gions et d\u00e9partements ;Vu le d\u00e9cret du 13 juillet 2023 portant nomination du pr\u00e9fet de la Somme - M. Rollon MOUCHEL-BLAISOT;Vu le d\u00e9cret du 20 ao\u00fbt 2025 portant nomination de Mme Estelle CHARLES, sous-pr\u00e9f\u00e8te, directrice decabinet du pr\u00e9fet de la Somme ;Vu le d\u00e9cret n\u00b02024-242 du 20 mars 2024 relatif aux formations aux premiers secours ;Vu le d\u00e9cret n\u00b02024-763 du 8juillet 2024 relatif aux formations aux premiers secours ;Vu l'arr\u00eat\u00e9 minist\u00e9riel du 15 juin 2024 relatif \u00e0 la fili\u00e8re p\u00e9dagogique de s\u00e9curit\u00e9 civile ;Vu l'arr\u00eat\u00e9 pr\u00e9fectoral du 15 septembre 2025 portant d\u00e9l\u00e9gation de signature principale \u00e0 Mme EstelleCHARLES, directrice de cabinet du pr\u00e9fet de la Somme ;Vu l'arr\u00eat\u00e9 pr\u00e9fectoral du 13 novembre 2025 portant d\u00e9signation d'un jury d'examen des certificats decomp\u00e9tences de \u00ab Formateur aux premiers secours citoyen \u00bb ;Vu le proc\u00e8s verbal du 28 novembre validant la liste des candidats admis \u00e0 l'examen de certification ala p\u00e9dagogie appliqu\u00e9e \u00e0 l'emploi de formateur aux premiers secours citoyen ;Sur proposition du chef du service interminist\u00e9riel de d\u00e9fense et de protection civiles ;ARR\u00caTEARTICLE 1\u00b0 : La certification de comp\u00e9tence \u00ab formateur aux premiers secours citoyen \u00bb est d\u00e9livr\u00e9aux stagiaires suivants :- Mme CAUMARTIN Audrey, n\u00e9e le 15/08/1981 \u00e0 AMIENS (80) ;- M. DENGREVILLE Paul, n\u00e9 le 12/02/1994 a AMIENS (80) ;- Mme. DEPOILLY Edwige, n\u00e9e le 23/01/1979 \u00e0 AMIENS (80) ;- Mme DHALLEINE St\u00e9phanie, n\u00e9e SENECHAL, le 15/06/1976 a CLERMONT-FERRAND (63) ;- M. KISGEN Nicolas, n\u00e9 le 17/05/1990 \u00e0 AMIENS (80) ;- M. LEFEBVRE Thomas, n\u00e9 le 16/09/1993 \u00e0 AMIENS (80) ;- Mme LORIOL Manon, n\u00e9e le 28/09/1993 \u00e0 BEUVRY (62) ;- Mme MARMILLON Marie-Ange, n\u00e9e le 18/12/1972 \u00e0 PARIS (75);- M. NADJEM Nour, n\u00e9 le 17/06/1991, \u00e0 AMIENS (80) ;- M. PAILLE R\u00e9my, n\u00e9 le 20/06/1997 \u00e0 AMIENS (80) ;- Mme PELLIEUX Elodie, n\u00e9e POETTE le 10/05/1995 \u00e0 NOYON (60);- Mme VILLAIN Samantha, n\u00e9e le 16/09/1993 \u00e0 AMIENS (80).\n1/2\nSIDPC pr\u00e9fecture de la Somme - 80-2025-12-01-00003 - Arr\u00eat\u00e9 certification FPSC 28112025 47\nARTICLE 2 : Le pr\u00e9sent arr\u00e9t\u00e9 sera publi\u00e9 au recueil des actes administratifs de la pr\u00e9fecture de laSomme.\nAmiens, le \u00a24/ 42/2025Pour le pr\u00e9fet, et par d\u00e9l\u00e9gation,Le chef du service interminist\u00e9riel\nFranck OLIVIER\n2/2\nSIDPC pr\u00e9fecture de la Somme - 80-2025-12-01-00003 - Arr\u00eat\u00e9 certification FPSC 28112025 48","date":"2025-12-03","first_seen_on":"2025-12-03T17:41:17+00:00","id":"cb50ee8c8b78663331433e495fd9dbbe06bb0379a5611b00a512aef39aa9bbaa","name":"RAA n\u00b0237 sp\u00e9cial (nominatifs) du 3 d\u00e9cembre 2025","pdf_creation_date":"2025-12-03T17:30:45+00:00","pdf_modification_date":null,"timezone":"Europe/Paris","url":"https://www.somme.gouv.fr/contenu/telechargement/54365/357783/file/recueil-2025-237-recueil-des-actes-administratifs-nominatifs.pdf"}
