{"administration":"pref37","administration_name":"Pr\u00e9fecture d\u2019Indre-et-Loire","content":"INDRE-ET-LOIRE\nRECUEIL DES ACTES\nADMINISTRATIFS SP\u00c9CIAL\nN\u00b037-2026-04047\nPUBLI\u00c9 LE 27 AVRIL 2026\nSommaire\nPr\u00e9fecture d'Indre et Loire / Service d'animation interminist\u00e9rielle des\npolitiques publiques\n37-2026-04-24-00003 - 2026 04 17 AP AB Bonnetiere BALLAN-MIRE (3 pages) Page 3\n2\nPr\u00e9fecture d'Indre et Loire\n37-2026-04-24-00003\n2026 04 17 AP AB Bonnetiere BALLAN-MIRE\nPr\u00e9fecture d'Indre et Loire - 37-2026-04-24-00003 - 2026 04 17 AP AB Bonnetiere BALLAN-MIRE 3\nArr\u00eat\u00e9 pr\u00e9fectoral n\u00b0 2026_3 PP\n- portant abrogation de l'arr\u00eat\u00e9 pr\u00e9fectoral du 27 octobre 1999 d\u00e9clarant d'utilit\u00e9 publique les \np\u00e9rim\u00e8tres de protection du forage de \u00ab\u00a0La Bonneti\u00e8re\u00a0\u00bb sur la commune de Ballan-Mir\u00e9 et \nautorisant l'utilisation de l'eau pr\u00e9lev\u00e9e dans cet ouvrage en vue de la consommation humaine\nLe Pr\u00e9fet d'Indre-et-Loire,\nChevalier de la L\u00e9gion d'Honneur,\nChevalier de l'Ordre National du M\u00e9rite\nVu\u00a0:\n\u2013\u00a0le code de la sant\u00e9 publique et notamment ses L.1321-1 \u00e0 L.1321-10, et R.1321-1 \u00e0 R.1321-36\u00a0;\n\u2013\u00a0le code de l'environnement et notamment ses articles L.210-1, L.214-1 \u00e0 L.214-10, L.215-13 et R.214-1 \u00e0 \nR.214-56\u00a0;\n\u2013\u00a0le d\u00e9cret n\u00b02006-570 du 17 mai 2006 relatif \u00e0 la publicit\u00e9 des servitudes d'utilit\u00e9 publique institu\u00e9es \nen vue d'assurer la protection de la  qualit\u00e9 des  eaux  destin\u00e9es  \u00e0 la consommation humaine  et  \nmodifiant le code de la sant\u00e9 publique\u00a0;\n\u2013\u00a0le  d\u00e9cret  n\u00b0  2007-49  du  11  janvier  2007  relatif  \u00e0  la  s\u00e9curit\u00e9  sanitaire  des  eaux  destin\u00e9es  \u00e0  la \nconsommation humaine\u00a0;\n\u2013\u00a0le d\u00e9cret du 06 novembre 2024 portant nomination de monsieur Thomas CAMPEAUX en qualit\u00e9 de \npr\u00e9fet d'Indre-et-Loire\u00a0;\n\u2013\u00a0l'arr\u00eat\u00e9 pr\u00e9fectoral du 7 octobre 2025 donnant d\u00e9l\u00e9gation de signature \u00e0 Mme Florence GOUACHE, \nsecr\u00e9taire g\u00e9n\u00e9rale de la pr\u00e9fecture d'Indre-et-Loire\u00a0;\n\u2013\u00a0l'arr\u00eat\u00e9 du 11 septembre 2003 portant application du d\u00e9cret n\u00b0 96-102 du 02 f\u00e9vrier 1996 et fixant les \nprescriptions g\u00e9n\u00e9rales applicables aux sondage, forage, cr\u00e9ation de puits ou d'ouvrages souterrains \nsoumis \u00e0 d\u00e9claration en application des articles L214-1 \u00e0 L214-6 du code de l'environnement et  \nrelevant de la rubrique 1.1.1.0 de la nomenclature annex\u00e9e au d\u00e9cret n\u00b093-743 du 29 mars 1993  \n(modifi\u00e9 par l'arr\u00eat\u00e9 du 07 ao\u00fbt 2006)\u00a0;\n\u2013\u00a0l'arr\u00eat\u00e9 pr\u00e9fectoral du 27 octobre 1999 d\u00e9clarant d'utilit\u00e9 publique les p\u00e9rim\u00e8tres de protection du \nforage de \u00ab\u00a0La Bonneti\u00e8re\u00a0\u00bb sur la commune de Ballan-Mir\u00e9, autorisant l'utilisation de l'eau pr\u00e9lev\u00e9e  \ndans cet ouvrage en vue de la consommation humaine par la ville de Ballan-Mir\u00e9\u00a0;\n\u2013\u00a0la demande de Tours M\u00e9tropole Val de Loire en date du 27 f\u00e9vrier 2026 re\u00e7u en pr\u00e9fecture le 3 mars \n2026, exprimant la demande d'abandon du forage de \u00ab\u00a0La Bonneti\u00e8re\u00a0\u00bb \u00e0 Ballan-Mir\u00e9\u00a0;\n1/3\nAgence r\u00e9gionale de sant\u00e9 du Centre-Val de Loire\nD\u00e9l\u00e9gation d\u00e9partementale d'Indre-et-Loire\nPr\u00e9fecture d'Indre et Loire - 37-2026-04-24-00003 - 2026 04 17 AP AB Bonnetiere BALLAN-MIRE 4\nConsid\u00e9rant ce qui suit\u00a0:\nLe  forage  de  \u00ab\u00a0La  Bonneti\u00e8re\u00a0\u00bb,  installation  de  pr\u00e9l\u00e8vement  d'eau,  n'est  plus  exploit\u00e9  pour  la  \nconsommation  humaine  pour  des  probl\u00e8mes  de  qualit\u00e9  dus  \u00e0  un  m\u00e9lange  de  nappes  et  des  \ninfiltrations d'eaux de ruissellement.\nLe rapport du bureau d'\u00e9tude HYDROGEOLO GUES CONSEIL en date du 21 mai 2025, a \u00e9tabli le  \nprotocole de comblement du forage.\nLe comblement du forage de \u00ab \u00a0La Bonneti\u00e8re\u00a0\u00bb n'induit pas de risque quant \u00e0 la s\u00e9curisation de  \nl'alimentation en eau destin\u00e9e \u00e0 la consommation humaine de la commune de Ballan-Mir\u00e9.\nSur proposition de la secr\u00e9taire g\u00e9n\u00e9rale de la pr\u00e9fecture d'Indre-et-Loire,\nARR\u00caTE\nArticle 1er\u00a0:\nL'arr\u00eat\u00e9 pr\u00e9fectoral du 27 octobre 1999 d\u00e9clarant d'utilit\u00e9 publique les p\u00e9rim\u00e8tres de protection du \nforage de \u00ab\u00a0La Bonneti\u00e8re\u00a0\u00bb sur la commune de Ballan-Mir\u00e9, et autorisant l'utilisation de l'eau pr\u00e9lev\u00e9e \ndans cet ouvrage en vue de la consommation humaine, est abrog\u00e9.\nArticle 2\u00a0:\nLes servitudes d'utilit\u00e9 publique associ\u00e9es aux p\u00e9rim\u00e8tres de protection sont supprim\u00e9es.\nArticle 3\u00a0:\nLe forage dit \u00ab \u00a0La Bonneti\u00e8re\u00a0\u00bb situ\u00e9 sur la commune de  Ballan-Mir\u00e9 fait l'objet d'un comblement  \nd\u00e9finitif.\nCe  comblement  est  r\u00e9alis\u00e9  par  Tours  M\u00e9tropole  Val  de  Loire,  propri\u00e9taire  de  l'ouvrage,  \nconform\u00e9ment  aux  r\u00e8gles  de  l'art  (norme  NF  X10-999  d'avril  2007)  et  dans  le  respect  des  \nprescriptions  techniques  applicables  aux  forages  et  ouvrages  souterrains,  notamment  celles  \nd\u00e9finies par l'arr\u00eat\u00e9 du 11 septembre 2003 susvis\u00e9.\nLes op\u00e9rations de comblement sont r\u00e9alis\u00e9es conform\u00e9ment au protocole \u00e9tabli dans le rapport du \nbureau d'\u00e9tude HYDROGEOLOGUES CONSEIL en date du 21 mai 2025.\n\u00c0 l'issue des  travaux et dans un d\u00e9lai de deux mois,  un compte rendu de r\u00e9alisation devra \u00eatre  \ntransmis \u00e0 la direction d\u00e9partementale des territoires et \u00e0 l'agence r\u00e9gionale de sant\u00e9.\nArticle 4\u00a0:\nLe pr\u00e9sent arr\u00eat\u00e9 sera publi\u00e9 au recueil des actes administratifs de la pr\u00e9fecture d'Indre-et-Loire et \nnotifi\u00e9 \u00e0 la commune concern\u00e9e.\nArticle 5\u00a0:\n2/3\nPr\u00e9fecture d'Indre et Loire - 37-2026-04-24-00003 - 2026 04 17 AP AB Bonnetiere BALLAN-MIRE 5\nLe pr\u00e9sent arr\u00eat\u00e9 sera affich\u00e9 en mairie de Ballan-Mir\u00e9 pendant une dur\u00e9e minimale de deux mois  \npar les soins du maire. Une mention de cet affichage sera  ins\u00e9r\u00e9e aux frais du b\u00e9n\u00e9ficiaire en  \ncaract\u00e8res apparents dans deux journaux diffus\u00e9s dans le d\u00e9partement.\nArticle 6\u00a0:\nDans un d\u00e9lai de deux mois \u00e0 compter de la date de notification de la pr\u00e9sente d\u00e9cision, les  \nrecours suivants peuvent \u00eatre introduits, conform\u00e9ment aux dispositions de l'article R. 421-1 et  \nsuivants du code de justice administrative et du livre IV du code des relations entre le public et  \nl'administration :\n\u2013\u00a0un recours gracieux, adress\u00e9 au pr\u00e9fet d'Indre-et-Loire\u00a0;\n\u2013\u00a0un recours hi\u00e9rarchique, adress\u00e9 \u00e0 la ministre de la Sant\u00e9, des Familles, de l'Autonomie et des  \nPersonnes handicap\u00e9es.\nDans ces deux cas, le silence de l'administration vaut rejet implicite au terme d'un d\u00e9lai de deux  \nmois.\nApr\u00e8s un recours gracieux ou hi\u00e9rarchique, le d\u00e9lai du recours contentieux ne court qu'\u00e0 compter  \ndu rejet explicite ou implicite de l'un de ces recours.\n\u2013 un recours contentieux, en saisissant le tribunal administratif d'Orl\u00e9ans, 28 rue de la Bretonnerie,  \n45 057 Orl\u00e9ans cedex 1.\nLe  tribunal  administratif  peut  \u00e9galement  \u00eatre  saisi  par  l'application  informatique  T\u00e9l\u00e9recours  \naccessible par le site internet www.telerecours.fr\nArticle 7\u00a0:\nLa secr\u00e9taire g\u00e9n\u00e9rale de la pr\u00e9fecture d'Indre-et-Loire, le pr\u00e9sident de Tours M\u00e9tropole Val de  \nLoire, le maire de la commune de  Ballan-Mir\u00e9, la directrice d\u00e9partementale des territoires et la  \nd\u00e9l\u00e9gu\u00e9e  d\u00e9partementale  de  l'agence  r\u00e9gionale  de  sant\u00e9,  sont  charg\u00e9s,  chacun  en  ce  qui  le  \nconcerne, de l'ex\u00e9cution du pr\u00e9sent arr\u00eat\u00e9 qui sera notifi\u00e9 au b\u00e9n\u00e9ficiaire.\nFait \u00e0 Tours, le 24 avril 2026\nPour le pr\u00e9fet et par d\u00e9l\u00e9gation,\nLa secr\u00e9taire g\u00e9n\u00e9rale adjointe\n[sign\u00e9]\nSandrine JAUMIER\n3/3\nPr\u00e9fecture d'Indre et Loire - 37-2026-04-24-00003 - 2026 04 17 AP AB Bonnetiere BALLAN-MIRE 6","date":"2026-04-27","first_seen_on":"2026-04-27T07:31:58+00:00","id":"cb5c80e9d0b5c8007c85a1e2de37d38bd7e0814f3503789d947c0c08fe610f14","name":"2026.04.27 RAA sp\u00e9cial 2026_04_17_AP AB Bonnetiere_BALLAN-MIRE","pdf_creation_date":"2026-04-27T06:57:34+00:00","pdf_modification_date":null,"timezone":"Europe/Paris","url":"https://www.indre-et-loire.gouv.fr/contenu/telechargement/50247/376864/file/2026.04.27%20RAA%20sp%C3%A9cial%202026_04_17_AP%20AB%20Bonnetiere_BALLAN-MIRE.pdf"}
